{"id":32291,"date":"2024-03-21T14:04:14","date_gmt":"2024-03-21T17:04:14","guid":{"rendered":"https:\/\/lajes.rn.gov.br\/transparente\/index\/?p=32291"},"modified":"2024-03-27T14:07:39","modified_gmt":"2024-03-27T17:07:39","slug":"lei-municipal-n-983-2024-institui-e-inclui-no-calendario-oficial-de-eventos-e-festas-do-municipio-de-lajes-rn-o-dia-municipal-do-capoeirista-e-da-outras-providencias-2","status":"publish","type":"post","link":"https:\/\/lajes.rn.gov.br\/transparente\/index\/lei-municipal-n-983-2024-institui-e-inclui-no-calendario-oficial-de-eventos-e-festas-do-municipio-de-lajes-rn-o-dia-municipal-do-capoeirista-e-da-outras-providencias-2\/","title":{"rendered":"LEI MUNICIPAL N\u00b0 983\/2024 &#8211; \u201cInstitui e inclui no calend\u00e1rio oficial de eventos e festas, do munic\u00edpio de Lajes\/RN, o dia municipal do capoeirista e d\u00e1 outras provid\u00eancias.\u201d"},"content":{"rendered":"<div id=\"separador\" class=\"cabecalhoEstadoSeparador cabecalhoEstadoSeparador1\">\n<p style=\"text-align: center;\"><strong>ESTADO DO RIO GRANDE DO NORTE<\/strong><br \/>\n<strong>PREFEITURA MUNICIPAL DE LAJES<\/strong><\/p>\n<\/div>\n<p class=\"cabecaorgao\" style=\"text-align: center;\"><strong>GABINETE DO PREFEITO<\/strong><\/p>\n<hr \/>\n<div id=\"materia\" class=\"materia materia20091123 materia1\">\n<p>LEI MUNICIPAL N\u00b0 983, DE 21 DE MAR\u00c7O DE 2024.<\/p>\n<div class=\"mat\">\u201cInstitui e inclui no calend\u00e1rio oficial de eventos e festas, do munic\u00edpio de Lajes\/RN, o dia municipal do capoeirista e d\u00e1 outras provid\u00eancias.\u201d<\/div>\n<p>&nbsp;<\/p>\n<p><b>O PREFEITO CONSTITUCIONAL DO MUNIC\u00cdPIO DE LAJES, ESTADO DO RIO GRANDE DO NORTE,\u00a0<\/b>no uso das atribui\u00e7\u00f5es que lhe s\u00e3o conferidas pela Lei Org\u00e2nica Municipal, faz saber que a C\u00e2mara Municipal aprovou e eu sanciono a seguinte Lei:<\/p>\n<p>&nbsp;<\/p>\n<p><b>Art. 1\u00ba\u00a0<\/b>Fica institu\u00eddo e inclu\u00eddo no calend\u00e1rio oficial de eventos e festas do munic\u00edpio de Lajes\/RN, o Dia Municipal do Capoeirista a ser realizado anualmente, no dia 03 de agosto, coincidindo com o dia do capoeirista, comemorando em 03 de agosto. Decorrente da lei n\u00ba 4649\/1985<\/p>\n<p><b>Art. 2\u00ba\u00a0<\/b>Os objetivos principais do Dia do Capoeirista como pol\u00edtica p\u00fablica s\u00e3o:<\/p>\n<p>\u2013 Estimular a\u00e7\u00f5es e atividades educativas, de promo\u00e7\u00e3o e divulga\u00e7\u00e3o da capoeira para a popula\u00e7\u00e3o geral.<\/p>\n<p>\u2013 Divulgar os benef\u00edcios da pr\u00e1tica da capoeira.<\/p>\n<p>\u2013 Aprimorar a arte da capoeira em seus variados aspectos e forma no munic\u00edpio, por meio de debates, palestras promo\u00e7\u00f5es, exposi\u00e7\u00f5es e apresenta\u00e7\u00f5es entres outros.<\/p>\n<p><b>Art. 3\u00ba\u00a0<\/b>Os poderes executivo e legislativo, em conjunto com a secretaria municipal de cultura e a Escola Legislativa Cezar Milit\u00e3o, poder\u00e3o promover, durante o Dia do Capoeirista, institu\u00eddo por essa lei, uma s\u00e9rie de a\u00e7\u00f5es e atividades, contando com a colabora\u00e7\u00e3o de entidade e \u00f3rg\u00e3os relacionados com o setor, para a consecu\u00e7\u00e3o das disposi\u00e7\u00f5es desta lei.<\/p>\n<p><b>Art. 4\u00ba\u00a0<\/b>Durante o Dia do Capoeirista, poder\u00e3o tamb\u00e9m, a crit\u00e9rio da municipalidade, ser homenageadas pessoas, grupos que tenham se destacado nessa modalidade no ano em curso e\/ou nos \u00faltimos 12 meses da data 03 de agosto.<\/p>\n<p><b>Art. 5\u00ba\u00a0<\/b>Esta lei entra em vigor na data de sua publica\u00e7\u00e3o, revogadas as disposi\u00e7\u00f5es em contr\u00e1rio.<\/p>\n<p>Registra-se, Publique-se e Cumpra-se.<\/p>\n<p>&nbsp;<\/p>\n<p><b>Gabinete do Prefeito Municipal de Lajes\/RN,\u00a0<\/b><b>em 21 de mar\u00e7o de 2024.<\/b><\/p>\n<p>&nbsp;<\/p>\n<p>&nbsp;<\/p>\n<p><b><i>FELIPE FERREIRA DE MENEZES ARA\u00daJO<\/i><\/b><\/p>\n<p><b><i><\/i><\/b>&nbsp;<\/p>\n<p>Prefeito Municipal<\/p>\n<p>&nbsp;<\/p>\n<div align=\"right\">\n<b>Publicado por:<\/b><br \/>\nRobson Augusto Cosme Souza<br \/>\n<b>C\u00f3digo Identificador:<\/b>28EF483C<\/div>\n<p>&nbsp;<\/p>\n<hr \/>\n<p>Mat\u00e9ria publicada no Di\u00e1rio Oficial dos Munic\u00edpios do Estado do Rio Grande do Norte no dia 25\/03\/2024. Edi\u00e7\u00e3o 3249<br \/>\nA verifica\u00e7\u00e3o de autenticidade da mat\u00e9ria pode ser feita informando o c\u00f3digo identificador no site:<br \/>\nhttps:\/\/www.diariomunicipal.com.br\/femurn\/<\/p><\/div>\n<div class=\"pdfprnt-buttons pdfprnt-buttons-post pdfprnt-bottom-right\"><a href=\"https:\/\/lajes.rn.gov.br\/transparente\/index\/wp-json\/wp\/v2\/posts\/32291?print=pdf\" class=\"pdfprnt-button pdfprnt-button-pdf\" target=\"_blank\" ><img decoding=\"async\" src=\"https:\/\/lajes.rn.gov.br\/transparente\/index\/wp-content\/plugins\/pdf-print\/images\/pdf.png\" alt=\"image_pdf\" title=\"Ver PDF\" \/><\/a><a href=\"https:\/\/lajes.rn.gov.br\/transparente\/index\/wp-json\/wp\/v2\/posts\/32291?print=print\" class=\"pdfprnt-button pdfprnt-button-print\" target=\"_blank\" ><img decoding=\"async\" src=\"https:\/\/lajes.rn.gov.br\/transparente\/index\/wp-content\/plugins\/pdf-print\/images\/print.png\" alt=\"image_print\" title=\"Conte\u00fado de impress\u00e3o\" \/><\/a><\/div>","protected":false},"excerpt":{"rendered":"<p>ESTADO DO RIO GRANDE DO NORTE PREFEITURA MUNICIPAL DE LAJES GABINETE DO PREFEITO LEI MUNICIPAL N\u00b0 983, DE 21 DE MAR\u00c7O DE 2024. \u201cInstitui e inclui no calend\u00e1rio oficial de eventos e festas, do munic\u00edpio de Lajes\/RN, o dia municipal do capoeirista e d\u00e1 outras provid\u00eancias.\u201d &nbsp; O PREFEITO CONSTITUCIONAL DO MUNIC\u00cdPIO DE LAJES, ESTADO [&hellip;]<\/p>\n","protected":false},"author":3,"featured_media":0,"comment_status":"closed","ping_status":"closed","sticky":false,"template":"","format":"standard","meta":{"ocean_post_layout":"","ocean_both_sidebars_style":"","ocean_both_sidebars_content_width":0,"ocean_both_sidebars_sidebars_width":0,"ocean_sidebar":"","ocean_second_sidebar":"","ocean_disable_margins":"enable","ocean_add_body_class":"","ocean_shortcode_before_top_bar":"","ocean_shortcode_after_top_bar":"","ocean_shortcode_before_header":"","ocean_shortcode_after_header":"","ocean_has_shortcode":"","ocean_shortcode_after_title":"","ocean_shortcode_before_footer_widgets":"","ocean_shortcode_after_footer_widgets":"","ocean_shortcode_before_footer_bottom":"","ocean_shortcode_after_footer_bottom":"","ocean_display_top_bar":"default","ocean_display_header":"default","ocean_header_style":"","ocean_center_header_left_menu":"","ocean_custom_header_template":"","ocean_custom_logo":0,"ocean_custom_retina_logo":0,"ocean_custom_logo_max_width":0,"ocean_custom_logo_tablet_max_width":0,"ocean_custom_logo_mobile_max_width":0,"ocean_custom_logo_max_height":0,"ocean_custom_logo_tablet_max_height":0,"ocean_custom_logo_mobile_max_height":0,"ocean_header_custom_menu":"","ocean_menu_typo_font_family":"","ocean_menu_typo_font_subset":"","ocean_menu_typo_font_size":0,"ocean_menu_typo_font_size_tablet":0,"ocean_menu_typo_font_size_mobile":0,"ocean_menu_typo_font_size_unit":"px","ocean_menu_typo_font_weight":"","ocean_menu_typo_font_weight_tablet":"","ocean_menu_typo_font_weight_mobile":"","ocean_menu_typo_transform":"","ocean_menu_typo_transform_tablet":"","ocean_menu_typo_transform_mobile":"","ocean_menu_typo_line_height":0,"ocean_menu_typo_line_height_tablet":0,"ocean_menu_typo_line_height_mobile":0,"ocean_menu_typo_line_height_unit":"","ocean_menu_typo_spacing":0,"ocean_menu_typo_spacing_tablet":0,"ocean_menu_typo_spacing_mobile":0,"ocean_menu_typo_spacing_unit":"","ocean_menu_link_color":"","ocean_menu_link_color_hover":"","ocean_menu_link_color_active":"","ocean_menu_link_background":"","ocean_menu_link_hover_background":"","ocean_menu_link_active_background":"","ocean_menu_social_links_bg":"","ocean_menu_social_hover_links_bg":"","ocean_menu_social_links_color":"","ocean_menu_social_hover_links_color":"","ocean_disable_title":"default","ocean_disable_heading":"default","ocean_post_title":"","ocean_post_subheading":"","ocean_post_title_style":"","ocean_post_title_background_color":"","ocean_post_title_background":0,"ocean_post_title_bg_image_position":"","ocean_post_title_bg_image_attachment":"","ocean_post_title_bg_image_repeat":"","ocean_post_title_bg_image_size":"","ocean_post_title_height":0,"ocean_post_title_bg_overlay":0.5,"ocean_post_title_bg_overlay_color":"","ocean_disable_breadcrumbs":"default","ocean_breadcrumbs_color":"","ocean_breadcrumbs_separator_color":"","ocean_breadcrumbs_links_color":"","ocean_breadcrumbs_links_hover_color":"","ocean_display_footer_widgets":"default","ocean_display_footer_bottom":"default","ocean_custom_footer_template":"","ocean_post_oembed":"","ocean_post_self_hosted_media":"","ocean_post_video_embed":"","ocean_link_format":"","ocean_link_format_target":"self","ocean_quote_format":"","ocean_quote_format_link":"post","ocean_gallery_link_images":"on","ocean_gallery_id":[],"footnotes":""},"categories":[2,49,198],"tags":[],"class_list":["post-32291","post","type-post","status-publish","format-standard","hentry","category-legislacao","category-leis-municipais","category-leis-municipais-2024","entry"],"_links":{"self":[{"href":"https:\/\/lajes.rn.gov.br\/transparente\/index\/wp-json\/wp\/v2\/posts\/32291","targetHints":{"allow":["GET"]}}],"collection":[{"href":"https:\/\/lajes.rn.gov.br\/transparente\/index\/wp-json\/wp\/v2\/posts"}],"about":[{"href":"https:\/\/lajes.rn.gov.br\/transparente\/index\/wp-json\/wp\/v2\/types\/post"}],"author":[{"embeddable":true,"href":"https:\/\/lajes.rn.gov.br\/transparente\/index\/wp-json\/wp\/v2\/users\/3"}],"replies":[{"embeddable":true,"href":"https:\/\/lajes.rn.gov.br\/transparente\/index\/wp-json\/wp\/v2\/comments?post=32291"}],"version-history":[{"count":1,"href":"https:\/\/lajes.rn.gov.br\/transparente\/index\/wp-json\/wp\/v2\/posts\/32291\/revisions"}],"predecessor-version":[{"id":32292,"href":"https:\/\/lajes.rn.gov.br\/transparente\/index\/wp-json\/wp\/v2\/posts\/32291\/revisions\/32292"}],"wp:attachment":[{"href":"https:\/\/lajes.rn.gov.br\/transparente\/index\/wp-json\/wp\/v2\/media?parent=32291"}],"wp:term":[{"taxonomy":"category","embeddable":true,"href":"https:\/\/lajes.rn.gov.br\/transparente\/index\/wp-json\/wp\/v2\/categories?post=32291"},{"taxonomy":"post_tag","embeddable":true,"href":"https:\/\/lajes.rn.gov.br\/transparente\/index\/wp-json\/wp\/v2\/tags?post=32291"}],"curies":[{"name":"wp","href":"https:\/\/api.w.org\/{rel}","templated":true}]}}