{"id":31639,"date":"2024-01-30T09:56:45","date_gmt":"2024-01-30T12:56:45","guid":{"rendered":"https:\/\/lajes.rn.gov.br\/transparente\/index\/?p=31639"},"modified":"2024-02-01T09:59:51","modified_gmt":"2024-02-01T12:59:51","slug":"novo-edital-pregao-eletronico-srp-no-051-2023","status":"publish","type":"post","link":"https:\/\/lajes.rn.gov.br\/transparente\/index\/novo-edital-pregao-eletronico-srp-no-051-2023\/","title":{"rendered":"NOVO EDITAL PREG\u00c3O ELETR\u00d4NICO SRP N\u00ba 051\/2023"},"content":{"rendered":"<p style=\"text-align: center;\"><strong>NOVO EDITAL PREG\u00c3O ELETR\u00d4NICO SRP N\u00ba 051\/2023<\/strong><br \/>\n<strong>SISTEMA DE REGISTRO DE PRE\u00c7OS<\/strong><br \/>\n<strong>PROCESSO ADMINISTRATIVO N\u00ba 1065\/2023<\/strong><br \/>\n<strong>LICITA\u00c7\u00c3O N\u00ba 182\/2023<\/strong><\/p>\n<p>LEI FEDERAL N\u00ba 14.133, DE 1\u00ba DE ABRIL DE 2021, DECRETO FEDERAL N\u00ba 11.462, DE 31 DE MAR\u00c7O DE 2023, DECRETO MUNICIPAL N\u00ba 011 DE 24 DE MAR\u00c7O DE 2023 E DEMAIS LEGISLA\u00c7\u00c3O.<\/p>\n<p>O MUNIC\u00cdPIO DE LAJES\/RN, TORNA P\u00daBLICO, PARA CONHECIMENTO DOS INTERESSADOS, QUE A PREFEITURA MUNICIPAL, REALIZAR\u00c1 LICITA\u00c7\u00c3O NA MODALIDADE PREG\u00c3O, NA FORMA ELETR\u00d4NICA, COM CRIT\u00c9RIO DE JULGAMENTO MENOR PRE\u00c7O POR LOTE, NOS TERMOS DA LEI FEDERAL N\u00ba 14.133, DE 1\u00ba DE ABRIL DE 2021, DO DECRETO FEDERAL N\u00ba 11.462, DE 31 DE MAR\u00c7O DE 2023, DECRETO MUNICIPAL N\u00ba 011 DE 24 DE MAR\u00c7O DE 2023 E DEMAIS LEGISLA\u00c7\u00c3O APLIC\u00c1VEL E, AINDA, DE ACORDO COM AS CONDI\u00c7\u00d5ES ESTABELECIDAS NESTE EDITAL. LEI COMPLEMENTAR N\u00ba 123\/06 E 147\/2014, SUBSIDIARIAMENTE, PELA LEI N\u00ba 14.133\/2021 E DEMAIS LEGISLA\u00c7\u00c3O, SOB AS CONDI\u00c7\u00d5ES ESTABELECIDAS NESTE ATO CONVOCAT\u00d3RIO E ANEXOS.<\/p>\n<p>Os trabalhos ser\u00e3o conduzidos por servidor designado, denominado Pregoeiro, mediante a inser\u00e7\u00e3o e monitoramento de dados gerados ou transferidos diretamente para a p\u00e1gina eletr\u00f4nica www.portaldecompraspublicas.com.br. O servidor ter\u00e1, dentre outras, as seguintes atribui\u00e7\u00f5es: coordenar o processo licitat\u00f3rio; receber, examinar e decidir as impugna\u00e7\u00f5es e<br \/>\nconsultas ao edital, apoiado pela sua equipe respons\u00e1vel pela sua elabora\u00e7\u00e3o; conduzir a sess\u00e3o p\u00fablica na internet; verificar a conformidade da proposta com os requisitos estabelecidos neste edital; dirigir a etapa de lances; verificar e julgar as condi\u00e7\u00f5es de habilita\u00e7\u00e3o; receber, examinar e decidir os recursos, encaminhando \u00e0 autoridade competente quando mantiver sua decis\u00e3o; indicar o vencedor do certame; conduzir os trabalhos da equipe de apoio; e encaminhar o processo devidamente instru\u00eddo a autoridade respons\u00e1vel pela adjudica\u00e7\u00e3o e propor a homologa\u00e7\u00e3o.<\/p>\n<p><a href=\"https:\/\/lajes.rn.gov.br\/transparente\/index\/wp-content\/uploads\/2024\/02\/043-NOVO-EDITAL-DO-PREGAO-ELETRONICO-051.2023-SERVICOS-FUNERARIOS.pdf\">== ACESSE AQUI O NOVO EDITAL PREG\u00c3O ELETR\u00d4NICO SRP N\u00ba 051\/2023 NA \u00cdNTEGRA<\/a><\/p>\n<div class=\"pdfprnt-buttons pdfprnt-buttons-post pdfprnt-bottom-right\"><a href=\"https:\/\/lajes.rn.gov.br\/transparente\/index\/wp-json\/wp\/v2\/posts\/31639?print=pdf\" class=\"pdfprnt-button pdfprnt-button-pdf\" target=\"_blank\" ><img decoding=\"async\" src=\"https:\/\/lajes.rn.gov.br\/transparente\/index\/wp-content\/plugins\/pdf-print\/images\/pdf.png\" alt=\"image_pdf\" title=\"Ver PDF\" \/><\/a><a href=\"https:\/\/lajes.rn.gov.br\/transparente\/index\/wp-json\/wp\/v2\/posts\/31639?print=print\" class=\"pdfprnt-button pdfprnt-button-print\" target=\"_blank\" ><img decoding=\"async\" src=\"https:\/\/lajes.rn.gov.br\/transparente\/index\/wp-content\/plugins\/pdf-print\/images\/print.png\" alt=\"image_print\" title=\"Conte\u00fado de impress\u00e3o\" \/><\/a><\/div>","protected":false},"excerpt":{"rendered":"<p>NOVO EDITAL PREG\u00c3O ELETR\u00d4NICO SRP N\u00ba 051\/2023 SISTEMA DE REGISTRO DE PRE\u00c7OS PROCESSO ADMINISTRATIVO N\u00ba 1065\/2023 LICITA\u00c7\u00c3O N\u00ba 182\/2023 LEI FEDERAL N\u00ba 14.133, DE 1\u00ba DE ABRIL DE 2021, DECRETO FEDERAL N\u00ba 11.462, DE 31 DE MAR\u00c7O DE 2023, DECRETO MUNICIPAL N\u00ba 011 DE 24 DE MAR\u00c7O DE 2023 E DEMAIS LEGISLA\u00c7\u00c3O. O MUNIC\u00cdPIO DE [&hellip;]<\/p>\n","protected":false},"author":3,"featured_media":0,"comment_status":"closed","ping_status":"closed","sticky":false,"template":"","format":"standard","meta":{"ocean_post_layout":"","ocean_both_sidebars_style":"","ocean_both_sidebars_content_width":0,"ocean_both_sidebars_sidebars_width":0,"ocean_sidebar":"","ocean_second_sidebar":"","ocean_disable_margins":"enable","ocean_add_body_class":"","ocean_shortcode_before_top_bar":"","ocean_shortcode_after_top_bar":"","ocean_shortcode_before_header":"","ocean_shortcode_after_header":"","ocean_has_shortcode":"","ocean_shortcode_after_title":"","ocean_shortcode_before_footer_widgets":"","ocean_shortcode_after_footer_widgets":"","ocean_shortcode_before_footer_bottom":"","ocean_shortcode_after_footer_bottom":"","ocean_display_top_bar":"default","ocean_display_header":"default","ocean_header_style":"","ocean_center_header_left_menu":"","ocean_custom_header_template":"","ocean_custom_logo":0,"ocean_custom_retina_logo":0,"ocean_custom_logo_max_width":0,"ocean_custom_logo_tablet_max_width":0,"ocean_custom_logo_mobile_max_width":0,"ocean_custom_logo_max_height":0,"ocean_custom_logo_tablet_max_height":0,"ocean_custom_logo_mobile_max_height":0,"ocean_header_custom_menu":"","ocean_menu_typo_font_family":"","ocean_menu_typo_font_subset":"","ocean_menu_typo_font_size":0,"ocean_menu_typo_font_size_tablet":0,"ocean_menu_typo_font_size_mobile":0,"ocean_menu_typo_font_size_unit":"px","ocean_menu_typo_font_weight":"","ocean_menu_typo_font_weight_tablet":"","ocean_menu_typo_font_weight_mobile":"","ocean_menu_typo_transform":"","ocean_menu_typo_transform_tablet":"","ocean_menu_typo_transform_mobile":"","ocean_menu_typo_line_height":0,"ocean_menu_typo_line_height_tablet":0,"ocean_menu_typo_line_height_mobile":0,"ocean_menu_typo_line_height_unit":"","ocean_menu_typo_spacing":0,"ocean_menu_typo_spacing_tablet":0,"ocean_menu_typo_spacing_mobile":0,"ocean_menu_typo_spacing_unit":"","ocean_menu_link_color":"","ocean_menu_link_color_hover":"","ocean_menu_link_color_active":"","ocean_menu_link_background":"","ocean_menu_link_hover_background":"","ocean_menu_link_active_background":"","ocean_menu_social_links_bg":"","ocean_menu_social_hover_links_bg":"","ocean_menu_social_links_color":"","ocean_menu_social_hover_links_color":"","ocean_disable_title":"default","ocean_disable_heading":"default","ocean_post_title":"","ocean_post_subheading":"","ocean_post_title_style":"","ocean_post_title_background_color":"","ocean_post_title_background":0,"ocean_post_title_bg_image_position":"","ocean_post_title_bg_image_attachment":"","ocean_post_title_bg_image_repeat":"","ocean_post_title_bg_image_size":"","ocean_post_title_height":0,"ocean_post_title_bg_overlay":0.5,"ocean_post_title_bg_overlay_color":"","ocean_disable_breadcrumbs":"default","ocean_breadcrumbs_color":"","ocean_breadcrumbs_separator_color":"","ocean_breadcrumbs_links_color":"","ocean_breadcrumbs_links_hover_color":"","ocean_display_footer_widgets":"default","ocean_display_footer_bottom":"default","ocean_custom_footer_template":"","ocean_post_oembed":"","ocean_post_self_hosted_media":"","ocean_post_video_embed":"","ocean_link_format":"","ocean_link_format_target":"self","ocean_quote_format":"","ocean_quote_format_link":"post","ocean_gallery_link_images":"on","ocean_gallery_id":[],"footnotes":""},"categories":[85,88,3,90,171],"tags":[],"class_list":["post-31639","post","type-post","status-publish","format-standard","hentry","category-editais-de-licitacao","category-editais-de-licitacao-2023","category-licitacao","category-pregao-eletronico","category-pregao-eletronico-2023","entry"],"_links":{"self":[{"href":"https:\/\/lajes.rn.gov.br\/transparente\/index\/wp-json\/wp\/v2\/posts\/31639","targetHints":{"allow":["GET"]}}],"collection":[{"href":"https:\/\/lajes.rn.gov.br\/transparente\/index\/wp-json\/wp\/v2\/posts"}],"about":[{"href":"https:\/\/lajes.rn.gov.br\/transparente\/index\/wp-json\/wp\/v2\/types\/post"}],"author":[{"embeddable":true,"href":"https:\/\/lajes.rn.gov.br\/transparente\/index\/wp-json\/wp\/v2\/users\/3"}],"replies":[{"embeddable":true,"href":"https:\/\/lajes.rn.gov.br\/transparente\/index\/wp-json\/wp\/v2\/comments?post=31639"}],"version-history":[{"count":1,"href":"https:\/\/lajes.rn.gov.br\/transparente\/index\/wp-json\/wp\/v2\/posts\/31639\/revisions"}],"predecessor-version":[{"id":31640,"href":"https:\/\/lajes.rn.gov.br\/transparente\/index\/wp-json\/wp\/v2\/posts\/31639\/revisions\/31640"}],"wp:attachment":[{"href":"https:\/\/lajes.rn.gov.br\/transparente\/index\/wp-json\/wp\/v2\/media?parent=31639"}],"wp:term":[{"taxonomy":"category","embeddable":true,"href":"https:\/\/lajes.rn.gov.br\/transparente\/index\/wp-json\/wp\/v2\/categories?post=31639"},{"taxonomy":"post_tag","embeddable":true,"href":"https:\/\/lajes.rn.gov.br\/transparente\/index\/wp-json\/wp\/v2\/tags?post=31639"}],"curies":[{"name":"wp","href":"https:\/\/api.w.org\/{rel}","templated":true}]}}