{"id":30741,"date":"2023-10-24T11:30:43","date_gmt":"2023-10-24T14:30:43","guid":{"rendered":"https:\/\/lajes.rn.gov.br\/transparente\/index\/?p=30741"},"modified":"2023-10-26T11:33:13","modified_gmt":"2023-10-26T14:33:13","slug":"homologacao-das-inscricoes-dos-candidatos-inscritos-no-processo-seletivo-simplificado-no-001-2023","status":"publish","type":"post","link":"https:\/\/lajes.rn.gov.br\/transparente\/index\/homologacao-das-inscricoes-dos-candidatos-inscritos-no-processo-seletivo-simplificado-no-001-2023\/","title":{"rendered":"HOMOLOGA\u00c7\u00c3O DAS INSCRI\u00c7\u00d5ES DOS CANDIDATOS INSCRITOS NO PROCESSO SELETIVO SIMPLIFICADO N\u00ba 001\/2023"},"content":{"rendered":"<p>[et_pb_section][et_pb_row][et_pb_column type=&#8221;4_4&#8243;][et_pb_text]<\/p>\n<div id=\"separador\" class=\"cabecalhoEstadoSeparador cabecalhoEstadoSeparador1\">\n<p style=\"text-align: center;\"><strong>ESTADO DO RIO GRANDE DO NORTE<\/strong><br \/>\n<strong>PREFEITURA MUNICIPAL DE LAJES<\/strong><\/p>\n<\/div>\n<p class=\"cabecaorgao\" style=\"text-align: center;\"><strong>GABINETE DO PREFEITO<\/strong><\/p>\n<hr \/>\n<div id=\"materia\" class=\"materia materia20091123 materia1\">\n<p>HOMOLOGA\u00c7\u00c3O DAS INSCRI\u00c7\u00d5ES<\/p>\n<div class=\"mat\"><b>DOS CANDIDATOS INSCRITOS NO PROCESSO SELETIVO SIMPLIFICADO N\u00ba 001\/2023<\/b><\/div>\n<p>&nbsp;<\/p>\n<p><b>DOS CANDIDATOS APTOS PARA AVALIA\u00c7\u00c3O DO PROJETO EDUCACIONAL ADMINISTRATIVO E PEDAG\u00d3GICO (GEST\u00c3O BIENAL) E DA ENTREVISTA.<\/b><\/p>\n<p>&nbsp;<\/p>\n<p><b>2 DAS VAGAS, FUN\u00c7\u00d5ES GRATIFICADAS E ATRIBUI\u00c7\u00d5ES<\/b><\/p>\n<p><b>2.2.1 Centro Municipal de Educa\u00e7\u00e3o Infantil Profa. Lindalva Pereira Alves:<\/b><\/p>\n<p><b>CANDIDATA INSCRITA<\/b><\/p>\n<p>Francisca Auxiliadora Farias da Silva<\/p>\n<p>CPF: 553.396.464-91<\/p>\n<p>Atendeu aos crit\u00e9rios dos documentos necess\u00e1rios a serem entregues no ato da inscri\u00e7\u00e3o.<\/p>\n<p>&nbsp;<\/p>\n<p><b>2.2.2 Centro de A\u00e7\u00f5es Integradas Gov. Geraldo Melo:<\/b><\/p>\n<p><b>CANDIDATA INSCRITA<\/b><\/p>\n<p>Maria de F\u00e1tima Varela<\/p>\n<p>CPF: 938.054.464-20<\/p>\n<p>Atendeu aos crit\u00e9rios dos documentos necess\u00e1rios a serem entregues no ato da inscri\u00e7\u00e3o.<\/p>\n<p>&nbsp;<\/p>\n<p><b>2.2.3 Escola Municipal Monsenhor Vicente de Paula:<\/b><\/p>\n<p><b>CANDIDATA INSCRITA<\/b><\/p>\n<p>Josefa das Vit\u00f3rias de Lima Lacerda<\/p>\n<p>CPF: 049.208.524-28<\/p>\n<p>Atendeu aos crit\u00e9rios dos documentos necess\u00e1rios a serem entregues no ato da inscri\u00e7\u00e3o.<\/p>\n<p>&nbsp;<\/p>\n<p><b>2.2.4 Escola Municipal Profa. Marta Bezerra:<\/b><\/p>\n<p><b>CANDIDATA INSCRITA<\/b><\/p>\n<p>Ang\u00e9lica Necilda Dantas da Silva Andrade<\/p>\n<p>CPF: 455.020.724-87<\/p>\n<p>Atendeu aos crit\u00e9rios dos documentos necess\u00e1rios a serem entregues no ato da inscri\u00e7\u00e3o.<\/p>\n<p>&nbsp;<\/p>\n<p><b>2.2.5 Escola Municipal Dr. Eloy de Souza:<\/b><\/p>\n<p>N\u00e3o houve candidatos inscritos<\/p>\n<p>&nbsp;<\/p>\n<p><b>2.2.6 Centro Integrado de Educa\u00e7\u00e3o de Jovens e Adultos Professora Juraci Soares de Melo:<\/b><\/p>\n<p><b>CANDIDATA INSCRITA<\/b><\/p>\n<p>Kalliane Cristina de Souza Tavares<\/p>\n<p>CPF: 089.722.194-01<\/p>\n<p>Atendeu aos crit\u00e9rios dos documentos necess\u00e1rios a serem entregues no ato da inscri\u00e7\u00e3o.<\/p>\n<p>&nbsp;<\/p>\n<p><b>2.2.7 Escola Municipal Al\u00edpio Am\u00e2ncio Pereira \u2013 Zona Rural:<\/b><\/p>\n<p><b>CANDIDATA INSCRITA<\/b><\/p>\n<p>Fabiana Teixeira da Silva Pereira<\/p>\n<p>CPF: 083.422.484-45<\/p>\n<p>Atendeu aos crit\u00e9rios dos documentos necess\u00e1rios a serem entregues no ato da inscri\u00e7\u00e3o.<\/p>\n<p>&nbsp;<\/p>\n<p><b>2.2.8 Escola Municipal Francisco Garcia \u2013 Zona Rural:<\/b><\/p>\n<p><b>CANDIDATO INSCRITO<\/b><\/p>\n<p>Marcel Henrique Baracho Avelino<\/p>\n<p>CPF: 062.040.514-74<\/p>\n<p>Atendeu aos crit\u00e9rios dos documentos necess\u00e1rios a serem entregues no ato da inscri\u00e7\u00e3o.<\/p>\n<p>&nbsp;<\/p>\n<p><b>3 REQUISITOS PARA INSCRI\u00c7\u00c3O<\/b><\/p>\n<p>&nbsp;<\/p>\n<p>3.1. As inscri\u00e7\u00f5es dever\u00e3o ser realizadas exclusivamente de forma presencial, no Audit\u00f3rio da sede da Secretaria Municipal de Educa\u00e7\u00e3o de Lajes\/RN, nos seguintes dias: 16, 17 e 18 de outubro de dois mil e vinte e tr\u00eas (2023), nos respectivos hor\u00e1rios \u2013 8h \u00e0s 13h.<\/p>\n<p>3.2. A inscri\u00e7\u00e3o do candidato implicar\u00e1 no conhecimento e a expressa aceita\u00e7\u00e3o das normas e condi\u00e7\u00f5es estabelecidas neste Edital, assim como o Decreto Municipal 027, de 13 de setembro de 2022 , nas quais n\u00e3o poder\u00e1 alegar desconhecimento.<\/p>\n<p>3.3. S\u00e3o documentos necess\u00e1rios a serem entregues no ato da inscri\u00e7\u00e3o:<\/p>\n<p>3.3.1. ficha de inscri\u00e7\u00e3o, devidamente preenchida\u00a0<b>(ANEXO I)<\/b>;<\/p>\n<p>3.3.2. c\u00f3pia da C\u00e9dula de Identidade (RG) e Cadastro de Pessoa F\u00edsica (CPF);<\/p>\n<p>3.3.3. c\u00f3pia de comprovante de resid\u00eancia;<\/p>\n<p>3.3.4. c\u00f3pia documenta\u00e7\u00e3o comprobat\u00f3ria de escolaridade relativa \u00e0 forma\u00e7\u00e3o profissional em em Cursos e Institui\u00e7\u00f5es comprovadamente reconhecidas pelo Minist\u00e9rio da Educa\u00e7\u00e3o \u2013 MEC;<\/p>\n<p>3.3.5. c\u00f3pia de documenta\u00e7\u00e3o comprobat\u00f3ria para an\u00e1lise curricular;<\/p>\n<p>3.3.6. Projeto Educacional Administrativo e Pedag\u00f3gico, bienal (2024-2025), que vise \u00e0 melhoria da qualidade da educa\u00e7\u00e3o nas unidades de ensino, constitu\u00eddo de justificativa, objetivos, procedimentos metodol\u00f3gicos e resultados esperados, considerando o cumprimento da gest\u00e3o democr\u00e1tica, bem como da garantia da inclus\u00e3o e da equidade no processo de ensino e aprendizagem, conforme\u00a0<b>(ANEXO II)<\/b>;<\/p>\n<p>3.3.7. declara\u00e7\u00e3o comprobat\u00f3ria de experi\u00eancia m\u00ednima de 12 (doze) meses de exerc\u00edcio no Magist\u00e9rio: sala de aula ou gest\u00e3o administrativo-pedag\u00f3gica, a ser fornecida pela Secretaria de Administra\u00e7\u00e3o e Recursos Humanos da Prefeitura de Lajes\/RN;<\/p>\n<p>3.3.8. certid\u00e3o de regularidade funcional do candidato que n\u00e3o tenha sofrido san\u00e7\u00f5es em processo administrativo disciplinar nos 02 (dois) anos que antecedem este processo seletivo, a ser fornecida pela Secretaria de Administra\u00e7\u00e3o e Recursos Humanos do Munic\u00edpio;<\/p>\n<p>3.3.9. portaria de nomea\u00e7\u00e3o em cargo efetivo, comissionado ou equivalente na hip\u00f3tese de contrato tempor\u00e1rio;<\/p>\n<p>3.3.10. declara\u00e7\u00e3o de lota\u00e7\u00e3o: escola na qual o servidor desenvolve suas fun\u00e7\u00f5es e pretende concorrer;<\/p>\n<p>3.3.11. anexar declara\u00e7\u00e3o de disponibilidade de tempo para dedica\u00e7\u00e3o exclusiva, conforme disponibilizado no\u00a0<b>ANEXO III<\/b>\u00a0deste Edital.<\/p>\n<p>3.4. Ser\u00e1 exclu\u00eddo do processo o candidato que fizer declara\u00e7\u00e3o falsa ou inexata, por sua inteira responsabilidade, deixar de apresentar quaisquer documentos exigidos neste Edital, incluindo os exigidos para a confirma\u00e7\u00e3o da inscri\u00e7\u00e3o.<\/p>\n<p>3.5. Ap\u00f3s a publica\u00e7\u00e3o da homologa\u00e7\u00e3o ou n\u00e3o das inscri\u00e7\u00f5es, o candidato poder\u00e1 entrar com recurso, conforme\u00a0<b>ANEXO IV<\/b>\u00a0deste Edital, no prazo estabelecido em cronograma aqui apresentado.<\/p>\n<p>&nbsp;<\/p>\n<p>Lajes\/RN, em 24 de outubro de 2023.<\/p>\n<p>&nbsp;<\/p>\n<p>&nbsp;<\/p>\n<p><b><i>COMISS\u00c3O INTERSETORIAL<\/i><\/b><\/p>\n<p><b><i><\/i><\/b><b><i><\/i><\/b><\/p>\n<p><b><i><\/i><\/b>GILBERTOPEREIRADELIMA<\/p>\n<p>&nbsp;<\/p>\n<p>&nbsp;<\/p>\n<p>&nbsp;<\/p>\n<p><b><i>LARISSAPESSOADEOLIVEIRA<\/i><\/b><\/p>\n<p><b><i><\/i><\/b><\/p>\n<p>&nbsp;<\/p>\n<p>&nbsp;<\/p>\n<p><b><i>TAIZEMILENAANDRADE DONASCIMENTO<\/i><\/b><\/p>\n<p><b><i><\/i><\/b><\/p>\n<p>&nbsp;<\/p>\n<p>&nbsp;<\/p>\n<p><b><i>RAENEGALVAOFARIA<\/i><\/b><\/p>\n<p><b><i><\/i><\/b><\/p>\n<p>&nbsp;<\/p>\n<p>&nbsp;<\/p>\n<p><b><i>FRANCISCACRISTIANE CAVALCANTIDASILVA<\/i><\/b><\/p>\n<p><b><i><\/i><\/b><\/p>\n<p>&nbsp;<\/p>\n<p>&nbsp;<\/p>\n<p><b><i>FRANCISCAREJANEDA SILVAMOREIRA<\/i><\/b><\/p>\n<p><b><i><\/i><\/b><\/p>\n<p>&nbsp;<\/p>\n<p>&nbsp;<\/p>\n<p><b><i>ELYELTONRAYELLISON FIRMINOPESSOA<\/i><\/b><\/p>\n<p><b><i><\/i><\/b><\/p>\n<p>&nbsp;<\/p>\n<p>&nbsp;<\/p>\n<p><b><i>ICAROLUCASMARTINS\u00a0<\/i><\/b><\/p>\n<p><b><i><\/i><\/b><\/p>\n<div align=\"right\"><b>Publicado por:<\/b><br \/>\nRobson Augusto Cosme Souza<br \/>\n<b>C\u00f3digo Identificador:<\/b>7895F271<\/div>\n<p>&nbsp;<\/p>\n<hr \/>\n<p>Mat\u00e9ria publicada no Di\u00e1rio Oficial dos Munic\u00edpios do Estado do Rio Grande do Norte no dia 24\/10\/2023. Edi\u00e7\u00e3o 3145<br \/>\nA verifica\u00e7\u00e3o de autenticidade da mat\u00e9ria pode ser feita informando o c\u00f3digo identificador no site:<br \/>\nhttps:\/\/www.diariomunicipal.com.br\/femurn\/<\/p>\n<\/div>\n<p>[\/et_pb_text][\/et_pb_column][\/et_pb_row][\/et_pb_section]<\/p>\n<div class=\"pdfprnt-buttons pdfprnt-buttons-post pdfprnt-bottom-right\"><a href=\"https:\/\/lajes.rn.gov.br\/transparente\/index\/wp-json\/wp\/v2\/posts\/30741?print=pdf\" class=\"pdfprnt-button pdfprnt-button-pdf\" target=\"_blank\" ><img decoding=\"async\" src=\"https:\/\/lajes.rn.gov.br\/transparente\/index\/wp-content\/plugins\/pdf-print\/images\/pdf.png\" alt=\"image_pdf\" title=\"Ver PDF\" \/><\/a><a href=\"https:\/\/lajes.rn.gov.br\/transparente\/index\/wp-json\/wp\/v2\/posts\/30741?print=print\" class=\"pdfprnt-button pdfprnt-button-print\" target=\"_blank\" ><img decoding=\"async\" src=\"https:\/\/lajes.rn.gov.br\/transparente\/index\/wp-content\/plugins\/pdf-print\/images\/print.png\" alt=\"image_print\" title=\"Conte\u00fado de impress\u00e3o\" \/><\/a><\/div>","protected":false},"excerpt":{"rendered":"<p>[et_pb_section][et_pb_row][et_pb_column type=&#8221;4_4&#8243;][et_pb_text] ESTADO DO RIO GRANDE DO NORTE PREFEITURA MUNICIPAL DE LAJES GABINETE DO PREFEITO HOMOLOGA\u00c7\u00c3O DAS INSCRI\u00c7\u00d5ES DOS CANDIDATOS INSCRITOS NO PROCESSO SELETIVO SIMPLIFICADO N\u00ba 001\/2023 &nbsp; DOS CANDIDATOS APTOS PARA AVALIA\u00c7\u00c3O DO PROJETO EDUCACIONAL ADMINISTRATIVO E PEDAG\u00d3GICO (GEST\u00c3O BIENAL) E DA ENTREVISTA. &nbsp; 2 DAS VAGAS, FUN\u00c7\u00d5ES GRATIFICADAS E ATRIBUI\u00c7\u00d5ES 2.2.1 Centro Municipal [&hellip;]<\/p>\n","protected":false},"author":3,"featured_media":0,"comment_status":"closed","ping_status":"closed","sticky":false,"template":"","format":"standard","meta":{"ocean_post_layout":"","ocean_both_sidebars_style":"","ocean_both_sidebars_content_width":0,"ocean_both_sidebars_sidebars_width":0,"ocean_sidebar":"","ocean_second_sidebar":"","ocean_disable_margins":"enable","ocean_add_body_class":"","ocean_shortcode_before_top_bar":"","ocean_shortcode_after_top_bar":"","ocean_shortcode_before_header":"","ocean_shortcode_after_header":"","ocean_has_shortcode":"","ocean_shortcode_after_title":"","ocean_shortcode_before_footer_widgets":"","ocean_shortcode_after_footer_widgets":"","ocean_shortcode_before_footer_bottom":"","ocean_shortcode_after_footer_bottom":"","ocean_display_top_bar":"default","ocean_display_header":"default","ocean_header_style":"","ocean_center_header_left_menu":"","ocean_custom_header_template":"","ocean_custom_logo":0,"ocean_custom_retina_logo":0,"ocean_custom_logo_max_width":0,"ocean_custom_logo_tablet_max_width":0,"ocean_custom_logo_mobile_max_width":0,"ocean_custom_logo_max_height":0,"ocean_custom_logo_tablet_max_height":0,"ocean_custom_logo_mobile_max_height":0,"ocean_header_custom_menu":"","ocean_menu_typo_font_family":"","ocean_menu_typo_font_subset":"","ocean_menu_typo_font_size":0,"ocean_menu_typo_font_size_tablet":0,"ocean_menu_typo_font_size_mobile":0,"ocean_menu_typo_font_size_unit":"px","ocean_menu_typo_font_weight":"","ocean_menu_typo_font_weight_tablet":"","ocean_menu_typo_font_weight_mobile":"","ocean_menu_typo_transform":"","ocean_menu_typo_transform_tablet":"","ocean_menu_typo_transform_mobile":"","ocean_menu_typo_line_height":0,"ocean_menu_typo_line_height_tablet":0,"ocean_menu_typo_line_height_mobile":0,"ocean_menu_typo_line_height_unit":"","ocean_menu_typo_spacing":0,"ocean_menu_typo_spacing_tablet":0,"ocean_menu_typo_spacing_mobile":0,"ocean_menu_typo_spacing_unit":"","ocean_menu_link_color":"","ocean_menu_link_color_hover":"","ocean_menu_link_color_active":"","ocean_menu_link_background":"","ocean_menu_link_hover_background":"","ocean_menu_link_active_background":"","ocean_menu_social_links_bg":"","ocean_menu_social_hover_links_bg":"","ocean_menu_social_links_color":"","ocean_menu_social_hover_links_color":"","ocean_disable_title":"default","ocean_disable_heading":"default","ocean_post_title":"","ocean_post_subheading":"","ocean_post_title_style":"","ocean_post_title_background_color":"","ocean_post_title_background":0,"ocean_post_title_bg_image_position":"","ocean_post_title_bg_image_attachment":"","ocean_post_title_bg_image_repeat":"","ocean_post_title_bg_image_size":"","ocean_post_title_height":0,"ocean_post_title_bg_overlay":0.5,"ocean_post_title_bg_overlay_color":"","ocean_disable_breadcrumbs":"default","ocean_breadcrumbs_color":"","ocean_breadcrumbs_separator_color":"","ocean_breadcrumbs_links_color":"","ocean_breadcrumbs_links_hover_color":"","ocean_display_footer_widgets":"default","ocean_display_footer_bottom":"default","ocean_custom_footer_template":"","ocean_post_oembed":"","ocean_post_self_hosted_media":"","ocean_post_video_embed":"","ocean_link_format":"","ocean_link_format_target":"self","ocean_quote_format":"","ocean_quote_format_link":"post","ocean_gallery_link_images":"on","ocean_gallery_id":[],"footnotes":""},"categories":[188,185],"tags":[],"class_list":["post-30741","post","type-post","status-publish","format-standard","hentry","category-concursos-e-processos-seletivos","category-processo-seletivo-simplificado-no-001-2023","entry"],"_links":{"self":[{"href":"https:\/\/lajes.rn.gov.br\/transparente\/index\/wp-json\/wp\/v2\/posts\/30741","targetHints":{"allow":["GET"]}}],"collection":[{"href":"https:\/\/lajes.rn.gov.br\/transparente\/index\/wp-json\/wp\/v2\/posts"}],"about":[{"href":"https:\/\/lajes.rn.gov.br\/transparente\/index\/wp-json\/wp\/v2\/types\/post"}],"author":[{"embeddable":true,"href":"https:\/\/lajes.rn.gov.br\/transparente\/index\/wp-json\/wp\/v2\/users\/3"}],"replies":[{"embeddable":true,"href":"https:\/\/lajes.rn.gov.br\/transparente\/index\/wp-json\/wp\/v2\/comments?post=30741"}],"version-history":[{"count":2,"href":"https:\/\/lajes.rn.gov.br\/transparente\/index\/wp-json\/wp\/v2\/posts\/30741\/revisions"}],"predecessor-version":[{"id":30743,"href":"https:\/\/lajes.rn.gov.br\/transparente\/index\/wp-json\/wp\/v2\/posts\/30741\/revisions\/30743"}],"wp:attachment":[{"href":"https:\/\/lajes.rn.gov.br\/transparente\/index\/wp-json\/wp\/v2\/media?parent=30741"}],"wp:term":[{"taxonomy":"category","embeddable":true,"href":"https:\/\/lajes.rn.gov.br\/transparente\/index\/wp-json\/wp\/v2\/categories?post=30741"},{"taxonomy":"post_tag","embeddable":true,"href":"https:\/\/lajes.rn.gov.br\/transparente\/index\/wp-json\/wp\/v2\/tags?post=30741"}],"curies":[{"name":"wp","href":"https:\/\/api.w.org\/{rel}","templated":true}]}}