{"id":30583,"date":"2023-10-02T15:21:03","date_gmt":"2023-10-02T18:21:03","guid":{"rendered":"https:\/\/lajes.rn.gov.br\/transparente\/index\/?p=30583"},"modified":"2023-10-09T15:24:35","modified_gmt":"2023-10-09T18:24:35","slug":"edital-no-013-2023-divulga-o-resultado-preliminar-do-processo-de-escolha-para-membro-do-conselho-tutelar-do-municipio-de-lajes-rn-e-abre-prazo-recursal","status":"publish","type":"post","link":"https:\/\/lajes.rn.gov.br\/transparente\/index\/edital-no-013-2023-divulga-o-resultado-preliminar-do-processo-de-escolha-para-membro-do-conselho-tutelar-do-municipio-de-lajes-rn-e-abre-prazo-recursal\/","title":{"rendered":"EDITAL N\u00ba 013\/2023 &#8211; Divulga o resultado preliminar do processo de escolha para membro do Conselho Tutelar do munic\u00edpio de Lajes\/RN e abre prazo recursal."},"content":{"rendered":"<section id=\"container\" class=\"tipos-materias\">\n<section id=\"content\" class=\"tipos-materias\">\n<section id=\"conteudo-materia\">\n<article>\n<div id=\"separador\" class=\"cabecalhoEstadoSeparador cabecalhoEstadoSeparador1\">\n<p style=\"text-align: center;\"><strong>ESTADO DO RIO GRANDE DO NORTE<\/strong><br \/>\n<strong>PREFEITURA MUNICIPAL DE LAJES<\/strong><\/p>\n<\/div>\n<p class=\"cabecaorgao\" style=\"text-align: center;\"><strong>GABINETE DO PREFEITO<\/strong><\/p>\n<hr \/>\n<div id=\"materia\" class=\"materia materia20091123 materia1\">\n<p>CONSELHO MUNICIPAL DOS DIREITOS DA CRIAN\u00c7A E DO ADOLESCENTE<\/p>\n<div class=\"mat\"><\/div>\n<p><b>Comiss\u00e3o Especial Eleitoral do Processo de Elei\u00e7\u00e3o do Conselho Tutelar<\/b><\/p>\n<p><b>EDITAL N\u00ba 013\/2023<\/b><\/p>\n<p>&nbsp;<\/p>\n<p>Divulga o resultado preliminar do processo de escolha para membro do Conselho Tutelar do munic\u00edpio de Lajes\/RN e abre prazo recursal.<\/p>\n<p>&nbsp;<\/p>\n<p>A presidente da Comiss\u00e3o Especial Eleitoral do Processo de Escolha para membros do Conselho Tutelar de Lajes\/RN, no uso de suas atribui\u00e7\u00f5es, e considerando o que disp\u00f5e a Lei Municipal n\u00ba 662\/2015 e suas altera\u00e7\u00f5es, torna p\u00fablico o <b>RESULTADO PRELIMINAR<\/b> do processo de escolha para membro do Conselho Tutelar do munic\u00edpio de Lajes\/RN, realizado no dia 01 de outubro de 2023.<\/p>\n<p>&nbsp;<\/p>\n<table class=\"mat\" border=\"1\" cellspacing=\"0\" cellpadding=\"0\" align=\"left\">\n<tbody>\n<tr>\n<td width=\"92\"><b>Classifica\u00e7\u00e3o<\/b><\/td>\n<td width=\"425\"><b>CANDIDATO<\/b><\/td>\n<td width=\"130\"><b>TOTAL DE VOTOS<\/b><\/td>\n<td width=\"154\"><b>SITUA\u00c7\u00c3O<\/b><\/td>\n<\/tr>\n<tr>\n<td width=\"92\">1\u00ba<\/td>\n<td width=\"425\">MARIA DA CONCEI\u00c7\u00c3O BALBINO CASSIANO<\/td>\n<td width=\"130\">254<\/td>\n<td width=\"154\">Eleito<\/td>\n<\/tr>\n<tr>\n<td width=\"92\">2\u00ba<\/td>\n<td width=\"425\">JOS\u00c9 NAZARENO DE ANDRANDE<\/td>\n<td width=\"130\">241<\/td>\n<td width=\"154\">Eleito<\/td>\n<\/tr>\n<tr>\n<td width=\"92\">3\u00ba<\/td>\n<td width=\"425\">KATIANE FERNANDES<\/td>\n<td width=\"130\">206<\/td>\n<td width=\"154\">Eleito<\/td>\n<\/tr>\n<tr>\n<td width=\"92\">4\u00ba<\/td>\n<td width=\"425\">GENILDA PEREIRA DA COSTA<\/td>\n<td width=\"130\">203<\/td>\n<td width=\"154\">Eleito<\/td>\n<\/tr>\n<tr>\n<td width=\"92\">5\u00ba<\/td>\n<td width=\"425\">ELISCARLA CAVALCANTE DE SOUZA<\/td>\n<td width=\"130\">181<\/td>\n<td width=\"154\">Eleito<\/td>\n<\/tr>\n<tr>\n<td width=\"92\">6\u00ba<\/td>\n<td width=\"425\">ANA MARIA BARBOSA DE MOURA<\/td>\n<td width=\"130\">176<\/td>\n<td width=\"154\">1\u00ba Suplente<\/td>\n<\/tr>\n<tr>\n<td width=\"92\">7\u00ba<\/td>\n<td width=\"425\">PEDRO BRUNO BARBOSA DA SILVA<\/td>\n<td width=\"130\">175<\/td>\n<td width=\"154\">2\u00ba Suplente<\/td>\n<\/tr>\n<tr>\n<td width=\"92\">8\u00ba<\/td>\n<td width=\"425\">JULIA ROSINA DE ANDRADE OLIVEIRA<\/td>\n<td width=\"130\">164<\/td>\n<td width=\"154\">3\u00ba Suplente<\/td>\n<\/tr>\n<tr>\n<td width=\"92\">9\u00ba<\/td>\n<td width=\"425\">MARIA DO SOCORRO SALVIANO<\/td>\n<td width=\"130\">121<\/td>\n<td width=\"154\">4\u00ba Suplente<\/td>\n<\/tr>\n<tr>\n<td width=\"92\">10\u00ba<\/td>\n<td width=\"425\">MARIA TERESA NUNES DA COSTA<\/td>\n<td width=\"130\">113,<\/td>\n<td width=\"154\">5\u00ba Suplente<\/td>\n<\/tr>\n<tr>\n<td width=\"92\">11\u00ba<\/td>\n<td width=\"425\">BRUNO RICHEL DE ARA\u00daJO<\/td>\n<td width=\"130\">105<\/td>\n<td width=\"154\">6\u00ba Suplente<\/td>\n<\/tr>\n<tr>\n<td width=\"92\">12\u00ba<\/td>\n<td width=\"425\">MARINEIDE FRAN\u00c7A SOBRINHO<\/td>\n<td width=\"130\">68<\/td>\n<td width=\"154\">7\u00ba Suplente<\/td>\n<\/tr>\n<\/tbody>\n<\/table>\n<p>&nbsp;<\/p>\n<p>Fica aberto o prazo compreendido entre os dias 04 a 10 de outubro de 2023, para que sejam apresentados recursos contra o resultado publicado.<\/p>\n<p>A homologa\u00e7\u00e3o final do resultado da elei\u00e7\u00e3o dar-se-\u00e1 dia 18 do outubro de 2023 ap\u00f3s a an\u00e1lise dos recursos apresentados no prazo legal.<\/p>\n<p>&nbsp;<\/p>\n<p>Lajes\/RN, 02 de outubro de 2023.<\/p>\n<p>&nbsp;<\/p>\n<p>&nbsp;<\/p>\n<p><b><i>AYLA MARCELIA FELIX DOS SANTOS<\/i><\/b><\/p>\n<p><b><i> <\/i><\/b>&nbsp;<\/p>\n<p>Presidente da Comiss\u00e3o Especial Eleitoral<\/p>\n<div align=\"right\">\n<b>Publicado por:<\/b><br \/>\nRobson Augusto Cosme Souza<br \/>\n<b>C\u00f3digo Identificador:<\/b>C96218B8<\/div>\n<p>&nbsp;<\/p>\n<hr \/>\n<p>Mat\u00e9ria publicada no Di\u00e1rio Oficial dos Munic\u00edpios do Estado do Rio Grande do Norte no dia 05\/10\/2023. Edi\u00e7\u00e3o 3133<br \/>\nA verifica\u00e7\u00e3o de autenticidade da mat\u00e9ria pode ser feita informando o c\u00f3digo identificador no site:<br \/>\nhttps:\/\/www.diariomunicipal.com.br\/femurn\/&nbsp;<\/p>\n<\/div>\n<\/article>\n<\/section>\n<\/section>\n<\/section>\n<div class=\"pdfprnt-buttons pdfprnt-buttons-post pdfprnt-bottom-right\"><a href=\"https:\/\/lajes.rn.gov.br\/transparente\/index\/wp-json\/wp\/v2\/posts\/30583?print=pdf\" class=\"pdfprnt-button pdfprnt-button-pdf\" target=\"_blank\" ><img decoding=\"async\" src=\"https:\/\/lajes.rn.gov.br\/transparente\/index\/wp-content\/plugins\/pdf-print\/images\/pdf.png\" alt=\"image_pdf\" title=\"Ver PDF\" \/><\/a><a href=\"https:\/\/lajes.rn.gov.br\/transparente\/index\/wp-json\/wp\/v2\/posts\/30583?print=print\" class=\"pdfprnt-button pdfprnt-button-print\" target=\"_blank\" ><img decoding=\"async\" src=\"https:\/\/lajes.rn.gov.br\/transparente\/index\/wp-content\/plugins\/pdf-print\/images\/print.png\" alt=\"image_print\" title=\"Conte\u00fado de impress\u00e3o\" \/><\/a><\/div>","protected":false},"excerpt":{"rendered":"<p>ESTADO DO RIO GRANDE DO NORTE PREFEITURA MUNICIPAL DE LAJES GABINETE DO PREFEITO CONSELHO MUNICIPAL DOS DIREITOS DA CRIAN\u00c7A E DO ADOLESCENTE Comiss\u00e3o Especial Eleitoral do Processo de Elei\u00e7\u00e3o do Conselho Tutelar EDITAL N\u00ba 013\/2023 &nbsp; Divulga o resultado preliminar do processo de escolha para membro do Conselho Tutelar do munic\u00edpio de Lajes\/RN e abre [&hellip;]<\/p>\n","protected":false},"author":3,"featured_media":0,"comment_status":"closed","ping_status":"closed","sticky":false,"template":"","format":"standard","meta":{"ocean_post_layout":"","ocean_both_sidebars_style":"","ocean_both_sidebars_content_width":0,"ocean_both_sidebars_sidebars_width":0,"ocean_sidebar":"","ocean_second_sidebar":"","ocean_disable_margins":"enable","ocean_add_body_class":"","ocean_shortcode_before_top_bar":"","ocean_shortcode_after_top_bar":"","ocean_shortcode_before_header":"","ocean_shortcode_after_header":"","ocean_has_shortcode":"","ocean_shortcode_after_title":"","ocean_shortcode_before_footer_widgets":"","ocean_shortcode_after_footer_widgets":"","ocean_shortcode_before_footer_bottom":"","ocean_shortcode_after_footer_bottom":"","ocean_display_top_bar":"default","ocean_display_header":"default","ocean_header_style":"","ocean_center_header_left_menu":"","ocean_custom_header_template":"","ocean_custom_logo":0,"ocean_custom_retina_logo":0,"ocean_custom_logo_max_width":0,"ocean_custom_logo_tablet_max_width":0,"ocean_custom_logo_mobile_max_width":0,"ocean_custom_logo_max_height":0,"ocean_custom_logo_tablet_max_height":0,"ocean_custom_logo_mobile_max_height":0,"ocean_header_custom_menu":"","ocean_menu_typo_font_family":"","ocean_menu_typo_font_subset":"","ocean_menu_typo_font_size":0,"ocean_menu_typo_font_size_tablet":0,"ocean_menu_typo_font_size_mobile":0,"ocean_menu_typo_font_size_unit":"px","ocean_menu_typo_font_weight":"","ocean_menu_typo_font_weight_tablet":"","ocean_menu_typo_font_weight_mobile":"","ocean_menu_typo_transform":"","ocean_menu_typo_transform_tablet":"","ocean_menu_typo_transform_mobile":"","ocean_menu_typo_line_height":0,"ocean_menu_typo_line_height_tablet":0,"ocean_menu_typo_line_height_mobile":0,"ocean_menu_typo_line_height_unit":"","ocean_menu_typo_spacing":0,"ocean_menu_typo_spacing_tablet":0,"ocean_menu_typo_spacing_mobile":0,"ocean_menu_typo_spacing_unit":"","ocean_menu_link_color":"","ocean_menu_link_color_hover":"","ocean_menu_link_color_active":"","ocean_menu_link_background":"","ocean_menu_link_hover_background":"","ocean_menu_link_active_background":"","ocean_menu_social_links_bg":"","ocean_menu_social_hover_links_bg":"","ocean_menu_social_links_color":"","ocean_menu_social_hover_links_color":"","ocean_disable_title":"default","ocean_disable_heading":"default","ocean_post_title":"","ocean_post_subheading":"","ocean_post_title_style":"","ocean_post_title_background_color":"","ocean_post_title_background":0,"ocean_post_title_bg_image_position":"","ocean_post_title_bg_image_attachment":"","ocean_post_title_bg_image_repeat":"","ocean_post_title_bg_image_size":"","ocean_post_title_height":0,"ocean_post_title_bg_overlay":0.5,"ocean_post_title_bg_overlay_color":"","ocean_disable_breadcrumbs":"default","ocean_breadcrumbs_color":"","ocean_breadcrumbs_separator_color":"","ocean_breadcrumbs_links_color":"","ocean_breadcrumbs_links_hover_color":"","ocean_display_footer_widgets":"default","ocean_display_footer_bottom":"default","ocean_custom_footer_template":"","ocean_post_oembed":"","ocean_post_self_hosted_media":"","ocean_post_video_embed":"","ocean_link_format":"","ocean_link_format_target":"self","ocean_quote_format":"","ocean_quote_format_link":"post","ocean_gallery_link_images":"on","ocean_gallery_id":[],"footnotes":""},"categories":[45,48,2],"tags":[],"class_list":["post-30583","post","type-post","status-publish","format-standard","hentry","category-editais-diversos","category-editais-diversos-2023","category-legislacao","entry"],"_links":{"self":[{"href":"https:\/\/lajes.rn.gov.br\/transparente\/index\/wp-json\/wp\/v2\/posts\/30583","targetHints":{"allow":["GET"]}}],"collection":[{"href":"https:\/\/lajes.rn.gov.br\/transparente\/index\/wp-json\/wp\/v2\/posts"}],"about":[{"href":"https:\/\/lajes.rn.gov.br\/transparente\/index\/wp-json\/wp\/v2\/types\/post"}],"author":[{"embeddable":true,"href":"https:\/\/lajes.rn.gov.br\/transparente\/index\/wp-json\/wp\/v2\/users\/3"}],"replies":[{"embeddable":true,"href":"https:\/\/lajes.rn.gov.br\/transparente\/index\/wp-json\/wp\/v2\/comments?post=30583"}],"version-history":[{"count":1,"href":"https:\/\/lajes.rn.gov.br\/transparente\/index\/wp-json\/wp\/v2\/posts\/30583\/revisions"}],"predecessor-version":[{"id":30584,"href":"https:\/\/lajes.rn.gov.br\/transparente\/index\/wp-json\/wp\/v2\/posts\/30583\/revisions\/30584"}],"wp:attachment":[{"href":"https:\/\/lajes.rn.gov.br\/transparente\/index\/wp-json\/wp\/v2\/media?parent=30583"}],"wp:term":[{"taxonomy":"category","embeddable":true,"href":"https:\/\/lajes.rn.gov.br\/transparente\/index\/wp-json\/wp\/v2\/categories?post=30583"},{"taxonomy":"post_tag","embeddable":true,"href":"https:\/\/lajes.rn.gov.br\/transparente\/index\/wp-json\/wp\/v2\/tags?post=30583"}],"curies":[{"name":"wp","href":"https:\/\/api.w.org\/{rel}","templated":true}]}}