{"id":30035,"date":"2023-08-21T08:07:06","date_gmt":"2023-08-21T11:07:06","guid":{"rendered":"https:\/\/lajes.rn.gov.br\/transparente\/index\/?p=30035"},"modified":"2023-08-24T08:09:15","modified_gmt":"2023-08-24T11:09:15","slug":"edital-no-011-2023-dispoe-da-publicacao-do-resultado-definitivo-da-avaliacao-psicologica-que-ateste-aptidao-para-exercer-a-funcao-de-conselheiro-tutelar","status":"publish","type":"post","link":"https:\/\/lajes.rn.gov.br\/transparente\/index\/edital-no-011-2023-dispoe-da-publicacao-do-resultado-definitivo-da-avaliacao-psicologica-que-ateste-aptidao-para-exercer-a-funcao-de-conselheiro-tutelar\/","title":{"rendered":"EDITAL N\u00ba 011\/2023 &#8211; DISP\u00d5E DA PUBLICA\u00c7\u00c3O DO RESULTADO DEFINITIVO DA AVALIA\u00c7\u00c3O PSICOLOGICA QUE ATESTE APTID\u00c3O PARA EXERCER A FUN\u00c7AO DE CONSELHEIRO TUTELAR."},"content":{"rendered":"<div id=\"separador\" class=\"cabecalhoEstadoSeparador cabecalhoEstadoSeparador1\">\n<p style=\"text-align: center;\"><strong>ESTADO DO RIO GRANDE DO NORTE<\/strong><br \/>\n<strong>PREFEITURA MUNICIPAL DE LAJES<\/strong><\/p>\n<\/div>\n<p class=\"cabecaorgao\" style=\"text-align: center;\"><strong>GABINETE DO PREFEITO<\/strong><\/p>\n<hr \/>\n<div id=\"materia\" class=\"materia materia20091123 materia1\">\n<p>CONSELHO MUNICIPAL DOS DIREITOS DA CRIAN\u00c7A E DO ADOLESCENTE<\/p>\n<div class=\"mat\"><\/div>\n<p><b>Comiss\u00e3o Especial Eleitoral do Processo de Elei\u00e7\u00e3o do Conselho Tutelar<\/b><\/p>\n<p>&nbsp;<\/p>\n<p><b>EDITAL N\u00ba 011\/2023<\/b><\/p>\n<p>&nbsp;<\/p>\n<p>DISP\u00d5E DA PUBLICA\u00c7\u00c3O DO RESULTADO DEFINITIVO DA AVALIA\u00c7\u00c3O PSICOLOGICA QUE ATESTE APTID\u00c3O PARA EXERCER A FUN\u00c7AO DE CONSELHEIRO TUTELAR.<\/p>\n<p>&nbsp;<\/p>\n<p>A Comiss\u00e3o Especial Eleitoral do Conselho Municipal dos Direitos da Crian\u00e7a e do Adolescente de Lajes\/RN, do Processo de Elei\u00e7\u00e3o para membros do conselho tutelar para o quadri\u00eanio 2024-2028, no uso de suas atribui\u00e7\u00f5es legal, de acordo com a lei municipal n\u00ba 662\/2015 e suas altera\u00e7\u00f5es e a Resolu\u00e7\u00e3o n\u00ba 01\/2023 deste CMDCA, resolve:<\/p>\n<p>&nbsp;<\/p>\n<p><b>Art. 1\u00ba.<\/b>\u00a0Tornar p\u00fablico o resultado das candidaturas aprovadas no exame espec\u00edfico e habilitados na avalia\u00e7\u00e3o psicol\u00f3gica que ateste aptid\u00e3o para exercer a fun\u00e7\u00e3o de conselheiro tutelar.<\/p>\n<p>&nbsp;<\/p>\n<table class=\"mat\" border=\"1\" cellspacing=\"0\" cellpadding=\"0\" align=\"left\">\n<tbody>\n<tr>\n<td width=\"450\"><b>CANDIDATO<\/b><\/td>\n<td width=\"252\"><b>SITUA\u00c7\u00c3O<\/b><\/td>\n<\/tr>\n<tr>\n<td width=\"450\">ANA MARIA BARBOSA DE MOURA<\/td>\n<td width=\"252\">APTO<\/td>\n<\/tr>\n<tr>\n<td width=\"450\">BRUNO RICHEL DE ARAUJO<\/td>\n<td width=\"252\">APTO<\/td>\n<\/tr>\n<tr>\n<td width=\"450\">ELISCARLA CAVALCANTE DE SOUZA<\/td>\n<td width=\"252\">APTO<\/td>\n<\/tr>\n<tr>\n<td width=\"450\">GENILDA PEREIRA DA COSTA<\/td>\n<td width=\"252\">APTO<\/td>\n<\/tr>\n<tr>\n<td width=\"450\">JOS\u00c9 NAZARENO DE ANDRANDE<\/td>\n<td width=\"252\">APTO<\/td>\n<\/tr>\n<tr>\n<td width=\"450\">JULIA ROSINA DE ANDRADE OLIVEIRA<\/td>\n<td width=\"252\">APTO<\/td>\n<\/tr>\n<tr>\n<td width=\"450\">KATIANE FERNANDES<\/td>\n<td width=\"252\">APTO<\/td>\n<\/tr>\n<tr>\n<td width=\"450\">MARIA DA CONCEI\u00c7\u00c3O BALBIO CASSIANO<\/td>\n<td width=\"252\">APTO<\/td>\n<\/tr>\n<tr>\n<td width=\"450\">MARIA DO SOCORRO SALVIANO<\/td>\n<td width=\"252\">APTO<\/td>\n<\/tr>\n<tr>\n<td width=\"450\">MARIA TERESA NUNES DA COSTA<\/td>\n<td width=\"252\">APTO<\/td>\n<\/tr>\n<tr>\n<td width=\"450\">MARINEIDE FRAN\u00c7A SOBRINHO<\/td>\n<td width=\"252\">APTO<\/td>\n<\/tr>\n<tr>\n<td width=\"450\">PEDRO BRUNO BARBOSA DA SILVA<\/td>\n<td width=\"252\">APTO<\/td>\n<\/tr>\n<\/tbody>\n<\/table>\n<p>&nbsp;<\/p>\n<p><b>Art. 2\u00ba.<\/b>\u00a0Convocar os candidatos habilitados para participarem da reuni\u00e3o da comiss\u00e3o especial eleitoral no dia 22 de agosto de 2023, \u00e1s 15 horas. No audit\u00f3rio da SEMDSTH, para esclarecimento sobre processo de escolha e defini\u00e7\u00e3o do nome, n\u00famero e foto de cada candidato usar\u00e1 na campanha e no dia do processo de escolha.<\/p>\n<p>&nbsp;<\/p>\n<p>Lajes\/RN 21 de agosto de 2023.<\/p>\n<p>&nbsp;<\/p>\n<p><b><i>AYLA MARCELIA FELIX DOS SANTOS<\/i><\/b><\/p>\n<p>Presidente do CMDCA<\/p>\n<div align=\"right\">\n<b>Publicado por:<\/b><br \/>\nRobson Augusto Cosme Souza<br \/>\n<b>C\u00f3digo Identificador:<\/b>ED1C8608<\/div>\n<p>&nbsp;<\/p>\n<hr \/>\n<p>Mat\u00e9ria publicada no Di\u00e1rio Oficial dos Munic\u00edpios do Estado do Rio Grande do Norte no dia 24\/08\/2023. Edi\u00e7\u00e3o 3104<br \/>\nA verifica\u00e7\u00e3o de autenticidade da mat\u00e9ria pode ser feita informando o c\u00f3digo identificador no site:<br \/>\nhttps:\/\/www.diariomunicipal.com.br\/femurn\/<\/p><\/div>\n<div class=\"pdfprnt-buttons pdfprnt-buttons-post pdfprnt-bottom-right\"><a href=\"https:\/\/lajes.rn.gov.br\/transparente\/index\/wp-json\/wp\/v2\/posts\/30035?print=pdf\" class=\"pdfprnt-button pdfprnt-button-pdf\" target=\"_blank\" ><img decoding=\"async\" src=\"https:\/\/lajes.rn.gov.br\/transparente\/index\/wp-content\/plugins\/pdf-print\/images\/pdf.png\" alt=\"image_pdf\" title=\"Ver PDF\" \/><\/a><a href=\"https:\/\/lajes.rn.gov.br\/transparente\/index\/wp-json\/wp\/v2\/posts\/30035?print=print\" class=\"pdfprnt-button pdfprnt-button-print\" target=\"_blank\" ><img decoding=\"async\" src=\"https:\/\/lajes.rn.gov.br\/transparente\/index\/wp-content\/plugins\/pdf-print\/images\/print.png\" alt=\"image_print\" title=\"Conte\u00fado de impress\u00e3o\" \/><\/a><\/div>","protected":false},"excerpt":{"rendered":"<p>ESTADO DO RIO GRANDE DO NORTE PREFEITURA MUNICIPAL DE LAJES GABINETE DO PREFEITO CONSELHO MUNICIPAL DOS DIREITOS DA CRIAN\u00c7A E DO ADOLESCENTE Comiss\u00e3o Especial Eleitoral do Processo de Elei\u00e7\u00e3o do Conselho Tutelar &nbsp; EDITAL N\u00ba 011\/2023 &nbsp; DISP\u00d5E DA PUBLICA\u00c7\u00c3O DO RESULTADO DEFINITIVO DA AVALIA\u00c7\u00c3O PSICOLOGICA QUE ATESTE APTID\u00c3O PARA EXERCER A FUN\u00c7AO DE CONSELHEIRO [&hellip;]<\/p>\n","protected":false},"author":3,"featured_media":0,"comment_status":"closed","ping_status":"closed","sticky":false,"template":"","format":"standard","meta":{"ocean_post_layout":"","ocean_both_sidebars_style":"","ocean_both_sidebars_content_width":0,"ocean_both_sidebars_sidebars_width":0,"ocean_sidebar":"","ocean_second_sidebar":"","ocean_disable_margins":"enable","ocean_add_body_class":"","ocean_shortcode_before_top_bar":"","ocean_shortcode_after_top_bar":"","ocean_shortcode_before_header":"","ocean_shortcode_after_header":"","ocean_has_shortcode":"","ocean_shortcode_after_title":"","ocean_shortcode_before_footer_widgets":"","ocean_shortcode_after_footer_widgets":"","ocean_shortcode_before_footer_bottom":"","ocean_shortcode_after_footer_bottom":"","ocean_display_top_bar":"default","ocean_display_header":"default","ocean_header_style":"","ocean_center_header_left_menu":"","ocean_custom_header_template":"","ocean_custom_logo":0,"ocean_custom_retina_logo":0,"ocean_custom_logo_max_width":0,"ocean_custom_logo_tablet_max_width":0,"ocean_custom_logo_mobile_max_width":0,"ocean_custom_logo_max_height":0,"ocean_custom_logo_tablet_max_height":0,"ocean_custom_logo_mobile_max_height":0,"ocean_header_custom_menu":"","ocean_menu_typo_font_family":"","ocean_menu_typo_font_subset":"","ocean_menu_typo_font_size":0,"ocean_menu_typo_font_size_tablet":0,"ocean_menu_typo_font_size_mobile":0,"ocean_menu_typo_font_size_unit":"px","ocean_menu_typo_font_weight":"","ocean_menu_typo_font_weight_tablet":"","ocean_menu_typo_font_weight_mobile":"","ocean_menu_typo_transform":"","ocean_menu_typo_transform_tablet":"","ocean_menu_typo_transform_mobile":"","ocean_menu_typo_line_height":0,"ocean_menu_typo_line_height_tablet":0,"ocean_menu_typo_line_height_mobile":0,"ocean_menu_typo_line_height_unit":"","ocean_menu_typo_spacing":0,"ocean_menu_typo_spacing_tablet":0,"ocean_menu_typo_spacing_mobile":0,"ocean_menu_typo_spacing_unit":"","ocean_menu_link_color":"","ocean_menu_link_color_hover":"","ocean_menu_link_color_active":"","ocean_menu_link_background":"","ocean_menu_link_hover_background":"","ocean_menu_link_active_background":"","ocean_menu_social_links_bg":"","ocean_menu_social_hover_links_bg":"","ocean_menu_social_links_color":"","ocean_menu_social_hover_links_color":"","ocean_disable_title":"default","ocean_disable_heading":"default","ocean_post_title":"","ocean_post_subheading":"","ocean_post_title_style":"","ocean_post_title_background_color":"","ocean_post_title_background":0,"ocean_post_title_bg_image_position":"","ocean_post_title_bg_image_attachment":"","ocean_post_title_bg_image_repeat":"","ocean_post_title_bg_image_size":"","ocean_post_title_height":0,"ocean_post_title_bg_overlay":0.5,"ocean_post_title_bg_overlay_color":"","ocean_disable_breadcrumbs":"default","ocean_breadcrumbs_color":"","ocean_breadcrumbs_separator_color":"","ocean_breadcrumbs_links_color":"","ocean_breadcrumbs_links_hover_color":"","ocean_display_footer_widgets":"default","ocean_display_footer_bottom":"default","ocean_custom_footer_template":"","ocean_post_oembed":"","ocean_post_self_hosted_media":"","ocean_post_video_embed":"","ocean_link_format":"","ocean_link_format_target":"self","ocean_quote_format":"","ocean_quote_format_link":"post","ocean_gallery_link_images":"on","ocean_gallery_id":[],"footnotes":""},"categories":[45,48,2],"tags":[],"class_list":["post-30035","post","type-post","status-publish","format-standard","hentry","category-editais-diversos","category-editais-diversos-2023","category-legislacao","entry"],"_links":{"self":[{"href":"https:\/\/lajes.rn.gov.br\/transparente\/index\/wp-json\/wp\/v2\/posts\/30035","targetHints":{"allow":["GET"]}}],"collection":[{"href":"https:\/\/lajes.rn.gov.br\/transparente\/index\/wp-json\/wp\/v2\/posts"}],"about":[{"href":"https:\/\/lajes.rn.gov.br\/transparente\/index\/wp-json\/wp\/v2\/types\/post"}],"author":[{"embeddable":true,"href":"https:\/\/lajes.rn.gov.br\/transparente\/index\/wp-json\/wp\/v2\/users\/3"}],"replies":[{"embeddable":true,"href":"https:\/\/lajes.rn.gov.br\/transparente\/index\/wp-json\/wp\/v2\/comments?post=30035"}],"version-history":[{"count":1,"href":"https:\/\/lajes.rn.gov.br\/transparente\/index\/wp-json\/wp\/v2\/posts\/30035\/revisions"}],"predecessor-version":[{"id":30036,"href":"https:\/\/lajes.rn.gov.br\/transparente\/index\/wp-json\/wp\/v2\/posts\/30035\/revisions\/30036"}],"wp:attachment":[{"href":"https:\/\/lajes.rn.gov.br\/transparente\/index\/wp-json\/wp\/v2\/media?parent=30035"}],"wp:term":[{"taxonomy":"category","embeddable":true,"href":"https:\/\/lajes.rn.gov.br\/transparente\/index\/wp-json\/wp\/v2\/categories?post=30035"},{"taxonomy":"post_tag","embeddable":true,"href":"https:\/\/lajes.rn.gov.br\/transparente\/index\/wp-json\/wp\/v2\/tags?post=30035"}],"curies":[{"name":"wp","href":"https:\/\/api.w.org\/{rel}","templated":true}]}}