{"id":29900,"date":"2023-08-09T07:04:14","date_gmt":"2023-08-09T10:04:14","guid":{"rendered":"https:\/\/lajes.rn.gov.br\/transparente\/index\/?p=29900"},"modified":"2023-08-14T07:06:48","modified_gmt":"2023-08-14T10:06:48","slug":"aviso-de-interposicao-de-recurso-administrativo-tomada-de-precos-no-03-2023","status":"publish","type":"post","link":"https:\/\/lajes.rn.gov.br\/transparente\/index\/aviso-de-interposicao-de-recurso-administrativo-tomada-de-precos-no-03-2023\/","title":{"rendered":"AVISO DE INTERPOSI\u00c7\u00c3O DE RECURSO ADMINISTRATIVO &#8211; TOMADA DE PRE\u00c7OS N\u00ba 03\/2023"},"content":{"rendered":"<div id=\"separador\" class=\"cabecalhoEstadoSeparador cabecalhoEstadoSeparador1\">\n<p style=\"text-align: center;\"><strong>ESTADO DO RIO GRANDE DO NORTE<\/strong><br \/>\n<strong>PREFEITURA MUNICIPAL DE LAJES<\/strong><\/p>\n<\/div>\n<p class=\"cabecaorgao\" style=\"text-align: center;\"><strong>COMISS\u00c3O PERMANENTE DE LICITA\u00c7\u00c3O &#8211; CPL<\/strong><\/p>\n<hr \/>\n<div id=\"materia\" class=\"materia materia20091123 materia1\">\n<p>AVISO DE INTERPOSI\u00c7\u00c3O DE RECURSO ADMINISTRATIVO<\/p>\n<div class=\"mat\"><b>TOMADA DE PRE\u00c7OS N\u00ba 03\/2023<\/b><\/div>\n<p><b>Processo Administrativo n\u00ba 132\/2023<\/b><\/p>\n<p>&nbsp;<\/p>\n<p><b>OBJETO:\u00a0<\/b><b>CONTRATA\u00c7\u00c3O DE EMPRESA ESPECIALIZADA EM ENGENHARIA PARA CONSTRU\u00c7\u00c3O DE PRA\u00c7AS, SENDO ELAS PRA\u00c7A DOS MINERIOS, FRANCISCA FELISBERTO DA SILVA BARROS, FRANCISCO VEN\u00c2NCIO E JUVENAL LAUREANO, localizadas dentro do per\u00edmetro Urbano do munic\u00edpio de Lajes\/RN. Conforme Especifica\u00e7\u00e3o do Projeto Arquitet\u00f4nico, Memorial de C\u00e1lculos, Memorial Descritivo, Composi\u00e7\u00e3o do BDI atual e as Planilha Or\u00e7amentaria (ANEXO).<\/b><\/p>\n<p>&nbsp;<\/p>\n<p>A Comiss\u00e3o Permanente de Licita\u00e7\u00f5es (CPL) da Prefeitura Municipal de Lajes\/RN,\u00a0<b>TORNA P\u00daBLICO,\u00a0<\/b>para fins de efeitos no disposto no \u00a7 3\u00ba do Art. 109 da Lei Federal n\u00ba 8.666\/93 e suas altera\u00e7\u00f5es, que as empresas\u00a0<b>CARVALHO CONSTRUCAO COMERCIO E SERVICOS EIRELI, CNPJ n\u00ba 22.318.474\/0001-19 e MORLIS CONSTRUCOES E INCORPORACOES LTDA, CNPJ n\u00ba 29.646.397\/0001-75<\/b>, interp\u00f4s, tempestivamente, recurso administrativo contra a decis\u00e3o desta Comiss\u00e3o que as declarou inabilitadas.<\/p>\n<p>Ficam as demais licitantes, devidamente intimadas, para, querendo no prazo legal de 05 (cinco) dias \u00fateis, APRESENTAR IMPUGNA\u00c7\u00c3O AO RECURSO INTERPOSTO, conforme faculta o \u00a7 3\u00ba do Art. 109 da Lei Federal n\u00ba 8.666\/93 e suas altera\u00e7\u00f5es, contados da forma do Art. 110 do mesmo diploma legal, a partir da presente publica\u00e7\u00e3o.<\/p>\n<p>Os interessados poder\u00e3o nos dias normais de expediente, obter demais informa\u00e7\u00f5es, e documentos do presente certame atrav\u00e9s do e-mail:\u00a0cpl@lajes.rn.gov.br.<\/p>\n<p>&nbsp;<\/p>\n<p>Lajes\/RN, 09 de agosto de 2023.<\/p>\n<p>&nbsp;<\/p>\n<p>&nbsp;<\/p>\n<p><b><i>RAFAEL ANDERSON DE ARA\u00daJO SILVA<\/i><\/b><\/p>\n<p><b><i><\/i><\/b>&nbsp;<\/p>\n<p>Presidente da CPL<\/p>\n<\/div>\n<div class=\"pdfprnt-buttons pdfprnt-buttons-post pdfprnt-bottom-right\"><a href=\"https:\/\/lajes.rn.gov.br\/transparente\/index\/wp-json\/wp\/v2\/posts\/29900?print=pdf\" class=\"pdfprnt-button pdfprnt-button-pdf\" target=\"_blank\" ><img decoding=\"async\" src=\"https:\/\/lajes.rn.gov.br\/transparente\/index\/wp-content\/plugins\/pdf-print\/images\/pdf.png\" alt=\"image_pdf\" title=\"Ver PDF\" \/><\/a><a href=\"https:\/\/lajes.rn.gov.br\/transparente\/index\/wp-json\/wp\/v2\/posts\/29900?print=print\" class=\"pdfprnt-button pdfprnt-button-print\" target=\"_blank\" ><img decoding=\"async\" src=\"https:\/\/lajes.rn.gov.br\/transparente\/index\/wp-content\/plugins\/pdf-print\/images\/print.png\" alt=\"image_print\" title=\"Conte\u00fado de impress\u00e3o\" \/><\/a><\/div>","protected":false},"excerpt":{"rendered":"<p>ESTADO DO RIO GRANDE DO NORTE PREFEITURA MUNICIPAL DE LAJES COMISS\u00c3O PERMANENTE DE LICITA\u00c7\u00c3O &#8211; CPL AVISO DE INTERPOSI\u00c7\u00c3O DE RECURSO ADMINISTRATIVO TOMADA DE PRE\u00c7OS N\u00ba 03\/2023 Processo Administrativo n\u00ba 132\/2023 &nbsp; OBJETO:\u00a0CONTRATA\u00c7\u00c3O DE EMPRESA ESPECIALIZADA EM ENGENHARIA PARA CONSTRU\u00c7\u00c3O DE PRA\u00c7AS, SENDO ELAS PRA\u00c7A DOS MINERIOS, FRANCISCA FELISBERTO DA SILVA BARROS, FRANCISCO VEN\u00c2NCIO E [&hellip;]<\/p>\n","protected":false},"author":3,"featured_media":0,"comment_status":"closed","ping_status":"closed","sticky":false,"template":"","format":"standard","meta":{"ocean_post_layout":"","ocean_both_sidebars_style":"","ocean_both_sidebars_content_width":0,"ocean_both_sidebars_sidebars_width":0,"ocean_sidebar":"","ocean_second_sidebar":"","ocean_disable_margins":"enable","ocean_add_body_class":"","ocean_shortcode_before_top_bar":"","ocean_shortcode_after_top_bar":"","ocean_shortcode_before_header":"","ocean_shortcode_after_header":"","ocean_has_shortcode":"","ocean_shortcode_after_title":"","ocean_shortcode_before_footer_widgets":"","ocean_shortcode_after_footer_widgets":"","ocean_shortcode_before_footer_bottom":"","ocean_shortcode_after_footer_bottom":"","ocean_display_top_bar":"default","ocean_display_header":"default","ocean_header_style":"","ocean_center_header_left_menu":"","ocean_custom_header_template":"","ocean_custom_logo":0,"ocean_custom_retina_logo":0,"ocean_custom_logo_max_width":0,"ocean_custom_logo_tablet_max_width":0,"ocean_custom_logo_mobile_max_width":0,"ocean_custom_logo_max_height":0,"ocean_custom_logo_tablet_max_height":0,"ocean_custom_logo_mobile_max_height":0,"ocean_header_custom_menu":"","ocean_menu_typo_font_family":"","ocean_menu_typo_font_subset":"","ocean_menu_typo_font_size":0,"ocean_menu_typo_font_size_tablet":0,"ocean_menu_typo_font_size_mobile":0,"ocean_menu_typo_font_size_unit":"px","ocean_menu_typo_font_weight":"","ocean_menu_typo_font_weight_tablet":"","ocean_menu_typo_font_weight_mobile":"","ocean_menu_typo_transform":"","ocean_menu_typo_transform_tablet":"","ocean_menu_typo_transform_mobile":"","ocean_menu_typo_line_height":0,"ocean_menu_typo_line_height_tablet":0,"ocean_menu_typo_line_height_mobile":0,"ocean_menu_typo_line_height_unit":"","ocean_menu_typo_spacing":0,"ocean_menu_typo_spacing_tablet":0,"ocean_menu_typo_spacing_mobile":0,"ocean_menu_typo_spacing_unit":"","ocean_menu_link_color":"","ocean_menu_link_color_hover":"","ocean_menu_link_color_active":"","ocean_menu_link_background":"","ocean_menu_link_hover_background":"","ocean_menu_link_active_background":"","ocean_menu_social_links_bg":"","ocean_menu_social_hover_links_bg":"","ocean_menu_social_links_color":"","ocean_menu_social_hover_links_color":"","ocean_disable_title":"default","ocean_disable_heading":"default","ocean_post_title":"","ocean_post_subheading":"","ocean_post_title_style":"","ocean_post_title_background_color":"","ocean_post_title_background":0,"ocean_post_title_bg_image_position":"","ocean_post_title_bg_image_attachment":"","ocean_post_title_bg_image_repeat":"","ocean_post_title_bg_image_size":"","ocean_post_title_height":0,"ocean_post_title_bg_overlay":0.5,"ocean_post_title_bg_overlay_color":"","ocean_disable_breadcrumbs":"default","ocean_breadcrumbs_color":"","ocean_breadcrumbs_separator_color":"","ocean_breadcrumbs_links_color":"","ocean_breadcrumbs_links_hover_color":"","ocean_display_footer_widgets":"default","ocean_display_footer_bottom":"default","ocean_custom_footer_template":"","ocean_post_oembed":"","ocean_post_self_hosted_media":"","ocean_post_video_embed":"","ocean_link_format":"","ocean_link_format_target":"self","ocean_quote_format":"","ocean_quote_format_link":"post","ocean_gallery_link_images":"on","ocean_gallery_id":[],"footnotes":""},"categories":[3,92,96,107],"tags":[],"class_list":["post-29900","post","type-post","status-publish","format-standard","hentry","category-licitacao","category-recurso-de-licitacao","category-recurso-de-licitacao-2023","category-tomada-de-preco","entry"],"_links":{"self":[{"href":"https:\/\/lajes.rn.gov.br\/transparente\/index\/wp-json\/wp\/v2\/posts\/29900","targetHints":{"allow":["GET"]}}],"collection":[{"href":"https:\/\/lajes.rn.gov.br\/transparente\/index\/wp-json\/wp\/v2\/posts"}],"about":[{"href":"https:\/\/lajes.rn.gov.br\/transparente\/index\/wp-json\/wp\/v2\/types\/post"}],"author":[{"embeddable":true,"href":"https:\/\/lajes.rn.gov.br\/transparente\/index\/wp-json\/wp\/v2\/users\/3"}],"replies":[{"embeddable":true,"href":"https:\/\/lajes.rn.gov.br\/transparente\/index\/wp-json\/wp\/v2\/comments?post=29900"}],"version-history":[{"count":1,"href":"https:\/\/lajes.rn.gov.br\/transparente\/index\/wp-json\/wp\/v2\/posts\/29900\/revisions"}],"predecessor-version":[{"id":29901,"href":"https:\/\/lajes.rn.gov.br\/transparente\/index\/wp-json\/wp\/v2\/posts\/29900\/revisions\/29901"}],"wp:attachment":[{"href":"https:\/\/lajes.rn.gov.br\/transparente\/index\/wp-json\/wp\/v2\/media?parent=29900"}],"wp:term":[{"taxonomy":"category","embeddable":true,"href":"https:\/\/lajes.rn.gov.br\/transparente\/index\/wp-json\/wp\/v2\/categories?post=29900"},{"taxonomy":"post_tag","embeddable":true,"href":"https:\/\/lajes.rn.gov.br\/transparente\/index\/wp-json\/wp\/v2\/tags?post=29900"}],"curies":[{"name":"wp","href":"https:\/\/api.w.org\/{rel}","templated":true}]}}