{"id":29724,"date":"2023-07-28T08:26:23","date_gmt":"2023-07-28T11:26:23","guid":{"rendered":"https:\/\/lajes.rn.gov.br\/transparente\/index\/?p=29724"},"modified":"2023-08-01T08:27:28","modified_gmt":"2023-08-01T11:27:28","slug":"rgf-anexo-22-1o-semestre-de-2023","status":"publish","type":"post","link":"https:\/\/lajes.rn.gov.br\/transparente\/index\/rgf-anexo-22-1o-semestre-de-2023\/","title":{"rendered":"RGF &#8211; ANEXO 22 &#8211; 1\u00ba Semestre de 2023"},"content":{"rendered":"<div id=\"separador\" class=\"cabecalhoEstadoSeparador cabecalhoEstadoSeparador2\">\n<p style=\"text-align: center;\"><strong>ESTADO DO RIO GRANDE DO NORTE<\/strong><br \/>\n<strong>PREFEITURA MUNICIPAL DE LAJES<\/strong><\/p>\n<\/div>\n<p class=\"cabecaorgao\" style=\"text-align: center;\"><strong>GABINETE DO PREFEITO<\/strong><\/p>\n<hr \/>\n<div id=\"materia\" class=\"materia materia20091123 materia2\">\n<p>RGF &#8211; ANEXO<\/p>\n<div class=\"mat\"><\/div>\n<table class=\"mat\" border=\"1\" cellspacing=\"0\" cellpadding=\"0\" align=\"left\">\n<tbody>\n<tr>\n<td colspan=\"3\">MUNIC\u00cdPIO LAJES\/RN &#8211; PODER EXECUTIVO<\/td>\n<\/tr>\n<tr>\n<td colspan=\"3\">RELAT\u00d3RIO DE GEST\u00c3O FISCAL \u2013 RGF<\/td>\n<\/tr>\n<tr>\n<td colspan=\"3\"><b>DEMONSTRATIVO SIMPLIFICADO DO RELAT\u00d3RIO DE GEST\u00c3O FISCAL<\/b><\/td>\n<\/tr>\n<tr>\n<td colspan=\"3\">OR\u00c7AMENTO FISCAL E DA SEGURIDADE SOCIAL<\/td>\n<\/tr>\n<tr>\n<td colspan=\"3\">1\u00ba Semestre de 2023<\/td>\n<\/tr>\n<tr>\n<td colspan=\"2\">RGF &#8211; Anexo 22 (TCE \/ RN)<\/td>\n<td>em Reais<\/td>\n<\/tr>\n<tr>\n<td colspan=\"2\"><b>RECEITA CORRENTE L\u00cdQUIDA<\/b><\/td>\n<td><b>VALOR AT\u00c9 O QUADRIMESTRE\/SEMESTRE<\/b><\/td>\n<\/tr>\n<tr>\n<td colspan=\"2\">RECEITA CORRENTE L\u00cdQUIDA &#8211; RCL (IV)<\/td>\n<td>69.233.662,20<\/td>\n<\/tr>\n<tr>\n<td colspan=\"2\">RECEITA CORRENTE L\u00cdQUIDA AJUSTADA PARA C\u00c1LCULO DOS LIMITES DE ENDIVIDAMENTO (VI) = (IV &#8211; V)<\/td>\n<td>0,00<\/td>\n<\/tr>\n<tr>\n<td colspan=\"2\">RECEITA CORRENTE L\u00cdQUIDA AJUSTADA PARA C\u00c1LCULO DOS LIMITES DA DESPESA COM PESSOAL (VII) = (IV &#8211; V &#8211; VI)<\/td>\n<td>69.233.662,20<\/td>\n<\/tr>\n<tr>\n<td><b>DESPESA COM PESSOAL<\/b><\/td>\n<td><b>VALOR<\/b><\/td>\n<td><b>% SOBRE A RCL AJUSTADA<\/b><\/td>\n<\/tr>\n<tr>\n<td>DESPESA TOTAL COM PESSOAL &#8211; DTP (VIII) = (III a + III b)<\/td>\n<td>28.260.910,04<\/td>\n<td>40,82<\/td>\n<\/tr>\n<tr>\n<td>LIMITE M\u00c1XIMO (IX) (incisos I, II e III, art. 20 da LRF)<\/td>\n<td>37.386.177,59<\/td>\n<td>54,00<\/td>\n<\/tr>\n<tr>\n<td>LIMITE PRUDENCIAL (X) = (0,95 x IX) (par\u00e1grafo \u00fanico do art. 22 da LRF)<\/td>\n<td>35.516.868,71<\/td>\n<td>51,30<\/td>\n<\/tr>\n<tr>\n<td>LIMITE DE ALERTA (XI) = (0,90 x IX) (inciso II do \u00a71\u00ba do art. 59 da LRF)<\/td>\n<td>33.647.559,83<\/td>\n<td>48,60<\/td>\n<\/tr>\n<\/tbody>\n<\/table>\n<p>&nbsp;<\/p>\n<table class=\"mat\" border=\"1\" cellspacing=\"0\" cellpadding=\"0\" align=\"left\">\n<tbody>\n<tr>\n<td><b>D\u00cdVIDA CONSOLIDADA<\/b><\/td>\n<td><b>VALOR AT\u00c9 O QUADRIMESTRE DE REFER\u00caNCIA<\/b><\/td>\n<td><b>% SOBRE A RCL AJUSTADA<\/b><\/td>\n<\/tr>\n<tr>\n<td>D\u00cdVIDA CONSOLIDADA L\u00cdQUIDA (DCL) (III) = (I &#8211; II)<\/td>\n<td>0,00<\/td>\n<td>0,00<\/td>\n<\/tr>\n<tr>\n<td>LIMITE DEFINIDO POR RESOLU\u00c7\u00c3O DO SENADO FEDERAL &#8211; &lt;%&gt;<\/td>\n<td>0,00<\/td>\n<td>0,00<\/td>\n<\/tr>\n<tr>\n<td><b>GARANTIAS DE VALORES<\/b><\/td>\n<td><b>VALOR AT\u00c9 O QUADRIMESTRE DE REFER\u00caNCIA<\/b><\/td>\n<td><b>% SOBRE A RCL AJUSTADA<\/b><\/td>\n<\/tr>\n<tr>\n<td>TOTAL GARANTIAS CONCEDIDAS (V) = (I + II + III + IV)<\/td>\n<td>0,00<\/td>\n<td>0,00<\/td>\n<\/tr>\n<tr>\n<td>LIMITE DEFINIDO POR RESOLU\u00c7\u00c3O DO SENADO FEDERAL &#8211; 22%<\/td>\n<td>0,00<\/td>\n<td>0,00<\/td>\n<\/tr>\n<tr>\n<td><b>OPERA\u00c7\u00d5ES DE CR\u00c9DITO<\/b><\/td>\n<td><b>VALOR<\/b><\/td>\n<td><b>% SOBRE A RCL AJUSTADA<\/b><\/td>\n<\/tr>\n<tr>\n<td>TOTAL (III)<\/td>\n<td>0,00<\/td>\n<td>0,00<\/td>\n<\/tr>\n<tr>\n<td>LIMITE GERAL DEFINIDO POR RESOLU\u00c7\u00c3O DO SENADO FEDERAL PARA AS OPERA\u00c7\u00d5ES DE CR\u00c9DITO INTERNAS E EXTERNAS<\/td>\n<td>11.077.385, 95<\/td>\n<td>16,00<\/td>\n<\/tr>\n<tr>\n<td>OPERA\u00c7\u00d5ES DE CR\u00c9DITO POR ANTECIPA\u00c7\u00c3O DA RECEITA OR\u00c7AMENT\u00c1RIA<\/td>\n<td>0,00<\/td>\n<td>0,00<\/td>\n<\/tr>\n<tr>\n<td>LIMITE DEFINIDO POR RESOLU\u00c7\u00c3O DO SENADO FEDERAL PARA AS OPERA\u00c7\u00d5ES DE CR\u00c9DITO POR ANTECIPA\u00c7\u00c3O DA RECEITA OR\u00c7AMENT\u00c1RIA<\/td>\n<td>4.846.356,35<\/td>\n<td>7,00<\/td>\n<\/tr>\n<tr>\n<td colspan=\"3\"><b>RESTOS A PAGAR<\/b><\/td>\n<\/tr>\n<tr>\n<td colspan=\"3\">SEM INFORMA\u00c7\u00d5ES<\/td>\n<\/tr>\n<tr>\n<td colspan=\"3\">Nota Explicativa:<\/td>\n<\/tr>\n<\/tbody>\n<\/table>\n<p>&nbsp;<\/p>\n<\/div>\n<div class=\"pdfprnt-buttons pdfprnt-buttons-post pdfprnt-bottom-right\"><a href=\"https:\/\/lajes.rn.gov.br\/transparente\/index\/wp-json\/wp\/v2\/posts\/29724?print=pdf\" class=\"pdfprnt-button pdfprnt-button-pdf\" target=\"_blank\" ><img decoding=\"async\" src=\"https:\/\/lajes.rn.gov.br\/transparente\/index\/wp-content\/plugins\/pdf-print\/images\/pdf.png\" alt=\"image_pdf\" title=\"Ver PDF\" \/><\/a><a href=\"https:\/\/lajes.rn.gov.br\/transparente\/index\/wp-json\/wp\/v2\/posts\/29724?print=print\" class=\"pdfprnt-button pdfprnt-button-print\" target=\"_blank\" ><img decoding=\"async\" src=\"https:\/\/lajes.rn.gov.br\/transparente\/index\/wp-content\/plugins\/pdf-print\/images\/print.png\" alt=\"image_print\" title=\"Conte\u00fado de impress\u00e3o\" \/><\/a><\/div>","protected":false},"excerpt":{"rendered":"<p>ESTADO DO RIO GRANDE DO NORTE PREFEITURA MUNICIPAL DE LAJES GABINETE DO PREFEITO RGF &#8211; ANEXO MUNIC\u00cdPIO LAJES\/RN &#8211; PODER EXECUTIVO RELAT\u00d3RIO DE GEST\u00c3O FISCAL \u2013 RGF DEMONSTRATIVO SIMPLIFICADO DO RELAT\u00d3RIO DE GEST\u00c3O FISCAL OR\u00c7AMENTO FISCAL E DA SEGURIDADE SOCIAL 1\u00ba Semestre de 2023 RGF &#8211; Anexo 22 (TCE \/ RN) em Reais RECEITA CORRENTE [&hellip;]<\/p>\n","protected":false},"author":3,"featured_media":0,"comment_status":"closed","ping_status":"closed","sticky":false,"template":"","format":"standard","meta":{"ocean_post_layout":"","ocean_both_sidebars_style":"","ocean_both_sidebars_content_width":0,"ocean_both_sidebars_sidebars_width":0,"ocean_sidebar":"","ocean_second_sidebar":"","ocean_disable_margins":"enable","ocean_add_body_class":"","ocean_shortcode_before_top_bar":"","ocean_shortcode_after_top_bar":"","ocean_shortcode_before_header":"","ocean_shortcode_after_header":"","ocean_has_shortcode":"","ocean_shortcode_after_title":"","ocean_shortcode_before_footer_widgets":"","ocean_shortcode_after_footer_widgets":"","ocean_shortcode_before_footer_bottom":"","ocean_shortcode_after_footer_bottom":"","ocean_display_top_bar":"default","ocean_display_header":"default","ocean_header_style":"","ocean_center_header_left_menu":"","ocean_custom_header_template":"","ocean_custom_logo":0,"ocean_custom_retina_logo":0,"ocean_custom_logo_max_width":0,"ocean_custom_logo_tablet_max_width":0,"ocean_custom_logo_mobile_max_width":0,"ocean_custom_logo_max_height":0,"ocean_custom_logo_tablet_max_height":0,"ocean_custom_logo_mobile_max_height":0,"ocean_header_custom_menu":"","ocean_menu_typo_font_family":"","ocean_menu_typo_font_subset":"","ocean_menu_typo_font_size":0,"ocean_menu_typo_font_size_tablet":0,"ocean_menu_typo_font_size_mobile":0,"ocean_menu_typo_font_size_unit":"px","ocean_menu_typo_font_weight":"","ocean_menu_typo_font_weight_tablet":"","ocean_menu_typo_font_weight_mobile":"","ocean_menu_typo_transform":"","ocean_menu_typo_transform_tablet":"","ocean_menu_typo_transform_mobile":"","ocean_menu_typo_line_height":0,"ocean_menu_typo_line_height_tablet":0,"ocean_menu_typo_line_height_mobile":0,"ocean_menu_typo_line_height_unit":"","ocean_menu_typo_spacing":0,"ocean_menu_typo_spacing_tablet":0,"ocean_menu_typo_spacing_mobile":0,"ocean_menu_typo_spacing_unit":"","ocean_menu_link_color":"","ocean_menu_link_color_hover":"","ocean_menu_link_color_active":"","ocean_menu_link_background":"","ocean_menu_link_hover_background":"","ocean_menu_link_active_background":"","ocean_menu_social_links_bg":"","ocean_menu_social_hover_links_bg":"","ocean_menu_social_links_color":"","ocean_menu_social_hover_links_color":"","ocean_disable_title":"default","ocean_disable_heading":"default","ocean_post_title":"","ocean_post_subheading":"","ocean_post_title_style":"","ocean_post_title_background_color":"","ocean_post_title_background":0,"ocean_post_title_bg_image_position":"","ocean_post_title_bg_image_attachment":"","ocean_post_title_bg_image_repeat":"","ocean_post_title_bg_image_size":"","ocean_post_title_height":0,"ocean_post_title_bg_overlay":0.5,"ocean_post_title_bg_overlay_color":"","ocean_disable_breadcrumbs":"default","ocean_breadcrumbs_color":"","ocean_breadcrumbs_separator_color":"","ocean_breadcrumbs_links_color":"","ocean_breadcrumbs_links_hover_color":"","ocean_display_footer_widgets":"default","ocean_display_footer_bottom":"default","ocean_custom_footer_template":"","ocean_post_oembed":"","ocean_post_self_hosted_media":"","ocean_post_video_embed":"","ocean_link_format":"","ocean_link_format_target":"self","ocean_quote_format":"","ocean_quote_format_link":"post","ocean_gallery_link_images":"on","ocean_gallery_id":[],"footnotes":""},"categories":[17,28,29],"tags":[],"class_list":["post-29724","post","type-post","status-publish","format-standard","hentry","category-instrumentos-da-transparencia","category-rgf","category-rgf-2023","entry"],"_links":{"self":[{"href":"https:\/\/lajes.rn.gov.br\/transparente\/index\/wp-json\/wp\/v2\/posts\/29724","targetHints":{"allow":["GET"]}}],"collection":[{"href":"https:\/\/lajes.rn.gov.br\/transparente\/index\/wp-json\/wp\/v2\/posts"}],"about":[{"href":"https:\/\/lajes.rn.gov.br\/transparente\/index\/wp-json\/wp\/v2\/types\/post"}],"author":[{"embeddable":true,"href":"https:\/\/lajes.rn.gov.br\/transparente\/index\/wp-json\/wp\/v2\/users\/3"}],"replies":[{"embeddable":true,"href":"https:\/\/lajes.rn.gov.br\/transparente\/index\/wp-json\/wp\/v2\/comments?post=29724"}],"version-history":[{"count":1,"href":"https:\/\/lajes.rn.gov.br\/transparente\/index\/wp-json\/wp\/v2\/posts\/29724\/revisions"}],"predecessor-version":[{"id":29725,"href":"https:\/\/lajes.rn.gov.br\/transparente\/index\/wp-json\/wp\/v2\/posts\/29724\/revisions\/29725"}],"wp:attachment":[{"href":"https:\/\/lajes.rn.gov.br\/transparente\/index\/wp-json\/wp\/v2\/media?parent=29724"}],"wp:term":[{"taxonomy":"category","embeddable":true,"href":"https:\/\/lajes.rn.gov.br\/transparente\/index\/wp-json\/wp\/v2\/categories?post=29724"},{"taxonomy":"post_tag","embeddable":true,"href":"https:\/\/lajes.rn.gov.br\/transparente\/index\/wp-json\/wp\/v2\/tags?post=29724"}],"curies":[{"name":"wp","href":"https:\/\/api.w.org\/{rel}","templated":true}]}}