{"id":29720,"date":"2023-07-28T08:23:39","date_gmt":"2023-07-28T11:23:39","guid":{"rendered":"https:\/\/lajes.rn.gov.br\/transparente\/index\/?p=29720"},"modified":"2023-08-01T08:24:37","modified_gmt":"2023-08-01T11:24:37","slug":"rgf-anexo-18-1o-semestre-de-2023","status":"publish","type":"post","link":"https:\/\/lajes.rn.gov.br\/transparente\/index\/rgf-anexo-18-1o-semestre-de-2023\/","title":{"rendered":"RGF &#8211; ANEXO 18 &#8211; 1\u00ba Semestre de 2023"},"content":{"rendered":"<div id=\"separador\" class=\"cabecalhoEstadoSeparador cabecalhoEstadoSeparador2\">\n<p style=\"text-align: center;\"><strong>ESTADO DO RIO GRANDE DO NORTE<\/strong><br \/>\n<strong>PREFEITURA MUNICIPAL DE LAJES<\/strong><\/p>\n<\/div>\n<p class=\"cabecaorgao\" style=\"text-align: center;\"><strong>GABINETE DO PREFEITO<\/strong><\/p>\n<hr \/>\n<div id=\"materia\" class=\"materia materia20091123 materia2\">\n<p>RGF &#8211; ANEXO 18<\/p>\n<div class=\"mat\"><\/div>\n<table class=\"mat\" border=\"1\" cellspacing=\"0\" cellpadding=\"0\" align=\"left\">\n<tbody>\n<tr>\n<td colspan=\"3\">MUNIC\u00cdPIO LAJES\/RN &#8211; PODER EXECUTIVO<\/td>\n<\/tr>\n<tr>\n<td colspan=\"3\">RELAT\u00d3RIO DE GEST\u00c3O FISCAL \u2013 RGF<\/td>\n<\/tr>\n<tr>\n<td colspan=\"3\"><b>DEMONSTRATIVO DAS OPERA\u00c7\u00d5ES DE CR\u00c9DITO<\/b><\/td>\n<\/tr>\n<tr>\n<td colspan=\"3\">OR\u00c7AMENTO FISCAL E DA SEGURIDADE SOCIAL<\/td>\n<\/tr>\n<tr>\n<td colspan=\"3\">1\u00ba Semestre de 2023<\/td>\n<\/tr>\n<tr>\n<td colspan=\"2\">RGF &#8211; Anexo 18 (TCE \/ RN)<\/td>\n<td>em Reais<\/td>\n<\/tr>\n<tr>\n<td rowspan=\"2\"><b>OPERA\u00c7\u00d5ES DE CR\u00c9DITO<\/b><\/td>\n<td colspan=\"2\"><b>VALOR REALIZADO<\/b><\/td>\n<\/tr>\n<tr>\n<td><b>No Quadrimestre de Refer\u00eancia<\/b><\/td>\n<td><b>At\u00e9 o Quadrimestre de Refer\u00eancia (a)<\/b><\/td>\n<\/tr>\n<tr>\n<td>Mobili\u00e1ria<\/td>\n<td>0,00<\/td>\n<td>0,00<\/td>\n<\/tr>\n<tr>\n<td>Interna<\/td>\n<td>0,00<\/td>\n<td>0,00<\/td>\n<\/tr>\n<tr>\n<td>Externa<\/td>\n<td>0,00<\/td>\n<td>0,00<\/td>\n<\/tr>\n<tr>\n<td>Contratual<\/td>\n<td>0,00<\/td>\n<td>0,00<\/td>\n<\/tr>\n<tr>\n<td>Interna<\/td>\n<td>0,00<\/td>\n<td>0,00<\/td>\n<\/tr>\n<tr>\n<td>Empr\u00e9stimos<\/td>\n<td>0,00<\/td>\n<td>0,00<\/td>\n<\/tr>\n<tr>\n<td>Aquisi\u00e7\u00e3o Financiada de Bens e Arrendamento Mercantil Financeiro<\/td>\n<td>0,00<\/td>\n<td>0,00<\/td>\n<\/tr>\n<tr>\n<td>Antecipa\u00e7\u00e3o de Receita pela Venda a Termo de Bens e Servi\u00e7os<\/td>\n<td>0,00<\/td>\n<td>0,00<\/td>\n<\/tr>\n<tr>\n<td>Assun\u00e7\u00e3o, Reconhecimento e Confiss\u00e3o de D\u00edvidas (LRF, art. 29, \u00a7 1\u00ba)<\/td>\n<td>0,00<\/td>\n<td>0,00<\/td>\n<\/tr>\n<tr>\n<td>Opera\u00e7\u00f5es de cr\u00e9dito n\u00e3o sujeitas ao limite para fins de contrata\u00e7\u00e3o (I)<\/td>\n<td>0,00<\/td>\n<td>0,00<\/td>\n<\/tr>\n<tr>\n<td>Externa<\/td>\n<td>0,00<\/td>\n<td>0,00<\/td>\n<\/tr>\n<tr>\n<td>Empr\u00e9stimos<\/td>\n<td>0,00<\/td>\n<td>0,00<\/td>\n<\/tr>\n<tr>\n<td>Aquisi\u00e7\u00e3o Financiada de Bens e Arrendament o Mercant il Financeiro<\/td>\n<td>0,00<\/td>\n<td>0,00<\/td>\n<\/tr>\n<tr>\n<td>Antecipa\u00e7\u00e3o de Receita pela Venda a Termo de Bens e Servi\u00e7os<\/td>\n<td>0,00<\/td>\n<td>0,00<\/td>\n<\/tr>\n<tr>\n<td>Assun\u00e7\u00e3o, Reconhecimento e Confiss\u00e3o de D\u00edvidas (LRF, art. 29, \u00a7 1\u00ba)<\/td>\n<td>0,00<\/td>\n<td>0,00<\/td>\n<\/tr>\n<tr>\n<td>Opera\u00e7\u00f5es de cr\u00e9dito n\u00e3o sujeitas ao limite para fins de contrata\u00e7\u00e3o (II)<\/td>\n<td>0,00<\/td>\n<td>0,00<\/td>\n<\/tr>\n<tr>\n<td><b>TOTAL (III)<\/b><\/td>\n<td><b>0,00<\/b><\/td>\n<td><b>0,00<\/b><\/td>\n<\/tr>\n<\/tbody>\n<\/table>\n<p>&nbsp;<\/p>\n<table class=\"mat\" border=\"1\" cellspacing=\"0\" cellpadding=\"0\" align=\"left\">\n<tbody>\n<tr>\n<td><b>APURA\u00c7\u00c3O DO CUMPRIMENTO DOS LIMITES<\/b><\/td>\n<td><b>VALOR<\/b><\/td>\n<td><b>% SOBRE A RCL AJUSTADA<\/b><\/td>\n<\/tr>\n<tr>\n<td>RECEITA CORRENTE L\u00cdQUIDA \u2013 RCL (IV)<\/td>\n<td>69.233.662,20<\/td>\n<td>&#8211;<\/td>\n<\/tr>\n<tr>\n<td>(-) Transfer\u00eancias obrigat\u00f3rias da Uni\u00e3o relativas \u00e0s emendas individuais (\u00a7 1\u00ba,art. 166-A da CF) (V)<\/td>\n<td>0,00<\/td>\n<td>&#8211;<\/td>\n<\/tr>\n<tr>\n<td>RECEITA CORRENTE L\u00cdQUIDA AJUSTADA PARA C\u00c1LCULO DOS LIMITES DE ENDIVIDAMENTO (VI) = (IV &#8211; V)<\/td>\n<td>69.233.662,20<\/td>\n<td>&#8211;<\/td>\n<\/tr>\n<tr>\n<td>OPERA\u00c7\u00d5ES VEDADAS (VII)<\/td>\n<td>0,00<\/td>\n<td>0,00<\/td>\n<\/tr>\n<tr>\n<td>TOTAL CONSIDERADO PARA FINS DA APURA\u00c7\u00c3O DO CUMPRIMENTO DO LIMITE (VIII)= (IIIa + VII &#8211; Ia &#8211; IIa)<\/td>\n<td>0,00<\/td>\n<td>0,00<\/td>\n<\/tr>\n<tr>\n<td>LIMITE GERAL DEFINIDO POR RESOLU\u00c7\u00c3O DO SENADO FEDERAL PARA AS OPERA\u00c7\u00d5ES DE CR\u00c9DITO INTERNAS E EXTERNAS<\/td>\n<td>11.077.385,95<\/td>\n<td>16,00<\/td>\n<\/tr>\n<tr>\n<td>LIMITE DE ALERTA (inciso III do \u00a71\u00ba do art. 59 da LRF) &#8211; &lt;%&gt;<\/td>\n<td>9.969.647,36<\/td>\n<td>14,40<\/td>\n<\/tr>\n<tr>\n<td>OPERA\u00c7\u00d5ES DE CR\u00c9DITO POR ANTECIPA\u00c7\u00c3O DA RECEITA OR\u00c7AMENT\u00c1RIA<\/td>\n<td>0,00<\/td>\n<td>0,00<\/td>\n<\/tr>\n<tr>\n<td>LIMITE DEFINIDO POR RESOLU\u00c7\u00c3O DO SENADO FEDERAL PARA AS OPERA\u00c7\u00d5ES DE CR\u00c9DITO POR ANTECIPA\u00c7\u00c3O DA RECEITA OR\u00c7AMENT\u00c1RIA<\/td>\n<td>4.846.356,35<\/td>\n<td>7,00<\/td>\n<\/tr>\n<\/tbody>\n<\/table>\n<p>&nbsp;<\/p>\n<table class=\"mat\" border=\"1\" cellspacing=\"0\" cellpadding=\"0\" align=\"left\">\n<tbody>\n<tr>\n<td rowspan=\"2\"><b>OUTRAS OPERA\u00c7\u00d5ES QUE INTEGRAM A D\u00cdVIDA CONSOLIDADA<\/b><\/td>\n<td colspan=\"2\"><b>VALOR REALIZADO<\/b><\/td>\n<\/tr>\n<tr>\n<td><b>No Quadrimestre de Refer\u00eancia<\/b><\/td>\n<td><b>At\u00e9 o Quadrimestre de Refer\u00eancia (a)<\/b><\/td>\n<\/tr>\n<tr>\n<td>Parcelamentos de D\u00edvidas<\/td>\n<td>0,00<\/td>\n<td>0,00<\/td>\n<\/tr>\n<tr>\n<td>Tributos<\/td>\n<td>0,00<\/td>\n<td>0,00<\/td>\n<\/tr>\n<tr>\n<td>Contribui\u00e7\u00f5es Previdenci\u00e1rias<\/td>\n<td>0,00<\/td>\n<td>0,00<\/td>\n<\/tr>\n<tr>\n<td>FGTS<\/td>\n<td>0,00<\/td>\n<td>0,00<\/td>\n<\/tr>\n<tr>\n<td>Demais Contribui\u00e7\u00f5es Sociais<\/td>\n<td>0,00<\/td>\n<td>0,00<\/td>\n<\/tr>\n<tr>\n<td>Opera\u00e7\u00f5es de reestrutura\u00e7\u00e3o e recomposi\u00e7\u00e3o do principal de d\u00edvidas<\/td>\n<td>0,00<\/td>\n<td>0,00<\/td>\n<\/tr>\n<tr>\n<td colspan=\"3\">Nota Explicativa:<\/td>\n<\/tr>\n<\/tbody>\n<\/table>\n<div align=\"right\"><\/div>\n<\/div>\n<div class=\"pdfprnt-buttons pdfprnt-buttons-post pdfprnt-bottom-right\"><a href=\"https:\/\/lajes.rn.gov.br\/transparente\/index\/wp-json\/wp\/v2\/posts\/29720?print=pdf\" class=\"pdfprnt-button pdfprnt-button-pdf\" target=\"_blank\" ><img decoding=\"async\" src=\"https:\/\/lajes.rn.gov.br\/transparente\/index\/wp-content\/plugins\/pdf-print\/images\/pdf.png\" alt=\"image_pdf\" title=\"Ver PDF\" \/><\/a><a href=\"https:\/\/lajes.rn.gov.br\/transparente\/index\/wp-json\/wp\/v2\/posts\/29720?print=print\" class=\"pdfprnt-button pdfprnt-button-print\" target=\"_blank\" ><img decoding=\"async\" src=\"https:\/\/lajes.rn.gov.br\/transparente\/index\/wp-content\/plugins\/pdf-print\/images\/print.png\" alt=\"image_print\" title=\"Conte\u00fado de impress\u00e3o\" \/><\/a><\/div>","protected":false},"excerpt":{"rendered":"<p>ESTADO DO RIO GRANDE DO NORTE PREFEITURA MUNICIPAL DE LAJES GABINETE DO PREFEITO RGF &#8211; ANEXO 18 MUNIC\u00cdPIO LAJES\/RN &#8211; PODER EXECUTIVO RELAT\u00d3RIO DE GEST\u00c3O FISCAL \u2013 RGF DEMONSTRATIVO DAS OPERA\u00c7\u00d5ES DE CR\u00c9DITO OR\u00c7AMENTO FISCAL E DA SEGURIDADE SOCIAL 1\u00ba Semestre de 2023 RGF &#8211; Anexo 18 (TCE \/ RN) em Reais OPERA\u00c7\u00d5ES DE CR\u00c9DITO [&hellip;]<\/p>\n","protected":false},"author":3,"featured_media":0,"comment_status":"closed","ping_status":"closed","sticky":false,"template":"","format":"standard","meta":{"ocean_post_layout":"","ocean_both_sidebars_style":"","ocean_both_sidebars_content_width":0,"ocean_both_sidebars_sidebars_width":0,"ocean_sidebar":"","ocean_second_sidebar":"","ocean_disable_margins":"enable","ocean_add_body_class":"","ocean_shortcode_before_top_bar":"","ocean_shortcode_after_top_bar":"","ocean_shortcode_before_header":"","ocean_shortcode_after_header":"","ocean_has_shortcode":"","ocean_shortcode_after_title":"","ocean_shortcode_before_footer_widgets":"","ocean_shortcode_after_footer_widgets":"","ocean_shortcode_before_footer_bottom":"","ocean_shortcode_after_footer_bottom":"","ocean_display_top_bar":"default","ocean_display_header":"default","ocean_header_style":"","ocean_center_header_left_menu":"","ocean_custom_header_template":"","ocean_custom_logo":0,"ocean_custom_retina_logo":0,"ocean_custom_logo_max_width":0,"ocean_custom_logo_tablet_max_width":0,"ocean_custom_logo_mobile_max_width":0,"ocean_custom_logo_max_height":0,"ocean_custom_logo_tablet_max_height":0,"ocean_custom_logo_mobile_max_height":0,"ocean_header_custom_menu":"","ocean_menu_typo_font_family":"","ocean_menu_typo_font_subset":"","ocean_menu_typo_font_size":0,"ocean_menu_typo_font_size_tablet":0,"ocean_menu_typo_font_size_mobile":0,"ocean_menu_typo_font_size_unit":"px","ocean_menu_typo_font_weight":"","ocean_menu_typo_font_weight_tablet":"","ocean_menu_typo_font_weight_mobile":"","ocean_menu_typo_transform":"","ocean_menu_typo_transform_tablet":"","ocean_menu_typo_transform_mobile":"","ocean_menu_typo_line_height":0,"ocean_menu_typo_line_height_tablet":0,"ocean_menu_typo_line_height_mobile":0,"ocean_menu_typo_line_height_unit":"","ocean_menu_typo_spacing":0,"ocean_menu_typo_spacing_tablet":0,"ocean_menu_typo_spacing_mobile":0,"ocean_menu_typo_spacing_unit":"","ocean_menu_link_color":"","ocean_menu_link_color_hover":"","ocean_menu_link_color_active":"","ocean_menu_link_background":"","ocean_menu_link_hover_background":"","ocean_menu_link_active_background":"","ocean_menu_social_links_bg":"","ocean_menu_social_hover_links_bg":"","ocean_menu_social_links_color":"","ocean_menu_social_hover_links_color":"","ocean_disable_title":"default","ocean_disable_heading":"default","ocean_post_title":"","ocean_post_subheading":"","ocean_post_title_style":"","ocean_post_title_background_color":"","ocean_post_title_background":0,"ocean_post_title_bg_image_position":"","ocean_post_title_bg_image_attachment":"","ocean_post_title_bg_image_repeat":"","ocean_post_title_bg_image_size":"","ocean_post_title_height":0,"ocean_post_title_bg_overlay":0.5,"ocean_post_title_bg_overlay_color":"","ocean_disable_breadcrumbs":"default","ocean_breadcrumbs_color":"","ocean_breadcrumbs_separator_color":"","ocean_breadcrumbs_links_color":"","ocean_breadcrumbs_links_hover_color":"","ocean_display_footer_widgets":"default","ocean_display_footer_bottom":"default","ocean_custom_footer_template":"","ocean_post_oembed":"","ocean_post_self_hosted_media":"","ocean_post_video_embed":"","ocean_link_format":"","ocean_link_format_target":"self","ocean_quote_format":"","ocean_quote_format_link":"post","ocean_gallery_link_images":"on","ocean_gallery_id":[],"footnotes":""},"categories":[17,28,29],"tags":[],"class_list":["post-29720","post","type-post","status-publish","format-standard","hentry","category-instrumentos-da-transparencia","category-rgf","category-rgf-2023","entry"],"_links":{"self":[{"href":"https:\/\/lajes.rn.gov.br\/transparente\/index\/wp-json\/wp\/v2\/posts\/29720","targetHints":{"allow":["GET"]}}],"collection":[{"href":"https:\/\/lajes.rn.gov.br\/transparente\/index\/wp-json\/wp\/v2\/posts"}],"about":[{"href":"https:\/\/lajes.rn.gov.br\/transparente\/index\/wp-json\/wp\/v2\/types\/post"}],"author":[{"embeddable":true,"href":"https:\/\/lajes.rn.gov.br\/transparente\/index\/wp-json\/wp\/v2\/users\/3"}],"replies":[{"embeddable":true,"href":"https:\/\/lajes.rn.gov.br\/transparente\/index\/wp-json\/wp\/v2\/comments?post=29720"}],"version-history":[{"count":1,"href":"https:\/\/lajes.rn.gov.br\/transparente\/index\/wp-json\/wp\/v2\/posts\/29720\/revisions"}],"predecessor-version":[{"id":29721,"href":"https:\/\/lajes.rn.gov.br\/transparente\/index\/wp-json\/wp\/v2\/posts\/29720\/revisions\/29721"}],"wp:attachment":[{"href":"https:\/\/lajes.rn.gov.br\/transparente\/index\/wp-json\/wp\/v2\/media?parent=29720"}],"wp:term":[{"taxonomy":"category","embeddable":true,"href":"https:\/\/lajes.rn.gov.br\/transparente\/index\/wp-json\/wp\/v2\/categories?post=29720"},{"taxonomy":"post_tag","embeddable":true,"href":"https:\/\/lajes.rn.gov.br\/transparente\/index\/wp-json\/wp\/v2\/tags?post=29720"}],"curies":[{"name":"wp","href":"https:\/\/api.w.org\/{rel}","templated":true}]}}