{"id":29473,"date":"2023-07-22T13:38:22","date_gmt":"2023-07-22T16:38:22","guid":{"rendered":"https:\/\/lajes.rn.gov.br\/transparente\/index\/?p=29473"},"modified":"2023-07-22T13:38:22","modified_gmt":"2023-07-22T16:38:22","slug":"anexo-18-convenios-e-congeneres","status":"publish","type":"post","link":"https:\/\/lajes.rn.gov.br\/transparente\/index\/anexo-18-convenios-e-congeneres\/","title":{"rendered":"ANEXO 18- CONV\u00caNIOS E CONG\u00caNERES"},"content":{"rendered":"<div class=\"indiv_tablepress tablepress_in_div\">\n<table id=\"tablepress-77\" class=\"tablepress tablepress-id-77 tbody-has-connected-cells\">\n<thead>\n<tr class=\"row-1\">\n\t<td class=\"column-1\"><\/td><td class=\"column-2\"><\/td><td class=\"column-3\"><\/td><td class=\"column-4\"><\/td><td class=\"column-5\"><\/td><td class=\"column-6\"><\/td><td class=\"column-7\"><\/td><td class=\"column-8\"><\/td><td class=\"column-9\"><\/td><td class=\"column-10\"><\/td><td class=\"column-11\"><\/td><td class=\"column-12\"><\/td><td class=\"column-13\"><\/td><td class=\"column-14\"><\/td>\n<\/tr>\n<\/thead>\n<tbody class=\"row-striping row-hover\">\n<tr class=\"row-2\">\n\t<td colspan=\"13\" class=\"column-1\"><strong>MODELO 16  - TRANSFER\u00caNCIAS RECEBIDAS MEDIANTE CONV\u00caNIOS<\/strong><\/td><td class=\"column-14\"><\/td>\n<\/tr>\n<tr class=\"row-3\">\n\t<td class=\"column-1\"><\/td><td class=\"column-2\"><\/td><td class=\"column-3\"><\/td><td class=\"column-4\"><\/td><td class=\"column-5\"><\/td><td class=\"column-6\"><\/td><td class=\"column-7\"><\/td><td class=\"column-8\"><\/td><td class=\"column-9\"><\/td><td class=\"column-10\"><\/td><td class=\"column-11\"><\/td><td class=\"column-12\"><\/td><td class=\"column-13\"><\/td><td class=\"column-14\"><\/td>\n<\/tr>\n<tr class=\"row-4\">\n\t<td rowspan=\"2\" class=\"column-1\"><strong>Conv\u00eanio n\u00ba \/ ano<\/strong><\/td><td colspan=\"2\" class=\"column-2\"><strong>Concedente<\/strong><\/td><td rowspan=\"2\" class=\"column-4\"><strong>Data da celebra\u00e7\u00e3o<\/strong><\/td><td colspan=\"2\" class=\"column-5\"><strong>Valor total previsto<\/strong><\/td><td rowspan=\"2\" class=\"column-7\"><strong>Objeto<\/strong><\/td><td colspan=\"6\" class=\"column-8\"><strong>Parcelas recebidas<\/strong><\/td><td class=\"column-14\"><\/td>\n<\/tr>\n<tr class=\"row-5\">\n\t<td class=\"column-2\"><strong>Nome<\/strong><\/td><td class=\"column-3\"><strong>CNPJ<\/strong><\/td><td class=\"column-5\"><strong>Concedente<\/strong><\/td><td class=\"column-6\"><strong>Convenente (contrapartida)<\/strong><\/td><td class=\"column-8\"><strong>N\u00ba<\/strong><\/td><td class=\"column-9\"><strong>Data<\/strong><\/td><td class=\"column-10\"><strong>Valor<\/strong><\/td><td class=\"column-11\"><strong>Data final<\/strong><\/td><td class=\"column-12\"><strong>Data PC<\/strong><\/td><td class=\"column-13\"><strong>Situa\u00e7\u00e3o da presta\u00e7\u00e3o<\/strong><\/td><td class=\"column-14\"><\/td>\n<\/tr>\n<tr class=\"row-6\">\n\t<td class=\"column-1\">647436<\/td><td class=\"column-2\">CEF-PROGRAMAS DO MINISTERIO DA SAUDE<\/td><td class=\"column-3\"><\/td><td class=\"column-4\">1\/22\/2009<\/td><td class=\"column-5\">  1,050,000.00 <\/td><td class=\"column-6\">  32,600.00 <\/td><td class=\"column-7\">CONSTRUCAO DE UMA UNIDADE DE PRONTO ATENDIMENTO PORTE I NO  MUNICIPIO DE LAJES<\/td><td class=\"column-8\">1<\/td><td class=\"column-9\">9\/2\/2009<\/td><td class=\"column-10\">  1,050,000.00 <\/td><td class=\"column-11\"><\/td><td class=\"column-12\"><\/td><td class=\"column-13\">ADIMPLENTE<\/td><td class=\"column-14\"><\/td>\n<\/tr>\n<tr class=\"row-7\">\n\t<td rowspan=\"6\" class=\"column-1\">647712<\/td><td rowspan=\"6\" class=\"column-2\">CEF\/MINISTERIO DO TURISMO\/MTUR<\/td><td rowspan=\"6\" class=\"column-3\"><\/td><td rowspan=\"6\" class=\"column-4\">1\/22\/2009<\/td><td rowspan=\"6\" class=\"column-5\">  425,000.00 <\/td><td rowspan=\"6\" class=\"column-6\">  13,500.00 <\/td><td rowspan=\"6\" class=\"column-7\">CONSTRUCAO DE PORTICO   1A  ETAPA NO MUNICIPIO DE LAJES<\/td><td class=\"column-8\">1<\/td><td class=\"column-9\">5\/6\/2011<\/td><td class=\"column-10\">  100,000.00 <\/td><td class=\"column-11\"><\/td><td class=\"column-12\"><\/td><td rowspan=\"6\" class=\"column-13\">ADMPLENTE<\/td><td class=\"column-14\"><\/td>\n<\/tr>\n<tr class=\"row-8\">\n\t<td class=\"column-8\">2<\/td><td class=\"column-9\">5\/13\/2011<\/td><td class=\"column-10\">  72,250.00 <\/td><td class=\"column-11\"><\/td><td class=\"column-12\"><\/td><td class=\"column-14\"><\/td>\n<\/tr>\n<tr class=\"row-9\">\n\t<td class=\"column-8\">3<\/td><td class=\"column-9\">12\/16\/2005<\/td><td class=\"column-10\">  40,250.00 <\/td><td class=\"column-11\"><\/td><td class=\"column-12\"><\/td><td class=\"column-14\"><\/td>\n<\/tr>\n<tr class=\"row-10\">\n\t<td class=\"column-8\">4<\/td><td class=\"column-9\">10\/19\/2016<\/td><td class=\"column-10\">  39,100.00 <\/td><td class=\"column-11\"><\/td><td class=\"column-12\"><\/td><td class=\"column-14\"><\/td>\n<\/tr>\n<tr class=\"row-11\">\n\t<td class=\"column-8\">5<\/td><td class=\"column-9\">12\/8\/2017<\/td><td class=\"column-10\">  88,400.00 <\/td><td class=\"column-11\"><\/td><td class=\"column-12\"><\/td><td class=\"column-14\"><\/td>\n<\/tr>\n<tr class=\"row-12\">\n\t<td class=\"column-8\">6<\/td><td class=\"column-9\">12\/17\/2019<\/td><td class=\"column-10\">  85,000.00 <\/td><td class=\"column-11\"><\/td><td class=\"column-12\"><\/td><td class=\"column-14\"><\/td>\n<\/tr>\n<tr class=\"row-13\">\n\t<td rowspan=\"3\" class=\"column-1\">759220<\/td><td rowspan=\"3\" class=\"column-2\">CEF\/MINISTERIO DO ESPORTE<\/td><td rowspan=\"3\" class=\"column-3\"><\/td><td rowspan=\"3\" class=\"column-4\">12\/8\/2011<\/td><td rowspan=\"3\" class=\"column-5\">  292,500.00 <\/td><td rowspan=\"3\" class=\"column-6\">  7,500.00 <\/td><td rowspan=\"3\" class=\"column-7\">Reforma e\/ou melhorias do campo de futebol do Municipio de Lajes\/RN - 2a etapa.<\/td><td class=\"column-8\">1<\/td><td class=\"column-9\">4\/26\/2013<\/td><td class=\"column-10\">  146,250.00 <\/td><td class=\"column-11\"><\/td><td class=\"column-12\"><\/td><td rowspan=\"3\" class=\"column-13\">EM EXECU\u00c7\u00c3O<\/td><td class=\"column-14\"><\/td>\n<\/tr>\n<tr class=\"row-14\">\n\t<td class=\"column-8\">2<\/td><td class=\"column-9\">12\/29\/2016<\/td><td class=\"column-10\">  87,750.00 <\/td><td class=\"column-11\"><\/td><td class=\"column-12\"><\/td><td class=\"column-14\"><\/td>\n<\/tr>\n<tr class=\"row-15\">\n\t<td class=\"column-8\">3<\/td><td class=\"column-9\">10\/26\/2018<\/td><td class=\"column-10\">  58,500.00 <\/td><td class=\"column-11\"><\/td><td class=\"column-12\"><\/td><td class=\"column-14\"><\/td>\n<\/tr>\n<tr class=\"row-16\">\n\t<td rowspan=\"3\" class=\"column-1\">772833<\/td><td rowspan=\"3\" class=\"column-2\">CEF\/MINISTERIO DO ESPORTE<\/td><td rowspan=\"3\" class=\"column-3\"><\/td><td rowspan=\"3\" class=\"column-4\">1\/9\/2013<\/td><td rowspan=\"3\" class=\"column-5\">  487,500.00 <\/td><td rowspan=\"3\" class=\"column-6\">  66,968.06 <\/td><td rowspan=\"3\" class=\"column-7\">Reforma e\/ou melhorias do campo de futebol do Municipio de Lajes\/RN - 3a etapa.<\/td><td class=\"column-8\">1<\/td><td class=\"column-9\">6\/12\/2014<\/td><td class=\"column-10\">  243,750.00 <\/td><td class=\"column-11\"><\/td><td class=\"column-12\"><\/td><td rowspan=\"3\" class=\"column-13\">NORMAL<\/td><td class=\"column-14\"><\/td>\n<\/tr>\n<tr class=\"row-17\">\n\t<td class=\"column-8\">2<\/td><td class=\"column-9\">8\/16\/2016<\/td><td class=\"column-10\">  146,250.00 <\/td><td class=\"column-11\"><\/td><td class=\"column-12\"><\/td><td class=\"column-14\"><\/td>\n<\/tr>\n<tr class=\"row-18\">\n\t<td class=\"column-8\">3<\/td><td class=\"column-9\">6\/12\/2018<\/td><td class=\"column-10\">  97,500.00 <\/td><td class=\"column-11\"><\/td><td class=\"column-12\"><\/td><td class=\"column-14\"><\/td>\n<\/tr>\n<tr class=\"row-19\">\n\t<td rowspan=\"3\" class=\"column-1\">780305<\/td><td rowspan=\"3\" class=\"column-2\">CEF\/MINISTERIO DO TURISMO\/MTUR<\/td><td rowspan=\"3\" class=\"column-3\"><\/td><td rowspan=\"3\" class=\"column-4\">1\/14\/2013<\/td><td rowspan=\"3\" class=\"column-5\">  243,750.00 <\/td><td rowspan=\"3\" class=\"column-6\">  6,250.00 <\/td><td rowspan=\"3\" class=\"column-7\">Construcao de Pracas Publicas no Municipio de Lajes\/RN.<\/td><td class=\"column-8\">1<\/td><td class=\"column-9\">4\/3\/2014<\/td><td class=\"column-10\">  121,875.00 <\/td><td class=\"column-11\"><\/td><td class=\"column-12\"><\/td><td rowspan=\"3\" class=\"column-13\">NORMAL<\/td><td class=\"column-14\"><\/td>\n<\/tr>\n<tr class=\"row-20\">\n\t<td class=\"column-8\">2<\/td><td class=\"column-9\">9\/19\/2018<\/td><td class=\"column-10\">  73,125.00 <\/td><td class=\"column-11\"><\/td><td class=\"column-12\"><\/td><td class=\"column-14\"><\/td>\n<\/tr>\n<tr class=\"row-21\">\n\t<td class=\"column-8\">3<\/td><td class=\"column-9\">4\/10\/2019<\/td><td class=\"column-10\">  48,750.00 <\/td><td class=\"column-11\"><\/td><td class=\"column-12\"><\/td><td class=\"column-14\"><\/td>\n<\/tr>\n<tr class=\"row-22\">\n\t<td rowspan=\"4\" class=\"column-1\">795625<\/td><td rowspan=\"4\" class=\"column-2\">CEF\/MINISTERIO DO ESPORTE<\/td><td rowspan=\"4\" class=\"column-3\"><\/td><td rowspan=\"4\" class=\"column-4\">12\/27\/2013<\/td><td rowspan=\"4\" class=\"column-5\">  500,000.00 <\/td><td rowspan=\"4\" class=\"column-6\">  43,891.75 <\/td><td rowspan=\"4\" class=\"column-7\">Implantacao e\/ou modernizacao de infraestrutura esportiva.<\/td><td class=\"column-8\">1<\/td><td class=\"column-9\">12\/18\/2015<\/td><td class=\"column-10\">  250,000.00 <\/td><td class=\"column-11\"><\/td><td class=\"column-12\"><\/td><td rowspan=\"4\" class=\"column-13\">EM EXECU\u00c7\u00c3O<\/td><td class=\"column-14\"><\/td>\n<\/tr>\n<tr class=\"row-23\">\n\t<td class=\"column-8\">2<\/td><td class=\"column-9\">12\/28\/2018<\/td><td class=\"column-10\">  150,000.00 <\/td><td class=\"column-11\"><\/td><td class=\"column-12\"><\/td><td class=\"column-14\"><\/td>\n<\/tr>\n<tr class=\"row-24\">\n\t<td class=\"column-8\">3<\/td><td class=\"column-9\">5\/2\/2019<\/td><td class=\"column-10\">  5,000.00 <\/td><td class=\"column-11\"><\/td><td class=\"column-12\"><\/td><td class=\"column-14\"><\/td>\n<\/tr>\n<tr class=\"row-25\">\n\t<td class=\"column-8\">4<\/td><td class=\"column-9\">6\/5\/2019<\/td><td class=\"column-10\">  95,000.00 <\/td><td class=\"column-11\"><\/td><td class=\"column-12\"><\/td><td class=\"column-14\"><\/td>\n<\/tr>\n<tr class=\"row-26\">\n\t<td rowspan=\"2\" class=\"column-1\">800657<\/td><td rowspan=\"2\" class=\"column-2\">CEF\/MINISTERIO DO TURISMO\/MTUR<\/td><td rowspan=\"2\" class=\"column-3\"><\/td><td rowspan=\"2\" class=\"column-4\">1\/17\/2014<\/td><td rowspan=\"2\" class=\"column-5\">  487,500.00 <\/td><td rowspan=\"2\" class=\"column-6\">  17,445.50 <\/td><td rowspan=\"2\" class=\"column-7\">Apoio a Projetos de Infraestrutura Turistica - Adaptacao e modernizacao do predio da Estacao Ferrovi...<\/td><td class=\"column-8\">1<\/td><td class=\"column-9\">12\/7\/2015<\/td><td class=\"column-10\">  243,750.00 <\/td><td class=\"column-11\"><\/td><td class=\"column-12\"><\/td><td rowspan=\"2\" class=\"column-13\">PRESTA\u00c7\u00c3O DE CONTAS EM COMPLEMENTA\u00c7\u00c3O<\/td><td class=\"column-14\"><\/td>\n<\/tr>\n<tr class=\"row-27\">\n\t<td class=\"column-8\">2<\/td><td class=\"column-9\">1\/14\/2016<\/td><td class=\"column-10\">  243,750.00 <\/td><td class=\"column-11\"><\/td><td class=\"column-12\"><\/td><td class=\"column-14\"><\/td>\n<\/tr>\n<tr class=\"row-28\">\n\t<td rowspan=\"2\" class=\"column-1\">814066<\/td><td rowspan=\"2\" class=\"column-2\">SECRETARIA DE AGRIC. FAM.E COOPERATIVIS\/CEF<\/td><td rowspan=\"2\" class=\"column-3\"><\/td><td rowspan=\"2\" class=\"column-4\">12\/17\/2014<\/td><td rowspan=\"2\" class=\"column-5\">  356,901.30 <\/td><td rowspan=\"2\" class=\"column-6\">  7,283.70 <\/td><td rowspan=\"2\" class=\"column-7\">Apoiar a comercializacao dos produtos oriundos da agricultura familiar do municipio de Lajes, garant...<\/td><td class=\"column-8\">1<\/td><td class=\"column-9\">1\/14\/2017<\/td><td class=\"column-10\">  178,450.65 <\/td><td class=\"column-11\"><\/td><td class=\"column-12\"><\/td><td rowspan=\"2\" class=\"column-13\">NORMAL<\/td><td class=\"column-14\"><\/td>\n<\/tr>\n<tr class=\"row-29\">\n\t<td class=\"column-8\">2<\/td><td class=\"column-9\">5\/27\/2019<\/td><td class=\"column-10\">  178,450.65 <\/td><td class=\"column-11\"><\/td><td class=\"column-12\"><\/td><td class=\"column-14\"><\/td>\n<\/tr>\n<tr class=\"row-30\">\n\t<td rowspan=\"4\" class=\"column-1\">838394<\/td><td rowspan=\"4\" class=\"column-2\">CEF\/MINISTERIO DO ESPORTE<\/td><td rowspan=\"4\" class=\"column-3\"><\/td><td rowspan=\"4\" class=\"column-4\">1\/3\/2017<\/td><td rowspan=\"4\" class=\"column-5\">  390,000.00 <\/td><td rowspan=\"4\" class=\"column-6\">  2,500.00 <\/td><td rowspan=\"4\" class=\"column-7\">Reforma e\/ou melhorias do campo de futebol do Municipio de Lajes\/RN - 4a etapa.<\/td><td class=\"column-8\">1<\/td><td class=\"column-9\">7\/3\/2018<\/td><td class=\"column-10\">  195,000.00 <\/td><td class=\"column-11\"><\/td><td class=\"column-12\"><\/td><td rowspan=\"4\" class=\"column-13\">EM EXECU\u00c7\u00c3O<\/td><td class=\"column-14\"><\/td>\n<\/tr>\n<tr class=\"row-31\">\n\t<td class=\"column-8\">2<\/td><td class=\"column-9\">7\/6\/2018<\/td><td class=\"column-10\">  117,000.00 <\/td><td class=\"column-11\"><\/td><td class=\"column-12\"><\/td><td class=\"column-14\"><\/td>\n<\/tr>\n<tr class=\"row-32\">\n\t<td class=\"column-8\">3<\/td><td class=\"column-9\">4\/30\/2019<\/td><td class=\"column-10\">  3,900.00 <\/td><td class=\"column-11\"><\/td><td class=\"column-12\"><\/td><td class=\"column-14\"><\/td>\n<\/tr>\n<tr class=\"row-33\">\n\t<td class=\"column-8\">4<\/td><td class=\"column-9\">6\/5\/2019<\/td><td class=\"column-10\">  74,100.00 <\/td><td class=\"column-11\"><\/td><td class=\"column-12\"><\/td><td class=\"column-14\"><\/td>\n<\/tr>\n<tr class=\"row-34\">\n\t<td class=\"column-1\">869861<\/td><td class=\"column-2\">CEF\/MINISTERIO DO TURISMO\/MTUR<\/td><td class=\"column-3\"><\/td><td class=\"column-4\">12\/28\/2018<\/td><td class=\"column-5\">  270,476.19 <\/td><td class=\"column-6\">  4,523.81 <\/td><td class=\"column-7\">Reforma das pracas Getulio Vargas e da Sebastiao Duda da Rocha no municipio de Lajes - RN<\/td><td class=\"column-8\"><\/td><td class=\"column-9\"><\/td><td class=\"column-10\"><\/td><td class=\"column-11\"><\/td><td class=\"column-12\"><\/td><td class=\"column-13\">EM EXECU\u00c7\u00c3O<\/td><td class=\"column-14\"><\/td>\n<\/tr>\n<tr class=\"row-35\">\n\t<td class=\"column-1\"><span style=\"color:#000000;\"><strong>N\u00ba da parcela liberada:<\/strong><\/span><span style=\"color:#000000;\"> informar o n\u00ba da parcela liberada do conv\u00eanio original ou do termo aditivo.<\/span><\/td><td class=\"column-2\"><\/td><td class=\"column-3\"><\/td><td class=\"column-4\"><\/td><td class=\"column-5\"><\/td><td class=\"column-6\"><\/td><td class=\"column-7\"><\/td><td class=\"column-8\"><\/td><td class=\"column-9\"><\/td><td class=\"column-10\"><\/td><td class=\"column-11\"><\/td><td class=\"column-12\"><\/td><td class=\"column-13\"><\/td><td class=\"column-14\"><\/td>\n<\/tr>\n<tr class=\"row-36\">\n\t<td class=\"column-1\"><span style=\"color:#000000;\"><strong>Data da parcela liberada:<\/strong><\/span><span style=\"color:#000000;\"> informar a data de libera\u00e7\u00e3o da parcela do conv\u00eanio original ou do termo aditivo.<\/span><\/td><td class=\"column-2\"><\/td><td class=\"column-3\"><\/td><td class=\"column-4\"><\/td><td class=\"column-5\"><\/td><td class=\"column-6\"><\/td><td class=\"column-7\"><\/td><td class=\"column-8\"><\/td><td class=\"column-9\"><\/td><td class=\"column-10\"><\/td><td class=\"column-11\"><\/td><td class=\"column-12\"><\/td><td class=\"column-13\"><\/td><td class=\"column-14\"><\/td>\n<\/tr>\n<tr class=\"row-37\">\n\t<td class=\"column-1\"><span style=\"color:#000000;\"><strong>Valor da parcela liberada:<\/strong><\/span><span style=\"color:#000000;\"> informar o valor liberado da parcela do conv\u00eanio original ou do termo aditivo.<\/span><\/td><td class=\"column-2\"><\/td><td class=\"column-3\"><\/td><td class=\"column-4\"><\/td><td class=\"column-5\"><\/td><td class=\"column-6\"><\/td><td class=\"column-7\"><\/td><td class=\"column-8\"><\/td><td class=\"column-9\"><\/td><td class=\"column-10\"><\/td><td class=\"column-11\"><\/td><td class=\"column-12\"><\/td><td class=\"column-13\"><\/td><td class=\"column-14\"><\/td>\n<\/tr>\n<tr class=\"row-38\">\n\t<td class=\"column-1\"><span style=\"color:#000000;\"><strong>Data final da parcela liberada:<\/strong><\/span><span style=\"color:#000000;\"> informar a data final prevista para aplica\u00e7\u00e3o da parcela do conv\u00eanio original ou do termo aditivo.<\/span><\/td><td class=\"column-2\"><\/td><td class=\"column-3\"><\/td><td class=\"column-4\"><\/td><td class=\"column-5\"><\/td><td class=\"column-6\"><\/td><td class=\"column-7\"><\/td><td class=\"column-8\"><\/td><td class=\"column-9\"><\/td><td class=\"column-10\"><\/td><td class=\"column-11\"><\/td><td class=\"column-12\"><\/td><td class=\"column-13\"><\/td><td class=\"column-14\"><\/td>\n<\/tr>\n<tr class=\"row-39\">\n\t<td class=\"column-1\"><span style=\"color:#000000;\"><strong>Data PC da parcela liberada:<\/strong><\/span><span style=\"color:#000000;\"> informar a data em que houve a presta\u00e7\u00e3o de contas da parcela do conv\u00eanio original ou do termo aditivo.<\/span><\/td><td class=\"column-2\"><\/td><td class=\"column-3\"><\/td><td class=\"column-4\"><\/td><td class=\"column-5\"><\/td><td class=\"column-6\"><\/td><td class=\"column-7\"><\/td><td class=\"column-8\"><\/td><td class=\"column-9\"><\/td><td class=\"column-10\"><\/td><td class=\"column-11\"><\/td><td class=\"column-12\"><\/td><td class=\"column-13\"><\/td><td class=\"column-14\"><\/td>\n<\/tr>\n<tr class=\"row-40\">\n\t<td class=\"column-1\"><span style=\"color:#000000;\"><strong>Situa\u00e7\u00e3o da parcela liberada:<\/strong><\/span><span style=\"color:#000000;\"> informar a situa\u00e7\u00e3o da parcela do conv\u00eanio original ou do termo aditivo, conforme a seguinte classifica\u00e7\u00e3o: em execu\u00e7\u00e3o, n\u00e3o prestado<\/span><\/td><td class=\"column-2\"><\/td><td class=\"column-3\"><\/td><td class=\"column-4\"><\/td><td class=\"column-5\"><\/td><td class=\"column-6\"><\/td><td class=\"column-7\"><\/td><td class=\"column-8\"><\/td><td class=\"column-9\"><\/td><td class=\"column-10\"><\/td><td class=\"column-11\"><\/td><td class=\"column-12\"><\/td><td class=\"column-13\"><\/td><td class=\"column-14\"><\/td>\n<\/tr>\n<tr class=\"row-41\">\n\t<td class=\"column-1\">contas, em an\u00e1lise de presta\u00e7\u00e3o de contas.<\/td><td class=\"column-2\"><\/td><td class=\"column-3\"><\/td><td class=\"column-4\"><\/td><td class=\"column-5\"><\/td><td class=\"column-6\"><\/td><td class=\"column-7\"><\/td><td class=\"column-8\"><\/td><td class=\"column-9\"><\/td><td class=\"column-10\"><\/td><td class=\"column-11\"><\/td><td class=\"column-12\"><\/td><td class=\"column-13\"><\/td><td class=\"column-14\"><\/td>\n<\/tr>\n<\/tbody>\n<\/table>\n<\/div><!-- #tablepress-77 from cache -->\n<div class=\"pdfprnt-buttons pdfprnt-buttons-post pdfprnt-bottom-right\"><a href=\"https:\/\/lajes.rn.gov.br\/transparente\/index\/wp-json\/wp\/v2\/posts\/29473?print=pdf\" class=\"pdfprnt-button pdfprnt-button-pdf\" target=\"_blank\" ><img decoding=\"async\" src=\"https:\/\/lajes.rn.gov.br\/transparente\/index\/wp-content\/plugins\/pdf-print\/images\/pdf.png\" alt=\"image_pdf\" title=\"Ver PDF\" \/><\/a><a href=\"https:\/\/lajes.rn.gov.br\/transparente\/index\/wp-json\/wp\/v2\/posts\/29473?print=print\" class=\"pdfprnt-button pdfprnt-button-print\" target=\"_blank\" ><img decoding=\"async\" src=\"https:\/\/lajes.rn.gov.br\/transparente\/index\/wp-content\/plugins\/pdf-print\/images\/print.png\" alt=\"image_print\" title=\"Conte\u00fado de impress\u00e3o\" \/><\/a><\/div>","protected":false},"excerpt":{"rendered":"","protected":false},"author":3,"featured_media":0,"comment_status":"closed","ping_status":"closed","sticky":false,"template":"","format":"standard","meta":{"ocean_post_layout":"","ocean_both_sidebars_style":"","ocean_both_sidebars_content_width":0,"ocean_both_sidebars_sidebars_width":0,"ocean_sidebar":"","ocean_second_sidebar":"","ocean_disable_margins":"enable","ocean_add_body_class":"","ocean_shortcode_before_top_bar":"","ocean_shortcode_after_top_bar":"","ocean_shortcode_before_header":"","ocean_shortcode_after_header":"","ocean_has_shortcode":"","ocean_shortcode_after_title":"","ocean_shortcode_before_footer_widgets":"","ocean_shortcode_after_footer_widgets":"","ocean_shortcode_before_footer_bottom":"","ocean_shortcode_after_footer_bottom":"","ocean_display_top_bar":"default","ocean_display_header":"default","ocean_header_style":"","ocean_center_header_left_menu":"","ocean_custom_header_template":"","ocean_custom_logo":0,"ocean_custom_retina_logo":0,"ocean_custom_logo_max_width":0,"ocean_custom_logo_tablet_max_width":0,"ocean_custom_logo_mobile_max_width":0,"ocean_custom_logo_max_height":0,"ocean_custom_logo_tablet_max_height":0,"ocean_custom_logo_mobile_max_height":0,"ocean_header_custom_menu":"","ocean_menu_typo_font_family":"","ocean_menu_typo_font_subset":"","ocean_menu_typo_font_size":0,"ocean_menu_typo_font_size_tablet":0,"ocean_menu_typo_font_size_mobile":0,"ocean_menu_typo_font_size_unit":"px","ocean_menu_typo_font_weight":"","ocean_menu_typo_font_weight_tablet":"","ocean_menu_typo_font_weight_mobile":"","ocean_menu_typo_transform":"","ocean_menu_typo_transform_tablet":"","ocean_menu_typo_transform_mobile":"","ocean_menu_typo_line_height":0,"ocean_menu_typo_line_height_tablet":0,"ocean_menu_typo_line_height_mobile":0,"ocean_menu_typo_line_height_unit":"","ocean_menu_typo_spacing":0,"ocean_menu_typo_spacing_tablet":0,"ocean_menu_typo_spacing_mobile":0,"ocean_menu_typo_spacing_unit":"","ocean_menu_link_color":"","ocean_menu_link_color_hover":"","ocean_menu_link_color_active":"","ocean_menu_link_background":"","ocean_menu_link_hover_background":"","ocean_menu_link_active_background":"","ocean_menu_social_links_bg":"","ocean_menu_social_hover_links_bg":"","ocean_menu_social_links_color":"","ocean_menu_social_hover_links_color":"","ocean_disable_title":"default","ocean_disable_heading":"default","ocean_post_title":"","ocean_post_subheading":"","ocean_post_title_style":"","ocean_post_title_background_color":"","ocean_post_title_background":0,"ocean_post_title_bg_image_position":"","ocean_post_title_bg_image_attachment":"","ocean_post_title_bg_image_repeat":"","ocean_post_title_bg_image_size":"","ocean_post_title_height":0,"ocean_post_title_bg_overlay":0.5,"ocean_post_title_bg_overlay_color":"","ocean_disable_breadcrumbs":"default","ocean_breadcrumbs_color":"","ocean_breadcrumbs_separator_color":"","ocean_breadcrumbs_links_color":"","ocean_breadcrumbs_links_hover_color":"","ocean_display_footer_widgets":"default","ocean_display_footer_bottom":"default","ocean_custom_footer_template":"","ocean_post_oembed":"","ocean_post_self_hosted_media":"","ocean_post_video_embed":"","ocean_link_format":"","ocean_link_format_target":"self","ocean_quote_format":"","ocean_quote_format_link":"post","ocean_gallery_link_images":"on","ocean_gallery_id":[],"footnotes":""},"categories":[1],"tags":[],"class_list":["post-29473","post","type-post","status-publish","format-standard","hentry","category-sem-categoria","entry"],"_links":{"self":[{"href":"https:\/\/lajes.rn.gov.br\/transparente\/index\/wp-json\/wp\/v2\/posts\/29473","targetHints":{"allow":["GET"]}}],"collection":[{"href":"https:\/\/lajes.rn.gov.br\/transparente\/index\/wp-json\/wp\/v2\/posts"}],"about":[{"href":"https:\/\/lajes.rn.gov.br\/transparente\/index\/wp-json\/wp\/v2\/types\/post"}],"author":[{"embeddable":true,"href":"https:\/\/lajes.rn.gov.br\/transparente\/index\/wp-json\/wp\/v2\/users\/3"}],"replies":[{"embeddable":true,"href":"https:\/\/lajes.rn.gov.br\/transparente\/index\/wp-json\/wp\/v2\/comments?post=29473"}],"version-history":[{"count":1,"href":"https:\/\/lajes.rn.gov.br\/transparente\/index\/wp-json\/wp\/v2\/posts\/29473\/revisions"}],"predecessor-version":[{"id":29476,"href":"https:\/\/lajes.rn.gov.br\/transparente\/index\/wp-json\/wp\/v2\/posts\/29473\/revisions\/29476"}],"wp:attachment":[{"href":"https:\/\/lajes.rn.gov.br\/transparente\/index\/wp-json\/wp\/v2\/media?parent=29473"}],"wp:term":[{"taxonomy":"category","embeddable":true,"href":"https:\/\/lajes.rn.gov.br\/transparente\/index\/wp-json\/wp\/v2\/categories?post=29473"},{"taxonomy":"post_tag","embeddable":true,"href":"https:\/\/lajes.rn.gov.br\/transparente\/index\/wp-json\/wp\/v2\/tags?post=29473"}],"curies":[{"name":"wp","href":"https:\/\/api.w.org\/{rel}","templated":true}]}}