{"id":29461,"date":"2023-07-22T13:33:54","date_gmt":"2023-07-22T16:33:54","guid":{"rendered":"https:\/\/lajes.rn.gov.br\/transparente\/index\/?p=29461"},"modified":"2023-07-22T13:33:54","modified_gmt":"2023-07-22T16:33:54","slug":"anexo-15-relacao-dos-contratos-vigentes-no-exercicio","status":"publish","type":"post","link":"https:\/\/lajes.rn.gov.br\/transparente\/index\/anexo-15-relacao-dos-contratos-vigentes-no-exercicio\/","title":{"rendered":"ANEXO 15- RELA\u00c7\u00c3O DOS CONTRATOS VIGENTES NO EXERCICIO"},"content":{"rendered":"<div class=\"indiv_tablepress tablepress_in_div\">\n<table id=\"tablepress-74\" class=\"tablepress tablepress-id-74\">\n<thead>\n<tr class=\"row-1\">\n\t<th class=\"column-1\">NumeroContrato<\/th><th class=\"column-2\">DataCelebracao<\/th><th class=\"column-3\">DataPublicacao<\/th><th class=\"column-4\">Vigencia<\/th><th class=\"column-5\">NumeroLicitacao<\/th><th class=\"column-6\">ModalidadeLicitacao<\/th><th class=\"column-7\">TipoLicitacao<\/th><th class=\"column-8\">NumeroAtaRegistroPreco<\/th><th class=\"column-9\">Objeto<\/th><th class=\"column-10\">FonteRecurso<\/th><th class=\"column-11\">ValorContrato<\/th><th class=\"column-12\">CNPJCPFContratado<\/th><th class=\"column-13\">NomeContratado<\/th><th class=\"column-14\">NomeGestor<\/th><th class=\"column-15\">NumeroTermoAditivo<\/th><th class=\"column-16\">DataCelebracaoAditivo<\/th><th class=\"column-17\">DataPublicacaoAditivo<\/th><th class=\"column-18\">ObjetoAditivo<\/th><th class=\"column-19\">ValorAditivo<\/th><th class=\"column-20\">PrazoAditivo<\/th><th class=\"column-21\">ValorLiquidado<\/th><th class=\"column-22\">DataLiquidacao<\/th><th class=\"column-23\">DataPagamento<\/th><th class=\"column-24\">ValorPago<\/th>\n<\/tr>\n<\/thead>\n<tbody class=\"row-striping row-hover\">\n<tr class=\"row-2\">\n\t<td class=\"column-1\">607\/2020\t<\/td><td class=\"column-2\">16\/07\/2020<\/td><td class=\"column-3\">16\/07\/2020<\/td><td class=\"column-4\">16\/07\/2020 - 16\/07\/2021<\/td><td class=\"column-5\">15\/2020\t<\/td><td class=\"column-6\">Preg\u00e3o Presencial<\/td><td class=\"column-7\">Menor Pre\u00e7o<\/td><td class=\"column-8\"><\/td><td class=\"column-9\">PRESTA\u00c7\u00c3O DE SERVI\u00c7OS DE MANUTEN\u00c7\u00c3O DE CATA VENTOS INSTALADOS NOS ASSENTAMENTOS E NA ZONA RURAL DO MUNIC\u00cdPIO DE LAJES RN, CONFORME AS ESPECIFICA\u00c7\u00d5ES E QUANTIDADES CONSTANTES DO TERMO DE REFER\u00caNCIA.<\/td><td class=\"column-10\">10010000 - Recursos Ordin\u00e1rios<\/td><td class=\"column-11\">18000<\/td><td class=\"column-12\">27.767.569\/0001-33<\/td><td class=\"column-13\">RAFAELA DA CONCEI\u00c7\u00c3O NUNES 12042025402<\/td><td class=\"column-14\">FELIPE FERREIRA DE MENEZES ARA\u00daJO<\/td><td class=\"column-15\"><\/td><td class=\"column-16\"><\/td><td class=\"column-17\"><\/td><td class=\"column-18\"><\/td><td class=\"column-19\">0<\/td><td class=\"column-20\"><\/td><td class=\"column-21\"><\/td><td class=\"column-22\"><\/td><td class=\"column-23\"><\/td><td class=\"column-24\"><\/td>\n<\/tr>\n<tr class=\"row-3\">\n\t<td class=\"column-1\">607\/2020\t<\/td><td class=\"column-2\">16\/07\/2020<\/td><td class=\"column-3\">16\/07\/2020<\/td><td class=\"column-4\">16\/07\/2020 - 16\/07\/2021<\/td><td class=\"column-5\">15\/2020\t<\/td><td class=\"column-6\">Preg\u00e3o Presencial<\/td><td class=\"column-7\">Menor Pre\u00e7o<\/td><td class=\"column-8\"><\/td><td class=\"column-9\">PRESTA\u00c7\u00c3O DE SERVI\u00c7OS DE MANUTEN\u00c7\u00c3O DE CATA VENTOS INSTALADOS NOS ASSENTAMENTOS E NA ZONA RURAL DO MUNIC\u00cdPIO DE LAJES RN, CONFORME AS ESPECIFICA\u00c7\u00d5ES E QUANTIDADES CONSTANTES DO TERMO DE REFER\u00caNCIA.<\/td><td class=\"column-10\">10010000 - Recursos Ordin\u00e1rios<\/td><td class=\"column-11\">18000<\/td><td class=\"column-12\">27.767.569\/0001-33<\/td><td class=\"column-13\">RAFAELA DA CONCEI\u00c7\u00c3O NUNES 12042025402<\/td><td class=\"column-14\">RAFAEL ANDERSON DE ARA\u00daJO SILVA<\/td><td class=\"column-15\"><\/td><td class=\"column-16\"><\/td><td class=\"column-17\"><\/td><td class=\"column-18\"><\/td><td class=\"column-19\">0<\/td><td class=\"column-20\"><\/td><td class=\"column-21\"><\/td><td class=\"column-22\"><\/td><td class=\"column-23\"><\/td><td class=\"column-24\"><\/td>\n<\/tr>\n<tr class=\"row-4\">\n\t<td class=\"column-1\">607\/2020\t<\/td><td class=\"column-2\">16\/07\/2020<\/td><td class=\"column-3\">16\/07\/2020<\/td><td class=\"column-4\">16\/07\/2020 - 16\/07\/2021<\/td><td class=\"column-5\">15\/2020\t<\/td><td class=\"column-6\">Preg\u00e3o Presencial<\/td><td class=\"column-7\">Menor Pre\u00e7o<\/td><td class=\"column-8\"><\/td><td class=\"column-9\">PRESTA\u00c7\u00c3O DE SERVI\u00c7OS DE MANUTEN\u00c7\u00c3O DE CATA VENTOS INSTALADOS NOS ASSENTAMENTOS E NA ZONA RURAL DO MUNIC\u00cdPIO DE LAJES RN, CONFORME AS ESPECIFICA\u00c7\u00d5ES E QUANTIDADES CONSTANTES DO TERMO DE REFER\u00caNCIA.<\/td><td class=\"column-10\">10010000 - Recursos Ordin\u00e1rios<\/td><td class=\"column-11\">18000<\/td><td class=\"column-12\">27.767.569\/0001-33<\/td><td class=\"column-13\">RAFAELA DA CONCEI\u00c7\u00c3O NUNES 12042025402<\/td><td class=\"column-14\">FELIPE FERREIRA DE MENEZES ARA\u00daJO<\/td><td class=\"column-15\"><\/td><td class=\"column-16\"><\/td><td class=\"column-17\"><\/td><td class=\"column-18\"><\/td><td class=\"column-19\">0<\/td><td class=\"column-20\"><\/td><td class=\"column-21\">1875<\/td><td class=\"column-22\">18\/11\/2021<\/td><td class=\"column-23\">22\/11\/2021<\/td><td class=\"column-24\">1875<\/td>\n<\/tr>\n<tr class=\"row-5\">\n\t<td class=\"column-1\">607\/2020\t<\/td><td class=\"column-2\">16\/07\/2020<\/td><td class=\"column-3\">16\/07\/2020<\/td><td class=\"column-4\">16\/07\/2020 - 16\/07\/2021<\/td><td class=\"column-5\">15\/2020\t<\/td><td class=\"column-6\">Preg\u00e3o Presencial<\/td><td class=\"column-7\">Menor Pre\u00e7o<\/td><td class=\"column-8\"><\/td><td class=\"column-9\">PRESTA\u00c7\u00c3O DE SERVI\u00c7OS DE MANUTEN\u00c7\u00c3O DE CATA VENTOS INSTALADOS NOS ASSENTAMENTOS E NA ZONA RURAL DO MUNIC\u00cdPIO DE LAJES RN, CONFORME AS ESPECIFICA\u00c7\u00d5ES E QUANTIDADES CONSTANTES DO TERMO DE REFER\u00caNCIA.<\/td><td class=\"column-10\">10010000 - Recursos Ordin\u00e1rios<\/td><td class=\"column-11\">18000<\/td><td class=\"column-12\">27.767.569\/0001-33<\/td><td class=\"column-13\">RAFAELA DA CONCEI\u00c7\u00c3O NUNES 12042025402<\/td><td class=\"column-14\">RAFAEL ANDERSON DE ARA\u00daJO SILVA<\/td><td class=\"column-15\"><\/td><td class=\"column-16\"><\/td><td class=\"column-17\"><\/td><td class=\"column-18\"><\/td><td class=\"column-19\">0<\/td><td class=\"column-20\"><\/td><td class=\"column-21\">1875<\/td><td class=\"column-22\">18\/11\/2021<\/td><td class=\"column-23\">22\/11\/2021<\/td><td class=\"column-24\">1875<\/td>\n<\/tr>\n<tr class=\"row-6\">\n\t<td class=\"column-1\">607\/2020\t<\/td><td class=\"column-2\">16\/07\/2020<\/td><td class=\"column-3\">16\/07\/2020<\/td><td class=\"column-4\">16\/07\/2020 - 16\/07\/2021<\/td><td class=\"column-5\">15\/2020\t<\/td><td class=\"column-6\">Preg\u00e3o Presencial<\/td><td class=\"column-7\">Menor Pre\u00e7o<\/td><td class=\"column-8\"><\/td><td class=\"column-9\">PRESTA\u00c7\u00c3O DE SERVI\u00c7OS DE MANUTEN\u00c7\u00c3O DE CATA VENTOS INSTALADOS NOS ASSENTAMENTOS E NA ZONA RURAL DO MUNIC\u00cdPIO DE LAJES RN, CONFORME AS ESPECIFICA\u00c7\u00d5ES E QUANTIDADES CONSTANTES DO TERMO DE REFER\u00caNCIA.<\/td><td class=\"column-10\">10010000 - Recursos Ordin\u00e1rios<\/td><td class=\"column-11\">18000<\/td><td class=\"column-12\">27.767.569\/0001-33<\/td><td class=\"column-13\">RAFAELA DA CONCEI\u00c7\u00c3O NUNES 12042025402<\/td><td class=\"column-14\">FELIPE FERREIRA DE MENEZES ARA\u00daJO<\/td><td class=\"column-15\"><\/td><td class=\"column-16\"><\/td><td class=\"column-17\"><\/td><td class=\"column-18\"><\/td><td class=\"column-19\">0<\/td><td class=\"column-20\"><\/td><td class=\"column-21\">1875<\/td><td class=\"column-22\">19\/10\/2021<\/td><td class=\"column-23\">20\/10\/2021<\/td><td class=\"column-24\">1875<\/td>\n<\/tr>\n<tr class=\"row-7\">\n\t<td class=\"column-1\">607\/2020\t<\/td><td class=\"column-2\">16\/07\/2020<\/td><td class=\"column-3\">16\/07\/2020<\/td><td class=\"column-4\">16\/07\/2020 - 16\/07\/2021<\/td><td class=\"column-5\">15\/2020\t<\/td><td class=\"column-6\">Preg\u00e3o Presencial<\/td><td class=\"column-7\">Menor Pre\u00e7o<\/td><td class=\"column-8\"><\/td><td class=\"column-9\">PRESTA\u00c7\u00c3O DE SERVI\u00c7OS DE MANUTEN\u00c7\u00c3O DE CATA VENTOS INSTALADOS NOS ASSENTAMENTOS E NA ZONA RURAL DO MUNIC\u00cdPIO DE LAJES RN, CONFORME AS ESPECIFICA\u00c7\u00d5ES E QUANTIDADES CONSTANTES DO TERMO DE REFER\u00caNCIA.<\/td><td class=\"column-10\">10010000 - Recursos Ordin\u00e1rios<\/td><td class=\"column-11\">18000<\/td><td class=\"column-12\">27.767.569\/0001-33<\/td><td class=\"column-13\">RAFAELA DA CONCEI\u00c7\u00c3O NUNES 12042025402<\/td><td class=\"column-14\">RAFAEL ANDERSON DE ARA\u00daJO SILVA<\/td><td class=\"column-15\"><\/td><td class=\"column-16\"><\/td><td class=\"column-17\"><\/td><td class=\"column-18\"><\/td><td class=\"column-19\">0<\/td><td class=\"column-20\"><\/td><td class=\"column-21\">1875<\/td><td class=\"column-22\">19\/10\/2021<\/td><td class=\"column-23\">20\/10\/2021<\/td><td class=\"column-24\">1875<\/td>\n<\/tr>\n<tr class=\"row-8\">\n\t<td class=\"column-1\">607\/2020\t<\/td><td class=\"column-2\">16\/07\/2020<\/td><td class=\"column-3\">16\/07\/2020<\/td><td class=\"column-4\">16\/07\/2020 - 16\/07\/2021<\/td><td class=\"column-5\">15\/2020\t<\/td><td class=\"column-6\">Preg\u00e3o Presencial<\/td><td class=\"column-7\">Menor Pre\u00e7o<\/td><td class=\"column-8\"><\/td><td class=\"column-9\">PRESTA\u00c7\u00c3O DE SERVI\u00c7OS DE MANUTEN\u00c7\u00c3O DE CATA VENTOS INSTALADOS NOS ASSENTAMENTOS E NA ZONA RURAL DO MUNIC\u00cdPIO DE LAJES RN, CONFORME AS ESPECIFICA\u00c7\u00d5ES E QUANTIDADES CONSTANTES DO TERMO DE REFER\u00caNCIA.<\/td><td class=\"column-10\">10010000 - Recursos Ordin\u00e1rios<\/td><td class=\"column-11\">18000<\/td><td class=\"column-12\">27.767.569\/0001-33<\/td><td class=\"column-13\">RAFAELA DA CONCEI\u00c7\u00c3O NUNES 12042025402<\/td><td class=\"column-14\">FELIPE FERREIRA DE MENEZES ARA\u00daJO<\/td><td class=\"column-15\"><\/td><td class=\"column-16\"><\/td><td class=\"column-17\"><\/td><td class=\"column-18\"><\/td><td class=\"column-19\">0<\/td><td class=\"column-20\"><\/td><td class=\"column-21\">1875<\/td><td class=\"column-22\">22\/09\/2021<\/td><td class=\"column-23\">23\/09\/2021<\/td><td class=\"column-24\">1875<\/td>\n<\/tr>\n<tr class=\"row-9\">\n\t<td class=\"column-1\">607\/2020\t<\/td><td class=\"column-2\">16\/07\/2020<\/td><td class=\"column-3\">16\/07\/2020<\/td><td class=\"column-4\">16\/07\/2020 - 16\/07\/2021<\/td><td class=\"column-5\">15\/2020\t<\/td><td class=\"column-6\">Preg\u00e3o Presencial<\/td><td class=\"column-7\">Menor Pre\u00e7o<\/td><td class=\"column-8\"><\/td><td class=\"column-9\">PRESTA\u00c7\u00c3O DE SERVI\u00c7OS DE MANUTEN\u00c7\u00c3O DE CATA VENTOS INSTALADOS NOS ASSENTAMENTOS E NA ZONA RURAL DO MUNIC\u00cdPIO DE LAJES RN, CONFORME AS ESPECIFICA\u00c7\u00d5ES E QUANTIDADES CONSTANTES DO TERMO DE REFER\u00caNCIA.<\/td><td class=\"column-10\">10010000 - Recursos Ordin\u00e1rios<\/td><td class=\"column-11\">18000<\/td><td class=\"column-12\">27.767.569\/0001-33<\/td><td class=\"column-13\">RAFAELA DA CONCEI\u00c7\u00c3O NUNES 12042025402<\/td><td class=\"column-14\">RAFAEL ANDERSON DE ARA\u00daJO SILVA<\/td><td class=\"column-15\"><\/td><td class=\"column-16\"><\/td><td class=\"column-17\"><\/td><td class=\"column-18\"><\/td><td class=\"column-19\">0<\/td><td class=\"column-20\"><\/td><td class=\"column-21\">1875<\/td><td class=\"column-22\">22\/09\/2021<\/td><td class=\"column-23\">23\/09\/2021<\/td><td class=\"column-24\">1875<\/td>\n<\/tr>\n<tr class=\"row-10\">\n\t<td class=\"column-1\">607\/2020\t<\/td><td class=\"column-2\">16\/07\/2020<\/td><td class=\"column-3\">16\/07\/2020<\/td><td class=\"column-4\">16\/07\/2020 - 16\/07\/2021<\/td><td class=\"column-5\">15\/2020\t<\/td><td class=\"column-6\">Preg\u00e3o Presencial<\/td><td class=\"column-7\">Menor Pre\u00e7o<\/td><td class=\"column-8\"><\/td><td class=\"column-9\">PRESTA\u00c7\u00c3O DE SERVI\u00c7OS DE MANUTEN\u00c7\u00c3O DE CATA VENTOS INSTALADOS NOS ASSENTAMENTOS E NA ZONA RURAL DO MUNIC\u00cdPIO DE LAJES RN, CONFORME AS ESPECIFICA\u00c7\u00d5ES E QUANTIDADES CONSTANTES DO TERMO DE REFER\u00caNCIA.<\/td><td class=\"column-10\">10010000 - Recursos Ordin\u00e1rios<\/td><td class=\"column-11\">18000<\/td><td class=\"column-12\">27.767.569\/0001-33<\/td><td class=\"column-13\">RAFAELA DA CONCEI\u00c7\u00c3O NUNES 12042025402<\/td><td class=\"column-14\">FELIPE FERREIRA DE MENEZES ARA\u00daJO<\/td><td class=\"column-15\"><\/td><td class=\"column-16\"><\/td><td class=\"column-17\"><\/td><td class=\"column-18\"><\/td><td class=\"column-19\">0<\/td><td class=\"column-20\"><\/td><td class=\"column-21\">1875<\/td><td class=\"column-22\">22\/12\/2021<\/td><td class=\"column-23\">27\/12\/2021<\/td><td class=\"column-24\">1875<\/td>\n<\/tr>\n<tr class=\"row-11\">\n\t<td class=\"column-1\">607\/2020\t<\/td><td class=\"column-2\">16\/07\/2020<\/td><td class=\"column-3\">16\/07\/2020<\/td><td class=\"column-4\">16\/07\/2020 - 16\/07\/2021<\/td><td class=\"column-5\">15\/2020\t<\/td><td class=\"column-6\">Preg\u00e3o Presencial<\/td><td class=\"column-7\">Menor Pre\u00e7o<\/td><td class=\"column-8\"><\/td><td class=\"column-9\">PRESTA\u00c7\u00c3O DE SERVI\u00c7OS DE MANUTEN\u00c7\u00c3O DE CATA VENTOS INSTALADOS NOS ASSENTAMENTOS E NA ZONA RURAL DO MUNIC\u00cdPIO DE LAJES RN, CONFORME AS ESPECIFICA\u00c7\u00d5ES E QUANTIDADES CONSTANTES DO TERMO DE REFER\u00caNCIA.<\/td><td class=\"column-10\">10010000 - Recursos Ordin\u00e1rios<\/td><td class=\"column-11\">18000<\/td><td class=\"column-12\">27.767.569\/0001-33<\/td><td class=\"column-13\">RAFAELA DA CONCEI\u00c7\u00c3O NUNES 12042025402<\/td><td class=\"column-14\">RAFAEL ANDERSON DE ARA\u00daJO SILVA<\/td><td class=\"column-15\"><\/td><td class=\"column-16\"><\/td><td class=\"column-17\"><\/td><td class=\"column-18\"><\/td><td class=\"column-19\">0<\/td><td class=\"column-20\"><\/td><td class=\"column-21\">1875<\/td><td class=\"column-22\">22\/12\/2021<\/td><td class=\"column-23\">27\/12\/2021<\/td><td class=\"column-24\">1875<\/td>\n<\/tr>\n<tr class=\"row-12\">\n\t<td class=\"column-1\">607\/2020\t<\/td><td class=\"column-2\">16\/07\/2020<\/td><td class=\"column-3\">16\/07\/2020<\/td><td class=\"column-4\">16\/07\/2020 - 16\/07\/2021<\/td><td class=\"column-5\">15\/2020\t<\/td><td class=\"column-6\">Preg\u00e3o Presencial<\/td><td class=\"column-7\">Menor Pre\u00e7o<\/td><td class=\"column-8\"><\/td><td class=\"column-9\">PRESTA\u00c7\u00c3O DE SERVI\u00c7OS DE MANUTEN\u00c7\u00c3O DE CATA VENTOS INSTALADOS NOS ASSENTAMENTOS E NA ZONA RURAL DO MUNIC\u00cdPIO DE LAJES RN, CONFORME AS ESPECIFICA\u00c7\u00d5ES E QUANTIDADES CONSTANTES DO TERMO DE REFER\u00caNCIA.<\/td><td class=\"column-10\">10010000 - Recursos Ordin\u00e1rios<\/td><td class=\"column-11\">18000<\/td><td class=\"column-12\">27.767.569\/0001-33<\/td><td class=\"column-13\">RAFAELA DA CONCEI\u00c7\u00c3O NUNES 12042025402<\/td><td class=\"column-14\">FELIPE FERREIRA DE MENEZES ARA\u00daJO<\/td><td class=\"column-15\"><\/td><td class=\"column-16\"><\/td><td class=\"column-17\"><\/td><td class=\"column-18\"><\/td><td class=\"column-19\">0<\/td><td class=\"column-20\"><\/td><td class=\"column-21\">1875<\/td><td class=\"column-22\">26\/08\/2021<\/td><td class=\"column-23\">26\/08\/2021<\/td><td class=\"column-24\">1875<\/td>\n<\/tr>\n<tr class=\"row-13\">\n\t<td class=\"column-1\">607\/2020\t<\/td><td class=\"column-2\">16\/07\/2020<\/td><td class=\"column-3\">16\/07\/2020<\/td><td class=\"column-4\">16\/07\/2020 - 16\/07\/2021<\/td><td class=\"column-5\">15\/2020\t<\/td><td class=\"column-6\">Preg\u00e3o Presencial<\/td><td class=\"column-7\">Menor Pre\u00e7o<\/td><td class=\"column-8\"><\/td><td class=\"column-9\">PRESTA\u00c7\u00c3O DE SERVI\u00c7OS DE MANUTEN\u00c7\u00c3O DE CATA VENTOS INSTALADOS NOS ASSENTAMENTOS E NA ZONA RURAL DO MUNIC\u00cdPIO DE LAJES RN, CONFORME AS ESPECIFICA\u00c7\u00d5ES E QUANTIDADES CONSTANTES DO TERMO DE REFER\u00caNCIA.<\/td><td class=\"column-10\">10010000 - Recursos Ordin\u00e1rios<\/td><td class=\"column-11\">18000<\/td><td class=\"column-12\">27.767.569\/0001-33<\/td><td class=\"column-13\">RAFAELA DA CONCEI\u00c7\u00c3O NUNES 12042025402<\/td><td class=\"column-14\">RAFAEL ANDERSON DE ARA\u00daJO SILVA<\/td><td class=\"column-15\"><\/td><td class=\"column-16\"><\/td><td class=\"column-17\"><\/td><td class=\"column-18\"><\/td><td class=\"column-19\">0<\/td><td class=\"column-20\"><\/td><td class=\"column-21\">1875<\/td><td class=\"column-22\">26\/08\/2021<\/td><td class=\"column-23\">26\/08\/2021<\/td><td class=\"column-24\">1875<\/td>\n<\/tr>\n<tr class=\"row-14\">\n\t<td class=\"column-1\">607\/2020\t<\/td><td class=\"column-2\">16\/07\/2021<\/td><td class=\"column-3\"><\/td><td class=\"column-4\"><\/td><td class=\"column-5\">15\/2020\t<\/td><td class=\"column-6\">Preg\u00e3o Presencial<\/td><td class=\"column-7\">Menor Pre\u00e7o<\/td><td class=\"column-8\"><\/td><td class=\"column-9\"><\/td><td class=\"column-10\">10010000 - Recursos Ordin\u00e1rios<\/td><td class=\"column-11\">0<\/td><td class=\"column-12\">27.767.569\/0001-33<\/td><td class=\"column-13\">RAFAELA DA CONCEI\u00c7\u00c3O NUNES 12042025402<\/td><td class=\"column-14\"><\/td><td class=\"column-15\">1<\/td><td class=\"column-16\">16\/07\/2021<\/td><td class=\"column-17\">17\/07\/2021<\/td><td class=\"column-18\">O presente aditivo \u00e9 de prorroga\u00e7\u00e3o de prazo por mais 12 (doze) meses e de acr\u00e9scimo de 25% (vinte e cinco por cento), visando \u00e0 continua\u00e7\u00e3o da PRESTA\u00c7\u00c3O DOS SERVI\u00c7OS DE MANUTEN\u00c7\u00c3O E INSTALA\u00c7\u00c3O EM CATA VENTOS INSTALADO EM PO\u00c7OS ARTESANAIS, PARA O ABASTECIMENTO DE \u00c1GUA POT\u00c1VEL NAS COMUNIDADES RURAIS E ASSENTAMENTOS DO MUNIC\u00cdPIO DE LAJES\/RN<\/td><td class=\"column-19\">22500<\/td><td class=\"column-20\">12,00 m\u00eas(es)<\/td><td class=\"column-21\"><\/td><td class=\"column-22\"><\/td><td class=\"column-23\"><\/td><td class=\"column-24\"><\/td>\n<\/tr>\n<tr class=\"row-15\">\n\t<td class=\"column-1\">1\/2021\t<\/td><td class=\"column-2\">22\/01\/2021<\/td><td class=\"column-3\">29\/01\/2021<\/td><td class=\"column-4\">22\/01\/2021 - 21\/04\/2021<\/td><td class=\"column-5\">2\/2021\t<\/td><td class=\"column-6\">Dispensa<\/td><td class=\"column-7\">Menor Pre\u00e7o Por Item<\/td><td class=\"column-8\"><\/td><td class=\"column-9\">CONTRATA\u00c7\u00c3O EMERGENCIAL DE EMPRESA ESPECIALIZADA EM LOCA\u00c7\u00c3O DE M\u00c3O DE OBRA PARA PRESTA\u00c7\u00c3O DE SERVI\u00c7OS N\u00c3O COMPREENDIDOS COMO PREC\u00cdPUOS DA ADMINISTRA\u00c7\u00c3O, de car\u00e1ter acess\u00f3rio e natureza continuada, nas fun\u00e7\u00f5es e quantitativos elencados no termo de refer\u00eancia \u2013 anexo I, sendo fundamentais para o funcionamento dos principais servi\u00e7os, nas diversas categorias.<\/td><td class=\"column-10\">10010000 - Recursos Ordin\u00e1rios<\/td><td class=\"column-11\">1007115.21<\/td><td class=\"column-12\">07.442.731\/0001-36<\/td><td class=\"column-13\">JMT SERVI\u00c7OS E LOCA\u00c7\u00c3O DE M\u00c3O DE OBRA LTDA<\/td><td class=\"column-14\">RAFAEL ANDERSON DE ARA\u00daJO SILVA<\/td><td class=\"column-15\"><\/td><td class=\"column-16\"><\/td><td class=\"column-17\"><\/td><td class=\"column-18\"><\/td><td class=\"column-19\">0<\/td><td class=\"column-20\"><\/td><td class=\"column-21\"><\/td><td class=\"column-22\"><\/td><td class=\"column-23\"><\/td><td class=\"column-24\"><\/td>\n<\/tr>\n<tr class=\"row-16\">\n\t<td class=\"column-1\">1\/2021\t<\/td><td class=\"column-2\">22\/01\/2021<\/td><td class=\"column-3\">29\/01\/2021<\/td><td class=\"column-4\">22\/01\/2021 - 21\/04\/2021<\/td><td class=\"column-5\">2\/2021\t<\/td><td class=\"column-6\">Dispensa<\/td><td class=\"column-7\">Menor Pre\u00e7o Por Item<\/td><td class=\"column-8\"><\/td><td class=\"column-9\">CONTRATA\u00c7\u00c3O EMERGENCIAL DE EMPRESA ESPECIALIZADA EM LOCA\u00c7\u00c3O DE M\u00c3O DE OBRA PARA PRESTA\u00c7\u00c3O DE SERVI\u00c7OS N\u00c3O COMPREENDIDOS COMO PREC\u00cdPUOS DA ADMINISTRA\u00c7\u00c3O, de car\u00e1ter acess\u00f3rio e natureza continuada, nas fun\u00e7\u00f5es e quantitativos elencados no termo de refer\u00eancia \u2013 anexo I, sendo fundamentais para o funcionamento dos principais servi\u00e7os, nas diversas categorias.<\/td><td class=\"column-10\">10010000 - Recursos Ordin\u00e1rios<\/td><td class=\"column-11\">1007115.21<\/td><td class=\"column-12\">07.442.731\/0001-36<\/td><td class=\"column-13\">JMT SERVI\u00c7OS E LOCA\u00c7\u00c3O DE M\u00c3O DE OBRA LTDA<\/td><td class=\"column-14\">RAFAEL ANDERSON DE ARA\u00daJO SILVA<\/td><td class=\"column-15\"><\/td><td class=\"column-16\"><\/td><td class=\"column-17\"><\/td><td class=\"column-18\"><\/td><td class=\"column-19\">0<\/td><td class=\"column-20\"><\/td><td class=\"column-21\">12626.56<\/td><td class=\"column-22\">01\/04\/2021<\/td><td class=\"column-23\">01\/04\/2021<\/td><td class=\"column-24\">12626.56<\/td>\n<\/tr>\n<tr class=\"row-17\">\n\t<td class=\"column-1\">1\/2021\t<\/td><td class=\"column-2\">22\/01\/2021<\/td><td class=\"column-3\">29\/01\/2021<\/td><td class=\"column-4\">22\/01\/2021 - 21\/04\/2021<\/td><td class=\"column-5\">2\/2021\t<\/td><td class=\"column-6\">Dispensa<\/td><td class=\"column-7\">Menor Pre\u00e7o Por Item<\/td><td class=\"column-8\"><\/td><td class=\"column-9\">CONTRATA\u00c7\u00c3O EMERGENCIAL DE EMPRESA ESPECIALIZADA EM LOCA\u00c7\u00c3O DE M\u00c3O DE OBRA PARA PRESTA\u00c7\u00c3O DE SERVI\u00c7OS N\u00c3O COMPREENDIDOS COMO PREC\u00cdPUOS DA ADMINISTRA\u00c7\u00c3O, de car\u00e1ter acess\u00f3rio e natureza continuada, nas fun\u00e7\u00f5es e quantitativos elencados no termo de refer\u00eancia \u2013 anexo I, sendo fundamentais para o funcionamento dos principais servi\u00e7os, nas diversas categorias.<\/td><td class=\"column-10\">10010000 - Recursos Ordin\u00e1rios<\/td><td class=\"column-11\">1007115.21<\/td><td class=\"column-12\">07.442.731\/0001-36<\/td><td class=\"column-13\">JMT SERVI\u00c7OS E LOCA\u00c7\u00c3O DE M\u00c3O DE OBRA LTDA<\/td><td class=\"column-14\">RAFAEL ANDERSON DE ARA\u00daJO SILVA<\/td><td class=\"column-15\"><\/td><td class=\"column-16\"><\/td><td class=\"column-17\"><\/td><td class=\"column-18\"><\/td><td class=\"column-19\">0<\/td><td class=\"column-20\"><\/td><td class=\"column-21\">26988.1<\/td><td class=\"column-22\">01\/04\/2021<\/td><td class=\"column-23\"><\/td><td class=\"column-24\"><\/td>\n<\/tr>\n<tr class=\"row-18\">\n\t<td class=\"column-1\">1\/2021\t<\/td><td class=\"column-2\">22\/01\/2021<\/td><td class=\"column-3\">29\/01\/2021<\/td><td class=\"column-4\">22\/01\/2021 - 21\/04\/2021<\/td><td class=\"column-5\">2\/2021\t<\/td><td class=\"column-6\">Dispensa<\/td><td class=\"column-7\">Menor Pre\u00e7o Por Item<\/td><td class=\"column-8\"><\/td><td class=\"column-9\">CONTRATA\u00c7\u00c3O EMERGENCIAL DE EMPRESA ESPECIALIZADA EM LOCA\u00c7\u00c3O DE M\u00c3O DE OBRA PARA PRESTA\u00c7\u00c3O DE SERVI\u00c7OS N\u00c3O COMPREENDIDOS COMO PREC\u00cdPUOS DA ADMINISTRA\u00c7\u00c3O, de car\u00e1ter acess\u00f3rio e natureza continuada, nas fun\u00e7\u00f5es e quantitativos elencados no termo de refer\u00eancia \u2013 anexo I, sendo fundamentais para o funcionamento dos principais servi\u00e7os, nas diversas categorias.<\/td><td class=\"column-10\">10010000 - Recursos Ordin\u00e1rios<\/td><td class=\"column-11\">1007115.21<\/td><td class=\"column-12\">07.442.731\/0001-36<\/td><td class=\"column-13\">JMT SERVI\u00c7OS E LOCA\u00c7\u00c3O DE M\u00c3O DE OBRA LTDA<\/td><td class=\"column-14\">RAFAEL ANDERSON DE ARA\u00daJO SILVA<\/td><td class=\"column-15\"><\/td><td class=\"column-16\"><\/td><td class=\"column-17\"><\/td><td class=\"column-18\"><\/td><td class=\"column-19\">0<\/td><td class=\"column-20\"><\/td><td class=\"column-21\">26988.1<\/td><td class=\"column-22\">01\/04\/2021<\/td><td class=\"column-23\">01\/04\/2021<\/td><td class=\"column-24\">26988.1<\/td>\n<\/tr>\n<tr class=\"row-19\">\n\t<td class=\"column-1\">1\/2021\t<\/td><td class=\"column-2\">22\/01\/2021<\/td><td class=\"column-3\">29\/01\/2021<\/td><td class=\"column-4\">22\/01\/2021 - 21\/04\/2021<\/td><td class=\"column-5\">2\/2021\t<\/td><td class=\"column-6\">Dispensa<\/td><td class=\"column-7\">Menor Pre\u00e7o Por Item<\/td><td class=\"column-8\"><\/td><td class=\"column-9\">CONTRATA\u00c7\u00c3O EMERGENCIAL DE EMPRESA ESPECIALIZADA EM LOCA\u00c7\u00c3O DE M\u00c3O DE OBRA PARA PRESTA\u00c7\u00c3O DE SERVI\u00c7OS N\u00c3O COMPREENDIDOS COMO PREC\u00cdPUOS DA ADMINISTRA\u00c7\u00c3O, de car\u00e1ter acess\u00f3rio e natureza continuada, nas fun\u00e7\u00f5es e quantitativos elencados no termo de refer\u00eancia \u2013 anexo I, sendo fundamentais para o funcionamento dos principais servi\u00e7os, nas diversas categorias.<\/td><td class=\"column-10\">10010000 - Recursos Ordin\u00e1rios<\/td><td class=\"column-11\">1007115.21<\/td><td class=\"column-12\">07.442.731\/0001-36<\/td><td class=\"column-13\">JMT SERVI\u00c7OS E LOCA\u00c7\u00c3O DE M\u00c3O DE OBRA LTDA<\/td><td class=\"column-14\">RAFAEL ANDERSON DE ARA\u00daJO SILVA<\/td><td class=\"column-15\"><\/td><td class=\"column-16\"><\/td><td class=\"column-17\"><\/td><td class=\"column-18\"><\/td><td class=\"column-19\">0<\/td><td class=\"column-20\"><\/td><td class=\"column-21\">32892.52<\/td><td class=\"column-22\">01\/04\/2021<\/td><td class=\"column-23\">01\/04\/2021<\/td><td class=\"column-24\">28521.6<\/td>\n<\/tr>\n<tr class=\"row-20\">\n\t<td class=\"column-1\">1\/2021\t<\/td><td class=\"column-2\">22\/01\/2021<\/td><td class=\"column-3\">29\/01\/2021<\/td><td class=\"column-4\">22\/01\/2021 - 21\/04\/2021<\/td><td class=\"column-5\">2\/2021\t<\/td><td class=\"column-6\">Dispensa<\/td><td class=\"column-7\">Menor Pre\u00e7o Por Item<\/td><td class=\"column-8\"><\/td><td class=\"column-9\">CONTRATA\u00c7\u00c3O EMERGENCIAL DE EMPRESA ESPECIALIZADA EM LOCA\u00c7\u00c3O DE M\u00c3O DE OBRA PARA PRESTA\u00c7\u00c3O DE SERVI\u00c7OS N\u00c3O COMPREENDIDOS COMO PREC\u00cdPUOS DA ADMINISTRA\u00c7\u00c3O, de car\u00e1ter acess\u00f3rio e natureza continuada, nas fun\u00e7\u00f5es e quantitativos elencados no termo de refer\u00eancia \u2013 anexo I, sendo fundamentais para o funcionamento dos principais servi\u00e7os, nas diversas categorias.<\/td><td class=\"column-10\">10010000 - Recursos Ordin\u00e1rios<\/td><td class=\"column-11\">1007115.21<\/td><td class=\"column-12\">07.442.731\/0001-36<\/td><td class=\"column-13\">JMT SERVI\u00c7OS E LOCA\u00c7\u00c3O DE M\u00c3O DE OBRA LTDA<\/td><td class=\"column-14\">RAFAEL ANDERSON DE ARA\u00daJO SILVA<\/td><td class=\"column-15\"><\/td><td class=\"column-16\"><\/td><td class=\"column-17\"><\/td><td class=\"column-18\"><\/td><td class=\"column-19\">0<\/td><td class=\"column-20\"><\/td><td class=\"column-21\">84608.81<\/td><td class=\"column-22\">01\/04\/2021<\/td><td class=\"column-23\">01\/04\/2021<\/td><td class=\"column-24\">80378.37<\/td>\n<\/tr>\n<tr class=\"row-21\">\n\t<td class=\"column-1\">1\/2021\t<\/td><td class=\"column-2\">22\/01\/2021<\/td><td class=\"column-3\">29\/01\/2021<\/td><td class=\"column-4\">22\/01\/2021 - 21\/04\/2021<\/td><td class=\"column-5\">2\/2021\t<\/td><td class=\"column-6\">Dispensa<\/td><td class=\"column-7\">Menor Pre\u00e7o Por Item<\/td><td class=\"column-8\"><\/td><td class=\"column-9\">CONTRATA\u00c7\u00c3O EMERGENCIAL DE EMPRESA ESPECIALIZADA EM LOCA\u00c7\u00c3O DE M\u00c3O DE OBRA PARA PRESTA\u00c7\u00c3O DE SERVI\u00c7OS N\u00c3O COMPREENDIDOS COMO PREC\u00cdPUOS DA ADMINISTRA\u00c7\u00c3O, de car\u00e1ter acess\u00f3rio e natureza continuada, nas fun\u00e7\u00f5es e quantitativos elencados no termo de refer\u00eancia \u2013 anexo I, sendo fundamentais para o funcionamento dos principais servi\u00e7os, nas diversas categorias.<\/td><td class=\"column-10\">10010000 - Recursos Ordin\u00e1rios<\/td><td class=\"column-11\">1007115.21<\/td><td class=\"column-12\">07.442.731\/0001-36<\/td><td class=\"column-13\">JMT SERVI\u00c7OS E LOCA\u00c7\u00c3O DE M\u00c3O DE OBRA LTDA<\/td><td class=\"column-14\">RAFAEL ANDERSON DE ARA\u00daJO SILVA<\/td><td class=\"column-15\"><\/td><td class=\"column-16\"><\/td><td class=\"column-17\"><\/td><td class=\"column-18\"><\/td><td class=\"column-19\">0<\/td><td class=\"column-20\"><\/td><td class=\"column-21\">12626.56<\/td><td class=\"column-22\">02\/06\/2021<\/td><td class=\"column-23\">02\/06\/2021<\/td><td class=\"column-24\">10019.18<\/td>\n<\/tr>\n<tr class=\"row-22\">\n\t<td class=\"column-1\">1\/2021\t<\/td><td class=\"column-2\">22\/01\/2021<\/td><td class=\"column-3\">29\/01\/2021<\/td><td class=\"column-4\">22\/01\/2021 - 21\/04\/2021<\/td><td class=\"column-5\">2\/2021\t<\/td><td class=\"column-6\">Dispensa<\/td><td class=\"column-7\">Menor Pre\u00e7o Por Item<\/td><td class=\"column-8\"><\/td><td class=\"column-9\">CONTRATA\u00c7\u00c3O EMERGENCIAL DE EMPRESA ESPECIALIZADA EM LOCA\u00c7\u00c3O DE M\u00c3O DE OBRA PARA PRESTA\u00c7\u00c3O DE SERVI\u00c7OS N\u00c3O COMPREENDIDOS COMO PREC\u00cdPUOS DA ADMINISTRA\u00c7\u00c3O, de car\u00e1ter acess\u00f3rio e natureza continuada, nas fun\u00e7\u00f5es e quantitativos elencados no termo de refer\u00eancia \u2013 anexo I, sendo fundamentais para o funcionamento dos principais servi\u00e7os, nas diversas categorias.<\/td><td class=\"column-10\">10010000 - Recursos Ordin\u00e1rios<\/td><td class=\"column-11\">1007115.21<\/td><td class=\"column-12\">07.442.731\/0001-36<\/td><td class=\"column-13\">JMT SERVI\u00c7OS E LOCA\u00c7\u00c3O DE M\u00c3O DE OBRA LTDA<\/td><td class=\"column-14\">RAFAEL ANDERSON DE ARA\u00daJO SILVA<\/td><td class=\"column-15\"><\/td><td class=\"column-16\"><\/td><td class=\"column-17\"><\/td><td class=\"column-18\"><\/td><td class=\"column-19\">0<\/td><td class=\"column-20\"><\/td><td class=\"column-21\">14911.29<\/td><td class=\"column-22\">02\/06\/2021<\/td><td class=\"column-23\">02\/06\/2021<\/td><td class=\"column-24\">11832.09<\/td>\n<\/tr>\n<tr class=\"row-23\">\n\t<td class=\"column-1\">1\/2021\t<\/td><td class=\"column-2\">22\/01\/2021<\/td><td class=\"column-3\">29\/01\/2021<\/td><td class=\"column-4\">22\/01\/2021 - 21\/04\/2021<\/td><td class=\"column-5\">2\/2021\t<\/td><td class=\"column-6\">Dispensa<\/td><td class=\"column-7\">Menor Pre\u00e7o Por Item<\/td><td class=\"column-8\"><\/td><td class=\"column-9\">CONTRATA\u00c7\u00c3O EMERGENCIAL DE EMPRESA ESPECIALIZADA EM LOCA\u00c7\u00c3O DE M\u00c3O DE OBRA PARA PRESTA\u00c7\u00c3O DE SERVI\u00c7OS N\u00c3O COMPREENDIDOS COMO PREC\u00cdPUOS DA ADMINISTRA\u00c7\u00c3O, de car\u00e1ter acess\u00f3rio e natureza continuada, nas fun\u00e7\u00f5es e quantitativos elencados no termo de refer\u00eancia \u2013 anexo I, sendo fundamentais para o funcionamento dos principais servi\u00e7os, nas diversas categorias.<\/td><td class=\"column-10\">10010000 - Recursos Ordin\u00e1rios<\/td><td class=\"column-11\">1007115.21<\/td><td class=\"column-12\">07.442.731\/0001-36<\/td><td class=\"column-13\">JMT SERVI\u00c7OS E LOCA\u00c7\u00c3O DE M\u00c3O DE OBRA LTDA<\/td><td class=\"column-14\">RAFAEL ANDERSON DE ARA\u00daJO SILVA<\/td><td class=\"column-15\"><\/td><td class=\"column-16\"><\/td><td class=\"column-17\"><\/td><td class=\"column-18\"><\/td><td class=\"column-19\">0<\/td><td class=\"column-20\"><\/td><td class=\"column-21\">20873.61<\/td><td class=\"column-22\">02\/06\/2021<\/td><td class=\"column-23\">02\/06\/2021<\/td><td class=\"column-24\">16563.2<\/td>\n<\/tr>\n<tr class=\"row-24\">\n\t<td class=\"column-1\">1\/2021\t<\/td><td class=\"column-2\">22\/01\/2021<\/td><td class=\"column-3\">29\/01\/2021<\/td><td class=\"column-4\">22\/01\/2021 - 21\/04\/2021<\/td><td class=\"column-5\">2\/2021\t<\/td><td class=\"column-6\">Dispensa<\/td><td class=\"column-7\">Menor Pre\u00e7o Por Item<\/td><td class=\"column-8\"><\/td><td class=\"column-9\">CONTRATA\u00c7\u00c3O EMERGENCIAL DE EMPRESA ESPECIALIZADA EM LOCA\u00c7\u00c3O DE M\u00c3O DE OBRA PARA PRESTA\u00c7\u00c3O DE SERVI\u00c7OS N\u00c3O COMPREENDIDOS COMO PREC\u00cdPUOS DA ADMINISTRA\u00c7\u00c3O, de car\u00e1ter acess\u00f3rio e natureza continuada, nas fun\u00e7\u00f5es e quantitativos elencados no termo de refer\u00eancia \u2013 anexo I, sendo fundamentais para o funcionamento dos principais servi\u00e7os, nas diversas categorias.<\/td><td class=\"column-10\">10010000 - Recursos Ordin\u00e1rios<\/td><td class=\"column-11\">1007115.21<\/td><td class=\"column-12\">07.442.731\/0001-36<\/td><td class=\"column-13\">JMT SERVI\u00c7OS E LOCA\u00c7\u00c3O DE M\u00c3O DE OBRA LTDA<\/td><td class=\"column-14\">RAFAEL ANDERSON DE ARA\u00daJO SILVA<\/td><td class=\"column-15\"><\/td><td class=\"column-16\"><\/td><td class=\"column-17\"><\/td><td class=\"column-18\"><\/td><td class=\"column-19\">0<\/td><td class=\"column-20\"><\/td><td class=\"column-21\">26988.1<\/td><td class=\"column-22\">02\/06\/2021<\/td><td class=\"column-23\">02\/06\/2021<\/td><td class=\"column-24\">21415.06<\/td>\n<\/tr>\n<tr class=\"row-25\">\n\t<td class=\"column-1\">1\/2021\t<\/td><td class=\"column-2\">22\/01\/2021<\/td><td class=\"column-3\">29\/01\/2021<\/td><td class=\"column-4\">22\/01\/2021 - 21\/04\/2021<\/td><td class=\"column-5\">2\/2021\t<\/td><td class=\"column-6\">Dispensa<\/td><td class=\"column-7\">Menor Pre\u00e7o Por Item<\/td><td class=\"column-8\"><\/td><td class=\"column-9\">CONTRATA\u00c7\u00c3O EMERGENCIAL DE EMPRESA ESPECIALIZADA EM LOCA\u00c7\u00c3O DE M\u00c3O DE OBRA PARA PRESTA\u00c7\u00c3O DE SERVI\u00c7OS N\u00c3O COMPREENDIDOS COMO PREC\u00cdPUOS DA ADMINISTRA\u00c7\u00c3O, de car\u00e1ter acess\u00f3rio e natureza continuada, nas fun\u00e7\u00f5es e quantitativos elencados no termo de refer\u00eancia \u2013 anexo I, sendo fundamentais para o funcionamento dos principais servi\u00e7os, nas diversas categorias.<\/td><td class=\"column-10\">10010000 - Recursos Ordin\u00e1rios<\/td><td class=\"column-11\">1007115.21<\/td><td class=\"column-12\">07.442.731\/0001-36<\/td><td class=\"column-13\">JMT SERVI\u00c7OS E LOCA\u00c7\u00c3O DE M\u00c3O DE OBRA LTDA<\/td><td class=\"column-14\">RAFAEL ANDERSON DE ARA\u00daJO SILVA<\/td><td class=\"column-15\"><\/td><td class=\"column-16\"><\/td><td class=\"column-17\"><\/td><td class=\"column-18\"><\/td><td class=\"column-19\">0<\/td><td class=\"column-20\"><\/td><td class=\"column-21\">30904.77<\/td><td class=\"column-22\">02\/06\/2021<\/td><td class=\"column-23\">02\/06\/2021<\/td><td class=\"column-24\">24522.94<\/td>\n<\/tr>\n<tr class=\"row-26\">\n\t<td class=\"column-1\">1\/2021\t<\/td><td class=\"column-2\">22\/01\/2021<\/td><td class=\"column-3\">29\/01\/2021<\/td><td class=\"column-4\">22\/01\/2021 - 21\/04\/2021<\/td><td class=\"column-5\">2\/2021\t<\/td><td class=\"column-6\">Dispensa<\/td><td class=\"column-7\">Menor Pre\u00e7o Por Item<\/td><td class=\"column-8\"><\/td><td class=\"column-9\">CONTRATA\u00c7\u00c3O EMERGENCIAL DE EMPRESA ESPECIALIZADA EM LOCA\u00c7\u00c3O DE M\u00c3O DE OBRA PARA PRESTA\u00c7\u00c3O DE SERVI\u00c7OS N\u00c3O COMPREENDIDOS COMO PREC\u00cdPUOS DA ADMINISTRA\u00c7\u00c3O, de car\u00e1ter acess\u00f3rio e natureza continuada, nas fun\u00e7\u00f5es e quantitativos elencados no termo de refer\u00eancia \u2013 anexo I, sendo fundamentais para o funcionamento dos principais servi\u00e7os, nas diversas categorias.<\/td><td class=\"column-10\">10010000 - Recursos Ordin\u00e1rios<\/td><td class=\"column-11\">1007115.21<\/td><td class=\"column-12\">07.442.731\/0001-36<\/td><td class=\"column-13\">JMT SERVI\u00c7OS E LOCA\u00c7\u00c3O DE M\u00c3O DE OBRA LTDA<\/td><td class=\"column-14\">RAFAEL ANDERSON DE ARA\u00daJO SILVA<\/td><td class=\"column-15\"><\/td><td class=\"column-16\"><\/td><td class=\"column-17\"><\/td><td class=\"column-18\"><\/td><td class=\"column-19\">0<\/td><td class=\"column-20\"><\/td><td class=\"column-21\">35177.3<\/td><td class=\"column-22\">02\/06\/2021<\/td><td class=\"column-23\">02\/06\/2021<\/td><td class=\"column-24\">27913.2<\/td>\n<\/tr>\n<tr class=\"row-27\">\n\t<td class=\"column-1\">1\/2021\t<\/td><td class=\"column-2\">22\/01\/2021<\/td><td class=\"column-3\">29\/01\/2021<\/td><td class=\"column-4\">22\/01\/2021 - 21\/04\/2021<\/td><td class=\"column-5\">2\/2021\t<\/td><td class=\"column-6\">Dispensa<\/td><td class=\"column-7\">Menor Pre\u00e7o Por Item<\/td><td class=\"column-8\"><\/td><td class=\"column-9\">CONTRATA\u00c7\u00c3O EMERGENCIAL DE EMPRESA ESPECIALIZADA EM LOCA\u00c7\u00c3O DE M\u00c3O DE OBRA PARA PRESTA\u00c7\u00c3O DE SERVI\u00c7OS N\u00c3O COMPREENDIDOS COMO PREC\u00cdPUOS DA ADMINISTRA\u00c7\u00c3O, de car\u00e1ter acess\u00f3rio e natureza continuada, nas fun\u00e7\u00f5es e quantitativos elencados no termo de refer\u00eancia \u2013 anexo I, sendo fundamentais para o funcionamento dos principais servi\u00e7os, nas diversas categorias.<\/td><td class=\"column-10\">10010000 - Recursos Ordin\u00e1rios<\/td><td class=\"column-11\">1007115.21<\/td><td class=\"column-12\">07.442.731\/0001-36<\/td><td class=\"column-13\">JMT SERVI\u00c7OS E LOCA\u00c7\u00c3O DE M\u00c3O DE OBRA LTDA<\/td><td class=\"column-14\">RAFAEL ANDERSON DE ARA\u00daJO SILVA<\/td><td class=\"column-15\"><\/td><td class=\"column-16\"><\/td><td class=\"column-17\"><\/td><td class=\"column-18\"><\/td><td class=\"column-19\">0<\/td><td class=\"column-20\"><\/td><td class=\"column-21\">99493.2<\/td><td class=\"column-22\">02\/06\/2021<\/td><td class=\"column-23\">02\/06\/2021<\/td><td class=\"column-24\">78947.85<\/td>\n<\/tr>\n<tr class=\"row-28\">\n\t<td class=\"column-1\">1\/2021\t<\/td><td class=\"column-2\">22\/01\/2021<\/td><td class=\"column-3\">29\/01\/2021<\/td><td class=\"column-4\">22\/01\/2021 - 21\/04\/2021<\/td><td class=\"column-5\">2\/2021\t<\/td><td class=\"column-6\">Dispensa<\/td><td class=\"column-7\">Menor Pre\u00e7o Por Item<\/td><td class=\"column-8\"><\/td><td class=\"column-9\">CONTRATA\u00c7\u00c3O EMERGENCIAL DE EMPRESA ESPECIALIZADA EM LOCA\u00c7\u00c3O DE M\u00c3O DE OBRA PARA PRESTA\u00c7\u00c3O DE SERVI\u00c7OS N\u00c3O COMPREENDIDOS COMO PREC\u00cdPUOS DA ADMINISTRA\u00c7\u00c3O, de car\u00e1ter acess\u00f3rio e natureza continuada, nas fun\u00e7\u00f5es e quantitativos elencados no termo de refer\u00eancia \u2013 anexo I, sendo fundamentais para o funcionamento dos principais servi\u00e7os, nas diversas categorias.<\/td><td class=\"column-10\">10010000 - Recursos Ordin\u00e1rios<\/td><td class=\"column-11\">1007115.21<\/td><td class=\"column-12\">07.442.731\/0001-36<\/td><td class=\"column-13\">JMT SERVI\u00c7OS E LOCA\u00c7\u00c3O DE M\u00c3O DE OBRA LTDA<\/td><td class=\"column-14\">RAFAEL ANDERSON DE ARA\u00daJO SILVA<\/td><td class=\"column-15\"><\/td><td class=\"column-16\"><\/td><td class=\"column-17\"><\/td><td class=\"column-18\"><\/td><td class=\"column-19\">0<\/td><td class=\"column-20\"><\/td><td class=\"column-21\">12626.56<\/td><td class=\"column-22\">02\/07\/2021<\/td><td class=\"column-23\">06\/07\/2021<\/td><td class=\"column-24\">10019.18<\/td>\n<\/tr>\n<tr class=\"row-29\">\n\t<td class=\"column-1\">1\/2021\t<\/td><td class=\"column-2\">22\/01\/2021<\/td><td class=\"column-3\">29\/01\/2021<\/td><td class=\"column-4\">22\/01\/2021 - 21\/04\/2021<\/td><td class=\"column-5\">2\/2021\t<\/td><td class=\"column-6\">Dispensa<\/td><td class=\"column-7\">Menor Pre\u00e7o Por Item<\/td><td class=\"column-8\"><\/td><td class=\"column-9\">CONTRATA\u00c7\u00c3O EMERGENCIAL DE EMPRESA ESPECIALIZADA EM LOCA\u00c7\u00c3O DE M\u00c3O DE OBRA PARA PRESTA\u00c7\u00c3O DE SERVI\u00c7OS N\u00c3O COMPREENDIDOS COMO PREC\u00cdPUOS DA ADMINISTRA\u00c7\u00c3O, de car\u00e1ter acess\u00f3rio e natureza continuada, nas fun\u00e7\u00f5es e quantitativos elencados no termo de refer\u00eancia \u2013 anexo I, sendo fundamentais para o funcionamento dos principais servi\u00e7os, nas diversas categorias.<\/td><td class=\"column-10\">10010000 - Recursos Ordin\u00e1rios<\/td><td class=\"column-11\">1007115.21<\/td><td class=\"column-12\">07.442.731\/0001-36<\/td><td class=\"column-13\">JMT SERVI\u00c7OS E LOCA\u00c7\u00c3O DE M\u00c3O DE OBRA LTDA<\/td><td class=\"column-14\">RAFAEL ANDERSON DE ARA\u00daJO SILVA<\/td><td class=\"column-15\"><\/td><td class=\"column-16\"><\/td><td class=\"column-17\"><\/td><td class=\"column-18\"><\/td><td class=\"column-19\">0<\/td><td class=\"column-20\"><\/td><td class=\"column-21\">14911.29<\/td><td class=\"column-22\">02\/07\/2021<\/td><td class=\"column-23\">06\/07\/2021<\/td><td class=\"column-24\">11832.09<\/td>\n<\/tr>\n<tr class=\"row-30\">\n\t<td class=\"column-1\">1\/2021\t<\/td><td class=\"column-2\">22\/01\/2021<\/td><td class=\"column-3\">29\/01\/2021<\/td><td class=\"column-4\">22\/01\/2021 - 21\/04\/2021<\/td><td class=\"column-5\">2\/2021\t<\/td><td class=\"column-6\">Dispensa<\/td><td class=\"column-7\">Menor Pre\u00e7o Por Item<\/td><td class=\"column-8\"><\/td><td class=\"column-9\">CONTRATA\u00c7\u00c3O EMERGENCIAL DE EMPRESA ESPECIALIZADA EM LOCA\u00c7\u00c3O DE M\u00c3O DE OBRA PARA PRESTA\u00c7\u00c3O DE SERVI\u00c7OS N\u00c3O COMPREENDIDOS COMO PREC\u00cdPUOS DA ADMINISTRA\u00c7\u00c3O, de car\u00e1ter acess\u00f3rio e natureza continuada, nas fun\u00e7\u00f5es e quantitativos elencados no termo de refer\u00eancia \u2013 anexo I, sendo fundamentais para o funcionamento dos principais servi\u00e7os, nas diversas categorias.<\/td><td class=\"column-10\">10010000 - Recursos Ordin\u00e1rios<\/td><td class=\"column-11\">1007115.21<\/td><td class=\"column-12\">07.442.731\/0001-36<\/td><td class=\"column-13\">JMT SERVI\u00c7OS E LOCA\u00c7\u00c3O DE M\u00c3O DE OBRA LTDA<\/td><td class=\"column-14\">RAFAEL ANDERSON DE ARA\u00daJO SILVA<\/td><td class=\"column-15\"><\/td><td class=\"column-16\"><\/td><td class=\"column-17\"><\/td><td class=\"column-18\"><\/td><td class=\"column-19\">0<\/td><td class=\"column-20\"><\/td><td class=\"column-21\">20873.61<\/td><td class=\"column-22\">02\/07\/2021<\/td><td class=\"column-23\">06\/07\/2021<\/td><td class=\"column-24\">16563.2<\/td>\n<\/tr>\n<tr class=\"row-31\">\n\t<td class=\"column-1\">1\/2021\t<\/td><td class=\"column-2\">22\/01\/2021<\/td><td class=\"column-3\">29\/01\/2021<\/td><td class=\"column-4\">22\/01\/2021 - 21\/04\/2021<\/td><td class=\"column-5\">2\/2021\t<\/td><td class=\"column-6\">Dispensa<\/td><td class=\"column-7\">Menor Pre\u00e7o Por Item<\/td><td class=\"column-8\"><\/td><td class=\"column-9\">CONTRATA\u00c7\u00c3O EMERGENCIAL DE EMPRESA ESPECIALIZADA EM LOCA\u00c7\u00c3O DE M\u00c3O DE OBRA PARA PRESTA\u00c7\u00c3O DE SERVI\u00c7OS N\u00c3O COMPREENDIDOS COMO PREC\u00cdPUOS DA ADMINISTRA\u00c7\u00c3O, de car\u00e1ter acess\u00f3rio e natureza continuada, nas fun\u00e7\u00f5es e quantitativos elencados no termo de refer\u00eancia \u2013 anexo I, sendo fundamentais para o funcionamento dos principais servi\u00e7os, nas diversas categorias.<\/td><td class=\"column-10\">10010000 - Recursos Ordin\u00e1rios<\/td><td class=\"column-11\">1007115.21<\/td><td class=\"column-12\">07.442.731\/0001-36<\/td><td class=\"column-13\">JMT SERVI\u00c7OS E LOCA\u00c7\u00c3O DE M\u00c3O DE OBRA LTDA<\/td><td class=\"column-14\">RAFAEL ANDERSON DE ARA\u00daJO SILVA<\/td><td class=\"column-15\"><\/td><td class=\"column-16\"><\/td><td class=\"column-17\"><\/td><td class=\"column-18\"><\/td><td class=\"column-19\">0<\/td><td class=\"column-20\"><\/td><td class=\"column-21\">26988.1<\/td><td class=\"column-22\">02\/07\/2021<\/td><td class=\"column-23\">06\/07\/2021<\/td><td class=\"column-24\">21415.06<\/td>\n<\/tr>\n<tr class=\"row-32\">\n\t<td class=\"column-1\">1\/2021\t<\/td><td class=\"column-2\">22\/01\/2021<\/td><td class=\"column-3\">29\/01\/2021<\/td><td class=\"column-4\">22\/01\/2021 - 21\/04\/2021<\/td><td class=\"column-5\">2\/2021\t<\/td><td class=\"column-6\">Dispensa<\/td><td class=\"column-7\">Menor Pre\u00e7o Por Item<\/td><td class=\"column-8\"><\/td><td class=\"column-9\">CONTRATA\u00c7\u00c3O EMERGENCIAL DE EMPRESA ESPECIALIZADA EM LOCA\u00c7\u00c3O DE M\u00c3O DE OBRA PARA PRESTA\u00c7\u00c3O DE SERVI\u00c7OS N\u00c3O COMPREENDIDOS COMO PREC\u00cdPUOS DA ADMINISTRA\u00c7\u00c3O, de car\u00e1ter acess\u00f3rio e natureza continuada, nas fun\u00e7\u00f5es e quantitativos elencados no termo de refer\u00eancia \u2013 anexo I, sendo fundamentais para o funcionamento dos principais servi\u00e7os, nas diversas categorias.<\/td><td class=\"column-10\">10010000 - Recursos Ordin\u00e1rios<\/td><td class=\"column-11\">1007115.21<\/td><td class=\"column-12\">07.442.731\/0001-36<\/td><td class=\"column-13\">JMT SERVI\u00c7OS E LOCA\u00c7\u00c3O DE M\u00c3O DE OBRA LTDA<\/td><td class=\"column-14\">RAFAEL ANDERSON DE ARA\u00daJO SILVA<\/td><td class=\"column-15\"><\/td><td class=\"column-16\"><\/td><td class=\"column-17\"><\/td><td class=\"column-18\"><\/td><td class=\"column-19\">0<\/td><td class=\"column-20\"><\/td><td class=\"column-21\">30904.77<\/td><td class=\"column-22\">02\/07\/2021<\/td><td class=\"column-23\">06\/07\/2021<\/td><td class=\"column-24\">24522.94<\/td>\n<\/tr>\n<tr class=\"row-33\">\n\t<td class=\"column-1\">1\/2021\t<\/td><td class=\"column-2\">22\/01\/2021<\/td><td class=\"column-3\">29\/01\/2021<\/td><td class=\"column-4\">22\/01\/2021 - 21\/04\/2021<\/td><td class=\"column-5\">2\/2021\t<\/td><td class=\"column-6\">Dispensa<\/td><td class=\"column-7\">Menor Pre\u00e7o Por Item<\/td><td class=\"column-8\"><\/td><td class=\"column-9\">CONTRATA\u00c7\u00c3O EMERGENCIAL DE EMPRESA ESPECIALIZADA EM LOCA\u00c7\u00c3O DE M\u00c3O DE OBRA PARA PRESTA\u00c7\u00c3O DE SERVI\u00c7OS N\u00c3O COMPREENDIDOS COMO PREC\u00cdPUOS DA ADMINISTRA\u00c7\u00c3O, de car\u00e1ter acess\u00f3rio e natureza continuada, nas fun\u00e7\u00f5es e quantitativos elencados no termo de refer\u00eancia \u2013 anexo I, sendo fundamentais para o funcionamento dos principais servi\u00e7os, nas diversas categorias.<\/td><td class=\"column-10\">10010000 - Recursos Ordin\u00e1rios<\/td><td class=\"column-11\">1007115.21<\/td><td class=\"column-12\">07.442.731\/0001-36<\/td><td class=\"column-13\">JMT SERVI\u00c7OS E LOCA\u00c7\u00c3O DE M\u00c3O DE OBRA LTDA<\/td><td class=\"column-14\">RAFAEL ANDERSON DE ARA\u00daJO SILVA<\/td><td class=\"column-15\"><\/td><td class=\"column-16\"><\/td><td class=\"column-17\"><\/td><td class=\"column-18\"><\/td><td class=\"column-19\">0<\/td><td class=\"column-20\"><\/td><td class=\"column-21\">35177.3<\/td><td class=\"column-22\">02\/07\/2021<\/td><td class=\"column-23\">06\/07\/2021<\/td><td class=\"column-24\">27913.2<\/td>\n<\/tr>\n<tr class=\"row-34\">\n\t<td class=\"column-1\">1\/2021\t<\/td><td class=\"column-2\">22\/01\/2021<\/td><td class=\"column-3\">29\/01\/2021<\/td><td class=\"column-4\">22\/01\/2021 - 21\/04\/2021<\/td><td class=\"column-5\">2\/2021\t<\/td><td class=\"column-6\">Dispensa<\/td><td class=\"column-7\">Menor Pre\u00e7o Por Item<\/td><td class=\"column-8\"><\/td><td class=\"column-9\">CONTRATA\u00c7\u00c3O EMERGENCIAL DE EMPRESA ESPECIALIZADA EM LOCA\u00c7\u00c3O DE M\u00c3O DE OBRA PARA PRESTA\u00c7\u00c3O DE SERVI\u00c7OS N\u00c3O COMPREENDIDOS COMO PREC\u00cdPUOS DA ADMINISTRA\u00c7\u00c3O, de car\u00e1ter acess\u00f3rio e natureza continuada, nas fun\u00e7\u00f5es e quantitativos elencados no termo de refer\u00eancia \u2013 anexo I, sendo fundamentais para o funcionamento dos principais servi\u00e7os, nas diversas categorias.<\/td><td class=\"column-10\">10010000 - Recursos Ordin\u00e1rios<\/td><td class=\"column-11\">1007115.21<\/td><td class=\"column-12\">07.442.731\/0001-36<\/td><td class=\"column-13\">JMT SERVI\u00c7OS E LOCA\u00c7\u00c3O DE M\u00c3O DE OBRA LTDA<\/td><td class=\"column-14\">RAFAEL ANDERSON DE ARA\u00daJO SILVA<\/td><td class=\"column-15\"><\/td><td class=\"column-16\"><\/td><td class=\"column-17\"><\/td><td class=\"column-18\"><\/td><td class=\"column-19\">0<\/td><td class=\"column-20\"><\/td><td class=\"column-21\">99493.2<\/td><td class=\"column-22\">02\/07\/2021<\/td><td class=\"column-23\">06\/07\/2021<\/td><td class=\"column-24\">78947.85<\/td>\n<\/tr>\n<tr class=\"row-35\">\n\t<td class=\"column-1\">1\/2021\t<\/td><td class=\"column-2\">22\/01\/2021<\/td><td class=\"column-3\">29\/01\/2021<\/td><td class=\"column-4\">22\/01\/2021 - 21\/04\/2021<\/td><td class=\"column-5\">2\/2021\t<\/td><td class=\"column-6\">Dispensa<\/td><td class=\"column-7\">Menor Pre\u00e7o Por Item<\/td><td class=\"column-8\"><\/td><td class=\"column-9\">CONTRATA\u00c7\u00c3O EMERGENCIAL DE EMPRESA ESPECIALIZADA EM LOCA\u00c7\u00c3O DE M\u00c3O DE OBRA PARA PRESTA\u00c7\u00c3O DE SERVI\u00c7OS N\u00c3O COMPREENDIDOS COMO PREC\u00cdPUOS DA ADMINISTRA\u00c7\u00c3O, de car\u00e1ter acess\u00f3rio e natureza continuada, nas fun\u00e7\u00f5es e quantitativos elencados no termo de refer\u00eancia \u2013 anexo I, sendo fundamentais para o funcionamento dos principais servi\u00e7os, nas diversas categorias.<\/td><td class=\"column-10\">10010000 - Recursos Ordin\u00e1rios<\/td><td class=\"column-11\">1007115.21<\/td><td class=\"column-12\">07.442.731\/0001-36<\/td><td class=\"column-13\">JMT SERVI\u00c7OS E LOCA\u00c7\u00c3O DE M\u00c3O DE OBRA LTDA<\/td><td class=\"column-14\">RAFAEL ANDERSON DE ARA\u00daJO SILVA<\/td><td class=\"column-15\"><\/td><td class=\"column-16\"><\/td><td class=\"column-17\"><\/td><td class=\"column-18\"><\/td><td class=\"column-19\">0<\/td><td class=\"column-20\"><\/td><td class=\"column-21\">4569.56<\/td><td class=\"column-22\">04\/02\/2021<\/td><td class=\"column-23\">04\/02\/2021<\/td><td class=\"column-24\">4569.56<\/td>\n<\/tr>\n<tr class=\"row-36\">\n\t<td class=\"column-1\">1\/2021\t<\/td><td class=\"column-2\">22\/01\/2021<\/td><td class=\"column-3\">29\/01\/2021<\/td><td class=\"column-4\">22\/01\/2021 - 21\/04\/2021<\/td><td class=\"column-5\">2\/2021\t<\/td><td class=\"column-6\">Dispensa<\/td><td class=\"column-7\">Menor Pre\u00e7o Por Item<\/td><td class=\"column-8\"><\/td><td class=\"column-9\">CONTRATA\u00c7\u00c3O EMERGENCIAL DE EMPRESA ESPECIALIZADA EM LOCA\u00c7\u00c3O DE M\u00c3O DE OBRA PARA PRESTA\u00c7\u00c3O DE SERVI\u00c7OS N\u00c3O COMPREENDIDOS COMO PREC\u00cdPUOS DA ADMINISTRA\u00c7\u00c3O, de car\u00e1ter acess\u00f3rio e natureza continuada, nas fun\u00e7\u00f5es e quantitativos elencados no termo de refer\u00eancia \u2013 anexo I, sendo fundamentais para o funcionamento dos principais servi\u00e7os, nas diversas categorias.<\/td><td class=\"column-10\">10010000 - Recursos Ordin\u00e1rios<\/td><td class=\"column-11\">1007115.21<\/td><td class=\"column-12\">07.442.731\/0001-36<\/td><td class=\"column-13\">JMT SERVI\u00c7OS E LOCA\u00c7\u00c3O DE M\u00c3O DE OBRA LTDA<\/td><td class=\"column-14\">RAFAEL ANDERSON DE ARA\u00daJO SILVA<\/td><td class=\"column-15\"><\/td><td class=\"column-16\"><\/td><td class=\"column-17\"><\/td><td class=\"column-18\"><\/td><td class=\"column-19\">0<\/td><td class=\"column-20\"><\/td><td class=\"column-21\">6854.35<\/td><td class=\"column-22\">04\/02\/2021<\/td><td class=\"column-23\">04\/02\/2021<\/td><td class=\"column-24\">6854.35<\/td>\n<\/tr>\n<tr class=\"row-37\">\n\t<td class=\"column-1\">1\/2021\t<\/td><td class=\"column-2\">22\/01\/2021<\/td><td class=\"column-3\">29\/01\/2021<\/td><td class=\"column-4\">22\/01\/2021 - 21\/04\/2021<\/td><td class=\"column-5\">2\/2021\t<\/td><td class=\"column-6\">Dispensa<\/td><td class=\"column-7\">Menor Pre\u00e7o Por Item<\/td><td class=\"column-8\"><\/td><td class=\"column-9\">CONTRATA\u00c7\u00c3O EMERGENCIAL DE EMPRESA ESPECIALIZADA EM LOCA\u00c7\u00c3O DE M\u00c3O DE OBRA PARA PRESTA\u00c7\u00c3O DE SERVI\u00c7OS N\u00c3O COMPREENDIDOS COMO PREC\u00cdPUOS DA ADMINISTRA\u00c7\u00c3O, de car\u00e1ter acess\u00f3rio e natureza continuada, nas fun\u00e7\u00f5es e quantitativos elencados no termo de refer\u00eancia \u2013 anexo I, sendo fundamentais para o funcionamento dos principais servi\u00e7os, nas diversas categorias.<\/td><td class=\"column-10\">10010000 - Recursos Ordin\u00e1rios<\/td><td class=\"column-11\">1007115.21<\/td><td class=\"column-12\">07.442.731\/0001-36<\/td><td class=\"column-13\">JMT SERVI\u00c7OS E LOCA\u00c7\u00c3O DE M\u00c3O DE OBRA LTDA<\/td><td class=\"column-14\">RAFAEL ANDERSON DE ARA\u00daJO SILVA<\/td><td class=\"column-15\"><\/td><td class=\"column-16\"><\/td><td class=\"column-17\"><\/td><td class=\"column-18\"><\/td><td class=\"column-19\">0<\/td><td class=\"column-20\"><\/td><td class=\"column-21\">11423.91<\/td><td class=\"column-22\">04\/02\/2021<\/td><td class=\"column-23\">04\/02\/2021<\/td><td class=\"column-24\">11423.91<\/td>\n<\/tr>\n<tr class=\"row-38\">\n\t<td class=\"column-1\">1\/2021\t<\/td><td class=\"column-2\">22\/01\/2021<\/td><td class=\"column-3\">29\/01\/2021<\/td><td class=\"column-4\">22\/01\/2021 - 21\/04\/2021<\/td><td class=\"column-5\">2\/2021\t<\/td><td class=\"column-6\">Dispensa<\/td><td class=\"column-7\">Menor Pre\u00e7o Por Item<\/td><td class=\"column-8\"><\/td><td class=\"column-9\">CONTRATA\u00c7\u00c3O EMERGENCIAL DE EMPRESA ESPECIALIZADA EM LOCA\u00c7\u00c3O DE M\u00c3O DE OBRA PARA PRESTA\u00c7\u00c3O DE SERVI\u00c7OS N\u00c3O COMPREENDIDOS COMO PREC\u00cdPUOS DA ADMINISTRA\u00c7\u00c3O, de car\u00e1ter acess\u00f3rio e natureza continuada, nas fun\u00e7\u00f5es e quantitativos elencados no termo de refer\u00eancia \u2013 anexo I, sendo fundamentais para o funcionamento dos principais servi\u00e7os, nas diversas categorias.<\/td><td class=\"column-10\">10010000 - Recursos Ordin\u00e1rios<\/td><td class=\"column-11\">1007115.21<\/td><td class=\"column-12\">07.442.731\/0001-36<\/td><td class=\"column-13\">JMT SERVI\u00c7OS E LOCA\u00c7\u00c3O DE M\u00c3O DE OBRA LTDA<\/td><td class=\"column-14\">RAFAEL ANDERSON DE ARA\u00daJO SILVA<\/td><td class=\"column-15\"><\/td><td class=\"column-16\"><\/td><td class=\"column-17\"><\/td><td class=\"column-18\"><\/td><td class=\"column-19\">0<\/td><td class=\"column-20\"><\/td><td class=\"column-21\">18588.83<\/td><td class=\"column-22\">04\/02\/2021<\/td><td class=\"column-23\">04\/02\/2021<\/td><td class=\"column-24\">18588.83<\/td>\n<\/tr>\n<tr class=\"row-39\">\n\t<td class=\"column-1\">1\/2021\t<\/td><td class=\"column-2\">22\/01\/2021<\/td><td class=\"column-3\">29\/01\/2021<\/td><td class=\"column-4\">22\/01\/2021 - 21\/04\/2021<\/td><td class=\"column-5\">2\/2021\t<\/td><td class=\"column-6\">Dispensa<\/td><td class=\"column-7\">Menor Pre\u00e7o Por Item<\/td><td class=\"column-8\"><\/td><td class=\"column-9\">CONTRATA\u00c7\u00c3O EMERGENCIAL DE EMPRESA ESPECIALIZADA EM LOCA\u00c7\u00c3O DE M\u00c3O DE OBRA PARA PRESTA\u00c7\u00c3O DE SERVI\u00c7OS N\u00c3O COMPREENDIDOS COMO PREC\u00cdPUOS DA ADMINISTRA\u00c7\u00c3O, de car\u00e1ter acess\u00f3rio e natureza continuada, nas fun\u00e7\u00f5es e quantitativos elencados no termo de refer\u00eancia \u2013 anexo I, sendo fundamentais para o funcionamento dos principais servi\u00e7os, nas diversas categorias.<\/td><td class=\"column-10\">10010000 - Recursos Ordin\u00e1rios<\/td><td class=\"column-11\">1007115.21<\/td><td class=\"column-12\">07.442.731\/0001-36<\/td><td class=\"column-13\">JMT SERVI\u00c7OS E LOCA\u00c7\u00c3O DE M\u00c3O DE OBRA LTDA<\/td><td class=\"column-14\">RAFAEL ANDERSON DE ARA\u00daJO SILVA<\/td><td class=\"column-15\"><\/td><td class=\"column-16\"><\/td><td class=\"column-17\"><\/td><td class=\"column-18\"><\/td><td class=\"column-19\">0<\/td><td class=\"column-20\"><\/td><td class=\"column-21\">25363.21<\/td><td class=\"column-22\">04\/02\/2021<\/td><td class=\"column-23\">04\/02\/2021<\/td><td class=\"column-24\">25363.21<\/td>\n<\/tr>\n<tr class=\"row-40\">\n\t<td class=\"column-1\">1\/2021\t<\/td><td class=\"column-2\">22\/01\/2021<\/td><td class=\"column-3\">29\/01\/2021<\/td><td class=\"column-4\">22\/01\/2021 - 21\/04\/2021<\/td><td class=\"column-5\">2\/2021\t<\/td><td class=\"column-6\">Dispensa<\/td><td class=\"column-7\">Menor Pre\u00e7o Por Item<\/td><td class=\"column-8\"><\/td><td class=\"column-9\">CONTRATA\u00c7\u00c3O EMERGENCIAL DE EMPRESA ESPECIALIZADA EM LOCA\u00c7\u00c3O DE M\u00c3O DE OBRA PARA PRESTA\u00c7\u00c3O DE SERVI\u00c7OS N\u00c3O COMPREENDIDOS COMO PREC\u00cdPUOS DA ADMINISTRA\u00c7\u00c3O, de car\u00e1ter acess\u00f3rio e natureza continuada, nas fun\u00e7\u00f5es e quantitativos elencados no termo de refer\u00eancia \u2013 anexo I, sendo fundamentais para o funcionamento dos principais servi\u00e7os, nas diversas categorias.<\/td><td class=\"column-10\">10010000 - Recursos Ordin\u00e1rios<\/td><td class=\"column-11\">1007115.21<\/td><td class=\"column-12\">07.442.731\/0001-36<\/td><td class=\"column-13\">JMT SERVI\u00c7OS E LOCA\u00c7\u00c3O DE M\u00c3O DE OBRA LTDA<\/td><td class=\"column-14\">RAFAEL ANDERSON DE ARA\u00daJO SILVA<\/td><td class=\"column-15\"><\/td><td class=\"column-16\"><\/td><td class=\"column-17\"><\/td><td class=\"column-18\"><\/td><td class=\"column-19\">0<\/td><td class=\"column-20\"><\/td><td class=\"column-21\">28501.69<\/td><td class=\"column-22\">04\/02\/2021<\/td><td class=\"column-23\">04\/02\/2021<\/td><td class=\"column-24\">28501.69<\/td>\n<\/tr>\n<tr class=\"row-41\">\n\t<td class=\"column-1\">1\/2021\t<\/td><td class=\"column-2\">22\/01\/2021<\/td><td class=\"column-3\">29\/01\/2021<\/td><td class=\"column-4\">22\/01\/2021 - 21\/04\/2021<\/td><td class=\"column-5\">2\/2021\t<\/td><td class=\"column-6\">Dispensa<\/td><td class=\"column-7\">Menor Pre\u00e7o Por Item<\/td><td class=\"column-8\"><\/td><td class=\"column-9\">CONTRATA\u00c7\u00c3O EMERGENCIAL DE EMPRESA ESPECIALIZADA EM LOCA\u00c7\u00c3O DE M\u00c3O DE OBRA PARA PRESTA\u00c7\u00c3O DE SERVI\u00c7OS N\u00c3O COMPREENDIDOS COMO PREC\u00cdPUOS DA ADMINISTRA\u00c7\u00c3O, de car\u00e1ter acess\u00f3rio e natureza continuada, nas fun\u00e7\u00f5es e quantitativos elencados no termo de refer\u00eancia \u2013 anexo I, sendo fundamentais para o funcionamento dos principais servi\u00e7os, nas diversas categorias.<\/td><td class=\"column-10\">10010000 - Recursos Ordin\u00e1rios<\/td><td class=\"column-11\">1007115.21<\/td><td class=\"column-12\">07.442.731\/0001-36<\/td><td class=\"column-13\">JMT SERVI\u00c7OS E LOCA\u00c7\u00c3O DE M\u00c3O DE OBRA LTDA<\/td><td class=\"column-14\">RAFAEL ANDERSON DE ARA\u00daJO SILVA<\/td><td class=\"column-15\"><\/td><td class=\"column-16\"><\/td><td class=\"column-17\"><\/td><td class=\"column-18\"><\/td><td class=\"column-19\">0<\/td><td class=\"column-20\"><\/td><td class=\"column-21\">12626.56<\/td><td class=\"column-22\">04\/05\/2021<\/td><td class=\"column-23\"><\/td><td class=\"column-24\"><\/td>\n<\/tr>\n<tr class=\"row-42\">\n\t<td class=\"column-1\">1\/2021\t<\/td><td class=\"column-2\">22\/01\/2021<\/td><td class=\"column-3\">29\/01\/2021<\/td><td class=\"column-4\">22\/01\/2021 - 21\/04\/2021<\/td><td class=\"column-5\">2\/2021\t<\/td><td class=\"column-6\">Dispensa<\/td><td class=\"column-7\">Menor Pre\u00e7o Por Item<\/td><td class=\"column-8\"><\/td><td class=\"column-9\">CONTRATA\u00c7\u00c3O EMERGENCIAL DE EMPRESA ESPECIALIZADA EM LOCA\u00c7\u00c3O DE M\u00c3O DE OBRA PARA PRESTA\u00c7\u00c3O DE SERVI\u00c7OS N\u00c3O COMPREENDIDOS COMO PREC\u00cdPUOS DA ADMINISTRA\u00c7\u00c3O, de car\u00e1ter acess\u00f3rio e natureza continuada, nas fun\u00e7\u00f5es e quantitativos elencados no termo de refer\u00eancia \u2013 anexo I, sendo fundamentais para o funcionamento dos principais servi\u00e7os, nas diversas categorias.<\/td><td class=\"column-10\">10010000 - Recursos Ordin\u00e1rios<\/td><td class=\"column-11\">1007115.21<\/td><td class=\"column-12\">07.442.731\/0001-36<\/td><td class=\"column-13\">JMT SERVI\u00c7OS E LOCA\u00c7\u00c3O DE M\u00c3O DE OBRA LTDA<\/td><td class=\"column-14\">RAFAEL ANDERSON DE ARA\u00daJO SILVA<\/td><td class=\"column-15\"><\/td><td class=\"column-16\"><\/td><td class=\"column-17\"><\/td><td class=\"column-18\"><\/td><td class=\"column-19\">0<\/td><td class=\"column-20\"><\/td><td class=\"column-21\">12626.56<\/td><td class=\"column-22\">04\/05\/2021<\/td><td class=\"column-23\">05\/05\/2021<\/td><td class=\"column-24\">10019.18<\/td>\n<\/tr>\n<tr class=\"row-43\">\n\t<td class=\"column-1\">1\/2021\t<\/td><td class=\"column-2\">22\/01\/2021<\/td><td class=\"column-3\">29\/01\/2021<\/td><td class=\"column-4\">22\/01\/2021 - 21\/04\/2021<\/td><td class=\"column-5\">2\/2021\t<\/td><td class=\"column-6\">Dispensa<\/td><td class=\"column-7\">Menor Pre\u00e7o Por Item<\/td><td class=\"column-8\"><\/td><td class=\"column-9\">CONTRATA\u00c7\u00c3O EMERGENCIAL DE EMPRESA ESPECIALIZADA EM LOCA\u00c7\u00c3O DE M\u00c3O DE OBRA PARA PRESTA\u00c7\u00c3O DE SERVI\u00c7OS N\u00c3O COMPREENDIDOS COMO PREC\u00cdPUOS DA ADMINISTRA\u00c7\u00c3O, de car\u00e1ter acess\u00f3rio e natureza continuada, nas fun\u00e7\u00f5es e quantitativos elencados no termo de refer\u00eancia \u2013 anexo I, sendo fundamentais para o funcionamento dos principais servi\u00e7os, nas diversas categorias.<\/td><td class=\"column-10\">10010000 - Recursos Ordin\u00e1rios<\/td><td class=\"column-11\">1007115.21<\/td><td class=\"column-12\">07.442.731\/0001-36<\/td><td class=\"column-13\">JMT SERVI\u00c7OS E LOCA\u00c7\u00c3O DE M\u00c3O DE OBRA LTDA<\/td><td class=\"column-14\">RAFAEL ANDERSON DE ARA\u00daJO SILVA<\/td><td class=\"column-15\"><\/td><td class=\"column-16\"><\/td><td class=\"column-17\"><\/td><td class=\"column-18\"><\/td><td class=\"column-19\">0<\/td><td class=\"column-20\"><\/td><td class=\"column-21\">14911.29<\/td><td class=\"column-22\">04\/05\/2021<\/td><td class=\"column-23\">05\/05\/2021<\/td><td class=\"column-24\">11832.11<\/td>\n<\/tr>\n<tr class=\"row-44\">\n\t<td class=\"column-1\">1\/2021\t<\/td><td class=\"column-2\">22\/01\/2021<\/td><td class=\"column-3\">29\/01\/2021<\/td><td class=\"column-4\">22\/01\/2021 - 21\/04\/2021<\/td><td class=\"column-5\">2\/2021\t<\/td><td class=\"column-6\">Dispensa<\/td><td class=\"column-7\">Menor Pre\u00e7o Por Item<\/td><td class=\"column-8\"><\/td><td class=\"column-9\">CONTRATA\u00c7\u00c3O EMERGENCIAL DE EMPRESA ESPECIALIZADA EM LOCA\u00c7\u00c3O DE M\u00c3O DE OBRA PARA PRESTA\u00c7\u00c3O DE SERVI\u00c7OS N\u00c3O COMPREENDIDOS COMO PREC\u00cdPUOS DA ADMINISTRA\u00c7\u00c3O, de car\u00e1ter acess\u00f3rio e natureza continuada, nas fun\u00e7\u00f5es e quantitativos elencados no termo de refer\u00eancia \u2013 anexo I, sendo fundamentais para o funcionamento dos principais servi\u00e7os, nas diversas categorias.<\/td><td class=\"column-10\">10010000 - Recursos Ordin\u00e1rios<\/td><td class=\"column-11\">1007115.21<\/td><td class=\"column-12\">07.442.731\/0001-36<\/td><td class=\"column-13\">JMT SERVI\u00c7OS E LOCA\u00c7\u00c3O DE M\u00c3O DE OBRA LTDA<\/td><td class=\"column-14\">RAFAEL ANDERSON DE ARA\u00daJO SILVA<\/td><td class=\"column-15\"><\/td><td class=\"column-16\"><\/td><td class=\"column-17\"><\/td><td class=\"column-18\"><\/td><td class=\"column-19\">0<\/td><td class=\"column-20\"><\/td><td class=\"column-21\">18588.83<\/td><td class=\"column-22\">04\/05\/2021<\/td><td class=\"column-23\">05\/05\/2021<\/td><td class=\"column-24\">14750.24<\/td>\n<\/tr>\n<tr class=\"row-45\">\n\t<td class=\"column-1\">1\/2021\t<\/td><td class=\"column-2\">22\/01\/2021<\/td><td class=\"column-3\">29\/01\/2021<\/td><td class=\"column-4\">22\/01\/2021 - 21\/04\/2021<\/td><td class=\"column-5\">2\/2021\t<\/td><td class=\"column-6\">Dispensa<\/td><td class=\"column-7\">Menor Pre\u00e7o Por Item<\/td><td class=\"column-8\"><\/td><td class=\"column-9\">CONTRATA\u00c7\u00c3O EMERGENCIAL DE EMPRESA ESPECIALIZADA EM LOCA\u00c7\u00c3O DE M\u00c3O DE OBRA PARA PRESTA\u00c7\u00c3O DE SERVI\u00c7OS N\u00c3O COMPREENDIDOS COMO PREC\u00cdPUOS DA ADMINISTRA\u00c7\u00c3O, de car\u00e1ter acess\u00f3rio e natureza continuada, nas fun\u00e7\u00f5es e quantitativos elencados no termo de refer\u00eancia \u2013 anexo I, sendo fundamentais para o funcionamento dos principais servi\u00e7os, nas diversas categorias.<\/td><td class=\"column-10\">10010000 - Recursos Ordin\u00e1rios<\/td><td class=\"column-11\">1007115.21<\/td><td class=\"column-12\">07.442.731\/0001-36<\/td><td class=\"column-13\">JMT SERVI\u00c7OS E LOCA\u00c7\u00c3O DE M\u00c3O DE OBRA LTDA<\/td><td class=\"column-14\">RAFAEL ANDERSON DE ARA\u00daJO SILVA<\/td><td class=\"column-15\"><\/td><td class=\"column-16\"><\/td><td class=\"column-17\"><\/td><td class=\"column-18\"><\/td><td class=\"column-19\">0<\/td><td class=\"column-20\"><\/td><td class=\"column-21\">26335.21<\/td><td class=\"column-22\">04\/05\/2021<\/td><td class=\"column-23\"><\/td><td class=\"column-24\"><\/td>\n<\/tr>\n<tr class=\"row-46\">\n\t<td class=\"column-1\">1\/2021\t<\/td><td class=\"column-2\">22\/01\/2021<\/td><td class=\"column-3\">29\/01\/2021<\/td><td class=\"column-4\">22\/01\/2021 - 21\/04\/2021<\/td><td class=\"column-5\">2\/2021\t<\/td><td class=\"column-6\">Dispensa<\/td><td class=\"column-7\">Menor Pre\u00e7o Por Item<\/td><td class=\"column-8\"><\/td><td class=\"column-9\">CONTRATA\u00c7\u00c3O EMERGENCIAL DE EMPRESA ESPECIALIZADA EM LOCA\u00c7\u00c3O DE M\u00c3O DE OBRA PARA PRESTA\u00c7\u00c3O DE SERVI\u00c7OS N\u00c3O COMPREENDIDOS COMO PREC\u00cdPUOS DA ADMINISTRA\u00c7\u00c3O, de car\u00e1ter acess\u00f3rio e natureza continuada, nas fun\u00e7\u00f5es e quantitativos elencados no termo de refer\u00eancia \u2013 anexo I, sendo fundamentais para o funcionamento dos principais servi\u00e7os, nas diversas categorias.<\/td><td class=\"column-10\">10010000 - Recursos Ordin\u00e1rios<\/td><td class=\"column-11\">1007115.21<\/td><td class=\"column-12\">07.442.731\/0001-36<\/td><td class=\"column-13\">JMT SERVI\u00c7OS E LOCA\u00c7\u00c3O DE M\u00c3O DE OBRA LTDA<\/td><td class=\"column-14\">RAFAEL ANDERSON DE ARA\u00daJO SILVA<\/td><td class=\"column-15\"><\/td><td class=\"column-16\"><\/td><td class=\"column-17\"><\/td><td class=\"column-18\"><\/td><td class=\"column-19\">0<\/td><td class=\"column-20\"><\/td><td class=\"column-21\">26335.21<\/td><td class=\"column-22\">04\/05\/2021<\/td><td class=\"column-23\">05\/05\/2021<\/td><td class=\"column-24\">20896.99<\/td>\n<\/tr>\n<tr class=\"row-47\">\n\t<td class=\"column-1\">1\/2021\t<\/td><td class=\"column-2\">22\/01\/2021<\/td><td class=\"column-3\">29\/01\/2021<\/td><td class=\"column-4\">22\/01\/2021 - 21\/04\/2021<\/td><td class=\"column-5\">2\/2021\t<\/td><td class=\"column-6\">Dispensa<\/td><td class=\"column-7\">Menor Pre\u00e7o Por Item<\/td><td class=\"column-8\"><\/td><td class=\"column-9\">CONTRATA\u00c7\u00c3O EMERGENCIAL DE EMPRESA ESPECIALIZADA EM LOCA\u00c7\u00c3O DE M\u00c3O DE OBRA PARA PRESTA\u00c7\u00c3O DE SERVI\u00c7OS N\u00c3O COMPREENDIDOS COMO PREC\u00cdPUOS DA ADMINISTRA\u00c7\u00c3O, de car\u00e1ter acess\u00f3rio e natureza continuada, nas fun\u00e7\u00f5es e quantitativos elencados no termo de refer\u00eancia \u2013 anexo I, sendo fundamentais para o funcionamento dos principais servi\u00e7os, nas diversas categorias.<\/td><td class=\"column-10\">10010000 - Recursos Ordin\u00e1rios<\/td><td class=\"column-11\">1007115.21<\/td><td class=\"column-12\">07.442.731\/0001-36<\/td><td class=\"column-13\">JMT SERVI\u00c7OS E LOCA\u00c7\u00c3O DE M\u00c3O DE OBRA LTDA<\/td><td class=\"column-14\">RAFAEL ANDERSON DE ARA\u00daJO SILVA<\/td><td class=\"column-15\"><\/td><td class=\"column-16\"><\/td><td class=\"column-17\"><\/td><td class=\"column-18\"><\/td><td class=\"column-19\">0<\/td><td class=\"column-20\"><\/td><td class=\"column-21\">26988.1<\/td><td class=\"column-22\">04\/05\/2021<\/td><td class=\"column-23\">05\/05\/2021<\/td><td class=\"column-24\">21415.06<\/td>\n<\/tr>\n<tr class=\"row-48\">\n\t<td class=\"column-1\">1\/2021\t<\/td><td class=\"column-2\">22\/01\/2021<\/td><td class=\"column-3\">29\/01\/2021<\/td><td class=\"column-4\">22\/01\/2021 - 21\/04\/2021<\/td><td class=\"column-5\">2\/2021\t<\/td><td class=\"column-6\">Dispensa<\/td><td class=\"column-7\">Menor Pre\u00e7o Por Item<\/td><td class=\"column-8\"><\/td><td class=\"column-9\">CONTRATA\u00c7\u00c3O EMERGENCIAL DE EMPRESA ESPECIALIZADA EM LOCA\u00c7\u00c3O DE M\u00c3O DE OBRA PARA PRESTA\u00c7\u00c3O DE SERVI\u00c7OS N\u00c3O COMPREENDIDOS COMO PREC\u00cdPUOS DA ADMINISTRA\u00c7\u00c3O, de car\u00e1ter acess\u00f3rio e natureza continuada, nas fun\u00e7\u00f5es e quantitativos elencados no termo de refer\u00eancia \u2013 anexo I, sendo fundamentais para o funcionamento dos principais servi\u00e7os, nas diversas categorias.<\/td><td class=\"column-10\">10010000 - Recursos Ordin\u00e1rios<\/td><td class=\"column-11\">1007115.21<\/td><td class=\"column-12\">07.442.731\/0001-36<\/td><td class=\"column-13\">JMT SERVI\u00c7OS E LOCA\u00c7\u00c3O DE M\u00c3O DE OBRA LTDA<\/td><td class=\"column-14\">RAFAEL ANDERSON DE ARA\u00daJO SILVA<\/td><td class=\"column-15\"><\/td><td class=\"column-16\"><\/td><td class=\"column-17\"><\/td><td class=\"column-18\"><\/td><td class=\"column-19\">0<\/td><td class=\"column-20\"><\/td><td class=\"column-21\">32892.52<\/td><td class=\"column-22\">04\/05\/2021<\/td><td class=\"column-23\">05\/05\/2021<\/td><td class=\"column-24\">26100.22<\/td>\n<\/tr>\n<tr class=\"row-49\">\n\t<td class=\"column-1\">1\/2021\t<\/td><td class=\"column-2\">22\/01\/2021<\/td><td class=\"column-3\">29\/01\/2021<\/td><td class=\"column-4\">22\/01\/2021 - 21\/04\/2021<\/td><td class=\"column-5\">2\/2021\t<\/td><td class=\"column-6\">Dispensa<\/td><td class=\"column-7\">Menor Pre\u00e7o Por Item<\/td><td class=\"column-8\"><\/td><td class=\"column-9\">CONTRATA\u00c7\u00c3O EMERGENCIAL DE EMPRESA ESPECIALIZADA EM LOCA\u00c7\u00c3O DE M\u00c3O DE OBRA PARA PRESTA\u00c7\u00c3O DE SERVI\u00c7OS N\u00c3O COMPREENDIDOS COMO PREC\u00cdPUOS DA ADMINISTRA\u00c7\u00c3O, de car\u00e1ter acess\u00f3rio e natureza continuada, nas fun\u00e7\u00f5es e quantitativos elencados no termo de refer\u00eancia \u2013 anexo I, sendo fundamentais para o funcionamento dos principais servi\u00e7os, nas diversas categorias.<\/td><td class=\"column-10\">10010000 - Recursos Ordin\u00e1rios<\/td><td class=\"column-11\">1007115.21<\/td><td class=\"column-12\">07.442.731\/0001-36<\/td><td class=\"column-13\">JMT SERVI\u00c7OS E LOCA\u00c7\u00c3O DE M\u00c3O DE OBRA LTDA<\/td><td class=\"column-14\">RAFAEL ANDERSON DE ARA\u00daJO SILVA<\/td><td class=\"column-15\"><\/td><td class=\"column-16\"><\/td><td class=\"column-17\"><\/td><td class=\"column-18\"><\/td><td class=\"column-19\">0<\/td><td class=\"column-20\"><\/td><td class=\"column-21\">96343.3<\/td><td class=\"column-22\">04\/05\/2021<\/td><td class=\"column-23\">05\/05\/2021<\/td><td class=\"column-24\">76448.41<\/td>\n<\/tr>\n<tr class=\"row-50\">\n\t<td class=\"column-1\">1\/2021\t<\/td><td class=\"column-2\">22\/01\/2021<\/td><td class=\"column-3\">29\/01\/2021<\/td><td class=\"column-4\">22\/01\/2021 - 21\/04\/2021<\/td><td class=\"column-5\">2\/2021\t<\/td><td class=\"column-6\">Dispensa<\/td><td class=\"column-7\">Menor Pre\u00e7o Por Item<\/td><td class=\"column-8\"><\/td><td class=\"column-9\">CONTRATA\u00c7\u00c3O EMERGENCIAL DE EMPRESA ESPECIALIZADA EM LOCA\u00c7\u00c3O DE M\u00c3O DE OBRA PARA PRESTA\u00c7\u00c3O DE SERVI\u00c7OS N\u00c3O COMPREENDIDOS COMO PREC\u00cdPUOS DA ADMINISTRA\u00c7\u00c3O, de car\u00e1ter acess\u00f3rio e natureza continuada, nas fun\u00e7\u00f5es e quantitativos elencados no termo de refer\u00eancia \u2013 anexo I, sendo fundamentais para o funcionamento dos principais servi\u00e7os, nas diversas categorias.<\/td><td class=\"column-10\">10010000 - Recursos Ordin\u00e1rios<\/td><td class=\"column-11\">1007115.21<\/td><td class=\"column-12\">07.442.731\/0001-36<\/td><td class=\"column-13\">JMT SERVI\u00c7OS E LOCA\u00c7\u00c3O DE M\u00c3O DE OBRA LTDA<\/td><td class=\"column-14\">RAFAEL ANDERSON DE ARA\u00daJO SILVA<\/td><td class=\"column-15\"><\/td><td class=\"column-16\"><\/td><td class=\"column-17\"><\/td><td class=\"column-18\"><\/td><td class=\"column-19\">0<\/td><td class=\"column-20\"><\/td><td class=\"column-21\">8163.43<\/td><td class=\"column-22\">06\/08\/2021<\/td><td class=\"column-23\">06\/08\/2021<\/td><td class=\"column-24\">6477.7<\/td>\n<\/tr>\n<tr class=\"row-51\">\n\t<td class=\"column-1\">1\/2021\t<\/td><td class=\"column-2\">22\/01\/2021<\/td><td class=\"column-3\">29\/01\/2021<\/td><td class=\"column-4\">22\/01\/2021 - 21\/04\/2021<\/td><td class=\"column-5\">2\/2021\t<\/td><td class=\"column-6\">Dispensa<\/td><td class=\"column-7\">Menor Pre\u00e7o Por Item<\/td><td class=\"column-8\"><\/td><td class=\"column-9\">CONTRATA\u00c7\u00c3O EMERGENCIAL DE EMPRESA ESPECIALIZADA EM LOCA\u00c7\u00c3O DE M\u00c3O DE OBRA PARA PRESTA\u00c7\u00c3O DE SERVI\u00c7OS N\u00c3O COMPREENDIDOS COMO PREC\u00cdPUOS DA ADMINISTRA\u00c7\u00c3O, de car\u00e1ter acess\u00f3rio e natureza continuada, nas fun\u00e7\u00f5es e quantitativos elencados no termo de refer\u00eancia \u2013 anexo I, sendo fundamentais para o funcionamento dos principais servi\u00e7os, nas diversas categorias.<\/td><td class=\"column-10\">10010000 - Recursos Ordin\u00e1rios<\/td><td class=\"column-11\">1007115.21<\/td><td class=\"column-12\">07.442.731\/0001-36<\/td><td class=\"column-13\">JMT SERVI\u00c7OS E LOCA\u00c7\u00c3O DE M\u00c3O DE OBRA LTDA<\/td><td class=\"column-14\">RAFAEL ANDERSON DE ARA\u00daJO SILVA<\/td><td class=\"column-15\"><\/td><td class=\"column-16\"><\/td><td class=\"column-17\"><\/td><td class=\"column-18\"><\/td><td class=\"column-19\">0<\/td><td class=\"column-20\"><\/td><td class=\"column-21\">9681.18<\/td><td class=\"column-22\">06\/08\/2021<\/td><td class=\"column-23\">06\/08\/2021<\/td><td class=\"column-24\">7681.95<\/td>\n<\/tr>\n<tr class=\"row-52\">\n\t<td class=\"column-1\">1\/2021\t<\/td><td class=\"column-2\">22\/01\/2021<\/td><td class=\"column-3\">29\/01\/2021<\/td><td class=\"column-4\">22\/01\/2021 - 21\/04\/2021<\/td><td class=\"column-5\">2\/2021\t<\/td><td class=\"column-6\">Dispensa<\/td><td class=\"column-7\">Menor Pre\u00e7o Por Item<\/td><td class=\"column-8\"><\/td><td class=\"column-9\">CONTRATA\u00c7\u00c3O EMERGENCIAL DE EMPRESA ESPECIALIZADA EM LOCA\u00c7\u00c3O DE M\u00c3O DE OBRA PARA PRESTA\u00c7\u00c3O DE SERVI\u00c7OS N\u00c3O COMPREENDIDOS COMO PREC\u00cdPUOS DA ADMINISTRA\u00c7\u00c3O, de car\u00e1ter acess\u00f3rio e natureza continuada, nas fun\u00e7\u00f5es e quantitativos elencados no termo de refer\u00eancia \u2013 anexo I, sendo fundamentais para o funcionamento dos principais servi\u00e7os, nas diversas categorias.<\/td><td class=\"column-10\">10010000 - Recursos Ordin\u00e1rios<\/td><td class=\"column-11\">1007115.21<\/td><td class=\"column-12\">07.442.731\/0001-36<\/td><td class=\"column-13\">JMT SERVI\u00c7OS E LOCA\u00c7\u00c3O DE M\u00c3O DE OBRA LTDA<\/td><td class=\"column-14\">RAFAEL ANDERSON DE ARA\u00daJO SILVA<\/td><td class=\"column-15\"><\/td><td class=\"column-16\"><\/td><td class=\"column-17\"><\/td><td class=\"column-18\"><\/td><td class=\"column-19\">0<\/td><td class=\"column-20\"><\/td><td class=\"column-21\">13866.04<\/td><td class=\"column-22\">06\/08\/2021<\/td><td class=\"column-23\">06\/08\/2021<\/td><td class=\"column-24\">11002.71<\/td>\n<\/tr>\n<tr class=\"row-53\">\n\t<td class=\"column-1\">1\/2021\t<\/td><td class=\"column-2\">22\/01\/2021<\/td><td class=\"column-3\">29\/01\/2021<\/td><td class=\"column-4\">22\/01\/2021 - 21\/04\/2021<\/td><td class=\"column-5\">2\/2021\t<\/td><td class=\"column-6\">Dispensa<\/td><td class=\"column-7\">Menor Pre\u00e7o Por Item<\/td><td class=\"column-8\"><\/td><td class=\"column-9\">CONTRATA\u00c7\u00c3O EMERGENCIAL DE EMPRESA ESPECIALIZADA EM LOCA\u00c7\u00c3O DE M\u00c3O DE OBRA PARA PRESTA\u00c7\u00c3O DE SERVI\u00c7OS N\u00c3O COMPREENDIDOS COMO PREC\u00cdPUOS DA ADMINISTRA\u00c7\u00c3O, de car\u00e1ter acess\u00f3rio e natureza continuada, nas fun\u00e7\u00f5es e quantitativos elencados no termo de refer\u00eancia \u2013 anexo I, sendo fundamentais para o funcionamento dos principais servi\u00e7os, nas diversas categorias.<\/td><td class=\"column-10\">10010000 - Recursos Ordin\u00e1rios<\/td><td class=\"column-11\">1007115.21<\/td><td class=\"column-12\">07.442.731\/0001-36<\/td><td class=\"column-13\">JMT SERVI\u00c7OS E LOCA\u00c7\u00c3O DE M\u00c3O DE OBRA LTDA<\/td><td class=\"column-14\">RAFAEL ANDERSON DE ARA\u00daJO SILVA<\/td><td class=\"column-15\"><\/td><td class=\"column-16\"><\/td><td class=\"column-17\"><\/td><td class=\"column-18\"><\/td><td class=\"column-19\">0<\/td><td class=\"column-20\"><\/td><td class=\"column-21\">17514.79<\/td><td class=\"column-22\">06\/08\/2021<\/td><td class=\"column-23\"><\/td><td class=\"column-24\"><\/td>\n<\/tr>\n<tr class=\"row-54\">\n\t<td class=\"column-1\">1\/2021\t<\/td><td class=\"column-2\">22\/01\/2021<\/td><td class=\"column-3\">29\/01\/2021<\/td><td class=\"column-4\">22\/01\/2021 - 21\/04\/2021<\/td><td class=\"column-5\">2\/2021\t<\/td><td class=\"column-6\">Dispensa<\/td><td class=\"column-7\">Menor Pre\u00e7o Por Item<\/td><td class=\"column-8\"><\/td><td class=\"column-9\">CONTRATA\u00c7\u00c3O EMERGENCIAL DE EMPRESA ESPECIALIZADA EM LOCA\u00c7\u00c3O DE M\u00c3O DE OBRA PARA PRESTA\u00c7\u00c3O DE SERVI\u00c7OS N\u00c3O COMPREENDIDOS COMO PREC\u00cdPUOS DA ADMINISTRA\u00c7\u00c3O, de car\u00e1ter acess\u00f3rio e natureza continuada, nas fun\u00e7\u00f5es e quantitativos elencados no termo de refer\u00eancia \u2013 anexo I, sendo fundamentais para o funcionamento dos principais servi\u00e7os, nas diversas categorias.<\/td><td class=\"column-10\">10010000 - Recursos Ordin\u00e1rios<\/td><td class=\"column-11\">1007115.21<\/td><td class=\"column-12\">07.442.731\/0001-36<\/td><td class=\"column-13\">JMT SERVI\u00c7OS E LOCA\u00c7\u00c3O DE M\u00c3O DE OBRA LTDA<\/td><td class=\"column-14\">RAFAEL ANDERSON DE ARA\u00daJO SILVA<\/td><td class=\"column-15\"><\/td><td class=\"column-16\"><\/td><td class=\"column-17\"><\/td><td class=\"column-18\"><\/td><td class=\"column-19\">0<\/td><td class=\"column-20\"><\/td><td class=\"column-21\">17514.79<\/td><td class=\"column-22\">06\/08\/2021<\/td><td class=\"column-23\">06\/08\/2021<\/td><td class=\"column-24\">13897.99<\/td>\n<\/tr>\n<tr class=\"row-55\">\n\t<td class=\"column-1\">1\/2021\t<\/td><td class=\"column-2\">22\/01\/2021<\/td><td class=\"column-3\">29\/01\/2021<\/td><td class=\"column-4\">22\/01\/2021 - 21\/04\/2021<\/td><td class=\"column-5\">2\/2021\t<\/td><td class=\"column-6\">Dispensa<\/td><td class=\"column-7\">Menor Pre\u00e7o Por Item<\/td><td class=\"column-8\"><\/td><td class=\"column-9\">CONTRATA\u00c7\u00c3O EMERGENCIAL DE EMPRESA ESPECIALIZADA EM LOCA\u00c7\u00c3O DE M\u00c3O DE OBRA PARA PRESTA\u00c7\u00c3O DE SERVI\u00c7OS N\u00c3O COMPREENDIDOS COMO PREC\u00cdPUOS DA ADMINISTRA\u00c7\u00c3O, de car\u00e1ter acess\u00f3rio e natureza continuada, nas fun\u00e7\u00f5es e quantitativos elencados no termo de refer\u00eancia \u2013 anexo I, sendo fundamentais para o funcionamento dos principais servi\u00e7os, nas diversas categorias.<\/td><td class=\"column-10\">10010000 - Recursos Ordin\u00e1rios<\/td><td class=\"column-11\">1007115.21<\/td><td class=\"column-12\">07.442.731\/0001-36<\/td><td class=\"column-13\">JMT SERVI\u00c7OS E LOCA\u00c7\u00c3O DE M\u00c3O DE OBRA LTDA<\/td><td class=\"column-14\">RAFAEL ANDERSON DE ARA\u00daJO SILVA<\/td><td class=\"column-15\"><\/td><td class=\"column-16\"><\/td><td class=\"column-17\"><\/td><td class=\"column-18\"><\/td><td class=\"column-19\">0<\/td><td class=\"column-20\"><\/td><td class=\"column-21\">20305.41<\/td><td class=\"column-22\">06\/08\/2021<\/td><td class=\"column-23\">06\/08\/2021<\/td><td class=\"column-24\">16112.34<\/td>\n<\/tr>\n<tr class=\"row-56\">\n\t<td class=\"column-1\">1\/2021\t<\/td><td class=\"column-2\">22\/01\/2021<\/td><td class=\"column-3\">29\/01\/2021<\/td><td class=\"column-4\">22\/01\/2021 - 21\/04\/2021<\/td><td class=\"column-5\">2\/2021\t<\/td><td class=\"column-6\">Dispensa<\/td><td class=\"column-7\">Menor Pre\u00e7o Por Item<\/td><td class=\"column-8\"><\/td><td class=\"column-9\">CONTRATA\u00c7\u00c3O EMERGENCIAL DE EMPRESA ESPECIALIZADA EM LOCA\u00c7\u00c3O DE M\u00c3O DE OBRA PARA PRESTA\u00c7\u00c3O DE SERVI\u00c7OS N\u00c3O COMPREENDIDOS COMO PREC\u00cdPUOS DA ADMINISTRA\u00c7\u00c3O, de car\u00e1ter acess\u00f3rio e natureza continuada, nas fun\u00e7\u00f5es e quantitativos elencados no termo de refer\u00eancia \u2013 anexo I, sendo fundamentais para o funcionamento dos principais servi\u00e7os, nas diversas categorias.<\/td><td class=\"column-10\">10010000 - Recursos Ordin\u00e1rios<\/td><td class=\"column-11\">1007115.21<\/td><td class=\"column-12\">07.442.731\/0001-36<\/td><td class=\"column-13\">JMT SERVI\u00c7OS E LOCA\u00c7\u00c3O DE M\u00c3O DE OBRA LTDA<\/td><td class=\"column-14\">RAFAEL ANDERSON DE ARA\u00daJO SILVA<\/td><td class=\"column-15\"><\/td><td class=\"column-16\"><\/td><td class=\"column-17\"><\/td><td class=\"column-18\"><\/td><td class=\"column-19\">0<\/td><td class=\"column-20\"><\/td><td class=\"column-21\">22919.44<\/td><td class=\"column-22\">06\/08\/2021<\/td><td class=\"column-23\">06\/08\/2021<\/td><td class=\"column-24\">18186.58<\/td>\n<\/tr>\n<tr class=\"row-57\">\n\t<td class=\"column-1\">1\/2021\t<\/td><td class=\"column-2\">22\/01\/2021<\/td><td class=\"column-3\">29\/01\/2021<\/td><td class=\"column-4\">22\/01\/2021 - 21\/04\/2021<\/td><td class=\"column-5\">2\/2021\t<\/td><td class=\"column-6\">Dispensa<\/td><td class=\"column-7\">Menor Pre\u00e7o Por Item<\/td><td class=\"column-8\"><\/td><td class=\"column-9\">CONTRATA\u00c7\u00c3O EMERGENCIAL DE EMPRESA ESPECIALIZADA EM LOCA\u00c7\u00c3O DE M\u00c3O DE OBRA PARA PRESTA\u00c7\u00c3O DE SERVI\u00c7OS N\u00c3O COMPREENDIDOS COMO PREC\u00cdPUOS DA ADMINISTRA\u00c7\u00c3O, de car\u00e1ter acess\u00f3rio e natureza continuada, nas fun\u00e7\u00f5es e quantitativos elencados no termo de refer\u00eancia \u2013 anexo I, sendo fundamentais para o funcionamento dos principais servi\u00e7os, nas diversas categorias.<\/td><td class=\"column-10\">10010000 - Recursos Ordin\u00e1rios<\/td><td class=\"column-11\">1007115.21<\/td><td class=\"column-12\">07.442.731\/0001-36<\/td><td class=\"column-13\">JMT SERVI\u00c7OS E LOCA\u00c7\u00c3O DE M\u00c3O DE OBRA LTDA<\/td><td class=\"column-14\">RAFAEL ANDERSON DE ARA\u00daJO SILVA<\/td><td class=\"column-15\"><\/td><td class=\"column-16\"><\/td><td class=\"column-17\"><\/td><td class=\"column-18\"><\/td><td class=\"column-19\">0<\/td><td class=\"column-20\"><\/td><td class=\"column-21\">63791.25<\/td><td class=\"column-22\">06\/08\/2021<\/td><td class=\"column-23\">06\/08\/2021<\/td><td class=\"column-24\">50618.36<\/td>\n<\/tr>\n<tr class=\"row-58\">\n\t<td class=\"column-1\">1\/2021\t<\/td><td class=\"column-2\">22\/01\/2021<\/td><td class=\"column-3\">29\/01\/2021<\/td><td class=\"column-4\">22\/01\/2021 - 21\/04\/2021<\/td><td class=\"column-5\">2\/2021\t<\/td><td class=\"column-6\">Dispensa<\/td><td class=\"column-7\">Menor Pre\u00e7o Por Item<\/td><td class=\"column-8\"><\/td><td class=\"column-9\">CONTRATA\u00c7\u00c3O EMERGENCIAL DE EMPRESA ESPECIALIZADA EM LOCA\u00c7\u00c3O DE M\u00c3O DE OBRA PARA PRESTA\u00c7\u00c3O DE SERVI\u00c7OS N\u00c3O COMPREENDIDOS COMO PREC\u00cdPUOS DA ADMINISTRA\u00c7\u00c3O, de car\u00e1ter acess\u00f3rio e natureza continuada, nas fun\u00e7\u00f5es e quantitativos elencados no termo de refer\u00eancia \u2013 anexo I, sendo fundamentais para o funcionamento dos principais servi\u00e7os, nas diversas categorias.<\/td><td class=\"column-10\">10010000 - Recursos Ordin\u00e1rios<\/td><td class=\"column-11\">1007115.21<\/td><td class=\"column-12\">07.442.731\/0001-36<\/td><td class=\"column-13\">JMT SERVI\u00c7OS E LOCA\u00c7\u00c3O DE M\u00c3O DE OBRA LTDA<\/td><td class=\"column-14\">RAFAEL ANDERSON DE ARA\u00daJO SILVA<\/td><td class=\"column-15\"><\/td><td class=\"column-16\"><\/td><td class=\"column-17\"><\/td><td class=\"column-18\"><\/td><td class=\"column-19\">0<\/td><td class=\"column-20\"><\/td><td class=\"column-21\">6854.34<\/td><td class=\"column-22\">08\/03\/2021<\/td><td class=\"column-23\"><\/td><td class=\"column-24\"><\/td>\n<\/tr>\n<tr class=\"row-59\">\n\t<td class=\"column-1\">1\/2021\t<\/td><td class=\"column-2\">22\/01\/2021<\/td><td class=\"column-3\">29\/01\/2021<\/td><td class=\"column-4\">22\/01\/2021 - 21\/04\/2021<\/td><td class=\"column-5\">2\/2021\t<\/td><td class=\"column-6\">Dispensa<\/td><td class=\"column-7\">Menor Pre\u00e7o Por Item<\/td><td class=\"column-8\"><\/td><td class=\"column-9\">CONTRATA\u00c7\u00c3O EMERGENCIAL DE EMPRESA ESPECIALIZADA EM LOCA\u00c7\u00c3O DE M\u00c3O DE OBRA PARA PRESTA\u00c7\u00c3O DE SERVI\u00c7OS N\u00c3O COMPREENDIDOS COMO PREC\u00cdPUOS DA ADMINISTRA\u00c7\u00c3O, de car\u00e1ter acess\u00f3rio e natureza continuada, nas fun\u00e7\u00f5es e quantitativos elencados no termo de refer\u00eancia \u2013 anexo I, sendo fundamentais para o funcionamento dos principais servi\u00e7os, nas diversas categorias.<\/td><td class=\"column-10\">10010000 - Recursos Ordin\u00e1rios<\/td><td class=\"column-11\">1007115.21<\/td><td class=\"column-12\">07.442.731\/0001-36<\/td><td class=\"column-13\">JMT SERVI\u00c7OS E LOCA\u00c7\u00c3O DE M\u00c3O DE OBRA LTDA<\/td><td class=\"column-14\">RAFAEL ANDERSON DE ARA\u00daJO SILVA<\/td><td class=\"column-15\"><\/td><td class=\"column-16\"><\/td><td class=\"column-17\"><\/td><td class=\"column-18\"><\/td><td class=\"column-19\">0<\/td><td class=\"column-20\"><\/td><td class=\"column-21\">6854.39<\/td><td class=\"column-22\">08\/03\/2021<\/td><td class=\"column-23\">08\/03\/2021<\/td><td class=\"column-24\">6854.39<\/td>\n<\/tr>\n<tr class=\"row-60\">\n\t<td class=\"column-1\">1\/2021\t<\/td><td class=\"column-2\">22\/01\/2021<\/td><td class=\"column-3\">29\/01\/2021<\/td><td class=\"column-4\">22\/01\/2021 - 21\/04\/2021<\/td><td class=\"column-5\">2\/2021\t<\/td><td class=\"column-6\">Dispensa<\/td><td class=\"column-7\">Menor Pre\u00e7o Por Item<\/td><td class=\"column-8\"><\/td><td class=\"column-9\">CONTRATA\u00c7\u00c3O EMERGENCIAL DE EMPRESA ESPECIALIZADA EM LOCA\u00c7\u00c3O DE M\u00c3O DE OBRA PARA PRESTA\u00c7\u00c3O DE SERVI\u00c7OS N\u00c3O COMPREENDIDOS COMO PREC\u00cdPUOS DA ADMINISTRA\u00c7\u00c3O, de car\u00e1ter acess\u00f3rio e natureza continuada, nas fun\u00e7\u00f5es e quantitativos elencados no termo de refer\u00eancia \u2013 anexo I, sendo fundamentais para o funcionamento dos principais servi\u00e7os, nas diversas categorias.<\/td><td class=\"column-10\">10010000 - Recursos Ordin\u00e1rios<\/td><td class=\"column-11\">1007115.21<\/td><td class=\"column-12\">07.442.731\/0001-36<\/td><td class=\"column-13\">JMT SERVI\u00c7OS E LOCA\u00c7\u00c3O DE M\u00c3O DE OBRA LTDA<\/td><td class=\"column-14\">RAFAEL ANDERSON DE ARA\u00daJO SILVA<\/td><td class=\"column-15\"><\/td><td class=\"column-16\"><\/td><td class=\"column-17\"><\/td><td class=\"column-18\"><\/td><td class=\"column-19\">0<\/td><td class=\"column-20\"><\/td><td class=\"column-21\">10341.74<\/td><td class=\"column-22\">08\/03\/2021<\/td><td class=\"column-23\">08\/03\/2021<\/td><td class=\"column-24\">9824.65<\/td>\n<\/tr>\n<tr class=\"row-61\">\n\t<td class=\"column-1\">1\/2021\t<\/td><td class=\"column-2\">22\/01\/2021<\/td><td class=\"column-3\">29\/01\/2021<\/td><td class=\"column-4\">22\/01\/2021 - 21\/04\/2021<\/td><td class=\"column-5\">2\/2021\t<\/td><td class=\"column-6\">Dispensa<\/td><td class=\"column-7\">Menor Pre\u00e7o Por Item<\/td><td class=\"column-8\"><\/td><td class=\"column-9\">CONTRATA\u00c7\u00c3O EMERGENCIAL DE EMPRESA ESPECIALIZADA EM LOCA\u00c7\u00c3O DE M\u00c3O DE OBRA PARA PRESTA\u00c7\u00c3O DE SERVI\u00c7OS N\u00c3O COMPREENDIDOS COMO PREC\u00cdPUOS DA ADMINISTRA\u00c7\u00c3O, de car\u00e1ter acess\u00f3rio e natureza continuada, nas fun\u00e7\u00f5es e quantitativos elencados no termo de refer\u00eancia \u2013 anexo I, sendo fundamentais para o funcionamento dos principais servi\u00e7os, nas diversas categorias.<\/td><td class=\"column-10\">10010000 - Recursos Ordin\u00e1rios<\/td><td class=\"column-11\">1007115.21<\/td><td class=\"column-12\">07.442.731\/0001-36<\/td><td class=\"column-13\">JMT SERVI\u00c7OS E LOCA\u00c7\u00c3O DE M\u00c3O DE OBRA LTDA<\/td><td class=\"column-14\">RAFAEL ANDERSON DE ARA\u00daJO SILVA<\/td><td class=\"column-15\"><\/td><td class=\"column-16\"><\/td><td class=\"column-17\"><\/td><td class=\"column-18\"><\/td><td class=\"column-19\">0<\/td><td class=\"column-20\"><\/td><td class=\"column-21\">11423.9<\/td><td class=\"column-22\">08\/03\/2021<\/td><td class=\"column-23\">08\/03\/2021<\/td><td class=\"column-24\">11423.9<\/td>\n<\/tr>\n<tr class=\"row-62\">\n\t<td class=\"column-1\">1\/2021\t<\/td><td class=\"column-2\">22\/01\/2021<\/td><td class=\"column-3\">29\/01\/2021<\/td><td class=\"column-4\">22\/01\/2021 - 21\/04\/2021<\/td><td class=\"column-5\">2\/2021\t<\/td><td class=\"column-6\">Dispensa<\/td><td class=\"column-7\">Menor Pre\u00e7o Por Item<\/td><td class=\"column-8\"><\/td><td class=\"column-9\">CONTRATA\u00c7\u00c3O EMERGENCIAL DE EMPRESA ESPECIALIZADA EM LOCA\u00c7\u00c3O DE M\u00c3O DE OBRA PARA PRESTA\u00c7\u00c3O DE SERVI\u00c7OS N\u00c3O COMPREENDIDOS COMO PREC\u00cdPUOS DA ADMINISTRA\u00c7\u00c3O, de car\u00e1ter acess\u00f3rio e natureza continuada, nas fun\u00e7\u00f5es e quantitativos elencados no termo de refer\u00eancia \u2013 anexo I, sendo fundamentais para o funcionamento dos principais servi\u00e7os, nas diversas categorias.<\/td><td class=\"column-10\">10010000 - Recursos Ordin\u00e1rios<\/td><td class=\"column-11\">1007115.21<\/td><td class=\"column-12\">07.442.731\/0001-36<\/td><td class=\"column-13\">JMT SERVI\u00c7OS E LOCA\u00c7\u00c3O DE M\u00c3O DE OBRA LTDA<\/td><td class=\"column-14\">RAFAEL ANDERSON DE ARA\u00daJO SILVA<\/td><td class=\"column-15\"><\/td><td class=\"column-16\"><\/td><td class=\"column-17\"><\/td><td class=\"column-18\"><\/td><td class=\"column-19\">0<\/td><td class=\"column-20\"><\/td><td class=\"column-21\">24050.41<\/td><td class=\"column-22\">08\/03\/2021<\/td><td class=\"column-23\">08\/03\/2021<\/td><td class=\"column-24\">24050.41<\/td>\n<\/tr>\n<tr class=\"row-63\">\n\t<td class=\"column-1\">1\/2021\t<\/td><td class=\"column-2\">22\/01\/2021<\/td><td class=\"column-3\">29\/01\/2021<\/td><td class=\"column-4\">22\/01\/2021 - 21\/04\/2021<\/td><td class=\"column-5\">2\/2021\t<\/td><td class=\"column-6\">Dispensa<\/td><td class=\"column-7\">Menor Pre\u00e7o Por Item<\/td><td class=\"column-8\"><\/td><td class=\"column-9\">CONTRATA\u00c7\u00c3O EMERGENCIAL DE EMPRESA ESPECIALIZADA EM LOCA\u00c7\u00c3O DE M\u00c3O DE OBRA PARA PRESTA\u00c7\u00c3O DE SERVI\u00c7OS N\u00c3O COMPREENDIDOS COMO PREC\u00cdPUOS DA ADMINISTRA\u00c7\u00c3O, de car\u00e1ter acess\u00f3rio e natureza continuada, nas fun\u00e7\u00f5es e quantitativos elencados no termo de refer\u00eancia \u2013 anexo I, sendo fundamentais para o funcionamento dos principais servi\u00e7os, nas diversas categorias.<\/td><td class=\"column-10\">10010000 - Recursos Ordin\u00e1rios<\/td><td class=\"column-11\">1007115.21<\/td><td class=\"column-12\">07.442.731\/0001-36<\/td><td class=\"column-13\">JMT SERVI\u00c7OS E LOCA\u00c7\u00c3O DE M\u00c3O DE OBRA LTDA<\/td><td class=\"column-14\">RAFAEL ANDERSON DE ARA\u00daJO SILVA<\/td><td class=\"column-15\"><\/td><td class=\"column-16\"><\/td><td class=\"column-17\"><\/td><td class=\"column-18\"><\/td><td class=\"column-19\">0<\/td><td class=\"column-20\"><\/td><td class=\"column-21\">33545.43<\/td><td class=\"column-22\">08\/03\/2021<\/td><td class=\"column-23\">08\/03\/2021<\/td><td class=\"column-24\">29751.72<\/td>\n<\/tr>\n<tr class=\"row-64\">\n\t<td class=\"column-1\">1\/2021\t<\/td><td class=\"column-2\">22\/01\/2021<\/td><td class=\"column-3\">29\/01\/2021<\/td><td class=\"column-4\">22\/01\/2021 - 21\/04\/2021<\/td><td class=\"column-5\">2\/2021\t<\/td><td class=\"column-6\">Dispensa<\/td><td class=\"column-7\">Menor Pre\u00e7o Por Item<\/td><td class=\"column-8\"><\/td><td class=\"column-9\">CONTRATA\u00c7\u00c3O EMERGENCIAL DE EMPRESA ESPECIALIZADA EM LOCA\u00c7\u00c3O DE M\u00c3O DE OBRA PARA PRESTA\u00c7\u00c3O DE SERVI\u00c7OS N\u00c3O COMPREENDIDOS COMO PREC\u00cdPUOS DA ADMINISTRA\u00c7\u00c3O, de car\u00e1ter acess\u00f3rio e natureza continuada, nas fun\u00e7\u00f5es e quantitativos elencados no termo de refer\u00eancia \u2013 anexo I, sendo fundamentais para o funcionamento dos principais servi\u00e7os, nas diversas categorias.<\/td><td class=\"column-10\">10010000 - Recursos Ordin\u00e1rios<\/td><td class=\"column-11\">1007115.21<\/td><td class=\"column-12\">07.442.731\/0001-36<\/td><td class=\"column-13\">JMT SERVI\u00c7OS E LOCA\u00c7\u00c3O DE M\u00c3O DE OBRA LTDA<\/td><td class=\"column-14\">RAFAEL ANDERSON DE ARA\u00daJO SILVA<\/td><td class=\"column-15\"><\/td><td class=\"column-16\"><\/td><td class=\"column-17\"><\/td><td class=\"column-18\"><\/td><td class=\"column-19\">0<\/td><td class=\"column-20\"><\/td><td class=\"column-21\">92328.28<\/td><td class=\"column-22\">08\/03\/2021<\/td><td class=\"column-23\">08\/03\/2021<\/td><td class=\"column-24\">87711.87<\/td>\n<\/tr>\n<tr class=\"row-65\">\n\t<td class=\"column-1\">1\/2021\t<\/td><td class=\"column-2\">22\/01\/2021<\/td><td class=\"column-3\">29\/01\/2021<\/td><td class=\"column-4\">22\/01\/2021 - 21\/04\/2021<\/td><td class=\"column-5\">2\/2021\t<\/td><td class=\"column-6\">Dispensa<\/td><td class=\"column-7\">Menor Pre\u00e7o Por Item<\/td><td class=\"column-8\"><\/td><td class=\"column-9\">CONTRATA\u00c7\u00c3O EMERGENCIAL DE EMPRESA ESPECIALIZADA EM LOCA\u00c7\u00c3O DE M\u00c3O DE OBRA PARA PRESTA\u00c7\u00c3O DE SERVI\u00c7OS N\u00c3O COMPREENDIDOS COMO PREC\u00cdPUOS DA ADMINISTRA\u00c7\u00c3O, de car\u00e1ter acess\u00f3rio e natureza continuada, nas fun\u00e7\u00f5es e quantitativos elencados no termo de refer\u00eancia \u2013 anexo I, sendo fundamentais para o funcionamento dos principais servi\u00e7os, nas diversas categorias.<\/td><td class=\"column-10\">10010000 - Recursos Ordin\u00e1rios<\/td><td class=\"column-11\">1007115.21<\/td><td class=\"column-12\">07.442.731\/0001-36<\/td><td class=\"column-13\">JMT SERVI\u00c7OS E LOCA\u00c7\u00c3O DE M\u00c3O DE OBRA LTDA<\/td><td class=\"column-14\">RAFAEL ANDERSON DE ARA\u00daJO SILVA<\/td><td class=\"column-15\"><\/td><td class=\"column-16\"><\/td><td class=\"column-17\"><\/td><td class=\"column-18\"><\/td><td class=\"column-19\">0<\/td><td class=\"column-20\"><\/td><td class=\"column-21\">18588.83<\/td><td class=\"column-22\">28\/02\/2021<\/td><td class=\"column-23\">08\/03\/2021<\/td><td class=\"column-24\">17659.39<\/td>\n<\/tr>\n<tr class=\"row-66\">\n\t<td class=\"column-1\">1\/2021\t<\/td><td class=\"column-2\">22\/01\/2021<\/td><td class=\"column-3\">29\/01\/2021<\/td><td class=\"column-4\">22\/01\/2021 - 21\/04\/2021<\/td><td class=\"column-5\">2\/2021\t<\/td><td class=\"column-6\">Dispensa<\/td><td class=\"column-7\">Menor Pre\u00e7o Por Item<\/td><td class=\"column-8\"><\/td><td class=\"column-9\">CONTRATA\u00c7\u00c3O EMERGENCIAL DE EMPRESA ESPECIALIZADA EM LOCA\u00c7\u00c3O DE M\u00c3O DE OBRA PARA PRESTA\u00c7\u00c3O DE SERVI\u00c7OS N\u00c3O COMPREENDIDOS COMO PREC\u00cdPUOS DA ADMINISTRA\u00c7\u00c3O, de car\u00e1ter acess\u00f3rio e natureza continuada, nas fun\u00e7\u00f5es e quantitativos elencados no termo de refer\u00eancia \u2013 anexo I, sendo fundamentais para o funcionamento dos principais servi\u00e7os, nas diversas categorias.<\/td><td class=\"column-10\">10010000 - Recursos Ordin\u00e1rios<\/td><td class=\"column-11\">1007115.21<\/td><td class=\"column-12\">07.442.731\/0001-36<\/td><td class=\"column-13\">JMT SERVI\u00c7OS E LOCA\u00c7\u00c3O DE M\u00c3O DE OBRA LTDA<\/td><td class=\"column-14\">RAFAEL ANDERSON DE ARA\u00daJO SILVA<\/td><td class=\"column-15\"><\/td><td class=\"column-16\"><\/td><td class=\"column-17\"><\/td><td class=\"column-18\"><\/td><td class=\"column-19\">0<\/td><td class=\"column-20\"><\/td><td class=\"column-21\">12626.52<\/td><td class=\"column-22\">29\/03\/2021<\/td><td class=\"column-23\">01\/04\/2021<\/td><td class=\"column-24\">11995.19<\/td>\n<\/tr>\n<tr class=\"row-67\">\n\t<td class=\"column-1\">1\/2021\t<\/td><td class=\"column-2\">22\/01\/2021<\/td><td class=\"column-3\">29\/01\/2021<\/td><td class=\"column-4\">22\/01\/2021 - 21\/04\/2021<\/td><td class=\"column-5\">2\/2021\t<\/td><td class=\"column-6\">Dispensa<\/td><td class=\"column-7\">Menor Pre\u00e7o Por Item<\/td><td class=\"column-8\"><\/td><td class=\"column-9\">CONTRATA\u00c7\u00c3O EMERGENCIAL DE EMPRESA ESPECIALIZADA EM LOCA\u00c7\u00c3O DE M\u00c3O DE OBRA PARA PRESTA\u00c7\u00c3O DE SERVI\u00c7OS N\u00c3O COMPREENDIDOS COMO PREC\u00cdPUOS DA ADMINISTRA\u00c7\u00c3O, de car\u00e1ter acess\u00f3rio e natureza continuada, nas fun\u00e7\u00f5es e quantitativos elencados no termo de refer\u00eancia \u2013 anexo I, sendo fundamentais para o funcionamento dos principais servi\u00e7os, nas diversas categorias.<\/td><td class=\"column-10\">10010000 - Recursos Ordin\u00e1rios<\/td><td class=\"column-11\">1007115.21<\/td><td class=\"column-12\">07.442.731\/0001-36<\/td><td class=\"column-13\">JMT SERVI\u00c7OS E LOCA\u00c7\u00c3O DE M\u00c3O DE OBRA LTDA<\/td><td class=\"column-14\">RAFAEL ANDERSON DE ARA\u00daJO SILVA<\/td><td class=\"column-15\"><\/td><td class=\"column-16\"><\/td><td class=\"column-17\"><\/td><td class=\"column-18\"><\/td><td class=\"column-19\">0<\/td><td class=\"column-20\"><\/td><td class=\"column-21\">14911.29<\/td><td class=\"column-22\">29\/03\/2021<\/td><td class=\"column-23\">01\/04\/2021<\/td><td class=\"column-24\">14911.29<\/td>\n<\/tr>\n<tr class=\"row-68\">\n\t<td class=\"column-1\">1\/2021\t<\/td><td class=\"column-2\">22\/01\/2021<\/td><td class=\"column-3\">29\/01\/2021<\/td><td class=\"column-4\">22\/01\/2021 - 21\/04\/2021<\/td><td class=\"column-5\">2\/2021\t<\/td><td class=\"column-6\">Dispensa<\/td><td class=\"column-7\">Menor Pre\u00e7o Por Item<\/td><td class=\"column-8\"><\/td><td class=\"column-9\">CONTRATA\u00c7\u00c3O EMERGENCIAL DE EMPRESA ESPECIALIZADA EM LOCA\u00c7\u00c3O DE M\u00c3O DE OBRA PARA PRESTA\u00c7\u00c3O DE SERVI\u00c7OS N\u00c3O COMPREENDIDOS COMO PREC\u00cdPUOS DA ADMINISTRA\u00c7\u00c3O, de car\u00e1ter acess\u00f3rio e natureza continuada, nas fun\u00e7\u00f5es e quantitativos elencados no termo de refer\u00eancia \u2013 anexo I, sendo fundamentais para o funcionamento dos principais servi\u00e7os, nas diversas categorias.<\/td><td class=\"column-10\">10010000 - Recursos Ordin\u00e1rios<\/td><td class=\"column-11\">1007115.21<\/td><td class=\"column-12\">07.442.731\/0001-36<\/td><td class=\"column-13\">JMT SERVI\u00c7OS E LOCA\u00c7\u00c3O DE M\u00c3O DE OBRA LTDA<\/td><td class=\"column-14\">RAFAEL ANDERSON DE ARA\u00daJO SILVA<\/td><td class=\"column-15\"><\/td><td class=\"column-16\"><\/td><td class=\"column-17\"><\/td><td class=\"column-18\"><\/td><td class=\"column-19\">0<\/td><td class=\"column-20\"><\/td><td class=\"column-21\">18588.83<\/td><td class=\"column-22\">29\/03\/2021<\/td><td class=\"column-23\">01\/04\/2021<\/td><td class=\"column-24\">17659.39<\/td>\n<\/tr>\n<tr class=\"row-69\">\n\t<td class=\"column-1\">1\/2021\t<\/td><td class=\"column-2\">22\/01\/2021<\/td><td class=\"column-3\">29\/01\/2021<\/td><td class=\"column-4\">22\/01\/2021 - 21\/04\/2021<\/td><td class=\"column-5\">2\/2021\t<\/td><td class=\"column-6\">Dispensa<\/td><td class=\"column-7\">Menor Pre\u00e7o Por Item<\/td><td class=\"column-8\"><\/td><td class=\"column-9\">CONTRATA\u00c7\u00c3O EMERGENCIAL DE EMPRESA ESPECIALIZADA EM LOCA\u00c7\u00c3O DE M\u00c3O DE OBRA PARA PRESTA\u00c7\u00c3O DE SERVI\u00c7OS N\u00c3O COMPREENDIDOS COMO PREC\u00cdPUOS DA ADMINISTRA\u00c7\u00c3O, de car\u00e1ter acess\u00f3rio e natureza continuada, nas fun\u00e7\u00f5es e quantitativos elencados no termo de refer\u00eancia \u2013 anexo I, sendo fundamentais para o funcionamento dos principais servi\u00e7os, nas diversas categorias.<\/td><td class=\"column-10\">10010000 - Recursos Ordin\u00e1rios<\/td><td class=\"column-11\">1007115.21<\/td><td class=\"column-12\">07.442.731\/0001-36<\/td><td class=\"column-13\">JMT SERVI\u00c7OS E LOCA\u00c7\u00c3O DE M\u00c3O DE OBRA LTDA<\/td><td class=\"column-14\">RAFAEL ANDERSON DE ARA\u00daJO SILVA<\/td><td class=\"column-15\"><\/td><td class=\"column-16\"><\/td><td class=\"column-17\"><\/td><td class=\"column-18\"><\/td><td class=\"column-19\">0<\/td><td class=\"column-20\"><\/td><td class=\"column-21\">26988.1<\/td><td class=\"column-22\">29\/03\/2021<\/td><td class=\"column-23\"><\/td><td class=\"column-24\"><\/td>\n<\/tr>\n<tr class=\"row-70\">\n\t<td class=\"column-1\">1\/2021\t<\/td><td class=\"column-2\">19\/04\/2021<\/td><td class=\"column-3\"><\/td><td class=\"column-4\"><\/td><td class=\"column-5\">2\/2021\t<\/td><td class=\"column-6\">Dispensa<\/td><td class=\"column-7\">Menor Pre\u00e7o Por Item<\/td><td class=\"column-8\"><\/td><td class=\"column-9\"><\/td><td class=\"column-10\">10010000 - Recursos Ordin\u00e1rios<\/td><td class=\"column-11\">0<\/td><td class=\"column-12\">07.442.731\/0001-36<\/td><td class=\"column-13\">JMT SERVI\u00c7OS E LOCA\u00c7\u00c3O DE M\u00c3O DE OBRA LTDA<\/td><td class=\"column-14\"><\/td><td class=\"column-15\">1<\/td><td class=\"column-16\">19\/04\/2021<\/td><td class=\"column-17\">20\/04\/2021<\/td><td class=\"column-18\">O presente aditivo \u00e9 de prorroga\u00e7\u00e3o de prazo de at\u00e9 90 (noventa) dias, visando a continua\u00e7\u00e3o da PRESTA\u00c7\u00c3O DOS SERVI\u00c7OS DE LOCA\u00c7\u00c3O DE M\u00c3O DE OBRA PARA PRESTA\u00c7\u00c3O DE SERVI\u00c7OS N\u00c3O COMPREENDIDOS COMO PREC\u00cdPUOS DA ADMINISTRA\u00c7\u00c3O<\/td><td class=\"column-19\">1007115.21<\/td><td class=\"column-20\">3,00 m\u00eas(es)<\/td><td class=\"column-21\"><\/td><td class=\"column-22\"><\/td><td class=\"column-23\"><\/td><td class=\"column-24\"><\/td>\n<\/tr>\n<tr class=\"row-71\">\n\t<td class=\"column-1\">2\/2021\t<\/td><td class=\"column-2\">22\/01\/2021<\/td><td class=\"column-3\">01\/02\/2021<\/td><td class=\"column-4\">22\/01\/2021 - 21\/04\/2021<\/td><td class=\"column-5\">3\/2021\t<\/td><td class=\"column-6\">Dispensa<\/td><td class=\"column-7\">Menor Pre\u00e7o Por Item<\/td><td class=\"column-8\"><\/td><td class=\"column-9\">CONTRATA\u00c7\u00c3O DE EMPRESA PARA FORNECIMENTO DE COMBUST\u00cdVEIS VEICULARES (GASOLINA COMUM, DIESEL COMUM E DIESEL S10), PARA O ABASTECIMENTO DA FROTA VEICULAR PERTENCENTE \u00c0S DIVERSAS UNIDADES DO PODER EXECUTIVO MUNICIPAL.<\/td><td class=\"column-10\">10010000 - Recursos Ordin\u00e1rios<\/td><td class=\"column-11\">372106.75<\/td><td class=\"column-12\">04.839.900\/0007-73<\/td><td class=\"column-13\">AUTO POSTO S\u00c3O TOM\u00c9 LTDA<\/td><td class=\"column-14\">RAFAEL ANDERSON DE ARA\u00daJO SILVA<\/td><td class=\"column-15\"><\/td><td class=\"column-16\"><\/td><td class=\"column-17\"><\/td><td class=\"column-18\"><\/td><td class=\"column-19\">0<\/td><td class=\"column-20\"><\/td><td class=\"column-21\"><\/td><td class=\"column-22\"><\/td><td class=\"column-23\"><\/td><td class=\"column-24\"><\/td>\n<\/tr>\n<tr class=\"row-72\">\n\t<td class=\"column-1\">2\/2021\t<\/td><td class=\"column-2\">22\/01\/2021<\/td><td class=\"column-3\">01\/02\/2021<\/td><td class=\"column-4\">22\/01\/2021 - 21\/04\/2021<\/td><td class=\"column-5\">3\/2021\t<\/td><td class=\"column-6\">Dispensa<\/td><td class=\"column-7\">Menor Pre\u00e7o Por Item<\/td><td class=\"column-8\"><\/td><td class=\"column-9\">CONTRATA\u00c7\u00c3O DE EMPRESA PARA FORNECIMENTO DE COMBUST\u00cdVEIS VEICULARES (GASOLINA COMUM, DIESEL COMUM E DIESEL S10), PARA O ABASTECIMENTO DA FROTA VEICULAR PERTENCENTE \u00c0S DIVERSAS UNIDADES DO PODER EXECUTIVO MUNICIPAL.<\/td><td class=\"column-10\">10010000 - Recursos Ordin\u00e1rios<\/td><td class=\"column-11\">372106.75<\/td><td class=\"column-12\">04.839.900\/0007-73<\/td><td class=\"column-13\">AUTO POSTO S\u00c3O TOM\u00c9 LTDA<\/td><td class=\"column-14\">RAFAEL ANDERSON DE ARA\u00daJO SILVA<\/td><td class=\"column-15\"><\/td><td class=\"column-16\"><\/td><td class=\"column-17\"><\/td><td class=\"column-18\"><\/td><td class=\"column-19\">0<\/td><td class=\"column-20\"><\/td><td class=\"column-21\">2498.01<\/td><td class=\"column-22\">10\/02\/2021<\/td><td class=\"column-23\"><\/td><td class=\"column-24\"><\/td>\n<\/tr>\n<tr class=\"row-73\">\n\t<td class=\"column-1\">2\/2021\t<\/td><td class=\"column-2\">22\/01\/2021<\/td><td class=\"column-3\">01\/02\/2021<\/td><td class=\"column-4\">22\/01\/2021 - 21\/04\/2021<\/td><td class=\"column-5\">3\/2021\t<\/td><td class=\"column-6\">Dispensa<\/td><td class=\"column-7\">Menor Pre\u00e7o Por Item<\/td><td class=\"column-8\"><\/td><td class=\"column-9\">CONTRATA\u00c7\u00c3O DE EMPRESA PARA FORNECIMENTO DE COMBUST\u00cdVEIS VEICULARES (GASOLINA COMUM, DIESEL COMUM E DIESEL S10), PARA O ABASTECIMENTO DA FROTA VEICULAR PERTENCENTE \u00c0S DIVERSAS UNIDADES DO PODER EXECUTIVO MUNICIPAL.<\/td><td class=\"column-10\">10010000 - Recursos Ordin\u00e1rios<\/td><td class=\"column-11\">372106.75<\/td><td class=\"column-12\">04.839.900\/0007-73<\/td><td class=\"column-13\">AUTO POSTO S\u00c3O TOM\u00c9 LTDA<\/td><td class=\"column-14\">RAFAEL ANDERSON DE ARA\u00daJO SILVA<\/td><td class=\"column-15\"><\/td><td class=\"column-16\"><\/td><td class=\"column-17\"><\/td><td class=\"column-18\"><\/td><td class=\"column-19\">0<\/td><td class=\"column-20\"><\/td><td class=\"column-21\">2498.01<\/td><td class=\"column-22\">10\/02\/2021<\/td><td class=\"column-23\">10\/02\/2021<\/td><td class=\"column-24\">2498.01<\/td>\n<\/tr>\n<tr class=\"row-74\">\n\t<td class=\"column-1\">2\/2021\t<\/td><td class=\"column-2\">22\/01\/2021<\/td><td class=\"column-3\">01\/02\/2021<\/td><td class=\"column-4\">22\/01\/2021 - 21\/04\/2021<\/td><td class=\"column-5\">3\/2021\t<\/td><td class=\"column-6\">Dispensa<\/td><td class=\"column-7\">Menor Pre\u00e7o Por Item<\/td><td class=\"column-8\"><\/td><td class=\"column-9\">CONTRATA\u00c7\u00c3O DE EMPRESA PARA FORNECIMENTO DE COMBUST\u00cdVEIS VEICULARES (GASOLINA COMUM, DIESEL COMUM E DIESEL S10), PARA O ABASTECIMENTO DA FROTA VEICULAR PERTENCENTE \u00c0S DIVERSAS UNIDADES DO PODER EXECUTIVO MUNICIPAL.<\/td><td class=\"column-10\">10010000 - Recursos Ordin\u00e1rios<\/td><td class=\"column-11\">372106.75<\/td><td class=\"column-12\">04.839.900\/0007-73<\/td><td class=\"column-13\">AUTO POSTO S\u00c3O TOM\u00c9 LTDA<\/td><td class=\"column-14\">RAFAEL ANDERSON DE ARA\u00daJO SILVA<\/td><td class=\"column-15\"><\/td><td class=\"column-16\"><\/td><td class=\"column-17\"><\/td><td class=\"column-18\"><\/td><td class=\"column-19\">0<\/td><td class=\"column-20\"><\/td><td class=\"column-21\">3251.64<\/td><td class=\"column-22\">10\/02\/2021<\/td><td class=\"column-23\">10\/02\/2021<\/td><td class=\"column-24\">3251.64<\/td>\n<\/tr>\n<tr class=\"row-75\">\n\t<td class=\"column-1\">2\/2021\t<\/td><td class=\"column-2\">22\/01\/2021<\/td><td class=\"column-3\">01\/02\/2021<\/td><td class=\"column-4\">22\/01\/2021 - 21\/04\/2021<\/td><td class=\"column-5\">3\/2021\t<\/td><td class=\"column-6\">Dispensa<\/td><td class=\"column-7\">Menor Pre\u00e7o Por Item<\/td><td class=\"column-8\"><\/td><td class=\"column-9\">CONTRATA\u00c7\u00c3O DE EMPRESA PARA FORNECIMENTO DE COMBUST\u00cdVEIS VEICULARES (GASOLINA COMUM, DIESEL COMUM E DIESEL S10), PARA O ABASTECIMENTO DA FROTA VEICULAR PERTENCENTE \u00c0S DIVERSAS UNIDADES DO PODER EXECUTIVO MUNICIPAL.<\/td><td class=\"column-10\">10010000 - Recursos Ordin\u00e1rios<\/td><td class=\"column-11\">372106.75<\/td><td class=\"column-12\">04.839.900\/0007-73<\/td><td class=\"column-13\">AUTO POSTO S\u00c3O TOM\u00c9 LTDA<\/td><td class=\"column-14\">RAFAEL ANDERSON DE ARA\u00daJO SILVA<\/td><td class=\"column-15\"><\/td><td class=\"column-16\"><\/td><td class=\"column-17\"><\/td><td class=\"column-18\"><\/td><td class=\"column-19\">0<\/td><td class=\"column-20\"><\/td><td class=\"column-21\">3457.56<\/td><td class=\"column-22\">10\/02\/2021<\/td><td class=\"column-23\">10\/02\/2021<\/td><td class=\"column-24\">3457.56<\/td>\n<\/tr>\n<tr class=\"row-76\">\n\t<td class=\"column-1\">2\/2021\t<\/td><td class=\"column-2\">22\/01\/2021<\/td><td class=\"column-3\">01\/02\/2021<\/td><td class=\"column-4\">22\/01\/2021 - 21\/04\/2021<\/td><td class=\"column-5\">3\/2021\t<\/td><td class=\"column-6\">Dispensa<\/td><td class=\"column-7\">Menor Pre\u00e7o Por Item<\/td><td class=\"column-8\"><\/td><td class=\"column-9\">CONTRATA\u00c7\u00c3O DE EMPRESA PARA FORNECIMENTO DE COMBUST\u00cdVEIS VEICULARES (GASOLINA COMUM, DIESEL COMUM E DIESEL S10), PARA O ABASTECIMENTO DA FROTA VEICULAR PERTENCENTE \u00c0S DIVERSAS UNIDADES DO PODER EXECUTIVO MUNICIPAL.<\/td><td class=\"column-10\">10010000 - Recursos Ordin\u00e1rios<\/td><td class=\"column-11\">372106.75<\/td><td class=\"column-12\">04.839.900\/0007-73<\/td><td class=\"column-13\">AUTO POSTO S\u00c3O TOM\u00c9 LTDA<\/td><td class=\"column-14\">RAFAEL ANDERSON DE ARA\u00daJO SILVA<\/td><td class=\"column-15\"><\/td><td class=\"column-16\"><\/td><td class=\"column-17\"><\/td><td class=\"column-18\"><\/td><td class=\"column-19\">0<\/td><td class=\"column-20\"><\/td><td class=\"column-21\">4371.59<\/td><td class=\"column-22\">10\/02\/2021<\/td><td class=\"column-23\">10\/02\/2021<\/td><td class=\"column-24\">4371.59<\/td>\n<\/tr>\n<tr class=\"row-77\">\n\t<td class=\"column-1\">2\/2021\t<\/td><td class=\"column-2\">22\/01\/2021<\/td><td class=\"column-3\">01\/02\/2021<\/td><td class=\"column-4\">22\/01\/2021 - 21\/04\/2021<\/td><td class=\"column-5\">3\/2021\t<\/td><td class=\"column-6\">Dispensa<\/td><td class=\"column-7\">Menor Pre\u00e7o Por Item<\/td><td class=\"column-8\"><\/td><td class=\"column-9\">CONTRATA\u00c7\u00c3O DE EMPRESA PARA FORNECIMENTO DE COMBUST\u00cdVEIS VEICULARES (GASOLINA COMUM, DIESEL COMUM E DIESEL S10), PARA O ABASTECIMENTO DA FROTA VEICULAR PERTENCENTE \u00c0S DIVERSAS UNIDADES DO PODER EXECUTIVO MUNICIPAL.<\/td><td class=\"column-10\">10010000 - Recursos Ordin\u00e1rios<\/td><td class=\"column-11\">372106.75<\/td><td class=\"column-12\">04.839.900\/0007-73<\/td><td class=\"column-13\">AUTO POSTO S\u00c3O TOM\u00c9 LTDA<\/td><td class=\"column-14\">RAFAEL ANDERSON DE ARA\u00daJO SILVA<\/td><td class=\"column-15\"><\/td><td class=\"column-16\"><\/td><td class=\"column-17\"><\/td><td class=\"column-18\"><\/td><td class=\"column-19\">0<\/td><td class=\"column-20\"><\/td><td class=\"column-21\">10348.19<\/td><td class=\"column-22\">10\/02\/2021<\/td><td class=\"column-23\">10\/02\/2021<\/td><td class=\"column-24\">10348.19<\/td>\n<\/tr>\n<tr class=\"row-78\">\n\t<td class=\"column-1\">2\/2021\t<\/td><td class=\"column-2\">22\/01\/2021<\/td><td class=\"column-3\">01\/02\/2021<\/td><td class=\"column-4\">22\/01\/2021 - 21\/04\/2021<\/td><td class=\"column-5\">3\/2021\t<\/td><td class=\"column-6\">Dispensa<\/td><td class=\"column-7\">Menor Pre\u00e7o Por Item<\/td><td class=\"column-8\"><\/td><td class=\"column-9\">CONTRATA\u00c7\u00c3O DE EMPRESA PARA FORNECIMENTO DE COMBUST\u00cdVEIS VEICULARES (GASOLINA COMUM, DIESEL COMUM E DIESEL S10), PARA O ABASTECIMENTO DA FROTA VEICULAR PERTENCENTE \u00c0S DIVERSAS UNIDADES DO PODER EXECUTIVO MUNICIPAL.<\/td><td class=\"column-10\">10010000 - Recursos Ordin\u00e1rios<\/td><td class=\"column-11\">372106.75<\/td><td class=\"column-12\">04.839.900\/0007-73<\/td><td class=\"column-13\">AUTO POSTO S\u00c3O TOM\u00c9 LTDA<\/td><td class=\"column-14\">RAFAEL ANDERSON DE ARA\u00daJO SILVA<\/td><td class=\"column-15\"><\/td><td class=\"column-16\"><\/td><td class=\"column-17\"><\/td><td class=\"column-18\"><\/td><td class=\"column-19\">0<\/td><td class=\"column-20\"><\/td><td class=\"column-21\">16734.53<\/td><td class=\"column-22\">10\/02\/2021<\/td><td class=\"column-23\">10\/02\/2021<\/td><td class=\"column-24\">16734.53<\/td>\n<\/tr>\n<tr class=\"row-79\">\n\t<td class=\"column-1\">2\/2021\t<\/td><td class=\"column-2\">22\/01\/2021<\/td><td class=\"column-3\">01\/02\/2021<\/td><td class=\"column-4\">22\/01\/2021 - 21\/04\/2021<\/td><td class=\"column-5\">3\/2021\t<\/td><td class=\"column-6\">Dispensa<\/td><td class=\"column-7\">Menor Pre\u00e7o Por Item<\/td><td class=\"column-8\"><\/td><td class=\"column-9\">CONTRATA\u00c7\u00c3O DE EMPRESA PARA FORNECIMENTO DE COMBUST\u00cdVEIS VEICULARES (GASOLINA COMUM, DIESEL COMUM E DIESEL S10), PARA O ABASTECIMENTO DA FROTA VEICULAR PERTENCENTE \u00c0S DIVERSAS UNIDADES DO PODER EXECUTIVO MUNICIPAL.<\/td><td class=\"column-10\">10010000 - Recursos Ordin\u00e1rios<\/td><td class=\"column-11\">372106.75<\/td><td class=\"column-12\">04.839.900\/0007-73<\/td><td class=\"column-13\">AUTO POSTO S\u00c3O TOM\u00c9 LTDA<\/td><td class=\"column-14\">RAFAEL ANDERSON DE ARA\u00daJO SILVA<\/td><td class=\"column-15\"><\/td><td class=\"column-16\"><\/td><td class=\"column-17\"><\/td><td class=\"column-18\"><\/td><td class=\"column-19\">0<\/td><td class=\"column-20\"><\/td><td class=\"column-21\">34158.31<\/td><td class=\"column-22\">10\/02\/2021<\/td><td class=\"column-23\">10\/02\/2021<\/td><td class=\"column-24\">34158.31<\/td>\n<\/tr>\n<tr class=\"row-80\">\n\t<td class=\"column-1\">2\/2021\t<\/td><td class=\"column-2\">22\/01\/2021<\/td><td class=\"column-3\">01\/02\/2021<\/td><td class=\"column-4\">22\/01\/2021 - 21\/04\/2021<\/td><td class=\"column-5\">3\/2021\t<\/td><td class=\"column-6\">Dispensa<\/td><td class=\"column-7\">Menor Pre\u00e7o Por Item<\/td><td class=\"column-8\"><\/td><td class=\"column-9\">CONTRATA\u00c7\u00c3O DE EMPRESA PARA FORNECIMENTO DE COMBUST\u00cdVEIS VEICULARES (GASOLINA COMUM, DIESEL COMUM E DIESEL S10), PARA O ABASTECIMENTO DA FROTA VEICULAR PERTENCENTE \u00c0S DIVERSAS UNIDADES DO PODER EXECUTIVO MUNICIPAL.<\/td><td class=\"column-10\">10010000 - Recursos Ordin\u00e1rios<\/td><td class=\"column-11\">372106.75<\/td><td class=\"column-12\">04.839.900\/0007-73<\/td><td class=\"column-13\">AUTO POSTO S\u00c3O TOM\u00c9 LTDA<\/td><td class=\"column-14\">RAFAEL ANDERSON DE ARA\u00daJO SILVA<\/td><td class=\"column-15\"><\/td><td class=\"column-16\"><\/td><td class=\"column-17\"><\/td><td class=\"column-18\"><\/td><td class=\"column-19\">0<\/td><td class=\"column-20\"><\/td><td class=\"column-21\">1482<\/td><td class=\"column-22\">10\/03\/2021<\/td><td class=\"column-23\">10\/03\/2021<\/td><td class=\"column-24\">1482<\/td>\n<\/tr>\n<tr class=\"row-81\">\n\t<td class=\"column-1\">2\/2021\t<\/td><td class=\"column-2\">22\/01\/2021<\/td><td class=\"column-3\">01\/02\/2021<\/td><td class=\"column-4\">22\/01\/2021 - 21\/04\/2021<\/td><td class=\"column-5\">3\/2021\t<\/td><td class=\"column-6\">Dispensa<\/td><td class=\"column-7\">Menor Pre\u00e7o Por Item<\/td><td class=\"column-8\"><\/td><td class=\"column-9\">CONTRATA\u00c7\u00c3O DE EMPRESA PARA FORNECIMENTO DE COMBUST\u00cdVEIS VEICULARES (GASOLINA COMUM, DIESEL COMUM E DIESEL S10), PARA O ABASTECIMENTO DA FROTA VEICULAR PERTENCENTE \u00c0S DIVERSAS UNIDADES DO PODER EXECUTIVO MUNICIPAL.<\/td><td class=\"column-10\">10010000 - Recursos Ordin\u00e1rios<\/td><td class=\"column-11\">372106.75<\/td><td class=\"column-12\">04.839.900\/0007-73<\/td><td class=\"column-13\">AUTO POSTO S\u00c3O TOM\u00c9 LTDA<\/td><td class=\"column-14\">RAFAEL ANDERSON DE ARA\u00daJO SILVA<\/td><td class=\"column-15\"><\/td><td class=\"column-16\"><\/td><td class=\"column-17\"><\/td><td class=\"column-18\"><\/td><td class=\"column-19\">0<\/td><td class=\"column-20\"><\/td><td class=\"column-21\">1976<\/td><td class=\"column-22\">10\/03\/2021<\/td><td class=\"column-23\"><\/td><td class=\"column-24\"><\/td>\n<\/tr>\n<tr class=\"row-82\">\n\t<td class=\"column-1\">2\/2021\t<\/td><td class=\"column-2\">22\/01\/2021<\/td><td class=\"column-3\">01\/02\/2021<\/td><td class=\"column-4\">22\/01\/2021 - 21\/04\/2021<\/td><td class=\"column-5\">3\/2021\t<\/td><td class=\"column-6\">Dispensa<\/td><td class=\"column-7\">Menor Pre\u00e7o Por Item<\/td><td class=\"column-8\"><\/td><td class=\"column-9\">CONTRATA\u00c7\u00c3O DE EMPRESA PARA FORNECIMENTO DE COMBUST\u00cdVEIS VEICULARES (GASOLINA COMUM, DIESEL COMUM E DIESEL S10), PARA O ABASTECIMENTO DA FROTA VEICULAR PERTENCENTE \u00c0S DIVERSAS UNIDADES DO PODER EXECUTIVO MUNICIPAL.<\/td><td class=\"column-10\">10010000 - Recursos Ordin\u00e1rios<\/td><td class=\"column-11\">372106.75<\/td><td class=\"column-12\">04.839.900\/0007-73<\/td><td class=\"column-13\">AUTO POSTO S\u00c3O TOM\u00c9 LTDA<\/td><td class=\"column-14\">RAFAEL ANDERSON DE ARA\u00daJO SILVA<\/td><td class=\"column-15\"><\/td><td class=\"column-16\"><\/td><td class=\"column-17\"><\/td><td class=\"column-18\"><\/td><td class=\"column-19\">0<\/td><td class=\"column-20\"><\/td><td class=\"column-21\">1976<\/td><td class=\"column-22\">10\/03\/2021<\/td><td class=\"column-23\">10\/03\/2021<\/td><td class=\"column-24\">1976<\/td>\n<\/tr>\n<tr class=\"row-83\">\n\t<td class=\"column-1\">2\/2021\t<\/td><td class=\"column-2\">22\/01\/2021<\/td><td class=\"column-3\">01\/02\/2021<\/td><td class=\"column-4\">22\/01\/2021 - 21\/04\/2021<\/td><td class=\"column-5\">3\/2021\t<\/td><td class=\"column-6\">Dispensa<\/td><td class=\"column-7\">Menor Pre\u00e7o Por Item<\/td><td class=\"column-8\"><\/td><td class=\"column-9\">CONTRATA\u00c7\u00c3O DE EMPRESA PARA FORNECIMENTO DE COMBUST\u00cdVEIS VEICULARES (GASOLINA COMUM, DIESEL COMUM E DIESEL S10), PARA O ABASTECIMENTO DA FROTA VEICULAR PERTENCENTE \u00c0S DIVERSAS UNIDADES DO PODER EXECUTIVO MUNICIPAL.<\/td><td class=\"column-10\">10010000 - Recursos Ordin\u00e1rios<\/td><td class=\"column-11\">372106.75<\/td><td class=\"column-12\">04.839.900\/0007-73<\/td><td class=\"column-13\">AUTO POSTO S\u00c3O TOM\u00c9 LTDA<\/td><td class=\"column-14\">RAFAEL ANDERSON DE ARA\u00daJO SILVA<\/td><td class=\"column-15\"><\/td><td class=\"column-16\"><\/td><td class=\"column-17\"><\/td><td class=\"column-18\"><\/td><td class=\"column-19\">0<\/td><td class=\"column-20\"><\/td><td class=\"column-21\">2800.98<\/td><td class=\"column-22\">10\/03\/2021<\/td><td class=\"column-23\">10\/03\/2021<\/td><td class=\"column-24\">2800.98<\/td>\n<\/tr>\n<tr class=\"row-84\">\n\t<td class=\"column-1\">2\/2021\t<\/td><td class=\"column-2\">22\/01\/2021<\/td><td class=\"column-3\">01\/02\/2021<\/td><td class=\"column-4\">22\/01\/2021 - 21\/04\/2021<\/td><td class=\"column-5\">3\/2021\t<\/td><td class=\"column-6\">Dispensa<\/td><td class=\"column-7\">Menor Pre\u00e7o Por Item<\/td><td class=\"column-8\"><\/td><td class=\"column-9\">CONTRATA\u00c7\u00c3O DE EMPRESA PARA FORNECIMENTO DE COMBUST\u00cdVEIS VEICULARES (GASOLINA COMUM, DIESEL COMUM E DIESEL S10), PARA O ABASTECIMENTO DA FROTA VEICULAR PERTENCENTE \u00c0S DIVERSAS UNIDADES DO PODER EXECUTIVO MUNICIPAL.<\/td><td class=\"column-10\">10010000 - Recursos Ordin\u00e1rios<\/td><td class=\"column-11\">372106.75<\/td><td class=\"column-12\">04.839.900\/0007-73<\/td><td class=\"column-13\">AUTO POSTO S\u00c3O TOM\u00c9 LTDA<\/td><td class=\"column-14\">RAFAEL ANDERSON DE ARA\u00daJO SILVA<\/td><td class=\"column-15\"><\/td><td class=\"column-16\"><\/td><td class=\"column-17\"><\/td><td class=\"column-18\"><\/td><td class=\"column-19\">0<\/td><td class=\"column-20\"><\/td><td class=\"column-21\">2964<\/td><td class=\"column-22\">10\/03\/2021<\/td><td class=\"column-23\">10\/03\/2021<\/td><td class=\"column-24\">2964<\/td>\n<\/tr>\n<tr class=\"row-85\">\n\t<td class=\"column-1\">2\/2021\t<\/td><td class=\"column-2\">22\/01\/2021<\/td><td class=\"column-3\">01\/02\/2021<\/td><td class=\"column-4\">22\/01\/2021 - 21\/04\/2021<\/td><td class=\"column-5\">3\/2021\t<\/td><td class=\"column-6\">Dispensa<\/td><td class=\"column-7\">Menor Pre\u00e7o Por Item<\/td><td class=\"column-8\"><\/td><td class=\"column-9\">CONTRATA\u00c7\u00c3O DE EMPRESA PARA FORNECIMENTO DE COMBUST\u00cdVEIS VEICULARES (GASOLINA COMUM, DIESEL COMUM E DIESEL S10), PARA O ABASTECIMENTO DA FROTA VEICULAR PERTENCENTE \u00c0S DIVERSAS UNIDADES DO PODER EXECUTIVO MUNICIPAL.<\/td><td class=\"column-10\">10010000 - Recursos Ordin\u00e1rios<\/td><td class=\"column-11\">372106.75<\/td><td class=\"column-12\">04.839.900\/0007-73<\/td><td class=\"column-13\">AUTO POSTO S\u00c3O TOM\u00c9 LTDA<\/td><td class=\"column-14\">RAFAEL ANDERSON DE ARA\u00daJO SILVA<\/td><td class=\"column-15\"><\/td><td class=\"column-16\"><\/td><td class=\"column-17\"><\/td><td class=\"column-18\"><\/td><td class=\"column-19\">0<\/td><td class=\"column-20\"><\/td><td class=\"column-21\">13160.69<\/td><td class=\"column-22\">10\/03\/2021<\/td><td class=\"column-23\">10\/03\/2021<\/td><td class=\"column-24\">13160.69<\/td>\n<\/tr>\n<tr class=\"row-86\">\n\t<td class=\"column-1\">2\/2021\t<\/td><td class=\"column-2\">22\/01\/2021<\/td><td class=\"column-3\">01\/02\/2021<\/td><td class=\"column-4\">22\/01\/2021 - 21\/04\/2021<\/td><td class=\"column-5\">3\/2021\t<\/td><td class=\"column-6\">Dispensa<\/td><td class=\"column-7\">Menor Pre\u00e7o Por Item<\/td><td class=\"column-8\"><\/td><td class=\"column-9\">CONTRATA\u00c7\u00c3O DE EMPRESA PARA FORNECIMENTO DE COMBUST\u00cdVEIS VEICULARES (GASOLINA COMUM, DIESEL COMUM E DIESEL S10), PARA O ABASTECIMENTO DA FROTA VEICULAR PERTENCENTE \u00c0S DIVERSAS UNIDADES DO PODER EXECUTIVO MUNICIPAL.<\/td><td class=\"column-10\">10010000 - Recursos Ordin\u00e1rios<\/td><td class=\"column-11\">372106.75<\/td><td class=\"column-12\">04.839.900\/0007-73<\/td><td class=\"column-13\">AUTO POSTO S\u00c3O TOM\u00c9 LTDA<\/td><td class=\"column-14\">RAFAEL ANDERSON DE ARA\u00daJO SILVA<\/td><td class=\"column-15\"><\/td><td class=\"column-16\"><\/td><td class=\"column-17\"><\/td><td class=\"column-18\"><\/td><td class=\"column-19\">0<\/td><td class=\"column-20\"><\/td><td class=\"column-21\">19168.85<\/td><td class=\"column-22\">10\/03\/2021<\/td><td class=\"column-23\">10\/03\/2021<\/td><td class=\"column-24\">19168.85<\/td>\n<\/tr>\n<tr class=\"row-87\">\n\t<td class=\"column-1\">2\/2021\t<\/td><td class=\"column-2\">22\/01\/2021<\/td><td class=\"column-3\">01\/02\/2021<\/td><td class=\"column-4\">22\/01\/2021 - 21\/04\/2021<\/td><td class=\"column-5\">3\/2021\t<\/td><td class=\"column-6\">Dispensa<\/td><td class=\"column-7\">Menor Pre\u00e7o Por Item<\/td><td class=\"column-8\"><\/td><td class=\"column-9\">CONTRATA\u00c7\u00c3O DE EMPRESA PARA FORNECIMENTO DE COMBUST\u00cdVEIS VEICULARES (GASOLINA COMUM, DIESEL COMUM E DIESEL S10), PARA O ABASTECIMENTO DA FROTA VEICULAR PERTENCENTE \u00c0S DIVERSAS UNIDADES DO PODER EXECUTIVO MUNICIPAL.<\/td><td class=\"column-10\">10010000 - Recursos Ordin\u00e1rios<\/td><td class=\"column-11\">372106.75<\/td><td class=\"column-12\">04.839.900\/0007-73<\/td><td class=\"column-13\">AUTO POSTO S\u00c3O TOM\u00c9 LTDA<\/td><td class=\"column-14\">RAFAEL ANDERSON DE ARA\u00daJO SILVA<\/td><td class=\"column-15\"><\/td><td class=\"column-16\"><\/td><td class=\"column-17\"><\/td><td class=\"column-18\"><\/td><td class=\"column-19\">0<\/td><td class=\"column-20\"><\/td><td class=\"column-21\">38926.2<\/td><td class=\"column-22\">10\/03\/2021<\/td><td class=\"column-23\">10\/03\/2021<\/td><td class=\"column-24\">38926.2<\/td>\n<\/tr>\n<tr class=\"row-88\">\n\t<td class=\"column-1\">2\/2021\t<\/td><td class=\"column-2\">22\/01\/2021<\/td><td class=\"column-3\">01\/02\/2021<\/td><td class=\"column-4\">22\/01\/2021 - 21\/04\/2021<\/td><td class=\"column-5\">3\/2021\t<\/td><td class=\"column-6\">Dispensa<\/td><td class=\"column-7\">Menor Pre\u00e7o Por Item<\/td><td class=\"column-8\"><\/td><td class=\"column-9\">CONTRATA\u00c7\u00c3O DE EMPRESA PARA FORNECIMENTO DE COMBUST\u00cdVEIS VEICULARES (GASOLINA COMUM, DIESEL COMUM E DIESEL S10), PARA O ABASTECIMENTO DA FROTA VEICULAR PERTENCENTE \u00c0S DIVERSAS UNIDADES DO PODER EXECUTIVO MUNICIPAL.<\/td><td class=\"column-10\">10010000 - Recursos Ordin\u00e1rios<\/td><td class=\"column-11\">372106.75<\/td><td class=\"column-12\">04.839.900\/0007-73<\/td><td class=\"column-13\">AUTO POSTO S\u00c3O TOM\u00c9 LTDA<\/td><td class=\"column-14\">RAFAEL ANDERSON DE ARA\u00daJO SILVA<\/td><td class=\"column-15\"><\/td><td class=\"column-16\"><\/td><td class=\"column-17\"><\/td><td class=\"column-18\"><\/td><td class=\"column-19\">0<\/td><td class=\"column-20\"><\/td><td class=\"column-21\">380.3<\/td><td class=\"column-22\">13\/04\/2021<\/td><td class=\"column-23\"><\/td><td class=\"column-24\"><\/td>\n<\/tr>\n<tr class=\"row-89\">\n\t<td class=\"column-1\">2\/2021\t<\/td><td class=\"column-2\">22\/01\/2021<\/td><td class=\"column-3\">01\/02\/2021<\/td><td class=\"column-4\">22\/01\/2021 - 21\/04\/2021<\/td><td class=\"column-5\">3\/2021\t<\/td><td class=\"column-6\">Dispensa<\/td><td class=\"column-7\">Menor Pre\u00e7o Por Item<\/td><td class=\"column-8\"><\/td><td class=\"column-9\">CONTRATA\u00c7\u00c3O DE EMPRESA PARA FORNECIMENTO DE COMBUST\u00cdVEIS VEICULARES (GASOLINA COMUM, DIESEL COMUM E DIESEL S10), PARA O ABASTECIMENTO DA FROTA VEICULAR PERTENCENTE \u00c0S DIVERSAS UNIDADES DO PODER EXECUTIVO MUNICIPAL.<\/td><td class=\"column-10\">10010000 - Recursos Ordin\u00e1rios<\/td><td class=\"column-11\">372106.75<\/td><td class=\"column-12\">04.839.900\/0007-73<\/td><td class=\"column-13\">AUTO POSTO S\u00c3O TOM\u00c9 LTDA<\/td><td class=\"column-14\">RAFAEL ANDERSON DE ARA\u00daJO SILVA<\/td><td class=\"column-15\"><\/td><td class=\"column-16\"><\/td><td class=\"column-17\"><\/td><td class=\"column-18\"><\/td><td class=\"column-19\">0<\/td><td class=\"column-20\"><\/td><td class=\"column-21\">2510.81<\/td><td class=\"column-22\">13\/04\/2021<\/td><td class=\"column-23\">13\/04\/2021<\/td><td class=\"column-24\">2510.81<\/td>\n<\/tr>\n<tr class=\"row-90\">\n\t<td class=\"column-1\">2\/2021\t<\/td><td class=\"column-2\">22\/01\/2021<\/td><td class=\"column-3\">01\/02\/2021<\/td><td class=\"column-4\">22\/01\/2021 - 21\/04\/2021<\/td><td class=\"column-5\">3\/2021\t<\/td><td class=\"column-6\">Dispensa<\/td><td class=\"column-7\">Menor Pre\u00e7o Por Item<\/td><td class=\"column-8\"><\/td><td class=\"column-9\">CONTRATA\u00c7\u00c3O DE EMPRESA PARA FORNECIMENTO DE COMBUST\u00cdVEIS VEICULARES (GASOLINA COMUM, DIESEL COMUM E DIESEL S10), PARA O ABASTECIMENTO DA FROTA VEICULAR PERTENCENTE \u00c0S DIVERSAS UNIDADES DO PODER EXECUTIVO MUNICIPAL.<\/td><td class=\"column-10\">10010000 - Recursos Ordin\u00e1rios<\/td><td class=\"column-11\">372106.75<\/td><td class=\"column-12\">04.839.900\/0007-73<\/td><td class=\"column-13\">AUTO POSTO S\u00c3O TOM\u00c9 LTDA<\/td><td class=\"column-14\">RAFAEL ANDERSON DE ARA\u00daJO SILVA<\/td><td class=\"column-15\"><\/td><td class=\"column-16\"><\/td><td class=\"column-17\"><\/td><td class=\"column-18\"><\/td><td class=\"column-19\">0<\/td><td class=\"column-20\"><\/td><td class=\"column-21\">3140.17<\/td><td class=\"column-22\">13\/04\/2021<\/td><td class=\"column-23\">13\/04\/2021<\/td><td class=\"column-24\">3140.17<\/td>\n<\/tr>\n<tr class=\"row-91\">\n\t<td class=\"column-1\">2\/2021\t<\/td><td class=\"column-2\">22\/01\/2021<\/td><td class=\"column-3\">01\/02\/2021<\/td><td class=\"column-4\">22\/01\/2021 - 21\/04\/2021<\/td><td class=\"column-5\">3\/2021\t<\/td><td class=\"column-6\">Dispensa<\/td><td class=\"column-7\">Menor Pre\u00e7o Por Item<\/td><td class=\"column-8\"><\/td><td class=\"column-9\">CONTRATA\u00c7\u00c3O DE EMPRESA PARA FORNECIMENTO DE COMBUST\u00cdVEIS VEICULARES (GASOLINA COMUM, DIESEL COMUM E DIESEL S10), PARA O ABASTECIMENTO DA FROTA VEICULAR PERTENCENTE \u00c0S DIVERSAS UNIDADES DO PODER EXECUTIVO MUNICIPAL.<\/td><td class=\"column-10\">10010000 - Recursos Ordin\u00e1rios<\/td><td class=\"column-11\">372106.75<\/td><td class=\"column-12\">04.839.900\/0007-73<\/td><td class=\"column-13\">AUTO POSTO S\u00c3O TOM\u00c9 LTDA<\/td><td class=\"column-14\">RAFAEL ANDERSON DE ARA\u00daJO SILVA<\/td><td class=\"column-15\"><\/td><td class=\"column-16\"><\/td><td class=\"column-17\"><\/td><td class=\"column-18\"><\/td><td class=\"column-19\">0<\/td><td class=\"column-20\"><\/td><td class=\"column-21\">8414.88<\/td><td class=\"column-22\">13\/04\/2021<\/td><td class=\"column-23\">13\/04\/2021<\/td><td class=\"column-24\">8414.88<\/td>\n<\/tr>\n<tr class=\"row-92\">\n\t<td class=\"column-1\">2\/2021\t<\/td><td class=\"column-2\">22\/01\/2021<\/td><td class=\"column-3\">01\/02\/2021<\/td><td class=\"column-4\">22\/01\/2021 - 21\/04\/2021<\/td><td class=\"column-5\">3\/2021\t<\/td><td class=\"column-6\">Dispensa<\/td><td class=\"column-7\">Menor Pre\u00e7o Por Item<\/td><td class=\"column-8\"><\/td><td class=\"column-9\">CONTRATA\u00c7\u00c3O DE EMPRESA PARA FORNECIMENTO DE COMBUST\u00cdVEIS VEICULARES (GASOLINA COMUM, DIESEL COMUM E DIESEL S10), PARA O ABASTECIMENTO DA FROTA VEICULAR PERTENCENTE \u00c0S DIVERSAS UNIDADES DO PODER EXECUTIVO MUNICIPAL.<\/td><td class=\"column-10\">10010000 - Recursos Ordin\u00e1rios<\/td><td class=\"column-11\">372106.75<\/td><td class=\"column-12\">04.839.900\/0007-73<\/td><td class=\"column-13\">AUTO POSTO S\u00c3O TOM\u00c9 LTDA<\/td><td class=\"column-14\">RAFAEL ANDERSON DE ARA\u00daJO SILVA<\/td><td class=\"column-15\"><\/td><td class=\"column-16\"><\/td><td class=\"column-17\"><\/td><td class=\"column-18\"><\/td><td class=\"column-19\">0<\/td><td class=\"column-20\"><\/td><td class=\"column-21\">11621.41<\/td><td class=\"column-22\">13\/04\/2021<\/td><td class=\"column-23\">13\/04\/2021<\/td><td class=\"column-24\">11621.41<\/td>\n<\/tr>\n<tr class=\"row-93\">\n\t<td class=\"column-1\">2\/2021\t<\/td><td class=\"column-2\">22\/01\/2021<\/td><td class=\"column-3\">01\/02\/2021<\/td><td class=\"column-4\">22\/01\/2021 - 21\/04\/2021<\/td><td class=\"column-5\">3\/2021\t<\/td><td class=\"column-6\">Dispensa<\/td><td class=\"column-7\">Menor Pre\u00e7o Por Item<\/td><td class=\"column-8\"><\/td><td class=\"column-9\">CONTRATA\u00c7\u00c3O DE EMPRESA PARA FORNECIMENTO DE COMBUST\u00cdVEIS VEICULARES (GASOLINA COMUM, DIESEL COMUM E DIESEL S10), PARA O ABASTECIMENTO DA FROTA VEICULAR PERTENCENTE \u00c0S DIVERSAS UNIDADES DO PODER EXECUTIVO MUNICIPAL.<\/td><td class=\"column-10\">10010000 - Recursos Ordin\u00e1rios<\/td><td class=\"column-11\">372106.75<\/td><td class=\"column-12\">04.839.900\/0007-73<\/td><td class=\"column-13\">AUTO POSTO S\u00c3O TOM\u00c9 LTDA<\/td><td class=\"column-14\">RAFAEL ANDERSON DE ARA\u00daJO SILVA<\/td><td class=\"column-15\"><\/td><td class=\"column-16\"><\/td><td class=\"column-17\"><\/td><td class=\"column-18\"><\/td><td class=\"column-19\">0<\/td><td class=\"column-20\"><\/td><td class=\"column-21\">19889.27<\/td><td class=\"column-22\">13\/04\/2021<\/td><td class=\"column-23\">13\/04\/2021<\/td><td class=\"column-24\">19889.27<\/td>\n<\/tr>\n<tr class=\"row-94\">\n\t<td class=\"column-1\">2\/2021\t<\/td><td class=\"column-2\">22\/01\/2021<\/td><td class=\"column-3\">01\/02\/2021<\/td><td class=\"column-4\">22\/01\/2021 - 21\/04\/2021<\/td><td class=\"column-5\">3\/2021\t<\/td><td class=\"column-6\">Dispensa<\/td><td class=\"column-7\">Menor Pre\u00e7o Por Item<\/td><td class=\"column-8\"><\/td><td class=\"column-9\">CONTRATA\u00c7\u00c3O DE EMPRESA PARA FORNECIMENTO DE COMBUST\u00cdVEIS VEICULARES (GASOLINA COMUM, DIESEL COMUM E DIESEL S10), PARA O ABASTECIMENTO DA FROTA VEICULAR PERTENCENTE \u00c0S DIVERSAS UNIDADES DO PODER EXECUTIVO MUNICIPAL.<\/td><td class=\"column-10\">10010000 - Recursos Ordin\u00e1rios<\/td><td class=\"column-11\">372106.75<\/td><td class=\"column-12\">04.839.900\/0007-73<\/td><td class=\"column-13\">AUTO POSTO S\u00c3O TOM\u00c9 LTDA<\/td><td class=\"column-14\">RAFAEL ANDERSON DE ARA\u00daJO SILVA<\/td><td class=\"column-15\"><\/td><td class=\"column-16\"><\/td><td class=\"column-17\"><\/td><td class=\"column-18\"><\/td><td class=\"column-19\">0<\/td><td class=\"column-20\"><\/td><td class=\"column-21\">20523.32<\/td><td class=\"column-22\">13\/04\/2021<\/td><td class=\"column-23\">13\/04\/2021<\/td><td class=\"column-24\">20523.32<\/td>\n<\/tr>\n<tr class=\"row-95\">\n\t<td class=\"column-1\">2\/2021\t<\/td><td class=\"column-2\">22\/01\/2021<\/td><td class=\"column-3\">01\/02\/2021<\/td><td class=\"column-4\">22\/01\/2021 - 21\/04\/2021<\/td><td class=\"column-5\">3\/2021\t<\/td><td class=\"column-6\">Dispensa<\/td><td class=\"column-7\">Menor Pre\u00e7o Por Item<\/td><td class=\"column-8\"><\/td><td class=\"column-9\">CONTRATA\u00c7\u00c3O DE EMPRESA PARA FORNECIMENTO DE COMBUST\u00cdVEIS VEICULARES (GASOLINA COMUM, DIESEL COMUM E DIESEL S10), PARA O ABASTECIMENTO DA FROTA VEICULAR PERTENCENTE \u00c0S DIVERSAS UNIDADES DO PODER EXECUTIVO MUNICIPAL.<\/td><td class=\"column-10\">10010000 - Recursos Ordin\u00e1rios<\/td><td class=\"column-11\">372106.75<\/td><td class=\"column-12\">04.839.900\/0007-73<\/td><td class=\"column-13\">AUTO POSTO S\u00c3O TOM\u00c9 LTDA<\/td><td class=\"column-14\">RAFAEL ANDERSON DE ARA\u00daJO SILVA<\/td><td class=\"column-15\"><\/td><td class=\"column-16\"><\/td><td class=\"column-17\"><\/td><td class=\"column-18\"><\/td><td class=\"column-19\">0<\/td><td class=\"column-20\"><\/td><td class=\"column-21\">26341.62<\/td><td class=\"column-22\">13\/04\/2021<\/td><td class=\"column-23\">13\/04\/2021<\/td><td class=\"column-24\">26341.62<\/td>\n<\/tr>\n<tr class=\"row-96\">\n\t<td class=\"column-1\">2\/2021\t<\/td><td class=\"column-2\">22\/01\/2021<\/td><td class=\"column-3\">01\/02\/2021<\/td><td class=\"column-4\">22\/01\/2021 - 21\/04\/2021<\/td><td class=\"column-5\">3\/2021\t<\/td><td class=\"column-6\">Dispensa<\/td><td class=\"column-7\">Menor Pre\u00e7o Por Item<\/td><td class=\"column-8\"><\/td><td class=\"column-9\">CONTRATA\u00c7\u00c3O DE EMPRESA PARA FORNECIMENTO DE COMBUST\u00cdVEIS VEICULARES (GASOLINA COMUM, DIESEL COMUM E DIESEL S10), PARA O ABASTECIMENTO DA FROTA VEICULAR PERTENCENTE \u00c0S DIVERSAS UNIDADES DO PODER EXECUTIVO MUNICIPAL.<\/td><td class=\"column-10\">10010000 - Recursos Ordin\u00e1rios<\/td><td class=\"column-11\">372106.75<\/td><td class=\"column-12\">04.839.900\/0007-73<\/td><td class=\"column-13\">AUTO POSTO S\u00c3O TOM\u00c9 LTDA<\/td><td class=\"column-14\">RAFAEL ANDERSON DE ARA\u00daJO SILVA<\/td><td class=\"column-15\"><\/td><td class=\"column-16\"><\/td><td class=\"column-17\"><\/td><td class=\"column-18\"><\/td><td class=\"column-19\">0<\/td><td class=\"column-20\"><\/td><td class=\"column-21\">37380.89<\/td><td class=\"column-22\">13\/04\/2021<\/td><td class=\"column-23\">13\/04\/2021<\/td><td class=\"column-24\">37380.89<\/td>\n<\/tr>\n<tr class=\"row-97\">\n\t<td class=\"column-1\">2\/2021\t<\/td><td class=\"column-2\">22\/01\/2021<\/td><td class=\"column-3\">01\/02\/2021<\/td><td class=\"column-4\">22\/01\/2021 - 21\/04\/2021<\/td><td class=\"column-5\">3\/2021\t<\/td><td class=\"column-6\">Dispensa<\/td><td class=\"column-7\">Menor Pre\u00e7o Por Item<\/td><td class=\"column-8\"><\/td><td class=\"column-9\">CONTRATA\u00c7\u00c3O DE EMPRESA PARA FORNECIMENTO DE COMBUST\u00cdVEIS VEICULARES (GASOLINA COMUM, DIESEL COMUM E DIESEL S10), PARA O ABASTECIMENTO DA FROTA VEICULAR PERTENCENTE \u00c0S DIVERSAS UNIDADES DO PODER EXECUTIVO MUNICIPAL.<\/td><td class=\"column-10\">10010000 - Recursos Ordin\u00e1rios<\/td><td class=\"column-11\">372106.75<\/td><td class=\"column-12\">04.839.900\/0007-73<\/td><td class=\"column-13\">AUTO POSTO S\u00c3O TOM\u00c9 LTDA<\/td><td class=\"column-14\">RAFAEL ANDERSON DE ARA\u00daJO SILVA<\/td><td class=\"column-15\"><\/td><td class=\"column-16\"><\/td><td class=\"column-17\"><\/td><td class=\"column-18\"><\/td><td class=\"column-19\">0<\/td><td class=\"column-20\"><\/td><td class=\"column-21\">78.75<\/td><td class=\"column-22\">16\/06\/2021<\/td><td class=\"column-23\">18\/06\/2021<\/td><td class=\"column-24\">78.75<\/td>\n<\/tr>\n<tr class=\"row-98\">\n\t<td class=\"column-1\">2\/2021\t<\/td><td class=\"column-2\">22\/01\/2021<\/td><td class=\"column-3\">01\/02\/2021<\/td><td class=\"column-4\">22\/01\/2021 - 21\/04\/2021<\/td><td class=\"column-5\">3\/2021\t<\/td><td class=\"column-6\">Dispensa<\/td><td class=\"column-7\">Menor Pre\u00e7o Por Item<\/td><td class=\"column-8\"><\/td><td class=\"column-9\">CONTRATA\u00c7\u00c3O DE EMPRESA PARA FORNECIMENTO DE COMBUST\u00cdVEIS VEICULARES (GASOLINA COMUM, DIESEL COMUM E DIESEL S10), PARA O ABASTECIMENTO DA FROTA VEICULAR PERTENCENTE \u00c0S DIVERSAS UNIDADES DO PODER EXECUTIVO MUNICIPAL.<\/td><td class=\"column-10\">10010000 - Recursos Ordin\u00e1rios<\/td><td class=\"column-11\">372106.75<\/td><td class=\"column-12\">04.839.900\/0007-73<\/td><td class=\"column-13\">AUTO POSTO S\u00c3O TOM\u00c9 LTDA<\/td><td class=\"column-14\">RAFAEL ANDERSON DE ARA\u00daJO SILVA<\/td><td class=\"column-15\"><\/td><td class=\"column-16\"><\/td><td class=\"column-17\"><\/td><td class=\"column-18\"><\/td><td class=\"column-19\">0<\/td><td class=\"column-20\"><\/td><td class=\"column-21\">6805<\/td><td class=\"column-22\">16\/06\/2021<\/td><td class=\"column-23\">18\/06\/2021<\/td><td class=\"column-24\">6805<\/td>\n<\/tr>\n<tr class=\"row-99\">\n\t<td class=\"column-1\">2\/2021\t<\/td><td class=\"column-2\">22\/01\/2021<\/td><td class=\"column-3\">01\/02\/2021<\/td><td class=\"column-4\">22\/01\/2021 - 21\/04\/2021<\/td><td class=\"column-5\">3\/2021\t<\/td><td class=\"column-6\">Dispensa<\/td><td class=\"column-7\">Menor Pre\u00e7o Por Item<\/td><td class=\"column-8\"><\/td><td class=\"column-9\">CONTRATA\u00c7\u00c3O DE EMPRESA PARA FORNECIMENTO DE COMBUST\u00cdVEIS VEICULARES (GASOLINA COMUM, DIESEL COMUM E DIESEL S10), PARA O ABASTECIMENTO DA FROTA VEICULAR PERTENCENTE \u00c0S DIVERSAS UNIDADES DO PODER EXECUTIVO MUNICIPAL.<\/td><td class=\"column-10\">10010000 - Recursos Ordin\u00e1rios<\/td><td class=\"column-11\">372106.75<\/td><td class=\"column-12\">04.839.900\/0007-73<\/td><td class=\"column-13\">AUTO POSTO S\u00c3O TOM\u00c9 LTDA<\/td><td class=\"column-14\">RAFAEL ANDERSON DE ARA\u00daJO SILVA<\/td><td class=\"column-15\"><\/td><td class=\"column-16\"><\/td><td class=\"column-17\"><\/td><td class=\"column-18\"><\/td><td class=\"column-19\">0<\/td><td class=\"column-20\"><\/td><td class=\"column-21\">8646.83<\/td><td class=\"column-22\">16\/06\/2021<\/td><td class=\"column-23\">18\/06\/2021<\/td><td class=\"column-24\">8646.83<\/td>\n<\/tr>\n<tr class=\"row-100\">\n\t<td class=\"column-1\">2\/2021\t<\/td><td class=\"column-2\">22\/01\/2021<\/td><td class=\"column-3\">01\/02\/2021<\/td><td class=\"column-4\">22\/01\/2021 - 21\/04\/2021<\/td><td class=\"column-5\">3\/2021\t<\/td><td class=\"column-6\">Dispensa<\/td><td class=\"column-7\">Menor Pre\u00e7o Por Item<\/td><td class=\"column-8\"><\/td><td class=\"column-9\">CONTRATA\u00c7\u00c3O DE EMPRESA PARA FORNECIMENTO DE COMBUST\u00cdVEIS VEICULARES (GASOLINA COMUM, DIESEL COMUM E DIESEL S10), PARA O ABASTECIMENTO DA FROTA VEICULAR PERTENCENTE \u00c0S DIVERSAS UNIDADES DO PODER EXECUTIVO MUNICIPAL.<\/td><td class=\"column-10\">10010000 - Recursos Ordin\u00e1rios<\/td><td class=\"column-11\">372106.75<\/td><td class=\"column-12\">04.839.900\/0007-73<\/td><td class=\"column-13\">AUTO POSTO S\u00c3O TOM\u00c9 LTDA<\/td><td class=\"column-14\">RAFAEL ANDERSON DE ARA\u00daJO SILVA<\/td><td class=\"column-15\"><\/td><td class=\"column-16\"><\/td><td class=\"column-17\"><\/td><td class=\"column-18\"><\/td><td class=\"column-19\">0<\/td><td class=\"column-20\"><\/td><td class=\"column-21\">9233.75<\/td><td class=\"column-22\">16\/06\/2021<\/td><td class=\"column-23\">18\/06\/2021<\/td><td class=\"column-24\">9233.75<\/td>\n<\/tr>\n<tr class=\"row-101\">\n\t<td class=\"column-1\">2\/2021\t<\/td><td class=\"column-2\">22\/01\/2021<\/td><td class=\"column-3\">01\/02\/2021<\/td><td class=\"column-4\">22\/01\/2021 - 21\/04\/2021<\/td><td class=\"column-5\">3\/2021\t<\/td><td class=\"column-6\">Dispensa<\/td><td class=\"column-7\">Menor Pre\u00e7o Por Item<\/td><td class=\"column-8\"><\/td><td class=\"column-9\">CONTRATA\u00c7\u00c3O DE EMPRESA PARA FORNECIMENTO DE COMBUST\u00cdVEIS VEICULARES (GASOLINA COMUM, DIESEL COMUM E DIESEL S10), PARA O ABASTECIMENTO DA FROTA VEICULAR PERTENCENTE \u00c0S DIVERSAS UNIDADES DO PODER EXECUTIVO MUNICIPAL.<\/td><td class=\"column-10\">10010000 - Recursos Ordin\u00e1rios<\/td><td class=\"column-11\">372106.75<\/td><td class=\"column-12\">04.839.900\/0007-73<\/td><td class=\"column-13\">AUTO POSTO S\u00c3O TOM\u00c9 LTDA<\/td><td class=\"column-14\">RAFAEL ANDERSON DE ARA\u00daJO SILVA<\/td><td class=\"column-15\"><\/td><td class=\"column-16\"><\/td><td class=\"column-17\"><\/td><td class=\"column-18\"><\/td><td class=\"column-19\">0<\/td><td class=\"column-20\"><\/td><td class=\"column-21\">31286.86<\/td><td class=\"column-22\">16\/06\/2021<\/td><td class=\"column-23\"><\/td><td class=\"column-24\"><\/td>\n<\/tr>\n<tr class=\"row-102\">\n\t<td class=\"column-1\">2\/2021\t<\/td><td class=\"column-2\">22\/01\/2021<\/td><td class=\"column-3\">01\/02\/2021<\/td><td class=\"column-4\">22\/01\/2021 - 21\/04\/2021<\/td><td class=\"column-5\">3\/2021\t<\/td><td class=\"column-6\">Dispensa<\/td><td class=\"column-7\">Menor Pre\u00e7o Por Item<\/td><td class=\"column-8\"><\/td><td class=\"column-9\">CONTRATA\u00c7\u00c3O DE EMPRESA PARA FORNECIMENTO DE COMBUST\u00cdVEIS VEICULARES (GASOLINA COMUM, DIESEL COMUM E DIESEL S10), PARA O ABASTECIMENTO DA FROTA VEICULAR PERTENCENTE \u00c0S DIVERSAS UNIDADES DO PODER EXECUTIVO MUNICIPAL.<\/td><td class=\"column-10\">10010000 - Recursos Ordin\u00e1rios<\/td><td class=\"column-11\">372106.75<\/td><td class=\"column-12\">04.839.900\/0007-73<\/td><td class=\"column-13\">AUTO POSTO S\u00c3O TOM\u00c9 LTDA<\/td><td class=\"column-14\">RAFAEL ANDERSON DE ARA\u00daJO SILVA<\/td><td class=\"column-15\"><\/td><td class=\"column-16\"><\/td><td class=\"column-17\"><\/td><td class=\"column-18\"><\/td><td class=\"column-19\">0<\/td><td class=\"column-20\"><\/td><td class=\"column-21\">1287.59<\/td><td class=\"column-22\">18\/06\/2021<\/td><td class=\"column-23\"><\/td><td class=\"column-24\"><\/td>\n<\/tr>\n<tr class=\"row-103\">\n\t<td class=\"column-1\">2\/2021\t<\/td><td class=\"column-2\">22\/01\/2021<\/td><td class=\"column-3\">01\/02\/2021<\/td><td class=\"column-4\">22\/01\/2021 - 21\/04\/2021<\/td><td class=\"column-5\">3\/2021\t<\/td><td class=\"column-6\">Dispensa<\/td><td class=\"column-7\">Menor Pre\u00e7o Por Item<\/td><td class=\"column-8\"><\/td><td class=\"column-9\">CONTRATA\u00c7\u00c3O DE EMPRESA PARA FORNECIMENTO DE COMBUST\u00cdVEIS VEICULARES (GASOLINA COMUM, DIESEL COMUM E DIESEL S10), PARA O ABASTECIMENTO DA FROTA VEICULAR PERTENCENTE \u00c0S DIVERSAS UNIDADES DO PODER EXECUTIVO MUNICIPAL.<\/td><td class=\"column-10\">10010000 - Recursos Ordin\u00e1rios<\/td><td class=\"column-11\">372106.75<\/td><td class=\"column-12\">04.839.900\/0007-73<\/td><td class=\"column-13\">AUTO POSTO S\u00c3O TOM\u00c9 LTDA<\/td><td class=\"column-14\">RAFAEL ANDERSON DE ARA\u00daJO SILVA<\/td><td class=\"column-15\"><\/td><td class=\"column-16\"><\/td><td class=\"column-17\"><\/td><td class=\"column-18\"><\/td><td class=\"column-19\">0<\/td><td class=\"column-20\"><\/td><td class=\"column-21\">380.3<\/td><td class=\"column-22\">19\/05\/2021<\/td><td class=\"column-23\">19\/05\/2021<\/td><td class=\"column-24\">380.3<\/td>\n<\/tr>\n<tr class=\"row-104\">\n\t<td class=\"column-1\">2\/2021\t<\/td><td class=\"column-2\">22\/01\/2021<\/td><td class=\"column-3\">01\/02\/2021<\/td><td class=\"column-4\">22\/01\/2021 - 21\/04\/2021<\/td><td class=\"column-5\">3\/2021\t<\/td><td class=\"column-6\">Dispensa<\/td><td class=\"column-7\">Menor Pre\u00e7o Por Item<\/td><td class=\"column-8\"><\/td><td class=\"column-9\">CONTRATA\u00c7\u00c3O DE EMPRESA PARA FORNECIMENTO DE COMBUST\u00cdVEIS VEICULARES (GASOLINA COMUM, DIESEL COMUM E DIESEL S10), PARA O ABASTECIMENTO DA FROTA VEICULAR PERTENCENTE \u00c0S DIVERSAS UNIDADES DO PODER EXECUTIVO MUNICIPAL.<\/td><td class=\"column-10\">10010000 - Recursos Ordin\u00e1rios<\/td><td class=\"column-11\">372106.75<\/td><td class=\"column-12\">04.839.900\/0007-73<\/td><td class=\"column-13\">AUTO POSTO S\u00c3O TOM\u00c9 LTDA<\/td><td class=\"column-14\">RAFAEL ANDERSON DE ARA\u00daJO SILVA<\/td><td class=\"column-15\"><\/td><td class=\"column-16\"><\/td><td class=\"column-17\"><\/td><td class=\"column-18\"><\/td><td class=\"column-19\">0<\/td><td class=\"column-20\"><\/td><td class=\"column-21\">2290.87<\/td><td class=\"column-22\">19\/05\/2021<\/td><td class=\"column-23\">19\/05\/2021<\/td><td class=\"column-24\">2290.87<\/td>\n<\/tr>\n<tr class=\"row-105\">\n\t<td class=\"column-1\">2\/2021\t<\/td><td class=\"column-2\">22\/01\/2021<\/td><td class=\"column-3\">01\/02\/2021<\/td><td class=\"column-4\">22\/01\/2021 - 21\/04\/2021<\/td><td class=\"column-5\">3\/2021\t<\/td><td class=\"column-6\">Dispensa<\/td><td class=\"column-7\">Menor Pre\u00e7o Por Item<\/td><td class=\"column-8\"><\/td><td class=\"column-9\">CONTRATA\u00c7\u00c3O DE EMPRESA PARA FORNECIMENTO DE COMBUST\u00cdVEIS VEICULARES (GASOLINA COMUM, DIESEL COMUM E DIESEL S10), PARA O ABASTECIMENTO DA FROTA VEICULAR PERTENCENTE \u00c0S DIVERSAS UNIDADES DO PODER EXECUTIVO MUNICIPAL.<\/td><td class=\"column-10\">10010000 - Recursos Ordin\u00e1rios<\/td><td class=\"column-11\">372106.75<\/td><td class=\"column-12\">04.839.900\/0007-73<\/td><td class=\"column-13\">AUTO POSTO S\u00c3O TOM\u00c9 LTDA<\/td><td class=\"column-14\">RAFAEL ANDERSON DE ARA\u00daJO SILVA<\/td><td class=\"column-15\"><\/td><td class=\"column-16\"><\/td><td class=\"column-17\"><\/td><td class=\"column-18\"><\/td><td class=\"column-19\">0<\/td><td class=\"column-20\"><\/td><td class=\"column-21\">3962.39<\/td><td class=\"column-22\">19\/05\/2021<\/td><td class=\"column-23\">19\/05\/2021<\/td><td class=\"column-24\">3962.39<\/td>\n<\/tr>\n<tr class=\"row-106\">\n\t<td class=\"column-1\">2\/2021\t<\/td><td class=\"column-2\">22\/01\/2021<\/td><td class=\"column-3\">01\/02\/2021<\/td><td class=\"column-4\">22\/01\/2021 - 21\/04\/2021<\/td><td class=\"column-5\">3\/2021\t<\/td><td class=\"column-6\">Dispensa<\/td><td class=\"column-7\">Menor Pre\u00e7o Por Item<\/td><td class=\"column-8\"><\/td><td class=\"column-9\">CONTRATA\u00c7\u00c3O DE EMPRESA PARA FORNECIMENTO DE COMBUST\u00cdVEIS VEICULARES (GASOLINA COMUM, DIESEL COMUM E DIESEL S10), PARA O ABASTECIMENTO DA FROTA VEICULAR PERTENCENTE \u00c0S DIVERSAS UNIDADES DO PODER EXECUTIVO MUNICIPAL.<\/td><td class=\"column-10\">10010000 - Recursos Ordin\u00e1rios<\/td><td class=\"column-11\">372106.75<\/td><td class=\"column-12\">04.839.900\/0007-73<\/td><td class=\"column-13\">AUTO POSTO S\u00c3O TOM\u00c9 LTDA<\/td><td class=\"column-14\">RAFAEL ANDERSON DE ARA\u00daJO SILVA<\/td><td class=\"column-15\"><\/td><td class=\"column-16\"><\/td><td class=\"column-17\"><\/td><td class=\"column-18\"><\/td><td class=\"column-19\">0<\/td><td class=\"column-20\"><\/td><td class=\"column-21\">17987.83<\/td><td class=\"column-22\">19\/05\/2021<\/td><td class=\"column-23\">19\/05\/2021<\/td><td class=\"column-24\">17987.83<\/td>\n<\/tr>\n<tr class=\"row-107\">\n\t<td class=\"column-1\">2\/2021\t<\/td><td class=\"column-2\">22\/01\/2021<\/td><td class=\"column-3\">01\/02\/2021<\/td><td class=\"column-4\">22\/01\/2021 - 21\/04\/2021<\/td><td class=\"column-5\">3\/2021\t<\/td><td class=\"column-6\">Dispensa<\/td><td class=\"column-7\">Menor Pre\u00e7o Por Item<\/td><td class=\"column-8\"><\/td><td class=\"column-9\">CONTRATA\u00c7\u00c3O DE EMPRESA PARA FORNECIMENTO DE COMBUST\u00cdVEIS VEICULARES (GASOLINA COMUM, DIESEL COMUM E DIESEL S10), PARA O ABASTECIMENTO DA FROTA VEICULAR PERTENCENTE \u00c0S DIVERSAS UNIDADES DO PODER EXECUTIVO MUNICIPAL.<\/td><td class=\"column-10\">10010000 - Recursos Ordin\u00e1rios<\/td><td class=\"column-11\">372106.75<\/td><td class=\"column-12\">04.839.900\/0007-73<\/td><td class=\"column-13\">AUTO POSTO S\u00c3O TOM\u00c9 LTDA<\/td><td class=\"column-14\">RAFAEL ANDERSON DE ARA\u00daJO SILVA<\/td><td class=\"column-15\"><\/td><td class=\"column-16\"><\/td><td class=\"column-17\"><\/td><td class=\"column-18\"><\/td><td class=\"column-19\">0<\/td><td class=\"column-20\"><\/td><td class=\"column-21\">20425.21<\/td><td class=\"column-22\">19\/05\/2021<\/td><td class=\"column-23\">19\/05\/2021<\/td><td class=\"column-24\">20425.21<\/td>\n<\/tr>\n<tr class=\"row-108\">\n\t<td class=\"column-1\">2\/2021\t<\/td><td class=\"column-2\">22\/01\/2021<\/td><td class=\"column-3\">01\/02\/2021<\/td><td class=\"column-4\">22\/01\/2021 - 21\/04\/2021<\/td><td class=\"column-5\">3\/2021\t<\/td><td class=\"column-6\">Dispensa<\/td><td class=\"column-7\">Menor Pre\u00e7o Por Item<\/td><td class=\"column-8\"><\/td><td class=\"column-9\">CONTRATA\u00c7\u00c3O DE EMPRESA PARA FORNECIMENTO DE COMBUST\u00cdVEIS VEICULARES (GASOLINA COMUM, DIESEL COMUM E DIESEL S10), PARA O ABASTECIMENTO DA FROTA VEICULAR PERTENCENTE \u00c0S DIVERSAS UNIDADES DO PODER EXECUTIVO MUNICIPAL.<\/td><td class=\"column-10\">10010000 - Recursos Ordin\u00e1rios<\/td><td class=\"column-11\">372106.75<\/td><td class=\"column-12\">04.839.900\/0007-73<\/td><td class=\"column-13\">AUTO POSTO S\u00c3O TOM\u00c9 LTDA<\/td><td class=\"column-14\">RAFAEL ANDERSON DE ARA\u00daJO SILVA<\/td><td class=\"column-15\"><\/td><td class=\"column-16\"><\/td><td class=\"column-17\"><\/td><td class=\"column-18\"><\/td><td class=\"column-19\">0<\/td><td class=\"column-20\"><\/td><td class=\"column-21\">24198.8<\/td><td class=\"column-22\">19\/05\/2021<\/td><td class=\"column-23\">19\/05\/2021<\/td><td class=\"column-24\">24198.8<\/td>\n<\/tr>\n<tr class=\"row-109\">\n\t<td class=\"column-1\">2\/2021\t<\/td><td class=\"column-2\">22\/01\/2021<\/td><td class=\"column-3\">01\/02\/2021<\/td><td class=\"column-4\">22\/01\/2021 - 21\/04\/2021<\/td><td class=\"column-5\">3\/2021\t<\/td><td class=\"column-6\">Dispensa<\/td><td class=\"column-7\">Menor Pre\u00e7o Por Item<\/td><td class=\"column-8\"><\/td><td class=\"column-9\">CONTRATA\u00c7\u00c3O DE EMPRESA PARA FORNECIMENTO DE COMBUST\u00cdVEIS VEICULARES (GASOLINA COMUM, DIESEL COMUM E DIESEL S10), PARA O ABASTECIMENTO DA FROTA VEICULAR PERTENCENTE \u00c0S DIVERSAS UNIDADES DO PODER EXECUTIVO MUNICIPAL.<\/td><td class=\"column-10\">10010000 - Recursos Ordin\u00e1rios<\/td><td class=\"column-11\">372106.75<\/td><td class=\"column-12\">04.839.900\/0007-73<\/td><td class=\"column-13\">AUTO POSTO S\u00c3O TOM\u00c9 LTDA<\/td><td class=\"column-14\">RAFAEL ANDERSON DE ARA\u00daJO SILVA<\/td><td class=\"column-15\"><\/td><td class=\"column-16\"><\/td><td class=\"column-17\"><\/td><td class=\"column-18\"><\/td><td class=\"column-19\">0<\/td><td class=\"column-20\"><\/td><td class=\"column-21\">57440.42<\/td><td class=\"column-22\">19\/05\/2021<\/td><td class=\"column-23\">19\/05\/2021<\/td><td class=\"column-24\">57440.42<\/td>\n<\/tr>\n<tr class=\"row-110\">\n\t<td class=\"column-1\">2\/2021\t<\/td><td class=\"column-2\">22\/01\/2021<\/td><td class=\"column-3\">01\/02\/2021<\/td><td class=\"column-4\">22\/01\/2021 - 21\/04\/2021<\/td><td class=\"column-5\">3\/2021\t<\/td><td class=\"column-6\">Dispensa<\/td><td class=\"column-7\">Menor Pre\u00e7o Por Item<\/td><td class=\"column-8\"><\/td><td class=\"column-9\">CONTRATA\u00c7\u00c3O DE EMPRESA PARA FORNECIMENTO DE COMBUST\u00cdVEIS VEICULARES (GASOLINA COMUM, DIESEL COMUM E DIESEL S10), PARA O ABASTECIMENTO DA FROTA VEICULAR PERTENCENTE \u00c0S DIVERSAS UNIDADES DO PODER EXECUTIVO MUNICIPAL.<\/td><td class=\"column-10\">10010000 - Recursos Ordin\u00e1rios<\/td><td class=\"column-11\">372106.75<\/td><td class=\"column-12\">04.839.900\/0007-73<\/td><td class=\"column-13\">AUTO POSTO S\u00c3O TOM\u00c9 LTDA<\/td><td class=\"column-14\">RAFAEL ANDERSON DE ARA\u00daJO SILVA<\/td><td class=\"column-15\"><\/td><td class=\"column-16\"><\/td><td class=\"column-17\"><\/td><td class=\"column-18\"><\/td><td class=\"column-19\">0<\/td><td class=\"column-20\"><\/td><td class=\"column-21\">5497.14<\/td><td class=\"column-22\">21\/07\/2021<\/td><td class=\"column-23\">22\/07\/2021<\/td><td class=\"column-24\">5497.14<\/td>\n<\/tr>\n<tr class=\"row-111\">\n\t<td class=\"column-1\">2\/2021\t<\/td><td class=\"column-2\">22\/01\/2021<\/td><td class=\"column-3\">01\/02\/2021<\/td><td class=\"column-4\">22\/01\/2021 - 21\/04\/2021<\/td><td class=\"column-5\">3\/2021\t<\/td><td class=\"column-6\">Dispensa<\/td><td class=\"column-7\">Menor Pre\u00e7o Por Item<\/td><td class=\"column-8\"><\/td><td class=\"column-9\">CONTRATA\u00c7\u00c3O DE EMPRESA PARA FORNECIMENTO DE COMBUST\u00cdVEIS VEICULARES (GASOLINA COMUM, DIESEL COMUM E DIESEL S10), PARA O ABASTECIMENTO DA FROTA VEICULAR PERTENCENTE \u00c0S DIVERSAS UNIDADES DO PODER EXECUTIVO MUNICIPAL.<\/td><td class=\"column-10\">10010000 - Recursos Ordin\u00e1rios<\/td><td class=\"column-11\">372106.75<\/td><td class=\"column-12\">04.839.900\/0007-73<\/td><td class=\"column-13\">AUTO POSTO S\u00c3O TOM\u00c9 LTDA<\/td><td class=\"column-14\">RAFAEL ANDERSON DE ARA\u00daJO SILVA<\/td><td class=\"column-15\"><\/td><td class=\"column-16\"><\/td><td class=\"column-17\"><\/td><td class=\"column-18\"><\/td><td class=\"column-19\">0<\/td><td class=\"column-20\"><\/td><td class=\"column-21\">20768.2<\/td><td class=\"column-22\">21\/07\/2021<\/td><td class=\"column-23\">22\/07\/2021<\/td><td class=\"column-24\">20768.2<\/td>\n<\/tr>\n<tr class=\"row-112\">\n\t<td class=\"column-1\">2\/2021\t<\/td><td class=\"column-2\">22\/01\/2021<\/td><td class=\"column-3\">01\/02\/2021<\/td><td class=\"column-4\">22\/01\/2021 - 21\/04\/2021<\/td><td class=\"column-5\">3\/2021\t<\/td><td class=\"column-6\">Dispensa<\/td><td class=\"column-7\">Menor Pre\u00e7o Por Item<\/td><td class=\"column-8\"><\/td><td class=\"column-9\">CONTRATA\u00c7\u00c3O DE EMPRESA PARA FORNECIMENTO DE COMBUST\u00cdVEIS VEICULARES (GASOLINA COMUM, DIESEL COMUM E DIESEL S10), PARA O ABASTECIMENTO DA FROTA VEICULAR PERTENCENTE \u00c0S DIVERSAS UNIDADES DO PODER EXECUTIVO MUNICIPAL.<\/td><td class=\"column-10\">10010000 - Recursos Ordin\u00e1rios<\/td><td class=\"column-11\">372106.75<\/td><td class=\"column-12\">04.839.900\/0007-73<\/td><td class=\"column-13\">AUTO POSTO S\u00c3O TOM\u00c9 LTDA<\/td><td class=\"column-14\">RAFAEL ANDERSON DE ARA\u00daJO SILVA<\/td><td class=\"column-15\"><\/td><td class=\"column-16\"><\/td><td class=\"column-17\"><\/td><td class=\"column-18\"><\/td><td class=\"column-19\">0<\/td><td class=\"column-20\"><\/td><td class=\"column-21\">20886.26<\/td><td class=\"column-22\">21\/07\/2021<\/td><td class=\"column-23\">22\/07\/2021<\/td><td class=\"column-24\">20886.26<\/td>\n<\/tr>\n<tr class=\"row-113\">\n\t<td class=\"column-1\">2\/2021\t<\/td><td class=\"column-2\">22\/01\/2021<\/td><td class=\"column-3\">01\/02\/2021<\/td><td class=\"column-4\">22\/01\/2021 - 21\/04\/2021<\/td><td class=\"column-5\">3\/2021\t<\/td><td class=\"column-6\">Dispensa<\/td><td class=\"column-7\">Menor Pre\u00e7o Por Item<\/td><td class=\"column-8\"><\/td><td class=\"column-9\">CONTRATA\u00c7\u00c3O DE EMPRESA PARA FORNECIMENTO DE COMBUST\u00cdVEIS VEICULARES (GASOLINA COMUM, DIESEL COMUM E DIESEL S10), PARA O ABASTECIMENTO DA FROTA VEICULAR PERTENCENTE \u00c0S DIVERSAS UNIDADES DO PODER EXECUTIVO MUNICIPAL.<\/td><td class=\"column-10\">10010000 - Recursos Ordin\u00e1rios<\/td><td class=\"column-11\">372106.75<\/td><td class=\"column-12\">04.839.900\/0007-73<\/td><td class=\"column-13\">AUTO POSTO S\u00c3O TOM\u00c9 LTDA<\/td><td class=\"column-14\">RAFAEL ANDERSON DE ARA\u00daJO SILVA<\/td><td class=\"column-15\"><\/td><td class=\"column-16\"><\/td><td class=\"column-17\"><\/td><td class=\"column-18\"><\/td><td class=\"column-19\">0<\/td><td class=\"column-20\"><\/td><td class=\"column-21\">21719.41<\/td><td class=\"column-22\">21\/07\/2021<\/td><td class=\"column-23\"><\/td><td class=\"column-24\"><\/td>\n<\/tr>\n<tr class=\"row-114\">\n\t<td class=\"column-1\">2\/2021\t<\/td><td class=\"column-2\">22\/01\/2021<\/td><td class=\"column-3\">01\/02\/2021<\/td><td class=\"column-4\">22\/01\/2021 - 21\/04\/2021<\/td><td class=\"column-5\">3\/2021\t<\/td><td class=\"column-6\">Dispensa<\/td><td class=\"column-7\">Menor Pre\u00e7o Por Item<\/td><td class=\"column-8\"><\/td><td class=\"column-9\">CONTRATA\u00c7\u00c3O DE EMPRESA PARA FORNECIMENTO DE COMBUST\u00cdVEIS VEICULARES (GASOLINA COMUM, DIESEL COMUM E DIESEL S10), PARA O ABASTECIMENTO DA FROTA VEICULAR PERTENCENTE \u00c0S DIVERSAS UNIDADES DO PODER EXECUTIVO MUNICIPAL.<\/td><td class=\"column-10\">10010000 - Recursos Ordin\u00e1rios<\/td><td class=\"column-11\">372106.75<\/td><td class=\"column-12\">04.839.900\/0007-73<\/td><td class=\"column-13\">AUTO POSTO S\u00c3O TOM\u00c9 LTDA<\/td><td class=\"column-14\">RAFAEL ANDERSON DE ARA\u00daJO SILVA<\/td><td class=\"column-15\"><\/td><td class=\"column-16\"><\/td><td class=\"column-17\"><\/td><td class=\"column-18\"><\/td><td class=\"column-19\">0<\/td><td class=\"column-20\"><\/td><td class=\"column-21\">21719.96<\/td><td class=\"column-22\">21\/07\/2021<\/td><td class=\"column-23\">22\/07\/2021<\/td><td class=\"column-24\">21719.96<\/td>\n<\/tr>\n<tr class=\"row-115\">\n\t<td class=\"column-1\">2\/2021\t<\/td><td class=\"column-2\">22\/01\/2021<\/td><td class=\"column-3\">01\/02\/2021<\/td><td class=\"column-4\">22\/01\/2021 - 21\/04\/2021<\/td><td class=\"column-5\">3\/2021\t<\/td><td class=\"column-6\">Dispensa<\/td><td class=\"column-7\">Menor Pre\u00e7o Por Item<\/td><td class=\"column-8\"><\/td><td class=\"column-9\">CONTRATA\u00c7\u00c3O DE EMPRESA PARA FORNECIMENTO DE COMBUST\u00cdVEIS VEICULARES (GASOLINA COMUM, DIESEL COMUM E DIESEL S10), PARA O ABASTECIMENTO DA FROTA VEICULAR PERTENCENTE \u00c0S DIVERSAS UNIDADES DO PODER EXECUTIVO MUNICIPAL.<\/td><td class=\"column-10\">10010000 - Recursos Ordin\u00e1rios<\/td><td class=\"column-11\">372106.75<\/td><td class=\"column-12\">04.839.900\/0007-73<\/td><td class=\"column-13\">AUTO POSTO S\u00c3O TOM\u00c9 LTDA<\/td><td class=\"column-14\">RAFAEL ANDERSON DE ARA\u00daJO SILVA<\/td><td class=\"column-15\"><\/td><td class=\"column-16\"><\/td><td class=\"column-17\"><\/td><td class=\"column-18\"><\/td><td class=\"column-19\">0<\/td><td class=\"column-20\"><\/td><td class=\"column-21\">61588.78<\/td><td class=\"column-22\">21\/07\/2021<\/td><td class=\"column-23\">22\/07\/2021<\/td><td class=\"column-24\">61588.78<\/td>\n<\/tr>\n<tr class=\"row-116\">\n\t<td class=\"column-1\">2\/2021\t<\/td><td class=\"column-2\">19\/04\/2021<\/td><td class=\"column-3\"><\/td><td class=\"column-4\"><\/td><td class=\"column-5\">3\/2021\t<\/td><td class=\"column-6\">Dispensa<\/td><td class=\"column-7\">Menor Pre\u00e7o Por Item<\/td><td class=\"column-8\"><\/td><td class=\"column-9\"><\/td><td class=\"column-10\">10010000 - Recursos Ordin\u00e1rios<\/td><td class=\"column-11\">0<\/td><td class=\"column-12\">04.839.900\/0007-73<\/td><td class=\"column-13\">AUTO POSTO S\u00c3O TOM\u00c9 LTDA<\/td><td class=\"column-14\"><\/td><td class=\"column-15\">1<\/td><td class=\"column-16\">19\/04\/2021<\/td><td class=\"column-17\">19\/04\/2021<\/td><td class=\"column-18\">O presente aditivo \u00e9 de prorroga\u00e7\u00e3o de prazo de at\u00e9 90 (noventa) dias, visando a continua\u00e7\u00e3o do FORNECIMENTO DE COMBUST\u00cdVEIS VEICULARES (GASOLINA COMUM, DIESEL COMUM E DIESEL S10)<\/td><td class=\"column-19\">98240.02<\/td><td class=\"column-20\">3,00 m\u00eas(es)<\/td><td class=\"column-21\"><\/td><td class=\"column-22\"><\/td><td class=\"column-23\"><\/td><td class=\"column-24\"><\/td>\n<\/tr>\n<tr class=\"row-117\">\n\t<td class=\"column-1\">2\/2021\t<\/td><td class=\"column-2\">20\/04\/2021<\/td><td class=\"column-3\"><\/td><td class=\"column-4\"><\/td><td class=\"column-5\">3\/2021\t<\/td><td class=\"column-6\">Dispensa<\/td><td class=\"column-7\">Menor Pre\u00e7o Por Item<\/td><td class=\"column-8\"><\/td><td class=\"column-9\"><\/td><td class=\"column-10\">10010000 - Recursos Ordin\u00e1rios<\/td><td class=\"column-11\">0<\/td><td class=\"column-12\">04.839.900\/0007-73<\/td><td class=\"column-13\">AUTO POSTO S\u00c3O TOM\u00c9 LTDA<\/td><td class=\"column-14\"><\/td><td class=\"column-15\">2<\/td><td class=\"column-16\">20\/04\/2021<\/td><td class=\"column-17\">22\/04\/2021<\/td><td class=\"column-18\">O presente aditivo \u00e9 acr\u00e9scimo de 25% (vinte e cinco por cento), visando a continua\u00e7\u00e3o do FORNECIMENTO DE COMBUST\u00cdVEIS VEICULARES (GASOLINA COMUM, DIESEL COMUM E DIESEL S10)<\/td><td class=\"column-19\">93965.67<\/td><td class=\"column-20\"><\/td><td class=\"column-21\"><\/td><td class=\"column-22\"><\/td><td class=\"column-23\"><\/td><td class=\"column-24\"><\/td>\n<\/tr>\n<tr class=\"row-118\">\n\t<td class=\"column-1\">3\/2021\t<\/td><td class=\"column-2\">28\/01\/2021<\/td><td class=\"column-3\">01\/02\/2021<\/td><td class=\"column-4\">28\/01\/2021 - 27\/04\/2021<\/td><td class=\"column-5\">4\/2021\t<\/td><td class=\"column-6\">Dispensa<\/td><td class=\"column-7\">Menor Pre\u00e7o Por Item<\/td><td class=\"column-8\"><\/td><td class=\"column-9\">CONTRATA\u00c7\u00c3O EMERGENCIAL DE EMPRESA ESPECIALIZADA NA PRESTA\u00c7\u00c3O DOS SERVI\u00c7OS ESSENCIAIS DE SA\u00daDE, PLANT\u00d5ES M\u00c9DICOS, M\u00c9DICOS PARA UNIDADES B\u00c1SICAS DE SA\u00daDE, M\u00c9DICOS EM OUTRAS ESPECIALIDADES E PROFISSIONAIS TEMPOR\u00c1RIOS CONFORME ESPECIFICA\u00c7\u00d5ES M\u00cdNIMAS CONSTANTES NO TERMO DE REFER\u00caNCIA ANEXO I. PARA ATENDER AS NECESSIDADES DA POPULA\u00c7\u00c3O DESTE MUNIC\u00cdPIO NO SETOR DA SA\u00daDE.<\/td><td class=\"column-10\">12140000 - Transf. Fundo a Fundo de Rec. do SUS provenientes do Governo Federal - Bloco de Manut. das A\u00e7\u00f5es e Servi\u00e7os P\u00fablicos de Sa\u00fade<\/td><td class=\"column-11\">650640<\/td><td class=\"column-12\">28.366.950\/0001-53<\/td><td class=\"column-13\">MC SOLU\u00c7\u00d5ES EIRELI<\/td><td class=\"column-14\">RAFAEL ANDERSON DE ARA\u00daJO SILVA<\/td><td class=\"column-15\"><\/td><td class=\"column-16\"><\/td><td class=\"column-17\"><\/td><td class=\"column-18\"><\/td><td class=\"column-19\">0<\/td><td class=\"column-20\"><\/td><td class=\"column-21\"><\/td><td class=\"column-22\"><\/td><td class=\"column-23\"><\/td><td class=\"column-24\"><\/td>\n<\/tr>\n<tr class=\"row-119\">\n\t<td class=\"column-1\">3\/2021\t<\/td><td class=\"column-2\">28\/01\/2021<\/td><td class=\"column-3\">01\/02\/2021<\/td><td class=\"column-4\">28\/01\/2021 - 27\/04\/2021<\/td><td class=\"column-5\">4\/2021\t<\/td><td class=\"column-6\">Dispensa<\/td><td class=\"column-7\">Menor Pre\u00e7o Por Item<\/td><td class=\"column-8\"><\/td><td class=\"column-9\">CONTRATA\u00c7\u00c3O EMERGENCIAL DE EMPRESA ESPECIALIZADA NA PRESTA\u00c7\u00c3O DOS SERVI\u00c7OS ESSENCIAIS DE SA\u00daDE, PLANT\u00d5ES M\u00c9DICOS, M\u00c9DICOS PARA UNIDADES B\u00c1SICAS DE SA\u00daDE, M\u00c9DICOS EM OUTRAS ESPECIALIDADES E PROFISSIONAIS TEMPOR\u00c1RIOS CONFORME ESPECIFICA\u00c7\u00d5ES M\u00cdNIMAS CONSTANTES NO TERMO DE REFER\u00caNCIA ANEXO I. PARA ATENDER AS NECESSIDADES DA POPULA\u00c7\u00c3O DESTE MUNIC\u00cdPIO NO SETOR DA SA\u00daDE.<\/td><td class=\"column-10\">12140000 - Transf. Fundo a Fundo de Rec. do SUS provenientes do Governo Federal - Bloco de Manut. das A\u00e7\u00f5es e Servi\u00e7os P\u00fablicos de Sa\u00fade<\/td><td class=\"column-11\">650640<\/td><td class=\"column-12\">28.366.950\/0001-53<\/td><td class=\"column-13\">MC SOLU\u00c7\u00d5ES EIRELI<\/td><td class=\"column-14\">RAFAEL ANDERSON DE ARA\u00daJO SILVA<\/td><td class=\"column-15\"><\/td><td class=\"column-16\"><\/td><td class=\"column-17\"><\/td><td class=\"column-18\"><\/td><td class=\"column-19\">0<\/td><td class=\"column-20\"><\/td><td class=\"column-21\">116680<\/td><td class=\"column-22\">02\/06\/2021<\/td><td class=\"column-23\">02\/06\/2021<\/td><td class=\"column-24\">116680<\/td>\n<\/tr>\n<tr class=\"row-120\">\n\t<td class=\"column-1\">3\/2021\t<\/td><td class=\"column-2\">28\/01\/2021<\/td><td class=\"column-3\">01\/02\/2021<\/td><td class=\"column-4\">28\/01\/2021 - 27\/04\/2021<\/td><td class=\"column-5\">4\/2021\t<\/td><td class=\"column-6\">Dispensa<\/td><td class=\"column-7\">Menor Pre\u00e7o Por Item<\/td><td class=\"column-8\"><\/td><td class=\"column-9\">CONTRATA\u00c7\u00c3O EMERGENCIAL DE EMPRESA ESPECIALIZADA NA PRESTA\u00c7\u00c3O DOS SERVI\u00c7OS ESSENCIAIS DE SA\u00daDE, PLANT\u00d5ES M\u00c9DICOS, M\u00c9DICOS PARA UNIDADES B\u00c1SICAS DE SA\u00daDE, M\u00c9DICOS EM OUTRAS ESPECIALIDADES E PROFISSIONAIS TEMPOR\u00c1RIOS CONFORME ESPECIFICA\u00c7\u00d5ES M\u00cdNIMAS CONSTANTES NO TERMO DE REFER\u00caNCIA ANEXO I. PARA ATENDER AS NECESSIDADES DA POPULA\u00c7\u00c3O DESTE MUNIC\u00cdPIO NO SETOR DA SA\u00daDE.<\/td><td class=\"column-10\">12140000 - Transf. Fundo a Fundo de Rec. do SUS provenientes do Governo Federal - Bloco de Manut. das A\u00e7\u00f5es e Servi\u00e7os P\u00fablicos de Sa\u00fade<\/td><td class=\"column-11\">650640<\/td><td class=\"column-12\">28.366.950\/0001-53<\/td><td class=\"column-13\">MC SOLU\u00c7\u00d5ES EIRELI<\/td><td class=\"column-14\">RAFAEL ANDERSON DE ARA\u00daJO SILVA<\/td><td class=\"column-15\"><\/td><td class=\"column-16\"><\/td><td class=\"column-17\"><\/td><td class=\"column-18\"><\/td><td class=\"column-19\">0<\/td><td class=\"column-20\"><\/td><td class=\"column-21\">134703<\/td><td class=\"column-22\">02\/06\/2021<\/td><td class=\"column-23\">02\/06\/2021<\/td><td class=\"column-24\">134703<\/td>\n<\/tr>\n<tr class=\"row-121\">\n\t<td class=\"column-1\">3\/2021\t<\/td><td class=\"column-2\">28\/01\/2021<\/td><td class=\"column-3\">01\/02\/2021<\/td><td class=\"column-4\">28\/01\/2021 - 27\/04\/2021<\/td><td class=\"column-5\">4\/2021\t<\/td><td class=\"column-6\">Dispensa<\/td><td class=\"column-7\">Menor Pre\u00e7o Por Item<\/td><td class=\"column-8\"><\/td><td class=\"column-9\">CONTRATA\u00c7\u00c3O EMERGENCIAL DE EMPRESA ESPECIALIZADA NA PRESTA\u00c7\u00c3O DOS SERVI\u00c7OS ESSENCIAIS DE SA\u00daDE, PLANT\u00d5ES M\u00c9DICOS, M\u00c9DICOS PARA UNIDADES B\u00c1SICAS DE SA\u00daDE, M\u00c9DICOS EM OUTRAS ESPECIALIDADES E PROFISSIONAIS TEMPOR\u00c1RIOS CONFORME ESPECIFICA\u00c7\u00d5ES M\u00cdNIMAS CONSTANTES NO TERMO DE REFER\u00caNCIA ANEXO I. PARA ATENDER AS NECESSIDADES DA POPULA\u00c7\u00c3O DESTE MUNIC\u00cdPIO NO SETOR DA SA\u00daDE.<\/td><td class=\"column-10\">12140000 - Transf. Fundo a Fundo de Rec. do SUS provenientes do Governo Federal - Bloco de Manut. das A\u00e7\u00f5es e Servi\u00e7os P\u00fablicos de Sa\u00fade<\/td><td class=\"column-11\">650640<\/td><td class=\"column-12\">28.366.950\/0001-53<\/td><td class=\"column-13\">MC SOLU\u00c7\u00d5ES EIRELI<\/td><td class=\"column-14\">RAFAEL ANDERSON DE ARA\u00daJO SILVA<\/td><td class=\"column-15\"><\/td><td class=\"column-16\"><\/td><td class=\"column-17\"><\/td><td class=\"column-18\"><\/td><td class=\"column-19\">0<\/td><td class=\"column-20\"><\/td><td class=\"column-21\">134703<\/td><td class=\"column-22\">03\/05\/2021<\/td><td class=\"column-23\"><\/td><td class=\"column-24\"><\/td>\n<\/tr>\n<tr class=\"row-122\">\n\t<td class=\"column-1\">3\/2021\t<\/td><td class=\"column-2\">28\/01\/2021<\/td><td class=\"column-3\">01\/02\/2021<\/td><td class=\"column-4\">28\/01\/2021 - 27\/04\/2021<\/td><td class=\"column-5\">4\/2021\t<\/td><td class=\"column-6\">Dispensa<\/td><td class=\"column-7\">Menor Pre\u00e7o Por Item<\/td><td class=\"column-8\"><\/td><td class=\"column-9\">CONTRATA\u00c7\u00c3O EMERGENCIAL DE EMPRESA ESPECIALIZADA NA PRESTA\u00c7\u00c3O DOS SERVI\u00c7OS ESSENCIAIS DE SA\u00daDE, PLANT\u00d5ES M\u00c9DICOS, M\u00c9DICOS PARA UNIDADES B\u00c1SICAS DE SA\u00daDE, M\u00c9DICOS EM OUTRAS ESPECIALIDADES E PROFISSIONAIS TEMPOR\u00c1RIOS CONFORME ESPECIFICA\u00c7\u00d5ES M\u00cdNIMAS CONSTANTES NO TERMO DE REFER\u00caNCIA ANEXO I. PARA ATENDER AS NECESSIDADES DA POPULA\u00c7\u00c3O DESTE MUNIC\u00cdPIO NO SETOR DA SA\u00daDE.<\/td><td class=\"column-10\">12140000 - Transf. Fundo a Fundo de Rec. do SUS provenientes do Governo Federal - Bloco de Manut. das A\u00e7\u00f5es e Servi\u00e7os P\u00fablicos de Sa\u00fade<\/td><td class=\"column-11\">650640<\/td><td class=\"column-12\">28.366.950\/0001-53<\/td><td class=\"column-13\">MC SOLU\u00c7\u00d5ES EIRELI<\/td><td class=\"column-14\">RAFAEL ANDERSON DE ARA\u00daJO SILVA<\/td><td class=\"column-15\"><\/td><td class=\"column-16\"><\/td><td class=\"column-17\"><\/td><td class=\"column-18\"><\/td><td class=\"column-19\">0<\/td><td class=\"column-20\"><\/td><td class=\"column-21\">134703<\/td><td class=\"column-22\">03\/05\/2021<\/td><td class=\"column-23\">06\/05\/2021<\/td><td class=\"column-24\">127967.85<\/td>\n<\/tr>\n<tr class=\"row-123\">\n\t<td class=\"column-1\">3\/2021\t<\/td><td class=\"column-2\">28\/01\/2021<\/td><td class=\"column-3\">01\/02\/2021<\/td><td class=\"column-4\">28\/01\/2021 - 27\/04\/2021<\/td><td class=\"column-5\">4\/2021\t<\/td><td class=\"column-6\">Dispensa<\/td><td class=\"column-7\">Menor Pre\u00e7o Por Item<\/td><td class=\"column-8\"><\/td><td class=\"column-9\">CONTRATA\u00c7\u00c3O EMERGENCIAL DE EMPRESA ESPECIALIZADA NA PRESTA\u00c7\u00c3O DOS SERVI\u00c7OS ESSENCIAIS DE SA\u00daDE, PLANT\u00d5ES M\u00c9DICOS, M\u00c9DICOS PARA UNIDADES B\u00c1SICAS DE SA\u00daDE, M\u00c9DICOS EM OUTRAS ESPECIALIDADES E PROFISSIONAIS TEMPOR\u00c1RIOS CONFORME ESPECIFICA\u00c7\u00d5ES M\u00cdNIMAS CONSTANTES NO TERMO DE REFER\u00caNCIA ANEXO I. PARA ATENDER AS NECESSIDADES DA POPULA\u00c7\u00c3O DESTE MUNIC\u00cdPIO NO SETOR DA SA\u00daDE.<\/td><td class=\"column-10\">12140000 - Transf. Fundo a Fundo de Rec. do SUS provenientes do Governo Federal - Bloco de Manut. das A\u00e7\u00f5es e Servi\u00e7os P\u00fablicos de Sa\u00fade<\/td><td class=\"column-11\">650640<\/td><td class=\"column-12\">28.366.950\/0001-53<\/td><td class=\"column-13\">MC SOLU\u00c7\u00d5ES EIRELI<\/td><td class=\"column-14\">RAFAEL ANDERSON DE ARA\u00daJO SILVA<\/td><td class=\"column-15\"><\/td><td class=\"column-16\"><\/td><td class=\"column-17\"><\/td><td class=\"column-18\"><\/td><td class=\"column-19\">0<\/td><td class=\"column-20\"><\/td><td class=\"column-21\">138683<\/td><td class=\"column-22\">04\/08\/2021<\/td><td class=\"column-23\"><\/td><td class=\"column-24\"><\/td>\n<\/tr>\n<tr class=\"row-124\">\n\t<td class=\"column-1\">3\/2021\t<\/td><td class=\"column-2\">28\/01\/2021<\/td><td class=\"column-3\">01\/02\/2021<\/td><td class=\"column-4\">28\/01\/2021 - 27\/04\/2021<\/td><td class=\"column-5\">4\/2021\t<\/td><td class=\"column-6\">Dispensa<\/td><td class=\"column-7\">Menor Pre\u00e7o Por Item<\/td><td class=\"column-8\"><\/td><td class=\"column-9\">CONTRATA\u00c7\u00c3O EMERGENCIAL DE EMPRESA ESPECIALIZADA NA PRESTA\u00c7\u00c3O DOS SERVI\u00c7OS ESSENCIAIS DE SA\u00daDE, PLANT\u00d5ES M\u00c9DICOS, M\u00c9DICOS PARA UNIDADES B\u00c1SICAS DE SA\u00daDE, M\u00c9DICOS EM OUTRAS ESPECIALIDADES E PROFISSIONAIS TEMPOR\u00c1RIOS CONFORME ESPECIFICA\u00c7\u00d5ES M\u00cdNIMAS CONSTANTES NO TERMO DE REFER\u00caNCIA ANEXO I. PARA ATENDER AS NECESSIDADES DA POPULA\u00c7\u00c3O DESTE MUNIC\u00cdPIO NO SETOR DA SA\u00daDE.<\/td><td class=\"column-10\">12140000 - Transf. Fundo a Fundo de Rec. do SUS provenientes do Governo Federal - Bloco de Manut. das A\u00e7\u00f5es e Servi\u00e7os P\u00fablicos de Sa\u00fade<\/td><td class=\"column-11\">650640<\/td><td class=\"column-12\">28.366.950\/0001-53<\/td><td class=\"column-13\">MC SOLU\u00c7\u00d5ES EIRELI<\/td><td class=\"column-14\">RAFAEL ANDERSON DE ARA\u00daJO SILVA<\/td><td class=\"column-15\"><\/td><td class=\"column-16\"><\/td><td class=\"column-17\"><\/td><td class=\"column-18\"><\/td><td class=\"column-19\">0<\/td><td class=\"column-20\"><\/td><td class=\"column-21\">144167<\/td><td class=\"column-22\">05\/04\/2021<\/td><td class=\"column-23\">05\/04\/2021<\/td><td class=\"column-24\">144167<\/td>\n<\/tr>\n<tr class=\"row-125\">\n\t<td class=\"column-1\">3\/2021\t<\/td><td class=\"column-2\">28\/01\/2021<\/td><td class=\"column-3\">01\/02\/2021<\/td><td class=\"column-4\">28\/01\/2021 - 27\/04\/2021<\/td><td class=\"column-5\">4\/2021\t<\/td><td class=\"column-6\">Dispensa<\/td><td class=\"column-7\">Menor Pre\u00e7o Por Item<\/td><td class=\"column-8\"><\/td><td class=\"column-9\">CONTRATA\u00c7\u00c3O EMERGENCIAL DE EMPRESA ESPECIALIZADA NA PRESTA\u00c7\u00c3O DOS SERVI\u00c7OS ESSENCIAIS DE SA\u00daDE, PLANT\u00d5ES M\u00c9DICOS, M\u00c9DICOS PARA UNIDADES B\u00c1SICAS DE SA\u00daDE, M\u00c9DICOS EM OUTRAS ESPECIALIDADES E PROFISSIONAIS TEMPOR\u00c1RIOS CONFORME ESPECIFICA\u00c7\u00d5ES M\u00cdNIMAS CONSTANTES NO TERMO DE REFER\u00caNCIA ANEXO I. PARA ATENDER AS NECESSIDADES DA POPULA\u00c7\u00c3O DESTE MUNIC\u00cdPIO NO SETOR DA SA\u00daDE.<\/td><td class=\"column-10\">12140000 - Transf. Fundo a Fundo de Rec. do SUS provenientes do Governo Federal - Bloco de Manut. das A\u00e7\u00f5es e Servi\u00e7os P\u00fablicos de Sa\u00fade<\/td><td class=\"column-11\">650640<\/td><td class=\"column-12\">28.366.950\/0001-53<\/td><td class=\"column-13\">MC SOLU\u00c7\u00d5ES EIRELI<\/td><td class=\"column-14\">RAFAEL ANDERSON DE ARA\u00daJO SILVA<\/td><td class=\"column-15\"><\/td><td class=\"column-16\"><\/td><td class=\"column-17\"><\/td><td class=\"column-18\"><\/td><td class=\"column-19\">0<\/td><td class=\"column-20\"><\/td><td class=\"column-21\">46333<\/td><td class=\"column-22\">05\/05\/2021<\/td><td class=\"column-23\">05\/05\/2021<\/td><td class=\"column-24\">44016.35<\/td>\n<\/tr>\n<tr class=\"row-126\">\n\t<td class=\"column-1\">3\/2021\t<\/td><td class=\"column-2\">28\/01\/2021<\/td><td class=\"column-3\">01\/02\/2021<\/td><td class=\"column-4\">28\/01\/2021 - 27\/04\/2021<\/td><td class=\"column-5\">4\/2021\t<\/td><td class=\"column-6\">Dispensa<\/td><td class=\"column-7\">Menor Pre\u00e7o Por Item<\/td><td class=\"column-8\"><\/td><td class=\"column-9\">CONTRATA\u00c7\u00c3O EMERGENCIAL DE EMPRESA ESPECIALIZADA NA PRESTA\u00c7\u00c3O DOS SERVI\u00c7OS ESSENCIAIS DE SA\u00daDE, PLANT\u00d5ES M\u00c9DICOS, M\u00c9DICOS PARA UNIDADES B\u00c1SICAS DE SA\u00daDE, M\u00c9DICOS EM OUTRAS ESPECIALIDADES E PROFISSIONAIS TEMPOR\u00c1RIOS CONFORME ESPECIFICA\u00c7\u00d5ES M\u00cdNIMAS CONSTANTES NO TERMO DE REFER\u00caNCIA ANEXO I. PARA ATENDER AS NECESSIDADES DA POPULA\u00c7\u00c3O DESTE MUNIC\u00cdPIO NO SETOR DA SA\u00daDE.<\/td><td class=\"column-10\">12140000 - Transf. Fundo a Fundo de Rec. do SUS provenientes do Governo Federal - Bloco de Manut. das A\u00e7\u00f5es e Servi\u00e7os P\u00fablicos de Sa\u00fade<\/td><td class=\"column-11\">650640<\/td><td class=\"column-12\">28.366.950\/0001-53<\/td><td class=\"column-13\">MC SOLU\u00c7\u00d5ES EIRELI<\/td><td class=\"column-14\">RAFAEL ANDERSON DE ARA\u00daJO SILVA<\/td><td class=\"column-15\"><\/td><td class=\"column-16\"><\/td><td class=\"column-17\"><\/td><td class=\"column-18\"><\/td><td class=\"column-19\">0<\/td><td class=\"column-20\"><\/td><td class=\"column-21\">110807<\/td><td class=\"column-22\">05\/05\/2021<\/td><td class=\"column-23\">05\/05\/2021<\/td><td class=\"column-24\">105266.65<\/td>\n<\/tr>\n<tr class=\"row-127\">\n\t<td class=\"column-1\">3\/2021\t<\/td><td class=\"column-2\">28\/01\/2021<\/td><td class=\"column-3\">01\/02\/2021<\/td><td class=\"column-4\">28\/01\/2021 - 27\/04\/2021<\/td><td class=\"column-5\">4\/2021\t<\/td><td class=\"column-6\">Dispensa<\/td><td class=\"column-7\">Menor Pre\u00e7o Por Item<\/td><td class=\"column-8\"><\/td><td class=\"column-9\">CONTRATA\u00c7\u00c3O EMERGENCIAL DE EMPRESA ESPECIALIZADA NA PRESTA\u00c7\u00c3O DOS SERVI\u00c7OS ESSENCIAIS DE SA\u00daDE, PLANT\u00d5ES M\u00c9DICOS, M\u00c9DICOS PARA UNIDADES B\u00c1SICAS DE SA\u00daDE, M\u00c9DICOS EM OUTRAS ESPECIALIDADES E PROFISSIONAIS TEMPOR\u00c1RIOS CONFORME ESPECIFICA\u00c7\u00d5ES M\u00cdNIMAS CONSTANTES NO TERMO DE REFER\u00caNCIA ANEXO I. PARA ATENDER AS NECESSIDADES DA POPULA\u00c7\u00c3O DESTE MUNIC\u00cdPIO NO SETOR DA SA\u00daDE.<\/td><td class=\"column-10\">12140000 - Transf. Fundo a Fundo de Rec. do SUS provenientes do Governo Federal - Bloco de Manut. das A\u00e7\u00f5es e Servi\u00e7os P\u00fablicos de Sa\u00fade<\/td><td class=\"column-11\">650640<\/td><td class=\"column-12\">28.366.950\/0001-53<\/td><td class=\"column-13\">MC SOLU\u00c7\u00d5ES EIRELI<\/td><td class=\"column-14\">RAFAEL ANDERSON DE ARA\u00daJO SILVA<\/td><td class=\"column-15\"><\/td><td class=\"column-16\"><\/td><td class=\"column-17\"><\/td><td class=\"column-18\"><\/td><td class=\"column-19\">0<\/td><td class=\"column-20\"><\/td><td class=\"column-21\">88977<\/td><td class=\"column-22\">06\/07\/2021<\/td><td class=\"column-23\">06\/07\/2021<\/td><td class=\"column-24\">88977<\/td>\n<\/tr>\n<tr class=\"row-128\">\n\t<td class=\"column-1\">3\/2021\t<\/td><td class=\"column-2\">28\/01\/2021<\/td><td class=\"column-3\">01\/02\/2021<\/td><td class=\"column-4\">28\/01\/2021 - 27\/04\/2021<\/td><td class=\"column-5\">4\/2021\t<\/td><td class=\"column-6\">Dispensa<\/td><td class=\"column-7\">Menor Pre\u00e7o Por Item<\/td><td class=\"column-8\"><\/td><td class=\"column-9\">CONTRATA\u00c7\u00c3O EMERGENCIAL DE EMPRESA ESPECIALIZADA NA PRESTA\u00c7\u00c3O DOS SERVI\u00c7OS ESSENCIAIS DE SA\u00daDE, PLANT\u00d5ES M\u00c9DICOS, M\u00c9DICOS PARA UNIDADES B\u00c1SICAS DE SA\u00daDE, M\u00c9DICOS EM OUTRAS ESPECIALIDADES E PROFISSIONAIS TEMPOR\u00c1RIOS CONFORME ESPECIFICA\u00c7\u00d5ES M\u00cdNIMAS CONSTANTES NO TERMO DE REFER\u00caNCIA ANEXO I. PARA ATENDER AS NECESSIDADES DA POPULA\u00c7\u00c3O DESTE MUNIC\u00cdPIO NO SETOR DA SA\u00daDE.<\/td><td class=\"column-10\">12140000 - Transf. Fundo a Fundo de Rec. do SUS provenientes do Governo Federal - Bloco de Manut. das A\u00e7\u00f5es e Servi\u00e7os P\u00fablicos de Sa\u00fade<\/td><td class=\"column-11\">650640<\/td><td class=\"column-12\">28.366.950\/0001-53<\/td><td class=\"column-13\">MC SOLU\u00c7\u00d5ES EIRELI<\/td><td class=\"column-14\">RAFAEL ANDERSON DE ARA\u00daJO SILVA<\/td><td class=\"column-15\"><\/td><td class=\"column-16\"><\/td><td class=\"column-17\"><\/td><td class=\"column-18\"><\/td><td class=\"column-19\">0<\/td><td class=\"column-20\"><\/td><td class=\"column-21\">134703<\/td><td class=\"column-22\">06\/07\/2021<\/td><td class=\"column-23\">06\/07\/2021<\/td><td class=\"column-24\">134703<\/td>\n<\/tr>\n<tr class=\"row-129\">\n\t<td class=\"column-1\">3\/2021\t<\/td><td class=\"column-2\">28\/01\/2021<\/td><td class=\"column-3\">01\/02\/2021<\/td><td class=\"column-4\">28\/01\/2021 - 27\/04\/2021<\/td><td class=\"column-5\">4\/2021\t<\/td><td class=\"column-6\">Dispensa<\/td><td class=\"column-7\">Menor Pre\u00e7o Por Item<\/td><td class=\"column-8\"><\/td><td class=\"column-9\">CONTRATA\u00c7\u00c3O EMERGENCIAL DE EMPRESA ESPECIALIZADA NA PRESTA\u00c7\u00c3O DOS SERVI\u00c7OS ESSENCIAIS DE SA\u00daDE, PLANT\u00d5ES M\u00c9DICOS, M\u00c9DICOS PARA UNIDADES B\u00c1SICAS DE SA\u00daDE, M\u00c9DICOS EM OUTRAS ESPECIALIDADES E PROFISSIONAIS TEMPOR\u00c1RIOS CONFORME ESPECIFICA\u00c7\u00d5ES M\u00cdNIMAS CONSTANTES NO TERMO DE REFER\u00caNCIA ANEXO I. PARA ATENDER AS NECESSIDADES DA POPULA\u00c7\u00c3O DESTE MUNIC\u00cdPIO NO SETOR DA SA\u00daDE.<\/td><td class=\"column-10\">12140000 - Transf. Fundo a Fundo de Rec. do SUS provenientes do Governo Federal - Bloco de Manut. das A\u00e7\u00f5es e Servi\u00e7os P\u00fablicos de Sa\u00fade<\/td><td class=\"column-11\">650640<\/td><td class=\"column-12\">28.366.950\/0001-53<\/td><td class=\"column-13\">MC SOLU\u00c7\u00d5ES EIRELI<\/td><td class=\"column-14\">RAFAEL ANDERSON DE ARA\u00daJO SILVA<\/td><td class=\"column-15\"><\/td><td class=\"column-16\"><\/td><td class=\"column-17\"><\/td><td class=\"column-18\"><\/td><td class=\"column-19\">0<\/td><td class=\"column-20\"><\/td><td class=\"column-21\">116454<\/td><td class=\"column-22\">08\/02\/2021<\/td><td class=\"column-23\">08\/02\/2021<\/td><td class=\"column-24\">110631.3<\/td>\n<\/tr>\n<tr class=\"row-130\">\n\t<td class=\"column-1\">3\/2021\t<\/td><td class=\"column-2\">28\/01\/2021<\/td><td class=\"column-3\">01\/02\/2021<\/td><td class=\"column-4\">28\/01\/2021 - 27\/04\/2021<\/td><td class=\"column-5\">4\/2021\t<\/td><td class=\"column-6\">Dispensa<\/td><td class=\"column-7\">Menor Pre\u00e7o Por Item<\/td><td class=\"column-8\"><\/td><td class=\"column-9\">CONTRATA\u00c7\u00c3O EMERGENCIAL DE EMPRESA ESPECIALIZADA NA PRESTA\u00c7\u00c3O DOS SERVI\u00c7OS ESSENCIAIS DE SA\u00daDE, PLANT\u00d5ES M\u00c9DICOS, M\u00c9DICOS PARA UNIDADES B\u00c1SICAS DE SA\u00daDE, M\u00c9DICOS EM OUTRAS ESPECIALIDADES E PROFISSIONAIS TEMPOR\u00c1RIOS CONFORME ESPECIFICA\u00c7\u00d5ES M\u00cdNIMAS CONSTANTES NO TERMO DE REFER\u00caNCIA ANEXO I. PARA ATENDER AS NECESSIDADES DA POPULA\u00c7\u00c3O DESTE MUNIC\u00cdPIO NO SETOR DA SA\u00daDE.<\/td><td class=\"column-10\">12140000 - Transf. Fundo a Fundo de Rec. do SUS provenientes do Governo Federal - Bloco de Manut. das A\u00e7\u00f5es e Servi\u00e7os P\u00fablicos de Sa\u00fade<\/td><td class=\"column-11\">650640<\/td><td class=\"column-12\">28.366.950\/0001-53<\/td><td class=\"column-13\">MC SOLU\u00c7\u00d5ES EIRELI<\/td><td class=\"column-14\">RAFAEL ANDERSON DE ARA\u00daJO SILVA<\/td><td class=\"column-15\"><\/td><td class=\"column-16\"><\/td><td class=\"column-17\"><\/td><td class=\"column-18\"><\/td><td class=\"column-19\">0<\/td><td class=\"column-20\"><\/td><td class=\"column-21\">140143<\/td><td class=\"column-22\">08\/03\/2021<\/td><td class=\"column-23\"><\/td><td class=\"column-24\"><\/td>\n<\/tr>\n<tr class=\"row-131\">\n\t<td class=\"column-1\">3\/2021\t<\/td><td class=\"column-2\">28\/01\/2021<\/td><td class=\"column-3\">01\/02\/2021<\/td><td class=\"column-4\">28\/01\/2021 - 27\/04\/2021<\/td><td class=\"column-5\">4\/2021\t<\/td><td class=\"column-6\">Dispensa<\/td><td class=\"column-7\">Menor Pre\u00e7o Por Item<\/td><td class=\"column-8\"><\/td><td class=\"column-9\">CONTRATA\u00c7\u00c3O EMERGENCIAL DE EMPRESA ESPECIALIZADA NA PRESTA\u00c7\u00c3O DOS SERVI\u00c7OS ESSENCIAIS DE SA\u00daDE, PLANT\u00d5ES M\u00c9DICOS, M\u00c9DICOS PARA UNIDADES B\u00c1SICAS DE SA\u00daDE, M\u00c9DICOS EM OUTRAS ESPECIALIDADES E PROFISSIONAIS TEMPOR\u00c1RIOS CONFORME ESPECIFICA\u00c7\u00d5ES M\u00cdNIMAS CONSTANTES NO TERMO DE REFER\u00caNCIA ANEXO I. PARA ATENDER AS NECESSIDADES DA POPULA\u00c7\u00c3O DESTE MUNIC\u00cdPIO NO SETOR DA SA\u00daDE.<\/td><td class=\"column-10\">12140000 - Transf. Fundo a Fundo de Rec. do SUS provenientes do Governo Federal - Bloco de Manut. das A\u00e7\u00f5es e Servi\u00e7os P\u00fablicos de Sa\u00fade<\/td><td class=\"column-11\">650640<\/td><td class=\"column-12\">28.366.950\/0001-53<\/td><td class=\"column-13\">MC SOLU\u00c7\u00d5ES EIRELI<\/td><td class=\"column-14\">RAFAEL ANDERSON DE ARA\u00daJO SILVA<\/td><td class=\"column-15\"><\/td><td class=\"column-16\"><\/td><td class=\"column-17\"><\/td><td class=\"column-18\"><\/td><td class=\"column-19\">0<\/td><td class=\"column-20\"><\/td><td class=\"column-21\">140143<\/td><td class=\"column-22\">08\/03\/2021<\/td><td class=\"column-23\">08\/03\/2021<\/td><td class=\"column-24\">5168<\/td>\n<\/tr>\n<tr class=\"row-132\">\n\t<td class=\"column-1\">3\/2021\t<\/td><td class=\"column-2\">28\/01\/2021<\/td><td class=\"column-3\">01\/02\/2021<\/td><td class=\"column-4\">28\/01\/2021 - 27\/04\/2021<\/td><td class=\"column-5\">4\/2021\t<\/td><td class=\"column-6\">Dispensa<\/td><td class=\"column-7\">Menor Pre\u00e7o Por Item<\/td><td class=\"column-8\"><\/td><td class=\"column-9\">CONTRATA\u00c7\u00c3O EMERGENCIAL DE EMPRESA ESPECIALIZADA NA PRESTA\u00c7\u00c3O DOS SERVI\u00c7OS ESSENCIAIS DE SA\u00daDE, PLANT\u00d5ES M\u00c9DICOS, M\u00c9DICOS PARA UNIDADES B\u00c1SICAS DE SA\u00daDE, M\u00c9DICOS EM OUTRAS ESPECIALIDADES E PROFISSIONAIS TEMPOR\u00c1RIOS CONFORME ESPECIFICA\u00c7\u00d5ES M\u00cdNIMAS CONSTANTES NO TERMO DE REFER\u00caNCIA ANEXO I. PARA ATENDER AS NECESSIDADES DA POPULA\u00c7\u00c3O DESTE MUNIC\u00cdPIO NO SETOR DA SA\u00daDE.<\/td><td class=\"column-10\">12140000 - Transf. Fundo a Fundo de Rec. do SUS provenientes do Governo Federal - Bloco de Manut. das A\u00e7\u00f5es e Servi\u00e7os P\u00fablicos de Sa\u00fade<\/td><td class=\"column-11\">650640<\/td><td class=\"column-12\">28.366.950\/0001-53<\/td><td class=\"column-13\">MC SOLU\u00c7\u00d5ES EIRELI<\/td><td class=\"column-14\">RAFAEL ANDERSON DE ARA\u00daJO SILVA<\/td><td class=\"column-15\"><\/td><td class=\"column-16\"><\/td><td class=\"column-17\"><\/td><td class=\"column-18\"><\/td><td class=\"column-19\">0<\/td><td class=\"column-20\"><\/td><td class=\"column-21\">140143<\/td><td class=\"column-22\">08\/03\/2021<\/td><td class=\"column-23\">08\/03\/2021<\/td><td class=\"column-24\">127967.85<\/td>\n<\/tr>\n<tr class=\"row-133\">\n\t<td class=\"column-1\">3\/2021\t<\/td><td class=\"column-2\">28\/01\/2021<\/td><td class=\"column-3\">01\/02\/2021<\/td><td class=\"column-4\">28\/01\/2021 - 27\/04\/2021<\/td><td class=\"column-5\">4\/2021\t<\/td><td class=\"column-6\">Dispensa<\/td><td class=\"column-7\">Menor Pre\u00e7o Por Item<\/td><td class=\"column-8\"><\/td><td class=\"column-9\">CONTRATA\u00c7\u00c3O EMERGENCIAL DE EMPRESA ESPECIALIZADA NA PRESTA\u00c7\u00c3O DOS SERVI\u00c7OS ESSENCIAIS DE SA\u00daDE, PLANT\u00d5ES M\u00c9DICOS, M\u00c9DICOS PARA UNIDADES B\u00c1SICAS DE SA\u00daDE, M\u00c9DICOS EM OUTRAS ESPECIALIDADES E PROFISSIONAIS TEMPOR\u00c1RIOS CONFORME ESPECIFICA\u00c7\u00d5ES M\u00cdNIMAS CONSTANTES NO TERMO DE REFER\u00caNCIA ANEXO I. PARA ATENDER AS NECESSIDADES DA POPULA\u00c7\u00c3O DESTE MUNIC\u00cdPIO NO SETOR DA SA\u00daDE.<\/td><td class=\"column-10\">12140000 - Transf. Fundo a Fundo de Rec. do SUS provenientes do Governo Federal - Bloco de Manut. das A\u00e7\u00f5es e Servi\u00e7os P\u00fablicos de Sa\u00fade<\/td><td class=\"column-11\">650640<\/td><td class=\"column-12\">28.366.950\/0001-53<\/td><td class=\"column-13\">MC SOLU\u00c7\u00d5ES EIRELI<\/td><td class=\"column-14\">RAFAEL ANDERSON DE ARA\u00daJO SILVA<\/td><td class=\"column-15\"><\/td><td class=\"column-16\"><\/td><td class=\"column-17\"><\/td><td class=\"column-18\"><\/td><td class=\"column-19\">0<\/td><td class=\"column-20\"><\/td><td class=\"column-21\">4480<\/td><td class=\"column-22\">09\/02\/2021<\/td><td class=\"column-23\">09\/02\/2021<\/td><td class=\"column-24\">4256<\/td>\n<\/tr>\n<tr class=\"row-134\">\n\t<td class=\"column-1\">3\/2021\t<\/td><td class=\"column-2\">26\/04\/2021<\/td><td class=\"column-3\"><\/td><td class=\"column-4\"><\/td><td class=\"column-5\">4\/2021\t<\/td><td class=\"column-6\">Dispensa<\/td><td class=\"column-7\">Menor Pre\u00e7o Por Item<\/td><td class=\"column-8\"><\/td><td class=\"column-9\"><\/td><td class=\"column-10\">12140000 - Transf. Fundo a Fundo de Rec. do SUS provenientes do Governo Federal - Bloco de Manut. das A\u00e7\u00f5es e Servi\u00e7os P\u00fablicos de Sa\u00fade<\/td><td class=\"column-11\">0<\/td><td class=\"column-12\">28.366.950\/0001-53<\/td><td class=\"column-13\">MC SOLU\u00c7\u00d5ES EIRELI<\/td><td class=\"column-14\"><\/td><td class=\"column-15\">1<\/td><td class=\"column-16\">26\/04\/2021<\/td><td class=\"column-17\">27\/04\/2021<\/td><td class=\"column-18\">O presente aditivo \u00e9 de prorroga\u00e7\u00e3o de prazo de at\u00e9 90 (noventa) dias, visando a continua\u00e7\u00e3o da PRESTA\u00c7\u00c3O DOS SERVI\u00c7OS ESSENCIAIS DE SA\u00daDE, PLANT\u00d5ES M\u00c9DICOS, M\u00c9DICOS PARA UNIDADES B\u00c1SICAS DE SA\u00daDE, M\u00c9DICOS EM OUTRAS ESPECIALIDADES E PROFISSIONAIS TEMPOR\u00c1RIOS CONFORME ESPECIFICA\u00c7\u00d5ES M\u00cdNIMAS CONSTANTES NO TERMO DE REFER\u00caNCIA ANEXO I.<\/td><td class=\"column-19\">650640<\/td><td class=\"column-20\">3,00 m\u00eas(es)<\/td><td class=\"column-21\"><\/td><td class=\"column-22\"><\/td><td class=\"column-23\"><\/td><td class=\"column-24\"><\/td>\n<\/tr>\n<tr class=\"row-135\">\n\t<td class=\"column-1\">4\/2021\t<\/td><td class=\"column-2\">29\/01\/2021<\/td><td class=\"column-3\">01\/02\/2021<\/td><td class=\"column-4\">29\/01\/2021 - 28\/09\/2021<\/td><td class=\"column-5\">6\/2021\t<\/td><td class=\"column-6\">Dispensa<\/td><td class=\"column-7\">Menor Pre\u00e7o Por Item<\/td><td class=\"column-8\"><\/td><td class=\"column-9\">CONTRATA\u00c7\u00c3O DE EMPRESA ESPECIALIZADA NOS SERVI\u00c7OS DE GERENCIAMENTO, COLETA, TRANSPORTE, TRATAMENTO E DESTINO FINAL (INCINERA\u00c7\u00c3O) DOS RES\u00cdDUOS HOSPITALARES PROVENIENTES DAS UNIDADES DE SA\u00daDE E PRONTO ATENDIMENTO DESTE MUNIC\u00cdPIO QUE REPRESENTAM RISCOS BIOL\u00d3GICOS.<\/td><td class=\"column-10\">12110000 - Receitas de Impostos e de Transfer\u00eancia de Impostos - Sa\u00fade<\/td><td class=\"column-11\">17000<\/td><td class=\"column-12\">20.474.613\/0001-78<\/td><td class=\"column-13\">WASTE COLETA DE RESIDUOS HOSPITALARES LTDA<\/td><td class=\"column-14\">RAFAEL ANDERSON DE ARA\u00daJO SILVA<\/td><td class=\"column-15\"><\/td><td class=\"column-16\"><\/td><td class=\"column-17\"><\/td><td class=\"column-18\"><\/td><td class=\"column-19\">0<\/td><td class=\"column-20\"><\/td><td class=\"column-21\"><\/td><td class=\"column-22\"><\/td><td class=\"column-23\"><\/td><td class=\"column-24\"><\/td>\n<\/tr>\n<tr class=\"row-136\">\n\t<td class=\"column-1\">4\/2021\t<\/td><td class=\"column-2\">29\/01\/2021<\/td><td class=\"column-3\">01\/02\/2021<\/td><td class=\"column-4\">29\/01\/2021 - 28\/09\/2021<\/td><td class=\"column-5\">6\/2021\t<\/td><td class=\"column-6\">Dispensa<\/td><td class=\"column-7\">Menor Pre\u00e7o Por Item<\/td><td class=\"column-8\"><\/td><td class=\"column-9\">CONTRATA\u00c7\u00c3O DE EMPRESA ESPECIALIZADA NOS SERVI\u00c7OS DE GERENCIAMENTO, COLETA, TRANSPORTE, TRATAMENTO E DESTINO FINAL (INCINERA\u00c7\u00c3O) DOS RES\u00cdDUOS HOSPITALARES PROVENIENTES DAS UNIDADES DE SA\u00daDE E PRONTO ATENDIMENTO DESTE MUNIC\u00cdPIO QUE REPRESENTAM RISCOS BIOL\u00d3GICOS.<\/td><td class=\"column-10\">12110000 - Receitas de Impostos e de Transfer\u00eancia de Impostos - Sa\u00fade<\/td><td class=\"column-11\">17000<\/td><td class=\"column-12\">20.474.613\/0001-78<\/td><td class=\"column-13\">WASTE COLETA DE RESIDUOS HOSPITALARES LTDA<\/td><td class=\"column-14\">RAFAEL ANDERSON DE ARA\u00daJO SILVA<\/td><td class=\"column-15\"><\/td><td class=\"column-16\"><\/td><td class=\"column-17\"><\/td><td class=\"column-18\"><\/td><td class=\"column-19\">0<\/td><td class=\"column-20\"><\/td><td class=\"column-21\">4335<\/td><td class=\"column-22\">09\/04\/2021<\/td><td class=\"column-23\">09\/04\/2021<\/td><td class=\"column-24\">4335<\/td>\n<\/tr>\n<tr class=\"row-137\">\n\t<td class=\"column-1\">4\/2021\t<\/td><td class=\"column-2\">29\/01\/2021<\/td><td class=\"column-3\">01\/02\/2021<\/td><td class=\"column-4\">29\/01\/2021 - 28\/09\/2021<\/td><td class=\"column-5\">6\/2021\t<\/td><td class=\"column-6\">Dispensa<\/td><td class=\"column-7\">Menor Pre\u00e7o Por Item<\/td><td class=\"column-8\"><\/td><td class=\"column-9\">CONTRATA\u00c7\u00c3O DE EMPRESA ESPECIALIZADA NOS SERVI\u00c7OS DE GERENCIAMENTO, COLETA, TRANSPORTE, TRATAMENTO E DESTINO FINAL (INCINERA\u00c7\u00c3O) DOS RES\u00cdDUOS HOSPITALARES PROVENIENTES DAS UNIDADES DE SA\u00daDE E PRONTO ATENDIMENTO DESTE MUNIC\u00cdPIO QUE REPRESENTAM RISCOS BIOL\u00d3GICOS.<\/td><td class=\"column-10\">12110000 - Receitas de Impostos e de Transfer\u00eancia de Impostos - Sa\u00fade<\/td><td class=\"column-11\">17000<\/td><td class=\"column-12\">20.474.613\/0001-78<\/td><td class=\"column-13\">WASTE COLETA DE RESIDUOS HOSPITALARES LTDA<\/td><td class=\"column-14\">RAFAEL ANDERSON DE ARA\u00daJO SILVA<\/td><td class=\"column-15\"><\/td><td class=\"column-16\"><\/td><td class=\"column-17\"><\/td><td class=\"column-18\"><\/td><td class=\"column-19\">0<\/td><td class=\"column-20\"><\/td><td class=\"column-21\">4845<\/td><td class=\"column-22\">15\/06\/2021<\/td><td class=\"column-23\">22\/06\/2021<\/td><td class=\"column-24\">4845<\/td>\n<\/tr>\n<tr class=\"row-138\">\n\t<td class=\"column-1\">4\/2021\t<\/td><td class=\"column-2\">29\/01\/2021<\/td><td class=\"column-3\">01\/02\/2021<\/td><td class=\"column-4\">29\/01\/2021 - 28\/09\/2021<\/td><td class=\"column-5\">6\/2021\t<\/td><td class=\"column-6\">Dispensa<\/td><td class=\"column-7\">Menor Pre\u00e7o Por Item<\/td><td class=\"column-8\"><\/td><td class=\"column-9\">CONTRATA\u00c7\u00c3O DE EMPRESA ESPECIALIZADA NOS SERVI\u00c7OS DE GERENCIAMENTO, COLETA, TRANSPORTE, TRATAMENTO E DESTINO FINAL (INCINERA\u00c7\u00c3O) DOS RES\u00cdDUOS HOSPITALARES PROVENIENTES DAS UNIDADES DE SA\u00daDE E PRONTO ATENDIMENTO DESTE MUNIC\u00cdPIO QUE REPRESENTAM RISCOS BIOL\u00d3GICOS.<\/td><td class=\"column-10\">12110000 - Receitas de Impostos e de Transfer\u00eancia de Impostos - Sa\u00fade<\/td><td class=\"column-11\">17000<\/td><td class=\"column-12\">20.474.613\/0001-78<\/td><td class=\"column-13\">WASTE COLETA DE RESIDUOS HOSPITALARES LTDA<\/td><td class=\"column-14\">RAFAEL ANDERSON DE ARA\u00daJO SILVA<\/td><td class=\"column-15\"><\/td><td class=\"column-16\"><\/td><td class=\"column-17\"><\/td><td class=\"column-18\"><\/td><td class=\"column-19\">0<\/td><td class=\"column-20\"><\/td><td class=\"column-21\">3485<\/td><td class=\"column-22\">15\/07\/2021<\/td><td class=\"column-23\">16\/07\/2021<\/td><td class=\"column-24\">3485<\/td>\n<\/tr>\n<tr class=\"row-139\">\n\t<td class=\"column-1\">4\/2021\t<\/td><td class=\"column-2\">29\/01\/2021<\/td><td class=\"column-3\">01\/02\/2021<\/td><td class=\"column-4\">29\/01\/2021 - 28\/09\/2021<\/td><td class=\"column-5\">6\/2021\t<\/td><td class=\"column-6\">Dispensa<\/td><td class=\"column-7\">Menor Pre\u00e7o Por Item<\/td><td class=\"column-8\"><\/td><td class=\"column-9\">CONTRATA\u00c7\u00c3O DE EMPRESA ESPECIALIZADA NOS SERVI\u00c7OS DE GERENCIAMENTO, COLETA, TRANSPORTE, TRATAMENTO E DESTINO FINAL (INCINERA\u00c7\u00c3O) DOS RES\u00cdDUOS HOSPITALARES PROVENIENTES DAS UNIDADES DE SA\u00daDE E PRONTO ATENDIMENTO DESTE MUNIC\u00cdPIO QUE REPRESENTAM RISCOS BIOL\u00d3GICOS.<\/td><td class=\"column-10\">12110000 - Receitas de Impostos e de Transfer\u00eancia de Impostos - Sa\u00fade<\/td><td class=\"column-11\">17000<\/td><td class=\"column-12\">20.474.613\/0001-78<\/td><td class=\"column-13\">WASTE COLETA DE RESIDUOS HOSPITALARES LTDA<\/td><td class=\"column-14\">RAFAEL ANDERSON DE ARA\u00daJO SILVA<\/td><td class=\"column-15\"><\/td><td class=\"column-16\"><\/td><td class=\"column-17\"><\/td><td class=\"column-18\"><\/td><td class=\"column-19\">0<\/td><td class=\"column-20\"><\/td><td class=\"column-21\">2720<\/td><td class=\"column-22\">20\/05\/2021<\/td><td class=\"column-23\">21\/05\/2021<\/td><td class=\"column-24\">2720<\/td>\n<\/tr>\n<tr class=\"row-140\">\n\t<td class=\"column-1\">5\/2021\t<\/td><td class=\"column-2\">01\/02\/2021<\/td><td class=\"column-3\">02\/02\/2021<\/td><td class=\"column-4\">01\/02\/2021 - 30\/04\/2021<\/td><td class=\"column-5\">7\/2021\t<\/td><td class=\"column-6\">Dispensa<\/td><td class=\"column-7\">Menor Pre\u00e7o Por Item<\/td><td class=\"column-8\"><\/td><td class=\"column-9\">Contrata\u00e7\u00e3o de empresa especializada em Consultoria e Assessoria Cont\u00e1bil para execu\u00e7\u00e3o dos seguintes servi\u00e7os: Elabora\u00e7\u00e3o do PPA (Plano Plurianual), LDO (Lei de Diretrizes Or\u00e7ament\u00e1rias), LOA (Lei Or\u00e7ament\u00e1ria Anual); Servi\u00e7os de Contabilidade p\u00fablica, financeira e or\u00e7ament\u00e1ria, integrada com a folha de pagamento dos servidores e gera\u00e7\u00e3o de relat\u00f3rios gerais; Atender o cumprimento das normas e legisla\u00e7\u00e3o que regem a contabilidade p\u00fablica, al\u00e9m de elabora\u00e7\u00e3o de pe\u00e7as cont\u00e1beis exigidas pelos \u00f3rg\u00e3os de controles: Tribunal de Contas do Estado \u2013 TCE\/RN, Secretaria do Tesouro Nacional \u2013 STN, Fundo Nacional de Sa\u00fade \u2013 FNS, Fundo Nacional de Assist\u00eancia Social \u2013 FNAS e o Fundo Nacional de Educa\u00e7\u00e3o \u2013 FNDE, bem como as novas Normas Brasileiras de Contabilidade Aplicadas ao Setor P\u00fablico \u2013 NBCASP, e poss\u00edveis altera\u00e7\u00f5es que ocorrerem posteriores a contrata\u00e7\u00e3o.<\/td><td class=\"column-10\">13110000 - Transfer\u00eancia de Recursos do Fundo Nacional de Assist\u00eancia Social - FNAS<\/td><td class=\"column-11\">74910<\/td><td class=\"column-12\">07.355.573\/0001-87<\/td><td class=\"column-13\">FRANCISCO ROBERTO FERREIRA DANTAS - ME<\/td><td class=\"column-14\">RAFAEL ANDERSON DE ARA\u00daJO SILVA<\/td><td class=\"column-15\"><\/td><td class=\"column-16\"><\/td><td class=\"column-17\"><\/td><td class=\"column-18\"><\/td><td class=\"column-19\">0<\/td><td class=\"column-20\"><\/td><td class=\"column-21\"><\/td><td class=\"column-22\"><\/td><td class=\"column-23\"><\/td><td class=\"column-24\"><\/td>\n<\/tr>\n<tr class=\"row-141\">\n\t<td class=\"column-1\">5\/2021\t<\/td><td class=\"column-2\">01\/02\/2021<\/td><td class=\"column-3\">02\/02\/2021<\/td><td class=\"column-4\">01\/02\/2021 - 30\/04\/2021<\/td><td class=\"column-5\">7\/2021\t<\/td><td class=\"column-6\">Dispensa<\/td><td class=\"column-7\">Menor Pre\u00e7o Por Item<\/td><td class=\"column-8\"><\/td><td class=\"column-9\">Contrata\u00e7\u00e3o de empresa especializada em Consultoria e Assessoria Cont\u00e1bil para execu\u00e7\u00e3o dos seguintes servi\u00e7os: Elabora\u00e7\u00e3o do PPA (Plano Plurianual), LDO (Lei de Diretrizes Or\u00e7ament\u00e1rias), LOA (Lei Or\u00e7ament\u00e1ria Anual); Servi\u00e7os de Contabilidade p\u00fablica, financeira e or\u00e7ament\u00e1ria, integrada com a folha de pagamento dos servidores e gera\u00e7\u00e3o de relat\u00f3rios gerais; Atender o cumprimento das normas e legisla\u00e7\u00e3o que regem a contabilidade p\u00fablica, al\u00e9m de elabora\u00e7\u00e3o de pe\u00e7as cont\u00e1beis exigidas pelos \u00f3rg\u00e3os de controles: Tribunal de Contas do Estado \u2013 TCE\/RN, Secretaria do Tesouro Nacional \u2013 STN, Fundo Nacional de Sa\u00fade \u2013 FNS, Fundo Nacional de Assist\u00eancia Social \u2013 FNAS e o Fundo Nacional de Educa\u00e7\u00e3o \u2013 FNDE, bem como as novas Normas Brasileiras de Contabilidade Aplicadas ao Setor P\u00fablico \u2013 NBCASP, e poss\u00edveis altera\u00e7\u00f5es que ocorrerem posteriores a contrata\u00e7\u00e3o.<\/td><td class=\"column-10\">13110000 - Transfer\u00eancia de Recursos do Fundo Nacional de Assist\u00eancia Social - FNAS<\/td><td class=\"column-11\">74910<\/td><td class=\"column-12\">07.355.573\/0001-87<\/td><td class=\"column-13\">FRANCISCO ROBERTO FERREIRA DANTAS - ME<\/td><td class=\"column-14\">RAFAEL ANDERSON DE ARA\u00daJO SILVA<\/td><td class=\"column-15\"><\/td><td class=\"column-16\"><\/td><td class=\"column-17\"><\/td><td class=\"column-18\"><\/td><td class=\"column-19\">0<\/td><td class=\"column-20\"><\/td><td class=\"column-21\">6490<\/td><td class=\"column-22\">01\/03\/2021<\/td><td class=\"column-23\">02\/03\/2021<\/td><td class=\"column-24\">6490<\/td>\n<\/tr>\n<tr class=\"row-142\">\n\t<td class=\"column-1\">5\/2021\t<\/td><td class=\"column-2\">01\/02\/2021<\/td><td class=\"column-3\">02\/02\/2021<\/td><td class=\"column-4\">01\/02\/2021 - 30\/04\/2021<\/td><td class=\"column-5\">7\/2021\t<\/td><td class=\"column-6\">Dispensa<\/td><td class=\"column-7\">Menor Pre\u00e7o Por Item<\/td><td class=\"column-8\"><\/td><td class=\"column-9\">Contrata\u00e7\u00e3o de empresa especializada em Consultoria e Assessoria Cont\u00e1bil para execu\u00e7\u00e3o dos seguintes servi\u00e7os: Elabora\u00e7\u00e3o do PPA (Plano Plurianual), LDO (Lei de Diretrizes Or\u00e7ament\u00e1rias), LOA (Lei Or\u00e7ament\u00e1ria Anual); Servi\u00e7os de Contabilidade p\u00fablica, financeira e or\u00e7ament\u00e1ria, integrada com a folha de pagamento dos servidores e gera\u00e7\u00e3o de relat\u00f3rios gerais; Atender o cumprimento das normas e legisla\u00e7\u00e3o que regem a contabilidade p\u00fablica, al\u00e9m de elabora\u00e7\u00e3o de pe\u00e7as cont\u00e1beis exigidas pelos \u00f3rg\u00e3os de controles: Tribunal de Contas do Estado \u2013 TCE\/RN, Secretaria do Tesouro Nacional \u2013 STN, Fundo Nacional de Sa\u00fade \u2013 FNS, Fundo Nacional de Assist\u00eancia Social \u2013 FNAS e o Fundo Nacional de Educa\u00e7\u00e3o \u2013 FNDE, bem como as novas Normas Brasileiras de Contabilidade Aplicadas ao Setor P\u00fablico \u2013 NBCASP, e poss\u00edveis altera\u00e7\u00f5es que ocorrerem posteriores a contrata\u00e7\u00e3o.<\/td><td class=\"column-10\">13110000 - Transfer\u00eancia de Recursos do Fundo Nacional de Assist\u00eancia Social - FNAS<\/td><td class=\"column-11\">74910<\/td><td class=\"column-12\">07.355.573\/0001-87<\/td><td class=\"column-13\">FRANCISCO ROBERTO FERREIRA DANTAS - ME<\/td><td class=\"column-14\">RAFAEL ANDERSON DE ARA\u00daJO SILVA<\/td><td class=\"column-15\"><\/td><td class=\"column-16\"><\/td><td class=\"column-17\"><\/td><td class=\"column-18\"><\/td><td class=\"column-19\">0<\/td><td class=\"column-20\"><\/td><td class=\"column-21\">7990<\/td><td class=\"column-22\">01\/03\/2021<\/td><td class=\"column-23\">02\/03\/2021<\/td><td class=\"column-24\">7990<\/td>\n<\/tr>\n<tr class=\"row-143\">\n\t<td class=\"column-1\">5\/2021\t<\/td><td class=\"column-2\">01\/02\/2021<\/td><td class=\"column-3\">02\/02\/2021<\/td><td class=\"column-4\">01\/02\/2021 - 30\/04\/2021<\/td><td class=\"column-5\">7\/2021\t<\/td><td class=\"column-6\">Dispensa<\/td><td class=\"column-7\">Menor Pre\u00e7o Por Item<\/td><td class=\"column-8\"><\/td><td class=\"column-9\">Contrata\u00e7\u00e3o de empresa especializada em Consultoria e Assessoria Cont\u00e1bil para execu\u00e7\u00e3o dos seguintes servi\u00e7os: Elabora\u00e7\u00e3o do PPA (Plano Plurianual), LDO (Lei de Diretrizes Or\u00e7ament\u00e1rias), LOA (Lei Or\u00e7ament\u00e1ria Anual); Servi\u00e7os de Contabilidade p\u00fablica, financeira e or\u00e7ament\u00e1ria, integrada com a folha de pagamento dos servidores e gera\u00e7\u00e3o de relat\u00f3rios gerais; Atender o cumprimento das normas e legisla\u00e7\u00e3o que regem a contabilidade p\u00fablica, al\u00e9m de elabora\u00e7\u00e3o de pe\u00e7as cont\u00e1beis exigidas pelos \u00f3rg\u00e3os de controles: Tribunal de Contas do Estado \u2013 TCE\/RN, Secretaria do Tesouro Nacional \u2013 STN, Fundo Nacional de Sa\u00fade \u2013 FNS, Fundo Nacional de Assist\u00eancia Social \u2013 FNAS e o Fundo Nacional de Educa\u00e7\u00e3o \u2013 FNDE, bem como as novas Normas Brasileiras de Contabilidade Aplicadas ao Setor P\u00fablico \u2013 NBCASP, e poss\u00edveis altera\u00e7\u00f5es que ocorrerem posteriores a contrata\u00e7\u00e3o.<\/td><td class=\"column-10\">13110000 - Transfer\u00eancia de Recursos do Fundo Nacional de Assist\u00eancia Social - FNAS<\/td><td class=\"column-11\">74910<\/td><td class=\"column-12\">07.355.573\/0001-87<\/td><td class=\"column-13\">FRANCISCO ROBERTO FERREIRA DANTAS - ME<\/td><td class=\"column-14\">RAFAEL ANDERSON DE ARA\u00daJO SILVA<\/td><td class=\"column-15\"><\/td><td class=\"column-16\"><\/td><td class=\"column-17\"><\/td><td class=\"column-18\"><\/td><td class=\"column-19\">0<\/td><td class=\"column-20\"><\/td><td class=\"column-21\">10490<\/td><td class=\"column-22\">01\/03\/2021<\/td><td class=\"column-23\">01\/03\/2021<\/td><td class=\"column-24\">10490<\/td>\n<\/tr>\n<tr class=\"row-144\">\n\t<td class=\"column-1\">5\/2021\t<\/td><td class=\"column-2\">01\/02\/2021<\/td><td class=\"column-3\">02\/02\/2021<\/td><td class=\"column-4\">01\/02\/2021 - 30\/04\/2021<\/td><td class=\"column-5\">7\/2021\t<\/td><td class=\"column-6\">Dispensa<\/td><td class=\"column-7\">Menor Pre\u00e7o Por Item<\/td><td class=\"column-8\"><\/td><td class=\"column-9\">Contrata\u00e7\u00e3o de empresa especializada em Consultoria e Assessoria Cont\u00e1bil para execu\u00e7\u00e3o dos seguintes servi\u00e7os: Elabora\u00e7\u00e3o do PPA (Plano Plurianual), LDO (Lei de Diretrizes Or\u00e7ament\u00e1rias), LOA (Lei Or\u00e7ament\u00e1ria Anual); Servi\u00e7os de Contabilidade p\u00fablica, financeira e or\u00e7ament\u00e1ria, integrada com a folha de pagamento dos servidores e gera\u00e7\u00e3o de relat\u00f3rios gerais; Atender o cumprimento das normas e legisla\u00e7\u00e3o que regem a contabilidade p\u00fablica, al\u00e9m de elabora\u00e7\u00e3o de pe\u00e7as cont\u00e1beis exigidas pelos \u00f3rg\u00e3os de controles: Tribunal de Contas do Estado \u2013 TCE\/RN, Secretaria do Tesouro Nacional \u2013 STN, Fundo Nacional de Sa\u00fade \u2013 FNS, Fundo Nacional de Assist\u00eancia Social \u2013 FNAS e o Fundo Nacional de Educa\u00e7\u00e3o \u2013 FNDE, bem como as novas Normas Brasileiras de Contabilidade Aplicadas ao Setor P\u00fablico \u2013 NBCASP, e poss\u00edveis altera\u00e7\u00f5es que ocorrerem posteriores a contrata\u00e7\u00e3o.<\/td><td class=\"column-10\">13110000 - Transfer\u00eancia de Recursos do Fundo Nacional de Assist\u00eancia Social - FNAS<\/td><td class=\"column-11\">74910<\/td><td class=\"column-12\">07.355.573\/0001-87<\/td><td class=\"column-13\">FRANCISCO ROBERTO FERREIRA DANTAS - ME<\/td><td class=\"column-14\">RAFAEL ANDERSON DE ARA\u00daJO SILVA<\/td><td class=\"column-15\"><\/td><td class=\"column-16\"><\/td><td class=\"column-17\"><\/td><td class=\"column-18\"><\/td><td class=\"column-19\">0<\/td><td class=\"column-20\"><\/td><td class=\"column-21\">6490<\/td><td class=\"column-22\">03\/02\/2021<\/td><td class=\"column-23\"><\/td><td class=\"column-24\"><\/td>\n<\/tr>\n<tr class=\"row-145\">\n\t<td class=\"column-1\">5\/2021\t<\/td><td class=\"column-2\">01\/02\/2021<\/td><td class=\"column-3\">02\/02\/2021<\/td><td class=\"column-4\">01\/02\/2021 - 30\/04\/2021<\/td><td class=\"column-5\">7\/2021\t<\/td><td class=\"column-6\">Dispensa<\/td><td class=\"column-7\">Menor Pre\u00e7o Por Item<\/td><td class=\"column-8\"><\/td><td class=\"column-9\">Contrata\u00e7\u00e3o de empresa especializada em Consultoria e Assessoria Cont\u00e1bil para execu\u00e7\u00e3o dos seguintes servi\u00e7os: Elabora\u00e7\u00e3o do PPA (Plano Plurianual), LDO (Lei de Diretrizes Or\u00e7ament\u00e1rias), LOA (Lei Or\u00e7ament\u00e1ria Anual); Servi\u00e7os de Contabilidade p\u00fablica, financeira e or\u00e7ament\u00e1ria, integrada com a folha de pagamento dos servidores e gera\u00e7\u00e3o de relat\u00f3rios gerais; Atender o cumprimento das normas e legisla\u00e7\u00e3o que regem a contabilidade p\u00fablica, al\u00e9m de elabora\u00e7\u00e3o de pe\u00e7as cont\u00e1beis exigidas pelos \u00f3rg\u00e3os de controles: Tribunal de Contas do Estado \u2013 TCE\/RN, Secretaria do Tesouro Nacional \u2013 STN, Fundo Nacional de Sa\u00fade \u2013 FNS, Fundo Nacional de Assist\u00eancia Social \u2013 FNAS e o Fundo Nacional de Educa\u00e7\u00e3o \u2013 FNDE, bem como as novas Normas Brasileiras de Contabilidade Aplicadas ao Setor P\u00fablico \u2013 NBCASP, e poss\u00edveis altera\u00e7\u00f5es que ocorrerem posteriores a contrata\u00e7\u00e3o.<\/td><td class=\"column-10\">13110000 - Transfer\u00eancia de Recursos do Fundo Nacional de Assist\u00eancia Social - FNAS<\/td><td class=\"column-11\">74910<\/td><td class=\"column-12\">07.355.573\/0001-87<\/td><td class=\"column-13\">FRANCISCO ROBERTO FERREIRA DANTAS - ME<\/td><td class=\"column-14\">RAFAEL ANDERSON DE ARA\u00daJO SILVA<\/td><td class=\"column-15\"><\/td><td class=\"column-16\"><\/td><td class=\"column-17\"><\/td><td class=\"column-18\"><\/td><td class=\"column-19\">0<\/td><td class=\"column-20\"><\/td><td class=\"column-21\">10490<\/td><td class=\"column-22\">03\/02\/2021<\/td><td class=\"column-23\">04\/02\/2021<\/td><td class=\"column-24\">10490<\/td>\n<\/tr>\n<tr class=\"row-146\">\n\t<td class=\"column-1\">5\/2021\t<\/td><td class=\"column-2\">01\/02\/2021<\/td><td class=\"column-3\">02\/02\/2021<\/td><td class=\"column-4\">01\/02\/2021 - 30\/04\/2021<\/td><td class=\"column-5\">7\/2021\t<\/td><td class=\"column-6\">Dispensa<\/td><td class=\"column-7\">Menor Pre\u00e7o Por Item<\/td><td class=\"column-8\"><\/td><td class=\"column-9\">Contrata\u00e7\u00e3o de empresa especializada em Consultoria e Assessoria Cont\u00e1bil para execu\u00e7\u00e3o dos seguintes servi\u00e7os: Elabora\u00e7\u00e3o do PPA (Plano Plurianual), LDO (Lei de Diretrizes Or\u00e7ament\u00e1rias), LOA (Lei Or\u00e7ament\u00e1ria Anual); Servi\u00e7os de Contabilidade p\u00fablica, financeira e or\u00e7ament\u00e1ria, integrada com a folha de pagamento dos servidores e gera\u00e7\u00e3o de relat\u00f3rios gerais; Atender o cumprimento das normas e legisla\u00e7\u00e3o que regem a contabilidade p\u00fablica, al\u00e9m de elabora\u00e7\u00e3o de pe\u00e7as cont\u00e1beis exigidas pelos \u00f3rg\u00e3os de controles: Tribunal de Contas do Estado \u2013 TCE\/RN, Secretaria do Tesouro Nacional \u2013 STN, Fundo Nacional de Sa\u00fade \u2013 FNS, Fundo Nacional de Assist\u00eancia Social \u2013 FNAS e o Fundo Nacional de Educa\u00e7\u00e3o \u2013 FNDE, bem como as novas Normas Brasileiras de Contabilidade Aplicadas ao Setor P\u00fablico \u2013 NBCASP, e poss\u00edveis altera\u00e7\u00f5es que ocorrerem posteriores a contrata\u00e7\u00e3o.<\/td><td class=\"column-10\">13110000 - Transfer\u00eancia de Recursos do Fundo Nacional de Assist\u00eancia Social - FNAS<\/td><td class=\"column-11\">74910<\/td><td class=\"column-12\">07.355.573\/0001-87<\/td><td class=\"column-13\">FRANCISCO ROBERTO FERREIRA DANTAS - ME<\/td><td class=\"column-14\">RAFAEL ANDERSON DE ARA\u00daJO SILVA<\/td><td class=\"column-15\"><\/td><td class=\"column-16\"><\/td><td class=\"column-17\"><\/td><td class=\"column-18\"><\/td><td class=\"column-19\">0<\/td><td class=\"column-20\"><\/td><td class=\"column-21\">6490<\/td><td class=\"column-22\">05\/02\/2021<\/td><td class=\"column-23\">05\/02\/2021<\/td><td class=\"column-24\">6490<\/td>\n<\/tr>\n<tr class=\"row-147\">\n\t<td class=\"column-1\">5\/2021\t<\/td><td class=\"column-2\">01\/02\/2021<\/td><td class=\"column-3\">02\/02\/2021<\/td><td class=\"column-4\">01\/02\/2021 - 30\/04\/2021<\/td><td class=\"column-5\">7\/2021\t<\/td><td class=\"column-6\">Dispensa<\/td><td class=\"column-7\">Menor Pre\u00e7o Por Item<\/td><td class=\"column-8\"><\/td><td class=\"column-9\">Contrata\u00e7\u00e3o de empresa especializada em Consultoria e Assessoria Cont\u00e1bil para execu\u00e7\u00e3o dos seguintes servi\u00e7os: Elabora\u00e7\u00e3o do PPA (Plano Plurianual), LDO (Lei de Diretrizes Or\u00e7ament\u00e1rias), LOA (Lei Or\u00e7ament\u00e1ria Anual); Servi\u00e7os de Contabilidade p\u00fablica, financeira e or\u00e7ament\u00e1ria, integrada com a folha de pagamento dos servidores e gera\u00e7\u00e3o de relat\u00f3rios gerais; Atender o cumprimento das normas e legisla\u00e7\u00e3o que regem a contabilidade p\u00fablica, al\u00e9m de elabora\u00e7\u00e3o de pe\u00e7as cont\u00e1beis exigidas pelos \u00f3rg\u00e3os de controles: Tribunal de Contas do Estado \u2013 TCE\/RN, Secretaria do Tesouro Nacional \u2013 STN, Fundo Nacional de Sa\u00fade \u2013 FNS, Fundo Nacional de Assist\u00eancia Social \u2013 FNAS e o Fundo Nacional de Educa\u00e7\u00e3o \u2013 FNDE, bem como as novas Normas Brasileiras de Contabilidade Aplicadas ao Setor P\u00fablico \u2013 NBCASP, e poss\u00edveis altera\u00e7\u00f5es que ocorrerem posteriores a contrata\u00e7\u00e3o.<\/td><td class=\"column-10\">13110000 - Transfer\u00eancia de Recursos do Fundo Nacional de Assist\u00eancia Social - FNAS<\/td><td class=\"column-11\">74910<\/td><td class=\"column-12\">07.355.573\/0001-87<\/td><td class=\"column-13\">FRANCISCO ROBERTO FERREIRA DANTAS - ME<\/td><td class=\"column-14\">RAFAEL ANDERSON DE ARA\u00daJO SILVA<\/td><td class=\"column-15\"><\/td><td class=\"column-16\"><\/td><td class=\"column-17\"><\/td><td class=\"column-18\"><\/td><td class=\"column-19\">0<\/td><td class=\"column-20\"><\/td><td class=\"column-21\">7990<\/td><td class=\"column-22\">05\/02\/2021<\/td><td class=\"column-23\">05\/02\/2021<\/td><td class=\"column-24\">7990<\/td>\n<\/tr>\n<tr class=\"row-148\">\n\t<td class=\"column-1\">5\/2021\t<\/td><td class=\"column-2\">01\/02\/2021<\/td><td class=\"column-3\">02\/02\/2021<\/td><td class=\"column-4\">01\/02\/2021 - 30\/04\/2021<\/td><td class=\"column-5\">7\/2021\t<\/td><td class=\"column-6\">Dispensa<\/td><td class=\"column-7\">Menor Pre\u00e7o Por Item<\/td><td class=\"column-8\"><\/td><td class=\"column-9\">Contrata\u00e7\u00e3o de empresa especializada em Consultoria e Assessoria Cont\u00e1bil para execu\u00e7\u00e3o dos seguintes servi\u00e7os: Elabora\u00e7\u00e3o do PPA (Plano Plurianual), LDO (Lei de Diretrizes Or\u00e7ament\u00e1rias), LOA (Lei Or\u00e7ament\u00e1ria Anual); Servi\u00e7os de Contabilidade p\u00fablica, financeira e or\u00e7ament\u00e1ria, integrada com a folha de pagamento dos servidores e gera\u00e7\u00e3o de relat\u00f3rios gerais; Atender o cumprimento das normas e legisla\u00e7\u00e3o que regem a contabilidade p\u00fablica, al\u00e9m de elabora\u00e7\u00e3o de pe\u00e7as cont\u00e1beis exigidas pelos \u00f3rg\u00e3os de controles: Tribunal de Contas do Estado \u2013 TCE\/RN, Secretaria do Tesouro Nacional \u2013 STN, Fundo Nacional de Sa\u00fade \u2013 FNS, Fundo Nacional de Assist\u00eancia Social \u2013 FNAS e o Fundo Nacional de Educa\u00e7\u00e3o \u2013 FNDE, bem como as novas Normas Brasileiras de Contabilidade Aplicadas ao Setor P\u00fablico \u2013 NBCASP, e poss\u00edveis altera\u00e7\u00f5es que ocorrerem posteriores a contrata\u00e7\u00e3o.<\/td><td class=\"column-10\">13110000 - Transfer\u00eancia de Recursos do Fundo Nacional de Assist\u00eancia Social - FNAS<\/td><td class=\"column-11\">74910<\/td><td class=\"column-12\">07.355.573\/0001-87<\/td><td class=\"column-13\">FRANCISCO ROBERTO FERREIRA DANTAS - ME<\/td><td class=\"column-14\">RAFAEL ANDERSON DE ARA\u00daJO SILVA<\/td><td class=\"column-15\"><\/td><td class=\"column-16\"><\/td><td class=\"column-17\"><\/td><td class=\"column-18\"><\/td><td class=\"column-19\">0<\/td><td class=\"column-20\"><\/td><td class=\"column-21\">6490<\/td><td class=\"column-22\">23\/06\/2021<\/td><td class=\"column-23\"><\/td><td class=\"column-24\"><\/td>\n<\/tr>\n<tr class=\"row-149\">\n\t<td class=\"column-1\">5\/2021\t<\/td><td class=\"column-2\">01\/02\/2021<\/td><td class=\"column-3\">02\/02\/2021<\/td><td class=\"column-4\">01\/02\/2021 - 30\/04\/2021<\/td><td class=\"column-5\">7\/2021\t<\/td><td class=\"column-6\">Dispensa<\/td><td class=\"column-7\">Menor Pre\u00e7o Por Item<\/td><td class=\"column-8\"><\/td><td class=\"column-9\">Contrata\u00e7\u00e3o de empresa especializada em Consultoria e Assessoria Cont\u00e1bil para execu\u00e7\u00e3o dos seguintes servi\u00e7os: Elabora\u00e7\u00e3o do PPA (Plano Plurianual), LDO (Lei de Diretrizes Or\u00e7ament\u00e1rias), LOA (Lei Or\u00e7ament\u00e1ria Anual); Servi\u00e7os de Contabilidade p\u00fablica, financeira e or\u00e7ament\u00e1ria, integrada com a folha de pagamento dos servidores e gera\u00e7\u00e3o de relat\u00f3rios gerais; Atender o cumprimento das normas e legisla\u00e7\u00e3o que regem a contabilidade p\u00fablica, al\u00e9m de elabora\u00e7\u00e3o de pe\u00e7as cont\u00e1beis exigidas pelos \u00f3rg\u00e3os de controles: Tribunal de Contas do Estado \u2013 TCE\/RN, Secretaria do Tesouro Nacional \u2013 STN, Fundo Nacional de Sa\u00fade \u2013 FNS, Fundo Nacional de Assist\u00eancia Social \u2013 FNAS e o Fundo Nacional de Educa\u00e7\u00e3o \u2013 FNDE, bem como as novas Normas Brasileiras de Contabilidade Aplicadas ao Setor P\u00fablico \u2013 NBCASP, e poss\u00edveis altera\u00e7\u00f5es que ocorrerem posteriores a contrata\u00e7\u00e3o.<\/td><td class=\"column-10\">13110000 - Transfer\u00eancia de Recursos do Fundo Nacional de Assist\u00eancia Social - FNAS<\/td><td class=\"column-11\">74910<\/td><td class=\"column-12\">07.355.573\/0001-87<\/td><td class=\"column-13\">FRANCISCO ROBERTO FERREIRA DANTAS - ME<\/td><td class=\"column-14\">RAFAEL ANDERSON DE ARA\u00daJO SILVA<\/td><td class=\"column-15\"><\/td><td class=\"column-16\"><\/td><td class=\"column-17\"><\/td><td class=\"column-18\"><\/td><td class=\"column-19\">0<\/td><td class=\"column-20\"><\/td><td class=\"column-21\">6490<\/td><td class=\"column-22\">23\/06\/2021<\/td><td class=\"column-23\">23\/06\/2021<\/td><td class=\"column-24\">6490<\/td>\n<\/tr>\n<tr class=\"row-150\">\n\t<td class=\"column-1\">5\/2021\t<\/td><td class=\"column-2\">01\/02\/2021<\/td><td class=\"column-3\">02\/02\/2021<\/td><td class=\"column-4\">01\/02\/2021 - 30\/04\/2021<\/td><td class=\"column-5\">7\/2021\t<\/td><td class=\"column-6\">Dispensa<\/td><td class=\"column-7\">Menor Pre\u00e7o Por Item<\/td><td class=\"column-8\"><\/td><td class=\"column-9\">Contrata\u00e7\u00e3o de empresa especializada em Consultoria e Assessoria Cont\u00e1bil para execu\u00e7\u00e3o dos seguintes servi\u00e7os: Elabora\u00e7\u00e3o do PPA (Plano Plurianual), LDO (Lei de Diretrizes Or\u00e7ament\u00e1rias), LOA (Lei Or\u00e7ament\u00e1ria Anual); Servi\u00e7os de Contabilidade p\u00fablica, financeira e or\u00e7ament\u00e1ria, integrada com a folha de pagamento dos servidores e gera\u00e7\u00e3o de relat\u00f3rios gerais; Atender o cumprimento das normas e legisla\u00e7\u00e3o que regem a contabilidade p\u00fablica, al\u00e9m de elabora\u00e7\u00e3o de pe\u00e7as cont\u00e1beis exigidas pelos \u00f3rg\u00e3os de controles: Tribunal de Contas do Estado \u2013 TCE\/RN, Secretaria do Tesouro Nacional \u2013 STN, Fundo Nacional de Sa\u00fade \u2013 FNS, Fundo Nacional de Assist\u00eancia Social \u2013 FNAS e o Fundo Nacional de Educa\u00e7\u00e3o \u2013 FNDE, bem como as novas Normas Brasileiras de Contabilidade Aplicadas ao Setor P\u00fablico \u2013 NBCASP, e poss\u00edveis altera\u00e7\u00f5es que ocorrerem posteriores a contrata\u00e7\u00e3o.<\/td><td class=\"column-10\">13110000 - Transfer\u00eancia de Recursos do Fundo Nacional de Assist\u00eancia Social - FNAS<\/td><td class=\"column-11\">74910<\/td><td class=\"column-12\">07.355.573\/0001-87<\/td><td class=\"column-13\">FRANCISCO ROBERTO FERREIRA DANTAS - ME<\/td><td class=\"column-14\">RAFAEL ANDERSON DE ARA\u00daJO SILVA<\/td><td class=\"column-15\"><\/td><td class=\"column-16\"><\/td><td class=\"column-17\"><\/td><td class=\"column-18\"><\/td><td class=\"column-19\">0<\/td><td class=\"column-20\"><\/td><td class=\"column-21\">7990<\/td><td class=\"column-22\">23\/06\/2021<\/td><td class=\"column-23\"><\/td><td class=\"column-24\"><\/td>\n<\/tr>\n<tr class=\"row-151\">\n\t<td class=\"column-1\">5\/2021\t<\/td><td class=\"column-2\">01\/02\/2021<\/td><td class=\"column-3\">02\/02\/2021<\/td><td class=\"column-4\">01\/02\/2021 - 30\/04\/2021<\/td><td class=\"column-5\">7\/2021\t<\/td><td class=\"column-6\">Dispensa<\/td><td class=\"column-7\">Menor Pre\u00e7o Por Item<\/td><td class=\"column-8\"><\/td><td class=\"column-9\">Contrata\u00e7\u00e3o de empresa especializada em Consultoria e Assessoria Cont\u00e1bil para execu\u00e7\u00e3o dos seguintes servi\u00e7os: Elabora\u00e7\u00e3o do PPA (Plano Plurianual), LDO (Lei de Diretrizes Or\u00e7ament\u00e1rias), LOA (Lei Or\u00e7ament\u00e1ria Anual); Servi\u00e7os de Contabilidade p\u00fablica, financeira e or\u00e7ament\u00e1ria, integrada com a folha de pagamento dos servidores e gera\u00e7\u00e3o de relat\u00f3rios gerais; Atender o cumprimento das normas e legisla\u00e7\u00e3o que regem a contabilidade p\u00fablica, al\u00e9m de elabora\u00e7\u00e3o de pe\u00e7as cont\u00e1beis exigidas pelos \u00f3rg\u00e3os de controles: Tribunal de Contas do Estado \u2013 TCE\/RN, Secretaria do Tesouro Nacional \u2013 STN, Fundo Nacional de Sa\u00fade \u2013 FNS, Fundo Nacional de Assist\u00eancia Social \u2013 FNAS e o Fundo Nacional de Educa\u00e7\u00e3o \u2013 FNDE, bem como as novas Normas Brasileiras de Contabilidade Aplicadas ao Setor P\u00fablico \u2013 NBCASP, e poss\u00edveis altera\u00e7\u00f5es que ocorrerem posteriores a contrata\u00e7\u00e3o.<\/td><td class=\"column-10\">13110000 - Transfer\u00eancia de Recursos do Fundo Nacional de Assist\u00eancia Social - FNAS<\/td><td class=\"column-11\">74910<\/td><td class=\"column-12\">07.355.573\/0001-87<\/td><td class=\"column-13\">FRANCISCO ROBERTO FERREIRA DANTAS - ME<\/td><td class=\"column-14\">RAFAEL ANDERSON DE ARA\u00daJO SILVA<\/td><td class=\"column-15\"><\/td><td class=\"column-16\"><\/td><td class=\"column-17\"><\/td><td class=\"column-18\"><\/td><td class=\"column-19\">0<\/td><td class=\"column-20\"><\/td><td class=\"column-21\">7990<\/td><td class=\"column-22\">23\/06\/2021<\/td><td class=\"column-23\">23\/06\/2021<\/td><td class=\"column-24\">7990<\/td>\n<\/tr>\n<tr class=\"row-152\">\n\t<td class=\"column-1\">5\/2021\t<\/td><td class=\"column-2\">01\/02\/2021<\/td><td class=\"column-3\">02\/02\/2021<\/td><td class=\"column-4\">01\/02\/2021 - 30\/04\/2021<\/td><td class=\"column-5\">7\/2021\t<\/td><td class=\"column-6\">Dispensa<\/td><td class=\"column-7\">Menor Pre\u00e7o Por Item<\/td><td class=\"column-8\"><\/td><td class=\"column-9\">Contrata\u00e7\u00e3o de empresa especializada em Consultoria e Assessoria Cont\u00e1bil para execu\u00e7\u00e3o dos seguintes servi\u00e7os: Elabora\u00e7\u00e3o do PPA (Plano Plurianual), LDO (Lei de Diretrizes Or\u00e7ament\u00e1rias), LOA (Lei Or\u00e7ament\u00e1ria Anual); Servi\u00e7os de Contabilidade p\u00fablica, financeira e or\u00e7ament\u00e1ria, integrada com a folha de pagamento dos servidores e gera\u00e7\u00e3o de relat\u00f3rios gerais; Atender o cumprimento das normas e legisla\u00e7\u00e3o que regem a contabilidade p\u00fablica, al\u00e9m de elabora\u00e7\u00e3o de pe\u00e7as cont\u00e1beis exigidas pelos \u00f3rg\u00e3os de controles: Tribunal de Contas do Estado \u2013 TCE\/RN, Secretaria do Tesouro Nacional \u2013 STN, Fundo Nacional de Sa\u00fade \u2013 FNS, Fundo Nacional de Assist\u00eancia Social \u2013 FNAS e o Fundo Nacional de Educa\u00e7\u00e3o \u2013 FNDE, bem como as novas Normas Brasileiras de Contabilidade Aplicadas ao Setor P\u00fablico \u2013 NBCASP, e poss\u00edveis altera\u00e7\u00f5es que ocorrerem posteriores a contrata\u00e7\u00e3o.<\/td><td class=\"column-10\">13110000 - Transfer\u00eancia de Recursos do Fundo Nacional de Assist\u00eancia Social - FNAS<\/td><td class=\"column-11\">74910<\/td><td class=\"column-12\">07.355.573\/0001-87<\/td><td class=\"column-13\">FRANCISCO ROBERTO FERREIRA DANTAS - ME<\/td><td class=\"column-14\">RAFAEL ANDERSON DE ARA\u00daJO SILVA<\/td><td class=\"column-15\"><\/td><td class=\"column-16\"><\/td><td class=\"column-17\"><\/td><td class=\"column-18\"><\/td><td class=\"column-19\">0<\/td><td class=\"column-20\"><\/td><td class=\"column-21\">10490<\/td><td class=\"column-22\">23\/06\/2021<\/td><td class=\"column-23\"><\/td><td class=\"column-24\"><\/td>\n<\/tr>\n<tr class=\"row-153\">\n\t<td class=\"column-1\">5\/2021\t<\/td><td class=\"column-2\">01\/02\/2021<\/td><td class=\"column-3\">02\/02\/2021<\/td><td class=\"column-4\">01\/02\/2021 - 30\/04\/2021<\/td><td class=\"column-5\">7\/2021\t<\/td><td class=\"column-6\">Dispensa<\/td><td class=\"column-7\">Menor Pre\u00e7o Por Item<\/td><td class=\"column-8\"><\/td><td class=\"column-9\">Contrata\u00e7\u00e3o de empresa especializada em Consultoria e Assessoria Cont\u00e1bil para execu\u00e7\u00e3o dos seguintes servi\u00e7os: Elabora\u00e7\u00e3o do PPA (Plano Plurianual), LDO (Lei de Diretrizes Or\u00e7ament\u00e1rias), LOA (Lei Or\u00e7ament\u00e1ria Anual); Servi\u00e7os de Contabilidade p\u00fablica, financeira e or\u00e7ament\u00e1ria, integrada com a folha de pagamento dos servidores e gera\u00e7\u00e3o de relat\u00f3rios gerais; Atender o cumprimento das normas e legisla\u00e7\u00e3o que regem a contabilidade p\u00fablica, al\u00e9m de elabora\u00e7\u00e3o de pe\u00e7as cont\u00e1beis exigidas pelos \u00f3rg\u00e3os de controles: Tribunal de Contas do Estado \u2013 TCE\/RN, Secretaria do Tesouro Nacional \u2013 STN, Fundo Nacional de Sa\u00fade \u2013 FNS, Fundo Nacional de Assist\u00eancia Social \u2013 FNAS e o Fundo Nacional de Educa\u00e7\u00e3o \u2013 FNDE, bem como as novas Normas Brasileiras de Contabilidade Aplicadas ao Setor P\u00fablico \u2013 NBCASP, e poss\u00edveis altera\u00e7\u00f5es que ocorrerem posteriores a contrata\u00e7\u00e3o.<\/td><td class=\"column-10\">13110000 - Transfer\u00eancia de Recursos do Fundo Nacional de Assist\u00eancia Social - FNAS<\/td><td class=\"column-11\">74910<\/td><td class=\"column-12\">07.355.573\/0001-87<\/td><td class=\"column-13\">FRANCISCO ROBERTO FERREIRA DANTAS - ME<\/td><td class=\"column-14\">RAFAEL ANDERSON DE ARA\u00daJO SILVA<\/td><td class=\"column-15\"><\/td><td class=\"column-16\"><\/td><td class=\"column-17\"><\/td><td class=\"column-18\"><\/td><td class=\"column-19\">0<\/td><td class=\"column-20\"><\/td><td class=\"column-21\">10490<\/td><td class=\"column-22\">23\/06\/2021<\/td><td class=\"column-23\">23\/06\/2021<\/td><td class=\"column-24\">10490<\/td>\n<\/tr>\n<tr class=\"row-154\">\n\t<td class=\"column-1\">5\/2021\t<\/td><td class=\"column-2\">01\/02\/2021<\/td><td class=\"column-3\">02\/02\/2021<\/td><td class=\"column-4\">01\/02\/2021 - 30\/04\/2021<\/td><td class=\"column-5\">7\/2021\t<\/td><td class=\"column-6\">Dispensa<\/td><td class=\"column-7\">Menor Pre\u00e7o Por Item<\/td><td class=\"column-8\"><\/td><td class=\"column-9\">Contrata\u00e7\u00e3o de empresa especializada em Consultoria e Assessoria Cont\u00e1bil para execu\u00e7\u00e3o dos seguintes servi\u00e7os: Elabora\u00e7\u00e3o do PPA (Plano Plurianual), LDO (Lei de Diretrizes Or\u00e7ament\u00e1rias), LOA (Lei Or\u00e7ament\u00e1ria Anual); Servi\u00e7os de Contabilidade p\u00fablica, financeira e or\u00e7ament\u00e1ria, integrada com a folha de pagamento dos servidores e gera\u00e7\u00e3o de relat\u00f3rios gerais; Atender o cumprimento das normas e legisla\u00e7\u00e3o que regem a contabilidade p\u00fablica, al\u00e9m de elabora\u00e7\u00e3o de pe\u00e7as cont\u00e1beis exigidas pelos \u00f3rg\u00e3os de controles: Tribunal de Contas do Estado \u2013 TCE\/RN, Secretaria do Tesouro Nacional \u2013 STN, Fundo Nacional de Sa\u00fade \u2013 FNS, Fundo Nacional de Assist\u00eancia Social \u2013 FNAS e o Fundo Nacional de Educa\u00e7\u00e3o \u2013 FNDE, bem como as novas Normas Brasileiras de Contabilidade Aplicadas ao Setor P\u00fablico \u2013 NBCASP, e poss\u00edveis altera\u00e7\u00f5es que ocorrerem posteriores a contrata\u00e7\u00e3o.<\/td><td class=\"column-10\">13110000 - Transfer\u00eancia de Recursos do Fundo Nacional de Assist\u00eancia Social - FNAS<\/td><td class=\"column-11\">74910<\/td><td class=\"column-12\">07.355.573\/0001-87<\/td><td class=\"column-13\">FRANCISCO ROBERTO FERREIRA DANTAS - ME<\/td><td class=\"column-14\">RAFAEL ANDERSON DE ARA\u00daJO SILVA<\/td><td class=\"column-15\"><\/td><td class=\"column-16\"><\/td><td class=\"column-17\"><\/td><td class=\"column-18\"><\/td><td class=\"column-19\">0<\/td><td class=\"column-20\"><\/td><td class=\"column-21\">6490<\/td><td class=\"column-22\">27\/05\/2021<\/td><td class=\"column-23\"><\/td><td class=\"column-24\"><\/td>\n<\/tr>\n<tr class=\"row-155\">\n\t<td class=\"column-1\">5\/2021\t<\/td><td class=\"column-2\">01\/02\/2021<\/td><td class=\"column-3\">02\/02\/2021<\/td><td class=\"column-4\">01\/02\/2021 - 30\/04\/2021<\/td><td class=\"column-5\">7\/2021\t<\/td><td class=\"column-6\">Dispensa<\/td><td class=\"column-7\">Menor Pre\u00e7o Por Item<\/td><td class=\"column-8\"><\/td><td class=\"column-9\">Contrata\u00e7\u00e3o de empresa especializada em Consultoria e Assessoria Cont\u00e1bil para execu\u00e7\u00e3o dos seguintes servi\u00e7os: Elabora\u00e7\u00e3o do PPA (Plano Plurianual), LDO (Lei de Diretrizes Or\u00e7ament\u00e1rias), LOA (Lei Or\u00e7ament\u00e1ria Anual); Servi\u00e7os de Contabilidade p\u00fablica, financeira e or\u00e7ament\u00e1ria, integrada com a folha de pagamento dos servidores e gera\u00e7\u00e3o de relat\u00f3rios gerais; Atender o cumprimento das normas e legisla\u00e7\u00e3o que regem a contabilidade p\u00fablica, al\u00e9m de elabora\u00e7\u00e3o de pe\u00e7as cont\u00e1beis exigidas pelos \u00f3rg\u00e3os de controles: Tribunal de Contas do Estado \u2013 TCE\/RN, Secretaria do Tesouro Nacional \u2013 STN, Fundo Nacional de Sa\u00fade \u2013 FNS, Fundo Nacional de Assist\u00eancia Social \u2013 FNAS e o Fundo Nacional de Educa\u00e7\u00e3o \u2013 FNDE, bem como as novas Normas Brasileiras de Contabilidade Aplicadas ao Setor P\u00fablico \u2013 NBCASP, e poss\u00edveis altera\u00e7\u00f5es que ocorrerem posteriores a contrata\u00e7\u00e3o.<\/td><td class=\"column-10\">13110000 - Transfer\u00eancia de Recursos do Fundo Nacional de Assist\u00eancia Social - FNAS<\/td><td class=\"column-11\">74910<\/td><td class=\"column-12\">07.355.573\/0001-87<\/td><td class=\"column-13\">FRANCISCO ROBERTO FERREIRA DANTAS - ME<\/td><td class=\"column-14\">RAFAEL ANDERSON DE ARA\u00daJO SILVA<\/td><td class=\"column-15\"><\/td><td class=\"column-16\"><\/td><td class=\"column-17\"><\/td><td class=\"column-18\"><\/td><td class=\"column-19\">0<\/td><td class=\"column-20\"><\/td><td class=\"column-21\">6490<\/td><td class=\"column-22\">27\/05\/2021<\/td><td class=\"column-23\">28\/05\/2021<\/td><td class=\"column-24\">6490<\/td>\n<\/tr>\n<tr class=\"row-156\">\n\t<td class=\"column-1\">5\/2021\t<\/td><td class=\"column-2\">01\/02\/2021<\/td><td class=\"column-3\">02\/02\/2021<\/td><td class=\"column-4\">01\/02\/2021 - 30\/04\/2021<\/td><td class=\"column-5\">7\/2021\t<\/td><td class=\"column-6\">Dispensa<\/td><td class=\"column-7\">Menor Pre\u00e7o Por Item<\/td><td class=\"column-8\"><\/td><td class=\"column-9\">Contrata\u00e7\u00e3o de empresa especializada em Consultoria e Assessoria Cont\u00e1bil para execu\u00e7\u00e3o dos seguintes servi\u00e7os: Elabora\u00e7\u00e3o do PPA (Plano Plurianual), LDO (Lei de Diretrizes Or\u00e7ament\u00e1rias), LOA (Lei Or\u00e7ament\u00e1ria Anual); Servi\u00e7os de Contabilidade p\u00fablica, financeira e or\u00e7ament\u00e1ria, integrada com a folha de pagamento dos servidores e gera\u00e7\u00e3o de relat\u00f3rios gerais; Atender o cumprimento das normas e legisla\u00e7\u00e3o que regem a contabilidade p\u00fablica, al\u00e9m de elabora\u00e7\u00e3o de pe\u00e7as cont\u00e1beis exigidas pelos \u00f3rg\u00e3os de controles: Tribunal de Contas do Estado \u2013 TCE\/RN, Secretaria do Tesouro Nacional \u2013 STN, Fundo Nacional de Sa\u00fade \u2013 FNS, Fundo Nacional de Assist\u00eancia Social \u2013 FNAS e o Fundo Nacional de Educa\u00e7\u00e3o \u2013 FNDE, bem como as novas Normas Brasileiras de Contabilidade Aplicadas ao Setor P\u00fablico \u2013 NBCASP, e poss\u00edveis altera\u00e7\u00f5es que ocorrerem posteriores a contrata\u00e7\u00e3o.<\/td><td class=\"column-10\">13110000 - Transfer\u00eancia de Recursos do Fundo Nacional de Assist\u00eancia Social - FNAS<\/td><td class=\"column-11\">74910<\/td><td class=\"column-12\">07.355.573\/0001-87<\/td><td class=\"column-13\">FRANCISCO ROBERTO FERREIRA DANTAS - ME<\/td><td class=\"column-14\">RAFAEL ANDERSON DE ARA\u00daJO SILVA<\/td><td class=\"column-15\"><\/td><td class=\"column-16\"><\/td><td class=\"column-17\"><\/td><td class=\"column-18\"><\/td><td class=\"column-19\">0<\/td><td class=\"column-20\"><\/td><td class=\"column-21\">7990<\/td><td class=\"column-22\">27\/05\/2021<\/td><td class=\"column-23\"><\/td><td class=\"column-24\"><\/td>\n<\/tr>\n<tr class=\"row-157\">\n\t<td class=\"column-1\">5\/2021\t<\/td><td class=\"column-2\">01\/02\/2021<\/td><td class=\"column-3\">02\/02\/2021<\/td><td class=\"column-4\">01\/02\/2021 - 30\/04\/2021<\/td><td class=\"column-5\">7\/2021\t<\/td><td class=\"column-6\">Dispensa<\/td><td class=\"column-7\">Menor Pre\u00e7o Por Item<\/td><td class=\"column-8\"><\/td><td class=\"column-9\">Contrata\u00e7\u00e3o de empresa especializada em Consultoria e Assessoria Cont\u00e1bil para execu\u00e7\u00e3o dos seguintes servi\u00e7os: Elabora\u00e7\u00e3o do PPA (Plano Plurianual), LDO (Lei de Diretrizes Or\u00e7ament\u00e1rias), LOA (Lei Or\u00e7ament\u00e1ria Anual); Servi\u00e7os de Contabilidade p\u00fablica, financeira e or\u00e7ament\u00e1ria, integrada com a folha de pagamento dos servidores e gera\u00e7\u00e3o de relat\u00f3rios gerais; Atender o cumprimento das normas e legisla\u00e7\u00e3o que regem a contabilidade p\u00fablica, al\u00e9m de elabora\u00e7\u00e3o de pe\u00e7as cont\u00e1beis exigidas pelos \u00f3rg\u00e3os de controles: Tribunal de Contas do Estado \u2013 TCE\/RN, Secretaria do Tesouro Nacional \u2013 STN, Fundo Nacional de Sa\u00fade \u2013 FNS, Fundo Nacional de Assist\u00eancia Social \u2013 FNAS e o Fundo Nacional de Educa\u00e7\u00e3o \u2013 FNDE, bem como as novas Normas Brasileiras de Contabilidade Aplicadas ao Setor P\u00fablico \u2013 NBCASP, e poss\u00edveis altera\u00e7\u00f5es que ocorrerem posteriores a contrata\u00e7\u00e3o.<\/td><td class=\"column-10\">13110000 - Transfer\u00eancia de Recursos do Fundo Nacional de Assist\u00eancia Social - FNAS<\/td><td class=\"column-11\">74910<\/td><td class=\"column-12\">07.355.573\/0001-87<\/td><td class=\"column-13\">FRANCISCO ROBERTO FERREIRA DANTAS - ME<\/td><td class=\"column-14\">RAFAEL ANDERSON DE ARA\u00daJO SILVA<\/td><td class=\"column-15\"><\/td><td class=\"column-16\"><\/td><td class=\"column-17\"><\/td><td class=\"column-18\"><\/td><td class=\"column-19\">0<\/td><td class=\"column-20\"><\/td><td class=\"column-21\">7990<\/td><td class=\"column-22\">27\/05\/2021<\/td><td class=\"column-23\">28\/05\/2021<\/td><td class=\"column-24\">7990<\/td>\n<\/tr>\n<tr class=\"row-158\">\n\t<td class=\"column-1\">5\/2021\t<\/td><td class=\"column-2\">01\/02\/2021<\/td><td class=\"column-3\">02\/02\/2021<\/td><td class=\"column-4\">01\/02\/2021 - 30\/04\/2021<\/td><td class=\"column-5\">7\/2021\t<\/td><td class=\"column-6\">Dispensa<\/td><td class=\"column-7\">Menor Pre\u00e7o Por Item<\/td><td class=\"column-8\"><\/td><td class=\"column-9\">Contrata\u00e7\u00e3o de empresa especializada em Consultoria e Assessoria Cont\u00e1bil para execu\u00e7\u00e3o dos seguintes servi\u00e7os: Elabora\u00e7\u00e3o do PPA (Plano Plurianual), LDO (Lei de Diretrizes Or\u00e7ament\u00e1rias), LOA (Lei Or\u00e7ament\u00e1ria Anual); Servi\u00e7os de Contabilidade p\u00fablica, financeira e or\u00e7ament\u00e1ria, integrada com a folha de pagamento dos servidores e gera\u00e7\u00e3o de relat\u00f3rios gerais; Atender o cumprimento das normas e legisla\u00e7\u00e3o que regem a contabilidade p\u00fablica, al\u00e9m de elabora\u00e7\u00e3o de pe\u00e7as cont\u00e1beis exigidas pelos \u00f3rg\u00e3os de controles: Tribunal de Contas do Estado \u2013 TCE\/RN, Secretaria do Tesouro Nacional \u2013 STN, Fundo Nacional de Sa\u00fade \u2013 FNS, Fundo Nacional de Assist\u00eancia Social \u2013 FNAS e o Fundo Nacional de Educa\u00e7\u00e3o \u2013 FNDE, bem como as novas Normas Brasileiras de Contabilidade Aplicadas ao Setor P\u00fablico \u2013 NBCASP, e poss\u00edveis altera\u00e7\u00f5es que ocorrerem posteriores a contrata\u00e7\u00e3o.<\/td><td class=\"column-10\">13110000 - Transfer\u00eancia de Recursos do Fundo Nacional de Assist\u00eancia Social - FNAS<\/td><td class=\"column-11\">74910<\/td><td class=\"column-12\">07.355.573\/0001-87<\/td><td class=\"column-13\">FRANCISCO ROBERTO FERREIRA DANTAS - ME<\/td><td class=\"column-14\">RAFAEL ANDERSON DE ARA\u00daJO SILVA<\/td><td class=\"column-15\"><\/td><td class=\"column-16\"><\/td><td class=\"column-17\"><\/td><td class=\"column-18\"><\/td><td class=\"column-19\">0<\/td><td class=\"column-20\"><\/td><td class=\"column-21\">10490<\/td><td class=\"column-22\">27\/05\/2021<\/td><td class=\"column-23\"><\/td><td class=\"column-24\"><\/td>\n<\/tr>\n<tr class=\"row-159\">\n\t<td class=\"column-1\">5\/2021\t<\/td><td class=\"column-2\">01\/02\/2021<\/td><td class=\"column-3\">02\/02\/2021<\/td><td class=\"column-4\">01\/02\/2021 - 30\/04\/2021<\/td><td class=\"column-5\">7\/2021\t<\/td><td class=\"column-6\">Dispensa<\/td><td class=\"column-7\">Menor Pre\u00e7o Por Item<\/td><td class=\"column-8\"><\/td><td class=\"column-9\">Contrata\u00e7\u00e3o de empresa especializada em Consultoria e Assessoria Cont\u00e1bil para execu\u00e7\u00e3o dos seguintes servi\u00e7os: Elabora\u00e7\u00e3o do PPA (Plano Plurianual), LDO (Lei de Diretrizes Or\u00e7ament\u00e1rias), LOA (Lei Or\u00e7ament\u00e1ria Anual); Servi\u00e7os de Contabilidade p\u00fablica, financeira e or\u00e7ament\u00e1ria, integrada com a folha de pagamento dos servidores e gera\u00e7\u00e3o de relat\u00f3rios gerais; Atender o cumprimento das normas e legisla\u00e7\u00e3o que regem a contabilidade p\u00fablica, al\u00e9m de elabora\u00e7\u00e3o de pe\u00e7as cont\u00e1beis exigidas pelos \u00f3rg\u00e3os de controles: Tribunal de Contas do Estado \u2013 TCE\/RN, Secretaria do Tesouro Nacional \u2013 STN, Fundo Nacional de Sa\u00fade \u2013 FNS, Fundo Nacional de Assist\u00eancia Social \u2013 FNAS e o Fundo Nacional de Educa\u00e7\u00e3o \u2013 FNDE, bem como as novas Normas Brasileiras de Contabilidade Aplicadas ao Setor P\u00fablico \u2013 NBCASP, e poss\u00edveis altera\u00e7\u00f5es que ocorrerem posteriores a contrata\u00e7\u00e3o.<\/td><td class=\"column-10\">13110000 - Transfer\u00eancia de Recursos do Fundo Nacional de Assist\u00eancia Social - FNAS<\/td><td class=\"column-11\">74910<\/td><td class=\"column-12\">07.355.573\/0001-87<\/td><td class=\"column-13\">FRANCISCO ROBERTO FERREIRA DANTAS - ME<\/td><td class=\"column-14\">RAFAEL ANDERSON DE ARA\u00daJO SILVA<\/td><td class=\"column-15\"><\/td><td class=\"column-16\"><\/td><td class=\"column-17\"><\/td><td class=\"column-18\"><\/td><td class=\"column-19\">0<\/td><td class=\"column-20\"><\/td><td class=\"column-21\">10490<\/td><td class=\"column-22\">27\/05\/2021<\/td><td class=\"column-23\">28\/05\/2021<\/td><td class=\"column-24\">10490<\/td>\n<\/tr>\n<tr class=\"row-160\">\n\t<td class=\"column-1\">5\/2021\t<\/td><td class=\"column-2\">01\/02\/2021<\/td><td class=\"column-3\">02\/02\/2021<\/td><td class=\"column-4\">01\/02\/2021 - 30\/04\/2021<\/td><td class=\"column-5\">7\/2021\t<\/td><td class=\"column-6\">Dispensa<\/td><td class=\"column-7\">Menor Pre\u00e7o Por Item<\/td><td class=\"column-8\"><\/td><td class=\"column-9\">Contrata\u00e7\u00e3o de empresa especializada em Consultoria e Assessoria Cont\u00e1bil para execu\u00e7\u00e3o dos seguintes servi\u00e7os: Elabora\u00e7\u00e3o do PPA (Plano Plurianual), LDO (Lei de Diretrizes Or\u00e7ament\u00e1rias), LOA (Lei Or\u00e7ament\u00e1ria Anual); Servi\u00e7os de Contabilidade p\u00fablica, financeira e or\u00e7ament\u00e1ria, integrada com a folha de pagamento dos servidores e gera\u00e7\u00e3o de relat\u00f3rios gerais; Atender o cumprimento das normas e legisla\u00e7\u00e3o que regem a contabilidade p\u00fablica, al\u00e9m de elabora\u00e7\u00e3o de pe\u00e7as cont\u00e1beis exigidas pelos \u00f3rg\u00e3os de controles: Tribunal de Contas do Estado \u2013 TCE\/RN, Secretaria do Tesouro Nacional \u2013 STN, Fundo Nacional de Sa\u00fade \u2013 FNS, Fundo Nacional de Assist\u00eancia Social \u2013 FNAS e o Fundo Nacional de Educa\u00e7\u00e3o \u2013 FNDE, bem como as novas Normas Brasileiras de Contabilidade Aplicadas ao Setor P\u00fablico \u2013 NBCASP, e poss\u00edveis altera\u00e7\u00f5es que ocorrerem posteriores a contrata\u00e7\u00e3o.<\/td><td class=\"column-10\">13110000 - Transfer\u00eancia de Recursos do Fundo Nacional de Assist\u00eancia Social - FNAS<\/td><td class=\"column-11\">74910<\/td><td class=\"column-12\">07.355.573\/0001-87<\/td><td class=\"column-13\">FRANCISCO ROBERTO FERREIRA DANTAS - ME<\/td><td class=\"column-14\">RAFAEL ANDERSON DE ARA\u00daJO SILVA<\/td><td class=\"column-15\"><\/td><td class=\"column-16\"><\/td><td class=\"column-17\"><\/td><td class=\"column-18\"><\/td><td class=\"column-19\">0<\/td><td class=\"column-20\"><\/td><td class=\"column-21\">6490<\/td><td class=\"column-22\">28\/04\/2021<\/td><td class=\"column-23\">29\/04\/2021<\/td><td class=\"column-24\">6490<\/td>\n<\/tr>\n<tr class=\"row-161\">\n\t<td class=\"column-1\">5\/2021\t<\/td><td class=\"column-2\">01\/02\/2021<\/td><td class=\"column-3\">02\/02\/2021<\/td><td class=\"column-4\">01\/02\/2021 - 30\/04\/2021<\/td><td class=\"column-5\">7\/2021\t<\/td><td class=\"column-6\">Dispensa<\/td><td class=\"column-7\">Menor Pre\u00e7o Por Item<\/td><td class=\"column-8\"><\/td><td class=\"column-9\">Contrata\u00e7\u00e3o de empresa especializada em Consultoria e Assessoria Cont\u00e1bil para execu\u00e7\u00e3o dos seguintes servi\u00e7os: Elabora\u00e7\u00e3o do PPA (Plano Plurianual), LDO (Lei de Diretrizes Or\u00e7ament\u00e1rias), LOA (Lei Or\u00e7ament\u00e1ria Anual); Servi\u00e7os de Contabilidade p\u00fablica, financeira e or\u00e7ament\u00e1ria, integrada com a folha de pagamento dos servidores e gera\u00e7\u00e3o de relat\u00f3rios gerais; Atender o cumprimento das normas e legisla\u00e7\u00e3o que regem a contabilidade p\u00fablica, al\u00e9m de elabora\u00e7\u00e3o de pe\u00e7as cont\u00e1beis exigidas pelos \u00f3rg\u00e3os de controles: Tribunal de Contas do Estado \u2013 TCE\/RN, Secretaria do Tesouro Nacional \u2013 STN, Fundo Nacional de Sa\u00fade \u2013 FNS, Fundo Nacional de Assist\u00eancia Social \u2013 FNAS e o Fundo Nacional de Educa\u00e7\u00e3o \u2013 FNDE, bem como as novas Normas Brasileiras de Contabilidade Aplicadas ao Setor P\u00fablico \u2013 NBCASP, e poss\u00edveis altera\u00e7\u00f5es que ocorrerem posteriores a contrata\u00e7\u00e3o.<\/td><td class=\"column-10\">13110000 - Transfer\u00eancia de Recursos do Fundo Nacional de Assist\u00eancia Social - FNAS<\/td><td class=\"column-11\">74910<\/td><td class=\"column-12\">07.355.573\/0001-87<\/td><td class=\"column-13\">FRANCISCO ROBERTO FERREIRA DANTAS - ME<\/td><td class=\"column-14\">RAFAEL ANDERSON DE ARA\u00daJO SILVA<\/td><td class=\"column-15\"><\/td><td class=\"column-16\"><\/td><td class=\"column-17\"><\/td><td class=\"column-18\"><\/td><td class=\"column-19\">0<\/td><td class=\"column-20\"><\/td><td class=\"column-21\">6490<\/td><td class=\"column-22\">29\/04\/2021<\/td><td class=\"column-23\"><\/td><td class=\"column-24\"><\/td>\n<\/tr>\n<tr class=\"row-162\">\n\t<td class=\"column-1\">5\/2021\t<\/td><td class=\"column-2\">01\/02\/2021<\/td><td class=\"column-3\">02\/02\/2021<\/td><td class=\"column-4\">01\/02\/2021 - 30\/04\/2021<\/td><td class=\"column-5\">7\/2021\t<\/td><td class=\"column-6\">Dispensa<\/td><td class=\"column-7\">Menor Pre\u00e7o Por Item<\/td><td class=\"column-8\"><\/td><td class=\"column-9\">Contrata\u00e7\u00e3o de empresa especializada em Consultoria e Assessoria Cont\u00e1bil para execu\u00e7\u00e3o dos seguintes servi\u00e7os: Elabora\u00e7\u00e3o do PPA (Plano Plurianual), LDO (Lei de Diretrizes Or\u00e7ament\u00e1rias), LOA (Lei Or\u00e7ament\u00e1ria Anual); Servi\u00e7os de Contabilidade p\u00fablica, financeira e or\u00e7ament\u00e1ria, integrada com a folha de pagamento dos servidores e gera\u00e7\u00e3o de relat\u00f3rios gerais; Atender o cumprimento das normas e legisla\u00e7\u00e3o que regem a contabilidade p\u00fablica, al\u00e9m de elabora\u00e7\u00e3o de pe\u00e7as cont\u00e1beis exigidas pelos \u00f3rg\u00e3os de controles: Tribunal de Contas do Estado \u2013 TCE\/RN, Secretaria do Tesouro Nacional \u2013 STN, Fundo Nacional de Sa\u00fade \u2013 FNS, Fundo Nacional de Assist\u00eancia Social \u2013 FNAS e o Fundo Nacional de Educa\u00e7\u00e3o \u2013 FNDE, bem como as novas Normas Brasileiras de Contabilidade Aplicadas ao Setor P\u00fablico \u2013 NBCASP, e poss\u00edveis altera\u00e7\u00f5es que ocorrerem posteriores a contrata\u00e7\u00e3o.<\/td><td class=\"column-10\">13110000 - Transfer\u00eancia de Recursos do Fundo Nacional de Assist\u00eancia Social - FNAS<\/td><td class=\"column-11\">74910<\/td><td class=\"column-12\">07.355.573\/0001-87<\/td><td class=\"column-13\">FRANCISCO ROBERTO FERREIRA DANTAS - ME<\/td><td class=\"column-14\">RAFAEL ANDERSON DE ARA\u00daJO SILVA<\/td><td class=\"column-15\"><\/td><td class=\"column-16\"><\/td><td class=\"column-17\"><\/td><td class=\"column-18\"><\/td><td class=\"column-19\">0<\/td><td class=\"column-20\"><\/td><td class=\"column-21\">7990<\/td><td class=\"column-22\">29\/04\/2021<\/td><td class=\"column-23\"><\/td><td class=\"column-24\"><\/td>\n<\/tr>\n<tr class=\"row-163\">\n\t<td class=\"column-1\">5\/2021\t<\/td><td class=\"column-2\">01\/02\/2021<\/td><td class=\"column-3\">02\/02\/2021<\/td><td class=\"column-4\">01\/02\/2021 - 30\/04\/2021<\/td><td class=\"column-5\">7\/2021\t<\/td><td class=\"column-6\">Dispensa<\/td><td class=\"column-7\">Menor Pre\u00e7o Por Item<\/td><td class=\"column-8\"><\/td><td class=\"column-9\">Contrata\u00e7\u00e3o de empresa especializada em Consultoria e Assessoria Cont\u00e1bil para execu\u00e7\u00e3o dos seguintes servi\u00e7os: Elabora\u00e7\u00e3o do PPA (Plano Plurianual), LDO (Lei de Diretrizes Or\u00e7ament\u00e1rias), LOA (Lei Or\u00e7ament\u00e1ria Anual); Servi\u00e7os de Contabilidade p\u00fablica, financeira e or\u00e7ament\u00e1ria, integrada com a folha de pagamento dos servidores e gera\u00e7\u00e3o de relat\u00f3rios gerais; Atender o cumprimento das normas e legisla\u00e7\u00e3o que regem a contabilidade p\u00fablica, al\u00e9m de elabora\u00e7\u00e3o de pe\u00e7as cont\u00e1beis exigidas pelos \u00f3rg\u00e3os de controles: Tribunal de Contas do Estado \u2013 TCE\/RN, Secretaria do Tesouro Nacional \u2013 STN, Fundo Nacional de Sa\u00fade \u2013 FNS, Fundo Nacional de Assist\u00eancia Social \u2013 FNAS e o Fundo Nacional de Educa\u00e7\u00e3o \u2013 FNDE, bem como as novas Normas Brasileiras de Contabilidade Aplicadas ao Setor P\u00fablico \u2013 NBCASP, e poss\u00edveis altera\u00e7\u00f5es que ocorrerem posteriores a contrata\u00e7\u00e3o.<\/td><td class=\"column-10\">13110000 - Transfer\u00eancia de Recursos do Fundo Nacional de Assist\u00eancia Social - FNAS<\/td><td class=\"column-11\">74910<\/td><td class=\"column-12\">07.355.573\/0001-87<\/td><td class=\"column-13\">FRANCISCO ROBERTO FERREIRA DANTAS - ME<\/td><td class=\"column-14\">RAFAEL ANDERSON DE ARA\u00daJO SILVA<\/td><td class=\"column-15\"><\/td><td class=\"column-16\"><\/td><td class=\"column-17\"><\/td><td class=\"column-18\"><\/td><td class=\"column-19\">0<\/td><td class=\"column-20\"><\/td><td class=\"column-21\">7990<\/td><td class=\"column-22\">29\/04\/2021<\/td><td class=\"column-23\">29\/04\/2021<\/td><td class=\"column-24\">7990<\/td>\n<\/tr>\n<tr class=\"row-164\">\n\t<td class=\"column-1\">5\/2021\t<\/td><td class=\"column-2\">01\/02\/2021<\/td><td class=\"column-3\">02\/02\/2021<\/td><td class=\"column-4\">01\/02\/2021 - 30\/04\/2021<\/td><td class=\"column-5\">7\/2021\t<\/td><td class=\"column-6\">Dispensa<\/td><td class=\"column-7\">Menor Pre\u00e7o Por Item<\/td><td class=\"column-8\"><\/td><td class=\"column-9\">Contrata\u00e7\u00e3o de empresa especializada em Consultoria e Assessoria Cont\u00e1bil para execu\u00e7\u00e3o dos seguintes servi\u00e7os: Elabora\u00e7\u00e3o do PPA (Plano Plurianual), LDO (Lei de Diretrizes Or\u00e7ament\u00e1rias), LOA (Lei Or\u00e7ament\u00e1ria Anual); Servi\u00e7os de Contabilidade p\u00fablica, financeira e or\u00e7ament\u00e1ria, integrada com a folha de pagamento dos servidores e gera\u00e7\u00e3o de relat\u00f3rios gerais; Atender o cumprimento das normas e legisla\u00e7\u00e3o que regem a contabilidade p\u00fablica, al\u00e9m de elabora\u00e7\u00e3o de pe\u00e7as cont\u00e1beis exigidas pelos \u00f3rg\u00e3os de controles: Tribunal de Contas do Estado \u2013 TCE\/RN, Secretaria do Tesouro Nacional \u2013 STN, Fundo Nacional de Sa\u00fade \u2013 FNS, Fundo Nacional de Assist\u00eancia Social \u2013 FNAS e o Fundo Nacional de Educa\u00e7\u00e3o \u2013 FNDE, bem como as novas Normas Brasileiras de Contabilidade Aplicadas ao Setor P\u00fablico \u2013 NBCASP, e poss\u00edveis altera\u00e7\u00f5es que ocorrerem posteriores a contrata\u00e7\u00e3o.<\/td><td class=\"column-10\">13110000 - Transfer\u00eancia de Recursos do Fundo Nacional de Assist\u00eancia Social - FNAS<\/td><td class=\"column-11\">74910<\/td><td class=\"column-12\">07.355.573\/0001-87<\/td><td class=\"column-13\">FRANCISCO ROBERTO FERREIRA DANTAS - ME<\/td><td class=\"column-14\">RAFAEL ANDERSON DE ARA\u00daJO SILVA<\/td><td class=\"column-15\"><\/td><td class=\"column-16\"><\/td><td class=\"column-17\"><\/td><td class=\"column-18\"><\/td><td class=\"column-19\">0<\/td><td class=\"column-20\"><\/td><td class=\"column-21\">10490<\/td><td class=\"column-22\">29\/04\/2021<\/td><td class=\"column-23\"><\/td><td class=\"column-24\"><\/td>\n<\/tr>\n<tr class=\"row-165\">\n\t<td class=\"column-1\">5\/2021\t<\/td><td class=\"column-2\">01\/02\/2021<\/td><td class=\"column-3\">02\/02\/2021<\/td><td class=\"column-4\">01\/02\/2021 - 30\/04\/2021<\/td><td class=\"column-5\">7\/2021\t<\/td><td class=\"column-6\">Dispensa<\/td><td class=\"column-7\">Menor Pre\u00e7o Por Item<\/td><td class=\"column-8\"><\/td><td class=\"column-9\">Contrata\u00e7\u00e3o de empresa especializada em Consultoria e Assessoria Cont\u00e1bil para execu\u00e7\u00e3o dos seguintes servi\u00e7os: Elabora\u00e7\u00e3o do PPA (Plano Plurianual), LDO (Lei de Diretrizes Or\u00e7ament\u00e1rias), LOA (Lei Or\u00e7ament\u00e1ria Anual); Servi\u00e7os de Contabilidade p\u00fablica, financeira e or\u00e7ament\u00e1ria, integrada com a folha de pagamento dos servidores e gera\u00e7\u00e3o de relat\u00f3rios gerais; Atender o cumprimento das normas e legisla\u00e7\u00e3o que regem a contabilidade p\u00fablica, al\u00e9m de elabora\u00e7\u00e3o de pe\u00e7as cont\u00e1beis exigidas pelos \u00f3rg\u00e3os de controles: Tribunal de Contas do Estado \u2013 TCE\/RN, Secretaria do Tesouro Nacional \u2013 STN, Fundo Nacional de Sa\u00fade \u2013 FNS, Fundo Nacional de Assist\u00eancia Social \u2013 FNAS e o Fundo Nacional de Educa\u00e7\u00e3o \u2013 FNDE, bem como as novas Normas Brasileiras de Contabilidade Aplicadas ao Setor P\u00fablico \u2013 NBCASP, e poss\u00edveis altera\u00e7\u00f5es que ocorrerem posteriores a contrata\u00e7\u00e3o.<\/td><td class=\"column-10\">13110000 - Transfer\u00eancia de Recursos do Fundo Nacional de Assist\u00eancia Social - FNAS<\/td><td class=\"column-11\">74910<\/td><td class=\"column-12\">07.355.573\/0001-87<\/td><td class=\"column-13\">FRANCISCO ROBERTO FERREIRA DANTAS - ME<\/td><td class=\"column-14\">RAFAEL ANDERSON DE ARA\u00daJO SILVA<\/td><td class=\"column-15\"><\/td><td class=\"column-16\"><\/td><td class=\"column-17\"><\/td><td class=\"column-18\"><\/td><td class=\"column-19\">0<\/td><td class=\"column-20\"><\/td><td class=\"column-21\">10490<\/td><td class=\"column-22\">29\/04\/2021<\/td><td class=\"column-23\">29\/04\/2021<\/td><td class=\"column-24\">10490<\/td>\n<\/tr>\n<tr class=\"row-166\">\n\t<td class=\"column-1\">5\/2021\t<\/td><td class=\"column-2\">01\/02\/2021<\/td><td class=\"column-3\">02\/02\/2021<\/td><td class=\"column-4\">01\/02\/2021 - 30\/04\/2021<\/td><td class=\"column-5\">7\/2021\t<\/td><td class=\"column-6\">Dispensa<\/td><td class=\"column-7\">Menor Pre\u00e7o Por Item<\/td><td class=\"column-8\"><\/td><td class=\"column-9\">Contrata\u00e7\u00e3o de empresa especializada em Consultoria e Assessoria Cont\u00e1bil para execu\u00e7\u00e3o dos seguintes servi\u00e7os: Elabora\u00e7\u00e3o do PPA (Plano Plurianual), LDO (Lei de Diretrizes Or\u00e7ament\u00e1rias), LOA (Lei Or\u00e7ament\u00e1ria Anual); Servi\u00e7os de Contabilidade p\u00fablica, financeira e or\u00e7ament\u00e1ria, integrada com a folha de pagamento dos servidores e gera\u00e7\u00e3o de relat\u00f3rios gerais; Atender o cumprimento das normas e legisla\u00e7\u00e3o que regem a contabilidade p\u00fablica, al\u00e9m de elabora\u00e7\u00e3o de pe\u00e7as cont\u00e1beis exigidas pelos \u00f3rg\u00e3os de controles: Tribunal de Contas do Estado \u2013 TCE\/RN, Secretaria do Tesouro Nacional \u2013 STN, Fundo Nacional de Sa\u00fade \u2013 FNS, Fundo Nacional de Assist\u00eancia Social \u2013 FNAS e o Fundo Nacional de Educa\u00e7\u00e3o \u2013 FNDE, bem como as novas Normas Brasileiras de Contabilidade Aplicadas ao Setor P\u00fablico \u2013 NBCASP, e poss\u00edveis altera\u00e7\u00f5es que ocorrerem posteriores a contrata\u00e7\u00e3o.<\/td><td class=\"column-10\">13110000 - Transfer\u00eancia de Recursos do Fundo Nacional de Assist\u00eancia Social - FNAS<\/td><td class=\"column-11\">74910<\/td><td class=\"column-12\">07.355.573\/0001-87<\/td><td class=\"column-13\">FRANCISCO ROBERTO FERREIRA DANTAS - ME<\/td><td class=\"column-14\">RAFAEL ANDERSON DE ARA\u00daJO SILVA<\/td><td class=\"column-15\"><\/td><td class=\"column-16\"><\/td><td class=\"column-17\"><\/td><td class=\"column-18\"><\/td><td class=\"column-19\">0<\/td><td class=\"column-20\"><\/td><td class=\"column-21\">6490<\/td><td class=\"column-22\">30\/03\/2021<\/td><td class=\"column-23\">31\/03\/2021<\/td><td class=\"column-24\">6490<\/td>\n<\/tr>\n<tr class=\"row-167\">\n\t<td class=\"column-1\">5\/2021\t<\/td><td class=\"column-2\">01\/02\/2021<\/td><td class=\"column-3\">02\/02\/2021<\/td><td class=\"column-4\">01\/02\/2021 - 30\/04\/2021<\/td><td class=\"column-5\">7\/2021\t<\/td><td class=\"column-6\">Dispensa<\/td><td class=\"column-7\">Menor Pre\u00e7o Por Item<\/td><td class=\"column-8\"><\/td><td class=\"column-9\">Contrata\u00e7\u00e3o de empresa especializada em Consultoria e Assessoria Cont\u00e1bil para execu\u00e7\u00e3o dos seguintes servi\u00e7os: Elabora\u00e7\u00e3o do PPA (Plano Plurianual), LDO (Lei de Diretrizes Or\u00e7ament\u00e1rias), LOA (Lei Or\u00e7ament\u00e1ria Anual); Servi\u00e7os de Contabilidade p\u00fablica, financeira e or\u00e7ament\u00e1ria, integrada com a folha de pagamento dos servidores e gera\u00e7\u00e3o de relat\u00f3rios gerais; Atender o cumprimento das normas e legisla\u00e7\u00e3o que regem a contabilidade p\u00fablica, al\u00e9m de elabora\u00e7\u00e3o de pe\u00e7as cont\u00e1beis exigidas pelos \u00f3rg\u00e3os de controles: Tribunal de Contas do Estado \u2013 TCE\/RN, Secretaria do Tesouro Nacional \u2013 STN, Fundo Nacional de Sa\u00fade \u2013 FNS, Fundo Nacional de Assist\u00eancia Social \u2013 FNAS e o Fundo Nacional de Educa\u00e7\u00e3o \u2013 FNDE, bem como as novas Normas Brasileiras de Contabilidade Aplicadas ao Setor P\u00fablico \u2013 NBCASP, e poss\u00edveis altera\u00e7\u00f5es que ocorrerem posteriores a contrata\u00e7\u00e3o.<\/td><td class=\"column-10\">13110000 - Transfer\u00eancia de Recursos do Fundo Nacional de Assist\u00eancia Social - FNAS<\/td><td class=\"column-11\">74910<\/td><td class=\"column-12\">07.355.573\/0001-87<\/td><td class=\"column-13\">FRANCISCO ROBERTO FERREIRA DANTAS - ME<\/td><td class=\"column-14\">RAFAEL ANDERSON DE ARA\u00daJO SILVA<\/td><td class=\"column-15\"><\/td><td class=\"column-16\"><\/td><td class=\"column-17\"><\/td><td class=\"column-18\"><\/td><td class=\"column-19\">0<\/td><td class=\"column-20\"><\/td><td class=\"column-21\">7990<\/td><td class=\"column-22\">30\/03\/2021<\/td><td class=\"column-23\">31\/03\/2021<\/td><td class=\"column-24\">7990<\/td>\n<\/tr>\n<tr class=\"row-168\">\n\t<td class=\"column-1\">5\/2021\t<\/td><td class=\"column-2\">01\/02\/2021<\/td><td class=\"column-3\">02\/02\/2021<\/td><td class=\"column-4\">01\/02\/2021 - 30\/04\/2021<\/td><td class=\"column-5\">7\/2021\t<\/td><td class=\"column-6\">Dispensa<\/td><td class=\"column-7\">Menor Pre\u00e7o Por Item<\/td><td class=\"column-8\"><\/td><td class=\"column-9\">Contrata\u00e7\u00e3o de empresa especializada em Consultoria e Assessoria Cont\u00e1bil para execu\u00e7\u00e3o dos seguintes servi\u00e7os: Elabora\u00e7\u00e3o do PPA (Plano Plurianual), LDO (Lei de Diretrizes Or\u00e7ament\u00e1rias), LOA (Lei Or\u00e7ament\u00e1ria Anual); Servi\u00e7os de Contabilidade p\u00fablica, financeira e or\u00e7ament\u00e1ria, integrada com a folha de pagamento dos servidores e gera\u00e7\u00e3o de relat\u00f3rios gerais; Atender o cumprimento das normas e legisla\u00e7\u00e3o que regem a contabilidade p\u00fablica, al\u00e9m de elabora\u00e7\u00e3o de pe\u00e7as cont\u00e1beis exigidas pelos \u00f3rg\u00e3os de controles: Tribunal de Contas do Estado \u2013 TCE\/RN, Secretaria do Tesouro Nacional \u2013 STN, Fundo Nacional de Sa\u00fade \u2013 FNS, Fundo Nacional de Assist\u00eancia Social \u2013 FNAS e o Fundo Nacional de Educa\u00e7\u00e3o \u2013 FNDE, bem como as novas Normas Brasileiras de Contabilidade Aplicadas ao Setor P\u00fablico \u2013 NBCASP, e poss\u00edveis altera\u00e7\u00f5es que ocorrerem posteriores a contrata\u00e7\u00e3o.<\/td><td class=\"column-10\">13110000 - Transfer\u00eancia de Recursos do Fundo Nacional de Assist\u00eancia Social - FNAS<\/td><td class=\"column-11\">74910<\/td><td class=\"column-12\">07.355.573\/0001-87<\/td><td class=\"column-13\">FRANCISCO ROBERTO FERREIRA DANTAS - ME<\/td><td class=\"column-14\">RAFAEL ANDERSON DE ARA\u00daJO SILVA<\/td><td class=\"column-15\"><\/td><td class=\"column-16\"><\/td><td class=\"column-17\"><\/td><td class=\"column-18\"><\/td><td class=\"column-19\">0<\/td><td class=\"column-20\"><\/td><td class=\"column-21\">10490<\/td><td class=\"column-22\">30\/03\/2021<\/td><td class=\"column-23\">31\/03\/2021<\/td><td class=\"column-24\">10490<\/td>\n<\/tr>\n<tr class=\"row-169\">\n\t<td class=\"column-1\">5\/2021\t<\/td><td class=\"column-2\">29\/04\/2021<\/td><td class=\"column-3\"><\/td><td class=\"column-4\"><\/td><td class=\"column-5\">7\/2021\t<\/td><td class=\"column-6\">Dispensa<\/td><td class=\"column-7\">Menor Pre\u00e7o Por Item<\/td><td class=\"column-8\"><\/td><td class=\"column-9\"><\/td><td class=\"column-10\">13110000 - Transfer\u00eancia de Recursos do Fundo Nacional de Assist\u00eancia Social - FNAS<\/td><td class=\"column-11\">0<\/td><td class=\"column-12\">07.355.573\/0001-87<\/td><td class=\"column-13\">FRANCISCO ROBERTO FERREIRA DANTAS - ME<\/td><td class=\"column-14\"><\/td><td class=\"column-15\">1<\/td><td class=\"column-16\">29\/04\/2021<\/td><td class=\"column-17\">30\/04\/2021<\/td><td class=\"column-18\">O presente aditivo \u00e9 de prorroga\u00e7\u00e3o de prazo de at\u00e9 90 (noventa) dias, visando \u00e0 continua\u00e7\u00e3o da PRESTA\u00c7\u00c3O DE SERVI\u00c7OS ESPECIALIZADOS EM CONSULTORIA E ASSESSORIA CONT\u00c1BIL<\/td><td class=\"column-19\">74910<\/td><td class=\"column-20\">3,00 m\u00eas(es)<\/td><td class=\"column-21\"><\/td><td class=\"column-22\"><\/td><td class=\"column-23\"><\/td><td class=\"column-24\"><\/td>\n<\/tr>\n<tr class=\"row-170\">\n\t<td class=\"column-1\">6\/2021\t<\/td><td class=\"column-2\">01\/02\/2021<\/td><td class=\"column-3\">03\/02\/2021<\/td><td class=\"column-4\">01\/02\/2021 - 31\/12\/2021<\/td><td class=\"column-5\">0\/0\t<\/td><td class=\"column-6\">N\u00e3o Aplic\u00e1vel<\/td><td class=\"column-7\"><\/td><td class=\"column-8\"><\/td><td class=\"column-9\">CONTRATA\u00c7\u00c3O DE EMPRESA PARA PRESTA\u00c7\u00c3O DOS SERVI\u00c7OS DE ATENDIMENTO A PESSOAS SUBMETIDAS \u00c0 PREVEN\u00c7\u00c3O, DIAGN\u00d3STICO E TRATAMENTO DE NEOPLASIAS, COMO TAMB\u00c9M EXAMES DE APOIO \u00c0 DIAGNOSE DE M\u00c9DIA E ALTA COMPLEXIDADE, AMBULATORIAIS SEM CAR\u00c1TER DE EXCLUSIVIDADE, A SEREM PRESTADOS AOS MUN\u00cdCIPES ENCAMINHADOS PELA SECRETARIA MUNICIPAL DE SA\u00daDE, BEM COMO A REALIZA\u00c7\u00c3O DE EXAMES PREVISTOS NO ANEXO I TABELA DE REFER\u00caNCIA DE PRE\u00c7OS 2021.<\/td><td class=\"column-10\"><\/td><td class=\"column-11\">110000<\/td><td class=\"column-12\">08.428.765\/0001-39<\/td><td class=\"column-13\"> Liga Norte Riograndense Contra o C\u00e2ncer<\/td><td class=\"column-14\">RAFAEL ANDERSON DE ARA\u00daJO SILVA<\/td><td class=\"column-15\"><\/td><td class=\"column-16\"><\/td><td class=\"column-17\"><\/td><td class=\"column-18\"><\/td><td class=\"column-19\">0<\/td><td class=\"column-20\"><\/td><td class=\"column-21\"><\/td><td class=\"column-22\"><\/td><td class=\"column-23\"><\/td><td class=\"column-24\"><\/td>\n<\/tr>\n<tr class=\"row-171\">\n\t<td class=\"column-1\">7\/2021\t<\/td><td class=\"column-2\">02\/02\/2021<\/td><td class=\"column-3\">03\/02\/2021<\/td><td class=\"column-4\">02\/02\/2021 - 02\/05\/2021<\/td><td class=\"column-5\">8\/2021\t<\/td><td class=\"column-6\">Dispensa<\/td><td class=\"column-7\">Menor Pre\u00e7o Por Item<\/td><td class=\"column-8\"><\/td><td class=\"column-9\">CONTRATA\u00c7\u00c3O DE EMPRESA EMERGENCIAL PARA AQUISI\u00c7\u00c3O DE MATERIAL M\u00c9DICO HOSPITALAR E MEDICAMENTOS DE ORIGENS B\u00c1SICOS, INJET\u00c1VEIS, DE USO HOSPITALAR E DA ATEN\u00c7\u00c3O B\u00c1SICA PARA SUPRIR AS NECESSIDADES DA POPULA\u00c7\u00c3O DESTE MUNIC\u00cdPIO POR USU\u00c1RIOS DO SISTEMA \u00daNICO DE SA\u00daDE (SUS), ATENDIDOS PELA FARM\u00c1CIA MUNICIPAL E UNIDADES B\u00c1SICAS DE SA\u00daDE.<\/td><td class=\"column-10\">12140000 - Transf. Fundo a Fundo de Rec. do SUS provenientes do Governo Federal - Bloco de Manut. das A\u00e7\u00f5es e Servi\u00e7os P\u00fablicos de Sa\u00fade<\/td><td class=\"column-11\">761434.4<\/td><td class=\"column-12\">70.027.479\/0001-35<\/td><td class=\"column-13\">BANDEIRANTES LABORATORIOS PROD. FARM. E HOSP. LTDA<\/td><td class=\"column-14\">RAFAEL ANDERSON DE ARA\u00daJO SILVA<\/td><td class=\"column-15\"><\/td><td class=\"column-16\"><\/td><td class=\"column-17\"><\/td><td class=\"column-18\"><\/td><td class=\"column-19\">0<\/td><td class=\"column-20\"><\/td><td class=\"column-21\"><\/td><td class=\"column-22\"><\/td><td class=\"column-23\"><\/td><td class=\"column-24\"><\/td>\n<\/tr>\n<tr class=\"row-172\">\n\t<td class=\"column-1\">7\/2021\t<\/td><td class=\"column-2\">02\/02\/2021<\/td><td class=\"column-3\">03\/02\/2021<\/td><td class=\"column-4\">02\/02\/2021 - 02\/05\/2021<\/td><td class=\"column-5\">8\/2021\t<\/td><td class=\"column-6\">Dispensa<\/td><td class=\"column-7\">Menor Pre\u00e7o Por Item<\/td><td class=\"column-8\"><\/td><td class=\"column-9\">CONTRATA\u00c7\u00c3O DE EMPRESA EMERGENCIAL PARA AQUISI\u00c7\u00c3O DE MATERIAL M\u00c9DICO HOSPITALAR E MEDICAMENTOS DE ORIGENS B\u00c1SICOS, INJET\u00c1VEIS, DE USO HOSPITALAR E DA ATEN\u00c7\u00c3O B\u00c1SICA PARA SUPRIR AS NECESSIDADES DA POPULA\u00c7\u00c3O DESTE MUNIC\u00cdPIO POR USU\u00c1RIOS DO SISTEMA \u00daNICO DE SA\u00daDE (SUS), ATENDIDOS PELA FARM\u00c1CIA MUNICIPAL E UNIDADES B\u00c1SICAS DE SA\u00daDE.<\/td><td class=\"column-10\">12140000 - Transf. Fundo a Fundo de Rec. do SUS provenientes do Governo Federal - Bloco de Manut. das A\u00e7\u00f5es e Servi\u00e7os P\u00fablicos de Sa\u00fade<\/td><td class=\"column-11\">761434.4<\/td><td class=\"column-12\">70.027.479\/0001-35<\/td><td class=\"column-13\">BANDEIRANTES LABORATORIOS PROD. FARM. E HOSP. LTDA<\/td><td class=\"column-14\">RAFAEL ANDERSON DE ARA\u00daJO SILVA<\/td><td class=\"column-15\"><\/td><td class=\"column-16\"><\/td><td class=\"column-17\"><\/td><td class=\"column-18\"><\/td><td class=\"column-19\">0<\/td><td class=\"column-20\"><\/td><td class=\"column-21\">43668.24<\/td><td class=\"column-22\">02\/06\/2021<\/td><td class=\"column-23\">23\/06\/2021<\/td><td class=\"column-24\">43668.24<\/td>\n<\/tr>\n<tr class=\"row-173\">\n\t<td class=\"column-1\">7\/2021\t<\/td><td class=\"column-2\">02\/02\/2021<\/td><td class=\"column-3\">03\/02\/2021<\/td><td class=\"column-4\">02\/02\/2021 - 02\/05\/2021<\/td><td class=\"column-5\">8\/2021\t<\/td><td class=\"column-6\">Dispensa<\/td><td class=\"column-7\">Menor Pre\u00e7o Por Item<\/td><td class=\"column-8\"><\/td><td class=\"column-9\">CONTRATA\u00c7\u00c3O DE EMPRESA EMERGENCIAL PARA AQUISI\u00c7\u00c3O DE MATERIAL M\u00c9DICO HOSPITALAR E MEDICAMENTOS DE ORIGENS B\u00c1SICOS, INJET\u00c1VEIS, DE USO HOSPITALAR E DA ATEN\u00c7\u00c3O B\u00c1SICA PARA SUPRIR AS NECESSIDADES DA POPULA\u00c7\u00c3O DESTE MUNIC\u00cdPIO POR USU\u00c1RIOS DO SISTEMA \u00daNICO DE SA\u00daDE (SUS), ATENDIDOS PELA FARM\u00c1CIA MUNICIPAL E UNIDADES B\u00c1SICAS DE SA\u00daDE.<\/td><td class=\"column-10\">12140000 - Transf. Fundo a Fundo de Rec. do SUS provenientes do Governo Federal - Bloco de Manut. das A\u00e7\u00f5es e Servi\u00e7os P\u00fablicos de Sa\u00fade<\/td><td class=\"column-11\">761434.4<\/td><td class=\"column-12\">70.027.479\/0001-35<\/td><td class=\"column-13\">BANDEIRANTES LABORATORIOS PROD. FARM. E HOSP. LTDA<\/td><td class=\"column-14\">RAFAEL ANDERSON DE ARA\u00daJO SILVA<\/td><td class=\"column-15\"><\/td><td class=\"column-16\"><\/td><td class=\"column-17\"><\/td><td class=\"column-18\"><\/td><td class=\"column-19\">0<\/td><td class=\"column-20\"><\/td><td class=\"column-21\">77609.17<\/td><td class=\"column-22\">02\/06\/2021<\/td><td class=\"column-23\">23\/06\/2021<\/td><td class=\"column-24\">77609.17<\/td>\n<\/tr>\n<tr class=\"row-174\">\n\t<td class=\"column-1\">7\/2021\t<\/td><td class=\"column-2\">02\/02\/2021<\/td><td class=\"column-3\">03\/02\/2021<\/td><td class=\"column-4\">02\/02\/2021 - 02\/05\/2021<\/td><td class=\"column-5\">8\/2021\t<\/td><td class=\"column-6\">Dispensa<\/td><td class=\"column-7\">Menor Pre\u00e7o Por Item<\/td><td class=\"column-8\"><\/td><td class=\"column-9\">CONTRATA\u00c7\u00c3O DE EMPRESA EMERGENCIAL PARA AQUISI\u00c7\u00c3O DE MATERIAL M\u00c9DICO HOSPITALAR E MEDICAMENTOS DE ORIGENS B\u00c1SICOS, INJET\u00c1VEIS, DE USO HOSPITALAR E DA ATEN\u00c7\u00c3O B\u00c1SICA PARA SUPRIR AS NECESSIDADES DA POPULA\u00c7\u00c3O DESTE MUNIC\u00cdPIO POR USU\u00c1RIOS DO SISTEMA \u00daNICO DE SA\u00daDE (SUS), ATENDIDOS PELA FARM\u00c1CIA MUNICIPAL E UNIDADES B\u00c1SICAS DE SA\u00daDE.<\/td><td class=\"column-10\">12140000 - Transf. Fundo a Fundo de Rec. do SUS provenientes do Governo Federal - Bloco de Manut. das A\u00e7\u00f5es e Servi\u00e7os P\u00fablicos de Sa\u00fade<\/td><td class=\"column-11\">761434.4<\/td><td class=\"column-12\">70.027.479\/0001-35<\/td><td class=\"column-13\">BANDEIRANTES LABORATORIOS PROD. FARM. E HOSP. LTDA<\/td><td class=\"column-14\">RAFAEL ANDERSON DE ARA\u00daJO SILVA<\/td><td class=\"column-15\"><\/td><td class=\"column-16\"><\/td><td class=\"column-17\"><\/td><td class=\"column-18\"><\/td><td class=\"column-19\">0<\/td><td class=\"column-20\"><\/td><td class=\"column-21\">74484.4<\/td><td class=\"column-22\">05\/02\/2021<\/td><td class=\"column-23\">05\/02\/2021<\/td><td class=\"column-24\">74484.4<\/td>\n<\/tr>\n<tr class=\"row-175\">\n\t<td class=\"column-1\">7\/2021\t<\/td><td class=\"column-2\">02\/02\/2021<\/td><td class=\"column-3\">03\/02\/2021<\/td><td class=\"column-4\">02\/02\/2021 - 02\/05\/2021<\/td><td class=\"column-5\">8\/2021\t<\/td><td class=\"column-6\">Dispensa<\/td><td class=\"column-7\">Menor Pre\u00e7o Por Item<\/td><td class=\"column-8\"><\/td><td class=\"column-9\">CONTRATA\u00c7\u00c3O DE EMPRESA EMERGENCIAL PARA AQUISI\u00c7\u00c3O DE MATERIAL M\u00c9DICO HOSPITALAR E MEDICAMENTOS DE ORIGENS B\u00c1SICOS, INJET\u00c1VEIS, DE USO HOSPITALAR E DA ATEN\u00c7\u00c3O B\u00c1SICA PARA SUPRIR AS NECESSIDADES DA POPULA\u00c7\u00c3O DESTE MUNIC\u00cdPIO POR USU\u00c1RIOS DO SISTEMA \u00daNICO DE SA\u00daDE (SUS), ATENDIDOS PELA FARM\u00c1CIA MUNICIPAL E UNIDADES B\u00c1SICAS DE SA\u00daDE.<\/td><td class=\"column-10\">12140000 - Transf. Fundo a Fundo de Rec. do SUS provenientes do Governo Federal - Bloco de Manut. das A\u00e7\u00f5es e Servi\u00e7os P\u00fablicos de Sa\u00fade<\/td><td class=\"column-11\">761434.4<\/td><td class=\"column-12\">70.027.479\/0001-35<\/td><td class=\"column-13\">BANDEIRANTES LABORATORIOS PROD. FARM. E HOSP. LTDA<\/td><td class=\"column-14\">RAFAEL ANDERSON DE ARA\u00daJO SILVA<\/td><td class=\"column-15\"><\/td><td class=\"column-16\"><\/td><td class=\"column-17\"><\/td><td class=\"column-18\"><\/td><td class=\"column-19\">0<\/td><td class=\"column-20\"><\/td><td class=\"column-21\">128304.94<\/td><td class=\"column-22\">05\/02\/2021<\/td><td class=\"column-23\"><\/td><td class=\"column-24\"><\/td>\n<\/tr>\n<tr class=\"row-176\">\n\t<td class=\"column-1\">7\/2021\t<\/td><td class=\"column-2\">02\/02\/2021<\/td><td class=\"column-3\">03\/02\/2021<\/td><td class=\"column-4\">02\/02\/2021 - 02\/05\/2021<\/td><td class=\"column-5\">8\/2021\t<\/td><td class=\"column-6\">Dispensa<\/td><td class=\"column-7\">Menor Pre\u00e7o Por Item<\/td><td class=\"column-8\"><\/td><td class=\"column-9\">CONTRATA\u00c7\u00c3O DE EMPRESA EMERGENCIAL PARA AQUISI\u00c7\u00c3O DE MATERIAL M\u00c9DICO HOSPITALAR E MEDICAMENTOS DE ORIGENS B\u00c1SICOS, INJET\u00c1VEIS, DE USO HOSPITALAR E DA ATEN\u00c7\u00c3O B\u00c1SICA PARA SUPRIR AS NECESSIDADES DA POPULA\u00c7\u00c3O DESTE MUNIC\u00cdPIO POR USU\u00c1RIOS DO SISTEMA \u00daNICO DE SA\u00daDE (SUS), ATENDIDOS PELA FARM\u00c1CIA MUNICIPAL E UNIDADES B\u00c1SICAS DE SA\u00daDE.<\/td><td class=\"column-10\">12140000 - Transf. Fundo a Fundo de Rec. do SUS provenientes do Governo Federal - Bloco de Manut. das A\u00e7\u00f5es e Servi\u00e7os P\u00fablicos de Sa\u00fade<\/td><td class=\"column-11\">761434.4<\/td><td class=\"column-12\">70.027.479\/0001-35<\/td><td class=\"column-13\">BANDEIRANTES LABORATORIOS PROD. FARM. E HOSP. LTDA<\/td><td class=\"column-14\">RAFAEL ANDERSON DE ARA\u00daJO SILVA<\/td><td class=\"column-15\"><\/td><td class=\"column-16\"><\/td><td class=\"column-17\"><\/td><td class=\"column-18\"><\/td><td class=\"column-19\">0<\/td><td class=\"column-20\"><\/td><td class=\"column-21\">128304.94<\/td><td class=\"column-22\">05\/02\/2021<\/td><td class=\"column-23\">05\/02\/2021<\/td><td class=\"column-24\">128304.94<\/td>\n<\/tr>\n<tr class=\"row-177\">\n\t<td class=\"column-1\">7\/2021\t<\/td><td class=\"column-2\">02\/02\/2021<\/td><td class=\"column-3\">03\/02\/2021<\/td><td class=\"column-4\">02\/02\/2021 - 02\/05\/2021<\/td><td class=\"column-5\">8\/2021\t<\/td><td class=\"column-6\">Dispensa<\/td><td class=\"column-7\">Menor Pre\u00e7o Por Item<\/td><td class=\"column-8\"><\/td><td class=\"column-9\">CONTRATA\u00c7\u00c3O DE EMPRESA EMERGENCIAL PARA AQUISI\u00c7\u00c3O DE MATERIAL M\u00c9DICO HOSPITALAR E MEDICAMENTOS DE ORIGENS B\u00c1SICOS, INJET\u00c1VEIS, DE USO HOSPITALAR E DA ATEN\u00c7\u00c3O B\u00c1SICA PARA SUPRIR AS NECESSIDADES DA POPULA\u00c7\u00c3O DESTE MUNIC\u00cdPIO POR USU\u00c1RIOS DO SISTEMA \u00daNICO DE SA\u00daDE (SUS), ATENDIDOS PELA FARM\u00c1CIA MUNICIPAL E UNIDADES B\u00c1SICAS DE SA\u00daDE.<\/td><td class=\"column-10\">12140000 - Transf. Fundo a Fundo de Rec. do SUS provenientes do Governo Federal - Bloco de Manut. das A\u00e7\u00f5es e Servi\u00e7os P\u00fablicos de Sa\u00fade<\/td><td class=\"column-11\">761434.4<\/td><td class=\"column-12\">70.027.479\/0001-35<\/td><td class=\"column-13\">BANDEIRANTES LABORATORIOS PROD. FARM. E HOSP. LTDA<\/td><td class=\"column-14\">RAFAEL ANDERSON DE ARA\u00daJO SILVA<\/td><td class=\"column-15\"><\/td><td class=\"column-16\"><\/td><td class=\"column-17\"><\/td><td class=\"column-18\"><\/td><td class=\"column-19\">0<\/td><td class=\"column-20\"><\/td><td class=\"column-21\">46828.86<\/td><td class=\"column-22\">09\/04\/2021<\/td><td class=\"column-23\">09\/04\/2021<\/td><td class=\"column-24\">46828.86<\/td>\n<\/tr>\n<tr class=\"row-178\">\n\t<td class=\"column-1\">7\/2021\t<\/td><td class=\"column-2\">02\/02\/2021<\/td><td class=\"column-3\">03\/02\/2021<\/td><td class=\"column-4\">02\/02\/2021 - 02\/05\/2021<\/td><td class=\"column-5\">8\/2021\t<\/td><td class=\"column-6\">Dispensa<\/td><td class=\"column-7\">Menor Pre\u00e7o Por Item<\/td><td class=\"column-8\"><\/td><td class=\"column-9\">CONTRATA\u00c7\u00c3O DE EMPRESA EMERGENCIAL PARA AQUISI\u00c7\u00c3O DE MATERIAL M\u00c9DICO HOSPITALAR E MEDICAMENTOS DE ORIGENS B\u00c1SICOS, INJET\u00c1VEIS, DE USO HOSPITALAR E DA ATEN\u00c7\u00c3O B\u00c1SICA PARA SUPRIR AS NECESSIDADES DA POPULA\u00c7\u00c3O DESTE MUNIC\u00cdPIO POR USU\u00c1RIOS DO SISTEMA \u00daNICO DE SA\u00daDE (SUS), ATENDIDOS PELA FARM\u00c1CIA MUNICIPAL E UNIDADES B\u00c1SICAS DE SA\u00daDE.<\/td><td class=\"column-10\">12140000 - Transf. Fundo a Fundo de Rec. do SUS provenientes do Governo Federal - Bloco de Manut. das A\u00e7\u00f5es e Servi\u00e7os P\u00fablicos de Sa\u00fade<\/td><td class=\"column-11\">761434.4<\/td><td class=\"column-12\">70.027.479\/0001-35<\/td><td class=\"column-13\">BANDEIRANTES LABORATORIOS PROD. FARM. E HOSP. LTDA<\/td><td class=\"column-14\">RAFAEL ANDERSON DE ARA\u00daJO SILVA<\/td><td class=\"column-15\"><\/td><td class=\"column-16\"><\/td><td class=\"column-17\"><\/td><td class=\"column-18\"><\/td><td class=\"column-19\">0<\/td><td class=\"column-20\"><\/td><td class=\"column-21\">46883.14<\/td><td class=\"column-22\">09\/04\/2021<\/td><td class=\"column-23\">09\/04\/2021<\/td><td class=\"column-24\">46883.14<\/td>\n<\/tr>\n<tr class=\"row-179\">\n\t<td class=\"column-1\">7\/2021\t<\/td><td class=\"column-2\">02\/02\/2021<\/td><td class=\"column-3\">03\/02\/2021<\/td><td class=\"column-4\">02\/02\/2021 - 02\/05\/2021<\/td><td class=\"column-5\">8\/2021\t<\/td><td class=\"column-6\">Dispensa<\/td><td class=\"column-7\">Menor Pre\u00e7o Por Item<\/td><td class=\"column-8\"><\/td><td class=\"column-9\">CONTRATA\u00c7\u00c3O DE EMPRESA EMERGENCIAL PARA AQUISI\u00c7\u00c3O DE MATERIAL M\u00c9DICO HOSPITALAR E MEDICAMENTOS DE ORIGENS B\u00c1SICOS, INJET\u00c1VEIS, DE USO HOSPITALAR E DA ATEN\u00c7\u00c3O B\u00c1SICA PARA SUPRIR AS NECESSIDADES DA POPULA\u00c7\u00c3O DESTE MUNIC\u00cdPIO POR USU\u00c1RIOS DO SISTEMA \u00daNICO DE SA\u00daDE (SUS), ATENDIDOS PELA FARM\u00c1CIA MUNICIPAL E UNIDADES B\u00c1SICAS DE SA\u00daDE.<\/td><td class=\"column-10\">12140000 - Transf. Fundo a Fundo de Rec. do SUS provenientes do Governo Federal - Bloco de Manut. das A\u00e7\u00f5es e Servi\u00e7os P\u00fablicos de Sa\u00fade<\/td><td class=\"column-11\">761434.4<\/td><td class=\"column-12\">70.027.479\/0001-35<\/td><td class=\"column-13\">BANDEIRANTES LABORATORIOS PROD. FARM. E HOSP. LTDA<\/td><td class=\"column-14\">RAFAEL ANDERSON DE ARA\u00daJO SILVA<\/td><td class=\"column-15\"><\/td><td class=\"column-16\"><\/td><td class=\"column-17\"><\/td><td class=\"column-18\"><\/td><td class=\"column-19\">0<\/td><td class=\"column-20\"><\/td><td class=\"column-21\">62672.81<\/td><td class=\"column-22\">09\/04\/2021<\/td><td class=\"column-23\">09\/04\/2021<\/td><td class=\"column-24\">62672.81<\/td>\n<\/tr>\n<tr class=\"row-180\">\n\t<td class=\"column-1\">7\/2021\t<\/td><td class=\"column-2\">02\/02\/2021<\/td><td class=\"column-3\">03\/02\/2021<\/td><td class=\"column-4\">02\/02\/2021 - 02\/05\/2021<\/td><td class=\"column-5\">8\/2021\t<\/td><td class=\"column-6\">Dispensa<\/td><td class=\"column-7\">Menor Pre\u00e7o Por Item<\/td><td class=\"column-8\"><\/td><td class=\"column-9\">CONTRATA\u00c7\u00c3O DE EMPRESA EMERGENCIAL PARA AQUISI\u00c7\u00c3O DE MATERIAL M\u00c9DICO HOSPITALAR E MEDICAMENTOS DE ORIGENS B\u00c1SICOS, INJET\u00c1VEIS, DE USO HOSPITALAR E DA ATEN\u00c7\u00c3O B\u00c1SICA PARA SUPRIR AS NECESSIDADES DA POPULA\u00c7\u00c3O DESTE MUNIC\u00cdPIO POR USU\u00c1RIOS DO SISTEMA \u00daNICO DE SA\u00daDE (SUS), ATENDIDOS PELA FARM\u00c1CIA MUNICIPAL E UNIDADES B\u00c1SICAS DE SA\u00daDE.<\/td><td class=\"column-10\">12140000 - Transf. Fundo a Fundo de Rec. do SUS provenientes do Governo Federal - Bloco de Manut. das A\u00e7\u00f5es e Servi\u00e7os P\u00fablicos de Sa\u00fade<\/td><td class=\"column-11\">761434.4<\/td><td class=\"column-12\">70.027.479\/0001-35<\/td><td class=\"column-13\">BANDEIRANTES LABORATORIOS PROD. FARM. E HOSP. LTDA<\/td><td class=\"column-14\">RAFAEL ANDERSON DE ARA\u00daJO SILVA<\/td><td class=\"column-15\"><\/td><td class=\"column-16\"><\/td><td class=\"column-17\"><\/td><td class=\"column-18\"><\/td><td class=\"column-19\">0<\/td><td class=\"column-20\"><\/td><td class=\"column-21\">41946.1<\/td><td class=\"column-22\">11\/03\/2021<\/td><td class=\"column-23\">11\/03\/2021<\/td><td class=\"column-24\">41946.1<\/td>\n<\/tr>\n<tr class=\"row-181\">\n\t<td class=\"column-1\">7\/2021\t<\/td><td class=\"column-2\">02\/02\/2021<\/td><td class=\"column-3\">03\/02\/2021<\/td><td class=\"column-4\">02\/02\/2021 - 02\/05\/2021<\/td><td class=\"column-5\">8\/2021\t<\/td><td class=\"column-6\">Dispensa<\/td><td class=\"column-7\">Menor Pre\u00e7o Por Item<\/td><td class=\"column-8\"><\/td><td class=\"column-9\">CONTRATA\u00c7\u00c3O DE EMPRESA EMERGENCIAL PARA AQUISI\u00c7\u00c3O DE MATERIAL M\u00c9DICO HOSPITALAR E MEDICAMENTOS DE ORIGENS B\u00c1SICOS, INJET\u00c1VEIS, DE USO HOSPITALAR E DA ATEN\u00c7\u00c3O B\u00c1SICA PARA SUPRIR AS NECESSIDADES DA POPULA\u00c7\u00c3O DESTE MUNIC\u00cdPIO POR USU\u00c1RIOS DO SISTEMA \u00daNICO DE SA\u00daDE (SUS), ATENDIDOS PELA FARM\u00c1CIA MUNICIPAL E UNIDADES B\u00c1SICAS DE SA\u00daDE.<\/td><td class=\"column-10\">12140000 - Transf. Fundo a Fundo de Rec. do SUS provenientes do Governo Federal - Bloco de Manut. das A\u00e7\u00f5es e Servi\u00e7os P\u00fablicos de Sa\u00fade<\/td><td class=\"column-11\">761434.4<\/td><td class=\"column-12\">70.027.479\/0001-35<\/td><td class=\"column-13\">BANDEIRANTES LABORATORIOS PROD. FARM. E HOSP. LTDA<\/td><td class=\"column-14\">RAFAEL ANDERSON DE ARA\u00daJO SILVA<\/td><td class=\"column-15\"><\/td><td class=\"column-16\"><\/td><td class=\"column-17\"><\/td><td class=\"column-18\"><\/td><td class=\"column-19\">0<\/td><td class=\"column-20\"><\/td><td class=\"column-21\">72840.79<\/td><td class=\"column-22\">11\/03\/2021<\/td><td class=\"column-23\">11\/03\/2021<\/td><td class=\"column-24\">72840.79<\/td>\n<\/tr>\n<tr class=\"row-182\">\n\t<td class=\"column-1\">7\/2021\t<\/td><td class=\"column-2\">02\/02\/2021<\/td><td class=\"column-3\">03\/02\/2021<\/td><td class=\"column-4\">02\/02\/2021 - 02\/05\/2021<\/td><td class=\"column-5\">8\/2021\t<\/td><td class=\"column-6\">Dispensa<\/td><td class=\"column-7\">Menor Pre\u00e7o Por Item<\/td><td class=\"column-8\"><\/td><td class=\"column-9\">CONTRATA\u00c7\u00c3O DE EMPRESA EMERGENCIAL PARA AQUISI\u00c7\u00c3O DE MATERIAL M\u00c9DICO HOSPITALAR E MEDICAMENTOS DE ORIGENS B\u00c1SICOS, INJET\u00c1VEIS, DE USO HOSPITALAR E DA ATEN\u00c7\u00c3O B\u00c1SICA PARA SUPRIR AS NECESSIDADES DA POPULA\u00c7\u00c3O DESTE MUNIC\u00cdPIO POR USU\u00c1RIOS DO SISTEMA \u00daNICO DE SA\u00daDE (SUS), ATENDIDOS PELA FARM\u00c1CIA MUNICIPAL E UNIDADES B\u00c1SICAS DE SA\u00daDE.<\/td><td class=\"column-10\">12140000 - Transf. Fundo a Fundo de Rec. do SUS provenientes do Governo Federal - Bloco de Manut. das A\u00e7\u00f5es e Servi\u00e7os P\u00fablicos de Sa\u00fade<\/td><td class=\"column-11\">761434.4<\/td><td class=\"column-12\">70.027.479\/0001-35<\/td><td class=\"column-13\">BANDEIRANTES LABORATORIOS PROD. FARM. E HOSP. LTDA<\/td><td class=\"column-14\">RAFAEL ANDERSON DE ARA\u00daJO SILVA<\/td><td class=\"column-15\"><\/td><td class=\"column-16\"><\/td><td class=\"column-17\"><\/td><td class=\"column-18\"><\/td><td class=\"column-19\">0<\/td><td class=\"column-20\"><\/td><td class=\"column-21\">76874<\/td><td class=\"column-22\">11\/03\/2021<\/td><td class=\"column-23\">11\/03\/2021<\/td><td class=\"column-24\">76874<\/td>\n<\/tr>\n<tr class=\"row-183\">\n\t<td class=\"column-1\">7\/2021\t<\/td><td class=\"column-2\">02\/02\/2021<\/td><td class=\"column-3\">03\/02\/2021<\/td><td class=\"column-4\">02\/02\/2021 - 02\/05\/2021<\/td><td class=\"column-5\">8\/2021\t<\/td><td class=\"column-6\">Dispensa<\/td><td class=\"column-7\">Menor Pre\u00e7o Por Item<\/td><td class=\"column-8\"><\/td><td class=\"column-9\">CONTRATA\u00c7\u00c3O DE EMPRESA EMERGENCIAL PARA AQUISI\u00c7\u00c3O DE MATERIAL M\u00c9DICO HOSPITALAR E MEDICAMENTOS DE ORIGENS B\u00c1SICOS, INJET\u00c1VEIS, DE USO HOSPITALAR E DA ATEN\u00c7\u00c3O B\u00c1SICA PARA SUPRIR AS NECESSIDADES DA POPULA\u00c7\u00c3O DESTE MUNIC\u00cdPIO POR USU\u00c1RIOS DO SISTEMA \u00daNICO DE SA\u00daDE (SUS), ATENDIDOS PELA FARM\u00c1CIA MUNICIPAL E UNIDADES B\u00c1SICAS DE SA\u00daDE.<\/td><td class=\"column-10\">12140000 - Transf. Fundo a Fundo de Rec. do SUS provenientes do Governo Federal - Bloco de Manut. das A\u00e7\u00f5es e Servi\u00e7os P\u00fablicos de Sa\u00fade<\/td><td class=\"column-11\">761434.4<\/td><td class=\"column-12\">70.027.479\/0001-35<\/td><td class=\"column-13\">BANDEIRANTES LABORATORIOS PROD. FARM. E HOSP. LTDA<\/td><td class=\"column-14\">RAFAEL ANDERSON DE ARA\u00daJO SILVA<\/td><td class=\"column-15\"><\/td><td class=\"column-16\"><\/td><td class=\"column-17\"><\/td><td class=\"column-18\"><\/td><td class=\"column-19\">0<\/td><td class=\"column-20\"><\/td><td class=\"column-21\">46606.01<\/td><td class=\"column-22\">14\/05\/2021<\/td><td class=\"column-23\">18\/05\/2021<\/td><td class=\"column-24\">46606.01<\/td>\n<\/tr>\n<tr class=\"row-184\">\n\t<td class=\"column-1\">7\/2021\t<\/td><td class=\"column-2\">02\/02\/2021<\/td><td class=\"column-3\">03\/02\/2021<\/td><td class=\"column-4\">02\/02\/2021 - 02\/05\/2021<\/td><td class=\"column-5\">8\/2021\t<\/td><td class=\"column-6\">Dispensa<\/td><td class=\"column-7\">Menor Pre\u00e7o Por Item<\/td><td class=\"column-8\"><\/td><td class=\"column-9\">CONTRATA\u00c7\u00c3O DE EMPRESA EMERGENCIAL PARA AQUISI\u00c7\u00c3O DE MATERIAL M\u00c9DICO HOSPITALAR E MEDICAMENTOS DE ORIGENS B\u00c1SICOS, INJET\u00c1VEIS, DE USO HOSPITALAR E DA ATEN\u00c7\u00c3O B\u00c1SICA PARA SUPRIR AS NECESSIDADES DA POPULA\u00c7\u00c3O DESTE MUNIC\u00cdPIO POR USU\u00c1RIOS DO SISTEMA \u00daNICO DE SA\u00daDE (SUS), ATENDIDOS PELA FARM\u00c1CIA MUNICIPAL E UNIDADES B\u00c1SICAS DE SA\u00daDE.<\/td><td class=\"column-10\">12140000 - Transf. Fundo a Fundo de Rec. do SUS provenientes do Governo Federal - Bloco de Manut. das A\u00e7\u00f5es e Servi\u00e7os P\u00fablicos de Sa\u00fade<\/td><td class=\"column-11\">761434.4<\/td><td class=\"column-12\">70.027.479\/0001-35<\/td><td class=\"column-13\">BANDEIRANTES LABORATORIOS PROD. FARM. E HOSP. LTDA<\/td><td class=\"column-14\">RAFAEL ANDERSON DE ARA\u00daJO SILVA<\/td><td class=\"column-15\"><\/td><td class=\"column-16\"><\/td><td class=\"column-17\"><\/td><td class=\"column-18\"><\/td><td class=\"column-19\">0<\/td><td class=\"column-20\"><\/td><td class=\"column-21\">80852.59<\/td><td class=\"column-22\">14\/05\/2021<\/td><td class=\"column-23\">18\/05\/2021<\/td><td class=\"column-24\">80852.59<\/td>\n<\/tr>\n<tr class=\"row-185\">\n\t<td class=\"column-1\">7\/2021\t<\/td><td class=\"column-2\">02\/02\/2021<\/td><td class=\"column-3\">03\/02\/2021<\/td><td class=\"column-4\">02\/02\/2021 - 02\/05\/2021<\/td><td class=\"column-5\">8\/2021\t<\/td><td class=\"column-6\">Dispensa<\/td><td class=\"column-7\">Menor Pre\u00e7o Por Item<\/td><td class=\"column-8\"><\/td><td class=\"column-9\">CONTRATA\u00c7\u00c3O DE EMPRESA EMERGENCIAL PARA AQUISI\u00c7\u00c3O DE MATERIAL M\u00c9DICO HOSPITALAR E MEDICAMENTOS DE ORIGENS B\u00c1SICOS, INJET\u00c1VEIS, DE USO HOSPITALAR E DA ATEN\u00c7\u00c3O B\u00c1SICA PARA SUPRIR AS NECESSIDADES DA POPULA\u00c7\u00c3O DESTE MUNIC\u00cdPIO POR USU\u00c1RIOS DO SISTEMA \u00daNICO DE SA\u00daDE (SUS), ATENDIDOS PELA FARM\u00c1CIA MUNICIPAL E UNIDADES B\u00c1SICAS DE SA\u00daDE.<\/td><td class=\"column-10\">12140000 - Transf. Fundo a Fundo de Rec. do SUS provenientes do Governo Federal - Bloco de Manut. das A\u00e7\u00f5es e Servi\u00e7os P\u00fablicos de Sa\u00fade<\/td><td class=\"column-11\">761434.4<\/td><td class=\"column-12\">70.027.479\/0001-35<\/td><td class=\"column-13\">BANDEIRANTES LABORATORIOS PROD. FARM. E HOSP. LTDA<\/td><td class=\"column-14\">RAFAEL ANDERSON DE ARA\u00daJO SILVA<\/td><td class=\"column-15\"><\/td><td class=\"column-16\"><\/td><td class=\"column-17\"><\/td><td class=\"column-18\"><\/td><td class=\"column-19\">0<\/td><td class=\"column-20\"><\/td><td class=\"column-21\">43958.01<\/td><td class=\"column-22\">18\/05\/2021<\/td><td class=\"column-23\">18\/05\/2021<\/td><td class=\"column-24\">43958.01<\/td>\n<\/tr>\n<tr class=\"row-186\">\n\t<td class=\"column-1\">7\/2021\t<\/td><td class=\"column-2\">02\/02\/2021<\/td><td class=\"column-3\">03\/02\/2021<\/td><td class=\"column-4\">02\/02\/2021 - 02\/05\/2021<\/td><td class=\"column-5\">8\/2021\t<\/td><td class=\"column-6\">Dispensa<\/td><td class=\"column-7\">Menor Pre\u00e7o Por Item<\/td><td class=\"column-8\"><\/td><td class=\"column-9\">CONTRATA\u00c7\u00c3O DE EMPRESA EMERGENCIAL PARA AQUISI\u00c7\u00c3O DE MATERIAL M\u00c9DICO HOSPITALAR E MEDICAMENTOS DE ORIGENS B\u00c1SICOS, INJET\u00c1VEIS, DE USO HOSPITALAR E DA ATEN\u00c7\u00c3O B\u00c1SICA PARA SUPRIR AS NECESSIDADES DA POPULA\u00c7\u00c3O DESTE MUNIC\u00cdPIO POR USU\u00c1RIOS DO SISTEMA \u00daNICO DE SA\u00daDE (SUS), ATENDIDOS PELA FARM\u00c1CIA MUNICIPAL E UNIDADES B\u00c1SICAS DE SA\u00daDE.<\/td><td class=\"column-10\">12140000 - Transf. Fundo a Fundo de Rec. do SUS provenientes do Governo Federal - Bloco de Manut. das A\u00e7\u00f5es e Servi\u00e7os P\u00fablicos de Sa\u00fade<\/td><td class=\"column-11\">761434.4<\/td><td class=\"column-12\">70.027.479\/0001-35<\/td><td class=\"column-13\">BANDEIRANTES LABORATORIOS PROD. FARM. E HOSP. LTDA<\/td><td class=\"column-14\">RAFAEL ANDERSON DE ARA\u00daJO SILVA<\/td><td class=\"column-15\"><\/td><td class=\"column-16\"><\/td><td class=\"column-17\"><\/td><td class=\"column-18\"><\/td><td class=\"column-19\">0<\/td><td class=\"column-20\"><\/td><td class=\"column-21\">121277.41<\/td><td class=\"column-22\">23\/06\/2021<\/td><td class=\"column-23\"><\/td><td class=\"column-24\"><\/td>\n<\/tr>\n<tr class=\"row-187\">\n\t<td class=\"column-1\">7\/2021\t<\/td><td class=\"column-2\">02\/02\/2021<\/td><td class=\"column-3\">03\/02\/2021<\/td><td class=\"column-4\">02\/02\/2021 - 02\/05\/2021<\/td><td class=\"column-5\">8\/2021\t<\/td><td class=\"column-6\">Dispensa<\/td><td class=\"column-7\">Menor Pre\u00e7o Por Item<\/td><td class=\"column-8\"><\/td><td class=\"column-9\">CONTRATA\u00c7\u00c3O DE EMPRESA EMERGENCIAL PARA AQUISI\u00c7\u00c3O DE MATERIAL M\u00c9DICO HOSPITALAR E MEDICAMENTOS DE ORIGENS B\u00c1SICOS, INJET\u00c1VEIS, DE USO HOSPITALAR E DA ATEN\u00c7\u00c3O B\u00c1SICA PARA SUPRIR AS NECESSIDADES DA POPULA\u00c7\u00c3O DESTE MUNIC\u00cdPIO POR USU\u00c1RIOS DO SISTEMA \u00daNICO DE SA\u00daDE (SUS), ATENDIDOS PELA FARM\u00c1CIA MUNICIPAL E UNIDADES B\u00c1SICAS DE SA\u00daDE.<\/td><td class=\"column-10\">12140000 - Transf. Fundo a Fundo de Rec. do SUS provenientes do Governo Federal - Bloco de Manut. das A\u00e7\u00f5es e Servi\u00e7os P\u00fablicos de Sa\u00fade<\/td><td class=\"column-11\">761434.4<\/td><td class=\"column-12\">70.027.479\/0001-35<\/td><td class=\"column-13\">BANDEIRANTES LABORATORIOS PROD. FARM. E HOSP. LTDA<\/td><td class=\"column-14\">RAFAEL ANDERSON DE ARA\u00daJO SILVA<\/td><td class=\"column-15\"><\/td><td class=\"column-16\"><\/td><td class=\"column-17\"><\/td><td class=\"column-18\"><\/td><td class=\"column-19\">0<\/td><td class=\"column-20\"><\/td><td class=\"column-21\">59717.55<\/td><td class=\"column-22\">30\/06\/2021<\/td><td class=\"column-23\">30\/06\/2021<\/td><td class=\"column-24\">59717.55<\/td>\n<\/tr>\n<tr class=\"row-188\">\n\t<td class=\"column-1\">7\/2021\t<\/td><td class=\"column-2\">29\/04\/2021<\/td><td class=\"column-3\"><\/td><td class=\"column-4\"><\/td><td class=\"column-5\">8\/2021\t<\/td><td class=\"column-6\">Dispensa<\/td><td class=\"column-7\">Menor Pre\u00e7o Por Item<\/td><td class=\"column-8\"><\/td><td class=\"column-9\"><\/td><td class=\"column-10\">12140000 - Transf. Fundo a Fundo de Rec. do SUS provenientes do Governo Federal - Bloco de Manut. das A\u00e7\u00f5es e Servi\u00e7os P\u00fablicos de Sa\u00fade<\/td><td class=\"column-11\">0<\/td><td class=\"column-12\">70.027.479\/0001-35<\/td><td class=\"column-13\">BANDEIRANTES LABORATORIOS PROD. FARM. E HOSP. LTDA<\/td><td class=\"column-14\"><\/td><td class=\"column-15\">1<\/td><td class=\"column-16\">29\/04\/2021<\/td><td class=\"column-17\">30\/04\/2021<\/td><td class=\"column-18\">O presente aditivo \u00e9 de prorroga\u00e7\u00e3o de prazo de at\u00e9 90 (noventa) dias ou at\u00e9 a homologa\u00e7\u00e3o de um novo processo licitat\u00f3rio de acordo com o saldo e de acr\u00e9scimo de 24,2% (vinte e quatro virgula dois por cento)<\/td><td class=\"column-19\">0<\/td><td class=\"column-20\">3,00 m\u00eas(es)<\/td><td class=\"column-21\"><\/td><td class=\"column-22\"><\/td><td class=\"column-23\"><\/td><td class=\"column-24\"><\/td>\n<\/tr>\n<tr class=\"row-189\">\n\t<td class=\"column-1\">8\/2021\t<\/td><td class=\"column-2\">02\/02\/2021<\/td><td class=\"column-3\">03\/02\/2021<\/td><td class=\"column-4\">02\/02\/2021 - 02\/08\/2021<\/td><td class=\"column-5\">0\/0\t<\/td><td class=\"column-6\">N\u00e3o Aplic\u00e1vel<\/td><td class=\"column-7\"><\/td><td class=\"column-8\"><\/td><td class=\"column-9\">CONSTITUI O OBJETO DO PRESENTE CONV\u00caNIO, O REPASSE DE RECURSOS FINANCEIROS DA PREFEITURA MUNICIPAL DE LAJES PARA O LAR BOM JESUS NA MODALIDADE CASA LAR, CUJA FINALIDADE \u00c9 ACOLHER CRIAN\u00c7AS E ADOLESCENTES, DE AMBOS OS SEXOS DO MUNIC\u00cdPIO NA FAIXA ET\u00c1RIA DE 0 A 18 ANOS, QUE ESTEJAM EM SITUA\u00c7\u00c3O DE RISCO PESSOAL E SOCIAL, DESENVOLVENDO ATIVIDADES DESTINADAS A PRESTA\u00c7\u00c3O DE SERVI\u00c7OS S\u00d3CIO ASSISTENCIAIS, VISANDO \u00c0 DEFESA E GARANTIA DOS SEUS DIREITOS E SUA INTEGRA\u00c7\u00c3O NA COMUNIDADE.<\/td><td class=\"column-10\"><\/td><td class=\"column-11\">27000<\/td><td class=\"column-12\">07.115.197\/0001-53<\/td><td class=\"column-13\">LAR BOM JESUS<\/td><td class=\"column-14\">RAFAEL ANDERSON DE ARA\u00daJO SILVA<\/td><td class=\"column-15\"><\/td><td class=\"column-16\"><\/td><td class=\"column-17\"><\/td><td class=\"column-18\"><\/td><td class=\"column-19\">0<\/td><td class=\"column-20\"><\/td><td class=\"column-21\"><\/td><td class=\"column-22\"><\/td><td class=\"column-23\"><\/td><td class=\"column-24\"><\/td>\n<\/tr>\n<tr class=\"row-190\">\n\t<td class=\"column-1\">8\/2021\t<\/td><td class=\"column-2\">02\/08\/2021<\/td><td class=\"column-3\"><\/td><td class=\"column-4\"><\/td><td class=\"column-5\">0\/0\t<\/td><td class=\"column-6\">N\u00e3o Aplic\u00e1vel<\/td><td class=\"column-7\"><\/td><td class=\"column-8\"><\/td><td class=\"column-9\"><\/td><td class=\"column-10\"><\/td><td class=\"column-11\">0<\/td><td class=\"column-12\">07.115.197\/0001-53<\/td><td class=\"column-13\">LAR BOM JESUS<\/td><td class=\"column-14\"><\/td><td class=\"column-15\">1<\/td><td class=\"column-16\">02\/08\/2021<\/td><td class=\"column-17\">03\/08\/2021<\/td><td class=\"column-18\">O presente aditivo \u00e9 de prorroga\u00e7\u00e3o de prazo de 06 (seis) meses, visando a continuidade do repasse de recursos financeiros da Prefeitura Municipal de LAJES para o LAR BOM JESUS na modalidade Casa Lar<\/td><td class=\"column-19\">27000<\/td><td class=\"column-20\">6,00 m\u00eas(es)<\/td><td class=\"column-21\"><\/td><td class=\"column-22\"><\/td><td class=\"column-23\"><\/td><td class=\"column-24\"><\/td>\n<\/tr>\n<tr class=\"row-191\">\n\t<td class=\"column-1\">9\/2021\t<\/td><td class=\"column-2\">03\/02\/2021<\/td><td class=\"column-3\">04\/02\/2021<\/td><td class=\"column-4\">03\/02\/2021 - 03\/05\/2021<\/td><td class=\"column-5\">9\/2021\t<\/td><td class=\"column-6\">Dispensa<\/td><td class=\"column-7\">Menor Pre\u00e7o Por Item<\/td><td class=\"column-8\"><\/td><td class=\"column-9\">CONTRATA\u00c7\u00c3O DE EMPRESA EMERGENCIAL PARA AQUISI\u00c7\u00c3O DE MEDICAMENTOS CONTROLADOS EM CAR\u00c1TER DE EMERG\u00caNCIA PARA SUPRIR AS NECESSIDADES DA POPULA\u00c7\u00c3O DESTE MUNIC\u00cdPIO TENDO EM VISTA QUE ESTES MEDICAMENTOS S\u00c3O DE USO IMPRESCIND\u00cdVEL ATENDENDO TAMB\u00c9M A DEMANDA DA SECRETARIA MUNICIPAL DE SA\u00daDE.<\/td><td class=\"column-10\">12110000 - Receitas de Impostos e de Transfer\u00eancia de Impostos - Sa\u00fade<\/td><td class=\"column-11\">317276.4<\/td><td class=\"column-12\">37.029.855\/0001-55<\/td><td class=\"column-13\">ODONTOMED MED. E MAT. M\u00c9DICO HOSPITALAR LTDA<\/td><td class=\"column-14\">RAFAEL ANDERSON DE ARA\u00daJO SILVA<\/td><td class=\"column-15\"><\/td><td class=\"column-16\"><\/td><td class=\"column-17\"><\/td><td class=\"column-18\"><\/td><td class=\"column-19\">0<\/td><td class=\"column-20\"><\/td><td class=\"column-21\"><\/td><td class=\"column-22\"><\/td><td class=\"column-23\"><\/td><td class=\"column-24\"><\/td>\n<\/tr>\n<tr class=\"row-192\">\n\t<td class=\"column-1\">9\/2021\t<\/td><td class=\"column-2\">03\/02\/2021<\/td><td class=\"column-3\">04\/02\/2021<\/td><td class=\"column-4\">03\/02\/2021 - 03\/05\/2021<\/td><td class=\"column-5\">9\/2021\t<\/td><td class=\"column-6\">Dispensa<\/td><td class=\"column-7\">Menor Pre\u00e7o Por Item<\/td><td class=\"column-8\"><\/td><td class=\"column-9\">CONTRATA\u00c7\u00c3O DE EMPRESA EMERGENCIAL PARA AQUISI\u00c7\u00c3O DE MEDICAMENTOS CONTROLADOS EM CAR\u00c1TER DE EMERG\u00caNCIA PARA SUPRIR AS NECESSIDADES DA POPULA\u00c7\u00c3O DESTE MUNIC\u00cdPIO TENDO EM VISTA QUE ESTES MEDICAMENTOS S\u00c3O DE USO IMPRESCIND\u00cdVEL ATENDENDO TAMB\u00c9M A DEMANDA DA SECRETARIA MUNICIPAL DE SA\u00daDE.<\/td><td class=\"column-10\">12110000 - Receitas de Impostos e de Transfer\u00eancia de Impostos - Sa\u00fade<\/td><td class=\"column-11\">317276.4<\/td><td class=\"column-12\">37.029.855\/0001-55<\/td><td class=\"column-13\">ODONTOMED MED. E MAT. M\u00c9DICO HOSPITALAR LTDA<\/td><td class=\"column-14\">RAFAEL ANDERSON DE ARA\u00daJO SILVA<\/td><td class=\"column-15\"><\/td><td class=\"column-16\"><\/td><td class=\"column-17\"><\/td><td class=\"column-18\"><\/td><td class=\"column-19\">0<\/td><td class=\"column-20\"><\/td><td class=\"column-21\">21217.64<\/td><td class=\"column-22\">09\/04\/2021<\/td><td class=\"column-23\">09\/04\/2021<\/td><td class=\"column-24\">21217.64<\/td>\n<\/tr>\n<tr class=\"row-193\">\n\t<td class=\"column-1\">9\/2021\t<\/td><td class=\"column-2\">03\/02\/2021<\/td><td class=\"column-3\">04\/02\/2021<\/td><td class=\"column-4\">03\/02\/2021 - 03\/05\/2021<\/td><td class=\"column-5\">9\/2021\t<\/td><td class=\"column-6\">Dispensa<\/td><td class=\"column-7\">Menor Pre\u00e7o Por Item<\/td><td class=\"column-8\"><\/td><td class=\"column-9\">CONTRATA\u00c7\u00c3O DE EMPRESA EMERGENCIAL PARA AQUISI\u00c7\u00c3O DE MEDICAMENTOS CONTROLADOS EM CAR\u00c1TER DE EMERG\u00caNCIA PARA SUPRIR AS NECESSIDADES DA POPULA\u00c7\u00c3O DESTE MUNIC\u00cdPIO TENDO EM VISTA QUE ESTES MEDICAMENTOS S\u00c3O DE USO IMPRESCIND\u00cdVEL ATENDENDO TAMB\u00c9M A DEMANDA DA SECRETARIA MUNICIPAL DE SA\u00daDE.<\/td><td class=\"column-10\">12110000 - Receitas de Impostos e de Transfer\u00eancia de Impostos - Sa\u00fade<\/td><td class=\"column-11\">317276.4<\/td><td class=\"column-12\">37.029.855\/0001-55<\/td><td class=\"column-13\">ODONTOMED MED. E MAT. M\u00c9DICO HOSPITALAR LTDA<\/td><td class=\"column-14\">RAFAEL ANDERSON DE ARA\u00daJO SILVA<\/td><td class=\"column-15\"><\/td><td class=\"column-16\"><\/td><td class=\"column-17\"><\/td><td class=\"column-18\"><\/td><td class=\"column-19\">0<\/td><td class=\"column-20\"><\/td><td class=\"column-21\">38024.4<\/td><td class=\"column-22\">09\/04\/2021<\/td><td class=\"column-23\">09\/04\/2021<\/td><td class=\"column-24\">38024.4<\/td>\n<\/tr>\n<tr class=\"row-194\">\n\t<td class=\"column-1\">9\/2021\t<\/td><td class=\"column-2\">03\/02\/2021<\/td><td class=\"column-3\">04\/02\/2021<\/td><td class=\"column-4\">03\/02\/2021 - 03\/05\/2021<\/td><td class=\"column-5\">9\/2021\t<\/td><td class=\"column-6\">Dispensa<\/td><td class=\"column-7\">Menor Pre\u00e7o Por Item<\/td><td class=\"column-8\"><\/td><td class=\"column-9\">CONTRATA\u00c7\u00c3O DE EMPRESA EMERGENCIAL PARA AQUISI\u00c7\u00c3O DE MEDICAMENTOS CONTROLADOS EM CAR\u00c1TER DE EMERG\u00caNCIA PARA SUPRIR AS NECESSIDADES DA POPULA\u00c7\u00c3O DESTE MUNIC\u00cdPIO TENDO EM VISTA QUE ESTES MEDICAMENTOS S\u00c3O DE USO IMPRESCIND\u00cdVEL ATENDENDO TAMB\u00c9M A DEMANDA DA SECRETARIA MUNICIPAL DE SA\u00daDE.<\/td><td class=\"column-10\">12110000 - Receitas de Impostos e de Transfer\u00eancia de Impostos - Sa\u00fade<\/td><td class=\"column-11\">317276.4<\/td><td class=\"column-12\">37.029.855\/0001-55<\/td><td class=\"column-13\">ODONTOMED MED. E MAT. M\u00c9DICO HOSPITALAR LTDA<\/td><td class=\"column-14\">RAFAEL ANDERSON DE ARA\u00daJO SILVA<\/td><td class=\"column-15\"><\/td><td class=\"column-16\"><\/td><td class=\"column-17\"><\/td><td class=\"column-18\"><\/td><td class=\"column-19\">0<\/td><td class=\"column-20\"><\/td><td class=\"column-21\">15583.6<\/td><td class=\"column-22\">19\/02\/2021<\/td><td class=\"column-23\">19\/02\/2021<\/td><td class=\"column-24\">15583.6<\/td>\n<\/tr>\n<tr class=\"row-195\">\n\t<td class=\"column-1\">9\/2021\t<\/td><td class=\"column-2\">03\/02\/2021<\/td><td class=\"column-3\">04\/02\/2021<\/td><td class=\"column-4\">03\/02\/2021 - 03\/05\/2021<\/td><td class=\"column-5\">9\/2021\t<\/td><td class=\"column-6\">Dispensa<\/td><td class=\"column-7\">Menor Pre\u00e7o Por Item<\/td><td class=\"column-8\"><\/td><td class=\"column-9\">CONTRATA\u00c7\u00c3O DE EMPRESA EMERGENCIAL PARA AQUISI\u00c7\u00c3O DE MEDICAMENTOS CONTROLADOS EM CAR\u00c1TER DE EMERG\u00caNCIA PARA SUPRIR AS NECESSIDADES DA POPULA\u00c7\u00c3O DESTE MUNIC\u00cdPIO TENDO EM VISTA QUE ESTES MEDICAMENTOS S\u00c3O DE USO IMPRESCIND\u00cdVEL ATENDENDO TAMB\u00c9M A DEMANDA DA SECRETARIA MUNICIPAL DE SA\u00daDE.<\/td><td class=\"column-10\">12110000 - Receitas de Impostos e de Transfer\u00eancia de Impostos - Sa\u00fade<\/td><td class=\"column-11\">317276.4<\/td><td class=\"column-12\">37.029.855\/0001-55<\/td><td class=\"column-13\">ODONTOMED MED. E MAT. M\u00c9DICO HOSPITALAR LTDA<\/td><td class=\"column-14\">RAFAEL ANDERSON DE ARA\u00daJO SILVA<\/td><td class=\"column-15\"><\/td><td class=\"column-16\"><\/td><td class=\"column-17\"><\/td><td class=\"column-18\"><\/td><td class=\"column-19\">0<\/td><td class=\"column-20\"><\/td><td class=\"column-21\">32564.8<\/td><td class=\"column-22\">21\/05\/2021<\/td><td class=\"column-23\">21\/05\/2021<\/td><td class=\"column-24\">32564.8<\/td>\n<\/tr>\n<tr class=\"row-196\">\n\t<td class=\"column-1\">9\/2021\t<\/td><td class=\"column-2\">03\/02\/2021<\/td><td class=\"column-3\">04\/02\/2021<\/td><td class=\"column-4\">03\/02\/2021 - 03\/05\/2021<\/td><td class=\"column-5\">9\/2021\t<\/td><td class=\"column-6\">Dispensa<\/td><td class=\"column-7\">Menor Pre\u00e7o Por Item<\/td><td class=\"column-8\"><\/td><td class=\"column-9\">CONTRATA\u00c7\u00c3O DE EMPRESA EMERGENCIAL PARA AQUISI\u00c7\u00c3O DE MEDICAMENTOS CONTROLADOS EM CAR\u00c1TER DE EMERG\u00caNCIA PARA SUPRIR AS NECESSIDADES DA POPULA\u00c7\u00c3O DESTE MUNIC\u00cdPIO TENDO EM VISTA QUE ESTES MEDICAMENTOS S\u00c3O DE USO IMPRESCIND\u00cdVEL ATENDENDO TAMB\u00c9M A DEMANDA DA SECRETARIA MUNICIPAL DE SA\u00daDE.<\/td><td class=\"column-10\">12110000 - Receitas de Impostos e de Transfer\u00eancia de Impostos - Sa\u00fade<\/td><td class=\"column-11\">317276.4<\/td><td class=\"column-12\">37.029.855\/0001-55<\/td><td class=\"column-13\">ODONTOMED MED. E MAT. M\u00c9DICO HOSPITALAR LTDA<\/td><td class=\"column-14\">RAFAEL ANDERSON DE ARA\u00daJO SILVA<\/td><td class=\"column-15\"><\/td><td class=\"column-16\"><\/td><td class=\"column-17\"><\/td><td class=\"column-18\"><\/td><td class=\"column-19\">0<\/td><td class=\"column-20\"><\/td><td class=\"column-21\">23734.3<\/td><td class=\"column-22\">21\/06\/2021<\/td><td class=\"column-23\"><\/td><td class=\"column-24\"><\/td>\n<\/tr>\n<tr class=\"row-197\">\n\t<td class=\"column-1\">9\/2021\t<\/td><td class=\"column-2\">03\/02\/2021<\/td><td class=\"column-3\">04\/02\/2021<\/td><td class=\"column-4\">03\/02\/2021 - 03\/05\/2021<\/td><td class=\"column-5\">9\/2021\t<\/td><td class=\"column-6\">Dispensa<\/td><td class=\"column-7\">Menor Pre\u00e7o Por Item<\/td><td class=\"column-8\"><\/td><td class=\"column-9\">CONTRATA\u00c7\u00c3O DE EMPRESA EMERGENCIAL PARA AQUISI\u00c7\u00c3O DE MEDICAMENTOS CONTROLADOS EM CAR\u00c1TER DE EMERG\u00caNCIA PARA SUPRIR AS NECESSIDADES DA POPULA\u00c7\u00c3O DESTE MUNIC\u00cdPIO TENDO EM VISTA QUE ESTES MEDICAMENTOS S\u00c3O DE USO IMPRESCIND\u00cdVEL ATENDENDO TAMB\u00c9M A DEMANDA DA SECRETARIA MUNICIPAL DE SA\u00daDE.<\/td><td class=\"column-10\">12110000 - Receitas de Impostos e de Transfer\u00eancia de Impostos - Sa\u00fade<\/td><td class=\"column-11\">317276.4<\/td><td class=\"column-12\">37.029.855\/0001-55<\/td><td class=\"column-13\">ODONTOMED MED. E MAT. M\u00c9DICO HOSPITALAR LTDA<\/td><td class=\"column-14\">RAFAEL ANDERSON DE ARA\u00daJO SILVA<\/td><td class=\"column-15\"><\/td><td class=\"column-16\"><\/td><td class=\"column-17\"><\/td><td class=\"column-18\"><\/td><td class=\"column-19\">0<\/td><td class=\"column-20\"><\/td><td class=\"column-21\">23734.3<\/td><td class=\"column-22\">21\/06\/2021<\/td><td class=\"column-23\">23\/06\/2021<\/td><td class=\"column-24\">23734.3<\/td>\n<\/tr>\n<tr class=\"row-198\">\n\t<td class=\"column-1\">9\/2021\t<\/td><td class=\"column-2\">29\/04\/2021<\/td><td class=\"column-3\"><\/td><td class=\"column-4\"><\/td><td class=\"column-5\">9\/2021\t<\/td><td class=\"column-6\">Dispensa<\/td><td class=\"column-7\">Menor Pre\u00e7o Por Item<\/td><td class=\"column-8\"><\/td><td class=\"column-9\"><\/td><td class=\"column-10\">12110000 - Receitas de Impostos e de Transfer\u00eancia de Impostos - Sa\u00fade<\/td><td class=\"column-11\">0<\/td><td class=\"column-12\">37.029.855\/0001-55<\/td><td class=\"column-13\">ODONTOMED MED. E MAT. M\u00c9DICO HOSPITALAR LTDA<\/td><td class=\"column-14\"><\/td><td class=\"column-15\">1<\/td><td class=\"column-16\">29\/04\/2021<\/td><td class=\"column-17\">30\/04\/2021<\/td><td class=\"column-18\">O presente aditivo \u00e9 de prorroga\u00e7\u00e3o de prazo de at\u00e9 90 (noventa) dias ou at\u00e9 a homologa\u00e7\u00e3o de um novo processo licitat\u00f3rio de acordo com o saldo, visando \u00e0 continua\u00e7\u00e3o do FORNECIMENTO DE MEDICAMENTOS CONTROLADOS EM CAR\u00c1TER DE EMERG\u00caNCIA<\/td><td class=\"column-19\">317276.4<\/td><td class=\"column-20\">2,00 m\u00eas(es)<\/td><td class=\"column-21\"><\/td><td class=\"column-22\"><\/td><td class=\"column-23\"><\/td><td class=\"column-24\"><\/td>\n<\/tr>\n<tr class=\"row-199\">\n\t<td class=\"column-1\">10\/2021\t<\/td><td class=\"column-2\">08\/02\/2021<\/td><td class=\"column-3\">09\/02\/2021<\/td><td class=\"column-4\">08\/02\/2021 - 07\/11\/2021<\/td><td class=\"column-5\">11\/2021\t<\/td><td class=\"column-6\">Dispensa<\/td><td class=\"column-7\">Menor Pre\u00e7o Por Item<\/td><td class=\"column-8\"><\/td><td class=\"column-9\">CONTRATA\u00c7\u00c3O DE EMPRESA ESPECIALIZA EM ASSESSORIA EM ENGENHARIA CIVIL PARA A REALIZA\u00c7\u00c3O DO ACOMPANHAMENTOS DAS OBRAS P\u00daBLICAS MUNICIPAIS ASSIM COMO ALIMENTA\u00c7\u00c3O DOS SISTEMAS DE GEST\u00c3O DE RECURSOS PROVENIENTES DE CONV\u00caNIOS COM A ESFERA ESTADUAL E\/OU FEDERAL, PLATAFORMA +BRASIL, SIMEC, SISMOB E SIGA.<\/td><td class=\"column-10\">10010000 - Recursos Ordin\u00e1rios<\/td><td class=\"column-11\">31500<\/td><td class=\"column-12\">31.600.608\/0001-80<\/td><td class=\"column-13\">REIS E LOPES ENGENHARIA E ASSESSORIA LTDA<\/td><td class=\"column-14\">RAFAEL ANDERSON DE ARA\u00daJO SILVA<\/td><td class=\"column-15\"><\/td><td class=\"column-16\"><\/td><td class=\"column-17\"><\/td><td class=\"column-18\"><\/td><td class=\"column-19\">0<\/td><td class=\"column-20\"><\/td><td class=\"column-21\"><\/td><td class=\"column-22\"><\/td><td class=\"column-23\"><\/td><td class=\"column-24\"><\/td>\n<\/tr>\n<tr class=\"row-200\">\n\t<td class=\"column-1\">10\/2021\t<\/td><td class=\"column-2\">08\/02\/2021<\/td><td class=\"column-3\">09\/02\/2021<\/td><td class=\"column-4\">08\/02\/2021 - 07\/11\/2021<\/td><td class=\"column-5\">11\/2021\t<\/td><td class=\"column-6\">Dispensa<\/td><td class=\"column-7\">Menor Pre\u00e7o Por Item<\/td><td class=\"column-8\"><\/td><td class=\"column-9\">CONTRATA\u00c7\u00c3O DE EMPRESA ESPECIALIZA EM ASSESSORIA EM ENGENHARIA CIVIL PARA A REALIZA\u00c7\u00c3O DO ACOMPANHAMENTOS DAS OBRAS P\u00daBLICAS MUNICIPAIS ASSIM COMO ALIMENTA\u00c7\u00c3O DOS SISTEMAS DE GEST\u00c3O DE RECURSOS PROVENIENTES DE CONV\u00caNIOS COM A ESFERA ESTADUAL E\/OU FEDERAL, PLATAFORMA +BRASIL, SIMEC, SISMOB E SIGA.<\/td><td class=\"column-10\">10010000 - Recursos Ordin\u00e1rios<\/td><td class=\"column-11\">31500<\/td><td class=\"column-12\">31.600.608\/0001-80<\/td><td class=\"column-13\">REIS E LOPES ENGENHARIA E ASSESSORIA LTDA<\/td><td class=\"column-14\">RAFAEL ANDERSON DE ARA\u00daJO SILVA<\/td><td class=\"column-15\"><\/td><td class=\"column-16\"><\/td><td class=\"column-17\"><\/td><td class=\"column-18\"><\/td><td class=\"column-19\">0<\/td><td class=\"column-20\"><\/td><td class=\"column-21\">3500<\/td><td class=\"column-22\">06\/10\/2021<\/td><td class=\"column-23\">08\/10\/2021<\/td><td class=\"column-24\">70<\/td>\n<\/tr>\n<tr class=\"row-201\">\n\t<td class=\"column-1\">10\/2021\t<\/td><td class=\"column-2\">08\/02\/2021<\/td><td class=\"column-3\">09\/02\/2021<\/td><td class=\"column-4\">08\/02\/2021 - 07\/11\/2021<\/td><td class=\"column-5\">11\/2021\t<\/td><td class=\"column-6\">Dispensa<\/td><td class=\"column-7\">Menor Pre\u00e7o Por Item<\/td><td class=\"column-8\"><\/td><td class=\"column-9\">CONTRATA\u00c7\u00c3O DE EMPRESA ESPECIALIZA EM ASSESSORIA EM ENGENHARIA CIVIL PARA A REALIZA\u00c7\u00c3O DO ACOMPANHAMENTOS DAS OBRAS P\u00daBLICAS MUNICIPAIS ASSIM COMO ALIMENTA\u00c7\u00c3O DOS SISTEMAS DE GEST\u00c3O DE RECURSOS PROVENIENTES DE CONV\u00caNIOS COM A ESFERA ESTADUAL E\/OU FEDERAL, PLATAFORMA +BRASIL, SIMEC, SISMOB E SIGA.<\/td><td class=\"column-10\">10010000 - Recursos Ordin\u00e1rios<\/td><td class=\"column-11\">31500<\/td><td class=\"column-12\">31.600.608\/0001-80<\/td><td class=\"column-13\">REIS E LOPES ENGENHARIA E ASSESSORIA LTDA<\/td><td class=\"column-14\">RAFAEL ANDERSON DE ARA\u00daJO SILVA<\/td><td class=\"column-15\"><\/td><td class=\"column-16\"><\/td><td class=\"column-17\"><\/td><td class=\"column-18\"><\/td><td class=\"column-19\">0<\/td><td class=\"column-20\"><\/td><td class=\"column-21\">3500<\/td><td class=\"column-22\">06\/10\/2021<\/td><td class=\"column-23\">08\/10\/2021<\/td><td class=\"column-24\">3430<\/td>\n<\/tr>\n<tr class=\"row-202\">\n\t<td class=\"column-1\">10\/2021\t<\/td><td class=\"column-2\">08\/02\/2021<\/td><td class=\"column-3\">09\/02\/2021<\/td><td class=\"column-4\">08\/02\/2021 - 07\/11\/2021<\/td><td class=\"column-5\">11\/2021\t<\/td><td class=\"column-6\">Dispensa<\/td><td class=\"column-7\">Menor Pre\u00e7o Por Item<\/td><td class=\"column-8\"><\/td><td class=\"column-9\">CONTRATA\u00c7\u00c3O DE EMPRESA ESPECIALIZA EM ASSESSORIA EM ENGENHARIA CIVIL PARA A REALIZA\u00c7\u00c3O DO ACOMPANHAMENTOS DAS OBRAS P\u00daBLICAS MUNICIPAIS ASSIM COMO ALIMENTA\u00c7\u00c3O DOS SISTEMAS DE GEST\u00c3O DE RECURSOS PROVENIENTES DE CONV\u00caNIOS COM A ESFERA ESTADUAL E\/OU FEDERAL, PLATAFORMA +BRASIL, SIMEC, SISMOB E SIGA.<\/td><td class=\"column-10\">10010000 - Recursos Ordin\u00e1rios<\/td><td class=\"column-11\">31500<\/td><td class=\"column-12\">31.600.608\/0001-80<\/td><td class=\"column-13\">REIS E LOPES ENGENHARIA E ASSESSORIA LTDA<\/td><td class=\"column-14\">RAFAEL ANDERSON DE ARA\u00daJO SILVA<\/td><td class=\"column-15\"><\/td><td class=\"column-16\"><\/td><td class=\"column-17\"><\/td><td class=\"column-18\"><\/td><td class=\"column-19\">0<\/td><td class=\"column-20\"><\/td><td class=\"column-21\">3500<\/td><td class=\"column-22\">08\/11\/2021<\/td><td class=\"column-23\">10\/11\/2021<\/td><td class=\"column-24\">70<\/td>\n<\/tr>\n<tr class=\"row-203\">\n\t<td class=\"column-1\">10\/2021\t<\/td><td class=\"column-2\">08\/02\/2021<\/td><td class=\"column-3\">09\/02\/2021<\/td><td class=\"column-4\">08\/02\/2021 - 07\/11\/2021<\/td><td class=\"column-5\">11\/2021\t<\/td><td class=\"column-6\">Dispensa<\/td><td class=\"column-7\">Menor Pre\u00e7o Por Item<\/td><td class=\"column-8\"><\/td><td class=\"column-9\">CONTRATA\u00c7\u00c3O DE EMPRESA ESPECIALIZA EM ASSESSORIA EM ENGENHARIA CIVIL PARA A REALIZA\u00c7\u00c3O DO ACOMPANHAMENTOS DAS OBRAS P\u00daBLICAS MUNICIPAIS ASSIM COMO ALIMENTA\u00c7\u00c3O DOS SISTEMAS DE GEST\u00c3O DE RECURSOS PROVENIENTES DE CONV\u00caNIOS COM A ESFERA ESTADUAL E\/OU FEDERAL, PLATAFORMA +BRASIL, SIMEC, SISMOB E SIGA.<\/td><td class=\"column-10\">10010000 - Recursos Ordin\u00e1rios<\/td><td class=\"column-11\">31500<\/td><td class=\"column-12\">31.600.608\/0001-80<\/td><td class=\"column-13\">REIS E LOPES ENGENHARIA E ASSESSORIA LTDA<\/td><td class=\"column-14\">RAFAEL ANDERSON DE ARA\u00daJO SILVA<\/td><td class=\"column-15\"><\/td><td class=\"column-16\"><\/td><td class=\"column-17\"><\/td><td class=\"column-18\"><\/td><td class=\"column-19\">0<\/td><td class=\"column-20\"><\/td><td class=\"column-21\">3500<\/td><td class=\"column-22\">08\/11\/2021<\/td><td class=\"column-23\">10\/11\/2021<\/td><td class=\"column-24\">3430<\/td>\n<\/tr>\n<tr class=\"row-204\">\n\t<td class=\"column-1\">10\/2021\t<\/td><td class=\"column-2\">08\/02\/2021<\/td><td class=\"column-3\">09\/02\/2021<\/td><td class=\"column-4\">08\/02\/2021 - 07\/11\/2021<\/td><td class=\"column-5\">11\/2021\t<\/td><td class=\"column-6\">Dispensa<\/td><td class=\"column-7\">Menor Pre\u00e7o Por Item<\/td><td class=\"column-8\"><\/td><td class=\"column-9\">CONTRATA\u00c7\u00c3O DE EMPRESA ESPECIALIZA EM ASSESSORIA EM ENGENHARIA CIVIL PARA A REALIZA\u00c7\u00c3O DO ACOMPANHAMENTOS DAS OBRAS P\u00daBLICAS MUNICIPAIS ASSIM COMO ALIMENTA\u00c7\u00c3O DOS SISTEMAS DE GEST\u00c3O DE RECURSOS PROVENIENTES DE CONV\u00caNIOS COM A ESFERA ESTADUAL E\/OU FEDERAL, PLATAFORMA +BRASIL, SIMEC, SISMOB E SIGA.<\/td><td class=\"column-10\">10010000 - Recursos Ordin\u00e1rios<\/td><td class=\"column-11\">31500<\/td><td class=\"column-12\">31.600.608\/0001-80<\/td><td class=\"column-13\">REIS E LOPES ENGENHARIA E ASSESSORIA LTDA<\/td><td class=\"column-14\">RAFAEL ANDERSON DE ARA\u00daJO SILVA<\/td><td class=\"column-15\"><\/td><td class=\"column-16\"><\/td><td class=\"column-17\"><\/td><td class=\"column-18\"><\/td><td class=\"column-19\">0<\/td><td class=\"column-20\"><\/td><td class=\"column-21\">3500<\/td><td class=\"column-22\">09\/07\/2021<\/td><td class=\"column-23\">13\/07\/2021<\/td><td class=\"column-24\">3500<\/td>\n<\/tr>\n<tr class=\"row-205\">\n\t<td class=\"column-1\">10\/2021\t<\/td><td class=\"column-2\">08\/02\/2021<\/td><td class=\"column-3\">09\/02\/2021<\/td><td class=\"column-4\">08\/02\/2021 - 07\/11\/2021<\/td><td class=\"column-5\">11\/2021\t<\/td><td class=\"column-6\">Dispensa<\/td><td class=\"column-7\">Menor Pre\u00e7o Por Item<\/td><td class=\"column-8\"><\/td><td class=\"column-9\">CONTRATA\u00c7\u00c3O DE EMPRESA ESPECIALIZA EM ASSESSORIA EM ENGENHARIA CIVIL PARA A REALIZA\u00c7\u00c3O DO ACOMPANHAMENTOS DAS OBRAS P\u00daBLICAS MUNICIPAIS ASSIM COMO ALIMENTA\u00c7\u00c3O DOS SISTEMAS DE GEST\u00c3O DE RECURSOS PROVENIENTES DE CONV\u00caNIOS COM A ESFERA ESTADUAL E\/OU FEDERAL, PLATAFORMA +BRASIL, SIMEC, SISMOB E SIGA.<\/td><td class=\"column-10\">10010000 - Recursos Ordin\u00e1rios<\/td><td class=\"column-11\">31500<\/td><td class=\"column-12\">31.600.608\/0001-80<\/td><td class=\"column-13\">REIS E LOPES ENGENHARIA E ASSESSORIA LTDA<\/td><td class=\"column-14\">RAFAEL ANDERSON DE ARA\u00daJO SILVA<\/td><td class=\"column-15\"><\/td><td class=\"column-16\"><\/td><td class=\"column-17\"><\/td><td class=\"column-18\"><\/td><td class=\"column-19\">0<\/td><td class=\"column-20\"><\/td><td class=\"column-21\">3500<\/td><td class=\"column-22\">10\/03\/2021<\/td><td class=\"column-23\">10\/03\/2021<\/td><td class=\"column-24\">3500<\/td>\n<\/tr>\n<tr class=\"row-206\">\n\t<td class=\"column-1\">10\/2021\t<\/td><td class=\"column-2\">08\/02\/2021<\/td><td class=\"column-3\">09\/02\/2021<\/td><td class=\"column-4\">08\/02\/2021 - 07\/11\/2021<\/td><td class=\"column-5\">11\/2021\t<\/td><td class=\"column-6\">Dispensa<\/td><td class=\"column-7\">Menor Pre\u00e7o Por Item<\/td><td class=\"column-8\"><\/td><td class=\"column-9\">CONTRATA\u00c7\u00c3O DE EMPRESA ESPECIALIZA EM ASSESSORIA EM ENGENHARIA CIVIL PARA A REALIZA\u00c7\u00c3O DO ACOMPANHAMENTOS DAS OBRAS P\u00daBLICAS MUNICIPAIS ASSIM COMO ALIMENTA\u00c7\u00c3O DOS SISTEMAS DE GEST\u00c3O DE RECURSOS PROVENIENTES DE CONV\u00caNIOS COM A ESFERA ESTADUAL E\/OU FEDERAL, PLATAFORMA +BRASIL, SIMEC, SISMOB E SIGA.<\/td><td class=\"column-10\">10010000 - Recursos Ordin\u00e1rios<\/td><td class=\"column-11\">31500<\/td><td class=\"column-12\">31.600.608\/0001-80<\/td><td class=\"column-13\">REIS E LOPES ENGENHARIA E ASSESSORIA LTDA<\/td><td class=\"column-14\">RAFAEL ANDERSON DE ARA\u00daJO SILVA<\/td><td class=\"column-15\"><\/td><td class=\"column-16\"><\/td><td class=\"column-17\"><\/td><td class=\"column-18\"><\/td><td class=\"column-19\">0<\/td><td class=\"column-20\"><\/td><td class=\"column-21\">3500<\/td><td class=\"column-22\">11\/06\/2021<\/td><td class=\"column-23\">15\/06\/2021<\/td><td class=\"column-24\">3500<\/td>\n<\/tr>\n<tr class=\"row-207\">\n\t<td class=\"column-1\">10\/2021\t<\/td><td class=\"column-2\">08\/02\/2021<\/td><td class=\"column-3\">09\/02\/2021<\/td><td class=\"column-4\">08\/02\/2021 - 07\/11\/2021<\/td><td class=\"column-5\">11\/2021\t<\/td><td class=\"column-6\">Dispensa<\/td><td class=\"column-7\">Menor Pre\u00e7o Por Item<\/td><td class=\"column-8\"><\/td><td class=\"column-9\">CONTRATA\u00c7\u00c3O DE EMPRESA ESPECIALIZA EM ASSESSORIA EM ENGENHARIA CIVIL PARA A REALIZA\u00c7\u00c3O DO ACOMPANHAMENTOS DAS OBRAS P\u00daBLICAS MUNICIPAIS ASSIM COMO ALIMENTA\u00c7\u00c3O DOS SISTEMAS DE GEST\u00c3O DE RECURSOS PROVENIENTES DE CONV\u00caNIOS COM A ESFERA ESTADUAL E\/OU FEDERAL, PLATAFORMA +BRASIL, SIMEC, SISMOB E SIGA.<\/td><td class=\"column-10\">10010000 - Recursos Ordin\u00e1rios<\/td><td class=\"column-11\">31500<\/td><td class=\"column-12\">31.600.608\/0001-80<\/td><td class=\"column-13\">REIS E LOPES ENGENHARIA E ASSESSORIA LTDA<\/td><td class=\"column-14\">RAFAEL ANDERSON DE ARA\u00daJO SILVA<\/td><td class=\"column-15\"><\/td><td class=\"column-16\"><\/td><td class=\"column-17\"><\/td><td class=\"column-18\"><\/td><td class=\"column-19\">0<\/td><td class=\"column-20\"><\/td><td class=\"column-21\">3500<\/td><td class=\"column-22\">13\/04\/2021<\/td><td class=\"column-23\">13\/04\/2021<\/td><td class=\"column-24\">3500<\/td>\n<\/tr>\n<tr class=\"row-208\">\n\t<td class=\"column-1\">10\/2021\t<\/td><td class=\"column-2\">08\/02\/2021<\/td><td class=\"column-3\">09\/02\/2021<\/td><td class=\"column-4\">08\/02\/2021 - 07\/11\/2021<\/td><td class=\"column-5\">11\/2021\t<\/td><td class=\"column-6\">Dispensa<\/td><td class=\"column-7\">Menor Pre\u00e7o Por Item<\/td><td class=\"column-8\"><\/td><td class=\"column-9\">CONTRATA\u00c7\u00c3O DE EMPRESA ESPECIALIZA EM ASSESSORIA EM ENGENHARIA CIVIL PARA A REALIZA\u00c7\u00c3O DO ACOMPANHAMENTOS DAS OBRAS P\u00daBLICAS MUNICIPAIS ASSIM COMO ALIMENTA\u00c7\u00c3O DOS SISTEMAS DE GEST\u00c3O DE RECURSOS PROVENIENTES DE CONV\u00caNIOS COM A ESFERA ESTADUAL E\/OU FEDERAL, PLATAFORMA +BRASIL, SIMEC, SISMOB E SIGA.<\/td><td class=\"column-10\">10010000 - Recursos Ordin\u00e1rios<\/td><td class=\"column-11\">31500<\/td><td class=\"column-12\">31.600.608\/0001-80<\/td><td class=\"column-13\">REIS E LOPES ENGENHARIA E ASSESSORIA LTDA<\/td><td class=\"column-14\">RAFAEL ANDERSON DE ARA\u00daJO SILVA<\/td><td class=\"column-15\"><\/td><td class=\"column-16\"><\/td><td class=\"column-17\"><\/td><td class=\"column-18\"><\/td><td class=\"column-19\">0<\/td><td class=\"column-20\"><\/td><td class=\"column-21\">3500<\/td><td class=\"column-22\">14\/10\/2021<\/td><td class=\"column-23\">18\/10\/2021<\/td><td class=\"column-24\">70<\/td>\n<\/tr>\n<tr class=\"row-209\">\n\t<td class=\"column-1\">10\/2021\t<\/td><td class=\"column-2\">08\/02\/2021<\/td><td class=\"column-3\">09\/02\/2021<\/td><td class=\"column-4\">08\/02\/2021 - 07\/11\/2021<\/td><td class=\"column-5\">11\/2021\t<\/td><td class=\"column-6\">Dispensa<\/td><td class=\"column-7\">Menor Pre\u00e7o Por Item<\/td><td class=\"column-8\"><\/td><td class=\"column-9\">CONTRATA\u00c7\u00c3O DE EMPRESA ESPECIALIZA EM ASSESSORIA EM ENGENHARIA CIVIL PARA A REALIZA\u00c7\u00c3O DO ACOMPANHAMENTOS DAS OBRAS P\u00daBLICAS MUNICIPAIS ASSIM COMO ALIMENTA\u00c7\u00c3O DOS SISTEMAS DE GEST\u00c3O DE RECURSOS PROVENIENTES DE CONV\u00caNIOS COM A ESFERA ESTADUAL E\/OU FEDERAL, PLATAFORMA +BRASIL, SIMEC, SISMOB E SIGA.<\/td><td class=\"column-10\">10010000 - Recursos Ordin\u00e1rios<\/td><td class=\"column-11\">31500<\/td><td class=\"column-12\">31.600.608\/0001-80<\/td><td class=\"column-13\">REIS E LOPES ENGENHARIA E ASSESSORIA LTDA<\/td><td class=\"column-14\">RAFAEL ANDERSON DE ARA\u00daJO SILVA<\/td><td class=\"column-15\"><\/td><td class=\"column-16\"><\/td><td class=\"column-17\"><\/td><td class=\"column-18\"><\/td><td class=\"column-19\">0<\/td><td class=\"column-20\"><\/td><td class=\"column-21\">3500<\/td><td class=\"column-22\">14\/10\/2021<\/td><td class=\"column-23\">18\/10\/2021<\/td><td class=\"column-24\">3430<\/td>\n<\/tr>\n<tr class=\"row-210\">\n\t<td class=\"column-1\">10\/2021\t<\/td><td class=\"column-2\">08\/02\/2021<\/td><td class=\"column-3\">09\/02\/2021<\/td><td class=\"column-4\">08\/02\/2021 - 07\/11\/2021<\/td><td class=\"column-5\">11\/2021\t<\/td><td class=\"column-6\">Dispensa<\/td><td class=\"column-7\">Menor Pre\u00e7o Por Item<\/td><td class=\"column-8\"><\/td><td class=\"column-9\">CONTRATA\u00c7\u00c3O DE EMPRESA ESPECIALIZA EM ASSESSORIA EM ENGENHARIA CIVIL PARA A REALIZA\u00c7\u00c3O DO ACOMPANHAMENTOS DAS OBRAS P\u00daBLICAS MUNICIPAIS ASSIM COMO ALIMENTA\u00c7\u00c3O DOS SISTEMAS DE GEST\u00c3O DE RECURSOS PROVENIENTES DE CONV\u00caNIOS COM A ESFERA ESTADUAL E\/OU FEDERAL, PLATAFORMA +BRASIL, SIMEC, SISMOB E SIGA.<\/td><td class=\"column-10\">10010000 - Recursos Ordin\u00e1rios<\/td><td class=\"column-11\">31500<\/td><td class=\"column-12\">31.600.608\/0001-80<\/td><td class=\"column-13\">REIS E LOPES ENGENHARIA E ASSESSORIA LTDA<\/td><td class=\"column-14\">RAFAEL ANDERSON DE ARA\u00daJO SILVA<\/td><td class=\"column-15\"><\/td><td class=\"column-16\"><\/td><td class=\"column-17\"><\/td><td class=\"column-18\"><\/td><td class=\"column-19\">0<\/td><td class=\"column-20\"><\/td><td class=\"column-21\">3500<\/td><td class=\"column-22\">18\/05\/2021<\/td><td class=\"column-23\">19\/05\/2021<\/td><td class=\"column-24\">3500<\/td>\n<\/tr>\n<tr class=\"row-211\">\n\t<td class=\"column-1\">10\/2021\t<\/td><td class=\"column-2\">08\/02\/2021<\/td><td class=\"column-3\">09\/02\/2021<\/td><td class=\"column-4\">08\/02\/2021 - 07\/11\/2021<\/td><td class=\"column-5\">11\/2021\t<\/td><td class=\"column-6\">Dispensa<\/td><td class=\"column-7\">Menor Pre\u00e7o Por Item<\/td><td class=\"column-8\"><\/td><td class=\"column-9\">CONTRATA\u00c7\u00c3O DE EMPRESA ESPECIALIZA EM ASSESSORIA EM ENGENHARIA CIVIL PARA A REALIZA\u00c7\u00c3O DO ACOMPANHAMENTOS DAS OBRAS P\u00daBLICAS MUNICIPAIS ASSIM COMO ALIMENTA\u00c7\u00c3O DOS SISTEMAS DE GEST\u00c3O DE RECURSOS PROVENIENTES DE CONV\u00caNIOS COM A ESFERA ESTADUAL E\/OU FEDERAL, PLATAFORMA +BRASIL, SIMEC, SISMOB E SIGA.<\/td><td class=\"column-10\">10010000 - Recursos Ordin\u00e1rios<\/td><td class=\"column-11\">31500<\/td><td class=\"column-12\">31.600.608\/0001-80<\/td><td class=\"column-13\">REIS E LOPES ENGENHARIA E ASSESSORIA LTDA<\/td><td class=\"column-14\">RAFAEL ANDERSON DE ARA\u00daJO SILVA<\/td><td class=\"column-15\"><\/td><td class=\"column-16\"><\/td><td class=\"column-17\"><\/td><td class=\"column-18\"><\/td><td class=\"column-19\">0<\/td><td class=\"column-20\"><\/td><td class=\"column-21\">3500<\/td><td class=\"column-22\">20\/08\/2021<\/td><td class=\"column-23\">23\/08\/2021<\/td><td class=\"column-24\">3500<\/td>\n<\/tr>\n<tr class=\"row-212\">\n\t<td class=\"column-1\">11\/2021\t<\/td><td class=\"column-2\">04\/02\/2021<\/td><td class=\"column-3\">12\/02\/2021<\/td><td class=\"column-4\">04\/02\/2021 - 03\/05\/2021<\/td><td class=\"column-5\">14\/2021\t<\/td><td class=\"column-6\">Dispensa<\/td><td class=\"column-7\">Menor Pre\u00e7o Por Item<\/td><td class=\"column-8\"><\/td><td class=\"column-9\">CONTRATA\u00c7\u00c3O DE EMPRESA ESPECIALIZADA NA PRESTA\u00c7\u00c3O DOS SERVI\u00c7OS DE LOCA\u00c7\u00c3O DE VE\u00cdCULOS, COM MOTORISTA, POR QUILOMETRAGEM LIVRE.<\/td><td class=\"column-10\">10010000 - Recursos Ordin\u00e1rios<\/td><td class=\"column-11\">347190<\/td><td class=\"column-12\">36.182.708\/0001-58<\/td><td class=\"column-13\">CONSTRUTORA BEZERRIL SOUTO EIRELI<\/td><td class=\"column-14\">RAFAEL ANDERSON DE ARA\u00daJO SILVA<\/td><td class=\"column-15\"><\/td><td class=\"column-16\"><\/td><td class=\"column-17\"><\/td><td class=\"column-18\"><\/td><td class=\"column-19\">0<\/td><td class=\"column-20\"><\/td><td class=\"column-21\"><\/td><td class=\"column-22\"><\/td><td class=\"column-23\"><\/td><td class=\"column-24\"><\/td>\n<\/tr>\n<tr class=\"row-213\">\n\t<td class=\"column-1\">11\/2021\t<\/td><td class=\"column-2\">04\/02\/2021<\/td><td class=\"column-3\">12\/02\/2021<\/td><td class=\"column-4\">04\/02\/2021 - 03\/05\/2021<\/td><td class=\"column-5\">14\/2021\t<\/td><td class=\"column-6\">Dispensa<\/td><td class=\"column-7\">Menor Pre\u00e7o Por Item<\/td><td class=\"column-8\"><\/td><td class=\"column-9\">CONTRATA\u00c7\u00c3O DE EMPRESA ESPECIALIZADA NA PRESTA\u00c7\u00c3O DOS SERVI\u00c7OS DE LOCA\u00c7\u00c3O DE VE\u00cdCULOS, COM MOTORISTA, POR QUILOMETRAGEM LIVRE.<\/td><td class=\"column-10\">10010000 - Recursos Ordin\u00e1rios<\/td><td class=\"column-11\">347190<\/td><td class=\"column-12\">36.182.708\/0001-58<\/td><td class=\"column-13\">CONSTRUTORA BEZERRIL SOUTO EIRELI<\/td><td class=\"column-14\">RAFAEL ANDERSON DE ARA\u00daJO SILVA<\/td><td class=\"column-15\"><\/td><td class=\"column-16\"><\/td><td class=\"column-17\"><\/td><td class=\"column-18\"><\/td><td class=\"column-19\">0<\/td><td class=\"column-20\"><\/td><td class=\"column-21\">3950<\/td><td class=\"column-22\">13\/05\/2021<\/td><td class=\"column-23\">14\/05\/2021<\/td><td class=\"column-24\">434.5<\/td>\n<\/tr>\n<tr class=\"row-214\">\n\t<td class=\"column-1\">11\/2021\t<\/td><td class=\"column-2\">04\/02\/2021<\/td><td class=\"column-3\">12\/02\/2021<\/td><td class=\"column-4\">04\/02\/2021 - 03\/05\/2021<\/td><td class=\"column-5\">14\/2021\t<\/td><td class=\"column-6\">Dispensa<\/td><td class=\"column-7\">Menor Pre\u00e7o Por Item<\/td><td class=\"column-8\"><\/td><td class=\"column-9\">CONTRATA\u00c7\u00c3O DE EMPRESA ESPECIALIZADA NA PRESTA\u00c7\u00c3O DOS SERVI\u00c7OS DE LOCA\u00c7\u00c3O DE VE\u00cdCULOS, COM MOTORISTA, POR QUILOMETRAGEM LIVRE.<\/td><td class=\"column-10\">10010000 - Recursos Ordin\u00e1rios<\/td><td class=\"column-11\">347190<\/td><td class=\"column-12\">36.182.708\/0001-58<\/td><td class=\"column-13\">CONSTRUTORA BEZERRIL SOUTO EIRELI<\/td><td class=\"column-14\">RAFAEL ANDERSON DE ARA\u00daJO SILVA<\/td><td class=\"column-15\"><\/td><td class=\"column-16\"><\/td><td class=\"column-17\"><\/td><td class=\"column-18\"><\/td><td class=\"column-19\">0<\/td><td class=\"column-20\"><\/td><td class=\"column-21\">3950<\/td><td class=\"column-22\">13\/05\/2021<\/td><td class=\"column-23\">14\/05\/2021<\/td><td class=\"column-24\">3318<\/td>\n<\/tr>\n<tr class=\"row-215\">\n\t<td class=\"column-1\">11\/2021\t<\/td><td class=\"column-2\">04\/02\/2021<\/td><td class=\"column-3\">12\/02\/2021<\/td><td class=\"column-4\">04\/02\/2021 - 03\/05\/2021<\/td><td class=\"column-5\">14\/2021\t<\/td><td class=\"column-6\">Dispensa<\/td><td class=\"column-7\">Menor Pre\u00e7o Por Item<\/td><td class=\"column-8\"><\/td><td class=\"column-9\">CONTRATA\u00c7\u00c3O DE EMPRESA ESPECIALIZADA NA PRESTA\u00c7\u00c3O DOS SERVI\u00c7OS DE LOCA\u00c7\u00c3O DE VE\u00cdCULOS, COM MOTORISTA, POR QUILOMETRAGEM LIVRE.<\/td><td class=\"column-10\">10010000 - Recursos Ordin\u00e1rios<\/td><td class=\"column-11\">347190<\/td><td class=\"column-12\">36.182.708\/0001-58<\/td><td class=\"column-13\">CONSTRUTORA BEZERRIL SOUTO EIRELI<\/td><td class=\"column-14\">RAFAEL ANDERSON DE ARA\u00daJO SILVA<\/td><td class=\"column-15\"><\/td><td class=\"column-16\"><\/td><td class=\"column-17\"><\/td><td class=\"column-18\"><\/td><td class=\"column-19\">0<\/td><td class=\"column-20\"><\/td><td class=\"column-21\">10030<\/td><td class=\"column-22\">13\/05\/2021<\/td><td class=\"column-23\">14\/05\/2021<\/td><td class=\"column-24\">501.5<\/td>\n<\/tr>\n<tr class=\"row-216\">\n\t<td class=\"column-1\">11\/2021\t<\/td><td class=\"column-2\">04\/02\/2021<\/td><td class=\"column-3\">12\/02\/2021<\/td><td class=\"column-4\">04\/02\/2021 - 03\/05\/2021<\/td><td class=\"column-5\">14\/2021\t<\/td><td class=\"column-6\">Dispensa<\/td><td class=\"column-7\">Menor Pre\u00e7o Por Item<\/td><td class=\"column-8\"><\/td><td class=\"column-9\">CONTRATA\u00c7\u00c3O DE EMPRESA ESPECIALIZADA NA PRESTA\u00c7\u00c3O DOS SERVI\u00c7OS DE LOCA\u00c7\u00c3O DE VE\u00cdCULOS, COM MOTORISTA, POR QUILOMETRAGEM LIVRE.<\/td><td class=\"column-10\">10010000 - Recursos Ordin\u00e1rios<\/td><td class=\"column-11\">347190<\/td><td class=\"column-12\">36.182.708\/0001-58<\/td><td class=\"column-13\">CONSTRUTORA BEZERRIL SOUTO EIRELI<\/td><td class=\"column-14\">RAFAEL ANDERSON DE ARA\u00daJO SILVA<\/td><td class=\"column-15\"><\/td><td class=\"column-16\"><\/td><td class=\"column-17\"><\/td><td class=\"column-18\"><\/td><td class=\"column-19\">0<\/td><td class=\"column-20\"><\/td><td class=\"column-21\">10030<\/td><td class=\"column-22\">13\/05\/2021<\/td><td class=\"column-23\">14\/05\/2021<\/td><td class=\"column-24\">1103.3<\/td>\n<\/tr>\n<tr class=\"row-217\">\n\t<td class=\"column-1\">11\/2021\t<\/td><td class=\"column-2\">04\/02\/2021<\/td><td class=\"column-3\">12\/02\/2021<\/td><td class=\"column-4\">04\/02\/2021 - 03\/05\/2021<\/td><td class=\"column-5\">14\/2021\t<\/td><td class=\"column-6\">Dispensa<\/td><td class=\"column-7\">Menor Pre\u00e7o Por Item<\/td><td class=\"column-8\"><\/td><td class=\"column-9\">CONTRATA\u00c7\u00c3O DE EMPRESA ESPECIALIZADA NA PRESTA\u00c7\u00c3O DOS SERVI\u00c7OS DE LOCA\u00c7\u00c3O DE VE\u00cdCULOS, COM MOTORISTA, POR QUILOMETRAGEM LIVRE.<\/td><td class=\"column-10\">10010000 - Recursos Ordin\u00e1rios<\/td><td class=\"column-11\">347190<\/td><td class=\"column-12\">36.182.708\/0001-58<\/td><td class=\"column-13\">CONSTRUTORA BEZERRIL SOUTO EIRELI<\/td><td class=\"column-14\">RAFAEL ANDERSON DE ARA\u00daJO SILVA<\/td><td class=\"column-15\"><\/td><td class=\"column-16\"><\/td><td class=\"column-17\"><\/td><td class=\"column-18\"><\/td><td class=\"column-19\">0<\/td><td class=\"column-20\"><\/td><td class=\"column-21\">10030<\/td><td class=\"column-22\">13\/05\/2021<\/td><td class=\"column-23\">14\/05\/2021<\/td><td class=\"column-24\">8425.2<\/td>\n<\/tr>\n<tr class=\"row-218\">\n\t<td class=\"column-1\">11\/2021\t<\/td><td class=\"column-2\">04\/02\/2021<\/td><td class=\"column-3\">12\/02\/2021<\/td><td class=\"column-4\">04\/02\/2021 - 03\/05\/2021<\/td><td class=\"column-5\">14\/2021\t<\/td><td class=\"column-6\">Dispensa<\/td><td class=\"column-7\">Menor Pre\u00e7o Por Item<\/td><td class=\"column-8\"><\/td><td class=\"column-9\">CONTRATA\u00c7\u00c3O DE EMPRESA ESPECIALIZADA NA PRESTA\u00c7\u00c3O DOS SERVI\u00c7OS DE LOCA\u00c7\u00c3O DE VE\u00cdCULOS, COM MOTORISTA, POR QUILOMETRAGEM LIVRE.<\/td><td class=\"column-10\">10010000 - Recursos Ordin\u00e1rios<\/td><td class=\"column-11\">347190<\/td><td class=\"column-12\">36.182.708\/0001-58<\/td><td class=\"column-13\">CONSTRUTORA BEZERRIL SOUTO EIRELI<\/td><td class=\"column-14\">RAFAEL ANDERSON DE ARA\u00daJO SILVA<\/td><td class=\"column-15\"><\/td><td class=\"column-16\"><\/td><td class=\"column-17\"><\/td><td class=\"column-18\"><\/td><td class=\"column-19\">0<\/td><td class=\"column-20\"><\/td><td class=\"column-21\">13100<\/td><td class=\"column-22\">13\/05\/2021<\/td><td class=\"column-23\"><\/td><td class=\"column-24\"><\/td>\n<\/tr>\n<tr class=\"row-219\">\n\t<td class=\"column-1\">11\/2021\t<\/td><td class=\"column-2\">04\/02\/2021<\/td><td class=\"column-3\">12\/02\/2021<\/td><td class=\"column-4\">04\/02\/2021 - 03\/05\/2021<\/td><td class=\"column-5\">14\/2021\t<\/td><td class=\"column-6\">Dispensa<\/td><td class=\"column-7\">Menor Pre\u00e7o Por Item<\/td><td class=\"column-8\"><\/td><td class=\"column-9\">CONTRATA\u00c7\u00c3O DE EMPRESA ESPECIALIZADA NA PRESTA\u00c7\u00c3O DOS SERVI\u00c7OS DE LOCA\u00c7\u00c3O DE VE\u00cdCULOS, COM MOTORISTA, POR QUILOMETRAGEM LIVRE.<\/td><td class=\"column-10\">10010000 - Recursos Ordin\u00e1rios<\/td><td class=\"column-11\">347190<\/td><td class=\"column-12\">36.182.708\/0001-58<\/td><td class=\"column-13\">CONSTRUTORA BEZERRIL SOUTO EIRELI<\/td><td class=\"column-14\">RAFAEL ANDERSON DE ARA\u00daJO SILVA<\/td><td class=\"column-15\"><\/td><td class=\"column-16\"><\/td><td class=\"column-17\"><\/td><td class=\"column-18\"><\/td><td class=\"column-19\">0<\/td><td class=\"column-20\"><\/td><td class=\"column-21\">13100<\/td><td class=\"column-22\">13\/05\/2021<\/td><td class=\"column-23\">14\/05\/2021<\/td><td class=\"column-24\">655<\/td>\n<\/tr>\n<tr class=\"row-220\">\n\t<td class=\"column-1\">11\/2021\t<\/td><td class=\"column-2\">04\/02\/2021<\/td><td class=\"column-3\">12\/02\/2021<\/td><td class=\"column-4\">04\/02\/2021 - 03\/05\/2021<\/td><td class=\"column-5\">14\/2021\t<\/td><td class=\"column-6\">Dispensa<\/td><td class=\"column-7\">Menor Pre\u00e7o Por Item<\/td><td class=\"column-8\"><\/td><td class=\"column-9\">CONTRATA\u00c7\u00c3O DE EMPRESA ESPECIALIZADA NA PRESTA\u00c7\u00c3O DOS SERVI\u00c7OS DE LOCA\u00c7\u00c3O DE VE\u00cdCULOS, COM MOTORISTA, POR QUILOMETRAGEM LIVRE.<\/td><td class=\"column-10\">10010000 - Recursos Ordin\u00e1rios<\/td><td class=\"column-11\">347190<\/td><td class=\"column-12\">36.182.708\/0001-58<\/td><td class=\"column-13\">CONSTRUTORA BEZERRIL SOUTO EIRELI<\/td><td class=\"column-14\">RAFAEL ANDERSON DE ARA\u00daJO SILVA<\/td><td class=\"column-15\"><\/td><td class=\"column-16\"><\/td><td class=\"column-17\"><\/td><td class=\"column-18\"><\/td><td class=\"column-19\">0<\/td><td class=\"column-20\"><\/td><td class=\"column-21\">13100<\/td><td class=\"column-22\">13\/05\/2021<\/td><td class=\"column-23\">14\/05\/2021<\/td><td class=\"column-24\">1441<\/td>\n<\/tr>\n<tr class=\"row-221\">\n\t<td class=\"column-1\">11\/2021\t<\/td><td class=\"column-2\">04\/02\/2021<\/td><td class=\"column-3\">12\/02\/2021<\/td><td class=\"column-4\">04\/02\/2021 - 03\/05\/2021<\/td><td class=\"column-5\">14\/2021\t<\/td><td class=\"column-6\">Dispensa<\/td><td class=\"column-7\">Menor Pre\u00e7o Por Item<\/td><td class=\"column-8\"><\/td><td class=\"column-9\">CONTRATA\u00c7\u00c3O DE EMPRESA ESPECIALIZADA NA PRESTA\u00c7\u00c3O DOS SERVI\u00c7OS DE LOCA\u00c7\u00c3O DE VE\u00cdCULOS, COM MOTORISTA, POR QUILOMETRAGEM LIVRE.<\/td><td class=\"column-10\">10010000 - Recursos Ordin\u00e1rios<\/td><td class=\"column-11\">347190<\/td><td class=\"column-12\">36.182.708\/0001-58<\/td><td class=\"column-13\">CONSTRUTORA BEZERRIL SOUTO EIRELI<\/td><td class=\"column-14\">RAFAEL ANDERSON DE ARA\u00daJO SILVA<\/td><td class=\"column-15\"><\/td><td class=\"column-16\"><\/td><td class=\"column-17\"><\/td><td class=\"column-18\"><\/td><td class=\"column-19\">0<\/td><td class=\"column-20\"><\/td><td class=\"column-21\">13100<\/td><td class=\"column-22\">13\/05\/2021<\/td><td class=\"column-23\">14\/05\/2021<\/td><td class=\"column-24\">11004<\/td>\n<\/tr>\n<tr class=\"row-222\">\n\t<td class=\"column-1\">11\/2021\t<\/td><td class=\"column-2\">04\/02\/2021<\/td><td class=\"column-3\">12\/02\/2021<\/td><td class=\"column-4\">04\/02\/2021 - 03\/05\/2021<\/td><td class=\"column-5\">14\/2021\t<\/td><td class=\"column-6\">Dispensa<\/td><td class=\"column-7\">Menor Pre\u00e7o Por Item<\/td><td class=\"column-8\"><\/td><td class=\"column-9\">CONTRATA\u00c7\u00c3O DE EMPRESA ESPECIALIZADA NA PRESTA\u00c7\u00c3O DOS SERVI\u00c7OS DE LOCA\u00c7\u00c3O DE VE\u00cdCULOS, COM MOTORISTA, POR QUILOMETRAGEM LIVRE.<\/td><td class=\"column-10\">10010000 - Recursos Ordin\u00e1rios<\/td><td class=\"column-11\">347190<\/td><td class=\"column-12\">36.182.708\/0001-58<\/td><td class=\"column-13\">CONSTRUTORA BEZERRIL SOUTO EIRELI<\/td><td class=\"column-14\">RAFAEL ANDERSON DE ARA\u00daJO SILVA<\/td><td class=\"column-15\"><\/td><td class=\"column-16\"><\/td><td class=\"column-17\"><\/td><td class=\"column-18\"><\/td><td class=\"column-19\">0<\/td><td class=\"column-20\"><\/td><td class=\"column-21\">21000<\/td><td class=\"column-22\">13\/05\/2021<\/td><td class=\"column-23\">14\/05\/2021<\/td><td class=\"column-24\">1050<\/td>\n<\/tr>\n<tr class=\"row-223\">\n\t<td class=\"column-1\">11\/2021\t<\/td><td class=\"column-2\">04\/02\/2021<\/td><td class=\"column-3\">12\/02\/2021<\/td><td class=\"column-4\">04\/02\/2021 - 03\/05\/2021<\/td><td class=\"column-5\">14\/2021\t<\/td><td class=\"column-6\">Dispensa<\/td><td class=\"column-7\">Menor Pre\u00e7o Por Item<\/td><td class=\"column-8\"><\/td><td class=\"column-9\">CONTRATA\u00c7\u00c3O DE EMPRESA ESPECIALIZADA NA PRESTA\u00c7\u00c3O DOS SERVI\u00c7OS DE LOCA\u00c7\u00c3O DE VE\u00cdCULOS, COM MOTORISTA, POR QUILOMETRAGEM LIVRE.<\/td><td class=\"column-10\">10010000 - Recursos Ordin\u00e1rios<\/td><td class=\"column-11\">347190<\/td><td class=\"column-12\">36.182.708\/0001-58<\/td><td class=\"column-13\">CONSTRUTORA BEZERRIL SOUTO EIRELI<\/td><td class=\"column-14\">RAFAEL ANDERSON DE ARA\u00daJO SILVA<\/td><td class=\"column-15\"><\/td><td class=\"column-16\"><\/td><td class=\"column-17\"><\/td><td class=\"column-18\"><\/td><td class=\"column-19\">0<\/td><td class=\"column-20\"><\/td><td class=\"column-21\">21000<\/td><td class=\"column-22\">13\/05\/2021<\/td><td class=\"column-23\">14\/05\/2021<\/td><td class=\"column-24\">2310<\/td>\n<\/tr>\n<tr class=\"row-224\">\n\t<td class=\"column-1\">11\/2021\t<\/td><td class=\"column-2\">04\/02\/2021<\/td><td class=\"column-3\">12\/02\/2021<\/td><td class=\"column-4\">04\/02\/2021 - 03\/05\/2021<\/td><td class=\"column-5\">14\/2021\t<\/td><td class=\"column-6\">Dispensa<\/td><td class=\"column-7\">Menor Pre\u00e7o Por Item<\/td><td class=\"column-8\"><\/td><td class=\"column-9\">CONTRATA\u00c7\u00c3O DE EMPRESA ESPECIALIZADA NA PRESTA\u00c7\u00c3O DOS SERVI\u00c7OS DE LOCA\u00c7\u00c3O DE VE\u00cdCULOS, COM MOTORISTA, POR QUILOMETRAGEM LIVRE.<\/td><td class=\"column-10\">10010000 - Recursos Ordin\u00e1rios<\/td><td class=\"column-11\">347190<\/td><td class=\"column-12\">36.182.708\/0001-58<\/td><td class=\"column-13\">CONSTRUTORA BEZERRIL SOUTO EIRELI<\/td><td class=\"column-14\">RAFAEL ANDERSON DE ARA\u00daJO SILVA<\/td><td class=\"column-15\"><\/td><td class=\"column-16\"><\/td><td class=\"column-17\"><\/td><td class=\"column-18\"><\/td><td class=\"column-19\">0<\/td><td class=\"column-20\"><\/td><td class=\"column-21\">21000<\/td><td class=\"column-22\">13\/05\/2021<\/td><td class=\"column-23\">14\/05\/2021<\/td><td class=\"column-24\">17640<\/td>\n<\/tr>\n<tr class=\"row-225\">\n\t<td class=\"column-1\">11\/2021\t<\/td><td class=\"column-2\">04\/02\/2021<\/td><td class=\"column-3\">12\/02\/2021<\/td><td class=\"column-4\">04\/02\/2021 - 03\/05\/2021<\/td><td class=\"column-5\">14\/2021\t<\/td><td class=\"column-6\">Dispensa<\/td><td class=\"column-7\">Menor Pre\u00e7o Por Item<\/td><td class=\"column-8\"><\/td><td class=\"column-9\">CONTRATA\u00c7\u00c3O DE EMPRESA ESPECIALIZADA NA PRESTA\u00c7\u00c3O DOS SERVI\u00c7OS DE LOCA\u00c7\u00c3O DE VE\u00cdCULOS, COM MOTORISTA, POR QUILOMETRAGEM LIVRE.<\/td><td class=\"column-10\">10010000 - Recursos Ordin\u00e1rios<\/td><td class=\"column-11\">347190<\/td><td class=\"column-12\">36.182.708\/0001-58<\/td><td class=\"column-13\">CONSTRUTORA BEZERRIL SOUTO EIRELI<\/td><td class=\"column-14\">RAFAEL ANDERSON DE ARA\u00daJO SILVA<\/td><td class=\"column-15\"><\/td><td class=\"column-16\"><\/td><td class=\"column-17\"><\/td><td class=\"column-18\"><\/td><td class=\"column-19\">0<\/td><td class=\"column-20\"><\/td><td class=\"column-21\">31700<\/td><td class=\"column-22\">13\/05\/2021<\/td><td class=\"column-23\">14\/05\/2021<\/td><td class=\"column-24\">1585<\/td>\n<\/tr>\n<tr class=\"row-226\">\n\t<td class=\"column-1\">11\/2021\t<\/td><td class=\"column-2\">04\/02\/2021<\/td><td class=\"column-3\">12\/02\/2021<\/td><td class=\"column-4\">04\/02\/2021 - 03\/05\/2021<\/td><td class=\"column-5\">14\/2021\t<\/td><td class=\"column-6\">Dispensa<\/td><td class=\"column-7\">Menor Pre\u00e7o Por Item<\/td><td class=\"column-8\"><\/td><td class=\"column-9\">CONTRATA\u00c7\u00c3O DE EMPRESA ESPECIALIZADA NA PRESTA\u00c7\u00c3O DOS SERVI\u00c7OS DE LOCA\u00c7\u00c3O DE VE\u00cdCULOS, COM MOTORISTA, POR QUILOMETRAGEM LIVRE.<\/td><td class=\"column-10\">10010000 - Recursos Ordin\u00e1rios<\/td><td class=\"column-11\">347190<\/td><td class=\"column-12\">36.182.708\/0001-58<\/td><td class=\"column-13\">CONSTRUTORA BEZERRIL SOUTO EIRELI<\/td><td class=\"column-14\">RAFAEL ANDERSON DE ARA\u00daJO SILVA<\/td><td class=\"column-15\"><\/td><td class=\"column-16\"><\/td><td class=\"column-17\"><\/td><td class=\"column-18\"><\/td><td class=\"column-19\">0<\/td><td class=\"column-20\"><\/td><td class=\"column-21\">31700<\/td><td class=\"column-22\">13\/05\/2021<\/td><td class=\"column-23\">14\/05\/2021<\/td><td class=\"column-24\">3487<\/td>\n<\/tr>\n<tr class=\"row-227\">\n\t<td class=\"column-1\">11\/2021\t<\/td><td class=\"column-2\">04\/02\/2021<\/td><td class=\"column-3\">12\/02\/2021<\/td><td class=\"column-4\">04\/02\/2021 - 03\/05\/2021<\/td><td class=\"column-5\">14\/2021\t<\/td><td class=\"column-6\">Dispensa<\/td><td class=\"column-7\">Menor Pre\u00e7o Por Item<\/td><td class=\"column-8\"><\/td><td class=\"column-9\">CONTRATA\u00c7\u00c3O DE EMPRESA ESPECIALIZADA NA PRESTA\u00c7\u00c3O DOS SERVI\u00c7OS DE LOCA\u00c7\u00c3O DE VE\u00cdCULOS, COM MOTORISTA, POR QUILOMETRAGEM LIVRE.<\/td><td class=\"column-10\">10010000 - Recursos Ordin\u00e1rios<\/td><td class=\"column-11\">347190<\/td><td class=\"column-12\">36.182.708\/0001-58<\/td><td class=\"column-13\">CONSTRUTORA BEZERRIL SOUTO EIRELI<\/td><td class=\"column-14\">RAFAEL ANDERSON DE ARA\u00daJO SILVA<\/td><td class=\"column-15\"><\/td><td class=\"column-16\"><\/td><td class=\"column-17\"><\/td><td class=\"column-18\"><\/td><td class=\"column-19\">0<\/td><td class=\"column-20\"><\/td><td class=\"column-21\">31700<\/td><td class=\"column-22\">13\/05\/2021<\/td><td class=\"column-23\">14\/05\/2021<\/td><td class=\"column-24\">26628<\/td>\n<\/tr>\n<tr class=\"row-228\">\n\t<td class=\"column-1\">11\/2021\t<\/td><td class=\"column-2\">04\/02\/2021<\/td><td class=\"column-3\">12\/02\/2021<\/td><td class=\"column-4\">04\/02\/2021 - 03\/05\/2021<\/td><td class=\"column-5\">14\/2021\t<\/td><td class=\"column-6\">Dispensa<\/td><td class=\"column-7\">Menor Pre\u00e7o Por Item<\/td><td class=\"column-8\"><\/td><td class=\"column-9\">CONTRATA\u00c7\u00c3O DE EMPRESA ESPECIALIZADA NA PRESTA\u00c7\u00c3O DOS SERVI\u00c7OS DE LOCA\u00c7\u00c3O DE VE\u00cdCULOS, COM MOTORISTA, POR QUILOMETRAGEM LIVRE.<\/td><td class=\"column-10\">10010000 - Recursos Ordin\u00e1rios<\/td><td class=\"column-11\">347190<\/td><td class=\"column-12\">36.182.708\/0001-58<\/td><td class=\"column-13\">CONSTRUTORA BEZERRIL SOUTO EIRELI<\/td><td class=\"column-14\">RAFAEL ANDERSON DE ARA\u00daJO SILVA<\/td><td class=\"column-15\"><\/td><td class=\"column-16\"><\/td><td class=\"column-17\"><\/td><td class=\"column-18\"><\/td><td class=\"column-19\">0<\/td><td class=\"column-20\"><\/td><td class=\"column-21\">35450<\/td><td class=\"column-22\">13\/05\/2021<\/td><td class=\"column-23\">14\/05\/2021<\/td><td class=\"column-24\">1772.5<\/td>\n<\/tr>\n<tr class=\"row-229\">\n\t<td class=\"column-1\">11\/2021\t<\/td><td class=\"column-2\">04\/02\/2021<\/td><td class=\"column-3\">12\/02\/2021<\/td><td class=\"column-4\">04\/02\/2021 - 03\/05\/2021<\/td><td class=\"column-5\">14\/2021\t<\/td><td class=\"column-6\">Dispensa<\/td><td class=\"column-7\">Menor Pre\u00e7o Por Item<\/td><td class=\"column-8\"><\/td><td class=\"column-9\">CONTRATA\u00c7\u00c3O DE EMPRESA ESPECIALIZADA NA PRESTA\u00c7\u00c3O DOS SERVI\u00c7OS DE LOCA\u00c7\u00c3O DE VE\u00cdCULOS, COM MOTORISTA, POR QUILOMETRAGEM LIVRE.<\/td><td class=\"column-10\">10010000 - Recursos Ordin\u00e1rios<\/td><td class=\"column-11\">347190<\/td><td class=\"column-12\">36.182.708\/0001-58<\/td><td class=\"column-13\">CONSTRUTORA BEZERRIL SOUTO EIRELI<\/td><td class=\"column-14\">RAFAEL ANDERSON DE ARA\u00daJO SILVA<\/td><td class=\"column-15\"><\/td><td class=\"column-16\"><\/td><td class=\"column-17\"><\/td><td class=\"column-18\"><\/td><td class=\"column-19\">0<\/td><td class=\"column-20\"><\/td><td class=\"column-21\">35450<\/td><td class=\"column-22\">13\/05\/2021<\/td><td class=\"column-23\">14\/05\/2021<\/td><td class=\"column-24\">3899.5<\/td>\n<\/tr>\n<tr class=\"row-230\">\n\t<td class=\"column-1\">11\/2021\t<\/td><td class=\"column-2\">04\/02\/2021<\/td><td class=\"column-3\">12\/02\/2021<\/td><td class=\"column-4\">04\/02\/2021 - 03\/05\/2021<\/td><td class=\"column-5\">14\/2021\t<\/td><td class=\"column-6\">Dispensa<\/td><td class=\"column-7\">Menor Pre\u00e7o Por Item<\/td><td class=\"column-8\"><\/td><td class=\"column-9\">CONTRATA\u00c7\u00c3O DE EMPRESA ESPECIALIZADA NA PRESTA\u00c7\u00c3O DOS SERVI\u00c7OS DE LOCA\u00c7\u00c3O DE VE\u00cdCULOS, COM MOTORISTA, POR QUILOMETRAGEM LIVRE.<\/td><td class=\"column-10\">10010000 - Recursos Ordin\u00e1rios<\/td><td class=\"column-11\">347190<\/td><td class=\"column-12\">36.182.708\/0001-58<\/td><td class=\"column-13\">CONSTRUTORA BEZERRIL SOUTO EIRELI<\/td><td class=\"column-14\">RAFAEL ANDERSON DE ARA\u00daJO SILVA<\/td><td class=\"column-15\"><\/td><td class=\"column-16\"><\/td><td class=\"column-17\"><\/td><td class=\"column-18\"><\/td><td class=\"column-19\">0<\/td><td class=\"column-20\"><\/td><td class=\"column-21\">35450<\/td><td class=\"column-22\">13\/05\/2021<\/td><td class=\"column-23\">14\/05\/2021<\/td><td class=\"column-24\">29778<\/td>\n<\/tr>\n<tr class=\"row-231\">\n\t<td class=\"column-1\">11\/2021\t<\/td><td class=\"column-2\">04\/02\/2021<\/td><td class=\"column-3\">12\/02\/2021<\/td><td class=\"column-4\">04\/02\/2021 - 03\/05\/2021<\/td><td class=\"column-5\">14\/2021\t<\/td><td class=\"column-6\">Dispensa<\/td><td class=\"column-7\">Menor Pre\u00e7o Por Item<\/td><td class=\"column-8\"><\/td><td class=\"column-9\">CONTRATA\u00c7\u00c3O DE EMPRESA ESPECIALIZADA NA PRESTA\u00c7\u00c3O DOS SERVI\u00c7OS DE LOCA\u00c7\u00c3O DE VE\u00cdCULOS, COM MOTORISTA, POR QUILOMETRAGEM LIVRE.<\/td><td class=\"column-10\">10010000 - Recursos Ordin\u00e1rios<\/td><td class=\"column-11\">347190<\/td><td class=\"column-12\">36.182.708\/0001-58<\/td><td class=\"column-13\">CONSTRUTORA BEZERRIL SOUTO EIRELI<\/td><td class=\"column-14\">RAFAEL ANDERSON DE ARA\u00daJO SILVA<\/td><td class=\"column-15\"><\/td><td class=\"column-16\"><\/td><td class=\"column-17\"><\/td><td class=\"column-18\"><\/td><td class=\"column-19\">0<\/td><td class=\"column-20\"><\/td><td class=\"column-21\">3950<\/td><td class=\"column-22\">14\/04\/2021<\/td><td class=\"column-23\">14\/04\/2021<\/td><td class=\"column-24\">3752.5<\/td>\n<\/tr>\n<tr class=\"row-232\">\n\t<td class=\"column-1\">11\/2021\t<\/td><td class=\"column-2\">04\/02\/2021<\/td><td class=\"column-3\">12\/02\/2021<\/td><td class=\"column-4\">04\/02\/2021 - 03\/05\/2021<\/td><td class=\"column-5\">14\/2021\t<\/td><td class=\"column-6\">Dispensa<\/td><td class=\"column-7\">Menor Pre\u00e7o Por Item<\/td><td class=\"column-8\"><\/td><td class=\"column-9\">CONTRATA\u00c7\u00c3O DE EMPRESA ESPECIALIZADA NA PRESTA\u00c7\u00c3O DOS SERVI\u00c7OS DE LOCA\u00c7\u00c3O DE VE\u00cdCULOS, COM MOTORISTA, POR QUILOMETRAGEM LIVRE.<\/td><td class=\"column-10\">10010000 - Recursos Ordin\u00e1rios<\/td><td class=\"column-11\">347190<\/td><td class=\"column-12\">36.182.708\/0001-58<\/td><td class=\"column-13\">CONSTRUTORA BEZERRIL SOUTO EIRELI<\/td><td class=\"column-14\">RAFAEL ANDERSON DE ARA\u00daJO SILVA<\/td><td class=\"column-15\"><\/td><td class=\"column-16\"><\/td><td class=\"column-17\"><\/td><td class=\"column-18\"><\/td><td class=\"column-19\">0<\/td><td class=\"column-20\"><\/td><td class=\"column-21\">5000<\/td><td class=\"column-22\">14\/04\/2021<\/td><td class=\"column-23\">14\/04\/2021<\/td><td class=\"column-24\">4750<\/td>\n<\/tr>\n<tr class=\"row-233\">\n\t<td class=\"column-1\">11\/2021\t<\/td><td class=\"column-2\">04\/02\/2021<\/td><td class=\"column-3\">12\/02\/2021<\/td><td class=\"column-4\">04\/02\/2021 - 03\/05\/2021<\/td><td class=\"column-5\">14\/2021\t<\/td><td class=\"column-6\">Dispensa<\/td><td class=\"column-7\">Menor Pre\u00e7o Por Item<\/td><td class=\"column-8\"><\/td><td class=\"column-9\">CONTRATA\u00c7\u00c3O DE EMPRESA ESPECIALIZADA NA PRESTA\u00c7\u00c3O DOS SERVI\u00c7OS DE LOCA\u00c7\u00c3O DE VE\u00cdCULOS, COM MOTORISTA, POR QUILOMETRAGEM LIVRE.<\/td><td class=\"column-10\">10010000 - Recursos Ordin\u00e1rios<\/td><td class=\"column-11\">347190<\/td><td class=\"column-12\">36.182.708\/0001-58<\/td><td class=\"column-13\">CONSTRUTORA BEZERRIL SOUTO EIRELI<\/td><td class=\"column-14\">RAFAEL ANDERSON DE ARA\u00daJO SILVA<\/td><td class=\"column-15\"><\/td><td class=\"column-16\"><\/td><td class=\"column-17\"><\/td><td class=\"column-18\"><\/td><td class=\"column-19\">0<\/td><td class=\"column-20\"><\/td><td class=\"column-21\">8100<\/td><td class=\"column-22\">14\/04\/2021<\/td><td class=\"column-23\">14\/04\/2021<\/td><td class=\"column-24\">7695<\/td>\n<\/tr>\n<tr class=\"row-234\">\n\t<td class=\"column-1\">11\/2021\t<\/td><td class=\"column-2\">04\/02\/2021<\/td><td class=\"column-3\">12\/02\/2021<\/td><td class=\"column-4\">04\/02\/2021 - 03\/05\/2021<\/td><td class=\"column-5\">14\/2021\t<\/td><td class=\"column-6\">Dispensa<\/td><td class=\"column-7\">Menor Pre\u00e7o Por Item<\/td><td class=\"column-8\"><\/td><td class=\"column-9\">CONTRATA\u00c7\u00c3O DE EMPRESA ESPECIALIZADA NA PRESTA\u00c7\u00c3O DOS SERVI\u00c7OS DE LOCA\u00c7\u00c3O DE VE\u00cdCULOS, COM MOTORISTA, POR QUILOMETRAGEM LIVRE.<\/td><td class=\"column-10\">10010000 - Recursos Ordin\u00e1rios<\/td><td class=\"column-11\">347190<\/td><td class=\"column-12\">36.182.708\/0001-58<\/td><td class=\"column-13\">CONSTRUTORA BEZERRIL SOUTO EIRELI<\/td><td class=\"column-14\">RAFAEL ANDERSON DE ARA\u00daJO SILVA<\/td><td class=\"column-15\"><\/td><td class=\"column-16\"><\/td><td class=\"column-17\"><\/td><td class=\"column-18\"><\/td><td class=\"column-19\">0<\/td><td class=\"column-20\"><\/td><td class=\"column-21\">10000<\/td><td class=\"column-22\">14\/04\/2021<\/td><td class=\"column-23\">14\/04\/2021<\/td><td class=\"column-24\">9500<\/td>\n<\/tr>\n<tr class=\"row-235\">\n\t<td class=\"column-1\">11\/2021\t<\/td><td class=\"column-2\">04\/02\/2021<\/td><td class=\"column-3\">12\/02\/2021<\/td><td class=\"column-4\">04\/02\/2021 - 03\/05\/2021<\/td><td class=\"column-5\">14\/2021\t<\/td><td class=\"column-6\">Dispensa<\/td><td class=\"column-7\">Menor Pre\u00e7o Por Item<\/td><td class=\"column-8\"><\/td><td class=\"column-9\">CONTRATA\u00c7\u00c3O DE EMPRESA ESPECIALIZADA NA PRESTA\u00c7\u00c3O DOS SERVI\u00c7OS DE LOCA\u00c7\u00c3O DE VE\u00cdCULOS, COM MOTORISTA, POR QUILOMETRAGEM LIVRE.<\/td><td class=\"column-10\">10010000 - Recursos Ordin\u00e1rios<\/td><td class=\"column-11\">347190<\/td><td class=\"column-12\">36.182.708\/0001-58<\/td><td class=\"column-13\">CONSTRUTORA BEZERRIL SOUTO EIRELI<\/td><td class=\"column-14\">RAFAEL ANDERSON DE ARA\u00daJO SILVA<\/td><td class=\"column-15\"><\/td><td class=\"column-16\"><\/td><td class=\"column-17\"><\/td><td class=\"column-18\"><\/td><td class=\"column-19\">0<\/td><td class=\"column-20\"><\/td><td class=\"column-21\">10030<\/td><td class=\"column-22\">14\/04\/2021<\/td><td class=\"column-23\">14\/04\/2021<\/td><td class=\"column-24\">9528.5<\/td>\n<\/tr>\n<tr class=\"row-236\">\n\t<td class=\"column-1\">11\/2021\t<\/td><td class=\"column-2\">04\/02\/2021<\/td><td class=\"column-3\">12\/02\/2021<\/td><td class=\"column-4\">04\/02\/2021 - 03\/05\/2021<\/td><td class=\"column-5\">14\/2021\t<\/td><td class=\"column-6\">Dispensa<\/td><td class=\"column-7\">Menor Pre\u00e7o Por Item<\/td><td class=\"column-8\"><\/td><td class=\"column-9\">CONTRATA\u00c7\u00c3O DE EMPRESA ESPECIALIZADA NA PRESTA\u00c7\u00c3O DOS SERVI\u00c7OS DE LOCA\u00c7\u00c3O DE VE\u00cdCULOS, COM MOTORISTA, POR QUILOMETRAGEM LIVRE.<\/td><td class=\"column-10\">10010000 - Recursos Ordin\u00e1rios<\/td><td class=\"column-11\">347190<\/td><td class=\"column-12\">36.182.708\/0001-58<\/td><td class=\"column-13\">CONSTRUTORA BEZERRIL SOUTO EIRELI<\/td><td class=\"column-14\">RAFAEL ANDERSON DE ARA\u00daJO SILVA<\/td><td class=\"column-15\"><\/td><td class=\"column-16\"><\/td><td class=\"column-17\"><\/td><td class=\"column-18\"><\/td><td class=\"column-19\">0<\/td><td class=\"column-20\"><\/td><td class=\"column-21\">10384.25<\/td><td class=\"column-22\">14\/04\/2021<\/td><td class=\"column-23\">14\/04\/2021<\/td><td class=\"column-24\">9865.04<\/td>\n<\/tr>\n<tr class=\"row-237\">\n\t<td class=\"column-1\">11\/2021\t<\/td><td class=\"column-2\">04\/02\/2021<\/td><td class=\"column-3\">12\/02\/2021<\/td><td class=\"column-4\">04\/02\/2021 - 03\/05\/2021<\/td><td class=\"column-5\">14\/2021\t<\/td><td class=\"column-6\">Dispensa<\/td><td class=\"column-7\">Menor Pre\u00e7o Por Item<\/td><td class=\"column-8\"><\/td><td class=\"column-9\">CONTRATA\u00c7\u00c3O DE EMPRESA ESPECIALIZADA NA PRESTA\u00c7\u00c3O DOS SERVI\u00c7OS DE LOCA\u00c7\u00c3O DE VE\u00cdCULOS, COM MOTORISTA, POR QUILOMETRAGEM LIVRE.<\/td><td class=\"column-10\">10010000 - Recursos Ordin\u00e1rios<\/td><td class=\"column-11\">347190<\/td><td class=\"column-12\">36.182.708\/0001-58<\/td><td class=\"column-13\">CONSTRUTORA BEZERRIL SOUTO EIRELI<\/td><td class=\"column-14\">RAFAEL ANDERSON DE ARA\u00daJO SILVA<\/td><td class=\"column-15\"><\/td><td class=\"column-16\"><\/td><td class=\"column-17\"><\/td><td class=\"column-18\"><\/td><td class=\"column-19\">0<\/td><td class=\"column-20\"><\/td><td class=\"column-21\">10615.75<\/td><td class=\"column-22\">14\/04\/2021<\/td><td class=\"column-23\">14\/04\/2021<\/td><td class=\"column-24\">10084.96<\/td>\n<\/tr>\n<tr class=\"row-238\">\n\t<td class=\"column-1\">11\/2021\t<\/td><td class=\"column-2\">04\/02\/2021<\/td><td class=\"column-3\">12\/02\/2021<\/td><td class=\"column-4\">04\/02\/2021 - 03\/05\/2021<\/td><td class=\"column-5\">14\/2021\t<\/td><td class=\"column-6\">Dispensa<\/td><td class=\"column-7\">Menor Pre\u00e7o Por Item<\/td><td class=\"column-8\"><\/td><td class=\"column-9\">CONTRATA\u00c7\u00c3O DE EMPRESA ESPECIALIZADA NA PRESTA\u00c7\u00c3O DOS SERVI\u00c7OS DE LOCA\u00c7\u00c3O DE VE\u00cdCULOS, COM MOTORISTA, POR QUILOMETRAGEM LIVRE.<\/td><td class=\"column-10\">10010000 - Recursos Ordin\u00e1rios<\/td><td class=\"column-11\">347190<\/td><td class=\"column-12\">36.182.708\/0001-58<\/td><td class=\"column-13\">CONSTRUTORA BEZERRIL SOUTO EIRELI<\/td><td class=\"column-14\">RAFAEL ANDERSON DE ARA\u00daJO SILVA<\/td><td class=\"column-15\"><\/td><td class=\"column-16\"><\/td><td class=\"column-17\"><\/td><td class=\"column-18\"><\/td><td class=\"column-19\">0<\/td><td class=\"column-20\"><\/td><td class=\"column-21\">25450<\/td><td class=\"column-22\">14\/04\/2021<\/td><td class=\"column-23\">14\/04\/2021<\/td><td class=\"column-24\">24177.5<\/td>\n<\/tr>\n<tr class=\"row-239\">\n\t<td class=\"column-1\">11\/2021\t<\/td><td class=\"column-2\">04\/02\/2021<\/td><td class=\"column-3\">12\/02\/2021<\/td><td class=\"column-4\">04\/02\/2021 - 03\/05\/2021<\/td><td class=\"column-5\">14\/2021\t<\/td><td class=\"column-6\">Dispensa<\/td><td class=\"column-7\">Menor Pre\u00e7o Por Item<\/td><td class=\"column-8\"><\/td><td class=\"column-9\">CONTRATA\u00c7\u00c3O DE EMPRESA ESPECIALIZADA NA PRESTA\u00c7\u00c3O DOS SERVI\u00c7OS DE LOCA\u00c7\u00c3O DE VE\u00cdCULOS, COM MOTORISTA, POR QUILOMETRAGEM LIVRE.<\/td><td class=\"column-10\">10010000 - Recursos Ordin\u00e1rios<\/td><td class=\"column-11\">347190<\/td><td class=\"column-12\">36.182.708\/0001-58<\/td><td class=\"column-13\">CONSTRUTORA BEZERRIL SOUTO EIRELI<\/td><td class=\"column-14\">RAFAEL ANDERSON DE ARA\u00daJO SILVA<\/td><td class=\"column-15\"><\/td><td class=\"column-16\"><\/td><td class=\"column-17\"><\/td><td class=\"column-18\"><\/td><td class=\"column-19\">0<\/td><td class=\"column-20\"><\/td><td class=\"column-21\">31700<\/td><td class=\"column-22\">14\/04\/2021<\/td><td class=\"column-23\">14\/04\/2021<\/td><td class=\"column-24\">30115<\/td>\n<\/tr>\n<tr class=\"row-240\">\n\t<td class=\"column-1\">11\/2021\t<\/td><td class=\"column-2\">04\/02\/2021<\/td><td class=\"column-3\">12\/02\/2021<\/td><td class=\"column-4\">04\/02\/2021 - 03\/05\/2021<\/td><td class=\"column-5\">14\/2021\t<\/td><td class=\"column-6\">Dispensa<\/td><td class=\"column-7\">Menor Pre\u00e7o Por Item<\/td><td class=\"column-8\"><\/td><td class=\"column-9\">CONTRATA\u00c7\u00c3O DE EMPRESA ESPECIALIZADA NA PRESTA\u00c7\u00c3O DOS SERVI\u00c7OS DE LOCA\u00c7\u00c3O DE VE\u00cdCULOS, COM MOTORISTA, POR QUILOMETRAGEM LIVRE.<\/td><td class=\"column-10\">10010000 - Recursos Ordin\u00e1rios<\/td><td class=\"column-11\">347190<\/td><td class=\"column-12\">36.182.708\/0001-58<\/td><td class=\"column-13\">CONSTRUTORA BEZERRIL SOUTO EIRELI<\/td><td class=\"column-14\">RAFAEL ANDERSON DE ARA\u00daJO SILVA<\/td><td class=\"column-15\"><\/td><td class=\"column-16\"><\/td><td class=\"column-17\"><\/td><td class=\"column-18\"><\/td><td class=\"column-19\">0<\/td><td class=\"column-20\"><\/td><td class=\"column-21\">3950<\/td><td class=\"column-22\">15\/03\/2021<\/td><td class=\"column-23\">14\/05\/2021<\/td><td class=\"column-24\">197.5<\/td>\n<\/tr>\n<tr class=\"row-241\">\n\t<td class=\"column-1\">11\/2021\t<\/td><td class=\"column-2\">04\/02\/2021<\/td><td class=\"column-3\">12\/02\/2021<\/td><td class=\"column-4\">04\/02\/2021 - 03\/05\/2021<\/td><td class=\"column-5\">14\/2021\t<\/td><td class=\"column-6\">Dispensa<\/td><td class=\"column-7\">Menor Pre\u00e7o Por Item<\/td><td class=\"column-8\"><\/td><td class=\"column-9\">CONTRATA\u00c7\u00c3O DE EMPRESA ESPECIALIZADA NA PRESTA\u00c7\u00c3O DOS SERVI\u00c7OS DE LOCA\u00c7\u00c3O DE VE\u00cdCULOS, COM MOTORISTA, POR QUILOMETRAGEM LIVRE.<\/td><td class=\"column-10\">10010000 - Recursos Ordin\u00e1rios<\/td><td class=\"column-11\">347190<\/td><td class=\"column-12\">36.182.708\/0001-58<\/td><td class=\"column-13\">CONSTRUTORA BEZERRIL SOUTO EIRELI<\/td><td class=\"column-14\">RAFAEL ANDERSON DE ARA\u00daJO SILVA<\/td><td class=\"column-15\"><\/td><td class=\"column-16\"><\/td><td class=\"column-17\"><\/td><td class=\"column-18\"><\/td><td class=\"column-19\">0<\/td><td class=\"column-20\"><\/td><td class=\"column-21\">3950<\/td><td class=\"column-22\">15\/03\/2021<\/td><td class=\"column-23\">15\/03\/2021<\/td><td class=\"column-24\">3258.75<\/td>\n<\/tr>\n<tr class=\"row-242\">\n\t<td class=\"column-1\">11\/2021\t<\/td><td class=\"column-2\">04\/02\/2021<\/td><td class=\"column-3\">12\/02\/2021<\/td><td class=\"column-4\">04\/02\/2021 - 03\/05\/2021<\/td><td class=\"column-5\">14\/2021\t<\/td><td class=\"column-6\">Dispensa<\/td><td class=\"column-7\">Menor Pre\u00e7o Por Item<\/td><td class=\"column-8\"><\/td><td class=\"column-9\">CONTRATA\u00c7\u00c3O DE EMPRESA ESPECIALIZADA NA PRESTA\u00c7\u00c3O DOS SERVI\u00c7OS DE LOCA\u00c7\u00c3O DE VE\u00cdCULOS, COM MOTORISTA, POR QUILOMETRAGEM LIVRE.<\/td><td class=\"column-10\">10010000 - Recursos Ordin\u00e1rios<\/td><td class=\"column-11\">347190<\/td><td class=\"column-12\">36.182.708\/0001-58<\/td><td class=\"column-13\">CONSTRUTORA BEZERRIL SOUTO EIRELI<\/td><td class=\"column-14\">RAFAEL ANDERSON DE ARA\u00daJO SILVA<\/td><td class=\"column-15\"><\/td><td class=\"column-16\"><\/td><td class=\"column-17\"><\/td><td class=\"column-18\"><\/td><td class=\"column-19\">0<\/td><td class=\"column-20\"><\/td><td class=\"column-21\">10030<\/td><td class=\"column-22\">15\/03\/2021<\/td><td class=\"column-23\">15\/03\/2021<\/td><td class=\"column-24\">8274.75<\/td>\n<\/tr>\n<tr class=\"row-243\">\n\t<td class=\"column-1\">11\/2021\t<\/td><td class=\"column-2\">04\/02\/2021<\/td><td class=\"column-3\">12\/02\/2021<\/td><td class=\"column-4\">04\/02\/2021 - 03\/05\/2021<\/td><td class=\"column-5\">14\/2021\t<\/td><td class=\"column-6\">Dispensa<\/td><td class=\"column-7\">Menor Pre\u00e7o Por Item<\/td><td class=\"column-8\"><\/td><td class=\"column-9\">CONTRATA\u00c7\u00c3O DE EMPRESA ESPECIALIZADA NA PRESTA\u00c7\u00c3O DOS SERVI\u00c7OS DE LOCA\u00c7\u00c3O DE VE\u00cdCULOS, COM MOTORISTA, POR QUILOMETRAGEM LIVRE.<\/td><td class=\"column-10\">10010000 - Recursos Ordin\u00e1rios<\/td><td class=\"column-11\">347190<\/td><td class=\"column-12\">36.182.708\/0001-58<\/td><td class=\"column-13\">CONSTRUTORA BEZERRIL SOUTO EIRELI<\/td><td class=\"column-14\">RAFAEL ANDERSON DE ARA\u00daJO SILVA<\/td><td class=\"column-15\"><\/td><td class=\"column-16\"><\/td><td class=\"column-17\"><\/td><td class=\"column-18\"><\/td><td class=\"column-19\">0<\/td><td class=\"column-20\"><\/td><td class=\"column-21\">13100<\/td><td class=\"column-22\">15\/03\/2021<\/td><td class=\"column-23\">15\/03\/2021<\/td><td class=\"column-24\">10807.5<\/td>\n<\/tr>\n<tr class=\"row-244\">\n\t<td class=\"column-1\">11\/2021\t<\/td><td class=\"column-2\">04\/02\/2021<\/td><td class=\"column-3\">12\/02\/2021<\/td><td class=\"column-4\">04\/02\/2021 - 03\/05\/2021<\/td><td class=\"column-5\">14\/2021\t<\/td><td class=\"column-6\">Dispensa<\/td><td class=\"column-7\">Menor Pre\u00e7o Por Item<\/td><td class=\"column-8\"><\/td><td class=\"column-9\">CONTRATA\u00c7\u00c3O DE EMPRESA ESPECIALIZADA NA PRESTA\u00c7\u00c3O DOS SERVI\u00c7OS DE LOCA\u00c7\u00c3O DE VE\u00cdCULOS, COM MOTORISTA, POR QUILOMETRAGEM LIVRE.<\/td><td class=\"column-10\">10010000 - Recursos Ordin\u00e1rios<\/td><td class=\"column-11\">347190<\/td><td class=\"column-12\">36.182.708\/0001-58<\/td><td class=\"column-13\">CONSTRUTORA BEZERRIL SOUTO EIRELI<\/td><td class=\"column-14\">RAFAEL ANDERSON DE ARA\u00daJO SILVA<\/td><td class=\"column-15\"><\/td><td class=\"column-16\"><\/td><td class=\"column-17\"><\/td><td class=\"column-18\"><\/td><td class=\"column-19\">0<\/td><td class=\"column-20\"><\/td><td class=\"column-21\">21000<\/td><td class=\"column-22\">15\/03\/2021<\/td><td class=\"column-23\">15\/03\/2021<\/td><td class=\"column-24\">17325<\/td>\n<\/tr>\n<tr class=\"row-245\">\n\t<td class=\"column-1\">11\/2021\t<\/td><td class=\"column-2\">04\/02\/2021<\/td><td class=\"column-3\">12\/02\/2021<\/td><td class=\"column-4\">04\/02\/2021 - 03\/05\/2021<\/td><td class=\"column-5\">14\/2021\t<\/td><td class=\"column-6\">Dispensa<\/td><td class=\"column-7\">Menor Pre\u00e7o Por Item<\/td><td class=\"column-8\"><\/td><td class=\"column-9\">CONTRATA\u00c7\u00c3O DE EMPRESA ESPECIALIZADA NA PRESTA\u00c7\u00c3O DOS SERVI\u00c7OS DE LOCA\u00c7\u00c3O DE VE\u00cdCULOS, COM MOTORISTA, POR QUILOMETRAGEM LIVRE.<\/td><td class=\"column-10\">10010000 - Recursos Ordin\u00e1rios<\/td><td class=\"column-11\">347190<\/td><td class=\"column-12\">36.182.708\/0001-58<\/td><td class=\"column-13\">CONSTRUTORA BEZERRIL SOUTO EIRELI<\/td><td class=\"column-14\">RAFAEL ANDERSON DE ARA\u00daJO SILVA<\/td><td class=\"column-15\"><\/td><td class=\"column-16\"><\/td><td class=\"column-17\"><\/td><td class=\"column-18\"><\/td><td class=\"column-19\">0<\/td><td class=\"column-20\"><\/td><td class=\"column-21\">31700<\/td><td class=\"column-22\">15\/03\/2021<\/td><td class=\"column-23\">15\/03\/2021<\/td><td class=\"column-24\">26152.5<\/td>\n<\/tr>\n<tr class=\"row-246\">\n\t<td class=\"column-1\">11\/2021\t<\/td><td class=\"column-2\">04\/02\/2021<\/td><td class=\"column-3\">12\/02\/2021<\/td><td class=\"column-4\">04\/02\/2021 - 03\/05\/2021<\/td><td class=\"column-5\">14\/2021\t<\/td><td class=\"column-6\">Dispensa<\/td><td class=\"column-7\">Menor Pre\u00e7o Por Item<\/td><td class=\"column-8\"><\/td><td class=\"column-9\">CONTRATA\u00c7\u00c3O DE EMPRESA ESPECIALIZADA NA PRESTA\u00c7\u00c3O DOS SERVI\u00c7OS DE LOCA\u00c7\u00c3O DE VE\u00cdCULOS, COM MOTORISTA, POR QUILOMETRAGEM LIVRE.<\/td><td class=\"column-10\">10010000 - Recursos Ordin\u00e1rios<\/td><td class=\"column-11\">347190<\/td><td class=\"column-12\">36.182.708\/0001-58<\/td><td class=\"column-13\">CONSTRUTORA BEZERRIL SOUTO EIRELI<\/td><td class=\"column-14\">RAFAEL ANDERSON DE ARA\u00daJO SILVA<\/td><td class=\"column-15\"><\/td><td class=\"column-16\"><\/td><td class=\"column-17\"><\/td><td class=\"column-18\"><\/td><td class=\"column-19\">0<\/td><td class=\"column-20\"><\/td><td class=\"column-21\">35450<\/td><td class=\"column-22\">15\/03\/2021<\/td><td class=\"column-23\">15\/03\/2021<\/td><td class=\"column-24\">29246.25<\/td>\n<\/tr>\n<tr class=\"row-247\">\n\t<td class=\"column-1\">11\/2021\t<\/td><td class=\"column-2\">04\/02\/2021<\/td><td class=\"column-3\">12\/02\/2021<\/td><td class=\"column-4\">04\/02\/2021 - 03\/05\/2021<\/td><td class=\"column-5\">14\/2021\t<\/td><td class=\"column-6\">Dispensa<\/td><td class=\"column-7\">Menor Pre\u00e7o Por Item<\/td><td class=\"column-8\"><\/td><td class=\"column-9\">CONTRATA\u00c7\u00c3O DE EMPRESA ESPECIALIZADA NA PRESTA\u00c7\u00c3O DOS SERVI\u00c7OS DE LOCA\u00c7\u00c3O DE VE\u00cdCULOS, COM MOTORISTA, POR QUILOMETRAGEM LIVRE.<\/td><td class=\"column-10\">10010000 - Recursos Ordin\u00e1rios<\/td><td class=\"column-11\">347190<\/td><td class=\"column-12\">36.182.708\/0001-58<\/td><td class=\"column-13\">CONSTRUTORA BEZERRIL SOUTO EIRELI<\/td><td class=\"column-14\">RAFAEL ANDERSON DE ARA\u00daJO SILVA<\/td><td class=\"column-15\"><\/td><td class=\"column-16\"><\/td><td class=\"column-17\"><\/td><td class=\"column-18\"><\/td><td class=\"column-19\">0<\/td><td class=\"column-20\"><\/td><td class=\"column-21\">5000<\/td><td class=\"column-22\">16\/02\/2021<\/td><td class=\"column-23\">17\/02\/2021<\/td><td class=\"column-24\">5000<\/td>\n<\/tr>\n<tr class=\"row-248\">\n\t<td class=\"column-1\">11\/2021\t<\/td><td class=\"column-2\">04\/02\/2021<\/td><td class=\"column-3\">12\/02\/2021<\/td><td class=\"column-4\">04\/02\/2021 - 03\/05\/2021<\/td><td class=\"column-5\">14\/2021\t<\/td><td class=\"column-6\">Dispensa<\/td><td class=\"column-7\">Menor Pre\u00e7o Por Item<\/td><td class=\"column-8\"><\/td><td class=\"column-9\">CONTRATA\u00c7\u00c3O DE EMPRESA ESPECIALIZADA NA PRESTA\u00c7\u00c3O DOS SERVI\u00c7OS DE LOCA\u00c7\u00c3O DE VE\u00cdCULOS, COM MOTORISTA, POR QUILOMETRAGEM LIVRE.<\/td><td class=\"column-10\">10010000 - Recursos Ordin\u00e1rios<\/td><td class=\"column-11\">347190<\/td><td class=\"column-12\">36.182.708\/0001-58<\/td><td class=\"column-13\">CONSTRUTORA BEZERRIL SOUTO EIRELI<\/td><td class=\"column-14\">RAFAEL ANDERSON DE ARA\u00daJO SILVA<\/td><td class=\"column-15\"><\/td><td class=\"column-16\"><\/td><td class=\"column-17\"><\/td><td class=\"column-18\"><\/td><td class=\"column-19\">0<\/td><td class=\"column-20\"><\/td><td class=\"column-21\">7615.75<\/td><td class=\"column-22\">16\/02\/2021<\/td><td class=\"column-23\">17\/02\/2021<\/td><td class=\"column-24\">7615.75<\/td>\n<\/tr>\n<tr class=\"row-249\">\n\t<td class=\"column-1\">11\/2021\t<\/td><td class=\"column-2\">04\/02\/2021<\/td><td class=\"column-3\">12\/02\/2021<\/td><td class=\"column-4\">04\/02\/2021 - 03\/05\/2021<\/td><td class=\"column-5\">14\/2021\t<\/td><td class=\"column-6\">Dispensa<\/td><td class=\"column-7\">Menor Pre\u00e7o Por Item<\/td><td class=\"column-8\"><\/td><td class=\"column-9\">CONTRATA\u00c7\u00c3O DE EMPRESA ESPECIALIZADA NA PRESTA\u00c7\u00c3O DOS SERVI\u00c7OS DE LOCA\u00c7\u00c3O DE VE\u00cdCULOS, COM MOTORISTA, POR QUILOMETRAGEM LIVRE.<\/td><td class=\"column-10\">10010000 - Recursos Ordin\u00e1rios<\/td><td class=\"column-11\">347190<\/td><td class=\"column-12\">36.182.708\/0001-58<\/td><td class=\"column-13\">CONSTRUTORA BEZERRIL SOUTO EIRELI<\/td><td class=\"column-14\">RAFAEL ANDERSON DE ARA\u00daJO SILVA<\/td><td class=\"column-15\"><\/td><td class=\"column-16\"><\/td><td class=\"column-17\"><\/td><td class=\"column-18\"><\/td><td class=\"column-19\">0<\/td><td class=\"column-20\"><\/td><td class=\"column-21\">10000<\/td><td class=\"column-22\">16\/02\/2021<\/td><td class=\"column-23\">17\/02\/2021<\/td><td class=\"column-24\">6042.24<\/td>\n<\/tr>\n<tr class=\"row-250\">\n\t<td class=\"column-1\">11\/2021\t<\/td><td class=\"column-2\">04\/02\/2021<\/td><td class=\"column-3\">12\/02\/2021<\/td><td class=\"column-4\">04\/02\/2021 - 03\/05\/2021<\/td><td class=\"column-5\">14\/2021\t<\/td><td class=\"column-6\">Dispensa<\/td><td class=\"column-7\">Menor Pre\u00e7o Por Item<\/td><td class=\"column-8\"><\/td><td class=\"column-9\">CONTRATA\u00c7\u00c3O DE EMPRESA ESPECIALIZADA NA PRESTA\u00c7\u00c3O DOS SERVI\u00c7OS DE LOCA\u00c7\u00c3O DE VE\u00cdCULOS, COM MOTORISTA, POR QUILOMETRAGEM LIVRE.<\/td><td class=\"column-10\">10010000 - Recursos Ordin\u00e1rios<\/td><td class=\"column-11\">347190<\/td><td class=\"column-12\">36.182.708\/0001-58<\/td><td class=\"column-13\">CONSTRUTORA BEZERRIL SOUTO EIRELI<\/td><td class=\"column-14\">RAFAEL ANDERSON DE ARA\u00daJO SILVA<\/td><td class=\"column-15\"><\/td><td class=\"column-16\"><\/td><td class=\"column-17\"><\/td><td class=\"column-18\"><\/td><td class=\"column-19\">0<\/td><td class=\"column-20\"><\/td><td class=\"column-21\">3950<\/td><td class=\"column-22\">16\/07\/2021<\/td><td class=\"column-23\"><\/td><td class=\"column-24\"><\/td>\n<\/tr>\n<tr class=\"row-251\">\n\t<td class=\"column-1\">11\/2021\t<\/td><td class=\"column-2\">04\/02\/2021<\/td><td class=\"column-3\">12\/02\/2021<\/td><td class=\"column-4\">04\/02\/2021 - 03\/05\/2021<\/td><td class=\"column-5\">14\/2021\t<\/td><td class=\"column-6\">Dispensa<\/td><td class=\"column-7\">Menor Pre\u00e7o Por Item<\/td><td class=\"column-8\"><\/td><td class=\"column-9\">CONTRATA\u00c7\u00c3O DE EMPRESA ESPECIALIZADA NA PRESTA\u00c7\u00c3O DOS SERVI\u00c7OS DE LOCA\u00c7\u00c3O DE VE\u00cdCULOS, COM MOTORISTA, POR QUILOMETRAGEM LIVRE.<\/td><td class=\"column-10\">10010000 - Recursos Ordin\u00e1rios<\/td><td class=\"column-11\">347190<\/td><td class=\"column-12\">36.182.708\/0001-58<\/td><td class=\"column-13\">CONSTRUTORA BEZERRIL SOUTO EIRELI<\/td><td class=\"column-14\">RAFAEL ANDERSON DE ARA\u00daJO SILVA<\/td><td class=\"column-15\"><\/td><td class=\"column-16\"><\/td><td class=\"column-17\"><\/td><td class=\"column-18\"><\/td><td class=\"column-19\">0<\/td><td class=\"column-20\"><\/td><td class=\"column-21\">3950<\/td><td class=\"column-22\">16\/07\/2021<\/td><td class=\"column-23\">19\/07\/2021<\/td><td class=\"column-24\">434.5<\/td>\n<\/tr>\n<tr class=\"row-252\">\n\t<td class=\"column-1\">11\/2021\t<\/td><td class=\"column-2\">04\/02\/2021<\/td><td class=\"column-3\">12\/02\/2021<\/td><td class=\"column-4\">04\/02\/2021 - 03\/05\/2021<\/td><td class=\"column-5\">14\/2021\t<\/td><td class=\"column-6\">Dispensa<\/td><td class=\"column-7\">Menor Pre\u00e7o Por Item<\/td><td class=\"column-8\"><\/td><td class=\"column-9\">CONTRATA\u00c7\u00c3O DE EMPRESA ESPECIALIZADA NA PRESTA\u00c7\u00c3O DOS SERVI\u00c7OS DE LOCA\u00c7\u00c3O DE VE\u00cdCULOS, COM MOTORISTA, POR QUILOMETRAGEM LIVRE.<\/td><td class=\"column-10\">10010000 - Recursos Ordin\u00e1rios<\/td><td class=\"column-11\">347190<\/td><td class=\"column-12\">36.182.708\/0001-58<\/td><td class=\"column-13\">CONSTRUTORA BEZERRIL SOUTO EIRELI<\/td><td class=\"column-14\">RAFAEL ANDERSON DE ARA\u00daJO SILVA<\/td><td class=\"column-15\"><\/td><td class=\"column-16\"><\/td><td class=\"column-17\"><\/td><td class=\"column-18\"><\/td><td class=\"column-19\">0<\/td><td class=\"column-20\"><\/td><td class=\"column-21\">3950<\/td><td class=\"column-22\">16\/07\/2021<\/td><td class=\"column-23\">19\/07\/2021<\/td><td class=\"column-24\">3318<\/td>\n<\/tr>\n<tr class=\"row-253\">\n\t<td class=\"column-1\">11\/2021\t<\/td><td class=\"column-2\">04\/02\/2021<\/td><td class=\"column-3\">12\/02\/2021<\/td><td class=\"column-4\">04\/02\/2021 - 03\/05\/2021<\/td><td class=\"column-5\">14\/2021\t<\/td><td class=\"column-6\">Dispensa<\/td><td class=\"column-7\">Menor Pre\u00e7o Por Item<\/td><td class=\"column-8\"><\/td><td class=\"column-9\">CONTRATA\u00c7\u00c3O DE EMPRESA ESPECIALIZADA NA PRESTA\u00c7\u00c3O DOS SERVI\u00c7OS DE LOCA\u00c7\u00c3O DE VE\u00cdCULOS, COM MOTORISTA, POR QUILOMETRAGEM LIVRE.<\/td><td class=\"column-10\">10010000 - Recursos Ordin\u00e1rios<\/td><td class=\"column-11\">347190<\/td><td class=\"column-12\">36.182.708\/0001-58<\/td><td class=\"column-13\">CONSTRUTORA BEZERRIL SOUTO EIRELI<\/td><td class=\"column-14\">RAFAEL ANDERSON DE ARA\u00daJO SILVA<\/td><td class=\"column-15\"><\/td><td class=\"column-16\"><\/td><td class=\"column-17\"><\/td><td class=\"column-18\"><\/td><td class=\"column-19\">0<\/td><td class=\"column-20\"><\/td><td class=\"column-21\">6990<\/td><td class=\"column-22\">16\/07\/2021<\/td><td class=\"column-23\"><\/td><td class=\"column-24\"><\/td>\n<\/tr>\n<tr class=\"row-254\">\n\t<td class=\"column-1\">11\/2021\t<\/td><td class=\"column-2\">04\/02\/2021<\/td><td class=\"column-3\">12\/02\/2021<\/td><td class=\"column-4\">04\/02\/2021 - 03\/05\/2021<\/td><td class=\"column-5\">14\/2021\t<\/td><td class=\"column-6\">Dispensa<\/td><td class=\"column-7\">Menor Pre\u00e7o Por Item<\/td><td class=\"column-8\"><\/td><td class=\"column-9\">CONTRATA\u00c7\u00c3O DE EMPRESA ESPECIALIZADA NA PRESTA\u00c7\u00c3O DOS SERVI\u00c7OS DE LOCA\u00c7\u00c3O DE VE\u00cdCULOS, COM MOTORISTA, POR QUILOMETRAGEM LIVRE.<\/td><td class=\"column-10\">10010000 - Recursos Ordin\u00e1rios<\/td><td class=\"column-11\">347190<\/td><td class=\"column-12\">36.182.708\/0001-58<\/td><td class=\"column-13\">CONSTRUTORA BEZERRIL SOUTO EIRELI<\/td><td class=\"column-14\">RAFAEL ANDERSON DE ARA\u00daJO SILVA<\/td><td class=\"column-15\"><\/td><td class=\"column-16\"><\/td><td class=\"column-17\"><\/td><td class=\"column-18\"><\/td><td class=\"column-19\">0<\/td><td class=\"column-20\"><\/td><td class=\"column-21\">6990<\/td><td class=\"column-22\">16\/07\/2021<\/td><td class=\"column-23\">19\/07\/2021<\/td><td class=\"column-24\">768.9<\/td>\n<\/tr>\n<tr class=\"row-255\">\n\t<td class=\"column-1\">11\/2021\t<\/td><td class=\"column-2\">04\/02\/2021<\/td><td class=\"column-3\">12\/02\/2021<\/td><td class=\"column-4\">04\/02\/2021 - 03\/05\/2021<\/td><td class=\"column-5\">14\/2021\t<\/td><td class=\"column-6\">Dispensa<\/td><td class=\"column-7\">Menor Pre\u00e7o Por Item<\/td><td class=\"column-8\"><\/td><td class=\"column-9\">CONTRATA\u00c7\u00c3O DE EMPRESA ESPECIALIZADA NA PRESTA\u00c7\u00c3O DOS SERVI\u00c7OS DE LOCA\u00c7\u00c3O DE VE\u00cdCULOS, COM MOTORISTA, POR QUILOMETRAGEM LIVRE.<\/td><td class=\"column-10\">10010000 - Recursos Ordin\u00e1rios<\/td><td class=\"column-11\">347190<\/td><td class=\"column-12\">36.182.708\/0001-58<\/td><td class=\"column-13\">CONSTRUTORA BEZERRIL SOUTO EIRELI<\/td><td class=\"column-14\">RAFAEL ANDERSON DE ARA\u00daJO SILVA<\/td><td class=\"column-15\"><\/td><td class=\"column-16\"><\/td><td class=\"column-17\"><\/td><td class=\"column-18\"><\/td><td class=\"column-19\">0<\/td><td class=\"column-20\"><\/td><td class=\"column-21\">6990<\/td><td class=\"column-22\">16\/07\/2021<\/td><td class=\"column-23\">19\/07\/2021<\/td><td class=\"column-24\">5871.6<\/td>\n<\/tr>\n<tr class=\"row-256\">\n\t<td class=\"column-1\">11\/2021\t<\/td><td class=\"column-2\">04\/02\/2021<\/td><td class=\"column-3\">12\/02\/2021<\/td><td class=\"column-4\">04\/02\/2021 - 03\/05\/2021<\/td><td class=\"column-5\">14\/2021\t<\/td><td class=\"column-6\">Dispensa<\/td><td class=\"column-7\">Menor Pre\u00e7o Por Item<\/td><td class=\"column-8\"><\/td><td class=\"column-9\">CONTRATA\u00c7\u00c3O DE EMPRESA ESPECIALIZADA NA PRESTA\u00c7\u00c3O DOS SERVI\u00c7OS DE LOCA\u00c7\u00c3O DE VE\u00cdCULOS, COM MOTORISTA, POR QUILOMETRAGEM LIVRE.<\/td><td class=\"column-10\">10010000 - Recursos Ordin\u00e1rios<\/td><td class=\"column-11\">347190<\/td><td class=\"column-12\">36.182.708\/0001-58<\/td><td class=\"column-13\">CONSTRUTORA BEZERRIL SOUTO EIRELI<\/td><td class=\"column-14\">RAFAEL ANDERSON DE ARA\u00daJO SILVA<\/td><td class=\"column-15\"><\/td><td class=\"column-16\"><\/td><td class=\"column-17\"><\/td><td class=\"column-18\"><\/td><td class=\"column-19\">0<\/td><td class=\"column-20\"><\/td><td class=\"column-21\">9150<\/td><td class=\"column-22\">16\/07\/2021<\/td><td class=\"column-23\"><\/td><td class=\"column-24\"><\/td>\n<\/tr>\n<tr class=\"row-257\">\n\t<td class=\"column-1\">11\/2021\t<\/td><td class=\"column-2\">04\/02\/2021<\/td><td class=\"column-3\">12\/02\/2021<\/td><td class=\"column-4\">04\/02\/2021 - 03\/05\/2021<\/td><td class=\"column-5\">14\/2021\t<\/td><td class=\"column-6\">Dispensa<\/td><td class=\"column-7\">Menor Pre\u00e7o Por Item<\/td><td class=\"column-8\"><\/td><td class=\"column-9\">CONTRATA\u00c7\u00c3O DE EMPRESA ESPECIALIZADA NA PRESTA\u00c7\u00c3O DOS SERVI\u00c7OS DE LOCA\u00c7\u00c3O DE VE\u00cdCULOS, COM MOTORISTA, POR QUILOMETRAGEM LIVRE.<\/td><td class=\"column-10\">10010000 - Recursos Ordin\u00e1rios<\/td><td class=\"column-11\">347190<\/td><td class=\"column-12\">36.182.708\/0001-58<\/td><td class=\"column-13\">CONSTRUTORA BEZERRIL SOUTO EIRELI<\/td><td class=\"column-14\">RAFAEL ANDERSON DE ARA\u00daJO SILVA<\/td><td class=\"column-15\"><\/td><td class=\"column-16\"><\/td><td class=\"column-17\"><\/td><td class=\"column-18\"><\/td><td class=\"column-19\">0<\/td><td class=\"column-20\"><\/td><td class=\"column-21\">9150<\/td><td class=\"column-22\">16\/07\/2021<\/td><td class=\"column-23\">19\/07\/2021<\/td><td class=\"column-24\">1006.5<\/td>\n<\/tr>\n<tr class=\"row-258\">\n\t<td class=\"column-1\">11\/2021\t<\/td><td class=\"column-2\">04\/02\/2021<\/td><td class=\"column-3\">12\/02\/2021<\/td><td class=\"column-4\">04\/02\/2021 - 03\/05\/2021<\/td><td class=\"column-5\">14\/2021\t<\/td><td class=\"column-6\">Dispensa<\/td><td class=\"column-7\">Menor Pre\u00e7o Por Item<\/td><td class=\"column-8\"><\/td><td class=\"column-9\">CONTRATA\u00c7\u00c3O DE EMPRESA ESPECIALIZADA NA PRESTA\u00c7\u00c3O DOS SERVI\u00c7OS DE LOCA\u00c7\u00c3O DE VE\u00cdCULOS, COM MOTORISTA, POR QUILOMETRAGEM LIVRE.<\/td><td class=\"column-10\">10010000 - Recursos Ordin\u00e1rios<\/td><td class=\"column-11\">347190<\/td><td class=\"column-12\">36.182.708\/0001-58<\/td><td class=\"column-13\">CONSTRUTORA BEZERRIL SOUTO EIRELI<\/td><td class=\"column-14\">RAFAEL ANDERSON DE ARA\u00daJO SILVA<\/td><td class=\"column-15\"><\/td><td class=\"column-16\"><\/td><td class=\"column-17\"><\/td><td class=\"column-18\"><\/td><td class=\"column-19\">0<\/td><td class=\"column-20\"><\/td><td class=\"column-21\">9150<\/td><td class=\"column-22\">16\/07\/2021<\/td><td class=\"column-23\">19\/07\/2021<\/td><td class=\"column-24\">7686<\/td>\n<\/tr>\n<tr class=\"row-259\">\n\t<td class=\"column-1\">11\/2021\t<\/td><td class=\"column-2\">04\/02\/2021<\/td><td class=\"column-3\">12\/02\/2021<\/td><td class=\"column-4\">04\/02\/2021 - 03\/05\/2021<\/td><td class=\"column-5\">14\/2021\t<\/td><td class=\"column-6\">Dispensa<\/td><td class=\"column-7\">Menor Pre\u00e7o Por Item<\/td><td class=\"column-8\"><\/td><td class=\"column-9\">CONTRATA\u00c7\u00c3O DE EMPRESA ESPECIALIZADA NA PRESTA\u00c7\u00c3O DOS SERVI\u00c7OS DE LOCA\u00c7\u00c3O DE VE\u00cdCULOS, COM MOTORISTA, POR QUILOMETRAGEM LIVRE.<\/td><td class=\"column-10\">10010000 - Recursos Ordin\u00e1rios<\/td><td class=\"column-11\">347190<\/td><td class=\"column-12\">36.182.708\/0001-58<\/td><td class=\"column-13\">CONSTRUTORA BEZERRIL SOUTO EIRELI<\/td><td class=\"column-14\">RAFAEL ANDERSON DE ARA\u00daJO SILVA<\/td><td class=\"column-15\"><\/td><td class=\"column-16\"><\/td><td class=\"column-17\"><\/td><td class=\"column-18\"><\/td><td class=\"column-19\">0<\/td><td class=\"column-20\"><\/td><td class=\"column-21\">10000<\/td><td class=\"column-22\">16\/07\/2021<\/td><td class=\"column-23\"><\/td><td class=\"column-24\"><\/td>\n<\/tr>\n<tr class=\"row-260\">\n\t<td class=\"column-1\">11\/2021\t<\/td><td class=\"column-2\">04\/02\/2021<\/td><td class=\"column-3\">12\/02\/2021<\/td><td class=\"column-4\">04\/02\/2021 - 03\/05\/2021<\/td><td class=\"column-5\">14\/2021\t<\/td><td class=\"column-6\">Dispensa<\/td><td class=\"column-7\">Menor Pre\u00e7o Por Item<\/td><td class=\"column-8\"><\/td><td class=\"column-9\">CONTRATA\u00c7\u00c3O DE EMPRESA ESPECIALIZADA NA PRESTA\u00c7\u00c3O DOS SERVI\u00c7OS DE LOCA\u00c7\u00c3O DE VE\u00cdCULOS, COM MOTORISTA, POR QUILOMETRAGEM LIVRE.<\/td><td class=\"column-10\">10010000 - Recursos Ordin\u00e1rios<\/td><td class=\"column-11\">347190<\/td><td class=\"column-12\">36.182.708\/0001-58<\/td><td class=\"column-13\">CONSTRUTORA BEZERRIL SOUTO EIRELI<\/td><td class=\"column-14\">RAFAEL ANDERSON DE ARA\u00daJO SILVA<\/td><td class=\"column-15\"><\/td><td class=\"column-16\"><\/td><td class=\"column-17\"><\/td><td class=\"column-18\"><\/td><td class=\"column-19\">0<\/td><td class=\"column-20\"><\/td><td class=\"column-21\">10000<\/td><td class=\"column-22\">16\/07\/2021<\/td><td class=\"column-23\">19\/07\/2021<\/td><td class=\"column-24\">1100<\/td>\n<\/tr>\n<tr class=\"row-261\">\n\t<td class=\"column-1\">11\/2021\t<\/td><td class=\"column-2\">04\/02\/2021<\/td><td class=\"column-3\">12\/02\/2021<\/td><td class=\"column-4\">04\/02\/2021 - 03\/05\/2021<\/td><td class=\"column-5\">14\/2021\t<\/td><td class=\"column-6\">Dispensa<\/td><td class=\"column-7\">Menor Pre\u00e7o Por Item<\/td><td class=\"column-8\"><\/td><td class=\"column-9\">CONTRATA\u00c7\u00c3O DE EMPRESA ESPECIALIZADA NA PRESTA\u00c7\u00c3O DOS SERVI\u00c7OS DE LOCA\u00c7\u00c3O DE VE\u00cdCULOS, COM MOTORISTA, POR QUILOMETRAGEM LIVRE.<\/td><td class=\"column-10\">10010000 - Recursos Ordin\u00e1rios<\/td><td class=\"column-11\">347190<\/td><td class=\"column-12\">36.182.708\/0001-58<\/td><td class=\"column-13\">CONSTRUTORA BEZERRIL SOUTO EIRELI<\/td><td class=\"column-14\">RAFAEL ANDERSON DE ARA\u00daJO SILVA<\/td><td class=\"column-15\"><\/td><td class=\"column-16\"><\/td><td class=\"column-17\"><\/td><td class=\"column-18\"><\/td><td class=\"column-19\">0<\/td><td class=\"column-20\"><\/td><td class=\"column-21\">10000<\/td><td class=\"column-22\">16\/07\/2021<\/td><td class=\"column-23\">19\/07\/2021<\/td><td class=\"column-24\">8400<\/td>\n<\/tr>\n<tr class=\"row-262\">\n\t<td class=\"column-1\">11\/2021\t<\/td><td class=\"column-2\">04\/02\/2021<\/td><td class=\"column-3\">12\/02\/2021<\/td><td class=\"column-4\">04\/02\/2021 - 03\/05\/2021<\/td><td class=\"column-5\">14\/2021\t<\/td><td class=\"column-6\">Dispensa<\/td><td class=\"column-7\">Menor Pre\u00e7o Por Item<\/td><td class=\"column-8\"><\/td><td class=\"column-9\">CONTRATA\u00c7\u00c3O DE EMPRESA ESPECIALIZADA NA PRESTA\u00c7\u00c3O DOS SERVI\u00c7OS DE LOCA\u00c7\u00c3O DE VE\u00cdCULOS, COM MOTORISTA, POR QUILOMETRAGEM LIVRE.<\/td><td class=\"column-10\">10010000 - Recursos Ordin\u00e1rios<\/td><td class=\"column-11\">347190<\/td><td class=\"column-12\">36.182.708\/0001-58<\/td><td class=\"column-13\">CONSTRUTORA BEZERRIL SOUTO EIRELI<\/td><td class=\"column-14\">RAFAEL ANDERSON DE ARA\u00daJO SILVA<\/td><td class=\"column-15\"><\/td><td class=\"column-16\"><\/td><td class=\"column-17\"><\/td><td class=\"column-18\"><\/td><td class=\"column-19\">0<\/td><td class=\"column-20\"><\/td><td class=\"column-21\">22300<\/td><td class=\"column-22\">16\/07\/2021<\/td><td class=\"column-23\"><\/td><td class=\"column-24\"><\/td>\n<\/tr>\n<tr class=\"row-263\">\n\t<td class=\"column-1\">11\/2021\t<\/td><td class=\"column-2\">04\/02\/2021<\/td><td class=\"column-3\">12\/02\/2021<\/td><td class=\"column-4\">04\/02\/2021 - 03\/05\/2021<\/td><td class=\"column-5\">14\/2021\t<\/td><td class=\"column-6\">Dispensa<\/td><td class=\"column-7\">Menor Pre\u00e7o Por Item<\/td><td class=\"column-8\"><\/td><td class=\"column-9\">CONTRATA\u00c7\u00c3O DE EMPRESA ESPECIALIZADA NA PRESTA\u00c7\u00c3O DOS SERVI\u00c7OS DE LOCA\u00c7\u00c3O DE VE\u00cdCULOS, COM MOTORISTA, POR QUILOMETRAGEM LIVRE.<\/td><td class=\"column-10\">10010000 - Recursos Ordin\u00e1rios<\/td><td class=\"column-11\">347190<\/td><td class=\"column-12\">36.182.708\/0001-58<\/td><td class=\"column-13\">CONSTRUTORA BEZERRIL SOUTO EIRELI<\/td><td class=\"column-14\">RAFAEL ANDERSON DE ARA\u00daJO SILVA<\/td><td class=\"column-15\"><\/td><td class=\"column-16\"><\/td><td class=\"column-17\"><\/td><td class=\"column-18\"><\/td><td class=\"column-19\">0<\/td><td class=\"column-20\"><\/td><td class=\"column-21\">22300<\/td><td class=\"column-22\">16\/07\/2021<\/td><td class=\"column-23\">19\/07\/2021<\/td><td class=\"column-24\">2453<\/td>\n<\/tr>\n<tr class=\"row-264\">\n\t<td class=\"column-1\">11\/2021\t<\/td><td class=\"column-2\">04\/02\/2021<\/td><td class=\"column-3\">12\/02\/2021<\/td><td class=\"column-4\">04\/02\/2021 - 03\/05\/2021<\/td><td class=\"column-5\">14\/2021\t<\/td><td class=\"column-6\">Dispensa<\/td><td class=\"column-7\">Menor Pre\u00e7o Por Item<\/td><td class=\"column-8\"><\/td><td class=\"column-9\">CONTRATA\u00c7\u00c3O DE EMPRESA ESPECIALIZADA NA PRESTA\u00c7\u00c3O DOS SERVI\u00c7OS DE LOCA\u00c7\u00c3O DE VE\u00cdCULOS, COM MOTORISTA, POR QUILOMETRAGEM LIVRE.<\/td><td class=\"column-10\">10010000 - Recursos Ordin\u00e1rios<\/td><td class=\"column-11\">347190<\/td><td class=\"column-12\">36.182.708\/0001-58<\/td><td class=\"column-13\">CONSTRUTORA BEZERRIL SOUTO EIRELI<\/td><td class=\"column-14\">RAFAEL ANDERSON DE ARA\u00daJO SILVA<\/td><td class=\"column-15\"><\/td><td class=\"column-16\"><\/td><td class=\"column-17\"><\/td><td class=\"column-18\"><\/td><td class=\"column-19\">0<\/td><td class=\"column-20\"><\/td><td class=\"column-21\">22300<\/td><td class=\"column-22\">16\/07\/2021<\/td><td class=\"column-23\">19\/07\/2021<\/td><td class=\"column-24\">18732<\/td>\n<\/tr>\n<tr class=\"row-265\">\n\t<td class=\"column-1\">11\/2021\t<\/td><td class=\"column-2\">04\/02\/2021<\/td><td class=\"column-3\">12\/02\/2021<\/td><td class=\"column-4\">04\/02\/2021 - 03\/05\/2021<\/td><td class=\"column-5\">14\/2021\t<\/td><td class=\"column-6\">Dispensa<\/td><td class=\"column-7\">Menor Pre\u00e7o Por Item<\/td><td class=\"column-8\"><\/td><td class=\"column-9\">CONTRATA\u00c7\u00c3O DE EMPRESA ESPECIALIZADA NA PRESTA\u00c7\u00c3O DOS SERVI\u00c7OS DE LOCA\u00c7\u00c3O DE VE\u00cdCULOS, COM MOTORISTA, POR QUILOMETRAGEM LIVRE.<\/td><td class=\"column-10\">10010000 - Recursos Ordin\u00e1rios<\/td><td class=\"column-11\">347190<\/td><td class=\"column-12\">36.182.708\/0001-58<\/td><td class=\"column-13\">CONSTRUTORA BEZERRIL SOUTO EIRELI<\/td><td class=\"column-14\">RAFAEL ANDERSON DE ARA\u00daJO SILVA<\/td><td class=\"column-15\"><\/td><td class=\"column-16\"><\/td><td class=\"column-17\"><\/td><td class=\"column-18\"><\/td><td class=\"column-19\">0<\/td><td class=\"column-20\"><\/td><td class=\"column-21\">35450<\/td><td class=\"column-22\">16\/07\/2021<\/td><td class=\"column-23\"><\/td><td class=\"column-24\"><\/td>\n<\/tr>\n<tr class=\"row-266\">\n\t<td class=\"column-1\">11\/2021\t<\/td><td class=\"column-2\">04\/02\/2021<\/td><td class=\"column-3\">12\/02\/2021<\/td><td class=\"column-4\">04\/02\/2021 - 03\/05\/2021<\/td><td class=\"column-5\">14\/2021\t<\/td><td class=\"column-6\">Dispensa<\/td><td class=\"column-7\">Menor Pre\u00e7o Por Item<\/td><td class=\"column-8\"><\/td><td class=\"column-9\">CONTRATA\u00c7\u00c3O DE EMPRESA ESPECIALIZADA NA PRESTA\u00c7\u00c3O DOS SERVI\u00c7OS DE LOCA\u00c7\u00c3O DE VE\u00cdCULOS, COM MOTORISTA, POR QUILOMETRAGEM LIVRE.<\/td><td class=\"column-10\">10010000 - Recursos Ordin\u00e1rios<\/td><td class=\"column-11\">347190<\/td><td class=\"column-12\">36.182.708\/0001-58<\/td><td class=\"column-13\">CONSTRUTORA BEZERRIL SOUTO EIRELI<\/td><td class=\"column-14\">RAFAEL ANDERSON DE ARA\u00daJO SILVA<\/td><td class=\"column-15\"><\/td><td class=\"column-16\"><\/td><td class=\"column-17\"><\/td><td class=\"column-18\"><\/td><td class=\"column-19\">0<\/td><td class=\"column-20\"><\/td><td class=\"column-21\">35450<\/td><td class=\"column-22\">16\/07\/2021<\/td><td class=\"column-23\">19\/07\/2021<\/td><td class=\"column-24\">3899.5<\/td>\n<\/tr>\n<tr class=\"row-267\">\n\t<td class=\"column-1\">11\/2021\t<\/td><td class=\"column-2\">04\/02\/2021<\/td><td class=\"column-3\">12\/02\/2021<\/td><td class=\"column-4\">04\/02\/2021 - 03\/05\/2021<\/td><td class=\"column-5\">14\/2021\t<\/td><td class=\"column-6\">Dispensa<\/td><td class=\"column-7\">Menor Pre\u00e7o Por Item<\/td><td class=\"column-8\"><\/td><td class=\"column-9\">CONTRATA\u00c7\u00c3O DE EMPRESA ESPECIALIZADA NA PRESTA\u00c7\u00c3O DOS SERVI\u00c7OS DE LOCA\u00c7\u00c3O DE VE\u00cdCULOS, COM MOTORISTA, POR QUILOMETRAGEM LIVRE.<\/td><td class=\"column-10\">10010000 - Recursos Ordin\u00e1rios<\/td><td class=\"column-11\">347190<\/td><td class=\"column-12\">36.182.708\/0001-58<\/td><td class=\"column-13\">CONSTRUTORA BEZERRIL SOUTO EIRELI<\/td><td class=\"column-14\">RAFAEL ANDERSON DE ARA\u00daJO SILVA<\/td><td class=\"column-15\"><\/td><td class=\"column-16\"><\/td><td class=\"column-17\"><\/td><td class=\"column-18\"><\/td><td class=\"column-19\">0<\/td><td class=\"column-20\"><\/td><td class=\"column-21\">35450<\/td><td class=\"column-22\">16\/07\/2021<\/td><td class=\"column-23\">19\/07\/2021<\/td><td class=\"column-24\">29778<\/td>\n<\/tr>\n<tr class=\"row-268\">\n\t<td class=\"column-1\">11\/2021\t<\/td><td class=\"column-2\">04\/02\/2021<\/td><td class=\"column-3\">12\/02\/2021<\/td><td class=\"column-4\">04\/02\/2021 - 03\/05\/2021<\/td><td class=\"column-5\">14\/2021\t<\/td><td class=\"column-6\">Dispensa<\/td><td class=\"column-7\">Menor Pre\u00e7o Por Item<\/td><td class=\"column-8\"><\/td><td class=\"column-9\">CONTRATA\u00c7\u00c3O DE EMPRESA ESPECIALIZADA NA PRESTA\u00c7\u00c3O DOS SERVI\u00c7OS DE LOCA\u00c7\u00c3O DE VE\u00cdCULOS, COM MOTORISTA, POR QUILOMETRAGEM LIVRE.<\/td><td class=\"column-10\">10010000 - Recursos Ordin\u00e1rios<\/td><td class=\"column-11\">347190<\/td><td class=\"column-12\">36.182.708\/0001-58<\/td><td class=\"column-13\">CONSTRUTORA BEZERRIL SOUTO EIRELI<\/td><td class=\"column-14\">RAFAEL ANDERSON DE ARA\u00daJO SILVA<\/td><td class=\"column-15\"><\/td><td class=\"column-16\"><\/td><td class=\"column-17\"><\/td><td class=\"column-18\"><\/td><td class=\"column-19\">0<\/td><td class=\"column-20\"><\/td><td class=\"column-21\">3950<\/td><td class=\"column-22\">18\/06\/2021<\/td><td class=\"column-23\">18\/06\/2021<\/td><td class=\"column-24\">3318<\/td>\n<\/tr>\n<tr class=\"row-269\">\n\t<td class=\"column-1\">11\/2021\t<\/td><td class=\"column-2\">04\/02\/2021<\/td><td class=\"column-3\">12\/02\/2021<\/td><td class=\"column-4\">04\/02\/2021 - 03\/05\/2021<\/td><td class=\"column-5\">14\/2021\t<\/td><td class=\"column-6\">Dispensa<\/td><td class=\"column-7\">Menor Pre\u00e7o Por Item<\/td><td class=\"column-8\"><\/td><td class=\"column-9\">CONTRATA\u00c7\u00c3O DE EMPRESA ESPECIALIZADA NA PRESTA\u00c7\u00c3O DOS SERVI\u00c7OS DE LOCA\u00c7\u00c3O DE VE\u00cdCULOS, COM MOTORISTA, POR QUILOMETRAGEM LIVRE.<\/td><td class=\"column-10\">10010000 - Recursos Ordin\u00e1rios<\/td><td class=\"column-11\">347190<\/td><td class=\"column-12\">36.182.708\/0001-58<\/td><td class=\"column-13\">CONSTRUTORA BEZERRIL SOUTO EIRELI<\/td><td class=\"column-14\">RAFAEL ANDERSON DE ARA\u00daJO SILVA<\/td><td class=\"column-15\"><\/td><td class=\"column-16\"><\/td><td class=\"column-17\"><\/td><td class=\"column-18\"><\/td><td class=\"column-19\">0<\/td><td class=\"column-20\"><\/td><td class=\"column-21\">10030<\/td><td class=\"column-22\">18\/06\/2021<\/td><td class=\"column-23\">18\/06\/2021<\/td><td class=\"column-24\">8425.2<\/td>\n<\/tr>\n<tr class=\"row-270\">\n\t<td class=\"column-1\">11\/2021\t<\/td><td class=\"column-2\">04\/02\/2021<\/td><td class=\"column-3\">12\/02\/2021<\/td><td class=\"column-4\">04\/02\/2021 - 03\/05\/2021<\/td><td class=\"column-5\">14\/2021\t<\/td><td class=\"column-6\">Dispensa<\/td><td class=\"column-7\">Menor Pre\u00e7o Por Item<\/td><td class=\"column-8\"><\/td><td class=\"column-9\">CONTRATA\u00c7\u00c3O DE EMPRESA ESPECIALIZADA NA PRESTA\u00c7\u00c3O DOS SERVI\u00c7OS DE LOCA\u00c7\u00c3O DE VE\u00cdCULOS, COM MOTORISTA, POR QUILOMETRAGEM LIVRE.<\/td><td class=\"column-10\">10010000 - Recursos Ordin\u00e1rios<\/td><td class=\"column-11\">347190<\/td><td class=\"column-12\">36.182.708\/0001-58<\/td><td class=\"column-13\">CONSTRUTORA BEZERRIL SOUTO EIRELI<\/td><td class=\"column-14\">RAFAEL ANDERSON DE ARA\u00daJO SILVA<\/td><td class=\"column-15\"><\/td><td class=\"column-16\"><\/td><td class=\"column-17\"><\/td><td class=\"column-18\"><\/td><td class=\"column-19\">0<\/td><td class=\"column-20\"><\/td><td class=\"column-21\">13100<\/td><td class=\"column-22\">18\/06\/2021<\/td><td class=\"column-23\">18\/06\/2021<\/td><td class=\"column-24\">11004<\/td>\n<\/tr>\n<tr class=\"row-271\">\n\t<td class=\"column-1\">11\/2021\t<\/td><td class=\"column-2\">04\/02\/2021<\/td><td class=\"column-3\">12\/02\/2021<\/td><td class=\"column-4\">04\/02\/2021 - 03\/05\/2021<\/td><td class=\"column-5\">14\/2021\t<\/td><td class=\"column-6\">Dispensa<\/td><td class=\"column-7\">Menor Pre\u00e7o Por Item<\/td><td class=\"column-8\"><\/td><td class=\"column-9\">CONTRATA\u00c7\u00c3O DE EMPRESA ESPECIALIZADA NA PRESTA\u00c7\u00c3O DOS SERVI\u00c7OS DE LOCA\u00c7\u00c3O DE VE\u00cdCULOS, COM MOTORISTA, POR QUILOMETRAGEM LIVRE.<\/td><td class=\"column-10\">10010000 - Recursos Ordin\u00e1rios<\/td><td class=\"column-11\">347190<\/td><td class=\"column-12\">36.182.708\/0001-58<\/td><td class=\"column-13\">CONSTRUTORA BEZERRIL SOUTO EIRELI<\/td><td class=\"column-14\">RAFAEL ANDERSON DE ARA\u00daJO SILVA<\/td><td class=\"column-15\"><\/td><td class=\"column-16\"><\/td><td class=\"column-17\"><\/td><td class=\"column-18\"><\/td><td class=\"column-19\">0<\/td><td class=\"column-20\"><\/td><td class=\"column-21\">21000<\/td><td class=\"column-22\">18\/06\/2021<\/td><td class=\"column-23\">18\/06\/2021<\/td><td class=\"column-24\">17640<\/td>\n<\/tr>\n<tr class=\"row-272\">\n\t<td class=\"column-1\">11\/2021\t<\/td><td class=\"column-2\">04\/02\/2021<\/td><td class=\"column-3\">12\/02\/2021<\/td><td class=\"column-4\">04\/02\/2021 - 03\/05\/2021<\/td><td class=\"column-5\">14\/2021\t<\/td><td class=\"column-6\">Dispensa<\/td><td class=\"column-7\">Menor Pre\u00e7o Por Item<\/td><td class=\"column-8\"><\/td><td class=\"column-9\">CONTRATA\u00c7\u00c3O DE EMPRESA ESPECIALIZADA NA PRESTA\u00c7\u00c3O DOS SERVI\u00c7OS DE LOCA\u00c7\u00c3O DE VE\u00cdCULOS, COM MOTORISTA, POR QUILOMETRAGEM LIVRE.<\/td><td class=\"column-10\">10010000 - Recursos Ordin\u00e1rios<\/td><td class=\"column-11\">347190<\/td><td class=\"column-12\">36.182.708\/0001-58<\/td><td class=\"column-13\">CONSTRUTORA BEZERRIL SOUTO EIRELI<\/td><td class=\"column-14\">RAFAEL ANDERSON DE ARA\u00daJO SILVA<\/td><td class=\"column-15\"><\/td><td class=\"column-16\"><\/td><td class=\"column-17\"><\/td><td class=\"column-18\"><\/td><td class=\"column-19\">0<\/td><td class=\"column-20\"><\/td><td class=\"column-21\">31700<\/td><td class=\"column-22\">18\/06\/2021<\/td><td class=\"column-23\">18\/06\/2021<\/td><td class=\"column-24\">26628<\/td>\n<\/tr>\n<tr class=\"row-273\">\n\t<td class=\"column-1\">11\/2021\t<\/td><td class=\"column-2\">04\/02\/2021<\/td><td class=\"column-3\">12\/02\/2021<\/td><td class=\"column-4\">04\/02\/2021 - 03\/05\/2021<\/td><td class=\"column-5\">14\/2021\t<\/td><td class=\"column-6\">Dispensa<\/td><td class=\"column-7\">Menor Pre\u00e7o Por Item<\/td><td class=\"column-8\"><\/td><td class=\"column-9\">CONTRATA\u00c7\u00c3O DE EMPRESA ESPECIALIZADA NA PRESTA\u00c7\u00c3O DOS SERVI\u00c7OS DE LOCA\u00c7\u00c3O DE VE\u00cdCULOS, COM MOTORISTA, POR QUILOMETRAGEM LIVRE.<\/td><td class=\"column-10\">10010000 - Recursos Ordin\u00e1rios<\/td><td class=\"column-11\">347190<\/td><td class=\"column-12\">36.182.708\/0001-58<\/td><td class=\"column-13\">CONSTRUTORA BEZERRIL SOUTO EIRELI<\/td><td class=\"column-14\">RAFAEL ANDERSON DE ARA\u00daJO SILVA<\/td><td class=\"column-15\"><\/td><td class=\"column-16\"><\/td><td class=\"column-17\"><\/td><td class=\"column-18\"><\/td><td class=\"column-19\">0<\/td><td class=\"column-20\"><\/td><td class=\"column-21\">35450<\/td><td class=\"column-22\">18\/06\/2021<\/td><td class=\"column-23\">18\/06\/2021<\/td><td class=\"column-24\">29778<\/td>\n<\/tr>\n<tr class=\"row-274\">\n\t<td class=\"column-1\">11\/2021\t<\/td><td class=\"column-2\">04\/02\/2021<\/td><td class=\"column-3\">12\/02\/2021<\/td><td class=\"column-4\">04\/02\/2021 - 03\/05\/2021<\/td><td class=\"column-5\">14\/2021\t<\/td><td class=\"column-6\">Dispensa<\/td><td class=\"column-7\">Menor Pre\u00e7o Por Item<\/td><td class=\"column-8\"><\/td><td class=\"column-9\">CONTRATA\u00c7\u00c3O DE EMPRESA ESPECIALIZADA NA PRESTA\u00c7\u00c3O DOS SERVI\u00c7OS DE LOCA\u00c7\u00c3O DE VE\u00cdCULOS, COM MOTORISTA, POR QUILOMETRAGEM LIVRE.<\/td><td class=\"column-10\">10010000 - Recursos Ordin\u00e1rios<\/td><td class=\"column-11\">347190<\/td><td class=\"column-12\">36.182.708\/0001-58<\/td><td class=\"column-13\">CONSTRUTORA BEZERRIL SOUTO EIRELI<\/td><td class=\"column-14\">RAFAEL ANDERSON DE ARA\u00daJO SILVA<\/td><td class=\"column-15\"><\/td><td class=\"column-16\"><\/td><td class=\"column-17\"><\/td><td class=\"column-18\"><\/td><td class=\"column-19\">0<\/td><td class=\"column-20\"><\/td><td class=\"column-21\">13100<\/td><td class=\"column-22\">29\/04\/2021<\/td><td class=\"column-23\"><\/td><td class=\"column-24\"><\/td>\n<\/tr>\n<tr class=\"row-275\">\n\t<td class=\"column-1\">11\/2021\t<\/td><td class=\"column-2\">29\/04\/2021<\/td><td class=\"column-3\"><\/td><td class=\"column-4\"><\/td><td class=\"column-5\">14\/2021\t<\/td><td class=\"column-6\">Dispensa<\/td><td class=\"column-7\">Menor Pre\u00e7o Por Item<\/td><td class=\"column-8\"><\/td><td class=\"column-9\"><\/td><td class=\"column-10\">10010000 - Recursos Ordin\u00e1rios<\/td><td class=\"column-11\">0<\/td><td class=\"column-12\">36.182.708\/0001-58<\/td><td class=\"column-13\">CONSTRUTORA BEZERRIL SOUTO EIRELI<\/td><td class=\"column-14\"><\/td><td class=\"column-15\">1<\/td><td class=\"column-16\">29\/04\/2021<\/td><td class=\"column-17\">30\/04\/2021<\/td><td class=\"column-18\">O presente aditivo \u00e9 de prorroga\u00e7\u00e3o de prazo de at\u00e9 90 (noventa) dias, visando a continua\u00e7\u00e3o da PRESTA\u00c7\u00c3O DOS SERVI\u00c7OS DE LOCA\u00c7\u00c3O DE VE\u00cdCULOS, COM MOTORISTA, POR QUILOMETRAGEM LIVRE<\/td><td class=\"column-19\">347190<\/td><td class=\"column-20\">3,00 m\u00eas(es)<\/td><td class=\"column-21\"><\/td><td class=\"column-22\"><\/td><td class=\"column-23\"><\/td><td class=\"column-24\"><\/td>\n<\/tr>\n<tr class=\"row-276\">\n\t<td class=\"column-1\">12\/2021\t<\/td><td class=\"column-2\">12\/02\/2021<\/td><td class=\"column-3\">16\/02\/2021<\/td><td class=\"column-4\">12\/02\/2021 - 31\/12\/2021<\/td><td class=\"column-5\">17\/2021\t<\/td><td class=\"column-6\">Dispensa<\/td><td class=\"column-7\">Menor Pre\u00e7o Por Item<\/td><td class=\"column-8\"><\/td><td class=\"column-9\">LOCA\u00c7\u00c3O DE IM\u00d3VEL LOCALIZADO NA RUA JO\u00c3O MILIT\u00c3O MARTINS, N\u00ba 033, CENTRO, LAJES\/RN<\/td><td class=\"column-10\">10010000 - Recursos Ordin\u00e1rios<\/td><td class=\"column-11\">9350<\/td><td class=\"column-12\">429.223.134-68<\/td><td class=\"column-13\">MARIA VIEIRA DE MELO MEDEIROS<\/td><td class=\"column-14\">RAFAEL ANDERSON DE ARA\u00daJO SILVA<\/td><td class=\"column-15\"><\/td><td class=\"column-16\"><\/td><td class=\"column-17\"><\/td><td class=\"column-18\"><\/td><td class=\"column-19\">0<\/td><td class=\"column-20\"><\/td><td class=\"column-21\"><\/td><td class=\"column-22\"><\/td><td class=\"column-23\"><\/td><td class=\"column-24\"><\/td>\n<\/tr>\n<tr class=\"row-277\">\n\t<td class=\"column-1\">12\/2021\t<\/td><td class=\"column-2\">12\/02\/2021<\/td><td class=\"column-3\">16\/02\/2021<\/td><td class=\"column-4\">12\/02\/2021 - 31\/12\/2021<\/td><td class=\"column-5\">17\/2021\t<\/td><td class=\"column-6\">Dispensa<\/td><td class=\"column-7\">Menor Pre\u00e7o Por Item<\/td><td class=\"column-8\"><\/td><td class=\"column-9\">LOCA\u00c7\u00c3O DE IM\u00d3VEL LOCALIZADO NA RUA JO\u00c3O MILIT\u00c3O MARTINS, N\u00ba 033, CENTRO, LAJES\/RN<\/td><td class=\"column-10\">10010000 - Recursos Ordin\u00e1rios<\/td><td class=\"column-11\">9350<\/td><td class=\"column-12\">429.223.134-68<\/td><td class=\"column-13\">MARIA VIEIRA DE MELO MEDEIROS<\/td><td class=\"column-14\">RAFAEL ANDERSON DE ARA\u00daJO SILVA<\/td><td class=\"column-15\"><\/td><td class=\"column-16\"><\/td><td class=\"column-17\"><\/td><td class=\"column-18\"><\/td><td class=\"column-19\">0<\/td><td class=\"column-20\"><\/td><td class=\"column-21\">850<\/td><td class=\"column-22\">03\/08\/2021<\/td><td class=\"column-23\">10\/08\/2021<\/td><td class=\"column-24\">850<\/td>\n<\/tr>\n<tr class=\"row-278\">\n\t<td class=\"column-1\">12\/2021\t<\/td><td class=\"column-2\">12\/02\/2021<\/td><td class=\"column-3\">16\/02\/2021<\/td><td class=\"column-4\">12\/02\/2021 - 31\/12\/2021<\/td><td class=\"column-5\">17\/2021\t<\/td><td class=\"column-6\">Dispensa<\/td><td class=\"column-7\">Menor Pre\u00e7o Por Item<\/td><td class=\"column-8\"><\/td><td class=\"column-9\">LOCA\u00c7\u00c3O DE IM\u00d3VEL LOCALIZADO NA RUA JO\u00c3O MILIT\u00c3O MARTINS, N\u00ba 033, CENTRO, LAJES\/RN<\/td><td class=\"column-10\">10010000 - Recursos Ordin\u00e1rios<\/td><td class=\"column-11\">9350<\/td><td class=\"column-12\">429.223.134-68<\/td><td class=\"column-13\">MARIA VIEIRA DE MELO MEDEIROS<\/td><td class=\"column-14\">RAFAEL ANDERSON DE ARA\u00daJO SILVA<\/td><td class=\"column-15\"><\/td><td class=\"column-16\"><\/td><td class=\"column-17\"><\/td><td class=\"column-18\"><\/td><td class=\"column-19\">0<\/td><td class=\"column-20\"><\/td><td class=\"column-21\">850<\/td><td class=\"column-22\">03\/11\/2021<\/td><td class=\"column-23\">10\/11\/2021<\/td><td class=\"column-24\">850<\/td>\n<\/tr>\n<tr class=\"row-279\">\n\t<td class=\"column-1\">12\/2021\t<\/td><td class=\"column-2\">12\/02\/2021<\/td><td class=\"column-3\">16\/02\/2021<\/td><td class=\"column-4\">12\/02\/2021 - 31\/12\/2021<\/td><td class=\"column-5\">17\/2021\t<\/td><td class=\"column-6\">Dispensa<\/td><td class=\"column-7\">Menor Pre\u00e7o Por Item<\/td><td class=\"column-8\"><\/td><td class=\"column-9\">LOCA\u00c7\u00c3O DE IM\u00d3VEL LOCALIZADO NA RUA JO\u00c3O MILIT\u00c3O MARTINS, N\u00ba 033, CENTRO, LAJES\/RN<\/td><td class=\"column-10\">10010000 - Recursos Ordin\u00e1rios<\/td><td class=\"column-11\">9350<\/td><td class=\"column-12\">429.223.134-68<\/td><td class=\"column-13\">MARIA VIEIRA DE MELO MEDEIROS<\/td><td class=\"column-14\">RAFAEL ANDERSON DE ARA\u00daJO SILVA<\/td><td class=\"column-15\"><\/td><td class=\"column-16\"><\/td><td class=\"column-17\"><\/td><td class=\"column-18\"><\/td><td class=\"column-19\">0<\/td><td class=\"column-20\"><\/td><td class=\"column-21\">850<\/td><td class=\"column-22\">05\/10\/2021<\/td><td class=\"column-23\">08\/10\/2021<\/td><td class=\"column-24\">850<\/td>\n<\/tr>\n<tr class=\"row-280\">\n\t<td class=\"column-1\">12\/2021\t<\/td><td class=\"column-2\">12\/02\/2021<\/td><td class=\"column-3\">16\/02\/2021<\/td><td class=\"column-4\">12\/02\/2021 - 31\/12\/2021<\/td><td class=\"column-5\">17\/2021\t<\/td><td class=\"column-6\">Dispensa<\/td><td class=\"column-7\">Menor Pre\u00e7o Por Item<\/td><td class=\"column-8\"><\/td><td class=\"column-9\">LOCA\u00c7\u00c3O DE IM\u00d3VEL LOCALIZADO NA RUA JO\u00c3O MILIT\u00c3O MARTINS, N\u00ba 033, CENTRO, LAJES\/RN<\/td><td class=\"column-10\">10010000 - Recursos Ordin\u00e1rios<\/td><td class=\"column-11\">9350<\/td><td class=\"column-12\">429.223.134-68<\/td><td class=\"column-13\">MARIA VIEIRA DE MELO MEDEIROS<\/td><td class=\"column-14\">RAFAEL ANDERSON DE ARA\u00daJO SILVA<\/td><td class=\"column-15\"><\/td><td class=\"column-16\"><\/td><td class=\"column-17\"><\/td><td class=\"column-18\"><\/td><td class=\"column-19\">0<\/td><td class=\"column-20\"><\/td><td class=\"column-21\">850<\/td><td class=\"column-22\">06\/07\/2021<\/td><td class=\"column-23\">09\/07\/2021<\/td><td class=\"column-24\">850<\/td>\n<\/tr>\n<tr class=\"row-281\">\n\t<td class=\"column-1\">12\/2021\t<\/td><td class=\"column-2\">12\/02\/2021<\/td><td class=\"column-3\">16\/02\/2021<\/td><td class=\"column-4\">12\/02\/2021 - 31\/12\/2021<\/td><td class=\"column-5\">17\/2021\t<\/td><td class=\"column-6\">Dispensa<\/td><td class=\"column-7\">Menor Pre\u00e7o Por Item<\/td><td class=\"column-8\"><\/td><td class=\"column-9\">LOCA\u00c7\u00c3O DE IM\u00d3VEL LOCALIZADO NA RUA JO\u00c3O MILIT\u00c3O MARTINS, N\u00ba 033, CENTRO, LAJES\/RN<\/td><td class=\"column-10\">10010000 - Recursos Ordin\u00e1rios<\/td><td class=\"column-11\">9350<\/td><td class=\"column-12\">429.223.134-68<\/td><td class=\"column-13\">MARIA VIEIRA DE MELO MEDEIROS<\/td><td class=\"column-14\">RAFAEL ANDERSON DE ARA\u00daJO SILVA<\/td><td class=\"column-15\"><\/td><td class=\"column-16\"><\/td><td class=\"column-17\"><\/td><td class=\"column-18\"><\/td><td class=\"column-19\">0<\/td><td class=\"column-20\"><\/td><td class=\"column-21\">850<\/td><td class=\"column-22\">09\/04\/2021<\/td><td class=\"column-23\">09\/04\/2021<\/td><td class=\"column-24\">850<\/td>\n<\/tr>\n<tr class=\"row-282\">\n\t<td class=\"column-1\">12\/2021\t<\/td><td class=\"column-2\">12\/02\/2021<\/td><td class=\"column-3\">16\/02\/2021<\/td><td class=\"column-4\">12\/02\/2021 - 31\/12\/2021<\/td><td class=\"column-5\">17\/2021\t<\/td><td class=\"column-6\">Dispensa<\/td><td class=\"column-7\">Menor Pre\u00e7o Por Item<\/td><td class=\"column-8\"><\/td><td class=\"column-9\">LOCA\u00c7\u00c3O DE IM\u00d3VEL LOCALIZADO NA RUA JO\u00c3O MILIT\u00c3O MARTINS, N\u00ba 033, CENTRO, LAJES\/RN<\/td><td class=\"column-10\">10010000 - Recursos Ordin\u00e1rios<\/td><td class=\"column-11\">9350<\/td><td class=\"column-12\">429.223.134-68<\/td><td class=\"column-13\">MARIA VIEIRA DE MELO MEDEIROS<\/td><td class=\"column-14\">RAFAEL ANDERSON DE ARA\u00daJO SILVA<\/td><td class=\"column-15\"><\/td><td class=\"column-16\"><\/td><td class=\"column-17\"><\/td><td class=\"column-18\"><\/td><td class=\"column-19\">0<\/td><td class=\"column-20\"><\/td><td class=\"column-21\">850<\/td><td class=\"column-22\">10\/03\/2021<\/td><td class=\"column-23\">10\/03\/2021<\/td><td class=\"column-24\">850<\/td>\n<\/tr>\n<tr class=\"row-283\">\n\t<td class=\"column-1\">12\/2021\t<\/td><td class=\"column-2\">12\/02\/2021<\/td><td class=\"column-3\">16\/02\/2021<\/td><td class=\"column-4\">12\/02\/2021 - 31\/12\/2021<\/td><td class=\"column-5\">17\/2021\t<\/td><td class=\"column-6\">Dispensa<\/td><td class=\"column-7\">Menor Pre\u00e7o Por Item<\/td><td class=\"column-8\"><\/td><td class=\"column-9\">LOCA\u00c7\u00c3O DE IM\u00d3VEL LOCALIZADO NA RUA JO\u00c3O MILIT\u00c3O MARTINS, N\u00ba 033, CENTRO, LAJES\/RN<\/td><td class=\"column-10\">10010000 - Recursos Ordin\u00e1rios<\/td><td class=\"column-11\">9350<\/td><td class=\"column-12\">429.223.134-68<\/td><td class=\"column-13\">MARIA VIEIRA DE MELO MEDEIROS<\/td><td class=\"column-14\">RAFAEL ANDERSON DE ARA\u00daJO SILVA<\/td><td class=\"column-15\"><\/td><td class=\"column-16\"><\/td><td class=\"column-17\"><\/td><td class=\"column-18\"><\/td><td class=\"column-19\">0<\/td><td class=\"column-20\"><\/td><td class=\"column-21\">850<\/td><td class=\"column-22\">10\/05\/2021<\/td><td class=\"column-23\">10\/05\/2021<\/td><td class=\"column-24\">850<\/td>\n<\/tr>\n<tr class=\"row-284\">\n\t<td class=\"column-1\">12\/2021\t<\/td><td class=\"column-2\">12\/02\/2021<\/td><td class=\"column-3\">16\/02\/2021<\/td><td class=\"column-4\">12\/02\/2021 - 31\/12\/2021<\/td><td class=\"column-5\">17\/2021\t<\/td><td class=\"column-6\">Dispensa<\/td><td class=\"column-7\">Menor Pre\u00e7o Por Item<\/td><td class=\"column-8\"><\/td><td class=\"column-9\">LOCA\u00c7\u00c3O DE IM\u00d3VEL LOCALIZADO NA RUA JO\u00c3O MILIT\u00c3O MARTINS, N\u00ba 033, CENTRO, LAJES\/RN<\/td><td class=\"column-10\">10010000 - Recursos Ordin\u00e1rios<\/td><td class=\"column-11\">9350<\/td><td class=\"column-12\">429.223.134-68<\/td><td class=\"column-13\">MARIA VIEIRA DE MELO MEDEIROS<\/td><td class=\"column-14\">RAFAEL ANDERSON DE ARA\u00daJO SILVA<\/td><td class=\"column-15\"><\/td><td class=\"column-16\"><\/td><td class=\"column-17\"><\/td><td class=\"column-18\"><\/td><td class=\"column-19\">0<\/td><td class=\"column-20\"><\/td><td class=\"column-21\">850<\/td><td class=\"column-22\">10\/06\/2021<\/td><td class=\"column-23\">10\/06\/2021<\/td><td class=\"column-24\">850<\/td>\n<\/tr>\n<tr class=\"row-285\">\n\t<td class=\"column-1\">12\/2021\t<\/td><td class=\"column-2\">12\/02\/2021<\/td><td class=\"column-3\">16\/02\/2021<\/td><td class=\"column-4\">12\/02\/2021 - 31\/12\/2021<\/td><td class=\"column-5\">17\/2021\t<\/td><td class=\"column-6\">Dispensa<\/td><td class=\"column-7\">Menor Pre\u00e7o Por Item<\/td><td class=\"column-8\"><\/td><td class=\"column-9\">LOCA\u00c7\u00c3O DE IM\u00d3VEL LOCALIZADO NA RUA JO\u00c3O MILIT\u00c3O MARTINS, N\u00ba 033, CENTRO, LAJES\/RN<\/td><td class=\"column-10\">10010000 - Recursos Ordin\u00e1rios<\/td><td class=\"column-11\">9350<\/td><td class=\"column-12\">429.223.134-68<\/td><td class=\"column-13\">MARIA VIEIRA DE MELO MEDEIROS<\/td><td class=\"column-14\">RAFAEL ANDERSON DE ARA\u00daJO SILVA<\/td><td class=\"column-15\"><\/td><td class=\"column-16\"><\/td><td class=\"column-17\"><\/td><td class=\"column-18\"><\/td><td class=\"column-19\">0<\/td><td class=\"column-20\"><\/td><td class=\"column-21\">850<\/td><td class=\"column-22\">10\/09\/2021<\/td><td class=\"column-23\">10\/09\/2021<\/td><td class=\"column-24\">850<\/td>\n<\/tr>\n<tr class=\"row-286\">\n\t<td class=\"column-1\">12\/2021\t<\/td><td class=\"column-2\">12\/02\/2021<\/td><td class=\"column-3\">16\/02\/2021<\/td><td class=\"column-4\">12\/02\/2021 - 31\/12\/2021<\/td><td class=\"column-5\">17\/2021\t<\/td><td class=\"column-6\">Dispensa<\/td><td class=\"column-7\">Menor Pre\u00e7o Por Item<\/td><td class=\"column-8\"><\/td><td class=\"column-9\">LOCA\u00c7\u00c3O DE IM\u00d3VEL LOCALIZADO NA RUA JO\u00c3O MILIT\u00c3O MARTINS, N\u00ba 033, CENTRO, LAJES\/RN<\/td><td class=\"column-10\">10010000 - Recursos Ordin\u00e1rios<\/td><td class=\"column-11\">9350<\/td><td class=\"column-12\">429.223.134-68<\/td><td class=\"column-13\">MARIA VIEIRA DE MELO MEDEIROS<\/td><td class=\"column-14\">RAFAEL ANDERSON DE ARA\u00daJO SILVA<\/td><td class=\"column-15\"><\/td><td class=\"column-16\"><\/td><td class=\"column-17\"><\/td><td class=\"column-18\"><\/td><td class=\"column-19\">0<\/td><td class=\"column-20\"><\/td><td class=\"column-21\">850<\/td><td class=\"column-22\">11\/06\/2021<\/td><td class=\"column-23\"><\/td><td class=\"column-24\"><\/td>\n<\/tr>\n<tr class=\"row-287\">\n\t<td class=\"column-1\">12\/2021\t<\/td><td class=\"column-2\">12\/02\/2021<\/td><td class=\"column-3\">16\/02\/2021<\/td><td class=\"column-4\">12\/02\/2021 - 31\/12\/2021<\/td><td class=\"column-5\">17\/2021\t<\/td><td class=\"column-6\">Dispensa<\/td><td class=\"column-7\">Menor Pre\u00e7o Por Item<\/td><td class=\"column-8\"><\/td><td class=\"column-9\">LOCA\u00c7\u00c3O DE IM\u00d3VEL LOCALIZADO NA RUA JO\u00c3O MILIT\u00c3O MARTINS, N\u00ba 033, CENTRO, LAJES\/RN<\/td><td class=\"column-10\">10010000 - Recursos Ordin\u00e1rios<\/td><td class=\"column-11\">9350<\/td><td class=\"column-12\">429.223.134-68<\/td><td class=\"column-13\">MARIA VIEIRA DE MELO MEDEIROS<\/td><td class=\"column-14\">RAFAEL ANDERSON DE ARA\u00daJO SILVA<\/td><td class=\"column-15\"><\/td><td class=\"column-16\"><\/td><td class=\"column-17\"><\/td><td class=\"column-18\"><\/td><td class=\"column-19\">0<\/td><td class=\"column-20\"><\/td><td class=\"column-21\">850<\/td><td class=\"column-22\">17\/02\/2021<\/td><td class=\"column-23\">17\/02\/2021<\/td><td class=\"column-24\">850<\/td>\n<\/tr>\n<tr class=\"row-288\">\n\t<td class=\"column-1\">12\/2021\t<\/td><td class=\"column-2\">30\/12\/2021<\/td><td class=\"column-3\"><\/td><td class=\"column-4\"><\/td><td class=\"column-5\">17\/2021\t<\/td><td class=\"column-6\">Dispensa<\/td><td class=\"column-7\">Menor Pre\u00e7o Por Item<\/td><td class=\"column-8\"><\/td><td class=\"column-9\"><\/td><td class=\"column-10\">10010000 - Recursos Ordin\u00e1rios<\/td><td class=\"column-11\">0<\/td><td class=\"column-12\">429.223.134-68<\/td><td class=\"column-13\">MARIA VIEIRA DE MELO MEDEIROS<\/td><td class=\"column-14\"><\/td><td class=\"column-15\">1<\/td><td class=\"column-16\">30\/12\/2021<\/td><td class=\"column-17\">31\/12\/2021<\/td><td class=\"column-18\">O presente aditivo \u00e9 de prorroga\u00e7\u00e3o de prazo por mais 11 (onze) meses, visando \u00e0 continua\u00e7\u00e3o da LOCA\u00c7\u00c3O DE IM\u00d3VEL LOCALIZADO NA RUA JO\u00c3O MILIT\u00c3O MARTINS, N\u00ba 033, CENTRO, LAJES\/RN PERTENCENTE A SENHORA MARIA VIEIRA DE MELO MEDEIROS<\/td><td class=\"column-19\">9350<\/td><td class=\"column-20\">11,00 m\u00eas(es)<\/td><td class=\"column-21\"><\/td><td class=\"column-22\"><\/td><td class=\"column-23\"><\/td><td class=\"column-24\"><\/td>\n<\/tr>\n<tr class=\"row-289\">\n\t<td class=\"column-1\">13\/2021\t<\/td><td class=\"column-2\">16\/02\/2021<\/td><td class=\"column-3\">17\/02\/2021<\/td><td class=\"column-4\">16\/02\/2021 - 15\/02\/2022<\/td><td class=\"column-5\">2\/2021\t<\/td><td class=\"column-6\">Inexigibilidade<\/td><td class=\"column-7\">Menor Pre\u00e7o Global<\/td><td class=\"column-8\"><\/td><td class=\"column-9\">Presta\u00e7\u00e3o de servi\u00e7os especializados em consultoria e assessoria jur\u00eddica para administra\u00e7\u00e3o p\u00fablica deste munic\u00edpio especialmente na \u00e1rea de energias renov\u00e1veis, bem como para elabora\u00e7\u00e3o de projeto e instala\u00e7\u00e3o de sistema de energias renov\u00e1veis, direito administrativo, direito regulat\u00f3rio e direto tribut\u00e1rio.<\/td><td class=\"column-10\">10010000 - Recursos Ordin\u00e1rios<\/td><td class=\"column-11\">138000<\/td><td class=\"column-12\">34.758.302\/0001-45<\/td><td class=\"column-13\">RODRIGO FERNANDES DE PAIVA SOCIEDADE INDIVIDUAL DE ADVOCACIA<\/td><td class=\"column-14\">RAFAEL ANDERSON DE ARA\u00daJO SILVA<\/td><td class=\"column-15\"><\/td><td class=\"column-16\"><\/td><td class=\"column-17\"><\/td><td class=\"column-18\"><\/td><td class=\"column-19\">0<\/td><td class=\"column-20\"><\/td><td class=\"column-21\"><\/td><td class=\"column-22\"><\/td><td class=\"column-23\"><\/td><td class=\"column-24\"><\/td>\n<\/tr>\n<tr class=\"row-290\">\n\t<td class=\"column-1\">13\/2021\t<\/td><td class=\"column-2\">16\/02\/2021<\/td><td class=\"column-3\">17\/02\/2021<\/td><td class=\"column-4\">16\/02\/2021 - 15\/02\/2022<\/td><td class=\"column-5\">2\/2021\t<\/td><td class=\"column-6\">Inexigibilidade<\/td><td class=\"column-7\">Menor Pre\u00e7o Global<\/td><td class=\"column-8\"><\/td><td class=\"column-9\">Presta\u00e7\u00e3o de servi\u00e7os especializados em consultoria e assessoria jur\u00eddica para administra\u00e7\u00e3o p\u00fablica deste munic\u00edpio especialmente na \u00e1rea de energias renov\u00e1veis, bem como para elabora\u00e7\u00e3o de projeto e instala\u00e7\u00e3o de sistema de energias renov\u00e1veis, direito administrativo, direito regulat\u00f3rio e direto tribut\u00e1rio.<\/td><td class=\"column-10\">10010000 - Recursos Ordin\u00e1rios<\/td><td class=\"column-11\">138000<\/td><td class=\"column-12\">34.758.302\/0001-45<\/td><td class=\"column-13\">RODRIGO FERNANDES DE PAIVA SOCIEDADE INDIVIDUAL DE ADVOCACIA<\/td><td class=\"column-14\">RAFAEL ANDERSON DE ARA\u00daJO SILVA<\/td><td class=\"column-15\"><\/td><td class=\"column-16\"><\/td><td class=\"column-17\"><\/td><td class=\"column-18\"><\/td><td class=\"column-19\">0<\/td><td class=\"column-20\"><\/td><td class=\"column-21\">11500<\/td><td class=\"column-22\">01\/03\/2021<\/td><td class=\"column-23\">02\/03\/2021<\/td><td class=\"column-24\">11500<\/td>\n<\/tr>\n<tr class=\"row-291\">\n\t<td class=\"column-1\">13\/2021\t<\/td><td class=\"column-2\">16\/02\/2021<\/td><td class=\"column-3\">17\/02\/2021<\/td><td class=\"column-4\">16\/02\/2021 - 15\/02\/2022<\/td><td class=\"column-5\">2\/2021\t<\/td><td class=\"column-6\">Inexigibilidade<\/td><td class=\"column-7\">Menor Pre\u00e7o Global<\/td><td class=\"column-8\"><\/td><td class=\"column-9\">Presta\u00e7\u00e3o de servi\u00e7os especializados em consultoria e assessoria jur\u00eddica para administra\u00e7\u00e3o p\u00fablica deste munic\u00edpio especialmente na \u00e1rea de energias renov\u00e1veis, bem como para elabora\u00e7\u00e3o de projeto e instala\u00e7\u00e3o de sistema de energias renov\u00e1veis, direito administrativo, direito regulat\u00f3rio e direto tribut\u00e1rio.<\/td><td class=\"column-10\">10010000 - Recursos Ordin\u00e1rios<\/td><td class=\"column-11\">138000<\/td><td class=\"column-12\">34.758.302\/0001-45<\/td><td class=\"column-13\">RODRIGO FERNANDES DE PAIVA SOCIEDADE INDIVIDUAL DE ADVOCACIA<\/td><td class=\"column-14\">RAFAEL ANDERSON DE ARA\u00daJO SILVA<\/td><td class=\"column-15\"><\/td><td class=\"column-16\"><\/td><td class=\"column-17\"><\/td><td class=\"column-18\"><\/td><td class=\"column-19\">0<\/td><td class=\"column-20\"><\/td><td class=\"column-21\">11500<\/td><td class=\"column-22\">01\/07\/2021<\/td><td class=\"column-23\">02\/07\/2021<\/td><td class=\"column-24\">11500<\/td>\n<\/tr>\n<tr class=\"row-292\">\n\t<td class=\"column-1\">13\/2021\t<\/td><td class=\"column-2\">16\/02\/2021<\/td><td class=\"column-3\">17\/02\/2021<\/td><td class=\"column-4\">16\/02\/2021 - 15\/02\/2022<\/td><td class=\"column-5\">2\/2021\t<\/td><td class=\"column-6\">Inexigibilidade<\/td><td class=\"column-7\">Menor Pre\u00e7o Global<\/td><td class=\"column-8\"><\/td><td class=\"column-9\">Presta\u00e7\u00e3o de servi\u00e7os especializados em consultoria e assessoria jur\u00eddica para administra\u00e7\u00e3o p\u00fablica deste munic\u00edpio especialmente na \u00e1rea de energias renov\u00e1veis, bem como para elabora\u00e7\u00e3o de projeto e instala\u00e7\u00e3o de sistema de energias renov\u00e1veis, direito administrativo, direito regulat\u00f3rio e direto tribut\u00e1rio.<\/td><td class=\"column-10\">10010000 - Recursos Ordin\u00e1rios<\/td><td class=\"column-11\">138000<\/td><td class=\"column-12\">34.758.302\/0001-45<\/td><td class=\"column-13\">RODRIGO FERNANDES DE PAIVA SOCIEDADE INDIVIDUAL DE ADVOCACIA<\/td><td class=\"column-14\">RAFAEL ANDERSON DE ARA\u00daJO SILVA<\/td><td class=\"column-15\"><\/td><td class=\"column-16\"><\/td><td class=\"column-17\"><\/td><td class=\"column-18\"><\/td><td class=\"column-19\">0<\/td><td class=\"column-20\"><\/td><td class=\"column-21\">11500<\/td><td class=\"column-22\">01\/09\/2021<\/td><td class=\"column-23\">02\/09\/2021<\/td><td class=\"column-24\">11500<\/td>\n<\/tr>\n<tr class=\"row-293\">\n\t<td class=\"column-1\">13\/2021\t<\/td><td class=\"column-2\">16\/02\/2021<\/td><td class=\"column-3\">17\/02\/2021<\/td><td class=\"column-4\">16\/02\/2021 - 15\/02\/2022<\/td><td class=\"column-5\">2\/2021\t<\/td><td class=\"column-6\">Inexigibilidade<\/td><td class=\"column-7\">Menor Pre\u00e7o Global<\/td><td class=\"column-8\"><\/td><td class=\"column-9\">Presta\u00e7\u00e3o de servi\u00e7os especializados em consultoria e assessoria jur\u00eddica para administra\u00e7\u00e3o p\u00fablica deste munic\u00edpio especialmente na \u00e1rea de energias renov\u00e1veis, bem como para elabora\u00e7\u00e3o de projeto e instala\u00e7\u00e3o de sistema de energias renov\u00e1veis, direito administrativo, direito regulat\u00f3rio e direto tribut\u00e1rio.<\/td><td class=\"column-10\">10010000 - Recursos Ordin\u00e1rios<\/td><td class=\"column-11\">138000<\/td><td class=\"column-12\">34.758.302\/0001-45<\/td><td class=\"column-13\">RODRIGO FERNANDES DE PAIVA SOCIEDADE INDIVIDUAL DE ADVOCACIA<\/td><td class=\"column-14\">RAFAEL ANDERSON DE ARA\u00daJO SILVA<\/td><td class=\"column-15\"><\/td><td class=\"column-16\"><\/td><td class=\"column-17\"><\/td><td class=\"column-18\"><\/td><td class=\"column-19\">0<\/td><td class=\"column-20\"><\/td><td class=\"column-21\">11500<\/td><td class=\"column-22\">02\/06\/2021<\/td><td class=\"column-23\">10\/06\/2021<\/td><td class=\"column-24\">11500<\/td>\n<\/tr>\n<tr class=\"row-294\">\n\t<td class=\"column-1\">13\/2021\t<\/td><td class=\"column-2\">16\/02\/2021<\/td><td class=\"column-3\">17\/02\/2021<\/td><td class=\"column-4\">16\/02\/2021 - 15\/02\/2022<\/td><td class=\"column-5\">2\/2021\t<\/td><td class=\"column-6\">Inexigibilidade<\/td><td class=\"column-7\">Menor Pre\u00e7o Global<\/td><td class=\"column-8\"><\/td><td class=\"column-9\">Presta\u00e7\u00e3o de servi\u00e7os especializados em consultoria e assessoria jur\u00eddica para administra\u00e7\u00e3o p\u00fablica deste munic\u00edpio especialmente na \u00e1rea de energias renov\u00e1veis, bem como para elabora\u00e7\u00e3o de projeto e instala\u00e7\u00e3o de sistema de energias renov\u00e1veis, direito administrativo, direito regulat\u00f3rio e direto tribut\u00e1rio.<\/td><td class=\"column-10\">10010000 - Recursos Ordin\u00e1rios<\/td><td class=\"column-11\">138000<\/td><td class=\"column-12\">34.758.302\/0001-45<\/td><td class=\"column-13\">RODRIGO FERNANDES DE PAIVA SOCIEDADE INDIVIDUAL DE ADVOCACIA<\/td><td class=\"column-14\">RAFAEL ANDERSON DE ARA\u00daJO SILVA<\/td><td class=\"column-15\"><\/td><td class=\"column-16\"><\/td><td class=\"column-17\"><\/td><td class=\"column-18\"><\/td><td class=\"column-19\">0<\/td><td class=\"column-20\"><\/td><td class=\"column-21\">11500<\/td><td class=\"column-22\">02\/12\/2021<\/td><td class=\"column-23\"><\/td><td class=\"column-24\"><\/td>\n<\/tr>\n<tr class=\"row-295\">\n\t<td class=\"column-1\">13\/2021\t<\/td><td class=\"column-2\">16\/02\/2021<\/td><td class=\"column-3\">17\/02\/2021<\/td><td class=\"column-4\">16\/02\/2021 - 15\/02\/2022<\/td><td class=\"column-5\">2\/2021\t<\/td><td class=\"column-6\">Inexigibilidade<\/td><td class=\"column-7\">Menor Pre\u00e7o Global<\/td><td class=\"column-8\"><\/td><td class=\"column-9\">Presta\u00e7\u00e3o de servi\u00e7os especializados em consultoria e assessoria jur\u00eddica para administra\u00e7\u00e3o p\u00fablica deste munic\u00edpio especialmente na \u00e1rea de energias renov\u00e1veis, bem como para elabora\u00e7\u00e3o de projeto e instala\u00e7\u00e3o de sistema de energias renov\u00e1veis, direito administrativo, direito regulat\u00f3rio e direto tribut\u00e1rio.<\/td><td class=\"column-10\">10010000 - Recursos Ordin\u00e1rios<\/td><td class=\"column-11\">138000<\/td><td class=\"column-12\">34.758.302\/0001-45<\/td><td class=\"column-13\">RODRIGO FERNANDES DE PAIVA SOCIEDADE INDIVIDUAL DE ADVOCACIA<\/td><td class=\"column-14\">RAFAEL ANDERSON DE ARA\u00daJO SILVA<\/td><td class=\"column-15\"><\/td><td class=\"column-16\"><\/td><td class=\"column-17\"><\/td><td class=\"column-18\"><\/td><td class=\"column-19\">0<\/td><td class=\"column-20\"><\/td><td class=\"column-21\">11500<\/td><td class=\"column-22\">03\/08\/2021<\/td><td class=\"column-23\">03\/08\/2021<\/td><td class=\"column-24\">11500<\/td>\n<\/tr>\n<tr class=\"row-296\">\n\t<td class=\"column-1\">13\/2021\t<\/td><td class=\"column-2\">16\/02\/2021<\/td><td class=\"column-3\">17\/02\/2021<\/td><td class=\"column-4\">16\/02\/2021 - 15\/02\/2022<\/td><td class=\"column-5\">2\/2021\t<\/td><td class=\"column-6\">Inexigibilidade<\/td><td class=\"column-7\">Menor Pre\u00e7o Global<\/td><td class=\"column-8\"><\/td><td class=\"column-9\">Presta\u00e7\u00e3o de servi\u00e7os especializados em consultoria e assessoria jur\u00eddica para administra\u00e7\u00e3o p\u00fablica deste munic\u00edpio especialmente na \u00e1rea de energias renov\u00e1veis, bem como para elabora\u00e7\u00e3o de projeto e instala\u00e7\u00e3o de sistema de energias renov\u00e1veis, direito administrativo, direito regulat\u00f3rio e direto tribut\u00e1rio.<\/td><td class=\"column-10\">10010000 - Recursos Ordin\u00e1rios<\/td><td class=\"column-11\">138000<\/td><td class=\"column-12\">34.758.302\/0001-45<\/td><td class=\"column-13\">RODRIGO FERNANDES DE PAIVA SOCIEDADE INDIVIDUAL DE ADVOCACIA<\/td><td class=\"column-14\">RAFAEL ANDERSON DE ARA\u00daJO SILVA<\/td><td class=\"column-15\"><\/td><td class=\"column-16\"><\/td><td class=\"column-17\"><\/td><td class=\"column-18\"><\/td><td class=\"column-19\">0<\/td><td class=\"column-20\"><\/td><td class=\"column-21\">11500<\/td><td class=\"column-22\">05\/04\/2021<\/td><td class=\"column-23\">05\/04\/2021<\/td><td class=\"column-24\">11500<\/td>\n<\/tr>\n<tr class=\"row-297\">\n\t<td class=\"column-1\">13\/2021\t<\/td><td class=\"column-2\">16\/02\/2021<\/td><td class=\"column-3\">17\/02\/2021<\/td><td class=\"column-4\">16\/02\/2021 - 15\/02\/2022<\/td><td class=\"column-5\">2\/2021\t<\/td><td class=\"column-6\">Inexigibilidade<\/td><td class=\"column-7\">Menor Pre\u00e7o Global<\/td><td class=\"column-8\"><\/td><td class=\"column-9\">Presta\u00e7\u00e3o de servi\u00e7os especializados em consultoria e assessoria jur\u00eddica para administra\u00e7\u00e3o p\u00fablica deste munic\u00edpio especialmente na \u00e1rea de energias renov\u00e1veis, bem como para elabora\u00e7\u00e3o de projeto e instala\u00e7\u00e3o de sistema de energias renov\u00e1veis, direito administrativo, direito regulat\u00f3rio e direto tribut\u00e1rio.<\/td><td class=\"column-10\">10010000 - Recursos Ordin\u00e1rios<\/td><td class=\"column-11\">138000<\/td><td class=\"column-12\">34.758.302\/0001-45<\/td><td class=\"column-13\">RODRIGO FERNANDES DE PAIVA SOCIEDADE INDIVIDUAL DE ADVOCACIA<\/td><td class=\"column-14\">RAFAEL ANDERSON DE ARA\u00daJO SILVA<\/td><td class=\"column-15\"><\/td><td class=\"column-16\"><\/td><td class=\"column-17\"><\/td><td class=\"column-18\"><\/td><td class=\"column-19\">0<\/td><td class=\"column-20\"><\/td><td class=\"column-21\">11500<\/td><td class=\"column-22\">05\/05\/2021<\/td><td class=\"column-23\">05\/05\/2021<\/td><td class=\"column-24\">11500<\/td>\n<\/tr>\n<tr class=\"row-298\">\n\t<td class=\"column-1\">13\/2021\t<\/td><td class=\"column-2\">16\/02\/2021<\/td><td class=\"column-3\">17\/02\/2021<\/td><td class=\"column-4\">16\/02\/2021 - 15\/02\/2022<\/td><td class=\"column-5\">2\/2021\t<\/td><td class=\"column-6\">Inexigibilidade<\/td><td class=\"column-7\">Menor Pre\u00e7o Global<\/td><td class=\"column-8\"><\/td><td class=\"column-9\">Presta\u00e7\u00e3o de servi\u00e7os especializados em consultoria e assessoria jur\u00eddica para administra\u00e7\u00e3o p\u00fablica deste munic\u00edpio especialmente na \u00e1rea de energias renov\u00e1veis, bem como para elabora\u00e7\u00e3o de projeto e instala\u00e7\u00e3o de sistema de energias renov\u00e1veis, direito administrativo, direito regulat\u00f3rio e direto tribut\u00e1rio.<\/td><td class=\"column-10\">10010000 - Recursos Ordin\u00e1rios<\/td><td class=\"column-11\">138000<\/td><td class=\"column-12\">34.758.302\/0001-45<\/td><td class=\"column-13\">RODRIGO FERNANDES DE PAIVA SOCIEDADE INDIVIDUAL DE ADVOCACIA<\/td><td class=\"column-14\">RAFAEL ANDERSON DE ARA\u00daJO SILVA<\/td><td class=\"column-15\"><\/td><td class=\"column-16\"><\/td><td class=\"column-17\"><\/td><td class=\"column-18\"><\/td><td class=\"column-19\">0<\/td><td class=\"column-20\"><\/td><td class=\"column-21\">11500<\/td><td class=\"column-22\">06\/12\/2021<\/td><td class=\"column-23\">07\/12\/2021<\/td><td class=\"column-24\">11500<\/td>\n<\/tr>\n<tr class=\"row-299\">\n\t<td class=\"column-1\">13\/2021\t<\/td><td class=\"column-2\">16\/02\/2021<\/td><td class=\"column-3\">17\/02\/2021<\/td><td class=\"column-4\">16\/02\/2021 - 15\/02\/2022<\/td><td class=\"column-5\">2\/2021\t<\/td><td class=\"column-6\">Inexigibilidade<\/td><td class=\"column-7\">Menor Pre\u00e7o Global<\/td><td class=\"column-8\"><\/td><td class=\"column-9\">Presta\u00e7\u00e3o de servi\u00e7os especializados em consultoria e assessoria jur\u00eddica para administra\u00e7\u00e3o p\u00fablica deste munic\u00edpio especialmente na \u00e1rea de energias renov\u00e1veis, bem como para elabora\u00e7\u00e3o de projeto e instala\u00e7\u00e3o de sistema de energias renov\u00e1veis, direito administrativo, direito regulat\u00f3rio e direto tribut\u00e1rio.<\/td><td class=\"column-10\">10010000 - Recursos Ordin\u00e1rios<\/td><td class=\"column-11\">138000<\/td><td class=\"column-12\">34.758.302\/0001-45<\/td><td class=\"column-13\">RODRIGO FERNANDES DE PAIVA SOCIEDADE INDIVIDUAL DE ADVOCACIA<\/td><td class=\"column-14\">RAFAEL ANDERSON DE ARA\u00daJO SILVA<\/td><td class=\"column-15\"><\/td><td class=\"column-16\"><\/td><td class=\"column-17\"><\/td><td class=\"column-18\"><\/td><td class=\"column-19\">0<\/td><td class=\"column-20\"><\/td><td class=\"column-21\">11500<\/td><td class=\"column-22\">24\/09\/2021<\/td><td class=\"column-23\">05\/10\/2021<\/td><td class=\"column-24\">11500<\/td>\n<\/tr>\n<tr class=\"row-300\">\n\t<td class=\"column-1\">13\/2021\t<\/td><td class=\"column-2\">16\/02\/2021<\/td><td class=\"column-3\">17\/02\/2021<\/td><td class=\"column-4\">16\/02\/2021 - 15\/02\/2022<\/td><td class=\"column-5\">2\/2021\t<\/td><td class=\"column-6\">Inexigibilidade<\/td><td class=\"column-7\">Menor Pre\u00e7o Global<\/td><td class=\"column-8\"><\/td><td class=\"column-9\">Presta\u00e7\u00e3o de servi\u00e7os especializados em consultoria e assessoria jur\u00eddica para administra\u00e7\u00e3o p\u00fablica deste munic\u00edpio especialmente na \u00e1rea de energias renov\u00e1veis, bem como para elabora\u00e7\u00e3o de projeto e instala\u00e7\u00e3o de sistema de energias renov\u00e1veis, direito administrativo, direito regulat\u00f3rio e direto tribut\u00e1rio.<\/td><td class=\"column-10\">10010000 - Recursos Ordin\u00e1rios<\/td><td class=\"column-11\">138000<\/td><td class=\"column-12\">34.758.302\/0001-45<\/td><td class=\"column-13\">RODRIGO FERNANDES DE PAIVA SOCIEDADE INDIVIDUAL DE ADVOCACIA<\/td><td class=\"column-14\">RAFAEL ANDERSON DE ARA\u00daJO SILVA<\/td><td class=\"column-15\"><\/td><td class=\"column-16\"><\/td><td class=\"column-17\"><\/td><td class=\"column-18\"><\/td><td class=\"column-19\">0<\/td><td class=\"column-20\"><\/td><td class=\"column-21\">11500<\/td><td class=\"column-22\">25\/10\/2021<\/td><td class=\"column-23\">05\/11\/2021<\/td><td class=\"column-24\">11500<\/td>\n<\/tr>\n<tr class=\"row-301\">\n\t<td class=\"column-1\">13\/2021\t<\/td><td class=\"column-2\">16\/02\/2021<\/td><td class=\"column-3\">17\/02\/2021<\/td><td class=\"column-4\">16\/02\/2021 - 15\/02\/2022<\/td><td class=\"column-5\">2\/2021\t<\/td><td class=\"column-6\">Inexigibilidade<\/td><td class=\"column-7\">Menor Pre\u00e7o Global<\/td><td class=\"column-8\"><\/td><td class=\"column-9\">Presta\u00e7\u00e3o de servi\u00e7os especializados em consultoria e assessoria jur\u00eddica para administra\u00e7\u00e3o p\u00fablica deste munic\u00edpio especialmente na \u00e1rea de energias renov\u00e1veis, bem como para elabora\u00e7\u00e3o de projeto e instala\u00e7\u00e3o de sistema de energias renov\u00e1veis, direito administrativo, direito regulat\u00f3rio e direto tribut\u00e1rio.<\/td><td class=\"column-10\">10010000 - Recursos Ordin\u00e1rios<\/td><td class=\"column-11\">138000<\/td><td class=\"column-12\">34.758.302\/0001-45<\/td><td class=\"column-13\">RODRIGO FERNANDES DE PAIVA SOCIEDADE INDIVIDUAL DE ADVOCACIA<\/td><td class=\"column-14\">RAFAEL ANDERSON DE ARA\u00daJO SILVA<\/td><td class=\"column-15\"><\/td><td class=\"column-16\"><\/td><td class=\"column-17\"><\/td><td class=\"column-18\"><\/td><td class=\"column-19\">0<\/td><td class=\"column-20\"><\/td><td class=\"column-21\">11500<\/td><td class=\"column-22\">30\/12\/2021<\/td><td class=\"column-23\"><\/td><td class=\"column-24\"><\/td>\n<\/tr>\n<tr class=\"row-302\">\n\t<td class=\"column-1\">14\/2021\t<\/td><td class=\"column-2\">16\/02\/2021<\/td><td class=\"column-3\">17\/02\/2021<\/td><td class=\"column-4\">16\/02\/2021 - 15\/02\/2022<\/td><td class=\"column-5\">3\/2021\t<\/td><td class=\"column-6\">Inexigibilidade<\/td><td class=\"column-7\">Menor Pre\u00e7o<\/td><td class=\"column-8\"><\/td><td class=\"column-9\">PRESTA\u00c7\u00c3O DE SERVI\u00c7OS T\u00c9CNICOS ESPECIALIZADOS DE ASSESSORIA JUR\u00cdDICA PARA CONSULTORIA ADMINISTRATIVA ESPECIFICA EM LICITA\u00c7\u00d5ES E CONTRATOS ADMINISTRATIVOS, BEM COMO EM TODA A GEST\u00c3O P\u00daBLICA MUNICIPAL<\/td><td class=\"column-10\">10010000 - Recursos Ordin\u00e1rios<\/td><td class=\"column-11\">144000<\/td><td class=\"column-12\">31.002.969\/0001-25<\/td><td class=\"column-13\">BEZERRA, MENDON\u00c7A, BARBOSA &amp; ROSSO SOCIEDADE DE ADVOGADOS<\/td><td class=\"column-14\">RAFAEL ANDERSON DE ARA\u00daJO SILVA<\/td><td class=\"column-15\"><\/td><td class=\"column-16\"><\/td><td class=\"column-17\"><\/td><td class=\"column-18\"><\/td><td class=\"column-19\">0<\/td><td class=\"column-20\"><\/td><td class=\"column-21\"><\/td><td class=\"column-22\"><\/td><td class=\"column-23\"><\/td><td class=\"column-24\"><\/td>\n<\/tr>\n<tr class=\"row-303\">\n\t<td class=\"column-1\">14\/2021\t<\/td><td class=\"column-2\">16\/02\/2021<\/td><td class=\"column-3\">17\/02\/2021<\/td><td class=\"column-4\">16\/02\/2021 - 15\/02\/2022<\/td><td class=\"column-5\">3\/2021\t<\/td><td class=\"column-6\">Inexigibilidade<\/td><td class=\"column-7\">Menor Pre\u00e7o<\/td><td class=\"column-8\"><\/td><td class=\"column-9\">PRESTA\u00c7\u00c3O DE SERVI\u00c7OS T\u00c9CNICOS ESPECIALIZADOS DE ASSESSORIA JUR\u00cdDICA PARA CONSULTORIA ADMINISTRATIVA ESPECIFICA EM LICITA\u00c7\u00d5ES E CONTRATOS ADMINISTRATIVOS, BEM COMO EM TODA A GEST\u00c3O P\u00daBLICA MUNICIPAL<\/td><td class=\"column-10\">10010000 - Recursos Ordin\u00e1rios<\/td><td class=\"column-11\">144000<\/td><td class=\"column-12\">31.002.969\/0001-25<\/td><td class=\"column-13\">BEZERRA, MENDON\u00c7A, BARBOSA &amp; ROSSO SOCIEDADE DE ADVOGADOS<\/td><td class=\"column-14\">RAFAEL ANDERSON DE ARA\u00daJO SILVA<\/td><td class=\"column-15\"><\/td><td class=\"column-16\"><\/td><td class=\"column-17\"><\/td><td class=\"column-18\"><\/td><td class=\"column-19\">0<\/td><td class=\"column-20\"><\/td><td class=\"column-21\">12000<\/td><td class=\"column-22\">01\/03\/2021<\/td><td class=\"column-23\">02\/03\/2021<\/td><td class=\"column-24\">12000<\/td>\n<\/tr>\n<tr class=\"row-304\">\n\t<td class=\"column-1\">14\/2021\t<\/td><td class=\"column-2\">16\/02\/2021<\/td><td class=\"column-3\">17\/02\/2021<\/td><td class=\"column-4\">16\/02\/2021 - 15\/02\/2022<\/td><td class=\"column-5\">3\/2021\t<\/td><td class=\"column-6\">Inexigibilidade<\/td><td class=\"column-7\">Menor Pre\u00e7o<\/td><td class=\"column-8\"><\/td><td class=\"column-9\">PRESTA\u00c7\u00c3O DE SERVI\u00c7OS T\u00c9CNICOS ESPECIALIZADOS DE ASSESSORIA JUR\u00cdDICA PARA CONSULTORIA ADMINISTRATIVA ESPECIFICA EM LICITA\u00c7\u00d5ES E CONTRATOS ADMINISTRATIVOS, BEM COMO EM TODA A GEST\u00c3O P\u00daBLICA MUNICIPAL<\/td><td class=\"column-10\">10010000 - Recursos Ordin\u00e1rios<\/td><td class=\"column-11\">144000<\/td><td class=\"column-12\">31.002.969\/0001-25<\/td><td class=\"column-13\">BEZERRA, MENDON\u00c7A, BARBOSA &amp; ROSSO SOCIEDADE DE ADVOGADOS<\/td><td class=\"column-14\">RAFAEL ANDERSON DE ARA\u00daJO SILVA<\/td><td class=\"column-15\"><\/td><td class=\"column-16\"><\/td><td class=\"column-17\"><\/td><td class=\"column-18\"><\/td><td class=\"column-19\">0<\/td><td class=\"column-20\"><\/td><td class=\"column-21\">12000<\/td><td class=\"column-22\">01\/07\/2021<\/td><td class=\"column-23\">02\/07\/2021<\/td><td class=\"column-24\">12000<\/td>\n<\/tr>\n<tr class=\"row-305\">\n\t<td class=\"column-1\">14\/2021\t<\/td><td class=\"column-2\">16\/02\/2021<\/td><td class=\"column-3\">17\/02\/2021<\/td><td class=\"column-4\">16\/02\/2021 - 15\/02\/2022<\/td><td class=\"column-5\">3\/2021\t<\/td><td class=\"column-6\">Inexigibilidade<\/td><td class=\"column-7\">Menor Pre\u00e7o<\/td><td class=\"column-8\"><\/td><td class=\"column-9\">PRESTA\u00c7\u00c3O DE SERVI\u00c7OS T\u00c9CNICOS ESPECIALIZADOS DE ASSESSORIA JUR\u00cdDICA PARA CONSULTORIA ADMINISTRATIVA ESPECIFICA EM LICITA\u00c7\u00d5ES E CONTRATOS ADMINISTRATIVOS, BEM COMO EM TODA A GEST\u00c3O P\u00daBLICA MUNICIPAL<\/td><td class=\"column-10\">10010000 - Recursos Ordin\u00e1rios<\/td><td class=\"column-11\">144000<\/td><td class=\"column-12\">31.002.969\/0001-25<\/td><td class=\"column-13\">BEZERRA, MENDON\u00c7A, BARBOSA &amp; ROSSO SOCIEDADE DE ADVOGADOS<\/td><td class=\"column-14\">RAFAEL ANDERSON DE ARA\u00daJO SILVA<\/td><td class=\"column-15\"><\/td><td class=\"column-16\"><\/td><td class=\"column-17\"><\/td><td class=\"column-18\"><\/td><td class=\"column-19\">0<\/td><td class=\"column-20\"><\/td><td class=\"column-21\">12000<\/td><td class=\"column-22\">01\/09\/2021<\/td><td class=\"column-23\">02\/09\/2021<\/td><td class=\"column-24\">12000<\/td>\n<\/tr>\n<tr class=\"row-306\">\n\t<td class=\"column-1\">14\/2021\t<\/td><td class=\"column-2\">16\/02\/2021<\/td><td class=\"column-3\">17\/02\/2021<\/td><td class=\"column-4\">16\/02\/2021 - 15\/02\/2022<\/td><td class=\"column-5\">3\/2021\t<\/td><td class=\"column-6\">Inexigibilidade<\/td><td class=\"column-7\">Menor Pre\u00e7o<\/td><td class=\"column-8\"><\/td><td class=\"column-9\">PRESTA\u00c7\u00c3O DE SERVI\u00c7OS T\u00c9CNICOS ESPECIALIZADOS DE ASSESSORIA JUR\u00cdDICA PARA CONSULTORIA ADMINISTRATIVA ESPECIFICA EM LICITA\u00c7\u00d5ES E CONTRATOS ADMINISTRATIVOS, BEM COMO EM TODA A GEST\u00c3O P\u00daBLICA MUNICIPAL<\/td><td class=\"column-10\">10010000 - Recursos Ordin\u00e1rios<\/td><td class=\"column-11\">144000<\/td><td class=\"column-12\">31.002.969\/0001-25<\/td><td class=\"column-13\">BEZERRA, MENDON\u00c7A, BARBOSA &amp; ROSSO SOCIEDADE DE ADVOGADOS<\/td><td class=\"column-14\">RAFAEL ANDERSON DE ARA\u00daJO SILVA<\/td><td class=\"column-15\"><\/td><td class=\"column-16\"><\/td><td class=\"column-17\"><\/td><td class=\"column-18\"><\/td><td class=\"column-19\">0<\/td><td class=\"column-20\"><\/td><td class=\"column-21\">12000<\/td><td class=\"column-22\">02\/06\/2021<\/td><td class=\"column-23\">10\/06\/2021<\/td><td class=\"column-24\">12000<\/td>\n<\/tr>\n<tr class=\"row-307\">\n\t<td class=\"column-1\">14\/2021\t<\/td><td class=\"column-2\">16\/02\/2021<\/td><td class=\"column-3\">17\/02\/2021<\/td><td class=\"column-4\">16\/02\/2021 - 15\/02\/2022<\/td><td class=\"column-5\">3\/2021\t<\/td><td class=\"column-6\">Inexigibilidade<\/td><td class=\"column-7\">Menor Pre\u00e7o<\/td><td class=\"column-8\"><\/td><td class=\"column-9\">PRESTA\u00c7\u00c3O DE SERVI\u00c7OS T\u00c9CNICOS ESPECIALIZADOS DE ASSESSORIA JUR\u00cdDICA PARA CONSULTORIA ADMINISTRATIVA ESPECIFICA EM LICITA\u00c7\u00d5ES E CONTRATOS ADMINISTRATIVOS, BEM COMO EM TODA A GEST\u00c3O P\u00daBLICA MUNICIPAL<\/td><td class=\"column-10\">10010000 - Recursos Ordin\u00e1rios<\/td><td class=\"column-11\">144000<\/td><td class=\"column-12\">31.002.969\/0001-25<\/td><td class=\"column-13\">BEZERRA, MENDON\u00c7A, BARBOSA &amp; ROSSO SOCIEDADE DE ADVOGADOS<\/td><td class=\"column-14\">RAFAEL ANDERSON DE ARA\u00daJO SILVA<\/td><td class=\"column-15\"><\/td><td class=\"column-16\"><\/td><td class=\"column-17\"><\/td><td class=\"column-18\"><\/td><td class=\"column-19\">0<\/td><td class=\"column-20\"><\/td><td class=\"column-21\">12000<\/td><td class=\"column-22\">03\/08\/2021<\/td><td class=\"column-23\">03\/08\/2021<\/td><td class=\"column-24\">12000<\/td>\n<\/tr>\n<tr class=\"row-308\">\n\t<td class=\"column-1\">14\/2021\t<\/td><td class=\"column-2\">16\/02\/2021<\/td><td class=\"column-3\">17\/02\/2021<\/td><td class=\"column-4\">16\/02\/2021 - 15\/02\/2022<\/td><td class=\"column-5\">3\/2021\t<\/td><td class=\"column-6\">Inexigibilidade<\/td><td class=\"column-7\">Menor Pre\u00e7o<\/td><td class=\"column-8\"><\/td><td class=\"column-9\">PRESTA\u00c7\u00c3O DE SERVI\u00c7OS T\u00c9CNICOS ESPECIALIZADOS DE ASSESSORIA JUR\u00cdDICA PARA CONSULTORIA ADMINISTRATIVA ESPECIFICA EM LICITA\u00c7\u00d5ES E CONTRATOS ADMINISTRATIVOS, BEM COMO EM TODA A GEST\u00c3O P\u00daBLICA MUNICIPAL<\/td><td class=\"column-10\">10010000 - Recursos Ordin\u00e1rios<\/td><td class=\"column-11\">144000<\/td><td class=\"column-12\">31.002.969\/0001-25<\/td><td class=\"column-13\">BEZERRA, MENDON\u00c7A, BARBOSA &amp; ROSSO SOCIEDADE DE ADVOGADOS<\/td><td class=\"column-14\">RAFAEL ANDERSON DE ARA\u00daJO SILVA<\/td><td class=\"column-15\"><\/td><td class=\"column-16\"><\/td><td class=\"column-17\"><\/td><td class=\"column-18\"><\/td><td class=\"column-19\">0<\/td><td class=\"column-20\"><\/td><td class=\"column-21\">12000<\/td><td class=\"column-22\">05\/04\/2021<\/td><td class=\"column-23\">05\/04\/2021<\/td><td class=\"column-24\">12000<\/td>\n<\/tr>\n<tr class=\"row-309\">\n\t<td class=\"column-1\">14\/2021\t<\/td><td class=\"column-2\">16\/02\/2021<\/td><td class=\"column-3\">17\/02\/2021<\/td><td class=\"column-4\">16\/02\/2021 - 15\/02\/2022<\/td><td class=\"column-5\">3\/2021\t<\/td><td class=\"column-6\">Inexigibilidade<\/td><td class=\"column-7\">Menor Pre\u00e7o<\/td><td class=\"column-8\"><\/td><td class=\"column-9\">PRESTA\u00c7\u00c3O DE SERVI\u00c7OS T\u00c9CNICOS ESPECIALIZADOS DE ASSESSORIA JUR\u00cdDICA PARA CONSULTORIA ADMINISTRATIVA ESPECIFICA EM LICITA\u00c7\u00d5ES E CONTRATOS ADMINISTRATIVOS, BEM COMO EM TODA A GEST\u00c3O P\u00daBLICA MUNICIPAL<\/td><td class=\"column-10\">10010000 - Recursos Ordin\u00e1rios<\/td><td class=\"column-11\">144000<\/td><td class=\"column-12\">31.002.969\/0001-25<\/td><td class=\"column-13\">BEZERRA, MENDON\u00c7A, BARBOSA &amp; ROSSO SOCIEDADE DE ADVOGADOS<\/td><td class=\"column-14\">RAFAEL ANDERSON DE ARA\u00daJO SILVA<\/td><td class=\"column-15\"><\/td><td class=\"column-16\"><\/td><td class=\"column-17\"><\/td><td class=\"column-18\"><\/td><td class=\"column-19\">0<\/td><td class=\"column-20\"><\/td><td class=\"column-21\">12000<\/td><td class=\"column-22\">05\/05\/2021<\/td><td class=\"column-23\">05\/05\/2021<\/td><td class=\"column-24\">12000<\/td>\n<\/tr>\n<tr class=\"row-310\">\n\t<td class=\"column-1\">14\/2021\t<\/td><td class=\"column-2\">16\/02\/2021<\/td><td class=\"column-3\">17\/02\/2021<\/td><td class=\"column-4\">16\/02\/2021 - 15\/02\/2022<\/td><td class=\"column-5\">3\/2021\t<\/td><td class=\"column-6\">Inexigibilidade<\/td><td class=\"column-7\">Menor Pre\u00e7o<\/td><td class=\"column-8\"><\/td><td class=\"column-9\">PRESTA\u00c7\u00c3O DE SERVI\u00c7OS T\u00c9CNICOS ESPECIALIZADOS DE ASSESSORIA JUR\u00cdDICA PARA CONSULTORIA ADMINISTRATIVA ESPECIFICA EM LICITA\u00c7\u00d5ES E CONTRATOS ADMINISTRATIVOS, BEM COMO EM TODA A GEST\u00c3O P\u00daBLICA MUNICIPAL<\/td><td class=\"column-10\">10010000 - Recursos Ordin\u00e1rios<\/td><td class=\"column-11\">144000<\/td><td class=\"column-12\">31.002.969\/0001-25<\/td><td class=\"column-13\">BEZERRA, MENDON\u00c7A, BARBOSA &amp; ROSSO SOCIEDADE DE ADVOGADOS<\/td><td class=\"column-14\">RAFAEL ANDERSON DE ARA\u00daJO SILVA<\/td><td class=\"column-15\"><\/td><td class=\"column-16\"><\/td><td class=\"column-17\"><\/td><td class=\"column-18\"><\/td><td class=\"column-19\">0<\/td><td class=\"column-20\"><\/td><td class=\"column-21\">12000<\/td><td class=\"column-22\">22\/10\/2021<\/td><td class=\"column-23\">05\/11\/2021<\/td><td class=\"column-24\">12000<\/td>\n<\/tr>\n<tr class=\"row-311\">\n\t<td class=\"column-1\">14\/2021\t<\/td><td class=\"column-2\">16\/02\/2021<\/td><td class=\"column-3\">17\/02\/2021<\/td><td class=\"column-4\">16\/02\/2021 - 15\/02\/2022<\/td><td class=\"column-5\">3\/2021\t<\/td><td class=\"column-6\">Inexigibilidade<\/td><td class=\"column-7\">Menor Pre\u00e7o<\/td><td class=\"column-8\"><\/td><td class=\"column-9\">PRESTA\u00c7\u00c3O DE SERVI\u00c7OS T\u00c9CNICOS ESPECIALIZADOS DE ASSESSORIA JUR\u00cdDICA PARA CONSULTORIA ADMINISTRATIVA ESPECIFICA EM LICITA\u00c7\u00d5ES E CONTRATOS ADMINISTRATIVOS, BEM COMO EM TODA A GEST\u00c3O P\u00daBLICA MUNICIPAL<\/td><td class=\"column-10\">10010000 - Recursos Ordin\u00e1rios<\/td><td class=\"column-11\">144000<\/td><td class=\"column-12\">31.002.969\/0001-25<\/td><td class=\"column-13\">BEZERRA, MENDON\u00c7A, BARBOSA &amp; ROSSO SOCIEDADE DE ADVOGADOS<\/td><td class=\"column-14\">RAFAEL ANDERSON DE ARA\u00daJO SILVA<\/td><td class=\"column-15\"><\/td><td class=\"column-16\"><\/td><td class=\"column-17\"><\/td><td class=\"column-18\"><\/td><td class=\"column-19\">0<\/td><td class=\"column-20\"><\/td><td class=\"column-21\">12000<\/td><td class=\"column-22\">23\/11\/2021<\/td><td class=\"column-23\">06\/12\/2021<\/td><td class=\"column-24\">12000<\/td>\n<\/tr>\n<tr class=\"row-312\">\n\t<td class=\"column-1\">14\/2021\t<\/td><td class=\"column-2\">16\/02\/2021<\/td><td class=\"column-3\">17\/02\/2021<\/td><td class=\"column-4\">16\/02\/2021 - 15\/02\/2022<\/td><td class=\"column-5\">3\/2021\t<\/td><td class=\"column-6\">Inexigibilidade<\/td><td class=\"column-7\">Menor Pre\u00e7o<\/td><td class=\"column-8\"><\/td><td class=\"column-9\">PRESTA\u00c7\u00c3O DE SERVI\u00c7OS T\u00c9CNICOS ESPECIALIZADOS DE ASSESSORIA JUR\u00cdDICA PARA CONSULTORIA ADMINISTRATIVA ESPECIFICA EM LICITA\u00c7\u00d5ES E CONTRATOS ADMINISTRATIVOS, BEM COMO EM TODA A GEST\u00c3O P\u00daBLICA MUNICIPAL<\/td><td class=\"column-10\">10010000 - Recursos Ordin\u00e1rios<\/td><td class=\"column-11\">144000<\/td><td class=\"column-12\">31.002.969\/0001-25<\/td><td class=\"column-13\">BEZERRA, MENDON\u00c7A, BARBOSA &amp; ROSSO SOCIEDADE DE ADVOGADOS<\/td><td class=\"column-14\">RAFAEL ANDERSON DE ARA\u00daJO SILVA<\/td><td class=\"column-15\"><\/td><td class=\"column-16\"><\/td><td class=\"column-17\"><\/td><td class=\"column-18\"><\/td><td class=\"column-19\">0<\/td><td class=\"column-20\"><\/td><td class=\"column-21\">12000<\/td><td class=\"column-22\">24\/09\/2021<\/td><td class=\"column-23\">05\/10\/2021<\/td><td class=\"column-24\">12000<\/td>\n<\/tr>\n<tr class=\"row-313\">\n\t<td class=\"column-1\">14\/2021\t<\/td><td class=\"column-2\">16\/02\/2021<\/td><td class=\"column-3\">17\/02\/2021<\/td><td class=\"column-4\">16\/02\/2021 - 15\/02\/2022<\/td><td class=\"column-5\">3\/2021\t<\/td><td class=\"column-6\">Inexigibilidade<\/td><td class=\"column-7\">Menor Pre\u00e7o<\/td><td class=\"column-8\"><\/td><td class=\"column-9\">PRESTA\u00c7\u00c3O DE SERVI\u00c7OS T\u00c9CNICOS ESPECIALIZADOS DE ASSESSORIA JUR\u00cdDICA PARA CONSULTORIA ADMINISTRATIVA ESPECIFICA EM LICITA\u00c7\u00d5ES E CONTRATOS ADMINISTRATIVOS, BEM COMO EM TODA A GEST\u00c3O P\u00daBLICA MUNICIPAL<\/td><td class=\"column-10\">10010000 - Recursos Ordin\u00e1rios<\/td><td class=\"column-11\">144000<\/td><td class=\"column-12\">31.002.969\/0001-25<\/td><td class=\"column-13\">BEZERRA, MENDON\u00c7A, BARBOSA &amp; ROSSO SOCIEDADE DE ADVOGADOS<\/td><td class=\"column-14\">RAFAEL ANDERSON DE ARA\u00daJO SILVA<\/td><td class=\"column-15\"><\/td><td class=\"column-16\"><\/td><td class=\"column-17\"><\/td><td class=\"column-18\"><\/td><td class=\"column-19\">0<\/td><td class=\"column-20\"><\/td><td class=\"column-21\">12000<\/td><td class=\"column-22\">30\/12\/2021<\/td><td class=\"column-23\"><\/td><td class=\"column-24\"><\/td>\n<\/tr>\n<tr class=\"row-314\">\n\t<td class=\"column-1\">15\/2021\t<\/td><td class=\"column-2\">16\/02\/2021<\/td><td class=\"column-3\">17\/02\/2021<\/td><td class=\"column-4\">16\/02\/2021 - 15\/02\/2022<\/td><td class=\"column-5\">4\/2021\t<\/td><td class=\"column-6\">Inexigibilidade<\/td><td class=\"column-7\">Menor Pre\u00e7o Global<\/td><td class=\"column-8\"><\/td><td class=\"column-9\">PRESTA\u00c7\u00c3O DE SERVI\u00c7OS DE ASSESSORIA JUR\u00cdDICA PARA CONSULTORIA ESPECIALIZADA NA REVIS\u00c3O E IMPLEMENTA\u00c7\u00c3O DE MELHORIAS NA ESTRUTURA ORGANIZACIONAL E NO QUADRO DE CARGOS DO MUNIC\u00cdPIO DE LAJES\/RN, ENVOLVENDO ESTUDOS E AN\u00c1LISES T\u00c9CNICAS, INCLUSIVE COM IMPLANTA\u00c7\u00c3O DE NOVO ORGANOGRAMA ESTRUTURAL, BEM COMO ASSESSORAMENTO NA SEARA AMBIENTAL NA IMPLEMENTA\u00c7\u00c3O E MONITORAMENTO DO EXERC\u00cdCIO DAS COMPET\u00caNCIAS MUNICIPAIS EM MAT\u00c9RIA AMBIENTAL.<\/td><td class=\"column-10\">10010000 - Recursos Ordin\u00e1rios<\/td><td class=\"column-11\">150000<\/td><td class=\"column-12\">33.310.851\/0001-90<\/td><td class=\"column-13\">CARVALHO, COSTA, GUERRA &amp; DAMASCENO SOCIEDADE DE ADVOGADOS<\/td><td class=\"column-14\">RAFAEL ANDERSON DE ARA\u00daJO SILVA<\/td><td class=\"column-15\"><\/td><td class=\"column-16\"><\/td><td class=\"column-17\"><\/td><td class=\"column-18\"><\/td><td class=\"column-19\">0<\/td><td class=\"column-20\"><\/td><td class=\"column-21\"><\/td><td class=\"column-22\"><\/td><td class=\"column-23\"><\/td><td class=\"column-24\"><\/td>\n<\/tr>\n<tr class=\"row-315\">\n\t<td class=\"column-1\">15\/2021\t<\/td><td class=\"column-2\">16\/02\/2021<\/td><td class=\"column-3\">17\/02\/2021<\/td><td class=\"column-4\">16\/02\/2021 - 15\/02\/2022<\/td><td class=\"column-5\">4\/2021\t<\/td><td class=\"column-6\">Inexigibilidade<\/td><td class=\"column-7\">Menor Pre\u00e7o Global<\/td><td class=\"column-8\"><\/td><td class=\"column-9\">PRESTA\u00c7\u00c3O DE SERVI\u00c7OS DE ASSESSORIA JUR\u00cdDICA PARA CONSULTORIA ESPECIALIZADA NA REVIS\u00c3O E IMPLEMENTA\u00c7\u00c3O DE MELHORIAS NA ESTRUTURA ORGANIZACIONAL E NO QUADRO DE CARGOS DO MUNIC\u00cdPIO DE LAJES\/RN, ENVOLVENDO ESTUDOS E AN\u00c1LISES T\u00c9CNICAS, INCLUSIVE COM IMPLANTA\u00c7\u00c3O DE NOVO ORGANOGRAMA ESTRUTURAL, BEM COMO ASSESSORAMENTO NA SEARA AMBIENTAL NA IMPLEMENTA\u00c7\u00c3O E MONITORAMENTO DO EXERC\u00cdCIO DAS COMPET\u00caNCIAS MUNICIPAIS EM MAT\u00c9RIA AMBIENTAL.<\/td><td class=\"column-10\">10010000 - Recursos Ordin\u00e1rios<\/td><td class=\"column-11\">150000<\/td><td class=\"column-12\">33.310.851\/0001-90<\/td><td class=\"column-13\">CARVALHO, COSTA, GUERRA &amp; DAMASCENO SOCIEDADE DE ADVOGADOS<\/td><td class=\"column-14\">RAFAEL ANDERSON DE ARA\u00daJO SILVA<\/td><td class=\"column-15\"><\/td><td class=\"column-16\"><\/td><td class=\"column-17\"><\/td><td class=\"column-18\"><\/td><td class=\"column-19\">0<\/td><td class=\"column-20\"><\/td><td class=\"column-21\">12500<\/td><td class=\"column-22\">01\/03\/2021<\/td><td class=\"column-23\">02\/03\/2021<\/td><td class=\"column-24\">12500<\/td>\n<\/tr>\n<tr class=\"row-316\">\n\t<td class=\"column-1\">15\/2021\t<\/td><td class=\"column-2\">16\/02\/2021<\/td><td class=\"column-3\">17\/02\/2021<\/td><td class=\"column-4\">16\/02\/2021 - 15\/02\/2022<\/td><td class=\"column-5\">4\/2021\t<\/td><td class=\"column-6\">Inexigibilidade<\/td><td class=\"column-7\">Menor Pre\u00e7o Global<\/td><td class=\"column-8\"><\/td><td class=\"column-9\">PRESTA\u00c7\u00c3O DE SERVI\u00c7OS DE ASSESSORIA JUR\u00cdDICA PARA CONSULTORIA ESPECIALIZADA NA REVIS\u00c3O E IMPLEMENTA\u00c7\u00c3O DE MELHORIAS NA ESTRUTURA ORGANIZACIONAL E NO QUADRO DE CARGOS DO MUNIC\u00cdPIO DE LAJES\/RN, ENVOLVENDO ESTUDOS E AN\u00c1LISES T\u00c9CNICAS, INCLUSIVE COM IMPLANTA\u00c7\u00c3O DE NOVO ORGANOGRAMA ESTRUTURAL, BEM COMO ASSESSORAMENTO NA SEARA AMBIENTAL NA IMPLEMENTA\u00c7\u00c3O E MONITORAMENTO DO EXERC\u00cdCIO DAS COMPET\u00caNCIAS MUNICIPAIS EM MAT\u00c9RIA AMBIENTAL.<\/td><td class=\"column-10\">10010000 - Recursos Ordin\u00e1rios<\/td><td class=\"column-11\">150000<\/td><td class=\"column-12\">33.310.851\/0001-90<\/td><td class=\"column-13\">CARVALHO, COSTA, GUERRA &amp; DAMASCENO SOCIEDADE DE ADVOGADOS<\/td><td class=\"column-14\">RAFAEL ANDERSON DE ARA\u00daJO SILVA<\/td><td class=\"column-15\"><\/td><td class=\"column-16\"><\/td><td class=\"column-17\"><\/td><td class=\"column-18\"><\/td><td class=\"column-19\">0<\/td><td class=\"column-20\"><\/td><td class=\"column-21\">12500<\/td><td class=\"column-22\">01\/07\/2021<\/td><td class=\"column-23\">02\/07\/2021<\/td><td class=\"column-24\">12500<\/td>\n<\/tr>\n<tr class=\"row-317\">\n\t<td class=\"column-1\">15\/2021\t<\/td><td class=\"column-2\">16\/02\/2021<\/td><td class=\"column-3\">17\/02\/2021<\/td><td class=\"column-4\">16\/02\/2021 - 15\/02\/2022<\/td><td class=\"column-5\">4\/2021\t<\/td><td class=\"column-6\">Inexigibilidade<\/td><td class=\"column-7\">Menor Pre\u00e7o Global<\/td><td class=\"column-8\"><\/td><td class=\"column-9\">PRESTA\u00c7\u00c3O DE SERVI\u00c7OS DE ASSESSORIA JUR\u00cdDICA PARA CONSULTORIA ESPECIALIZADA NA REVIS\u00c3O E IMPLEMENTA\u00c7\u00c3O DE MELHORIAS NA ESTRUTURA ORGANIZACIONAL E NO QUADRO DE CARGOS DO MUNIC\u00cdPIO DE LAJES\/RN, ENVOLVENDO ESTUDOS E AN\u00c1LISES T\u00c9CNICAS, INCLUSIVE COM IMPLANTA\u00c7\u00c3O DE NOVO ORGANOGRAMA ESTRUTURAL, BEM COMO ASSESSORAMENTO NA SEARA AMBIENTAL NA IMPLEMENTA\u00c7\u00c3O E MONITORAMENTO DO EXERC\u00cdCIO DAS COMPET\u00caNCIAS MUNICIPAIS EM MAT\u00c9RIA AMBIENTAL.<\/td><td class=\"column-10\">10010000 - Recursos Ordin\u00e1rios<\/td><td class=\"column-11\">150000<\/td><td class=\"column-12\">33.310.851\/0001-90<\/td><td class=\"column-13\">CARVALHO, COSTA, GUERRA &amp; DAMASCENO SOCIEDADE DE ADVOGADOS<\/td><td class=\"column-14\">RAFAEL ANDERSON DE ARA\u00daJO SILVA<\/td><td class=\"column-15\"><\/td><td class=\"column-16\"><\/td><td class=\"column-17\"><\/td><td class=\"column-18\"><\/td><td class=\"column-19\">0<\/td><td class=\"column-20\"><\/td><td class=\"column-21\">12500<\/td><td class=\"column-22\">01\/09\/2021<\/td><td class=\"column-23\">02\/09\/2021<\/td><td class=\"column-24\">12500<\/td>\n<\/tr>\n<tr class=\"row-318\">\n\t<td class=\"column-1\">15\/2021\t<\/td><td class=\"column-2\">16\/02\/2021<\/td><td class=\"column-3\">17\/02\/2021<\/td><td class=\"column-4\">16\/02\/2021 - 15\/02\/2022<\/td><td class=\"column-5\">4\/2021\t<\/td><td class=\"column-6\">Inexigibilidade<\/td><td class=\"column-7\">Menor Pre\u00e7o Global<\/td><td class=\"column-8\"><\/td><td class=\"column-9\">PRESTA\u00c7\u00c3O DE SERVI\u00c7OS DE ASSESSORIA JUR\u00cdDICA PARA CONSULTORIA ESPECIALIZADA NA REVIS\u00c3O E IMPLEMENTA\u00c7\u00c3O DE MELHORIAS NA ESTRUTURA ORGANIZACIONAL E NO QUADRO DE CARGOS DO MUNIC\u00cdPIO DE LAJES\/RN, ENVOLVENDO ESTUDOS E AN\u00c1LISES T\u00c9CNICAS, INCLUSIVE COM IMPLANTA\u00c7\u00c3O DE NOVO ORGANOGRAMA ESTRUTURAL, BEM COMO ASSESSORAMENTO NA SEARA AMBIENTAL NA IMPLEMENTA\u00c7\u00c3O E MONITORAMENTO DO EXERC\u00cdCIO DAS COMPET\u00caNCIAS MUNICIPAIS EM MAT\u00c9RIA AMBIENTAL.<\/td><td class=\"column-10\">10010000 - Recursos Ordin\u00e1rios<\/td><td class=\"column-11\">150000<\/td><td class=\"column-12\">33.310.851\/0001-90<\/td><td class=\"column-13\">CARVALHO, COSTA, GUERRA &amp; DAMASCENO SOCIEDADE DE ADVOGADOS<\/td><td class=\"column-14\">RAFAEL ANDERSON DE ARA\u00daJO SILVA<\/td><td class=\"column-15\"><\/td><td class=\"column-16\"><\/td><td class=\"column-17\"><\/td><td class=\"column-18\"><\/td><td class=\"column-19\">0<\/td><td class=\"column-20\"><\/td><td class=\"column-21\">12500<\/td><td class=\"column-22\">02\/06\/2021<\/td><td class=\"column-23\">10\/06\/2021<\/td><td class=\"column-24\">12500<\/td>\n<\/tr>\n<tr class=\"row-319\">\n\t<td class=\"column-1\">15\/2021\t<\/td><td class=\"column-2\">16\/02\/2021<\/td><td class=\"column-3\">17\/02\/2021<\/td><td class=\"column-4\">16\/02\/2021 - 15\/02\/2022<\/td><td class=\"column-5\">4\/2021\t<\/td><td class=\"column-6\">Inexigibilidade<\/td><td class=\"column-7\">Menor Pre\u00e7o Global<\/td><td class=\"column-8\"><\/td><td class=\"column-9\">PRESTA\u00c7\u00c3O DE SERVI\u00c7OS DE ASSESSORIA JUR\u00cdDICA PARA CONSULTORIA ESPECIALIZADA NA REVIS\u00c3O E IMPLEMENTA\u00c7\u00c3O DE MELHORIAS NA ESTRUTURA ORGANIZACIONAL E NO QUADRO DE CARGOS DO MUNIC\u00cdPIO DE LAJES\/RN, ENVOLVENDO ESTUDOS E AN\u00c1LISES T\u00c9CNICAS, INCLUSIVE COM IMPLANTA\u00c7\u00c3O DE NOVO ORGANOGRAMA ESTRUTURAL, BEM COMO ASSESSORAMENTO NA SEARA AMBIENTAL NA IMPLEMENTA\u00c7\u00c3O E MONITORAMENTO DO EXERC\u00cdCIO DAS COMPET\u00caNCIAS MUNICIPAIS EM MAT\u00c9RIA AMBIENTAL.<\/td><td class=\"column-10\">10010000 - Recursos Ordin\u00e1rios<\/td><td class=\"column-11\">150000<\/td><td class=\"column-12\">33.310.851\/0001-90<\/td><td class=\"column-13\">CARVALHO, COSTA, GUERRA &amp; DAMASCENO SOCIEDADE DE ADVOGADOS<\/td><td class=\"column-14\">RAFAEL ANDERSON DE ARA\u00daJO SILVA<\/td><td class=\"column-15\"><\/td><td class=\"column-16\"><\/td><td class=\"column-17\"><\/td><td class=\"column-18\"><\/td><td class=\"column-19\">0<\/td><td class=\"column-20\"><\/td><td class=\"column-21\">12500<\/td><td class=\"column-22\">03\/08\/2021<\/td><td class=\"column-23\">03\/08\/2021<\/td><td class=\"column-24\">12500<\/td>\n<\/tr>\n<tr class=\"row-320\">\n\t<td class=\"column-1\">15\/2021\t<\/td><td class=\"column-2\">16\/02\/2021<\/td><td class=\"column-3\">17\/02\/2021<\/td><td class=\"column-4\">16\/02\/2021 - 15\/02\/2022<\/td><td class=\"column-5\">4\/2021\t<\/td><td class=\"column-6\">Inexigibilidade<\/td><td class=\"column-7\">Menor Pre\u00e7o Global<\/td><td class=\"column-8\"><\/td><td class=\"column-9\">PRESTA\u00c7\u00c3O DE SERVI\u00c7OS DE ASSESSORIA JUR\u00cdDICA PARA CONSULTORIA ESPECIALIZADA NA REVIS\u00c3O E IMPLEMENTA\u00c7\u00c3O DE MELHORIAS NA ESTRUTURA ORGANIZACIONAL E NO QUADRO DE CARGOS DO MUNIC\u00cdPIO DE LAJES\/RN, ENVOLVENDO ESTUDOS E AN\u00c1LISES T\u00c9CNICAS, INCLUSIVE COM IMPLANTA\u00c7\u00c3O DE NOVO ORGANOGRAMA ESTRUTURAL, BEM COMO ASSESSORAMENTO NA SEARA AMBIENTAL NA IMPLEMENTA\u00c7\u00c3O E MONITORAMENTO DO EXERC\u00cdCIO DAS COMPET\u00caNCIAS MUNICIPAIS EM MAT\u00c9RIA AMBIENTAL.<\/td><td class=\"column-10\">10010000 - Recursos Ordin\u00e1rios<\/td><td class=\"column-11\">150000<\/td><td class=\"column-12\">33.310.851\/0001-90<\/td><td class=\"column-13\">CARVALHO, COSTA, GUERRA &amp; DAMASCENO SOCIEDADE DE ADVOGADOS<\/td><td class=\"column-14\">RAFAEL ANDERSON DE ARA\u00daJO SILVA<\/td><td class=\"column-15\"><\/td><td class=\"column-16\"><\/td><td class=\"column-17\"><\/td><td class=\"column-18\"><\/td><td class=\"column-19\">0<\/td><td class=\"column-20\"><\/td><td class=\"column-21\">12500<\/td><td class=\"column-22\">05\/04\/2021<\/td><td class=\"column-23\">05\/04\/2021<\/td><td class=\"column-24\">12500<\/td>\n<\/tr>\n<tr class=\"row-321\">\n\t<td class=\"column-1\">15\/2021\t<\/td><td class=\"column-2\">16\/02\/2021<\/td><td class=\"column-3\">17\/02\/2021<\/td><td class=\"column-4\">16\/02\/2021 - 15\/02\/2022<\/td><td class=\"column-5\">4\/2021\t<\/td><td class=\"column-6\">Inexigibilidade<\/td><td class=\"column-7\">Menor Pre\u00e7o Global<\/td><td class=\"column-8\"><\/td><td class=\"column-9\">PRESTA\u00c7\u00c3O DE SERVI\u00c7OS DE ASSESSORIA JUR\u00cdDICA PARA CONSULTORIA ESPECIALIZADA NA REVIS\u00c3O E IMPLEMENTA\u00c7\u00c3O DE MELHORIAS NA ESTRUTURA ORGANIZACIONAL E NO QUADRO DE CARGOS DO MUNIC\u00cdPIO DE LAJES\/RN, ENVOLVENDO ESTUDOS E AN\u00c1LISES T\u00c9CNICAS, INCLUSIVE COM IMPLANTA\u00c7\u00c3O DE NOVO ORGANOGRAMA ESTRUTURAL, BEM COMO ASSESSORAMENTO NA SEARA AMBIENTAL NA IMPLEMENTA\u00c7\u00c3O E MONITORAMENTO DO EXERC\u00cdCIO DAS COMPET\u00caNCIAS MUNICIPAIS EM MAT\u00c9RIA AMBIENTAL.<\/td><td class=\"column-10\">10010000 - Recursos Ordin\u00e1rios<\/td><td class=\"column-11\">150000<\/td><td class=\"column-12\">33.310.851\/0001-90<\/td><td class=\"column-13\">CARVALHO, COSTA, GUERRA &amp; DAMASCENO SOCIEDADE DE ADVOGADOS<\/td><td class=\"column-14\">RAFAEL ANDERSON DE ARA\u00daJO SILVA<\/td><td class=\"column-15\"><\/td><td class=\"column-16\"><\/td><td class=\"column-17\"><\/td><td class=\"column-18\"><\/td><td class=\"column-19\">0<\/td><td class=\"column-20\"><\/td><td class=\"column-21\">12500<\/td><td class=\"column-22\">05\/05\/2021<\/td><td class=\"column-23\">05\/05\/2021<\/td><td class=\"column-24\">12500<\/td>\n<\/tr>\n<tr class=\"row-322\">\n\t<td class=\"column-1\">15\/2021\t<\/td><td class=\"column-2\">16\/02\/2021<\/td><td class=\"column-3\">17\/02\/2021<\/td><td class=\"column-4\">16\/02\/2021 - 15\/02\/2022<\/td><td class=\"column-5\">4\/2021\t<\/td><td class=\"column-6\">Inexigibilidade<\/td><td class=\"column-7\">Menor Pre\u00e7o Global<\/td><td class=\"column-8\"><\/td><td class=\"column-9\">PRESTA\u00c7\u00c3O DE SERVI\u00c7OS DE ASSESSORIA JUR\u00cdDICA PARA CONSULTORIA ESPECIALIZADA NA REVIS\u00c3O E IMPLEMENTA\u00c7\u00c3O DE MELHORIAS NA ESTRUTURA ORGANIZACIONAL E NO QUADRO DE CARGOS DO MUNIC\u00cdPIO DE LAJES\/RN, ENVOLVENDO ESTUDOS E AN\u00c1LISES T\u00c9CNICAS, INCLUSIVE COM IMPLANTA\u00c7\u00c3O DE NOVO ORGANOGRAMA ESTRUTURAL, BEM COMO ASSESSORAMENTO NA SEARA AMBIENTAL NA IMPLEMENTA\u00c7\u00c3O E MONITORAMENTO DO EXERC\u00cdCIO DAS COMPET\u00caNCIAS MUNICIPAIS EM MAT\u00c9RIA AMBIENTAL.<\/td><td class=\"column-10\">10010000 - Recursos Ordin\u00e1rios<\/td><td class=\"column-11\">150000<\/td><td class=\"column-12\">33.310.851\/0001-90<\/td><td class=\"column-13\">CARVALHO, COSTA, GUERRA &amp; DAMASCENO SOCIEDADE DE ADVOGADOS<\/td><td class=\"column-14\">RAFAEL ANDERSON DE ARA\u00daJO SILVA<\/td><td class=\"column-15\"><\/td><td class=\"column-16\"><\/td><td class=\"column-17\"><\/td><td class=\"column-18\"><\/td><td class=\"column-19\">0<\/td><td class=\"column-20\"><\/td><td class=\"column-21\">12500<\/td><td class=\"column-22\">24\/09\/2021<\/td><td class=\"column-23\">05\/10\/2021<\/td><td class=\"column-24\">12500<\/td>\n<\/tr>\n<tr class=\"row-323\">\n\t<td class=\"column-1\">15\/2021\t<\/td><td class=\"column-2\">16\/02\/2021<\/td><td class=\"column-3\">17\/02\/2021<\/td><td class=\"column-4\">16\/02\/2021 - 15\/02\/2022<\/td><td class=\"column-5\">4\/2021\t<\/td><td class=\"column-6\">Inexigibilidade<\/td><td class=\"column-7\">Menor Pre\u00e7o Global<\/td><td class=\"column-8\"><\/td><td class=\"column-9\">PRESTA\u00c7\u00c3O DE SERVI\u00c7OS DE ASSESSORIA JUR\u00cdDICA PARA CONSULTORIA ESPECIALIZADA NA REVIS\u00c3O E IMPLEMENTA\u00c7\u00c3O DE MELHORIAS NA ESTRUTURA ORGANIZACIONAL E NO QUADRO DE CARGOS DO MUNIC\u00cdPIO DE LAJES\/RN, ENVOLVENDO ESTUDOS E AN\u00c1LISES T\u00c9CNICAS, INCLUSIVE COM IMPLANTA\u00c7\u00c3O DE NOVO ORGANOGRAMA ESTRUTURAL, BEM COMO ASSESSORAMENTO NA SEARA AMBIENTAL NA IMPLEMENTA\u00c7\u00c3O E MONITORAMENTO DO EXERC\u00cdCIO DAS COMPET\u00caNCIAS MUNICIPAIS EM MAT\u00c9RIA AMBIENTAL.<\/td><td class=\"column-10\">10010000 - Recursos Ordin\u00e1rios<\/td><td class=\"column-11\">150000<\/td><td class=\"column-12\">33.310.851\/0001-90<\/td><td class=\"column-13\">CARVALHO, COSTA, GUERRA &amp; DAMASCENO SOCIEDADE DE ADVOGADOS<\/td><td class=\"column-14\">RAFAEL ANDERSON DE ARA\u00daJO SILVA<\/td><td class=\"column-15\"><\/td><td class=\"column-16\"><\/td><td class=\"column-17\"><\/td><td class=\"column-18\"><\/td><td class=\"column-19\">0<\/td><td class=\"column-20\"><\/td><td class=\"column-21\">12500<\/td><td class=\"column-22\">25\/10\/2021<\/td><td class=\"column-23\">05\/11\/2021<\/td><td class=\"column-24\">12500<\/td>\n<\/tr>\n<tr class=\"row-324\">\n\t<td class=\"column-1\">15\/2021\t<\/td><td class=\"column-2\">16\/02\/2021<\/td><td class=\"column-3\">17\/02\/2021<\/td><td class=\"column-4\">16\/02\/2021 - 15\/02\/2022<\/td><td class=\"column-5\">4\/2021\t<\/td><td class=\"column-6\">Inexigibilidade<\/td><td class=\"column-7\">Menor Pre\u00e7o Global<\/td><td class=\"column-8\"><\/td><td class=\"column-9\">PRESTA\u00c7\u00c3O DE SERVI\u00c7OS DE ASSESSORIA JUR\u00cdDICA PARA CONSULTORIA ESPECIALIZADA NA REVIS\u00c3O E IMPLEMENTA\u00c7\u00c3O DE MELHORIAS NA ESTRUTURA ORGANIZACIONAL E NO QUADRO DE CARGOS DO MUNIC\u00cdPIO DE LAJES\/RN, ENVOLVENDO ESTUDOS E AN\u00c1LISES T\u00c9CNICAS, INCLUSIVE COM IMPLANTA\u00c7\u00c3O DE NOVO ORGANOGRAMA ESTRUTURAL, BEM COMO ASSESSORAMENTO NA SEARA AMBIENTAL NA IMPLEMENTA\u00c7\u00c3O E MONITORAMENTO DO EXERC\u00cdCIO DAS COMPET\u00caNCIAS MUNICIPAIS EM MAT\u00c9RIA AMBIENTAL.<\/td><td class=\"column-10\">10010000 - Recursos Ordin\u00e1rios<\/td><td class=\"column-11\">150000<\/td><td class=\"column-12\">33.310.851\/0001-90<\/td><td class=\"column-13\">CARVALHO, COSTA, GUERRA &amp; DAMASCENO SOCIEDADE DE ADVOGADOS<\/td><td class=\"column-14\">RAFAEL ANDERSON DE ARA\u00daJO SILVA<\/td><td class=\"column-15\"><\/td><td class=\"column-16\"><\/td><td class=\"column-17\"><\/td><td class=\"column-18\"><\/td><td class=\"column-19\">0<\/td><td class=\"column-20\"><\/td><td class=\"column-21\">12500<\/td><td class=\"column-22\">30\/11\/2021<\/td><td class=\"column-23\">06\/12\/2021<\/td><td class=\"column-24\">12500<\/td>\n<\/tr>\n<tr class=\"row-325\">\n\t<td class=\"column-1\">15\/2021\t<\/td><td class=\"column-2\">16\/02\/2021<\/td><td class=\"column-3\">17\/02\/2021<\/td><td class=\"column-4\">16\/02\/2021 - 15\/02\/2022<\/td><td class=\"column-5\">4\/2021\t<\/td><td class=\"column-6\">Inexigibilidade<\/td><td class=\"column-7\">Menor Pre\u00e7o Global<\/td><td class=\"column-8\"><\/td><td class=\"column-9\">PRESTA\u00c7\u00c3O DE SERVI\u00c7OS DE ASSESSORIA JUR\u00cdDICA PARA CONSULTORIA ESPECIALIZADA NA REVIS\u00c3O E IMPLEMENTA\u00c7\u00c3O DE MELHORIAS NA ESTRUTURA ORGANIZACIONAL E NO QUADRO DE CARGOS DO MUNIC\u00cdPIO DE LAJES\/RN, ENVOLVENDO ESTUDOS E AN\u00c1LISES T\u00c9CNICAS, INCLUSIVE COM IMPLANTA\u00c7\u00c3O DE NOVO ORGANOGRAMA ESTRUTURAL, BEM COMO ASSESSORAMENTO NA SEARA AMBIENTAL NA IMPLEMENTA\u00c7\u00c3O E MONITORAMENTO DO EXERC\u00cdCIO DAS COMPET\u00caNCIAS MUNICIPAIS EM MAT\u00c9RIA AMBIENTAL.<\/td><td class=\"column-10\">10010000 - Recursos Ordin\u00e1rios<\/td><td class=\"column-11\">150000<\/td><td class=\"column-12\">33.310.851\/0001-90<\/td><td class=\"column-13\">CARVALHO, COSTA, GUERRA &amp; DAMASCENO SOCIEDADE DE ADVOGADOS<\/td><td class=\"column-14\">RAFAEL ANDERSON DE ARA\u00daJO SILVA<\/td><td class=\"column-15\"><\/td><td class=\"column-16\"><\/td><td class=\"column-17\"><\/td><td class=\"column-18\"><\/td><td class=\"column-19\">0<\/td><td class=\"column-20\"><\/td><td class=\"column-21\">12500<\/td><td class=\"column-22\">30\/12\/2021<\/td><td class=\"column-23\"><\/td><td class=\"column-24\"><\/td>\n<\/tr>\n<tr class=\"row-326\">\n\t<td class=\"column-1\">16\/2021\t<\/td><td class=\"column-2\">18\/02\/2021<\/td><td class=\"column-3\">19\/02\/2021<\/td><td class=\"column-4\">18\/02\/2021 - 31\/12\/2021<\/td><td class=\"column-5\">5\/2021\t<\/td><td class=\"column-6\">Inexigibilidade<\/td><td class=\"column-7\">Menor Pre\u00e7o Global<\/td><td class=\"column-8\"><\/td><td class=\"column-9\">RENOVA\u00c7\u00c3O DE LICEN\u00c7A DE SOFTWARE MAKROLOCK<\/td><td class=\"column-10\">10010000 - Recursos Ordin\u00e1rios<\/td><td class=\"column-11\">1131.9<\/td><td class=\"column-12\">15.654.914\/0001-43<\/td><td class=\"column-13\">MAKROSYS TECNOLOGIA DA INFORMACAO LTDA<\/td><td class=\"column-14\">RAFAEL ANDERSON DE ARA\u00daJO SILVA<\/td><td class=\"column-15\"><\/td><td class=\"column-16\"><\/td><td class=\"column-17\"><\/td><td class=\"column-18\"><\/td><td class=\"column-19\">0<\/td><td class=\"column-20\"><\/td><td class=\"column-21\"><\/td><td class=\"column-22\"><\/td><td class=\"column-23\"><\/td><td class=\"column-24\"><\/td>\n<\/tr>\n<tr class=\"row-327\">\n\t<td class=\"column-1\">16\/2021\t<\/td><td class=\"column-2\">18\/02\/2021<\/td><td class=\"column-3\">19\/02\/2021<\/td><td class=\"column-4\">18\/02\/2021 - 31\/12\/2021<\/td><td class=\"column-5\">5\/2021\t<\/td><td class=\"column-6\">Inexigibilidade<\/td><td class=\"column-7\">Menor Pre\u00e7o Global<\/td><td class=\"column-8\"><\/td><td class=\"column-9\">RENOVA\u00c7\u00c3O DE LICEN\u00c7A DE SOFTWARE MAKROLOCK<\/td><td class=\"column-10\">10010000 - Recursos Ordin\u00e1rios<\/td><td class=\"column-11\">1131.9<\/td><td class=\"column-12\">15.654.914\/0001-43<\/td><td class=\"column-13\">MAKROSYS TECNOLOGIA DA INFORMACAO LTDA<\/td><td class=\"column-14\">RAFAEL ANDERSON DE ARA\u00daJO SILVA<\/td><td class=\"column-15\"><\/td><td class=\"column-16\"><\/td><td class=\"column-17\"><\/td><td class=\"column-18\"><\/td><td class=\"column-19\">0<\/td><td class=\"column-20\"><\/td><td class=\"column-21\">1131.9<\/td><td class=\"column-22\">16\/03\/2021<\/td><td class=\"column-23\">16\/03\/2021<\/td><td class=\"column-24\">1131.9<\/td>\n<\/tr>\n<tr class=\"row-328\">\n\t<td class=\"column-1\">17\/2021\t<\/td><td class=\"column-2\">22\/02\/2021<\/td><td class=\"column-3\">23\/02\/2021<\/td><td class=\"column-4\">22\/02\/2021 - 21\/09\/2021<\/td><td class=\"column-5\">18\/2021\t<\/td><td class=\"column-6\">Dispensa<\/td><td class=\"column-7\">Menor Pre\u00e7o Por Item<\/td><td class=\"column-8\"><\/td><td class=\"column-9\">CONTRATA\u00c7\u00c3O DE PESSOA F\u00cdSICA PARA PRESTA\u00c7\u00c3O DE SERVI\u00c7OS T\u00c9CNICOS NA \u00c1REA DA SA\u00daDE JUNTO AOS PROGRAMAS FEDERAIS DE SA\u00daDE E ADMINSTRA\u00c7\u00c3O P\u00daBLICA EM GERAL DESTE MUNIC\u00cdPIO<\/td><td class=\"column-10\">12140000 - Transf. Fundo a Fundo de Rec. do SUS provenientes do Governo Federal - Bloco de Manut. das A\u00e7\u00f5es e Servi\u00e7os P\u00fablicos de Sa\u00fade<\/td><td class=\"column-11\">15050<\/td><td class=\"column-12\">079.385.324-95<\/td><td class=\"column-13\">EDUARDO RODRIGUES DOS SANTOS ANJOS<\/td><td class=\"column-14\">RAFAEL ANDERSON DE ARA\u00daJO SILVA<\/td><td class=\"column-15\"><\/td><td class=\"column-16\"><\/td><td class=\"column-17\"><\/td><td class=\"column-18\"><\/td><td class=\"column-19\">0<\/td><td class=\"column-20\"><\/td><td class=\"column-21\"><\/td><td class=\"column-22\"><\/td><td class=\"column-23\"><\/td><td class=\"column-24\"><\/td>\n<\/tr>\n<tr class=\"row-329\">\n\t<td class=\"column-1\">17\/2021\t<\/td><td class=\"column-2\">22\/02\/2021<\/td><td class=\"column-3\">23\/02\/2021<\/td><td class=\"column-4\">22\/02\/2021 - 21\/09\/2021<\/td><td class=\"column-5\">18\/2021\t<\/td><td class=\"column-6\">Dispensa<\/td><td class=\"column-7\">Menor Pre\u00e7o Por Item<\/td><td class=\"column-8\"><\/td><td class=\"column-9\">CONTRATA\u00c7\u00c3O DE PESSOA F\u00cdSICA PARA PRESTA\u00c7\u00c3O DE SERVI\u00c7OS T\u00c9CNICOS NA \u00c1REA DA SA\u00daDE JUNTO AOS PROGRAMAS FEDERAIS DE SA\u00daDE E ADMINSTRA\u00c7\u00c3O P\u00daBLICA EM GERAL DESTE MUNIC\u00cdPIO<\/td><td class=\"column-10\">12140000 - Transf. Fundo a Fundo de Rec. do SUS provenientes do Governo Federal - Bloco de Manut. das A\u00e7\u00f5es e Servi\u00e7os P\u00fablicos de Sa\u00fade<\/td><td class=\"column-11\">15050<\/td><td class=\"column-12\">079.385.324-95<\/td><td class=\"column-13\">EDUARDO RODRIGUES DOS SANTOS ANJOS<\/td><td class=\"column-14\">RAFAEL ANDERSON DE ARA\u00daJO SILVA<\/td><td class=\"column-15\"><\/td><td class=\"column-16\"><\/td><td class=\"column-17\"><\/td><td class=\"column-18\"><\/td><td class=\"column-19\">0<\/td><td class=\"column-20\"><\/td><td class=\"column-21\">2150<\/td><td class=\"column-22\">01\/06\/2021<\/td><td class=\"column-23\">14\/06\/2021<\/td><td class=\"column-24\">107.5<\/td>\n<\/tr>\n<tr class=\"row-330\">\n\t<td class=\"column-1\">17\/2021\t<\/td><td class=\"column-2\">22\/02\/2021<\/td><td class=\"column-3\">23\/02\/2021<\/td><td class=\"column-4\">22\/02\/2021 - 21\/09\/2021<\/td><td class=\"column-5\">18\/2021\t<\/td><td class=\"column-6\">Dispensa<\/td><td class=\"column-7\">Menor Pre\u00e7o Por Item<\/td><td class=\"column-8\"><\/td><td class=\"column-9\">CONTRATA\u00c7\u00c3O DE PESSOA F\u00cdSICA PARA PRESTA\u00c7\u00c3O DE SERVI\u00c7OS T\u00c9CNICOS NA \u00c1REA DA SA\u00daDE JUNTO AOS PROGRAMAS FEDERAIS DE SA\u00daDE E ADMINSTRA\u00c7\u00c3O P\u00daBLICA EM GERAL DESTE MUNIC\u00cdPIO<\/td><td class=\"column-10\">12140000 - Transf. Fundo a Fundo de Rec. do SUS provenientes do Governo Federal - Bloco de Manut. das A\u00e7\u00f5es e Servi\u00e7os P\u00fablicos de Sa\u00fade<\/td><td class=\"column-11\">15050<\/td><td class=\"column-12\">079.385.324-95<\/td><td class=\"column-13\">EDUARDO RODRIGUES DOS SANTOS ANJOS<\/td><td class=\"column-14\">RAFAEL ANDERSON DE ARA\u00daJO SILVA<\/td><td class=\"column-15\"><\/td><td class=\"column-16\"><\/td><td class=\"column-17\"><\/td><td class=\"column-18\"><\/td><td class=\"column-19\">0<\/td><td class=\"column-20\"><\/td><td class=\"column-21\">2150<\/td><td class=\"column-22\">01\/06\/2021<\/td><td class=\"column-23\">14\/06\/2021<\/td><td class=\"column-24\">2042.5<\/td>\n<\/tr>\n<tr class=\"row-331\">\n\t<td class=\"column-1\">17\/2021\t<\/td><td class=\"column-2\">22\/02\/2021<\/td><td class=\"column-3\">23\/02\/2021<\/td><td class=\"column-4\">22\/02\/2021 - 21\/09\/2021<\/td><td class=\"column-5\">18\/2021\t<\/td><td class=\"column-6\">Dispensa<\/td><td class=\"column-7\">Menor Pre\u00e7o Por Item<\/td><td class=\"column-8\"><\/td><td class=\"column-9\">CONTRATA\u00c7\u00c3O DE PESSOA F\u00cdSICA PARA PRESTA\u00c7\u00c3O DE SERVI\u00c7OS T\u00c9CNICOS NA \u00c1REA DA SA\u00daDE JUNTO AOS PROGRAMAS FEDERAIS DE SA\u00daDE E ADMINSTRA\u00c7\u00c3O P\u00daBLICA EM GERAL DESTE MUNIC\u00cdPIO<\/td><td class=\"column-10\">12140000 - Transf. Fundo a Fundo de Rec. do SUS provenientes do Governo Federal - Bloco de Manut. das A\u00e7\u00f5es e Servi\u00e7os P\u00fablicos de Sa\u00fade<\/td><td class=\"column-11\">15050<\/td><td class=\"column-12\">079.385.324-95<\/td><td class=\"column-13\">EDUARDO RODRIGUES DOS SANTOS ANJOS<\/td><td class=\"column-14\">RAFAEL ANDERSON DE ARA\u00daJO SILVA<\/td><td class=\"column-15\"><\/td><td class=\"column-16\"><\/td><td class=\"column-17\"><\/td><td class=\"column-18\"><\/td><td class=\"column-19\">0<\/td><td class=\"column-20\"><\/td><td class=\"column-21\">2150<\/td><td class=\"column-22\">04\/05\/2021<\/td><td class=\"column-23\">05\/05\/2021<\/td><td class=\"column-24\">107.5<\/td>\n<\/tr>\n<tr class=\"row-332\">\n\t<td class=\"column-1\">17\/2021\t<\/td><td class=\"column-2\">22\/02\/2021<\/td><td class=\"column-3\">23\/02\/2021<\/td><td class=\"column-4\">22\/02\/2021 - 21\/09\/2021<\/td><td class=\"column-5\">18\/2021\t<\/td><td class=\"column-6\">Dispensa<\/td><td class=\"column-7\">Menor Pre\u00e7o Por Item<\/td><td class=\"column-8\"><\/td><td class=\"column-9\">CONTRATA\u00c7\u00c3O DE PESSOA F\u00cdSICA PARA PRESTA\u00c7\u00c3O DE SERVI\u00c7OS T\u00c9CNICOS NA \u00c1REA DA SA\u00daDE JUNTO AOS PROGRAMAS FEDERAIS DE SA\u00daDE E ADMINSTRA\u00c7\u00c3O P\u00daBLICA EM GERAL DESTE MUNIC\u00cdPIO<\/td><td class=\"column-10\">12140000 - Transf. Fundo a Fundo de Rec. do SUS provenientes do Governo Federal - Bloco de Manut. das A\u00e7\u00f5es e Servi\u00e7os P\u00fablicos de Sa\u00fade<\/td><td class=\"column-11\">15050<\/td><td class=\"column-12\">079.385.324-95<\/td><td class=\"column-13\">EDUARDO RODRIGUES DOS SANTOS ANJOS<\/td><td class=\"column-14\">RAFAEL ANDERSON DE ARA\u00daJO SILVA<\/td><td class=\"column-15\"><\/td><td class=\"column-16\"><\/td><td class=\"column-17\"><\/td><td class=\"column-18\"><\/td><td class=\"column-19\">0<\/td><td class=\"column-20\"><\/td><td class=\"column-21\">2150<\/td><td class=\"column-22\">04\/05\/2021<\/td><td class=\"column-23\">05\/05\/2021<\/td><td class=\"column-24\">2042.5<\/td>\n<\/tr>\n<tr class=\"row-333\">\n\t<td class=\"column-1\">17\/2021\t<\/td><td class=\"column-2\">22\/02\/2021<\/td><td class=\"column-3\">23\/02\/2021<\/td><td class=\"column-4\">22\/02\/2021 - 21\/09\/2021<\/td><td class=\"column-5\">18\/2021\t<\/td><td class=\"column-6\">Dispensa<\/td><td class=\"column-7\">Menor Pre\u00e7o Por Item<\/td><td class=\"column-8\"><\/td><td class=\"column-9\">CONTRATA\u00c7\u00c3O DE PESSOA F\u00cdSICA PARA PRESTA\u00c7\u00c3O DE SERVI\u00c7OS T\u00c9CNICOS NA \u00c1REA DA SA\u00daDE JUNTO AOS PROGRAMAS FEDERAIS DE SA\u00daDE E ADMINSTRA\u00c7\u00c3O P\u00daBLICA EM GERAL DESTE MUNIC\u00cdPIO<\/td><td class=\"column-10\">12140000 - Transf. Fundo a Fundo de Rec. do SUS provenientes do Governo Federal - Bloco de Manut. das A\u00e7\u00f5es e Servi\u00e7os P\u00fablicos de Sa\u00fade<\/td><td class=\"column-11\">15050<\/td><td class=\"column-12\">079.385.324-95<\/td><td class=\"column-13\">EDUARDO RODRIGUES DOS SANTOS ANJOS<\/td><td class=\"column-14\">RAFAEL ANDERSON DE ARA\u00daJO SILVA<\/td><td class=\"column-15\"><\/td><td class=\"column-16\"><\/td><td class=\"column-17\"><\/td><td class=\"column-18\"><\/td><td class=\"column-19\">0<\/td><td class=\"column-20\"><\/td><td class=\"column-21\">2150<\/td><td class=\"column-22\">06\/04\/2021<\/td><td class=\"column-23\">07\/04\/2021<\/td><td class=\"column-24\">2042.5<\/td>\n<\/tr>\n<tr class=\"row-334\">\n\t<td class=\"column-1\">17\/2021\t<\/td><td class=\"column-2\">22\/02\/2021<\/td><td class=\"column-3\">23\/02\/2021<\/td><td class=\"column-4\">22\/02\/2021 - 21\/09\/2021<\/td><td class=\"column-5\">18\/2021\t<\/td><td class=\"column-6\">Dispensa<\/td><td class=\"column-7\">Menor Pre\u00e7o Por Item<\/td><td class=\"column-8\"><\/td><td class=\"column-9\">CONTRATA\u00c7\u00c3O DE PESSOA F\u00cdSICA PARA PRESTA\u00c7\u00c3O DE SERVI\u00c7OS T\u00c9CNICOS NA \u00c1REA DA SA\u00daDE JUNTO AOS PROGRAMAS FEDERAIS DE SA\u00daDE E ADMINSTRA\u00c7\u00c3O P\u00daBLICA EM GERAL DESTE MUNIC\u00cdPIO<\/td><td class=\"column-10\">12140000 - Transf. Fundo a Fundo de Rec. do SUS provenientes do Governo Federal - Bloco de Manut. das A\u00e7\u00f5es e Servi\u00e7os P\u00fablicos de Sa\u00fade<\/td><td class=\"column-11\">15050<\/td><td class=\"column-12\">079.385.324-95<\/td><td class=\"column-13\">EDUARDO RODRIGUES DOS SANTOS ANJOS<\/td><td class=\"column-14\">RAFAEL ANDERSON DE ARA\u00daJO SILVA<\/td><td class=\"column-15\"><\/td><td class=\"column-16\"><\/td><td class=\"column-17\"><\/td><td class=\"column-18\"><\/td><td class=\"column-19\">0<\/td><td class=\"column-20\"><\/td><td class=\"column-21\">2150<\/td><td class=\"column-22\">10\/03\/2021<\/td><td class=\"column-23\">10\/03\/2021<\/td><td class=\"column-24\">107.5<\/td>\n<\/tr>\n<tr class=\"row-335\">\n\t<td class=\"column-1\">17\/2021\t<\/td><td class=\"column-2\">22\/02\/2021<\/td><td class=\"column-3\">23\/02\/2021<\/td><td class=\"column-4\">22\/02\/2021 - 21\/09\/2021<\/td><td class=\"column-5\">18\/2021\t<\/td><td class=\"column-6\">Dispensa<\/td><td class=\"column-7\">Menor Pre\u00e7o Por Item<\/td><td class=\"column-8\"><\/td><td class=\"column-9\">CONTRATA\u00c7\u00c3O DE PESSOA F\u00cdSICA PARA PRESTA\u00c7\u00c3O DE SERVI\u00c7OS T\u00c9CNICOS NA \u00c1REA DA SA\u00daDE JUNTO AOS PROGRAMAS FEDERAIS DE SA\u00daDE E ADMINSTRA\u00c7\u00c3O P\u00daBLICA EM GERAL DESTE MUNIC\u00cdPIO<\/td><td class=\"column-10\">12140000 - Transf. Fundo a Fundo de Rec. do SUS provenientes do Governo Federal - Bloco de Manut. das A\u00e7\u00f5es e Servi\u00e7os P\u00fablicos de Sa\u00fade<\/td><td class=\"column-11\">15050<\/td><td class=\"column-12\">079.385.324-95<\/td><td class=\"column-13\">EDUARDO RODRIGUES DOS SANTOS ANJOS<\/td><td class=\"column-14\">RAFAEL ANDERSON DE ARA\u00daJO SILVA<\/td><td class=\"column-15\"><\/td><td class=\"column-16\"><\/td><td class=\"column-17\"><\/td><td class=\"column-18\"><\/td><td class=\"column-19\">0<\/td><td class=\"column-20\"><\/td><td class=\"column-21\">2150<\/td><td class=\"column-22\">10\/03\/2021<\/td><td class=\"column-23\">10\/03\/2021<\/td><td class=\"column-24\">2042.5<\/td>\n<\/tr>\n<tr class=\"row-336\">\n\t<td class=\"column-1\">17\/2021\t<\/td><td class=\"column-2\">22\/02\/2021<\/td><td class=\"column-3\">23\/02\/2021<\/td><td class=\"column-4\">22\/02\/2021 - 21\/09\/2021<\/td><td class=\"column-5\">18\/2021\t<\/td><td class=\"column-6\">Dispensa<\/td><td class=\"column-7\">Menor Pre\u00e7o Por Item<\/td><td class=\"column-8\"><\/td><td class=\"column-9\">CONTRATA\u00c7\u00c3O DE PESSOA F\u00cdSICA PARA PRESTA\u00c7\u00c3O DE SERVI\u00c7OS T\u00c9CNICOS NA \u00c1REA DA SA\u00daDE JUNTO AOS PROGRAMAS FEDERAIS DE SA\u00daDE E ADMINSTRA\u00c7\u00c3O P\u00daBLICA EM GERAL DESTE MUNIC\u00cdPIO<\/td><td class=\"column-10\">12140000 - Transf. Fundo a Fundo de Rec. do SUS provenientes do Governo Federal - Bloco de Manut. das A\u00e7\u00f5es e Servi\u00e7os P\u00fablicos de Sa\u00fade<\/td><td class=\"column-11\">15050<\/td><td class=\"column-12\">079.385.324-95<\/td><td class=\"column-13\">EDUARDO RODRIGUES DOS SANTOS ANJOS<\/td><td class=\"column-14\">RAFAEL ANDERSON DE ARA\u00daJO SILVA<\/td><td class=\"column-15\"><\/td><td class=\"column-16\"><\/td><td class=\"column-17\"><\/td><td class=\"column-18\"><\/td><td class=\"column-19\">0<\/td><td class=\"column-20\"><\/td><td class=\"column-21\">2150<\/td><td class=\"column-22\">13\/09\/2021<\/td><td class=\"column-23\">14\/09\/2021<\/td><td class=\"column-24\">107.5<\/td>\n<\/tr>\n<tr class=\"row-337\">\n\t<td class=\"column-1\">17\/2021\t<\/td><td class=\"column-2\">22\/02\/2021<\/td><td class=\"column-3\">23\/02\/2021<\/td><td class=\"column-4\">22\/02\/2021 - 21\/09\/2021<\/td><td class=\"column-5\">18\/2021\t<\/td><td class=\"column-6\">Dispensa<\/td><td class=\"column-7\">Menor Pre\u00e7o Por Item<\/td><td class=\"column-8\"><\/td><td class=\"column-9\">CONTRATA\u00c7\u00c3O DE PESSOA F\u00cdSICA PARA PRESTA\u00c7\u00c3O DE SERVI\u00c7OS T\u00c9CNICOS NA \u00c1REA DA SA\u00daDE JUNTO AOS PROGRAMAS FEDERAIS DE SA\u00daDE E ADMINSTRA\u00c7\u00c3O P\u00daBLICA EM GERAL DESTE MUNIC\u00cdPIO<\/td><td class=\"column-10\">12140000 - Transf. Fundo a Fundo de Rec. do SUS provenientes do Governo Federal - Bloco de Manut. das A\u00e7\u00f5es e Servi\u00e7os P\u00fablicos de Sa\u00fade<\/td><td class=\"column-11\">15050<\/td><td class=\"column-12\">079.385.324-95<\/td><td class=\"column-13\">EDUARDO RODRIGUES DOS SANTOS ANJOS<\/td><td class=\"column-14\">RAFAEL ANDERSON DE ARA\u00daJO SILVA<\/td><td class=\"column-15\"><\/td><td class=\"column-16\"><\/td><td class=\"column-17\"><\/td><td class=\"column-18\"><\/td><td class=\"column-19\">0<\/td><td class=\"column-20\"><\/td><td class=\"column-21\">2150<\/td><td class=\"column-22\">13\/09\/2021<\/td><td class=\"column-23\">14\/09\/2021<\/td><td class=\"column-24\">2042.5<\/td>\n<\/tr>\n<tr class=\"row-338\">\n\t<td class=\"column-1\">17\/2021\t<\/td><td class=\"column-2\">22\/02\/2021<\/td><td class=\"column-3\">23\/02\/2021<\/td><td class=\"column-4\">22\/02\/2021 - 21\/09\/2021<\/td><td class=\"column-5\">18\/2021\t<\/td><td class=\"column-6\">Dispensa<\/td><td class=\"column-7\">Menor Pre\u00e7o Por Item<\/td><td class=\"column-8\"><\/td><td class=\"column-9\">CONTRATA\u00c7\u00c3O DE PESSOA F\u00cdSICA PARA PRESTA\u00c7\u00c3O DE SERVI\u00c7OS T\u00c9CNICOS NA \u00c1REA DA SA\u00daDE JUNTO AOS PROGRAMAS FEDERAIS DE SA\u00daDE E ADMINSTRA\u00c7\u00c3O P\u00daBLICA EM GERAL DESTE MUNIC\u00cdPIO<\/td><td class=\"column-10\">12140000 - Transf. Fundo a Fundo de Rec. do SUS provenientes do Governo Federal - Bloco de Manut. das A\u00e7\u00f5es e Servi\u00e7os P\u00fablicos de Sa\u00fade<\/td><td class=\"column-11\">15050<\/td><td class=\"column-12\">079.385.324-95<\/td><td class=\"column-13\">EDUARDO RODRIGUES DOS SANTOS ANJOS<\/td><td class=\"column-14\">RAFAEL ANDERSON DE ARA\u00daJO SILVA<\/td><td class=\"column-15\"><\/td><td class=\"column-16\"><\/td><td class=\"column-17\"><\/td><td class=\"column-18\"><\/td><td class=\"column-19\">0<\/td><td class=\"column-20\"><\/td><td class=\"column-21\">2150<\/td><td class=\"column-22\">17\/08\/2021<\/td><td class=\"column-23\"><\/td><td class=\"column-24\"><\/td>\n<\/tr>\n<tr class=\"row-339\">\n\t<td class=\"column-1\">17\/2021\t<\/td><td class=\"column-2\">22\/02\/2021<\/td><td class=\"column-3\">23\/02\/2021<\/td><td class=\"column-4\">22\/02\/2021 - 21\/09\/2021<\/td><td class=\"column-5\">18\/2021\t<\/td><td class=\"column-6\">Dispensa<\/td><td class=\"column-7\">Menor Pre\u00e7o Por Item<\/td><td class=\"column-8\"><\/td><td class=\"column-9\">CONTRATA\u00c7\u00c3O DE PESSOA F\u00cdSICA PARA PRESTA\u00c7\u00c3O DE SERVI\u00c7OS T\u00c9CNICOS NA \u00c1REA DA SA\u00daDE JUNTO AOS PROGRAMAS FEDERAIS DE SA\u00daDE E ADMINSTRA\u00c7\u00c3O P\u00daBLICA EM GERAL DESTE MUNIC\u00cdPIO<\/td><td class=\"column-10\">12140000 - Transf. Fundo a Fundo de Rec. do SUS provenientes do Governo Federal - Bloco de Manut. das A\u00e7\u00f5es e Servi\u00e7os P\u00fablicos de Sa\u00fade<\/td><td class=\"column-11\">15050<\/td><td class=\"column-12\">079.385.324-95<\/td><td class=\"column-13\">EDUARDO RODRIGUES DOS SANTOS ANJOS<\/td><td class=\"column-14\">RAFAEL ANDERSON DE ARA\u00daJO SILVA<\/td><td class=\"column-15\"><\/td><td class=\"column-16\"><\/td><td class=\"column-17\"><\/td><td class=\"column-18\"><\/td><td class=\"column-19\">0<\/td><td class=\"column-20\"><\/td><td class=\"column-21\">2150<\/td><td class=\"column-22\">17\/08\/2021<\/td><td class=\"column-23\">18\/08\/2021<\/td><td class=\"column-24\">107.5<\/td>\n<\/tr>\n<tr class=\"row-340\">\n\t<td class=\"column-1\">17\/2021\t<\/td><td class=\"column-2\">22\/02\/2021<\/td><td class=\"column-3\">23\/02\/2021<\/td><td class=\"column-4\">22\/02\/2021 - 21\/09\/2021<\/td><td class=\"column-5\">18\/2021\t<\/td><td class=\"column-6\">Dispensa<\/td><td class=\"column-7\">Menor Pre\u00e7o Por Item<\/td><td class=\"column-8\"><\/td><td class=\"column-9\">CONTRATA\u00c7\u00c3O DE PESSOA F\u00cdSICA PARA PRESTA\u00c7\u00c3O DE SERVI\u00c7OS T\u00c9CNICOS NA \u00c1REA DA SA\u00daDE JUNTO AOS PROGRAMAS FEDERAIS DE SA\u00daDE E ADMINSTRA\u00c7\u00c3O P\u00daBLICA EM GERAL DESTE MUNIC\u00cdPIO<\/td><td class=\"column-10\">12140000 - Transf. Fundo a Fundo de Rec. do SUS provenientes do Governo Federal - Bloco de Manut. das A\u00e7\u00f5es e Servi\u00e7os P\u00fablicos de Sa\u00fade<\/td><td class=\"column-11\">15050<\/td><td class=\"column-12\">079.385.324-95<\/td><td class=\"column-13\">EDUARDO RODRIGUES DOS SANTOS ANJOS<\/td><td class=\"column-14\">RAFAEL ANDERSON DE ARA\u00daJO SILVA<\/td><td class=\"column-15\"><\/td><td class=\"column-16\"><\/td><td class=\"column-17\"><\/td><td class=\"column-18\"><\/td><td class=\"column-19\">0<\/td><td class=\"column-20\"><\/td><td class=\"column-21\">2150<\/td><td class=\"column-22\">17\/08\/2021<\/td><td class=\"column-23\">18\/08\/2021<\/td><td class=\"column-24\">2042.5<\/td>\n<\/tr>\n<tr class=\"row-341\">\n\t<td class=\"column-1\">17\/2021\t<\/td><td class=\"column-2\">22\/02\/2021<\/td><td class=\"column-3\">23\/02\/2021<\/td><td class=\"column-4\">22\/02\/2021 - 21\/09\/2021<\/td><td class=\"column-5\">18\/2021\t<\/td><td class=\"column-6\">Dispensa<\/td><td class=\"column-7\">Menor Pre\u00e7o Por Item<\/td><td class=\"column-8\"><\/td><td class=\"column-9\">CONTRATA\u00c7\u00c3O DE PESSOA F\u00cdSICA PARA PRESTA\u00c7\u00c3O DE SERVI\u00c7OS T\u00c9CNICOS NA \u00c1REA DA SA\u00daDE JUNTO AOS PROGRAMAS FEDERAIS DE SA\u00daDE E ADMINSTRA\u00c7\u00c3O P\u00daBLICA EM GERAL DESTE MUNIC\u00cdPIO<\/td><td class=\"column-10\">12140000 - Transf. Fundo a Fundo de Rec. do SUS provenientes do Governo Federal - Bloco de Manut. das A\u00e7\u00f5es e Servi\u00e7os P\u00fablicos de Sa\u00fade<\/td><td class=\"column-11\">15050<\/td><td class=\"column-12\">079.385.324-95<\/td><td class=\"column-13\">EDUARDO RODRIGUES DOS SANTOS ANJOS<\/td><td class=\"column-14\">RAFAEL ANDERSON DE ARA\u00daJO SILVA<\/td><td class=\"column-15\"><\/td><td class=\"column-16\"><\/td><td class=\"column-17\"><\/td><td class=\"column-18\"><\/td><td class=\"column-19\">0<\/td><td class=\"column-20\"><\/td><td class=\"column-21\">2150<\/td><td class=\"column-22\">28\/06\/2021<\/td><td class=\"column-23\">09\/07\/2021<\/td><td class=\"column-24\">107.5<\/td>\n<\/tr>\n<tr class=\"row-342\">\n\t<td class=\"column-1\">17\/2021\t<\/td><td class=\"column-2\">22\/02\/2021<\/td><td class=\"column-3\">23\/02\/2021<\/td><td class=\"column-4\">22\/02\/2021 - 21\/09\/2021<\/td><td class=\"column-5\">18\/2021\t<\/td><td class=\"column-6\">Dispensa<\/td><td class=\"column-7\">Menor Pre\u00e7o Por Item<\/td><td class=\"column-8\"><\/td><td class=\"column-9\">CONTRATA\u00c7\u00c3O DE PESSOA F\u00cdSICA PARA PRESTA\u00c7\u00c3O DE SERVI\u00c7OS T\u00c9CNICOS NA \u00c1REA DA SA\u00daDE JUNTO AOS PROGRAMAS FEDERAIS DE SA\u00daDE E ADMINSTRA\u00c7\u00c3O P\u00daBLICA EM GERAL DESTE MUNIC\u00cdPIO<\/td><td class=\"column-10\">12140000 - Transf. Fundo a Fundo de Rec. do SUS provenientes do Governo Federal - Bloco de Manut. das A\u00e7\u00f5es e Servi\u00e7os P\u00fablicos de Sa\u00fade<\/td><td class=\"column-11\">15050<\/td><td class=\"column-12\">079.385.324-95<\/td><td class=\"column-13\">EDUARDO RODRIGUES DOS SANTOS ANJOS<\/td><td class=\"column-14\">RAFAEL ANDERSON DE ARA\u00daJO SILVA<\/td><td class=\"column-15\"><\/td><td class=\"column-16\"><\/td><td class=\"column-17\"><\/td><td class=\"column-18\"><\/td><td class=\"column-19\">0<\/td><td class=\"column-20\"><\/td><td class=\"column-21\">2150<\/td><td class=\"column-22\">28\/06\/2021<\/td><td class=\"column-23\">09\/07\/2021<\/td><td class=\"column-24\">2042.5<\/td>\n<\/tr>\n<tr class=\"row-343\">\n\t<td class=\"column-1\">18\/2021\t<\/td><td class=\"column-2\">23\/02\/2021<\/td><td class=\"column-3\">24\/02\/2021<\/td><td class=\"column-4\">23\/02\/2021 - 22\/08\/2021<\/td><td class=\"column-5\">21\/2021\t<\/td><td class=\"column-6\">Dispensa<\/td><td class=\"column-7\">Menor Pre\u00e7o Por Item<\/td><td class=\"column-8\"><\/td><td class=\"column-9\">CONTRATA\u00c7\u00c3O DE EMPRESA PARA PRESTA\u00c7\u00c3O DOS SERVI\u00c7OS DE ASSESSORIA E CONSULTORIA T\u00c9CNICA ESPECIALIZADA NA GEST\u00c3O DOS SERVI\u00c7OS DE SA\u00daDE MUNICIPAL, VISANDO A MELHORIAS NAS EXECU\u00c7\u00d5ES DAS ROTINAS ADMINISTRATIVAS E FINANCEIRAS<\/td><td class=\"column-10\">12110000 - Receitas de Impostos e de Transfer\u00eancia de Impostos - Sa\u00fade<\/td><td class=\"column-11\">15000<\/td><td class=\"column-12\">40.558.508\/0001-24<\/td><td class=\"column-13\">BRAVUS EMPRESARIAL LTDA - ME<\/td><td class=\"column-14\">RAFAEL ANDERSON DE ARA\u00daJO SILVA<\/td><td class=\"column-15\"><\/td><td class=\"column-16\"><\/td><td class=\"column-17\"><\/td><td class=\"column-18\"><\/td><td class=\"column-19\">0<\/td><td class=\"column-20\"><\/td><td class=\"column-21\"><\/td><td class=\"column-22\"><\/td><td class=\"column-23\"><\/td><td class=\"column-24\"><\/td>\n<\/tr>\n<tr class=\"row-344\">\n\t<td class=\"column-1\">18\/2021\t<\/td><td class=\"column-2\">23\/02\/2021<\/td><td class=\"column-3\">24\/02\/2021<\/td><td class=\"column-4\">23\/02\/2021 - 22\/08\/2021<\/td><td class=\"column-5\">21\/2021\t<\/td><td class=\"column-6\">Dispensa<\/td><td class=\"column-7\">Menor Pre\u00e7o Por Item<\/td><td class=\"column-8\"><\/td><td class=\"column-9\">CONTRATA\u00c7\u00c3O DE EMPRESA PARA PRESTA\u00c7\u00c3O DOS SERVI\u00c7OS DE ASSESSORIA E CONSULTORIA T\u00c9CNICA ESPECIALIZADA NA GEST\u00c3O DOS SERVI\u00c7OS DE SA\u00daDE MUNICIPAL, VISANDO A MELHORIAS NAS EXECU\u00c7\u00d5ES DAS ROTINAS ADMINISTRATIVAS E FINANCEIRAS<\/td><td class=\"column-10\">12110000 - Receitas de Impostos e de Transfer\u00eancia de Impostos - Sa\u00fade<\/td><td class=\"column-11\">15000<\/td><td class=\"column-12\">40.558.508\/0001-24<\/td><td class=\"column-13\">BRAVUS EMPRESARIAL LTDA - ME<\/td><td class=\"column-14\">RAFAEL ANDERSON DE ARA\u00daJO SILVA<\/td><td class=\"column-15\"><\/td><td class=\"column-16\"><\/td><td class=\"column-17\"><\/td><td class=\"column-18\"><\/td><td class=\"column-19\">0<\/td><td class=\"column-20\"><\/td><td class=\"column-21\">2500<\/td><td class=\"column-22\">01\/06\/2021<\/td><td class=\"column-23\">14\/06\/2021<\/td><td class=\"column-24\">2500<\/td>\n<\/tr>\n<tr class=\"row-345\">\n\t<td class=\"column-1\">18\/2021\t<\/td><td class=\"column-2\">23\/02\/2021<\/td><td class=\"column-3\">24\/02\/2021<\/td><td class=\"column-4\">23\/02\/2021 - 22\/08\/2021<\/td><td class=\"column-5\">21\/2021\t<\/td><td class=\"column-6\">Dispensa<\/td><td class=\"column-7\">Menor Pre\u00e7o Por Item<\/td><td class=\"column-8\"><\/td><td class=\"column-9\">CONTRATA\u00c7\u00c3O DE EMPRESA PARA PRESTA\u00c7\u00c3O DOS SERVI\u00c7OS DE ASSESSORIA E CONSULTORIA T\u00c9CNICA ESPECIALIZADA NA GEST\u00c3O DOS SERVI\u00c7OS DE SA\u00daDE MUNICIPAL, VISANDO A MELHORIAS NAS EXECU\u00c7\u00d5ES DAS ROTINAS ADMINISTRATIVAS E FINANCEIRAS<\/td><td class=\"column-10\">12110000 - Receitas de Impostos e de Transfer\u00eancia de Impostos - Sa\u00fade<\/td><td class=\"column-11\">15000<\/td><td class=\"column-12\">40.558.508\/0001-24<\/td><td class=\"column-13\">BRAVUS EMPRESARIAL LTDA - ME<\/td><td class=\"column-14\">RAFAEL ANDERSON DE ARA\u00daJO SILVA<\/td><td class=\"column-15\"><\/td><td class=\"column-16\"><\/td><td class=\"column-17\"><\/td><td class=\"column-18\"><\/td><td class=\"column-19\">0<\/td><td class=\"column-20\"><\/td><td class=\"column-21\">2500<\/td><td class=\"column-22\">05\/04\/2021<\/td><td class=\"column-23\">07\/04\/2021<\/td><td class=\"column-24\">2500<\/td>\n<\/tr>\n<tr class=\"row-346\">\n\t<td class=\"column-1\">18\/2021\t<\/td><td class=\"column-2\">23\/02\/2021<\/td><td class=\"column-3\">24\/02\/2021<\/td><td class=\"column-4\">23\/02\/2021 - 22\/08\/2021<\/td><td class=\"column-5\">21\/2021\t<\/td><td class=\"column-6\">Dispensa<\/td><td class=\"column-7\">Menor Pre\u00e7o Por Item<\/td><td class=\"column-8\"><\/td><td class=\"column-9\">CONTRATA\u00c7\u00c3O DE EMPRESA PARA PRESTA\u00c7\u00c3O DOS SERVI\u00c7OS DE ASSESSORIA E CONSULTORIA T\u00c9CNICA ESPECIALIZADA NA GEST\u00c3O DOS SERVI\u00c7OS DE SA\u00daDE MUNICIPAL, VISANDO A MELHORIAS NAS EXECU\u00c7\u00d5ES DAS ROTINAS ADMINISTRATIVAS E FINANCEIRAS<\/td><td class=\"column-10\">12110000 - Receitas de Impostos e de Transfer\u00eancia de Impostos - Sa\u00fade<\/td><td class=\"column-11\">15000<\/td><td class=\"column-12\">40.558.508\/0001-24<\/td><td class=\"column-13\">BRAVUS EMPRESARIAL LTDA - ME<\/td><td class=\"column-14\">RAFAEL ANDERSON DE ARA\u00daJO SILVA<\/td><td class=\"column-15\"><\/td><td class=\"column-16\"><\/td><td class=\"column-17\"><\/td><td class=\"column-18\"><\/td><td class=\"column-19\">0<\/td><td class=\"column-20\"><\/td><td class=\"column-21\">2500<\/td><td class=\"column-22\">09\/07\/2021<\/td><td class=\"column-23\">22\/07\/2021<\/td><td class=\"column-24\">2500<\/td>\n<\/tr>\n<tr class=\"row-347\">\n\t<td class=\"column-1\">18\/2021\t<\/td><td class=\"column-2\">23\/02\/2021<\/td><td class=\"column-3\">24\/02\/2021<\/td><td class=\"column-4\">23\/02\/2021 - 22\/08\/2021<\/td><td class=\"column-5\">21\/2021\t<\/td><td class=\"column-6\">Dispensa<\/td><td class=\"column-7\">Menor Pre\u00e7o Por Item<\/td><td class=\"column-8\"><\/td><td class=\"column-9\">CONTRATA\u00c7\u00c3O DE EMPRESA PARA PRESTA\u00c7\u00c3O DOS SERVI\u00c7OS DE ASSESSORIA E CONSULTORIA T\u00c9CNICA ESPECIALIZADA NA GEST\u00c3O DOS SERVI\u00c7OS DE SA\u00daDE MUNICIPAL, VISANDO A MELHORIAS NAS EXECU\u00c7\u00d5ES DAS ROTINAS ADMINISTRATIVAS E FINANCEIRAS<\/td><td class=\"column-10\">12110000 - Receitas de Impostos e de Transfer\u00eancia de Impostos - Sa\u00fade<\/td><td class=\"column-11\">15000<\/td><td class=\"column-12\">40.558.508\/0001-24<\/td><td class=\"column-13\">BRAVUS EMPRESARIAL LTDA - ME<\/td><td class=\"column-14\">RAFAEL ANDERSON DE ARA\u00daJO SILVA<\/td><td class=\"column-15\"><\/td><td class=\"column-16\"><\/td><td class=\"column-17\"><\/td><td class=\"column-18\"><\/td><td class=\"column-19\">0<\/td><td class=\"column-20\"><\/td><td class=\"column-21\">2500<\/td><td class=\"column-22\">15\/03\/2021<\/td><td class=\"column-23\">22\/03\/2021<\/td><td class=\"column-24\">2500<\/td>\n<\/tr>\n<tr class=\"row-348\">\n\t<td class=\"column-1\">18\/2021\t<\/td><td class=\"column-2\">23\/02\/2021<\/td><td class=\"column-3\">24\/02\/2021<\/td><td class=\"column-4\">23\/02\/2021 - 22\/08\/2021<\/td><td class=\"column-5\">21\/2021\t<\/td><td class=\"column-6\">Dispensa<\/td><td class=\"column-7\">Menor Pre\u00e7o Por Item<\/td><td class=\"column-8\"><\/td><td class=\"column-9\">CONTRATA\u00c7\u00c3O DE EMPRESA PARA PRESTA\u00c7\u00c3O DOS SERVI\u00c7OS DE ASSESSORIA E CONSULTORIA T\u00c9CNICA ESPECIALIZADA NA GEST\u00c3O DOS SERVI\u00c7OS DE SA\u00daDE MUNICIPAL, VISANDO A MELHORIAS NAS EXECU\u00c7\u00d5ES DAS ROTINAS ADMINISTRATIVAS E FINANCEIRAS<\/td><td class=\"column-10\">12110000 - Receitas de Impostos e de Transfer\u00eancia de Impostos - Sa\u00fade<\/td><td class=\"column-11\">15000<\/td><td class=\"column-12\">40.558.508\/0001-24<\/td><td class=\"column-13\">BRAVUS EMPRESARIAL LTDA - ME<\/td><td class=\"column-14\">RAFAEL ANDERSON DE ARA\u00daJO SILVA<\/td><td class=\"column-15\"><\/td><td class=\"column-16\"><\/td><td class=\"column-17\"><\/td><td class=\"column-18\"><\/td><td class=\"column-19\">0<\/td><td class=\"column-20\"><\/td><td class=\"column-21\">2500<\/td><td class=\"column-22\">26\/04\/2021<\/td><td class=\"column-23\">30\/04\/2021<\/td><td class=\"column-24\">2500<\/td>\n<\/tr>\n<tr class=\"row-349\">\n\t<td class=\"column-1\">18\/2021\t<\/td><td class=\"column-2\">23\/02\/2021<\/td><td class=\"column-3\">24\/02\/2021<\/td><td class=\"column-4\">23\/02\/2021 - 22\/08\/2021<\/td><td class=\"column-5\">21\/2021\t<\/td><td class=\"column-6\">Dispensa<\/td><td class=\"column-7\">Menor Pre\u00e7o Por Item<\/td><td class=\"column-8\"><\/td><td class=\"column-9\">CONTRATA\u00c7\u00c3O DE EMPRESA PARA PRESTA\u00c7\u00c3O DOS SERVI\u00c7OS DE ASSESSORIA E CONSULTORIA T\u00c9CNICA ESPECIALIZADA NA GEST\u00c3O DOS SERVI\u00c7OS DE SA\u00daDE MUNICIPAL, VISANDO A MELHORIAS NAS EXECU\u00c7\u00d5ES DAS ROTINAS ADMINISTRATIVAS E FINANCEIRAS<\/td><td class=\"column-10\">12110000 - Receitas de Impostos e de Transfer\u00eancia de Impostos - Sa\u00fade<\/td><td class=\"column-11\">15000<\/td><td class=\"column-12\">40.558.508\/0001-24<\/td><td class=\"column-13\">BRAVUS EMPRESARIAL LTDA - ME<\/td><td class=\"column-14\">RAFAEL ANDERSON DE ARA\u00daJO SILVA<\/td><td class=\"column-15\"><\/td><td class=\"column-16\"><\/td><td class=\"column-17\"><\/td><td class=\"column-18\"><\/td><td class=\"column-19\">0<\/td><td class=\"column-20\"><\/td><td class=\"column-21\">2500<\/td><td class=\"column-22\">27\/07\/2021<\/td><td class=\"column-23\">10\/08\/2021<\/td><td class=\"column-24\">2500<\/td>\n<\/tr>\n<tr class=\"row-350\">\n\t<td class=\"column-1\">19\/2021\t<\/td><td class=\"column-2\">23\/02\/2021<\/td><td class=\"column-3\">23\/02\/2021<\/td><td class=\"column-4\">23\/02\/2021 - 22\/04\/2021<\/td><td class=\"column-5\">22\/2021\t<\/td><td class=\"column-6\">Dispensa<\/td><td class=\"column-7\">Menor Pre\u00e7o Global<\/td><td class=\"column-8\"><\/td><td class=\"column-9\">CONTRATA\u00c7\u00c3O DE EMPRESA ESPECIALIZADA NA PRESTA\u00c7\u00c3O DE SERVI\u00c7OS DE LOCA\u00c7\u00c3O ALUGUEL DE TENDA PIRAMIDAL DESTINADOS AO CENTRO DE TRIAGEM DO COVID-19 A SER INSTALADO NAS DEPEND\u00caNCIAS DA SECRETARIA MUNICIPAL DE SA\u00daDE<\/td><td class=\"column-10\">12110000 - Receitas de Impostos e de Transfer\u00eancia de Impostos - Sa\u00fade<\/td><td class=\"column-11\">17400<\/td><td class=\"column-12\">10.975.626\/0001-77<\/td><td class=\"column-13\">JAMERSON ROQUE DA COSTA - ME<\/td><td class=\"column-14\">RAFAEL ANDERSON DE ARA\u00daJO SILVA<\/td><td class=\"column-15\"><\/td><td class=\"column-16\"><\/td><td class=\"column-17\"><\/td><td class=\"column-18\"><\/td><td class=\"column-19\">0<\/td><td class=\"column-20\"><\/td><td class=\"column-21\"><\/td><td class=\"column-22\"><\/td><td class=\"column-23\"><\/td><td class=\"column-24\"><\/td>\n<\/tr>\n<tr class=\"row-351\">\n\t<td class=\"column-1\">19\/2021\t<\/td><td class=\"column-2\">23\/02\/2021<\/td><td class=\"column-3\">23\/02\/2021<\/td><td class=\"column-4\">23\/02\/2021 - 22\/04\/2021<\/td><td class=\"column-5\">22\/2021\t<\/td><td class=\"column-6\">Dispensa<\/td><td class=\"column-7\">Menor Pre\u00e7o Global<\/td><td class=\"column-8\"><\/td><td class=\"column-9\">CONTRATA\u00c7\u00c3O DE EMPRESA ESPECIALIZADA NA PRESTA\u00c7\u00c3O DE SERVI\u00c7OS DE LOCA\u00c7\u00c3O ALUGUEL DE TENDA PIRAMIDAL DESTINADOS AO CENTRO DE TRIAGEM DO COVID-19 A SER INSTALADO NAS DEPEND\u00caNCIAS DA SECRETARIA MUNICIPAL DE SA\u00daDE<\/td><td class=\"column-10\">12110000 - Receitas de Impostos e de Transfer\u00eancia de Impostos - Sa\u00fade<\/td><td class=\"column-11\">17400<\/td><td class=\"column-12\">10.975.626\/0001-77<\/td><td class=\"column-13\">JAMERSON ROQUE DA COSTA - ME<\/td><td class=\"column-14\">RAFAEL ANDERSON DE ARA\u00daJO SILVA<\/td><td class=\"column-15\"><\/td><td class=\"column-16\"><\/td><td class=\"column-17\"><\/td><td class=\"column-18\"><\/td><td class=\"column-19\">0<\/td><td class=\"column-20\"><\/td><td class=\"column-21\">6390<\/td><td class=\"column-22\">19\/05\/2021<\/td><td class=\"column-23\">19\/05\/2021<\/td><td class=\"column-24\">6390<\/td>\n<\/tr>\n<tr class=\"row-352\">\n\t<td class=\"column-1\">19\/2021\t<\/td><td class=\"column-2\">23\/02\/2021<\/td><td class=\"column-3\">23\/02\/2021<\/td><td class=\"column-4\">23\/02\/2021 - 22\/04\/2021<\/td><td class=\"column-5\">22\/2021\t<\/td><td class=\"column-6\">Dispensa<\/td><td class=\"column-7\">Menor Pre\u00e7o Global<\/td><td class=\"column-8\"><\/td><td class=\"column-9\">CONTRATA\u00c7\u00c3O DE EMPRESA ESPECIALIZADA NA PRESTA\u00c7\u00c3O DE SERVI\u00c7OS DE LOCA\u00c7\u00c3O ALUGUEL DE TENDA PIRAMIDAL DESTINADOS AO CENTRO DE TRIAGEM DO COVID-19 A SER INSTALADO NAS DEPEND\u00caNCIAS DA SECRETARIA MUNICIPAL DE SA\u00daDE<\/td><td class=\"column-10\">12110000 - Receitas de Impostos e de Transfer\u00eancia de Impostos - Sa\u00fade<\/td><td class=\"column-11\">17400<\/td><td class=\"column-12\">10.975.626\/0001-77<\/td><td class=\"column-13\">JAMERSON ROQUE DA COSTA - ME<\/td><td class=\"column-14\">RAFAEL ANDERSON DE ARA\u00daJO SILVA<\/td><td class=\"column-15\"><\/td><td class=\"column-16\"><\/td><td class=\"column-17\"><\/td><td class=\"column-18\"><\/td><td class=\"column-19\">0<\/td><td class=\"column-20\"><\/td><td class=\"column-21\">11010<\/td><td class=\"column-22\">26\/03\/2021<\/td><td class=\"column-23\">31\/03\/2021<\/td><td class=\"column-24\">11010<\/td>\n<\/tr>\n<tr class=\"row-353\">\n\t<td class=\"column-1\">20\/2021\t<\/td><td class=\"column-2\">26\/02\/2021<\/td><td class=\"column-3\">01\/03\/2021<\/td><td class=\"column-4\">26\/02\/2021 - 31\/12\/2021<\/td><td class=\"column-5\">3\/2021\t<\/td><td class=\"column-6\">N\u00e3o Aplic\u00e1vel<\/td><td class=\"column-7\"><\/td><td class=\"column-8\"><\/td><td class=\"column-9\">CELEBRA\u00c7\u00c3O DE CONV\u00caNIO DESTINADO \u00c0 CONTRA\u00c7\u00c3O DA PRESTA\u00c7\u00c3O DOS SERVI\u00c7OS DE CONSULTAS, SESS\u00d5ES, EXAMES M\u00c9DICOS E LABORATORIAIS ESPECIALIZADOS EM REGIME DE GEST\u00c3O ASSOCIADA<\/td><td class=\"column-10\"><\/td><td class=\"column-11\">120000<\/td><td class=\"column-12\">12.120.272\/0001-04<\/td><td class=\"column-13\">CONS\u00d3RCIO P\u00daBLICO INTERMUNICIPAL DO RIO GRANDE NOR<\/td><td class=\"column-14\">RAFAEL ANDERSON DE ARA\u00daJO SILVA<\/td><td class=\"column-15\"><\/td><td class=\"column-16\"><\/td><td class=\"column-17\"><\/td><td class=\"column-18\"><\/td><td class=\"column-19\">0<\/td><td class=\"column-20\"><\/td><td class=\"column-21\"><\/td><td class=\"column-22\"><\/td><td class=\"column-23\"><\/td><td class=\"column-24\"><\/td>\n<\/tr>\n<tr class=\"row-354\">\n\t<td class=\"column-1\">20\/2021\t<\/td><td class=\"column-2\">26\/02\/2021<\/td><td class=\"column-3\">01\/03\/2021<\/td><td class=\"column-4\">26\/02\/2021 - 31\/12\/2021<\/td><td class=\"column-5\">3\/2021\t<\/td><td class=\"column-6\">N\u00e3o Aplic\u00e1vel<\/td><td class=\"column-7\"><\/td><td class=\"column-8\"><\/td><td class=\"column-9\">CELEBRA\u00c7\u00c3O DE CONV\u00caNIO DESTINADO \u00c0 CONTRA\u00c7\u00c3O DA PRESTA\u00c7\u00c3O DOS SERVI\u00c7OS DE CONSULTAS, SESS\u00d5ES, EXAMES M\u00c9DICOS E LABORATORIAIS ESPECIALIZADOS EM REGIME DE GEST\u00c3O ASSOCIADA<\/td><td class=\"column-10\"><\/td><td class=\"column-11\">120000<\/td><td class=\"column-12\">12.120.272\/0001-04<\/td><td class=\"column-13\">CONS\u00d3RCIO P\u00daBLICO INTERMUNICIPAL DO RIO GRANDE NOR<\/td><td class=\"column-14\">RAFAEL ANDERSON DE ARA\u00daJO SILVA<\/td><td class=\"column-15\"><\/td><td class=\"column-16\"><\/td><td class=\"column-17\"><\/td><td class=\"column-18\"><\/td><td class=\"column-19\">0<\/td><td class=\"column-20\"><\/td><td class=\"column-21\">10909.09<\/td><td class=\"column-22\">02\/12\/2021<\/td><td class=\"column-23\">06\/12\/2021<\/td><td class=\"column-24\">10909.09<\/td>\n<\/tr>\n<tr class=\"row-355\">\n\t<td class=\"column-1\">20\/2021\t<\/td><td class=\"column-2\">26\/02\/2021<\/td><td class=\"column-3\">01\/03\/2021<\/td><td class=\"column-4\">26\/02\/2021 - 31\/12\/2021<\/td><td class=\"column-5\">3\/2021\t<\/td><td class=\"column-6\">N\u00e3o Aplic\u00e1vel<\/td><td class=\"column-7\"><\/td><td class=\"column-8\"><\/td><td class=\"column-9\">CELEBRA\u00c7\u00c3O DE CONV\u00caNIO DESTINADO \u00c0 CONTRA\u00c7\u00c3O DA PRESTA\u00c7\u00c3O DOS SERVI\u00c7OS DE CONSULTAS, SESS\u00d5ES, EXAMES M\u00c9DICOS E LABORATORIAIS ESPECIALIZADOS EM REGIME DE GEST\u00c3O ASSOCIADA<\/td><td class=\"column-10\"><\/td><td class=\"column-11\">120000<\/td><td class=\"column-12\">12.120.272\/0001-04<\/td><td class=\"column-13\">CONS\u00d3RCIO P\u00daBLICO INTERMUNICIPAL DO RIO GRANDE NOR<\/td><td class=\"column-14\">RAFAEL ANDERSON DE ARA\u00daJO SILVA<\/td><td class=\"column-15\"><\/td><td class=\"column-16\"><\/td><td class=\"column-17\"><\/td><td class=\"column-18\"><\/td><td class=\"column-19\">0<\/td><td class=\"column-20\"><\/td><td class=\"column-21\">10909.09<\/td><td class=\"column-22\">04\/11\/2021<\/td><td class=\"column-23\">10\/11\/2021<\/td><td class=\"column-24\">10909.09<\/td>\n<\/tr>\n<tr class=\"row-356\">\n\t<td class=\"column-1\">20\/2021\t<\/td><td class=\"column-2\">26\/02\/2021<\/td><td class=\"column-3\">01\/03\/2021<\/td><td class=\"column-4\">26\/02\/2021 - 31\/12\/2021<\/td><td class=\"column-5\">3\/2021\t<\/td><td class=\"column-6\">N\u00e3o Aplic\u00e1vel<\/td><td class=\"column-7\"><\/td><td class=\"column-8\"><\/td><td class=\"column-9\">CELEBRA\u00c7\u00c3O DE CONV\u00caNIO DESTINADO \u00c0 CONTRA\u00c7\u00c3O DA PRESTA\u00c7\u00c3O DOS SERVI\u00c7OS DE CONSULTAS, SESS\u00d5ES, EXAMES M\u00c9DICOS E LABORATORIAIS ESPECIALIZADOS EM REGIME DE GEST\u00c3O ASSOCIADA<\/td><td class=\"column-10\"><\/td><td class=\"column-11\">120000<\/td><td class=\"column-12\">12.120.272\/0001-04<\/td><td class=\"column-13\">CONS\u00d3RCIO P\u00daBLICO INTERMUNICIPAL DO RIO GRANDE NOR<\/td><td class=\"column-14\">RAFAEL ANDERSON DE ARA\u00daJO SILVA<\/td><td class=\"column-15\"><\/td><td class=\"column-16\"><\/td><td class=\"column-17\"><\/td><td class=\"column-18\"><\/td><td class=\"column-19\">0<\/td><td class=\"column-20\"><\/td><td class=\"column-21\">10909.09<\/td><td class=\"column-22\">06\/04\/2021<\/td><td class=\"column-23\">09\/04\/2021<\/td><td class=\"column-24\">10909.09<\/td>\n<\/tr>\n<tr class=\"row-357\">\n\t<td class=\"column-1\">20\/2021\t<\/td><td class=\"column-2\">26\/02\/2021<\/td><td class=\"column-3\">01\/03\/2021<\/td><td class=\"column-4\">26\/02\/2021 - 31\/12\/2021<\/td><td class=\"column-5\">3\/2021\t<\/td><td class=\"column-6\">N\u00e3o Aplic\u00e1vel<\/td><td class=\"column-7\"><\/td><td class=\"column-8\"><\/td><td class=\"column-9\">CELEBRA\u00c7\u00c3O DE CONV\u00caNIO DESTINADO \u00c0 CONTRA\u00c7\u00c3O DA PRESTA\u00c7\u00c3O DOS SERVI\u00c7OS DE CONSULTAS, SESS\u00d5ES, EXAMES M\u00c9DICOS E LABORATORIAIS ESPECIALIZADOS EM REGIME DE GEST\u00c3O ASSOCIADA<\/td><td class=\"column-10\"><\/td><td class=\"column-11\">120000<\/td><td class=\"column-12\">12.120.272\/0001-04<\/td><td class=\"column-13\">CONS\u00d3RCIO P\u00daBLICO INTERMUNICIPAL DO RIO GRANDE NOR<\/td><td class=\"column-14\">RAFAEL ANDERSON DE ARA\u00daJO SILVA<\/td><td class=\"column-15\"><\/td><td class=\"column-16\"><\/td><td class=\"column-17\"><\/td><td class=\"column-18\"><\/td><td class=\"column-19\">0<\/td><td class=\"column-20\"><\/td><td class=\"column-21\">10909.09<\/td><td class=\"column-22\">06\/09\/2021<\/td><td class=\"column-23\">10\/09\/2021<\/td><td class=\"column-24\">10909.09<\/td>\n<\/tr>\n<tr class=\"row-358\">\n\t<td class=\"column-1\">20\/2021\t<\/td><td class=\"column-2\">26\/02\/2021<\/td><td class=\"column-3\">01\/03\/2021<\/td><td class=\"column-4\">26\/02\/2021 - 31\/12\/2021<\/td><td class=\"column-5\">3\/2021\t<\/td><td class=\"column-6\">N\u00e3o Aplic\u00e1vel<\/td><td class=\"column-7\"><\/td><td class=\"column-8\"><\/td><td class=\"column-9\">CELEBRA\u00c7\u00c3O DE CONV\u00caNIO DESTINADO \u00c0 CONTRA\u00c7\u00c3O DA PRESTA\u00c7\u00c3O DOS SERVI\u00c7OS DE CONSULTAS, SESS\u00d5ES, EXAMES M\u00c9DICOS E LABORATORIAIS ESPECIALIZADOS EM REGIME DE GEST\u00c3O ASSOCIADA<\/td><td class=\"column-10\"><\/td><td class=\"column-11\">120000<\/td><td class=\"column-12\">12.120.272\/0001-04<\/td><td class=\"column-13\">CONS\u00d3RCIO P\u00daBLICO INTERMUNICIPAL DO RIO GRANDE NOR<\/td><td class=\"column-14\">RAFAEL ANDERSON DE ARA\u00daJO SILVA<\/td><td class=\"column-15\"><\/td><td class=\"column-16\"><\/td><td class=\"column-17\"><\/td><td class=\"column-18\"><\/td><td class=\"column-19\">0<\/td><td class=\"column-20\"><\/td><td class=\"column-21\">10909.09<\/td><td class=\"column-22\">08\/06\/2021<\/td><td class=\"column-23\">11\/06\/2021<\/td><td class=\"column-24\">10909.09<\/td>\n<\/tr>\n<tr class=\"row-359\">\n\t<td class=\"column-1\">20\/2021\t<\/td><td class=\"column-2\">26\/02\/2021<\/td><td class=\"column-3\">01\/03\/2021<\/td><td class=\"column-4\">26\/02\/2021 - 31\/12\/2021<\/td><td class=\"column-5\">3\/2021\t<\/td><td class=\"column-6\">N\u00e3o Aplic\u00e1vel<\/td><td class=\"column-7\"><\/td><td class=\"column-8\"><\/td><td class=\"column-9\">CELEBRA\u00c7\u00c3O DE CONV\u00caNIO DESTINADO \u00c0 CONTRA\u00c7\u00c3O DA PRESTA\u00c7\u00c3O DOS SERVI\u00c7OS DE CONSULTAS, SESS\u00d5ES, EXAMES M\u00c9DICOS E LABORATORIAIS ESPECIALIZADOS EM REGIME DE GEST\u00c3O ASSOCIADA<\/td><td class=\"column-10\"><\/td><td class=\"column-11\">120000<\/td><td class=\"column-12\">12.120.272\/0001-04<\/td><td class=\"column-13\">CONS\u00d3RCIO P\u00daBLICO INTERMUNICIPAL DO RIO GRANDE NOR<\/td><td class=\"column-14\">RAFAEL ANDERSON DE ARA\u00daJO SILVA<\/td><td class=\"column-15\"><\/td><td class=\"column-16\"><\/td><td class=\"column-17\"><\/td><td class=\"column-18\"><\/td><td class=\"column-19\">0<\/td><td class=\"column-20\"><\/td><td class=\"column-21\">10909.09<\/td><td class=\"column-22\">12\/07\/2021<\/td><td class=\"column-23\">13\/07\/2021<\/td><td class=\"column-24\">10909.09<\/td>\n<\/tr>\n<tr class=\"row-360\">\n\t<td class=\"column-1\">20\/2021\t<\/td><td class=\"column-2\">26\/02\/2021<\/td><td class=\"column-3\">01\/03\/2021<\/td><td class=\"column-4\">26\/02\/2021 - 31\/12\/2021<\/td><td class=\"column-5\">3\/2021\t<\/td><td class=\"column-6\">N\u00e3o Aplic\u00e1vel<\/td><td class=\"column-7\"><\/td><td class=\"column-8\"><\/td><td class=\"column-9\">CELEBRA\u00c7\u00c3O DE CONV\u00caNIO DESTINADO \u00c0 CONTRA\u00c7\u00c3O DA PRESTA\u00c7\u00c3O DOS SERVI\u00c7OS DE CONSULTAS, SESS\u00d5ES, EXAMES M\u00c9DICOS E LABORATORIAIS ESPECIALIZADOS EM REGIME DE GEST\u00c3O ASSOCIADA<\/td><td class=\"column-10\"><\/td><td class=\"column-11\">120000<\/td><td class=\"column-12\">12.120.272\/0001-04<\/td><td class=\"column-13\">CONS\u00d3RCIO P\u00daBLICO INTERMUNICIPAL DO RIO GRANDE NOR<\/td><td class=\"column-14\">RAFAEL ANDERSON DE ARA\u00daJO SILVA<\/td><td class=\"column-15\"><\/td><td class=\"column-16\"><\/td><td class=\"column-17\"><\/td><td class=\"column-18\"><\/td><td class=\"column-19\">0<\/td><td class=\"column-20\"><\/td><td class=\"column-21\">10909.09<\/td><td class=\"column-22\">14\/10\/2021<\/td><td class=\"column-23\">18\/10\/2021<\/td><td class=\"column-24\">10909.09<\/td>\n<\/tr>\n<tr class=\"row-361\">\n\t<td class=\"column-1\">20\/2021\t<\/td><td class=\"column-2\">26\/02\/2021<\/td><td class=\"column-3\">01\/03\/2021<\/td><td class=\"column-4\">26\/02\/2021 - 31\/12\/2021<\/td><td class=\"column-5\">3\/2021\t<\/td><td class=\"column-6\">N\u00e3o Aplic\u00e1vel<\/td><td class=\"column-7\"><\/td><td class=\"column-8\"><\/td><td class=\"column-9\">CELEBRA\u00c7\u00c3O DE CONV\u00caNIO DESTINADO \u00c0 CONTRA\u00c7\u00c3O DA PRESTA\u00c7\u00c3O DOS SERVI\u00c7OS DE CONSULTAS, SESS\u00d5ES, EXAMES M\u00c9DICOS E LABORATORIAIS ESPECIALIZADOS EM REGIME DE GEST\u00c3O ASSOCIADA<\/td><td class=\"column-10\"><\/td><td class=\"column-11\">120000<\/td><td class=\"column-12\">12.120.272\/0001-04<\/td><td class=\"column-13\">CONS\u00d3RCIO P\u00daBLICO INTERMUNICIPAL DO RIO GRANDE NOR<\/td><td class=\"column-14\">RAFAEL ANDERSON DE ARA\u00daJO SILVA<\/td><td class=\"column-15\"><\/td><td class=\"column-16\"><\/td><td class=\"column-17\"><\/td><td class=\"column-18\"><\/td><td class=\"column-19\">0<\/td><td class=\"column-20\"><\/td><td class=\"column-21\">10909.09<\/td><td class=\"column-22\">23\/07\/2021<\/td><td class=\"column-23\">10\/08\/2021<\/td><td class=\"column-24\">10909.09<\/td>\n<\/tr>\n<tr class=\"row-362\">\n\t<td class=\"column-1\">20\/2021\t<\/td><td class=\"column-2\">26\/02\/2021<\/td><td class=\"column-3\">01\/03\/2021<\/td><td class=\"column-4\">26\/02\/2021 - 31\/12\/2021<\/td><td class=\"column-5\">3\/2021\t<\/td><td class=\"column-6\">N\u00e3o Aplic\u00e1vel<\/td><td class=\"column-7\"><\/td><td class=\"column-8\"><\/td><td class=\"column-9\">CELEBRA\u00c7\u00c3O DE CONV\u00caNIO DESTINADO \u00c0 CONTRA\u00c7\u00c3O DA PRESTA\u00c7\u00c3O DOS SERVI\u00c7OS DE CONSULTAS, SESS\u00d5ES, EXAMES M\u00c9DICOS E LABORATORIAIS ESPECIALIZADOS EM REGIME DE GEST\u00c3O ASSOCIADA<\/td><td class=\"column-10\"><\/td><td class=\"column-11\">120000<\/td><td class=\"column-12\">12.120.272\/0001-04<\/td><td class=\"column-13\">CONS\u00d3RCIO P\u00daBLICO INTERMUNICIPAL DO RIO GRANDE NOR<\/td><td class=\"column-14\">RAFAEL ANDERSON DE ARA\u00daJO SILVA<\/td><td class=\"column-15\"><\/td><td class=\"column-16\"><\/td><td class=\"column-17\"><\/td><td class=\"column-18\"><\/td><td class=\"column-19\">0<\/td><td class=\"column-20\"><\/td><td class=\"column-21\">10909.09<\/td><td class=\"column-22\">26\/04\/2021<\/td><td class=\"column-23\">05\/05\/2021<\/td><td class=\"column-24\">10909.09<\/td>\n<\/tr>\n<tr class=\"row-363\">\n\t<td class=\"column-1\">20\/2021\t<\/td><td class=\"column-2\">26\/02\/2021<\/td><td class=\"column-3\">01\/03\/2021<\/td><td class=\"column-4\">26\/02\/2021 - 31\/12\/2021<\/td><td class=\"column-5\">3\/2021\t<\/td><td class=\"column-6\">N\u00e3o Aplic\u00e1vel<\/td><td class=\"column-7\"><\/td><td class=\"column-8\"><\/td><td class=\"column-9\">CELEBRA\u00c7\u00c3O DE CONV\u00caNIO DESTINADO \u00c0 CONTRA\u00c7\u00c3O DA PRESTA\u00c7\u00c3O DOS SERVI\u00c7OS DE CONSULTAS, SESS\u00d5ES, EXAMES M\u00c9DICOS E LABORATORIAIS ESPECIALIZADOS EM REGIME DE GEST\u00c3O ASSOCIADA<\/td><td class=\"column-10\"><\/td><td class=\"column-11\">120000<\/td><td class=\"column-12\">12.120.272\/0001-04<\/td><td class=\"column-13\">CONS\u00d3RCIO P\u00daBLICO INTERMUNICIPAL DO RIO GRANDE NOR<\/td><td class=\"column-14\">RAFAEL ANDERSON DE ARA\u00daJO SILVA<\/td><td class=\"column-15\"><\/td><td class=\"column-16\"><\/td><td class=\"column-17\"><\/td><td class=\"column-18\"><\/td><td class=\"column-19\">0<\/td><td class=\"column-20\"><\/td><td class=\"column-21\">10909.09<\/td><td class=\"column-22\">30\/12\/2021<\/td><td class=\"column-23\"><\/td><td class=\"column-24\"><\/td>\n<\/tr>\n<tr class=\"row-364\">\n\t<td class=\"column-1\">21\/2021\t<\/td><td class=\"column-2\">01\/03\/2021<\/td><td class=\"column-3\">04\/03\/2021<\/td><td class=\"column-4\">01\/03\/2021 - 31\/05\/2021<\/td><td class=\"column-5\">24\/2021\t<\/td><td class=\"column-6\">Dispensa<\/td><td class=\"column-7\">Menor Pre\u00e7o Global<\/td><td class=\"column-8\"><\/td><td class=\"column-9\">CONTRATA\u00c7\u00c3O DE EMPRESA ESPECIALIZADA NOS SERVI\u00c7OS DE DESINFEC\u00c7\u00c3O DE PR\u00c9DIOS P\u00daBLICOS E LAVAGEM DE RUAS, PRA\u00c7AS, LOUGRADOROS P\u00daBLICOS, AVENIDAS E LOCAIS DE USO COMUM, EM VE\u00cdCULO AUTOMOTOR ESPEC\u00cdFICO E EQUIPE CAPACITADA, VISANDO O COMBATE DO COVID-19, NO AMBITO DO MUNIC\u00cdPIO DE LAJES\/RN.<\/td><td class=\"column-10\">12110000 - Receitas de Impostos e de Transfer\u00eancia de Impostos - Sa\u00fade<\/td><td class=\"column-11\">260000<\/td><td class=\"column-12\">35.419.905\/0001-85<\/td><td class=\"column-13\">RR SERVICOS E CONSULTORIA <\/td><td class=\"column-14\">RAFAEL ANDERSON DE ARA\u00daJO SILVA<\/td><td class=\"column-15\"><\/td><td class=\"column-16\"><\/td><td class=\"column-17\"><\/td><td class=\"column-18\"><\/td><td class=\"column-19\">0<\/td><td class=\"column-20\"><\/td><td class=\"column-21\"><\/td><td class=\"column-22\"><\/td><td class=\"column-23\"><\/td><td class=\"column-24\"><\/td>\n<\/tr>\n<tr class=\"row-365\">\n\t<td class=\"column-1\">21\/2021\t<\/td><td class=\"column-2\">01\/03\/2021<\/td><td class=\"column-3\">04\/03\/2021<\/td><td class=\"column-4\">01\/03\/2021 - 31\/05\/2021<\/td><td class=\"column-5\">24\/2021\t<\/td><td class=\"column-6\">Dispensa<\/td><td class=\"column-7\">Menor Pre\u00e7o Global<\/td><td class=\"column-8\"><\/td><td class=\"column-9\">CONTRATA\u00c7\u00c3O DE EMPRESA ESPECIALIZADA NOS SERVI\u00c7OS DE DESINFEC\u00c7\u00c3O DE PR\u00c9DIOS P\u00daBLICOS E LAVAGEM DE RUAS, PRA\u00c7AS, LOUGRADOROS P\u00daBLICOS, AVENIDAS E LOCAIS DE USO COMUM, EM VE\u00cdCULO AUTOMOTOR ESPEC\u00cdFICO E EQUIPE CAPACITADA, VISANDO O COMBATE DO COVID-19, NO AMBITO DO MUNIC\u00cdPIO DE LAJES\/RN.<\/td><td class=\"column-10\">12110000 - Receitas de Impostos e de Transfer\u00eancia de Impostos - Sa\u00fade<\/td><td class=\"column-11\">260000<\/td><td class=\"column-12\">35.419.905\/0001-85<\/td><td class=\"column-13\">RR SERVICOS E CONSULTORIA <\/td><td class=\"column-14\">RAFAEL ANDERSON DE ARA\u00daJO SILVA<\/td><td class=\"column-15\"><\/td><td class=\"column-16\"><\/td><td class=\"column-17\"><\/td><td class=\"column-18\"><\/td><td class=\"column-19\">0<\/td><td class=\"column-20\"><\/td><td class=\"column-21\">146400<\/td><td class=\"column-22\">10\/05\/2021<\/td><td class=\"column-23\">10\/05\/2021<\/td><td class=\"column-24\">139080<\/td>\n<\/tr>\n<tr class=\"row-366\">\n\t<td class=\"column-1\">22\/2021\t<\/td><td class=\"column-2\">03\/03\/2021<\/td><td class=\"column-3\">04\/03\/2021<\/td><td class=\"column-4\">03\/03\/2021 - 02\/06\/2021<\/td><td class=\"column-5\">25\/2021\t<\/td><td class=\"column-6\">Dispensa<\/td><td class=\"column-7\">Menor Pre\u00e7o Por Item<\/td><td class=\"column-8\"><\/td><td class=\"column-9\">CONTRATA\u00c7\u00c3O DE EMPRESA EMERGENCIAL ESPECIALIZADA NA PRESTA\u00c7\u00c3O DOS SERVI\u00c7OS DE LOCA\u00c7\u00c3O DE VE\u00cdCULO DO TIPO COLETOR DE LIXO COMPACTADOR COM NO M\u00cdNIMO 12M\u00b3 COM OPERADOR DEVIDAMENTE HABILITADO<\/td><td class=\"column-10\">10010000 - Recursos Ordin\u00e1rios<\/td><td class=\"column-11\">45000<\/td><td class=\"column-12\">37.833.161\/0001-76<\/td><td class=\"column-13\">AMPLA LOCA\u00c7\u00c3O DE AUTOMOVEIS E MAQUINAS <\/td><td class=\"column-14\">RAFAEL ANDERSON DE ARA\u00daJO SILVA<\/td><td class=\"column-15\"><\/td><td class=\"column-16\"><\/td><td class=\"column-17\"><\/td><td class=\"column-18\"><\/td><td class=\"column-19\">0<\/td><td class=\"column-20\"><\/td><td class=\"column-21\"><\/td><td class=\"column-22\"><\/td><td class=\"column-23\"><\/td><td class=\"column-24\"><\/td>\n<\/tr>\n<tr class=\"row-367\">\n\t<td class=\"column-1\">22\/2021\t<\/td><td class=\"column-2\">03\/03\/2021<\/td><td class=\"column-3\">04\/03\/2021<\/td><td class=\"column-4\">03\/03\/2021 - 02\/06\/2021<\/td><td class=\"column-5\">25\/2021\t<\/td><td class=\"column-6\">Dispensa<\/td><td class=\"column-7\">Menor Pre\u00e7o Por Item<\/td><td class=\"column-8\"><\/td><td class=\"column-9\">CONTRATA\u00c7\u00c3O DE EMPRESA EMERGENCIAL ESPECIALIZADA NA PRESTA\u00c7\u00c3O DOS SERVI\u00c7OS DE LOCA\u00c7\u00c3O DE VE\u00cdCULO DO TIPO COLETOR DE LIXO COMPACTADOR COM NO M\u00cdNIMO 12M\u00b3 COM OPERADOR DEVIDAMENTE HABILITADO<\/td><td class=\"column-10\">10010000 - Recursos Ordin\u00e1rios<\/td><td class=\"column-11\">45000<\/td><td class=\"column-12\">37.833.161\/0001-76<\/td><td class=\"column-13\">AMPLA LOCA\u00c7\u00c3O DE AUTOMOVEIS E MAQUINAS <\/td><td class=\"column-14\">RAFAEL ANDERSON DE ARA\u00daJO SILVA<\/td><td class=\"column-15\"><\/td><td class=\"column-16\"><\/td><td class=\"column-17\"><\/td><td class=\"column-18\"><\/td><td class=\"column-19\">0<\/td><td class=\"column-20\"><\/td><td class=\"column-21\">15000<\/td><td class=\"column-22\">10\/09\/2021<\/td><td class=\"column-23\">13\/09\/2021<\/td><td class=\"column-24\">15000<\/td>\n<\/tr>\n<tr class=\"row-368\">\n\t<td class=\"column-1\">22\/2021\t<\/td><td class=\"column-2\">03\/03\/2021<\/td><td class=\"column-3\">04\/03\/2021<\/td><td class=\"column-4\">03\/03\/2021 - 02\/06\/2021<\/td><td class=\"column-5\">25\/2021\t<\/td><td class=\"column-6\">Dispensa<\/td><td class=\"column-7\">Menor Pre\u00e7o Por Item<\/td><td class=\"column-8\"><\/td><td class=\"column-9\">CONTRATA\u00c7\u00c3O DE EMPRESA EMERGENCIAL ESPECIALIZADA NA PRESTA\u00c7\u00c3O DOS SERVI\u00c7OS DE LOCA\u00c7\u00c3O DE VE\u00cdCULO DO TIPO COLETOR DE LIXO COMPACTADOR COM NO M\u00cdNIMO 12M\u00b3 COM OPERADOR DEVIDAMENTE HABILITADO<\/td><td class=\"column-10\">10010000 - Recursos Ordin\u00e1rios<\/td><td class=\"column-11\">45000<\/td><td class=\"column-12\">37.833.161\/0001-76<\/td><td class=\"column-13\">AMPLA LOCA\u00c7\u00c3O DE AUTOMOVEIS E MAQUINAS <\/td><td class=\"column-14\">RAFAEL ANDERSON DE ARA\u00daJO SILVA<\/td><td class=\"column-15\"><\/td><td class=\"column-16\"><\/td><td class=\"column-17\"><\/td><td class=\"column-18\"><\/td><td class=\"column-19\">0<\/td><td class=\"column-20\"><\/td><td class=\"column-21\">15000<\/td><td class=\"column-22\">11\/08\/2021<\/td><td class=\"column-23\">12\/08\/2021<\/td><td class=\"column-24\">15000<\/td>\n<\/tr>\n<tr class=\"row-369\">\n\t<td class=\"column-1\">22\/2021\t<\/td><td class=\"column-2\">03\/03\/2021<\/td><td class=\"column-3\">04\/03\/2021<\/td><td class=\"column-4\">03\/03\/2021 - 02\/06\/2021<\/td><td class=\"column-5\">25\/2021\t<\/td><td class=\"column-6\">Dispensa<\/td><td class=\"column-7\">Menor Pre\u00e7o Por Item<\/td><td class=\"column-8\"><\/td><td class=\"column-9\">CONTRATA\u00c7\u00c3O DE EMPRESA EMERGENCIAL ESPECIALIZADA NA PRESTA\u00c7\u00c3O DOS SERVI\u00c7OS DE LOCA\u00c7\u00c3O DE VE\u00cdCULO DO TIPO COLETOR DE LIXO COMPACTADOR COM NO M\u00cdNIMO 12M\u00b3 COM OPERADOR DEVIDAMENTE HABILITADO<\/td><td class=\"column-10\">10010000 - Recursos Ordin\u00e1rios<\/td><td class=\"column-11\">45000<\/td><td class=\"column-12\">37.833.161\/0001-76<\/td><td class=\"column-13\">AMPLA LOCA\u00c7\u00c3O DE AUTOMOVEIS E MAQUINAS <\/td><td class=\"column-14\">RAFAEL ANDERSON DE ARA\u00daJO SILVA<\/td><td class=\"column-15\"><\/td><td class=\"column-16\"><\/td><td class=\"column-17\"><\/td><td class=\"column-18\"><\/td><td class=\"column-19\">0<\/td><td class=\"column-20\"><\/td><td class=\"column-21\">15000<\/td><td class=\"column-22\">21\/06\/2021<\/td><td class=\"column-23\">22\/06\/2021<\/td><td class=\"column-24\">15000<\/td>\n<\/tr>\n<tr class=\"row-370\">\n\t<td class=\"column-1\">22\/2021\t<\/td><td class=\"column-2\">03\/03\/2021<\/td><td class=\"column-3\">04\/03\/2021<\/td><td class=\"column-4\">03\/03\/2021 - 02\/06\/2021<\/td><td class=\"column-5\">25\/2021\t<\/td><td class=\"column-6\">Dispensa<\/td><td class=\"column-7\">Menor Pre\u00e7o Por Item<\/td><td class=\"column-8\"><\/td><td class=\"column-9\">CONTRATA\u00c7\u00c3O DE EMPRESA EMERGENCIAL ESPECIALIZADA NA PRESTA\u00c7\u00c3O DOS SERVI\u00c7OS DE LOCA\u00c7\u00c3O DE VE\u00cdCULO DO TIPO COLETOR DE LIXO COMPACTADOR COM NO M\u00cdNIMO 12M\u00b3 COM OPERADOR DEVIDAMENTE HABILITADO<\/td><td class=\"column-10\">10010000 - Recursos Ordin\u00e1rios<\/td><td class=\"column-11\">45000<\/td><td class=\"column-12\">37.833.161\/0001-76<\/td><td class=\"column-13\">AMPLA LOCA\u00c7\u00c3O DE AUTOMOVEIS E MAQUINAS <\/td><td class=\"column-14\">RAFAEL ANDERSON DE ARA\u00daJO SILVA<\/td><td class=\"column-15\"><\/td><td class=\"column-16\"><\/td><td class=\"column-17\"><\/td><td class=\"column-18\"><\/td><td class=\"column-19\">0<\/td><td class=\"column-20\"><\/td><td class=\"column-21\">15000<\/td><td class=\"column-22\">26\/04\/2021<\/td><td class=\"column-23\">26\/04\/2021<\/td><td class=\"column-24\">15000<\/td>\n<\/tr>\n<tr class=\"row-371\">\n\t<td class=\"column-1\">22\/2021\t<\/td><td class=\"column-2\">03\/03\/2021<\/td><td class=\"column-3\">04\/03\/2021<\/td><td class=\"column-4\">03\/03\/2021 - 02\/06\/2021<\/td><td class=\"column-5\">25\/2021\t<\/td><td class=\"column-6\">Dispensa<\/td><td class=\"column-7\">Menor Pre\u00e7o Por Item<\/td><td class=\"column-8\"><\/td><td class=\"column-9\">CONTRATA\u00c7\u00c3O DE EMPRESA EMERGENCIAL ESPECIALIZADA NA PRESTA\u00c7\u00c3O DOS SERVI\u00c7OS DE LOCA\u00c7\u00c3O DE VE\u00cdCULO DO TIPO COLETOR DE LIXO COMPACTADOR COM NO M\u00cdNIMO 12M\u00b3 COM OPERADOR DEVIDAMENTE HABILITADO<\/td><td class=\"column-10\">10010000 - Recursos Ordin\u00e1rios<\/td><td class=\"column-11\">45000<\/td><td class=\"column-12\">37.833.161\/0001-76<\/td><td class=\"column-13\">AMPLA LOCA\u00c7\u00c3O DE AUTOMOVEIS E MAQUINAS <\/td><td class=\"column-14\">RAFAEL ANDERSON DE ARA\u00daJO SILVA<\/td><td class=\"column-15\"><\/td><td class=\"column-16\"><\/td><td class=\"column-17\"><\/td><td class=\"column-18\"><\/td><td class=\"column-19\">0<\/td><td class=\"column-20\"><\/td><td class=\"column-21\">15000<\/td><td class=\"column-22\">28\/06\/2021<\/td><td class=\"column-23\">30\/06\/2021<\/td><td class=\"column-24\">15000<\/td>\n<\/tr>\n<tr class=\"row-372\">\n\t<td class=\"column-1\">22\/2021\t<\/td><td class=\"column-2\">01\/06\/2021<\/td><td class=\"column-3\"><\/td><td class=\"column-4\"><\/td><td class=\"column-5\">25\/2021\t<\/td><td class=\"column-6\">Dispensa<\/td><td class=\"column-7\">Menor Pre\u00e7o Por Item<\/td><td class=\"column-8\"><\/td><td class=\"column-9\"><\/td><td class=\"column-10\">10010000 - Recursos Ordin\u00e1rios<\/td><td class=\"column-11\">0<\/td><td class=\"column-12\">37.833.161\/0001-76<\/td><td class=\"column-13\">AMPLA LOCA\u00c7\u00c3O DE AUTOMOVEIS E MAQUINAS <\/td><td class=\"column-14\"><\/td><td class=\"column-15\">1<\/td><td class=\"column-16\">01\/06\/2021<\/td><td class=\"column-17\">02\/06\/2021<\/td><td class=\"column-18\">O presente aditivo \u00e9 de prorroga\u00e7\u00e3o de prazo de at\u00e9 90<br \/>\n(noventa) dias, visando \u00e0 continua\u00e7\u00e3o da PRESTA\u00c7\u00c3O DOS<br \/>\nSERVI\u00c7OS DE LOCA\u00c7\u00c3O DE VE\u00cdCULO DO TIPO COLETOR<br \/>\nDE LIXO COMPACTADOR COM NO M\u00cdNIMO 12M\u00b3 COM<br \/>\nOPERADOR DEVIDAMENTE HABILITADO<\/td><td class=\"column-19\">45000<\/td><td class=\"column-20\">2,00 m\u00eas(es)<\/td><td class=\"column-21\"><\/td><td class=\"column-22\"><\/td><td class=\"column-23\"><\/td><td class=\"column-24\"><\/td>\n<\/tr>\n<tr class=\"row-373\">\n\t<td class=\"column-1\">23\/2021\t<\/td><td class=\"column-2\">03\/03\/2021<\/td><td class=\"column-3\">09\/03\/2021<\/td><td class=\"column-4\">03\/03\/2021 - 31\/12\/2021<\/td><td class=\"column-5\">26\/2021\t<\/td><td class=\"column-6\">Dispensa<\/td><td class=\"column-7\">Menor Pre\u00e7o Por Item<\/td><td class=\"column-8\"><\/td><td class=\"column-9\">LOCA\u00c7\u00c3O DE IM\u00d3VEL LOCALIZADO NA PRA\u00c7A MONSENHOR VICENTE DE PAULA, N\u00ba 312 \u2013 CENTRO, LAJES\/RN EM FAVOR DA PAR\u00d3QUIA NOSSA SENHORA DA CONCEI\u00c7\u00c3O.<\/td><td class=\"column-10\">11110000 - Receitas de Impostos e de Transfer\u00eancia de Impostos - Educa\u00e7\u00e3o<\/td><td class=\"column-11\">60000<\/td><td class=\"column-12\">08.026.122\/0017-26<\/td><td class=\"column-13\">ARQUIDIOCESE DE NATAL<\/td><td class=\"column-14\">RAFAEL ANDERSON DE ARA\u00daJO SILVA<\/td><td class=\"column-15\"><\/td><td class=\"column-16\"><\/td><td class=\"column-17\"><\/td><td class=\"column-18\"><\/td><td class=\"column-19\">0<\/td><td class=\"column-20\"><\/td><td class=\"column-21\"><\/td><td class=\"column-22\"><\/td><td class=\"column-23\"><\/td><td class=\"column-24\"><\/td>\n<\/tr>\n<tr class=\"row-374\">\n\t<td class=\"column-1\">23\/2021\t<\/td><td class=\"column-2\">03\/03\/2021<\/td><td class=\"column-3\">09\/03\/2021<\/td><td class=\"column-4\">03\/03\/2021 - 31\/12\/2021<\/td><td class=\"column-5\">26\/2021\t<\/td><td class=\"column-6\">Dispensa<\/td><td class=\"column-7\">Menor Pre\u00e7o Por Item<\/td><td class=\"column-8\"><\/td><td class=\"column-9\">LOCA\u00c7\u00c3O DE IM\u00d3VEL LOCALIZADO NA PRA\u00c7A MONSENHOR VICENTE DE PAULA, N\u00ba 312 \u2013 CENTRO, LAJES\/RN EM FAVOR DA PAR\u00d3QUIA NOSSA SENHORA DA CONCEI\u00c7\u00c3O.<\/td><td class=\"column-10\">11110000 - Receitas de Impostos e de Transfer\u00eancia de Impostos - Educa\u00e7\u00e3o<\/td><td class=\"column-11\">60000<\/td><td class=\"column-12\">08.026.122\/0017-26<\/td><td class=\"column-13\">ARQUIDIOCESE DE NATAL<\/td><td class=\"column-14\">RAFAEL ANDERSON DE ARA\u00daJO SILVA<\/td><td class=\"column-15\"><\/td><td class=\"column-16\"><\/td><td class=\"column-17\"><\/td><td class=\"column-18\"><\/td><td class=\"column-19\">0<\/td><td class=\"column-20\"><\/td><td class=\"column-21\">1000<\/td><td class=\"column-22\">01\/04\/2021<\/td><td class=\"column-23\">09\/04\/2021<\/td><td class=\"column-24\">1000<\/td>\n<\/tr>\n<tr class=\"row-375\">\n\t<td class=\"column-1\">23\/2021\t<\/td><td class=\"column-2\">03\/03\/2021<\/td><td class=\"column-3\">09\/03\/2021<\/td><td class=\"column-4\">03\/03\/2021 - 31\/12\/2021<\/td><td class=\"column-5\">26\/2021\t<\/td><td class=\"column-6\">Dispensa<\/td><td class=\"column-7\">Menor Pre\u00e7o Por Item<\/td><td class=\"column-8\"><\/td><td class=\"column-9\">LOCA\u00c7\u00c3O DE IM\u00d3VEL LOCALIZADO NA PRA\u00c7A MONSENHOR VICENTE DE PAULA, N\u00ba 312 \u2013 CENTRO, LAJES\/RN EM FAVOR DA PAR\u00d3QUIA NOSSA SENHORA DA CONCEI\u00c7\u00c3O.<\/td><td class=\"column-10\">11110000 - Receitas de Impostos e de Transfer\u00eancia de Impostos - Educa\u00e7\u00e3o<\/td><td class=\"column-11\">60000<\/td><td class=\"column-12\">08.026.122\/0017-26<\/td><td class=\"column-13\">ARQUIDIOCESE DE NATAL<\/td><td class=\"column-14\">RAFAEL ANDERSON DE ARA\u00daJO SILVA<\/td><td class=\"column-15\"><\/td><td class=\"column-16\"><\/td><td class=\"column-17\"><\/td><td class=\"column-18\"><\/td><td class=\"column-19\">0<\/td><td class=\"column-20\"><\/td><td class=\"column-21\">6000<\/td><td class=\"column-22\">01\/04\/2021<\/td><td class=\"column-23\">09\/04\/2021<\/td><td class=\"column-24\">6000<\/td>\n<\/tr>\n<tr class=\"row-376\">\n\t<td class=\"column-1\">23\/2021\t<\/td><td class=\"column-2\">03\/03\/2021<\/td><td class=\"column-3\">09\/03\/2021<\/td><td class=\"column-4\">03\/03\/2021 - 31\/12\/2021<\/td><td class=\"column-5\">26\/2021\t<\/td><td class=\"column-6\">Dispensa<\/td><td class=\"column-7\">Menor Pre\u00e7o Por Item<\/td><td class=\"column-8\"><\/td><td class=\"column-9\">LOCA\u00c7\u00c3O DE IM\u00d3VEL LOCALIZADO NA PRA\u00c7A MONSENHOR VICENTE DE PAULA, N\u00ba 312 \u2013 CENTRO, LAJES\/RN EM FAVOR DA PAR\u00d3QUIA NOSSA SENHORA DA CONCEI\u00c7\u00c3O.<\/td><td class=\"column-10\">11110000 - Receitas de Impostos e de Transfer\u00eancia de Impostos - Educa\u00e7\u00e3o<\/td><td class=\"column-11\">60000<\/td><td class=\"column-12\">08.026.122\/0017-26<\/td><td class=\"column-13\">ARQUIDIOCESE DE NATAL<\/td><td class=\"column-14\">RAFAEL ANDERSON DE ARA\u00daJO SILVA<\/td><td class=\"column-15\"><\/td><td class=\"column-16\"><\/td><td class=\"column-17\"><\/td><td class=\"column-18\"><\/td><td class=\"column-19\">0<\/td><td class=\"column-20\"><\/td><td class=\"column-21\">6000<\/td><td class=\"column-22\">03\/08\/2021<\/td><td class=\"column-23\">10\/08\/2021<\/td><td class=\"column-24\">6000<\/td>\n<\/tr>\n<tr class=\"row-377\">\n\t<td class=\"column-1\">23\/2021\t<\/td><td class=\"column-2\">03\/03\/2021<\/td><td class=\"column-3\">09\/03\/2021<\/td><td class=\"column-4\">03\/03\/2021 - 31\/12\/2021<\/td><td class=\"column-5\">26\/2021\t<\/td><td class=\"column-6\">Dispensa<\/td><td class=\"column-7\">Menor Pre\u00e7o Por Item<\/td><td class=\"column-8\"><\/td><td class=\"column-9\">LOCA\u00c7\u00c3O DE IM\u00d3VEL LOCALIZADO NA PRA\u00c7A MONSENHOR VICENTE DE PAULA, N\u00ba 312 \u2013 CENTRO, LAJES\/RN EM FAVOR DA PAR\u00d3QUIA NOSSA SENHORA DA CONCEI\u00c7\u00c3O.<\/td><td class=\"column-10\">11110000 - Receitas de Impostos e de Transfer\u00eancia de Impostos - Educa\u00e7\u00e3o<\/td><td class=\"column-11\">60000<\/td><td class=\"column-12\">08.026.122\/0017-26<\/td><td class=\"column-13\">ARQUIDIOCESE DE NATAL<\/td><td class=\"column-14\">RAFAEL ANDERSON DE ARA\u00daJO SILVA<\/td><td class=\"column-15\"><\/td><td class=\"column-16\"><\/td><td class=\"column-17\"><\/td><td class=\"column-18\"><\/td><td class=\"column-19\">0<\/td><td class=\"column-20\"><\/td><td class=\"column-21\">6000<\/td><td class=\"column-22\">03\/11\/2021<\/td><td class=\"column-23\">10\/11\/2021<\/td><td class=\"column-24\">6000<\/td>\n<\/tr>\n<tr class=\"row-378\">\n\t<td class=\"column-1\">23\/2021\t<\/td><td class=\"column-2\">03\/03\/2021<\/td><td class=\"column-3\">09\/03\/2021<\/td><td class=\"column-4\">03\/03\/2021 - 31\/12\/2021<\/td><td class=\"column-5\">26\/2021\t<\/td><td class=\"column-6\">Dispensa<\/td><td class=\"column-7\">Menor Pre\u00e7o Por Item<\/td><td class=\"column-8\"><\/td><td class=\"column-9\">LOCA\u00c7\u00c3O DE IM\u00d3VEL LOCALIZADO NA PRA\u00c7A MONSENHOR VICENTE DE PAULA, N\u00ba 312 \u2013 CENTRO, LAJES\/RN EM FAVOR DA PAR\u00d3QUIA NOSSA SENHORA DA CONCEI\u00c7\u00c3O.<\/td><td class=\"column-10\">11110000 - Receitas de Impostos e de Transfer\u00eancia de Impostos - Educa\u00e7\u00e3o<\/td><td class=\"column-11\">60000<\/td><td class=\"column-12\">08.026.122\/0017-26<\/td><td class=\"column-13\">ARQUIDIOCESE DE NATAL<\/td><td class=\"column-14\">RAFAEL ANDERSON DE ARA\u00daJO SILVA<\/td><td class=\"column-15\"><\/td><td class=\"column-16\"><\/td><td class=\"column-17\"><\/td><td class=\"column-18\"><\/td><td class=\"column-19\">0<\/td><td class=\"column-20\"><\/td><td class=\"column-21\">6000<\/td><td class=\"column-22\">05\/07\/2021<\/td><td class=\"column-23\">09\/07\/2021<\/td><td class=\"column-24\">6000<\/td>\n<\/tr>\n<tr class=\"row-379\">\n\t<td class=\"column-1\">23\/2021\t<\/td><td class=\"column-2\">03\/03\/2021<\/td><td class=\"column-3\">09\/03\/2021<\/td><td class=\"column-4\">03\/03\/2021 - 31\/12\/2021<\/td><td class=\"column-5\">26\/2021\t<\/td><td class=\"column-6\">Dispensa<\/td><td class=\"column-7\">Menor Pre\u00e7o Por Item<\/td><td class=\"column-8\"><\/td><td class=\"column-9\">LOCA\u00c7\u00c3O DE IM\u00d3VEL LOCALIZADO NA PRA\u00c7A MONSENHOR VICENTE DE PAULA, N\u00ba 312 \u2013 CENTRO, LAJES\/RN EM FAVOR DA PAR\u00d3QUIA NOSSA SENHORA DA CONCEI\u00c7\u00c3O.<\/td><td class=\"column-10\">11110000 - Receitas de Impostos e de Transfer\u00eancia de Impostos - Educa\u00e7\u00e3o<\/td><td class=\"column-11\">60000<\/td><td class=\"column-12\">08.026.122\/0017-26<\/td><td class=\"column-13\">ARQUIDIOCESE DE NATAL<\/td><td class=\"column-14\">RAFAEL ANDERSON DE ARA\u00daJO SILVA<\/td><td class=\"column-15\"><\/td><td class=\"column-16\"><\/td><td class=\"column-17\"><\/td><td class=\"column-18\"><\/td><td class=\"column-19\">0<\/td><td class=\"column-20\"><\/td><td class=\"column-21\">6000<\/td><td class=\"column-22\">05\/10\/2021<\/td><td class=\"column-23\">08\/10\/2021<\/td><td class=\"column-24\">6000<\/td>\n<\/tr>\n<tr class=\"row-380\">\n\t<td class=\"column-1\">23\/2021\t<\/td><td class=\"column-2\">03\/03\/2021<\/td><td class=\"column-3\">09\/03\/2021<\/td><td class=\"column-4\">03\/03\/2021 - 31\/12\/2021<\/td><td class=\"column-5\">26\/2021\t<\/td><td class=\"column-6\">Dispensa<\/td><td class=\"column-7\">Menor Pre\u00e7o Por Item<\/td><td class=\"column-8\"><\/td><td class=\"column-9\">LOCA\u00c7\u00c3O DE IM\u00d3VEL LOCALIZADO NA PRA\u00c7A MONSENHOR VICENTE DE PAULA, N\u00ba 312 \u2013 CENTRO, LAJES\/RN EM FAVOR DA PAR\u00d3QUIA NOSSA SENHORA DA CONCEI\u00c7\u00c3O.<\/td><td class=\"column-10\">11110000 - Receitas de Impostos e de Transfer\u00eancia de Impostos - Educa\u00e7\u00e3o<\/td><td class=\"column-11\">60000<\/td><td class=\"column-12\">08.026.122\/0017-26<\/td><td class=\"column-13\">ARQUIDIOCESE DE NATAL<\/td><td class=\"column-14\">RAFAEL ANDERSON DE ARA\u00daJO SILVA<\/td><td class=\"column-15\"><\/td><td class=\"column-16\"><\/td><td class=\"column-17\"><\/td><td class=\"column-18\"><\/td><td class=\"column-19\">0<\/td><td class=\"column-20\"><\/td><td class=\"column-21\">5000<\/td><td class=\"column-22\">10\/03\/2021<\/td><td class=\"column-23\">10\/03\/2021<\/td><td class=\"column-24\">5000<\/td>\n<\/tr>\n<tr class=\"row-381\">\n\t<td class=\"column-1\">23\/2021\t<\/td><td class=\"column-2\">03\/03\/2021<\/td><td class=\"column-3\">09\/03\/2021<\/td><td class=\"column-4\">03\/03\/2021 - 31\/12\/2021<\/td><td class=\"column-5\">26\/2021\t<\/td><td class=\"column-6\">Dispensa<\/td><td class=\"column-7\">Menor Pre\u00e7o Por Item<\/td><td class=\"column-8\"><\/td><td class=\"column-9\">LOCA\u00c7\u00c3O DE IM\u00d3VEL LOCALIZADO NA PRA\u00c7A MONSENHOR VICENTE DE PAULA, N\u00ba 312 \u2013 CENTRO, LAJES\/RN EM FAVOR DA PAR\u00d3QUIA NOSSA SENHORA DA CONCEI\u00c7\u00c3O.<\/td><td class=\"column-10\">11110000 - Receitas de Impostos e de Transfer\u00eancia de Impostos - Educa\u00e7\u00e3o<\/td><td class=\"column-11\">60000<\/td><td class=\"column-12\">08.026.122\/0017-26<\/td><td class=\"column-13\">ARQUIDIOCESE DE NATAL<\/td><td class=\"column-14\">RAFAEL ANDERSON DE ARA\u00daJO SILVA<\/td><td class=\"column-15\"><\/td><td class=\"column-16\"><\/td><td class=\"column-17\"><\/td><td class=\"column-18\"><\/td><td class=\"column-19\">0<\/td><td class=\"column-20\"><\/td><td class=\"column-21\">6000<\/td><td class=\"column-22\">10\/05\/2021<\/td><td class=\"column-23\">10\/05\/2021<\/td><td class=\"column-24\">6000<\/td>\n<\/tr>\n<tr class=\"row-382\">\n\t<td class=\"column-1\">23\/2021\t<\/td><td class=\"column-2\">03\/03\/2021<\/td><td class=\"column-3\">09\/03\/2021<\/td><td class=\"column-4\">03\/03\/2021 - 31\/12\/2021<\/td><td class=\"column-5\">26\/2021\t<\/td><td class=\"column-6\">Dispensa<\/td><td class=\"column-7\">Menor Pre\u00e7o Por Item<\/td><td class=\"column-8\"><\/td><td class=\"column-9\">LOCA\u00c7\u00c3O DE IM\u00d3VEL LOCALIZADO NA PRA\u00c7A MONSENHOR VICENTE DE PAULA, N\u00ba 312 \u2013 CENTRO, LAJES\/RN EM FAVOR DA PAR\u00d3QUIA NOSSA SENHORA DA CONCEI\u00c7\u00c3O.<\/td><td class=\"column-10\">11110000 - Receitas de Impostos e de Transfer\u00eancia de Impostos - Educa\u00e7\u00e3o<\/td><td class=\"column-11\">60000<\/td><td class=\"column-12\">08.026.122\/0017-26<\/td><td class=\"column-13\">ARQUIDIOCESE DE NATAL<\/td><td class=\"column-14\">RAFAEL ANDERSON DE ARA\u00daJO SILVA<\/td><td class=\"column-15\"><\/td><td class=\"column-16\"><\/td><td class=\"column-17\"><\/td><td class=\"column-18\"><\/td><td class=\"column-19\">0<\/td><td class=\"column-20\"><\/td><td class=\"column-21\">6000<\/td><td class=\"column-22\">10\/09\/2021<\/td><td class=\"column-23\"><\/td><td class=\"column-24\"><\/td>\n<\/tr>\n<tr class=\"row-383\">\n\t<td class=\"column-1\">23\/2021\t<\/td><td class=\"column-2\">03\/03\/2021<\/td><td class=\"column-3\">09\/03\/2021<\/td><td class=\"column-4\">03\/03\/2021 - 31\/12\/2021<\/td><td class=\"column-5\">26\/2021\t<\/td><td class=\"column-6\">Dispensa<\/td><td class=\"column-7\">Menor Pre\u00e7o Por Item<\/td><td class=\"column-8\"><\/td><td class=\"column-9\">LOCA\u00c7\u00c3O DE IM\u00d3VEL LOCALIZADO NA PRA\u00c7A MONSENHOR VICENTE DE PAULA, N\u00ba 312 \u2013 CENTRO, LAJES\/RN EM FAVOR DA PAR\u00d3QUIA NOSSA SENHORA DA CONCEI\u00c7\u00c3O.<\/td><td class=\"column-10\">11110000 - Receitas de Impostos e de Transfer\u00eancia de Impostos - Educa\u00e7\u00e3o<\/td><td class=\"column-11\">60000<\/td><td class=\"column-12\">08.026.122\/0017-26<\/td><td class=\"column-13\">ARQUIDIOCESE DE NATAL<\/td><td class=\"column-14\">RAFAEL ANDERSON DE ARA\u00daJO SILVA<\/td><td class=\"column-15\"><\/td><td class=\"column-16\"><\/td><td class=\"column-17\"><\/td><td class=\"column-18\"><\/td><td class=\"column-19\">0<\/td><td class=\"column-20\"><\/td><td class=\"column-21\">6000<\/td><td class=\"column-22\">10\/09\/2021<\/td><td class=\"column-23\">10\/09\/2021<\/td><td class=\"column-24\">6000<\/td>\n<\/tr>\n<tr class=\"row-384\">\n\t<td class=\"column-1\">23\/2021\t<\/td><td class=\"column-2\">03\/03\/2021<\/td><td class=\"column-3\">09\/03\/2021<\/td><td class=\"column-4\">03\/03\/2021 - 31\/12\/2021<\/td><td class=\"column-5\">26\/2021\t<\/td><td class=\"column-6\">Dispensa<\/td><td class=\"column-7\">Menor Pre\u00e7o Por Item<\/td><td class=\"column-8\"><\/td><td class=\"column-9\">LOCA\u00c7\u00c3O DE IM\u00d3VEL LOCALIZADO NA PRA\u00c7A MONSENHOR VICENTE DE PAULA, N\u00ba 312 \u2013 CENTRO, LAJES\/RN EM FAVOR DA PAR\u00d3QUIA NOSSA SENHORA DA CONCEI\u00c7\u00c3O.<\/td><td class=\"column-10\">11110000 - Receitas de Impostos e de Transfer\u00eancia de Impostos - Educa\u00e7\u00e3o<\/td><td class=\"column-11\">60000<\/td><td class=\"column-12\">08.026.122\/0017-26<\/td><td class=\"column-13\">ARQUIDIOCESE DE NATAL<\/td><td class=\"column-14\">RAFAEL ANDERSON DE ARA\u00daJO SILVA<\/td><td class=\"column-15\"><\/td><td class=\"column-16\"><\/td><td class=\"column-17\"><\/td><td class=\"column-18\"><\/td><td class=\"column-19\">0<\/td><td class=\"column-20\"><\/td><td class=\"column-21\">6000<\/td><td class=\"column-22\">10\/12\/2021<\/td><td class=\"column-23\">10\/12\/2021<\/td><td class=\"column-24\">6000<\/td>\n<\/tr>\n<tr class=\"row-385\">\n\t<td class=\"column-1\">23\/2021\t<\/td><td class=\"column-2\">03\/03\/2021<\/td><td class=\"column-3\">09\/03\/2021<\/td><td class=\"column-4\">03\/03\/2021 - 31\/12\/2021<\/td><td class=\"column-5\">26\/2021\t<\/td><td class=\"column-6\">Dispensa<\/td><td class=\"column-7\">Menor Pre\u00e7o Por Item<\/td><td class=\"column-8\"><\/td><td class=\"column-9\">LOCA\u00c7\u00c3O DE IM\u00d3VEL LOCALIZADO NA PRA\u00c7A MONSENHOR VICENTE DE PAULA, N\u00ba 312 \u2013 CENTRO, LAJES\/RN EM FAVOR DA PAR\u00d3QUIA NOSSA SENHORA DA CONCEI\u00c7\u00c3O.<\/td><td class=\"column-10\">11110000 - Receitas de Impostos e de Transfer\u00eancia de Impostos - Educa\u00e7\u00e3o<\/td><td class=\"column-11\">60000<\/td><td class=\"column-12\">08.026.122\/0017-26<\/td><td class=\"column-13\">ARQUIDIOCESE DE NATAL<\/td><td class=\"column-14\">RAFAEL ANDERSON DE ARA\u00daJO SILVA<\/td><td class=\"column-15\"><\/td><td class=\"column-16\"><\/td><td class=\"column-17\"><\/td><td class=\"column-18\"><\/td><td class=\"column-19\">0<\/td><td class=\"column-20\"><\/td><td class=\"column-21\">6000<\/td><td class=\"column-22\">11\/06\/2021<\/td><td class=\"column-23\">11\/06\/2021<\/td><td class=\"column-24\">6000<\/td>\n<\/tr>\n<tr class=\"row-386\">\n\t<td class=\"column-1\">23\/2021\t<\/td><td class=\"column-2\">30\/12\/2021<\/td><td class=\"column-3\"><\/td><td class=\"column-4\"><\/td><td class=\"column-5\">26\/2021\t<\/td><td class=\"column-6\">Dispensa<\/td><td class=\"column-7\">Menor Pre\u00e7o Por Item<\/td><td class=\"column-8\"><\/td><td class=\"column-9\"><\/td><td class=\"column-10\">11110000 - Receitas de Impostos e de Transfer\u00eancia de Impostos - Educa\u00e7\u00e3o<\/td><td class=\"column-11\">0<\/td><td class=\"column-12\">08.026.122\/0017-26<\/td><td class=\"column-13\">ARQUIDIOCESE DE NATAL<\/td><td class=\"column-14\"><\/td><td class=\"column-15\">1<\/td><td class=\"column-16\">30\/12\/2021<\/td><td class=\"column-17\">31\/12\/2021<\/td><td class=\"column-18\">O presente aditivo \u00e9 de prorroga\u00e7\u00e3o de prazo por mais 10 (dez) meses, visando \u00e0 continua\u00e7\u00e3o da LOCA\u00c7\u00c3O DE IM\u00d3VEL LOCALIZADO NA PRA\u00c7A MONSENHOR VICENTE DE PAULA, N\u00ba 312 \u2013 CENTRO, LAJES\/RN EM FAVOR DA PAR\u00d3QUIA NOSSA SENHORA DA CONCEI\u00c7\u00c3O, PARA PRESTA\u00c7\u00c3O DOS SERVI\u00c7OS DO CENTRO INTEGRADO DE EDUCA\u00c7\u00c3O DE JOVENS E ADULTOS PROFESSORA JURACI SOARES DE MELO (CIEJA)<\/td><td class=\"column-19\">60000<\/td><td class=\"column-20\">10,00 m\u00eas(es)<\/td><td class=\"column-21\"><\/td><td class=\"column-22\"><\/td><td class=\"column-23\"><\/td><td class=\"column-24\"><\/td>\n<\/tr>\n<tr class=\"row-387\">\n\t<td class=\"column-1\">24\/2021\t<\/td><td class=\"column-2\">04\/03\/2021<\/td><td class=\"column-3\">05\/03\/2021<\/td><td class=\"column-4\">04\/03\/2021 - 03\/06\/2021<\/td><td class=\"column-5\">29\/2021\t<\/td><td class=\"column-6\">Dispensa<\/td><td class=\"column-7\">Menor Pre\u00e7o Por Item<\/td><td class=\"column-8\"><\/td><td class=\"column-9\">CONTRATA\u00c7\u00c3O DE EMPRESA ESPECIALIZADA EM PRESTA\u00c7\u00c3O DE SERVI\u00c7O DE ASSESSORIA DE COMUNICA\u00c7\u00c3O COM EQUIPAMENTOS, SERVI\u00c7OS DE M\u00cdDIAS DIGITAIS COM GEST\u00c3O DE CONTE\u00daDO E SERVI\u00c7OS DE MARKETING<\/td><td class=\"column-10\">10010000 - Recursos Ordin\u00e1rios<\/td><td class=\"column-11\">17100<\/td><td class=\"column-12\">30.436.906\/0001-14<\/td><td class=\"column-13\">084 COMUNICA\u00c7\u00c3O E MARKETING EIRELI<\/td><td class=\"column-14\">RAFAEL ANDERSON DE ARA\u00daJO SILVA<\/td><td class=\"column-15\"><\/td><td class=\"column-16\"><\/td><td class=\"column-17\"><\/td><td class=\"column-18\"><\/td><td class=\"column-19\">0<\/td><td class=\"column-20\"><\/td><td class=\"column-21\"><\/td><td class=\"column-22\"><\/td><td class=\"column-23\"><\/td><td class=\"column-24\"><\/td>\n<\/tr>\n<tr class=\"row-388\">\n\t<td class=\"column-1\">24\/2021\t<\/td><td class=\"column-2\">04\/03\/2021<\/td><td class=\"column-3\">05\/03\/2021<\/td><td class=\"column-4\">04\/03\/2021 - 03\/06\/2021<\/td><td class=\"column-5\">29\/2021\t<\/td><td class=\"column-6\">Dispensa<\/td><td class=\"column-7\">Menor Pre\u00e7o Por Item<\/td><td class=\"column-8\"><\/td><td class=\"column-9\">CONTRATA\u00c7\u00c3O DE EMPRESA ESPECIALIZADA EM PRESTA\u00c7\u00c3O DE SERVI\u00c7O DE ASSESSORIA DE COMUNICA\u00c7\u00c3O COM EQUIPAMENTOS, SERVI\u00c7OS DE M\u00cdDIAS DIGITAIS COM GEST\u00c3O DE CONTE\u00daDO E SERVI\u00c7OS DE MARKETING<\/td><td class=\"column-10\">10010000 - Recursos Ordin\u00e1rios<\/td><td class=\"column-11\">17100<\/td><td class=\"column-12\">30.436.906\/0001-14<\/td><td class=\"column-13\">084 COMUNICA\u00c7\u00c3O E MARKETING EIRELI<\/td><td class=\"column-14\">RAFAEL ANDERSON DE ARA\u00daJO SILVA<\/td><td class=\"column-15\"><\/td><td class=\"column-16\"><\/td><td class=\"column-17\"><\/td><td class=\"column-18\"><\/td><td class=\"column-19\">0<\/td><td class=\"column-20\"><\/td><td class=\"column-21\">5700<\/td><td class=\"column-22\">05\/05\/2021<\/td><td class=\"column-23\">11\/05\/2021<\/td><td class=\"column-24\">5700<\/td>\n<\/tr>\n<tr class=\"row-389\">\n\t<td class=\"column-1\">24\/2021\t<\/td><td class=\"column-2\">04\/03\/2021<\/td><td class=\"column-3\">05\/03\/2021<\/td><td class=\"column-4\">04\/03\/2021 - 03\/06\/2021<\/td><td class=\"column-5\">29\/2021\t<\/td><td class=\"column-6\">Dispensa<\/td><td class=\"column-7\">Menor Pre\u00e7o Por Item<\/td><td class=\"column-8\"><\/td><td class=\"column-9\">CONTRATA\u00c7\u00c3O DE EMPRESA ESPECIALIZADA EM PRESTA\u00c7\u00c3O DE SERVI\u00c7O DE ASSESSORIA DE COMUNICA\u00c7\u00c3O COM EQUIPAMENTOS, SERVI\u00c7OS DE M\u00cdDIAS DIGITAIS COM GEST\u00c3O DE CONTE\u00daDO E SERVI\u00c7OS DE MARKETING<\/td><td class=\"column-10\">10010000 - Recursos Ordin\u00e1rios<\/td><td class=\"column-11\">17100<\/td><td class=\"column-12\">30.436.906\/0001-14<\/td><td class=\"column-13\">084 COMUNICA\u00c7\u00c3O E MARKETING EIRELI<\/td><td class=\"column-14\">RAFAEL ANDERSON DE ARA\u00daJO SILVA<\/td><td class=\"column-15\"><\/td><td class=\"column-16\"><\/td><td class=\"column-17\"><\/td><td class=\"column-18\"><\/td><td class=\"column-19\">0<\/td><td class=\"column-20\"><\/td><td class=\"column-21\">5700<\/td><td class=\"column-22\">09\/04\/2021<\/td><td class=\"column-23\">12\/04\/2021<\/td><td class=\"column-24\">5700<\/td>\n<\/tr>\n<tr class=\"row-390\">\n\t<td class=\"column-1\">24\/2021\t<\/td><td class=\"column-2\">04\/03\/2021<\/td><td class=\"column-3\">05\/03\/2021<\/td><td class=\"column-4\">04\/03\/2021 - 03\/06\/2021<\/td><td class=\"column-5\">29\/2021\t<\/td><td class=\"column-6\">Dispensa<\/td><td class=\"column-7\">Menor Pre\u00e7o Por Item<\/td><td class=\"column-8\"><\/td><td class=\"column-9\">CONTRATA\u00c7\u00c3O DE EMPRESA ESPECIALIZADA EM PRESTA\u00c7\u00c3O DE SERVI\u00c7O DE ASSESSORIA DE COMUNICA\u00c7\u00c3O COM EQUIPAMENTOS, SERVI\u00c7OS DE M\u00cdDIAS DIGITAIS COM GEST\u00c3O DE CONTE\u00daDO E SERVI\u00c7OS DE MARKETING<\/td><td class=\"column-10\">10010000 - Recursos Ordin\u00e1rios<\/td><td class=\"column-11\">17100<\/td><td class=\"column-12\">30.436.906\/0001-14<\/td><td class=\"column-13\">084 COMUNICA\u00c7\u00c3O E MARKETING EIRELI<\/td><td class=\"column-14\">RAFAEL ANDERSON DE ARA\u00daJO SILVA<\/td><td class=\"column-15\"><\/td><td class=\"column-16\"><\/td><td class=\"column-17\"><\/td><td class=\"column-18\"><\/td><td class=\"column-19\">0<\/td><td class=\"column-20\"><\/td><td class=\"column-21\">5700<\/td><td class=\"column-22\">17\/06\/2021<\/td><td class=\"column-23\">18\/06\/2021<\/td><td class=\"column-24\">5700<\/td>\n<\/tr>\n<tr class=\"row-391\">\n\t<td class=\"column-1\">25\/2021\t<\/td><td class=\"column-2\">01\/03\/2021<\/td><td class=\"column-3\">09\/03\/2021<\/td><td class=\"column-4\">01\/03\/2021 - 31\/12\/2021<\/td><td class=\"column-5\">30\/2021\t<\/td><td class=\"column-6\">Dispensa<\/td><td class=\"column-7\">Menor Pre\u00e7o Global<\/td><td class=\"column-8\"><\/td><td class=\"column-9\">CONTRATA\u00c7\u00c3O DE EMPRESA ESPECIALIZADA NO FORNECIMENTO FRACIONADO DOS SERVI\u00c7OS FUNER\u00c1RIOS, COM FORNECIMENTO DE MATERIAL, SERVI\u00c7OS DE PREPARA\u00c7\u00c3O DO CORPO E TRANSLADOS, VISANDO ATENDER AS FAM\u00cdLIAS VULNERABILIZADAS, QUE NECESSITAM DE AUXILIO MORTABILIDADE.<\/td><td class=\"column-10\">13110000 - Transfer\u00eancia de Recursos do Fundo Nacional de Assist\u00eancia Social - FNAS<\/td><td class=\"column-11\">15798<\/td><td class=\"column-12\">09.042.907\/0001-98<\/td><td class=\"column-13\">M DE F O PEREIRA<\/td><td class=\"column-14\">RAFAEL ANDERSON DE ARA\u00daJO SILVA<\/td><td class=\"column-15\"><\/td><td class=\"column-16\"><\/td><td class=\"column-17\"><\/td><td class=\"column-18\"><\/td><td class=\"column-19\">0<\/td><td class=\"column-20\"><\/td><td class=\"column-21\"><\/td><td class=\"column-22\"><\/td><td class=\"column-23\"><\/td><td class=\"column-24\"><\/td>\n<\/tr>\n<tr class=\"row-392\">\n\t<td class=\"column-1\">25\/2021\t<\/td><td class=\"column-2\">01\/03\/2021<\/td><td class=\"column-3\">09\/03\/2021<\/td><td class=\"column-4\">01\/03\/2021 - 31\/12\/2021<\/td><td class=\"column-5\">30\/2021\t<\/td><td class=\"column-6\">Dispensa<\/td><td class=\"column-7\">Menor Pre\u00e7o Global<\/td><td class=\"column-8\"><\/td><td class=\"column-9\">CONTRATA\u00c7\u00c3O DE EMPRESA ESPECIALIZADA NO FORNECIMENTO FRACIONADO DOS SERVI\u00c7OS FUNER\u00c1RIOS, COM FORNECIMENTO DE MATERIAL, SERVI\u00c7OS DE PREPARA\u00c7\u00c3O DO CORPO E TRANSLADOS, VISANDO ATENDER AS FAM\u00cdLIAS VULNERABILIZADAS, QUE NECESSITAM DE AUXILIO MORTABILIDADE.<\/td><td class=\"column-10\">13110000 - Transfer\u00eancia de Recursos do Fundo Nacional de Assist\u00eancia Social - FNAS<\/td><td class=\"column-11\">15798<\/td><td class=\"column-12\">09.042.907\/0001-98<\/td><td class=\"column-13\">M DE F O PEREIRA<\/td><td class=\"column-14\">RAFAEL ANDERSON DE ARA\u00daJO SILVA<\/td><td class=\"column-15\"><\/td><td class=\"column-16\"><\/td><td class=\"column-17\"><\/td><td class=\"column-18\"><\/td><td class=\"column-19\">0<\/td><td class=\"column-20\"><\/td><td class=\"column-21\">130<\/td><td class=\"column-22\">01\/06\/2021<\/td><td class=\"column-23\"><\/td><td class=\"column-24\"><\/td>\n<\/tr>\n<tr class=\"row-393\">\n\t<td class=\"column-1\">25\/2021\t<\/td><td class=\"column-2\">01\/03\/2021<\/td><td class=\"column-3\">09\/03\/2021<\/td><td class=\"column-4\">01\/03\/2021 - 31\/12\/2021<\/td><td class=\"column-5\">30\/2021\t<\/td><td class=\"column-6\">Dispensa<\/td><td class=\"column-7\">Menor Pre\u00e7o Global<\/td><td class=\"column-8\"><\/td><td class=\"column-9\">CONTRATA\u00c7\u00c3O DE EMPRESA ESPECIALIZADA NO FORNECIMENTO FRACIONADO DOS SERVI\u00c7OS FUNER\u00c1RIOS, COM FORNECIMENTO DE MATERIAL, SERVI\u00c7OS DE PREPARA\u00c7\u00c3O DO CORPO E TRANSLADOS, VISANDO ATENDER AS FAM\u00cdLIAS VULNERABILIZADAS, QUE NECESSITAM DE AUXILIO MORTABILIDADE.<\/td><td class=\"column-10\">13110000 - Transfer\u00eancia de Recursos do Fundo Nacional de Assist\u00eancia Social - FNAS<\/td><td class=\"column-11\">15798<\/td><td class=\"column-12\">09.042.907\/0001-98<\/td><td class=\"column-13\">M DE F O PEREIRA<\/td><td class=\"column-14\">RAFAEL ANDERSON DE ARA\u00daJO SILVA<\/td><td class=\"column-15\"><\/td><td class=\"column-16\"><\/td><td class=\"column-17\"><\/td><td class=\"column-18\"><\/td><td class=\"column-19\">0<\/td><td class=\"column-20\"><\/td><td class=\"column-21\">188<\/td><td class=\"column-22\">01\/06\/2021<\/td><td class=\"column-23\">10\/08\/2021<\/td><td class=\"column-24\">188<\/td>\n<\/tr>\n<tr class=\"row-394\">\n\t<td class=\"column-1\">25\/2021\t<\/td><td class=\"column-2\">01\/03\/2021<\/td><td class=\"column-3\">09\/03\/2021<\/td><td class=\"column-4\">01\/03\/2021 - 31\/12\/2021<\/td><td class=\"column-5\">30\/2021\t<\/td><td class=\"column-6\">Dispensa<\/td><td class=\"column-7\">Menor Pre\u00e7o Global<\/td><td class=\"column-8\"><\/td><td class=\"column-9\">CONTRATA\u00c7\u00c3O DE EMPRESA ESPECIALIZADA NO FORNECIMENTO FRACIONADO DOS SERVI\u00c7OS FUNER\u00c1RIOS, COM FORNECIMENTO DE MATERIAL, SERVI\u00c7OS DE PREPARA\u00c7\u00c3O DO CORPO E TRANSLADOS, VISANDO ATENDER AS FAM\u00cdLIAS VULNERABILIZADAS, QUE NECESSITAM DE AUXILIO MORTABILIDADE.<\/td><td class=\"column-10\">13110000 - Transfer\u00eancia de Recursos do Fundo Nacional de Assist\u00eancia Social - FNAS<\/td><td class=\"column-11\">15798<\/td><td class=\"column-12\">09.042.907\/0001-98<\/td><td class=\"column-13\">M DE F O PEREIRA<\/td><td class=\"column-14\">RAFAEL ANDERSON DE ARA\u00daJO SILVA<\/td><td class=\"column-15\"><\/td><td class=\"column-16\"><\/td><td class=\"column-17\"><\/td><td class=\"column-18\"><\/td><td class=\"column-19\">0<\/td><td class=\"column-20\"><\/td><td class=\"column-21\">767<\/td><td class=\"column-22\">01\/06\/2021<\/td><td class=\"column-23\"><\/td><td class=\"column-24\"><\/td>\n<\/tr>\n<tr class=\"row-395\">\n\t<td class=\"column-1\">25\/2021\t<\/td><td class=\"column-2\">01\/03\/2021<\/td><td class=\"column-3\">09\/03\/2021<\/td><td class=\"column-4\">01\/03\/2021 - 31\/12\/2021<\/td><td class=\"column-5\">30\/2021\t<\/td><td class=\"column-6\">Dispensa<\/td><td class=\"column-7\">Menor Pre\u00e7o Global<\/td><td class=\"column-8\"><\/td><td class=\"column-9\">CONTRATA\u00c7\u00c3O DE EMPRESA ESPECIALIZADA NO FORNECIMENTO FRACIONADO DOS SERVI\u00c7OS FUNER\u00c1RIOS, COM FORNECIMENTO DE MATERIAL, SERVI\u00c7OS DE PREPARA\u00c7\u00c3O DO CORPO E TRANSLADOS, VISANDO ATENDER AS FAM\u00cdLIAS VULNERABILIZADAS, QUE NECESSITAM DE AUXILIO MORTABILIDADE.<\/td><td class=\"column-10\">13110000 - Transfer\u00eancia de Recursos do Fundo Nacional de Assist\u00eancia Social - FNAS<\/td><td class=\"column-11\">15798<\/td><td class=\"column-12\">09.042.907\/0001-98<\/td><td class=\"column-13\">M DE F O PEREIRA<\/td><td class=\"column-14\">RAFAEL ANDERSON DE ARA\u00daJO SILVA<\/td><td class=\"column-15\"><\/td><td class=\"column-16\"><\/td><td class=\"column-17\"><\/td><td class=\"column-18\"><\/td><td class=\"column-19\">0<\/td><td class=\"column-20\"><\/td><td class=\"column-21\">1698<\/td><td class=\"column-22\">02\/09\/2021<\/td><td class=\"column-23\">21\/09\/2021<\/td><td class=\"column-24\">1698<\/td>\n<\/tr>\n<tr class=\"row-396\">\n\t<td class=\"column-1\">25\/2021\t<\/td><td class=\"column-2\">01\/03\/2021<\/td><td class=\"column-3\">09\/03\/2021<\/td><td class=\"column-4\">01\/03\/2021 - 31\/12\/2021<\/td><td class=\"column-5\">30\/2021\t<\/td><td class=\"column-6\">Dispensa<\/td><td class=\"column-7\">Menor Pre\u00e7o Global<\/td><td class=\"column-8\"><\/td><td class=\"column-9\">CONTRATA\u00c7\u00c3O DE EMPRESA ESPECIALIZADA NO FORNECIMENTO FRACIONADO DOS SERVI\u00c7OS FUNER\u00c1RIOS, COM FORNECIMENTO DE MATERIAL, SERVI\u00c7OS DE PREPARA\u00c7\u00c3O DO CORPO E TRANSLADOS, VISANDO ATENDER AS FAM\u00cdLIAS VULNERABILIZADAS, QUE NECESSITAM DE AUXILIO MORTABILIDADE.<\/td><td class=\"column-10\">13110000 - Transfer\u00eancia de Recursos do Fundo Nacional de Assist\u00eancia Social - FNAS<\/td><td class=\"column-11\">15798<\/td><td class=\"column-12\">09.042.907\/0001-98<\/td><td class=\"column-13\">M DE F O PEREIRA<\/td><td class=\"column-14\">RAFAEL ANDERSON DE ARA\u00daJO SILVA<\/td><td class=\"column-15\"><\/td><td class=\"column-16\"><\/td><td class=\"column-17\"><\/td><td class=\"column-18\"><\/td><td class=\"column-19\">0<\/td><td class=\"column-20\"><\/td><td class=\"column-21\">2814<\/td><td class=\"column-22\">02\/09\/2021<\/td><td class=\"column-23\">21\/09\/2021<\/td><td class=\"column-24\">2814<\/td>\n<\/tr>\n<tr class=\"row-397\">\n\t<td class=\"column-1\">25\/2021\t<\/td><td class=\"column-2\">01\/03\/2021<\/td><td class=\"column-3\">09\/03\/2021<\/td><td class=\"column-4\">01\/03\/2021 - 31\/12\/2021<\/td><td class=\"column-5\">30\/2021\t<\/td><td class=\"column-6\">Dispensa<\/td><td class=\"column-7\">Menor Pre\u00e7o Global<\/td><td class=\"column-8\"><\/td><td class=\"column-9\">CONTRATA\u00c7\u00c3O DE EMPRESA ESPECIALIZADA NO FORNECIMENTO FRACIONADO DOS SERVI\u00c7OS FUNER\u00c1RIOS, COM FORNECIMENTO DE MATERIAL, SERVI\u00c7OS DE PREPARA\u00c7\u00c3O DO CORPO E TRANSLADOS, VISANDO ATENDER AS FAM\u00cdLIAS VULNERABILIZADAS, QUE NECESSITAM DE AUXILIO MORTABILIDADE.<\/td><td class=\"column-10\">13110000 - Transfer\u00eancia de Recursos do Fundo Nacional de Assist\u00eancia Social - FNAS<\/td><td class=\"column-11\">15798<\/td><td class=\"column-12\">09.042.907\/0001-98<\/td><td class=\"column-13\">M DE F O PEREIRA<\/td><td class=\"column-14\">RAFAEL ANDERSON DE ARA\u00daJO SILVA<\/td><td class=\"column-15\"><\/td><td class=\"column-16\"><\/td><td class=\"column-17\"><\/td><td class=\"column-18\"><\/td><td class=\"column-19\">0<\/td><td class=\"column-20\"><\/td><td class=\"column-21\">200<\/td><td class=\"column-22\">14\/04\/2021<\/td><td class=\"column-23\">14\/04\/2021<\/td><td class=\"column-24\">190<\/td>\n<\/tr>\n<tr class=\"row-398\">\n\t<td class=\"column-1\">25\/2021\t<\/td><td class=\"column-2\">01\/03\/2021<\/td><td class=\"column-3\">09\/03\/2021<\/td><td class=\"column-4\">01\/03\/2021 - 31\/12\/2021<\/td><td class=\"column-5\">30\/2021\t<\/td><td class=\"column-6\">Dispensa<\/td><td class=\"column-7\">Menor Pre\u00e7o Global<\/td><td class=\"column-8\"><\/td><td class=\"column-9\">CONTRATA\u00c7\u00c3O DE EMPRESA ESPECIALIZADA NO FORNECIMENTO FRACIONADO DOS SERVI\u00c7OS FUNER\u00c1RIOS, COM FORNECIMENTO DE MATERIAL, SERVI\u00c7OS DE PREPARA\u00c7\u00c3O DO CORPO E TRANSLADOS, VISANDO ATENDER AS FAM\u00cdLIAS VULNERABILIZADAS, QUE NECESSITAM DE AUXILIO MORTABILIDADE.<\/td><td class=\"column-10\">13110000 - Transfer\u00eancia de Recursos do Fundo Nacional de Assist\u00eancia Social - FNAS<\/td><td class=\"column-11\">15798<\/td><td class=\"column-12\">09.042.907\/0001-98<\/td><td class=\"column-13\">M DE F O PEREIRA<\/td><td class=\"column-14\">RAFAEL ANDERSON DE ARA\u00daJO SILVA<\/td><td class=\"column-15\"><\/td><td class=\"column-16\"><\/td><td class=\"column-17\"><\/td><td class=\"column-18\"><\/td><td class=\"column-19\">0<\/td><td class=\"column-20\"><\/td><td class=\"column-21\">652<\/td><td class=\"column-22\">14\/04\/2021<\/td><td class=\"column-23\">14\/04\/2021<\/td><td class=\"column-24\">619.4<\/td>\n<\/tr>\n<tr class=\"row-399\">\n\t<td class=\"column-1\">25\/2021\t<\/td><td class=\"column-2\">01\/03\/2021<\/td><td class=\"column-3\">09\/03\/2021<\/td><td class=\"column-4\">01\/03\/2021 - 31\/12\/2021<\/td><td class=\"column-5\">30\/2021\t<\/td><td class=\"column-6\">Dispensa<\/td><td class=\"column-7\">Menor Pre\u00e7o Global<\/td><td class=\"column-8\"><\/td><td class=\"column-9\">CONTRATA\u00c7\u00c3O DE EMPRESA ESPECIALIZADA NO FORNECIMENTO FRACIONADO DOS SERVI\u00c7OS FUNER\u00c1RIOS, COM FORNECIMENTO DE MATERIAL, SERVI\u00c7OS DE PREPARA\u00c7\u00c3O DO CORPO E TRANSLADOS, VISANDO ATENDER AS FAM\u00cdLIAS VULNERABILIZADAS, QUE NECESSITAM DE AUXILIO MORTABILIDADE.<\/td><td class=\"column-10\">13110000 - Transfer\u00eancia de Recursos do Fundo Nacional de Assist\u00eancia Social - FNAS<\/td><td class=\"column-11\">15798<\/td><td class=\"column-12\">09.042.907\/0001-98<\/td><td class=\"column-13\">M DE F O PEREIRA<\/td><td class=\"column-14\">RAFAEL ANDERSON DE ARA\u00daJO SILVA<\/td><td class=\"column-15\"><\/td><td class=\"column-16\"><\/td><td class=\"column-17\"><\/td><td class=\"column-18\"><\/td><td class=\"column-19\">0<\/td><td class=\"column-20\"><\/td><td class=\"column-21\">1510<\/td><td class=\"column-22\">14\/04\/2021<\/td><td class=\"column-23\">14\/04\/2021<\/td><td class=\"column-24\">1510<\/td>\n<\/tr>\n<tr class=\"row-400\">\n\t<td class=\"column-1\">25\/2021\t<\/td><td class=\"column-2\">01\/03\/2021<\/td><td class=\"column-3\">09\/03\/2021<\/td><td class=\"column-4\">01\/03\/2021 - 31\/12\/2021<\/td><td class=\"column-5\">30\/2021\t<\/td><td class=\"column-6\">Dispensa<\/td><td class=\"column-7\">Menor Pre\u00e7o Global<\/td><td class=\"column-8\"><\/td><td class=\"column-9\">CONTRATA\u00c7\u00c3O DE EMPRESA ESPECIALIZADA NO FORNECIMENTO FRACIONADO DOS SERVI\u00c7OS FUNER\u00c1RIOS, COM FORNECIMENTO DE MATERIAL, SERVI\u00c7OS DE PREPARA\u00c7\u00c3O DO CORPO E TRANSLADOS, VISANDO ATENDER AS FAM\u00cdLIAS VULNERABILIZADAS, QUE NECESSITAM DE AUXILIO MORTABILIDADE.<\/td><td class=\"column-10\">13110000 - Transfer\u00eancia de Recursos do Fundo Nacional de Assist\u00eancia Social - FNAS<\/td><td class=\"column-11\">15798<\/td><td class=\"column-12\">09.042.907\/0001-98<\/td><td class=\"column-13\">M DE F O PEREIRA<\/td><td class=\"column-14\">RAFAEL ANDERSON DE ARA\u00daJO SILVA<\/td><td class=\"column-15\"><\/td><td class=\"column-16\"><\/td><td class=\"column-17\"><\/td><td class=\"column-18\"><\/td><td class=\"column-19\">0<\/td><td class=\"column-20\"><\/td><td class=\"column-21\">1430<\/td><td class=\"column-22\">16\/06\/2021<\/td><td class=\"column-23\"><\/td><td class=\"column-24\"><\/td>\n<\/tr>\n<tr class=\"row-401\">\n\t<td class=\"column-1\">25\/2021\t<\/td><td class=\"column-2\">01\/03\/2021<\/td><td class=\"column-3\">09\/03\/2021<\/td><td class=\"column-4\">01\/03\/2021 - 31\/12\/2021<\/td><td class=\"column-5\">30\/2021\t<\/td><td class=\"column-6\">Dispensa<\/td><td class=\"column-7\">Menor Pre\u00e7o Global<\/td><td class=\"column-8\"><\/td><td class=\"column-9\">CONTRATA\u00c7\u00c3O DE EMPRESA ESPECIALIZADA NO FORNECIMENTO FRACIONADO DOS SERVI\u00c7OS FUNER\u00c1RIOS, COM FORNECIMENTO DE MATERIAL, SERVI\u00c7OS DE PREPARA\u00c7\u00c3O DO CORPO E TRANSLADOS, VISANDO ATENDER AS FAM\u00cdLIAS VULNERABILIZADAS, QUE NECESSITAM DE AUXILIO MORTABILIDADE.<\/td><td class=\"column-10\">13110000 - Transfer\u00eancia de Recursos do Fundo Nacional de Assist\u00eancia Social - FNAS<\/td><td class=\"column-11\">15798<\/td><td class=\"column-12\">09.042.907\/0001-98<\/td><td class=\"column-13\">M DE F O PEREIRA<\/td><td class=\"column-14\">RAFAEL ANDERSON DE ARA\u00daJO SILVA<\/td><td class=\"column-15\"><\/td><td class=\"column-16\"><\/td><td class=\"column-17\"><\/td><td class=\"column-18\"><\/td><td class=\"column-19\">0<\/td><td class=\"column-20\"><\/td><td class=\"column-21\">1510<\/td><td class=\"column-22\">16\/06\/2021<\/td><td class=\"column-23\">10\/08\/2021<\/td><td class=\"column-24\">1510<\/td>\n<\/tr>\n<tr class=\"row-402\">\n\t<td class=\"column-1\">26\/2021\t<\/td><td class=\"column-2\">08\/03\/2021<\/td><td class=\"column-3\">09\/03\/2021<\/td><td class=\"column-4\">08\/03\/2021 - 07\/06\/2021<\/td><td class=\"column-5\">31\/2021\t<\/td><td class=\"column-6\">Dispensa<\/td><td class=\"column-7\">Menor Pre\u00e7o Por Item<\/td><td class=\"column-8\"><\/td><td class=\"column-9\">CONTRATA\u00c7\u00c3O DE PESSOA JUR\u00cdDICA PARA AQUISI\u00c7\u00c3O DE G\u00caNEROS ALIMENT\u00cdCIOS, EM CAR\u00c1TER DE EMERG\u00caNCIAL E NAS QUANTIDADES E CONDI\u00c7\u00d5ES INDICADAS NAS ESPECIFICA\u00c7\u00d5ES T\u00c9CNICAS<\/td><td class=\"column-10\">11220000 - Transfer\u00eancias de Recursos do FNDE Referentes ao Programa Nacional de Alimenta\u00e7\u00e3o Escolar (PNAE)<\/td><td class=\"column-11\">57330<\/td><td class=\"column-12\">39.664.772\/0001-63<\/td><td class=\"column-13\">DISTRIBUIDORA DE GR\u00c3OS E CEREAIS SANTA MARIA <\/td><td class=\"column-14\">RAFAEL ANDERSON DE ARA\u00daJO SILVA<\/td><td class=\"column-15\"><\/td><td class=\"column-16\"><\/td><td class=\"column-17\"><\/td><td class=\"column-18\"><\/td><td class=\"column-19\">0<\/td><td class=\"column-20\"><\/td><td class=\"column-21\"><\/td><td class=\"column-22\"><\/td><td class=\"column-23\"><\/td><td class=\"column-24\"><\/td>\n<\/tr>\n<tr class=\"row-403\">\n\t<td class=\"column-1\">26\/2021\t<\/td><td class=\"column-2\">08\/03\/2021<\/td><td class=\"column-3\">09\/03\/2021<\/td><td class=\"column-4\">08\/03\/2021 - 07\/06\/2021<\/td><td class=\"column-5\">31\/2021\t<\/td><td class=\"column-6\">Dispensa<\/td><td class=\"column-7\">Menor Pre\u00e7o Por Item<\/td><td class=\"column-8\"><\/td><td class=\"column-9\">CONTRATA\u00c7\u00c3O DE PESSOA JUR\u00cdDICA PARA AQUISI\u00c7\u00c3O DE G\u00caNEROS ALIMENT\u00cdCIOS, EM CAR\u00c1TER DE EMERG\u00caNCIAL E NAS QUANTIDADES E CONDI\u00c7\u00d5ES INDICADAS NAS ESPECIFICA\u00c7\u00d5ES T\u00c9CNICAS<\/td><td class=\"column-10\">11220000 - Transfer\u00eancias de Recursos do FNDE Referentes ao Programa Nacional de Alimenta\u00e7\u00e3o Escolar (PNAE)<\/td><td class=\"column-11\">57330<\/td><td class=\"column-12\">39.664.772\/0001-63<\/td><td class=\"column-13\">DISTRIBUIDORA DE GR\u00c3OS E CEREAIS SANTA MARIA <\/td><td class=\"column-14\">RAFAEL ANDERSON DE ARA\u00daJO SILVA<\/td><td class=\"column-15\"><\/td><td class=\"column-16\"><\/td><td class=\"column-17\"><\/td><td class=\"column-18\"><\/td><td class=\"column-19\">0<\/td><td class=\"column-20\"><\/td><td class=\"column-21\">11466<\/td><td class=\"column-22\">01\/04\/2021<\/td><td class=\"column-23\">01\/04\/2021<\/td><td class=\"column-24\">11466<\/td>\n<\/tr>\n<tr class=\"row-404\">\n\t<td class=\"column-1\">26\/2021\t<\/td><td class=\"column-2\">08\/03\/2021<\/td><td class=\"column-3\">09\/03\/2021<\/td><td class=\"column-4\">08\/03\/2021 - 07\/06\/2021<\/td><td class=\"column-5\">31\/2021\t<\/td><td class=\"column-6\">Dispensa<\/td><td class=\"column-7\">Menor Pre\u00e7o Por Item<\/td><td class=\"column-8\"><\/td><td class=\"column-9\">CONTRATA\u00c7\u00c3O DE PESSOA JUR\u00cdDICA PARA AQUISI\u00c7\u00c3O DE G\u00caNEROS ALIMENT\u00cdCIOS, EM CAR\u00c1TER DE EMERG\u00caNCIAL E NAS QUANTIDADES E CONDI\u00c7\u00d5ES INDICADAS NAS ESPECIFICA\u00c7\u00d5ES T\u00c9CNICAS<\/td><td class=\"column-10\">11220000 - Transfer\u00eancias de Recursos do FNDE Referentes ao Programa Nacional de Alimenta\u00e7\u00e3o Escolar (PNAE)<\/td><td class=\"column-11\">57330<\/td><td class=\"column-12\">39.664.772\/0001-63<\/td><td class=\"column-13\">DISTRIBUIDORA DE GR\u00c3OS E CEREAIS SANTA MARIA <\/td><td class=\"column-14\">RAFAEL ANDERSON DE ARA\u00daJO SILVA<\/td><td class=\"column-15\"><\/td><td class=\"column-16\"><\/td><td class=\"column-17\"><\/td><td class=\"column-18\"><\/td><td class=\"column-19\">0<\/td><td class=\"column-20\"><\/td><td class=\"column-21\">45864<\/td><td class=\"column-22\">01\/04\/2021<\/td><td class=\"column-23\">01\/04\/2021<\/td><td class=\"column-24\">45864<\/td>\n<\/tr>\n<tr class=\"row-405\">\n\t<td class=\"column-1\">27\/2021\t<\/td><td class=\"column-2\">09\/03\/2021<\/td><td class=\"column-3\">10\/03\/2021<\/td><td class=\"column-4\">09\/03\/2021 - 08\/06\/2021<\/td><td class=\"column-5\">32\/2021\t<\/td><td class=\"column-6\">Dispensa<\/td><td class=\"column-7\">Menor Pre\u00e7o Por Item<\/td><td class=\"column-8\"><\/td><td class=\"column-9\">CONTRATA\u00c7\u00c3O EMERGENCIAL DE EMPRESA ESPECIALIZADA NA PRESTA\u00c7\u00c3O DOS SERVI\u00c7OS DE LOCA\u00c7\u00c3O DE VE\u00cdCULOS, TIPO AMBUL\u00c2NCIA 4X4 UTI M\u00d3VEL COMPLETA, PARA TRANSPORTE INTERURBANO DE PACIENTES USU\u00c1RIOS DO SUS, CONSIDERANDO AS ESTRADAS VICINAIS DA ZONA RURAL DESTE MUNIC\u00cdPIO.<\/td><td class=\"column-10\">12140000 - Transf. Fundo a Fundo de Rec. do SUS provenientes do Governo Federal - Bloco de Manut. das A\u00e7\u00f5es e Servi\u00e7os P\u00fablicos de Sa\u00fade<\/td><td class=\"column-11\">60000<\/td><td class=\"column-12\">18.231.387\/0001-52<\/td><td class=\"column-13\">VIA OESTE LOCA\u00c7\u00c3O E TERCEIRIZA\u00c7\u00c3O DE FROTAS<\/td><td class=\"column-14\">RAFAEL ANDERSON DE ARA\u00daJO SILVA<\/td><td class=\"column-15\"><\/td><td class=\"column-16\"><\/td><td class=\"column-17\"><\/td><td class=\"column-18\"><\/td><td class=\"column-19\">0<\/td><td class=\"column-20\"><\/td><td class=\"column-21\"><\/td><td class=\"column-22\"><\/td><td class=\"column-23\"><\/td><td class=\"column-24\"><\/td>\n<\/tr>\n<tr class=\"row-406\">\n\t<td class=\"column-1\">27\/2021\t<\/td><td class=\"column-2\">09\/03\/2021<\/td><td class=\"column-3\">10\/03\/2021<\/td><td class=\"column-4\">09\/03\/2021 - 08\/06\/2021<\/td><td class=\"column-5\">32\/2021\t<\/td><td class=\"column-6\">Dispensa<\/td><td class=\"column-7\">Menor Pre\u00e7o Por Item<\/td><td class=\"column-8\"><\/td><td class=\"column-9\">CONTRATA\u00c7\u00c3O EMERGENCIAL DE EMPRESA ESPECIALIZADA NA PRESTA\u00c7\u00c3O DOS SERVI\u00c7OS DE LOCA\u00c7\u00c3O DE VE\u00cdCULOS, TIPO AMBUL\u00c2NCIA 4X4 UTI M\u00d3VEL COMPLETA, PARA TRANSPORTE INTERURBANO DE PACIENTES USU\u00c1RIOS DO SUS, CONSIDERANDO AS ESTRADAS VICINAIS DA ZONA RURAL DESTE MUNIC\u00cdPIO.<\/td><td class=\"column-10\">12140000 - Transf. Fundo a Fundo de Rec. do SUS provenientes do Governo Federal - Bloco de Manut. das A\u00e7\u00f5es e Servi\u00e7os P\u00fablicos de Sa\u00fade<\/td><td class=\"column-11\">60000<\/td><td class=\"column-12\">18.231.387\/0001-52<\/td><td class=\"column-13\">VIA OESTE LOCA\u00c7\u00c3O E TERCEIRIZA\u00c7\u00c3O DE FROTAS<\/td><td class=\"column-14\">RAFAEL ANDERSON DE ARA\u00daJO SILVA<\/td><td class=\"column-15\"><\/td><td class=\"column-16\"><\/td><td class=\"column-17\"><\/td><td class=\"column-18\"><\/td><td class=\"column-19\">0<\/td><td class=\"column-20\"><\/td><td class=\"column-21\">20000<\/td><td class=\"column-22\">04\/05\/2021<\/td><td class=\"column-23\">10\/05\/2021<\/td><td class=\"column-24\">20000<\/td>\n<\/tr>\n<tr class=\"row-407\">\n\t<td class=\"column-1\">27\/2021\t<\/td><td class=\"column-2\">09\/03\/2021<\/td><td class=\"column-3\">10\/03\/2021<\/td><td class=\"column-4\">09\/03\/2021 - 08\/06\/2021<\/td><td class=\"column-5\">32\/2021\t<\/td><td class=\"column-6\">Dispensa<\/td><td class=\"column-7\">Menor Pre\u00e7o Por Item<\/td><td class=\"column-8\"><\/td><td class=\"column-9\">CONTRATA\u00c7\u00c3O EMERGENCIAL DE EMPRESA ESPECIALIZADA NA PRESTA\u00c7\u00c3O DOS SERVI\u00c7OS DE LOCA\u00c7\u00c3O DE VE\u00cdCULOS, TIPO AMBUL\u00c2NCIA 4X4 UTI M\u00d3VEL COMPLETA, PARA TRANSPORTE INTERURBANO DE PACIENTES USU\u00c1RIOS DO SUS, CONSIDERANDO AS ESTRADAS VICINAIS DA ZONA RURAL DESTE MUNIC\u00cdPIO.<\/td><td class=\"column-10\">12140000 - Transf. Fundo a Fundo de Rec. do SUS provenientes do Governo Federal - Bloco de Manut. das A\u00e7\u00f5es e Servi\u00e7os P\u00fablicos de Sa\u00fade<\/td><td class=\"column-11\">60000<\/td><td class=\"column-12\">18.231.387\/0001-52<\/td><td class=\"column-13\">VIA OESTE LOCA\u00c7\u00c3O E TERCEIRIZA\u00c7\u00c3O DE FROTAS<\/td><td class=\"column-14\">RAFAEL ANDERSON DE ARA\u00daJO SILVA<\/td><td class=\"column-15\"><\/td><td class=\"column-16\"><\/td><td class=\"column-17\"><\/td><td class=\"column-18\"><\/td><td class=\"column-19\">0<\/td><td class=\"column-20\"><\/td><td class=\"column-21\">20000<\/td><td class=\"column-22\">07\/10\/2021<\/td><td class=\"column-23\">08\/10\/2021<\/td><td class=\"column-24\">20000<\/td>\n<\/tr>\n<tr class=\"row-408\">\n\t<td class=\"column-1\">27\/2021\t<\/td><td class=\"column-2\">09\/03\/2021<\/td><td class=\"column-3\">10\/03\/2021<\/td><td class=\"column-4\">09\/03\/2021 - 08\/06\/2021<\/td><td class=\"column-5\">32\/2021\t<\/td><td class=\"column-6\">Dispensa<\/td><td class=\"column-7\">Menor Pre\u00e7o Por Item<\/td><td class=\"column-8\"><\/td><td class=\"column-9\">CONTRATA\u00c7\u00c3O EMERGENCIAL DE EMPRESA ESPECIALIZADA NA PRESTA\u00c7\u00c3O DOS SERVI\u00c7OS DE LOCA\u00c7\u00c3O DE VE\u00cdCULOS, TIPO AMBUL\u00c2NCIA 4X4 UTI M\u00d3VEL COMPLETA, PARA TRANSPORTE INTERURBANO DE PACIENTES USU\u00c1RIOS DO SUS, CONSIDERANDO AS ESTRADAS VICINAIS DA ZONA RURAL DESTE MUNIC\u00cdPIO.<\/td><td class=\"column-10\">12140000 - Transf. Fundo a Fundo de Rec. do SUS provenientes do Governo Federal - Bloco de Manut. das A\u00e7\u00f5es e Servi\u00e7os P\u00fablicos de Sa\u00fade<\/td><td class=\"column-11\">60000<\/td><td class=\"column-12\">18.231.387\/0001-52<\/td><td class=\"column-13\">VIA OESTE LOCA\u00c7\u00c3O E TERCEIRIZA\u00c7\u00c3O DE FROTAS<\/td><td class=\"column-14\">RAFAEL ANDERSON DE ARA\u00daJO SILVA<\/td><td class=\"column-15\"><\/td><td class=\"column-16\"><\/td><td class=\"column-17\"><\/td><td class=\"column-18\"><\/td><td class=\"column-19\">0<\/td><td class=\"column-20\"><\/td><td class=\"column-21\">20000<\/td><td class=\"column-22\">08\/09\/2021<\/td><td class=\"column-23\">10\/09\/2021<\/td><td class=\"column-24\">20000<\/td>\n<\/tr>\n<tr class=\"row-409\">\n\t<td class=\"column-1\">27\/2021\t<\/td><td class=\"column-2\">09\/03\/2021<\/td><td class=\"column-3\">10\/03\/2021<\/td><td class=\"column-4\">09\/03\/2021 - 08\/06\/2021<\/td><td class=\"column-5\">32\/2021\t<\/td><td class=\"column-6\">Dispensa<\/td><td class=\"column-7\">Menor Pre\u00e7o Por Item<\/td><td class=\"column-8\"><\/td><td class=\"column-9\">CONTRATA\u00c7\u00c3O EMERGENCIAL DE EMPRESA ESPECIALIZADA NA PRESTA\u00c7\u00c3O DOS SERVI\u00c7OS DE LOCA\u00c7\u00c3O DE VE\u00cdCULOS, TIPO AMBUL\u00c2NCIA 4X4 UTI M\u00d3VEL COMPLETA, PARA TRANSPORTE INTERURBANO DE PACIENTES USU\u00c1RIOS DO SUS, CONSIDERANDO AS ESTRADAS VICINAIS DA ZONA RURAL DESTE MUNIC\u00cdPIO.<\/td><td class=\"column-10\">12140000 - Transf. Fundo a Fundo de Rec. do SUS provenientes do Governo Federal - Bloco de Manut. das A\u00e7\u00f5es e Servi\u00e7os P\u00fablicos de Sa\u00fade<\/td><td class=\"column-11\">60000<\/td><td class=\"column-12\">18.231.387\/0001-52<\/td><td class=\"column-13\">VIA OESTE LOCA\u00c7\u00c3O E TERCEIRIZA\u00c7\u00c3O DE FROTAS<\/td><td class=\"column-14\">RAFAEL ANDERSON DE ARA\u00daJO SILVA<\/td><td class=\"column-15\"><\/td><td class=\"column-16\"><\/td><td class=\"column-17\"><\/td><td class=\"column-18\"><\/td><td class=\"column-19\">0<\/td><td class=\"column-20\"><\/td><td class=\"column-21\">20000<\/td><td class=\"column-22\">10\/08\/2021<\/td><td class=\"column-23\">10\/08\/2021<\/td><td class=\"column-24\">20000<\/td>\n<\/tr>\n<tr class=\"row-410\">\n\t<td class=\"column-1\">27\/2021\t<\/td><td class=\"column-2\">09\/03\/2021<\/td><td class=\"column-3\">10\/03\/2021<\/td><td class=\"column-4\">09\/03\/2021 - 08\/06\/2021<\/td><td class=\"column-5\">32\/2021\t<\/td><td class=\"column-6\">Dispensa<\/td><td class=\"column-7\">Menor Pre\u00e7o Por Item<\/td><td class=\"column-8\"><\/td><td class=\"column-9\">CONTRATA\u00c7\u00c3O EMERGENCIAL DE EMPRESA ESPECIALIZADA NA PRESTA\u00c7\u00c3O DOS SERVI\u00c7OS DE LOCA\u00c7\u00c3O DE VE\u00cdCULOS, TIPO AMBUL\u00c2NCIA 4X4 UTI M\u00d3VEL COMPLETA, PARA TRANSPORTE INTERURBANO DE PACIENTES USU\u00c1RIOS DO SUS, CONSIDERANDO AS ESTRADAS VICINAIS DA ZONA RURAL DESTE MUNIC\u00cdPIO.<\/td><td class=\"column-10\">12140000 - Transf. Fundo a Fundo de Rec. do SUS provenientes do Governo Federal - Bloco de Manut. das A\u00e7\u00f5es e Servi\u00e7os P\u00fablicos de Sa\u00fade<\/td><td class=\"column-11\">60000<\/td><td class=\"column-12\">18.231.387\/0001-52<\/td><td class=\"column-13\">VIA OESTE LOCA\u00c7\u00c3O E TERCEIRIZA\u00c7\u00c3O DE FROTAS<\/td><td class=\"column-14\">RAFAEL ANDERSON DE ARA\u00daJO SILVA<\/td><td class=\"column-15\"><\/td><td class=\"column-16\"><\/td><td class=\"column-17\"><\/td><td class=\"column-18\"><\/td><td class=\"column-19\">0<\/td><td class=\"column-20\"><\/td><td class=\"column-21\">20000<\/td><td class=\"column-22\">15\/06\/2021<\/td><td class=\"column-23\">15\/06\/2021<\/td><td class=\"column-24\">20000<\/td>\n<\/tr>\n<tr class=\"row-411\">\n\t<td class=\"column-1\">27\/2021\t<\/td><td class=\"column-2\">09\/03\/2021<\/td><td class=\"column-3\">10\/03\/2021<\/td><td class=\"column-4\">09\/03\/2021 - 08\/06\/2021<\/td><td class=\"column-5\">32\/2021\t<\/td><td class=\"column-6\">Dispensa<\/td><td class=\"column-7\">Menor Pre\u00e7o Por Item<\/td><td class=\"column-8\"><\/td><td class=\"column-9\">CONTRATA\u00c7\u00c3O EMERGENCIAL DE EMPRESA ESPECIALIZADA NA PRESTA\u00c7\u00c3O DOS SERVI\u00c7OS DE LOCA\u00c7\u00c3O DE VE\u00cdCULOS, TIPO AMBUL\u00c2NCIA 4X4 UTI M\u00d3VEL COMPLETA, PARA TRANSPORTE INTERURBANO DE PACIENTES USU\u00c1RIOS DO SUS, CONSIDERANDO AS ESTRADAS VICINAIS DA ZONA RURAL DESTE MUNIC\u00cdPIO.<\/td><td class=\"column-10\">12140000 - Transf. Fundo a Fundo de Rec. do SUS provenientes do Governo Federal - Bloco de Manut. das A\u00e7\u00f5es e Servi\u00e7os P\u00fablicos de Sa\u00fade<\/td><td class=\"column-11\">60000<\/td><td class=\"column-12\">18.231.387\/0001-52<\/td><td class=\"column-13\">VIA OESTE LOCA\u00c7\u00c3O E TERCEIRIZA\u00c7\u00c3O DE FROTAS<\/td><td class=\"column-14\">RAFAEL ANDERSON DE ARA\u00daJO SILVA<\/td><td class=\"column-15\"><\/td><td class=\"column-16\"><\/td><td class=\"column-17\"><\/td><td class=\"column-18\"><\/td><td class=\"column-19\">0<\/td><td class=\"column-20\"><\/td><td class=\"column-21\">20000<\/td><td class=\"column-22\">15\/07\/2021<\/td><td class=\"column-23\">16\/07\/2021<\/td><td class=\"column-24\">20000<\/td>\n<\/tr>\n<tr class=\"row-412\">\n\t<td class=\"column-1\">27\/2021\t<\/td><td class=\"column-2\">07\/06\/2021<\/td><td class=\"column-3\"><\/td><td class=\"column-4\"><\/td><td class=\"column-5\">32\/2021\t<\/td><td class=\"column-6\">Dispensa<\/td><td class=\"column-7\">Menor Pre\u00e7o Por Item<\/td><td class=\"column-8\"><\/td><td class=\"column-9\"><\/td><td class=\"column-10\">12140000 - Transf. Fundo a Fundo de Rec. do SUS provenientes do Governo Federal - Bloco de Manut. das A\u00e7\u00f5es e Servi\u00e7os P\u00fablicos de Sa\u00fade<\/td><td class=\"column-11\">0<\/td><td class=\"column-12\">18.231.387\/0001-52<\/td><td class=\"column-13\">VIA OESTE LOCA\u00c7\u00c3O E TERCEIRIZA\u00c7\u00c3O DE FROTAS<\/td><td class=\"column-14\"><\/td><td class=\"column-15\">1<\/td><td class=\"column-16\">07\/06\/2021<\/td><td class=\"column-17\">08\/06\/2021<\/td><td class=\"column-18\">O presente aditivo \u00e9 de prorroga\u00e7\u00e3o de prazo de at\u00e9 90 (noventa) dias, visando \u00e0 continua\u00e7\u00e3o da PRESTA\u00c7\u00c3O DOS SERVI\u00c7OS DE LOCA\u00c7\u00c3O DE VE\u00cdCULO TIPO AMBUL\u00c2NCIA 4X4 UTI M\u00d3VEL COMPLETA, PARA ATENDER A POPULA\u00c7\u00c3O DESTE MUNIC\u00cdPIO NO TRANSLADO DE PACIENTES USU\u00c1RIOS DO SUS, CONSIDERANDO AS ESTRADAS VICINAIS DA ZONA RURAL<\/td><td class=\"column-19\">60000<\/td><td class=\"column-20\">3,00 m\u00eas(es)<\/td><td class=\"column-21\"><\/td><td class=\"column-22\"><\/td><td class=\"column-23\"><\/td><td class=\"column-24\"><\/td>\n<\/tr>\n<tr class=\"row-413\">\n\t<td class=\"column-1\">28\/2021\t<\/td><td class=\"column-2\">09\/03\/2021<\/td><td class=\"column-3\">10\/03\/2021<\/td><td class=\"column-4\">09\/03\/2021 - 08\/05\/2021<\/td><td class=\"column-5\">12\/2021\t<\/td><td class=\"column-6\">Dispensa<\/td><td class=\"column-7\">Menor Pre\u00e7o Por Item<\/td><td class=\"column-8\"><\/td><td class=\"column-9\">CONTRATA\u00c7\u00c3O DE EMPRESA ESPECIALIZADA NA PRESTA\u00c7\u00c3O DOS SERVI\u00c7OS DE LOCA\u00c7\u00c3O DE ESTRUTURA DO TIPO ESTANDES COM PONTOS DE ENERGIA DE ACORDO COM O TERMO DE REFER\u00caNCIA PARA CRIA\u00c7\u00c3O DO CENTRO DE TRIAGEM DO COVID-19 A SER INSTALADO NA SEDE DESTE MUNIC\u00cdPIO ATENDENDO AS NECESSIDADES DA POPULA\u00c7\u00c3O DESTE MUNIC\u00cdPIO.<\/td><td class=\"column-10\">12110000 - Receitas de Impostos e de Transfer\u00eancia de Impostos - Sa\u00fade<\/td><td class=\"column-11\">15900<\/td><td class=\"column-12\">32.588.672\/0001-56<\/td><td class=\"column-13\">ROSEMBERG ESTRELA DE ABRANTES EIRELI<\/td><td class=\"column-14\">RAFAEL ANDERSON DE ARA\u00daJO SILVA<\/td><td class=\"column-15\"><\/td><td class=\"column-16\"><\/td><td class=\"column-17\"><\/td><td class=\"column-18\"><\/td><td class=\"column-19\">0<\/td><td class=\"column-20\"><\/td><td class=\"column-21\"><\/td><td class=\"column-22\"><\/td><td class=\"column-23\"><\/td><td class=\"column-24\"><\/td>\n<\/tr>\n<tr class=\"row-414\">\n\t<td class=\"column-1\">28\/2021\t<\/td><td class=\"column-2\">09\/03\/2021<\/td><td class=\"column-3\">10\/03\/2021<\/td><td class=\"column-4\">09\/03\/2021 - 08\/05\/2021<\/td><td class=\"column-5\">12\/2021\t<\/td><td class=\"column-6\">Dispensa<\/td><td class=\"column-7\">Menor Pre\u00e7o Por Item<\/td><td class=\"column-8\"><\/td><td class=\"column-9\">CONTRATA\u00c7\u00c3O DE EMPRESA ESPECIALIZADA NA PRESTA\u00c7\u00c3O DOS SERVI\u00c7OS DE LOCA\u00c7\u00c3O DE ESTRUTURA DO TIPO ESTANDES COM PONTOS DE ENERGIA DE ACORDO COM O TERMO DE REFER\u00caNCIA PARA CRIA\u00c7\u00c3O DO CENTRO DE TRIAGEM DO COVID-19 A SER INSTALADO NA SEDE DESTE MUNIC\u00cdPIO ATENDENDO AS NECESSIDADES DA POPULA\u00c7\u00c3O DESTE MUNIC\u00cdPIO.<\/td><td class=\"column-10\">12110000 - Receitas de Impostos e de Transfer\u00eancia de Impostos - Sa\u00fade<\/td><td class=\"column-11\">15900<\/td><td class=\"column-12\">32.588.672\/0001-56<\/td><td class=\"column-13\">ROSEMBERG ESTRELA DE ABRANTES EIRELI<\/td><td class=\"column-14\">RAFAEL ANDERSON DE ARA\u00daJO SILVA<\/td><td class=\"column-15\"><\/td><td class=\"column-16\"><\/td><td class=\"column-17\"><\/td><td class=\"column-18\"><\/td><td class=\"column-19\">0<\/td><td class=\"column-20\"><\/td><td class=\"column-21\">7950<\/td><td class=\"column-22\">04\/05\/2021<\/td><td class=\"column-23\">10\/05\/2021<\/td><td class=\"column-24\">7950<\/td>\n<\/tr>\n<tr class=\"row-415\">\n\t<td class=\"column-1\">28\/2021\t<\/td><td class=\"column-2\">09\/03\/2021<\/td><td class=\"column-3\">10\/03\/2021<\/td><td class=\"column-4\">09\/03\/2021 - 08\/05\/2021<\/td><td class=\"column-5\">12\/2021\t<\/td><td class=\"column-6\">Dispensa<\/td><td class=\"column-7\">Menor Pre\u00e7o Por Item<\/td><td class=\"column-8\"><\/td><td class=\"column-9\">CONTRATA\u00c7\u00c3O DE EMPRESA ESPECIALIZADA NA PRESTA\u00c7\u00c3O DOS SERVI\u00c7OS DE LOCA\u00c7\u00c3O DE ESTRUTURA DO TIPO ESTANDES COM PONTOS DE ENERGIA DE ACORDO COM O TERMO DE REFER\u00caNCIA PARA CRIA\u00c7\u00c3O DO CENTRO DE TRIAGEM DO COVID-19 A SER INSTALADO NA SEDE DESTE MUNIC\u00cdPIO ATENDENDO AS NECESSIDADES DA POPULA\u00c7\u00c3O DESTE MUNIC\u00cdPIO.<\/td><td class=\"column-10\">12110000 - Receitas de Impostos e de Transfer\u00eancia de Impostos - Sa\u00fade<\/td><td class=\"column-11\">15900<\/td><td class=\"column-12\">32.588.672\/0001-56<\/td><td class=\"column-13\">ROSEMBERG ESTRELA DE ABRANTES EIRELI<\/td><td class=\"column-14\">RAFAEL ANDERSON DE ARA\u00daJO SILVA<\/td><td class=\"column-15\"><\/td><td class=\"column-16\"><\/td><td class=\"column-17\"><\/td><td class=\"column-18\"><\/td><td class=\"column-19\">0<\/td><td class=\"column-20\"><\/td><td class=\"column-21\">7950<\/td><td class=\"column-22\">12\/04\/2021<\/td><td class=\"column-23\">12\/04\/2021<\/td><td class=\"column-24\">7950<\/td>\n<\/tr>\n<tr class=\"row-416\">\n\t<td class=\"column-1\">29\/2021\t<\/td><td class=\"column-2\">01\/03\/2021<\/td><td class=\"column-3\">12\/03\/2021<\/td><td class=\"column-4\">01\/03\/2021 - 31\/05\/2021<\/td><td class=\"column-5\">35\/2021\t<\/td><td class=\"column-6\">Dispensa<\/td><td class=\"column-7\">Menor Pre\u00e7o Por Item<\/td><td class=\"column-8\"><\/td><td class=\"column-9\">CONCESS\u00c3O DE BENEF\u00cdCIO EVENTUAL DE AUX\u00cdLIO MORADIA NA FORMA DE ALUGUEL SOCIAL DESTINADO A ABRIGAR A FAM\u00cdLIA DA SENHORA MARIA DA PAZ BARBOSA DA ROCHA, PORTADORA DO CPF SOB N\u00ba 852.381.124-91 E RG N\u00ba 452761 \u2013 SSP\/RN QUE SE ENCONTRA EM VULNERABILIDADE SOCIAL DE ACORDO COM A LEI MUNICIPAL 849\/2019.<\/td><td class=\"column-10\"><\/td><td class=\"column-11\">600<\/td><td class=\"column-12\">512.380.554-00<\/td><td class=\"column-13\">IARA BILRO DA SILVA BARBOSA<\/td><td class=\"column-14\">RAFAEL ANDERSON DE ARA\u00daJO SILVA<\/td><td class=\"column-15\"><\/td><td class=\"column-16\"><\/td><td class=\"column-17\"><\/td><td class=\"column-18\"><\/td><td class=\"column-19\">0<\/td><td class=\"column-20\"><\/td><td class=\"column-21\"><\/td><td class=\"column-22\"><\/td><td class=\"column-23\"><\/td><td class=\"column-24\"><\/td>\n<\/tr>\n<tr class=\"row-417\">\n\t<td class=\"column-1\">30\/2021\t<\/td><td class=\"column-2\">11\/03\/2021<\/td><td class=\"column-3\">12\/03\/2021<\/td><td class=\"column-4\">11\/03\/2021 - 31\/12\/2021<\/td><td class=\"column-5\">6\/2020\t<\/td><td class=\"column-6\">Preg\u00e3o Presencial<\/td><td class=\"column-7\">Menor Pre\u00e7o<\/td><td class=\"column-8\">10\/2020<\/td><td class=\"column-9\">REGISTRO DE PRE\u00c7OS PARA FUTURA E EVENTUAL CONTRATA\u00c7\u00c3O DE EMPRESA PRIVADA PARA PRESTA\u00c7\u00c3O DOS SERVI\u00c7OS ESPECIALIZADOS NA \u00c1REA DA SA\u00daDE<\/td><td class=\"column-10\"><\/td><td class=\"column-11\">129210<\/td><td class=\"column-12\">22.110.681\/0001-83<\/td><td class=\"column-13\">C &amp; C SAUDE E SERVICOS LTDA<\/td><td class=\"column-14\">RAFAEL ANDERSON DE ARA\u00daJO SILVA<\/td><td class=\"column-15\"><\/td><td class=\"column-16\"><\/td><td class=\"column-17\"><\/td><td class=\"column-18\"><\/td><td class=\"column-19\">0<\/td><td class=\"column-20\"><\/td><td class=\"column-21\"><\/td><td class=\"column-22\"><\/td><td class=\"column-23\"><\/td><td class=\"column-24\"><\/td>\n<\/tr>\n<tr class=\"row-418\">\n\t<td class=\"column-1\">30\/2021\t<\/td><td class=\"column-2\">29\/10\/2021<\/td><td class=\"column-3\"><\/td><td class=\"column-4\"><\/td><td class=\"column-5\">6\/2020\t<\/td><td class=\"column-6\">Preg\u00e3o Presencial<\/td><td class=\"column-7\">Menor Pre\u00e7o<\/td><td class=\"column-8\"><\/td><td class=\"column-9\"><\/td><td class=\"column-10\"><\/td><td class=\"column-11\">0<\/td><td class=\"column-12\">22.110.681\/0001-83<\/td><td class=\"column-13\">C &amp; C SAUDE E SERVICOS LTDA<\/td><td class=\"column-14\"><\/td><td class=\"column-15\">1<\/td><td class=\"column-16\">29\/10\/2021<\/td><td class=\"column-17\">18\/11\/2021<\/td><td class=\"column-18\">O presente aditivo \u00e9 de 25% (vinte e cinco por cento) do valor do contrato, visando \u00e0 continua\u00e7\u00e3o do PARA PRESTA\u00c7\u00c3O DOS SERVI\u00c7OS ESPECIALIZADOS NA \u00c1REA DA SA\u00daDE<\/td><td class=\"column-19\">32270<\/td><td class=\"column-20\">2,00 m\u00eas(es)<\/td><td class=\"column-21\"><\/td><td class=\"column-22\"><\/td><td class=\"column-23\"><\/td><td class=\"column-24\"><\/td>\n<\/tr>\n<tr class=\"row-419\">\n\t<td class=\"column-1\">31\/2021\t<\/td><td class=\"column-2\">15\/03\/2021<\/td><td class=\"column-3\">16\/03\/2021<\/td><td class=\"column-4\">15\/03\/2021 - 14\/06\/2021<\/td><td class=\"column-5\">36\/2021\t<\/td><td class=\"column-6\">Dispensa<\/td><td class=\"column-7\">Menor Pre\u00e7o Por Item<\/td><td class=\"column-8\"><\/td><td class=\"column-9\">CONTRATA\u00c7\u00c3O DE EMPRESA EMERGENCIAL ESPECIALIZADA NA PRESTA\u00c7\u00c3O DOS SERVI\u00c7OS DE VARRI\u00c7\u00c3O DE RUAS E LOGRADOUROS P\u00daBLICOS, CAPINA MANUAL, RO\u00c7ADA E PINTURA DE MEIO FIO, VISANDO A MELHORIA DE QUALIDADE DE VIDA DOS MUN\u00cdCIPES CONFORME NECESSIDADE DO PODER EXECUTIVO MUNICIPAL.<\/td><td class=\"column-10\">10010000 - Recursos Ordin\u00e1rios<\/td><td class=\"column-11\">104913.84<\/td><td class=\"column-12\">37.833.161\/0001-76<\/td><td class=\"column-13\">AMPLA LOCA\u00c7\u00c3O DE AUTOMOVEIS E MAQUINAS <\/td><td class=\"column-14\">RAFAEL ANDERSON DE ARA\u00daJO SILVA<\/td><td class=\"column-15\"><\/td><td class=\"column-16\"><\/td><td class=\"column-17\"><\/td><td class=\"column-18\"><\/td><td class=\"column-19\">0<\/td><td class=\"column-20\"><\/td><td class=\"column-21\"><\/td><td class=\"column-22\"><\/td><td class=\"column-23\"><\/td><td class=\"column-24\"><\/td>\n<\/tr>\n<tr class=\"row-420\">\n\t<td class=\"column-1\">31\/2021\t<\/td><td class=\"column-2\">15\/03\/2021<\/td><td class=\"column-3\">16\/03\/2021<\/td><td class=\"column-4\">15\/03\/2021 - 14\/06\/2021<\/td><td class=\"column-5\">36\/2021\t<\/td><td class=\"column-6\">Dispensa<\/td><td class=\"column-7\">Menor Pre\u00e7o Por Item<\/td><td class=\"column-8\"><\/td><td class=\"column-9\">CONTRATA\u00c7\u00c3O DE EMPRESA EMERGENCIAL ESPECIALIZADA NA PRESTA\u00c7\u00c3O DOS SERVI\u00c7OS DE VARRI\u00c7\u00c3O DE RUAS E LOGRADOUROS P\u00daBLICOS, CAPINA MANUAL, RO\u00c7ADA E PINTURA DE MEIO FIO, VISANDO A MELHORIA DE QUALIDADE DE VIDA DOS MUN\u00cdCIPES CONFORME NECESSIDADE DO PODER EXECUTIVO MUNICIPAL.<\/td><td class=\"column-10\">10010000 - Recursos Ordin\u00e1rios<\/td><td class=\"column-11\">104913.84<\/td><td class=\"column-12\">37.833.161\/0001-76<\/td><td class=\"column-13\">AMPLA LOCA\u00c7\u00c3O DE AUTOMOVEIS E MAQUINAS <\/td><td class=\"column-14\">RAFAEL ANDERSON DE ARA\u00daJO SILVA<\/td><td class=\"column-15\"><\/td><td class=\"column-16\"><\/td><td class=\"column-17\"><\/td><td class=\"column-18\"><\/td><td class=\"column-19\">0<\/td><td class=\"column-20\"><\/td><td class=\"column-21\">34971.28<\/td><td class=\"column-22\">08\/06\/2021<\/td><td class=\"column-23\"><\/td><td class=\"column-24\"><\/td>\n<\/tr>\n<tr class=\"row-421\">\n\t<td class=\"column-1\">31\/2021\t<\/td><td class=\"column-2\">15\/03\/2021<\/td><td class=\"column-3\">16\/03\/2021<\/td><td class=\"column-4\">15\/03\/2021 - 14\/06\/2021<\/td><td class=\"column-5\">36\/2021\t<\/td><td class=\"column-6\">Dispensa<\/td><td class=\"column-7\">Menor Pre\u00e7o Por Item<\/td><td class=\"column-8\"><\/td><td class=\"column-9\">CONTRATA\u00c7\u00c3O DE EMPRESA EMERGENCIAL ESPECIALIZADA NA PRESTA\u00c7\u00c3O DOS SERVI\u00c7OS DE VARRI\u00c7\u00c3O DE RUAS E LOGRADOUROS P\u00daBLICOS, CAPINA MANUAL, RO\u00c7ADA E PINTURA DE MEIO FIO, VISANDO A MELHORIA DE QUALIDADE DE VIDA DOS MUN\u00cdCIPES CONFORME NECESSIDADE DO PODER EXECUTIVO MUNICIPAL.<\/td><td class=\"column-10\">10010000 - Recursos Ordin\u00e1rios<\/td><td class=\"column-11\">104913.84<\/td><td class=\"column-12\">37.833.161\/0001-76<\/td><td class=\"column-13\">AMPLA LOCA\u00c7\u00c3O DE AUTOMOVEIS E MAQUINAS <\/td><td class=\"column-14\">RAFAEL ANDERSON DE ARA\u00daJO SILVA<\/td><td class=\"column-15\"><\/td><td class=\"column-16\"><\/td><td class=\"column-17\"><\/td><td class=\"column-18\"><\/td><td class=\"column-19\">0<\/td><td class=\"column-20\"><\/td><td class=\"column-21\">34971.28<\/td><td class=\"column-22\">08\/06\/2021<\/td><td class=\"column-23\">11\/06\/2021<\/td><td class=\"column-24\">34971.28<\/td>\n<\/tr>\n<tr class=\"row-422\">\n\t<td class=\"column-1\">31\/2021\t<\/td><td class=\"column-2\">15\/03\/2021<\/td><td class=\"column-3\">16\/03\/2021<\/td><td class=\"column-4\">15\/03\/2021 - 14\/06\/2021<\/td><td class=\"column-5\">36\/2021\t<\/td><td class=\"column-6\">Dispensa<\/td><td class=\"column-7\">Menor Pre\u00e7o Por Item<\/td><td class=\"column-8\"><\/td><td class=\"column-9\">CONTRATA\u00c7\u00c3O DE EMPRESA EMERGENCIAL ESPECIALIZADA NA PRESTA\u00c7\u00c3O DOS SERVI\u00c7OS DE VARRI\u00c7\u00c3O DE RUAS E LOGRADOUROS P\u00daBLICOS, CAPINA MANUAL, RO\u00c7ADA E PINTURA DE MEIO FIO, VISANDO A MELHORIA DE QUALIDADE DE VIDA DOS MUN\u00cdCIPES CONFORME NECESSIDADE DO PODER EXECUTIVO MUNICIPAL.<\/td><td class=\"column-10\">10010000 - Recursos Ordin\u00e1rios<\/td><td class=\"column-11\">104913.84<\/td><td class=\"column-12\">37.833.161\/0001-76<\/td><td class=\"column-13\">AMPLA LOCA\u00c7\u00c3O DE AUTOMOVEIS E MAQUINAS <\/td><td class=\"column-14\">RAFAEL ANDERSON DE ARA\u00daJO SILVA<\/td><td class=\"column-15\"><\/td><td class=\"column-16\"><\/td><td class=\"column-17\"><\/td><td class=\"column-18\"><\/td><td class=\"column-19\">0<\/td><td class=\"column-20\"><\/td><td class=\"column-21\">34971.28<\/td><td class=\"column-22\">08\/07\/2021<\/td><td class=\"column-23\">09\/07\/2021<\/td><td class=\"column-24\">33222.72<\/td>\n<\/tr>\n<tr class=\"row-423\">\n\t<td class=\"column-1\">31\/2021\t<\/td><td class=\"column-2\">15\/03\/2021<\/td><td class=\"column-3\">16\/03\/2021<\/td><td class=\"column-4\">15\/03\/2021 - 14\/06\/2021<\/td><td class=\"column-5\">36\/2021\t<\/td><td class=\"column-6\">Dispensa<\/td><td class=\"column-7\">Menor Pre\u00e7o Por Item<\/td><td class=\"column-8\"><\/td><td class=\"column-9\">CONTRATA\u00c7\u00c3O DE EMPRESA EMERGENCIAL ESPECIALIZADA NA PRESTA\u00c7\u00c3O DOS SERVI\u00c7OS DE VARRI\u00c7\u00c3O DE RUAS E LOGRADOUROS P\u00daBLICOS, CAPINA MANUAL, RO\u00c7ADA E PINTURA DE MEIO FIO, VISANDO A MELHORIA DE QUALIDADE DE VIDA DOS MUN\u00cdCIPES CONFORME NECESSIDADE DO PODER EXECUTIVO MUNICIPAL.<\/td><td class=\"column-10\">10010000 - Recursos Ordin\u00e1rios<\/td><td class=\"column-11\">104913.84<\/td><td class=\"column-12\">37.833.161\/0001-76<\/td><td class=\"column-13\">AMPLA LOCA\u00c7\u00c3O DE AUTOMOVEIS E MAQUINAS <\/td><td class=\"column-14\">RAFAEL ANDERSON DE ARA\u00daJO SILVA<\/td><td class=\"column-15\"><\/td><td class=\"column-16\"><\/td><td class=\"column-17\"><\/td><td class=\"column-18\"><\/td><td class=\"column-19\">0<\/td><td class=\"column-20\"><\/td><td class=\"column-21\">34971.28<\/td><td class=\"column-22\">11\/08\/2021<\/td><td class=\"column-23\">12\/08\/2021<\/td><td class=\"column-24\">1748.56<\/td>\n<\/tr>\n<tr class=\"row-424\">\n\t<td class=\"column-1\">31\/2021\t<\/td><td class=\"column-2\">15\/03\/2021<\/td><td class=\"column-3\">16\/03\/2021<\/td><td class=\"column-4\">15\/03\/2021 - 14\/06\/2021<\/td><td class=\"column-5\">36\/2021\t<\/td><td class=\"column-6\">Dispensa<\/td><td class=\"column-7\">Menor Pre\u00e7o Por Item<\/td><td class=\"column-8\"><\/td><td class=\"column-9\">CONTRATA\u00c7\u00c3O DE EMPRESA EMERGENCIAL ESPECIALIZADA NA PRESTA\u00c7\u00c3O DOS SERVI\u00c7OS DE VARRI\u00c7\u00c3O DE RUAS E LOGRADOUROS P\u00daBLICOS, CAPINA MANUAL, RO\u00c7ADA E PINTURA DE MEIO FIO, VISANDO A MELHORIA DE QUALIDADE DE VIDA DOS MUN\u00cdCIPES CONFORME NECESSIDADE DO PODER EXECUTIVO MUNICIPAL.<\/td><td class=\"column-10\">10010000 - Recursos Ordin\u00e1rios<\/td><td class=\"column-11\">104913.84<\/td><td class=\"column-12\">37.833.161\/0001-76<\/td><td class=\"column-13\">AMPLA LOCA\u00c7\u00c3O DE AUTOMOVEIS E MAQUINAS <\/td><td class=\"column-14\">RAFAEL ANDERSON DE ARA\u00daJO SILVA<\/td><td class=\"column-15\"><\/td><td class=\"column-16\"><\/td><td class=\"column-17\"><\/td><td class=\"column-18\"><\/td><td class=\"column-19\">0<\/td><td class=\"column-20\"><\/td><td class=\"column-21\">34971.28<\/td><td class=\"column-22\">11\/08\/2021<\/td><td class=\"column-23\">12\/08\/2021<\/td><td class=\"column-24\">33222.72<\/td>\n<\/tr>\n<tr class=\"row-425\">\n\t<td class=\"column-1\">31\/2021\t<\/td><td class=\"column-2\">15\/03\/2021<\/td><td class=\"column-3\">16\/03\/2021<\/td><td class=\"column-4\">15\/03\/2021 - 14\/06\/2021<\/td><td class=\"column-5\">36\/2021\t<\/td><td class=\"column-6\">Dispensa<\/td><td class=\"column-7\">Menor Pre\u00e7o Por Item<\/td><td class=\"column-8\"><\/td><td class=\"column-9\">CONTRATA\u00c7\u00c3O DE EMPRESA EMERGENCIAL ESPECIALIZADA NA PRESTA\u00c7\u00c3O DOS SERVI\u00c7OS DE VARRI\u00c7\u00c3O DE RUAS E LOGRADOUROS P\u00daBLICOS, CAPINA MANUAL, RO\u00c7ADA E PINTURA DE MEIO FIO, VISANDO A MELHORIA DE QUALIDADE DE VIDA DOS MUN\u00cdCIPES CONFORME NECESSIDADE DO PODER EXECUTIVO MUNICIPAL.<\/td><td class=\"column-10\">10010000 - Recursos Ordin\u00e1rios<\/td><td class=\"column-11\">104913.84<\/td><td class=\"column-12\">37.833.161\/0001-76<\/td><td class=\"column-13\">AMPLA LOCA\u00c7\u00c3O DE AUTOMOVEIS E MAQUINAS <\/td><td class=\"column-14\">RAFAEL ANDERSON DE ARA\u00daJO SILVA<\/td><td class=\"column-15\"><\/td><td class=\"column-16\"><\/td><td class=\"column-17\"><\/td><td class=\"column-18\"><\/td><td class=\"column-19\">0<\/td><td class=\"column-20\"><\/td><td class=\"column-21\">34971.28<\/td><td class=\"column-22\">14\/09\/2021<\/td><td class=\"column-23\">22\/09\/2021<\/td><td class=\"column-24\">1748.56<\/td>\n<\/tr>\n<tr class=\"row-426\">\n\t<td class=\"column-1\">31\/2021\t<\/td><td class=\"column-2\">15\/03\/2021<\/td><td class=\"column-3\">16\/03\/2021<\/td><td class=\"column-4\">15\/03\/2021 - 14\/06\/2021<\/td><td class=\"column-5\">36\/2021\t<\/td><td class=\"column-6\">Dispensa<\/td><td class=\"column-7\">Menor Pre\u00e7o Por Item<\/td><td class=\"column-8\"><\/td><td class=\"column-9\">CONTRATA\u00c7\u00c3O DE EMPRESA EMERGENCIAL ESPECIALIZADA NA PRESTA\u00c7\u00c3O DOS SERVI\u00c7OS DE VARRI\u00c7\u00c3O DE RUAS E LOGRADOUROS P\u00daBLICOS, CAPINA MANUAL, RO\u00c7ADA E PINTURA DE MEIO FIO, VISANDO A MELHORIA DE QUALIDADE DE VIDA DOS MUN\u00cdCIPES CONFORME NECESSIDADE DO PODER EXECUTIVO MUNICIPAL.<\/td><td class=\"column-10\">10010000 - Recursos Ordin\u00e1rios<\/td><td class=\"column-11\">104913.84<\/td><td class=\"column-12\">37.833.161\/0001-76<\/td><td class=\"column-13\">AMPLA LOCA\u00c7\u00c3O DE AUTOMOVEIS E MAQUINAS <\/td><td class=\"column-14\">RAFAEL ANDERSON DE ARA\u00daJO SILVA<\/td><td class=\"column-15\"><\/td><td class=\"column-16\"><\/td><td class=\"column-17\"><\/td><td class=\"column-18\"><\/td><td class=\"column-19\">0<\/td><td class=\"column-20\"><\/td><td class=\"column-21\">34971.28<\/td><td class=\"column-22\">14\/09\/2021<\/td><td class=\"column-23\">22\/09\/2021<\/td><td class=\"column-24\">33222.72<\/td>\n<\/tr>\n<tr class=\"row-427\">\n\t<td class=\"column-1\">31\/2021\t<\/td><td class=\"column-2\">15\/03\/2021<\/td><td class=\"column-3\">16\/03\/2021<\/td><td class=\"column-4\">15\/03\/2021 - 14\/06\/2021<\/td><td class=\"column-5\">36\/2021\t<\/td><td class=\"column-6\">Dispensa<\/td><td class=\"column-7\">Menor Pre\u00e7o Por Item<\/td><td class=\"column-8\"><\/td><td class=\"column-9\">CONTRATA\u00c7\u00c3O DE EMPRESA EMERGENCIAL ESPECIALIZADA NA PRESTA\u00c7\u00c3O DOS SERVI\u00c7OS DE VARRI\u00c7\u00c3O DE RUAS E LOGRADOUROS P\u00daBLICOS, CAPINA MANUAL, RO\u00c7ADA E PINTURA DE MEIO FIO, VISANDO A MELHORIA DE QUALIDADE DE VIDA DOS MUN\u00cdCIPES CONFORME NECESSIDADE DO PODER EXECUTIVO MUNICIPAL.<\/td><td class=\"column-10\">10010000 - Recursos Ordin\u00e1rios<\/td><td class=\"column-11\">104913.84<\/td><td class=\"column-12\">37.833.161\/0001-76<\/td><td class=\"column-13\">AMPLA LOCA\u00c7\u00c3O DE AUTOMOVEIS E MAQUINAS <\/td><td class=\"column-14\">RAFAEL ANDERSON DE ARA\u00daJO SILVA<\/td><td class=\"column-15\"><\/td><td class=\"column-16\"><\/td><td class=\"column-17\"><\/td><td class=\"column-18\"><\/td><td class=\"column-19\">0<\/td><td class=\"column-20\"><\/td><td class=\"column-21\">34971.28<\/td><td class=\"column-22\">23\/08\/2021<\/td><td class=\"column-23\">01\/09\/2021<\/td><td class=\"column-24\">34971.28<\/td>\n<\/tr>\n<tr class=\"row-428\">\n\t<td class=\"column-1\">31\/2021\t<\/td><td class=\"column-2\">15\/03\/2021<\/td><td class=\"column-3\">16\/03\/2021<\/td><td class=\"column-4\">15\/03\/2021 - 14\/06\/2021<\/td><td class=\"column-5\">36\/2021\t<\/td><td class=\"column-6\">Dispensa<\/td><td class=\"column-7\">Menor Pre\u00e7o Por Item<\/td><td class=\"column-8\"><\/td><td class=\"column-9\">CONTRATA\u00c7\u00c3O DE EMPRESA EMERGENCIAL ESPECIALIZADA NA PRESTA\u00c7\u00c3O DOS SERVI\u00c7OS DE VARRI\u00c7\u00c3O DE RUAS E LOGRADOUROS P\u00daBLICOS, CAPINA MANUAL, RO\u00c7ADA E PINTURA DE MEIO FIO, VISANDO A MELHORIA DE QUALIDADE DE VIDA DOS MUN\u00cdCIPES CONFORME NECESSIDADE DO PODER EXECUTIVO MUNICIPAL.<\/td><td class=\"column-10\">10010000 - Recursos Ordin\u00e1rios<\/td><td class=\"column-11\">104913.84<\/td><td class=\"column-12\">37.833.161\/0001-76<\/td><td class=\"column-13\">AMPLA LOCA\u00c7\u00c3O DE AUTOMOVEIS E MAQUINAS <\/td><td class=\"column-14\">RAFAEL ANDERSON DE ARA\u00daJO SILVA<\/td><td class=\"column-15\"><\/td><td class=\"column-16\"><\/td><td class=\"column-17\"><\/td><td class=\"column-18\"><\/td><td class=\"column-19\">0<\/td><td class=\"column-20\"><\/td><td class=\"column-21\">34971.28<\/td><td class=\"column-22\">26\/04\/2021<\/td><td class=\"column-23\">26\/04\/2021<\/td><td class=\"column-24\">34971.28<\/td>\n<\/tr>\n<tr class=\"row-429\">\n\t<td class=\"column-1\">31\/2021\t<\/td><td class=\"column-2\">14\/06\/2021<\/td><td class=\"column-3\"><\/td><td class=\"column-4\"><\/td><td class=\"column-5\">36\/2021\t<\/td><td class=\"column-6\">Dispensa<\/td><td class=\"column-7\">Menor Pre\u00e7o Por Item<\/td><td class=\"column-8\"><\/td><td class=\"column-9\"><\/td><td class=\"column-10\">10010000 - Recursos Ordin\u00e1rios<\/td><td class=\"column-11\">0<\/td><td class=\"column-12\">37.833.161\/0001-76<\/td><td class=\"column-13\">AMPLA LOCA\u00c7\u00c3O DE AUTOMOVEIS E MAQUINAS <\/td><td class=\"column-14\"><\/td><td class=\"column-15\">1<\/td><td class=\"column-16\">14\/06\/2021<\/td><td class=\"column-17\">15\/06\/2021<\/td><td class=\"column-18\">O presente aditivo \u00e9 de prorroga\u00e7\u00e3o de prazo de at\u00e9 90 (noventa) dias, visando \u00e0 continua\u00e7\u00e3o da PRESTA\u00c7\u00c3O DOS SERVI\u00c7OS DE VARRI\u00c7\u00c3O DE RUAS E LOGRADOUROS P\u00daBLICOS, CAPINA MANUAL, RO\u00c7ADA E PINTURA DE MEIO FIO<\/td><td class=\"column-19\">104913.84<\/td><td class=\"column-20\">3,00 m\u00eas(es)<\/td><td class=\"column-21\"><\/td><td class=\"column-22\"><\/td><td class=\"column-23\"><\/td><td class=\"column-24\"><\/td>\n<\/tr>\n<tr class=\"row-430\">\n\t<td class=\"column-1\">32\/2021\t<\/td><td class=\"column-2\">16\/03\/2021<\/td><td class=\"column-3\">17\/03\/2021<\/td><td class=\"column-4\">16\/03\/2021 - 15\/06\/2021<\/td><td class=\"column-5\">37\/2021\t<\/td><td class=\"column-6\">Dispensa<\/td><td class=\"column-7\">Menor Pre\u00e7o Por Item<\/td><td class=\"column-8\"><\/td><td class=\"column-9\">CONTRATA\u00c7\u00c3O DE EMPRESA PARA EXECUCA\u00c7\u00c3O DE SERVI\u00c7OS AUTOMOTIVOS COM FORNECIMENTO DE PE\u00c7AS ORIGINAIS DE REPOSI\u00c7\u00c3O PARA VE\u00cdCULOS DO TIPO M\u00c1QUINAS PESADAS E IMPLEMENTOS.<\/td><td class=\"column-10\">10010000 - Recursos Ordin\u00e1rios<\/td><td class=\"column-11\">153900<\/td><td class=\"column-12\">28.648.280\/0001-68<\/td><td class=\"column-13\">SANTOS &amp; ALVES AUTO SERVICE <\/td><td class=\"column-14\">RAFAEL ANDERSON DE ARA\u00daJO SILVA<\/td><td class=\"column-15\"><\/td><td class=\"column-16\"><\/td><td class=\"column-17\"><\/td><td class=\"column-18\"><\/td><td class=\"column-19\">0<\/td><td class=\"column-20\"><\/td><td class=\"column-21\"><\/td><td class=\"column-22\"><\/td><td class=\"column-23\"><\/td><td class=\"column-24\"><\/td>\n<\/tr>\n<tr class=\"row-431\">\n\t<td class=\"column-1\">32\/2021\t<\/td><td class=\"column-2\">16\/03\/2021<\/td><td class=\"column-3\">17\/03\/2021<\/td><td class=\"column-4\">16\/03\/2021 - 15\/06\/2021<\/td><td class=\"column-5\">37\/2021\t<\/td><td class=\"column-6\">Dispensa<\/td><td class=\"column-7\">Menor Pre\u00e7o Por Item<\/td><td class=\"column-8\"><\/td><td class=\"column-9\">CONTRATA\u00c7\u00c3O DE EMPRESA PARA EXECUCA\u00c7\u00c3O DE SERVI\u00c7OS AUTOMOTIVOS COM FORNECIMENTO DE PE\u00c7AS ORIGINAIS DE REPOSI\u00c7\u00c3O PARA VE\u00cdCULOS DO TIPO M\u00c1QUINAS PESADAS E IMPLEMENTOS.<\/td><td class=\"column-10\">10010000 - Recursos Ordin\u00e1rios<\/td><td class=\"column-11\">153900<\/td><td class=\"column-12\">28.648.280\/0001-68<\/td><td class=\"column-13\">SANTOS &amp; ALVES AUTO SERVICE <\/td><td class=\"column-14\">RAFAEL ANDERSON DE ARA\u00daJO SILVA<\/td><td class=\"column-15\"><\/td><td class=\"column-16\"><\/td><td class=\"column-17\"><\/td><td class=\"column-18\"><\/td><td class=\"column-19\">0<\/td><td class=\"column-20\"><\/td><td class=\"column-21\">1980<\/td><td class=\"column-22\">08\/06\/2021<\/td><td class=\"column-23\">23\/06\/2021<\/td><td class=\"column-24\">1980<\/td>\n<\/tr>\n<tr class=\"row-432\">\n\t<td class=\"column-1\">32\/2021\t<\/td><td class=\"column-2\">16\/03\/2021<\/td><td class=\"column-3\">17\/03\/2021<\/td><td class=\"column-4\">16\/03\/2021 - 15\/06\/2021<\/td><td class=\"column-5\">37\/2021\t<\/td><td class=\"column-6\">Dispensa<\/td><td class=\"column-7\">Menor Pre\u00e7o Por Item<\/td><td class=\"column-8\"><\/td><td class=\"column-9\">CONTRATA\u00c7\u00c3O DE EMPRESA PARA EXECUCA\u00c7\u00c3O DE SERVI\u00c7OS AUTOMOTIVOS COM FORNECIMENTO DE PE\u00c7AS ORIGINAIS DE REPOSI\u00c7\u00c3O PARA VE\u00cdCULOS DO TIPO M\u00c1QUINAS PESADAS E IMPLEMENTOS.<\/td><td class=\"column-10\">10010000 - Recursos Ordin\u00e1rios<\/td><td class=\"column-11\">153900<\/td><td class=\"column-12\">28.648.280\/0001-68<\/td><td class=\"column-13\">SANTOS &amp; ALVES AUTO SERVICE <\/td><td class=\"column-14\">RAFAEL ANDERSON DE ARA\u00daJO SILVA<\/td><td class=\"column-15\"><\/td><td class=\"column-16\"><\/td><td class=\"column-17\"><\/td><td class=\"column-18\"><\/td><td class=\"column-19\">0<\/td><td class=\"column-20\"><\/td><td class=\"column-21\">3600.9<\/td><td class=\"column-22\">08\/06\/2021<\/td><td class=\"column-23\">23\/06\/2021<\/td><td class=\"column-24\">3600.9<\/td>\n<\/tr>\n<tr class=\"row-433\">\n\t<td class=\"column-1\">32\/2021\t<\/td><td class=\"column-2\">16\/03\/2021<\/td><td class=\"column-3\">17\/03\/2021<\/td><td class=\"column-4\">16\/03\/2021 - 15\/06\/2021<\/td><td class=\"column-5\">37\/2021\t<\/td><td class=\"column-6\">Dispensa<\/td><td class=\"column-7\">Menor Pre\u00e7o Por Item<\/td><td class=\"column-8\"><\/td><td class=\"column-9\">CONTRATA\u00c7\u00c3O DE EMPRESA PARA EXECUCA\u00c7\u00c3O DE SERVI\u00c7OS AUTOMOTIVOS COM FORNECIMENTO DE PE\u00c7AS ORIGINAIS DE REPOSI\u00c7\u00c3O PARA VE\u00cdCULOS DO TIPO M\u00c1QUINAS PESADAS E IMPLEMENTOS.<\/td><td class=\"column-10\">10010000 - Recursos Ordin\u00e1rios<\/td><td class=\"column-11\">153900<\/td><td class=\"column-12\">28.648.280\/0001-68<\/td><td class=\"column-13\">SANTOS &amp; ALVES AUTO SERVICE <\/td><td class=\"column-14\">RAFAEL ANDERSON DE ARA\u00daJO SILVA<\/td><td class=\"column-15\"><\/td><td class=\"column-16\"><\/td><td class=\"column-17\"><\/td><td class=\"column-18\"><\/td><td class=\"column-19\">0<\/td><td class=\"column-20\"><\/td><td class=\"column-21\">3960<\/td><td class=\"column-22\">08\/06\/2021<\/td><td class=\"column-23\">30\/06\/2021<\/td><td class=\"column-24\">3960<\/td>\n<\/tr>\n<tr class=\"row-434\">\n\t<td class=\"column-1\">32\/2021\t<\/td><td class=\"column-2\">16\/03\/2021<\/td><td class=\"column-3\">17\/03\/2021<\/td><td class=\"column-4\">16\/03\/2021 - 15\/06\/2021<\/td><td class=\"column-5\">37\/2021\t<\/td><td class=\"column-6\">Dispensa<\/td><td class=\"column-7\">Menor Pre\u00e7o Por Item<\/td><td class=\"column-8\"><\/td><td class=\"column-9\">CONTRATA\u00c7\u00c3O DE EMPRESA PARA EXECUCA\u00c7\u00c3O DE SERVI\u00c7OS AUTOMOTIVOS COM FORNECIMENTO DE PE\u00c7AS ORIGINAIS DE REPOSI\u00c7\u00c3O PARA VE\u00cdCULOS DO TIPO M\u00c1QUINAS PESADAS E IMPLEMENTOS.<\/td><td class=\"column-10\">10010000 - Recursos Ordin\u00e1rios<\/td><td class=\"column-11\">153900<\/td><td class=\"column-12\">28.648.280\/0001-68<\/td><td class=\"column-13\">SANTOS &amp; ALVES AUTO SERVICE <\/td><td class=\"column-14\">RAFAEL ANDERSON DE ARA\u00daJO SILVA<\/td><td class=\"column-15\"><\/td><td class=\"column-16\"><\/td><td class=\"column-17\"><\/td><td class=\"column-18\"><\/td><td class=\"column-19\">0<\/td><td class=\"column-20\"><\/td><td class=\"column-21\">9746.1<\/td><td class=\"column-22\">08\/06\/2021<\/td><td class=\"column-23\">30\/06\/2021<\/td><td class=\"column-24\">9746.1<\/td>\n<\/tr>\n<tr class=\"row-435\">\n\t<td class=\"column-1\">32\/2021\t<\/td><td class=\"column-2\">16\/03\/2021<\/td><td class=\"column-3\">17\/03\/2021<\/td><td class=\"column-4\">16\/03\/2021 - 15\/06\/2021<\/td><td class=\"column-5\">37\/2021\t<\/td><td class=\"column-6\">Dispensa<\/td><td class=\"column-7\">Menor Pre\u00e7o Por Item<\/td><td class=\"column-8\"><\/td><td class=\"column-9\">CONTRATA\u00c7\u00c3O DE EMPRESA PARA EXECUCA\u00c7\u00c3O DE SERVI\u00c7OS AUTOMOTIVOS COM FORNECIMENTO DE PE\u00c7AS ORIGINAIS DE REPOSI\u00c7\u00c3O PARA VE\u00cdCULOS DO TIPO M\u00c1QUINAS PESADAS E IMPLEMENTOS.<\/td><td class=\"column-10\">10010000 - Recursos Ordin\u00e1rios<\/td><td class=\"column-11\">153900<\/td><td class=\"column-12\">28.648.280\/0001-68<\/td><td class=\"column-13\">SANTOS &amp; ALVES AUTO SERVICE <\/td><td class=\"column-14\">RAFAEL ANDERSON DE ARA\u00daJO SILVA<\/td><td class=\"column-15\"><\/td><td class=\"column-16\"><\/td><td class=\"column-17\"><\/td><td class=\"column-18\"><\/td><td class=\"column-19\">0<\/td><td class=\"column-20\"><\/td><td class=\"column-21\">3135<\/td><td class=\"column-22\">21\/04\/2021<\/td><td class=\"column-23\"><\/td><td class=\"column-24\"><\/td>\n<\/tr>\n<tr class=\"row-436\">\n\t<td class=\"column-1\">32\/2021\t<\/td><td class=\"column-2\">16\/03\/2021<\/td><td class=\"column-3\">17\/03\/2021<\/td><td class=\"column-4\">16\/03\/2021 - 15\/06\/2021<\/td><td class=\"column-5\">37\/2021\t<\/td><td class=\"column-6\">Dispensa<\/td><td class=\"column-7\">Menor Pre\u00e7o Por Item<\/td><td class=\"column-8\"><\/td><td class=\"column-9\">CONTRATA\u00c7\u00c3O DE EMPRESA PARA EXECUCA\u00c7\u00c3O DE SERVI\u00c7OS AUTOMOTIVOS COM FORNECIMENTO DE PE\u00c7AS ORIGINAIS DE REPOSI\u00c7\u00c3O PARA VE\u00cdCULOS DO TIPO M\u00c1QUINAS PESADAS E IMPLEMENTOS.<\/td><td class=\"column-10\">10010000 - Recursos Ordin\u00e1rios<\/td><td class=\"column-11\">153900<\/td><td class=\"column-12\">28.648.280\/0001-68<\/td><td class=\"column-13\">SANTOS &amp; ALVES AUTO SERVICE <\/td><td class=\"column-14\">RAFAEL ANDERSON DE ARA\u00daJO SILVA<\/td><td class=\"column-15\"><\/td><td class=\"column-16\"><\/td><td class=\"column-17\"><\/td><td class=\"column-18\"><\/td><td class=\"column-19\">0<\/td><td class=\"column-20\"><\/td><td class=\"column-21\">3135<\/td><td class=\"column-22\">21\/04\/2021<\/td><td class=\"column-23\">22\/04\/2021<\/td><td class=\"column-24\">3023.71<\/td>\n<\/tr>\n<tr class=\"row-437\">\n\t<td class=\"column-1\">32\/2021\t<\/td><td class=\"column-2\">16\/03\/2021<\/td><td class=\"column-3\">17\/03\/2021<\/td><td class=\"column-4\">16\/03\/2021 - 15\/06\/2021<\/td><td class=\"column-5\">37\/2021\t<\/td><td class=\"column-6\">Dispensa<\/td><td class=\"column-7\">Menor Pre\u00e7o Por Item<\/td><td class=\"column-8\"><\/td><td class=\"column-9\">CONTRATA\u00c7\u00c3O DE EMPRESA PARA EXECUCA\u00c7\u00c3O DE SERVI\u00c7OS AUTOMOTIVOS COM FORNECIMENTO DE PE\u00c7AS ORIGINAIS DE REPOSI\u00c7\u00c3O PARA VE\u00cdCULOS DO TIPO M\u00c1QUINAS PESADAS E IMPLEMENTOS.<\/td><td class=\"column-10\">10010000 - Recursos Ordin\u00e1rios<\/td><td class=\"column-11\">153900<\/td><td class=\"column-12\">28.648.280\/0001-68<\/td><td class=\"column-13\">SANTOS &amp; ALVES AUTO SERVICE <\/td><td class=\"column-14\">RAFAEL ANDERSON DE ARA\u00daJO SILVA<\/td><td class=\"column-15\"><\/td><td class=\"column-16\"><\/td><td class=\"column-17\"><\/td><td class=\"column-18\"><\/td><td class=\"column-19\">0<\/td><td class=\"column-20\"><\/td><td class=\"column-21\">5610<\/td><td class=\"column-22\">21\/04\/2021<\/td><td class=\"column-23\"><\/td><td class=\"column-24\"><\/td>\n<\/tr>\n<tr class=\"row-438\">\n\t<td class=\"column-1\">32\/2021\t<\/td><td class=\"column-2\">16\/03\/2021<\/td><td class=\"column-3\">17\/03\/2021<\/td><td class=\"column-4\">16\/03\/2021 - 15\/06\/2021<\/td><td class=\"column-5\">37\/2021\t<\/td><td class=\"column-6\">Dispensa<\/td><td class=\"column-7\">Menor Pre\u00e7o Por Item<\/td><td class=\"column-8\"><\/td><td class=\"column-9\">CONTRATA\u00c7\u00c3O DE EMPRESA PARA EXECUCA\u00c7\u00c3O DE SERVI\u00c7OS AUTOMOTIVOS COM FORNECIMENTO DE PE\u00c7AS ORIGINAIS DE REPOSI\u00c7\u00c3O PARA VE\u00cdCULOS DO TIPO M\u00c1QUINAS PESADAS E IMPLEMENTOS.<\/td><td class=\"column-10\">10010000 - Recursos Ordin\u00e1rios<\/td><td class=\"column-11\">153900<\/td><td class=\"column-12\">28.648.280\/0001-68<\/td><td class=\"column-13\">SANTOS &amp; ALVES AUTO SERVICE <\/td><td class=\"column-14\">RAFAEL ANDERSON DE ARA\u00daJO SILVA<\/td><td class=\"column-15\"><\/td><td class=\"column-16\"><\/td><td class=\"column-17\"><\/td><td class=\"column-18\"><\/td><td class=\"column-19\">0<\/td><td class=\"column-20\"><\/td><td class=\"column-21\">5610<\/td><td class=\"column-22\">21\/04\/2021<\/td><td class=\"column-23\">22\/04\/2021<\/td><td class=\"column-24\">5410.85<\/td>\n<\/tr>\n<tr class=\"row-439\">\n\t<td class=\"column-1\">32\/2021\t<\/td><td class=\"column-2\">16\/03\/2021<\/td><td class=\"column-3\">17\/03\/2021<\/td><td class=\"column-4\">16\/03\/2021 - 15\/06\/2021<\/td><td class=\"column-5\">37\/2021\t<\/td><td class=\"column-6\">Dispensa<\/td><td class=\"column-7\">Menor Pre\u00e7o Por Item<\/td><td class=\"column-8\"><\/td><td class=\"column-9\">CONTRATA\u00c7\u00c3O DE EMPRESA PARA EXECUCA\u00c7\u00c3O DE SERVI\u00c7OS AUTOMOTIVOS COM FORNECIMENTO DE PE\u00c7AS ORIGINAIS DE REPOSI\u00c7\u00c3O PARA VE\u00cdCULOS DO TIPO M\u00c1QUINAS PESADAS E IMPLEMENTOS.<\/td><td class=\"column-10\">10010000 - Recursos Ordin\u00e1rios<\/td><td class=\"column-11\">153900<\/td><td class=\"column-12\">28.648.280\/0001-68<\/td><td class=\"column-13\">SANTOS &amp; ALVES AUTO SERVICE <\/td><td class=\"column-14\">RAFAEL ANDERSON DE ARA\u00daJO SILVA<\/td><td class=\"column-15\"><\/td><td class=\"column-16\"><\/td><td class=\"column-17\"><\/td><td class=\"column-18\"><\/td><td class=\"column-19\">0<\/td><td class=\"column-20\"><\/td><td class=\"column-21\">5958.04<\/td><td class=\"column-22\">21\/04\/2021<\/td><td class=\"column-23\">22\/04\/2021<\/td><td class=\"column-24\">5958.04<\/td>\n<\/tr>\n<tr class=\"row-440\">\n\t<td class=\"column-1\">32\/2021\t<\/td><td class=\"column-2\">16\/03\/2021<\/td><td class=\"column-3\">17\/03\/2021<\/td><td class=\"column-4\">16\/03\/2021 - 15\/06\/2021<\/td><td class=\"column-5\">37\/2021\t<\/td><td class=\"column-6\">Dispensa<\/td><td class=\"column-7\">Menor Pre\u00e7o Por Item<\/td><td class=\"column-8\"><\/td><td class=\"column-9\">CONTRATA\u00c7\u00c3O DE EMPRESA PARA EXECUCA\u00c7\u00c3O DE SERVI\u00c7OS AUTOMOTIVOS COM FORNECIMENTO DE PE\u00c7AS ORIGINAIS DE REPOSI\u00c7\u00c3O PARA VE\u00cdCULOS DO TIPO M\u00c1QUINAS PESADAS E IMPLEMENTOS.<\/td><td class=\"column-10\">10010000 - Recursos Ordin\u00e1rios<\/td><td class=\"column-11\">153900<\/td><td class=\"column-12\">28.648.280\/0001-68<\/td><td class=\"column-13\">SANTOS &amp; ALVES AUTO SERVICE <\/td><td class=\"column-14\">RAFAEL ANDERSON DE ARA\u00daJO SILVA<\/td><td class=\"column-15\"><\/td><td class=\"column-16\"><\/td><td class=\"column-17\"><\/td><td class=\"column-18\"><\/td><td class=\"column-19\">0<\/td><td class=\"column-20\"><\/td><td class=\"column-21\">26682.03<\/td><td class=\"column-22\">21\/04\/2021<\/td><td class=\"column-23\">22\/04\/2021<\/td><td class=\"column-24\">26682.03<\/td>\n<\/tr>\n<tr class=\"row-441\">\n\t<td class=\"column-1\">32\/2021\t<\/td><td class=\"column-2\">16\/03\/2021<\/td><td class=\"column-3\">17\/03\/2021<\/td><td class=\"column-4\">16\/03\/2021 - 15\/06\/2021<\/td><td class=\"column-5\">37\/2021\t<\/td><td class=\"column-6\">Dispensa<\/td><td class=\"column-7\">Menor Pre\u00e7o Por Item<\/td><td class=\"column-8\"><\/td><td class=\"column-9\">CONTRATA\u00c7\u00c3O DE EMPRESA PARA EXECUCA\u00c7\u00c3O DE SERVI\u00c7OS AUTOMOTIVOS COM FORNECIMENTO DE PE\u00c7AS ORIGINAIS DE REPOSI\u00c7\u00c3O PARA VE\u00cdCULOS DO TIPO M\u00c1QUINAS PESADAS E IMPLEMENTOS.<\/td><td class=\"column-10\">10010000 - Recursos Ordin\u00e1rios<\/td><td class=\"column-11\">153900<\/td><td class=\"column-12\">28.648.280\/0001-68<\/td><td class=\"column-13\">SANTOS &amp; ALVES AUTO SERVICE <\/td><td class=\"column-14\">RAFAEL ANDERSON DE ARA\u00daJO SILVA<\/td><td class=\"column-15\"><\/td><td class=\"column-16\"><\/td><td class=\"column-17\"><\/td><td class=\"column-18\"><\/td><td class=\"column-19\">0<\/td><td class=\"column-20\"><\/td><td class=\"column-21\">1980<\/td><td class=\"column-22\">21\/05\/2021<\/td><td class=\"column-23\"><\/td><td class=\"column-24\"><\/td>\n<\/tr>\n<tr class=\"row-442\">\n\t<td class=\"column-1\">32\/2021\t<\/td><td class=\"column-2\">16\/03\/2021<\/td><td class=\"column-3\">17\/03\/2021<\/td><td class=\"column-4\">16\/03\/2021 - 15\/06\/2021<\/td><td class=\"column-5\">37\/2021\t<\/td><td class=\"column-6\">Dispensa<\/td><td class=\"column-7\">Menor Pre\u00e7o Por Item<\/td><td class=\"column-8\"><\/td><td class=\"column-9\">CONTRATA\u00c7\u00c3O DE EMPRESA PARA EXECUCA\u00c7\u00c3O DE SERVI\u00c7OS AUTOMOTIVOS COM FORNECIMENTO DE PE\u00c7AS ORIGINAIS DE REPOSI\u00c7\u00c3O PARA VE\u00cdCULOS DO TIPO M\u00c1QUINAS PESADAS E IMPLEMENTOS.<\/td><td class=\"column-10\">10010000 - Recursos Ordin\u00e1rios<\/td><td class=\"column-11\">153900<\/td><td class=\"column-12\">28.648.280\/0001-68<\/td><td class=\"column-13\">SANTOS &amp; ALVES AUTO SERVICE <\/td><td class=\"column-14\">RAFAEL ANDERSON DE ARA\u00daJO SILVA<\/td><td class=\"column-15\"><\/td><td class=\"column-16\"><\/td><td class=\"column-17\"><\/td><td class=\"column-18\"><\/td><td class=\"column-19\">0<\/td><td class=\"column-20\"><\/td><td class=\"column-21\">1945.17<\/td><td class=\"column-22\">27\/05\/2021<\/td><td class=\"column-23\"><\/td><td class=\"column-24\"><\/td>\n<\/tr>\n<tr class=\"row-443\">\n\t<td class=\"column-1\">32\/2021\t<\/td><td class=\"column-2\">16\/03\/2021<\/td><td class=\"column-3\">17\/03\/2021<\/td><td class=\"column-4\">16\/03\/2021 - 15\/06\/2021<\/td><td class=\"column-5\">37\/2021\t<\/td><td class=\"column-6\">Dispensa<\/td><td class=\"column-7\">Menor Pre\u00e7o Por Item<\/td><td class=\"column-8\"><\/td><td class=\"column-9\">CONTRATA\u00c7\u00c3O DE EMPRESA PARA EXECUCA\u00c7\u00c3O DE SERVI\u00c7OS AUTOMOTIVOS COM FORNECIMENTO DE PE\u00c7AS ORIGINAIS DE REPOSI\u00c7\u00c3O PARA VE\u00cdCULOS DO TIPO M\u00c1QUINAS PESADAS E IMPLEMENTOS.<\/td><td class=\"column-10\">10010000 - Recursos Ordin\u00e1rios<\/td><td class=\"column-11\">153900<\/td><td class=\"column-12\">28.648.280\/0001-68<\/td><td class=\"column-13\">SANTOS &amp; ALVES AUTO SERVICE <\/td><td class=\"column-14\">RAFAEL ANDERSON DE ARA\u00daJO SILVA<\/td><td class=\"column-15\"><\/td><td class=\"column-16\"><\/td><td class=\"column-17\"><\/td><td class=\"column-18\"><\/td><td class=\"column-19\">0<\/td><td class=\"column-20\"><\/td><td class=\"column-21\">1945.17<\/td><td class=\"column-22\">27\/05\/2021<\/td><td class=\"column-23\">23\/06\/2021<\/td><td class=\"column-24\">1945.17<\/td>\n<\/tr>\n<tr class=\"row-444\">\n\t<td class=\"column-1\">32\/2021\t<\/td><td class=\"column-2\">16\/03\/2021<\/td><td class=\"column-3\">17\/03\/2021<\/td><td class=\"column-4\">16\/03\/2021 - 15\/06\/2021<\/td><td class=\"column-5\">37\/2021\t<\/td><td class=\"column-6\">Dispensa<\/td><td class=\"column-7\">Menor Pre\u00e7o Por Item<\/td><td class=\"column-8\"><\/td><td class=\"column-9\">CONTRATA\u00c7\u00c3O DE EMPRESA PARA EXECUCA\u00c7\u00c3O DE SERVI\u00c7OS AUTOMOTIVOS COM FORNECIMENTO DE PE\u00c7AS ORIGINAIS DE REPOSI\u00c7\u00c3O PARA VE\u00cdCULOS DO TIPO M\u00c1QUINAS PESADAS E IMPLEMENTOS.<\/td><td class=\"column-10\">10010000 - Recursos Ordin\u00e1rios<\/td><td class=\"column-11\">153900<\/td><td class=\"column-12\">28.648.280\/0001-68<\/td><td class=\"column-13\">SANTOS &amp; ALVES AUTO SERVICE <\/td><td class=\"column-14\">RAFAEL ANDERSON DE ARA\u00daJO SILVA<\/td><td class=\"column-15\"><\/td><td class=\"column-16\"><\/td><td class=\"column-17\"><\/td><td class=\"column-18\"><\/td><td class=\"column-19\">0<\/td><td class=\"column-20\"><\/td><td class=\"column-21\">2475<\/td><td class=\"column-22\">27\/05\/2021<\/td><td class=\"column-23\"><\/td><td class=\"column-24\"><\/td>\n<\/tr>\n<tr class=\"row-445\">\n\t<td class=\"column-1\">32\/2021\t<\/td><td class=\"column-2\">16\/03\/2021<\/td><td class=\"column-3\">17\/03\/2021<\/td><td class=\"column-4\">16\/03\/2021 - 15\/06\/2021<\/td><td class=\"column-5\">37\/2021\t<\/td><td class=\"column-6\">Dispensa<\/td><td class=\"column-7\">Menor Pre\u00e7o Por Item<\/td><td class=\"column-8\"><\/td><td class=\"column-9\">CONTRATA\u00c7\u00c3O DE EMPRESA PARA EXECUCA\u00c7\u00c3O DE SERVI\u00c7OS AUTOMOTIVOS COM FORNECIMENTO DE PE\u00c7AS ORIGINAIS DE REPOSI\u00c7\u00c3O PARA VE\u00cdCULOS DO TIPO M\u00c1QUINAS PESADAS E IMPLEMENTOS.<\/td><td class=\"column-10\">10010000 - Recursos Ordin\u00e1rios<\/td><td class=\"column-11\">153900<\/td><td class=\"column-12\">28.648.280\/0001-68<\/td><td class=\"column-13\">SANTOS &amp; ALVES AUTO SERVICE <\/td><td class=\"column-14\">RAFAEL ANDERSON DE ARA\u00daJO SILVA<\/td><td class=\"column-15\"><\/td><td class=\"column-16\"><\/td><td class=\"column-17\"><\/td><td class=\"column-18\"><\/td><td class=\"column-19\">0<\/td><td class=\"column-20\"><\/td><td class=\"column-21\">2475<\/td><td class=\"column-22\">27\/05\/2021<\/td><td class=\"column-23\">23\/06\/2021<\/td><td class=\"column-24\">2475<\/td>\n<\/tr>\n<tr class=\"row-446\">\n\t<td class=\"column-1\">32\/2021\t<\/td><td class=\"column-2\">16\/03\/2021<\/td><td class=\"column-3\">17\/03\/2021<\/td><td class=\"column-4\">16\/03\/2021 - 15\/06\/2021<\/td><td class=\"column-5\">37\/2021\t<\/td><td class=\"column-6\">Dispensa<\/td><td class=\"column-7\">Menor Pre\u00e7o Por Item<\/td><td class=\"column-8\"><\/td><td class=\"column-9\">CONTRATA\u00c7\u00c3O DE EMPRESA PARA EXECUCA\u00c7\u00c3O DE SERVI\u00c7OS AUTOMOTIVOS COM FORNECIMENTO DE PE\u00c7AS ORIGINAIS DE REPOSI\u00c7\u00c3O PARA VE\u00cdCULOS DO TIPO M\u00c1QUINAS PESADAS E IMPLEMENTOS.<\/td><td class=\"column-10\">10010000 - Recursos Ordin\u00e1rios<\/td><td class=\"column-11\">153900<\/td><td class=\"column-12\">28.648.280\/0001-68<\/td><td class=\"column-13\">SANTOS &amp; ALVES AUTO SERVICE <\/td><td class=\"column-14\">RAFAEL ANDERSON DE ARA\u00daJO SILVA<\/td><td class=\"column-15\"><\/td><td class=\"column-16\"><\/td><td class=\"column-17\"><\/td><td class=\"column-18\"><\/td><td class=\"column-19\">0<\/td><td class=\"column-20\"><\/td><td class=\"column-21\">3600.9<\/td><td class=\"column-22\">28\/05\/2021<\/td><td class=\"column-23\"><\/td><td class=\"column-24\"><\/td>\n<\/tr>\n<tr class=\"row-447\">\n\t<td class=\"column-1\">32\/2021\t<\/td><td class=\"column-2\">16\/03\/2021<\/td><td class=\"column-3\">17\/03\/2021<\/td><td class=\"column-4\">16\/03\/2021 - 15\/06\/2021<\/td><td class=\"column-5\">37\/2021\t<\/td><td class=\"column-6\">Dispensa<\/td><td class=\"column-7\">Menor Pre\u00e7o Por Item<\/td><td class=\"column-8\"><\/td><td class=\"column-9\">CONTRATA\u00c7\u00c3O DE EMPRESA PARA EXECUCA\u00c7\u00c3O DE SERVI\u00c7OS AUTOMOTIVOS COM FORNECIMENTO DE PE\u00c7AS ORIGINAIS DE REPOSI\u00c7\u00c3O PARA VE\u00cdCULOS DO TIPO M\u00c1QUINAS PESADAS E IMPLEMENTOS.<\/td><td class=\"column-10\">10010000 - Recursos Ordin\u00e1rios<\/td><td class=\"column-11\">153900<\/td><td class=\"column-12\">28.648.280\/0001-68<\/td><td class=\"column-13\">SANTOS &amp; ALVES AUTO SERVICE <\/td><td class=\"column-14\">RAFAEL ANDERSON DE ARA\u00daJO SILVA<\/td><td class=\"column-15\"><\/td><td class=\"column-16\"><\/td><td class=\"column-17\"><\/td><td class=\"column-18\"><\/td><td class=\"column-19\">0<\/td><td class=\"column-20\"><\/td><td class=\"column-21\">990<\/td><td class=\"column-22\">31\/05\/2021<\/td><td class=\"column-23\"><\/td><td class=\"column-24\"><\/td>\n<\/tr>\n<tr class=\"row-448\">\n\t<td class=\"column-1\">32\/2021\t<\/td><td class=\"column-2\">16\/03\/2021<\/td><td class=\"column-3\">17\/03\/2021<\/td><td class=\"column-4\">16\/03\/2021 - 15\/06\/2021<\/td><td class=\"column-5\">37\/2021\t<\/td><td class=\"column-6\">Dispensa<\/td><td class=\"column-7\">Menor Pre\u00e7o Por Item<\/td><td class=\"column-8\"><\/td><td class=\"column-9\">CONTRATA\u00c7\u00c3O DE EMPRESA PARA EXECUCA\u00c7\u00c3O DE SERVI\u00c7OS AUTOMOTIVOS COM FORNECIMENTO DE PE\u00c7AS ORIGINAIS DE REPOSI\u00c7\u00c3O PARA VE\u00cdCULOS DO TIPO M\u00c1QUINAS PESADAS E IMPLEMENTOS.<\/td><td class=\"column-10\">10010000 - Recursos Ordin\u00e1rios<\/td><td class=\"column-11\">153900<\/td><td class=\"column-12\">28.648.280\/0001-68<\/td><td class=\"column-13\">SANTOS &amp; ALVES AUTO SERVICE <\/td><td class=\"column-14\">RAFAEL ANDERSON DE ARA\u00daJO SILVA<\/td><td class=\"column-15\"><\/td><td class=\"column-16\"><\/td><td class=\"column-17\"><\/td><td class=\"column-18\"><\/td><td class=\"column-19\">0<\/td><td class=\"column-20\"><\/td><td class=\"column-21\">990<\/td><td class=\"column-22\">31\/05\/2021<\/td><td class=\"column-23\">23\/06\/2021<\/td><td class=\"column-24\">990<\/td>\n<\/tr>\n<tr class=\"row-449\">\n\t<td class=\"column-1\">32\/2021\t<\/td><td class=\"column-2\">16\/03\/2021<\/td><td class=\"column-3\">17\/03\/2021<\/td><td class=\"column-4\">16\/03\/2021 - 15\/06\/2021<\/td><td class=\"column-5\">37\/2021\t<\/td><td class=\"column-6\">Dispensa<\/td><td class=\"column-7\">Menor Pre\u00e7o Por Item<\/td><td class=\"column-8\"><\/td><td class=\"column-9\">CONTRATA\u00c7\u00c3O DE EMPRESA PARA EXECUCA\u00c7\u00c3O DE SERVI\u00c7OS AUTOMOTIVOS COM FORNECIMENTO DE PE\u00c7AS ORIGINAIS DE REPOSI\u00c7\u00c3O PARA VE\u00cdCULOS DO TIPO M\u00c1QUINAS PESADAS E IMPLEMENTOS.<\/td><td class=\"column-10\">10010000 - Recursos Ordin\u00e1rios<\/td><td class=\"column-11\">153900<\/td><td class=\"column-12\">28.648.280\/0001-68<\/td><td class=\"column-13\">SANTOS &amp; ALVES AUTO SERVICE <\/td><td class=\"column-14\">RAFAEL ANDERSON DE ARA\u00daJO SILVA<\/td><td class=\"column-15\"><\/td><td class=\"column-16\"><\/td><td class=\"column-17\"><\/td><td class=\"column-18\"><\/td><td class=\"column-19\">0<\/td><td class=\"column-20\"><\/td><td class=\"column-21\">5940<\/td><td class=\"column-22\">31\/05\/2021<\/td><td class=\"column-23\"><\/td><td class=\"column-24\"><\/td>\n<\/tr>\n<tr class=\"row-450\">\n\t<td class=\"column-1\">32\/2021\t<\/td><td class=\"column-2\">16\/03\/2021<\/td><td class=\"column-3\">17\/03\/2021<\/td><td class=\"column-4\">16\/03\/2021 - 15\/06\/2021<\/td><td class=\"column-5\">37\/2021\t<\/td><td class=\"column-6\">Dispensa<\/td><td class=\"column-7\">Menor Pre\u00e7o Por Item<\/td><td class=\"column-8\"><\/td><td class=\"column-9\">CONTRATA\u00c7\u00c3O DE EMPRESA PARA EXECUCA\u00c7\u00c3O DE SERVI\u00c7OS AUTOMOTIVOS COM FORNECIMENTO DE PE\u00c7AS ORIGINAIS DE REPOSI\u00c7\u00c3O PARA VE\u00cdCULOS DO TIPO M\u00c1QUINAS PESADAS E IMPLEMENTOS.<\/td><td class=\"column-10\">10010000 - Recursos Ordin\u00e1rios<\/td><td class=\"column-11\">153900<\/td><td class=\"column-12\">28.648.280\/0001-68<\/td><td class=\"column-13\">SANTOS &amp; ALVES AUTO SERVICE <\/td><td class=\"column-14\">RAFAEL ANDERSON DE ARA\u00daJO SILVA<\/td><td class=\"column-15\"><\/td><td class=\"column-16\"><\/td><td class=\"column-17\"><\/td><td class=\"column-18\"><\/td><td class=\"column-19\">0<\/td><td class=\"column-20\"><\/td><td class=\"column-21\">5940<\/td><td class=\"column-22\">31\/05\/2021<\/td><td class=\"column-23\">30\/06\/2021<\/td><td class=\"column-24\">5940<\/td>\n<\/tr>\n<tr class=\"row-451\">\n\t<td class=\"column-1\">32\/2021\t<\/td><td class=\"column-2\">16\/03\/2021<\/td><td class=\"column-3\">17\/03\/2021<\/td><td class=\"column-4\">16\/03\/2021 - 15\/06\/2021<\/td><td class=\"column-5\">37\/2021\t<\/td><td class=\"column-6\">Dispensa<\/td><td class=\"column-7\">Menor Pre\u00e7o Por Item<\/td><td class=\"column-8\"><\/td><td class=\"column-9\">CONTRATA\u00c7\u00c3O DE EMPRESA PARA EXECUCA\u00c7\u00c3O DE SERVI\u00c7OS AUTOMOTIVOS COM FORNECIMENTO DE PE\u00c7AS ORIGINAIS DE REPOSI\u00c7\u00c3O PARA VE\u00cdCULOS DO TIPO M\u00c1QUINAS PESADAS E IMPLEMENTOS.<\/td><td class=\"column-10\">10010000 - Recursos Ordin\u00e1rios<\/td><td class=\"column-11\">153900<\/td><td class=\"column-12\">28.648.280\/0001-68<\/td><td class=\"column-13\">SANTOS &amp; ALVES AUTO SERVICE <\/td><td class=\"column-14\">RAFAEL ANDERSON DE ARA\u00daJO SILVA<\/td><td class=\"column-15\"><\/td><td class=\"column-16\"><\/td><td class=\"column-17\"><\/td><td class=\"column-18\"><\/td><td class=\"column-19\">0<\/td><td class=\"column-20\"><\/td><td class=\"column-21\">6267.96<\/td><td class=\"column-22\">31\/05\/2021<\/td><td class=\"column-23\"><\/td><td class=\"column-24\"><\/td>\n<\/tr>\n<tr class=\"row-452\">\n\t<td class=\"column-1\">32\/2021\t<\/td><td class=\"column-2\">16\/03\/2021<\/td><td class=\"column-3\">17\/03\/2021<\/td><td class=\"column-4\">16\/03\/2021 - 15\/06\/2021<\/td><td class=\"column-5\">37\/2021\t<\/td><td class=\"column-6\">Dispensa<\/td><td class=\"column-7\">Menor Pre\u00e7o Por Item<\/td><td class=\"column-8\"><\/td><td class=\"column-9\">CONTRATA\u00c7\u00c3O DE EMPRESA PARA EXECUCA\u00c7\u00c3O DE SERVI\u00c7OS AUTOMOTIVOS COM FORNECIMENTO DE PE\u00c7AS ORIGINAIS DE REPOSI\u00c7\u00c3O PARA VE\u00cdCULOS DO TIPO M\u00c1QUINAS PESADAS E IMPLEMENTOS.<\/td><td class=\"column-10\">10010000 - Recursos Ordin\u00e1rios<\/td><td class=\"column-11\">153900<\/td><td class=\"column-12\">28.648.280\/0001-68<\/td><td class=\"column-13\">SANTOS &amp; ALVES AUTO SERVICE <\/td><td class=\"column-14\">RAFAEL ANDERSON DE ARA\u00daJO SILVA<\/td><td class=\"column-15\"><\/td><td class=\"column-16\"><\/td><td class=\"column-17\"><\/td><td class=\"column-18\"><\/td><td class=\"column-19\">0<\/td><td class=\"column-20\"><\/td><td class=\"column-21\">6267.96<\/td><td class=\"column-22\">31\/05\/2021<\/td><td class=\"column-23\">23\/06\/2021<\/td><td class=\"column-24\">6267.96<\/td>\n<\/tr>\n<tr class=\"row-453\">\n\t<td class=\"column-1\">32\/2021\t<\/td><td class=\"column-2\">16\/03\/2021<\/td><td class=\"column-3\">17\/03\/2021<\/td><td class=\"column-4\">16\/03\/2021 - 15\/06\/2021<\/td><td class=\"column-5\">37\/2021\t<\/td><td class=\"column-6\">Dispensa<\/td><td class=\"column-7\">Menor Pre\u00e7o Por Item<\/td><td class=\"column-8\"><\/td><td class=\"column-9\">CONTRATA\u00c7\u00c3O DE EMPRESA PARA EXECUCA\u00c7\u00c3O DE SERVI\u00c7OS AUTOMOTIVOS COM FORNECIMENTO DE PE\u00c7AS ORIGINAIS DE REPOSI\u00c7\u00c3O PARA VE\u00cdCULOS DO TIPO M\u00c1QUINAS PESADAS E IMPLEMENTOS.<\/td><td class=\"column-10\">10010000 - Recursos Ordin\u00e1rios<\/td><td class=\"column-11\">153900<\/td><td class=\"column-12\">28.648.280\/0001-68<\/td><td class=\"column-13\">SANTOS &amp; ALVES AUTO SERVICE <\/td><td class=\"column-14\">RAFAEL ANDERSON DE ARA\u00daJO SILVA<\/td><td class=\"column-15\"><\/td><td class=\"column-16\"><\/td><td class=\"column-17\"><\/td><td class=\"column-18\"><\/td><td class=\"column-19\">0<\/td><td class=\"column-20\"><\/td><td class=\"column-21\">8085<\/td><td class=\"column-22\">31\/05\/2021<\/td><td class=\"column-23\"><\/td><td class=\"column-24\"><\/td>\n<\/tr>\n<tr class=\"row-454\">\n\t<td class=\"column-1\">32\/2021\t<\/td><td class=\"column-2\">16\/03\/2021<\/td><td class=\"column-3\">17\/03\/2021<\/td><td class=\"column-4\">16\/03\/2021 - 15\/06\/2021<\/td><td class=\"column-5\">37\/2021\t<\/td><td class=\"column-6\">Dispensa<\/td><td class=\"column-7\">Menor Pre\u00e7o Por Item<\/td><td class=\"column-8\"><\/td><td class=\"column-9\">CONTRATA\u00c7\u00c3O DE EMPRESA PARA EXECUCA\u00c7\u00c3O DE SERVI\u00c7OS AUTOMOTIVOS COM FORNECIMENTO DE PE\u00c7AS ORIGINAIS DE REPOSI\u00c7\u00c3O PARA VE\u00cdCULOS DO TIPO M\u00c1QUINAS PESADAS E IMPLEMENTOS.<\/td><td class=\"column-10\">10010000 - Recursos Ordin\u00e1rios<\/td><td class=\"column-11\">153900<\/td><td class=\"column-12\">28.648.280\/0001-68<\/td><td class=\"column-13\">SANTOS &amp; ALVES AUTO SERVICE <\/td><td class=\"column-14\">RAFAEL ANDERSON DE ARA\u00daJO SILVA<\/td><td class=\"column-15\"><\/td><td class=\"column-16\"><\/td><td class=\"column-17\"><\/td><td class=\"column-18\"><\/td><td class=\"column-19\">0<\/td><td class=\"column-20\"><\/td><td class=\"column-21\">8085<\/td><td class=\"column-22\">31\/05\/2021<\/td><td class=\"column-23\">23\/06\/2021<\/td><td class=\"column-24\">8085<\/td>\n<\/tr>\n<tr class=\"row-455\">\n\t<td class=\"column-1\">32\/2021\t<\/td><td class=\"column-2\">16\/03\/2021<\/td><td class=\"column-3\">17\/03\/2021<\/td><td class=\"column-4\">16\/03\/2021 - 15\/06\/2021<\/td><td class=\"column-5\">37\/2021\t<\/td><td class=\"column-6\">Dispensa<\/td><td class=\"column-7\">Menor Pre\u00e7o Por Item<\/td><td class=\"column-8\"><\/td><td class=\"column-9\">CONTRATA\u00c7\u00c3O DE EMPRESA PARA EXECUCA\u00c7\u00c3O DE SERVI\u00c7OS AUTOMOTIVOS COM FORNECIMENTO DE PE\u00c7AS ORIGINAIS DE REPOSI\u00c7\u00c3O PARA VE\u00cdCULOS DO TIPO M\u00c1QUINAS PESADAS E IMPLEMENTOS.<\/td><td class=\"column-10\">10010000 - Recursos Ordin\u00e1rios<\/td><td class=\"column-11\">153900<\/td><td class=\"column-12\">28.648.280\/0001-68<\/td><td class=\"column-13\">SANTOS &amp; ALVES AUTO SERVICE <\/td><td class=\"column-14\">RAFAEL ANDERSON DE ARA\u00daJO SILVA<\/td><td class=\"column-15\"><\/td><td class=\"column-16\"><\/td><td class=\"column-17\"><\/td><td class=\"column-18\"><\/td><td class=\"column-19\">0<\/td><td class=\"column-20\"><\/td><td class=\"column-21\">11005.2<\/td><td class=\"column-22\">31\/05\/2021<\/td><td class=\"column-23\"><\/td><td class=\"column-24\"><\/td>\n<\/tr>\n<tr class=\"row-456\">\n\t<td class=\"column-1\">32\/2021\t<\/td><td class=\"column-2\">16\/03\/2021<\/td><td class=\"column-3\">17\/03\/2021<\/td><td class=\"column-4\">16\/03\/2021 - 15\/06\/2021<\/td><td class=\"column-5\">37\/2021\t<\/td><td class=\"column-6\">Dispensa<\/td><td class=\"column-7\">Menor Pre\u00e7o Por Item<\/td><td class=\"column-8\"><\/td><td class=\"column-9\">CONTRATA\u00c7\u00c3O DE EMPRESA PARA EXECUCA\u00c7\u00c3O DE SERVI\u00c7OS AUTOMOTIVOS COM FORNECIMENTO DE PE\u00c7AS ORIGINAIS DE REPOSI\u00c7\u00c3O PARA VE\u00cdCULOS DO TIPO M\u00c1QUINAS PESADAS E IMPLEMENTOS.<\/td><td class=\"column-10\">10010000 - Recursos Ordin\u00e1rios<\/td><td class=\"column-11\">153900<\/td><td class=\"column-12\">28.648.280\/0001-68<\/td><td class=\"column-13\">SANTOS &amp; ALVES AUTO SERVICE <\/td><td class=\"column-14\">RAFAEL ANDERSON DE ARA\u00daJO SILVA<\/td><td class=\"column-15\"><\/td><td class=\"column-16\"><\/td><td class=\"column-17\"><\/td><td class=\"column-18\"><\/td><td class=\"column-19\">0<\/td><td class=\"column-20\"><\/td><td class=\"column-21\">11005.2<\/td><td class=\"column-22\">31\/05\/2021<\/td><td class=\"column-23\">23\/06\/2021<\/td><td class=\"column-24\">11005.2<\/td>\n<\/tr>\n<tr class=\"row-457\">\n\t<td class=\"column-1\">32\/2021\t<\/td><td class=\"column-2\">16\/03\/2021<\/td><td class=\"column-3\">17\/03\/2021<\/td><td class=\"column-4\">16\/03\/2021 - 15\/06\/2021<\/td><td class=\"column-5\">37\/2021\t<\/td><td class=\"column-6\">Dispensa<\/td><td class=\"column-7\">Menor Pre\u00e7o Por Item<\/td><td class=\"column-8\"><\/td><td class=\"column-9\">CONTRATA\u00c7\u00c3O DE EMPRESA PARA EXECUCA\u00c7\u00c3O DE SERVI\u00c7OS AUTOMOTIVOS COM FORNECIMENTO DE PE\u00c7AS ORIGINAIS DE REPOSI\u00c7\u00c3O PARA VE\u00cdCULOS DO TIPO M\u00c1QUINAS PESADAS E IMPLEMENTOS.<\/td><td class=\"column-10\">10010000 - Recursos Ordin\u00e1rios<\/td><td class=\"column-11\">153900<\/td><td class=\"column-12\">28.648.280\/0001-68<\/td><td class=\"column-13\">SANTOS &amp; ALVES AUTO SERVICE <\/td><td class=\"column-14\">RAFAEL ANDERSON DE ARA\u00daJO SILVA<\/td><td class=\"column-15\"><\/td><td class=\"column-16\"><\/td><td class=\"column-17\"><\/td><td class=\"column-18\"><\/td><td class=\"column-19\">0<\/td><td class=\"column-20\"><\/td><td class=\"column-21\">13398.3<\/td><td class=\"column-22\">31\/05\/2021<\/td><td class=\"column-23\"><\/td><td class=\"column-24\"><\/td>\n<\/tr>\n<tr class=\"row-458\">\n\t<td class=\"column-1\">32\/2021\t<\/td><td class=\"column-2\">16\/03\/2021<\/td><td class=\"column-3\">17\/03\/2021<\/td><td class=\"column-4\">16\/03\/2021 - 15\/06\/2021<\/td><td class=\"column-5\">37\/2021\t<\/td><td class=\"column-6\">Dispensa<\/td><td class=\"column-7\">Menor Pre\u00e7o Por Item<\/td><td class=\"column-8\"><\/td><td class=\"column-9\">CONTRATA\u00c7\u00c3O DE EMPRESA PARA EXECUCA\u00c7\u00c3O DE SERVI\u00c7OS AUTOMOTIVOS COM FORNECIMENTO DE PE\u00c7AS ORIGINAIS DE REPOSI\u00c7\u00c3O PARA VE\u00cdCULOS DO TIPO M\u00c1QUINAS PESADAS E IMPLEMENTOS.<\/td><td class=\"column-10\">10010000 - Recursos Ordin\u00e1rios<\/td><td class=\"column-11\">153900<\/td><td class=\"column-12\">28.648.280\/0001-68<\/td><td class=\"column-13\">SANTOS &amp; ALVES AUTO SERVICE <\/td><td class=\"column-14\">RAFAEL ANDERSON DE ARA\u00daJO SILVA<\/td><td class=\"column-15\"><\/td><td class=\"column-16\"><\/td><td class=\"column-17\"><\/td><td class=\"column-18\"><\/td><td class=\"column-19\">0<\/td><td class=\"column-20\"><\/td><td class=\"column-21\">13398.3<\/td><td class=\"column-22\">31\/05\/2021<\/td><td class=\"column-23\">30\/06\/2021<\/td><td class=\"column-24\">13398.3<\/td>\n<\/tr>\n<tr class=\"row-459\">\n\t<td class=\"column-1\">33\/2021\t<\/td><td class=\"column-2\">18\/03\/2021<\/td><td class=\"column-3\">19\/03\/2021<\/td><td class=\"column-4\">18\/03\/2021 - 31\/12\/2021<\/td><td class=\"column-5\">38\/2021\t<\/td><td class=\"column-6\">Dispensa<\/td><td class=\"column-7\">Menor Pre\u00e7o Por Item<\/td><td class=\"column-8\"><\/td><td class=\"column-9\">CONTRATA\u00c7\u00c3O DE EMPRESA PARA PRESTA\u00c7\u00c3O DE SERVI\u00c7OS PARA MANUTEN\u00c7\u00c3O E CONFEC\u00c7\u00c3O DE PORT\u00d5ES DE ACORDO COM O TERMO DE REFER\u00caNCIA<\/td><td class=\"column-10\">10010000 - Recursos Ordin\u00e1rios<\/td><td class=\"column-11\">17200<\/td><td class=\"column-12\">25.112.102\/0001-20<\/td><td class=\"column-13\">JOAO PAULO MARTINS GALDINO 10189724471<\/td><td class=\"column-14\">RAFAEL ANDERSON DE ARA\u00daJO SILVA<\/td><td class=\"column-15\"><\/td><td class=\"column-16\"><\/td><td class=\"column-17\"><\/td><td class=\"column-18\"><\/td><td class=\"column-19\">0<\/td><td class=\"column-20\"><\/td><td class=\"column-21\"><\/td><td class=\"column-22\"><\/td><td class=\"column-23\"><\/td><td class=\"column-24\"><\/td>\n<\/tr>\n<tr class=\"row-460\">\n\t<td class=\"column-1\">33\/2021\t<\/td><td class=\"column-2\">18\/03\/2021<\/td><td class=\"column-3\">19\/03\/2021<\/td><td class=\"column-4\">18\/03\/2021 - 31\/12\/2021<\/td><td class=\"column-5\">38\/2021\t<\/td><td class=\"column-6\">Dispensa<\/td><td class=\"column-7\">Menor Pre\u00e7o Por Item<\/td><td class=\"column-8\"><\/td><td class=\"column-9\">CONTRATA\u00c7\u00c3O DE EMPRESA PARA PRESTA\u00c7\u00c3O DE SERVI\u00c7OS PARA MANUTEN\u00c7\u00c3O E CONFEC\u00c7\u00c3O DE PORT\u00d5ES DE ACORDO COM O TERMO DE REFER\u00caNCIA<\/td><td class=\"column-10\">10010000 - Recursos Ordin\u00e1rios<\/td><td class=\"column-11\">17200<\/td><td class=\"column-12\">25.112.102\/0001-20<\/td><td class=\"column-13\">JOAO PAULO MARTINS GALDINO 10189724471<\/td><td class=\"column-14\">RAFAEL ANDERSON DE ARA\u00daJO SILVA<\/td><td class=\"column-15\"><\/td><td class=\"column-16\"><\/td><td class=\"column-17\"><\/td><td class=\"column-18\"><\/td><td class=\"column-19\">0<\/td><td class=\"column-20\"><\/td><td class=\"column-21\">4160.7<\/td><td class=\"column-22\">01\/07\/2021<\/td><td class=\"column-23\">19\/07\/2021<\/td><td class=\"column-24\">4160.7<\/td>\n<\/tr>\n<tr class=\"row-461\">\n\t<td class=\"column-1\">33\/2021\t<\/td><td class=\"column-2\">18\/03\/2021<\/td><td class=\"column-3\">19\/03\/2021<\/td><td class=\"column-4\">18\/03\/2021 - 31\/12\/2021<\/td><td class=\"column-5\">38\/2021\t<\/td><td class=\"column-6\">Dispensa<\/td><td class=\"column-7\">Menor Pre\u00e7o Por Item<\/td><td class=\"column-8\"><\/td><td class=\"column-9\">CONTRATA\u00c7\u00c3O DE EMPRESA PARA PRESTA\u00c7\u00c3O DE SERVI\u00c7OS PARA MANUTEN\u00c7\u00c3O E CONFEC\u00c7\u00c3O DE PORT\u00d5ES DE ACORDO COM O TERMO DE REFER\u00caNCIA<\/td><td class=\"column-10\">10010000 - Recursos Ordin\u00e1rios<\/td><td class=\"column-11\">17200<\/td><td class=\"column-12\">25.112.102\/0001-20<\/td><td class=\"column-13\">JOAO PAULO MARTINS GALDINO 10189724471<\/td><td class=\"column-14\">RAFAEL ANDERSON DE ARA\u00daJO SILVA<\/td><td class=\"column-15\"><\/td><td class=\"column-16\"><\/td><td class=\"column-17\"><\/td><td class=\"column-18\"><\/td><td class=\"column-19\">0<\/td><td class=\"column-20\"><\/td><td class=\"column-21\">1220<\/td><td class=\"column-22\">12\/11\/2021<\/td><td class=\"column-23\">18\/11\/2021<\/td><td class=\"column-24\">1220<\/td>\n<\/tr>\n<tr class=\"row-462\">\n\t<td class=\"column-1\">33\/2021\t<\/td><td class=\"column-2\">18\/03\/2021<\/td><td class=\"column-3\">19\/03\/2021<\/td><td class=\"column-4\">18\/03\/2021 - 31\/12\/2021<\/td><td class=\"column-5\">38\/2021\t<\/td><td class=\"column-6\">Dispensa<\/td><td class=\"column-7\">Menor Pre\u00e7o Por Item<\/td><td class=\"column-8\"><\/td><td class=\"column-9\">CONTRATA\u00c7\u00c3O DE EMPRESA PARA PRESTA\u00c7\u00c3O DE SERVI\u00c7OS PARA MANUTEN\u00c7\u00c3O E CONFEC\u00c7\u00c3O DE PORT\u00d5ES DE ACORDO COM O TERMO DE REFER\u00caNCIA<\/td><td class=\"column-10\">10010000 - Recursos Ordin\u00e1rios<\/td><td class=\"column-11\">17200<\/td><td class=\"column-12\">25.112.102\/0001-20<\/td><td class=\"column-13\">JOAO PAULO MARTINS GALDINO 10189724471<\/td><td class=\"column-14\">RAFAEL ANDERSON DE ARA\u00daJO SILVA<\/td><td class=\"column-15\"><\/td><td class=\"column-16\"><\/td><td class=\"column-17\"><\/td><td class=\"column-18\"><\/td><td class=\"column-19\">0<\/td><td class=\"column-20\"><\/td><td class=\"column-21\">2200<\/td><td class=\"column-22\">19\/05\/2021<\/td><td class=\"column-23\">21\/05\/2021<\/td><td class=\"column-24\">2200<\/td>\n<\/tr>\n<tr class=\"row-463\">\n\t<td class=\"column-1\">33\/2021\t<\/td><td class=\"column-2\">18\/03\/2021<\/td><td class=\"column-3\">19\/03\/2021<\/td><td class=\"column-4\">18\/03\/2021 - 31\/12\/2021<\/td><td class=\"column-5\">38\/2021\t<\/td><td class=\"column-6\">Dispensa<\/td><td class=\"column-7\">Menor Pre\u00e7o Por Item<\/td><td class=\"column-8\"><\/td><td class=\"column-9\">CONTRATA\u00c7\u00c3O DE EMPRESA PARA PRESTA\u00c7\u00c3O DE SERVI\u00c7OS PARA MANUTEN\u00c7\u00c3O E CONFEC\u00c7\u00c3O DE PORT\u00d5ES DE ACORDO COM O TERMO DE REFER\u00caNCIA<\/td><td class=\"column-10\">10010000 - Recursos Ordin\u00e1rios<\/td><td class=\"column-11\">17200<\/td><td class=\"column-12\">25.112.102\/0001-20<\/td><td class=\"column-13\">JOAO PAULO MARTINS GALDINO 10189724471<\/td><td class=\"column-14\">RAFAEL ANDERSON DE ARA\u00daJO SILVA<\/td><td class=\"column-15\"><\/td><td class=\"column-16\"><\/td><td class=\"column-17\"><\/td><td class=\"column-18\"><\/td><td class=\"column-19\">0<\/td><td class=\"column-20\"><\/td><td class=\"column-21\">2775.01<\/td><td class=\"column-22\">21\/10\/2021<\/td><td class=\"column-23\">03\/11\/2021<\/td><td class=\"column-24\">2775.01<\/td>\n<\/tr>\n<tr class=\"row-464\">\n\t<td class=\"column-1\">33\/2021\t<\/td><td class=\"column-2\">18\/03\/2021<\/td><td class=\"column-3\">19\/03\/2021<\/td><td class=\"column-4\">18\/03\/2021 - 31\/12\/2021<\/td><td class=\"column-5\">38\/2021\t<\/td><td class=\"column-6\">Dispensa<\/td><td class=\"column-7\">Menor Pre\u00e7o Por Item<\/td><td class=\"column-8\"><\/td><td class=\"column-9\">CONTRATA\u00c7\u00c3O DE EMPRESA PARA PRESTA\u00c7\u00c3O DE SERVI\u00c7OS PARA MANUTEN\u00c7\u00c3O E CONFEC\u00c7\u00c3O DE PORT\u00d5ES DE ACORDO COM O TERMO DE REFER\u00caNCIA<\/td><td class=\"column-10\">10010000 - Recursos Ordin\u00e1rios<\/td><td class=\"column-11\">17200<\/td><td class=\"column-12\">25.112.102\/0001-20<\/td><td class=\"column-13\">JOAO PAULO MARTINS GALDINO 10189724471<\/td><td class=\"column-14\">RAFAEL ANDERSON DE ARA\u00daJO SILVA<\/td><td class=\"column-15\"><\/td><td class=\"column-16\"><\/td><td class=\"column-17\"><\/td><td class=\"column-18\"><\/td><td class=\"column-19\">0<\/td><td class=\"column-20\"><\/td><td class=\"column-21\">3580<\/td><td class=\"column-22\">31\/03\/2021<\/td><td class=\"column-23\">12\/04\/2021<\/td><td class=\"column-24\">3580<\/td>\n<\/tr>\n<tr class=\"row-465\">\n\t<td class=\"column-1\">34\/2021\t<\/td><td class=\"column-2\">24\/03\/2021<\/td><td class=\"column-3\">25\/03\/2021<\/td><td class=\"column-4\">24\/03\/2021 - 23\/06\/2021<\/td><td class=\"column-5\">41\/2021\t<\/td><td class=\"column-6\">Dispensa<\/td><td class=\"column-7\">Menor Pre\u00e7o Global<\/td><td class=\"column-8\"><\/td><td class=\"column-9\">CONTRATA\u00c7\u00c3O DE EMPRESA PARA EXECU\u00c7\u00c3O DE SERVI\u00c7OS AUTOMOTIVOS COM FORNECIMENTO DE PE\u00c7AS ORIGINAIS DE REPOSI\u00c7\u00c3O PARA VE\u00cdCULOS A DIESEL, GASOLINA E ETANOL PERTENCENTES AS UNIDADES ADMINISTRATIVAS DESTE MUNIC\u00cdPIO DE ACORDO COM O TERMO DE REFER\u00caNCIA \u2013 ANEXO I.<\/td><td class=\"column-10\">13110000 - Transfer\u00eancia de Recursos do Fundo Nacional de Assist\u00eancia Social - FNAS<\/td><td class=\"column-11\">159450<\/td><td class=\"column-12\">35.902.448\/0001-85<\/td><td class=\"column-13\">PEDRO PAULO HERCULANO VALENTIM DA COSTA - ME<\/td><td class=\"column-14\">RAFAEL ANDERSON DE ARA\u00daJO SILVA<\/td><td class=\"column-15\"><\/td><td class=\"column-16\"><\/td><td class=\"column-17\"><\/td><td class=\"column-18\"><\/td><td class=\"column-19\">0<\/td><td class=\"column-20\"><\/td><td class=\"column-21\"><\/td><td class=\"column-22\"><\/td><td class=\"column-23\"><\/td><td class=\"column-24\"><\/td>\n<\/tr>\n<tr class=\"row-466\">\n\t<td class=\"column-1\">34\/2021\t<\/td><td class=\"column-2\">24\/03\/2021<\/td><td class=\"column-3\">25\/03\/2021<\/td><td class=\"column-4\">24\/03\/2021 - 23\/06\/2021<\/td><td class=\"column-5\">41\/2021\t<\/td><td class=\"column-6\">Dispensa<\/td><td class=\"column-7\">Menor Pre\u00e7o Global<\/td><td class=\"column-8\"><\/td><td class=\"column-9\">CONTRATA\u00c7\u00c3O DE EMPRESA PARA EXECU\u00c7\u00c3O DE SERVI\u00c7OS AUTOMOTIVOS COM FORNECIMENTO DE PE\u00c7AS ORIGINAIS DE REPOSI\u00c7\u00c3O PARA VE\u00cdCULOS A DIESEL, GASOLINA E ETANOL PERTENCENTES AS UNIDADES ADMINISTRATIVAS DESTE MUNIC\u00cdPIO DE ACORDO COM O TERMO DE REFER\u00caNCIA \u2013 ANEXO I.<\/td><td class=\"column-10\">13110000 - Transfer\u00eancia de Recursos do Fundo Nacional de Assist\u00eancia Social - FNAS<\/td><td class=\"column-11\">159450<\/td><td class=\"column-12\">35.902.448\/0001-85<\/td><td class=\"column-13\">PEDRO PAULO HERCULANO VALENTIM DA COSTA - ME<\/td><td class=\"column-14\">RAFAEL ANDERSON DE ARA\u00daJO SILVA<\/td><td class=\"column-15\"><\/td><td class=\"column-16\"><\/td><td class=\"column-17\"><\/td><td class=\"column-18\"><\/td><td class=\"column-19\">0<\/td><td class=\"column-20\"><\/td><td class=\"column-21\">13268.3<\/td><td class=\"column-22\">02\/07\/2021<\/td><td class=\"column-23\">02\/07\/2021<\/td><td class=\"column-24\">13268.3<\/td>\n<\/tr>\n<tr class=\"row-467\">\n\t<td class=\"column-1\">34\/2021\t<\/td><td class=\"column-2\">24\/03\/2021<\/td><td class=\"column-3\">25\/03\/2021<\/td><td class=\"column-4\">24\/03\/2021 - 23\/06\/2021<\/td><td class=\"column-5\">41\/2021\t<\/td><td class=\"column-6\">Dispensa<\/td><td class=\"column-7\">Menor Pre\u00e7o Global<\/td><td class=\"column-8\"><\/td><td class=\"column-9\">CONTRATA\u00c7\u00c3O DE EMPRESA PARA EXECU\u00c7\u00c3O DE SERVI\u00c7OS AUTOMOTIVOS COM FORNECIMENTO DE PE\u00c7AS ORIGINAIS DE REPOSI\u00c7\u00c3O PARA VE\u00cdCULOS A DIESEL, GASOLINA E ETANOL PERTENCENTES AS UNIDADES ADMINISTRATIVAS DESTE MUNIC\u00cdPIO DE ACORDO COM O TERMO DE REFER\u00caNCIA \u2013 ANEXO I.<\/td><td class=\"column-10\">13110000 - Transfer\u00eancia de Recursos do Fundo Nacional de Assist\u00eancia Social - FNAS<\/td><td class=\"column-11\">159450<\/td><td class=\"column-12\">35.902.448\/0001-85<\/td><td class=\"column-13\">PEDRO PAULO HERCULANO VALENTIM DA COSTA - ME<\/td><td class=\"column-14\">RAFAEL ANDERSON DE ARA\u00daJO SILVA<\/td><td class=\"column-15\"><\/td><td class=\"column-16\"><\/td><td class=\"column-17\"><\/td><td class=\"column-18\"><\/td><td class=\"column-19\">0<\/td><td class=\"column-20\"><\/td><td class=\"column-21\">21.25<\/td><td class=\"column-22\">13\/04\/2021<\/td><td class=\"column-23\">13\/04\/2021<\/td><td class=\"column-24\">21.25<\/td>\n<\/tr>\n<tr class=\"row-468\">\n\t<td class=\"column-1\">34\/2021\t<\/td><td class=\"column-2\">24\/03\/2021<\/td><td class=\"column-3\">25\/03\/2021<\/td><td class=\"column-4\">24\/03\/2021 - 23\/06\/2021<\/td><td class=\"column-5\">41\/2021\t<\/td><td class=\"column-6\">Dispensa<\/td><td class=\"column-7\">Menor Pre\u00e7o Global<\/td><td class=\"column-8\"><\/td><td class=\"column-9\">CONTRATA\u00c7\u00c3O DE EMPRESA PARA EXECU\u00c7\u00c3O DE SERVI\u00c7OS AUTOMOTIVOS COM FORNECIMENTO DE PE\u00c7AS ORIGINAIS DE REPOSI\u00c7\u00c3O PARA VE\u00cdCULOS A DIESEL, GASOLINA E ETANOL PERTENCENTES AS UNIDADES ADMINISTRATIVAS DESTE MUNIC\u00cdPIO DE ACORDO COM O TERMO DE REFER\u00caNCIA \u2013 ANEXO I.<\/td><td class=\"column-10\">13110000 - Transfer\u00eancia de Recursos do Fundo Nacional de Assist\u00eancia Social - FNAS<\/td><td class=\"column-11\">159450<\/td><td class=\"column-12\">35.902.448\/0001-85<\/td><td class=\"column-13\">PEDRO PAULO HERCULANO VALENTIM DA COSTA - ME<\/td><td class=\"column-14\">RAFAEL ANDERSON DE ARA\u00daJO SILVA<\/td><td class=\"column-15\"><\/td><td class=\"column-16\"><\/td><td class=\"column-17\"><\/td><td class=\"column-18\"><\/td><td class=\"column-19\">0<\/td><td class=\"column-20\"><\/td><td class=\"column-21\">807.5<\/td><td class=\"column-22\">13\/04\/2021<\/td><td class=\"column-23\">13\/04\/2021<\/td><td class=\"column-24\">807.5<\/td>\n<\/tr>\n<tr class=\"row-469\">\n\t<td class=\"column-1\">34\/2021\t<\/td><td class=\"column-2\">24\/03\/2021<\/td><td class=\"column-3\">25\/03\/2021<\/td><td class=\"column-4\">24\/03\/2021 - 23\/06\/2021<\/td><td class=\"column-5\">41\/2021\t<\/td><td class=\"column-6\">Dispensa<\/td><td class=\"column-7\">Menor Pre\u00e7o Global<\/td><td class=\"column-8\"><\/td><td class=\"column-9\">CONTRATA\u00c7\u00c3O DE EMPRESA PARA EXECU\u00c7\u00c3O DE SERVI\u00c7OS AUTOMOTIVOS COM FORNECIMENTO DE PE\u00c7AS ORIGINAIS DE REPOSI\u00c7\u00c3O PARA VE\u00cdCULOS A DIESEL, GASOLINA E ETANOL PERTENCENTES AS UNIDADES ADMINISTRATIVAS DESTE MUNIC\u00cdPIO DE ACORDO COM O TERMO DE REFER\u00caNCIA \u2013 ANEXO I.<\/td><td class=\"column-10\">13110000 - Transfer\u00eancia de Recursos do Fundo Nacional de Assist\u00eancia Social - FNAS<\/td><td class=\"column-11\">159450<\/td><td class=\"column-12\">35.902.448\/0001-85<\/td><td class=\"column-13\">PEDRO PAULO HERCULANO VALENTIM DA COSTA - ME<\/td><td class=\"column-14\">RAFAEL ANDERSON DE ARA\u00daJO SILVA<\/td><td class=\"column-15\"><\/td><td class=\"column-16\"><\/td><td class=\"column-17\"><\/td><td class=\"column-18\"><\/td><td class=\"column-19\">0<\/td><td class=\"column-20\"><\/td><td class=\"column-21\">999<\/td><td class=\"column-22\">13\/04\/2021<\/td><td class=\"column-23\">13\/04\/2021<\/td><td class=\"column-24\">999<\/td>\n<\/tr>\n<tr class=\"row-470\">\n\t<td class=\"column-1\">34\/2021\t<\/td><td class=\"column-2\">24\/03\/2021<\/td><td class=\"column-3\">25\/03\/2021<\/td><td class=\"column-4\">24\/03\/2021 - 23\/06\/2021<\/td><td class=\"column-5\">41\/2021\t<\/td><td class=\"column-6\">Dispensa<\/td><td class=\"column-7\">Menor Pre\u00e7o Global<\/td><td class=\"column-8\"><\/td><td class=\"column-9\">CONTRATA\u00c7\u00c3O DE EMPRESA PARA EXECU\u00c7\u00c3O DE SERVI\u00c7OS AUTOMOTIVOS COM FORNECIMENTO DE PE\u00c7AS ORIGINAIS DE REPOSI\u00c7\u00c3O PARA VE\u00cdCULOS A DIESEL, GASOLINA E ETANOL PERTENCENTES AS UNIDADES ADMINISTRATIVAS DESTE MUNIC\u00cdPIO DE ACORDO COM O TERMO DE REFER\u00caNCIA \u2013 ANEXO I.<\/td><td class=\"column-10\">13110000 - Transfer\u00eancia de Recursos do Fundo Nacional de Assist\u00eancia Social - FNAS<\/td><td class=\"column-11\">159450<\/td><td class=\"column-12\">35.902.448\/0001-85<\/td><td class=\"column-13\">PEDRO PAULO HERCULANO VALENTIM DA COSTA - ME<\/td><td class=\"column-14\">RAFAEL ANDERSON DE ARA\u00daJO SILVA<\/td><td class=\"column-15\"><\/td><td class=\"column-16\"><\/td><td class=\"column-17\"><\/td><td class=\"column-18\"><\/td><td class=\"column-19\">0<\/td><td class=\"column-20\"><\/td><td class=\"column-21\">1215<\/td><td class=\"column-22\">13\/04\/2021<\/td><td class=\"column-23\">13\/04\/2021<\/td><td class=\"column-24\">1215<\/td>\n<\/tr>\n<tr class=\"row-471\">\n\t<td class=\"column-1\">34\/2021\t<\/td><td class=\"column-2\">24\/03\/2021<\/td><td class=\"column-3\">25\/03\/2021<\/td><td class=\"column-4\">24\/03\/2021 - 23\/06\/2021<\/td><td class=\"column-5\">41\/2021\t<\/td><td class=\"column-6\">Dispensa<\/td><td class=\"column-7\">Menor Pre\u00e7o Global<\/td><td class=\"column-8\"><\/td><td class=\"column-9\">CONTRATA\u00c7\u00c3O DE EMPRESA PARA EXECU\u00c7\u00c3O DE SERVI\u00c7OS AUTOMOTIVOS COM FORNECIMENTO DE PE\u00c7AS ORIGINAIS DE REPOSI\u00c7\u00c3O PARA VE\u00cdCULOS A DIESEL, GASOLINA E ETANOL PERTENCENTES AS UNIDADES ADMINISTRATIVAS DESTE MUNIC\u00cdPIO DE ACORDO COM O TERMO DE REFER\u00caNCIA \u2013 ANEXO I.<\/td><td class=\"column-10\">13110000 - Transfer\u00eancia de Recursos do Fundo Nacional de Assist\u00eancia Social - FNAS<\/td><td class=\"column-11\">159450<\/td><td class=\"column-12\">35.902.448\/0001-85<\/td><td class=\"column-13\">PEDRO PAULO HERCULANO VALENTIM DA COSTA - ME<\/td><td class=\"column-14\">RAFAEL ANDERSON DE ARA\u00daJO SILVA<\/td><td class=\"column-15\"><\/td><td class=\"column-16\"><\/td><td class=\"column-17\"><\/td><td class=\"column-18\"><\/td><td class=\"column-19\">0<\/td><td class=\"column-20\"><\/td><td class=\"column-21\">1647<\/td><td class=\"column-22\">13\/04\/2021<\/td><td class=\"column-23\">13\/04\/2021<\/td><td class=\"column-24\">1647<\/td>\n<\/tr>\n<tr class=\"row-472\">\n\t<td class=\"column-1\">34\/2021\t<\/td><td class=\"column-2\">24\/03\/2021<\/td><td class=\"column-3\">25\/03\/2021<\/td><td class=\"column-4\">24\/03\/2021 - 23\/06\/2021<\/td><td class=\"column-5\">41\/2021\t<\/td><td class=\"column-6\">Dispensa<\/td><td class=\"column-7\">Menor Pre\u00e7o Global<\/td><td class=\"column-8\"><\/td><td class=\"column-9\">CONTRATA\u00c7\u00c3O DE EMPRESA PARA EXECU\u00c7\u00c3O DE SERVI\u00c7OS AUTOMOTIVOS COM FORNECIMENTO DE PE\u00c7AS ORIGINAIS DE REPOSI\u00c7\u00c3O PARA VE\u00cdCULOS A DIESEL, GASOLINA E ETANOL PERTENCENTES AS UNIDADES ADMINISTRATIVAS DESTE MUNIC\u00cdPIO DE ACORDO COM O TERMO DE REFER\u00caNCIA \u2013 ANEXO I.<\/td><td class=\"column-10\">13110000 - Transfer\u00eancia de Recursos do Fundo Nacional de Assist\u00eancia Social - FNAS<\/td><td class=\"column-11\">159450<\/td><td class=\"column-12\">35.902.448\/0001-85<\/td><td class=\"column-13\">PEDRO PAULO HERCULANO VALENTIM DA COSTA - ME<\/td><td class=\"column-14\">RAFAEL ANDERSON DE ARA\u00daJO SILVA<\/td><td class=\"column-15\"><\/td><td class=\"column-16\"><\/td><td class=\"column-17\"><\/td><td class=\"column-18\"><\/td><td class=\"column-19\">0<\/td><td class=\"column-20\"><\/td><td class=\"column-21\">2729.7<\/td><td class=\"column-22\">13\/04\/2021<\/td><td class=\"column-23\">13\/04\/2021<\/td><td class=\"column-24\">2729.7<\/td>\n<\/tr>\n<tr class=\"row-473\">\n\t<td class=\"column-1\">34\/2021\t<\/td><td class=\"column-2\">24\/03\/2021<\/td><td class=\"column-3\">25\/03\/2021<\/td><td class=\"column-4\">24\/03\/2021 - 23\/06\/2021<\/td><td class=\"column-5\">41\/2021\t<\/td><td class=\"column-6\">Dispensa<\/td><td class=\"column-7\">Menor Pre\u00e7o Global<\/td><td class=\"column-8\"><\/td><td class=\"column-9\">CONTRATA\u00c7\u00c3O DE EMPRESA PARA EXECU\u00c7\u00c3O DE SERVI\u00c7OS AUTOMOTIVOS COM FORNECIMENTO DE PE\u00c7AS ORIGINAIS DE REPOSI\u00c7\u00c3O PARA VE\u00cdCULOS A DIESEL, GASOLINA E ETANOL PERTENCENTES AS UNIDADES ADMINISTRATIVAS DESTE MUNIC\u00cdPIO DE ACORDO COM O TERMO DE REFER\u00caNCIA \u2013 ANEXO I.<\/td><td class=\"column-10\">13110000 - Transfer\u00eancia de Recursos do Fundo Nacional de Assist\u00eancia Social - FNAS<\/td><td class=\"column-11\">159450<\/td><td class=\"column-12\">35.902.448\/0001-85<\/td><td class=\"column-13\">PEDRO PAULO HERCULANO VALENTIM DA COSTA - ME<\/td><td class=\"column-14\">RAFAEL ANDERSON DE ARA\u00daJO SILVA<\/td><td class=\"column-15\"><\/td><td class=\"column-16\"><\/td><td class=\"column-17\"><\/td><td class=\"column-18\"><\/td><td class=\"column-19\">0<\/td><td class=\"column-20\"><\/td><td class=\"column-21\">3375<\/td><td class=\"column-22\">13\/04\/2021<\/td><td class=\"column-23\">13\/04\/2021<\/td><td class=\"column-24\">3375<\/td>\n<\/tr>\n<tr class=\"row-474\">\n\t<td class=\"column-1\">34\/2021\t<\/td><td class=\"column-2\">24\/03\/2021<\/td><td class=\"column-3\">25\/03\/2021<\/td><td class=\"column-4\">24\/03\/2021 - 23\/06\/2021<\/td><td class=\"column-5\">41\/2021\t<\/td><td class=\"column-6\">Dispensa<\/td><td class=\"column-7\">Menor Pre\u00e7o Global<\/td><td class=\"column-8\"><\/td><td class=\"column-9\">CONTRATA\u00c7\u00c3O DE EMPRESA PARA EXECU\u00c7\u00c3O DE SERVI\u00c7OS AUTOMOTIVOS COM FORNECIMENTO DE PE\u00c7AS ORIGINAIS DE REPOSI\u00c7\u00c3O PARA VE\u00cdCULOS A DIESEL, GASOLINA E ETANOL PERTENCENTES AS UNIDADES ADMINISTRATIVAS DESTE MUNIC\u00cdPIO DE ACORDO COM O TERMO DE REFER\u00caNCIA \u2013 ANEXO I.<\/td><td class=\"column-10\">13110000 - Transfer\u00eancia de Recursos do Fundo Nacional de Assist\u00eancia Social - FNAS<\/td><td class=\"column-11\">159450<\/td><td class=\"column-12\">35.902.448\/0001-85<\/td><td class=\"column-13\">PEDRO PAULO HERCULANO VALENTIM DA COSTA - ME<\/td><td class=\"column-14\">RAFAEL ANDERSON DE ARA\u00daJO SILVA<\/td><td class=\"column-15\"><\/td><td class=\"column-16\"><\/td><td class=\"column-17\"><\/td><td class=\"column-18\"><\/td><td class=\"column-19\">0<\/td><td class=\"column-20\"><\/td><td class=\"column-21\">3449.25<\/td><td class=\"column-22\">13\/04\/2021<\/td><td class=\"column-23\"><\/td><td class=\"column-24\"><\/td>\n<\/tr>\n<tr class=\"row-475\">\n\t<td class=\"column-1\">34\/2021\t<\/td><td class=\"column-2\">24\/03\/2021<\/td><td class=\"column-3\">25\/03\/2021<\/td><td class=\"column-4\">24\/03\/2021 - 23\/06\/2021<\/td><td class=\"column-5\">41\/2021\t<\/td><td class=\"column-6\">Dispensa<\/td><td class=\"column-7\">Menor Pre\u00e7o Global<\/td><td class=\"column-8\"><\/td><td class=\"column-9\">CONTRATA\u00c7\u00c3O DE EMPRESA PARA EXECU\u00c7\u00c3O DE SERVI\u00c7OS AUTOMOTIVOS COM FORNECIMENTO DE PE\u00c7AS ORIGINAIS DE REPOSI\u00c7\u00c3O PARA VE\u00cdCULOS A DIESEL, GASOLINA E ETANOL PERTENCENTES AS UNIDADES ADMINISTRATIVAS DESTE MUNIC\u00cdPIO DE ACORDO COM O TERMO DE REFER\u00caNCIA \u2013 ANEXO I.<\/td><td class=\"column-10\">13110000 - Transfer\u00eancia de Recursos do Fundo Nacional de Assist\u00eancia Social - FNAS<\/td><td class=\"column-11\">159450<\/td><td class=\"column-12\">35.902.448\/0001-85<\/td><td class=\"column-13\">PEDRO PAULO HERCULANO VALENTIM DA COSTA - ME<\/td><td class=\"column-14\">RAFAEL ANDERSON DE ARA\u00daJO SILVA<\/td><td class=\"column-15\"><\/td><td class=\"column-16\"><\/td><td class=\"column-17\"><\/td><td class=\"column-18\"><\/td><td class=\"column-19\">0<\/td><td class=\"column-20\"><\/td><td class=\"column-21\">3449.25<\/td><td class=\"column-22\">13\/04\/2021<\/td><td class=\"column-23\">13\/04\/2021<\/td><td class=\"column-24\">3449.25<\/td>\n<\/tr>\n<tr class=\"row-476\">\n\t<td class=\"column-1\">34\/2021\t<\/td><td class=\"column-2\">24\/03\/2021<\/td><td class=\"column-3\">25\/03\/2021<\/td><td class=\"column-4\">24\/03\/2021 - 23\/06\/2021<\/td><td class=\"column-5\">41\/2021\t<\/td><td class=\"column-6\">Dispensa<\/td><td class=\"column-7\">Menor Pre\u00e7o Global<\/td><td class=\"column-8\"><\/td><td class=\"column-9\">CONTRATA\u00c7\u00c3O DE EMPRESA PARA EXECU\u00c7\u00c3O DE SERVI\u00c7OS AUTOMOTIVOS COM FORNECIMENTO DE PE\u00c7AS ORIGINAIS DE REPOSI\u00c7\u00c3O PARA VE\u00cdCULOS A DIESEL, GASOLINA E ETANOL PERTENCENTES AS UNIDADES ADMINISTRATIVAS DESTE MUNIC\u00cdPIO DE ACORDO COM O TERMO DE REFER\u00caNCIA \u2013 ANEXO I.<\/td><td class=\"column-10\">13110000 - Transfer\u00eancia de Recursos do Fundo Nacional de Assist\u00eancia Social - FNAS<\/td><td class=\"column-11\">159450<\/td><td class=\"column-12\">35.902.448\/0001-85<\/td><td class=\"column-13\">PEDRO PAULO HERCULANO VALENTIM DA COSTA - ME<\/td><td class=\"column-14\">RAFAEL ANDERSON DE ARA\u00daJO SILVA<\/td><td class=\"column-15\"><\/td><td class=\"column-16\"><\/td><td class=\"column-17\"><\/td><td class=\"column-18\"><\/td><td class=\"column-19\">0<\/td><td class=\"column-20\"><\/td><td class=\"column-21\">117.2<\/td><td class=\"column-22\">16\/04\/2021<\/td><td class=\"column-23\">16\/04\/2021<\/td><td class=\"column-24\">117.2<\/td>\n<\/tr>\n<tr class=\"row-477\">\n\t<td class=\"column-1\">34\/2021\t<\/td><td class=\"column-2\">24\/03\/2021<\/td><td class=\"column-3\">25\/03\/2021<\/td><td class=\"column-4\">24\/03\/2021 - 23\/06\/2021<\/td><td class=\"column-5\">41\/2021\t<\/td><td class=\"column-6\">Dispensa<\/td><td class=\"column-7\">Menor Pre\u00e7o Global<\/td><td class=\"column-8\"><\/td><td class=\"column-9\">CONTRATA\u00c7\u00c3O DE EMPRESA PARA EXECU\u00c7\u00c3O DE SERVI\u00c7OS AUTOMOTIVOS COM FORNECIMENTO DE PE\u00c7AS ORIGINAIS DE REPOSI\u00c7\u00c3O PARA VE\u00cdCULOS A DIESEL, GASOLINA E ETANOL PERTENCENTES AS UNIDADES ADMINISTRATIVAS DESTE MUNIC\u00cdPIO DE ACORDO COM O TERMO DE REFER\u00caNCIA \u2013 ANEXO I.<\/td><td class=\"column-10\">13110000 - Transfer\u00eancia de Recursos do Fundo Nacional de Assist\u00eancia Social - FNAS<\/td><td class=\"column-11\">159450<\/td><td class=\"column-12\">35.902.448\/0001-85<\/td><td class=\"column-13\">PEDRO PAULO HERCULANO VALENTIM DA COSTA - ME<\/td><td class=\"column-14\">RAFAEL ANDERSON DE ARA\u00daJO SILVA<\/td><td class=\"column-15\"><\/td><td class=\"column-16\"><\/td><td class=\"column-17\"><\/td><td class=\"column-18\"><\/td><td class=\"column-19\">0<\/td><td class=\"column-20\"><\/td><td class=\"column-21\">140.75<\/td><td class=\"column-22\">16\/04\/2021<\/td><td class=\"column-23\">16\/04\/2021<\/td><td class=\"column-24\">140.75<\/td>\n<\/tr>\n<tr class=\"row-478\">\n\t<td class=\"column-1\">34\/2021\t<\/td><td class=\"column-2\">24\/03\/2021<\/td><td class=\"column-3\">25\/03\/2021<\/td><td class=\"column-4\">24\/03\/2021 - 23\/06\/2021<\/td><td class=\"column-5\">41\/2021\t<\/td><td class=\"column-6\">Dispensa<\/td><td class=\"column-7\">Menor Pre\u00e7o Global<\/td><td class=\"column-8\"><\/td><td class=\"column-9\">CONTRATA\u00c7\u00c3O DE EMPRESA PARA EXECU\u00c7\u00c3O DE SERVI\u00c7OS AUTOMOTIVOS COM FORNECIMENTO DE PE\u00c7AS ORIGINAIS DE REPOSI\u00c7\u00c3O PARA VE\u00cdCULOS A DIESEL, GASOLINA E ETANOL PERTENCENTES AS UNIDADES ADMINISTRATIVAS DESTE MUNIC\u00cdPIO DE ACORDO COM O TERMO DE REFER\u00caNCIA \u2013 ANEXO I.<\/td><td class=\"column-10\">13110000 - Transfer\u00eancia de Recursos do Fundo Nacional de Assist\u00eancia Social - FNAS<\/td><td class=\"column-11\">159450<\/td><td class=\"column-12\">35.902.448\/0001-85<\/td><td class=\"column-13\">PEDRO PAULO HERCULANO VALENTIM DA COSTA - ME<\/td><td class=\"column-14\">RAFAEL ANDERSON DE ARA\u00daJO SILVA<\/td><td class=\"column-15\"><\/td><td class=\"column-16\"><\/td><td class=\"column-17\"><\/td><td class=\"column-18\"><\/td><td class=\"column-19\">0<\/td><td class=\"column-20\"><\/td><td class=\"column-21\">167<\/td><td class=\"column-22\">16\/04\/2021<\/td><td class=\"column-23\">16\/04\/2021<\/td><td class=\"column-24\">167<\/td>\n<\/tr>\n<tr class=\"row-479\">\n\t<td class=\"column-1\">34\/2021\t<\/td><td class=\"column-2\">24\/03\/2021<\/td><td class=\"column-3\">25\/03\/2021<\/td><td class=\"column-4\">24\/03\/2021 - 23\/06\/2021<\/td><td class=\"column-5\">41\/2021\t<\/td><td class=\"column-6\">Dispensa<\/td><td class=\"column-7\">Menor Pre\u00e7o Global<\/td><td class=\"column-8\"><\/td><td class=\"column-9\">CONTRATA\u00c7\u00c3O DE EMPRESA PARA EXECU\u00c7\u00c3O DE SERVI\u00c7OS AUTOMOTIVOS COM FORNECIMENTO DE PE\u00c7AS ORIGINAIS DE REPOSI\u00c7\u00c3O PARA VE\u00cdCULOS A DIESEL, GASOLINA E ETANOL PERTENCENTES AS UNIDADES ADMINISTRATIVAS DESTE MUNIC\u00cdPIO DE ACORDO COM O TERMO DE REFER\u00caNCIA \u2013 ANEXO I.<\/td><td class=\"column-10\">13110000 - Transfer\u00eancia de Recursos do Fundo Nacional de Assist\u00eancia Social - FNAS<\/td><td class=\"column-11\">159450<\/td><td class=\"column-12\">35.902.448\/0001-85<\/td><td class=\"column-13\">PEDRO PAULO HERCULANO VALENTIM DA COSTA - ME<\/td><td class=\"column-14\">RAFAEL ANDERSON DE ARA\u00daJO SILVA<\/td><td class=\"column-15\"><\/td><td class=\"column-16\"><\/td><td class=\"column-17\"><\/td><td class=\"column-18\"><\/td><td class=\"column-19\">0<\/td><td class=\"column-20\"><\/td><td class=\"column-21\">180<\/td><td class=\"column-22\">16\/04\/2021<\/td><td class=\"column-23\">16\/04\/2021<\/td><td class=\"column-24\">180<\/td>\n<\/tr>\n<tr class=\"row-480\">\n\t<td class=\"column-1\">34\/2021\t<\/td><td class=\"column-2\">24\/03\/2021<\/td><td class=\"column-3\">25\/03\/2021<\/td><td class=\"column-4\">24\/03\/2021 - 23\/06\/2021<\/td><td class=\"column-5\">41\/2021\t<\/td><td class=\"column-6\">Dispensa<\/td><td class=\"column-7\">Menor Pre\u00e7o Global<\/td><td class=\"column-8\"><\/td><td class=\"column-9\">CONTRATA\u00c7\u00c3O DE EMPRESA PARA EXECU\u00c7\u00c3O DE SERVI\u00c7OS AUTOMOTIVOS COM FORNECIMENTO DE PE\u00c7AS ORIGINAIS DE REPOSI\u00c7\u00c3O PARA VE\u00cdCULOS A DIESEL, GASOLINA E ETANOL PERTENCENTES AS UNIDADES ADMINISTRATIVAS DESTE MUNIC\u00cdPIO DE ACORDO COM O TERMO DE REFER\u00caNCIA \u2013 ANEXO I.<\/td><td class=\"column-10\">13110000 - Transfer\u00eancia de Recursos do Fundo Nacional de Assist\u00eancia Social - FNAS<\/td><td class=\"column-11\">159450<\/td><td class=\"column-12\">35.902.448\/0001-85<\/td><td class=\"column-13\">PEDRO PAULO HERCULANO VALENTIM DA COSTA - ME<\/td><td class=\"column-14\">RAFAEL ANDERSON DE ARA\u00daJO SILVA<\/td><td class=\"column-15\"><\/td><td class=\"column-16\"><\/td><td class=\"column-17\"><\/td><td class=\"column-18\"><\/td><td class=\"column-19\">0<\/td><td class=\"column-20\"><\/td><td class=\"column-21\">1449.4<\/td><td class=\"column-22\">16\/04\/2021<\/td><td class=\"column-23\">16\/04\/2021<\/td><td class=\"column-24\">1449.4<\/td>\n<\/tr>\n<tr class=\"row-481\">\n\t<td class=\"column-1\">34\/2021\t<\/td><td class=\"column-2\">24\/03\/2021<\/td><td class=\"column-3\">25\/03\/2021<\/td><td class=\"column-4\">24\/03\/2021 - 23\/06\/2021<\/td><td class=\"column-5\">41\/2021\t<\/td><td class=\"column-6\">Dispensa<\/td><td class=\"column-7\">Menor Pre\u00e7o Global<\/td><td class=\"column-8\"><\/td><td class=\"column-9\">CONTRATA\u00c7\u00c3O DE EMPRESA PARA EXECU\u00c7\u00c3O DE SERVI\u00c7OS AUTOMOTIVOS COM FORNECIMENTO DE PE\u00c7AS ORIGINAIS DE REPOSI\u00c7\u00c3O PARA VE\u00cdCULOS A DIESEL, GASOLINA E ETANOL PERTENCENTES AS UNIDADES ADMINISTRATIVAS DESTE MUNIC\u00cdPIO DE ACORDO COM O TERMO DE REFER\u00caNCIA \u2013 ANEXO I.<\/td><td class=\"column-10\">13110000 - Transfer\u00eancia de Recursos do Fundo Nacional de Assist\u00eancia Social - FNAS<\/td><td class=\"column-11\">159450<\/td><td class=\"column-12\">35.902.448\/0001-85<\/td><td class=\"column-13\">PEDRO PAULO HERCULANO VALENTIM DA COSTA - ME<\/td><td class=\"column-14\">RAFAEL ANDERSON DE ARA\u00daJO SILVA<\/td><td class=\"column-15\"><\/td><td class=\"column-16\"><\/td><td class=\"column-17\"><\/td><td class=\"column-18\"><\/td><td class=\"column-19\">0<\/td><td class=\"column-20\"><\/td><td class=\"column-21\">1492.55<\/td><td class=\"column-22\">16\/04\/2021<\/td><td class=\"column-23\">16\/04\/2021<\/td><td class=\"column-24\">1492.55<\/td>\n<\/tr>\n<tr class=\"row-482\">\n\t<td class=\"column-1\">34\/2021\t<\/td><td class=\"column-2\">24\/03\/2021<\/td><td class=\"column-3\">25\/03\/2021<\/td><td class=\"column-4\">24\/03\/2021 - 23\/06\/2021<\/td><td class=\"column-5\">41\/2021\t<\/td><td class=\"column-6\">Dispensa<\/td><td class=\"column-7\">Menor Pre\u00e7o Global<\/td><td class=\"column-8\"><\/td><td class=\"column-9\">CONTRATA\u00c7\u00c3O DE EMPRESA PARA EXECU\u00c7\u00c3O DE SERVI\u00c7OS AUTOMOTIVOS COM FORNECIMENTO DE PE\u00c7AS ORIGINAIS DE REPOSI\u00c7\u00c3O PARA VE\u00cdCULOS A DIESEL, GASOLINA E ETANOL PERTENCENTES AS UNIDADES ADMINISTRATIVAS DESTE MUNIC\u00cdPIO DE ACORDO COM O TERMO DE REFER\u00caNCIA \u2013 ANEXO I.<\/td><td class=\"column-10\">13110000 - Transfer\u00eancia de Recursos do Fundo Nacional de Assist\u00eancia Social - FNAS<\/td><td class=\"column-11\">159450<\/td><td class=\"column-12\">35.902.448\/0001-85<\/td><td class=\"column-13\">PEDRO PAULO HERCULANO VALENTIM DA COSTA - ME<\/td><td class=\"column-14\">RAFAEL ANDERSON DE ARA\u00daJO SILVA<\/td><td class=\"column-15\"><\/td><td class=\"column-16\"><\/td><td class=\"column-17\"><\/td><td class=\"column-18\"><\/td><td class=\"column-19\">0<\/td><td class=\"column-20\"><\/td><td class=\"column-21\">1965<\/td><td class=\"column-22\">16\/04\/2021<\/td><td class=\"column-23\">16\/04\/2021<\/td><td class=\"column-24\">1965<\/td>\n<\/tr>\n<tr class=\"row-483\">\n\t<td class=\"column-1\">34\/2021\t<\/td><td class=\"column-2\">24\/03\/2021<\/td><td class=\"column-3\">25\/03\/2021<\/td><td class=\"column-4\">24\/03\/2021 - 23\/06\/2021<\/td><td class=\"column-5\">41\/2021\t<\/td><td class=\"column-6\">Dispensa<\/td><td class=\"column-7\">Menor Pre\u00e7o Global<\/td><td class=\"column-8\"><\/td><td class=\"column-9\">CONTRATA\u00c7\u00c3O DE EMPRESA PARA EXECU\u00c7\u00c3O DE SERVI\u00c7OS AUTOMOTIVOS COM FORNECIMENTO DE PE\u00c7AS ORIGINAIS DE REPOSI\u00c7\u00c3O PARA VE\u00cdCULOS A DIESEL, GASOLINA E ETANOL PERTENCENTES AS UNIDADES ADMINISTRATIVAS DESTE MUNIC\u00cdPIO DE ACORDO COM O TERMO DE REFER\u00caNCIA \u2013 ANEXO I.<\/td><td class=\"column-10\">13110000 - Transfer\u00eancia de Recursos do Fundo Nacional de Assist\u00eancia Social - FNAS<\/td><td class=\"column-11\">159450<\/td><td class=\"column-12\">35.902.448\/0001-85<\/td><td class=\"column-13\">PEDRO PAULO HERCULANO VALENTIM DA COSTA - ME<\/td><td class=\"column-14\">RAFAEL ANDERSON DE ARA\u00daJO SILVA<\/td><td class=\"column-15\"><\/td><td class=\"column-16\"><\/td><td class=\"column-17\"><\/td><td class=\"column-18\"><\/td><td class=\"column-19\">0<\/td><td class=\"column-20\"><\/td><td class=\"column-21\">2186<\/td><td class=\"column-22\">16\/04\/2021<\/td><td class=\"column-23\">16\/04\/2021<\/td><td class=\"column-24\">2186<\/td>\n<\/tr>\n<tr class=\"row-484\">\n\t<td class=\"column-1\">34\/2021\t<\/td><td class=\"column-2\">24\/03\/2021<\/td><td class=\"column-3\">25\/03\/2021<\/td><td class=\"column-4\">24\/03\/2021 - 23\/06\/2021<\/td><td class=\"column-5\">41\/2021\t<\/td><td class=\"column-6\">Dispensa<\/td><td class=\"column-7\">Menor Pre\u00e7o Global<\/td><td class=\"column-8\"><\/td><td class=\"column-9\">CONTRATA\u00c7\u00c3O DE EMPRESA PARA EXECU\u00c7\u00c3O DE SERVI\u00c7OS AUTOMOTIVOS COM FORNECIMENTO DE PE\u00c7AS ORIGINAIS DE REPOSI\u00c7\u00c3O PARA VE\u00cdCULOS A DIESEL, GASOLINA E ETANOL PERTENCENTES AS UNIDADES ADMINISTRATIVAS DESTE MUNIC\u00cdPIO DE ACORDO COM O TERMO DE REFER\u00caNCIA \u2013 ANEXO I.<\/td><td class=\"column-10\">13110000 - Transfer\u00eancia de Recursos do Fundo Nacional de Assist\u00eancia Social - FNAS<\/td><td class=\"column-11\">159450<\/td><td class=\"column-12\">35.902.448\/0001-85<\/td><td class=\"column-13\">PEDRO PAULO HERCULANO VALENTIM DA COSTA - ME<\/td><td class=\"column-14\">RAFAEL ANDERSON DE ARA\u00daJO SILVA<\/td><td class=\"column-15\"><\/td><td class=\"column-16\"><\/td><td class=\"column-17\"><\/td><td class=\"column-18\"><\/td><td class=\"column-19\">0<\/td><td class=\"column-20\"><\/td><td class=\"column-21\">2665<\/td><td class=\"column-22\">16\/04\/2021<\/td><td class=\"column-23\">16\/04\/2021<\/td><td class=\"column-24\">2665<\/td>\n<\/tr>\n<tr class=\"row-485\">\n\t<td class=\"column-1\">34\/2021\t<\/td><td class=\"column-2\">24\/03\/2021<\/td><td class=\"column-3\">25\/03\/2021<\/td><td class=\"column-4\">24\/03\/2021 - 23\/06\/2021<\/td><td class=\"column-5\">41\/2021\t<\/td><td class=\"column-6\">Dispensa<\/td><td class=\"column-7\">Menor Pre\u00e7o Global<\/td><td class=\"column-8\"><\/td><td class=\"column-9\">CONTRATA\u00c7\u00c3O DE EMPRESA PARA EXECU\u00c7\u00c3O DE SERVI\u00c7OS AUTOMOTIVOS COM FORNECIMENTO DE PE\u00c7AS ORIGINAIS DE REPOSI\u00c7\u00c3O PARA VE\u00cdCULOS A DIESEL, GASOLINA E ETANOL PERTENCENTES AS UNIDADES ADMINISTRATIVAS DESTE MUNIC\u00cdPIO DE ACORDO COM O TERMO DE REFER\u00caNCIA \u2013 ANEXO I.<\/td><td class=\"column-10\">13110000 - Transfer\u00eancia de Recursos do Fundo Nacional de Assist\u00eancia Social - FNAS<\/td><td class=\"column-11\">159450<\/td><td class=\"column-12\">35.902.448\/0001-85<\/td><td class=\"column-13\">PEDRO PAULO HERCULANO VALENTIM DA COSTA - ME<\/td><td class=\"column-14\">RAFAEL ANDERSON DE ARA\u00daJO SILVA<\/td><td class=\"column-15\"><\/td><td class=\"column-16\"><\/td><td class=\"column-17\"><\/td><td class=\"column-18\"><\/td><td class=\"column-19\">0<\/td><td class=\"column-20\"><\/td><td class=\"column-21\">342.45<\/td><td class=\"column-22\">18\/06\/2021<\/td><td class=\"column-23\">02\/07\/2021<\/td><td class=\"column-24\">342.45<\/td>\n<\/tr>\n<tr class=\"row-486\">\n\t<td class=\"column-1\">34\/2021\t<\/td><td class=\"column-2\">24\/03\/2021<\/td><td class=\"column-3\">25\/03\/2021<\/td><td class=\"column-4\">24\/03\/2021 - 23\/06\/2021<\/td><td class=\"column-5\">41\/2021\t<\/td><td class=\"column-6\">Dispensa<\/td><td class=\"column-7\">Menor Pre\u00e7o Global<\/td><td class=\"column-8\"><\/td><td class=\"column-9\">CONTRATA\u00c7\u00c3O DE EMPRESA PARA EXECU\u00c7\u00c3O DE SERVI\u00c7OS AUTOMOTIVOS COM FORNECIMENTO DE PE\u00c7AS ORIGINAIS DE REPOSI\u00c7\u00c3O PARA VE\u00cdCULOS A DIESEL, GASOLINA E ETANOL PERTENCENTES AS UNIDADES ADMINISTRATIVAS DESTE MUNIC\u00cdPIO DE ACORDO COM O TERMO DE REFER\u00caNCIA \u2013 ANEXO I.<\/td><td class=\"column-10\">13110000 - Transfer\u00eancia de Recursos do Fundo Nacional de Assist\u00eancia Social - FNAS<\/td><td class=\"column-11\">159450<\/td><td class=\"column-12\">35.902.448\/0001-85<\/td><td class=\"column-13\">PEDRO PAULO HERCULANO VALENTIM DA COSTA - ME<\/td><td class=\"column-14\">RAFAEL ANDERSON DE ARA\u00daJO SILVA<\/td><td class=\"column-15\"><\/td><td class=\"column-16\"><\/td><td class=\"column-17\"><\/td><td class=\"column-18\"><\/td><td class=\"column-19\">0<\/td><td class=\"column-20\"><\/td><td class=\"column-21\">1620<\/td><td class=\"column-22\">18\/06\/2021<\/td><td class=\"column-23\"><\/td><td class=\"column-24\"><\/td>\n<\/tr>\n<tr class=\"row-487\">\n\t<td class=\"column-1\">34\/2021\t<\/td><td class=\"column-2\">24\/03\/2021<\/td><td class=\"column-3\">25\/03\/2021<\/td><td class=\"column-4\">24\/03\/2021 - 23\/06\/2021<\/td><td class=\"column-5\">41\/2021\t<\/td><td class=\"column-6\">Dispensa<\/td><td class=\"column-7\">Menor Pre\u00e7o Global<\/td><td class=\"column-8\"><\/td><td class=\"column-9\">CONTRATA\u00c7\u00c3O DE EMPRESA PARA EXECU\u00c7\u00c3O DE SERVI\u00c7OS AUTOMOTIVOS COM FORNECIMENTO DE PE\u00c7AS ORIGINAIS DE REPOSI\u00c7\u00c3O PARA VE\u00cdCULOS A DIESEL, GASOLINA E ETANOL PERTENCENTES AS UNIDADES ADMINISTRATIVAS DESTE MUNIC\u00cdPIO DE ACORDO COM O TERMO DE REFER\u00caNCIA \u2013 ANEXO I.<\/td><td class=\"column-10\">13110000 - Transfer\u00eancia de Recursos do Fundo Nacional de Assist\u00eancia Social - FNAS<\/td><td class=\"column-11\">159450<\/td><td class=\"column-12\">35.902.448\/0001-85<\/td><td class=\"column-13\">PEDRO PAULO HERCULANO VALENTIM DA COSTA - ME<\/td><td class=\"column-14\">RAFAEL ANDERSON DE ARA\u00daJO SILVA<\/td><td class=\"column-15\"><\/td><td class=\"column-16\"><\/td><td class=\"column-17\"><\/td><td class=\"column-18\"><\/td><td class=\"column-19\">0<\/td><td class=\"column-20\"><\/td><td class=\"column-21\">1620<\/td><td class=\"column-22\">18\/06\/2021<\/td><td class=\"column-23\">02\/07\/2021<\/td><td class=\"column-24\">1620<\/td>\n<\/tr>\n<tr class=\"row-488\">\n\t<td class=\"column-1\">34\/2021\t<\/td><td class=\"column-2\">24\/03\/2021<\/td><td class=\"column-3\">25\/03\/2021<\/td><td class=\"column-4\">24\/03\/2021 - 23\/06\/2021<\/td><td class=\"column-5\">41\/2021\t<\/td><td class=\"column-6\">Dispensa<\/td><td class=\"column-7\">Menor Pre\u00e7o Global<\/td><td class=\"column-8\"><\/td><td class=\"column-9\">CONTRATA\u00c7\u00c3O DE EMPRESA PARA EXECU\u00c7\u00c3O DE SERVI\u00c7OS AUTOMOTIVOS COM FORNECIMENTO DE PE\u00c7AS ORIGINAIS DE REPOSI\u00c7\u00c3O PARA VE\u00cdCULOS A DIESEL, GASOLINA E ETANOL PERTENCENTES AS UNIDADES ADMINISTRATIVAS DESTE MUNIC\u00cdPIO DE ACORDO COM O TERMO DE REFER\u00caNCIA \u2013 ANEXO I.<\/td><td class=\"column-10\">13110000 - Transfer\u00eancia de Recursos do Fundo Nacional de Assist\u00eancia Social - FNAS<\/td><td class=\"column-11\">159450<\/td><td class=\"column-12\">35.902.448\/0001-85<\/td><td class=\"column-13\">PEDRO PAULO HERCULANO VALENTIM DA COSTA - ME<\/td><td class=\"column-14\">RAFAEL ANDERSON DE ARA\u00daJO SILVA<\/td><td class=\"column-15\"><\/td><td class=\"column-16\"><\/td><td class=\"column-17\"><\/td><td class=\"column-18\"><\/td><td class=\"column-19\">0<\/td><td class=\"column-20\"><\/td><td class=\"column-21\">2295<\/td><td class=\"column-22\">18\/06\/2021<\/td><td class=\"column-23\"><\/td><td class=\"column-24\"><\/td>\n<\/tr>\n<tr class=\"row-489\">\n\t<td class=\"column-1\">34\/2021\t<\/td><td class=\"column-2\">24\/03\/2021<\/td><td class=\"column-3\">25\/03\/2021<\/td><td class=\"column-4\">24\/03\/2021 - 23\/06\/2021<\/td><td class=\"column-5\">41\/2021\t<\/td><td class=\"column-6\">Dispensa<\/td><td class=\"column-7\">Menor Pre\u00e7o Global<\/td><td class=\"column-8\"><\/td><td class=\"column-9\">CONTRATA\u00c7\u00c3O DE EMPRESA PARA EXECU\u00c7\u00c3O DE SERVI\u00c7OS AUTOMOTIVOS COM FORNECIMENTO DE PE\u00c7AS ORIGINAIS DE REPOSI\u00c7\u00c3O PARA VE\u00cdCULOS A DIESEL, GASOLINA E ETANOL PERTENCENTES AS UNIDADES ADMINISTRATIVAS DESTE MUNIC\u00cdPIO DE ACORDO COM O TERMO DE REFER\u00caNCIA \u2013 ANEXO I.<\/td><td class=\"column-10\">13110000 - Transfer\u00eancia de Recursos do Fundo Nacional de Assist\u00eancia Social - FNAS<\/td><td class=\"column-11\">159450<\/td><td class=\"column-12\">35.902.448\/0001-85<\/td><td class=\"column-13\">PEDRO PAULO HERCULANO VALENTIM DA COSTA - ME<\/td><td class=\"column-14\">RAFAEL ANDERSON DE ARA\u00daJO SILVA<\/td><td class=\"column-15\"><\/td><td class=\"column-16\"><\/td><td class=\"column-17\"><\/td><td class=\"column-18\"><\/td><td class=\"column-19\">0<\/td><td class=\"column-20\"><\/td><td class=\"column-21\">2295<\/td><td class=\"column-22\">18\/06\/2021<\/td><td class=\"column-23\">02\/07\/2021<\/td><td class=\"column-24\">2295<\/td>\n<\/tr>\n<tr class=\"row-490\">\n\t<td class=\"column-1\">34\/2021\t<\/td><td class=\"column-2\">24\/03\/2021<\/td><td class=\"column-3\">25\/03\/2021<\/td><td class=\"column-4\">24\/03\/2021 - 23\/06\/2021<\/td><td class=\"column-5\">41\/2021\t<\/td><td class=\"column-6\">Dispensa<\/td><td class=\"column-7\">Menor Pre\u00e7o Global<\/td><td class=\"column-8\"><\/td><td class=\"column-9\">CONTRATA\u00c7\u00c3O DE EMPRESA PARA EXECU\u00c7\u00c3O DE SERVI\u00c7OS AUTOMOTIVOS COM FORNECIMENTO DE PE\u00c7AS ORIGINAIS DE REPOSI\u00c7\u00c3O PARA VE\u00cdCULOS A DIESEL, GASOLINA E ETANOL PERTENCENTES AS UNIDADES ADMINISTRATIVAS DESTE MUNIC\u00cdPIO DE ACORDO COM O TERMO DE REFER\u00caNCIA \u2013 ANEXO I.<\/td><td class=\"column-10\">13110000 - Transfer\u00eancia de Recursos do Fundo Nacional de Assist\u00eancia Social - FNAS<\/td><td class=\"column-11\">159450<\/td><td class=\"column-12\">35.902.448\/0001-85<\/td><td class=\"column-13\">PEDRO PAULO HERCULANO VALENTIM DA COSTA - ME<\/td><td class=\"column-14\">RAFAEL ANDERSON DE ARA\u00daJO SILVA<\/td><td class=\"column-15\"><\/td><td class=\"column-16\"><\/td><td class=\"column-17\"><\/td><td class=\"column-18\"><\/td><td class=\"column-19\">0<\/td><td class=\"column-20\"><\/td><td class=\"column-21\">3468.08<\/td><td class=\"column-22\">18\/06\/2021<\/td><td class=\"column-23\">02\/07\/2021<\/td><td class=\"column-24\">3468.08<\/td>\n<\/tr>\n<tr class=\"row-491\">\n\t<td class=\"column-1\">34\/2021\t<\/td><td class=\"column-2\">24\/03\/2021<\/td><td class=\"column-3\">25\/03\/2021<\/td><td class=\"column-4\">24\/03\/2021 - 23\/06\/2021<\/td><td class=\"column-5\">41\/2021\t<\/td><td class=\"column-6\">Dispensa<\/td><td class=\"column-7\">Menor Pre\u00e7o Global<\/td><td class=\"column-8\"><\/td><td class=\"column-9\">CONTRATA\u00c7\u00c3O DE EMPRESA PARA EXECU\u00c7\u00c3O DE SERVI\u00c7OS AUTOMOTIVOS COM FORNECIMENTO DE PE\u00c7AS ORIGINAIS DE REPOSI\u00c7\u00c3O PARA VE\u00cdCULOS A DIESEL, GASOLINA E ETANOL PERTENCENTES AS UNIDADES ADMINISTRATIVAS DESTE MUNIC\u00cdPIO DE ACORDO COM O TERMO DE REFER\u00caNCIA \u2013 ANEXO I.<\/td><td class=\"column-10\">13110000 - Transfer\u00eancia de Recursos do Fundo Nacional de Assist\u00eancia Social - FNAS<\/td><td class=\"column-11\">159450<\/td><td class=\"column-12\">35.902.448\/0001-85<\/td><td class=\"column-13\">PEDRO PAULO HERCULANO VALENTIM DA COSTA - ME<\/td><td class=\"column-14\">RAFAEL ANDERSON DE ARA\u00daJO SILVA<\/td><td class=\"column-15\"><\/td><td class=\"column-16\"><\/td><td class=\"column-17\"><\/td><td class=\"column-18\"><\/td><td class=\"column-19\">0<\/td><td class=\"column-20\"><\/td><td class=\"column-21\">5857.5<\/td><td class=\"column-22\">19\/06\/2021<\/td><td class=\"column-23\">02\/07\/2021<\/td><td class=\"column-24\">5857.5<\/td>\n<\/tr>\n<tr class=\"row-492\">\n\t<td class=\"column-1\">34\/2021\t<\/td><td class=\"column-2\">24\/03\/2021<\/td><td class=\"column-3\">25\/03\/2021<\/td><td class=\"column-4\">24\/03\/2021 - 23\/06\/2021<\/td><td class=\"column-5\">41\/2021\t<\/td><td class=\"column-6\">Dispensa<\/td><td class=\"column-7\">Menor Pre\u00e7o Global<\/td><td class=\"column-8\"><\/td><td class=\"column-9\">CONTRATA\u00c7\u00c3O DE EMPRESA PARA EXECU\u00c7\u00c3O DE SERVI\u00c7OS AUTOMOTIVOS COM FORNECIMENTO DE PE\u00c7AS ORIGINAIS DE REPOSI\u00c7\u00c3O PARA VE\u00cdCULOS A DIESEL, GASOLINA E ETANOL PERTENCENTES AS UNIDADES ADMINISTRATIVAS DESTE MUNIC\u00cdPIO DE ACORDO COM O TERMO DE REFER\u00caNCIA \u2013 ANEXO I.<\/td><td class=\"column-10\">13110000 - Transfer\u00eancia de Recursos do Fundo Nacional de Assist\u00eancia Social - FNAS<\/td><td class=\"column-11\">159450<\/td><td class=\"column-12\">35.902.448\/0001-85<\/td><td class=\"column-13\">PEDRO PAULO HERCULANO VALENTIM DA COSTA - ME<\/td><td class=\"column-14\">RAFAEL ANDERSON DE ARA\u00daJO SILVA<\/td><td class=\"column-15\"><\/td><td class=\"column-16\"><\/td><td class=\"column-17\"><\/td><td class=\"column-18\"><\/td><td class=\"column-19\">0<\/td><td class=\"column-20\"><\/td><td class=\"column-21\">126<\/td><td class=\"column-22\">20\/05\/2021<\/td><td class=\"column-23\"><\/td><td class=\"column-24\"><\/td>\n<\/tr>\n<tr class=\"row-493\">\n\t<td class=\"column-1\">34\/2021\t<\/td><td class=\"column-2\">24\/03\/2021<\/td><td class=\"column-3\">25\/03\/2021<\/td><td class=\"column-4\">24\/03\/2021 - 23\/06\/2021<\/td><td class=\"column-5\">41\/2021\t<\/td><td class=\"column-6\">Dispensa<\/td><td class=\"column-7\">Menor Pre\u00e7o Global<\/td><td class=\"column-8\"><\/td><td class=\"column-9\">CONTRATA\u00c7\u00c3O DE EMPRESA PARA EXECU\u00c7\u00c3O DE SERVI\u00c7OS AUTOMOTIVOS COM FORNECIMENTO DE PE\u00c7AS ORIGINAIS DE REPOSI\u00c7\u00c3O PARA VE\u00cdCULOS A DIESEL, GASOLINA E ETANOL PERTENCENTES AS UNIDADES ADMINISTRATIVAS DESTE MUNIC\u00cdPIO DE ACORDO COM O TERMO DE REFER\u00caNCIA \u2013 ANEXO I.<\/td><td class=\"column-10\">13110000 - Transfer\u00eancia de Recursos do Fundo Nacional de Assist\u00eancia Social - FNAS<\/td><td class=\"column-11\">159450<\/td><td class=\"column-12\">35.902.448\/0001-85<\/td><td class=\"column-13\">PEDRO PAULO HERCULANO VALENTIM DA COSTA - ME<\/td><td class=\"column-14\">RAFAEL ANDERSON DE ARA\u00daJO SILVA<\/td><td class=\"column-15\"><\/td><td class=\"column-16\"><\/td><td class=\"column-17\"><\/td><td class=\"column-18\"><\/td><td class=\"column-19\">0<\/td><td class=\"column-20\"><\/td><td class=\"column-21\">155<\/td><td class=\"column-22\">20\/05\/2021<\/td><td class=\"column-23\"><\/td><td class=\"column-24\"><\/td>\n<\/tr>\n<tr class=\"row-494\">\n\t<td class=\"column-1\">34\/2021\t<\/td><td class=\"column-2\">24\/03\/2021<\/td><td class=\"column-3\">25\/03\/2021<\/td><td class=\"column-4\">24\/03\/2021 - 23\/06\/2021<\/td><td class=\"column-5\">41\/2021\t<\/td><td class=\"column-6\">Dispensa<\/td><td class=\"column-7\">Menor Pre\u00e7o Global<\/td><td class=\"column-8\"><\/td><td class=\"column-9\">CONTRATA\u00c7\u00c3O DE EMPRESA PARA EXECU\u00c7\u00c3O DE SERVI\u00c7OS AUTOMOTIVOS COM FORNECIMENTO DE PE\u00c7AS ORIGINAIS DE REPOSI\u00c7\u00c3O PARA VE\u00cdCULOS A DIESEL, GASOLINA E ETANOL PERTENCENTES AS UNIDADES ADMINISTRATIVAS DESTE MUNIC\u00cdPIO DE ACORDO COM O TERMO DE REFER\u00caNCIA \u2013 ANEXO I.<\/td><td class=\"column-10\">13110000 - Transfer\u00eancia de Recursos do Fundo Nacional de Assist\u00eancia Social - FNAS<\/td><td class=\"column-11\">159450<\/td><td class=\"column-12\">35.902.448\/0001-85<\/td><td class=\"column-13\">PEDRO PAULO HERCULANO VALENTIM DA COSTA - ME<\/td><td class=\"column-14\">RAFAEL ANDERSON DE ARA\u00daJO SILVA<\/td><td class=\"column-15\"><\/td><td class=\"column-16\"><\/td><td class=\"column-17\"><\/td><td class=\"column-18\"><\/td><td class=\"column-19\">0<\/td><td class=\"column-20\"><\/td><td class=\"column-21\">212.75<\/td><td class=\"column-22\">20\/05\/2021<\/td><td class=\"column-23\"><\/td><td class=\"column-24\"><\/td>\n<\/tr>\n<tr class=\"row-495\">\n\t<td class=\"column-1\">34\/2021\t<\/td><td class=\"column-2\">24\/03\/2021<\/td><td class=\"column-3\">25\/03\/2021<\/td><td class=\"column-4\">24\/03\/2021 - 23\/06\/2021<\/td><td class=\"column-5\">41\/2021\t<\/td><td class=\"column-6\">Dispensa<\/td><td class=\"column-7\">Menor Pre\u00e7o Global<\/td><td class=\"column-8\"><\/td><td class=\"column-9\">CONTRATA\u00c7\u00c3O DE EMPRESA PARA EXECU\u00c7\u00c3O DE SERVI\u00c7OS AUTOMOTIVOS COM FORNECIMENTO DE PE\u00c7AS ORIGINAIS DE REPOSI\u00c7\u00c3O PARA VE\u00cdCULOS A DIESEL, GASOLINA E ETANOL PERTENCENTES AS UNIDADES ADMINISTRATIVAS DESTE MUNIC\u00cdPIO DE ACORDO COM O TERMO DE REFER\u00caNCIA \u2013 ANEXO I.<\/td><td class=\"column-10\">13110000 - Transfer\u00eancia de Recursos do Fundo Nacional de Assist\u00eancia Social - FNAS<\/td><td class=\"column-11\">159450<\/td><td class=\"column-12\">35.902.448\/0001-85<\/td><td class=\"column-13\">PEDRO PAULO HERCULANO VALENTIM DA COSTA - ME<\/td><td class=\"column-14\">RAFAEL ANDERSON DE ARA\u00daJO SILVA<\/td><td class=\"column-15\"><\/td><td class=\"column-16\"><\/td><td class=\"column-17\"><\/td><td class=\"column-18\"><\/td><td class=\"column-19\">0<\/td><td class=\"column-20\"><\/td><td class=\"column-21\">220<\/td><td class=\"column-22\">20\/05\/2021<\/td><td class=\"column-23\"><\/td><td class=\"column-24\"><\/td>\n<\/tr>\n<tr class=\"row-496\">\n\t<td class=\"column-1\">34\/2021\t<\/td><td class=\"column-2\">24\/03\/2021<\/td><td class=\"column-3\">25\/03\/2021<\/td><td class=\"column-4\">24\/03\/2021 - 23\/06\/2021<\/td><td class=\"column-5\">41\/2021\t<\/td><td class=\"column-6\">Dispensa<\/td><td class=\"column-7\">Menor Pre\u00e7o Global<\/td><td class=\"column-8\"><\/td><td class=\"column-9\">CONTRATA\u00c7\u00c3O DE EMPRESA PARA EXECU\u00c7\u00c3O DE SERVI\u00c7OS AUTOMOTIVOS COM FORNECIMENTO DE PE\u00c7AS ORIGINAIS DE REPOSI\u00c7\u00c3O PARA VE\u00cdCULOS A DIESEL, GASOLINA E ETANOL PERTENCENTES AS UNIDADES ADMINISTRATIVAS DESTE MUNIC\u00cdPIO DE ACORDO COM O TERMO DE REFER\u00caNCIA \u2013 ANEXO I.<\/td><td class=\"column-10\">13110000 - Transfer\u00eancia de Recursos do Fundo Nacional de Assist\u00eancia Social - FNAS<\/td><td class=\"column-11\">159450<\/td><td class=\"column-12\">35.902.448\/0001-85<\/td><td class=\"column-13\">PEDRO PAULO HERCULANO VALENTIM DA COSTA - ME<\/td><td class=\"column-14\">RAFAEL ANDERSON DE ARA\u00daJO SILVA<\/td><td class=\"column-15\"><\/td><td class=\"column-16\"><\/td><td class=\"column-17\"><\/td><td class=\"column-18\"><\/td><td class=\"column-19\">0<\/td><td class=\"column-20\"><\/td><td class=\"column-21\">230<\/td><td class=\"column-22\">20\/05\/2021<\/td><td class=\"column-23\"><\/td><td class=\"column-24\"><\/td>\n<\/tr>\n<tr class=\"row-497\">\n\t<td class=\"column-1\">34\/2021\t<\/td><td class=\"column-2\">24\/03\/2021<\/td><td class=\"column-3\">25\/03\/2021<\/td><td class=\"column-4\">24\/03\/2021 - 23\/06\/2021<\/td><td class=\"column-5\">41\/2021\t<\/td><td class=\"column-6\">Dispensa<\/td><td class=\"column-7\">Menor Pre\u00e7o Global<\/td><td class=\"column-8\"><\/td><td class=\"column-9\">CONTRATA\u00c7\u00c3O DE EMPRESA PARA EXECU\u00c7\u00c3O DE SERVI\u00c7OS AUTOMOTIVOS COM FORNECIMENTO DE PE\u00c7AS ORIGINAIS DE REPOSI\u00c7\u00c3O PARA VE\u00cdCULOS A DIESEL, GASOLINA E ETANOL PERTENCENTES AS UNIDADES ADMINISTRATIVAS DESTE MUNIC\u00cdPIO DE ACORDO COM O TERMO DE REFER\u00caNCIA \u2013 ANEXO I.<\/td><td class=\"column-10\">13110000 - Transfer\u00eancia de Recursos do Fundo Nacional de Assist\u00eancia Social - FNAS<\/td><td class=\"column-11\">159450<\/td><td class=\"column-12\">35.902.448\/0001-85<\/td><td class=\"column-13\">PEDRO PAULO HERCULANO VALENTIM DA COSTA - ME<\/td><td class=\"column-14\">RAFAEL ANDERSON DE ARA\u00daJO SILVA<\/td><td class=\"column-15\"><\/td><td class=\"column-16\"><\/td><td class=\"column-17\"><\/td><td class=\"column-18\"><\/td><td class=\"column-19\">0<\/td><td class=\"column-20\"><\/td><td class=\"column-21\">252.5<\/td><td class=\"column-22\">20\/05\/2021<\/td><td class=\"column-23\"><\/td><td class=\"column-24\"><\/td>\n<\/tr>\n<tr class=\"row-498\">\n\t<td class=\"column-1\">34\/2021\t<\/td><td class=\"column-2\">24\/03\/2021<\/td><td class=\"column-3\">25\/03\/2021<\/td><td class=\"column-4\">24\/03\/2021 - 23\/06\/2021<\/td><td class=\"column-5\">41\/2021\t<\/td><td class=\"column-6\">Dispensa<\/td><td class=\"column-7\">Menor Pre\u00e7o Global<\/td><td class=\"column-8\"><\/td><td class=\"column-9\">CONTRATA\u00c7\u00c3O DE EMPRESA PARA EXECU\u00c7\u00c3O DE SERVI\u00c7OS AUTOMOTIVOS COM FORNECIMENTO DE PE\u00c7AS ORIGINAIS DE REPOSI\u00c7\u00c3O PARA VE\u00cdCULOS A DIESEL, GASOLINA E ETANOL PERTENCENTES AS UNIDADES ADMINISTRATIVAS DESTE MUNIC\u00cdPIO DE ACORDO COM O TERMO DE REFER\u00caNCIA \u2013 ANEXO I.<\/td><td class=\"column-10\">13110000 - Transfer\u00eancia de Recursos do Fundo Nacional de Assist\u00eancia Social - FNAS<\/td><td class=\"column-11\">159450<\/td><td class=\"column-12\">35.902.448\/0001-85<\/td><td class=\"column-13\">PEDRO PAULO HERCULANO VALENTIM DA COSTA - ME<\/td><td class=\"column-14\">RAFAEL ANDERSON DE ARA\u00daJO SILVA<\/td><td class=\"column-15\"><\/td><td class=\"column-16\"><\/td><td class=\"column-17\"><\/td><td class=\"column-18\"><\/td><td class=\"column-19\">0<\/td><td class=\"column-20\"><\/td><td class=\"column-21\">255<\/td><td class=\"column-22\">20\/05\/2021<\/td><td class=\"column-23\"><\/td><td class=\"column-24\"><\/td>\n<\/tr>\n<tr class=\"row-499\">\n\t<td class=\"column-1\">34\/2021\t<\/td><td class=\"column-2\">24\/03\/2021<\/td><td class=\"column-3\">25\/03\/2021<\/td><td class=\"column-4\">24\/03\/2021 - 23\/06\/2021<\/td><td class=\"column-5\">41\/2021\t<\/td><td class=\"column-6\">Dispensa<\/td><td class=\"column-7\">Menor Pre\u00e7o Global<\/td><td class=\"column-8\"><\/td><td class=\"column-9\">CONTRATA\u00c7\u00c3O DE EMPRESA PARA EXECU\u00c7\u00c3O DE SERVI\u00c7OS AUTOMOTIVOS COM FORNECIMENTO DE PE\u00c7AS ORIGINAIS DE REPOSI\u00c7\u00c3O PARA VE\u00cdCULOS A DIESEL, GASOLINA E ETANOL PERTENCENTES AS UNIDADES ADMINISTRATIVAS DESTE MUNIC\u00cdPIO DE ACORDO COM O TERMO DE REFER\u00caNCIA \u2013 ANEXO I.<\/td><td class=\"column-10\">13110000 - Transfer\u00eancia de Recursos do Fundo Nacional de Assist\u00eancia Social - FNAS<\/td><td class=\"column-11\">159450<\/td><td class=\"column-12\">35.902.448\/0001-85<\/td><td class=\"column-13\">PEDRO PAULO HERCULANO VALENTIM DA COSTA - ME<\/td><td class=\"column-14\">RAFAEL ANDERSON DE ARA\u00daJO SILVA<\/td><td class=\"column-15\"><\/td><td class=\"column-16\"><\/td><td class=\"column-17\"><\/td><td class=\"column-18\"><\/td><td class=\"column-19\">0<\/td><td class=\"column-20\"><\/td><td class=\"column-21\">293.5<\/td><td class=\"column-22\">20\/05\/2021<\/td><td class=\"column-23\"><\/td><td class=\"column-24\"><\/td>\n<\/tr>\n<tr class=\"row-500\">\n\t<td class=\"column-1\">34\/2021\t<\/td><td class=\"column-2\">24\/03\/2021<\/td><td class=\"column-3\">25\/03\/2021<\/td><td class=\"column-4\">24\/03\/2021 - 23\/06\/2021<\/td><td class=\"column-5\">41\/2021\t<\/td><td class=\"column-6\">Dispensa<\/td><td class=\"column-7\">Menor Pre\u00e7o Global<\/td><td class=\"column-8\"><\/td><td class=\"column-9\">CONTRATA\u00c7\u00c3O DE EMPRESA PARA EXECU\u00c7\u00c3O DE SERVI\u00c7OS AUTOMOTIVOS COM FORNECIMENTO DE PE\u00c7AS ORIGINAIS DE REPOSI\u00c7\u00c3O PARA VE\u00cdCULOS A DIESEL, GASOLINA E ETANOL PERTENCENTES AS UNIDADES ADMINISTRATIVAS DESTE MUNIC\u00cdPIO DE ACORDO COM O TERMO DE REFER\u00caNCIA \u2013 ANEXO I.<\/td><td class=\"column-10\">13110000 - Transfer\u00eancia de Recursos do Fundo Nacional de Assist\u00eancia Social - FNAS<\/td><td class=\"column-11\">159450<\/td><td class=\"column-12\">35.902.448\/0001-85<\/td><td class=\"column-13\">PEDRO PAULO HERCULANO VALENTIM DA COSTA - ME<\/td><td class=\"column-14\">RAFAEL ANDERSON DE ARA\u00daJO SILVA<\/td><td class=\"column-15\"><\/td><td class=\"column-16\"><\/td><td class=\"column-17\"><\/td><td class=\"column-18\"><\/td><td class=\"column-19\">0<\/td><td class=\"column-20\"><\/td><td class=\"column-21\">315<\/td><td class=\"column-22\">20\/05\/2021<\/td><td class=\"column-23\"><\/td><td class=\"column-24\"><\/td>\n<\/tr>\n<tr class=\"row-501\">\n\t<td class=\"column-1\">34\/2021\t<\/td><td class=\"column-2\">24\/03\/2021<\/td><td class=\"column-3\">25\/03\/2021<\/td><td class=\"column-4\">24\/03\/2021 - 23\/06\/2021<\/td><td class=\"column-5\">41\/2021\t<\/td><td class=\"column-6\">Dispensa<\/td><td class=\"column-7\">Menor Pre\u00e7o Global<\/td><td class=\"column-8\"><\/td><td class=\"column-9\">CONTRATA\u00c7\u00c3O DE EMPRESA PARA EXECU\u00c7\u00c3O DE SERVI\u00c7OS AUTOMOTIVOS COM FORNECIMENTO DE PE\u00c7AS ORIGINAIS DE REPOSI\u00c7\u00c3O PARA VE\u00cdCULOS A DIESEL, GASOLINA E ETANOL PERTENCENTES AS UNIDADES ADMINISTRATIVAS DESTE MUNIC\u00cdPIO DE ACORDO COM O TERMO DE REFER\u00caNCIA \u2013 ANEXO I.<\/td><td class=\"column-10\">13110000 - Transfer\u00eancia de Recursos do Fundo Nacional de Assist\u00eancia Social - FNAS<\/td><td class=\"column-11\">159450<\/td><td class=\"column-12\">35.902.448\/0001-85<\/td><td class=\"column-13\">PEDRO PAULO HERCULANO VALENTIM DA COSTA - ME<\/td><td class=\"column-14\">RAFAEL ANDERSON DE ARA\u00daJO SILVA<\/td><td class=\"column-15\"><\/td><td class=\"column-16\"><\/td><td class=\"column-17\"><\/td><td class=\"column-18\"><\/td><td class=\"column-19\">0<\/td><td class=\"column-20\"><\/td><td class=\"column-21\">340<\/td><td class=\"column-22\">20\/05\/2021<\/td><td class=\"column-23\"><\/td><td class=\"column-24\"><\/td>\n<\/tr>\n<tr class=\"row-502\">\n\t<td class=\"column-1\">34\/2021\t<\/td><td class=\"column-2\">24\/03\/2021<\/td><td class=\"column-3\">25\/03\/2021<\/td><td class=\"column-4\">24\/03\/2021 - 23\/06\/2021<\/td><td class=\"column-5\">41\/2021\t<\/td><td class=\"column-6\">Dispensa<\/td><td class=\"column-7\">Menor Pre\u00e7o Global<\/td><td class=\"column-8\"><\/td><td class=\"column-9\">CONTRATA\u00c7\u00c3O DE EMPRESA PARA EXECU\u00c7\u00c3O DE SERVI\u00c7OS AUTOMOTIVOS COM FORNECIMENTO DE PE\u00c7AS ORIGINAIS DE REPOSI\u00c7\u00c3O PARA VE\u00cdCULOS A DIESEL, GASOLINA E ETANOL PERTENCENTES AS UNIDADES ADMINISTRATIVAS DESTE MUNIC\u00cdPIO DE ACORDO COM O TERMO DE REFER\u00caNCIA \u2013 ANEXO I.<\/td><td class=\"column-10\">13110000 - Transfer\u00eancia de Recursos do Fundo Nacional de Assist\u00eancia Social - FNAS<\/td><td class=\"column-11\">159450<\/td><td class=\"column-12\">35.902.448\/0001-85<\/td><td class=\"column-13\">PEDRO PAULO HERCULANO VALENTIM DA COSTA - ME<\/td><td class=\"column-14\">RAFAEL ANDERSON DE ARA\u00daJO SILVA<\/td><td class=\"column-15\"><\/td><td class=\"column-16\"><\/td><td class=\"column-17\"><\/td><td class=\"column-18\"><\/td><td class=\"column-19\">0<\/td><td class=\"column-20\"><\/td><td class=\"column-21\">349.8<\/td><td class=\"column-22\">20\/05\/2021<\/td><td class=\"column-23\"><\/td><td class=\"column-24\"><\/td>\n<\/tr>\n<tr class=\"row-503\">\n\t<td class=\"column-1\">34\/2021\t<\/td><td class=\"column-2\">24\/03\/2021<\/td><td class=\"column-3\">25\/03\/2021<\/td><td class=\"column-4\">24\/03\/2021 - 23\/06\/2021<\/td><td class=\"column-5\">41\/2021\t<\/td><td class=\"column-6\">Dispensa<\/td><td class=\"column-7\">Menor Pre\u00e7o Global<\/td><td class=\"column-8\"><\/td><td class=\"column-9\">CONTRATA\u00c7\u00c3O DE EMPRESA PARA EXECU\u00c7\u00c3O DE SERVI\u00c7OS AUTOMOTIVOS COM FORNECIMENTO DE PE\u00c7AS ORIGINAIS DE REPOSI\u00c7\u00c3O PARA VE\u00cdCULOS A DIESEL, GASOLINA E ETANOL PERTENCENTES AS UNIDADES ADMINISTRATIVAS DESTE MUNIC\u00cdPIO DE ACORDO COM O TERMO DE REFER\u00caNCIA \u2013 ANEXO I.<\/td><td class=\"column-10\">13110000 - Transfer\u00eancia de Recursos do Fundo Nacional de Assist\u00eancia Social - FNAS<\/td><td class=\"column-11\">159450<\/td><td class=\"column-12\">35.902.448\/0001-85<\/td><td class=\"column-13\">PEDRO PAULO HERCULANO VALENTIM DA COSTA - ME<\/td><td class=\"column-14\">RAFAEL ANDERSON DE ARA\u00daJO SILVA<\/td><td class=\"column-15\"><\/td><td class=\"column-16\"><\/td><td class=\"column-17\"><\/td><td class=\"column-18\"><\/td><td class=\"column-19\">0<\/td><td class=\"column-20\"><\/td><td class=\"column-21\">540<\/td><td class=\"column-22\">20\/05\/2021<\/td><td class=\"column-23\"><\/td><td class=\"column-24\"><\/td>\n<\/tr>\n<tr class=\"row-504\">\n\t<td class=\"column-1\">34\/2021\t<\/td><td class=\"column-2\">24\/03\/2021<\/td><td class=\"column-3\">25\/03\/2021<\/td><td class=\"column-4\">24\/03\/2021 - 23\/06\/2021<\/td><td class=\"column-5\">41\/2021\t<\/td><td class=\"column-6\">Dispensa<\/td><td class=\"column-7\">Menor Pre\u00e7o Global<\/td><td class=\"column-8\"><\/td><td class=\"column-9\">CONTRATA\u00c7\u00c3O DE EMPRESA PARA EXECU\u00c7\u00c3O DE SERVI\u00c7OS AUTOMOTIVOS COM FORNECIMENTO DE PE\u00c7AS ORIGINAIS DE REPOSI\u00c7\u00c3O PARA VE\u00cdCULOS A DIESEL, GASOLINA E ETANOL PERTENCENTES AS UNIDADES ADMINISTRATIVAS DESTE MUNIC\u00cdPIO DE ACORDO COM O TERMO DE REFER\u00caNCIA \u2013 ANEXO I.<\/td><td class=\"column-10\">13110000 - Transfer\u00eancia de Recursos do Fundo Nacional de Assist\u00eancia Social - FNAS<\/td><td class=\"column-11\">159450<\/td><td class=\"column-12\">35.902.448\/0001-85<\/td><td class=\"column-13\">PEDRO PAULO HERCULANO VALENTIM DA COSTA - ME<\/td><td class=\"column-14\">RAFAEL ANDERSON DE ARA\u00daJO SILVA<\/td><td class=\"column-15\"><\/td><td class=\"column-16\"><\/td><td class=\"column-17\"><\/td><td class=\"column-18\"><\/td><td class=\"column-19\">0<\/td><td class=\"column-20\"><\/td><td class=\"column-21\">748<\/td><td class=\"column-22\">20\/05\/2021<\/td><td class=\"column-23\"><\/td><td class=\"column-24\"><\/td>\n<\/tr>\n<tr class=\"row-505\">\n\t<td class=\"column-1\">34\/2021\t<\/td><td class=\"column-2\">24\/03\/2021<\/td><td class=\"column-3\">25\/03\/2021<\/td><td class=\"column-4\">24\/03\/2021 - 23\/06\/2021<\/td><td class=\"column-5\">41\/2021\t<\/td><td class=\"column-6\">Dispensa<\/td><td class=\"column-7\">Menor Pre\u00e7o Global<\/td><td class=\"column-8\"><\/td><td class=\"column-9\">CONTRATA\u00c7\u00c3O DE EMPRESA PARA EXECU\u00c7\u00c3O DE SERVI\u00c7OS AUTOMOTIVOS COM FORNECIMENTO DE PE\u00c7AS ORIGINAIS DE REPOSI\u00c7\u00c3O PARA VE\u00cdCULOS A DIESEL, GASOLINA E ETANOL PERTENCENTES AS UNIDADES ADMINISTRATIVAS DESTE MUNIC\u00cdPIO DE ACORDO COM O TERMO DE REFER\u00caNCIA \u2013 ANEXO I.<\/td><td class=\"column-10\">13110000 - Transfer\u00eancia de Recursos do Fundo Nacional de Assist\u00eancia Social - FNAS<\/td><td class=\"column-11\">159450<\/td><td class=\"column-12\">35.902.448\/0001-85<\/td><td class=\"column-13\">PEDRO PAULO HERCULANO VALENTIM DA COSTA - ME<\/td><td class=\"column-14\">RAFAEL ANDERSON DE ARA\u00daJO SILVA<\/td><td class=\"column-15\"><\/td><td class=\"column-16\"><\/td><td class=\"column-17\"><\/td><td class=\"column-18\"><\/td><td class=\"column-19\">0<\/td><td class=\"column-20\"><\/td><td class=\"column-21\">2347<\/td><td class=\"column-22\">20\/05\/2021<\/td><td class=\"column-23\"><\/td><td class=\"column-24\"><\/td>\n<\/tr>\n<tr class=\"row-506\">\n\t<td class=\"column-1\">34\/2021\t<\/td><td class=\"column-2\">24\/03\/2021<\/td><td class=\"column-3\">25\/03\/2021<\/td><td class=\"column-4\">24\/03\/2021 - 23\/06\/2021<\/td><td class=\"column-5\">41\/2021\t<\/td><td class=\"column-6\">Dispensa<\/td><td class=\"column-7\">Menor Pre\u00e7o Global<\/td><td class=\"column-8\"><\/td><td class=\"column-9\">CONTRATA\u00c7\u00c3O DE EMPRESA PARA EXECU\u00c7\u00c3O DE SERVI\u00c7OS AUTOMOTIVOS COM FORNECIMENTO DE PE\u00c7AS ORIGINAIS DE REPOSI\u00c7\u00c3O PARA VE\u00cdCULOS A DIESEL, GASOLINA E ETANOL PERTENCENTES AS UNIDADES ADMINISTRATIVAS DESTE MUNIC\u00cdPIO DE ACORDO COM O TERMO DE REFER\u00caNCIA \u2013 ANEXO I.<\/td><td class=\"column-10\">13110000 - Transfer\u00eancia de Recursos do Fundo Nacional de Assist\u00eancia Social - FNAS<\/td><td class=\"column-11\">159450<\/td><td class=\"column-12\">35.902.448\/0001-85<\/td><td class=\"column-13\">PEDRO PAULO HERCULANO VALENTIM DA COSTA - ME<\/td><td class=\"column-14\">RAFAEL ANDERSON DE ARA\u00daJO SILVA<\/td><td class=\"column-15\"><\/td><td class=\"column-16\"><\/td><td class=\"column-17\"><\/td><td class=\"column-18\"><\/td><td class=\"column-19\">0<\/td><td class=\"column-20\"><\/td><td class=\"column-21\">3385<\/td><td class=\"column-22\">20\/05\/2021<\/td><td class=\"column-23\"><\/td><td class=\"column-24\"><\/td>\n<\/tr>\n<tr class=\"row-507\">\n\t<td class=\"column-1\">34\/2021\t<\/td><td class=\"column-2\">24\/03\/2021<\/td><td class=\"column-3\">25\/03\/2021<\/td><td class=\"column-4\">24\/03\/2021 - 23\/06\/2021<\/td><td class=\"column-5\">41\/2021\t<\/td><td class=\"column-6\">Dispensa<\/td><td class=\"column-7\">Menor Pre\u00e7o Global<\/td><td class=\"column-8\"><\/td><td class=\"column-9\">CONTRATA\u00c7\u00c3O DE EMPRESA PARA EXECU\u00c7\u00c3O DE SERVI\u00c7OS AUTOMOTIVOS COM FORNECIMENTO DE PE\u00c7AS ORIGINAIS DE REPOSI\u00c7\u00c3O PARA VE\u00cdCULOS A DIESEL, GASOLINA E ETANOL PERTENCENTES AS UNIDADES ADMINISTRATIVAS DESTE MUNIC\u00cdPIO DE ACORDO COM O TERMO DE REFER\u00caNCIA \u2013 ANEXO I.<\/td><td class=\"column-10\">13110000 - Transfer\u00eancia de Recursos do Fundo Nacional de Assist\u00eancia Social - FNAS<\/td><td class=\"column-11\">159450<\/td><td class=\"column-12\">35.902.448\/0001-85<\/td><td class=\"column-13\">PEDRO PAULO HERCULANO VALENTIM DA COSTA - ME<\/td><td class=\"column-14\">RAFAEL ANDERSON DE ARA\u00daJO SILVA<\/td><td class=\"column-15\"><\/td><td class=\"column-16\"><\/td><td class=\"column-17\"><\/td><td class=\"column-18\"><\/td><td class=\"column-19\">0<\/td><td class=\"column-20\"><\/td><td class=\"column-21\">5743.94<\/td><td class=\"column-22\">20\/05\/2021<\/td><td class=\"column-23\"><\/td><td class=\"column-24\"><\/td>\n<\/tr>\n<tr class=\"row-508\">\n\t<td class=\"column-1\">34\/2021\t<\/td><td class=\"column-2\">24\/03\/2021<\/td><td class=\"column-3\">25\/03\/2021<\/td><td class=\"column-4\">24\/03\/2021 - 23\/06\/2021<\/td><td class=\"column-5\">41\/2021\t<\/td><td class=\"column-6\">Dispensa<\/td><td class=\"column-7\">Menor Pre\u00e7o Global<\/td><td class=\"column-8\"><\/td><td class=\"column-9\">CONTRATA\u00c7\u00c3O DE EMPRESA PARA EXECU\u00c7\u00c3O DE SERVI\u00c7OS AUTOMOTIVOS COM FORNECIMENTO DE PE\u00c7AS ORIGINAIS DE REPOSI\u00c7\u00c3O PARA VE\u00cdCULOS A DIESEL, GASOLINA E ETANOL PERTENCENTES AS UNIDADES ADMINISTRATIVAS DESTE MUNIC\u00cdPIO DE ACORDO COM O TERMO DE REFER\u00caNCIA \u2013 ANEXO I.<\/td><td class=\"column-10\">13110000 - Transfer\u00eancia de Recursos do Fundo Nacional de Assist\u00eancia Social - FNAS<\/td><td class=\"column-11\">159450<\/td><td class=\"column-12\">35.902.448\/0001-85<\/td><td class=\"column-13\">PEDRO PAULO HERCULANO VALENTIM DA COSTA - ME<\/td><td class=\"column-14\">RAFAEL ANDERSON DE ARA\u00daJO SILVA<\/td><td class=\"column-15\"><\/td><td class=\"column-16\"><\/td><td class=\"column-17\"><\/td><td class=\"column-18\"><\/td><td class=\"column-19\">0<\/td><td class=\"column-20\"><\/td><td class=\"column-21\">126<\/td><td class=\"column-22\">21\/05\/2021<\/td><td class=\"column-23\">25\/05\/2021<\/td><td class=\"column-24\">126<\/td>\n<\/tr>\n<tr class=\"row-509\">\n\t<td class=\"column-1\">34\/2021\t<\/td><td class=\"column-2\">24\/03\/2021<\/td><td class=\"column-3\">25\/03\/2021<\/td><td class=\"column-4\">24\/03\/2021 - 23\/06\/2021<\/td><td class=\"column-5\">41\/2021\t<\/td><td class=\"column-6\">Dispensa<\/td><td class=\"column-7\">Menor Pre\u00e7o Global<\/td><td class=\"column-8\"><\/td><td class=\"column-9\">CONTRATA\u00c7\u00c3O DE EMPRESA PARA EXECU\u00c7\u00c3O DE SERVI\u00c7OS AUTOMOTIVOS COM FORNECIMENTO DE PE\u00c7AS ORIGINAIS DE REPOSI\u00c7\u00c3O PARA VE\u00cdCULOS A DIESEL, GASOLINA E ETANOL PERTENCENTES AS UNIDADES ADMINISTRATIVAS DESTE MUNIC\u00cdPIO DE ACORDO COM O TERMO DE REFER\u00caNCIA \u2013 ANEXO I.<\/td><td class=\"column-10\">13110000 - Transfer\u00eancia de Recursos do Fundo Nacional de Assist\u00eancia Social - FNAS<\/td><td class=\"column-11\">159450<\/td><td class=\"column-12\">35.902.448\/0001-85<\/td><td class=\"column-13\">PEDRO PAULO HERCULANO VALENTIM DA COSTA - ME<\/td><td class=\"column-14\">RAFAEL ANDERSON DE ARA\u00daJO SILVA<\/td><td class=\"column-15\"><\/td><td class=\"column-16\"><\/td><td class=\"column-17\"><\/td><td class=\"column-18\"><\/td><td class=\"column-19\">0<\/td><td class=\"column-20\"><\/td><td class=\"column-21\">155<\/td><td class=\"column-22\">21\/05\/2021<\/td><td class=\"column-23\">25\/05\/2021<\/td><td class=\"column-24\">155<\/td>\n<\/tr>\n<tr class=\"row-510\">\n\t<td class=\"column-1\">34\/2021\t<\/td><td class=\"column-2\">24\/03\/2021<\/td><td class=\"column-3\">25\/03\/2021<\/td><td class=\"column-4\">24\/03\/2021 - 23\/06\/2021<\/td><td class=\"column-5\">41\/2021\t<\/td><td class=\"column-6\">Dispensa<\/td><td class=\"column-7\">Menor Pre\u00e7o Global<\/td><td class=\"column-8\"><\/td><td class=\"column-9\">CONTRATA\u00c7\u00c3O DE EMPRESA PARA EXECU\u00c7\u00c3O DE SERVI\u00c7OS AUTOMOTIVOS COM FORNECIMENTO DE PE\u00c7AS ORIGINAIS DE REPOSI\u00c7\u00c3O PARA VE\u00cdCULOS A DIESEL, GASOLINA E ETANOL PERTENCENTES AS UNIDADES ADMINISTRATIVAS DESTE MUNIC\u00cdPIO DE ACORDO COM O TERMO DE REFER\u00caNCIA \u2013 ANEXO I.<\/td><td class=\"column-10\">13110000 - Transfer\u00eancia de Recursos do Fundo Nacional de Assist\u00eancia Social - FNAS<\/td><td class=\"column-11\">159450<\/td><td class=\"column-12\">35.902.448\/0001-85<\/td><td class=\"column-13\">PEDRO PAULO HERCULANO VALENTIM DA COSTA - ME<\/td><td class=\"column-14\">RAFAEL ANDERSON DE ARA\u00daJO SILVA<\/td><td class=\"column-15\"><\/td><td class=\"column-16\"><\/td><td class=\"column-17\"><\/td><td class=\"column-18\"><\/td><td class=\"column-19\">0<\/td><td class=\"column-20\"><\/td><td class=\"column-21\">212.75<\/td><td class=\"column-22\">21\/05\/2021<\/td><td class=\"column-23\">25\/05\/2021<\/td><td class=\"column-24\">212.75<\/td>\n<\/tr>\n<tr class=\"row-511\">\n\t<td class=\"column-1\">34\/2021\t<\/td><td class=\"column-2\">24\/03\/2021<\/td><td class=\"column-3\">25\/03\/2021<\/td><td class=\"column-4\">24\/03\/2021 - 23\/06\/2021<\/td><td class=\"column-5\">41\/2021\t<\/td><td class=\"column-6\">Dispensa<\/td><td class=\"column-7\">Menor Pre\u00e7o Global<\/td><td class=\"column-8\"><\/td><td class=\"column-9\">CONTRATA\u00c7\u00c3O DE EMPRESA PARA EXECU\u00c7\u00c3O DE SERVI\u00c7OS AUTOMOTIVOS COM FORNECIMENTO DE PE\u00c7AS ORIGINAIS DE REPOSI\u00c7\u00c3O PARA VE\u00cdCULOS A DIESEL, GASOLINA E ETANOL PERTENCENTES AS UNIDADES ADMINISTRATIVAS DESTE MUNIC\u00cdPIO DE ACORDO COM O TERMO DE REFER\u00caNCIA \u2013 ANEXO I.<\/td><td class=\"column-10\">13110000 - Transfer\u00eancia de Recursos do Fundo Nacional de Assist\u00eancia Social - FNAS<\/td><td class=\"column-11\">159450<\/td><td class=\"column-12\">35.902.448\/0001-85<\/td><td class=\"column-13\">PEDRO PAULO HERCULANO VALENTIM DA COSTA - ME<\/td><td class=\"column-14\">RAFAEL ANDERSON DE ARA\u00daJO SILVA<\/td><td class=\"column-15\"><\/td><td class=\"column-16\"><\/td><td class=\"column-17\"><\/td><td class=\"column-18\"><\/td><td class=\"column-19\">0<\/td><td class=\"column-20\"><\/td><td class=\"column-21\">220<\/td><td class=\"column-22\">21\/05\/2021<\/td><td class=\"column-23\">25\/05\/2021<\/td><td class=\"column-24\">220<\/td>\n<\/tr>\n<tr class=\"row-512\">\n\t<td class=\"column-1\">34\/2021\t<\/td><td class=\"column-2\">24\/03\/2021<\/td><td class=\"column-3\">25\/03\/2021<\/td><td class=\"column-4\">24\/03\/2021 - 23\/06\/2021<\/td><td class=\"column-5\">41\/2021\t<\/td><td class=\"column-6\">Dispensa<\/td><td class=\"column-7\">Menor Pre\u00e7o Global<\/td><td class=\"column-8\"><\/td><td class=\"column-9\">CONTRATA\u00c7\u00c3O DE EMPRESA PARA EXECU\u00c7\u00c3O DE SERVI\u00c7OS AUTOMOTIVOS COM FORNECIMENTO DE PE\u00c7AS ORIGINAIS DE REPOSI\u00c7\u00c3O PARA VE\u00cdCULOS A DIESEL, GASOLINA E ETANOL PERTENCENTES AS UNIDADES ADMINISTRATIVAS DESTE MUNIC\u00cdPIO DE ACORDO COM O TERMO DE REFER\u00caNCIA \u2013 ANEXO I.<\/td><td class=\"column-10\">13110000 - Transfer\u00eancia de Recursos do Fundo Nacional de Assist\u00eancia Social - FNAS<\/td><td class=\"column-11\">159450<\/td><td class=\"column-12\">35.902.448\/0001-85<\/td><td class=\"column-13\">PEDRO PAULO HERCULANO VALENTIM DA COSTA - ME<\/td><td class=\"column-14\">RAFAEL ANDERSON DE ARA\u00daJO SILVA<\/td><td class=\"column-15\"><\/td><td class=\"column-16\"><\/td><td class=\"column-17\"><\/td><td class=\"column-18\"><\/td><td class=\"column-19\">0<\/td><td class=\"column-20\"><\/td><td class=\"column-21\">230<\/td><td class=\"column-22\">21\/05\/2021<\/td><td class=\"column-23\">25\/05\/2021<\/td><td class=\"column-24\">230<\/td>\n<\/tr>\n<tr class=\"row-513\">\n\t<td class=\"column-1\">34\/2021\t<\/td><td class=\"column-2\">24\/03\/2021<\/td><td class=\"column-3\">25\/03\/2021<\/td><td class=\"column-4\">24\/03\/2021 - 23\/06\/2021<\/td><td class=\"column-5\">41\/2021\t<\/td><td class=\"column-6\">Dispensa<\/td><td class=\"column-7\">Menor Pre\u00e7o Global<\/td><td class=\"column-8\"><\/td><td class=\"column-9\">CONTRATA\u00c7\u00c3O DE EMPRESA PARA EXECU\u00c7\u00c3O DE SERVI\u00c7OS AUTOMOTIVOS COM FORNECIMENTO DE PE\u00c7AS ORIGINAIS DE REPOSI\u00c7\u00c3O PARA VE\u00cdCULOS A DIESEL, GASOLINA E ETANOL PERTENCENTES AS UNIDADES ADMINISTRATIVAS DESTE MUNIC\u00cdPIO DE ACORDO COM O TERMO DE REFER\u00caNCIA \u2013 ANEXO I.<\/td><td class=\"column-10\">13110000 - Transfer\u00eancia de Recursos do Fundo Nacional de Assist\u00eancia Social - FNAS<\/td><td class=\"column-11\">159450<\/td><td class=\"column-12\">35.902.448\/0001-85<\/td><td class=\"column-13\">PEDRO PAULO HERCULANO VALENTIM DA COSTA - ME<\/td><td class=\"column-14\">RAFAEL ANDERSON DE ARA\u00daJO SILVA<\/td><td class=\"column-15\"><\/td><td class=\"column-16\"><\/td><td class=\"column-17\"><\/td><td class=\"column-18\"><\/td><td class=\"column-19\">0<\/td><td class=\"column-20\"><\/td><td class=\"column-21\">252.5<\/td><td class=\"column-22\">21\/05\/2021<\/td><td class=\"column-23\">25\/05\/2021<\/td><td class=\"column-24\">252.5<\/td>\n<\/tr>\n<tr class=\"row-514\">\n\t<td class=\"column-1\">34\/2021\t<\/td><td class=\"column-2\">24\/03\/2021<\/td><td class=\"column-3\">25\/03\/2021<\/td><td class=\"column-4\">24\/03\/2021 - 23\/06\/2021<\/td><td class=\"column-5\">41\/2021\t<\/td><td class=\"column-6\">Dispensa<\/td><td class=\"column-7\">Menor Pre\u00e7o Global<\/td><td class=\"column-8\"><\/td><td class=\"column-9\">CONTRATA\u00c7\u00c3O DE EMPRESA PARA EXECU\u00c7\u00c3O DE SERVI\u00c7OS AUTOMOTIVOS COM FORNECIMENTO DE PE\u00c7AS ORIGINAIS DE REPOSI\u00c7\u00c3O PARA VE\u00cdCULOS A DIESEL, GASOLINA E ETANOL PERTENCENTES AS UNIDADES ADMINISTRATIVAS DESTE MUNIC\u00cdPIO DE ACORDO COM O TERMO DE REFER\u00caNCIA \u2013 ANEXO I.<\/td><td class=\"column-10\">13110000 - Transfer\u00eancia de Recursos do Fundo Nacional de Assist\u00eancia Social - FNAS<\/td><td class=\"column-11\">159450<\/td><td class=\"column-12\">35.902.448\/0001-85<\/td><td class=\"column-13\">PEDRO PAULO HERCULANO VALENTIM DA COSTA - ME<\/td><td class=\"column-14\">RAFAEL ANDERSON DE ARA\u00daJO SILVA<\/td><td class=\"column-15\"><\/td><td class=\"column-16\"><\/td><td class=\"column-17\"><\/td><td class=\"column-18\"><\/td><td class=\"column-19\">0<\/td><td class=\"column-20\"><\/td><td class=\"column-21\">255<\/td><td class=\"column-22\">21\/05\/2021<\/td><td class=\"column-23\">25\/05\/2021<\/td><td class=\"column-24\">255<\/td>\n<\/tr>\n<tr class=\"row-515\">\n\t<td class=\"column-1\">34\/2021\t<\/td><td class=\"column-2\">24\/03\/2021<\/td><td class=\"column-3\">25\/03\/2021<\/td><td class=\"column-4\">24\/03\/2021 - 23\/06\/2021<\/td><td class=\"column-5\">41\/2021\t<\/td><td class=\"column-6\">Dispensa<\/td><td class=\"column-7\">Menor Pre\u00e7o Global<\/td><td class=\"column-8\"><\/td><td class=\"column-9\">CONTRATA\u00c7\u00c3O DE EMPRESA PARA EXECU\u00c7\u00c3O DE SERVI\u00c7OS AUTOMOTIVOS COM FORNECIMENTO DE PE\u00c7AS ORIGINAIS DE REPOSI\u00c7\u00c3O PARA VE\u00cdCULOS A DIESEL, GASOLINA E ETANOL PERTENCENTES AS UNIDADES ADMINISTRATIVAS DESTE MUNIC\u00cdPIO DE ACORDO COM O TERMO DE REFER\u00caNCIA \u2013 ANEXO I.<\/td><td class=\"column-10\">13110000 - Transfer\u00eancia de Recursos do Fundo Nacional de Assist\u00eancia Social - FNAS<\/td><td class=\"column-11\">159450<\/td><td class=\"column-12\">35.902.448\/0001-85<\/td><td class=\"column-13\">PEDRO PAULO HERCULANO VALENTIM DA COSTA - ME<\/td><td class=\"column-14\">RAFAEL ANDERSON DE ARA\u00daJO SILVA<\/td><td class=\"column-15\"><\/td><td class=\"column-16\"><\/td><td class=\"column-17\"><\/td><td class=\"column-18\"><\/td><td class=\"column-19\">0<\/td><td class=\"column-20\"><\/td><td class=\"column-21\">293.5<\/td><td class=\"column-22\">21\/05\/2021<\/td><td class=\"column-23\">25\/05\/2021<\/td><td class=\"column-24\">293.5<\/td>\n<\/tr>\n<tr class=\"row-516\">\n\t<td class=\"column-1\">34\/2021\t<\/td><td class=\"column-2\">24\/03\/2021<\/td><td class=\"column-3\">25\/03\/2021<\/td><td class=\"column-4\">24\/03\/2021 - 23\/06\/2021<\/td><td class=\"column-5\">41\/2021\t<\/td><td class=\"column-6\">Dispensa<\/td><td class=\"column-7\">Menor Pre\u00e7o Global<\/td><td class=\"column-8\"><\/td><td class=\"column-9\">CONTRATA\u00c7\u00c3O DE EMPRESA PARA EXECU\u00c7\u00c3O DE SERVI\u00c7OS AUTOMOTIVOS COM FORNECIMENTO DE PE\u00c7AS ORIGINAIS DE REPOSI\u00c7\u00c3O PARA VE\u00cdCULOS A DIESEL, GASOLINA E ETANOL PERTENCENTES AS UNIDADES ADMINISTRATIVAS DESTE MUNIC\u00cdPIO DE ACORDO COM O TERMO DE REFER\u00caNCIA \u2013 ANEXO I.<\/td><td class=\"column-10\">13110000 - Transfer\u00eancia de Recursos do Fundo Nacional de Assist\u00eancia Social - FNAS<\/td><td class=\"column-11\">159450<\/td><td class=\"column-12\">35.902.448\/0001-85<\/td><td class=\"column-13\">PEDRO PAULO HERCULANO VALENTIM DA COSTA - ME<\/td><td class=\"column-14\">RAFAEL ANDERSON DE ARA\u00daJO SILVA<\/td><td class=\"column-15\"><\/td><td class=\"column-16\"><\/td><td class=\"column-17\"><\/td><td class=\"column-18\"><\/td><td class=\"column-19\">0<\/td><td class=\"column-20\"><\/td><td class=\"column-21\">315<\/td><td class=\"column-22\">21\/05\/2021<\/td><td class=\"column-23\">25\/05\/2021<\/td><td class=\"column-24\">315<\/td>\n<\/tr>\n<tr class=\"row-517\">\n\t<td class=\"column-1\">34\/2021\t<\/td><td class=\"column-2\">24\/03\/2021<\/td><td class=\"column-3\">25\/03\/2021<\/td><td class=\"column-4\">24\/03\/2021 - 23\/06\/2021<\/td><td class=\"column-5\">41\/2021\t<\/td><td class=\"column-6\">Dispensa<\/td><td class=\"column-7\">Menor Pre\u00e7o Global<\/td><td class=\"column-8\"><\/td><td class=\"column-9\">CONTRATA\u00c7\u00c3O DE EMPRESA PARA EXECU\u00c7\u00c3O DE SERVI\u00c7OS AUTOMOTIVOS COM FORNECIMENTO DE PE\u00c7AS ORIGINAIS DE REPOSI\u00c7\u00c3O PARA VE\u00cdCULOS A DIESEL, GASOLINA E ETANOL PERTENCENTES AS UNIDADES ADMINISTRATIVAS DESTE MUNIC\u00cdPIO DE ACORDO COM O TERMO DE REFER\u00caNCIA \u2013 ANEXO I.<\/td><td class=\"column-10\">13110000 - Transfer\u00eancia de Recursos do Fundo Nacional de Assist\u00eancia Social - FNAS<\/td><td class=\"column-11\">159450<\/td><td class=\"column-12\">35.902.448\/0001-85<\/td><td class=\"column-13\">PEDRO PAULO HERCULANO VALENTIM DA COSTA - ME<\/td><td class=\"column-14\">RAFAEL ANDERSON DE ARA\u00daJO SILVA<\/td><td class=\"column-15\"><\/td><td class=\"column-16\"><\/td><td class=\"column-17\"><\/td><td class=\"column-18\"><\/td><td class=\"column-19\">0<\/td><td class=\"column-20\"><\/td><td class=\"column-21\">340<\/td><td class=\"column-22\">21\/05\/2021<\/td><td class=\"column-23\">25\/05\/2021<\/td><td class=\"column-24\">340<\/td>\n<\/tr>\n<tr class=\"row-518\">\n\t<td class=\"column-1\">34\/2021\t<\/td><td class=\"column-2\">24\/03\/2021<\/td><td class=\"column-3\">25\/03\/2021<\/td><td class=\"column-4\">24\/03\/2021 - 23\/06\/2021<\/td><td class=\"column-5\">41\/2021\t<\/td><td class=\"column-6\">Dispensa<\/td><td class=\"column-7\">Menor Pre\u00e7o Global<\/td><td class=\"column-8\"><\/td><td class=\"column-9\">CONTRATA\u00c7\u00c3O DE EMPRESA PARA EXECU\u00c7\u00c3O DE SERVI\u00c7OS AUTOMOTIVOS COM FORNECIMENTO DE PE\u00c7AS ORIGINAIS DE REPOSI\u00c7\u00c3O PARA VE\u00cdCULOS A DIESEL, GASOLINA E ETANOL PERTENCENTES AS UNIDADES ADMINISTRATIVAS DESTE MUNIC\u00cdPIO DE ACORDO COM O TERMO DE REFER\u00caNCIA \u2013 ANEXO I.<\/td><td class=\"column-10\">13110000 - Transfer\u00eancia de Recursos do Fundo Nacional de Assist\u00eancia Social - FNAS<\/td><td class=\"column-11\">159450<\/td><td class=\"column-12\">35.902.448\/0001-85<\/td><td class=\"column-13\">PEDRO PAULO HERCULANO VALENTIM DA COSTA - ME<\/td><td class=\"column-14\">RAFAEL ANDERSON DE ARA\u00daJO SILVA<\/td><td class=\"column-15\"><\/td><td class=\"column-16\"><\/td><td class=\"column-17\"><\/td><td class=\"column-18\"><\/td><td class=\"column-19\">0<\/td><td class=\"column-20\"><\/td><td class=\"column-21\">349.8<\/td><td class=\"column-22\">21\/05\/2021<\/td><td class=\"column-23\">25\/05\/2021<\/td><td class=\"column-24\">349.8<\/td>\n<\/tr>\n<tr class=\"row-519\">\n\t<td class=\"column-1\">34\/2021\t<\/td><td class=\"column-2\">24\/03\/2021<\/td><td class=\"column-3\">25\/03\/2021<\/td><td class=\"column-4\">24\/03\/2021 - 23\/06\/2021<\/td><td class=\"column-5\">41\/2021\t<\/td><td class=\"column-6\">Dispensa<\/td><td class=\"column-7\">Menor Pre\u00e7o Global<\/td><td class=\"column-8\"><\/td><td class=\"column-9\">CONTRATA\u00c7\u00c3O DE EMPRESA PARA EXECU\u00c7\u00c3O DE SERVI\u00c7OS AUTOMOTIVOS COM FORNECIMENTO DE PE\u00c7AS ORIGINAIS DE REPOSI\u00c7\u00c3O PARA VE\u00cdCULOS A DIESEL, GASOLINA E ETANOL PERTENCENTES AS UNIDADES ADMINISTRATIVAS DESTE MUNIC\u00cdPIO DE ACORDO COM O TERMO DE REFER\u00caNCIA \u2013 ANEXO I.<\/td><td class=\"column-10\">13110000 - Transfer\u00eancia de Recursos do Fundo Nacional de Assist\u00eancia Social - FNAS<\/td><td class=\"column-11\">159450<\/td><td class=\"column-12\">35.902.448\/0001-85<\/td><td class=\"column-13\">PEDRO PAULO HERCULANO VALENTIM DA COSTA - ME<\/td><td class=\"column-14\">RAFAEL ANDERSON DE ARA\u00daJO SILVA<\/td><td class=\"column-15\"><\/td><td class=\"column-16\"><\/td><td class=\"column-17\"><\/td><td class=\"column-18\"><\/td><td class=\"column-19\">0<\/td><td class=\"column-20\"><\/td><td class=\"column-21\">540<\/td><td class=\"column-22\">21\/05\/2021<\/td><td class=\"column-23\">25\/05\/2021<\/td><td class=\"column-24\">540<\/td>\n<\/tr>\n<tr class=\"row-520\">\n\t<td class=\"column-1\">34\/2021\t<\/td><td class=\"column-2\">24\/03\/2021<\/td><td class=\"column-3\">25\/03\/2021<\/td><td class=\"column-4\">24\/03\/2021 - 23\/06\/2021<\/td><td class=\"column-5\">41\/2021\t<\/td><td class=\"column-6\">Dispensa<\/td><td class=\"column-7\">Menor Pre\u00e7o Global<\/td><td class=\"column-8\"><\/td><td class=\"column-9\">CONTRATA\u00c7\u00c3O DE EMPRESA PARA EXECU\u00c7\u00c3O DE SERVI\u00c7OS AUTOMOTIVOS COM FORNECIMENTO DE PE\u00c7AS ORIGINAIS DE REPOSI\u00c7\u00c3O PARA VE\u00cdCULOS A DIESEL, GASOLINA E ETANOL PERTENCENTES AS UNIDADES ADMINISTRATIVAS DESTE MUNIC\u00cdPIO DE ACORDO COM O TERMO DE REFER\u00caNCIA \u2013 ANEXO I.<\/td><td class=\"column-10\">13110000 - Transfer\u00eancia de Recursos do Fundo Nacional de Assist\u00eancia Social - FNAS<\/td><td class=\"column-11\">159450<\/td><td class=\"column-12\">35.902.448\/0001-85<\/td><td class=\"column-13\">PEDRO PAULO HERCULANO VALENTIM DA COSTA - ME<\/td><td class=\"column-14\">RAFAEL ANDERSON DE ARA\u00daJO SILVA<\/td><td class=\"column-15\"><\/td><td class=\"column-16\"><\/td><td class=\"column-17\"><\/td><td class=\"column-18\"><\/td><td class=\"column-19\">0<\/td><td class=\"column-20\"><\/td><td class=\"column-21\">748<\/td><td class=\"column-22\">21\/05\/2021<\/td><td class=\"column-23\">25\/05\/2021<\/td><td class=\"column-24\">748<\/td>\n<\/tr>\n<tr class=\"row-521\">\n\t<td class=\"column-1\">34\/2021\t<\/td><td class=\"column-2\">24\/03\/2021<\/td><td class=\"column-3\">25\/03\/2021<\/td><td class=\"column-4\">24\/03\/2021 - 23\/06\/2021<\/td><td class=\"column-5\">41\/2021\t<\/td><td class=\"column-6\">Dispensa<\/td><td class=\"column-7\">Menor Pre\u00e7o Global<\/td><td class=\"column-8\"><\/td><td class=\"column-9\">CONTRATA\u00c7\u00c3O DE EMPRESA PARA EXECU\u00c7\u00c3O DE SERVI\u00c7OS AUTOMOTIVOS COM FORNECIMENTO DE PE\u00c7AS ORIGINAIS DE REPOSI\u00c7\u00c3O PARA VE\u00cdCULOS A DIESEL, GASOLINA E ETANOL PERTENCENTES AS UNIDADES ADMINISTRATIVAS DESTE MUNIC\u00cdPIO DE ACORDO COM O TERMO DE REFER\u00caNCIA \u2013 ANEXO I.<\/td><td class=\"column-10\">13110000 - Transfer\u00eancia de Recursos do Fundo Nacional de Assist\u00eancia Social - FNAS<\/td><td class=\"column-11\">159450<\/td><td class=\"column-12\">35.902.448\/0001-85<\/td><td class=\"column-13\">PEDRO PAULO HERCULANO VALENTIM DA COSTA - ME<\/td><td class=\"column-14\">RAFAEL ANDERSON DE ARA\u00daJO SILVA<\/td><td class=\"column-15\"><\/td><td class=\"column-16\"><\/td><td class=\"column-17\"><\/td><td class=\"column-18\"><\/td><td class=\"column-19\">0<\/td><td class=\"column-20\"><\/td><td class=\"column-21\">1150<\/td><td class=\"column-22\">21\/05\/2021<\/td><td class=\"column-23\"><\/td><td class=\"column-24\"><\/td>\n<\/tr>\n<tr class=\"row-522\">\n\t<td class=\"column-1\">34\/2021\t<\/td><td class=\"column-2\">24\/03\/2021<\/td><td class=\"column-3\">25\/03\/2021<\/td><td class=\"column-4\">24\/03\/2021 - 23\/06\/2021<\/td><td class=\"column-5\">41\/2021\t<\/td><td class=\"column-6\">Dispensa<\/td><td class=\"column-7\">Menor Pre\u00e7o Global<\/td><td class=\"column-8\"><\/td><td class=\"column-9\">CONTRATA\u00c7\u00c3O DE EMPRESA PARA EXECU\u00c7\u00c3O DE SERVI\u00c7OS AUTOMOTIVOS COM FORNECIMENTO DE PE\u00c7AS ORIGINAIS DE REPOSI\u00c7\u00c3O PARA VE\u00cdCULOS A DIESEL, GASOLINA E ETANOL PERTENCENTES AS UNIDADES ADMINISTRATIVAS DESTE MUNIC\u00cdPIO DE ACORDO COM O TERMO DE REFER\u00caNCIA \u2013 ANEXO I.<\/td><td class=\"column-10\">13110000 - Transfer\u00eancia de Recursos do Fundo Nacional de Assist\u00eancia Social - FNAS<\/td><td class=\"column-11\">159450<\/td><td class=\"column-12\">35.902.448\/0001-85<\/td><td class=\"column-13\">PEDRO PAULO HERCULANO VALENTIM DA COSTA - ME<\/td><td class=\"column-14\">RAFAEL ANDERSON DE ARA\u00daJO SILVA<\/td><td class=\"column-15\"><\/td><td class=\"column-16\"><\/td><td class=\"column-17\"><\/td><td class=\"column-18\"><\/td><td class=\"column-19\">0<\/td><td class=\"column-20\"><\/td><td class=\"column-21\">1150<\/td><td class=\"column-22\">21\/05\/2021<\/td><td class=\"column-23\">25\/05\/2021<\/td><td class=\"column-24\">1150<\/td>\n<\/tr>\n<tr class=\"row-523\">\n\t<td class=\"column-1\">34\/2021\t<\/td><td class=\"column-2\">24\/03\/2021<\/td><td class=\"column-3\">25\/03\/2021<\/td><td class=\"column-4\">24\/03\/2021 - 23\/06\/2021<\/td><td class=\"column-5\">41\/2021\t<\/td><td class=\"column-6\">Dispensa<\/td><td class=\"column-7\">Menor Pre\u00e7o Global<\/td><td class=\"column-8\"><\/td><td class=\"column-9\">CONTRATA\u00c7\u00c3O DE EMPRESA PARA EXECU\u00c7\u00c3O DE SERVI\u00c7OS AUTOMOTIVOS COM FORNECIMENTO DE PE\u00c7AS ORIGINAIS DE REPOSI\u00c7\u00c3O PARA VE\u00cdCULOS A DIESEL, GASOLINA E ETANOL PERTENCENTES AS UNIDADES ADMINISTRATIVAS DESTE MUNIC\u00cdPIO DE ACORDO COM O TERMO DE REFER\u00caNCIA \u2013 ANEXO I.<\/td><td class=\"column-10\">13110000 - Transfer\u00eancia de Recursos do Fundo Nacional de Assist\u00eancia Social - FNAS<\/td><td class=\"column-11\">159450<\/td><td class=\"column-12\">35.902.448\/0001-85<\/td><td class=\"column-13\">PEDRO PAULO HERCULANO VALENTIM DA COSTA - ME<\/td><td class=\"column-14\">RAFAEL ANDERSON DE ARA\u00daJO SILVA<\/td><td class=\"column-15\"><\/td><td class=\"column-16\"><\/td><td class=\"column-17\"><\/td><td class=\"column-18\"><\/td><td class=\"column-19\">0<\/td><td class=\"column-20\"><\/td><td class=\"column-21\">1200<\/td><td class=\"column-22\">21\/05\/2021<\/td><td class=\"column-23\">25\/05\/2021<\/td><td class=\"column-24\">1200<\/td>\n<\/tr>\n<tr class=\"row-524\">\n\t<td class=\"column-1\">34\/2021\t<\/td><td class=\"column-2\">24\/03\/2021<\/td><td class=\"column-3\">25\/03\/2021<\/td><td class=\"column-4\">24\/03\/2021 - 23\/06\/2021<\/td><td class=\"column-5\">41\/2021\t<\/td><td class=\"column-6\">Dispensa<\/td><td class=\"column-7\">Menor Pre\u00e7o Global<\/td><td class=\"column-8\"><\/td><td class=\"column-9\">CONTRATA\u00c7\u00c3O DE EMPRESA PARA EXECU\u00c7\u00c3O DE SERVI\u00c7OS AUTOMOTIVOS COM FORNECIMENTO DE PE\u00c7AS ORIGINAIS DE REPOSI\u00c7\u00c3O PARA VE\u00cdCULOS A DIESEL, GASOLINA E ETANOL PERTENCENTES AS UNIDADES ADMINISTRATIVAS DESTE MUNIC\u00cdPIO DE ACORDO COM O TERMO DE REFER\u00caNCIA \u2013 ANEXO I.<\/td><td class=\"column-10\">13110000 - Transfer\u00eancia de Recursos do Fundo Nacional de Assist\u00eancia Social - FNAS<\/td><td class=\"column-11\">159450<\/td><td class=\"column-12\">35.902.448\/0001-85<\/td><td class=\"column-13\">PEDRO PAULO HERCULANO VALENTIM DA COSTA - ME<\/td><td class=\"column-14\">RAFAEL ANDERSON DE ARA\u00daJO SILVA<\/td><td class=\"column-15\"><\/td><td class=\"column-16\"><\/td><td class=\"column-17\"><\/td><td class=\"column-18\"><\/td><td class=\"column-19\">0<\/td><td class=\"column-20\"><\/td><td class=\"column-21\">1250<\/td><td class=\"column-22\">21\/05\/2021<\/td><td class=\"column-23\"><\/td><td class=\"column-24\"><\/td>\n<\/tr>\n<tr class=\"row-525\">\n\t<td class=\"column-1\">34\/2021\t<\/td><td class=\"column-2\">24\/03\/2021<\/td><td class=\"column-3\">25\/03\/2021<\/td><td class=\"column-4\">24\/03\/2021 - 23\/06\/2021<\/td><td class=\"column-5\">41\/2021\t<\/td><td class=\"column-6\">Dispensa<\/td><td class=\"column-7\">Menor Pre\u00e7o Global<\/td><td class=\"column-8\"><\/td><td class=\"column-9\">CONTRATA\u00c7\u00c3O DE EMPRESA PARA EXECU\u00c7\u00c3O DE SERVI\u00c7OS AUTOMOTIVOS COM FORNECIMENTO DE PE\u00c7AS ORIGINAIS DE REPOSI\u00c7\u00c3O PARA VE\u00cdCULOS A DIESEL, GASOLINA E ETANOL PERTENCENTES AS UNIDADES ADMINISTRATIVAS DESTE MUNIC\u00cdPIO DE ACORDO COM O TERMO DE REFER\u00caNCIA \u2013 ANEXO I.<\/td><td class=\"column-10\">13110000 - Transfer\u00eancia de Recursos do Fundo Nacional de Assist\u00eancia Social - FNAS<\/td><td class=\"column-11\">159450<\/td><td class=\"column-12\">35.902.448\/0001-85<\/td><td class=\"column-13\">PEDRO PAULO HERCULANO VALENTIM DA COSTA - ME<\/td><td class=\"column-14\">RAFAEL ANDERSON DE ARA\u00daJO SILVA<\/td><td class=\"column-15\"><\/td><td class=\"column-16\"><\/td><td class=\"column-17\"><\/td><td class=\"column-18\"><\/td><td class=\"column-19\">0<\/td><td class=\"column-20\"><\/td><td class=\"column-21\">2347<\/td><td class=\"column-22\">21\/05\/2021<\/td><td class=\"column-23\">25\/05\/2021<\/td><td class=\"column-24\">2347<\/td>\n<\/tr>\n<tr class=\"row-526\">\n\t<td class=\"column-1\">34\/2021\t<\/td><td class=\"column-2\">24\/03\/2021<\/td><td class=\"column-3\">25\/03\/2021<\/td><td class=\"column-4\">24\/03\/2021 - 23\/06\/2021<\/td><td class=\"column-5\">41\/2021\t<\/td><td class=\"column-6\">Dispensa<\/td><td class=\"column-7\">Menor Pre\u00e7o Global<\/td><td class=\"column-8\"><\/td><td class=\"column-9\">CONTRATA\u00c7\u00c3O DE EMPRESA PARA EXECU\u00c7\u00c3O DE SERVI\u00c7OS AUTOMOTIVOS COM FORNECIMENTO DE PE\u00c7AS ORIGINAIS DE REPOSI\u00c7\u00c3O PARA VE\u00cdCULOS A DIESEL, GASOLINA E ETANOL PERTENCENTES AS UNIDADES ADMINISTRATIVAS DESTE MUNIC\u00cdPIO DE ACORDO COM O TERMO DE REFER\u00caNCIA \u2013 ANEXO I.<\/td><td class=\"column-10\">13110000 - Transfer\u00eancia de Recursos do Fundo Nacional de Assist\u00eancia Social - FNAS<\/td><td class=\"column-11\">159450<\/td><td class=\"column-12\">35.902.448\/0001-85<\/td><td class=\"column-13\">PEDRO PAULO HERCULANO VALENTIM DA COSTA - ME<\/td><td class=\"column-14\">RAFAEL ANDERSON DE ARA\u00daJO SILVA<\/td><td class=\"column-15\"><\/td><td class=\"column-16\"><\/td><td class=\"column-17\"><\/td><td class=\"column-18\"><\/td><td class=\"column-19\">0<\/td><td class=\"column-20\"><\/td><td class=\"column-21\">3385<\/td><td class=\"column-22\">21\/05\/2021<\/td><td class=\"column-23\">25\/05\/2021<\/td><td class=\"column-24\">3385<\/td>\n<\/tr>\n<tr class=\"row-527\">\n\t<td class=\"column-1\">34\/2021\t<\/td><td class=\"column-2\">24\/03\/2021<\/td><td class=\"column-3\">25\/03\/2021<\/td><td class=\"column-4\">24\/03\/2021 - 23\/06\/2021<\/td><td class=\"column-5\">41\/2021\t<\/td><td class=\"column-6\">Dispensa<\/td><td class=\"column-7\">Menor Pre\u00e7o Global<\/td><td class=\"column-8\"><\/td><td class=\"column-9\">CONTRATA\u00c7\u00c3O DE EMPRESA PARA EXECU\u00c7\u00c3O DE SERVI\u00c7OS AUTOMOTIVOS COM FORNECIMENTO DE PE\u00c7AS ORIGINAIS DE REPOSI\u00c7\u00c3O PARA VE\u00cdCULOS A DIESEL, GASOLINA E ETANOL PERTENCENTES AS UNIDADES ADMINISTRATIVAS DESTE MUNIC\u00cdPIO DE ACORDO COM O TERMO DE REFER\u00caNCIA \u2013 ANEXO I.<\/td><td class=\"column-10\">13110000 - Transfer\u00eancia de Recursos do Fundo Nacional de Assist\u00eancia Social - FNAS<\/td><td class=\"column-11\">159450<\/td><td class=\"column-12\">35.902.448\/0001-85<\/td><td class=\"column-13\">PEDRO PAULO HERCULANO VALENTIM DA COSTA - ME<\/td><td class=\"column-14\">RAFAEL ANDERSON DE ARA\u00daJO SILVA<\/td><td class=\"column-15\"><\/td><td class=\"column-16\"><\/td><td class=\"column-17\"><\/td><td class=\"column-18\"><\/td><td class=\"column-19\">0<\/td><td class=\"column-20\"><\/td><td class=\"column-21\">5743.94<\/td><td class=\"column-22\">21\/05\/2021<\/td><td class=\"column-23\">25\/05\/2021<\/td><td class=\"column-24\">5743.94<\/td>\n<\/tr>\n<tr class=\"row-528\">\n\t<td class=\"column-1\">34\/2021\t<\/td><td class=\"column-2\">24\/03\/2021<\/td><td class=\"column-3\">25\/03\/2021<\/td><td class=\"column-4\">24\/03\/2021 - 23\/06\/2021<\/td><td class=\"column-5\">41\/2021\t<\/td><td class=\"column-6\">Dispensa<\/td><td class=\"column-7\">Menor Pre\u00e7o Global<\/td><td class=\"column-8\"><\/td><td class=\"column-9\">CONTRATA\u00c7\u00c3O DE EMPRESA PARA EXECU\u00c7\u00c3O DE SERVI\u00c7OS AUTOMOTIVOS COM FORNECIMENTO DE PE\u00c7AS ORIGINAIS DE REPOSI\u00c7\u00c3O PARA VE\u00cdCULOS A DIESEL, GASOLINA E ETANOL PERTENCENTES AS UNIDADES ADMINISTRATIVAS DESTE MUNIC\u00cdPIO DE ACORDO COM O TERMO DE REFER\u00caNCIA \u2013 ANEXO I.<\/td><td class=\"column-10\">13110000 - Transfer\u00eancia de Recursos do Fundo Nacional de Assist\u00eancia Social - FNAS<\/td><td class=\"column-11\">159450<\/td><td class=\"column-12\">35.902.448\/0001-85<\/td><td class=\"column-13\">PEDRO PAULO HERCULANO VALENTIM DA COSTA - ME<\/td><td class=\"column-14\">RAFAEL ANDERSON DE ARA\u00daJO SILVA<\/td><td class=\"column-15\"><\/td><td class=\"column-16\"><\/td><td class=\"column-17\"><\/td><td class=\"column-18\"><\/td><td class=\"column-19\">0<\/td><td class=\"column-20\"><\/td><td class=\"column-21\">147.8<\/td><td class=\"column-22\">22\/04\/2021<\/td><td class=\"column-23\">22\/04\/2021<\/td><td class=\"column-24\">147.8<\/td>\n<\/tr>\n<tr class=\"row-529\">\n\t<td class=\"column-1\">34\/2021\t<\/td><td class=\"column-2\">24\/03\/2021<\/td><td class=\"column-3\">25\/03\/2021<\/td><td class=\"column-4\">24\/03\/2021 - 23\/06\/2021<\/td><td class=\"column-5\">41\/2021\t<\/td><td class=\"column-6\">Dispensa<\/td><td class=\"column-7\">Menor Pre\u00e7o Global<\/td><td class=\"column-8\"><\/td><td class=\"column-9\">CONTRATA\u00c7\u00c3O DE EMPRESA PARA EXECU\u00c7\u00c3O DE SERVI\u00c7OS AUTOMOTIVOS COM FORNECIMENTO DE PE\u00c7AS ORIGINAIS DE REPOSI\u00c7\u00c3O PARA VE\u00cdCULOS A DIESEL, GASOLINA E ETANOL PERTENCENTES AS UNIDADES ADMINISTRATIVAS DESTE MUNIC\u00cdPIO DE ACORDO COM O TERMO DE REFER\u00caNCIA \u2013 ANEXO I.<\/td><td class=\"column-10\">13110000 - Transfer\u00eancia de Recursos do Fundo Nacional de Assist\u00eancia Social - FNAS<\/td><td class=\"column-11\">159450<\/td><td class=\"column-12\">35.902.448\/0001-85<\/td><td class=\"column-13\">PEDRO PAULO HERCULANO VALENTIM DA COSTA - ME<\/td><td class=\"column-14\">RAFAEL ANDERSON DE ARA\u00daJO SILVA<\/td><td class=\"column-15\"><\/td><td class=\"column-16\"><\/td><td class=\"column-17\"><\/td><td class=\"column-18\"><\/td><td class=\"column-19\">0<\/td><td class=\"column-20\"><\/td><td class=\"column-21\">11407.1<\/td><td class=\"column-22\">22\/04\/2021<\/td><td class=\"column-23\">22\/04\/2021<\/td><td class=\"column-24\">11407.1<\/td>\n<\/tr>\n<tr class=\"row-530\">\n\t<td class=\"column-1\">34\/2021\t<\/td><td class=\"column-2\">24\/03\/2021<\/td><td class=\"column-3\">25\/03\/2021<\/td><td class=\"column-4\">24\/03\/2021 - 23\/06\/2021<\/td><td class=\"column-5\">41\/2021\t<\/td><td class=\"column-6\">Dispensa<\/td><td class=\"column-7\">Menor Pre\u00e7o Global<\/td><td class=\"column-8\"><\/td><td class=\"column-9\">CONTRATA\u00c7\u00c3O DE EMPRESA PARA EXECU\u00c7\u00c3O DE SERVI\u00c7OS AUTOMOTIVOS COM FORNECIMENTO DE PE\u00c7AS ORIGINAIS DE REPOSI\u00c7\u00c3O PARA VE\u00cdCULOS A DIESEL, GASOLINA E ETANOL PERTENCENTES AS UNIDADES ADMINISTRATIVAS DESTE MUNIC\u00cdPIO DE ACORDO COM O TERMO DE REFER\u00caNCIA \u2013 ANEXO I.<\/td><td class=\"column-10\">13110000 - Transfer\u00eancia de Recursos do Fundo Nacional de Assist\u00eancia Social - FNAS<\/td><td class=\"column-11\">159450<\/td><td class=\"column-12\">35.902.448\/0001-85<\/td><td class=\"column-13\">PEDRO PAULO HERCULANO VALENTIM DA COSTA - ME<\/td><td class=\"column-14\">RAFAEL ANDERSON DE ARA\u00daJO SILVA<\/td><td class=\"column-15\"><\/td><td class=\"column-16\"><\/td><td class=\"column-17\"><\/td><td class=\"column-18\"><\/td><td class=\"column-19\">0<\/td><td class=\"column-20\"><\/td><td class=\"column-21\">1250<\/td><td class=\"column-22\">28\/05\/2021<\/td><td class=\"column-23\"><\/td><td class=\"column-24\"><\/td>\n<\/tr>\n<tr class=\"row-531\">\n\t<td class=\"column-1\">34\/2021\t<\/td><td class=\"column-2\">24\/03\/2021<\/td><td class=\"column-3\">25\/03\/2021<\/td><td class=\"column-4\">24\/03\/2021 - 23\/06\/2021<\/td><td class=\"column-5\">41\/2021\t<\/td><td class=\"column-6\">Dispensa<\/td><td class=\"column-7\">Menor Pre\u00e7o Global<\/td><td class=\"column-8\"><\/td><td class=\"column-9\">CONTRATA\u00c7\u00c3O DE EMPRESA PARA EXECU\u00c7\u00c3O DE SERVI\u00c7OS AUTOMOTIVOS COM FORNECIMENTO DE PE\u00c7AS ORIGINAIS DE REPOSI\u00c7\u00c3O PARA VE\u00cdCULOS A DIESEL, GASOLINA E ETANOL PERTENCENTES AS UNIDADES ADMINISTRATIVAS DESTE MUNIC\u00cdPIO DE ACORDO COM O TERMO DE REFER\u00caNCIA \u2013 ANEXO I.<\/td><td class=\"column-10\">13110000 - Transfer\u00eancia de Recursos do Fundo Nacional de Assist\u00eancia Social - FNAS<\/td><td class=\"column-11\">159450<\/td><td class=\"column-12\">35.902.448\/0001-85<\/td><td class=\"column-13\">PEDRO PAULO HERCULANO VALENTIM DA COSTA - ME<\/td><td class=\"column-14\">RAFAEL ANDERSON DE ARA\u00daJO SILVA<\/td><td class=\"column-15\"><\/td><td class=\"column-16\"><\/td><td class=\"column-17\"><\/td><td class=\"column-18\"><\/td><td class=\"column-19\">0<\/td><td class=\"column-20\"><\/td><td class=\"column-21\">1250<\/td><td class=\"column-22\">28\/05\/2021<\/td><td class=\"column-23\">23\/06\/2021<\/td><td class=\"column-24\">1250<\/td>\n<\/tr>\n<tr class=\"row-532\">\n\t<td class=\"column-1\">34\/2021\t<\/td><td class=\"column-2\">24\/03\/2021<\/td><td class=\"column-3\">25\/03\/2021<\/td><td class=\"column-4\">24\/03\/2021 - 23\/06\/2021<\/td><td class=\"column-5\">41\/2021\t<\/td><td class=\"column-6\">Dispensa<\/td><td class=\"column-7\">Menor Pre\u00e7o Global<\/td><td class=\"column-8\"><\/td><td class=\"column-9\">CONTRATA\u00c7\u00c3O DE EMPRESA PARA EXECU\u00c7\u00c3O DE SERVI\u00c7OS AUTOMOTIVOS COM FORNECIMENTO DE PE\u00c7AS ORIGINAIS DE REPOSI\u00c7\u00c3O PARA VE\u00cdCULOS A DIESEL, GASOLINA E ETANOL PERTENCENTES AS UNIDADES ADMINISTRATIVAS DESTE MUNIC\u00cdPIO DE ACORDO COM O TERMO DE REFER\u00caNCIA \u2013 ANEXO I.<\/td><td class=\"column-10\">13110000 - Transfer\u00eancia de Recursos do Fundo Nacional de Assist\u00eancia Social - FNAS<\/td><td class=\"column-11\">159450<\/td><td class=\"column-12\">35.902.448\/0001-85<\/td><td class=\"column-13\">PEDRO PAULO HERCULANO VALENTIM DA COSTA - ME<\/td><td class=\"column-14\">RAFAEL ANDERSON DE ARA\u00daJO SILVA<\/td><td class=\"column-15\"><\/td><td class=\"column-16\"><\/td><td class=\"column-17\"><\/td><td class=\"column-18\"><\/td><td class=\"column-19\">0<\/td><td class=\"column-20\"><\/td><td class=\"column-21\">428<\/td><td class=\"column-22\">30\/06\/2021<\/td><td class=\"column-23\">05\/07\/2021<\/td><td class=\"column-24\">428<\/td>\n<\/tr>\n<tr class=\"row-533\">\n\t<td class=\"column-1\">34\/2021\t<\/td><td class=\"column-2\">24\/03\/2021<\/td><td class=\"column-3\">25\/03\/2021<\/td><td class=\"column-4\">24\/03\/2021 - 23\/06\/2021<\/td><td class=\"column-5\">41\/2021\t<\/td><td class=\"column-6\">Dispensa<\/td><td class=\"column-7\">Menor Pre\u00e7o Global<\/td><td class=\"column-8\"><\/td><td class=\"column-9\">CONTRATA\u00c7\u00c3O DE EMPRESA PARA EXECU\u00c7\u00c3O DE SERVI\u00c7OS AUTOMOTIVOS COM FORNECIMENTO DE PE\u00c7AS ORIGINAIS DE REPOSI\u00c7\u00c3O PARA VE\u00cdCULOS A DIESEL, GASOLINA E ETANOL PERTENCENTES AS UNIDADES ADMINISTRATIVAS DESTE MUNIC\u00cdPIO DE ACORDO COM O TERMO DE REFER\u00caNCIA \u2013 ANEXO I.<\/td><td class=\"column-10\">13110000 - Transfer\u00eancia de Recursos do Fundo Nacional de Assist\u00eancia Social - FNAS<\/td><td class=\"column-11\">159450<\/td><td class=\"column-12\">35.902.448\/0001-85<\/td><td class=\"column-13\">PEDRO PAULO HERCULANO VALENTIM DA COSTA - ME<\/td><td class=\"column-14\">RAFAEL ANDERSON DE ARA\u00daJO SILVA<\/td><td class=\"column-15\"><\/td><td class=\"column-16\"><\/td><td class=\"column-17\"><\/td><td class=\"column-18\"><\/td><td class=\"column-19\">0<\/td><td class=\"column-20\"><\/td><td class=\"column-21\">1360<\/td><td class=\"column-22\">30\/06\/2021<\/td><td class=\"column-23\">02\/07\/2021<\/td><td class=\"column-24\">1360<\/td>\n<\/tr>\n<tr class=\"row-534\">\n\t<td class=\"column-1\">34\/2021\t<\/td><td class=\"column-2\">24\/03\/2021<\/td><td class=\"column-3\">25\/03\/2021<\/td><td class=\"column-4\">24\/03\/2021 - 23\/06\/2021<\/td><td class=\"column-5\">41\/2021\t<\/td><td class=\"column-6\">Dispensa<\/td><td class=\"column-7\">Menor Pre\u00e7o Global<\/td><td class=\"column-8\"><\/td><td class=\"column-9\">CONTRATA\u00c7\u00c3O DE EMPRESA PARA EXECU\u00c7\u00c3O DE SERVI\u00c7OS AUTOMOTIVOS COM FORNECIMENTO DE PE\u00c7AS ORIGINAIS DE REPOSI\u00c7\u00c3O PARA VE\u00cdCULOS A DIESEL, GASOLINA E ETANOL PERTENCENTES AS UNIDADES ADMINISTRATIVAS DESTE MUNIC\u00cdPIO DE ACORDO COM O TERMO DE REFER\u00caNCIA \u2013 ANEXO I.<\/td><td class=\"column-10\">13110000 - Transfer\u00eancia de Recursos do Fundo Nacional de Assist\u00eancia Social - FNAS<\/td><td class=\"column-11\">159450<\/td><td class=\"column-12\">35.902.448\/0001-85<\/td><td class=\"column-13\">PEDRO PAULO HERCULANO VALENTIM DA COSTA - ME<\/td><td class=\"column-14\">RAFAEL ANDERSON DE ARA\u00daJO SILVA<\/td><td class=\"column-15\"><\/td><td class=\"column-16\"><\/td><td class=\"column-17\"><\/td><td class=\"column-18\"><\/td><td class=\"column-19\">0<\/td><td class=\"column-20\"><\/td><td class=\"column-21\">1986<\/td><td class=\"column-22\">30\/06\/2021<\/td><td class=\"column-23\">02\/07\/2021<\/td><td class=\"column-24\">1986<\/td>\n<\/tr>\n<tr class=\"row-535\">\n\t<td class=\"column-1\">35\/2021\t<\/td><td class=\"column-2\">25\/03\/2021<\/td><td class=\"column-3\">26\/03\/2021<\/td><td class=\"column-4\">25\/03\/2021 - 31\/12\/2021<\/td><td class=\"column-5\">42\/2021\t<\/td><td class=\"column-6\">Dispensa<\/td><td class=\"column-7\">Menor Pre\u00e7o Por Item<\/td><td class=\"column-8\"><\/td><td class=\"column-9\">CONTRATA\u00c7\u00c3O DE EMPRESA PARA PRESTA\u00c7\u00c3O DOS SERVI\u00c7OS DE MANUTEN\u00c7\u00c3O PREVENTIVA E CORRETIVA EM BOMBAS SUBMERSAS COM POSS\u00cdVEL REPOSI\u00c7\u00c3O DE PE\u00c7AS, TENDO EM VISTA O PER\u00cdODO DE ESTIAGEM<\/td><td class=\"column-10\">10010000 - Recursos Ordin\u00e1rios<\/td><td class=\"column-11\">13780<\/td><td class=\"column-12\">36.333.972\/0001-45<\/td><td class=\"column-13\">RN ADMINISTRADORA DE SERVICOS LTDA<\/td><td class=\"column-14\">RAFAEL ANDERSON DE ARA\u00daJO SILVA<\/td><td class=\"column-15\"><\/td><td class=\"column-16\"><\/td><td class=\"column-17\"><\/td><td class=\"column-18\"><\/td><td class=\"column-19\">0<\/td><td class=\"column-20\"><\/td><td class=\"column-21\"><\/td><td class=\"column-22\"><\/td><td class=\"column-23\"><\/td><td class=\"column-24\"><\/td>\n<\/tr>\n<tr class=\"row-536\">\n\t<td class=\"column-1\">35\/2021\t<\/td><td class=\"column-2\">25\/03\/2021<\/td><td class=\"column-3\">26\/03\/2021<\/td><td class=\"column-4\">25\/03\/2021 - 31\/12\/2021<\/td><td class=\"column-5\">42\/2021\t<\/td><td class=\"column-6\">Dispensa<\/td><td class=\"column-7\">Menor Pre\u00e7o Por Item<\/td><td class=\"column-8\"><\/td><td class=\"column-9\">CONTRATA\u00c7\u00c3O DE EMPRESA PARA PRESTA\u00c7\u00c3O DOS SERVI\u00c7OS DE MANUTEN\u00c7\u00c3O PREVENTIVA E CORRETIVA EM BOMBAS SUBMERSAS COM POSS\u00cdVEL REPOSI\u00c7\u00c3O DE PE\u00c7AS, TENDO EM VISTA O PER\u00cdODO DE ESTIAGEM<\/td><td class=\"column-10\">10010000 - Recursos Ordin\u00e1rios<\/td><td class=\"column-11\">13780<\/td><td class=\"column-12\">36.333.972\/0001-45<\/td><td class=\"column-13\">RN ADMINISTRADORA DE SERVICOS LTDA<\/td><td class=\"column-14\">RAFAEL ANDERSON DE ARA\u00daJO SILVA<\/td><td class=\"column-15\"><\/td><td class=\"column-16\"><\/td><td class=\"column-17\"><\/td><td class=\"column-18\"><\/td><td class=\"column-19\">0<\/td><td class=\"column-20\"><\/td><td class=\"column-21\">3500<\/td><td class=\"column-22\">02\/08\/2021<\/td><td class=\"column-23\">10\/08\/2021<\/td><td class=\"column-24\">3500<\/td>\n<\/tr>\n<tr class=\"row-537\">\n\t<td class=\"column-1\">35\/2021\t<\/td><td class=\"column-2\">25\/03\/2021<\/td><td class=\"column-3\">26\/03\/2021<\/td><td class=\"column-4\">25\/03\/2021 - 31\/12\/2021<\/td><td class=\"column-5\">42\/2021\t<\/td><td class=\"column-6\">Dispensa<\/td><td class=\"column-7\">Menor Pre\u00e7o Por Item<\/td><td class=\"column-8\"><\/td><td class=\"column-9\">CONTRATA\u00c7\u00c3O DE EMPRESA PARA PRESTA\u00c7\u00c3O DOS SERVI\u00c7OS DE MANUTEN\u00c7\u00c3O PREVENTIVA E CORRETIVA EM BOMBAS SUBMERSAS COM POSS\u00cdVEL REPOSI\u00c7\u00c3O DE PE\u00c7AS, TENDO EM VISTA O PER\u00cdODO DE ESTIAGEM<\/td><td class=\"column-10\">10010000 - Recursos Ordin\u00e1rios<\/td><td class=\"column-11\">13780<\/td><td class=\"column-12\">36.333.972\/0001-45<\/td><td class=\"column-13\">RN ADMINISTRADORA DE SERVICOS LTDA<\/td><td class=\"column-14\">RAFAEL ANDERSON DE ARA\u00daJO SILVA<\/td><td class=\"column-15\"><\/td><td class=\"column-16\"><\/td><td class=\"column-17\"><\/td><td class=\"column-18\"><\/td><td class=\"column-19\">0<\/td><td class=\"column-20\"><\/td><td class=\"column-21\">4430<\/td><td class=\"column-22\">12\/04\/2021<\/td><td class=\"column-23\">27\/04\/2021<\/td><td class=\"column-24\">4430<\/td>\n<\/tr>\n<tr class=\"row-538\">\n\t<td class=\"column-1\">35\/2021\t<\/td><td class=\"column-2\">25\/03\/2021<\/td><td class=\"column-3\">26\/03\/2021<\/td><td class=\"column-4\">25\/03\/2021 - 31\/12\/2021<\/td><td class=\"column-5\">42\/2021\t<\/td><td class=\"column-6\">Dispensa<\/td><td class=\"column-7\">Menor Pre\u00e7o Por Item<\/td><td class=\"column-8\"><\/td><td class=\"column-9\">CONTRATA\u00c7\u00c3O DE EMPRESA PARA PRESTA\u00c7\u00c3O DOS SERVI\u00c7OS DE MANUTEN\u00c7\u00c3O PREVENTIVA E CORRETIVA EM BOMBAS SUBMERSAS COM POSS\u00cdVEL REPOSI\u00c7\u00c3O DE PE\u00c7AS, TENDO EM VISTA O PER\u00cdODO DE ESTIAGEM<\/td><td class=\"column-10\">10010000 - Recursos Ordin\u00e1rios<\/td><td class=\"column-11\">13780<\/td><td class=\"column-12\">36.333.972\/0001-45<\/td><td class=\"column-13\">RN ADMINISTRADORA DE SERVICOS LTDA<\/td><td class=\"column-14\">RAFAEL ANDERSON DE ARA\u00daJO SILVA<\/td><td class=\"column-15\"><\/td><td class=\"column-16\"><\/td><td class=\"column-17\"><\/td><td class=\"column-18\"><\/td><td class=\"column-19\">0<\/td><td class=\"column-20\"><\/td><td class=\"column-21\">4210<\/td><td class=\"column-22\">31\/05\/2021<\/td><td class=\"column-23\"><\/td><td class=\"column-24\"><\/td>\n<\/tr>\n<tr class=\"row-539\">\n\t<td class=\"column-1\">35\/2021\t<\/td><td class=\"column-2\">25\/03\/2021<\/td><td class=\"column-3\">26\/03\/2021<\/td><td class=\"column-4\">25\/03\/2021 - 31\/12\/2021<\/td><td class=\"column-5\">42\/2021\t<\/td><td class=\"column-6\">Dispensa<\/td><td class=\"column-7\">Menor Pre\u00e7o Por Item<\/td><td class=\"column-8\"><\/td><td class=\"column-9\">CONTRATA\u00c7\u00c3O DE EMPRESA PARA PRESTA\u00c7\u00c3O DOS SERVI\u00c7OS DE MANUTEN\u00c7\u00c3O PREVENTIVA E CORRETIVA EM BOMBAS SUBMERSAS COM POSS\u00cdVEL REPOSI\u00c7\u00c3O DE PE\u00c7AS, TENDO EM VISTA O PER\u00cdODO DE ESTIAGEM<\/td><td class=\"column-10\">10010000 - Recursos Ordin\u00e1rios<\/td><td class=\"column-11\">13780<\/td><td class=\"column-12\">36.333.972\/0001-45<\/td><td class=\"column-13\">RN ADMINISTRADORA DE SERVICOS LTDA<\/td><td class=\"column-14\">RAFAEL ANDERSON DE ARA\u00daJO SILVA<\/td><td class=\"column-15\"><\/td><td class=\"column-16\"><\/td><td class=\"column-17\"><\/td><td class=\"column-18\"><\/td><td class=\"column-19\">0<\/td><td class=\"column-20\"><\/td><td class=\"column-21\">4210<\/td><td class=\"column-22\">31\/05\/2021<\/td><td class=\"column-23\">02\/06\/2021<\/td><td class=\"column-24\">4210<\/td>\n<\/tr>\n<tr class=\"row-540\">\n\t<td class=\"column-1\">36\/2021\t<\/td><td class=\"column-2\">25\/03\/2021<\/td><td class=\"column-3\">26\/03\/2021<\/td><td class=\"column-4\">25\/03\/2021 - 24\/06\/2021<\/td><td class=\"column-5\">43\/2021\t<\/td><td class=\"column-6\">Dispensa<\/td><td class=\"column-7\">Menor Pre\u00e7o Por Item<\/td><td class=\"column-8\"><\/td><td class=\"column-9\">CONTRATA\u00c7\u00c3O DE EMPRESA PARA PRESTA\u00c7\u00c3O DE SERVI\u00c7OS ALIMENT\u00cdCIOS COM FORNECIMENTO DE REFEI\u00c7\u00d5ES DO TIPO QUENTINHAS<\/td><td class=\"column-10\">10010000 - Recursos Ordin\u00e1rios<\/td><td class=\"column-11\">11645<\/td><td class=\"column-12\">29.319.960\/0001-09<\/td><td class=\"column-13\">LUTEMBERG MARTINS TRINDADE 04146362440<\/td><td class=\"column-14\">RAFAEL ANDERSON DE ARA\u00daJO SILVA<\/td><td class=\"column-15\"><\/td><td class=\"column-16\"><\/td><td class=\"column-17\"><\/td><td class=\"column-18\"><\/td><td class=\"column-19\">0<\/td><td class=\"column-20\"><\/td><td class=\"column-21\"><\/td><td class=\"column-22\"><\/td><td class=\"column-23\"><\/td><td class=\"column-24\"><\/td>\n<\/tr>\n<tr class=\"row-541\">\n\t<td class=\"column-1\">36\/2021\t<\/td><td class=\"column-2\">25\/03\/2021<\/td><td class=\"column-3\">26\/03\/2021<\/td><td class=\"column-4\">25\/03\/2021 - 24\/06\/2021<\/td><td class=\"column-5\">43\/2021\t<\/td><td class=\"column-6\">Dispensa<\/td><td class=\"column-7\">Menor Pre\u00e7o Por Item<\/td><td class=\"column-8\"><\/td><td class=\"column-9\">CONTRATA\u00c7\u00c3O DE EMPRESA PARA PRESTA\u00c7\u00c3O DE SERVI\u00c7OS ALIMENT\u00cdCIOS COM FORNECIMENTO DE REFEI\u00c7\u00d5ES DO TIPO QUENTINHAS<\/td><td class=\"column-10\">10010000 - Recursos Ordin\u00e1rios<\/td><td class=\"column-11\">11645<\/td><td class=\"column-12\">29.319.960\/0001-09<\/td><td class=\"column-13\">LUTEMBERG MARTINS TRINDADE 04146362440<\/td><td class=\"column-14\">RAFAEL ANDERSON DE ARA\u00daJO SILVA<\/td><td class=\"column-15\"><\/td><td class=\"column-16\"><\/td><td class=\"column-17\"><\/td><td class=\"column-18\"><\/td><td class=\"column-19\">0<\/td><td class=\"column-20\"><\/td><td class=\"column-21\">5520<\/td><td class=\"column-22\">04\/05\/2021<\/td><td class=\"column-23\">07\/05\/2021<\/td><td class=\"column-24\">5520<\/td>\n<\/tr>\n<tr class=\"row-542\">\n\t<td class=\"column-1\">36\/2021\t<\/td><td class=\"column-2\">25\/03\/2021<\/td><td class=\"column-3\">26\/03\/2021<\/td><td class=\"column-4\">25\/03\/2021 - 24\/06\/2021<\/td><td class=\"column-5\">43\/2021\t<\/td><td class=\"column-6\">Dispensa<\/td><td class=\"column-7\">Menor Pre\u00e7o Por Item<\/td><td class=\"column-8\"><\/td><td class=\"column-9\">CONTRATA\u00c7\u00c3O DE EMPRESA PARA PRESTA\u00c7\u00c3O DE SERVI\u00c7OS ALIMENT\u00cdCIOS COM FORNECIMENTO DE REFEI\u00c7\u00d5ES DO TIPO QUENTINHAS<\/td><td class=\"column-10\">10010000 - Recursos Ordin\u00e1rios<\/td><td class=\"column-11\">11645<\/td><td class=\"column-12\">29.319.960\/0001-09<\/td><td class=\"column-13\">LUTEMBERG MARTINS TRINDADE 04146362440<\/td><td class=\"column-14\">RAFAEL ANDERSON DE ARA\u00daJO SILVA<\/td><td class=\"column-15\"><\/td><td class=\"column-16\"><\/td><td class=\"column-17\"><\/td><td class=\"column-18\"><\/td><td class=\"column-19\">0<\/td><td class=\"column-20\"><\/td><td class=\"column-21\">6125<\/td><td class=\"column-22\">08\/04\/2021<\/td><td class=\"column-23\">08\/04\/2021<\/td><td class=\"column-24\">6125<\/td>\n<\/tr>\n<tr class=\"row-543\">\n\t<td class=\"column-1\">37\/2021\t<\/td><td class=\"column-2\">30\/03\/2021<\/td><td class=\"column-3\">31\/03\/2021<\/td><td class=\"column-4\">30\/03\/2021 - 31\/12\/2021<\/td><td class=\"column-5\">45\/2021\t<\/td><td class=\"column-6\">Dispensa<\/td><td class=\"column-7\">Menor Pre\u00e7o Por Item<\/td><td class=\"column-8\"><\/td><td class=\"column-9\">CONTRATA\u00c7\u00c3O DE PESSOA JUR\u00cdDICA ESPECIALIZADA PARA A IMPLANTA\u00c7\u00c3O, HOSPEDAGEM, TREINAMENTO, MANUTEN\u00c7\u00c3O E SUPORTE T\u00c9CNICO DO SIGEDUC (SISTEMA INTEGRADO DE GEST\u00c3O DE EDUCA\u00c7\u00c3O)<\/td><td class=\"column-10\">11110000 - Receitas de Impostos e de Transfer\u00eancia de Impostos - Educa\u00e7\u00e3o<\/td><td class=\"column-11\">17514<\/td><td class=\"column-12\">13.406.686\/0001-67<\/td><td class=\"column-13\">SIG SOFTWARE &amp; CONSULTORIA EM TECNOLOGIA DA INFORMACAO LTDA<\/td><td class=\"column-14\">RAFAEL ANDERSON DE ARA\u00daJO SILVA<\/td><td class=\"column-15\"><\/td><td class=\"column-16\"><\/td><td class=\"column-17\"><\/td><td class=\"column-18\"><\/td><td class=\"column-19\">0<\/td><td class=\"column-20\"><\/td><td class=\"column-21\"><\/td><td class=\"column-22\"><\/td><td class=\"column-23\"><\/td><td class=\"column-24\"><\/td>\n<\/tr>\n<tr class=\"row-544\">\n\t<td class=\"column-1\">37\/2021\t<\/td><td class=\"column-2\">30\/03\/2021<\/td><td class=\"column-3\">31\/03\/2021<\/td><td class=\"column-4\">30\/03\/2021 - 31\/12\/2021<\/td><td class=\"column-5\">45\/2021\t<\/td><td class=\"column-6\">Dispensa<\/td><td class=\"column-7\">Menor Pre\u00e7o Por Item<\/td><td class=\"column-8\"><\/td><td class=\"column-9\">CONTRATA\u00c7\u00c3O DE PESSOA JUR\u00cdDICA ESPECIALIZADA PARA A IMPLANTA\u00c7\u00c3O, HOSPEDAGEM, TREINAMENTO, MANUTEN\u00c7\u00c3O E SUPORTE T\u00c9CNICO DO SIGEDUC (SISTEMA INTEGRADO DE GEST\u00c3O DE EDUCA\u00c7\u00c3O)<\/td><td class=\"column-10\">11110000 - Receitas de Impostos e de Transfer\u00eancia de Impostos - Educa\u00e7\u00e3o<\/td><td class=\"column-11\">17514<\/td><td class=\"column-12\">13.406.686\/0001-67<\/td><td class=\"column-13\">SIG SOFTWARE &amp; CONSULTORIA EM TECNOLOGIA DA INFORMACAO LTDA<\/td><td class=\"column-14\">RAFAEL ANDERSON DE ARA\u00daJO SILVA<\/td><td class=\"column-15\"><\/td><td class=\"column-16\"><\/td><td class=\"column-17\"><\/td><td class=\"column-18\"><\/td><td class=\"column-19\">0<\/td><td class=\"column-20\"><\/td><td class=\"column-21\">9730<\/td><td class=\"column-22\">19\/10\/2021<\/td><td class=\"column-23\">03\/11\/2021<\/td><td class=\"column-24\">9730<\/td>\n<\/tr>\n<tr class=\"row-545\">\n\t<td class=\"column-1\">38\/2021\t<\/td><td class=\"column-2\">08\/04\/2021<\/td><td class=\"column-3\">09\/04\/2021<\/td><td class=\"column-4\">08\/04\/2021 - 07\/07\/2021<\/td><td class=\"column-5\">51\/2021\t<\/td><td class=\"column-6\">Dispensa<\/td><td class=\"column-7\">Menor Pre\u00e7o Por Item<\/td><td class=\"column-8\"><\/td><td class=\"column-9\">CONTRATA\u00c7\u00c3O DE EMPRESA DE FORMA EMERGENCIAL PARA FORNECIMENTO DE VE\u00cdCULO DO TIPO TRATOR PARA CORTE DE TERRA E DE 01(UMA) RETROESCAVADEIRA EM REGIME DE LOCA\u00c7\u00c3O<\/td><td class=\"column-10\">15300000 - Transfer\u00eancia da Uni\u00e3o Referente a Royalties do Petr\u00f3leo<\/td><td class=\"column-11\">463200<\/td><td class=\"column-12\">19.363.375\/0001-44<\/td><td class=\"column-13\">FRANCISCO JURANDIR DE LIMA JUNIOR - ME<\/td><td class=\"column-14\">RAFAEL ANDERSON DE ARA\u00daJO SILVA<\/td><td class=\"column-15\"><\/td><td class=\"column-16\"><\/td><td class=\"column-17\"><\/td><td class=\"column-18\"><\/td><td class=\"column-19\">0<\/td><td class=\"column-20\"><\/td><td class=\"column-21\"><\/td><td class=\"column-22\"><\/td><td class=\"column-23\"><\/td><td class=\"column-24\"><\/td>\n<\/tr>\n<tr class=\"row-546\">\n\t<td class=\"column-1\">38\/2021\t<\/td><td class=\"column-2\">08\/04\/2021<\/td><td class=\"column-3\">09\/04\/2021<\/td><td class=\"column-4\">08\/04\/2021 - 07\/07\/2021<\/td><td class=\"column-5\">51\/2021\t<\/td><td class=\"column-6\">Dispensa<\/td><td class=\"column-7\">Menor Pre\u00e7o Por Item<\/td><td class=\"column-8\"><\/td><td class=\"column-9\">CONTRATA\u00c7\u00c3O DE EMPRESA DE FORMA EMERGENCIAL PARA FORNECIMENTO DE VE\u00cdCULO DO TIPO TRATOR PARA CORTE DE TERRA E DE 01(UMA) RETROESCAVADEIRA EM REGIME DE LOCA\u00c7\u00c3O<\/td><td class=\"column-10\">15300000 - Transfer\u00eancia da Uni\u00e3o Referente a Royalties do Petr\u00f3leo<\/td><td class=\"column-11\">463200<\/td><td class=\"column-12\">19.363.375\/0001-44<\/td><td class=\"column-13\">FRANCISCO JURANDIR DE LIMA JUNIOR - ME<\/td><td class=\"column-14\">RAFAEL ANDERSON DE ARA\u00daJO SILVA<\/td><td class=\"column-15\"><\/td><td class=\"column-16\"><\/td><td class=\"column-17\"><\/td><td class=\"column-18\"><\/td><td class=\"column-19\">0<\/td><td class=\"column-20\"><\/td><td class=\"column-21\">26568<\/td><td class=\"column-22\">05\/07\/2021<\/td><td class=\"column-23\">12\/07\/2021<\/td><td class=\"column-24\">26568<\/td>\n<\/tr>\n<tr class=\"row-547\">\n\t<td class=\"column-1\">38\/2021\t<\/td><td class=\"column-2\">08\/04\/2021<\/td><td class=\"column-3\">09\/04\/2021<\/td><td class=\"column-4\">08\/04\/2021 - 07\/07\/2021<\/td><td class=\"column-5\">51\/2021\t<\/td><td class=\"column-6\">Dispensa<\/td><td class=\"column-7\">Menor Pre\u00e7o Por Item<\/td><td class=\"column-8\"><\/td><td class=\"column-9\">CONTRATA\u00c7\u00c3O DE EMPRESA DE FORMA EMERGENCIAL PARA FORNECIMENTO DE VE\u00cdCULO DO TIPO TRATOR PARA CORTE DE TERRA E DE 01(UMA) RETROESCAVADEIRA EM REGIME DE LOCA\u00c7\u00c3O<\/td><td class=\"column-10\">15300000 - Transfer\u00eancia da Uni\u00e3o Referente a Royalties do Petr\u00f3leo<\/td><td class=\"column-11\">463200<\/td><td class=\"column-12\">19.363.375\/0001-44<\/td><td class=\"column-13\">FRANCISCO JURANDIR DE LIMA JUNIOR - ME<\/td><td class=\"column-14\">RAFAEL ANDERSON DE ARA\u00daJO SILVA<\/td><td class=\"column-15\"><\/td><td class=\"column-16\"><\/td><td class=\"column-17\"><\/td><td class=\"column-18\"><\/td><td class=\"column-19\">0<\/td><td class=\"column-20\"><\/td><td class=\"column-21\">28626<\/td><td class=\"column-22\">05\/07\/2021<\/td><td class=\"column-23\"><\/td><td class=\"column-24\"><\/td>\n<\/tr>\n<tr class=\"row-548\">\n\t<td class=\"column-1\">38\/2021\t<\/td><td class=\"column-2\">08\/04\/2021<\/td><td class=\"column-3\">09\/04\/2021<\/td><td class=\"column-4\">08\/04\/2021 - 07\/07\/2021<\/td><td class=\"column-5\">51\/2021\t<\/td><td class=\"column-6\">Dispensa<\/td><td class=\"column-7\">Menor Pre\u00e7o Por Item<\/td><td class=\"column-8\"><\/td><td class=\"column-9\">CONTRATA\u00c7\u00c3O DE EMPRESA DE FORMA EMERGENCIAL PARA FORNECIMENTO DE VE\u00cdCULO DO TIPO TRATOR PARA CORTE DE TERRA E DE 01(UMA) RETROESCAVADEIRA EM REGIME DE LOCA\u00c7\u00c3O<\/td><td class=\"column-10\">15300000 - Transfer\u00eancia da Uni\u00e3o Referente a Royalties do Petr\u00f3leo<\/td><td class=\"column-11\">463200<\/td><td class=\"column-12\">19.363.375\/0001-44<\/td><td class=\"column-13\">FRANCISCO JURANDIR DE LIMA JUNIOR - ME<\/td><td class=\"column-14\">RAFAEL ANDERSON DE ARA\u00daJO SILVA<\/td><td class=\"column-15\"><\/td><td class=\"column-16\"><\/td><td class=\"column-17\"><\/td><td class=\"column-18\"><\/td><td class=\"column-19\">0<\/td><td class=\"column-20\"><\/td><td class=\"column-21\">28626<\/td><td class=\"column-22\">05\/07\/2021<\/td><td class=\"column-23\">12\/07\/2021<\/td><td class=\"column-24\">27522.12<\/td>\n<\/tr>\n<tr class=\"row-549\">\n\t<td class=\"column-1\">38\/2021\t<\/td><td class=\"column-2\">08\/04\/2021<\/td><td class=\"column-3\">09\/04\/2021<\/td><td class=\"column-4\">08\/04\/2021 - 07\/07\/2021<\/td><td class=\"column-5\">51\/2021\t<\/td><td class=\"column-6\">Dispensa<\/td><td class=\"column-7\">Menor Pre\u00e7o Por Item<\/td><td class=\"column-8\"><\/td><td class=\"column-9\">CONTRATA\u00c7\u00c3O DE EMPRESA DE FORMA EMERGENCIAL PARA FORNECIMENTO DE VE\u00cdCULO DO TIPO TRATOR PARA CORTE DE TERRA E DE 01(UMA) RETROESCAVADEIRA EM REGIME DE LOCA\u00c7\u00c3O<\/td><td class=\"column-10\">15300000 - Transfer\u00eancia da Uni\u00e3o Referente a Royalties do Petr\u00f3leo<\/td><td class=\"column-11\">463200<\/td><td class=\"column-12\">19.363.375\/0001-44<\/td><td class=\"column-13\">FRANCISCO JURANDIR DE LIMA JUNIOR - ME<\/td><td class=\"column-14\">RAFAEL ANDERSON DE ARA\u00daJO SILVA<\/td><td class=\"column-15\"><\/td><td class=\"column-16\"><\/td><td class=\"column-17\"><\/td><td class=\"column-18\"><\/td><td class=\"column-19\">0<\/td><td class=\"column-20\"><\/td><td class=\"column-21\">1012<\/td><td class=\"column-22\">10\/05\/2021<\/td><td class=\"column-23\"><\/td><td class=\"column-24\"><\/td>\n<\/tr>\n<tr class=\"row-550\">\n\t<td class=\"column-1\">38\/2021\t<\/td><td class=\"column-2\">08\/04\/2021<\/td><td class=\"column-3\">09\/04\/2021<\/td><td class=\"column-4\">08\/04\/2021 - 07\/07\/2021<\/td><td class=\"column-5\">51\/2021\t<\/td><td class=\"column-6\">Dispensa<\/td><td class=\"column-7\">Menor Pre\u00e7o Por Item<\/td><td class=\"column-8\"><\/td><td class=\"column-9\">CONTRATA\u00c7\u00c3O DE EMPRESA DE FORMA EMERGENCIAL PARA FORNECIMENTO DE VE\u00cdCULO DO TIPO TRATOR PARA CORTE DE TERRA E DE 01(UMA) RETROESCAVADEIRA EM REGIME DE LOCA\u00c7\u00c3O<\/td><td class=\"column-10\">15300000 - Transfer\u00eancia da Uni\u00e3o Referente a Royalties do Petr\u00f3leo<\/td><td class=\"column-11\">463200<\/td><td class=\"column-12\">19.363.375\/0001-44<\/td><td class=\"column-13\">FRANCISCO JURANDIR DE LIMA JUNIOR - ME<\/td><td class=\"column-14\">RAFAEL ANDERSON DE ARA\u00daJO SILVA<\/td><td class=\"column-15\"><\/td><td class=\"column-16\"><\/td><td class=\"column-17\"><\/td><td class=\"column-18\"><\/td><td class=\"column-19\">0<\/td><td class=\"column-20\"><\/td><td class=\"column-21\">1012<\/td><td class=\"column-22\">10\/05\/2021<\/td><td class=\"column-23\">10\/05\/2021<\/td><td class=\"column-24\">991.76<\/td>\n<\/tr>\n<tr class=\"row-551\">\n\t<td class=\"column-1\">38\/2021\t<\/td><td class=\"column-2\">08\/04\/2021<\/td><td class=\"column-3\">09\/04\/2021<\/td><td class=\"column-4\">08\/04\/2021 - 07\/07\/2021<\/td><td class=\"column-5\">51\/2021\t<\/td><td class=\"column-6\">Dispensa<\/td><td class=\"column-7\">Menor Pre\u00e7o Por Item<\/td><td class=\"column-8\"><\/td><td class=\"column-9\">CONTRATA\u00c7\u00c3O DE EMPRESA DE FORMA EMERGENCIAL PARA FORNECIMENTO DE VE\u00cdCULO DO TIPO TRATOR PARA CORTE DE TERRA E DE 01(UMA) RETROESCAVADEIRA EM REGIME DE LOCA\u00c7\u00c3O<\/td><td class=\"column-10\">15300000 - Transfer\u00eancia da Uni\u00e3o Referente a Royalties do Petr\u00f3leo<\/td><td class=\"column-11\">463200<\/td><td class=\"column-12\">19.363.375\/0001-44<\/td><td class=\"column-13\">FRANCISCO JURANDIR DE LIMA JUNIOR - ME<\/td><td class=\"column-14\">RAFAEL ANDERSON DE ARA\u00daJO SILVA<\/td><td class=\"column-15\"><\/td><td class=\"column-16\"><\/td><td class=\"column-17\"><\/td><td class=\"column-18\"><\/td><td class=\"column-19\">0<\/td><td class=\"column-20\"><\/td><td class=\"column-21\">44064<\/td><td class=\"column-22\">10\/05\/2021<\/td><td class=\"column-23\"><\/td><td class=\"column-24\"><\/td>\n<\/tr>\n<tr class=\"row-552\">\n\t<td class=\"column-1\">38\/2021\t<\/td><td class=\"column-2\">08\/04\/2021<\/td><td class=\"column-3\">09\/04\/2021<\/td><td class=\"column-4\">08\/04\/2021 - 07\/07\/2021<\/td><td class=\"column-5\">51\/2021\t<\/td><td class=\"column-6\">Dispensa<\/td><td class=\"column-7\">Menor Pre\u00e7o Por Item<\/td><td class=\"column-8\"><\/td><td class=\"column-9\">CONTRATA\u00c7\u00c3O DE EMPRESA DE FORMA EMERGENCIAL PARA FORNECIMENTO DE VE\u00cdCULO DO TIPO TRATOR PARA CORTE DE TERRA E DE 01(UMA) RETROESCAVADEIRA EM REGIME DE LOCA\u00c7\u00c3O<\/td><td class=\"column-10\">15300000 - Transfer\u00eancia da Uni\u00e3o Referente a Royalties do Petr\u00f3leo<\/td><td class=\"column-11\">463200<\/td><td class=\"column-12\">19.363.375\/0001-44<\/td><td class=\"column-13\">FRANCISCO JURANDIR DE LIMA JUNIOR - ME<\/td><td class=\"column-14\">RAFAEL ANDERSON DE ARA\u00daJO SILVA<\/td><td class=\"column-15\"><\/td><td class=\"column-16\"><\/td><td class=\"column-17\"><\/td><td class=\"column-18\"><\/td><td class=\"column-19\">0<\/td><td class=\"column-20\"><\/td><td class=\"column-21\">44064<\/td><td class=\"column-22\">10\/05\/2021<\/td><td class=\"column-23\">10\/05\/2021<\/td><td class=\"column-24\">43182.72<\/td>\n<\/tr>\n<tr class=\"row-553\">\n\t<td class=\"column-1\">38\/2021\t<\/td><td class=\"column-2\">08\/04\/2021<\/td><td class=\"column-3\">09\/04\/2021<\/td><td class=\"column-4\">08\/04\/2021 - 07\/07\/2021<\/td><td class=\"column-5\">51\/2021\t<\/td><td class=\"column-6\">Dispensa<\/td><td class=\"column-7\">Menor Pre\u00e7o Por Item<\/td><td class=\"column-8\"><\/td><td class=\"column-9\">CONTRATA\u00c7\u00c3O DE EMPRESA DE FORMA EMERGENCIAL PARA FORNECIMENTO DE VE\u00cdCULO DO TIPO TRATOR PARA CORTE DE TERRA E DE 01(UMA) RETROESCAVADEIRA EM REGIME DE LOCA\u00c7\u00c3O<\/td><td class=\"column-10\">15300000 - Transfer\u00eancia da Uni\u00e3o Referente a Royalties do Petr\u00f3leo<\/td><td class=\"column-11\">463200<\/td><td class=\"column-12\">19.363.375\/0001-44<\/td><td class=\"column-13\">FRANCISCO JURANDIR DE LIMA JUNIOR - ME<\/td><td class=\"column-14\">RAFAEL ANDERSON DE ARA\u00daJO SILVA<\/td><td class=\"column-15\"><\/td><td class=\"column-16\"><\/td><td class=\"column-17\"><\/td><td class=\"column-18\"><\/td><td class=\"column-19\">0<\/td><td class=\"column-20\"><\/td><td class=\"column-21\">52280<\/td><td class=\"column-22\">10\/05\/2021<\/td><td class=\"column-23\"><\/td><td class=\"column-24\"><\/td>\n<\/tr>\n<tr class=\"row-554\">\n\t<td class=\"column-1\">38\/2021\t<\/td><td class=\"column-2\">08\/04\/2021<\/td><td class=\"column-3\">09\/04\/2021<\/td><td class=\"column-4\">08\/04\/2021 - 07\/07\/2021<\/td><td class=\"column-5\">51\/2021\t<\/td><td class=\"column-6\">Dispensa<\/td><td class=\"column-7\">Menor Pre\u00e7o Por Item<\/td><td class=\"column-8\"><\/td><td class=\"column-9\">CONTRATA\u00c7\u00c3O DE EMPRESA DE FORMA EMERGENCIAL PARA FORNECIMENTO DE VE\u00cdCULO DO TIPO TRATOR PARA CORTE DE TERRA E DE 01(UMA) RETROESCAVADEIRA EM REGIME DE LOCA\u00c7\u00c3O<\/td><td class=\"column-10\">15300000 - Transfer\u00eancia da Uni\u00e3o Referente a Royalties do Petr\u00f3leo<\/td><td class=\"column-11\">463200<\/td><td class=\"column-12\">19.363.375\/0001-44<\/td><td class=\"column-13\">FRANCISCO JURANDIR DE LIMA JUNIOR - ME<\/td><td class=\"column-14\">RAFAEL ANDERSON DE ARA\u00daJO SILVA<\/td><td class=\"column-15\"><\/td><td class=\"column-16\"><\/td><td class=\"column-17\"><\/td><td class=\"column-18\"><\/td><td class=\"column-19\">0<\/td><td class=\"column-20\"><\/td><td class=\"column-21\">55280<\/td><td class=\"column-22\">10\/05\/2021<\/td><td class=\"column-23\">10\/05\/2021<\/td><td class=\"column-24\">54174.4<\/td>\n<\/tr>\n<tr class=\"row-555\">\n\t<td class=\"column-1\">38\/2021\t<\/td><td class=\"column-2\">08\/04\/2021<\/td><td class=\"column-3\">09\/04\/2021<\/td><td class=\"column-4\">08\/04\/2021 - 07\/07\/2021<\/td><td class=\"column-5\">51\/2021\t<\/td><td class=\"column-6\">Dispensa<\/td><td class=\"column-7\">Menor Pre\u00e7o Por Item<\/td><td class=\"column-8\"><\/td><td class=\"column-9\">CONTRATA\u00c7\u00c3O DE EMPRESA DE FORMA EMERGENCIAL PARA FORNECIMENTO DE VE\u00cdCULO DO TIPO TRATOR PARA CORTE DE TERRA E DE 01(UMA) RETROESCAVADEIRA EM REGIME DE LOCA\u00c7\u00c3O<\/td><td class=\"column-10\">15300000 - Transfer\u00eancia da Uni\u00e3o Referente a Royalties do Petr\u00f3leo<\/td><td class=\"column-11\">463200<\/td><td class=\"column-12\">19.363.375\/0001-44<\/td><td class=\"column-13\">FRANCISCO JURANDIR DE LIMA JUNIOR - ME<\/td><td class=\"column-14\">RAFAEL ANDERSON DE ARA\u00daJO SILVA<\/td><td class=\"column-15\"><\/td><td class=\"column-16\"><\/td><td class=\"column-17\"><\/td><td class=\"column-18\"><\/td><td class=\"column-19\">0<\/td><td class=\"column-20\"><\/td><td class=\"column-21\">57000<\/td><td class=\"column-22\">10\/05\/2021<\/td><td class=\"column-23\"><\/td><td class=\"column-24\"><\/td>\n<\/tr>\n<tr class=\"row-556\">\n\t<td class=\"column-1\">38\/2021\t<\/td><td class=\"column-2\">08\/04\/2021<\/td><td class=\"column-3\">09\/04\/2021<\/td><td class=\"column-4\">08\/04\/2021 - 07\/07\/2021<\/td><td class=\"column-5\">51\/2021\t<\/td><td class=\"column-6\">Dispensa<\/td><td class=\"column-7\">Menor Pre\u00e7o Por Item<\/td><td class=\"column-8\"><\/td><td class=\"column-9\">CONTRATA\u00c7\u00c3O DE EMPRESA DE FORMA EMERGENCIAL PARA FORNECIMENTO DE VE\u00cdCULO DO TIPO TRATOR PARA CORTE DE TERRA E DE 01(UMA) RETROESCAVADEIRA EM REGIME DE LOCA\u00c7\u00c3O<\/td><td class=\"column-10\">15300000 - Transfer\u00eancia da Uni\u00e3o Referente a Royalties do Petr\u00f3leo<\/td><td class=\"column-11\">463200<\/td><td class=\"column-12\">19.363.375\/0001-44<\/td><td class=\"column-13\">FRANCISCO JURANDIR DE LIMA JUNIOR - ME<\/td><td class=\"column-14\">RAFAEL ANDERSON DE ARA\u00daJO SILVA<\/td><td class=\"column-15\"><\/td><td class=\"column-16\"><\/td><td class=\"column-17\"><\/td><td class=\"column-18\"><\/td><td class=\"column-19\">0<\/td><td class=\"column-20\"><\/td><td class=\"column-21\">57000<\/td><td class=\"column-22\">10\/05\/2021<\/td><td class=\"column-23\">10\/05\/2021<\/td><td class=\"column-24\">55860<\/td>\n<\/tr>\n<tr class=\"row-557\">\n\t<td class=\"column-1\">38\/2021\t<\/td><td class=\"column-2\">08\/04\/2021<\/td><td class=\"column-3\">09\/04\/2021<\/td><td class=\"column-4\">08\/04\/2021 - 07\/07\/2021<\/td><td class=\"column-5\">51\/2021\t<\/td><td class=\"column-6\">Dispensa<\/td><td class=\"column-7\">Menor Pre\u00e7o Por Item<\/td><td class=\"column-8\"><\/td><td class=\"column-9\">CONTRATA\u00c7\u00c3O DE EMPRESA DE FORMA EMERGENCIAL PARA FORNECIMENTO DE VE\u00cdCULO DO TIPO TRATOR PARA CORTE DE TERRA E DE 01(UMA) RETROESCAVADEIRA EM REGIME DE LOCA\u00c7\u00c3O<\/td><td class=\"column-10\">15300000 - Transfer\u00eancia da Uni\u00e3o Referente a Royalties do Petr\u00f3leo<\/td><td class=\"column-11\">463200<\/td><td class=\"column-12\">19.363.375\/0001-44<\/td><td class=\"column-13\">FRANCISCO JURANDIR DE LIMA JUNIOR - ME<\/td><td class=\"column-14\">RAFAEL ANDERSON DE ARA\u00daJO SILVA<\/td><td class=\"column-15\"><\/td><td class=\"column-16\"><\/td><td class=\"column-17\"><\/td><td class=\"column-18\"><\/td><td class=\"column-19\">0<\/td><td class=\"column-20\"><\/td><td class=\"column-21\">14310<\/td><td class=\"column-22\">12\/08\/2021<\/td><td class=\"column-23\"><\/td><td class=\"column-24\"><\/td>\n<\/tr>\n<tr class=\"row-558\">\n\t<td class=\"column-1\">38\/2021\t<\/td><td class=\"column-2\">08\/04\/2021<\/td><td class=\"column-3\">09\/04\/2021<\/td><td class=\"column-4\">08\/04\/2021 - 07\/07\/2021<\/td><td class=\"column-5\">51\/2021\t<\/td><td class=\"column-6\">Dispensa<\/td><td class=\"column-7\">Menor Pre\u00e7o Por Item<\/td><td class=\"column-8\"><\/td><td class=\"column-9\">CONTRATA\u00c7\u00c3O DE EMPRESA DE FORMA EMERGENCIAL PARA FORNECIMENTO DE VE\u00cdCULO DO TIPO TRATOR PARA CORTE DE TERRA E DE 01(UMA) RETROESCAVADEIRA EM REGIME DE LOCA\u00c7\u00c3O<\/td><td class=\"column-10\">15300000 - Transfer\u00eancia da Uni\u00e3o Referente a Royalties do Petr\u00f3leo<\/td><td class=\"column-11\">463200<\/td><td class=\"column-12\">19.363.375\/0001-44<\/td><td class=\"column-13\">FRANCISCO JURANDIR DE LIMA JUNIOR - ME<\/td><td class=\"column-14\">RAFAEL ANDERSON DE ARA\u00daJO SILVA<\/td><td class=\"column-15\"><\/td><td class=\"column-16\"><\/td><td class=\"column-17\"><\/td><td class=\"column-18\"><\/td><td class=\"column-19\">0<\/td><td class=\"column-20\"><\/td><td class=\"column-21\">14310<\/td><td class=\"column-22\">12\/08\/2021<\/td><td class=\"column-23\">14\/09\/2021<\/td><td class=\"column-24\">14310<\/td>\n<\/tr>\n<tr class=\"row-559\">\n\t<td class=\"column-1\">38\/2021\t<\/td><td class=\"column-2\">08\/04\/2021<\/td><td class=\"column-3\">09\/04\/2021<\/td><td class=\"column-4\">08\/04\/2021 - 07\/07\/2021<\/td><td class=\"column-5\">51\/2021\t<\/td><td class=\"column-6\">Dispensa<\/td><td class=\"column-7\">Menor Pre\u00e7o Por Item<\/td><td class=\"column-8\"><\/td><td class=\"column-9\">CONTRATA\u00c7\u00c3O DE EMPRESA DE FORMA EMERGENCIAL PARA FORNECIMENTO DE VE\u00cdCULO DO TIPO TRATOR PARA CORTE DE TERRA E DE 01(UMA) RETROESCAVADEIRA EM REGIME DE LOCA\u00c7\u00c3O<\/td><td class=\"column-10\">15300000 - Transfer\u00eancia da Uni\u00e3o Referente a Royalties do Petr\u00f3leo<\/td><td class=\"column-11\">463200<\/td><td class=\"column-12\">19.363.375\/0001-44<\/td><td class=\"column-13\">FRANCISCO JURANDIR DE LIMA JUNIOR - ME<\/td><td class=\"column-14\">RAFAEL ANDERSON DE ARA\u00daJO SILVA<\/td><td class=\"column-15\"><\/td><td class=\"column-16\"><\/td><td class=\"column-17\"><\/td><td class=\"column-18\"><\/td><td class=\"column-19\">0<\/td><td class=\"column-20\"><\/td><td class=\"column-21\">26568<\/td><td class=\"column-22\">28\/06\/2021<\/td><td class=\"column-23\"><\/td><td class=\"column-24\"><\/td>\n<\/tr>\n<tr class=\"row-560\">\n\t<td class=\"column-1\">38\/2021\t<\/td><td class=\"column-2\">08\/04\/2021<\/td><td class=\"column-3\">09\/04\/2021<\/td><td class=\"column-4\">08\/04\/2021 - 07\/07\/2021<\/td><td class=\"column-5\">51\/2021\t<\/td><td class=\"column-6\">Dispensa<\/td><td class=\"column-7\">Menor Pre\u00e7o Por Item<\/td><td class=\"column-8\"><\/td><td class=\"column-9\">CONTRATA\u00c7\u00c3O DE EMPRESA DE FORMA EMERGENCIAL PARA FORNECIMENTO DE VE\u00cdCULO DO TIPO TRATOR PARA CORTE DE TERRA E DE 01(UMA) RETROESCAVADEIRA EM REGIME DE LOCA\u00c7\u00c3O<\/td><td class=\"column-10\">15300000 - Transfer\u00eancia da Uni\u00e3o Referente a Royalties do Petr\u00f3leo<\/td><td class=\"column-11\">463200<\/td><td class=\"column-12\">19.363.375\/0001-44<\/td><td class=\"column-13\">FRANCISCO JURANDIR DE LIMA JUNIOR - ME<\/td><td class=\"column-14\">RAFAEL ANDERSON DE ARA\u00daJO SILVA<\/td><td class=\"column-15\"><\/td><td class=\"column-16\"><\/td><td class=\"column-17\"><\/td><td class=\"column-18\"><\/td><td class=\"column-19\">0<\/td><td class=\"column-20\"><\/td><td class=\"column-21\">26784<\/td><td class=\"column-22\">30\/08\/2021<\/td><td class=\"column-23\">13\/09\/2021<\/td><td class=\"column-24\">26784<\/td>\n<\/tr>\n<tr class=\"row-561\">\n\t<td class=\"column-1\">39\/2021\t<\/td><td class=\"column-2\">09\/04\/2021<\/td><td class=\"column-3\">12\/04\/2021<\/td><td class=\"column-4\">09\/04\/2021 - 31\/12\/2021<\/td><td class=\"column-5\">52\/2021\t<\/td><td class=\"column-6\">Dispensa<\/td><td class=\"column-7\">Menor Pre\u00e7o Por Item<\/td><td class=\"column-8\"><\/td><td class=\"column-9\">CONTRATA\u00c7\u00c3O DE EMPRESA ESPECIALIZADA EM PRESTA\u00c7\u00c3O DE SERVI\u00c7O DE HOSPEDAGEM E WEB SITE<\/td><td class=\"column-10\">10010000 - Recursos Ordin\u00e1rios<\/td><td class=\"column-11\">16799.94<\/td><td class=\"column-12\">06.334.845\/0001-08<\/td><td class=\"column-13\">MICRO SYSTEM INFORMATICA LTDA - ME<\/td><td class=\"column-14\">RAFAEL ANDERSON DE ARA\u00daJO SILVA<\/td><td class=\"column-15\"><\/td><td class=\"column-16\"><\/td><td class=\"column-17\"><\/td><td class=\"column-18\"><\/td><td class=\"column-19\">0<\/td><td class=\"column-20\"><\/td><td class=\"column-21\"><\/td><td class=\"column-22\"><\/td><td class=\"column-23\"><\/td><td class=\"column-24\"><\/td>\n<\/tr>\n<tr class=\"row-562\">\n\t<td class=\"column-1\">39\/2021\t<\/td><td class=\"column-2\">09\/04\/2021<\/td><td class=\"column-3\">12\/04\/2021<\/td><td class=\"column-4\">09\/04\/2021 - 31\/12\/2021<\/td><td class=\"column-5\">52\/2021\t<\/td><td class=\"column-6\">Dispensa<\/td><td class=\"column-7\">Menor Pre\u00e7o Por Item<\/td><td class=\"column-8\"><\/td><td class=\"column-9\">CONTRATA\u00c7\u00c3O DE EMPRESA ESPECIALIZADA EM PRESTA\u00c7\u00c3O DE SERVI\u00c7O DE HOSPEDAGEM E WEB SITE<\/td><td class=\"column-10\">10010000 - Recursos Ordin\u00e1rios<\/td><td class=\"column-11\">16799.94<\/td><td class=\"column-12\">06.334.845\/0001-08<\/td><td class=\"column-13\">MICRO SYSTEM INFORMATICA LTDA - ME<\/td><td class=\"column-14\">RAFAEL ANDERSON DE ARA\u00daJO SILVA<\/td><td class=\"column-15\"><\/td><td class=\"column-16\"><\/td><td class=\"column-17\"><\/td><td class=\"column-18\"><\/td><td class=\"column-19\">0<\/td><td class=\"column-20\"><\/td><td class=\"column-21\">1866.66<\/td><td class=\"column-22\">01\/06\/2021<\/td><td class=\"column-23\"><\/td><td class=\"column-24\"><\/td>\n<\/tr>\n<tr class=\"row-563\">\n\t<td class=\"column-1\">39\/2021\t<\/td><td class=\"column-2\">09\/04\/2021<\/td><td class=\"column-3\">12\/04\/2021<\/td><td class=\"column-4\">09\/04\/2021 - 31\/12\/2021<\/td><td class=\"column-5\">52\/2021\t<\/td><td class=\"column-6\">Dispensa<\/td><td class=\"column-7\">Menor Pre\u00e7o Por Item<\/td><td class=\"column-8\"><\/td><td class=\"column-9\">CONTRATA\u00c7\u00c3O DE EMPRESA ESPECIALIZADA EM PRESTA\u00c7\u00c3O DE SERVI\u00c7O DE HOSPEDAGEM E WEB SITE<\/td><td class=\"column-10\">10010000 - Recursos Ordin\u00e1rios<\/td><td class=\"column-11\">16799.94<\/td><td class=\"column-12\">06.334.845\/0001-08<\/td><td class=\"column-13\">MICRO SYSTEM INFORMATICA LTDA - ME<\/td><td class=\"column-14\">RAFAEL ANDERSON DE ARA\u00daJO SILVA<\/td><td class=\"column-15\"><\/td><td class=\"column-16\"><\/td><td class=\"column-17\"><\/td><td class=\"column-18\"><\/td><td class=\"column-19\">0<\/td><td class=\"column-20\"><\/td><td class=\"column-21\">1866.66<\/td><td class=\"column-22\">01\/06\/2021<\/td><td class=\"column-23\">11\/06\/2021<\/td><td class=\"column-24\">1866.66<\/td>\n<\/tr>\n<tr class=\"row-564\">\n\t<td class=\"column-1\">39\/2021\t<\/td><td class=\"column-2\">09\/04\/2021<\/td><td class=\"column-3\">12\/04\/2021<\/td><td class=\"column-4\">09\/04\/2021 - 31\/12\/2021<\/td><td class=\"column-5\">52\/2021\t<\/td><td class=\"column-6\">Dispensa<\/td><td class=\"column-7\">Menor Pre\u00e7o Por Item<\/td><td class=\"column-8\"><\/td><td class=\"column-9\">CONTRATA\u00c7\u00c3O DE EMPRESA ESPECIALIZADA EM PRESTA\u00c7\u00c3O DE SERVI\u00c7O DE HOSPEDAGEM E WEB SITE<\/td><td class=\"column-10\">10010000 - Recursos Ordin\u00e1rios<\/td><td class=\"column-11\">16799.94<\/td><td class=\"column-12\">06.334.845\/0001-08<\/td><td class=\"column-13\">MICRO SYSTEM INFORMATICA LTDA - ME<\/td><td class=\"column-14\">RAFAEL ANDERSON DE ARA\u00daJO SILVA<\/td><td class=\"column-15\"><\/td><td class=\"column-16\"><\/td><td class=\"column-17\"><\/td><td class=\"column-18\"><\/td><td class=\"column-19\">0<\/td><td class=\"column-20\"><\/td><td class=\"column-21\">1866.66<\/td><td class=\"column-22\">02\/12\/2021<\/td><td class=\"column-23\">06\/12\/2021<\/td><td class=\"column-24\">1866.66<\/td>\n<\/tr>\n<tr class=\"row-565\">\n\t<td class=\"column-1\">39\/2021\t<\/td><td class=\"column-2\">09\/04\/2021<\/td><td class=\"column-3\">12\/04\/2021<\/td><td class=\"column-4\">09\/04\/2021 - 31\/12\/2021<\/td><td class=\"column-5\">52\/2021\t<\/td><td class=\"column-6\">Dispensa<\/td><td class=\"column-7\">Menor Pre\u00e7o Por Item<\/td><td class=\"column-8\"><\/td><td class=\"column-9\">CONTRATA\u00c7\u00c3O DE EMPRESA ESPECIALIZADA EM PRESTA\u00c7\u00c3O DE SERVI\u00c7O DE HOSPEDAGEM E WEB SITE<\/td><td class=\"column-10\">10010000 - Recursos Ordin\u00e1rios<\/td><td class=\"column-11\">16799.94<\/td><td class=\"column-12\">06.334.845\/0001-08<\/td><td class=\"column-13\">MICRO SYSTEM INFORMATICA LTDA - ME<\/td><td class=\"column-14\">RAFAEL ANDERSON DE ARA\u00daJO SILVA<\/td><td class=\"column-15\"><\/td><td class=\"column-16\"><\/td><td class=\"column-17\"><\/td><td class=\"column-18\"><\/td><td class=\"column-19\">0<\/td><td class=\"column-20\"><\/td><td class=\"column-21\">1866.66<\/td><td class=\"column-22\">05\/07\/2021<\/td><td class=\"column-23\">13\/07\/2021<\/td><td class=\"column-24\">1866.66<\/td>\n<\/tr>\n<tr class=\"row-566\">\n\t<td class=\"column-1\">39\/2021\t<\/td><td class=\"column-2\">09\/04\/2021<\/td><td class=\"column-3\">12\/04\/2021<\/td><td class=\"column-4\">09\/04\/2021 - 31\/12\/2021<\/td><td class=\"column-5\">52\/2021\t<\/td><td class=\"column-6\">Dispensa<\/td><td class=\"column-7\">Menor Pre\u00e7o Por Item<\/td><td class=\"column-8\"><\/td><td class=\"column-9\">CONTRATA\u00c7\u00c3O DE EMPRESA ESPECIALIZADA EM PRESTA\u00c7\u00c3O DE SERVI\u00c7O DE HOSPEDAGEM E WEB SITE<\/td><td class=\"column-10\">10010000 - Recursos Ordin\u00e1rios<\/td><td class=\"column-11\">16799.94<\/td><td class=\"column-12\">06.334.845\/0001-08<\/td><td class=\"column-13\">MICRO SYSTEM INFORMATICA LTDA - ME<\/td><td class=\"column-14\">RAFAEL ANDERSON DE ARA\u00daJO SILVA<\/td><td class=\"column-15\"><\/td><td class=\"column-16\"><\/td><td class=\"column-17\"><\/td><td class=\"column-18\"><\/td><td class=\"column-19\">0<\/td><td class=\"column-20\"><\/td><td class=\"column-21\">1866.66<\/td><td class=\"column-22\">05\/11\/2021<\/td><td class=\"column-23\">10\/11\/2021<\/td><td class=\"column-24\">1866.66<\/td>\n<\/tr>\n<tr class=\"row-567\">\n\t<td class=\"column-1\">39\/2021\t<\/td><td class=\"column-2\">09\/04\/2021<\/td><td class=\"column-3\">12\/04\/2021<\/td><td class=\"column-4\">09\/04\/2021 - 31\/12\/2021<\/td><td class=\"column-5\">52\/2021\t<\/td><td class=\"column-6\">Dispensa<\/td><td class=\"column-7\">Menor Pre\u00e7o Por Item<\/td><td class=\"column-8\"><\/td><td class=\"column-9\">CONTRATA\u00c7\u00c3O DE EMPRESA ESPECIALIZADA EM PRESTA\u00c7\u00c3O DE SERVI\u00c7O DE HOSPEDAGEM E WEB SITE<\/td><td class=\"column-10\">10010000 - Recursos Ordin\u00e1rios<\/td><td class=\"column-11\">16799.94<\/td><td class=\"column-12\">06.334.845\/0001-08<\/td><td class=\"column-13\">MICRO SYSTEM INFORMATICA LTDA - ME<\/td><td class=\"column-14\">RAFAEL ANDERSON DE ARA\u00daJO SILVA<\/td><td class=\"column-15\"><\/td><td class=\"column-16\"><\/td><td class=\"column-17\"><\/td><td class=\"column-18\"><\/td><td class=\"column-19\">0<\/td><td class=\"column-20\"><\/td><td class=\"column-21\">1866.66<\/td><td class=\"column-22\">08\/09\/2021<\/td><td class=\"column-23\">13\/09\/2021<\/td><td class=\"column-24\">1866.66<\/td>\n<\/tr>\n<tr class=\"row-568\">\n\t<td class=\"column-1\">39\/2021\t<\/td><td class=\"column-2\">09\/04\/2021<\/td><td class=\"column-3\">12\/04\/2021<\/td><td class=\"column-4\">09\/04\/2021 - 31\/12\/2021<\/td><td class=\"column-5\">52\/2021\t<\/td><td class=\"column-6\">Dispensa<\/td><td class=\"column-7\">Menor Pre\u00e7o Por Item<\/td><td class=\"column-8\"><\/td><td class=\"column-9\">CONTRATA\u00c7\u00c3O DE EMPRESA ESPECIALIZADA EM PRESTA\u00c7\u00c3O DE SERVI\u00c7O DE HOSPEDAGEM E WEB SITE<\/td><td class=\"column-10\">10010000 - Recursos Ordin\u00e1rios<\/td><td class=\"column-11\">16799.94<\/td><td class=\"column-12\">06.334.845\/0001-08<\/td><td class=\"column-13\">MICRO SYSTEM INFORMATICA LTDA - ME<\/td><td class=\"column-14\">RAFAEL ANDERSON DE ARA\u00daJO SILVA<\/td><td class=\"column-15\"><\/td><td class=\"column-16\"><\/td><td class=\"column-17\"><\/td><td class=\"column-18\"><\/td><td class=\"column-19\">0<\/td><td class=\"column-20\"><\/td><td class=\"column-21\">1866.66<\/td><td class=\"column-22\">08\/10\/2021<\/td><td class=\"column-23\">14\/10\/2021<\/td><td class=\"column-24\">1866.66<\/td>\n<\/tr>\n<tr class=\"row-569\">\n\t<td class=\"column-1\">39\/2021\t<\/td><td class=\"column-2\">09\/04\/2021<\/td><td class=\"column-3\">12\/04\/2021<\/td><td class=\"column-4\">09\/04\/2021 - 31\/12\/2021<\/td><td class=\"column-5\">52\/2021\t<\/td><td class=\"column-6\">Dispensa<\/td><td class=\"column-7\">Menor Pre\u00e7o Por Item<\/td><td class=\"column-8\"><\/td><td class=\"column-9\">CONTRATA\u00c7\u00c3O DE EMPRESA ESPECIALIZADA EM PRESTA\u00c7\u00c3O DE SERVI\u00c7O DE HOSPEDAGEM E WEB SITE<\/td><td class=\"column-10\">10010000 - Recursos Ordin\u00e1rios<\/td><td class=\"column-11\">16799.94<\/td><td class=\"column-12\">06.334.845\/0001-08<\/td><td class=\"column-13\">MICRO SYSTEM INFORMATICA LTDA - ME<\/td><td class=\"column-14\">RAFAEL ANDERSON DE ARA\u00daJO SILVA<\/td><td class=\"column-15\"><\/td><td class=\"column-16\"><\/td><td class=\"column-17\"><\/td><td class=\"column-18\"><\/td><td class=\"column-19\">0<\/td><td class=\"column-20\"><\/td><td class=\"column-21\">1866.66<\/td><td class=\"column-22\">11\/06\/2021<\/td><td class=\"column-23\">15\/06\/2021<\/td><td class=\"column-24\">1866.66<\/td>\n<\/tr>\n<tr class=\"row-570\">\n\t<td class=\"column-1\">39\/2021\t<\/td><td class=\"column-2\">09\/04\/2021<\/td><td class=\"column-3\">12\/04\/2021<\/td><td class=\"column-4\">09\/04\/2021 - 31\/12\/2021<\/td><td class=\"column-5\">52\/2021\t<\/td><td class=\"column-6\">Dispensa<\/td><td class=\"column-7\">Menor Pre\u00e7o Por Item<\/td><td class=\"column-8\"><\/td><td class=\"column-9\">CONTRATA\u00c7\u00c3O DE EMPRESA ESPECIALIZADA EM PRESTA\u00c7\u00c3O DE SERVI\u00c7O DE HOSPEDAGEM E WEB SITE<\/td><td class=\"column-10\">10010000 - Recursos Ordin\u00e1rios<\/td><td class=\"column-11\">16799.94<\/td><td class=\"column-12\">06.334.845\/0001-08<\/td><td class=\"column-13\">MICRO SYSTEM INFORMATICA LTDA - ME<\/td><td class=\"column-14\">RAFAEL ANDERSON DE ARA\u00daJO SILVA<\/td><td class=\"column-15\"><\/td><td class=\"column-16\"><\/td><td class=\"column-17\"><\/td><td class=\"column-18\"><\/td><td class=\"column-19\">0<\/td><td class=\"column-20\"><\/td><td class=\"column-21\">1866.66<\/td><td class=\"column-22\">23\/08\/2021<\/td><td class=\"column-23\">10\/09\/2021<\/td><td class=\"column-24\">1866.66<\/td>\n<\/tr>\n<tr class=\"row-571\">\n\t<td class=\"column-1\">39\/2021\t<\/td><td class=\"column-2\">09\/04\/2021<\/td><td class=\"column-3\">12\/04\/2021<\/td><td class=\"column-4\">09\/04\/2021 - 31\/12\/2021<\/td><td class=\"column-5\">52\/2021\t<\/td><td class=\"column-6\">Dispensa<\/td><td class=\"column-7\">Menor Pre\u00e7o Por Item<\/td><td class=\"column-8\"><\/td><td class=\"column-9\">CONTRATA\u00c7\u00c3O DE EMPRESA ESPECIALIZADA EM PRESTA\u00c7\u00c3O DE SERVI\u00c7O DE HOSPEDAGEM E WEB SITE<\/td><td class=\"column-10\">10010000 - Recursos Ordin\u00e1rios<\/td><td class=\"column-11\">16799.94<\/td><td class=\"column-12\">06.334.845\/0001-08<\/td><td class=\"column-13\">MICRO SYSTEM INFORMATICA LTDA - ME<\/td><td class=\"column-14\">RAFAEL ANDERSON DE ARA\u00daJO SILVA<\/td><td class=\"column-15\"><\/td><td class=\"column-16\"><\/td><td class=\"column-17\"><\/td><td class=\"column-18\"><\/td><td class=\"column-19\">0<\/td><td class=\"column-20\"><\/td><td class=\"column-21\">1866.66<\/td><td class=\"column-22\">30\/12\/2021<\/td><td class=\"column-23\"><\/td><td class=\"column-24\"><\/td>\n<\/tr>\n<tr class=\"row-572\">\n\t<td class=\"column-1\">40\/2021\t<\/td><td class=\"column-2\">15\/04\/2021<\/td><td class=\"column-3\">16\/04\/2021<\/td><td class=\"column-4\">15\/04\/2021 - 15\/07\/2021<\/td><td class=\"column-5\">53\/2021\t<\/td><td class=\"column-6\">Dispensa<\/td><td class=\"column-7\">Menor Pre\u00e7o Global<\/td><td class=\"column-8\"><\/td><td class=\"column-9\">AQUISI\u00c7\u00c3O DE MATERIAL DE CONSTRU\u00c7\u00c3O EMERGENCIAL DE ACORDO COM O TERMO DE REFER\u00caNCIA PARA ATENDER A DEMANDA DE MANUTEN\u00c7\u00d5ES\/CONSERTOS DOS PR\u00c9DIOS P\u00daBLICOS DESTE MUNIC\u00cdPIO, VISANDO A MELHORIA DO ATENDIMENTO AOS MUN\u00cdCIPES.<\/td><td class=\"column-10\">10010000 - Recursos Ordin\u00e1rios<\/td><td class=\"column-11\">98199.74<\/td><td class=\"column-12\">20.647.964\/0001-33<\/td><td class=\"column-13\">COMERCIAL LAGOA NOVA LTDA<\/td><td class=\"column-14\">RAFAEL ANDERSON DE ARA\u00daJO SILVA<\/td><td class=\"column-15\"><\/td><td class=\"column-16\"><\/td><td class=\"column-17\"><\/td><td class=\"column-18\"><\/td><td class=\"column-19\">0<\/td><td class=\"column-20\"><\/td><td class=\"column-21\"><\/td><td class=\"column-22\"><\/td><td class=\"column-23\"><\/td><td class=\"column-24\"><\/td>\n<\/tr>\n<tr class=\"row-573\">\n\t<td class=\"column-1\">40\/2021\t<\/td><td class=\"column-2\">15\/04\/2021<\/td><td class=\"column-3\">16\/04\/2021<\/td><td class=\"column-4\">15\/04\/2021 - 15\/07\/2021<\/td><td class=\"column-5\">53\/2021\t<\/td><td class=\"column-6\">Dispensa<\/td><td class=\"column-7\">Menor Pre\u00e7o Global<\/td><td class=\"column-8\"><\/td><td class=\"column-9\">AQUISI\u00c7\u00c3O DE MATERIAL DE CONSTRU\u00c7\u00c3O EMERGENCIAL DE ACORDO COM O TERMO DE REFER\u00caNCIA PARA ATENDER A DEMANDA DE MANUTEN\u00c7\u00d5ES\/CONSERTOS DOS PR\u00c9DIOS P\u00daBLICOS DESTE MUNIC\u00cdPIO, VISANDO A MELHORIA DO ATENDIMENTO AOS MUN\u00cdCIPES.<\/td><td class=\"column-10\">10010000 - Recursos Ordin\u00e1rios<\/td><td class=\"column-11\">98199.74<\/td><td class=\"column-12\">20.647.964\/0001-33<\/td><td class=\"column-13\">COMERCIAL LAGOA NOVA LTDA<\/td><td class=\"column-14\">RAFAEL ANDERSON DE ARA\u00daJO SILVA<\/td><td class=\"column-15\"><\/td><td class=\"column-16\"><\/td><td class=\"column-17\"><\/td><td class=\"column-18\"><\/td><td class=\"column-19\">0<\/td><td class=\"column-20\"><\/td><td class=\"column-21\">33922.29<\/td><td class=\"column-22\">02\/08\/2021<\/td><td class=\"column-23\">10\/08\/2021<\/td><td class=\"column-24\">33922.29<\/td>\n<\/tr>\n<tr class=\"row-574\">\n\t<td class=\"column-1\">40\/2021\t<\/td><td class=\"column-2\">15\/04\/2021<\/td><td class=\"column-3\">16\/04\/2021<\/td><td class=\"column-4\">15\/04\/2021 - 15\/07\/2021<\/td><td class=\"column-5\">53\/2021\t<\/td><td class=\"column-6\">Dispensa<\/td><td class=\"column-7\">Menor Pre\u00e7o Global<\/td><td class=\"column-8\"><\/td><td class=\"column-9\">AQUISI\u00c7\u00c3O DE MATERIAL DE CONSTRU\u00c7\u00c3O EMERGENCIAL DE ACORDO COM O TERMO DE REFER\u00caNCIA PARA ATENDER A DEMANDA DE MANUTEN\u00c7\u00d5ES\/CONSERTOS DOS PR\u00c9DIOS P\u00daBLICOS DESTE MUNIC\u00cdPIO, VISANDO A MELHORIA DO ATENDIMENTO AOS MUN\u00cdCIPES.<\/td><td class=\"column-10\">10010000 - Recursos Ordin\u00e1rios<\/td><td class=\"column-11\">98199.74<\/td><td class=\"column-12\">20.647.964\/0001-33<\/td><td class=\"column-13\">COMERCIAL LAGOA NOVA LTDA<\/td><td class=\"column-14\">RAFAEL ANDERSON DE ARA\u00daJO SILVA<\/td><td class=\"column-15\"><\/td><td class=\"column-16\"><\/td><td class=\"column-17\"><\/td><td class=\"column-18\"><\/td><td class=\"column-19\">0<\/td><td class=\"column-20\"><\/td><td class=\"column-21\">21465.7<\/td><td class=\"column-22\">08\/07\/2021<\/td><td class=\"column-23\">10\/08\/2021<\/td><td class=\"column-24\">21465.7<\/td>\n<\/tr>\n<tr class=\"row-575\">\n\t<td class=\"column-1\">40\/2021\t<\/td><td class=\"column-2\">15\/04\/2021<\/td><td class=\"column-3\">16\/04\/2021<\/td><td class=\"column-4\">15\/04\/2021 - 15\/07\/2021<\/td><td class=\"column-5\">53\/2021\t<\/td><td class=\"column-6\">Dispensa<\/td><td class=\"column-7\">Menor Pre\u00e7o Global<\/td><td class=\"column-8\"><\/td><td class=\"column-9\">AQUISI\u00c7\u00c3O DE MATERIAL DE CONSTRU\u00c7\u00c3O EMERGENCIAL DE ACORDO COM O TERMO DE REFER\u00caNCIA PARA ATENDER A DEMANDA DE MANUTEN\u00c7\u00d5ES\/CONSERTOS DOS PR\u00c9DIOS P\u00daBLICOS DESTE MUNIC\u00cdPIO, VISANDO A MELHORIA DO ATENDIMENTO AOS MUN\u00cdCIPES.<\/td><td class=\"column-10\">10010000 - Recursos Ordin\u00e1rios<\/td><td class=\"column-11\">98199.74<\/td><td class=\"column-12\">20.647.964\/0001-33<\/td><td class=\"column-13\">COMERCIAL LAGOA NOVA LTDA<\/td><td class=\"column-14\">RAFAEL ANDERSON DE ARA\u00daJO SILVA<\/td><td class=\"column-15\"><\/td><td class=\"column-16\"><\/td><td class=\"column-17\"><\/td><td class=\"column-18\"><\/td><td class=\"column-19\">0<\/td><td class=\"column-20\"><\/td><td class=\"column-21\">42811.75<\/td><td class=\"column-22\">30\/04\/2021<\/td><td class=\"column-23\">05\/05\/2021<\/td><td class=\"column-24\">42811.75<\/td>\n<\/tr>\n<tr class=\"row-576\">\n\t<td class=\"column-1\">41\/2021\t<\/td><td class=\"column-2\">21\/04\/2021<\/td><td class=\"column-3\">22\/04\/2021<\/td><td class=\"column-4\">21\/04\/2021 - 31\/12\/2021<\/td><td class=\"column-5\">13\/2020\t<\/td><td class=\"column-6\">Preg\u00e3o Presencial<\/td><td class=\"column-7\">Menor Pre\u00e7o<\/td><td class=\"column-8\">9\/2020<\/td><td class=\"column-9\">POSS\u00cdVEL AQUISI\u00c7\u00c3O DE G\u00c1S GLP COM 13 KG para suprir as necessidade cotidianas da Secretaria Municipal de Educa\u00e7\u00e3o, Secretaria Municipal de Sa\u00fade e Secretaria Municipal de Assist\u00eancia Social<\/td><td class=\"column-10\">11110000 - Receitas de Impostos e de Transfer\u00eancia de Impostos - Educa\u00e7\u00e3o<\/td><td class=\"column-11\">14210<\/td><td class=\"column-12\">03.954.830\/0015-41<\/td><td class=\"column-13\">DEPOSITO DE GAS SAO TOME LTDA<\/td><td class=\"column-14\">RAFAEL ANDERSON DE ARA\u00daJO SILVA<\/td><td class=\"column-15\"><\/td><td class=\"column-16\"><\/td><td class=\"column-17\"><\/td><td class=\"column-18\"><\/td><td class=\"column-19\">0<\/td><td class=\"column-20\"><\/td><td class=\"column-21\"><\/td><td class=\"column-22\"><\/td><td class=\"column-23\"><\/td><td class=\"column-24\"><\/td>\n<\/tr>\n<tr class=\"row-577\">\n\t<td class=\"column-1\">41\/2021\t<\/td><td class=\"column-2\">21\/04\/2021<\/td><td class=\"column-3\">22\/04\/2021<\/td><td class=\"column-4\">21\/04\/2021 - 31\/12\/2021<\/td><td class=\"column-5\">13\/2020\t<\/td><td class=\"column-6\">Preg\u00e3o Presencial<\/td><td class=\"column-7\">Menor Pre\u00e7o<\/td><td class=\"column-8\">9\/2020<\/td><td class=\"column-9\">POSS\u00cdVEL AQUISI\u00c7\u00c3O DE G\u00c1S GLP COM 13 KG para suprir as necessidade cotidianas da Secretaria Municipal de Educa\u00e7\u00e3o, Secretaria Municipal de Sa\u00fade e Secretaria Municipal de Assist\u00eancia Social<\/td><td class=\"column-10\">11110000 - Receitas de Impostos e de Transfer\u00eancia de Impostos - Educa\u00e7\u00e3o<\/td><td class=\"column-11\">14210<\/td><td class=\"column-12\">03.954.830\/0015-41<\/td><td class=\"column-13\">DEPOSITO DE GAS SAO TOME LTDA<\/td><td class=\"column-14\">RAFAEL ANDERSON DE ARA\u00daJO SILVA<\/td><td class=\"column-15\"><\/td><td class=\"column-16\"><\/td><td class=\"column-17\"><\/td><td class=\"column-18\"><\/td><td class=\"column-19\">0<\/td><td class=\"column-20\"><\/td><td class=\"column-21\">2100<\/td><td class=\"column-22\">10\/11\/2021<\/td><td class=\"column-23\">11\/11\/2021<\/td><td class=\"column-24\">2100<\/td>\n<\/tr>\n<tr class=\"row-578\">\n\t<td class=\"column-1\">41\/2021\t<\/td><td class=\"column-2\">21\/04\/2021<\/td><td class=\"column-3\">22\/04\/2021<\/td><td class=\"column-4\">21\/04\/2021 - 31\/12\/2021<\/td><td class=\"column-5\">13\/2020\t<\/td><td class=\"column-6\">Preg\u00e3o Presencial<\/td><td class=\"column-7\">Menor Pre\u00e7o<\/td><td class=\"column-8\">9\/2020<\/td><td class=\"column-9\">POSS\u00cdVEL AQUISI\u00c7\u00c3O DE G\u00c1S GLP COM 13 KG para suprir as necessidade cotidianas da Secretaria Municipal de Educa\u00e7\u00e3o, Secretaria Municipal de Sa\u00fade e Secretaria Municipal de Assist\u00eancia Social<\/td><td class=\"column-10\">11110000 - Receitas de Impostos e de Transfer\u00eancia de Impostos - Educa\u00e7\u00e3o<\/td><td class=\"column-11\">14210<\/td><td class=\"column-12\">03.954.830\/0015-41<\/td><td class=\"column-13\">DEPOSITO DE GAS SAO TOME LTDA<\/td><td class=\"column-14\">RAFAEL ANDERSON DE ARA\u00daJO SILVA<\/td><td class=\"column-15\"><\/td><td class=\"column-16\"><\/td><td class=\"column-17\"><\/td><td class=\"column-18\"><\/td><td class=\"column-19\">0<\/td><td class=\"column-20\"><\/td><td class=\"column-21\">3150<\/td><td class=\"column-22\">10\/11\/2021<\/td><td class=\"column-23\">11\/11\/2021<\/td><td class=\"column-24\">3150<\/td>\n<\/tr>\n<tr class=\"row-579\">\n\t<td class=\"column-1\">41\/2021\t<\/td><td class=\"column-2\">29\/04\/2021<\/td><td class=\"column-3\"><\/td><td class=\"column-4\"><\/td><td class=\"column-5\">13\/2020\t<\/td><td class=\"column-6\">Preg\u00e3o Presencial<\/td><td class=\"column-7\">Menor Pre\u00e7o<\/td><td class=\"column-8\"><\/td><td class=\"column-9\"><\/td><td class=\"column-10\">11110000 - Receitas de Impostos e de Transfer\u00eancia de Impostos - Educa\u00e7\u00e3o<\/td><td class=\"column-11\">0<\/td><td class=\"column-12\">03.954.830\/0015-41<\/td><td class=\"column-13\">DEPOSITO DE GAS SAO TOME LTDA<\/td><td class=\"column-14\"><\/td><td class=\"column-15\">1<\/td><td class=\"column-16\">29\/04\/2021<\/td><td class=\"column-17\">30\/04\/2021<\/td><td class=\"column-18\">O presente aditivo \u00e9 de 24,3% (vinte e quatro v\u00edrgula tr\u00eas por cento) do valor do contrato, visando \u00e0 continua\u00e7\u00e3o do FORNECIMENTO DE G\u00c1S GLP 13KG<\/td><td class=\"column-19\">17661<\/td><td class=\"column-20\">8,00 m\u00eas(es)<\/td><td class=\"column-21\"><\/td><td class=\"column-22\"><\/td><td class=\"column-23\"><\/td><td class=\"column-24\"><\/td>\n<\/tr>\n<tr class=\"row-580\">\n\t<td class=\"column-1\">41\/2021\t<\/td><td class=\"column-2\">26\/10\/2021<\/td><td class=\"column-3\"><\/td><td class=\"column-4\"><\/td><td class=\"column-5\">13\/2020\t<\/td><td class=\"column-6\">Preg\u00e3o Presencial<\/td><td class=\"column-7\">Menor Pre\u00e7o<\/td><td class=\"column-8\"><\/td><td class=\"column-9\"><\/td><td class=\"column-10\">11110000 - Receitas de Impostos e de Transfer\u00eancia de Impostos - Educa\u00e7\u00e3o<\/td><td class=\"column-11\">0<\/td><td class=\"column-12\">03.954.830\/0015-41<\/td><td class=\"column-13\">DEPOSITO DE GAS SAO TOME LTDA<\/td><td class=\"column-14\"><\/td><td class=\"column-15\">2<\/td><td class=\"column-16\">26\/10\/2021<\/td><td class=\"column-17\">27\/10\/2021<\/td><td class=\"column-18\">O presente aditivo \u00e9 de reequil\u00edbrio econ\u00f4mico financeiro do contrato n\u00ba 041\/2021, visando \u00e0 continua\u00e7\u00e3o do FORNECIMENTO DE G\u00c1S GLP 13KG<\/td><td class=\"column-19\">19215<\/td><td class=\"column-20\">2,00 m\u00eas(es)<\/td><td class=\"column-21\"><\/td><td class=\"column-22\"><\/td><td class=\"column-23\"><\/td><td class=\"column-24\"><\/td>\n<\/tr>\n<tr class=\"row-581\">\n\t<td class=\"column-1\">42\/2021\t<\/td><td class=\"column-2\">21\/04\/2021<\/td><td class=\"column-3\">23\/04\/2021<\/td><td class=\"column-4\">21\/04\/2021 - 20\/07\/2021<\/td><td class=\"column-5\">54\/2021\t<\/td><td class=\"column-6\">Dispensa<\/td><td class=\"column-7\">Menor Pre\u00e7o Por Item<\/td><td class=\"column-8\"><\/td><td class=\"column-9\">CONTRATA\u00c7\u00c3O DE EMPRESA ESPECIALIZADA PARA PRESTA\u00c7\u00c3O DE SERVI\u00c7O DE LOCA\u00c7\u00c3O DE ANALISADOR TOTALMENTE AUTOM\u00c1TICO DE C\u00c9LULAS SANGU\u00cdNEAS E FORNECIMENTO DE REAGENTES PARA REALIZA\u00c7\u00c3O DE HEMOGRAMA<\/td><td class=\"column-10\">12140000 - Transf. Fundo a Fundo de Rec. do SUS provenientes do Governo Federal - Bloco de Manut. das A\u00e7\u00f5es e Servi\u00e7os P\u00fablicos de Sa\u00fade<\/td><td class=\"column-11\">6750<\/td><td class=\"column-12\">13.160.859\/0001-00<\/td><td class=\"column-13\">BIO PLENNA DISTRIBUIDORA DE PRODUTO E EQUIPAMENTOS PARA DIAGN\u00d3STICO LT<\/td><td class=\"column-14\">RAFAEL ANDERSON DE ARA\u00daJO SILVA<\/td><td class=\"column-15\"><\/td><td class=\"column-16\"><\/td><td class=\"column-17\"><\/td><td class=\"column-18\"><\/td><td class=\"column-19\">0<\/td><td class=\"column-20\"><\/td><td class=\"column-21\"><\/td><td class=\"column-22\"><\/td><td class=\"column-23\"><\/td><td class=\"column-24\"><\/td>\n<\/tr>\n<tr class=\"row-582\">\n\t<td class=\"column-1\">42\/2021\t<\/td><td class=\"column-2\">21\/04\/2021<\/td><td class=\"column-3\">23\/04\/2021<\/td><td class=\"column-4\">21\/04\/2021 - 20\/07\/2021<\/td><td class=\"column-5\">54\/2021\t<\/td><td class=\"column-6\">Dispensa<\/td><td class=\"column-7\">Menor Pre\u00e7o Por Item<\/td><td class=\"column-8\"><\/td><td class=\"column-9\">CONTRATA\u00c7\u00c3O DE EMPRESA ESPECIALIZADA PARA PRESTA\u00c7\u00c3O DE SERVI\u00c7O DE LOCA\u00c7\u00c3O DE ANALISADOR TOTALMENTE AUTOM\u00c1TICO DE C\u00c9LULAS SANGU\u00cdNEAS E FORNECIMENTO DE REAGENTES PARA REALIZA\u00c7\u00c3O DE HEMOGRAMA<\/td><td class=\"column-10\">12140000 - Transf. Fundo a Fundo de Rec. do SUS provenientes do Governo Federal - Bloco de Manut. das A\u00e7\u00f5es e Servi\u00e7os P\u00fablicos de Sa\u00fade<\/td><td class=\"column-11\">6750<\/td><td class=\"column-12\">13.160.859\/0001-00<\/td><td class=\"column-13\">BIO PLENNA DISTRIBUIDORA DE PRODUTO E EQUIPAMENTOS PARA DIAGN\u00d3STICO LT<\/td><td class=\"column-14\">RAFAEL ANDERSON DE ARA\u00daJO SILVA<\/td><td class=\"column-15\"><\/td><td class=\"column-16\"><\/td><td class=\"column-17\"><\/td><td class=\"column-18\"><\/td><td class=\"column-19\">0<\/td><td class=\"column-20\"><\/td><td class=\"column-21\">2250<\/td><td class=\"column-22\">03\/09\/2021<\/td><td class=\"column-23\">13\/09\/2021<\/td><td class=\"column-24\">2250<\/td>\n<\/tr>\n<tr class=\"row-583\">\n\t<td class=\"column-1\">42\/2021\t<\/td><td class=\"column-2\">21\/04\/2021<\/td><td class=\"column-3\">23\/04\/2021<\/td><td class=\"column-4\">21\/04\/2021 - 20\/07\/2021<\/td><td class=\"column-5\">54\/2021\t<\/td><td class=\"column-6\">Dispensa<\/td><td class=\"column-7\">Menor Pre\u00e7o Por Item<\/td><td class=\"column-8\"><\/td><td class=\"column-9\">CONTRATA\u00c7\u00c3O DE EMPRESA ESPECIALIZADA PARA PRESTA\u00c7\u00c3O DE SERVI\u00c7O DE LOCA\u00c7\u00c3O DE ANALISADOR TOTALMENTE AUTOM\u00c1TICO DE C\u00c9LULAS SANGU\u00cdNEAS E FORNECIMENTO DE REAGENTES PARA REALIZA\u00c7\u00c3O DE HEMOGRAMA<\/td><td class=\"column-10\">12140000 - Transf. Fundo a Fundo de Rec. do SUS provenientes do Governo Federal - Bloco de Manut. das A\u00e7\u00f5es e Servi\u00e7os P\u00fablicos de Sa\u00fade<\/td><td class=\"column-11\">6750<\/td><td class=\"column-12\">13.160.859\/0001-00<\/td><td class=\"column-13\">BIO PLENNA DISTRIBUIDORA DE PRODUTO E EQUIPAMENTOS PARA DIAGN\u00d3STICO LT<\/td><td class=\"column-14\">RAFAEL ANDERSON DE ARA\u00daJO SILVA<\/td><td class=\"column-15\"><\/td><td class=\"column-16\"><\/td><td class=\"column-17\"><\/td><td class=\"column-18\"><\/td><td class=\"column-19\">0<\/td><td class=\"column-20\"><\/td><td class=\"column-21\">2250<\/td><td class=\"column-22\">07\/06\/2021<\/td><td class=\"column-23\"><\/td><td class=\"column-24\"><\/td>\n<\/tr>\n<tr class=\"row-584\">\n\t<td class=\"column-1\">42\/2021\t<\/td><td class=\"column-2\">21\/04\/2021<\/td><td class=\"column-3\">23\/04\/2021<\/td><td class=\"column-4\">21\/04\/2021 - 20\/07\/2021<\/td><td class=\"column-5\">54\/2021\t<\/td><td class=\"column-6\">Dispensa<\/td><td class=\"column-7\">Menor Pre\u00e7o Por Item<\/td><td class=\"column-8\"><\/td><td class=\"column-9\">CONTRATA\u00c7\u00c3O DE EMPRESA ESPECIALIZADA PARA PRESTA\u00c7\u00c3O DE SERVI\u00c7O DE LOCA\u00c7\u00c3O DE ANALISADOR TOTALMENTE AUTOM\u00c1TICO DE C\u00c9LULAS SANGU\u00cdNEAS E FORNECIMENTO DE REAGENTES PARA REALIZA\u00c7\u00c3O DE HEMOGRAMA<\/td><td class=\"column-10\">12140000 - Transf. Fundo a Fundo de Rec. do SUS provenientes do Governo Federal - Bloco de Manut. das A\u00e7\u00f5es e Servi\u00e7os P\u00fablicos de Sa\u00fade<\/td><td class=\"column-11\">6750<\/td><td class=\"column-12\">13.160.859\/0001-00<\/td><td class=\"column-13\">BIO PLENNA DISTRIBUIDORA DE PRODUTO E EQUIPAMENTOS PARA DIAGN\u00d3STICO LT<\/td><td class=\"column-14\">RAFAEL ANDERSON DE ARA\u00daJO SILVA<\/td><td class=\"column-15\"><\/td><td class=\"column-16\"><\/td><td class=\"column-17\"><\/td><td class=\"column-18\"><\/td><td class=\"column-19\">0<\/td><td class=\"column-20\"><\/td><td class=\"column-21\">2250<\/td><td class=\"column-22\">07\/06\/2021<\/td><td class=\"column-23\">11\/06\/2021<\/td><td class=\"column-24\">2250<\/td>\n<\/tr>\n<tr class=\"row-585\">\n\t<td class=\"column-1\">42\/2021\t<\/td><td class=\"column-2\">21\/04\/2021<\/td><td class=\"column-3\">23\/04\/2021<\/td><td class=\"column-4\">21\/04\/2021 - 20\/07\/2021<\/td><td class=\"column-5\">54\/2021\t<\/td><td class=\"column-6\">Dispensa<\/td><td class=\"column-7\">Menor Pre\u00e7o Por Item<\/td><td class=\"column-8\"><\/td><td class=\"column-9\">CONTRATA\u00c7\u00c3O DE EMPRESA ESPECIALIZADA PARA PRESTA\u00c7\u00c3O DE SERVI\u00c7O DE LOCA\u00c7\u00c3O DE ANALISADOR TOTALMENTE AUTOM\u00c1TICO DE C\u00c9LULAS SANGU\u00cdNEAS E FORNECIMENTO DE REAGENTES PARA REALIZA\u00c7\u00c3O DE HEMOGRAMA<\/td><td class=\"column-10\">12140000 - Transf. Fundo a Fundo de Rec. do SUS provenientes do Governo Federal - Bloco de Manut. das A\u00e7\u00f5es e Servi\u00e7os P\u00fablicos de Sa\u00fade<\/td><td class=\"column-11\">6750<\/td><td class=\"column-12\">13.160.859\/0001-00<\/td><td class=\"column-13\">BIO PLENNA DISTRIBUIDORA DE PRODUTO E EQUIPAMENTOS PARA DIAGN\u00d3STICO LT<\/td><td class=\"column-14\">RAFAEL ANDERSON DE ARA\u00daJO SILVA<\/td><td class=\"column-15\"><\/td><td class=\"column-16\"><\/td><td class=\"column-17\"><\/td><td class=\"column-18\"><\/td><td class=\"column-19\">0<\/td><td class=\"column-20\"><\/td><td class=\"column-21\">2250<\/td><td class=\"column-22\">21\/09\/2021<\/td><td class=\"column-23\">23\/09\/2021<\/td><td class=\"column-24\">2250<\/td>\n<\/tr>\n<tr class=\"row-586\">\n\t<td class=\"column-1\">44\/2021\t<\/td><td class=\"column-2\">22\/04\/2021<\/td><td class=\"column-3\">23\/04\/2021<\/td><td class=\"column-4\">22\/04\/2021 - 21\/10\/2021<\/td><td class=\"column-5\">55\/2021\t<\/td><td class=\"column-6\">Dispensa<\/td><td class=\"column-7\">Menor Pre\u00e7o Por Item<\/td><td class=\"column-8\"><\/td><td class=\"column-9\">LOCA\u00c7\u00c3O, EM CAR\u00c1TER DE \u201cURG\u00caNCIA\u201d, DE UM GERADOR DE ENERGIA COM O FORNECIMENTO DOS SERVI\u00c7OS E INSTALA\u00c7\u00c3O, PARA USO DA SECRETARIA DE SA\u00daDE DE LAJES\/RN, NO CENTRO DE TRIAGEM DO COVID E NA UNIDADE DE SA\u00daDE PEDRO LOPES.<\/td><td class=\"column-10\">12110000 - Receitas de Impostos e de Transfer\u00eancia de Impostos - Sa\u00fade<\/td><td class=\"column-11\">15000<\/td><td class=\"column-12\">14.240.361\/0001-10<\/td><td class=\"column-13\">JUSSIER VIEIRA DE MELO - ME<\/td><td class=\"column-14\">RAFAEL ANDERSON DE ARA\u00daJO SILVA<\/td><td class=\"column-15\"><\/td><td class=\"column-16\"><\/td><td class=\"column-17\"><\/td><td class=\"column-18\"><\/td><td class=\"column-19\">0<\/td><td class=\"column-20\"><\/td><td class=\"column-21\"><\/td><td class=\"column-22\"><\/td><td class=\"column-23\"><\/td><td class=\"column-24\"><\/td>\n<\/tr>\n<tr class=\"row-587\">\n\t<td class=\"column-1\">44\/2021\t<\/td><td class=\"column-2\">22\/04\/2021<\/td><td class=\"column-3\">23\/04\/2021<\/td><td class=\"column-4\">22\/04\/2021 - 21\/10\/2021<\/td><td class=\"column-5\">55\/2021\t<\/td><td class=\"column-6\">Dispensa<\/td><td class=\"column-7\">Menor Pre\u00e7o Por Item<\/td><td class=\"column-8\"><\/td><td class=\"column-9\">LOCA\u00c7\u00c3O, EM CAR\u00c1TER DE \u201cURG\u00caNCIA\u201d, DE UM GERADOR DE ENERGIA COM O FORNECIMENTO DOS SERVI\u00c7OS E INSTALA\u00c7\u00c3O, PARA USO DA SECRETARIA DE SA\u00daDE DE LAJES\/RN, NO CENTRO DE TRIAGEM DO COVID E NA UNIDADE DE SA\u00daDE PEDRO LOPES.<\/td><td class=\"column-10\">12110000 - Receitas de Impostos e de Transfer\u00eancia de Impostos - Sa\u00fade<\/td><td class=\"column-11\">15000<\/td><td class=\"column-12\">14.240.361\/0001-10<\/td><td class=\"column-13\">JUSSIER VIEIRA DE MELO - ME<\/td><td class=\"column-14\">RAFAEL ANDERSON DE ARA\u00daJO SILVA<\/td><td class=\"column-15\"><\/td><td class=\"column-16\"><\/td><td class=\"column-17\"><\/td><td class=\"column-18\"><\/td><td class=\"column-19\">0<\/td><td class=\"column-20\"><\/td><td class=\"column-21\">2500<\/td><td class=\"column-22\">02\/08\/2021<\/td><td class=\"column-23\">10\/08\/2021<\/td><td class=\"column-24\">2500<\/td>\n<\/tr>\n<tr class=\"row-588\">\n\t<td class=\"column-1\">44\/2021\t<\/td><td class=\"column-2\">22\/04\/2021<\/td><td class=\"column-3\">23\/04\/2021<\/td><td class=\"column-4\">22\/04\/2021 - 21\/10\/2021<\/td><td class=\"column-5\">55\/2021\t<\/td><td class=\"column-6\">Dispensa<\/td><td class=\"column-7\">Menor Pre\u00e7o Por Item<\/td><td class=\"column-8\"><\/td><td class=\"column-9\">LOCA\u00c7\u00c3O, EM CAR\u00c1TER DE \u201cURG\u00caNCIA\u201d, DE UM GERADOR DE ENERGIA COM O FORNECIMENTO DOS SERVI\u00c7OS E INSTALA\u00c7\u00c3O, PARA USO DA SECRETARIA DE SA\u00daDE DE LAJES\/RN, NO CENTRO DE TRIAGEM DO COVID E NA UNIDADE DE SA\u00daDE PEDRO LOPES.<\/td><td class=\"column-10\">12110000 - Receitas de Impostos e de Transfer\u00eancia de Impostos - Sa\u00fade<\/td><td class=\"column-11\">15000<\/td><td class=\"column-12\">14.240.361\/0001-10<\/td><td class=\"column-13\">JUSSIER VIEIRA DE MELO - ME<\/td><td class=\"column-14\">RAFAEL ANDERSON DE ARA\u00daJO SILVA<\/td><td class=\"column-15\"><\/td><td class=\"column-16\"><\/td><td class=\"column-17\"><\/td><td class=\"column-18\"><\/td><td class=\"column-19\">0<\/td><td class=\"column-20\"><\/td><td class=\"column-21\">2500<\/td><td class=\"column-22\">05\/10\/2021<\/td><td class=\"column-23\">08\/10\/2021<\/td><td class=\"column-24\">2500<\/td>\n<\/tr>\n<tr class=\"row-589\">\n\t<td class=\"column-1\">44\/2021\t<\/td><td class=\"column-2\">22\/04\/2021<\/td><td class=\"column-3\">23\/04\/2021<\/td><td class=\"column-4\">22\/04\/2021 - 21\/10\/2021<\/td><td class=\"column-5\">55\/2021\t<\/td><td class=\"column-6\">Dispensa<\/td><td class=\"column-7\">Menor Pre\u00e7o Por Item<\/td><td class=\"column-8\"><\/td><td class=\"column-9\">LOCA\u00c7\u00c3O, EM CAR\u00c1TER DE \u201cURG\u00caNCIA\u201d, DE UM GERADOR DE ENERGIA COM O FORNECIMENTO DOS SERVI\u00c7OS E INSTALA\u00c7\u00c3O, PARA USO DA SECRETARIA DE SA\u00daDE DE LAJES\/RN, NO CENTRO DE TRIAGEM DO COVID E NA UNIDADE DE SA\u00daDE PEDRO LOPES.<\/td><td class=\"column-10\">12110000 - Receitas de Impostos e de Transfer\u00eancia de Impostos - Sa\u00fade<\/td><td class=\"column-11\">15000<\/td><td class=\"column-12\">14.240.361\/0001-10<\/td><td class=\"column-13\">JUSSIER VIEIRA DE MELO - ME<\/td><td class=\"column-14\">RAFAEL ANDERSON DE ARA\u00daJO SILVA<\/td><td class=\"column-15\"><\/td><td class=\"column-16\"><\/td><td class=\"column-17\"><\/td><td class=\"column-18\"><\/td><td class=\"column-19\">0<\/td><td class=\"column-20\"><\/td><td class=\"column-21\">2500<\/td><td class=\"column-22\">10\/09\/2021<\/td><td class=\"column-23\">22\/09\/2021<\/td><td class=\"column-24\">2500<\/td>\n<\/tr>\n<tr class=\"row-590\">\n\t<td class=\"column-1\">44\/2021\t<\/td><td class=\"column-2\">22\/04\/2021<\/td><td class=\"column-3\">23\/04\/2021<\/td><td class=\"column-4\">22\/04\/2021 - 21\/10\/2021<\/td><td class=\"column-5\">55\/2021\t<\/td><td class=\"column-6\">Dispensa<\/td><td class=\"column-7\">Menor Pre\u00e7o Por Item<\/td><td class=\"column-8\"><\/td><td class=\"column-9\">LOCA\u00c7\u00c3O, EM CAR\u00c1TER DE \u201cURG\u00caNCIA\u201d, DE UM GERADOR DE ENERGIA COM O FORNECIMENTO DOS SERVI\u00c7OS E INSTALA\u00c7\u00c3O, PARA USO DA SECRETARIA DE SA\u00daDE DE LAJES\/RN, NO CENTRO DE TRIAGEM DO COVID E NA UNIDADE DE SA\u00daDE PEDRO LOPES.<\/td><td class=\"column-10\">12110000 - Receitas de Impostos e de Transfer\u00eancia de Impostos - Sa\u00fade<\/td><td class=\"column-11\">15000<\/td><td class=\"column-12\">14.240.361\/0001-10<\/td><td class=\"column-13\">JUSSIER VIEIRA DE MELO - ME<\/td><td class=\"column-14\">RAFAEL ANDERSON DE ARA\u00daJO SILVA<\/td><td class=\"column-15\"><\/td><td class=\"column-16\"><\/td><td class=\"column-17\"><\/td><td class=\"column-18\"><\/td><td class=\"column-19\">0<\/td><td class=\"column-20\"><\/td><td class=\"column-21\">2500<\/td><td class=\"column-22\">15\/07\/2021<\/td><td class=\"column-23\">19\/07\/2021<\/td><td class=\"column-24\">2500<\/td>\n<\/tr>\n<tr class=\"row-591\">\n\t<td class=\"column-1\">44\/2021\t<\/td><td class=\"column-2\">22\/04\/2021<\/td><td class=\"column-3\">23\/04\/2021<\/td><td class=\"column-4\">22\/04\/2021 - 21\/10\/2021<\/td><td class=\"column-5\">55\/2021\t<\/td><td class=\"column-6\">Dispensa<\/td><td class=\"column-7\">Menor Pre\u00e7o Por Item<\/td><td class=\"column-8\"><\/td><td class=\"column-9\">LOCA\u00c7\u00c3O, EM CAR\u00c1TER DE \u201cURG\u00caNCIA\u201d, DE UM GERADOR DE ENERGIA COM O FORNECIMENTO DOS SERVI\u00c7OS E INSTALA\u00c7\u00c3O, PARA USO DA SECRETARIA DE SA\u00daDE DE LAJES\/RN, NO CENTRO DE TRIAGEM DO COVID E NA UNIDADE DE SA\u00daDE PEDRO LOPES.<\/td><td class=\"column-10\">12110000 - Receitas de Impostos e de Transfer\u00eancia de Impostos - Sa\u00fade<\/td><td class=\"column-11\">15000<\/td><td class=\"column-12\">14.240.361\/0001-10<\/td><td class=\"column-13\">JUSSIER VIEIRA DE MELO - ME<\/td><td class=\"column-14\">RAFAEL ANDERSON DE ARA\u00daJO SILVA<\/td><td class=\"column-15\"><\/td><td class=\"column-16\"><\/td><td class=\"column-17\"><\/td><td class=\"column-18\"><\/td><td class=\"column-19\">0<\/td><td class=\"column-20\"><\/td><td class=\"column-21\">2500<\/td><td class=\"column-22\">30\/11\/2021<\/td><td class=\"column-23\">06\/12\/2021<\/td><td class=\"column-24\">2500<\/td>\n<\/tr>\n<tr class=\"row-592\">\n\t<td class=\"column-1\">45\/2021\t<\/td><td class=\"column-2\">27\/04\/2021<\/td><td class=\"column-3\">28\/04\/2021<\/td><td class=\"column-4\">27\/04\/2021 - 26\/12\/2021<\/td><td class=\"column-5\">58\/2021\t<\/td><td class=\"column-6\">Dispensa<\/td><td class=\"column-7\">Menor Pre\u00e7o Por Item<\/td><td class=\"column-8\"><\/td><td class=\"column-9\">CONTRATA\u00c7\u00c3O DE EMPRESA ESPECIALIZADA EM LOCA\u00c7\u00c3O DE IMPRESSORAS (MULTIFUNCIONAIS LASER MONOCROM\u00c1TICAS, MULTIFUNCIONAL COLORIDA E LASER MONOCROM\u00c1TICA) COM TONERS E REPOSI\u00c7\u00c3O DE PE\u00c7AS QUANDO NECESS\u00c1RIO<\/td><td class=\"column-10\">10010000 - Recursos Ordin\u00e1rios<\/td><td class=\"column-11\">14840<\/td><td class=\"column-12\">06.224.460\/0001-80<\/td><td class=\"column-13\">SGM COPIADORAS COMERCIO E SERVI\u00c7O LTDA<\/td><td class=\"column-14\">RAFAEL ANDERSON DE ARA\u00daJO SILVA<\/td><td class=\"column-15\"><\/td><td class=\"column-16\"><\/td><td class=\"column-17\"><\/td><td class=\"column-18\"><\/td><td class=\"column-19\">0<\/td><td class=\"column-20\"><\/td><td class=\"column-21\"><\/td><td class=\"column-22\"><\/td><td class=\"column-23\"><\/td><td class=\"column-24\"><\/td>\n<\/tr>\n<tr class=\"row-593\">\n\t<td class=\"column-1\">45\/2021\t<\/td><td class=\"column-2\">27\/04\/2021<\/td><td class=\"column-3\">28\/04\/2021<\/td><td class=\"column-4\">27\/04\/2021 - 26\/12\/2021<\/td><td class=\"column-5\">58\/2021\t<\/td><td class=\"column-6\">Dispensa<\/td><td class=\"column-7\">Menor Pre\u00e7o Por Item<\/td><td class=\"column-8\"><\/td><td class=\"column-9\">CONTRATA\u00c7\u00c3O DE EMPRESA ESPECIALIZADA EM LOCA\u00c7\u00c3O DE IMPRESSORAS (MULTIFUNCIONAIS LASER MONOCROM\u00c1TICAS, MULTIFUNCIONAL COLORIDA E LASER MONOCROM\u00c1TICA) COM TONERS E REPOSI\u00c7\u00c3O DE PE\u00c7AS QUANDO NECESS\u00c1RIO<\/td><td class=\"column-10\">10010000 - Recursos Ordin\u00e1rios<\/td><td class=\"column-11\">14840<\/td><td class=\"column-12\">06.224.460\/0001-80<\/td><td class=\"column-13\">SGM COPIADORAS COMERCIO E SERVI\u00c7O LTDA<\/td><td class=\"column-14\">RAFAEL ANDERSON DE ARA\u00daJO SILVA<\/td><td class=\"column-15\"><\/td><td class=\"column-16\"><\/td><td class=\"column-17\"><\/td><td class=\"column-18\"><\/td><td class=\"column-19\">0<\/td><td class=\"column-20\"><\/td><td class=\"column-21\">1855<\/td><td class=\"column-22\">09\/08\/2021<\/td><td class=\"column-23\">13\/08\/2021<\/td><td class=\"column-24\">1855<\/td>\n<\/tr>\n<tr class=\"row-594\">\n\t<td class=\"column-1\">45\/2021\t<\/td><td class=\"column-2\">27\/04\/2021<\/td><td class=\"column-3\">28\/04\/2021<\/td><td class=\"column-4\">27\/04\/2021 - 26\/12\/2021<\/td><td class=\"column-5\">58\/2021\t<\/td><td class=\"column-6\">Dispensa<\/td><td class=\"column-7\">Menor Pre\u00e7o Por Item<\/td><td class=\"column-8\"><\/td><td class=\"column-9\">CONTRATA\u00c7\u00c3O DE EMPRESA ESPECIALIZADA EM LOCA\u00c7\u00c3O DE IMPRESSORAS (MULTIFUNCIONAIS LASER MONOCROM\u00c1TICAS, MULTIFUNCIONAL COLORIDA E LASER MONOCROM\u00c1TICA) COM TONERS E REPOSI\u00c7\u00c3O DE PE\u00c7AS QUANDO NECESS\u00c1RIO<\/td><td class=\"column-10\">10010000 - Recursos Ordin\u00e1rios<\/td><td class=\"column-11\">14840<\/td><td class=\"column-12\">06.224.460\/0001-80<\/td><td class=\"column-13\">SGM COPIADORAS COMERCIO E SERVI\u00c7O LTDA<\/td><td class=\"column-14\">RAFAEL ANDERSON DE ARA\u00daJO SILVA<\/td><td class=\"column-15\"><\/td><td class=\"column-16\"><\/td><td class=\"column-17\"><\/td><td class=\"column-18\"><\/td><td class=\"column-19\">0<\/td><td class=\"column-20\"><\/td><td class=\"column-21\">1855<\/td><td class=\"column-22\">09\/09\/2021<\/td><td class=\"column-23\">21\/09\/2021<\/td><td class=\"column-24\">1855<\/td>\n<\/tr>\n<tr class=\"row-595\">\n\t<td class=\"column-1\">45\/2021\t<\/td><td class=\"column-2\">27\/04\/2021<\/td><td class=\"column-3\">28\/04\/2021<\/td><td class=\"column-4\">27\/04\/2021 - 26\/12\/2021<\/td><td class=\"column-5\">58\/2021\t<\/td><td class=\"column-6\">Dispensa<\/td><td class=\"column-7\">Menor Pre\u00e7o Por Item<\/td><td class=\"column-8\"><\/td><td class=\"column-9\">CONTRATA\u00c7\u00c3O DE EMPRESA ESPECIALIZADA EM LOCA\u00c7\u00c3O DE IMPRESSORAS (MULTIFUNCIONAIS LASER MONOCROM\u00c1TICAS, MULTIFUNCIONAL COLORIDA E LASER MONOCROM\u00c1TICA) COM TONERS E REPOSI\u00c7\u00c3O DE PE\u00c7AS QUANDO NECESS\u00c1RIO<\/td><td class=\"column-10\">10010000 - Recursos Ordin\u00e1rios<\/td><td class=\"column-11\">14840<\/td><td class=\"column-12\">06.224.460\/0001-80<\/td><td class=\"column-13\">SGM COPIADORAS COMERCIO E SERVI\u00c7O LTDA<\/td><td class=\"column-14\">RAFAEL ANDERSON DE ARA\u00daJO SILVA<\/td><td class=\"column-15\"><\/td><td class=\"column-16\"><\/td><td class=\"column-17\"><\/td><td class=\"column-18\"><\/td><td class=\"column-19\">0<\/td><td class=\"column-20\"><\/td><td class=\"column-21\">1855<\/td><td class=\"column-22\">09\/11\/2021<\/td><td class=\"column-23\">10\/11\/2021<\/td><td class=\"column-24\">1855<\/td>\n<\/tr>\n<tr class=\"row-596\">\n\t<td class=\"column-1\">45\/2021\t<\/td><td class=\"column-2\">27\/04\/2021<\/td><td class=\"column-3\">28\/04\/2021<\/td><td class=\"column-4\">27\/04\/2021 - 26\/12\/2021<\/td><td class=\"column-5\">58\/2021\t<\/td><td class=\"column-6\">Dispensa<\/td><td class=\"column-7\">Menor Pre\u00e7o Por Item<\/td><td class=\"column-8\"><\/td><td class=\"column-9\">CONTRATA\u00c7\u00c3O DE EMPRESA ESPECIALIZADA EM LOCA\u00c7\u00c3O DE IMPRESSORAS (MULTIFUNCIONAIS LASER MONOCROM\u00c1TICAS, MULTIFUNCIONAL COLORIDA E LASER MONOCROM\u00c1TICA) COM TONERS E REPOSI\u00c7\u00c3O DE PE\u00c7AS QUANDO NECESS\u00c1RIO<\/td><td class=\"column-10\">10010000 - Recursos Ordin\u00e1rios<\/td><td class=\"column-11\">14840<\/td><td class=\"column-12\">06.224.460\/0001-80<\/td><td class=\"column-13\">SGM COPIADORAS COMERCIO E SERVI\u00c7O LTDA<\/td><td class=\"column-14\">RAFAEL ANDERSON DE ARA\u00daJO SILVA<\/td><td class=\"column-15\"><\/td><td class=\"column-16\"><\/td><td class=\"column-17\"><\/td><td class=\"column-18\"><\/td><td class=\"column-19\">0<\/td><td class=\"column-20\"><\/td><td class=\"column-21\">1855<\/td><td class=\"column-22\">21\/07\/2021<\/td><td class=\"column-23\">10\/08\/2021<\/td><td class=\"column-24\">1855<\/td>\n<\/tr>\n<tr class=\"row-597\">\n\t<td class=\"column-1\">45\/2021\t<\/td><td class=\"column-2\">27\/04\/2021<\/td><td class=\"column-3\">28\/04\/2021<\/td><td class=\"column-4\">27\/04\/2021 - 26\/12\/2021<\/td><td class=\"column-5\">58\/2021\t<\/td><td class=\"column-6\">Dispensa<\/td><td class=\"column-7\">Menor Pre\u00e7o Por Item<\/td><td class=\"column-8\"><\/td><td class=\"column-9\">CONTRATA\u00c7\u00c3O DE EMPRESA ESPECIALIZADA EM LOCA\u00c7\u00c3O DE IMPRESSORAS (MULTIFUNCIONAIS LASER MONOCROM\u00c1TICAS, MULTIFUNCIONAL COLORIDA E LASER MONOCROM\u00c1TICA) COM TONERS E REPOSI\u00c7\u00c3O DE PE\u00c7AS QUANDO NECESS\u00c1RIO<\/td><td class=\"column-10\">10010000 - Recursos Ordin\u00e1rios<\/td><td class=\"column-11\">14840<\/td><td class=\"column-12\">06.224.460\/0001-80<\/td><td class=\"column-13\">SGM COPIADORAS COMERCIO E SERVI\u00c7O LTDA<\/td><td class=\"column-14\">RAFAEL ANDERSON DE ARA\u00daJO SILVA<\/td><td class=\"column-15\"><\/td><td class=\"column-16\"><\/td><td class=\"column-17\"><\/td><td class=\"column-18\"><\/td><td class=\"column-19\">0<\/td><td class=\"column-20\"><\/td><td class=\"column-21\">1855<\/td><td class=\"column-22\">28\/06\/2021<\/td><td class=\"column-23\">30\/06\/2021<\/td><td class=\"column-24\">1855<\/td>\n<\/tr>\n<tr class=\"row-598\">\n\t<td class=\"column-1\">46\/2021\t<\/td><td class=\"column-2\">28\/04\/2021<\/td><td class=\"column-3\">30\/04\/2021<\/td><td class=\"column-4\">28\/04\/2021 - 27\/07\/2021<\/td><td class=\"column-5\">59\/2021\t<\/td><td class=\"column-6\">Dispensa<\/td><td class=\"column-7\">Menor Pre\u00e7o Por Item<\/td><td class=\"column-8\"><\/td><td class=\"column-9\">AQUISI\u00c7\u00c3O DE REFEI\u00c7\u00d5ES (CAF\u00c9, ALMO\u00c7O E JANTAR) EM QUENTINHA DE ISOPOR COM TAMPA<\/td><td class=\"column-10\">12140000 - Transf. Fundo a Fundo de Rec. do SUS provenientes do Governo Federal - Bloco de Manut. das A\u00e7\u00f5es e Servi\u00e7os P\u00fablicos de Sa\u00fade<\/td><td class=\"column-11\">104880<\/td><td class=\"column-12\">34.821.508\/0001-72<\/td><td class=\"column-13\">SOLANGE DALIANY BEZERRA DO ROSARIO 06613484407<\/td><td class=\"column-14\">RAFAEL ANDERSON DE ARA\u00daJO SILVA<\/td><td class=\"column-15\"><\/td><td class=\"column-16\"><\/td><td class=\"column-17\"><\/td><td class=\"column-18\"><\/td><td class=\"column-19\">0<\/td><td class=\"column-20\"><\/td><td class=\"column-21\"><\/td><td class=\"column-22\"><\/td><td class=\"column-23\"><\/td><td class=\"column-24\"><\/td>\n<\/tr>\n<tr class=\"row-599\">\n\t<td class=\"column-1\">46\/2021\t<\/td><td class=\"column-2\">28\/04\/2021<\/td><td class=\"column-3\">30\/04\/2021<\/td><td class=\"column-4\">28\/04\/2021 - 27\/07\/2021<\/td><td class=\"column-5\">59\/2021\t<\/td><td class=\"column-6\">Dispensa<\/td><td class=\"column-7\">Menor Pre\u00e7o Por Item<\/td><td class=\"column-8\"><\/td><td class=\"column-9\">AQUISI\u00c7\u00c3O DE REFEI\u00c7\u00d5ES (CAF\u00c9, ALMO\u00c7O E JANTAR) EM QUENTINHA DE ISOPOR COM TAMPA<\/td><td class=\"column-10\">12140000 - Transf. Fundo a Fundo de Rec. do SUS provenientes do Governo Federal - Bloco de Manut. das A\u00e7\u00f5es e Servi\u00e7os P\u00fablicos de Sa\u00fade<\/td><td class=\"column-11\">104880<\/td><td class=\"column-12\">34.821.508\/0001-72<\/td><td class=\"column-13\">SOLANGE DALIANY BEZERRA DO ROSARIO 06613484407<\/td><td class=\"column-14\">RAFAEL ANDERSON DE ARA\u00daJO SILVA<\/td><td class=\"column-15\"><\/td><td class=\"column-16\"><\/td><td class=\"column-17\"><\/td><td class=\"column-18\"><\/td><td class=\"column-19\">0<\/td><td class=\"column-20\"><\/td><td class=\"column-21\">22264<\/td><td class=\"column-22\">11\/05\/2021<\/td><td class=\"column-23\">11\/05\/2021<\/td><td class=\"column-24\">22264<\/td>\n<\/tr>\n<tr class=\"row-600\">\n\t<td class=\"column-1\">46\/2021\t<\/td><td class=\"column-2\">28\/04\/2021<\/td><td class=\"column-3\">30\/04\/2021<\/td><td class=\"column-4\">28\/04\/2021 - 27\/07\/2021<\/td><td class=\"column-5\">59\/2021\t<\/td><td class=\"column-6\">Dispensa<\/td><td class=\"column-7\">Menor Pre\u00e7o Por Item<\/td><td class=\"column-8\"><\/td><td class=\"column-9\">AQUISI\u00c7\u00c3O DE REFEI\u00c7\u00d5ES (CAF\u00c9, ALMO\u00c7O E JANTAR) EM QUENTINHA DE ISOPOR COM TAMPA<\/td><td class=\"column-10\">12140000 - Transf. Fundo a Fundo de Rec. do SUS provenientes do Governo Federal - Bloco de Manut. das A\u00e7\u00f5es e Servi\u00e7os P\u00fablicos de Sa\u00fade<\/td><td class=\"column-11\">104880<\/td><td class=\"column-12\">34.821.508\/0001-72<\/td><td class=\"column-13\">SOLANGE DALIANY BEZERRA DO ROSARIO 06613484407<\/td><td class=\"column-14\">RAFAEL ANDERSON DE ARA\u00daJO SILVA<\/td><td class=\"column-15\"><\/td><td class=\"column-16\"><\/td><td class=\"column-17\"><\/td><td class=\"column-18\"><\/td><td class=\"column-19\">0<\/td><td class=\"column-20\"><\/td><td class=\"column-21\">3486<\/td><td class=\"column-22\">18\/06\/2021<\/td><td class=\"column-23\">18\/06\/2021<\/td><td class=\"column-24\">3486<\/td>\n<\/tr>\n<tr class=\"row-601\">\n\t<td class=\"column-1\">46\/2021\t<\/td><td class=\"column-2\">28\/04\/2021<\/td><td class=\"column-3\">30\/04\/2021<\/td><td class=\"column-4\">28\/04\/2021 - 27\/07\/2021<\/td><td class=\"column-5\">59\/2021\t<\/td><td class=\"column-6\">Dispensa<\/td><td class=\"column-7\">Menor Pre\u00e7o Por Item<\/td><td class=\"column-8\"><\/td><td class=\"column-9\">AQUISI\u00c7\u00c3O DE REFEI\u00c7\u00d5ES (CAF\u00c9, ALMO\u00c7O E JANTAR) EM QUENTINHA DE ISOPOR COM TAMPA<\/td><td class=\"column-10\">12140000 - Transf. Fundo a Fundo de Rec. do SUS provenientes do Governo Federal - Bloco de Manut. das A\u00e7\u00f5es e Servi\u00e7os P\u00fablicos de Sa\u00fade<\/td><td class=\"column-11\">104880<\/td><td class=\"column-12\">34.821.508\/0001-72<\/td><td class=\"column-13\">SOLANGE DALIANY BEZERRA DO ROSARIO 06613484407<\/td><td class=\"column-14\">RAFAEL ANDERSON DE ARA\u00daJO SILVA<\/td><td class=\"column-15\"><\/td><td class=\"column-16\"><\/td><td class=\"column-17\"><\/td><td class=\"column-18\"><\/td><td class=\"column-19\">0<\/td><td class=\"column-20\"><\/td><td class=\"column-21\">9942<\/td><td class=\"column-22\">21\/05\/2021<\/td><td class=\"column-23\">21\/05\/2021<\/td><td class=\"column-24\">9942<\/td>\n<\/tr>\n<tr class=\"row-602\">\n\t<td class=\"column-1\">47\/2021\t<\/td><td class=\"column-2\">11\/05\/2021<\/td><td class=\"column-3\">12\/05\/2021<\/td><td class=\"column-4\">11\/05\/2021 - 12\/07\/2021<\/td><td class=\"column-5\">61\/2021\t<\/td><td class=\"column-6\">Dispensa<\/td><td class=\"column-7\">Menor Pre\u00e7o Por Item<\/td><td class=\"column-8\"><\/td><td class=\"column-9\">CONTRATA\u00c7\u00c3O DE EMPRESA PROVEDORA DE CONEX\u00c3O DE INTERNET, NA MODALIDADE BANDA LARGA DO TIPO FIBRA OPTICA, PARA SUPRIR AS NECESSIDADES DOS ORG\u00c3OS DA ADMINISTRA\u00c7\u00c3O MUNICIPAL QUE UTILIZAM SERVI\u00c7OS DEPENDENTES DE ACESSO \u00c0 REDE MUNDIAL DE COMPUTADORES.<\/td><td class=\"column-10\">11110000 - Receitas de Impostos e de Transfer\u00eancia de Impostos - Educa\u00e7\u00e3o<\/td><td class=\"column-11\">16120<\/td><td class=\"column-12\">12.152.867\/0001-41<\/td><td class=\"column-13\">UNO TELECOM LTDA<\/td><td class=\"column-14\">RAFAEL ANDERSON DE ARA\u00daJO SILVA<\/td><td class=\"column-15\"><\/td><td class=\"column-16\"><\/td><td class=\"column-17\"><\/td><td class=\"column-18\"><\/td><td class=\"column-19\">0<\/td><td class=\"column-20\"><\/td><td class=\"column-21\"><\/td><td class=\"column-22\"><\/td><td class=\"column-23\"><\/td><td class=\"column-24\"><\/td>\n<\/tr>\n<tr class=\"row-603\">\n\t<td class=\"column-1\">47\/2021\t<\/td><td class=\"column-2\">11\/05\/2021<\/td><td class=\"column-3\">12\/05\/2021<\/td><td class=\"column-4\">11\/05\/2021 - 12\/07\/2021<\/td><td class=\"column-5\">61\/2021\t<\/td><td class=\"column-6\">Dispensa<\/td><td class=\"column-7\">Menor Pre\u00e7o Por Item<\/td><td class=\"column-8\"><\/td><td class=\"column-9\">CONTRATA\u00c7\u00c3O DE EMPRESA PROVEDORA DE CONEX\u00c3O DE INTERNET, NA MODALIDADE BANDA LARGA DO TIPO FIBRA OPTICA, PARA SUPRIR AS NECESSIDADES DOS ORG\u00c3OS DA ADMINISTRA\u00c7\u00c3O MUNICIPAL QUE UTILIZAM SERVI\u00c7OS DEPENDENTES DE ACESSO \u00c0 REDE MUNDIAL DE COMPUTADORES.<\/td><td class=\"column-10\">11110000 - Receitas de Impostos e de Transfer\u00eancia de Impostos - Educa\u00e7\u00e3o<\/td><td class=\"column-11\">16120<\/td><td class=\"column-12\">12.152.867\/0001-41<\/td><td class=\"column-13\">UNO TELECOM LTDA<\/td><td class=\"column-14\">RAFAEL ANDERSON DE ARA\u00daJO SILVA<\/td><td class=\"column-15\"><\/td><td class=\"column-16\"><\/td><td class=\"column-17\"><\/td><td class=\"column-18\"><\/td><td class=\"column-19\">0<\/td><td class=\"column-20\"><\/td><td class=\"column-21\">310<\/td><td class=\"column-22\">07\/07\/2021<\/td><td class=\"column-23\">10\/08\/2021<\/td><td class=\"column-24\">310<\/td>\n<\/tr>\n<tr class=\"row-604\">\n\t<td class=\"column-1\">47\/2021\t<\/td><td class=\"column-2\">11\/05\/2021<\/td><td class=\"column-3\">12\/05\/2021<\/td><td class=\"column-4\">11\/05\/2021 - 12\/07\/2021<\/td><td class=\"column-5\">61\/2021\t<\/td><td class=\"column-6\">Dispensa<\/td><td class=\"column-7\">Menor Pre\u00e7o Por Item<\/td><td class=\"column-8\"><\/td><td class=\"column-9\">CONTRATA\u00c7\u00c3O DE EMPRESA PROVEDORA DE CONEX\u00c3O DE INTERNET, NA MODALIDADE BANDA LARGA DO TIPO FIBRA OPTICA, PARA SUPRIR AS NECESSIDADES DOS ORG\u00c3OS DA ADMINISTRA\u00c7\u00c3O MUNICIPAL QUE UTILIZAM SERVI\u00c7OS DEPENDENTES DE ACESSO \u00c0 REDE MUNDIAL DE COMPUTADORES.<\/td><td class=\"column-10\">11110000 - Receitas de Impostos e de Transfer\u00eancia de Impostos - Educa\u00e7\u00e3o<\/td><td class=\"column-11\">16120<\/td><td class=\"column-12\">12.152.867\/0001-41<\/td><td class=\"column-13\">UNO TELECOM LTDA<\/td><td class=\"column-14\">RAFAEL ANDERSON DE ARA\u00daJO SILVA<\/td><td class=\"column-15\"><\/td><td class=\"column-16\"><\/td><td class=\"column-17\"><\/td><td class=\"column-18\"><\/td><td class=\"column-19\">0<\/td><td class=\"column-20\"><\/td><td class=\"column-21\">930<\/td><td class=\"column-22\">07\/07\/2021<\/td><td class=\"column-23\">10\/08\/2021<\/td><td class=\"column-24\">930<\/td>\n<\/tr>\n<tr class=\"row-605\">\n\t<td class=\"column-1\">47\/2021\t<\/td><td class=\"column-2\">11\/05\/2021<\/td><td class=\"column-3\">12\/05\/2021<\/td><td class=\"column-4\">11\/05\/2021 - 12\/07\/2021<\/td><td class=\"column-5\">61\/2021\t<\/td><td class=\"column-6\">Dispensa<\/td><td class=\"column-7\">Menor Pre\u00e7o Por Item<\/td><td class=\"column-8\"><\/td><td class=\"column-9\">CONTRATA\u00c7\u00c3O DE EMPRESA PROVEDORA DE CONEX\u00c3O DE INTERNET, NA MODALIDADE BANDA LARGA DO TIPO FIBRA OPTICA, PARA SUPRIR AS NECESSIDADES DOS ORG\u00c3OS DA ADMINISTRA\u00c7\u00c3O MUNICIPAL QUE UTILIZAM SERVI\u00c7OS DEPENDENTES DE ACESSO \u00c0 REDE MUNDIAL DE COMPUTADORES.<\/td><td class=\"column-10\">11110000 - Receitas de Impostos e de Transfer\u00eancia de Impostos - Educa\u00e7\u00e3o<\/td><td class=\"column-11\">16120<\/td><td class=\"column-12\">12.152.867\/0001-41<\/td><td class=\"column-13\">UNO TELECOM LTDA<\/td><td class=\"column-14\">RAFAEL ANDERSON DE ARA\u00daJO SILVA<\/td><td class=\"column-15\"><\/td><td class=\"column-16\"><\/td><td class=\"column-17\"><\/td><td class=\"column-18\"><\/td><td class=\"column-19\">0<\/td><td class=\"column-20\"><\/td><td class=\"column-21\">1550<\/td><td class=\"column-22\">07\/07\/2021<\/td><td class=\"column-23\">10\/08\/2021<\/td><td class=\"column-24\">1550<\/td>\n<\/tr>\n<tr class=\"row-606\">\n\t<td class=\"column-1\">47\/2021\t<\/td><td class=\"column-2\">11\/05\/2021<\/td><td class=\"column-3\">12\/05\/2021<\/td><td class=\"column-4\">11\/05\/2021 - 12\/07\/2021<\/td><td class=\"column-5\">61\/2021\t<\/td><td class=\"column-6\">Dispensa<\/td><td class=\"column-7\">Menor Pre\u00e7o Por Item<\/td><td class=\"column-8\"><\/td><td class=\"column-9\">CONTRATA\u00c7\u00c3O DE EMPRESA PROVEDORA DE CONEX\u00c3O DE INTERNET, NA MODALIDADE BANDA LARGA DO TIPO FIBRA OPTICA, PARA SUPRIR AS NECESSIDADES DOS ORG\u00c3OS DA ADMINISTRA\u00c7\u00c3O MUNICIPAL QUE UTILIZAM SERVI\u00c7OS DEPENDENTES DE ACESSO \u00c0 REDE MUNDIAL DE COMPUTADORES.<\/td><td class=\"column-10\">11110000 - Receitas de Impostos e de Transfer\u00eancia de Impostos - Educa\u00e7\u00e3o<\/td><td class=\"column-11\">16120<\/td><td class=\"column-12\">12.152.867\/0001-41<\/td><td class=\"column-13\">UNO TELECOM LTDA<\/td><td class=\"column-14\">RAFAEL ANDERSON DE ARA\u00daJO SILVA<\/td><td class=\"column-15\"><\/td><td class=\"column-16\"><\/td><td class=\"column-17\"><\/td><td class=\"column-18\"><\/td><td class=\"column-19\">0<\/td><td class=\"column-20\"><\/td><td class=\"column-21\">2170<\/td><td class=\"column-22\">07\/07\/2021<\/td><td class=\"column-23\">10\/08\/2021<\/td><td class=\"column-24\">2170<\/td>\n<\/tr>\n<tr class=\"row-607\">\n\t<td class=\"column-1\">47\/2021\t<\/td><td class=\"column-2\">11\/05\/2021<\/td><td class=\"column-3\">12\/05\/2021<\/td><td class=\"column-4\">11\/05\/2021 - 12\/07\/2021<\/td><td class=\"column-5\">61\/2021\t<\/td><td class=\"column-6\">Dispensa<\/td><td class=\"column-7\">Menor Pre\u00e7o Por Item<\/td><td class=\"column-8\"><\/td><td class=\"column-9\">CONTRATA\u00c7\u00c3O DE EMPRESA PROVEDORA DE CONEX\u00c3O DE INTERNET, NA MODALIDADE BANDA LARGA DO TIPO FIBRA OPTICA, PARA SUPRIR AS NECESSIDADES DOS ORG\u00c3OS DA ADMINISTRA\u00c7\u00c3O MUNICIPAL QUE UTILIZAM SERVI\u00c7OS DEPENDENTES DE ACESSO \u00c0 REDE MUNDIAL DE COMPUTADORES.<\/td><td class=\"column-10\">11110000 - Receitas de Impostos e de Transfer\u00eancia de Impostos - Educa\u00e7\u00e3o<\/td><td class=\"column-11\">16120<\/td><td class=\"column-12\">12.152.867\/0001-41<\/td><td class=\"column-13\">UNO TELECOM LTDA<\/td><td class=\"column-14\">RAFAEL ANDERSON DE ARA\u00daJO SILVA<\/td><td class=\"column-15\"><\/td><td class=\"column-16\"><\/td><td class=\"column-17\"><\/td><td class=\"column-18\"><\/td><td class=\"column-19\">0<\/td><td class=\"column-20\"><\/td><td class=\"column-21\">310<\/td><td class=\"column-22\">24\/06\/2021<\/td><td class=\"column-23\">30\/06\/2021<\/td><td class=\"column-24\">310<\/td>\n<\/tr>\n<tr class=\"row-608\">\n\t<td class=\"column-1\">47\/2021\t<\/td><td class=\"column-2\">11\/05\/2021<\/td><td class=\"column-3\">12\/05\/2021<\/td><td class=\"column-4\">11\/05\/2021 - 12\/07\/2021<\/td><td class=\"column-5\">61\/2021\t<\/td><td class=\"column-6\">Dispensa<\/td><td class=\"column-7\">Menor Pre\u00e7o Por Item<\/td><td class=\"column-8\"><\/td><td class=\"column-9\">CONTRATA\u00c7\u00c3O DE EMPRESA PROVEDORA DE CONEX\u00c3O DE INTERNET, NA MODALIDADE BANDA LARGA DO TIPO FIBRA OPTICA, PARA SUPRIR AS NECESSIDADES DOS ORG\u00c3OS DA ADMINISTRA\u00c7\u00c3O MUNICIPAL QUE UTILIZAM SERVI\u00c7OS DEPENDENTES DE ACESSO \u00c0 REDE MUNDIAL DE COMPUTADORES.<\/td><td class=\"column-10\">11110000 - Receitas de Impostos e de Transfer\u00eancia de Impostos - Educa\u00e7\u00e3o<\/td><td class=\"column-11\">16120<\/td><td class=\"column-12\">12.152.867\/0001-41<\/td><td class=\"column-13\">UNO TELECOM LTDA<\/td><td class=\"column-14\">RAFAEL ANDERSON DE ARA\u00daJO SILVA<\/td><td class=\"column-15\"><\/td><td class=\"column-16\"><\/td><td class=\"column-17\"><\/td><td class=\"column-18\"><\/td><td class=\"column-19\">0<\/td><td class=\"column-20\"><\/td><td class=\"column-21\">930<\/td><td class=\"column-22\">24\/06\/2021<\/td><td class=\"column-23\">30\/06\/2021<\/td><td class=\"column-24\">930<\/td>\n<\/tr>\n<tr class=\"row-609\">\n\t<td class=\"column-1\">47\/2021\t<\/td><td class=\"column-2\">11\/05\/2021<\/td><td class=\"column-3\">12\/05\/2021<\/td><td class=\"column-4\">11\/05\/2021 - 12\/07\/2021<\/td><td class=\"column-5\">61\/2021\t<\/td><td class=\"column-6\">Dispensa<\/td><td class=\"column-7\">Menor Pre\u00e7o Por Item<\/td><td class=\"column-8\"><\/td><td class=\"column-9\">CONTRATA\u00c7\u00c3O DE EMPRESA PROVEDORA DE CONEX\u00c3O DE INTERNET, NA MODALIDADE BANDA LARGA DO TIPO FIBRA OPTICA, PARA SUPRIR AS NECESSIDADES DOS ORG\u00c3OS DA ADMINISTRA\u00c7\u00c3O MUNICIPAL QUE UTILIZAM SERVI\u00c7OS DEPENDENTES DE ACESSO \u00c0 REDE MUNDIAL DE COMPUTADORES.<\/td><td class=\"column-10\">11110000 - Receitas de Impostos e de Transfer\u00eancia de Impostos - Educa\u00e7\u00e3o<\/td><td class=\"column-11\">16120<\/td><td class=\"column-12\">12.152.867\/0001-41<\/td><td class=\"column-13\">UNO TELECOM LTDA<\/td><td class=\"column-14\">RAFAEL ANDERSON DE ARA\u00daJO SILVA<\/td><td class=\"column-15\"><\/td><td class=\"column-16\"><\/td><td class=\"column-17\"><\/td><td class=\"column-18\"><\/td><td class=\"column-19\">0<\/td><td class=\"column-20\"><\/td><td class=\"column-21\">1550<\/td><td class=\"column-22\">24\/06\/2021<\/td><td class=\"column-23\">30\/06\/2021<\/td><td class=\"column-24\">1550<\/td>\n<\/tr>\n<tr class=\"row-610\">\n\t<td class=\"column-1\">47\/2021\t<\/td><td class=\"column-2\">11\/05\/2021<\/td><td class=\"column-3\">12\/05\/2021<\/td><td class=\"column-4\">11\/05\/2021 - 12\/07\/2021<\/td><td class=\"column-5\">61\/2021\t<\/td><td class=\"column-6\">Dispensa<\/td><td class=\"column-7\">Menor Pre\u00e7o Por Item<\/td><td class=\"column-8\"><\/td><td class=\"column-9\">CONTRATA\u00c7\u00c3O DE EMPRESA PROVEDORA DE CONEX\u00c3O DE INTERNET, NA MODALIDADE BANDA LARGA DO TIPO FIBRA OPTICA, PARA SUPRIR AS NECESSIDADES DOS ORG\u00c3OS DA ADMINISTRA\u00c7\u00c3O MUNICIPAL QUE UTILIZAM SERVI\u00c7OS DEPENDENTES DE ACESSO \u00c0 REDE MUNDIAL DE COMPUTADORES.<\/td><td class=\"column-10\">11110000 - Receitas de Impostos e de Transfer\u00eancia de Impostos - Educa\u00e7\u00e3o<\/td><td class=\"column-11\">16120<\/td><td class=\"column-12\">12.152.867\/0001-41<\/td><td class=\"column-13\">UNO TELECOM LTDA<\/td><td class=\"column-14\">RAFAEL ANDERSON DE ARA\u00daJO SILVA<\/td><td class=\"column-15\"><\/td><td class=\"column-16\"><\/td><td class=\"column-17\"><\/td><td class=\"column-18\"><\/td><td class=\"column-19\">0<\/td><td class=\"column-20\"><\/td><td class=\"column-21\">2170<\/td><td class=\"column-22\">24\/06\/2021<\/td><td class=\"column-23\"><\/td><td class=\"column-24\"><\/td>\n<\/tr>\n<tr class=\"row-611\">\n\t<td class=\"column-1\">47\/2021\t<\/td><td class=\"column-2\">11\/05\/2021<\/td><td class=\"column-3\">12\/05\/2021<\/td><td class=\"column-4\">11\/05\/2021 - 12\/07\/2021<\/td><td class=\"column-5\">61\/2021\t<\/td><td class=\"column-6\">Dispensa<\/td><td class=\"column-7\">Menor Pre\u00e7o Por Item<\/td><td class=\"column-8\"><\/td><td class=\"column-9\">CONTRATA\u00c7\u00c3O DE EMPRESA PROVEDORA DE CONEX\u00c3O DE INTERNET, NA MODALIDADE BANDA LARGA DO TIPO FIBRA OPTICA, PARA SUPRIR AS NECESSIDADES DOS ORG\u00c3OS DA ADMINISTRA\u00c7\u00c3O MUNICIPAL QUE UTILIZAM SERVI\u00c7OS DEPENDENTES DE ACESSO \u00c0 REDE MUNDIAL DE COMPUTADORES.<\/td><td class=\"column-10\">11110000 - Receitas de Impostos e de Transfer\u00eancia de Impostos - Educa\u00e7\u00e3o<\/td><td class=\"column-11\">16120<\/td><td class=\"column-12\">12.152.867\/0001-41<\/td><td class=\"column-13\">UNO TELECOM LTDA<\/td><td class=\"column-14\">RAFAEL ANDERSON DE ARA\u00daJO SILVA<\/td><td class=\"column-15\"><\/td><td class=\"column-16\"><\/td><td class=\"column-17\"><\/td><td class=\"column-18\"><\/td><td class=\"column-19\">0<\/td><td class=\"column-20\"><\/td><td class=\"column-21\">2170<\/td><td class=\"column-22\">24\/06\/2021<\/td><td class=\"column-23\">30\/06\/2021<\/td><td class=\"column-24\">2170<\/td>\n<\/tr>\n<tr class=\"row-612\">\n\t<td class=\"column-1\">47\/2021\t<\/td><td class=\"column-2\">11\/05\/2021<\/td><td class=\"column-3\">12\/05\/2021<\/td><td class=\"column-4\">11\/05\/2021 - 12\/07\/2021<\/td><td class=\"column-5\">61\/2021\t<\/td><td class=\"column-6\">Dispensa<\/td><td class=\"column-7\">Menor Pre\u00e7o Por Item<\/td><td class=\"column-8\"><\/td><td class=\"column-9\">CONTRATA\u00c7\u00c3O DE EMPRESA PROVEDORA DE CONEX\u00c3O DE INTERNET, NA MODALIDADE BANDA LARGA DO TIPO FIBRA OPTICA, PARA SUPRIR AS NECESSIDADES DOS ORG\u00c3OS DA ADMINISTRA\u00c7\u00c3O MUNICIPAL QUE UTILIZAM SERVI\u00c7OS DEPENDENTES DE ACESSO \u00c0 REDE MUNDIAL DE COMPUTADORES.<\/td><td class=\"column-10\">11110000 - Receitas de Impostos e de Transfer\u00eancia de Impostos - Educa\u00e7\u00e3o<\/td><td class=\"column-11\">16120<\/td><td class=\"column-12\">12.152.867\/0001-41<\/td><td class=\"column-13\">UNO TELECOM LTDA<\/td><td class=\"column-14\">RAFAEL ANDERSON DE ARA\u00daJO SILVA<\/td><td class=\"column-15\"><\/td><td class=\"column-16\"><\/td><td class=\"column-17\"><\/td><td class=\"column-18\"><\/td><td class=\"column-19\">0<\/td><td class=\"column-20\"><\/td><td class=\"column-21\">2170<\/td><td class=\"column-22\">30\/06\/2021<\/td><td class=\"column-23\">30\/06\/2021<\/td><td class=\"column-24\">2170<\/td>\n<\/tr>\n<tr class=\"row-613\">\n\t<td class=\"column-1\">48\/2021\t<\/td><td class=\"column-2\">11\/05\/2021<\/td><td class=\"column-3\">12\/05\/2021<\/td><td class=\"column-4\">11\/05\/2021 - 31\/12\/2021<\/td><td class=\"column-5\">60\/2021\t<\/td><td class=\"column-6\">Dispensa<\/td><td class=\"column-7\">Menor Pre\u00e7o Global<\/td><td class=\"column-8\"><\/td><td class=\"column-9\">AQUISI\u00c7\u00c3O DE KITS GESTANTES VISANDO O ACESSO DA GESTANTE QUE SE ENCONTRA EM SITUA\u00c7\u00c3O DE VULNERABILIDADE AOS SERVI\u00c7OS DE PR\u00c9-NATAL, OFERECENDO MECANISMOS E PROPORCIONANDO QUALIDADE DE VIDA AO BIN\u00d4MIO M\u00c3E E FILHO<\/td><td class=\"column-10\">13110000 - Transfer\u00eancia de Recursos do Fundo Nacional de Assist\u00eancia Social - FNAS<\/td><td class=\"column-11\">16646<\/td><td class=\"column-12\">26.183.637\/0001-54<\/td><td class=\"column-13\">FINNA FESTA DECORA\u00c7\u00d5ES LTDA <\/td><td class=\"column-14\">RAFAEL ANDERSON DE ARA\u00daJO SILVA<\/td><td class=\"column-15\"><\/td><td class=\"column-16\"><\/td><td class=\"column-17\"><\/td><td class=\"column-18\"><\/td><td class=\"column-19\">0<\/td><td class=\"column-20\"><\/td><td class=\"column-21\"><\/td><td class=\"column-22\"><\/td><td class=\"column-23\"><\/td><td class=\"column-24\"><\/td>\n<\/tr>\n<tr class=\"row-614\">\n\t<td class=\"column-1\">48\/2021\t<\/td><td class=\"column-2\">11\/05\/2021<\/td><td class=\"column-3\">12\/05\/2021<\/td><td class=\"column-4\">11\/05\/2021 - 31\/12\/2021<\/td><td class=\"column-5\">60\/2021\t<\/td><td class=\"column-6\">Dispensa<\/td><td class=\"column-7\">Menor Pre\u00e7o Global<\/td><td class=\"column-8\"><\/td><td class=\"column-9\">AQUISI\u00c7\u00c3O DE KITS GESTANTES VISANDO O ACESSO DA GESTANTE QUE SE ENCONTRA EM SITUA\u00c7\u00c3O DE VULNERABILIDADE AOS SERVI\u00c7OS DE PR\u00c9-NATAL, OFERECENDO MECANISMOS E PROPORCIONANDO QUALIDADE DE VIDA AO BIN\u00d4MIO M\u00c3E E FILHO<\/td><td class=\"column-10\">13110000 - Transfer\u00eancia de Recursos do Fundo Nacional de Assist\u00eancia Social - FNAS<\/td><td class=\"column-11\">16646<\/td><td class=\"column-12\">26.183.637\/0001-54<\/td><td class=\"column-13\">FINNA FESTA DECORA\u00c7\u00d5ES LTDA <\/td><td class=\"column-14\">RAFAEL ANDERSON DE ARA\u00daJO SILVA<\/td><td class=\"column-15\"><\/td><td class=\"column-16\"><\/td><td class=\"column-17\"><\/td><td class=\"column-18\"><\/td><td class=\"column-19\">0<\/td><td class=\"column-20\"><\/td><td class=\"column-21\">16646<\/td><td class=\"column-22\">02\/06\/2021<\/td><td class=\"column-23\">30\/06\/2021<\/td><td class=\"column-24\">16646<\/td>\n<\/tr>\n<tr class=\"row-615\">\n\t<td class=\"column-1\">49\/2021\t<\/td><td class=\"column-2\">12\/05\/2021<\/td><td class=\"column-3\">13\/05\/2021<\/td><td class=\"column-4\">12\/05\/2021 - 31\/12\/2021<\/td><td class=\"column-5\">62\/2021\t<\/td><td class=\"column-6\">Dispensa<\/td><td class=\"column-7\">Menor Pre\u00e7o Global<\/td><td class=\"column-8\"><\/td><td class=\"column-9\">CONTRATA\u00c7\u00c3O DE EMPRESA ESPECIALIZADA PARA PRESTA\u00c7\u00c3O DE SERVI\u00c7OS DE MANUTEN\u00c7\u00c3O PREVENTIVA E CORRETIVA EM APARELHOS DE AR CONDICIONADO.<\/td><td class=\"column-10\">10010000 - Recursos Ordin\u00e1rios<\/td><td class=\"column-11\">16666<\/td><td class=\"column-12\">22.846.365\/0001-74<\/td><td class=\"column-13\">Construcresce Katia Pinheiro da Silva Cordeiro<\/td><td class=\"column-14\">RAFAEL ANDERSON DE ARA\u00daJO SILVA<\/td><td class=\"column-15\"><\/td><td class=\"column-16\"><\/td><td class=\"column-17\"><\/td><td class=\"column-18\"><\/td><td class=\"column-19\">0<\/td><td class=\"column-20\"><\/td><td class=\"column-21\"><\/td><td class=\"column-22\"><\/td><td class=\"column-23\"><\/td><td class=\"column-24\"><\/td>\n<\/tr>\n<tr class=\"row-616\">\n\t<td class=\"column-1\">49\/2021\t<\/td><td class=\"column-2\">12\/05\/2021<\/td><td class=\"column-3\">13\/05\/2021<\/td><td class=\"column-4\">12\/05\/2021 - 31\/12\/2021<\/td><td class=\"column-5\">62\/2021\t<\/td><td class=\"column-6\">Dispensa<\/td><td class=\"column-7\">Menor Pre\u00e7o Global<\/td><td class=\"column-8\"><\/td><td class=\"column-9\">CONTRATA\u00c7\u00c3O DE EMPRESA ESPECIALIZADA PARA PRESTA\u00c7\u00c3O DE SERVI\u00c7OS DE MANUTEN\u00c7\u00c3O PREVENTIVA E CORRETIVA EM APARELHOS DE AR CONDICIONADO.<\/td><td class=\"column-10\">10010000 - Recursos Ordin\u00e1rios<\/td><td class=\"column-11\">16666<\/td><td class=\"column-12\">22.846.365\/0001-74<\/td><td class=\"column-13\">Construcresce Katia Pinheiro da Silva Cordeiro<\/td><td class=\"column-14\">RAFAEL ANDERSON DE ARA\u00daJO SILVA<\/td><td class=\"column-15\"><\/td><td class=\"column-16\"><\/td><td class=\"column-17\"><\/td><td class=\"column-18\"><\/td><td class=\"column-19\">0<\/td><td class=\"column-20\"><\/td><td class=\"column-21\">6245<\/td><td class=\"column-22\">20\/12\/2021<\/td><td class=\"column-23\">22\/12\/2021<\/td><td class=\"column-24\">6245<\/td>\n<\/tr>\n<tr class=\"row-617\">\n\t<td class=\"column-1\">49\/2021\t<\/td><td class=\"column-2\">12\/05\/2021<\/td><td class=\"column-3\">13\/05\/2021<\/td><td class=\"column-4\">12\/05\/2021 - 31\/12\/2021<\/td><td class=\"column-5\">62\/2021\t<\/td><td class=\"column-6\">Dispensa<\/td><td class=\"column-7\">Menor Pre\u00e7o Global<\/td><td class=\"column-8\"><\/td><td class=\"column-9\">CONTRATA\u00c7\u00c3O DE EMPRESA ESPECIALIZADA PARA PRESTA\u00c7\u00c3O DE SERVI\u00c7OS DE MANUTEN\u00c7\u00c3O PREVENTIVA E CORRETIVA EM APARELHOS DE AR CONDICIONADO.<\/td><td class=\"column-10\">10010000 - Recursos Ordin\u00e1rios<\/td><td class=\"column-11\">16666<\/td><td class=\"column-12\">22.846.365\/0001-74<\/td><td class=\"column-13\">Construcresce Katia Pinheiro da Silva Cordeiro<\/td><td class=\"column-14\">RAFAEL ANDERSON DE ARA\u00daJO SILVA<\/td><td class=\"column-15\"><\/td><td class=\"column-16\"><\/td><td class=\"column-17\"><\/td><td class=\"column-18\"><\/td><td class=\"column-19\">0<\/td><td class=\"column-20\"><\/td><td class=\"column-21\">10421<\/td><td class=\"column-22\">25\/06\/2021<\/td><td class=\"column-23\">02\/07\/2021<\/td><td class=\"column-24\">10421<\/td>\n<\/tr>\n<tr class=\"row-618\">\n\t<td class=\"column-1\">50\/2021\t<\/td><td class=\"column-2\">25\/05\/2021<\/td><td class=\"column-3\">26\/05\/2021<\/td><td class=\"column-4\">25\/05\/2021 - 31\/12\/2021<\/td><td class=\"column-5\">64\/2021\t<\/td><td class=\"column-6\">Dispensa<\/td><td class=\"column-7\">Menor Pre\u00e7o Por Item<\/td><td class=\"column-8\"><\/td><td class=\"column-9\">CONTRATA\u00c7\u00c3O DE EMPRESA ESPECIALIZADA EM PRESTA\u00c7\u00c3O DE SERVI\u00c7O DE PUBLICIDADE EM JORNAL DE GRANDE CIRCULA\u00c7\u00c3O E NO DI\u00c1RIO OFICIAL DA UNI\u00c3O \u2013 DOU.<\/td><td class=\"column-10\">10010000 - Recursos Ordin\u00e1rios<\/td><td class=\"column-11\">16600<\/td><td class=\"column-12\">08.381.234\/0001-38<\/td><td class=\"column-13\">SEC PUBLICIDADE LTDA-EPP<\/td><td class=\"column-14\">RAFAEL ANDERSON DE ARA\u00daJO SILVA<\/td><td class=\"column-15\"><\/td><td class=\"column-16\"><\/td><td class=\"column-17\"><\/td><td class=\"column-18\"><\/td><td class=\"column-19\">0<\/td><td class=\"column-20\"><\/td><td class=\"column-21\"><\/td><td class=\"column-22\"><\/td><td class=\"column-23\"><\/td><td class=\"column-24\"><\/td>\n<\/tr>\n<tr class=\"row-619\">\n\t<td class=\"column-1\">50\/2021\t<\/td><td class=\"column-2\">25\/05\/2021<\/td><td class=\"column-3\">26\/05\/2021<\/td><td class=\"column-4\">25\/05\/2021 - 31\/12\/2021<\/td><td class=\"column-5\">64\/2021\t<\/td><td class=\"column-6\">Dispensa<\/td><td class=\"column-7\">Menor Pre\u00e7o Por Item<\/td><td class=\"column-8\"><\/td><td class=\"column-9\">CONTRATA\u00c7\u00c3O DE EMPRESA ESPECIALIZADA EM PRESTA\u00c7\u00c3O DE SERVI\u00c7O DE PUBLICIDADE EM JORNAL DE GRANDE CIRCULA\u00c7\u00c3O E NO DI\u00c1RIO OFICIAL DA UNI\u00c3O \u2013 DOU.<\/td><td class=\"column-10\">10010000 - Recursos Ordin\u00e1rios<\/td><td class=\"column-11\">16600<\/td><td class=\"column-12\">08.381.234\/0001-38<\/td><td class=\"column-13\">SEC PUBLICIDADE LTDA-EPP<\/td><td class=\"column-14\">RAFAEL ANDERSON DE ARA\u00daJO SILVA<\/td><td class=\"column-15\"><\/td><td class=\"column-16\"><\/td><td class=\"column-17\"><\/td><td class=\"column-18\"><\/td><td class=\"column-19\">0<\/td><td class=\"column-20\"><\/td><td class=\"column-21\">1281.16<\/td><td class=\"column-22\">01\/11\/2021<\/td><td class=\"column-23\">03\/11\/2021<\/td><td class=\"column-24\">1281.16<\/td>\n<\/tr>\n<tr class=\"row-620\">\n\t<td class=\"column-1\">50\/2021\t<\/td><td class=\"column-2\">25\/05\/2021<\/td><td class=\"column-3\">26\/05\/2021<\/td><td class=\"column-4\">25\/05\/2021 - 31\/12\/2021<\/td><td class=\"column-5\">64\/2021\t<\/td><td class=\"column-6\">Dispensa<\/td><td class=\"column-7\">Menor Pre\u00e7o Por Item<\/td><td class=\"column-8\"><\/td><td class=\"column-9\">CONTRATA\u00c7\u00c3O DE EMPRESA ESPECIALIZADA EM PRESTA\u00c7\u00c3O DE SERVI\u00c7O DE PUBLICIDADE EM JORNAL DE GRANDE CIRCULA\u00c7\u00c3O E NO DI\u00c1RIO OFICIAL DA UNI\u00c3O \u2013 DOU.<\/td><td class=\"column-10\">10010000 - Recursos Ordin\u00e1rios<\/td><td class=\"column-11\">16600<\/td><td class=\"column-12\">08.381.234\/0001-38<\/td><td class=\"column-13\">SEC PUBLICIDADE LTDA-EPP<\/td><td class=\"column-14\">RAFAEL ANDERSON DE ARA\u00daJO SILVA<\/td><td class=\"column-15\"><\/td><td class=\"column-16\"><\/td><td class=\"column-17\"><\/td><td class=\"column-18\"><\/td><td class=\"column-19\">0<\/td><td class=\"column-20\"><\/td><td class=\"column-21\">1504<\/td><td class=\"column-22\">02\/09\/2021<\/td><td class=\"column-23\">10\/09\/2021<\/td><td class=\"column-24\">1504<\/td>\n<\/tr>\n<tr class=\"row-621\">\n\t<td class=\"column-1\">50\/2021\t<\/td><td class=\"column-2\">25\/05\/2021<\/td><td class=\"column-3\">26\/05\/2021<\/td><td class=\"column-4\">25\/05\/2021 - 31\/12\/2021<\/td><td class=\"column-5\">64\/2021\t<\/td><td class=\"column-6\">Dispensa<\/td><td class=\"column-7\">Menor Pre\u00e7o Por Item<\/td><td class=\"column-8\"><\/td><td class=\"column-9\">CONTRATA\u00c7\u00c3O DE EMPRESA ESPECIALIZADA EM PRESTA\u00c7\u00c3O DE SERVI\u00c7O DE PUBLICIDADE EM JORNAL DE GRANDE CIRCULA\u00c7\u00c3O E NO DI\u00c1RIO OFICIAL DA UNI\u00c3O \u2013 DOU.<\/td><td class=\"column-10\">10010000 - Recursos Ordin\u00e1rios<\/td><td class=\"column-11\">16600<\/td><td class=\"column-12\">08.381.234\/0001-38<\/td><td class=\"column-13\">SEC PUBLICIDADE LTDA-EPP<\/td><td class=\"column-14\">RAFAEL ANDERSON DE ARA\u00daJO SILVA<\/td><td class=\"column-15\"><\/td><td class=\"column-16\"><\/td><td class=\"column-17\"><\/td><td class=\"column-18\"><\/td><td class=\"column-19\">0<\/td><td class=\"column-20\"><\/td><td class=\"column-21\">1000<\/td><td class=\"column-22\">08\/09\/2021<\/td><td class=\"column-23\">10\/09\/2021<\/td><td class=\"column-24\">1000<\/td>\n<\/tr>\n<tr class=\"row-622\">\n\t<td class=\"column-1\">50\/2021\t<\/td><td class=\"column-2\">25\/05\/2021<\/td><td class=\"column-3\">26\/05\/2021<\/td><td class=\"column-4\">25\/05\/2021 - 31\/12\/2021<\/td><td class=\"column-5\">64\/2021\t<\/td><td class=\"column-6\">Dispensa<\/td><td class=\"column-7\">Menor Pre\u00e7o Por Item<\/td><td class=\"column-8\"><\/td><td class=\"column-9\">CONTRATA\u00c7\u00c3O DE EMPRESA ESPECIALIZADA EM PRESTA\u00c7\u00c3O DE SERVI\u00c7O DE PUBLICIDADE EM JORNAL DE GRANDE CIRCULA\u00c7\u00c3O E NO DI\u00c1RIO OFICIAL DA UNI\u00c3O \u2013 DOU.<\/td><td class=\"column-10\">10010000 - Recursos Ordin\u00e1rios<\/td><td class=\"column-11\">16600<\/td><td class=\"column-12\">08.381.234\/0001-38<\/td><td class=\"column-13\">SEC PUBLICIDADE LTDA-EPP<\/td><td class=\"column-14\">RAFAEL ANDERSON DE ARA\u00daJO SILVA<\/td><td class=\"column-15\"><\/td><td class=\"column-16\"><\/td><td class=\"column-17\"><\/td><td class=\"column-18\"><\/td><td class=\"column-19\">0<\/td><td class=\"column-20\"><\/td><td class=\"column-21\">1240<\/td><td class=\"column-22\">08\/09\/2021<\/td><td class=\"column-23\">10\/09\/2021<\/td><td class=\"column-24\">1240<\/td>\n<\/tr>\n<tr class=\"row-623\">\n\t<td class=\"column-1\">50\/2021\t<\/td><td class=\"column-2\">25\/05\/2021<\/td><td class=\"column-3\">26\/05\/2021<\/td><td class=\"column-4\">25\/05\/2021 - 31\/12\/2021<\/td><td class=\"column-5\">64\/2021\t<\/td><td class=\"column-6\">Dispensa<\/td><td class=\"column-7\">Menor Pre\u00e7o Por Item<\/td><td class=\"column-8\"><\/td><td class=\"column-9\">CONTRATA\u00c7\u00c3O DE EMPRESA ESPECIALIZADA EM PRESTA\u00c7\u00c3O DE SERVI\u00c7O DE PUBLICIDADE EM JORNAL DE GRANDE CIRCULA\u00c7\u00c3O E NO DI\u00c1RIO OFICIAL DA UNI\u00c3O \u2013 DOU.<\/td><td class=\"column-10\">10010000 - Recursos Ordin\u00e1rios<\/td><td class=\"column-11\">16600<\/td><td class=\"column-12\">08.381.234\/0001-38<\/td><td class=\"column-13\">SEC PUBLICIDADE LTDA-EPP<\/td><td class=\"column-14\">RAFAEL ANDERSON DE ARA\u00daJO SILVA<\/td><td class=\"column-15\"><\/td><td class=\"column-16\"><\/td><td class=\"column-17\"><\/td><td class=\"column-18\"><\/td><td class=\"column-19\">0<\/td><td class=\"column-20\"><\/td><td class=\"column-21\">3046<\/td><td class=\"column-22\">12\/11\/2021<\/td><td class=\"column-23\">06\/12\/2021<\/td><td class=\"column-24\">3046<\/td>\n<\/tr>\n<tr class=\"row-624\">\n\t<td class=\"column-1\">50\/2021\t<\/td><td class=\"column-2\">25\/05\/2021<\/td><td class=\"column-3\">26\/05\/2021<\/td><td class=\"column-4\">25\/05\/2021 - 31\/12\/2021<\/td><td class=\"column-5\">64\/2021\t<\/td><td class=\"column-6\">Dispensa<\/td><td class=\"column-7\">Menor Pre\u00e7o Por Item<\/td><td class=\"column-8\"><\/td><td class=\"column-9\">CONTRATA\u00c7\u00c3O DE EMPRESA ESPECIALIZADA EM PRESTA\u00c7\u00c3O DE SERVI\u00c7O DE PUBLICIDADE EM JORNAL DE GRANDE CIRCULA\u00c7\u00c3O E NO DI\u00c1RIO OFICIAL DA UNI\u00c3O \u2013 DOU.<\/td><td class=\"column-10\">10010000 - Recursos Ordin\u00e1rios<\/td><td class=\"column-11\">16600<\/td><td class=\"column-12\">08.381.234\/0001-38<\/td><td class=\"column-13\">SEC PUBLICIDADE LTDA-EPP<\/td><td class=\"column-14\">RAFAEL ANDERSON DE ARA\u00daJO SILVA<\/td><td class=\"column-15\"><\/td><td class=\"column-16\"><\/td><td class=\"column-17\"><\/td><td class=\"column-18\"><\/td><td class=\"column-19\">0<\/td><td class=\"column-20\"><\/td><td class=\"column-21\">930<\/td><td class=\"column-22\">19\/07\/2021<\/td><td class=\"column-23\">10\/08\/2021<\/td><td class=\"column-24\">930<\/td>\n<\/tr>\n<tr class=\"row-625\">\n\t<td class=\"column-1\">50\/2021\t<\/td><td class=\"column-2\">25\/05\/2021<\/td><td class=\"column-3\">26\/05\/2021<\/td><td class=\"column-4\">25\/05\/2021 - 31\/12\/2021<\/td><td class=\"column-5\">64\/2021\t<\/td><td class=\"column-6\">Dispensa<\/td><td class=\"column-7\">Menor Pre\u00e7o Por Item<\/td><td class=\"column-8\"><\/td><td class=\"column-9\">CONTRATA\u00c7\u00c3O DE EMPRESA ESPECIALIZADA EM PRESTA\u00c7\u00c3O DE SERVI\u00c7O DE PUBLICIDADE EM JORNAL DE GRANDE CIRCULA\u00c7\u00c3O E NO DI\u00c1RIO OFICIAL DA UNI\u00c3O \u2013 DOU.<\/td><td class=\"column-10\">10010000 - Recursos Ordin\u00e1rios<\/td><td class=\"column-11\">16600<\/td><td class=\"column-12\">08.381.234\/0001-38<\/td><td class=\"column-13\">SEC PUBLICIDADE LTDA-EPP<\/td><td class=\"column-14\">RAFAEL ANDERSON DE ARA\u00daJO SILVA<\/td><td class=\"column-15\"><\/td><td class=\"column-16\"><\/td><td class=\"column-17\"><\/td><td class=\"column-18\"><\/td><td class=\"column-19\">0<\/td><td class=\"column-20\"><\/td><td class=\"column-21\">992<\/td><td class=\"column-22\">21\/12\/2021<\/td><td class=\"column-23\">29\/12\/2021<\/td><td class=\"column-24\">992<\/td>\n<\/tr>\n<tr class=\"row-626\">\n\t<td class=\"column-1\">50\/2021\t<\/td><td class=\"column-2\">25\/05\/2021<\/td><td class=\"column-3\">26\/05\/2021<\/td><td class=\"column-4\">25\/05\/2021 - 31\/12\/2021<\/td><td class=\"column-5\">64\/2021\t<\/td><td class=\"column-6\">Dispensa<\/td><td class=\"column-7\">Menor Pre\u00e7o Por Item<\/td><td class=\"column-8\"><\/td><td class=\"column-9\">CONTRATA\u00c7\u00c3O DE EMPRESA ESPECIALIZADA EM PRESTA\u00c7\u00c3O DE SERVI\u00c7O DE PUBLICIDADE EM JORNAL DE GRANDE CIRCULA\u00c7\u00c3O E NO DI\u00c1RIO OFICIAL DA UNI\u00c3O \u2013 DOU.<\/td><td class=\"column-10\">10010000 - Recursos Ordin\u00e1rios<\/td><td class=\"column-11\">16600<\/td><td class=\"column-12\">08.381.234\/0001-38<\/td><td class=\"column-13\">SEC PUBLICIDADE LTDA-EPP<\/td><td class=\"column-14\">RAFAEL ANDERSON DE ARA\u00daJO SILVA<\/td><td class=\"column-15\"><\/td><td class=\"column-16\"><\/td><td class=\"column-17\"><\/td><td class=\"column-18\"><\/td><td class=\"column-19\">0<\/td><td class=\"column-20\"><\/td><td class=\"column-21\">558<\/td><td class=\"column-22\">22\/12\/2021<\/td><td class=\"column-23\">29\/12\/2021<\/td><td class=\"column-24\">558<\/td>\n<\/tr>\n<tr class=\"row-627\">\n\t<td class=\"column-1\">50\/2021\t<\/td><td class=\"column-2\">25\/05\/2021<\/td><td class=\"column-3\">26\/05\/2021<\/td><td class=\"column-4\">25\/05\/2021 - 31\/12\/2021<\/td><td class=\"column-5\">64\/2021\t<\/td><td class=\"column-6\">Dispensa<\/td><td class=\"column-7\">Menor Pre\u00e7o Por Item<\/td><td class=\"column-8\"><\/td><td class=\"column-9\">CONTRATA\u00c7\u00c3O DE EMPRESA ESPECIALIZADA EM PRESTA\u00c7\u00c3O DE SERVI\u00c7O DE PUBLICIDADE EM JORNAL DE GRANDE CIRCULA\u00c7\u00c3O E NO DI\u00c1RIO OFICIAL DA UNI\u00c3O \u2013 DOU.<\/td><td class=\"column-10\">10010000 - Recursos Ordin\u00e1rios<\/td><td class=\"column-11\">16600<\/td><td class=\"column-12\">08.381.234\/0001-38<\/td><td class=\"column-13\">SEC PUBLICIDADE LTDA-EPP<\/td><td class=\"column-14\">RAFAEL ANDERSON DE ARA\u00daJO SILVA<\/td><td class=\"column-15\"><\/td><td class=\"column-16\"><\/td><td class=\"column-17\"><\/td><td class=\"column-18\"><\/td><td class=\"column-19\">0<\/td><td class=\"column-20\"><\/td><td class=\"column-21\">620<\/td><td class=\"column-22\">24\/06\/2021<\/td><td class=\"column-23\">30\/06\/2021<\/td><td class=\"column-24\">620<\/td>\n<\/tr>\n<tr class=\"row-628\">\n\t<td class=\"column-1\">50\/2021\t<\/td><td class=\"column-2\">25\/05\/2021<\/td><td class=\"column-3\">26\/05\/2021<\/td><td class=\"column-4\">25\/05\/2021 - 31\/12\/2021<\/td><td class=\"column-5\">64\/2021\t<\/td><td class=\"column-6\">Dispensa<\/td><td class=\"column-7\">Menor Pre\u00e7o Por Item<\/td><td class=\"column-8\"><\/td><td class=\"column-9\">CONTRATA\u00c7\u00c3O DE EMPRESA ESPECIALIZADA EM PRESTA\u00c7\u00c3O DE SERVI\u00c7O DE PUBLICIDADE EM JORNAL DE GRANDE CIRCULA\u00c7\u00c3O E NO DI\u00c1RIO OFICIAL DA UNI\u00c3O \u2013 DOU.<\/td><td class=\"column-10\">10010000 - Recursos Ordin\u00e1rios<\/td><td class=\"column-11\">16600<\/td><td class=\"column-12\">08.381.234\/0001-38<\/td><td class=\"column-13\">SEC PUBLICIDADE LTDA-EPP<\/td><td class=\"column-14\">RAFAEL ANDERSON DE ARA\u00daJO SILVA<\/td><td class=\"column-15\"><\/td><td class=\"column-16\"><\/td><td class=\"column-17\"><\/td><td class=\"column-18\"><\/td><td class=\"column-19\">0<\/td><td class=\"column-20\"><\/td><td class=\"column-21\">558<\/td><td class=\"column-22\">24\/08\/2021<\/td><td class=\"column-23\">10\/09\/2021<\/td><td class=\"column-24\">558<\/td>\n<\/tr>\n<tr class=\"row-629\">\n\t<td class=\"column-1\">50\/2021\t<\/td><td class=\"column-2\">25\/05\/2021<\/td><td class=\"column-3\">26\/05\/2021<\/td><td class=\"column-4\">25\/05\/2021 - 31\/12\/2021<\/td><td class=\"column-5\">64\/2021\t<\/td><td class=\"column-6\">Dispensa<\/td><td class=\"column-7\">Menor Pre\u00e7o Por Item<\/td><td class=\"column-8\"><\/td><td class=\"column-9\">CONTRATA\u00c7\u00c3O DE EMPRESA ESPECIALIZADA EM PRESTA\u00c7\u00c3O DE SERVI\u00c7O DE PUBLICIDADE EM JORNAL DE GRANDE CIRCULA\u00c7\u00c3O E NO DI\u00c1RIO OFICIAL DA UNI\u00c3O \u2013 DOU.<\/td><td class=\"column-10\">10010000 - Recursos Ordin\u00e1rios<\/td><td class=\"column-11\">16600<\/td><td class=\"column-12\">08.381.234\/0001-38<\/td><td class=\"column-13\">SEC PUBLICIDADE LTDA-EPP<\/td><td class=\"column-14\">RAFAEL ANDERSON DE ARA\u00daJO SILVA<\/td><td class=\"column-15\"><\/td><td class=\"column-16\"><\/td><td class=\"column-17\"><\/td><td class=\"column-18\"><\/td><td class=\"column-19\">0<\/td><td class=\"column-20\"><\/td><td class=\"column-21\">1240<\/td><td class=\"column-22\">25\/10\/2021<\/td><td class=\"column-23\"><\/td><td class=\"column-24\"><\/td>\n<\/tr>\n<tr class=\"row-630\">\n\t<td class=\"column-1\">50\/2021\t<\/td><td class=\"column-2\">25\/05\/2021<\/td><td class=\"column-3\">26\/05\/2021<\/td><td class=\"column-4\">25\/05\/2021 - 31\/12\/2021<\/td><td class=\"column-5\">64\/2021\t<\/td><td class=\"column-6\">Dispensa<\/td><td class=\"column-7\">Menor Pre\u00e7o Por Item<\/td><td class=\"column-8\"><\/td><td class=\"column-9\">CONTRATA\u00c7\u00c3O DE EMPRESA ESPECIALIZADA EM PRESTA\u00c7\u00c3O DE SERVI\u00c7O DE PUBLICIDADE EM JORNAL DE GRANDE CIRCULA\u00c7\u00c3O E NO DI\u00c1RIO OFICIAL DA UNI\u00c3O \u2013 DOU.<\/td><td class=\"column-10\">10010000 - Recursos Ordin\u00e1rios<\/td><td class=\"column-11\">16600<\/td><td class=\"column-12\">08.381.234\/0001-38<\/td><td class=\"column-13\">SEC PUBLICIDADE LTDA-EPP<\/td><td class=\"column-14\">RAFAEL ANDERSON DE ARA\u00daJO SILVA<\/td><td class=\"column-15\"><\/td><td class=\"column-16\"><\/td><td class=\"column-17\"><\/td><td class=\"column-18\"><\/td><td class=\"column-19\">0<\/td><td class=\"column-20\"><\/td><td class=\"column-21\">558<\/td><td class=\"column-22\">30\/07\/2021<\/td><td class=\"column-23\">10\/08\/2021<\/td><td class=\"column-24\">558<\/td>\n<\/tr>\n<tr class=\"row-631\">\n\t<td class=\"column-1\">50\/2021\t<\/td><td class=\"column-2\">25\/05\/2021<\/td><td class=\"column-3\">26\/05\/2021<\/td><td class=\"column-4\">25\/05\/2021 - 31\/12\/2021<\/td><td class=\"column-5\">64\/2021\t<\/td><td class=\"column-6\">Dispensa<\/td><td class=\"column-7\">Menor Pre\u00e7o Por Item<\/td><td class=\"column-8\"><\/td><td class=\"column-9\">CONTRATA\u00c7\u00c3O DE EMPRESA ESPECIALIZADA EM PRESTA\u00c7\u00c3O DE SERVI\u00c7O DE PUBLICIDADE EM JORNAL DE GRANDE CIRCULA\u00c7\u00c3O E NO DI\u00c1RIO OFICIAL DA UNI\u00c3O \u2013 DOU.<\/td><td class=\"column-10\">10010000 - Recursos Ordin\u00e1rios<\/td><td class=\"column-11\">16600<\/td><td class=\"column-12\">08.381.234\/0001-38<\/td><td class=\"column-13\">SEC PUBLICIDADE LTDA-EPP<\/td><td class=\"column-14\">RAFAEL ANDERSON DE ARA\u00daJO SILVA<\/td><td class=\"column-15\"><\/td><td class=\"column-16\"><\/td><td class=\"column-17\"><\/td><td class=\"column-18\"><\/td><td class=\"column-19\">0<\/td><td class=\"column-20\"><\/td><td class=\"column-21\">1000<\/td><td class=\"column-22\">30\/07\/2021<\/td><td class=\"column-23\">10\/08\/2021<\/td><td class=\"column-24\">1000<\/td>\n<\/tr>\n<tr class=\"row-632\">\n\t<td class=\"column-1\">51\/2021\t<\/td><td class=\"column-2\">25\/05\/2021<\/td><td class=\"column-3\">26\/05\/2021<\/td><td class=\"column-4\">25\/05\/2021 - 25\/05\/2022<\/td><td class=\"column-5\">6\/2021\t<\/td><td class=\"column-6\">Inexigibilidade<\/td><td class=\"column-7\">Menor Pre\u00e7o Global<\/td><td class=\"column-8\"><\/td><td class=\"column-9\">CONTRATA\u00c7\u00c3O DE EMPRESA ESPECIALIZADA NO FORNECIMENTO DE ASSINATURA DE FERRAMENTA DE PESQUISA E COMPARA\u00c7\u00c3O DE PRE\u00c7OS PRATICADOS PELA ADMINISTRA\u00c7\u00c3O P\u00daBLICA.<\/td><td class=\"column-10\">10010000 - Recursos Ordin\u00e1rios<\/td><td class=\"column-11\">9875<\/td><td class=\"column-12\">07.797.967\/0001-95<\/td><td class=\"column-13\">NP TECNOLOGIA E GEST\u00c3O DE DADOS LTDA<\/td><td class=\"column-14\">RAFAEL ANDERSON DE ARA\u00daJO SILVA<\/td><td class=\"column-15\"><\/td><td class=\"column-16\"><\/td><td class=\"column-17\"><\/td><td class=\"column-18\"><\/td><td class=\"column-19\">0<\/td><td class=\"column-20\"><\/td><td class=\"column-21\"><\/td><td class=\"column-22\"><\/td><td class=\"column-23\"><\/td><td class=\"column-24\"><\/td>\n<\/tr>\n<tr class=\"row-633\">\n\t<td class=\"column-1\">51\/2021\t<\/td><td class=\"column-2\">25\/05\/2021<\/td><td class=\"column-3\">26\/05\/2021<\/td><td class=\"column-4\">25\/05\/2021 - 25\/05\/2022<\/td><td class=\"column-5\">6\/2021\t<\/td><td class=\"column-6\">Inexigibilidade<\/td><td class=\"column-7\">Menor Pre\u00e7o Global<\/td><td class=\"column-8\"><\/td><td class=\"column-9\">CONTRATA\u00c7\u00c3O DE EMPRESA ESPECIALIZADA NO FORNECIMENTO DE ASSINATURA DE FERRAMENTA DE PESQUISA E COMPARA\u00c7\u00c3O DE PRE\u00c7OS PRATICADOS PELA ADMINISTRA\u00c7\u00c3O P\u00daBLICA.<\/td><td class=\"column-10\">10010000 - Recursos Ordin\u00e1rios<\/td><td class=\"column-11\">9875<\/td><td class=\"column-12\">07.797.967\/0001-95<\/td><td class=\"column-13\">NP TECNOLOGIA E GEST\u00c3O DE DADOS LTDA<\/td><td class=\"column-14\">RAFAEL ANDERSON DE ARA\u00daJO SILVA<\/td><td class=\"column-15\"><\/td><td class=\"column-16\"><\/td><td class=\"column-17\"><\/td><td class=\"column-18\"><\/td><td class=\"column-19\">0<\/td><td class=\"column-20\"><\/td><td class=\"column-21\">9875<\/td><td class=\"column-22\">27\/05\/2021<\/td><td class=\"column-23\"><\/td><td class=\"column-24\"><\/td>\n<\/tr>\n<tr class=\"row-634\">\n\t<td class=\"column-1\">51\/2021\t<\/td><td class=\"column-2\">25\/05\/2021<\/td><td class=\"column-3\">26\/05\/2021<\/td><td class=\"column-4\">25\/05\/2021 - 25\/05\/2022<\/td><td class=\"column-5\">6\/2021\t<\/td><td class=\"column-6\">Inexigibilidade<\/td><td class=\"column-7\">Menor Pre\u00e7o Global<\/td><td class=\"column-8\"><\/td><td class=\"column-9\">CONTRATA\u00c7\u00c3O DE EMPRESA ESPECIALIZADA NO FORNECIMENTO DE ASSINATURA DE FERRAMENTA DE PESQUISA E COMPARA\u00c7\u00c3O DE PRE\u00c7OS PRATICADOS PELA ADMINISTRA\u00c7\u00c3O P\u00daBLICA.<\/td><td class=\"column-10\">10010000 - Recursos Ordin\u00e1rios<\/td><td class=\"column-11\">9875<\/td><td class=\"column-12\">07.797.967\/0001-95<\/td><td class=\"column-13\">NP TECNOLOGIA E GEST\u00c3O DE DADOS LTDA<\/td><td class=\"column-14\">RAFAEL ANDERSON DE ARA\u00daJO SILVA<\/td><td class=\"column-15\"><\/td><td class=\"column-16\"><\/td><td class=\"column-17\"><\/td><td class=\"column-18\"><\/td><td class=\"column-19\">0<\/td><td class=\"column-20\"><\/td><td class=\"column-21\">9875<\/td><td class=\"column-22\">27\/05\/2021<\/td><td class=\"column-23\">18\/06\/2021<\/td><td class=\"column-24\">9267.68<\/td>\n<\/tr>\n<tr class=\"row-635\">\n\t<td class=\"column-1\">52\/2021\t<\/td><td class=\"column-2\">31\/05\/2021<\/td><td class=\"column-3\">01\/06\/2021<\/td><td class=\"column-4\">31\/05\/2021 - 30\/11\/2021<\/td><td class=\"column-5\">66\/2021\t<\/td><td class=\"column-6\">Dispensa<\/td><td class=\"column-7\">Menor Pre\u00e7o Por Item<\/td><td class=\"column-8\"><\/td><td class=\"column-9\">CONTRATA\u00c7\u00c3O DE EMPRESA ESPECIALIZADA EM MANUTEN\u00c7\u00c3O E REPAROS DO SISTEMA MUNICIPAL DE RETRANSMISS\u00c3O DE CANAIS DE TORRE DE SINAIS DE TV ANAL\u00d3GICO E FUTURO SISTEMA DIGITAL<\/td><td class=\"column-10\">10010000 - Recursos Ordin\u00e1rios<\/td><td class=\"column-11\">12000<\/td><td class=\"column-12\">28.671.095\/0001-94<\/td><td class=\"column-13\">Washington Fernandes <\/td><td class=\"column-14\">RAFAEL ANDERSON DE ARA\u00daJO SILVA<\/td><td class=\"column-15\"><\/td><td class=\"column-16\"><\/td><td class=\"column-17\"><\/td><td class=\"column-18\"><\/td><td class=\"column-19\">0<\/td><td class=\"column-20\"><\/td><td class=\"column-21\"><\/td><td class=\"column-22\"><\/td><td class=\"column-23\"><\/td><td class=\"column-24\"><\/td>\n<\/tr>\n<tr class=\"row-636\">\n\t<td class=\"column-1\">52\/2021\t<\/td><td class=\"column-2\">31\/05\/2021<\/td><td class=\"column-3\">01\/06\/2021<\/td><td class=\"column-4\">31\/05\/2021 - 30\/11\/2021<\/td><td class=\"column-5\">66\/2021\t<\/td><td class=\"column-6\">Dispensa<\/td><td class=\"column-7\">Menor Pre\u00e7o Por Item<\/td><td class=\"column-8\"><\/td><td class=\"column-9\">CONTRATA\u00c7\u00c3O DE EMPRESA ESPECIALIZADA EM MANUTEN\u00c7\u00c3O E REPAROS DO SISTEMA MUNICIPAL DE RETRANSMISS\u00c3O DE CANAIS DE TORRE DE SINAIS DE TV ANAL\u00d3GICO E FUTURO SISTEMA DIGITAL<\/td><td class=\"column-10\">10010000 - Recursos Ordin\u00e1rios<\/td><td class=\"column-11\">12000<\/td><td class=\"column-12\">28.671.095\/0001-94<\/td><td class=\"column-13\">Washington Fernandes <\/td><td class=\"column-14\">RAFAEL ANDERSON DE ARA\u00daJO SILVA<\/td><td class=\"column-15\"><\/td><td class=\"column-16\"><\/td><td class=\"column-17\"><\/td><td class=\"column-18\"><\/td><td class=\"column-19\">0<\/td><td class=\"column-20\"><\/td><td class=\"column-21\">2000<\/td><td class=\"column-22\">02\/12\/2021<\/td><td class=\"column-23\"><\/td><td class=\"column-24\"><\/td>\n<\/tr>\n<tr class=\"row-637\">\n\t<td class=\"column-1\">52\/2021\t<\/td><td class=\"column-2\">31\/05\/2021<\/td><td class=\"column-3\">01\/06\/2021<\/td><td class=\"column-4\">31\/05\/2021 - 30\/11\/2021<\/td><td class=\"column-5\">66\/2021\t<\/td><td class=\"column-6\">Dispensa<\/td><td class=\"column-7\">Menor Pre\u00e7o Por Item<\/td><td class=\"column-8\"><\/td><td class=\"column-9\">CONTRATA\u00c7\u00c3O DE EMPRESA ESPECIALIZADA EM MANUTEN\u00c7\u00c3O E REPAROS DO SISTEMA MUNICIPAL DE RETRANSMISS\u00c3O DE CANAIS DE TORRE DE SINAIS DE TV ANAL\u00d3GICO E FUTURO SISTEMA DIGITAL<\/td><td class=\"column-10\">10010000 - Recursos Ordin\u00e1rios<\/td><td class=\"column-11\">12000<\/td><td class=\"column-12\">28.671.095\/0001-94<\/td><td class=\"column-13\">Washington Fernandes <\/td><td class=\"column-14\">RAFAEL ANDERSON DE ARA\u00daJO SILVA<\/td><td class=\"column-15\"><\/td><td class=\"column-16\"><\/td><td class=\"column-17\"><\/td><td class=\"column-18\"><\/td><td class=\"column-19\">0<\/td><td class=\"column-20\"><\/td><td class=\"column-21\">2000<\/td><td class=\"column-22\">09\/08\/2021<\/td><td class=\"column-23\">13\/08\/2021<\/td><td class=\"column-24\">2000<\/td>\n<\/tr>\n<tr class=\"row-638\">\n\t<td class=\"column-1\">52\/2021\t<\/td><td class=\"column-2\">31\/05\/2021<\/td><td class=\"column-3\">01\/06\/2021<\/td><td class=\"column-4\">31\/05\/2021 - 30\/11\/2021<\/td><td class=\"column-5\">66\/2021\t<\/td><td class=\"column-6\">Dispensa<\/td><td class=\"column-7\">Menor Pre\u00e7o Por Item<\/td><td class=\"column-8\"><\/td><td class=\"column-9\">CONTRATA\u00c7\u00c3O DE EMPRESA ESPECIALIZADA EM MANUTEN\u00c7\u00c3O E REPAROS DO SISTEMA MUNICIPAL DE RETRANSMISS\u00c3O DE CANAIS DE TORRE DE SINAIS DE TV ANAL\u00d3GICO E FUTURO SISTEMA DIGITAL<\/td><td class=\"column-10\">10010000 - Recursos Ordin\u00e1rios<\/td><td class=\"column-11\">12000<\/td><td class=\"column-12\">28.671.095\/0001-94<\/td><td class=\"column-13\">Washington Fernandes <\/td><td class=\"column-14\">RAFAEL ANDERSON DE ARA\u00daJO SILVA<\/td><td class=\"column-15\"><\/td><td class=\"column-16\"><\/td><td class=\"column-17\"><\/td><td class=\"column-18\"><\/td><td class=\"column-19\">0<\/td><td class=\"column-20\"><\/td><td class=\"column-21\">2000<\/td><td class=\"column-22\">09\/11\/2021<\/td><td class=\"column-23\">10\/11\/2021<\/td><td class=\"column-24\">2000<\/td>\n<\/tr>\n<tr class=\"row-639\">\n\t<td class=\"column-1\">52\/2021\t<\/td><td class=\"column-2\">31\/05\/2021<\/td><td class=\"column-3\">01\/06\/2021<\/td><td class=\"column-4\">31\/05\/2021 - 30\/11\/2021<\/td><td class=\"column-5\">66\/2021\t<\/td><td class=\"column-6\">Dispensa<\/td><td class=\"column-7\">Menor Pre\u00e7o Por Item<\/td><td class=\"column-8\"><\/td><td class=\"column-9\">CONTRATA\u00c7\u00c3O DE EMPRESA ESPECIALIZADA EM MANUTEN\u00c7\u00c3O E REPAROS DO SISTEMA MUNICIPAL DE RETRANSMISS\u00c3O DE CANAIS DE TORRE DE SINAIS DE TV ANAL\u00d3GICO E FUTURO SISTEMA DIGITAL<\/td><td class=\"column-10\">10010000 - Recursos Ordin\u00e1rios<\/td><td class=\"column-11\">12000<\/td><td class=\"column-12\">28.671.095\/0001-94<\/td><td class=\"column-13\">Washington Fernandes <\/td><td class=\"column-14\">RAFAEL ANDERSON DE ARA\u00daJO SILVA<\/td><td class=\"column-15\"><\/td><td class=\"column-16\"><\/td><td class=\"column-17\"><\/td><td class=\"column-18\"><\/td><td class=\"column-19\">0<\/td><td class=\"column-20\"><\/td><td class=\"column-21\">2000<\/td><td class=\"column-22\">14\/09\/2021<\/td><td class=\"column-23\">21\/09\/2021<\/td><td class=\"column-24\">2000<\/td>\n<\/tr>\n<tr class=\"row-640\">\n\t<td class=\"column-1\">52\/2021\t<\/td><td class=\"column-2\">31\/05\/2021<\/td><td class=\"column-3\">01\/06\/2021<\/td><td class=\"column-4\">31\/05\/2021 - 30\/11\/2021<\/td><td class=\"column-5\">66\/2021\t<\/td><td class=\"column-6\">Dispensa<\/td><td class=\"column-7\">Menor Pre\u00e7o Por Item<\/td><td class=\"column-8\"><\/td><td class=\"column-9\">CONTRATA\u00c7\u00c3O DE EMPRESA ESPECIALIZADA EM MANUTEN\u00c7\u00c3O E REPAROS DO SISTEMA MUNICIPAL DE RETRANSMISS\u00c3O DE CANAIS DE TORRE DE SINAIS DE TV ANAL\u00d3GICO E FUTURO SISTEMA DIGITAL<\/td><td class=\"column-10\">10010000 - Recursos Ordin\u00e1rios<\/td><td class=\"column-11\">12000<\/td><td class=\"column-12\">28.671.095\/0001-94<\/td><td class=\"column-13\">Washington Fernandes <\/td><td class=\"column-14\">RAFAEL ANDERSON DE ARA\u00daJO SILVA<\/td><td class=\"column-15\"><\/td><td class=\"column-16\"><\/td><td class=\"column-17\"><\/td><td class=\"column-18\"><\/td><td class=\"column-19\">0<\/td><td class=\"column-20\"><\/td><td class=\"column-21\">2000<\/td><td class=\"column-22\">14\/10\/2021<\/td><td class=\"column-23\">04\/11\/2021<\/td><td class=\"column-24\">2000<\/td>\n<\/tr>\n<tr class=\"row-641\">\n\t<td class=\"column-1\">52\/2021\t<\/td><td class=\"column-2\">31\/05\/2021<\/td><td class=\"column-3\">01\/06\/2021<\/td><td class=\"column-4\">31\/05\/2021 - 30\/11\/2021<\/td><td class=\"column-5\">66\/2021\t<\/td><td class=\"column-6\">Dispensa<\/td><td class=\"column-7\">Menor Pre\u00e7o Por Item<\/td><td class=\"column-8\"><\/td><td class=\"column-9\">CONTRATA\u00c7\u00c3O DE EMPRESA ESPECIALIZADA EM MANUTEN\u00c7\u00c3O E REPAROS DO SISTEMA MUNICIPAL DE RETRANSMISS\u00c3O DE CANAIS DE TORRE DE SINAIS DE TV ANAL\u00d3GICO E FUTURO SISTEMA DIGITAL<\/td><td class=\"column-10\">10010000 - Recursos Ordin\u00e1rios<\/td><td class=\"column-11\">12000<\/td><td class=\"column-12\">28.671.095\/0001-94<\/td><td class=\"column-13\">Washington Fernandes <\/td><td class=\"column-14\">RAFAEL ANDERSON DE ARA\u00daJO SILVA<\/td><td class=\"column-15\"><\/td><td class=\"column-16\"><\/td><td class=\"column-17\"><\/td><td class=\"column-18\"><\/td><td class=\"column-19\">0<\/td><td class=\"column-20\"><\/td><td class=\"column-21\">2000<\/td><td class=\"column-22\">22\/06\/2021<\/td><td class=\"column-23\">29\/06\/2021<\/td><td class=\"column-24\">2000<\/td>\n<\/tr>\n<tr class=\"row-642\">\n\t<td class=\"column-1\">52\/2021\t<\/td><td class=\"column-2\">31\/05\/2021<\/td><td class=\"column-3\">01\/06\/2021<\/td><td class=\"column-4\">31\/05\/2021 - 30\/11\/2021<\/td><td class=\"column-5\">66\/2021\t<\/td><td class=\"column-6\">Dispensa<\/td><td class=\"column-7\">Menor Pre\u00e7o Por Item<\/td><td class=\"column-8\"><\/td><td class=\"column-9\">CONTRATA\u00c7\u00c3O DE EMPRESA ESPECIALIZADA EM MANUTEN\u00c7\u00c3O E REPAROS DO SISTEMA MUNICIPAL DE RETRANSMISS\u00c3O DE CANAIS DE TORRE DE SINAIS DE TV ANAL\u00d3GICO E FUTURO SISTEMA DIGITAL<\/td><td class=\"column-10\">10010000 - Recursos Ordin\u00e1rios<\/td><td class=\"column-11\">12000<\/td><td class=\"column-12\">28.671.095\/0001-94<\/td><td class=\"column-13\">Washington Fernandes <\/td><td class=\"column-14\">RAFAEL ANDERSON DE ARA\u00daJO SILVA<\/td><td class=\"column-15\"><\/td><td class=\"column-16\"><\/td><td class=\"column-17\"><\/td><td class=\"column-18\"><\/td><td class=\"column-19\">0<\/td><td class=\"column-20\"><\/td><td class=\"column-21\">2000<\/td><td class=\"column-22\">23\/06\/2021<\/td><td class=\"column-23\"><\/td><td class=\"column-24\"><\/td>\n<\/tr>\n<tr class=\"row-643\">\n\t<td class=\"column-1\">53\/2021\t<\/td><td class=\"column-2\">31\/05\/2021<\/td><td class=\"column-3\">02\/06\/2021<\/td><td class=\"column-4\">31\/05\/2021 - 31\/12\/2021<\/td><td class=\"column-5\">67\/2021\t<\/td><td class=\"column-6\">Dispensa<\/td><td class=\"column-7\">Menor Pre\u00e7o Por Item<\/td><td class=\"column-8\"><\/td><td class=\"column-9\">CONTRATA\u00c7\u00c3O DE EMPRESA DO RAMO PERTINENTE PARA PRESTA\u00c7\u00c3O DE SERVI\u00c7OS DE CAPTA\u00c7\u00c3O DE V\u00cdDEO E \u00c1UDIO, COM TRANSMISS\u00c3O EM TEMPO REAL VIA INTERNET (STREAMING)<\/td><td class=\"column-10\">10010000 - Recursos Ordin\u00e1rios<\/td><td class=\"column-11\">16700<\/td><td class=\"column-12\">41.634.723\/0001-20<\/td><td class=\"column-13\">Marilia Vanessa Soares Bezerra de Medeiros<\/td><td class=\"column-14\">RAFAEL ANDERSON DE ARA\u00daJO SILVA<\/td><td class=\"column-15\"><\/td><td class=\"column-16\"><\/td><td class=\"column-17\"><\/td><td class=\"column-18\"><\/td><td class=\"column-19\">0<\/td><td class=\"column-20\"><\/td><td class=\"column-21\"><\/td><td class=\"column-22\"><\/td><td class=\"column-23\"><\/td><td class=\"column-24\"><\/td>\n<\/tr>\n<tr class=\"row-644\">\n\t<td class=\"column-1\">53\/2021\t<\/td><td class=\"column-2\">31\/05\/2021<\/td><td class=\"column-3\">02\/06\/2021<\/td><td class=\"column-4\">31\/05\/2021 - 31\/12\/2021<\/td><td class=\"column-5\">67\/2021\t<\/td><td class=\"column-6\">Dispensa<\/td><td class=\"column-7\">Menor Pre\u00e7o Por Item<\/td><td class=\"column-8\"><\/td><td class=\"column-9\">CONTRATA\u00c7\u00c3O DE EMPRESA DO RAMO PERTINENTE PARA PRESTA\u00c7\u00c3O DE SERVI\u00c7OS DE CAPTA\u00c7\u00c3O DE V\u00cdDEO E \u00c1UDIO, COM TRANSMISS\u00c3O EM TEMPO REAL VIA INTERNET (STREAMING)<\/td><td class=\"column-10\">10010000 - Recursos Ordin\u00e1rios<\/td><td class=\"column-11\">16700<\/td><td class=\"column-12\">41.634.723\/0001-20<\/td><td class=\"column-13\">Marilia Vanessa Soares Bezerra de Medeiros<\/td><td class=\"column-14\">RAFAEL ANDERSON DE ARA\u00daJO SILVA<\/td><td class=\"column-15\"><\/td><td class=\"column-16\"><\/td><td class=\"column-17\"><\/td><td class=\"column-18\"><\/td><td class=\"column-19\">0<\/td><td class=\"column-20\"><\/td><td class=\"column-21\">12246.66<\/td><td class=\"column-22\">17\/09\/2021<\/td><td class=\"column-23\">22\/09\/2021<\/td><td class=\"column-24\">12246.66<\/td>\n<\/tr>\n<tr class=\"row-645\">\n\t<td class=\"column-1\">54\/2021\t<\/td><td class=\"column-2\">01\/06\/2021<\/td><td class=\"column-3\">02\/06\/2021<\/td><td class=\"column-4\">01\/06\/2021 - 31\/12\/2021<\/td><td class=\"column-5\">68\/2021\t<\/td><td class=\"column-6\">Dispensa<\/td><td class=\"column-7\">Menor Pre\u00e7o Por Item<\/td><td class=\"column-8\"><\/td><td class=\"column-9\">CONTRATA\u00c7\u00c3O DE EMPRESA PARA PRESTA\u00c7\u00c3O DE SERVI\u00c7O EM MANUTEN\u00c7\u00c3O DAS M\u00c1QUINAS DE ESTERELIZA\u00c7\u00c3O UTILIZADAS NAS UNIDADES B\u00c1SICAS DE SA\u00daDE<\/td><td class=\"column-10\">12110000 - Receitas de Impostos e de Transfer\u00eancia de Impostos - Sa\u00fade<\/td><td class=\"column-11\">17460<\/td><td class=\"column-12\">03.633.939\/0001-81<\/td><td class=\"column-13\">E.R.COMERCIO VAREJISTA SERVI\u00c7OS LTDA - ME<\/td><td class=\"column-14\">RAFAEL ANDERSON DE ARA\u00daJO SILVA<\/td><td class=\"column-15\"><\/td><td class=\"column-16\"><\/td><td class=\"column-17\"><\/td><td class=\"column-18\"><\/td><td class=\"column-19\">0<\/td><td class=\"column-20\"><\/td><td class=\"column-21\"><\/td><td class=\"column-22\"><\/td><td class=\"column-23\"><\/td><td class=\"column-24\"><\/td>\n<\/tr>\n<tr class=\"row-646\">\n\t<td class=\"column-1\">54\/2021\t<\/td><td class=\"column-2\">01\/06\/2021<\/td><td class=\"column-3\">02\/06\/2021<\/td><td class=\"column-4\">01\/06\/2021 - 31\/12\/2021<\/td><td class=\"column-5\">68\/2021\t<\/td><td class=\"column-6\">Dispensa<\/td><td class=\"column-7\">Menor Pre\u00e7o Por Item<\/td><td class=\"column-8\"><\/td><td class=\"column-9\">CONTRATA\u00c7\u00c3O DE EMPRESA PARA PRESTA\u00c7\u00c3O DE SERVI\u00c7O EM MANUTEN\u00c7\u00c3O DAS M\u00c1QUINAS DE ESTERELIZA\u00c7\u00c3O UTILIZADAS NAS UNIDADES B\u00c1SICAS DE SA\u00daDE<\/td><td class=\"column-10\">12110000 - Receitas de Impostos e de Transfer\u00eancia de Impostos - Sa\u00fade<\/td><td class=\"column-11\">17460<\/td><td class=\"column-12\">03.633.939\/0001-81<\/td><td class=\"column-13\">E.R.COMERCIO VAREJISTA SERVI\u00c7OS LTDA - ME<\/td><td class=\"column-14\">RAFAEL ANDERSON DE ARA\u00daJO SILVA<\/td><td class=\"column-15\"><\/td><td class=\"column-16\"><\/td><td class=\"column-17\"><\/td><td class=\"column-18\"><\/td><td class=\"column-19\">0<\/td><td class=\"column-20\"><\/td><td class=\"column-21\">8620<\/td><td class=\"column-22\">22\/12\/2021<\/td><td class=\"column-23\">29\/12\/2021<\/td><td class=\"column-24\">8620<\/td>\n<\/tr>\n<tr class=\"row-647\">\n\t<td class=\"column-1\">55\/2021\t<\/td><td class=\"column-2\">01\/06\/2021<\/td><td class=\"column-3\">02\/06\/2021<\/td><td class=\"column-4\">01\/06\/2021 - 31\/12\/2021<\/td><td class=\"column-5\">69\/2021\t<\/td><td class=\"column-6\">Dispensa<\/td><td class=\"column-7\">Menor Pre\u00e7o Por Item<\/td><td class=\"column-8\"><\/td><td class=\"column-9\">CONTRATA\u00c7\u00c3O DE EMPRESA ESPECIALIZADA PARA MANUTEN\u00c7\u00c3O DE MICROSC\u00d3PIO DO LABORAT\u00d3RIO MUNICIPAL<\/td><td class=\"column-10\">12110000 - Receitas de Impostos e de Transfer\u00eancia de Impostos - Sa\u00fade<\/td><td class=\"column-11\">15750<\/td><td class=\"column-12\">03.633.939\/0001-81<\/td><td class=\"column-13\">E.R.COMERCIO VAREJISTA SERVI\u00c7OS LTDA - ME<\/td><td class=\"column-14\">RAFAEL ANDERSON DE ARA\u00daJO SILVA<\/td><td class=\"column-15\"><\/td><td class=\"column-16\"><\/td><td class=\"column-17\"><\/td><td class=\"column-18\"><\/td><td class=\"column-19\">0<\/td><td class=\"column-20\"><\/td><td class=\"column-21\"><\/td><td class=\"column-22\"><\/td><td class=\"column-23\"><\/td><td class=\"column-24\"><\/td>\n<\/tr>\n<tr class=\"row-648\">\n\t<td class=\"column-1\">56\/2021\t<\/td><td class=\"column-2\">14\/06\/2021<\/td><td class=\"column-3\">15\/06\/2021<\/td><td class=\"column-4\">14\/06\/2021 - 13\/06\/2022<\/td><td class=\"column-5\">1\/2021\t<\/td><td class=\"column-6\">Preg\u00e3o\/Ades\u00e3o<\/td><td class=\"column-7\">Menor Pre\u00e7o Por Item<\/td><td class=\"column-8\"><\/td><td class=\"column-9\">REGISTRO DE PRE\u00c7OS PARA FUTURA CONTRATA\u00c7\u00c3O DE EMPRESA ESPECIALIZADA NA PRESTA\u00c7\u00c3O DOS SERVI\u00c7OS DE LOCA\u00c7\u00c3O, MONTAGEM E DESMONTAGEM DE ESTRUTURAS DIVERSAS DE ACORDO COM O TERMO DE REFER\u00caNCIA PARA ATENDER AS DEMANDAS DA SECRETARIA MUNICIPAL DE TRABALHO, HABITA\u00c7\u00c3O E ASSIST\u00caNCIA SOCIAL.<\/td><td class=\"column-10\">12110000 - Receitas de Impostos e de Transfer\u00eancia de Impostos - Sa\u00fade<\/td><td class=\"column-11\">269325<\/td><td class=\"column-12\">14.240.361\/0001-10<\/td><td class=\"column-13\">JUSSIER VIEIRA DE MELO - ME<\/td><td class=\"column-14\">RAFAEL ANDERSON DE ARA\u00daJO SILVA<\/td><td class=\"column-15\"><\/td><td class=\"column-16\"><\/td><td class=\"column-17\"><\/td><td class=\"column-18\"><\/td><td class=\"column-19\">0<\/td><td class=\"column-20\"><\/td><td class=\"column-21\"><\/td><td class=\"column-22\"><\/td><td class=\"column-23\"><\/td><td class=\"column-24\"><\/td>\n<\/tr>\n<tr class=\"row-649\">\n\t<td class=\"column-1\">56\/2021\t<\/td><td class=\"column-2\">14\/06\/2021<\/td><td class=\"column-3\">15\/06\/2021<\/td><td class=\"column-4\">14\/06\/2021 - 13\/06\/2022<\/td><td class=\"column-5\">1\/2021\t<\/td><td class=\"column-6\">Preg\u00e3o\/Ades\u00e3o<\/td><td class=\"column-7\">Menor Pre\u00e7o Por Item<\/td><td class=\"column-8\"><\/td><td class=\"column-9\">REGISTRO DE PRE\u00c7OS PARA FUTURA CONTRATA\u00c7\u00c3O DE EMPRESA ESPECIALIZADA NA PRESTA\u00c7\u00c3O DOS SERVI\u00c7OS DE LOCA\u00c7\u00c3O, MONTAGEM E DESMONTAGEM DE ESTRUTURAS DIVERSAS DE ACORDO COM O TERMO DE REFER\u00caNCIA PARA ATENDER AS DEMANDAS DA SECRETARIA MUNICIPAL DE TRABALHO, HABITA\u00c7\u00c3O E ASSIST\u00caNCIA SOCIAL.<\/td><td class=\"column-10\">12110000 - Receitas de Impostos e de Transfer\u00eancia de Impostos - Sa\u00fade<\/td><td class=\"column-11\">269325<\/td><td class=\"column-12\">14.240.361\/0001-10<\/td><td class=\"column-13\">JUSSIER VIEIRA DE MELO - ME<\/td><td class=\"column-14\">RAFAEL ANDERSON DE ARA\u00daJO SILVA<\/td><td class=\"column-15\"><\/td><td class=\"column-16\"><\/td><td class=\"column-17\"><\/td><td class=\"column-18\"><\/td><td class=\"column-19\">0<\/td><td class=\"column-20\"><\/td><td class=\"column-21\">245<\/td><td class=\"column-22\">07\/12\/2021<\/td><td class=\"column-23\">09\/12\/2021<\/td><td class=\"column-24\">245<\/td>\n<\/tr>\n<tr class=\"row-650\">\n\t<td class=\"column-1\">56\/2021\t<\/td><td class=\"column-2\">14\/06\/2021<\/td><td class=\"column-3\">15\/06\/2021<\/td><td class=\"column-4\">14\/06\/2021 - 13\/06\/2022<\/td><td class=\"column-5\">1\/2021\t<\/td><td class=\"column-6\">Preg\u00e3o\/Ades\u00e3o<\/td><td class=\"column-7\">Menor Pre\u00e7o Por Item<\/td><td class=\"column-8\"><\/td><td class=\"column-9\">REGISTRO DE PRE\u00c7OS PARA FUTURA CONTRATA\u00c7\u00c3O DE EMPRESA ESPECIALIZADA NA PRESTA\u00c7\u00c3O DOS SERVI\u00c7OS DE LOCA\u00c7\u00c3O, MONTAGEM E DESMONTAGEM DE ESTRUTURAS DIVERSAS DE ACORDO COM O TERMO DE REFER\u00caNCIA PARA ATENDER AS DEMANDAS DA SECRETARIA MUNICIPAL DE TRABALHO, HABITA\u00c7\u00c3O E ASSIST\u00caNCIA SOCIAL.<\/td><td class=\"column-10\">12110000 - Receitas de Impostos e de Transfer\u00eancia de Impostos - Sa\u00fade<\/td><td class=\"column-11\">269325<\/td><td class=\"column-12\">14.240.361\/0001-10<\/td><td class=\"column-13\">JUSSIER VIEIRA DE MELO - ME<\/td><td class=\"column-14\">RAFAEL ANDERSON DE ARA\u00daJO SILVA<\/td><td class=\"column-15\"><\/td><td class=\"column-16\"><\/td><td class=\"column-17\"><\/td><td class=\"column-18\"><\/td><td class=\"column-19\">0<\/td><td class=\"column-20\"><\/td><td class=\"column-21\">5095<\/td><td class=\"column-22\">07\/12\/2021<\/td><td class=\"column-23\">09\/12\/2021<\/td><td class=\"column-24\">5095<\/td>\n<\/tr>\n<tr class=\"row-651\">\n\t<td class=\"column-1\">56\/2021\t<\/td><td class=\"column-2\">14\/06\/2021<\/td><td class=\"column-3\">15\/06\/2021<\/td><td class=\"column-4\">14\/06\/2021 - 13\/06\/2022<\/td><td class=\"column-5\">1\/2021\t<\/td><td class=\"column-6\">Preg\u00e3o\/Ades\u00e3o<\/td><td class=\"column-7\">Menor Pre\u00e7o Por Item<\/td><td class=\"column-8\"><\/td><td class=\"column-9\">REGISTRO DE PRE\u00c7OS PARA FUTURA CONTRATA\u00c7\u00c3O DE EMPRESA ESPECIALIZADA NA PRESTA\u00c7\u00c3O DOS SERVI\u00c7OS DE LOCA\u00c7\u00c3O, MONTAGEM E DESMONTAGEM DE ESTRUTURAS DIVERSAS DE ACORDO COM O TERMO DE REFER\u00caNCIA PARA ATENDER AS DEMANDAS DA SECRETARIA MUNICIPAL DE TRABALHO, HABITA\u00c7\u00c3O E ASSIST\u00caNCIA SOCIAL.<\/td><td class=\"column-10\">12110000 - Receitas de Impostos e de Transfer\u00eancia de Impostos - Sa\u00fade<\/td><td class=\"column-11\">269325<\/td><td class=\"column-12\">14.240.361\/0001-10<\/td><td class=\"column-13\">JUSSIER VIEIRA DE MELO - ME<\/td><td class=\"column-14\">RAFAEL ANDERSON DE ARA\u00daJO SILVA<\/td><td class=\"column-15\"><\/td><td class=\"column-16\"><\/td><td class=\"column-17\"><\/td><td class=\"column-18\"><\/td><td class=\"column-19\">0<\/td><td class=\"column-20\"><\/td><td class=\"column-21\">6522<\/td><td class=\"column-22\">18\/10\/2021<\/td><td class=\"column-23\">19\/10\/2021<\/td><td class=\"column-24\">130.44<\/td>\n<\/tr>\n<tr class=\"row-652\">\n\t<td class=\"column-1\">56\/2021\t<\/td><td class=\"column-2\">14\/06\/2021<\/td><td class=\"column-3\">15\/06\/2021<\/td><td class=\"column-4\">14\/06\/2021 - 13\/06\/2022<\/td><td class=\"column-5\">1\/2021\t<\/td><td class=\"column-6\">Preg\u00e3o\/Ades\u00e3o<\/td><td class=\"column-7\">Menor Pre\u00e7o Por Item<\/td><td class=\"column-8\"><\/td><td class=\"column-9\">REGISTRO DE PRE\u00c7OS PARA FUTURA CONTRATA\u00c7\u00c3O DE EMPRESA ESPECIALIZADA NA PRESTA\u00c7\u00c3O DOS SERVI\u00c7OS DE LOCA\u00c7\u00c3O, MONTAGEM E DESMONTAGEM DE ESTRUTURAS DIVERSAS DE ACORDO COM O TERMO DE REFER\u00caNCIA PARA ATENDER AS DEMANDAS DA SECRETARIA MUNICIPAL DE TRABALHO, HABITA\u00c7\u00c3O E ASSIST\u00caNCIA SOCIAL.<\/td><td class=\"column-10\">12110000 - Receitas de Impostos e de Transfer\u00eancia de Impostos - Sa\u00fade<\/td><td class=\"column-11\">269325<\/td><td class=\"column-12\">14.240.361\/0001-10<\/td><td class=\"column-13\">JUSSIER VIEIRA DE MELO - ME<\/td><td class=\"column-14\">RAFAEL ANDERSON DE ARA\u00daJO SILVA<\/td><td class=\"column-15\"><\/td><td class=\"column-16\"><\/td><td class=\"column-17\"><\/td><td class=\"column-18\"><\/td><td class=\"column-19\">0<\/td><td class=\"column-20\"><\/td><td class=\"column-21\">6522<\/td><td class=\"column-22\">18\/10\/2021<\/td><td class=\"column-23\">19\/10\/2021<\/td><td class=\"column-24\">6391.56<\/td>\n<\/tr>\n<tr class=\"row-653\">\n\t<td class=\"column-1\">56\/2021\t<\/td><td class=\"column-2\">14\/06\/2021<\/td><td class=\"column-3\">15\/06\/2021<\/td><td class=\"column-4\">14\/06\/2021 - 13\/06\/2022<\/td><td class=\"column-5\">1\/2021\t<\/td><td class=\"column-6\">Preg\u00e3o\/Ades\u00e3o<\/td><td class=\"column-7\">Menor Pre\u00e7o Por Item<\/td><td class=\"column-8\"><\/td><td class=\"column-9\">REGISTRO DE PRE\u00c7OS PARA FUTURA CONTRATA\u00c7\u00c3O DE EMPRESA ESPECIALIZADA NA PRESTA\u00c7\u00c3O DOS SERVI\u00c7OS DE LOCA\u00c7\u00c3O, MONTAGEM E DESMONTAGEM DE ESTRUTURAS DIVERSAS DE ACORDO COM O TERMO DE REFER\u00caNCIA PARA ATENDER AS DEMANDAS DA SECRETARIA MUNICIPAL DE TRABALHO, HABITA\u00c7\u00c3O E ASSIST\u00caNCIA SOCIAL.<\/td><td class=\"column-10\">12110000 - Receitas de Impostos e de Transfer\u00eancia de Impostos - Sa\u00fade<\/td><td class=\"column-11\">269325<\/td><td class=\"column-12\">14.240.361\/0001-10<\/td><td class=\"column-13\">JUSSIER VIEIRA DE MELO - ME<\/td><td class=\"column-14\">RAFAEL ANDERSON DE ARA\u00daJO SILVA<\/td><td class=\"column-15\"><\/td><td class=\"column-16\"><\/td><td class=\"column-17\"><\/td><td class=\"column-18\"><\/td><td class=\"column-19\">0<\/td><td class=\"column-20\"><\/td><td class=\"column-21\">26220<\/td><td class=\"column-22\">18\/10\/2021<\/td><td class=\"column-23\">19\/10\/2021<\/td><td class=\"column-24\">524.4<\/td>\n<\/tr>\n<tr class=\"row-654\">\n\t<td class=\"column-1\">56\/2021\t<\/td><td class=\"column-2\">14\/06\/2021<\/td><td class=\"column-3\">15\/06\/2021<\/td><td class=\"column-4\">14\/06\/2021 - 13\/06\/2022<\/td><td class=\"column-5\">1\/2021\t<\/td><td class=\"column-6\">Preg\u00e3o\/Ades\u00e3o<\/td><td class=\"column-7\">Menor Pre\u00e7o Por Item<\/td><td class=\"column-8\"><\/td><td class=\"column-9\">REGISTRO DE PRE\u00c7OS PARA FUTURA CONTRATA\u00c7\u00c3O DE EMPRESA ESPECIALIZADA NA PRESTA\u00c7\u00c3O DOS SERVI\u00c7OS DE LOCA\u00c7\u00c3O, MONTAGEM E DESMONTAGEM DE ESTRUTURAS DIVERSAS DE ACORDO COM O TERMO DE REFER\u00caNCIA PARA ATENDER AS DEMANDAS DA SECRETARIA MUNICIPAL DE TRABALHO, HABITA\u00c7\u00c3O E ASSIST\u00caNCIA SOCIAL.<\/td><td class=\"column-10\">12110000 - Receitas de Impostos e de Transfer\u00eancia de Impostos - Sa\u00fade<\/td><td class=\"column-11\">269325<\/td><td class=\"column-12\">14.240.361\/0001-10<\/td><td class=\"column-13\">JUSSIER VIEIRA DE MELO - ME<\/td><td class=\"column-14\">RAFAEL ANDERSON DE ARA\u00daJO SILVA<\/td><td class=\"column-15\"><\/td><td class=\"column-16\"><\/td><td class=\"column-17\"><\/td><td class=\"column-18\"><\/td><td class=\"column-19\">0<\/td><td class=\"column-20\"><\/td><td class=\"column-21\">26220<\/td><td class=\"column-22\">18\/10\/2021<\/td><td class=\"column-23\">19\/10\/2021<\/td><td class=\"column-24\">25695.6<\/td>\n<\/tr>\n<tr class=\"row-655\">\n\t<td class=\"column-1\">56\/2021\t<\/td><td class=\"column-2\">14\/06\/2021<\/td><td class=\"column-3\">15\/06\/2021<\/td><td class=\"column-4\">14\/06\/2021 - 13\/06\/2022<\/td><td class=\"column-5\">1\/2021\t<\/td><td class=\"column-6\">Preg\u00e3o\/Ades\u00e3o<\/td><td class=\"column-7\">Menor Pre\u00e7o Por Item<\/td><td class=\"column-8\"><\/td><td class=\"column-9\">REGISTRO DE PRE\u00c7OS PARA FUTURA CONTRATA\u00c7\u00c3O DE EMPRESA ESPECIALIZADA NA PRESTA\u00c7\u00c3O DOS SERVI\u00c7OS DE LOCA\u00c7\u00c3O, MONTAGEM E DESMONTAGEM DE ESTRUTURAS DIVERSAS DE ACORDO COM O TERMO DE REFER\u00caNCIA PARA ATENDER AS DEMANDAS DA SECRETARIA MUNICIPAL DE TRABALHO, HABITA\u00c7\u00c3O E ASSIST\u00caNCIA SOCIAL.<\/td><td class=\"column-10\">12110000 - Receitas de Impostos e de Transfer\u00eancia de Impostos - Sa\u00fade<\/td><td class=\"column-11\">269325<\/td><td class=\"column-12\">14.240.361\/0001-10<\/td><td class=\"column-13\">JUSSIER VIEIRA DE MELO - ME<\/td><td class=\"column-14\">RAFAEL ANDERSON DE ARA\u00daJO SILVA<\/td><td class=\"column-15\"><\/td><td class=\"column-16\"><\/td><td class=\"column-17\"><\/td><td class=\"column-18\"><\/td><td class=\"column-19\">0<\/td><td class=\"column-20\"><\/td><td class=\"column-21\">1170<\/td><td class=\"column-22\">22\/07\/2021<\/td><td class=\"column-23\">27\/07\/2021<\/td><td class=\"column-24\">1170<\/td>\n<\/tr>\n<tr class=\"row-656\">\n\t<td class=\"column-1\">56\/2021\t<\/td><td class=\"column-2\">14\/06\/2021<\/td><td class=\"column-3\">15\/06\/2021<\/td><td class=\"column-4\">14\/06\/2021 - 13\/06\/2022<\/td><td class=\"column-5\">1\/2021\t<\/td><td class=\"column-6\">Preg\u00e3o\/Ades\u00e3o<\/td><td class=\"column-7\">Menor Pre\u00e7o Por Item<\/td><td class=\"column-8\"><\/td><td class=\"column-9\">REGISTRO DE PRE\u00c7OS PARA FUTURA CONTRATA\u00c7\u00c3O DE EMPRESA ESPECIALIZADA NA PRESTA\u00c7\u00c3O DOS SERVI\u00c7OS DE LOCA\u00c7\u00c3O, MONTAGEM E DESMONTAGEM DE ESTRUTURAS DIVERSAS DE ACORDO COM O TERMO DE REFER\u00caNCIA PARA ATENDER AS DEMANDAS DA SECRETARIA MUNICIPAL DE TRABALHO, HABITA\u00c7\u00c3O E ASSIST\u00caNCIA SOCIAL.<\/td><td class=\"column-10\">12110000 - Receitas de Impostos e de Transfer\u00eancia de Impostos - Sa\u00fade<\/td><td class=\"column-11\">269325<\/td><td class=\"column-12\">14.240.361\/0001-10<\/td><td class=\"column-13\">JUSSIER VIEIRA DE MELO - ME<\/td><td class=\"column-14\">RAFAEL ANDERSON DE ARA\u00daJO SILVA<\/td><td class=\"column-15\"><\/td><td class=\"column-16\"><\/td><td class=\"column-17\"><\/td><td class=\"column-18\"><\/td><td class=\"column-19\">0<\/td><td class=\"column-20\"><\/td><td class=\"column-21\">6824.1<\/td><td class=\"column-22\">22\/07\/2021<\/td><td class=\"column-23\">27\/07\/2021<\/td><td class=\"column-24\">6824.1<\/td>\n<\/tr>\n<tr class=\"row-657\">\n\t<td class=\"column-1\">56\/2021\t<\/td><td class=\"column-2\">14\/06\/2021<\/td><td class=\"column-3\">15\/06\/2021<\/td><td class=\"column-4\">14\/06\/2021 - 13\/06\/2022<\/td><td class=\"column-5\">1\/2021\t<\/td><td class=\"column-6\">Preg\u00e3o\/Ades\u00e3o<\/td><td class=\"column-7\">Menor Pre\u00e7o Por Item<\/td><td class=\"column-8\"><\/td><td class=\"column-9\">REGISTRO DE PRE\u00c7OS PARA FUTURA CONTRATA\u00c7\u00c3O DE EMPRESA ESPECIALIZADA NA PRESTA\u00c7\u00c3O DOS SERVI\u00c7OS DE LOCA\u00c7\u00c3O, MONTAGEM E DESMONTAGEM DE ESTRUTURAS DIVERSAS DE ACORDO COM O TERMO DE REFER\u00caNCIA PARA ATENDER AS DEMANDAS DA SECRETARIA MUNICIPAL DE TRABALHO, HABITA\u00c7\u00c3O E ASSIST\u00caNCIA SOCIAL.<\/td><td class=\"column-10\">12110000 - Receitas de Impostos e de Transfer\u00eancia de Impostos - Sa\u00fade<\/td><td class=\"column-11\">269325<\/td><td class=\"column-12\">14.240.361\/0001-10<\/td><td class=\"column-13\">JUSSIER VIEIRA DE MELO - ME<\/td><td class=\"column-14\">RAFAEL ANDERSON DE ARA\u00daJO SILVA<\/td><td class=\"column-15\"><\/td><td class=\"column-16\"><\/td><td class=\"column-17\"><\/td><td class=\"column-18\"><\/td><td class=\"column-19\">0<\/td><td class=\"column-20\"><\/td><td class=\"column-21\">28657.5<\/td><td class=\"column-22\">22\/07\/2021<\/td><td class=\"column-23\">27\/07\/2021<\/td><td class=\"column-24\">28657.5<\/td>\n<\/tr>\n<tr class=\"row-658\">\n\t<td class=\"column-1\">56\/2021\t<\/td><td class=\"column-2\">14\/06\/2021<\/td><td class=\"column-3\">15\/06\/2021<\/td><td class=\"column-4\">14\/06\/2021 - 13\/06\/2022<\/td><td class=\"column-5\">1\/2021\t<\/td><td class=\"column-6\">Preg\u00e3o\/Ades\u00e3o<\/td><td class=\"column-7\">Menor Pre\u00e7o Por Item<\/td><td class=\"column-8\"><\/td><td class=\"column-9\">REGISTRO DE PRE\u00c7OS PARA FUTURA CONTRATA\u00c7\u00c3O DE EMPRESA ESPECIALIZADA NA PRESTA\u00c7\u00c3O DOS SERVI\u00c7OS DE LOCA\u00c7\u00c3O, MONTAGEM E DESMONTAGEM DE ESTRUTURAS DIVERSAS DE ACORDO COM O TERMO DE REFER\u00caNCIA PARA ATENDER AS DEMANDAS DA SECRETARIA MUNICIPAL DE TRABALHO, HABITA\u00c7\u00c3O E ASSIST\u00caNCIA SOCIAL.<\/td><td class=\"column-10\">12110000 - Receitas de Impostos e de Transfer\u00eancia de Impostos - Sa\u00fade<\/td><td class=\"column-11\">269325<\/td><td class=\"column-12\">14.240.361\/0001-10<\/td><td class=\"column-13\">JUSSIER VIEIRA DE MELO - ME<\/td><td class=\"column-14\">RAFAEL ANDERSON DE ARA\u00daJO SILVA<\/td><td class=\"column-15\"><\/td><td class=\"column-16\"><\/td><td class=\"column-17\"><\/td><td class=\"column-18\"><\/td><td class=\"column-19\">0<\/td><td class=\"column-20\"><\/td><td class=\"column-21\">612.8<\/td><td class=\"column-22\">22\/11\/2021<\/td><td class=\"column-23\">06\/12\/2021<\/td><td class=\"column-24\">612.8<\/td>\n<\/tr>\n<tr class=\"row-659\">\n\t<td class=\"column-1\">56\/2021\t<\/td><td class=\"column-2\">14\/06\/2021<\/td><td class=\"column-3\">15\/06\/2021<\/td><td class=\"column-4\">14\/06\/2021 - 13\/06\/2022<\/td><td class=\"column-5\">1\/2021\t<\/td><td class=\"column-6\">Preg\u00e3o\/Ades\u00e3o<\/td><td class=\"column-7\">Menor Pre\u00e7o Por Item<\/td><td class=\"column-8\"><\/td><td class=\"column-9\">REGISTRO DE PRE\u00c7OS PARA FUTURA CONTRATA\u00c7\u00c3O DE EMPRESA ESPECIALIZADA NA PRESTA\u00c7\u00c3O DOS SERVI\u00c7OS DE LOCA\u00c7\u00c3O, MONTAGEM E DESMONTAGEM DE ESTRUTURAS DIVERSAS DE ACORDO COM O TERMO DE REFER\u00caNCIA PARA ATENDER AS DEMANDAS DA SECRETARIA MUNICIPAL DE TRABALHO, HABITA\u00c7\u00c3O E ASSIST\u00caNCIA SOCIAL.<\/td><td class=\"column-10\">12110000 - Receitas de Impostos e de Transfer\u00eancia de Impostos - Sa\u00fade<\/td><td class=\"column-11\">269325<\/td><td class=\"column-12\">14.240.361\/0001-10<\/td><td class=\"column-13\">JUSSIER VIEIRA DE MELO - ME<\/td><td class=\"column-14\">RAFAEL ANDERSON DE ARA\u00daJO SILVA<\/td><td class=\"column-15\"><\/td><td class=\"column-16\"><\/td><td class=\"column-17\"><\/td><td class=\"column-18\"><\/td><td class=\"column-19\">0<\/td><td class=\"column-20\"><\/td><td class=\"column-21\">1035<\/td><td class=\"column-22\">23\/11\/2021<\/td><td class=\"column-23\">06\/12\/2021<\/td><td class=\"column-24\">20.7<\/td>\n<\/tr>\n<tr class=\"row-660\">\n\t<td class=\"column-1\">56\/2021\t<\/td><td class=\"column-2\">14\/06\/2021<\/td><td class=\"column-3\">15\/06\/2021<\/td><td class=\"column-4\">14\/06\/2021 - 13\/06\/2022<\/td><td class=\"column-5\">1\/2021\t<\/td><td class=\"column-6\">Preg\u00e3o\/Ades\u00e3o<\/td><td class=\"column-7\">Menor Pre\u00e7o Por Item<\/td><td class=\"column-8\"><\/td><td class=\"column-9\">REGISTRO DE PRE\u00c7OS PARA FUTURA CONTRATA\u00c7\u00c3O DE EMPRESA ESPECIALIZADA NA PRESTA\u00c7\u00c3O DOS SERVI\u00c7OS DE LOCA\u00c7\u00c3O, MONTAGEM E DESMONTAGEM DE ESTRUTURAS DIVERSAS DE ACORDO COM O TERMO DE REFER\u00caNCIA PARA ATENDER AS DEMANDAS DA SECRETARIA MUNICIPAL DE TRABALHO, HABITA\u00c7\u00c3O E ASSIST\u00caNCIA SOCIAL.<\/td><td class=\"column-10\">12110000 - Receitas de Impostos e de Transfer\u00eancia de Impostos - Sa\u00fade<\/td><td class=\"column-11\">269325<\/td><td class=\"column-12\">14.240.361\/0001-10<\/td><td class=\"column-13\">JUSSIER VIEIRA DE MELO - ME<\/td><td class=\"column-14\">RAFAEL ANDERSON DE ARA\u00daJO SILVA<\/td><td class=\"column-15\"><\/td><td class=\"column-16\"><\/td><td class=\"column-17\"><\/td><td class=\"column-18\"><\/td><td class=\"column-19\">0<\/td><td class=\"column-20\"><\/td><td class=\"column-21\">1035<\/td><td class=\"column-22\">23\/11\/2021<\/td><td class=\"column-23\">06\/12\/2021<\/td><td class=\"column-24\">1014.3<\/td>\n<\/tr>\n<tr class=\"row-661\">\n\t<td class=\"column-1\">56\/2021\t<\/td><td class=\"column-2\">14\/06\/2021<\/td><td class=\"column-3\">15\/06\/2021<\/td><td class=\"column-4\">14\/06\/2021 - 13\/06\/2022<\/td><td class=\"column-5\">1\/2021\t<\/td><td class=\"column-6\">Preg\u00e3o\/Ades\u00e3o<\/td><td class=\"column-7\">Menor Pre\u00e7o Por Item<\/td><td class=\"column-8\"><\/td><td class=\"column-9\">REGISTRO DE PRE\u00c7OS PARA FUTURA CONTRATA\u00c7\u00c3O DE EMPRESA ESPECIALIZADA NA PRESTA\u00c7\u00c3O DOS SERVI\u00c7OS DE LOCA\u00c7\u00c3O, MONTAGEM E DESMONTAGEM DE ESTRUTURAS DIVERSAS DE ACORDO COM O TERMO DE REFER\u00caNCIA PARA ATENDER AS DEMANDAS DA SECRETARIA MUNICIPAL DE TRABALHO, HABITA\u00c7\u00c3O E ASSIST\u00caNCIA SOCIAL.<\/td><td class=\"column-10\">12110000 - Receitas de Impostos e de Transfer\u00eancia de Impostos - Sa\u00fade<\/td><td class=\"column-11\">269325<\/td><td class=\"column-12\">14.240.361\/0001-10<\/td><td class=\"column-13\">JUSSIER VIEIRA DE MELO - ME<\/td><td class=\"column-14\">RAFAEL ANDERSON DE ARA\u00daJO SILVA<\/td><td class=\"column-15\"><\/td><td class=\"column-16\"><\/td><td class=\"column-17\"><\/td><td class=\"column-18\"><\/td><td class=\"column-19\">0<\/td><td class=\"column-20\"><\/td><td class=\"column-21\">490<\/td><td class=\"column-22\">24\/11\/2021<\/td><td class=\"column-23\">06\/12\/2021<\/td><td class=\"column-24\">9.8<\/td>\n<\/tr>\n<tr class=\"row-662\">\n\t<td class=\"column-1\">56\/2021\t<\/td><td class=\"column-2\">14\/06\/2021<\/td><td class=\"column-3\">15\/06\/2021<\/td><td class=\"column-4\">14\/06\/2021 - 13\/06\/2022<\/td><td class=\"column-5\">1\/2021\t<\/td><td class=\"column-6\">Preg\u00e3o\/Ades\u00e3o<\/td><td class=\"column-7\">Menor Pre\u00e7o Por Item<\/td><td class=\"column-8\"><\/td><td class=\"column-9\">REGISTRO DE PRE\u00c7OS PARA FUTURA CONTRATA\u00c7\u00c3O DE EMPRESA ESPECIALIZADA NA PRESTA\u00c7\u00c3O DOS SERVI\u00c7OS DE LOCA\u00c7\u00c3O, MONTAGEM E DESMONTAGEM DE ESTRUTURAS DIVERSAS DE ACORDO COM O TERMO DE REFER\u00caNCIA PARA ATENDER AS DEMANDAS DA SECRETARIA MUNICIPAL DE TRABALHO, HABITA\u00c7\u00c3O E ASSIST\u00caNCIA SOCIAL.<\/td><td class=\"column-10\">12110000 - Receitas de Impostos e de Transfer\u00eancia de Impostos - Sa\u00fade<\/td><td class=\"column-11\">269325<\/td><td class=\"column-12\">14.240.361\/0001-10<\/td><td class=\"column-13\">JUSSIER VIEIRA DE MELO - ME<\/td><td class=\"column-14\">RAFAEL ANDERSON DE ARA\u00daJO SILVA<\/td><td class=\"column-15\"><\/td><td class=\"column-16\"><\/td><td class=\"column-17\"><\/td><td class=\"column-18\"><\/td><td class=\"column-19\">0<\/td><td class=\"column-20\"><\/td><td class=\"column-21\">490<\/td><td class=\"column-22\">24\/11\/2021<\/td><td class=\"column-23\">06\/12\/2021<\/td><td class=\"column-24\">480.2<\/td>\n<\/tr>\n<tr class=\"row-663\">\n\t<td class=\"column-1\">56\/2021\t<\/td><td class=\"column-2\">14\/06\/2021<\/td><td class=\"column-3\">15\/06\/2021<\/td><td class=\"column-4\">14\/06\/2021 - 13\/06\/2022<\/td><td class=\"column-5\">1\/2021\t<\/td><td class=\"column-6\">Preg\u00e3o\/Ades\u00e3o<\/td><td class=\"column-7\">Menor Pre\u00e7o Por Item<\/td><td class=\"column-8\"><\/td><td class=\"column-9\">REGISTRO DE PRE\u00c7OS PARA FUTURA CONTRATA\u00c7\u00c3O DE EMPRESA ESPECIALIZADA NA PRESTA\u00c7\u00c3O DOS SERVI\u00c7OS DE LOCA\u00c7\u00c3O, MONTAGEM E DESMONTAGEM DE ESTRUTURAS DIVERSAS DE ACORDO COM O TERMO DE REFER\u00caNCIA PARA ATENDER AS DEMANDAS DA SECRETARIA MUNICIPAL DE TRABALHO, HABITA\u00c7\u00c3O E ASSIST\u00caNCIA SOCIAL.<\/td><td class=\"column-10\">12110000 - Receitas de Impostos e de Transfer\u00eancia de Impostos - Sa\u00fade<\/td><td class=\"column-11\">269325<\/td><td class=\"column-12\">14.240.361\/0001-10<\/td><td class=\"column-13\">JUSSIER VIEIRA DE MELO - ME<\/td><td class=\"column-14\">RAFAEL ANDERSON DE ARA\u00daJO SILVA<\/td><td class=\"column-15\"><\/td><td class=\"column-16\"><\/td><td class=\"column-17\"><\/td><td class=\"column-18\"><\/td><td class=\"column-19\">0<\/td><td class=\"column-20\"><\/td><td class=\"column-21\">1470<\/td><td class=\"column-22\">26\/11\/2021<\/td><td class=\"column-23\">06\/12\/2021<\/td><td class=\"column-24\">1470<\/td>\n<\/tr>\n<tr class=\"row-664\">\n\t<td class=\"column-1\">56\/2021\t<\/td><td class=\"column-2\">14\/06\/2021<\/td><td class=\"column-3\">15\/06\/2021<\/td><td class=\"column-4\">14\/06\/2021 - 13\/06\/2022<\/td><td class=\"column-5\">1\/2021\t<\/td><td class=\"column-6\">Preg\u00e3o\/Ades\u00e3o<\/td><td class=\"column-7\">Menor Pre\u00e7o Por Item<\/td><td class=\"column-8\"><\/td><td class=\"column-9\">REGISTRO DE PRE\u00c7OS PARA FUTURA CONTRATA\u00c7\u00c3O DE EMPRESA ESPECIALIZADA NA PRESTA\u00c7\u00c3O DOS SERVI\u00c7OS DE LOCA\u00c7\u00c3O, MONTAGEM E DESMONTAGEM DE ESTRUTURAS DIVERSAS DE ACORDO COM O TERMO DE REFER\u00caNCIA PARA ATENDER AS DEMANDAS DA SECRETARIA MUNICIPAL DE TRABALHO, HABITA\u00c7\u00c3O E ASSIST\u00caNCIA SOCIAL.<\/td><td class=\"column-10\">12110000 - Receitas de Impostos e de Transfer\u00eancia de Impostos - Sa\u00fade<\/td><td class=\"column-11\">269325<\/td><td class=\"column-12\">14.240.361\/0001-10<\/td><td class=\"column-13\">JUSSIER VIEIRA DE MELO - ME<\/td><td class=\"column-14\">RAFAEL ANDERSON DE ARA\u00daJO SILVA<\/td><td class=\"column-15\"><\/td><td class=\"column-16\"><\/td><td class=\"column-17\"><\/td><td class=\"column-18\"><\/td><td class=\"column-19\">0<\/td><td class=\"column-20\"><\/td><td class=\"column-21\">2296<\/td><td class=\"column-22\">26\/11\/2021<\/td><td class=\"column-23\">06\/12\/2021<\/td><td class=\"column-24\">2296<\/td>\n<\/tr>\n<tr class=\"row-665\">\n\t<td class=\"column-1\">56\/2021\t<\/td><td class=\"column-2\">14\/06\/2021<\/td><td class=\"column-3\">15\/06\/2021<\/td><td class=\"column-4\">14\/06\/2021 - 13\/06\/2022<\/td><td class=\"column-5\">1\/2021\t<\/td><td class=\"column-6\">Preg\u00e3o\/Ades\u00e3o<\/td><td class=\"column-7\">Menor Pre\u00e7o Por Item<\/td><td class=\"column-8\"><\/td><td class=\"column-9\">REGISTRO DE PRE\u00c7OS PARA FUTURA CONTRATA\u00c7\u00c3O DE EMPRESA ESPECIALIZADA NA PRESTA\u00c7\u00c3O DOS SERVI\u00c7OS DE LOCA\u00c7\u00c3O, MONTAGEM E DESMONTAGEM DE ESTRUTURAS DIVERSAS DE ACORDO COM O TERMO DE REFER\u00caNCIA PARA ATENDER AS DEMANDAS DA SECRETARIA MUNICIPAL DE TRABALHO, HABITA\u00c7\u00c3O E ASSIST\u00caNCIA SOCIAL.<\/td><td class=\"column-10\">12110000 - Receitas de Impostos e de Transfer\u00eancia de Impostos - Sa\u00fade<\/td><td class=\"column-11\">269325<\/td><td class=\"column-12\">14.240.361\/0001-10<\/td><td class=\"column-13\">JUSSIER VIEIRA DE MELO - ME<\/td><td class=\"column-14\">RAFAEL ANDERSON DE ARA\u00daJO SILVA<\/td><td class=\"column-15\"><\/td><td class=\"column-16\"><\/td><td class=\"column-17\"><\/td><td class=\"column-18\"><\/td><td class=\"column-19\">0<\/td><td class=\"column-20\"><\/td><td class=\"column-21\">13655<\/td><td class=\"column-22\">31\/08\/2021<\/td><td class=\"column-23\">31\/08\/2021<\/td><td class=\"column-24\">13655<\/td>\n<\/tr>\n<tr class=\"row-666\">\n\t<td class=\"column-1\">56\/2021\t<\/td><td class=\"column-2\">14\/06\/2021<\/td><td class=\"column-3\">15\/06\/2021<\/td><td class=\"column-4\">14\/06\/2021 - 13\/06\/2022<\/td><td class=\"column-5\">1\/2021\t<\/td><td class=\"column-6\">Preg\u00e3o\/Ades\u00e3o<\/td><td class=\"column-7\">Menor Pre\u00e7o Por Item<\/td><td class=\"column-8\"><\/td><td class=\"column-9\">REGISTRO DE PRE\u00c7OS PARA FUTURA CONTRATA\u00c7\u00c3O DE EMPRESA ESPECIALIZADA NA PRESTA\u00c7\u00c3O DOS SERVI\u00c7OS DE LOCA\u00c7\u00c3O, MONTAGEM E DESMONTAGEM DE ESTRUTURAS DIVERSAS DE ACORDO COM O TERMO DE REFER\u00caNCIA PARA ATENDER AS DEMANDAS DA SECRETARIA MUNICIPAL DE TRABALHO, HABITA\u00c7\u00c3O E ASSIST\u00caNCIA SOCIAL.<\/td><td class=\"column-10\">12110000 - Receitas de Impostos e de Transfer\u00eancia de Impostos - Sa\u00fade<\/td><td class=\"column-11\">269325<\/td><td class=\"column-12\">14.240.361\/0001-10<\/td><td class=\"column-13\">JUSSIER VIEIRA DE MELO - ME<\/td><td class=\"column-14\">RAFAEL ANDERSON DE ARA\u00daJO SILVA<\/td><td class=\"column-15\"><\/td><td class=\"column-16\"><\/td><td class=\"column-17\"><\/td><td class=\"column-18\"><\/td><td class=\"column-19\">0<\/td><td class=\"column-20\"><\/td><td class=\"column-21\">21366.9<\/td><td class=\"column-22\">31\/08\/2021<\/td><td class=\"column-23\">31\/08\/2021<\/td><td class=\"column-24\">21366.9<\/td>\n<\/tr>\n<tr class=\"row-667\">\n\t<td class=\"column-1\">57\/2021\t<\/td><td class=\"column-2\">14\/06\/2021<\/td><td class=\"column-3\">15\/06\/2021<\/td><td class=\"column-4\">14\/06\/2021 - 31\/12\/2021<\/td><td class=\"column-5\">71\/2021\t<\/td><td class=\"column-6\">Dispensa<\/td><td class=\"column-7\">Menor Pre\u00e7o Por Item<\/td><td class=\"column-8\"><\/td><td class=\"column-9\">CONTRATA\u00c7\u00c3O DE EMPRESA ESPECIALIZADA EM LOCA\u00c7\u00c3O DE SISTEMA (SOFTWARE) DE  ADMINISTRA\u00c7\u00c3O TRIBUT\u00c1RIA<\/td><td class=\"column-10\">10010000 - Recursos Ordin\u00e1rios<\/td><td class=\"column-11\">16800<\/td><td class=\"column-12\">35.408.525\/0001-45<\/td><td class=\"column-13\">TINUS INFORMATICA LTDA<\/td><td class=\"column-14\">RAFAEL ANDERSON DE ARA\u00daJO SILVA<\/td><td class=\"column-15\"><\/td><td class=\"column-16\"><\/td><td class=\"column-17\"><\/td><td class=\"column-18\"><\/td><td class=\"column-19\">0<\/td><td class=\"column-20\"><\/td><td class=\"column-21\"><\/td><td class=\"column-22\"><\/td><td class=\"column-23\"><\/td><td class=\"column-24\"><\/td>\n<\/tr>\n<tr class=\"row-668\">\n\t<td class=\"column-1\">57\/2021\t<\/td><td class=\"column-2\">14\/06\/2021<\/td><td class=\"column-3\">15\/06\/2021<\/td><td class=\"column-4\">14\/06\/2021 - 31\/12\/2021<\/td><td class=\"column-5\">71\/2021\t<\/td><td class=\"column-6\">Dispensa<\/td><td class=\"column-7\">Menor Pre\u00e7o Por Item<\/td><td class=\"column-8\"><\/td><td class=\"column-9\">CONTRATA\u00c7\u00c3O DE EMPRESA ESPECIALIZADA EM LOCA\u00c7\u00c3O DE SISTEMA (SOFTWARE) DE  ADMINISTRA\u00c7\u00c3O TRIBUT\u00c1RIA<\/td><td class=\"column-10\">10010000 - Recursos Ordin\u00e1rios<\/td><td class=\"column-11\">16800<\/td><td class=\"column-12\">35.408.525\/0001-45<\/td><td class=\"column-13\">TINUS INFORMATICA LTDA<\/td><td class=\"column-14\">RAFAEL ANDERSON DE ARA\u00daJO SILVA<\/td><td class=\"column-15\"><\/td><td class=\"column-16\"><\/td><td class=\"column-17\"><\/td><td class=\"column-18\"><\/td><td class=\"column-19\">0<\/td><td class=\"column-20\"><\/td><td class=\"column-21\">2800<\/td><td class=\"column-22\">06\/09\/2021<\/td><td class=\"column-23\">10\/09\/2021<\/td><td class=\"column-24\">2800<\/td>\n<\/tr>\n<tr class=\"row-669\">\n\t<td class=\"column-1\">57\/2021\t<\/td><td class=\"column-2\">14\/06\/2021<\/td><td class=\"column-3\">15\/06\/2021<\/td><td class=\"column-4\">14\/06\/2021 - 31\/12\/2021<\/td><td class=\"column-5\">71\/2021\t<\/td><td class=\"column-6\">Dispensa<\/td><td class=\"column-7\">Menor Pre\u00e7o Por Item<\/td><td class=\"column-8\"><\/td><td class=\"column-9\">CONTRATA\u00c7\u00c3O DE EMPRESA ESPECIALIZADA EM LOCA\u00c7\u00c3O DE SISTEMA (SOFTWARE) DE  ADMINISTRA\u00c7\u00c3O TRIBUT\u00c1RIA<\/td><td class=\"column-10\">10010000 - Recursos Ordin\u00e1rios<\/td><td class=\"column-11\">16800<\/td><td class=\"column-12\">35.408.525\/0001-45<\/td><td class=\"column-13\">TINUS INFORMATICA LTDA<\/td><td class=\"column-14\">RAFAEL ANDERSON DE ARA\u00daJO SILVA<\/td><td class=\"column-15\"><\/td><td class=\"column-16\"><\/td><td class=\"column-17\"><\/td><td class=\"column-18\"><\/td><td class=\"column-19\">0<\/td><td class=\"column-20\"><\/td><td class=\"column-21\">2800<\/td><td class=\"column-22\">10\/09\/2021<\/td><td class=\"column-23\">13\/09\/2021<\/td><td class=\"column-24\">2800<\/td>\n<\/tr>\n<tr class=\"row-670\">\n\t<td class=\"column-1\">57\/2021\t<\/td><td class=\"column-2\">14\/06\/2021<\/td><td class=\"column-3\">15\/06\/2021<\/td><td class=\"column-4\">14\/06\/2021 - 31\/12\/2021<\/td><td class=\"column-5\">71\/2021\t<\/td><td class=\"column-6\">Dispensa<\/td><td class=\"column-7\">Menor Pre\u00e7o Por Item<\/td><td class=\"column-8\"><\/td><td class=\"column-9\">CONTRATA\u00c7\u00c3O DE EMPRESA ESPECIALIZADA EM LOCA\u00c7\u00c3O DE SISTEMA (SOFTWARE) DE  ADMINISTRA\u00c7\u00c3O TRIBUT\u00c1RIA<\/td><td class=\"column-10\">10010000 - Recursos Ordin\u00e1rios<\/td><td class=\"column-11\">16800<\/td><td class=\"column-12\">35.408.525\/0001-45<\/td><td class=\"column-13\">TINUS INFORMATICA LTDA<\/td><td class=\"column-14\">RAFAEL ANDERSON DE ARA\u00daJO SILVA<\/td><td class=\"column-15\"><\/td><td class=\"column-16\"><\/td><td class=\"column-17\"><\/td><td class=\"column-18\"><\/td><td class=\"column-19\">0<\/td><td class=\"column-20\"><\/td><td class=\"column-21\">2800<\/td><td class=\"column-22\">12\/11\/2021<\/td><td class=\"column-23\">30\/11\/2021<\/td><td class=\"column-24\">2800<\/td>\n<\/tr>\n<tr class=\"row-671\">\n\t<td class=\"column-1\">58\/2021\t<\/td><td class=\"column-2\">14\/06\/2021<\/td><td class=\"column-3\">16\/06\/2021<\/td><td class=\"column-4\">14\/06\/2021 - 31\/12\/2021<\/td><td class=\"column-5\">72\/2021\t<\/td><td class=\"column-6\">Dispensa<\/td><td class=\"column-7\">Menor Pre\u00e7o Por Item<\/td><td class=\"column-8\"><\/td><td class=\"column-9\">AQUISI\u00c7AO DE MATERIAL GR\u00c1FICO PARA ATENDER AS DEMANDAS DA SECRETARIA DE SA\u00daDE<\/td><td class=\"column-10\">12140000 - Transf. Fundo a Fundo de Rec. do SUS provenientes do Governo Federal - Bloco de Manut. das A\u00e7\u00f5es e Servi\u00e7os P\u00fablicos de Sa\u00fade<\/td><td class=\"column-11\">15750<\/td><td class=\"column-12\">03.637.347\/0001-38<\/td><td class=\"column-13\">L. S. COMERCIO E SERVI\u00c7OS LTDA<\/td><td class=\"column-14\">RAFAEL ANDERSON DE ARA\u00daJO SILVA<\/td><td class=\"column-15\"><\/td><td class=\"column-16\"><\/td><td class=\"column-17\"><\/td><td class=\"column-18\"><\/td><td class=\"column-19\">0<\/td><td class=\"column-20\"><\/td><td class=\"column-21\"><\/td><td class=\"column-22\"><\/td><td class=\"column-23\"><\/td><td class=\"column-24\"><\/td>\n<\/tr>\n<tr class=\"row-672\">\n\t<td class=\"column-1\">58\/2021\t<\/td><td class=\"column-2\">14\/06\/2021<\/td><td class=\"column-3\">16\/06\/2021<\/td><td class=\"column-4\">14\/06\/2021 - 31\/12\/2021<\/td><td class=\"column-5\">72\/2021\t<\/td><td class=\"column-6\">Dispensa<\/td><td class=\"column-7\">Menor Pre\u00e7o Por Item<\/td><td class=\"column-8\"><\/td><td class=\"column-9\">AQUISI\u00c7AO DE MATERIAL GR\u00c1FICO PARA ATENDER AS DEMANDAS DA SECRETARIA DE SA\u00daDE<\/td><td class=\"column-10\">12140000 - Transf. Fundo a Fundo de Rec. do SUS provenientes do Governo Federal - Bloco de Manut. das A\u00e7\u00f5es e Servi\u00e7os P\u00fablicos de Sa\u00fade<\/td><td class=\"column-11\">15750<\/td><td class=\"column-12\">03.637.347\/0001-38<\/td><td class=\"column-13\">L. S. COMERCIO E SERVI\u00c7OS LTDA<\/td><td class=\"column-14\">RAFAEL ANDERSON DE ARA\u00daJO SILVA<\/td><td class=\"column-15\"><\/td><td class=\"column-16\"><\/td><td class=\"column-17\"><\/td><td class=\"column-18\"><\/td><td class=\"column-19\">0<\/td><td class=\"column-20\"><\/td><td class=\"column-21\">14200<\/td><td class=\"column-22\">29\/11\/2021<\/td><td class=\"column-23\">06\/12\/2021<\/td><td class=\"column-24\">14200<\/td>\n<\/tr>\n<tr class=\"row-673\">\n\t<td class=\"column-1\">59\/2021\t<\/td><td class=\"column-2\">14\/06\/2021<\/td><td class=\"column-3\">16\/06\/2021<\/td><td class=\"column-4\">14\/06\/2021 - 13\/07\/2021<\/td><td class=\"column-5\">70\/2021\t<\/td><td class=\"column-6\">Dispensa<\/td><td class=\"column-7\">Menor Pre\u00e7o Global<\/td><td class=\"column-8\"><\/td><td class=\"column-9\">Contrata\u00e7\u00e3o de empresa para a realiza\u00e7\u00e3o dos servi\u00e7os de Recomposi\u00e7\u00e3o de Pavimenta\u00e7\u00e3o em Paralelep\u00edpedo Rejuntado Com Argamassa de Cimento e Areia com reaproveitamento do paralelep\u00edpedo<\/td><td class=\"column-10\">10010000 - Recursos Ordin\u00e1rios<\/td><td class=\"column-11\">30928.04<\/td><td class=\"column-12\">40.321.829\/0001-00<\/td><td class=\"column-13\">SOC CONSTRUTORA<\/td><td class=\"column-14\">RAFAEL ANDERSON DE ARA\u00daJO SILVA<\/td><td class=\"column-15\"><\/td><td class=\"column-16\"><\/td><td class=\"column-17\"><\/td><td class=\"column-18\"><\/td><td class=\"column-19\">0<\/td><td class=\"column-20\"><\/td><td class=\"column-21\"><\/td><td class=\"column-22\"><\/td><td class=\"column-23\"><\/td><td class=\"column-24\"><\/td>\n<\/tr>\n<tr class=\"row-674\">\n\t<td class=\"column-1\">59\/2021\t<\/td><td class=\"column-2\">14\/06\/2021<\/td><td class=\"column-3\">16\/06\/2021<\/td><td class=\"column-4\">14\/06\/2021 - 13\/07\/2021<\/td><td class=\"column-5\">70\/2021\t<\/td><td class=\"column-6\">Dispensa<\/td><td class=\"column-7\">Menor Pre\u00e7o Global<\/td><td class=\"column-8\"><\/td><td class=\"column-9\">Contrata\u00e7\u00e3o de empresa para a realiza\u00e7\u00e3o dos servi\u00e7os de Recomposi\u00e7\u00e3o de Pavimenta\u00e7\u00e3o em Paralelep\u00edpedo Rejuntado Com Argamassa de Cimento e Areia com reaproveitamento do paralelep\u00edpedo<\/td><td class=\"column-10\">10010000 - Recursos Ordin\u00e1rios<\/td><td class=\"column-11\">30928.04<\/td><td class=\"column-12\">40.321.829\/0001-00<\/td><td class=\"column-13\">SOC CONSTRUTORA<\/td><td class=\"column-14\">RAFAEL ANDERSON DE ARA\u00daJO SILVA<\/td><td class=\"column-15\"><\/td><td class=\"column-16\"><\/td><td class=\"column-17\"><\/td><td class=\"column-18\"><\/td><td class=\"column-19\">0<\/td><td class=\"column-20\"><\/td><td class=\"column-21\">30928.04<\/td><td class=\"column-22\">24\/06\/2021<\/td><td class=\"column-23\"><\/td><td class=\"column-24\"><\/td>\n<\/tr>\n<tr class=\"row-675\">\n\t<td class=\"column-1\">59\/2021\t<\/td><td class=\"column-2\">14\/06\/2021<\/td><td class=\"column-3\">16\/06\/2021<\/td><td class=\"column-4\">14\/06\/2021 - 13\/07\/2021<\/td><td class=\"column-5\">70\/2021\t<\/td><td class=\"column-6\">Dispensa<\/td><td class=\"column-7\">Menor Pre\u00e7o Global<\/td><td class=\"column-8\"><\/td><td class=\"column-9\">Contrata\u00e7\u00e3o de empresa para a realiza\u00e7\u00e3o dos servi\u00e7os de Recomposi\u00e7\u00e3o de Pavimenta\u00e7\u00e3o em Paralelep\u00edpedo Rejuntado Com Argamassa de Cimento e Areia com reaproveitamento do paralelep\u00edpedo<\/td><td class=\"column-10\">10010000 - Recursos Ordin\u00e1rios<\/td><td class=\"column-11\">30928.04<\/td><td class=\"column-12\">40.321.829\/0001-00<\/td><td class=\"column-13\">SOC CONSTRUTORA<\/td><td class=\"column-14\">RAFAEL ANDERSON DE ARA\u00daJO SILVA<\/td><td class=\"column-15\"><\/td><td class=\"column-16\"><\/td><td class=\"column-17\"><\/td><td class=\"column-18\"><\/td><td class=\"column-19\">0<\/td><td class=\"column-20\"><\/td><td class=\"column-21\">30928.04<\/td><td class=\"column-22\">24\/06\/2021<\/td><td class=\"column-23\">25\/06\/2021<\/td><td class=\"column-24\">30928.04<\/td>\n<\/tr>\n<tr class=\"row-676\">\n\t<td class=\"column-1\">60\/2021\t<\/td><td class=\"column-2\">15\/06\/2021<\/td><td class=\"column-3\">15\/06\/2021<\/td><td class=\"column-4\">15\/06\/2021 - 14\/06\/2022<\/td><td class=\"column-5\">2\/2021\t<\/td><td class=\"column-6\">Preg\u00e3o\/Ades\u00e3o<\/td><td class=\"column-7\">Menor Pre\u00e7o Por Item<\/td><td class=\"column-8\"><\/td><td class=\"column-9\">REGISTRO DE PRE\u00c7OS PARA FUTURA CONTRATA\u00c7\u00c3O DE EMPRESA PARA AQUISI\u00c7\u00c3O PARCELADA DE MEDICAMENTOS DE ORIGENS B\u00c1SICOS, INJET\u00c1VEIS, DE USO HOSPITALAR E DA ATEN\u00c7\u00c3O B\u00c1SICA PARA SUPRIR AS NECESSIDADES DA POPULA\u00c7\u00c3O DESTE MUNIC\u00cdPIO POR USU\u00c1RIOS DO SISTEMA \u00daNICO DE SA\u00daDE (SUS), ATENDIDOS PELA FARM\u00c1CIA MUNICIPAL E UNIDADES B\u00c1SICAS DE SA\u00daDE.<\/td><td class=\"column-10\">12140000 - Transf. Fundo a Fundo de Rec. do SUS provenientes do Governo Federal - Bloco de Manut. das A\u00e7\u00f5es e Servi\u00e7os P\u00fablicos de Sa\u00fade<\/td><td class=\"column-11\">1002806.6<\/td><td class=\"column-12\">70.027.479\/0001-35<\/td><td class=\"column-13\">BANDEIRANTES LABORATORIOS PROD. FARM. E HOSP. LTDA<\/td><td class=\"column-14\">RAFAEL ANDERSON DE ARA\u00daJO SILVA<\/td><td class=\"column-15\"><\/td><td class=\"column-16\"><\/td><td class=\"column-17\"><\/td><td class=\"column-18\"><\/td><td class=\"column-19\">0<\/td><td class=\"column-20\"><\/td><td class=\"column-21\"><\/td><td class=\"column-22\"><\/td><td class=\"column-23\"><\/td><td class=\"column-24\"><\/td>\n<\/tr>\n<tr class=\"row-677\">\n\t<td class=\"column-1\">60\/2021\t<\/td><td class=\"column-2\">15\/06\/2021<\/td><td class=\"column-3\">15\/06\/2021<\/td><td class=\"column-4\">15\/06\/2021 - 14\/06\/2022<\/td><td class=\"column-5\">2\/2021\t<\/td><td class=\"column-6\">Preg\u00e3o\/Ades\u00e3o<\/td><td class=\"column-7\">Menor Pre\u00e7o Por Item<\/td><td class=\"column-8\"><\/td><td class=\"column-9\">REGISTRO DE PRE\u00c7OS PARA FUTURA CONTRATA\u00c7\u00c3O DE EMPRESA PARA AQUISI\u00c7\u00c3O PARCELADA DE MEDICAMENTOS DE ORIGENS B\u00c1SICOS, INJET\u00c1VEIS, DE USO HOSPITALAR E DA ATEN\u00c7\u00c3O B\u00c1SICA PARA SUPRIR AS NECESSIDADES DA POPULA\u00c7\u00c3O DESTE MUNIC\u00cdPIO POR USU\u00c1RIOS DO SISTEMA \u00daNICO DE SA\u00daDE (SUS), ATENDIDOS PELA FARM\u00c1CIA MUNICIPAL E UNIDADES B\u00c1SICAS DE SA\u00daDE.<\/td><td class=\"column-10\">12140000 - Transf. Fundo a Fundo de Rec. do SUS provenientes do Governo Federal - Bloco de Manut. das A\u00e7\u00f5es e Servi\u00e7os P\u00fablicos de Sa\u00fade<\/td><td class=\"column-11\">1002806.6<\/td><td class=\"column-12\">70.027.479\/0001-35<\/td><td class=\"column-13\">BANDEIRANTES LABORATORIOS PROD. FARM. E HOSP. LTDA<\/td><td class=\"column-14\">RAFAEL ANDERSON DE ARA\u00daJO SILVA<\/td><td class=\"column-15\"><\/td><td class=\"column-16\"><\/td><td class=\"column-17\"><\/td><td class=\"column-18\"><\/td><td class=\"column-19\">0<\/td><td class=\"column-20\"><\/td><td class=\"column-21\">17302<\/td><td class=\"column-22\">06\/08\/2021<\/td><td class=\"column-23\">10\/08\/2021<\/td><td class=\"column-24\">17302<\/td>\n<\/tr>\n<tr class=\"row-678\">\n\t<td class=\"column-1\">60\/2021\t<\/td><td class=\"column-2\">15\/06\/2021<\/td><td class=\"column-3\">15\/06\/2021<\/td><td class=\"column-4\">15\/06\/2021 - 14\/06\/2022<\/td><td class=\"column-5\">2\/2021\t<\/td><td class=\"column-6\">Preg\u00e3o\/Ades\u00e3o<\/td><td class=\"column-7\">Menor Pre\u00e7o Por Item<\/td><td class=\"column-8\"><\/td><td class=\"column-9\">REGISTRO DE PRE\u00c7OS PARA FUTURA CONTRATA\u00c7\u00c3O DE EMPRESA PARA AQUISI\u00c7\u00c3O PARCELADA DE MEDICAMENTOS DE ORIGENS B\u00c1SICOS, INJET\u00c1VEIS, DE USO HOSPITALAR E DA ATEN\u00c7\u00c3O B\u00c1SICA PARA SUPRIR AS NECESSIDADES DA POPULA\u00c7\u00c3O DESTE MUNIC\u00cdPIO POR USU\u00c1RIOS DO SISTEMA \u00daNICO DE SA\u00daDE (SUS), ATENDIDOS PELA FARM\u00c1CIA MUNICIPAL E UNIDADES B\u00c1SICAS DE SA\u00daDE.<\/td><td class=\"column-10\">12140000 - Transf. Fundo a Fundo de Rec. do SUS provenientes do Governo Federal - Bloco de Manut. das A\u00e7\u00f5es e Servi\u00e7os P\u00fablicos de Sa\u00fade<\/td><td class=\"column-11\">1002806.6<\/td><td class=\"column-12\">70.027.479\/0001-35<\/td><td class=\"column-13\">BANDEIRANTES LABORATORIOS PROD. FARM. E HOSP. LTDA<\/td><td class=\"column-14\">RAFAEL ANDERSON DE ARA\u00daJO SILVA<\/td><td class=\"column-15\"><\/td><td class=\"column-16\"><\/td><td class=\"column-17\"><\/td><td class=\"column-18\"><\/td><td class=\"column-19\">0<\/td><td class=\"column-20\"><\/td><td class=\"column-21\">18748.5<\/td><td class=\"column-22\">06\/08\/2021<\/td><td class=\"column-23\">10\/08\/2021<\/td><td class=\"column-24\">18748.5<\/td>\n<\/tr>\n<tr class=\"row-679\">\n\t<td class=\"column-1\">60\/2021\t<\/td><td class=\"column-2\">15\/06\/2021<\/td><td class=\"column-3\">15\/06\/2021<\/td><td class=\"column-4\">15\/06\/2021 - 14\/06\/2022<\/td><td class=\"column-5\">2\/2021\t<\/td><td class=\"column-6\">Preg\u00e3o\/Ades\u00e3o<\/td><td class=\"column-7\">Menor Pre\u00e7o Por Item<\/td><td class=\"column-8\"><\/td><td class=\"column-9\">REGISTRO DE PRE\u00c7OS PARA FUTURA CONTRATA\u00c7\u00c3O DE EMPRESA PARA AQUISI\u00c7\u00c3O PARCELADA DE MEDICAMENTOS DE ORIGENS B\u00c1SICOS, INJET\u00c1VEIS, DE USO HOSPITALAR E DA ATEN\u00c7\u00c3O B\u00c1SICA PARA SUPRIR AS NECESSIDADES DA POPULA\u00c7\u00c3O DESTE MUNIC\u00cdPIO POR USU\u00c1RIOS DO SISTEMA \u00daNICO DE SA\u00daDE (SUS), ATENDIDOS PELA FARM\u00c1CIA MUNICIPAL E UNIDADES B\u00c1SICAS DE SA\u00daDE.<\/td><td class=\"column-10\">12140000 - Transf. Fundo a Fundo de Rec. do SUS provenientes do Governo Federal - Bloco de Manut. das A\u00e7\u00f5es e Servi\u00e7os P\u00fablicos de Sa\u00fade<\/td><td class=\"column-11\">1002806.6<\/td><td class=\"column-12\">70.027.479\/0001-35<\/td><td class=\"column-13\">BANDEIRANTES LABORATORIOS PROD. FARM. E HOSP. LTDA<\/td><td class=\"column-14\">RAFAEL ANDERSON DE ARA\u00daJO SILVA<\/td><td class=\"column-15\"><\/td><td class=\"column-16\"><\/td><td class=\"column-17\"><\/td><td class=\"column-18\"><\/td><td class=\"column-19\">0<\/td><td class=\"column-20\"><\/td><td class=\"column-21\">36454.8<\/td><td class=\"column-22\">06\/08\/2021<\/td><td class=\"column-23\">10\/08\/2021<\/td><td class=\"column-24\">36454.8<\/td>\n<\/tr>\n<tr class=\"row-680\">\n\t<td class=\"column-1\">60\/2021\t<\/td><td class=\"column-2\">15\/06\/2021<\/td><td class=\"column-3\">15\/06\/2021<\/td><td class=\"column-4\">15\/06\/2021 - 14\/06\/2022<\/td><td class=\"column-5\">2\/2021\t<\/td><td class=\"column-6\">Preg\u00e3o\/Ades\u00e3o<\/td><td class=\"column-7\">Menor Pre\u00e7o Por Item<\/td><td class=\"column-8\"><\/td><td class=\"column-9\">REGISTRO DE PRE\u00c7OS PARA FUTURA CONTRATA\u00c7\u00c3O DE EMPRESA PARA AQUISI\u00c7\u00c3O PARCELADA DE MEDICAMENTOS DE ORIGENS B\u00c1SICOS, INJET\u00c1VEIS, DE USO HOSPITALAR E DA ATEN\u00c7\u00c3O B\u00c1SICA PARA SUPRIR AS NECESSIDADES DA POPULA\u00c7\u00c3O DESTE MUNIC\u00cdPIO POR USU\u00c1RIOS DO SISTEMA \u00daNICO DE SA\u00daDE (SUS), ATENDIDOS PELA FARM\u00c1CIA MUNICIPAL E UNIDADES B\u00c1SICAS DE SA\u00daDE.<\/td><td class=\"column-10\">12140000 - Transf. Fundo a Fundo de Rec. do SUS provenientes do Governo Federal - Bloco de Manut. das A\u00e7\u00f5es e Servi\u00e7os P\u00fablicos de Sa\u00fade<\/td><td class=\"column-11\">1002806.6<\/td><td class=\"column-12\">70.027.479\/0001-35<\/td><td class=\"column-13\">BANDEIRANTES LABORATORIOS PROD. FARM. E HOSP. LTDA<\/td><td class=\"column-14\">RAFAEL ANDERSON DE ARA\u00daJO SILVA<\/td><td class=\"column-15\"><\/td><td class=\"column-16\"><\/td><td class=\"column-17\"><\/td><td class=\"column-18\"><\/td><td class=\"column-19\">0<\/td><td class=\"column-20\"><\/td><td class=\"column-21\">45687.77<\/td><td class=\"column-22\">06\/08\/2021<\/td><td class=\"column-23\">10\/08\/2021<\/td><td class=\"column-24\">45687.77<\/td>\n<\/tr>\n<tr class=\"row-681\">\n\t<td class=\"column-1\">60\/2021\t<\/td><td class=\"column-2\">15\/06\/2021<\/td><td class=\"column-3\">15\/06\/2021<\/td><td class=\"column-4\">15\/06\/2021 - 14\/06\/2022<\/td><td class=\"column-5\">2\/2021\t<\/td><td class=\"column-6\">Preg\u00e3o\/Ades\u00e3o<\/td><td class=\"column-7\">Menor Pre\u00e7o Por Item<\/td><td class=\"column-8\"><\/td><td class=\"column-9\">REGISTRO DE PRE\u00c7OS PARA FUTURA CONTRATA\u00c7\u00c3O DE EMPRESA PARA AQUISI\u00c7\u00c3O PARCELADA DE MEDICAMENTOS DE ORIGENS B\u00c1SICOS, INJET\u00c1VEIS, DE USO HOSPITALAR E DA ATEN\u00c7\u00c3O B\u00c1SICA PARA SUPRIR AS NECESSIDADES DA POPULA\u00c7\u00c3O DESTE MUNIC\u00cdPIO POR USU\u00c1RIOS DO SISTEMA \u00daNICO DE SA\u00daDE (SUS), ATENDIDOS PELA FARM\u00c1CIA MUNICIPAL E UNIDADES B\u00c1SICAS DE SA\u00daDE.<\/td><td class=\"column-10\">12140000 - Transf. Fundo a Fundo de Rec. do SUS provenientes do Governo Federal - Bloco de Manut. das A\u00e7\u00f5es e Servi\u00e7os P\u00fablicos de Sa\u00fade<\/td><td class=\"column-11\">1002806.6<\/td><td class=\"column-12\">70.027.479\/0001-35<\/td><td class=\"column-13\">BANDEIRANTES LABORATORIOS PROD. FARM. E HOSP. LTDA<\/td><td class=\"column-14\">RAFAEL ANDERSON DE ARA\u00daJO SILVA<\/td><td class=\"column-15\"><\/td><td class=\"column-16\"><\/td><td class=\"column-17\"><\/td><td class=\"column-18\"><\/td><td class=\"column-19\">0<\/td><td class=\"column-20\"><\/td><td class=\"column-21\">48597.39<\/td><td class=\"column-22\">06\/08\/2021<\/td><td class=\"column-23\">10\/08\/2021<\/td><td class=\"column-24\">48597.39<\/td>\n<\/tr>\n<tr class=\"row-682\">\n\t<td class=\"column-1\">60\/2021\t<\/td><td class=\"column-2\">15\/06\/2021<\/td><td class=\"column-3\">15\/06\/2021<\/td><td class=\"column-4\">15\/06\/2021 - 14\/06\/2022<\/td><td class=\"column-5\">2\/2021\t<\/td><td class=\"column-6\">Preg\u00e3o\/Ades\u00e3o<\/td><td class=\"column-7\">Menor Pre\u00e7o Por Item<\/td><td class=\"column-8\"><\/td><td class=\"column-9\">REGISTRO DE PRE\u00c7OS PARA FUTURA CONTRATA\u00c7\u00c3O DE EMPRESA PARA AQUISI\u00c7\u00c3O PARCELADA DE MEDICAMENTOS DE ORIGENS B\u00c1SICOS, INJET\u00c1VEIS, DE USO HOSPITALAR E DA ATEN\u00c7\u00c3O B\u00c1SICA PARA SUPRIR AS NECESSIDADES DA POPULA\u00c7\u00c3O DESTE MUNIC\u00cdPIO POR USU\u00c1RIOS DO SISTEMA \u00daNICO DE SA\u00daDE (SUS), ATENDIDOS PELA FARM\u00c1CIA MUNICIPAL E UNIDADES B\u00c1SICAS DE SA\u00daDE.<\/td><td class=\"column-10\">12140000 - Transf. Fundo a Fundo de Rec. do SUS provenientes do Governo Federal - Bloco de Manut. das A\u00e7\u00f5es e Servi\u00e7os P\u00fablicos de Sa\u00fade<\/td><td class=\"column-11\">1002806.6<\/td><td class=\"column-12\">70.027.479\/0001-35<\/td><td class=\"column-13\">BANDEIRANTES LABORATORIOS PROD. FARM. E HOSP. LTDA<\/td><td class=\"column-14\">RAFAEL ANDERSON DE ARA\u00daJO SILVA<\/td><td class=\"column-15\"><\/td><td class=\"column-16\"><\/td><td class=\"column-17\"><\/td><td class=\"column-18\"><\/td><td class=\"column-19\">0<\/td><td class=\"column-20\"><\/td><td class=\"column-21\">32028.3<\/td><td class=\"column-22\">15\/09\/2021<\/td><td class=\"column-23\">17\/09\/2021<\/td><td class=\"column-24\">32028.3<\/td>\n<\/tr>\n<tr class=\"row-683\">\n\t<td class=\"column-1\">60\/2021\t<\/td><td class=\"column-2\">15\/06\/2021<\/td><td class=\"column-3\">15\/06\/2021<\/td><td class=\"column-4\">15\/06\/2021 - 14\/06\/2022<\/td><td class=\"column-5\">2\/2021\t<\/td><td class=\"column-6\">Preg\u00e3o\/Ades\u00e3o<\/td><td class=\"column-7\">Menor Pre\u00e7o Por Item<\/td><td class=\"column-8\"><\/td><td class=\"column-9\">REGISTRO DE PRE\u00c7OS PARA FUTURA CONTRATA\u00c7\u00c3O DE EMPRESA PARA AQUISI\u00c7\u00c3O PARCELADA DE MEDICAMENTOS DE ORIGENS B\u00c1SICOS, INJET\u00c1VEIS, DE USO HOSPITALAR E DA ATEN\u00c7\u00c3O B\u00c1SICA PARA SUPRIR AS NECESSIDADES DA POPULA\u00c7\u00c3O DESTE MUNIC\u00cdPIO POR USU\u00c1RIOS DO SISTEMA \u00daNICO DE SA\u00daDE (SUS), ATENDIDOS PELA FARM\u00c1CIA MUNICIPAL E UNIDADES B\u00c1SICAS DE SA\u00daDE.<\/td><td class=\"column-10\">12140000 - Transf. Fundo a Fundo de Rec. do SUS provenientes do Governo Federal - Bloco de Manut. das A\u00e7\u00f5es e Servi\u00e7os P\u00fablicos de Sa\u00fade<\/td><td class=\"column-11\">1002806.6<\/td><td class=\"column-12\">70.027.479\/0001-35<\/td><td class=\"column-13\">BANDEIRANTES LABORATORIOS PROD. FARM. E HOSP. LTDA<\/td><td class=\"column-14\">RAFAEL ANDERSON DE ARA\u00daJO SILVA<\/td><td class=\"column-15\"><\/td><td class=\"column-16\"><\/td><td class=\"column-17\"><\/td><td class=\"column-18\"><\/td><td class=\"column-19\">0<\/td><td class=\"column-20\"><\/td><td class=\"column-21\">57667.91<\/td><td class=\"column-22\">15\/09\/2021<\/td><td class=\"column-23\">17\/09\/2021<\/td><td class=\"column-24\">57667.91<\/td>\n<\/tr>\n<tr class=\"row-684\">\n\t<td class=\"column-1\">60\/2021\t<\/td><td class=\"column-2\">15\/06\/2021<\/td><td class=\"column-3\">15\/06\/2021<\/td><td class=\"column-4\">15\/06\/2021 - 14\/06\/2022<\/td><td class=\"column-5\">2\/2021\t<\/td><td class=\"column-6\">Preg\u00e3o\/Ades\u00e3o<\/td><td class=\"column-7\">Menor Pre\u00e7o Por Item<\/td><td class=\"column-8\"><\/td><td class=\"column-9\">REGISTRO DE PRE\u00c7OS PARA FUTURA CONTRATA\u00c7\u00c3O DE EMPRESA PARA AQUISI\u00c7\u00c3O PARCELADA DE MEDICAMENTOS DE ORIGENS B\u00c1SICOS, INJET\u00c1VEIS, DE USO HOSPITALAR E DA ATEN\u00c7\u00c3O B\u00c1SICA PARA SUPRIR AS NECESSIDADES DA POPULA\u00c7\u00c3O DESTE MUNIC\u00cdPIO POR USU\u00c1RIOS DO SISTEMA \u00daNICO DE SA\u00daDE (SUS), ATENDIDOS PELA FARM\u00c1CIA MUNICIPAL E UNIDADES B\u00c1SICAS DE SA\u00daDE.<\/td><td class=\"column-10\">12140000 - Transf. Fundo a Fundo de Rec. do SUS provenientes do Governo Federal - Bloco de Manut. das A\u00e7\u00f5es e Servi\u00e7os P\u00fablicos de Sa\u00fade<\/td><td class=\"column-11\">1002806.6<\/td><td class=\"column-12\">70.027.479\/0001-35<\/td><td class=\"column-13\">BANDEIRANTES LABORATORIOS PROD. FARM. E HOSP. LTDA<\/td><td class=\"column-14\">RAFAEL ANDERSON DE ARA\u00daJO SILVA<\/td><td class=\"column-15\"><\/td><td class=\"column-16\"><\/td><td class=\"column-17\"><\/td><td class=\"column-18\"><\/td><td class=\"column-19\">0<\/td><td class=\"column-20\"><\/td><td class=\"column-21\">11912<\/td><td class=\"column-22\">15\/10\/2021<\/td><td class=\"column-23\">18\/10\/2021<\/td><td class=\"column-24\">11912<\/td>\n<\/tr>\n<tr class=\"row-685\">\n\t<td class=\"column-1\">60\/2021\t<\/td><td class=\"column-2\">15\/06\/2021<\/td><td class=\"column-3\">15\/06\/2021<\/td><td class=\"column-4\">15\/06\/2021 - 14\/06\/2022<\/td><td class=\"column-5\">2\/2021\t<\/td><td class=\"column-6\">Preg\u00e3o\/Ades\u00e3o<\/td><td class=\"column-7\">Menor Pre\u00e7o Por Item<\/td><td class=\"column-8\"><\/td><td class=\"column-9\">REGISTRO DE PRE\u00c7OS PARA FUTURA CONTRATA\u00c7\u00c3O DE EMPRESA PARA AQUISI\u00c7\u00c3O PARCELADA DE MEDICAMENTOS DE ORIGENS B\u00c1SICOS, INJET\u00c1VEIS, DE USO HOSPITALAR E DA ATEN\u00c7\u00c3O B\u00c1SICA PARA SUPRIR AS NECESSIDADES DA POPULA\u00c7\u00c3O DESTE MUNIC\u00cdPIO POR USU\u00c1RIOS DO SISTEMA \u00daNICO DE SA\u00daDE (SUS), ATENDIDOS PELA FARM\u00c1CIA MUNICIPAL E UNIDADES B\u00c1SICAS DE SA\u00daDE.<\/td><td class=\"column-10\">12140000 - Transf. Fundo a Fundo de Rec. do SUS provenientes do Governo Federal - Bloco de Manut. das A\u00e7\u00f5es e Servi\u00e7os P\u00fablicos de Sa\u00fade<\/td><td class=\"column-11\">1002806.6<\/td><td class=\"column-12\">70.027.479\/0001-35<\/td><td class=\"column-13\">BANDEIRANTES LABORATORIOS PROD. FARM. E HOSP. LTDA<\/td><td class=\"column-14\">RAFAEL ANDERSON DE ARA\u00daJO SILVA<\/td><td class=\"column-15\"><\/td><td class=\"column-16\"><\/td><td class=\"column-17\"><\/td><td class=\"column-18\"><\/td><td class=\"column-19\">0<\/td><td class=\"column-20\"><\/td><td class=\"column-21\">20155.7<\/td><td class=\"column-22\">15\/10\/2021<\/td><td class=\"column-23\">18\/10\/2021<\/td><td class=\"column-24\">20155.7<\/td>\n<\/tr>\n<tr class=\"row-686\">\n\t<td class=\"column-1\">60\/2021\t<\/td><td class=\"column-2\">15\/06\/2021<\/td><td class=\"column-3\">15\/06\/2021<\/td><td class=\"column-4\">15\/06\/2021 - 14\/06\/2022<\/td><td class=\"column-5\">2\/2021\t<\/td><td class=\"column-6\">Preg\u00e3o\/Ades\u00e3o<\/td><td class=\"column-7\">Menor Pre\u00e7o Por Item<\/td><td class=\"column-8\"><\/td><td class=\"column-9\">REGISTRO DE PRE\u00c7OS PARA FUTURA CONTRATA\u00c7\u00c3O DE EMPRESA PARA AQUISI\u00c7\u00c3O PARCELADA DE MEDICAMENTOS DE ORIGENS B\u00c1SICOS, INJET\u00c1VEIS, DE USO HOSPITALAR E DA ATEN\u00c7\u00c3O B\u00c1SICA PARA SUPRIR AS NECESSIDADES DA POPULA\u00c7\u00c3O DESTE MUNIC\u00cdPIO POR USU\u00c1RIOS DO SISTEMA \u00daNICO DE SA\u00daDE (SUS), ATENDIDOS PELA FARM\u00c1CIA MUNICIPAL E UNIDADES B\u00c1SICAS DE SA\u00daDE.<\/td><td class=\"column-10\">12140000 - Transf. Fundo a Fundo de Rec. do SUS provenientes do Governo Federal - Bloco de Manut. das A\u00e7\u00f5es e Servi\u00e7os P\u00fablicos de Sa\u00fade<\/td><td class=\"column-11\">1002806.6<\/td><td class=\"column-12\">70.027.479\/0001-35<\/td><td class=\"column-13\">BANDEIRANTES LABORATORIOS PROD. FARM. E HOSP. LTDA<\/td><td class=\"column-14\">RAFAEL ANDERSON DE ARA\u00daJO SILVA<\/td><td class=\"column-15\"><\/td><td class=\"column-16\"><\/td><td class=\"column-17\"><\/td><td class=\"column-18\"><\/td><td class=\"column-19\">0<\/td><td class=\"column-20\"><\/td><td class=\"column-21\">16702<\/td><td class=\"column-22\">15\/12\/2021<\/td><td class=\"column-23\">15\/12\/2021<\/td><td class=\"column-24\">16702<\/td>\n<\/tr>\n<tr class=\"row-687\">\n\t<td class=\"column-1\">60\/2021\t<\/td><td class=\"column-2\">15\/06\/2021<\/td><td class=\"column-3\">15\/06\/2021<\/td><td class=\"column-4\">15\/06\/2021 - 14\/06\/2022<\/td><td class=\"column-5\">2\/2021\t<\/td><td class=\"column-6\">Preg\u00e3o\/Ades\u00e3o<\/td><td class=\"column-7\">Menor Pre\u00e7o Por Item<\/td><td class=\"column-8\"><\/td><td class=\"column-9\">REGISTRO DE PRE\u00c7OS PARA FUTURA CONTRATA\u00c7\u00c3O DE EMPRESA PARA AQUISI\u00c7\u00c3O PARCELADA DE MEDICAMENTOS DE ORIGENS B\u00c1SICOS, INJET\u00c1VEIS, DE USO HOSPITALAR E DA ATEN\u00c7\u00c3O B\u00c1SICA PARA SUPRIR AS NECESSIDADES DA POPULA\u00c7\u00c3O DESTE MUNIC\u00cdPIO POR USU\u00c1RIOS DO SISTEMA \u00daNICO DE SA\u00daDE (SUS), ATENDIDOS PELA FARM\u00c1CIA MUNICIPAL E UNIDADES B\u00c1SICAS DE SA\u00daDE.<\/td><td class=\"column-10\">12140000 - Transf. Fundo a Fundo de Rec. do SUS provenientes do Governo Federal - Bloco de Manut. das A\u00e7\u00f5es e Servi\u00e7os P\u00fablicos de Sa\u00fade<\/td><td class=\"column-11\">1002806.6<\/td><td class=\"column-12\">70.027.479\/0001-35<\/td><td class=\"column-13\">BANDEIRANTES LABORATORIOS PROD. FARM. E HOSP. LTDA<\/td><td class=\"column-14\">RAFAEL ANDERSON DE ARA\u00daJO SILVA<\/td><td class=\"column-15\"><\/td><td class=\"column-16\"><\/td><td class=\"column-17\"><\/td><td class=\"column-18\"><\/td><td class=\"column-19\">0<\/td><td class=\"column-20\"><\/td><td class=\"column-21\">35492.6<\/td><td class=\"column-22\">15\/12\/2021<\/td><td class=\"column-23\">15\/12\/2021<\/td><td class=\"column-24\">35492.6<\/td>\n<\/tr>\n<tr class=\"row-688\">\n\t<td class=\"column-1\">60\/2021\t<\/td><td class=\"column-2\">15\/06\/2021<\/td><td class=\"column-3\">15\/06\/2021<\/td><td class=\"column-4\">15\/06\/2021 - 14\/06\/2022<\/td><td class=\"column-5\">2\/2021\t<\/td><td class=\"column-6\">Preg\u00e3o\/Ades\u00e3o<\/td><td class=\"column-7\">Menor Pre\u00e7o Por Item<\/td><td class=\"column-8\"><\/td><td class=\"column-9\">REGISTRO DE PRE\u00c7OS PARA FUTURA CONTRATA\u00c7\u00c3O DE EMPRESA PARA AQUISI\u00c7\u00c3O PARCELADA DE MEDICAMENTOS DE ORIGENS B\u00c1SICOS, INJET\u00c1VEIS, DE USO HOSPITALAR E DA ATEN\u00c7\u00c3O B\u00c1SICA PARA SUPRIR AS NECESSIDADES DA POPULA\u00c7\u00c3O DESTE MUNIC\u00cdPIO POR USU\u00c1RIOS DO SISTEMA \u00daNICO DE SA\u00daDE (SUS), ATENDIDOS PELA FARM\u00c1CIA MUNICIPAL E UNIDADES B\u00c1SICAS DE SA\u00daDE.<\/td><td class=\"column-10\">12140000 - Transf. Fundo a Fundo de Rec. do SUS provenientes do Governo Federal - Bloco de Manut. das A\u00e7\u00f5es e Servi\u00e7os P\u00fablicos de Sa\u00fade<\/td><td class=\"column-11\">1002806.6<\/td><td class=\"column-12\">70.027.479\/0001-35<\/td><td class=\"column-13\">BANDEIRANTES LABORATORIOS PROD. FARM. E HOSP. LTDA<\/td><td class=\"column-14\">RAFAEL ANDERSON DE ARA\u00daJO SILVA<\/td><td class=\"column-15\"><\/td><td class=\"column-16\"><\/td><td class=\"column-17\"><\/td><td class=\"column-18\"><\/td><td class=\"column-19\">0<\/td><td class=\"column-20\"><\/td><td class=\"column-21\">46684.71<\/td><td class=\"column-22\">15\/12\/2021<\/td><td class=\"column-23\">15\/12\/2021<\/td><td class=\"column-24\">46684.71<\/td>\n<\/tr>\n<tr class=\"row-689\">\n\t<td class=\"column-1\">60\/2021\t<\/td><td class=\"column-2\">15\/06\/2021<\/td><td class=\"column-3\">15\/06\/2021<\/td><td class=\"column-4\">15\/06\/2021 - 14\/06\/2022<\/td><td class=\"column-5\">2\/2021\t<\/td><td class=\"column-6\">Preg\u00e3o\/Ades\u00e3o<\/td><td class=\"column-7\">Menor Pre\u00e7o Por Item<\/td><td class=\"column-8\"><\/td><td class=\"column-9\">REGISTRO DE PRE\u00c7OS PARA FUTURA CONTRATA\u00c7\u00c3O DE EMPRESA PARA AQUISI\u00c7\u00c3O PARCELADA DE MEDICAMENTOS DE ORIGENS B\u00c1SICOS, INJET\u00c1VEIS, DE USO HOSPITALAR E DA ATEN\u00c7\u00c3O B\u00c1SICA PARA SUPRIR AS NECESSIDADES DA POPULA\u00c7\u00c3O DESTE MUNIC\u00cdPIO POR USU\u00c1RIOS DO SISTEMA \u00daNICO DE SA\u00daDE (SUS), ATENDIDOS PELA FARM\u00c1CIA MUNICIPAL E UNIDADES B\u00c1SICAS DE SA\u00daDE.<\/td><td class=\"column-10\">12140000 - Transf. Fundo a Fundo de Rec. do SUS provenientes do Governo Federal - Bloco de Manut. das A\u00e7\u00f5es e Servi\u00e7os P\u00fablicos de Sa\u00fade<\/td><td class=\"column-11\">1002806.6<\/td><td class=\"column-12\">70.027.479\/0001-35<\/td><td class=\"column-13\">BANDEIRANTES LABORATORIOS PROD. FARM. E HOSP. LTDA<\/td><td class=\"column-14\">RAFAEL ANDERSON DE ARA\u00daJO SILVA<\/td><td class=\"column-15\"><\/td><td class=\"column-16\"><\/td><td class=\"column-17\"><\/td><td class=\"column-18\"><\/td><td class=\"column-19\">0<\/td><td class=\"column-20\"><\/td><td class=\"column-21\">16384<\/td><td class=\"column-22\">17\/11\/2021<\/td><td class=\"column-23\">19\/11\/2021<\/td><td class=\"column-24\">16384<\/td>\n<\/tr>\n<tr class=\"row-690\">\n\t<td class=\"column-1\">60\/2021\t<\/td><td class=\"column-2\">15\/06\/2021<\/td><td class=\"column-3\">15\/06\/2021<\/td><td class=\"column-4\">15\/06\/2021 - 14\/06\/2022<\/td><td class=\"column-5\">2\/2021\t<\/td><td class=\"column-6\">Preg\u00e3o\/Ades\u00e3o<\/td><td class=\"column-7\">Menor Pre\u00e7o Por Item<\/td><td class=\"column-8\"><\/td><td class=\"column-9\">REGISTRO DE PRE\u00c7OS PARA FUTURA CONTRATA\u00c7\u00c3O DE EMPRESA PARA AQUISI\u00c7\u00c3O PARCELADA DE MEDICAMENTOS DE ORIGENS B\u00c1SICOS, INJET\u00c1VEIS, DE USO HOSPITALAR E DA ATEN\u00c7\u00c3O B\u00c1SICA PARA SUPRIR AS NECESSIDADES DA POPULA\u00c7\u00c3O DESTE MUNIC\u00cdPIO POR USU\u00c1RIOS DO SISTEMA \u00daNICO DE SA\u00daDE (SUS), ATENDIDOS PELA FARM\u00c1CIA MUNICIPAL E UNIDADES B\u00c1SICAS DE SA\u00daDE.<\/td><td class=\"column-10\">12140000 - Transf. Fundo a Fundo de Rec. do SUS provenientes do Governo Federal - Bloco de Manut. das A\u00e7\u00f5es e Servi\u00e7os P\u00fablicos de Sa\u00fade<\/td><td class=\"column-11\">1002806.6<\/td><td class=\"column-12\">70.027.479\/0001-35<\/td><td class=\"column-13\">BANDEIRANTES LABORATORIOS PROD. FARM. E HOSP. LTDA<\/td><td class=\"column-14\">RAFAEL ANDERSON DE ARA\u00daJO SILVA<\/td><td class=\"column-15\"><\/td><td class=\"column-16\"><\/td><td class=\"column-17\"><\/td><td class=\"column-18\"><\/td><td class=\"column-19\">0<\/td><td class=\"column-20\"><\/td><td class=\"column-21\">31859.3<\/td><td class=\"column-22\">17\/11\/2021<\/td><td class=\"column-23\">19\/11\/2021<\/td><td class=\"column-24\">31859.3<\/td>\n<\/tr>\n<tr class=\"row-691\">\n\t<td class=\"column-1\">60\/2021\t<\/td><td class=\"column-2\">15\/06\/2021<\/td><td class=\"column-3\">15\/06\/2021<\/td><td class=\"column-4\">15\/06\/2021 - 14\/06\/2022<\/td><td class=\"column-5\">2\/2021\t<\/td><td class=\"column-6\">Preg\u00e3o\/Ades\u00e3o<\/td><td class=\"column-7\">Menor Pre\u00e7o Por Item<\/td><td class=\"column-8\"><\/td><td class=\"column-9\">REGISTRO DE PRE\u00c7OS PARA FUTURA CONTRATA\u00c7\u00c3O DE EMPRESA PARA AQUISI\u00c7\u00c3O PARCELADA DE MEDICAMENTOS DE ORIGENS B\u00c1SICOS, INJET\u00c1VEIS, DE USO HOSPITALAR E DA ATEN\u00c7\u00c3O B\u00c1SICA PARA SUPRIR AS NECESSIDADES DA POPULA\u00c7\u00c3O DESTE MUNIC\u00cdPIO POR USU\u00c1RIOS DO SISTEMA \u00daNICO DE SA\u00daDE (SUS), ATENDIDOS PELA FARM\u00c1CIA MUNICIPAL E UNIDADES B\u00c1SICAS DE SA\u00daDE.<\/td><td class=\"column-10\">12140000 - Transf. Fundo a Fundo de Rec. do SUS provenientes do Governo Federal - Bloco de Manut. das A\u00e7\u00f5es e Servi\u00e7os P\u00fablicos de Sa\u00fade<\/td><td class=\"column-11\">1002806.6<\/td><td class=\"column-12\">70.027.479\/0001-35<\/td><td class=\"column-13\">BANDEIRANTES LABORATORIOS PROD. FARM. E HOSP. LTDA<\/td><td class=\"column-14\">RAFAEL ANDERSON DE ARA\u00daJO SILVA<\/td><td class=\"column-15\"><\/td><td class=\"column-16\"><\/td><td class=\"column-17\"><\/td><td class=\"column-18\"><\/td><td class=\"column-19\">0<\/td><td class=\"column-20\"><\/td><td class=\"column-21\">44457.76<\/td><td class=\"column-22\">17\/11\/2021<\/td><td class=\"column-23\">19\/11\/2021<\/td><td class=\"column-24\">44457.76<\/td>\n<\/tr>\n<tr class=\"row-692\">\n\t<td class=\"column-1\">60\/2021\t<\/td><td class=\"column-2\">15\/06\/2021<\/td><td class=\"column-3\">15\/06\/2021<\/td><td class=\"column-4\">15\/06\/2021 - 14\/06\/2022<\/td><td class=\"column-5\">2\/2021\t<\/td><td class=\"column-6\">Preg\u00e3o\/Ades\u00e3o<\/td><td class=\"column-7\">Menor Pre\u00e7o Por Item<\/td><td class=\"column-8\"><\/td><td class=\"column-9\">REGISTRO DE PRE\u00c7OS PARA FUTURA CONTRATA\u00c7\u00c3O DE EMPRESA PARA AQUISI\u00c7\u00c3O PARCELADA DE MEDICAMENTOS DE ORIGENS B\u00c1SICOS, INJET\u00c1VEIS, DE USO HOSPITALAR E DA ATEN\u00c7\u00c3O B\u00c1SICA PARA SUPRIR AS NECESSIDADES DA POPULA\u00c7\u00c3O DESTE MUNIC\u00cdPIO POR USU\u00c1RIOS DO SISTEMA \u00daNICO DE SA\u00daDE (SUS), ATENDIDOS PELA FARM\u00c1CIA MUNICIPAL E UNIDADES B\u00c1SICAS DE SA\u00daDE.<\/td><td class=\"column-10\">12140000 - Transf. Fundo a Fundo de Rec. do SUS provenientes do Governo Federal - Bloco de Manut. das A\u00e7\u00f5es e Servi\u00e7os P\u00fablicos de Sa\u00fade<\/td><td class=\"column-11\">1002806.6<\/td><td class=\"column-12\">70.027.479\/0001-35<\/td><td class=\"column-13\">BANDEIRANTES LABORATORIOS PROD. FARM. E HOSP. LTDA<\/td><td class=\"column-14\">RAFAEL ANDERSON DE ARA\u00daJO SILVA<\/td><td class=\"column-15\"><\/td><td class=\"column-16\"><\/td><td class=\"column-17\"><\/td><td class=\"column-18\"><\/td><td class=\"column-19\">0<\/td><td class=\"column-20\"><\/td><td class=\"column-21\">64562.66<\/td><td class=\"column-22\">18\/10\/2021<\/td><td class=\"column-23\">20\/10\/2021<\/td><td class=\"column-24\">64562.66<\/td>\n<\/tr>\n<tr class=\"row-693\">\n\t<td class=\"column-1\">60\/2021\t<\/td><td class=\"column-2\">15\/06\/2021<\/td><td class=\"column-3\">15\/06\/2021<\/td><td class=\"column-4\">15\/06\/2021 - 14\/06\/2022<\/td><td class=\"column-5\">2\/2021\t<\/td><td class=\"column-6\">Preg\u00e3o\/Ades\u00e3o<\/td><td class=\"column-7\">Menor Pre\u00e7o Por Item<\/td><td class=\"column-8\"><\/td><td class=\"column-9\">REGISTRO DE PRE\u00c7OS PARA FUTURA CONTRATA\u00c7\u00c3O DE EMPRESA PARA AQUISI\u00c7\u00c3O PARCELADA DE MEDICAMENTOS DE ORIGENS B\u00c1SICOS, INJET\u00c1VEIS, DE USO HOSPITALAR E DA ATEN\u00c7\u00c3O B\u00c1SICA PARA SUPRIR AS NECESSIDADES DA POPULA\u00c7\u00c3O DESTE MUNIC\u00cdPIO POR USU\u00c1RIOS DO SISTEMA \u00daNICO DE SA\u00daDE (SUS), ATENDIDOS PELA FARM\u00c1CIA MUNICIPAL E UNIDADES B\u00c1SICAS DE SA\u00daDE.<\/td><td class=\"column-10\">12140000 - Transf. Fundo a Fundo de Rec. do SUS provenientes do Governo Federal - Bloco de Manut. das A\u00e7\u00f5es e Servi\u00e7os P\u00fablicos de Sa\u00fade<\/td><td class=\"column-11\">1002806.6<\/td><td class=\"column-12\">70.027.479\/0001-35<\/td><td class=\"column-13\">BANDEIRANTES LABORATORIOS PROD. FARM. E HOSP. LTDA<\/td><td class=\"column-14\">RAFAEL ANDERSON DE ARA\u00daJO SILVA<\/td><td class=\"column-15\"><\/td><td class=\"column-16\"><\/td><td class=\"column-17\"><\/td><td class=\"column-18\"><\/td><td class=\"column-19\">0<\/td><td class=\"column-20\"><\/td><td class=\"column-21\">8896.6<\/td><td class=\"column-22\">21\/09\/2021<\/td><td class=\"column-23\">23\/09\/2021<\/td><td class=\"column-24\">8896.6<\/td>\n<\/tr>\n<tr class=\"row-694\">\n\t<td class=\"column-1\">60\/2021\t<\/td><td class=\"column-2\">15\/06\/2021<\/td><td class=\"column-3\">15\/06\/2021<\/td><td class=\"column-4\">15\/06\/2021 - 14\/06\/2022<\/td><td class=\"column-5\">2\/2021\t<\/td><td class=\"column-6\">Preg\u00e3o\/Ades\u00e3o<\/td><td class=\"column-7\">Menor Pre\u00e7o Por Item<\/td><td class=\"column-8\"><\/td><td class=\"column-9\">REGISTRO DE PRE\u00c7OS PARA FUTURA CONTRATA\u00c7\u00c3O DE EMPRESA PARA AQUISI\u00c7\u00c3O PARCELADA DE MEDICAMENTOS DE ORIGENS B\u00c1SICOS, INJET\u00c1VEIS, DE USO HOSPITALAR E DA ATEN\u00c7\u00c3O B\u00c1SICA PARA SUPRIR AS NECESSIDADES DA POPULA\u00c7\u00c3O DESTE MUNIC\u00cdPIO POR USU\u00c1RIOS DO SISTEMA \u00daNICO DE SA\u00daDE (SUS), ATENDIDOS PELA FARM\u00c1CIA MUNICIPAL E UNIDADES B\u00c1SICAS DE SA\u00daDE.<\/td><td class=\"column-10\">12140000 - Transf. Fundo a Fundo de Rec. do SUS provenientes do Governo Federal - Bloco de Manut. das A\u00e7\u00f5es e Servi\u00e7os P\u00fablicos de Sa\u00fade<\/td><td class=\"column-11\">1002806.6<\/td><td class=\"column-12\">70.027.479\/0001-35<\/td><td class=\"column-13\">BANDEIRANTES LABORATORIOS PROD. FARM. E HOSP. LTDA<\/td><td class=\"column-14\">RAFAEL ANDERSON DE ARA\u00daJO SILVA<\/td><td class=\"column-15\"><\/td><td class=\"column-16\"><\/td><td class=\"column-17\"><\/td><td class=\"column-18\"><\/td><td class=\"column-19\">0<\/td><td class=\"column-20\"><\/td><td class=\"column-21\">17302<\/td><td class=\"column-22\">21\/09\/2021<\/td><td class=\"column-23\">23\/09\/2021<\/td><td class=\"column-24\">17302<\/td>\n<\/tr>\n<tr class=\"row-695\">\n\t<td class=\"column-1\">60\/2021\t<\/td><td class=\"column-2\">15\/06\/2021<\/td><td class=\"column-3\">15\/06\/2021<\/td><td class=\"column-4\">15\/06\/2021 - 14\/06\/2022<\/td><td class=\"column-5\">2\/2021\t<\/td><td class=\"column-6\">Preg\u00e3o\/Ades\u00e3o<\/td><td class=\"column-7\">Menor Pre\u00e7o Por Item<\/td><td class=\"column-8\"><\/td><td class=\"column-9\">REGISTRO DE PRE\u00c7OS PARA FUTURA CONTRATA\u00c7\u00c3O DE EMPRESA PARA AQUISI\u00c7\u00c3O PARCELADA DE MEDICAMENTOS DE ORIGENS B\u00c1SICOS, INJET\u00c1VEIS, DE USO HOSPITALAR E DA ATEN\u00c7\u00c3O B\u00c1SICA PARA SUPRIR AS NECESSIDADES DA POPULA\u00c7\u00c3O DESTE MUNIC\u00cdPIO POR USU\u00c1RIOS DO SISTEMA \u00daNICO DE SA\u00daDE (SUS), ATENDIDOS PELA FARM\u00c1CIA MUNICIPAL E UNIDADES B\u00c1SICAS DE SA\u00daDE.<\/td><td class=\"column-10\">12140000 - Transf. Fundo a Fundo de Rec. do SUS provenientes do Governo Federal - Bloco de Manut. das A\u00e7\u00f5es e Servi\u00e7os P\u00fablicos de Sa\u00fade<\/td><td class=\"column-11\">1002806.6<\/td><td class=\"column-12\">70.027.479\/0001-35<\/td><td class=\"column-13\">BANDEIRANTES LABORATORIOS PROD. FARM. E HOSP. LTDA<\/td><td class=\"column-14\">RAFAEL ANDERSON DE ARA\u00daJO SILVA<\/td><td class=\"column-15\"><\/td><td class=\"column-16\"><\/td><td class=\"column-17\"><\/td><td class=\"column-18\"><\/td><td class=\"column-19\">0<\/td><td class=\"column-20\"><\/td><td class=\"column-21\">79150.1<\/td><td class=\"column-22\">21\/09\/2021<\/td><td class=\"column-23\">23\/09\/2021<\/td><td class=\"column-24\">79150.1<\/td>\n<\/tr>\n<tr class=\"row-696\">\n\t<td class=\"column-1\">61\/2021\t<\/td><td class=\"column-2\">18\/06\/2021<\/td><td class=\"column-3\">24\/06\/2021<\/td><td class=\"column-4\">18\/06\/2021 - 31\/12\/2021<\/td><td class=\"column-5\">73\/2021\t<\/td><td class=\"column-6\">Dispensa<\/td><td class=\"column-7\">Menor Pre\u00e7o Por Item<\/td><td class=\"column-8\"><\/td><td class=\"column-9\">CONTRATA\u00c7\u00c3O DE EMPRESA PARA PRESTA\u00c7\u00c3O DE SERVI\u00c7OS ESPECIALIZADOS EM APOIO ADMINISTRATIVO<\/td><td class=\"column-10\">10010000 - Recursos Ordin\u00e1rios<\/td><td class=\"column-11\">7700<\/td><td class=\"column-12\">35.284.764\/0001-30<\/td><td class=\"column-13\">DAYANE RAFAELA DE MELO FRAN\u00c7A DANTAS<\/td><td class=\"column-14\">RAFAEL ANDERSON DE ARA\u00daJO SILVA<\/td><td class=\"column-15\"><\/td><td class=\"column-16\"><\/td><td class=\"column-17\"><\/td><td class=\"column-18\"><\/td><td class=\"column-19\">0<\/td><td class=\"column-20\"><\/td><td class=\"column-21\"><\/td><td class=\"column-22\"><\/td><td class=\"column-23\"><\/td><td class=\"column-24\"><\/td>\n<\/tr>\n<tr class=\"row-697\">\n\t<td class=\"column-1\">61\/2021\t<\/td><td class=\"column-2\">18\/06\/2021<\/td><td class=\"column-3\">24\/06\/2021<\/td><td class=\"column-4\">18\/06\/2021 - 31\/12\/2021<\/td><td class=\"column-5\">73\/2021\t<\/td><td class=\"column-6\">Dispensa<\/td><td class=\"column-7\">Menor Pre\u00e7o Por Item<\/td><td class=\"column-8\"><\/td><td class=\"column-9\">CONTRATA\u00c7\u00c3O DE EMPRESA PARA PRESTA\u00c7\u00c3O DE SERVI\u00c7OS ESPECIALIZADOS EM APOIO ADMINISTRATIVO<\/td><td class=\"column-10\">10010000 - Recursos Ordin\u00e1rios<\/td><td class=\"column-11\">7700<\/td><td class=\"column-12\">35.284.764\/0001-30<\/td><td class=\"column-13\">DAYANE RAFAELA DE MELO FRAN\u00c7A DANTAS<\/td><td class=\"column-14\">RAFAEL ANDERSON DE ARA\u00daJO SILVA<\/td><td class=\"column-15\"><\/td><td class=\"column-16\"><\/td><td class=\"column-17\"><\/td><td class=\"column-18\"><\/td><td class=\"column-19\">0<\/td><td class=\"column-20\"><\/td><td class=\"column-21\">1100<\/td><td class=\"column-22\">02\/12\/2021<\/td><td class=\"column-23\">06\/12\/2021<\/td><td class=\"column-24\">1100<\/td>\n<\/tr>\n<tr class=\"row-698\">\n\t<td class=\"column-1\">61\/2021\t<\/td><td class=\"column-2\">18\/06\/2021<\/td><td class=\"column-3\">24\/06\/2021<\/td><td class=\"column-4\">18\/06\/2021 - 31\/12\/2021<\/td><td class=\"column-5\">73\/2021\t<\/td><td class=\"column-6\">Dispensa<\/td><td class=\"column-7\">Menor Pre\u00e7o Por Item<\/td><td class=\"column-8\"><\/td><td class=\"column-9\">CONTRATA\u00c7\u00c3O DE EMPRESA PARA PRESTA\u00c7\u00c3O DE SERVI\u00c7OS ESPECIALIZADOS EM APOIO ADMINISTRATIVO<\/td><td class=\"column-10\">10010000 - Recursos Ordin\u00e1rios<\/td><td class=\"column-11\">7700<\/td><td class=\"column-12\">35.284.764\/0001-30<\/td><td class=\"column-13\">DAYANE RAFAELA DE MELO FRAN\u00c7A DANTAS<\/td><td class=\"column-14\">RAFAEL ANDERSON DE ARA\u00daJO SILVA<\/td><td class=\"column-15\"><\/td><td class=\"column-16\"><\/td><td class=\"column-17\"><\/td><td class=\"column-18\"><\/td><td class=\"column-19\">0<\/td><td class=\"column-20\"><\/td><td class=\"column-21\">1100<\/td><td class=\"column-22\">04\/08\/2021<\/td><td class=\"column-23\">10\/08\/2021<\/td><td class=\"column-24\">1078<\/td>\n<\/tr>\n<tr class=\"row-699\">\n\t<td class=\"column-1\">61\/2021\t<\/td><td class=\"column-2\">18\/06\/2021<\/td><td class=\"column-3\">24\/06\/2021<\/td><td class=\"column-4\">18\/06\/2021 - 31\/12\/2021<\/td><td class=\"column-5\">73\/2021\t<\/td><td class=\"column-6\">Dispensa<\/td><td class=\"column-7\">Menor Pre\u00e7o Por Item<\/td><td class=\"column-8\"><\/td><td class=\"column-9\">CONTRATA\u00c7\u00c3O DE EMPRESA PARA PRESTA\u00c7\u00c3O DE SERVI\u00c7OS ESPECIALIZADOS EM APOIO ADMINISTRATIVO<\/td><td class=\"column-10\">10010000 - Recursos Ordin\u00e1rios<\/td><td class=\"column-11\">7700<\/td><td class=\"column-12\">35.284.764\/0001-30<\/td><td class=\"column-13\">DAYANE RAFAELA DE MELO FRAN\u00c7A DANTAS<\/td><td class=\"column-14\">RAFAEL ANDERSON DE ARA\u00daJO SILVA<\/td><td class=\"column-15\"><\/td><td class=\"column-16\"><\/td><td class=\"column-17\"><\/td><td class=\"column-18\"><\/td><td class=\"column-19\">0<\/td><td class=\"column-20\"><\/td><td class=\"column-21\">1100<\/td><td class=\"column-22\">08\/10\/2021<\/td><td class=\"column-23\">14\/10\/2021<\/td><td class=\"column-24\">1100<\/td>\n<\/tr>\n<tr class=\"row-700\">\n\t<td class=\"column-1\">61\/2021\t<\/td><td class=\"column-2\">18\/06\/2021<\/td><td class=\"column-3\">24\/06\/2021<\/td><td class=\"column-4\">18\/06\/2021 - 31\/12\/2021<\/td><td class=\"column-5\">73\/2021\t<\/td><td class=\"column-6\">Dispensa<\/td><td class=\"column-7\">Menor Pre\u00e7o Por Item<\/td><td class=\"column-8\"><\/td><td class=\"column-9\">CONTRATA\u00c7\u00c3O DE EMPRESA PARA PRESTA\u00c7\u00c3O DE SERVI\u00c7OS ESPECIALIZADOS EM APOIO ADMINISTRATIVO<\/td><td class=\"column-10\">10010000 - Recursos Ordin\u00e1rios<\/td><td class=\"column-11\">7700<\/td><td class=\"column-12\">35.284.764\/0001-30<\/td><td class=\"column-13\">DAYANE RAFAELA DE MELO FRAN\u00c7A DANTAS<\/td><td class=\"column-14\">RAFAEL ANDERSON DE ARA\u00daJO SILVA<\/td><td class=\"column-15\"><\/td><td class=\"column-16\"><\/td><td class=\"column-17\"><\/td><td class=\"column-18\"><\/td><td class=\"column-19\">0<\/td><td class=\"column-20\"><\/td><td class=\"column-21\">1100<\/td><td class=\"column-22\">27\/12\/2021<\/td><td class=\"column-23\">28\/12\/2021<\/td><td class=\"column-24\">22<\/td>\n<\/tr>\n<tr class=\"row-701\">\n\t<td class=\"column-1\">61\/2021\t<\/td><td class=\"column-2\">18\/06\/2021<\/td><td class=\"column-3\">24\/06\/2021<\/td><td class=\"column-4\">18\/06\/2021 - 31\/12\/2021<\/td><td class=\"column-5\">73\/2021\t<\/td><td class=\"column-6\">Dispensa<\/td><td class=\"column-7\">Menor Pre\u00e7o Por Item<\/td><td class=\"column-8\"><\/td><td class=\"column-9\">CONTRATA\u00c7\u00c3O DE EMPRESA PARA PRESTA\u00c7\u00c3O DE SERVI\u00c7OS ESPECIALIZADOS EM APOIO ADMINISTRATIVO<\/td><td class=\"column-10\">10010000 - Recursos Ordin\u00e1rios<\/td><td class=\"column-11\">7700<\/td><td class=\"column-12\">35.284.764\/0001-30<\/td><td class=\"column-13\">DAYANE RAFAELA DE MELO FRAN\u00c7A DANTAS<\/td><td class=\"column-14\">RAFAEL ANDERSON DE ARA\u00daJO SILVA<\/td><td class=\"column-15\"><\/td><td class=\"column-16\"><\/td><td class=\"column-17\"><\/td><td class=\"column-18\"><\/td><td class=\"column-19\">0<\/td><td class=\"column-20\"><\/td><td class=\"column-21\">1100<\/td><td class=\"column-22\">27\/12\/2021<\/td><td class=\"column-23\">28\/12\/2021<\/td><td class=\"column-24\">1078<\/td>\n<\/tr>\n<tr class=\"row-702\">\n\t<td class=\"column-1\">61\/2021\t<\/td><td class=\"column-2\">18\/06\/2021<\/td><td class=\"column-3\">24\/06\/2021<\/td><td class=\"column-4\">18\/06\/2021 - 31\/12\/2021<\/td><td class=\"column-5\">73\/2021\t<\/td><td class=\"column-6\">Dispensa<\/td><td class=\"column-7\">Menor Pre\u00e7o Por Item<\/td><td class=\"column-8\"><\/td><td class=\"column-9\">CONTRATA\u00c7\u00c3O DE EMPRESA PARA PRESTA\u00c7\u00c3O DE SERVI\u00c7OS ESPECIALIZADOS EM APOIO ADMINISTRATIVO<\/td><td class=\"column-10\">10010000 - Recursos Ordin\u00e1rios<\/td><td class=\"column-11\">7700<\/td><td class=\"column-12\">35.284.764\/0001-30<\/td><td class=\"column-13\">DAYANE RAFAELA DE MELO FRAN\u00c7A DANTAS<\/td><td class=\"column-14\">RAFAEL ANDERSON DE ARA\u00daJO SILVA<\/td><td class=\"column-15\"><\/td><td class=\"column-16\"><\/td><td class=\"column-17\"><\/td><td class=\"column-18\"><\/td><td class=\"column-19\">0<\/td><td class=\"column-20\"><\/td><td class=\"column-21\">1100<\/td><td class=\"column-22\">28\/10\/2021<\/td><td class=\"column-23\">05\/11\/2021<\/td><td class=\"column-24\">1100<\/td>\n<\/tr>\n<tr class=\"row-703\">\n\t<td class=\"column-1\">61\/2021\t<\/td><td class=\"column-2\">18\/06\/2021<\/td><td class=\"column-3\">24\/06\/2021<\/td><td class=\"column-4\">18\/06\/2021 - 31\/12\/2021<\/td><td class=\"column-5\">73\/2021\t<\/td><td class=\"column-6\">Dispensa<\/td><td class=\"column-7\">Menor Pre\u00e7o Por Item<\/td><td class=\"column-8\"><\/td><td class=\"column-9\">CONTRATA\u00c7\u00c3O DE EMPRESA PARA PRESTA\u00c7\u00c3O DE SERVI\u00c7OS ESPECIALIZADOS EM APOIO ADMINISTRATIVO<\/td><td class=\"column-10\">10010000 - Recursos Ordin\u00e1rios<\/td><td class=\"column-11\">7700<\/td><td class=\"column-12\">35.284.764\/0001-30<\/td><td class=\"column-13\">DAYANE RAFAELA DE MELO FRAN\u00c7A DANTAS<\/td><td class=\"column-14\">RAFAEL ANDERSON DE ARA\u00daJO SILVA<\/td><td class=\"column-15\"><\/td><td class=\"column-16\"><\/td><td class=\"column-17\"><\/td><td class=\"column-18\"><\/td><td class=\"column-19\">0<\/td><td class=\"column-20\"><\/td><td class=\"column-21\">1100<\/td><td class=\"column-22\">31\/08\/2021<\/td><td class=\"column-23\">10\/09\/2021<\/td><td class=\"column-24\">1100<\/td>\n<\/tr>\n<tr class=\"row-704\">\n\t<td class=\"column-1\">62\/2021\t<\/td><td class=\"column-2\">24\/06\/2021<\/td><td class=\"column-3\">25\/06\/2021<\/td><td class=\"column-4\">24\/06\/2021 - 31\/12\/2021<\/td><td class=\"column-5\">3\/2021\t<\/td><td class=\"column-6\">Preg\u00e3o\/Ades\u00e3o<\/td><td class=\"column-7\">Menor Pre\u00e7o Por Item<\/td><td class=\"column-8\"><\/td><td class=\"column-9\">AQUISI\u00c7\u00c3O DE G\u00caNEROS ALIMENT\u00cdCIOS NA FORMA DE \"KITS DE ALIMENTA\u00c7\u00c3O ESCOLAR\"<\/td><td class=\"column-10\">11220000 - Transfer\u00eancias de Recursos do FNDE Referentes ao Programa Nacional de Alimenta\u00e7\u00e3o Escolar (PNAE)<\/td><td class=\"column-11\">85350<\/td><td class=\"column-12\">17.642.145\/0001-99<\/td><td class=\"column-13\">T. P. S. DO NASCIMENTO - ME<\/td><td class=\"column-14\">RAFAEL ANDERSON DE ARA\u00daJO SILVA<\/td><td class=\"column-15\"><\/td><td class=\"column-16\"><\/td><td class=\"column-17\"><\/td><td class=\"column-18\"><\/td><td class=\"column-19\">0<\/td><td class=\"column-20\"><\/td><td class=\"column-21\"><\/td><td class=\"column-22\"><\/td><td class=\"column-23\"><\/td><td class=\"column-24\"><\/td>\n<\/tr>\n<tr class=\"row-705\">\n\t<td class=\"column-1\">62\/2021\t<\/td><td class=\"column-2\">24\/06\/2021<\/td><td class=\"column-3\">25\/06\/2021<\/td><td class=\"column-4\">24\/06\/2021 - 31\/12\/2021<\/td><td class=\"column-5\">3\/2021\t<\/td><td class=\"column-6\">Preg\u00e3o\/Ades\u00e3o<\/td><td class=\"column-7\">Menor Pre\u00e7o Por Item<\/td><td class=\"column-8\"><\/td><td class=\"column-9\">AQUISI\u00c7\u00c3O DE G\u00caNEROS ALIMENT\u00cdCIOS NA FORMA DE \"KITS DE ALIMENTA\u00c7\u00c3O ESCOLAR\"<\/td><td class=\"column-10\">11220000 - Transfer\u00eancias de Recursos do FNDE Referentes ao Programa Nacional de Alimenta\u00e7\u00e3o Escolar (PNAE)<\/td><td class=\"column-11\">85350<\/td><td class=\"column-12\">17.642.145\/0001-99<\/td><td class=\"column-13\">T. P. S. DO NASCIMENTO - ME<\/td><td class=\"column-14\">RAFAEL ANDERSON DE ARA\u00daJO SILVA<\/td><td class=\"column-15\"><\/td><td class=\"column-16\"><\/td><td class=\"column-17\"><\/td><td class=\"column-18\"><\/td><td class=\"column-19\">0<\/td><td class=\"column-20\"><\/td><td class=\"column-21\">15000<\/td><td class=\"column-22\">15\/09\/2021<\/td><td class=\"column-23\"><\/td><td class=\"column-24\"><\/td>\n<\/tr>\n<tr class=\"row-706\">\n\t<td class=\"column-1\">62\/2021\t<\/td><td class=\"column-2\">24\/06\/2021<\/td><td class=\"column-3\">25\/06\/2021<\/td><td class=\"column-4\">24\/06\/2021 - 31\/12\/2021<\/td><td class=\"column-5\">3\/2021\t<\/td><td class=\"column-6\">Preg\u00e3o\/Ades\u00e3o<\/td><td class=\"column-7\">Menor Pre\u00e7o Por Item<\/td><td class=\"column-8\"><\/td><td class=\"column-9\">AQUISI\u00c7\u00c3O DE G\u00caNEROS ALIMENT\u00cdCIOS NA FORMA DE \"KITS DE ALIMENTA\u00c7\u00c3O ESCOLAR\"<\/td><td class=\"column-10\">11220000 - Transfer\u00eancias de Recursos do FNDE Referentes ao Programa Nacional de Alimenta\u00e7\u00e3o Escolar (PNAE)<\/td><td class=\"column-11\">85350<\/td><td class=\"column-12\">17.642.145\/0001-99<\/td><td class=\"column-13\">T. P. S. DO NASCIMENTO - ME<\/td><td class=\"column-14\">RAFAEL ANDERSON DE ARA\u00daJO SILVA<\/td><td class=\"column-15\"><\/td><td class=\"column-16\"><\/td><td class=\"column-17\"><\/td><td class=\"column-18\"><\/td><td class=\"column-19\">0<\/td><td class=\"column-20\"><\/td><td class=\"column-21\">15000<\/td><td class=\"column-22\">15\/09\/2021<\/td><td class=\"column-23\">21\/09\/2021<\/td><td class=\"column-24\">15000<\/td>\n<\/tr>\n<tr class=\"row-707\">\n\t<td class=\"column-1\">62\/2021\t<\/td><td class=\"column-2\">24\/06\/2021<\/td><td class=\"column-3\">25\/06\/2021<\/td><td class=\"column-4\">24\/06\/2021 - 31\/12\/2021<\/td><td class=\"column-5\">3\/2021\t<\/td><td class=\"column-6\">Preg\u00e3o\/Ades\u00e3o<\/td><td class=\"column-7\">Menor Pre\u00e7o Por Item<\/td><td class=\"column-8\"><\/td><td class=\"column-9\">AQUISI\u00c7\u00c3O DE G\u00caNEROS ALIMENT\u00cdCIOS NA FORMA DE \"KITS DE ALIMENTA\u00c7\u00c3O ESCOLAR\"<\/td><td class=\"column-10\">11220000 - Transfer\u00eancias de Recursos do FNDE Referentes ao Programa Nacional de Alimenta\u00e7\u00e3o Escolar (PNAE)<\/td><td class=\"column-11\">85350<\/td><td class=\"column-12\">17.642.145\/0001-99<\/td><td class=\"column-13\">T. P. S. DO NASCIMENTO - ME<\/td><td class=\"column-14\">RAFAEL ANDERSON DE ARA\u00daJO SILVA<\/td><td class=\"column-15\"><\/td><td class=\"column-16\"><\/td><td class=\"column-17\"><\/td><td class=\"column-18\"><\/td><td class=\"column-19\">0<\/td><td class=\"column-20\"><\/td><td class=\"column-21\">33000<\/td><td class=\"column-22\">15\/09\/2021<\/td><td class=\"column-23\"><\/td><td class=\"column-24\"><\/td>\n<\/tr>\n<tr class=\"row-708\">\n\t<td class=\"column-1\">62\/2021\t<\/td><td class=\"column-2\">24\/06\/2021<\/td><td class=\"column-3\">25\/06\/2021<\/td><td class=\"column-4\">24\/06\/2021 - 31\/12\/2021<\/td><td class=\"column-5\">3\/2021\t<\/td><td class=\"column-6\">Preg\u00e3o\/Ades\u00e3o<\/td><td class=\"column-7\">Menor Pre\u00e7o Por Item<\/td><td class=\"column-8\"><\/td><td class=\"column-9\">AQUISI\u00c7\u00c3O DE G\u00caNEROS ALIMENT\u00cdCIOS NA FORMA DE \"KITS DE ALIMENTA\u00c7\u00c3O ESCOLAR\"<\/td><td class=\"column-10\">11220000 - Transfer\u00eancias de Recursos do FNDE Referentes ao Programa Nacional de Alimenta\u00e7\u00e3o Escolar (PNAE)<\/td><td class=\"column-11\">85350<\/td><td class=\"column-12\">17.642.145\/0001-99<\/td><td class=\"column-13\">T. P. S. DO NASCIMENTO - ME<\/td><td class=\"column-14\">RAFAEL ANDERSON DE ARA\u00daJO SILVA<\/td><td class=\"column-15\"><\/td><td class=\"column-16\"><\/td><td class=\"column-17\"><\/td><td class=\"column-18\"><\/td><td class=\"column-19\">0<\/td><td class=\"column-20\"><\/td><td class=\"column-21\">33000<\/td><td class=\"column-22\">15\/09\/2021<\/td><td class=\"column-23\">21\/09\/2021<\/td><td class=\"column-24\">33000<\/td>\n<\/tr>\n<tr class=\"row-709\">\n\t<td class=\"column-1\">62\/2021\t<\/td><td class=\"column-2\">24\/06\/2021<\/td><td class=\"column-3\">25\/06\/2021<\/td><td class=\"column-4\">24\/06\/2021 - 31\/12\/2021<\/td><td class=\"column-5\">3\/2021\t<\/td><td class=\"column-6\">Preg\u00e3o\/Ades\u00e3o<\/td><td class=\"column-7\">Menor Pre\u00e7o Por Item<\/td><td class=\"column-8\"><\/td><td class=\"column-9\">AQUISI\u00c7\u00c3O DE G\u00caNEROS ALIMENT\u00cdCIOS NA FORMA DE \"KITS DE ALIMENTA\u00c7\u00c3O ESCOLAR\"<\/td><td class=\"column-10\">11220000 - Transfer\u00eancias de Recursos do FNDE Referentes ao Programa Nacional de Alimenta\u00e7\u00e3o Escolar (PNAE)<\/td><td class=\"column-11\">85350<\/td><td class=\"column-12\">17.642.145\/0001-99<\/td><td class=\"column-13\">T. P. S. DO NASCIMENTO - ME<\/td><td class=\"column-14\">RAFAEL ANDERSON DE ARA\u00daJO SILVA<\/td><td class=\"column-15\"><\/td><td class=\"column-16\"><\/td><td class=\"column-17\"><\/td><td class=\"column-18\"><\/td><td class=\"column-19\">0<\/td><td class=\"column-20\"><\/td><td class=\"column-21\">37350<\/td><td class=\"column-22\">15\/09\/2021<\/td><td class=\"column-23\">21\/09\/2021<\/td><td class=\"column-24\">37350<\/td>\n<\/tr>\n<tr class=\"row-710\">\n\t<td class=\"column-1\">63\/2021\t<\/td><td class=\"column-2\">24\/06\/2021<\/td><td class=\"column-3\">25\/06\/2021<\/td><td class=\"column-4\">24\/06\/2021 - 31\/12\/2021<\/td><td class=\"column-5\">3\/2021\t<\/td><td class=\"column-6\">Preg\u00e3o\/Ades\u00e3o<\/td><td class=\"column-7\">Menor Pre\u00e7o Por Item<\/td><td class=\"column-8\"><\/td><td class=\"column-9\">AQUISI\u00c7\u00c3O DE G\u00caNEROS ALIMENT\u00cdCIOS NA FORMA DE \"KITS DE ALIMENTA\u00c7\u00c3O ESCOLAR\"<\/td><td class=\"column-10\">11220000 - Transfer\u00eancias de Recursos do FNDE Referentes ao Programa Nacional de Alimenta\u00e7\u00e3o Escolar (PNAE)<\/td><td class=\"column-11\">184620<\/td><td class=\"column-12\">18.096.101\/0001-73<\/td><td class=\"column-13\">A L DE MOURA SILVA - ME<\/td><td class=\"column-14\">RAFAEL ANDERSON DE ARA\u00daJO SILVA<\/td><td class=\"column-15\"><\/td><td class=\"column-16\"><\/td><td class=\"column-17\"><\/td><td class=\"column-18\"><\/td><td class=\"column-19\">0<\/td><td class=\"column-20\"><\/td><td class=\"column-21\"><\/td><td class=\"column-22\"><\/td><td class=\"column-23\"><\/td><td class=\"column-24\"><\/td>\n<\/tr>\n<tr class=\"row-711\">\n\t<td class=\"column-1\">63\/2021\t<\/td><td class=\"column-2\">24\/06\/2021<\/td><td class=\"column-3\">25\/06\/2021<\/td><td class=\"column-4\">24\/06\/2021 - 31\/12\/2021<\/td><td class=\"column-5\">3\/2021\t<\/td><td class=\"column-6\">Preg\u00e3o\/Ades\u00e3o<\/td><td class=\"column-7\">Menor Pre\u00e7o Por Item<\/td><td class=\"column-8\"><\/td><td class=\"column-9\">AQUISI\u00c7\u00c3O DE G\u00caNEROS ALIMENT\u00cdCIOS NA FORMA DE \"KITS DE ALIMENTA\u00c7\u00c3O ESCOLAR\"<\/td><td class=\"column-10\">11220000 - Transfer\u00eancias de Recursos do FNDE Referentes ao Programa Nacional de Alimenta\u00e7\u00e3o Escolar (PNAE)<\/td><td class=\"column-11\">184620<\/td><td class=\"column-12\">18.096.101\/0001-73<\/td><td class=\"column-13\">A L DE MOURA SILVA - ME<\/td><td class=\"column-14\">RAFAEL ANDERSON DE ARA\u00daJO SILVA<\/td><td class=\"column-15\"><\/td><td class=\"column-16\"><\/td><td class=\"column-17\"><\/td><td class=\"column-18\"><\/td><td class=\"column-19\">0<\/td><td class=\"column-20\"><\/td><td class=\"column-21\">84000<\/td><td class=\"column-22\">16\/07\/2021<\/td><td class=\"column-23\">19\/07\/2021<\/td><td class=\"column-24\">84000<\/td>\n<\/tr>\n<tr class=\"row-712\">\n\t<td class=\"column-1\">64\/2021\t<\/td><td class=\"column-2\">28\/06\/2021<\/td><td class=\"column-3\">29\/06\/2021<\/td><td class=\"column-4\">28\/06\/2021 - 27\/09\/2021<\/td><td class=\"column-5\">74\/2021\t<\/td><td class=\"column-6\">Dispensa<\/td><td class=\"column-7\">Menor Pre\u00e7o Por Item<\/td><td class=\"column-8\"><\/td><td class=\"column-9\">CONTRATA\u00c7\u00c3O DE EMPRESA PARA A PRESTA\u00c7\u00c3O DE SERVI\u00c7O DE IMPLANTA\u00c7\u00c3O E ASSESSORIA DE UM PROGRAMA DE COLETA SELETIVA NO MUNIC\u00cdPIO DE LAJES\/RN<\/td><td class=\"column-10\">10010000 - Recursos Ordin\u00e1rios<\/td><td class=\"column-11\">17280<\/td><td class=\"column-12\">41.571.731\/0001-74<\/td><td class=\"column-13\">BIOMA SOLUCOES AMBIENTAIS LTDA<\/td><td class=\"column-14\">RAFAEL ANDERSON DE ARA\u00daJO SILVA<\/td><td class=\"column-15\"><\/td><td class=\"column-16\"><\/td><td class=\"column-17\"><\/td><td class=\"column-18\"><\/td><td class=\"column-19\">0<\/td><td class=\"column-20\"><\/td><td class=\"column-21\"><\/td><td class=\"column-22\"><\/td><td class=\"column-23\"><\/td><td class=\"column-24\"><\/td>\n<\/tr>\n<tr class=\"row-713\">\n\t<td class=\"column-1\">64\/2021\t<\/td><td class=\"column-2\">28\/06\/2021<\/td><td class=\"column-3\">29\/06\/2021<\/td><td class=\"column-4\">28\/06\/2021 - 27\/09\/2021<\/td><td class=\"column-5\">74\/2021\t<\/td><td class=\"column-6\">Dispensa<\/td><td class=\"column-7\">Menor Pre\u00e7o Por Item<\/td><td class=\"column-8\"><\/td><td class=\"column-9\">CONTRATA\u00c7\u00c3O DE EMPRESA PARA A PRESTA\u00c7\u00c3O DE SERVI\u00c7O DE IMPLANTA\u00c7\u00c3O E ASSESSORIA DE UM PROGRAMA DE COLETA SELETIVA NO MUNIC\u00cdPIO DE LAJES\/RN<\/td><td class=\"column-10\">10010000 - Recursos Ordin\u00e1rios<\/td><td class=\"column-11\">17280<\/td><td class=\"column-12\">41.571.731\/0001-74<\/td><td class=\"column-13\">BIOMA SOLUCOES AMBIENTAIS LTDA<\/td><td class=\"column-14\">RAFAEL ANDERSON DE ARA\u00daJO SILVA<\/td><td class=\"column-15\"><\/td><td class=\"column-16\"><\/td><td class=\"column-17\"><\/td><td class=\"column-18\"><\/td><td class=\"column-19\">0<\/td><td class=\"column-20\"><\/td><td class=\"column-21\">13824<\/td><td class=\"column-22\">17\/08\/2021<\/td><td class=\"column-23\">23\/08\/2021<\/td><td class=\"column-24\">13824<\/td>\n<\/tr>\n<tr class=\"row-714\">\n\t<td class=\"column-1\">64\/2021\t<\/td><td class=\"column-2\">28\/06\/2021<\/td><td class=\"column-3\">29\/06\/2021<\/td><td class=\"column-4\">28\/06\/2021 - 27\/09\/2021<\/td><td class=\"column-5\">74\/2021\t<\/td><td class=\"column-6\">Dispensa<\/td><td class=\"column-7\">Menor Pre\u00e7o Por Item<\/td><td class=\"column-8\"><\/td><td class=\"column-9\">CONTRATA\u00c7\u00c3O DE EMPRESA PARA A PRESTA\u00c7\u00c3O DE SERVI\u00c7O DE IMPLANTA\u00c7\u00c3O E ASSESSORIA DE UM PROGRAMA DE COLETA SELETIVA NO MUNIC\u00cdPIO DE LAJES\/RN<\/td><td class=\"column-10\">10010000 - Recursos Ordin\u00e1rios<\/td><td class=\"column-11\">17280<\/td><td class=\"column-12\">41.571.731\/0001-74<\/td><td class=\"column-13\">BIOMA SOLUCOES AMBIENTAIS LTDA<\/td><td class=\"column-14\">RAFAEL ANDERSON DE ARA\u00daJO SILVA<\/td><td class=\"column-15\"><\/td><td class=\"column-16\"><\/td><td class=\"column-17\"><\/td><td class=\"column-18\"><\/td><td class=\"column-19\">0<\/td><td class=\"column-20\"><\/td><td class=\"column-21\">3456<\/td><td class=\"column-22\">30\/09\/2021<\/td><td class=\"column-23\">06\/10\/2021<\/td><td class=\"column-24\">3456<\/td>\n<\/tr>\n<tr class=\"row-715\">\n\t<td class=\"column-1\">65\/2021\t<\/td><td class=\"column-2\">28\/06\/2021<\/td><td class=\"column-3\">29\/06\/2021<\/td><td class=\"column-4\">28\/06\/2021 - 27\/09\/2021<\/td><td class=\"column-5\">75\/2021\t<\/td><td class=\"column-6\">Dispensa<\/td><td class=\"column-7\">Menor Pre\u00e7o Por Item<\/td><td class=\"column-8\"><\/td><td class=\"column-9\">CONTRATA\u00c7\u00c3O DE EMPRESA ESPECIALIZADA PARA A ELABORA\u00c7\u00c3O DE PROJETO DE EDUCA\u00c7\u00c3O EM SA\u00daDE AMBIENTAL<\/td><td class=\"column-10\">11110000 - Receitas de Impostos e de Transfer\u00eancia de Impostos - Educa\u00e7\u00e3o<\/td><td class=\"column-11\">17500<\/td><td class=\"column-12\">41.571.731\/0001-74<\/td><td class=\"column-13\">BIOMA SOLUCOES AMBIENTAIS LTDA<\/td><td class=\"column-14\">RAFAEL ANDERSON DE ARA\u00daJO SILVA<\/td><td class=\"column-15\"><\/td><td class=\"column-16\"><\/td><td class=\"column-17\"><\/td><td class=\"column-18\"><\/td><td class=\"column-19\">0<\/td><td class=\"column-20\"><\/td><td class=\"column-21\"><\/td><td class=\"column-22\"><\/td><td class=\"column-23\"><\/td><td class=\"column-24\"><\/td>\n<\/tr>\n<tr class=\"row-716\">\n\t<td class=\"column-1\">65\/2021\t<\/td><td class=\"column-2\">28\/06\/2021<\/td><td class=\"column-3\">29\/06\/2021<\/td><td class=\"column-4\">28\/06\/2021 - 27\/09\/2021<\/td><td class=\"column-5\">75\/2021\t<\/td><td class=\"column-6\">Dispensa<\/td><td class=\"column-7\">Menor Pre\u00e7o Por Item<\/td><td class=\"column-8\"><\/td><td class=\"column-9\">CONTRATA\u00c7\u00c3O DE EMPRESA ESPECIALIZADA PARA A ELABORA\u00c7\u00c3O DE PROJETO DE EDUCA\u00c7\u00c3O EM SA\u00daDE AMBIENTAL<\/td><td class=\"column-10\">11110000 - Receitas de Impostos e de Transfer\u00eancia de Impostos - Educa\u00e7\u00e3o<\/td><td class=\"column-11\">17500<\/td><td class=\"column-12\">41.571.731\/0001-74<\/td><td class=\"column-13\">BIOMA SOLUCOES AMBIENTAIS LTDA<\/td><td class=\"column-14\">RAFAEL ANDERSON DE ARA\u00daJO SILVA<\/td><td class=\"column-15\"><\/td><td class=\"column-16\"><\/td><td class=\"column-17\"><\/td><td class=\"column-18\"><\/td><td class=\"column-19\">0<\/td><td class=\"column-20\"><\/td><td class=\"column-21\">7000<\/td><td class=\"column-22\">01\/10\/2021<\/td><td class=\"column-23\">15\/10\/2021<\/td><td class=\"column-24\">7000<\/td>\n<\/tr>\n<tr class=\"row-717\">\n\t<td class=\"column-1\">65\/2021\t<\/td><td class=\"column-2\">28\/06\/2021<\/td><td class=\"column-3\">29\/06\/2021<\/td><td class=\"column-4\">28\/06\/2021 - 27\/09\/2021<\/td><td class=\"column-5\">75\/2021\t<\/td><td class=\"column-6\">Dispensa<\/td><td class=\"column-7\">Menor Pre\u00e7o Por Item<\/td><td class=\"column-8\"><\/td><td class=\"column-9\">CONTRATA\u00c7\u00c3O DE EMPRESA ESPECIALIZADA PARA A ELABORA\u00c7\u00c3O DE PROJETO DE EDUCA\u00c7\u00c3O EM SA\u00daDE AMBIENTAL<\/td><td class=\"column-10\">11110000 - Receitas de Impostos e de Transfer\u00eancia de Impostos - Educa\u00e7\u00e3o<\/td><td class=\"column-11\">17500<\/td><td class=\"column-12\">41.571.731\/0001-74<\/td><td class=\"column-13\">BIOMA SOLUCOES AMBIENTAIS LTDA<\/td><td class=\"column-14\">RAFAEL ANDERSON DE ARA\u00daJO SILVA<\/td><td class=\"column-15\"><\/td><td class=\"column-16\"><\/td><td class=\"column-17\"><\/td><td class=\"column-18\"><\/td><td class=\"column-19\">0<\/td><td class=\"column-20\"><\/td><td class=\"column-21\">10500<\/td><td class=\"column-22\">14\/12\/2021<\/td><td class=\"column-23\">14\/12\/2021<\/td><td class=\"column-24\">10500<\/td>\n<\/tr>\n<tr class=\"row-718\">\n\t<td class=\"column-1\">66\/2021\t<\/td><td class=\"column-2\">28\/06\/2021<\/td><td class=\"column-3\">01\/07\/2021<\/td><td class=\"column-4\">28\/06\/2021 - 27\/06\/2022<\/td><td class=\"column-5\">4\/2021\t<\/td><td class=\"column-6\">Preg\u00e3o\/Ades\u00e3o<\/td><td class=\"column-7\">Menor Pre\u00e7o Por Item<\/td><td class=\"column-8\"><\/td><td class=\"column-9\">REGISTRO DE PRE\u00c7OS PARA FUTURA CONTRATA\u00c7\u00c3O DE EMPRESA PARA AQUISI\u00c7\u00c3O PARCELADA DE MATERIAL M\u00c9DICO HOSPITALAR PARA SUPRIR AS NECESSIDADES DA POPULA\u00c7\u00c3O DESTE MUNIC\u00cdPIO POR USU\u00c1RIOS DO SISTEMA \u00daNICO DE SA\u00daDE (SUS), ATENDIDOS PELAS UNIDADES B\u00c1SICAS DE SA\u00daDE.<\/td><td class=\"column-10\">12140000 - Transf. Fundo a Fundo de Rec. do SUS provenientes do Governo Federal - Bloco de Manut. das A\u00e7\u00f5es e Servi\u00e7os P\u00fablicos de Sa\u00fade<\/td><td class=\"column-11\">495122.3<\/td><td class=\"column-12\">70.027.479\/0001-35<\/td><td class=\"column-13\">BANDEIRANTES LABORATORIOS PROD. FARM. E HOSP. LTDA<\/td><td class=\"column-14\">RAFAEL ANDERSON DE ARA\u00daJO SILVA<\/td><td class=\"column-15\"><\/td><td class=\"column-16\"><\/td><td class=\"column-17\"><\/td><td class=\"column-18\"><\/td><td class=\"column-19\">0<\/td><td class=\"column-20\"><\/td><td class=\"column-21\"><\/td><td class=\"column-22\"><\/td><td class=\"column-23\"><\/td><td class=\"column-24\"><\/td>\n<\/tr>\n<tr class=\"row-719\">\n\t<td class=\"column-1\">66\/2021\t<\/td><td class=\"column-2\">28\/06\/2021<\/td><td class=\"column-3\">01\/07\/2021<\/td><td class=\"column-4\">28\/06\/2021 - 27\/06\/2022<\/td><td class=\"column-5\">4\/2021\t<\/td><td class=\"column-6\">Preg\u00e3o\/Ades\u00e3o<\/td><td class=\"column-7\">Menor Pre\u00e7o Por Item<\/td><td class=\"column-8\"><\/td><td class=\"column-9\">REGISTRO DE PRE\u00c7OS PARA FUTURA CONTRATA\u00c7\u00c3O DE EMPRESA PARA AQUISI\u00c7\u00c3O PARCELADA DE MATERIAL M\u00c9DICO HOSPITALAR PARA SUPRIR AS NECESSIDADES DA POPULA\u00c7\u00c3O DESTE MUNIC\u00cdPIO POR USU\u00c1RIOS DO SISTEMA \u00daNICO DE SA\u00daDE (SUS), ATENDIDOS PELAS UNIDADES B\u00c1SICAS DE SA\u00daDE.<\/td><td class=\"column-10\">12140000 - Transf. Fundo a Fundo de Rec. do SUS provenientes do Governo Federal - Bloco de Manut. das A\u00e7\u00f5es e Servi\u00e7os P\u00fablicos de Sa\u00fade<\/td><td class=\"column-11\">495122.3<\/td><td class=\"column-12\">70.027.479\/0001-35<\/td><td class=\"column-13\">BANDEIRANTES LABORATORIOS PROD. FARM. E HOSP. LTDA<\/td><td class=\"column-14\">RAFAEL ANDERSON DE ARA\u00daJO SILVA<\/td><td class=\"column-15\"><\/td><td class=\"column-16\"><\/td><td class=\"column-17\"><\/td><td class=\"column-18\"><\/td><td class=\"column-19\">0<\/td><td class=\"column-20\"><\/td><td class=\"column-21\">32202.65<\/td><td class=\"column-22\">15\/09\/2021<\/td><td class=\"column-23\">17\/09\/2021<\/td><td class=\"column-24\">32202.65<\/td>\n<\/tr>\n<tr class=\"row-720\">\n\t<td class=\"column-1\">66\/2021\t<\/td><td class=\"column-2\">28\/06\/2021<\/td><td class=\"column-3\">01\/07\/2021<\/td><td class=\"column-4\">28\/06\/2021 - 27\/06\/2022<\/td><td class=\"column-5\">4\/2021\t<\/td><td class=\"column-6\">Preg\u00e3o\/Ades\u00e3o<\/td><td class=\"column-7\">Menor Pre\u00e7o Por Item<\/td><td class=\"column-8\"><\/td><td class=\"column-9\">REGISTRO DE PRE\u00c7OS PARA FUTURA CONTRATA\u00c7\u00c3O DE EMPRESA PARA AQUISI\u00c7\u00c3O PARCELADA DE MATERIAL M\u00c9DICO HOSPITALAR PARA SUPRIR AS NECESSIDADES DA POPULA\u00c7\u00c3O DESTE MUNIC\u00cdPIO POR USU\u00c1RIOS DO SISTEMA \u00daNICO DE SA\u00daDE (SUS), ATENDIDOS PELAS UNIDADES B\u00c1SICAS DE SA\u00daDE.<\/td><td class=\"column-10\">12140000 - Transf. Fundo a Fundo de Rec. do SUS provenientes do Governo Federal - Bloco de Manut. das A\u00e7\u00f5es e Servi\u00e7os P\u00fablicos de Sa\u00fade<\/td><td class=\"column-11\">495122.3<\/td><td class=\"column-12\">70.027.479\/0001-35<\/td><td class=\"column-13\">BANDEIRANTES LABORATORIOS PROD. FARM. E HOSP. LTDA<\/td><td class=\"column-14\">RAFAEL ANDERSON DE ARA\u00daJO SILVA<\/td><td class=\"column-15\"><\/td><td class=\"column-16\"><\/td><td class=\"column-17\"><\/td><td class=\"column-18\"><\/td><td class=\"column-19\">0<\/td><td class=\"column-20\"><\/td><td class=\"column-21\">50995.84<\/td><td class=\"column-22\">15\/09\/2021<\/td><td class=\"column-23\">17\/09\/2021<\/td><td class=\"column-24\">50995.84<\/td>\n<\/tr>\n<tr class=\"row-721\">\n\t<td class=\"column-1\">66\/2021\t<\/td><td class=\"column-2\">28\/06\/2021<\/td><td class=\"column-3\">01\/07\/2021<\/td><td class=\"column-4\">28\/06\/2021 - 27\/06\/2022<\/td><td class=\"column-5\">4\/2021\t<\/td><td class=\"column-6\">Preg\u00e3o\/Ades\u00e3o<\/td><td class=\"column-7\">Menor Pre\u00e7o Por Item<\/td><td class=\"column-8\"><\/td><td class=\"column-9\">REGISTRO DE PRE\u00c7OS PARA FUTURA CONTRATA\u00c7\u00c3O DE EMPRESA PARA AQUISI\u00c7\u00c3O PARCELADA DE MATERIAL M\u00c9DICO HOSPITALAR PARA SUPRIR AS NECESSIDADES DA POPULA\u00c7\u00c3O DESTE MUNIC\u00cdPIO POR USU\u00c1RIOS DO SISTEMA \u00daNICO DE SA\u00daDE (SUS), ATENDIDOS PELAS UNIDADES B\u00c1SICAS DE SA\u00daDE.<\/td><td class=\"column-10\">12140000 - Transf. Fundo a Fundo de Rec. do SUS provenientes do Governo Federal - Bloco de Manut. das A\u00e7\u00f5es e Servi\u00e7os P\u00fablicos de Sa\u00fade<\/td><td class=\"column-11\">495122.3<\/td><td class=\"column-12\">70.027.479\/0001-35<\/td><td class=\"column-13\">BANDEIRANTES LABORATORIOS PROD. FARM. E HOSP. LTDA<\/td><td class=\"column-14\">RAFAEL ANDERSON DE ARA\u00daJO SILVA<\/td><td class=\"column-15\"><\/td><td class=\"column-16\"><\/td><td class=\"column-17\"><\/td><td class=\"column-18\"><\/td><td class=\"column-19\">0<\/td><td class=\"column-20\"><\/td><td class=\"column-21\">11424.92<\/td><td class=\"column-22\">15\/10\/2021<\/td><td class=\"column-23\">18\/10\/2021<\/td><td class=\"column-24\">11424.92<\/td>\n<\/tr>\n<tr class=\"row-722\">\n\t<td class=\"column-1\">66\/2021\t<\/td><td class=\"column-2\">28\/06\/2021<\/td><td class=\"column-3\">01\/07\/2021<\/td><td class=\"column-4\">28\/06\/2021 - 27\/06\/2022<\/td><td class=\"column-5\">4\/2021\t<\/td><td class=\"column-6\">Preg\u00e3o\/Ades\u00e3o<\/td><td class=\"column-7\">Menor Pre\u00e7o Por Item<\/td><td class=\"column-8\"><\/td><td class=\"column-9\">REGISTRO DE PRE\u00c7OS PARA FUTURA CONTRATA\u00c7\u00c3O DE EMPRESA PARA AQUISI\u00c7\u00c3O PARCELADA DE MATERIAL M\u00c9DICO HOSPITALAR PARA SUPRIR AS NECESSIDADES DA POPULA\u00c7\u00c3O DESTE MUNIC\u00cdPIO POR USU\u00c1RIOS DO SISTEMA \u00daNICO DE SA\u00daDE (SUS), ATENDIDOS PELAS UNIDADES B\u00c1SICAS DE SA\u00daDE.<\/td><td class=\"column-10\">12140000 - Transf. Fundo a Fundo de Rec. do SUS provenientes do Governo Federal - Bloco de Manut. das A\u00e7\u00f5es e Servi\u00e7os P\u00fablicos de Sa\u00fade<\/td><td class=\"column-11\">495122.3<\/td><td class=\"column-12\">70.027.479\/0001-35<\/td><td class=\"column-13\">BANDEIRANTES LABORATORIOS PROD. FARM. E HOSP. LTDA<\/td><td class=\"column-14\">RAFAEL ANDERSON DE ARA\u00daJO SILVA<\/td><td class=\"column-15\"><\/td><td class=\"column-16\"><\/td><td class=\"column-17\"><\/td><td class=\"column-18\"><\/td><td class=\"column-19\">0<\/td><td class=\"column-20\"><\/td><td class=\"column-21\">37550.97<\/td><td class=\"column-22\">17\/11\/2021<\/td><td class=\"column-23\">19\/11\/2021<\/td><td class=\"column-24\">37550.97<\/td>\n<\/tr>\n<tr class=\"row-723\">\n\t<td class=\"column-1\">66\/2021\t<\/td><td class=\"column-2\">28\/06\/2021<\/td><td class=\"column-3\">01\/07\/2021<\/td><td class=\"column-4\">28\/06\/2021 - 27\/06\/2022<\/td><td class=\"column-5\">4\/2021\t<\/td><td class=\"column-6\">Preg\u00e3o\/Ades\u00e3o<\/td><td class=\"column-7\">Menor Pre\u00e7o Por Item<\/td><td class=\"column-8\"><\/td><td class=\"column-9\">REGISTRO DE PRE\u00c7OS PARA FUTURA CONTRATA\u00c7\u00c3O DE EMPRESA PARA AQUISI\u00c7\u00c3O PARCELADA DE MATERIAL M\u00c9DICO HOSPITALAR PARA SUPRIR AS NECESSIDADES DA POPULA\u00c7\u00c3O DESTE MUNIC\u00cdPIO POR USU\u00c1RIOS DO SISTEMA \u00daNICO DE SA\u00daDE (SUS), ATENDIDOS PELAS UNIDADES B\u00c1SICAS DE SA\u00daDE.<\/td><td class=\"column-10\">12140000 - Transf. Fundo a Fundo de Rec. do SUS provenientes do Governo Federal - Bloco de Manut. das A\u00e7\u00f5es e Servi\u00e7os P\u00fablicos de Sa\u00fade<\/td><td class=\"column-11\">495122.3<\/td><td class=\"column-12\">70.027.479\/0001-35<\/td><td class=\"column-13\">BANDEIRANTES LABORATORIOS PROD. FARM. E HOSP. LTDA<\/td><td class=\"column-14\">RAFAEL ANDERSON DE ARA\u00daJO SILVA<\/td><td class=\"column-15\"><\/td><td class=\"column-16\"><\/td><td class=\"column-17\"><\/td><td class=\"column-18\"><\/td><td class=\"column-19\">0<\/td><td class=\"column-20\"><\/td><td class=\"column-21\">50023.64<\/td><td class=\"column-22\">17\/12\/2021<\/td><td class=\"column-23\">20\/12\/2021<\/td><td class=\"column-24\">50023.64<\/td>\n<\/tr>\n<tr class=\"row-724\">\n\t<td class=\"column-1\">66\/2021\t<\/td><td class=\"column-2\">28\/06\/2021<\/td><td class=\"column-3\">01\/07\/2021<\/td><td class=\"column-4\">28\/06\/2021 - 27\/06\/2022<\/td><td class=\"column-5\">4\/2021\t<\/td><td class=\"column-6\">Preg\u00e3o\/Ades\u00e3o<\/td><td class=\"column-7\">Menor Pre\u00e7o Por Item<\/td><td class=\"column-8\"><\/td><td class=\"column-9\">REGISTRO DE PRE\u00c7OS PARA FUTURA CONTRATA\u00c7\u00c3O DE EMPRESA PARA AQUISI\u00c7\u00c3O PARCELADA DE MATERIAL M\u00c9DICO HOSPITALAR PARA SUPRIR AS NECESSIDADES DA POPULA\u00c7\u00c3O DESTE MUNIC\u00cdPIO POR USU\u00c1RIOS DO SISTEMA \u00daNICO DE SA\u00daDE (SUS), ATENDIDOS PELAS UNIDADES B\u00c1SICAS DE SA\u00daDE.<\/td><td class=\"column-10\">12140000 - Transf. Fundo a Fundo de Rec. do SUS provenientes do Governo Federal - Bloco de Manut. das A\u00e7\u00f5es e Servi\u00e7os P\u00fablicos de Sa\u00fade<\/td><td class=\"column-11\">495122.3<\/td><td class=\"column-12\">70.027.479\/0001-35<\/td><td class=\"column-13\">BANDEIRANTES LABORATORIOS PROD. FARM. E HOSP. LTDA<\/td><td class=\"column-14\">RAFAEL ANDERSON DE ARA\u00daJO SILVA<\/td><td class=\"column-15\"><\/td><td class=\"column-16\"><\/td><td class=\"column-17\"><\/td><td class=\"column-18\"><\/td><td class=\"column-19\">0<\/td><td class=\"column-20\"><\/td><td class=\"column-21\">27252.56<\/td><td class=\"column-22\">18\/10\/2021<\/td><td class=\"column-23\">20\/10\/2021<\/td><td class=\"column-24\">27252.56<\/td>\n<\/tr>\n<tr class=\"row-725\">\n\t<td class=\"column-1\">66\/2021\t<\/td><td class=\"column-2\">28\/06\/2021<\/td><td class=\"column-3\">01\/07\/2021<\/td><td class=\"column-4\">28\/06\/2021 - 27\/06\/2022<\/td><td class=\"column-5\">4\/2021\t<\/td><td class=\"column-6\">Preg\u00e3o\/Ades\u00e3o<\/td><td class=\"column-7\">Menor Pre\u00e7o Por Item<\/td><td class=\"column-8\"><\/td><td class=\"column-9\">REGISTRO DE PRE\u00c7OS PARA FUTURA CONTRATA\u00c7\u00c3O DE EMPRESA PARA AQUISI\u00c7\u00c3O PARCELADA DE MATERIAL M\u00c9DICO HOSPITALAR PARA SUPRIR AS NECESSIDADES DA POPULA\u00c7\u00c3O DESTE MUNIC\u00cdPIO POR USU\u00c1RIOS DO SISTEMA \u00daNICO DE SA\u00daDE (SUS), ATENDIDOS PELAS UNIDADES B\u00c1SICAS DE SA\u00daDE.<\/td><td class=\"column-10\">12140000 - Transf. Fundo a Fundo de Rec. do SUS provenientes do Governo Federal - Bloco de Manut. das A\u00e7\u00f5es e Servi\u00e7os P\u00fablicos de Sa\u00fade<\/td><td class=\"column-11\">495122.3<\/td><td class=\"column-12\">70.027.479\/0001-35<\/td><td class=\"column-13\">BANDEIRANTES LABORATORIOS PROD. FARM. E HOSP. LTDA<\/td><td class=\"column-14\">RAFAEL ANDERSON DE ARA\u00daJO SILVA<\/td><td class=\"column-15\"><\/td><td class=\"column-16\"><\/td><td class=\"column-17\"><\/td><td class=\"column-18\"><\/td><td class=\"column-19\">0<\/td><td class=\"column-20\"><\/td><td class=\"column-21\">3561.93<\/td><td class=\"column-22\">29\/11\/2021<\/td><td class=\"column-23\">06\/12\/2021<\/td><td class=\"column-24\">3561.93<\/td>\n<\/tr>\n<tr class=\"row-726\">\n\t<td class=\"column-1\">67\/2021\t<\/td><td class=\"column-2\">13\/07\/2021<\/td><td class=\"column-3\">20\/07\/2021<\/td><td class=\"column-4\">13\/07\/2021 - 13\/09\/2021<\/td><td class=\"column-5\">1\/2021\t<\/td><td class=\"column-6\">Tomada de Pre\u00e7o<\/td><td class=\"column-7\">Empreitada Global<\/td><td class=\"column-8\"><\/td><td class=\"column-9\">CONTRATA\u00c7\u00c3O DE EMPRESA ESPECIALIZADA EM SERVI\u00c7OS DE ENGENHARIA PARA CONSTRU\u00c7\u00c3O DE UM SISTEMA DE DRENAGEM NA RUA DAS AMETISTAS, BOSQUE DAS PEDRAS NO MUNIC\u00cdPIO DE LAJES\/RN DE ACORDO COM O PROJETO B\u00c1SICO EM ANEXO.<\/td><td class=\"column-10\"><\/td><td class=\"column-11\">31824.88<\/td><td class=\"column-12\">16.882.115\/0001-97<\/td><td class=\"column-13\">ALVES E AQUINO SERVICOS ESPECIALIZADOS LTDA<\/td><td class=\"column-14\">RAFAEL ANDERSON DE ARA\u00daJO SILVA<\/td><td class=\"column-15\"><\/td><td class=\"column-16\"><\/td><td class=\"column-17\"><\/td><td class=\"column-18\"><\/td><td class=\"column-19\">0<\/td><td class=\"column-20\"><\/td><td class=\"column-21\"><\/td><td class=\"column-22\"><\/td><td class=\"column-23\"><\/td><td class=\"column-24\"><\/td>\n<\/tr>\n<tr class=\"row-727\">\n\t<td class=\"column-1\">68\/2021\t<\/td><td class=\"column-2\">26\/07\/2021<\/td><td class=\"column-3\">29\/07\/2021<\/td><td class=\"column-4\">26\/07\/2021 - 31\/12\/2021<\/td><td class=\"column-5\">77\/2021\t<\/td><td class=\"column-6\">Dispensa<\/td><td class=\"column-7\">Menor Pre\u00e7o Por Item<\/td><td class=\"column-8\"><\/td><td class=\"column-9\">CONTRATA\u00c7\u00c3O DE EMPRESA PARA PRESTA\u00c7\u00c3O DE SERVI\u00c7O DE \u00c1GUA MINERAL (TIPO GARRAF\u00c3O DE 20 (VINTE) LITROS)<\/td><td class=\"column-10\">10010000 - Recursos Ordin\u00e1rios<\/td><td class=\"column-11\">17287.4<\/td><td class=\"column-12\">12.257.055\/0001-60<\/td><td class=\"column-13\">LUCIA DE FATIMA PEREIRA SILVA 46626050400<\/td><td class=\"column-14\">RAFAEL ANDERSON DE ARA\u00daJO SILVA<\/td><td class=\"column-15\"><\/td><td class=\"column-16\"><\/td><td class=\"column-17\"><\/td><td class=\"column-18\"><\/td><td class=\"column-19\">0<\/td><td class=\"column-20\"><\/td><td class=\"column-21\"><\/td><td class=\"column-22\"><\/td><td class=\"column-23\"><\/td><td class=\"column-24\"><\/td>\n<\/tr>\n<tr class=\"row-728\">\n\t<td class=\"column-1\">68\/2021\t<\/td><td class=\"column-2\">26\/07\/2021<\/td><td class=\"column-3\">29\/07\/2021<\/td><td class=\"column-4\">26\/07\/2021 - 31\/12\/2021<\/td><td class=\"column-5\">77\/2021\t<\/td><td class=\"column-6\">Dispensa<\/td><td class=\"column-7\">Menor Pre\u00e7o Por Item<\/td><td class=\"column-8\"><\/td><td class=\"column-9\">CONTRATA\u00c7\u00c3O DE EMPRESA PARA PRESTA\u00c7\u00c3O DE SERVI\u00c7O DE \u00c1GUA MINERAL (TIPO GARRAF\u00c3O DE 20 (VINTE) LITROS)<\/td><td class=\"column-10\">10010000 - Recursos Ordin\u00e1rios<\/td><td class=\"column-11\">17287.4<\/td><td class=\"column-12\">12.257.055\/0001-60<\/td><td class=\"column-13\">LUCIA DE FATIMA PEREIRA SILVA 46626050400<\/td><td class=\"column-14\">RAFAEL ANDERSON DE ARA\u00daJO SILVA<\/td><td class=\"column-15\"><\/td><td class=\"column-16\"><\/td><td class=\"column-17\"><\/td><td class=\"column-18\"><\/td><td class=\"column-19\">0<\/td><td class=\"column-20\"><\/td><td class=\"column-21\">207.4<\/td><td class=\"column-22\">14\/09\/2021<\/td><td class=\"column-23\">15\/09\/2021<\/td><td class=\"column-24\">207.4<\/td>\n<\/tr>\n<tr class=\"row-729\">\n\t<td class=\"column-1\">68\/2021\t<\/td><td class=\"column-2\">26\/07\/2021<\/td><td class=\"column-3\">29\/07\/2021<\/td><td class=\"column-4\">26\/07\/2021 - 31\/12\/2021<\/td><td class=\"column-5\">77\/2021\t<\/td><td class=\"column-6\">Dispensa<\/td><td class=\"column-7\">Menor Pre\u00e7o Por Item<\/td><td class=\"column-8\"><\/td><td class=\"column-9\">CONTRATA\u00c7\u00c3O DE EMPRESA PARA PRESTA\u00c7\u00c3O DE SERVI\u00c7O DE \u00c1GUA MINERAL (TIPO GARRAF\u00c3O DE 20 (VINTE) LITROS)<\/td><td class=\"column-10\">10010000 - Recursos Ordin\u00e1rios<\/td><td class=\"column-11\">17287.4<\/td><td class=\"column-12\">12.257.055\/0001-60<\/td><td class=\"column-13\">LUCIA DE FATIMA PEREIRA SILVA 46626050400<\/td><td class=\"column-14\">RAFAEL ANDERSON DE ARA\u00daJO SILVA<\/td><td class=\"column-15\"><\/td><td class=\"column-16\"><\/td><td class=\"column-17\"><\/td><td class=\"column-18\"><\/td><td class=\"column-19\">0<\/td><td class=\"column-20\"><\/td><td class=\"column-21\">341.6<\/td><td class=\"column-22\">14\/09\/2021<\/td><td class=\"column-23\">15\/09\/2021<\/td><td class=\"column-24\">341.6<\/td>\n<\/tr>\n<tr class=\"row-730\">\n\t<td class=\"column-1\">68\/2021\t<\/td><td class=\"column-2\">26\/07\/2021<\/td><td class=\"column-3\">29\/07\/2021<\/td><td class=\"column-4\">26\/07\/2021 - 31\/12\/2021<\/td><td class=\"column-5\">77\/2021\t<\/td><td class=\"column-6\">Dispensa<\/td><td class=\"column-7\">Menor Pre\u00e7o Por Item<\/td><td class=\"column-8\"><\/td><td class=\"column-9\">CONTRATA\u00c7\u00c3O DE EMPRESA PARA PRESTA\u00c7\u00c3O DE SERVI\u00c7O DE \u00c1GUA MINERAL (TIPO GARRAF\u00c3O DE 20 (VINTE) LITROS)<\/td><td class=\"column-10\">10010000 - Recursos Ordin\u00e1rios<\/td><td class=\"column-11\">17287.4<\/td><td class=\"column-12\">12.257.055\/0001-60<\/td><td class=\"column-13\">LUCIA DE FATIMA PEREIRA SILVA 46626050400<\/td><td class=\"column-14\">RAFAEL ANDERSON DE ARA\u00daJO SILVA<\/td><td class=\"column-15\"><\/td><td class=\"column-16\"><\/td><td class=\"column-17\"><\/td><td class=\"column-18\"><\/td><td class=\"column-19\">0<\/td><td class=\"column-20\"><\/td><td class=\"column-21\">445.3<\/td><td class=\"column-22\">14\/09\/2021<\/td><td class=\"column-23\">15\/09\/2021<\/td><td class=\"column-24\">445.3<\/td>\n<\/tr>\n<tr class=\"row-731\">\n\t<td class=\"column-1\">68\/2021\t<\/td><td class=\"column-2\">26\/07\/2021<\/td><td class=\"column-3\">29\/07\/2021<\/td><td class=\"column-4\">26\/07\/2021 - 31\/12\/2021<\/td><td class=\"column-5\">77\/2021\t<\/td><td class=\"column-6\">Dispensa<\/td><td class=\"column-7\">Menor Pre\u00e7o Por Item<\/td><td class=\"column-8\"><\/td><td class=\"column-9\">CONTRATA\u00c7\u00c3O DE EMPRESA PARA PRESTA\u00c7\u00c3O DE SERVI\u00c7O DE \u00c1GUA MINERAL (TIPO GARRAF\u00c3O DE 20 (VINTE) LITROS)<\/td><td class=\"column-10\">10010000 - Recursos Ordin\u00e1rios<\/td><td class=\"column-11\">17287.4<\/td><td class=\"column-12\">12.257.055\/0001-60<\/td><td class=\"column-13\">LUCIA DE FATIMA PEREIRA SILVA 46626050400<\/td><td class=\"column-14\">RAFAEL ANDERSON DE ARA\u00daJO SILVA<\/td><td class=\"column-15\"><\/td><td class=\"column-16\"><\/td><td class=\"column-17\"><\/td><td class=\"column-18\"><\/td><td class=\"column-19\">0<\/td><td class=\"column-20\"><\/td><td class=\"column-21\">536.8<\/td><td class=\"column-22\">14\/09\/2021<\/td><td class=\"column-23\">15\/09\/2021<\/td><td class=\"column-24\">536.8<\/td>\n<\/tr>\n<tr class=\"row-732\">\n\t<td class=\"column-1\">68\/2021\t<\/td><td class=\"column-2\">26\/07\/2021<\/td><td class=\"column-3\">29\/07\/2021<\/td><td class=\"column-4\">26\/07\/2021 - 31\/12\/2021<\/td><td class=\"column-5\">77\/2021\t<\/td><td class=\"column-6\">Dispensa<\/td><td class=\"column-7\">Menor Pre\u00e7o Por Item<\/td><td class=\"column-8\"><\/td><td class=\"column-9\">CONTRATA\u00c7\u00c3O DE EMPRESA PARA PRESTA\u00c7\u00c3O DE SERVI\u00c7O DE \u00c1GUA MINERAL (TIPO GARRAF\u00c3O DE 20 (VINTE) LITROS)<\/td><td class=\"column-10\">10010000 - Recursos Ordin\u00e1rios<\/td><td class=\"column-11\">17287.4<\/td><td class=\"column-12\">12.257.055\/0001-60<\/td><td class=\"column-13\">LUCIA DE FATIMA PEREIRA SILVA 46626050400<\/td><td class=\"column-14\">RAFAEL ANDERSON DE ARA\u00daJO SILVA<\/td><td class=\"column-15\"><\/td><td class=\"column-16\"><\/td><td class=\"column-17\"><\/td><td class=\"column-18\"><\/td><td class=\"column-19\">0<\/td><td class=\"column-20\"><\/td><td class=\"column-21\">744.2<\/td><td class=\"column-22\">14\/09\/2021<\/td><td class=\"column-23\">15\/09\/2021<\/td><td class=\"column-24\">744.2<\/td>\n<\/tr>\n<tr class=\"row-733\">\n\t<td class=\"column-1\">68\/2021\t<\/td><td class=\"column-2\">26\/07\/2021<\/td><td class=\"column-3\">29\/07\/2021<\/td><td class=\"column-4\">26\/07\/2021 - 31\/12\/2021<\/td><td class=\"column-5\">77\/2021\t<\/td><td class=\"column-6\">Dispensa<\/td><td class=\"column-7\">Menor Pre\u00e7o Por Item<\/td><td class=\"column-8\"><\/td><td class=\"column-9\">CONTRATA\u00c7\u00c3O DE EMPRESA PARA PRESTA\u00c7\u00c3O DE SERVI\u00c7O DE \u00c1GUA MINERAL (TIPO GARRAF\u00c3O DE 20 (VINTE) LITROS)<\/td><td class=\"column-10\">10010000 - Recursos Ordin\u00e1rios<\/td><td class=\"column-11\">17287.4<\/td><td class=\"column-12\">12.257.055\/0001-60<\/td><td class=\"column-13\">LUCIA DE FATIMA PEREIRA SILVA 46626050400<\/td><td class=\"column-14\">RAFAEL ANDERSON DE ARA\u00daJO SILVA<\/td><td class=\"column-15\"><\/td><td class=\"column-16\"><\/td><td class=\"column-17\"><\/td><td class=\"column-18\"><\/td><td class=\"column-19\">0<\/td><td class=\"column-20\"><\/td><td class=\"column-21\">305<\/td><td class=\"column-22\">16\/12\/2021<\/td><td class=\"column-23\">17\/12\/2021<\/td><td class=\"column-24\">305<\/td>\n<\/tr>\n<tr class=\"row-734\">\n\t<td class=\"column-1\">68\/2021\t<\/td><td class=\"column-2\">26\/07\/2021<\/td><td class=\"column-3\">29\/07\/2021<\/td><td class=\"column-4\">26\/07\/2021 - 31\/12\/2021<\/td><td class=\"column-5\">77\/2021\t<\/td><td class=\"column-6\">Dispensa<\/td><td class=\"column-7\">Menor Pre\u00e7o Por Item<\/td><td class=\"column-8\"><\/td><td class=\"column-9\">CONTRATA\u00c7\u00c3O DE EMPRESA PARA PRESTA\u00c7\u00c3O DE SERVI\u00c7O DE \u00c1GUA MINERAL (TIPO GARRAF\u00c3O DE 20 (VINTE) LITROS)<\/td><td class=\"column-10\">10010000 - Recursos Ordin\u00e1rios<\/td><td class=\"column-11\">17287.4<\/td><td class=\"column-12\">12.257.055\/0001-60<\/td><td class=\"column-13\">LUCIA DE FATIMA PEREIRA SILVA 46626050400<\/td><td class=\"column-14\">RAFAEL ANDERSON DE ARA\u00daJO SILVA<\/td><td class=\"column-15\"><\/td><td class=\"column-16\"><\/td><td class=\"column-17\"><\/td><td class=\"column-18\"><\/td><td class=\"column-19\">0<\/td><td class=\"column-20\"><\/td><td class=\"column-21\">366<\/td><td class=\"column-22\">16\/12\/2021<\/td><td class=\"column-23\">17\/12\/2021<\/td><td class=\"column-24\">366<\/td>\n<\/tr>\n<tr class=\"row-735\">\n\t<td class=\"column-1\">68\/2021\t<\/td><td class=\"column-2\">26\/07\/2021<\/td><td class=\"column-3\">29\/07\/2021<\/td><td class=\"column-4\">26\/07\/2021 - 31\/12\/2021<\/td><td class=\"column-5\">77\/2021\t<\/td><td class=\"column-6\">Dispensa<\/td><td class=\"column-7\">Menor Pre\u00e7o Por Item<\/td><td class=\"column-8\"><\/td><td class=\"column-9\">CONTRATA\u00c7\u00c3O DE EMPRESA PARA PRESTA\u00c7\u00c3O DE SERVI\u00c7O DE \u00c1GUA MINERAL (TIPO GARRAF\u00c3O DE 20 (VINTE) LITROS)<\/td><td class=\"column-10\">10010000 - Recursos Ordin\u00e1rios<\/td><td class=\"column-11\">17287.4<\/td><td class=\"column-12\">12.257.055\/0001-60<\/td><td class=\"column-13\">LUCIA DE FATIMA PEREIRA SILVA 46626050400<\/td><td class=\"column-14\">RAFAEL ANDERSON DE ARA\u00daJO SILVA<\/td><td class=\"column-15\"><\/td><td class=\"column-16\"><\/td><td class=\"column-17\"><\/td><td class=\"column-18\"><\/td><td class=\"column-19\">0<\/td><td class=\"column-20\"><\/td><td class=\"column-21\">427<\/td><td class=\"column-22\">16\/12\/2021<\/td><td class=\"column-23\">17\/12\/2021<\/td><td class=\"column-24\">427<\/td>\n<\/tr>\n<tr class=\"row-736\">\n\t<td class=\"column-1\">68\/2021\t<\/td><td class=\"column-2\">26\/07\/2021<\/td><td class=\"column-3\">29\/07\/2021<\/td><td class=\"column-4\">26\/07\/2021 - 31\/12\/2021<\/td><td class=\"column-5\">77\/2021\t<\/td><td class=\"column-6\">Dispensa<\/td><td class=\"column-7\">Menor Pre\u00e7o Por Item<\/td><td class=\"column-8\"><\/td><td class=\"column-9\">CONTRATA\u00c7\u00c3O DE EMPRESA PARA PRESTA\u00c7\u00c3O DE SERVI\u00c7O DE \u00c1GUA MINERAL (TIPO GARRAF\u00c3O DE 20 (VINTE) LITROS)<\/td><td class=\"column-10\">10010000 - Recursos Ordin\u00e1rios<\/td><td class=\"column-11\">17287.4<\/td><td class=\"column-12\">12.257.055\/0001-60<\/td><td class=\"column-13\">LUCIA DE FATIMA PEREIRA SILVA 46626050400<\/td><td class=\"column-14\">RAFAEL ANDERSON DE ARA\u00daJO SILVA<\/td><td class=\"column-15\"><\/td><td class=\"column-16\"><\/td><td class=\"column-17\"><\/td><td class=\"column-18\"><\/td><td class=\"column-19\">0<\/td><td class=\"column-20\"><\/td><td class=\"column-21\">915<\/td><td class=\"column-22\">16\/12\/2021<\/td><td class=\"column-23\">17\/12\/2021<\/td><td class=\"column-24\">915<\/td>\n<\/tr>\n<tr class=\"row-737\">\n\t<td class=\"column-1\">68\/2021\t<\/td><td class=\"column-2\">26\/07\/2021<\/td><td class=\"column-3\">29\/07\/2021<\/td><td class=\"column-4\">26\/07\/2021 - 31\/12\/2021<\/td><td class=\"column-5\">77\/2021\t<\/td><td class=\"column-6\">Dispensa<\/td><td class=\"column-7\">Menor Pre\u00e7o Por Item<\/td><td class=\"column-8\"><\/td><td class=\"column-9\">CONTRATA\u00c7\u00c3O DE EMPRESA PARA PRESTA\u00c7\u00c3O DE SERVI\u00c7O DE \u00c1GUA MINERAL (TIPO GARRAF\u00c3O DE 20 (VINTE) LITROS)<\/td><td class=\"column-10\">10010000 - Recursos Ordin\u00e1rios<\/td><td class=\"column-11\">17287.4<\/td><td class=\"column-12\">12.257.055\/0001-60<\/td><td class=\"column-13\">LUCIA DE FATIMA PEREIRA SILVA 46626050400<\/td><td class=\"column-14\">RAFAEL ANDERSON DE ARA\u00daJO SILVA<\/td><td class=\"column-15\"><\/td><td class=\"column-16\"><\/td><td class=\"column-17\"><\/td><td class=\"column-18\"><\/td><td class=\"column-19\">0<\/td><td class=\"column-20\"><\/td><td class=\"column-21\">1098<\/td><td class=\"column-22\">16\/12\/2021<\/td><td class=\"column-23\">17\/12\/2021<\/td><td class=\"column-24\">1098<\/td>\n<\/tr>\n<tr class=\"row-738\">\n\t<td class=\"column-1\">68\/2021\t<\/td><td class=\"column-2\">26\/07\/2021<\/td><td class=\"column-3\">29\/07\/2021<\/td><td class=\"column-4\">26\/07\/2021 - 31\/12\/2021<\/td><td class=\"column-5\">77\/2021\t<\/td><td class=\"column-6\">Dispensa<\/td><td class=\"column-7\">Menor Pre\u00e7o Por Item<\/td><td class=\"column-8\"><\/td><td class=\"column-9\">CONTRATA\u00c7\u00c3O DE EMPRESA PARA PRESTA\u00c7\u00c3O DE SERVI\u00c7O DE \u00c1GUA MINERAL (TIPO GARRAF\u00c3O DE 20 (VINTE) LITROS)<\/td><td class=\"column-10\">10010000 - Recursos Ordin\u00e1rios<\/td><td class=\"column-11\">17287.4<\/td><td class=\"column-12\">12.257.055\/0001-60<\/td><td class=\"column-13\">LUCIA DE FATIMA PEREIRA SILVA 46626050400<\/td><td class=\"column-14\">RAFAEL ANDERSON DE ARA\u00daJO SILVA<\/td><td class=\"column-15\"><\/td><td class=\"column-16\"><\/td><td class=\"column-17\"><\/td><td class=\"column-18\"><\/td><td class=\"column-19\">0<\/td><td class=\"column-20\"><\/td><td class=\"column-21\">396.5<\/td><td class=\"column-22\">17\/08\/2021<\/td><td class=\"column-23\"><\/td><td class=\"column-24\"><\/td>\n<\/tr>\n<tr class=\"row-739\">\n\t<td class=\"column-1\">68\/2021\t<\/td><td class=\"column-2\">26\/07\/2021<\/td><td class=\"column-3\">29\/07\/2021<\/td><td class=\"column-4\">26\/07\/2021 - 31\/12\/2021<\/td><td class=\"column-5\">77\/2021\t<\/td><td class=\"column-6\">Dispensa<\/td><td class=\"column-7\">Menor Pre\u00e7o Por Item<\/td><td class=\"column-8\"><\/td><td class=\"column-9\">CONTRATA\u00c7\u00c3O DE EMPRESA PARA PRESTA\u00c7\u00c3O DE SERVI\u00c7O DE \u00c1GUA MINERAL (TIPO GARRAF\u00c3O DE 20 (VINTE) LITROS)<\/td><td class=\"column-10\">10010000 - Recursos Ordin\u00e1rios<\/td><td class=\"column-11\">17287.4<\/td><td class=\"column-12\">12.257.055\/0001-60<\/td><td class=\"column-13\">LUCIA DE FATIMA PEREIRA SILVA 46626050400<\/td><td class=\"column-14\">RAFAEL ANDERSON DE ARA\u00daJO SILVA<\/td><td class=\"column-15\"><\/td><td class=\"column-16\"><\/td><td class=\"column-17\"><\/td><td class=\"column-18\"><\/td><td class=\"column-19\">0<\/td><td class=\"column-20\"><\/td><td class=\"column-21\">396.5<\/td><td class=\"column-22\">17\/08\/2021<\/td><td class=\"column-23\">17\/08\/2021<\/td><td class=\"column-24\">396.5<\/td>\n<\/tr>\n<tr class=\"row-740\">\n\t<td class=\"column-1\">68\/2021\t<\/td><td class=\"column-2\">26\/07\/2021<\/td><td class=\"column-3\">29\/07\/2021<\/td><td class=\"column-4\">26\/07\/2021 - 31\/12\/2021<\/td><td class=\"column-5\">77\/2021\t<\/td><td class=\"column-6\">Dispensa<\/td><td class=\"column-7\">Menor Pre\u00e7o Por Item<\/td><td class=\"column-8\"><\/td><td class=\"column-9\">CONTRATA\u00c7\u00c3O DE EMPRESA PARA PRESTA\u00c7\u00c3O DE SERVI\u00c7O DE \u00c1GUA MINERAL (TIPO GARRAF\u00c3O DE 20 (VINTE) LITROS)<\/td><td class=\"column-10\">10010000 - Recursos Ordin\u00e1rios<\/td><td class=\"column-11\">17287.4<\/td><td class=\"column-12\">12.257.055\/0001-60<\/td><td class=\"column-13\">LUCIA DE FATIMA PEREIRA SILVA 46626050400<\/td><td class=\"column-14\">RAFAEL ANDERSON DE ARA\u00daJO SILVA<\/td><td class=\"column-15\"><\/td><td class=\"column-16\"><\/td><td class=\"column-17\"><\/td><td class=\"column-18\"><\/td><td class=\"column-19\">0<\/td><td class=\"column-20\"><\/td><td class=\"column-21\">542.9<\/td><td class=\"column-22\">17\/08\/2021<\/td><td class=\"column-23\"><\/td><td class=\"column-24\"><\/td>\n<\/tr>\n<tr class=\"row-741\">\n\t<td class=\"column-1\">68\/2021\t<\/td><td class=\"column-2\">26\/07\/2021<\/td><td class=\"column-3\">29\/07\/2021<\/td><td class=\"column-4\">26\/07\/2021 - 31\/12\/2021<\/td><td class=\"column-5\">77\/2021\t<\/td><td class=\"column-6\">Dispensa<\/td><td class=\"column-7\">Menor Pre\u00e7o Por Item<\/td><td class=\"column-8\"><\/td><td class=\"column-9\">CONTRATA\u00c7\u00c3O DE EMPRESA PARA PRESTA\u00c7\u00c3O DE SERVI\u00c7O DE \u00c1GUA MINERAL (TIPO GARRAF\u00c3O DE 20 (VINTE) LITROS)<\/td><td class=\"column-10\">10010000 - Recursos Ordin\u00e1rios<\/td><td class=\"column-11\">17287.4<\/td><td class=\"column-12\">12.257.055\/0001-60<\/td><td class=\"column-13\">LUCIA DE FATIMA PEREIRA SILVA 46626050400<\/td><td class=\"column-14\">RAFAEL ANDERSON DE ARA\u00daJO SILVA<\/td><td class=\"column-15\"><\/td><td class=\"column-16\"><\/td><td class=\"column-17\"><\/td><td class=\"column-18\"><\/td><td class=\"column-19\">0<\/td><td class=\"column-20\"><\/td><td class=\"column-21\">542.9<\/td><td class=\"column-22\">17\/08\/2021<\/td><td class=\"column-23\">17\/08\/2021<\/td><td class=\"column-24\">542.9<\/td>\n<\/tr>\n<tr class=\"row-742\">\n\t<td class=\"column-1\">68\/2021\t<\/td><td class=\"column-2\">26\/07\/2021<\/td><td class=\"column-3\">29\/07\/2021<\/td><td class=\"column-4\">26\/07\/2021 - 31\/12\/2021<\/td><td class=\"column-5\">77\/2021\t<\/td><td class=\"column-6\">Dispensa<\/td><td class=\"column-7\">Menor Pre\u00e7o Por Item<\/td><td class=\"column-8\"><\/td><td class=\"column-9\">CONTRATA\u00c7\u00c3O DE EMPRESA PARA PRESTA\u00c7\u00c3O DE SERVI\u00c7O DE \u00c1GUA MINERAL (TIPO GARRAF\u00c3O DE 20 (VINTE) LITROS)<\/td><td class=\"column-10\">10010000 - Recursos Ordin\u00e1rios<\/td><td class=\"column-11\">17287.4<\/td><td class=\"column-12\">12.257.055\/0001-60<\/td><td class=\"column-13\">LUCIA DE FATIMA PEREIRA SILVA 46626050400<\/td><td class=\"column-14\">RAFAEL ANDERSON DE ARA\u00daJO SILVA<\/td><td class=\"column-15\"><\/td><td class=\"column-16\"><\/td><td class=\"column-17\"><\/td><td class=\"column-18\"><\/td><td class=\"column-19\">0<\/td><td class=\"column-20\"><\/td><td class=\"column-21\">640.5<\/td><td class=\"column-22\">17\/08\/2021<\/td><td class=\"column-23\"><\/td><td class=\"column-24\"><\/td>\n<\/tr>\n<tr class=\"row-743\">\n\t<td class=\"column-1\">68\/2021\t<\/td><td class=\"column-2\">26\/07\/2021<\/td><td class=\"column-3\">29\/07\/2021<\/td><td class=\"column-4\">26\/07\/2021 - 31\/12\/2021<\/td><td class=\"column-5\">77\/2021\t<\/td><td class=\"column-6\">Dispensa<\/td><td class=\"column-7\">Menor Pre\u00e7o Por Item<\/td><td class=\"column-8\"><\/td><td class=\"column-9\">CONTRATA\u00c7\u00c3O DE EMPRESA PARA PRESTA\u00c7\u00c3O DE SERVI\u00c7O DE \u00c1GUA MINERAL (TIPO GARRAF\u00c3O DE 20 (VINTE) LITROS)<\/td><td class=\"column-10\">10010000 - Recursos Ordin\u00e1rios<\/td><td class=\"column-11\">17287.4<\/td><td class=\"column-12\">12.257.055\/0001-60<\/td><td class=\"column-13\">LUCIA DE FATIMA PEREIRA SILVA 46626050400<\/td><td class=\"column-14\">RAFAEL ANDERSON DE ARA\u00daJO SILVA<\/td><td class=\"column-15\"><\/td><td class=\"column-16\"><\/td><td class=\"column-17\"><\/td><td class=\"column-18\"><\/td><td class=\"column-19\">0<\/td><td class=\"column-20\"><\/td><td class=\"column-21\">640.5<\/td><td class=\"column-22\">17\/08\/2021<\/td><td class=\"column-23\">17\/08\/2021<\/td><td class=\"column-24\">640.5<\/td>\n<\/tr>\n<tr class=\"row-744\">\n\t<td class=\"column-1\">68\/2021\t<\/td><td class=\"column-2\">26\/07\/2021<\/td><td class=\"column-3\">29\/07\/2021<\/td><td class=\"column-4\">26\/07\/2021 - 31\/12\/2021<\/td><td class=\"column-5\">77\/2021\t<\/td><td class=\"column-6\">Dispensa<\/td><td class=\"column-7\">Menor Pre\u00e7o Por Item<\/td><td class=\"column-8\"><\/td><td class=\"column-9\">CONTRATA\u00c7\u00c3O DE EMPRESA PARA PRESTA\u00c7\u00c3O DE SERVI\u00c7O DE \u00c1GUA MINERAL (TIPO GARRAF\u00c3O DE 20 (VINTE) LITROS)<\/td><td class=\"column-10\">10010000 - Recursos Ordin\u00e1rios<\/td><td class=\"column-11\">17287.4<\/td><td class=\"column-12\">12.257.055\/0001-60<\/td><td class=\"column-13\">LUCIA DE FATIMA PEREIRA SILVA 46626050400<\/td><td class=\"column-14\">RAFAEL ANDERSON DE ARA\u00daJO SILVA<\/td><td class=\"column-15\"><\/td><td class=\"column-16\"><\/td><td class=\"column-17\"><\/td><td class=\"column-18\"><\/td><td class=\"column-19\">0<\/td><td class=\"column-20\"><\/td><td class=\"column-21\">793<\/td><td class=\"column-22\">17\/08\/2021<\/td><td class=\"column-23\"><\/td><td class=\"column-24\"><\/td>\n<\/tr>\n<tr class=\"row-745\">\n\t<td class=\"column-1\">68\/2021\t<\/td><td class=\"column-2\">26\/07\/2021<\/td><td class=\"column-3\">29\/07\/2021<\/td><td class=\"column-4\">26\/07\/2021 - 31\/12\/2021<\/td><td class=\"column-5\">77\/2021\t<\/td><td class=\"column-6\">Dispensa<\/td><td class=\"column-7\">Menor Pre\u00e7o Por Item<\/td><td class=\"column-8\"><\/td><td class=\"column-9\">CONTRATA\u00c7\u00c3O DE EMPRESA PARA PRESTA\u00c7\u00c3O DE SERVI\u00c7O DE \u00c1GUA MINERAL (TIPO GARRAF\u00c3O DE 20 (VINTE) LITROS)<\/td><td class=\"column-10\">10010000 - Recursos Ordin\u00e1rios<\/td><td class=\"column-11\">17287.4<\/td><td class=\"column-12\">12.257.055\/0001-60<\/td><td class=\"column-13\">LUCIA DE FATIMA PEREIRA SILVA 46626050400<\/td><td class=\"column-14\">RAFAEL ANDERSON DE ARA\u00daJO SILVA<\/td><td class=\"column-15\"><\/td><td class=\"column-16\"><\/td><td class=\"column-17\"><\/td><td class=\"column-18\"><\/td><td class=\"column-19\">0<\/td><td class=\"column-20\"><\/td><td class=\"column-21\">793<\/td><td class=\"column-22\">17\/08\/2021<\/td><td class=\"column-23\">17\/08\/2021<\/td><td class=\"column-24\">793<\/td>\n<\/tr>\n<tr class=\"row-746\">\n\t<td class=\"column-1\">68\/2021\t<\/td><td class=\"column-2\">26\/07\/2021<\/td><td class=\"column-3\">29\/07\/2021<\/td><td class=\"column-4\">26\/07\/2021 - 31\/12\/2021<\/td><td class=\"column-5\">77\/2021\t<\/td><td class=\"column-6\">Dispensa<\/td><td class=\"column-7\">Menor Pre\u00e7o Por Item<\/td><td class=\"column-8\"><\/td><td class=\"column-9\">CONTRATA\u00c7\u00c3O DE EMPRESA PARA PRESTA\u00c7\u00c3O DE SERVI\u00c7O DE \u00c1GUA MINERAL (TIPO GARRAF\u00c3O DE 20 (VINTE) LITROS)<\/td><td class=\"column-10\">10010000 - Recursos Ordin\u00e1rios<\/td><td class=\"column-11\">17287.4<\/td><td class=\"column-12\">12.257.055\/0001-60<\/td><td class=\"column-13\">LUCIA DE FATIMA PEREIRA SILVA 46626050400<\/td><td class=\"column-14\">RAFAEL ANDERSON DE ARA\u00daJO SILVA<\/td><td class=\"column-15\"><\/td><td class=\"column-16\"><\/td><td class=\"column-17\"><\/td><td class=\"column-18\"><\/td><td class=\"column-19\">0<\/td><td class=\"column-20\"><\/td><td class=\"column-21\">652.7<\/td><td class=\"column-22\">17\/12\/2021<\/td><td class=\"column-23\">20\/12\/2021<\/td><td class=\"column-24\">652.7<\/td>\n<\/tr>\n<tr class=\"row-747\">\n\t<td class=\"column-1\">68\/2021\t<\/td><td class=\"column-2\">26\/07\/2021<\/td><td class=\"column-3\">29\/07\/2021<\/td><td class=\"column-4\">26\/07\/2021 - 31\/12\/2021<\/td><td class=\"column-5\">77\/2021\t<\/td><td class=\"column-6\">Dispensa<\/td><td class=\"column-7\">Menor Pre\u00e7o Por Item<\/td><td class=\"column-8\"><\/td><td class=\"column-9\">CONTRATA\u00c7\u00c3O DE EMPRESA PARA PRESTA\u00c7\u00c3O DE SERVI\u00c7O DE \u00c1GUA MINERAL (TIPO GARRAF\u00c3O DE 20 (VINTE) LITROS)<\/td><td class=\"column-10\">10010000 - Recursos Ordin\u00e1rios<\/td><td class=\"column-11\">17287.4<\/td><td class=\"column-12\">12.257.055\/0001-60<\/td><td class=\"column-13\">LUCIA DE FATIMA PEREIRA SILVA 46626050400<\/td><td class=\"column-14\">RAFAEL ANDERSON DE ARA\u00daJO SILVA<\/td><td class=\"column-15\"><\/td><td class=\"column-16\"><\/td><td class=\"column-17\"><\/td><td class=\"column-18\"><\/td><td class=\"column-19\">0<\/td><td class=\"column-20\"><\/td><td class=\"column-21\">329.4<\/td><td class=\"column-22\">20\/10\/2021<\/td><td class=\"column-23\">25\/10\/2021<\/td><td class=\"column-24\">329.4<\/td>\n<\/tr>\n<tr class=\"row-748\">\n\t<td class=\"column-1\">68\/2021\t<\/td><td class=\"column-2\">26\/07\/2021<\/td><td class=\"column-3\">29\/07\/2021<\/td><td class=\"column-4\">26\/07\/2021 - 31\/12\/2021<\/td><td class=\"column-5\">77\/2021\t<\/td><td class=\"column-6\">Dispensa<\/td><td class=\"column-7\">Menor Pre\u00e7o Por Item<\/td><td class=\"column-8\"><\/td><td class=\"column-9\">CONTRATA\u00c7\u00c3O DE EMPRESA PARA PRESTA\u00c7\u00c3O DE SERVI\u00c7O DE \u00c1GUA MINERAL (TIPO GARRAF\u00c3O DE 20 (VINTE) LITROS)<\/td><td class=\"column-10\">10010000 - Recursos Ordin\u00e1rios<\/td><td class=\"column-11\">17287.4<\/td><td class=\"column-12\">12.257.055\/0001-60<\/td><td class=\"column-13\">LUCIA DE FATIMA PEREIRA SILVA 46626050400<\/td><td class=\"column-14\">RAFAEL ANDERSON DE ARA\u00daJO SILVA<\/td><td class=\"column-15\"><\/td><td class=\"column-16\"><\/td><td class=\"column-17\"><\/td><td class=\"column-18\"><\/td><td class=\"column-19\">0<\/td><td class=\"column-20\"><\/td><td class=\"column-21\">366<\/td><td class=\"column-22\">20\/10\/2021<\/td><td class=\"column-23\">25\/10\/2021<\/td><td class=\"column-24\">366<\/td>\n<\/tr>\n<tr class=\"row-749\">\n\t<td class=\"column-1\">68\/2021\t<\/td><td class=\"column-2\">26\/07\/2021<\/td><td class=\"column-3\">29\/07\/2021<\/td><td class=\"column-4\">26\/07\/2021 - 31\/12\/2021<\/td><td class=\"column-5\">77\/2021\t<\/td><td class=\"column-6\">Dispensa<\/td><td class=\"column-7\">Menor Pre\u00e7o Por Item<\/td><td class=\"column-8\"><\/td><td class=\"column-9\">CONTRATA\u00c7\u00c3O DE EMPRESA PARA PRESTA\u00c7\u00c3O DE SERVI\u00c7O DE \u00c1GUA MINERAL (TIPO GARRAF\u00c3O DE 20 (VINTE) LITROS)<\/td><td class=\"column-10\">10010000 - Recursos Ordin\u00e1rios<\/td><td class=\"column-11\">17287.4<\/td><td class=\"column-12\">12.257.055\/0001-60<\/td><td class=\"column-13\">LUCIA DE FATIMA PEREIRA SILVA 46626050400<\/td><td class=\"column-14\">RAFAEL ANDERSON DE ARA\u00daJO SILVA<\/td><td class=\"column-15\"><\/td><td class=\"column-16\"><\/td><td class=\"column-17\"><\/td><td class=\"column-18\"><\/td><td class=\"column-19\">0<\/td><td class=\"column-20\"><\/td><td class=\"column-21\">378.2<\/td><td class=\"column-22\">20\/10\/2021<\/td><td class=\"column-23\">25\/10\/2021<\/td><td class=\"column-24\">378.2<\/td>\n<\/tr>\n<tr class=\"row-750\">\n\t<td class=\"column-1\">68\/2021\t<\/td><td class=\"column-2\">26\/07\/2021<\/td><td class=\"column-3\">29\/07\/2021<\/td><td class=\"column-4\">26\/07\/2021 - 31\/12\/2021<\/td><td class=\"column-5\">77\/2021\t<\/td><td class=\"column-6\">Dispensa<\/td><td class=\"column-7\">Menor Pre\u00e7o Por Item<\/td><td class=\"column-8\"><\/td><td class=\"column-9\">CONTRATA\u00c7\u00c3O DE EMPRESA PARA PRESTA\u00c7\u00c3O DE SERVI\u00c7O DE \u00c1GUA MINERAL (TIPO GARRAF\u00c3O DE 20 (VINTE) LITROS)<\/td><td class=\"column-10\">10010000 - Recursos Ordin\u00e1rios<\/td><td class=\"column-11\">17287.4<\/td><td class=\"column-12\">12.257.055\/0001-60<\/td><td class=\"column-13\">LUCIA DE FATIMA PEREIRA SILVA 46626050400<\/td><td class=\"column-14\">RAFAEL ANDERSON DE ARA\u00daJO SILVA<\/td><td class=\"column-15\"><\/td><td class=\"column-16\"><\/td><td class=\"column-17\"><\/td><td class=\"column-18\"><\/td><td class=\"column-19\">0<\/td><td class=\"column-20\"><\/td><td class=\"column-21\">384.3<\/td><td class=\"column-22\">20\/10\/2021<\/td><td class=\"column-23\">25\/10\/2021<\/td><td class=\"column-24\">384.3<\/td>\n<\/tr>\n<tr class=\"row-751\">\n\t<td class=\"column-1\">68\/2021\t<\/td><td class=\"column-2\">26\/07\/2021<\/td><td class=\"column-3\">29\/07\/2021<\/td><td class=\"column-4\">26\/07\/2021 - 31\/12\/2021<\/td><td class=\"column-5\">77\/2021\t<\/td><td class=\"column-6\">Dispensa<\/td><td class=\"column-7\">Menor Pre\u00e7o Por Item<\/td><td class=\"column-8\"><\/td><td class=\"column-9\">CONTRATA\u00c7\u00c3O DE EMPRESA PARA PRESTA\u00c7\u00c3O DE SERVI\u00c7O DE \u00c1GUA MINERAL (TIPO GARRAF\u00c3O DE 20 (VINTE) LITROS)<\/td><td class=\"column-10\">10010000 - Recursos Ordin\u00e1rios<\/td><td class=\"column-11\">17287.4<\/td><td class=\"column-12\">12.257.055\/0001-60<\/td><td class=\"column-13\">LUCIA DE FATIMA PEREIRA SILVA 46626050400<\/td><td class=\"column-14\">RAFAEL ANDERSON DE ARA\u00daJO SILVA<\/td><td class=\"column-15\"><\/td><td class=\"column-16\"><\/td><td class=\"column-17\"><\/td><td class=\"column-18\"><\/td><td class=\"column-19\">0<\/td><td class=\"column-20\"><\/td><td class=\"column-21\">280.6<\/td><td class=\"column-22\">22\/11\/2021<\/td><td class=\"column-23\">23\/11\/2021<\/td><td class=\"column-24\">280.6<\/td>\n<\/tr>\n<tr class=\"row-752\">\n\t<td class=\"column-1\">68\/2021\t<\/td><td class=\"column-2\">26\/07\/2021<\/td><td class=\"column-3\">29\/07\/2021<\/td><td class=\"column-4\">26\/07\/2021 - 31\/12\/2021<\/td><td class=\"column-5\">77\/2021\t<\/td><td class=\"column-6\">Dispensa<\/td><td class=\"column-7\">Menor Pre\u00e7o Por Item<\/td><td class=\"column-8\"><\/td><td class=\"column-9\">CONTRATA\u00c7\u00c3O DE EMPRESA PARA PRESTA\u00c7\u00c3O DE SERVI\u00c7O DE \u00c1GUA MINERAL (TIPO GARRAF\u00c3O DE 20 (VINTE) LITROS)<\/td><td class=\"column-10\">10010000 - Recursos Ordin\u00e1rios<\/td><td class=\"column-11\">17287.4<\/td><td class=\"column-12\">12.257.055\/0001-60<\/td><td class=\"column-13\">LUCIA DE FATIMA PEREIRA SILVA 46626050400<\/td><td class=\"column-14\">RAFAEL ANDERSON DE ARA\u00daJO SILVA<\/td><td class=\"column-15\"><\/td><td class=\"column-16\"><\/td><td class=\"column-17\"><\/td><td class=\"column-18\"><\/td><td class=\"column-19\">0<\/td><td class=\"column-20\"><\/td><td class=\"column-21\">689.3<\/td><td class=\"column-22\">22\/11\/2021<\/td><td class=\"column-23\">23\/11\/2021<\/td><td class=\"column-24\">689.3<\/td>\n<\/tr>\n<tr class=\"row-753\">\n\t<td class=\"column-1\">68\/2021\t<\/td><td class=\"column-2\">26\/07\/2021<\/td><td class=\"column-3\">29\/07\/2021<\/td><td class=\"column-4\">26\/07\/2021 - 31\/12\/2021<\/td><td class=\"column-5\">77\/2021\t<\/td><td class=\"column-6\">Dispensa<\/td><td class=\"column-7\">Menor Pre\u00e7o Por Item<\/td><td class=\"column-8\"><\/td><td class=\"column-9\">CONTRATA\u00c7\u00c3O DE EMPRESA PARA PRESTA\u00c7\u00c3O DE SERVI\u00c7O DE \u00c1GUA MINERAL (TIPO GARRAF\u00c3O DE 20 (VINTE) LITROS)<\/td><td class=\"column-10\">10010000 - Recursos Ordin\u00e1rios<\/td><td class=\"column-11\">17287.4<\/td><td class=\"column-12\">12.257.055\/0001-60<\/td><td class=\"column-13\">LUCIA DE FATIMA PEREIRA SILVA 46626050400<\/td><td class=\"column-14\">RAFAEL ANDERSON DE ARA\u00daJO SILVA<\/td><td class=\"column-15\"><\/td><td class=\"column-16\"><\/td><td class=\"column-17\"><\/td><td class=\"column-18\"><\/td><td class=\"column-19\">0<\/td><td class=\"column-20\"><\/td><td class=\"column-21\">902.8<\/td><td class=\"column-22\">22\/11\/2021<\/td><td class=\"column-23\">23\/11\/2021<\/td><td class=\"column-24\">902.8<\/td>\n<\/tr>\n<tr class=\"row-754\">\n\t<td class=\"column-1\">68\/2021\t<\/td><td class=\"column-2\">26\/07\/2021<\/td><td class=\"column-3\">29\/07\/2021<\/td><td class=\"column-4\">26\/07\/2021 - 31\/12\/2021<\/td><td class=\"column-5\">77\/2021\t<\/td><td class=\"column-6\">Dispensa<\/td><td class=\"column-7\">Menor Pre\u00e7o Por Item<\/td><td class=\"column-8\"><\/td><td class=\"column-9\">CONTRATA\u00c7\u00c3O DE EMPRESA PARA PRESTA\u00c7\u00c3O DE SERVI\u00c7O DE \u00c1GUA MINERAL (TIPO GARRAF\u00c3O DE 20 (VINTE) LITROS)<\/td><td class=\"column-10\">10010000 - Recursos Ordin\u00e1rios<\/td><td class=\"column-11\">17287.4<\/td><td class=\"column-12\">12.257.055\/0001-60<\/td><td class=\"column-13\">LUCIA DE FATIMA PEREIRA SILVA 46626050400<\/td><td class=\"column-14\">RAFAEL ANDERSON DE ARA\u00daJO SILVA<\/td><td class=\"column-15\"><\/td><td class=\"column-16\"><\/td><td class=\"column-17\"><\/td><td class=\"column-18\"><\/td><td class=\"column-19\">0<\/td><td class=\"column-20\"><\/td><td class=\"column-21\">1201.7<\/td><td class=\"column-22\">22\/11\/2021<\/td><td class=\"column-23\">23\/11\/2021<\/td><td class=\"column-24\">1201.7<\/td>\n<\/tr>\n<tr class=\"row-755\">\n\t<td class=\"column-1\">68\/2021\t<\/td><td class=\"column-2\">26\/07\/2021<\/td><td class=\"column-3\">29\/07\/2021<\/td><td class=\"column-4\">26\/07\/2021 - 31\/12\/2021<\/td><td class=\"column-5\">77\/2021\t<\/td><td class=\"column-6\">Dispensa<\/td><td class=\"column-7\">Menor Pre\u00e7o Por Item<\/td><td class=\"column-8\"><\/td><td class=\"column-9\">CONTRATA\u00c7\u00c3O DE EMPRESA PARA PRESTA\u00c7\u00c3O DE SERVI\u00c7O DE \u00c1GUA MINERAL (TIPO GARRAF\u00c3O DE 20 (VINTE) LITROS)<\/td><td class=\"column-10\">10010000 - Recursos Ordin\u00e1rios<\/td><td class=\"column-11\">17287.4<\/td><td class=\"column-12\">12.257.055\/0001-60<\/td><td class=\"column-13\">LUCIA DE FATIMA PEREIRA SILVA 46626050400<\/td><td class=\"column-14\">RAFAEL ANDERSON DE ARA\u00daJO SILVA<\/td><td class=\"column-15\"><\/td><td class=\"column-16\"><\/td><td class=\"column-17\"><\/td><td class=\"column-18\"><\/td><td class=\"column-19\">0<\/td><td class=\"column-20\"><\/td><td class=\"column-21\">262.3<\/td><td class=\"column-22\">26\/10\/2021<\/td><td class=\"column-23\">27\/10\/2021<\/td><td class=\"column-24\">262.3<\/td>\n<\/tr>\n<tr class=\"row-756\">\n\t<td class=\"column-1\">68\/2021\t<\/td><td class=\"column-2\">26\/07\/2021<\/td><td class=\"column-3\">29\/07\/2021<\/td><td class=\"column-4\">26\/07\/2021 - 31\/12\/2021<\/td><td class=\"column-5\">77\/2021\t<\/td><td class=\"column-6\">Dispensa<\/td><td class=\"column-7\">Menor Pre\u00e7o Por Item<\/td><td class=\"column-8\"><\/td><td class=\"column-9\">CONTRATA\u00c7\u00c3O DE EMPRESA PARA PRESTA\u00c7\u00c3O DE SERVI\u00c7O DE \u00c1GUA MINERAL (TIPO GARRAF\u00c3O DE 20 (VINTE) LITROS)<\/td><td class=\"column-10\">10010000 - Recursos Ordin\u00e1rios<\/td><td class=\"column-11\">17287.4<\/td><td class=\"column-12\">12.257.055\/0001-60<\/td><td class=\"column-13\">LUCIA DE FATIMA PEREIRA SILVA 46626050400<\/td><td class=\"column-14\">RAFAEL ANDERSON DE ARA\u00daJO SILVA<\/td><td class=\"column-15\"><\/td><td class=\"column-16\"><\/td><td class=\"column-17\"><\/td><td class=\"column-18\"><\/td><td class=\"column-19\">0<\/td><td class=\"column-20\"><\/td><td class=\"column-21\">286.7<\/td><td class=\"column-22\">26\/10\/2021<\/td><td class=\"column-23\">27\/10\/2021<\/td><td class=\"column-24\">286.7<\/td>\n<\/tr>\n<tr class=\"row-757\">\n\t<td class=\"column-1\">68\/2021\t<\/td><td class=\"column-2\">26\/07\/2021<\/td><td class=\"column-3\">29\/07\/2021<\/td><td class=\"column-4\">26\/07\/2021 - 31\/12\/2021<\/td><td class=\"column-5\">77\/2021\t<\/td><td class=\"column-6\">Dispensa<\/td><td class=\"column-7\">Menor Pre\u00e7o Por Item<\/td><td class=\"column-8\"><\/td><td class=\"column-9\">CONTRATA\u00c7\u00c3O DE EMPRESA PARA PRESTA\u00c7\u00c3O DE SERVI\u00c7O DE \u00c1GUA MINERAL (TIPO GARRAF\u00c3O DE 20 (VINTE) LITROS)<\/td><td class=\"column-10\">10010000 - Recursos Ordin\u00e1rios<\/td><td class=\"column-11\">17287.4<\/td><td class=\"column-12\">12.257.055\/0001-60<\/td><td class=\"column-13\">LUCIA DE FATIMA PEREIRA SILVA 46626050400<\/td><td class=\"column-14\">RAFAEL ANDERSON DE ARA\u00daJO SILVA<\/td><td class=\"column-15\"><\/td><td class=\"column-16\"><\/td><td class=\"column-17\"><\/td><td class=\"column-18\"><\/td><td class=\"column-19\">0<\/td><td class=\"column-20\"><\/td><td class=\"column-21\">884.5<\/td><td class=\"column-22\">26\/10\/2021<\/td><td class=\"column-23\">27\/10\/2021<\/td><td class=\"column-24\">884.5<\/td>\n<\/tr>\n<tr class=\"row-758\">\n\t<td class=\"column-1\">69\/2021\t<\/td><td class=\"column-2\">29\/07\/2021<\/td><td class=\"column-3\">22\/09\/2021<\/td><td class=\"column-4\">29\/07\/2021 - 27\/08\/2021<\/td><td class=\"column-5\">1\/2021\t<\/td><td class=\"column-6\">Credenciamento - Chamamento P\u00fablico<\/td><td class=\"column-7\">Menor Pre\u00e7o Por Item<\/td><td class=\"column-8\"><\/td><td class=\"column-9\">CREDENCIAMENTO DE PESSOAS J\u00daRIDICAS E PESSOAS F\u00cdSICAS, COM O OBJETIVO DE PRESTA\u00c7\u00c3O DE SERVI\u00c7OS ART\u00cdSTICOS E CULTURAIS, NAS LINGUAGENS ART\u00cdSTICAS CONSTANTES<\/td><td class=\"column-10\">10010000 - Recursos Ordin\u00e1rios<\/td><td class=\"column-11\">100<\/td><td class=\"column-12\">058.967.924-41<\/td><td class=\"column-13\">FRANCISCA ALENILDA DA SILVA<\/td><td class=\"column-14\">RAFAEL ANDERSON DE ARA\u00daJO SILVA<\/td><td class=\"column-15\"><\/td><td class=\"column-16\"><\/td><td class=\"column-17\"><\/td><td class=\"column-18\"><\/td><td class=\"column-19\">0<\/td><td class=\"column-20\"><\/td><td class=\"column-21\"><\/td><td class=\"column-22\"><\/td><td class=\"column-23\"><\/td><td class=\"column-24\"><\/td>\n<\/tr>\n<tr class=\"row-759\">\n\t<td class=\"column-1\">69\/2021\t<\/td><td class=\"column-2\">29\/07\/2021<\/td><td class=\"column-3\">22\/09\/2021<\/td><td class=\"column-4\">29\/07\/2021 - 27\/08\/2021<\/td><td class=\"column-5\">1\/2021\t<\/td><td class=\"column-6\">Credenciamento - Chamamento P\u00fablico<\/td><td class=\"column-7\">Menor Pre\u00e7o Por Item<\/td><td class=\"column-8\"><\/td><td class=\"column-9\">CREDENCIAMENTO DE PESSOAS J\u00daRIDICAS E PESSOAS F\u00cdSICAS, COM O OBJETIVO DE PRESTA\u00c7\u00c3O DE SERVI\u00c7OS ART\u00cdSTICOS E CULTURAIS, NAS LINGUAGENS ART\u00cdSTICAS CONSTANTES<\/td><td class=\"column-10\">10010000 - Recursos Ordin\u00e1rios<\/td><td class=\"column-11\">100<\/td><td class=\"column-12\">058.967.924-41<\/td><td class=\"column-13\">FRANCISCA ALENILDA DA SILVA<\/td><td class=\"column-14\">RAFAEL ANDERSON DE ARA\u00daJO SILVA<\/td><td class=\"column-15\"><\/td><td class=\"column-16\"><\/td><td class=\"column-17\"><\/td><td class=\"column-18\"><\/td><td class=\"column-19\">0<\/td><td class=\"column-20\"><\/td><td class=\"column-21\">100<\/td><td class=\"column-22\">06\/10\/2021<\/td><td class=\"column-23\"><\/td><td class=\"column-24\"><\/td>\n<\/tr>\n<tr class=\"row-760\">\n\t<td class=\"column-1\">69\/2021\t<\/td><td class=\"column-2\">29\/07\/2021<\/td><td class=\"column-3\">22\/09\/2021<\/td><td class=\"column-4\">29\/07\/2021 - 27\/08\/2021<\/td><td class=\"column-5\">1\/2021\t<\/td><td class=\"column-6\">Credenciamento - Chamamento P\u00fablico<\/td><td class=\"column-7\">Menor Pre\u00e7o Por Item<\/td><td class=\"column-8\"><\/td><td class=\"column-9\">CREDENCIAMENTO DE PESSOAS J\u00daRIDICAS E PESSOAS F\u00cdSICAS, COM O OBJETIVO DE PRESTA\u00c7\u00c3O DE SERVI\u00c7OS ART\u00cdSTICOS E CULTURAIS, NAS LINGUAGENS ART\u00cdSTICAS CONSTANTES<\/td><td class=\"column-10\">10010000 - Recursos Ordin\u00e1rios<\/td><td class=\"column-11\">100<\/td><td class=\"column-12\">058.967.924-41<\/td><td class=\"column-13\">FRANCISCA ALENILDA DA SILVA<\/td><td class=\"column-14\">RAFAEL ANDERSON DE ARA\u00daJO SILVA<\/td><td class=\"column-15\"><\/td><td class=\"column-16\"><\/td><td class=\"column-17\"><\/td><td class=\"column-18\"><\/td><td class=\"column-19\">0<\/td><td class=\"column-20\"><\/td><td class=\"column-21\">100<\/td><td class=\"column-22\">06\/10\/2021<\/td><td class=\"column-23\">08\/10\/2021<\/td><td class=\"column-24\">5<\/td>\n<\/tr>\n<tr class=\"row-761\">\n\t<td class=\"column-1\">69\/2021\t<\/td><td class=\"column-2\">29\/07\/2021<\/td><td class=\"column-3\">22\/09\/2021<\/td><td class=\"column-4\">29\/07\/2021 - 27\/08\/2021<\/td><td class=\"column-5\">1\/2021\t<\/td><td class=\"column-6\">Credenciamento - Chamamento P\u00fablico<\/td><td class=\"column-7\">Menor Pre\u00e7o Por Item<\/td><td class=\"column-8\"><\/td><td class=\"column-9\">CREDENCIAMENTO DE PESSOAS J\u00daRIDICAS E PESSOAS F\u00cdSICAS, COM O OBJETIVO DE PRESTA\u00c7\u00c3O DE SERVI\u00c7OS ART\u00cdSTICOS E CULTURAIS, NAS LINGUAGENS ART\u00cdSTICAS CONSTANTES<\/td><td class=\"column-10\">10010000 - Recursos Ordin\u00e1rios<\/td><td class=\"column-11\">100<\/td><td class=\"column-12\">058.967.924-41<\/td><td class=\"column-13\">FRANCISCA ALENILDA DA SILVA<\/td><td class=\"column-14\">RAFAEL ANDERSON DE ARA\u00daJO SILVA<\/td><td class=\"column-15\"><\/td><td class=\"column-16\"><\/td><td class=\"column-17\"><\/td><td class=\"column-18\"><\/td><td class=\"column-19\">0<\/td><td class=\"column-20\"><\/td><td class=\"column-21\">100<\/td><td class=\"column-22\">06\/10\/2021<\/td><td class=\"column-23\">20\/10\/2021<\/td><td class=\"column-24\">95<\/td>\n<\/tr>\n<tr class=\"row-762\">\n\t<td class=\"column-1\">70\/2021\t<\/td><td class=\"column-2\">29\/07\/2021<\/td><td class=\"column-3\">29\/07\/2021<\/td><td class=\"column-4\">29\/07\/2021 - 27\/08\/2021<\/td><td class=\"column-5\">1\/2021\t<\/td><td class=\"column-6\">Credenciamento - Chamamento P\u00fablico<\/td><td class=\"column-7\">Menor Pre\u00e7o Por Item<\/td><td class=\"column-8\"><\/td><td class=\"column-9\">CREDENCIAMENTO DE PESSOAS J\u00daRIDICAS E PESSOAS F\u00cdSICAS, COM O OBJETIVO DE PRESTA\u00c7\u00c3O DE SERVI\u00c7OS ART\u00cdSTICOS E CULTURAIS, NAS LINGUAGENS ART\u00cdSTICAS CONSTANTES<\/td><td class=\"column-10\">10010000 - Recursos Ordin\u00e1rios<\/td><td class=\"column-11\">100<\/td><td class=\"column-12\">429.206.124-68<\/td><td class=\"column-13\">REJANE DE OLIVEIRA LIMA<\/td><td class=\"column-14\">RAFAEL ANDERSON DE ARA\u00daJO SILVA<\/td><td class=\"column-15\"><\/td><td class=\"column-16\"><\/td><td class=\"column-17\"><\/td><td class=\"column-18\"><\/td><td class=\"column-19\">0<\/td><td class=\"column-20\"><\/td><td class=\"column-21\"><\/td><td class=\"column-22\"><\/td><td class=\"column-23\"><\/td><td class=\"column-24\"><\/td>\n<\/tr>\n<tr class=\"row-763\">\n\t<td class=\"column-1\">70\/2021\t<\/td><td class=\"column-2\">29\/07\/2021<\/td><td class=\"column-3\">29\/07\/2021<\/td><td class=\"column-4\">29\/07\/2021 - 27\/08\/2021<\/td><td class=\"column-5\">1\/2021\t<\/td><td class=\"column-6\">Credenciamento - Chamamento P\u00fablico<\/td><td class=\"column-7\">Menor Pre\u00e7o Por Item<\/td><td class=\"column-8\"><\/td><td class=\"column-9\">CREDENCIAMENTO DE PESSOAS J\u00daRIDICAS E PESSOAS F\u00cdSICAS, COM O OBJETIVO DE PRESTA\u00c7\u00c3O DE SERVI\u00c7OS ART\u00cdSTICOS E CULTURAIS, NAS LINGUAGENS ART\u00cdSTICAS CONSTANTES<\/td><td class=\"column-10\">10010000 - Recursos Ordin\u00e1rios<\/td><td class=\"column-11\">100<\/td><td class=\"column-12\">429.206.124-68<\/td><td class=\"column-13\">REJANE DE OLIVEIRA LIMA<\/td><td class=\"column-14\">RAFAEL ANDERSON DE ARA\u00daJO SILVA<\/td><td class=\"column-15\"><\/td><td class=\"column-16\"><\/td><td class=\"column-17\"><\/td><td class=\"column-18\"><\/td><td class=\"column-19\">0<\/td><td class=\"column-20\"><\/td><td class=\"column-21\">100<\/td><td class=\"column-22\">06\/10\/2021<\/td><td class=\"column-23\"><\/td><td class=\"column-24\"><\/td>\n<\/tr>\n<tr class=\"row-764\">\n\t<td class=\"column-1\">70\/2021\t<\/td><td class=\"column-2\">29\/07\/2021<\/td><td class=\"column-3\">29\/07\/2021<\/td><td class=\"column-4\">29\/07\/2021 - 27\/08\/2021<\/td><td class=\"column-5\">1\/2021\t<\/td><td class=\"column-6\">Credenciamento - Chamamento P\u00fablico<\/td><td class=\"column-7\">Menor Pre\u00e7o Por Item<\/td><td class=\"column-8\"><\/td><td class=\"column-9\">CREDENCIAMENTO DE PESSOAS J\u00daRIDICAS E PESSOAS F\u00cdSICAS, COM O OBJETIVO DE PRESTA\u00c7\u00c3O DE SERVI\u00c7OS ART\u00cdSTICOS E CULTURAIS, NAS LINGUAGENS ART\u00cdSTICAS CONSTANTES<\/td><td class=\"column-10\">10010000 - Recursos Ordin\u00e1rios<\/td><td class=\"column-11\">100<\/td><td class=\"column-12\">429.206.124-68<\/td><td class=\"column-13\">REJANE DE OLIVEIRA LIMA<\/td><td class=\"column-14\">RAFAEL ANDERSON DE ARA\u00daJO SILVA<\/td><td class=\"column-15\"><\/td><td class=\"column-16\"><\/td><td class=\"column-17\"><\/td><td class=\"column-18\"><\/td><td class=\"column-19\">0<\/td><td class=\"column-20\"><\/td><td class=\"column-21\">100<\/td><td class=\"column-22\">06\/10\/2021<\/td><td class=\"column-23\">08\/10\/2021<\/td><td class=\"column-24\">5<\/td>\n<\/tr>\n<tr class=\"row-765\">\n\t<td class=\"column-1\">70\/2021\t<\/td><td class=\"column-2\">29\/07\/2021<\/td><td class=\"column-3\">29\/07\/2021<\/td><td class=\"column-4\">29\/07\/2021 - 27\/08\/2021<\/td><td class=\"column-5\">1\/2021\t<\/td><td class=\"column-6\">Credenciamento - Chamamento P\u00fablico<\/td><td class=\"column-7\">Menor Pre\u00e7o Por Item<\/td><td class=\"column-8\"><\/td><td class=\"column-9\">CREDENCIAMENTO DE PESSOAS J\u00daRIDICAS E PESSOAS F\u00cdSICAS, COM O OBJETIVO DE PRESTA\u00c7\u00c3O DE SERVI\u00c7OS ART\u00cdSTICOS E CULTURAIS, NAS LINGUAGENS ART\u00cdSTICAS CONSTANTES<\/td><td class=\"column-10\">10010000 - Recursos Ordin\u00e1rios<\/td><td class=\"column-11\">100<\/td><td class=\"column-12\">429.206.124-68<\/td><td class=\"column-13\">REJANE DE OLIVEIRA LIMA<\/td><td class=\"column-14\">RAFAEL ANDERSON DE ARA\u00daJO SILVA<\/td><td class=\"column-15\"><\/td><td class=\"column-16\"><\/td><td class=\"column-17\"><\/td><td class=\"column-18\"><\/td><td class=\"column-19\">0<\/td><td class=\"column-20\"><\/td><td class=\"column-21\">100<\/td><td class=\"column-22\">06\/10\/2021<\/td><td class=\"column-23\">15\/10\/2021<\/td><td class=\"column-24\">95<\/td>\n<\/tr>\n<tr class=\"row-766\">\n\t<td class=\"column-1\">71\/2021\t<\/td><td class=\"column-2\">29\/07\/2021<\/td><td class=\"column-3\">30\/07\/2021<\/td><td class=\"column-4\">29\/07\/2021 - 27\/08\/2021<\/td><td class=\"column-5\">1\/2021\t<\/td><td class=\"column-6\">Credenciamento - Chamamento P\u00fablico<\/td><td class=\"column-7\">Menor Pre\u00e7o Por Item<\/td><td class=\"column-8\"><\/td><td class=\"column-9\">CREDENCIAMENTO DE PESSOAS J\u00daRIDICAS E PESSOAS F\u00cdSICAS, COM O OBJETIVO DE PRESTA\u00c7\u00c3O DE SERVI\u00c7OS ART\u00cdSTICOS E CULTURAIS, NAS LINGUAGENS ART\u00cdSTICAS CONSTANTES<\/td><td class=\"column-10\">10010000 - Recursos Ordin\u00e1rios<\/td><td class=\"column-11\">100<\/td><td class=\"column-12\">117.164.594-51<\/td><td class=\"column-13\">MARIA DAIANA DA SILVA OVIDIO<\/td><td class=\"column-14\">RAFAEL ANDERSON DE ARA\u00daJO SILVA<\/td><td class=\"column-15\"><\/td><td class=\"column-16\"><\/td><td class=\"column-17\"><\/td><td class=\"column-18\"><\/td><td class=\"column-19\">0<\/td><td class=\"column-20\"><\/td><td class=\"column-21\"><\/td><td class=\"column-22\"><\/td><td class=\"column-23\"><\/td><td class=\"column-24\"><\/td>\n<\/tr>\n<tr class=\"row-767\">\n\t<td class=\"column-1\">71\/2021\t<\/td><td class=\"column-2\">29\/07\/2021<\/td><td class=\"column-3\">30\/07\/2021<\/td><td class=\"column-4\">29\/07\/2021 - 27\/08\/2021<\/td><td class=\"column-5\">1\/2021\t<\/td><td class=\"column-6\">Credenciamento - Chamamento P\u00fablico<\/td><td class=\"column-7\">Menor Pre\u00e7o Por Item<\/td><td class=\"column-8\"><\/td><td class=\"column-9\">CREDENCIAMENTO DE PESSOAS J\u00daRIDICAS E PESSOAS F\u00cdSICAS, COM O OBJETIVO DE PRESTA\u00c7\u00c3O DE SERVI\u00c7OS ART\u00cdSTICOS E CULTURAIS, NAS LINGUAGENS ART\u00cdSTICAS CONSTANTES<\/td><td class=\"column-10\">10010000 - Recursos Ordin\u00e1rios<\/td><td class=\"column-11\">100<\/td><td class=\"column-12\">117.164.594-51<\/td><td class=\"column-13\">MARIA DAIANA DA SILVA OVIDIO<\/td><td class=\"column-14\">RAFAEL ANDERSON DE ARA\u00daJO SILVA<\/td><td class=\"column-15\"><\/td><td class=\"column-16\"><\/td><td class=\"column-17\"><\/td><td class=\"column-18\"><\/td><td class=\"column-19\">0<\/td><td class=\"column-20\"><\/td><td class=\"column-21\">100<\/td><td class=\"column-22\">06\/10\/2021<\/td><td class=\"column-23\"><\/td><td class=\"column-24\"><\/td>\n<\/tr>\n<tr class=\"row-768\">\n\t<td class=\"column-1\">71\/2021\t<\/td><td class=\"column-2\">29\/07\/2021<\/td><td class=\"column-3\">30\/07\/2021<\/td><td class=\"column-4\">29\/07\/2021 - 27\/08\/2021<\/td><td class=\"column-5\">1\/2021\t<\/td><td class=\"column-6\">Credenciamento - Chamamento P\u00fablico<\/td><td class=\"column-7\">Menor Pre\u00e7o Por Item<\/td><td class=\"column-8\"><\/td><td class=\"column-9\">CREDENCIAMENTO DE PESSOAS J\u00daRIDICAS E PESSOAS F\u00cdSICAS, COM O OBJETIVO DE PRESTA\u00c7\u00c3O DE SERVI\u00c7OS ART\u00cdSTICOS E CULTURAIS, NAS LINGUAGENS ART\u00cdSTICAS CONSTANTES<\/td><td class=\"column-10\">10010000 - Recursos Ordin\u00e1rios<\/td><td class=\"column-11\">100<\/td><td class=\"column-12\">117.164.594-51<\/td><td class=\"column-13\">MARIA DAIANA DA SILVA OVIDIO<\/td><td class=\"column-14\">RAFAEL ANDERSON DE ARA\u00daJO SILVA<\/td><td class=\"column-15\"><\/td><td class=\"column-16\"><\/td><td class=\"column-17\"><\/td><td class=\"column-18\"><\/td><td class=\"column-19\">0<\/td><td class=\"column-20\"><\/td><td class=\"column-21\">100<\/td><td class=\"column-22\">06\/10\/2021<\/td><td class=\"column-23\">08\/10\/2021<\/td><td class=\"column-24\">5<\/td>\n<\/tr>\n<tr class=\"row-769\">\n\t<td class=\"column-1\">71\/2021\t<\/td><td class=\"column-2\">29\/07\/2021<\/td><td class=\"column-3\">30\/07\/2021<\/td><td class=\"column-4\">29\/07\/2021 - 27\/08\/2021<\/td><td class=\"column-5\">1\/2021\t<\/td><td class=\"column-6\">Credenciamento - Chamamento P\u00fablico<\/td><td class=\"column-7\">Menor Pre\u00e7o Por Item<\/td><td class=\"column-8\"><\/td><td class=\"column-9\">CREDENCIAMENTO DE PESSOAS J\u00daRIDICAS E PESSOAS F\u00cdSICAS, COM O OBJETIVO DE PRESTA\u00c7\u00c3O DE SERVI\u00c7OS ART\u00cdSTICOS E CULTURAIS, NAS LINGUAGENS ART\u00cdSTICAS CONSTANTES<\/td><td class=\"column-10\">10010000 - Recursos Ordin\u00e1rios<\/td><td class=\"column-11\">100<\/td><td class=\"column-12\">117.164.594-51<\/td><td class=\"column-13\">MARIA DAIANA DA SILVA OVIDIO<\/td><td class=\"column-14\">RAFAEL ANDERSON DE ARA\u00daJO SILVA<\/td><td class=\"column-15\"><\/td><td class=\"column-16\"><\/td><td class=\"column-17\"><\/td><td class=\"column-18\"><\/td><td class=\"column-19\">0<\/td><td class=\"column-20\"><\/td><td class=\"column-21\">100<\/td><td class=\"column-22\">06\/10\/2021<\/td><td class=\"column-23\">14\/10\/2021<\/td><td class=\"column-24\">95<\/td>\n<\/tr>\n<tr class=\"row-770\">\n\t<td class=\"column-1\">72\/2021\t<\/td><td class=\"column-2\">29\/07\/2021<\/td><td class=\"column-3\">30\/07\/2021<\/td><td class=\"column-4\">29\/07\/2021 - 27\/08\/2021<\/td><td class=\"column-5\">1\/2021\t<\/td><td class=\"column-6\">Credenciamento - Chamamento P\u00fablico<\/td><td class=\"column-7\">Menor Pre\u00e7o Por Item<\/td><td class=\"column-8\"><\/td><td class=\"column-9\">CREDENCIAMENTO DE PESSOAS J\u00daRIDICAS E PESSOAS F\u00cdSICAS, COM O OBJETIVO DE PRESTA\u00c7\u00c3O DE SERVI\u00c7OS ART\u00cdSTICOS E CULTURAIS, NAS LINGUAGENS ART\u00cdSTICAS CONSTANTES<\/td><td class=\"column-10\">10010000 - Recursos Ordin\u00e1rios<\/td><td class=\"column-11\">100<\/td><td class=\"column-12\">938.052.684-91<\/td><td class=\"column-13\">LUCIMAR BEZERRA<\/td><td class=\"column-14\">RAFAEL ANDERSON DE ARA\u00daJO SILVA<\/td><td class=\"column-15\"><\/td><td class=\"column-16\"><\/td><td class=\"column-17\"><\/td><td class=\"column-18\"><\/td><td class=\"column-19\">0<\/td><td class=\"column-20\"><\/td><td class=\"column-21\"><\/td><td class=\"column-22\"><\/td><td class=\"column-23\"><\/td><td class=\"column-24\"><\/td>\n<\/tr>\n<tr class=\"row-771\">\n\t<td class=\"column-1\">72\/2021\t<\/td><td class=\"column-2\">29\/07\/2021<\/td><td class=\"column-3\">30\/07\/2021<\/td><td class=\"column-4\">29\/07\/2021 - 27\/08\/2021<\/td><td class=\"column-5\">1\/2021\t<\/td><td class=\"column-6\">Credenciamento - Chamamento P\u00fablico<\/td><td class=\"column-7\">Menor Pre\u00e7o Por Item<\/td><td class=\"column-8\"><\/td><td class=\"column-9\">CREDENCIAMENTO DE PESSOAS J\u00daRIDICAS E PESSOAS F\u00cdSICAS, COM O OBJETIVO DE PRESTA\u00c7\u00c3O DE SERVI\u00c7OS ART\u00cdSTICOS E CULTURAIS, NAS LINGUAGENS ART\u00cdSTICAS CONSTANTES<\/td><td class=\"column-10\">10010000 - Recursos Ordin\u00e1rios<\/td><td class=\"column-11\">100<\/td><td class=\"column-12\">938.052.684-91<\/td><td class=\"column-13\">LUCIMAR BEZERRA<\/td><td class=\"column-14\">RAFAEL ANDERSON DE ARA\u00daJO SILVA<\/td><td class=\"column-15\"><\/td><td class=\"column-16\"><\/td><td class=\"column-17\"><\/td><td class=\"column-18\"><\/td><td class=\"column-19\">0<\/td><td class=\"column-20\"><\/td><td class=\"column-21\">100<\/td><td class=\"column-22\">06\/10\/2021<\/td><td class=\"column-23\">08\/10\/2021<\/td><td class=\"column-24\">5<\/td>\n<\/tr>\n<tr class=\"row-772\">\n\t<td class=\"column-1\">72\/2021\t<\/td><td class=\"column-2\">29\/07\/2021<\/td><td class=\"column-3\">30\/07\/2021<\/td><td class=\"column-4\">29\/07\/2021 - 27\/08\/2021<\/td><td class=\"column-5\">1\/2021\t<\/td><td class=\"column-6\">Credenciamento - Chamamento P\u00fablico<\/td><td class=\"column-7\">Menor Pre\u00e7o Por Item<\/td><td class=\"column-8\"><\/td><td class=\"column-9\">CREDENCIAMENTO DE PESSOAS J\u00daRIDICAS E PESSOAS F\u00cdSICAS, COM O OBJETIVO DE PRESTA\u00c7\u00c3O DE SERVI\u00c7OS ART\u00cdSTICOS E CULTURAIS, NAS LINGUAGENS ART\u00cdSTICAS CONSTANTES<\/td><td class=\"column-10\">10010000 - Recursos Ordin\u00e1rios<\/td><td class=\"column-11\">100<\/td><td class=\"column-12\">938.052.684-91<\/td><td class=\"column-13\">LUCIMAR BEZERRA<\/td><td class=\"column-14\">RAFAEL ANDERSON DE ARA\u00daJO SILVA<\/td><td class=\"column-15\"><\/td><td class=\"column-16\"><\/td><td class=\"column-17\"><\/td><td class=\"column-18\"><\/td><td class=\"column-19\">0<\/td><td class=\"column-20\"><\/td><td class=\"column-21\">100<\/td><td class=\"column-22\">06\/10\/2021<\/td><td class=\"column-23\">08\/10\/2021<\/td><td class=\"column-24\">95<\/td>\n<\/tr>\n<tr class=\"row-773\">\n\t<td class=\"column-1\">73\/2021\t<\/td><td class=\"column-2\">29\/07\/2021<\/td><td class=\"column-3\">30\/07\/2021<\/td><td class=\"column-4\">29\/07\/2021 - 27\/08\/2021<\/td><td class=\"column-5\">1\/2021\t<\/td><td class=\"column-6\">Credenciamento - Chamamento P\u00fablico<\/td><td class=\"column-7\">Menor Pre\u00e7o Por Item<\/td><td class=\"column-8\"><\/td><td class=\"column-9\">CREDENCIAMENTO DE PESSOAS J\u00daRIDICAS E PESSOAS F\u00cdSICAS, COM O OBJETIVO DE PRESTA\u00c7\u00c3O DE SERVI\u00c7OS ART\u00cdSTICOS E CULTURAIS, NAS LINGUAGENS ART\u00cdSTICAS CONSTANTES<\/td><td class=\"column-10\">10010000 - Recursos Ordin\u00e1rios<\/td><td class=\"column-11\">100<\/td><td class=\"column-12\">087.137.174-05<\/td><td class=\"column-13\">LENILDA VICTOR DE LIMA<\/td><td class=\"column-14\">RAFAEL ANDERSON DE ARA\u00daJO SILVA<\/td><td class=\"column-15\"><\/td><td class=\"column-16\"><\/td><td class=\"column-17\"><\/td><td class=\"column-18\"><\/td><td class=\"column-19\">0<\/td><td class=\"column-20\"><\/td><td class=\"column-21\"><\/td><td class=\"column-22\"><\/td><td class=\"column-23\"><\/td><td class=\"column-24\"><\/td>\n<\/tr>\n<tr class=\"row-774\">\n\t<td class=\"column-1\">73\/2021\t<\/td><td class=\"column-2\">29\/07\/2021<\/td><td class=\"column-3\">30\/07\/2021<\/td><td class=\"column-4\">29\/07\/2021 - 27\/08\/2021<\/td><td class=\"column-5\">1\/2021\t<\/td><td class=\"column-6\">Credenciamento - Chamamento P\u00fablico<\/td><td class=\"column-7\">Menor Pre\u00e7o Por Item<\/td><td class=\"column-8\"><\/td><td class=\"column-9\">CREDENCIAMENTO DE PESSOAS J\u00daRIDICAS E PESSOAS F\u00cdSICAS, COM O OBJETIVO DE PRESTA\u00c7\u00c3O DE SERVI\u00c7OS ART\u00cdSTICOS E CULTURAIS, NAS LINGUAGENS ART\u00cdSTICAS CONSTANTES<\/td><td class=\"column-10\">10010000 - Recursos Ordin\u00e1rios<\/td><td class=\"column-11\">100<\/td><td class=\"column-12\">087.137.174-05<\/td><td class=\"column-13\">LENILDA VICTOR DE LIMA<\/td><td class=\"column-14\">RAFAEL ANDERSON DE ARA\u00daJO SILVA<\/td><td class=\"column-15\"><\/td><td class=\"column-16\"><\/td><td class=\"column-17\"><\/td><td class=\"column-18\"><\/td><td class=\"column-19\">0<\/td><td class=\"column-20\"><\/td><td class=\"column-21\">100<\/td><td class=\"column-22\">06\/10\/2021<\/td><td class=\"column-23\"><\/td><td class=\"column-24\"><\/td>\n<\/tr>\n<tr class=\"row-775\">\n\t<td class=\"column-1\">73\/2021\t<\/td><td class=\"column-2\">29\/07\/2021<\/td><td class=\"column-3\">30\/07\/2021<\/td><td class=\"column-4\">29\/07\/2021 - 27\/08\/2021<\/td><td class=\"column-5\">1\/2021\t<\/td><td class=\"column-6\">Credenciamento - Chamamento P\u00fablico<\/td><td class=\"column-7\">Menor Pre\u00e7o Por Item<\/td><td class=\"column-8\"><\/td><td class=\"column-9\">CREDENCIAMENTO DE PESSOAS J\u00daRIDICAS E PESSOAS F\u00cdSICAS, COM O OBJETIVO DE PRESTA\u00c7\u00c3O DE SERVI\u00c7OS ART\u00cdSTICOS E CULTURAIS, NAS LINGUAGENS ART\u00cdSTICAS CONSTANTES<\/td><td class=\"column-10\">10010000 - Recursos Ordin\u00e1rios<\/td><td class=\"column-11\">100<\/td><td class=\"column-12\">087.137.174-05<\/td><td class=\"column-13\">LENILDA VICTOR DE LIMA<\/td><td class=\"column-14\">RAFAEL ANDERSON DE ARA\u00daJO SILVA<\/td><td class=\"column-15\"><\/td><td class=\"column-16\"><\/td><td class=\"column-17\"><\/td><td class=\"column-18\"><\/td><td class=\"column-19\">0<\/td><td class=\"column-20\"><\/td><td class=\"column-21\">100<\/td><td class=\"column-22\">06\/10\/2021<\/td><td class=\"column-23\">08\/10\/2021<\/td><td class=\"column-24\">5<\/td>\n<\/tr>\n<tr class=\"row-776\">\n\t<td class=\"column-1\">73\/2021\t<\/td><td class=\"column-2\">29\/07\/2021<\/td><td class=\"column-3\">30\/07\/2021<\/td><td class=\"column-4\">29\/07\/2021 - 27\/08\/2021<\/td><td class=\"column-5\">1\/2021\t<\/td><td class=\"column-6\">Credenciamento - Chamamento P\u00fablico<\/td><td class=\"column-7\">Menor Pre\u00e7o Por Item<\/td><td class=\"column-8\"><\/td><td class=\"column-9\">CREDENCIAMENTO DE PESSOAS J\u00daRIDICAS E PESSOAS F\u00cdSICAS, COM O OBJETIVO DE PRESTA\u00c7\u00c3O DE SERVI\u00c7OS ART\u00cdSTICOS E CULTURAIS, NAS LINGUAGENS ART\u00cdSTICAS CONSTANTES<\/td><td class=\"column-10\">10010000 - Recursos Ordin\u00e1rios<\/td><td class=\"column-11\">100<\/td><td class=\"column-12\">087.137.174-05<\/td><td class=\"column-13\">LENILDA VICTOR DE LIMA<\/td><td class=\"column-14\">RAFAEL ANDERSON DE ARA\u00daJO SILVA<\/td><td class=\"column-15\"><\/td><td class=\"column-16\"><\/td><td class=\"column-17\"><\/td><td class=\"column-18\"><\/td><td class=\"column-19\">0<\/td><td class=\"column-20\"><\/td><td class=\"column-21\">100<\/td><td class=\"column-22\">06\/10\/2021<\/td><td class=\"column-23\">15\/10\/2021<\/td><td class=\"column-24\">95<\/td>\n<\/tr>\n<tr class=\"row-777\">\n\t<td class=\"column-1\">74\/2021\t<\/td><td class=\"column-2\">29\/07\/2021<\/td><td class=\"column-3\">30\/07\/2021<\/td><td class=\"column-4\">29\/07\/2021 - 27\/08\/2021<\/td><td class=\"column-5\">1\/2021\t<\/td><td class=\"column-6\">Credenciamento - Chamamento P\u00fablico<\/td><td class=\"column-7\">Menor Pre\u00e7o Por Item<\/td><td class=\"column-8\"><\/td><td class=\"column-9\">CREDENCIAMENTO DE PESSOAS J\u00daRIDICAS E PESSOAS F\u00cdSICAS, COM O OBJETIVO DE PRESTA\u00c7\u00c3O DE SERVI\u00c7OS ART\u00cdSTICOS E CULTURAIS, NAS LINGUAGENS ART\u00cdSTICAS CONSTANTES<\/td><td class=\"column-10\">10010000 - Recursos Ordin\u00e1rios<\/td><td class=\"column-11\">1200<\/td><td class=\"column-12\">127.282.004-16<\/td><td class=\"column-13\">MAIRA HEMELLY MARTINS RODRIGUES<\/td><td class=\"column-14\">RAFAEL ANDERSON DE ARA\u00daJO SILVA<\/td><td class=\"column-15\"><\/td><td class=\"column-16\"><\/td><td class=\"column-17\"><\/td><td class=\"column-18\"><\/td><td class=\"column-19\">0<\/td><td class=\"column-20\"><\/td><td class=\"column-21\"><\/td><td class=\"column-22\"><\/td><td class=\"column-23\"><\/td><td class=\"column-24\"><\/td>\n<\/tr>\n<tr class=\"row-778\">\n\t<td class=\"column-1\">74\/2021\t<\/td><td class=\"column-2\">29\/07\/2021<\/td><td class=\"column-3\">30\/07\/2021<\/td><td class=\"column-4\">29\/07\/2021 - 27\/08\/2021<\/td><td class=\"column-5\">1\/2021\t<\/td><td class=\"column-6\">Credenciamento - Chamamento P\u00fablico<\/td><td class=\"column-7\">Menor Pre\u00e7o Por Item<\/td><td class=\"column-8\"><\/td><td class=\"column-9\">CREDENCIAMENTO DE PESSOAS J\u00daRIDICAS E PESSOAS F\u00cdSICAS, COM O OBJETIVO DE PRESTA\u00c7\u00c3O DE SERVI\u00c7OS ART\u00cdSTICOS E CULTURAIS, NAS LINGUAGENS ART\u00cdSTICAS CONSTANTES<\/td><td class=\"column-10\">10010000 - Recursos Ordin\u00e1rios<\/td><td class=\"column-11\">1200<\/td><td class=\"column-12\">127.282.004-16<\/td><td class=\"column-13\">MAIRA HEMELLY MARTINS RODRIGUES<\/td><td class=\"column-14\">RAFAEL ANDERSON DE ARA\u00daJO SILVA<\/td><td class=\"column-15\"><\/td><td class=\"column-16\"><\/td><td class=\"column-17\"><\/td><td class=\"column-18\"><\/td><td class=\"column-19\">0<\/td><td class=\"column-20\"><\/td><td class=\"column-21\">1200<\/td><td class=\"column-22\">06\/10\/2021<\/td><td class=\"column-23\">08\/10\/2021<\/td><td class=\"column-24\">60<\/td>\n<\/tr>\n<tr class=\"row-779\">\n\t<td class=\"column-1\">74\/2021\t<\/td><td class=\"column-2\">29\/07\/2021<\/td><td class=\"column-3\">30\/07\/2021<\/td><td class=\"column-4\">29\/07\/2021 - 27\/08\/2021<\/td><td class=\"column-5\">1\/2021\t<\/td><td class=\"column-6\">Credenciamento - Chamamento P\u00fablico<\/td><td class=\"column-7\">Menor Pre\u00e7o Por Item<\/td><td class=\"column-8\"><\/td><td class=\"column-9\">CREDENCIAMENTO DE PESSOAS J\u00daRIDICAS E PESSOAS F\u00cdSICAS, COM O OBJETIVO DE PRESTA\u00c7\u00c3O DE SERVI\u00c7OS ART\u00cdSTICOS E CULTURAIS, NAS LINGUAGENS ART\u00cdSTICAS CONSTANTES<\/td><td class=\"column-10\">10010000 - Recursos Ordin\u00e1rios<\/td><td class=\"column-11\">1200<\/td><td class=\"column-12\">127.282.004-16<\/td><td class=\"column-13\">MAIRA HEMELLY MARTINS RODRIGUES<\/td><td class=\"column-14\">RAFAEL ANDERSON DE ARA\u00daJO SILVA<\/td><td class=\"column-15\"><\/td><td class=\"column-16\"><\/td><td class=\"column-17\"><\/td><td class=\"column-18\"><\/td><td class=\"column-19\">0<\/td><td class=\"column-20\"><\/td><td class=\"column-21\">1200<\/td><td class=\"column-22\">06\/10\/2021<\/td><td class=\"column-23\">08\/10\/2021<\/td><td class=\"column-24\">1140<\/td>\n<\/tr>\n<tr class=\"row-780\">\n\t<td class=\"column-1\">75\/2021\t<\/td><td class=\"column-2\">29\/07\/2021<\/td><td class=\"column-3\">30\/07\/2021<\/td><td class=\"column-4\">29\/07\/2021 - 27\/08\/2021<\/td><td class=\"column-5\">1\/2021\t<\/td><td class=\"column-6\">Credenciamento - Chamamento P\u00fablico<\/td><td class=\"column-7\">Menor Pre\u00e7o Por Item<\/td><td class=\"column-8\"><\/td><td class=\"column-9\">CREDENCIAMENTO DE PESSOAS J\u00daRIDICAS E PESSOAS F\u00cdSICAS, COM O OBJETIVO DE PRESTA\u00c7\u00c3O DE SERVI\u00c7OS ART\u00cdSTICOS E CULTURAIS, NAS LINGUAGENS ART\u00cdSTICAS CONSTANTES<\/td><td class=\"column-10\">10010000 - Recursos Ordin\u00e1rios<\/td><td class=\"column-11\">1600<\/td><td class=\"column-12\">102.536.814-21<\/td><td class=\"column-13\">FRANK JOHN SOARES VIANA<\/td><td class=\"column-14\">RAFAEL ANDERSON DE ARA\u00daJO SILVA<\/td><td class=\"column-15\"><\/td><td class=\"column-16\"><\/td><td class=\"column-17\"><\/td><td class=\"column-18\"><\/td><td class=\"column-19\">0<\/td><td class=\"column-20\"><\/td><td class=\"column-21\"><\/td><td class=\"column-22\"><\/td><td class=\"column-23\"><\/td><td class=\"column-24\"><\/td>\n<\/tr>\n<tr class=\"row-781\">\n\t<td class=\"column-1\">75\/2021\t<\/td><td class=\"column-2\">29\/07\/2021<\/td><td class=\"column-3\">30\/07\/2021<\/td><td class=\"column-4\">29\/07\/2021 - 27\/08\/2021<\/td><td class=\"column-5\">1\/2021\t<\/td><td class=\"column-6\">Credenciamento - Chamamento P\u00fablico<\/td><td class=\"column-7\">Menor Pre\u00e7o Por Item<\/td><td class=\"column-8\"><\/td><td class=\"column-9\">CREDENCIAMENTO DE PESSOAS J\u00daRIDICAS E PESSOAS F\u00cdSICAS, COM O OBJETIVO DE PRESTA\u00c7\u00c3O DE SERVI\u00c7OS ART\u00cdSTICOS E CULTURAIS, NAS LINGUAGENS ART\u00cdSTICAS CONSTANTES<\/td><td class=\"column-10\">10010000 - Recursos Ordin\u00e1rios<\/td><td class=\"column-11\">1600<\/td><td class=\"column-12\">102.536.814-21<\/td><td class=\"column-13\">FRANK JOHN SOARES VIANA<\/td><td class=\"column-14\">RAFAEL ANDERSON DE ARA\u00daJO SILVA<\/td><td class=\"column-15\"><\/td><td class=\"column-16\"><\/td><td class=\"column-17\"><\/td><td class=\"column-18\"><\/td><td class=\"column-19\">0<\/td><td class=\"column-20\"><\/td><td class=\"column-21\">1600<\/td><td class=\"column-22\">06\/10\/2021<\/td><td class=\"column-23\"><\/td><td class=\"column-24\"><\/td>\n<\/tr>\n<tr class=\"row-782\">\n\t<td class=\"column-1\">75\/2021\t<\/td><td class=\"column-2\">29\/07\/2021<\/td><td class=\"column-3\">30\/07\/2021<\/td><td class=\"column-4\">29\/07\/2021 - 27\/08\/2021<\/td><td class=\"column-5\">1\/2021\t<\/td><td class=\"column-6\">Credenciamento - Chamamento P\u00fablico<\/td><td class=\"column-7\">Menor Pre\u00e7o Por Item<\/td><td class=\"column-8\"><\/td><td class=\"column-9\">CREDENCIAMENTO DE PESSOAS J\u00daRIDICAS E PESSOAS F\u00cdSICAS, COM O OBJETIVO DE PRESTA\u00c7\u00c3O DE SERVI\u00c7OS ART\u00cdSTICOS E CULTURAIS, NAS LINGUAGENS ART\u00cdSTICAS CONSTANTES<\/td><td class=\"column-10\">10010000 - Recursos Ordin\u00e1rios<\/td><td class=\"column-11\">1600<\/td><td class=\"column-12\">102.536.814-21<\/td><td class=\"column-13\">FRANK JOHN SOARES VIANA<\/td><td class=\"column-14\">RAFAEL ANDERSON DE ARA\u00daJO SILVA<\/td><td class=\"column-15\"><\/td><td class=\"column-16\"><\/td><td class=\"column-17\"><\/td><td class=\"column-18\"><\/td><td class=\"column-19\">0<\/td><td class=\"column-20\"><\/td><td class=\"column-21\">1600<\/td><td class=\"column-22\">06\/10\/2021<\/td><td class=\"column-23\">07\/10\/2021<\/td><td class=\"column-24\">96.8<\/td>\n<\/tr>\n<tr class=\"row-783\">\n\t<td class=\"column-1\">75\/2021\t<\/td><td class=\"column-2\">29\/07\/2021<\/td><td class=\"column-3\">30\/07\/2021<\/td><td class=\"column-4\">29\/07\/2021 - 27\/08\/2021<\/td><td class=\"column-5\">1\/2021\t<\/td><td class=\"column-6\">Credenciamento - Chamamento P\u00fablico<\/td><td class=\"column-7\">Menor Pre\u00e7o Por Item<\/td><td class=\"column-8\"><\/td><td class=\"column-9\">CREDENCIAMENTO DE PESSOAS J\u00daRIDICAS E PESSOAS F\u00cdSICAS, COM O OBJETIVO DE PRESTA\u00c7\u00c3O DE SERVI\u00c7OS ART\u00cdSTICOS E CULTURAIS, NAS LINGUAGENS ART\u00cdSTICAS CONSTANTES<\/td><td class=\"column-10\">10010000 - Recursos Ordin\u00e1rios<\/td><td class=\"column-11\">1600<\/td><td class=\"column-12\">102.536.814-21<\/td><td class=\"column-13\">FRANK JOHN SOARES VIANA<\/td><td class=\"column-14\">RAFAEL ANDERSON DE ARA\u00daJO SILVA<\/td><td class=\"column-15\"><\/td><td class=\"column-16\"><\/td><td class=\"column-17\"><\/td><td class=\"column-18\"><\/td><td class=\"column-19\">0<\/td><td class=\"column-20\"><\/td><td class=\"column-21\">1600<\/td><td class=\"column-22\">06\/10\/2021<\/td><td class=\"column-23\">07\/10\/2021<\/td><td class=\"column-24\">1503.2<\/td>\n<\/tr>\n<tr class=\"row-784\">\n\t<td class=\"column-1\">76\/2021\t<\/td><td class=\"column-2\">29\/07\/2021<\/td><td class=\"column-3\">30\/07\/2021<\/td><td class=\"column-4\">29\/07\/2021 - 27\/08\/2021<\/td><td class=\"column-5\">1\/2021\t<\/td><td class=\"column-6\">Credenciamento - Chamamento P\u00fablico<\/td><td class=\"column-7\">Menor Pre\u00e7o Por Item<\/td><td class=\"column-8\"><\/td><td class=\"column-9\">CREDENCIAMENTO DE PESSOAS J\u00daRIDICAS E PESSOAS F\u00cdSICAS, COM O OBJETIVO DE PRESTA\u00c7\u00c3O DE SERVI\u00c7OS ART\u00cdSTICOS E CULTURAIS, NAS LINGUAGENS ART\u00cdSTICAS CONSTANTES<\/td><td class=\"column-10\">10010000 - Recursos Ordin\u00e1rios<\/td><td class=\"column-11\">1200<\/td><td class=\"column-12\">701.156.854-99<\/td><td class=\"column-13\">JOSE ALESANDRO DA SILVA<\/td><td class=\"column-14\">RAFAEL ANDERSON DE ARA\u00daJO SILVA<\/td><td class=\"column-15\"><\/td><td class=\"column-16\"><\/td><td class=\"column-17\"><\/td><td class=\"column-18\"><\/td><td class=\"column-19\">0<\/td><td class=\"column-20\"><\/td><td class=\"column-21\"><\/td><td class=\"column-22\"><\/td><td class=\"column-23\"><\/td><td class=\"column-24\"><\/td>\n<\/tr>\n<tr class=\"row-785\">\n\t<td class=\"column-1\">76\/2021\t<\/td><td class=\"column-2\">29\/07\/2021<\/td><td class=\"column-3\">30\/07\/2021<\/td><td class=\"column-4\">29\/07\/2021 - 27\/08\/2021<\/td><td class=\"column-5\">1\/2021\t<\/td><td class=\"column-6\">Credenciamento - Chamamento P\u00fablico<\/td><td class=\"column-7\">Menor Pre\u00e7o Por Item<\/td><td class=\"column-8\"><\/td><td class=\"column-9\">CREDENCIAMENTO DE PESSOAS J\u00daRIDICAS E PESSOAS F\u00cdSICAS, COM O OBJETIVO DE PRESTA\u00c7\u00c3O DE SERVI\u00c7OS ART\u00cdSTICOS E CULTURAIS, NAS LINGUAGENS ART\u00cdSTICAS CONSTANTES<\/td><td class=\"column-10\">10010000 - Recursos Ordin\u00e1rios<\/td><td class=\"column-11\">1200<\/td><td class=\"column-12\">701.156.854-99<\/td><td class=\"column-13\">JOSE ALESANDRO DA SILVA<\/td><td class=\"column-14\">RAFAEL ANDERSON DE ARA\u00daJO SILVA<\/td><td class=\"column-15\"><\/td><td class=\"column-16\"><\/td><td class=\"column-17\"><\/td><td class=\"column-18\"><\/td><td class=\"column-19\">0<\/td><td class=\"column-20\"><\/td><td class=\"column-21\">1200<\/td><td class=\"column-22\">06\/10\/2021<\/td><td class=\"column-23\">08\/10\/2021<\/td><td class=\"column-24\">60<\/td>\n<\/tr>\n<tr class=\"row-786\">\n\t<td class=\"column-1\">76\/2021\t<\/td><td class=\"column-2\">29\/07\/2021<\/td><td class=\"column-3\">30\/07\/2021<\/td><td class=\"column-4\">29\/07\/2021 - 27\/08\/2021<\/td><td class=\"column-5\">1\/2021\t<\/td><td class=\"column-6\">Credenciamento - Chamamento P\u00fablico<\/td><td class=\"column-7\">Menor Pre\u00e7o Por Item<\/td><td class=\"column-8\"><\/td><td class=\"column-9\">CREDENCIAMENTO DE PESSOAS J\u00daRIDICAS E PESSOAS F\u00cdSICAS, COM O OBJETIVO DE PRESTA\u00c7\u00c3O DE SERVI\u00c7OS ART\u00cdSTICOS E CULTURAIS, NAS LINGUAGENS ART\u00cdSTICAS CONSTANTES<\/td><td class=\"column-10\">10010000 - Recursos Ordin\u00e1rios<\/td><td class=\"column-11\">1200<\/td><td class=\"column-12\">701.156.854-99<\/td><td class=\"column-13\">JOSE ALESANDRO DA SILVA<\/td><td class=\"column-14\">RAFAEL ANDERSON DE ARA\u00daJO SILVA<\/td><td class=\"column-15\"><\/td><td class=\"column-16\"><\/td><td class=\"column-17\"><\/td><td class=\"column-18\"><\/td><td class=\"column-19\">0<\/td><td class=\"column-20\"><\/td><td class=\"column-21\">1200<\/td><td class=\"column-22\">06\/10\/2021<\/td><td class=\"column-23\">08\/10\/2021<\/td><td class=\"column-24\">1140<\/td>\n<\/tr>\n<tr class=\"row-787\">\n\t<td class=\"column-1\">77\/2021\t<\/td><td class=\"column-2\">29\/07\/2021<\/td><td class=\"column-3\">30\/07\/2021<\/td><td class=\"column-4\">29\/07\/2021 - 27\/08\/2021<\/td><td class=\"column-5\">1\/2021\t<\/td><td class=\"column-6\">Credenciamento - Chamamento P\u00fablico<\/td><td class=\"column-7\">Menor Pre\u00e7o Por Item<\/td><td class=\"column-8\"><\/td><td class=\"column-9\">CREDENCIAMENTO DE PESSOAS J\u00daRIDICAS E PESSOAS F\u00cdSICAS, COM O OBJETIVO DE PRESTA\u00c7\u00c3O DE SERVI\u00c7OS ART\u00cdSTICOS E CULTURAIS, NAS LINGUAGENS ART\u00cdSTICAS CONSTANTES<\/td><td class=\"column-10\"><\/td><td class=\"column-11\">400<\/td><td class=\"column-12\">073.340.464-20<\/td><td class=\"column-13\">FRANCISCO DE ASSIS FERNANDES DE ARAUJO<\/td><td class=\"column-14\">RAFAEL ANDERSON DE ARA\u00daJO SILVA<\/td><td class=\"column-15\"><\/td><td class=\"column-16\"><\/td><td class=\"column-17\"><\/td><td class=\"column-18\"><\/td><td class=\"column-19\">0<\/td><td class=\"column-20\"><\/td><td class=\"column-21\"><\/td><td class=\"column-22\"><\/td><td class=\"column-23\"><\/td><td class=\"column-24\"><\/td>\n<\/tr>\n<tr class=\"row-788\">\n\t<td class=\"column-1\">78\/2021\t<\/td><td class=\"column-2\">29\/07\/2021<\/td><td class=\"column-3\">30\/07\/2021<\/td><td class=\"column-4\">29\/07\/2021 - 27\/08\/2021<\/td><td class=\"column-5\">1\/2021\t<\/td><td class=\"column-6\">Credenciamento - Chamamento P\u00fablico<\/td><td class=\"column-7\">Menor Pre\u00e7o Por Item<\/td><td class=\"column-8\"><\/td><td class=\"column-9\">CREDENCIAMENTO DE PESSOAS J\u00daRIDICAS E PESSOAS F\u00cdSICAS, COM O OBJETIVO DE PRESTA\u00c7\u00c3O DE SERVI\u00c7OS ART\u00cdSTICOS E CULTURAIS, NAS LINGUAGENS ART\u00cdSTICAS CONSTANTES<\/td><td class=\"column-10\">10010000 - Recursos Ordin\u00e1rios<\/td><td class=\"column-11\">100<\/td><td class=\"column-12\">021.988.254-14<\/td><td class=\"column-13\">DAMIANA VICTOR DOS SANTOS LIMA<\/td><td class=\"column-14\">RAFAEL ANDERSON DE ARA\u00daJO SILVA<\/td><td class=\"column-15\"><\/td><td class=\"column-16\"><\/td><td class=\"column-17\"><\/td><td class=\"column-18\"><\/td><td class=\"column-19\">0<\/td><td class=\"column-20\"><\/td><td class=\"column-21\"><\/td><td class=\"column-22\"><\/td><td class=\"column-23\"><\/td><td class=\"column-24\"><\/td>\n<\/tr>\n<tr class=\"row-789\">\n\t<td class=\"column-1\">78\/2021\t<\/td><td class=\"column-2\">29\/07\/2021<\/td><td class=\"column-3\">30\/07\/2021<\/td><td class=\"column-4\">29\/07\/2021 - 27\/08\/2021<\/td><td class=\"column-5\">1\/2021\t<\/td><td class=\"column-6\">Credenciamento - Chamamento P\u00fablico<\/td><td class=\"column-7\">Menor Pre\u00e7o Por Item<\/td><td class=\"column-8\"><\/td><td class=\"column-9\">CREDENCIAMENTO DE PESSOAS J\u00daRIDICAS E PESSOAS F\u00cdSICAS, COM O OBJETIVO DE PRESTA\u00c7\u00c3O DE SERVI\u00c7OS ART\u00cdSTICOS E CULTURAIS, NAS LINGUAGENS ART\u00cdSTICAS CONSTANTES<\/td><td class=\"column-10\">10010000 - Recursos Ordin\u00e1rios<\/td><td class=\"column-11\">100<\/td><td class=\"column-12\">021.988.254-14<\/td><td class=\"column-13\">DAMIANA VICTOR DOS SANTOS LIMA<\/td><td class=\"column-14\">RAFAEL ANDERSON DE ARA\u00daJO SILVA<\/td><td class=\"column-15\"><\/td><td class=\"column-16\"><\/td><td class=\"column-17\"><\/td><td class=\"column-18\"><\/td><td class=\"column-19\">0<\/td><td class=\"column-20\"><\/td><td class=\"column-21\">100<\/td><td class=\"column-22\">06\/10\/2021<\/td><td class=\"column-23\">08\/10\/2021<\/td><td class=\"column-24\">5<\/td>\n<\/tr>\n<tr class=\"row-790\">\n\t<td class=\"column-1\">78\/2021\t<\/td><td class=\"column-2\">29\/07\/2021<\/td><td class=\"column-3\">30\/07\/2021<\/td><td class=\"column-4\">29\/07\/2021 - 27\/08\/2021<\/td><td class=\"column-5\">1\/2021\t<\/td><td class=\"column-6\">Credenciamento - Chamamento P\u00fablico<\/td><td class=\"column-7\">Menor Pre\u00e7o Por Item<\/td><td class=\"column-8\"><\/td><td class=\"column-9\">CREDENCIAMENTO DE PESSOAS J\u00daRIDICAS E PESSOAS F\u00cdSICAS, COM O OBJETIVO DE PRESTA\u00c7\u00c3O DE SERVI\u00c7OS ART\u00cdSTICOS E CULTURAIS, NAS LINGUAGENS ART\u00cdSTICAS CONSTANTES<\/td><td class=\"column-10\">10010000 - Recursos Ordin\u00e1rios<\/td><td class=\"column-11\">100<\/td><td class=\"column-12\">021.988.254-14<\/td><td class=\"column-13\">DAMIANA VICTOR DOS SANTOS LIMA<\/td><td class=\"column-14\">RAFAEL ANDERSON DE ARA\u00daJO SILVA<\/td><td class=\"column-15\"><\/td><td class=\"column-16\"><\/td><td class=\"column-17\"><\/td><td class=\"column-18\"><\/td><td class=\"column-19\">0<\/td><td class=\"column-20\"><\/td><td class=\"column-21\">100<\/td><td class=\"column-22\">06\/10\/2021<\/td><td class=\"column-23\">08\/10\/2021<\/td><td class=\"column-24\">95<\/td>\n<\/tr>\n<tr class=\"row-791\">\n\t<td class=\"column-1\">79\/2021\t<\/td><td class=\"column-2\">29\/07\/2021<\/td><td class=\"column-3\">30\/07\/2021<\/td><td class=\"column-4\">29\/07\/2021 - 27\/08\/2021<\/td><td class=\"column-5\">1\/2021\t<\/td><td class=\"column-6\">Credenciamento - Chamamento P\u00fablico<\/td><td class=\"column-7\">Menor Pre\u00e7o Por Item<\/td><td class=\"column-8\"><\/td><td class=\"column-9\">CREDENCIAMENTO DE PESSOAS J\u00daRIDICAS E PESSOAS F\u00cdSICAS, COM O OBJETIVO DE PRESTA\u00c7\u00c3O DE SERVI\u00c7OS ART\u00cdSTICOS E CULTURAIS, NAS LINGUAGENS ART\u00cdSTICAS CONSTANTES<\/td><td class=\"column-10\">10010000 - Recursos Ordin\u00e1rios<\/td><td class=\"column-11\">3200<\/td><td class=\"column-12\">109.081.064-40<\/td><td class=\"column-13\">ALYSSON SENA DE LIMA SILVA<\/td><td class=\"column-14\">RAFAEL ANDERSON DE ARA\u00daJO SILVA<\/td><td class=\"column-15\"><\/td><td class=\"column-16\"><\/td><td class=\"column-17\"><\/td><td class=\"column-18\"><\/td><td class=\"column-19\">0<\/td><td class=\"column-20\"><\/td><td class=\"column-21\"><\/td><td class=\"column-22\"><\/td><td class=\"column-23\"><\/td><td class=\"column-24\"><\/td>\n<\/tr>\n<tr class=\"row-792\">\n\t<td class=\"column-1\">79\/2021\t<\/td><td class=\"column-2\">29\/07\/2021<\/td><td class=\"column-3\">30\/07\/2021<\/td><td class=\"column-4\">29\/07\/2021 - 27\/08\/2021<\/td><td class=\"column-5\">1\/2021\t<\/td><td class=\"column-6\">Credenciamento - Chamamento P\u00fablico<\/td><td class=\"column-7\">Menor Pre\u00e7o Por Item<\/td><td class=\"column-8\"><\/td><td class=\"column-9\">CREDENCIAMENTO DE PESSOAS J\u00daRIDICAS E PESSOAS F\u00cdSICAS, COM O OBJETIVO DE PRESTA\u00c7\u00c3O DE SERVI\u00c7OS ART\u00cdSTICOS E CULTURAIS, NAS LINGUAGENS ART\u00cdSTICAS CONSTANTES<\/td><td class=\"column-10\">10010000 - Recursos Ordin\u00e1rios<\/td><td class=\"column-11\">3200<\/td><td class=\"column-12\">109.081.064-40<\/td><td class=\"column-13\">ALYSSON SENA DE LIMA SILVA<\/td><td class=\"column-14\">RAFAEL ANDERSON DE ARA\u00daJO SILVA<\/td><td class=\"column-15\"><\/td><td class=\"column-16\"><\/td><td class=\"column-17\"><\/td><td class=\"column-18\"><\/td><td class=\"column-19\">0<\/td><td class=\"column-20\"><\/td><td class=\"column-21\">3200<\/td><td class=\"column-22\">06\/10\/2021<\/td><td class=\"column-23\">08\/10\/2021<\/td><td class=\"column-24\">160<\/td>\n<\/tr>\n<tr class=\"row-793\">\n\t<td class=\"column-1\">79\/2021\t<\/td><td class=\"column-2\">29\/07\/2021<\/td><td class=\"column-3\">30\/07\/2021<\/td><td class=\"column-4\">29\/07\/2021 - 27\/08\/2021<\/td><td class=\"column-5\">1\/2021\t<\/td><td class=\"column-6\">Credenciamento - Chamamento P\u00fablico<\/td><td class=\"column-7\">Menor Pre\u00e7o Por Item<\/td><td class=\"column-8\"><\/td><td class=\"column-9\">CREDENCIAMENTO DE PESSOAS J\u00daRIDICAS E PESSOAS F\u00cdSICAS, COM O OBJETIVO DE PRESTA\u00c7\u00c3O DE SERVI\u00c7OS ART\u00cdSTICOS E CULTURAIS, NAS LINGUAGENS ART\u00cdSTICAS CONSTANTES<\/td><td class=\"column-10\">10010000 - Recursos Ordin\u00e1rios<\/td><td class=\"column-11\">3200<\/td><td class=\"column-12\">109.081.064-40<\/td><td class=\"column-13\">ALYSSON SENA DE LIMA SILVA<\/td><td class=\"column-14\">RAFAEL ANDERSON DE ARA\u00daJO SILVA<\/td><td class=\"column-15\"><\/td><td class=\"column-16\"><\/td><td class=\"column-17\"><\/td><td class=\"column-18\"><\/td><td class=\"column-19\">0<\/td><td class=\"column-20\"><\/td><td class=\"column-21\">3200<\/td><td class=\"column-22\">06\/10\/2021<\/td><td class=\"column-23\">08\/10\/2021<\/td><td class=\"column-24\">3040<\/td>\n<\/tr>\n<tr class=\"row-794\">\n\t<td class=\"column-1\">80\/2021\t<\/td><td class=\"column-2\">30\/07\/2021<\/td><td class=\"column-3\">02\/08\/2021<\/td><td class=\"column-4\">30\/07\/2021 - 29\/07\/2022<\/td><td class=\"column-5\">7\/2021\t<\/td><td class=\"column-6\">Inexigibilidade<\/td><td class=\"column-7\">Menor Pre\u00e7o Por Item<\/td><td class=\"column-8\"><\/td><td class=\"column-9\">CONTRATA\u00c7\u00c3O DE EMPRESA ESPECIALIZADA EM CONSULTORIA E ASSESSORIA CONT\u00c1BIL para execu\u00e7\u00e3o dos seguintes servi\u00e7os: Elabora\u00e7\u00e3o do PPA (Plano Plurianual), LDO (Lei de Diretrizes Or\u00e7ament\u00e1rias), LOA (Lei Or\u00e7ament\u00e1ria Anual); Servi\u00e7os de Contabilidade p\u00fablica, financeira e or\u00e7ament\u00e1ria, integrada com a folha de pagamento dos servidores e gera\u00e7\u00e3o de relat\u00f3rios gerais; Visando atender o cumprimento das normas e legisla\u00e7\u00e3o que regem a contabilidade p\u00fablica, al\u00e9m de elabora\u00e7\u00e3o de pe\u00e7as cont\u00e1beis exigidas pelos \u00f3rg\u00e3os de controles: Tribunal de Contas do Estado \u2013 TCE\/RN, Secretaria do Tesouro Nacional \u2013 STN, Fundo Nacional de Sa\u00fade \u2013 FNS, Fundo Nacional de Assist\u00eancia Social \u2013 FNAS e o Fundo Nacional de Educa\u00e7\u00e3o \u2013 FNDE, bem como as novas Normas Brasileiras de Contabilidade Aplicadas ao Setor P\u00fablico \u2013 NBCASP, e poss\u00edveis altera\u00e7\u00f5es que ocorrerem posteriores a contrata\u00e7\u00e3o.<\/td><td class=\"column-10\"><\/td><td class=\"column-11\">299640<\/td><td class=\"column-12\">07.355.573\/0001-87<\/td><td class=\"column-13\">FRANCISCO ROBERTO FERREIRA DANTAS - ME<\/td><td class=\"column-14\">RAFAEL ANDERSON DE ARA\u00daJO SILVA<\/td><td class=\"column-15\"><\/td><td class=\"column-16\"><\/td><td class=\"column-17\"><\/td><td class=\"column-18\"><\/td><td class=\"column-19\">0<\/td><td class=\"column-20\"><\/td><td class=\"column-21\"><\/td><td class=\"column-22\"><\/td><td class=\"column-23\"><\/td><td class=\"column-24\"><\/td>\n<\/tr>\n<tr class=\"row-795\">\n\t<td class=\"column-1\">81\/2021\t<\/td><td class=\"column-2\">02\/08\/2021<\/td><td class=\"column-3\">11\/08\/2021<\/td><td class=\"column-4\">02\/08\/2021 - 31\/12\/2021<\/td><td class=\"column-5\">79\/2021\t<\/td><td class=\"column-6\">Dispensa<\/td><td class=\"column-7\">Menor Pre\u00e7o Por Item<\/td><td class=\"column-8\"><\/td><td class=\"column-9\">AQUISI\u00c7\u00c3O DE PE\u00c7AS DE APARELHOS DE AR CONDICIONADO<\/td><td class=\"column-10\">10010000 - Recursos Ordin\u00e1rios<\/td><td class=\"column-11\">12342.4<\/td><td class=\"column-12\">21.790.436\/0001-00<\/td><td class=\"column-13\">JOSE EBSON SILVA DE MELO 06682369492<\/td><td class=\"column-14\">RAFAEL ANDERSON DE ARA\u00daJO SILVA<\/td><td class=\"column-15\"><\/td><td class=\"column-16\"><\/td><td class=\"column-17\"><\/td><td class=\"column-18\"><\/td><td class=\"column-19\">0<\/td><td class=\"column-20\"><\/td><td class=\"column-21\"><\/td><td class=\"column-22\"><\/td><td class=\"column-23\"><\/td><td class=\"column-24\"><\/td>\n<\/tr>\n<tr class=\"row-796\">\n\t<td class=\"column-1\">81\/2021\t<\/td><td class=\"column-2\">02\/08\/2021<\/td><td class=\"column-3\">11\/08\/2021<\/td><td class=\"column-4\">02\/08\/2021 - 31\/12\/2021<\/td><td class=\"column-5\">79\/2021\t<\/td><td class=\"column-6\">Dispensa<\/td><td class=\"column-7\">Menor Pre\u00e7o Por Item<\/td><td class=\"column-8\"><\/td><td class=\"column-9\">AQUISI\u00c7\u00c3O DE PE\u00c7AS DE APARELHOS DE AR CONDICIONADO<\/td><td class=\"column-10\">10010000 - Recursos Ordin\u00e1rios<\/td><td class=\"column-11\">12342.4<\/td><td class=\"column-12\">21.790.436\/0001-00<\/td><td class=\"column-13\">JOSE EBSON SILVA DE MELO 06682369492<\/td><td class=\"column-14\">RAFAEL ANDERSON DE ARA\u00daJO SILVA<\/td><td class=\"column-15\"><\/td><td class=\"column-16\"><\/td><td class=\"column-17\"><\/td><td class=\"column-18\"><\/td><td class=\"column-19\">0<\/td><td class=\"column-20\"><\/td><td class=\"column-21\">976.3<\/td><td class=\"column-22\">31\/08\/2021<\/td><td class=\"column-23\">14\/09\/2021<\/td><td class=\"column-24\">976.3<\/td>\n<\/tr>\n<tr class=\"row-797\">\n\t<td class=\"column-1\">81\/2021\t<\/td><td class=\"column-2\">02\/08\/2021<\/td><td class=\"column-3\">11\/08\/2021<\/td><td class=\"column-4\">02\/08\/2021 - 31\/12\/2021<\/td><td class=\"column-5\">79\/2021\t<\/td><td class=\"column-6\">Dispensa<\/td><td class=\"column-7\">Menor Pre\u00e7o Por Item<\/td><td class=\"column-8\"><\/td><td class=\"column-9\">AQUISI\u00c7\u00c3O DE PE\u00c7AS DE APARELHOS DE AR CONDICIONADO<\/td><td class=\"column-10\">10010000 - Recursos Ordin\u00e1rios<\/td><td class=\"column-11\">12342.4<\/td><td class=\"column-12\">21.790.436\/0001-00<\/td><td class=\"column-13\">JOSE EBSON SILVA DE MELO 06682369492<\/td><td class=\"column-14\">RAFAEL ANDERSON DE ARA\u00daJO SILVA<\/td><td class=\"column-15\"><\/td><td class=\"column-16\"><\/td><td class=\"column-17\"><\/td><td class=\"column-18\"><\/td><td class=\"column-19\">0<\/td><td class=\"column-20\"><\/td><td class=\"column-21\">1041.5<\/td><td class=\"column-22\">31\/08\/2021<\/td><td class=\"column-23\">14\/09\/2021<\/td><td class=\"column-24\">1041.5<\/td>\n<\/tr>\n<tr class=\"row-798\">\n\t<td class=\"column-1\">81\/2021\t<\/td><td class=\"column-2\">02\/08\/2021<\/td><td class=\"column-3\">11\/08\/2021<\/td><td class=\"column-4\">02\/08\/2021 - 31\/12\/2021<\/td><td class=\"column-5\">79\/2021\t<\/td><td class=\"column-6\">Dispensa<\/td><td class=\"column-7\">Menor Pre\u00e7o Por Item<\/td><td class=\"column-8\"><\/td><td class=\"column-9\">AQUISI\u00c7\u00c3O DE PE\u00c7AS DE APARELHOS DE AR CONDICIONADO<\/td><td class=\"column-10\">10010000 - Recursos Ordin\u00e1rios<\/td><td class=\"column-11\">12342.4<\/td><td class=\"column-12\">21.790.436\/0001-00<\/td><td class=\"column-13\">JOSE EBSON SILVA DE MELO 06682369492<\/td><td class=\"column-14\">RAFAEL ANDERSON DE ARA\u00daJO SILVA<\/td><td class=\"column-15\"><\/td><td class=\"column-16\"><\/td><td class=\"column-17\"><\/td><td class=\"column-18\"><\/td><td class=\"column-19\">0<\/td><td class=\"column-20\"><\/td><td class=\"column-21\">2390<\/td><td class=\"column-22\">31\/08\/2021<\/td><td class=\"column-23\"><\/td><td class=\"column-24\"><\/td>\n<\/tr>\n<tr class=\"row-799\">\n\t<td class=\"column-1\">81\/2021\t<\/td><td class=\"column-2\">02\/08\/2021<\/td><td class=\"column-3\">11\/08\/2021<\/td><td class=\"column-4\">02\/08\/2021 - 31\/12\/2021<\/td><td class=\"column-5\">79\/2021\t<\/td><td class=\"column-6\">Dispensa<\/td><td class=\"column-7\">Menor Pre\u00e7o Por Item<\/td><td class=\"column-8\"><\/td><td class=\"column-9\">AQUISI\u00c7\u00c3O DE PE\u00c7AS DE APARELHOS DE AR CONDICIONADO<\/td><td class=\"column-10\">10010000 - Recursos Ordin\u00e1rios<\/td><td class=\"column-11\">12342.4<\/td><td class=\"column-12\">21.790.436\/0001-00<\/td><td class=\"column-13\">JOSE EBSON SILVA DE MELO 06682369492<\/td><td class=\"column-14\">RAFAEL ANDERSON DE ARA\u00daJO SILVA<\/td><td class=\"column-15\"><\/td><td class=\"column-16\"><\/td><td class=\"column-17\"><\/td><td class=\"column-18\"><\/td><td class=\"column-19\">0<\/td><td class=\"column-20\"><\/td><td class=\"column-21\">2390<\/td><td class=\"column-22\">31\/08\/2021<\/td><td class=\"column-23\">17\/09\/2021<\/td><td class=\"column-24\">2390<\/td>\n<\/tr>\n<tr class=\"row-800\">\n\t<td class=\"column-1\">81\/2021\t<\/td><td class=\"column-2\">02\/08\/2021<\/td><td class=\"column-3\">11\/08\/2021<\/td><td class=\"column-4\">02\/08\/2021 - 31\/12\/2021<\/td><td class=\"column-5\">79\/2021\t<\/td><td class=\"column-6\">Dispensa<\/td><td class=\"column-7\">Menor Pre\u00e7o Por Item<\/td><td class=\"column-8\"><\/td><td class=\"column-9\">AQUISI\u00c7\u00c3O DE PE\u00c7AS DE APARELHOS DE AR CONDICIONADO<\/td><td class=\"column-10\">10010000 - Recursos Ordin\u00e1rios<\/td><td class=\"column-11\">12342.4<\/td><td class=\"column-12\">21.790.436\/0001-00<\/td><td class=\"column-13\">JOSE EBSON SILVA DE MELO 06682369492<\/td><td class=\"column-14\">RAFAEL ANDERSON DE ARA\u00daJO SILVA<\/td><td class=\"column-15\"><\/td><td class=\"column-16\"><\/td><td class=\"column-17\"><\/td><td class=\"column-18\"><\/td><td class=\"column-19\">0<\/td><td class=\"column-20\"><\/td><td class=\"column-21\">2480.5<\/td><td class=\"column-22\">31\/08\/2021<\/td><td class=\"column-23\"><\/td><td class=\"column-24\"><\/td>\n<\/tr>\n<tr class=\"row-801\">\n\t<td class=\"column-1\">81\/2021\t<\/td><td class=\"column-2\">02\/08\/2021<\/td><td class=\"column-3\">11\/08\/2021<\/td><td class=\"column-4\">02\/08\/2021 - 31\/12\/2021<\/td><td class=\"column-5\">79\/2021\t<\/td><td class=\"column-6\">Dispensa<\/td><td class=\"column-7\">Menor Pre\u00e7o Por Item<\/td><td class=\"column-8\"><\/td><td class=\"column-9\">AQUISI\u00c7\u00c3O DE PE\u00c7AS DE APARELHOS DE AR CONDICIONADO<\/td><td class=\"column-10\">10010000 - Recursos Ordin\u00e1rios<\/td><td class=\"column-11\">12342.4<\/td><td class=\"column-12\">21.790.436\/0001-00<\/td><td class=\"column-13\">JOSE EBSON SILVA DE MELO 06682369492<\/td><td class=\"column-14\">RAFAEL ANDERSON DE ARA\u00daJO SILVA<\/td><td class=\"column-15\"><\/td><td class=\"column-16\"><\/td><td class=\"column-17\"><\/td><td class=\"column-18\"><\/td><td class=\"column-19\">0<\/td><td class=\"column-20\"><\/td><td class=\"column-21\">2480.5<\/td><td class=\"column-22\">31\/08\/2021<\/td><td class=\"column-23\">15\/09\/2021<\/td><td class=\"column-24\">2480.5<\/td>\n<\/tr>\n<tr class=\"row-802\">\n\t<td class=\"column-1\">81\/2021\t<\/td><td class=\"column-2\">02\/08\/2021<\/td><td class=\"column-3\">11\/08\/2021<\/td><td class=\"column-4\">02\/08\/2021 - 31\/12\/2021<\/td><td class=\"column-5\">79\/2021\t<\/td><td class=\"column-6\">Dispensa<\/td><td class=\"column-7\">Menor Pre\u00e7o Por Item<\/td><td class=\"column-8\"><\/td><td class=\"column-9\">AQUISI\u00c7\u00c3O DE PE\u00c7AS DE APARELHOS DE AR CONDICIONADO<\/td><td class=\"column-10\">10010000 - Recursos Ordin\u00e1rios<\/td><td class=\"column-11\">12342.4<\/td><td class=\"column-12\">21.790.436\/0001-00<\/td><td class=\"column-13\">JOSE EBSON SILVA DE MELO 06682369492<\/td><td class=\"column-14\">RAFAEL ANDERSON DE ARA\u00daJO SILVA<\/td><td class=\"column-15\"><\/td><td class=\"column-16\"><\/td><td class=\"column-17\"><\/td><td class=\"column-18\"><\/td><td class=\"column-19\">0<\/td><td class=\"column-20\"><\/td><td class=\"column-21\">5454.1<\/td><td class=\"column-22\">31\/08\/2021<\/td><td class=\"column-23\">14\/09\/2021<\/td><td class=\"column-24\">5454.1<\/td>\n<\/tr>\n<tr class=\"row-803\">\n\t<td class=\"column-1\">82\/2021\t<\/td><td class=\"column-2\">11\/08\/2021<\/td><td class=\"column-3\">12\/08\/2021<\/td><td class=\"column-4\">11\/08\/2021 - 31\/12\/2021<\/td><td class=\"column-5\">80\/2021\t<\/td><td class=\"column-6\">Dispensa<\/td><td class=\"column-7\">Menor Pre\u00e7o Por Item<\/td><td class=\"column-8\"><\/td><td class=\"column-9\">PRESTA\u00c7\u00c3O DE SERVI\u00c7OS EM AGENCIAMENTO DE VIAGENS, COMPREENDENDO RESERVA, EMISS\u00c3O, MARCA\u00c7\u00c3O E REMARCA\u00c7\u00c3O DE BILHETES DE PASSAGENS A\u00c9REAS NACIONAIS, PARA ATENDIMENTO DAS NECESSIDADES DA PREFEITURA MUNICIPAL DE LAJES\/RN<\/td><td class=\"column-10\">10010000 - Recursos Ordin\u00e1rios<\/td><td class=\"column-11\">17325<\/td><td class=\"column-12\">10.477.835\/0001-90<\/td><td class=\"column-13\">EMBARQUE J\u00c1 VIAGENS E TURISMO LTDA \u2013 ME<\/td><td class=\"column-14\">RAFAEL ANDERSON DE ARA\u00daJO SILVA<\/td><td class=\"column-15\"><\/td><td class=\"column-16\"><\/td><td class=\"column-17\"><\/td><td class=\"column-18\"><\/td><td class=\"column-19\">0<\/td><td class=\"column-20\"><\/td><td class=\"column-21\"><\/td><td class=\"column-22\"><\/td><td class=\"column-23\"><\/td><td class=\"column-24\"><\/td>\n<\/tr>\n<tr class=\"row-804\">\n\t<td class=\"column-1\">82\/2021\t<\/td><td class=\"column-2\">11\/08\/2021<\/td><td class=\"column-3\">12\/08\/2021<\/td><td class=\"column-4\">11\/08\/2021 - 31\/12\/2021<\/td><td class=\"column-5\">80\/2021\t<\/td><td class=\"column-6\">Dispensa<\/td><td class=\"column-7\">Menor Pre\u00e7o Por Item<\/td><td class=\"column-8\"><\/td><td class=\"column-9\">PRESTA\u00c7\u00c3O DE SERVI\u00c7OS EM AGENCIAMENTO DE VIAGENS, COMPREENDENDO RESERVA, EMISS\u00c3O, MARCA\u00c7\u00c3O E REMARCA\u00c7\u00c3O DE BILHETES DE PASSAGENS A\u00c9REAS NACIONAIS, PARA ATENDIMENTO DAS NECESSIDADES DA PREFEITURA MUNICIPAL DE LAJES\/RN<\/td><td class=\"column-10\">10010000 - Recursos Ordin\u00e1rios<\/td><td class=\"column-11\">17325<\/td><td class=\"column-12\">10.477.835\/0001-90<\/td><td class=\"column-13\">EMBARQUE J\u00c1 VIAGENS E TURISMO LTDA \u2013 ME<\/td><td class=\"column-14\">RAFAEL ANDERSON DE ARA\u00daJO SILVA<\/td><td class=\"column-15\"><\/td><td class=\"column-16\"><\/td><td class=\"column-17\"><\/td><td class=\"column-18\"><\/td><td class=\"column-19\">0<\/td><td class=\"column-20\"><\/td><td class=\"column-21\">1673.51<\/td><td class=\"column-22\">03\/09\/2021<\/td><td class=\"column-23\">10\/09\/2021<\/td><td class=\"column-24\">1673.51<\/td>\n<\/tr>\n<tr class=\"row-805\">\n\t<td class=\"column-1\">82\/2021\t<\/td><td class=\"column-2\">11\/08\/2021<\/td><td class=\"column-3\">12\/08\/2021<\/td><td class=\"column-4\">11\/08\/2021 - 31\/12\/2021<\/td><td class=\"column-5\">80\/2021\t<\/td><td class=\"column-6\">Dispensa<\/td><td class=\"column-7\">Menor Pre\u00e7o Por Item<\/td><td class=\"column-8\"><\/td><td class=\"column-9\">PRESTA\u00c7\u00c3O DE SERVI\u00c7OS EM AGENCIAMENTO DE VIAGENS, COMPREENDENDO RESERVA, EMISS\u00c3O, MARCA\u00c7\u00c3O E REMARCA\u00c7\u00c3O DE BILHETES DE PASSAGENS A\u00c9REAS NACIONAIS, PARA ATENDIMENTO DAS NECESSIDADES DA PREFEITURA MUNICIPAL DE LAJES\/RN<\/td><td class=\"column-10\">10010000 - Recursos Ordin\u00e1rios<\/td><td class=\"column-11\">17325<\/td><td class=\"column-12\">10.477.835\/0001-90<\/td><td class=\"column-13\">EMBARQUE J\u00c1 VIAGENS E TURISMO LTDA \u2013 ME<\/td><td class=\"column-14\">RAFAEL ANDERSON DE ARA\u00daJO SILVA<\/td><td class=\"column-15\"><\/td><td class=\"column-16\"><\/td><td class=\"column-17\"><\/td><td class=\"column-18\"><\/td><td class=\"column-19\">0<\/td><td class=\"column-20\"><\/td><td class=\"column-21\">7453.78<\/td><td class=\"column-22\">13\/08\/2021<\/td><td class=\"column-23\">13\/08\/2021<\/td><td class=\"column-24\">7453.78<\/td>\n<\/tr>\n<tr class=\"row-806\">\n\t<td class=\"column-1\">82\/2021\t<\/td><td class=\"column-2\">11\/08\/2021<\/td><td class=\"column-3\">12\/08\/2021<\/td><td class=\"column-4\">11\/08\/2021 - 31\/12\/2021<\/td><td class=\"column-5\">80\/2021\t<\/td><td class=\"column-6\">Dispensa<\/td><td class=\"column-7\">Menor Pre\u00e7o Por Item<\/td><td class=\"column-8\"><\/td><td class=\"column-9\">PRESTA\u00c7\u00c3O DE SERVI\u00c7OS EM AGENCIAMENTO DE VIAGENS, COMPREENDENDO RESERVA, EMISS\u00c3O, MARCA\u00c7\u00c3O E REMARCA\u00c7\u00c3O DE BILHETES DE PASSAGENS A\u00c9REAS NACIONAIS, PARA ATENDIMENTO DAS NECESSIDADES DA PREFEITURA MUNICIPAL DE LAJES\/RN<\/td><td class=\"column-10\">10010000 - Recursos Ordin\u00e1rios<\/td><td class=\"column-11\">17325<\/td><td class=\"column-12\">10.477.835\/0001-90<\/td><td class=\"column-13\">EMBARQUE J\u00c1 VIAGENS E TURISMO LTDA \u2013 ME<\/td><td class=\"column-14\">RAFAEL ANDERSON DE ARA\u00daJO SILVA<\/td><td class=\"column-15\"><\/td><td class=\"column-16\"><\/td><td class=\"column-17\"><\/td><td class=\"column-18\"><\/td><td class=\"column-19\">0<\/td><td class=\"column-20\"><\/td><td class=\"column-21\">538.51<\/td><td class=\"column-22\">17\/09\/2021<\/td><td class=\"column-23\">22\/09\/2021<\/td><td class=\"column-24\">538.51<\/td>\n<\/tr>\n<tr class=\"row-807\">\n\t<td class=\"column-1\">83\/2021\t<\/td><td class=\"column-2\">12\/08\/2021<\/td><td class=\"column-3\">03\/09\/2021<\/td><td class=\"column-4\">12\/08\/2021 - 10\/10\/2021<\/td><td class=\"column-5\">1\/2021\t<\/td><td class=\"column-6\">Credenciamento - Chamamento P\u00fablico<\/td><td class=\"column-7\">Menor Pre\u00e7o Por Item<\/td><td class=\"column-8\"><\/td><td class=\"column-9\">CREDENCIAMENTO DE PESSOAS J\u00daRIDICAS E PESSOAS F\u00cdSICAS, COM O OBJETIVO DE PRESTA\u00c7\u00c3O DE SERVI\u00c7OS ART\u00cdSTICOS E CULTURAIS, NAS LINGUAGENS ART\u00cdSTICAS CONSTANTES<\/td><td class=\"column-10\">10010000 - Recursos Ordin\u00e1rios<\/td><td class=\"column-11\">400<\/td><td class=\"column-12\">071.886.044-60<\/td><td class=\"column-13\">PAULA PATR\u00cdCIA CUNHA FEREIRA <\/td><td class=\"column-14\">RAFAEL ANDERSON DE ARA\u00daJO SILVA<\/td><td class=\"column-15\"><\/td><td class=\"column-16\"><\/td><td class=\"column-17\"><\/td><td class=\"column-18\"><\/td><td class=\"column-19\">0<\/td><td class=\"column-20\"><\/td><td class=\"column-21\"><\/td><td class=\"column-22\"><\/td><td class=\"column-23\"><\/td><td class=\"column-24\"><\/td>\n<\/tr>\n<tr class=\"row-808\">\n\t<td class=\"column-1\">83\/2021\t<\/td><td class=\"column-2\">12\/08\/2021<\/td><td class=\"column-3\">03\/09\/2021<\/td><td class=\"column-4\">12\/08\/2021 - 10\/10\/2021<\/td><td class=\"column-5\">1\/2021\t<\/td><td class=\"column-6\">Credenciamento - Chamamento P\u00fablico<\/td><td class=\"column-7\">Menor Pre\u00e7o Por Item<\/td><td class=\"column-8\"><\/td><td class=\"column-9\">CREDENCIAMENTO DE PESSOAS J\u00daRIDICAS E PESSOAS F\u00cdSICAS, COM O OBJETIVO DE PRESTA\u00c7\u00c3O DE SERVI\u00c7OS ART\u00cdSTICOS E CULTURAIS, NAS LINGUAGENS ART\u00cdSTICAS CONSTANTES<\/td><td class=\"column-10\">10010000 - Recursos Ordin\u00e1rios<\/td><td class=\"column-11\">400<\/td><td class=\"column-12\">071.886.044-60<\/td><td class=\"column-13\">PAULA PATR\u00cdCIA CUNHA FEREIRA <\/td><td class=\"column-14\">RAFAEL ANDERSON DE ARA\u00daJO SILVA<\/td><td class=\"column-15\"><\/td><td class=\"column-16\"><\/td><td class=\"column-17\"><\/td><td class=\"column-18\"><\/td><td class=\"column-19\">0<\/td><td class=\"column-20\"><\/td><td class=\"column-21\">400<\/td><td class=\"column-22\">01\/10\/2021<\/td><td class=\"column-23\">06\/10\/2021<\/td><td class=\"column-24\">20<\/td>\n<\/tr>\n<tr class=\"row-809\">\n\t<td class=\"column-1\">83\/2021\t<\/td><td class=\"column-2\">12\/08\/2021<\/td><td class=\"column-3\">03\/09\/2021<\/td><td class=\"column-4\">12\/08\/2021 - 10\/10\/2021<\/td><td class=\"column-5\">1\/2021\t<\/td><td class=\"column-6\">Credenciamento - Chamamento P\u00fablico<\/td><td class=\"column-7\">Menor Pre\u00e7o Por Item<\/td><td class=\"column-8\"><\/td><td class=\"column-9\">CREDENCIAMENTO DE PESSOAS J\u00daRIDICAS E PESSOAS F\u00cdSICAS, COM O OBJETIVO DE PRESTA\u00c7\u00c3O DE SERVI\u00c7OS ART\u00cdSTICOS E CULTURAIS, NAS LINGUAGENS ART\u00cdSTICAS CONSTANTES<\/td><td class=\"column-10\">10010000 - Recursos Ordin\u00e1rios<\/td><td class=\"column-11\">400<\/td><td class=\"column-12\">071.886.044-60<\/td><td class=\"column-13\">PAULA PATR\u00cdCIA CUNHA FEREIRA <\/td><td class=\"column-14\">RAFAEL ANDERSON DE ARA\u00daJO SILVA<\/td><td class=\"column-15\"><\/td><td class=\"column-16\"><\/td><td class=\"column-17\"><\/td><td class=\"column-18\"><\/td><td class=\"column-19\">0<\/td><td class=\"column-20\"><\/td><td class=\"column-21\">400<\/td><td class=\"column-22\">01\/10\/2021<\/td><td class=\"column-23\">06\/10\/2021<\/td><td class=\"column-24\">380<\/td>\n<\/tr>\n<tr class=\"row-810\">\n\t<td class=\"column-1\">84\/2021\t<\/td><td class=\"column-2\">12\/08\/2021<\/td><td class=\"column-3\">03\/09\/2021<\/td><td class=\"column-4\">12\/08\/2021 - 10\/10\/2021<\/td><td class=\"column-5\">1\/2021\t<\/td><td class=\"column-6\">Credenciamento - Chamamento P\u00fablico<\/td><td class=\"column-7\">Menor Pre\u00e7o Por Item<\/td><td class=\"column-8\"><\/td><td class=\"column-9\">CREDENCIAMENTO DE PESSOAS J\u00daRIDICAS E PESSOAS F\u00cdSICAS, COM O OBJETIVO DE PRESTA\u00c7\u00c3O DE SERVI\u00c7OS ART\u00cdSTICOS E CULTURAIS, NAS LINGUAGENS ART\u00cdSTICAS CONSTANTES<\/td><td class=\"column-10\">10010000 - Recursos Ordin\u00e1rios<\/td><td class=\"column-11\">100<\/td><td class=\"column-12\">012.912.374-96<\/td><td class=\"column-13\">MARIA ROSIMAR DA SILVA <\/td><td class=\"column-14\">RAFAEL ANDERSON DE ARA\u00daJO SILVA<\/td><td class=\"column-15\"><\/td><td class=\"column-16\"><\/td><td class=\"column-17\"><\/td><td class=\"column-18\"><\/td><td class=\"column-19\">0<\/td><td class=\"column-20\"><\/td><td class=\"column-21\"><\/td><td class=\"column-22\"><\/td><td class=\"column-23\"><\/td><td class=\"column-24\"><\/td>\n<\/tr>\n<tr class=\"row-811\">\n\t<td class=\"column-1\">84\/2021\t<\/td><td class=\"column-2\">12\/08\/2021<\/td><td class=\"column-3\">03\/09\/2021<\/td><td class=\"column-4\">12\/08\/2021 - 10\/10\/2021<\/td><td class=\"column-5\">1\/2021\t<\/td><td class=\"column-6\">Credenciamento - Chamamento P\u00fablico<\/td><td class=\"column-7\">Menor Pre\u00e7o Por Item<\/td><td class=\"column-8\"><\/td><td class=\"column-9\">CREDENCIAMENTO DE PESSOAS J\u00daRIDICAS E PESSOAS F\u00cdSICAS, COM O OBJETIVO DE PRESTA\u00c7\u00c3O DE SERVI\u00c7OS ART\u00cdSTICOS E CULTURAIS, NAS LINGUAGENS ART\u00cdSTICAS CONSTANTES<\/td><td class=\"column-10\">10010000 - Recursos Ordin\u00e1rios<\/td><td class=\"column-11\">100<\/td><td class=\"column-12\">012.912.374-96<\/td><td class=\"column-13\">MARIA ROSIMAR DA SILVA <\/td><td class=\"column-14\">RAFAEL ANDERSON DE ARA\u00daJO SILVA<\/td><td class=\"column-15\"><\/td><td class=\"column-16\"><\/td><td class=\"column-17\"><\/td><td class=\"column-18\"><\/td><td class=\"column-19\">0<\/td><td class=\"column-20\"><\/td><td class=\"column-21\">100<\/td><td class=\"column-22\">01\/10\/2021<\/td><td class=\"column-23\">06\/10\/2021<\/td><td class=\"column-24\">5<\/td>\n<\/tr>\n<tr class=\"row-812\">\n\t<td class=\"column-1\">84\/2021\t<\/td><td class=\"column-2\">12\/08\/2021<\/td><td class=\"column-3\">03\/09\/2021<\/td><td class=\"column-4\">12\/08\/2021 - 10\/10\/2021<\/td><td class=\"column-5\">1\/2021\t<\/td><td class=\"column-6\">Credenciamento - Chamamento P\u00fablico<\/td><td class=\"column-7\">Menor Pre\u00e7o Por Item<\/td><td class=\"column-8\"><\/td><td class=\"column-9\">CREDENCIAMENTO DE PESSOAS J\u00daRIDICAS E PESSOAS F\u00cdSICAS, COM O OBJETIVO DE PRESTA\u00c7\u00c3O DE SERVI\u00c7OS ART\u00cdSTICOS E CULTURAIS, NAS LINGUAGENS ART\u00cdSTICAS CONSTANTES<\/td><td class=\"column-10\">10010000 - Recursos Ordin\u00e1rios<\/td><td class=\"column-11\">100<\/td><td class=\"column-12\">012.912.374-96<\/td><td class=\"column-13\">MARIA ROSIMAR DA SILVA <\/td><td class=\"column-14\">RAFAEL ANDERSON DE ARA\u00daJO SILVA<\/td><td class=\"column-15\"><\/td><td class=\"column-16\"><\/td><td class=\"column-17\"><\/td><td class=\"column-18\"><\/td><td class=\"column-19\">0<\/td><td class=\"column-20\"><\/td><td class=\"column-21\">100<\/td><td class=\"column-22\">01\/10\/2021<\/td><td class=\"column-23\">06\/10\/2021<\/td><td class=\"column-24\">95<\/td>\n<\/tr>\n<tr class=\"row-813\">\n\t<td class=\"column-1\">85\/2021\t<\/td><td class=\"column-2\">12\/08\/2021<\/td><td class=\"column-3\">03\/09\/2021<\/td><td class=\"column-4\">12\/08\/2021 - 10\/10\/2021<\/td><td class=\"column-5\">1\/2021\t<\/td><td class=\"column-6\">Credenciamento - Chamamento P\u00fablico<\/td><td class=\"column-7\">Menor Pre\u00e7o Por Item<\/td><td class=\"column-8\"><\/td><td class=\"column-9\">CREDENCIAMENTO DE PESSOAS J\u00daRIDICAS E PESSOAS F\u00cdSICAS, COM O OBJETIVO DE PRESTA\u00c7\u00c3O DE SERVI\u00c7OS ART\u00cdSTICOS E CULTURAIS, NAS LINGUAGENS ART\u00cdSTICAS CONSTANTES<\/td><td class=\"column-10\">10010000 - Recursos Ordin\u00e1rios<\/td><td class=\"column-11\">400<\/td><td class=\"column-12\">058.543.374-79<\/td><td class=\"column-13\">LUZENILDO JUSTINO DE LIMA <\/td><td class=\"column-14\">RAFAEL ANDERSON DE ARA\u00daJO SILVA<\/td><td class=\"column-15\"><\/td><td class=\"column-16\"><\/td><td class=\"column-17\"><\/td><td class=\"column-18\"><\/td><td class=\"column-19\">0<\/td><td class=\"column-20\"><\/td><td class=\"column-21\"><\/td><td class=\"column-22\"><\/td><td class=\"column-23\"><\/td><td class=\"column-24\"><\/td>\n<\/tr>\n<tr class=\"row-814\">\n\t<td class=\"column-1\">85\/2021\t<\/td><td class=\"column-2\">12\/08\/2021<\/td><td class=\"column-3\">03\/09\/2021<\/td><td class=\"column-4\">12\/08\/2021 - 10\/10\/2021<\/td><td class=\"column-5\">1\/2021\t<\/td><td class=\"column-6\">Credenciamento - Chamamento P\u00fablico<\/td><td class=\"column-7\">Menor Pre\u00e7o Por Item<\/td><td class=\"column-8\"><\/td><td class=\"column-9\">CREDENCIAMENTO DE PESSOAS J\u00daRIDICAS E PESSOAS F\u00cdSICAS, COM O OBJETIVO DE PRESTA\u00c7\u00c3O DE SERVI\u00c7OS ART\u00cdSTICOS E CULTURAIS, NAS LINGUAGENS ART\u00cdSTICAS CONSTANTES<\/td><td class=\"column-10\">10010000 - Recursos Ordin\u00e1rios<\/td><td class=\"column-11\">400<\/td><td class=\"column-12\">058.543.374-79<\/td><td class=\"column-13\">LUZENILDO JUSTINO DE LIMA <\/td><td class=\"column-14\">RAFAEL ANDERSON DE ARA\u00daJO SILVA<\/td><td class=\"column-15\"><\/td><td class=\"column-16\"><\/td><td class=\"column-17\"><\/td><td class=\"column-18\"><\/td><td class=\"column-19\">0<\/td><td class=\"column-20\"><\/td><td class=\"column-21\">400<\/td><td class=\"column-22\">01\/10\/2021<\/td><td class=\"column-23\">06\/10\/2021<\/td><td class=\"column-24\">20<\/td>\n<\/tr>\n<tr class=\"row-815\">\n\t<td class=\"column-1\">85\/2021\t<\/td><td class=\"column-2\">12\/08\/2021<\/td><td class=\"column-3\">03\/09\/2021<\/td><td class=\"column-4\">12\/08\/2021 - 10\/10\/2021<\/td><td class=\"column-5\">1\/2021\t<\/td><td class=\"column-6\">Credenciamento - Chamamento P\u00fablico<\/td><td class=\"column-7\">Menor Pre\u00e7o Por Item<\/td><td class=\"column-8\"><\/td><td class=\"column-9\">CREDENCIAMENTO DE PESSOAS J\u00daRIDICAS E PESSOAS F\u00cdSICAS, COM O OBJETIVO DE PRESTA\u00c7\u00c3O DE SERVI\u00c7OS ART\u00cdSTICOS E CULTURAIS, NAS LINGUAGENS ART\u00cdSTICAS CONSTANTES<\/td><td class=\"column-10\">10010000 - Recursos Ordin\u00e1rios<\/td><td class=\"column-11\">400<\/td><td class=\"column-12\">058.543.374-79<\/td><td class=\"column-13\">LUZENILDO JUSTINO DE LIMA <\/td><td class=\"column-14\">RAFAEL ANDERSON DE ARA\u00daJO SILVA<\/td><td class=\"column-15\"><\/td><td class=\"column-16\"><\/td><td class=\"column-17\"><\/td><td class=\"column-18\"><\/td><td class=\"column-19\">0<\/td><td class=\"column-20\"><\/td><td class=\"column-21\">400<\/td><td class=\"column-22\">01\/10\/2021<\/td><td class=\"column-23\">06\/10\/2021<\/td><td class=\"column-24\">380<\/td>\n<\/tr>\n<tr class=\"row-816\">\n\t<td class=\"column-1\">86\/2021\t<\/td><td class=\"column-2\">12\/08\/2021<\/td><td class=\"column-3\">03\/09\/2021<\/td><td class=\"column-4\">12\/08\/2021 - 10\/10\/2021<\/td><td class=\"column-5\">1\/2021\t<\/td><td class=\"column-6\">Credenciamento - Chamamento P\u00fablico<\/td><td class=\"column-7\">Menor Pre\u00e7o Por Item<\/td><td class=\"column-8\"><\/td><td class=\"column-9\">CREDENCIAMENTO DE PESSOAS J\u00daRIDICAS E PESSOAS F\u00cdSICAS, COM O OBJETIVO DE PRESTA\u00c7\u00c3O DE SERVI\u00c7OS ART\u00cdSTICOS E CULTURAIS, NAS LINGUAGENS ART\u00cdSTICAS CONSTANTES<\/td><td class=\"column-10\">10010000 - Recursos Ordin\u00e1rios<\/td><td class=\"column-11\">2400<\/td><td class=\"column-12\">109.027.144-14<\/td><td class=\"column-13\">JACKSON ERICK MARTINS DE SOUZA <\/td><td class=\"column-14\">RAFAEL ANDERSON DE ARA\u00daJO SILVA<\/td><td class=\"column-15\"><\/td><td class=\"column-16\"><\/td><td class=\"column-17\"><\/td><td class=\"column-18\"><\/td><td class=\"column-19\">0<\/td><td class=\"column-20\"><\/td><td class=\"column-21\"><\/td><td class=\"column-22\"><\/td><td class=\"column-23\"><\/td><td class=\"column-24\"><\/td>\n<\/tr>\n<tr class=\"row-817\">\n\t<td class=\"column-1\">86\/2021\t<\/td><td class=\"column-2\">12\/08\/2021<\/td><td class=\"column-3\">03\/09\/2021<\/td><td class=\"column-4\">12\/08\/2021 - 10\/10\/2021<\/td><td class=\"column-5\">1\/2021\t<\/td><td class=\"column-6\">Credenciamento - Chamamento P\u00fablico<\/td><td class=\"column-7\">Menor Pre\u00e7o Por Item<\/td><td class=\"column-8\"><\/td><td class=\"column-9\">CREDENCIAMENTO DE PESSOAS J\u00daRIDICAS E PESSOAS F\u00cdSICAS, COM O OBJETIVO DE PRESTA\u00c7\u00c3O DE SERVI\u00c7OS ART\u00cdSTICOS E CULTURAIS, NAS LINGUAGENS ART\u00cdSTICAS CONSTANTES<\/td><td class=\"column-10\">10010000 - Recursos Ordin\u00e1rios<\/td><td class=\"column-11\">2400<\/td><td class=\"column-12\">109.027.144-14<\/td><td class=\"column-13\">JACKSON ERICK MARTINS DE SOUZA <\/td><td class=\"column-14\">RAFAEL ANDERSON DE ARA\u00daJO SILVA<\/td><td class=\"column-15\"><\/td><td class=\"column-16\"><\/td><td class=\"column-17\"><\/td><td class=\"column-18\"><\/td><td class=\"column-19\">0<\/td><td class=\"column-20\"><\/td><td class=\"column-21\">2400<\/td><td class=\"column-22\">01\/10\/2021<\/td><td class=\"column-23\">06\/10\/2021<\/td><td class=\"column-24\">120<\/td>\n<\/tr>\n<tr class=\"row-818\">\n\t<td class=\"column-1\">86\/2021\t<\/td><td class=\"column-2\">12\/08\/2021<\/td><td class=\"column-3\">03\/09\/2021<\/td><td class=\"column-4\">12\/08\/2021 - 10\/10\/2021<\/td><td class=\"column-5\">1\/2021\t<\/td><td class=\"column-6\">Credenciamento - Chamamento P\u00fablico<\/td><td class=\"column-7\">Menor Pre\u00e7o Por Item<\/td><td class=\"column-8\"><\/td><td class=\"column-9\">CREDENCIAMENTO DE PESSOAS J\u00daRIDICAS E PESSOAS F\u00cdSICAS, COM O OBJETIVO DE PRESTA\u00c7\u00c3O DE SERVI\u00c7OS ART\u00cdSTICOS E CULTURAIS, NAS LINGUAGENS ART\u00cdSTICAS CONSTANTES<\/td><td class=\"column-10\">10010000 - Recursos Ordin\u00e1rios<\/td><td class=\"column-11\">2400<\/td><td class=\"column-12\">109.027.144-14<\/td><td class=\"column-13\">JACKSON ERICK MARTINS DE SOUZA <\/td><td class=\"column-14\">RAFAEL ANDERSON DE ARA\u00daJO SILVA<\/td><td class=\"column-15\"><\/td><td class=\"column-16\"><\/td><td class=\"column-17\"><\/td><td class=\"column-18\"><\/td><td class=\"column-19\">0<\/td><td class=\"column-20\"><\/td><td class=\"column-21\">2400<\/td><td class=\"column-22\">01\/10\/2021<\/td><td class=\"column-23\">06\/10\/2021<\/td><td class=\"column-24\">2280<\/td>\n<\/tr>\n<tr class=\"row-819\">\n\t<td class=\"column-1\">87\/2021\t<\/td><td class=\"column-2\">12\/08\/2021<\/td><td class=\"column-3\">03\/09\/2021<\/td><td class=\"column-4\">12\/08\/2021 - 10\/10\/2021<\/td><td class=\"column-5\">1\/2021\t<\/td><td class=\"column-6\">Credenciamento - Chamamento P\u00fablico<\/td><td class=\"column-7\">Menor Pre\u00e7o Por Item<\/td><td class=\"column-8\"><\/td><td class=\"column-9\">CREDENCIAMENTO DE PESSOAS J\u00daRIDICAS E PESSOAS F\u00cdSICAS, COM O OBJETIVO DE PRESTA\u00c7\u00c3O DE SERVI\u00c7OS ART\u00cdSTICOS E CULTURAIS, NAS LINGUAGENS ART\u00cdSTICAS CONSTANTES<\/td><td class=\"column-10\">10010000 - Recursos Ordin\u00e1rios<\/td><td class=\"column-11\">400<\/td><td class=\"column-12\">032.274.204-81<\/td><td class=\"column-13\">FRANCISCO CANIND\u00c9 DA SILVA <\/td><td class=\"column-14\">RAFAEL ANDERSON DE ARA\u00daJO SILVA<\/td><td class=\"column-15\"><\/td><td class=\"column-16\"><\/td><td class=\"column-17\"><\/td><td class=\"column-18\"><\/td><td class=\"column-19\">0<\/td><td class=\"column-20\"><\/td><td class=\"column-21\"><\/td><td class=\"column-22\"><\/td><td class=\"column-23\"><\/td><td class=\"column-24\"><\/td>\n<\/tr>\n<tr class=\"row-820\">\n\t<td class=\"column-1\">87\/2021\t<\/td><td class=\"column-2\">12\/08\/2021<\/td><td class=\"column-3\">03\/09\/2021<\/td><td class=\"column-4\">12\/08\/2021 - 10\/10\/2021<\/td><td class=\"column-5\">1\/2021\t<\/td><td class=\"column-6\">Credenciamento - Chamamento P\u00fablico<\/td><td class=\"column-7\">Menor Pre\u00e7o Por Item<\/td><td class=\"column-8\"><\/td><td class=\"column-9\">CREDENCIAMENTO DE PESSOAS J\u00daRIDICAS E PESSOAS F\u00cdSICAS, COM O OBJETIVO DE PRESTA\u00c7\u00c3O DE SERVI\u00c7OS ART\u00cdSTICOS E CULTURAIS, NAS LINGUAGENS ART\u00cdSTICAS CONSTANTES<\/td><td class=\"column-10\">10010000 - Recursos Ordin\u00e1rios<\/td><td class=\"column-11\">400<\/td><td class=\"column-12\">032.274.204-81<\/td><td class=\"column-13\">FRANCISCO CANIND\u00c9 DA SILVA <\/td><td class=\"column-14\">RAFAEL ANDERSON DE ARA\u00daJO SILVA<\/td><td class=\"column-15\"><\/td><td class=\"column-16\"><\/td><td class=\"column-17\"><\/td><td class=\"column-18\"><\/td><td class=\"column-19\">0<\/td><td class=\"column-20\"><\/td><td class=\"column-21\">400<\/td><td class=\"column-22\">01\/10\/2021<\/td><td class=\"column-23\">07\/10\/2021<\/td><td class=\"column-24\">20<\/td>\n<\/tr>\n<tr class=\"row-821\">\n\t<td class=\"column-1\">87\/2021\t<\/td><td class=\"column-2\">12\/08\/2021<\/td><td class=\"column-3\">03\/09\/2021<\/td><td class=\"column-4\">12\/08\/2021 - 10\/10\/2021<\/td><td class=\"column-5\">1\/2021\t<\/td><td class=\"column-6\">Credenciamento - Chamamento P\u00fablico<\/td><td class=\"column-7\">Menor Pre\u00e7o Por Item<\/td><td class=\"column-8\"><\/td><td class=\"column-9\">CREDENCIAMENTO DE PESSOAS J\u00daRIDICAS E PESSOAS F\u00cdSICAS, COM O OBJETIVO DE PRESTA\u00c7\u00c3O DE SERVI\u00c7OS ART\u00cdSTICOS E CULTURAIS, NAS LINGUAGENS ART\u00cdSTICAS CONSTANTES<\/td><td class=\"column-10\">10010000 - Recursos Ordin\u00e1rios<\/td><td class=\"column-11\">400<\/td><td class=\"column-12\">032.274.204-81<\/td><td class=\"column-13\">FRANCISCO CANIND\u00c9 DA SILVA <\/td><td class=\"column-14\">RAFAEL ANDERSON DE ARA\u00daJO SILVA<\/td><td class=\"column-15\"><\/td><td class=\"column-16\"><\/td><td class=\"column-17\"><\/td><td class=\"column-18\"><\/td><td class=\"column-19\">0<\/td><td class=\"column-20\"><\/td><td class=\"column-21\">400<\/td><td class=\"column-22\">01\/10\/2021<\/td><td class=\"column-23\">07\/10\/2021<\/td><td class=\"column-24\">380<\/td>\n<\/tr>\n<tr class=\"row-822\">\n\t<td class=\"column-1\">88\/2021\t<\/td><td class=\"column-2\">12\/08\/2021<\/td><td class=\"column-3\">03\/09\/2021<\/td><td class=\"column-4\">12\/08\/2021 - 10\/10\/2021<\/td><td class=\"column-5\">1\/2021\t<\/td><td class=\"column-6\">Credenciamento - Chamamento P\u00fablico<\/td><td class=\"column-7\">Menor Pre\u00e7o Por Item<\/td><td class=\"column-8\"><\/td><td class=\"column-9\">CREDENCIAMENTO DE PESSOAS J\u00daRIDICAS E PESSOAS F\u00cdSICAS, COM O OBJETIVO DE PRESTA\u00c7\u00c3O DE SERVI\u00c7OS ART\u00cdSTICOS E CULTURAIS, NAS LINGUAGENS ART\u00cdSTICAS CONSTANTES<\/td><td class=\"column-10\">10010000 - Recursos Ordin\u00e1rios<\/td><td class=\"column-11\">100<\/td><td class=\"column-12\">040.084.094-40<\/td><td class=\"column-13\">FRANCISCA ADRIANA DA SILVA SOUZA <\/td><td class=\"column-14\">RAFAEL ANDERSON DE ARA\u00daJO SILVA<\/td><td class=\"column-15\"><\/td><td class=\"column-16\"><\/td><td class=\"column-17\"><\/td><td class=\"column-18\"><\/td><td class=\"column-19\">0<\/td><td class=\"column-20\"><\/td><td class=\"column-21\"><\/td><td class=\"column-22\"><\/td><td class=\"column-23\"><\/td><td class=\"column-24\"><\/td>\n<\/tr>\n<tr class=\"row-823\">\n\t<td class=\"column-1\">88\/2021\t<\/td><td class=\"column-2\">12\/08\/2021<\/td><td class=\"column-3\">03\/09\/2021<\/td><td class=\"column-4\">12\/08\/2021 - 10\/10\/2021<\/td><td class=\"column-5\">1\/2021\t<\/td><td class=\"column-6\">Credenciamento - Chamamento P\u00fablico<\/td><td class=\"column-7\">Menor Pre\u00e7o Por Item<\/td><td class=\"column-8\"><\/td><td class=\"column-9\">CREDENCIAMENTO DE PESSOAS J\u00daRIDICAS E PESSOAS F\u00cdSICAS, COM O OBJETIVO DE PRESTA\u00c7\u00c3O DE SERVI\u00c7OS ART\u00cdSTICOS E CULTURAIS, NAS LINGUAGENS ART\u00cdSTICAS CONSTANTES<\/td><td class=\"column-10\">10010000 - Recursos Ordin\u00e1rios<\/td><td class=\"column-11\">100<\/td><td class=\"column-12\">040.084.094-40<\/td><td class=\"column-13\">FRANCISCA ADRIANA DA SILVA SOUZA <\/td><td class=\"column-14\">RAFAEL ANDERSON DE ARA\u00daJO SILVA<\/td><td class=\"column-15\"><\/td><td class=\"column-16\"><\/td><td class=\"column-17\"><\/td><td class=\"column-18\"><\/td><td class=\"column-19\">0<\/td><td class=\"column-20\"><\/td><td class=\"column-21\">100<\/td><td class=\"column-22\">01\/10\/2021<\/td><td class=\"column-23\">06\/10\/2021<\/td><td class=\"column-24\">5<\/td>\n<\/tr>\n<tr class=\"row-824\">\n\t<td class=\"column-1\">88\/2021\t<\/td><td class=\"column-2\">12\/08\/2021<\/td><td class=\"column-3\">03\/09\/2021<\/td><td class=\"column-4\">12\/08\/2021 - 10\/10\/2021<\/td><td class=\"column-5\">1\/2021\t<\/td><td class=\"column-6\">Credenciamento - Chamamento P\u00fablico<\/td><td class=\"column-7\">Menor Pre\u00e7o Por Item<\/td><td class=\"column-8\"><\/td><td class=\"column-9\">CREDENCIAMENTO DE PESSOAS J\u00daRIDICAS E PESSOAS F\u00cdSICAS, COM O OBJETIVO DE PRESTA\u00c7\u00c3O DE SERVI\u00c7OS ART\u00cdSTICOS E CULTURAIS, NAS LINGUAGENS ART\u00cdSTICAS CONSTANTES<\/td><td class=\"column-10\">10010000 - Recursos Ordin\u00e1rios<\/td><td class=\"column-11\">100<\/td><td class=\"column-12\">040.084.094-40<\/td><td class=\"column-13\">FRANCISCA ADRIANA DA SILVA SOUZA <\/td><td class=\"column-14\">RAFAEL ANDERSON DE ARA\u00daJO SILVA<\/td><td class=\"column-15\"><\/td><td class=\"column-16\"><\/td><td class=\"column-17\"><\/td><td class=\"column-18\"><\/td><td class=\"column-19\">0<\/td><td class=\"column-20\"><\/td><td class=\"column-21\">100<\/td><td class=\"column-22\">01\/10\/2021<\/td><td class=\"column-23\">06\/10\/2021<\/td><td class=\"column-24\">95<\/td>\n<\/tr>\n<tr class=\"row-825\">\n\t<td class=\"column-1\">89\/2021\t<\/td><td class=\"column-2\">12\/08\/2021<\/td><td class=\"column-3\">03\/09\/2021<\/td><td class=\"column-4\">12\/08\/2021 - 10\/10\/2021<\/td><td class=\"column-5\">1\/2021\t<\/td><td class=\"column-6\">Credenciamento - Chamamento P\u00fablico<\/td><td class=\"column-7\">Menor Pre\u00e7o Por Item<\/td><td class=\"column-8\"><\/td><td class=\"column-9\">CREDENCIAMENTO DE PESSOAS J\u00daRIDICAS E PESSOAS F\u00cdSICAS, COM O OBJETIVO DE PRESTA\u00c7\u00c3O DE SERVI\u00c7OS ART\u00cdSTICOS E CULTURAIS, NAS LINGUAGENS ART\u00cdSTICAS CONSTANTES<\/td><td class=\"column-10\">10010000 - Recursos Ordin\u00e1rios<\/td><td class=\"column-11\">400<\/td><td class=\"column-12\">141.455.734-55<\/td><td class=\"column-13\">FELIPE DEIVID FELISBERTO DA SILVA <\/td><td class=\"column-14\">RAFAEL ANDERSON DE ARA\u00daJO SILVA<\/td><td class=\"column-15\"><\/td><td class=\"column-16\"><\/td><td class=\"column-17\"><\/td><td class=\"column-18\"><\/td><td class=\"column-19\">0<\/td><td class=\"column-20\"><\/td><td class=\"column-21\"><\/td><td class=\"column-22\"><\/td><td class=\"column-23\"><\/td><td class=\"column-24\"><\/td>\n<\/tr>\n<tr class=\"row-826\">\n\t<td class=\"column-1\">89\/2021\t<\/td><td class=\"column-2\">12\/08\/2021<\/td><td class=\"column-3\">03\/09\/2021<\/td><td class=\"column-4\">12\/08\/2021 - 10\/10\/2021<\/td><td class=\"column-5\">1\/2021\t<\/td><td class=\"column-6\">Credenciamento - Chamamento P\u00fablico<\/td><td class=\"column-7\">Menor Pre\u00e7o Por Item<\/td><td class=\"column-8\"><\/td><td class=\"column-9\">CREDENCIAMENTO DE PESSOAS J\u00daRIDICAS E PESSOAS F\u00cdSICAS, COM O OBJETIVO DE PRESTA\u00c7\u00c3O DE SERVI\u00c7OS ART\u00cdSTICOS E CULTURAIS, NAS LINGUAGENS ART\u00cdSTICAS CONSTANTES<\/td><td class=\"column-10\">10010000 - Recursos Ordin\u00e1rios<\/td><td class=\"column-11\">400<\/td><td class=\"column-12\">141.455.734-55<\/td><td class=\"column-13\">FELIPE DEIVID FELISBERTO DA SILVA <\/td><td class=\"column-14\">RAFAEL ANDERSON DE ARA\u00daJO SILVA<\/td><td class=\"column-15\"><\/td><td class=\"column-16\"><\/td><td class=\"column-17\"><\/td><td class=\"column-18\"><\/td><td class=\"column-19\">0<\/td><td class=\"column-20\"><\/td><td class=\"column-21\">400<\/td><td class=\"column-22\">01\/10\/2021<\/td><td class=\"column-23\"><\/td><td class=\"column-24\"><\/td>\n<\/tr>\n<tr class=\"row-827\">\n\t<td class=\"column-1\">89\/2021\t<\/td><td class=\"column-2\">12\/08\/2021<\/td><td class=\"column-3\">03\/09\/2021<\/td><td class=\"column-4\">12\/08\/2021 - 10\/10\/2021<\/td><td class=\"column-5\">1\/2021\t<\/td><td class=\"column-6\">Credenciamento - Chamamento P\u00fablico<\/td><td class=\"column-7\">Menor Pre\u00e7o Por Item<\/td><td class=\"column-8\"><\/td><td class=\"column-9\">CREDENCIAMENTO DE PESSOAS J\u00daRIDICAS E PESSOAS F\u00cdSICAS, COM O OBJETIVO DE PRESTA\u00c7\u00c3O DE SERVI\u00c7OS ART\u00cdSTICOS E CULTURAIS, NAS LINGUAGENS ART\u00cdSTICAS CONSTANTES<\/td><td class=\"column-10\">10010000 - Recursos Ordin\u00e1rios<\/td><td class=\"column-11\">400<\/td><td class=\"column-12\">141.455.734-55<\/td><td class=\"column-13\">FELIPE DEIVID FELISBERTO DA SILVA <\/td><td class=\"column-14\">RAFAEL ANDERSON DE ARA\u00daJO SILVA<\/td><td class=\"column-15\"><\/td><td class=\"column-16\"><\/td><td class=\"column-17\"><\/td><td class=\"column-18\"><\/td><td class=\"column-19\">0<\/td><td class=\"column-20\"><\/td><td class=\"column-21\">400<\/td><td class=\"column-22\">01\/10\/2021<\/td><td class=\"column-23\">06\/10\/2021<\/td><td class=\"column-24\">20<\/td>\n<\/tr>\n<tr class=\"row-828\">\n\t<td class=\"column-1\">90\/2021\t<\/td><td class=\"column-2\">12\/08\/2021<\/td><td class=\"column-3\">03\/09\/2021<\/td><td class=\"column-4\">12\/08\/2021 - 10\/10\/2021<\/td><td class=\"column-5\">1\/2021\t<\/td><td class=\"column-6\">Credenciamento - Chamamento P\u00fablico<\/td><td class=\"column-7\">Menor Pre\u00e7o Por Item<\/td><td class=\"column-8\"><\/td><td class=\"column-9\">CREDENCIAMENTO DE PESSOAS J\u00daRIDICAS E PESSOAS F\u00cdSICAS, COM O OBJETIVO DE PRESTA\u00c7\u00c3O DE SERVI\u00c7OS ART\u00cdSTICOS E CULTURAIS, NAS LINGUAGENS ART\u00cdSTICAS CONSTANTES<\/td><td class=\"column-10\">10010000 - Recursos Ordin\u00e1rios<\/td><td class=\"column-11\">1200<\/td><td class=\"column-12\">082.741.764-05<\/td><td class=\"column-13\">EWANDSON BASTISTA DA SILVA FERNANDES <\/td><td class=\"column-14\">RAFAEL ANDERSON DE ARA\u00daJO SILVA<\/td><td class=\"column-15\"><\/td><td class=\"column-16\"><\/td><td class=\"column-17\"><\/td><td class=\"column-18\"><\/td><td class=\"column-19\">0<\/td><td class=\"column-20\"><\/td><td class=\"column-21\"><\/td><td class=\"column-22\"><\/td><td class=\"column-23\"><\/td><td class=\"column-24\"><\/td>\n<\/tr>\n<tr class=\"row-829\">\n\t<td class=\"column-1\">90\/2021\t<\/td><td class=\"column-2\">12\/08\/2021<\/td><td class=\"column-3\">03\/09\/2021<\/td><td class=\"column-4\">12\/08\/2021 - 10\/10\/2021<\/td><td class=\"column-5\">1\/2021\t<\/td><td class=\"column-6\">Credenciamento - Chamamento P\u00fablico<\/td><td class=\"column-7\">Menor Pre\u00e7o Por Item<\/td><td class=\"column-8\"><\/td><td class=\"column-9\">CREDENCIAMENTO DE PESSOAS J\u00daRIDICAS E PESSOAS F\u00cdSICAS, COM O OBJETIVO DE PRESTA\u00c7\u00c3O DE SERVI\u00c7OS ART\u00cdSTICOS E CULTURAIS, NAS LINGUAGENS ART\u00cdSTICAS CONSTANTES<\/td><td class=\"column-10\">10010000 - Recursos Ordin\u00e1rios<\/td><td class=\"column-11\">1200<\/td><td class=\"column-12\">082.741.764-05<\/td><td class=\"column-13\">EWANDSON BASTISTA DA SILVA FERNANDES <\/td><td class=\"column-14\">RAFAEL ANDERSON DE ARA\u00daJO SILVA<\/td><td class=\"column-15\"><\/td><td class=\"column-16\"><\/td><td class=\"column-17\"><\/td><td class=\"column-18\"><\/td><td class=\"column-19\">0<\/td><td class=\"column-20\"><\/td><td class=\"column-21\">1200<\/td><td class=\"column-22\">01\/10\/2021<\/td><td class=\"column-23\">06\/10\/2021<\/td><td class=\"column-24\">60<\/td>\n<\/tr>\n<tr class=\"row-830\">\n\t<td class=\"column-1\">90\/2021\t<\/td><td class=\"column-2\">12\/08\/2021<\/td><td class=\"column-3\">03\/09\/2021<\/td><td class=\"column-4\">12\/08\/2021 - 10\/10\/2021<\/td><td class=\"column-5\">1\/2021\t<\/td><td class=\"column-6\">Credenciamento - Chamamento P\u00fablico<\/td><td class=\"column-7\">Menor Pre\u00e7o Por Item<\/td><td class=\"column-8\"><\/td><td class=\"column-9\">CREDENCIAMENTO DE PESSOAS J\u00daRIDICAS E PESSOAS F\u00cdSICAS, COM O OBJETIVO DE PRESTA\u00c7\u00c3O DE SERVI\u00c7OS ART\u00cdSTICOS E CULTURAIS, NAS LINGUAGENS ART\u00cdSTICAS CONSTANTES<\/td><td class=\"column-10\">10010000 - Recursos Ordin\u00e1rios<\/td><td class=\"column-11\">1200<\/td><td class=\"column-12\">082.741.764-05<\/td><td class=\"column-13\">EWANDSON BASTISTA DA SILVA FERNANDES <\/td><td class=\"column-14\">RAFAEL ANDERSON DE ARA\u00daJO SILVA<\/td><td class=\"column-15\"><\/td><td class=\"column-16\"><\/td><td class=\"column-17\"><\/td><td class=\"column-18\"><\/td><td class=\"column-19\">0<\/td><td class=\"column-20\"><\/td><td class=\"column-21\">1200<\/td><td class=\"column-22\">01\/10\/2021<\/td><td class=\"column-23\">14\/10\/2021<\/td><td class=\"column-24\">1140<\/td>\n<\/tr>\n<tr class=\"row-831\">\n\t<td class=\"column-1\">91\/2021\t<\/td><td class=\"column-2\">12\/08\/2021<\/td><td class=\"column-3\">03\/09\/2021<\/td><td class=\"column-4\">12\/08\/2021 - 10\/10\/2021<\/td><td class=\"column-5\">1\/2021\t<\/td><td class=\"column-6\">Credenciamento - Chamamento P\u00fablico<\/td><td class=\"column-7\">Menor Pre\u00e7o Por Item<\/td><td class=\"column-8\"><\/td><td class=\"column-9\">CREDENCIAMENTO DE PESSOAS J\u00daRIDICAS E PESSOAS F\u00cdSICAS, COM O OBJETIVO DE PRESTA\u00c7\u00c3O DE SERVI\u00c7OS ART\u00cdSTICOS E CULTURAIS, NAS LINGUAGENS ART\u00cdSTICAS CONSTANTES<\/td><td class=\"column-10\">10010000 - Recursos Ordin\u00e1rios<\/td><td class=\"column-11\">100<\/td><td class=\"column-12\">852.384.064-87<\/td><td class=\"column-13\">DALVANIRA QUIRINO DA SILVA E SILVA <\/td><td class=\"column-14\">RAFAEL ANDERSON DE ARA\u00daJO SILVA<\/td><td class=\"column-15\"><\/td><td class=\"column-16\"><\/td><td class=\"column-17\"><\/td><td class=\"column-18\"><\/td><td class=\"column-19\">0<\/td><td class=\"column-20\"><\/td><td class=\"column-21\"><\/td><td class=\"column-22\"><\/td><td class=\"column-23\"><\/td><td class=\"column-24\"><\/td>\n<\/tr>\n<tr class=\"row-832\">\n\t<td class=\"column-1\">91\/2021\t<\/td><td class=\"column-2\">12\/08\/2021<\/td><td class=\"column-3\">03\/09\/2021<\/td><td class=\"column-4\">12\/08\/2021 - 10\/10\/2021<\/td><td class=\"column-5\">1\/2021\t<\/td><td class=\"column-6\">Credenciamento - Chamamento P\u00fablico<\/td><td class=\"column-7\">Menor Pre\u00e7o Por Item<\/td><td class=\"column-8\"><\/td><td class=\"column-9\">CREDENCIAMENTO DE PESSOAS J\u00daRIDICAS E PESSOAS F\u00cdSICAS, COM O OBJETIVO DE PRESTA\u00c7\u00c3O DE SERVI\u00c7OS ART\u00cdSTICOS E CULTURAIS, NAS LINGUAGENS ART\u00cdSTICAS CONSTANTES<\/td><td class=\"column-10\">10010000 - Recursos Ordin\u00e1rios<\/td><td class=\"column-11\">100<\/td><td class=\"column-12\">852.384.064-87<\/td><td class=\"column-13\">DALVANIRA QUIRINO DA SILVA E SILVA <\/td><td class=\"column-14\">RAFAEL ANDERSON DE ARA\u00daJO SILVA<\/td><td class=\"column-15\"><\/td><td class=\"column-16\"><\/td><td class=\"column-17\"><\/td><td class=\"column-18\"><\/td><td class=\"column-19\">0<\/td><td class=\"column-20\"><\/td><td class=\"column-21\">100<\/td><td class=\"column-22\">01\/10\/2021<\/td><td class=\"column-23\">06\/10\/2021<\/td><td class=\"column-24\">5<\/td>\n<\/tr>\n<tr class=\"row-833\">\n\t<td class=\"column-1\">91\/2021\t<\/td><td class=\"column-2\">12\/08\/2021<\/td><td class=\"column-3\">03\/09\/2021<\/td><td class=\"column-4\">12\/08\/2021 - 10\/10\/2021<\/td><td class=\"column-5\">1\/2021\t<\/td><td class=\"column-6\">Credenciamento - Chamamento P\u00fablico<\/td><td class=\"column-7\">Menor Pre\u00e7o Por Item<\/td><td class=\"column-8\"><\/td><td class=\"column-9\">CREDENCIAMENTO DE PESSOAS J\u00daRIDICAS E PESSOAS F\u00cdSICAS, COM O OBJETIVO DE PRESTA\u00c7\u00c3O DE SERVI\u00c7OS ART\u00cdSTICOS E CULTURAIS, NAS LINGUAGENS ART\u00cdSTICAS CONSTANTES<\/td><td class=\"column-10\">10010000 - Recursos Ordin\u00e1rios<\/td><td class=\"column-11\">100<\/td><td class=\"column-12\">852.384.064-87<\/td><td class=\"column-13\">DALVANIRA QUIRINO DA SILVA E SILVA <\/td><td class=\"column-14\">RAFAEL ANDERSON DE ARA\u00daJO SILVA<\/td><td class=\"column-15\"><\/td><td class=\"column-16\"><\/td><td class=\"column-17\"><\/td><td class=\"column-18\"><\/td><td class=\"column-19\">0<\/td><td class=\"column-20\"><\/td><td class=\"column-21\">100<\/td><td class=\"column-22\">01\/10\/2021<\/td><td class=\"column-23\">06\/10\/2021<\/td><td class=\"column-24\">95<\/td>\n<\/tr>\n<tr class=\"row-834\">\n\t<td class=\"column-1\">92\/2021\t<\/td><td class=\"column-2\">09\/09\/2021<\/td><td class=\"column-3\">15\/09\/2021<\/td><td class=\"column-4\">09\/09\/2021 - 09\/09\/2022<\/td><td class=\"column-5\">9\/2021\t<\/td><td class=\"column-6\">Preg\u00e3o Presencial<\/td><td class=\"column-7\">Menor Pre\u00e7o Por Item<\/td><td class=\"column-8\">23\/2021<\/td><td class=\"column-9\">Registro de pre\u00e7os para futura e eventual Contrata\u00e7\u00e3o de empresa para prestar servi\u00e7os de assessoria t\u00e9cnica de apoio a gest\u00e3o de sa\u00fade do Fundo Municipal de Sa\u00fade de Lajes\/RN.<\/td><td class=\"column-10\">12110000 - Receitas de Impostos e de Transfer\u00eancia de Impostos - Sa\u00fade<\/td><td class=\"column-11\">60000<\/td><td class=\"column-12\">40.558.508\/0001-24<\/td><td class=\"column-13\">BRAVUS EMPRESARIAL LTDA - ME<\/td><td class=\"column-14\">RAFAEL ANDERSON DE ARA\u00daJO SILVA<\/td><td class=\"column-15\"><\/td><td class=\"column-16\"><\/td><td class=\"column-17\"><\/td><td class=\"column-18\"><\/td><td class=\"column-19\">0<\/td><td class=\"column-20\"><\/td><td class=\"column-21\"><\/td><td class=\"column-22\"><\/td><td class=\"column-23\"><\/td><td class=\"column-24\"><\/td>\n<\/tr>\n<tr class=\"row-835\">\n\t<td class=\"column-1\">92\/2021\t<\/td><td class=\"column-2\">09\/09\/2021<\/td><td class=\"column-3\">15\/09\/2021<\/td><td class=\"column-4\">09\/09\/2021 - 09\/09\/2022<\/td><td class=\"column-5\">9\/2021\t<\/td><td class=\"column-6\">Preg\u00e3o Presencial<\/td><td class=\"column-7\">Menor Pre\u00e7o Por Item<\/td><td class=\"column-8\">23\/2021<\/td><td class=\"column-9\">Registro de pre\u00e7os para futura e eventual Contrata\u00e7\u00e3o de empresa para prestar servi\u00e7os de assessoria t\u00e9cnica de apoio a gest\u00e3o de sa\u00fade do Fundo Municipal de Sa\u00fade de Lajes\/RN.<\/td><td class=\"column-10\">12110000 - Receitas de Impostos e de Transfer\u00eancia de Impostos - Sa\u00fade<\/td><td class=\"column-11\">60000<\/td><td class=\"column-12\">40.558.508\/0001-24<\/td><td class=\"column-13\">BRAVUS EMPRESARIAL LTDA - ME<\/td><td class=\"column-14\">RAFAEL ANDERSON DE ARA\u00daJO SILVA<\/td><td class=\"column-15\"><\/td><td class=\"column-16\"><\/td><td class=\"column-17\"><\/td><td class=\"column-18\"><\/td><td class=\"column-19\">0<\/td><td class=\"column-20\"><\/td><td class=\"column-21\">5000<\/td><td class=\"column-22\">02\/12\/2021<\/td><td class=\"column-23\">06\/12\/2021<\/td><td class=\"column-24\">5000<\/td>\n<\/tr>\n<tr class=\"row-836\">\n\t<td class=\"column-1\">92\/2021\t<\/td><td class=\"column-2\">09\/09\/2021<\/td><td class=\"column-3\">15\/09\/2021<\/td><td class=\"column-4\">09\/09\/2021 - 09\/09\/2022<\/td><td class=\"column-5\">9\/2021\t<\/td><td class=\"column-6\">Preg\u00e3o Presencial<\/td><td class=\"column-7\">Menor Pre\u00e7o Por Item<\/td><td class=\"column-8\">23\/2021<\/td><td class=\"column-9\">Registro de pre\u00e7os para futura e eventual Contrata\u00e7\u00e3o de empresa para prestar servi\u00e7os de assessoria t\u00e9cnica de apoio a gest\u00e3o de sa\u00fade do Fundo Municipal de Sa\u00fade de Lajes\/RN.<\/td><td class=\"column-10\">12110000 - Receitas de Impostos e de Transfer\u00eancia de Impostos - Sa\u00fade<\/td><td class=\"column-11\">60000<\/td><td class=\"column-12\">40.558.508\/0001-24<\/td><td class=\"column-13\">BRAVUS EMPRESARIAL LTDA - ME<\/td><td class=\"column-14\">RAFAEL ANDERSON DE ARA\u00daJO SILVA<\/td><td class=\"column-15\"><\/td><td class=\"column-16\"><\/td><td class=\"column-17\"><\/td><td class=\"column-18\"><\/td><td class=\"column-19\">0<\/td><td class=\"column-20\"><\/td><td class=\"column-21\">5000<\/td><td class=\"column-22\">16\/11\/2021<\/td><td class=\"column-23\"><\/td><td class=\"column-24\"><\/td>\n<\/tr>\n<tr class=\"row-837\">\n\t<td class=\"column-1\">92\/2021\t<\/td><td class=\"column-2\">09\/09\/2021<\/td><td class=\"column-3\">15\/09\/2021<\/td><td class=\"column-4\">09\/09\/2021 - 09\/09\/2022<\/td><td class=\"column-5\">9\/2021\t<\/td><td class=\"column-6\">Preg\u00e3o Presencial<\/td><td class=\"column-7\">Menor Pre\u00e7o Por Item<\/td><td class=\"column-8\">23\/2021<\/td><td class=\"column-9\">Registro de pre\u00e7os para futura e eventual Contrata\u00e7\u00e3o de empresa para prestar servi\u00e7os de assessoria t\u00e9cnica de apoio a gest\u00e3o de sa\u00fade do Fundo Municipal de Sa\u00fade de Lajes\/RN.<\/td><td class=\"column-10\">12110000 - Receitas de Impostos e de Transfer\u00eancia de Impostos - Sa\u00fade<\/td><td class=\"column-11\">60000<\/td><td class=\"column-12\">40.558.508\/0001-24<\/td><td class=\"column-13\">BRAVUS EMPRESARIAL LTDA - ME<\/td><td class=\"column-14\">RAFAEL ANDERSON DE ARA\u00daJO SILVA<\/td><td class=\"column-15\"><\/td><td class=\"column-16\"><\/td><td class=\"column-17\"><\/td><td class=\"column-18\"><\/td><td class=\"column-19\">0<\/td><td class=\"column-20\"><\/td><td class=\"column-21\">5000<\/td><td class=\"column-22\">16\/11\/2021<\/td><td class=\"column-23\">17\/11\/2021<\/td><td class=\"column-24\">5000<\/td>\n<\/tr>\n<tr class=\"row-838\">\n\t<td class=\"column-1\">92\/2021\t<\/td><td class=\"column-2\">09\/09\/2021<\/td><td class=\"column-3\">15\/09\/2021<\/td><td class=\"column-4\">09\/09\/2021 - 09\/09\/2022<\/td><td class=\"column-5\">9\/2021\t<\/td><td class=\"column-6\">Preg\u00e3o Presencial<\/td><td class=\"column-7\">Menor Pre\u00e7o Por Item<\/td><td class=\"column-8\">23\/2021<\/td><td class=\"column-9\">Registro de pre\u00e7os para futura e eventual Contrata\u00e7\u00e3o de empresa para prestar servi\u00e7os de assessoria t\u00e9cnica de apoio a gest\u00e3o de sa\u00fade do Fundo Municipal de Sa\u00fade de Lajes\/RN.<\/td><td class=\"column-10\">12110000 - Receitas de Impostos e de Transfer\u00eancia de Impostos - Sa\u00fade<\/td><td class=\"column-11\">60000<\/td><td class=\"column-12\">40.558.508\/0001-24<\/td><td class=\"column-13\">BRAVUS EMPRESARIAL LTDA - ME<\/td><td class=\"column-14\">RAFAEL ANDERSON DE ARA\u00daJO SILVA<\/td><td class=\"column-15\"><\/td><td class=\"column-16\"><\/td><td class=\"column-17\"><\/td><td class=\"column-18\"><\/td><td class=\"column-19\">0<\/td><td class=\"column-20\"><\/td><td class=\"column-21\">5000<\/td><td class=\"column-22\">18\/10\/2021<\/td><td class=\"column-23\">19\/10\/2021<\/td><td class=\"column-24\">5000<\/td>\n<\/tr>\n<tr class=\"row-839\">\n\t<td class=\"column-1\">93\/2021\t<\/td><td class=\"column-2\">09\/09\/2021<\/td><td class=\"column-3\">17\/09\/2021<\/td><td class=\"column-4\">09\/09\/2021 - 08\/09\/2022<\/td><td class=\"column-5\">84\/2021\t<\/td><td class=\"column-6\">Dispensa<\/td><td class=\"column-7\">Menor Pre\u00e7o Global<\/td><td class=\"column-8\"><\/td><td class=\"column-9\">CONTRATA\u00c7\u00c3O DE CURSO DE COSTUREIRO INDUSTRIAL DO VESTI\u00c1RIO EM TECIDO PLANO, COM DURA\u00c7\u00c3O DE 160H (CENTO E SESSENTA HORAS), JUNTO AO SERVI\u00c7O NACIONAL DE APRENDIZAGEM INDUSTRIAL - SENAI<\/td><td class=\"column-10\">13110000 - Transfer\u00eancia de Recursos do Fundo Nacional de Assist\u00eancia Social - FNAS<\/td><td class=\"column-11\">10500<\/td><td class=\"column-12\">03.784.680\/0001-70<\/td><td class=\"column-13\">SERVICO NACIONAL DE APRENDIZAGEM INDUSTRIAL<\/td><td class=\"column-14\">RAFAEL ANDERSON DE ARA\u00daJO SILVA<\/td><td class=\"column-15\"><\/td><td class=\"column-16\"><\/td><td class=\"column-17\"><\/td><td class=\"column-18\"><\/td><td class=\"column-19\">0<\/td><td class=\"column-20\"><\/td><td class=\"column-21\"><\/td><td class=\"column-22\"><\/td><td class=\"column-23\"><\/td><td class=\"column-24\"><\/td>\n<\/tr>\n<tr class=\"row-840\">\n\t<td class=\"column-1\">93\/2021\t<\/td><td class=\"column-2\">09\/09\/2021<\/td><td class=\"column-3\">17\/09\/2021<\/td><td class=\"column-4\">09\/09\/2021 - 08\/09\/2022<\/td><td class=\"column-5\">84\/2021\t<\/td><td class=\"column-6\">Dispensa<\/td><td class=\"column-7\">Menor Pre\u00e7o Global<\/td><td class=\"column-8\"><\/td><td class=\"column-9\">CONTRATA\u00c7\u00c3O DE CURSO DE COSTUREIRO INDUSTRIAL DO VESTI\u00c1RIO EM TECIDO PLANO, COM DURA\u00c7\u00c3O DE 160H (CENTO E SESSENTA HORAS), JUNTO AO SERVI\u00c7O NACIONAL DE APRENDIZAGEM INDUSTRIAL - SENAI<\/td><td class=\"column-10\">13110000 - Transfer\u00eancia de Recursos do Fundo Nacional de Assist\u00eancia Social - FNAS<\/td><td class=\"column-11\">10500<\/td><td class=\"column-12\">03.784.680\/0001-70<\/td><td class=\"column-13\">SERVICO NACIONAL DE APRENDIZAGEM INDUSTRIAL<\/td><td class=\"column-14\">RAFAEL ANDERSON DE ARA\u00daJO SILVA<\/td><td class=\"column-15\"><\/td><td class=\"column-16\"><\/td><td class=\"column-17\"><\/td><td class=\"column-18\"><\/td><td class=\"column-19\">0<\/td><td class=\"column-20\"><\/td><td class=\"column-21\">10500<\/td><td class=\"column-22\">16\/11\/2021<\/td><td class=\"column-23\">06\/12\/2021<\/td><td class=\"column-24\">10500<\/td>\n<\/tr>\n<tr class=\"row-841\">\n\t<td class=\"column-1\">94\/2021\t<\/td><td class=\"column-2\">14\/10\/2021<\/td><td class=\"column-3\">15\/10\/2021<\/td><td class=\"column-4\">14\/10\/2021 - 14\/10\/2022<\/td><td class=\"column-5\">2\/2021\t<\/td><td class=\"column-6\">Tomada de Pre\u00e7o<\/td><td class=\"column-7\">Menor Pre\u00e7o Global<\/td><td class=\"column-8\"><\/td><td class=\"column-9\">CONTRATA\u00c7\u00c3O DE EMPRESA ESPECIALIZADA EM SERVI\u00c7OS DE ENGENHARIA PARA REFORMA E MODERNIZA\u00c7\u00c3O DAS PRA\u00c7AS P\u00daBLICAS GET\u00daLIO VARGAS E SEBASTI\u00c3O DUDA DA ROCHA LOCALIZADAS NAS RUAS PRESIDENTE GET\u00daLIO VARGAS E AVENIDA ULISSES VALE NA REGI\u00c3O URBANA DO MUNIC\u00cdPIO DE LAJES\/RN.<\/td><td class=\"column-10\"><\/td><td class=\"column-11\">264209.43<\/td><td class=\"column-12\">24.855.726\/0001-74<\/td><td class=\"column-13\">H J DANTAS FILHO EIRELI<\/td><td class=\"column-14\">RAFAEL ANDERSON DE ARA\u00daJO SILVA<\/td><td class=\"column-15\"><\/td><td class=\"column-16\"><\/td><td class=\"column-17\"><\/td><td class=\"column-18\"><\/td><td class=\"column-19\">0<\/td><td class=\"column-20\"><\/td><td class=\"column-21\"><\/td><td class=\"column-22\"><\/td><td class=\"column-23\"><\/td><td class=\"column-24\"><\/td>\n<\/tr>\n<tr class=\"row-842\">\n\t<td class=\"column-1\">95\/2021\t<\/td><td class=\"column-2\">14\/10\/2021<\/td><td class=\"column-3\">15\/10\/2021<\/td><td class=\"column-4\">14\/10\/2021 - 14\/10\/2022<\/td><td class=\"column-5\">3\/2021\t<\/td><td class=\"column-6\">Tomada de Pre\u00e7o<\/td><td class=\"column-7\">Menor Pre\u00e7o<\/td><td class=\"column-8\"><\/td><td class=\"column-9\">Contra\u00e7\u00e3o de empresa especializada  para constru\u00e7\u00e3o de unidades habitacionais. Para atender as fam\u00edlias carentes do Munic\u00edpio de Lajes\/RN, conforme especifica\u00e7\u00f5es contidas no projeto b\u00e1sico<\/td><td class=\"column-10\"><\/td><td class=\"column-11\">423164.88<\/td><td class=\"column-12\">24.855.726\/0001-74<\/td><td class=\"column-13\">H J DANTAS FILHO EIRELI<\/td><td class=\"column-14\">RAFAEL ANDERSON DE ARA\u00daJO SILVA<\/td><td class=\"column-15\"><\/td><td class=\"column-16\"><\/td><td class=\"column-17\"><\/td><td class=\"column-18\"><\/td><td class=\"column-19\">0<\/td><td class=\"column-20\"><\/td><td class=\"column-21\"><\/td><td class=\"column-22\"><\/td><td class=\"column-23\"><\/td><td class=\"column-24\"><\/td>\n<\/tr>\n<tr class=\"row-843\">\n\t<td class=\"column-1\">96\/2021\t<\/td><td class=\"column-2\">14\/10\/2021<\/td><td class=\"column-3\">15\/10\/2021<\/td><td class=\"column-4\">14\/10\/2021 - 13\/10\/2022<\/td><td class=\"column-5\">83\/2021\t<\/td><td class=\"column-6\">Dispensa<\/td><td class=\"column-7\">Menor Pre\u00e7o Por Item<\/td><td class=\"column-8\"><\/td><td class=\"column-9\">CONTRATA\u00c7\u00c3O DOS SERVI\u00c7OS DE CONSULTORIA ESPECIALIZADA EM DESENVOLVIMENTO TERRITORIAL, POR MEIO DO PROJETO CIDADE EMPREENDEDORA \u2013 CATEGORIA ULTIMATE, NOS EIXOS ESTRAT\u00c9GICOS DA GEST\u00c3O MUNICIPAL, REALIZADOS PELO SERVI\u00c7O DE APOIO \u00c0S MICRO E PEQUENAS EMPRESAS DO RIO GRANDE DO NORTE - SEBRAE\/RN<\/td><td class=\"column-10\"><\/td><td class=\"column-11\">50000<\/td><td class=\"column-12\">08.060.774\/0001-10<\/td><td class=\"column-13\">SERVICO DE APOIO AS MICRO E PEQUENAS EMPRESAS DO RN<\/td><td class=\"column-14\">RAFAEL ANDERSON DE ARA\u00daJO SILVA<\/td><td class=\"column-15\"><\/td><td class=\"column-16\"><\/td><td class=\"column-17\"><\/td><td class=\"column-18\"><\/td><td class=\"column-19\">0<\/td><td class=\"column-20\"><\/td><td class=\"column-21\"><\/td><td class=\"column-22\"><\/td><td class=\"column-23\"><\/td><td class=\"column-24\"><\/td>\n<\/tr>\n<tr class=\"row-844\">\n\t<td class=\"column-1\">97\/2021\t<\/td><td class=\"column-2\">25\/10\/2021<\/td><td class=\"column-3\">25\/10\/2021<\/td><td class=\"column-4\">25\/10\/2021 - 31\/12\/2021<\/td><td class=\"column-5\">93\/2021\t<\/td><td class=\"column-6\">Dispensa<\/td><td class=\"column-7\">Menor Pre\u00e7o Por Item<\/td><td class=\"column-8\"><\/td><td class=\"column-9\">CONTRATA\u00c7\u00c3O DE EMPRESA PRESTADORA DE SERVI\u00c7OS DE MAMOGRAFIA BILATERAL, ATRAV\u00c9S DE UNIDADE M\u00d3VEL DE MAMOGRAFIA EM VE\u00cdCULO MOTORIZADO.<\/td><td class=\"column-10\">12140000 - Transf. Fundo a Fundo de Rec. do SUS provenientes do Governo Federal - Bloco de Manut. das A\u00e7\u00f5es e Servi\u00e7os P\u00fablicos de Sa\u00fade<\/td><td class=\"column-11\">11250<\/td><td class=\"column-12\">30.712.156\/0002-47<\/td><td class=\"column-13\">CLINICA CHECK-UP LTDA<\/td><td class=\"column-14\">RAFAEL ANDERSON DE ARA\u00daJO SILVA<\/td><td class=\"column-15\"><\/td><td class=\"column-16\"><\/td><td class=\"column-17\"><\/td><td class=\"column-18\"><\/td><td class=\"column-19\">0<\/td><td class=\"column-20\"><\/td><td class=\"column-21\"><\/td><td class=\"column-22\"><\/td><td class=\"column-23\"><\/td><td class=\"column-24\"><\/td>\n<\/tr>\n<tr class=\"row-845\">\n\t<td class=\"column-1\">97\/2021\t<\/td><td class=\"column-2\">25\/10\/2021<\/td><td class=\"column-3\">25\/10\/2021<\/td><td class=\"column-4\">25\/10\/2021 - 31\/12\/2021<\/td><td class=\"column-5\">93\/2021\t<\/td><td class=\"column-6\">Dispensa<\/td><td class=\"column-7\">Menor Pre\u00e7o Por Item<\/td><td class=\"column-8\"><\/td><td class=\"column-9\">CONTRATA\u00c7\u00c3O DE EMPRESA PRESTADORA DE SERVI\u00c7OS DE MAMOGRAFIA BILATERAL, ATRAV\u00c9S DE UNIDADE M\u00d3VEL DE MAMOGRAFIA EM VE\u00cdCULO MOTORIZADO.<\/td><td class=\"column-10\">12140000 - Transf. Fundo a Fundo de Rec. do SUS provenientes do Governo Federal - Bloco de Manut. das A\u00e7\u00f5es e Servi\u00e7os P\u00fablicos de Sa\u00fade<\/td><td class=\"column-11\">11250<\/td><td class=\"column-12\">30.712.156\/0002-47<\/td><td class=\"column-13\">CLINICA CHECK-UP LTDA<\/td><td class=\"column-14\">RAFAEL ANDERSON DE ARA\u00daJO SILVA<\/td><td class=\"column-15\"><\/td><td class=\"column-16\"><\/td><td class=\"column-17\"><\/td><td class=\"column-18\"><\/td><td class=\"column-19\">0<\/td><td class=\"column-20\"><\/td><td class=\"column-21\">11250<\/td><td class=\"column-22\">12\/11\/2021<\/td><td class=\"column-23\">16\/11\/2021<\/td><td class=\"column-24\">11250<\/td>\n<\/tr>\n<tr class=\"row-846\">\n\t<td class=\"column-1\">98\/2021\t<\/td><td class=\"column-2\">14\/10\/2021<\/td><td class=\"column-3\">27\/10\/2021<\/td><td class=\"column-4\">14\/10\/2021 - 31\/12\/2021<\/td><td class=\"column-5\">91\/2021\t<\/td><td class=\"column-6\">Dispensa<\/td><td class=\"column-7\">Menor Pre\u00e7o Global<\/td><td class=\"column-8\"><\/td><td class=\"column-9\">CONTRATA\u00c7\u00c3O DE EMPRESA PARA REALIZA\u00c7\u00c3O DE MANUTEN\u00c7\u00c3O CORRETIVA, INCLUSIVE COM SBSTITUI\u00c7\u00c3O DE PE\u00c7AS\/EQUIPAMENTOS DOS PO\u00c7OS TUBULARES NO SISTEMA FOTOVOLTAICO NAS COMUNIDADES DE CABUGI E ALAGOINHA.<\/td><td class=\"column-10\">15300000 - Transfer\u00eancia da Uni\u00e3o Referente a Royalties do Petr\u00f3leo<\/td><td class=\"column-11\">17140<\/td><td class=\"column-12\">40.956.421\/0001-05<\/td><td class=\"column-13\">P S E SOLAR SISTEMAS<\/td><td class=\"column-14\">RAFAEL ANDERSON DE ARA\u00daJO SILVA<\/td><td class=\"column-15\"><\/td><td class=\"column-16\"><\/td><td class=\"column-17\"><\/td><td class=\"column-18\"><\/td><td class=\"column-19\">0<\/td><td class=\"column-20\"><\/td><td class=\"column-21\"><\/td><td class=\"column-22\"><\/td><td class=\"column-23\"><\/td><td class=\"column-24\"><\/td>\n<\/tr>\n<tr class=\"row-847\">\n\t<td class=\"column-1\">98\/2021\t<\/td><td class=\"column-2\">14\/10\/2021<\/td><td class=\"column-3\">27\/10\/2021<\/td><td class=\"column-4\">14\/10\/2021 - 31\/12\/2021<\/td><td class=\"column-5\">91\/2021\t<\/td><td class=\"column-6\">Dispensa<\/td><td class=\"column-7\">Menor Pre\u00e7o Global<\/td><td class=\"column-8\"><\/td><td class=\"column-9\">CONTRATA\u00c7\u00c3O DE EMPRESA PARA REALIZA\u00c7\u00c3O DE MANUTEN\u00c7\u00c3O CORRETIVA, INCLUSIVE COM SBSTITUI\u00c7\u00c3O DE PE\u00c7AS\/EQUIPAMENTOS DOS PO\u00c7OS TUBULARES NO SISTEMA FOTOVOLTAICO NAS COMUNIDADES DE CABUGI E ALAGOINHA.<\/td><td class=\"column-10\">15300000 - Transfer\u00eancia da Uni\u00e3o Referente a Royalties do Petr\u00f3leo<\/td><td class=\"column-11\">17140<\/td><td class=\"column-12\">40.956.421\/0001-05<\/td><td class=\"column-13\">P S E SOLAR SISTEMAS<\/td><td class=\"column-14\">RAFAEL ANDERSON DE ARA\u00daJO SILVA<\/td><td class=\"column-15\"><\/td><td class=\"column-16\"><\/td><td class=\"column-17\"><\/td><td class=\"column-18\"><\/td><td class=\"column-19\">0<\/td><td class=\"column-20\"><\/td><td class=\"column-21\">17140<\/td><td class=\"column-22\">24\/11\/2021<\/td><td class=\"column-23\"><\/td><td class=\"column-24\"><\/td>\n<\/tr>\n<tr class=\"row-848\">\n\t<td class=\"column-1\">98\/2021\t<\/td><td class=\"column-2\">14\/10\/2021<\/td><td class=\"column-3\">27\/10\/2021<\/td><td class=\"column-4\">14\/10\/2021 - 31\/12\/2021<\/td><td class=\"column-5\">91\/2021\t<\/td><td class=\"column-6\">Dispensa<\/td><td class=\"column-7\">Menor Pre\u00e7o Global<\/td><td class=\"column-8\"><\/td><td class=\"column-9\">CONTRATA\u00c7\u00c3O DE EMPRESA PARA REALIZA\u00c7\u00c3O DE MANUTEN\u00c7\u00c3O CORRETIVA, INCLUSIVE COM SBSTITUI\u00c7\u00c3O DE PE\u00c7AS\/EQUIPAMENTOS DOS PO\u00c7OS TUBULARES NO SISTEMA FOTOVOLTAICO NAS COMUNIDADES DE CABUGI E ALAGOINHA.<\/td><td class=\"column-10\">15300000 - Transfer\u00eancia da Uni\u00e3o Referente a Royalties do Petr\u00f3leo<\/td><td class=\"column-11\">17140<\/td><td class=\"column-12\">40.956.421\/0001-05<\/td><td class=\"column-13\">P S E SOLAR SISTEMAS<\/td><td class=\"column-14\">RAFAEL ANDERSON DE ARA\u00daJO SILVA<\/td><td class=\"column-15\"><\/td><td class=\"column-16\"><\/td><td class=\"column-17\"><\/td><td class=\"column-18\"><\/td><td class=\"column-19\">0<\/td><td class=\"column-20\"><\/td><td class=\"column-21\">17140<\/td><td class=\"column-22\">24\/11\/2021<\/td><td class=\"column-23\">02\/12\/2021<\/td><td class=\"column-24\">17140<\/td>\n<\/tr>\n<tr class=\"row-849\">\n\t<td class=\"column-1\">99\/2021\t<\/td><td class=\"column-2\">27\/10\/2021<\/td><td class=\"column-3\">28\/10\/2021<\/td><td class=\"column-4\">27\/10\/2021 - 31\/12\/2021<\/td><td class=\"column-5\">94\/2021\t<\/td><td class=\"column-6\">Dispensa<\/td><td class=\"column-7\">Menor Pre\u00e7o Por Item<\/td><td class=\"column-8\"><\/td><td class=\"column-9\">Contrata\u00e7\u00e3o pessoa jur\u00eddica para realizar a anima\u00e7\u00e3o musical da confraterniza\u00e7\u00e3o dos servidores que acontecer\u00e1 no dia 29 de outubro de 2021, em comemora\u00e7\u00e3o ao dia do Servidor P\u00fablico, conforme especifica\u00e7\u00f5es no termo de refer\u00eancia.<\/td><td class=\"column-10\">10010000 - Recursos Ordin\u00e1rios<\/td><td class=\"column-11\">3300<\/td><td class=\"column-12\">27.423.497\/0001-07<\/td><td class=\"column-13\">F DOS SANTOS LOBATO<\/td><td class=\"column-14\">RAFAEL ANDERSON DE ARA\u00daJO SILVA<\/td><td class=\"column-15\"><\/td><td class=\"column-16\"><\/td><td class=\"column-17\"><\/td><td class=\"column-18\"><\/td><td class=\"column-19\">0<\/td><td class=\"column-20\"><\/td><td class=\"column-21\"><\/td><td class=\"column-22\"><\/td><td class=\"column-23\"><\/td><td class=\"column-24\"><\/td>\n<\/tr>\n<tr class=\"row-850\">\n\t<td class=\"column-1\">99\/2021\t<\/td><td class=\"column-2\">27\/10\/2021<\/td><td class=\"column-3\">28\/10\/2021<\/td><td class=\"column-4\">27\/10\/2021 - 31\/12\/2021<\/td><td class=\"column-5\">94\/2021\t<\/td><td class=\"column-6\">Dispensa<\/td><td class=\"column-7\">Menor Pre\u00e7o Por Item<\/td><td class=\"column-8\"><\/td><td class=\"column-9\">Contrata\u00e7\u00e3o pessoa jur\u00eddica para realizar a anima\u00e7\u00e3o musical da confraterniza\u00e7\u00e3o dos servidores que acontecer\u00e1 no dia 29 de outubro de 2021, em comemora\u00e7\u00e3o ao dia do Servidor P\u00fablico, conforme especifica\u00e7\u00f5es no termo de refer\u00eancia.<\/td><td class=\"column-10\">10010000 - Recursos Ordin\u00e1rios<\/td><td class=\"column-11\">3300<\/td><td class=\"column-12\">27.423.497\/0001-07<\/td><td class=\"column-13\">F DOS SANTOS LOBATO<\/td><td class=\"column-14\">RAFAEL ANDERSON DE ARA\u00daJO SILVA<\/td><td class=\"column-15\"><\/td><td class=\"column-16\"><\/td><td class=\"column-17\"><\/td><td class=\"column-18\"><\/td><td class=\"column-19\">0<\/td><td class=\"column-20\"><\/td><td class=\"column-21\">3300<\/td><td class=\"column-22\">11\/11\/2021<\/td><td class=\"column-23\">17\/11\/2021<\/td><td class=\"column-24\">3300<\/td>\n<\/tr>\n<tr class=\"row-851\">\n\t<td class=\"column-1\">100\/2021\t<\/td><td class=\"column-2\">04\/11\/2021<\/td><td class=\"column-3\">05\/11\/2021<\/td><td class=\"column-4\">04\/11\/2021 - 04\/01\/2022<\/td><td class=\"column-5\">95\/2021\t<\/td><td class=\"column-6\">Dispensa<\/td><td class=\"column-7\">Menor Pre\u00e7o Por Item<\/td><td class=\"column-8\"><\/td><td class=\"column-9\">Contra\u00e7\u00e3o de empresa do ramo pertinente para a realiza\u00e7\u00e3o dos servi\u00e7os de Urbaniza\u00e7\u00e3o do largo da Igreja Matriz no munic\u00edpio de Lajes\/RN.<\/td><td class=\"column-10\">10010000 - Recursos Ordin\u00e1rios<\/td><td class=\"column-11\">50485.11<\/td><td class=\"column-12\">23.150.611\/0001-11<\/td><td class=\"column-13\">LRV CONSTRUTORA LTDA<\/td><td class=\"column-14\">RAFAEL ANDERSON DE ARA\u00daJO SILVA<\/td><td class=\"column-15\"><\/td><td class=\"column-16\"><\/td><td class=\"column-17\"><\/td><td class=\"column-18\"><\/td><td class=\"column-19\">0<\/td><td class=\"column-20\"><\/td><td class=\"column-21\"><\/td><td class=\"column-22\"><\/td><td class=\"column-23\"><\/td><td class=\"column-24\"><\/td>\n<\/tr>\n<tr class=\"row-852\">\n\t<td class=\"column-1\">100\/2021\t<\/td><td class=\"column-2\">04\/11\/2021<\/td><td class=\"column-3\">05\/11\/2021<\/td><td class=\"column-4\">04\/11\/2021 - 04\/01\/2022<\/td><td class=\"column-5\">95\/2021\t<\/td><td class=\"column-6\">Dispensa<\/td><td class=\"column-7\">Menor Pre\u00e7o Por Item<\/td><td class=\"column-8\"><\/td><td class=\"column-9\">Contra\u00e7\u00e3o de empresa do ramo pertinente para a realiza\u00e7\u00e3o dos servi\u00e7os de Urbaniza\u00e7\u00e3o do largo da Igreja Matriz no munic\u00edpio de Lajes\/RN.<\/td><td class=\"column-10\">10010000 - Recursos Ordin\u00e1rios<\/td><td class=\"column-11\">50485.11<\/td><td class=\"column-12\">23.150.611\/0001-11<\/td><td class=\"column-13\">LRV CONSTRUTORA LTDA<\/td><td class=\"column-14\">RAFAEL ANDERSON DE ARA\u00daJO SILVA<\/td><td class=\"column-15\"><\/td><td class=\"column-16\"><\/td><td class=\"column-17\"><\/td><td class=\"column-18\"><\/td><td class=\"column-19\">0<\/td><td class=\"column-20\"><\/td><td class=\"column-21\">50485.11<\/td><td class=\"column-22\">22\/12\/2021<\/td><td class=\"column-23\"><\/td><td class=\"column-24\"><\/td>\n<\/tr>\n<tr class=\"row-853\">\n\t<td class=\"column-1\">100\/2021\t<\/td><td class=\"column-2\">04\/11\/2021<\/td><td class=\"column-3\">05\/11\/2021<\/td><td class=\"column-4\">04\/11\/2021 - 04\/01\/2022<\/td><td class=\"column-5\">95\/2021\t<\/td><td class=\"column-6\">Dispensa<\/td><td class=\"column-7\">Menor Pre\u00e7o Por Item<\/td><td class=\"column-8\"><\/td><td class=\"column-9\">Contra\u00e7\u00e3o de empresa do ramo pertinente para a realiza\u00e7\u00e3o dos servi\u00e7os de Urbaniza\u00e7\u00e3o do largo da Igreja Matriz no munic\u00edpio de Lajes\/RN.<\/td><td class=\"column-10\">10010000 - Recursos Ordin\u00e1rios<\/td><td class=\"column-11\">50485.11<\/td><td class=\"column-12\">23.150.611\/0001-11<\/td><td class=\"column-13\">LRV CONSTRUTORA LTDA<\/td><td class=\"column-14\">RAFAEL ANDERSON DE ARA\u00daJO SILVA<\/td><td class=\"column-15\"><\/td><td class=\"column-16\"><\/td><td class=\"column-17\"><\/td><td class=\"column-18\"><\/td><td class=\"column-19\">0<\/td><td class=\"column-20\"><\/td><td class=\"column-21\">50485.11<\/td><td class=\"column-22\">22\/12\/2021<\/td><td class=\"column-23\">23\/12\/2021<\/td><td class=\"column-24\">45133.7<\/td>\n<\/tr>\n<tr class=\"row-854\">\n\t<td class=\"column-1\">100\/2021\t<\/td><td class=\"column-2\">04\/11\/2021<\/td><td class=\"column-3\">05\/11\/2021<\/td><td class=\"column-4\">04\/11\/2021 - 04\/01\/2022<\/td><td class=\"column-5\">95\/2021\t<\/td><td class=\"column-6\">Dispensa<\/td><td class=\"column-7\">Menor Pre\u00e7o Por Item<\/td><td class=\"column-8\"><\/td><td class=\"column-9\">Contra\u00e7\u00e3o de empresa do ramo pertinente para a realiza\u00e7\u00e3o dos servi\u00e7os de Urbaniza\u00e7\u00e3o do largo da Igreja Matriz no munic\u00edpio de Lajes\/RN.<\/td><td class=\"column-10\">10010000 - Recursos Ordin\u00e1rios<\/td><td class=\"column-11\">50485.11<\/td><td class=\"column-12\">23.150.611\/0001-11<\/td><td class=\"column-13\">LRV CONSTRUTORA LTDA<\/td><td class=\"column-14\">RAFAEL ANDERSON DE ARA\u00daJO SILVA<\/td><td class=\"column-15\"><\/td><td class=\"column-16\"><\/td><td class=\"column-17\"><\/td><td class=\"column-18\"><\/td><td class=\"column-19\">0<\/td><td class=\"column-20\"><\/td><td class=\"column-21\">50485.11<\/td><td class=\"column-22\">22\/12\/2021<\/td><td class=\"column-23\">29\/12\/2021<\/td><td class=\"column-24\">504.85<\/td>\n<\/tr>\n<tr class=\"row-855\">\n\t<td class=\"column-1\">100\/2021\t<\/td><td class=\"column-2\">04\/11\/2021<\/td><td class=\"column-3\">05\/11\/2021<\/td><td class=\"column-4\">04\/11\/2021 - 04\/01\/2022<\/td><td class=\"column-5\">95\/2021\t<\/td><td class=\"column-6\">Dispensa<\/td><td class=\"column-7\">Menor Pre\u00e7o Por Item<\/td><td class=\"column-8\"><\/td><td class=\"column-9\">Contra\u00e7\u00e3o de empresa do ramo pertinente para a realiza\u00e7\u00e3o dos servi\u00e7os de Urbaniza\u00e7\u00e3o do largo da Igreja Matriz no munic\u00edpio de Lajes\/RN.<\/td><td class=\"column-10\">10010000 - Recursos Ordin\u00e1rios<\/td><td class=\"column-11\">50485.11<\/td><td class=\"column-12\">23.150.611\/0001-11<\/td><td class=\"column-13\">LRV CONSTRUTORA LTDA<\/td><td class=\"column-14\">RAFAEL ANDERSON DE ARA\u00daJO SILVA<\/td><td class=\"column-15\"><\/td><td class=\"column-16\"><\/td><td class=\"column-17\"><\/td><td class=\"column-18\"><\/td><td class=\"column-19\">0<\/td><td class=\"column-20\"><\/td><td class=\"column-21\">50485.11<\/td><td class=\"column-22\">22\/12\/2021<\/td><td class=\"column-23\">29\/12\/2021<\/td><td class=\"column-24\">1514.55<\/td>\n<\/tr>\n<tr class=\"row-856\">\n\t<td class=\"column-1\">101\/2021\t<\/td><td class=\"column-2\">19\/11\/2021<\/td><td class=\"column-3\">22\/11\/2021<\/td><td class=\"column-4\">19\/11\/2021 - 31\/12\/2021<\/td><td class=\"column-5\">11\/2021\t<\/td><td class=\"column-6\">Inexigibilidade<\/td><td class=\"column-7\">Menor Pre\u00e7o<\/td><td class=\"column-8\"><\/td><td class=\"column-9\">Show Art\u00edstico do Grupo Cat\u00f3lico Mission\u00e1rio Shalon, com dura\u00e7\u00e3o m\u00ednima de 01h30min, a ser realizado em pra\u00e7a p\u00fablica no dia 27 de novembro de 2021, na cidade de Lajes\/RN, em alus\u00e3o aos festejos da Padroeira Nossa Senhora da Concei\u00e7\u00e3o.<\/td><td class=\"column-10\">10010000 - Recursos Ordin\u00e1rios<\/td><td class=\"column-11\">10450<\/td><td class=\"column-12\">07.044.456\/0001-00<\/td><td class=\"column-13\">COMUNIDADE CAT\u00d3LICA SHALOM<\/td><td class=\"column-14\">RAFAEL ANDERSON DE ARA\u00daJO SILVA<\/td><td class=\"column-15\"><\/td><td class=\"column-16\"><\/td><td class=\"column-17\"><\/td><td class=\"column-18\"><\/td><td class=\"column-19\">0<\/td><td class=\"column-20\"><\/td><td class=\"column-21\"><\/td><td class=\"column-22\"><\/td><td class=\"column-23\"><\/td><td class=\"column-24\"><\/td>\n<\/tr>\n<tr class=\"row-857\">\n\t<td class=\"column-1\">101\/2021\t<\/td><td class=\"column-2\">19\/11\/2021<\/td><td class=\"column-3\">22\/11\/2021<\/td><td class=\"column-4\">19\/11\/2021 - 31\/12\/2021<\/td><td class=\"column-5\">11\/2021\t<\/td><td class=\"column-6\">Inexigibilidade<\/td><td class=\"column-7\">Menor Pre\u00e7o<\/td><td class=\"column-8\"><\/td><td class=\"column-9\">Show Art\u00edstico do Grupo Cat\u00f3lico Mission\u00e1rio Shalon, com dura\u00e7\u00e3o m\u00ednima de 01h30min, a ser realizado em pra\u00e7a p\u00fablica no dia 27 de novembro de 2021, na cidade de Lajes\/RN, em alus\u00e3o aos festejos da Padroeira Nossa Senhora da Concei\u00e7\u00e3o.<\/td><td class=\"column-10\">10010000 - Recursos Ordin\u00e1rios<\/td><td class=\"column-11\">10450<\/td><td class=\"column-12\">07.044.456\/0001-00<\/td><td class=\"column-13\">COMUNIDADE CAT\u00d3LICA SHALOM<\/td><td class=\"column-14\">RAFAEL ANDERSON DE ARA\u00daJO SILVA<\/td><td class=\"column-15\"><\/td><td class=\"column-16\"><\/td><td class=\"column-17\"><\/td><td class=\"column-18\"><\/td><td class=\"column-19\">0<\/td><td class=\"column-20\"><\/td><td class=\"column-21\">10450<\/td><td class=\"column-22\">01\/12\/2021<\/td><td class=\"column-23\">02\/12\/2021<\/td><td class=\"column-24\">522.5<\/td>\n<\/tr>\n<tr class=\"row-858\">\n\t<td class=\"column-1\">101\/2021\t<\/td><td class=\"column-2\">19\/11\/2021<\/td><td class=\"column-3\">22\/11\/2021<\/td><td class=\"column-4\">19\/11\/2021 - 31\/12\/2021<\/td><td class=\"column-5\">11\/2021\t<\/td><td class=\"column-6\">Inexigibilidade<\/td><td class=\"column-7\">Menor Pre\u00e7o<\/td><td class=\"column-8\"><\/td><td class=\"column-9\">Show Art\u00edstico do Grupo Cat\u00f3lico Mission\u00e1rio Shalon, com dura\u00e7\u00e3o m\u00ednima de 01h30min, a ser realizado em pra\u00e7a p\u00fablica no dia 27 de novembro de 2021, na cidade de Lajes\/RN, em alus\u00e3o aos festejos da Padroeira Nossa Senhora da Concei\u00e7\u00e3o.<\/td><td class=\"column-10\">10010000 - Recursos Ordin\u00e1rios<\/td><td class=\"column-11\">10450<\/td><td class=\"column-12\">07.044.456\/0001-00<\/td><td class=\"column-13\">COMUNIDADE CAT\u00d3LICA SHALOM<\/td><td class=\"column-14\">RAFAEL ANDERSON DE ARA\u00daJO SILVA<\/td><td class=\"column-15\"><\/td><td class=\"column-16\"><\/td><td class=\"column-17\"><\/td><td class=\"column-18\"><\/td><td class=\"column-19\">0<\/td><td class=\"column-20\"><\/td><td class=\"column-21\">10450<\/td><td class=\"column-22\">01\/12\/2021<\/td><td class=\"column-23\">02\/12\/2021<\/td><td class=\"column-24\">9927.5<\/td>\n<\/tr>\n<tr class=\"row-859\">\n\t<td class=\"column-1\">102\/2021\t<\/td><td class=\"column-2\">19\/11\/2021<\/td><td class=\"column-3\">22\/11\/2021<\/td><td class=\"column-4\">19\/11\/2021 - 31\/12\/2021<\/td><td class=\"column-5\">12\/2021\t<\/td><td class=\"column-6\">Inexigibilidade<\/td><td class=\"column-7\">Menor Pre\u00e7o Global<\/td><td class=\"column-8\"><\/td><td class=\"column-9\">CONTRATA\u00c7\u00c3O DIRETA DE SHOW ART\u00cdSITICO DO CANTOR DE RENOME NACIONAL DORGIVAL DANTAS, A SER REALIZADO, EM PRA\u00c7A P\u00daBLICA, NO DIA 03 DE DEZEMBRO EM COMEMORA\u00c7\u00c3O AOS 97 ANOS DE EMANCIPA\u00c7\u00c3O POL\u00cdTICA DE LAJES\/RN.<\/td><td class=\"column-10\">10010000 - Recursos Ordin\u00e1rios<\/td><td class=\"column-11\">70000<\/td><td class=\"column-12\">13.091.140\/0001-64<\/td><td class=\"column-13\">TOME XOTE EDITORA DE MUSICA EIRELI<\/td><td class=\"column-14\">RAFAEL ANDERSON DE ARA\u00daJO SILVA<\/td><td class=\"column-15\"><\/td><td class=\"column-16\"><\/td><td class=\"column-17\"><\/td><td class=\"column-18\"><\/td><td class=\"column-19\">0<\/td><td class=\"column-20\"><\/td><td class=\"column-21\"><\/td><td class=\"column-22\"><\/td><td class=\"column-23\"><\/td><td class=\"column-24\"><\/td>\n<\/tr>\n<tr class=\"row-860\">\n\t<td class=\"column-1\">102\/2021\t<\/td><td class=\"column-2\">19\/11\/2021<\/td><td class=\"column-3\">22\/11\/2021<\/td><td class=\"column-4\">19\/11\/2021 - 31\/12\/2021<\/td><td class=\"column-5\">12\/2021\t<\/td><td class=\"column-6\">Inexigibilidade<\/td><td class=\"column-7\">Menor Pre\u00e7o Global<\/td><td class=\"column-8\"><\/td><td class=\"column-9\">CONTRATA\u00c7\u00c3O DIRETA DE SHOW ART\u00cdSITICO DO CANTOR DE RENOME NACIONAL DORGIVAL DANTAS, A SER REALIZADO, EM PRA\u00c7A P\u00daBLICA, NO DIA 03 DE DEZEMBRO EM COMEMORA\u00c7\u00c3O AOS 97 ANOS DE EMANCIPA\u00c7\u00c3O POL\u00cdTICA DE LAJES\/RN.<\/td><td class=\"column-10\">10010000 - Recursos Ordin\u00e1rios<\/td><td class=\"column-11\">70000<\/td><td class=\"column-12\">13.091.140\/0001-64<\/td><td class=\"column-13\">TOME XOTE EDITORA DE MUSICA EIRELI<\/td><td class=\"column-14\">RAFAEL ANDERSON DE ARA\u00daJO SILVA<\/td><td class=\"column-15\"><\/td><td class=\"column-16\"><\/td><td class=\"column-17\"><\/td><td class=\"column-18\"><\/td><td class=\"column-19\">0<\/td><td class=\"column-20\"><\/td><td class=\"column-21\">70000<\/td><td class=\"column-22\">06\/12\/2021<\/td><td class=\"column-23\">14\/12\/2021<\/td><td class=\"column-24\">70000<\/td>\n<\/tr>\n<tr class=\"row-861\">\n\t<td class=\"column-1\">102\/2021\t<\/td><td class=\"column-2\">19\/11\/2021<\/td><td class=\"column-3\">22\/11\/2021<\/td><td class=\"column-4\">19\/11\/2021 - 31\/12\/2021<\/td><td class=\"column-5\">12\/2021\t<\/td><td class=\"column-6\">Inexigibilidade<\/td><td class=\"column-7\">Menor Pre\u00e7o Global<\/td><td class=\"column-8\"><\/td><td class=\"column-9\">CONTRATA\u00c7\u00c3O DIRETA DE SHOW ART\u00cdSITICO DO CANTOR DE RENOME NACIONAL DORGIVAL DANTAS, A SER REALIZADO, EM PRA\u00c7A P\u00daBLICA, NO DIA 03 DE DEZEMBRO EM COMEMORA\u00c7\u00c3O AOS 97 ANOS DE EMANCIPA\u00c7\u00c3O POL\u00cdTICA DE LAJES\/RN.<\/td><td class=\"column-10\">10010000 - Recursos Ordin\u00e1rios<\/td><td class=\"column-11\">70000<\/td><td class=\"column-12\">13.091.140\/0001-64<\/td><td class=\"column-13\">TOME XOTE EDITORA DE MUSICA EIRELI<\/td><td class=\"column-14\">RAFAEL ANDERSON DE ARA\u00daJO SILVA<\/td><td class=\"column-15\"><\/td><td class=\"column-16\"><\/td><td class=\"column-17\"><\/td><td class=\"column-18\"><\/td><td class=\"column-19\">0<\/td><td class=\"column-20\"><\/td><td class=\"column-21\">70000<\/td><td class=\"column-22\">13\/12\/2021<\/td><td class=\"column-23\"><\/td><td class=\"column-24\"><\/td>\n<\/tr>\n<tr class=\"row-862\">\n\t<td class=\"column-1\">103\/2021\t<\/td><td class=\"column-2\">26\/11\/2021<\/td><td class=\"column-3\">27\/11\/2021<\/td><td class=\"column-4\">26\/11\/2021 - 31\/12\/2021<\/td><td class=\"column-5\">13\/2021\t<\/td><td class=\"column-6\">Inexigibilidade<\/td><td class=\"column-7\">Menor Pre\u00e7o Global<\/td><td class=\"column-8\"><\/td><td class=\"column-9\">CONTRATA\u00c7\u00c3O DE SHOW DO CANTOR DE LITO LINS, A SER REALIZADO EM PRA\u00c7A P\u00daBLICA, NA NOITE DE NATAL \u2013 NO DIA 24 DE DEZEMBRO \u2013, POR MEIO DA EMPRESA LIMA E LIMA ENTRETENIMENTO LTDA-EPP, CNPJ N\u00ba 29.105.165\/0001-00, DETENTORA DE CONTRATO DE EXCLUSIVIDADE DO ARTISTA<\/td><td class=\"column-10\">10010000 - Recursos Ordin\u00e1rios<\/td><td class=\"column-11\">10000<\/td><td class=\"column-12\">29.105.165\/0001-00<\/td><td class=\"column-13\">3L PRODU\u00c7OES LIMA E LIMA ENTRETENIMENTO LTDA - EPP <\/td><td class=\"column-14\">RAFAEL ANDERSON DE ARA\u00daJO SILVA<\/td><td class=\"column-15\"><\/td><td class=\"column-16\"><\/td><td class=\"column-17\"><\/td><td class=\"column-18\"><\/td><td class=\"column-19\">0<\/td><td class=\"column-20\"><\/td><td class=\"column-21\"><\/td><td class=\"column-22\"><\/td><td class=\"column-23\"><\/td><td class=\"column-24\"><\/td>\n<\/tr>\n<tr class=\"row-863\">\n\t<td class=\"column-1\">103\/2021\t<\/td><td class=\"column-2\">26\/11\/2021<\/td><td class=\"column-3\">27\/11\/2021<\/td><td class=\"column-4\">26\/11\/2021 - 31\/12\/2021<\/td><td class=\"column-5\">13\/2021\t<\/td><td class=\"column-6\">Inexigibilidade<\/td><td class=\"column-7\">Menor Pre\u00e7o Global<\/td><td class=\"column-8\"><\/td><td class=\"column-9\">CONTRATA\u00c7\u00c3O DE SHOW DO CANTOR DE LITO LINS, A SER REALIZADO EM PRA\u00c7A P\u00daBLICA, NA NOITE DE NATAL \u2013 NO DIA 24 DE DEZEMBRO \u2013, POR MEIO DA EMPRESA LIMA E LIMA ENTRETENIMENTO LTDA-EPP, CNPJ N\u00ba 29.105.165\/0001-00, DETENTORA DE CONTRATO DE EXCLUSIVIDADE DO ARTISTA<\/td><td class=\"column-10\">10010000 - Recursos Ordin\u00e1rios<\/td><td class=\"column-11\">10000<\/td><td class=\"column-12\">29.105.165\/0001-00<\/td><td class=\"column-13\">3L PRODU\u00c7OES LIMA E LIMA ENTRETENIMENTO LTDA - EPP <\/td><td class=\"column-14\">RAFAEL ANDERSON DE ARA\u00daJO SILVA<\/td><td class=\"column-15\"><\/td><td class=\"column-16\"><\/td><td class=\"column-17\"><\/td><td class=\"column-18\"><\/td><td class=\"column-19\">0<\/td><td class=\"column-20\"><\/td><td class=\"column-21\">10000<\/td><td class=\"column-22\">28\/12\/2021<\/td><td class=\"column-23\"><\/td><td class=\"column-24\"><\/td>\n<\/tr>\n<tr class=\"row-864\">\n\t<td class=\"column-1\">103\/2021\t<\/td><td class=\"column-2\">26\/11\/2021<\/td><td class=\"column-3\">27\/11\/2021<\/td><td class=\"column-4\">26\/11\/2021 - 31\/12\/2021<\/td><td class=\"column-5\">13\/2021\t<\/td><td class=\"column-6\">Inexigibilidade<\/td><td class=\"column-7\">Menor Pre\u00e7o Global<\/td><td class=\"column-8\"><\/td><td class=\"column-9\">CONTRATA\u00c7\u00c3O DE SHOW DO CANTOR DE LITO LINS, A SER REALIZADO EM PRA\u00c7A P\u00daBLICA, NA NOITE DE NATAL \u2013 NO DIA 24 DE DEZEMBRO \u2013, POR MEIO DA EMPRESA LIMA E LIMA ENTRETENIMENTO LTDA-EPP, CNPJ N\u00ba 29.105.165\/0001-00, DETENTORA DE CONTRATO DE EXCLUSIVIDADE DO ARTISTA<\/td><td class=\"column-10\">10010000 - Recursos Ordin\u00e1rios<\/td><td class=\"column-11\">10000<\/td><td class=\"column-12\">29.105.165\/0001-00<\/td><td class=\"column-13\">3L PRODU\u00c7OES LIMA E LIMA ENTRETENIMENTO LTDA - EPP <\/td><td class=\"column-14\">RAFAEL ANDERSON DE ARA\u00daJO SILVA<\/td><td class=\"column-15\"><\/td><td class=\"column-16\"><\/td><td class=\"column-17\"><\/td><td class=\"column-18\"><\/td><td class=\"column-19\">0<\/td><td class=\"column-20\"><\/td><td class=\"column-21\">10000<\/td><td class=\"column-22\">28\/12\/2021<\/td><td class=\"column-23\">28\/12\/2021<\/td><td class=\"column-24\">10000<\/td>\n<\/tr>\n<tr class=\"row-865\">\n\t<td class=\"column-1\">104\/2021\t<\/td><td class=\"column-2\">26\/11\/2021<\/td><td class=\"column-3\">29\/11\/2021<\/td><td class=\"column-4\">26\/11\/2021 - 31\/12\/2021<\/td><td class=\"column-5\">14\/2021\t<\/td><td class=\"column-6\">Inexigibilidade<\/td><td class=\"column-7\">Menor Pre\u00e7o Global<\/td><td class=\"column-8\"><\/td><td class=\"column-9\">CONTRATA\u00c7\u00c3O DIRETA DA BANDA \u201cNA PEGADA DO COYOTE\u201d PARA A REALIZA\u00c7\u00c3O DE SHOW MUSICAL EM PRA\u00c7A P\u00daBLICA, NO DIA 31 DE DEZEMBRO DE 2021, PARA ANIMAR AS FESTIVIDADES DE COMEMORA\u00c7\u00c3O DO R\u00c9VEILLON 2022, conforme especifica\u00e7\u00f5es no termo de refer\u00eancia.<\/td><td class=\"column-10\">10010000 - Recursos Ordin\u00e1rios<\/td><td class=\"column-11\">15000<\/td><td class=\"column-12\">10.528.307\/0001-13<\/td><td class=\"column-13\">OSMIRO PINHEIRO CARDOSO JUNIOR EIRELI<\/td><td class=\"column-14\">RAFAEL ANDERSON DE ARA\u00daJO SILVA<\/td><td class=\"column-15\"><\/td><td class=\"column-16\"><\/td><td class=\"column-17\"><\/td><td class=\"column-18\"><\/td><td class=\"column-19\">0<\/td><td class=\"column-20\"><\/td><td class=\"column-21\"><\/td><td class=\"column-22\"><\/td><td class=\"column-23\"><\/td><td class=\"column-24\"><\/td>\n<\/tr>\n<tr class=\"row-866\">\n\t<td class=\"column-1\">105\/2021\t<\/td><td class=\"column-2\">01\/12\/2021<\/td><td class=\"column-3\">02\/12\/2021<\/td><td class=\"column-4\">01\/12\/2021 - 31\/12\/2021<\/td><td class=\"column-5\">15\/2021\t<\/td><td class=\"column-6\">Inexigibilidade<\/td><td class=\"column-7\">Menor Pre\u00e7o Global<\/td><td class=\"column-8\"><\/td><td class=\"column-9\">Contrata\u00e7\u00e3o direta de Show Art\u00edstico Gospel do Pastor Samuel Mariano, a ser realizado em pra\u00e7a p\u00fablica no dia 18 de dezembro de 2021\t, na cidade de Lajes\/RN<\/td><td class=\"column-10\">10010000 - Recursos Ordin\u00e1rios<\/td><td class=\"column-11\">35000<\/td><td class=\"column-12\">05.796.753\/0001-79<\/td><td class=\"column-13\">OFICINA DA MUSICA LTDA<\/td><td class=\"column-14\">RAFAEL ANDERSON DE ARA\u00daJO SILVA<\/td><td class=\"column-15\"><\/td><td class=\"column-16\"><\/td><td class=\"column-17\"><\/td><td class=\"column-18\"><\/td><td class=\"column-19\">0<\/td><td class=\"column-20\"><\/td><td class=\"column-21\"><\/td><td class=\"column-22\"><\/td><td class=\"column-23\"><\/td><td class=\"column-24\"><\/td>\n<\/tr>\n<tr class=\"row-867\">\n\t<td class=\"column-1\">105\/2021\t<\/td><td class=\"column-2\">01\/12\/2021<\/td><td class=\"column-3\">02\/12\/2021<\/td><td class=\"column-4\">01\/12\/2021 - 31\/12\/2021<\/td><td class=\"column-5\">15\/2021\t<\/td><td class=\"column-6\">Inexigibilidade<\/td><td class=\"column-7\">Menor Pre\u00e7o Global<\/td><td class=\"column-8\"><\/td><td class=\"column-9\">Contrata\u00e7\u00e3o direta de Show Art\u00edstico Gospel do Pastor Samuel Mariano, a ser realizado em pra\u00e7a p\u00fablica no dia 18 de dezembro de 2021\t, na cidade de Lajes\/RN<\/td><td class=\"column-10\">10010000 - Recursos Ordin\u00e1rios<\/td><td class=\"column-11\">35000<\/td><td class=\"column-12\">05.796.753\/0001-79<\/td><td class=\"column-13\">OFICINA DA MUSICA LTDA<\/td><td class=\"column-14\">RAFAEL ANDERSON DE ARA\u00daJO SILVA<\/td><td class=\"column-15\"><\/td><td class=\"column-16\"><\/td><td class=\"column-17\"><\/td><td class=\"column-18\"><\/td><td class=\"column-19\">0<\/td><td class=\"column-20\"><\/td><td class=\"column-21\">35000<\/td><td class=\"column-22\">21\/12\/2021<\/td><td class=\"column-23\">21\/12\/2021<\/td><td class=\"column-24\">784<\/td>\n<\/tr>\n<tr class=\"row-868\">\n\t<td class=\"column-1\">105\/2021\t<\/td><td class=\"column-2\">01\/12\/2021<\/td><td class=\"column-3\">02\/12\/2021<\/td><td class=\"column-4\">01\/12\/2021 - 31\/12\/2021<\/td><td class=\"column-5\">15\/2021\t<\/td><td class=\"column-6\">Inexigibilidade<\/td><td class=\"column-7\">Menor Pre\u00e7o Global<\/td><td class=\"column-8\"><\/td><td class=\"column-9\">Contrata\u00e7\u00e3o direta de Show Art\u00edstico Gospel do Pastor Samuel Mariano, a ser realizado em pra\u00e7a p\u00fablica no dia 18 de dezembro de 2021\t, na cidade de Lajes\/RN<\/td><td class=\"column-10\">10010000 - Recursos Ordin\u00e1rios<\/td><td class=\"column-11\">35000<\/td><td class=\"column-12\">05.796.753\/0001-79<\/td><td class=\"column-13\">OFICINA DA MUSICA LTDA<\/td><td class=\"column-14\">RAFAEL ANDERSON DE ARA\u00daJO SILVA<\/td><td class=\"column-15\"><\/td><td class=\"column-16\"><\/td><td class=\"column-17\"><\/td><td class=\"column-18\"><\/td><td class=\"column-19\">0<\/td><td class=\"column-20\"><\/td><td class=\"column-21\">35000<\/td><td class=\"column-22\">21\/12\/2021<\/td><td class=\"column-23\">21\/12\/2021<\/td><td class=\"column-24\">34216<\/td>\n<\/tr>\n<tr class=\"row-869\">\n\t<td class=\"column-1\">106\/2021\t<\/td><td class=\"column-2\">02\/12\/2021<\/td><td class=\"column-3\">03\/12\/2021<\/td><td class=\"column-4\">02\/12\/2021 - 31\/12\/2021<\/td><td class=\"column-5\">101\/2021\t<\/td><td class=\"column-6\">Dispensa<\/td><td class=\"column-7\">Menor Pre\u00e7o Global<\/td><td class=\"column-8\"><\/td><td class=\"column-9\">Contrata\u00e7\u00e3o de empresa para realizar a anima\u00e7\u00e3o cultural e musical, por meio de atra\u00e7\u00f5es musicais e poetas, do projeto \u201cLajes em Festa\u201d, englobando a FLILAJES, Semana do Evang\u00e9lico, festas de Natal e Ano Novo, e a Noite de Reis.<\/td><td class=\"column-10\">10010000 - Recursos Ordin\u00e1rios<\/td><td class=\"column-11\">23900<\/td><td class=\"column-12\">12.972.310\/0001-57<\/td><td class=\"column-13\">CIA PROMO\u00c7\u00d5ES E EVENTOS E SERVI\u00c7OS EIRELI<\/td><td class=\"column-14\">RAFAEL ANDERSON DE ARA\u00daJO SILVA<\/td><td class=\"column-15\"><\/td><td class=\"column-16\"><\/td><td class=\"column-17\"><\/td><td class=\"column-18\"><\/td><td class=\"column-19\">0<\/td><td class=\"column-20\"><\/td><td class=\"column-21\"><\/td><td class=\"column-22\"><\/td><td class=\"column-23\"><\/td><td class=\"column-24\"><\/td>\n<\/tr>\n<tr class=\"row-870\">\n\t<td class=\"column-1\">106\/2021\t<\/td><td class=\"column-2\">02\/12\/2021<\/td><td class=\"column-3\">03\/12\/2021<\/td><td class=\"column-4\">02\/12\/2021 - 31\/12\/2021<\/td><td class=\"column-5\">101\/2021\t<\/td><td class=\"column-6\">Dispensa<\/td><td class=\"column-7\">Menor Pre\u00e7o Global<\/td><td class=\"column-8\"><\/td><td class=\"column-9\">Contrata\u00e7\u00e3o de empresa para realizar a anima\u00e7\u00e3o cultural e musical, por meio de atra\u00e7\u00f5es musicais e poetas, do projeto \u201cLajes em Festa\u201d, englobando a FLILAJES, Semana do Evang\u00e9lico, festas de Natal e Ano Novo, e a Noite de Reis.<\/td><td class=\"column-10\">10010000 - Recursos Ordin\u00e1rios<\/td><td class=\"column-11\">23900<\/td><td class=\"column-12\">12.972.310\/0001-57<\/td><td class=\"column-13\">CIA PROMO\u00c7\u00d5ES E EVENTOS E SERVI\u00c7OS EIRELI<\/td><td class=\"column-14\">RAFAEL ANDERSON DE ARA\u00daJO SILVA<\/td><td class=\"column-15\"><\/td><td class=\"column-16\"><\/td><td class=\"column-17\"><\/td><td class=\"column-18\"><\/td><td class=\"column-19\">0<\/td><td class=\"column-20\"><\/td><td class=\"column-21\">700<\/td><td class=\"column-22\">23\/12\/2021<\/td><td class=\"column-23\">28\/12\/2021<\/td><td class=\"column-24\">449.19<\/td>\n<\/tr>\n<tr class=\"row-871\">\n\t<td class=\"column-1\">106\/2021\t<\/td><td class=\"column-2\">02\/12\/2021<\/td><td class=\"column-3\">03\/12\/2021<\/td><td class=\"column-4\">02\/12\/2021 - 31\/12\/2021<\/td><td class=\"column-5\">101\/2021\t<\/td><td class=\"column-6\">Dispensa<\/td><td class=\"column-7\">Menor Pre\u00e7o Global<\/td><td class=\"column-8\"><\/td><td class=\"column-9\">Contrata\u00e7\u00e3o de empresa para realizar a anima\u00e7\u00e3o cultural e musical, por meio de atra\u00e7\u00f5es musicais e poetas, do projeto \u201cLajes em Festa\u201d, englobando a FLILAJES, Semana do Evang\u00e9lico, festas de Natal e Ano Novo, e a Noite de Reis.<\/td><td class=\"column-10\">10010000 - Recursos Ordin\u00e1rios<\/td><td class=\"column-11\">23900<\/td><td class=\"column-12\">12.972.310\/0001-57<\/td><td class=\"column-13\">CIA PROMO\u00c7\u00d5ES E EVENTOS E SERVI\u00c7OS EIRELI<\/td><td class=\"column-14\">RAFAEL ANDERSON DE ARA\u00daJO SILVA<\/td><td class=\"column-15\"><\/td><td class=\"column-16\"><\/td><td class=\"column-17\"><\/td><td class=\"column-18\"><\/td><td class=\"column-19\">0<\/td><td class=\"column-20\"><\/td><td class=\"column-21\">700<\/td><td class=\"column-22\">23\/12\/2021<\/td><td class=\"column-23\">28\/12\/2021<\/td><td class=\"column-24\">15650.81<\/td>\n<\/tr>\n<tr class=\"row-872\">\n\t<td class=\"column-1\">106\/2021\t<\/td><td class=\"column-2\">02\/12\/2021<\/td><td class=\"column-3\">03\/12\/2021<\/td><td class=\"column-4\">02\/12\/2021 - 31\/12\/2021<\/td><td class=\"column-5\">101\/2021\t<\/td><td class=\"column-6\">Dispensa<\/td><td class=\"column-7\">Menor Pre\u00e7o Global<\/td><td class=\"column-8\"><\/td><td class=\"column-9\">Contrata\u00e7\u00e3o de empresa para realizar a anima\u00e7\u00e3o cultural e musical, por meio de atra\u00e7\u00f5es musicais e poetas, do projeto \u201cLajes em Festa\u201d, englobando a FLILAJES, Semana do Evang\u00e9lico, festas de Natal e Ano Novo, e a Noite de Reis.<\/td><td class=\"column-10\">10010000 - Recursos Ordin\u00e1rios<\/td><td class=\"column-11\">23900<\/td><td class=\"column-12\">12.972.310\/0001-57<\/td><td class=\"column-13\">CIA PROMO\u00c7\u00d5ES E EVENTOS E SERVI\u00c7OS EIRELI<\/td><td class=\"column-14\">RAFAEL ANDERSON DE ARA\u00daJO SILVA<\/td><td class=\"column-15\"><\/td><td class=\"column-16\"><\/td><td class=\"column-17\"><\/td><td class=\"column-18\"><\/td><td class=\"column-19\">0<\/td><td class=\"column-20\"><\/td><td class=\"column-21\">1700<\/td><td class=\"column-22\">23\/12\/2021<\/td><td class=\"column-23\">28\/12\/2021<\/td><td class=\"column-24\">449.19<\/td>\n<\/tr>\n<tr class=\"row-873\">\n\t<td class=\"column-1\">106\/2021\t<\/td><td class=\"column-2\">02\/12\/2021<\/td><td class=\"column-3\">03\/12\/2021<\/td><td class=\"column-4\">02\/12\/2021 - 31\/12\/2021<\/td><td class=\"column-5\">101\/2021\t<\/td><td class=\"column-6\">Dispensa<\/td><td class=\"column-7\">Menor Pre\u00e7o Global<\/td><td class=\"column-8\"><\/td><td class=\"column-9\">Contrata\u00e7\u00e3o de empresa para realizar a anima\u00e7\u00e3o cultural e musical, por meio de atra\u00e7\u00f5es musicais e poetas, do projeto \u201cLajes em Festa\u201d, englobando a FLILAJES, Semana do Evang\u00e9lico, festas de Natal e Ano Novo, e a Noite de Reis.<\/td><td class=\"column-10\">10010000 - Recursos Ordin\u00e1rios<\/td><td class=\"column-11\">23900<\/td><td class=\"column-12\">12.972.310\/0001-57<\/td><td class=\"column-13\">CIA PROMO\u00c7\u00d5ES E EVENTOS E SERVI\u00c7OS EIRELI<\/td><td class=\"column-14\">RAFAEL ANDERSON DE ARA\u00daJO SILVA<\/td><td class=\"column-15\"><\/td><td class=\"column-16\"><\/td><td class=\"column-17\"><\/td><td class=\"column-18\"><\/td><td class=\"column-19\">0<\/td><td class=\"column-20\"><\/td><td class=\"column-21\">1700<\/td><td class=\"column-22\">23\/12\/2021<\/td><td class=\"column-23\">28\/12\/2021<\/td><td class=\"column-24\">15650.81<\/td>\n<\/tr>\n<tr class=\"row-874\">\n\t<td class=\"column-1\">106\/2021\t<\/td><td class=\"column-2\">02\/12\/2021<\/td><td class=\"column-3\">03\/12\/2021<\/td><td class=\"column-4\">02\/12\/2021 - 31\/12\/2021<\/td><td class=\"column-5\">101\/2021\t<\/td><td class=\"column-6\">Dispensa<\/td><td class=\"column-7\">Menor Pre\u00e7o Global<\/td><td class=\"column-8\"><\/td><td class=\"column-9\">Contrata\u00e7\u00e3o de empresa para realizar a anima\u00e7\u00e3o cultural e musical, por meio de atra\u00e7\u00f5es musicais e poetas, do projeto \u201cLajes em Festa\u201d, englobando a FLILAJES, Semana do Evang\u00e9lico, festas de Natal e Ano Novo, e a Noite de Reis.<\/td><td class=\"column-10\">10010000 - Recursos Ordin\u00e1rios<\/td><td class=\"column-11\">23900<\/td><td class=\"column-12\">12.972.310\/0001-57<\/td><td class=\"column-13\">CIA PROMO\u00c7\u00d5ES E EVENTOS E SERVI\u00c7OS EIRELI<\/td><td class=\"column-14\">RAFAEL ANDERSON DE ARA\u00daJO SILVA<\/td><td class=\"column-15\"><\/td><td class=\"column-16\"><\/td><td class=\"column-17\"><\/td><td class=\"column-18\"><\/td><td class=\"column-19\">0<\/td><td class=\"column-20\"><\/td><td class=\"column-21\">2700<\/td><td class=\"column-22\">23\/12\/2021<\/td><td class=\"column-23\">28\/12\/2021<\/td><td class=\"column-24\">449.19<\/td>\n<\/tr>\n<tr class=\"row-875\">\n\t<td class=\"column-1\">106\/2021\t<\/td><td class=\"column-2\">02\/12\/2021<\/td><td class=\"column-3\">03\/12\/2021<\/td><td class=\"column-4\">02\/12\/2021 - 31\/12\/2021<\/td><td class=\"column-5\">101\/2021\t<\/td><td class=\"column-6\">Dispensa<\/td><td class=\"column-7\">Menor Pre\u00e7o Global<\/td><td class=\"column-8\"><\/td><td class=\"column-9\">Contrata\u00e7\u00e3o de empresa para realizar a anima\u00e7\u00e3o cultural e musical, por meio de atra\u00e7\u00f5es musicais e poetas, do projeto \u201cLajes em Festa\u201d, englobando a FLILAJES, Semana do Evang\u00e9lico, festas de Natal e Ano Novo, e a Noite de Reis.<\/td><td class=\"column-10\">10010000 - Recursos Ordin\u00e1rios<\/td><td class=\"column-11\">23900<\/td><td class=\"column-12\">12.972.310\/0001-57<\/td><td class=\"column-13\">CIA PROMO\u00c7\u00d5ES E EVENTOS E SERVI\u00c7OS EIRELI<\/td><td class=\"column-14\">RAFAEL ANDERSON DE ARA\u00daJO SILVA<\/td><td class=\"column-15\"><\/td><td class=\"column-16\"><\/td><td class=\"column-17\"><\/td><td class=\"column-18\"><\/td><td class=\"column-19\">0<\/td><td class=\"column-20\"><\/td><td class=\"column-21\">2700<\/td><td class=\"column-22\">23\/12\/2021<\/td><td class=\"column-23\">28\/12\/2021<\/td><td class=\"column-24\">15650.81<\/td>\n<\/tr>\n<tr class=\"row-876\">\n\t<td class=\"column-1\">106\/2021\t<\/td><td class=\"column-2\">02\/12\/2021<\/td><td class=\"column-3\">03\/12\/2021<\/td><td class=\"column-4\">02\/12\/2021 - 31\/12\/2021<\/td><td class=\"column-5\">101\/2021\t<\/td><td class=\"column-6\">Dispensa<\/td><td class=\"column-7\">Menor Pre\u00e7o Global<\/td><td class=\"column-8\"><\/td><td class=\"column-9\">Contrata\u00e7\u00e3o de empresa para realizar a anima\u00e7\u00e3o cultural e musical, por meio de atra\u00e7\u00f5es musicais e poetas, do projeto \u201cLajes em Festa\u201d, englobando a FLILAJES, Semana do Evang\u00e9lico, festas de Natal e Ano Novo, e a Noite de Reis.<\/td><td class=\"column-10\">10010000 - Recursos Ordin\u00e1rios<\/td><td class=\"column-11\">23900<\/td><td class=\"column-12\">12.972.310\/0001-57<\/td><td class=\"column-13\">CIA PROMO\u00c7\u00d5ES E EVENTOS E SERVI\u00c7OS EIRELI<\/td><td class=\"column-14\">RAFAEL ANDERSON DE ARA\u00daJO SILVA<\/td><td class=\"column-15\"><\/td><td class=\"column-16\"><\/td><td class=\"column-17\"><\/td><td class=\"column-18\"><\/td><td class=\"column-19\">0<\/td><td class=\"column-20\"><\/td><td class=\"column-21\">5000<\/td><td class=\"column-22\">23\/12\/2021<\/td><td class=\"column-23\">28\/12\/2021<\/td><td class=\"column-24\">449.19<\/td>\n<\/tr>\n<tr class=\"row-877\">\n\t<td class=\"column-1\">106\/2021\t<\/td><td class=\"column-2\">02\/12\/2021<\/td><td class=\"column-3\">03\/12\/2021<\/td><td class=\"column-4\">02\/12\/2021 - 31\/12\/2021<\/td><td class=\"column-5\">101\/2021\t<\/td><td class=\"column-6\">Dispensa<\/td><td class=\"column-7\">Menor Pre\u00e7o Global<\/td><td class=\"column-8\"><\/td><td class=\"column-9\">Contrata\u00e7\u00e3o de empresa para realizar a anima\u00e7\u00e3o cultural e musical, por meio de atra\u00e7\u00f5es musicais e poetas, do projeto \u201cLajes em Festa\u201d, englobando a FLILAJES, Semana do Evang\u00e9lico, festas de Natal e Ano Novo, e a Noite de Reis.<\/td><td class=\"column-10\">10010000 - Recursos Ordin\u00e1rios<\/td><td class=\"column-11\">23900<\/td><td class=\"column-12\">12.972.310\/0001-57<\/td><td class=\"column-13\">CIA PROMO\u00c7\u00d5ES E EVENTOS E SERVI\u00c7OS EIRELI<\/td><td class=\"column-14\">RAFAEL ANDERSON DE ARA\u00daJO SILVA<\/td><td class=\"column-15\"><\/td><td class=\"column-16\"><\/td><td class=\"column-17\"><\/td><td class=\"column-18\"><\/td><td class=\"column-19\">0<\/td><td class=\"column-20\"><\/td><td class=\"column-21\">5000<\/td><td class=\"column-22\">23\/12\/2021<\/td><td class=\"column-23\">28\/12\/2021<\/td><td class=\"column-24\">15650.81<\/td>\n<\/tr>\n<tr class=\"row-878\">\n\t<td class=\"column-1\">106\/2021\t<\/td><td class=\"column-2\">02\/12\/2021<\/td><td class=\"column-3\">03\/12\/2021<\/td><td class=\"column-4\">02\/12\/2021 - 31\/12\/2021<\/td><td class=\"column-5\">101\/2021\t<\/td><td class=\"column-6\">Dispensa<\/td><td class=\"column-7\">Menor Pre\u00e7o Global<\/td><td class=\"column-8\"><\/td><td class=\"column-9\">Contrata\u00e7\u00e3o de empresa para realizar a anima\u00e7\u00e3o cultural e musical, por meio de atra\u00e7\u00f5es musicais e poetas, do projeto \u201cLajes em Festa\u201d, englobando a FLILAJES, Semana do Evang\u00e9lico, festas de Natal e Ano Novo, e a Noite de Reis.<\/td><td class=\"column-10\">10010000 - Recursos Ordin\u00e1rios<\/td><td class=\"column-11\">23900<\/td><td class=\"column-12\">12.972.310\/0001-57<\/td><td class=\"column-13\">CIA PROMO\u00c7\u00d5ES E EVENTOS E SERVI\u00c7OS EIRELI<\/td><td class=\"column-14\">RAFAEL ANDERSON DE ARA\u00daJO SILVA<\/td><td class=\"column-15\"><\/td><td class=\"column-16\"><\/td><td class=\"column-17\"><\/td><td class=\"column-18\"><\/td><td class=\"column-19\">0<\/td><td class=\"column-20\"><\/td><td class=\"column-21\">6000<\/td><td class=\"column-22\">23\/12\/2021<\/td><td class=\"column-23\">28\/12\/2021<\/td><td class=\"column-24\">449.19<\/td>\n<\/tr>\n<tr class=\"row-879\">\n\t<td class=\"column-1\">106\/2021\t<\/td><td class=\"column-2\">02\/12\/2021<\/td><td class=\"column-3\">03\/12\/2021<\/td><td class=\"column-4\">02\/12\/2021 - 31\/12\/2021<\/td><td class=\"column-5\">101\/2021\t<\/td><td class=\"column-6\">Dispensa<\/td><td class=\"column-7\">Menor Pre\u00e7o Global<\/td><td class=\"column-8\"><\/td><td class=\"column-9\">Contrata\u00e7\u00e3o de empresa para realizar a anima\u00e7\u00e3o cultural e musical, por meio de atra\u00e7\u00f5es musicais e poetas, do projeto \u201cLajes em Festa\u201d, englobando a FLILAJES, Semana do Evang\u00e9lico, festas de Natal e Ano Novo, e a Noite de Reis.<\/td><td class=\"column-10\">10010000 - Recursos Ordin\u00e1rios<\/td><td class=\"column-11\">23900<\/td><td class=\"column-12\">12.972.310\/0001-57<\/td><td class=\"column-13\">CIA PROMO\u00c7\u00d5ES E EVENTOS E SERVI\u00c7OS EIRELI<\/td><td class=\"column-14\">RAFAEL ANDERSON DE ARA\u00daJO SILVA<\/td><td class=\"column-15\"><\/td><td class=\"column-16\"><\/td><td class=\"column-17\"><\/td><td class=\"column-18\"><\/td><td class=\"column-19\">0<\/td><td class=\"column-20\"><\/td><td class=\"column-21\">6000<\/td><td class=\"column-22\">23\/12\/2021<\/td><td class=\"column-23\">28\/12\/2021<\/td><td class=\"column-24\">15650.81<\/td>\n<\/tr>\n<tr class=\"row-880\">\n\t<td class=\"column-1\">107\/2021\t<\/td><td class=\"column-2\">06\/12\/2021<\/td><td class=\"column-3\">07\/12\/2021<\/td><td class=\"column-4\">06\/12\/2021 - 31\/12\/2021<\/td><td class=\"column-5\">17\/2021\t<\/td><td class=\"column-6\">Inexigibilidade<\/td><td class=\"column-7\">Menor Pre\u00e7o Global<\/td><td class=\"column-8\"><\/td><td class=\"column-9\">Contrata\u00e7\u00e3o pessoa jur\u00eddica para realizar apresenta\u00e7\u00e3o de do show musical do cantor cat\u00f3lico COSME, com dura\u00e7\u00e3o de 2h 20 min.<\/td><td class=\"column-10\">10010000 - Recursos Ordin\u00e1rios<\/td><td class=\"column-11\">7000<\/td><td class=\"column-12\">741.137.397-49<\/td><td class=\"column-13\">JOSE COSME DE OLIVERIA<\/td><td class=\"column-14\">RAFAEL ANDERSON DE ARA\u00daJO SILVA<\/td><td class=\"column-15\"><\/td><td class=\"column-16\"><\/td><td class=\"column-17\"><\/td><td class=\"column-18\"><\/td><td class=\"column-19\">0<\/td><td class=\"column-20\"><\/td><td class=\"column-21\"><\/td><td class=\"column-22\"><\/td><td class=\"column-23\"><\/td><td class=\"column-24\"><\/td>\n<\/tr>\n<tr class=\"row-881\">\n\t<td class=\"column-1\">107\/2021\t<\/td><td class=\"column-2\">06\/12\/2021<\/td><td class=\"column-3\">07\/12\/2021<\/td><td class=\"column-4\">06\/12\/2021 - 31\/12\/2021<\/td><td class=\"column-5\">17\/2021\t<\/td><td class=\"column-6\">Inexigibilidade<\/td><td class=\"column-7\">Menor Pre\u00e7o Global<\/td><td class=\"column-8\"><\/td><td class=\"column-9\">Contrata\u00e7\u00e3o pessoa jur\u00eddica para realizar apresenta\u00e7\u00e3o de do show musical do cantor cat\u00f3lico COSME, com dura\u00e7\u00e3o de 2h 20 min.<\/td><td class=\"column-10\">10010000 - Recursos Ordin\u00e1rios<\/td><td class=\"column-11\">7000<\/td><td class=\"column-12\">741.137.397-49<\/td><td class=\"column-13\">JOSE COSME DE OLIVERIA<\/td><td class=\"column-14\">RAFAEL ANDERSON DE ARA\u00daJO SILVA<\/td><td class=\"column-15\"><\/td><td class=\"column-16\"><\/td><td class=\"column-17\"><\/td><td class=\"column-18\"><\/td><td class=\"column-19\">0<\/td><td class=\"column-20\"><\/td><td class=\"column-21\">7000<\/td><td class=\"column-22\">21\/12\/2021<\/td><td class=\"column-23\">23\/12\/2021<\/td><td class=\"column-24\">7000<\/td>\n<\/tr>\n<tr class=\"row-882\">\n\t<td class=\"column-1\">108\/2021\t<\/td><td class=\"column-2\">15\/12\/2021<\/td><td class=\"column-3\">16\/12\/2021<\/td><td class=\"column-4\">15\/12\/2021 - 14\/04\/2022<\/td><td class=\"column-5\">4\/2021\t<\/td><td class=\"column-6\">Tomada de Pre\u00e7o<\/td><td class=\"column-7\">Menor Pre\u00e7o Global<\/td><td class=\"column-8\"><\/td><td class=\"column-9\">CONTRA\u00c7\u00c3O DE EMPRESA ESPECIALIZADA  PARA OS SERVI\u00c7OS DE PAVIMENTA\u00c7\u00c3O EM PARALELEP\u00cdPEDO E DRENAGEM SUERFCIAL, COM REJUNTAMENTO COM PEDRISCO E EMULS\u00c3O ASF\u00c1LTICA,  DA RUA ARI VICTOR E TRAVESSA PROJETADA 01, CONFORME ESPECIFICA\u00c7\u00d5ES CONTIDAS NO PROJETO B\u00c1SICO.<\/td><td class=\"column-10\"><\/td><td class=\"column-11\">299554.61<\/td><td class=\"column-12\">24.855.726\/0001-74<\/td><td class=\"column-13\">H J DANTAS FILHO EIRELI<\/td><td class=\"column-14\">RAFAEL ANDERSON DE ARA\u00daJO SILVA<\/td><td class=\"column-15\"><\/td><td class=\"column-16\"><\/td><td class=\"column-17\"><\/td><td class=\"column-18\"><\/td><td class=\"column-19\">0<\/td><td class=\"column-20\"><\/td><td class=\"column-21\"><\/td><td class=\"column-22\"><\/td><td class=\"column-23\"><\/td><td class=\"column-24\"><\/td>\n<\/tr>\n<tr class=\"row-883\">\n\t<td class=\"column-1\">109\/2021\t<\/td><td class=\"column-2\">16\/12\/2021<\/td><td class=\"column-3\">30\/12\/2021<\/td><td class=\"column-4\">16\/12\/2021 - 15\/12\/2022<\/td><td class=\"column-5\">18\/2021\t<\/td><td class=\"column-6\">Inexigibilidade<\/td><td class=\"column-7\">Menor Pre\u00e7o Global<\/td><td class=\"column-8\"><\/td><td class=\"column-9\">Contra\u00e7\u00e3o direta da empresa GR8 SERVI\u00c7OS DE T. I. LTDA, por meio de inexigibilidade de licita\u00e7\u00e3o para implanta\u00e7\u00e3o e cess\u00e3o de licen\u00e7a de uso de plataforma tecnol\u00f3gica de relacionamento e servi\u00e7os entre o cidad\u00e3o e a gest\u00e3o p\u00fablica composta de SOFTWARE WEB, APLICATIVO MOBILE e API\u00b4s para levar informa\u00e7\u00f5es, servi\u00e7os, atendimento, pesquisas e transpar\u00eancia diretamente a m\u00e3o do cidad\u00e3o em tempo real, gerenci\u00e1vel  pelo pr\u00f3prio gestor sem necessidade de interven\u00e7\u00f5es t\u00e9cnicas, permitindo a cria\u00e7\u00e3o de funcionalidades no frontend mobile de forma customizada sem recompila\u00e7\u00e3o do aplicativo, permitindo ainda a publica\u00e7\u00e3o do aplicativo com nome de Lajes Conectada, ou nome similar, envolvendo a instala\u00e7\u00e3o, treinamento e suporte pelo per\u00edodo de licen\u00e7a.<\/td><td class=\"column-10\"><\/td><td class=\"column-11\">130502<\/td><td class=\"column-12\">35.143.471\/0001-33<\/td><td class=\"column-13\">GR8 SERVICOS DE T. I. LTDA<\/td><td class=\"column-14\">RAFAEL ANDERSON DE ARA\u00daJO SILVA<\/td><td class=\"column-15\"><\/td><td class=\"column-16\"><\/td><td class=\"column-17\"><\/td><td class=\"column-18\"><\/td><td class=\"column-19\">0<\/td><td class=\"column-20\"><\/td><td class=\"column-21\"><\/td><td class=\"column-22\"><\/td><td class=\"column-23\"><\/td><td class=\"column-24\"><\/td>\n<\/tr>\n<tr class=\"row-884\">\n\t<td class=\"column-1\">110\/2021\t<\/td><td class=\"column-2\">29\/12\/2021<\/td><td class=\"column-3\">30\/12\/2021<\/td><td class=\"column-4\">29\/12\/2021 - 28\/12\/2022<\/td><td class=\"column-5\">10\/2021\t<\/td><td class=\"column-6\">Preg\u00e3o\/Ades\u00e3o<\/td><td class=\"column-7\">Menor Pre\u00e7o Por Item<\/td><td class=\"column-8\"><\/td><td class=\"column-9\">REGISTRO DE PRE\u00c7OS PARA CONTRATA\u00c7\u00c3O DE EMPRESA ESPECIALIZADA PARA EXECU\u00c7\u00c3O DE SERVI\u00c7OS COMUNS DE ENGENHARIA NA ESTRUTURA F\u00cdSICA DOS IM\u00d3VEIS DA PREFEITURA MUNICIPAL DE LAJES\/RN, MEDIANTE REGIME EMPREITADA POR VALOR UNIT\u00c1RIO, CONFORME ESPECIFICA\u00c7\u00d5ES CONSTANTES NO PROJETO B\u00c1SICO ACOSTADO AOS AUTOS.<\/td><td class=\"column-10\"><\/td><td class=\"column-11\">1221470.92<\/td><td class=\"column-12\">23.150.611\/0001-11<\/td><td class=\"column-13\">LRV CONSTRUTORA LTDA<\/td><td class=\"column-14\">RAFAEL ANDERSON DE ARA\u00daJO SILVA<\/td><td class=\"column-15\"><\/td><td class=\"column-16\"><\/td><td class=\"column-17\"><\/td><td class=\"column-18\"><\/td><td class=\"column-19\">0<\/td><td class=\"column-20\"><\/td><td class=\"column-21\"><\/td><td class=\"column-22\"><\/td><td class=\"column-23\"><\/td><td class=\"column-24\"><\/td>\n<\/tr>\n<tr class=\"row-885\">\n\t<td class=\"column-1\">4431\/2021\t<\/td><td class=\"column-2\">01\/04\/2020<\/td><td class=\"column-3\">02\/04\/2020<\/td><td class=\"column-4\">01\/04\/2020 - 01\/04\/2021<\/td><td class=\"column-5\">80\/2020\t<\/td><td class=\"column-6\">Preg\u00e3o Presencial<\/td><td class=\"column-7\">Menor Pre\u00e7o Por Item<\/td><td class=\"column-8\"><\/td><td class=\"column-9\">PRESTA\u00c7\u00c3O DE SERVI\u00c7OS DE MANUTEN\u00c7\u00c3O PREVENTIVA E CORRETIVA EM COMPTADORES, instala\u00e7\u00e3o de programas e equipamentos de inform\u00e1tica, montagem e administra\u00e7\u00e3o de redes de computadores, administra\u00e7\u00e3o de servidores, cabeamento estruturado e suporte t\u00e9cnico de apoio \u00e0 gest\u00e3o p\u00fablica municipal de Lajes\/RN<\/td><td class=\"column-10\">10010000 - Recursos Ordin\u00e1rios<\/td><td class=\"column-11\">57672<\/td><td class=\"column-12\">32.274.377\/0001-25<\/td><td class=\"column-13\">LUIZ BARBOSA JUNIOR 06124139421<\/td><td class=\"column-14\">FELIPE FERREIRA DE MENEZES ARA\u00daJO<\/td><td class=\"column-15\"><\/td><td class=\"column-16\"><\/td><td class=\"column-17\"><\/td><td class=\"column-18\"><\/td><td class=\"column-19\">0<\/td><td class=\"column-20\"><\/td><td class=\"column-21\"><\/td><td class=\"column-22\"><\/td><td class=\"column-23\"><\/td><td class=\"column-24\"><\/td>\n<\/tr>\n<tr class=\"row-886\">\n\t<td class=\"column-1\">4431\/2021\t<\/td><td class=\"column-2\">01\/04\/2020<\/td><td class=\"column-3\">02\/04\/2020<\/td><td class=\"column-4\">01\/04\/2020 - 01\/04\/2021<\/td><td class=\"column-5\">80\/2020\t<\/td><td class=\"column-6\">Preg\u00e3o Presencial<\/td><td class=\"column-7\">Menor Pre\u00e7o Por Item<\/td><td class=\"column-8\"><\/td><td class=\"column-9\">PRESTA\u00c7\u00c3O DE SERVI\u00c7OS DE MANUTEN\u00c7\u00c3O PREVENTIVA E CORRETIVA EM COMPTADORES, instala\u00e7\u00e3o de programas e equipamentos de inform\u00e1tica, montagem e administra\u00e7\u00e3o de redes de computadores, administra\u00e7\u00e3o de servidores, cabeamento estruturado e suporte t\u00e9cnico de apoio \u00e0 gest\u00e3o p\u00fablica municipal de Lajes\/RN<\/td><td class=\"column-10\">10010000 - Recursos Ordin\u00e1rios<\/td><td class=\"column-11\">57672<\/td><td class=\"column-12\">32.274.377\/0001-25<\/td><td class=\"column-13\">LUIZ BARBOSA JUNIOR 06124139421<\/td><td class=\"column-14\">RAFAEL ANDERSON DE ARA\u00daJO SILVA<\/td><td class=\"column-15\"><\/td><td class=\"column-16\"><\/td><td class=\"column-17\"><\/td><td class=\"column-18\"><\/td><td class=\"column-19\">0<\/td><td class=\"column-20\"><\/td><td class=\"column-21\"><\/td><td class=\"column-22\"><\/td><td class=\"column-23\"><\/td><td class=\"column-24\"><\/td>\n<\/tr>\n<tr class=\"row-887\">\n\t<td class=\"column-1\">4431\/2021\t<\/td><td class=\"column-2\">30\/03\/2021<\/td><td class=\"column-3\"><\/td><td class=\"column-4\"><\/td><td class=\"column-5\">80\/2020\t<\/td><td class=\"column-6\">Preg\u00e3o Presencial<\/td><td class=\"column-7\">Menor Pre\u00e7o Por Item<\/td><td class=\"column-8\"><\/td><td class=\"column-9\"><\/td><td class=\"column-10\">10010000 - Recursos Ordin\u00e1rios<\/td><td class=\"column-11\">0<\/td><td class=\"column-12\">32.274.377\/0001-25<\/td><td class=\"column-13\">LUIZ BARBOSA JUNIOR 06124139421<\/td><td class=\"column-14\"><\/td><td class=\"column-15\">1<\/td><td class=\"column-16\">30\/03\/2021<\/td><td class=\"column-17\">31\/03\/2021<\/td><td class=\"column-18\">O presente aditivo \u00e9 de prorroga\u00e7\u00e3o de prazo contado a partir da assinatura at\u00e9 o t\u00e9rmino do exerc\u00edcio financeiro vigente, visando \u00e0 continua\u00e7\u00e3o da PRESTA\u00c7\u00c3O DE SERVI\u00c7OS DE MANUTEN\u00c7\u00c3O PREVENTIVA E CORRETIVA EM COMPTADORES, instala\u00e7\u00e3o de programas e equipamentos de inform\u00e1tica, montagem e administra\u00e7\u00e3o de redes de computadores, administra\u00e7\u00e3o de servidores, cabeamento estruturado e suporte t\u00e9cnico de apoio \u00e0 gest\u00e3o p\u00fablica municipal de Lajes\/RN<\/td><td class=\"column-19\">57672<\/td><td class=\"column-20\">12,00 m\u00eas(es)<\/td><td class=\"column-21\"><\/td><td class=\"column-22\"><\/td><td class=\"column-23\"><\/td><td class=\"column-24\"><\/td>\n<\/tr>\n<\/tbody>\n<\/table>\n<\/div><!-- #tablepress-74 from cache -->\n<div class=\"pdfprnt-buttons pdfprnt-buttons-post pdfprnt-bottom-right\"><a href=\"https:\/\/lajes.rn.gov.br\/transparente\/index\/wp-json\/wp\/v2\/posts\/29461?print=pdf\" class=\"pdfprnt-button pdfprnt-button-pdf\" target=\"_blank\" ><img decoding=\"async\" src=\"https:\/\/lajes.rn.gov.br\/transparente\/index\/wp-content\/plugins\/pdf-print\/images\/pdf.png\" alt=\"image_pdf\" title=\"Ver PDF\" \/><\/a><a href=\"https:\/\/lajes.rn.gov.br\/transparente\/index\/wp-json\/wp\/v2\/posts\/29461?print=print\" class=\"pdfprnt-button pdfprnt-button-print\" target=\"_blank\" ><img decoding=\"async\" src=\"https:\/\/lajes.rn.gov.br\/transparente\/index\/wp-content\/plugins\/pdf-print\/images\/print.png\" alt=\"image_print\" title=\"Conte\u00fado de impress\u00e3o\" \/><\/a><\/div>","protected":false},"excerpt":{"rendered":"","protected":false},"author":3,"featured_media":0,"comment_status":"closed","ping_status":"closed","sticky":false,"template":"","format":"standard","meta":{"ocean_post_layout":"","ocean_both_sidebars_style":"","ocean_both_sidebars_content_width":0,"ocean_both_sidebars_sidebars_width":0,"ocean_sidebar":"","ocean_second_sidebar":"","ocean_disable_margins":"enable","ocean_add_body_class":"","ocean_shortcode_before_top_bar":"","ocean_shortcode_after_top_bar":"","ocean_shortcode_before_header":"","ocean_shortcode_after_header":"","ocean_has_shortcode":"","ocean_shortcode_after_title":"","ocean_shortcode_before_footer_widgets":"","ocean_shortcode_after_footer_widgets":"","ocean_shortcode_before_footer_bottom":"","ocean_shortcode_after_footer_bottom":"","ocean_display_top_bar":"default","ocean_display_header":"default","ocean_header_style":"","ocean_center_header_left_menu":"","ocean_custom_header_template":"","ocean_custom_logo":0,"ocean_custom_retina_logo":0,"ocean_custom_logo_max_width":0,"ocean_custom_logo_tablet_max_width":0,"ocean_custom_logo_mobile_max_width":0,"ocean_custom_logo_max_height":0,"ocean_custom_logo_tablet_max_height":0,"ocean_custom_logo_mobile_max_height":0,"ocean_header_custom_menu":"","ocean_menu_typo_font_family":"","ocean_menu_typo_font_subset":"","ocean_menu_typo_font_size":0,"ocean_menu_typo_font_size_tablet":0,"ocean_menu_typo_font_size_mobile":0,"ocean_menu_typo_font_size_unit":"px","ocean_menu_typo_font_weight":"","ocean_menu_typo_font_weight_tablet":"","ocean_menu_typo_font_weight_mobile":"","ocean_menu_typo_transform":"","ocean_menu_typo_transform_tablet":"","ocean_menu_typo_transform_mobile":"","ocean_menu_typo_line_height":0,"ocean_menu_typo_line_height_tablet":0,"ocean_menu_typo_line_height_mobile":0,"ocean_menu_typo_line_height_unit":"","ocean_menu_typo_spacing":0,"ocean_menu_typo_spacing_tablet":0,"ocean_menu_typo_spacing_mobile":0,"ocean_menu_typo_spacing_unit":"","ocean_menu_link_color":"","ocean_menu_link_color_hover":"","ocean_menu_link_color_active":"","ocean_menu_link_background":"","ocean_menu_link_hover_background":"","ocean_menu_link_active_background":"","ocean_menu_social_links_bg":"","ocean_menu_social_hover_links_bg":"","ocean_menu_social_links_color":"","ocean_menu_social_hover_links_color":"","ocean_disable_title":"default","ocean_disable_heading":"default","ocean_post_title":"","ocean_post_subheading":"","ocean_post_title_style":"","ocean_post_title_background_color":"","ocean_post_title_background":0,"ocean_post_title_bg_image_position":"","ocean_post_title_bg_image_attachment":"","ocean_post_title_bg_image_repeat":"","ocean_post_title_bg_image_size":"","ocean_post_title_height":0,"ocean_post_title_bg_overlay":0.5,"ocean_post_title_bg_overlay_color":"","ocean_disable_breadcrumbs":"default","ocean_breadcrumbs_color":"","ocean_breadcrumbs_separator_color":"","ocean_breadcrumbs_links_color":"","ocean_breadcrumbs_links_hover_color":"","ocean_display_footer_widgets":"default","ocean_display_footer_bottom":"default","ocean_custom_footer_template":"","ocean_post_oembed":"","ocean_post_self_hosted_media":"","ocean_post_video_embed":"","ocean_link_format":"","ocean_link_format_target":"self","ocean_quote_format":"","ocean_quote_format_link":"post","ocean_gallery_link_images":"on","ocean_gallery_id":[],"footnotes":""},"categories":[1],"tags":[],"class_list":["post-29461","post","type-post","status-publish","format-standard","hentry","category-sem-categoria","entry"],"_links":{"self":[{"href":"https:\/\/lajes.rn.gov.br\/transparente\/index\/wp-json\/wp\/v2\/posts\/29461","targetHints":{"allow":["GET"]}}],"collection":[{"href":"https:\/\/lajes.rn.gov.br\/transparente\/index\/wp-json\/wp\/v2\/posts"}],"about":[{"href":"https:\/\/lajes.rn.gov.br\/transparente\/index\/wp-json\/wp\/v2\/types\/post"}],"author":[{"embeddable":true,"href":"https:\/\/lajes.rn.gov.br\/transparente\/index\/wp-json\/wp\/v2\/users\/3"}],"replies":[{"embeddable":true,"href":"https:\/\/lajes.rn.gov.br\/transparente\/index\/wp-json\/wp\/v2\/comments?post=29461"}],"version-history":[{"count":1,"href":"https:\/\/lajes.rn.gov.br\/transparente\/index\/wp-json\/wp\/v2\/posts\/29461\/revisions"}],"predecessor-version":[{"id":29464,"href":"https:\/\/lajes.rn.gov.br\/transparente\/index\/wp-json\/wp\/v2\/posts\/29461\/revisions\/29464"}],"wp:attachment":[{"href":"https:\/\/lajes.rn.gov.br\/transparente\/index\/wp-json\/wp\/v2\/media?parent=29461"}],"wp:term":[{"taxonomy":"category","embeddable":true,"href":"https:\/\/lajes.rn.gov.br\/transparente\/index\/wp-json\/wp\/v2\/categories?post=29461"},{"taxonomy":"post_tag","embeddable":true,"href":"https:\/\/lajes.rn.gov.br\/transparente\/index\/wp-json\/wp\/v2\/tags?post=29461"}],"curies":[{"name":"wp","href":"https:\/\/api.w.org\/{rel}","templated":true}]}}