{"id":29457,"date":"2023-07-22T13:31:35","date_gmt":"2023-07-22T16:31:35","guid":{"rendered":"https:\/\/lajes.rn.gov.br\/transparente\/index\/?p=29457"},"modified":"2023-07-22T13:31:35","modified_gmt":"2023-07-22T16:31:35","slug":"anexo-14-mapa-demonstrativo-consolidado-dos-processos-licitatorios","status":"publish","type":"post","link":"https:\/\/lajes.rn.gov.br\/transparente\/index\/anexo-14-mapa-demonstrativo-consolidado-dos-processos-licitatorios\/","title":{"rendered":"ANEXO 14 &#8211; MAPA DEMONSTRATIVO CONSOLIDADO DOS PROCESSOS LICITAT\u00d3RIOS"},"content":{"rendered":"<div class=\"indiv_tablepress tablepress_in_div\">\n<table id=\"tablepress-73\" class=\"tablepress tablepress-id-73\">\n<thead>\n<tr class=\"row-1\">\n\t<th class=\"column-1\">NumeroProcessoAdministrativo<\/th><th class=\"column-2\">NumeroProcessoLicitarorio<\/th><th class=\"column-3\">DataAbertura<\/th><th class=\"column-4\">DataHomologacao<\/th><th class=\"column-5\">Modalidade<\/th><th class=\"column-6\">TipoLicitacao<\/th><th class=\"column-7\">Objeto<\/th><th class=\"column-8\">ValorOrcado<\/th><th class=\"column-9\">Participantes<\/th><th class=\"column-10\">NomeVencedor<\/th><th class=\"column-11\">CNPJVencedor<\/th><th class=\"column-12\">ValorAdjudicado<\/th><th class=\"column-13\">Situacao<\/th><th class=\"column-14\">NumeroEmpenho<\/th><th class=\"column-15\">DataEmissaoEmpenho<\/th><th class=\"column-16\">NumeroContrato<\/th><th class=\"column-17\">DataCelebracao<\/th>\n<\/tr>\n<\/thead>\n<tbody class=\"row-striping row-hover\">\n<tr class=\"row-2\">\n\t<td class=\"column-1\">2\/2021<\/td><td class=\"column-2\">2\/2021<\/td><td class=\"column-3\"><\/td><td class=\"column-4\">04\/02\/2021<\/td><td class=\"column-5\">Dispensa<\/td><td class=\"column-6\">Menor Pre\u00e7o Por Item<\/td><td class=\"column-7\">CONTRATA\u00c7\u00c3O DE EMPRESA ESPECIALIZADA NA PRESTA\u00c7\u00c3O DOS SERVI\u00c7OS DE LOCA\u00c7\u00c3O DE VE\u00cdCULOS, COM MOTORISTA, POR QUILOMETRAGEM LIVRE.<\/td><td class=\"column-8\">R$ 347.190,00<\/td><td class=\"column-9\">CONSTRUTORA BEZERRIL SOUTO EIRELI, EMPREENDIMENTOS CONSTRU\u00c7\u00d5ES &amp; COM\u00c9RCIO DA CONSTRU\u00c7, GM CONSTRU\u00c7\u00c3O LTDA<\/td><td class=\"column-10\">CONSTRUTORA BEZERRIL SOUTO EIRELI<\/td><td class=\"column-11\">36.182.708\/0001-58<\/td><td class=\"column-12\">R$ 347.190,00<\/td><td class=\"column-13\">Encerrada<\/td><td class=\"column-14\">02002204001\/2021\t<\/td><td class=\"column-15\">04\/02\/2021<\/td><td class=\"column-16\">11\/2021\t<\/td><td class=\"column-17\">04\/02\/2021<\/td>\n<\/tr>\n<tr class=\"row-3\">\n\t<td class=\"column-1\">2\/2021<\/td><td class=\"column-2\">2\/2021<\/td><td class=\"column-3\"><\/td><td class=\"column-4\">04\/02\/2021<\/td><td class=\"column-5\">Dispensa<\/td><td class=\"column-6\">Menor Pre\u00e7o Por Item<\/td><td class=\"column-7\">CONTRATA\u00c7\u00c3O DE EMPRESA ESPECIALIZADA NA PRESTA\u00c7\u00c3O DOS SERVI\u00c7OS DE LOCA\u00c7\u00c3O DE VE\u00cdCULOS, COM MOTORISTA, POR QUILOMETRAGEM LIVRE.<\/td><td class=\"column-8\">R$ 347.190,00<\/td><td class=\"column-9\">CONSTRUTORA BEZERRIL SOUTO EIRELI, EMPREENDIMENTOS CONSTRU\u00c7\u00d5ES &amp; COM\u00c9RCIO DA CONSTRU\u00c7, GM CONSTRU\u00c7\u00c3O LTDA<\/td><td class=\"column-10\">CONSTRUTORA BEZERRIL SOUTO EIRELI<\/td><td class=\"column-11\">36.182.708\/0001-58<\/td><td class=\"column-12\">R$ 347.190,00<\/td><td class=\"column-13\">Encerrada<\/td><td class=\"column-14\">04001204001\/2021\t<\/td><td class=\"column-15\">04\/02\/2021<\/td><td class=\"column-16\">11\/2021\t<\/td><td class=\"column-17\">04\/02\/2021<\/td>\n<\/tr>\n<tr class=\"row-4\">\n\t<td class=\"column-1\">2\/2021<\/td><td class=\"column-2\">2\/2021<\/td><td class=\"column-3\"><\/td><td class=\"column-4\">04\/02\/2021<\/td><td class=\"column-5\">Dispensa<\/td><td class=\"column-6\">Menor Pre\u00e7o Por Item<\/td><td class=\"column-7\">CONTRATA\u00c7\u00c3O DE EMPRESA ESPECIALIZADA NA PRESTA\u00c7\u00c3O DOS SERVI\u00c7OS DE LOCA\u00c7\u00c3O DE VE\u00cdCULOS, COM MOTORISTA, POR QUILOMETRAGEM LIVRE.<\/td><td class=\"column-8\">R$ 347.190,00<\/td><td class=\"column-9\">CONSTRUTORA BEZERRIL SOUTO EIRELI, EMPREENDIMENTOS CONSTRU\u00c7\u00d5ES &amp; COM\u00c9RCIO DA CONSTRU\u00c7, GM CONSTRU\u00c7\u00c3O LTDA<\/td><td class=\"column-10\">CONSTRUTORA BEZERRIL SOUTO EIRELI<\/td><td class=\"column-11\">36.182.708\/0001-58<\/td><td class=\"column-12\">R$ 347.190,00<\/td><td class=\"column-13\">Encerrada<\/td><td class=\"column-14\">03001204001\/2021\t<\/td><td class=\"column-15\">04\/02\/2021<\/td><td class=\"column-16\">11\/2021\t<\/td><td class=\"column-17\">04\/02\/2021<\/td>\n<\/tr>\n<tr class=\"row-5\">\n\t<td class=\"column-1\">2\/2021<\/td><td class=\"column-2\">2\/2021<\/td><td class=\"column-3\"><\/td><td class=\"column-4\">04\/02\/2021<\/td><td class=\"column-5\">Dispensa<\/td><td class=\"column-6\">Menor Pre\u00e7o Por Item<\/td><td class=\"column-7\">CONTRATA\u00c7\u00c3O DE EMPRESA ESPECIALIZADA NA PRESTA\u00c7\u00c3O DOS SERVI\u00c7OS DE LOCA\u00c7\u00c3O DE VE\u00cdCULOS, COM MOTORISTA, POR QUILOMETRAGEM LIVRE.<\/td><td class=\"column-8\">R$ 347.190,00<\/td><td class=\"column-9\">CONSTRUTORA BEZERRIL SOUTO EIRELI, EMPREENDIMENTOS CONSTRU\u00c7\u00d5ES &amp; COM\u00c9RCIO DA CONSTRU\u00c7, GM CONSTRU\u00c7\u00c3O LTDA<\/td><td class=\"column-10\">CONSTRUTORA BEZERRIL SOUTO EIRELI<\/td><td class=\"column-11\">36.182.708\/0001-58<\/td><td class=\"column-12\">R$ 347.190,00<\/td><td class=\"column-13\">Encerrada<\/td><td class=\"column-14\">02004204001\/2021\t<\/td><td class=\"column-15\">04\/02\/2021<\/td><td class=\"column-16\">11\/2021\t<\/td><td class=\"column-17\">04\/02\/2021<\/td>\n<\/tr>\n<tr class=\"row-6\">\n\t<td class=\"column-1\">2\/2021<\/td><td class=\"column-2\">2\/2021<\/td><td class=\"column-3\"><\/td><td class=\"column-4\">04\/02\/2021<\/td><td class=\"column-5\">Dispensa<\/td><td class=\"column-6\">Menor Pre\u00e7o Por Item<\/td><td class=\"column-7\">CONTRATA\u00c7\u00c3O DE EMPRESA ESPECIALIZADA NA PRESTA\u00c7\u00c3O DOS SERVI\u00c7OS DE LOCA\u00c7\u00c3O DE VE\u00cdCULOS, COM MOTORISTA, POR QUILOMETRAGEM LIVRE.<\/td><td class=\"column-8\">R$ 347.190,00<\/td><td class=\"column-9\">CONSTRUTORA BEZERRIL SOUTO EIRELI, EMPREENDIMENTOS CONSTRU\u00c7\u00d5ES &amp; COM\u00c9RCIO DA CONSTRU\u00c7, GM CONSTRU\u00c7\u00c3O LTDA<\/td><td class=\"column-10\">CONSTRUTORA BEZERRIL SOUTO EIRELI<\/td><td class=\"column-11\">36.182.708\/0001-58<\/td><td class=\"column-12\">R$ 347.190,00<\/td><td class=\"column-13\">Encerrada<\/td><td class=\"column-14\">02008204001\/2021\t<\/td><td class=\"column-15\">04\/02\/2021<\/td><td class=\"column-16\">11\/2021\t<\/td><td class=\"column-17\">04\/02\/2021<\/td>\n<\/tr>\n<tr class=\"row-7\">\n\t<td class=\"column-1\">2\/2021<\/td><td class=\"column-2\">2\/2021<\/td><td class=\"column-3\"><\/td><td class=\"column-4\">04\/02\/2021<\/td><td class=\"column-5\">Dispensa<\/td><td class=\"column-6\">Menor Pre\u00e7o Por Item<\/td><td class=\"column-7\">CONTRATA\u00c7\u00c3O DE EMPRESA ESPECIALIZADA NA PRESTA\u00c7\u00c3O DOS SERVI\u00c7OS DE LOCA\u00c7\u00c3O DE VE\u00cdCULOS, COM MOTORISTA, POR QUILOMETRAGEM LIVRE.<\/td><td class=\"column-8\">R$ 347.190,00<\/td><td class=\"column-9\">CONSTRUTORA BEZERRIL SOUTO EIRELI, EMPREENDIMENTOS CONSTRU\u00c7\u00d5ES &amp; COM\u00c9RCIO DA CONSTRU\u00c7, GM CONSTRU\u00c7\u00c3O LTDA<\/td><td class=\"column-10\">CONSTRUTORA BEZERRIL SOUTO EIRELI<\/td><td class=\"column-11\">36.182.708\/0001-58<\/td><td class=\"column-12\">R$ 347.190,00<\/td><td class=\"column-13\">Encerrada<\/td><td class=\"column-14\">02006204001\/2021\t<\/td><td class=\"column-15\">04\/02\/2021<\/td><td class=\"column-16\">11\/2021\t<\/td><td class=\"column-17\">04\/02\/2021<\/td>\n<\/tr>\n<tr class=\"row-8\">\n\t<td class=\"column-1\">2\/2021<\/td><td class=\"column-2\">2\/2021<\/td><td class=\"column-3\"><\/td><td class=\"column-4\">04\/02\/2021<\/td><td class=\"column-5\">Dispensa<\/td><td class=\"column-6\">Menor Pre\u00e7o Por Item<\/td><td class=\"column-7\">CONTRATA\u00c7\u00c3O DE EMPRESA ESPECIALIZADA NA PRESTA\u00c7\u00c3O DOS SERVI\u00c7OS DE LOCA\u00c7\u00c3O DE VE\u00cdCULOS, COM MOTORISTA, POR QUILOMETRAGEM LIVRE.<\/td><td class=\"column-8\">R$ 347.190,00<\/td><td class=\"column-9\">CONSTRUTORA BEZERRIL SOUTO EIRELI, EMPREENDIMENTOS CONSTRU\u00c7\u00d5ES &amp; COM\u00c9RCIO DA CONSTRU\u00c7, GM CONSTRU\u00c7\u00c3O LTDA<\/td><td class=\"column-10\">CONSTRUTORA BEZERRIL SOUTO EIRELI<\/td><td class=\"column-11\">36.182.708\/0001-58<\/td><td class=\"column-12\">R$ 347.190,00<\/td><td class=\"column-13\">Encerrada<\/td><td class=\"column-14\">02002414001\/2021\t<\/td><td class=\"column-15\">14\/04\/2021<\/td><td class=\"column-16\">11\/2021\t<\/td><td class=\"column-17\">04\/02\/2021<\/td>\n<\/tr>\n<tr class=\"row-9\">\n\t<td class=\"column-1\">2\/2021<\/td><td class=\"column-2\">2\/2021<\/td><td class=\"column-3\"><\/td><td class=\"column-4\">04\/02\/2021<\/td><td class=\"column-5\">Dispensa<\/td><td class=\"column-6\">Menor Pre\u00e7o Por Item<\/td><td class=\"column-7\">CONTRATA\u00c7\u00c3O DE EMPRESA ESPECIALIZADA NA PRESTA\u00c7\u00c3O DOS SERVI\u00c7OS DE LOCA\u00c7\u00c3O DE VE\u00cdCULOS, COM MOTORISTA, POR QUILOMETRAGEM LIVRE.<\/td><td class=\"column-8\">R$ 347.190,00<\/td><td class=\"column-9\">CONSTRUTORA BEZERRIL SOUTO EIRELI, EMPREENDIMENTOS CONSTRU\u00c7\u00d5ES &amp; COM\u00c9RCIO DA CONSTRU\u00c7, GM CONSTRU\u00c7\u00c3O LTDA<\/td><td class=\"column-10\">CONSTRUTORA BEZERRIL SOUTO EIRELI<\/td><td class=\"column-11\">36.182.708\/0001-58<\/td><td class=\"column-12\">R$ 347.190,00<\/td><td class=\"column-13\">Encerrada<\/td><td class=\"column-14\">02008414001\/2021\t<\/td><td class=\"column-15\">14\/04\/2021<\/td><td class=\"column-16\">11\/2021\t<\/td><td class=\"column-17\">04\/02\/2021<\/td>\n<\/tr>\n<tr class=\"row-10\">\n\t<td class=\"column-1\">2\/2021<\/td><td class=\"column-2\">2\/2021<\/td><td class=\"column-3\"><\/td><td class=\"column-4\">04\/02\/2021<\/td><td class=\"column-5\">Dispensa<\/td><td class=\"column-6\">Menor Pre\u00e7o Por Item<\/td><td class=\"column-7\">CONTRATA\u00c7\u00c3O DE EMPRESA ESPECIALIZADA NA PRESTA\u00c7\u00c3O DOS SERVI\u00c7OS DE LOCA\u00c7\u00c3O DE VE\u00cdCULOS, COM MOTORISTA, POR QUILOMETRAGEM LIVRE.<\/td><td class=\"column-8\">R$ 347.190,00<\/td><td class=\"column-9\">CONSTRUTORA BEZERRIL SOUTO EIRELI, EMPREENDIMENTOS CONSTRU\u00c7\u00d5ES &amp; COM\u00c9RCIO DA CONSTRU\u00c7, GM CONSTRU\u00c7\u00c3O LTDA<\/td><td class=\"column-10\">CONSTRUTORA BEZERRIL SOUTO EIRELI<\/td><td class=\"column-11\">36.182.708\/0001-58<\/td><td class=\"column-12\">R$ 347.190,00<\/td><td class=\"column-13\">Encerrada<\/td><td class=\"column-14\">02004414001\/2021\t<\/td><td class=\"column-15\">14\/04\/2021<\/td><td class=\"column-16\">11\/2021\t<\/td><td class=\"column-17\">04\/02\/2021<\/td>\n<\/tr>\n<tr class=\"row-11\">\n\t<td class=\"column-1\">2\/2021<\/td><td class=\"column-2\">2\/2021<\/td><td class=\"column-3\"><\/td><td class=\"column-4\">04\/02\/2021<\/td><td class=\"column-5\">Dispensa<\/td><td class=\"column-6\">Menor Pre\u00e7o Por Item<\/td><td class=\"column-7\">CONTRATA\u00c7\u00c3O DE EMPRESA ESPECIALIZADA NA PRESTA\u00c7\u00c3O DOS SERVI\u00c7OS DE LOCA\u00c7\u00c3O DE VE\u00cdCULOS, COM MOTORISTA, POR QUILOMETRAGEM LIVRE.<\/td><td class=\"column-8\">R$ 347.190,00<\/td><td class=\"column-9\">CONSTRUTORA BEZERRIL SOUTO EIRELI, EMPREENDIMENTOS CONSTRU\u00c7\u00d5ES &amp; COM\u00c9RCIO DA CONSTRU\u00c7, GM CONSTRU\u00c7\u00c3O LTDA<\/td><td class=\"column-10\">CONSTRUTORA BEZERRIL SOUTO EIRELI<\/td><td class=\"column-11\">36.182.708\/0001-58<\/td><td class=\"column-12\">R$ 347.190,00<\/td><td class=\"column-13\">Encerrada<\/td><td class=\"column-14\">02006429001\/2021\t<\/td><td class=\"column-15\">29\/04\/2021<\/td><td class=\"column-16\">11\/2021\t<\/td><td class=\"column-17\">04\/02\/2021<\/td>\n<\/tr>\n<tr class=\"row-12\">\n\t<td class=\"column-1\">2\/2021<\/td><td class=\"column-2\">2\/2021<\/td><td class=\"column-3\"><\/td><td class=\"column-4\">04\/02\/2021<\/td><td class=\"column-5\">Dispensa<\/td><td class=\"column-6\">Menor Pre\u00e7o Por Item<\/td><td class=\"column-7\">CONTRATA\u00c7\u00c3O DE EMPRESA ESPECIALIZADA NA PRESTA\u00c7\u00c3O DOS SERVI\u00c7OS DE LOCA\u00c7\u00c3O DE VE\u00cdCULOS, COM MOTORISTA, POR QUILOMETRAGEM LIVRE.<\/td><td class=\"column-8\">R$ 347.190,00<\/td><td class=\"column-9\">CONSTRUTORA BEZERRIL SOUTO EIRELI, EMPREENDIMENTOS CONSTRU\u00c7\u00d5ES &amp; COM\u00c9RCIO DA CONSTRU\u00c7, GM CONSTRU\u00c7\u00c3O LTDA<\/td><td class=\"column-10\">CONSTRUTORA BEZERRIL SOUTO EIRELI<\/td><td class=\"column-11\">36.182.708\/0001-58<\/td><td class=\"column-12\">R$ 347.190,00<\/td><td class=\"column-13\">Encerrada<\/td><td class=\"column-14\">02002429001\/2021\t<\/td><td class=\"column-15\">29\/04\/2021<\/td><td class=\"column-16\">11\/2021\t<\/td><td class=\"column-17\">04\/02\/2021<\/td>\n<\/tr>\n<tr class=\"row-13\">\n\t<td class=\"column-1\">2\/2021<\/td><td class=\"column-2\">2\/2021<\/td><td class=\"column-3\"><\/td><td class=\"column-4\">04\/02\/2021<\/td><td class=\"column-5\">Dispensa<\/td><td class=\"column-6\">Menor Pre\u00e7o Por Item<\/td><td class=\"column-7\">CONTRATA\u00c7\u00c3O DE EMPRESA ESPECIALIZADA NA PRESTA\u00c7\u00c3O DOS SERVI\u00c7OS DE LOCA\u00c7\u00c3O DE VE\u00cdCULOS, COM MOTORISTA, POR QUILOMETRAGEM LIVRE.<\/td><td class=\"column-8\">R$ 347.190,00<\/td><td class=\"column-9\">CONSTRUTORA BEZERRIL SOUTO EIRELI, EMPREENDIMENTOS CONSTRU\u00c7\u00d5ES &amp; COM\u00c9RCIO DA CONSTRU\u00c7, GM CONSTRU\u00c7\u00c3O LTDA<\/td><td class=\"column-10\">CONSTRUTORA BEZERRIL SOUTO EIRELI<\/td><td class=\"column-11\">36.182.708\/0001-58<\/td><td class=\"column-12\">R$ 347.190,00<\/td><td class=\"column-13\">Encerrada<\/td><td class=\"column-14\">02008429001\/2021\t<\/td><td class=\"column-15\">29\/04\/2021<\/td><td class=\"column-16\">11\/2021\t<\/td><td class=\"column-17\">04\/02\/2021<\/td>\n<\/tr>\n<tr class=\"row-14\">\n\t<td class=\"column-1\">2\/2021<\/td><td class=\"column-2\">2\/2021<\/td><td class=\"column-3\"><\/td><td class=\"column-4\">04\/02\/2021<\/td><td class=\"column-5\">Dispensa<\/td><td class=\"column-6\">Menor Pre\u00e7o Por Item<\/td><td class=\"column-7\">CONTRATA\u00c7\u00c3O DE EMPRESA ESPECIALIZADA NA PRESTA\u00c7\u00c3O DOS SERVI\u00c7OS DE LOCA\u00c7\u00c3O DE VE\u00cdCULOS, COM MOTORISTA, POR QUILOMETRAGEM LIVRE.<\/td><td class=\"column-8\">R$ 347.190,00<\/td><td class=\"column-9\">CONSTRUTORA BEZERRIL SOUTO EIRELI, EMPREENDIMENTOS CONSTRU\u00c7\u00d5ES &amp; COM\u00c9RCIO DA CONSTRU\u00c7, GM CONSTRU\u00c7\u00c3O LTDA<\/td><td class=\"column-10\">CONSTRUTORA BEZERRIL SOUTO EIRELI<\/td><td class=\"column-11\">36.182.708\/0001-58<\/td><td class=\"column-12\">R$ 347.190,00<\/td><td class=\"column-13\">Encerrada<\/td><td class=\"column-14\">04001429001\/2021\t<\/td><td class=\"column-15\">29\/04\/2021<\/td><td class=\"column-16\">11\/2021\t<\/td><td class=\"column-17\">04\/02\/2021<\/td>\n<\/tr>\n<tr class=\"row-15\">\n\t<td class=\"column-1\">2\/2021<\/td><td class=\"column-2\">2\/2021<\/td><td class=\"column-3\"><\/td><td class=\"column-4\">04\/02\/2021<\/td><td class=\"column-5\">Dispensa<\/td><td class=\"column-6\">Menor Pre\u00e7o Por Item<\/td><td class=\"column-7\">CONTRATA\u00c7\u00c3O DE EMPRESA ESPECIALIZADA NA PRESTA\u00c7\u00c3O DOS SERVI\u00c7OS DE LOCA\u00c7\u00c3O DE VE\u00cdCULOS, COM MOTORISTA, POR QUILOMETRAGEM LIVRE.<\/td><td class=\"column-8\">R$ 347.190,00<\/td><td class=\"column-9\">CONSTRUTORA BEZERRIL SOUTO EIRELI, EMPREENDIMENTOS CONSTRU\u00c7\u00d5ES &amp; COM\u00c9RCIO DA CONSTRU\u00c7, GM CONSTRU\u00c7\u00c3O LTDA<\/td><td class=\"column-10\">CONSTRUTORA BEZERRIL SOUTO EIRELI<\/td><td class=\"column-11\">36.182.708\/0001-58<\/td><td class=\"column-12\">R$ 347.190,00<\/td><td class=\"column-13\">Encerrada<\/td><td class=\"column-14\">03001429001\/2021\t<\/td><td class=\"column-15\">29\/04\/2021<\/td><td class=\"column-16\">11\/2021\t<\/td><td class=\"column-17\">04\/02\/2021<\/td>\n<\/tr>\n<tr class=\"row-16\">\n\t<td class=\"column-1\">2\/2021<\/td><td class=\"column-2\">2\/2021<\/td><td class=\"column-3\"><\/td><td class=\"column-4\">04\/02\/2021<\/td><td class=\"column-5\">Dispensa<\/td><td class=\"column-6\">Menor Pre\u00e7o Por Item<\/td><td class=\"column-7\">CONTRATA\u00c7\u00c3O DE EMPRESA ESPECIALIZADA NA PRESTA\u00c7\u00c3O DOS SERVI\u00c7OS DE LOCA\u00c7\u00c3O DE VE\u00cdCULOS, COM MOTORISTA, POR QUILOMETRAGEM LIVRE.<\/td><td class=\"column-8\">R$ 347.190,00<\/td><td class=\"column-9\">CONSTRUTORA BEZERRIL SOUTO EIRELI, EMPREENDIMENTOS CONSTRU\u00c7\u00d5ES &amp; COM\u00c9RCIO DA CONSTRU\u00c7, GM CONSTRU\u00c7\u00c3O LTDA<\/td><td class=\"column-10\">CONSTRUTORA BEZERRIL SOUTO EIRELI<\/td><td class=\"column-11\">36.182.708\/0001-58<\/td><td class=\"column-12\">R$ 347.190,00<\/td><td class=\"column-13\">Encerrada<\/td><td class=\"column-14\">02004429001\/2021\t<\/td><td class=\"column-15\">29\/04\/2021<\/td><td class=\"column-16\">11\/2021\t<\/td><td class=\"column-17\">04\/02\/2021<\/td>\n<\/tr>\n<tr class=\"row-17\">\n\t<td class=\"column-1\">3\/2021<\/td><td class=\"column-2\">3\/2021<\/td><td class=\"column-3\"><\/td><td class=\"column-4\">28\/01\/2021<\/td><td class=\"column-5\">Dispensa<\/td><td class=\"column-6\">Menor Pre\u00e7o Por Item<\/td><td class=\"column-7\">CONTRATA\u00c7\u00c3O EMERGENCIAL DE EMPRESA ESPECIALIZADA NA PRESTA\u00c7\u00c3O DOS SERVI\u00c7OS ESSENCIAIS DE SA\u00daDE, PLANT\u00d5ES M\u00c9DICOS, M\u00c9DICOS PARA UNIDADES B\u00c1SICAS DE SA\u00daDE, M\u00c9DICOS EM OUTRAS ESPECIALIDADES E PROFISSIONAIS TEMPOR\u00c1RIOS CONFORME ESPECIFICA\u00c7\u00d5ES M\u00cdNIMAS CONSTANTES NO TERMO DE REFER\u00caNCIA ANEXO I. PARA ATENDER AS NECESSIDADES DA POPULA\u00c7\u00c3O DESTE MUNIC\u00cdPIO NO SETOR DA SA\u00daDE.<\/td><td class=\"column-8\">R$ 650.640,00<\/td><td class=\"column-9\">LITORAL ASSIST\u00caNCIA EM SA\u00daDE, MC SOLU\u00c7\u00d5ES EIRELI, MG CL\u00cdNIC SERVI\u00c7OS DE SA\u00daDE EIRELI<\/td><td class=\"column-10\">MC SOLU\u00c7\u00d5ES EIRELI<\/td><td class=\"column-11\">28.366.950\/0001-53<\/td><td class=\"column-12\">R$ 650.640,00<\/td><td class=\"column-13\">Encerrada<\/td><td class=\"column-14\">03001128002\/2021\t<\/td><td class=\"column-15\">28\/01\/2021<\/td><td class=\"column-16\">3\/2021\t<\/td><td class=\"column-17\">28\/01\/2021<\/td>\n<\/tr>\n<tr class=\"row-18\">\n\t<td class=\"column-1\">3\/2021<\/td><td class=\"column-2\">3\/2021<\/td><td class=\"column-3\"><\/td><td class=\"column-4\">28\/01\/2021<\/td><td class=\"column-5\">Dispensa<\/td><td class=\"column-6\">Menor Pre\u00e7o Por Item<\/td><td class=\"column-7\">CONTRATA\u00c7\u00c3O EMERGENCIAL DE EMPRESA ESPECIALIZADA NA PRESTA\u00c7\u00c3O DOS SERVI\u00c7OS ESSENCIAIS DE SA\u00daDE, PLANT\u00d5ES M\u00c9DICOS, M\u00c9DICOS PARA UNIDADES B\u00c1SICAS DE SA\u00daDE, M\u00c9DICOS EM OUTRAS ESPECIALIDADES E PROFISSIONAIS TEMPOR\u00c1RIOS CONFORME ESPECIFICA\u00c7\u00d5ES M\u00cdNIMAS CONSTANTES NO TERMO DE REFER\u00caNCIA ANEXO I. PARA ATENDER AS NECESSIDADES DA POPULA\u00c7\u00c3O DESTE MUNIC\u00cdPIO NO SETOR DA SA\u00daDE.<\/td><td class=\"column-8\">R$ 650.640,00<\/td><td class=\"column-9\">LITORAL ASSIST\u00caNCIA EM SA\u00daDE, MC SOLU\u00c7\u00d5ES EIRELI, MG CL\u00cdNIC SERVI\u00c7OS DE SA\u00daDE EIRELI<\/td><td class=\"column-10\">MC SOLU\u00c7\u00d5ES EIRELI<\/td><td class=\"column-11\">28.366.950\/0001-53<\/td><td class=\"column-12\">R$ 650.640,00<\/td><td class=\"column-13\">Encerrada<\/td><td class=\"column-14\">03001503001\/2021\t<\/td><td class=\"column-15\">03\/05\/2021<\/td><td class=\"column-16\">3\/2021\t<\/td><td class=\"column-17\">28\/01\/2021<\/td>\n<\/tr>\n<tr class=\"row-19\">\n\t<td class=\"column-1\">3\/2021<\/td><td class=\"column-2\">3\/2021<\/td><td class=\"column-3\"><\/td><td class=\"column-4\">28\/01\/2021<\/td><td class=\"column-5\">Dispensa<\/td><td class=\"column-6\">Menor Pre\u00e7o Por Item<\/td><td class=\"column-7\">CONTRATA\u00c7\u00c3O EMERGENCIAL DE EMPRESA ESPECIALIZADA NA PRESTA\u00c7\u00c3O DOS SERVI\u00c7OS ESSENCIAIS DE SA\u00daDE, PLANT\u00d5ES M\u00c9DICOS, M\u00c9DICOS PARA UNIDADES B\u00c1SICAS DE SA\u00daDE, M\u00c9DICOS EM OUTRAS ESPECIALIDADES E PROFISSIONAIS TEMPOR\u00c1RIOS CONFORME ESPECIFICA\u00c7\u00d5ES M\u00cdNIMAS CONSTANTES NO TERMO DE REFER\u00caNCIA ANEXO I. PARA ATENDER AS NECESSIDADES DA POPULA\u00c7\u00c3O DESTE MUNIC\u00cdPIO NO SETOR DA SA\u00daDE.<\/td><td class=\"column-8\">R$ 650.640,00<\/td><td class=\"column-9\">LITORAL ASSIST\u00caNCIA EM SA\u00daDE, MC SOLU\u00c7\u00d5ES EIRELI, MG CL\u00cdNIC SERVI\u00c7OS DE SA\u00daDE EIRELI<\/td><td class=\"column-10\">MC SOLU\u00c7\u00d5ES EIRELI<\/td><td class=\"column-11\">28.366.950\/0001-53<\/td><td class=\"column-12\">R$ 650.640,00<\/td><td class=\"column-13\">Encerrada<\/td><td class=\"column-14\">03001505001\/2021\t<\/td><td class=\"column-15\">05\/05\/2021<\/td><td class=\"column-16\">3\/2021\t<\/td><td class=\"column-17\">28\/01\/2021<\/td>\n<\/tr>\n<tr class=\"row-20\">\n\t<td class=\"column-1\">4\/2021<\/td><td class=\"column-2\">4\/2021<\/td><td class=\"column-3\"><\/td><td class=\"column-4\">09\/03\/2021<\/td><td class=\"column-5\">Dispensa<\/td><td class=\"column-6\">Menor Pre\u00e7o Por Item<\/td><td class=\"column-7\">CONTRATA\u00c7\u00c3O EMERGENCIAL DE EMPRESA ESPECIALIZADA NA PRESTA\u00c7\u00c3O DOS SERVI\u00c7OS DE LOCA\u00c7\u00c3O DE VE\u00cdCULOS, TIPO AMBUL\u00c2NCIA 4X4 UTI M\u00d3VEL COMPLETA, PARA TRANSPORTE INTERURBANO DE PACIENTES USU\u00c1RIOS DO SUS, CONSIDERANDO AS ESTRADAS VICINAIS DA ZONA RURAL DESTE MUNIC\u00cdPIO.<\/td><td class=\"column-8\">R$ 60.000,00<\/td><td class=\"column-9\">MASTERCOOP - COOPERRATIVA DE TRABALHO DE SA\u00daDE, SERV SAUDE SERVI\u00c7OS EM SA\u00daDE, VIA OESTE LOCA\u00c7\u00c3O E TERCEIRIZA\u00c7\u00c3O DE FROTAS<\/td><td class=\"column-10\">VIA OESTE LOCA\u00c7\u00c3O E TERCEIRIZA\u00c7\u00c3O DE FROTAS<\/td><td class=\"column-11\">18.231.387\/0001-52<\/td><td class=\"column-12\">R$ 60.000,00<\/td><td class=\"column-13\">Encerrada<\/td><td class=\"column-14\">03001309001\/2021\t<\/td><td class=\"column-15\">09\/03\/2021<\/td><td class=\"column-16\">27\/2021\t<\/td><td class=\"column-17\">09\/03\/2021<\/td>\n<\/tr>\n<tr class=\"row-21\">\n\t<td class=\"column-1\">4\/2021<\/td><td class=\"column-2\">4\/2021<\/td><td class=\"column-3\"><\/td><td class=\"column-4\">09\/03\/2021<\/td><td class=\"column-5\">Dispensa<\/td><td class=\"column-6\">Menor Pre\u00e7o Por Item<\/td><td class=\"column-7\">CONTRATA\u00c7\u00c3O EMERGENCIAL DE EMPRESA ESPECIALIZADA NA PRESTA\u00c7\u00c3O DOS SERVI\u00c7OS DE LOCA\u00c7\u00c3O DE VE\u00cdCULOS, TIPO AMBUL\u00c2NCIA 4X4 UTI M\u00d3VEL COMPLETA, PARA TRANSPORTE INTERURBANO DE PACIENTES USU\u00c1RIOS DO SUS, CONSIDERANDO AS ESTRADAS VICINAIS DA ZONA RURAL DESTE MUNIC\u00cdPIO.<\/td><td class=\"column-8\">R$ 60.000,00<\/td><td class=\"column-9\">MASTERCOOP - COOPERRATIVA DE TRABALHO DE SA\u00daDE, SERV SAUDE SERVI\u00c7OS EM SA\u00daDE, VIA OESTE LOCA\u00c7\u00c3O E TERCEIRIZA\u00c7\u00c3O DE FROTAS<\/td><td class=\"column-10\">VIA OESTE LOCA\u00c7\u00c3O E TERCEIRIZA\u00c7\u00c3O DE FROTAS<\/td><td class=\"column-11\">18.231.387\/0001-52<\/td><td class=\"column-12\">R$ 60.000,00<\/td><td class=\"column-13\">Encerrada<\/td><td class=\"column-14\">03001607002\/2021\t<\/td><td class=\"column-15\">07\/06\/2021<\/td><td class=\"column-16\">27\/2021\t<\/td><td class=\"column-17\">09\/03\/2021<\/td>\n<\/tr>\n<tr class=\"row-22\">\n\t<td class=\"column-1\">5\/2021<\/td><td class=\"column-2\">5\/2021<\/td><td class=\"column-3\"><\/td><td class=\"column-4\">29\/01\/2021<\/td><td class=\"column-5\">Dispensa<\/td><td class=\"column-6\">Menor Pre\u00e7o Por Item<\/td><td class=\"column-7\">CONTRATA\u00c7\u00c3O DE EMPRESA ESPECIALIZADA NOS SERVI\u00c7OS DE GERENCIAMENTO, COLETA, TRANSPORTE, TRATAMENTO E DESTINO FINAL (INCINERA\u00c7\u00c3O) DOS RES\u00cdDUOS HOSPITALARES PROVENIENTES DAS UNIDADES DE SA\u00daDE E PRONTO ATENDIMENTO DESTE MUNIC\u00cdPIO QUE REPRESENTAM RISCOS BIOL\u00d3GICOS.<\/td><td class=\"column-8\">R$ 17.000,00<\/td><td class=\"column-9\">FJ SERVI\u00c7OS E COMERCIO EIRELI, URBANLIMP SERVI\u00c7O DE LIMPEZA E CONSERVA\u00c7\u00c3O LTDA - ME, WASTE COLETA DE RESIDUOS HOSPITALARES LTDA<\/td><td class=\"column-10\">WASTE COLETA DE RESIDUOS HOSPITALARES LTDA<\/td><td class=\"column-11\">20.474.613\/0001-78<\/td><td class=\"column-12\">R$ 17.000,00<\/td><td class=\"column-13\">Encerrada<\/td><td class=\"column-14\">03001201001\/2021\t<\/td><td class=\"column-15\">01\/02\/2021<\/td><td class=\"column-16\">4\/2021\t<\/td><td class=\"column-17\">29\/01\/2021<\/td>\n<\/tr>\n<tr class=\"row-23\">\n\t<td class=\"column-1\">7\/2021<\/td><td class=\"column-2\">7\/2021<\/td><td class=\"column-3\"><\/td><td class=\"column-4\">29\/01\/2021<\/td><td class=\"column-5\">Dispensa<\/td><td class=\"column-6\">Menor Pre\u00e7o Por Item<\/td><td class=\"column-7\">CONTRATA\u00c7\u00c3O DE SERVI\u00c7OS ESPECIALIZADOS NA EMISS\u00c3O DE CERTIFICADOS DIGITAIS e-CPF E e-CNPJ DO TIPO A1 COMPAT\u00cdVEIS COM A INFRAESTRUTURA DE CHAVE P\u00daBLICA DE ACORDO COM O TERMO DE REFER\u00caNCIA \u2013 ANEXO I.<\/td><td class=\"column-8\">R$ 1.238,80<\/td><td class=\"column-9\">ACRE SEGURAN\u00c7A DIGITAL LTDA, AR I9 CERTIFICA\u00c7\u00c3O DIGITAL SERVI\u00c7OS LTDA, AR MACAP\u00c1 CERTIFICADO DIGITAL<\/td><td class=\"column-10\">AR I9 CERTIFICA\u00c7\u00c3O DIGITAL SERVI\u00c7OS LTDA<\/td><td class=\"column-11\">29.056.741\/0001-76<\/td><td class=\"column-12\">R$ 1.238,80<\/td><td class=\"column-13\">Encerrada<\/td><td class=\"column-14\">02002201001\/2021\t<\/td><td class=\"column-15\">01\/02\/2021<\/td><td class=\"column-16\"><\/td><td class=\"column-17\"><\/td>\n<\/tr>\n<tr class=\"row-24\">\n\t<td class=\"column-1\">8\/2021<\/td><td class=\"column-2\">8\/2021<\/td><td class=\"column-3\">24\/05\/2021<\/td><td class=\"column-4\">24\/05\/2021<\/td><td class=\"column-5\">Preg\u00e3o Eletr\u00f4nico<\/td><td class=\"column-6\">Menor Pre\u00e7o por Lote<\/td><td class=\"column-7\">CONTRATA\u00c7\u00c3O DE EMPRESA ESPECIALIZADA EM FORNECIMENTO DE G\u00c1S MEDICINAL (OXIG\u00caNIO) COM FORNECIMENTO DE CILINDROS EM REGIME DE COMODATO, CONSIDERANDO A GARANTIA \u00c0 SA\u00daDE A TODOS OS CIDAD\u00c3OS DE FORMA INTEGRAL, PREVISTA NA CONSTITUI\u00c7\u00c3O DE 1988 E NA LEI 8.080\/90, A RESPONSABILIDADE DESTE ENTE MUNICIPAL EM ASSISTIR DE FORMA INTEGRAL A SA\u00daDE DOS MUN\u00cdCIPES VISANDO SUPRIR AS NECESSIDADES DAS UNIDADES B\u00c1SICAS DE SA\u00daDE E AMBUL\u00c2NCIAS DESTE MUNIC\u00cdPIO.<\/td><td class=\"column-8\">R$ 509.550,00<\/td><td class=\"column-9\">TELEG\u00c1S COMERCIO E SERVI\u00c7O HOSPITALAR EIRELI<\/td><td class=\"column-10\">TELEG\u00c1S COMERCIO E SERVI\u00c7O HOSPITALAR EIRELI<\/td><td class=\"column-11\">16.737.759\/0001-91<\/td><td class=\"column-12\">R$ 456.900,00<\/td><td class=\"column-13\">Encerrada<\/td><td class=\"column-14\">03001601006\/2021\t<\/td><td class=\"column-15\">01\/06\/2021<\/td><td class=\"column-16\"><\/td><td class=\"column-17\"><\/td>\n<\/tr>\n<tr class=\"row-25\">\n\t<td class=\"column-1\">9\/2021<\/td><td class=\"column-2\">9\/2021<\/td><td class=\"column-3\"><\/td><td class=\"column-4\">22\/01\/2021<\/td><td class=\"column-5\">Dispensa<\/td><td class=\"column-6\">Menor Pre\u00e7o Por Item<\/td><td class=\"column-7\">CONTRATA\u00c7\u00c3O DE EMPRESA PARA FORNECIMENTO DE COMBUST\u00cdVEIS VEICULARES (GASOLINA COMUM, DIESEL COMUM E DIESEL S10), PARA O ABASTECIMENTO DA FROTA VEICULAR PERTENCENTE \u00c0S DIVERSAS UNIDADES DO PODER EXECUTIVO MUNICIPAL.<\/td><td class=\"column-8\">R$ 375.865,40<\/td><td class=\"column-9\">AUTO POSTO S\u00c3O TOM\u00c9 LTDA<\/td><td class=\"column-10\">AUTO POSTO S\u00c3O TOM\u00c9 LTDA<\/td><td class=\"column-11\">04.839.900\/0007-73<\/td><td class=\"column-12\">R$ 372.106,75<\/td><td class=\"column-13\">Encerrada<\/td><td class=\"column-14\">02001123001\/2021\t<\/td><td class=\"column-15\">23\/01\/2021<\/td><td class=\"column-16\">2\/2021\t<\/td><td class=\"column-17\">22\/01\/2021<\/td>\n<\/tr>\n<tr class=\"row-26\">\n\t<td class=\"column-1\">9\/2021<\/td><td class=\"column-2\">9\/2021<\/td><td class=\"column-3\"><\/td><td class=\"column-4\">22\/01\/2021<\/td><td class=\"column-5\">Dispensa<\/td><td class=\"column-6\">Menor Pre\u00e7o Por Item<\/td><td class=\"column-7\">CONTRATA\u00c7\u00c3O DE EMPRESA PARA FORNECIMENTO DE COMBUST\u00cdVEIS VEICULARES (GASOLINA COMUM, DIESEL COMUM E DIESEL S10), PARA O ABASTECIMENTO DA FROTA VEICULAR PERTENCENTE \u00c0S DIVERSAS UNIDADES DO PODER EXECUTIVO MUNICIPAL.<\/td><td class=\"column-8\">R$ 375.865,40<\/td><td class=\"column-9\">AUTO POSTO S\u00c3O TOM\u00c9 LTDA<\/td><td class=\"column-10\">AUTO POSTO S\u00c3O TOM\u00c9 LTDA<\/td><td class=\"column-11\">04.839.900\/0007-73<\/td><td class=\"column-12\">R$ 372.106,75<\/td><td class=\"column-13\">Encerrada<\/td><td class=\"column-14\">02002123001\/2021\t<\/td><td class=\"column-15\">23\/01\/2021<\/td><td class=\"column-16\">2\/2021\t<\/td><td class=\"column-17\">22\/01\/2021<\/td>\n<\/tr>\n<tr class=\"row-27\">\n\t<td class=\"column-1\">9\/2021<\/td><td class=\"column-2\">9\/2021<\/td><td class=\"column-3\"><\/td><td class=\"column-4\">22\/01\/2021<\/td><td class=\"column-5\">Dispensa<\/td><td class=\"column-6\">Menor Pre\u00e7o Por Item<\/td><td class=\"column-7\">CONTRATA\u00c7\u00c3O DE EMPRESA PARA FORNECIMENTO DE COMBUST\u00cdVEIS VEICULARES (GASOLINA COMUM, DIESEL COMUM E DIESEL S10), PARA O ABASTECIMENTO DA FROTA VEICULAR PERTENCENTE \u00c0S DIVERSAS UNIDADES DO PODER EXECUTIVO MUNICIPAL.<\/td><td class=\"column-8\">R$ 375.865,40<\/td><td class=\"column-9\">AUTO POSTO S\u00c3O TOM\u00c9 LTDA<\/td><td class=\"column-10\">AUTO POSTO S\u00c3O TOM\u00c9 LTDA<\/td><td class=\"column-11\">04.839.900\/0007-73<\/td><td class=\"column-12\">R$ 372.106,75<\/td><td class=\"column-13\">Encerrada<\/td><td class=\"column-14\">04001123001\/2021\t<\/td><td class=\"column-15\">23\/01\/2021<\/td><td class=\"column-16\">2\/2021\t<\/td><td class=\"column-17\">22\/01\/2021<\/td>\n<\/tr>\n<tr class=\"row-28\">\n\t<td class=\"column-1\">9\/2021<\/td><td class=\"column-2\">9\/2021<\/td><td class=\"column-3\"><\/td><td class=\"column-4\">22\/01\/2021<\/td><td class=\"column-5\">Dispensa<\/td><td class=\"column-6\">Menor Pre\u00e7o Por Item<\/td><td class=\"column-7\">CONTRATA\u00c7\u00c3O DE EMPRESA PARA FORNECIMENTO DE COMBUST\u00cdVEIS VEICULARES (GASOLINA COMUM, DIESEL COMUM E DIESEL S10), PARA O ABASTECIMENTO DA FROTA VEICULAR PERTENCENTE \u00c0S DIVERSAS UNIDADES DO PODER EXECUTIVO MUNICIPAL.<\/td><td class=\"column-8\">R$ 375.865,40<\/td><td class=\"column-9\">AUTO POSTO S\u00c3O TOM\u00c9 LTDA<\/td><td class=\"column-10\">AUTO POSTO S\u00c3O TOM\u00c9 LTDA<\/td><td class=\"column-11\">04.839.900\/0007-73<\/td><td class=\"column-12\">R$ 372.106,75<\/td><td class=\"column-13\">Encerrada<\/td><td class=\"column-14\">03001123001\/2021\t<\/td><td class=\"column-15\">23\/01\/2021<\/td><td class=\"column-16\">2\/2021\t<\/td><td class=\"column-17\">22\/01\/2021<\/td>\n<\/tr>\n<tr class=\"row-29\">\n\t<td class=\"column-1\">9\/2021<\/td><td class=\"column-2\">9\/2021<\/td><td class=\"column-3\"><\/td><td class=\"column-4\">22\/01\/2021<\/td><td class=\"column-5\">Dispensa<\/td><td class=\"column-6\">Menor Pre\u00e7o Por Item<\/td><td class=\"column-7\">CONTRATA\u00c7\u00c3O DE EMPRESA PARA FORNECIMENTO DE COMBUST\u00cdVEIS VEICULARES (GASOLINA COMUM, DIESEL COMUM E DIESEL S10), PARA O ABASTECIMENTO DA FROTA VEICULAR PERTENCENTE \u00c0S DIVERSAS UNIDADES DO PODER EXECUTIVO MUNICIPAL.<\/td><td class=\"column-8\">R$ 375.865,40<\/td><td class=\"column-9\">AUTO POSTO S\u00c3O TOM\u00c9 LTDA<\/td><td class=\"column-10\">AUTO POSTO S\u00c3O TOM\u00c9 LTDA<\/td><td class=\"column-11\">04.839.900\/0007-73<\/td><td class=\"column-12\">R$ 372.106,75<\/td><td class=\"column-13\">Encerrada<\/td><td class=\"column-14\">02008123001\/2021\t<\/td><td class=\"column-15\">23\/01\/2021<\/td><td class=\"column-16\">2\/2021\t<\/td><td class=\"column-17\">22\/01\/2021<\/td>\n<\/tr>\n<tr class=\"row-30\">\n\t<td class=\"column-1\">9\/2021<\/td><td class=\"column-2\">9\/2021<\/td><td class=\"column-3\"><\/td><td class=\"column-4\">22\/01\/2021<\/td><td class=\"column-5\">Dispensa<\/td><td class=\"column-6\">Menor Pre\u00e7o Por Item<\/td><td class=\"column-7\">CONTRATA\u00c7\u00c3O DE EMPRESA PARA FORNECIMENTO DE COMBUST\u00cdVEIS VEICULARES (GASOLINA COMUM, DIESEL COMUM E DIESEL S10), PARA O ABASTECIMENTO DA FROTA VEICULAR PERTENCENTE \u00c0S DIVERSAS UNIDADES DO PODER EXECUTIVO MUNICIPAL.<\/td><td class=\"column-8\">R$ 375.865,40<\/td><td class=\"column-9\">AUTO POSTO S\u00c3O TOM\u00c9 LTDA<\/td><td class=\"column-10\">AUTO POSTO S\u00c3O TOM\u00c9 LTDA<\/td><td class=\"column-11\">04.839.900\/0007-73<\/td><td class=\"column-12\">R$ 372.106,75<\/td><td class=\"column-13\">Encerrada<\/td><td class=\"column-14\">02009123001\/2021\t<\/td><td class=\"column-15\">23\/01\/2021<\/td><td class=\"column-16\">2\/2021\t<\/td><td class=\"column-17\">22\/01\/2021<\/td>\n<\/tr>\n<tr class=\"row-31\">\n\t<td class=\"column-1\">9\/2021<\/td><td class=\"column-2\">9\/2021<\/td><td class=\"column-3\"><\/td><td class=\"column-4\">22\/01\/2021<\/td><td class=\"column-5\">Dispensa<\/td><td class=\"column-6\">Menor Pre\u00e7o Por Item<\/td><td class=\"column-7\">CONTRATA\u00c7\u00c3O DE EMPRESA PARA FORNECIMENTO DE COMBUST\u00cdVEIS VEICULARES (GASOLINA COMUM, DIESEL COMUM E DIESEL S10), PARA O ABASTECIMENTO DA FROTA VEICULAR PERTENCENTE \u00c0S DIVERSAS UNIDADES DO PODER EXECUTIVO MUNICIPAL.<\/td><td class=\"column-8\">R$ 375.865,40<\/td><td class=\"column-9\">AUTO POSTO S\u00c3O TOM\u00c9 LTDA<\/td><td class=\"column-10\">AUTO POSTO S\u00c3O TOM\u00c9 LTDA<\/td><td class=\"column-11\">04.839.900\/0007-73<\/td><td class=\"column-12\">R$ 372.106,75<\/td><td class=\"column-13\">Encerrada<\/td><td class=\"column-14\">02004601001\/2021\t<\/td><td class=\"column-15\">01\/06\/2021<\/td><td class=\"column-16\">2\/2021\t<\/td><td class=\"column-17\">22\/01\/2021<\/td>\n<\/tr>\n<tr class=\"row-32\">\n\t<td class=\"column-1\">9\/2021<\/td><td class=\"column-2\">9\/2021<\/td><td class=\"column-3\"><\/td><td class=\"column-4\">22\/01\/2021<\/td><td class=\"column-5\">Dispensa<\/td><td class=\"column-6\">Menor Pre\u00e7o Por Item<\/td><td class=\"column-7\">CONTRATA\u00c7\u00c3O DE EMPRESA PARA FORNECIMENTO DE COMBUST\u00cdVEIS VEICULARES (GASOLINA COMUM, DIESEL COMUM E DIESEL S10), PARA O ABASTECIMENTO DA FROTA VEICULAR PERTENCENTE \u00c0S DIVERSAS UNIDADES DO PODER EXECUTIVO MUNICIPAL.<\/td><td class=\"column-8\">R$ 375.865,40<\/td><td class=\"column-9\">AUTO POSTO S\u00c3O TOM\u00c9 LTDA<\/td><td class=\"column-10\">AUTO POSTO S\u00c3O TOM\u00c9 LTDA<\/td><td class=\"column-11\">04.839.900\/0007-73<\/td><td class=\"column-12\">R$ 372.106,75<\/td><td class=\"column-13\">Encerrada<\/td><td class=\"column-14\">02008601001\/2021\t<\/td><td class=\"column-15\">01\/06\/2021<\/td><td class=\"column-16\">2\/2021\t<\/td><td class=\"column-17\">22\/01\/2021<\/td>\n<\/tr>\n<tr class=\"row-33\">\n\t<td class=\"column-1\">9\/2021<\/td><td class=\"column-2\">9\/2021<\/td><td class=\"column-3\"><\/td><td class=\"column-4\">22\/01\/2021<\/td><td class=\"column-5\">Dispensa<\/td><td class=\"column-6\">Menor Pre\u00e7o Por Item<\/td><td class=\"column-7\">CONTRATA\u00c7\u00c3O DE EMPRESA PARA FORNECIMENTO DE COMBUST\u00cdVEIS VEICULARES (GASOLINA COMUM, DIESEL COMUM E DIESEL S10), PARA O ABASTECIMENTO DA FROTA VEICULAR PERTENCENTE \u00c0S DIVERSAS UNIDADES DO PODER EXECUTIVO MUNICIPAL.<\/td><td class=\"column-8\">R$ 375.865,40<\/td><td class=\"column-9\">AUTO POSTO S\u00c3O TOM\u00c9 LTDA<\/td><td class=\"column-10\">AUTO POSTO S\u00c3O TOM\u00c9 LTDA<\/td><td class=\"column-11\">04.839.900\/0007-73<\/td><td class=\"column-12\">R$ 372.106,75<\/td><td class=\"column-13\">Encerrada<\/td><td class=\"column-14\">02002601002\/2021\t<\/td><td class=\"column-15\">01\/06\/2021<\/td><td class=\"column-16\">2\/2021\t<\/td><td class=\"column-17\">22\/01\/2021<\/td>\n<\/tr>\n<tr class=\"row-34\">\n\t<td class=\"column-1\">9\/2021<\/td><td class=\"column-2\">9\/2021<\/td><td class=\"column-3\"><\/td><td class=\"column-4\">22\/01\/2021<\/td><td class=\"column-5\">Dispensa<\/td><td class=\"column-6\">Menor Pre\u00e7o Por Item<\/td><td class=\"column-7\">CONTRATA\u00c7\u00c3O DE EMPRESA PARA FORNECIMENTO DE COMBUST\u00cdVEIS VEICULARES (GASOLINA COMUM, DIESEL COMUM E DIESEL S10), PARA O ABASTECIMENTO DA FROTA VEICULAR PERTENCENTE \u00c0S DIVERSAS UNIDADES DO PODER EXECUTIVO MUNICIPAL.<\/td><td class=\"column-8\">R$ 375.865,40<\/td><td class=\"column-9\">AUTO POSTO S\u00c3O TOM\u00c9 LTDA<\/td><td class=\"column-10\">AUTO POSTO S\u00c3O TOM\u00c9 LTDA<\/td><td class=\"column-11\">04.839.900\/0007-73<\/td><td class=\"column-12\">R$ 372.106,75<\/td><td class=\"column-13\">Encerrada<\/td><td class=\"column-14\">02004421001\/2021\t<\/td><td class=\"column-15\">21\/04\/2021<\/td><td class=\"column-16\">2\/2021\t<\/td><td class=\"column-17\">22\/01\/2021<\/td>\n<\/tr>\n<tr class=\"row-35\">\n\t<td class=\"column-1\">9\/2021<\/td><td class=\"column-2\">9\/2021<\/td><td class=\"column-3\"><\/td><td class=\"column-4\">22\/01\/2021<\/td><td class=\"column-5\">Dispensa<\/td><td class=\"column-6\">Menor Pre\u00e7o Por Item<\/td><td class=\"column-7\">CONTRATA\u00c7\u00c3O DE EMPRESA PARA FORNECIMENTO DE COMBUST\u00cdVEIS VEICULARES (GASOLINA COMUM, DIESEL COMUM E DIESEL S10), PARA O ABASTECIMENTO DA FROTA VEICULAR PERTENCENTE \u00c0S DIVERSAS UNIDADES DO PODER EXECUTIVO MUNICIPAL.<\/td><td class=\"column-8\">R$ 375.865,40<\/td><td class=\"column-9\">AUTO POSTO S\u00c3O TOM\u00c9 LTDA<\/td><td class=\"column-10\">AUTO POSTO S\u00c3O TOM\u00c9 LTDA<\/td><td class=\"column-11\">04.839.900\/0007-73<\/td><td class=\"column-12\">R$ 372.106,75<\/td><td class=\"column-13\">Encerrada<\/td><td class=\"column-14\">02004421002\/2021\t<\/td><td class=\"column-15\">21\/04\/2021<\/td><td class=\"column-16\">2\/2021\t<\/td><td class=\"column-17\">22\/01\/2021<\/td>\n<\/tr>\n<tr class=\"row-36\">\n\t<td class=\"column-1\">9\/2021<\/td><td class=\"column-2\">9\/2021<\/td><td class=\"column-3\"><\/td><td class=\"column-4\">22\/01\/2021<\/td><td class=\"column-5\">Dispensa<\/td><td class=\"column-6\">Menor Pre\u00e7o Por Item<\/td><td class=\"column-7\">CONTRATA\u00c7\u00c3O DE EMPRESA PARA FORNECIMENTO DE COMBUST\u00cdVEIS VEICULARES (GASOLINA COMUM, DIESEL COMUM E DIESEL S10), PARA O ABASTECIMENTO DA FROTA VEICULAR PERTENCENTE \u00c0S DIVERSAS UNIDADES DO PODER EXECUTIVO MUNICIPAL.<\/td><td class=\"column-8\">R$ 375.865,40<\/td><td class=\"column-9\">AUTO POSTO S\u00c3O TOM\u00c9 LTDA<\/td><td class=\"column-10\">AUTO POSTO S\u00c3O TOM\u00c9 LTDA<\/td><td class=\"column-11\">04.839.900\/0007-73<\/td><td class=\"column-12\">R$ 372.106,75<\/td><td class=\"column-13\">Encerrada<\/td><td class=\"column-14\">02004526001\/2021\t<\/td><td class=\"column-15\">26\/05\/2021<\/td><td class=\"column-16\">2\/2021\t<\/td><td class=\"column-17\">22\/01\/2021<\/td>\n<\/tr>\n<tr class=\"row-37\">\n\t<td class=\"column-1\">9\/2021<\/td><td class=\"column-2\">9\/2021<\/td><td class=\"column-3\"><\/td><td class=\"column-4\">22\/01\/2021<\/td><td class=\"column-5\">Dispensa<\/td><td class=\"column-6\">Menor Pre\u00e7o Por Item<\/td><td class=\"column-7\">CONTRATA\u00c7\u00c3O DE EMPRESA PARA FORNECIMENTO DE COMBUST\u00cdVEIS VEICULARES (GASOLINA COMUM, DIESEL COMUM E DIESEL S10), PARA O ABASTECIMENTO DA FROTA VEICULAR PERTENCENTE \u00c0S DIVERSAS UNIDADES DO PODER EXECUTIVO MUNICIPAL.<\/td><td class=\"column-8\">R$ 375.865,40<\/td><td class=\"column-9\">AUTO POSTO S\u00c3O TOM\u00c9 LTDA<\/td><td class=\"column-10\">AUTO POSTO S\u00c3O TOM\u00c9 LTDA<\/td><td class=\"column-11\">04.839.900\/0007-73<\/td><td class=\"column-12\">R$ 372.106,75<\/td><td class=\"column-13\">Encerrada<\/td><td class=\"column-14\">03001601004\/2021\t<\/td><td class=\"column-15\">01\/06\/2021<\/td><td class=\"column-16\">2\/2021\t<\/td><td class=\"column-17\">22\/01\/2021<\/td>\n<\/tr>\n<tr class=\"row-38\">\n\t<td class=\"column-1\">9\/2021<\/td><td class=\"column-2\">9\/2021<\/td><td class=\"column-3\"><\/td><td class=\"column-4\">22\/01\/2021<\/td><td class=\"column-5\">Dispensa<\/td><td class=\"column-6\">Menor Pre\u00e7o Por Item<\/td><td class=\"column-7\">CONTRATA\u00c7\u00c3O DE EMPRESA PARA FORNECIMENTO DE COMBUST\u00cdVEIS VEICULARES (GASOLINA COMUM, DIESEL COMUM E DIESEL S10), PARA O ABASTECIMENTO DA FROTA VEICULAR PERTENCENTE \u00c0S DIVERSAS UNIDADES DO PODER EXECUTIVO MUNICIPAL.<\/td><td class=\"column-8\">R$ 375.865,40<\/td><td class=\"column-9\">AUTO POSTO S\u00c3O TOM\u00c9 LTDA<\/td><td class=\"column-10\">AUTO POSTO S\u00c3O TOM\u00c9 LTDA<\/td><td class=\"column-11\">04.839.900\/0007-73<\/td><td class=\"column-12\">R$ 372.106,75<\/td><td class=\"column-13\">Encerrada<\/td><td class=\"column-14\">04001601001\/2021\t<\/td><td class=\"column-15\">01\/06\/2021<\/td><td class=\"column-16\">2\/2021\t<\/td><td class=\"column-17\">22\/01\/2021<\/td>\n<\/tr>\n<tr class=\"row-39\">\n\t<td class=\"column-1\">9\/2021<\/td><td class=\"column-2\">9\/2021<\/td><td class=\"column-3\"><\/td><td class=\"column-4\">22\/01\/2021<\/td><td class=\"column-5\">Dispensa<\/td><td class=\"column-6\">Menor Pre\u00e7o Por Item<\/td><td class=\"column-7\">CONTRATA\u00c7\u00c3O DE EMPRESA PARA FORNECIMENTO DE COMBUST\u00cdVEIS VEICULARES (GASOLINA COMUM, DIESEL COMUM E DIESEL S10), PARA O ABASTECIMENTO DA FROTA VEICULAR PERTENCENTE \u00c0S DIVERSAS UNIDADES DO PODER EXECUTIVO MUNICIPAL.<\/td><td class=\"column-8\">R$ 375.865,40<\/td><td class=\"column-9\">AUTO POSTO S\u00c3O TOM\u00c9 LTDA<\/td><td class=\"column-10\">AUTO POSTO S\u00c3O TOM\u00c9 LTDA<\/td><td class=\"column-11\">04.839.900\/0007-73<\/td><td class=\"column-12\">R$ 372.106,75<\/td><td class=\"column-13\">Encerrada<\/td><td class=\"column-14\">02002601001\/2021\t<\/td><td class=\"column-15\">01\/06\/2021<\/td><td class=\"column-16\">2\/2021\t<\/td><td class=\"column-17\">22\/01\/2021<\/td>\n<\/tr>\n<tr class=\"row-40\">\n\t<td class=\"column-1\">9\/2021<\/td><td class=\"column-2\">9\/2021<\/td><td class=\"column-3\"><\/td><td class=\"column-4\">22\/01\/2021<\/td><td class=\"column-5\">Dispensa<\/td><td class=\"column-6\">Menor Pre\u00e7o Por Item<\/td><td class=\"column-7\">CONTRATA\u00c7\u00c3O DE EMPRESA PARA FORNECIMENTO DE COMBUST\u00cdVEIS VEICULARES (GASOLINA COMUM, DIESEL COMUM E DIESEL S10), PARA O ABASTECIMENTO DA FROTA VEICULAR PERTENCENTE \u00c0S DIVERSAS UNIDADES DO PODER EXECUTIVO MUNICIPAL.<\/td><td class=\"column-8\">R$ 375.865,40<\/td><td class=\"column-9\">AUTO POSTO S\u00c3O TOM\u00c9 LTDA<\/td><td class=\"column-10\">AUTO POSTO S\u00c3O TOM\u00c9 LTDA<\/td><td class=\"column-11\">04.839.900\/0007-73<\/td><td class=\"column-12\">R$ 372.106,75<\/td><td class=\"column-13\">Encerrada<\/td><td class=\"column-14\">02004123001\/2021\t<\/td><td class=\"column-15\">23\/01\/2021<\/td><td class=\"column-16\">2\/2021\t<\/td><td class=\"column-17\">22\/01\/2021<\/td>\n<\/tr>\n<tr class=\"row-41\">\n\t<td class=\"column-1\">9\/2021<\/td><td class=\"column-2\">9\/2021<\/td><td class=\"column-3\"><\/td><td class=\"column-4\">22\/01\/2021<\/td><td class=\"column-5\">Dispensa<\/td><td class=\"column-6\">Menor Pre\u00e7o Por Item<\/td><td class=\"column-7\">CONTRATA\u00c7\u00c3O DE EMPRESA PARA FORNECIMENTO DE COMBUST\u00cdVEIS VEICULARES (GASOLINA COMUM, DIESEL COMUM E DIESEL S10), PARA O ABASTECIMENTO DA FROTA VEICULAR PERTENCENTE \u00c0S DIVERSAS UNIDADES DO PODER EXECUTIVO MUNICIPAL.<\/td><td class=\"column-8\">R$ 375.865,40<\/td><td class=\"column-9\">AUTO POSTO S\u00c3O TOM\u00c9 LTDA<\/td><td class=\"column-10\">AUTO POSTO S\u00c3O TOM\u00c9 LTDA<\/td><td class=\"column-11\">04.839.900\/0007-73<\/td><td class=\"column-12\">R$ 372.106,75<\/td><td class=\"column-13\">Encerrada<\/td><td class=\"column-14\">02006123001\/2021\t<\/td><td class=\"column-15\">23\/01\/2021<\/td><td class=\"column-16\">2\/2021\t<\/td><td class=\"column-17\">22\/01\/2021<\/td>\n<\/tr>\n<tr class=\"row-42\">\n\t<td class=\"column-1\">9\/2021<\/td><td class=\"column-2\">9\/2021<\/td><td class=\"column-3\"><\/td><td class=\"column-4\">22\/01\/2021<\/td><td class=\"column-5\">Dispensa<\/td><td class=\"column-6\">Menor Pre\u00e7o Por Item<\/td><td class=\"column-7\">CONTRATA\u00c7\u00c3O DE EMPRESA PARA FORNECIMENTO DE COMBUST\u00cdVEIS VEICULARES (GASOLINA COMUM, DIESEL COMUM E DIESEL S10), PARA O ABASTECIMENTO DA FROTA VEICULAR PERTENCENTE \u00c0S DIVERSAS UNIDADES DO PODER EXECUTIVO MUNICIPAL.<\/td><td class=\"column-8\">R$ 375.865,40<\/td><td class=\"column-9\">AUTO POSTO S\u00c3O TOM\u00c9 LTDA<\/td><td class=\"column-10\">AUTO POSTO S\u00c3O TOM\u00c9 LTDA<\/td><td class=\"column-11\">04.839.900\/0007-73<\/td><td class=\"column-12\">R$ 372.106,75<\/td><td class=\"column-13\">Encerrada<\/td><td class=\"column-14\">02008331001\/2021\t<\/td><td class=\"column-15\">31\/03\/2021<\/td><td class=\"column-16\">2\/2021\t<\/td><td class=\"column-17\">22\/01\/2021<\/td>\n<\/tr>\n<tr class=\"row-43\">\n\t<td class=\"column-1\">9\/2021<\/td><td class=\"column-2\">9\/2021<\/td><td class=\"column-3\"><\/td><td class=\"column-4\">22\/01\/2021<\/td><td class=\"column-5\">Dispensa<\/td><td class=\"column-6\">Menor Pre\u00e7o Por Item<\/td><td class=\"column-7\">CONTRATA\u00c7\u00c3O DE EMPRESA PARA FORNECIMENTO DE COMBUST\u00cdVEIS VEICULARES (GASOLINA COMUM, DIESEL COMUM E DIESEL S10), PARA O ABASTECIMENTO DA FROTA VEICULAR PERTENCENTE \u00c0S DIVERSAS UNIDADES DO PODER EXECUTIVO MUNICIPAL.<\/td><td class=\"column-8\">R$ 375.865,40<\/td><td class=\"column-9\">AUTO POSTO S\u00c3O TOM\u00c9 LTDA<\/td><td class=\"column-10\">AUTO POSTO S\u00c3O TOM\u00c9 LTDA<\/td><td class=\"column-11\">04.839.900\/0007-73<\/td><td class=\"column-12\">R$ 372.106,75<\/td><td class=\"column-13\">Encerrada<\/td><td class=\"column-14\">02008331002\/2021\t<\/td><td class=\"column-15\">31\/03\/2021<\/td><td class=\"column-16\">2\/2021\t<\/td><td class=\"column-17\">22\/01\/2021<\/td>\n<\/tr>\n<tr class=\"row-44\">\n\t<td class=\"column-1\">9\/2021<\/td><td class=\"column-2\">9\/2021<\/td><td class=\"column-3\"><\/td><td class=\"column-4\">22\/01\/2021<\/td><td class=\"column-5\">Dispensa<\/td><td class=\"column-6\">Menor Pre\u00e7o Por Item<\/td><td class=\"column-7\">CONTRATA\u00c7\u00c3O DE EMPRESA PARA FORNECIMENTO DE COMBUST\u00cdVEIS VEICULARES (GASOLINA COMUM, DIESEL COMUM E DIESEL S10), PARA O ABASTECIMENTO DA FROTA VEICULAR PERTENCENTE \u00c0S DIVERSAS UNIDADES DO PODER EXECUTIVO MUNICIPAL.<\/td><td class=\"column-8\">R$ 375.865,40<\/td><td class=\"column-9\">AUTO POSTO S\u00c3O TOM\u00c9 LTDA<\/td><td class=\"column-10\">AUTO POSTO S\u00c3O TOM\u00c9 LTDA<\/td><td class=\"column-11\">04.839.900\/0007-73<\/td><td class=\"column-12\">R$ 372.106,75<\/td><td class=\"column-13\">Encerrada<\/td><td class=\"column-14\">02002331001\/2021\t<\/td><td class=\"column-15\">31\/03\/2021<\/td><td class=\"column-16\">2\/2021\t<\/td><td class=\"column-17\">22\/01\/2021<\/td>\n<\/tr>\n<tr class=\"row-45\">\n\t<td class=\"column-1\">9\/2021<\/td><td class=\"column-2\">9\/2021<\/td><td class=\"column-3\"><\/td><td class=\"column-4\">22\/01\/2021<\/td><td class=\"column-5\">Dispensa<\/td><td class=\"column-6\">Menor Pre\u00e7o Por Item<\/td><td class=\"column-7\">CONTRATA\u00c7\u00c3O DE EMPRESA PARA FORNECIMENTO DE COMBUST\u00cdVEIS VEICULARES (GASOLINA COMUM, DIESEL COMUM E DIESEL S10), PARA O ABASTECIMENTO DA FROTA VEICULAR PERTENCENTE \u00c0S DIVERSAS UNIDADES DO PODER EXECUTIVO MUNICIPAL.<\/td><td class=\"column-8\">R$ 375.865,40<\/td><td class=\"column-9\">AUTO POSTO S\u00c3O TOM\u00c9 LTDA<\/td><td class=\"column-10\">AUTO POSTO S\u00c3O TOM\u00c9 LTDA<\/td><td class=\"column-11\">04.839.900\/0007-73<\/td><td class=\"column-12\">R$ 372.106,75<\/td><td class=\"column-13\">Encerrada<\/td><td class=\"column-14\">03001331001\/2021\t<\/td><td class=\"column-15\">31\/03\/2021<\/td><td class=\"column-16\">2\/2021\t<\/td><td class=\"column-17\">22\/01\/2021<\/td>\n<\/tr>\n<tr class=\"row-46\">\n\t<td class=\"column-1\">10\/2021<\/td><td class=\"column-2\">10\/2021<\/td><td class=\"column-3\"><\/td><td class=\"column-4\">22\/01\/2021<\/td><td class=\"column-5\">Dispensa<\/td><td class=\"column-6\">Menor Pre\u00e7o Por Item<\/td><td class=\"column-7\">CONTRATA\u00c7\u00c3O EMERGENCIAL DE EMPRESA ESPECIALIZADA EM LOCA\u00c7\u00c3O DE M\u00c3O DE OBRA PARA PRESTA\u00c7\u00c3O DE SERVI\u00c7OS N\u00c3O COMPREENDIDOS COMO PREC\u00cdPUOS DA ADMINISTRA\u00c7\u00c3O, de car\u00e1ter acess\u00f3rio e natureza continuada, nas fun\u00e7\u00f5es e quantitativos elencados no termo de refer\u00eancia \u2013 anexo I, sendo fundamentais para o funcionamento dos principais servi\u00e7os, nas diversas categorias.<\/td><td class=\"column-8\">R$ 1.007.115,21<\/td><td class=\"column-9\">JMT SERVI\u00c7OS E LOCA\u00c7\u00c3O DE M\u00c3O DE OBRA LTDA, QUALYSERV TERCEIRIZA\u00c7\u00c3O DE SERVI\u00c7OS LTAD, SAFE LOCACAO DE MAO DE OBRA E SERVICOS LTDA, ZELO RECURSOS HUMANOS EIRELI<\/td><td class=\"column-10\">JMT SERVI\u00c7OS E LOCA\u00c7\u00c3O DE M\u00c3O DE OBRA LTDA<\/td><td class=\"column-11\">07.442.731\/0001-36<\/td><td class=\"column-12\">R$ 1.007.115,21<\/td><td class=\"column-13\">Encerrada<\/td><td class=\"column-14\">02002122001\/2021\t<\/td><td class=\"column-15\">22\/01\/2021<\/td><td class=\"column-16\">1\/2021\t<\/td><td class=\"column-17\">22\/01\/2021<\/td>\n<\/tr>\n<tr class=\"row-47\">\n\t<td class=\"column-1\">10\/2021<\/td><td class=\"column-2\">10\/2021<\/td><td class=\"column-3\"><\/td><td class=\"column-4\">22\/01\/2021<\/td><td class=\"column-5\">Dispensa<\/td><td class=\"column-6\">Menor Pre\u00e7o Por Item<\/td><td class=\"column-7\">CONTRATA\u00c7\u00c3O EMERGENCIAL DE EMPRESA ESPECIALIZADA EM LOCA\u00c7\u00c3O DE M\u00c3O DE OBRA PARA PRESTA\u00c7\u00c3O DE SERVI\u00c7OS N\u00c3O COMPREENDIDOS COMO PREC\u00cdPUOS DA ADMINISTRA\u00c7\u00c3O, de car\u00e1ter acess\u00f3rio e natureza continuada, nas fun\u00e7\u00f5es e quantitativos elencados no termo de refer\u00eancia \u2013 anexo I, sendo fundamentais para o funcionamento dos principais servi\u00e7os, nas diversas categorias.<\/td><td class=\"column-8\">R$ 1.007.115,21<\/td><td class=\"column-9\">JMT SERVI\u00c7OS E LOCA\u00c7\u00c3O DE M\u00c3O DE OBRA LTDA, QUALYSERV TERCEIRIZA\u00c7\u00c3O DE SERVI\u00c7OS LTAD, SAFE LOCACAO DE MAO DE OBRA E SERVICOS LTDA, ZELO RECURSOS HUMANOS EIRELI<\/td><td class=\"column-10\">JMT SERVI\u00c7OS E LOCA\u00c7\u00c3O DE M\u00c3O DE OBRA LTDA<\/td><td class=\"column-11\">07.442.731\/0001-36<\/td><td class=\"column-12\">R$ 1.007.115,21<\/td><td class=\"column-13\">Encerrada<\/td><td class=\"column-14\">04001122001\/2021\t<\/td><td class=\"column-15\">22\/01\/2021<\/td><td class=\"column-16\">1\/2021\t<\/td><td class=\"column-17\">22\/01\/2021<\/td>\n<\/tr>\n<tr class=\"row-48\">\n\t<td class=\"column-1\">10\/2021<\/td><td class=\"column-2\">10\/2021<\/td><td class=\"column-3\"><\/td><td class=\"column-4\">22\/01\/2021<\/td><td class=\"column-5\">Dispensa<\/td><td class=\"column-6\">Menor Pre\u00e7o Por Item<\/td><td class=\"column-7\">CONTRATA\u00c7\u00c3O EMERGENCIAL DE EMPRESA ESPECIALIZADA EM LOCA\u00c7\u00c3O DE M\u00c3O DE OBRA PARA PRESTA\u00c7\u00c3O DE SERVI\u00c7OS N\u00c3O COMPREENDIDOS COMO PREC\u00cdPUOS DA ADMINISTRA\u00c7\u00c3O, de car\u00e1ter acess\u00f3rio e natureza continuada, nas fun\u00e7\u00f5es e quantitativos elencados no termo de refer\u00eancia \u2013 anexo I, sendo fundamentais para o funcionamento dos principais servi\u00e7os, nas diversas categorias.<\/td><td class=\"column-8\">R$ 1.007.115,21<\/td><td class=\"column-9\">JMT SERVI\u00c7OS E LOCA\u00c7\u00c3O DE M\u00c3O DE OBRA LTDA, QUALYSERV TERCEIRIZA\u00c7\u00c3O DE SERVI\u00c7OS LTAD, SAFE LOCACAO DE MAO DE OBRA E SERVICOS LTDA, ZELO RECURSOS HUMANOS EIRELI<\/td><td class=\"column-10\">JMT SERVI\u00c7OS E LOCA\u00c7\u00c3O DE M\u00c3O DE OBRA LTDA<\/td><td class=\"column-11\">07.442.731\/0001-36<\/td><td class=\"column-12\">R$ 1.007.115,21<\/td><td class=\"column-13\">Encerrada<\/td><td class=\"column-14\">03001122001\/2021\t<\/td><td class=\"column-15\">22\/01\/2021<\/td><td class=\"column-16\">1\/2021\t<\/td><td class=\"column-17\">22\/01\/2021<\/td>\n<\/tr>\n<tr class=\"row-49\">\n\t<td class=\"column-1\">10\/2021<\/td><td class=\"column-2\">10\/2021<\/td><td class=\"column-3\"><\/td><td class=\"column-4\">22\/01\/2021<\/td><td class=\"column-5\">Dispensa<\/td><td class=\"column-6\">Menor Pre\u00e7o Por Item<\/td><td class=\"column-7\">CONTRATA\u00c7\u00c3O EMERGENCIAL DE EMPRESA ESPECIALIZADA EM LOCA\u00c7\u00c3O DE M\u00c3O DE OBRA PARA PRESTA\u00c7\u00c3O DE SERVI\u00c7OS N\u00c3O COMPREENDIDOS COMO PREC\u00cdPUOS DA ADMINISTRA\u00c7\u00c3O, de car\u00e1ter acess\u00f3rio e natureza continuada, nas fun\u00e7\u00f5es e quantitativos elencados no termo de refer\u00eancia \u2013 anexo I, sendo fundamentais para o funcionamento dos principais servi\u00e7os, nas diversas categorias.<\/td><td class=\"column-8\">R$ 1.007.115,21<\/td><td class=\"column-9\">JMT SERVI\u00c7OS E LOCA\u00c7\u00c3O DE M\u00c3O DE OBRA LTDA, QUALYSERV TERCEIRIZA\u00c7\u00c3O DE SERVI\u00c7OS LTAD, SAFE LOCACAO DE MAO DE OBRA E SERVICOS LTDA, ZELO RECURSOS HUMANOS EIRELI<\/td><td class=\"column-10\">JMT SERVI\u00c7OS E LOCA\u00c7\u00c3O DE M\u00c3O DE OBRA LTDA<\/td><td class=\"column-11\">07.442.731\/0001-36<\/td><td class=\"column-12\">R$ 1.007.115,21<\/td><td class=\"column-13\">Encerrada<\/td><td class=\"column-14\">02008122001\/2021\t<\/td><td class=\"column-15\">22\/01\/2021<\/td><td class=\"column-16\">1\/2021\t<\/td><td class=\"column-17\">22\/01\/2021<\/td>\n<\/tr>\n<tr class=\"row-50\">\n\t<td class=\"column-1\">10\/2021<\/td><td class=\"column-2\">10\/2021<\/td><td class=\"column-3\"><\/td><td class=\"column-4\">22\/01\/2021<\/td><td class=\"column-5\">Dispensa<\/td><td class=\"column-6\">Menor Pre\u00e7o Por Item<\/td><td class=\"column-7\">CONTRATA\u00c7\u00c3O EMERGENCIAL DE EMPRESA ESPECIALIZADA EM LOCA\u00c7\u00c3O DE M\u00c3O DE OBRA PARA PRESTA\u00c7\u00c3O DE SERVI\u00c7OS N\u00c3O COMPREENDIDOS COMO PREC\u00cdPUOS DA ADMINISTRA\u00c7\u00c3O, de car\u00e1ter acess\u00f3rio e natureza continuada, nas fun\u00e7\u00f5es e quantitativos elencados no termo de refer\u00eancia \u2013 anexo I, sendo fundamentais para o funcionamento dos principais servi\u00e7os, nas diversas categorias.<\/td><td class=\"column-8\">R$ 1.007.115,21<\/td><td class=\"column-9\">JMT SERVI\u00c7OS E LOCA\u00c7\u00c3O DE M\u00c3O DE OBRA LTDA, QUALYSERV TERCEIRIZA\u00c7\u00c3O DE SERVI\u00c7OS LTAD, SAFE LOCACAO DE MAO DE OBRA E SERVICOS LTDA, ZELO RECURSOS HUMANOS EIRELI<\/td><td class=\"column-10\">JMT SERVI\u00c7OS E LOCA\u00c7\u00c3O DE M\u00c3O DE OBRA LTDA<\/td><td class=\"column-11\">07.442.731\/0001-36<\/td><td class=\"column-12\">R$ 1.007.115,21<\/td><td class=\"column-13\">Encerrada<\/td><td class=\"column-14\">02009122001\/2021\t<\/td><td class=\"column-15\">22\/01\/2021<\/td><td class=\"column-16\">1\/2021\t<\/td><td class=\"column-17\">22\/01\/2021<\/td>\n<\/tr>\n<tr class=\"row-51\">\n\t<td class=\"column-1\">10\/2021<\/td><td class=\"column-2\">10\/2021<\/td><td class=\"column-3\"><\/td><td class=\"column-4\">22\/01\/2021<\/td><td class=\"column-5\">Dispensa<\/td><td class=\"column-6\">Menor Pre\u00e7o Por Item<\/td><td class=\"column-7\">CONTRATA\u00c7\u00c3O EMERGENCIAL DE EMPRESA ESPECIALIZADA EM LOCA\u00c7\u00c3O DE M\u00c3O DE OBRA PARA PRESTA\u00c7\u00c3O DE SERVI\u00c7OS N\u00c3O COMPREENDIDOS COMO PREC\u00cdPUOS DA ADMINISTRA\u00c7\u00c3O, de car\u00e1ter acess\u00f3rio e natureza continuada, nas fun\u00e7\u00f5es e quantitativos elencados no termo de refer\u00eancia \u2013 anexo I, sendo fundamentais para o funcionamento dos principais servi\u00e7os, nas diversas categorias.<\/td><td class=\"column-8\">R$ 1.007.115,21<\/td><td class=\"column-9\">JMT SERVI\u00c7OS E LOCA\u00c7\u00c3O DE M\u00c3O DE OBRA LTDA, QUALYSERV TERCEIRIZA\u00c7\u00c3O DE SERVI\u00c7OS LTAD, SAFE LOCACAO DE MAO DE OBRA E SERVICOS LTDA, ZELO RECURSOS HUMANOS EIRELI<\/td><td class=\"column-10\">JMT SERVI\u00c7OS E LOCA\u00c7\u00c3O DE M\u00c3O DE OBRA LTDA<\/td><td class=\"column-11\">07.442.731\/0001-36<\/td><td class=\"column-12\">R$ 1.007.115,21<\/td><td class=\"column-13\">Encerrada<\/td><td class=\"column-14\">02004122001\/2021\t<\/td><td class=\"column-15\">22\/01\/2021<\/td><td class=\"column-16\">1\/2021\t<\/td><td class=\"column-17\">22\/01\/2021<\/td>\n<\/tr>\n<tr class=\"row-52\">\n\t<td class=\"column-1\">10\/2021<\/td><td class=\"column-2\">10\/2021<\/td><td class=\"column-3\"><\/td><td class=\"column-4\">22\/01\/2021<\/td><td class=\"column-5\">Dispensa<\/td><td class=\"column-6\">Menor Pre\u00e7o Por Item<\/td><td class=\"column-7\">CONTRATA\u00c7\u00c3O EMERGENCIAL DE EMPRESA ESPECIALIZADA EM LOCA\u00c7\u00c3O DE M\u00c3O DE OBRA PARA PRESTA\u00c7\u00c3O DE SERVI\u00c7OS N\u00c3O COMPREENDIDOS COMO PREC\u00cdPUOS DA ADMINISTRA\u00c7\u00c3O, de car\u00e1ter acess\u00f3rio e natureza continuada, nas fun\u00e7\u00f5es e quantitativos elencados no termo de refer\u00eancia \u2013 anexo I, sendo fundamentais para o funcionamento dos principais servi\u00e7os, nas diversas categorias.<\/td><td class=\"column-8\">R$ 1.007.115,21<\/td><td class=\"column-9\">JMT SERVI\u00c7OS E LOCA\u00c7\u00c3O DE M\u00c3O DE OBRA LTDA, QUALYSERV TERCEIRIZA\u00c7\u00c3O DE SERVI\u00c7OS LTAD, SAFE LOCACAO DE MAO DE OBRA E SERVICOS LTDA, ZELO RECURSOS HUMANOS EIRELI<\/td><td class=\"column-10\">JMT SERVI\u00c7OS E LOCA\u00c7\u00c3O DE M\u00c3O DE OBRA LTDA<\/td><td class=\"column-11\">07.442.731\/0001-36<\/td><td class=\"column-12\">R$ 1.007.115,21<\/td><td class=\"column-13\">Encerrada<\/td><td class=\"column-14\">04001417001\/2021\t<\/td><td class=\"column-15\">17\/04\/2021<\/td><td class=\"column-16\">1\/2021\t<\/td><td class=\"column-17\">22\/01\/2021<\/td>\n<\/tr>\n<tr class=\"row-53\">\n\t<td class=\"column-1\">10\/2021<\/td><td class=\"column-2\">10\/2021<\/td><td class=\"column-3\"><\/td><td class=\"column-4\">22\/01\/2021<\/td><td class=\"column-5\">Dispensa<\/td><td class=\"column-6\">Menor Pre\u00e7o Por Item<\/td><td class=\"column-7\">CONTRATA\u00c7\u00c3O EMERGENCIAL DE EMPRESA ESPECIALIZADA EM LOCA\u00c7\u00c3O DE M\u00c3O DE OBRA PARA PRESTA\u00c7\u00c3O DE SERVI\u00c7OS N\u00c3O COMPREENDIDOS COMO PREC\u00cdPUOS DA ADMINISTRA\u00c7\u00c3O, de car\u00e1ter acess\u00f3rio e natureza continuada, nas fun\u00e7\u00f5es e quantitativos elencados no termo de refer\u00eancia \u2013 anexo I, sendo fundamentais para o funcionamento dos principais servi\u00e7os, nas diversas categorias.<\/td><td class=\"column-8\">R$ 1.007.115,21<\/td><td class=\"column-9\">JMT SERVI\u00c7OS E LOCA\u00c7\u00c3O DE M\u00c3O DE OBRA LTDA, QUALYSERV TERCEIRIZA\u00c7\u00c3O DE SERVI\u00c7OS LTAD, SAFE LOCACAO DE MAO DE OBRA E SERVICOS LTDA, ZELO RECURSOS HUMANOS EIRELI<\/td><td class=\"column-10\">JMT SERVI\u00c7OS E LOCA\u00c7\u00c3O DE M\u00c3O DE OBRA LTDA<\/td><td class=\"column-11\">07.442.731\/0001-36<\/td><td class=\"column-12\">R$ 1.007.115,21<\/td><td class=\"column-13\">Encerrada<\/td><td class=\"column-14\">03001419001\/2021\t<\/td><td class=\"column-15\">19\/04\/2021<\/td><td class=\"column-16\">1\/2021\t<\/td><td class=\"column-17\">22\/01\/2021<\/td>\n<\/tr>\n<tr class=\"row-54\">\n\t<td class=\"column-1\">10\/2021<\/td><td class=\"column-2\">10\/2021<\/td><td class=\"column-3\"><\/td><td class=\"column-4\">22\/01\/2021<\/td><td class=\"column-5\">Dispensa<\/td><td class=\"column-6\">Menor Pre\u00e7o Por Item<\/td><td class=\"column-7\">CONTRATA\u00c7\u00c3O EMERGENCIAL DE EMPRESA ESPECIALIZADA EM LOCA\u00c7\u00c3O DE M\u00c3O DE OBRA PARA PRESTA\u00c7\u00c3O DE SERVI\u00c7OS N\u00c3O COMPREENDIDOS COMO PREC\u00cdPUOS DA ADMINISTRA\u00c7\u00c3O, de car\u00e1ter acess\u00f3rio e natureza continuada, nas fun\u00e7\u00f5es e quantitativos elencados no termo de refer\u00eancia \u2013 anexo I, sendo fundamentais para o funcionamento dos principais servi\u00e7os, nas diversas categorias.<\/td><td class=\"column-8\">R$ 1.007.115,21<\/td><td class=\"column-9\">JMT SERVI\u00c7OS E LOCA\u00c7\u00c3O DE M\u00c3O DE OBRA LTDA, QUALYSERV TERCEIRIZA\u00c7\u00c3O DE SERVI\u00c7OS LTAD, SAFE LOCACAO DE MAO DE OBRA E SERVICOS LTDA, ZELO RECURSOS HUMANOS EIRELI<\/td><td class=\"column-10\">JMT SERVI\u00c7OS E LOCA\u00c7\u00c3O DE M\u00c3O DE OBRA LTDA<\/td><td class=\"column-11\">07.442.731\/0001-36<\/td><td class=\"column-12\">R$ 1.007.115,21<\/td><td class=\"column-13\">Encerrada<\/td><td class=\"column-14\">04001707002\/2021\t<\/td><td class=\"column-15\">07\/07\/2021<\/td><td class=\"column-16\">1\/2021\t<\/td><td class=\"column-17\">22\/01\/2021<\/td>\n<\/tr>\n<tr class=\"row-55\">\n\t<td class=\"column-1\">10\/2021<\/td><td class=\"column-2\">10\/2021<\/td><td class=\"column-3\"><\/td><td class=\"column-4\">22\/01\/2021<\/td><td class=\"column-5\">Dispensa<\/td><td class=\"column-6\">Menor Pre\u00e7o Por Item<\/td><td class=\"column-7\">CONTRATA\u00c7\u00c3O EMERGENCIAL DE EMPRESA ESPECIALIZADA EM LOCA\u00c7\u00c3O DE M\u00c3O DE OBRA PARA PRESTA\u00c7\u00c3O DE SERVI\u00c7OS N\u00c3O COMPREENDIDOS COMO PREC\u00cdPUOS DA ADMINISTRA\u00c7\u00c3O, de car\u00e1ter acess\u00f3rio e natureza continuada, nas fun\u00e7\u00f5es e quantitativos elencados no termo de refer\u00eancia \u2013 anexo I, sendo fundamentais para o funcionamento dos principais servi\u00e7os, nas diversas categorias.<\/td><td class=\"column-8\">R$ 1.007.115,21<\/td><td class=\"column-9\">JMT SERVI\u00c7OS E LOCA\u00c7\u00c3O DE M\u00c3O DE OBRA LTDA, QUALYSERV TERCEIRIZA\u00c7\u00c3O DE SERVI\u00c7OS LTAD, SAFE LOCACAO DE MAO DE OBRA E SERVICOS LTDA, ZELO RECURSOS HUMANOS EIRELI<\/td><td class=\"column-10\">JMT SERVI\u00c7OS E LOCA\u00c7\u00c3O DE M\u00c3O DE OBRA LTDA<\/td><td class=\"column-11\">07.442.731\/0001-36<\/td><td class=\"column-12\">R$ 1.007.115,21<\/td><td class=\"column-13\">Encerrada<\/td><td class=\"column-14\">02006122001\/2021\t<\/td><td class=\"column-15\">22\/01\/2021<\/td><td class=\"column-16\">1\/2021\t<\/td><td class=\"column-17\">22\/01\/2021<\/td>\n<\/tr>\n<tr class=\"row-56\">\n\t<td class=\"column-1\">10\/2021<\/td><td class=\"column-2\">10\/2021<\/td><td class=\"column-3\"><\/td><td class=\"column-4\">22\/01\/2021<\/td><td class=\"column-5\">Dispensa<\/td><td class=\"column-6\">Menor Pre\u00e7o Por Item<\/td><td class=\"column-7\">CONTRATA\u00c7\u00c3O EMERGENCIAL DE EMPRESA ESPECIALIZADA EM LOCA\u00c7\u00c3O DE M\u00c3O DE OBRA PARA PRESTA\u00c7\u00c3O DE SERVI\u00c7OS N\u00c3O COMPREENDIDOS COMO PREC\u00cdPUOS DA ADMINISTRA\u00c7\u00c3O, de car\u00e1ter acess\u00f3rio e natureza continuada, nas fun\u00e7\u00f5es e quantitativos elencados no termo de refer\u00eancia \u2013 anexo I, sendo fundamentais para o funcionamento dos principais servi\u00e7os, nas diversas categorias.<\/td><td class=\"column-8\">R$ 1.007.115,21<\/td><td class=\"column-9\">JMT SERVI\u00c7OS E LOCA\u00c7\u00c3O DE M\u00c3O DE OBRA LTDA, QUALYSERV TERCEIRIZA\u00c7\u00c3O DE SERVI\u00c7OS LTAD, SAFE LOCACAO DE MAO DE OBRA E SERVICOS LTDA, ZELO RECURSOS HUMANOS EIRELI<\/td><td class=\"column-10\">JMT SERVI\u00c7OS E LOCA\u00c7\u00c3O DE M\u00c3O DE OBRA LTDA<\/td><td class=\"column-11\">07.442.731\/0001-36<\/td><td class=\"column-12\">R$ 1.007.115,21<\/td><td class=\"column-13\">Encerrada<\/td><td class=\"column-14\">02002419001\/2021\t<\/td><td class=\"column-15\">19\/04\/2021<\/td><td class=\"column-16\">1\/2021\t<\/td><td class=\"column-17\">22\/01\/2021<\/td>\n<\/tr>\n<tr class=\"row-57\">\n\t<td class=\"column-1\">10\/2021<\/td><td class=\"column-2\">10\/2021<\/td><td class=\"column-3\"><\/td><td class=\"column-4\">22\/01\/2021<\/td><td class=\"column-5\">Dispensa<\/td><td class=\"column-6\">Menor Pre\u00e7o Por Item<\/td><td class=\"column-7\">CONTRATA\u00c7\u00c3O EMERGENCIAL DE EMPRESA ESPECIALIZADA EM LOCA\u00c7\u00c3O DE M\u00c3O DE OBRA PARA PRESTA\u00c7\u00c3O DE SERVI\u00c7OS N\u00c3O COMPREENDIDOS COMO PREC\u00cdPUOS DA ADMINISTRA\u00c7\u00c3O, de car\u00e1ter acess\u00f3rio e natureza continuada, nas fun\u00e7\u00f5es e quantitativos elencados no termo de refer\u00eancia \u2013 anexo I, sendo fundamentais para o funcionamento dos principais servi\u00e7os, nas diversas categorias.<\/td><td class=\"column-8\">R$ 1.007.115,21<\/td><td class=\"column-9\">JMT SERVI\u00c7OS E LOCA\u00c7\u00c3O DE M\u00c3O DE OBRA LTDA, QUALYSERV TERCEIRIZA\u00c7\u00c3O DE SERVI\u00c7OS LTAD, SAFE LOCACAO DE MAO DE OBRA E SERVICOS LTDA, ZELO RECURSOS HUMANOS EIRELI<\/td><td class=\"column-10\">JMT SERVI\u00c7OS E LOCA\u00c7\u00c3O DE M\u00c3O DE OBRA LTDA<\/td><td class=\"column-11\">07.442.731\/0001-36<\/td><td class=\"column-12\">R$ 1.007.115,21<\/td><td class=\"column-13\">Encerrada<\/td><td class=\"column-14\">02008419002\/2021\t<\/td><td class=\"column-15\">19\/04\/2021<\/td><td class=\"column-16\">1\/2021\t<\/td><td class=\"column-17\">22\/01\/2021<\/td>\n<\/tr>\n<tr class=\"row-58\">\n\t<td class=\"column-1\">10\/2021<\/td><td class=\"column-2\">10\/2021<\/td><td class=\"column-3\"><\/td><td class=\"column-4\">22\/01\/2021<\/td><td class=\"column-5\">Dispensa<\/td><td class=\"column-6\">Menor Pre\u00e7o Por Item<\/td><td class=\"column-7\">CONTRATA\u00c7\u00c3O EMERGENCIAL DE EMPRESA ESPECIALIZADA EM LOCA\u00c7\u00c3O DE M\u00c3O DE OBRA PARA PRESTA\u00c7\u00c3O DE SERVI\u00c7OS N\u00c3O COMPREENDIDOS COMO PREC\u00cdPUOS DA ADMINISTRA\u00c7\u00c3O, de car\u00e1ter acess\u00f3rio e natureza continuada, nas fun\u00e7\u00f5es e quantitativos elencados no termo de refer\u00eancia \u2013 anexo I, sendo fundamentais para o funcionamento dos principais servi\u00e7os, nas diversas categorias.<\/td><td class=\"column-8\">R$ 1.007.115,21<\/td><td class=\"column-9\">JMT SERVI\u00c7OS E LOCA\u00c7\u00c3O DE M\u00c3O DE OBRA LTDA, QUALYSERV TERCEIRIZA\u00c7\u00c3O DE SERVI\u00c7OS LTAD, SAFE LOCACAO DE MAO DE OBRA E SERVICOS LTDA, ZELO RECURSOS HUMANOS EIRELI<\/td><td class=\"column-10\">JMT SERVI\u00c7OS E LOCA\u00c7\u00c3O DE M\u00c3O DE OBRA LTDA<\/td><td class=\"column-11\">07.442.731\/0001-36<\/td><td class=\"column-12\">R$ 1.007.115,21<\/td><td class=\"column-13\">Encerrada<\/td><td class=\"column-14\">02004419001\/2021\t<\/td><td class=\"column-15\">19\/04\/2021<\/td><td class=\"column-16\">1\/2021\t<\/td><td class=\"column-17\">22\/01\/2021<\/td>\n<\/tr>\n<tr class=\"row-59\">\n\t<td class=\"column-1\">10\/2021<\/td><td class=\"column-2\">10\/2021<\/td><td class=\"column-3\"><\/td><td class=\"column-4\">22\/01\/2021<\/td><td class=\"column-5\">Dispensa<\/td><td class=\"column-6\">Menor Pre\u00e7o Por Item<\/td><td class=\"column-7\">CONTRATA\u00c7\u00c3O EMERGENCIAL DE EMPRESA ESPECIALIZADA EM LOCA\u00c7\u00c3O DE M\u00c3O DE OBRA PARA PRESTA\u00c7\u00c3O DE SERVI\u00c7OS N\u00c3O COMPREENDIDOS COMO PREC\u00cdPUOS DA ADMINISTRA\u00c7\u00c3O, de car\u00e1ter acess\u00f3rio e natureza continuada, nas fun\u00e7\u00f5es e quantitativos elencados no termo de refer\u00eancia \u2013 anexo I, sendo fundamentais para o funcionamento dos principais servi\u00e7os, nas diversas categorias.<\/td><td class=\"column-8\">R$ 1.007.115,21<\/td><td class=\"column-9\">JMT SERVI\u00c7OS E LOCA\u00c7\u00c3O DE M\u00c3O DE OBRA LTDA, QUALYSERV TERCEIRIZA\u00c7\u00c3O DE SERVI\u00c7OS LTAD, SAFE LOCACAO DE MAO DE OBRA E SERVICOS LTDA, ZELO RECURSOS HUMANOS EIRELI<\/td><td class=\"column-10\">JMT SERVI\u00c7OS E LOCA\u00c7\u00c3O DE M\u00c3O DE OBRA LTDA<\/td><td class=\"column-11\">07.442.731\/0001-36<\/td><td class=\"column-12\">R$ 1.007.115,21<\/td><td class=\"column-13\">Encerrada<\/td><td class=\"column-14\">02009419001\/2021\t<\/td><td class=\"column-15\">19\/04\/2021<\/td><td class=\"column-16\">1\/2021\t<\/td><td class=\"column-17\">22\/01\/2021<\/td>\n<\/tr>\n<tr class=\"row-60\">\n\t<td class=\"column-1\">10\/2021<\/td><td class=\"column-2\">10\/2021<\/td><td class=\"column-3\"><\/td><td class=\"column-4\">22\/01\/2021<\/td><td class=\"column-5\">Dispensa<\/td><td class=\"column-6\">Menor Pre\u00e7o Por Item<\/td><td class=\"column-7\">CONTRATA\u00c7\u00c3O EMERGENCIAL DE EMPRESA ESPECIALIZADA EM LOCA\u00c7\u00c3O DE M\u00c3O DE OBRA PARA PRESTA\u00c7\u00c3O DE SERVI\u00c7OS N\u00c3O COMPREENDIDOS COMO PREC\u00cdPUOS DA ADMINISTRA\u00c7\u00c3O, de car\u00e1ter acess\u00f3rio e natureza continuada, nas fun\u00e7\u00f5es e quantitativos elencados no termo de refer\u00eancia \u2013 anexo I, sendo fundamentais para o funcionamento dos principais servi\u00e7os, nas diversas categorias.<\/td><td class=\"column-8\">R$ 1.007.115,21<\/td><td class=\"column-9\">JMT SERVI\u00c7OS E LOCA\u00c7\u00c3O DE M\u00c3O DE OBRA LTDA, QUALYSERV TERCEIRIZA\u00c7\u00c3O DE SERVI\u00c7OS LTAD, SAFE LOCACAO DE MAO DE OBRA E SERVICOS LTDA, ZELO RECURSOS HUMANOS EIRELI<\/td><td class=\"column-10\">JMT SERVI\u00c7OS E LOCA\u00c7\u00c3O DE M\u00c3O DE OBRA LTDA<\/td><td class=\"column-11\">07.442.731\/0001-36<\/td><td class=\"column-12\">R$ 1.007.115,21<\/td><td class=\"column-13\">Encerrada<\/td><td class=\"column-14\">02006419001\/2021\t<\/td><td class=\"column-15\">19\/04\/2021<\/td><td class=\"column-16\">1\/2021\t<\/td><td class=\"column-17\">22\/01\/2021<\/td>\n<\/tr>\n<tr class=\"row-61\">\n\t<td class=\"column-1\">11\/2021<\/td><td class=\"column-2\">11\/2021<\/td><td class=\"column-3\"><\/td><td class=\"column-4\">26\/02\/2021<\/td><td class=\"column-5\">Dispensa<\/td><td class=\"column-6\">Menor Pre\u00e7o Global<\/td><td class=\"column-7\">CONTRATA\u00c7\u00c3O DE EMPRESA ESPECIALIZADA NO FORNECIMENTO FRACIONADO DOS SERVI\u00c7OS FUNER\u00c1RIOS, COM FORNECIMENTO DE MATERIAL, SERVI\u00c7OS DE PREPARA\u00c7\u00c3O DO CORPO E TRANSLADOS, VISANDO ATENDER AS FAM\u00cdLIAS VULNERABILIZADAS, QUE NECESSITAM DE AUXILIO MORTABILIDADE.<\/td><td class=\"column-8\">R$ 15.798,00<\/td><td class=\"column-9\"> M DE A CUNHA ME, GRUPO ALBUQUERQUE- EIRELI, M DE F O PEREIRA<\/td><td class=\"column-10\">M DE F O PEREIRA<\/td><td class=\"column-11\">09.042.907\/0001-98<\/td><td class=\"column-12\">R$ 15.798,00<\/td><td class=\"column-13\">Encerrada<\/td><td class=\"column-14\">04001305001\/2021\t<\/td><td class=\"column-15\">05\/03\/2021<\/td><td class=\"column-16\">25\/2021\t<\/td><td class=\"column-17\">01\/03\/2021<\/td>\n<\/tr>\n<tr class=\"row-62\">\n\t<td class=\"column-1\">11\/2021<\/td><td class=\"column-2\">11\/2021<\/td><td class=\"column-3\"><\/td><td class=\"column-4\">26\/02\/2021<\/td><td class=\"column-5\">Dispensa<\/td><td class=\"column-6\">Menor Pre\u00e7o Global<\/td><td class=\"column-7\">CONTRATA\u00c7\u00c3O DE EMPRESA ESPECIALIZADA NO FORNECIMENTO FRACIONADO DOS SERVI\u00c7OS FUNER\u00c1RIOS, COM FORNECIMENTO DE MATERIAL, SERVI\u00c7OS DE PREPARA\u00c7\u00c3O DO CORPO E TRANSLADOS, VISANDO ATENDER AS FAM\u00cdLIAS VULNERABILIZADAS, QUE NECESSITAM DE AUXILIO MORTABILIDADE.<\/td><td class=\"column-8\">R$ 15.798,00<\/td><td class=\"column-9\"> M DE A CUNHA ME, GRUPO ALBUQUERQUE- EIRELI, M DE F O PEREIRA<\/td><td class=\"column-10\">M DE F O PEREIRA<\/td><td class=\"column-11\">09.042.907\/0001-98<\/td><td class=\"column-12\">R$ 15.798,00<\/td><td class=\"column-13\">Encerrada<\/td><td class=\"column-14\">04001305002\/2021\t<\/td><td class=\"column-15\">05\/03\/2021<\/td><td class=\"column-16\">25\/2021\t<\/td><td class=\"column-17\">01\/03\/2021<\/td>\n<\/tr>\n<tr class=\"row-63\">\n\t<td class=\"column-1\">11\/2021<\/td><td class=\"column-2\">11\/2021<\/td><td class=\"column-3\"><\/td><td class=\"column-4\">26\/02\/2021<\/td><td class=\"column-5\">Dispensa<\/td><td class=\"column-6\">Menor Pre\u00e7o Global<\/td><td class=\"column-7\">CONTRATA\u00c7\u00c3O DE EMPRESA ESPECIALIZADA NO FORNECIMENTO FRACIONADO DOS SERVI\u00c7OS FUNER\u00c1RIOS, COM FORNECIMENTO DE MATERIAL, SERVI\u00c7OS DE PREPARA\u00c7\u00c3O DO CORPO E TRANSLADOS, VISANDO ATENDER AS FAM\u00cdLIAS VULNERABILIZADAS, QUE NECESSITAM DE AUXILIO MORTABILIDADE.<\/td><td class=\"column-8\">R$ 15.798,00<\/td><td class=\"column-9\"> M DE A CUNHA ME, GRUPO ALBUQUERQUE- EIRELI, M DE F O PEREIRA<\/td><td class=\"column-10\">M DE F O PEREIRA<\/td><td class=\"column-11\">09.042.907\/0001-98<\/td><td class=\"column-12\">R$ 15.798,00<\/td><td class=\"column-13\">Encerrada<\/td><td class=\"column-14\">04001305003\/2021\t<\/td><td class=\"column-15\">05\/03\/2021<\/td><td class=\"column-16\">25\/2021\t<\/td><td class=\"column-17\">01\/03\/2021<\/td>\n<\/tr>\n<tr class=\"row-64\">\n\t<td class=\"column-1\">12\/2021<\/td><td class=\"column-2\">12\/2021<\/td><td class=\"column-3\"><\/td><td class=\"column-4\">04\/02\/2021<\/td><td class=\"column-5\">Dispensa<\/td><td class=\"column-6\">Menor Pre\u00e7o Por Item<\/td><td class=\"column-7\">CONTRATA\u00c7\u00c3O DE EMPRESA ESPECIALIZADA NA PRESTA\u00c7\u00c3O DOS SERVI\u00c7OS DE INSTALA\u00c7\u00c3O DE 001 (UMA) C\u00c2MARA FRIA VISANDO A CONSERVA\u00c7\u00c3O DE IMUNOBIOL\u00d3GICOS PERTECENTES A SECRETARIA MUNICIPAL DE SA\u00daDE.<\/td><td class=\"column-8\">R$ 600,00<\/td><td class=\"column-9\">DAYANE RAFAELA DE MELO FRAN\u00c7A DANTAS, SA\u00daDE DOCTOR COM. LTDA, TECHPROL SERVI\u00c7OS, COMERCIO E LOCA\u00c7\u00d5ES EIRELI<\/td><td class=\"column-10\">DAYANE RAFAELA DE MELO FRAN\u00c7A DANTAS<\/td><td class=\"column-11\">35.284.764\/0001-30<\/td><td class=\"column-12\">R$ 600,00<\/td><td class=\"column-13\">Encerrada<\/td><td class=\"column-14\">03001205001\/2021\t<\/td><td class=\"column-15\">23\/02\/2021<\/td><td class=\"column-16\"><\/td><td class=\"column-17\"><\/td>\n<\/tr>\n<tr class=\"row-65\">\n\t<td class=\"column-1\">13\/2021<\/td><td class=\"column-2\">13\/2021<\/td><td class=\"column-3\">27\/04\/2021<\/td><td class=\"column-4\">05\/05\/2021<\/td><td class=\"column-5\">Preg\u00e3o Presencial<\/td><td class=\"column-6\">Menor Pre\u00e7o por Lote<\/td><td class=\"column-7\">Contrata\u00e7\u00e3o de pessoa jur\u00eddica para cess\u00e3o de direito de uso de Sistemas Integrados de Or\u00e7amento, Finan\u00e7as e Contabilidade P\u00fablica, Licita\u00e7\u00e3o, Compras, Contratos e Conv\u00eanios, Di\u00e1rias e Passagens A\u00e9reas, Recursos Humanos e Folha de Pagamento, Escala de Plant\u00e3o, Patrim\u00f4nio, Almoxarifado, Portal da Transpar\u00eancia, Protocolo Geral, Digitaliza\u00e7\u00e3o e Business Intelligence (BI), voltados para atender as necessidades e atividades da Prefeitura Municipal de Lajes\/RN, bem como a presta\u00e7\u00e3o de servi\u00e7os t\u00e9cnicos especializados de manuten\u00e7\u00e3o preventiva, corretiva, evolutiva e adaptativa dos softwares, de acordo com as altera\u00e7\u00f5es legais da legisla\u00e7\u00e3o brasileira, al\u00e9m da migra\u00e7\u00e3o dos dados existentes nos sistemas em produ\u00e7\u00e3o, treinamento das novas solu\u00e7\u00f5es, e suporte t\u00e9cnico as unidades operacionais integradas do Ente.<\/td><td class=\"column-8\">R$ 154.097,00<\/td><td class=\"column-9\">TOP DOWN CONSULTORIA LTDA<\/td><td class=\"column-10\">TOP DOWN CONSULTORIA LTDA<\/td><td class=\"column-11\">40.998.734\/0001-26<\/td><td class=\"column-12\">R$ 151.180,00<\/td><td class=\"column-13\">Encerrada<\/td><td class=\"column-14\">02010507001\/2021\t<\/td><td class=\"column-15\">07\/05\/2021<\/td><td class=\"column-16\"><\/td><td class=\"column-17\"><\/td>\n<\/tr>\n<tr class=\"row-66\">\n\t<td class=\"column-1\">14\/2021<\/td><td class=\"column-2\">14\/2021<\/td><td class=\"column-3\"><\/td><td class=\"column-4\">24\/03\/2021<\/td><td class=\"column-5\">Dispensa<\/td><td class=\"column-6\">Menor Pre\u00e7o Global<\/td><td class=\"column-7\">CONTRATA\u00c7\u00c3O DE EMPRESA PARA EXECU\u00c7\u00c3O DE SERVI\u00c7OS AUTOMOTIVOS COM FORNECIMENTO DE PE\u00c7AS ORIGINAIS DE REPOSI\u00c7\u00c3O PARA VE\u00cdCULOS A DIESEL, GASOLINA E ETANOL PERTENCENTES AS UNIDADES ADMINISTRATIVAS DESTE MUNIC\u00cdPIO DE ACORDO COM O TERMO DE REFER\u00caNCIA \u2013 ANEXO I.<\/td><td class=\"column-8\">R$ 159.450,00<\/td><td class=\"column-9\">EVERLANIA FLAVIA SILVA - ME, J L DIESEL SERVI\u00c7OS EM GERAIS, PEDRO PAULO HERCULANO VALENTIM DA COSTA - ME<\/td><td class=\"column-10\">PEDRO PAULO HERCULANO VALENTIM DA COSTA - ME<\/td><td class=\"column-11\">35.902.448\/0001-85<\/td><td class=\"column-12\">R$ 159.450,00<\/td><td class=\"column-13\">Encerrada<\/td><td class=\"column-14\">04001325001\/2021\t<\/td><td class=\"column-15\">25\/03\/2021<\/td><td class=\"column-16\">34\/2021\t<\/td><td class=\"column-17\">24\/03\/2021<\/td>\n<\/tr>\n<tr class=\"row-67\">\n\t<td class=\"column-1\">14\/2021<\/td><td class=\"column-2\">14\/2021<\/td><td class=\"column-3\"><\/td><td class=\"column-4\">24\/03\/2021<\/td><td class=\"column-5\">Dispensa<\/td><td class=\"column-6\">Menor Pre\u00e7o Global<\/td><td class=\"column-7\">CONTRATA\u00c7\u00c3O DE EMPRESA PARA EXECU\u00c7\u00c3O DE SERVI\u00c7OS AUTOMOTIVOS COM FORNECIMENTO DE PE\u00c7AS ORIGINAIS DE REPOSI\u00c7\u00c3O PARA VE\u00cdCULOS A DIESEL, GASOLINA E ETANOL PERTENCENTES AS UNIDADES ADMINISTRATIVAS DESTE MUNIC\u00cdPIO DE ACORDO COM O TERMO DE REFER\u00caNCIA \u2013 ANEXO I.<\/td><td class=\"column-8\">R$ 159.450,00<\/td><td class=\"column-9\">EVERLANIA FLAVIA SILVA - ME, J L DIESEL SERVI\u00c7OS EM GERAIS, PEDRO PAULO HERCULANO VALENTIM DA COSTA - ME<\/td><td class=\"column-10\">PEDRO PAULO HERCULANO VALENTIM DA COSTA - ME<\/td><td class=\"column-11\">35.902.448\/0001-85<\/td><td class=\"column-12\">R$ 159.450,00<\/td><td class=\"column-13\">Encerrada<\/td><td class=\"column-14\">04001325002\/2021\t<\/td><td class=\"column-15\">25\/03\/2021<\/td><td class=\"column-16\">34\/2021\t<\/td><td class=\"column-17\">24\/03\/2021<\/td>\n<\/tr>\n<tr class=\"row-68\">\n\t<td class=\"column-1\">14\/2021<\/td><td class=\"column-2\">14\/2021<\/td><td class=\"column-3\"><\/td><td class=\"column-4\">24\/03\/2021<\/td><td class=\"column-5\">Dispensa<\/td><td class=\"column-6\">Menor Pre\u00e7o Global<\/td><td class=\"column-7\">CONTRATA\u00c7\u00c3O DE EMPRESA PARA EXECU\u00c7\u00c3O DE SERVI\u00c7OS AUTOMOTIVOS COM FORNECIMENTO DE PE\u00c7AS ORIGINAIS DE REPOSI\u00c7\u00c3O PARA VE\u00cdCULOS A DIESEL, GASOLINA E ETANOL PERTENCENTES AS UNIDADES ADMINISTRATIVAS DESTE MUNIC\u00cdPIO DE ACORDO COM O TERMO DE REFER\u00caNCIA \u2013 ANEXO I.<\/td><td class=\"column-8\">R$ 159.450,00<\/td><td class=\"column-9\">EVERLANIA FLAVIA SILVA - ME, J L DIESEL SERVI\u00c7OS EM GERAIS, PEDRO PAULO HERCULANO VALENTIM DA COSTA - ME<\/td><td class=\"column-10\">PEDRO PAULO HERCULANO VALENTIM DA COSTA - ME<\/td><td class=\"column-11\">35.902.448\/0001-85<\/td><td class=\"column-12\">R$ 159.450,00<\/td><td class=\"column-13\">Encerrada<\/td><td class=\"column-14\">03001325001\/2021\t<\/td><td class=\"column-15\">25\/03\/2021<\/td><td class=\"column-16\">34\/2021\t<\/td><td class=\"column-17\">24\/03\/2021<\/td>\n<\/tr>\n<tr class=\"row-69\">\n\t<td class=\"column-1\">14\/2021<\/td><td class=\"column-2\">14\/2021<\/td><td class=\"column-3\"><\/td><td class=\"column-4\">24\/03\/2021<\/td><td class=\"column-5\">Dispensa<\/td><td class=\"column-6\">Menor Pre\u00e7o Global<\/td><td class=\"column-7\">CONTRATA\u00c7\u00c3O DE EMPRESA PARA EXECU\u00c7\u00c3O DE SERVI\u00c7OS AUTOMOTIVOS COM FORNECIMENTO DE PE\u00c7AS ORIGINAIS DE REPOSI\u00c7\u00c3O PARA VE\u00cdCULOS A DIESEL, GASOLINA E ETANOL PERTENCENTES AS UNIDADES ADMINISTRATIVAS DESTE MUNIC\u00cdPIO DE ACORDO COM O TERMO DE REFER\u00caNCIA \u2013 ANEXO I.<\/td><td class=\"column-8\">R$ 159.450,00<\/td><td class=\"column-9\">EVERLANIA FLAVIA SILVA - ME, J L DIESEL SERVI\u00c7OS EM GERAIS, PEDRO PAULO HERCULANO VALENTIM DA COSTA - ME<\/td><td class=\"column-10\">PEDRO PAULO HERCULANO VALENTIM DA COSTA - ME<\/td><td class=\"column-11\">35.902.448\/0001-85<\/td><td class=\"column-12\">R$ 159.450,00<\/td><td class=\"column-13\">Encerrada<\/td><td class=\"column-14\">02008325001\/2021\t<\/td><td class=\"column-15\">25\/03\/2021<\/td><td class=\"column-16\">34\/2021\t<\/td><td class=\"column-17\">24\/03\/2021<\/td>\n<\/tr>\n<tr class=\"row-70\">\n\t<td class=\"column-1\">14\/2021<\/td><td class=\"column-2\">14\/2021<\/td><td class=\"column-3\"><\/td><td class=\"column-4\">24\/03\/2021<\/td><td class=\"column-5\">Dispensa<\/td><td class=\"column-6\">Menor Pre\u00e7o Global<\/td><td class=\"column-7\">CONTRATA\u00c7\u00c3O DE EMPRESA PARA EXECU\u00c7\u00c3O DE SERVI\u00c7OS AUTOMOTIVOS COM FORNECIMENTO DE PE\u00c7AS ORIGINAIS DE REPOSI\u00c7\u00c3O PARA VE\u00cdCULOS A DIESEL, GASOLINA E ETANOL PERTENCENTES AS UNIDADES ADMINISTRATIVAS DESTE MUNIC\u00cdPIO DE ACORDO COM O TERMO DE REFER\u00caNCIA \u2013 ANEXO I.<\/td><td class=\"column-8\">R$ 159.450,00<\/td><td class=\"column-9\">EVERLANIA FLAVIA SILVA - ME, J L DIESEL SERVI\u00c7OS EM GERAIS, PEDRO PAULO HERCULANO VALENTIM DA COSTA - ME<\/td><td class=\"column-10\">PEDRO PAULO HERCULANO VALENTIM DA COSTA - ME<\/td><td class=\"column-11\">35.902.448\/0001-85<\/td><td class=\"column-12\">R$ 159.450,00<\/td><td class=\"column-13\">Encerrada<\/td><td class=\"column-14\">02008325002\/2021\t<\/td><td class=\"column-15\">25\/03\/2021<\/td><td class=\"column-16\">34\/2021\t<\/td><td class=\"column-17\">24\/03\/2021<\/td>\n<\/tr>\n<tr class=\"row-71\">\n\t<td class=\"column-1\">14\/2021<\/td><td class=\"column-2\">14\/2021<\/td><td class=\"column-3\"><\/td><td class=\"column-4\">24\/03\/2021<\/td><td class=\"column-5\">Dispensa<\/td><td class=\"column-6\">Menor Pre\u00e7o Global<\/td><td class=\"column-7\">CONTRATA\u00c7\u00c3O DE EMPRESA PARA EXECU\u00c7\u00c3O DE SERVI\u00c7OS AUTOMOTIVOS COM FORNECIMENTO DE PE\u00c7AS ORIGINAIS DE REPOSI\u00c7\u00c3O PARA VE\u00cdCULOS A DIESEL, GASOLINA E ETANOL PERTENCENTES AS UNIDADES ADMINISTRATIVAS DESTE MUNIC\u00cdPIO DE ACORDO COM O TERMO DE REFER\u00caNCIA \u2013 ANEXO I.<\/td><td class=\"column-8\">R$ 159.450,00<\/td><td class=\"column-9\">EVERLANIA FLAVIA SILVA - ME, J L DIESEL SERVI\u00c7OS EM GERAIS, PEDRO PAULO HERCULANO VALENTIM DA COSTA - ME<\/td><td class=\"column-10\">PEDRO PAULO HERCULANO VALENTIM DA COSTA - ME<\/td><td class=\"column-11\">35.902.448\/0001-85<\/td><td class=\"column-12\">R$ 159.450,00<\/td><td class=\"column-13\">Encerrada<\/td><td class=\"column-14\">02002325001\/2021\t<\/td><td class=\"column-15\">25\/03\/2021<\/td><td class=\"column-16\">34\/2021\t<\/td><td class=\"column-17\">24\/03\/2021<\/td>\n<\/tr>\n<tr class=\"row-72\">\n\t<td class=\"column-1\">14\/2021<\/td><td class=\"column-2\">14\/2021<\/td><td class=\"column-3\"><\/td><td class=\"column-4\">24\/03\/2021<\/td><td class=\"column-5\">Dispensa<\/td><td class=\"column-6\">Menor Pre\u00e7o Global<\/td><td class=\"column-7\">CONTRATA\u00c7\u00c3O DE EMPRESA PARA EXECU\u00c7\u00c3O DE SERVI\u00c7OS AUTOMOTIVOS COM FORNECIMENTO DE PE\u00c7AS ORIGINAIS DE REPOSI\u00c7\u00c3O PARA VE\u00cdCULOS A DIESEL, GASOLINA E ETANOL PERTENCENTES AS UNIDADES ADMINISTRATIVAS DESTE MUNIC\u00cdPIO DE ACORDO COM O TERMO DE REFER\u00caNCIA \u2013 ANEXO I.<\/td><td class=\"column-8\">R$ 159.450,00<\/td><td class=\"column-9\">EVERLANIA FLAVIA SILVA - ME, J L DIESEL SERVI\u00c7OS EM GERAIS, PEDRO PAULO HERCULANO VALENTIM DA COSTA - ME<\/td><td class=\"column-10\">PEDRO PAULO HERCULANO VALENTIM DA COSTA - ME<\/td><td class=\"column-11\">35.902.448\/0001-85<\/td><td class=\"column-12\">R$ 159.450,00<\/td><td class=\"column-13\">Encerrada<\/td><td class=\"column-14\">02002325002\/2021\t<\/td><td class=\"column-15\">25\/03\/2021<\/td><td class=\"column-16\">34\/2021\t<\/td><td class=\"column-17\">24\/03\/2021<\/td>\n<\/tr>\n<tr class=\"row-73\">\n\t<td class=\"column-1\">14\/2021<\/td><td class=\"column-2\">14\/2021<\/td><td class=\"column-3\"><\/td><td class=\"column-4\">24\/03\/2021<\/td><td class=\"column-5\">Dispensa<\/td><td class=\"column-6\">Menor Pre\u00e7o Global<\/td><td class=\"column-7\">CONTRATA\u00c7\u00c3O DE EMPRESA PARA EXECU\u00c7\u00c3O DE SERVI\u00c7OS AUTOMOTIVOS COM FORNECIMENTO DE PE\u00c7AS ORIGINAIS DE REPOSI\u00c7\u00c3O PARA VE\u00cdCULOS A DIESEL, GASOLINA E ETANOL PERTENCENTES AS UNIDADES ADMINISTRATIVAS DESTE MUNIC\u00cdPIO DE ACORDO COM O TERMO DE REFER\u00caNCIA \u2013 ANEXO I.<\/td><td class=\"column-8\">R$ 159.450,00<\/td><td class=\"column-9\">EVERLANIA FLAVIA SILVA - ME, J L DIESEL SERVI\u00c7OS EM GERAIS, PEDRO PAULO HERCULANO VALENTIM DA COSTA - ME<\/td><td class=\"column-10\">PEDRO PAULO HERCULANO VALENTIM DA COSTA - ME<\/td><td class=\"column-11\">35.902.448\/0001-85<\/td><td class=\"column-12\">R$ 159.450,00<\/td><td class=\"column-13\">Encerrada<\/td><td class=\"column-14\">02009325001\/2021\t<\/td><td class=\"column-15\">25\/03\/2021<\/td><td class=\"column-16\">34\/2021\t<\/td><td class=\"column-17\">24\/03\/2021<\/td>\n<\/tr>\n<tr class=\"row-74\">\n\t<td class=\"column-1\">14\/2021<\/td><td class=\"column-2\">14\/2021<\/td><td class=\"column-3\"><\/td><td class=\"column-4\">24\/03\/2021<\/td><td class=\"column-5\">Dispensa<\/td><td class=\"column-6\">Menor Pre\u00e7o Global<\/td><td class=\"column-7\">CONTRATA\u00c7\u00c3O DE EMPRESA PARA EXECU\u00c7\u00c3O DE SERVI\u00c7OS AUTOMOTIVOS COM FORNECIMENTO DE PE\u00c7AS ORIGINAIS DE REPOSI\u00c7\u00c3O PARA VE\u00cdCULOS A DIESEL, GASOLINA E ETANOL PERTENCENTES AS UNIDADES ADMINISTRATIVAS DESTE MUNIC\u00cdPIO DE ACORDO COM O TERMO DE REFER\u00caNCIA \u2013 ANEXO I.<\/td><td class=\"column-8\">R$ 159.450,00<\/td><td class=\"column-9\">EVERLANIA FLAVIA SILVA - ME, J L DIESEL SERVI\u00c7OS EM GERAIS, PEDRO PAULO HERCULANO VALENTIM DA COSTA - ME<\/td><td class=\"column-10\">PEDRO PAULO HERCULANO VALENTIM DA COSTA - ME<\/td><td class=\"column-11\">35.902.448\/0001-85<\/td><td class=\"column-12\">R$ 159.450,00<\/td><td class=\"column-13\">Encerrada<\/td><td class=\"column-14\">03001325002\/2021\t<\/td><td class=\"column-15\">25\/03\/2021<\/td><td class=\"column-16\">34\/2021\t<\/td><td class=\"column-17\">24\/03\/2021<\/td>\n<\/tr>\n<tr class=\"row-75\">\n\t<td class=\"column-1\">14\/2021<\/td><td class=\"column-2\">14\/2021<\/td><td class=\"column-3\"><\/td><td class=\"column-4\">24\/03\/2021<\/td><td class=\"column-5\">Dispensa<\/td><td class=\"column-6\">Menor Pre\u00e7o Global<\/td><td class=\"column-7\">CONTRATA\u00c7\u00c3O DE EMPRESA PARA EXECU\u00c7\u00c3O DE SERVI\u00c7OS AUTOMOTIVOS COM FORNECIMENTO DE PE\u00c7AS ORIGINAIS DE REPOSI\u00c7\u00c3O PARA VE\u00cdCULOS A DIESEL, GASOLINA E ETANOL PERTENCENTES AS UNIDADES ADMINISTRATIVAS DESTE MUNIC\u00cdPIO DE ACORDO COM O TERMO DE REFER\u00caNCIA \u2013 ANEXO I.<\/td><td class=\"column-8\">R$ 159.450,00<\/td><td class=\"column-9\">EVERLANIA FLAVIA SILVA - ME, J L DIESEL SERVI\u00c7OS EM GERAIS, PEDRO PAULO HERCULANO VALENTIM DA COSTA - ME<\/td><td class=\"column-10\">PEDRO PAULO HERCULANO VALENTIM DA COSTA - ME<\/td><td class=\"column-11\">35.902.448\/0001-85<\/td><td class=\"column-12\">R$ 159.450,00<\/td><td class=\"column-13\">Encerrada<\/td><td class=\"column-14\">02009325002\/2021\t<\/td><td class=\"column-15\">25\/03\/2021<\/td><td class=\"column-16\">34\/2021\t<\/td><td class=\"column-17\">24\/03\/2021<\/td>\n<\/tr>\n<tr class=\"row-76\">\n\t<td class=\"column-1\">14\/2021<\/td><td class=\"column-2\">14\/2021<\/td><td class=\"column-3\"><\/td><td class=\"column-4\">24\/03\/2021<\/td><td class=\"column-5\">Dispensa<\/td><td class=\"column-6\">Menor Pre\u00e7o Global<\/td><td class=\"column-7\">CONTRATA\u00c7\u00c3O DE EMPRESA PARA EXECU\u00c7\u00c3O DE SERVI\u00c7OS AUTOMOTIVOS COM FORNECIMENTO DE PE\u00c7AS ORIGINAIS DE REPOSI\u00c7\u00c3O PARA VE\u00cdCULOS A DIESEL, GASOLINA E ETANOL PERTENCENTES AS UNIDADES ADMINISTRATIVAS DESTE MUNIC\u00cdPIO DE ACORDO COM O TERMO DE REFER\u00caNCIA \u2013 ANEXO I.<\/td><td class=\"column-8\">R$ 159.450,00<\/td><td class=\"column-9\">EVERLANIA FLAVIA SILVA - ME, J L DIESEL SERVI\u00c7OS EM GERAIS, PEDRO PAULO HERCULANO VALENTIM DA COSTA - ME<\/td><td class=\"column-10\">PEDRO PAULO HERCULANO VALENTIM DA COSTA - ME<\/td><td class=\"column-11\">35.902.448\/0001-85<\/td><td class=\"column-12\">R$ 159.450,00<\/td><td class=\"column-13\">Encerrada<\/td><td class=\"column-14\">03001602001\/2021\t<\/td><td class=\"column-15\">02\/06\/2021<\/td><td class=\"column-16\">34\/2021\t<\/td><td class=\"column-17\">24\/03\/2021<\/td>\n<\/tr>\n<tr class=\"row-77\">\n\t<td class=\"column-1\">14\/2021<\/td><td class=\"column-2\">14\/2021<\/td><td class=\"column-3\"><\/td><td class=\"column-4\">24\/03\/2021<\/td><td class=\"column-5\">Dispensa<\/td><td class=\"column-6\">Menor Pre\u00e7o Global<\/td><td class=\"column-7\">CONTRATA\u00c7\u00c3O DE EMPRESA PARA EXECU\u00c7\u00c3O DE SERVI\u00c7OS AUTOMOTIVOS COM FORNECIMENTO DE PE\u00c7AS ORIGINAIS DE REPOSI\u00c7\u00c3O PARA VE\u00cdCULOS A DIESEL, GASOLINA E ETANOL PERTENCENTES AS UNIDADES ADMINISTRATIVAS DESTE MUNIC\u00cdPIO DE ACORDO COM O TERMO DE REFER\u00caNCIA \u2013 ANEXO I.<\/td><td class=\"column-8\">R$ 159.450,00<\/td><td class=\"column-9\">EVERLANIA FLAVIA SILVA - ME, J L DIESEL SERVI\u00c7OS EM GERAIS, PEDRO PAULO HERCULANO VALENTIM DA COSTA - ME<\/td><td class=\"column-10\">PEDRO PAULO HERCULANO VALENTIM DA COSTA - ME<\/td><td class=\"column-11\">35.902.448\/0001-85<\/td><td class=\"column-12\">R$ 159.450,00<\/td><td class=\"column-13\">Encerrada<\/td><td class=\"column-14\">03001602002\/2021\t<\/td><td class=\"column-15\">02\/06\/2021<\/td><td class=\"column-16\">34\/2021\t<\/td><td class=\"column-17\">24\/03\/2021<\/td>\n<\/tr>\n<tr class=\"row-78\">\n\t<td class=\"column-1\">15\/2021<\/td><td class=\"column-2\">15\/2021<\/td><td class=\"column-3\"><\/td><td class=\"column-4\">08\/02\/2021<\/td><td class=\"column-5\">Dispensa<\/td><td class=\"column-6\">Menor Pre\u00e7o Por Item<\/td><td class=\"column-7\">CONTRATA\u00c7\u00c3O DE EMPRESA ESPECIALIZA EM ASSESSORIA EM ENGENHARIA CIVIL PARA A REALIZA\u00c7\u00c3O DO ACOMPANHAMENTOS DAS OBRAS P\u00daBLICAS MUNICIPAIS ASSIM COMO ALIMENTA\u00c7\u00c3O DOS SISTEMAS DE GEST\u00c3O DE RECURSOS PROVENIENTES DE CONV\u00caNIOS COM A ESFERA ESTADUAL E\/OU FEDERAL, PLATAFORMA +BRASIL, SIMEC, SISMOB E SIGA.<\/td><td class=\"column-8\">R$ 31.500,00<\/td><td class=\"column-9\">H J DANTAS FILHO EIRELI, PESSOA ENGENHARIA PROJETOS E CONSTRU\u00c7\u00d5ES EIRELI-ME, REIS E LOPES ENGENHARIA E ASSESSORIA LTDA<\/td><td class=\"column-10\">REIS E LOPES ENGENHARIA E ASSESSORIA LTDA<\/td><td class=\"column-11\">31.600.608\/0001-80<\/td><td class=\"column-12\">R$ 31.500,00<\/td><td class=\"column-13\">Encerrada<\/td><td class=\"column-14\">02004208001\/2021\t<\/td><td class=\"column-15\">08\/02\/2021<\/td><td class=\"column-16\">10\/2021\t<\/td><td class=\"column-17\">08\/02\/2021<\/td>\n<\/tr>\n<tr class=\"row-79\">\n\t<td class=\"column-1\">16\/2021<\/td><td class=\"column-2\">16\/2021<\/td><td class=\"column-3\"><\/td><td class=\"column-4\">23\/02\/2021<\/td><td class=\"column-5\">Dispensa<\/td><td class=\"column-6\">Menor Pre\u00e7o Por Item<\/td><td class=\"column-7\">CONTRATA\u00c7\u00c3O DE EMPRESA PARA PRESTA\u00c7\u00c3O DOS SERVI\u00c7OS DE ASSESSORIA E CONSULTORIA T\u00c9CNICA ESPECIALIZADA NA GEST\u00c3O DOS SERVI\u00c7OS DE SA\u00daDE MUNICIPAL, VISANDO A MELHORIAS NAS EXECU\u00c7\u00d5ES DAS ROTINAS ADMINISTRATIVAS E FINANCEIRAS<\/td><td class=\"column-8\">R$ 15.000,00<\/td><td class=\"column-9\">BRAVUS EMPRESARIAL LTDA - ME, EDUARDO RODRIGUES DOS SANTOS ANJOS, M M ASSESSORIA E CONSULTORIA CONT\u00c1BIL EIRELI - ME, ROSELMA REGINA DA SILVA<\/td><td class=\"column-10\">BRAVUS EMPRESARIAL LTDA - ME<\/td><td class=\"column-11\">40.558.508\/0001-24<\/td><td class=\"column-12\">R$ 15.000,00<\/td><td class=\"column-13\">Encerrada<\/td><td class=\"column-14\">03001223004\/2021\t<\/td><td class=\"column-15\">23\/02\/2021<\/td><td class=\"column-16\">18\/2021\t<\/td><td class=\"column-17\">23\/02\/2021<\/td>\n<\/tr>\n<tr class=\"row-80\">\n\t<td class=\"column-1\">18\/2021<\/td><td class=\"column-2\">18\/2021<\/td><td class=\"column-3\"><\/td><td class=\"column-4\"><\/td><td class=\"column-5\">Dispensa<\/td><td class=\"column-6\">Menor Pre\u00e7o Por Item<\/td><td class=\"column-7\">Contrata\u00e7\u00e3o de empresa especializada em Consultoria e Assessoria Cont\u00e1bil para execu\u00e7\u00e3o dos seguintes servi\u00e7os: Elabora\u00e7\u00e3o do PPA (Plano Plurianual), LDO (Lei de Diretrizes Or\u00e7ament\u00e1rias), LOA (Lei Or\u00e7ament\u00e1ria Anual); Servi\u00e7os de Contabilidade p\u00fablica, financeira e or\u00e7ament\u00e1ria, integrada com a folha de pagamento dos servidores e gera\u00e7\u00e3o de relat\u00f3rios gerais; Atender o cumprimento das normas e legisla\u00e7\u00e3o que regem a contabilidade p\u00fablica, al\u00e9m de elabora\u00e7\u00e3o de pe\u00e7as cont\u00e1beis exigidas pelos \u00f3rg\u00e3os de controles: Tribunal de Contas do Estado \u2013 TCE\/RN, Secretaria do Tesouro Nacional \u2013 STN, Fundo Nacional de Sa\u00fade \u2013 FNS, Fundo Nacional de Assist\u00eancia Social \u2013 FNAS e o Fundo Nacional de Educa\u00e7\u00e3o \u2013 FNDE, bem como as novas Normas Brasileiras de Contabilidade Aplicadas ao Setor P\u00fablico \u2013 NBCASP, e poss\u00edveis altera\u00e7\u00f5es que ocorrerem posteriores a contrata\u00e7\u00e3o.<\/td><td class=\"column-8\">R$ 74.910,00<\/td><td class=\"column-9\">CNC - CARLA DE NEGREIROS CABRAL - ASSESSORIA CONT\u00c1BIL, EXTREME ASSESSORIA CONTABIL EIRELI, FRANCISCO ROBERTO FERREIRA DANTAS - ME<\/td><td class=\"column-10\">FRANCISCO ROBERTO FERREIRA DANTAS - ME<\/td><td class=\"column-11\">07.355.573\/0001-87<\/td><td class=\"column-12\">R$ 74.910,00<\/td><td class=\"column-13\">Encerrada<\/td><td class=\"column-14\">04001203001\/2021\t<\/td><td class=\"column-15\">03\/02\/2021<\/td><td class=\"column-16\">5\/2021\t<\/td><td class=\"column-17\">01\/02\/2021<\/td>\n<\/tr>\n<tr class=\"row-81\">\n\t<td class=\"column-1\">18\/2021<\/td><td class=\"column-2\">18\/2021<\/td><td class=\"column-3\"><\/td><td class=\"column-4\"><\/td><td class=\"column-5\">Dispensa<\/td><td class=\"column-6\">Menor Pre\u00e7o Por Item<\/td><td class=\"column-7\">Contrata\u00e7\u00e3o de empresa especializada em Consultoria e Assessoria Cont\u00e1bil para execu\u00e7\u00e3o dos seguintes servi\u00e7os: Elabora\u00e7\u00e3o do PPA (Plano Plurianual), LDO (Lei de Diretrizes Or\u00e7ament\u00e1rias), LOA (Lei Or\u00e7ament\u00e1ria Anual); Servi\u00e7os de Contabilidade p\u00fablica, financeira e or\u00e7ament\u00e1ria, integrada com a folha de pagamento dos servidores e gera\u00e7\u00e3o de relat\u00f3rios gerais; Atender o cumprimento das normas e legisla\u00e7\u00e3o que regem a contabilidade p\u00fablica, al\u00e9m de elabora\u00e7\u00e3o de pe\u00e7as cont\u00e1beis exigidas pelos \u00f3rg\u00e3os de controles: Tribunal de Contas do Estado \u2013 TCE\/RN, Secretaria do Tesouro Nacional \u2013 STN, Fundo Nacional de Sa\u00fade \u2013 FNS, Fundo Nacional de Assist\u00eancia Social \u2013 FNAS e o Fundo Nacional de Educa\u00e7\u00e3o \u2013 FNDE, bem como as novas Normas Brasileiras de Contabilidade Aplicadas ao Setor P\u00fablico \u2013 NBCASP, e poss\u00edveis altera\u00e7\u00f5es que ocorrerem posteriores a contrata\u00e7\u00e3o.<\/td><td class=\"column-8\">R$ 74.910,00<\/td><td class=\"column-9\">CNC - CARLA DE NEGREIROS CABRAL - ASSESSORIA CONT\u00c1BIL, EXTREME ASSESSORIA CONTABIL EIRELI, FRANCISCO ROBERTO FERREIRA DANTAS - ME<\/td><td class=\"column-10\">FRANCISCO ROBERTO FERREIRA DANTAS - ME<\/td><td class=\"column-11\">07.355.573\/0001-87<\/td><td class=\"column-12\">R$ 74.910,00<\/td><td class=\"column-13\">Encerrada<\/td><td class=\"column-14\">02001203001\/2021\t<\/td><td class=\"column-15\">03\/02\/2021<\/td><td class=\"column-16\">5\/2021\t<\/td><td class=\"column-17\">01\/02\/2021<\/td>\n<\/tr>\n<tr class=\"row-82\">\n\t<td class=\"column-1\">18\/2021<\/td><td class=\"column-2\">18\/2021<\/td><td class=\"column-3\"><\/td><td class=\"column-4\"><\/td><td class=\"column-5\">Dispensa<\/td><td class=\"column-6\">Menor Pre\u00e7o Por Item<\/td><td class=\"column-7\">Contrata\u00e7\u00e3o de empresa especializada em Consultoria e Assessoria Cont\u00e1bil para execu\u00e7\u00e3o dos seguintes servi\u00e7os: Elabora\u00e7\u00e3o do PPA (Plano Plurianual), LDO (Lei de Diretrizes Or\u00e7ament\u00e1rias), LOA (Lei Or\u00e7ament\u00e1ria Anual); Servi\u00e7os de Contabilidade p\u00fablica, financeira e or\u00e7ament\u00e1ria, integrada com a folha de pagamento dos servidores e gera\u00e7\u00e3o de relat\u00f3rios gerais; Atender o cumprimento das normas e legisla\u00e7\u00e3o que regem a contabilidade p\u00fablica, al\u00e9m de elabora\u00e7\u00e3o de pe\u00e7as cont\u00e1beis exigidas pelos \u00f3rg\u00e3os de controles: Tribunal de Contas do Estado \u2013 TCE\/RN, Secretaria do Tesouro Nacional \u2013 STN, Fundo Nacional de Sa\u00fade \u2013 FNS, Fundo Nacional de Assist\u00eancia Social \u2013 FNAS e o Fundo Nacional de Educa\u00e7\u00e3o \u2013 FNDE, bem como as novas Normas Brasileiras de Contabilidade Aplicadas ao Setor P\u00fablico \u2013 NBCASP, e poss\u00edveis altera\u00e7\u00f5es que ocorrerem posteriores a contrata\u00e7\u00e3o.<\/td><td class=\"column-8\">R$ 74.910,00<\/td><td class=\"column-9\">CNC - CARLA DE NEGREIROS CABRAL - ASSESSORIA CONT\u00c1BIL, EXTREME ASSESSORIA CONTABIL EIRELI, FRANCISCO ROBERTO FERREIRA DANTAS - ME<\/td><td class=\"column-10\">FRANCISCO ROBERTO FERREIRA DANTAS - ME<\/td><td class=\"column-11\">07.355.573\/0001-87<\/td><td class=\"column-12\">R$ 74.910,00<\/td><td class=\"column-13\">Encerrada<\/td><td class=\"column-14\">03001203001\/2021\t<\/td><td class=\"column-15\">03\/02\/2021<\/td><td class=\"column-16\">5\/2021\t<\/td><td class=\"column-17\">01\/02\/2021<\/td>\n<\/tr>\n<tr class=\"row-83\">\n\t<td class=\"column-1\">18\/2021<\/td><td class=\"column-2\">18\/2021<\/td><td class=\"column-3\"><\/td><td class=\"column-4\"><\/td><td class=\"column-5\">Dispensa<\/td><td class=\"column-6\">Menor Pre\u00e7o Por Item<\/td><td class=\"column-7\">Contrata\u00e7\u00e3o de empresa especializada em Consultoria e Assessoria Cont\u00e1bil para execu\u00e7\u00e3o dos seguintes servi\u00e7os: Elabora\u00e7\u00e3o do PPA (Plano Plurianual), LDO (Lei de Diretrizes Or\u00e7ament\u00e1rias), LOA (Lei Or\u00e7ament\u00e1ria Anual); Servi\u00e7os de Contabilidade p\u00fablica, financeira e or\u00e7ament\u00e1ria, integrada com a folha de pagamento dos servidores e gera\u00e7\u00e3o de relat\u00f3rios gerais; Atender o cumprimento das normas e legisla\u00e7\u00e3o que regem a contabilidade p\u00fablica, al\u00e9m de elabora\u00e7\u00e3o de pe\u00e7as cont\u00e1beis exigidas pelos \u00f3rg\u00e3os de controles: Tribunal de Contas do Estado \u2013 TCE\/RN, Secretaria do Tesouro Nacional \u2013 STN, Fundo Nacional de Sa\u00fade \u2013 FNS, Fundo Nacional de Assist\u00eancia Social \u2013 FNAS e o Fundo Nacional de Educa\u00e7\u00e3o \u2013 FNDE, bem como as novas Normas Brasileiras de Contabilidade Aplicadas ao Setor P\u00fablico \u2013 NBCASP, e poss\u00edveis altera\u00e7\u00f5es que ocorrerem posteriores a contrata\u00e7\u00e3o.<\/td><td class=\"column-8\">R$ 74.910,00<\/td><td class=\"column-9\">CNC - CARLA DE NEGREIROS CABRAL - ASSESSORIA CONT\u00c1BIL, EXTREME ASSESSORIA CONTABIL EIRELI, FRANCISCO ROBERTO FERREIRA DANTAS - ME<\/td><td class=\"column-10\">FRANCISCO ROBERTO FERREIRA DANTAS - ME<\/td><td class=\"column-11\">07.355.573\/0001-87<\/td><td class=\"column-12\">R$ 74.910,00<\/td><td class=\"column-13\">Encerrada<\/td><td class=\"column-14\">02001504001\/2021\t<\/td><td class=\"column-15\">28\/04\/2021<\/td><td class=\"column-16\">5\/2021\t<\/td><td class=\"column-17\">01\/02\/2021<\/td>\n<\/tr>\n<tr class=\"row-84\">\n\t<td class=\"column-1\">18\/2021<\/td><td class=\"column-2\">18\/2021<\/td><td class=\"column-3\"><\/td><td class=\"column-4\"><\/td><td class=\"column-5\">Dispensa<\/td><td class=\"column-6\">Menor Pre\u00e7o Por Item<\/td><td class=\"column-7\">Contrata\u00e7\u00e3o de empresa especializada em Consultoria e Assessoria Cont\u00e1bil para execu\u00e7\u00e3o dos seguintes servi\u00e7os: Elabora\u00e7\u00e3o do PPA (Plano Plurianual), LDO (Lei de Diretrizes Or\u00e7ament\u00e1rias), LOA (Lei Or\u00e7ament\u00e1ria Anual); Servi\u00e7os de Contabilidade p\u00fablica, financeira e or\u00e7ament\u00e1ria, integrada com a folha de pagamento dos servidores e gera\u00e7\u00e3o de relat\u00f3rios gerais; Atender o cumprimento das normas e legisla\u00e7\u00e3o que regem a contabilidade p\u00fablica, al\u00e9m de elabora\u00e7\u00e3o de pe\u00e7as cont\u00e1beis exigidas pelos \u00f3rg\u00e3os de controles: Tribunal de Contas do Estado \u2013 TCE\/RN, Secretaria do Tesouro Nacional \u2013 STN, Fundo Nacional de Sa\u00fade \u2013 FNS, Fundo Nacional de Assist\u00eancia Social \u2013 FNAS e o Fundo Nacional de Educa\u00e7\u00e3o \u2013 FNDE, bem como as novas Normas Brasileiras de Contabilidade Aplicadas ao Setor P\u00fablico \u2013 NBCASP, e poss\u00edveis altera\u00e7\u00f5es que ocorrerem posteriores a contrata\u00e7\u00e3o.<\/td><td class=\"column-8\">R$ 74.910,00<\/td><td class=\"column-9\">CNC - CARLA DE NEGREIROS CABRAL - ASSESSORIA CONT\u00c1BIL, EXTREME ASSESSORIA CONTABIL EIRELI, FRANCISCO ROBERTO FERREIRA DANTAS - ME<\/td><td class=\"column-10\">FRANCISCO ROBERTO FERREIRA DANTAS - ME<\/td><td class=\"column-11\">07.355.573\/0001-87<\/td><td class=\"column-12\">R$ 74.910,00<\/td><td class=\"column-13\">Encerrada<\/td><td class=\"column-14\">04001504001\/2021\t<\/td><td class=\"column-15\">28\/04\/2021<\/td><td class=\"column-16\">5\/2021\t<\/td><td class=\"column-17\">01\/02\/2021<\/td>\n<\/tr>\n<tr class=\"row-85\">\n\t<td class=\"column-1\">18\/2021<\/td><td class=\"column-2\">18\/2021<\/td><td class=\"column-3\"><\/td><td class=\"column-4\"><\/td><td class=\"column-5\">Dispensa<\/td><td class=\"column-6\">Menor Pre\u00e7o Por Item<\/td><td class=\"column-7\">Contrata\u00e7\u00e3o de empresa especializada em Consultoria e Assessoria Cont\u00e1bil para execu\u00e7\u00e3o dos seguintes servi\u00e7os: Elabora\u00e7\u00e3o do PPA (Plano Plurianual), LDO (Lei de Diretrizes Or\u00e7ament\u00e1rias), LOA (Lei Or\u00e7ament\u00e1ria Anual); Servi\u00e7os de Contabilidade p\u00fablica, financeira e or\u00e7ament\u00e1ria, integrada com a folha de pagamento dos servidores e gera\u00e7\u00e3o de relat\u00f3rios gerais; Atender o cumprimento das normas e legisla\u00e7\u00e3o que regem a contabilidade p\u00fablica, al\u00e9m de elabora\u00e7\u00e3o de pe\u00e7as cont\u00e1beis exigidas pelos \u00f3rg\u00e3os de controles: Tribunal de Contas do Estado \u2013 TCE\/RN, Secretaria do Tesouro Nacional \u2013 STN, Fundo Nacional de Sa\u00fade \u2013 FNS, Fundo Nacional de Assist\u00eancia Social \u2013 FNAS e o Fundo Nacional de Educa\u00e7\u00e3o \u2013 FNDE, bem como as novas Normas Brasileiras de Contabilidade Aplicadas ao Setor P\u00fablico \u2013 NBCASP, e poss\u00edveis altera\u00e7\u00f5es que ocorrerem posteriores a contrata\u00e7\u00e3o.<\/td><td class=\"column-8\">R$ 74.910,00<\/td><td class=\"column-9\">CNC - CARLA DE NEGREIROS CABRAL - ASSESSORIA CONT\u00c1BIL, EXTREME ASSESSORIA CONTABIL EIRELI, FRANCISCO ROBERTO FERREIRA DANTAS - ME<\/td><td class=\"column-10\">FRANCISCO ROBERTO FERREIRA DANTAS - ME<\/td><td class=\"column-11\">07.355.573\/0001-87<\/td><td class=\"column-12\">R$ 74.910,00<\/td><td class=\"column-13\">Encerrada<\/td><td class=\"column-14\">02010504001\/2021\t<\/td><td class=\"column-15\">04\/05\/2021<\/td><td class=\"column-16\">5\/2021\t<\/td><td class=\"column-17\">01\/02\/2021<\/td>\n<\/tr>\n<tr class=\"row-86\">\n\t<td class=\"column-1\">18\/2021<\/td><td class=\"column-2\">18\/2021<\/td><td class=\"column-3\"><\/td><td class=\"column-4\"><\/td><td class=\"column-5\">Dispensa<\/td><td class=\"column-6\">Menor Pre\u00e7o Por Item<\/td><td class=\"column-7\">Contrata\u00e7\u00e3o de empresa especializada em Consultoria e Assessoria Cont\u00e1bil para execu\u00e7\u00e3o dos seguintes servi\u00e7os: Elabora\u00e7\u00e3o do PPA (Plano Plurianual), LDO (Lei de Diretrizes Or\u00e7ament\u00e1rias), LOA (Lei Or\u00e7ament\u00e1ria Anual); Servi\u00e7os de Contabilidade p\u00fablica, financeira e or\u00e7ament\u00e1ria, integrada com a folha de pagamento dos servidores e gera\u00e7\u00e3o de relat\u00f3rios gerais; Atender o cumprimento das normas e legisla\u00e7\u00e3o que regem a contabilidade p\u00fablica, al\u00e9m de elabora\u00e7\u00e3o de pe\u00e7as cont\u00e1beis exigidas pelos \u00f3rg\u00e3os de controles: Tribunal de Contas do Estado \u2013 TCE\/RN, Secretaria do Tesouro Nacional \u2013 STN, Fundo Nacional de Sa\u00fade \u2013 FNS, Fundo Nacional de Assist\u00eancia Social \u2013 FNAS e o Fundo Nacional de Educa\u00e7\u00e3o \u2013 FNDE, bem como as novas Normas Brasileiras de Contabilidade Aplicadas ao Setor P\u00fablico \u2013 NBCASP, e poss\u00edveis altera\u00e7\u00f5es que ocorrerem posteriores a contrata\u00e7\u00e3o.<\/td><td class=\"column-8\">R$ 74.910,00<\/td><td class=\"column-9\">CNC - CARLA DE NEGREIROS CABRAL - ASSESSORIA CONT\u00c1BIL, EXTREME ASSESSORIA CONTABIL EIRELI, FRANCISCO ROBERTO FERREIRA DANTAS - ME<\/td><td class=\"column-10\">FRANCISCO ROBERTO FERREIRA DANTAS - ME<\/td><td class=\"column-11\">07.355.573\/0001-87<\/td><td class=\"column-12\">R$ 74.910,00<\/td><td class=\"column-13\">Encerrada<\/td><td class=\"column-14\">03001404001\/2021\t<\/td><td class=\"column-15\">28\/04\/2021<\/td><td class=\"column-16\">5\/2021\t<\/td><td class=\"column-17\">01\/02\/2021<\/td>\n<\/tr>\n<tr class=\"row-87\">\n\t<td class=\"column-1\">19\/2021<\/td><td class=\"column-2\">19\/2021<\/td><td class=\"column-3\"><\/td><td class=\"column-4\">02\/02\/2021<\/td><td class=\"column-5\">Dispensa<\/td><td class=\"column-6\">Menor Pre\u00e7o Por Item<\/td><td class=\"column-7\">CONTRATA\u00c7\u00c3O DE EMPRESA EMERGENCIAL PARA AQUISI\u00c7\u00c3O DE MATERIAL M\u00c9DICO HOSPITALAR E MEDICAMENTOS DE ORIGENS B\u00c1SICOS, INJET\u00c1VEIS, DE USO HOSPITALAR E DA ATEN\u00c7\u00c3O B\u00c1SICA PARA SUPRIR AS NECESSIDADES DA POPULA\u00c7\u00c3O DESTE MUNIC\u00cdPIO POR USU\u00c1RIOS DO SISTEMA \u00daNICO DE SA\u00daDE (SUS), ATENDIDOS PELA FARM\u00c1CIA MUNICIPAL E UNIDADES B\u00c1SICAS DE SA\u00daDE.<\/td><td class=\"column-8\">R$ 761.434,40<\/td><td class=\"column-9\">BANDEIRANTES LABORATORIOS PROD. FARM. E HOSP. LTDA, NATAL HOSPITALAR E MEDICAMENTOS LTDA, ODONTOMED MED. E MAT. M\u00c9DICO HOSPITALAR LTDA<\/td><td class=\"column-10\">BANDEIRANTES LABORATORIOS PROD. FARM. E HOSP. LTDA<\/td><td class=\"column-11\">70.027.479\/0001-35<\/td><td class=\"column-12\">R$ 761.434,40<\/td><td class=\"column-13\">Encerrada<\/td><td class=\"column-14\">03001202001\/2021\t<\/td><td class=\"column-15\">02\/02\/2021<\/td><td class=\"column-16\">7\/2021\t<\/td><td class=\"column-17\">02\/02\/2021<\/td>\n<\/tr>\n<tr class=\"row-88\">\n\t<td class=\"column-1\">19\/2021<\/td><td class=\"column-2\">19\/2021<\/td><td class=\"column-3\"><\/td><td class=\"column-4\">02\/02\/2021<\/td><td class=\"column-5\">Dispensa<\/td><td class=\"column-6\">Menor Pre\u00e7o Por Item<\/td><td class=\"column-7\">CONTRATA\u00c7\u00c3O DE EMPRESA EMERGENCIAL PARA AQUISI\u00c7\u00c3O DE MATERIAL M\u00c9DICO HOSPITALAR E MEDICAMENTOS DE ORIGENS B\u00c1SICOS, INJET\u00c1VEIS, DE USO HOSPITALAR E DA ATEN\u00c7\u00c3O B\u00c1SICA PARA SUPRIR AS NECESSIDADES DA POPULA\u00c7\u00c3O DESTE MUNIC\u00cdPIO POR USU\u00c1RIOS DO SISTEMA \u00daNICO DE SA\u00daDE (SUS), ATENDIDOS PELA FARM\u00c1CIA MUNICIPAL E UNIDADES B\u00c1SICAS DE SA\u00daDE.<\/td><td class=\"column-8\">R$ 761.434,40<\/td><td class=\"column-9\">BANDEIRANTES LABORATORIOS PROD. FARM. E HOSP. LTDA, NATAL HOSPITALAR E MEDICAMENTOS LTDA, ODONTOMED MED. E MAT. M\u00c9DICO HOSPITALAR LTDA<\/td><td class=\"column-10\">BANDEIRANTES LABORATORIOS PROD. FARM. E HOSP. LTDA<\/td><td class=\"column-11\">70.027.479\/0001-35<\/td><td class=\"column-12\">R$ 761.434,40<\/td><td class=\"column-13\">Encerrada<\/td><td class=\"column-14\">03001202002\/2021\t<\/td><td class=\"column-15\">02\/02\/2021<\/td><td class=\"column-16\">7\/2021\t<\/td><td class=\"column-17\">02\/02\/2021<\/td>\n<\/tr>\n<tr class=\"row-89\">\n\t<td class=\"column-1\">19\/2021<\/td><td class=\"column-2\">19\/2021<\/td><td class=\"column-3\"><\/td><td class=\"column-4\">02\/02\/2021<\/td><td class=\"column-5\">Dispensa<\/td><td class=\"column-6\">Menor Pre\u00e7o Por Item<\/td><td class=\"column-7\">CONTRATA\u00c7\u00c3O DE EMPRESA EMERGENCIAL PARA AQUISI\u00c7\u00c3O DE MATERIAL M\u00c9DICO HOSPITALAR E MEDICAMENTOS DE ORIGENS B\u00c1SICOS, INJET\u00c1VEIS, DE USO HOSPITALAR E DA ATEN\u00c7\u00c3O B\u00c1SICA PARA SUPRIR AS NECESSIDADES DA POPULA\u00c7\u00c3O DESTE MUNIC\u00cdPIO POR USU\u00c1RIOS DO SISTEMA \u00daNICO DE SA\u00daDE (SUS), ATENDIDOS PELA FARM\u00c1CIA MUNICIPAL E UNIDADES B\u00c1SICAS DE SA\u00daDE.<\/td><td class=\"column-8\">R$ 761.434,40<\/td><td class=\"column-9\">BANDEIRANTES LABORATORIOS PROD. FARM. E HOSP. LTDA, NATAL HOSPITALAR E MEDICAMENTOS LTDA, ODONTOMED MED. E MAT. M\u00c9DICO HOSPITALAR LTDA<\/td><td class=\"column-10\">BANDEIRANTES LABORATORIOS PROD. FARM. E HOSP. LTDA<\/td><td class=\"column-11\">70.027.479\/0001-35<\/td><td class=\"column-12\">R$ 761.434,40<\/td><td class=\"column-13\">Encerrada<\/td><td class=\"column-14\">03001202003\/2021\t<\/td><td class=\"column-15\">02\/02\/2021<\/td><td class=\"column-16\">7\/2021\t<\/td><td class=\"column-17\">02\/02\/2021<\/td>\n<\/tr>\n<tr class=\"row-90\">\n\t<td class=\"column-1\">19\/2021<\/td><td class=\"column-2\">19\/2021<\/td><td class=\"column-3\"><\/td><td class=\"column-4\">02\/02\/2021<\/td><td class=\"column-5\">Dispensa<\/td><td class=\"column-6\">Menor Pre\u00e7o Por Item<\/td><td class=\"column-7\">CONTRATA\u00c7\u00c3O DE EMPRESA EMERGENCIAL PARA AQUISI\u00c7\u00c3O DE MATERIAL M\u00c9DICO HOSPITALAR E MEDICAMENTOS DE ORIGENS B\u00c1SICOS, INJET\u00c1VEIS, DE USO HOSPITALAR E DA ATEN\u00c7\u00c3O B\u00c1SICA PARA SUPRIR AS NECESSIDADES DA POPULA\u00c7\u00c3O DESTE MUNIC\u00cdPIO POR USU\u00c1RIOS DO SISTEMA \u00daNICO DE SA\u00daDE (SUS), ATENDIDOS PELA FARM\u00c1CIA MUNICIPAL E UNIDADES B\u00c1SICAS DE SA\u00daDE.<\/td><td class=\"column-8\">R$ 761.434,40<\/td><td class=\"column-9\">BANDEIRANTES LABORATORIOS PROD. FARM. E HOSP. LTDA, NATAL HOSPITALAR E MEDICAMENTOS LTDA, ODONTOMED MED. E MAT. M\u00c9DICO HOSPITALAR LTDA<\/td><td class=\"column-10\">BANDEIRANTES LABORATORIOS PROD. FARM. E HOSP. LTDA<\/td><td class=\"column-11\">70.027.479\/0001-35<\/td><td class=\"column-12\">R$ 761.434,40<\/td><td class=\"column-13\">Encerrada<\/td><td class=\"column-14\">03001202004\/2021\t<\/td><td class=\"column-15\">02\/02\/2021<\/td><td class=\"column-16\">7\/2021\t<\/td><td class=\"column-17\">02\/02\/2021<\/td>\n<\/tr>\n<tr class=\"row-91\">\n\t<td class=\"column-1\">19\/2021<\/td><td class=\"column-2\">19\/2021<\/td><td class=\"column-3\"><\/td><td class=\"column-4\">02\/02\/2021<\/td><td class=\"column-5\">Dispensa<\/td><td class=\"column-6\">Menor Pre\u00e7o Por Item<\/td><td class=\"column-7\">CONTRATA\u00c7\u00c3O DE EMPRESA EMERGENCIAL PARA AQUISI\u00c7\u00c3O DE MATERIAL M\u00c9DICO HOSPITALAR E MEDICAMENTOS DE ORIGENS B\u00c1SICOS, INJET\u00c1VEIS, DE USO HOSPITALAR E DA ATEN\u00c7\u00c3O B\u00c1SICA PARA SUPRIR AS NECESSIDADES DA POPULA\u00c7\u00c3O DESTE MUNIC\u00cdPIO POR USU\u00c1RIOS DO SISTEMA \u00daNICO DE SA\u00daDE (SUS), ATENDIDOS PELA FARM\u00c1CIA MUNICIPAL E UNIDADES B\u00c1SICAS DE SA\u00daDE.<\/td><td class=\"column-8\">R$ 761.434,40<\/td><td class=\"column-9\">BANDEIRANTES LABORATORIOS PROD. FARM. E HOSP. LTDA, NATAL HOSPITALAR E MEDICAMENTOS LTDA, ODONTOMED MED. E MAT. M\u00c9DICO HOSPITALAR LTDA<\/td><td class=\"column-10\">BANDEIRANTES LABORATORIOS PROD. FARM. E HOSP. LTDA<\/td><td class=\"column-11\">70.027.479\/0001-35<\/td><td class=\"column-12\">R$ 761.434,40<\/td><td class=\"column-13\">Encerrada<\/td><td class=\"column-14\">03001429002\/2021\t<\/td><td class=\"column-15\">29\/04\/2021<\/td><td class=\"column-16\">7\/2021\t<\/td><td class=\"column-17\">02\/02\/2021<\/td>\n<\/tr>\n<tr class=\"row-92\">\n\t<td class=\"column-1\">19\/2021<\/td><td class=\"column-2\">19\/2021<\/td><td class=\"column-3\"><\/td><td class=\"column-4\">02\/02\/2021<\/td><td class=\"column-5\">Dispensa<\/td><td class=\"column-6\">Menor Pre\u00e7o Por Item<\/td><td class=\"column-7\">CONTRATA\u00c7\u00c3O DE EMPRESA EMERGENCIAL PARA AQUISI\u00c7\u00c3O DE MATERIAL M\u00c9DICO HOSPITALAR E MEDICAMENTOS DE ORIGENS B\u00c1SICOS, INJET\u00c1VEIS, DE USO HOSPITALAR E DA ATEN\u00c7\u00c3O B\u00c1SICA PARA SUPRIR AS NECESSIDADES DA POPULA\u00c7\u00c3O DESTE MUNIC\u00cdPIO POR USU\u00c1RIOS DO SISTEMA \u00daNICO DE SA\u00daDE (SUS), ATENDIDOS PELA FARM\u00c1CIA MUNICIPAL E UNIDADES B\u00c1SICAS DE SA\u00daDE.<\/td><td class=\"column-8\">R$ 761.434,40<\/td><td class=\"column-9\">BANDEIRANTES LABORATORIOS PROD. FARM. E HOSP. LTDA, NATAL HOSPITALAR E MEDICAMENTOS LTDA, ODONTOMED MED. E MAT. M\u00c9DICO HOSPITALAR LTDA<\/td><td class=\"column-10\">BANDEIRANTES LABORATORIOS PROD. FARM. E HOSP. LTDA<\/td><td class=\"column-11\">70.027.479\/0001-35<\/td><td class=\"column-12\">R$ 761.434,40<\/td><td class=\"column-13\">Encerrada<\/td><td class=\"column-14\">03001429003\/2021\t<\/td><td class=\"column-15\">29\/04\/2021<\/td><td class=\"column-16\">7\/2021\t<\/td><td class=\"column-17\">02\/02\/2021<\/td>\n<\/tr>\n<tr class=\"row-93\">\n\t<td class=\"column-1\">19\/2021<\/td><td class=\"column-2\">19\/2021<\/td><td class=\"column-3\"><\/td><td class=\"column-4\">02\/02\/2021<\/td><td class=\"column-5\">Dispensa<\/td><td class=\"column-6\">Menor Pre\u00e7o Por Item<\/td><td class=\"column-7\">CONTRATA\u00c7\u00c3O DE EMPRESA EMERGENCIAL PARA AQUISI\u00c7\u00c3O DE MATERIAL M\u00c9DICO HOSPITALAR E MEDICAMENTOS DE ORIGENS B\u00c1SICOS, INJET\u00c1VEIS, DE USO HOSPITALAR E DA ATEN\u00c7\u00c3O B\u00c1SICA PARA SUPRIR AS NECESSIDADES DA POPULA\u00c7\u00c3O DESTE MUNIC\u00cdPIO POR USU\u00c1RIOS DO SISTEMA \u00daNICO DE SA\u00daDE (SUS), ATENDIDOS PELA FARM\u00c1CIA MUNICIPAL E UNIDADES B\u00c1SICAS DE SA\u00daDE.<\/td><td class=\"column-8\">R$ 761.434,40<\/td><td class=\"column-9\">BANDEIRANTES LABORATORIOS PROD. FARM. E HOSP. LTDA, NATAL HOSPITALAR E MEDICAMENTOS LTDA, ODONTOMED MED. E MAT. M\u00c9DICO HOSPITALAR LTDA<\/td><td class=\"column-10\">BANDEIRANTES LABORATORIOS PROD. FARM. E HOSP. LTDA<\/td><td class=\"column-11\">70.027.479\/0001-35<\/td><td class=\"column-12\">R$ 761.434,40<\/td><td class=\"column-13\">Encerrada<\/td><td class=\"column-14\">03001502001\/2021\t<\/td><td class=\"column-15\">29\/04\/2021<\/td><td class=\"column-16\">7\/2021\t<\/td><td class=\"column-17\">02\/02\/2021<\/td>\n<\/tr>\n<tr class=\"row-94\">\n\t<td class=\"column-1\">19\/2021<\/td><td class=\"column-2\">19\/2021<\/td><td class=\"column-3\"><\/td><td class=\"column-4\">02\/02\/2021<\/td><td class=\"column-5\">Dispensa<\/td><td class=\"column-6\">Menor Pre\u00e7o Por Item<\/td><td class=\"column-7\">CONTRATA\u00c7\u00c3O DE EMPRESA EMERGENCIAL PARA AQUISI\u00c7\u00c3O DE MATERIAL M\u00c9DICO HOSPITALAR E MEDICAMENTOS DE ORIGENS B\u00c1SICOS, INJET\u00c1VEIS, DE USO HOSPITALAR E DA ATEN\u00c7\u00c3O B\u00c1SICA PARA SUPRIR AS NECESSIDADES DA POPULA\u00c7\u00c3O DESTE MUNIC\u00cdPIO POR USU\u00c1RIOS DO SISTEMA \u00daNICO DE SA\u00daDE (SUS), ATENDIDOS PELA FARM\u00c1CIA MUNICIPAL E UNIDADES B\u00c1SICAS DE SA\u00daDE.<\/td><td class=\"column-8\">R$ 761.434,40<\/td><td class=\"column-9\">BANDEIRANTES LABORATORIOS PROD. FARM. E HOSP. LTDA, NATAL HOSPITALAR E MEDICAMENTOS LTDA, ODONTOMED MED. E MAT. M\u00c9DICO HOSPITALAR LTDA<\/td><td class=\"column-10\">BANDEIRANTES LABORATORIOS PROD. FARM. E HOSP. LTDA<\/td><td class=\"column-11\">70.027.479\/0001-35<\/td><td class=\"column-12\">R$ 761.434,40<\/td><td class=\"column-13\">Encerrada<\/td><td class=\"column-14\">03001502002\/2021\t<\/td><td class=\"column-15\">02\/05\/2021<\/td><td class=\"column-16\">7\/2021\t<\/td><td class=\"column-17\">02\/02\/2021<\/td>\n<\/tr>\n<tr class=\"row-95\">\n\t<td class=\"column-1\">20\/2021<\/td><td class=\"column-2\">20\/2021<\/td><td class=\"column-3\"><\/td><td class=\"column-4\">09\/02\/2021<\/td><td class=\"column-5\">Dispensa<\/td><td class=\"column-6\">Menor Pre\u00e7o Por Item<\/td><td class=\"column-7\">CONTRATA\u00c7\u00c3O DE EMPRESA ESPECIALIZADA NA PRESTA\u00c7\u00c3O DOS SERVI\u00c7OS DE LOCA\u00c7\u00c3O DE ESTRUTURA DO TIPO ESTANDES COM PONTOS DE ENERGIA DE ACORDO COM O TERMO DE REFER\u00caNCIA PARA CRIA\u00c7\u00c3O DO CENTRO DE TRIAGEM DO COVID-19 A SER INSTALADO NA SEDE DESTE MUNIC\u00cdPIO ATENDENDO AS NECESSIDADES DA POPULA\u00c7\u00c3O DESTE MUNIC\u00cdPIO.<\/td><td class=\"column-8\">R$ 15.900,00<\/td><td class=\"column-9\">EFESETE SOLU\u00c7OES P\/ EVENTOS, JC EVENTOS RN, ROSEMBERG ESTRELA DE ABRANTES EIRELI<\/td><td class=\"column-10\">ROSEMBERG ESTRELA DE ABRANTES EIRELI<\/td><td class=\"column-11\">32.588.672\/0001-56<\/td><td class=\"column-12\">R$ 15.900,00<\/td><td class=\"column-13\">Encerrada<\/td><td class=\"column-14\">03001310002\/2021\t<\/td><td class=\"column-15\">10\/03\/2021<\/td><td class=\"column-16\">28\/2021\t<\/td><td class=\"column-17\">09\/03\/2021<\/td>\n<\/tr>\n<tr class=\"row-96\">\n\t<td class=\"column-1\">21\/2021<\/td><td class=\"column-2\">21\/2021<\/td><td class=\"column-3\"><\/td><td class=\"column-4\">12\/02\/2021<\/td><td class=\"column-5\">Dispensa<\/td><td class=\"column-6\">Menor Pre\u00e7o Por Item<\/td><td class=\"column-7\">AQUISI\u00c7\u00c3O DE MATERIAL ESPORTIVO PARA ATENDER A DEMANDA DA SECRETARIA MUNICIPAL DE JUVENTUDE, ESPORTE E LAZER POSSIBILITANDO PR\u00c1TICAS ESPORTIVAS COM UTILIZA\u00c7\u00c3O DE MATERIAIS ADEQUADOS QUE MOTIVEM A PARTICIPA\u00c7\u00c3O DOS CIDAD\u00c3OS DESTE MUNIC\u00cdPIO.<\/td><td class=\"column-8\">R$ 11.730,00<\/td><td class=\"column-9\">J. D. ALVES MISAEL - ME, JOZILMA MARIA DE CARVALHO - EPP, RAMON F DE OLIVEIRA <\/td><td class=\"column-10\">JOZILMA MARIA DE CARVALHO - EPP<\/td><td class=\"column-11\">04.805.345\/0001-73<\/td><td class=\"column-12\">R$ 11.730,00<\/td><td class=\"column-13\">Encerrada<\/td><td class=\"column-14\">02009413001\/2021\t<\/td><td class=\"column-15\">13\/04\/2021<\/td><td class=\"column-16\"><\/td><td class=\"column-17\"><\/td>\n<\/tr>\n<tr class=\"row-97\">\n\t<td class=\"column-1\">36\/2021<\/td><td class=\"column-2\">36\/2021<\/td><td class=\"column-3\"><\/td><td class=\"column-4\">25\/01\/2021<\/td><td class=\"column-5\">Dispensa<\/td><td class=\"column-6\">Menor Pre\u00e7o Por Item<\/td><td class=\"column-7\">CONTRATA\u00c7\u00c3O DE EMPRESA PARA FORNECIMENTO DE ENERGIA EL\u00c9TRICA.<\/td><td class=\"column-8\">R$ 775.000,00<\/td><td class=\"column-9\">COMPANHIA ENERG\u00c9TICA DO RIO GRANDE DO NORTE<\/td><td class=\"column-10\">COMPANHIA ENERG\u00c9TICA DO RIO GRANDE DO NORTE<\/td><td class=\"column-11\">08.324.196\/0001-81<\/td><td class=\"column-12\">R$ 775.000,00<\/td><td class=\"column-13\">Encerrada<\/td><td class=\"column-14\">02002125001\/2021\t<\/td><td class=\"column-15\">25\/01\/2021<\/td><td class=\"column-16\"><\/td><td class=\"column-17\"><\/td>\n<\/tr>\n<tr class=\"row-98\">\n\t<td class=\"column-1\">36\/2021<\/td><td class=\"column-2\">36\/2021<\/td><td class=\"column-3\"><\/td><td class=\"column-4\">25\/01\/2021<\/td><td class=\"column-5\">Dispensa<\/td><td class=\"column-6\">Menor Pre\u00e7o Por Item<\/td><td class=\"column-7\">CONTRATA\u00c7\u00c3O DE EMPRESA PARA FORNECIMENTO DE ENERGIA EL\u00c9TRICA.<\/td><td class=\"column-8\">R$ 775.000,00<\/td><td class=\"column-9\">COMPANHIA ENERG\u00c9TICA DO RIO GRANDE DO NORTE<\/td><td class=\"column-10\">COMPANHIA ENERG\u00c9TICA DO RIO GRANDE DO NORTE<\/td><td class=\"column-11\">08.324.196\/0001-81<\/td><td class=\"column-12\">R$ 775.000,00<\/td><td class=\"column-13\">Encerrada<\/td><td class=\"column-14\">02010216001\/2021\t<\/td><td class=\"column-15\">10\/02\/2021<\/td><td class=\"column-16\"><\/td><td class=\"column-17\"><\/td>\n<\/tr>\n<tr class=\"row-99\">\n\t<td class=\"column-1\">36\/2021<\/td><td class=\"column-2\">36\/2021<\/td><td class=\"column-3\"><\/td><td class=\"column-4\">25\/01\/2021<\/td><td class=\"column-5\">Dispensa<\/td><td class=\"column-6\">Menor Pre\u00e7o Por Item<\/td><td class=\"column-7\">CONTRATA\u00c7\u00c3O DE EMPRESA PARA FORNECIMENTO DE ENERGIA EL\u00c9TRICA.<\/td><td class=\"column-8\">R$ 775.000,00<\/td><td class=\"column-9\">COMPANHIA ENERG\u00c9TICA DO RIO GRANDE DO NORTE<\/td><td class=\"column-10\">COMPANHIA ENERG\u00c9TICA DO RIO GRANDE DO NORTE<\/td><td class=\"column-11\">08.324.196\/0001-81<\/td><td class=\"column-12\">R$ 775.000,00<\/td><td class=\"column-13\">Encerrada<\/td><td class=\"column-14\">02006201001\/2021\t<\/td><td class=\"column-15\">01\/02\/2021<\/td><td class=\"column-16\"><\/td><td class=\"column-17\"><\/td>\n<\/tr>\n<tr class=\"row-100\">\n\t<td class=\"column-1\">36\/2021<\/td><td class=\"column-2\">36\/2021<\/td><td class=\"column-3\"><\/td><td class=\"column-4\">25\/01\/2021<\/td><td class=\"column-5\">Dispensa<\/td><td class=\"column-6\">Menor Pre\u00e7o Por Item<\/td><td class=\"column-7\">CONTRATA\u00c7\u00c3O DE EMPRESA PARA FORNECIMENTO DE ENERGIA EL\u00c9TRICA.<\/td><td class=\"column-8\">R$ 775.000,00<\/td><td class=\"column-9\">COMPANHIA ENERG\u00c9TICA DO RIO GRANDE DO NORTE<\/td><td class=\"column-10\">COMPANHIA ENERG\u00c9TICA DO RIO GRANDE DO NORTE<\/td><td class=\"column-11\">08.324.196\/0001-81<\/td><td class=\"column-12\">R$ 775.000,00<\/td><td class=\"column-13\">Encerrada<\/td><td class=\"column-14\">02006201002\/2021\t<\/td><td class=\"column-15\">01\/02\/2021<\/td><td class=\"column-16\"><\/td><td class=\"column-17\"><\/td>\n<\/tr>\n<tr class=\"row-101\">\n\t<td class=\"column-1\">36\/2021<\/td><td class=\"column-2\">36\/2021<\/td><td class=\"column-3\"><\/td><td class=\"column-4\">25\/01\/2021<\/td><td class=\"column-5\">Dispensa<\/td><td class=\"column-6\">Menor Pre\u00e7o Por Item<\/td><td class=\"column-7\">CONTRATA\u00c7\u00c3O DE EMPRESA PARA FORNECIMENTO DE ENERGIA EL\u00c9TRICA.<\/td><td class=\"column-8\">R$ 775.000,00<\/td><td class=\"column-9\">COMPANHIA ENERG\u00c9TICA DO RIO GRANDE DO NORTE<\/td><td class=\"column-10\">COMPANHIA ENERG\u00c9TICA DO RIO GRANDE DO NORTE<\/td><td class=\"column-11\">08.324.196\/0001-81<\/td><td class=\"column-12\">R$ 775.000,00<\/td><td class=\"column-13\">Encerrada<\/td><td class=\"column-14\">04001125001\/2021\t<\/td><td class=\"column-15\">25\/01\/2021<\/td><td class=\"column-16\"><\/td><td class=\"column-17\"><\/td>\n<\/tr>\n<tr class=\"row-102\">\n\t<td class=\"column-1\">36\/2021<\/td><td class=\"column-2\">36\/2021<\/td><td class=\"column-3\"><\/td><td class=\"column-4\">25\/01\/2021<\/td><td class=\"column-5\">Dispensa<\/td><td class=\"column-6\">Menor Pre\u00e7o Por Item<\/td><td class=\"column-7\">CONTRATA\u00c7\u00c3O DE EMPRESA PARA FORNECIMENTO DE ENERGIA EL\u00c9TRICA.<\/td><td class=\"column-8\">R$ 775.000,00<\/td><td class=\"column-9\">COMPANHIA ENERG\u00c9TICA DO RIO GRANDE DO NORTE<\/td><td class=\"column-10\">COMPANHIA ENERG\u00c9TICA DO RIO GRANDE DO NORTE<\/td><td class=\"column-11\">08.324.196\/0001-81<\/td><td class=\"column-12\">R$ 775.000,00<\/td><td class=\"column-13\">Encerrada<\/td><td class=\"column-14\">04001125002\/2021\t<\/td><td class=\"column-15\">25\/01\/2021<\/td><td class=\"column-16\"><\/td><td class=\"column-17\"><\/td>\n<\/tr>\n<tr class=\"row-103\">\n\t<td class=\"column-1\">36\/2021<\/td><td class=\"column-2\">36\/2021<\/td><td class=\"column-3\"><\/td><td class=\"column-4\">25\/01\/2021<\/td><td class=\"column-5\">Dispensa<\/td><td class=\"column-6\">Menor Pre\u00e7o Por Item<\/td><td class=\"column-7\">CONTRATA\u00c7\u00c3O DE EMPRESA PARA FORNECIMENTO DE ENERGIA EL\u00c9TRICA.<\/td><td class=\"column-8\">R$ 775.000,00<\/td><td class=\"column-9\">COMPANHIA ENERG\u00c9TICA DO RIO GRANDE DO NORTE<\/td><td class=\"column-10\">COMPANHIA ENERG\u00c9TICA DO RIO GRANDE DO NORTE<\/td><td class=\"column-11\">08.324.196\/0001-81<\/td><td class=\"column-12\">R$ 775.000,00<\/td><td class=\"column-13\">Encerrada<\/td><td class=\"column-14\">020081213001\/2021\t<\/td><td class=\"column-15\">16\/12\/2021<\/td><td class=\"column-16\"><\/td><td class=\"column-17\"><\/td>\n<\/tr>\n<tr class=\"row-104\">\n\t<td class=\"column-1\">36\/2021<\/td><td class=\"column-2\">36\/2021<\/td><td class=\"column-3\"><\/td><td class=\"column-4\">25\/01\/2021<\/td><td class=\"column-5\">Dispensa<\/td><td class=\"column-6\">Menor Pre\u00e7o Por Item<\/td><td class=\"column-7\">CONTRATA\u00c7\u00c3O DE EMPRESA PARA FORNECIMENTO DE ENERGIA EL\u00c9TRICA.<\/td><td class=\"column-8\">R$ 775.000,00<\/td><td class=\"column-9\">COMPANHIA ENERG\u00c9TICA DO RIO GRANDE DO NORTE<\/td><td class=\"column-10\">COMPANHIA ENERG\u00c9TICA DO RIO GRANDE DO NORTE<\/td><td class=\"column-11\">08.324.196\/0001-81<\/td><td class=\"column-12\">R$ 775.000,00<\/td><td class=\"column-13\">Encerrada<\/td><td class=\"column-14\">020041205001\/2021\t<\/td><td class=\"column-15\">05\/12\/2021<\/td><td class=\"column-16\"><\/td><td class=\"column-17\"><\/td>\n<\/tr>\n<tr class=\"row-105\">\n\t<td class=\"column-1\">36\/2021<\/td><td class=\"column-2\">36\/2021<\/td><td class=\"column-3\"><\/td><td class=\"column-4\">25\/01\/2021<\/td><td class=\"column-5\">Dispensa<\/td><td class=\"column-6\">Menor Pre\u00e7o Por Item<\/td><td class=\"column-7\">CONTRATA\u00c7\u00c3O DE EMPRESA PARA FORNECIMENTO DE ENERGIA EL\u00c9TRICA.<\/td><td class=\"column-8\">R$ 775.000,00<\/td><td class=\"column-9\">COMPANHIA ENERG\u00c9TICA DO RIO GRANDE DO NORTE<\/td><td class=\"column-10\">COMPANHIA ENERG\u00c9TICA DO RIO GRANDE DO NORTE<\/td><td class=\"column-11\">08.324.196\/0001-81<\/td><td class=\"column-12\">R$ 775.000,00<\/td><td class=\"column-13\">Encerrada<\/td><td class=\"column-14\">020021205002\/2021\t<\/td><td class=\"column-15\">05\/12\/2021<\/td><td class=\"column-16\"><\/td><td class=\"column-17\"><\/td>\n<\/tr>\n<tr class=\"row-106\">\n\t<td class=\"column-1\">36\/2021<\/td><td class=\"column-2\">36\/2021<\/td><td class=\"column-3\"><\/td><td class=\"column-4\">25\/01\/2021<\/td><td class=\"column-5\">Dispensa<\/td><td class=\"column-6\">Menor Pre\u00e7o Por Item<\/td><td class=\"column-7\">CONTRATA\u00c7\u00c3O DE EMPRESA PARA FORNECIMENTO DE ENERGIA EL\u00c9TRICA.<\/td><td class=\"column-8\">R$ 775.000,00<\/td><td class=\"column-9\">COMPANHIA ENERG\u00c9TICA DO RIO GRANDE DO NORTE<\/td><td class=\"column-10\">COMPANHIA ENERG\u00c9TICA DO RIO GRANDE DO NORTE<\/td><td class=\"column-11\">08.324.196\/0001-81<\/td><td class=\"column-12\">R$ 775.000,00<\/td><td class=\"column-13\">Encerrada<\/td><td class=\"column-14\">020021205003\/2021\t<\/td><td class=\"column-15\">05\/12\/2021<\/td><td class=\"column-16\"><\/td><td class=\"column-17\"><\/td>\n<\/tr>\n<tr class=\"row-107\">\n\t<td class=\"column-1\">36\/2021<\/td><td class=\"column-2\">36\/2021<\/td><td class=\"column-3\"><\/td><td class=\"column-4\">25\/01\/2021<\/td><td class=\"column-5\">Dispensa<\/td><td class=\"column-6\">Menor Pre\u00e7o Por Item<\/td><td class=\"column-7\">CONTRATA\u00c7\u00c3O DE EMPRESA PARA FORNECIMENTO DE ENERGIA EL\u00c9TRICA.<\/td><td class=\"column-8\">R$ 775.000,00<\/td><td class=\"column-9\">COMPANHIA ENERG\u00c9TICA DO RIO GRANDE DO NORTE<\/td><td class=\"column-10\">COMPANHIA ENERG\u00c9TICA DO RIO GRANDE DO NORTE<\/td><td class=\"column-11\">08.324.196\/0001-81<\/td><td class=\"column-12\">R$ 775.000,00<\/td><td class=\"column-13\">Encerrada<\/td><td class=\"column-14\">020041110003\/2021\t<\/td><td class=\"column-15\">10\/11\/2021<\/td><td class=\"column-16\"><\/td><td class=\"column-17\"><\/td>\n<\/tr>\n<tr class=\"row-108\">\n\t<td class=\"column-1\">36\/2021<\/td><td class=\"column-2\">36\/2021<\/td><td class=\"column-3\"><\/td><td class=\"column-4\">25\/01\/2021<\/td><td class=\"column-5\">Dispensa<\/td><td class=\"column-6\">Menor Pre\u00e7o Por Item<\/td><td class=\"column-7\">CONTRATA\u00c7\u00c3O DE EMPRESA PARA FORNECIMENTO DE ENERGIA EL\u00c9TRICA.<\/td><td class=\"column-8\">R$ 775.000,00<\/td><td class=\"column-9\">COMPANHIA ENERG\u00c9TICA DO RIO GRANDE DO NORTE<\/td><td class=\"column-10\">COMPANHIA ENERG\u00c9TICA DO RIO GRANDE DO NORTE<\/td><td class=\"column-11\">08.324.196\/0001-81<\/td><td class=\"column-12\">R$ 775.000,00<\/td><td class=\"column-13\">Encerrada<\/td><td class=\"column-14\">020021118001\/2021\t<\/td><td class=\"column-15\">18\/11\/2021<\/td><td class=\"column-16\"><\/td><td class=\"column-17\"><\/td>\n<\/tr>\n<tr class=\"row-109\">\n\t<td class=\"column-1\">36\/2021<\/td><td class=\"column-2\">36\/2021<\/td><td class=\"column-3\"><\/td><td class=\"column-4\">25\/01\/2021<\/td><td class=\"column-5\">Dispensa<\/td><td class=\"column-6\">Menor Pre\u00e7o Por Item<\/td><td class=\"column-7\">CONTRATA\u00c7\u00c3O DE EMPRESA PARA FORNECIMENTO DE ENERGIA EL\u00c9TRICA.<\/td><td class=\"column-8\">R$ 775.000,00<\/td><td class=\"column-9\">COMPANHIA ENERG\u00c9TICA DO RIO GRANDE DO NORTE<\/td><td class=\"column-10\">COMPANHIA ENERG\u00c9TICA DO RIO GRANDE DO NORTE<\/td><td class=\"column-11\">08.324.196\/0001-81<\/td><td class=\"column-12\">R$ 775.000,00<\/td><td class=\"column-13\">Encerrada<\/td><td class=\"column-14\">020021205001\/2021\t<\/td><td class=\"column-15\">05\/12\/2021<\/td><td class=\"column-16\"><\/td><td class=\"column-17\"><\/td>\n<\/tr>\n<tr class=\"row-110\">\n\t<td class=\"column-1\">36\/2021<\/td><td class=\"column-2\">36\/2021<\/td><td class=\"column-3\"><\/td><td class=\"column-4\">25\/01\/2021<\/td><td class=\"column-5\">Dispensa<\/td><td class=\"column-6\">Menor Pre\u00e7o Por Item<\/td><td class=\"column-7\">CONTRATA\u00c7\u00c3O DE EMPRESA PARA FORNECIMENTO DE ENERGIA EL\u00c9TRICA.<\/td><td class=\"column-8\">R$ 775.000,00<\/td><td class=\"column-9\">COMPANHIA ENERG\u00c9TICA DO RIO GRANDE DO NORTE<\/td><td class=\"column-10\">COMPANHIA ENERG\u00c9TICA DO RIO GRANDE DO NORTE<\/td><td class=\"column-11\">08.324.196\/0001-81<\/td><td class=\"column-12\">R$ 775.000,00<\/td><td class=\"column-13\">Encerrada<\/td><td class=\"column-14\">030011201028\/2021\t<\/td><td class=\"column-15\">01\/12\/2021<\/td><td class=\"column-16\"><\/td><td class=\"column-17\"><\/td>\n<\/tr>\n<tr class=\"row-111\">\n\t<td class=\"column-1\">36\/2021<\/td><td class=\"column-2\">36\/2021<\/td><td class=\"column-3\"><\/td><td class=\"column-4\">25\/01\/2021<\/td><td class=\"column-5\">Dispensa<\/td><td class=\"column-6\">Menor Pre\u00e7o Por Item<\/td><td class=\"column-7\">CONTRATA\u00c7\u00c3O DE EMPRESA PARA FORNECIMENTO DE ENERGIA EL\u00c9TRICA.<\/td><td class=\"column-8\">R$ 775.000,00<\/td><td class=\"column-9\">COMPANHIA ENERG\u00c9TICA DO RIO GRANDE DO NORTE<\/td><td class=\"column-10\">COMPANHIA ENERG\u00c9TICA DO RIO GRANDE DO NORTE<\/td><td class=\"column-11\">08.324.196\/0001-81<\/td><td class=\"column-12\">R$ 775.000,00<\/td><td class=\"column-13\">Encerrada<\/td><td class=\"column-14\">020061201003\/2021\t<\/td><td class=\"column-15\">01\/12\/2021<\/td><td class=\"column-16\"><\/td><td class=\"column-17\"><\/td>\n<\/tr>\n<tr class=\"row-112\">\n\t<td class=\"column-1\">36\/2021<\/td><td class=\"column-2\">36\/2021<\/td><td class=\"column-3\"><\/td><td class=\"column-4\">25\/01\/2021<\/td><td class=\"column-5\">Dispensa<\/td><td class=\"column-6\">Menor Pre\u00e7o Por Item<\/td><td class=\"column-7\">CONTRATA\u00c7\u00c3O DE EMPRESA PARA FORNECIMENTO DE ENERGIA EL\u00c9TRICA.<\/td><td class=\"column-8\">R$ 775.000,00<\/td><td class=\"column-9\">COMPANHIA ENERG\u00c9TICA DO RIO GRANDE DO NORTE<\/td><td class=\"column-10\">COMPANHIA ENERG\u00c9TICA DO RIO GRANDE DO NORTE<\/td><td class=\"column-11\">08.324.196\/0001-81<\/td><td class=\"column-12\">R$ 775.000,00<\/td><td class=\"column-13\">Encerrada<\/td><td class=\"column-14\">020041210001\/2021\t<\/td><td class=\"column-15\">10\/12\/2021<\/td><td class=\"column-16\"><\/td><td class=\"column-17\"><\/td>\n<\/tr>\n<tr class=\"row-113\">\n\t<td class=\"column-1\">36\/2021<\/td><td class=\"column-2\">36\/2021<\/td><td class=\"column-3\"><\/td><td class=\"column-4\">25\/01\/2021<\/td><td class=\"column-5\">Dispensa<\/td><td class=\"column-6\">Menor Pre\u00e7o Por Item<\/td><td class=\"column-7\">CONTRATA\u00c7\u00c3O DE EMPRESA PARA FORNECIMENTO DE ENERGIA EL\u00c9TRICA.<\/td><td class=\"column-8\">R$ 775.000,00<\/td><td class=\"column-9\">COMPANHIA ENERG\u00c9TICA DO RIO GRANDE DO NORTE<\/td><td class=\"column-10\">COMPANHIA ENERG\u00c9TICA DO RIO GRANDE DO NORTE<\/td><td class=\"column-11\">08.324.196\/0001-81<\/td><td class=\"column-12\">R$ 775.000,00<\/td><td class=\"column-13\">Encerrada<\/td><td class=\"column-14\">020021001001\/2021\t<\/td><td class=\"column-15\">01\/10\/2021<\/td><td class=\"column-16\"><\/td><td class=\"column-17\"><\/td>\n<\/tr>\n<tr class=\"row-114\">\n\t<td class=\"column-1\">36\/2021<\/td><td class=\"column-2\">36\/2021<\/td><td class=\"column-3\"><\/td><td class=\"column-4\">25\/01\/2021<\/td><td class=\"column-5\">Dispensa<\/td><td class=\"column-6\">Menor Pre\u00e7o Por Item<\/td><td class=\"column-7\">CONTRATA\u00c7\u00c3O DE EMPRESA PARA FORNECIMENTO DE ENERGIA EL\u00c9TRICA.<\/td><td class=\"column-8\">R$ 775.000,00<\/td><td class=\"column-9\">COMPANHIA ENERG\u00c9TICA DO RIO GRANDE DO NORTE<\/td><td class=\"column-10\">COMPANHIA ENERG\u00c9TICA DO RIO GRANDE DO NORTE<\/td><td class=\"column-11\">08.324.196\/0001-81<\/td><td class=\"column-12\">R$ 775.000,00<\/td><td class=\"column-13\">Encerrada<\/td><td class=\"column-14\">020091110001\/2021\t<\/td><td class=\"column-15\">10\/11\/2021<\/td><td class=\"column-16\"><\/td><td class=\"column-17\"><\/td>\n<\/tr>\n<tr class=\"row-115\">\n\t<td class=\"column-1\">36\/2021<\/td><td class=\"column-2\">36\/2021<\/td><td class=\"column-3\"><\/td><td class=\"column-4\">25\/01\/2021<\/td><td class=\"column-5\">Dispensa<\/td><td class=\"column-6\">Menor Pre\u00e7o Por Item<\/td><td class=\"column-7\">CONTRATA\u00c7\u00c3O DE EMPRESA PARA FORNECIMENTO DE ENERGIA EL\u00c9TRICA.<\/td><td class=\"column-8\">R$ 775.000,00<\/td><td class=\"column-9\">COMPANHIA ENERG\u00c9TICA DO RIO GRANDE DO NORTE<\/td><td class=\"column-10\">COMPANHIA ENERG\u00c9TICA DO RIO GRANDE DO NORTE<\/td><td class=\"column-11\">08.324.196\/0001-81<\/td><td class=\"column-12\">R$ 775.000,00<\/td><td class=\"column-13\">Encerrada<\/td><td class=\"column-14\">020041110002\/2021\t<\/td><td class=\"column-15\">10\/11\/2021<\/td><td class=\"column-16\"><\/td><td class=\"column-17\"><\/td>\n<\/tr>\n<tr class=\"row-116\">\n\t<td class=\"column-1\">36\/2021<\/td><td class=\"column-2\">36\/2021<\/td><td class=\"column-3\"><\/td><td class=\"column-4\">25\/01\/2021<\/td><td class=\"column-5\">Dispensa<\/td><td class=\"column-6\">Menor Pre\u00e7o Por Item<\/td><td class=\"column-7\">CONTRATA\u00c7\u00c3O DE EMPRESA PARA FORNECIMENTO DE ENERGIA EL\u00c9TRICA.<\/td><td class=\"column-8\">R$ 775.000,00<\/td><td class=\"column-9\">COMPANHIA ENERG\u00c9TICA DO RIO GRANDE DO NORTE<\/td><td class=\"column-10\">COMPANHIA ENERG\u00c9TICA DO RIO GRANDE DO NORTE<\/td><td class=\"column-11\">08.324.196\/0001-81<\/td><td class=\"column-12\">R$ 775.000,00<\/td><td class=\"column-13\">Encerrada<\/td><td class=\"column-14\">020021110001\/2021\t<\/td><td class=\"column-15\">10\/11\/2021<\/td><td class=\"column-16\"><\/td><td class=\"column-17\"><\/td>\n<\/tr>\n<tr class=\"row-117\">\n\t<td class=\"column-1\">36\/2021<\/td><td class=\"column-2\">36\/2021<\/td><td class=\"column-3\"><\/td><td class=\"column-4\">25\/01\/2021<\/td><td class=\"column-5\">Dispensa<\/td><td class=\"column-6\">Menor Pre\u00e7o Por Item<\/td><td class=\"column-7\">CONTRATA\u00c7\u00c3O DE EMPRESA PARA FORNECIMENTO DE ENERGIA EL\u00c9TRICA.<\/td><td class=\"column-8\">R$ 775.000,00<\/td><td class=\"column-9\">COMPANHIA ENERG\u00c9TICA DO RIO GRANDE DO NORTE<\/td><td class=\"column-10\">COMPANHIA ENERG\u00c9TICA DO RIO GRANDE DO NORTE<\/td><td class=\"column-11\">08.324.196\/0001-81<\/td><td class=\"column-12\">R$ 775.000,00<\/td><td class=\"column-13\">Encerrada<\/td><td class=\"column-14\">030011110001\/2021\t<\/td><td class=\"column-15\">10\/11\/2021<\/td><td class=\"column-16\"><\/td><td class=\"column-17\"><\/td>\n<\/tr>\n<tr class=\"row-118\">\n\t<td class=\"column-1\">36\/2021<\/td><td class=\"column-2\">36\/2021<\/td><td class=\"column-3\"><\/td><td class=\"column-4\">25\/01\/2021<\/td><td class=\"column-5\">Dispensa<\/td><td class=\"column-6\">Menor Pre\u00e7o Por Item<\/td><td class=\"column-7\">CONTRATA\u00c7\u00c3O DE EMPRESA PARA FORNECIMENTO DE ENERGIA EL\u00c9TRICA.<\/td><td class=\"column-8\">R$ 775.000,00<\/td><td class=\"column-9\">COMPANHIA ENERG\u00c9TICA DO RIO GRANDE DO NORTE<\/td><td class=\"column-10\">COMPANHIA ENERG\u00c9TICA DO RIO GRANDE DO NORTE<\/td><td class=\"column-11\">08.324.196\/0001-81<\/td><td class=\"column-12\">R$ 775.000,00<\/td><td class=\"column-13\">Encerrada<\/td><td class=\"column-14\">020091110002\/2021\t<\/td><td class=\"column-15\">10\/11\/2021<\/td><td class=\"column-16\"><\/td><td class=\"column-17\"><\/td>\n<\/tr>\n<tr class=\"row-119\">\n\t<td class=\"column-1\">36\/2021<\/td><td class=\"column-2\">36\/2021<\/td><td class=\"column-3\"><\/td><td class=\"column-4\">25\/01\/2021<\/td><td class=\"column-5\">Dispensa<\/td><td class=\"column-6\">Menor Pre\u00e7o Por Item<\/td><td class=\"column-7\">CONTRATA\u00c7\u00c3O DE EMPRESA PARA FORNECIMENTO DE ENERGIA EL\u00c9TRICA.<\/td><td class=\"column-8\">R$ 775.000,00<\/td><td class=\"column-9\">COMPANHIA ENERG\u00c9TICA DO RIO GRANDE DO NORTE<\/td><td class=\"column-10\">COMPANHIA ENERG\u00c9TICA DO RIO GRANDE DO NORTE<\/td><td class=\"column-11\">08.324.196\/0001-81<\/td><td class=\"column-12\">R$ 775.000,00<\/td><td class=\"column-13\">Encerrada<\/td><td class=\"column-14\">03001901011\/2021\t<\/td><td class=\"column-15\">01\/09\/2021<\/td><td class=\"column-16\"><\/td><td class=\"column-17\"><\/td>\n<\/tr>\n<tr class=\"row-120\">\n\t<td class=\"column-1\">36\/2021<\/td><td class=\"column-2\">36\/2021<\/td><td class=\"column-3\"><\/td><td class=\"column-4\">25\/01\/2021<\/td><td class=\"column-5\">Dispensa<\/td><td class=\"column-6\">Menor Pre\u00e7o Por Item<\/td><td class=\"column-7\">CONTRATA\u00c7\u00c3O DE EMPRESA PARA FORNECIMENTO DE ENERGIA EL\u00c9TRICA.<\/td><td class=\"column-8\">R$ 775.000,00<\/td><td class=\"column-9\">COMPANHIA ENERG\u00c9TICA DO RIO GRANDE DO NORTE<\/td><td class=\"column-10\">COMPANHIA ENERG\u00c9TICA DO RIO GRANDE DO NORTE<\/td><td class=\"column-11\">08.324.196\/0001-81<\/td><td class=\"column-12\">R$ 775.000,00<\/td><td class=\"column-13\">Encerrada<\/td><td class=\"column-14\">020041008001\/2021\t<\/td><td class=\"column-15\">08\/10\/2021<\/td><td class=\"column-16\"><\/td><td class=\"column-17\"><\/td>\n<\/tr>\n<tr class=\"row-121\">\n\t<td class=\"column-1\">36\/2021<\/td><td class=\"column-2\">36\/2021<\/td><td class=\"column-3\"><\/td><td class=\"column-4\">25\/01\/2021<\/td><td class=\"column-5\">Dispensa<\/td><td class=\"column-6\">Menor Pre\u00e7o Por Item<\/td><td class=\"column-7\">CONTRATA\u00c7\u00c3O DE EMPRESA PARA FORNECIMENTO DE ENERGIA EL\u00c9TRICA.<\/td><td class=\"column-8\">R$ 775.000,00<\/td><td class=\"column-9\">COMPANHIA ENERG\u00c9TICA DO RIO GRANDE DO NORTE<\/td><td class=\"column-10\">COMPANHIA ENERG\u00c9TICA DO RIO GRANDE DO NORTE<\/td><td class=\"column-11\">08.324.196\/0001-81<\/td><td class=\"column-12\">R$ 775.000,00<\/td><td class=\"column-13\">Encerrada<\/td><td class=\"column-14\">02002901003\/2021\t<\/td><td class=\"column-15\">01\/09\/2021<\/td><td class=\"column-16\"><\/td><td class=\"column-17\"><\/td>\n<\/tr>\n<tr class=\"row-122\">\n\t<td class=\"column-1\">36\/2021<\/td><td class=\"column-2\">36\/2021<\/td><td class=\"column-3\"><\/td><td class=\"column-4\">25\/01\/2021<\/td><td class=\"column-5\">Dispensa<\/td><td class=\"column-6\">Menor Pre\u00e7o Por Item<\/td><td class=\"column-7\">CONTRATA\u00c7\u00c3O DE EMPRESA PARA FORNECIMENTO DE ENERGIA EL\u00c9TRICA.<\/td><td class=\"column-8\">R$ 775.000,00<\/td><td class=\"column-9\">COMPANHIA ENERG\u00c9TICA DO RIO GRANDE DO NORTE<\/td><td class=\"column-10\">COMPANHIA ENERG\u00c9TICA DO RIO GRANDE DO NORTE<\/td><td class=\"column-11\">08.324.196\/0001-81<\/td><td class=\"column-12\">R$ 775.000,00<\/td><td class=\"column-13\">Encerrada<\/td><td class=\"column-14\">020041001001\/2021\t<\/td><td class=\"column-15\">01\/10\/2021<\/td><td class=\"column-16\"><\/td><td class=\"column-17\"><\/td>\n<\/tr>\n<tr class=\"row-123\">\n\t<td class=\"column-1\">36\/2021<\/td><td class=\"column-2\">36\/2021<\/td><td class=\"column-3\"><\/td><td class=\"column-4\">25\/01\/2021<\/td><td class=\"column-5\">Dispensa<\/td><td class=\"column-6\">Menor Pre\u00e7o Por Item<\/td><td class=\"column-7\">CONTRATA\u00c7\u00c3O DE EMPRESA PARA FORNECIMENTO DE ENERGIA EL\u00c9TRICA.<\/td><td class=\"column-8\">R$ 775.000,00<\/td><td class=\"column-9\">COMPANHIA ENERG\u00c9TICA DO RIO GRANDE DO NORTE<\/td><td class=\"column-10\">COMPANHIA ENERG\u00c9TICA DO RIO GRANDE DO NORTE<\/td><td class=\"column-11\">08.324.196\/0001-81<\/td><td class=\"column-12\">R$ 775.000,00<\/td><td class=\"column-13\">Encerrada<\/td><td class=\"column-14\">020041001002\/2021\t<\/td><td class=\"column-15\">01\/10\/2021<\/td><td class=\"column-16\"><\/td><td class=\"column-17\"><\/td>\n<\/tr>\n<tr class=\"row-124\">\n\t<td class=\"column-1\">36\/2021<\/td><td class=\"column-2\">36\/2021<\/td><td class=\"column-3\"><\/td><td class=\"column-4\">25\/01\/2021<\/td><td class=\"column-5\">Dispensa<\/td><td class=\"column-6\">Menor Pre\u00e7o Por Item<\/td><td class=\"column-7\">CONTRATA\u00c7\u00c3O DE EMPRESA PARA FORNECIMENTO DE ENERGIA EL\u00c9TRICA.<\/td><td class=\"column-8\">R$ 775.000,00<\/td><td class=\"column-9\">COMPANHIA ENERG\u00c9TICA DO RIO GRANDE DO NORTE<\/td><td class=\"column-10\">COMPANHIA ENERG\u00c9TICA DO RIO GRANDE DO NORTE<\/td><td class=\"column-11\">08.324.196\/0001-81<\/td><td class=\"column-12\">R$ 775.000,00<\/td><td class=\"column-13\">Encerrada<\/td><td class=\"column-14\">030011001001\/2021\t<\/td><td class=\"column-15\">01\/10\/2021<\/td><td class=\"column-16\"><\/td><td class=\"column-17\"><\/td>\n<\/tr>\n<tr class=\"row-125\">\n\t<td class=\"column-1\">36\/2021<\/td><td class=\"column-2\">36\/2021<\/td><td class=\"column-3\"><\/td><td class=\"column-4\">25\/01\/2021<\/td><td class=\"column-5\">Dispensa<\/td><td class=\"column-6\">Menor Pre\u00e7o Por Item<\/td><td class=\"column-7\">CONTRATA\u00c7\u00c3O DE EMPRESA PARA FORNECIMENTO DE ENERGIA EL\u00c9TRICA.<\/td><td class=\"column-8\">R$ 775.000,00<\/td><td class=\"column-9\">COMPANHIA ENERG\u00c9TICA DO RIO GRANDE DO NORTE<\/td><td class=\"column-10\">COMPANHIA ENERG\u00c9TICA DO RIO GRANDE DO NORTE<\/td><td class=\"column-11\">08.324.196\/0001-81<\/td><td class=\"column-12\">R$ 775.000,00<\/td><td class=\"column-13\">Encerrada<\/td><td class=\"column-14\">02010721001\/2021\t<\/td><td class=\"column-15\">21\/07\/2021<\/td><td class=\"column-16\"><\/td><td class=\"column-17\"><\/td>\n<\/tr>\n<tr class=\"row-126\">\n\t<td class=\"column-1\">36\/2021<\/td><td class=\"column-2\">36\/2021<\/td><td class=\"column-3\"><\/td><td class=\"column-4\">25\/01\/2021<\/td><td class=\"column-5\">Dispensa<\/td><td class=\"column-6\">Menor Pre\u00e7o Por Item<\/td><td class=\"column-7\">CONTRATA\u00c7\u00c3O DE EMPRESA PARA FORNECIMENTO DE ENERGIA EL\u00c9TRICA.<\/td><td class=\"column-8\">R$ 775.000,00<\/td><td class=\"column-9\">COMPANHIA ENERG\u00c9TICA DO RIO GRANDE DO NORTE<\/td><td class=\"column-10\">COMPANHIA ENERG\u00c9TICA DO RIO GRANDE DO NORTE<\/td><td class=\"column-11\">08.324.196\/0001-81<\/td><td class=\"column-12\">R$ 775.000,00<\/td><td class=\"column-13\">Encerrada<\/td><td class=\"column-14\">02004729002\/2021\t<\/td><td class=\"column-15\">29\/07\/2021<\/td><td class=\"column-16\"><\/td><td class=\"column-17\"><\/td>\n<\/tr>\n<tr class=\"row-127\">\n\t<td class=\"column-1\">36\/2021<\/td><td class=\"column-2\">36\/2021<\/td><td class=\"column-3\"><\/td><td class=\"column-4\">25\/01\/2021<\/td><td class=\"column-5\">Dispensa<\/td><td class=\"column-6\">Menor Pre\u00e7o Por Item<\/td><td class=\"column-7\">CONTRATA\u00c7\u00c3O DE EMPRESA PARA FORNECIMENTO DE ENERGIA EL\u00c9TRICA.<\/td><td class=\"column-8\">R$ 775.000,00<\/td><td class=\"column-9\">COMPANHIA ENERG\u00c9TICA DO RIO GRANDE DO NORTE<\/td><td class=\"column-10\">COMPANHIA ENERG\u00c9TICA DO RIO GRANDE DO NORTE<\/td><td class=\"column-11\">08.324.196\/0001-81<\/td><td class=\"column-12\">R$ 775.000,00<\/td><td class=\"column-13\">Encerrada<\/td><td class=\"column-14\">02004906001\/2021\t<\/td><td class=\"column-15\">06\/09\/2021<\/td><td class=\"column-16\"><\/td><td class=\"column-17\"><\/td>\n<\/tr>\n<tr class=\"row-128\">\n\t<td class=\"column-1\">36\/2021<\/td><td class=\"column-2\">36\/2021<\/td><td class=\"column-3\"><\/td><td class=\"column-4\">25\/01\/2021<\/td><td class=\"column-5\">Dispensa<\/td><td class=\"column-6\">Menor Pre\u00e7o Por Item<\/td><td class=\"column-7\">CONTRATA\u00c7\u00c3O DE EMPRESA PARA FORNECIMENTO DE ENERGIA EL\u00c9TRICA.<\/td><td class=\"column-8\">R$ 775.000,00<\/td><td class=\"column-9\">COMPANHIA ENERG\u00c9TICA DO RIO GRANDE DO NORTE<\/td><td class=\"column-10\">COMPANHIA ENERG\u00c9TICA DO RIO GRANDE DO NORTE<\/td><td class=\"column-11\">08.324.196\/0001-81<\/td><td class=\"column-12\">R$ 775.000,00<\/td><td class=\"column-13\">Encerrada<\/td><td class=\"column-14\">02004801001\/2021\t<\/td><td class=\"column-15\">01\/08\/2021<\/td><td class=\"column-16\"><\/td><td class=\"column-17\"><\/td>\n<\/tr>\n<tr class=\"row-129\">\n\t<td class=\"column-1\">36\/2021<\/td><td class=\"column-2\">36\/2021<\/td><td class=\"column-3\"><\/td><td class=\"column-4\">25\/01\/2021<\/td><td class=\"column-5\">Dispensa<\/td><td class=\"column-6\">Menor Pre\u00e7o Por Item<\/td><td class=\"column-7\">CONTRATA\u00c7\u00c3O DE EMPRESA PARA FORNECIMENTO DE ENERGIA EL\u00c9TRICA.<\/td><td class=\"column-8\">R$ 775.000,00<\/td><td class=\"column-9\">COMPANHIA ENERG\u00c9TICA DO RIO GRANDE DO NORTE<\/td><td class=\"column-10\">COMPANHIA ENERG\u00c9TICA DO RIO GRANDE DO NORTE<\/td><td class=\"column-11\">08.324.196\/0001-81<\/td><td class=\"column-12\">R$ 775.000,00<\/td><td class=\"column-13\">Encerrada<\/td><td class=\"column-14\">02006801001\/2021\t<\/td><td class=\"column-15\">01\/08\/2021<\/td><td class=\"column-16\"><\/td><td class=\"column-17\"><\/td>\n<\/tr>\n<tr class=\"row-130\">\n\t<td class=\"column-1\">36\/2021<\/td><td class=\"column-2\">36\/2021<\/td><td class=\"column-3\"><\/td><td class=\"column-4\">25\/01\/2021<\/td><td class=\"column-5\">Dispensa<\/td><td class=\"column-6\">Menor Pre\u00e7o Por Item<\/td><td class=\"column-7\">CONTRATA\u00c7\u00c3O DE EMPRESA PARA FORNECIMENTO DE ENERGIA EL\u00c9TRICA.<\/td><td class=\"column-8\">R$ 775.000,00<\/td><td class=\"column-9\">COMPANHIA ENERG\u00c9TICA DO RIO GRANDE DO NORTE<\/td><td class=\"column-10\">COMPANHIA ENERG\u00c9TICA DO RIO GRANDE DO NORTE<\/td><td class=\"column-11\">08.324.196\/0001-81<\/td><td class=\"column-12\">R$ 775.000,00<\/td><td class=\"column-13\">Encerrada<\/td><td class=\"column-14\">02004910001\/2021\t<\/td><td class=\"column-15\">10\/09\/2021<\/td><td class=\"column-16\"><\/td><td class=\"column-17\"><\/td>\n<\/tr>\n<tr class=\"row-131\">\n\t<td class=\"column-1\">36\/2021<\/td><td class=\"column-2\">36\/2021<\/td><td class=\"column-3\"><\/td><td class=\"column-4\">25\/01\/2021<\/td><td class=\"column-5\">Dispensa<\/td><td class=\"column-6\">Menor Pre\u00e7o Por Item<\/td><td class=\"column-7\">CONTRATA\u00c7\u00c3O DE EMPRESA PARA FORNECIMENTO DE ENERGIA EL\u00c9TRICA.<\/td><td class=\"column-8\">R$ 775.000,00<\/td><td class=\"column-9\">COMPANHIA ENERG\u00c9TICA DO RIO GRANDE DO NORTE<\/td><td class=\"column-10\">COMPANHIA ENERG\u00c9TICA DO RIO GRANDE DO NORTE<\/td><td class=\"column-11\">08.324.196\/0001-81<\/td><td class=\"column-12\">R$ 775.000,00<\/td><td class=\"column-13\">Encerrada<\/td><td class=\"column-14\">02002420001\/2021\t<\/td><td class=\"column-15\">20\/04\/2021<\/td><td class=\"column-16\"><\/td><td class=\"column-17\"><\/td>\n<\/tr>\n<tr class=\"row-132\">\n\t<td class=\"column-1\">36\/2021<\/td><td class=\"column-2\">36\/2021<\/td><td class=\"column-3\"><\/td><td class=\"column-4\">25\/01\/2021<\/td><td class=\"column-5\">Dispensa<\/td><td class=\"column-6\">Menor Pre\u00e7o Por Item<\/td><td class=\"column-7\">CONTRATA\u00c7\u00c3O DE EMPRESA PARA FORNECIMENTO DE ENERGIA EL\u00c9TRICA.<\/td><td class=\"column-8\">R$ 775.000,00<\/td><td class=\"column-9\">COMPANHIA ENERG\u00c9TICA DO RIO GRANDE DO NORTE<\/td><td class=\"column-10\">COMPANHIA ENERG\u00c9TICA DO RIO GRANDE DO NORTE<\/td><td class=\"column-11\">08.324.196\/0001-81<\/td><td class=\"column-12\">R$ 775.000,00<\/td><td class=\"column-13\">Encerrada<\/td><td class=\"column-14\">02004709001\/2021\t<\/td><td class=\"column-15\">09\/07\/2021<\/td><td class=\"column-16\"><\/td><td class=\"column-17\"><\/td>\n<\/tr>\n<tr class=\"row-133\">\n\t<td class=\"column-1\">36\/2021<\/td><td class=\"column-2\">36\/2021<\/td><td class=\"column-3\"><\/td><td class=\"column-4\">25\/01\/2021<\/td><td class=\"column-5\">Dispensa<\/td><td class=\"column-6\">Menor Pre\u00e7o Por Item<\/td><td class=\"column-7\">CONTRATA\u00c7\u00c3O DE EMPRESA PARA FORNECIMENTO DE ENERGIA EL\u00c9TRICA.<\/td><td class=\"column-8\">R$ 775.000,00<\/td><td class=\"column-9\">COMPANHIA ENERG\u00c9TICA DO RIO GRANDE DO NORTE<\/td><td class=\"column-10\">COMPANHIA ENERG\u00c9TICA DO RIO GRANDE DO NORTE<\/td><td class=\"column-11\">08.324.196\/0001-81<\/td><td class=\"column-12\">R$ 775.000,00<\/td><td class=\"column-13\">Encerrada<\/td><td class=\"column-14\">02004701001\/2021\t<\/td><td class=\"column-15\">01\/07\/2021<\/td><td class=\"column-16\"><\/td><td class=\"column-17\"><\/td>\n<\/tr>\n<tr class=\"row-134\">\n\t<td class=\"column-1\">36\/2021<\/td><td class=\"column-2\">36\/2021<\/td><td class=\"column-3\"><\/td><td class=\"column-4\">25\/01\/2021<\/td><td class=\"column-5\">Dispensa<\/td><td class=\"column-6\">Menor Pre\u00e7o Por Item<\/td><td class=\"column-7\">CONTRATA\u00c7\u00c3O DE EMPRESA PARA FORNECIMENTO DE ENERGIA EL\u00c9TRICA.<\/td><td class=\"column-8\">R$ 775.000,00<\/td><td class=\"column-9\">COMPANHIA ENERG\u00c9TICA DO RIO GRANDE DO NORTE<\/td><td class=\"column-10\">COMPANHIA ENERG\u00c9TICA DO RIO GRANDE DO NORTE<\/td><td class=\"column-11\">08.324.196\/0001-81<\/td><td class=\"column-12\">R$ 775.000,00<\/td><td class=\"column-13\">Encerrada<\/td><td class=\"column-14\">03001701002\/2021\t<\/td><td class=\"column-15\">01\/07\/2021<\/td><td class=\"column-16\"><\/td><td class=\"column-17\"><\/td>\n<\/tr>\n<tr class=\"row-135\">\n\t<td class=\"column-1\">36\/2021<\/td><td class=\"column-2\">36\/2021<\/td><td class=\"column-3\"><\/td><td class=\"column-4\">25\/01\/2021<\/td><td class=\"column-5\">Dispensa<\/td><td class=\"column-6\">Menor Pre\u00e7o Por Item<\/td><td class=\"column-7\">CONTRATA\u00c7\u00c3O DE EMPRESA PARA FORNECIMENTO DE ENERGIA EL\u00c9TRICA.<\/td><td class=\"column-8\">R$ 775.000,00<\/td><td class=\"column-9\">COMPANHIA ENERG\u00c9TICA DO RIO GRANDE DO NORTE<\/td><td class=\"column-10\">COMPANHIA ENERG\u00c9TICA DO RIO GRANDE DO NORTE<\/td><td class=\"column-11\">08.324.196\/0001-81<\/td><td class=\"column-12\">R$ 775.000,00<\/td><td class=\"column-13\">Encerrada<\/td><td class=\"column-14\">02009721001\/2021\t<\/td><td class=\"column-15\">21\/07\/2021<\/td><td class=\"column-16\"><\/td><td class=\"column-17\"><\/td>\n<\/tr>\n<tr class=\"row-136\">\n\t<td class=\"column-1\">36\/2021<\/td><td class=\"column-2\">36\/2021<\/td><td class=\"column-3\"><\/td><td class=\"column-4\">25\/01\/2021<\/td><td class=\"column-5\">Dispensa<\/td><td class=\"column-6\">Menor Pre\u00e7o Por Item<\/td><td class=\"column-7\">CONTRATA\u00c7\u00c3O DE EMPRESA PARA FORNECIMENTO DE ENERGIA EL\u00c9TRICA.<\/td><td class=\"column-8\">R$ 775.000,00<\/td><td class=\"column-9\">COMPANHIA ENERG\u00c9TICA DO RIO GRANDE DO NORTE<\/td><td class=\"column-10\">COMPANHIA ENERG\u00c9TICA DO RIO GRANDE DO NORTE<\/td><td class=\"column-11\">08.324.196\/0001-81<\/td><td class=\"column-12\">R$ 775.000,00<\/td><td class=\"column-13\">Encerrada<\/td><td class=\"column-14\">02006129003\/2021\t<\/td><td class=\"column-15\">01\/02\/2021<\/td><td class=\"column-16\"><\/td><td class=\"column-17\"><\/td>\n<\/tr>\n<tr class=\"row-137\">\n\t<td class=\"column-1\">36\/2021<\/td><td class=\"column-2\">36\/2021<\/td><td class=\"column-3\"><\/td><td class=\"column-4\">25\/01\/2021<\/td><td class=\"column-5\">Dispensa<\/td><td class=\"column-6\">Menor Pre\u00e7o Por Item<\/td><td class=\"column-7\">CONTRATA\u00c7\u00c3O DE EMPRESA PARA FORNECIMENTO DE ENERGIA EL\u00c9TRICA.<\/td><td class=\"column-8\">R$ 775.000,00<\/td><td class=\"column-9\">COMPANHIA ENERG\u00c9TICA DO RIO GRANDE DO NORTE<\/td><td class=\"column-10\">COMPANHIA ENERG\u00c9TICA DO RIO GRANDE DO NORTE<\/td><td class=\"column-11\">08.324.196\/0001-81<\/td><td class=\"column-12\">R$ 775.000,00<\/td><td class=\"column-13\">Encerrada<\/td><td class=\"column-14\">04001129002\/2021\t<\/td><td class=\"column-15\">29\/01\/2021<\/td><td class=\"column-16\"><\/td><td class=\"column-17\"><\/td>\n<\/tr>\n<tr class=\"row-138\">\n\t<td class=\"column-1\">36\/2021<\/td><td class=\"column-2\">36\/2021<\/td><td class=\"column-3\"><\/td><td class=\"column-4\">25\/01\/2021<\/td><td class=\"column-5\">Dispensa<\/td><td class=\"column-6\">Menor Pre\u00e7o Por Item<\/td><td class=\"column-7\">CONTRATA\u00c7\u00c3O DE EMPRESA PARA FORNECIMENTO DE ENERGIA EL\u00c9TRICA.<\/td><td class=\"column-8\">R$ 775.000,00<\/td><td class=\"column-9\">COMPANHIA ENERG\u00c9TICA DO RIO GRANDE DO NORTE<\/td><td class=\"column-10\">COMPANHIA ENERG\u00c9TICA DO RIO GRANDE DO NORTE<\/td><td class=\"column-11\">08.324.196\/0001-81<\/td><td class=\"column-12\">R$ 775.000,00<\/td><td class=\"column-13\">Encerrada<\/td><td class=\"column-14\">02010129001\/2021\t<\/td><td class=\"column-15\">29\/01\/2021<\/td><td class=\"column-16\"><\/td><td class=\"column-17\"><\/td>\n<\/tr>\n<tr class=\"row-139\">\n\t<td class=\"column-1\">36\/2021<\/td><td class=\"column-2\">36\/2021<\/td><td class=\"column-3\"><\/td><td class=\"column-4\">25\/01\/2021<\/td><td class=\"column-5\">Dispensa<\/td><td class=\"column-6\">Menor Pre\u00e7o Por Item<\/td><td class=\"column-7\">CONTRATA\u00c7\u00c3O DE EMPRESA PARA FORNECIMENTO DE ENERGIA EL\u00c9TRICA.<\/td><td class=\"column-8\">R$ 775.000,00<\/td><td class=\"column-9\">COMPANHIA ENERG\u00c9TICA DO RIO GRANDE DO NORTE<\/td><td class=\"column-10\">COMPANHIA ENERG\u00c9TICA DO RIO GRANDE DO NORTE<\/td><td class=\"column-11\">08.324.196\/0001-81<\/td><td class=\"column-12\">R$ 775.000,00<\/td><td class=\"column-13\">Encerrada<\/td><td class=\"column-14\">02009129001\/2021\t<\/td><td class=\"column-15\">28\/01\/2021<\/td><td class=\"column-16\"><\/td><td class=\"column-17\"><\/td>\n<\/tr>\n<tr class=\"row-140\">\n\t<td class=\"column-1\">36\/2021<\/td><td class=\"column-2\">36\/2021<\/td><td class=\"column-3\"><\/td><td class=\"column-4\">25\/01\/2021<\/td><td class=\"column-5\">Dispensa<\/td><td class=\"column-6\">Menor Pre\u00e7o Por Item<\/td><td class=\"column-7\">CONTRATA\u00c7\u00c3O DE EMPRESA PARA FORNECIMENTO DE ENERGIA EL\u00c9TRICA.<\/td><td class=\"column-8\">R$ 775.000,00<\/td><td class=\"column-9\">COMPANHIA ENERG\u00c9TICA DO RIO GRANDE DO NORTE<\/td><td class=\"column-10\">COMPANHIA ENERG\u00c9TICA DO RIO GRANDE DO NORTE<\/td><td class=\"column-11\">08.324.196\/0001-81<\/td><td class=\"column-12\">R$ 775.000,00<\/td><td class=\"column-13\">Encerrada<\/td><td class=\"column-14\">02001129001\/2021\t<\/td><td class=\"column-15\">29\/01\/2021<\/td><td class=\"column-16\"><\/td><td class=\"column-17\"><\/td>\n<\/tr>\n<tr class=\"row-141\">\n\t<td class=\"column-1\">36\/2021<\/td><td class=\"column-2\">36\/2021<\/td><td class=\"column-3\"><\/td><td class=\"column-4\">25\/01\/2021<\/td><td class=\"column-5\">Dispensa<\/td><td class=\"column-6\">Menor Pre\u00e7o Por Item<\/td><td class=\"column-7\">CONTRATA\u00c7\u00c3O DE EMPRESA PARA FORNECIMENTO DE ENERGIA EL\u00c9TRICA.<\/td><td class=\"column-8\">R$ 775.000,00<\/td><td class=\"column-9\">COMPANHIA ENERG\u00c9TICA DO RIO GRANDE DO NORTE<\/td><td class=\"column-10\">COMPANHIA ENERG\u00c9TICA DO RIO GRANDE DO NORTE<\/td><td class=\"column-11\">08.324.196\/0001-81<\/td><td class=\"column-12\">R$ 775.000,00<\/td><td class=\"column-13\">Encerrada<\/td><td class=\"column-14\">02002405001\/2021\t<\/td><td class=\"column-15\">05\/04\/2021<\/td><td class=\"column-16\"><\/td><td class=\"column-17\"><\/td>\n<\/tr>\n<tr class=\"row-142\">\n\t<td class=\"column-1\">36\/2021<\/td><td class=\"column-2\">36\/2021<\/td><td class=\"column-3\"><\/td><td class=\"column-4\">25\/01\/2021<\/td><td class=\"column-5\">Dispensa<\/td><td class=\"column-6\">Menor Pre\u00e7o Por Item<\/td><td class=\"column-7\">CONTRATA\u00c7\u00c3O DE EMPRESA PARA FORNECIMENTO DE ENERGIA EL\u00c9TRICA.<\/td><td class=\"column-8\">R$ 775.000,00<\/td><td class=\"column-9\">COMPANHIA ENERG\u00c9TICA DO RIO GRANDE DO NORTE<\/td><td class=\"column-10\">COMPANHIA ENERG\u00c9TICA DO RIO GRANDE DO NORTE<\/td><td class=\"column-11\">08.324.196\/0001-81<\/td><td class=\"column-12\">R$ 775.000,00<\/td><td class=\"column-13\">Encerrada<\/td><td class=\"column-14\">02006125002\/2021\t<\/td><td class=\"column-15\">25\/01\/2021<\/td><td class=\"column-16\"><\/td><td class=\"column-17\"><\/td>\n<\/tr>\n<tr class=\"row-143\">\n\t<td class=\"column-1\">36\/2021<\/td><td class=\"column-2\">36\/2021<\/td><td class=\"column-3\"><\/td><td class=\"column-4\">25\/01\/2021<\/td><td class=\"column-5\">Dispensa<\/td><td class=\"column-6\">Menor Pre\u00e7o Por Item<\/td><td class=\"column-7\">CONTRATA\u00c7\u00c3O DE EMPRESA PARA FORNECIMENTO DE ENERGIA EL\u00c9TRICA.<\/td><td class=\"column-8\">R$ 775.000,00<\/td><td class=\"column-9\">COMPANHIA ENERG\u00c9TICA DO RIO GRANDE DO NORTE<\/td><td class=\"column-10\">COMPANHIA ENERG\u00c9TICA DO RIO GRANDE DO NORTE<\/td><td class=\"column-11\">08.324.196\/0001-81<\/td><td class=\"column-12\">R$ 775.000,00<\/td><td class=\"column-13\">Encerrada<\/td><td class=\"column-14\">02004301001\/2021\t<\/td><td class=\"column-15\">01\/03\/2021<\/td><td class=\"column-16\"><\/td><td class=\"column-17\"><\/td>\n<\/tr>\n<tr class=\"row-144\">\n\t<td class=\"column-1\">36\/2021<\/td><td class=\"column-2\">36\/2021<\/td><td class=\"column-3\"><\/td><td class=\"column-4\">25\/01\/2021<\/td><td class=\"column-5\">Dispensa<\/td><td class=\"column-6\">Menor Pre\u00e7o Por Item<\/td><td class=\"column-7\">CONTRATA\u00c7\u00c3O DE EMPRESA PARA FORNECIMENTO DE ENERGIA EL\u00c9TRICA.<\/td><td class=\"column-8\">R$ 775.000,00<\/td><td class=\"column-9\">COMPANHIA ENERG\u00c9TICA DO RIO GRANDE DO NORTE<\/td><td class=\"column-10\">COMPANHIA ENERG\u00c9TICA DO RIO GRANDE DO NORTE<\/td><td class=\"column-11\">08.324.196\/0001-81<\/td><td class=\"column-12\">R$ 775.000,00<\/td><td class=\"column-13\">Encerrada<\/td><td class=\"column-14\">03001125002\/2021\t<\/td><td class=\"column-15\">25\/01\/2021<\/td><td class=\"column-16\"><\/td><td class=\"column-17\"><\/td>\n<\/tr>\n<tr class=\"row-145\">\n\t<td class=\"column-1\">36\/2021<\/td><td class=\"column-2\">36\/2021<\/td><td class=\"column-3\"><\/td><td class=\"column-4\">25\/01\/2021<\/td><td class=\"column-5\">Dispensa<\/td><td class=\"column-6\">Menor Pre\u00e7o Por Item<\/td><td class=\"column-7\">CONTRATA\u00c7\u00c3O DE EMPRESA PARA FORNECIMENTO DE ENERGIA EL\u00c9TRICA.<\/td><td class=\"column-8\">R$ 775.000,00<\/td><td class=\"column-9\">COMPANHIA ENERG\u00c9TICA DO RIO GRANDE DO NORTE<\/td><td class=\"column-10\">COMPANHIA ENERG\u00c9TICA DO RIO GRANDE DO NORTE<\/td><td class=\"column-11\">08.324.196\/0001-81<\/td><td class=\"column-12\">R$ 775.000,00<\/td><td class=\"column-13\">Encerrada<\/td><td class=\"column-14\">02002125002\/2021\t<\/td><td class=\"column-15\">25\/01\/2021<\/td><td class=\"column-16\"><\/td><td class=\"column-17\"><\/td>\n<\/tr>\n<tr class=\"row-146\">\n\t<td class=\"column-1\">36\/2021<\/td><td class=\"column-2\">36\/2021<\/td><td class=\"column-3\"><\/td><td class=\"column-4\">25\/01\/2021<\/td><td class=\"column-5\">Dispensa<\/td><td class=\"column-6\">Menor Pre\u00e7o Por Item<\/td><td class=\"column-7\">CONTRATA\u00c7\u00c3O DE EMPRESA PARA FORNECIMENTO DE ENERGIA EL\u00c9TRICA.<\/td><td class=\"column-8\">R$ 775.000,00<\/td><td class=\"column-9\">COMPANHIA ENERG\u00c9TICA DO RIO GRANDE DO NORTE<\/td><td class=\"column-10\">COMPANHIA ENERG\u00c9TICA DO RIO GRANDE DO NORTE<\/td><td class=\"column-11\">08.324.196\/0001-81<\/td><td class=\"column-12\">R$ 775.000,00<\/td><td class=\"column-13\">Encerrada<\/td><td class=\"column-14\">02004125001\/2021\t<\/td><td class=\"column-15\">25\/01\/2021<\/td><td class=\"column-16\"><\/td><td class=\"column-17\"><\/td>\n<\/tr>\n<tr class=\"row-147\">\n\t<td class=\"column-1\">43\/2021<\/td><td class=\"column-2\">43\/2021<\/td><td class=\"column-3\"><\/td><td class=\"column-4\">01\/02\/2021<\/td><td class=\"column-5\">Dispensa<\/td><td class=\"column-6\">Melhor T\u00e9cnica e Menor Pre\u00e7o<\/td><td class=\"column-7\">PRESTA\u00c7\u00c3O DOS SERVI\u00c7OS DE ATENDIMENTO A PESSOAS SUBMETIDAS \u00c0 PREVEN\u00c7\u00c3O, DIAGN\u00d3STICO E TRATAMENTO DE NEOPLASIAS, COMO TAMB\u00c9M EXAMES DE APOIO \u00c0 DIAGNOSE DE M\u00c9DIA E ALTA COMPLEXIDADE, AMBULATORIAIS SEM CAR\u00c1TER DE EXCLUSIVIDADE.<\/td><td class=\"column-8\">R$ 110.000,00<\/td><td class=\"column-9\"> Liga Norte Riograndense Contra o C\u00e2ncer<\/td><td class=\"column-10\"> Liga Norte Riograndense Contra o C\u00e2ncer<\/td><td class=\"column-11\">08.428.765\/0001-39<\/td><td class=\"column-12\">R$ 110.000,00<\/td><td class=\"column-13\">Encerrada<\/td><td class=\"column-14\">03001201002\/2021\t<\/td><td class=\"column-15\">01\/02\/2021<\/td><td class=\"column-16\"><\/td><td class=\"column-17\"><\/td>\n<\/tr>\n<tr class=\"row-148\">\n\t<td class=\"column-1\">52\/2021<\/td><td class=\"column-2\">52\/2021<\/td><td class=\"column-3\"><\/td><td class=\"column-4\">26\/02\/2021<\/td><td class=\"column-5\">Dispensa<\/td><td class=\"column-6\">Melhor T\u00e9cnica e Menor Pre\u00e7o<\/td><td class=\"column-7\">CELEBRA\u00c7\u00c3O DE CONV\u00caNIO DESTINADO \u00c0 CONTRA\u00c7\u00c3O DA PRESTA\u00c7\u00c3O DOS SERVI\u00c7OS DE CONSULTAS, SESS\u00d5ES, EXAMES M\u00c9DICOS E LABORATORIAIS ESPECIALIZADOS EM REGIME DE GEST\u00c3O ASSOCIADA, COM DURA\u00c7\u00c3O DE 12 MESES.<\/td><td class=\"column-8\">R$ 120.000,00<\/td><td class=\"column-9\">CONS\u00d3RCIO P\u00daBLICO INTERMUNICIPAL DO RIO GRANDE NOR<\/td><td class=\"column-10\">CONS\u00d3RCIO P\u00daBLICO INTERMUNICIPAL DO RIO GRANDE NOR<\/td><td class=\"column-11\">12.120.272\/0001-04<\/td><td class=\"column-12\">R$ 120.000,00<\/td><td class=\"column-13\">Encerrada<\/td><td class=\"column-14\">03001226001\/2021\t<\/td><td class=\"column-15\">26\/02\/2021<\/td><td class=\"column-16\">20\/2021\t<\/td><td class=\"column-17\">26\/02\/2021<\/td>\n<\/tr>\n<tr class=\"row-149\">\n\t<td class=\"column-1\">53\/2021<\/td><td class=\"column-2\">53\/2021<\/td><td class=\"column-3\"><\/td><td class=\"column-4\">12\/02\/2021<\/td><td class=\"column-5\">Dispensa<\/td><td class=\"column-6\">Menor Pre\u00e7o Por Item<\/td><td class=\"column-7\">AQUISI\u00c7\u00c3O DE MATERIAIS PERMANENTES DESTINADOS AO SETOR DE LICITA\u00c7\u00d5ES E CONTRATOS DE ACORDO COM O TERMO DE REFER\u00caNCIA<\/td><td class=\"column-8\">R$ 11.666,70<\/td><td class=\"column-9\">COMERCIO DE MOVEIS, ELETRODOM. E INFOR MALHEIROS, INFOSERV INFORM\u00c1TICA E TECNOLOGIA LTDA, MARCO A B DE MELO<\/td><td class=\"column-10\">INFOSERV INFORM\u00c1TICA E TECNOLOGIA LTDA<\/td><td class=\"column-11\">21.725.568\/0001-40<\/td><td class=\"column-12\">R$ 11.666,70<\/td><td class=\"column-13\">Encerrada<\/td><td class=\"column-14\">02002223001\/2021\t<\/td><td class=\"column-15\">23\/02\/2021<\/td><td class=\"column-16\"><\/td><td class=\"column-17\"><\/td>\n<\/tr>\n<tr class=\"row-150\">\n\t<td class=\"column-1\">86\/2021<\/td><td class=\"column-2\">86\/2021<\/td><td class=\"column-3\"><\/td><td class=\"column-4\">03\/02\/2021<\/td><td class=\"column-5\">Dispensa<\/td><td class=\"column-6\">Menor Pre\u00e7o Por Item<\/td><td class=\"column-7\">CONTRATA\u00c7\u00c3O DE EMPRESA EMERGENCIAL PARA AQUISI\u00c7\u00c3O DE MEDICAMENTOS CONTROLADOS EM CAR\u00c1TER DE EMERG\u00caNCIA PARA SUPRIR AS NECESSIDADES DA POPULA\u00c7\u00c3O DESTE MUNIC\u00cdPIO TENDO EM VISTA QUE ESTES MEDICAMENTOS S\u00c3O DE USO IMPRESCIND\u00cdVEL ATENDENDO TAMB\u00c9M A DEMANDA DA SECRETARIA MUNICIPAL DE SA\u00daDE.<\/td><td class=\"column-8\">R$ 317.276,40<\/td><td class=\"column-9\">NATAL HOSPITALAR E MEDICAMENTOS LTDA, ODONTOMED MED. E MAT. M\u00c9DICO HOSPITALAR LTDA, RN COMERCIO DE MEDICAMENTOS E MATERIAL HOSPITALAR LTDA ME<\/td><td class=\"column-10\">ODONTOMED MED. E MAT. M\u00c9DICO HOSPITALAR LTDA<\/td><td class=\"column-11\">37.029.855\/0001-55<\/td><td class=\"column-12\">R$ 317.276,40<\/td><td class=\"column-13\">Encerrada<\/td><td class=\"column-14\">03001211003\/2021\t<\/td><td class=\"column-15\">11\/02\/2021<\/td><td class=\"column-16\">9\/2021\t<\/td><td class=\"column-17\">03\/02\/2021<\/td>\n<\/tr>\n<tr class=\"row-151\">\n\t<td class=\"column-1\">86\/2021<\/td><td class=\"column-2\">86\/2021<\/td><td class=\"column-3\"><\/td><td class=\"column-4\">03\/02\/2021<\/td><td class=\"column-5\">Dispensa<\/td><td class=\"column-6\">Menor Pre\u00e7o Por Item<\/td><td class=\"column-7\">CONTRATA\u00c7\u00c3O DE EMPRESA EMERGENCIAL PARA AQUISI\u00c7\u00c3O DE MEDICAMENTOS CONTROLADOS EM CAR\u00c1TER DE EMERG\u00caNCIA PARA SUPRIR AS NECESSIDADES DA POPULA\u00c7\u00c3O DESTE MUNIC\u00cdPIO TENDO EM VISTA QUE ESTES MEDICAMENTOS S\u00c3O DE USO IMPRESCIND\u00cdVEL ATENDENDO TAMB\u00c9M A DEMANDA DA SECRETARIA MUNICIPAL DE SA\u00daDE.<\/td><td class=\"column-8\">R$ 317.276,40<\/td><td class=\"column-9\">NATAL HOSPITALAR E MEDICAMENTOS LTDA, ODONTOMED MED. E MAT. M\u00c9DICO HOSPITALAR LTDA, RN COMERCIO DE MEDICAMENTOS E MATERIAL HOSPITALAR LTDA ME<\/td><td class=\"column-10\">ODONTOMED MED. E MAT. M\u00c9DICO HOSPITALAR LTDA<\/td><td class=\"column-11\">37.029.855\/0001-55<\/td><td class=\"column-12\">R$ 317.276,40<\/td><td class=\"column-13\">Encerrada<\/td><td class=\"column-14\">03001204002\/2021\t<\/td><td class=\"column-15\">04\/02\/2021<\/td><td class=\"column-16\">9\/2021\t<\/td><td class=\"column-17\">03\/02\/2021<\/td>\n<\/tr>\n<tr class=\"row-152\">\n\t<td class=\"column-1\">86\/2021<\/td><td class=\"column-2\">86\/2021<\/td><td class=\"column-3\"><\/td><td class=\"column-4\">03\/02\/2021<\/td><td class=\"column-5\">Dispensa<\/td><td class=\"column-6\">Menor Pre\u00e7o Por Item<\/td><td class=\"column-7\">CONTRATA\u00c7\u00c3O DE EMPRESA EMERGENCIAL PARA AQUISI\u00c7\u00c3O DE MEDICAMENTOS CONTROLADOS EM CAR\u00c1TER DE EMERG\u00caNCIA PARA SUPRIR AS NECESSIDADES DA POPULA\u00c7\u00c3O DESTE MUNIC\u00cdPIO TENDO EM VISTA QUE ESTES MEDICAMENTOS S\u00c3O DE USO IMPRESCIND\u00cdVEL ATENDENDO TAMB\u00c9M A DEMANDA DA SECRETARIA MUNICIPAL DE SA\u00daDE.<\/td><td class=\"column-8\">R$ 317.276,40<\/td><td class=\"column-9\">NATAL HOSPITALAR E MEDICAMENTOS LTDA, ODONTOMED MED. E MAT. M\u00c9DICO HOSPITALAR LTDA, RN COMERCIO DE MEDICAMENTOS E MATERIAL HOSPITALAR LTDA ME<\/td><td class=\"column-10\">ODONTOMED MED. E MAT. M\u00c9DICO HOSPITALAR LTDA<\/td><td class=\"column-11\">37.029.855\/0001-55<\/td><td class=\"column-12\">R$ 317.276,40<\/td><td class=\"column-13\">Encerrada<\/td><td class=\"column-14\">03001521002\/2021\t<\/td><td class=\"column-15\">12\/05\/2021<\/td><td class=\"column-16\">9\/2021\t<\/td><td class=\"column-17\">03\/02\/2021<\/td>\n<\/tr>\n<tr class=\"row-153\">\n\t<td class=\"column-1\">87\/2021<\/td><td class=\"column-2\">87\/2021<\/td><td class=\"column-3\"><\/td><td class=\"column-4\"><\/td><td class=\"column-5\">Dispensa<\/td><td class=\"column-6\">Menor Pre\u00e7o Por Item<\/td><td class=\"column-7\">LOCA\u00c7\u00c3O DE IM\u00d3VEL LOCALIZADO NA RUA JO\u00c3O MILIT\u00c3O MARTINS, N\u00ba 033, CENTRO, LAJES\/RN<\/td><td class=\"column-8\">R$ 9.350,00<\/td><td class=\"column-9\">MARIA VIEIRA DE MELO MEDEIROS<\/td><td class=\"column-10\">MARIA VIEIRA DE MELO MEDEIROS<\/td><td class=\"column-11\">429.223.134-68<\/td><td class=\"column-12\">R$ 9.350,00<\/td><td class=\"column-13\">Encerrada<\/td><td class=\"column-14\">02010212001\/2021\t<\/td><td class=\"column-15\">12\/02\/2021<\/td><td class=\"column-16\">12\/2021\t<\/td><td class=\"column-17\">12\/02\/2021<\/td>\n<\/tr>\n<tr class=\"row-154\">\n\t<td class=\"column-1\">93\/2021<\/td><td class=\"column-2\">93\/2021<\/td><td class=\"column-3\"><\/td><td class=\"column-4\">11\/02\/2021<\/td><td class=\"column-5\">Dispensa<\/td><td class=\"column-6\">Menor Pre\u00e7o Por Item<\/td><td class=\"column-7\">AQUISI\u00c7\u00c3O DE 01 (UMA) CADEIRA DE RODAS MOTORIZADA, EM VIRTUDE DE UMA DETERMINA\u00c7\u00c3O JUDICIAL, A SER DESTINADA PARA O USU\u00c1RIO SENHOR ERIVANALDO VICTOR DE LIMA, PORTADOR DO CPF SOB N\u00ba 062.785.544-02, PORTADOR DE NECESSIDADES ESPECIAIS, RESIDENTE NESTE MUNIC\u00cdPIO, TENDO EM VISTA A NECESSIDADE DE LOCOMO\u00c7\u00c3O DI\u00c1RIA E NO EXERC\u00cdCIO DAS ATIVIDADES COTIDIANAS DE ACORDO COM A SOLICITA\u00c7\u00c3O DO MINIST\u00c9RIO P\u00daBLICO DO ESTADO DO RIO GRANDE DO NORTE VINCULADO AO PROCEDIMENTO ADMINISTRATIVO N\u00ba 084.2020.000067, BEM COMO LAUDO M\u00c9DICO EMITIDO PELO HOSPITAL UNIVERSIT\u00c1RIO ONOFRE LOPES ACOSTADO AOS AUTOS.<\/td><td class=\"column-8\">R$ 13.560,00<\/td><td class=\"column-9\">ALPHAMED DISTRIBUIDORA DE MEDICAMENTOS LTDA, ARTMED COMERCIAL EIRELI, COMERCIO E REPRESENTA\u00c7\u00d5ES<\/td><td class=\"column-10\">ARTMED COMERCIAL EIRELI<\/td><td class=\"column-11\">04.361.467\/0001-18<\/td><td class=\"column-12\">R$ 13.560,00<\/td><td class=\"column-13\">Encerrada<\/td><td class=\"column-14\">03001212002\/2021\t<\/td><td class=\"column-15\">12\/02\/2021<\/td><td class=\"column-16\"><\/td><td class=\"column-17\"><\/td>\n<\/tr>\n<tr class=\"row-155\">\n\t<td class=\"column-1\">112\/2021<\/td><td class=\"column-2\">112\/2021<\/td><td class=\"column-3\"><\/td><td class=\"column-4\">03\/03\/2021<\/td><td class=\"column-5\">Dispensa<\/td><td class=\"column-6\">Menor Pre\u00e7o Por Item<\/td><td class=\"column-7\">LOCA\u00c7\u00c3O DE IM\u00d3VEL LOCALIZADO NA PRA\u00c7A MONSENHOR VICENTE DE PAULA, N\u00ba 312 \u2013 CENTRO, LAJES\/RN EM FAVOR DA PAR\u00d3QUIA NOSSA SENHORA DA CONCEI\u00c7\u00c3O.<\/td><td class=\"column-8\">R$ 60.000,00<\/td><td class=\"column-9\">ARQUIDIOCESE DE NATAL<\/td><td class=\"column-10\">ARQUIDIOCESE DE NATAL<\/td><td class=\"column-11\">08.026.122\/0017-26<\/td><td class=\"column-12\">R$ 60.000,00<\/td><td class=\"column-13\">Encerrada<\/td><td class=\"column-14\">02006304001\/2021\t<\/td><td class=\"column-15\">04\/03\/2021<\/td><td class=\"column-16\">23\/2021\t<\/td><td class=\"column-17\">03\/03\/2021<\/td>\n<\/tr>\n<tr class=\"row-156\">\n\t<td class=\"column-1\">112\/2021<\/td><td class=\"column-2\">112\/2021<\/td><td class=\"column-3\"><\/td><td class=\"column-4\">03\/03\/2021<\/td><td class=\"column-5\">Dispensa<\/td><td class=\"column-6\">Menor Pre\u00e7o Por Item<\/td><td class=\"column-7\">LOCA\u00c7\u00c3O DE IM\u00d3VEL LOCALIZADO NA PRA\u00c7A MONSENHOR VICENTE DE PAULA, N\u00ba 312 \u2013 CENTRO, LAJES\/RN EM FAVOR DA PAR\u00d3QUIA NOSSA SENHORA DA CONCEI\u00c7\u00c3O.<\/td><td class=\"column-8\">R$ 60.000,00<\/td><td class=\"column-9\">ARQUIDIOCESE DE NATAL<\/td><td class=\"column-10\">ARQUIDIOCESE DE NATAL<\/td><td class=\"column-11\">08.026.122\/0017-26<\/td><td class=\"column-12\">R$ 60.000,00<\/td><td class=\"column-13\">Encerrada<\/td><td class=\"column-14\">02006901018\/2021\t<\/td><td class=\"column-15\">01\/09\/2021<\/td><td class=\"column-16\">23\/2021\t<\/td><td class=\"column-17\">03\/03\/2021<\/td>\n<\/tr>\n<tr class=\"row-157\">\n\t<td class=\"column-1\">112\/2021<\/td><td class=\"column-2\">112\/2021<\/td><td class=\"column-3\"><\/td><td class=\"column-4\">03\/03\/2021<\/td><td class=\"column-5\">Dispensa<\/td><td class=\"column-6\">Menor Pre\u00e7o Por Item<\/td><td class=\"column-7\">LOCA\u00c7\u00c3O DE IM\u00d3VEL LOCALIZADO NA PRA\u00c7A MONSENHOR VICENTE DE PAULA, N\u00ba 312 \u2013 CENTRO, LAJES\/RN EM FAVOR DA PAR\u00d3QUIA NOSSA SENHORA DA CONCEI\u00c7\u00c3O.<\/td><td class=\"column-8\">R$ 60.000,00<\/td><td class=\"column-9\">ARQUIDIOCESE DE NATAL<\/td><td class=\"column-10\">ARQUIDIOCESE DE NATAL<\/td><td class=\"column-11\">08.026.122\/0017-26<\/td><td class=\"column-12\">R$ 60.000,00<\/td><td class=\"column-13\">Encerrada<\/td><td class=\"column-14\">020061005001\/2021\t<\/td><td class=\"column-15\">05\/10\/2021<\/td><td class=\"column-16\">23\/2021\t<\/td><td class=\"column-17\">03\/03\/2021<\/td>\n<\/tr>\n<tr class=\"row-158\">\n\t<td class=\"column-1\">112\/2021<\/td><td class=\"column-2\">112\/2021<\/td><td class=\"column-3\"><\/td><td class=\"column-4\">03\/03\/2021<\/td><td class=\"column-5\">Dispensa<\/td><td class=\"column-6\">Menor Pre\u00e7o Por Item<\/td><td class=\"column-7\">LOCA\u00c7\u00c3O DE IM\u00d3VEL LOCALIZADO NA PRA\u00c7A MONSENHOR VICENTE DE PAULA, N\u00ba 312 \u2013 CENTRO, LAJES\/RN EM FAVOR DA PAR\u00d3QUIA NOSSA SENHORA DA CONCEI\u00c7\u00c3O.<\/td><td class=\"column-8\">R$ 60.000,00<\/td><td class=\"column-9\">ARQUIDIOCESE DE NATAL<\/td><td class=\"column-10\">ARQUIDIOCESE DE NATAL<\/td><td class=\"column-11\">08.026.122\/0017-26<\/td><td class=\"column-12\">R$ 60.000,00<\/td><td class=\"column-13\">Encerrada<\/td><td class=\"column-14\">020061104001\/2021\t<\/td><td class=\"column-15\">04\/11\/2021<\/td><td class=\"column-16\">23\/2021\t<\/td><td class=\"column-17\">03\/03\/2021<\/td>\n<\/tr>\n<tr class=\"row-159\">\n\t<td class=\"column-1\">121\/2021<\/td><td class=\"column-2\">121\/2021<\/td><td class=\"column-3\"><\/td><td class=\"column-4\">17\/02\/2021<\/td><td class=\"column-5\">Inexigibilidade<\/td><td class=\"column-6\">Menor Pre\u00e7o Global<\/td><td class=\"column-7\">RENOVA\u00c7\u00c3O DE LICEN\u00c7A DE SOFTWARE MAKROLOCK<\/td><td class=\"column-8\">R$ 1.131,90<\/td><td class=\"column-9\">MAKROSYS TECNOLOGIA DA INFORMACAO LTDA<\/td><td class=\"column-10\">MAKROSYS TECNOLOGIA DA INFORMACAO LTDA<\/td><td class=\"column-11\">15.654.914\/0001-43<\/td><td class=\"column-12\">R$ 1.131,90<\/td><td class=\"column-13\">Encerrada<\/td><td class=\"column-14\">02002218001\/2021\t<\/td><td class=\"column-15\">18\/02\/2021<\/td><td class=\"column-16\">16\/2021\t<\/td><td class=\"column-17\">18\/02\/2021<\/td>\n<\/tr>\n<tr class=\"row-160\">\n\t<td class=\"column-1\">122\/2021<\/td><td class=\"column-2\">122\/2021<\/td><td class=\"column-3\"><\/td><td class=\"column-4\">27\/01\/2021<\/td><td class=\"column-5\">Inexigibilidade<\/td><td class=\"column-6\">Menor Pre\u00e7o<\/td><td class=\"column-7\">CONTRATA\u00c7\u00c3O DE EMPRESA PARA FORNECIMENTO DE \u00c1GUA POR MEIO DE TUBULA\u00c7\u00d5ES E ENCANAMENTOS<\/td><td class=\"column-8\">R$ 320.400,00<\/td><td class=\"column-9\">COMPANHIA DE AGUAS E ESGOTOS DO RN - CAERN<\/td><td class=\"column-10\">COMPANHIA DE AGUAS E ESGOTOS DO RN - CAERN<\/td><td class=\"column-11\">08.334.385\/0001-35<\/td><td class=\"column-12\">R$ 320.400,00<\/td><td class=\"column-13\">Encerrada<\/td><td class=\"column-14\">02008128001\/2021\t<\/td><td class=\"column-15\">28\/01\/2021<\/td><td class=\"column-16\"><\/td><td class=\"column-17\"><\/td>\n<\/tr>\n<tr class=\"row-161\">\n\t<td class=\"column-1\">122\/2021<\/td><td class=\"column-2\">122\/2021<\/td><td class=\"column-3\"><\/td><td class=\"column-4\">27\/01\/2021<\/td><td class=\"column-5\">Inexigibilidade<\/td><td class=\"column-6\">Menor Pre\u00e7o<\/td><td class=\"column-7\">CONTRATA\u00c7\u00c3O DE EMPRESA PARA FORNECIMENTO DE \u00c1GUA POR MEIO DE TUBULA\u00c7\u00d5ES E ENCANAMENTOS<\/td><td class=\"column-8\">R$ 320.400,00<\/td><td class=\"column-9\">COMPANHIA DE AGUAS E ESGOTOS DO RN - CAERN<\/td><td class=\"column-10\">COMPANHIA DE AGUAS E ESGOTOS DO RN - CAERN<\/td><td class=\"column-11\">08.334.385\/0001-35<\/td><td class=\"column-12\">R$ 320.400,00<\/td><td class=\"column-13\">Encerrada<\/td><td class=\"column-14\">03001128001\/2021\t<\/td><td class=\"column-15\">28\/01\/2021<\/td><td class=\"column-16\"><\/td><td class=\"column-17\"><\/td>\n<\/tr>\n<tr class=\"row-162\">\n\t<td class=\"column-1\">122\/2021<\/td><td class=\"column-2\">122\/2021<\/td><td class=\"column-3\"><\/td><td class=\"column-4\">27\/01\/2021<\/td><td class=\"column-5\">Inexigibilidade<\/td><td class=\"column-6\">Menor Pre\u00e7o<\/td><td class=\"column-7\">CONTRATA\u00c7\u00c3O DE EMPRESA PARA FORNECIMENTO DE \u00c1GUA POR MEIO DE TUBULA\u00c7\u00d5ES E ENCANAMENTOS<\/td><td class=\"column-8\">R$ 320.400,00<\/td><td class=\"column-9\">COMPANHIA DE AGUAS E ESGOTOS DO RN - CAERN<\/td><td class=\"column-10\">COMPANHIA DE AGUAS E ESGOTOS DO RN - CAERN<\/td><td class=\"column-11\">08.334.385\/0001-35<\/td><td class=\"column-12\">R$ 320.400,00<\/td><td class=\"column-13\">Encerrada<\/td><td class=\"column-14\">02006128001\/2021\t<\/td><td class=\"column-15\">28\/01\/2021<\/td><td class=\"column-16\"><\/td><td class=\"column-17\"><\/td>\n<\/tr>\n<tr class=\"row-163\">\n\t<td class=\"column-1\">122\/2021<\/td><td class=\"column-2\">122\/2021<\/td><td class=\"column-3\"><\/td><td class=\"column-4\">27\/01\/2021<\/td><td class=\"column-5\">Inexigibilidade<\/td><td class=\"column-6\">Menor Pre\u00e7o<\/td><td class=\"column-7\">CONTRATA\u00c7\u00c3O DE EMPRESA PARA FORNECIMENTO DE \u00c1GUA POR MEIO DE TUBULA\u00c7\u00d5ES E ENCANAMENTOS<\/td><td class=\"column-8\">R$ 320.400,00<\/td><td class=\"column-9\">COMPANHIA DE AGUAS E ESGOTOS DO RN - CAERN<\/td><td class=\"column-10\">COMPANHIA DE AGUAS E ESGOTOS DO RN - CAERN<\/td><td class=\"column-11\">08.334.385\/0001-35<\/td><td class=\"column-12\">R$ 320.400,00<\/td><td class=\"column-13\">Encerrada<\/td><td class=\"column-14\">02008128002\/2021\t<\/td><td class=\"column-15\">28\/01\/2021<\/td><td class=\"column-16\"><\/td><td class=\"column-17\"><\/td>\n<\/tr>\n<tr class=\"row-164\">\n\t<td class=\"column-1\">122\/2021<\/td><td class=\"column-2\">122\/2021<\/td><td class=\"column-3\"><\/td><td class=\"column-4\">27\/01\/2021<\/td><td class=\"column-5\">Inexigibilidade<\/td><td class=\"column-6\">Menor Pre\u00e7o<\/td><td class=\"column-7\">CONTRATA\u00c7\u00c3O DE EMPRESA PARA FORNECIMENTO DE \u00c1GUA POR MEIO DE TUBULA\u00c7\u00d5ES E ENCANAMENTOS<\/td><td class=\"column-8\">R$ 320.400,00<\/td><td class=\"column-9\">COMPANHIA DE AGUAS E ESGOTOS DO RN - CAERN<\/td><td class=\"column-10\">COMPANHIA DE AGUAS E ESGOTOS DO RN - CAERN<\/td><td class=\"column-11\">08.334.385\/0001-35<\/td><td class=\"column-12\">R$ 320.400,00<\/td><td class=\"column-13\">Encerrada<\/td><td class=\"column-14\">02002128001\/2021\t<\/td><td class=\"column-15\">28\/01\/2021<\/td><td class=\"column-16\"><\/td><td class=\"column-17\"><\/td>\n<\/tr>\n<tr class=\"row-165\">\n\t<td class=\"column-1\">122\/2021<\/td><td class=\"column-2\">122\/2021<\/td><td class=\"column-3\"><\/td><td class=\"column-4\">27\/01\/2021<\/td><td class=\"column-5\">Inexigibilidade<\/td><td class=\"column-6\">Menor Pre\u00e7o<\/td><td class=\"column-7\">CONTRATA\u00c7\u00c3O DE EMPRESA PARA FORNECIMENTO DE \u00c1GUA POR MEIO DE TUBULA\u00c7\u00d5ES E ENCANAMENTOS<\/td><td class=\"column-8\">R$ 320.400,00<\/td><td class=\"column-9\">COMPANHIA DE AGUAS E ESGOTOS DO RN - CAERN<\/td><td class=\"column-10\">COMPANHIA DE AGUAS E ESGOTOS DO RN - CAERN<\/td><td class=\"column-11\">08.334.385\/0001-35<\/td><td class=\"column-12\">R$ 320.400,00<\/td><td class=\"column-13\">Encerrada<\/td><td class=\"column-14\">02004128001\/2021\t<\/td><td class=\"column-15\">28\/01\/2021<\/td><td class=\"column-16\"><\/td><td class=\"column-17\"><\/td>\n<\/tr>\n<tr class=\"row-166\">\n\t<td class=\"column-1\">122\/2021<\/td><td class=\"column-2\">122\/2021<\/td><td class=\"column-3\"><\/td><td class=\"column-4\">27\/01\/2021<\/td><td class=\"column-5\">Inexigibilidade<\/td><td class=\"column-6\">Menor Pre\u00e7o<\/td><td class=\"column-7\">CONTRATA\u00c7\u00c3O DE EMPRESA PARA FORNECIMENTO DE \u00c1GUA POR MEIO DE TUBULA\u00c7\u00d5ES E ENCANAMENTOS<\/td><td class=\"column-8\">R$ 320.400,00<\/td><td class=\"column-9\">COMPANHIA DE AGUAS E ESGOTOS DO RN - CAERN<\/td><td class=\"column-10\">COMPANHIA DE AGUAS E ESGOTOS DO RN - CAERN<\/td><td class=\"column-11\">08.334.385\/0001-35<\/td><td class=\"column-12\">R$ 320.400,00<\/td><td class=\"column-13\">Encerrada<\/td><td class=\"column-14\">020061112002\/2021\t<\/td><td class=\"column-15\">12\/11\/2021<\/td><td class=\"column-16\"><\/td><td class=\"column-17\"><\/td>\n<\/tr>\n<tr class=\"row-167\">\n\t<td class=\"column-1\">122\/2021<\/td><td class=\"column-2\">122\/2021<\/td><td class=\"column-3\"><\/td><td class=\"column-4\">27\/01\/2021<\/td><td class=\"column-5\">Inexigibilidade<\/td><td class=\"column-6\">Menor Pre\u00e7o<\/td><td class=\"column-7\">CONTRATA\u00c7\u00c3O DE EMPRESA PARA FORNECIMENTO DE \u00c1GUA POR MEIO DE TUBULA\u00c7\u00d5ES E ENCANAMENTOS<\/td><td class=\"column-8\">R$ 320.400,00<\/td><td class=\"column-9\">COMPANHIA DE AGUAS E ESGOTOS DO RN - CAERN<\/td><td class=\"column-10\">COMPANHIA DE AGUAS E ESGOTOS DO RN - CAERN<\/td><td class=\"column-11\">08.334.385\/0001-35<\/td><td class=\"column-12\">R$ 320.400,00<\/td><td class=\"column-13\">Encerrada<\/td><td class=\"column-14\">020041201002\/2021\t<\/td><td class=\"column-15\">01\/12\/2021<\/td><td class=\"column-16\"><\/td><td class=\"column-17\"><\/td>\n<\/tr>\n<tr class=\"row-168\">\n\t<td class=\"column-1\">122\/2021<\/td><td class=\"column-2\">122\/2021<\/td><td class=\"column-3\"><\/td><td class=\"column-4\">27\/01\/2021<\/td><td class=\"column-5\">Inexigibilidade<\/td><td class=\"column-6\">Menor Pre\u00e7o<\/td><td class=\"column-7\">CONTRATA\u00c7\u00c3O DE EMPRESA PARA FORNECIMENTO DE \u00c1GUA POR MEIO DE TUBULA\u00c7\u00d5ES E ENCANAMENTOS<\/td><td class=\"column-8\">R$ 320.400,00<\/td><td class=\"column-9\">COMPANHIA DE AGUAS E ESGOTOS DO RN - CAERN<\/td><td class=\"column-10\">COMPANHIA DE AGUAS E ESGOTOS DO RN - CAERN<\/td><td class=\"column-11\">08.334.385\/0001-35<\/td><td class=\"column-12\">R$ 320.400,00<\/td><td class=\"column-13\">Encerrada<\/td><td class=\"column-14\">020061204001\/2021\t<\/td><td class=\"column-15\">04\/12\/2021<\/td><td class=\"column-16\"><\/td><td class=\"column-17\"><\/td>\n<\/tr>\n<tr class=\"row-169\">\n\t<td class=\"column-1\">122\/2021<\/td><td class=\"column-2\">122\/2021<\/td><td class=\"column-3\"><\/td><td class=\"column-4\">27\/01\/2021<\/td><td class=\"column-5\">Inexigibilidade<\/td><td class=\"column-6\">Menor Pre\u00e7o<\/td><td class=\"column-7\">CONTRATA\u00c7\u00c3O DE EMPRESA PARA FORNECIMENTO DE \u00c1GUA POR MEIO DE TUBULA\u00c7\u00d5ES E ENCANAMENTOS<\/td><td class=\"column-8\">R$ 320.400,00<\/td><td class=\"column-9\">COMPANHIA DE AGUAS E ESGOTOS DO RN - CAERN<\/td><td class=\"column-10\">COMPANHIA DE AGUAS E ESGOTOS DO RN - CAERN<\/td><td class=\"column-11\">08.334.385\/0001-35<\/td><td class=\"column-12\">R$ 320.400,00<\/td><td class=\"column-13\">Encerrada<\/td><td class=\"column-14\">03001901013\/2021\t<\/td><td class=\"column-15\">01\/09\/2021<\/td><td class=\"column-16\"><\/td><td class=\"column-17\"><\/td>\n<\/tr>\n<tr class=\"row-170\">\n\t<td class=\"column-1\">122\/2021<\/td><td class=\"column-2\">122\/2021<\/td><td class=\"column-3\"><\/td><td class=\"column-4\">27\/01\/2021<\/td><td class=\"column-5\">Inexigibilidade<\/td><td class=\"column-6\">Menor Pre\u00e7o<\/td><td class=\"column-7\">CONTRATA\u00c7\u00c3O DE EMPRESA PARA FORNECIMENTO DE \u00c1GUA POR MEIO DE TUBULA\u00c7\u00d5ES E ENCANAMENTOS<\/td><td class=\"column-8\">R$ 320.400,00<\/td><td class=\"column-9\">COMPANHIA DE AGUAS E ESGOTOS DO RN - CAERN<\/td><td class=\"column-10\">COMPANHIA DE AGUAS E ESGOTOS DO RN - CAERN<\/td><td class=\"column-11\">08.334.385\/0001-35<\/td><td class=\"column-12\">R$ 320.400,00<\/td><td class=\"column-13\">Encerrada<\/td><td class=\"column-14\">02002901004\/2021\t<\/td><td class=\"column-15\">01\/09\/2021<\/td><td class=\"column-16\"><\/td><td class=\"column-17\"><\/td>\n<\/tr>\n<tr class=\"row-171\">\n\t<td class=\"column-1\">122\/2021<\/td><td class=\"column-2\">122\/2021<\/td><td class=\"column-3\"><\/td><td class=\"column-4\">27\/01\/2021<\/td><td class=\"column-5\">Inexigibilidade<\/td><td class=\"column-6\">Menor Pre\u00e7o<\/td><td class=\"column-7\">CONTRATA\u00c7\u00c3O DE EMPRESA PARA FORNECIMENTO DE \u00c1GUA POR MEIO DE TUBULA\u00c7\u00d5ES E ENCANAMENTOS<\/td><td class=\"column-8\">R$ 320.400,00<\/td><td class=\"column-9\">COMPANHIA DE AGUAS E ESGOTOS DO RN - CAERN<\/td><td class=\"column-10\">COMPANHIA DE AGUAS E ESGOTOS DO RN - CAERN<\/td><td class=\"column-11\">08.334.385\/0001-35<\/td><td class=\"column-12\">R$ 320.400,00<\/td><td class=\"column-13\">Encerrada<\/td><td class=\"column-14\">04001901006\/2021\t<\/td><td class=\"column-15\">01\/09\/2021<\/td><td class=\"column-16\"><\/td><td class=\"column-17\"><\/td>\n<\/tr>\n<tr class=\"row-172\">\n\t<td class=\"column-1\">122\/2021<\/td><td class=\"column-2\">122\/2021<\/td><td class=\"column-3\"><\/td><td class=\"column-4\">27\/01\/2021<\/td><td class=\"column-5\">Inexigibilidade<\/td><td class=\"column-6\">Menor Pre\u00e7o<\/td><td class=\"column-7\">CONTRATA\u00c7\u00c3O DE EMPRESA PARA FORNECIMENTO DE \u00c1GUA POR MEIO DE TUBULA\u00c7\u00d5ES E ENCANAMENTOS<\/td><td class=\"column-8\">R$ 320.400,00<\/td><td class=\"column-9\">COMPANHIA DE AGUAS E ESGOTOS DO RN - CAERN<\/td><td class=\"column-10\">COMPANHIA DE AGUAS E ESGOTOS DO RN - CAERN<\/td><td class=\"column-11\">08.334.385\/0001-35<\/td><td class=\"column-12\">R$ 320.400,00<\/td><td class=\"column-13\">Encerrada<\/td><td class=\"column-14\">020091103002\/2021\t<\/td><td class=\"column-15\">03\/11\/2021<\/td><td class=\"column-16\"><\/td><td class=\"column-17\"><\/td>\n<\/tr>\n<tr class=\"row-173\">\n\t<td class=\"column-1\">122\/2021<\/td><td class=\"column-2\">122\/2021<\/td><td class=\"column-3\"><\/td><td class=\"column-4\">27\/01\/2021<\/td><td class=\"column-5\">Inexigibilidade<\/td><td class=\"column-6\">Menor Pre\u00e7o<\/td><td class=\"column-7\">CONTRATA\u00c7\u00c3O DE EMPRESA PARA FORNECIMENTO DE \u00c1GUA POR MEIO DE TUBULA\u00c7\u00d5ES E ENCANAMENTOS<\/td><td class=\"column-8\">R$ 320.400,00<\/td><td class=\"column-9\">COMPANHIA DE AGUAS E ESGOTOS DO RN - CAERN<\/td><td class=\"column-10\">COMPANHIA DE AGUAS E ESGOTOS DO RN - CAERN<\/td><td class=\"column-11\">08.334.385\/0001-35<\/td><td class=\"column-12\">R$ 320.400,00<\/td><td class=\"column-13\">Encerrada<\/td><td class=\"column-14\">020081112001\/2021\t<\/td><td class=\"column-15\">12\/11\/2021<\/td><td class=\"column-16\"><\/td><td class=\"column-17\"><\/td>\n<\/tr>\n<tr class=\"row-174\">\n\t<td class=\"column-1\">122\/2021<\/td><td class=\"column-2\">122\/2021<\/td><td class=\"column-3\"><\/td><td class=\"column-4\">27\/01\/2021<\/td><td class=\"column-5\">Inexigibilidade<\/td><td class=\"column-6\">Menor Pre\u00e7o<\/td><td class=\"column-7\">CONTRATA\u00c7\u00c3O DE EMPRESA PARA FORNECIMENTO DE \u00c1GUA POR MEIO DE TUBULA\u00c7\u00d5ES E ENCANAMENTOS<\/td><td class=\"column-8\">R$ 320.400,00<\/td><td class=\"column-9\">COMPANHIA DE AGUAS E ESGOTOS DO RN - CAERN<\/td><td class=\"column-10\">COMPANHIA DE AGUAS E ESGOTOS DO RN - CAERN<\/td><td class=\"column-11\">08.334.385\/0001-35<\/td><td class=\"column-12\">R$ 320.400,00<\/td><td class=\"column-13\">Encerrada<\/td><td class=\"column-14\">020061112001\/2021\t<\/td><td class=\"column-15\">12\/11\/2021<\/td><td class=\"column-16\"><\/td><td class=\"column-17\"><\/td>\n<\/tr>\n<tr class=\"row-175\">\n\t<td class=\"column-1\">122\/2021<\/td><td class=\"column-2\">122\/2021<\/td><td class=\"column-3\"><\/td><td class=\"column-4\">27\/01\/2021<\/td><td class=\"column-5\">Inexigibilidade<\/td><td class=\"column-6\">Menor Pre\u00e7o<\/td><td class=\"column-7\">CONTRATA\u00c7\u00c3O DE EMPRESA PARA FORNECIMENTO DE \u00c1GUA POR MEIO DE TUBULA\u00c7\u00d5ES E ENCANAMENTOS<\/td><td class=\"column-8\">R$ 320.400,00<\/td><td class=\"column-9\">COMPANHIA DE AGUAS E ESGOTOS DO RN - CAERN<\/td><td class=\"column-10\">COMPANHIA DE AGUAS E ESGOTOS DO RN - CAERN<\/td><td class=\"column-11\">08.334.385\/0001-35<\/td><td class=\"column-12\">R$ 320.400,00<\/td><td class=\"column-13\">Encerrada<\/td><td class=\"column-14\">02009128001\/2021\t<\/td><td class=\"column-15\">28\/01\/2021<\/td><td class=\"column-16\"><\/td><td class=\"column-17\"><\/td>\n<\/tr>\n<tr class=\"row-176\">\n\t<td class=\"column-1\">122\/2021<\/td><td class=\"column-2\">122\/2021<\/td><td class=\"column-3\"><\/td><td class=\"column-4\">27\/01\/2021<\/td><td class=\"column-5\">Inexigibilidade<\/td><td class=\"column-6\">Menor Pre\u00e7o<\/td><td class=\"column-7\">CONTRATA\u00c7\u00c3O DE EMPRESA PARA FORNECIMENTO DE \u00c1GUA POR MEIO DE TUBULA\u00c7\u00d5ES E ENCANAMENTOS<\/td><td class=\"column-8\">R$ 320.400,00<\/td><td class=\"column-9\">COMPANHIA DE AGUAS E ESGOTOS DO RN - CAERN<\/td><td class=\"column-10\">COMPANHIA DE AGUAS E ESGOTOS DO RN - CAERN<\/td><td class=\"column-11\">08.334.385\/0001-35<\/td><td class=\"column-12\">R$ 320.400,00<\/td><td class=\"column-13\">Encerrada<\/td><td class=\"column-14\">04001128001\/2021\t<\/td><td class=\"column-15\">28\/01\/2021<\/td><td class=\"column-16\"><\/td><td class=\"column-17\"><\/td>\n<\/tr>\n<tr class=\"row-177\">\n\t<td class=\"column-1\">122\/2021<\/td><td class=\"column-2\">122\/2021<\/td><td class=\"column-3\"><\/td><td class=\"column-4\">27\/01\/2021<\/td><td class=\"column-5\">Inexigibilidade<\/td><td class=\"column-6\">Menor Pre\u00e7o<\/td><td class=\"column-7\">CONTRATA\u00c7\u00c3O DE EMPRESA PARA FORNECIMENTO DE \u00c1GUA POR MEIO DE TUBULA\u00c7\u00d5ES E ENCANAMENTOS<\/td><td class=\"column-8\">R$ 320.400,00<\/td><td class=\"column-9\">COMPANHIA DE AGUAS E ESGOTOS DO RN - CAERN<\/td><td class=\"column-10\">COMPANHIA DE AGUAS E ESGOTOS DO RN - CAERN<\/td><td class=\"column-11\">08.334.385\/0001-35<\/td><td class=\"column-12\">R$ 320.400,00<\/td><td class=\"column-13\">Encerrada<\/td><td class=\"column-14\">04001601002\/2021\t<\/td><td class=\"column-15\">01\/06\/2021<\/td><td class=\"column-16\"><\/td><td class=\"column-17\"><\/td>\n<\/tr>\n<tr class=\"row-178\">\n\t<td class=\"column-1\">122\/2021<\/td><td class=\"column-2\">122\/2021<\/td><td class=\"column-3\"><\/td><td class=\"column-4\">27\/01\/2021<\/td><td class=\"column-5\">Inexigibilidade<\/td><td class=\"column-6\">Menor Pre\u00e7o<\/td><td class=\"column-7\">CONTRATA\u00c7\u00c3O DE EMPRESA PARA FORNECIMENTO DE \u00c1GUA POR MEIO DE TUBULA\u00c7\u00d5ES E ENCANAMENTOS<\/td><td class=\"column-8\">R$ 320.400,00<\/td><td class=\"column-9\">COMPANHIA DE AGUAS E ESGOTOS DO RN - CAERN<\/td><td class=\"column-10\">COMPANHIA DE AGUAS E ESGOTOS DO RN - CAERN<\/td><td class=\"column-11\">08.334.385\/0001-35<\/td><td class=\"column-12\">R$ 320.400,00<\/td><td class=\"column-13\">Encerrada<\/td><td class=\"column-14\">02008721001\/2021\t<\/td><td class=\"column-15\">21\/07\/2021<\/td><td class=\"column-16\"><\/td><td class=\"column-17\"><\/td>\n<\/tr>\n<tr class=\"row-179\">\n\t<td class=\"column-1\">122\/2021<\/td><td class=\"column-2\">122\/2021<\/td><td class=\"column-3\"><\/td><td class=\"column-4\">27\/01\/2021<\/td><td class=\"column-5\">Inexigibilidade<\/td><td class=\"column-6\">Menor Pre\u00e7o<\/td><td class=\"column-7\">CONTRATA\u00c7\u00c3O DE EMPRESA PARA FORNECIMENTO DE \u00c1GUA POR MEIO DE TUBULA\u00c7\u00d5ES E ENCANAMENTOS<\/td><td class=\"column-8\">R$ 320.400,00<\/td><td class=\"column-9\">COMPANHIA DE AGUAS E ESGOTOS DO RN - CAERN<\/td><td class=\"column-10\">COMPANHIA DE AGUAS E ESGOTOS DO RN - CAERN<\/td><td class=\"column-11\">08.334.385\/0001-35<\/td><td class=\"column-12\">R$ 320.400,00<\/td><td class=\"column-13\">Encerrada<\/td><td class=\"column-14\">02006801002\/2021\t<\/td><td class=\"column-15\">01\/08\/2021<\/td><td class=\"column-16\"><\/td><td class=\"column-17\"><\/td>\n<\/tr>\n<tr class=\"row-180\">\n\t<td class=\"column-1\">122\/2021<\/td><td class=\"column-2\">122\/2021<\/td><td class=\"column-3\"><\/td><td class=\"column-4\">27\/01\/2021<\/td><td class=\"column-5\">Inexigibilidade<\/td><td class=\"column-6\">Menor Pre\u00e7o<\/td><td class=\"column-7\">CONTRATA\u00c7\u00c3O DE EMPRESA PARA FORNECIMENTO DE \u00c1GUA POR MEIO DE TUBULA\u00c7\u00d5ES E ENCANAMENTOS<\/td><td class=\"column-8\">R$ 320.400,00<\/td><td class=\"column-9\">COMPANHIA DE AGUAS E ESGOTOS DO RN - CAERN<\/td><td class=\"column-10\">COMPANHIA DE AGUAS E ESGOTOS DO RN - CAERN<\/td><td class=\"column-11\">08.334.385\/0001-35<\/td><td class=\"column-12\">R$ 320.400,00<\/td><td class=\"column-13\">Encerrada<\/td><td class=\"column-14\">03001901012\/2021\t<\/td><td class=\"column-15\">01\/09\/2021<\/td><td class=\"column-16\"><\/td><td class=\"column-17\"><\/td>\n<\/tr>\n<tr class=\"row-181\">\n\t<td class=\"column-1\">123\/2021<\/td><td class=\"column-2\">123\/2021<\/td><td class=\"column-3\"><\/td><td class=\"column-4\">16\/02\/2021<\/td><td class=\"column-5\">Inexigibilidade<\/td><td class=\"column-6\">Menor Pre\u00e7o Global<\/td><td class=\"column-7\">Presta\u00e7\u00e3o de servi\u00e7os especializados em consultoria e assessoria jur\u00eddica para administra\u00e7\u00e3o p\u00fablica deste munic\u00edpio especialmente na \u00e1rea de energias renov\u00e1veis, bem como para elabora\u00e7\u00e3o de projeto e instala\u00e7\u00e3o de sistema de energias renov\u00e1veis, direito administrativo, direito regulat\u00f3rio e direto tribut\u00e1rio.<\/td><td class=\"column-8\">R$ 138.000,00<\/td><td class=\"column-9\">RODRIGO FERNANDES DE PAIVA SOCIEDADE INDIVIDUAL DE ADVOCACIA<\/td><td class=\"column-10\">RODRIGO FERNANDES DE PAIVA SOCIEDADE INDIVIDUAL DE ADVOCACIA<\/td><td class=\"column-11\">34.758.302\/0001-45<\/td><td class=\"column-12\">R$ 138.000,00<\/td><td class=\"column-13\">Encerrada<\/td><td class=\"column-14\">02002217003\/2021\t<\/td><td class=\"column-15\">17\/02\/2021<\/td><td class=\"column-16\">13\/2021\t<\/td><td class=\"column-17\">16\/02\/2021<\/td>\n<\/tr>\n<tr class=\"row-182\">\n\t<td class=\"column-1\">123\/2021<\/td><td class=\"column-2\">123\/2021<\/td><td class=\"column-3\"><\/td><td class=\"column-4\">16\/02\/2021<\/td><td class=\"column-5\">Inexigibilidade<\/td><td class=\"column-6\">Menor Pre\u00e7o Global<\/td><td class=\"column-7\">Presta\u00e7\u00e3o de servi\u00e7os especializados em consultoria e assessoria jur\u00eddica para administra\u00e7\u00e3o p\u00fablica deste munic\u00edpio especialmente na \u00e1rea de energias renov\u00e1veis, bem como para elabora\u00e7\u00e3o de projeto e instala\u00e7\u00e3o de sistema de energias renov\u00e1veis, direito administrativo, direito regulat\u00f3rio e direto tribut\u00e1rio.<\/td><td class=\"column-8\">R$ 138.000,00<\/td><td class=\"column-9\">RODRIGO FERNANDES DE PAIVA SOCIEDADE INDIVIDUAL DE ADVOCACIA<\/td><td class=\"column-10\">RODRIGO FERNANDES DE PAIVA SOCIEDADE INDIVIDUAL DE ADVOCACIA<\/td><td class=\"column-11\">34.758.302\/0001-45<\/td><td class=\"column-12\">R$ 138.000,00<\/td><td class=\"column-13\">Encerrada<\/td><td class=\"column-14\">02002616001\/2021\t<\/td><td class=\"column-15\">16\/06\/2021<\/td><td class=\"column-16\">13\/2021\t<\/td><td class=\"column-17\">16\/02\/2021<\/td>\n<\/tr>\n<tr class=\"row-183\">\n\t<td class=\"column-1\">123\/2021<\/td><td class=\"column-2\">123\/2021<\/td><td class=\"column-3\"><\/td><td class=\"column-4\">16\/02\/2021<\/td><td class=\"column-5\">Inexigibilidade<\/td><td class=\"column-6\">Menor Pre\u00e7o Global<\/td><td class=\"column-7\">Presta\u00e7\u00e3o de servi\u00e7os especializados em consultoria e assessoria jur\u00eddica para administra\u00e7\u00e3o p\u00fablica deste munic\u00edpio especialmente na \u00e1rea de energias renov\u00e1veis, bem como para elabora\u00e7\u00e3o de projeto e instala\u00e7\u00e3o de sistema de energias renov\u00e1veis, direito administrativo, direito regulat\u00f3rio e direto tribut\u00e1rio.<\/td><td class=\"column-8\">R$ 138.000,00<\/td><td class=\"column-9\">RODRIGO FERNANDES DE PAIVA SOCIEDADE INDIVIDUAL DE ADVOCACIA<\/td><td class=\"column-10\">RODRIGO FERNANDES DE PAIVA SOCIEDADE INDIVIDUAL DE ADVOCACIA<\/td><td class=\"column-11\">34.758.302\/0001-45<\/td><td class=\"column-12\">R$ 138.000,00<\/td><td class=\"column-13\">Encerrada<\/td><td class=\"column-14\">02010716001\/2021\t<\/td><td class=\"column-15\">16\/07\/2021<\/td><td class=\"column-16\">13\/2021\t<\/td><td class=\"column-17\">16\/02\/2021<\/td>\n<\/tr>\n<tr class=\"row-184\">\n\t<td class=\"column-1\">125\/2021<\/td><td class=\"column-2\">125\/2021<\/td><td class=\"column-3\"><\/td><td class=\"column-4\">26\/02\/2021<\/td><td class=\"column-5\">Dispensa<\/td><td class=\"column-6\">Menor Pre\u00e7o Global<\/td><td class=\"column-7\">CONTRATA\u00c7\u00c3O DE EMPRESA ESPECIALIZADA NOS SERVI\u00c7OS DE DESINFEC\u00c7\u00c3O DE PR\u00c9DIOS P\u00daBLICOS E LAVAGEM DE RUAS, PRA\u00c7AS, LOUGRADOROS P\u00daBLICOS, AVENIDAS E LOCAIS DE USO COMUM, EM VE\u00cdCULO AUTOMOTOR ESPEC\u00cdFICO E EQUIPE CAPACITADA, VISANDO O COMBATE DO COVID-19, NO AMBITO DO MUNIC\u00cdPIO DE LAJES\/RN.<\/td><td class=\"column-8\">R$ 260.000,00<\/td><td class=\"column-9\">BRIOS EMPREEDIMENTOS EM CONSTRU\u00c7\u00d5ES COM. SERV LOCA\u00c7\u00d5ES, RR SERVICOS E CONSULTORIA , S.S.S SERVICOS DE LIMPEZAS LTDA.<\/td><td class=\"column-10\">RR SERVICOS E CONSULTORIA <\/td><td class=\"column-11\">35.419.905\/0001-85<\/td><td class=\"column-12\">R$ 260.000,00<\/td><td class=\"column-13\">Encerrada<\/td><td class=\"column-14\">03001226002\/2021\t<\/td><td class=\"column-15\">26\/02\/2021<\/td><td class=\"column-16\">21\/2021\t<\/td><td class=\"column-17\">01\/03\/2021<\/td>\n<\/tr>\n<tr class=\"row-185\">\n\t<td class=\"column-1\">132\/2021<\/td><td class=\"column-2\">132\/2021<\/td><td class=\"column-3\"><\/td><td class=\"column-4\">16\/02\/2021<\/td><td class=\"column-5\">Inexigibilidade<\/td><td class=\"column-6\">Menor Pre\u00e7o Global<\/td><td class=\"column-7\">PRESTA\u00c7\u00c3O DE SERVI\u00c7OS DE ASSESSORIA JUR\u00cdDICA PARA CONSULTORIA ESPECIALIZADA NA REVIS\u00c3O E IMPLEMENTA\u00c7\u00c3O DE MELHORIAS NA ESTRUTURA ORGANIZACIONAL E NO QUADRO DE CARGOS DO MUNIC\u00cdPIO DE LAJES\/RN, ENVOLVENDO ESTUDOS E AN\u00c1LISES T\u00c9CNICAS, INCLUSIVE COM IMPLANTA\u00c7\u00c3O DE NOVO ORGANOGRAMA ESTRUTURAL, BEM COMO ASSESSORAMENTO NA SEARA AMBIENTAL NA IMPLEMENTA\u00c7\u00c3O E MONITORAMENTO DO EXERC\u00cdCIO DAS COMPET\u00caNCIAS MUNICIPAIS EM MAT\u00c9RIA AMBIENTAL.<\/td><td class=\"column-8\">R$ 150.000,00<\/td><td class=\"column-9\">CARVALHO, COSTA, GUERRA &amp; DAMASCENO SOCIEDADE DE ADVOGADOS<\/td><td class=\"column-10\">CARVALHO, COSTA, GUERRA &amp; DAMASCENO SOCIEDADE DE ADVOGADOS<\/td><td class=\"column-11\">33.310.851\/0001-90<\/td><td class=\"column-12\">R$ 150.000,00<\/td><td class=\"column-13\">Encerrada<\/td><td class=\"column-14\">02002217002\/2021\t<\/td><td class=\"column-15\">17\/02\/2021<\/td><td class=\"column-16\">15\/2021\t<\/td><td class=\"column-17\">16\/02\/2021<\/td>\n<\/tr>\n<tr class=\"row-186\">\n\t<td class=\"column-1\">132\/2021<\/td><td class=\"column-2\">132\/2021<\/td><td class=\"column-3\"><\/td><td class=\"column-4\">16\/02\/2021<\/td><td class=\"column-5\">Inexigibilidade<\/td><td class=\"column-6\">Menor Pre\u00e7o Global<\/td><td class=\"column-7\">PRESTA\u00c7\u00c3O DE SERVI\u00c7OS DE ASSESSORIA JUR\u00cdDICA PARA CONSULTORIA ESPECIALIZADA NA REVIS\u00c3O E IMPLEMENTA\u00c7\u00c3O DE MELHORIAS NA ESTRUTURA ORGANIZACIONAL E NO QUADRO DE CARGOS DO MUNIC\u00cdPIO DE LAJES\/RN, ENVOLVENDO ESTUDOS E AN\u00c1LISES T\u00c9CNICAS, INCLUSIVE COM IMPLANTA\u00c7\u00c3O DE NOVO ORGANOGRAMA ESTRUTURAL, BEM COMO ASSESSORAMENTO NA SEARA AMBIENTAL NA IMPLEMENTA\u00c7\u00c3O E MONITORAMENTO DO EXERC\u00cdCIO DAS COMPET\u00caNCIAS MUNICIPAIS EM MAT\u00c9RIA AMBIENTAL.<\/td><td class=\"column-8\">R$ 150.000,00<\/td><td class=\"column-9\">CARVALHO, COSTA, GUERRA &amp; DAMASCENO SOCIEDADE DE ADVOGADOS<\/td><td class=\"column-10\">CARVALHO, COSTA, GUERRA &amp; DAMASCENO SOCIEDADE DE ADVOGADOS<\/td><td class=\"column-11\">33.310.851\/0001-90<\/td><td class=\"column-12\">R$ 150.000,00<\/td><td class=\"column-13\">Encerrada<\/td><td class=\"column-14\">02002616003\/2021\t<\/td><td class=\"column-15\">16\/06\/2021<\/td><td class=\"column-16\">15\/2021\t<\/td><td class=\"column-17\">16\/02\/2021<\/td>\n<\/tr>\n<tr class=\"row-187\">\n\t<td class=\"column-1\">132\/2021<\/td><td class=\"column-2\">132\/2021<\/td><td class=\"column-3\"><\/td><td class=\"column-4\">16\/02\/2021<\/td><td class=\"column-5\">Inexigibilidade<\/td><td class=\"column-6\">Menor Pre\u00e7o Global<\/td><td class=\"column-7\">PRESTA\u00c7\u00c3O DE SERVI\u00c7OS DE ASSESSORIA JUR\u00cdDICA PARA CONSULTORIA ESPECIALIZADA NA REVIS\u00c3O E IMPLEMENTA\u00c7\u00c3O DE MELHORIAS NA ESTRUTURA ORGANIZACIONAL E NO QUADRO DE CARGOS DO MUNIC\u00cdPIO DE LAJES\/RN, ENVOLVENDO ESTUDOS E AN\u00c1LISES T\u00c9CNICAS, INCLUSIVE COM IMPLANTA\u00c7\u00c3O DE NOVO ORGANOGRAMA ESTRUTURAL, BEM COMO ASSESSORAMENTO NA SEARA AMBIENTAL NA IMPLEMENTA\u00c7\u00c3O E MONITORAMENTO DO EXERC\u00cdCIO DAS COMPET\u00caNCIAS MUNICIPAIS EM MAT\u00c9RIA AMBIENTAL.<\/td><td class=\"column-8\">R$ 150.000,00<\/td><td class=\"column-9\">CARVALHO, COSTA, GUERRA &amp; DAMASCENO SOCIEDADE DE ADVOGADOS<\/td><td class=\"column-10\">CARVALHO, COSTA, GUERRA &amp; DAMASCENO SOCIEDADE DE ADVOGADOS<\/td><td class=\"column-11\">33.310.851\/0001-90<\/td><td class=\"column-12\">R$ 150.000,00<\/td><td class=\"column-13\">Encerrada<\/td><td class=\"column-14\">02008716001\/2021\t<\/td><td class=\"column-15\">16\/07\/2021<\/td><td class=\"column-16\">15\/2021\t<\/td><td class=\"column-17\">16\/02\/2021<\/td>\n<\/tr>\n<tr class=\"row-188\">\n\t<td class=\"column-1\">133\/2021<\/td><td class=\"column-2\">133\/2021<\/td><td class=\"column-3\"><\/td><td class=\"column-4\">16\/02\/2021<\/td><td class=\"column-5\">Inexigibilidade<\/td><td class=\"column-6\">Menor Pre\u00e7o<\/td><td class=\"column-7\">PRESTA\u00c7\u00c3O DE SERVI\u00c7OS T\u00c9CNICOS ESPECIALIZADOS DE ASSESSORIA JUR\u00cdDICA PARA CONSULTORIA ADMINISTRATIVA ESPECIFICA EM LICITA\u00c7\u00d5ES E CONTRATOS ADMINISTRATIVOS, BEM COMO EM TODA A GEST\u00c3O P\u00daBLICA MUNICIPAL<\/td><td class=\"column-8\">R$ 144.000,00<\/td><td class=\"column-9\">BEZERRA, MENDON\u00c7A, BARBOSA &amp; ROSSO SOCIEDADE DE ADVOGADOS<\/td><td class=\"column-10\">BEZERRA, MENDON\u00c7A, BARBOSA &amp; ROSSO SOCIEDADE DE ADVOGADOS<\/td><td class=\"column-11\">31.002.969\/0001-25<\/td><td class=\"column-12\">R$ 144.000,00<\/td><td class=\"column-13\">Encerrada<\/td><td class=\"column-14\">02002217001\/2021\t<\/td><td class=\"column-15\">17\/02\/2021<\/td><td class=\"column-16\">14\/2021\t<\/td><td class=\"column-17\">16\/02\/2021<\/td>\n<\/tr>\n<tr class=\"row-189\">\n\t<td class=\"column-1\">133\/2021<\/td><td class=\"column-2\">133\/2021<\/td><td class=\"column-3\"><\/td><td class=\"column-4\">16\/02\/2021<\/td><td class=\"column-5\">Inexigibilidade<\/td><td class=\"column-6\">Menor Pre\u00e7o<\/td><td class=\"column-7\">PRESTA\u00c7\u00c3O DE SERVI\u00c7OS T\u00c9CNICOS ESPECIALIZADOS DE ASSESSORIA JUR\u00cdDICA PARA CONSULTORIA ADMINISTRATIVA ESPECIFICA EM LICITA\u00c7\u00d5ES E CONTRATOS ADMINISTRATIVOS, BEM COMO EM TODA A GEST\u00c3O P\u00daBLICA MUNICIPAL<\/td><td class=\"column-8\">R$ 144.000,00<\/td><td class=\"column-9\">BEZERRA, MENDON\u00c7A, BARBOSA &amp; ROSSO SOCIEDADE DE ADVOGADOS<\/td><td class=\"column-10\">BEZERRA, MENDON\u00c7A, BARBOSA &amp; ROSSO SOCIEDADE DE ADVOGADOS<\/td><td class=\"column-11\">31.002.969\/0001-25<\/td><td class=\"column-12\">R$ 144.000,00<\/td><td class=\"column-13\">Encerrada<\/td><td class=\"column-14\">02002616002\/2021\t<\/td><td class=\"column-15\">16\/06\/2021<\/td><td class=\"column-16\">14\/2021\t<\/td><td class=\"column-17\">16\/02\/2021<\/td>\n<\/tr>\n<tr class=\"row-190\">\n\t<td class=\"column-1\">133\/2021<\/td><td class=\"column-2\">133\/2021<\/td><td class=\"column-3\"><\/td><td class=\"column-4\">16\/02\/2021<\/td><td class=\"column-5\">Inexigibilidade<\/td><td class=\"column-6\">Menor Pre\u00e7o<\/td><td class=\"column-7\">PRESTA\u00c7\u00c3O DE SERVI\u00c7OS T\u00c9CNICOS ESPECIALIZADOS DE ASSESSORIA JUR\u00cdDICA PARA CONSULTORIA ADMINISTRATIVA ESPECIFICA EM LICITA\u00c7\u00d5ES E CONTRATOS ADMINISTRATIVOS, BEM COMO EM TODA A GEST\u00c3O P\u00daBLICA MUNICIPAL<\/td><td class=\"column-8\">R$ 144.000,00<\/td><td class=\"column-9\">BEZERRA, MENDON\u00c7A, BARBOSA &amp; ROSSO SOCIEDADE DE ADVOGADOS<\/td><td class=\"column-10\">BEZERRA, MENDON\u00c7A, BARBOSA &amp; ROSSO SOCIEDADE DE ADVOGADOS<\/td><td class=\"column-11\">31.002.969\/0001-25<\/td><td class=\"column-12\">R$ 144.000,00<\/td><td class=\"column-13\">Encerrada<\/td><td class=\"column-14\">02002716001\/2021\t<\/td><td class=\"column-15\">16\/07\/2021<\/td><td class=\"column-16\">14\/2021\t<\/td><td class=\"column-17\">16\/02\/2021<\/td>\n<\/tr>\n<tr class=\"row-191\">\n\t<td class=\"column-1\">145\/2021<\/td><td class=\"column-2\">145\/2021<\/td><td class=\"column-3\"><\/td><td class=\"column-4\">03\/03\/2021<\/td><td class=\"column-5\">Dispensa<\/td><td class=\"column-6\">Menor Pre\u00e7o Por Item<\/td><td class=\"column-7\">CONTRATA\u00c7\u00c3O DE EMPRESA ESPECIALIZADA PARA AQUISI\u00c7\u00c3O DE EQUIPAMENTOS M\u00c9DICOS DESTINADOS AO CENTRO DE TRIAGEM DO COVID-19 A SER INSTALADO NAS DEPEND\u00caNCIAS DA SECRETARIA MUNICIPAL DE SA\u00daDE<\/td><td class=\"column-8\">R$ 2.057,97<\/td><td class=\"column-9\">COMERCIAL MOURA &amp; FERNANDES LTDA, EQUIPAMAX UTILIDADES E EQUIPAMENTOS ME, FF COM\u00c9RCIO REPRESENTA\u00c7\u00c3O<\/td><td class=\"column-10\">COMERCIAL MOURA &amp; FERNANDES LTDA<\/td><td class=\"column-11\">05.377.891\/0001-13<\/td><td class=\"column-12\">R$ 2.057,97<\/td><td class=\"column-13\">Encerrada<\/td><td class=\"column-14\">03001304001\/2021\t<\/td><td class=\"column-15\">04\/03\/2021<\/td><td class=\"column-16\"><\/td><td class=\"column-17\"><\/td>\n<\/tr>\n<tr class=\"row-192\">\n\t<td class=\"column-1\">146\/2021<\/td><td class=\"column-2\">146\/2021<\/td><td class=\"column-3\"><\/td><td class=\"column-4\">10\/03\/2021<\/td><td class=\"column-5\">Dispensa<\/td><td class=\"column-6\">Menor Pre\u00e7o Por Item<\/td><td class=\"column-7\">CONTRATA\u00c7\u00c3O DE EMPRESA ESPECIALIZADA PARA AQUISI\u00c7\u00c3O DE MATERIAIS PERMANENTES DESTINADOS AO CENTRO DE TRIAGEM DO COVID-19 A SER INSTALADO NAS DEPEND\u00caNCIAS DA SECRETARIA MUNICIPAL DE SA\u00daDE<\/td><td class=\"column-8\">R$ 31.503,15<\/td><td class=\"column-9\">COMERCIAL MOURA &amp; FERNANDES LTDA, EQUIPAMAX UTILIDADES E EQUIPAMENTOS ME, FF COM\u00c9RCIO REPRESENTA\u00c7\u00c3O<\/td><td class=\"column-10\">COMERCIAL MOURA &amp; FERNANDES LTDA<\/td><td class=\"column-11\">05.377.891\/0001-13<\/td><td class=\"column-12\">R$ 31.503,15<\/td><td class=\"column-13\">Encerrada<\/td><td class=\"column-14\">03001310003\/2021\t<\/td><td class=\"column-15\">10\/03\/2021<\/td><td class=\"column-16\"><\/td><td class=\"column-17\"><\/td>\n<\/tr>\n<tr class=\"row-193\">\n\t<td class=\"column-1\">147\/2021<\/td><td class=\"column-2\">147\/2021<\/td><td class=\"column-3\"><\/td><td class=\"column-4\">31\/03\/2021<\/td><td class=\"column-5\">Dispensa<\/td><td class=\"column-6\">Menor Pre\u00e7o Por Item<\/td><td class=\"column-7\">CONTRATA\u00c7\u00c3O DE EMPRESA ESPECIALIZADA PARA AQUISI\u00c7\u00c3O DE MATERIAIS DE LIMPEZA DESTINADOS AO CENTRO DE TRIAGEM DO COVID-19 A SER INSTALADO NAS DEPEND\u00caNCIAS DA SECRETARIA MUNICIPAL DE SA\u00daDE<\/td><td class=\"column-8\">R$ 13.147,80<\/td><td class=\"column-9\">D F DE CARVALHO , DANIELY CRISTINA SOARES DE LIMA MARQUES , FRANCISCA MARIA DE ALMEIDA NETA 87455196415<\/td><td class=\"column-10\">D F DE CARVALHO <\/td><td class=\"column-11\">06.273.413\/0001-26<\/td><td class=\"column-12\">R$ 13.147,80<\/td><td class=\"column-13\">Encerrada<\/td><td class=\"column-14\">03001405001\/2021\t<\/td><td class=\"column-15\">05\/04\/2021<\/td><td class=\"column-16\"><\/td><td class=\"column-17\"><\/td>\n<\/tr>\n<tr class=\"row-194\">\n\t<td class=\"column-1\">148\/2021<\/td><td class=\"column-2\">148\/2021<\/td><td class=\"column-3\"><\/td><td class=\"column-4\">09\/03\/2021<\/td><td class=\"column-5\">Dispensa<\/td><td class=\"column-6\">Menor Pre\u00e7o Por Item<\/td><td class=\"column-7\">CONTRATA\u00c7\u00c3O DE EMPRESA ESPECIALIZADA PARA AQUISI\u00c7\u00c3O DE EQUIPAMENTOS DE PROTE\u00c7\u00c3O INDIVIDUAL DESTINADOS AO CENTRO DE TRIAGEM DO COVID-19 A SER INSTALADO NAS DEPEND\u00caNCIAS DA SECRETARIA MUNICIPAL DE SA\u00daDE<\/td><td class=\"column-8\">R$ 13.466,00<\/td><td class=\"column-9\">HABILITY COMERCIO REPRESENTA\u00c7\u00d5ES E SERVI\u00c7OS, R D F PRODUTOS PARA SA\u00daDE LTDA, SETEMOL EQUIPAMENTOS ODONTOM\u00c9DICOS LTDA - ME<\/td><td class=\"column-10\">HABILITY COMERCIO REPRESENTA\u00c7\u00d5ES E SERVI\u00c7OS<\/td><td class=\"column-11\">10.212.250\/0001-49<\/td><td class=\"column-12\">R$ 13.466,00<\/td><td class=\"column-13\">Encerrada<\/td><td class=\"column-14\">03001310001\/2021\t<\/td><td class=\"column-15\">10\/03\/2021<\/td><td class=\"column-16\"><\/td><td class=\"column-17\"><\/td>\n<\/tr>\n<tr class=\"row-195\">\n\t<td class=\"column-1\">149\/2021<\/td><td class=\"column-2\">149\/2021<\/td><td class=\"column-3\"><\/td><td class=\"column-4\">23\/02\/2021<\/td><td class=\"column-5\">Dispensa<\/td><td class=\"column-6\">Menor Pre\u00e7o Por Item<\/td><td class=\"column-7\">CONTRATA\u00c7\u00c3O DE EMPRESA ESPECIALIZADA NA PRESTA\u00c7\u00c3O DE SERVI\u00c7OS DE LOCA\u00c7\u00c3O DE BANHEIROS QU\u00cdMICOS DESTINADOS AO CENTRO DE TRIAGEM DO COVID-19 A SER INSTALADO NAS DEPEND\u00caNCIAS DA SECRETARIA MUNICIPAL DE SA\u00daDE<\/td><td class=\"column-8\">R$ 6.730,00<\/td><td class=\"column-9\">F BATISTA DA SILVA - ME , JO\u00c3O BATISTA LOPES DE SOUZA , JUSSIER VIEIRA DE MELO - ME, S DA CUNHA SILVA LOCACOES <\/td><td class=\"column-10\">JUSSIER VIEIRA DE MELO - ME<\/td><td class=\"column-11\">14.240.361\/0001-10<\/td><td class=\"column-12\">R$ 6.730,00<\/td><td class=\"column-13\">Encerrada<\/td><td class=\"column-14\">03001223002\/2021\t<\/td><td class=\"column-15\">23\/02\/2021<\/td><td class=\"column-16\"><\/td><td class=\"column-17\"><\/td>\n<\/tr>\n<tr class=\"row-196\">\n\t<td class=\"column-1\">150\/2021<\/td><td class=\"column-2\">150\/2021<\/td><td class=\"column-3\"><\/td><td class=\"column-4\">23\/02\/2021<\/td><td class=\"column-5\">Dispensa<\/td><td class=\"column-6\">Menor Pre\u00e7o Global<\/td><td class=\"column-7\">CONTRATA\u00c7\u00c3O DE EMPRESA ESPECIALIZADA NA PRESTA\u00c7\u00c3O DE SERVI\u00c7OS DE LOCA\u00c7\u00c3O ALUGUEL DE TENDA PIRAMIDAL DESTINADOS AO CENTRO DE TRIAGEM DO COVID-19 A SER INSTALADO NAS DEPEND\u00caNCIAS DA SECRETARIA MUNICIPAL DE SA\u00daDE<\/td><td class=\"column-8\">R$ 17.400,00<\/td><td class=\"column-9\">JAMERSON ROQUE DA COSTA - ME, JUSSIER VIEIRA DE MELO - ME, TOLDOS E CAPOTARIA JURANDY TORRES LTDA <\/td><td class=\"column-10\">JAMERSON ROQUE DA COSTA - ME<\/td><td class=\"column-11\">10.975.626\/0001-77<\/td><td class=\"column-12\">R$ 17.400,00<\/td><td class=\"column-13\">Encerrada<\/td><td class=\"column-14\">03001223003\/2021\t<\/td><td class=\"column-15\">23\/02\/2021<\/td><td class=\"column-16\">19\/2021\t<\/td><td class=\"column-17\">23\/02\/2021<\/td>\n<\/tr>\n<tr class=\"row-197\">\n\t<td class=\"column-1\">151\/2021<\/td><td class=\"column-2\">151\/2021<\/td><td class=\"column-3\"><\/td><td class=\"column-4\">26\/02\/2021<\/td><td class=\"column-5\">Dispensa<\/td><td class=\"column-6\">Menor Pre\u00e7o Global<\/td><td class=\"column-7\">CONTRATA\u00c7\u00c3O DE EMPRESA ESPECIALIZADA PARA AQUISI\u00c7\u00c3O DE LENC\u00d3IS E TOALHAS DESTINADOS AO CENTRO DE TRIAGEM DO COVID-19 A SER INSTALADO NAS DEPEND\u00caNCIAS DA SECRETARIA MUNICIPAL DE SA\u00daDE<\/td><td class=\"column-8\">R$ 1.000,00<\/td><td class=\"column-9\">JOZILMA MARIA DE CARVALHO - EPP, NAIZA SOARES DO NASCIMENTO EIRELI, SERGIVALDO RODRIGUES DE AZEVEDO ME<\/td><td class=\"column-10\">JOZILMA MARIA DE CARVALHO - EPP<\/td><td class=\"column-11\">04.805.345\/0001-73<\/td><td class=\"column-12\">R$ 1.000,00<\/td><td class=\"column-13\">Encerrada<\/td><td class=\"column-14\">03001301001\/2021\t<\/td><td class=\"column-15\">01\/03\/2021<\/td><td class=\"column-16\"><\/td><td class=\"column-17\"><\/td>\n<\/tr>\n<tr class=\"row-198\">\n\t<td class=\"column-1\">154\/2021<\/td><td class=\"column-2\">154\/2021<\/td><td class=\"column-3\"><\/td><td class=\"column-4\">23\/02\/2021<\/td><td class=\"column-5\">Dispensa<\/td><td class=\"column-6\">Menor Pre\u00e7o Por Item<\/td><td class=\"column-7\">CONTRATA\u00c7\u00c3O DE EMPRESA ESPECIALIZADA PARA AQUISI\u00c7\u00c3O DE TAPETES HIGI\u00caNICOS SANITIZANTES DESTINADOS AO CENTRO DE TRIAGEM DO COVID-19 A SER INSTALADO NAS DEPEND\u00caNCIAS DA SECRETARIA MUNICIPAL DE SA\u00daDE<\/td><td class=\"column-8\">R$ 7.500,00<\/td><td class=\"column-9\">DAYANE RAFAELA DE MELO FRAN\u00c7A DANTAS, E.R.COMERCIO VAREJISTA SERVI\u00c7OS LTDA - ME, TECHPROL SERVI\u00c7OS, COMERCIO E LOCA\u00c7\u00d5ES EIRELI<\/td><td class=\"column-10\">DAYANE RAFAELA DE MELO FRAN\u00c7A DANTAS<\/td><td class=\"column-11\">35.284.764\/0001-30<\/td><td class=\"column-12\">R$ 7.500,00<\/td><td class=\"column-13\">Encerrada<\/td><td class=\"column-14\">03001224001\/2021\t<\/td><td class=\"column-15\">24\/02\/2021<\/td><td class=\"column-16\"><\/td><td class=\"column-17\"><\/td>\n<\/tr>\n<tr class=\"row-199\">\n\t<td class=\"column-1\">155\/2021<\/td><td class=\"column-2\">155\/2021<\/td><td class=\"column-3\"><\/td><td class=\"column-4\">18\/02\/2021<\/td><td class=\"column-5\">Dispensa<\/td><td class=\"column-6\">Menor Pre\u00e7o Por Item<\/td><td class=\"column-7\">CONTRATA\u00c7\u00c3O DE PESSOA F\u00cdSICA PARA PRESTA\u00c7\u00c3O DE SERVI\u00c7OS T\u00c9CNICOS NA \u00c1REA DA SA\u00daDE JUNTO AOS PROGRAMAS FEDERAIS DE SA\u00daDE E ADMINSTRA\u00c7\u00c3O P\u00daBLICA EM GERAL DESTE MUNIC\u00cdPIO<\/td><td class=\"column-8\">R$ 15.050,00<\/td><td class=\"column-9\">EDUARDO RODRIGUES DOS SANTOS ANJOS, MARIELLE CRUZ BARCELOS, MIKE RANIEL LUIZ DA SILVA<\/td><td class=\"column-10\">EDUARDO RODRIGUES DOS SANTOS ANJOS<\/td><td class=\"column-11\">079.385.324-95<\/td><td class=\"column-12\">R$ 15.050,00<\/td><td class=\"column-13\">Encerrada<\/td><td class=\"column-14\">03001222001\/2021\t<\/td><td class=\"column-15\">22\/02\/2021<\/td><td class=\"column-16\">17\/2021\t<\/td><td class=\"column-17\">22\/02\/2021<\/td>\n<\/tr>\n<tr class=\"row-200\">\n\t<td class=\"column-1\">156\/2021<\/td><td class=\"column-2\">156\/2021<\/td><td class=\"column-3\"><\/td><td class=\"column-4\">03\/03\/2021<\/td><td class=\"column-5\">Dispensa<\/td><td class=\"column-6\">Menor Pre\u00e7o Por Item<\/td><td class=\"column-7\">AQUISI\u00c7\u00c3O DE SUPRIMENTOS DE IMPRESS\u00c3O.<\/td><td class=\"column-8\">R$ 14.891,10<\/td><td class=\"column-9\">AT GONDIM DE ALMEIDA - EPP, CAMELO COMERCIO E REPRESENTA\u00c7OES, COMERCIAL TAVARES EIRELI, FOUR TECH SUPRIMENTOS P\/ IMPRESS\u00c3O E INFORMATICA<\/td><td class=\"column-10\">FOUR TECH SUPRIMENTOS P\/ IMPRESS\u00c3O E INFORMATICA<\/td><td class=\"column-11\">32.132.095\/0001-93<\/td><td class=\"column-12\">R$ 14.891,10<\/td><td class=\"column-13\">Encerrada<\/td><td class=\"column-14\">02002303001\/2021\t<\/td><td class=\"column-15\">03\/03\/2021<\/td><td class=\"column-16\"><\/td><td class=\"column-17\"><\/td>\n<\/tr>\n<tr class=\"row-201\">\n\t<td class=\"column-1\">157\/2021<\/td><td class=\"column-2\">157\/2021<\/td><td class=\"column-3\">30\/03\/2021<\/td><td class=\"column-4\"><\/td><td class=\"column-5\">Preg\u00e3o Presencial<\/td><td class=\"column-6\">Menor Pre\u00e7o Por Item<\/td><td class=\"column-7\">REGISTRO DE PRE\u00c7OS PARA FUTURA CONTRATA\u00c7\u00c3O DE EMPRESA ESPECIALIZADA EM FORNECIMENTO DE VE\u00cdCULO DO TIPO TRATOR PARA CORTE DE TERRA E DE 01(UMA) RETROESCAVADEIRA EM REGIME DE LOCA\u00c7\u00c3O, COM A FINALIDADE DE ATENDER AS NECESSIDADES DA PREFEITURA MUNICIPAL DE LAJES\/RN ATRAV\u00c9S DA SECRETARIA MUNICIPAL DE AGRICULTURA E SECRETARIA MUNICIPAL DE OBRAS BENEFICIANDO A POPULA\u00c7\u00c3O DESTE MUNIC\u00cdPIO, BEM COMO OS PRODUTORES LOCAIS DANDO SEQU\u00caNCIA AO TRABALHO DO HOMEM DO CAMPO DESENVOLVENDO TAMB\u00c9M A ECONOMIA LOCAL.<\/td><td class=\"column-8\">R$ 463.800,00<\/td><td class=\"column-9\"><\/td><td class=\"column-10\"><\/td><td class=\"column-11\"><\/td><td class=\"column-12\"><\/td><td class=\"column-13\">Em edi\u00e7\u00e3o<\/td><td class=\"column-14\"><\/td><td class=\"column-15\"><\/td><td class=\"column-16\"><\/td><td class=\"column-17\"><\/td>\n<\/tr>\n<tr class=\"row-202\">\n\t<td class=\"column-1\">162\/2021<\/td><td class=\"column-2\">162\/2021<\/td><td class=\"column-3\"><\/td><td class=\"column-4\">04\/03\/2021<\/td><td class=\"column-5\">Dispensa<\/td><td class=\"column-6\">Menor Pre\u00e7o Por Item<\/td><td class=\"column-7\">CONTRATA\u00c7\u00c3O DE EMPRESA ESPECIALIZADA EM PRESTA\u00c7\u00c3O DE SERVI\u00c7O DE ASSESSORIA DE COMUNICA\u00c7\u00c3O COM EQUIPAMENTOS, SERVI\u00c7OS DE M\u00cdDIAS DIGITAIS COM GEST\u00c3O DE CONTE\u00daDO E SERVI\u00c7OS DE MARKETING<\/td><td class=\"column-8\">R$ 17.100,00<\/td><td class=\"column-9\">084 COMUNICA\u00c7\u00c3O E MARKETING EIRELI, CAFE DESIGN , DOURADO DESIGN E COMUNICA\u00c7\u00c3O <\/td><td class=\"column-10\">084 COMUNICA\u00c7\u00c3O E MARKETING EIRELI<\/td><td class=\"column-11\">30.436.906\/0001-14<\/td><td class=\"column-12\">R$ 17.100,00<\/td><td class=\"column-13\">Encerrada<\/td><td class=\"column-14\">02002305001\/2021\t<\/td><td class=\"column-15\">05\/03\/2021<\/td><td class=\"column-16\">24\/2021\t<\/td><td class=\"column-17\">04\/03\/2021<\/td>\n<\/tr>\n<tr class=\"row-203\">\n\t<td class=\"column-1\">164\/2021<\/td><td class=\"column-2\">164\/2021<\/td><td class=\"column-3\"><\/td><td class=\"column-4\">08\/03\/2021<\/td><td class=\"column-5\">Dispensa<\/td><td class=\"column-6\">Menor Pre\u00e7o Por Item<\/td><td class=\"column-7\">CONTRATA\u00c7\u00c3O DE PESSOA JUR\u00cdDICA PARA AQUISI\u00c7\u00c3O DE G\u00caNEROS ALIMENT\u00cdCIOS, EM CAR\u00c1TER DE EMERG\u00caNCIAL E NAS QUANTIDADES E CONDI\u00c7\u00d5ES INDICADAS NAS ESPECIFICA\u00c7\u00d5ES T\u00c9CNICAS<\/td><td class=\"column-8\">R$ 57.330,00<\/td><td class=\"column-9\">DISTRIBUIDORA DE GR\u00c3OS E CEREAIS SANTA MARIA , EMPORIO DO GR\u00c3O EIRELI, O PONTO DO FEIJ\u00c3O DIST. A ATAC. EIRELI - EPP<\/td><td class=\"column-10\">DISTRIBUIDORA DE GR\u00c3OS E CEREAIS SANTA MARIA <\/td><td class=\"column-11\">39.664.772\/0001-63<\/td><td class=\"column-12\">R$ 57.330,00<\/td><td class=\"column-13\">Encerrada<\/td><td class=\"column-14\">02006308001\/2021\t<\/td><td class=\"column-15\">08\/03\/2021<\/td><td class=\"column-16\">26\/2021\t<\/td><td class=\"column-17\">08\/03\/2021<\/td>\n<\/tr>\n<tr class=\"row-204\">\n\t<td class=\"column-1\">164\/2021<\/td><td class=\"column-2\">164\/2021<\/td><td class=\"column-3\"><\/td><td class=\"column-4\">08\/03\/2021<\/td><td class=\"column-5\">Dispensa<\/td><td class=\"column-6\">Menor Pre\u00e7o Por Item<\/td><td class=\"column-7\">CONTRATA\u00c7\u00c3O DE PESSOA JUR\u00cdDICA PARA AQUISI\u00c7\u00c3O DE G\u00caNEROS ALIMENT\u00cdCIOS, EM CAR\u00c1TER DE EMERG\u00caNCIAL E NAS QUANTIDADES E CONDI\u00c7\u00d5ES INDICADAS NAS ESPECIFICA\u00c7\u00d5ES T\u00c9CNICAS<\/td><td class=\"column-8\">R$ 57.330,00<\/td><td class=\"column-9\">DISTRIBUIDORA DE GR\u00c3OS E CEREAIS SANTA MARIA , EMPORIO DO GR\u00c3O EIRELI, O PONTO DO FEIJ\u00c3O DIST. A ATAC. EIRELI - EPP<\/td><td class=\"column-10\">DISTRIBUIDORA DE GR\u00c3OS E CEREAIS SANTA MARIA <\/td><td class=\"column-11\">39.664.772\/0001-63<\/td><td class=\"column-12\">R$ 57.330,00<\/td><td class=\"column-13\">Encerrada<\/td><td class=\"column-14\">02006308002\/2021\t<\/td><td class=\"column-15\">08\/03\/2021<\/td><td class=\"column-16\">26\/2021\t<\/td><td class=\"column-17\">08\/03\/2021<\/td>\n<\/tr>\n<tr class=\"row-205\">\n\t<td class=\"column-1\">167\/2021<\/td><td class=\"column-2\">167\/2021<\/td><td class=\"column-3\"><\/td><td class=\"column-4\">16\/03\/2021<\/td><td class=\"column-5\">Dispensa<\/td><td class=\"column-6\">Menor Pre\u00e7o Por Item<\/td><td class=\"column-7\">CONTRATA\u00c7\u00c3O DE EMPRESA PARA EXECUCA\u00c7\u00c3O DE SERVI\u00c7OS AUTOMOTIVOS COM FORNECIMENTO DE PE\u00c7AS ORIGINAIS DE REPOSI\u00c7\u00c3O PARA VE\u00cdCULOS DO TIPO M\u00c1QUINAS PESADAS E IMPLEMENTOS.<\/td><td class=\"column-8\">R$ 153.900,00<\/td><td class=\"column-9\">JODISEL COMERCIO &amp; IMPORTA\u00c7\u00c3O DE M\u00c1QUINAS EIRELI-ME, SANTOS &amp; ALVES AUTO SERVICE , SERID\u00d3 TRATORES COMERCIO E SERVI\u00c7OS LTDA EPP<\/td><td class=\"column-10\">SANTOS &amp; ALVES AUTO SERVICE <\/td><td class=\"column-11\">28.648.280\/0001-68<\/td><td class=\"column-12\">R$ 153.900,00<\/td><td class=\"column-13\">Encerrada<\/td><td class=\"column-14\">02008317001\/2021\t<\/td><td class=\"column-15\">17\/03\/2021<\/td><td class=\"column-16\">32\/2021\t<\/td><td class=\"column-17\">16\/03\/2021<\/td>\n<\/tr>\n<tr class=\"row-206\">\n\t<td class=\"column-1\">167\/2021<\/td><td class=\"column-2\">167\/2021<\/td><td class=\"column-3\"><\/td><td class=\"column-4\">16\/03\/2021<\/td><td class=\"column-5\">Dispensa<\/td><td class=\"column-6\">Menor Pre\u00e7o Por Item<\/td><td class=\"column-7\">CONTRATA\u00c7\u00c3O DE EMPRESA PARA EXECUCA\u00c7\u00c3O DE SERVI\u00c7OS AUTOMOTIVOS COM FORNECIMENTO DE PE\u00c7AS ORIGINAIS DE REPOSI\u00c7\u00c3O PARA VE\u00cdCULOS DO TIPO M\u00c1QUINAS PESADAS E IMPLEMENTOS.<\/td><td class=\"column-8\">R$ 153.900,00<\/td><td class=\"column-9\">JODISEL COMERCIO &amp; IMPORTA\u00c7\u00c3O DE M\u00c1QUINAS EIRELI-ME, SANTOS &amp; ALVES AUTO SERVICE , SERID\u00d3 TRATORES COMERCIO E SERVI\u00c7OS LTDA EPP<\/td><td class=\"column-10\">SANTOS &amp; ALVES AUTO SERVICE <\/td><td class=\"column-11\">28.648.280\/0001-68<\/td><td class=\"column-12\">R$ 153.900,00<\/td><td class=\"column-13\">Encerrada<\/td><td class=\"column-14\">02004317001\/2021\t<\/td><td class=\"column-15\">17\/03\/2021<\/td><td class=\"column-16\">32\/2021\t<\/td><td class=\"column-17\">16\/03\/2021<\/td>\n<\/tr>\n<tr class=\"row-207\">\n\t<td class=\"column-1\">167\/2021<\/td><td class=\"column-2\">167\/2021<\/td><td class=\"column-3\"><\/td><td class=\"column-4\">16\/03\/2021<\/td><td class=\"column-5\">Dispensa<\/td><td class=\"column-6\">Menor Pre\u00e7o Por Item<\/td><td class=\"column-7\">CONTRATA\u00c7\u00c3O DE EMPRESA PARA EXECUCA\u00c7\u00c3O DE SERVI\u00c7OS AUTOMOTIVOS COM FORNECIMENTO DE PE\u00c7AS ORIGINAIS DE REPOSI\u00c7\u00c3O PARA VE\u00cdCULOS DO TIPO M\u00c1QUINAS PESADAS E IMPLEMENTOS.<\/td><td class=\"column-8\">R$ 153.900,00<\/td><td class=\"column-9\">JODISEL COMERCIO &amp; IMPORTA\u00c7\u00c3O DE M\u00c1QUINAS EIRELI-ME, SANTOS &amp; ALVES AUTO SERVICE , SERID\u00d3 TRATORES COMERCIO E SERVI\u00c7OS LTDA EPP<\/td><td class=\"column-10\">SANTOS &amp; ALVES AUTO SERVICE <\/td><td class=\"column-11\">28.648.280\/0001-68<\/td><td class=\"column-12\">R$ 153.900,00<\/td><td class=\"column-13\">Encerrada<\/td><td class=\"column-14\">02004317002\/2021\t<\/td><td class=\"column-15\">17\/03\/2021<\/td><td class=\"column-16\">32\/2021\t<\/td><td class=\"column-17\">16\/03\/2021<\/td>\n<\/tr>\n<tr class=\"row-208\">\n\t<td class=\"column-1\">167\/2021<\/td><td class=\"column-2\">167\/2021<\/td><td class=\"column-3\"><\/td><td class=\"column-4\">16\/03\/2021<\/td><td class=\"column-5\">Dispensa<\/td><td class=\"column-6\">Menor Pre\u00e7o Por Item<\/td><td class=\"column-7\">CONTRATA\u00c7\u00c3O DE EMPRESA PARA EXECUCA\u00c7\u00c3O DE SERVI\u00c7OS AUTOMOTIVOS COM FORNECIMENTO DE PE\u00c7AS ORIGINAIS DE REPOSI\u00c7\u00c3O PARA VE\u00cdCULOS DO TIPO M\u00c1QUINAS PESADAS E IMPLEMENTOS.<\/td><td class=\"column-8\">R$ 153.900,00<\/td><td class=\"column-9\">JODISEL COMERCIO &amp; IMPORTA\u00c7\u00c3O DE M\u00c1QUINAS EIRELI-ME, SANTOS &amp; ALVES AUTO SERVICE , SERID\u00d3 TRATORES COMERCIO E SERVI\u00c7OS LTDA EPP<\/td><td class=\"column-10\">SANTOS &amp; ALVES AUTO SERVICE <\/td><td class=\"column-11\">28.648.280\/0001-68<\/td><td class=\"column-12\">R$ 153.900,00<\/td><td class=\"column-13\">Encerrada<\/td><td class=\"column-14\">02008317002\/2021\t<\/td><td class=\"column-15\">17\/03\/2021<\/td><td class=\"column-16\">32\/2021\t<\/td><td class=\"column-17\">16\/03\/2021<\/td>\n<\/tr>\n<tr class=\"row-209\">\n\t<td class=\"column-1\">174\/2021<\/td><td class=\"column-2\">174\/2021<\/td><td class=\"column-3\"><\/td><td class=\"column-4\">03\/03\/2021<\/td><td class=\"column-5\">Dispensa<\/td><td class=\"column-6\">Menor Pre\u00e7o Por Item<\/td><td class=\"column-7\">CONTRATA\u00c7\u00c3O DE EMPRESA EMERGENCIAL ESPECIALIZADA NA PRESTA\u00c7\u00c3O DOS SERVI\u00c7OS DE LOCA\u00c7\u00c3O DE VE\u00cdCULO DO TIPO COLETOR DE LIXO COMPACTADOR COM NO M\u00cdNIMO 12M\u00b3 COM OPERADOR DEVIDAMENTE HABILITADO<\/td><td class=\"column-8\">R$ 45.000,00<\/td><td class=\"column-9\">A B AGOSTINHO EIRELI - ME , AMPLA LOCA\u00c7\u00c3O DE AUTOMOVEIS E MAQUINAS , FJ SERVI\u00c7OS E COMERCIO EIRELI<\/td><td class=\"column-10\">AMPLA LOCA\u00c7\u00c3O DE AUTOMOVEIS E MAQUINAS <\/td><td class=\"column-11\">37.833.161\/0001-76<\/td><td class=\"column-12\">R$ 45.000,00<\/td><td class=\"column-13\">Encerrada<\/td><td class=\"column-14\">02004602001\/2021\t<\/td><td class=\"column-15\">02\/06\/2021<\/td><td class=\"column-16\">22\/2021\t<\/td><td class=\"column-17\">03\/03\/2021<\/td>\n<\/tr>\n<tr class=\"row-210\">\n\t<td class=\"column-1\">174\/2021<\/td><td class=\"column-2\">174\/2021<\/td><td class=\"column-3\"><\/td><td class=\"column-4\">03\/03\/2021<\/td><td class=\"column-5\">Dispensa<\/td><td class=\"column-6\">Menor Pre\u00e7o Por Item<\/td><td class=\"column-7\">CONTRATA\u00c7\u00c3O DE EMPRESA EMERGENCIAL ESPECIALIZADA NA PRESTA\u00c7\u00c3O DOS SERVI\u00c7OS DE LOCA\u00c7\u00c3O DE VE\u00cdCULO DO TIPO COLETOR DE LIXO COMPACTADOR COM NO M\u00cdNIMO 12M\u00b3 COM OPERADOR DEVIDAMENTE HABILITADO<\/td><td class=\"column-8\">R$ 45.000,00<\/td><td class=\"column-9\">A B AGOSTINHO EIRELI - ME , AMPLA LOCA\u00c7\u00c3O DE AUTOMOVEIS E MAQUINAS , FJ SERVI\u00c7OS E COMERCIO EIRELI<\/td><td class=\"column-10\">AMPLA LOCA\u00c7\u00c3O DE AUTOMOVEIS E MAQUINAS <\/td><td class=\"column-11\">37.833.161\/0001-76<\/td><td class=\"column-12\">R$ 45.000,00<\/td><td class=\"column-13\">Encerrada<\/td><td class=\"column-14\">02004303001\/2021\t<\/td><td class=\"column-15\">03\/03\/2021<\/td><td class=\"column-16\">22\/2021\t<\/td><td class=\"column-17\">03\/03\/2021<\/td>\n<\/tr>\n<tr class=\"row-211\">\n\t<td class=\"column-1\">175\/2021<\/td><td class=\"column-2\">175\/2021<\/td><td class=\"column-3\"><\/td><td class=\"column-4\">15\/03\/2021<\/td><td class=\"column-5\">Dispensa<\/td><td class=\"column-6\">Menor Pre\u00e7o Por Item<\/td><td class=\"column-7\">CONTRATA\u00c7\u00c3O DE EMPRESA EMERGENCIAL ESPECIALIZADA NA PRESTA\u00c7\u00c3O DOS SERVI\u00c7OS DE VARRI\u00c7\u00c3O DE RUAS E LOGRADOUROS P\u00daBLICOS, CAPINA MANUAL, RO\u00c7ADA E PINTURA DE MEIO FIO, VISANDO A MELHORIA DE QUALIDADE DE VIDA DOS MUN\u00cdCIPES CONFORME NECESSIDADE DO PODER EXECUTIVO MUNICIPAL.<\/td><td class=\"column-8\">R$ 104.913,84<\/td><td class=\"column-9\">A B AGOSTINHO EIRELI - ME , AMPLA LOCA\u00c7\u00c3O DE AUTOMOVEIS E MAQUINAS , FJ SERVI\u00c7OS E COMERCIO EIRELI<\/td><td class=\"column-10\">AMPLA LOCA\u00c7\u00c3O DE AUTOMOVEIS E MAQUINAS <\/td><td class=\"column-11\">37.833.161\/0001-76<\/td><td class=\"column-12\">R$ 104.913,84<\/td><td class=\"column-13\">Encerrada<\/td><td class=\"column-14\">02004315001\/2021\t<\/td><td class=\"column-15\">15\/03\/2021<\/td><td class=\"column-16\">31\/2021\t<\/td><td class=\"column-17\">15\/03\/2021<\/td>\n<\/tr>\n<tr class=\"row-212\">\n\t<td class=\"column-1\">175\/2021<\/td><td class=\"column-2\">175\/2021<\/td><td class=\"column-3\"><\/td><td class=\"column-4\">15\/03\/2021<\/td><td class=\"column-5\">Dispensa<\/td><td class=\"column-6\">Menor Pre\u00e7o Por Item<\/td><td class=\"column-7\">CONTRATA\u00c7\u00c3O DE EMPRESA EMERGENCIAL ESPECIALIZADA NA PRESTA\u00c7\u00c3O DOS SERVI\u00c7OS DE VARRI\u00c7\u00c3O DE RUAS E LOGRADOUROS P\u00daBLICOS, CAPINA MANUAL, RO\u00c7ADA E PINTURA DE MEIO FIO, VISANDO A MELHORIA DE QUALIDADE DE VIDA DOS MUN\u00cdCIPES CONFORME NECESSIDADE DO PODER EXECUTIVO MUNICIPAL.<\/td><td class=\"column-8\">R$ 104.913,84<\/td><td class=\"column-9\">A B AGOSTINHO EIRELI - ME , AMPLA LOCA\u00c7\u00c3O DE AUTOMOVEIS E MAQUINAS , FJ SERVI\u00c7OS E COMERCIO EIRELI<\/td><td class=\"column-10\">AMPLA LOCA\u00c7\u00c3O DE AUTOMOVEIS E MAQUINAS <\/td><td class=\"column-11\">37.833.161\/0001-76<\/td><td class=\"column-12\">R$ 104.913,84<\/td><td class=\"column-13\">Encerrada<\/td><td class=\"column-14\">02004615001\/2021\t<\/td><td class=\"column-15\">15\/06\/2021<\/td><td class=\"column-16\">31\/2021\t<\/td><td class=\"column-17\">15\/03\/2021<\/td>\n<\/tr>\n<tr class=\"row-213\">\n\t<td class=\"column-1\">176\/2021<\/td><td class=\"column-2\">176\/2021<\/td><td class=\"column-3\"><\/td><td class=\"column-4\">30\/03\/2021<\/td><td class=\"column-5\">Dispensa<\/td><td class=\"column-6\">Menor Pre\u00e7o Por Item<\/td><td class=\"column-7\">CONTRATA\u00c7\u00c3O DE PESSOA JUR\u00cdDICA ESPECIALIZADA PARA A IMPLANTA\u00c7\u00c3O, HOSPEDAGEM, TREINAMENTO, MANUTEN\u00c7\u00c3O E SUPORTE T\u00c9CNICO DO SIGEDUC (SISTEMA INTEGRADO DE GEST\u00c3O DE EDUCA\u00c7\u00c3O)<\/td><td class=\"column-8\">R$ 17.514,00<\/td><td class=\"column-9\">LOTHUS SOLU\u00c7OES E SERVI\u00c7OS TECNOLOGICOS LTDA-ME, MBN TECNOLOGIA , SIG SOFTWARE &amp; CONSULTORIA EM TECNOLOGIA DA INFORMACAO LTDA<\/td><td class=\"column-10\">SIG SOFTWARE &amp; CONSULTORIA EM TECNOLOGIA DA INFORMACAO LTDA<\/td><td class=\"column-11\">13.406.686\/0001-67<\/td><td class=\"column-12\">R$ 17.514,00<\/td><td class=\"column-13\">Encerrada<\/td><td class=\"column-14\">02006331001\/2021\t<\/td><td class=\"column-15\">31\/03\/2021<\/td><td class=\"column-16\">37\/2021\t<\/td><td class=\"column-17\">30\/03\/2021<\/td>\n<\/tr>\n<tr class=\"row-214\">\n\t<td class=\"column-1\">177\/2021<\/td><td class=\"column-2\">177\/2021<\/td><td class=\"column-3\"><\/td><td class=\"column-4\">15\/04\/2021<\/td><td class=\"column-5\">Dispensa<\/td><td class=\"column-6\">Menor Pre\u00e7o Global<\/td><td class=\"column-7\">AQUISI\u00c7\u00c3O DE MATERIAL DE CONSTRU\u00c7\u00c3O EMERGENCIAL DE ACORDO COM O TERMO DE REFER\u00caNCIA PARA ATENDER A DEMANDA DE MANUTEN\u00c7\u00d5ES\/CONSERTOS DOS PR\u00c9DIOS P\u00daBLICOS DESTE MUNIC\u00cdPIO, VISANDO A MELHORIA DO ATENDIMENTO AOS MUN\u00cdCIPES.<\/td><td class=\"column-8\">R$ 98.110,82<\/td><td class=\"column-9\">COMERCIAL LAGOA NOVA LTDA, FRANKLIN AMORIM DE SOUZA - ME, G. SALVIANO ME<\/td><td class=\"column-10\">COMERCIAL LAGOA NOVA LTDA<\/td><td class=\"column-11\">20.647.964\/0001-33<\/td><td class=\"column-12\">R$ 98.199,74<\/td><td class=\"column-13\">Encerrada<\/td><td class=\"column-14\">02004415001\/2021\t<\/td><td class=\"column-15\">15\/04\/2021<\/td><td class=\"column-16\">40\/2021\t<\/td><td class=\"column-17\">15\/04\/2021<\/td>\n<\/tr>\n<tr class=\"row-215\">\n\t<td class=\"column-1\">179\/2021<\/td><td class=\"column-2\">179\/2021<\/td><td class=\"column-3\"><\/td><td class=\"column-4\">18\/03\/2021<\/td><td class=\"column-5\">Dispensa<\/td><td class=\"column-6\">Menor Pre\u00e7o Por Item<\/td><td class=\"column-7\">CONTRATA\u00c7\u00c3O DE EMPRESA PARA PRESTA\u00c7\u00c3O DE SERVI\u00c7OS PARA MANUTEN\u00c7\u00c3O E CONFEC\u00c7\u00c3O DE PORT\u00d5ES DE ACORDO COM O TERMO DE REFER\u00caNCIA<\/td><td class=\"column-8\">R$ 17.200,00<\/td><td class=\"column-9\">JOAO PAULO MARTINS GALDINO 10189724471, JOSE DOMINGOS MOREIRA DA COSTA , REBECA KAROLLAINY BEZERRA BERNADINO 70670220450<\/td><td class=\"column-10\">JOAO PAULO MARTINS GALDINO 10189724471<\/td><td class=\"column-11\">25.112.102\/0001-20<\/td><td class=\"column-12\">R$ 17.200,00<\/td><td class=\"column-13\">Encerrada<\/td><td class=\"column-14\">02002319001\/2021\t<\/td><td class=\"column-15\">19\/03\/2021<\/td><td class=\"column-16\">33\/2021\t<\/td><td class=\"column-17\">18\/03\/2021<\/td>\n<\/tr>\n<tr class=\"row-216\">\n\t<td class=\"column-1\">179\/2021<\/td><td class=\"column-2\">179\/2021<\/td><td class=\"column-3\"><\/td><td class=\"column-4\">18\/03\/2021<\/td><td class=\"column-5\">Dispensa<\/td><td class=\"column-6\">Menor Pre\u00e7o Por Item<\/td><td class=\"column-7\">CONTRATA\u00c7\u00c3O DE EMPRESA PARA PRESTA\u00c7\u00c3O DE SERVI\u00c7OS PARA MANUTEN\u00c7\u00c3O E CONFEC\u00c7\u00c3O DE PORT\u00d5ES DE ACORDO COM O TERMO DE REFER\u00caNCIA<\/td><td class=\"column-8\">R$ 17.200,00<\/td><td class=\"column-9\">JOAO PAULO MARTINS GALDINO 10189724471, JOSE DOMINGOS MOREIRA DA COSTA , REBECA KAROLLAINY BEZERRA BERNADINO 70670220450<\/td><td class=\"column-10\">JOAO PAULO MARTINS GALDINO 10189724471<\/td><td class=\"column-11\">25.112.102\/0001-20<\/td><td class=\"column-12\">R$ 17.200,00<\/td><td class=\"column-13\">Encerrada<\/td><td class=\"column-14\">020021222001\/2021\t<\/td><td class=\"column-15\">22\/12\/2021<\/td><td class=\"column-16\">33\/2021\t<\/td><td class=\"column-17\">18\/03\/2021<\/td>\n<\/tr>\n<tr class=\"row-217\">\n\t<td class=\"column-1\">188\/2021<\/td><td class=\"column-2\">188\/2021<\/td><td class=\"column-3\"><\/td><td class=\"column-4\">25\/03\/2021<\/td><td class=\"column-5\">Dispensa<\/td><td class=\"column-6\">Menor Pre\u00e7o Por Item<\/td><td class=\"column-7\">CONTRATA\u00c7\u00c3O DE EMPRESA PARA PRESTA\u00c7\u00c3O DOS SERVI\u00c7OS DE MANUTEN\u00c7\u00c3O PREVENTIVA E CORRETIVA EM BOMBAS SUBMERSAS COM POSS\u00cdVEL REPOSI\u00c7\u00c3O DE PE\u00c7AS, TENDO EM VISTA O PER\u00cdODO DE ESTIAGEM<\/td><td class=\"column-8\">R$ 13.780,00<\/td><td class=\"column-9\">GREGORIO ABRANTES FERREIRA NETO HIDROBOMBAS, IRACI PAULINO DA SILVA, RN ADMINISTRADORA DE SERVICOS LTDA<\/td><td class=\"column-10\">RN ADMINISTRADORA DE SERVICOS LTDA<\/td><td class=\"column-11\">36.333.972\/0001-45<\/td><td class=\"column-12\">R$ 13.780,00<\/td><td class=\"column-13\">Encerrada<\/td><td class=\"column-14\">02008325003\/2021\t<\/td><td class=\"column-15\">25\/03\/2021<\/td><td class=\"column-16\">35\/2021\t<\/td><td class=\"column-17\">25\/03\/2021<\/td>\n<\/tr>\n<tr class=\"row-218\">\n\t<td class=\"column-1\">194\/2021<\/td><td class=\"column-2\">194\/2021<\/td><td class=\"column-3\">30\/03\/2021<\/td><td class=\"column-4\"><\/td><td class=\"column-5\">Preg\u00e3o Presencial<\/td><td class=\"column-6\">Menor Pre\u00e7o Por Item<\/td><td class=\"column-7\">REGISTRO DE PRE\u00c7OS PARA FUTURA AQUISI\u00c7\u00c3O DE PEIXE, DESTINADOS PARA DOA\u00c7\u00c3O \u00c0S FAM\u00cdLIAS CARENTES DESTE MUNIC\u00cdPIO, INSERIDAS NOS PROGRAMAS SOCIAIS DO GOVERNO FEDERAL, NO PER\u00cdODO DA SEMANA SANTA ATRAV\u00c9S DO PROGRAMA \u201cPEIXE PARA O POVO\u201d, DA PREFEITURA MUNICIPAL DE LAJES\/RN, NOS TERMOS DA LEGISLA\u00c7\u00c3O EM VIGOR E EM ATENDIMENTO A NECESSIDADE DESTE \u00d3RG\u00c3O, DE ACORDO COM O TERMO DE REFER\u00caNCIA EM ANEXO.<\/td><td class=\"column-8\">R$ 135.920,00<\/td><td class=\"column-9\"><\/td><td class=\"column-10\"><\/td><td class=\"column-11\"><\/td><td class=\"column-12\"><\/td><td class=\"column-13\">Em edi\u00e7\u00e3o<\/td><td class=\"column-14\"><\/td><td class=\"column-15\"><\/td><td class=\"column-16\"><\/td><td class=\"column-17\"><\/td>\n<\/tr>\n<tr class=\"row-219\">\n\t<td class=\"column-1\">199\/2021<\/td><td class=\"column-2\">199\/2021<\/td><td class=\"column-3\"><\/td><td class=\"column-4\">22\/03\/2021<\/td><td class=\"column-5\">Dispensa<\/td><td class=\"column-6\">Menor Pre\u00e7o Por Item<\/td><td class=\"column-7\">AQUISI\u00c7\u00c3O DE PULVERIZADORES EM CAR\u00c1TER DE URG\u00caNCIA DE ACORDO COM O TERMO DE REFER\u00caNCIA VISANDO A PREVEN\u00c7\u00c3O DO COVID-19<\/td><td class=\"column-8\">R$ 4.252,10<\/td><td class=\"column-9\">A CHELITA LTDA, PAULA, MAQUINAS E EQUIPAMENTOS LTDA, XAVIER &amp; OLIVEIRA LTDA<\/td><td class=\"column-10\">A CHELITA LTDA<\/td><td class=\"column-11\">08.285.124\/0001-72<\/td><td class=\"column-12\">R$ 4.252,10<\/td><td class=\"column-13\">Encerrada<\/td><td class=\"column-14\">03001323001\/2021\t<\/td><td class=\"column-15\">23\/03\/2021<\/td><td class=\"column-16\"><\/td><td class=\"column-17\"><\/td>\n<\/tr>\n<tr class=\"row-220\">\n\t<td class=\"column-1\">203\/2021<\/td><td class=\"column-2\">203\/2021<\/td><td class=\"column-3\"><\/td><td class=\"column-4\">30\/03\/2021<\/td><td class=\"column-5\">Dispensa<\/td><td class=\"column-6\">Menor Pre\u00e7o Por Item<\/td><td class=\"column-7\">AQUISI\u00c7\u00c3O DE ELEMENTO FILTRANTE 10 POLEGADAS DE 5 MICRAS<\/td><td class=\"column-8\">R$ 780,00<\/td><td class=\"column-9\">ACQUA VITAE COMERCIO E SERVICOS LTDA, MASSONE ENGENHARIA , SERVPOCOS SERVICOS DE PERFURACAO INSTALACAO E MANUTENCAO DE POCOS LTDA<\/td><td class=\"column-10\">ACQUA VITAE COMERCIO E SERVICOS LTDA<\/td><td class=\"column-11\">28.750.897\/0001-90<\/td><td class=\"column-12\">R$ 780,00<\/td><td class=\"column-13\">Encerrada<\/td><td class=\"column-14\">02008330001\/2021\t<\/td><td class=\"column-15\">30\/03\/2021<\/td><td class=\"column-16\"><\/td><td class=\"column-17\"><\/td>\n<\/tr>\n<tr class=\"row-221\">\n\t<td class=\"column-1\">204\/2021<\/td><td class=\"column-2\">204\/2021<\/td><td class=\"column-3\"><\/td><td class=\"column-4\">31\/03\/2021<\/td><td class=\"column-5\">Dispensa<\/td><td class=\"column-6\">Menor Pre\u00e7o Por Item<\/td><td class=\"column-7\">CONFEC\u00c7\u00c3O DE CARIMBOS<\/td><td class=\"column-8\">R$ 3.812,00<\/td><td class=\"column-9\">DAYANE RAFAELA DE MELO FRAN\u00c7A DANTAS, NACIONAL COM\u00c9RCIO E REPRESENTA\u00c7\u00c3O EIRELI, TECHPROL SERVI\u00c7OS, COMERCIO E LOCA\u00c7\u00d5ES EIRELI<\/td><td class=\"column-10\">DAYANE RAFAELA DE MELO FRAN\u00c7A DANTAS<\/td><td class=\"column-11\">35.284.764\/0001-30<\/td><td class=\"column-12\">R$ 3.812,00<\/td><td class=\"column-13\">Encerrada<\/td><td class=\"column-14\">02002409001\/2021\t<\/td><td class=\"column-15\">09\/04\/2021<\/td><td class=\"column-16\"><\/td><td class=\"column-17\"><\/td>\n<\/tr>\n<tr class=\"row-222\">\n\t<td class=\"column-1\">205\/2021<\/td><td class=\"column-2\">205\/2021<\/td><td class=\"column-3\"><\/td><td class=\"column-4\">01\/03\/2021<\/td><td class=\"column-5\">Dispensa<\/td><td class=\"column-6\">Menor Pre\u00e7o Por Item<\/td><td class=\"column-7\">CONCESS\u00c3O DE BENEF\u00cdCIO EVENTUAL DE AUX\u00cdLIO MORADIA NA FORMA DE ALUGUEL SOCIAL DESTINADO A ABRIGAR A FAM\u00cdLIA DA SENHORA MARIA DA PAZ BARBOSA DA ROCHA, PORTADORA DO CPF SOB N\u00ba 852.381.124-91 E RG N\u00ba 452761 \u2013 SSP\/RN QUE SE ENCONTRA EM VULNERABILIDADE SOCIAL DE ACORDO COM A LEI MUNICIPAL 849\/2019.<\/td><td class=\"column-8\">R$ 600,00<\/td><td class=\"column-9\">IARA BILRO DA SILVA BARBOSA<\/td><td class=\"column-10\">IARA BILRO DA SILVA BARBOSA<\/td><td class=\"column-11\">512.380.554-00<\/td><td class=\"column-12\">R$ 600,00<\/td><td class=\"column-13\">Encerrada<\/td><td class=\"column-14\"><\/td><td class=\"column-15\"><\/td><td class=\"column-16\">29\/2021\t<\/td><td class=\"column-17\">01\/03\/2021<\/td>\n<\/tr>\n<tr class=\"row-223\">\n\t<td class=\"column-1\">207\/2021<\/td><td class=\"column-2\">207\/2021<\/td><td class=\"column-3\"><\/td><td class=\"column-4\">22\/03\/2021<\/td><td class=\"column-5\">Dispensa<\/td><td class=\"column-6\">Menor Pre\u00e7o Por Item<\/td><td class=\"column-7\">AQUISI\u00c7\u00c3O DE DESINFETANTE HIPOCLORITO DE S\u00d3DIO 2% EM CAR\u00c1TER DE URG\u00caNCIA DE ACORDO COM O TERMO DE REFER\u00caNCIA VISANDO A PREVEN\u00c7\u00c3O DO COVID-19<\/td><td class=\"column-8\">R$ 2.730,00<\/td><td class=\"column-9\">ANTONIO PAIVA FERNANDES FILHO-EIRELI, COMERCIAL MOURA &amp; FERNANDES LTDA, FF COM\u00c9RCIO REPRESENTA\u00c7\u00c3O<\/td><td class=\"column-10\">COMERCIAL MOURA &amp; FERNANDES LTDA<\/td><td class=\"column-11\">05.377.891\/0001-13<\/td><td class=\"column-12\">R$ 2.730,00<\/td><td class=\"column-13\">Encerrada<\/td><td class=\"column-14\">03001308001\/2021\t<\/td><td class=\"column-15\">08\/03\/2021<\/td><td class=\"column-16\"><\/td><td class=\"column-17\"><\/td>\n<\/tr>\n<tr class=\"row-224\">\n\t<td class=\"column-1\">207\/2021<\/td><td class=\"column-2\">207\/2021<\/td><td class=\"column-3\"><\/td><td class=\"column-4\">22\/03\/2021<\/td><td class=\"column-5\">Dispensa<\/td><td class=\"column-6\">Menor Pre\u00e7o Por Item<\/td><td class=\"column-7\">AQUISI\u00c7\u00c3O DE DESINFETANTE HIPOCLORITO DE S\u00d3DIO 2% EM CAR\u00c1TER DE URG\u00caNCIA DE ACORDO COM O TERMO DE REFER\u00caNCIA VISANDO A PREVEN\u00c7\u00c3O DO COVID-19<\/td><td class=\"column-8\">R$ 2.730,00<\/td><td class=\"column-9\">ANTONIO PAIVA FERNANDES FILHO-EIRELI, COMERCIAL MOURA &amp; FERNANDES LTDA, FF COM\u00c9RCIO REPRESENTA\u00c7\u00c3O<\/td><td class=\"column-10\">COMERCIAL MOURA &amp; FERNANDES LTDA<\/td><td class=\"column-11\">05.377.891\/0001-13<\/td><td class=\"column-12\">R$ 2.730,00<\/td><td class=\"column-13\">Encerrada<\/td><td class=\"column-14\">03001322001\/2021\t<\/td><td class=\"column-15\">01\/04\/2021<\/td><td class=\"column-16\"><\/td><td class=\"column-17\"><\/td>\n<\/tr>\n<tr class=\"row-225\">\n\t<td class=\"column-1\">209\/2021<\/td><td class=\"column-2\">209\/2021<\/td><td class=\"column-3\"><\/td><td class=\"column-4\">25\/03\/2021<\/td><td class=\"column-5\">Dispensa<\/td><td class=\"column-6\">Menor Pre\u00e7o Por Item<\/td><td class=\"column-7\">CONTRATA\u00c7\u00c3O DE EMPRESA PARA PRESTA\u00c7\u00c3O DE SERVI\u00c7OS ALIMENT\u00cdCIOS COM FORNECIMENTO DE REFEI\u00c7\u00d5ES DO TIPO QUENTINHAS<\/td><td class=\"column-8\">R$ 11.645,00<\/td><td class=\"column-9\">FRANCISCA VALTERCIA MIGUEL DA SILVA 06294787408, JANICLEIA DA SILVA NASCIMENTO, LUTEMBERG MARTINS TRINDADE 04146362440<\/td><td class=\"column-10\">LUTEMBERG MARTINS TRINDADE 04146362440<\/td><td class=\"column-11\">29.319.960\/0001-09<\/td><td class=\"column-12\">R$ 11.645,00<\/td><td class=\"column-13\">Encerrada<\/td><td class=\"column-14\">02002326001\/2021\t<\/td><td class=\"column-15\">26\/03\/2021<\/td><td class=\"column-16\">36\/2021\t<\/td><td class=\"column-17\">25\/03\/2021<\/td>\n<\/tr>\n<tr class=\"row-226\">\n\t<td class=\"column-1\">214\/2021<\/td><td class=\"column-2\">214\/2021<\/td><td class=\"column-3\"><\/td><td class=\"column-4\">26\/04\/2021<\/td><td class=\"column-5\">Dispensa<\/td><td class=\"column-6\">Menor Pre\u00e7o Por Item<\/td><td class=\"column-7\">AQUISI\u00c7\u00c3O DE APARELHOS DE AR CONDICIONADO<\/td><td class=\"column-8\">R$ 5.100,00<\/td><td class=\"column-9\">COMERCIO DE MOVEIS, ELETRODOM. E INFOR MALHEIROS, GDS COMERCIAL E SERVI\u00c7OS EIRELI, INFOSERV INFORM\u00c1TICA E TECNOLOGIA LTDA<\/td><td class=\"column-10\">GDS COMERCIAL E SERVI\u00c7OS EIRELI<\/td><td class=\"column-11\">31.373.978\/0001-22<\/td><td class=\"column-12\">R$ 5.100,00<\/td><td class=\"column-13\">Encerrada<\/td><td class=\"column-14\">02002521003\/2021\t<\/td><td class=\"column-15\">21\/05\/2021<\/td><td class=\"column-16\"><\/td><td class=\"column-17\"><\/td>\n<\/tr>\n<tr class=\"row-227\">\n\t<td class=\"column-1\">217\/2021<\/td><td class=\"column-2\">217\/2021<\/td><td class=\"column-3\"><\/td><td class=\"column-4\">29\/03\/2021<\/td><td class=\"column-5\">Dispensa<\/td><td class=\"column-6\">Menor Pre\u00e7o Por Item<\/td><td class=\"column-7\">AQUISI\u00c7\u00c3O DE PRODUTO ANTI CRUSTANTE PARA MEMBRANA DE OSMOSE RESERVA, DE UMA SOLU\u00c7\u00c3O AQUOSA DE UM \u00c1CIDO POLICARBOBOX\u00cdLIXO ESPECIAL ALTAMENTE EFICAZ NO CONTROLE DE DEP\u00d3SITOS DE SAIS INORG\u00c2NICO E FORMA\u00c7\u00c3O DE ESCAMAS, PARTICULAMENTE EM DEP\u00d3SITOS INCRUSTADOS NAS SUPERF\u00cdCIES DAS MEMBRANAS<\/td><td class=\"column-8\">R$ 1.900,00<\/td><td class=\"column-9\">ACQUA VITAE COMERCIO E SERVICOS LTDA, MASSONE ENGENHARIA , SERVPOCOS SERVICOS DE PERFURACAO INSTALACAO E MANUTENCAO DE POCOS LTDA<\/td><td class=\"column-10\">ACQUA VITAE COMERCIO E SERVICOS LTDA<\/td><td class=\"column-11\">28.750.897\/0001-90<\/td><td class=\"column-12\">R$ 1.900,00<\/td><td class=\"column-13\">Encerrada<\/td><td class=\"column-14\">02008330002\/2021\t<\/td><td class=\"column-15\">30\/03\/2021<\/td><td class=\"column-16\"><\/td><td class=\"column-17\"><\/td>\n<\/tr>\n<tr class=\"row-228\">\n\t<td class=\"column-1\">218\/2021<\/td><td class=\"column-2\">218\/2021<\/td><td class=\"column-3\">11\/05\/2021<\/td><td class=\"column-4\">11\/05\/2021<\/td><td class=\"column-5\">Preg\u00e3o Presencial<\/td><td class=\"column-6\">Menor Pre\u00e7o por Lote<\/td><td class=\"column-7\">CONTRATA\u00c7\u00c3O EMPRESA PARA PRESTA\u00c7\u00c3O DE SERVI\u00c7OS DE MANUTEN\u00c7\u00c3O E REPOSI\u00c7\u00c3O DE PE\u00c7AS NA UNIDADE DESSALINIZADORA INSTALADA NA COMUNIDADE DE MULUNGU E ASSENTAMENTO BOA VISTA LOCALIZADOS NESSE MUNIC\u00cdPIO.<\/td><td class=\"column-8\">R$ 56.800,94<\/td><td class=\"column-9\">ACQUA VITAE COMERCIO E SERVICOS LTDA<\/td><td class=\"column-10\">ACQUA VITAE COMERCIO E SERVICOS LTDA<\/td><td class=\"column-11\">28.750.897\/0001-90<\/td><td class=\"column-12\">R$ 51.000,00<\/td><td class=\"column-13\">Encerrada<\/td><td class=\"column-14\">02008519001\/2021\t<\/td><td class=\"column-15\">19\/05\/2021<\/td><td class=\"column-16\"><\/td><td class=\"column-17\"><\/td>\n<\/tr>\n<tr class=\"row-229\">\n\t<td class=\"column-1\">218\/2021<\/td><td class=\"column-2\">218\/2021<\/td><td class=\"column-3\">11\/05\/2021<\/td><td class=\"column-4\">11\/05\/2021<\/td><td class=\"column-5\">Preg\u00e3o Presencial<\/td><td class=\"column-6\">Menor Pre\u00e7o por Lote<\/td><td class=\"column-7\">CONTRATA\u00c7\u00c3O EMPRESA PARA PRESTA\u00c7\u00c3O DE SERVI\u00c7OS DE MANUTEN\u00c7\u00c3O E REPOSI\u00c7\u00c3O DE PE\u00c7AS NA UNIDADE DESSALINIZADORA INSTALADA NA COMUNIDADE DE MULUNGU E ASSENTAMENTO BOA VISTA LOCALIZADOS NESSE MUNIC\u00cdPIO.<\/td><td class=\"column-8\">R$ 56.800,94<\/td><td class=\"column-9\">ACQUA VITAE COMERCIO E SERVICOS LTDA<\/td><td class=\"column-10\">ACQUA VITAE COMERCIO E SERVICOS LTDA<\/td><td class=\"column-11\">28.750.897\/0001-90<\/td><td class=\"column-12\">R$ 51.000,00<\/td><td class=\"column-13\">Encerrada<\/td><td class=\"column-14\">020081001001\/2021\t<\/td><td class=\"column-15\">01\/10\/2021<\/td><td class=\"column-16\"><\/td><td class=\"column-17\"><\/td>\n<\/tr>\n<tr class=\"row-230\">\n\t<td class=\"column-1\">218\/2021<\/td><td class=\"column-2\">218\/2021<\/td><td class=\"column-3\">11\/05\/2021<\/td><td class=\"column-4\">11\/05\/2021<\/td><td class=\"column-5\">Preg\u00e3o Presencial<\/td><td class=\"column-6\">Menor Pre\u00e7o por Lote<\/td><td class=\"column-7\">CONTRATA\u00c7\u00c3O EMPRESA PARA PRESTA\u00c7\u00c3O DE SERVI\u00c7OS DE MANUTEN\u00c7\u00c3O E REPOSI\u00c7\u00c3O DE PE\u00c7AS NA UNIDADE DESSALINIZADORA INSTALADA NA COMUNIDADE DE MULUNGU E ASSENTAMENTO BOA VISTA LOCALIZADOS NESSE MUNIC\u00cdPIO.<\/td><td class=\"column-8\">R$ 56.800,94<\/td><td class=\"column-9\">ACQUA VITAE COMERCIO E SERVICOS LTDA<\/td><td class=\"column-10\">ACQUA VITAE COMERCIO E SERVICOS LTDA<\/td><td class=\"column-11\">28.750.897\/0001-90<\/td><td class=\"column-12\">R$ 51.000,00<\/td><td class=\"column-13\">Encerrada<\/td><td class=\"column-14\">020081001002\/2021\t<\/td><td class=\"column-15\">01\/10\/2021<\/td><td class=\"column-16\"><\/td><td class=\"column-17\"><\/td>\n<\/tr>\n<tr class=\"row-231\">\n\t<td class=\"column-1\">218\/2021<\/td><td class=\"column-2\">218\/2021<\/td><td class=\"column-3\">11\/05\/2021<\/td><td class=\"column-4\">11\/05\/2021<\/td><td class=\"column-5\">Preg\u00e3o Presencial<\/td><td class=\"column-6\">Menor Pre\u00e7o por Lote<\/td><td class=\"column-7\">CONTRATA\u00c7\u00c3O EMPRESA PARA PRESTA\u00c7\u00c3O DE SERVI\u00c7OS DE MANUTEN\u00c7\u00c3O E REPOSI\u00c7\u00c3O DE PE\u00c7AS NA UNIDADE DESSALINIZADORA INSTALADA NA COMUNIDADE DE MULUNGU E ASSENTAMENTO BOA VISTA LOCALIZADOS NESSE MUNIC\u00cdPIO.<\/td><td class=\"column-8\">R$ 56.800,94<\/td><td class=\"column-9\">ACQUA VITAE COMERCIO E SERVICOS LTDA<\/td><td class=\"column-10\">ACQUA VITAE COMERCIO E SERVICOS LTDA<\/td><td class=\"column-11\">28.750.897\/0001-90<\/td><td class=\"column-12\">R$ 51.000,00<\/td><td class=\"column-13\">Encerrada<\/td><td class=\"column-14\">020081021001\/2021\t<\/td><td class=\"column-15\">21\/10\/2021<\/td><td class=\"column-16\"><\/td><td class=\"column-17\"><\/td>\n<\/tr>\n<tr class=\"row-232\">\n\t<td class=\"column-1\">218\/2021<\/td><td class=\"column-2\">218\/2021<\/td><td class=\"column-3\">11\/05\/2021<\/td><td class=\"column-4\">11\/05\/2021<\/td><td class=\"column-5\">Preg\u00e3o Presencial<\/td><td class=\"column-6\">Menor Pre\u00e7o por Lote<\/td><td class=\"column-7\">CONTRATA\u00c7\u00c3O EMPRESA PARA PRESTA\u00c7\u00c3O DE SERVI\u00c7OS DE MANUTEN\u00c7\u00c3O E REPOSI\u00c7\u00c3O DE PE\u00c7AS NA UNIDADE DESSALINIZADORA INSTALADA NA COMUNIDADE DE MULUNGU E ASSENTAMENTO BOA VISTA LOCALIZADOS NESSE MUNIC\u00cdPIO.<\/td><td class=\"column-8\">R$ 56.800,94<\/td><td class=\"column-9\">ACQUA VITAE COMERCIO E SERVICOS LTDA<\/td><td class=\"column-10\">ACQUA VITAE COMERCIO E SERVICOS LTDA<\/td><td class=\"column-11\">28.750.897\/0001-90<\/td><td class=\"column-12\">R$ 51.000,00<\/td><td class=\"column-13\">Encerrada<\/td><td class=\"column-14\">020081207001\/2021\t<\/td><td class=\"column-15\">07\/12\/2021<\/td><td class=\"column-16\"><\/td><td class=\"column-17\"><\/td>\n<\/tr>\n<tr class=\"row-233\">\n\t<td class=\"column-1\">247\/2021<\/td><td class=\"column-2\">247\/2021<\/td><td class=\"column-3\">06\/05\/2021<\/td><td class=\"column-4\">13\/05\/2021<\/td><td class=\"column-5\">Preg\u00e3o Eletr\u00f4nico<\/td><td class=\"column-6\">Menor Pre\u00e7o Por Item<\/td><td class=\"column-7\">REGISTRO DE PRE\u00c7OS CONTRATA\u00c7\u00c3O DE EMPRESA ESPECIALIZADA EM CONFEC\u00c7\u00c3O DE PR\u00d3TESES DENT\u00c1RIAS QUE SER\u00c3O UTILIZADAS PARA ATENDER OS PACIENTES DA REDE MUNICIPAL DE SA\u00daDE, COM PREVIS\u00c3O DE CONSUMO PARCELADAMENTE NO DECORRER DO EXERC\u00cdCIO DE 2021, DESTINADAS AO ATENDIMENTO DO PROGRAMA BRASIL SORRIDENTE.<\/td><td class=\"column-8\">R$ 104.214,00<\/td><td class=\"column-9\">JOS\u00c9 ANT\u00d4NIO BEZERRA DE SOUZA<\/td><td class=\"column-10\">JOS\u00c9 ANT\u00d4NIO BEZERRA DE SOUZA<\/td><td class=\"column-11\">10.940.739\/0001-37<\/td><td class=\"column-12\">R$ 63.000,00<\/td><td class=\"column-13\">Encerrada<\/td><td class=\"column-14\">03001513001\/2021\t<\/td><td class=\"column-15\">13\/05\/2021<\/td><td class=\"column-16\"><\/td><td class=\"column-17\"><\/td>\n<\/tr>\n<tr class=\"row-234\">\n\t<td class=\"column-1\">248\/2021<\/td><td class=\"column-2\">248\/2021<\/td><td class=\"column-3\"><\/td><td class=\"column-4\">26\/07\/2021<\/td><td class=\"column-5\">Dispensa<\/td><td class=\"column-6\">Menor Pre\u00e7o Por Item<\/td><td class=\"column-7\">CONTRATA\u00c7\u00c3O DE EMPRESA PARA PRESTA\u00c7\u00c3O DE SERVI\u00c7O DE \u00c1GUA MINERAL (TIPO GARRAF\u00c3O DE 20 (VINTE) LITROS)<\/td><td class=\"column-8\">R$ 17.287,40<\/td><td class=\"column-9\">\u00c1GUA MINERAL SANTA MARIA, ANA MARIA DA SILVA JER\u00d4NIMO - ME, LUCIA DE FATIMA PEREIRA SILVA 46626050400<\/td><td class=\"column-10\">LUCIA DE FATIMA PEREIRA SILVA 46626050400<\/td><td class=\"column-11\">12.257.055\/0001-60<\/td><td class=\"column-12\">R$ 17.287,40<\/td><td class=\"column-13\">Encerrada<\/td><td class=\"column-14\">02002726001\/2021\t<\/td><td class=\"column-15\">26\/07\/2021<\/td><td class=\"column-16\">68\/2021\t<\/td><td class=\"column-17\">26\/07\/2021<\/td>\n<\/tr>\n<tr class=\"row-235\">\n\t<td class=\"column-1\">248\/2021<\/td><td class=\"column-2\">248\/2021<\/td><td class=\"column-3\"><\/td><td class=\"column-4\">26\/07\/2021<\/td><td class=\"column-5\">Dispensa<\/td><td class=\"column-6\">Menor Pre\u00e7o Por Item<\/td><td class=\"column-7\">CONTRATA\u00c7\u00c3O DE EMPRESA PARA PRESTA\u00c7\u00c3O DE SERVI\u00c7O DE \u00c1GUA MINERAL (TIPO GARRAF\u00c3O DE 20 (VINTE) LITROS)<\/td><td class=\"column-8\">R$ 17.287,40<\/td><td class=\"column-9\">\u00c1GUA MINERAL SANTA MARIA, ANA MARIA DA SILVA JER\u00d4NIMO - ME, LUCIA DE FATIMA PEREIRA SILVA 46626050400<\/td><td class=\"column-10\">LUCIA DE FATIMA PEREIRA SILVA 46626050400<\/td><td class=\"column-11\">12.257.055\/0001-60<\/td><td class=\"column-12\">R$ 17.287,40<\/td><td class=\"column-13\">Encerrada<\/td><td class=\"column-14\">03001726001\/2021\t<\/td><td class=\"column-15\">26\/07\/2021<\/td><td class=\"column-16\">68\/2021\t<\/td><td class=\"column-17\">26\/07\/2021<\/td>\n<\/tr>\n<tr class=\"row-236\">\n\t<td class=\"column-1\">248\/2021<\/td><td class=\"column-2\">248\/2021<\/td><td class=\"column-3\"><\/td><td class=\"column-4\">26\/07\/2021<\/td><td class=\"column-5\">Dispensa<\/td><td class=\"column-6\">Menor Pre\u00e7o Por Item<\/td><td class=\"column-7\">CONTRATA\u00c7\u00c3O DE EMPRESA PARA PRESTA\u00c7\u00c3O DE SERVI\u00c7O DE \u00c1GUA MINERAL (TIPO GARRAF\u00c3O DE 20 (VINTE) LITROS)<\/td><td class=\"column-8\">R$ 17.287,40<\/td><td class=\"column-9\">\u00c1GUA MINERAL SANTA MARIA, ANA MARIA DA SILVA JER\u00d4NIMO - ME, LUCIA DE FATIMA PEREIRA SILVA 46626050400<\/td><td class=\"column-10\">LUCIA DE FATIMA PEREIRA SILVA 46626050400<\/td><td class=\"column-11\">12.257.055\/0001-60<\/td><td class=\"column-12\">R$ 17.287,40<\/td><td class=\"column-13\">Encerrada<\/td><td class=\"column-14\">02004726001\/2021\t<\/td><td class=\"column-15\">26\/07\/2021<\/td><td class=\"column-16\">68\/2021\t<\/td><td class=\"column-17\">26\/07\/2021<\/td>\n<\/tr>\n<tr class=\"row-237\">\n\t<td class=\"column-1\">248\/2021<\/td><td class=\"column-2\">248\/2021<\/td><td class=\"column-3\"><\/td><td class=\"column-4\">26\/07\/2021<\/td><td class=\"column-5\">Dispensa<\/td><td class=\"column-6\">Menor Pre\u00e7o Por Item<\/td><td class=\"column-7\">CONTRATA\u00c7\u00c3O DE EMPRESA PARA PRESTA\u00c7\u00c3O DE SERVI\u00c7O DE \u00c1GUA MINERAL (TIPO GARRAF\u00c3O DE 20 (VINTE) LITROS)<\/td><td class=\"column-8\">R$ 17.287,40<\/td><td class=\"column-9\">\u00c1GUA MINERAL SANTA MARIA, ANA MARIA DA SILVA JER\u00d4NIMO - ME, LUCIA DE FATIMA PEREIRA SILVA 46626050400<\/td><td class=\"column-10\">LUCIA DE FATIMA PEREIRA SILVA 46626050400<\/td><td class=\"column-11\">12.257.055\/0001-60<\/td><td class=\"column-12\">R$ 17.287,40<\/td><td class=\"column-13\">Encerrada<\/td><td class=\"column-14\">02006726001\/2021\t<\/td><td class=\"column-15\">26\/07\/2021<\/td><td class=\"column-16\">68\/2021\t<\/td><td class=\"column-17\">26\/07\/2021<\/td>\n<\/tr>\n<tr class=\"row-238\">\n\t<td class=\"column-1\">248\/2021<\/td><td class=\"column-2\">248\/2021<\/td><td class=\"column-3\"><\/td><td class=\"column-4\">26\/07\/2021<\/td><td class=\"column-5\">Dispensa<\/td><td class=\"column-6\">Menor Pre\u00e7o Por Item<\/td><td class=\"column-7\">CONTRATA\u00c7\u00c3O DE EMPRESA PARA PRESTA\u00c7\u00c3O DE SERVI\u00c7O DE \u00c1GUA MINERAL (TIPO GARRAF\u00c3O DE 20 (VINTE) LITROS)<\/td><td class=\"column-8\">R$ 17.287,40<\/td><td class=\"column-9\">\u00c1GUA MINERAL SANTA MARIA, ANA MARIA DA SILVA JER\u00d4NIMO - ME, LUCIA DE FATIMA PEREIRA SILVA 46626050400<\/td><td class=\"column-10\">LUCIA DE FATIMA PEREIRA SILVA 46626050400<\/td><td class=\"column-11\">12.257.055\/0001-60<\/td><td class=\"column-12\">R$ 17.287,40<\/td><td class=\"column-13\">Encerrada<\/td><td class=\"column-14\">04001726001\/2021\t<\/td><td class=\"column-15\">26\/07\/2021<\/td><td class=\"column-16\">68\/2021\t<\/td><td class=\"column-17\">26\/07\/2021<\/td>\n<\/tr>\n<tr class=\"row-239\">\n\t<td class=\"column-1\">248\/2021<\/td><td class=\"column-2\">248\/2021<\/td><td class=\"column-3\"><\/td><td class=\"column-4\">26\/07\/2021<\/td><td class=\"column-5\">Dispensa<\/td><td class=\"column-6\">Menor Pre\u00e7o Por Item<\/td><td class=\"column-7\">CONTRATA\u00c7\u00c3O DE EMPRESA PARA PRESTA\u00c7\u00c3O DE SERVI\u00c7O DE \u00c1GUA MINERAL (TIPO GARRAF\u00c3O DE 20 (VINTE) LITROS)<\/td><td class=\"column-8\">R$ 17.287,40<\/td><td class=\"column-9\">\u00c1GUA MINERAL SANTA MARIA, ANA MARIA DA SILVA JER\u00d4NIMO - ME, LUCIA DE FATIMA PEREIRA SILVA 46626050400<\/td><td class=\"column-10\">LUCIA DE FATIMA PEREIRA SILVA 46626050400<\/td><td class=\"column-11\">12.257.055\/0001-60<\/td><td class=\"column-12\">R$ 17.287,40<\/td><td class=\"column-13\">Encerrada<\/td><td class=\"column-14\">02008726001\/2021\t<\/td><td class=\"column-15\">26\/07\/2021<\/td><td class=\"column-16\">68\/2021\t<\/td><td class=\"column-17\">26\/07\/2021<\/td>\n<\/tr>\n<tr class=\"row-240\">\n\t<td class=\"column-1\">248\/2021<\/td><td class=\"column-2\">248\/2021<\/td><td class=\"column-3\"><\/td><td class=\"column-4\">26\/07\/2021<\/td><td class=\"column-5\">Dispensa<\/td><td class=\"column-6\">Menor Pre\u00e7o Por Item<\/td><td class=\"column-7\">CONTRATA\u00c7\u00c3O DE EMPRESA PARA PRESTA\u00c7\u00c3O DE SERVI\u00c7O DE \u00c1GUA MINERAL (TIPO GARRAF\u00c3O DE 20 (VINTE) LITROS)<\/td><td class=\"column-8\">R$ 17.287,40<\/td><td class=\"column-9\">\u00c1GUA MINERAL SANTA MARIA, ANA MARIA DA SILVA JER\u00d4NIMO - ME, LUCIA DE FATIMA PEREIRA SILVA 46626050400<\/td><td class=\"column-10\">LUCIA DE FATIMA PEREIRA SILVA 46626050400<\/td><td class=\"column-11\">12.257.055\/0001-60<\/td><td class=\"column-12\">R$ 17.287,40<\/td><td class=\"column-13\">Encerrada<\/td><td class=\"column-14\">02009726001\/2021\t<\/td><td class=\"column-15\">26\/07\/2021<\/td><td class=\"column-16\">68\/2021\t<\/td><td class=\"column-17\">26\/07\/2021<\/td>\n<\/tr>\n<tr class=\"row-241\">\n\t<td class=\"column-1\">248\/2021<\/td><td class=\"column-2\">248\/2021<\/td><td class=\"column-3\"><\/td><td class=\"column-4\">26\/07\/2021<\/td><td class=\"column-5\">Dispensa<\/td><td class=\"column-6\">Menor Pre\u00e7o Por Item<\/td><td class=\"column-7\">CONTRATA\u00c7\u00c3O DE EMPRESA PARA PRESTA\u00c7\u00c3O DE SERVI\u00c7O DE \u00c1GUA MINERAL (TIPO GARRAF\u00c3O DE 20 (VINTE) LITROS)<\/td><td class=\"column-8\">R$ 17.287,40<\/td><td class=\"column-9\">\u00c1GUA MINERAL SANTA MARIA, ANA MARIA DA SILVA JER\u00d4NIMO - ME, LUCIA DE FATIMA PEREIRA SILVA 46626050400<\/td><td class=\"column-10\">LUCIA DE FATIMA PEREIRA SILVA 46626050400<\/td><td class=\"column-11\">12.257.055\/0001-60<\/td><td class=\"column-12\">R$ 17.287,40<\/td><td class=\"column-13\">Encerrada<\/td><td class=\"column-14\">02009915001\/2021\t<\/td><td class=\"column-15\">15\/09\/2021<\/td><td class=\"column-16\">68\/2021\t<\/td><td class=\"column-17\">26\/07\/2021<\/td>\n<\/tr>\n<tr class=\"row-242\">\n\t<td class=\"column-1\">248\/2021<\/td><td class=\"column-2\">248\/2021<\/td><td class=\"column-3\"><\/td><td class=\"column-4\">26\/07\/2021<\/td><td class=\"column-5\">Dispensa<\/td><td class=\"column-6\">Menor Pre\u00e7o Por Item<\/td><td class=\"column-7\">CONTRATA\u00c7\u00c3O DE EMPRESA PARA PRESTA\u00c7\u00c3O DE SERVI\u00c7O DE \u00c1GUA MINERAL (TIPO GARRAF\u00c3O DE 20 (VINTE) LITROS)<\/td><td class=\"column-8\">R$ 17.287,40<\/td><td class=\"column-9\">\u00c1GUA MINERAL SANTA MARIA, ANA MARIA DA SILVA JER\u00d4NIMO - ME, LUCIA DE FATIMA PEREIRA SILVA 46626050400<\/td><td class=\"column-10\">LUCIA DE FATIMA PEREIRA SILVA 46626050400<\/td><td class=\"column-11\">12.257.055\/0001-60<\/td><td class=\"column-12\">R$ 17.287,40<\/td><td class=\"column-13\">Encerrada<\/td><td class=\"column-14\">02009915002\/2021\t<\/td><td class=\"column-15\">15\/09\/2021<\/td><td class=\"column-16\">68\/2021\t<\/td><td class=\"column-17\">26\/07\/2021<\/td>\n<\/tr>\n<tr class=\"row-243\">\n\t<td class=\"column-1\">249\/2021<\/td><td class=\"column-2\">249\/2021<\/td><td class=\"column-3\"><\/td><td class=\"column-4\">28\/04\/2021<\/td><td class=\"column-5\">Dispensa<\/td><td class=\"column-6\">Menor Pre\u00e7o Por Item<\/td><td class=\"column-7\">AQUISI\u00c7\u00c3O DE REFEI\u00c7\u00d5ES (CAF\u00c9, ALMO\u00c7O E JANTAR) EM QUENTINHA DE ISOPOR COM TAMPA<\/td><td class=\"column-8\">R$ 104.880,00<\/td><td class=\"column-9\">ANTONIO MOREIRA DA SILVA JUNIOR 02366669321, JANICLEIA DA SILVA NASCIMENTO, SOLANGE DALIANY BEZERRA DO ROSARIO 06613484407<\/td><td class=\"column-10\">SOLANGE DALIANY BEZERRA DO ROSARIO 06613484407<\/td><td class=\"column-11\">34.821.508\/0001-72<\/td><td class=\"column-12\">R$ 104.880,00<\/td><td class=\"column-13\">Encerrada<\/td><td class=\"column-14\">03001428001\/2021\t<\/td><td class=\"column-15\">28\/04\/2021<\/td><td class=\"column-16\">46\/2021\t<\/td><td class=\"column-17\">28\/04\/2021<\/td>\n<\/tr>\n<tr class=\"row-244\">\n\t<td class=\"column-1\">249\/2021<\/td><td class=\"column-2\">249\/2021<\/td><td class=\"column-3\"><\/td><td class=\"column-4\">28\/04\/2021<\/td><td class=\"column-5\">Dispensa<\/td><td class=\"column-6\">Menor Pre\u00e7o Por Item<\/td><td class=\"column-7\">AQUISI\u00c7\u00c3O DE REFEI\u00c7\u00d5ES (CAF\u00c9, ALMO\u00c7O E JANTAR) EM QUENTINHA DE ISOPOR COM TAMPA<\/td><td class=\"column-8\">R$ 104.880,00<\/td><td class=\"column-9\">ANTONIO MOREIRA DA SILVA JUNIOR 02366669321, JANICLEIA DA SILVA NASCIMENTO, SOLANGE DALIANY BEZERRA DO ROSARIO 06613484407<\/td><td class=\"column-10\">SOLANGE DALIANY BEZERRA DO ROSARIO 06613484407<\/td><td class=\"column-11\">34.821.508\/0001-72<\/td><td class=\"column-12\">R$ 104.880,00<\/td><td class=\"column-13\">Encerrada<\/td><td class=\"column-14\">03001518001\/2021\t<\/td><td class=\"column-15\">18\/05\/2021<\/td><td class=\"column-16\">46\/2021\t<\/td><td class=\"column-17\">28\/04\/2021<\/td>\n<\/tr>\n<tr class=\"row-245\">\n\t<td class=\"column-1\">249\/2021<\/td><td class=\"column-2\">249\/2021<\/td><td class=\"column-3\"><\/td><td class=\"column-4\">28\/04\/2021<\/td><td class=\"column-5\">Dispensa<\/td><td class=\"column-6\">Menor Pre\u00e7o Por Item<\/td><td class=\"column-7\">AQUISI\u00c7\u00c3O DE REFEI\u00c7\u00d5ES (CAF\u00c9, ALMO\u00c7O E JANTAR) EM QUENTINHA DE ISOPOR COM TAMPA<\/td><td class=\"column-8\">R$ 104.880,00<\/td><td class=\"column-9\">ANTONIO MOREIRA DA SILVA JUNIOR 02366669321, JANICLEIA DA SILVA NASCIMENTO, SOLANGE DALIANY BEZERRA DO ROSARIO 06613484407<\/td><td class=\"column-10\">SOLANGE DALIANY BEZERRA DO ROSARIO 06613484407<\/td><td class=\"column-11\">34.821.508\/0001-72<\/td><td class=\"column-12\">R$ 104.880,00<\/td><td class=\"column-13\">Encerrada<\/td><td class=\"column-14\">03001531001\/2021\t<\/td><td class=\"column-15\">31\/05\/2021<\/td><td class=\"column-16\">46\/2021\t<\/td><td class=\"column-17\">28\/04\/2021<\/td>\n<\/tr>\n<tr class=\"row-246\">\n\t<td class=\"column-1\">251\/2021<\/td><td class=\"column-2\">251\/2021<\/td><td class=\"column-3\"><\/td><td class=\"column-4\">26\/04\/2021<\/td><td class=\"column-5\">Dispensa<\/td><td class=\"column-6\">Menor Pre\u00e7o Por Item<\/td><td class=\"column-7\">AQUISI\u00c7\u00c3O DE MATERIAL DE LIMPEZA EM CAR\u00c1TER DE URG\u00caNCIA PARA O PER\u00cdODO DE 60 (SESSENTA) DIAS, CONSIDERANDO O REGISTRO DE PRE\u00c7OS EM ANDAMENTO, PARA ATENDER A DEMANDA DESTA SECRETARIA.<\/td><td class=\"column-8\">R$ 17.088,60<\/td><td class=\"column-9\">FRANCISCA MARIA DE ALMEIDA NETA 87455196415, IVANALDO DA SILVA MINIMERCADO , M A A DE ARA\u00daJO EIRELI<\/td><td class=\"column-10\">IVANALDO DA SILVA MINIMERCADO <\/td><td class=\"column-11\">08.117.052\/0001-54<\/td><td class=\"column-12\">R$ 17.088,60<\/td><td class=\"column-13\">Encerrada<\/td><td class=\"column-14\">02002430001\/2021\t<\/td><td class=\"column-15\">30\/04\/2021<\/td><td class=\"column-16\"><\/td><td class=\"column-17\"><\/td>\n<\/tr>\n<tr class=\"row-247\">\n\t<td class=\"column-1\">252\/2021<\/td><td class=\"column-2\">252\/2021<\/td><td class=\"column-3\">08\/06\/2021<\/td><td class=\"column-4\">09\/06\/2021<\/td><td class=\"column-5\">Preg\u00e3o Eletr\u00f4nico<\/td><td class=\"column-6\">Menor Pre\u00e7o Por Item<\/td><td class=\"column-7\">CONTRATA\u00c7\u00c3O DE PESSOA JUR\u00cdDICA PARA AQUISI\u00c7\u00c3O FUTURA E EVENTUAL DE MATERIAL DE LIMPEZA, HIGIENE E DESCART\u00c1VEIS<\/td><td class=\"column-8\">R$ 115.852,17<\/td><td class=\"column-9\">COMERCIAL MOURA &amp; FERNANDES LTDA, R4 INDUSTRIA E COM\u00c9RCIO EIRELI, SINERGIA COMERCIO E SERVICOS EIRELI<\/td><td class=\"column-10\">SINERGIA COMERCIO E SERVICOS EIRELI<\/td><td class=\"column-11\">37.084.221\/0001-03<\/td><td class=\"column-12\">R$ 13.189,46<\/td><td class=\"column-13\">Encerrada<\/td><td class=\"column-14\">02004810005\/2021\t<\/td><td class=\"column-15\">10\/08\/2021<\/td><td class=\"column-16\"><\/td><td class=\"column-17\"><\/td>\n<\/tr>\n<tr class=\"row-248\">\n\t<td class=\"column-1\">252\/2021<\/td><td class=\"column-2\">252\/2021<\/td><td class=\"column-3\">08\/06\/2021<\/td><td class=\"column-4\">09\/06\/2021<\/td><td class=\"column-5\">Preg\u00e3o Eletr\u00f4nico<\/td><td class=\"column-6\">Menor Pre\u00e7o Por Item<\/td><td class=\"column-7\">CONTRATA\u00c7\u00c3O DE PESSOA JUR\u00cdDICA PARA AQUISI\u00c7\u00c3O FUTURA E EVENTUAL DE MATERIAL DE LIMPEZA, HIGIENE E DESCART\u00c1VEIS<\/td><td class=\"column-8\">R$ 115.852,17<\/td><td class=\"column-9\">COMERCIAL MOURA &amp; FERNANDES LTDA, R4 INDUSTRIA E COM\u00c9RCIO EIRELI, SINERGIA COMERCIO E SERVICOS EIRELI<\/td><td class=\"column-10\">SINERGIA COMERCIO E SERVICOS EIRELI<\/td><td class=\"column-11\">37.084.221\/0001-03<\/td><td class=\"column-12\">R$ 13.189,46<\/td><td class=\"column-13\">Encerrada<\/td><td class=\"column-14\">03001811001\/2021\t<\/td><td class=\"column-15\">11\/08\/2021<\/td><td class=\"column-16\"><\/td><td class=\"column-17\"><\/td>\n<\/tr>\n<tr class=\"row-249\">\n\t<td class=\"column-1\">252\/2021<\/td><td class=\"column-2\">252\/2021<\/td><td class=\"column-3\">08\/06\/2021<\/td><td class=\"column-4\">09\/06\/2021<\/td><td class=\"column-5\">Preg\u00e3o Eletr\u00f4nico<\/td><td class=\"column-6\">Menor Pre\u00e7o Por Item<\/td><td class=\"column-7\">CONTRATA\u00c7\u00c3O DE PESSOA JUR\u00cdDICA PARA AQUISI\u00c7\u00c3O FUTURA E EVENTUAL DE MATERIAL DE LIMPEZA, HIGIENE E DESCART\u00c1VEIS<\/td><td class=\"column-8\">R$ 115.852,17<\/td><td class=\"column-9\">COMERCIAL MOURA &amp; FERNANDES LTDA, R4 INDUSTRIA E COM\u00c9RCIO EIRELI, SINERGIA COMERCIO E SERVICOS EIRELI<\/td><td class=\"column-10\">SINERGIA COMERCIO E SERVICOS EIRELI<\/td><td class=\"column-11\">37.084.221\/0001-03<\/td><td class=\"column-12\">R$ 13.189,46<\/td><td class=\"column-13\">Encerrada<\/td><td class=\"column-14\">02006809002\/2021\t<\/td><td class=\"column-15\">09\/08\/2021<\/td><td class=\"column-16\"><\/td><td class=\"column-17\"><\/td>\n<\/tr>\n<tr class=\"row-250\">\n\t<td class=\"column-1\">252\/2021<\/td><td class=\"column-2\">252\/2021<\/td><td class=\"column-3\">08\/06\/2021<\/td><td class=\"column-4\">09\/06\/2021<\/td><td class=\"column-5\">Preg\u00e3o Eletr\u00f4nico<\/td><td class=\"column-6\">Menor Pre\u00e7o Por Item<\/td><td class=\"column-7\">CONTRATA\u00c7\u00c3O DE PESSOA JUR\u00cdDICA PARA AQUISI\u00c7\u00c3O FUTURA E EVENTUAL DE MATERIAL DE LIMPEZA, HIGIENE E DESCART\u00c1VEIS<\/td><td class=\"column-8\">R$ 115.852,17<\/td><td class=\"column-9\">COMERCIAL MOURA &amp; FERNANDES LTDA, R4 INDUSTRIA E COM\u00c9RCIO EIRELI, SINERGIA COMERCIO E SERVICOS EIRELI<\/td><td class=\"column-10\">SINERGIA COMERCIO E SERVICOS EIRELI<\/td><td class=\"column-11\">37.084.221\/0001-03<\/td><td class=\"column-12\">R$ 13.189,46<\/td><td class=\"column-13\">Encerrada<\/td><td class=\"column-14\">02001817001\/2021\t<\/td><td class=\"column-15\">17\/08\/2021<\/td><td class=\"column-16\"><\/td><td class=\"column-17\"><\/td>\n<\/tr>\n<tr class=\"row-251\">\n\t<td class=\"column-1\">252\/2021<\/td><td class=\"column-2\">252\/2021<\/td><td class=\"column-3\">08\/06\/2021<\/td><td class=\"column-4\">09\/06\/2021<\/td><td class=\"column-5\">Preg\u00e3o Eletr\u00f4nico<\/td><td class=\"column-6\">Menor Pre\u00e7o Por Item<\/td><td class=\"column-7\">CONTRATA\u00c7\u00c3O DE PESSOA JUR\u00cdDICA PARA AQUISI\u00c7\u00c3O FUTURA E EVENTUAL DE MATERIAL DE LIMPEZA, HIGIENE E DESCART\u00c1VEIS<\/td><td class=\"column-8\">R$ 115.852,17<\/td><td class=\"column-9\">COMERCIAL MOURA &amp; FERNANDES LTDA, R4 INDUSTRIA E COM\u00c9RCIO EIRELI, SINERGIA COMERCIO E SERVICOS EIRELI<\/td><td class=\"column-10\">SINERGIA COMERCIO E SERVICOS EIRELI<\/td><td class=\"column-11\">37.084.221\/0001-03<\/td><td class=\"column-12\">R$ 13.189,46<\/td><td class=\"column-13\">Encerrada<\/td><td class=\"column-14\">02009809001\/2021\t<\/td><td class=\"column-15\">09\/08\/2021<\/td><td class=\"column-16\"><\/td><td class=\"column-17\"><\/td>\n<\/tr>\n<tr class=\"row-252\">\n\t<td class=\"column-1\">252\/2021<\/td><td class=\"column-2\">252\/2021<\/td><td class=\"column-3\">08\/06\/2021<\/td><td class=\"column-4\">09\/06\/2021<\/td><td class=\"column-5\">Preg\u00e3o Eletr\u00f4nico<\/td><td class=\"column-6\">Menor Pre\u00e7o Por Item<\/td><td class=\"column-7\">CONTRATA\u00c7\u00c3O DE PESSOA JUR\u00cdDICA PARA AQUISI\u00c7\u00c3O FUTURA E EVENTUAL DE MATERIAL DE LIMPEZA, HIGIENE E DESCART\u00c1VEIS<\/td><td class=\"column-8\">R$ 115.852,17<\/td><td class=\"column-9\">COMERCIAL MOURA &amp; FERNANDES LTDA, R4 INDUSTRIA E COM\u00c9RCIO EIRELI, SINERGIA COMERCIO E SERVICOS EIRELI<\/td><td class=\"column-10\">SINERGIA COMERCIO E SERVICOS EIRELI<\/td><td class=\"column-11\">37.084.221\/0001-03<\/td><td class=\"column-12\">R$ 13.189,46<\/td><td class=\"column-13\">Encerrada<\/td><td class=\"column-14\">02002809001\/2021\t<\/td><td class=\"column-15\">09\/08\/2021<\/td><td class=\"column-16\"><\/td><td class=\"column-17\"><\/td>\n<\/tr>\n<tr class=\"row-253\">\n\t<td class=\"column-1\">252\/2021<\/td><td class=\"column-2\">252\/2021<\/td><td class=\"column-3\">08\/06\/2021<\/td><td class=\"column-4\">09\/06\/2021<\/td><td class=\"column-5\">Preg\u00e3o Eletr\u00f4nico<\/td><td class=\"column-6\">Menor Pre\u00e7o Por Item<\/td><td class=\"column-7\">CONTRATA\u00c7\u00c3O DE PESSOA JUR\u00cdDICA PARA AQUISI\u00c7\u00c3O FUTURA E EVENTUAL DE MATERIAL DE LIMPEZA, HIGIENE E DESCART\u00c1VEIS<\/td><td class=\"column-8\">R$ 115.852,17<\/td><td class=\"column-9\">COMERCIAL MOURA &amp; FERNANDES LTDA, R4 INDUSTRIA E COM\u00c9RCIO EIRELI, SINERGIA COMERCIO E SERVICOS EIRELI<\/td><td class=\"column-10\">SINERGIA COMERCIO E SERVICOS EIRELI<\/td><td class=\"column-11\">37.084.221\/0001-03<\/td><td class=\"column-12\">R$ 13.189,46<\/td><td class=\"column-13\">Encerrada<\/td><td class=\"column-14\">04001824001\/2021\t<\/td><td class=\"column-15\">24\/08\/2021<\/td><td class=\"column-16\"><\/td><td class=\"column-17\"><\/td>\n<\/tr>\n<tr class=\"row-254\">\n\t<td class=\"column-1\">252\/2021<\/td><td class=\"column-2\">252\/2021<\/td><td class=\"column-3\">08\/06\/2021<\/td><td class=\"column-4\">09\/06\/2021<\/td><td class=\"column-5\">Preg\u00e3o Eletr\u00f4nico<\/td><td class=\"column-6\">Menor Pre\u00e7o Por Item<\/td><td class=\"column-7\">CONTRATA\u00c7\u00c3O DE PESSOA JUR\u00cdDICA PARA AQUISI\u00c7\u00c3O FUTURA E EVENTUAL DE MATERIAL DE LIMPEZA, HIGIENE E DESCART\u00c1VEIS<\/td><td class=\"column-8\">R$ 115.852,17<\/td><td class=\"column-9\">COMERCIAL MOURA &amp; FERNANDES LTDA, R4 INDUSTRIA E COM\u00c9RCIO EIRELI, SINERGIA COMERCIO E SERVICOS EIRELI<\/td><td class=\"column-10\">COMERCIAL MOURA &amp; FERNANDES LTDA<\/td><td class=\"column-11\">05.377.891\/0001-13<\/td><td class=\"column-12\">R$ 44.948,45<\/td><td class=\"column-13\">Encerrada<\/td><td class=\"column-14\">030011105001\/2021\t<\/td><td class=\"column-15\">05\/11\/2021<\/td><td class=\"column-16\"><\/td><td class=\"column-17\"><\/td>\n<\/tr>\n<tr class=\"row-255\">\n\t<td class=\"column-1\">252\/2021<\/td><td class=\"column-2\">252\/2021<\/td><td class=\"column-3\">08\/06\/2021<\/td><td class=\"column-4\">09\/06\/2021<\/td><td class=\"column-5\">Preg\u00e3o Eletr\u00f4nico<\/td><td class=\"column-6\">Menor Pre\u00e7o Por Item<\/td><td class=\"column-7\">CONTRATA\u00c7\u00c3O DE PESSOA JUR\u00cdDICA PARA AQUISI\u00c7\u00c3O FUTURA E EVENTUAL DE MATERIAL DE LIMPEZA, HIGIENE E DESCART\u00c1VEIS<\/td><td class=\"column-8\">R$ 115.852,17<\/td><td class=\"column-9\">COMERCIAL MOURA &amp; FERNANDES LTDA, R4 INDUSTRIA E COM\u00c9RCIO EIRELI, SINERGIA COMERCIO E SERVICOS EIRELI<\/td><td class=\"column-10\">COMERCIAL MOURA &amp; FERNANDES LTDA<\/td><td class=\"column-11\">05.377.891\/0001-13<\/td><td class=\"column-12\">R$ 44.948,45<\/td><td class=\"column-13\">Encerrada<\/td><td class=\"column-14\">03001811002\/2021\t<\/td><td class=\"column-15\">11\/08\/2021<\/td><td class=\"column-16\"><\/td><td class=\"column-17\"><\/td>\n<\/tr>\n<tr class=\"row-256\">\n\t<td class=\"column-1\">252\/2021<\/td><td class=\"column-2\">252\/2021<\/td><td class=\"column-3\">08\/06\/2021<\/td><td class=\"column-4\">09\/06\/2021<\/td><td class=\"column-5\">Preg\u00e3o Eletr\u00f4nico<\/td><td class=\"column-6\">Menor Pre\u00e7o Por Item<\/td><td class=\"column-7\">CONTRATA\u00c7\u00c3O DE PESSOA JUR\u00cdDICA PARA AQUISI\u00c7\u00c3O FUTURA E EVENTUAL DE MATERIAL DE LIMPEZA, HIGIENE E DESCART\u00c1VEIS<\/td><td class=\"column-8\">R$ 115.852,17<\/td><td class=\"column-9\">COMERCIAL MOURA &amp; FERNANDES LTDA, R4 INDUSTRIA E COM\u00c9RCIO EIRELI, SINERGIA COMERCIO E SERVICOS EIRELI<\/td><td class=\"column-10\">COMERCIAL MOURA &amp; FERNANDES LTDA<\/td><td class=\"column-11\">05.377.891\/0001-13<\/td><td class=\"column-12\">R$ 44.948,45<\/td><td class=\"column-13\">Encerrada<\/td><td class=\"column-14\">02006809001\/2021\t<\/td><td class=\"column-15\">09\/08\/2021<\/td><td class=\"column-16\"><\/td><td class=\"column-17\"><\/td>\n<\/tr>\n<tr class=\"row-257\">\n\t<td class=\"column-1\">252\/2021<\/td><td class=\"column-2\">252\/2021<\/td><td class=\"column-3\">08\/06\/2021<\/td><td class=\"column-4\">09\/06\/2021<\/td><td class=\"column-5\">Preg\u00e3o Eletr\u00f4nico<\/td><td class=\"column-6\">Menor Pre\u00e7o Por Item<\/td><td class=\"column-7\">CONTRATA\u00c7\u00c3O DE PESSOA JUR\u00cdDICA PARA AQUISI\u00c7\u00c3O FUTURA E EVENTUAL DE MATERIAL DE LIMPEZA, HIGIENE E DESCART\u00c1VEIS<\/td><td class=\"column-8\">R$ 115.852,17<\/td><td class=\"column-9\">COMERCIAL MOURA &amp; FERNANDES LTDA, R4 INDUSTRIA E COM\u00c9RCIO EIRELI, SINERGIA COMERCIO E SERVICOS EIRELI<\/td><td class=\"column-10\">COMERCIAL MOURA &amp; FERNANDES LTDA<\/td><td class=\"column-11\">05.377.891\/0001-13<\/td><td class=\"column-12\">R$ 44.948,45<\/td><td class=\"column-13\">Encerrada<\/td><td class=\"column-14\">02009726002\/2021\t<\/td><td class=\"column-15\">26\/07\/2021<\/td><td class=\"column-16\"><\/td><td class=\"column-17\"><\/td>\n<\/tr>\n<tr class=\"row-258\">\n\t<td class=\"column-1\">252\/2021<\/td><td class=\"column-2\">252\/2021<\/td><td class=\"column-3\">08\/06\/2021<\/td><td class=\"column-4\">09\/06\/2021<\/td><td class=\"column-5\">Preg\u00e3o Eletr\u00f4nico<\/td><td class=\"column-6\">Menor Pre\u00e7o Por Item<\/td><td class=\"column-7\">CONTRATA\u00c7\u00c3O DE PESSOA JUR\u00cdDICA PARA AQUISI\u00c7\u00c3O FUTURA E EVENTUAL DE MATERIAL DE LIMPEZA, HIGIENE E DESCART\u00c1VEIS<\/td><td class=\"column-8\">R$ 115.852,17<\/td><td class=\"column-9\">COMERCIAL MOURA &amp; FERNANDES LTDA, R4 INDUSTRIA E COM\u00c9RCIO EIRELI, SINERGIA COMERCIO E SERVICOS EIRELI<\/td><td class=\"column-10\">COMERCIAL MOURA &amp; FERNANDES LTDA<\/td><td class=\"column-11\">05.377.891\/0001-13<\/td><td class=\"column-12\">R$ 44.948,45<\/td><td class=\"column-13\">Encerrada<\/td><td class=\"column-14\">04001821001\/2021\t<\/td><td class=\"column-15\">21\/08\/2021<\/td><td class=\"column-16\"><\/td><td class=\"column-17\"><\/td>\n<\/tr>\n<tr class=\"row-259\">\n\t<td class=\"column-1\">252\/2021<\/td><td class=\"column-2\">252\/2021<\/td><td class=\"column-3\">08\/06\/2021<\/td><td class=\"column-4\">09\/06\/2021<\/td><td class=\"column-5\">Preg\u00e3o Eletr\u00f4nico<\/td><td class=\"column-6\">Menor Pre\u00e7o Por Item<\/td><td class=\"column-7\">CONTRATA\u00c7\u00c3O DE PESSOA JUR\u00cdDICA PARA AQUISI\u00c7\u00c3O FUTURA E EVENTUAL DE MATERIAL DE LIMPEZA, HIGIENE E DESCART\u00c1VEIS<\/td><td class=\"column-8\">R$ 115.852,17<\/td><td class=\"column-9\">COMERCIAL MOURA &amp; FERNANDES LTDA, R4 INDUSTRIA E COM\u00c9RCIO EIRELI, SINERGIA COMERCIO E SERVICOS EIRELI<\/td><td class=\"column-10\">COMERCIAL MOURA &amp; FERNANDES LTDA<\/td><td class=\"column-11\">05.377.891\/0001-13<\/td><td class=\"column-12\">R$ 44.948,45<\/td><td class=\"column-13\">Encerrada<\/td><td class=\"column-14\">02006927001\/2021\t<\/td><td class=\"column-15\">27\/09\/2021<\/td><td class=\"column-16\"><\/td><td class=\"column-17\"><\/td>\n<\/tr>\n<tr class=\"row-260\">\n\t<td class=\"column-1\">252\/2021<\/td><td class=\"column-2\">252\/2021<\/td><td class=\"column-3\">08\/06\/2021<\/td><td class=\"column-4\">09\/06\/2021<\/td><td class=\"column-5\">Preg\u00e3o Eletr\u00f4nico<\/td><td class=\"column-6\">Menor Pre\u00e7o Por Item<\/td><td class=\"column-7\">CONTRATA\u00c7\u00c3O DE PESSOA JUR\u00cdDICA PARA AQUISI\u00c7\u00c3O FUTURA E EVENTUAL DE MATERIAL DE LIMPEZA, HIGIENE E DESCART\u00c1VEIS<\/td><td class=\"column-8\">R$ 115.852,17<\/td><td class=\"column-9\">COMERCIAL MOURA &amp; FERNANDES LTDA, R4 INDUSTRIA E COM\u00c9RCIO EIRELI, SINERGIA COMERCIO E SERVICOS EIRELI<\/td><td class=\"column-10\">COMERCIAL MOURA &amp; FERNANDES LTDA<\/td><td class=\"column-11\">05.377.891\/0001-13<\/td><td class=\"column-12\">R$ 44.948,45<\/td><td class=\"column-13\">Encerrada<\/td><td class=\"column-14\">03001927003\/2021\t<\/td><td class=\"column-15\">27\/09\/2021<\/td><td class=\"column-16\"><\/td><td class=\"column-17\"><\/td>\n<\/tr>\n<tr class=\"row-261\">\n\t<td class=\"column-1\">252\/2021<\/td><td class=\"column-2\">252\/2021<\/td><td class=\"column-3\">08\/06\/2021<\/td><td class=\"column-4\">09\/06\/2021<\/td><td class=\"column-5\">Preg\u00e3o Eletr\u00f4nico<\/td><td class=\"column-6\">Menor Pre\u00e7o Por Item<\/td><td class=\"column-7\">CONTRATA\u00c7\u00c3O DE PESSOA JUR\u00cdDICA PARA AQUISI\u00c7\u00c3O FUTURA E EVENTUAL DE MATERIAL DE LIMPEZA, HIGIENE E DESCART\u00c1VEIS<\/td><td class=\"column-8\">R$ 115.852,17<\/td><td class=\"column-9\">COMERCIAL MOURA &amp; FERNANDES LTDA, R4 INDUSTRIA E COM\u00c9RCIO EIRELI, SINERGIA COMERCIO E SERVICOS EIRELI<\/td><td class=\"column-10\">COMERCIAL MOURA &amp; FERNANDES LTDA<\/td><td class=\"column-11\">05.377.891\/0001-13<\/td><td class=\"column-12\">R$ 44.948,45<\/td><td class=\"column-13\">Encerrada<\/td><td class=\"column-14\">03001630001\/2021\t<\/td><td class=\"column-15\">30\/06\/2021<\/td><td class=\"column-16\"><\/td><td class=\"column-17\"><\/td>\n<\/tr>\n<tr class=\"row-262\">\n\t<td class=\"column-1\">252\/2021<\/td><td class=\"column-2\">252\/2021<\/td><td class=\"column-3\">08\/06\/2021<\/td><td class=\"column-4\">09\/06\/2021<\/td><td class=\"column-5\">Preg\u00e3o Eletr\u00f4nico<\/td><td class=\"column-6\">Menor Pre\u00e7o Por Item<\/td><td class=\"column-7\">CONTRATA\u00c7\u00c3O DE PESSOA JUR\u00cdDICA PARA AQUISI\u00c7\u00c3O FUTURA E EVENTUAL DE MATERIAL DE LIMPEZA, HIGIENE E DESCART\u00c1VEIS<\/td><td class=\"column-8\">R$ 115.852,17<\/td><td class=\"column-9\">COMERCIAL MOURA &amp; FERNANDES LTDA, R4 INDUSTRIA E COM\u00c9RCIO EIRELI, SINERGIA COMERCIO E SERVICOS EIRELI<\/td><td class=\"column-10\">COMERCIAL MOURA &amp; FERNANDES LTDA<\/td><td class=\"column-11\">05.377.891\/0001-13<\/td><td class=\"column-12\">R$ 44.948,45<\/td><td class=\"column-13\">Encerrada<\/td><td class=\"column-14\">02002727001\/2021\t<\/td><td class=\"column-15\">27\/07\/2021<\/td><td class=\"column-16\"><\/td><td class=\"column-17\"><\/td>\n<\/tr>\n<tr class=\"row-263\">\n\t<td class=\"column-1\">252\/2021<\/td><td class=\"column-2\">252\/2021<\/td><td class=\"column-3\">08\/06\/2021<\/td><td class=\"column-4\">09\/06\/2021<\/td><td class=\"column-5\">Preg\u00e3o Eletr\u00f4nico<\/td><td class=\"column-6\">Menor Pre\u00e7o Por Item<\/td><td class=\"column-7\">CONTRATA\u00c7\u00c3O DE PESSOA JUR\u00cdDICA PARA AQUISI\u00c7\u00c3O FUTURA E EVENTUAL DE MATERIAL DE LIMPEZA, HIGIENE E DESCART\u00c1VEIS<\/td><td class=\"column-8\">R$ 115.852,17<\/td><td class=\"column-9\">COMERCIAL MOURA &amp; FERNANDES LTDA, R4 INDUSTRIA E COM\u00c9RCIO EIRELI, SINERGIA COMERCIO E SERVICOS EIRELI<\/td><td class=\"column-10\">COMERCIAL MOURA &amp; FERNANDES LTDA<\/td><td class=\"column-11\">05.377.891\/0001-13<\/td><td class=\"column-12\">R$ 44.948,45<\/td><td class=\"column-13\">Encerrada<\/td><td class=\"column-14\">02008719001\/2021\t<\/td><td class=\"column-15\">19\/07\/2021<\/td><td class=\"column-16\"><\/td><td class=\"column-17\"><\/td>\n<\/tr>\n<tr class=\"row-264\">\n\t<td class=\"column-1\">252\/2021<\/td><td class=\"column-2\">252\/2021<\/td><td class=\"column-3\">08\/06\/2021<\/td><td class=\"column-4\">09\/06\/2021<\/td><td class=\"column-5\">Preg\u00e3o Eletr\u00f4nico<\/td><td class=\"column-6\">Menor Pre\u00e7o Por Item<\/td><td class=\"column-7\">CONTRATA\u00c7\u00c3O DE PESSOA JUR\u00cdDICA PARA AQUISI\u00c7\u00c3O FUTURA E EVENTUAL DE MATERIAL DE LIMPEZA, HIGIENE E DESCART\u00c1VEIS<\/td><td class=\"column-8\">R$ 115.852,17<\/td><td class=\"column-9\">COMERCIAL MOURA &amp; FERNANDES LTDA, R4 INDUSTRIA E COM\u00c9RCIO EIRELI, SINERGIA COMERCIO E SERVICOS EIRELI<\/td><td class=\"column-10\">COMERCIAL MOURA &amp; FERNANDES LTDA<\/td><td class=\"column-11\">05.377.891\/0001-13<\/td><td class=\"column-12\">R$ 44.948,45<\/td><td class=\"column-13\">Encerrada<\/td><td class=\"column-14\">02004719001\/2021\t<\/td><td class=\"column-15\">19\/07\/2021<\/td><td class=\"column-16\"><\/td><td class=\"column-17\"><\/td>\n<\/tr>\n<tr class=\"row-265\">\n\t<td class=\"column-1\">252\/2021<\/td><td class=\"column-2\">252\/2021<\/td><td class=\"column-3\">08\/06\/2021<\/td><td class=\"column-4\">09\/06\/2021<\/td><td class=\"column-5\">Preg\u00e3o Eletr\u00f4nico<\/td><td class=\"column-6\">Menor Pre\u00e7o Por Item<\/td><td class=\"column-7\">CONTRATA\u00c7\u00c3O DE PESSOA JUR\u00cdDICA PARA AQUISI\u00c7\u00c3O FUTURA E EVENTUAL DE MATERIAL DE LIMPEZA, HIGIENE E DESCART\u00c1VEIS<\/td><td class=\"column-8\">R$ 115.852,17<\/td><td class=\"column-9\">COMERCIAL MOURA &amp; FERNANDES LTDA, R4 INDUSTRIA E COM\u00c9RCIO EIRELI, SINERGIA COMERCIO E SERVICOS EIRELI<\/td><td class=\"column-10\">COMERCIAL MOURA &amp; FERNANDES LTDA<\/td><td class=\"column-11\">05.377.891\/0001-13<\/td><td class=\"column-12\">R$ 44.948,45<\/td><td class=\"column-13\">Encerrada<\/td><td class=\"column-14\">02001810001\/2021\t<\/td><td class=\"column-15\">10\/08\/2021<\/td><td class=\"column-16\"><\/td><td class=\"column-17\"><\/td>\n<\/tr>\n<tr class=\"row-266\">\n\t<td class=\"column-1\">252\/2021<\/td><td class=\"column-2\">252\/2021<\/td><td class=\"column-3\">08\/06\/2021<\/td><td class=\"column-4\">09\/06\/2021<\/td><td class=\"column-5\">Preg\u00e3o Eletr\u00f4nico<\/td><td class=\"column-6\">Menor Pre\u00e7o Por Item<\/td><td class=\"column-7\">CONTRATA\u00c7\u00c3O DE PESSOA JUR\u00cdDICA PARA AQUISI\u00c7\u00c3O FUTURA E EVENTUAL DE MATERIAL DE LIMPEZA, HIGIENE E DESCART\u00c1VEIS<\/td><td class=\"column-8\">R$ 115.852,17<\/td><td class=\"column-9\">COMERCIAL MOURA &amp; FERNANDES LTDA, R4 INDUSTRIA E COM\u00c9RCIO EIRELI, SINERGIA COMERCIO E SERVICOS EIRELI<\/td><td class=\"column-10\">COMERCIAL MOURA &amp; FERNANDES LTDA<\/td><td class=\"column-11\">05.377.891\/0001-13<\/td><td class=\"column-12\">R$ 44.948,45<\/td><td class=\"column-13\">Encerrada<\/td><td class=\"column-14\">02004810001\/2021\t<\/td><td class=\"column-15\">10\/08\/2021<\/td><td class=\"column-16\"><\/td><td class=\"column-17\"><\/td>\n<\/tr>\n<tr class=\"row-267\">\n\t<td class=\"column-1\">252\/2021<\/td><td class=\"column-2\">252\/2021<\/td><td class=\"column-3\">08\/06\/2021<\/td><td class=\"column-4\">09\/06\/2021<\/td><td class=\"column-5\">Preg\u00e3o Eletr\u00f4nico<\/td><td class=\"column-6\">Menor Pre\u00e7o Por Item<\/td><td class=\"column-7\">CONTRATA\u00c7\u00c3O DE PESSOA JUR\u00cdDICA PARA AQUISI\u00c7\u00c3O FUTURA E EVENTUAL DE MATERIAL DE LIMPEZA, HIGIENE E DESCART\u00c1VEIS<\/td><td class=\"column-8\">R$ 115.852,17<\/td><td class=\"column-9\">COMERCIAL MOURA &amp; FERNANDES LTDA, R4 INDUSTRIA E COM\u00c9RCIO EIRELI, SINERGIA COMERCIO E SERVICOS EIRELI<\/td><td class=\"column-10\">R4 INDUSTRIA E COM\u00c9RCIO EIRELI<\/td><td class=\"column-11\">13.587.119\/0001-54<\/td><td class=\"column-12\">R$ 3.892,50<\/td><td class=\"column-13\">Encerrada<\/td><td class=\"column-14\"><\/td><td class=\"column-15\"><\/td><td class=\"column-16\"><\/td><td class=\"column-17\"><\/td>\n<\/tr>\n<tr class=\"row-268\">\n\t<td class=\"column-1\">255\/2021<\/td><td class=\"column-2\">255\/2021<\/td><td class=\"column-3\"><\/td><td class=\"column-4\">11\/05\/2021<\/td><td class=\"column-5\">Dispensa<\/td><td class=\"column-6\">Menor Pre\u00e7o Global<\/td><td class=\"column-7\">CONTRATA\u00c7\u00c3O DE EMPRESA ESPECIALIZADA PARA PRESTA\u00c7\u00c3O DE SERVI\u00c7OS DE MANUTEN\u00c7\u00c3O PREVENTIVA E CORRETIVA EM APARELHOS DE AR CONDICIONADO.<\/td><td class=\"column-8\">R$ 16.666,00<\/td><td class=\"column-9\">Construcresce Katia Pinheiro da Silva Cordeiro, JOSE EBSON SILVA DE MELO 06682369492, Rf Reformar Rafael de Farias<\/td><td class=\"column-10\">Construcresce Katia Pinheiro da Silva Cordeiro<\/td><td class=\"column-11\">22.846.365\/0001-74<\/td><td class=\"column-12\">R$ 16.666,00<\/td><td class=\"column-13\">Encerrada<\/td><td class=\"column-14\">02002512001\/2021\t<\/td><td class=\"column-15\">12\/05\/2021<\/td><td class=\"column-16\">49\/2021\t<\/td><td class=\"column-17\">12\/05\/2021<\/td>\n<\/tr>\n<tr class=\"row-269\">\n\t<td class=\"column-1\">256\/2021<\/td><td class=\"column-2\">256\/2021<\/td><td class=\"column-3\"><\/td><td class=\"column-4\">30\/07\/2021<\/td><td class=\"column-5\">Dispensa<\/td><td class=\"column-6\">Menor Pre\u00e7o Por Item<\/td><td class=\"column-7\">AQUISI\u00c7\u00c3O DE PE\u00c7AS DE APARELHOS DE AR CONDICIONADO<\/td><td class=\"column-8\">R$ 12.342,40<\/td><td class=\"column-9\">Construcresce Katia Pinheiro da Silva Cordeiro, JOSE EBSON SILVA DE MELO 06682369492, Rf Reformar Rafael de Farias<\/td><td class=\"column-10\">JOSE EBSON SILVA DE MELO 06682369492<\/td><td class=\"column-11\">21.790.436\/0001-00<\/td><td class=\"column-12\">R$ 12.342,40<\/td><td class=\"column-13\">Encerrada<\/td><td class=\"column-14\">02002730001\/2021\t<\/td><td class=\"column-15\">30\/07\/2021<\/td><td class=\"column-16\">81\/2021\t<\/td><td class=\"column-17\">02\/08\/2021<\/td>\n<\/tr>\n<tr class=\"row-270\">\n\t<td class=\"column-1\">256\/2021<\/td><td class=\"column-2\">256\/2021<\/td><td class=\"column-3\"><\/td><td class=\"column-4\">30\/07\/2021<\/td><td class=\"column-5\">Dispensa<\/td><td class=\"column-6\">Menor Pre\u00e7o Por Item<\/td><td class=\"column-7\">AQUISI\u00c7\u00c3O DE PE\u00c7AS DE APARELHOS DE AR CONDICIONADO<\/td><td class=\"column-8\">R$ 12.342,40<\/td><td class=\"column-9\">Construcresce Katia Pinheiro da Silva Cordeiro, JOSE EBSON SILVA DE MELO 06682369492, Rf Reformar Rafael de Farias<\/td><td class=\"column-10\">JOSE EBSON SILVA DE MELO 06682369492<\/td><td class=\"column-11\">21.790.436\/0001-00<\/td><td class=\"column-12\">R$ 12.342,40<\/td><td class=\"column-13\">Encerrada<\/td><td class=\"column-14\">02004730005\/2021\t<\/td><td class=\"column-15\">30\/07\/2021<\/td><td class=\"column-16\">81\/2021\t<\/td><td class=\"column-17\">02\/08\/2021<\/td>\n<\/tr>\n<tr class=\"row-271\">\n\t<td class=\"column-1\">256\/2021<\/td><td class=\"column-2\">256\/2021<\/td><td class=\"column-3\"><\/td><td class=\"column-4\">30\/07\/2021<\/td><td class=\"column-5\">Dispensa<\/td><td class=\"column-6\">Menor Pre\u00e7o Por Item<\/td><td class=\"column-7\">AQUISI\u00c7\u00c3O DE PE\u00c7AS DE APARELHOS DE AR CONDICIONADO<\/td><td class=\"column-8\">R$ 12.342,40<\/td><td class=\"column-9\">Construcresce Katia Pinheiro da Silva Cordeiro, JOSE EBSON SILVA DE MELO 06682369492, Rf Reformar Rafael de Farias<\/td><td class=\"column-10\">JOSE EBSON SILVA DE MELO 06682369492<\/td><td class=\"column-11\">21.790.436\/0001-00<\/td><td class=\"column-12\">R$ 12.342,40<\/td><td class=\"column-13\">Encerrada<\/td><td class=\"column-14\">02008730001\/2021\t<\/td><td class=\"column-15\">30\/07\/2021<\/td><td class=\"column-16\">81\/2021\t<\/td><td class=\"column-17\">02\/08\/2021<\/td>\n<\/tr>\n<tr class=\"row-272\">\n\t<td class=\"column-1\">256\/2021<\/td><td class=\"column-2\">256\/2021<\/td><td class=\"column-3\"><\/td><td class=\"column-4\">30\/07\/2021<\/td><td class=\"column-5\">Dispensa<\/td><td class=\"column-6\">Menor Pre\u00e7o Por Item<\/td><td class=\"column-7\">AQUISI\u00c7\u00c3O DE PE\u00c7AS DE APARELHOS DE AR CONDICIONADO<\/td><td class=\"column-8\">R$ 12.342,40<\/td><td class=\"column-9\">Construcresce Katia Pinheiro da Silva Cordeiro, JOSE EBSON SILVA DE MELO 06682369492, Rf Reformar Rafael de Farias<\/td><td class=\"column-10\">JOSE EBSON SILVA DE MELO 06682369492<\/td><td class=\"column-11\">21.790.436\/0001-00<\/td><td class=\"column-12\">R$ 12.342,40<\/td><td class=\"column-13\">Encerrada<\/td><td class=\"column-14\">04001730001\/2021\t<\/td><td class=\"column-15\">30\/07\/2021<\/td><td class=\"column-16\">81\/2021\t<\/td><td class=\"column-17\">02\/08\/2021<\/td>\n<\/tr>\n<tr class=\"row-273\">\n\t<td class=\"column-1\">256\/2021<\/td><td class=\"column-2\">256\/2021<\/td><td class=\"column-3\"><\/td><td class=\"column-4\">30\/07\/2021<\/td><td class=\"column-5\">Dispensa<\/td><td class=\"column-6\">Menor Pre\u00e7o Por Item<\/td><td class=\"column-7\">AQUISI\u00c7\u00c3O DE PE\u00c7AS DE APARELHOS DE AR CONDICIONADO<\/td><td class=\"column-8\">R$ 12.342,40<\/td><td class=\"column-9\">Construcresce Katia Pinheiro da Silva Cordeiro, JOSE EBSON SILVA DE MELO 06682369492, Rf Reformar Rafael de Farias<\/td><td class=\"column-10\">JOSE EBSON SILVA DE MELO 06682369492<\/td><td class=\"column-11\">21.790.436\/0001-00<\/td><td class=\"column-12\">R$ 12.342,40<\/td><td class=\"column-13\">Encerrada<\/td><td class=\"column-14\">02009730001\/2021\t<\/td><td class=\"column-15\">30\/07\/2021<\/td><td class=\"column-16\">81\/2021\t<\/td><td class=\"column-17\">02\/08\/2021<\/td>\n<\/tr>\n<tr class=\"row-274\">\n\t<td class=\"column-1\">258\/2021<\/td><td class=\"column-2\">258\/2021<\/td><td class=\"column-3\"><\/td><td class=\"column-4\">20\/04\/2021<\/td><td class=\"column-5\">Dispensa<\/td><td class=\"column-6\">Menor Pre\u00e7o Por Item<\/td><td class=\"column-7\">CONTRATA\u00c7\u00c3O DE EMPRESA ESPECIALIZADA PARA PRESTA\u00c7\u00c3O DE SERVI\u00c7O DE LOCA\u00c7\u00c3O DE ANALISADOR TOTALMENTE AUTOM\u00c1TICO DE C\u00c9LULAS SANGU\u00cdNEAS E FORNECIMENTO DE REAGENTES PARA REALIZA\u00c7\u00c3O DE HEMOGRAMA<\/td><td class=\"column-8\">R$ 6.750,00<\/td><td class=\"column-9\">BIO PLENNA DISTRIBUIDORA DE PRODUTO E EQUIPAMENTOS PARA DIAGN\u00d3STICO LT, DIAGFARMA COM. E SERV. DE PROD. HOSP. E LABORATORIAIS LDTA., INNOVA DIAGNOSTICA COMERCIO E REPR. EIRELI - ME<\/td><td class=\"column-10\">BIO PLENNA DISTRIBUIDORA DE PRODUTO E EQUIPAMENTOS PARA DIAGN\u00d3STICO LT<\/td><td class=\"column-11\">13.160.859\/0001-00<\/td><td class=\"column-12\">R$ 6.750,00<\/td><td class=\"column-13\">Encerrada<\/td><td class=\"column-14\">03001421001\/2021\t<\/td><td class=\"column-15\">21\/04\/2021<\/td><td class=\"column-16\">42\/2021\t<\/td><td class=\"column-17\">21\/04\/2021<\/td>\n<\/tr>\n<tr class=\"row-275\">\n\t<td class=\"column-1\">259\/2021<\/td><td class=\"column-2\">259\/2021<\/td><td class=\"column-3\"><\/td><td class=\"column-4\">06\/04\/2021<\/td><td class=\"column-5\">Dispensa<\/td><td class=\"column-6\">Menor Pre\u00e7o Por Item<\/td><td class=\"column-7\">AQUISI\u00c7\u00c3O DE TOTENS PERSONALIZADOS PARA DISPENSA\u00c7\u00c3O DE \u00c1LCOOL<\/td><td class=\"column-8\">R$ 9.600,00<\/td><td class=\"column-9\">IDEAL GRAFICA E EDITORA, L. S. COMERCIO E SERVI\u00c7OS LTDA, RB GRAFICA E EDITORA<\/td><td class=\"column-10\">L. S. COMERCIO E SERVI\u00c7OS LTDA<\/td><td class=\"column-11\">03.637.347\/0001-38<\/td><td class=\"column-12\">R$ 9.600,00<\/td><td class=\"column-13\">Encerrada<\/td><td class=\"column-14\">03001616003\/2021\t<\/td><td class=\"column-15\">16\/06\/2021<\/td><td class=\"column-16\"><\/td><td class=\"column-17\"><\/td>\n<\/tr>\n<tr class=\"row-276\">\n\t<td class=\"column-1\">260\/2021<\/td><td class=\"column-2\">260\/2021<\/td><td class=\"column-3\"><\/td><td class=\"column-4\">14\/06\/2021<\/td><td class=\"column-5\">Dispensa<\/td><td class=\"column-6\">Menor Pre\u00e7o Por Item<\/td><td class=\"column-7\">AQUISI\u00c7AO DE MATERIAL GR\u00c1FICO PARA ATENDER AS DEMANDAS DA SECRETARIA DE SA\u00daDE<\/td><td class=\"column-8\">R$ 15.750,00<\/td><td class=\"column-9\">IDEAL GRAFICA E EDITORA, L. S. COMERCIO E SERVI\u00c7OS LTDA, RB GRAFICA E EDITORA<\/td><td class=\"column-10\">L. S. COMERCIO E SERVI\u00c7OS LTDA<\/td><td class=\"column-11\">03.637.347\/0001-38<\/td><td class=\"column-12\">R$ 15.750,00<\/td><td class=\"column-13\">Encerrada<\/td><td class=\"column-14\">030011123001\/2021\t<\/td><td class=\"column-15\">23\/11\/2021<\/td><td class=\"column-16\">58\/2021\t<\/td><td class=\"column-17\">14\/06\/2021<\/td>\n<\/tr>\n<tr class=\"row-277\">\n\t<td class=\"column-1\">261\/2021<\/td><td class=\"column-2\">261\/2021<\/td><td class=\"column-3\"><\/td><td class=\"column-4\">22\/04\/2021<\/td><td class=\"column-5\">Dispensa<\/td><td class=\"column-6\">Menor Pre\u00e7o Por Item<\/td><td class=\"column-7\">LOCA\u00c7\u00c3O, EM CAR\u00c1TER DE \u201cURG\u00caNCIA\u201d, DE UM GERADOR DE ENERGIA COM O FORNECIMENTO DOS SERVI\u00c7OS E INSTALA\u00c7\u00c3O, PARA USO DA SECRETARIA DE SA\u00daDE DE LAJES\/RN, NO CENTRO DE TRIAGEM DO COVID E NA UNIDADE DE SA\u00daDE PEDRO LOPES.<\/td><td class=\"column-8\">R$ 15.000,00<\/td><td class=\"column-9\">F BATISTA DA SILVA - ME , JO\u00c3O BATISTA LOPES DE SOUZA , JUSSIER VIEIRA DE MELO - ME<\/td><td class=\"column-10\">JUSSIER VIEIRA DE MELO - ME<\/td><td class=\"column-11\">14.240.361\/0001-10<\/td><td class=\"column-12\">R$ 15.000,00<\/td><td class=\"column-13\">Encerrada<\/td><td class=\"column-14\">03001422001\/2021\t<\/td><td class=\"column-15\">22\/04\/2021<\/td><td class=\"column-16\">44\/2021\t<\/td><td class=\"column-17\">22\/04\/2021<\/td>\n<\/tr>\n<tr class=\"row-278\">\n\t<td class=\"column-1\">266\/2021<\/td><td class=\"column-2\">266\/2021<\/td><td class=\"column-3\"><\/td><td class=\"column-4\">30\/03\/2021<\/td><td class=\"column-5\">Dispensa<\/td><td class=\"column-6\">Menor Pre\u00e7o Por Item<\/td><td class=\"column-7\">AQUISI\u00c7\u00c3O DE PEIXE EM CAR\u00c1TER EMERGENCIAL, destinados para doa\u00e7\u00e3o \u00e0s fam\u00edlias carentes deste munic\u00edpio, inseridas nos Programas Sociais do Governo Federal, no per\u00edodo da semana santa atrav\u00e9s do Programa \u201cPeixe para o Povo\u201d, da Prefeitura Municipal de Lajes\/RN, em conformidade com as especifica\u00e7\u00f5es, deste Termo de Refer\u00eancia.<\/td><td class=\"column-8\">R$ 63.000,00<\/td><td class=\"column-9\">ABL ADMINISTRA\u00c7\u00c3O DE VENDAS E SERVI\u00c7OS LTDA-ME, IND\u00daSTRIA CRUZ DE PESCADOS LTDA, KM DISTRIBUIDORA DE ALIMENTOS EIRELI, M A A DE ARA\u00daJO EIRELI<\/td><td class=\"column-10\">M A A DE ARA\u00daJO EIRELI<\/td><td class=\"column-11\">40.453.040\/0001-03<\/td><td class=\"column-12\">R$ 63.000,00<\/td><td class=\"column-13\">Encerrada<\/td><td class=\"column-14\">02005330001\/2021\t<\/td><td class=\"column-15\">30\/03\/2021<\/td><td class=\"column-16\"><\/td><td class=\"column-17\"><\/td>\n<\/tr>\n<tr class=\"row-279\">\n\t<td class=\"column-1\">267\/2021<\/td><td class=\"column-2\">267\/2021<\/td><td class=\"column-3\"><\/td><td class=\"column-4\">08\/04\/2021<\/td><td class=\"column-5\">Dispensa<\/td><td class=\"column-6\">Menor Pre\u00e7o Por Item<\/td><td class=\"column-7\">CONTRATA\u00c7\u00c3O DE EMPRESA DE FORMA EMERGENCIAL PARA FORNECIMENTO DE VE\u00cdCULO DO TIPO TRATOR PARA CORTE DE TERRA E DE 01(UMA) RETROESCAVADEIRA EM REGIME DE LOCA\u00c7\u00c3O<\/td><td class=\"column-8\">R$ 463.200,00<\/td><td class=\"column-9\">CONSTRUTORA BEZERRIL SOUTO EIRELI, EMERSON ANTONIO DOS SANTOS FERNANDES - ME, FRANCISCO JURANDIR DE LIMA JUNIOR - ME<\/td><td class=\"column-10\">FRANCISCO JURANDIR DE LIMA JUNIOR - ME<\/td><td class=\"column-11\">19.363.375\/0001-44<\/td><td class=\"column-12\">R$ 463.200,00<\/td><td class=\"column-13\">Encerrada<\/td><td class=\"column-14\">02004507001\/2021\t<\/td><td class=\"column-15\">07\/05\/2021<\/td><td class=\"column-16\">38\/2021\t<\/td><td class=\"column-17\">08\/04\/2021<\/td>\n<\/tr>\n<tr class=\"row-280\">\n\t<td class=\"column-1\">267\/2021<\/td><td class=\"column-2\">267\/2021<\/td><td class=\"column-3\"><\/td><td class=\"column-4\">08\/04\/2021<\/td><td class=\"column-5\">Dispensa<\/td><td class=\"column-6\">Menor Pre\u00e7o Por Item<\/td><td class=\"column-7\">CONTRATA\u00c7\u00c3O DE EMPRESA DE FORMA EMERGENCIAL PARA FORNECIMENTO DE VE\u00cdCULO DO TIPO TRATOR PARA CORTE DE TERRA E DE 01(UMA) RETROESCAVADEIRA EM REGIME DE LOCA\u00c7\u00c3O<\/td><td class=\"column-8\">R$ 463.200,00<\/td><td class=\"column-9\">CONSTRUTORA BEZERRIL SOUTO EIRELI, EMERSON ANTONIO DOS SANTOS FERNANDES - ME, FRANCISCO JURANDIR DE LIMA JUNIOR - ME<\/td><td class=\"column-10\">FRANCISCO JURANDIR DE LIMA JUNIOR - ME<\/td><td class=\"column-11\">19.363.375\/0001-44<\/td><td class=\"column-12\">R$ 463.200,00<\/td><td class=\"column-13\">Encerrada<\/td><td class=\"column-14\">02008701001\/2021\t<\/td><td class=\"column-15\">01\/07\/2021<\/td><td class=\"column-16\">38\/2021\t<\/td><td class=\"column-17\">08\/04\/2021<\/td>\n<\/tr>\n<tr class=\"row-281\">\n\t<td class=\"column-1\">267\/2021<\/td><td class=\"column-2\">267\/2021<\/td><td class=\"column-3\"><\/td><td class=\"column-4\">08\/04\/2021<\/td><td class=\"column-5\">Dispensa<\/td><td class=\"column-6\">Menor Pre\u00e7o Por Item<\/td><td class=\"column-7\">CONTRATA\u00c7\u00c3O DE EMPRESA DE FORMA EMERGENCIAL PARA FORNECIMENTO DE VE\u00cdCULO DO TIPO TRATOR PARA CORTE DE TERRA E DE 01(UMA) RETROESCAVADEIRA EM REGIME DE LOCA\u00c7\u00c3O<\/td><td class=\"column-8\">R$ 463.200,00<\/td><td class=\"column-9\">CONSTRUTORA BEZERRIL SOUTO EIRELI, EMERSON ANTONIO DOS SANTOS FERNANDES - ME, FRANCISCO JURANDIR DE LIMA JUNIOR - ME<\/td><td class=\"column-10\">FRANCISCO JURANDIR DE LIMA JUNIOR - ME<\/td><td class=\"column-11\">19.363.375\/0001-44<\/td><td class=\"column-12\">R$ 463.200,00<\/td><td class=\"column-13\">Encerrada<\/td><td class=\"column-14\">02004701002\/2021\t<\/td><td class=\"column-15\">01\/07\/2021<\/td><td class=\"column-16\">38\/2021\t<\/td><td class=\"column-17\">08\/04\/2021<\/td>\n<\/tr>\n<tr class=\"row-282\">\n\t<td class=\"column-1\">267\/2021<\/td><td class=\"column-2\">267\/2021<\/td><td class=\"column-3\"><\/td><td class=\"column-4\">08\/04\/2021<\/td><td class=\"column-5\">Dispensa<\/td><td class=\"column-6\">Menor Pre\u00e7o Por Item<\/td><td class=\"column-7\">CONTRATA\u00c7\u00c3O DE EMPRESA DE FORMA EMERGENCIAL PARA FORNECIMENTO DE VE\u00cdCULO DO TIPO TRATOR PARA CORTE DE TERRA E DE 01(UMA) RETROESCAVADEIRA EM REGIME DE LOCA\u00c7\u00c3O<\/td><td class=\"column-8\">R$ 463.200,00<\/td><td class=\"column-9\">CONSTRUTORA BEZERRIL SOUTO EIRELI, EMERSON ANTONIO DOS SANTOS FERNANDES - ME, FRANCISCO JURANDIR DE LIMA JUNIOR - ME<\/td><td class=\"column-10\">FRANCISCO JURANDIR DE LIMA JUNIOR - ME<\/td><td class=\"column-11\">19.363.375\/0001-44<\/td><td class=\"column-12\">R$ 463.200,00<\/td><td class=\"column-13\">Encerrada<\/td><td class=\"column-14\">02008408001\/2021\t<\/td><td class=\"column-15\">08\/04\/2021<\/td><td class=\"column-16\">38\/2021\t<\/td><td class=\"column-17\">08\/04\/2021<\/td>\n<\/tr>\n<tr class=\"row-283\">\n\t<td class=\"column-1\">267\/2021<\/td><td class=\"column-2\">267\/2021<\/td><td class=\"column-3\"><\/td><td class=\"column-4\">08\/04\/2021<\/td><td class=\"column-5\">Dispensa<\/td><td class=\"column-6\">Menor Pre\u00e7o Por Item<\/td><td class=\"column-7\">CONTRATA\u00c7\u00c3O DE EMPRESA DE FORMA EMERGENCIAL PARA FORNECIMENTO DE VE\u00cdCULO DO TIPO TRATOR PARA CORTE DE TERRA E DE 01(UMA) RETROESCAVADEIRA EM REGIME DE LOCA\u00c7\u00c3O<\/td><td class=\"column-8\">R$ 463.200,00<\/td><td class=\"column-9\">CONSTRUTORA BEZERRIL SOUTO EIRELI, EMERSON ANTONIO DOS SANTOS FERNANDES - ME, FRANCISCO JURANDIR DE LIMA JUNIOR - ME<\/td><td class=\"column-10\">FRANCISCO JURANDIR DE LIMA JUNIOR - ME<\/td><td class=\"column-11\">19.363.375\/0001-44<\/td><td class=\"column-12\">R$ 463.200,00<\/td><td class=\"column-13\">Encerrada<\/td><td class=\"column-14\">02008408002\/2021\t<\/td><td class=\"column-15\">08\/04\/2021<\/td><td class=\"column-16\">38\/2021\t<\/td><td class=\"column-17\">08\/04\/2021<\/td>\n<\/tr>\n<tr class=\"row-284\">\n\t<td class=\"column-1\">267\/2021<\/td><td class=\"column-2\">267\/2021<\/td><td class=\"column-3\"><\/td><td class=\"column-4\">08\/04\/2021<\/td><td class=\"column-5\">Dispensa<\/td><td class=\"column-6\">Menor Pre\u00e7o Por Item<\/td><td class=\"column-7\">CONTRATA\u00c7\u00c3O DE EMPRESA DE FORMA EMERGENCIAL PARA FORNECIMENTO DE VE\u00cdCULO DO TIPO TRATOR PARA CORTE DE TERRA E DE 01(UMA) RETROESCAVADEIRA EM REGIME DE LOCA\u00c7\u00c3O<\/td><td class=\"column-8\">R$ 463.200,00<\/td><td class=\"column-9\">CONSTRUTORA BEZERRIL SOUTO EIRELI, EMERSON ANTONIO DOS SANTOS FERNANDES - ME, FRANCISCO JURANDIR DE LIMA JUNIOR - ME<\/td><td class=\"column-10\">FRANCISCO JURANDIR DE LIMA JUNIOR - ME<\/td><td class=\"column-11\">19.363.375\/0001-44<\/td><td class=\"column-12\">R$ 463.200,00<\/td><td class=\"column-13\">Encerrada<\/td><td class=\"column-14\">02008408003\/2021\t<\/td><td class=\"column-15\">08\/04\/2021<\/td><td class=\"column-16\">38\/2021\t<\/td><td class=\"column-17\">08\/04\/2021<\/td>\n<\/tr>\n<tr class=\"row-285\">\n\t<td class=\"column-1\">267\/2021<\/td><td class=\"column-2\">267\/2021<\/td><td class=\"column-3\"><\/td><td class=\"column-4\">08\/04\/2021<\/td><td class=\"column-5\">Dispensa<\/td><td class=\"column-6\">Menor Pre\u00e7o Por Item<\/td><td class=\"column-7\">CONTRATA\u00c7\u00c3O DE EMPRESA DE FORMA EMERGENCIAL PARA FORNECIMENTO DE VE\u00cdCULO DO TIPO TRATOR PARA CORTE DE TERRA E DE 01(UMA) RETROESCAVADEIRA EM REGIME DE LOCA\u00c7\u00c3O<\/td><td class=\"column-8\">R$ 463.200,00<\/td><td class=\"column-9\">CONSTRUTORA BEZERRIL SOUTO EIRELI, EMERSON ANTONIO DOS SANTOS FERNANDES - ME, FRANCISCO JURANDIR DE LIMA JUNIOR - ME<\/td><td class=\"column-10\">FRANCISCO JURANDIR DE LIMA JUNIOR - ME<\/td><td class=\"column-11\">19.363.375\/0001-44<\/td><td class=\"column-12\">R$ 463.200,00<\/td><td class=\"column-13\">Encerrada<\/td><td class=\"column-14\">02004408001\/2021\t<\/td><td class=\"column-15\">08\/04\/2021<\/td><td class=\"column-16\">38\/2021\t<\/td><td class=\"column-17\">08\/04\/2021<\/td>\n<\/tr>\n<tr class=\"row-286\">\n\t<td class=\"column-1\">267\/2021<\/td><td class=\"column-2\">267\/2021<\/td><td class=\"column-3\"><\/td><td class=\"column-4\">08\/04\/2021<\/td><td class=\"column-5\">Dispensa<\/td><td class=\"column-6\">Menor Pre\u00e7o Por Item<\/td><td class=\"column-7\">CONTRATA\u00c7\u00c3O DE EMPRESA DE FORMA EMERGENCIAL PARA FORNECIMENTO DE VE\u00cdCULO DO TIPO TRATOR PARA CORTE DE TERRA E DE 01(UMA) RETROESCAVADEIRA EM REGIME DE LOCA\u00c7\u00c3O<\/td><td class=\"column-8\">R$ 463.200,00<\/td><td class=\"column-9\">CONSTRUTORA BEZERRIL SOUTO EIRELI, EMERSON ANTONIO DOS SANTOS FERNANDES - ME, FRANCISCO JURANDIR DE LIMA JUNIOR - ME<\/td><td class=\"column-10\">FRANCISCO JURANDIR DE LIMA JUNIOR - ME<\/td><td class=\"column-11\">19.363.375\/0001-44<\/td><td class=\"column-12\">R$ 463.200,00<\/td><td class=\"column-13\">Encerrada<\/td><td class=\"column-14\">02008507001\/2021\t<\/td><td class=\"column-15\">07\/05\/2021<\/td><td class=\"column-16\">38\/2021\t<\/td><td class=\"column-17\">08\/04\/2021<\/td>\n<\/tr>\n<tr class=\"row-287\">\n\t<td class=\"column-1\">269\/2021<\/td><td class=\"column-2\">269\/2021<\/td><td class=\"column-3\"><\/td><td class=\"column-4\">09\/04\/2021<\/td><td class=\"column-5\">Dispensa<\/td><td class=\"column-6\">Menor Pre\u00e7o Por Item<\/td><td class=\"column-7\">CONTRATA\u00c7\u00c3O DE EMPRESA ESPECIALIZADA EM PRESTA\u00c7\u00c3O DE SERVI\u00c7O DE HOSPEDAGEM E WEB SITE<\/td><td class=\"column-8\">R$ 16.799,94<\/td><td class=\"column-9\">MICRO SYSTEM INFORMATICA LTDA - ME, NET SYSTEM INFORMATICA LTDA , RAFAELA PRISCILA RODRIGUES MENDONCA<\/td><td class=\"column-10\">MICRO SYSTEM INFORMATICA LTDA - ME<\/td><td class=\"column-11\">06.334.845\/0001-08<\/td><td class=\"column-12\">R$ 16.799,94<\/td><td class=\"column-13\">Encerrada<\/td><td class=\"column-14\">02002409002\/2021\t<\/td><td class=\"column-15\">09\/04\/2021<\/td><td class=\"column-16\">39\/2021\t<\/td><td class=\"column-17\">09\/04\/2021<\/td>\n<\/tr>\n<tr class=\"row-288\">\n\t<td class=\"column-1\">269\/2021<\/td><td class=\"column-2\">269\/2021<\/td><td class=\"column-3\"><\/td><td class=\"column-4\">09\/04\/2021<\/td><td class=\"column-5\">Dispensa<\/td><td class=\"column-6\">Menor Pre\u00e7o Por Item<\/td><td class=\"column-7\">CONTRATA\u00c7\u00c3O DE EMPRESA ESPECIALIZADA EM PRESTA\u00c7\u00c3O DE SERVI\u00c7O DE HOSPEDAGEM E WEB SITE<\/td><td class=\"column-8\">R$ 16.799,94<\/td><td class=\"column-9\">MICRO SYSTEM INFORMATICA LTDA - ME, NET SYSTEM INFORMATICA LTDA , RAFAELA PRISCILA RODRIGUES MENDONCA<\/td><td class=\"column-10\">MICRO SYSTEM INFORMATICA LTDA - ME<\/td><td class=\"column-11\">06.334.845\/0001-08<\/td><td class=\"column-12\">R$ 16.799,94<\/td><td class=\"column-13\">Encerrada<\/td><td class=\"column-14\">02017409001\/2021\t<\/td><td class=\"column-15\">09\/04\/2021<\/td><td class=\"column-16\">39\/2021\t<\/td><td class=\"column-17\">09\/04\/2021<\/td>\n<\/tr>\n<tr class=\"row-289\">\n\t<td class=\"column-1\">270\/2021<\/td><td class=\"column-2\">270\/2021<\/td><td class=\"column-3\"><\/td><td class=\"column-4\">02\/02\/2021<\/td><td class=\"column-5\">Dispensa<\/td><td class=\"column-6\">Melhor T\u00e9cnica e Menor Pre\u00e7o<\/td><td class=\"column-7\">CELEBRA\u00c7\u00c3O DE CONV\u00caNIO COM O LAR BOM JESUS, PARA ACOLHIMENTO DE TR\u00caS INFANTES NA FAIXA ET\u00c1RIA DE 0 A 18 ANOS QUE SE ENCONTRAM EM SITUA\u00c7\u00c3O DE VULNERABILIDADE, QUE EST\u00c3O EM SITUA\u00c7\u00c3O DE RISCO PESSOAL E SOCIAL, DESENVOLVENDO ATIVIDADES DESTINADAS A PRESTA\u00c7\u00c3O DE SERVI\u00c7OS SOCIOASSISTENCIAIS, VISANDO \u00c0 DEFESA E GARANTIA DOS SEUS DIREITOS E SUA INTEGRA\u00c7\u00c3O NA COMUNIDADE. CONFORME AVALIA\u00c7\u00c3O REALIZADA POR PROFISSIONAL COMPETENTE E MANDADO JUDICIAL EXPEDIDO PELO JU\u00cdZO DESTA COMARCA.<\/td><td class=\"column-8\">R$ 27.000,00<\/td><td class=\"column-9\">LAR BOM JESUS<\/td><td class=\"column-10\">LAR BOM JESUS<\/td><td class=\"column-11\">07.115.197\/0001-53<\/td><td class=\"column-12\">R$ 27.000,00<\/td><td class=\"column-13\">Encerrada<\/td><td class=\"column-14\">04001803001\/2021\t<\/td><td class=\"column-15\">03\/08\/2021<\/td><td class=\"column-16\"><\/td><td class=\"column-17\"><\/td>\n<\/tr>\n<tr class=\"row-290\">\n\t<td class=\"column-1\">288\/2021<\/td><td class=\"column-2\">288\/2021<\/td><td class=\"column-3\"><\/td><td class=\"column-4\">02\/06\/2021<\/td><td class=\"column-5\">Dispensa<\/td><td class=\"column-6\">Menor Pre\u00e7o Global<\/td><td class=\"column-7\">Contrata\u00e7\u00e3o de empresa para a realiza\u00e7\u00e3o dos servi\u00e7os de Recomposi\u00e7\u00e3o de Pavimenta\u00e7\u00e3o em Paralelep\u00edpedo Rejuntado Com Argamassa de Cimento e Areia com reaproveitamento do paralelep\u00edpedo<\/td><td class=\"column-8\">R$ 30.928,04<\/td><td class=\"column-9\">CONSTRUTORA PADR\u00c3O EIRELI, SAMRO ENGENHARIA EIRELI-ME, SOC CONSTRUTORA<\/td><td class=\"column-10\">SOC CONSTRUTORA<\/td><td class=\"column-11\">40.321.829\/0001-00<\/td><td class=\"column-12\">R$ 30.928,04<\/td><td class=\"column-13\">Encerrada<\/td><td class=\"column-14\">02004616001\/2021\t<\/td><td class=\"column-15\">16\/06\/2021<\/td><td class=\"column-16\">59\/2021\t<\/td><td class=\"column-17\">14\/06\/2021<\/td>\n<\/tr>\n<tr class=\"row-291\">\n\t<td class=\"column-1\">290\/2021<\/td><td class=\"column-2\">290\/2021<\/td><td class=\"column-3\"><\/td><td class=\"column-4\">27\/05\/2021<\/td><td class=\"column-5\">Dispensa<\/td><td class=\"column-6\">Menor Pre\u00e7o Por Item<\/td><td class=\"column-7\">AQUISI\u00c7\u00c3O DE PROTETOR SOLAR FPS 60 FP-UVA:20 QUE SER\u00c1 USADO COM PARTE DE EQUIPAMENTO DE PROTE\u00c7\u00c3O INDIVIDUAL (EPI),<\/td><td class=\"column-8\">R$ 1.596,96<\/td><td class=\"column-9\">COMERCIAL MOURA &amp; FERNANDES LTDA, FF COM\u00c9RCIO REPRESENTA\u00c7\u00c3O, RN COMERCIO DE MEDICAMENTOS E MATERIAL HOSPITALAR LTDA ME<\/td><td class=\"column-10\">COMERCIAL MOURA &amp; FERNANDES LTDA<\/td><td class=\"column-11\">05.377.891\/0001-13<\/td><td class=\"column-12\">R$ 1.596,96<\/td><td class=\"column-13\">Encerrada<\/td><td class=\"column-14\"><\/td><td class=\"column-15\"><\/td><td class=\"column-16\"><\/td><td class=\"column-17\"><\/td>\n<\/tr>\n<tr class=\"row-292\">\n\t<td class=\"column-1\">291\/2021<\/td><td class=\"column-2\">291\/2021<\/td><td class=\"column-3\">15\/06\/2021<\/td><td class=\"column-4\">15\/06\/2021<\/td><td class=\"column-5\">Preg\u00e3o Eletr\u00f4nico<\/td><td class=\"column-6\">Menor Pre\u00e7o por Lote<\/td><td class=\"column-7\">REGISTRO DE PRE\u00c7OS PARA CONTRATA\u00c7\u00c3O DE EMPRESA PARA PRESTA\u00c7\u00c3O DE SERVI\u00c7OS ALIMENT\u00cdCIOS COM FORNECIMENTO DE REFEI\u00c7\u00d5ES REFERENTE A 12 MESES: CAF\u00c9 DA MANH\u00c3, ALMO\u00c7O E JANTAR (QUENTINHA)<\/td><td class=\"column-8\">R$ 128.664,00<\/td><td class=\"column-9\">LUTEMBERG MARTINS TRINDADE 04146362440<\/td><td class=\"column-10\">LUTEMBERG MARTINS TRINDADE 04146362440<\/td><td class=\"column-11\">29.319.960\/0001-09<\/td><td class=\"column-12\">R$ 120.096,00<\/td><td class=\"column-13\">Encerrada<\/td><td class=\"column-14\">02002617001\/2021\t<\/td><td class=\"column-15\">17\/06\/2021<\/td><td class=\"column-16\"><\/td><td class=\"column-17\"><\/td>\n<\/tr>\n<tr class=\"row-293\">\n\t<td class=\"column-1\">291\/2021<\/td><td class=\"column-2\">291\/2021<\/td><td class=\"column-3\">15\/06\/2021<\/td><td class=\"column-4\">15\/06\/2021<\/td><td class=\"column-5\">Preg\u00e3o Eletr\u00f4nico<\/td><td class=\"column-6\">Menor Pre\u00e7o por Lote<\/td><td class=\"column-7\">REGISTRO DE PRE\u00c7OS PARA CONTRATA\u00c7\u00c3O DE EMPRESA PARA PRESTA\u00c7\u00c3O DE SERVI\u00c7OS ALIMENT\u00cdCIOS COM FORNECIMENTO DE REFEI\u00c7\u00d5ES REFERENTE A 12 MESES: CAF\u00c9 DA MANH\u00c3, ALMO\u00c7O E JANTAR (QUENTINHA)<\/td><td class=\"column-8\">R$ 128.664,00<\/td><td class=\"column-9\">LUTEMBERG MARTINS TRINDADE 04146362440<\/td><td class=\"column-10\">LUTEMBERG MARTINS TRINDADE 04146362440<\/td><td class=\"column-11\">29.319.960\/0001-09<\/td><td class=\"column-12\">R$ 120.096,00<\/td><td class=\"column-13\">Encerrada<\/td><td class=\"column-14\">020021008001\/2021\t<\/td><td class=\"column-15\">08\/10\/2021<\/td><td class=\"column-16\"><\/td><td class=\"column-17\"><\/td>\n<\/tr>\n<tr class=\"row-294\">\n\t<td class=\"column-1\">291\/2021<\/td><td class=\"column-2\">291\/2021<\/td><td class=\"column-3\">15\/06\/2021<\/td><td class=\"column-4\">15\/06\/2021<\/td><td class=\"column-5\">Preg\u00e3o Eletr\u00f4nico<\/td><td class=\"column-6\">Menor Pre\u00e7o por Lote<\/td><td class=\"column-7\">REGISTRO DE PRE\u00c7OS PARA CONTRATA\u00c7\u00c3O DE EMPRESA PARA PRESTA\u00c7\u00c3O DE SERVI\u00c7OS ALIMENT\u00cdCIOS COM FORNECIMENTO DE REFEI\u00c7\u00d5ES REFERENTE A 12 MESES: CAF\u00c9 DA MANH\u00c3, ALMO\u00c7O E JANTAR (QUENTINHA)<\/td><td class=\"column-8\">R$ 128.664,00<\/td><td class=\"column-9\">LUTEMBERG MARTINS TRINDADE 04146362440<\/td><td class=\"column-10\">LUTEMBERG MARTINS TRINDADE 04146362440<\/td><td class=\"column-11\">29.319.960\/0001-09<\/td><td class=\"column-12\">R$ 120.096,00<\/td><td class=\"column-13\">Encerrada<\/td><td class=\"column-14\">020021103003\/2021\t<\/td><td class=\"column-15\">03\/11\/2021<\/td><td class=\"column-16\"><\/td><td class=\"column-17\"><\/td>\n<\/tr>\n<tr class=\"row-295\">\n\t<td class=\"column-1\">291\/2021<\/td><td class=\"column-2\">291\/2021<\/td><td class=\"column-3\">15\/06\/2021<\/td><td class=\"column-4\">15\/06\/2021<\/td><td class=\"column-5\">Preg\u00e3o Eletr\u00f4nico<\/td><td class=\"column-6\">Menor Pre\u00e7o por Lote<\/td><td class=\"column-7\">REGISTRO DE PRE\u00c7OS PARA CONTRATA\u00c7\u00c3O DE EMPRESA PARA PRESTA\u00c7\u00c3O DE SERVI\u00c7OS ALIMENT\u00cdCIOS COM FORNECIMENTO DE REFEI\u00c7\u00d5ES REFERENTE A 12 MESES: CAF\u00c9 DA MANH\u00c3, ALMO\u00c7O E JANTAR (QUENTINHA)<\/td><td class=\"column-8\">R$ 128.664,00<\/td><td class=\"column-9\">LUTEMBERG MARTINS TRINDADE 04146362440<\/td><td class=\"column-10\">LUTEMBERG MARTINS TRINDADE 04146362440<\/td><td class=\"column-11\">29.319.960\/0001-09<\/td><td class=\"column-12\">R$ 120.096,00<\/td><td class=\"column-13\">Encerrada<\/td><td class=\"column-14\">020021201004\/2021\t<\/td><td class=\"column-15\">01\/12\/2021<\/td><td class=\"column-16\"><\/td><td class=\"column-17\"><\/td>\n<\/tr>\n<tr class=\"row-296\">\n\t<td class=\"column-1\">294\/2021<\/td><td class=\"column-2\">294\/2021<\/td><td class=\"column-3\"><\/td><td class=\"column-4\">01\/06\/2021<\/td><td class=\"column-5\">Dispensa<\/td><td class=\"column-6\">Menor Pre\u00e7o Por Item<\/td><td class=\"column-7\">CONTRATA\u00c7\u00c3O DE EMPRESA PARA PRESTA\u00c7\u00c3O DE SERVI\u00c7O EM MANUTEN\u00c7\u00c3O DAS M\u00c1QUINAS DE ESTERELIZA\u00c7\u00c3O UTILIZADAS NAS UNIDADES B\u00c1SICAS DE SA\u00daDE<\/td><td class=\"column-8\">R$ 17.460,00<\/td><td class=\"column-9\">ASSISTENCIA TENCNICAR DE EQUIPAMENTO ODONTOLOGICO, COMERCIO E SERVI\u00c7OS LTDA.ME, E.R.COMERCIO VAREJISTA SERVI\u00c7OS LTDA - ME<\/td><td class=\"column-10\">E.R.COMERCIO VAREJISTA SERVI\u00c7OS LTDA - ME<\/td><td class=\"column-11\">03.633.939\/0001-81<\/td><td class=\"column-12\">R$ 17.460,00<\/td><td class=\"column-13\">Encerrada<\/td><td class=\"column-14\">03001601001\/2021\t<\/td><td class=\"column-15\">01\/06\/2021<\/td><td class=\"column-16\">54\/2021\t<\/td><td class=\"column-17\">01\/06\/2021<\/td>\n<\/tr>\n<tr class=\"row-297\">\n\t<td class=\"column-1\">295\/2021<\/td><td class=\"column-2\">295\/2021<\/td><td class=\"column-3\"><\/td><td class=\"column-4\">01\/06\/2021<\/td><td class=\"column-5\">Dispensa<\/td><td class=\"column-6\">Menor Pre\u00e7o Por Item<\/td><td class=\"column-7\">CONTRATA\u00c7\u00c3O DE EMPRESA ESPECIALIZADA PARA MANUTEN\u00c7\u00c3O DE MICROSC\u00d3PIO DO LABORAT\u00d3RIO MUNICIPAL<\/td><td class=\"column-8\">R$ 15.750,00<\/td><td class=\"column-9\">ASSISTENCIA TENCNICAR DE EQUIPAMENTO ODONTOLOGICO, COMERCIO E SERVI\u00c7OS LTDA.ME, E.R.COMERCIO VAREJISTA SERVI\u00c7OS LTDA - ME<\/td><td class=\"column-10\">E.R.COMERCIO VAREJISTA SERVI\u00c7OS LTDA - ME<\/td><td class=\"column-11\">03.633.939\/0001-81<\/td><td class=\"column-12\">R$ 15.750,00<\/td><td class=\"column-13\">Encerrada<\/td><td class=\"column-14\">03001601002\/2021\t<\/td><td class=\"column-15\">01\/06\/2021<\/td><td class=\"column-16\">55\/2021\t<\/td><td class=\"column-17\">01\/06\/2021<\/td>\n<\/tr>\n<tr class=\"row-298\">\n\t<td class=\"column-1\">298\/2021<\/td><td class=\"column-2\">298\/2021<\/td><td class=\"column-3\">11\/05\/2021<\/td><td class=\"column-4\">06\/07\/2021<\/td><td class=\"column-5\">Preg\u00e3o Presencial<\/td><td class=\"column-6\">Menor Pre\u00e7o por Lote<\/td><td class=\"column-7\">CONTRATA\u00c7\u00c3O DE EMPRESA PROVEDORA DE CONEX\u00c3O DE INTERNET, NA MODALIDADE BANDA LARGA DO TIPO FIBRA OPTICA, PARA SUPRIR AS NECESSIDADES DOS \u00d3RG\u00c3OS DA ADMINISTRA\u00c7\u00c3O MUNICIPAL QUE UTILIZAM SERVI\u00c7OS DEPENDENTES DE   ACESSO \u00c0 REDE MUNDIAL DE COMPUTADORES.<\/td><td class=\"column-8\">R$ 147.709,92<\/td><td class=\"column-9\">CINTE TELECOM COMERCIO E SERVICOS LTDA, UNO TELECOM LTDA<\/td><td class=\"column-10\">UNO TELECOM LTDA<\/td><td class=\"column-11\">12.152.867\/0001-41<\/td><td class=\"column-12\">R$ 129.852,00<\/td><td class=\"column-13\">Encerrada<\/td><td class=\"column-14\">02002707001\/2021\t<\/td><td class=\"column-15\">07\/07\/2021<\/td><td class=\"column-16\"><\/td><td class=\"column-17\"><\/td>\n<\/tr>\n<tr class=\"row-299\">\n\t<td class=\"column-1\">298\/2021<\/td><td class=\"column-2\">298\/2021<\/td><td class=\"column-3\">11\/05\/2021<\/td><td class=\"column-4\">06\/07\/2021<\/td><td class=\"column-5\">Preg\u00e3o Presencial<\/td><td class=\"column-6\">Menor Pre\u00e7o por Lote<\/td><td class=\"column-7\">CONTRATA\u00c7\u00c3O DE EMPRESA PROVEDORA DE CONEX\u00c3O DE INTERNET, NA MODALIDADE BANDA LARGA DO TIPO FIBRA OPTICA, PARA SUPRIR AS NECESSIDADES DOS \u00d3RG\u00c3OS DA ADMINISTRA\u00c7\u00c3O MUNICIPAL QUE UTILIZAM SERVI\u00c7OS DEPENDENTES DE   ACESSO \u00c0 REDE MUNDIAL DE COMPUTADORES.<\/td><td class=\"column-8\">R$ 147.709,92<\/td><td class=\"column-9\">CINTE TELECOM COMERCIO E SERVICOS LTDA, UNO TELECOM LTDA<\/td><td class=\"column-10\">UNO TELECOM LTDA<\/td><td class=\"column-11\">12.152.867\/0001-41<\/td><td class=\"column-12\">R$ 129.852,00<\/td><td class=\"column-13\">Encerrada<\/td><td class=\"column-14\">02001707001\/2021\t<\/td><td class=\"column-15\">07\/07\/2021<\/td><td class=\"column-16\"><\/td><td class=\"column-17\"><\/td>\n<\/tr>\n<tr class=\"row-300\">\n\t<td class=\"column-1\">298\/2021<\/td><td class=\"column-2\">298\/2021<\/td><td class=\"column-3\">11\/05\/2021<\/td><td class=\"column-4\">06\/07\/2021<\/td><td class=\"column-5\">Preg\u00e3o Presencial<\/td><td class=\"column-6\">Menor Pre\u00e7o por Lote<\/td><td class=\"column-7\">CONTRATA\u00c7\u00c3O DE EMPRESA PROVEDORA DE CONEX\u00c3O DE INTERNET, NA MODALIDADE BANDA LARGA DO TIPO FIBRA OPTICA, PARA SUPRIR AS NECESSIDADES DOS \u00d3RG\u00c3OS DA ADMINISTRA\u00c7\u00c3O MUNICIPAL QUE UTILIZAM SERVI\u00c7OS DEPENDENTES DE   ACESSO \u00c0 REDE MUNDIAL DE COMPUTADORES.<\/td><td class=\"column-8\">R$ 147.709,92<\/td><td class=\"column-9\">CINTE TELECOM COMERCIO E SERVICOS LTDA, UNO TELECOM LTDA<\/td><td class=\"column-10\">UNO TELECOM LTDA<\/td><td class=\"column-11\">12.152.867\/0001-41<\/td><td class=\"column-12\">R$ 129.852,00<\/td><td class=\"column-13\">Encerrada<\/td><td class=\"column-14\">02001707002\/2021\t<\/td><td class=\"column-15\">07\/07\/2021<\/td><td class=\"column-16\"><\/td><td class=\"column-17\"><\/td>\n<\/tr>\n<tr class=\"row-301\">\n\t<td class=\"column-1\">298\/2021<\/td><td class=\"column-2\">298\/2021<\/td><td class=\"column-3\">11\/05\/2021<\/td><td class=\"column-4\">06\/07\/2021<\/td><td class=\"column-5\">Preg\u00e3o Presencial<\/td><td class=\"column-6\">Menor Pre\u00e7o por Lote<\/td><td class=\"column-7\">CONTRATA\u00c7\u00c3O DE EMPRESA PROVEDORA DE CONEX\u00c3O DE INTERNET, NA MODALIDADE BANDA LARGA DO TIPO FIBRA OPTICA, PARA SUPRIR AS NECESSIDADES DOS \u00d3RG\u00c3OS DA ADMINISTRA\u00c7\u00c3O MUNICIPAL QUE UTILIZAM SERVI\u00c7OS DEPENDENTES DE   ACESSO \u00c0 REDE MUNDIAL DE COMPUTADORES.<\/td><td class=\"column-8\">R$ 147.709,92<\/td><td class=\"column-9\">CINTE TELECOM COMERCIO E SERVICOS LTDA, UNO TELECOM LTDA<\/td><td class=\"column-10\">UNO TELECOM LTDA<\/td><td class=\"column-11\">12.152.867\/0001-41<\/td><td class=\"column-12\">R$ 129.852,00<\/td><td class=\"column-13\">Encerrada<\/td><td class=\"column-14\">02004707001\/2021\t<\/td><td class=\"column-15\">07\/07\/2021<\/td><td class=\"column-16\"><\/td><td class=\"column-17\"><\/td>\n<\/tr>\n<tr class=\"row-302\">\n\t<td class=\"column-1\">298\/2021<\/td><td class=\"column-2\">298\/2021<\/td><td class=\"column-3\">11\/05\/2021<\/td><td class=\"column-4\">06\/07\/2021<\/td><td class=\"column-5\">Preg\u00e3o Presencial<\/td><td class=\"column-6\">Menor Pre\u00e7o por Lote<\/td><td class=\"column-7\">CONTRATA\u00c7\u00c3O DE EMPRESA PROVEDORA DE CONEX\u00c3O DE INTERNET, NA MODALIDADE BANDA LARGA DO TIPO FIBRA OPTICA, PARA SUPRIR AS NECESSIDADES DOS \u00d3RG\u00c3OS DA ADMINISTRA\u00c7\u00c3O MUNICIPAL QUE UTILIZAM SERVI\u00c7OS DEPENDENTES DE   ACESSO \u00c0 REDE MUNDIAL DE COMPUTADORES.<\/td><td class=\"column-8\">R$ 147.709,92<\/td><td class=\"column-9\">CINTE TELECOM COMERCIO E SERVICOS LTDA, UNO TELECOM LTDA<\/td><td class=\"column-10\">UNO TELECOM LTDA<\/td><td class=\"column-11\">12.152.867\/0001-41<\/td><td class=\"column-12\">R$ 129.852,00<\/td><td class=\"column-13\">Encerrada<\/td><td class=\"column-14\">02006707001\/2021\t<\/td><td class=\"column-15\">07\/07\/2021<\/td><td class=\"column-16\"><\/td><td class=\"column-17\"><\/td>\n<\/tr>\n<tr class=\"row-303\">\n\t<td class=\"column-1\">298\/2021<\/td><td class=\"column-2\">298\/2021<\/td><td class=\"column-3\">11\/05\/2021<\/td><td class=\"column-4\">06\/07\/2021<\/td><td class=\"column-5\">Preg\u00e3o Presencial<\/td><td class=\"column-6\">Menor Pre\u00e7o por Lote<\/td><td class=\"column-7\">CONTRATA\u00c7\u00c3O DE EMPRESA PROVEDORA DE CONEX\u00c3O DE INTERNET, NA MODALIDADE BANDA LARGA DO TIPO FIBRA OPTICA, PARA SUPRIR AS NECESSIDADES DOS \u00d3RG\u00c3OS DA ADMINISTRA\u00c7\u00c3O MUNICIPAL QUE UTILIZAM SERVI\u00c7OS DEPENDENTES DE   ACESSO \u00c0 REDE MUNDIAL DE COMPUTADORES.<\/td><td class=\"column-8\">R$ 147.709,92<\/td><td class=\"column-9\">CINTE TELECOM COMERCIO E SERVICOS LTDA, UNO TELECOM LTDA<\/td><td class=\"column-10\">UNO TELECOM LTDA<\/td><td class=\"column-11\">12.152.867\/0001-41<\/td><td class=\"column-12\">R$ 129.852,00<\/td><td class=\"column-13\">Encerrada<\/td><td class=\"column-14\">04001707001\/2021\t<\/td><td class=\"column-15\">07\/07\/2021<\/td><td class=\"column-16\"><\/td><td class=\"column-17\"><\/td>\n<\/tr>\n<tr class=\"row-304\">\n\t<td class=\"column-1\">298\/2021<\/td><td class=\"column-2\">298\/2021<\/td><td class=\"column-3\">11\/05\/2021<\/td><td class=\"column-4\">06\/07\/2021<\/td><td class=\"column-5\">Preg\u00e3o Presencial<\/td><td class=\"column-6\">Menor Pre\u00e7o por Lote<\/td><td class=\"column-7\">CONTRATA\u00c7\u00c3O DE EMPRESA PROVEDORA DE CONEX\u00c3O DE INTERNET, NA MODALIDADE BANDA LARGA DO TIPO FIBRA OPTICA, PARA SUPRIR AS NECESSIDADES DOS \u00d3RG\u00c3OS DA ADMINISTRA\u00c7\u00c3O MUNICIPAL QUE UTILIZAM SERVI\u00c7OS DEPENDENTES DE   ACESSO \u00c0 REDE MUNDIAL DE COMPUTADORES.<\/td><td class=\"column-8\">R$ 147.709,92<\/td><td class=\"column-9\">CINTE TELECOM COMERCIO E SERVICOS LTDA, UNO TELECOM LTDA<\/td><td class=\"column-10\">UNO TELECOM LTDA<\/td><td class=\"column-11\">12.152.867\/0001-41<\/td><td class=\"column-12\">R$ 129.852,00<\/td><td class=\"column-13\">Encerrada<\/td><td class=\"column-14\">03001707001\/2021\t<\/td><td class=\"column-15\">07\/07\/2021<\/td><td class=\"column-16\"><\/td><td class=\"column-17\"><\/td>\n<\/tr>\n<tr class=\"row-305\">\n\t<td class=\"column-1\">298\/2021<\/td><td class=\"column-2\">298\/2021<\/td><td class=\"column-3\">11\/05\/2021<\/td><td class=\"column-4\">06\/07\/2021<\/td><td class=\"column-5\">Preg\u00e3o Presencial<\/td><td class=\"column-6\">Menor Pre\u00e7o por Lote<\/td><td class=\"column-7\">CONTRATA\u00c7\u00c3O DE EMPRESA PROVEDORA DE CONEX\u00c3O DE INTERNET, NA MODALIDADE BANDA LARGA DO TIPO FIBRA OPTICA, PARA SUPRIR AS NECESSIDADES DOS \u00d3RG\u00c3OS DA ADMINISTRA\u00c7\u00c3O MUNICIPAL QUE UTILIZAM SERVI\u00c7OS DEPENDENTES DE   ACESSO \u00c0 REDE MUNDIAL DE COMPUTADORES.<\/td><td class=\"column-8\">R$ 147.709,92<\/td><td class=\"column-9\">CINTE TELECOM COMERCIO E SERVICOS LTDA, UNO TELECOM LTDA<\/td><td class=\"column-10\">UNO TELECOM LTDA<\/td><td class=\"column-11\">12.152.867\/0001-41<\/td><td class=\"column-12\">R$ 129.852,00<\/td><td class=\"column-13\">Encerrada<\/td><td class=\"column-14\">02010707001\/2021\t<\/td><td class=\"column-15\">07\/07\/2021<\/td><td class=\"column-16\"><\/td><td class=\"column-17\"><\/td>\n<\/tr>\n<tr class=\"row-306\">\n\t<td class=\"column-1\">298\/2021<\/td><td class=\"column-2\">298\/2021<\/td><td class=\"column-3\">11\/05\/2021<\/td><td class=\"column-4\">06\/07\/2021<\/td><td class=\"column-5\">Preg\u00e3o Presencial<\/td><td class=\"column-6\">Menor Pre\u00e7o por Lote<\/td><td class=\"column-7\">CONTRATA\u00c7\u00c3O DE EMPRESA PROVEDORA DE CONEX\u00c3O DE INTERNET, NA MODALIDADE BANDA LARGA DO TIPO FIBRA OPTICA, PARA SUPRIR AS NECESSIDADES DOS \u00d3RG\u00c3OS DA ADMINISTRA\u00c7\u00c3O MUNICIPAL QUE UTILIZAM SERVI\u00c7OS DEPENDENTES DE   ACESSO \u00c0 REDE MUNDIAL DE COMPUTADORES.<\/td><td class=\"column-8\">R$ 147.709,92<\/td><td class=\"column-9\">CINTE TELECOM COMERCIO E SERVICOS LTDA, UNO TELECOM LTDA<\/td><td class=\"column-10\">UNO TELECOM LTDA<\/td><td class=\"column-11\">12.152.867\/0001-41<\/td><td class=\"column-12\">R$ 129.852,00<\/td><td class=\"column-13\">Encerrada<\/td><td class=\"column-14\">02008707001\/2021\t<\/td><td class=\"column-15\">07\/07\/2021<\/td><td class=\"column-16\"><\/td><td class=\"column-17\"><\/td>\n<\/tr>\n<tr class=\"row-307\">\n\t<td class=\"column-1\">298\/2021<\/td><td class=\"column-2\">298\/2021<\/td><td class=\"column-3\">11\/05\/2021<\/td><td class=\"column-4\">06\/07\/2021<\/td><td class=\"column-5\">Preg\u00e3o Presencial<\/td><td class=\"column-6\">Menor Pre\u00e7o por Lote<\/td><td class=\"column-7\">CONTRATA\u00c7\u00c3O DE EMPRESA PROVEDORA DE CONEX\u00c3O DE INTERNET, NA MODALIDADE BANDA LARGA DO TIPO FIBRA OPTICA, PARA SUPRIR AS NECESSIDADES DOS \u00d3RG\u00c3OS DA ADMINISTRA\u00c7\u00c3O MUNICIPAL QUE UTILIZAM SERVI\u00c7OS DEPENDENTES DE   ACESSO \u00c0 REDE MUNDIAL DE COMPUTADORES.<\/td><td class=\"column-8\">R$ 147.709,92<\/td><td class=\"column-9\">CINTE TELECOM COMERCIO E SERVICOS LTDA, UNO TELECOM LTDA<\/td><td class=\"column-10\">UNO TELECOM LTDA<\/td><td class=\"column-11\">12.152.867\/0001-41<\/td><td class=\"column-12\">R$ 129.852,00<\/td><td class=\"column-13\">Encerrada<\/td><td class=\"column-14\">02001901003\/2021\t<\/td><td class=\"column-15\">01\/09\/2021<\/td><td class=\"column-16\"><\/td><td class=\"column-17\"><\/td>\n<\/tr>\n<tr class=\"row-308\">\n\t<td class=\"column-1\">299\/2021<\/td><td class=\"column-2\">299\/2021<\/td><td class=\"column-3\"><\/td><td class=\"column-4\">07\/05\/2021<\/td><td class=\"column-5\">Dispensa<\/td><td class=\"column-6\">Menor Pre\u00e7o Global<\/td><td class=\"column-7\">AQUISI\u00c7\u00c3O DE KITS GESTANTES VISANDO O ACESSO DA GESTANTE QUE SE ENCONTRA EM SITUA\u00c7\u00c3O DE VULNERABILIDADE AOS SERVI\u00c7OS DE PR\u00c9-NATAL, OFERECENDO MECANISMOS E PROPORCIONANDO QUALIDADE DE VIDA AO BIN\u00d4MIO M\u00c3E E FILHO<\/td><td class=\"column-8\">R$ 16.646,00<\/td><td class=\"column-9\">DENTAL PAUFERRENSE LTDA ME, FINNA FESTA DECORA\u00c7\u00d5ES LTDA , GALDINO REPRESENTA\u00c7OES ME<\/td><td class=\"column-10\">FINNA FESTA DECORA\u00c7\u00d5ES LTDA <\/td><td class=\"column-11\">26.183.637\/0001-54<\/td><td class=\"column-12\">R$ 16.646,00<\/td><td class=\"column-13\">Encerrada<\/td><td class=\"column-14\">04001520001\/2021\t<\/td><td class=\"column-15\">20\/05\/2021<\/td><td class=\"column-16\">48\/2021\t<\/td><td class=\"column-17\">11\/05\/2021<\/td>\n<\/tr>\n<tr class=\"row-309\">\n\t<td class=\"column-1\">300\/2021<\/td><td class=\"column-2\">300\/2021<\/td><td class=\"column-3\"><\/td><td class=\"column-4\">27\/04\/2021<\/td><td class=\"column-5\">Dispensa<\/td><td class=\"column-6\">Menor Pre\u00e7o Por Item<\/td><td class=\"column-7\">CONTRATA\u00c7\u00c3O DE EMPRESA ESPECIALIZADA EM LOCA\u00c7\u00c3O DE IMPRESSORAS (MULTIFUNCIONAIS LASER MONOCROM\u00c1TICAS, MULTIFUNCIONAL COLORIDA E LASER MONOCROM\u00c1TICA) COM TONERS E REPOSI\u00c7\u00c3O DE PE\u00c7AS QUANDO NECESS\u00c1RIO<\/td><td class=\"column-8\">R$ 16.695,00<\/td><td class=\"column-9\">AM SERVI\u00c7OS E LOCA\u00c7\u00d5ES DE EQUIPAMENTOS DE INFORMAT, CAMELO COMERCIO E REPRESENTA\u00c7OES, SGM COPIADORAS COMERCIO E SERVI\u00c7O LTDA<\/td><td class=\"column-10\">SGM COPIADORAS COMERCIO E SERVI\u00c7O LTDA<\/td><td class=\"column-11\">06.224.460\/0001-80<\/td><td class=\"column-12\">R$ 16.695,00<\/td><td class=\"column-13\">Encerrada<\/td><td class=\"column-14\">02002427001\/2021\t<\/td><td class=\"column-15\">27\/04\/2021<\/td><td class=\"column-16\">45\/2021\t<\/td><td class=\"column-17\">27\/04\/2021<\/td>\n<\/tr>\n<tr class=\"row-310\">\n\t<td class=\"column-1\">329\/2021<\/td><td class=\"column-2\">329\/2021<\/td><td class=\"column-3\"><\/td><td class=\"column-4\">19\/05\/2021<\/td><td class=\"column-5\">Dispensa<\/td><td class=\"column-6\">Menor Pre\u00e7o Por Item<\/td><td class=\"column-7\">SERVI\u00c7O DE M\u00c1SCARAS DE TECIDO DE ACORDO COM AS ESPECIFICA\u00c7\u00d5ES E RECOMENDA\u00c7\u00d5ES DO MINIST\u00c9RIO DA SA\u00daDE<\/td><td class=\"column-8\">R$ 17.190,31<\/td><td class=\"column-9\">JOANA MARIA DE LIMA , MARIA DE FATIMA DO NASCIMENTO , PAULA RUTIMERE DE LIMA SILVA <\/td><td class=\"column-10\">PAULA RUTIMERE DE LIMA SILVA <\/td><td class=\"column-11\">037.126.544-48<\/td><td class=\"column-12\">R$ 17.190,31<\/td><td class=\"column-13\">Encerrada<\/td><td class=\"column-14\">03001521001\/2021\t<\/td><td class=\"column-15\">21\/05\/2021<\/td><td class=\"column-16\"><\/td><td class=\"column-17\"><\/td>\n<\/tr>\n<tr class=\"row-311\">\n\t<td class=\"column-1\">331\/2021<\/td><td class=\"column-2\">331\/2021<\/td><td class=\"column-3\"><\/td><td class=\"column-4\">14\/06\/2021<\/td><td class=\"column-5\">Dispensa<\/td><td class=\"column-6\">Menor Pre\u00e7o Por Item<\/td><td class=\"column-7\">CONTRATA\u00c7\u00c3O DE EMPRESA ESPECIALIZADA EM LOCA\u00c7\u00c3O DE SISTEMA (SOFTWARE) DE  ADMINISTRA\u00c7\u00c3O TRIBUT\u00c1RIA<\/td><td class=\"column-8\">R$ 16.800,00<\/td><td class=\"column-9\">A E DA COSTA BARBOSA DESENVOLVIMENTO DE SOFTWARE-ME, ELMAR - PROCESSAMENTO DE DADOS EIRELI - EPP, TINUS INFORMATICA LTDA<\/td><td class=\"column-10\">TINUS INFORMATICA LTDA<\/td><td class=\"column-11\">35.408.525\/0001-45<\/td><td class=\"column-12\">R$ 16.800,00<\/td><td class=\"column-13\">Encerrada<\/td><td class=\"column-14\">02010614001\/2021\t<\/td><td class=\"column-15\">14\/06\/2021<\/td><td class=\"column-16\">57\/2021\t<\/td><td class=\"column-17\">14\/06\/2021<\/td>\n<\/tr>\n<tr class=\"row-312\">\n\t<td class=\"column-1\">334\/2021<\/td><td class=\"column-2\">334\/2021<\/td><td class=\"column-3\"><\/td><td class=\"column-4\">16\/06\/2021<\/td><td class=\"column-5\">Dispensa<\/td><td class=\"column-6\">Menor Pre\u00e7o Por Item<\/td><td class=\"column-7\">CONTRATA\u00c7\u00c3O DE EMPRESA PARA PRESTA\u00c7\u00c3O DE SERVI\u00c7OS ESPECIALIZADOS EM APOIO ADMINISTRATIVO<\/td><td class=\"column-8\">R$ 7.700,00<\/td><td class=\"column-9\">BRAVUS EMPRESARIAL LTDA - ME, CONCIL CONSTRU\u00c7\u00c3O CIVIL LTDA, DAYANE RAFAELA DE MELO FRAN\u00c7A DANTAS<\/td><td class=\"column-10\">DAYANE RAFAELA DE MELO FRAN\u00c7A DANTAS<\/td><td class=\"column-11\">35.284.764\/0001-30<\/td><td class=\"column-12\">R$ 7.700,00<\/td><td class=\"column-13\">Encerrada<\/td><td class=\"column-14\">02002618001\/2021\t<\/td><td class=\"column-15\">18\/06\/2021<\/td><td class=\"column-16\">61\/2021\t<\/td><td class=\"column-17\">18\/06\/2021<\/td>\n<\/tr>\n<tr class=\"row-313\">\n\t<td class=\"column-1\">341\/2021<\/td><td class=\"column-2\">341\/2021<\/td><td class=\"column-3\"><\/td><td class=\"column-4\">31\/05\/2021<\/td><td class=\"column-5\">Dispensa<\/td><td class=\"column-6\">Menor Pre\u00e7o Por Item<\/td><td class=\"column-7\">CONTRATA\u00c7\u00c3O DE EMPRESA ESPECIALIZADA EM MANUTEN\u00c7\u00c3O E REPAROS DO SISTEMA MUNICIPAL DE RETRANSMISS\u00c3O DE CANAIS DE TORRE DE SINAIS DE TV ANAL\u00d3GICO E FUTURO SISTEMA DIGITAL<\/td><td class=\"column-8\">R$ 12.000,00<\/td><td class=\"column-9\">Josemilton Thadeu Anjos Dos Santos , UNO TELECOM LTDA, Washington Fernandes <\/td><td class=\"column-10\">Washington Fernandes <\/td><td class=\"column-11\">28.671.095\/0001-94<\/td><td class=\"column-12\">R$ 12.000,00<\/td><td class=\"column-13\">Encerrada<\/td><td class=\"column-14\">02017531001\/2021\t<\/td><td class=\"column-15\">31\/05\/2021<\/td><td class=\"column-16\">52\/2021\t<\/td><td class=\"column-17\">31\/05\/2021<\/td>\n<\/tr>\n<tr class=\"row-314\">\n\t<td class=\"column-1\">350\/2021<\/td><td class=\"column-2\">350\/2021<\/td><td class=\"column-3\"><\/td><td class=\"column-4\">10\/05\/2021<\/td><td class=\"column-5\">Dispensa<\/td><td class=\"column-6\">Menor Pre\u00e7o Por Item<\/td><td class=\"column-7\">CONTRATA\u00c7\u00c3O DE EMPRESA PROVEDORA DE CONEX\u00c3O DE INTERNET, NA MODALIDADE BANDA LARGA DO TIPO FIBRA OPTICA, PARA SUPRIR AS NECESSIDADES DOS ORG\u00c3OS DA ADMINISTRA\u00c7\u00c3O MUNICIPAL QUE UTILIZAM SERVI\u00c7OS DEPENDENTES DE ACESSO \u00c0 REDE MUNDIAL DE COMPUTADORES.<\/td><td class=\"column-8\">R$ 16.120,00<\/td><td class=\"column-9\">J E O CUNHA, UNO TELECOM LTDA, WEYBER HUGO DAMIAO SOARES<\/td><td class=\"column-10\">UNO TELECOM LTDA<\/td><td class=\"column-11\">12.152.867\/0001-41<\/td><td class=\"column-12\">R$ 16.120,00<\/td><td class=\"column-13\">Encerrada<\/td><td class=\"column-14\">02006511001\/2021\t<\/td><td class=\"column-15\">11\/05\/2021<\/td><td class=\"column-16\">47\/2021\t<\/td><td class=\"column-17\">11\/05\/2021<\/td>\n<\/tr>\n<tr class=\"row-315\">\n\t<td class=\"column-1\">350\/2021<\/td><td class=\"column-2\">350\/2021<\/td><td class=\"column-3\"><\/td><td class=\"column-4\">10\/05\/2021<\/td><td class=\"column-5\">Dispensa<\/td><td class=\"column-6\">Menor Pre\u00e7o Por Item<\/td><td class=\"column-7\">CONTRATA\u00c7\u00c3O DE EMPRESA PROVEDORA DE CONEX\u00c3O DE INTERNET, NA MODALIDADE BANDA LARGA DO TIPO FIBRA OPTICA, PARA SUPRIR AS NECESSIDADES DOS ORG\u00c3OS DA ADMINISTRA\u00c7\u00c3O MUNICIPAL QUE UTILIZAM SERVI\u00c7OS DEPENDENTES DE ACESSO \u00c0 REDE MUNDIAL DE COMPUTADORES.<\/td><td class=\"column-8\">R$ 16.120,00<\/td><td class=\"column-9\">J E O CUNHA, UNO TELECOM LTDA, WEYBER HUGO DAMIAO SOARES<\/td><td class=\"column-10\">UNO TELECOM LTDA<\/td><td class=\"column-11\">12.152.867\/0001-41<\/td><td class=\"column-12\">R$ 16.120,00<\/td><td class=\"column-13\">Encerrada<\/td><td class=\"column-14\">02002511001\/2021\t<\/td><td class=\"column-15\">11\/05\/2021<\/td><td class=\"column-16\">47\/2021\t<\/td><td class=\"column-17\">11\/05\/2021<\/td>\n<\/tr>\n<tr class=\"row-316\">\n\t<td class=\"column-1\">350\/2021<\/td><td class=\"column-2\">350\/2021<\/td><td class=\"column-3\"><\/td><td class=\"column-4\">10\/05\/2021<\/td><td class=\"column-5\">Dispensa<\/td><td class=\"column-6\">Menor Pre\u00e7o Por Item<\/td><td class=\"column-7\">CONTRATA\u00c7\u00c3O DE EMPRESA PROVEDORA DE CONEX\u00c3O DE INTERNET, NA MODALIDADE BANDA LARGA DO TIPO FIBRA OPTICA, PARA SUPRIR AS NECESSIDADES DOS ORG\u00c3OS DA ADMINISTRA\u00c7\u00c3O MUNICIPAL QUE UTILIZAM SERVI\u00c7OS DEPENDENTES DE ACESSO \u00c0 REDE MUNDIAL DE COMPUTADORES.<\/td><td class=\"column-8\">R$ 16.120,00<\/td><td class=\"column-9\">J E O CUNHA, UNO TELECOM LTDA, WEYBER HUGO DAMIAO SOARES<\/td><td class=\"column-10\">UNO TELECOM LTDA<\/td><td class=\"column-11\">12.152.867\/0001-41<\/td><td class=\"column-12\">R$ 16.120,00<\/td><td class=\"column-13\">Encerrada<\/td><td class=\"column-14\">04001511001\/2021\t<\/td><td class=\"column-15\">11\/05\/2021<\/td><td class=\"column-16\">47\/2021\t<\/td><td class=\"column-17\">11\/05\/2021<\/td>\n<\/tr>\n<tr class=\"row-317\">\n\t<td class=\"column-1\">350\/2021<\/td><td class=\"column-2\">350\/2021<\/td><td class=\"column-3\"><\/td><td class=\"column-4\">10\/05\/2021<\/td><td class=\"column-5\">Dispensa<\/td><td class=\"column-6\">Menor Pre\u00e7o Por Item<\/td><td class=\"column-7\">CONTRATA\u00c7\u00c3O DE EMPRESA PROVEDORA DE CONEX\u00c3O DE INTERNET, NA MODALIDADE BANDA LARGA DO TIPO FIBRA OPTICA, PARA SUPRIR AS NECESSIDADES DOS ORG\u00c3OS DA ADMINISTRA\u00c7\u00c3O MUNICIPAL QUE UTILIZAM SERVI\u00c7OS DEPENDENTES DE ACESSO \u00c0 REDE MUNDIAL DE COMPUTADORES.<\/td><td class=\"column-8\">R$ 16.120,00<\/td><td class=\"column-9\">J E O CUNHA, UNO TELECOM LTDA, WEYBER HUGO DAMIAO SOARES<\/td><td class=\"column-10\">UNO TELECOM LTDA<\/td><td class=\"column-11\">12.152.867\/0001-41<\/td><td class=\"column-12\">R$ 16.120,00<\/td><td class=\"column-13\">Encerrada<\/td><td class=\"column-14\">02010511001\/2021\t<\/td><td class=\"column-15\">11\/05\/2021<\/td><td class=\"column-16\">47\/2021\t<\/td><td class=\"column-17\">11\/05\/2021<\/td>\n<\/tr>\n<tr class=\"row-318\">\n\t<td class=\"column-1\">350\/2021<\/td><td class=\"column-2\">350\/2021<\/td><td class=\"column-3\"><\/td><td class=\"column-4\">10\/05\/2021<\/td><td class=\"column-5\">Dispensa<\/td><td class=\"column-6\">Menor Pre\u00e7o Por Item<\/td><td class=\"column-7\">CONTRATA\u00c7\u00c3O DE EMPRESA PROVEDORA DE CONEX\u00c3O DE INTERNET, NA MODALIDADE BANDA LARGA DO TIPO FIBRA OPTICA, PARA SUPRIR AS NECESSIDADES DOS ORG\u00c3OS DA ADMINISTRA\u00c7\u00c3O MUNICIPAL QUE UTILIZAM SERVI\u00c7OS DEPENDENTES DE ACESSO \u00c0 REDE MUNDIAL DE COMPUTADORES.<\/td><td class=\"column-8\">R$ 16.120,00<\/td><td class=\"column-9\">J E O CUNHA, UNO TELECOM LTDA, WEYBER HUGO DAMIAO SOARES<\/td><td class=\"column-10\">UNO TELECOM LTDA<\/td><td class=\"column-11\">12.152.867\/0001-41<\/td><td class=\"column-12\">R$ 16.120,00<\/td><td class=\"column-13\">Encerrada<\/td><td class=\"column-14\">02008511001\/2021\t<\/td><td class=\"column-15\">11\/05\/2021<\/td><td class=\"column-16\">47\/2021\t<\/td><td class=\"column-17\">11\/05\/2021<\/td>\n<\/tr>\n<tr class=\"row-319\">\n\t<td class=\"column-1\">350\/2021<\/td><td class=\"column-2\">350\/2021<\/td><td class=\"column-3\"><\/td><td class=\"column-4\">10\/05\/2021<\/td><td class=\"column-5\">Dispensa<\/td><td class=\"column-6\">Menor Pre\u00e7o Por Item<\/td><td class=\"column-7\">CONTRATA\u00c7\u00c3O DE EMPRESA PROVEDORA DE CONEX\u00c3O DE INTERNET, NA MODALIDADE BANDA LARGA DO TIPO FIBRA OPTICA, PARA SUPRIR AS NECESSIDADES DOS ORG\u00c3OS DA ADMINISTRA\u00c7\u00c3O MUNICIPAL QUE UTILIZAM SERVI\u00c7OS DEPENDENTES DE ACESSO \u00c0 REDE MUNDIAL DE COMPUTADORES.<\/td><td class=\"column-8\">R$ 16.120,00<\/td><td class=\"column-9\">J E O CUNHA, UNO TELECOM LTDA, WEYBER HUGO DAMIAO SOARES<\/td><td class=\"column-10\">UNO TELECOM LTDA<\/td><td class=\"column-11\">12.152.867\/0001-41<\/td><td class=\"column-12\">R$ 16.120,00<\/td><td class=\"column-13\">Encerrada<\/td><td class=\"column-14\">02002511002\/2021\t<\/td><td class=\"column-15\">11\/05\/2021<\/td><td class=\"column-16\">47\/2021\t<\/td><td class=\"column-17\">11\/05\/2021<\/td>\n<\/tr>\n<tr class=\"row-320\">\n\t<td class=\"column-1\">350\/2021<\/td><td class=\"column-2\">350\/2021<\/td><td class=\"column-3\"><\/td><td class=\"column-4\">10\/05\/2021<\/td><td class=\"column-5\">Dispensa<\/td><td class=\"column-6\">Menor Pre\u00e7o Por Item<\/td><td class=\"column-7\">CONTRATA\u00c7\u00c3O DE EMPRESA PROVEDORA DE CONEX\u00c3O DE INTERNET, NA MODALIDADE BANDA LARGA DO TIPO FIBRA OPTICA, PARA SUPRIR AS NECESSIDADES DOS ORG\u00c3OS DA ADMINISTRA\u00c7\u00c3O MUNICIPAL QUE UTILIZAM SERVI\u00c7OS DEPENDENTES DE ACESSO \u00c0 REDE MUNDIAL DE COMPUTADORES.<\/td><td class=\"column-8\">R$ 16.120,00<\/td><td class=\"column-9\">J E O CUNHA, UNO TELECOM LTDA, WEYBER HUGO DAMIAO SOARES<\/td><td class=\"column-10\">UNO TELECOM LTDA<\/td><td class=\"column-11\">12.152.867\/0001-41<\/td><td class=\"column-12\">R$ 16.120,00<\/td><td class=\"column-13\">Encerrada<\/td><td class=\"column-14\">02004511001\/2021\t<\/td><td class=\"column-15\">11\/05\/2021<\/td><td class=\"column-16\">47\/2021\t<\/td><td class=\"column-17\">11\/05\/2021<\/td>\n<\/tr>\n<tr class=\"row-321\">\n\t<td class=\"column-1\">350\/2021<\/td><td class=\"column-2\">350\/2021<\/td><td class=\"column-3\"><\/td><td class=\"column-4\">10\/05\/2021<\/td><td class=\"column-5\">Dispensa<\/td><td class=\"column-6\">Menor Pre\u00e7o Por Item<\/td><td class=\"column-7\">CONTRATA\u00c7\u00c3O DE EMPRESA PROVEDORA DE CONEX\u00c3O DE INTERNET, NA MODALIDADE BANDA LARGA DO TIPO FIBRA OPTICA, PARA SUPRIR AS NECESSIDADES DOS ORG\u00c3OS DA ADMINISTRA\u00c7\u00c3O MUNICIPAL QUE UTILIZAM SERVI\u00c7OS DEPENDENTES DE ACESSO \u00c0 REDE MUNDIAL DE COMPUTADORES.<\/td><td class=\"column-8\">R$ 16.120,00<\/td><td class=\"column-9\">J E O CUNHA, UNO TELECOM LTDA, WEYBER HUGO DAMIAO SOARES<\/td><td class=\"column-10\">UNO TELECOM LTDA<\/td><td class=\"column-11\">12.152.867\/0001-41<\/td><td class=\"column-12\">R$ 16.120,00<\/td><td class=\"column-13\">Encerrada<\/td><td class=\"column-14\">03001511002\/2021\t<\/td><td class=\"column-15\">11\/05\/2021<\/td><td class=\"column-16\">47\/2021\t<\/td><td class=\"column-17\">11\/05\/2021<\/td>\n<\/tr>\n<tr class=\"row-322\">\n\t<td class=\"column-1\">350\/2021<\/td><td class=\"column-2\">350\/2021<\/td><td class=\"column-3\"><\/td><td class=\"column-4\">10\/05\/2021<\/td><td class=\"column-5\">Dispensa<\/td><td class=\"column-6\">Menor Pre\u00e7o Por Item<\/td><td class=\"column-7\">CONTRATA\u00c7\u00c3O DE EMPRESA PROVEDORA DE CONEX\u00c3O DE INTERNET, NA MODALIDADE BANDA LARGA DO TIPO FIBRA OPTICA, PARA SUPRIR AS NECESSIDADES DOS ORG\u00c3OS DA ADMINISTRA\u00c7\u00c3O MUNICIPAL QUE UTILIZAM SERVI\u00c7OS DEPENDENTES DE ACESSO \u00c0 REDE MUNDIAL DE COMPUTADORES.<\/td><td class=\"column-8\">R$ 16.120,00<\/td><td class=\"column-9\">J E O CUNHA, UNO TELECOM LTDA, WEYBER HUGO DAMIAO SOARES<\/td><td class=\"column-10\">UNO TELECOM LTDA<\/td><td class=\"column-11\">12.152.867\/0001-41<\/td><td class=\"column-12\">R$ 16.120,00<\/td><td class=\"column-13\">Encerrada<\/td><td class=\"column-14\">03001511003\/2021\t<\/td><td class=\"column-15\">11\/05\/2021<\/td><td class=\"column-16\">47\/2021\t<\/td><td class=\"column-17\">11\/05\/2021<\/td>\n<\/tr>\n<tr class=\"row-323\">\n\t<td class=\"column-1\">358\/2021<\/td><td class=\"column-2\">358\/2021<\/td><td class=\"column-3\">25\/05\/2021<\/td><td class=\"column-4\">25\/05\/2021<\/td><td class=\"column-5\">Preg\u00e3o Eletr\u00f4nico<\/td><td class=\"column-6\">Menor Pre\u00e7o (Maior Desconto)<\/td><td class=\"column-7\">REGISTRO DE PRE\u00c7OS PARA FUTURA CONTRATA\u00c7\u00c3O DE EMPRESA PARA FORNECIMENTO DE COMBUST\u00cdVEIS VEICULARES (GASOLINA COMUM, DIESEL COMUM E DIESEL S10).<\/td><td class=\"column-8\">R$ 2.748.233,28<\/td><td class=\"column-9\">AUTO POSTO S\u00c3O TOM\u00c9 LTDA<\/td><td class=\"column-10\">AUTO POSTO S\u00c3O TOM\u00c9 LTDA<\/td><td class=\"column-11\">04.839.900\/0007-73<\/td><td class=\"column-12\">R$ 2.748.233,28<\/td><td class=\"column-13\">Encerrada<\/td><td class=\"column-14\">04001616001\/2021\t<\/td><td class=\"column-15\">16\/06\/2021<\/td><td class=\"column-16\"><\/td><td class=\"column-17\"><\/td>\n<\/tr>\n<tr class=\"row-324\">\n\t<td class=\"column-1\">358\/2021<\/td><td class=\"column-2\">358\/2021<\/td><td class=\"column-3\">25\/05\/2021<\/td><td class=\"column-4\">25\/05\/2021<\/td><td class=\"column-5\">Preg\u00e3o Eletr\u00f4nico<\/td><td class=\"column-6\">Menor Pre\u00e7o (Maior Desconto)<\/td><td class=\"column-7\">REGISTRO DE PRE\u00c7OS PARA FUTURA CONTRATA\u00c7\u00c3O DE EMPRESA PARA FORNECIMENTO DE COMBUST\u00cdVEIS VEICULARES (GASOLINA COMUM, DIESEL COMUM E DIESEL S10).<\/td><td class=\"column-8\">R$ 2.748.233,28<\/td><td class=\"column-9\">AUTO POSTO S\u00c3O TOM\u00c9 LTDA<\/td><td class=\"column-10\">AUTO POSTO S\u00c3O TOM\u00c9 LTDA<\/td><td class=\"column-11\">04.839.900\/0007-73<\/td><td class=\"column-12\">R$ 2.748.233,28<\/td><td class=\"column-13\">Encerrada<\/td><td class=\"column-14\">02006616001\/2021\t<\/td><td class=\"column-15\">15\/06\/2021<\/td><td class=\"column-16\"><\/td><td class=\"column-17\"><\/td>\n<\/tr>\n<tr class=\"row-325\">\n\t<td class=\"column-1\">358\/2021<\/td><td class=\"column-2\">358\/2021<\/td><td class=\"column-3\">25\/05\/2021<\/td><td class=\"column-4\">25\/05\/2021<\/td><td class=\"column-5\">Preg\u00e3o Eletr\u00f4nico<\/td><td class=\"column-6\">Menor Pre\u00e7o (Maior Desconto)<\/td><td class=\"column-7\">REGISTRO DE PRE\u00c7OS PARA FUTURA CONTRATA\u00c7\u00c3O DE EMPRESA PARA FORNECIMENTO DE COMBUST\u00cdVEIS VEICULARES (GASOLINA COMUM, DIESEL COMUM E DIESEL S10).<\/td><td class=\"column-8\">R$ 2.748.233,28<\/td><td class=\"column-9\">AUTO POSTO S\u00c3O TOM\u00c9 LTDA<\/td><td class=\"column-10\">AUTO POSTO S\u00c3O TOM\u00c9 LTDA<\/td><td class=\"column-11\">04.839.900\/0007-73<\/td><td class=\"column-12\">R$ 2.748.233,28<\/td><td class=\"column-13\">Encerrada<\/td><td class=\"column-14\">02009616001\/2021\t<\/td><td class=\"column-15\">15\/06\/2021<\/td><td class=\"column-16\"><\/td><td class=\"column-17\"><\/td>\n<\/tr>\n<tr class=\"row-326\">\n\t<td class=\"column-1\">358\/2021<\/td><td class=\"column-2\">358\/2021<\/td><td class=\"column-3\">25\/05\/2021<\/td><td class=\"column-4\">25\/05\/2021<\/td><td class=\"column-5\">Preg\u00e3o Eletr\u00f4nico<\/td><td class=\"column-6\">Menor Pre\u00e7o (Maior Desconto)<\/td><td class=\"column-7\">REGISTRO DE PRE\u00c7OS PARA FUTURA CONTRATA\u00c7\u00c3O DE EMPRESA PARA FORNECIMENTO DE COMBUST\u00cdVEIS VEICULARES (GASOLINA COMUM, DIESEL COMUM E DIESEL S10).<\/td><td class=\"column-8\">R$ 2.748.233,28<\/td><td class=\"column-9\">AUTO POSTO S\u00c3O TOM\u00c9 LTDA<\/td><td class=\"column-10\">AUTO POSTO S\u00c3O TOM\u00c9 LTDA<\/td><td class=\"column-11\">04.839.900\/0007-73<\/td><td class=\"column-12\">R$ 2.748.233,28<\/td><td class=\"column-13\">Encerrada<\/td><td class=\"column-14\">02002616004\/2021\t<\/td><td class=\"column-15\">15\/06\/2021<\/td><td class=\"column-16\"><\/td><td class=\"column-17\"><\/td>\n<\/tr>\n<tr class=\"row-327\">\n\t<td class=\"column-1\">358\/2021<\/td><td class=\"column-2\">358\/2021<\/td><td class=\"column-3\">25\/05\/2021<\/td><td class=\"column-4\">25\/05\/2021<\/td><td class=\"column-5\">Preg\u00e3o Eletr\u00f4nico<\/td><td class=\"column-6\">Menor Pre\u00e7o (Maior Desconto)<\/td><td class=\"column-7\">REGISTRO DE PRE\u00c7OS PARA FUTURA CONTRATA\u00c7\u00c3O DE EMPRESA PARA FORNECIMENTO DE COMBUST\u00cdVEIS VEICULARES (GASOLINA COMUM, DIESEL COMUM E DIESEL S10).<\/td><td class=\"column-8\">R$ 2.748.233,28<\/td><td class=\"column-9\">AUTO POSTO S\u00c3O TOM\u00c9 LTDA<\/td><td class=\"column-10\">AUTO POSTO S\u00c3O TOM\u00c9 LTDA<\/td><td class=\"column-11\">04.839.900\/0007-73<\/td><td class=\"column-12\">R$ 2.748.233,28<\/td><td class=\"column-13\">Encerrada<\/td><td class=\"column-14\">02004616002\/2021\t<\/td><td class=\"column-15\">16\/06\/2021<\/td><td class=\"column-16\"><\/td><td class=\"column-17\"><\/td>\n<\/tr>\n<tr class=\"row-328\">\n\t<td class=\"column-1\">358\/2021<\/td><td class=\"column-2\">358\/2021<\/td><td class=\"column-3\">25\/05\/2021<\/td><td class=\"column-4\">25\/05\/2021<\/td><td class=\"column-5\">Preg\u00e3o Eletr\u00f4nico<\/td><td class=\"column-6\">Menor Pre\u00e7o (Maior Desconto)<\/td><td class=\"column-7\">REGISTRO DE PRE\u00c7OS PARA FUTURA CONTRATA\u00c7\u00c3O DE EMPRESA PARA FORNECIMENTO DE COMBUST\u00cdVEIS VEICULARES (GASOLINA COMUM, DIESEL COMUM E DIESEL S10).<\/td><td class=\"column-8\">R$ 2.748.233,28<\/td><td class=\"column-9\">AUTO POSTO S\u00c3O TOM\u00c9 LTDA<\/td><td class=\"column-10\">AUTO POSTO S\u00c3O TOM\u00c9 LTDA<\/td><td class=\"column-11\">04.839.900\/0007-73<\/td><td class=\"column-12\">R$ 2.748.233,28<\/td><td class=\"column-13\">Encerrada<\/td><td class=\"column-14\">02008616001\/2021\t<\/td><td class=\"column-15\">15\/06\/2021<\/td><td class=\"column-16\"><\/td><td class=\"column-17\"><\/td>\n<\/tr>\n<tr class=\"row-329\">\n\t<td class=\"column-1\">358\/2021<\/td><td class=\"column-2\">358\/2021<\/td><td class=\"column-3\">25\/05\/2021<\/td><td class=\"column-4\">25\/05\/2021<\/td><td class=\"column-5\">Preg\u00e3o Eletr\u00f4nico<\/td><td class=\"column-6\">Menor Pre\u00e7o (Maior Desconto)<\/td><td class=\"column-7\">REGISTRO DE PRE\u00c7OS PARA FUTURA CONTRATA\u00c7\u00c3O DE EMPRESA PARA FORNECIMENTO DE COMBUST\u00cdVEIS VEICULARES (GASOLINA COMUM, DIESEL COMUM E DIESEL S10).<\/td><td class=\"column-8\">R$ 2.748.233,28<\/td><td class=\"column-9\">AUTO POSTO S\u00c3O TOM\u00c9 LTDA<\/td><td class=\"column-10\">AUTO POSTO S\u00c3O TOM\u00c9 LTDA<\/td><td class=\"column-11\">04.839.900\/0007-73<\/td><td class=\"column-12\">R$ 2.748.233,28<\/td><td class=\"column-13\">Encerrada<\/td><td class=\"column-14\">020061230001\/2021\t<\/td><td class=\"column-15\">30\/12\/2021<\/td><td class=\"column-16\"><\/td><td class=\"column-17\"><\/td>\n<\/tr>\n<tr class=\"row-330\">\n\t<td class=\"column-1\">358\/2021<\/td><td class=\"column-2\">358\/2021<\/td><td class=\"column-3\">25\/05\/2021<\/td><td class=\"column-4\">25\/05\/2021<\/td><td class=\"column-5\">Preg\u00e3o Eletr\u00f4nico<\/td><td class=\"column-6\">Menor Pre\u00e7o (Maior Desconto)<\/td><td class=\"column-7\">REGISTRO DE PRE\u00c7OS PARA FUTURA CONTRATA\u00c7\u00c3O DE EMPRESA PARA FORNECIMENTO DE COMBUST\u00cdVEIS VEICULARES (GASOLINA COMUM, DIESEL COMUM E DIESEL S10).<\/td><td class=\"column-8\">R$ 2.748.233,28<\/td><td class=\"column-9\">AUTO POSTO S\u00c3O TOM\u00c9 LTDA<\/td><td class=\"column-10\">AUTO POSTO S\u00c3O TOM\u00c9 LTDA<\/td><td class=\"column-11\">04.839.900\/0007-73<\/td><td class=\"column-12\">R$ 2.748.233,28<\/td><td class=\"column-13\">Encerrada<\/td><td class=\"column-14\">020081230001\/2021\t<\/td><td class=\"column-15\">30\/12\/2021<\/td><td class=\"column-16\"><\/td><td class=\"column-17\"><\/td>\n<\/tr>\n<tr class=\"row-331\">\n\t<td class=\"column-1\">358\/2021<\/td><td class=\"column-2\">358\/2021<\/td><td class=\"column-3\">25\/05\/2021<\/td><td class=\"column-4\">25\/05\/2021<\/td><td class=\"column-5\">Preg\u00e3o Eletr\u00f4nico<\/td><td class=\"column-6\">Menor Pre\u00e7o (Maior Desconto)<\/td><td class=\"column-7\">REGISTRO DE PRE\u00c7OS PARA FUTURA CONTRATA\u00c7\u00c3O DE EMPRESA PARA FORNECIMENTO DE COMBUST\u00cdVEIS VEICULARES (GASOLINA COMUM, DIESEL COMUM E DIESEL S10).<\/td><td class=\"column-8\">R$ 2.748.233,28<\/td><td class=\"column-9\">AUTO POSTO S\u00c3O TOM\u00c9 LTDA<\/td><td class=\"column-10\">AUTO POSTO S\u00c3O TOM\u00c9 LTDA<\/td><td class=\"column-11\">04.839.900\/0007-73<\/td><td class=\"column-12\">R$ 2.748.233,28<\/td><td class=\"column-13\">Encerrada<\/td><td class=\"column-14\">020021230002\/2021\t<\/td><td class=\"column-15\">30\/12\/2021<\/td><td class=\"column-16\"><\/td><td class=\"column-17\"><\/td>\n<\/tr>\n<tr class=\"row-332\">\n\t<td class=\"column-1\">358\/2021<\/td><td class=\"column-2\">358\/2021<\/td><td class=\"column-3\">25\/05\/2021<\/td><td class=\"column-4\">25\/05\/2021<\/td><td class=\"column-5\">Preg\u00e3o Eletr\u00f4nico<\/td><td class=\"column-6\">Menor Pre\u00e7o (Maior Desconto)<\/td><td class=\"column-7\">REGISTRO DE PRE\u00c7OS PARA FUTURA CONTRATA\u00c7\u00c3O DE EMPRESA PARA FORNECIMENTO DE COMBUST\u00cdVEIS VEICULARES (GASOLINA COMUM, DIESEL COMUM E DIESEL S10).<\/td><td class=\"column-8\">R$ 2.748.233,28<\/td><td class=\"column-9\">AUTO POSTO S\u00c3O TOM\u00c9 LTDA<\/td><td class=\"column-10\">AUTO POSTO S\u00c3O TOM\u00c9 LTDA<\/td><td class=\"column-11\">04.839.900\/0007-73<\/td><td class=\"column-12\">R$ 2.748.233,28<\/td><td class=\"column-13\">Encerrada<\/td><td class=\"column-14\">040011230001\/2021\t<\/td><td class=\"column-15\">30\/12\/2021<\/td><td class=\"column-16\"><\/td><td class=\"column-17\"><\/td>\n<\/tr>\n<tr class=\"row-333\">\n\t<td class=\"column-1\">358\/2021<\/td><td class=\"column-2\">358\/2021<\/td><td class=\"column-3\">25\/05\/2021<\/td><td class=\"column-4\">25\/05\/2021<\/td><td class=\"column-5\">Preg\u00e3o Eletr\u00f4nico<\/td><td class=\"column-6\">Menor Pre\u00e7o (Maior Desconto)<\/td><td class=\"column-7\">REGISTRO DE PRE\u00c7OS PARA FUTURA CONTRATA\u00c7\u00c3O DE EMPRESA PARA FORNECIMENTO DE COMBUST\u00cdVEIS VEICULARES (GASOLINA COMUM, DIESEL COMUM E DIESEL S10).<\/td><td class=\"column-8\">R$ 2.748.233,28<\/td><td class=\"column-9\">AUTO POSTO S\u00c3O TOM\u00c9 LTDA<\/td><td class=\"column-10\">AUTO POSTO S\u00c3O TOM\u00c9 LTDA<\/td><td class=\"column-11\">04.839.900\/0007-73<\/td><td class=\"column-12\">R$ 2.748.233,28<\/td><td class=\"column-13\">Encerrada<\/td><td class=\"column-14\">020081209004\/2021\t<\/td><td class=\"column-15\">09\/12\/2021<\/td><td class=\"column-16\"><\/td><td class=\"column-17\"><\/td>\n<\/tr>\n<tr class=\"row-334\">\n\t<td class=\"column-1\">358\/2021<\/td><td class=\"column-2\">358\/2021<\/td><td class=\"column-3\">25\/05\/2021<\/td><td class=\"column-4\">25\/05\/2021<\/td><td class=\"column-5\">Preg\u00e3o Eletr\u00f4nico<\/td><td class=\"column-6\">Menor Pre\u00e7o (Maior Desconto)<\/td><td class=\"column-7\">REGISTRO DE PRE\u00c7OS PARA FUTURA CONTRATA\u00c7\u00c3O DE EMPRESA PARA FORNECIMENTO DE COMBUST\u00cdVEIS VEICULARES (GASOLINA COMUM, DIESEL COMUM E DIESEL S10).<\/td><td class=\"column-8\">R$ 2.748.233,28<\/td><td class=\"column-9\">AUTO POSTO S\u00c3O TOM\u00c9 LTDA<\/td><td class=\"column-10\">AUTO POSTO S\u00c3O TOM\u00c9 LTDA<\/td><td class=\"column-11\">04.839.900\/0007-73<\/td><td class=\"column-12\">R$ 2.748.233,28<\/td><td class=\"column-13\">Encerrada<\/td><td class=\"column-14\">020021206001\/2021\t<\/td><td class=\"column-15\">06\/12\/2021<\/td><td class=\"column-16\"><\/td><td class=\"column-17\"><\/td>\n<\/tr>\n<tr class=\"row-335\">\n\t<td class=\"column-1\">358\/2021<\/td><td class=\"column-2\">358\/2021<\/td><td class=\"column-3\">25\/05\/2021<\/td><td class=\"column-4\">25\/05\/2021<\/td><td class=\"column-5\">Preg\u00e3o Eletr\u00f4nico<\/td><td class=\"column-6\">Menor Pre\u00e7o (Maior Desconto)<\/td><td class=\"column-7\">REGISTRO DE PRE\u00c7OS PARA FUTURA CONTRATA\u00c7\u00c3O DE EMPRESA PARA FORNECIMENTO DE COMBUST\u00cdVEIS VEICULARES (GASOLINA COMUM, DIESEL COMUM E DIESEL S10).<\/td><td class=\"column-8\">R$ 2.748.233,28<\/td><td class=\"column-9\">AUTO POSTO S\u00c3O TOM\u00c9 LTDA<\/td><td class=\"column-10\">AUTO POSTO S\u00c3O TOM\u00c9 LTDA<\/td><td class=\"column-11\">04.839.900\/0007-73<\/td><td class=\"column-12\">R$ 2.748.233,28<\/td><td class=\"column-13\">Encerrada<\/td><td class=\"column-14\">020081206001\/2021\t<\/td><td class=\"column-15\">06\/12\/2021<\/td><td class=\"column-16\"><\/td><td class=\"column-17\"><\/td>\n<\/tr>\n<tr class=\"row-336\">\n\t<td class=\"column-1\">358\/2021<\/td><td class=\"column-2\">358\/2021<\/td><td class=\"column-3\">25\/05\/2021<\/td><td class=\"column-4\">25\/05\/2021<\/td><td class=\"column-5\">Preg\u00e3o Eletr\u00f4nico<\/td><td class=\"column-6\">Menor Pre\u00e7o (Maior Desconto)<\/td><td class=\"column-7\">REGISTRO DE PRE\u00c7OS PARA FUTURA CONTRATA\u00c7\u00c3O DE EMPRESA PARA FORNECIMENTO DE COMBUST\u00cdVEIS VEICULARES (GASOLINA COMUM, DIESEL COMUM E DIESEL S10).<\/td><td class=\"column-8\">R$ 2.748.233,28<\/td><td class=\"column-9\">AUTO POSTO S\u00c3O TOM\u00c9 LTDA<\/td><td class=\"column-10\">AUTO POSTO S\u00c3O TOM\u00c9 LTDA<\/td><td class=\"column-11\">04.839.900\/0007-73<\/td><td class=\"column-12\">R$ 2.748.233,28<\/td><td class=\"column-13\">Encerrada<\/td><td class=\"column-14\">020091206001\/2021\t<\/td><td class=\"column-15\">06\/12\/2021<\/td><td class=\"column-16\"><\/td><td class=\"column-17\"><\/td>\n<\/tr>\n<tr class=\"row-337\">\n\t<td class=\"column-1\">358\/2021<\/td><td class=\"column-2\">358\/2021<\/td><td class=\"column-3\">25\/05\/2021<\/td><td class=\"column-4\">25\/05\/2021<\/td><td class=\"column-5\">Preg\u00e3o Eletr\u00f4nico<\/td><td class=\"column-6\">Menor Pre\u00e7o (Maior Desconto)<\/td><td class=\"column-7\">REGISTRO DE PRE\u00c7OS PARA FUTURA CONTRATA\u00c7\u00c3O DE EMPRESA PARA FORNECIMENTO DE COMBUST\u00cdVEIS VEICULARES (GASOLINA COMUM, DIESEL COMUM E DIESEL S10).<\/td><td class=\"column-8\">R$ 2.748.233,28<\/td><td class=\"column-9\">AUTO POSTO S\u00c3O TOM\u00c9 LTDA<\/td><td class=\"column-10\">AUTO POSTO S\u00c3O TOM\u00c9 LTDA<\/td><td class=\"column-11\">04.839.900\/0007-73<\/td><td class=\"column-12\">R$ 2.748.233,28<\/td><td class=\"column-13\">Encerrada<\/td><td class=\"column-14\">030011230001\/2021\t<\/td><td class=\"column-15\">30\/12\/2021<\/td><td class=\"column-16\"><\/td><td class=\"column-17\"><\/td>\n<\/tr>\n<tr class=\"row-338\">\n\t<td class=\"column-1\">358\/2021<\/td><td class=\"column-2\">358\/2021<\/td><td class=\"column-3\">25\/05\/2021<\/td><td class=\"column-4\">25\/05\/2021<\/td><td class=\"column-5\">Preg\u00e3o Eletr\u00f4nico<\/td><td class=\"column-6\">Menor Pre\u00e7o (Maior Desconto)<\/td><td class=\"column-7\">REGISTRO DE PRE\u00c7OS PARA FUTURA CONTRATA\u00c7\u00c3O DE EMPRESA PARA FORNECIMENTO DE COMBUST\u00cdVEIS VEICULARES (GASOLINA COMUM, DIESEL COMUM E DIESEL S10).<\/td><td class=\"column-8\">R$ 2.748.233,28<\/td><td class=\"column-9\">AUTO POSTO S\u00c3O TOM\u00c9 LTDA<\/td><td class=\"column-10\">AUTO POSTO S\u00c3O TOM\u00c9 LTDA<\/td><td class=\"column-11\">04.839.900\/0007-73<\/td><td class=\"column-12\">R$ 2.748.233,28<\/td><td class=\"column-13\">Encerrada<\/td><td class=\"column-14\">020041230001\/2021\t<\/td><td class=\"column-15\">30\/12\/2021<\/td><td class=\"column-16\"><\/td><td class=\"column-17\"><\/td>\n<\/tr>\n<tr class=\"row-339\">\n\t<td class=\"column-1\">358\/2021<\/td><td class=\"column-2\">358\/2021<\/td><td class=\"column-3\">25\/05\/2021<\/td><td class=\"column-4\">25\/05\/2021<\/td><td class=\"column-5\">Preg\u00e3o Eletr\u00f4nico<\/td><td class=\"column-6\">Menor Pre\u00e7o (Maior Desconto)<\/td><td class=\"column-7\">REGISTRO DE PRE\u00c7OS PARA FUTURA CONTRATA\u00c7\u00c3O DE EMPRESA PARA FORNECIMENTO DE COMBUST\u00cdVEIS VEICULARES (GASOLINA COMUM, DIESEL COMUM E DIESEL S10).<\/td><td class=\"column-8\">R$ 2.748.233,28<\/td><td class=\"column-9\">AUTO POSTO S\u00c3O TOM\u00c9 LTDA<\/td><td class=\"column-10\">AUTO POSTO S\u00c3O TOM\u00c9 LTDA<\/td><td class=\"column-11\">04.839.900\/0007-73<\/td><td class=\"column-12\">R$ 2.748.233,28<\/td><td class=\"column-13\">Encerrada<\/td><td class=\"column-14\">030011105002\/2021\t<\/td><td class=\"column-15\">05\/11\/2021<\/td><td class=\"column-16\"><\/td><td class=\"column-17\"><\/td>\n<\/tr>\n<tr class=\"row-340\">\n\t<td class=\"column-1\">358\/2021<\/td><td class=\"column-2\">358\/2021<\/td><td class=\"column-3\">25\/05\/2021<\/td><td class=\"column-4\">25\/05\/2021<\/td><td class=\"column-5\">Preg\u00e3o Eletr\u00f4nico<\/td><td class=\"column-6\">Menor Pre\u00e7o (Maior Desconto)<\/td><td class=\"column-7\">REGISTRO DE PRE\u00c7OS PARA FUTURA CONTRATA\u00c7\u00c3O DE EMPRESA PARA FORNECIMENTO DE COMBUST\u00cdVEIS VEICULARES (GASOLINA COMUM, DIESEL COMUM E DIESEL S10).<\/td><td class=\"column-8\">R$ 2.748.233,28<\/td><td class=\"column-9\">AUTO POSTO S\u00c3O TOM\u00c9 LTDA<\/td><td class=\"column-10\">AUTO POSTO S\u00c3O TOM\u00c9 LTDA<\/td><td class=\"column-11\">04.839.900\/0007-73<\/td><td class=\"column-12\">R$ 2.748.233,28<\/td><td class=\"column-13\">Encerrada<\/td><td class=\"column-14\">040011104001\/2021\t<\/td><td class=\"column-15\">04\/11\/2021<\/td><td class=\"column-16\"><\/td><td class=\"column-17\"><\/td>\n<\/tr>\n<tr class=\"row-341\">\n\t<td class=\"column-1\">358\/2021<\/td><td class=\"column-2\">358\/2021<\/td><td class=\"column-3\">25\/05\/2021<\/td><td class=\"column-4\">25\/05\/2021<\/td><td class=\"column-5\">Preg\u00e3o Eletr\u00f4nico<\/td><td class=\"column-6\">Menor Pre\u00e7o (Maior Desconto)<\/td><td class=\"column-7\">REGISTRO DE PRE\u00c7OS PARA FUTURA CONTRATA\u00c7\u00c3O DE EMPRESA PARA FORNECIMENTO DE COMBUST\u00cdVEIS VEICULARES (GASOLINA COMUM, DIESEL COMUM E DIESEL S10).<\/td><td class=\"column-8\">R$ 2.748.233,28<\/td><td class=\"column-9\">AUTO POSTO S\u00c3O TOM\u00c9 LTDA<\/td><td class=\"column-10\">AUTO POSTO S\u00c3O TOM\u00c9 LTDA<\/td><td class=\"column-11\">04.839.900\/0007-73<\/td><td class=\"column-12\">R$ 2.748.233,28<\/td><td class=\"column-13\">Encerrada<\/td><td class=\"column-14\">020061210002\/2021\t<\/td><td class=\"column-15\">06\/12\/2021<\/td><td class=\"column-16\"><\/td><td class=\"column-17\"><\/td>\n<\/tr>\n<tr class=\"row-342\">\n\t<td class=\"column-1\">358\/2021<\/td><td class=\"column-2\">358\/2021<\/td><td class=\"column-3\">25\/05\/2021<\/td><td class=\"column-4\">25\/05\/2021<\/td><td class=\"column-5\">Preg\u00e3o Eletr\u00f4nico<\/td><td class=\"column-6\">Menor Pre\u00e7o (Maior Desconto)<\/td><td class=\"column-7\">REGISTRO DE PRE\u00c7OS PARA FUTURA CONTRATA\u00c7\u00c3O DE EMPRESA PARA FORNECIMENTO DE COMBUST\u00cdVEIS VEICULARES (GASOLINA COMUM, DIESEL COMUM E DIESEL S10).<\/td><td class=\"column-8\">R$ 2.748.233,28<\/td><td class=\"column-9\">AUTO POSTO S\u00c3O TOM\u00c9 LTDA<\/td><td class=\"column-10\">AUTO POSTO S\u00c3O TOM\u00c9 LTDA<\/td><td class=\"column-11\">04.839.900\/0007-73<\/td><td class=\"column-12\">R$ 2.748.233,28<\/td><td class=\"column-13\">Encerrada<\/td><td class=\"column-14\">030011209001\/2021\t<\/td><td class=\"column-15\">06\/12\/2021<\/td><td class=\"column-16\"><\/td><td class=\"column-17\"><\/td>\n<\/tr>\n<tr class=\"row-343\">\n\t<td class=\"column-1\">358\/2021<\/td><td class=\"column-2\">358\/2021<\/td><td class=\"column-3\">25\/05\/2021<\/td><td class=\"column-4\">25\/05\/2021<\/td><td class=\"column-5\">Preg\u00e3o Eletr\u00f4nico<\/td><td class=\"column-6\">Menor Pre\u00e7o (Maior Desconto)<\/td><td class=\"column-7\">REGISTRO DE PRE\u00c7OS PARA FUTURA CONTRATA\u00c7\u00c3O DE EMPRESA PARA FORNECIMENTO DE COMBUST\u00cdVEIS VEICULARES (GASOLINA COMUM, DIESEL COMUM E DIESEL S10).<\/td><td class=\"column-8\">R$ 2.748.233,28<\/td><td class=\"column-9\">AUTO POSTO S\u00c3O TOM\u00c9 LTDA<\/td><td class=\"column-10\">AUTO POSTO S\u00c3O TOM\u00c9 LTDA<\/td><td class=\"column-11\">04.839.900\/0007-73<\/td><td class=\"column-12\">R$ 2.748.233,28<\/td><td class=\"column-13\">Encerrada<\/td><td class=\"column-14\">040011206001\/2021\t<\/td><td class=\"column-15\">06\/12\/2021<\/td><td class=\"column-16\"><\/td><td class=\"column-17\"><\/td>\n<\/tr>\n<tr class=\"row-344\">\n\t<td class=\"column-1\">358\/2021<\/td><td class=\"column-2\">358\/2021<\/td><td class=\"column-3\">25\/05\/2021<\/td><td class=\"column-4\">25\/05\/2021<\/td><td class=\"column-5\">Preg\u00e3o Eletr\u00f4nico<\/td><td class=\"column-6\">Menor Pre\u00e7o (Maior Desconto)<\/td><td class=\"column-7\">REGISTRO DE PRE\u00c7OS PARA FUTURA CONTRATA\u00c7\u00c3O DE EMPRESA PARA FORNECIMENTO DE COMBUST\u00cdVEIS VEICULARES (GASOLINA COMUM, DIESEL COMUM E DIESEL S10).<\/td><td class=\"column-8\">R$ 2.748.233,28<\/td><td class=\"column-9\">AUTO POSTO S\u00c3O TOM\u00c9 LTDA<\/td><td class=\"column-10\">AUTO POSTO S\u00c3O TOM\u00c9 LTDA<\/td><td class=\"column-11\">04.839.900\/0007-73<\/td><td class=\"column-12\">R$ 2.748.233,28<\/td><td class=\"column-13\">Encerrada<\/td><td class=\"column-14\">020021209001\/2021\t<\/td><td class=\"column-15\">09\/12\/2021<\/td><td class=\"column-16\"><\/td><td class=\"column-17\"><\/td>\n<\/tr>\n<tr class=\"row-345\">\n\t<td class=\"column-1\">358\/2021<\/td><td class=\"column-2\">358\/2021<\/td><td class=\"column-3\">25\/05\/2021<\/td><td class=\"column-4\">25\/05\/2021<\/td><td class=\"column-5\">Preg\u00e3o Eletr\u00f4nico<\/td><td class=\"column-6\">Menor Pre\u00e7o (Maior Desconto)<\/td><td class=\"column-7\">REGISTRO DE PRE\u00c7OS PARA FUTURA CONTRATA\u00c7\u00c3O DE EMPRESA PARA FORNECIMENTO DE COMBUST\u00cdVEIS VEICULARES (GASOLINA COMUM, DIESEL COMUM E DIESEL S10).<\/td><td class=\"column-8\">R$ 2.748.233,28<\/td><td class=\"column-9\">AUTO POSTO S\u00c3O TOM\u00c9 LTDA<\/td><td class=\"column-10\">AUTO POSTO S\u00c3O TOM\u00c9 LTDA<\/td><td class=\"column-11\">04.839.900\/0007-73<\/td><td class=\"column-12\">R$ 2.748.233,28<\/td><td class=\"column-13\">Encerrada<\/td><td class=\"column-14\">02006527003\/2021\t<\/td><td class=\"column-15\">27\/05\/2021<\/td><td class=\"column-16\"><\/td><td class=\"column-17\"><\/td>\n<\/tr>\n<tr class=\"row-346\">\n\t<td class=\"column-1\">358\/2021<\/td><td class=\"column-2\">358\/2021<\/td><td class=\"column-3\">25\/05\/2021<\/td><td class=\"column-4\">25\/05\/2021<\/td><td class=\"column-5\">Preg\u00e3o Eletr\u00f4nico<\/td><td class=\"column-6\">Menor Pre\u00e7o (Maior Desconto)<\/td><td class=\"column-7\">REGISTRO DE PRE\u00c7OS PARA FUTURA CONTRATA\u00c7\u00c3O DE EMPRESA PARA FORNECIMENTO DE COMBUST\u00cdVEIS VEICULARES (GASOLINA COMUM, DIESEL COMUM E DIESEL S10).<\/td><td class=\"column-8\">R$ 2.748.233,28<\/td><td class=\"column-9\">AUTO POSTO S\u00c3O TOM\u00c9 LTDA<\/td><td class=\"column-10\">AUTO POSTO S\u00c3O TOM\u00c9 LTDA<\/td><td class=\"column-11\">04.839.900\/0007-73<\/td><td class=\"column-12\">R$ 2.748.233,28<\/td><td class=\"column-13\">Encerrada<\/td><td class=\"column-14\">02004616003\/2021\t<\/td><td class=\"column-15\">15\/06\/2021<\/td><td class=\"column-16\"><\/td><td class=\"column-17\"><\/td>\n<\/tr>\n<tr class=\"row-347\">\n\t<td class=\"column-1\">358\/2021<\/td><td class=\"column-2\">358\/2021<\/td><td class=\"column-3\">25\/05\/2021<\/td><td class=\"column-4\">25\/05\/2021<\/td><td class=\"column-5\">Preg\u00e3o Eletr\u00f4nico<\/td><td class=\"column-6\">Menor Pre\u00e7o (Maior Desconto)<\/td><td class=\"column-7\">REGISTRO DE PRE\u00c7OS PARA FUTURA CONTRATA\u00c7\u00c3O DE EMPRESA PARA FORNECIMENTO DE COMBUST\u00cdVEIS VEICULARES (GASOLINA COMUM, DIESEL COMUM E DIESEL S10).<\/td><td class=\"column-8\">R$ 2.748.233,28<\/td><td class=\"column-9\">AUTO POSTO S\u00c3O TOM\u00c9 LTDA<\/td><td class=\"column-10\">AUTO POSTO S\u00c3O TOM\u00c9 LTDA<\/td><td class=\"column-11\">04.839.900\/0007-73<\/td><td class=\"column-12\">R$ 2.748.233,28<\/td><td class=\"column-13\">Encerrada<\/td><td class=\"column-14\">020021105001\/2021\t<\/td><td class=\"column-15\">05\/11\/2021<\/td><td class=\"column-16\"><\/td><td class=\"column-17\"><\/td>\n<\/tr>\n<tr class=\"row-348\">\n\t<td class=\"column-1\">358\/2021<\/td><td class=\"column-2\">358\/2021<\/td><td class=\"column-3\">25\/05\/2021<\/td><td class=\"column-4\">25\/05\/2021<\/td><td class=\"column-5\">Preg\u00e3o Eletr\u00f4nico<\/td><td class=\"column-6\">Menor Pre\u00e7o (Maior Desconto)<\/td><td class=\"column-7\">REGISTRO DE PRE\u00c7OS PARA FUTURA CONTRATA\u00c7\u00c3O DE EMPRESA PARA FORNECIMENTO DE COMBUST\u00cdVEIS VEICULARES (GASOLINA COMUM, DIESEL COMUM E DIESEL S10).<\/td><td class=\"column-8\">R$ 2.748.233,28<\/td><td class=\"column-9\">AUTO POSTO S\u00c3O TOM\u00c9 LTDA<\/td><td class=\"column-10\">AUTO POSTO S\u00c3O TOM\u00c9 LTDA<\/td><td class=\"column-11\">04.839.900\/0007-73<\/td><td class=\"column-12\">R$ 2.748.233,28<\/td><td class=\"column-13\">Encerrada<\/td><td class=\"column-14\">020021105002\/2021\t<\/td><td class=\"column-15\">05\/11\/2021<\/td><td class=\"column-16\"><\/td><td class=\"column-17\"><\/td>\n<\/tr>\n<tr class=\"row-349\">\n\t<td class=\"column-1\">358\/2021<\/td><td class=\"column-2\">358\/2021<\/td><td class=\"column-3\">25\/05\/2021<\/td><td class=\"column-4\">25\/05\/2021<\/td><td class=\"column-5\">Preg\u00e3o Eletr\u00f4nico<\/td><td class=\"column-6\">Menor Pre\u00e7o (Maior Desconto)<\/td><td class=\"column-7\">REGISTRO DE PRE\u00c7OS PARA FUTURA CONTRATA\u00c7\u00c3O DE EMPRESA PARA FORNECIMENTO DE COMBUST\u00cdVEIS VEICULARES (GASOLINA COMUM, DIESEL COMUM E DIESEL S10).<\/td><td class=\"column-8\">R$ 2.748.233,28<\/td><td class=\"column-9\">AUTO POSTO S\u00c3O TOM\u00c9 LTDA<\/td><td class=\"column-10\">AUTO POSTO S\u00c3O TOM\u00c9 LTDA<\/td><td class=\"column-11\">04.839.900\/0007-73<\/td><td class=\"column-12\">R$ 2.748.233,28<\/td><td class=\"column-13\">Encerrada<\/td><td class=\"column-14\">020081105001\/2021\t<\/td><td class=\"column-15\">05\/11\/2021<\/td><td class=\"column-16\"><\/td><td class=\"column-17\"><\/td>\n<\/tr>\n<tr class=\"row-350\">\n\t<td class=\"column-1\">358\/2021<\/td><td class=\"column-2\">358\/2021<\/td><td class=\"column-3\">25\/05\/2021<\/td><td class=\"column-4\">25\/05\/2021<\/td><td class=\"column-5\">Preg\u00e3o Eletr\u00f4nico<\/td><td class=\"column-6\">Menor Pre\u00e7o (Maior Desconto)<\/td><td class=\"column-7\">REGISTRO DE PRE\u00c7OS PARA FUTURA CONTRATA\u00c7\u00c3O DE EMPRESA PARA FORNECIMENTO DE COMBUST\u00cdVEIS VEICULARES (GASOLINA COMUM, DIESEL COMUM E DIESEL S10).<\/td><td class=\"column-8\">R$ 2.748.233,28<\/td><td class=\"column-9\">AUTO POSTO S\u00c3O TOM\u00c9 LTDA<\/td><td class=\"column-10\">AUTO POSTO S\u00c3O TOM\u00c9 LTDA<\/td><td class=\"column-11\">04.839.900\/0007-73<\/td><td class=\"column-12\">R$ 2.748.233,28<\/td><td class=\"column-13\">Encerrada<\/td><td class=\"column-14\">020091105001\/2021\t<\/td><td class=\"column-15\">05\/11\/2021<\/td><td class=\"column-16\"><\/td><td class=\"column-17\"><\/td>\n<\/tr>\n<tr class=\"row-351\">\n\t<td class=\"column-1\">358\/2021<\/td><td class=\"column-2\">358\/2021<\/td><td class=\"column-3\">25\/05\/2021<\/td><td class=\"column-4\">25\/05\/2021<\/td><td class=\"column-5\">Preg\u00e3o Eletr\u00f4nico<\/td><td class=\"column-6\">Menor Pre\u00e7o (Maior Desconto)<\/td><td class=\"column-7\">REGISTRO DE PRE\u00c7OS PARA FUTURA CONTRATA\u00c7\u00c3O DE EMPRESA PARA FORNECIMENTO DE COMBUST\u00cdVEIS VEICULARES (GASOLINA COMUM, DIESEL COMUM E DIESEL S10).<\/td><td class=\"column-8\">R$ 2.748.233,28<\/td><td class=\"column-9\">AUTO POSTO S\u00c3O TOM\u00c9 LTDA<\/td><td class=\"column-10\">AUTO POSTO S\u00c3O TOM\u00c9 LTDA<\/td><td class=\"column-11\">04.839.900\/0007-73<\/td><td class=\"column-12\">R$ 2.748.233,28<\/td><td class=\"column-13\">Encerrada<\/td><td class=\"column-14\">03001527001\/2021\t<\/td><td class=\"column-15\">27\/05\/2021<\/td><td class=\"column-16\"><\/td><td class=\"column-17\"><\/td>\n<\/tr>\n<tr class=\"row-352\">\n\t<td class=\"column-1\">358\/2021<\/td><td class=\"column-2\">358\/2021<\/td><td class=\"column-3\">25\/05\/2021<\/td><td class=\"column-4\">25\/05\/2021<\/td><td class=\"column-5\">Preg\u00e3o Eletr\u00f4nico<\/td><td class=\"column-6\">Menor Pre\u00e7o (Maior Desconto)<\/td><td class=\"column-7\">REGISTRO DE PRE\u00c7OS PARA FUTURA CONTRATA\u00c7\u00c3O DE EMPRESA PARA FORNECIMENTO DE COMBUST\u00cdVEIS VEICULARES (GASOLINA COMUM, DIESEL COMUM E DIESEL S10).<\/td><td class=\"column-8\">R$ 2.748.233,28<\/td><td class=\"column-9\">AUTO POSTO S\u00c3O TOM\u00c9 LTDA<\/td><td class=\"column-10\">AUTO POSTO S\u00c3O TOM\u00c9 LTDA<\/td><td class=\"column-11\">04.839.900\/0007-73<\/td><td class=\"column-12\">R$ 2.748.233,28<\/td><td class=\"column-13\">Encerrada<\/td><td class=\"column-14\">02008527001\/2021\t<\/td><td class=\"column-15\">27\/05\/2021<\/td><td class=\"column-16\"><\/td><td class=\"column-17\"><\/td>\n<\/tr>\n<tr class=\"row-353\">\n\t<td class=\"column-1\">358\/2021<\/td><td class=\"column-2\">358\/2021<\/td><td class=\"column-3\">25\/05\/2021<\/td><td class=\"column-4\">25\/05\/2021<\/td><td class=\"column-5\">Preg\u00e3o Eletr\u00f4nico<\/td><td class=\"column-6\">Menor Pre\u00e7o (Maior Desconto)<\/td><td class=\"column-7\">REGISTRO DE PRE\u00c7OS PARA FUTURA CONTRATA\u00c7\u00c3O DE EMPRESA PARA FORNECIMENTO DE COMBUST\u00cdVEIS VEICULARES (GASOLINA COMUM, DIESEL COMUM E DIESEL S10).<\/td><td class=\"column-8\">R$ 2.748.233,28<\/td><td class=\"column-9\">AUTO POSTO S\u00c3O TOM\u00c9 LTDA<\/td><td class=\"column-10\">AUTO POSTO S\u00c3O TOM\u00c9 LTDA<\/td><td class=\"column-11\">04.839.900\/0007-73<\/td><td class=\"column-12\">R$ 2.748.233,28<\/td><td class=\"column-13\">Encerrada<\/td><td class=\"column-14\">02002527002\/2021\t<\/td><td class=\"column-15\">27\/05\/2021<\/td><td class=\"column-16\"><\/td><td class=\"column-17\"><\/td>\n<\/tr>\n<tr class=\"row-354\">\n\t<td class=\"column-1\">358\/2021<\/td><td class=\"column-2\">358\/2021<\/td><td class=\"column-3\">25\/05\/2021<\/td><td class=\"column-4\">25\/05\/2021<\/td><td class=\"column-5\">Preg\u00e3o Eletr\u00f4nico<\/td><td class=\"column-6\">Menor Pre\u00e7o (Maior Desconto)<\/td><td class=\"column-7\">REGISTRO DE PRE\u00c7OS PARA FUTURA CONTRATA\u00c7\u00c3O DE EMPRESA PARA FORNECIMENTO DE COMBUST\u00cdVEIS VEICULARES (GASOLINA COMUM, DIESEL COMUM E DIESEL S10).<\/td><td class=\"column-8\">R$ 2.748.233,28<\/td><td class=\"column-9\">AUTO POSTO S\u00c3O TOM\u00c9 LTDA<\/td><td class=\"column-10\">AUTO POSTO S\u00c3O TOM\u00c9 LTDA<\/td><td class=\"column-11\">04.839.900\/0007-73<\/td><td class=\"column-12\">R$ 2.748.233,28<\/td><td class=\"column-13\">Encerrada<\/td><td class=\"column-14\">02004527001\/2021\t<\/td><td class=\"column-15\">27\/05\/2021<\/td><td class=\"column-16\"><\/td><td class=\"column-17\"><\/td>\n<\/tr>\n<tr class=\"row-355\">\n\t<td class=\"column-1\">358\/2021<\/td><td class=\"column-2\">358\/2021<\/td><td class=\"column-3\">25\/05\/2021<\/td><td class=\"column-4\">25\/05\/2021<\/td><td class=\"column-5\">Preg\u00e3o Eletr\u00f4nico<\/td><td class=\"column-6\">Menor Pre\u00e7o (Maior Desconto)<\/td><td class=\"column-7\">REGISTRO DE PRE\u00c7OS PARA FUTURA CONTRATA\u00c7\u00c3O DE EMPRESA PARA FORNECIMENTO DE COMBUST\u00cdVEIS VEICULARES (GASOLINA COMUM, DIESEL COMUM E DIESEL S10).<\/td><td class=\"column-8\">R$ 2.748.233,28<\/td><td class=\"column-9\">AUTO POSTO S\u00c3O TOM\u00c9 LTDA<\/td><td class=\"column-10\">AUTO POSTO S\u00c3O TOM\u00c9 LTDA<\/td><td class=\"column-11\">04.839.900\/0007-73<\/td><td class=\"column-12\">R$ 2.748.233,28<\/td><td class=\"column-13\">Encerrada<\/td><td class=\"column-14\">04001527001\/2021\t<\/td><td class=\"column-15\">27\/05\/2021<\/td><td class=\"column-16\"><\/td><td class=\"column-17\"><\/td>\n<\/tr>\n<tr class=\"row-356\">\n\t<td class=\"column-1\">358\/2021<\/td><td class=\"column-2\">358\/2021<\/td><td class=\"column-3\">25\/05\/2021<\/td><td class=\"column-4\">25\/05\/2021<\/td><td class=\"column-5\">Preg\u00e3o Eletr\u00f4nico<\/td><td class=\"column-6\">Menor Pre\u00e7o (Maior Desconto)<\/td><td class=\"column-7\">REGISTRO DE PRE\u00c7OS PARA FUTURA CONTRATA\u00c7\u00c3O DE EMPRESA PARA FORNECIMENTO DE COMBUST\u00cdVEIS VEICULARES (GASOLINA COMUM, DIESEL COMUM E DIESEL S10).<\/td><td class=\"column-8\">R$ 2.748.233,28<\/td><td class=\"column-9\">AUTO POSTO S\u00c3O TOM\u00c9 LTDA<\/td><td class=\"column-10\">AUTO POSTO S\u00c3O TOM\u00c9 LTDA<\/td><td class=\"column-11\">04.839.900\/0007-73<\/td><td class=\"column-12\">R$ 2.748.233,28<\/td><td class=\"column-13\">Encerrada<\/td><td class=\"column-14\">02006527002\/2021\t<\/td><td class=\"column-15\">27\/05\/2021<\/td><td class=\"column-16\"><\/td><td class=\"column-17\"><\/td>\n<\/tr>\n<tr class=\"row-357\">\n\t<td class=\"column-1\">369\/2021<\/td><td class=\"column-2\">369\/2021<\/td><td class=\"column-3\"><\/td><td class=\"column-4\">20\/05\/2021<\/td><td class=\"column-5\">Dispensa<\/td><td class=\"column-6\">Menor Pre\u00e7o Por Item<\/td><td class=\"column-7\">CONTRATA\u00c7\u00c3O DE EMPRESA ESPECIALIZADA EM PRESTA\u00c7\u00c3O DE SERVI\u00c7O DE PUBLICIDADE EM JORNAL DE GRANDE CIRCULA\u00c7\u00c3O E NO DI\u00c1RIO OFICIAL DA UNI\u00c3O \u2013 DOU.<\/td><td class=\"column-8\">R$ 16.600,00<\/td><td class=\"column-9\">SEC NATAL DISTRIBUIDORA DE JONAIS E PUBLICA\u00c7\u00d5ES LTDA, SEC PUBLICIDADE LTDA-EPP, SIC DISTRIBUIDORA DE JORNAIS E PUBLICA\u00c7OES LTDA<\/td><td class=\"column-10\">SEC PUBLICIDADE LTDA-EPP<\/td><td class=\"column-11\">08.381.234\/0001-38<\/td><td class=\"column-12\">R$ 16.600,00<\/td><td class=\"column-13\">Encerrada<\/td><td class=\"column-14\">02002521002\/2021\t<\/td><td class=\"column-15\">21\/05\/2021<\/td><td class=\"column-16\">50\/2021\t<\/td><td class=\"column-17\">25\/05\/2021<\/td>\n<\/tr>\n<tr class=\"row-358\">\n\t<td class=\"column-1\">381\/2021<\/td><td class=\"column-2\">381\/2021<\/td><td class=\"column-3\"><\/td><td class=\"column-4\">19\/05\/2021<\/td><td class=\"column-5\">Inexigibilidade<\/td><td class=\"column-6\">Menor Pre\u00e7o Global<\/td><td class=\"column-7\">CONTRATA\u00c7\u00c3O DE EMPRESA ESPECIALIZADA NO FORNECIMENTO DE ASSINATURA DE FERRAMENTA DE PESQUISA E COMPARA\u00c7\u00c3O DE PRE\u00c7OS PRATICADOS PELA ADMINISTRA\u00c7\u00c3O P\u00daBLICA.<\/td><td class=\"column-8\">R$ 9.875,00<\/td><td class=\"column-9\">NP TECNOLOGIA E GEST\u00c3O DE DADOS LTDA<\/td><td class=\"column-10\">NP TECNOLOGIA E GEST\u00c3O DE DADOS LTDA<\/td><td class=\"column-11\">07.797.967\/0001-95<\/td><td class=\"column-12\">R$ 9.875,00<\/td><td class=\"column-13\">Encerrada<\/td><td class=\"column-14\">02002521001\/2021\t<\/td><td class=\"column-15\">25\/05\/2021<\/td><td class=\"column-16\">51\/2021\t<\/td><td class=\"column-17\">25\/05\/2021<\/td>\n<\/tr>\n<tr class=\"row-359\">\n\t<td class=\"column-1\">402\/2021<\/td><td class=\"column-2\">402\/2021<\/td><td class=\"column-3\">14\/06\/2021<\/td><td class=\"column-4\">14\/06\/2021<\/td><td class=\"column-5\">Preg\u00e3o\/Ades\u00e3o<\/td><td class=\"column-6\">Menor Pre\u00e7o Por Item<\/td><td class=\"column-7\">REGISTRO DE PRE\u00c7OS PARA FUTURA CONTRATA\u00c7\u00c3O DE EMPRESA ESPECIALIZADA NA PRESTA\u00c7\u00c3O DOS SERVI\u00c7OS DE LOCA\u00c7\u00c3O, MONTAGEM E DESMONTAGEM DE ESTRUTURAS DIVERSAS DE ACORDO COM O TERMO DE REFER\u00caNCIA PARA ATENDER AS DEMANDAS DA SECRETARIA MUNICIPAL DE TRABALHO, HABITA\u00c7\u00c3O E ASSIST\u00caNCIA SOCIAL.<\/td><td class=\"column-8\">R$ 309.829,05<\/td><td class=\"column-9\">JUSSIER VIEIRA DE MELO - ME<\/td><td class=\"column-10\">JUSSIER VIEIRA DE MELO - ME<\/td><td class=\"column-11\">14.240.361\/0001-10<\/td><td class=\"column-12\">R$ 269.325,00<\/td><td class=\"column-13\">Encerrada<\/td><td class=\"column-14\">03001614001\/2021\t<\/td><td class=\"column-15\">14\/06\/2021<\/td><td class=\"column-16\">56\/2021\t<\/td><td class=\"column-17\">14\/06\/2021<\/td>\n<\/tr>\n<tr class=\"row-360\">\n\t<td class=\"column-1\">402\/2021<\/td><td class=\"column-2\">402\/2021<\/td><td class=\"column-3\">14\/06\/2021<\/td><td class=\"column-4\">14\/06\/2021<\/td><td class=\"column-5\">Preg\u00e3o\/Ades\u00e3o<\/td><td class=\"column-6\">Menor Pre\u00e7o Por Item<\/td><td class=\"column-7\">REGISTRO DE PRE\u00c7OS PARA FUTURA CONTRATA\u00c7\u00c3O DE EMPRESA ESPECIALIZADA NA PRESTA\u00c7\u00c3O DOS SERVI\u00c7OS DE LOCA\u00c7\u00c3O, MONTAGEM E DESMONTAGEM DE ESTRUTURAS DIVERSAS DE ACORDO COM O TERMO DE REFER\u00caNCIA PARA ATENDER AS DEMANDAS DA SECRETARIA MUNICIPAL DE TRABALHO, HABITA\u00c7\u00c3O E ASSIST\u00caNCIA SOCIAL.<\/td><td class=\"column-8\">R$ 309.829,05<\/td><td class=\"column-9\">JUSSIER VIEIRA DE MELO - ME<\/td><td class=\"column-10\">JUSSIER VIEIRA DE MELO - ME<\/td><td class=\"column-11\">14.240.361\/0001-10<\/td><td class=\"column-12\">R$ 269.325,00<\/td><td class=\"column-13\">Encerrada<\/td><td class=\"column-14\">02002614001\/2021\t<\/td><td class=\"column-15\">14\/06\/2021<\/td><td class=\"column-16\">56\/2021\t<\/td><td class=\"column-17\">14\/06\/2021<\/td>\n<\/tr>\n<tr class=\"row-361\">\n\t<td class=\"column-1\">402\/2021<\/td><td class=\"column-2\">402\/2021<\/td><td class=\"column-3\">14\/06\/2021<\/td><td class=\"column-4\">14\/06\/2021<\/td><td class=\"column-5\">Preg\u00e3o\/Ades\u00e3o<\/td><td class=\"column-6\">Menor Pre\u00e7o Por Item<\/td><td class=\"column-7\">REGISTRO DE PRE\u00c7OS PARA FUTURA CONTRATA\u00c7\u00c3O DE EMPRESA ESPECIALIZADA NA PRESTA\u00c7\u00c3O DOS SERVI\u00c7OS DE LOCA\u00c7\u00c3O, MONTAGEM E DESMONTAGEM DE ESTRUTURAS DIVERSAS DE ACORDO COM O TERMO DE REFER\u00caNCIA PARA ATENDER AS DEMANDAS DA SECRETARIA MUNICIPAL DE TRABALHO, HABITA\u00c7\u00c3O E ASSIST\u00caNCIA SOCIAL.<\/td><td class=\"column-8\">R$ 309.829,05<\/td><td class=\"column-9\">JUSSIER VIEIRA DE MELO - ME<\/td><td class=\"column-10\">JUSSIER VIEIRA DE MELO - ME<\/td><td class=\"column-11\">14.240.361\/0001-10<\/td><td class=\"column-12\">R$ 269.325,00<\/td><td class=\"column-13\">Encerrada<\/td><td class=\"column-14\">04001614001\/2021\t<\/td><td class=\"column-15\">14\/06\/2021<\/td><td class=\"column-16\">56\/2021\t<\/td><td class=\"column-17\">14\/06\/2021<\/td>\n<\/tr>\n<tr class=\"row-362\">\n\t<td class=\"column-1\">402\/2021<\/td><td class=\"column-2\">402\/2021<\/td><td class=\"column-3\">14\/06\/2021<\/td><td class=\"column-4\">14\/06\/2021<\/td><td class=\"column-5\">Preg\u00e3o\/Ades\u00e3o<\/td><td class=\"column-6\">Menor Pre\u00e7o Por Item<\/td><td class=\"column-7\">REGISTRO DE PRE\u00c7OS PARA FUTURA CONTRATA\u00c7\u00c3O DE EMPRESA ESPECIALIZADA NA PRESTA\u00c7\u00c3O DOS SERVI\u00c7OS DE LOCA\u00c7\u00c3O, MONTAGEM E DESMONTAGEM DE ESTRUTURAS DIVERSAS DE ACORDO COM O TERMO DE REFER\u00caNCIA PARA ATENDER AS DEMANDAS DA SECRETARIA MUNICIPAL DE TRABALHO, HABITA\u00c7\u00c3O E ASSIST\u00caNCIA SOCIAL.<\/td><td class=\"column-8\">R$ 309.829,05<\/td><td class=\"column-9\">JUSSIER VIEIRA DE MELO - ME<\/td><td class=\"column-10\">JUSSIER VIEIRA DE MELO - ME<\/td><td class=\"column-11\">14.240.361\/0001-10<\/td><td class=\"column-12\">R$ 269.325,00<\/td><td class=\"column-13\">Encerrada<\/td><td class=\"column-14\">03001901019\/2021\t<\/td><td class=\"column-15\">01\/09\/2021<\/td><td class=\"column-16\">56\/2021\t<\/td><td class=\"column-17\">14\/06\/2021<\/td>\n<\/tr>\n<tr class=\"row-363\">\n\t<td class=\"column-1\">402\/2021<\/td><td class=\"column-2\">402\/2021<\/td><td class=\"column-3\">14\/06\/2021<\/td><td class=\"column-4\">14\/06\/2021<\/td><td class=\"column-5\">Preg\u00e3o\/Ades\u00e3o<\/td><td class=\"column-6\">Menor Pre\u00e7o Por Item<\/td><td class=\"column-7\">REGISTRO DE PRE\u00c7OS PARA FUTURA CONTRATA\u00c7\u00c3O DE EMPRESA ESPECIALIZADA NA PRESTA\u00c7\u00c3O DOS SERVI\u00c7OS DE LOCA\u00c7\u00c3O, MONTAGEM E DESMONTAGEM DE ESTRUTURAS DIVERSAS DE ACORDO COM O TERMO DE REFER\u00caNCIA PARA ATENDER AS DEMANDAS DA SECRETARIA MUNICIPAL DE TRABALHO, HABITA\u00c7\u00c3O E ASSIST\u00caNCIA SOCIAL.<\/td><td class=\"column-8\">R$ 309.829,05<\/td><td class=\"column-9\">JUSSIER VIEIRA DE MELO - ME<\/td><td class=\"column-10\">JUSSIER VIEIRA DE MELO - ME<\/td><td class=\"column-11\">14.240.361\/0001-10<\/td><td class=\"column-12\">R$ 269.325,00<\/td><td class=\"column-13\">Encerrada<\/td><td class=\"column-14\">02002901007\/2021\t<\/td><td class=\"column-15\">01\/09\/2021<\/td><td class=\"column-16\">56\/2021\t<\/td><td class=\"column-17\">14\/06\/2021<\/td>\n<\/tr>\n<tr class=\"row-364\">\n\t<td class=\"column-1\">402\/2021<\/td><td class=\"column-2\">402\/2021<\/td><td class=\"column-3\">14\/06\/2021<\/td><td class=\"column-4\">14\/06\/2021<\/td><td class=\"column-5\">Preg\u00e3o\/Ades\u00e3o<\/td><td class=\"column-6\">Menor Pre\u00e7o Por Item<\/td><td class=\"column-7\">REGISTRO DE PRE\u00c7OS PARA FUTURA CONTRATA\u00c7\u00c3O DE EMPRESA ESPECIALIZADA NA PRESTA\u00c7\u00c3O DOS SERVI\u00c7OS DE LOCA\u00c7\u00c3O, MONTAGEM E DESMONTAGEM DE ESTRUTURAS DIVERSAS DE ACORDO COM O TERMO DE REFER\u00caNCIA PARA ATENDER AS DEMANDAS DA SECRETARIA MUNICIPAL DE TRABALHO, HABITA\u00c7\u00c3O E ASSIST\u00caNCIA SOCIAL.<\/td><td class=\"column-8\">R$ 309.829,05<\/td><td class=\"column-9\">JUSSIER VIEIRA DE MELO - ME<\/td><td class=\"column-10\">JUSSIER VIEIRA DE MELO - ME<\/td><td class=\"column-11\">14.240.361\/0001-10<\/td><td class=\"column-12\">R$ 269.325,00<\/td><td class=\"column-13\">Encerrada<\/td><td class=\"column-14\">020041006001\/2021\t<\/td><td class=\"column-15\">06\/10\/2021<\/td><td class=\"column-16\">56\/2021\t<\/td><td class=\"column-17\">14\/06\/2021<\/td>\n<\/tr>\n<tr class=\"row-365\">\n\t<td class=\"column-1\">402\/2021<\/td><td class=\"column-2\">402\/2021<\/td><td class=\"column-3\">14\/06\/2021<\/td><td class=\"column-4\">14\/06\/2021<\/td><td class=\"column-5\">Preg\u00e3o\/Ades\u00e3o<\/td><td class=\"column-6\">Menor Pre\u00e7o Por Item<\/td><td class=\"column-7\">REGISTRO DE PRE\u00c7OS PARA FUTURA CONTRATA\u00c7\u00c3O DE EMPRESA ESPECIALIZADA NA PRESTA\u00c7\u00c3O DOS SERVI\u00c7OS DE LOCA\u00c7\u00c3O, MONTAGEM E DESMONTAGEM DE ESTRUTURAS DIVERSAS DE ACORDO COM O TERMO DE REFER\u00caNCIA PARA ATENDER AS DEMANDAS DA SECRETARIA MUNICIPAL DE TRABALHO, HABITA\u00c7\u00c3O E ASSIST\u00caNCIA SOCIAL.<\/td><td class=\"column-8\">R$ 309.829,05<\/td><td class=\"column-9\">JUSSIER VIEIRA DE MELO - ME<\/td><td class=\"column-10\">JUSSIER VIEIRA DE MELO - ME<\/td><td class=\"column-11\">14.240.361\/0001-10<\/td><td class=\"column-12\">R$ 269.325,00<\/td><td class=\"column-13\">Encerrada<\/td><td class=\"column-14\">020021124001\/2021\t<\/td><td class=\"column-15\">24\/11\/2021<\/td><td class=\"column-16\">56\/2021\t<\/td><td class=\"column-17\">14\/06\/2021<\/td>\n<\/tr>\n<tr class=\"row-366\">\n\t<td class=\"column-1\">402\/2021<\/td><td class=\"column-2\">402\/2021<\/td><td class=\"column-3\">14\/06\/2021<\/td><td class=\"column-4\">14\/06\/2021<\/td><td class=\"column-5\">Preg\u00e3o\/Ades\u00e3o<\/td><td class=\"column-6\">Menor Pre\u00e7o Por Item<\/td><td class=\"column-7\">REGISTRO DE PRE\u00c7OS PARA FUTURA CONTRATA\u00c7\u00c3O DE EMPRESA ESPECIALIZADA NA PRESTA\u00c7\u00c3O DOS SERVI\u00c7OS DE LOCA\u00c7\u00c3O, MONTAGEM E DESMONTAGEM DE ESTRUTURAS DIVERSAS DE ACORDO COM O TERMO DE REFER\u00caNCIA PARA ATENDER AS DEMANDAS DA SECRETARIA MUNICIPAL DE TRABALHO, HABITA\u00c7\u00c3O E ASSIST\u00caNCIA SOCIAL.<\/td><td class=\"column-8\">R$ 309.829,05<\/td><td class=\"column-9\">JUSSIER VIEIRA DE MELO - ME<\/td><td class=\"column-10\">JUSSIER VIEIRA DE MELO - ME<\/td><td class=\"column-11\">14.240.361\/0001-10<\/td><td class=\"column-12\">R$ 269.325,00<\/td><td class=\"column-13\">Encerrada<\/td><td class=\"column-14\">020061213002\/2021\t<\/td><td class=\"column-15\">13\/12\/2021<\/td><td class=\"column-16\">56\/2021\t<\/td><td class=\"column-17\">14\/06\/2021<\/td>\n<\/tr>\n<tr class=\"row-367\">\n\t<td class=\"column-1\">402\/2021<\/td><td class=\"column-2\">402\/2021<\/td><td class=\"column-3\">14\/06\/2021<\/td><td class=\"column-4\">14\/06\/2021<\/td><td class=\"column-5\">Preg\u00e3o\/Ades\u00e3o<\/td><td class=\"column-6\">Menor Pre\u00e7o Por Item<\/td><td class=\"column-7\">REGISTRO DE PRE\u00c7OS PARA FUTURA CONTRATA\u00c7\u00c3O DE EMPRESA ESPECIALIZADA NA PRESTA\u00c7\u00c3O DOS SERVI\u00c7OS DE LOCA\u00c7\u00c3O, MONTAGEM E DESMONTAGEM DE ESTRUTURAS DIVERSAS DE ACORDO COM O TERMO DE REFER\u00caNCIA PARA ATENDER AS DEMANDAS DA SECRETARIA MUNICIPAL DE TRABALHO, HABITA\u00c7\u00c3O E ASSIST\u00caNCIA SOCIAL.<\/td><td class=\"column-8\">R$ 309.829,05<\/td><td class=\"column-9\">JUSSIER VIEIRA DE MELO - ME<\/td><td class=\"column-10\">JUSSIER VIEIRA DE MELO - ME<\/td><td class=\"column-11\">14.240.361\/0001-10<\/td><td class=\"column-12\">R$ 269.325,00<\/td><td class=\"column-13\">Encerrada<\/td><td class=\"column-14\">020081108001\/2021\t<\/td><td class=\"column-15\">08\/11\/2021<\/td><td class=\"column-16\">56\/2021\t<\/td><td class=\"column-17\">14\/06\/2021<\/td>\n<\/tr>\n<tr class=\"row-368\">\n\t<td class=\"column-1\">402\/2021<\/td><td class=\"column-2\">402\/2021<\/td><td class=\"column-3\">14\/06\/2021<\/td><td class=\"column-4\">14\/06\/2021<\/td><td class=\"column-5\">Preg\u00e3o\/Ades\u00e3o<\/td><td class=\"column-6\">Menor Pre\u00e7o Por Item<\/td><td class=\"column-7\">REGISTRO DE PRE\u00c7OS PARA FUTURA CONTRATA\u00c7\u00c3O DE EMPRESA ESPECIALIZADA NA PRESTA\u00c7\u00c3O DOS SERVI\u00c7OS DE LOCA\u00c7\u00c3O, MONTAGEM E DESMONTAGEM DE ESTRUTURAS DIVERSAS DE ACORDO COM O TERMO DE REFER\u00caNCIA PARA ATENDER AS DEMANDAS DA SECRETARIA MUNICIPAL DE TRABALHO, HABITA\u00c7\u00c3O E ASSIST\u00caNCIA SOCIAL.<\/td><td class=\"column-8\">R$ 309.829,05<\/td><td class=\"column-9\">JUSSIER VIEIRA DE MELO - ME<\/td><td class=\"column-10\">JUSSIER VIEIRA DE MELO - ME<\/td><td class=\"column-11\">14.240.361\/0001-10<\/td><td class=\"column-12\">R$ 269.325,00<\/td><td class=\"column-13\">Encerrada<\/td><td class=\"column-14\">020081118001\/2021\t<\/td><td class=\"column-15\">18\/11\/2021<\/td><td class=\"column-16\">56\/2021\t<\/td><td class=\"column-17\">14\/06\/2021<\/td>\n<\/tr>\n<tr class=\"row-369\">\n\t<td class=\"column-1\">402\/2021<\/td><td class=\"column-2\">402\/2021<\/td><td class=\"column-3\">14\/06\/2021<\/td><td class=\"column-4\">14\/06\/2021<\/td><td class=\"column-5\">Preg\u00e3o\/Ades\u00e3o<\/td><td class=\"column-6\">Menor Pre\u00e7o Por Item<\/td><td class=\"column-7\">REGISTRO DE PRE\u00c7OS PARA FUTURA CONTRATA\u00c7\u00c3O DE EMPRESA ESPECIALIZADA NA PRESTA\u00c7\u00c3O DOS SERVI\u00c7OS DE LOCA\u00c7\u00c3O, MONTAGEM E DESMONTAGEM DE ESTRUTURAS DIVERSAS DE ACORDO COM O TERMO DE REFER\u00caNCIA PARA ATENDER AS DEMANDAS DA SECRETARIA MUNICIPAL DE TRABALHO, HABITA\u00c7\u00c3O E ASSIST\u00caNCIA SOCIAL.<\/td><td class=\"column-8\">R$ 309.829,05<\/td><td class=\"column-9\">JUSSIER VIEIRA DE MELO - ME<\/td><td class=\"column-10\">JUSSIER VIEIRA DE MELO - ME<\/td><td class=\"column-11\">14.240.361\/0001-10<\/td><td class=\"column-12\">R$ 269.325,00<\/td><td class=\"column-13\">Encerrada<\/td><td class=\"column-14\">030011122001\/2021\t<\/td><td class=\"column-15\">22\/11\/2021<\/td><td class=\"column-16\">56\/2021\t<\/td><td class=\"column-17\">14\/06\/2021<\/td>\n<\/tr>\n<tr class=\"row-370\">\n\t<td class=\"column-1\">402\/2021<\/td><td class=\"column-2\">402\/2021<\/td><td class=\"column-3\">14\/06\/2021<\/td><td class=\"column-4\">14\/06\/2021<\/td><td class=\"column-5\">Preg\u00e3o\/Ades\u00e3o<\/td><td class=\"column-6\">Menor Pre\u00e7o Por Item<\/td><td class=\"column-7\">REGISTRO DE PRE\u00c7OS PARA FUTURA CONTRATA\u00c7\u00c3O DE EMPRESA ESPECIALIZADA NA PRESTA\u00c7\u00c3O DOS SERVI\u00c7OS DE LOCA\u00c7\u00c3O, MONTAGEM E DESMONTAGEM DE ESTRUTURAS DIVERSAS DE ACORDO COM O TERMO DE REFER\u00caNCIA PARA ATENDER AS DEMANDAS DA SECRETARIA MUNICIPAL DE TRABALHO, HABITA\u00c7\u00c3O E ASSIST\u00caNCIA SOCIAL.<\/td><td class=\"column-8\">R$ 309.829,05<\/td><td class=\"column-9\">JUSSIER VIEIRA DE MELO - ME<\/td><td class=\"column-10\">JUSSIER VIEIRA DE MELO - ME<\/td><td class=\"column-11\">14.240.361\/0001-10<\/td><td class=\"column-12\">R$ 269.325,00<\/td><td class=\"column-13\">Encerrada<\/td><td class=\"column-14\">020041122001\/2021\t<\/td><td class=\"column-15\">22\/11\/2021<\/td><td class=\"column-16\">56\/2021\t<\/td><td class=\"column-17\">14\/06\/2021<\/td>\n<\/tr>\n<tr class=\"row-371\">\n\t<td class=\"column-1\">402\/2021<\/td><td class=\"column-2\">402\/2021<\/td><td class=\"column-3\">14\/06\/2021<\/td><td class=\"column-4\">14\/06\/2021<\/td><td class=\"column-5\">Preg\u00e3o\/Ades\u00e3o<\/td><td class=\"column-6\">Menor Pre\u00e7o Por Item<\/td><td class=\"column-7\">REGISTRO DE PRE\u00c7OS PARA FUTURA CONTRATA\u00c7\u00c3O DE EMPRESA ESPECIALIZADA NA PRESTA\u00c7\u00c3O DOS SERVI\u00c7OS DE LOCA\u00c7\u00c3O, MONTAGEM E DESMONTAGEM DE ESTRUTURAS DIVERSAS DE ACORDO COM O TERMO DE REFER\u00caNCIA PARA ATENDER AS DEMANDAS DA SECRETARIA MUNICIPAL DE TRABALHO, HABITA\u00c7\u00c3O E ASSIST\u00caNCIA SOCIAL.<\/td><td class=\"column-8\">R$ 309.829,05<\/td><td class=\"column-9\">JUSSIER VIEIRA DE MELO - ME<\/td><td class=\"column-10\">JUSSIER VIEIRA DE MELO - ME<\/td><td class=\"column-11\">14.240.361\/0001-10<\/td><td class=\"column-12\">R$ 269.325,00<\/td><td class=\"column-13\">Encerrada<\/td><td class=\"column-14\">020081125002\/2021\t<\/td><td class=\"column-15\">25\/11\/2021<\/td><td class=\"column-16\">56\/2021\t<\/td><td class=\"column-17\">14\/06\/2021<\/td>\n<\/tr>\n<tr class=\"row-372\">\n\t<td class=\"column-1\">402\/2021<\/td><td class=\"column-2\">402\/2021<\/td><td class=\"column-3\">14\/06\/2021<\/td><td class=\"column-4\">14\/06\/2021<\/td><td class=\"column-5\">Preg\u00e3o\/Ades\u00e3o<\/td><td class=\"column-6\">Menor Pre\u00e7o Por Item<\/td><td class=\"column-7\">REGISTRO DE PRE\u00c7OS PARA FUTURA CONTRATA\u00c7\u00c3O DE EMPRESA ESPECIALIZADA NA PRESTA\u00c7\u00c3O DOS SERVI\u00c7OS DE LOCA\u00c7\u00c3O, MONTAGEM E DESMONTAGEM DE ESTRUTURAS DIVERSAS DE ACORDO COM O TERMO DE REFER\u00caNCIA PARA ATENDER AS DEMANDAS DA SECRETARIA MUNICIPAL DE TRABALHO, HABITA\u00c7\u00c3O E ASSIST\u00caNCIA SOCIAL.<\/td><td class=\"column-8\">R$ 309.829,05<\/td><td class=\"column-9\">JUSSIER VIEIRA DE MELO - ME<\/td><td class=\"column-10\">JUSSIER VIEIRA DE MELO - ME<\/td><td class=\"column-11\">14.240.361\/0001-10<\/td><td class=\"column-12\">R$ 269.325,00<\/td><td class=\"column-13\">Encerrada<\/td><td class=\"column-14\">020081126007\/2021\t<\/td><td class=\"column-15\">26\/11\/2021<\/td><td class=\"column-16\">56\/2021\t<\/td><td class=\"column-17\">14\/06\/2021<\/td>\n<\/tr>\n<tr class=\"row-373\">\n\t<td class=\"column-1\">403\/2021<\/td><td class=\"column-2\">403\/2021<\/td><td class=\"column-3\"><\/td><td class=\"column-4\">27\/05\/2021<\/td><td class=\"column-5\">Dispensa<\/td><td class=\"column-6\">Menor Pre\u00e7o Por Item<\/td><td class=\"column-7\">CONTRATA\u00c7\u00c3O DE EMPRESA DO RAMO PERTINENTE PARA PRESTA\u00c7\u00c3O DE SERVI\u00c7OS DE CAPTA\u00c7\u00c3O DE V\u00cdDEO E \u00c1UDIO, COM TRANSMISS\u00c3O EM TEMPO REAL VIA INTERNET (STREAMING)<\/td><td class=\"column-8\">R$ 16.700,00<\/td><td class=\"column-9\">A P C DA COSTA, Alessandro dos Santos Imperial, Marilia Vanessa Soares Bezerra de Medeiros<\/td><td class=\"column-10\">Marilia Vanessa Soares Bezerra de Medeiros<\/td><td class=\"column-11\">41.634.723\/0001-20<\/td><td class=\"column-12\">R$ 16.700,00<\/td><td class=\"column-13\">Encerrada<\/td><td class=\"column-14\">02006601001\/2021\t<\/td><td class=\"column-15\">01\/06\/2021<\/td><td class=\"column-16\">53\/2021\t<\/td><td class=\"column-17\">31\/05\/2021<\/td>\n<\/tr>\n<tr class=\"row-374\">\n\t<td class=\"column-1\">416\/2021<\/td><td class=\"column-2\">416\/2021<\/td><td class=\"column-3\">16\/06\/2021<\/td><td class=\"column-4\">13\/07\/2021<\/td><td class=\"column-5\">Preg\u00e3o Eletr\u00f4nico<\/td><td class=\"column-6\">Menor Pre\u00e7o (Maior Desconto)<\/td><td class=\"column-7\">REGISTRO DE PRE\u00c7OS PARA FUTURA E EVENTUAL AQUISI\u00c7\u00c3O DE FORMA PARCELADA DE MATERIAL DE CONSTRU\u00c7\u00c3O GERAL, HIDR\u00c1ULICOS, EL\u00c9TRICOS, ESTRUTURAIS, ARTEFATOS DE CIMENTO, CER\u00c2MICOS, ACABAMENTO INTERNO E EXTERNO, FERRAMENTAL, MATERIAIS PAISAG\u00cdSTICOS, MADEIRAS EM GERAL, METAL\u00daRGICA E FUNILARIA, FERRAGENS E COBERTURA, PARA ATENDER AS NECESSIDADES DA SECRETARIA MUNICIPAL DE OBRAS ATENDENDO AS MANUTEN\u00c7\u00d5ES E\/OU PEQUENOS REPAROS DOS PR\u00c9DIOS P\u00daBLICOS DESTE MUNIC\u00cdPIO.<\/td><td class=\"column-8\">R$ 800.000,00<\/td><td class=\"column-9\">B. TRINDADE MATERIAL DE CONSTRU\u00c7\u00c3O EIRELI, REDE CONSTRUIR E COMERCIO EIRELI<\/td><td class=\"column-10\">B. TRINDADE MATERIAL DE CONSTRU\u00c7\u00c3O EIRELI<\/td><td class=\"column-11\">27.677.233\/0001-80<\/td><td class=\"column-12\">R$ 370.000,00<\/td><td class=\"column-13\">Encerrada<\/td><td class=\"column-14\">02004805002\/2021\t<\/td><td class=\"column-15\">05\/08\/2021<\/td><td class=\"column-16\"><\/td><td class=\"column-17\"><\/td>\n<\/tr>\n<tr class=\"row-375\">\n\t<td class=\"column-1\">416\/2021<\/td><td class=\"column-2\">416\/2021<\/td><td class=\"column-3\">16\/06\/2021<\/td><td class=\"column-4\">13\/07\/2021<\/td><td class=\"column-5\">Preg\u00e3o Eletr\u00f4nico<\/td><td class=\"column-6\">Menor Pre\u00e7o (Maior Desconto)<\/td><td class=\"column-7\">REGISTRO DE PRE\u00c7OS PARA FUTURA E EVENTUAL AQUISI\u00c7\u00c3O DE FORMA PARCELADA DE MATERIAL DE CONSTRU\u00c7\u00c3O GERAL, HIDR\u00c1ULICOS, EL\u00c9TRICOS, ESTRUTURAIS, ARTEFATOS DE CIMENTO, CER\u00c2MICOS, ACABAMENTO INTERNO E EXTERNO, FERRAMENTAL, MATERIAIS PAISAG\u00cdSTICOS, MADEIRAS EM GERAL, METAL\u00daRGICA E FUNILARIA, FERRAGENS E COBERTURA, PARA ATENDER AS NECESSIDADES DA SECRETARIA MUNICIPAL DE OBRAS ATENDENDO AS MANUTEN\u00c7\u00d5ES E\/OU PEQUENOS REPAROS DOS PR\u00c9DIOS P\u00daBLICOS DESTE MUNIC\u00cdPIO.<\/td><td class=\"column-8\">R$ 800.000,00<\/td><td class=\"column-9\">B. TRINDADE MATERIAL DE CONSTRU\u00c7\u00c3O EIRELI, REDE CONSTRUIR E COMERCIO EIRELI<\/td><td class=\"column-10\">B. TRINDADE MATERIAL DE CONSTRU\u00c7\u00c3O EIRELI<\/td><td class=\"column-11\">27.677.233\/0001-80<\/td><td class=\"column-12\">R$ 370.000,00<\/td><td class=\"column-13\">Encerrada<\/td><td class=\"column-14\">02004805004\/2021\t<\/td><td class=\"column-15\">05\/08\/2021<\/td><td class=\"column-16\"><\/td><td class=\"column-17\"><\/td>\n<\/tr>\n<tr class=\"row-376\">\n\t<td class=\"column-1\">416\/2021<\/td><td class=\"column-2\">416\/2021<\/td><td class=\"column-3\">16\/06\/2021<\/td><td class=\"column-4\">13\/07\/2021<\/td><td class=\"column-5\">Preg\u00e3o Eletr\u00f4nico<\/td><td class=\"column-6\">Menor Pre\u00e7o (Maior Desconto)<\/td><td class=\"column-7\">REGISTRO DE PRE\u00c7OS PARA FUTURA E EVENTUAL AQUISI\u00c7\u00c3O DE FORMA PARCELADA DE MATERIAL DE CONSTRU\u00c7\u00c3O GERAL, HIDR\u00c1ULICOS, EL\u00c9TRICOS, ESTRUTURAIS, ARTEFATOS DE CIMENTO, CER\u00c2MICOS, ACABAMENTO INTERNO E EXTERNO, FERRAMENTAL, MATERIAIS PAISAG\u00cdSTICOS, MADEIRAS EM GERAL, METAL\u00daRGICA E FUNILARIA, FERRAGENS E COBERTURA, PARA ATENDER AS NECESSIDADES DA SECRETARIA MUNICIPAL DE OBRAS ATENDENDO AS MANUTEN\u00c7\u00d5ES E\/OU PEQUENOS REPAROS DOS PR\u00c9DIOS P\u00daBLICOS DESTE MUNIC\u00cdPIO.<\/td><td class=\"column-8\">R$ 800.000,00<\/td><td class=\"column-9\">B. TRINDADE MATERIAL DE CONSTRU\u00c7\u00c3O EIRELI, REDE CONSTRUIR E COMERCIO EIRELI<\/td><td class=\"column-10\">B. TRINDADE MATERIAL DE CONSTRU\u00c7\u00c3O EIRELI<\/td><td class=\"column-11\">27.677.233\/0001-80<\/td><td class=\"column-12\">R$ 370.000,00<\/td><td class=\"column-13\">Encerrada<\/td><td class=\"column-14\">02004805005\/2021\t<\/td><td class=\"column-15\">05\/08\/2021<\/td><td class=\"column-16\"><\/td><td class=\"column-17\"><\/td>\n<\/tr>\n<tr class=\"row-377\">\n\t<td class=\"column-1\">416\/2021<\/td><td class=\"column-2\">416\/2021<\/td><td class=\"column-3\">16\/06\/2021<\/td><td class=\"column-4\">13\/07\/2021<\/td><td class=\"column-5\">Preg\u00e3o Eletr\u00f4nico<\/td><td class=\"column-6\">Menor Pre\u00e7o (Maior Desconto)<\/td><td class=\"column-7\">REGISTRO DE PRE\u00c7OS PARA FUTURA E EVENTUAL AQUISI\u00c7\u00c3O DE FORMA PARCELADA DE MATERIAL DE CONSTRU\u00c7\u00c3O GERAL, HIDR\u00c1ULICOS, EL\u00c9TRICOS, ESTRUTURAIS, ARTEFATOS DE CIMENTO, CER\u00c2MICOS, ACABAMENTO INTERNO E EXTERNO, FERRAMENTAL, MATERIAIS PAISAG\u00cdSTICOS, MADEIRAS EM GERAL, METAL\u00daRGICA E FUNILARIA, FERRAGENS E COBERTURA, PARA ATENDER AS NECESSIDADES DA SECRETARIA MUNICIPAL DE OBRAS ATENDENDO AS MANUTEN\u00c7\u00d5ES E\/OU PEQUENOS REPAROS DOS PR\u00c9DIOS P\u00daBLICOS DESTE MUNIC\u00cdPIO.<\/td><td class=\"column-8\">R$ 800.000,00<\/td><td class=\"column-9\">B. TRINDADE MATERIAL DE CONSTRU\u00c7\u00c3O EIRELI, REDE CONSTRUIR E COMERCIO EIRELI<\/td><td class=\"column-10\">B. TRINDADE MATERIAL DE CONSTRU\u00c7\u00c3O EIRELI<\/td><td class=\"column-11\">27.677.233\/0001-80<\/td><td class=\"column-12\">R$ 370.000,00<\/td><td class=\"column-13\">Encerrada<\/td><td class=\"column-14\">02004805006\/2021\t<\/td><td class=\"column-15\">05\/08\/2021<\/td><td class=\"column-16\"><\/td><td class=\"column-17\"><\/td>\n<\/tr>\n<tr class=\"row-378\">\n\t<td class=\"column-1\">416\/2021<\/td><td class=\"column-2\">416\/2021<\/td><td class=\"column-3\">16\/06\/2021<\/td><td class=\"column-4\">13\/07\/2021<\/td><td class=\"column-5\">Preg\u00e3o Eletr\u00f4nico<\/td><td class=\"column-6\">Menor Pre\u00e7o (Maior Desconto)<\/td><td class=\"column-7\">REGISTRO DE PRE\u00c7OS PARA FUTURA E EVENTUAL AQUISI\u00c7\u00c3O DE FORMA PARCELADA DE MATERIAL DE CONSTRU\u00c7\u00c3O GERAL, HIDR\u00c1ULICOS, EL\u00c9TRICOS, ESTRUTURAIS, ARTEFATOS DE CIMENTO, CER\u00c2MICOS, ACABAMENTO INTERNO E EXTERNO, FERRAMENTAL, MATERIAIS PAISAG\u00cdSTICOS, MADEIRAS EM GERAL, METAL\u00daRGICA E FUNILARIA, FERRAGENS E COBERTURA, PARA ATENDER AS NECESSIDADES DA SECRETARIA MUNICIPAL DE OBRAS ATENDENDO AS MANUTEN\u00c7\u00d5ES E\/OU PEQUENOS REPAROS DOS PR\u00c9DIOS P\u00daBLICOS DESTE MUNIC\u00cdPIO.<\/td><td class=\"column-8\">R$ 800.000,00<\/td><td class=\"column-9\">B. TRINDADE MATERIAL DE CONSTRU\u00c7\u00c3O EIRELI, REDE CONSTRUIR E COMERCIO EIRELI<\/td><td class=\"column-10\">B. TRINDADE MATERIAL DE CONSTRU\u00c7\u00c3O EIRELI<\/td><td class=\"column-11\">27.677.233\/0001-80<\/td><td class=\"column-12\">R$ 370.000,00<\/td><td class=\"column-13\">Encerrada<\/td><td class=\"column-14\">02008810001\/2021\t<\/td><td class=\"column-15\">10\/08\/2021<\/td><td class=\"column-16\"><\/td><td class=\"column-17\"><\/td>\n<\/tr>\n<tr class=\"row-379\">\n\t<td class=\"column-1\">416\/2021<\/td><td class=\"column-2\">416\/2021<\/td><td class=\"column-3\">16\/06\/2021<\/td><td class=\"column-4\">13\/07\/2021<\/td><td class=\"column-5\">Preg\u00e3o Eletr\u00f4nico<\/td><td class=\"column-6\">Menor Pre\u00e7o (Maior Desconto)<\/td><td class=\"column-7\">REGISTRO DE PRE\u00c7OS PARA FUTURA E EVENTUAL AQUISI\u00c7\u00c3O DE FORMA PARCELADA DE MATERIAL DE CONSTRU\u00c7\u00c3O GERAL, HIDR\u00c1ULICOS, EL\u00c9TRICOS, ESTRUTURAIS, ARTEFATOS DE CIMENTO, CER\u00c2MICOS, ACABAMENTO INTERNO E EXTERNO, FERRAMENTAL, MATERIAIS PAISAG\u00cdSTICOS, MADEIRAS EM GERAL, METAL\u00daRGICA E FUNILARIA, FERRAGENS E COBERTURA, PARA ATENDER AS NECESSIDADES DA SECRETARIA MUNICIPAL DE OBRAS ATENDENDO AS MANUTEN\u00c7\u00d5ES E\/OU PEQUENOS REPAROS DOS PR\u00c9DIOS P\u00daBLICOS DESTE MUNIC\u00cdPIO.<\/td><td class=\"column-8\">R$ 800.000,00<\/td><td class=\"column-9\">B. TRINDADE MATERIAL DE CONSTRU\u00c7\u00c3O EIRELI, REDE CONSTRUIR E COMERCIO EIRELI<\/td><td class=\"column-10\">B. TRINDADE MATERIAL DE CONSTRU\u00c7\u00c3O EIRELI<\/td><td class=\"column-11\">27.677.233\/0001-80<\/td><td class=\"column-12\">R$ 370.000,00<\/td><td class=\"column-13\">Encerrada<\/td><td class=\"column-14\">02004805007\/2021\t<\/td><td class=\"column-15\">05\/08\/2021<\/td><td class=\"column-16\"><\/td><td class=\"column-17\"><\/td>\n<\/tr>\n<tr class=\"row-380\">\n\t<td class=\"column-1\">416\/2021<\/td><td class=\"column-2\">416\/2021<\/td><td class=\"column-3\">16\/06\/2021<\/td><td class=\"column-4\">13\/07\/2021<\/td><td class=\"column-5\">Preg\u00e3o Eletr\u00f4nico<\/td><td class=\"column-6\">Menor Pre\u00e7o (Maior Desconto)<\/td><td class=\"column-7\">REGISTRO DE PRE\u00c7OS PARA FUTURA E EVENTUAL AQUISI\u00c7\u00c3O DE FORMA PARCELADA DE MATERIAL DE CONSTRU\u00c7\u00c3O GERAL, HIDR\u00c1ULICOS, EL\u00c9TRICOS, ESTRUTURAIS, ARTEFATOS DE CIMENTO, CER\u00c2MICOS, ACABAMENTO INTERNO E EXTERNO, FERRAMENTAL, MATERIAIS PAISAG\u00cdSTICOS, MADEIRAS EM GERAL, METAL\u00daRGICA E FUNILARIA, FERRAGENS E COBERTURA, PARA ATENDER AS NECESSIDADES DA SECRETARIA MUNICIPAL DE OBRAS ATENDENDO AS MANUTEN\u00c7\u00d5ES E\/OU PEQUENOS REPAROS DOS PR\u00c9DIOS P\u00daBLICOS DESTE MUNIC\u00cdPIO.<\/td><td class=\"column-8\">R$ 800.000,00<\/td><td class=\"column-9\">B. TRINDADE MATERIAL DE CONSTRU\u00c7\u00c3O EIRELI, REDE CONSTRUIR E COMERCIO EIRELI<\/td><td class=\"column-10\">B. TRINDADE MATERIAL DE CONSTRU\u00c7\u00c3O EIRELI<\/td><td class=\"column-11\">27.677.233\/0001-80<\/td><td class=\"column-12\">R$ 370.000,00<\/td><td class=\"column-13\">Encerrada<\/td><td class=\"column-14\">020041022001\/2021\t<\/td><td class=\"column-15\">22\/10\/2021<\/td><td class=\"column-16\"><\/td><td class=\"column-17\"><\/td>\n<\/tr>\n<tr class=\"row-381\">\n\t<td class=\"column-1\">416\/2021<\/td><td class=\"column-2\">416\/2021<\/td><td class=\"column-3\">16\/06\/2021<\/td><td class=\"column-4\">13\/07\/2021<\/td><td class=\"column-5\">Preg\u00e3o Eletr\u00f4nico<\/td><td class=\"column-6\">Menor Pre\u00e7o (Maior Desconto)<\/td><td class=\"column-7\">REGISTRO DE PRE\u00c7OS PARA FUTURA E EVENTUAL AQUISI\u00c7\u00c3O DE FORMA PARCELADA DE MATERIAL DE CONSTRU\u00c7\u00c3O GERAL, HIDR\u00c1ULICOS, EL\u00c9TRICOS, ESTRUTURAIS, ARTEFATOS DE CIMENTO, CER\u00c2MICOS, ACABAMENTO INTERNO E EXTERNO, FERRAMENTAL, MATERIAIS PAISAG\u00cdSTICOS, MADEIRAS EM GERAL, METAL\u00daRGICA E FUNILARIA, FERRAGENS E COBERTURA, PARA ATENDER AS NECESSIDADES DA SECRETARIA MUNICIPAL DE OBRAS ATENDENDO AS MANUTEN\u00c7\u00d5ES E\/OU PEQUENOS REPAROS DOS PR\u00c9DIOS P\u00daBLICOS DESTE MUNIC\u00cdPIO.<\/td><td class=\"column-8\">R$ 800.000,00<\/td><td class=\"column-9\">B. TRINDADE MATERIAL DE CONSTRU\u00c7\u00c3O EIRELI, REDE CONSTRUIR E COMERCIO EIRELI<\/td><td class=\"column-10\">B. TRINDADE MATERIAL DE CONSTRU\u00c7\u00c3O EIRELI<\/td><td class=\"column-11\">27.677.233\/0001-80<\/td><td class=\"column-12\">R$ 370.000,00<\/td><td class=\"column-13\">Encerrada<\/td><td class=\"column-14\">020041103004\/2021\t<\/td><td class=\"column-15\">03\/11\/2021<\/td><td class=\"column-16\"><\/td><td class=\"column-17\"><\/td>\n<\/tr>\n<tr class=\"row-382\">\n\t<td class=\"column-1\">416\/2021<\/td><td class=\"column-2\">416\/2021<\/td><td class=\"column-3\">16\/06\/2021<\/td><td class=\"column-4\">13\/07\/2021<\/td><td class=\"column-5\">Preg\u00e3o Eletr\u00f4nico<\/td><td class=\"column-6\">Menor Pre\u00e7o (Maior Desconto)<\/td><td class=\"column-7\">REGISTRO DE PRE\u00c7OS PARA FUTURA E EVENTUAL AQUISI\u00c7\u00c3O DE FORMA PARCELADA DE MATERIAL DE CONSTRU\u00c7\u00c3O GERAL, HIDR\u00c1ULICOS, EL\u00c9TRICOS, ESTRUTURAIS, ARTEFATOS DE CIMENTO, CER\u00c2MICOS, ACABAMENTO INTERNO E EXTERNO, FERRAMENTAL, MATERIAIS PAISAG\u00cdSTICOS, MADEIRAS EM GERAL, METAL\u00daRGICA E FUNILARIA, FERRAGENS E COBERTURA, PARA ATENDER AS NECESSIDADES DA SECRETARIA MUNICIPAL DE OBRAS ATENDENDO AS MANUTEN\u00c7\u00d5ES E\/OU PEQUENOS REPAROS DOS PR\u00c9DIOS P\u00daBLICOS DESTE MUNIC\u00cdPIO.<\/td><td class=\"column-8\">R$ 800.000,00<\/td><td class=\"column-9\">B. TRINDADE MATERIAL DE CONSTRU\u00c7\u00c3O EIRELI, REDE CONSTRUIR E COMERCIO EIRELI<\/td><td class=\"column-10\">B. TRINDADE MATERIAL DE CONSTRU\u00c7\u00c3O EIRELI<\/td><td class=\"column-11\">27.677.233\/0001-80<\/td><td class=\"column-12\">R$ 370.000,00<\/td><td class=\"column-13\">Encerrada<\/td><td class=\"column-14\">020041103005\/2021\t<\/td><td class=\"column-15\">03\/11\/2021<\/td><td class=\"column-16\"><\/td><td class=\"column-17\"><\/td>\n<\/tr>\n<tr class=\"row-383\">\n\t<td class=\"column-1\">416\/2021<\/td><td class=\"column-2\">416\/2021<\/td><td class=\"column-3\">16\/06\/2021<\/td><td class=\"column-4\">13\/07\/2021<\/td><td class=\"column-5\">Preg\u00e3o Eletr\u00f4nico<\/td><td class=\"column-6\">Menor Pre\u00e7o (Maior Desconto)<\/td><td class=\"column-7\">REGISTRO DE PRE\u00c7OS PARA FUTURA E EVENTUAL AQUISI\u00c7\u00c3O DE FORMA PARCELADA DE MATERIAL DE CONSTRU\u00c7\u00c3O GERAL, HIDR\u00c1ULICOS, EL\u00c9TRICOS, ESTRUTURAIS, ARTEFATOS DE CIMENTO, CER\u00c2MICOS, ACABAMENTO INTERNO E EXTERNO, FERRAMENTAL, MATERIAIS PAISAG\u00cdSTICOS, MADEIRAS EM GERAL, METAL\u00daRGICA E FUNILARIA, FERRAGENS E COBERTURA, PARA ATENDER AS NECESSIDADES DA SECRETARIA MUNICIPAL DE OBRAS ATENDENDO AS MANUTEN\u00c7\u00d5ES E\/OU PEQUENOS REPAROS DOS PR\u00c9DIOS P\u00daBLICOS DESTE MUNIC\u00cdPIO.<\/td><td class=\"column-8\">R$ 800.000,00<\/td><td class=\"column-9\">B. TRINDADE MATERIAL DE CONSTRU\u00c7\u00c3O EIRELI, REDE CONSTRUIR E COMERCIO EIRELI<\/td><td class=\"column-10\">B. TRINDADE MATERIAL DE CONSTRU\u00c7\u00c3O EIRELI<\/td><td class=\"column-11\">27.677.233\/0001-80<\/td><td class=\"column-12\">R$ 370.000,00<\/td><td class=\"column-13\">Encerrada<\/td><td class=\"column-14\">020041103006\/2021\t<\/td><td class=\"column-15\">03\/11\/2021<\/td><td class=\"column-16\"><\/td><td class=\"column-17\"><\/td>\n<\/tr>\n<tr class=\"row-384\">\n\t<td class=\"column-1\">416\/2021<\/td><td class=\"column-2\">416\/2021<\/td><td class=\"column-3\">16\/06\/2021<\/td><td class=\"column-4\">13\/07\/2021<\/td><td class=\"column-5\">Preg\u00e3o Eletr\u00f4nico<\/td><td class=\"column-6\">Menor Pre\u00e7o (Maior Desconto)<\/td><td class=\"column-7\">REGISTRO DE PRE\u00c7OS PARA FUTURA E EVENTUAL AQUISI\u00c7\u00c3O DE FORMA PARCELADA DE MATERIAL DE CONSTRU\u00c7\u00c3O GERAL, HIDR\u00c1ULICOS, EL\u00c9TRICOS, ESTRUTURAIS, ARTEFATOS DE CIMENTO, CER\u00c2MICOS, ACABAMENTO INTERNO E EXTERNO, FERRAMENTAL, MATERIAIS PAISAG\u00cdSTICOS, MADEIRAS EM GERAL, METAL\u00daRGICA E FUNILARIA, FERRAGENS E COBERTURA, PARA ATENDER AS NECESSIDADES DA SECRETARIA MUNICIPAL DE OBRAS ATENDENDO AS MANUTEN\u00c7\u00d5ES E\/OU PEQUENOS REPAROS DOS PR\u00c9DIOS P\u00daBLICOS DESTE MUNIC\u00cdPIO.<\/td><td class=\"column-8\">R$ 800.000,00<\/td><td class=\"column-9\">B. TRINDADE MATERIAL DE CONSTRU\u00c7\u00c3O EIRELI, REDE CONSTRUIR E COMERCIO EIRELI<\/td><td class=\"column-10\">B. TRINDADE MATERIAL DE CONSTRU\u00c7\u00c3O EIRELI<\/td><td class=\"column-11\">27.677.233\/0001-80<\/td><td class=\"column-12\">R$ 370.000,00<\/td><td class=\"column-13\">Encerrada<\/td><td class=\"column-14\">020041103007\/2021\t<\/td><td class=\"column-15\">03\/11\/2021<\/td><td class=\"column-16\"><\/td><td class=\"column-17\"><\/td>\n<\/tr>\n<tr class=\"row-385\">\n\t<td class=\"column-1\">416\/2021<\/td><td class=\"column-2\">416\/2021<\/td><td class=\"column-3\">16\/06\/2021<\/td><td class=\"column-4\">13\/07\/2021<\/td><td class=\"column-5\">Preg\u00e3o Eletr\u00f4nico<\/td><td class=\"column-6\">Menor Pre\u00e7o (Maior Desconto)<\/td><td class=\"column-7\">REGISTRO DE PRE\u00c7OS PARA FUTURA E EVENTUAL AQUISI\u00c7\u00c3O DE FORMA PARCELADA DE MATERIAL DE CONSTRU\u00c7\u00c3O GERAL, HIDR\u00c1ULICOS, EL\u00c9TRICOS, ESTRUTURAIS, ARTEFATOS DE CIMENTO, CER\u00c2MICOS, ACABAMENTO INTERNO E EXTERNO, FERRAMENTAL, MATERIAIS PAISAG\u00cdSTICOS, MADEIRAS EM GERAL, METAL\u00daRGICA E FUNILARIA, FERRAGENS E COBERTURA, PARA ATENDER AS NECESSIDADES DA SECRETARIA MUNICIPAL DE OBRAS ATENDENDO AS MANUTEN\u00c7\u00d5ES E\/OU PEQUENOS REPAROS DOS PR\u00c9DIOS P\u00daBLICOS DESTE MUNIC\u00cdPIO.<\/td><td class=\"column-8\">R$ 800.000,00<\/td><td class=\"column-9\">B. TRINDADE MATERIAL DE CONSTRU\u00c7\u00c3O EIRELI, REDE CONSTRUIR E COMERCIO EIRELI<\/td><td class=\"column-10\">B. TRINDADE MATERIAL DE CONSTRU\u00c7\u00c3O EIRELI<\/td><td class=\"column-11\">27.677.233\/0001-80<\/td><td class=\"column-12\">R$ 370.000,00<\/td><td class=\"column-13\">Encerrada<\/td><td class=\"column-14\">020041103008\/2021\t<\/td><td class=\"column-15\">03\/11\/2021<\/td><td class=\"column-16\"><\/td><td class=\"column-17\"><\/td>\n<\/tr>\n<tr class=\"row-386\">\n\t<td class=\"column-1\">416\/2021<\/td><td class=\"column-2\">416\/2021<\/td><td class=\"column-3\">16\/06\/2021<\/td><td class=\"column-4\">13\/07\/2021<\/td><td class=\"column-5\">Preg\u00e3o Eletr\u00f4nico<\/td><td class=\"column-6\">Menor Pre\u00e7o (Maior Desconto)<\/td><td class=\"column-7\">REGISTRO DE PRE\u00c7OS PARA FUTURA E EVENTUAL AQUISI\u00c7\u00c3O DE FORMA PARCELADA DE MATERIAL DE CONSTRU\u00c7\u00c3O GERAL, HIDR\u00c1ULICOS, EL\u00c9TRICOS, ESTRUTURAIS, ARTEFATOS DE CIMENTO, CER\u00c2MICOS, ACABAMENTO INTERNO E EXTERNO, FERRAMENTAL, MATERIAIS PAISAG\u00cdSTICOS, MADEIRAS EM GERAL, METAL\u00daRGICA E FUNILARIA, FERRAGENS E COBERTURA, PARA ATENDER AS NECESSIDADES DA SECRETARIA MUNICIPAL DE OBRAS ATENDENDO AS MANUTEN\u00c7\u00d5ES E\/OU PEQUENOS REPAROS DOS PR\u00c9DIOS P\u00daBLICOS DESTE MUNIC\u00cdPIO.<\/td><td class=\"column-8\">R$ 800.000,00<\/td><td class=\"column-9\">B. TRINDADE MATERIAL DE CONSTRU\u00c7\u00c3O EIRELI, REDE CONSTRUIR E COMERCIO EIRELI<\/td><td class=\"column-10\">B. TRINDADE MATERIAL DE CONSTRU\u00c7\u00c3O EIRELI<\/td><td class=\"column-11\">27.677.233\/0001-80<\/td><td class=\"column-12\">R$ 370.000,00<\/td><td class=\"column-13\">Encerrada<\/td><td class=\"column-14\">02004909001\/2021\t<\/td><td class=\"column-15\">09\/09\/2021<\/td><td class=\"column-16\"><\/td><td class=\"column-17\"><\/td>\n<\/tr>\n<tr class=\"row-387\">\n\t<td class=\"column-1\">416\/2021<\/td><td class=\"column-2\">416\/2021<\/td><td class=\"column-3\">16\/06\/2021<\/td><td class=\"column-4\">13\/07\/2021<\/td><td class=\"column-5\">Preg\u00e3o Eletr\u00f4nico<\/td><td class=\"column-6\">Menor Pre\u00e7o (Maior Desconto)<\/td><td class=\"column-7\">REGISTRO DE PRE\u00c7OS PARA FUTURA E EVENTUAL AQUISI\u00c7\u00c3O DE FORMA PARCELADA DE MATERIAL DE CONSTRU\u00c7\u00c3O GERAL, HIDR\u00c1ULICOS, EL\u00c9TRICOS, ESTRUTURAIS, ARTEFATOS DE CIMENTO, CER\u00c2MICOS, ACABAMENTO INTERNO E EXTERNO, FERRAMENTAL, MATERIAIS PAISAG\u00cdSTICOS, MADEIRAS EM GERAL, METAL\u00daRGICA E FUNILARIA, FERRAGENS E COBERTURA, PARA ATENDER AS NECESSIDADES DA SECRETARIA MUNICIPAL DE OBRAS ATENDENDO AS MANUTEN\u00c7\u00d5ES E\/OU PEQUENOS REPAROS DOS PR\u00c9DIOS P\u00daBLICOS DESTE MUNIC\u00cdPIO.<\/td><td class=\"column-8\">R$ 800.000,00<\/td><td class=\"column-9\">B. TRINDADE MATERIAL DE CONSTRU\u00c7\u00c3O EIRELI, REDE CONSTRUIR E COMERCIO EIRELI<\/td><td class=\"column-10\">B. TRINDADE MATERIAL DE CONSTRU\u00c7\u00c3O EIRELI<\/td><td class=\"column-11\">27.677.233\/0001-80<\/td><td class=\"column-12\">R$ 370.000,00<\/td><td class=\"column-13\">Encerrada<\/td><td class=\"column-14\">02004909002\/2021\t<\/td><td class=\"column-15\">09\/09\/2021<\/td><td class=\"column-16\"><\/td><td class=\"column-17\"><\/td>\n<\/tr>\n<tr class=\"row-388\">\n\t<td class=\"column-1\">416\/2021<\/td><td class=\"column-2\">416\/2021<\/td><td class=\"column-3\">16\/06\/2021<\/td><td class=\"column-4\">13\/07\/2021<\/td><td class=\"column-5\">Preg\u00e3o Eletr\u00f4nico<\/td><td class=\"column-6\">Menor Pre\u00e7o (Maior Desconto)<\/td><td class=\"column-7\">REGISTRO DE PRE\u00c7OS PARA FUTURA E EVENTUAL AQUISI\u00c7\u00c3O DE FORMA PARCELADA DE MATERIAL DE CONSTRU\u00c7\u00c3O GERAL, HIDR\u00c1ULICOS, EL\u00c9TRICOS, ESTRUTURAIS, ARTEFATOS DE CIMENTO, CER\u00c2MICOS, ACABAMENTO INTERNO E EXTERNO, FERRAMENTAL, MATERIAIS PAISAG\u00cdSTICOS, MADEIRAS EM GERAL, METAL\u00daRGICA E FUNILARIA, FERRAGENS E COBERTURA, PARA ATENDER AS NECESSIDADES DA SECRETARIA MUNICIPAL DE OBRAS ATENDENDO AS MANUTEN\u00c7\u00d5ES E\/OU PEQUENOS REPAROS DOS PR\u00c9DIOS P\u00daBLICOS DESTE MUNIC\u00cdPIO.<\/td><td class=\"column-8\">R$ 800.000,00<\/td><td class=\"column-9\">B. TRINDADE MATERIAL DE CONSTRU\u00c7\u00c3O EIRELI, REDE CONSTRUIR E COMERCIO EIRELI<\/td><td class=\"column-10\">B. TRINDADE MATERIAL DE CONSTRU\u00c7\u00c3O EIRELI<\/td><td class=\"column-11\">27.677.233\/0001-80<\/td><td class=\"column-12\">R$ 370.000,00<\/td><td class=\"column-13\">Encerrada<\/td><td class=\"column-14\">020041028001\/2021\t<\/td><td class=\"column-15\">28\/10\/2021<\/td><td class=\"column-16\"><\/td><td class=\"column-17\"><\/td>\n<\/tr>\n<tr class=\"row-389\">\n\t<td class=\"column-1\">416\/2021<\/td><td class=\"column-2\">416\/2021<\/td><td class=\"column-3\">16\/06\/2021<\/td><td class=\"column-4\">13\/07\/2021<\/td><td class=\"column-5\">Preg\u00e3o Eletr\u00f4nico<\/td><td class=\"column-6\">Menor Pre\u00e7o (Maior Desconto)<\/td><td class=\"column-7\">REGISTRO DE PRE\u00c7OS PARA FUTURA E EVENTUAL AQUISI\u00c7\u00c3O DE FORMA PARCELADA DE MATERIAL DE CONSTRU\u00c7\u00c3O GERAL, HIDR\u00c1ULICOS, EL\u00c9TRICOS, ESTRUTURAIS, ARTEFATOS DE CIMENTO, CER\u00c2MICOS, ACABAMENTO INTERNO E EXTERNO, FERRAMENTAL, MATERIAIS PAISAG\u00cdSTICOS, MADEIRAS EM GERAL, METAL\u00daRGICA E FUNILARIA, FERRAGENS E COBERTURA, PARA ATENDER AS NECESSIDADES DA SECRETARIA MUNICIPAL DE OBRAS ATENDENDO AS MANUTEN\u00c7\u00d5ES E\/OU PEQUENOS REPAROS DOS PR\u00c9DIOS P\u00daBLICOS DESTE MUNIC\u00cdPIO.<\/td><td class=\"column-8\">R$ 800.000,00<\/td><td class=\"column-9\">B. TRINDADE MATERIAL DE CONSTRU\u00c7\u00c3O EIRELI, REDE CONSTRUIR E COMERCIO EIRELI<\/td><td class=\"column-10\">B. TRINDADE MATERIAL DE CONSTRU\u00c7\u00c3O EIRELI<\/td><td class=\"column-11\">27.677.233\/0001-80<\/td><td class=\"column-12\">R$ 370.000,00<\/td><td class=\"column-13\">Encerrada<\/td><td class=\"column-14\">040011019001\/2021\t<\/td><td class=\"column-15\">19\/10\/2021<\/td><td class=\"column-16\"><\/td><td class=\"column-17\"><\/td>\n<\/tr>\n<tr class=\"row-390\">\n\t<td class=\"column-1\">416\/2021<\/td><td class=\"column-2\">416\/2021<\/td><td class=\"column-3\">16\/06\/2021<\/td><td class=\"column-4\">13\/07\/2021<\/td><td class=\"column-5\">Preg\u00e3o Eletr\u00f4nico<\/td><td class=\"column-6\">Menor Pre\u00e7o (Maior Desconto)<\/td><td class=\"column-7\">REGISTRO DE PRE\u00c7OS PARA FUTURA E EVENTUAL AQUISI\u00c7\u00c3O DE FORMA PARCELADA DE MATERIAL DE CONSTRU\u00c7\u00c3O GERAL, HIDR\u00c1ULICOS, EL\u00c9TRICOS, ESTRUTURAIS, ARTEFATOS DE CIMENTO, CER\u00c2MICOS, ACABAMENTO INTERNO E EXTERNO, FERRAMENTAL, MATERIAIS PAISAG\u00cdSTICOS, MADEIRAS EM GERAL, METAL\u00daRGICA E FUNILARIA, FERRAGENS E COBERTURA, PARA ATENDER AS NECESSIDADES DA SECRETARIA MUNICIPAL DE OBRAS ATENDENDO AS MANUTEN\u00c7\u00d5ES E\/OU PEQUENOS REPAROS DOS PR\u00c9DIOS P\u00daBLICOS DESTE MUNIC\u00cdPIO.<\/td><td class=\"column-8\">R$ 800.000,00<\/td><td class=\"column-9\">B. TRINDADE MATERIAL DE CONSTRU\u00c7\u00c3O EIRELI, REDE CONSTRUIR E COMERCIO EIRELI<\/td><td class=\"column-10\">B. TRINDADE MATERIAL DE CONSTRU\u00c7\u00c3O EIRELI<\/td><td class=\"column-11\">27.677.233\/0001-80<\/td><td class=\"column-12\">R$ 370.000,00<\/td><td class=\"column-13\">Encerrada<\/td><td class=\"column-14\">020081029001\/2021\t<\/td><td class=\"column-15\">29\/10\/2021<\/td><td class=\"column-16\"><\/td><td class=\"column-17\"><\/td>\n<\/tr>\n<tr class=\"row-391\">\n\t<td class=\"column-1\">416\/2021<\/td><td class=\"column-2\">416\/2021<\/td><td class=\"column-3\">16\/06\/2021<\/td><td class=\"column-4\">13\/07\/2021<\/td><td class=\"column-5\">Preg\u00e3o Eletr\u00f4nico<\/td><td class=\"column-6\">Menor Pre\u00e7o (Maior Desconto)<\/td><td class=\"column-7\">REGISTRO DE PRE\u00c7OS PARA FUTURA E EVENTUAL AQUISI\u00c7\u00c3O DE FORMA PARCELADA DE MATERIAL DE CONSTRU\u00c7\u00c3O GERAL, HIDR\u00c1ULICOS, EL\u00c9TRICOS, ESTRUTURAIS, ARTEFATOS DE CIMENTO, CER\u00c2MICOS, ACABAMENTO INTERNO E EXTERNO, FERRAMENTAL, MATERIAIS PAISAG\u00cdSTICOS, MADEIRAS EM GERAL, METAL\u00daRGICA E FUNILARIA, FERRAGENS E COBERTURA, PARA ATENDER AS NECESSIDADES DA SECRETARIA MUNICIPAL DE OBRAS ATENDENDO AS MANUTEN\u00c7\u00d5ES E\/OU PEQUENOS REPAROS DOS PR\u00c9DIOS P\u00daBLICOS DESTE MUNIC\u00cdPIO.<\/td><td class=\"column-8\">R$ 800.000,00<\/td><td class=\"column-9\">B. TRINDADE MATERIAL DE CONSTRU\u00c7\u00c3O EIRELI, REDE CONSTRUIR E COMERCIO EIRELI<\/td><td class=\"column-10\">B. TRINDADE MATERIAL DE CONSTRU\u00c7\u00c3O EIRELI<\/td><td class=\"column-11\">27.677.233\/0001-80<\/td><td class=\"column-12\">R$ 370.000,00<\/td><td class=\"column-13\">Encerrada<\/td><td class=\"column-14\">020081029002\/2021\t<\/td><td class=\"column-15\">29\/10\/2021<\/td><td class=\"column-16\"><\/td><td class=\"column-17\"><\/td>\n<\/tr>\n<tr class=\"row-392\">\n\t<td class=\"column-1\">416\/2021<\/td><td class=\"column-2\">416\/2021<\/td><td class=\"column-3\">16\/06\/2021<\/td><td class=\"column-4\">13\/07\/2021<\/td><td class=\"column-5\">Preg\u00e3o Eletr\u00f4nico<\/td><td class=\"column-6\">Menor Pre\u00e7o (Maior Desconto)<\/td><td class=\"column-7\">REGISTRO DE PRE\u00c7OS PARA FUTURA E EVENTUAL AQUISI\u00c7\u00c3O DE FORMA PARCELADA DE MATERIAL DE CONSTRU\u00c7\u00c3O GERAL, HIDR\u00c1ULICOS, EL\u00c9TRICOS, ESTRUTURAIS, ARTEFATOS DE CIMENTO, CER\u00c2MICOS, ACABAMENTO INTERNO E EXTERNO, FERRAMENTAL, MATERIAIS PAISAG\u00cdSTICOS, MADEIRAS EM GERAL, METAL\u00daRGICA E FUNILARIA, FERRAGENS E COBERTURA, PARA ATENDER AS NECESSIDADES DA SECRETARIA MUNICIPAL DE OBRAS ATENDENDO AS MANUTEN\u00c7\u00d5ES E\/OU PEQUENOS REPAROS DOS PR\u00c9DIOS P\u00daBLICOS DESTE MUNIC\u00cdPIO.<\/td><td class=\"column-8\">R$ 800.000,00<\/td><td class=\"column-9\">B. TRINDADE MATERIAL DE CONSTRU\u00c7\u00c3O EIRELI, REDE CONSTRUIR E COMERCIO EIRELI<\/td><td class=\"column-10\">REDE CONSTRUIR E COMERCIO EIRELI<\/td><td class=\"column-11\">24.563.754\/0001-18<\/td><td class=\"column-12\">R$ 430.000,00<\/td><td class=\"column-13\">Encerrada<\/td><td class=\"column-14\">020081125001\/2021\t<\/td><td class=\"column-15\">25\/11\/2021<\/td><td class=\"column-16\"><\/td><td class=\"column-17\"><\/td>\n<\/tr>\n<tr class=\"row-393\">\n\t<td class=\"column-1\">416\/2021<\/td><td class=\"column-2\">416\/2021<\/td><td class=\"column-3\">16\/06\/2021<\/td><td class=\"column-4\">13\/07\/2021<\/td><td class=\"column-5\">Preg\u00e3o Eletr\u00f4nico<\/td><td class=\"column-6\">Menor Pre\u00e7o (Maior Desconto)<\/td><td class=\"column-7\">REGISTRO DE PRE\u00c7OS PARA FUTURA E EVENTUAL AQUISI\u00c7\u00c3O DE FORMA PARCELADA DE MATERIAL DE CONSTRU\u00c7\u00c3O GERAL, HIDR\u00c1ULICOS, EL\u00c9TRICOS, ESTRUTURAIS, ARTEFATOS DE CIMENTO, CER\u00c2MICOS, ACABAMENTO INTERNO E EXTERNO, FERRAMENTAL, MATERIAIS PAISAG\u00cdSTICOS, MADEIRAS EM GERAL, METAL\u00daRGICA E FUNILARIA, FERRAGENS E COBERTURA, PARA ATENDER AS NECESSIDADES DA SECRETARIA MUNICIPAL DE OBRAS ATENDENDO AS MANUTEN\u00c7\u00d5ES E\/OU PEQUENOS REPAROS DOS PR\u00c9DIOS P\u00daBLICOS DESTE MUNIC\u00cdPIO.<\/td><td class=\"column-8\">R$ 800.000,00<\/td><td class=\"column-9\">B. TRINDADE MATERIAL DE CONSTRU\u00c7\u00c3O EIRELI, REDE CONSTRUIR E COMERCIO EIRELI<\/td><td class=\"column-10\">REDE CONSTRUIR E COMERCIO EIRELI<\/td><td class=\"column-11\">24.563.754\/0001-18<\/td><td class=\"column-12\">R$ 430.000,00<\/td><td class=\"column-13\">Encerrada<\/td><td class=\"column-14\">020061125001\/2021\t<\/td><td class=\"column-15\">25\/11\/2021<\/td><td class=\"column-16\"><\/td><td class=\"column-17\"><\/td>\n<\/tr>\n<tr class=\"row-394\">\n\t<td class=\"column-1\">416\/2021<\/td><td class=\"column-2\">416\/2021<\/td><td class=\"column-3\">16\/06\/2021<\/td><td class=\"column-4\">13\/07\/2021<\/td><td class=\"column-5\">Preg\u00e3o Eletr\u00f4nico<\/td><td class=\"column-6\">Menor Pre\u00e7o (Maior Desconto)<\/td><td class=\"column-7\">REGISTRO DE PRE\u00c7OS PARA FUTURA E EVENTUAL AQUISI\u00c7\u00c3O DE FORMA PARCELADA DE MATERIAL DE CONSTRU\u00c7\u00c3O GERAL, HIDR\u00c1ULICOS, EL\u00c9TRICOS, ESTRUTURAIS, ARTEFATOS DE CIMENTO, CER\u00c2MICOS, ACABAMENTO INTERNO E EXTERNO, FERRAMENTAL, MATERIAIS PAISAG\u00cdSTICOS, MADEIRAS EM GERAL, METAL\u00daRGICA E FUNILARIA, FERRAGENS E COBERTURA, PARA ATENDER AS NECESSIDADES DA SECRETARIA MUNICIPAL DE OBRAS ATENDENDO AS MANUTEN\u00c7\u00d5ES E\/OU PEQUENOS REPAROS DOS PR\u00c9DIOS P\u00daBLICOS DESTE MUNIC\u00cdPIO.<\/td><td class=\"column-8\">R$ 800.000,00<\/td><td class=\"column-9\">B. TRINDADE MATERIAL DE CONSTRU\u00c7\u00c3O EIRELI, REDE CONSTRUIR E COMERCIO EIRELI<\/td><td class=\"column-10\">REDE CONSTRUIR E COMERCIO EIRELI<\/td><td class=\"column-11\">24.563.754\/0001-18<\/td><td class=\"column-12\">R$ 430.000,00<\/td><td class=\"column-13\">Encerrada<\/td><td class=\"column-14\">020081126001\/2021\t<\/td><td class=\"column-15\">26\/11\/2021<\/td><td class=\"column-16\"><\/td><td class=\"column-17\"><\/td>\n<\/tr>\n<tr class=\"row-395\">\n\t<td class=\"column-1\">416\/2021<\/td><td class=\"column-2\">416\/2021<\/td><td class=\"column-3\">16\/06\/2021<\/td><td class=\"column-4\">13\/07\/2021<\/td><td class=\"column-5\">Preg\u00e3o Eletr\u00f4nico<\/td><td class=\"column-6\">Menor Pre\u00e7o (Maior Desconto)<\/td><td class=\"column-7\">REGISTRO DE PRE\u00c7OS PARA FUTURA E EVENTUAL AQUISI\u00c7\u00c3O DE FORMA PARCELADA DE MATERIAL DE CONSTRU\u00c7\u00c3O GERAL, HIDR\u00c1ULICOS, EL\u00c9TRICOS, ESTRUTURAIS, ARTEFATOS DE CIMENTO, CER\u00c2MICOS, ACABAMENTO INTERNO E EXTERNO, FERRAMENTAL, MATERIAIS PAISAG\u00cdSTICOS, MADEIRAS EM GERAL, METAL\u00daRGICA E FUNILARIA, FERRAGENS E COBERTURA, PARA ATENDER AS NECESSIDADES DA SECRETARIA MUNICIPAL DE OBRAS ATENDENDO AS MANUTEN\u00c7\u00d5ES E\/OU PEQUENOS REPAROS DOS PR\u00c9DIOS P\u00daBLICOS DESTE MUNIC\u00cdPIO.<\/td><td class=\"column-8\">R$ 800.000,00<\/td><td class=\"column-9\">B. TRINDADE MATERIAL DE CONSTRU\u00c7\u00c3O EIRELI, REDE CONSTRUIR E COMERCIO EIRELI<\/td><td class=\"column-10\">REDE CONSTRUIR E COMERCIO EIRELI<\/td><td class=\"column-11\">24.563.754\/0001-18<\/td><td class=\"column-12\">R$ 430.000,00<\/td><td class=\"column-13\">Encerrada<\/td><td class=\"column-14\">020081126004\/2021\t<\/td><td class=\"column-15\">26\/11\/2021<\/td><td class=\"column-16\"><\/td><td class=\"column-17\"><\/td>\n<\/tr>\n<tr class=\"row-396\">\n\t<td class=\"column-1\">416\/2021<\/td><td class=\"column-2\">416\/2021<\/td><td class=\"column-3\">16\/06\/2021<\/td><td class=\"column-4\">13\/07\/2021<\/td><td class=\"column-5\">Preg\u00e3o Eletr\u00f4nico<\/td><td class=\"column-6\">Menor Pre\u00e7o (Maior Desconto)<\/td><td class=\"column-7\">REGISTRO DE PRE\u00c7OS PARA FUTURA E EVENTUAL AQUISI\u00c7\u00c3O DE FORMA PARCELADA DE MATERIAL DE CONSTRU\u00c7\u00c3O GERAL, HIDR\u00c1ULICOS, EL\u00c9TRICOS, ESTRUTURAIS, ARTEFATOS DE CIMENTO, CER\u00c2MICOS, ACABAMENTO INTERNO E EXTERNO, FERRAMENTAL, MATERIAIS PAISAG\u00cdSTICOS, MADEIRAS EM GERAL, METAL\u00daRGICA E FUNILARIA, FERRAGENS E COBERTURA, PARA ATENDER AS NECESSIDADES DA SECRETARIA MUNICIPAL DE OBRAS ATENDENDO AS MANUTEN\u00c7\u00d5ES E\/OU PEQUENOS REPAROS DOS PR\u00c9DIOS P\u00daBLICOS DESTE MUNIC\u00cdPIO.<\/td><td class=\"column-8\">R$ 800.000,00<\/td><td class=\"column-9\">B. TRINDADE MATERIAL DE CONSTRU\u00c7\u00c3O EIRELI, REDE CONSTRUIR E COMERCIO EIRELI<\/td><td class=\"column-10\">REDE CONSTRUIR E COMERCIO EIRELI<\/td><td class=\"column-11\">24.563.754\/0001-18<\/td><td class=\"column-12\">R$ 430.000,00<\/td><td class=\"column-13\">Encerrada<\/td><td class=\"column-14\">02004810002\/2021\t<\/td><td class=\"column-15\">10\/08\/2021<\/td><td class=\"column-16\"><\/td><td class=\"column-17\"><\/td>\n<\/tr>\n<tr class=\"row-397\">\n\t<td class=\"column-1\">416\/2021<\/td><td class=\"column-2\">416\/2021<\/td><td class=\"column-3\">16\/06\/2021<\/td><td class=\"column-4\">13\/07\/2021<\/td><td class=\"column-5\">Preg\u00e3o Eletr\u00f4nico<\/td><td class=\"column-6\">Menor Pre\u00e7o (Maior Desconto)<\/td><td class=\"column-7\">REGISTRO DE PRE\u00c7OS PARA FUTURA E EVENTUAL AQUISI\u00c7\u00c3O DE FORMA PARCELADA DE MATERIAL DE CONSTRU\u00c7\u00c3O GERAL, HIDR\u00c1ULICOS, EL\u00c9TRICOS, ESTRUTURAIS, ARTEFATOS DE CIMENTO, CER\u00c2MICOS, ACABAMENTO INTERNO E EXTERNO, FERRAMENTAL, MATERIAIS PAISAG\u00cdSTICOS, MADEIRAS EM GERAL, METAL\u00daRGICA E FUNILARIA, FERRAGENS E COBERTURA, PARA ATENDER AS NECESSIDADES DA SECRETARIA MUNICIPAL DE OBRAS ATENDENDO AS MANUTEN\u00c7\u00d5ES E\/OU PEQUENOS REPAROS DOS PR\u00c9DIOS P\u00daBLICOS DESTE MUNIC\u00cdPIO.<\/td><td class=\"column-8\">R$ 800.000,00<\/td><td class=\"column-9\">B. TRINDADE MATERIAL DE CONSTRU\u00c7\u00c3O EIRELI, REDE CONSTRUIR E COMERCIO EIRELI<\/td><td class=\"column-10\">REDE CONSTRUIR E COMERCIO EIRELI<\/td><td class=\"column-11\">24.563.754\/0001-18<\/td><td class=\"column-12\">R$ 430.000,00<\/td><td class=\"column-13\">Encerrada<\/td><td class=\"column-14\">02004810003\/2021\t<\/td><td class=\"column-15\">10\/08\/2021<\/td><td class=\"column-16\"><\/td><td class=\"column-17\"><\/td>\n<\/tr>\n<tr class=\"row-398\">\n\t<td class=\"column-1\">416\/2021<\/td><td class=\"column-2\">416\/2021<\/td><td class=\"column-3\">16\/06\/2021<\/td><td class=\"column-4\">13\/07\/2021<\/td><td class=\"column-5\">Preg\u00e3o Eletr\u00f4nico<\/td><td class=\"column-6\">Menor Pre\u00e7o (Maior Desconto)<\/td><td class=\"column-7\">REGISTRO DE PRE\u00c7OS PARA FUTURA E EVENTUAL AQUISI\u00c7\u00c3O DE FORMA PARCELADA DE MATERIAL DE CONSTRU\u00c7\u00c3O GERAL, HIDR\u00c1ULICOS, EL\u00c9TRICOS, ESTRUTURAIS, ARTEFATOS DE CIMENTO, CER\u00c2MICOS, ACABAMENTO INTERNO E EXTERNO, FERRAMENTAL, MATERIAIS PAISAG\u00cdSTICOS, MADEIRAS EM GERAL, METAL\u00daRGICA E FUNILARIA, FERRAGENS E COBERTURA, PARA ATENDER AS NECESSIDADES DA SECRETARIA MUNICIPAL DE OBRAS ATENDENDO AS MANUTEN\u00c7\u00d5ES E\/OU PEQUENOS REPAROS DOS PR\u00c9DIOS P\u00daBLICOS DESTE MUNIC\u00cdPIO.<\/td><td class=\"column-8\">R$ 800.000,00<\/td><td class=\"column-9\">B. TRINDADE MATERIAL DE CONSTRU\u00c7\u00c3O EIRELI, REDE CONSTRUIR E COMERCIO EIRELI<\/td><td class=\"column-10\">REDE CONSTRUIR E COMERCIO EIRELI<\/td><td class=\"column-11\">24.563.754\/0001-18<\/td><td class=\"column-12\">R$ 430.000,00<\/td><td class=\"column-13\">Encerrada<\/td><td class=\"column-14\">02004810004\/2021\t<\/td><td class=\"column-15\">10\/08\/2021<\/td><td class=\"column-16\"><\/td><td class=\"column-17\"><\/td>\n<\/tr>\n<tr class=\"row-399\">\n\t<td class=\"column-1\">416\/2021<\/td><td class=\"column-2\">416\/2021<\/td><td class=\"column-3\">16\/06\/2021<\/td><td class=\"column-4\">13\/07\/2021<\/td><td class=\"column-5\">Preg\u00e3o Eletr\u00f4nico<\/td><td class=\"column-6\">Menor Pre\u00e7o (Maior Desconto)<\/td><td class=\"column-7\">REGISTRO DE PRE\u00c7OS PARA FUTURA E EVENTUAL AQUISI\u00c7\u00c3O DE FORMA PARCELADA DE MATERIAL DE CONSTRU\u00c7\u00c3O GERAL, HIDR\u00c1ULICOS, EL\u00c9TRICOS, ESTRUTURAIS, ARTEFATOS DE CIMENTO, CER\u00c2MICOS, ACABAMENTO INTERNO E EXTERNO, FERRAMENTAL, MATERIAIS PAISAG\u00cdSTICOS, MADEIRAS EM GERAL, METAL\u00daRGICA E FUNILARIA, FERRAGENS E COBERTURA, PARA ATENDER AS NECESSIDADES DA SECRETARIA MUNICIPAL DE OBRAS ATENDENDO AS MANUTEN\u00c7\u00d5ES E\/OU PEQUENOS REPAROS DOS PR\u00c9DIOS P\u00daBLICOS DESTE MUNIC\u00cdPIO.<\/td><td class=\"column-8\">R$ 800.000,00<\/td><td class=\"column-9\">B. TRINDADE MATERIAL DE CONSTRU\u00c7\u00c3O EIRELI, REDE CONSTRUIR E COMERCIO EIRELI<\/td><td class=\"column-10\">REDE CONSTRUIR E COMERCIO EIRELI<\/td><td class=\"column-11\">24.563.754\/0001-18<\/td><td class=\"column-12\">R$ 430.000,00<\/td><td class=\"column-13\">Encerrada<\/td><td class=\"column-14\">02004805001\/2021\t<\/td><td class=\"column-15\">05\/08\/2021<\/td><td class=\"column-16\"><\/td><td class=\"column-17\"><\/td>\n<\/tr>\n<tr class=\"row-400\">\n\t<td class=\"column-1\">416\/2021<\/td><td class=\"column-2\">416\/2021<\/td><td class=\"column-3\">16\/06\/2021<\/td><td class=\"column-4\">13\/07\/2021<\/td><td class=\"column-5\">Preg\u00e3o Eletr\u00f4nico<\/td><td class=\"column-6\">Menor Pre\u00e7o (Maior Desconto)<\/td><td class=\"column-7\">REGISTRO DE PRE\u00c7OS PARA FUTURA E EVENTUAL AQUISI\u00c7\u00c3O DE FORMA PARCELADA DE MATERIAL DE CONSTRU\u00c7\u00c3O GERAL, HIDR\u00c1ULICOS, EL\u00c9TRICOS, ESTRUTURAIS, ARTEFATOS DE CIMENTO, CER\u00c2MICOS, ACABAMENTO INTERNO E EXTERNO, FERRAMENTAL, MATERIAIS PAISAG\u00cdSTICOS, MADEIRAS EM GERAL, METAL\u00daRGICA E FUNILARIA, FERRAGENS E COBERTURA, PARA ATENDER AS NECESSIDADES DA SECRETARIA MUNICIPAL DE OBRAS ATENDENDO AS MANUTEN\u00c7\u00d5ES E\/OU PEQUENOS REPAROS DOS PR\u00c9DIOS P\u00daBLICOS DESTE MUNIC\u00cdPIO.<\/td><td class=\"column-8\">R$ 800.000,00<\/td><td class=\"column-9\">B. TRINDADE MATERIAL DE CONSTRU\u00c7\u00c3O EIRELI, REDE CONSTRUIR E COMERCIO EIRELI<\/td><td class=\"column-10\">REDE CONSTRUIR E COMERCIO EIRELI<\/td><td class=\"column-11\">24.563.754\/0001-18<\/td><td class=\"column-12\">R$ 430.000,00<\/td><td class=\"column-13\">Encerrada<\/td><td class=\"column-14\">02004805003\/2021\t<\/td><td class=\"column-15\">05\/08\/2021<\/td><td class=\"column-16\"><\/td><td class=\"column-17\"><\/td>\n<\/tr>\n<tr class=\"row-401\">\n\t<td class=\"column-1\">418\/2021<\/td><td class=\"column-2\">418\/2021<\/td><td class=\"column-3\">14\/06\/2021<\/td><td class=\"column-4\">15\/06\/2021<\/td><td class=\"column-5\">Preg\u00e3o\/Ades\u00e3o<\/td><td class=\"column-6\">Menor Pre\u00e7o Por Item<\/td><td class=\"column-7\">REGISTRO DE PRE\u00c7OS PARA FUTURA CONTRATA\u00c7\u00c3O DE EMPRESA PARA AQUISI\u00c7\u00c3O PARCELADA DE MEDICAMENTOS DE ORIGENS B\u00c1SICOS, INJET\u00c1VEIS, DE USO HOSPITALAR E DA ATEN\u00c7\u00c3O B\u00c1SICA PARA SUPRIR AS NECESSIDADES DA POPULA\u00c7\u00c3O DESTE MUNIC\u00cdPIO POR USU\u00c1RIOS DO SISTEMA \u00daNICO DE SA\u00daDE (SUS), ATENDIDOS PELA FARM\u00c1CIA MUNICIPAL E UNIDADES B\u00c1SICAS DE SA\u00daDE.<\/td><td class=\"column-8\">R$ 1.104.462,95<\/td><td class=\"column-9\">BANDEIRANTES LABORATORIOS PROD. FARM. E HOSP. LTDA<\/td><td class=\"column-10\">BANDEIRANTES LABORATORIOS PROD. FARM. E HOSP. LTDA<\/td><td class=\"column-11\">70.027.479\/0001-35<\/td><td class=\"column-12\">R$ 1.002.806,60<\/td><td class=\"column-13\">Encerrada<\/td><td class=\"column-14\">03001616001\/2021\t<\/td><td class=\"column-15\">16\/06\/2021<\/td><td class=\"column-16\">60\/2021\t<\/td><td class=\"column-17\">15\/06\/2021<\/td>\n<\/tr>\n<tr class=\"row-402\">\n\t<td class=\"column-1\">418\/2021<\/td><td class=\"column-2\">418\/2021<\/td><td class=\"column-3\">14\/06\/2021<\/td><td class=\"column-4\">15\/06\/2021<\/td><td class=\"column-5\">Preg\u00e3o\/Ades\u00e3o<\/td><td class=\"column-6\">Menor Pre\u00e7o Por Item<\/td><td class=\"column-7\">REGISTRO DE PRE\u00c7OS PARA FUTURA CONTRATA\u00c7\u00c3O DE EMPRESA PARA AQUISI\u00c7\u00c3O PARCELADA DE MEDICAMENTOS DE ORIGENS B\u00c1SICOS, INJET\u00c1VEIS, DE USO HOSPITALAR E DA ATEN\u00c7\u00c3O B\u00c1SICA PARA SUPRIR AS NECESSIDADES DA POPULA\u00c7\u00c3O DESTE MUNIC\u00cdPIO POR USU\u00c1RIOS DO SISTEMA \u00daNICO DE SA\u00daDE (SUS), ATENDIDOS PELA FARM\u00c1CIA MUNICIPAL E UNIDADES B\u00c1SICAS DE SA\u00daDE.<\/td><td class=\"column-8\">R$ 1.104.462,95<\/td><td class=\"column-9\">BANDEIRANTES LABORATORIOS PROD. FARM. E HOSP. LTDA<\/td><td class=\"column-10\">BANDEIRANTES LABORATORIOS PROD. FARM. E HOSP. LTDA<\/td><td class=\"column-11\">70.027.479\/0001-35<\/td><td class=\"column-12\">R$ 1.002.806,60<\/td><td class=\"column-13\">Encerrada<\/td><td class=\"column-14\">03001616002\/2021\t<\/td><td class=\"column-15\">16\/06\/2021<\/td><td class=\"column-16\">60\/2021\t<\/td><td class=\"column-17\">15\/06\/2021<\/td>\n<\/tr>\n<tr class=\"row-403\">\n\t<td class=\"column-1\">418\/2021<\/td><td class=\"column-2\">418\/2021<\/td><td class=\"column-3\">14\/06\/2021<\/td><td class=\"column-4\">15\/06\/2021<\/td><td class=\"column-5\">Preg\u00e3o\/Ades\u00e3o<\/td><td class=\"column-6\">Menor Pre\u00e7o Por Item<\/td><td class=\"column-7\">REGISTRO DE PRE\u00c7OS PARA FUTURA CONTRATA\u00c7\u00c3O DE EMPRESA PARA AQUISI\u00c7\u00c3O PARCELADA DE MEDICAMENTOS DE ORIGENS B\u00c1SICOS, INJET\u00c1VEIS, DE USO HOSPITALAR E DA ATEN\u00c7\u00c3O B\u00c1SICA PARA SUPRIR AS NECESSIDADES DA POPULA\u00c7\u00c3O DESTE MUNIC\u00cdPIO POR USU\u00c1RIOS DO SISTEMA \u00daNICO DE SA\u00daDE (SUS), ATENDIDOS PELA FARM\u00c1CIA MUNICIPAL E UNIDADES B\u00c1SICAS DE SA\u00daDE.<\/td><td class=\"column-8\">R$ 1.104.462,95<\/td><td class=\"column-9\">BANDEIRANTES LABORATORIOS PROD. FARM. E HOSP. LTDA<\/td><td class=\"column-10\">BANDEIRANTES LABORATORIOS PROD. FARM. E HOSP. LTDA<\/td><td class=\"column-11\">70.027.479\/0001-35<\/td><td class=\"column-12\">R$ 1.002.806,60<\/td><td class=\"column-13\">Encerrada<\/td><td class=\"column-14\">03001803001\/2021\t<\/td><td class=\"column-15\">03\/08\/2021<\/td><td class=\"column-16\">60\/2021\t<\/td><td class=\"column-17\">15\/06\/2021<\/td>\n<\/tr>\n<tr class=\"row-404\">\n\t<td class=\"column-1\">418\/2021<\/td><td class=\"column-2\">418\/2021<\/td><td class=\"column-3\">14\/06\/2021<\/td><td class=\"column-4\">15\/06\/2021<\/td><td class=\"column-5\">Preg\u00e3o\/Ades\u00e3o<\/td><td class=\"column-6\">Menor Pre\u00e7o Por Item<\/td><td class=\"column-7\">REGISTRO DE PRE\u00c7OS PARA FUTURA CONTRATA\u00c7\u00c3O DE EMPRESA PARA AQUISI\u00c7\u00c3O PARCELADA DE MEDICAMENTOS DE ORIGENS B\u00c1SICOS, INJET\u00c1VEIS, DE USO HOSPITALAR E DA ATEN\u00c7\u00c3O B\u00c1SICA PARA SUPRIR AS NECESSIDADES DA POPULA\u00c7\u00c3O DESTE MUNIC\u00cdPIO POR USU\u00c1RIOS DO SISTEMA \u00daNICO DE SA\u00daDE (SUS), ATENDIDOS PELA FARM\u00c1CIA MUNICIPAL E UNIDADES B\u00c1SICAS DE SA\u00daDE.<\/td><td class=\"column-8\">R$ 1.104.462,95<\/td><td class=\"column-9\">BANDEIRANTES LABORATORIOS PROD. FARM. E HOSP. LTDA<\/td><td class=\"column-10\">BANDEIRANTES LABORATORIOS PROD. FARM. E HOSP. LTDA<\/td><td class=\"column-11\">70.027.479\/0001-35<\/td><td class=\"column-12\">R$ 1.002.806,60<\/td><td class=\"column-13\">Encerrada<\/td><td class=\"column-14\">03001803002\/2021\t<\/td><td class=\"column-15\">03\/08\/2021<\/td><td class=\"column-16\">60\/2021\t<\/td><td class=\"column-17\">15\/06\/2021<\/td>\n<\/tr>\n<tr class=\"row-405\">\n\t<td class=\"column-1\">418\/2021<\/td><td class=\"column-2\">418\/2021<\/td><td class=\"column-3\">14\/06\/2021<\/td><td class=\"column-4\">15\/06\/2021<\/td><td class=\"column-5\">Preg\u00e3o\/Ades\u00e3o<\/td><td class=\"column-6\">Menor Pre\u00e7o Por Item<\/td><td class=\"column-7\">REGISTRO DE PRE\u00c7OS PARA FUTURA CONTRATA\u00c7\u00c3O DE EMPRESA PARA AQUISI\u00c7\u00c3O PARCELADA DE MEDICAMENTOS DE ORIGENS B\u00c1SICOS, INJET\u00c1VEIS, DE USO HOSPITALAR E DA ATEN\u00c7\u00c3O B\u00c1SICA PARA SUPRIR AS NECESSIDADES DA POPULA\u00c7\u00c3O DESTE MUNIC\u00cdPIO POR USU\u00c1RIOS DO SISTEMA \u00daNICO DE SA\u00daDE (SUS), ATENDIDOS PELA FARM\u00c1CIA MUNICIPAL E UNIDADES B\u00c1SICAS DE SA\u00daDE.<\/td><td class=\"column-8\">R$ 1.104.462,95<\/td><td class=\"column-9\">BANDEIRANTES LABORATORIOS PROD. FARM. E HOSP. LTDA<\/td><td class=\"column-10\">BANDEIRANTES LABORATORIOS PROD. FARM. E HOSP. LTDA<\/td><td class=\"column-11\">70.027.479\/0001-35<\/td><td class=\"column-12\">R$ 1.002.806,60<\/td><td class=\"column-13\">Encerrada<\/td><td class=\"column-14\">03001803005\/2021\t<\/td><td class=\"column-15\">03\/08\/2021<\/td><td class=\"column-16\">60\/2021\t<\/td><td class=\"column-17\">15\/06\/2021<\/td>\n<\/tr>\n<tr class=\"row-406\">\n\t<td class=\"column-1\">418\/2021<\/td><td class=\"column-2\">418\/2021<\/td><td class=\"column-3\">14\/06\/2021<\/td><td class=\"column-4\">15\/06\/2021<\/td><td class=\"column-5\">Preg\u00e3o\/Ades\u00e3o<\/td><td class=\"column-6\">Menor Pre\u00e7o Por Item<\/td><td class=\"column-7\">REGISTRO DE PRE\u00c7OS PARA FUTURA CONTRATA\u00c7\u00c3O DE EMPRESA PARA AQUISI\u00c7\u00c3O PARCELADA DE MEDICAMENTOS DE ORIGENS B\u00c1SICOS, INJET\u00c1VEIS, DE USO HOSPITALAR E DA ATEN\u00c7\u00c3O B\u00c1SICA PARA SUPRIR AS NECESSIDADES DA POPULA\u00c7\u00c3O DESTE MUNIC\u00cdPIO POR USU\u00c1RIOS DO SISTEMA \u00daNICO DE SA\u00daDE (SUS), ATENDIDOS PELA FARM\u00c1CIA MUNICIPAL E UNIDADES B\u00c1SICAS DE SA\u00daDE.<\/td><td class=\"column-8\">R$ 1.104.462,95<\/td><td class=\"column-9\">BANDEIRANTES LABORATORIOS PROD. FARM. E HOSP. LTDA<\/td><td class=\"column-10\">BANDEIRANTES LABORATORIOS PROD. FARM. E HOSP. LTDA<\/td><td class=\"column-11\">70.027.479\/0001-35<\/td><td class=\"column-12\">R$ 1.002.806,60<\/td><td class=\"column-13\">Encerrada<\/td><td class=\"column-14\">030011101003\/2021\t<\/td><td class=\"column-15\">01\/11\/2021<\/td><td class=\"column-16\">60\/2021\t<\/td><td class=\"column-17\">15\/06\/2021<\/td>\n<\/tr>\n<tr class=\"row-407\">\n\t<td class=\"column-1\">418\/2021<\/td><td class=\"column-2\">418\/2021<\/td><td class=\"column-3\">14\/06\/2021<\/td><td class=\"column-4\">15\/06\/2021<\/td><td class=\"column-5\">Preg\u00e3o\/Ades\u00e3o<\/td><td class=\"column-6\">Menor Pre\u00e7o Por Item<\/td><td class=\"column-7\">REGISTRO DE PRE\u00c7OS PARA FUTURA CONTRATA\u00c7\u00c3O DE EMPRESA PARA AQUISI\u00c7\u00c3O PARCELADA DE MEDICAMENTOS DE ORIGENS B\u00c1SICOS, INJET\u00c1VEIS, DE USO HOSPITALAR E DA ATEN\u00c7\u00c3O B\u00c1SICA PARA SUPRIR AS NECESSIDADES DA POPULA\u00c7\u00c3O DESTE MUNIC\u00cdPIO POR USU\u00c1RIOS DO SISTEMA \u00daNICO DE SA\u00daDE (SUS), ATENDIDOS PELA FARM\u00c1CIA MUNICIPAL E UNIDADES B\u00c1SICAS DE SA\u00daDE.<\/td><td class=\"column-8\">R$ 1.104.462,95<\/td><td class=\"column-9\">BANDEIRANTES LABORATORIOS PROD. FARM. E HOSP. LTDA<\/td><td class=\"column-10\">BANDEIRANTES LABORATORIOS PROD. FARM. E HOSP. LTDA<\/td><td class=\"column-11\">70.027.479\/0001-35<\/td><td class=\"column-12\">R$ 1.002.806,60<\/td><td class=\"column-13\">Encerrada<\/td><td class=\"column-14\">030011101004\/2021\t<\/td><td class=\"column-15\">01\/11\/2021<\/td><td class=\"column-16\">60\/2021\t<\/td><td class=\"column-17\">15\/06\/2021<\/td>\n<\/tr>\n<tr class=\"row-408\">\n\t<td class=\"column-1\">418\/2021<\/td><td class=\"column-2\">418\/2021<\/td><td class=\"column-3\">14\/06\/2021<\/td><td class=\"column-4\">15\/06\/2021<\/td><td class=\"column-5\">Preg\u00e3o\/Ades\u00e3o<\/td><td class=\"column-6\">Menor Pre\u00e7o Por Item<\/td><td class=\"column-7\">REGISTRO DE PRE\u00c7OS PARA FUTURA CONTRATA\u00c7\u00c3O DE EMPRESA PARA AQUISI\u00c7\u00c3O PARCELADA DE MEDICAMENTOS DE ORIGENS B\u00c1SICOS, INJET\u00c1VEIS, DE USO HOSPITALAR E DA ATEN\u00c7\u00c3O B\u00c1SICA PARA SUPRIR AS NECESSIDADES DA POPULA\u00c7\u00c3O DESTE MUNIC\u00cdPIO POR USU\u00c1RIOS DO SISTEMA \u00daNICO DE SA\u00daDE (SUS), ATENDIDOS PELA FARM\u00c1CIA MUNICIPAL E UNIDADES B\u00c1SICAS DE SA\u00daDE.<\/td><td class=\"column-8\">R$ 1.104.462,95<\/td><td class=\"column-9\">BANDEIRANTES LABORATORIOS PROD. FARM. E HOSP. LTDA<\/td><td class=\"column-10\">BANDEIRANTES LABORATORIOS PROD. FARM. E HOSP. LTDA<\/td><td class=\"column-11\">70.027.479\/0001-35<\/td><td class=\"column-12\">R$ 1.002.806,60<\/td><td class=\"column-13\">Encerrada<\/td><td class=\"column-14\">030011202002\/2021\t<\/td><td class=\"column-15\">02\/12\/2021<\/td><td class=\"column-16\">60\/2021\t<\/td><td class=\"column-17\">15\/06\/2021<\/td>\n<\/tr>\n<tr class=\"row-409\">\n\t<td class=\"column-1\">418\/2021<\/td><td class=\"column-2\">418\/2021<\/td><td class=\"column-3\">14\/06\/2021<\/td><td class=\"column-4\">15\/06\/2021<\/td><td class=\"column-5\">Preg\u00e3o\/Ades\u00e3o<\/td><td class=\"column-6\">Menor Pre\u00e7o Por Item<\/td><td class=\"column-7\">REGISTRO DE PRE\u00c7OS PARA FUTURA CONTRATA\u00c7\u00c3O DE EMPRESA PARA AQUISI\u00c7\u00c3O PARCELADA DE MEDICAMENTOS DE ORIGENS B\u00c1SICOS, INJET\u00c1VEIS, DE USO HOSPITALAR E DA ATEN\u00c7\u00c3O B\u00c1SICA PARA SUPRIR AS NECESSIDADES DA POPULA\u00c7\u00c3O DESTE MUNIC\u00cdPIO POR USU\u00c1RIOS DO SISTEMA \u00daNICO DE SA\u00daDE (SUS), ATENDIDOS PELA FARM\u00c1CIA MUNICIPAL E UNIDADES B\u00c1SICAS DE SA\u00daDE.<\/td><td class=\"column-8\">R$ 1.104.462,95<\/td><td class=\"column-9\">BANDEIRANTES LABORATORIOS PROD. FARM. E HOSP. LTDA<\/td><td class=\"column-10\">BANDEIRANTES LABORATORIOS PROD. FARM. E HOSP. LTDA<\/td><td class=\"column-11\">70.027.479\/0001-35<\/td><td class=\"column-12\">R$ 1.002.806,60<\/td><td class=\"column-13\">Encerrada<\/td><td class=\"column-14\">030011203001\/2021\t<\/td><td class=\"column-15\">02\/12\/2021<\/td><td class=\"column-16\">60\/2021\t<\/td><td class=\"column-17\">15\/06\/2021<\/td>\n<\/tr>\n<tr class=\"row-410\">\n\t<td class=\"column-1\">418\/2021<\/td><td class=\"column-2\">418\/2021<\/td><td class=\"column-3\">14\/06\/2021<\/td><td class=\"column-4\">15\/06\/2021<\/td><td class=\"column-5\">Preg\u00e3o\/Ades\u00e3o<\/td><td class=\"column-6\">Menor Pre\u00e7o Por Item<\/td><td class=\"column-7\">REGISTRO DE PRE\u00c7OS PARA FUTURA CONTRATA\u00c7\u00c3O DE EMPRESA PARA AQUISI\u00c7\u00c3O PARCELADA DE MEDICAMENTOS DE ORIGENS B\u00c1SICOS, INJET\u00c1VEIS, DE USO HOSPITALAR E DA ATEN\u00c7\u00c3O B\u00c1SICA PARA SUPRIR AS NECESSIDADES DA POPULA\u00c7\u00c3O DESTE MUNIC\u00cdPIO POR USU\u00c1RIOS DO SISTEMA \u00daNICO DE SA\u00daDE (SUS), ATENDIDOS PELA FARM\u00c1CIA MUNICIPAL E UNIDADES B\u00c1SICAS DE SA\u00daDE.<\/td><td class=\"column-8\">R$ 1.104.462,95<\/td><td class=\"column-9\">BANDEIRANTES LABORATORIOS PROD. FARM. E HOSP. LTDA<\/td><td class=\"column-10\">BANDEIRANTES LABORATORIOS PROD. FARM. E HOSP. LTDA<\/td><td class=\"column-11\">70.027.479\/0001-35<\/td><td class=\"column-12\">R$ 1.002.806,60<\/td><td class=\"column-13\">Encerrada<\/td><td class=\"column-14\">030011202003\/2021\t<\/td><td class=\"column-15\">02\/12\/2021<\/td><td class=\"column-16\">60\/2021\t<\/td><td class=\"column-17\">15\/06\/2021<\/td>\n<\/tr>\n<tr class=\"row-411\">\n\t<td class=\"column-1\">418\/2021<\/td><td class=\"column-2\">418\/2021<\/td><td class=\"column-3\">14\/06\/2021<\/td><td class=\"column-4\">15\/06\/2021<\/td><td class=\"column-5\">Preg\u00e3o\/Ades\u00e3o<\/td><td class=\"column-6\">Menor Pre\u00e7o Por Item<\/td><td class=\"column-7\">REGISTRO DE PRE\u00c7OS PARA FUTURA CONTRATA\u00c7\u00c3O DE EMPRESA PARA AQUISI\u00c7\u00c3O PARCELADA DE MEDICAMENTOS DE ORIGENS B\u00c1SICOS, INJET\u00c1VEIS, DE USO HOSPITALAR E DA ATEN\u00c7\u00c3O B\u00c1SICA PARA SUPRIR AS NECESSIDADES DA POPULA\u00c7\u00c3O DESTE MUNIC\u00cdPIO POR USU\u00c1RIOS DO SISTEMA \u00daNICO DE SA\u00daDE (SUS), ATENDIDOS PELA FARM\u00c1CIA MUNICIPAL E UNIDADES B\u00c1SICAS DE SA\u00daDE.<\/td><td class=\"column-8\">R$ 1.104.462,95<\/td><td class=\"column-9\">BANDEIRANTES LABORATORIOS PROD. FARM. E HOSP. LTDA<\/td><td class=\"column-10\">BANDEIRANTES LABORATORIOS PROD. FARM. E HOSP. LTDA<\/td><td class=\"column-11\">70.027.479\/0001-35<\/td><td class=\"column-12\">R$ 1.002.806,60<\/td><td class=\"column-13\">Encerrada<\/td><td class=\"column-14\">03001803006\/2021\t<\/td><td class=\"column-15\">03\/08\/2021<\/td><td class=\"column-16\">60\/2021\t<\/td><td class=\"column-17\">15\/06\/2021<\/td>\n<\/tr>\n<tr class=\"row-412\">\n\t<td class=\"column-1\">418\/2021<\/td><td class=\"column-2\">418\/2021<\/td><td class=\"column-3\">14\/06\/2021<\/td><td class=\"column-4\">15\/06\/2021<\/td><td class=\"column-5\">Preg\u00e3o\/Ades\u00e3o<\/td><td class=\"column-6\">Menor Pre\u00e7o Por Item<\/td><td class=\"column-7\">REGISTRO DE PRE\u00c7OS PARA FUTURA CONTRATA\u00c7\u00c3O DE EMPRESA PARA AQUISI\u00c7\u00c3O PARCELADA DE MEDICAMENTOS DE ORIGENS B\u00c1SICOS, INJET\u00c1VEIS, DE USO HOSPITALAR E DA ATEN\u00c7\u00c3O B\u00c1SICA PARA SUPRIR AS NECESSIDADES DA POPULA\u00c7\u00c3O DESTE MUNIC\u00cdPIO POR USU\u00c1RIOS DO SISTEMA \u00daNICO DE SA\u00daDE (SUS), ATENDIDOS PELA FARM\u00c1CIA MUNICIPAL E UNIDADES B\u00c1SICAS DE SA\u00daDE.<\/td><td class=\"column-8\">R$ 1.104.462,95<\/td><td class=\"column-9\">BANDEIRANTES LABORATORIOS PROD. FARM. E HOSP. LTDA<\/td><td class=\"column-10\">BANDEIRANTES LABORATORIOS PROD. FARM. E HOSP. LTDA<\/td><td class=\"column-11\">70.027.479\/0001-35<\/td><td class=\"column-12\">R$ 1.002.806,60<\/td><td class=\"column-13\">Encerrada<\/td><td class=\"column-14\">03001803007\/2021\t<\/td><td class=\"column-15\">03\/08\/2021<\/td><td class=\"column-16\">60\/2021\t<\/td><td class=\"column-17\">15\/06\/2021<\/td>\n<\/tr>\n<tr class=\"row-413\">\n\t<td class=\"column-1\">418\/2021<\/td><td class=\"column-2\">418\/2021<\/td><td class=\"column-3\">14\/06\/2021<\/td><td class=\"column-4\">15\/06\/2021<\/td><td class=\"column-5\">Preg\u00e3o\/Ades\u00e3o<\/td><td class=\"column-6\">Menor Pre\u00e7o Por Item<\/td><td class=\"column-7\">REGISTRO DE PRE\u00c7OS PARA FUTURA CONTRATA\u00c7\u00c3O DE EMPRESA PARA AQUISI\u00c7\u00c3O PARCELADA DE MEDICAMENTOS DE ORIGENS B\u00c1SICOS, INJET\u00c1VEIS, DE USO HOSPITALAR E DA ATEN\u00c7\u00c3O B\u00c1SICA PARA SUPRIR AS NECESSIDADES DA POPULA\u00c7\u00c3O DESTE MUNIC\u00cdPIO POR USU\u00c1RIOS DO SISTEMA \u00daNICO DE SA\u00daDE (SUS), ATENDIDOS PELA FARM\u00c1CIA MUNICIPAL E UNIDADES B\u00c1SICAS DE SA\u00daDE.<\/td><td class=\"column-8\">R$ 1.104.462,95<\/td><td class=\"column-9\">BANDEIRANTES LABORATORIOS PROD. FARM. E HOSP. LTDA<\/td><td class=\"column-10\">BANDEIRANTES LABORATORIOS PROD. FARM. E HOSP. LTDA<\/td><td class=\"column-11\">70.027.479\/0001-35<\/td><td class=\"column-12\">R$ 1.002.806,60<\/td><td class=\"column-13\">Encerrada<\/td><td class=\"column-14\">03001929001\/2021\t<\/td><td class=\"column-15\">29\/09\/2021<\/td><td class=\"column-16\">60\/2021\t<\/td><td class=\"column-17\">15\/06\/2021<\/td>\n<\/tr>\n<tr class=\"row-414\">\n\t<td class=\"column-1\">418\/2021<\/td><td class=\"column-2\">418\/2021<\/td><td class=\"column-3\">14\/06\/2021<\/td><td class=\"column-4\">15\/06\/2021<\/td><td class=\"column-5\">Preg\u00e3o\/Ades\u00e3o<\/td><td class=\"column-6\">Menor Pre\u00e7o Por Item<\/td><td class=\"column-7\">REGISTRO DE PRE\u00c7OS PARA FUTURA CONTRATA\u00c7\u00c3O DE EMPRESA PARA AQUISI\u00c7\u00c3O PARCELADA DE MEDICAMENTOS DE ORIGENS B\u00c1SICOS, INJET\u00c1VEIS, DE USO HOSPITALAR E DA ATEN\u00c7\u00c3O B\u00c1SICA PARA SUPRIR AS NECESSIDADES DA POPULA\u00c7\u00c3O DESTE MUNIC\u00cdPIO POR USU\u00c1RIOS DO SISTEMA \u00daNICO DE SA\u00daDE (SUS), ATENDIDOS PELA FARM\u00c1CIA MUNICIPAL E UNIDADES B\u00c1SICAS DE SA\u00daDE.<\/td><td class=\"column-8\">R$ 1.104.462,95<\/td><td class=\"column-9\">BANDEIRANTES LABORATORIOS PROD. FARM. E HOSP. LTDA<\/td><td class=\"column-10\">BANDEIRANTES LABORATORIOS PROD. FARM. E HOSP. LTDA<\/td><td class=\"column-11\">70.027.479\/0001-35<\/td><td class=\"column-12\">R$ 1.002.806,60<\/td><td class=\"column-13\">Encerrada<\/td><td class=\"column-14\">03001928001\/2021\t<\/td><td class=\"column-15\">28\/09\/2021<\/td><td class=\"column-16\">60\/2021\t<\/td><td class=\"column-17\">15\/06\/2021<\/td>\n<\/tr>\n<tr class=\"row-415\">\n\t<td class=\"column-1\">418\/2021<\/td><td class=\"column-2\">418\/2021<\/td><td class=\"column-3\">14\/06\/2021<\/td><td class=\"column-4\">15\/06\/2021<\/td><td class=\"column-5\">Preg\u00e3o\/Ades\u00e3o<\/td><td class=\"column-6\">Menor Pre\u00e7o Por Item<\/td><td class=\"column-7\">REGISTRO DE PRE\u00c7OS PARA FUTURA CONTRATA\u00c7\u00c3O DE EMPRESA PARA AQUISI\u00c7\u00c3O PARCELADA DE MEDICAMENTOS DE ORIGENS B\u00c1SICOS, INJET\u00c1VEIS, DE USO HOSPITALAR E DA ATEN\u00c7\u00c3O B\u00c1SICA PARA SUPRIR AS NECESSIDADES DA POPULA\u00c7\u00c3O DESTE MUNIC\u00cdPIO POR USU\u00c1RIOS DO SISTEMA \u00daNICO DE SA\u00daDE (SUS), ATENDIDOS PELA FARM\u00c1CIA MUNICIPAL E UNIDADES B\u00c1SICAS DE SA\u00daDE.<\/td><td class=\"column-8\">R$ 1.104.462,95<\/td><td class=\"column-9\">BANDEIRANTES LABORATORIOS PROD. FARM. E HOSP. LTDA<\/td><td class=\"column-10\">BANDEIRANTES LABORATORIOS PROD. FARM. E HOSP. LTDA<\/td><td class=\"column-11\">70.027.479\/0001-35<\/td><td class=\"column-12\">R$ 1.002.806,60<\/td><td class=\"column-13\">Encerrada<\/td><td class=\"column-14\">03001903002\/2021\t<\/td><td class=\"column-15\">03\/09\/2021<\/td><td class=\"column-16\">60\/2021\t<\/td><td class=\"column-17\">15\/06\/2021<\/td>\n<\/tr>\n<tr class=\"row-416\">\n\t<td class=\"column-1\">418\/2021<\/td><td class=\"column-2\">418\/2021<\/td><td class=\"column-3\">14\/06\/2021<\/td><td class=\"column-4\">15\/06\/2021<\/td><td class=\"column-5\">Preg\u00e3o\/Ades\u00e3o<\/td><td class=\"column-6\">Menor Pre\u00e7o Por Item<\/td><td class=\"column-7\">REGISTRO DE PRE\u00c7OS PARA FUTURA CONTRATA\u00c7\u00c3O DE EMPRESA PARA AQUISI\u00c7\u00c3O PARCELADA DE MEDICAMENTOS DE ORIGENS B\u00c1SICOS, INJET\u00c1VEIS, DE USO HOSPITALAR E DA ATEN\u00c7\u00c3O B\u00c1SICA PARA SUPRIR AS NECESSIDADES DA POPULA\u00c7\u00c3O DESTE MUNIC\u00cdPIO POR USU\u00c1RIOS DO SISTEMA \u00daNICO DE SA\u00daDE (SUS), ATENDIDOS PELA FARM\u00c1CIA MUNICIPAL E UNIDADES B\u00c1SICAS DE SA\u00daDE.<\/td><td class=\"column-8\">R$ 1.104.462,95<\/td><td class=\"column-9\">BANDEIRANTES LABORATORIOS PROD. FARM. E HOSP. LTDA<\/td><td class=\"column-10\">BANDEIRANTES LABORATORIOS PROD. FARM. E HOSP. LTDA<\/td><td class=\"column-11\">70.027.479\/0001-35<\/td><td class=\"column-12\">R$ 1.002.806,60<\/td><td class=\"column-13\">Encerrada<\/td><td class=\"column-14\">030011101002\/2021\t<\/td><td class=\"column-15\">01\/11\/2021<\/td><td class=\"column-16\">60\/2021\t<\/td><td class=\"column-17\">15\/06\/2021<\/td>\n<\/tr>\n<tr class=\"row-417\">\n\t<td class=\"column-1\">419\/2021<\/td><td class=\"column-2\">419\/2021<\/td><td class=\"column-3\">29\/06\/2021<\/td><td class=\"column-4\"><\/td><td class=\"column-5\">Preg\u00e3o Eletr\u00f4nico<\/td><td class=\"column-6\">Menor Pre\u00e7o por Lote<\/td><td class=\"column-7\">Contrata\u00e7\u00e3o de empresa especializada em presta\u00e7\u00e3o de Servi\u00e7os de Manuten\u00e7\u00e3o Preventiva e Corretiva para a frota veicular do Munic\u00edpio de Lajes\/RN, com fornecimento de pe\u00e7as originais do fabricante ou fornecedor autorizado, incluindo-se todos os servi\u00e7os de mec\u00e2nica em geral, funilaria, pintura, tape\u00e7aria, eletricidade, ar-condicionado, caixa de c\u00e2mbio e outros afins<\/td><td class=\"column-8\">R$ 937.666,00<\/td><td class=\"column-9\"><\/td><td class=\"column-10\"><\/td><td class=\"column-11\"><\/td><td class=\"column-12\"><\/td><td class=\"column-13\">Anulada<\/td><td class=\"column-14\"><\/td><td class=\"column-15\"><\/td><td class=\"column-16\"><\/td><td class=\"column-17\"><\/td>\n<\/tr>\n<tr class=\"row-418\">\n\t<td class=\"column-1\">420\/2021<\/td><td class=\"column-2\">420\/2021<\/td><td class=\"column-3\">28\/06\/2021<\/td><td class=\"column-4\">28\/06\/2021<\/td><td class=\"column-5\">Preg\u00e3o\/Ades\u00e3o<\/td><td class=\"column-6\">Menor Pre\u00e7o Por Item<\/td><td class=\"column-7\">REGISTRO DE PRE\u00c7OS PARA FUTURA CONTRATA\u00c7\u00c3O DE EMPRESA PARA AQUISI\u00c7\u00c3O PARCELADA DE MATERIAL M\u00c9DICO HOSPITALAR PARA SUPRIR AS NECESSIDADES DA POPULA\u00c7\u00c3O DESTE MUNIC\u00cdPIO POR USU\u00c1RIOS DO SISTEMA \u00daNICO DE SA\u00daDE (SUS), ATENDIDOS PELAS UNIDADES B\u00c1SICAS DE SA\u00daDE.<\/td><td class=\"column-8\">R$ 614.283,70<\/td><td class=\"column-9\">BANDEIRANTES LABORATORIOS PROD. FARM. E HOSP. LTDA<\/td><td class=\"column-10\">BANDEIRANTES LABORATORIOS PROD. FARM. E HOSP. LTDA<\/td><td class=\"column-11\">70.027.479\/0001-35<\/td><td class=\"column-12\">R$ 495.122,30<\/td><td class=\"column-13\">Encerrada<\/td><td class=\"column-14\">03001803003\/2021\t<\/td><td class=\"column-15\">03\/08\/2021<\/td><td class=\"column-16\">66\/2021\t<\/td><td class=\"column-17\">28\/06\/2021<\/td>\n<\/tr>\n<tr class=\"row-419\">\n\t<td class=\"column-1\">420\/2021<\/td><td class=\"column-2\">420\/2021<\/td><td class=\"column-3\">28\/06\/2021<\/td><td class=\"column-4\">28\/06\/2021<\/td><td class=\"column-5\">Preg\u00e3o\/Ades\u00e3o<\/td><td class=\"column-6\">Menor Pre\u00e7o Por Item<\/td><td class=\"column-7\">REGISTRO DE PRE\u00c7OS PARA FUTURA CONTRATA\u00c7\u00c3O DE EMPRESA PARA AQUISI\u00c7\u00c3O PARCELADA DE MATERIAL M\u00c9DICO HOSPITALAR PARA SUPRIR AS NECESSIDADES DA POPULA\u00c7\u00c3O DESTE MUNIC\u00cdPIO POR USU\u00c1RIOS DO SISTEMA \u00daNICO DE SA\u00daDE (SUS), ATENDIDOS PELAS UNIDADES B\u00c1SICAS DE SA\u00daDE.<\/td><td class=\"column-8\">R$ 614.283,70<\/td><td class=\"column-9\">BANDEIRANTES LABORATORIOS PROD. FARM. E HOSP. LTDA<\/td><td class=\"column-10\">BANDEIRANTES LABORATORIOS PROD. FARM. E HOSP. LTDA<\/td><td class=\"column-11\">70.027.479\/0001-35<\/td><td class=\"column-12\">R$ 495.122,30<\/td><td class=\"column-13\">Encerrada<\/td><td class=\"column-14\">03001803004\/2021\t<\/td><td class=\"column-15\">03\/08\/2021<\/td><td class=\"column-16\">66\/2021\t<\/td><td class=\"column-17\">28\/06\/2021<\/td>\n<\/tr>\n<tr class=\"row-420\">\n\t<td class=\"column-1\">420\/2021<\/td><td class=\"column-2\">420\/2021<\/td><td class=\"column-3\">28\/06\/2021<\/td><td class=\"column-4\">28\/06\/2021<\/td><td class=\"column-5\">Preg\u00e3o\/Ades\u00e3o<\/td><td class=\"column-6\">Menor Pre\u00e7o Por Item<\/td><td class=\"column-7\">REGISTRO DE PRE\u00c7OS PARA FUTURA CONTRATA\u00c7\u00c3O DE EMPRESA PARA AQUISI\u00c7\u00c3O PARCELADA DE MATERIAL M\u00c9DICO HOSPITALAR PARA SUPRIR AS NECESSIDADES DA POPULA\u00c7\u00c3O DESTE MUNIC\u00cdPIO POR USU\u00c1RIOS DO SISTEMA \u00daNICO DE SA\u00daDE (SUS), ATENDIDOS PELAS UNIDADES B\u00c1SICAS DE SA\u00daDE.<\/td><td class=\"column-8\">R$ 614.283,70<\/td><td class=\"column-9\">BANDEIRANTES LABORATORIOS PROD. FARM. E HOSP. LTDA<\/td><td class=\"column-10\">BANDEIRANTES LABORATORIOS PROD. FARM. E HOSP. LTDA<\/td><td class=\"column-11\">70.027.479\/0001-35<\/td><td class=\"column-12\">R$ 495.122,30<\/td><td class=\"column-13\">Encerrada<\/td><td class=\"column-14\">03001929002\/2021\t<\/td><td class=\"column-15\">29\/09\/2021<\/td><td class=\"column-16\">66\/2021\t<\/td><td class=\"column-17\">28\/06\/2021<\/td>\n<\/tr>\n<tr class=\"row-421\">\n\t<td class=\"column-1\">420\/2021<\/td><td class=\"column-2\">420\/2021<\/td><td class=\"column-3\">28\/06\/2021<\/td><td class=\"column-4\">28\/06\/2021<\/td><td class=\"column-5\">Preg\u00e3o\/Ades\u00e3o<\/td><td class=\"column-6\">Menor Pre\u00e7o Por Item<\/td><td class=\"column-7\">REGISTRO DE PRE\u00c7OS PARA FUTURA CONTRATA\u00c7\u00c3O DE EMPRESA PARA AQUISI\u00c7\u00c3O PARCELADA DE MATERIAL M\u00c9DICO HOSPITALAR PARA SUPRIR AS NECESSIDADES DA POPULA\u00c7\u00c3O DESTE MUNIC\u00cdPIO POR USU\u00c1RIOS DO SISTEMA \u00daNICO DE SA\u00daDE (SUS), ATENDIDOS PELAS UNIDADES B\u00c1SICAS DE SA\u00daDE.<\/td><td class=\"column-8\">R$ 614.283,70<\/td><td class=\"column-9\">BANDEIRANTES LABORATORIOS PROD. FARM. E HOSP. LTDA<\/td><td class=\"column-10\">BANDEIRANTES LABORATORIOS PROD. FARM. E HOSP. LTDA<\/td><td class=\"column-11\">70.027.479\/0001-35<\/td><td class=\"column-12\">R$ 495.122,30<\/td><td class=\"column-13\">Encerrada<\/td><td class=\"column-14\">03001902001\/2021\t<\/td><td class=\"column-15\">02\/09\/2021<\/td><td class=\"column-16\">66\/2021\t<\/td><td class=\"column-17\">28\/06\/2021<\/td>\n<\/tr>\n<tr class=\"row-422\">\n\t<td class=\"column-1\">420\/2021<\/td><td class=\"column-2\">420\/2021<\/td><td class=\"column-3\">28\/06\/2021<\/td><td class=\"column-4\">28\/06\/2021<\/td><td class=\"column-5\">Preg\u00e3o\/Ades\u00e3o<\/td><td class=\"column-6\">Menor Pre\u00e7o Por Item<\/td><td class=\"column-7\">REGISTRO DE PRE\u00c7OS PARA FUTURA CONTRATA\u00c7\u00c3O DE EMPRESA PARA AQUISI\u00c7\u00c3O PARCELADA DE MATERIAL M\u00c9DICO HOSPITALAR PARA SUPRIR AS NECESSIDADES DA POPULA\u00c7\u00c3O DESTE MUNIC\u00cdPIO POR USU\u00c1RIOS DO SISTEMA \u00daNICO DE SA\u00daDE (SUS), ATENDIDOS PELAS UNIDADES B\u00c1SICAS DE SA\u00daDE.<\/td><td class=\"column-8\">R$ 614.283,70<\/td><td class=\"column-9\">BANDEIRANTES LABORATORIOS PROD. FARM. E HOSP. LTDA<\/td><td class=\"column-10\">BANDEIRANTES LABORATORIOS PROD. FARM. E HOSP. LTDA<\/td><td class=\"column-11\">70.027.479\/0001-35<\/td><td class=\"column-12\">R$ 495.122,30<\/td><td class=\"column-13\">Encerrada<\/td><td class=\"column-14\">030011101005\/2021\t<\/td><td class=\"column-15\">01\/11\/2021<\/td><td class=\"column-16\">66\/2021\t<\/td><td class=\"column-17\">28\/06\/2021<\/td>\n<\/tr>\n<tr class=\"row-423\">\n\t<td class=\"column-1\">420\/2021<\/td><td class=\"column-2\">420\/2021<\/td><td class=\"column-3\">28\/06\/2021<\/td><td class=\"column-4\">28\/06\/2021<\/td><td class=\"column-5\">Preg\u00e3o\/Ades\u00e3o<\/td><td class=\"column-6\">Menor Pre\u00e7o Por Item<\/td><td class=\"column-7\">REGISTRO DE PRE\u00c7OS PARA FUTURA CONTRATA\u00c7\u00c3O DE EMPRESA PARA AQUISI\u00c7\u00c3O PARCELADA DE MATERIAL M\u00c9DICO HOSPITALAR PARA SUPRIR AS NECESSIDADES DA POPULA\u00c7\u00c3O DESTE MUNIC\u00cdPIO POR USU\u00c1RIOS DO SISTEMA \u00daNICO DE SA\u00daDE (SUS), ATENDIDOS PELAS UNIDADES B\u00c1SICAS DE SA\u00daDE.<\/td><td class=\"column-8\">R$ 614.283,70<\/td><td class=\"column-9\">BANDEIRANTES LABORATORIOS PROD. FARM. E HOSP. LTDA<\/td><td class=\"column-10\">BANDEIRANTES LABORATORIOS PROD. FARM. E HOSP. LTDA<\/td><td class=\"column-11\">70.027.479\/0001-35<\/td><td class=\"column-12\">R$ 495.122,30<\/td><td class=\"column-13\">Encerrada<\/td><td class=\"column-14\">030011111002\/2021\t<\/td><td class=\"column-15\">11\/11\/2021<\/td><td class=\"column-16\">66\/2021\t<\/td><td class=\"column-17\">28\/06\/2021<\/td>\n<\/tr>\n<tr class=\"row-424\">\n\t<td class=\"column-1\">420\/2021<\/td><td class=\"column-2\">420\/2021<\/td><td class=\"column-3\">28\/06\/2021<\/td><td class=\"column-4\">28\/06\/2021<\/td><td class=\"column-5\">Preg\u00e3o\/Ades\u00e3o<\/td><td class=\"column-6\">Menor Pre\u00e7o Por Item<\/td><td class=\"column-7\">REGISTRO DE PRE\u00c7OS PARA FUTURA CONTRATA\u00c7\u00c3O DE EMPRESA PARA AQUISI\u00c7\u00c3O PARCELADA DE MATERIAL M\u00c9DICO HOSPITALAR PARA SUPRIR AS NECESSIDADES DA POPULA\u00c7\u00c3O DESTE MUNIC\u00cdPIO POR USU\u00c1RIOS DO SISTEMA \u00daNICO DE SA\u00daDE (SUS), ATENDIDOS PELAS UNIDADES B\u00c1SICAS DE SA\u00daDE.<\/td><td class=\"column-8\">R$ 614.283,70<\/td><td class=\"column-9\">BANDEIRANTES LABORATORIOS PROD. FARM. E HOSP. LTDA<\/td><td class=\"column-10\">BANDEIRANTES LABORATORIOS PROD. FARM. E HOSP. LTDA<\/td><td class=\"column-11\">70.027.479\/0001-35<\/td><td class=\"column-12\">R$ 495.122,30<\/td><td class=\"column-13\">Encerrada<\/td><td class=\"column-14\">030011216002\/2021\t<\/td><td class=\"column-15\">02\/12\/2021<\/td><td class=\"column-16\">66\/2021\t<\/td><td class=\"column-17\">28\/06\/2021<\/td>\n<\/tr>\n<tr class=\"row-425\">\n\t<td class=\"column-1\">431\/2021<\/td><td class=\"column-2\">431\/2021<\/td><td class=\"column-3\">19\/07\/2021<\/td><td class=\"column-4\">19\/07\/2021<\/td><td class=\"column-5\">Preg\u00e3o Presencial<\/td><td class=\"column-6\">Menor Pre\u00e7o por Lote<\/td><td class=\"column-7\">CONTRATA\u00c7\u00c3O DE EMPRESA PARA A PRESTA\u00c7\u00c3O DE SERVI\u00c7OS DE SA\u00daDE, CONTEMPLANDO A PRESTA\u00c7\u00c3O DE SERVI\u00c7OS M\u00c9DICOS E AFINS; DE ENFERMAGEM E REALIZA\u00c7\u00c3O DE RAIO-X<\/td><td class=\"column-8\">R$ 5.829.885,00<\/td><td class=\"column-9\">MASTERCOOP - COOPERRATIVA DE TRABALHO DE SA\u00daDE, MC SOLU\u00c7\u00d5ES EIRELI, PROSEG CONSULTORIA E SERVI\u00c7OS ESPECIALIZADOS EIRELI<\/td><td class=\"column-10\">MC SOLU\u00c7\u00d5ES EIRELI<\/td><td class=\"column-11\">28.366.950\/0001-53<\/td><td class=\"column-12\">R$ 5.412.695,00<\/td><td class=\"column-13\">Encerrada<\/td><td class=\"column-14\">03001802003\/2021\t<\/td><td class=\"column-15\">02\/08\/2021<\/td><td class=\"column-16\"><\/td><td class=\"column-17\"><\/td>\n<\/tr>\n<tr class=\"row-426\">\n\t<td class=\"column-1\">431\/2021<\/td><td class=\"column-2\">431\/2021<\/td><td class=\"column-3\">19\/07\/2021<\/td><td class=\"column-4\">19\/07\/2021<\/td><td class=\"column-5\">Preg\u00e3o Presencial<\/td><td class=\"column-6\">Menor Pre\u00e7o por Lote<\/td><td class=\"column-7\">CONTRATA\u00c7\u00c3O DE EMPRESA PARA A PRESTA\u00c7\u00c3O DE SERVI\u00c7OS DE SA\u00daDE, CONTEMPLANDO A PRESTA\u00c7\u00c3O DE SERVI\u00c7OS M\u00c9DICOS E AFINS; DE ENFERMAGEM E REALIZA\u00c7\u00c3O DE RAIO-X<\/td><td class=\"column-8\">R$ 5.829.885,00<\/td><td class=\"column-9\">MASTERCOOP - COOPERRATIVA DE TRABALHO DE SA\u00daDE, MC SOLU\u00c7\u00d5ES EIRELI, PROSEG CONSULTORIA E SERVI\u00c7OS ESPECIALIZADOS EIRELI<\/td><td class=\"column-10\">MC SOLU\u00c7\u00d5ES EIRELI<\/td><td class=\"column-11\">28.366.950\/0001-53<\/td><td class=\"column-12\">R$ 5.412.695,00<\/td><td class=\"column-13\">Encerrada<\/td><td class=\"column-14\">03001802004\/2021\t<\/td><td class=\"column-15\">02\/08\/2021<\/td><td class=\"column-16\"><\/td><td class=\"column-17\"><\/td>\n<\/tr>\n<tr class=\"row-427\">\n\t<td class=\"column-1\">431\/2021<\/td><td class=\"column-2\">431\/2021<\/td><td class=\"column-3\">19\/07\/2021<\/td><td class=\"column-4\">19\/07\/2021<\/td><td class=\"column-5\">Preg\u00e3o Presencial<\/td><td class=\"column-6\">Menor Pre\u00e7o por Lote<\/td><td class=\"column-7\">CONTRATA\u00c7\u00c3O DE EMPRESA PARA A PRESTA\u00c7\u00c3O DE SERVI\u00c7OS DE SA\u00daDE, CONTEMPLANDO A PRESTA\u00c7\u00c3O DE SERVI\u00c7OS M\u00c9DICOS E AFINS; DE ENFERMAGEM E REALIZA\u00c7\u00c3O DE RAIO-X<\/td><td class=\"column-8\">R$ 5.829.885,00<\/td><td class=\"column-9\">MASTERCOOP - COOPERRATIVA DE TRABALHO DE SA\u00daDE, MC SOLU\u00c7\u00d5ES EIRELI, PROSEG CONSULTORIA E SERVI\u00c7OS ESPECIALIZADOS EIRELI<\/td><td class=\"column-10\">MC SOLU\u00c7\u00d5ES EIRELI<\/td><td class=\"column-11\">28.366.950\/0001-53<\/td><td class=\"column-12\">R$ 5.412.695,00<\/td><td class=\"column-13\">Encerrada<\/td><td class=\"column-14\">03001802005\/2021\t<\/td><td class=\"column-15\">02\/08\/2021<\/td><td class=\"column-16\"><\/td><td class=\"column-17\"><\/td>\n<\/tr>\n<tr class=\"row-428\">\n\t<td class=\"column-1\">431\/2021<\/td><td class=\"column-2\">431\/2021<\/td><td class=\"column-3\">19\/07\/2021<\/td><td class=\"column-4\">19\/07\/2021<\/td><td class=\"column-5\">Preg\u00e3o Presencial<\/td><td class=\"column-6\">Menor Pre\u00e7o por Lote<\/td><td class=\"column-7\">CONTRATA\u00c7\u00c3O DE EMPRESA PARA A PRESTA\u00c7\u00c3O DE SERVI\u00c7OS DE SA\u00daDE, CONTEMPLANDO A PRESTA\u00c7\u00c3O DE SERVI\u00c7OS M\u00c9DICOS E AFINS; DE ENFERMAGEM E REALIZA\u00c7\u00c3O DE RAIO-X<\/td><td class=\"column-8\">R$ 5.829.885,00<\/td><td class=\"column-9\">MASTERCOOP - COOPERRATIVA DE TRABALHO DE SA\u00daDE, MC SOLU\u00c7\u00d5ES EIRELI, PROSEG CONSULTORIA E SERVI\u00c7OS ESPECIALIZADOS EIRELI<\/td><td class=\"column-10\">MC SOLU\u00c7\u00d5ES EIRELI<\/td><td class=\"column-11\">28.366.950\/0001-53<\/td><td class=\"column-12\">R$ 5.412.695,00<\/td><td class=\"column-13\">Encerrada<\/td><td class=\"column-14\">03001910001\/2021\t<\/td><td class=\"column-15\">10\/09\/2021<\/td><td class=\"column-16\"><\/td><td class=\"column-17\"><\/td>\n<\/tr>\n<tr class=\"row-429\">\n\t<td class=\"column-1\">431\/2021<\/td><td class=\"column-2\">431\/2021<\/td><td class=\"column-3\">19\/07\/2021<\/td><td class=\"column-4\">19\/07\/2021<\/td><td class=\"column-5\">Preg\u00e3o Presencial<\/td><td class=\"column-6\">Menor Pre\u00e7o por Lote<\/td><td class=\"column-7\">CONTRATA\u00c7\u00c3O DE EMPRESA PARA A PRESTA\u00c7\u00c3O DE SERVI\u00c7OS DE SA\u00daDE, CONTEMPLANDO A PRESTA\u00c7\u00c3O DE SERVI\u00c7OS M\u00c9DICOS E AFINS; DE ENFERMAGEM E REALIZA\u00c7\u00c3O DE RAIO-X<\/td><td class=\"column-8\">R$ 5.829.885,00<\/td><td class=\"column-9\">MASTERCOOP - COOPERRATIVA DE TRABALHO DE SA\u00daDE, MC SOLU\u00c7\u00d5ES EIRELI, PROSEG CONSULTORIA E SERVI\u00c7OS ESPECIALIZADOS EIRELI<\/td><td class=\"column-10\">MC SOLU\u00c7\u00d5ES EIRELI<\/td><td class=\"column-11\">28.366.950\/0001-53<\/td><td class=\"column-12\">R$ 5.412.695,00<\/td><td class=\"column-13\">Encerrada<\/td><td class=\"column-14\">03001901008\/2021\t<\/td><td class=\"column-15\">01\/09\/2021<\/td><td class=\"column-16\"><\/td><td class=\"column-17\"><\/td>\n<\/tr>\n<tr class=\"row-430\">\n\t<td class=\"column-1\">431\/2021<\/td><td class=\"column-2\">431\/2021<\/td><td class=\"column-3\">19\/07\/2021<\/td><td class=\"column-4\">19\/07\/2021<\/td><td class=\"column-5\">Preg\u00e3o Presencial<\/td><td class=\"column-6\">Menor Pre\u00e7o por Lote<\/td><td class=\"column-7\">CONTRATA\u00c7\u00c3O DE EMPRESA PARA A PRESTA\u00c7\u00c3O DE SERVI\u00c7OS DE SA\u00daDE, CONTEMPLANDO A PRESTA\u00c7\u00c3O DE SERVI\u00c7OS M\u00c9DICOS E AFINS; DE ENFERMAGEM E REALIZA\u00c7\u00c3O DE RAIO-X<\/td><td class=\"column-8\">R$ 5.829.885,00<\/td><td class=\"column-9\">MASTERCOOP - COOPERRATIVA DE TRABALHO DE SA\u00daDE, MC SOLU\u00c7\u00d5ES EIRELI, PROSEG CONSULTORIA E SERVI\u00c7OS ESPECIALIZADOS EIRELI<\/td><td class=\"column-10\">MC SOLU\u00c7\u00d5ES EIRELI<\/td><td class=\"column-11\">28.366.950\/0001-53<\/td><td class=\"column-12\">R$ 5.412.695,00<\/td><td class=\"column-13\">Encerrada<\/td><td class=\"column-14\">03001901009\/2021\t<\/td><td class=\"column-15\">01\/09\/2021<\/td><td class=\"column-16\"><\/td><td class=\"column-17\"><\/td>\n<\/tr>\n<tr class=\"row-431\">\n\t<td class=\"column-1\">431\/2021<\/td><td class=\"column-2\">431\/2021<\/td><td class=\"column-3\">19\/07\/2021<\/td><td class=\"column-4\">19\/07\/2021<\/td><td class=\"column-5\">Preg\u00e3o Presencial<\/td><td class=\"column-6\">Menor Pre\u00e7o por Lote<\/td><td class=\"column-7\">CONTRATA\u00c7\u00c3O DE EMPRESA PARA A PRESTA\u00c7\u00c3O DE SERVI\u00c7OS DE SA\u00daDE, CONTEMPLANDO A PRESTA\u00c7\u00c3O DE SERVI\u00c7OS M\u00c9DICOS E AFINS; DE ENFERMAGEM E REALIZA\u00c7\u00c3O DE RAIO-X<\/td><td class=\"column-8\">R$ 5.829.885,00<\/td><td class=\"column-9\">MASTERCOOP - COOPERRATIVA DE TRABALHO DE SA\u00daDE, MC SOLU\u00c7\u00d5ES EIRELI, PROSEG CONSULTORIA E SERVI\u00c7OS ESPECIALIZADOS EIRELI<\/td><td class=\"column-10\">MC SOLU\u00c7\u00d5ES EIRELI<\/td><td class=\"column-11\">28.366.950\/0001-53<\/td><td class=\"column-12\">R$ 5.412.695,00<\/td><td class=\"column-13\">Encerrada<\/td><td class=\"column-14\">03001901014\/2021\t<\/td><td class=\"column-15\">01\/09\/2021<\/td><td class=\"column-16\"><\/td><td class=\"column-17\"><\/td>\n<\/tr>\n<tr class=\"row-432\">\n\t<td class=\"column-1\">431\/2021<\/td><td class=\"column-2\">431\/2021<\/td><td class=\"column-3\">19\/07\/2021<\/td><td class=\"column-4\">19\/07\/2021<\/td><td class=\"column-5\">Preg\u00e3o Presencial<\/td><td class=\"column-6\">Menor Pre\u00e7o por Lote<\/td><td class=\"column-7\">CONTRATA\u00c7\u00c3O DE EMPRESA PARA A PRESTA\u00c7\u00c3O DE SERVI\u00c7OS DE SA\u00daDE, CONTEMPLANDO A PRESTA\u00c7\u00c3O DE SERVI\u00c7OS M\u00c9DICOS E AFINS; DE ENFERMAGEM E REALIZA\u00c7\u00c3O DE RAIO-X<\/td><td class=\"column-8\">R$ 5.829.885,00<\/td><td class=\"column-9\">MASTERCOOP - COOPERRATIVA DE TRABALHO DE SA\u00daDE, MC SOLU\u00c7\u00d5ES EIRELI, PROSEG CONSULTORIA E SERVI\u00c7OS ESPECIALIZADOS EIRELI<\/td><td class=\"column-10\">MC SOLU\u00c7\u00d5ES EIRELI<\/td><td class=\"column-11\">28.366.950\/0001-53<\/td><td class=\"column-12\">R$ 5.412.695,00<\/td><td class=\"column-13\">Encerrada<\/td><td class=\"column-14\">03001901015\/2021\t<\/td><td class=\"column-15\">01\/09\/2021<\/td><td class=\"column-16\"><\/td><td class=\"column-17\"><\/td>\n<\/tr>\n<tr class=\"row-433\">\n\t<td class=\"column-1\">431\/2021<\/td><td class=\"column-2\">431\/2021<\/td><td class=\"column-3\">19\/07\/2021<\/td><td class=\"column-4\">19\/07\/2021<\/td><td class=\"column-5\">Preg\u00e3o Presencial<\/td><td class=\"column-6\">Menor Pre\u00e7o por Lote<\/td><td class=\"column-7\">CONTRATA\u00c7\u00c3O DE EMPRESA PARA A PRESTA\u00c7\u00c3O DE SERVI\u00c7OS DE SA\u00daDE, CONTEMPLANDO A PRESTA\u00c7\u00c3O DE SERVI\u00c7OS M\u00c9DICOS E AFINS; DE ENFERMAGEM E REALIZA\u00c7\u00c3O DE RAIO-X<\/td><td class=\"column-8\">R$ 5.829.885,00<\/td><td class=\"column-9\">MASTERCOOP - COOPERRATIVA DE TRABALHO DE SA\u00daDE, MC SOLU\u00c7\u00d5ES EIRELI, PROSEG CONSULTORIA E SERVI\u00c7OS ESPECIALIZADOS EIRELI<\/td><td class=\"column-10\">MC SOLU\u00c7\u00d5ES EIRELI<\/td><td class=\"column-11\">28.366.950\/0001-53<\/td><td class=\"column-12\">R$ 5.412.695,00<\/td><td class=\"column-13\">Encerrada<\/td><td class=\"column-14\">030011028001\/2021\t<\/td><td class=\"column-15\">28\/10\/2021<\/td><td class=\"column-16\"><\/td><td class=\"column-17\"><\/td>\n<\/tr>\n<tr class=\"row-434\">\n\t<td class=\"column-1\">431\/2021<\/td><td class=\"column-2\">431\/2021<\/td><td class=\"column-3\">19\/07\/2021<\/td><td class=\"column-4\">19\/07\/2021<\/td><td class=\"column-5\">Preg\u00e3o Presencial<\/td><td class=\"column-6\">Menor Pre\u00e7o por Lote<\/td><td class=\"column-7\">CONTRATA\u00c7\u00c3O DE EMPRESA PARA A PRESTA\u00c7\u00c3O DE SERVI\u00c7OS DE SA\u00daDE, CONTEMPLANDO A PRESTA\u00c7\u00c3O DE SERVI\u00c7OS M\u00c9DICOS E AFINS; DE ENFERMAGEM E REALIZA\u00c7\u00c3O DE RAIO-X<\/td><td class=\"column-8\">R$ 5.829.885,00<\/td><td class=\"column-9\">MASTERCOOP - COOPERRATIVA DE TRABALHO DE SA\u00daDE, MC SOLU\u00c7\u00d5ES EIRELI, PROSEG CONSULTORIA E SERVI\u00c7OS ESPECIALIZADOS EIRELI<\/td><td class=\"column-10\">MC SOLU\u00c7\u00d5ES EIRELI<\/td><td class=\"column-11\">28.366.950\/0001-53<\/td><td class=\"column-12\">R$ 5.412.695,00<\/td><td class=\"column-13\">Encerrada<\/td><td class=\"column-14\">030011201006\/2021\t<\/td><td class=\"column-15\">01\/12\/2021<\/td><td class=\"column-16\"><\/td><td class=\"column-17\"><\/td>\n<\/tr>\n<tr class=\"row-435\">\n\t<td class=\"column-1\">431\/2021<\/td><td class=\"column-2\">431\/2021<\/td><td class=\"column-3\">19\/07\/2021<\/td><td class=\"column-4\">19\/07\/2021<\/td><td class=\"column-5\">Preg\u00e3o Presencial<\/td><td class=\"column-6\">Menor Pre\u00e7o por Lote<\/td><td class=\"column-7\">CONTRATA\u00c7\u00c3O DE EMPRESA PARA A PRESTA\u00c7\u00c3O DE SERVI\u00c7OS DE SA\u00daDE, CONTEMPLANDO A PRESTA\u00c7\u00c3O DE SERVI\u00c7OS M\u00c9DICOS E AFINS; DE ENFERMAGEM E REALIZA\u00c7\u00c3O DE RAIO-X<\/td><td class=\"column-8\">R$ 5.829.885,00<\/td><td class=\"column-9\">MASTERCOOP - COOPERRATIVA DE TRABALHO DE SA\u00daDE, MC SOLU\u00c7\u00d5ES EIRELI, PROSEG CONSULTORIA E SERVI\u00c7OS ESPECIALIZADOS EIRELI<\/td><td class=\"column-10\">MC SOLU\u00c7\u00d5ES EIRELI<\/td><td class=\"column-11\">28.366.950\/0001-53<\/td><td class=\"column-12\">R$ 5.412.695,00<\/td><td class=\"column-13\">Encerrada<\/td><td class=\"column-14\">030011213001\/2021\t<\/td><td class=\"column-15\">13\/12\/2021<\/td><td class=\"column-16\"><\/td><td class=\"column-17\"><\/td>\n<\/tr>\n<tr class=\"row-436\">\n\t<td class=\"column-1\">431\/2021<\/td><td class=\"column-2\">431\/2021<\/td><td class=\"column-3\">19\/07\/2021<\/td><td class=\"column-4\">19\/07\/2021<\/td><td class=\"column-5\">Preg\u00e3o Presencial<\/td><td class=\"column-6\">Menor Pre\u00e7o por Lote<\/td><td class=\"column-7\">CONTRATA\u00c7\u00c3O DE EMPRESA PARA A PRESTA\u00c7\u00c3O DE SERVI\u00c7OS DE SA\u00daDE, CONTEMPLANDO A PRESTA\u00c7\u00c3O DE SERVI\u00c7OS M\u00c9DICOS E AFINS; DE ENFERMAGEM E REALIZA\u00c7\u00c3O DE RAIO-X<\/td><td class=\"column-8\">R$ 5.829.885,00<\/td><td class=\"column-9\">MASTERCOOP - COOPERRATIVA DE TRABALHO DE SA\u00daDE, MC SOLU\u00c7\u00d5ES EIRELI, PROSEG CONSULTORIA E SERVI\u00c7OS ESPECIALIZADOS EIRELI<\/td><td class=\"column-10\">MC SOLU\u00c7\u00d5ES EIRELI<\/td><td class=\"column-11\">28.366.950\/0001-53<\/td><td class=\"column-12\">R$ 5.412.695,00<\/td><td class=\"column-13\">Encerrada<\/td><td class=\"column-14\">030011213002\/2021\t<\/td><td class=\"column-15\">13\/12\/2021<\/td><td class=\"column-16\"><\/td><td class=\"column-17\"><\/td>\n<\/tr>\n<tr class=\"row-437\">\n\t<td class=\"column-1\">433\/2021<\/td><td class=\"column-2\">433\/2021<\/td><td class=\"column-3\">24\/06\/2021<\/td><td class=\"column-4\">24\/06\/2021<\/td><td class=\"column-5\">Preg\u00e3o\/Ades\u00e3o<\/td><td class=\"column-6\">Menor Pre\u00e7o Por Item<\/td><td class=\"column-7\">AQUISI\u00c7\u00c3O DE G\u00caNEROS ALIMENT\u00cdCIOS NA FORMA DE \"KITS DE ALIMENTA\u00c7\u00c3O ESCOLAR\"<\/td><td class=\"column-8\">R$ 333.330,00<\/td><td class=\"column-9\">A L DE MOURA SILVA - ME, T. P. S. DO NASCIMENTO - ME<\/td><td class=\"column-10\">A L DE MOURA SILVA - ME<\/td><td class=\"column-11\">18.096.101\/0001-73<\/td><td class=\"column-12\">R$ 185.250,00<\/td><td class=\"column-13\">Encerrada<\/td><td class=\"column-14\">02006629001\/2021\t<\/td><td class=\"column-15\">29\/06\/2021<\/td><td class=\"column-16\">63\/2021\t<\/td><td class=\"column-17\">24\/06\/2021<\/td>\n<\/tr>\n<tr class=\"row-438\">\n\t<td class=\"column-1\">433\/2021<\/td><td class=\"column-2\">433\/2021<\/td><td class=\"column-3\">24\/06\/2021<\/td><td class=\"column-4\">24\/06\/2021<\/td><td class=\"column-5\">Preg\u00e3o\/Ades\u00e3o<\/td><td class=\"column-6\">Menor Pre\u00e7o Por Item<\/td><td class=\"column-7\">AQUISI\u00c7\u00c3O DE G\u00caNEROS ALIMENT\u00cdCIOS NA FORMA DE \"KITS DE ALIMENTA\u00c7\u00c3O ESCOLAR\"<\/td><td class=\"column-8\">R$ 333.330,00<\/td><td class=\"column-9\">A L DE MOURA SILVA - ME, T. P. S. DO NASCIMENTO - ME<\/td><td class=\"column-10\">T. P. S. DO NASCIMENTO - ME<\/td><td class=\"column-11\">17.642.145\/0001-99<\/td><td class=\"column-12\">R$ 85.350,00<\/td><td class=\"column-13\">Encerrada<\/td><td class=\"column-14\">02006824001\/2021\t<\/td><td class=\"column-15\">24\/08\/2021<\/td><td class=\"column-16\">62\/2021\t<\/td><td class=\"column-17\">24\/06\/2021<\/td>\n<\/tr>\n<tr class=\"row-439\">\n\t<td class=\"column-1\">433\/2021<\/td><td class=\"column-2\">433\/2021<\/td><td class=\"column-3\">24\/06\/2021<\/td><td class=\"column-4\">24\/06\/2021<\/td><td class=\"column-5\">Preg\u00e3o\/Ades\u00e3o<\/td><td class=\"column-6\">Menor Pre\u00e7o Por Item<\/td><td class=\"column-7\">AQUISI\u00c7\u00c3O DE G\u00caNEROS ALIMENT\u00cdCIOS NA FORMA DE \"KITS DE ALIMENTA\u00c7\u00c3O ESCOLAR\"<\/td><td class=\"column-8\">R$ 333.330,00<\/td><td class=\"column-9\">A L DE MOURA SILVA - ME, T. P. S. DO NASCIMENTO - ME<\/td><td class=\"column-10\">T. P. S. DO NASCIMENTO - ME<\/td><td class=\"column-11\">17.642.145\/0001-99<\/td><td class=\"column-12\">R$ 85.350,00<\/td><td class=\"column-13\">Encerrada<\/td><td class=\"column-14\">02006824002\/2021\t<\/td><td class=\"column-15\">24\/08\/2021<\/td><td class=\"column-16\">62\/2021\t<\/td><td class=\"column-17\">24\/06\/2021<\/td>\n<\/tr>\n<tr class=\"row-440\">\n\t<td class=\"column-1\">433\/2021<\/td><td class=\"column-2\">433\/2021<\/td><td class=\"column-3\">24\/06\/2021<\/td><td class=\"column-4\">24\/06\/2021<\/td><td class=\"column-5\">Preg\u00e3o\/Ades\u00e3o<\/td><td class=\"column-6\">Menor Pre\u00e7o Por Item<\/td><td class=\"column-7\">AQUISI\u00c7\u00c3O DE G\u00caNEROS ALIMENT\u00cdCIOS NA FORMA DE \"KITS DE ALIMENTA\u00c7\u00c3O ESCOLAR\"<\/td><td class=\"column-8\">R$ 333.330,00<\/td><td class=\"column-9\">A L DE MOURA SILVA - ME, T. P. S. DO NASCIMENTO - ME<\/td><td class=\"column-10\">T. P. S. DO NASCIMENTO - ME<\/td><td class=\"column-11\">17.642.145\/0001-99<\/td><td class=\"column-12\">R$ 85.350,00<\/td><td class=\"column-13\">Encerrada<\/td><td class=\"column-14\">02006824003\/2021\t<\/td><td class=\"column-15\">24\/08\/2021<\/td><td class=\"column-16\">62\/2021\t<\/td><td class=\"column-17\">24\/06\/2021<\/td>\n<\/tr>\n<tr class=\"row-441\">\n\t<td class=\"column-1\">433\/2021<\/td><td class=\"column-2\">433\/2021<\/td><td class=\"column-3\">24\/06\/2021<\/td><td class=\"column-4\">24\/06\/2021<\/td><td class=\"column-5\">Preg\u00e3o\/Ades\u00e3o<\/td><td class=\"column-6\">Menor Pre\u00e7o Por Item<\/td><td class=\"column-7\">AQUISI\u00c7\u00c3O DE G\u00caNEROS ALIMENT\u00cdCIOS NA FORMA DE \"KITS DE ALIMENTA\u00c7\u00c3O ESCOLAR\"<\/td><td class=\"column-8\">R$ 333.330,00<\/td><td class=\"column-9\">A L DE MOURA SILVA - ME, T. P. S. DO NASCIMENTO - ME<\/td><td class=\"column-10\">T. P. S. DO NASCIMENTO - ME<\/td><td class=\"column-11\">17.642.145\/0001-99<\/td><td class=\"column-12\">R$ 85.350,00<\/td><td class=\"column-13\">Encerrada<\/td><td class=\"column-14\">02006824004\/2021\t<\/td><td class=\"column-15\">24\/08\/2021<\/td><td class=\"column-16\">62\/2021\t<\/td><td class=\"column-17\">24\/06\/2021<\/td>\n<\/tr>\n<tr class=\"row-442\">\n\t<td class=\"column-1\">433\/2021<\/td><td class=\"column-2\">433\/2021<\/td><td class=\"column-3\">24\/06\/2021<\/td><td class=\"column-4\">24\/06\/2021<\/td><td class=\"column-5\">Preg\u00e3o\/Ades\u00e3o<\/td><td class=\"column-6\">Menor Pre\u00e7o Por Item<\/td><td class=\"column-7\">AQUISI\u00c7\u00c3O DE G\u00caNEROS ALIMENT\u00cdCIOS NA FORMA DE \"KITS DE ALIMENTA\u00c7\u00c3O ESCOLAR\"<\/td><td class=\"column-8\">R$ 333.330,00<\/td><td class=\"column-9\">A L DE MOURA SILVA - ME, T. P. S. DO NASCIMENTO - ME<\/td><td class=\"column-10\">T. P. S. DO NASCIMENTO - ME<\/td><td class=\"column-11\">17.642.145\/0001-99<\/td><td class=\"column-12\">R$ 85.350,00<\/td><td class=\"column-13\">Encerrada<\/td><td class=\"column-14\">02006824005\/2021\t<\/td><td class=\"column-15\">24\/08\/2021<\/td><td class=\"column-16\">62\/2021\t<\/td><td class=\"column-17\">24\/06\/2021<\/td>\n<\/tr>\n<tr class=\"row-443\">\n\t<td class=\"column-1\">438\/2021<\/td><td class=\"column-2\">438\/2021<\/td><td class=\"column-3\">17\/08\/2021<\/td><td class=\"column-4\">28\/09\/2021<\/td><td class=\"column-5\">Preg\u00e3o Eletr\u00f4nico<\/td><td class=\"column-6\">Menor Pre\u00e7o por Lote<\/td><td class=\"column-7\">REGISTRO DE PRE\u00c7OS PARA FUTURA E EVENTUAL CONTRATA\u00c7\u00c3O DE EMPRESA PARA PRESTA\u00c7\u00c3O DE SERVI\u00c7OS FUNER\u00c1RIOS E TRANSLADO,<\/td><td class=\"column-8\">R$ 105.930,60<\/td><td class=\"column-9\">M DE F O PEREIRA<\/td><td class=\"column-10\">M DE F O PEREIRA<\/td><td class=\"column-11\">09.042.907\/0001-98<\/td><td class=\"column-12\">R$ 53.640,00<\/td><td class=\"column-13\">Encerrada<\/td><td class=\"column-14\"><\/td><td class=\"column-15\"><\/td><td class=\"column-16\"><\/td><td class=\"column-17\"><\/td>\n<\/tr>\n<tr class=\"row-444\">\n\t<td class=\"column-1\">441\/2021<\/td><td class=\"column-2\">441\/2021<\/td><td class=\"column-3\"><\/td><td class=\"column-4\">28\/06\/2021<\/td><td class=\"column-5\">Dispensa<\/td><td class=\"column-6\">Menor Pre\u00e7o Por Item<\/td><td class=\"column-7\">CONTRATA\u00c7\u00c3O DE EMPRESA ESPECIALIZADA PARA A ELABORA\u00c7\u00c3O DE PROJETO DE EDUCA\u00c7\u00c3O EM SA\u00daDE AMBIENTAL<\/td><td class=\"column-8\">R$ 17.500,00<\/td><td class=\"column-9\">BIOMA SOLUCOES AMBIENTAIS LTDA, R4 INDUSTRIA E COM\u00c9RCIO EIRELI, V H INDUSTRIA E COM\u00c9RCIO EIRELI<\/td><td class=\"column-10\">BIOMA SOLUCOES AMBIENTAIS LTDA<\/td><td class=\"column-11\">41.571.731\/0001-74<\/td><td class=\"column-12\">R$ 17.500,00<\/td><td class=\"column-13\">Encerrada<\/td><td class=\"column-14\">02006914001\/2021\t<\/td><td class=\"column-15\">14\/09\/2021<\/td><td class=\"column-16\">65\/2021\t<\/td><td class=\"column-17\">28\/06\/2021<\/td>\n<\/tr>\n<tr class=\"row-445\">\n\t<td class=\"column-1\">442\/2021<\/td><td class=\"column-2\">442\/2021<\/td><td class=\"column-3\"><\/td><td class=\"column-4\">23\/06\/2021<\/td><td class=\"column-5\">Dispensa<\/td><td class=\"column-6\">Menor Pre\u00e7o Por Item<\/td><td class=\"column-7\">CONTRATA\u00c7\u00c3O DE EMPRESA PARA A PRESTA\u00c7\u00c3O DE SERVI\u00c7O DE IMPLANTA\u00c7\u00c3O E ASSESSORIA DE UM PROGRAMA DE COLETA SELETIVA NO MUNIC\u00cdPIO DE LAJES\/RN<\/td><td class=\"column-8\">R$ 17.280,00<\/td><td class=\"column-9\">BIOMA SOLUCOES AMBIENTAIS LTDA, R4 INDUSTRIA E COM\u00c9RCIO EIRELI, V H INDUSTRIA E COM\u00c9RCIO EIRELI<\/td><td class=\"column-10\">BIOMA SOLUCOES AMBIENTAIS LTDA<\/td><td class=\"column-11\">41.571.731\/0001-74<\/td><td class=\"column-12\">R$ 17.280,00<\/td><td class=\"column-13\">Encerrada<\/td><td class=\"column-14\">02004628001\/2021\t<\/td><td class=\"column-15\">28\/06\/2021<\/td><td class=\"column-16\">64\/2021\t<\/td><td class=\"column-17\">28\/06\/2021<\/td>\n<\/tr>\n<tr class=\"row-446\">\n\t<td class=\"column-1\">444\/2021<\/td><td class=\"column-2\">444\/2021<\/td><td class=\"column-3\">13\/09\/2021<\/td><td class=\"column-4\">08\/10\/2021<\/td><td class=\"column-5\">Tomada de Pre\u00e7o<\/td><td class=\"column-6\">Menor Pre\u00e7o<\/td><td class=\"column-7\">Contra\u00e7\u00e3o de empresa especializada  para constru\u00e7\u00e3o de unidades habitacionais. Para atender as fam\u00edlias carentes do Munic\u00edpio de Lajes\/RN, conforme especifica\u00e7\u00f5es contidas no projeto b\u00e1sico<\/td><td class=\"column-8\">R$ 427.958,04<\/td><td class=\"column-9\">H J DANTAS FILHO EIRELI<\/td><td class=\"column-10\">H J DANTAS FILHO EIRELI<\/td><td class=\"column-11\">24.855.726\/0001-74<\/td><td class=\"column-12\">R$ 423.164,88<\/td><td class=\"column-13\">Encerrada<\/td><td class=\"column-14\"><\/td><td class=\"column-15\"><\/td><td class=\"column-16\">95\/2021\t<\/td><td class=\"column-17\">14\/10\/2021<\/td>\n<\/tr>\n<tr class=\"row-447\">\n\t<td class=\"column-1\">452\/2021<\/td><td class=\"column-2\">452\/2021<\/td><td class=\"column-3\">01\/07\/2021<\/td><td class=\"column-4\">01\/07\/2021<\/td><td class=\"column-5\">Preg\u00e3o\/Ades\u00e3o<\/td><td class=\"column-6\">Menor Pre\u00e7o Por Item<\/td><td class=\"column-7\">REGISTRO DE PRE\u00c7OS PARA FUTURA CONTRATA\u00c7\u00c3O DE PESSOA JUR\u00cdDICA ESPECIALIZADA NA PRESTA\u00c7\u00c3O DE SERVI\u00c7OS COMUNS DE ENGENHARIA NA EXECU\u00c7\u00c3O DE INSTALA\u00c7\u00c3O, SUBSTITUI\u00c7\u00c3O, EFICIENTIZA\u00c7\u00c3O E MODERNIZA\u00c7\u00c3O DOS PONTOS DE ILUMINA\u00c7\u00c3O P\u00daBLICA, POSTES MET\u00c1LICOS E INSTALA\u00c7\u00d5ES EL\u00c9TRICAS NAS AVENIDAS, RUAS, PRA\u00c7AS, PASSEIOS, PARQUES, \u00c1REAS DE LAZER E DEMAIS LOCALIDADES, NO MUNIC\u00cdPIO DE LAJES\/RN.<\/td><td class=\"column-8\">R$ 983.060,34<\/td><td class=\"column-9\">DECOLED INDUSTRIA DE LAMPADAS LED LTDA<\/td><td class=\"column-10\">DECOLED INDUSTRIA DE LAMPADAS LED LTDA<\/td><td class=\"column-11\">17.899.961\/0001-82<\/td><td class=\"column-12\">R$ 889.837,41<\/td><td class=\"column-13\">Encerrada<\/td><td class=\"column-14\">02004920001\/2021\t<\/td><td class=\"column-15\">20\/09\/2021<\/td><td class=\"column-16\"><\/td><td class=\"column-17\"><\/td>\n<\/tr>\n<tr class=\"row-448\">\n\t<td class=\"column-1\">452\/2021<\/td><td class=\"column-2\">452\/2021<\/td><td class=\"column-3\">01\/07\/2021<\/td><td class=\"column-4\">01\/07\/2021<\/td><td class=\"column-5\">Preg\u00e3o\/Ades\u00e3o<\/td><td class=\"column-6\">Menor Pre\u00e7o Por Item<\/td><td class=\"column-7\">REGISTRO DE PRE\u00c7OS PARA FUTURA CONTRATA\u00c7\u00c3O DE PESSOA JUR\u00cdDICA ESPECIALIZADA NA PRESTA\u00c7\u00c3O DE SERVI\u00c7OS COMUNS DE ENGENHARIA NA EXECU\u00c7\u00c3O DE INSTALA\u00c7\u00c3O, SUBSTITUI\u00c7\u00c3O, EFICIENTIZA\u00c7\u00c3O E MODERNIZA\u00c7\u00c3O DOS PONTOS DE ILUMINA\u00c7\u00c3O P\u00daBLICA, POSTES MET\u00c1LICOS E INSTALA\u00c7\u00d5ES EL\u00c9TRICAS NAS AVENIDAS, RUAS, PRA\u00c7AS, PASSEIOS, PARQUES, \u00c1REAS DE LAZER E DEMAIS LOCALIDADES, NO MUNIC\u00cdPIO DE LAJES\/RN.<\/td><td class=\"column-8\">R$ 983.060,34<\/td><td class=\"column-9\">DECOLED INDUSTRIA DE LAMPADAS LED LTDA<\/td><td class=\"column-10\">DECOLED INDUSTRIA DE LAMPADAS LED LTDA<\/td><td class=\"column-11\">17.899.961\/0001-82<\/td><td class=\"column-12\">R$ 889.837,41<\/td><td class=\"column-13\">Encerrada<\/td><td class=\"column-14\">02004920002\/2021\t<\/td><td class=\"column-15\">20\/09\/2021<\/td><td class=\"column-16\"><\/td><td class=\"column-17\"><\/td>\n<\/tr>\n<tr class=\"row-449\">\n\t<td class=\"column-1\">452\/2021<\/td><td class=\"column-2\">452\/2021<\/td><td class=\"column-3\">01\/07\/2021<\/td><td class=\"column-4\">01\/07\/2021<\/td><td class=\"column-5\">Preg\u00e3o\/Ades\u00e3o<\/td><td class=\"column-6\">Menor Pre\u00e7o Por Item<\/td><td class=\"column-7\">REGISTRO DE PRE\u00c7OS PARA FUTURA CONTRATA\u00c7\u00c3O DE PESSOA JUR\u00cdDICA ESPECIALIZADA NA PRESTA\u00c7\u00c3O DE SERVI\u00c7OS COMUNS DE ENGENHARIA NA EXECU\u00c7\u00c3O DE INSTALA\u00c7\u00c3O, SUBSTITUI\u00c7\u00c3O, EFICIENTIZA\u00c7\u00c3O E MODERNIZA\u00c7\u00c3O DOS PONTOS DE ILUMINA\u00c7\u00c3O P\u00daBLICA, POSTES MET\u00c1LICOS E INSTALA\u00c7\u00d5ES EL\u00c9TRICAS NAS AVENIDAS, RUAS, PRA\u00c7AS, PASSEIOS, PARQUES, \u00c1REAS DE LAZER E DEMAIS LOCALIDADES, NO MUNIC\u00cdPIO DE LAJES\/RN.<\/td><td class=\"column-8\">R$ 983.060,34<\/td><td class=\"column-9\">DECOLED INDUSTRIA DE LAMPADAS LED LTDA<\/td><td class=\"column-10\">DECOLED INDUSTRIA DE LAMPADAS LED LTDA<\/td><td class=\"column-11\">17.899.961\/0001-82<\/td><td class=\"column-12\">R$ 889.837,41<\/td><td class=\"column-13\">Encerrada<\/td><td class=\"column-14\">020041026002\/2021\t<\/td><td class=\"column-15\">26\/10\/2021<\/td><td class=\"column-16\"><\/td><td class=\"column-17\"><\/td>\n<\/tr>\n<tr class=\"row-450\">\n\t<td class=\"column-1\">453\/2021<\/td><td class=\"column-2\">453\/2021<\/td><td class=\"column-3\">05\/07\/2021<\/td><td class=\"column-4\">07\/07\/2021<\/td><td class=\"column-5\">Preg\u00e3o Eletr\u00f4nico<\/td><td class=\"column-6\">Menor Pre\u00e7o Por Item<\/td><td class=\"column-7\">AQUISI\u00c7\u00c3O DE PNEUS, C\u00c2MARAS DE AR, PROTETORES E CORRELATOS.<\/td><td class=\"column-8\">R$ 1.572.230,34<\/td><td class=\"column-9\">AUTOLUK - COM\u00c9RCIO DE PNEUM\u00c1TICOS E PE\u00c7AS LTDA, F F COMERCIO E SERVICOS EIREL-ME, HGA COM\u00c9RCIO E SERVI\u00c7O LTDA, TEIXEIRA &amp; CASTRO PNEUS LTDA<\/td><td class=\"column-10\">F F COMERCIO E SERVICOS EIREL-ME<\/td><td class=\"column-11\">28.910.694\/0001-13<\/td><td class=\"column-12\">R$ 33.450,00<\/td><td class=\"column-13\">Encerrada<\/td><td class=\"column-14\">02004730003\/2021\t<\/td><td class=\"column-15\">30\/07\/2021<\/td><td class=\"column-16\"><\/td><td class=\"column-17\"><\/td>\n<\/tr>\n<tr class=\"row-451\">\n\t<td class=\"column-1\">453\/2021<\/td><td class=\"column-2\">453\/2021<\/td><td class=\"column-3\">05\/07\/2021<\/td><td class=\"column-4\">07\/07\/2021<\/td><td class=\"column-5\">Preg\u00e3o Eletr\u00f4nico<\/td><td class=\"column-6\">Menor Pre\u00e7o Por Item<\/td><td class=\"column-7\">AQUISI\u00c7\u00c3O DE PNEUS, C\u00c2MARAS DE AR, PROTETORES E CORRELATOS.<\/td><td class=\"column-8\">R$ 1.572.230,34<\/td><td class=\"column-9\">AUTOLUK - COM\u00c9RCIO DE PNEUM\u00c1TICOS E PE\u00c7AS LTDA, F F COMERCIO E SERVICOS EIREL-ME, HGA COM\u00c9RCIO E SERVI\u00c7O LTDA, TEIXEIRA &amp; CASTRO PNEUS LTDA<\/td><td class=\"column-10\">F F COMERCIO E SERVICOS EIREL-ME<\/td><td class=\"column-11\">28.910.694\/0001-13<\/td><td class=\"column-12\">R$ 33.450,00<\/td><td class=\"column-13\">Encerrada<\/td><td class=\"column-14\">02008729001\/2021\t<\/td><td class=\"column-15\">29\/07\/2021<\/td><td class=\"column-16\"><\/td><td class=\"column-17\"><\/td>\n<\/tr>\n<tr class=\"row-452\">\n\t<td class=\"column-1\">453\/2021<\/td><td class=\"column-2\">453\/2021<\/td><td class=\"column-3\">05\/07\/2021<\/td><td class=\"column-4\">07\/07\/2021<\/td><td class=\"column-5\">Preg\u00e3o Eletr\u00f4nico<\/td><td class=\"column-6\">Menor Pre\u00e7o Por Item<\/td><td class=\"column-7\">AQUISI\u00c7\u00c3O DE PNEUS, C\u00c2MARAS DE AR, PROTETORES E CORRELATOS.<\/td><td class=\"column-8\">R$ 1.572.230,34<\/td><td class=\"column-9\">AUTOLUK - COM\u00c9RCIO DE PNEUM\u00c1TICOS E PE\u00c7AS LTDA, F F COMERCIO E SERVICOS EIREL-ME, HGA COM\u00c9RCIO E SERVI\u00c7O LTDA, TEIXEIRA &amp; CASTRO PNEUS LTDA<\/td><td class=\"column-10\">F F COMERCIO E SERVICOS EIREL-ME<\/td><td class=\"column-11\">28.910.694\/0001-13<\/td><td class=\"column-12\">R$ 33.450,00<\/td><td class=\"column-13\">Encerrada<\/td><td class=\"column-14\">02006802003\/2021\t<\/td><td class=\"column-15\">02\/08\/2021<\/td><td class=\"column-16\"><\/td><td class=\"column-17\"><\/td>\n<\/tr>\n<tr class=\"row-453\">\n\t<td class=\"column-1\">453\/2021<\/td><td class=\"column-2\">453\/2021<\/td><td class=\"column-3\">05\/07\/2021<\/td><td class=\"column-4\">07\/07\/2021<\/td><td class=\"column-5\">Preg\u00e3o Eletr\u00f4nico<\/td><td class=\"column-6\">Menor Pre\u00e7o Por Item<\/td><td class=\"column-7\">AQUISI\u00c7\u00c3O DE PNEUS, C\u00c2MARAS DE AR, PROTETORES E CORRELATOS.<\/td><td class=\"column-8\">R$ 1.572.230,34<\/td><td class=\"column-9\">AUTOLUK - COM\u00c9RCIO DE PNEUM\u00c1TICOS E PE\u00c7AS LTDA, F F COMERCIO E SERVICOS EIREL-ME, HGA COM\u00c9RCIO E SERVI\u00c7O LTDA, TEIXEIRA &amp; CASTRO PNEUS LTDA<\/td><td class=\"column-10\">AUTOLUK - COM\u00c9RCIO DE PNEUM\u00c1TICOS E PE\u00c7AS LTDA<\/td><td class=\"column-11\">20.063.556\/0001-34<\/td><td class=\"column-12\">R$ 33.120,00<\/td><td class=\"column-13\">Encerrada<\/td><td class=\"column-14\">02008729002\/2021\t<\/td><td class=\"column-15\">29\/07\/2021<\/td><td class=\"column-16\"><\/td><td class=\"column-17\"><\/td>\n<\/tr>\n<tr class=\"row-454\">\n\t<td class=\"column-1\">453\/2021<\/td><td class=\"column-2\">453\/2021<\/td><td class=\"column-3\">05\/07\/2021<\/td><td class=\"column-4\">07\/07\/2021<\/td><td class=\"column-5\">Preg\u00e3o Eletr\u00f4nico<\/td><td class=\"column-6\">Menor Pre\u00e7o Por Item<\/td><td class=\"column-7\">AQUISI\u00c7\u00c3O DE PNEUS, C\u00c2MARAS DE AR, PROTETORES E CORRELATOS.<\/td><td class=\"column-8\">R$ 1.572.230,34<\/td><td class=\"column-9\">AUTOLUK - COM\u00c9RCIO DE PNEUM\u00c1TICOS E PE\u00c7AS LTDA, F F COMERCIO E SERVICOS EIREL-ME, HGA COM\u00c9RCIO E SERVI\u00c7O LTDA, TEIXEIRA &amp; CASTRO PNEUS LTDA<\/td><td class=\"column-10\">HGA COM\u00c9RCIO E SERVI\u00c7O LTDA<\/td><td class=\"column-11\">34.706.708\/0001-84<\/td><td class=\"column-12\">R$ 778.057,68<\/td><td class=\"column-13\">Encerrada<\/td><td class=\"column-14\">02004802001\/2021\t<\/td><td class=\"column-15\">29\/07\/2021<\/td><td class=\"column-16\"><\/td><td class=\"column-17\"><\/td>\n<\/tr>\n<tr class=\"row-455\">\n\t<td class=\"column-1\">453\/2021<\/td><td class=\"column-2\">453\/2021<\/td><td class=\"column-3\">05\/07\/2021<\/td><td class=\"column-4\">07\/07\/2021<\/td><td class=\"column-5\">Preg\u00e3o Eletr\u00f4nico<\/td><td class=\"column-6\">Menor Pre\u00e7o Por Item<\/td><td class=\"column-7\">AQUISI\u00c7\u00c3O DE PNEUS, C\u00c2MARAS DE AR, PROTETORES E CORRELATOS.<\/td><td class=\"column-8\">R$ 1.572.230,34<\/td><td class=\"column-9\">AUTOLUK - COM\u00c9RCIO DE PNEUM\u00c1TICOS E PE\u00c7AS LTDA, F F COMERCIO E SERVICOS EIREL-ME, HGA COM\u00c9RCIO E SERVI\u00c7O LTDA, TEIXEIRA &amp; CASTRO PNEUS LTDA<\/td><td class=\"column-10\">HGA COM\u00c9RCIO E SERVI\u00c7O LTDA<\/td><td class=\"column-11\">34.706.708\/0001-84<\/td><td class=\"column-12\">R$ 778.057,68<\/td><td class=\"column-13\">Encerrada<\/td><td class=\"column-14\">02004730001\/2021\t<\/td><td class=\"column-15\">30\/07\/2021<\/td><td class=\"column-16\"><\/td><td class=\"column-17\"><\/td>\n<\/tr>\n<tr class=\"row-456\">\n\t<td class=\"column-1\">453\/2021<\/td><td class=\"column-2\">453\/2021<\/td><td class=\"column-3\">05\/07\/2021<\/td><td class=\"column-4\">07\/07\/2021<\/td><td class=\"column-5\">Preg\u00e3o Eletr\u00f4nico<\/td><td class=\"column-6\">Menor Pre\u00e7o Por Item<\/td><td class=\"column-7\">AQUISI\u00c7\u00c3O DE PNEUS, C\u00c2MARAS DE AR, PROTETORES E CORRELATOS.<\/td><td class=\"column-8\">R$ 1.572.230,34<\/td><td class=\"column-9\">AUTOLUK - COM\u00c9RCIO DE PNEUM\u00c1TICOS E PE\u00c7AS LTDA, F F COMERCIO E SERVICOS EIREL-ME, HGA COM\u00c9RCIO E SERVI\u00c7O LTDA, TEIXEIRA &amp; CASTRO PNEUS LTDA<\/td><td class=\"column-10\">HGA COM\u00c9RCIO E SERVI\u00c7O LTDA<\/td><td class=\"column-11\">34.706.708\/0001-84<\/td><td class=\"column-12\">R$ 778.057,68<\/td><td class=\"column-13\">Encerrada<\/td><td class=\"column-14\">02004730004\/2021\t<\/td><td class=\"column-15\">30\/07\/2021<\/td><td class=\"column-16\"><\/td><td class=\"column-17\"><\/td>\n<\/tr>\n<tr class=\"row-457\">\n\t<td class=\"column-1\">453\/2021<\/td><td class=\"column-2\">453\/2021<\/td><td class=\"column-3\">05\/07\/2021<\/td><td class=\"column-4\">07\/07\/2021<\/td><td class=\"column-5\">Preg\u00e3o Eletr\u00f4nico<\/td><td class=\"column-6\">Menor Pre\u00e7o Por Item<\/td><td class=\"column-7\">AQUISI\u00c7\u00c3O DE PNEUS, C\u00c2MARAS DE AR, PROTETORES E CORRELATOS.<\/td><td class=\"column-8\">R$ 1.572.230,34<\/td><td class=\"column-9\">AUTOLUK - COM\u00c9RCIO DE PNEUM\u00c1TICOS E PE\u00c7AS LTDA, F F COMERCIO E SERVICOS EIREL-ME, HGA COM\u00c9RCIO E SERVI\u00c7O LTDA, TEIXEIRA &amp; CASTRO PNEUS LTDA<\/td><td class=\"column-10\">HGA COM\u00c9RCIO E SERVI\u00c7O LTDA<\/td><td class=\"column-11\">34.706.708\/0001-84<\/td><td class=\"column-12\">R$ 778.057,68<\/td><td class=\"column-13\">Encerrada<\/td><td class=\"column-14\">02008729004\/2021\t<\/td><td class=\"column-15\">29\/07\/2021<\/td><td class=\"column-16\"><\/td><td class=\"column-17\"><\/td>\n<\/tr>\n<tr class=\"row-458\">\n\t<td class=\"column-1\">453\/2021<\/td><td class=\"column-2\">453\/2021<\/td><td class=\"column-3\">05\/07\/2021<\/td><td class=\"column-4\">07\/07\/2021<\/td><td class=\"column-5\">Preg\u00e3o Eletr\u00f4nico<\/td><td class=\"column-6\">Menor Pre\u00e7o Por Item<\/td><td class=\"column-7\">AQUISI\u00c7\u00c3O DE PNEUS, C\u00c2MARAS DE AR, PROTETORES E CORRELATOS.<\/td><td class=\"column-8\">R$ 1.572.230,34<\/td><td class=\"column-9\">AUTOLUK - COM\u00c9RCIO DE PNEUM\u00c1TICOS E PE\u00c7AS LTDA, F F COMERCIO E SERVICOS EIREL-ME, HGA COM\u00c9RCIO E SERVI\u00c7O LTDA, TEIXEIRA &amp; CASTRO PNEUS LTDA<\/td><td class=\"column-10\">HGA COM\u00c9RCIO E SERVI\u00c7O LTDA<\/td><td class=\"column-11\">34.706.708\/0001-84<\/td><td class=\"column-12\">R$ 778.057,68<\/td><td class=\"column-13\">Encerrada<\/td><td class=\"column-14\">02008729005\/2021\t<\/td><td class=\"column-15\">29\/07\/2021<\/td><td class=\"column-16\"><\/td><td class=\"column-17\"><\/td>\n<\/tr>\n<tr class=\"row-459\">\n\t<td class=\"column-1\">453\/2021<\/td><td class=\"column-2\">453\/2021<\/td><td class=\"column-3\">05\/07\/2021<\/td><td class=\"column-4\">07\/07\/2021<\/td><td class=\"column-5\">Preg\u00e3o Eletr\u00f4nico<\/td><td class=\"column-6\">Menor Pre\u00e7o Por Item<\/td><td class=\"column-7\">AQUISI\u00c7\u00c3O DE PNEUS, C\u00c2MARAS DE AR, PROTETORES E CORRELATOS.<\/td><td class=\"column-8\">R$ 1.572.230,34<\/td><td class=\"column-9\">AUTOLUK - COM\u00c9RCIO DE PNEUM\u00c1TICOS E PE\u00c7AS LTDA, F F COMERCIO E SERVICOS EIREL-ME, HGA COM\u00c9RCIO E SERVI\u00c7O LTDA, TEIXEIRA &amp; CASTRO PNEUS LTDA<\/td><td class=\"column-10\">HGA COM\u00c9RCIO E SERVI\u00c7O LTDA<\/td><td class=\"column-11\">34.706.708\/0001-84<\/td><td class=\"column-12\">R$ 778.057,68<\/td><td class=\"column-13\">Encerrada<\/td><td class=\"column-14\">03001802002\/2021\t<\/td><td class=\"column-15\">02\/08\/2021<\/td><td class=\"column-16\"><\/td><td class=\"column-17\"><\/td>\n<\/tr>\n<tr class=\"row-460\">\n\t<td class=\"column-1\">453\/2021<\/td><td class=\"column-2\">453\/2021<\/td><td class=\"column-3\">05\/07\/2021<\/td><td class=\"column-4\">07\/07\/2021<\/td><td class=\"column-5\">Preg\u00e3o Eletr\u00f4nico<\/td><td class=\"column-6\">Menor Pre\u00e7o Por Item<\/td><td class=\"column-7\">AQUISI\u00c7\u00c3O DE PNEUS, C\u00c2MARAS DE AR, PROTETORES E CORRELATOS.<\/td><td class=\"column-8\">R$ 1.572.230,34<\/td><td class=\"column-9\">AUTOLUK - COM\u00c9RCIO DE PNEUM\u00c1TICOS E PE\u00c7AS LTDA, F F COMERCIO E SERVICOS EIREL-ME, HGA COM\u00c9RCIO E SERVI\u00c7O LTDA, TEIXEIRA &amp; CASTRO PNEUS LTDA<\/td><td class=\"column-10\">HGA COM\u00c9RCIO E SERVI\u00c7O LTDA<\/td><td class=\"column-11\">34.706.708\/0001-84<\/td><td class=\"column-12\">R$ 778.057,68<\/td><td class=\"column-13\">Encerrada<\/td><td class=\"column-14\">02006802004\/2021\t<\/td><td class=\"column-15\">02\/08\/2021<\/td><td class=\"column-16\"><\/td><td class=\"column-17\"><\/td>\n<\/tr>\n<tr class=\"row-461\">\n\t<td class=\"column-1\">453\/2021<\/td><td class=\"column-2\">453\/2021<\/td><td class=\"column-3\">05\/07\/2021<\/td><td class=\"column-4\">07\/07\/2021<\/td><td class=\"column-5\">Preg\u00e3o Eletr\u00f4nico<\/td><td class=\"column-6\">Menor Pre\u00e7o Por Item<\/td><td class=\"column-7\">AQUISI\u00c7\u00c3O DE PNEUS, C\u00c2MARAS DE AR, PROTETORES E CORRELATOS.<\/td><td class=\"column-8\">R$ 1.572.230,34<\/td><td class=\"column-9\">AUTOLUK - COM\u00c9RCIO DE PNEUM\u00c1TICOS E PE\u00c7AS LTDA, F F COMERCIO E SERVICOS EIREL-ME, HGA COM\u00c9RCIO E SERVI\u00c7O LTDA, TEIXEIRA &amp; CASTRO PNEUS LTDA<\/td><td class=\"column-10\">HGA COM\u00c9RCIO E SERVI\u00c7O LTDA<\/td><td class=\"column-11\">34.706.708\/0001-84<\/td><td class=\"column-12\">R$ 778.057,68<\/td><td class=\"column-13\">Encerrada<\/td><td class=\"column-14\">02006802016\/2021\t<\/td><td class=\"column-15\">02\/08\/2021<\/td><td class=\"column-16\"><\/td><td class=\"column-17\"><\/td>\n<\/tr>\n<tr class=\"row-462\">\n\t<td class=\"column-1\">453\/2021<\/td><td class=\"column-2\">453\/2021<\/td><td class=\"column-3\">05\/07\/2021<\/td><td class=\"column-4\">07\/07\/2021<\/td><td class=\"column-5\">Preg\u00e3o Eletr\u00f4nico<\/td><td class=\"column-6\">Menor Pre\u00e7o Por Item<\/td><td class=\"column-7\">AQUISI\u00c7\u00c3O DE PNEUS, C\u00c2MARAS DE AR, PROTETORES E CORRELATOS.<\/td><td class=\"column-8\">R$ 1.572.230,34<\/td><td class=\"column-9\">AUTOLUK - COM\u00c9RCIO DE PNEUM\u00c1TICOS E PE\u00c7AS LTDA, F F COMERCIO E SERVICOS EIREL-ME, HGA COM\u00c9RCIO E SERVI\u00c7O LTDA, TEIXEIRA &amp; CASTRO PNEUS LTDA<\/td><td class=\"column-10\">HGA COM\u00c9RCIO E SERVI\u00c7O LTDA<\/td><td class=\"column-11\">34.706.708\/0001-84<\/td><td class=\"column-12\">R$ 778.057,68<\/td><td class=\"column-13\">Encerrada<\/td><td class=\"column-14\">02008901004\/2021\t<\/td><td class=\"column-15\">01\/09\/2021<\/td><td class=\"column-16\"><\/td><td class=\"column-17\"><\/td>\n<\/tr>\n<tr class=\"row-463\">\n\t<td class=\"column-1\">453\/2021<\/td><td class=\"column-2\">453\/2021<\/td><td class=\"column-3\">05\/07\/2021<\/td><td class=\"column-4\">07\/07\/2021<\/td><td class=\"column-5\">Preg\u00e3o Eletr\u00f4nico<\/td><td class=\"column-6\">Menor Pre\u00e7o Por Item<\/td><td class=\"column-7\">AQUISI\u00c7\u00c3O DE PNEUS, C\u00c2MARAS DE AR, PROTETORES E CORRELATOS.<\/td><td class=\"column-8\">R$ 1.572.230,34<\/td><td class=\"column-9\">AUTOLUK - COM\u00c9RCIO DE PNEUM\u00c1TICOS E PE\u00c7AS LTDA, F F COMERCIO E SERVICOS EIREL-ME, HGA COM\u00c9RCIO E SERVI\u00c7O LTDA, TEIXEIRA &amp; CASTRO PNEUS LTDA<\/td><td class=\"column-10\">HGA COM\u00c9RCIO E SERVI\u00c7O LTDA<\/td><td class=\"column-11\">34.706.708\/0001-84<\/td><td class=\"column-12\">R$ 778.057,68<\/td><td class=\"column-13\">Encerrada<\/td><td class=\"column-14\">03001901022\/2021\t<\/td><td class=\"column-15\">01\/09\/2021<\/td><td class=\"column-16\"><\/td><td class=\"column-17\"><\/td>\n<\/tr>\n<tr class=\"row-464\">\n\t<td class=\"column-1\">453\/2021<\/td><td class=\"column-2\">453\/2021<\/td><td class=\"column-3\">05\/07\/2021<\/td><td class=\"column-4\">07\/07\/2021<\/td><td class=\"column-5\">Preg\u00e3o Eletr\u00f4nico<\/td><td class=\"column-6\">Menor Pre\u00e7o Por Item<\/td><td class=\"column-7\">AQUISI\u00c7\u00c3O DE PNEUS, C\u00c2MARAS DE AR, PROTETORES E CORRELATOS.<\/td><td class=\"column-8\">R$ 1.572.230,34<\/td><td class=\"column-9\">AUTOLUK - COM\u00c9RCIO DE PNEUM\u00c1TICOS E PE\u00c7AS LTDA, F F COMERCIO E SERVICOS EIREL-ME, HGA COM\u00c9RCIO E SERVI\u00c7O LTDA, TEIXEIRA &amp; CASTRO PNEUS LTDA<\/td><td class=\"column-10\">TEIXEIRA &amp; CASTRO PNEUS LTDA<\/td><td class=\"column-11\">40.710.302\/0001-78<\/td><td class=\"column-12\">R$ 96.920,00<\/td><td class=\"column-13\">Encerrada<\/td><td class=\"column-14\">02004730002\/2021\t<\/td><td class=\"column-15\">30\/07\/2021<\/td><td class=\"column-16\"><\/td><td class=\"column-17\"><\/td>\n<\/tr>\n<tr class=\"row-465\">\n\t<td class=\"column-1\">453\/2021<\/td><td class=\"column-2\">453\/2021<\/td><td class=\"column-3\">05\/07\/2021<\/td><td class=\"column-4\">07\/07\/2021<\/td><td class=\"column-5\">Preg\u00e3o Eletr\u00f4nico<\/td><td class=\"column-6\">Menor Pre\u00e7o Por Item<\/td><td class=\"column-7\">AQUISI\u00c7\u00c3O DE PNEUS, C\u00c2MARAS DE AR, PROTETORES E CORRELATOS.<\/td><td class=\"column-8\">R$ 1.572.230,34<\/td><td class=\"column-9\">AUTOLUK - COM\u00c9RCIO DE PNEUM\u00c1TICOS E PE\u00c7AS LTDA, F F COMERCIO E SERVICOS EIREL-ME, HGA COM\u00c9RCIO E SERVI\u00c7O LTDA, TEIXEIRA &amp; CASTRO PNEUS LTDA<\/td><td class=\"column-10\">TEIXEIRA &amp; CASTRO PNEUS LTDA<\/td><td class=\"column-11\">40.710.302\/0001-78<\/td><td class=\"column-12\">R$ 96.920,00<\/td><td class=\"column-13\">Encerrada<\/td><td class=\"column-14\">02008729003\/2021\t<\/td><td class=\"column-15\">29\/07\/2021<\/td><td class=\"column-16\"><\/td><td class=\"column-17\"><\/td>\n<\/tr>\n<tr class=\"row-466\">\n\t<td class=\"column-1\">453\/2021<\/td><td class=\"column-2\">453\/2021<\/td><td class=\"column-3\">05\/07\/2021<\/td><td class=\"column-4\">07\/07\/2021<\/td><td class=\"column-5\">Preg\u00e3o Eletr\u00f4nico<\/td><td class=\"column-6\">Menor Pre\u00e7o Por Item<\/td><td class=\"column-7\">AQUISI\u00c7\u00c3O DE PNEUS, C\u00c2MARAS DE AR, PROTETORES E CORRELATOS.<\/td><td class=\"column-8\">R$ 1.572.230,34<\/td><td class=\"column-9\">AUTOLUK - COM\u00c9RCIO DE PNEUM\u00c1TICOS E PE\u00c7AS LTDA, F F COMERCIO E SERVICOS EIREL-ME, HGA COM\u00c9RCIO E SERVI\u00c7O LTDA, TEIXEIRA &amp; CASTRO PNEUS LTDA<\/td><td class=\"column-10\">TEIXEIRA &amp; CASTRO PNEUS LTDA<\/td><td class=\"column-11\">40.710.302\/0001-78<\/td><td class=\"column-12\">R$ 96.920,00<\/td><td class=\"column-13\">Encerrada<\/td><td class=\"column-14\">03001802001\/2021\t<\/td><td class=\"column-15\">02\/08\/2021<\/td><td class=\"column-16\"><\/td><td class=\"column-17\"><\/td>\n<\/tr>\n<tr class=\"row-467\">\n\t<td class=\"column-1\">453\/2021<\/td><td class=\"column-2\">453\/2021<\/td><td class=\"column-3\">05\/07\/2021<\/td><td class=\"column-4\">07\/07\/2021<\/td><td class=\"column-5\">Preg\u00e3o Eletr\u00f4nico<\/td><td class=\"column-6\">Menor Pre\u00e7o Por Item<\/td><td class=\"column-7\">AQUISI\u00c7\u00c3O DE PNEUS, C\u00c2MARAS DE AR, PROTETORES E CORRELATOS.<\/td><td class=\"column-8\">R$ 1.572.230,34<\/td><td class=\"column-9\">AUTOLUK - COM\u00c9RCIO DE PNEUM\u00c1TICOS E PE\u00c7AS LTDA, F F COMERCIO E SERVICOS EIREL-ME, HGA COM\u00c9RCIO E SERVI\u00c7O LTDA, TEIXEIRA &amp; CASTRO PNEUS LTDA<\/td><td class=\"column-10\">TEIXEIRA &amp; CASTRO PNEUS LTDA<\/td><td class=\"column-11\">40.710.302\/0001-78<\/td><td class=\"column-12\">R$ 96.920,00<\/td><td class=\"column-13\">Encerrada<\/td><td class=\"column-14\">02006802002\/2021\t<\/td><td class=\"column-15\">02\/08\/2021<\/td><td class=\"column-16\"><\/td><td class=\"column-17\"><\/td>\n<\/tr>\n<tr class=\"row-468\">\n\t<td class=\"column-1\">453\/2021<\/td><td class=\"column-2\">453\/2021<\/td><td class=\"column-3\">05\/07\/2021<\/td><td class=\"column-4\">07\/07\/2021<\/td><td class=\"column-5\">Preg\u00e3o Eletr\u00f4nico<\/td><td class=\"column-6\">Menor Pre\u00e7o Por Item<\/td><td class=\"column-7\">AQUISI\u00c7\u00c3O DE PNEUS, C\u00c2MARAS DE AR, PROTETORES E CORRELATOS.<\/td><td class=\"column-8\">R$ 1.572.230,34<\/td><td class=\"column-9\">AUTOLUK - COM\u00c9RCIO DE PNEUM\u00c1TICOS E PE\u00c7AS LTDA, F F COMERCIO E SERVICOS EIREL-ME, HGA COM\u00c9RCIO E SERVI\u00c7O LTDA, TEIXEIRA &amp; CASTRO PNEUS LTDA<\/td><td class=\"column-10\">TEIXEIRA &amp; CASTRO PNEUS LTDA<\/td><td class=\"column-11\">40.710.302\/0001-78<\/td><td class=\"column-12\">R$ 96.920,00<\/td><td class=\"column-13\">Encerrada<\/td><td class=\"column-14\">04001729002\/2021\t<\/td><td class=\"column-15\">29\/07\/2021<\/td><td class=\"column-16\"><\/td><td class=\"column-17\"><\/td>\n<\/tr>\n<tr class=\"row-469\">\n\t<td class=\"column-1\">468\/2021<\/td><td class=\"column-2\">468\/2021<\/td><td class=\"column-3\"><\/td><td class=\"column-4\">08\/10\/2021<\/td><td class=\"column-5\">Dispensa<\/td><td class=\"column-6\">Menor Pre\u00e7o Global<\/td><td class=\"column-7\">CONTRATA\u00c7\u00c3O DE EMPRESA PARA REALIZA\u00c7\u00c3O DE MANUTEN\u00c7\u00c3O CORRETIVA, INCLUSIVE COM SBSTITUI\u00c7\u00c3O DE PE\u00c7AS\/EQUIPAMENTOS DOS PO\u00c7OS TUBULARES NO SISTEMA FOTOVOLTAICO NAS COMUNIDADES DE CABUGI E ALAGOINHA.<\/td><td class=\"column-8\">R$ 17.140,00<\/td><td class=\"column-9\">Centry Sol Empresa de Comercio e Instalacao de Energia Solar LTDA, MASTERSEG COMERCIO DE EQUIPAMENTOS DE SEGURAN\u00c7A ELETRONICA , P S E SOLAR SISTEMAS<\/td><td class=\"column-10\">P S E SOLAR SISTEMAS<\/td><td class=\"column-11\">40.956.421\/0001-05<\/td><td class=\"column-12\">R$ 17.140,00<\/td><td class=\"column-13\">Encerrada<\/td><td class=\"column-14\">020081105002\/2021\t<\/td><td class=\"column-15\">05\/11\/2021<\/td><td class=\"column-16\">98\/2021\t<\/td><td class=\"column-17\">14\/10\/2021<\/td>\n<\/tr>\n<tr class=\"row-470\">\n\t<td class=\"column-1\">501\/2021<\/td><td class=\"column-2\">501\/2021<\/td><td class=\"column-3\">09\/08\/2021<\/td><td class=\"column-4\"><\/td><td class=\"column-5\">Preg\u00e3o Presencial<\/td><td class=\"column-6\">Menor Pre\u00e7o Por Item<\/td><td class=\"column-7\">REGISTRO DE PRE\u00c7OS PARA FUTURA CONTRATA\u00c7\u00c3O DE EMPRESA ESPECIALIZADA NA PRESTA\u00c7\u00c3O DOS SERVI\u00c7OS DE LOCA\u00c7\u00c3O DE VE\u00cdCULOS, SEM MOTORISTA<\/td><td class=\"column-8\">R$ 3.920.591,16<\/td><td class=\"column-9\">A J DE SOUZA LOCA\u00c7\u00d5ES, A R DANTAS EIRELI, AIRTON DA COSTA BATISTA, AKS CONSTRU\u00c7\u00d5ES SERVI\u00c7OS E LOCA\u00c7\u00d5ES EIRELI, APS TRANSPORTES E LOCACOES LTDA, ATOMO CONSTRUCOES E LOCACOES EIRELI, AUTO CAR SERVICOS DE LOCACAO E TURISMO EIRELI, B K SERVI\u00c7OS E LOCA\u00c7\u00d5ES , BJC CONSTRU\u00c7\u00d5ES EIRELI, C. A. TRANSPORTES E CONSTRUCAO EIRELI, CAIO CESAR AZEVEDO LUDGERIO, CONSTRUTORA ESPERAN\u00c7A LOCA\u00c7\u00d5ES E SERVI\u00c7OS EIRELI, DAMATA REPRESENTA\u00c7\u00d5ES EIRELLI - ME, DENISE MOURA DO NASCIMENTO, E F S LOCACOES E SERVICOS EIRELI, EDU TRANSPORTES E LOCA\u00c7\u00d5ES EIRELI, EXECUTIVE PROJETOS &amp; ENGENHARIA EIRELI - ME, F ERNILTON COSTA EIRELI, F I DE SOUZA EIRELI, F. G. ARAUJO DE MELO EIRELI, FRANCISCO IVAN DE FRANCA DIAS, G S C CONSTRUTORA E SERVI\u00c7O LTDA - EPP, G3 NETO SERVICOS EIRELI, GARRA EMPREENDIMENTOS E LOCACOES DE VEICULOS EIRELI, J TRAVESSA FILHO, JOSE WILSON SANTOS, JUSSIER VIEIRA DE MELO - ME, KJR COMERCIO E LOCACAO EIRELI, L F DO NASCIMENTO LOCACOES E SERVICOS EIRELI, LA ENGENHARIA E LOCACOES EIRELI, LOCAX LOCACOES E SERVICOS EIRELI, M K SERVICOS EM CONSTRUCAO E TRANSPORTE ESCOLAR EIRELI, O M LEAL DE MESQUITA, OHANA ENGENHARIA E SERVICOS LTDA, PINHEIRO &amp; ROCHA LOCACOES E SERVICOS LTDA, PIRES EMPREENDIMENTOS EIRELI, PROSERN COMERCIO E EMPREENDIMENTOS EIRELI, R. D. TRANSPORTE EIRELI, SANTOS E FERNANDES LTDA, SAULO VARELA CALDAS EIRELI, SETE CONSTRU\u00c7\u00d5ES EIRELI, STELISON JAIME DA SILVA VALE, TALENTOS LOCADORA DE VEICULOS LTDA, TEAL EMPREENDIMENTOS LTDA, TERRAPLENAGEM CONSTRU\u00c7\u00d5ES EIRELI - ME, V &amp; T LOCACOES E CONSTRUCOES EIRELI<\/td><td class=\"column-10\"><\/td><td class=\"column-11\"><\/td><td class=\"column-12\"><\/td><td class=\"column-13\">Anulada<\/td><td class=\"column-14\"><\/td><td class=\"column-15\"><\/td><td class=\"column-16\"><\/td><td class=\"column-17\"><\/td>\n<\/tr>\n<tr class=\"row-471\">\n\t<td class=\"column-1\">503\/2021<\/td><td class=\"column-2\">503\/2021<\/td><td class=\"column-3\">02\/08\/2021<\/td><td class=\"column-4\">10\/08\/2021<\/td><td class=\"column-5\">Preg\u00e3o Eletr\u00f4nico<\/td><td class=\"column-6\">Menor Pre\u00e7o por Lote<\/td><td class=\"column-7\">CONTRATA\u00c7\u00c3O DE EMPRESA ESPECIALIZADA EM LOCA\u00c7\u00c3O DE M\u00c3O DE OBRA DE CAR\u00c1TER ACESS\u00d3RIO E NATUREZA CONTINUADA, NAS FUN\u00c7\u00d5ES E QUANTITATIVOS ELENCADOS NESSE TERMO DE REFER\u00caNCIA (ANEXO I), SENDO ESTES FUNDAMENTAIS PARA O FUNCIONAMENTO SECRETARIA MUNICIPAL DO TRABALHO HABITACAO E ASSISTENCIA SOCIAL.<\/td><td class=\"column-8\">R$ 7.106.973,48<\/td><td class=\"column-9\">CLAREAR COMERCIO E SERVI\u00c7OS DE M\u00c3O DE OBRA - EIRELI<\/td><td class=\"column-10\">CLAREAR COMERCIO E SERVI\u00c7OS DE M\u00c3O DE OBRA - EIRELI<\/td><td class=\"column-11\">02.567.270\/0001-04<\/td><td class=\"column-12\">R$ 6.285.540,72<\/td><td class=\"column-13\">Encerrada<\/td><td class=\"column-14\">02006901014\/2021\t<\/td><td class=\"column-15\">01\/09\/2021<\/td><td class=\"column-16\"><\/td><td class=\"column-17\"><\/td>\n<\/tr>\n<tr class=\"row-472\">\n\t<td class=\"column-1\">503\/2021<\/td><td class=\"column-2\">503\/2021<\/td><td class=\"column-3\">02\/08\/2021<\/td><td class=\"column-4\">10\/08\/2021<\/td><td class=\"column-5\">Preg\u00e3o Eletr\u00f4nico<\/td><td class=\"column-6\">Menor Pre\u00e7o por Lote<\/td><td class=\"column-7\">CONTRATA\u00c7\u00c3O DE EMPRESA ESPECIALIZADA EM LOCA\u00c7\u00c3O DE M\u00c3O DE OBRA DE CAR\u00c1TER ACESS\u00d3RIO E NATUREZA CONTINUADA, NAS FUN\u00c7\u00d5ES E QUANTITATIVOS ELENCADOS NESSE TERMO DE REFER\u00caNCIA (ANEXO I), SENDO ESTES FUNDAMENTAIS PARA O FUNCIONAMENTO SECRETARIA MUNICIPAL DO TRABALHO HABITACAO E ASSISTENCIA SOCIAL.<\/td><td class=\"column-8\">R$ 7.106.973,48<\/td><td class=\"column-9\">CLAREAR COMERCIO E SERVI\u00c7OS DE M\u00c3O DE OBRA - EIRELI<\/td><td class=\"column-10\">CLAREAR COMERCIO E SERVI\u00c7OS DE M\u00c3O DE OBRA - EIRELI<\/td><td class=\"column-11\">02.567.270\/0001-04<\/td><td class=\"column-12\">R$ 6.285.540,72<\/td><td class=\"column-13\">Encerrada<\/td><td class=\"column-14\">02002901001\/2021\t<\/td><td class=\"column-15\">01\/09\/2021<\/td><td class=\"column-16\"><\/td><td class=\"column-17\"><\/td>\n<\/tr>\n<tr class=\"row-473\">\n\t<td class=\"column-1\">503\/2021<\/td><td class=\"column-2\">503\/2021<\/td><td class=\"column-3\">02\/08\/2021<\/td><td class=\"column-4\">10\/08\/2021<\/td><td class=\"column-5\">Preg\u00e3o Eletr\u00f4nico<\/td><td class=\"column-6\">Menor Pre\u00e7o por Lote<\/td><td class=\"column-7\">CONTRATA\u00c7\u00c3O DE EMPRESA ESPECIALIZADA EM LOCA\u00c7\u00c3O DE M\u00c3O DE OBRA DE CAR\u00c1TER ACESS\u00d3RIO E NATUREZA CONTINUADA, NAS FUN\u00c7\u00d5ES E QUANTITATIVOS ELENCADOS NESSE TERMO DE REFER\u00caNCIA (ANEXO I), SENDO ESTES FUNDAMENTAIS PARA O FUNCIONAMENTO SECRETARIA MUNICIPAL DO TRABALHO HABITACAO E ASSISTENCIA SOCIAL.<\/td><td class=\"column-8\">R$ 7.106.973,48<\/td><td class=\"column-9\">CLAREAR COMERCIO E SERVI\u00c7OS DE M\u00c3O DE OBRA - EIRELI<\/td><td class=\"column-10\">CLAREAR COMERCIO E SERVI\u00c7OS DE M\u00c3O DE OBRA - EIRELI<\/td><td class=\"column-11\">02.567.270\/0001-04<\/td><td class=\"column-12\">R$ 6.285.540,72<\/td><td class=\"column-13\">Encerrada<\/td><td class=\"column-14\">02009901001\/2021\t<\/td><td class=\"column-15\">01\/09\/2021<\/td><td class=\"column-16\"><\/td><td class=\"column-17\"><\/td>\n<\/tr>\n<tr class=\"row-474\">\n\t<td class=\"column-1\">503\/2021<\/td><td class=\"column-2\">503\/2021<\/td><td class=\"column-3\">02\/08\/2021<\/td><td class=\"column-4\">10\/08\/2021<\/td><td class=\"column-5\">Preg\u00e3o Eletr\u00f4nico<\/td><td class=\"column-6\">Menor Pre\u00e7o por Lote<\/td><td class=\"column-7\">CONTRATA\u00c7\u00c3O DE EMPRESA ESPECIALIZADA EM LOCA\u00c7\u00c3O DE M\u00c3O DE OBRA DE CAR\u00c1TER ACESS\u00d3RIO E NATUREZA CONTINUADA, NAS FUN\u00c7\u00d5ES E QUANTITATIVOS ELENCADOS NESSE TERMO DE REFER\u00caNCIA (ANEXO I), SENDO ESTES FUNDAMENTAIS PARA O FUNCIONAMENTO SECRETARIA MUNICIPAL DO TRABALHO HABITACAO E ASSISTENCIA SOCIAL.<\/td><td class=\"column-8\">R$ 7.106.973,48<\/td><td class=\"column-9\">CLAREAR COMERCIO E SERVI\u00c7OS DE M\u00c3O DE OBRA - EIRELI<\/td><td class=\"column-10\">CLAREAR COMERCIO E SERVI\u00c7OS DE M\u00c3O DE OBRA - EIRELI<\/td><td class=\"column-11\">02.567.270\/0001-04<\/td><td class=\"column-12\">R$ 6.285.540,72<\/td><td class=\"column-13\">Encerrada<\/td><td class=\"column-14\">02004901004\/2021\t<\/td><td class=\"column-15\">01\/09\/2021<\/td><td class=\"column-16\"><\/td><td class=\"column-17\"><\/td>\n<\/tr>\n<tr class=\"row-475\">\n\t<td class=\"column-1\">503\/2021<\/td><td class=\"column-2\">503\/2021<\/td><td class=\"column-3\">02\/08\/2021<\/td><td class=\"column-4\">10\/08\/2021<\/td><td class=\"column-5\">Preg\u00e3o Eletr\u00f4nico<\/td><td class=\"column-6\">Menor Pre\u00e7o por Lote<\/td><td class=\"column-7\">CONTRATA\u00c7\u00c3O DE EMPRESA ESPECIALIZADA EM LOCA\u00c7\u00c3O DE M\u00c3O DE OBRA DE CAR\u00c1TER ACESS\u00d3RIO E NATUREZA CONTINUADA, NAS FUN\u00c7\u00d5ES E QUANTITATIVOS ELENCADOS NESSE TERMO DE REFER\u00caNCIA (ANEXO I), SENDO ESTES FUNDAMENTAIS PARA O FUNCIONAMENTO SECRETARIA MUNICIPAL DO TRABALHO HABITACAO E ASSISTENCIA SOCIAL.<\/td><td class=\"column-8\">R$ 7.106.973,48<\/td><td class=\"column-9\">CLAREAR COMERCIO E SERVI\u00c7OS DE M\u00c3O DE OBRA - EIRELI<\/td><td class=\"column-10\">CLAREAR COMERCIO E SERVI\u00c7OS DE M\u00c3O DE OBRA - EIRELI<\/td><td class=\"column-11\">02.567.270\/0001-04<\/td><td class=\"column-12\">R$ 6.285.540,72<\/td><td class=\"column-13\">Encerrada<\/td><td class=\"column-14\">040011104002\/2021\t<\/td><td class=\"column-15\">04\/11\/2021<\/td><td class=\"column-16\"><\/td><td class=\"column-17\"><\/td>\n<\/tr>\n<tr class=\"row-476\">\n\t<td class=\"column-1\">503\/2021<\/td><td class=\"column-2\">503\/2021<\/td><td class=\"column-3\">02\/08\/2021<\/td><td class=\"column-4\">10\/08\/2021<\/td><td class=\"column-5\">Preg\u00e3o Eletr\u00f4nico<\/td><td class=\"column-6\">Menor Pre\u00e7o por Lote<\/td><td class=\"column-7\">CONTRATA\u00c7\u00c3O DE EMPRESA ESPECIALIZADA EM LOCA\u00c7\u00c3O DE M\u00c3O DE OBRA DE CAR\u00c1TER ACESS\u00d3RIO E NATUREZA CONTINUADA, NAS FUN\u00c7\u00d5ES E QUANTITATIVOS ELENCADOS NESSE TERMO DE REFER\u00caNCIA (ANEXO I), SENDO ESTES FUNDAMENTAIS PARA O FUNCIONAMENTO SECRETARIA MUNICIPAL DO TRABALHO HABITACAO E ASSISTENCIA SOCIAL.<\/td><td class=\"column-8\">R$ 7.106.973,48<\/td><td class=\"column-9\">CLAREAR COMERCIO E SERVI\u00c7OS DE M\u00c3O DE OBRA - EIRELI<\/td><td class=\"column-10\">CLAREAR COMERCIO E SERVI\u00c7OS DE M\u00c3O DE OBRA - EIRELI<\/td><td class=\"column-11\">02.567.270\/0001-04<\/td><td class=\"column-12\">R$ 6.285.540,72<\/td><td class=\"column-13\">Encerrada<\/td><td class=\"column-14\">020061104002\/2021\t<\/td><td class=\"column-15\">04\/11\/2021<\/td><td class=\"column-16\"><\/td><td class=\"column-17\"><\/td>\n<\/tr>\n<tr class=\"row-477\">\n\t<td class=\"column-1\">503\/2021<\/td><td class=\"column-2\">503\/2021<\/td><td class=\"column-3\">02\/08\/2021<\/td><td class=\"column-4\">10\/08\/2021<\/td><td class=\"column-5\">Preg\u00e3o Eletr\u00f4nico<\/td><td class=\"column-6\">Menor Pre\u00e7o por Lote<\/td><td class=\"column-7\">CONTRATA\u00c7\u00c3O DE EMPRESA ESPECIALIZADA EM LOCA\u00c7\u00c3O DE M\u00c3O DE OBRA DE CAR\u00c1TER ACESS\u00d3RIO E NATUREZA CONTINUADA, NAS FUN\u00c7\u00d5ES E QUANTITATIVOS ELENCADOS NESSE TERMO DE REFER\u00caNCIA (ANEXO I), SENDO ESTES FUNDAMENTAIS PARA O FUNCIONAMENTO SECRETARIA MUNICIPAL DO TRABALHO HABITACAO E ASSISTENCIA SOCIAL.<\/td><td class=\"column-8\">R$ 7.106.973,48<\/td><td class=\"column-9\">CLAREAR COMERCIO E SERVI\u00c7OS DE M\u00c3O DE OBRA - EIRELI<\/td><td class=\"column-10\">CLAREAR COMERCIO E SERVI\u00c7OS DE M\u00c3O DE OBRA - EIRELI<\/td><td class=\"column-11\">02.567.270\/0001-04<\/td><td class=\"column-12\">R$ 6.285.540,72<\/td><td class=\"column-13\">Encerrada<\/td><td class=\"column-14\">020021104001\/2021\t<\/td><td class=\"column-15\">04\/11\/2021<\/td><td class=\"column-16\"><\/td><td class=\"column-17\"><\/td>\n<\/tr>\n<tr class=\"row-478\">\n\t<td class=\"column-1\">503\/2021<\/td><td class=\"column-2\">503\/2021<\/td><td class=\"column-3\">02\/08\/2021<\/td><td class=\"column-4\">10\/08\/2021<\/td><td class=\"column-5\">Preg\u00e3o Eletr\u00f4nico<\/td><td class=\"column-6\">Menor Pre\u00e7o por Lote<\/td><td class=\"column-7\">CONTRATA\u00c7\u00c3O DE EMPRESA ESPECIALIZADA EM LOCA\u00c7\u00c3O DE M\u00c3O DE OBRA DE CAR\u00c1TER ACESS\u00d3RIO E NATUREZA CONTINUADA, NAS FUN\u00c7\u00d5ES E QUANTITATIVOS ELENCADOS NESSE TERMO DE REFER\u00caNCIA (ANEXO I), SENDO ESTES FUNDAMENTAIS PARA O FUNCIONAMENTO SECRETARIA MUNICIPAL DO TRABALHO HABITACAO E ASSISTENCIA SOCIAL.<\/td><td class=\"column-8\">R$ 7.106.973,48<\/td><td class=\"column-9\">CLAREAR COMERCIO E SERVI\u00c7OS DE M\u00c3O DE OBRA - EIRELI<\/td><td class=\"column-10\">CLAREAR COMERCIO E SERVI\u00c7OS DE M\u00c3O DE OBRA - EIRELI<\/td><td class=\"column-11\">02.567.270\/0001-04<\/td><td class=\"column-12\">R$ 6.285.540,72<\/td><td class=\"column-13\">Encerrada<\/td><td class=\"column-14\">020091104001\/2021\t<\/td><td class=\"column-15\">04\/11\/2021<\/td><td class=\"column-16\"><\/td><td class=\"column-17\"><\/td>\n<\/tr>\n<tr class=\"row-479\">\n\t<td class=\"column-1\">503\/2021<\/td><td class=\"column-2\">503\/2021<\/td><td class=\"column-3\">02\/08\/2021<\/td><td class=\"column-4\">10\/08\/2021<\/td><td class=\"column-5\">Preg\u00e3o Eletr\u00f4nico<\/td><td class=\"column-6\">Menor Pre\u00e7o por Lote<\/td><td class=\"column-7\">CONTRATA\u00c7\u00c3O DE EMPRESA ESPECIALIZADA EM LOCA\u00c7\u00c3O DE M\u00c3O DE OBRA DE CAR\u00c1TER ACESS\u00d3RIO E NATUREZA CONTINUADA, NAS FUN\u00c7\u00d5ES E QUANTITATIVOS ELENCADOS NESSE TERMO DE REFER\u00caNCIA (ANEXO I), SENDO ESTES FUNDAMENTAIS PARA O FUNCIONAMENTO SECRETARIA MUNICIPAL DO TRABALHO HABITACAO E ASSISTENCIA SOCIAL.<\/td><td class=\"column-8\">R$ 7.106.973,48<\/td><td class=\"column-9\">CLAREAR COMERCIO E SERVI\u00c7OS DE M\u00c3O DE OBRA - EIRELI<\/td><td class=\"column-10\">CLAREAR COMERCIO E SERVI\u00c7OS DE M\u00c3O DE OBRA - EIRELI<\/td><td class=\"column-11\">02.567.270\/0001-04<\/td><td class=\"column-12\">R$ 6.285.540,72<\/td><td class=\"column-13\">Encerrada<\/td><td class=\"column-14\">020081104001\/2021\t<\/td><td class=\"column-15\">04\/11\/2021<\/td><td class=\"column-16\"><\/td><td class=\"column-17\"><\/td>\n<\/tr>\n<tr class=\"row-480\">\n\t<td class=\"column-1\">503\/2021<\/td><td class=\"column-2\">503\/2021<\/td><td class=\"column-3\">02\/08\/2021<\/td><td class=\"column-4\">10\/08\/2021<\/td><td class=\"column-5\">Preg\u00e3o Eletr\u00f4nico<\/td><td class=\"column-6\">Menor Pre\u00e7o por Lote<\/td><td class=\"column-7\">CONTRATA\u00c7\u00c3O DE EMPRESA ESPECIALIZADA EM LOCA\u00c7\u00c3O DE M\u00c3O DE OBRA DE CAR\u00c1TER ACESS\u00d3RIO E NATUREZA CONTINUADA, NAS FUN\u00c7\u00d5ES E QUANTITATIVOS ELENCADOS NESSE TERMO DE REFER\u00caNCIA (ANEXO I), SENDO ESTES FUNDAMENTAIS PARA O FUNCIONAMENTO SECRETARIA MUNICIPAL DO TRABALHO HABITACAO E ASSISTENCIA SOCIAL.<\/td><td class=\"column-8\">R$ 7.106.973,48<\/td><td class=\"column-9\">CLAREAR COMERCIO E SERVI\u00c7OS DE M\u00c3O DE OBRA - EIRELI<\/td><td class=\"column-10\">CLAREAR COMERCIO E SERVI\u00c7OS DE M\u00c3O DE OBRA - EIRELI<\/td><td class=\"column-11\">02.567.270\/0001-04<\/td><td class=\"column-12\">R$ 6.285.540,72<\/td><td class=\"column-13\">Encerrada<\/td><td class=\"column-14\">030011104003\/2021\t<\/td><td class=\"column-15\">04\/11\/2021<\/td><td class=\"column-16\"><\/td><td class=\"column-17\"><\/td>\n<\/tr>\n<tr class=\"row-481\">\n\t<td class=\"column-1\">503\/2021<\/td><td class=\"column-2\">503\/2021<\/td><td class=\"column-3\">02\/08\/2021<\/td><td class=\"column-4\">10\/08\/2021<\/td><td class=\"column-5\">Preg\u00e3o Eletr\u00f4nico<\/td><td class=\"column-6\">Menor Pre\u00e7o por Lote<\/td><td class=\"column-7\">CONTRATA\u00c7\u00c3O DE EMPRESA ESPECIALIZADA EM LOCA\u00c7\u00c3O DE M\u00c3O DE OBRA DE CAR\u00c1TER ACESS\u00d3RIO E NATUREZA CONTINUADA, NAS FUN\u00c7\u00d5ES E QUANTITATIVOS ELENCADOS NESSE TERMO DE REFER\u00caNCIA (ANEXO I), SENDO ESTES FUNDAMENTAIS PARA O FUNCIONAMENTO SECRETARIA MUNICIPAL DO TRABALHO HABITACAO E ASSISTENCIA SOCIAL.<\/td><td class=\"column-8\">R$ 7.106.973,48<\/td><td class=\"column-9\">CLAREAR COMERCIO E SERVI\u00c7OS DE M\u00c3O DE OBRA - EIRELI<\/td><td class=\"column-10\">CLAREAR COMERCIO E SERVI\u00c7OS DE M\u00c3O DE OBRA - EIRELI<\/td><td class=\"column-11\">02.567.270\/0001-04<\/td><td class=\"column-12\">R$ 6.285.540,72<\/td><td class=\"column-13\">Encerrada<\/td><td class=\"column-14\">020041104002\/2021\t<\/td><td class=\"column-15\">04\/11\/2021<\/td><td class=\"column-16\"><\/td><td class=\"column-17\"><\/td>\n<\/tr>\n<tr class=\"row-482\">\n\t<td class=\"column-1\">503\/2021<\/td><td class=\"column-2\">503\/2021<\/td><td class=\"column-3\">02\/08\/2021<\/td><td class=\"column-4\">10\/08\/2021<\/td><td class=\"column-5\">Preg\u00e3o Eletr\u00f4nico<\/td><td class=\"column-6\">Menor Pre\u00e7o por Lote<\/td><td class=\"column-7\">CONTRATA\u00c7\u00c3O DE EMPRESA ESPECIALIZADA EM LOCA\u00c7\u00c3O DE M\u00c3O DE OBRA DE CAR\u00c1TER ACESS\u00d3RIO E NATUREZA CONTINUADA, NAS FUN\u00c7\u00d5ES E QUANTITATIVOS ELENCADOS NESSE TERMO DE REFER\u00caNCIA (ANEXO I), SENDO ESTES FUNDAMENTAIS PARA O FUNCIONAMENTO SECRETARIA MUNICIPAL DO TRABALHO HABITACAO E ASSISTENCIA SOCIAL.<\/td><td class=\"column-8\">R$ 7.106.973,48<\/td><td class=\"column-9\">CLAREAR COMERCIO E SERVI\u00c7OS DE M\u00c3O DE OBRA - EIRELI<\/td><td class=\"column-10\">CLAREAR COMERCIO E SERVI\u00c7OS DE M\u00c3O DE OBRA - EIRELI<\/td><td class=\"column-11\">02.567.270\/0001-04<\/td><td class=\"column-12\">R$ 6.285.540,72<\/td><td class=\"column-13\">Encerrada<\/td><td class=\"column-14\">040011001002\/2021\t<\/td><td class=\"column-15\">01\/10\/2021<\/td><td class=\"column-16\"><\/td><td class=\"column-17\"><\/td>\n<\/tr>\n<tr class=\"row-483\">\n\t<td class=\"column-1\">503\/2021<\/td><td class=\"column-2\">503\/2021<\/td><td class=\"column-3\">02\/08\/2021<\/td><td class=\"column-4\">10\/08\/2021<\/td><td class=\"column-5\">Preg\u00e3o Eletr\u00f4nico<\/td><td class=\"column-6\">Menor Pre\u00e7o por Lote<\/td><td class=\"column-7\">CONTRATA\u00c7\u00c3O DE EMPRESA ESPECIALIZADA EM LOCA\u00c7\u00c3O DE M\u00c3O DE OBRA DE CAR\u00c1TER ACESS\u00d3RIO E NATUREZA CONTINUADA, NAS FUN\u00c7\u00d5ES E QUANTITATIVOS ELENCADOS NESSE TERMO DE REFER\u00caNCIA (ANEXO I), SENDO ESTES FUNDAMENTAIS PARA O FUNCIONAMENTO SECRETARIA MUNICIPAL DO TRABALHO HABITACAO E ASSISTENCIA SOCIAL.<\/td><td class=\"column-8\">R$ 7.106.973,48<\/td><td class=\"column-9\">CLAREAR COMERCIO E SERVI\u00c7OS DE M\u00c3O DE OBRA - EIRELI<\/td><td class=\"column-10\">CLAREAR COMERCIO E SERVI\u00c7OS DE M\u00c3O DE OBRA - EIRELI<\/td><td class=\"column-11\">02.567.270\/0001-04<\/td><td class=\"column-12\">R$ 6.285.540,72<\/td><td class=\"column-13\">Encerrada<\/td><td class=\"column-14\">020021001003\/2021\t<\/td><td class=\"column-15\">01\/10\/2021<\/td><td class=\"column-16\"><\/td><td class=\"column-17\"><\/td>\n<\/tr>\n<tr class=\"row-484\">\n\t<td class=\"column-1\">503\/2021<\/td><td class=\"column-2\">503\/2021<\/td><td class=\"column-3\">02\/08\/2021<\/td><td class=\"column-4\">10\/08\/2021<\/td><td class=\"column-5\">Preg\u00e3o Eletr\u00f4nico<\/td><td class=\"column-6\">Menor Pre\u00e7o por Lote<\/td><td class=\"column-7\">CONTRATA\u00c7\u00c3O DE EMPRESA ESPECIALIZADA EM LOCA\u00c7\u00c3O DE M\u00c3O DE OBRA DE CAR\u00c1TER ACESS\u00d3RIO E NATUREZA CONTINUADA, NAS FUN\u00c7\u00d5ES E QUANTITATIVOS ELENCADOS NESSE TERMO DE REFER\u00caNCIA (ANEXO I), SENDO ESTES FUNDAMENTAIS PARA O FUNCIONAMENTO SECRETARIA MUNICIPAL DO TRABALHO HABITACAO E ASSISTENCIA SOCIAL.<\/td><td class=\"column-8\">R$ 7.106.973,48<\/td><td class=\"column-9\">CLAREAR COMERCIO E SERVI\u00c7OS DE M\u00c3O DE OBRA - EIRELI<\/td><td class=\"column-10\">CLAREAR COMERCIO E SERVI\u00c7OS DE M\u00c3O DE OBRA - EIRELI<\/td><td class=\"column-11\">02.567.270\/0001-04<\/td><td class=\"column-12\">R$ 6.285.540,72<\/td><td class=\"column-13\">Encerrada<\/td><td class=\"column-14\">020061001009\/2021\t<\/td><td class=\"column-15\">01\/10\/2021<\/td><td class=\"column-16\"><\/td><td class=\"column-17\"><\/td>\n<\/tr>\n<tr class=\"row-485\">\n\t<td class=\"column-1\">503\/2021<\/td><td class=\"column-2\">503\/2021<\/td><td class=\"column-3\">02\/08\/2021<\/td><td class=\"column-4\">10\/08\/2021<\/td><td class=\"column-5\">Preg\u00e3o Eletr\u00f4nico<\/td><td class=\"column-6\">Menor Pre\u00e7o por Lote<\/td><td class=\"column-7\">CONTRATA\u00c7\u00c3O DE EMPRESA ESPECIALIZADA EM LOCA\u00c7\u00c3O DE M\u00c3O DE OBRA DE CAR\u00c1TER ACESS\u00d3RIO E NATUREZA CONTINUADA, NAS FUN\u00c7\u00d5ES E QUANTITATIVOS ELENCADOS NESSE TERMO DE REFER\u00caNCIA (ANEXO I), SENDO ESTES FUNDAMENTAIS PARA O FUNCIONAMENTO SECRETARIA MUNICIPAL DO TRABALHO HABITACAO E ASSISTENCIA SOCIAL.<\/td><td class=\"column-8\">R$ 7.106.973,48<\/td><td class=\"column-9\">CLAREAR COMERCIO E SERVI\u00c7OS DE M\u00c3O DE OBRA - EIRELI<\/td><td class=\"column-10\">CLAREAR COMERCIO E SERVI\u00c7OS DE M\u00c3O DE OBRA - EIRELI<\/td><td class=\"column-11\">02.567.270\/0001-04<\/td><td class=\"column-12\">R$ 6.285.540,72<\/td><td class=\"column-13\">Encerrada<\/td><td class=\"column-14\">030011001009\/2021\t<\/td><td class=\"column-15\">01\/10\/2021<\/td><td class=\"column-16\"><\/td><td class=\"column-17\"><\/td>\n<\/tr>\n<tr class=\"row-486\">\n\t<td class=\"column-1\">503\/2021<\/td><td class=\"column-2\">503\/2021<\/td><td class=\"column-3\">02\/08\/2021<\/td><td class=\"column-4\">10\/08\/2021<\/td><td class=\"column-5\">Preg\u00e3o Eletr\u00f4nico<\/td><td class=\"column-6\">Menor Pre\u00e7o por Lote<\/td><td class=\"column-7\">CONTRATA\u00c7\u00c3O DE EMPRESA ESPECIALIZADA EM LOCA\u00c7\u00c3O DE M\u00c3O DE OBRA DE CAR\u00c1TER ACESS\u00d3RIO E NATUREZA CONTINUADA, NAS FUN\u00c7\u00d5ES E QUANTITATIVOS ELENCADOS NESSE TERMO DE REFER\u00caNCIA (ANEXO I), SENDO ESTES FUNDAMENTAIS PARA O FUNCIONAMENTO SECRETARIA MUNICIPAL DO TRABALHO HABITACAO E ASSISTENCIA SOCIAL.<\/td><td class=\"column-8\">R$ 7.106.973,48<\/td><td class=\"column-9\">CLAREAR COMERCIO E SERVI\u00c7OS DE M\u00c3O DE OBRA - EIRELI<\/td><td class=\"column-10\">CLAREAR COMERCIO E SERVI\u00c7OS DE M\u00c3O DE OBRA - EIRELI<\/td><td class=\"column-11\">02.567.270\/0001-04<\/td><td class=\"column-12\">R$ 6.285.540,72<\/td><td class=\"column-13\">Encerrada<\/td><td class=\"column-14\">020081018002\/2021\t<\/td><td class=\"column-15\">18\/10\/2021<\/td><td class=\"column-16\"><\/td><td class=\"column-17\"><\/td>\n<\/tr>\n<tr class=\"row-487\">\n\t<td class=\"column-1\">503\/2021<\/td><td class=\"column-2\">503\/2021<\/td><td class=\"column-3\">02\/08\/2021<\/td><td class=\"column-4\">10\/08\/2021<\/td><td class=\"column-5\">Preg\u00e3o Eletr\u00f4nico<\/td><td class=\"column-6\">Menor Pre\u00e7o por Lote<\/td><td class=\"column-7\">CONTRATA\u00c7\u00c3O DE EMPRESA ESPECIALIZADA EM LOCA\u00c7\u00c3O DE M\u00c3O DE OBRA DE CAR\u00c1TER ACESS\u00d3RIO E NATUREZA CONTINUADA, NAS FUN\u00c7\u00d5ES E QUANTITATIVOS ELENCADOS NESSE TERMO DE REFER\u00caNCIA (ANEXO I), SENDO ESTES FUNDAMENTAIS PARA O FUNCIONAMENTO SECRETARIA MUNICIPAL DO TRABALHO HABITACAO E ASSISTENCIA SOCIAL.<\/td><td class=\"column-8\">R$ 7.106.973,48<\/td><td class=\"column-9\">CLAREAR COMERCIO E SERVI\u00c7OS DE M\u00c3O DE OBRA - EIRELI<\/td><td class=\"column-10\">CLAREAR COMERCIO E SERVI\u00c7OS DE M\u00c3O DE OBRA - EIRELI<\/td><td class=\"column-11\">02.567.270\/0001-04<\/td><td class=\"column-12\">R$ 6.285.540,72<\/td><td class=\"column-13\">Encerrada<\/td><td class=\"column-14\">020091103001\/2021\t<\/td><td class=\"column-15\">03\/11\/2021<\/td><td class=\"column-16\"><\/td><td class=\"column-17\"><\/td>\n<\/tr>\n<tr class=\"row-488\">\n\t<td class=\"column-1\">503\/2021<\/td><td class=\"column-2\">503\/2021<\/td><td class=\"column-3\">02\/08\/2021<\/td><td class=\"column-4\">10\/08\/2021<\/td><td class=\"column-5\">Preg\u00e3o Eletr\u00f4nico<\/td><td class=\"column-6\">Menor Pre\u00e7o por Lote<\/td><td class=\"column-7\">CONTRATA\u00c7\u00c3O DE EMPRESA ESPECIALIZADA EM LOCA\u00c7\u00c3O DE M\u00c3O DE OBRA DE CAR\u00c1TER ACESS\u00d3RIO E NATUREZA CONTINUADA, NAS FUN\u00c7\u00d5ES E QUANTITATIVOS ELENCADOS NESSE TERMO DE REFER\u00caNCIA (ANEXO I), SENDO ESTES FUNDAMENTAIS PARA O FUNCIONAMENTO SECRETARIA MUNICIPAL DO TRABALHO HABITACAO E ASSISTENCIA SOCIAL.<\/td><td class=\"column-8\">R$ 7.106.973,48<\/td><td class=\"column-9\">CLAREAR COMERCIO E SERVI\u00c7OS DE M\u00c3O DE OBRA - EIRELI<\/td><td class=\"column-10\">CLAREAR COMERCIO E SERVI\u00c7OS DE M\u00c3O DE OBRA - EIRELI<\/td><td class=\"column-11\">02.567.270\/0001-04<\/td><td class=\"column-12\">R$ 6.285.540,72<\/td><td class=\"column-13\">Encerrada<\/td><td class=\"column-14\">020081018001\/2021\t<\/td><td class=\"column-15\">18\/10\/2021<\/td><td class=\"column-16\"><\/td><td class=\"column-17\"><\/td>\n<\/tr>\n<tr class=\"row-489\">\n\t<td class=\"column-1\">503\/2021<\/td><td class=\"column-2\">503\/2021<\/td><td class=\"column-3\">02\/08\/2021<\/td><td class=\"column-4\">10\/08\/2021<\/td><td class=\"column-5\">Preg\u00e3o Eletr\u00f4nico<\/td><td class=\"column-6\">Menor Pre\u00e7o por Lote<\/td><td class=\"column-7\">CONTRATA\u00c7\u00c3O DE EMPRESA ESPECIALIZADA EM LOCA\u00c7\u00c3O DE M\u00c3O DE OBRA DE CAR\u00c1TER ACESS\u00d3RIO E NATUREZA CONTINUADA, NAS FUN\u00c7\u00d5ES E QUANTITATIVOS ELENCADOS NESSE TERMO DE REFER\u00caNCIA (ANEXO I), SENDO ESTES FUNDAMENTAIS PARA O FUNCIONAMENTO SECRETARIA MUNICIPAL DO TRABALHO HABITACAO E ASSISTENCIA SOCIAL.<\/td><td class=\"column-8\">R$ 7.106.973,48<\/td><td class=\"column-9\">CLAREAR COMERCIO E SERVI\u00c7OS DE M\u00c3O DE OBRA - EIRELI<\/td><td class=\"column-10\">CLAREAR COMERCIO E SERVI\u00c7OS DE M\u00c3O DE OBRA - EIRELI<\/td><td class=\"column-11\">02.567.270\/0001-04<\/td><td class=\"column-12\">R$ 6.285.540,72<\/td><td class=\"column-13\">Encerrada<\/td><td class=\"column-14\">020081008001\/2021\t<\/td><td class=\"column-15\">08\/10\/2021<\/td><td class=\"column-16\"><\/td><td class=\"column-17\"><\/td>\n<\/tr>\n<tr class=\"row-490\">\n\t<td class=\"column-1\">503\/2021<\/td><td class=\"column-2\">503\/2021<\/td><td class=\"column-3\">02\/08\/2021<\/td><td class=\"column-4\">10\/08\/2021<\/td><td class=\"column-5\">Preg\u00e3o Eletr\u00f4nico<\/td><td class=\"column-6\">Menor Pre\u00e7o por Lote<\/td><td class=\"column-7\">CONTRATA\u00c7\u00c3O DE EMPRESA ESPECIALIZADA EM LOCA\u00c7\u00c3O DE M\u00c3O DE OBRA DE CAR\u00c1TER ACESS\u00d3RIO E NATUREZA CONTINUADA, NAS FUN\u00c7\u00d5ES E QUANTITATIVOS ELENCADOS NESSE TERMO DE REFER\u00caNCIA (ANEXO I), SENDO ESTES FUNDAMENTAIS PARA O FUNCIONAMENTO SECRETARIA MUNICIPAL DO TRABALHO HABITACAO E ASSISTENCIA SOCIAL.<\/td><td class=\"column-8\">R$ 7.106.973,48<\/td><td class=\"column-9\">CLAREAR COMERCIO E SERVI\u00c7OS DE M\u00c3O DE OBRA - EIRELI<\/td><td class=\"column-10\">CLAREAR COMERCIO E SERVI\u00c7OS DE M\u00c3O DE OBRA - EIRELI<\/td><td class=\"column-11\">02.567.270\/0001-04<\/td><td class=\"column-12\">R$ 6.285.540,72<\/td><td class=\"column-13\">Encerrada<\/td><td class=\"column-14\">030011008001\/2021\t<\/td><td class=\"column-15\">08\/10\/2021<\/td><td class=\"column-16\"><\/td><td class=\"column-17\"><\/td>\n<\/tr>\n<tr class=\"row-491\">\n\t<td class=\"column-1\">503\/2021<\/td><td class=\"column-2\">503\/2021<\/td><td class=\"column-3\">02\/08\/2021<\/td><td class=\"column-4\">10\/08\/2021<\/td><td class=\"column-5\">Preg\u00e3o Eletr\u00f4nico<\/td><td class=\"column-6\">Menor Pre\u00e7o por Lote<\/td><td class=\"column-7\">CONTRATA\u00c7\u00c3O DE EMPRESA ESPECIALIZADA EM LOCA\u00c7\u00c3O DE M\u00c3O DE OBRA DE CAR\u00c1TER ACESS\u00d3RIO E NATUREZA CONTINUADA, NAS FUN\u00c7\u00d5ES E QUANTITATIVOS ELENCADOS NESSE TERMO DE REFER\u00caNCIA (ANEXO I), SENDO ESTES FUNDAMENTAIS PARA O FUNCIONAMENTO SECRETARIA MUNICIPAL DO TRABALHO HABITACAO E ASSISTENCIA SOCIAL.<\/td><td class=\"column-8\">R$ 7.106.973,48<\/td><td class=\"column-9\">CLAREAR COMERCIO E SERVI\u00c7OS DE M\u00c3O DE OBRA - EIRELI<\/td><td class=\"column-10\">CLAREAR COMERCIO E SERVI\u00c7OS DE M\u00c3O DE OBRA - EIRELI<\/td><td class=\"column-11\">02.567.270\/0001-04<\/td><td class=\"column-12\">R$ 6.285.540,72<\/td><td class=\"column-13\">Encerrada<\/td><td class=\"column-14\">020041008002\/2021\t<\/td><td class=\"column-15\">08\/10\/2021<\/td><td class=\"column-16\"><\/td><td class=\"column-17\"><\/td>\n<\/tr>\n<tr class=\"row-492\">\n\t<td class=\"column-1\">503\/2021<\/td><td class=\"column-2\">503\/2021<\/td><td class=\"column-3\">02\/08\/2021<\/td><td class=\"column-4\">10\/08\/2021<\/td><td class=\"column-5\">Preg\u00e3o Eletr\u00f4nico<\/td><td class=\"column-6\">Menor Pre\u00e7o por Lote<\/td><td class=\"column-7\">CONTRATA\u00c7\u00c3O DE EMPRESA ESPECIALIZADA EM LOCA\u00c7\u00c3O DE M\u00c3O DE OBRA DE CAR\u00c1TER ACESS\u00d3RIO E NATUREZA CONTINUADA, NAS FUN\u00c7\u00d5ES E QUANTITATIVOS ELENCADOS NESSE TERMO DE REFER\u00caNCIA (ANEXO I), SENDO ESTES FUNDAMENTAIS PARA O FUNCIONAMENTO SECRETARIA MUNICIPAL DO TRABALHO HABITACAO E ASSISTENCIA SOCIAL.<\/td><td class=\"column-8\">R$ 7.106.973,48<\/td><td class=\"column-9\">CLAREAR COMERCIO E SERVI\u00c7OS DE M\u00c3O DE OBRA - EIRELI<\/td><td class=\"column-10\">CLAREAR COMERCIO E SERVI\u00c7OS DE M\u00c3O DE OBRA - EIRELI<\/td><td class=\"column-11\">02.567.270\/0001-04<\/td><td class=\"column-12\">R$ 6.285.540,72<\/td><td class=\"column-13\">Encerrada<\/td><td class=\"column-14\">020041001003\/2021\t<\/td><td class=\"column-15\">01\/10\/2021<\/td><td class=\"column-16\"><\/td><td class=\"column-17\"><\/td>\n<\/tr>\n<tr class=\"row-493\">\n\t<td class=\"column-1\">503\/2021<\/td><td class=\"column-2\">503\/2021<\/td><td class=\"column-3\">02\/08\/2021<\/td><td class=\"column-4\">10\/08\/2021<\/td><td class=\"column-5\">Preg\u00e3o Eletr\u00f4nico<\/td><td class=\"column-6\">Menor Pre\u00e7o por Lote<\/td><td class=\"column-7\">CONTRATA\u00c7\u00c3O DE EMPRESA ESPECIALIZADA EM LOCA\u00c7\u00c3O DE M\u00c3O DE OBRA DE CAR\u00c1TER ACESS\u00d3RIO E NATUREZA CONTINUADA, NAS FUN\u00c7\u00d5ES E QUANTITATIVOS ELENCADOS NESSE TERMO DE REFER\u00caNCIA (ANEXO I), SENDO ESTES FUNDAMENTAIS PARA O FUNCIONAMENTO SECRETARIA MUNICIPAL DO TRABALHO HABITACAO E ASSISTENCIA SOCIAL.<\/td><td class=\"column-8\">R$ 7.106.973,48<\/td><td class=\"column-9\">CLAREAR COMERCIO E SERVI\u00c7OS DE M\u00c3O DE OBRA - EIRELI<\/td><td class=\"column-10\">CLAREAR COMERCIO E SERVI\u00c7OS DE M\u00c3O DE OBRA - EIRELI<\/td><td class=\"column-11\">02.567.270\/0001-04<\/td><td class=\"column-12\">R$ 6.285.540,72<\/td><td class=\"column-13\">Encerrada<\/td><td class=\"column-14\">020091001010\/2021\t<\/td><td class=\"column-15\">01\/10\/2021<\/td><td class=\"column-16\"><\/td><td class=\"column-17\"><\/td>\n<\/tr>\n<tr class=\"row-494\">\n\t<td class=\"column-1\">503\/2021<\/td><td class=\"column-2\">503\/2021<\/td><td class=\"column-3\">02\/08\/2021<\/td><td class=\"column-4\">10\/08\/2021<\/td><td class=\"column-5\">Preg\u00e3o Eletr\u00f4nico<\/td><td class=\"column-6\">Menor Pre\u00e7o por Lote<\/td><td class=\"column-7\">CONTRATA\u00c7\u00c3O DE EMPRESA ESPECIALIZADA EM LOCA\u00c7\u00c3O DE M\u00c3O DE OBRA DE CAR\u00c1TER ACESS\u00d3RIO E NATUREZA CONTINUADA, NAS FUN\u00c7\u00d5ES E QUANTITATIVOS ELENCADOS NESSE TERMO DE REFER\u00caNCIA (ANEXO I), SENDO ESTES FUNDAMENTAIS PARA O FUNCIONAMENTO SECRETARIA MUNICIPAL DO TRABALHO HABITACAO E ASSISTENCIA SOCIAL.<\/td><td class=\"column-8\">R$ 7.106.973,48<\/td><td class=\"column-9\">CLAREAR COMERCIO E SERVI\u00c7OS DE M\u00c3O DE OBRA - EIRELI<\/td><td class=\"column-10\">CLAREAR COMERCIO E SERVI\u00c7OS DE M\u00c3O DE OBRA - EIRELI<\/td><td class=\"column-11\">02.567.270\/0001-04<\/td><td class=\"column-12\">R$ 6.285.540,72<\/td><td class=\"column-13\">Encerrada<\/td><td class=\"column-14\">02009901002\/2021\t<\/td><td class=\"column-15\">01\/09\/2021<\/td><td class=\"column-16\"><\/td><td class=\"column-17\"><\/td>\n<\/tr>\n<tr class=\"row-495\">\n\t<td class=\"column-1\">503\/2021<\/td><td class=\"column-2\">503\/2021<\/td><td class=\"column-3\">02\/08\/2021<\/td><td class=\"column-4\">10\/08\/2021<\/td><td class=\"column-5\">Preg\u00e3o Eletr\u00f4nico<\/td><td class=\"column-6\">Menor Pre\u00e7o por Lote<\/td><td class=\"column-7\">CONTRATA\u00c7\u00c3O DE EMPRESA ESPECIALIZADA EM LOCA\u00c7\u00c3O DE M\u00c3O DE OBRA DE CAR\u00c1TER ACESS\u00d3RIO E NATUREZA CONTINUADA, NAS FUN\u00c7\u00d5ES E QUANTITATIVOS ELENCADOS NESSE TERMO DE REFER\u00caNCIA (ANEXO I), SENDO ESTES FUNDAMENTAIS PARA O FUNCIONAMENTO SECRETARIA MUNICIPAL DO TRABALHO HABITACAO E ASSISTENCIA SOCIAL.<\/td><td class=\"column-8\">R$ 7.106.973,48<\/td><td class=\"column-9\">CLAREAR COMERCIO E SERVI\u00c7OS DE M\u00c3O DE OBRA - EIRELI<\/td><td class=\"column-10\">CLAREAR COMERCIO E SERVI\u00c7OS DE M\u00c3O DE OBRA - EIRELI<\/td><td class=\"column-11\">02.567.270\/0001-04<\/td><td class=\"column-12\">R$ 6.285.540,72<\/td><td class=\"column-13\">Encerrada<\/td><td class=\"column-14\">02002901002\/2021\t<\/td><td class=\"column-15\">01\/09\/2021<\/td><td class=\"column-16\"><\/td><td class=\"column-17\"><\/td>\n<\/tr>\n<tr class=\"row-496\">\n\t<td class=\"column-1\">503\/2021<\/td><td class=\"column-2\">503\/2021<\/td><td class=\"column-3\">02\/08\/2021<\/td><td class=\"column-4\">10\/08\/2021<\/td><td class=\"column-5\">Preg\u00e3o Eletr\u00f4nico<\/td><td class=\"column-6\">Menor Pre\u00e7o por Lote<\/td><td class=\"column-7\">CONTRATA\u00c7\u00c3O DE EMPRESA ESPECIALIZADA EM LOCA\u00c7\u00c3O DE M\u00c3O DE OBRA DE CAR\u00c1TER ACESS\u00d3RIO E NATUREZA CONTINUADA, NAS FUN\u00c7\u00d5ES E QUANTITATIVOS ELENCADOS NESSE TERMO DE REFER\u00caNCIA (ANEXO I), SENDO ESTES FUNDAMENTAIS PARA O FUNCIONAMENTO SECRETARIA MUNICIPAL DO TRABALHO HABITACAO E ASSISTENCIA SOCIAL.<\/td><td class=\"column-8\">R$ 7.106.973,48<\/td><td class=\"column-9\">CLAREAR COMERCIO E SERVI\u00c7OS DE M\u00c3O DE OBRA - EIRELI<\/td><td class=\"column-10\">CLAREAR COMERCIO E SERVI\u00c7OS DE M\u00c3O DE OBRA - EIRELI<\/td><td class=\"column-11\">02.567.270\/0001-04<\/td><td class=\"column-12\">R$ 6.285.540,72<\/td><td class=\"column-13\">Encerrada<\/td><td class=\"column-14\">02006901015\/2021\t<\/td><td class=\"column-15\">01\/09\/2021<\/td><td class=\"column-16\"><\/td><td class=\"column-17\"><\/td>\n<\/tr>\n<tr class=\"row-497\">\n\t<td class=\"column-1\">503\/2021<\/td><td class=\"column-2\">503\/2021<\/td><td class=\"column-3\">02\/08\/2021<\/td><td class=\"column-4\">10\/08\/2021<\/td><td class=\"column-5\">Preg\u00e3o Eletr\u00f4nico<\/td><td class=\"column-6\">Menor Pre\u00e7o por Lote<\/td><td class=\"column-7\">CONTRATA\u00c7\u00c3O DE EMPRESA ESPECIALIZADA EM LOCA\u00c7\u00c3O DE M\u00c3O DE OBRA DE CAR\u00c1TER ACESS\u00d3RIO E NATUREZA CONTINUADA, NAS FUN\u00c7\u00d5ES E QUANTITATIVOS ELENCADOS NESSE TERMO DE REFER\u00caNCIA (ANEXO I), SENDO ESTES FUNDAMENTAIS PARA O FUNCIONAMENTO SECRETARIA MUNICIPAL DO TRABALHO HABITACAO E ASSISTENCIA SOCIAL.<\/td><td class=\"column-8\">R$ 7.106.973,48<\/td><td class=\"column-9\">CLAREAR COMERCIO E SERVI\u00c7OS DE M\u00c3O DE OBRA - EIRELI<\/td><td class=\"column-10\">CLAREAR COMERCIO E SERVI\u00c7OS DE M\u00c3O DE OBRA - EIRELI<\/td><td class=\"column-11\">02.567.270\/0001-04<\/td><td class=\"column-12\">R$ 6.285.540,72<\/td><td class=\"column-13\">Encerrada<\/td><td class=\"column-14\">04001901004\/2021\t<\/td><td class=\"column-15\">01\/09\/2021<\/td><td class=\"column-16\"><\/td><td class=\"column-17\"><\/td>\n<\/tr>\n<tr class=\"row-498\">\n\t<td class=\"column-1\">503\/2021<\/td><td class=\"column-2\">503\/2021<\/td><td class=\"column-3\">02\/08\/2021<\/td><td class=\"column-4\">10\/08\/2021<\/td><td class=\"column-5\">Preg\u00e3o Eletr\u00f4nico<\/td><td class=\"column-6\">Menor Pre\u00e7o por Lote<\/td><td class=\"column-7\">CONTRATA\u00c7\u00c3O DE EMPRESA ESPECIALIZADA EM LOCA\u00c7\u00c3O DE M\u00c3O DE OBRA DE CAR\u00c1TER ACESS\u00d3RIO E NATUREZA CONTINUADA, NAS FUN\u00c7\u00d5ES E QUANTITATIVOS ELENCADOS NESSE TERMO DE REFER\u00caNCIA (ANEXO I), SENDO ESTES FUNDAMENTAIS PARA O FUNCIONAMENTO SECRETARIA MUNICIPAL DO TRABALHO HABITACAO E ASSISTENCIA SOCIAL.<\/td><td class=\"column-8\">R$ 7.106.973,48<\/td><td class=\"column-9\">CLAREAR COMERCIO E SERVI\u00c7OS DE M\u00c3O DE OBRA - EIRELI<\/td><td class=\"column-10\">CLAREAR COMERCIO E SERVI\u00c7OS DE M\u00c3O DE OBRA - EIRELI<\/td><td class=\"column-11\">02.567.270\/0001-04<\/td><td class=\"column-12\">R$ 6.285.540,72<\/td><td class=\"column-13\">Encerrada<\/td><td class=\"column-14\">020061008001\/2021\t<\/td><td class=\"column-15\">08\/10\/2021<\/td><td class=\"column-16\"><\/td><td class=\"column-17\"><\/td>\n<\/tr>\n<tr class=\"row-499\">\n\t<td class=\"column-1\">503\/2021<\/td><td class=\"column-2\">503\/2021<\/td><td class=\"column-3\">02\/08\/2021<\/td><td class=\"column-4\">10\/08\/2021<\/td><td class=\"column-5\">Preg\u00e3o Eletr\u00f4nico<\/td><td class=\"column-6\">Menor Pre\u00e7o por Lote<\/td><td class=\"column-7\">CONTRATA\u00c7\u00c3O DE EMPRESA ESPECIALIZADA EM LOCA\u00c7\u00c3O DE M\u00c3O DE OBRA DE CAR\u00c1TER ACESS\u00d3RIO E NATUREZA CONTINUADA, NAS FUN\u00c7\u00d5ES E QUANTITATIVOS ELENCADOS NESSE TERMO DE REFER\u00caNCIA (ANEXO I), SENDO ESTES FUNDAMENTAIS PARA O FUNCIONAMENTO SECRETARIA MUNICIPAL DO TRABALHO HABITACAO E ASSISTENCIA SOCIAL.<\/td><td class=\"column-8\">R$ 7.106.973,48<\/td><td class=\"column-9\">CLAREAR COMERCIO E SERVI\u00c7OS DE M\u00c3O DE OBRA - EIRELI<\/td><td class=\"column-10\">CLAREAR COMERCIO E SERVI\u00c7OS DE M\u00c3O DE OBRA - EIRELI<\/td><td class=\"column-11\">02.567.270\/0001-04<\/td><td class=\"column-12\">R$ 6.285.540,72<\/td><td class=\"column-13\">Encerrada<\/td><td class=\"column-14\">02008901001\/2021\t<\/td><td class=\"column-15\">01\/09\/2021<\/td><td class=\"column-16\"><\/td><td class=\"column-17\"><\/td>\n<\/tr>\n<tr class=\"row-500\">\n\t<td class=\"column-1\">503\/2021<\/td><td class=\"column-2\">503\/2021<\/td><td class=\"column-3\">02\/08\/2021<\/td><td class=\"column-4\">10\/08\/2021<\/td><td class=\"column-5\">Preg\u00e3o Eletr\u00f4nico<\/td><td class=\"column-6\">Menor Pre\u00e7o por Lote<\/td><td class=\"column-7\">CONTRATA\u00c7\u00c3O DE EMPRESA ESPECIALIZADA EM LOCA\u00c7\u00c3O DE M\u00c3O DE OBRA DE CAR\u00c1TER ACESS\u00d3RIO E NATUREZA CONTINUADA, NAS FUN\u00c7\u00d5ES E QUANTITATIVOS ELENCADOS NESSE TERMO DE REFER\u00caNCIA (ANEXO I), SENDO ESTES FUNDAMENTAIS PARA O FUNCIONAMENTO SECRETARIA MUNICIPAL DO TRABALHO HABITACAO E ASSISTENCIA SOCIAL.<\/td><td class=\"column-8\">R$ 7.106.973,48<\/td><td class=\"column-9\">CLAREAR COMERCIO E SERVI\u00c7OS DE M\u00c3O DE OBRA - EIRELI<\/td><td class=\"column-10\">CLAREAR COMERCIO E SERVI\u00c7OS DE M\u00c3O DE OBRA - EIRELI<\/td><td class=\"column-11\">02.567.270\/0001-04<\/td><td class=\"column-12\">R$ 6.285.540,72<\/td><td class=\"column-13\">Encerrada<\/td><td class=\"column-14\">04001901003\/2021\t<\/td><td class=\"column-15\">01\/09\/2021<\/td><td class=\"column-16\"><\/td><td class=\"column-17\"><\/td>\n<\/tr>\n<tr class=\"row-501\">\n\t<td class=\"column-1\">503\/2021<\/td><td class=\"column-2\">503\/2021<\/td><td class=\"column-3\">02\/08\/2021<\/td><td class=\"column-4\">10\/08\/2021<\/td><td class=\"column-5\">Preg\u00e3o Eletr\u00f4nico<\/td><td class=\"column-6\">Menor Pre\u00e7o por Lote<\/td><td class=\"column-7\">CONTRATA\u00c7\u00c3O DE EMPRESA ESPECIALIZADA EM LOCA\u00c7\u00c3O DE M\u00c3O DE OBRA DE CAR\u00c1TER ACESS\u00d3RIO E NATUREZA CONTINUADA, NAS FUN\u00c7\u00d5ES E QUANTITATIVOS ELENCADOS NESSE TERMO DE REFER\u00caNCIA (ANEXO I), SENDO ESTES FUNDAMENTAIS PARA O FUNCIONAMENTO SECRETARIA MUNICIPAL DO TRABALHO HABITACAO E ASSISTENCIA SOCIAL.<\/td><td class=\"column-8\">R$ 7.106.973,48<\/td><td class=\"column-9\">CLAREAR COMERCIO E SERVI\u00c7OS DE M\u00c3O DE OBRA - EIRELI<\/td><td class=\"column-10\">CLAREAR COMERCIO E SERVI\u00c7OS DE M\u00c3O DE OBRA - EIRELI<\/td><td class=\"column-11\">02.567.270\/0001-04<\/td><td class=\"column-12\">R$ 6.285.540,72<\/td><td class=\"column-13\">Encerrada<\/td><td class=\"column-14\">03001901006\/2021\t<\/td><td class=\"column-15\">01\/09\/2021<\/td><td class=\"column-16\"><\/td><td class=\"column-17\"><\/td>\n<\/tr>\n<tr class=\"row-502\">\n\t<td class=\"column-1\">503\/2021<\/td><td class=\"column-2\">503\/2021<\/td><td class=\"column-3\">02\/08\/2021<\/td><td class=\"column-4\">10\/08\/2021<\/td><td class=\"column-5\">Preg\u00e3o Eletr\u00f4nico<\/td><td class=\"column-6\">Menor Pre\u00e7o por Lote<\/td><td class=\"column-7\">CONTRATA\u00c7\u00c3O DE EMPRESA ESPECIALIZADA EM LOCA\u00c7\u00c3O DE M\u00c3O DE OBRA DE CAR\u00c1TER ACESS\u00d3RIO E NATUREZA CONTINUADA, NAS FUN\u00c7\u00d5ES E QUANTITATIVOS ELENCADOS NESSE TERMO DE REFER\u00caNCIA (ANEXO I), SENDO ESTES FUNDAMENTAIS PARA O FUNCIONAMENTO SECRETARIA MUNICIPAL DO TRABALHO HABITACAO E ASSISTENCIA SOCIAL.<\/td><td class=\"column-8\">R$ 7.106.973,48<\/td><td class=\"column-9\">CLAREAR COMERCIO E SERVI\u00c7OS DE M\u00c3O DE OBRA - EIRELI<\/td><td class=\"column-10\">CLAREAR COMERCIO E SERVI\u00c7OS DE M\u00c3O DE OBRA - EIRELI<\/td><td class=\"column-11\">02.567.270\/0001-04<\/td><td class=\"column-12\">R$ 6.285.540,72<\/td><td class=\"column-13\">Encerrada<\/td><td class=\"column-14\">02004901005\/2021\t<\/td><td class=\"column-15\">01\/09\/2021<\/td><td class=\"column-16\"><\/td><td class=\"column-17\"><\/td>\n<\/tr>\n<tr class=\"row-503\">\n\t<td class=\"column-1\">503\/2021<\/td><td class=\"column-2\">503\/2021<\/td><td class=\"column-3\">02\/08\/2021<\/td><td class=\"column-4\">10\/08\/2021<\/td><td class=\"column-5\">Preg\u00e3o Eletr\u00f4nico<\/td><td class=\"column-6\">Menor Pre\u00e7o por Lote<\/td><td class=\"column-7\">CONTRATA\u00c7\u00c3O DE EMPRESA ESPECIALIZADA EM LOCA\u00c7\u00c3O DE M\u00c3O DE OBRA DE CAR\u00c1TER ACESS\u00d3RIO E NATUREZA CONTINUADA, NAS FUN\u00c7\u00d5ES E QUANTITATIVOS ELENCADOS NESSE TERMO DE REFER\u00caNCIA (ANEXO I), SENDO ESTES FUNDAMENTAIS PARA O FUNCIONAMENTO SECRETARIA MUNICIPAL DO TRABALHO HABITACAO E ASSISTENCIA SOCIAL.<\/td><td class=\"column-8\">R$ 7.106.973,48<\/td><td class=\"column-9\">CLAREAR COMERCIO E SERVI\u00c7OS DE M\u00c3O DE OBRA - EIRELI<\/td><td class=\"column-10\">CLAREAR COMERCIO E SERVI\u00c7OS DE M\u00c3O DE OBRA - EIRELI<\/td><td class=\"column-11\">02.567.270\/0001-04<\/td><td class=\"column-12\">R$ 6.285.540,72<\/td><td class=\"column-13\">Encerrada<\/td><td class=\"column-14\">03001901007\/2021\t<\/td><td class=\"column-15\">01\/09\/2021<\/td><td class=\"column-16\"><\/td><td class=\"column-17\"><\/td>\n<\/tr>\n<tr class=\"row-504\">\n\t<td class=\"column-1\">503\/2021<\/td><td class=\"column-2\">503\/2021<\/td><td class=\"column-3\">02\/08\/2021<\/td><td class=\"column-4\">10\/08\/2021<\/td><td class=\"column-5\">Preg\u00e3o Eletr\u00f4nico<\/td><td class=\"column-6\">Menor Pre\u00e7o por Lote<\/td><td class=\"column-7\">CONTRATA\u00c7\u00c3O DE EMPRESA ESPECIALIZADA EM LOCA\u00c7\u00c3O DE M\u00c3O DE OBRA DE CAR\u00c1TER ACESS\u00d3RIO E NATUREZA CONTINUADA, NAS FUN\u00c7\u00d5ES E QUANTITATIVOS ELENCADOS NESSE TERMO DE REFER\u00caNCIA (ANEXO I), SENDO ESTES FUNDAMENTAIS PARA O FUNCIONAMENTO SECRETARIA MUNICIPAL DO TRABALHO HABITACAO E ASSISTENCIA SOCIAL.<\/td><td class=\"column-8\">R$ 7.106.973,48<\/td><td class=\"column-9\">CLAREAR COMERCIO E SERVI\u00c7OS DE M\u00c3O DE OBRA - EIRELI<\/td><td class=\"column-10\">CLAREAR COMERCIO E SERVI\u00c7OS DE M\u00c3O DE OBRA - EIRELI<\/td><td class=\"column-11\">02.567.270\/0001-04<\/td><td class=\"column-12\">R$ 6.285.540,72<\/td><td class=\"column-13\">Encerrada<\/td><td class=\"column-14\">02008901002\/2021\t<\/td><td class=\"column-15\">01\/09\/2021<\/td><td class=\"column-16\"><\/td><td class=\"column-17\"><\/td>\n<\/tr>\n<tr class=\"row-505\">\n\t<td class=\"column-1\">507\/2021<\/td><td class=\"column-2\">507\/2021<\/td><td class=\"column-3\"><\/td><td class=\"column-4\">06\/07\/2021<\/td><td class=\"column-5\">Dispensa<\/td><td class=\"column-6\">Menor Pre\u00e7o Por Item<\/td><td class=\"column-7\">AQUISI\u00c7\u00c3O DE HD, SSD FORMATO: 2.5 POLEGADAS, CAPACIDADE DE ARMAZENAMENTO: 480 GB, INTERFACE HARDWARE: SATA 3.0 GB\/S, VELOCIDADE DE LEITURA; 500 MEGABYTES POR SEGUNDO.<\/td><td class=\"column-8\">R$ 474,05<\/td><td class=\"column-9\">LUIZ BARBOSA JUNIOR 06124139421, MIRANDA COMPUTACAO E COMERCIO LTDA, PEDRO AUGUSTO SILVA DE LIMA<\/td><td class=\"column-10\">MIRANDA COMPUTACAO E COMERCIO LTDA<\/td><td class=\"column-11\">11.982.113\/0005-80<\/td><td class=\"column-12\">R$ 474,05<\/td><td class=\"column-13\">Encerrada<\/td><td class=\"column-14\">02010708001\/2021\t<\/td><td class=\"column-15\">08\/07\/2021<\/td><td class=\"column-16\"><\/td><td class=\"column-17\"><\/td>\n<\/tr>\n<tr class=\"row-506\">\n\t<td class=\"column-1\">508\/2021<\/td><td class=\"column-2\">508\/2021<\/td><td class=\"column-3\">14\/06\/2021<\/td><td class=\"column-4\">08\/07\/2021<\/td><td class=\"column-5\">Tomada de Pre\u00e7o<\/td><td class=\"column-6\">Empreitada Global<\/td><td class=\"column-7\">CONTRATA\u00c7\u00c3O DE EMPRESA ESPECIALIZADA EM SERVI\u00c7OS DE ENGENHARIA PARA CONSTRU\u00c7\u00c3O DE UM SISTEMA DE DRENAGEM NA RUA DAS AMETISTAS, BOSQUE DAS PEDRAS NO MUNIC\u00cdPIO DE LAJES\/RN DE ACORDO COM O PROJETO B\u00c1SICO EM ANEXO.<\/td><td class=\"column-8\">R$ 33.671,84<\/td><td class=\"column-9\">ALVES E AQUINO SERVICOS ESPECIALIZADOS LTDA<\/td><td class=\"column-10\">ALVES E AQUINO SERVICOS ESPECIALIZADOS LTDA<\/td><td class=\"column-11\">16.882.115\/0001-97<\/td><td class=\"column-12\">R$ 31.824,88<\/td><td class=\"column-13\">Encerrada<\/td><td class=\"column-14\"><\/td><td class=\"column-15\"><\/td><td class=\"column-16\">67\/2021\t<\/td><td class=\"column-17\">13\/07\/2021<\/td>\n<\/tr>\n<tr class=\"row-507\">\n\t<td class=\"column-1\">509\/2021<\/td><td class=\"column-2\">509\/2021<\/td><td class=\"column-3\">21\/07\/2021<\/td><td class=\"column-4\">01\/10\/2021<\/td><td class=\"column-5\">Tomada de Pre\u00e7o<\/td><td class=\"column-6\">Menor Pre\u00e7o Global<\/td><td class=\"column-7\">CONTRATA\u00c7\u00c3O DE EMPRESA ESPECIALIZADA EM SERVI\u00c7OS DE ENGENHARIA PARA REFORMA E MODERNIZA\u00c7\u00c3O DAS PRA\u00c7AS P\u00daBLICAS GET\u00daLIO VARGAS E SEBASTI\u00c3O DUDA DA ROCHA LOCALIZADAS NAS RUAS PRESIDENTE GET\u00daLIO VARGAS E AVENIDA ULISSES VALE NA REGI\u00c3O URBANA DO MUNIC\u00cdPIO DE LAJES\/RN.<\/td><td class=\"column-8\">R$ 270.222,05<\/td><td class=\"column-9\">ALVES E AQUINO SERVICOS ESPECIALIZADOS LTDA, H J DANTAS FILHO EIRELI<\/td><td class=\"column-10\">H J DANTAS FILHO EIRELI<\/td><td class=\"column-11\">24.855.726\/0001-74<\/td><td class=\"column-12\">R$ 264.209,43<\/td><td class=\"column-13\">Encerrada<\/td><td class=\"column-14\"><\/td><td class=\"column-15\"><\/td><td class=\"column-16\">94\/2021\t<\/td><td class=\"column-17\">14\/10\/2021<\/td>\n<\/tr>\n<tr class=\"row-508\">\n\t<td class=\"column-1\">569\/2021<\/td><td class=\"column-2\">569\/2021<\/td><td class=\"column-3\">03\/09\/2021<\/td><td class=\"column-4\">20\/09\/2021<\/td><td class=\"column-5\">Preg\u00e3o Eletr\u00f4nico<\/td><td class=\"column-6\">Menor Pre\u00e7o Por Item<\/td><td class=\"column-7\">AQUISI\u00c7\u00c3O DE EQUIPAMENTOS ODONTOL\u00d3GICOS (ESB)<\/td><td class=\"column-8\">R$ 25.725,71<\/td><td class=\"column-9\">DENTEMED EQUIPAMENTOS ODONTOL\u00d3GICOS LTDA, SA\u00daDE DOCTOR COM. LTDA<\/td><td class=\"column-10\">SA\u00daDE DOCTOR COM. LTDA<\/td><td class=\"column-11\">11.511.020\/0001-43<\/td><td class=\"column-12\">R$ 262,00<\/td><td class=\"column-13\">Encerrada<\/td><td class=\"column-14\">03001927002\/2021\t<\/td><td class=\"column-15\">27\/09\/2021<\/td><td class=\"column-16\"><\/td><td class=\"column-17\"><\/td>\n<\/tr>\n<tr class=\"row-509\">\n\t<td class=\"column-1\">569\/2021<\/td><td class=\"column-2\">569\/2021<\/td><td class=\"column-3\">03\/09\/2021<\/td><td class=\"column-4\">20\/09\/2021<\/td><td class=\"column-5\">Preg\u00e3o Eletr\u00f4nico<\/td><td class=\"column-6\">Menor Pre\u00e7o Por Item<\/td><td class=\"column-7\">AQUISI\u00c7\u00c3O DE EQUIPAMENTOS ODONTOL\u00d3GICOS (ESB)<\/td><td class=\"column-8\">R$ 25.725,71<\/td><td class=\"column-9\">DENTEMED EQUIPAMENTOS ODONTOL\u00d3GICOS LTDA, SA\u00daDE DOCTOR COM. LTDA<\/td><td class=\"column-10\">DENTEMED EQUIPAMENTOS ODONTOL\u00d3GICOS LTDA<\/td><td class=\"column-11\">07.897.039\/0001-00<\/td><td class=\"column-12\">R$ 15.459,00<\/td><td class=\"column-13\">Encerrada<\/td><td class=\"column-14\">03001927001\/2021\t<\/td><td class=\"column-15\">27\/09\/2021<\/td><td class=\"column-16\"><\/td><td class=\"column-17\"><\/td>\n<\/tr>\n<tr class=\"row-510\">\n\t<td class=\"column-1\">570\/2021<\/td><td class=\"column-2\">570\/2021<\/td><td class=\"column-3\"><\/td><td class=\"column-4\">29\/07\/2021<\/td><td class=\"column-5\">Inexigibilidade<\/td><td class=\"column-6\">Menor Pre\u00e7o Por Item<\/td><td class=\"column-7\">CONTRATA\u00c7\u00c3O DE EMPRESA ESPECIALIZADA EM CONSULTORIA E ASSESSORIA CONT\u00c1BIL para execu\u00e7\u00e3o dos seguintes servi\u00e7os: Elabora\u00e7\u00e3o do PPA (Plano Plurianual), LDO (Lei de Diretrizes Or\u00e7ament\u00e1rias), LOA (Lei Or\u00e7ament\u00e1ria Anual); Servi\u00e7os de Contabilidade p\u00fablica, financeira e or\u00e7ament\u00e1ria, integrada com a folha de pagamento dos servidores e gera\u00e7\u00e3o de relat\u00f3rios gerais; Visando atender o cumprimento das normas e legisla\u00e7\u00e3o que regem a contabilidade p\u00fablica, al\u00e9m de elabora\u00e7\u00e3o de pe\u00e7as cont\u00e1beis exigidas pelos \u00f3rg\u00e3os de controles: Tribunal de Contas do Estado \u2013 TCE\/RN, Secretaria do Tesouro Nacional \u2013 STN, Fundo Nacional de Sa\u00fade \u2013 FNS, Fundo Nacional de Assist\u00eancia Social \u2013 FNAS e o Fundo Nacional de Educa\u00e7\u00e3o \u2013 FNDE, bem como as novas Normas Brasileiras de Contabilidade Aplicadas ao Setor P\u00fablico \u2013 NBCASP, e poss\u00edveis altera\u00e7\u00f5es que ocorrerem posteriores a contrata\u00e7\u00e3o.<\/td><td class=\"column-8\">R$ 299.640,00<\/td><td class=\"column-9\">FRANCISCO ROBERTO FERREIRA DANTAS - ME<\/td><td class=\"column-10\">FRANCISCO ROBERTO FERREIRA DANTAS - ME<\/td><td class=\"column-11\">07.355.573\/0001-87<\/td><td class=\"column-12\">R$ 299.640,00<\/td><td class=\"column-13\">Encerrada<\/td><td class=\"column-14\"><\/td><td class=\"column-15\"><\/td><td class=\"column-16\">80\/2021\t<\/td><td class=\"column-17\">30\/07\/2021<\/td>\n<\/tr>\n<tr class=\"row-511\">\n\t<td class=\"column-1\">571\/2021<\/td><td class=\"column-2\">571\/2021<\/td><td class=\"column-3\"><\/td><td class=\"column-4\">30\/07\/2021<\/td><td class=\"column-5\">Dispensa<\/td><td class=\"column-6\">Menor Pre\u00e7o Por Item<\/td><td class=\"column-7\">AQUISI\u00c7\u00c3O DE TAPETES HIGI\u00caNICOS SANITIZANTES E TOTENS PARA SUBSIDIAR AS A\u00c7\u00d5ES E MEDIDAS DE CONTROLE E PREVEN\u00c7\u00c3O AO COVID-19, DESTINADOS A ATENDER AS ESCOLAS P\u00daBLICAS MUNICIPAIS.<\/td><td class=\"column-8\">R$ 5.440,00<\/td><td class=\"column-9\">DAYANE RAFAELA DE MELO FRAN\u00c7A DANTAS, NACIONAL COM\u00c9RCIO E REPRESENTA\u00c7\u00c3O EIRELI, TECHPROL SERVI\u00c7OS, COMERCIO E LOCA\u00c7\u00d5ES EIRELI<\/td><td class=\"column-10\">DAYANE RAFAELA DE MELO FRAN\u00c7A DANTAS<\/td><td class=\"column-11\">35.284.764\/0001-30<\/td><td class=\"column-12\">R$ 5.440,00<\/td><td class=\"column-13\">Encerrada<\/td><td class=\"column-14\">02006802001\/2021\t<\/td><td class=\"column-15\">02\/08\/2021<\/td><td class=\"column-16\"><\/td><td class=\"column-17\"><\/td>\n<\/tr>\n<tr class=\"row-512\">\n\t<td class=\"column-1\">572\/2021<\/td><td class=\"column-2\">572\/2021<\/td><td class=\"column-3\">22\/07\/2021<\/td><td class=\"column-4\">28\/07\/2021<\/td><td class=\"column-5\">Credenciamento - Chamamento P\u00fablico<\/td><td class=\"column-6\">Menor Pre\u00e7o Por Item<\/td><td class=\"column-7\">CREDENCIAMENTO DE PESSOAS J\u00daRIDICAS E PESSOAS F\u00cdSICAS, COM O OBJETIVO DE PRESTA\u00c7\u00c3O DE SERVI\u00c7OS ART\u00cdSTICOS E CULTURAIS, NAS LINGUAGENS ART\u00cdSTICAS CONSTANTES<\/td><td class=\"column-8\">R$ 8.200,00<\/td><td class=\"column-9\">ALYSSON SENA DE LIMA SILVA, DALVANIRA QUIRINO DA SILVA E SILVA , DAMIANA VICTOR DOS SANTOS LIMA, EWANDSON BASTISTA DA SILVA FERNANDES , FELIPE DEIVID FELISBERTO DA SILVA , FRANCISCA ADRIANA DA SILVA SOUZA , FRANCISCA ALENILDA DA SILVA, FRANCISCO CANIND\u00c9 DA SILVA , FRANCISCO DE ASSIS FERNANDES DE ARAUJO, FRANK JOHN SOARES VIANA, JACKSON ERICK MARTINS DE SOUZA , JOSE ALESANDRO DA SILVA, LENILDA VICTOR DE LIMA, LUCIMAR BEZERRA, LUZENILDO JUSTINO DE LIMA , MAIRA HEMELLY MARTINS RODRIGUES, MARIA DAIANA DA SILVA OVIDIO, MARIA ROSIMAR DA SILVA , PAULA PATR\u00cdCIA CUNHA FEREIRA , REJANE DE OLIVEIRA LIMA<\/td><td class=\"column-10\">REJANE DE OLIVEIRA LIMA<\/td><td class=\"column-11\">429.206.124-68<\/td><td class=\"column-12\">R$ 100,00<\/td><td class=\"column-13\">Encerrada<\/td><td class=\"column-14\">02006802011\/2021\t<\/td><td class=\"column-15\">02\/08\/2021<\/td><td class=\"column-16\">70\/2021\t<\/td><td class=\"column-17\">29\/07\/2021<\/td>\n<\/tr>\n<tr class=\"row-513\">\n\t<td class=\"column-1\">572\/2021<\/td><td class=\"column-2\">572\/2021<\/td><td class=\"column-3\">22\/07\/2021<\/td><td class=\"column-4\">28\/07\/2021<\/td><td class=\"column-5\">Credenciamento - Chamamento P\u00fablico<\/td><td class=\"column-6\">Menor Pre\u00e7o Por Item<\/td><td class=\"column-7\">CREDENCIAMENTO DE PESSOAS J\u00daRIDICAS E PESSOAS F\u00cdSICAS, COM O OBJETIVO DE PRESTA\u00c7\u00c3O DE SERVI\u00c7OS ART\u00cdSTICOS E CULTURAIS, NAS LINGUAGENS ART\u00cdSTICAS CONSTANTES<\/td><td class=\"column-8\">R$ 8.200,00<\/td><td class=\"column-9\">ALYSSON SENA DE LIMA SILVA, DALVANIRA QUIRINO DA SILVA E SILVA , DAMIANA VICTOR DOS SANTOS LIMA, EWANDSON BASTISTA DA SILVA FERNANDES , FELIPE DEIVID FELISBERTO DA SILVA , FRANCISCA ADRIANA DA SILVA SOUZA , FRANCISCA ALENILDA DA SILVA, FRANCISCO CANIND\u00c9 DA SILVA , FRANCISCO DE ASSIS FERNANDES DE ARAUJO, FRANK JOHN SOARES VIANA, JACKSON ERICK MARTINS DE SOUZA , JOSE ALESANDRO DA SILVA, LENILDA VICTOR DE LIMA, LUCIMAR BEZERRA, LUZENILDO JUSTINO DE LIMA , MAIRA HEMELLY MARTINS RODRIGUES, MARIA DAIANA DA SILVA OVIDIO, MARIA ROSIMAR DA SILVA , PAULA PATR\u00cdCIA CUNHA FEREIRA , REJANE DE OLIVEIRA LIMA<\/td><td class=\"column-10\">LENILDA VICTOR DE LIMA<\/td><td class=\"column-11\">087.137.174-05<\/td><td class=\"column-12\">R$ 100,00<\/td><td class=\"column-13\">Encerrada<\/td><td class=\"column-14\">02006802010\/2021\t<\/td><td class=\"column-15\">02\/08\/2021<\/td><td class=\"column-16\">73\/2021\t<\/td><td class=\"column-17\">29\/07\/2021<\/td>\n<\/tr>\n<tr class=\"row-514\">\n\t<td class=\"column-1\">572\/2021<\/td><td class=\"column-2\">572\/2021<\/td><td class=\"column-3\">22\/07\/2021<\/td><td class=\"column-4\">28\/07\/2021<\/td><td class=\"column-5\">Credenciamento - Chamamento P\u00fablico<\/td><td class=\"column-6\">Menor Pre\u00e7o Por Item<\/td><td class=\"column-7\">CREDENCIAMENTO DE PESSOAS J\u00daRIDICAS E PESSOAS F\u00cdSICAS, COM O OBJETIVO DE PRESTA\u00c7\u00c3O DE SERVI\u00c7OS ART\u00cdSTICOS E CULTURAIS, NAS LINGUAGENS ART\u00cdSTICAS CONSTANTES<\/td><td class=\"column-8\">R$ 8.200,00<\/td><td class=\"column-9\">ALYSSON SENA DE LIMA SILVA, DALVANIRA QUIRINO DA SILVA E SILVA , DAMIANA VICTOR DOS SANTOS LIMA, EWANDSON BASTISTA DA SILVA FERNANDES , FELIPE DEIVID FELISBERTO DA SILVA , FRANCISCA ADRIANA DA SILVA SOUZA , FRANCISCA ALENILDA DA SILVA, FRANCISCO CANIND\u00c9 DA SILVA , FRANCISCO DE ASSIS FERNANDES DE ARAUJO, FRANK JOHN SOARES VIANA, JACKSON ERICK MARTINS DE SOUZA , JOSE ALESANDRO DA SILVA, LENILDA VICTOR DE LIMA, LUCIMAR BEZERRA, LUZENILDO JUSTINO DE LIMA , MAIRA HEMELLY MARTINS RODRIGUES, MARIA DAIANA DA SILVA OVIDIO, MARIA ROSIMAR DA SILVA , PAULA PATR\u00cdCIA CUNHA FEREIRA , REJANE DE OLIVEIRA LIMA<\/td><td class=\"column-10\">FRANCISCA ALENILDA DA SILVA<\/td><td class=\"column-11\">058.967.924-41<\/td><td class=\"column-12\">R$ 100,00<\/td><td class=\"column-13\">Encerrada<\/td><td class=\"column-14\">02006802015\/2021\t<\/td><td class=\"column-15\">02\/08\/2021<\/td><td class=\"column-16\">69\/2021\t<\/td><td class=\"column-17\">29\/07\/2021<\/td>\n<\/tr>\n<tr class=\"row-515\">\n\t<td class=\"column-1\">572\/2021<\/td><td class=\"column-2\">572\/2021<\/td><td class=\"column-3\">22\/07\/2021<\/td><td class=\"column-4\">28\/07\/2021<\/td><td class=\"column-5\">Credenciamento - Chamamento P\u00fablico<\/td><td class=\"column-6\">Menor Pre\u00e7o Por Item<\/td><td class=\"column-7\">CREDENCIAMENTO DE PESSOAS J\u00daRIDICAS E PESSOAS F\u00cdSICAS, COM O OBJETIVO DE PRESTA\u00c7\u00c3O DE SERVI\u00c7OS ART\u00cdSTICOS E CULTURAIS, NAS LINGUAGENS ART\u00cdSTICAS CONSTANTES<\/td><td class=\"column-8\">R$ 8.200,00<\/td><td class=\"column-9\">ALYSSON SENA DE LIMA SILVA, DALVANIRA QUIRINO DA SILVA E SILVA , DAMIANA VICTOR DOS SANTOS LIMA, EWANDSON BASTISTA DA SILVA FERNANDES , FELIPE DEIVID FELISBERTO DA SILVA , FRANCISCA ADRIANA DA SILVA SOUZA , FRANCISCA ALENILDA DA SILVA, FRANCISCO CANIND\u00c9 DA SILVA , FRANCISCO DE ASSIS FERNANDES DE ARAUJO, FRANK JOHN SOARES VIANA, JACKSON ERICK MARTINS DE SOUZA , JOSE ALESANDRO DA SILVA, LENILDA VICTOR DE LIMA, LUCIMAR BEZERRA, LUZENILDO JUSTINO DE LIMA , MAIRA HEMELLY MARTINS RODRIGUES, MARIA DAIANA DA SILVA OVIDIO, MARIA ROSIMAR DA SILVA , PAULA PATR\u00cdCIA CUNHA FEREIRA , REJANE DE OLIVEIRA LIMA<\/td><td class=\"column-10\">LUCIMAR BEZERRA<\/td><td class=\"column-11\">938.052.684-91<\/td><td class=\"column-12\">R$ 100,00<\/td><td class=\"column-13\">Encerrada<\/td><td class=\"column-14\">02006802012\/2021\t<\/td><td class=\"column-15\">02\/08\/2021<\/td><td class=\"column-16\">72\/2021\t<\/td><td class=\"column-17\">29\/07\/2021<\/td>\n<\/tr>\n<tr class=\"row-516\">\n\t<td class=\"column-1\">572\/2021<\/td><td class=\"column-2\">572\/2021<\/td><td class=\"column-3\">22\/07\/2021<\/td><td class=\"column-4\">28\/07\/2021<\/td><td class=\"column-5\">Credenciamento - Chamamento P\u00fablico<\/td><td class=\"column-6\">Menor Pre\u00e7o Por Item<\/td><td class=\"column-7\">CREDENCIAMENTO DE PESSOAS J\u00daRIDICAS E PESSOAS F\u00cdSICAS, COM O OBJETIVO DE PRESTA\u00c7\u00c3O DE SERVI\u00c7OS ART\u00cdSTICOS E CULTURAIS, NAS LINGUAGENS ART\u00cdSTICAS CONSTANTES<\/td><td class=\"column-8\">R$ 8.200,00<\/td><td class=\"column-9\">ALYSSON SENA DE LIMA SILVA, DALVANIRA QUIRINO DA SILVA E SILVA , DAMIANA VICTOR DOS SANTOS LIMA, EWANDSON BASTISTA DA SILVA FERNANDES , FELIPE DEIVID FELISBERTO DA SILVA , FRANCISCA ADRIANA DA SILVA SOUZA , FRANCISCA ALENILDA DA SILVA, FRANCISCO CANIND\u00c9 DA SILVA , FRANCISCO DE ASSIS FERNANDES DE ARAUJO, FRANK JOHN SOARES VIANA, JACKSON ERICK MARTINS DE SOUZA , JOSE ALESANDRO DA SILVA, LENILDA VICTOR DE LIMA, LUCIMAR BEZERRA, LUZENILDO JUSTINO DE LIMA , MAIRA HEMELLY MARTINS RODRIGUES, MARIA DAIANA DA SILVA OVIDIO, MARIA ROSIMAR DA SILVA , PAULA PATR\u00cdCIA CUNHA FEREIRA , REJANE DE OLIVEIRA LIMA<\/td><td class=\"column-10\">DAMIANA VICTOR DOS SANTOS LIMA<\/td><td class=\"column-11\">021.988.254-14<\/td><td class=\"column-12\">R$ 100,00<\/td><td class=\"column-13\">Encerrada<\/td><td class=\"column-14\">02006802013\/2021\t<\/td><td class=\"column-15\">02\/08\/2021<\/td><td class=\"column-16\">78\/2021\t<\/td><td class=\"column-17\">29\/07\/2021<\/td>\n<\/tr>\n<tr class=\"row-517\">\n\t<td class=\"column-1\">572\/2021<\/td><td class=\"column-2\">572\/2021<\/td><td class=\"column-3\">22\/07\/2021<\/td><td class=\"column-4\">28\/07\/2021<\/td><td class=\"column-5\">Credenciamento - Chamamento P\u00fablico<\/td><td class=\"column-6\">Menor Pre\u00e7o Por Item<\/td><td class=\"column-7\">CREDENCIAMENTO DE PESSOAS J\u00daRIDICAS E PESSOAS F\u00cdSICAS, COM O OBJETIVO DE PRESTA\u00c7\u00c3O DE SERVI\u00c7OS ART\u00cdSTICOS E CULTURAIS, NAS LINGUAGENS ART\u00cdSTICAS CONSTANTES<\/td><td class=\"column-8\">R$ 8.200,00<\/td><td class=\"column-9\">ALYSSON SENA DE LIMA SILVA, DALVANIRA QUIRINO DA SILVA E SILVA , DAMIANA VICTOR DOS SANTOS LIMA, EWANDSON BASTISTA DA SILVA FERNANDES , FELIPE DEIVID FELISBERTO DA SILVA , FRANCISCA ADRIANA DA SILVA SOUZA , FRANCISCA ALENILDA DA SILVA, FRANCISCO CANIND\u00c9 DA SILVA , FRANCISCO DE ASSIS FERNANDES DE ARAUJO, FRANK JOHN SOARES VIANA, JACKSON ERICK MARTINS DE SOUZA , JOSE ALESANDRO DA SILVA, LENILDA VICTOR DE LIMA, LUCIMAR BEZERRA, LUZENILDO JUSTINO DE LIMA , MAIRA HEMELLY MARTINS RODRIGUES, MARIA DAIANA DA SILVA OVIDIO, MARIA ROSIMAR DA SILVA , PAULA PATR\u00cdCIA CUNHA FEREIRA , REJANE DE OLIVEIRA LIMA<\/td><td class=\"column-10\">JOSE ALESANDRO DA SILVA<\/td><td class=\"column-11\">701.156.854-99<\/td><td class=\"column-12\">R$ 1.200,00<\/td><td class=\"column-13\">Encerrada<\/td><td class=\"column-14\">02006802006\/2021\t<\/td><td class=\"column-15\">02\/08\/2021<\/td><td class=\"column-16\">76\/2021\t<\/td><td class=\"column-17\">29\/07\/2021<\/td>\n<\/tr>\n<tr class=\"row-518\">\n\t<td class=\"column-1\">572\/2021<\/td><td class=\"column-2\">572\/2021<\/td><td class=\"column-3\">22\/07\/2021<\/td><td class=\"column-4\">28\/07\/2021<\/td><td class=\"column-5\">Credenciamento - Chamamento P\u00fablico<\/td><td class=\"column-6\">Menor Pre\u00e7o Por Item<\/td><td class=\"column-7\">CREDENCIAMENTO DE PESSOAS J\u00daRIDICAS E PESSOAS F\u00cdSICAS, COM O OBJETIVO DE PRESTA\u00c7\u00c3O DE SERVI\u00c7OS ART\u00cdSTICOS E CULTURAIS, NAS LINGUAGENS ART\u00cdSTICAS CONSTANTES<\/td><td class=\"column-8\">R$ 8.200,00<\/td><td class=\"column-9\">ALYSSON SENA DE LIMA SILVA, DALVANIRA QUIRINO DA SILVA E SILVA , DAMIANA VICTOR DOS SANTOS LIMA, EWANDSON BASTISTA DA SILVA FERNANDES , FELIPE DEIVID FELISBERTO DA SILVA , FRANCISCA ADRIANA DA SILVA SOUZA , FRANCISCA ALENILDA DA SILVA, FRANCISCO CANIND\u00c9 DA SILVA , FRANCISCO DE ASSIS FERNANDES DE ARAUJO, FRANK JOHN SOARES VIANA, JACKSON ERICK MARTINS DE SOUZA , JOSE ALESANDRO DA SILVA, LENILDA VICTOR DE LIMA, LUCIMAR BEZERRA, LUZENILDO JUSTINO DE LIMA , MAIRA HEMELLY MARTINS RODRIGUES, MARIA DAIANA DA SILVA OVIDIO, MARIA ROSIMAR DA SILVA , PAULA PATR\u00cdCIA CUNHA FEREIRA , REJANE DE OLIVEIRA LIMA<\/td><td class=\"column-10\">FRANK JOHN SOARES VIANA<\/td><td class=\"column-11\">102.536.814-21<\/td><td class=\"column-12\">R$ 1.600,00<\/td><td class=\"column-13\">Encerrada<\/td><td class=\"column-14\">02006802008\/2021\t<\/td><td class=\"column-15\">02\/08\/2021<\/td><td class=\"column-16\">75\/2021\t<\/td><td class=\"column-17\">29\/07\/2021<\/td>\n<\/tr>\n<tr class=\"row-519\">\n\t<td class=\"column-1\">572\/2021<\/td><td class=\"column-2\">572\/2021<\/td><td class=\"column-3\">22\/07\/2021<\/td><td class=\"column-4\">28\/07\/2021<\/td><td class=\"column-5\">Credenciamento - Chamamento P\u00fablico<\/td><td class=\"column-6\">Menor Pre\u00e7o Por Item<\/td><td class=\"column-7\">CREDENCIAMENTO DE PESSOAS J\u00daRIDICAS E PESSOAS F\u00cdSICAS, COM O OBJETIVO DE PRESTA\u00c7\u00c3O DE SERVI\u00c7OS ART\u00cdSTICOS E CULTURAIS, NAS LINGUAGENS ART\u00cdSTICAS CONSTANTES<\/td><td class=\"column-8\">R$ 8.200,00<\/td><td class=\"column-9\">ALYSSON SENA DE LIMA SILVA, DALVANIRA QUIRINO DA SILVA E SILVA , DAMIANA VICTOR DOS SANTOS LIMA, EWANDSON BASTISTA DA SILVA FERNANDES , FELIPE DEIVID FELISBERTO DA SILVA , FRANCISCA ADRIANA DA SILVA SOUZA , FRANCISCA ALENILDA DA SILVA, FRANCISCO CANIND\u00c9 DA SILVA , FRANCISCO DE ASSIS FERNANDES DE ARAUJO, FRANK JOHN SOARES VIANA, JACKSON ERICK MARTINS DE SOUZA , JOSE ALESANDRO DA SILVA, LENILDA VICTOR DE LIMA, LUCIMAR BEZERRA, LUZENILDO JUSTINO DE LIMA , MAIRA HEMELLY MARTINS RODRIGUES, MARIA DAIANA DA SILVA OVIDIO, MARIA ROSIMAR DA SILVA , PAULA PATR\u00cdCIA CUNHA FEREIRA , REJANE DE OLIVEIRA LIMA<\/td><td class=\"column-10\">MAIRA HEMELLY MARTINS RODRIGUES<\/td><td class=\"column-11\">127.282.004-16<\/td><td class=\"column-12\">R$ 1.200,00<\/td><td class=\"column-13\">Encerrada<\/td><td class=\"column-14\">02006802014\/2021\t<\/td><td class=\"column-15\">02\/08\/2021<\/td><td class=\"column-16\">74\/2021\t<\/td><td class=\"column-17\">29\/07\/2021<\/td>\n<\/tr>\n<tr class=\"row-520\">\n\t<td class=\"column-1\">572\/2021<\/td><td class=\"column-2\">572\/2021<\/td><td class=\"column-3\">22\/07\/2021<\/td><td class=\"column-4\">28\/07\/2021<\/td><td class=\"column-5\">Credenciamento - Chamamento P\u00fablico<\/td><td class=\"column-6\">Menor Pre\u00e7o Por Item<\/td><td class=\"column-7\">CREDENCIAMENTO DE PESSOAS J\u00daRIDICAS E PESSOAS F\u00cdSICAS, COM O OBJETIVO DE PRESTA\u00c7\u00c3O DE SERVI\u00c7OS ART\u00cdSTICOS E CULTURAIS, NAS LINGUAGENS ART\u00cdSTICAS CONSTANTES<\/td><td class=\"column-8\">R$ 8.200,00<\/td><td class=\"column-9\">ALYSSON SENA DE LIMA SILVA, DALVANIRA QUIRINO DA SILVA E SILVA , DAMIANA VICTOR DOS SANTOS LIMA, EWANDSON BASTISTA DA SILVA FERNANDES , FELIPE DEIVID FELISBERTO DA SILVA , FRANCISCA ADRIANA DA SILVA SOUZA , FRANCISCA ALENILDA DA SILVA, FRANCISCO CANIND\u00c9 DA SILVA , FRANCISCO DE ASSIS FERNANDES DE ARAUJO, FRANK JOHN SOARES VIANA, JACKSON ERICK MARTINS DE SOUZA , JOSE ALESANDRO DA SILVA, LENILDA VICTOR DE LIMA, LUCIMAR BEZERRA, LUZENILDO JUSTINO DE LIMA , MAIRA HEMELLY MARTINS RODRIGUES, MARIA DAIANA DA SILVA OVIDIO, MARIA ROSIMAR DA SILVA , PAULA PATR\u00cdCIA CUNHA FEREIRA , REJANE DE OLIVEIRA LIMA<\/td><td class=\"column-10\">ALYSSON SENA DE LIMA SILVA<\/td><td class=\"column-11\">109.081.064-40<\/td><td class=\"column-12\">R$ 3.200,00<\/td><td class=\"column-13\">Encerrada<\/td><td class=\"column-14\">02006802007\/2021\t<\/td><td class=\"column-15\">02\/08\/2021<\/td><td class=\"column-16\">79\/2021\t<\/td><td class=\"column-17\">29\/07\/2021<\/td>\n<\/tr>\n<tr class=\"row-521\">\n\t<td class=\"column-1\">572\/2021<\/td><td class=\"column-2\">572\/2021<\/td><td class=\"column-3\">22\/07\/2021<\/td><td class=\"column-4\">28\/07\/2021<\/td><td class=\"column-5\">Credenciamento - Chamamento P\u00fablico<\/td><td class=\"column-6\">Menor Pre\u00e7o Por Item<\/td><td class=\"column-7\">CREDENCIAMENTO DE PESSOAS J\u00daRIDICAS E PESSOAS F\u00cdSICAS, COM O OBJETIVO DE PRESTA\u00c7\u00c3O DE SERVI\u00c7OS ART\u00cdSTICOS E CULTURAIS, NAS LINGUAGENS ART\u00cdSTICAS CONSTANTES<\/td><td class=\"column-8\">R$ 8.200,00<\/td><td class=\"column-9\">ALYSSON SENA DE LIMA SILVA, DALVANIRA QUIRINO DA SILVA E SILVA , DAMIANA VICTOR DOS SANTOS LIMA, EWANDSON BASTISTA DA SILVA FERNANDES , FELIPE DEIVID FELISBERTO DA SILVA , FRANCISCA ADRIANA DA SILVA SOUZA , FRANCISCA ALENILDA DA SILVA, FRANCISCO CANIND\u00c9 DA SILVA , FRANCISCO DE ASSIS FERNANDES DE ARAUJO, FRANK JOHN SOARES VIANA, JACKSON ERICK MARTINS DE SOUZA , JOSE ALESANDRO DA SILVA, LENILDA VICTOR DE LIMA, LUCIMAR BEZERRA, LUZENILDO JUSTINO DE LIMA , MAIRA HEMELLY MARTINS RODRIGUES, MARIA DAIANA DA SILVA OVIDIO, MARIA ROSIMAR DA SILVA , PAULA PATR\u00cdCIA CUNHA FEREIRA , REJANE DE OLIVEIRA LIMA<\/td><td class=\"column-10\">FRANCISCO DE ASSIS FERNANDES DE ARAUJO<\/td><td class=\"column-11\">073.340.464-20<\/td><td class=\"column-12\">R$ 400,00<\/td><td class=\"column-13\">Encerrada<\/td><td class=\"column-14\"><\/td><td class=\"column-15\"><\/td><td class=\"column-16\">77\/2021\t<\/td><td class=\"column-17\">29\/07\/2021<\/td>\n<\/tr>\n<tr class=\"row-522\">\n\t<td class=\"column-1\">572\/2021<\/td><td class=\"column-2\">572\/2021<\/td><td class=\"column-3\">22\/07\/2021<\/td><td class=\"column-4\">28\/07\/2021<\/td><td class=\"column-5\">Credenciamento - Chamamento P\u00fablico<\/td><td class=\"column-6\">Menor Pre\u00e7o Por Item<\/td><td class=\"column-7\">CREDENCIAMENTO DE PESSOAS J\u00daRIDICAS E PESSOAS F\u00cdSICAS, COM O OBJETIVO DE PRESTA\u00c7\u00c3O DE SERVI\u00c7OS ART\u00cdSTICOS E CULTURAIS, NAS LINGUAGENS ART\u00cdSTICAS CONSTANTES<\/td><td class=\"column-8\">R$ 8.200,00<\/td><td class=\"column-9\">ALYSSON SENA DE LIMA SILVA, DALVANIRA QUIRINO DA SILVA E SILVA , DAMIANA VICTOR DOS SANTOS LIMA, EWANDSON BASTISTA DA SILVA FERNANDES , FELIPE DEIVID FELISBERTO DA SILVA , FRANCISCA ADRIANA DA SILVA SOUZA , FRANCISCA ALENILDA DA SILVA, FRANCISCO CANIND\u00c9 DA SILVA , FRANCISCO DE ASSIS FERNANDES DE ARAUJO, FRANK JOHN SOARES VIANA, JACKSON ERICK MARTINS DE SOUZA , JOSE ALESANDRO DA SILVA, LENILDA VICTOR DE LIMA, LUCIMAR BEZERRA, LUZENILDO JUSTINO DE LIMA , MAIRA HEMELLY MARTINS RODRIGUES, MARIA DAIANA DA SILVA OVIDIO, MARIA ROSIMAR DA SILVA , PAULA PATR\u00cdCIA CUNHA FEREIRA , REJANE DE OLIVEIRA LIMA<\/td><td class=\"column-10\">MARIA DAIANA DA SILVA OVIDIO<\/td><td class=\"column-11\">117.164.594-51<\/td><td class=\"column-12\">R$ 100,00<\/td><td class=\"column-13\">Encerrada<\/td><td class=\"column-14\">02006802009\/2021\t<\/td><td class=\"column-15\">02\/08\/2021<\/td><td class=\"column-16\">71\/2021\t<\/td><td class=\"column-17\">29\/07\/2021<\/td>\n<\/tr>\n<tr class=\"row-523\">\n\t<td class=\"column-1\">572\/2021<\/td><td class=\"column-2\">572\/2021<\/td><td class=\"column-3\">22\/07\/2021<\/td><td class=\"column-4\">28\/07\/2021<\/td><td class=\"column-5\">Credenciamento - Chamamento P\u00fablico<\/td><td class=\"column-6\">Menor Pre\u00e7o Por Item<\/td><td class=\"column-7\">CREDENCIAMENTO DE PESSOAS J\u00daRIDICAS E PESSOAS F\u00cdSICAS, COM O OBJETIVO DE PRESTA\u00c7\u00c3O DE SERVI\u00c7OS ART\u00cdSTICOS E CULTURAIS, NAS LINGUAGENS ART\u00cdSTICAS CONSTANTES<\/td><td class=\"column-8\">R$ 8.200,00<\/td><td class=\"column-9\">ALYSSON SENA DE LIMA SILVA, DALVANIRA QUIRINO DA SILVA E SILVA , DAMIANA VICTOR DOS SANTOS LIMA, EWANDSON BASTISTA DA SILVA FERNANDES , FELIPE DEIVID FELISBERTO DA SILVA , FRANCISCA ADRIANA DA SILVA SOUZA , FRANCISCA ALENILDA DA SILVA, FRANCISCO CANIND\u00c9 DA SILVA , FRANCISCO DE ASSIS FERNANDES DE ARAUJO, FRANK JOHN SOARES VIANA, JACKSON ERICK MARTINS DE SOUZA , JOSE ALESANDRO DA SILVA, LENILDA VICTOR DE LIMA, LUCIMAR BEZERRA, LUZENILDO JUSTINO DE LIMA , MAIRA HEMELLY MARTINS RODRIGUES, MARIA DAIANA DA SILVA OVIDIO, MARIA ROSIMAR DA SILVA , PAULA PATR\u00cdCIA CUNHA FEREIRA , REJANE DE OLIVEIRA LIMA<\/td><td class=\"column-10\">PAULA PATR\u00cdCIA CUNHA FEREIRA <\/td><td class=\"column-11\">071.886.044-60<\/td><td class=\"column-12\">R$ 400,00<\/td><td class=\"column-13\">Encerrada<\/td><td class=\"column-14\">02006901008\/2021\t<\/td><td class=\"column-15\">01\/09\/2021<\/td><td class=\"column-16\">83\/2021\t<\/td><td class=\"column-17\">12\/08\/2021<\/td>\n<\/tr>\n<tr class=\"row-524\">\n\t<td class=\"column-1\">572\/2021<\/td><td class=\"column-2\">572\/2021<\/td><td class=\"column-3\">22\/07\/2021<\/td><td class=\"column-4\">28\/07\/2021<\/td><td class=\"column-5\">Credenciamento - Chamamento P\u00fablico<\/td><td class=\"column-6\">Menor Pre\u00e7o Por Item<\/td><td class=\"column-7\">CREDENCIAMENTO DE PESSOAS J\u00daRIDICAS E PESSOAS F\u00cdSICAS, COM O OBJETIVO DE PRESTA\u00c7\u00c3O DE SERVI\u00c7OS ART\u00cdSTICOS E CULTURAIS, NAS LINGUAGENS ART\u00cdSTICAS CONSTANTES<\/td><td class=\"column-8\">R$ 8.200,00<\/td><td class=\"column-9\">ALYSSON SENA DE LIMA SILVA, DALVANIRA QUIRINO DA SILVA E SILVA , DAMIANA VICTOR DOS SANTOS LIMA, EWANDSON BASTISTA DA SILVA FERNANDES , FELIPE DEIVID FELISBERTO DA SILVA , FRANCISCA ADRIANA DA SILVA SOUZA , FRANCISCA ALENILDA DA SILVA, FRANCISCO CANIND\u00c9 DA SILVA , FRANCISCO DE ASSIS FERNANDES DE ARAUJO, FRANK JOHN SOARES VIANA, JACKSON ERICK MARTINS DE SOUZA , JOSE ALESANDRO DA SILVA, LENILDA VICTOR DE LIMA, LUCIMAR BEZERRA, LUZENILDO JUSTINO DE LIMA , MAIRA HEMELLY MARTINS RODRIGUES, MARIA DAIANA DA SILVA OVIDIO, MARIA ROSIMAR DA SILVA , PAULA PATR\u00cdCIA CUNHA FEREIRA , REJANE DE OLIVEIRA LIMA<\/td><td class=\"column-10\">MARIA ROSIMAR DA SILVA <\/td><td class=\"column-11\">012.912.374-96<\/td><td class=\"column-12\">R$ 100,00<\/td><td class=\"column-13\">Encerrada<\/td><td class=\"column-14\">02006901009\/2021\t<\/td><td class=\"column-15\">01\/09\/2021<\/td><td class=\"column-16\">84\/2021\t<\/td><td class=\"column-17\">12\/08\/2021<\/td>\n<\/tr>\n<tr class=\"row-525\">\n\t<td class=\"column-1\">572\/2021<\/td><td class=\"column-2\">572\/2021<\/td><td class=\"column-3\">22\/07\/2021<\/td><td class=\"column-4\">28\/07\/2021<\/td><td class=\"column-5\">Credenciamento - Chamamento P\u00fablico<\/td><td class=\"column-6\">Menor Pre\u00e7o Por Item<\/td><td class=\"column-7\">CREDENCIAMENTO DE PESSOAS J\u00daRIDICAS E PESSOAS F\u00cdSICAS, COM O OBJETIVO DE PRESTA\u00c7\u00c3O DE SERVI\u00c7OS ART\u00cdSTICOS E CULTURAIS, NAS LINGUAGENS ART\u00cdSTICAS CONSTANTES<\/td><td class=\"column-8\">R$ 8.200,00<\/td><td class=\"column-9\">ALYSSON SENA DE LIMA SILVA, DALVANIRA QUIRINO DA SILVA E SILVA , DAMIANA VICTOR DOS SANTOS LIMA, EWANDSON BASTISTA DA SILVA FERNANDES , FELIPE DEIVID FELISBERTO DA SILVA , FRANCISCA ADRIANA DA SILVA SOUZA , FRANCISCA ALENILDA DA SILVA, FRANCISCO CANIND\u00c9 DA SILVA , FRANCISCO DE ASSIS FERNANDES DE ARAUJO, FRANK JOHN SOARES VIANA, JACKSON ERICK MARTINS DE SOUZA , JOSE ALESANDRO DA SILVA, LENILDA VICTOR DE LIMA, LUCIMAR BEZERRA, LUZENILDO JUSTINO DE LIMA , MAIRA HEMELLY MARTINS RODRIGUES, MARIA DAIANA DA SILVA OVIDIO, MARIA ROSIMAR DA SILVA , PAULA PATR\u00cdCIA CUNHA FEREIRA , REJANE DE OLIVEIRA LIMA<\/td><td class=\"column-10\">LUZENILDO JUSTINO DE LIMA <\/td><td class=\"column-11\">058.543.374-79<\/td><td class=\"column-12\">R$ 400,00<\/td><td class=\"column-13\">Encerrada<\/td><td class=\"column-14\">02006901010\/2021\t<\/td><td class=\"column-15\">01\/09\/2021<\/td><td class=\"column-16\">85\/2021\t<\/td><td class=\"column-17\">12\/08\/2021<\/td>\n<\/tr>\n<tr class=\"row-526\">\n\t<td class=\"column-1\">572\/2021<\/td><td class=\"column-2\">572\/2021<\/td><td class=\"column-3\">22\/07\/2021<\/td><td class=\"column-4\">28\/07\/2021<\/td><td class=\"column-5\">Credenciamento - Chamamento P\u00fablico<\/td><td class=\"column-6\">Menor Pre\u00e7o Por Item<\/td><td class=\"column-7\">CREDENCIAMENTO DE PESSOAS J\u00daRIDICAS E PESSOAS F\u00cdSICAS, COM O OBJETIVO DE PRESTA\u00c7\u00c3O DE SERVI\u00c7OS ART\u00cdSTICOS E CULTURAIS, NAS LINGUAGENS ART\u00cdSTICAS CONSTANTES<\/td><td class=\"column-8\">R$ 8.200,00<\/td><td class=\"column-9\">ALYSSON SENA DE LIMA SILVA, DALVANIRA QUIRINO DA SILVA E SILVA , DAMIANA VICTOR DOS SANTOS LIMA, EWANDSON BASTISTA DA SILVA FERNANDES , FELIPE DEIVID FELISBERTO DA SILVA , FRANCISCA ADRIANA DA SILVA SOUZA , FRANCISCA ALENILDA DA SILVA, FRANCISCO CANIND\u00c9 DA SILVA , FRANCISCO DE ASSIS FERNANDES DE ARAUJO, FRANK JOHN SOARES VIANA, JACKSON ERICK MARTINS DE SOUZA , JOSE ALESANDRO DA SILVA, LENILDA VICTOR DE LIMA, LUCIMAR BEZERRA, LUZENILDO JUSTINO DE LIMA , MAIRA HEMELLY MARTINS RODRIGUES, MARIA DAIANA DA SILVA OVIDIO, MARIA ROSIMAR DA SILVA , PAULA PATR\u00cdCIA CUNHA FEREIRA , REJANE DE OLIVEIRA LIMA<\/td><td class=\"column-10\">JACKSON ERICK MARTINS DE SOUZA <\/td><td class=\"column-11\">109.027.144-14<\/td><td class=\"column-12\">R$ 2.400,00<\/td><td class=\"column-13\">Encerrada<\/td><td class=\"column-14\">02006901006\/2021\t<\/td><td class=\"column-15\">01\/09\/2021<\/td><td class=\"column-16\">86\/2021\t<\/td><td class=\"column-17\">12\/08\/2021<\/td>\n<\/tr>\n<tr class=\"row-527\">\n\t<td class=\"column-1\">572\/2021<\/td><td class=\"column-2\">572\/2021<\/td><td class=\"column-3\">22\/07\/2021<\/td><td class=\"column-4\">28\/07\/2021<\/td><td class=\"column-5\">Credenciamento - Chamamento P\u00fablico<\/td><td class=\"column-6\">Menor Pre\u00e7o Por Item<\/td><td class=\"column-7\">CREDENCIAMENTO DE PESSOAS J\u00daRIDICAS E PESSOAS F\u00cdSICAS, COM O OBJETIVO DE PRESTA\u00c7\u00c3O DE SERVI\u00c7OS ART\u00cdSTICOS E CULTURAIS, NAS LINGUAGENS ART\u00cdSTICAS CONSTANTES<\/td><td class=\"column-8\">R$ 8.200,00<\/td><td class=\"column-9\">ALYSSON SENA DE LIMA SILVA, DALVANIRA QUIRINO DA SILVA E SILVA , DAMIANA VICTOR DOS SANTOS LIMA, EWANDSON BASTISTA DA SILVA FERNANDES , FELIPE DEIVID FELISBERTO DA SILVA , FRANCISCA ADRIANA DA SILVA SOUZA , FRANCISCA ALENILDA DA SILVA, FRANCISCO CANIND\u00c9 DA SILVA , FRANCISCO DE ASSIS FERNANDES DE ARAUJO, FRANK JOHN SOARES VIANA, JACKSON ERICK MARTINS DE SOUZA , JOSE ALESANDRO DA SILVA, LENILDA VICTOR DE LIMA, LUCIMAR BEZERRA, LUZENILDO JUSTINO DE LIMA , MAIRA HEMELLY MARTINS RODRIGUES, MARIA DAIANA DA SILVA OVIDIO, MARIA ROSIMAR DA SILVA , PAULA PATR\u00cdCIA CUNHA FEREIRA , REJANE DE OLIVEIRA LIMA<\/td><td class=\"column-10\">FRANCISCO CANIND\u00c9 DA SILVA <\/td><td class=\"column-11\">032.274.204-81<\/td><td class=\"column-12\">R$ 400,00<\/td><td class=\"column-13\">Encerrada<\/td><td class=\"column-14\">02006901011\/2021\t<\/td><td class=\"column-15\">01\/09\/2021<\/td><td class=\"column-16\">87\/2021\t<\/td><td class=\"column-17\">12\/08\/2021<\/td>\n<\/tr>\n<tr class=\"row-528\">\n\t<td class=\"column-1\">572\/2021<\/td><td class=\"column-2\">572\/2021<\/td><td class=\"column-3\">22\/07\/2021<\/td><td class=\"column-4\">28\/07\/2021<\/td><td class=\"column-5\">Credenciamento - Chamamento P\u00fablico<\/td><td class=\"column-6\">Menor Pre\u00e7o Por Item<\/td><td class=\"column-7\">CREDENCIAMENTO DE PESSOAS J\u00daRIDICAS E PESSOAS F\u00cdSICAS, COM O OBJETIVO DE PRESTA\u00c7\u00c3O DE SERVI\u00c7OS ART\u00cdSTICOS E CULTURAIS, NAS LINGUAGENS ART\u00cdSTICAS CONSTANTES<\/td><td class=\"column-8\">R$ 8.200,00<\/td><td class=\"column-9\">ALYSSON SENA DE LIMA SILVA, DALVANIRA QUIRINO DA SILVA E SILVA , DAMIANA VICTOR DOS SANTOS LIMA, EWANDSON BASTISTA DA SILVA FERNANDES , FELIPE DEIVID FELISBERTO DA SILVA , FRANCISCA ADRIANA DA SILVA SOUZA , FRANCISCA ALENILDA DA SILVA, FRANCISCO CANIND\u00c9 DA SILVA , FRANCISCO DE ASSIS FERNANDES DE ARAUJO, FRANK JOHN SOARES VIANA, JACKSON ERICK MARTINS DE SOUZA , JOSE ALESANDRO DA SILVA, LENILDA VICTOR DE LIMA, LUCIMAR BEZERRA, LUZENILDO JUSTINO DE LIMA , MAIRA HEMELLY MARTINS RODRIGUES, MARIA DAIANA DA SILVA OVIDIO, MARIA ROSIMAR DA SILVA , PAULA PATR\u00cdCIA CUNHA FEREIRA , REJANE DE OLIVEIRA LIMA<\/td><td class=\"column-10\">FRANCISCA ADRIANA DA SILVA SOUZA <\/td><td class=\"column-11\">040.084.094-40<\/td><td class=\"column-12\">R$ 100,00<\/td><td class=\"column-13\">Encerrada<\/td><td class=\"column-14\">02006901012\/2021\t<\/td><td class=\"column-15\">01\/09\/2021<\/td><td class=\"column-16\">88\/2021\t<\/td><td class=\"column-17\">12\/08\/2021<\/td>\n<\/tr>\n<tr class=\"row-529\">\n\t<td class=\"column-1\">572\/2021<\/td><td class=\"column-2\">572\/2021<\/td><td class=\"column-3\">22\/07\/2021<\/td><td class=\"column-4\">28\/07\/2021<\/td><td class=\"column-5\">Credenciamento - Chamamento P\u00fablico<\/td><td class=\"column-6\">Menor Pre\u00e7o Por Item<\/td><td class=\"column-7\">CREDENCIAMENTO DE PESSOAS J\u00daRIDICAS E PESSOAS F\u00cdSICAS, COM O OBJETIVO DE PRESTA\u00c7\u00c3O DE SERVI\u00c7OS ART\u00cdSTICOS E CULTURAIS, NAS LINGUAGENS ART\u00cdSTICAS CONSTANTES<\/td><td class=\"column-8\">R$ 8.200,00<\/td><td class=\"column-9\">ALYSSON SENA DE LIMA SILVA, DALVANIRA QUIRINO DA SILVA E SILVA , DAMIANA VICTOR DOS SANTOS LIMA, EWANDSON BASTISTA DA SILVA FERNANDES , FELIPE DEIVID FELISBERTO DA SILVA , FRANCISCA ADRIANA DA SILVA SOUZA , FRANCISCA ALENILDA DA SILVA, FRANCISCO CANIND\u00c9 DA SILVA , FRANCISCO DE ASSIS FERNANDES DE ARAUJO, FRANK JOHN SOARES VIANA, JACKSON ERICK MARTINS DE SOUZA , JOSE ALESANDRO DA SILVA, LENILDA VICTOR DE LIMA, LUCIMAR BEZERRA, LUZENILDO JUSTINO DE LIMA , MAIRA HEMELLY MARTINS RODRIGUES, MARIA DAIANA DA SILVA OVIDIO, MARIA ROSIMAR DA SILVA , PAULA PATR\u00cdCIA CUNHA FEREIRA , REJANE DE OLIVEIRA LIMA<\/td><td class=\"column-10\">FELIPE DEIVID FELISBERTO DA SILVA <\/td><td class=\"column-11\">141.455.734-55<\/td><td class=\"column-12\">R$ 400,00<\/td><td class=\"column-13\">Encerrada<\/td><td class=\"column-14\">02006901007\/2021\t<\/td><td class=\"column-15\">01\/09\/2021<\/td><td class=\"column-16\">89\/2021\t<\/td><td class=\"column-17\">12\/08\/2021<\/td>\n<\/tr>\n<tr class=\"row-530\">\n\t<td class=\"column-1\">572\/2021<\/td><td class=\"column-2\">572\/2021<\/td><td class=\"column-3\">22\/07\/2021<\/td><td class=\"column-4\">28\/07\/2021<\/td><td class=\"column-5\">Credenciamento - Chamamento P\u00fablico<\/td><td class=\"column-6\">Menor Pre\u00e7o Por Item<\/td><td class=\"column-7\">CREDENCIAMENTO DE PESSOAS J\u00daRIDICAS E PESSOAS F\u00cdSICAS, COM O OBJETIVO DE PRESTA\u00c7\u00c3O DE SERVI\u00c7OS ART\u00cdSTICOS E CULTURAIS, NAS LINGUAGENS ART\u00cdSTICAS CONSTANTES<\/td><td class=\"column-8\">R$ 8.200,00<\/td><td class=\"column-9\">ALYSSON SENA DE LIMA SILVA, DALVANIRA QUIRINO DA SILVA E SILVA , DAMIANA VICTOR DOS SANTOS LIMA, EWANDSON BASTISTA DA SILVA FERNANDES , FELIPE DEIVID FELISBERTO DA SILVA , FRANCISCA ADRIANA DA SILVA SOUZA , FRANCISCA ALENILDA DA SILVA, FRANCISCO CANIND\u00c9 DA SILVA , FRANCISCO DE ASSIS FERNANDES DE ARAUJO, FRANK JOHN SOARES VIANA, JACKSON ERICK MARTINS DE SOUZA , JOSE ALESANDRO DA SILVA, LENILDA VICTOR DE LIMA, LUCIMAR BEZERRA, LUZENILDO JUSTINO DE LIMA , MAIRA HEMELLY MARTINS RODRIGUES, MARIA DAIANA DA SILVA OVIDIO, MARIA ROSIMAR DA SILVA , PAULA PATR\u00cdCIA CUNHA FEREIRA , REJANE DE OLIVEIRA LIMA<\/td><td class=\"column-10\">EWANDSON BASTISTA DA SILVA FERNANDES <\/td><td class=\"column-11\">082.741.764-05<\/td><td class=\"column-12\">R$ 1.200,00<\/td><td class=\"column-13\">Encerrada<\/td><td class=\"column-14\">02006901005\/2021\t<\/td><td class=\"column-15\">01\/09\/2021<\/td><td class=\"column-16\">90\/2021\t<\/td><td class=\"column-17\">12\/08\/2021<\/td>\n<\/tr>\n<tr class=\"row-531\">\n\t<td class=\"column-1\">572\/2021<\/td><td class=\"column-2\">572\/2021<\/td><td class=\"column-3\">22\/07\/2021<\/td><td class=\"column-4\">28\/07\/2021<\/td><td class=\"column-5\">Credenciamento - Chamamento P\u00fablico<\/td><td class=\"column-6\">Menor Pre\u00e7o Por Item<\/td><td class=\"column-7\">CREDENCIAMENTO DE PESSOAS J\u00daRIDICAS E PESSOAS F\u00cdSICAS, COM O OBJETIVO DE PRESTA\u00c7\u00c3O DE SERVI\u00c7OS ART\u00cdSTICOS E CULTURAIS, NAS LINGUAGENS ART\u00cdSTICAS CONSTANTES<\/td><td class=\"column-8\">R$ 8.200,00<\/td><td class=\"column-9\">ALYSSON SENA DE LIMA SILVA, DALVANIRA QUIRINO DA SILVA E SILVA , DAMIANA VICTOR DOS SANTOS LIMA, EWANDSON BASTISTA DA SILVA FERNANDES , FELIPE DEIVID FELISBERTO DA SILVA , FRANCISCA ADRIANA DA SILVA SOUZA , FRANCISCA ALENILDA DA SILVA, FRANCISCO CANIND\u00c9 DA SILVA , FRANCISCO DE ASSIS FERNANDES DE ARAUJO, FRANK JOHN SOARES VIANA, JACKSON ERICK MARTINS DE SOUZA , JOSE ALESANDRO DA SILVA, LENILDA VICTOR DE LIMA, LUCIMAR BEZERRA, LUZENILDO JUSTINO DE LIMA , MAIRA HEMELLY MARTINS RODRIGUES, MARIA DAIANA DA SILVA OVIDIO, MARIA ROSIMAR DA SILVA , PAULA PATR\u00cdCIA CUNHA FEREIRA , REJANE DE OLIVEIRA LIMA<\/td><td class=\"column-10\">DALVANIRA QUIRINO DA SILVA E SILVA <\/td><td class=\"column-11\">852.384.064-87<\/td><td class=\"column-12\">R$ 100,00<\/td><td class=\"column-13\">Encerrada<\/td><td class=\"column-14\">02006901013\/2021\t<\/td><td class=\"column-15\">01\/09\/2021<\/td><td class=\"column-16\">91\/2021\t<\/td><td class=\"column-17\">12\/08\/2021<\/td>\n<\/tr>\n<tr class=\"row-532\">\n\t<td class=\"column-1\">576\/2021<\/td><td class=\"column-2\">576\/2021<\/td><td class=\"column-3\">30\/08\/2021<\/td><td class=\"column-4\">30\/08\/2021<\/td><td class=\"column-5\">Preg\u00e3o Eletr\u00f4nico<\/td><td class=\"column-6\">Menor Pre\u00e7o Por Item<\/td><td class=\"column-7\">O presente termo tem por objeto o registro de pre\u00e7os para futura e eventual aquisi\u00e7\u00e3o 01 ve\u00edculo ambul\u00e2ncia simples remo\u00e7\u00e3o, primeiro uso, 0km para atender as necessidades da Secretaria Municipal de Sa\u00fade do Munic\u00edpio de Lajes\/RN.<\/td><td class=\"column-8\">R$ 220.145,76<\/td><td class=\"column-9\">CEVENA COM\u00c9RCIO DE VE\u00cdCULOS M\u00c1QUINAS PE\u00c7AS E LOCA\u00c7\u00d5ES LTDA<\/td><td class=\"column-10\">CEVENA COM\u00c9RCIO DE VE\u00cdCULOS M\u00c1QUINAS PE\u00c7AS E LOCA\u00c7\u00d5ES LTDA<\/td><td class=\"column-11\">35.307.250\/0002-34<\/td><td class=\"column-12\">R$ 193.000,00<\/td><td class=\"column-13\">Encerrada<\/td><td class=\"column-14\">030011019002\/2021\t<\/td><td class=\"column-15\">19\/10\/2021<\/td><td class=\"column-16\"><\/td><td class=\"column-17\"><\/td>\n<\/tr>\n<tr class=\"row-533\">\n\t<td class=\"column-1\">583\/2021<\/td><td class=\"column-2\">583\/2021<\/td><td class=\"column-3\">31\/08\/2021<\/td><td class=\"column-4\">31\/08\/2021<\/td><td class=\"column-5\">Preg\u00e3o Presencial<\/td><td class=\"column-6\">Menor Pre\u00e7o Por Item<\/td><td class=\"column-7\">REGISTRO DE PRE\u00c7OS PARA A FUTURA E EVENTUAL CONTRATA\u00c7\u00c3O DE EMPRESA DO RAMO PERTINENTE PARA A LOCA\u00c7\u00c3O VE\u00cdCULOS PESADOS PARA MANUTEN\u00c7\u00c3O DA COLETA DE RES\u00cdDUOS S\u00d3LIDOS DOMICILIARES SUA CORRETA DESTINA\u00c7\u00c3O FINAL; E, DE UM CAMINH\u00c3O LIMPA FOSSA, PARA ATENDIMENTO DAS NECESSIDADES DOS MUN\u00cdCIPES DE LAJES\/RN.<\/td><td class=\"column-8\">R$ 1.161.249,54<\/td><td class=\"column-9\">A J DE SOUZA LOCA\u00c7\u00d5ES, EDIFICACAO E TRANSPORTES UNIAO LTDA, WASTE COLETA DE RESIDUOS HOSPITALARES LTDA<\/td><td class=\"column-10\">WASTE COLETA DE RESIDUOS HOSPITALARES LTDA<\/td><td class=\"column-11\">20.474.613\/0001-78<\/td><td class=\"column-12\">R$ 986.880,00<\/td><td class=\"column-13\">Encerrada<\/td><td class=\"column-14\">020041007001\/2021\t<\/td><td class=\"column-15\">07\/10\/2021<\/td><td class=\"column-16\"><\/td><td class=\"column-17\"><\/td>\n<\/tr>\n<tr class=\"row-534\">\n\t<td class=\"column-1\">583\/2021<\/td><td class=\"column-2\">583\/2021<\/td><td class=\"column-3\">31\/08\/2021<\/td><td class=\"column-4\">31\/08\/2021<\/td><td class=\"column-5\">Preg\u00e3o Presencial<\/td><td class=\"column-6\">Menor Pre\u00e7o Por Item<\/td><td class=\"column-7\">REGISTRO DE PRE\u00c7OS PARA A FUTURA E EVENTUAL CONTRATA\u00c7\u00c3O DE EMPRESA DO RAMO PERTINENTE PARA A LOCA\u00c7\u00c3O VE\u00cdCULOS PESADOS PARA MANUTEN\u00c7\u00c3O DA COLETA DE RES\u00cdDUOS S\u00d3LIDOS DOMICILIARES SUA CORRETA DESTINA\u00c7\u00c3O FINAL; E, DE UM CAMINH\u00c3O LIMPA FOSSA, PARA ATENDIMENTO DAS NECESSIDADES DOS MUN\u00cdCIPES DE LAJES\/RN.<\/td><td class=\"column-8\">R$ 1.161.249,54<\/td><td class=\"column-9\">A J DE SOUZA LOCA\u00c7\u00d5ES, EDIFICACAO E TRANSPORTES UNIAO LTDA, WASTE COLETA DE RESIDUOS HOSPITALARES LTDA<\/td><td class=\"column-10\">WASTE COLETA DE RESIDUOS HOSPITALARES LTDA<\/td><td class=\"column-11\">20.474.613\/0001-78<\/td><td class=\"column-12\">R$ 986.880,00<\/td><td class=\"column-13\">Encerrada<\/td><td class=\"column-14\">020041001004\/2021\t<\/td><td class=\"column-15\">01\/10\/2021<\/td><td class=\"column-16\"><\/td><td class=\"column-17\"><\/td>\n<\/tr>\n<tr class=\"row-535\">\n\t<td class=\"column-1\">583\/2021<\/td><td class=\"column-2\">583\/2021<\/td><td class=\"column-3\">31\/08\/2021<\/td><td class=\"column-4\">31\/08\/2021<\/td><td class=\"column-5\">Preg\u00e3o Presencial<\/td><td class=\"column-6\">Menor Pre\u00e7o Por Item<\/td><td class=\"column-7\">REGISTRO DE PRE\u00c7OS PARA A FUTURA E EVENTUAL CONTRATA\u00c7\u00c3O DE EMPRESA DO RAMO PERTINENTE PARA A LOCA\u00c7\u00c3O VE\u00cdCULOS PESADOS PARA MANUTEN\u00c7\u00c3O DA COLETA DE RES\u00cdDUOS S\u00d3LIDOS DOMICILIARES SUA CORRETA DESTINA\u00c7\u00c3O FINAL; E, DE UM CAMINH\u00c3O LIMPA FOSSA, PARA ATENDIMENTO DAS NECESSIDADES DOS MUN\u00cdCIPES DE LAJES\/RN.<\/td><td class=\"column-8\">R$ 1.161.249,54<\/td><td class=\"column-9\">A J DE SOUZA LOCA\u00c7\u00d5ES, EDIFICACAO E TRANSPORTES UNIAO LTDA, WASTE COLETA DE RESIDUOS HOSPITALARES LTDA<\/td><td class=\"column-10\">WASTE COLETA DE RESIDUOS HOSPITALARES LTDA<\/td><td class=\"column-11\">20.474.613\/0001-78<\/td><td class=\"column-12\">R$ 986.880,00<\/td><td class=\"column-13\">Encerrada<\/td><td class=\"column-14\">020041207001\/2021\t<\/td><td class=\"column-15\">07\/12\/2021<\/td><td class=\"column-16\"><\/td><td class=\"column-17\"><\/td>\n<\/tr>\n<tr class=\"row-536\">\n\t<td class=\"column-1\">596\/2021<\/td><td class=\"column-2\">596\/2021<\/td><td class=\"column-3\"><\/td><td class=\"column-4\">11\/08\/2021<\/td><td class=\"column-5\">Dispensa<\/td><td class=\"column-6\">Menor Pre\u00e7o Por Item<\/td><td class=\"column-7\">PRESTA\u00c7\u00c3O DE SERVI\u00c7OS EM AGENCIAMENTO DE VIAGENS, COMPREENDENDO RESERVA, EMISS\u00c3O, MARCA\u00c7\u00c3O E REMARCA\u00c7\u00c3O DE BILHETES DE PASSAGENS A\u00c9REAS NACIONAIS, PARA ATENDIMENTO DAS NECESSIDADES DA PREFEITURA MUNICIPAL DE LAJES\/RN<\/td><td class=\"column-8\">R$ 17.500,00<\/td><td class=\"column-9\">AEROTUR SERVICOS DE VIAGENS LTDA, EMBARQUE J\u00c1 VIAGENS E TURISMO LTDA \u2013 ME, PONTO DO SOL TURISMO<\/td><td class=\"column-10\">EMBARQUE J\u00c1 VIAGENS E TURISMO LTDA \u2013 ME<\/td><td class=\"column-11\">10.477.835\/0001-90<\/td><td class=\"column-12\">R$ 17.325,00<\/td><td class=\"column-13\">Encerrada<\/td><td class=\"column-14\">02001811001\/2021\t<\/td><td class=\"column-15\">11\/08\/2021<\/td><td class=\"column-16\">82\/2021\t<\/td><td class=\"column-17\">11\/08\/2021<\/td>\n<\/tr>\n<tr class=\"row-537\">\n\t<td class=\"column-1\">599\/2021<\/td><td class=\"column-2\">599\/2021<\/td><td class=\"column-3\"><\/td><td class=\"column-4\"><\/td><td class=\"column-5\">Inexigibilidade<\/td><td class=\"column-6\">Empreitada Global<\/td><td class=\"column-7\">Contrata\u00e7\u00e3o de servi\u00e7o de publica\u00e7\u00e3o de atos oficiais e demais mat\u00e9rias de interesse da Prefeitura Municipal de Lajes no Di\u00e1rio do Estado do Rio Grande do Norte (DOE\/RN), conforme especifica\u00e7\u00f5es e condi\u00e7\u00f5es aqui estabelecidas.<\/td><td class=\"column-8\">R$ 768,00<\/td><td class=\"column-9\">DEPARTAMENTO ESTADUAL DE IMPRENSA<\/td><td class=\"column-10\">DEPARTAMENTO ESTADUAL DE IMPRENSA<\/td><td class=\"column-11\">00.639.299\/0001-29<\/td><td class=\"column-12\">R$ 768,00<\/td><td class=\"column-13\">Encerrada<\/td><td class=\"column-14\">02002813001\/2021\t<\/td><td class=\"column-15\">13\/08\/2021<\/td><td class=\"column-16\"><\/td><td class=\"column-17\"><\/td>\n<\/tr>\n<tr class=\"row-538\">\n\t<td class=\"column-1\">615\/2021<\/td><td class=\"column-2\">615\/2021<\/td><td class=\"column-3\">24\/11\/2021<\/td><td class=\"column-4\">24\/11\/2021<\/td><td class=\"column-5\">Preg\u00e3o\/Ades\u00e3o<\/td><td class=\"column-6\">Menor Pre\u00e7o Por Item<\/td><td class=\"column-7\">Aquisi\u00e7\u00e3o parcelada de material el\u00e9trico atendimento manuten\u00e7\u00e3o para manuten\u00e7\u00e3o do sistema de ilumina\u00e7\u00e3o p\u00fablica do munic\u00edpio de Lajes\/RN<\/td><td class=\"column-8\">R$ 479.583,02<\/td><td class=\"column-9\">LUMIART COMERCIO E SERVI\u00c7OS LTDA <\/td><td class=\"column-10\">LUMIART COMERCIO E SERVI\u00c7OS LTDA <\/td><td class=\"column-11\">40.351.078\/0001-75<\/td><td class=\"column-12\">R$ 354.901,60<\/td><td class=\"column-13\">Encerrada<\/td><td class=\"column-14\">020041213001\/2021\t<\/td><td class=\"column-15\">13\/12\/2021<\/td><td class=\"column-16\"><\/td><td class=\"column-17\"><\/td>\n<\/tr>\n<tr class=\"row-539\">\n\t<td class=\"column-1\">627\/2021<\/td><td class=\"column-2\">627\/2021<\/td><td class=\"column-3\">14\/10\/2021<\/td><td class=\"column-4\">14\/10\/2021<\/td><td class=\"column-5\">Preg\u00e3o Eletr\u00f4nico<\/td><td class=\"column-6\">Menor Pre\u00e7o (Maior Desconto)<\/td><td class=\"column-7\">FUTURA E EVENTUAL AQUISI\u00c7\u00c3O DE MEDICAMENTOS \u00c9TICOS, GEN\u00c9RICOS E SIMILARES, DE \u201cA\u201d A \u201cZ\u201d, ATRAV\u00c9S DE MAIOR DESCONTO PERCENTUAL SOBRE A TABELA OFICIAL DA C\u00c2MARA DE REGULA\u00c7\u00c3O DO MERCADO DE MEDICAMENTOS DA AG\u00caNCIA NACIONAL DE VIGIL\u00c2NCIA SANIT\u00c1RIA (CMED\/ANVISA), PARA ATENDIMENTO DA DEMANDA DA SECRETARIA MUNICIPAL DE SA\u00daDE BEM COMO DEMANDAS JUDICIAIS, COM PRONTA ENTREGA.<\/td><td class=\"column-8\">R$ 240.000,00<\/td><td class=\"column-9\">ATIVA M\u00c9DICO CIRURGICA LTDA<\/td><td class=\"column-10\">ATIVA M\u00c9DICO CIRURGICA LTDA<\/td><td class=\"column-11\">09.182.725\/0001-12<\/td><td class=\"column-12\">R$ 60.000,00<\/td><td class=\"column-13\">Encerrada<\/td><td class=\"column-14\">030011104001\/2021\t<\/td><td class=\"column-15\">04\/11\/2021<\/td><td class=\"column-16\"><\/td><td class=\"column-17\"><\/td>\n<\/tr>\n<tr class=\"row-540\">\n\t<td class=\"column-1\">627\/2021<\/td><td class=\"column-2\">627\/2021<\/td><td class=\"column-3\">14\/10\/2021<\/td><td class=\"column-4\">14\/10\/2021<\/td><td class=\"column-5\">Preg\u00e3o Eletr\u00f4nico<\/td><td class=\"column-6\">Menor Pre\u00e7o (Maior Desconto)<\/td><td class=\"column-7\">FUTURA E EVENTUAL AQUISI\u00c7\u00c3O DE MEDICAMENTOS \u00c9TICOS, GEN\u00c9RICOS E SIMILARES, DE \u201cA\u201d A \u201cZ\u201d, ATRAV\u00c9S DE MAIOR DESCONTO PERCENTUAL SOBRE A TABELA OFICIAL DA C\u00c2MARA DE REGULA\u00c7\u00c3O DO MERCADO DE MEDICAMENTOS DA AG\u00caNCIA NACIONAL DE VIGIL\u00c2NCIA SANIT\u00c1RIA (CMED\/ANVISA), PARA ATENDIMENTO DA DEMANDA DA SECRETARIA MUNICIPAL DE SA\u00daDE BEM COMO DEMANDAS JUDICIAIS, COM PRONTA ENTREGA.<\/td><td class=\"column-8\">R$ 240.000,00<\/td><td class=\"column-9\">ATIVA M\u00c9DICO CIRURGICA LTDA<\/td><td class=\"column-10\">ATIVA M\u00c9DICO CIRURGICA LTDA<\/td><td class=\"column-11\">09.182.725\/0001-12<\/td><td class=\"column-12\">R$ 60.000,00<\/td><td class=\"column-13\">Encerrada<\/td><td class=\"column-14\">030011209002\/2021\t<\/td><td class=\"column-15\">09\/12\/2021<\/td><td class=\"column-16\"><\/td><td class=\"column-17\"><\/td>\n<\/tr>\n<tr class=\"row-541\">\n\t<td class=\"column-1\">628\/2021<\/td><td class=\"column-2\">628\/2021<\/td><td class=\"column-3\"><\/td><td class=\"column-4\">28\/09\/2021<\/td><td class=\"column-5\">Dispensa<\/td><td class=\"column-6\">Menor Pre\u00e7o Por Item<\/td><td class=\"column-7\">AQUISIS\u00c7\u00c3O DE MASCARAS E RECEPIENTES DE \u00c1LCOOL EM GEL.<\/td><td class=\"column-8\">R$ 9.587,50<\/td><td class=\"column-9\">DAYANE RAFAELA DE MELO FRAN\u00c7A DANTAS, NACIONAL COM\u00c9RCIO E REPRESENTA\u00c7\u00c3O EIRELI, TECHPROL SERVI\u00c7OS, COMERCIO E LOCA\u00c7\u00d5ES EIRELI<\/td><td class=\"column-10\">DAYANE RAFAELA DE MELO FRAN\u00c7A DANTAS<\/td><td class=\"column-11\">35.284.764\/0001-30<\/td><td class=\"column-12\">R$ 9.587,50<\/td><td class=\"column-13\">Encerrada<\/td><td class=\"column-14\">03001930001\/2021\t<\/td><td class=\"column-15\">30\/09\/2021<\/td><td class=\"column-16\"><\/td><td class=\"column-17\"><\/td>\n<\/tr>\n<tr class=\"row-542\">\n\t<td class=\"column-1\">633\/2021<\/td><td class=\"column-2\">633\/2021<\/td><td class=\"column-3\"><\/td><td class=\"column-4\">24\/08\/2021<\/td><td class=\"column-5\">Dispensa<\/td><td class=\"column-6\">Menor Pre\u00e7o Por Item<\/td><td class=\"column-7\">CONTRATA\u00c7\u00c3O DE PESSOA JURIDICA ESPECIALIZADA PARA A REALIZA\u00c7\u00c3O DE PROCEDIMENTO DE BRONSCOPIA (E ACOMODA\u00c7\u00c3O AMBULATORIAL), PARA PACIENTE DA REDE MUNICIPAL DE SA\u00daDE DE LAJES\/RN.<\/td><td class=\"column-8\">R$ 6.269,26<\/td><td class=\"column-9\"> Liga Norte Riograndense Contra o C\u00e2ncer, RODRIGO A. V. VIANA EIRELI<\/td><td class=\"column-10\"> Liga Norte Riograndense Contra o C\u00e2ncer<\/td><td class=\"column-11\">08.428.765\/0001-39<\/td><td class=\"column-12\">R$ 1.000,00<\/td><td class=\"column-13\">Encerrada<\/td><td class=\"column-14\">03001824001\/2021\t<\/td><td class=\"column-15\">24\/08\/2021<\/td><td class=\"column-16\"><\/td><td class=\"column-17\"><\/td>\n<\/tr>\n<tr class=\"row-543\">\n\t<td class=\"column-1\">633\/2021<\/td><td class=\"column-2\">633\/2021<\/td><td class=\"column-3\"><\/td><td class=\"column-4\">24\/08\/2021<\/td><td class=\"column-5\">Dispensa<\/td><td class=\"column-6\">Menor Pre\u00e7o Por Item<\/td><td class=\"column-7\">CONTRATA\u00c7\u00c3O DE PESSOA JURIDICA ESPECIALIZADA PARA A REALIZA\u00c7\u00c3O DE PROCEDIMENTO DE BRONSCOPIA (E ACOMODA\u00c7\u00c3O AMBULATORIAL), PARA PACIENTE DA REDE MUNICIPAL DE SA\u00daDE DE LAJES\/RN.<\/td><td class=\"column-8\">R$ 6.269,26<\/td><td class=\"column-9\"> Liga Norte Riograndense Contra o C\u00e2ncer, RODRIGO A. V. VIANA EIRELI<\/td><td class=\"column-10\"> Liga Norte Riograndense Contra o C\u00e2ncer<\/td><td class=\"column-11\">08.428.765\/0001-39<\/td><td class=\"column-12\">R$ 1.000,00<\/td><td class=\"column-13\">Encerrada<\/td><td class=\"column-14\">03001824002\/2021\t<\/td><td class=\"column-15\">24\/08\/2021<\/td><td class=\"column-16\"><\/td><td class=\"column-17\"><\/td>\n<\/tr>\n<tr class=\"row-544\">\n\t<td class=\"column-1\">633\/2021<\/td><td class=\"column-2\">633\/2021<\/td><td class=\"column-3\"><\/td><td class=\"column-4\">24\/08\/2021<\/td><td class=\"column-5\">Dispensa<\/td><td class=\"column-6\">Menor Pre\u00e7o Por Item<\/td><td class=\"column-7\">CONTRATA\u00c7\u00c3O DE PESSOA JURIDICA ESPECIALIZADA PARA A REALIZA\u00c7\u00c3O DE PROCEDIMENTO DE BRONSCOPIA (E ACOMODA\u00c7\u00c3O AMBULATORIAL), PARA PACIENTE DA REDE MUNICIPAL DE SA\u00daDE DE LAJES\/RN.<\/td><td class=\"column-8\">R$ 6.269,26<\/td><td class=\"column-9\"> Liga Norte Riograndense Contra o C\u00e2ncer, RODRIGO A. V. VIANA EIRELI<\/td><td class=\"column-10\">RODRIGO A. V. VIANA EIRELI<\/td><td class=\"column-11\">16.423.016\/0001-47<\/td><td class=\"column-12\">R$ 5.269,26<\/td><td class=\"column-13\">Encerrada<\/td><td class=\"column-14\">03001824003\/2021\t<\/td><td class=\"column-15\">24\/08\/2021<\/td><td class=\"column-16\"><\/td><td class=\"column-17\"><\/td>\n<\/tr>\n<tr class=\"row-545\">\n\t<td class=\"column-1\">634\/2021<\/td><td class=\"column-2\">634\/2021<\/td><td class=\"column-3\">09\/09\/2021<\/td><td class=\"column-4\">30\/09\/2021<\/td><td class=\"column-5\">Preg\u00e3o Eletr\u00f4nico<\/td><td class=\"column-6\">Menor Pre\u00e7o Por Item<\/td><td class=\"column-7\">REGISTRO DE PRE\u00c7OS PARA FUTURA CONTRATA\u00c7\u00c3O DE EMPRESA ESPECIALIZADA NA PRESTA\u00c7\u00c3O DOS SERVI\u00c7OS DE LOCA\u00c7\u00c3O DE VE\u00cdCULOS, SEM MOTORISTA<\/td><td class=\"column-8\">R$ 3.234.932,56<\/td><td class=\"column-9\">O M LEAL DE MESQUITA, SANTOS E FERNANDES LTDA<\/td><td class=\"column-10\">O M LEAL DE MESQUITA<\/td><td class=\"column-11\">17.737.082\/0001-54<\/td><td class=\"column-12\">R$ 1.220.196,00<\/td><td class=\"column-13\">Encerrada<\/td><td class=\"column-14\">020021004001\/2021\t<\/td><td class=\"column-15\">04\/10\/2021<\/td><td class=\"column-16\"><\/td><td class=\"column-17\"><\/td>\n<\/tr>\n<tr class=\"row-546\">\n\t<td class=\"column-1\">634\/2021<\/td><td class=\"column-2\">634\/2021<\/td><td class=\"column-3\">09\/09\/2021<\/td><td class=\"column-4\">30\/09\/2021<\/td><td class=\"column-5\">Preg\u00e3o Eletr\u00f4nico<\/td><td class=\"column-6\">Menor Pre\u00e7o Por Item<\/td><td class=\"column-7\">REGISTRO DE PRE\u00c7OS PARA FUTURA CONTRATA\u00c7\u00c3O DE EMPRESA ESPECIALIZADA NA PRESTA\u00c7\u00c3O DOS SERVI\u00c7OS DE LOCA\u00c7\u00c3O DE VE\u00cdCULOS, SEM MOTORISTA<\/td><td class=\"column-8\">R$ 3.234.932,56<\/td><td class=\"column-9\">O M LEAL DE MESQUITA, SANTOS E FERNANDES LTDA<\/td><td class=\"column-10\">O M LEAL DE MESQUITA<\/td><td class=\"column-11\">17.737.082\/0001-54<\/td><td class=\"column-12\">R$ 1.220.196,00<\/td><td class=\"column-13\">Encerrada<\/td><td class=\"column-14\">030011004014\/2021\t<\/td><td class=\"column-15\">04\/10\/2021<\/td><td class=\"column-16\"><\/td><td class=\"column-17\"><\/td>\n<\/tr>\n<tr class=\"row-547\">\n\t<td class=\"column-1\">634\/2021<\/td><td class=\"column-2\">634\/2021<\/td><td class=\"column-3\">09\/09\/2021<\/td><td class=\"column-4\">30\/09\/2021<\/td><td class=\"column-5\">Preg\u00e3o Eletr\u00f4nico<\/td><td class=\"column-6\">Menor Pre\u00e7o Por Item<\/td><td class=\"column-7\">REGISTRO DE PRE\u00c7OS PARA FUTURA CONTRATA\u00c7\u00c3O DE EMPRESA ESPECIALIZADA NA PRESTA\u00c7\u00c3O DOS SERVI\u00c7OS DE LOCA\u00c7\u00c3O DE VE\u00cdCULOS, SEM MOTORISTA<\/td><td class=\"column-8\">R$ 3.234.932,56<\/td><td class=\"column-9\">O M LEAL DE MESQUITA, SANTOS E FERNANDES LTDA<\/td><td class=\"column-10\">O M LEAL DE MESQUITA<\/td><td class=\"column-11\">17.737.082\/0001-54<\/td><td class=\"column-12\">R$ 1.220.196,00<\/td><td class=\"column-13\">Encerrada<\/td><td class=\"column-14\">020061004001\/2021\t<\/td><td class=\"column-15\">04\/10\/2021<\/td><td class=\"column-16\"><\/td><td class=\"column-17\"><\/td>\n<\/tr>\n<tr class=\"row-548\">\n\t<td class=\"column-1\">634\/2021<\/td><td class=\"column-2\">634\/2021<\/td><td class=\"column-3\">09\/09\/2021<\/td><td class=\"column-4\">30\/09\/2021<\/td><td class=\"column-5\">Preg\u00e3o Eletr\u00f4nico<\/td><td class=\"column-6\">Menor Pre\u00e7o Por Item<\/td><td class=\"column-7\">REGISTRO DE PRE\u00c7OS PARA FUTURA CONTRATA\u00c7\u00c3O DE EMPRESA ESPECIALIZADA NA PRESTA\u00c7\u00c3O DOS SERVI\u00c7OS DE LOCA\u00c7\u00c3O DE VE\u00cdCULOS, SEM MOTORISTA<\/td><td class=\"column-8\">R$ 3.234.932,56<\/td><td class=\"column-9\">O M LEAL DE MESQUITA, SANTOS E FERNANDES LTDA<\/td><td class=\"column-10\">O M LEAL DE MESQUITA<\/td><td class=\"column-11\">17.737.082\/0001-54<\/td><td class=\"column-12\">R$ 1.220.196,00<\/td><td class=\"column-13\">Encerrada<\/td><td class=\"column-14\">020101004001\/2021\t<\/td><td class=\"column-15\">04\/10\/2021<\/td><td class=\"column-16\"><\/td><td class=\"column-17\"><\/td>\n<\/tr>\n<tr class=\"row-549\">\n\t<td class=\"column-1\">634\/2021<\/td><td class=\"column-2\">634\/2021<\/td><td class=\"column-3\">09\/09\/2021<\/td><td class=\"column-4\">30\/09\/2021<\/td><td class=\"column-5\">Preg\u00e3o Eletr\u00f4nico<\/td><td class=\"column-6\">Menor Pre\u00e7o Por Item<\/td><td class=\"column-7\">REGISTRO DE PRE\u00c7OS PARA FUTURA CONTRATA\u00c7\u00c3O DE EMPRESA ESPECIALIZADA NA PRESTA\u00c7\u00c3O DOS SERVI\u00c7OS DE LOCA\u00c7\u00c3O DE VE\u00cdCULOS, SEM MOTORISTA<\/td><td class=\"column-8\">R$ 3.234.932,56<\/td><td class=\"column-9\">O M LEAL DE MESQUITA, SANTOS E FERNANDES LTDA<\/td><td class=\"column-10\">O M LEAL DE MESQUITA<\/td><td class=\"column-11\">17.737.082\/0001-54<\/td><td class=\"column-12\">R$ 1.220.196,00<\/td><td class=\"column-13\">Encerrada<\/td><td class=\"column-14\">040011004001\/2021\t<\/td><td class=\"column-15\">04\/10\/2021<\/td><td class=\"column-16\"><\/td><td class=\"column-17\"><\/td>\n<\/tr>\n<tr class=\"row-550\">\n\t<td class=\"column-1\">634\/2021<\/td><td class=\"column-2\">634\/2021<\/td><td class=\"column-3\">09\/09\/2021<\/td><td class=\"column-4\">30\/09\/2021<\/td><td class=\"column-5\">Preg\u00e3o Eletr\u00f4nico<\/td><td class=\"column-6\">Menor Pre\u00e7o Por Item<\/td><td class=\"column-7\">REGISTRO DE PRE\u00c7OS PARA FUTURA CONTRATA\u00c7\u00c3O DE EMPRESA ESPECIALIZADA NA PRESTA\u00c7\u00c3O DOS SERVI\u00c7OS DE LOCA\u00c7\u00c3O DE VE\u00cdCULOS, SEM MOTORISTA<\/td><td class=\"column-8\">R$ 3.234.932,56<\/td><td class=\"column-9\">O M LEAL DE MESQUITA, SANTOS E FERNANDES LTDA<\/td><td class=\"column-10\">O M LEAL DE MESQUITA<\/td><td class=\"column-11\">17.737.082\/0001-54<\/td><td class=\"column-12\">R$ 1.220.196,00<\/td><td class=\"column-13\">Encerrada<\/td><td class=\"column-14\">020091004001\/2021\t<\/td><td class=\"column-15\">04\/10\/2021<\/td><td class=\"column-16\"><\/td><td class=\"column-17\"><\/td>\n<\/tr>\n<tr class=\"row-551\">\n\t<td class=\"column-1\">634\/2021<\/td><td class=\"column-2\">634\/2021<\/td><td class=\"column-3\">09\/09\/2021<\/td><td class=\"column-4\">30\/09\/2021<\/td><td class=\"column-5\">Preg\u00e3o Eletr\u00f4nico<\/td><td class=\"column-6\">Menor Pre\u00e7o Por Item<\/td><td class=\"column-7\">REGISTRO DE PRE\u00c7OS PARA FUTURA CONTRATA\u00c7\u00c3O DE EMPRESA ESPECIALIZADA NA PRESTA\u00c7\u00c3O DOS SERVI\u00c7OS DE LOCA\u00c7\u00c3O DE VE\u00cdCULOS, SEM MOTORISTA<\/td><td class=\"column-8\">R$ 3.234.932,56<\/td><td class=\"column-9\">O M LEAL DE MESQUITA, SANTOS E FERNANDES LTDA<\/td><td class=\"column-10\">O M LEAL DE MESQUITA<\/td><td class=\"column-11\">17.737.082\/0001-54<\/td><td class=\"column-12\">R$ 1.220.196,00<\/td><td class=\"column-13\">Encerrada<\/td><td class=\"column-14\">020011004001\/2021\t<\/td><td class=\"column-15\">04\/10\/2021<\/td><td class=\"column-16\"><\/td><td class=\"column-17\"><\/td>\n<\/tr>\n<tr class=\"row-552\">\n\t<td class=\"column-1\">634\/2021<\/td><td class=\"column-2\">634\/2021<\/td><td class=\"column-3\">09\/09\/2021<\/td><td class=\"column-4\">30\/09\/2021<\/td><td class=\"column-5\">Preg\u00e3o Eletr\u00f4nico<\/td><td class=\"column-6\">Menor Pre\u00e7o Por Item<\/td><td class=\"column-7\">REGISTRO DE PRE\u00c7OS PARA FUTURA CONTRATA\u00c7\u00c3O DE EMPRESA ESPECIALIZADA NA PRESTA\u00c7\u00c3O DOS SERVI\u00c7OS DE LOCA\u00c7\u00c3O DE VE\u00cdCULOS, SEM MOTORISTA<\/td><td class=\"column-8\">R$ 3.234.932,56<\/td><td class=\"column-9\">O M LEAL DE MESQUITA, SANTOS E FERNANDES LTDA<\/td><td class=\"column-10\">O M LEAL DE MESQUITA<\/td><td class=\"column-11\">17.737.082\/0001-54<\/td><td class=\"column-12\">R$ 1.220.196,00<\/td><td class=\"column-13\">Encerrada<\/td><td class=\"column-14\">020081004001\/2021\t<\/td><td class=\"column-15\">04\/10\/2021<\/td><td class=\"column-16\"><\/td><td class=\"column-17\"><\/td>\n<\/tr>\n<tr class=\"row-553\">\n\t<td class=\"column-1\">634\/2021<\/td><td class=\"column-2\">634\/2021<\/td><td class=\"column-3\">09\/09\/2021<\/td><td class=\"column-4\">30\/09\/2021<\/td><td class=\"column-5\">Preg\u00e3o Eletr\u00f4nico<\/td><td class=\"column-6\">Menor Pre\u00e7o Por Item<\/td><td class=\"column-7\">REGISTRO DE PRE\u00c7OS PARA FUTURA CONTRATA\u00c7\u00c3O DE EMPRESA ESPECIALIZADA NA PRESTA\u00c7\u00c3O DOS SERVI\u00c7OS DE LOCA\u00c7\u00c3O DE VE\u00cdCULOS, SEM MOTORISTA<\/td><td class=\"column-8\">R$ 3.234.932,56<\/td><td class=\"column-9\">O M LEAL DE MESQUITA, SANTOS E FERNANDES LTDA<\/td><td class=\"column-10\">O M LEAL DE MESQUITA<\/td><td class=\"column-11\">17.737.082\/0001-54<\/td><td class=\"column-12\">R$ 1.220.196,00<\/td><td class=\"column-13\">Encerrada<\/td><td class=\"column-14\">020041004001\/2021\t<\/td><td class=\"column-15\">04\/10\/2021<\/td><td class=\"column-16\"><\/td><td class=\"column-17\"><\/td>\n<\/tr>\n<tr class=\"row-554\">\n\t<td class=\"column-1\">634\/2021<\/td><td class=\"column-2\">634\/2021<\/td><td class=\"column-3\">09\/09\/2021<\/td><td class=\"column-4\">30\/09\/2021<\/td><td class=\"column-5\">Preg\u00e3o Eletr\u00f4nico<\/td><td class=\"column-6\">Menor Pre\u00e7o Por Item<\/td><td class=\"column-7\">REGISTRO DE PRE\u00c7OS PARA FUTURA CONTRATA\u00c7\u00c3O DE EMPRESA ESPECIALIZADA NA PRESTA\u00c7\u00c3O DOS SERVI\u00c7OS DE LOCA\u00c7\u00c3O DE VE\u00cdCULOS, SEM MOTORISTA<\/td><td class=\"column-8\">R$ 3.234.932,56<\/td><td class=\"column-9\">O M LEAL DE MESQUITA, SANTOS E FERNANDES LTDA<\/td><td class=\"column-10\">SANTOS E FERNANDES LTDA<\/td><td class=\"column-11\">02.909.308\/0001-80<\/td><td class=\"column-12\">R$ 199.200,00<\/td><td class=\"column-13\">Encerrada<\/td><td class=\"column-14\">030011022001\/2021\t<\/td><td class=\"column-15\">22\/10\/2021<\/td><td class=\"column-16\"><\/td><td class=\"column-17\"><\/td>\n<\/tr>\n<tr class=\"row-555\">\n\t<td class=\"column-1\">635\/2021<\/td><td class=\"column-2\">635\/2021<\/td><td class=\"column-3\">08\/09\/2021<\/td><td class=\"column-4\">08\/09\/2021<\/td><td class=\"column-5\">Preg\u00e3o Presencial<\/td><td class=\"column-6\">Menor Pre\u00e7o Por Item<\/td><td class=\"column-7\">Registro de pre\u00e7os para futura e eventual Contrata\u00e7\u00e3o de empresa para prestar servi\u00e7os de assessoria t\u00e9cnica de apoio a gest\u00e3o de sa\u00fade do Fundo Municipal de Sa\u00fade de Lajes\/RN.<\/td><td class=\"column-8\">R$ 71.199,96<\/td><td class=\"column-9\">BRAVUS EMPRESARIAL LTDA - ME<\/td><td class=\"column-10\">BRAVUS EMPRESARIAL LTDA - ME<\/td><td class=\"column-11\">40.558.508\/0001-24<\/td><td class=\"column-12\">R$ 60.000,00<\/td><td class=\"column-13\">Encerrada<\/td><td class=\"column-14\">03001913001\/2021\t<\/td><td class=\"column-15\">13\/09\/2021<\/td><td class=\"column-16\">92\/2021\t<\/td><td class=\"column-17\">09\/09\/2021<\/td>\n<\/tr>\n<tr class=\"row-556\">\n\t<td class=\"column-1\">636\/2021<\/td><td class=\"column-2\">636\/2021<\/td><td class=\"column-3\">22\/09\/2021<\/td><td class=\"column-4\">22\/09\/2021<\/td><td class=\"column-5\">Preg\u00e3o\/Ades\u00e3o<\/td><td class=\"column-6\">Menor Pre\u00e7o (Maior Desconto)<\/td><td class=\"column-7\">Contrata\u00e7\u00e3o, em modo de urg\u00eancia, de empresa especializada em presta\u00e7\u00e3o de Servi\u00e7os de Manuten\u00e7\u00e3o Preventiva e Corretiva para a frota veicular do Munic\u00edpio de Lajes\/RN, com fornecimento de pe\u00e7as originais do fabricante ou fornecedor autorizado, incluindo-se todos os servi\u00e7os de mec\u00e2nica em geral, funilaria, pintura, tape\u00e7aria, eletricidade, ar-condicionado, caixa de c\u00e2mbio e outros afins<\/td><td class=\"column-8\">R$ 440.263,50<\/td><td class=\"column-9\">SANTOS &amp; ALVES AUTO SERVICE <\/td><td class=\"column-10\">SANTOS &amp; ALVES AUTO SERVICE <\/td><td class=\"column-11\">28.648.280\/0001-68<\/td><td class=\"column-12\">R$ 440.263,50<\/td><td class=\"column-13\">Encerrada<\/td><td class=\"column-14\">030011001006\/2021\t<\/td><td class=\"column-15\">01\/10\/2021<\/td><td class=\"column-16\"><\/td><td class=\"column-17\"><\/td>\n<\/tr>\n<tr class=\"row-557\">\n\t<td class=\"column-1\">636\/2021<\/td><td class=\"column-2\">636\/2021<\/td><td class=\"column-3\">22\/09\/2021<\/td><td class=\"column-4\">22\/09\/2021<\/td><td class=\"column-5\">Preg\u00e3o\/Ades\u00e3o<\/td><td class=\"column-6\">Menor Pre\u00e7o (Maior Desconto)<\/td><td class=\"column-7\">Contrata\u00e7\u00e3o, em modo de urg\u00eancia, de empresa especializada em presta\u00e7\u00e3o de Servi\u00e7os de Manuten\u00e7\u00e3o Preventiva e Corretiva para a frota veicular do Munic\u00edpio de Lajes\/RN, com fornecimento de pe\u00e7as originais do fabricante ou fornecedor autorizado, incluindo-se todos os servi\u00e7os de mec\u00e2nica em geral, funilaria, pintura, tape\u00e7aria, eletricidade, ar-condicionado, caixa de c\u00e2mbio e outros afins<\/td><td class=\"column-8\">R$ 440.263,50<\/td><td class=\"column-9\">SANTOS &amp; ALVES AUTO SERVICE <\/td><td class=\"column-10\">SANTOS &amp; ALVES AUTO SERVICE <\/td><td class=\"column-11\">28.648.280\/0001-68<\/td><td class=\"column-12\">R$ 440.263,50<\/td><td class=\"column-13\">Encerrada<\/td><td class=\"column-14\">030011001007\/2021\t<\/td><td class=\"column-15\">01\/10\/2021<\/td><td class=\"column-16\"><\/td><td class=\"column-17\"><\/td>\n<\/tr>\n<tr class=\"row-558\">\n\t<td class=\"column-1\">636\/2021<\/td><td class=\"column-2\">636\/2021<\/td><td class=\"column-3\">22\/09\/2021<\/td><td class=\"column-4\">22\/09\/2021<\/td><td class=\"column-5\">Preg\u00e3o\/Ades\u00e3o<\/td><td class=\"column-6\">Menor Pre\u00e7o (Maior Desconto)<\/td><td class=\"column-7\">Contrata\u00e7\u00e3o, em modo de urg\u00eancia, de empresa especializada em presta\u00e7\u00e3o de Servi\u00e7os de Manuten\u00e7\u00e3o Preventiva e Corretiva para a frota veicular do Munic\u00edpio de Lajes\/RN, com fornecimento de pe\u00e7as originais do fabricante ou fornecedor autorizado, incluindo-se todos os servi\u00e7os de mec\u00e2nica em geral, funilaria, pintura, tape\u00e7aria, eletricidade, ar-condicionado, caixa de c\u00e2mbio e outros afins<\/td><td class=\"column-8\">R$ 440.263,50<\/td><td class=\"column-9\">SANTOS &amp; ALVES AUTO SERVICE <\/td><td class=\"column-10\">SANTOS &amp; ALVES AUTO SERVICE <\/td><td class=\"column-11\">28.648.280\/0001-68<\/td><td class=\"column-12\">R$ 440.263,50<\/td><td class=\"column-13\">Encerrada<\/td><td class=\"column-14\">020061001007\/2021\t<\/td><td class=\"column-15\">01\/10\/2021<\/td><td class=\"column-16\"><\/td><td class=\"column-17\"><\/td>\n<\/tr>\n<tr class=\"row-559\">\n\t<td class=\"column-1\">636\/2021<\/td><td class=\"column-2\">636\/2021<\/td><td class=\"column-3\">22\/09\/2021<\/td><td class=\"column-4\">22\/09\/2021<\/td><td class=\"column-5\">Preg\u00e3o\/Ades\u00e3o<\/td><td class=\"column-6\">Menor Pre\u00e7o (Maior Desconto)<\/td><td class=\"column-7\">Contrata\u00e7\u00e3o, em modo de urg\u00eancia, de empresa especializada em presta\u00e7\u00e3o de Servi\u00e7os de Manuten\u00e7\u00e3o Preventiva e Corretiva para a frota veicular do Munic\u00edpio de Lajes\/RN, com fornecimento de pe\u00e7as originais do fabricante ou fornecedor autorizado, incluindo-se todos os servi\u00e7os de mec\u00e2nica em geral, funilaria, pintura, tape\u00e7aria, eletricidade, ar-condicionado, caixa de c\u00e2mbio e outros afins<\/td><td class=\"column-8\">R$ 440.263,50<\/td><td class=\"column-9\">SANTOS &amp; ALVES AUTO SERVICE <\/td><td class=\"column-10\">SANTOS &amp; ALVES AUTO SERVICE <\/td><td class=\"column-11\">28.648.280\/0001-68<\/td><td class=\"column-12\">R$ 440.263,50<\/td><td class=\"column-13\">Encerrada<\/td><td class=\"column-14\">020061001008\/2021\t<\/td><td class=\"column-15\">01\/10\/2021<\/td><td class=\"column-16\"><\/td><td class=\"column-17\"><\/td>\n<\/tr>\n<tr class=\"row-560\">\n\t<td class=\"column-1\">636\/2021<\/td><td class=\"column-2\">636\/2021<\/td><td class=\"column-3\">22\/09\/2021<\/td><td class=\"column-4\">22\/09\/2021<\/td><td class=\"column-5\">Preg\u00e3o\/Ades\u00e3o<\/td><td class=\"column-6\">Menor Pre\u00e7o (Maior Desconto)<\/td><td class=\"column-7\">Contrata\u00e7\u00e3o, em modo de urg\u00eancia, de empresa especializada em presta\u00e7\u00e3o de Servi\u00e7os de Manuten\u00e7\u00e3o Preventiva e Corretiva para a frota veicular do Munic\u00edpio de Lajes\/RN, com fornecimento de pe\u00e7as originais do fabricante ou fornecedor autorizado, incluindo-se todos os servi\u00e7os de mec\u00e2nica em geral, funilaria, pintura, tape\u00e7aria, eletricidade, ar-condicionado, caixa de c\u00e2mbio e outros afins<\/td><td class=\"column-8\">R$ 440.263,50<\/td><td class=\"column-9\">SANTOS &amp; ALVES AUTO SERVICE <\/td><td class=\"column-10\">SANTOS &amp; ALVES AUTO SERVICE <\/td><td class=\"column-11\">28.648.280\/0001-68<\/td><td class=\"column-12\">R$ 440.263,50<\/td><td class=\"column-13\">Encerrada<\/td><td class=\"column-14\">020081001004\/2021\t<\/td><td class=\"column-15\">01\/10\/2021<\/td><td class=\"column-16\"><\/td><td class=\"column-17\"><\/td>\n<\/tr>\n<tr class=\"row-561\">\n\t<td class=\"column-1\">636\/2021<\/td><td class=\"column-2\">636\/2021<\/td><td class=\"column-3\">22\/09\/2021<\/td><td class=\"column-4\">22\/09\/2021<\/td><td class=\"column-5\">Preg\u00e3o\/Ades\u00e3o<\/td><td class=\"column-6\">Menor Pre\u00e7o (Maior Desconto)<\/td><td class=\"column-7\">Contrata\u00e7\u00e3o, em modo de urg\u00eancia, de empresa especializada em presta\u00e7\u00e3o de Servi\u00e7os de Manuten\u00e7\u00e3o Preventiva e Corretiva para a frota veicular do Munic\u00edpio de Lajes\/RN, com fornecimento de pe\u00e7as originais do fabricante ou fornecedor autorizado, incluindo-se todos os servi\u00e7os de mec\u00e2nica em geral, funilaria, pintura, tape\u00e7aria, eletricidade, ar-condicionado, caixa de c\u00e2mbio e outros afins<\/td><td class=\"column-8\">R$ 440.263,50<\/td><td class=\"column-9\">SANTOS &amp; ALVES AUTO SERVICE <\/td><td class=\"column-10\">SANTOS &amp; ALVES AUTO SERVICE <\/td><td class=\"column-11\">28.648.280\/0001-68<\/td><td class=\"column-12\">R$ 440.263,50<\/td><td class=\"column-13\">Encerrada<\/td><td class=\"column-14\">020081001005\/2021\t<\/td><td class=\"column-15\">01\/10\/2021<\/td><td class=\"column-16\"><\/td><td class=\"column-17\"><\/td>\n<\/tr>\n<tr class=\"row-562\">\n\t<td class=\"column-1\">636\/2021<\/td><td class=\"column-2\">636\/2021<\/td><td class=\"column-3\">22\/09\/2021<\/td><td class=\"column-4\">22\/09\/2021<\/td><td class=\"column-5\">Preg\u00e3o\/Ades\u00e3o<\/td><td class=\"column-6\">Menor Pre\u00e7o (Maior Desconto)<\/td><td class=\"column-7\">Contrata\u00e7\u00e3o, em modo de urg\u00eancia, de empresa especializada em presta\u00e7\u00e3o de Servi\u00e7os de Manuten\u00e7\u00e3o Preventiva e Corretiva para a frota veicular do Munic\u00edpio de Lajes\/RN, com fornecimento de pe\u00e7as originais do fabricante ou fornecedor autorizado, incluindo-se todos os servi\u00e7os de mec\u00e2nica em geral, funilaria, pintura, tape\u00e7aria, eletricidade, ar-condicionado, caixa de c\u00e2mbio e outros afins<\/td><td class=\"column-8\">R$ 440.263,50<\/td><td class=\"column-9\">SANTOS &amp; ALVES AUTO SERVICE <\/td><td class=\"column-10\">SANTOS &amp; ALVES AUTO SERVICE <\/td><td class=\"column-11\">28.648.280\/0001-68<\/td><td class=\"column-12\">R$ 440.263,50<\/td><td class=\"column-13\">Encerrada<\/td><td class=\"column-14\">020061221007\/2021\t<\/td><td class=\"column-15\">21\/12\/2021<\/td><td class=\"column-16\"><\/td><td class=\"column-17\"><\/td>\n<\/tr>\n<tr class=\"row-563\">\n\t<td class=\"column-1\">636\/2021<\/td><td class=\"column-2\">636\/2021<\/td><td class=\"column-3\">22\/09\/2021<\/td><td class=\"column-4\">22\/09\/2021<\/td><td class=\"column-5\">Preg\u00e3o\/Ades\u00e3o<\/td><td class=\"column-6\">Menor Pre\u00e7o (Maior Desconto)<\/td><td class=\"column-7\">Contrata\u00e7\u00e3o, em modo de urg\u00eancia, de empresa especializada em presta\u00e7\u00e3o de Servi\u00e7os de Manuten\u00e7\u00e3o Preventiva e Corretiva para a frota veicular do Munic\u00edpio de Lajes\/RN, com fornecimento de pe\u00e7as originais do fabricante ou fornecedor autorizado, incluindo-se todos os servi\u00e7os de mec\u00e2nica em geral, funilaria, pintura, tape\u00e7aria, eletricidade, ar-condicionado, caixa de c\u00e2mbio e outros afins<\/td><td class=\"column-8\">R$ 440.263,50<\/td><td class=\"column-9\">SANTOS &amp; ALVES AUTO SERVICE <\/td><td class=\"column-10\">SANTOS &amp; ALVES AUTO SERVICE <\/td><td class=\"column-11\">28.648.280\/0001-68<\/td><td class=\"column-12\">R$ 440.263,50<\/td><td class=\"column-13\">Encerrada<\/td><td class=\"column-14\">020081221001\/2021\t<\/td><td class=\"column-15\">21\/12\/2021<\/td><td class=\"column-16\"><\/td><td class=\"column-17\"><\/td>\n<\/tr>\n<tr class=\"row-564\">\n\t<td class=\"column-1\">636\/2021<\/td><td class=\"column-2\">636\/2021<\/td><td class=\"column-3\">22\/09\/2021<\/td><td class=\"column-4\">22\/09\/2021<\/td><td class=\"column-5\">Preg\u00e3o\/Ades\u00e3o<\/td><td class=\"column-6\">Menor Pre\u00e7o (Maior Desconto)<\/td><td class=\"column-7\">Contrata\u00e7\u00e3o, em modo de urg\u00eancia, de empresa especializada em presta\u00e7\u00e3o de Servi\u00e7os de Manuten\u00e7\u00e3o Preventiva e Corretiva para a frota veicular do Munic\u00edpio de Lajes\/RN, com fornecimento de pe\u00e7as originais do fabricante ou fornecedor autorizado, incluindo-se todos os servi\u00e7os de mec\u00e2nica em geral, funilaria, pintura, tape\u00e7aria, eletricidade, ar-condicionado, caixa de c\u00e2mbio e outros afins<\/td><td class=\"column-8\">R$ 440.263,50<\/td><td class=\"column-9\">SANTOS &amp; ALVES AUTO SERVICE <\/td><td class=\"column-10\">SANTOS &amp; ALVES AUTO SERVICE <\/td><td class=\"column-11\">28.648.280\/0001-68<\/td><td class=\"column-12\">R$ 440.263,50<\/td><td class=\"column-13\">Encerrada<\/td><td class=\"column-14\">020081221002\/2021\t<\/td><td class=\"column-15\">21\/12\/2021<\/td><td class=\"column-16\"><\/td><td class=\"column-17\"><\/td>\n<\/tr>\n<tr class=\"row-565\">\n\t<td class=\"column-1\">636\/2021<\/td><td class=\"column-2\">636\/2021<\/td><td class=\"column-3\">22\/09\/2021<\/td><td class=\"column-4\">22\/09\/2021<\/td><td class=\"column-5\">Preg\u00e3o\/Ades\u00e3o<\/td><td class=\"column-6\">Menor Pre\u00e7o (Maior Desconto)<\/td><td class=\"column-7\">Contrata\u00e7\u00e3o, em modo de urg\u00eancia, de empresa especializada em presta\u00e7\u00e3o de Servi\u00e7os de Manuten\u00e7\u00e3o Preventiva e Corretiva para a frota veicular do Munic\u00edpio de Lajes\/RN, com fornecimento de pe\u00e7as originais do fabricante ou fornecedor autorizado, incluindo-se todos os servi\u00e7os de mec\u00e2nica em geral, funilaria, pintura, tape\u00e7aria, eletricidade, ar-condicionado, caixa de c\u00e2mbio e outros afins<\/td><td class=\"column-8\">R$ 440.263,50<\/td><td class=\"column-9\">SANTOS &amp; ALVES AUTO SERVICE <\/td><td class=\"column-10\">SANTOS &amp; ALVES AUTO SERVICE <\/td><td class=\"column-11\">28.648.280\/0001-68<\/td><td class=\"column-12\">R$ 440.263,50<\/td><td class=\"column-13\">Encerrada<\/td><td class=\"column-14\">020081201001\/2021\t<\/td><td class=\"column-15\">01\/12\/2021<\/td><td class=\"column-16\"><\/td><td class=\"column-17\"><\/td>\n<\/tr>\n<tr class=\"row-566\">\n\t<td class=\"column-1\">636\/2021<\/td><td class=\"column-2\">636\/2021<\/td><td class=\"column-3\">22\/09\/2021<\/td><td class=\"column-4\">22\/09\/2021<\/td><td class=\"column-5\">Preg\u00e3o\/Ades\u00e3o<\/td><td class=\"column-6\">Menor Pre\u00e7o (Maior Desconto)<\/td><td class=\"column-7\">Contrata\u00e7\u00e3o, em modo de urg\u00eancia, de empresa especializada em presta\u00e7\u00e3o de Servi\u00e7os de Manuten\u00e7\u00e3o Preventiva e Corretiva para a frota veicular do Munic\u00edpio de Lajes\/RN, com fornecimento de pe\u00e7as originais do fabricante ou fornecedor autorizado, incluindo-se todos os servi\u00e7os de mec\u00e2nica em geral, funilaria, pintura, tape\u00e7aria, eletricidade, ar-condicionado, caixa de c\u00e2mbio e outros afins<\/td><td class=\"column-8\">R$ 440.263,50<\/td><td class=\"column-9\">SANTOS &amp; ALVES AUTO SERVICE <\/td><td class=\"column-10\">SANTOS &amp; ALVES AUTO SERVICE <\/td><td class=\"column-11\">28.648.280\/0001-68<\/td><td class=\"column-12\">R$ 440.263,50<\/td><td class=\"column-13\">Encerrada<\/td><td class=\"column-14\">030011209003\/2021\t<\/td><td class=\"column-15\">09\/12\/2021<\/td><td class=\"column-16\"><\/td><td class=\"column-17\"><\/td>\n<\/tr>\n<tr class=\"row-567\">\n\t<td class=\"column-1\">636\/2021<\/td><td class=\"column-2\">636\/2021<\/td><td class=\"column-3\">22\/09\/2021<\/td><td class=\"column-4\">22\/09\/2021<\/td><td class=\"column-5\">Preg\u00e3o\/Ades\u00e3o<\/td><td class=\"column-6\">Menor Pre\u00e7o (Maior Desconto)<\/td><td class=\"column-7\">Contrata\u00e7\u00e3o, em modo de urg\u00eancia, de empresa especializada em presta\u00e7\u00e3o de Servi\u00e7os de Manuten\u00e7\u00e3o Preventiva e Corretiva para a frota veicular do Munic\u00edpio de Lajes\/RN, com fornecimento de pe\u00e7as originais do fabricante ou fornecedor autorizado, incluindo-se todos os servi\u00e7os de mec\u00e2nica em geral, funilaria, pintura, tape\u00e7aria, eletricidade, ar-condicionado, caixa de c\u00e2mbio e outros afins<\/td><td class=\"column-8\">R$ 440.263,50<\/td><td class=\"column-9\">SANTOS &amp; ALVES AUTO SERVICE <\/td><td class=\"column-10\">SANTOS &amp; ALVES AUTO SERVICE <\/td><td class=\"column-11\">28.648.280\/0001-68<\/td><td class=\"column-12\">R$ 440.263,50<\/td><td class=\"column-13\">Encerrada<\/td><td class=\"column-14\">020081209005\/2021\t<\/td><td class=\"column-15\">09\/12\/2021<\/td><td class=\"column-16\"><\/td><td class=\"column-17\"><\/td>\n<\/tr>\n<tr class=\"row-568\">\n\t<td class=\"column-1\">636\/2021<\/td><td class=\"column-2\">636\/2021<\/td><td class=\"column-3\">22\/09\/2021<\/td><td class=\"column-4\">22\/09\/2021<\/td><td class=\"column-5\">Preg\u00e3o\/Ades\u00e3o<\/td><td class=\"column-6\">Menor Pre\u00e7o (Maior Desconto)<\/td><td class=\"column-7\">Contrata\u00e7\u00e3o, em modo de urg\u00eancia, de empresa especializada em presta\u00e7\u00e3o de Servi\u00e7os de Manuten\u00e7\u00e3o Preventiva e Corretiva para a frota veicular do Munic\u00edpio de Lajes\/RN, com fornecimento de pe\u00e7as originais do fabricante ou fornecedor autorizado, incluindo-se todos os servi\u00e7os de mec\u00e2nica em geral, funilaria, pintura, tape\u00e7aria, eletricidade, ar-condicionado, caixa de c\u00e2mbio e outros afins<\/td><td class=\"column-8\">R$ 440.263,50<\/td><td class=\"column-9\">SANTOS &amp; ALVES AUTO SERVICE <\/td><td class=\"column-10\">SANTOS &amp; ALVES AUTO SERVICE <\/td><td class=\"column-11\">28.648.280\/0001-68<\/td><td class=\"column-12\">R$ 440.263,50<\/td><td class=\"column-13\">Encerrada<\/td><td class=\"column-14\">020081209006\/2021\t<\/td><td class=\"column-15\">09\/12\/2021<\/td><td class=\"column-16\"><\/td><td class=\"column-17\"><\/td>\n<\/tr>\n<tr class=\"row-569\">\n\t<td class=\"column-1\">636\/2021<\/td><td class=\"column-2\">636\/2021<\/td><td class=\"column-3\">22\/09\/2021<\/td><td class=\"column-4\">22\/09\/2021<\/td><td class=\"column-5\">Preg\u00e3o\/Ades\u00e3o<\/td><td class=\"column-6\">Menor Pre\u00e7o (Maior Desconto)<\/td><td class=\"column-7\">Contrata\u00e7\u00e3o, em modo de urg\u00eancia, de empresa especializada em presta\u00e7\u00e3o de Servi\u00e7os de Manuten\u00e7\u00e3o Preventiva e Corretiva para a frota veicular do Munic\u00edpio de Lajes\/RN, com fornecimento de pe\u00e7as originais do fabricante ou fornecedor autorizado, incluindo-se todos os servi\u00e7os de mec\u00e2nica em geral, funilaria, pintura, tape\u00e7aria, eletricidade, ar-condicionado, caixa de c\u00e2mbio e outros afins<\/td><td class=\"column-8\">R$ 440.263,50<\/td><td class=\"column-9\">SANTOS &amp; ALVES AUTO SERVICE <\/td><td class=\"column-10\">SANTOS &amp; ALVES AUTO SERVICE <\/td><td class=\"column-11\">28.648.280\/0001-68<\/td><td class=\"column-12\">R$ 440.263,50<\/td><td class=\"column-13\">Encerrada<\/td><td class=\"column-14\">020061221004\/2021\t<\/td><td class=\"column-15\">21\/12\/2021<\/td><td class=\"column-16\"><\/td><td class=\"column-17\"><\/td>\n<\/tr>\n<tr class=\"row-570\">\n\t<td class=\"column-1\">636\/2021<\/td><td class=\"column-2\">636\/2021<\/td><td class=\"column-3\">22\/09\/2021<\/td><td class=\"column-4\">22\/09\/2021<\/td><td class=\"column-5\">Preg\u00e3o\/Ades\u00e3o<\/td><td class=\"column-6\">Menor Pre\u00e7o (Maior Desconto)<\/td><td class=\"column-7\">Contrata\u00e7\u00e3o, em modo de urg\u00eancia, de empresa especializada em presta\u00e7\u00e3o de Servi\u00e7os de Manuten\u00e7\u00e3o Preventiva e Corretiva para a frota veicular do Munic\u00edpio de Lajes\/RN, com fornecimento de pe\u00e7as originais do fabricante ou fornecedor autorizado, incluindo-se todos os servi\u00e7os de mec\u00e2nica em geral, funilaria, pintura, tape\u00e7aria, eletricidade, ar-condicionado, caixa de c\u00e2mbio e outros afins<\/td><td class=\"column-8\">R$ 440.263,50<\/td><td class=\"column-9\">SANTOS &amp; ALVES AUTO SERVICE <\/td><td class=\"column-10\">SANTOS &amp; ALVES AUTO SERVICE <\/td><td class=\"column-11\">28.648.280\/0001-68<\/td><td class=\"column-12\">R$ 440.263,50<\/td><td class=\"column-13\">Encerrada<\/td><td class=\"column-14\">020061221005\/2021\t<\/td><td class=\"column-15\">21\/12\/2021<\/td><td class=\"column-16\"><\/td><td class=\"column-17\"><\/td>\n<\/tr>\n<tr class=\"row-571\">\n\t<td class=\"column-1\">636\/2021<\/td><td class=\"column-2\">636\/2021<\/td><td class=\"column-3\">22\/09\/2021<\/td><td class=\"column-4\">22\/09\/2021<\/td><td class=\"column-5\">Preg\u00e3o\/Ades\u00e3o<\/td><td class=\"column-6\">Menor Pre\u00e7o (Maior Desconto)<\/td><td class=\"column-7\">Contrata\u00e7\u00e3o, em modo de urg\u00eancia, de empresa especializada em presta\u00e7\u00e3o de Servi\u00e7os de Manuten\u00e7\u00e3o Preventiva e Corretiva para a frota veicular do Munic\u00edpio de Lajes\/RN, com fornecimento de pe\u00e7as originais do fabricante ou fornecedor autorizado, incluindo-se todos os servi\u00e7os de mec\u00e2nica em geral, funilaria, pintura, tape\u00e7aria, eletricidade, ar-condicionado, caixa de c\u00e2mbio e outros afins<\/td><td class=\"column-8\">R$ 440.263,50<\/td><td class=\"column-9\">SANTOS &amp; ALVES AUTO SERVICE <\/td><td class=\"column-10\">SANTOS &amp; ALVES AUTO SERVICE <\/td><td class=\"column-11\">28.648.280\/0001-68<\/td><td class=\"column-12\">R$ 440.263,50<\/td><td class=\"column-13\">Encerrada<\/td><td class=\"column-14\">020061221006\/2021\t<\/td><td class=\"column-15\">21\/12\/2021<\/td><td class=\"column-16\"><\/td><td class=\"column-17\"><\/td>\n<\/tr>\n<tr class=\"row-572\">\n\t<td class=\"column-1\">636\/2021<\/td><td class=\"column-2\">636\/2021<\/td><td class=\"column-3\">22\/09\/2021<\/td><td class=\"column-4\">22\/09\/2021<\/td><td class=\"column-5\">Preg\u00e3o\/Ades\u00e3o<\/td><td class=\"column-6\">Menor Pre\u00e7o (Maior Desconto)<\/td><td class=\"column-7\">Contrata\u00e7\u00e3o, em modo de urg\u00eancia, de empresa especializada em presta\u00e7\u00e3o de Servi\u00e7os de Manuten\u00e7\u00e3o Preventiva e Corretiva para a frota veicular do Munic\u00edpio de Lajes\/RN, com fornecimento de pe\u00e7as originais do fabricante ou fornecedor autorizado, incluindo-se todos os servi\u00e7os de mec\u00e2nica em geral, funilaria, pintura, tape\u00e7aria, eletricidade, ar-condicionado, caixa de c\u00e2mbio e outros afins<\/td><td class=\"column-8\">R$ 440.263,50<\/td><td class=\"column-9\">SANTOS &amp; ALVES AUTO SERVICE <\/td><td class=\"column-10\">SANTOS &amp; ALVES AUTO SERVICE <\/td><td class=\"column-11\">28.648.280\/0001-68<\/td><td class=\"column-12\">R$ 440.263,50<\/td><td class=\"column-13\">Encerrada<\/td><td class=\"column-14\">030011119003\/2021\t<\/td><td class=\"column-15\">19\/11\/2021<\/td><td class=\"column-16\"><\/td><td class=\"column-17\"><\/td>\n<\/tr>\n<tr class=\"row-573\">\n\t<td class=\"column-1\">636\/2021<\/td><td class=\"column-2\">636\/2021<\/td><td class=\"column-3\">22\/09\/2021<\/td><td class=\"column-4\">22\/09\/2021<\/td><td class=\"column-5\">Preg\u00e3o\/Ades\u00e3o<\/td><td class=\"column-6\">Menor Pre\u00e7o (Maior Desconto)<\/td><td class=\"column-7\">Contrata\u00e7\u00e3o, em modo de urg\u00eancia, de empresa especializada em presta\u00e7\u00e3o de Servi\u00e7os de Manuten\u00e7\u00e3o Preventiva e Corretiva para a frota veicular do Munic\u00edpio de Lajes\/RN, com fornecimento de pe\u00e7as originais do fabricante ou fornecedor autorizado, incluindo-se todos os servi\u00e7os de mec\u00e2nica em geral, funilaria, pintura, tape\u00e7aria, eletricidade, ar-condicionado, caixa de c\u00e2mbio e outros afins<\/td><td class=\"column-8\">R$ 440.263,50<\/td><td class=\"column-9\">SANTOS &amp; ALVES AUTO SERVICE <\/td><td class=\"column-10\">SANTOS &amp; ALVES AUTO SERVICE <\/td><td class=\"column-11\">28.648.280\/0001-68<\/td><td class=\"column-12\">R$ 440.263,50<\/td><td class=\"column-13\">Encerrada<\/td><td class=\"column-14\">020041117001\/2021\t<\/td><td class=\"column-15\">17\/11\/2021<\/td><td class=\"column-16\"><\/td><td class=\"column-17\"><\/td>\n<\/tr>\n<tr class=\"row-574\">\n\t<td class=\"column-1\">636\/2021<\/td><td class=\"column-2\">636\/2021<\/td><td class=\"column-3\">22\/09\/2021<\/td><td class=\"column-4\">22\/09\/2021<\/td><td class=\"column-5\">Preg\u00e3o\/Ades\u00e3o<\/td><td class=\"column-6\">Menor Pre\u00e7o (Maior Desconto)<\/td><td class=\"column-7\">Contrata\u00e7\u00e3o, em modo de urg\u00eancia, de empresa especializada em presta\u00e7\u00e3o de Servi\u00e7os de Manuten\u00e7\u00e3o Preventiva e Corretiva para a frota veicular do Munic\u00edpio de Lajes\/RN, com fornecimento de pe\u00e7as originais do fabricante ou fornecedor autorizado, incluindo-se todos os servi\u00e7os de mec\u00e2nica em geral, funilaria, pintura, tape\u00e7aria, eletricidade, ar-condicionado, caixa de c\u00e2mbio e outros afins<\/td><td class=\"column-8\">R$ 440.263,50<\/td><td class=\"column-9\">SANTOS &amp; ALVES AUTO SERVICE <\/td><td class=\"column-10\">SANTOS &amp; ALVES AUTO SERVICE <\/td><td class=\"column-11\">28.648.280\/0001-68<\/td><td class=\"column-12\">R$ 440.263,50<\/td><td class=\"column-13\">Encerrada<\/td><td class=\"column-14\">020081117002\/2021\t<\/td><td class=\"column-15\">17\/11\/2021<\/td><td class=\"column-16\"><\/td><td class=\"column-17\"><\/td>\n<\/tr>\n<tr class=\"row-575\">\n\t<td class=\"column-1\">636\/2021<\/td><td class=\"column-2\">636\/2021<\/td><td class=\"column-3\">22\/09\/2021<\/td><td class=\"column-4\">22\/09\/2021<\/td><td class=\"column-5\">Preg\u00e3o\/Ades\u00e3o<\/td><td class=\"column-6\">Menor Pre\u00e7o (Maior Desconto)<\/td><td class=\"column-7\">Contrata\u00e7\u00e3o, em modo de urg\u00eancia, de empresa especializada em presta\u00e7\u00e3o de Servi\u00e7os de Manuten\u00e7\u00e3o Preventiva e Corretiva para a frota veicular do Munic\u00edpio de Lajes\/RN, com fornecimento de pe\u00e7as originais do fabricante ou fornecedor autorizado, incluindo-se todos os servi\u00e7os de mec\u00e2nica em geral, funilaria, pintura, tape\u00e7aria, eletricidade, ar-condicionado, caixa de c\u00e2mbio e outros afins<\/td><td class=\"column-8\">R$ 440.263,50<\/td><td class=\"column-9\">SANTOS &amp; ALVES AUTO SERVICE <\/td><td class=\"column-10\">SANTOS &amp; ALVES AUTO SERVICE <\/td><td class=\"column-11\">28.648.280\/0001-68<\/td><td class=\"column-12\">R$ 440.263,50<\/td><td class=\"column-13\">Encerrada<\/td><td class=\"column-14\">020081209001\/2021\t<\/td><td class=\"column-15\">09\/12\/2021<\/td><td class=\"column-16\"><\/td><td class=\"column-17\"><\/td>\n<\/tr>\n<tr class=\"row-576\">\n\t<td class=\"column-1\">636\/2021<\/td><td class=\"column-2\">636\/2021<\/td><td class=\"column-3\">22\/09\/2021<\/td><td class=\"column-4\">22\/09\/2021<\/td><td class=\"column-5\">Preg\u00e3o\/Ades\u00e3o<\/td><td class=\"column-6\">Menor Pre\u00e7o (Maior Desconto)<\/td><td class=\"column-7\">Contrata\u00e7\u00e3o, em modo de urg\u00eancia, de empresa especializada em presta\u00e7\u00e3o de Servi\u00e7os de Manuten\u00e7\u00e3o Preventiva e Corretiva para a frota veicular do Munic\u00edpio de Lajes\/RN, com fornecimento de pe\u00e7as originais do fabricante ou fornecedor autorizado, incluindo-se todos os servi\u00e7os de mec\u00e2nica em geral, funilaria, pintura, tape\u00e7aria, eletricidade, ar-condicionado, caixa de c\u00e2mbio e outros afins<\/td><td class=\"column-8\">R$ 440.263,50<\/td><td class=\"column-9\">SANTOS &amp; ALVES AUTO SERVICE <\/td><td class=\"column-10\">SANTOS &amp; ALVES AUTO SERVICE <\/td><td class=\"column-11\">28.648.280\/0001-68<\/td><td class=\"column-12\">R$ 440.263,50<\/td><td class=\"column-13\">Encerrada<\/td><td class=\"column-14\">020081209002\/2021\t<\/td><td class=\"column-15\">09\/12\/2021<\/td><td class=\"column-16\"><\/td><td class=\"column-17\"><\/td>\n<\/tr>\n<tr class=\"row-577\">\n\t<td class=\"column-1\">636\/2021<\/td><td class=\"column-2\">636\/2021<\/td><td class=\"column-3\">22\/09\/2021<\/td><td class=\"column-4\">22\/09\/2021<\/td><td class=\"column-5\">Preg\u00e3o\/Ades\u00e3o<\/td><td class=\"column-6\">Menor Pre\u00e7o (Maior Desconto)<\/td><td class=\"column-7\">Contrata\u00e7\u00e3o, em modo de urg\u00eancia, de empresa especializada em presta\u00e7\u00e3o de Servi\u00e7os de Manuten\u00e7\u00e3o Preventiva e Corretiva para a frota veicular do Munic\u00edpio de Lajes\/RN, com fornecimento de pe\u00e7as originais do fabricante ou fornecedor autorizado, incluindo-se todos os servi\u00e7os de mec\u00e2nica em geral, funilaria, pintura, tape\u00e7aria, eletricidade, ar-condicionado, caixa de c\u00e2mbio e outros afins<\/td><td class=\"column-8\">R$ 440.263,50<\/td><td class=\"column-9\">SANTOS &amp; ALVES AUTO SERVICE <\/td><td class=\"column-10\">SANTOS &amp; ALVES AUTO SERVICE <\/td><td class=\"column-11\">28.648.280\/0001-68<\/td><td class=\"column-12\">R$ 440.263,50<\/td><td class=\"column-13\">Encerrada<\/td><td class=\"column-14\">020081209003\/2021\t<\/td><td class=\"column-15\">09\/12\/2021<\/td><td class=\"column-16\"><\/td><td class=\"column-17\"><\/td>\n<\/tr>\n<tr class=\"row-578\">\n\t<td class=\"column-1\">636\/2021<\/td><td class=\"column-2\">636\/2021<\/td><td class=\"column-3\">22\/09\/2021<\/td><td class=\"column-4\">22\/09\/2021<\/td><td class=\"column-5\">Preg\u00e3o\/Ades\u00e3o<\/td><td class=\"column-6\">Menor Pre\u00e7o (Maior Desconto)<\/td><td class=\"column-7\">Contrata\u00e7\u00e3o, em modo de urg\u00eancia, de empresa especializada em presta\u00e7\u00e3o de Servi\u00e7os de Manuten\u00e7\u00e3o Preventiva e Corretiva para a frota veicular do Munic\u00edpio de Lajes\/RN, com fornecimento de pe\u00e7as originais do fabricante ou fornecedor autorizado, incluindo-se todos os servi\u00e7os de mec\u00e2nica em geral, funilaria, pintura, tape\u00e7aria, eletricidade, ar-condicionado, caixa de c\u00e2mbio e outros afins<\/td><td class=\"column-8\">R$ 440.263,50<\/td><td class=\"column-9\">SANTOS &amp; ALVES AUTO SERVICE <\/td><td class=\"column-10\">SANTOS &amp; ALVES AUTO SERVICE <\/td><td class=\"column-11\">28.648.280\/0001-68<\/td><td class=\"column-12\">R$ 440.263,50<\/td><td class=\"column-13\">Encerrada<\/td><td class=\"column-14\">030011001008\/2021\t<\/td><td class=\"column-15\">01\/10\/2021<\/td><td class=\"column-16\"><\/td><td class=\"column-17\"><\/td>\n<\/tr>\n<tr class=\"row-579\">\n\t<td class=\"column-1\">636\/2021<\/td><td class=\"column-2\">636\/2021<\/td><td class=\"column-3\">22\/09\/2021<\/td><td class=\"column-4\">22\/09\/2021<\/td><td class=\"column-5\">Preg\u00e3o\/Ades\u00e3o<\/td><td class=\"column-6\">Menor Pre\u00e7o (Maior Desconto)<\/td><td class=\"column-7\">Contrata\u00e7\u00e3o, em modo de urg\u00eancia, de empresa especializada em presta\u00e7\u00e3o de Servi\u00e7os de Manuten\u00e7\u00e3o Preventiva e Corretiva para a frota veicular do Munic\u00edpio de Lajes\/RN, com fornecimento de pe\u00e7as originais do fabricante ou fornecedor autorizado, incluindo-se todos os servi\u00e7os de mec\u00e2nica em geral, funilaria, pintura, tape\u00e7aria, eletricidade, ar-condicionado, caixa de c\u00e2mbio e outros afins<\/td><td class=\"column-8\">R$ 440.263,50<\/td><td class=\"column-9\">SANTOS &amp; ALVES AUTO SERVICE <\/td><td class=\"column-10\">SANTOS &amp; ALVES AUTO SERVICE <\/td><td class=\"column-11\">28.648.280\/0001-68<\/td><td class=\"column-12\">R$ 440.263,50<\/td><td class=\"column-13\">Encerrada<\/td><td class=\"column-14\">020041119001\/2021\t<\/td><td class=\"column-15\">19\/11\/2021<\/td><td class=\"column-16\"><\/td><td class=\"column-17\"><\/td>\n<\/tr>\n<tr class=\"row-580\">\n\t<td class=\"column-1\">636\/2021<\/td><td class=\"column-2\">636\/2021<\/td><td class=\"column-3\">22\/09\/2021<\/td><td class=\"column-4\">22\/09\/2021<\/td><td class=\"column-5\">Preg\u00e3o\/Ades\u00e3o<\/td><td class=\"column-6\">Menor Pre\u00e7o (Maior Desconto)<\/td><td class=\"column-7\">Contrata\u00e7\u00e3o, em modo de urg\u00eancia, de empresa especializada em presta\u00e7\u00e3o de Servi\u00e7os de Manuten\u00e7\u00e3o Preventiva e Corretiva para a frota veicular do Munic\u00edpio de Lajes\/RN, com fornecimento de pe\u00e7as originais do fabricante ou fornecedor autorizado, incluindo-se todos os servi\u00e7os de mec\u00e2nica em geral, funilaria, pintura, tape\u00e7aria, eletricidade, ar-condicionado, caixa de c\u00e2mbio e outros afins<\/td><td class=\"column-8\">R$ 440.263,50<\/td><td class=\"column-9\">SANTOS &amp; ALVES AUTO SERVICE <\/td><td class=\"column-10\">SANTOS &amp; ALVES AUTO SERVICE <\/td><td class=\"column-11\">28.648.280\/0001-68<\/td><td class=\"column-12\">R$ 440.263,50<\/td><td class=\"column-13\">Encerrada<\/td><td class=\"column-14\">020061117001\/2021\t<\/td><td class=\"column-15\">17\/11\/2021<\/td><td class=\"column-16\"><\/td><td class=\"column-17\"><\/td>\n<\/tr>\n<tr class=\"row-581\">\n\t<td class=\"column-1\">636\/2021<\/td><td class=\"column-2\">636\/2021<\/td><td class=\"column-3\">22\/09\/2021<\/td><td class=\"column-4\">22\/09\/2021<\/td><td class=\"column-5\">Preg\u00e3o\/Ades\u00e3o<\/td><td class=\"column-6\">Menor Pre\u00e7o (Maior Desconto)<\/td><td class=\"column-7\">Contrata\u00e7\u00e3o, em modo de urg\u00eancia, de empresa especializada em presta\u00e7\u00e3o de Servi\u00e7os de Manuten\u00e7\u00e3o Preventiva e Corretiva para a frota veicular do Munic\u00edpio de Lajes\/RN, com fornecimento de pe\u00e7as originais do fabricante ou fornecedor autorizado, incluindo-se todos os servi\u00e7os de mec\u00e2nica em geral, funilaria, pintura, tape\u00e7aria, eletricidade, ar-condicionado, caixa de c\u00e2mbio e outros afins<\/td><td class=\"column-8\">R$ 440.263,50<\/td><td class=\"column-9\">SANTOS &amp; ALVES AUTO SERVICE <\/td><td class=\"column-10\">SANTOS &amp; ALVES AUTO SERVICE <\/td><td class=\"column-11\">28.648.280\/0001-68<\/td><td class=\"column-12\">R$ 440.263,50<\/td><td class=\"column-13\">Encerrada<\/td><td class=\"column-14\">020081117001\/2021\t<\/td><td class=\"column-15\">17\/11\/2021<\/td><td class=\"column-16\"><\/td><td class=\"column-17\"><\/td>\n<\/tr>\n<tr class=\"row-582\">\n\t<td class=\"column-1\">636\/2021<\/td><td class=\"column-2\">636\/2021<\/td><td class=\"column-3\">22\/09\/2021<\/td><td class=\"column-4\">22\/09\/2021<\/td><td class=\"column-5\">Preg\u00e3o\/Ades\u00e3o<\/td><td class=\"column-6\">Menor Pre\u00e7o (Maior Desconto)<\/td><td class=\"column-7\">Contrata\u00e7\u00e3o, em modo de urg\u00eancia, de empresa especializada em presta\u00e7\u00e3o de Servi\u00e7os de Manuten\u00e7\u00e3o Preventiva e Corretiva para a frota veicular do Munic\u00edpio de Lajes\/RN, com fornecimento de pe\u00e7as originais do fabricante ou fornecedor autorizado, incluindo-se todos os servi\u00e7os de mec\u00e2nica em geral, funilaria, pintura, tape\u00e7aria, eletricidade, ar-condicionado, caixa de c\u00e2mbio e outros afins<\/td><td class=\"column-8\">R$ 440.263,50<\/td><td class=\"column-9\">SANTOS &amp; ALVES AUTO SERVICE <\/td><td class=\"column-10\">SANTOS &amp; ALVES AUTO SERVICE <\/td><td class=\"column-11\">28.648.280\/0001-68<\/td><td class=\"column-12\">R$ 440.263,50<\/td><td class=\"column-13\">Encerrada<\/td><td class=\"column-14\">030011119002\/2021\t<\/td><td class=\"column-15\">19\/11\/2021<\/td><td class=\"column-16\"><\/td><td class=\"column-17\"><\/td>\n<\/tr>\n<tr class=\"row-583\">\n\t<td class=\"column-1\">636\/2021<\/td><td class=\"column-2\">636\/2021<\/td><td class=\"column-3\">22\/09\/2021<\/td><td class=\"column-4\">22\/09\/2021<\/td><td class=\"column-5\">Preg\u00e3o\/Ades\u00e3o<\/td><td class=\"column-6\">Menor Pre\u00e7o (Maior Desconto)<\/td><td class=\"column-7\">Contrata\u00e7\u00e3o, em modo de urg\u00eancia, de empresa especializada em presta\u00e7\u00e3o de Servi\u00e7os de Manuten\u00e7\u00e3o Preventiva e Corretiva para a frota veicular do Munic\u00edpio de Lajes\/RN, com fornecimento de pe\u00e7as originais do fabricante ou fornecedor autorizado, incluindo-se todos os servi\u00e7os de mec\u00e2nica em geral, funilaria, pintura, tape\u00e7aria, eletricidade, ar-condicionado, caixa de c\u00e2mbio e outros afins<\/td><td class=\"column-8\">R$ 440.263,50<\/td><td class=\"column-9\">SANTOS &amp; ALVES AUTO SERVICE <\/td><td class=\"column-10\">SANTOS &amp; ALVES AUTO SERVICE <\/td><td class=\"column-11\">28.648.280\/0001-68<\/td><td class=\"column-12\">R$ 440.263,50<\/td><td class=\"column-13\">Encerrada<\/td><td class=\"column-14\">030011117002\/2021\t<\/td><td class=\"column-15\">17\/11\/2021<\/td><td class=\"column-16\"><\/td><td class=\"column-17\"><\/td>\n<\/tr>\n<tr class=\"row-584\">\n\t<td class=\"column-1\">639\/2021<\/td><td class=\"column-2\">639\/2021<\/td><td class=\"column-3\"><\/td><td class=\"column-4\">26\/08\/2021<\/td><td class=\"column-5\">Inexigibilidade<\/td><td class=\"column-6\">Menor Pre\u00e7o Por Item<\/td><td class=\"column-7\">CONTRATA\u00c7\u00c3O DE SERVI\u00c7O DE PUBLICA\u00c7\u00c3O DE ATOS OFICIAIS E DEMAIS MAT\u00c9RIAS DE INTERESSE DA PREFEITURA MUNICIPALE LAJES NO DI\u00c1RIO DO ESTADO DO RIO GRANDE DO NORTE (DOE\/RN)<\/td><td class=\"column-8\">R$ 192,00<\/td><td class=\"column-9\">DEPARTAMENTO ESTADUAL DE IMPRENSA<\/td><td class=\"column-10\"><\/td><td class=\"column-11\"><\/td><td class=\"column-12\"><\/td><td class=\"column-13\">Em edi\u00e7\u00e3o<\/td><td class=\"column-14\"><\/td><td class=\"column-15\"><\/td><td class=\"column-16\"><\/td><td class=\"column-17\"><\/td>\n<\/tr>\n<tr class=\"row-585\">\n\t<td class=\"column-1\">640\/2021<\/td><td class=\"column-2\">640\/2021<\/td><td class=\"column-3\"><\/td><td class=\"column-4\">01\/09\/2021<\/td><td class=\"column-5\">Dispensa<\/td><td class=\"column-6\">Menor Pre\u00e7o Por Item<\/td><td class=\"column-7\">CONTRATA\u00c7\u00c3O DOS SERVI\u00c7OS DE CONSULTORIA ESPECIALIZADA EM DESENVOLVIMENTO TERRITORIAL, POR MEIO DO PROJETO CIDADE EMPREENDEDORA \u2013 CATEGORIA ULTIMATE, NOS EIXOS ESTRAT\u00c9GICOS DA GEST\u00c3O MUNICIPAL, REALIZADOS PELO SERVI\u00c7O DE APOIO \u00c0S MICRO E PEQUENAS EMPRESAS DO RIO GRANDE DO NORTE - SEBRAE\/RN<\/td><td class=\"column-8\">R$ 50.000,00<\/td><td class=\"column-9\">SERVICO DE APOIO AS MICRO E PEQUENAS EMPRESAS DO RN<\/td><td class=\"column-10\">SERVICO DE APOIO AS MICRO E PEQUENAS EMPRESAS DO RN<\/td><td class=\"column-11\">08.060.774\/0001-10<\/td><td class=\"column-12\">R$ 50.000,00<\/td><td class=\"column-13\">Encerrada<\/td><td class=\"column-14\"><\/td><td class=\"column-15\"><\/td><td class=\"column-16\">96\/2021\t<\/td><td class=\"column-17\">14\/10\/2021<\/td>\n<\/tr>\n<tr class=\"row-586\">\n\t<td class=\"column-1\">644\/2021<\/td><td class=\"column-2\">644\/2021<\/td><td class=\"column-3\"><\/td><td class=\"column-4\">30\/08\/2021<\/td><td class=\"column-5\">Dispensa<\/td><td class=\"column-6\">Menor Pre\u00e7o por Lote<\/td><td class=\"column-7\">CONTRATA\u00c7\u00c3O DE PESSOA JUR\u00cdDICA ESPECIALIZADA PARA A REALIZA\u00c7\u00c3O DE PROCEDIMENTO DE BRONCOSCOPIA TRANSBRONQUICA COM ACOMPANHAMENTO RADIOSCOPICO + RETIRADA DE CORPO ESTRANHO BRONQUICO + PNEUMORRAFIA + TORACOSTOMIA EXPLORADORA + TORACOSTOMIA COM DRENAGEM PLEURAL FECHADA E ACOMODA\u00c7\u00c3O AMBULATORIAL, para paciente da Rede Municipal de Sa\u00fade de Lajes\/RN.<\/td><td class=\"column-8\">R$ 42.151,37<\/td><td class=\"column-9\"> Liga Norte Riograndense Contra o C\u00e2ncer, RODRIGO A. V. VIANA EIRELI<\/td><td class=\"column-10\">RODRIGO A. V. VIANA EIRELI<\/td><td class=\"column-11\">16.423.016\/0001-47<\/td><td class=\"column-12\">R$ 35.001,37<\/td><td class=\"column-13\">Encerrada<\/td><td class=\"column-14\">03001830001\/2021\t<\/td><td class=\"column-15\">30\/08\/2021<\/td><td class=\"column-16\"><\/td><td class=\"column-17\"><\/td>\n<\/tr>\n<tr class=\"row-587\">\n\t<td class=\"column-1\">644\/2021<\/td><td class=\"column-2\">644\/2021<\/td><td class=\"column-3\"><\/td><td class=\"column-4\">30\/08\/2021<\/td><td class=\"column-5\">Dispensa<\/td><td class=\"column-6\">Menor Pre\u00e7o por Lote<\/td><td class=\"column-7\">CONTRATA\u00c7\u00c3O DE PESSOA JUR\u00cdDICA ESPECIALIZADA PARA A REALIZA\u00c7\u00c3O DE PROCEDIMENTO DE BRONCOSCOPIA TRANSBRONQUICA COM ACOMPANHAMENTO RADIOSCOPICO + RETIRADA DE CORPO ESTRANHO BRONQUICO + PNEUMORRAFIA + TORACOSTOMIA EXPLORADORA + TORACOSTOMIA COM DRENAGEM PLEURAL FECHADA E ACOMODA\u00c7\u00c3O AMBULATORIAL, para paciente da Rede Municipal de Sa\u00fade de Lajes\/RN.<\/td><td class=\"column-8\">R$ 42.151,37<\/td><td class=\"column-9\"> Liga Norte Riograndense Contra o C\u00e2ncer, RODRIGO A. V. VIANA EIRELI<\/td><td class=\"column-10\">RODRIGO A. V. VIANA EIRELI<\/td><td class=\"column-11\">16.423.016\/0001-47<\/td><td class=\"column-12\">R$ 35.001,37<\/td><td class=\"column-13\">Encerrada<\/td><td class=\"column-14\">03001830003\/2021\t<\/td><td class=\"column-15\">30\/08\/2021<\/td><td class=\"column-16\"><\/td><td class=\"column-17\"><\/td>\n<\/tr>\n<tr class=\"row-588\">\n\t<td class=\"column-1\">644\/2021<\/td><td class=\"column-2\">644\/2021<\/td><td class=\"column-3\"><\/td><td class=\"column-4\">30\/08\/2021<\/td><td class=\"column-5\">Dispensa<\/td><td class=\"column-6\">Menor Pre\u00e7o por Lote<\/td><td class=\"column-7\">CONTRATA\u00c7\u00c3O DE PESSOA JUR\u00cdDICA ESPECIALIZADA PARA A REALIZA\u00c7\u00c3O DE PROCEDIMENTO DE BRONCOSCOPIA TRANSBRONQUICA COM ACOMPANHAMENTO RADIOSCOPICO + RETIRADA DE CORPO ESTRANHO BRONQUICO + PNEUMORRAFIA + TORACOSTOMIA EXPLORADORA + TORACOSTOMIA COM DRENAGEM PLEURAL FECHADA E ACOMODA\u00c7\u00c3O AMBULATORIAL, para paciente da Rede Municipal de Sa\u00fade de Lajes\/RN.<\/td><td class=\"column-8\">R$ 42.151,37<\/td><td class=\"column-9\"> Liga Norte Riograndense Contra o C\u00e2ncer, RODRIGO A. V. VIANA EIRELI<\/td><td class=\"column-10\"> Liga Norte Riograndense Contra o C\u00e2ncer<\/td><td class=\"column-11\">08.428.765\/0001-39<\/td><td class=\"column-12\">R$ 7.150,00<\/td><td class=\"column-13\">Encerrada<\/td><td class=\"column-14\">03001830002\/2021\t<\/td><td class=\"column-15\">30\/08\/2021<\/td><td class=\"column-16\"><\/td><td class=\"column-17\"><\/td>\n<\/tr>\n<tr class=\"row-589\">\n\t<td class=\"column-1\">645\/2021<\/td><td class=\"column-2\">645\/2021<\/td><td class=\"column-3\">15\/09\/2021<\/td><td class=\"column-4\">27\/09\/2021<\/td><td class=\"column-5\">Preg\u00e3o Eletr\u00f4nico<\/td><td class=\"column-6\">Menor Pre\u00e7o Por Item<\/td><td class=\"column-7\">AQUISI\u00c7\u00c3O GRADATIVA DE MEDICAMENTOS PSICOTR\u00d3PICOS PARA ATENDER AS NECESSIDADES DA SECRETARIA MUNICIPAL DE SA\u00daDE<\/td><td class=\"column-8\">R$ 1.094.860,00<\/td><td class=\"column-9\">ARTMED COMERCIAL EIRELI, CIRUFARMA COMERCIAL LTDA, H MED COMERCIAL DE MEDICAMENTOS E MATERIAL HOSPITALAR LTDA, STOCK MED PRODUTOS MEDICO-HOSPITALARES LTDA, SUPERFIO COMERCIO DE PRODUTOS MEDICOS E HOSPITALARES LTDA, WERBRAN DISTRIBUIDORA DE MEDICAMENTOS LTDA<\/td><td class=\"column-10\">ARTMED COMERCIAL EIRELI<\/td><td class=\"column-11\">04.361.467\/0001-18<\/td><td class=\"column-12\">R$ 224.997,00<\/td><td class=\"column-13\">Encerrada<\/td><td class=\"column-14\">030011018003\/2021\t<\/td><td class=\"column-15\">18\/10\/2021<\/td><td class=\"column-16\"><\/td><td class=\"column-17\"><\/td>\n<\/tr>\n<tr class=\"row-590\">\n\t<td class=\"column-1\">645\/2021<\/td><td class=\"column-2\">645\/2021<\/td><td class=\"column-3\">15\/09\/2021<\/td><td class=\"column-4\">27\/09\/2021<\/td><td class=\"column-5\">Preg\u00e3o Eletr\u00f4nico<\/td><td class=\"column-6\">Menor Pre\u00e7o Por Item<\/td><td class=\"column-7\">AQUISI\u00c7\u00c3O GRADATIVA DE MEDICAMENTOS PSICOTR\u00d3PICOS PARA ATENDER AS NECESSIDADES DA SECRETARIA MUNICIPAL DE SA\u00daDE<\/td><td class=\"column-8\">R$ 1.094.860,00<\/td><td class=\"column-9\">ARTMED COMERCIAL EIRELI, CIRUFARMA COMERCIAL LTDA, H MED COMERCIAL DE MEDICAMENTOS E MATERIAL HOSPITALAR LTDA, STOCK MED PRODUTOS MEDICO-HOSPITALARES LTDA, SUPERFIO COMERCIO DE PRODUTOS MEDICOS E HOSPITALARES LTDA, WERBRAN DISTRIBUIDORA DE MEDICAMENTOS LTDA<\/td><td class=\"column-10\">ARTMED COMERCIAL EIRELI<\/td><td class=\"column-11\">04.361.467\/0001-18<\/td><td class=\"column-12\">R$ 224.997,00<\/td><td class=\"column-13\">Encerrada<\/td><td class=\"column-14\">030011008003\/2021\t<\/td><td class=\"column-15\">08\/10\/2021<\/td><td class=\"column-16\"><\/td><td class=\"column-17\"><\/td>\n<\/tr>\n<tr class=\"row-591\">\n\t<td class=\"column-1\">645\/2021<\/td><td class=\"column-2\">645\/2021<\/td><td class=\"column-3\">15\/09\/2021<\/td><td class=\"column-4\">27\/09\/2021<\/td><td class=\"column-5\">Preg\u00e3o Eletr\u00f4nico<\/td><td class=\"column-6\">Menor Pre\u00e7o Por Item<\/td><td class=\"column-7\">AQUISI\u00c7\u00c3O GRADATIVA DE MEDICAMENTOS PSICOTR\u00d3PICOS PARA ATENDER AS NECESSIDADES DA SECRETARIA MUNICIPAL DE SA\u00daDE<\/td><td class=\"column-8\">R$ 1.094.860,00<\/td><td class=\"column-9\">ARTMED COMERCIAL EIRELI, CIRUFARMA COMERCIAL LTDA, H MED COMERCIAL DE MEDICAMENTOS E MATERIAL HOSPITALAR LTDA, STOCK MED PRODUTOS MEDICO-HOSPITALARES LTDA, SUPERFIO COMERCIO DE PRODUTOS MEDICOS E HOSPITALARES LTDA, WERBRAN DISTRIBUIDORA DE MEDICAMENTOS LTDA<\/td><td class=\"column-10\">ARTMED COMERCIAL EIRELI<\/td><td class=\"column-11\">04.361.467\/0001-18<\/td><td class=\"column-12\">R$ 224.997,00<\/td><td class=\"column-13\">Encerrada<\/td><td class=\"column-14\">030011001010\/2021\t<\/td><td class=\"column-15\">04\/10\/2021<\/td><td class=\"column-16\"><\/td><td class=\"column-17\"><\/td>\n<\/tr>\n<tr class=\"row-592\">\n\t<td class=\"column-1\">645\/2021<\/td><td class=\"column-2\">645\/2021<\/td><td class=\"column-3\">15\/09\/2021<\/td><td class=\"column-4\">27\/09\/2021<\/td><td class=\"column-5\">Preg\u00e3o Eletr\u00f4nico<\/td><td class=\"column-6\">Menor Pre\u00e7o Por Item<\/td><td class=\"column-7\">AQUISI\u00c7\u00c3O GRADATIVA DE MEDICAMENTOS PSICOTR\u00d3PICOS PARA ATENDER AS NECESSIDADES DA SECRETARIA MUNICIPAL DE SA\u00daDE<\/td><td class=\"column-8\">R$ 1.094.860,00<\/td><td class=\"column-9\">ARTMED COMERCIAL EIRELI, CIRUFARMA COMERCIAL LTDA, H MED COMERCIAL DE MEDICAMENTOS E MATERIAL HOSPITALAR LTDA, STOCK MED PRODUTOS MEDICO-HOSPITALARES LTDA, SUPERFIO COMERCIO DE PRODUTOS MEDICOS E HOSPITALARES LTDA, WERBRAN DISTRIBUIDORA DE MEDICAMENTOS LTDA<\/td><td class=\"column-10\">ARTMED COMERCIAL EIRELI<\/td><td class=\"column-11\">04.361.467\/0001-18<\/td><td class=\"column-12\">R$ 224.997,00<\/td><td class=\"column-13\">Encerrada<\/td><td class=\"column-14\">030011116003\/2021\t<\/td><td class=\"column-15\">16\/11\/2021<\/td><td class=\"column-16\"><\/td><td class=\"column-17\"><\/td>\n<\/tr>\n<tr class=\"row-593\">\n\t<td class=\"column-1\">645\/2021<\/td><td class=\"column-2\">645\/2021<\/td><td class=\"column-3\">15\/09\/2021<\/td><td class=\"column-4\">27\/09\/2021<\/td><td class=\"column-5\">Preg\u00e3o Eletr\u00f4nico<\/td><td class=\"column-6\">Menor Pre\u00e7o Por Item<\/td><td class=\"column-7\">AQUISI\u00c7\u00c3O GRADATIVA DE MEDICAMENTOS PSICOTR\u00d3PICOS PARA ATENDER AS NECESSIDADES DA SECRETARIA MUNICIPAL DE SA\u00daDE<\/td><td class=\"column-8\">R$ 1.094.860,00<\/td><td class=\"column-9\">ARTMED COMERCIAL EIRELI, CIRUFARMA COMERCIAL LTDA, H MED COMERCIAL DE MEDICAMENTOS E MATERIAL HOSPITALAR LTDA, STOCK MED PRODUTOS MEDICO-HOSPITALARES LTDA, SUPERFIO COMERCIO DE PRODUTOS MEDICOS E HOSPITALARES LTDA, WERBRAN DISTRIBUIDORA DE MEDICAMENTOS LTDA<\/td><td class=\"column-10\">CIRUFARMA COMERCIAL LTDA<\/td><td class=\"column-11\">40.787.152\/0001-09<\/td><td class=\"column-12\">R$ 154.955,00<\/td><td class=\"column-13\">Encerrada<\/td><td class=\"column-14\">030011018001\/2021\t<\/td><td class=\"column-15\">18\/10\/2021<\/td><td class=\"column-16\"><\/td><td class=\"column-17\"><\/td>\n<\/tr>\n<tr class=\"row-594\">\n\t<td class=\"column-1\">645\/2021<\/td><td class=\"column-2\">645\/2021<\/td><td class=\"column-3\">15\/09\/2021<\/td><td class=\"column-4\">27\/09\/2021<\/td><td class=\"column-5\">Preg\u00e3o Eletr\u00f4nico<\/td><td class=\"column-6\">Menor Pre\u00e7o Por Item<\/td><td class=\"column-7\">AQUISI\u00c7\u00c3O GRADATIVA DE MEDICAMENTOS PSICOTR\u00d3PICOS PARA ATENDER AS NECESSIDADES DA SECRETARIA MUNICIPAL DE SA\u00daDE<\/td><td class=\"column-8\">R$ 1.094.860,00<\/td><td class=\"column-9\">ARTMED COMERCIAL EIRELI, CIRUFARMA COMERCIAL LTDA, H MED COMERCIAL DE MEDICAMENTOS E MATERIAL HOSPITALAR LTDA, STOCK MED PRODUTOS MEDICO-HOSPITALARES LTDA, SUPERFIO COMERCIO DE PRODUTOS MEDICOS E HOSPITALARES LTDA, WERBRAN DISTRIBUIDORA DE MEDICAMENTOS LTDA<\/td><td class=\"column-10\">CIRUFARMA COMERCIAL LTDA<\/td><td class=\"column-11\">40.787.152\/0001-09<\/td><td class=\"column-12\">R$ 154.955,00<\/td><td class=\"column-13\">Encerrada<\/td><td class=\"column-14\">030011018002\/2021\t<\/td><td class=\"column-15\">18\/10\/2021<\/td><td class=\"column-16\"><\/td><td class=\"column-17\"><\/td>\n<\/tr>\n<tr class=\"row-595\">\n\t<td class=\"column-1\">645\/2021<\/td><td class=\"column-2\">645\/2021<\/td><td class=\"column-3\">15\/09\/2021<\/td><td class=\"column-4\">27\/09\/2021<\/td><td class=\"column-5\">Preg\u00e3o Eletr\u00f4nico<\/td><td class=\"column-6\">Menor Pre\u00e7o Por Item<\/td><td class=\"column-7\">AQUISI\u00c7\u00c3O GRADATIVA DE MEDICAMENTOS PSICOTR\u00d3PICOS PARA ATENDER AS NECESSIDADES DA SECRETARIA MUNICIPAL DE SA\u00daDE<\/td><td class=\"column-8\">R$ 1.094.860,00<\/td><td class=\"column-9\">ARTMED COMERCIAL EIRELI, CIRUFARMA COMERCIAL LTDA, H MED COMERCIAL DE MEDICAMENTOS E MATERIAL HOSPITALAR LTDA, STOCK MED PRODUTOS MEDICO-HOSPITALARES LTDA, SUPERFIO COMERCIO DE PRODUTOS MEDICOS E HOSPITALARES LTDA, WERBRAN DISTRIBUIDORA DE MEDICAMENTOS LTDA<\/td><td class=\"column-10\">CIRUFARMA COMERCIAL LTDA<\/td><td class=\"column-11\">40.787.152\/0001-09<\/td><td class=\"column-12\">R$ 154.955,00<\/td><td class=\"column-13\">Encerrada<\/td><td class=\"column-14\">030011018004\/2021\t<\/td><td class=\"column-15\">18\/10\/2021<\/td><td class=\"column-16\"><\/td><td class=\"column-17\"><\/td>\n<\/tr>\n<tr class=\"row-596\">\n\t<td class=\"column-1\">645\/2021<\/td><td class=\"column-2\">645\/2021<\/td><td class=\"column-3\">15\/09\/2021<\/td><td class=\"column-4\">27\/09\/2021<\/td><td class=\"column-5\">Preg\u00e3o Eletr\u00f4nico<\/td><td class=\"column-6\">Menor Pre\u00e7o Por Item<\/td><td class=\"column-7\">AQUISI\u00c7\u00c3O GRADATIVA DE MEDICAMENTOS PSICOTR\u00d3PICOS PARA ATENDER AS NECESSIDADES DA SECRETARIA MUNICIPAL DE SA\u00daDE<\/td><td class=\"column-8\">R$ 1.094.860,00<\/td><td class=\"column-9\">ARTMED COMERCIAL EIRELI, CIRUFARMA COMERCIAL LTDA, H MED COMERCIAL DE MEDICAMENTOS E MATERIAL HOSPITALAR LTDA, STOCK MED PRODUTOS MEDICO-HOSPITALARES LTDA, SUPERFIO COMERCIO DE PRODUTOS MEDICOS E HOSPITALARES LTDA, WERBRAN DISTRIBUIDORA DE MEDICAMENTOS LTDA<\/td><td class=\"column-10\">CIRUFARMA COMERCIAL LTDA<\/td><td class=\"column-11\">40.787.152\/0001-09<\/td><td class=\"column-12\">R$ 154.955,00<\/td><td class=\"column-13\">Encerrada<\/td><td class=\"column-14\">030011008002\/2021\t<\/td><td class=\"column-15\">08\/10\/2021<\/td><td class=\"column-16\"><\/td><td class=\"column-17\"><\/td>\n<\/tr>\n<tr class=\"row-597\">\n\t<td class=\"column-1\">645\/2021<\/td><td class=\"column-2\">645\/2021<\/td><td class=\"column-3\">15\/09\/2021<\/td><td class=\"column-4\">27\/09\/2021<\/td><td class=\"column-5\">Preg\u00e3o Eletr\u00f4nico<\/td><td class=\"column-6\">Menor Pre\u00e7o Por Item<\/td><td class=\"column-7\">AQUISI\u00c7\u00c3O GRADATIVA DE MEDICAMENTOS PSICOTR\u00d3PICOS PARA ATENDER AS NECESSIDADES DA SECRETARIA MUNICIPAL DE SA\u00daDE<\/td><td class=\"column-8\">R$ 1.094.860,00<\/td><td class=\"column-9\">ARTMED COMERCIAL EIRELI, CIRUFARMA COMERCIAL LTDA, H MED COMERCIAL DE MEDICAMENTOS E MATERIAL HOSPITALAR LTDA, STOCK MED PRODUTOS MEDICO-HOSPITALARES LTDA, SUPERFIO COMERCIO DE PRODUTOS MEDICOS E HOSPITALARES LTDA, WERBRAN DISTRIBUIDORA DE MEDICAMENTOS LTDA<\/td><td class=\"column-10\">CIRUFARMA COMERCIAL LTDA<\/td><td class=\"column-11\">40.787.152\/0001-09<\/td><td class=\"column-12\">R$ 154.955,00<\/td><td class=\"column-13\">Encerrada<\/td><td class=\"column-14\">030011008004\/2021\t<\/td><td class=\"column-15\">08\/10\/2021<\/td><td class=\"column-16\"><\/td><td class=\"column-17\"><\/td>\n<\/tr>\n<tr class=\"row-598\">\n\t<td class=\"column-1\">645\/2021<\/td><td class=\"column-2\">645\/2021<\/td><td class=\"column-3\">15\/09\/2021<\/td><td class=\"column-4\">27\/09\/2021<\/td><td class=\"column-5\">Preg\u00e3o Eletr\u00f4nico<\/td><td class=\"column-6\">Menor Pre\u00e7o Por Item<\/td><td class=\"column-7\">AQUISI\u00c7\u00c3O GRADATIVA DE MEDICAMENTOS PSICOTR\u00d3PICOS PARA ATENDER AS NECESSIDADES DA SECRETARIA MUNICIPAL DE SA\u00daDE<\/td><td class=\"column-8\">R$ 1.094.860,00<\/td><td class=\"column-9\">ARTMED COMERCIAL EIRELI, CIRUFARMA COMERCIAL LTDA, H MED COMERCIAL DE MEDICAMENTOS E MATERIAL HOSPITALAR LTDA, STOCK MED PRODUTOS MEDICO-HOSPITALARES LTDA, SUPERFIO COMERCIO DE PRODUTOS MEDICOS E HOSPITALARES LTDA, WERBRAN DISTRIBUIDORA DE MEDICAMENTOS LTDA<\/td><td class=\"column-10\">CIRUFARMA COMERCIAL LTDA<\/td><td class=\"column-11\">40.787.152\/0001-09<\/td><td class=\"column-12\">R$ 154.955,00<\/td><td class=\"column-13\">Encerrada<\/td><td class=\"column-14\">030011018005\/2021\t<\/td><td class=\"column-15\">18\/10\/2021<\/td><td class=\"column-16\"><\/td><td class=\"column-17\"><\/td>\n<\/tr>\n<tr class=\"row-599\">\n\t<td class=\"column-1\">645\/2021<\/td><td class=\"column-2\">645\/2021<\/td><td class=\"column-3\">15\/09\/2021<\/td><td class=\"column-4\">27\/09\/2021<\/td><td class=\"column-5\">Preg\u00e3o Eletr\u00f4nico<\/td><td class=\"column-6\">Menor Pre\u00e7o Por Item<\/td><td class=\"column-7\">AQUISI\u00c7\u00c3O GRADATIVA DE MEDICAMENTOS PSICOTR\u00d3PICOS PARA ATENDER AS NECESSIDADES DA SECRETARIA MUNICIPAL DE SA\u00daDE<\/td><td class=\"column-8\">R$ 1.094.860,00<\/td><td class=\"column-9\">ARTMED COMERCIAL EIRELI, CIRUFARMA COMERCIAL LTDA, H MED COMERCIAL DE MEDICAMENTOS E MATERIAL HOSPITALAR LTDA, STOCK MED PRODUTOS MEDICO-HOSPITALARES LTDA, SUPERFIO COMERCIO DE PRODUTOS MEDICOS E HOSPITALARES LTDA, WERBRAN DISTRIBUIDORA DE MEDICAMENTOS LTDA<\/td><td class=\"column-10\">CIRUFARMA COMERCIAL LTDA<\/td><td class=\"column-11\">40.787.152\/0001-09<\/td><td class=\"column-12\">R$ 154.955,00<\/td><td class=\"column-13\">Encerrada<\/td><td class=\"column-14\">030011004002\/2021\t<\/td><td class=\"column-15\">04\/10\/2021<\/td><td class=\"column-16\"><\/td><td class=\"column-17\"><\/td>\n<\/tr>\n<tr class=\"row-600\">\n\t<td class=\"column-1\">645\/2021<\/td><td class=\"column-2\">645\/2021<\/td><td class=\"column-3\">15\/09\/2021<\/td><td class=\"column-4\">27\/09\/2021<\/td><td class=\"column-5\">Preg\u00e3o Eletr\u00f4nico<\/td><td class=\"column-6\">Menor Pre\u00e7o Por Item<\/td><td class=\"column-7\">AQUISI\u00c7\u00c3O GRADATIVA DE MEDICAMENTOS PSICOTR\u00d3PICOS PARA ATENDER AS NECESSIDADES DA SECRETARIA MUNICIPAL DE SA\u00daDE<\/td><td class=\"column-8\">R$ 1.094.860,00<\/td><td class=\"column-9\">ARTMED COMERCIAL EIRELI, CIRUFARMA COMERCIAL LTDA, H MED COMERCIAL DE MEDICAMENTOS E MATERIAL HOSPITALAR LTDA, STOCK MED PRODUTOS MEDICO-HOSPITALARES LTDA, SUPERFIO COMERCIO DE PRODUTOS MEDICOS E HOSPITALARES LTDA, WERBRAN DISTRIBUIDORA DE MEDICAMENTOS LTDA<\/td><td class=\"column-10\">CIRUFARMA COMERCIAL LTDA<\/td><td class=\"column-11\">40.787.152\/0001-09<\/td><td class=\"column-12\">R$ 154.955,00<\/td><td class=\"column-13\">Encerrada<\/td><td class=\"column-14\">030011126001\/2021\t<\/td><td class=\"column-15\">26\/11\/2021<\/td><td class=\"column-16\"><\/td><td class=\"column-17\"><\/td>\n<\/tr>\n<tr class=\"row-601\">\n\t<td class=\"column-1\">645\/2021<\/td><td class=\"column-2\">645\/2021<\/td><td class=\"column-3\">15\/09\/2021<\/td><td class=\"column-4\">27\/09\/2021<\/td><td class=\"column-5\">Preg\u00e3o Eletr\u00f4nico<\/td><td class=\"column-6\">Menor Pre\u00e7o Por Item<\/td><td class=\"column-7\">AQUISI\u00c7\u00c3O GRADATIVA DE MEDICAMENTOS PSICOTR\u00d3PICOS PARA ATENDER AS NECESSIDADES DA SECRETARIA MUNICIPAL DE SA\u00daDE<\/td><td class=\"column-8\">R$ 1.094.860,00<\/td><td class=\"column-9\">ARTMED COMERCIAL EIRELI, CIRUFARMA COMERCIAL LTDA, H MED COMERCIAL DE MEDICAMENTOS E MATERIAL HOSPITALAR LTDA, STOCK MED PRODUTOS MEDICO-HOSPITALARES LTDA, SUPERFIO COMERCIO DE PRODUTOS MEDICOS E HOSPITALARES LTDA, WERBRAN DISTRIBUIDORA DE MEDICAMENTOS LTDA<\/td><td class=\"column-10\">CIRUFARMA COMERCIAL LTDA<\/td><td class=\"column-11\">40.787.152\/0001-09<\/td><td class=\"column-12\">R$ 154.955,00<\/td><td class=\"column-13\">Encerrada<\/td><td class=\"column-14\">030011116005\/2021\t<\/td><td class=\"column-15\">16\/11\/2021<\/td><td class=\"column-16\"><\/td><td class=\"column-17\"><\/td>\n<\/tr>\n<tr class=\"row-602\">\n\t<td class=\"column-1\">645\/2021<\/td><td class=\"column-2\">645\/2021<\/td><td class=\"column-3\">15\/09\/2021<\/td><td class=\"column-4\">27\/09\/2021<\/td><td class=\"column-5\">Preg\u00e3o Eletr\u00f4nico<\/td><td class=\"column-6\">Menor Pre\u00e7o Por Item<\/td><td class=\"column-7\">AQUISI\u00c7\u00c3O GRADATIVA DE MEDICAMENTOS PSICOTR\u00d3PICOS PARA ATENDER AS NECESSIDADES DA SECRETARIA MUNICIPAL DE SA\u00daDE<\/td><td class=\"column-8\">R$ 1.094.860,00<\/td><td class=\"column-9\">ARTMED COMERCIAL EIRELI, CIRUFARMA COMERCIAL LTDA, H MED COMERCIAL DE MEDICAMENTOS E MATERIAL HOSPITALAR LTDA, STOCK MED PRODUTOS MEDICO-HOSPITALARES LTDA, SUPERFIO COMERCIO DE PRODUTOS MEDICOS E HOSPITALARES LTDA, WERBRAN DISTRIBUIDORA DE MEDICAMENTOS LTDA<\/td><td class=\"column-10\">H MED COMERCIAL DE MEDICAMENTOS E MATERIAL HOSPITALAR LTDA<\/td><td class=\"column-11\">07.932.265\/0001-77<\/td><td class=\"column-12\">R$ 22.500,00<\/td><td class=\"column-13\">Encerrada<\/td><td class=\"column-14\">030011004001\/2021\t<\/td><td class=\"column-15\">04\/10\/2021<\/td><td class=\"column-16\"><\/td><td class=\"column-17\"><\/td>\n<\/tr>\n<tr class=\"row-603\">\n\t<td class=\"column-1\">645\/2021<\/td><td class=\"column-2\">645\/2021<\/td><td class=\"column-3\">15\/09\/2021<\/td><td class=\"column-4\">27\/09\/2021<\/td><td class=\"column-5\">Preg\u00e3o Eletr\u00f4nico<\/td><td class=\"column-6\">Menor Pre\u00e7o Por Item<\/td><td class=\"column-7\">AQUISI\u00c7\u00c3O GRADATIVA DE MEDICAMENTOS PSICOTR\u00d3PICOS PARA ATENDER AS NECESSIDADES DA SECRETARIA MUNICIPAL DE SA\u00daDE<\/td><td class=\"column-8\">R$ 1.094.860,00<\/td><td class=\"column-9\">ARTMED COMERCIAL EIRELI, CIRUFARMA COMERCIAL LTDA, H MED COMERCIAL DE MEDICAMENTOS E MATERIAL HOSPITALAR LTDA, STOCK MED PRODUTOS MEDICO-HOSPITALARES LTDA, SUPERFIO COMERCIO DE PRODUTOS MEDICOS E HOSPITALARES LTDA, WERBRAN DISTRIBUIDORA DE MEDICAMENTOS LTDA<\/td><td class=\"column-10\">H MED COMERCIAL DE MEDICAMENTOS E MATERIAL HOSPITALAR LTDA<\/td><td class=\"column-11\">07.932.265\/0001-77<\/td><td class=\"column-12\">R$ 22.500,00<\/td><td class=\"column-13\">Encerrada<\/td><td class=\"column-14\">030011116004\/2021\t<\/td><td class=\"column-15\">16\/11\/2021<\/td><td class=\"column-16\"><\/td><td class=\"column-17\"><\/td>\n<\/tr>\n<tr class=\"row-604\">\n\t<td class=\"column-1\">645\/2021<\/td><td class=\"column-2\">645\/2021<\/td><td class=\"column-3\">15\/09\/2021<\/td><td class=\"column-4\">27\/09\/2021<\/td><td class=\"column-5\">Preg\u00e3o Eletr\u00f4nico<\/td><td class=\"column-6\">Menor Pre\u00e7o Por Item<\/td><td class=\"column-7\">AQUISI\u00c7\u00c3O GRADATIVA DE MEDICAMENTOS PSICOTR\u00d3PICOS PARA ATENDER AS NECESSIDADES DA SECRETARIA MUNICIPAL DE SA\u00daDE<\/td><td class=\"column-8\">R$ 1.094.860,00<\/td><td class=\"column-9\">ARTMED COMERCIAL EIRELI, CIRUFARMA COMERCIAL LTDA, H MED COMERCIAL DE MEDICAMENTOS E MATERIAL HOSPITALAR LTDA, STOCK MED PRODUTOS MEDICO-HOSPITALARES LTDA, SUPERFIO COMERCIO DE PRODUTOS MEDICOS E HOSPITALARES LTDA, WERBRAN DISTRIBUIDORA DE MEDICAMENTOS LTDA<\/td><td class=\"column-10\">STOCK MED PRODUTOS MEDICO-HOSPITALARES LTDA<\/td><td class=\"column-11\">06.106.005\/0001-80<\/td><td class=\"column-12\">R$ 54.880,00<\/td><td class=\"column-13\">Encerrada<\/td><td class=\"column-14\">030011004011\/2021\t<\/td><td class=\"column-15\">04\/10\/2021<\/td><td class=\"column-16\"><\/td><td class=\"column-17\"><\/td>\n<\/tr>\n<tr class=\"row-605\">\n\t<td class=\"column-1\">645\/2021<\/td><td class=\"column-2\">645\/2021<\/td><td class=\"column-3\">15\/09\/2021<\/td><td class=\"column-4\">27\/09\/2021<\/td><td class=\"column-5\">Preg\u00e3o Eletr\u00f4nico<\/td><td class=\"column-6\">Menor Pre\u00e7o Por Item<\/td><td class=\"column-7\">AQUISI\u00c7\u00c3O GRADATIVA DE MEDICAMENTOS PSICOTR\u00d3PICOS PARA ATENDER AS NECESSIDADES DA SECRETARIA MUNICIPAL DE SA\u00daDE<\/td><td class=\"column-8\">R$ 1.094.860,00<\/td><td class=\"column-9\">ARTMED COMERCIAL EIRELI, CIRUFARMA COMERCIAL LTDA, H MED COMERCIAL DE MEDICAMENTOS E MATERIAL HOSPITALAR LTDA, STOCK MED PRODUTOS MEDICO-HOSPITALARES LTDA, SUPERFIO COMERCIO DE PRODUTOS MEDICOS E HOSPITALARES LTDA, WERBRAN DISTRIBUIDORA DE MEDICAMENTOS LTDA<\/td><td class=\"column-10\">STOCK MED PRODUTOS MEDICO-HOSPITALARES LTDA<\/td><td class=\"column-11\">06.106.005\/0001-80<\/td><td class=\"column-12\">R$ 54.880,00<\/td><td class=\"column-13\">Encerrada<\/td><td class=\"column-14\">030011116001\/2021\t<\/td><td class=\"column-15\">16\/11\/2021<\/td><td class=\"column-16\"><\/td><td class=\"column-17\"><\/td>\n<\/tr>\n<tr class=\"row-606\">\n\t<td class=\"column-1\">645\/2021<\/td><td class=\"column-2\">645\/2021<\/td><td class=\"column-3\">15\/09\/2021<\/td><td class=\"column-4\">27\/09\/2021<\/td><td class=\"column-5\">Preg\u00e3o Eletr\u00f4nico<\/td><td class=\"column-6\">Menor Pre\u00e7o Por Item<\/td><td class=\"column-7\">AQUISI\u00c7\u00c3O GRADATIVA DE MEDICAMENTOS PSICOTR\u00d3PICOS PARA ATENDER AS NECESSIDADES DA SECRETARIA MUNICIPAL DE SA\u00daDE<\/td><td class=\"column-8\">R$ 1.094.860,00<\/td><td class=\"column-9\">ARTMED COMERCIAL EIRELI, CIRUFARMA COMERCIAL LTDA, H MED COMERCIAL DE MEDICAMENTOS E MATERIAL HOSPITALAR LTDA, STOCK MED PRODUTOS MEDICO-HOSPITALARES LTDA, SUPERFIO COMERCIO DE PRODUTOS MEDICOS E HOSPITALARES LTDA, WERBRAN DISTRIBUIDORA DE MEDICAMENTOS LTDA<\/td><td class=\"column-10\">SUPERFIO COMERCIO DE PRODUTOS MEDICOS E HOSPITALARES LTDA<\/td><td class=\"column-11\">05.675.713\/0001-79<\/td><td class=\"column-12\">R$ 38.700,00<\/td><td class=\"column-13\">Encerrada<\/td><td class=\"column-14\">030011004013\/2021\t<\/td><td class=\"column-15\">04\/10\/2021<\/td><td class=\"column-16\"><\/td><td class=\"column-17\"><\/td>\n<\/tr>\n<tr class=\"row-607\">\n\t<td class=\"column-1\">645\/2021<\/td><td class=\"column-2\">645\/2021<\/td><td class=\"column-3\">15\/09\/2021<\/td><td class=\"column-4\">27\/09\/2021<\/td><td class=\"column-5\">Preg\u00e3o Eletr\u00f4nico<\/td><td class=\"column-6\">Menor Pre\u00e7o Por Item<\/td><td class=\"column-7\">AQUISI\u00c7\u00c3O GRADATIVA DE MEDICAMENTOS PSICOTR\u00d3PICOS PARA ATENDER AS NECESSIDADES DA SECRETARIA MUNICIPAL DE SA\u00daDE<\/td><td class=\"column-8\">R$ 1.094.860,00<\/td><td class=\"column-9\">ARTMED COMERCIAL EIRELI, CIRUFARMA COMERCIAL LTDA, H MED COMERCIAL DE MEDICAMENTOS E MATERIAL HOSPITALAR LTDA, STOCK MED PRODUTOS MEDICO-HOSPITALARES LTDA, SUPERFIO COMERCIO DE PRODUTOS MEDICOS E HOSPITALARES LTDA, WERBRAN DISTRIBUIDORA DE MEDICAMENTOS LTDA<\/td><td class=\"column-10\">SUPERFIO COMERCIO DE PRODUTOS MEDICOS E HOSPITALARES LTDA<\/td><td class=\"column-11\">05.675.713\/0001-79<\/td><td class=\"column-12\">R$ 38.700,00<\/td><td class=\"column-13\">Encerrada<\/td><td class=\"column-14\">030011116002\/2021\t<\/td><td class=\"column-15\">16\/11\/2021<\/td><td class=\"column-16\"><\/td><td class=\"column-17\"><\/td>\n<\/tr>\n<tr class=\"row-608\">\n\t<td class=\"column-1\">645\/2021<\/td><td class=\"column-2\">645\/2021<\/td><td class=\"column-3\">15\/09\/2021<\/td><td class=\"column-4\">27\/09\/2021<\/td><td class=\"column-5\">Preg\u00e3o Eletr\u00f4nico<\/td><td class=\"column-6\">Menor Pre\u00e7o Por Item<\/td><td class=\"column-7\">AQUISI\u00c7\u00c3O GRADATIVA DE MEDICAMENTOS PSICOTR\u00d3PICOS PARA ATENDER AS NECESSIDADES DA SECRETARIA MUNICIPAL DE SA\u00daDE<\/td><td class=\"column-8\">R$ 1.094.860,00<\/td><td class=\"column-9\">ARTMED COMERCIAL EIRELI, CIRUFARMA COMERCIAL LTDA, H MED COMERCIAL DE MEDICAMENTOS E MATERIAL HOSPITALAR LTDA, STOCK MED PRODUTOS MEDICO-HOSPITALARES LTDA, SUPERFIO COMERCIO DE PRODUTOS MEDICOS E HOSPITALARES LTDA, WERBRAN DISTRIBUIDORA DE MEDICAMENTOS LTDA<\/td><td class=\"column-10\">WERBRAN DISTRIBUIDORA DE MEDICAMENTOS LTDA<\/td><td class=\"column-11\">04.372.020\/0001-44<\/td><td class=\"column-12\">R$ 79.350,00<\/td><td class=\"column-13\">Encerrada<\/td><td class=\"column-14\">030011008005\/2021\t<\/td><td class=\"column-15\">08\/10\/2021<\/td><td class=\"column-16\"><\/td><td class=\"column-17\"><\/td>\n<\/tr>\n<tr class=\"row-609\">\n\t<td class=\"column-1\">645\/2021<\/td><td class=\"column-2\">645\/2021<\/td><td class=\"column-3\">15\/09\/2021<\/td><td class=\"column-4\">27\/09\/2021<\/td><td class=\"column-5\">Preg\u00e3o Eletr\u00f4nico<\/td><td class=\"column-6\">Menor Pre\u00e7o Por Item<\/td><td class=\"column-7\">AQUISI\u00c7\u00c3O GRADATIVA DE MEDICAMENTOS PSICOTR\u00d3PICOS PARA ATENDER AS NECESSIDADES DA SECRETARIA MUNICIPAL DE SA\u00daDE<\/td><td class=\"column-8\">R$ 1.094.860,00<\/td><td class=\"column-9\">ARTMED COMERCIAL EIRELI, CIRUFARMA COMERCIAL LTDA, H MED COMERCIAL DE MEDICAMENTOS E MATERIAL HOSPITALAR LTDA, STOCK MED PRODUTOS MEDICO-HOSPITALARES LTDA, SUPERFIO COMERCIO DE PRODUTOS MEDICOS E HOSPITALARES LTDA, WERBRAN DISTRIBUIDORA DE MEDICAMENTOS LTDA<\/td><td class=\"column-10\">WERBRAN DISTRIBUIDORA DE MEDICAMENTOS LTDA<\/td><td class=\"column-11\">04.372.020\/0001-44<\/td><td class=\"column-12\">R$ 79.350,00<\/td><td class=\"column-13\">Encerrada<\/td><td class=\"column-14\">030011008006\/2021\t<\/td><td class=\"column-15\">08\/10\/2021<\/td><td class=\"column-16\"><\/td><td class=\"column-17\"><\/td>\n<\/tr>\n<tr class=\"row-610\">\n\t<td class=\"column-1\">645\/2021<\/td><td class=\"column-2\">645\/2021<\/td><td class=\"column-3\">15\/09\/2021<\/td><td class=\"column-4\">27\/09\/2021<\/td><td class=\"column-5\">Preg\u00e3o Eletr\u00f4nico<\/td><td class=\"column-6\">Menor Pre\u00e7o Por Item<\/td><td class=\"column-7\">AQUISI\u00c7\u00c3O GRADATIVA DE MEDICAMENTOS PSICOTR\u00d3PICOS PARA ATENDER AS NECESSIDADES DA SECRETARIA MUNICIPAL DE SA\u00daDE<\/td><td class=\"column-8\">R$ 1.094.860,00<\/td><td class=\"column-9\">ARTMED COMERCIAL EIRELI, CIRUFARMA COMERCIAL LTDA, H MED COMERCIAL DE MEDICAMENTOS E MATERIAL HOSPITALAR LTDA, STOCK MED PRODUTOS MEDICO-HOSPITALARES LTDA, SUPERFIO COMERCIO DE PRODUTOS MEDICOS E HOSPITALARES LTDA, WERBRAN DISTRIBUIDORA DE MEDICAMENTOS LTDA<\/td><td class=\"column-10\">WERBRAN DISTRIBUIDORA DE MEDICAMENTOS LTDA<\/td><td class=\"column-11\">04.372.020\/0001-44<\/td><td class=\"column-12\">R$ 79.350,00<\/td><td class=\"column-13\">Encerrada<\/td><td class=\"column-14\">030011004012\/2021\t<\/td><td class=\"column-15\">04\/10\/2021<\/td><td class=\"column-16\"><\/td><td class=\"column-17\"><\/td>\n<\/tr>\n<tr class=\"row-611\">\n\t<td class=\"column-1\">645\/2021<\/td><td class=\"column-2\">645\/2021<\/td><td class=\"column-3\">15\/09\/2021<\/td><td class=\"column-4\">27\/09\/2021<\/td><td class=\"column-5\">Preg\u00e3o Eletr\u00f4nico<\/td><td class=\"column-6\">Menor Pre\u00e7o Por Item<\/td><td class=\"column-7\">AQUISI\u00c7\u00c3O GRADATIVA DE MEDICAMENTOS PSICOTR\u00d3PICOS PARA ATENDER AS NECESSIDADES DA SECRETARIA MUNICIPAL DE SA\u00daDE<\/td><td class=\"column-8\">R$ 1.094.860,00<\/td><td class=\"column-9\">ARTMED COMERCIAL EIRELI, CIRUFARMA COMERCIAL LTDA, H MED COMERCIAL DE MEDICAMENTOS E MATERIAL HOSPITALAR LTDA, STOCK MED PRODUTOS MEDICO-HOSPITALARES LTDA, SUPERFIO COMERCIO DE PRODUTOS MEDICOS E HOSPITALARES LTDA, WERBRAN DISTRIBUIDORA DE MEDICAMENTOS LTDA<\/td><td class=\"column-10\">WERBRAN DISTRIBUIDORA DE MEDICAMENTOS LTDA<\/td><td class=\"column-11\">04.372.020\/0001-44<\/td><td class=\"column-12\">R$ 79.350,00<\/td><td class=\"column-13\">Encerrada<\/td><td class=\"column-14\">030011116006\/2021\t<\/td><td class=\"column-15\">16\/11\/2021<\/td><td class=\"column-16\"><\/td><td class=\"column-17\"><\/td>\n<\/tr>\n<tr class=\"row-612\">\n\t<td class=\"column-1\">651\/2021<\/td><td class=\"column-2\">651\/2021<\/td><td class=\"column-3\"><\/td><td class=\"column-4\">02\/09\/2021<\/td><td class=\"column-5\">Dispensa<\/td><td class=\"column-6\">Menor Pre\u00e7o Global<\/td><td class=\"column-7\">CONTRATA\u00c7\u00c3O DE CURSO DE COSTUREIRO INDUSTRIAL DO VESTI\u00c1RIO EM TECIDO PLANO, COM DURA\u00c7\u00c3O DE 160H (CENTO E SESSENTA HORAS), JUNTO AO SERVI\u00c7O NACIONAL DE APRENDIZAGEM INDUSTRIAL - SENAI<\/td><td class=\"column-8\">R$ 10.500,00<\/td><td class=\"column-9\">SERVICO NACIONAL DE APRENDIZAGEM INDUSTRIAL<\/td><td class=\"column-10\">SERVICO NACIONAL DE APRENDIZAGEM INDUSTRIAL<\/td><td class=\"column-11\">03.784.680\/0001-70<\/td><td class=\"column-12\">R$ 10.500,00<\/td><td class=\"column-13\">Encerrada<\/td><td class=\"column-14\">040011026001\/2021\t<\/td><td class=\"column-15\">26\/10\/2021<\/td><td class=\"column-16\">93\/2021\t<\/td><td class=\"column-17\">09\/09\/2021<\/td>\n<\/tr>\n<tr class=\"row-613\">\n\t<td class=\"column-1\">652\/2021<\/td><td class=\"column-2\">652\/2021<\/td><td class=\"column-3\">17\/11\/2021<\/td><td class=\"column-4\">17\/11\/2021<\/td><td class=\"column-5\">Preg\u00e3o\/Ades\u00e3o<\/td><td class=\"column-6\">Menor Pre\u00e7o<\/td><td class=\"column-7\">CONTRATA\u00c7\u00c3O DE EMPRESA ESPECIALIZADA PARA OS SERVI\u00c7OS DE COLETA, TRANSPORTE, GERENCIAMENTO, TRATAMENTO (POR MEIO DE INCINERA\u00c7\u00c3O) E DESTINO FINAL DOS RES\u00cdDUOS S\u00d3LIDOS ORIUNDOS DOS SERVI\u00c7OS DE SA\u00daDE, DA REDE MUNICIPAL DE SA\u00daDE DE LAJES, DOS GRUPOS \u201cA\u201d, \u201cB\u201d E \u2018E\u201d, ASSIM DEFINIDOS PELAS RESOLU\u00c7\u00d5ES N\u00ba 358\/05 E 316\/02 DO CONAMA E RDC ANVISA N\u00ba 306\/04, JUNTO A SECRETARIA MUNICIPAL DE SA\u00daDE DE LAJES\/RN, DE ACORDO COM OS CRIT\u00c9RIOS AQUI ESTABELECIDOS<\/td><td class=\"column-8\">R$ 93.600,00<\/td><td class=\"column-9\">WASTE COLETA DE RESIDUOS HOSPITALARES LTDA<\/td><td class=\"column-10\">WASTE COLETA DE RESIDUOS HOSPITALARES LTDA<\/td><td class=\"column-11\">20.474.613\/0001-78<\/td><td class=\"column-12\">R$ 62.100,00<\/td><td class=\"column-13\">Encerrada<\/td><td class=\"column-14\"><\/td><td class=\"column-15\"><\/td><td class=\"column-16\"><\/td><td class=\"column-17\"><\/td>\n<\/tr>\n<tr class=\"row-614\">\n\t<td class=\"column-1\">654\/2021<\/td><td class=\"column-2\">654\/2021<\/td><td class=\"column-3\"><\/td><td class=\"column-4\">20\/09\/2021<\/td><td class=\"column-5\">Dispensa<\/td><td class=\"column-6\">Menor Pre\u00e7o Por Item<\/td><td class=\"column-7\">Aquisi\u00e7\u00e3o de documentos de identidade estudantil (carteira de estudante), atrav\u00e9s da Secretaria Municipal da Educa\u00e7\u00e3o e Cultura, para distribui\u00e7\u00e3o entre os alunos do ensino fundamental I e II da rede p\u00fablica municipal de ensino<\/td><td class=\"column-8\">R$ 17.500,00<\/td><td class=\"column-9\">ASSOCIA\u00c7\u00c3O ESTUDANTIL DO RIO GRANDE DO NORTE, UNI\u00c3O DOS ESTUDANTES DOS ESTADOS , UNI\u00c3O EM DEFESA DOS ESTUDANTES DO RIO GRANDE DO NORTE <\/td><td class=\"column-10\">ASSOCIA\u00c7\u00c3O ESTUDANTIL DO RIO GRANDE DO NORTE<\/td><td class=\"column-11\">01.324.107\/0001-58<\/td><td class=\"column-12\">R$ 17.500,00<\/td><td class=\"column-13\">Encerrada<\/td><td class=\"column-14\">02006921001\/2021\t<\/td><td class=\"column-15\">21\/09\/2021<\/td><td class=\"column-16\"><\/td><td class=\"column-17\"><\/td>\n<\/tr>\n<tr class=\"row-615\">\n\t<td class=\"column-1\">655\/2021<\/td><td class=\"column-2\">655\/2021<\/td><td class=\"column-3\"><\/td><td class=\"column-4\">21\/09\/2021<\/td><td class=\"column-5\">Dispensa<\/td><td class=\"column-6\">Menor Pre\u00e7o<\/td><td class=\"column-7\">CONTRATA\u00c7\u00c3O DE EMPRESA PARA A REALIZA\u00c7\u00c3O DE SERVI\u00c7O DE MANUTEN\u00c7\u00c3O PREVENTIVA E CORRETIVA EM CONSULT\u00d3RIO ODONTOL\u00d3GICO E PERIF\u00c9RICOS PERTENCENTES A SECRETARIA MUNICIPAL DE SA\u00daDE DE LAJES\/RN<\/td><td class=\"column-8\">R$ 17.352,42<\/td><td class=\"column-9\">ANBEZ ODONTO HOSPITALAR , DAYANE RAFAELA DE MELO FRAN\u00c7A DANTAS, SERVIP COMERCIO, SERVICOS E LOCACOES LTDA<\/td><td class=\"column-10\">SERVIP COMERCIO, SERVICOS E LOCACOES LTDA<\/td><td class=\"column-11\">38.249.122\/0001-99<\/td><td class=\"column-12\">R$ 17.020,00<\/td><td class=\"column-13\">Encerrada<\/td><td class=\"column-14\">030011117001\/2021\t<\/td><td class=\"column-15\">17\/11\/2021<\/td><td class=\"column-16\"><\/td><td class=\"column-17\"><\/td>\n<\/tr>\n<tr class=\"row-616\">\n\t<td class=\"column-1\">677\/2021<\/td><td class=\"column-2\">677\/2021<\/td><td class=\"column-3\"><\/td><td class=\"column-4\">15\/09\/2021<\/td><td class=\"column-5\">Inexigibilidade<\/td><td class=\"column-6\">Empreitada Global<\/td><td class=\"column-7\">LOCA\u00c7\u00c3O DE 01 (UM) STAND, DE FORMA \u00c0 GARANTIR PARTICIPA\u00c7\u00c3O DO MUNIC\u00cdPIO DE LAJES NA 7\u00aa FEIRA DOS MUNIC\u00cdPIOS E PRODUTOS TUR\u00cdSTICOS DO RN (FEMPTUR), E PARALELAMENTE NO 12\u00ba F\u00d3RUM DE TURISMO DO RN, A SER REALIZADO NOS DIAS 17 E 18 DE SETEMBRO DO CORRENTE ANO<\/td><td class=\"column-8\">R$ 4.000,00<\/td><td class=\"column-9\">ARGUS ASSESSORIA A EVENTOS DE TURISMO<\/td><td class=\"column-10\">ARGUS ASSESSORIA A EVENTOS DE TURISMO<\/td><td class=\"column-11\">13.505.964\/0001-33<\/td><td class=\"column-12\">R$ 4.000,00<\/td><td class=\"column-13\">Encerrada<\/td><td class=\"column-14\">02003916001\/2021\t<\/td><td class=\"column-15\">16\/09\/2021<\/td><td class=\"column-16\"><\/td><td class=\"column-17\"><\/td>\n<\/tr>\n<tr class=\"row-617\">\n\t<td class=\"column-1\">704\/2021<\/td><td class=\"column-2\">704\/2021<\/td><td class=\"column-3\"><\/td><td class=\"column-4\">03\/11\/2021<\/td><td class=\"column-5\">Dispensa<\/td><td class=\"column-6\">Menor Pre\u00e7o Por Item<\/td><td class=\"column-7\">Contra\u00e7\u00e3o de empresa do ramo pertinente para a realiza\u00e7\u00e3o dos servi\u00e7os de Urbaniza\u00e7\u00e3o do largo da Igreja Matriz no munic\u00edpio de Lajes\/RN.<\/td><td class=\"column-8\">R$ 50.485,11<\/td><td class=\"column-9\">ANCHIETA &amp; FONSECA LTDA, CONSTRUTORA OLIVEIRA E MELO, LRV CONSTRUTORA LTDA<\/td><td class=\"column-10\">LRV CONSTRUTORA LTDA<\/td><td class=\"column-11\">23.150.611\/0001-11<\/td><td class=\"column-12\">R$ 50.485,11<\/td><td class=\"column-13\">Encerrada<\/td><td class=\"column-14\">020041105001\/2021\t<\/td><td class=\"column-15\">05\/11\/2021<\/td><td class=\"column-16\">100\/2021\t<\/td><td class=\"column-17\">04\/11\/2021<\/td>\n<\/tr>\n<tr class=\"row-618\">\n\t<td class=\"column-1\">710\/2021<\/td><td class=\"column-2\">710\/2021<\/td><td class=\"column-3\"><\/td><td class=\"column-4\">23\/09\/2021<\/td><td class=\"column-5\">Dispensa<\/td><td class=\"column-6\">Menor Pre\u00e7o Por Item<\/td><td class=\"column-7\">CONTRATA\u00c7\u00c3O DE PESSOA JUR\u00cdDICA PARA AQUISI\u00c7\u00c3O FUTURA DE MATERIAIS (TERM\u00d4METROS DIGITAIS, \u00c1LCOOL 70\u00b0, DISPENSER PARA \u00c1LCOOL EM GEL, BORRIFADORES, ENTRE OUTROS) PARA SUBSIDIAR AS A\u00c7\u00d5ES E MEDIDAS DE CONTROLE E PREVEN\u00c7\u00c3O AO COVID-19, DESTINADO A ATENDER AS ESCOLAS P\u00daBLICAS MUNICIPAIS.<\/td><td class=\"column-8\">R$ 16.988,00<\/td><td class=\"column-9\">DAYANE RAFAELA DE MELO FRAN\u00c7A DANTAS, E.R.COMERCIO VAREJISTA SERVI\u00c7OS LTDA - ME, TECHPROL SERVI\u00c7OS, COMERCIO E LOCA\u00c7\u00d5ES EIRELI<\/td><td class=\"column-10\">DAYANE RAFAELA DE MELO FRAN\u00c7A DANTAS<\/td><td class=\"column-11\">35.284.764\/0001-30<\/td><td class=\"column-12\">R$ 16.988,00<\/td><td class=\"column-13\">Encerrada<\/td><td class=\"column-14\">020061011001\/2021\t<\/td><td class=\"column-15\">11\/10\/2021<\/td><td class=\"column-16\"><\/td><td class=\"column-17\"><\/td>\n<\/tr>\n<tr class=\"row-619\">\n\t<td class=\"column-1\">711\/2021<\/td><td class=\"column-2\">711\/2021<\/td><td class=\"column-3\">07\/09\/2021<\/td><td class=\"column-4\">14\/09\/2021<\/td><td class=\"column-5\">Preg\u00e3o Eletr\u00f4nico<\/td><td class=\"column-6\">Menor Pre\u00e7o Por Item<\/td><td class=\"column-7\">CONTRATA\u00c7\u00c3O DE PESSOA JUR\u00cdDICA PARA AQUISI\u00c7\u00c3O FUTURA E EVENTUAL DE G\u00caNEROS ALIMENT\u00cdCIOA COM O OBJETIVO DE ATENDER AS DEMANDAS DA SECRETARIA MUNICIPAL DE EDUCA\u00c7\u00c3O E CULTURA E AS NECESSIDADES ALIMENTARES DOS ALUNOS DA REDE MUNICIPAL DE ENSINO, GARANTINDO A CONTINUIDADE DAS A\u00c7\u00d5ES DO PROGRAMA NACIONAL DE ALIMENTA\u00c7\u00c3O ESCOLAR (PNAE)<\/td><td class=\"column-8\">R$ 2.387.665,24<\/td><td class=\"column-9\">A. AZEVEDO DA SILVA EIRELI, C J DE ARA\u00daJO PESSOA ME , DISTRIBUIDORA DANTAS FERNANDES LTDA, F D COMERCIO DE ALIMENTOS LTDA, KLINTEX LTDA, L P MENDON\u00c7A SOBRINHO, T. P. S. DO NASCIMENTO - ME<\/td><td class=\"column-10\">C J DE ARA\u00daJO PESSOA ME <\/td><td class=\"column-11\">29.303.584\/0001-56<\/td><td class=\"column-12\">R$ 834.961,04<\/td><td class=\"column-13\">Encerrada<\/td><td class=\"column-14\">02006930002\/2021\t<\/td><td class=\"column-15\">30\/09\/2021<\/td><td class=\"column-16\"><\/td><td class=\"column-17\"><\/td>\n<\/tr>\n<tr class=\"row-620\">\n\t<td class=\"column-1\">711\/2021<\/td><td class=\"column-2\">711\/2021<\/td><td class=\"column-3\">07\/09\/2021<\/td><td class=\"column-4\">14\/09\/2021<\/td><td class=\"column-5\">Preg\u00e3o Eletr\u00f4nico<\/td><td class=\"column-6\">Menor Pre\u00e7o Por Item<\/td><td class=\"column-7\">CONTRATA\u00c7\u00c3O DE PESSOA JUR\u00cdDICA PARA AQUISI\u00c7\u00c3O FUTURA E EVENTUAL DE G\u00caNEROS ALIMENT\u00cdCIOA COM O OBJETIVO DE ATENDER AS DEMANDAS DA SECRETARIA MUNICIPAL DE EDUCA\u00c7\u00c3O E CULTURA E AS NECESSIDADES ALIMENTARES DOS ALUNOS DA REDE MUNICIPAL DE ENSINO, GARANTINDO A CONTINUIDADE DAS A\u00c7\u00d5ES DO PROGRAMA NACIONAL DE ALIMENTA\u00c7\u00c3O ESCOLAR (PNAE)<\/td><td class=\"column-8\">R$ 2.387.665,24<\/td><td class=\"column-9\">A. AZEVEDO DA SILVA EIRELI, C J DE ARA\u00daJO PESSOA ME , DISTRIBUIDORA DANTAS FERNANDES LTDA, F D COMERCIO DE ALIMENTOS LTDA, KLINTEX LTDA, L P MENDON\u00c7A SOBRINHO, T. P. S. DO NASCIMENTO - ME<\/td><td class=\"column-10\">C J DE ARA\u00daJO PESSOA ME <\/td><td class=\"column-11\">29.303.584\/0001-56<\/td><td class=\"column-12\">R$ 834.961,04<\/td><td class=\"column-13\">Encerrada<\/td><td class=\"column-14\">020021022005\/2021\t<\/td><td class=\"column-15\">22\/10\/2021<\/td><td class=\"column-16\"><\/td><td class=\"column-17\"><\/td>\n<\/tr>\n<tr class=\"row-621\">\n\t<td class=\"column-1\">711\/2021<\/td><td class=\"column-2\">711\/2021<\/td><td class=\"column-3\">07\/09\/2021<\/td><td class=\"column-4\">14\/09\/2021<\/td><td class=\"column-5\">Preg\u00e3o Eletr\u00f4nico<\/td><td class=\"column-6\">Menor Pre\u00e7o Por Item<\/td><td class=\"column-7\">CONTRATA\u00c7\u00c3O DE PESSOA JUR\u00cdDICA PARA AQUISI\u00c7\u00c3O FUTURA E EVENTUAL DE G\u00caNEROS ALIMENT\u00cdCIOA COM O OBJETIVO DE ATENDER AS DEMANDAS DA SECRETARIA MUNICIPAL DE EDUCA\u00c7\u00c3O E CULTURA E AS NECESSIDADES ALIMENTARES DOS ALUNOS DA REDE MUNICIPAL DE ENSINO, GARANTINDO A CONTINUIDADE DAS A\u00c7\u00d5ES DO PROGRAMA NACIONAL DE ALIMENTA\u00c7\u00c3O ESCOLAR (PNAE)<\/td><td class=\"column-8\">R$ 2.387.665,24<\/td><td class=\"column-9\">A. AZEVEDO DA SILVA EIRELI, C J DE ARA\u00daJO PESSOA ME , DISTRIBUIDORA DANTAS FERNANDES LTDA, F D COMERCIO DE ALIMENTOS LTDA, KLINTEX LTDA, L P MENDON\u00c7A SOBRINHO, T. P. S. DO NASCIMENTO - ME<\/td><td class=\"column-10\">C J DE ARA\u00daJO PESSOA ME <\/td><td class=\"column-11\">29.303.584\/0001-56<\/td><td class=\"column-12\">R$ 834.961,04<\/td><td class=\"column-13\">Encerrada<\/td><td class=\"column-14\">020021026002\/2021\t<\/td><td class=\"column-15\">26\/10\/2021<\/td><td class=\"column-16\"><\/td><td class=\"column-17\"><\/td>\n<\/tr>\n<tr class=\"row-622\">\n\t<td class=\"column-1\">711\/2021<\/td><td class=\"column-2\">711\/2021<\/td><td class=\"column-3\">07\/09\/2021<\/td><td class=\"column-4\">14\/09\/2021<\/td><td class=\"column-5\">Preg\u00e3o Eletr\u00f4nico<\/td><td class=\"column-6\">Menor Pre\u00e7o Por Item<\/td><td class=\"column-7\">CONTRATA\u00c7\u00c3O DE PESSOA JUR\u00cdDICA PARA AQUISI\u00c7\u00c3O FUTURA E EVENTUAL DE G\u00caNEROS ALIMENT\u00cdCIOA COM O OBJETIVO DE ATENDER AS DEMANDAS DA SECRETARIA MUNICIPAL DE EDUCA\u00c7\u00c3O E CULTURA E AS NECESSIDADES ALIMENTARES DOS ALUNOS DA REDE MUNICIPAL DE ENSINO, GARANTINDO A CONTINUIDADE DAS A\u00c7\u00d5ES DO PROGRAMA NACIONAL DE ALIMENTA\u00c7\u00c3O ESCOLAR (PNAE)<\/td><td class=\"column-8\">R$ 2.387.665,24<\/td><td class=\"column-9\">A. AZEVEDO DA SILVA EIRELI, C J DE ARA\u00daJO PESSOA ME , DISTRIBUIDORA DANTAS FERNANDES LTDA, F D COMERCIO DE ALIMENTOS LTDA, KLINTEX LTDA, L P MENDON\u00c7A SOBRINHO, T. P. S. DO NASCIMENTO - ME<\/td><td class=\"column-10\">C J DE ARA\u00daJO PESSOA ME <\/td><td class=\"column-11\">29.303.584\/0001-56<\/td><td class=\"column-12\">R$ 834.961,04<\/td><td class=\"column-13\">Encerrada<\/td><td class=\"column-14\">020061124001\/2021\t<\/td><td class=\"column-15\">24\/11\/2021<\/td><td class=\"column-16\"><\/td><td class=\"column-17\"><\/td>\n<\/tr>\n<tr class=\"row-623\">\n\t<td class=\"column-1\">711\/2021<\/td><td class=\"column-2\">711\/2021<\/td><td class=\"column-3\">07\/09\/2021<\/td><td class=\"column-4\">14\/09\/2021<\/td><td class=\"column-5\">Preg\u00e3o Eletr\u00f4nico<\/td><td class=\"column-6\">Menor Pre\u00e7o Por Item<\/td><td class=\"column-7\">CONTRATA\u00c7\u00c3O DE PESSOA JUR\u00cdDICA PARA AQUISI\u00c7\u00c3O FUTURA E EVENTUAL DE G\u00caNEROS ALIMENT\u00cdCIOA COM O OBJETIVO DE ATENDER AS DEMANDAS DA SECRETARIA MUNICIPAL DE EDUCA\u00c7\u00c3O E CULTURA E AS NECESSIDADES ALIMENTARES DOS ALUNOS DA REDE MUNICIPAL DE ENSINO, GARANTINDO A CONTINUIDADE DAS A\u00c7\u00d5ES DO PROGRAMA NACIONAL DE ALIMENTA\u00c7\u00c3O ESCOLAR (PNAE)<\/td><td class=\"column-8\">R$ 2.387.665,24<\/td><td class=\"column-9\">A. AZEVEDO DA SILVA EIRELI, C J DE ARA\u00daJO PESSOA ME , DISTRIBUIDORA DANTAS FERNANDES LTDA, F D COMERCIO DE ALIMENTOS LTDA, KLINTEX LTDA, L P MENDON\u00c7A SOBRINHO, T. P. S. DO NASCIMENTO - ME<\/td><td class=\"column-10\">C J DE ARA\u00daJO PESSOA ME <\/td><td class=\"column-11\">29.303.584\/0001-56<\/td><td class=\"column-12\">R$ 834.961,04<\/td><td class=\"column-13\">Encerrada<\/td><td class=\"column-14\">040011124003\/2021\t<\/td><td class=\"column-15\">24\/11\/2021<\/td><td class=\"column-16\"><\/td><td class=\"column-17\"><\/td>\n<\/tr>\n<tr class=\"row-624\">\n\t<td class=\"column-1\">711\/2021<\/td><td class=\"column-2\">711\/2021<\/td><td class=\"column-3\">07\/09\/2021<\/td><td class=\"column-4\">14\/09\/2021<\/td><td class=\"column-5\">Preg\u00e3o Eletr\u00f4nico<\/td><td class=\"column-6\">Menor Pre\u00e7o Por Item<\/td><td class=\"column-7\">CONTRATA\u00c7\u00c3O DE PESSOA JUR\u00cdDICA PARA AQUISI\u00c7\u00c3O FUTURA E EVENTUAL DE G\u00caNEROS ALIMENT\u00cdCIOA COM O OBJETIVO DE ATENDER AS DEMANDAS DA SECRETARIA MUNICIPAL DE EDUCA\u00c7\u00c3O E CULTURA E AS NECESSIDADES ALIMENTARES DOS ALUNOS DA REDE MUNICIPAL DE ENSINO, GARANTINDO A CONTINUIDADE DAS A\u00c7\u00d5ES DO PROGRAMA NACIONAL DE ALIMENTA\u00c7\u00c3O ESCOLAR (PNAE)<\/td><td class=\"column-8\">R$ 2.387.665,24<\/td><td class=\"column-9\">A. AZEVEDO DA SILVA EIRELI, C J DE ARA\u00daJO PESSOA ME , DISTRIBUIDORA DANTAS FERNANDES LTDA, F D COMERCIO DE ALIMENTOS LTDA, KLINTEX LTDA, L P MENDON\u00c7A SOBRINHO, T. P. S. DO NASCIMENTO - ME<\/td><td class=\"column-10\">C J DE ARA\u00daJO PESSOA ME <\/td><td class=\"column-11\">29.303.584\/0001-56<\/td><td class=\"column-12\">R$ 834.961,04<\/td><td class=\"column-13\">Encerrada<\/td><td class=\"column-14\">020061126007\/2021\t<\/td><td class=\"column-15\">26\/11\/2021<\/td><td class=\"column-16\"><\/td><td class=\"column-17\"><\/td>\n<\/tr>\n<tr class=\"row-625\">\n\t<td class=\"column-1\">711\/2021<\/td><td class=\"column-2\">711\/2021<\/td><td class=\"column-3\">07\/09\/2021<\/td><td class=\"column-4\">14\/09\/2021<\/td><td class=\"column-5\">Preg\u00e3o Eletr\u00f4nico<\/td><td class=\"column-6\">Menor Pre\u00e7o Por Item<\/td><td class=\"column-7\">CONTRATA\u00c7\u00c3O DE PESSOA JUR\u00cdDICA PARA AQUISI\u00c7\u00c3O FUTURA E EVENTUAL DE G\u00caNEROS ALIMENT\u00cdCIOA COM O OBJETIVO DE ATENDER AS DEMANDAS DA SECRETARIA MUNICIPAL DE EDUCA\u00c7\u00c3O E CULTURA E AS NECESSIDADES ALIMENTARES DOS ALUNOS DA REDE MUNICIPAL DE ENSINO, GARANTINDO A CONTINUIDADE DAS A\u00c7\u00d5ES DO PROGRAMA NACIONAL DE ALIMENTA\u00c7\u00c3O ESCOLAR (PNAE)<\/td><td class=\"column-8\">R$ 2.387.665,24<\/td><td class=\"column-9\">A. AZEVEDO DA SILVA EIRELI, C J DE ARA\u00daJO PESSOA ME , DISTRIBUIDORA DANTAS FERNANDES LTDA, F D COMERCIO DE ALIMENTOS LTDA, KLINTEX LTDA, L P MENDON\u00c7A SOBRINHO, T. P. S. DO NASCIMENTO - ME<\/td><td class=\"column-10\">C J DE ARA\u00daJO PESSOA ME <\/td><td class=\"column-11\">29.303.584\/0001-56<\/td><td class=\"column-12\">R$ 834.961,04<\/td><td class=\"column-13\">Encerrada<\/td><td class=\"column-14\">020081126005\/2021\t<\/td><td class=\"column-15\">26\/11\/2021<\/td><td class=\"column-16\"><\/td><td class=\"column-17\"><\/td>\n<\/tr>\n<tr class=\"row-626\">\n\t<td class=\"column-1\">711\/2021<\/td><td class=\"column-2\">711\/2021<\/td><td class=\"column-3\">07\/09\/2021<\/td><td class=\"column-4\">14\/09\/2021<\/td><td class=\"column-5\">Preg\u00e3o Eletr\u00f4nico<\/td><td class=\"column-6\">Menor Pre\u00e7o Por Item<\/td><td class=\"column-7\">CONTRATA\u00c7\u00c3O DE PESSOA JUR\u00cdDICA PARA AQUISI\u00c7\u00c3O FUTURA E EVENTUAL DE G\u00caNEROS ALIMENT\u00cdCIOA COM O OBJETIVO DE ATENDER AS DEMANDAS DA SECRETARIA MUNICIPAL DE EDUCA\u00c7\u00c3O E CULTURA E AS NECESSIDADES ALIMENTARES DOS ALUNOS DA REDE MUNICIPAL DE ENSINO, GARANTINDO A CONTINUIDADE DAS A\u00c7\u00d5ES DO PROGRAMA NACIONAL DE ALIMENTA\u00c7\u00c3O ESCOLAR (PNAE)<\/td><td class=\"column-8\">R$ 2.387.665,24<\/td><td class=\"column-9\">A. AZEVEDO DA SILVA EIRELI, C J DE ARA\u00daJO PESSOA ME , DISTRIBUIDORA DANTAS FERNANDES LTDA, F D COMERCIO DE ALIMENTOS LTDA, KLINTEX LTDA, L P MENDON\u00c7A SOBRINHO, T. P. S. DO NASCIMENTO - ME<\/td><td class=\"column-10\">C J DE ARA\u00daJO PESSOA ME <\/td><td class=\"column-11\">29.303.584\/0001-56<\/td><td class=\"column-12\">R$ 834.961,04<\/td><td class=\"column-13\">Encerrada<\/td><td class=\"column-14\">020061214004\/2021\t<\/td><td class=\"column-15\">14\/12\/2021<\/td><td class=\"column-16\"><\/td><td class=\"column-17\"><\/td>\n<\/tr>\n<tr class=\"row-627\">\n\t<td class=\"column-1\">711\/2021<\/td><td class=\"column-2\">711\/2021<\/td><td class=\"column-3\">07\/09\/2021<\/td><td class=\"column-4\">14\/09\/2021<\/td><td class=\"column-5\">Preg\u00e3o Eletr\u00f4nico<\/td><td class=\"column-6\">Menor Pre\u00e7o Por Item<\/td><td class=\"column-7\">CONTRATA\u00c7\u00c3O DE PESSOA JUR\u00cdDICA PARA AQUISI\u00c7\u00c3O FUTURA E EVENTUAL DE G\u00caNEROS ALIMENT\u00cdCIOA COM O OBJETIVO DE ATENDER AS DEMANDAS DA SECRETARIA MUNICIPAL DE EDUCA\u00c7\u00c3O E CULTURA E AS NECESSIDADES ALIMENTARES DOS ALUNOS DA REDE MUNICIPAL DE ENSINO, GARANTINDO A CONTINUIDADE DAS A\u00c7\u00d5ES DO PROGRAMA NACIONAL DE ALIMENTA\u00c7\u00c3O ESCOLAR (PNAE)<\/td><td class=\"column-8\">R$ 2.387.665,24<\/td><td class=\"column-9\">A. AZEVEDO DA SILVA EIRELI, C J DE ARA\u00daJO PESSOA ME , DISTRIBUIDORA DANTAS FERNANDES LTDA, F D COMERCIO DE ALIMENTOS LTDA, KLINTEX LTDA, L P MENDON\u00c7A SOBRINHO, T. P. S. DO NASCIMENTO - ME<\/td><td class=\"column-10\">T. P. S. DO NASCIMENTO - ME<\/td><td class=\"column-11\">17.642.145\/0001-99<\/td><td class=\"column-12\">R$ 321.714,80<\/td><td class=\"column-13\">Encerrada<\/td><td class=\"column-14\">02006930003\/2021\t<\/td><td class=\"column-15\">30\/09\/2021<\/td><td class=\"column-16\"><\/td><td class=\"column-17\"><\/td>\n<\/tr>\n<tr class=\"row-628\">\n\t<td class=\"column-1\">711\/2021<\/td><td class=\"column-2\">711\/2021<\/td><td class=\"column-3\">07\/09\/2021<\/td><td class=\"column-4\">14\/09\/2021<\/td><td class=\"column-5\">Preg\u00e3o Eletr\u00f4nico<\/td><td class=\"column-6\">Menor Pre\u00e7o Por Item<\/td><td class=\"column-7\">CONTRATA\u00c7\u00c3O DE PESSOA JUR\u00cdDICA PARA AQUISI\u00c7\u00c3O FUTURA E EVENTUAL DE G\u00caNEROS ALIMENT\u00cdCIOA COM O OBJETIVO DE ATENDER AS DEMANDAS DA SECRETARIA MUNICIPAL DE EDUCA\u00c7\u00c3O E CULTURA E AS NECESSIDADES ALIMENTARES DOS ALUNOS DA REDE MUNICIPAL DE ENSINO, GARANTINDO A CONTINUIDADE DAS A\u00c7\u00d5ES DO PROGRAMA NACIONAL DE ALIMENTA\u00c7\u00c3O ESCOLAR (PNAE)<\/td><td class=\"column-8\">R$ 2.387.665,24<\/td><td class=\"column-9\">A. AZEVEDO DA SILVA EIRELI, C J DE ARA\u00daJO PESSOA ME , DISTRIBUIDORA DANTAS FERNANDES LTDA, F D COMERCIO DE ALIMENTOS LTDA, KLINTEX LTDA, L P MENDON\u00c7A SOBRINHO, T. P. S. DO NASCIMENTO - ME<\/td><td class=\"column-10\">T. P. S. DO NASCIMENTO - ME<\/td><td class=\"column-11\">17.642.145\/0001-99<\/td><td class=\"column-12\">R$ 321.714,80<\/td><td class=\"column-13\">Encerrada<\/td><td class=\"column-14\">020021022001\/2021\t<\/td><td class=\"column-15\">22\/10\/2021<\/td><td class=\"column-16\"><\/td><td class=\"column-17\"><\/td>\n<\/tr>\n<tr class=\"row-629\">\n\t<td class=\"column-1\">711\/2021<\/td><td class=\"column-2\">711\/2021<\/td><td class=\"column-3\">07\/09\/2021<\/td><td class=\"column-4\">14\/09\/2021<\/td><td class=\"column-5\">Preg\u00e3o Eletr\u00f4nico<\/td><td class=\"column-6\">Menor Pre\u00e7o Por Item<\/td><td class=\"column-7\">CONTRATA\u00c7\u00c3O DE PESSOA JUR\u00cdDICA PARA AQUISI\u00c7\u00c3O FUTURA E EVENTUAL DE G\u00caNEROS ALIMENT\u00cdCIOA COM O OBJETIVO DE ATENDER AS DEMANDAS DA SECRETARIA MUNICIPAL DE EDUCA\u00c7\u00c3O E CULTURA E AS NECESSIDADES ALIMENTARES DOS ALUNOS DA REDE MUNICIPAL DE ENSINO, GARANTINDO A CONTINUIDADE DAS A\u00c7\u00d5ES DO PROGRAMA NACIONAL DE ALIMENTA\u00c7\u00c3O ESCOLAR (PNAE)<\/td><td class=\"column-8\">R$ 2.387.665,24<\/td><td class=\"column-9\">A. AZEVEDO DA SILVA EIRELI, C J DE ARA\u00daJO PESSOA ME , DISTRIBUIDORA DANTAS FERNANDES LTDA, F D COMERCIO DE ALIMENTOS LTDA, KLINTEX LTDA, L P MENDON\u00c7A SOBRINHO, T. P. S. DO NASCIMENTO - ME<\/td><td class=\"column-10\">T. P. S. DO NASCIMENTO - ME<\/td><td class=\"column-11\">17.642.145\/0001-99<\/td><td class=\"column-12\">R$ 321.714,80<\/td><td class=\"column-13\">Encerrada<\/td><td class=\"column-14\">020021026001\/2021\t<\/td><td class=\"column-15\">26\/10\/2021<\/td><td class=\"column-16\"><\/td><td class=\"column-17\"><\/td>\n<\/tr>\n<tr class=\"row-630\">\n\t<td class=\"column-1\">711\/2021<\/td><td class=\"column-2\">711\/2021<\/td><td class=\"column-3\">07\/09\/2021<\/td><td class=\"column-4\">14\/09\/2021<\/td><td class=\"column-5\">Preg\u00e3o Eletr\u00f4nico<\/td><td class=\"column-6\">Menor Pre\u00e7o Por Item<\/td><td class=\"column-7\">CONTRATA\u00c7\u00c3O DE PESSOA JUR\u00cdDICA PARA AQUISI\u00c7\u00c3O FUTURA E EVENTUAL DE G\u00caNEROS ALIMENT\u00cdCIOA COM O OBJETIVO DE ATENDER AS DEMANDAS DA SECRETARIA MUNICIPAL DE EDUCA\u00c7\u00c3O E CULTURA E AS NECESSIDADES ALIMENTARES DOS ALUNOS DA REDE MUNICIPAL DE ENSINO, GARANTINDO A CONTINUIDADE DAS A\u00c7\u00d5ES DO PROGRAMA NACIONAL DE ALIMENTA\u00c7\u00c3O ESCOLAR (PNAE)<\/td><td class=\"column-8\">R$ 2.387.665,24<\/td><td class=\"column-9\">A. AZEVEDO DA SILVA EIRELI, C J DE ARA\u00daJO PESSOA ME , DISTRIBUIDORA DANTAS FERNANDES LTDA, F D COMERCIO DE ALIMENTOS LTDA, KLINTEX LTDA, L P MENDON\u00c7A SOBRINHO, T. P. S. DO NASCIMENTO - ME<\/td><td class=\"column-10\">T. P. S. DO NASCIMENTO - ME<\/td><td class=\"column-11\">17.642.145\/0001-99<\/td><td class=\"column-12\">R$ 321.714,80<\/td><td class=\"column-13\">Encerrada<\/td><td class=\"column-14\">040011111001\/2021\t<\/td><td class=\"column-15\">11\/11\/2021<\/td><td class=\"column-16\"><\/td><td class=\"column-17\"><\/td>\n<\/tr>\n<tr class=\"row-631\">\n\t<td class=\"column-1\">711\/2021<\/td><td class=\"column-2\">711\/2021<\/td><td class=\"column-3\">07\/09\/2021<\/td><td class=\"column-4\">14\/09\/2021<\/td><td class=\"column-5\">Preg\u00e3o Eletr\u00f4nico<\/td><td class=\"column-6\">Menor Pre\u00e7o Por Item<\/td><td class=\"column-7\">CONTRATA\u00c7\u00c3O DE PESSOA JUR\u00cdDICA PARA AQUISI\u00c7\u00c3O FUTURA E EVENTUAL DE G\u00caNEROS ALIMENT\u00cdCIOA COM O OBJETIVO DE ATENDER AS DEMANDAS DA SECRETARIA MUNICIPAL DE EDUCA\u00c7\u00c3O E CULTURA E AS NECESSIDADES ALIMENTARES DOS ALUNOS DA REDE MUNICIPAL DE ENSINO, GARANTINDO A CONTINUIDADE DAS A\u00c7\u00d5ES DO PROGRAMA NACIONAL DE ALIMENTA\u00c7\u00c3O ESCOLAR (PNAE)<\/td><td class=\"column-8\">R$ 2.387.665,24<\/td><td class=\"column-9\">A. AZEVEDO DA SILVA EIRELI, C J DE ARA\u00daJO PESSOA ME , DISTRIBUIDORA DANTAS FERNANDES LTDA, F D COMERCIO DE ALIMENTOS LTDA, KLINTEX LTDA, L P MENDON\u00c7A SOBRINHO, T. P. S. DO NASCIMENTO - ME<\/td><td class=\"column-10\">T. P. S. DO NASCIMENTO - ME<\/td><td class=\"column-11\">17.642.145\/0001-99<\/td><td class=\"column-12\">R$ 321.714,80<\/td><td class=\"column-13\">Encerrada<\/td><td class=\"column-14\">020061124003\/2021\t<\/td><td class=\"column-15\">24\/11\/2021<\/td><td class=\"column-16\"><\/td><td class=\"column-17\"><\/td>\n<\/tr>\n<tr class=\"row-632\">\n\t<td class=\"column-1\">711\/2021<\/td><td class=\"column-2\">711\/2021<\/td><td class=\"column-3\">07\/09\/2021<\/td><td class=\"column-4\">14\/09\/2021<\/td><td class=\"column-5\">Preg\u00e3o Eletr\u00f4nico<\/td><td class=\"column-6\">Menor Pre\u00e7o Por Item<\/td><td class=\"column-7\">CONTRATA\u00c7\u00c3O DE PESSOA JUR\u00cdDICA PARA AQUISI\u00c7\u00c3O FUTURA E EVENTUAL DE G\u00caNEROS ALIMENT\u00cdCIOA COM O OBJETIVO DE ATENDER AS DEMANDAS DA SECRETARIA MUNICIPAL DE EDUCA\u00c7\u00c3O E CULTURA E AS NECESSIDADES ALIMENTARES DOS ALUNOS DA REDE MUNICIPAL DE ENSINO, GARANTINDO A CONTINUIDADE DAS A\u00c7\u00d5ES DO PROGRAMA NACIONAL DE ALIMENTA\u00c7\u00c3O ESCOLAR (PNAE)<\/td><td class=\"column-8\">R$ 2.387.665,24<\/td><td class=\"column-9\">A. AZEVEDO DA SILVA EIRELI, C J DE ARA\u00daJO PESSOA ME , DISTRIBUIDORA DANTAS FERNANDES LTDA, F D COMERCIO DE ALIMENTOS LTDA, KLINTEX LTDA, L P MENDON\u00c7A SOBRINHO, T. P. S. DO NASCIMENTO - ME<\/td><td class=\"column-10\">T. P. S. DO NASCIMENTO - ME<\/td><td class=\"column-11\">17.642.145\/0001-99<\/td><td class=\"column-12\">R$ 321.714,80<\/td><td class=\"column-13\">Encerrada<\/td><td class=\"column-14\">020061126003\/2021\t<\/td><td class=\"column-15\">26\/11\/2021<\/td><td class=\"column-16\"><\/td><td class=\"column-17\"><\/td>\n<\/tr>\n<tr class=\"row-633\">\n\t<td class=\"column-1\">711\/2021<\/td><td class=\"column-2\">711\/2021<\/td><td class=\"column-3\">07\/09\/2021<\/td><td class=\"column-4\">14\/09\/2021<\/td><td class=\"column-5\">Preg\u00e3o Eletr\u00f4nico<\/td><td class=\"column-6\">Menor Pre\u00e7o Por Item<\/td><td class=\"column-7\">CONTRATA\u00c7\u00c3O DE PESSOA JUR\u00cdDICA PARA AQUISI\u00c7\u00c3O FUTURA E EVENTUAL DE G\u00caNEROS ALIMENT\u00cdCIOA COM O OBJETIVO DE ATENDER AS DEMANDAS DA SECRETARIA MUNICIPAL DE EDUCA\u00c7\u00c3O E CULTURA E AS NECESSIDADES ALIMENTARES DOS ALUNOS DA REDE MUNICIPAL DE ENSINO, GARANTINDO A CONTINUIDADE DAS A\u00c7\u00d5ES DO PROGRAMA NACIONAL DE ALIMENTA\u00c7\u00c3O ESCOLAR (PNAE)<\/td><td class=\"column-8\">R$ 2.387.665,24<\/td><td class=\"column-9\">A. AZEVEDO DA SILVA EIRELI, C J DE ARA\u00daJO PESSOA ME , DISTRIBUIDORA DANTAS FERNANDES LTDA, F D COMERCIO DE ALIMENTOS LTDA, KLINTEX LTDA, L P MENDON\u00c7A SOBRINHO, T. P. S. DO NASCIMENTO - ME<\/td><td class=\"column-10\">T. P. S. DO NASCIMENTO - ME<\/td><td class=\"column-11\">17.642.145\/0001-99<\/td><td class=\"column-12\">R$ 321.714,80<\/td><td class=\"column-13\">Encerrada<\/td><td class=\"column-14\">020021126002\/2021\t<\/td><td class=\"column-15\">26\/11\/2021<\/td><td class=\"column-16\"><\/td><td class=\"column-17\"><\/td>\n<\/tr>\n<tr class=\"row-634\">\n\t<td class=\"column-1\">711\/2021<\/td><td class=\"column-2\">711\/2021<\/td><td class=\"column-3\">07\/09\/2021<\/td><td class=\"column-4\">14\/09\/2021<\/td><td class=\"column-5\">Preg\u00e3o Eletr\u00f4nico<\/td><td class=\"column-6\">Menor Pre\u00e7o Por Item<\/td><td class=\"column-7\">CONTRATA\u00c7\u00c3O DE PESSOA JUR\u00cdDICA PARA AQUISI\u00c7\u00c3O FUTURA E EVENTUAL DE G\u00caNEROS ALIMENT\u00cdCIOA COM O OBJETIVO DE ATENDER AS DEMANDAS DA SECRETARIA MUNICIPAL DE EDUCA\u00c7\u00c3O E CULTURA E AS NECESSIDADES ALIMENTARES DOS ALUNOS DA REDE MUNICIPAL DE ENSINO, GARANTINDO A CONTINUIDADE DAS A\u00c7\u00d5ES DO PROGRAMA NACIONAL DE ALIMENTA\u00c7\u00c3O ESCOLAR (PNAE)<\/td><td class=\"column-8\">R$ 2.387.665,24<\/td><td class=\"column-9\">A. AZEVEDO DA SILVA EIRELI, C J DE ARA\u00daJO PESSOA ME , DISTRIBUIDORA DANTAS FERNANDES LTDA, F D COMERCIO DE ALIMENTOS LTDA, KLINTEX LTDA, L P MENDON\u00c7A SOBRINHO, T. P. S. DO NASCIMENTO - ME<\/td><td class=\"column-10\">T. P. S. DO NASCIMENTO - ME<\/td><td class=\"column-11\">17.642.145\/0001-99<\/td><td class=\"column-12\">R$ 321.714,80<\/td><td class=\"column-13\">Encerrada<\/td><td class=\"column-14\">020081126006\/2021\t<\/td><td class=\"column-15\">26\/11\/2021<\/td><td class=\"column-16\"><\/td><td class=\"column-17\"><\/td>\n<\/tr>\n<tr class=\"row-635\">\n\t<td class=\"column-1\">711\/2021<\/td><td class=\"column-2\">711\/2021<\/td><td class=\"column-3\">07\/09\/2021<\/td><td class=\"column-4\">14\/09\/2021<\/td><td class=\"column-5\">Preg\u00e3o Eletr\u00f4nico<\/td><td class=\"column-6\">Menor Pre\u00e7o Por Item<\/td><td class=\"column-7\">CONTRATA\u00c7\u00c3O DE PESSOA JUR\u00cdDICA PARA AQUISI\u00c7\u00c3O FUTURA E EVENTUAL DE G\u00caNEROS ALIMENT\u00cdCIOA COM O OBJETIVO DE ATENDER AS DEMANDAS DA SECRETARIA MUNICIPAL DE EDUCA\u00c7\u00c3O E CULTURA E AS NECESSIDADES ALIMENTARES DOS ALUNOS DA REDE MUNICIPAL DE ENSINO, GARANTINDO A CONTINUIDADE DAS A\u00c7\u00d5ES DO PROGRAMA NACIONAL DE ALIMENTA\u00c7\u00c3O ESCOLAR (PNAE)<\/td><td class=\"column-8\">R$ 2.387.665,24<\/td><td class=\"column-9\">A. AZEVEDO DA SILVA EIRELI, C J DE ARA\u00daJO PESSOA ME , DISTRIBUIDORA DANTAS FERNANDES LTDA, F D COMERCIO DE ALIMENTOS LTDA, KLINTEX LTDA, L P MENDON\u00c7A SOBRINHO, T. P. S. DO NASCIMENTO - ME<\/td><td class=\"column-10\">T. P. S. DO NASCIMENTO - ME<\/td><td class=\"column-11\">17.642.145\/0001-99<\/td><td class=\"column-12\">R$ 321.714,80<\/td><td class=\"column-13\">Encerrada<\/td><td class=\"column-14\">020061214002\/2021\t<\/td><td class=\"column-15\">14\/12\/2021<\/td><td class=\"column-16\"><\/td><td class=\"column-17\"><\/td>\n<\/tr>\n<tr class=\"row-636\">\n\t<td class=\"column-1\">711\/2021<\/td><td class=\"column-2\">711\/2021<\/td><td class=\"column-3\">07\/09\/2021<\/td><td class=\"column-4\">14\/09\/2021<\/td><td class=\"column-5\">Preg\u00e3o Eletr\u00f4nico<\/td><td class=\"column-6\">Menor Pre\u00e7o Por Item<\/td><td class=\"column-7\">CONTRATA\u00c7\u00c3O DE PESSOA JUR\u00cdDICA PARA AQUISI\u00c7\u00c3O FUTURA E EVENTUAL DE G\u00caNEROS ALIMENT\u00cdCIOA COM O OBJETIVO DE ATENDER AS DEMANDAS DA SECRETARIA MUNICIPAL DE EDUCA\u00c7\u00c3O E CULTURA E AS NECESSIDADES ALIMENTARES DOS ALUNOS DA REDE MUNICIPAL DE ENSINO, GARANTINDO A CONTINUIDADE DAS A\u00c7\u00d5ES DO PROGRAMA NACIONAL DE ALIMENTA\u00c7\u00c3O ESCOLAR (PNAE)<\/td><td class=\"column-8\">R$ 2.387.665,24<\/td><td class=\"column-9\">A. AZEVEDO DA SILVA EIRELI, C J DE ARA\u00daJO PESSOA ME , DISTRIBUIDORA DANTAS FERNANDES LTDA, F D COMERCIO DE ALIMENTOS LTDA, KLINTEX LTDA, L P MENDON\u00c7A SOBRINHO, T. P. S. DO NASCIMENTO - ME<\/td><td class=\"column-10\">A. AZEVEDO DA SILVA EIRELI<\/td><td class=\"column-11\">27.008.156\/0001-75<\/td><td class=\"column-12\">R$ 187.298,10<\/td><td class=\"column-13\">Encerrada<\/td><td class=\"column-14\"><\/td><td class=\"column-15\"><\/td><td class=\"column-16\"><\/td><td class=\"column-17\"><\/td>\n<\/tr>\n<tr class=\"row-637\">\n\t<td class=\"column-1\">711\/2021<\/td><td class=\"column-2\">711\/2021<\/td><td class=\"column-3\">07\/09\/2021<\/td><td class=\"column-4\">14\/09\/2021<\/td><td class=\"column-5\">Preg\u00e3o Eletr\u00f4nico<\/td><td class=\"column-6\">Menor Pre\u00e7o Por Item<\/td><td class=\"column-7\">CONTRATA\u00c7\u00c3O DE PESSOA JUR\u00cdDICA PARA AQUISI\u00c7\u00c3O FUTURA E EVENTUAL DE G\u00caNEROS ALIMENT\u00cdCIOA COM O OBJETIVO DE ATENDER AS DEMANDAS DA SECRETARIA MUNICIPAL DE EDUCA\u00c7\u00c3O E CULTURA E AS NECESSIDADES ALIMENTARES DOS ALUNOS DA REDE MUNICIPAL DE ENSINO, GARANTINDO A CONTINUIDADE DAS A\u00c7\u00d5ES DO PROGRAMA NACIONAL DE ALIMENTA\u00c7\u00c3O ESCOLAR (PNAE)<\/td><td class=\"column-8\">R$ 2.387.665,24<\/td><td class=\"column-9\">A. AZEVEDO DA SILVA EIRELI, C J DE ARA\u00daJO PESSOA ME , DISTRIBUIDORA DANTAS FERNANDES LTDA, F D COMERCIO DE ALIMENTOS LTDA, KLINTEX LTDA, L P MENDON\u00c7A SOBRINHO, T. P. S. DO NASCIMENTO - ME<\/td><td class=\"column-10\">DISTRIBUIDORA DANTAS FERNANDES LTDA<\/td><td class=\"column-11\">18.325.996\/0001-70<\/td><td class=\"column-12\">R$ 37.670,60<\/td><td class=\"column-13\">Encerrada<\/td><td class=\"column-14\">02006930001\/2021\t<\/td><td class=\"column-15\">30\/09\/2021<\/td><td class=\"column-16\"><\/td><td class=\"column-17\"><\/td>\n<\/tr>\n<tr class=\"row-638\">\n\t<td class=\"column-1\">711\/2021<\/td><td class=\"column-2\">711\/2021<\/td><td class=\"column-3\">07\/09\/2021<\/td><td class=\"column-4\">14\/09\/2021<\/td><td class=\"column-5\">Preg\u00e3o Eletr\u00f4nico<\/td><td class=\"column-6\">Menor Pre\u00e7o Por Item<\/td><td class=\"column-7\">CONTRATA\u00c7\u00c3O DE PESSOA JUR\u00cdDICA PARA AQUISI\u00c7\u00c3O FUTURA E EVENTUAL DE G\u00caNEROS ALIMENT\u00cdCIOA COM O OBJETIVO DE ATENDER AS DEMANDAS DA SECRETARIA MUNICIPAL DE EDUCA\u00c7\u00c3O E CULTURA E AS NECESSIDADES ALIMENTARES DOS ALUNOS DA REDE MUNICIPAL DE ENSINO, GARANTINDO A CONTINUIDADE DAS A\u00c7\u00d5ES DO PROGRAMA NACIONAL DE ALIMENTA\u00c7\u00c3O ESCOLAR (PNAE)<\/td><td class=\"column-8\">R$ 2.387.665,24<\/td><td class=\"column-9\">A. AZEVEDO DA SILVA EIRELI, C J DE ARA\u00daJO PESSOA ME , DISTRIBUIDORA DANTAS FERNANDES LTDA, F D COMERCIO DE ALIMENTOS LTDA, KLINTEX LTDA, L P MENDON\u00c7A SOBRINHO, T. P. S. DO NASCIMENTO - ME<\/td><td class=\"column-10\">DISTRIBUIDORA DANTAS FERNANDES LTDA<\/td><td class=\"column-11\">18.325.996\/0001-70<\/td><td class=\"column-12\">R$ 37.670,60<\/td><td class=\"column-13\">Encerrada<\/td><td class=\"column-14\">020021022004\/2021\t<\/td><td class=\"column-15\">22\/10\/2021<\/td><td class=\"column-16\"><\/td><td class=\"column-17\"><\/td>\n<\/tr>\n<tr class=\"row-639\">\n\t<td class=\"column-1\">711\/2021<\/td><td class=\"column-2\">711\/2021<\/td><td class=\"column-3\">07\/09\/2021<\/td><td class=\"column-4\">14\/09\/2021<\/td><td class=\"column-5\">Preg\u00e3o Eletr\u00f4nico<\/td><td class=\"column-6\">Menor Pre\u00e7o Por Item<\/td><td class=\"column-7\">CONTRATA\u00c7\u00c3O DE PESSOA JUR\u00cdDICA PARA AQUISI\u00c7\u00c3O FUTURA E EVENTUAL DE G\u00caNEROS ALIMENT\u00cdCIOA COM O OBJETIVO DE ATENDER AS DEMANDAS DA SECRETARIA MUNICIPAL DE EDUCA\u00c7\u00c3O E CULTURA E AS NECESSIDADES ALIMENTARES DOS ALUNOS DA REDE MUNICIPAL DE ENSINO, GARANTINDO A CONTINUIDADE DAS A\u00c7\u00d5ES DO PROGRAMA NACIONAL DE ALIMENTA\u00c7\u00c3O ESCOLAR (PNAE)<\/td><td class=\"column-8\">R$ 2.387.665,24<\/td><td class=\"column-9\">A. AZEVEDO DA SILVA EIRELI, C J DE ARA\u00daJO PESSOA ME , DISTRIBUIDORA DANTAS FERNANDES LTDA, F D COMERCIO DE ALIMENTOS LTDA, KLINTEX LTDA, L P MENDON\u00c7A SOBRINHO, T. P. S. DO NASCIMENTO - ME<\/td><td class=\"column-10\">DISTRIBUIDORA DANTAS FERNANDES LTDA<\/td><td class=\"column-11\">18.325.996\/0001-70<\/td><td class=\"column-12\">R$ 37.670,60<\/td><td class=\"column-13\">Encerrada<\/td><td class=\"column-14\">020061124002\/2021\t<\/td><td class=\"column-15\">24\/11\/2021<\/td><td class=\"column-16\"><\/td><td class=\"column-17\"><\/td>\n<\/tr>\n<tr class=\"row-640\">\n\t<td class=\"column-1\">711\/2021<\/td><td class=\"column-2\">711\/2021<\/td><td class=\"column-3\">07\/09\/2021<\/td><td class=\"column-4\">14\/09\/2021<\/td><td class=\"column-5\">Preg\u00e3o Eletr\u00f4nico<\/td><td class=\"column-6\">Menor Pre\u00e7o Por Item<\/td><td class=\"column-7\">CONTRATA\u00c7\u00c3O DE PESSOA JUR\u00cdDICA PARA AQUISI\u00c7\u00c3O FUTURA E EVENTUAL DE G\u00caNEROS ALIMENT\u00cdCIOA COM O OBJETIVO DE ATENDER AS DEMANDAS DA SECRETARIA MUNICIPAL DE EDUCA\u00c7\u00c3O E CULTURA E AS NECESSIDADES ALIMENTARES DOS ALUNOS DA REDE MUNICIPAL DE ENSINO, GARANTINDO A CONTINUIDADE DAS A\u00c7\u00d5ES DO PROGRAMA NACIONAL DE ALIMENTA\u00c7\u00c3O ESCOLAR (PNAE)<\/td><td class=\"column-8\">R$ 2.387.665,24<\/td><td class=\"column-9\">A. AZEVEDO DA SILVA EIRELI, C J DE ARA\u00daJO PESSOA ME , DISTRIBUIDORA DANTAS FERNANDES LTDA, F D COMERCIO DE ALIMENTOS LTDA, KLINTEX LTDA, L P MENDON\u00c7A SOBRINHO, T. P. S. DO NASCIMENTO - ME<\/td><td class=\"column-10\">DISTRIBUIDORA DANTAS FERNANDES LTDA<\/td><td class=\"column-11\">18.325.996\/0001-70<\/td><td class=\"column-12\">R$ 37.670,60<\/td><td class=\"column-13\">Encerrada<\/td><td class=\"column-14\">040011116002\/2021\t<\/td><td class=\"column-15\">16\/11\/2021<\/td><td class=\"column-16\"><\/td><td class=\"column-17\"><\/td>\n<\/tr>\n<tr class=\"row-641\">\n\t<td class=\"column-1\">711\/2021<\/td><td class=\"column-2\">711\/2021<\/td><td class=\"column-3\">07\/09\/2021<\/td><td class=\"column-4\">14\/09\/2021<\/td><td class=\"column-5\">Preg\u00e3o Eletr\u00f4nico<\/td><td class=\"column-6\">Menor Pre\u00e7o Por Item<\/td><td class=\"column-7\">CONTRATA\u00c7\u00c3O DE PESSOA JUR\u00cdDICA PARA AQUISI\u00c7\u00c3O FUTURA E EVENTUAL DE G\u00caNEROS ALIMENT\u00cdCIOA COM O OBJETIVO DE ATENDER AS DEMANDAS DA SECRETARIA MUNICIPAL DE EDUCA\u00c7\u00c3O E CULTURA E AS NECESSIDADES ALIMENTARES DOS ALUNOS DA REDE MUNICIPAL DE ENSINO, GARANTINDO A CONTINUIDADE DAS A\u00c7\u00d5ES DO PROGRAMA NACIONAL DE ALIMENTA\u00c7\u00c3O ESCOLAR (PNAE)<\/td><td class=\"column-8\">R$ 2.387.665,24<\/td><td class=\"column-9\">A. AZEVEDO DA SILVA EIRELI, C J DE ARA\u00daJO PESSOA ME , DISTRIBUIDORA DANTAS FERNANDES LTDA, F D COMERCIO DE ALIMENTOS LTDA, KLINTEX LTDA, L P MENDON\u00c7A SOBRINHO, T. P. S. DO NASCIMENTO - ME<\/td><td class=\"column-10\">DISTRIBUIDORA DANTAS FERNANDES LTDA<\/td><td class=\"column-11\">18.325.996\/0001-70<\/td><td class=\"column-12\">R$ 37.670,60<\/td><td class=\"column-13\">Encerrada<\/td><td class=\"column-14\">020061126004\/2021\t<\/td><td class=\"column-15\">26\/11\/2021<\/td><td class=\"column-16\"><\/td><td class=\"column-17\"><\/td>\n<\/tr>\n<tr class=\"row-642\">\n\t<td class=\"column-1\">711\/2021<\/td><td class=\"column-2\">711\/2021<\/td><td class=\"column-3\">07\/09\/2021<\/td><td class=\"column-4\">14\/09\/2021<\/td><td class=\"column-5\">Preg\u00e3o Eletr\u00f4nico<\/td><td class=\"column-6\">Menor Pre\u00e7o Por Item<\/td><td class=\"column-7\">CONTRATA\u00c7\u00c3O DE PESSOA JUR\u00cdDICA PARA AQUISI\u00c7\u00c3O FUTURA E EVENTUAL DE G\u00caNEROS ALIMENT\u00cdCIOA COM O OBJETIVO DE ATENDER AS DEMANDAS DA SECRETARIA MUNICIPAL DE EDUCA\u00c7\u00c3O E CULTURA E AS NECESSIDADES ALIMENTARES DOS ALUNOS DA REDE MUNICIPAL DE ENSINO, GARANTINDO A CONTINUIDADE DAS A\u00c7\u00d5ES DO PROGRAMA NACIONAL DE ALIMENTA\u00c7\u00c3O ESCOLAR (PNAE)<\/td><td class=\"column-8\">R$ 2.387.665,24<\/td><td class=\"column-9\">A. AZEVEDO DA SILVA EIRELI, C J DE ARA\u00daJO PESSOA ME , DISTRIBUIDORA DANTAS FERNANDES LTDA, F D COMERCIO DE ALIMENTOS LTDA, KLINTEX LTDA, L P MENDON\u00c7A SOBRINHO, T. P. S. DO NASCIMENTO - ME<\/td><td class=\"column-10\">DISTRIBUIDORA DANTAS FERNANDES LTDA<\/td><td class=\"column-11\">18.325.996\/0001-70<\/td><td class=\"column-12\">R$ 37.670,60<\/td><td class=\"column-13\">Encerrada<\/td><td class=\"column-14\">020081129003\/2021\t<\/td><td class=\"column-15\">29\/11\/2021<\/td><td class=\"column-16\"><\/td><td class=\"column-17\"><\/td>\n<\/tr>\n<tr class=\"row-643\">\n\t<td class=\"column-1\">711\/2021<\/td><td class=\"column-2\">711\/2021<\/td><td class=\"column-3\">07\/09\/2021<\/td><td class=\"column-4\">14\/09\/2021<\/td><td class=\"column-5\">Preg\u00e3o Eletr\u00f4nico<\/td><td class=\"column-6\">Menor Pre\u00e7o Por Item<\/td><td class=\"column-7\">CONTRATA\u00c7\u00c3O DE PESSOA JUR\u00cdDICA PARA AQUISI\u00c7\u00c3O FUTURA E EVENTUAL DE G\u00caNEROS ALIMENT\u00cdCIOA COM O OBJETIVO DE ATENDER AS DEMANDAS DA SECRETARIA MUNICIPAL DE EDUCA\u00c7\u00c3O E CULTURA E AS NECESSIDADES ALIMENTARES DOS ALUNOS DA REDE MUNICIPAL DE ENSINO, GARANTINDO A CONTINUIDADE DAS A\u00c7\u00d5ES DO PROGRAMA NACIONAL DE ALIMENTA\u00c7\u00c3O ESCOLAR (PNAE)<\/td><td class=\"column-8\">R$ 2.387.665,24<\/td><td class=\"column-9\">A. AZEVEDO DA SILVA EIRELI, C J DE ARA\u00daJO PESSOA ME , DISTRIBUIDORA DANTAS FERNANDES LTDA, F D COMERCIO DE ALIMENTOS LTDA, KLINTEX LTDA, L P MENDON\u00c7A SOBRINHO, T. P. S. DO NASCIMENTO - ME<\/td><td class=\"column-10\">DISTRIBUIDORA DANTAS FERNANDES LTDA<\/td><td class=\"column-11\">18.325.996\/0001-70<\/td><td class=\"column-12\">R$ 37.670,60<\/td><td class=\"column-13\">Encerrada<\/td><td class=\"column-14\">020061214005\/2021\t<\/td><td class=\"column-15\">14\/12\/2021<\/td><td class=\"column-16\"><\/td><td class=\"column-17\"><\/td>\n<\/tr>\n<tr class=\"row-644\">\n\t<td class=\"column-1\">711\/2021<\/td><td class=\"column-2\">711\/2021<\/td><td class=\"column-3\">07\/09\/2021<\/td><td class=\"column-4\">14\/09\/2021<\/td><td class=\"column-5\">Preg\u00e3o Eletr\u00f4nico<\/td><td class=\"column-6\">Menor Pre\u00e7o Por Item<\/td><td class=\"column-7\">CONTRATA\u00c7\u00c3O DE PESSOA JUR\u00cdDICA PARA AQUISI\u00c7\u00c3O FUTURA E EVENTUAL DE G\u00caNEROS ALIMENT\u00cdCIOA COM O OBJETIVO DE ATENDER AS DEMANDAS DA SECRETARIA MUNICIPAL DE EDUCA\u00c7\u00c3O E CULTURA E AS NECESSIDADES ALIMENTARES DOS ALUNOS DA REDE MUNICIPAL DE ENSINO, GARANTINDO A CONTINUIDADE DAS A\u00c7\u00d5ES DO PROGRAMA NACIONAL DE ALIMENTA\u00c7\u00c3O ESCOLAR (PNAE)<\/td><td class=\"column-8\">R$ 2.387.665,24<\/td><td class=\"column-9\">A. AZEVEDO DA SILVA EIRELI, C J DE ARA\u00daJO PESSOA ME , DISTRIBUIDORA DANTAS FERNANDES LTDA, F D COMERCIO DE ALIMENTOS LTDA, KLINTEX LTDA, L P MENDON\u00c7A SOBRINHO, T. P. S. DO NASCIMENTO - ME<\/td><td class=\"column-10\">F D COMERCIO DE ALIMENTOS LTDA<\/td><td class=\"column-11\">70.026.240\/0001-40<\/td><td class=\"column-12\">R$ 81.636,62<\/td><td class=\"column-13\">Encerrada<\/td><td class=\"column-14\">02006930004\/2021\t<\/td><td class=\"column-15\">30\/09\/2021<\/td><td class=\"column-16\"><\/td><td class=\"column-17\"><\/td>\n<\/tr>\n<tr class=\"row-645\">\n\t<td class=\"column-1\">711\/2021<\/td><td class=\"column-2\">711\/2021<\/td><td class=\"column-3\">07\/09\/2021<\/td><td class=\"column-4\">14\/09\/2021<\/td><td class=\"column-5\">Preg\u00e3o Eletr\u00f4nico<\/td><td class=\"column-6\">Menor Pre\u00e7o Por Item<\/td><td class=\"column-7\">CONTRATA\u00c7\u00c3O DE PESSOA JUR\u00cdDICA PARA AQUISI\u00c7\u00c3O FUTURA E EVENTUAL DE G\u00caNEROS ALIMENT\u00cdCIOA COM O OBJETIVO DE ATENDER AS DEMANDAS DA SECRETARIA MUNICIPAL DE EDUCA\u00c7\u00c3O E CULTURA E AS NECESSIDADES ALIMENTARES DOS ALUNOS DA REDE MUNICIPAL DE ENSINO, GARANTINDO A CONTINUIDADE DAS A\u00c7\u00d5ES DO PROGRAMA NACIONAL DE ALIMENTA\u00c7\u00c3O ESCOLAR (PNAE)<\/td><td class=\"column-8\">R$ 2.387.665,24<\/td><td class=\"column-9\">A. AZEVEDO DA SILVA EIRELI, C J DE ARA\u00daJO PESSOA ME , DISTRIBUIDORA DANTAS FERNANDES LTDA, F D COMERCIO DE ALIMENTOS LTDA, KLINTEX LTDA, L P MENDON\u00c7A SOBRINHO, T. P. S. DO NASCIMENTO - ME<\/td><td class=\"column-10\">F D COMERCIO DE ALIMENTOS LTDA<\/td><td class=\"column-11\">70.026.240\/0001-40<\/td><td class=\"column-12\">R$ 81.636,62<\/td><td class=\"column-13\">Encerrada<\/td><td class=\"column-14\">020021022003\/2021\t<\/td><td class=\"column-15\">22\/10\/2021<\/td><td class=\"column-16\"><\/td><td class=\"column-17\"><\/td>\n<\/tr>\n<tr class=\"row-646\">\n\t<td class=\"column-1\">711\/2021<\/td><td class=\"column-2\">711\/2021<\/td><td class=\"column-3\">07\/09\/2021<\/td><td class=\"column-4\">14\/09\/2021<\/td><td class=\"column-5\">Preg\u00e3o Eletr\u00f4nico<\/td><td class=\"column-6\">Menor Pre\u00e7o Por Item<\/td><td class=\"column-7\">CONTRATA\u00c7\u00c3O DE PESSOA JUR\u00cdDICA PARA AQUISI\u00c7\u00c3O FUTURA E EVENTUAL DE G\u00caNEROS ALIMENT\u00cdCIOA COM O OBJETIVO DE ATENDER AS DEMANDAS DA SECRETARIA MUNICIPAL DE EDUCA\u00c7\u00c3O E CULTURA E AS NECESSIDADES ALIMENTARES DOS ALUNOS DA REDE MUNICIPAL DE ENSINO, GARANTINDO A CONTINUIDADE DAS A\u00c7\u00d5ES DO PROGRAMA NACIONAL DE ALIMENTA\u00c7\u00c3O ESCOLAR (PNAE)<\/td><td class=\"column-8\">R$ 2.387.665,24<\/td><td class=\"column-9\">A. AZEVEDO DA SILVA EIRELI, C J DE ARA\u00daJO PESSOA ME , DISTRIBUIDORA DANTAS FERNANDES LTDA, F D COMERCIO DE ALIMENTOS LTDA, KLINTEX LTDA, L P MENDON\u00c7A SOBRINHO, T. P. S. DO NASCIMENTO - ME<\/td><td class=\"column-10\">F D COMERCIO DE ALIMENTOS LTDA<\/td><td class=\"column-11\">70.026.240\/0001-40<\/td><td class=\"column-12\">R$ 81.636,62<\/td><td class=\"column-13\">Encerrada<\/td><td class=\"column-14\">040011116001\/2021\t<\/td><td class=\"column-15\">16\/11\/2021<\/td><td class=\"column-16\"><\/td><td class=\"column-17\"><\/td>\n<\/tr>\n<tr class=\"row-647\">\n\t<td class=\"column-1\">711\/2021<\/td><td class=\"column-2\">711\/2021<\/td><td class=\"column-3\">07\/09\/2021<\/td><td class=\"column-4\">14\/09\/2021<\/td><td class=\"column-5\">Preg\u00e3o Eletr\u00f4nico<\/td><td class=\"column-6\">Menor Pre\u00e7o Por Item<\/td><td class=\"column-7\">CONTRATA\u00c7\u00c3O DE PESSOA JUR\u00cdDICA PARA AQUISI\u00c7\u00c3O FUTURA E EVENTUAL DE G\u00caNEROS ALIMENT\u00cdCIOA COM O OBJETIVO DE ATENDER AS DEMANDAS DA SECRETARIA MUNICIPAL DE EDUCA\u00c7\u00c3O E CULTURA E AS NECESSIDADES ALIMENTARES DOS ALUNOS DA REDE MUNICIPAL DE ENSINO, GARANTINDO A CONTINUIDADE DAS A\u00c7\u00d5ES DO PROGRAMA NACIONAL DE ALIMENTA\u00c7\u00c3O ESCOLAR (PNAE)<\/td><td class=\"column-8\">R$ 2.387.665,24<\/td><td class=\"column-9\">A. AZEVEDO DA SILVA EIRELI, C J DE ARA\u00daJO PESSOA ME , DISTRIBUIDORA DANTAS FERNANDES LTDA, F D COMERCIO DE ALIMENTOS LTDA, KLINTEX LTDA, L P MENDON\u00c7A SOBRINHO, T. P. S. DO NASCIMENTO - ME<\/td><td class=\"column-10\">F D COMERCIO DE ALIMENTOS LTDA<\/td><td class=\"column-11\">70.026.240\/0001-40<\/td><td class=\"column-12\">R$ 81.636,62<\/td><td class=\"column-13\">Encerrada<\/td><td class=\"column-14\">020061126006\/2021\t<\/td><td class=\"column-15\">26\/11\/2021<\/td><td class=\"column-16\"><\/td><td class=\"column-17\"><\/td>\n<\/tr>\n<tr class=\"row-648\">\n\t<td class=\"column-1\">711\/2021<\/td><td class=\"column-2\">711\/2021<\/td><td class=\"column-3\">07\/09\/2021<\/td><td class=\"column-4\">14\/09\/2021<\/td><td class=\"column-5\">Preg\u00e3o Eletr\u00f4nico<\/td><td class=\"column-6\">Menor Pre\u00e7o Por Item<\/td><td class=\"column-7\">CONTRATA\u00c7\u00c3O DE PESSOA JUR\u00cdDICA PARA AQUISI\u00c7\u00c3O FUTURA E EVENTUAL DE G\u00caNEROS ALIMENT\u00cdCIOA COM O OBJETIVO DE ATENDER AS DEMANDAS DA SECRETARIA MUNICIPAL DE EDUCA\u00c7\u00c3O E CULTURA E AS NECESSIDADES ALIMENTARES DOS ALUNOS DA REDE MUNICIPAL DE ENSINO, GARANTINDO A CONTINUIDADE DAS A\u00c7\u00d5ES DO PROGRAMA NACIONAL DE ALIMENTA\u00c7\u00c3O ESCOLAR (PNAE)<\/td><td class=\"column-8\">R$ 2.387.665,24<\/td><td class=\"column-9\">A. AZEVEDO DA SILVA EIRELI, C J DE ARA\u00daJO PESSOA ME , DISTRIBUIDORA DANTAS FERNANDES LTDA, F D COMERCIO DE ALIMENTOS LTDA, KLINTEX LTDA, L P MENDON\u00c7A SOBRINHO, T. P. S. DO NASCIMENTO - ME<\/td><td class=\"column-10\">F D COMERCIO DE ALIMENTOS LTDA<\/td><td class=\"column-11\">70.026.240\/0001-40<\/td><td class=\"column-12\">R$ 81.636,62<\/td><td class=\"column-13\">Encerrada<\/td><td class=\"column-14\">020081129001\/2021\t<\/td><td class=\"column-15\">29\/11\/2021<\/td><td class=\"column-16\"><\/td><td class=\"column-17\"><\/td>\n<\/tr>\n<tr class=\"row-649\">\n\t<td class=\"column-1\">711\/2021<\/td><td class=\"column-2\">711\/2021<\/td><td class=\"column-3\">07\/09\/2021<\/td><td class=\"column-4\">14\/09\/2021<\/td><td class=\"column-5\">Preg\u00e3o Eletr\u00f4nico<\/td><td class=\"column-6\">Menor Pre\u00e7o Por Item<\/td><td class=\"column-7\">CONTRATA\u00c7\u00c3O DE PESSOA JUR\u00cdDICA PARA AQUISI\u00c7\u00c3O FUTURA E EVENTUAL DE G\u00caNEROS ALIMENT\u00cdCIOA COM O OBJETIVO DE ATENDER AS DEMANDAS DA SECRETARIA MUNICIPAL DE EDUCA\u00c7\u00c3O E CULTURA E AS NECESSIDADES ALIMENTARES DOS ALUNOS DA REDE MUNICIPAL DE ENSINO, GARANTINDO A CONTINUIDADE DAS A\u00c7\u00d5ES DO PROGRAMA NACIONAL DE ALIMENTA\u00c7\u00c3O ESCOLAR (PNAE)<\/td><td class=\"column-8\">R$ 2.387.665,24<\/td><td class=\"column-9\">A. AZEVEDO DA SILVA EIRELI, C J DE ARA\u00daJO PESSOA ME , DISTRIBUIDORA DANTAS FERNANDES LTDA, F D COMERCIO DE ALIMENTOS LTDA, KLINTEX LTDA, L P MENDON\u00c7A SOBRINHO, T. P. S. DO NASCIMENTO - ME<\/td><td class=\"column-10\">F D COMERCIO DE ALIMENTOS LTDA<\/td><td class=\"column-11\">70.026.240\/0001-40<\/td><td class=\"column-12\">R$ 81.636,62<\/td><td class=\"column-13\">Encerrada<\/td><td class=\"column-14\">020061214003\/2021\t<\/td><td class=\"column-15\">14\/12\/2021<\/td><td class=\"column-16\"><\/td><td class=\"column-17\"><\/td>\n<\/tr>\n<tr class=\"row-650\">\n\t<td class=\"column-1\">711\/2021<\/td><td class=\"column-2\">711\/2021<\/td><td class=\"column-3\">07\/09\/2021<\/td><td class=\"column-4\">14\/09\/2021<\/td><td class=\"column-5\">Preg\u00e3o Eletr\u00f4nico<\/td><td class=\"column-6\">Menor Pre\u00e7o Por Item<\/td><td class=\"column-7\">CONTRATA\u00c7\u00c3O DE PESSOA JUR\u00cdDICA PARA AQUISI\u00c7\u00c3O FUTURA E EVENTUAL DE G\u00caNEROS ALIMENT\u00cdCIOA COM O OBJETIVO DE ATENDER AS DEMANDAS DA SECRETARIA MUNICIPAL DE EDUCA\u00c7\u00c3O E CULTURA E AS NECESSIDADES ALIMENTARES DOS ALUNOS DA REDE MUNICIPAL DE ENSINO, GARANTINDO A CONTINUIDADE DAS A\u00c7\u00d5ES DO PROGRAMA NACIONAL DE ALIMENTA\u00c7\u00c3O ESCOLAR (PNAE)<\/td><td class=\"column-8\">R$ 2.387.665,24<\/td><td class=\"column-9\">A. AZEVEDO DA SILVA EIRELI, C J DE ARA\u00daJO PESSOA ME , DISTRIBUIDORA DANTAS FERNANDES LTDA, F D COMERCIO DE ALIMENTOS LTDA, KLINTEX LTDA, L P MENDON\u00c7A SOBRINHO, T. P. S. DO NASCIMENTO - ME<\/td><td class=\"column-10\">KLINTEX LTDA<\/td><td class=\"column-11\">32.627.216\/0001-78<\/td><td class=\"column-12\">R$ 76.750,88<\/td><td class=\"column-13\">Encerrada<\/td><td class=\"column-14\">02006930005\/2021\t<\/td><td class=\"column-15\">30\/09\/2021<\/td><td class=\"column-16\"><\/td><td class=\"column-17\"><\/td>\n<\/tr>\n<tr class=\"row-651\">\n\t<td class=\"column-1\">711\/2021<\/td><td class=\"column-2\">711\/2021<\/td><td class=\"column-3\">07\/09\/2021<\/td><td class=\"column-4\">14\/09\/2021<\/td><td class=\"column-5\">Preg\u00e3o Eletr\u00f4nico<\/td><td class=\"column-6\">Menor Pre\u00e7o Por Item<\/td><td class=\"column-7\">CONTRATA\u00c7\u00c3O DE PESSOA JUR\u00cdDICA PARA AQUISI\u00c7\u00c3O FUTURA E EVENTUAL DE G\u00caNEROS ALIMENT\u00cdCIOA COM O OBJETIVO DE ATENDER AS DEMANDAS DA SECRETARIA MUNICIPAL DE EDUCA\u00c7\u00c3O E CULTURA E AS NECESSIDADES ALIMENTARES DOS ALUNOS DA REDE MUNICIPAL DE ENSINO, GARANTINDO A CONTINUIDADE DAS A\u00c7\u00d5ES DO PROGRAMA NACIONAL DE ALIMENTA\u00c7\u00c3O ESCOLAR (PNAE)<\/td><td class=\"column-8\">R$ 2.387.665,24<\/td><td class=\"column-9\">A. AZEVEDO DA SILVA EIRELI, C J DE ARA\u00daJO PESSOA ME , DISTRIBUIDORA DANTAS FERNANDES LTDA, F D COMERCIO DE ALIMENTOS LTDA, KLINTEX LTDA, L P MENDON\u00c7A SOBRINHO, T. P. S. DO NASCIMENTO - ME<\/td><td class=\"column-10\">KLINTEX LTDA<\/td><td class=\"column-11\">32.627.216\/0001-78<\/td><td class=\"column-12\">R$ 76.750,88<\/td><td class=\"column-13\">Encerrada<\/td><td class=\"column-14\">020021022002\/2021\t<\/td><td class=\"column-15\">22\/10\/2021<\/td><td class=\"column-16\"><\/td><td class=\"column-17\"><\/td>\n<\/tr>\n<tr class=\"row-652\">\n\t<td class=\"column-1\">711\/2021<\/td><td class=\"column-2\">711\/2021<\/td><td class=\"column-3\">07\/09\/2021<\/td><td class=\"column-4\">14\/09\/2021<\/td><td class=\"column-5\">Preg\u00e3o Eletr\u00f4nico<\/td><td class=\"column-6\">Menor Pre\u00e7o Por Item<\/td><td class=\"column-7\">CONTRATA\u00c7\u00c3O DE PESSOA JUR\u00cdDICA PARA AQUISI\u00c7\u00c3O FUTURA E EVENTUAL DE G\u00caNEROS ALIMENT\u00cdCIOA COM O OBJETIVO DE ATENDER AS DEMANDAS DA SECRETARIA MUNICIPAL DE EDUCA\u00c7\u00c3O E CULTURA E AS NECESSIDADES ALIMENTARES DOS ALUNOS DA REDE MUNICIPAL DE ENSINO, GARANTINDO A CONTINUIDADE DAS A\u00c7\u00d5ES DO PROGRAMA NACIONAL DE ALIMENTA\u00c7\u00c3O ESCOLAR (PNAE)<\/td><td class=\"column-8\">R$ 2.387.665,24<\/td><td class=\"column-9\">A. AZEVEDO DA SILVA EIRELI, C J DE ARA\u00daJO PESSOA ME , DISTRIBUIDORA DANTAS FERNANDES LTDA, F D COMERCIO DE ALIMENTOS LTDA, KLINTEX LTDA, L P MENDON\u00c7A SOBRINHO, T. P. S. DO NASCIMENTO - ME<\/td><td class=\"column-10\">KLINTEX LTDA<\/td><td class=\"column-11\">32.627.216\/0001-78<\/td><td class=\"column-12\">R$ 76.750,88<\/td><td class=\"column-13\">Encerrada<\/td><td class=\"column-14\">040011116003\/2021\t<\/td><td class=\"column-15\">16\/11\/2021<\/td><td class=\"column-16\"><\/td><td class=\"column-17\"><\/td>\n<\/tr>\n<tr class=\"row-653\">\n\t<td class=\"column-1\">711\/2021<\/td><td class=\"column-2\">711\/2021<\/td><td class=\"column-3\">07\/09\/2021<\/td><td class=\"column-4\">14\/09\/2021<\/td><td class=\"column-5\">Preg\u00e3o Eletr\u00f4nico<\/td><td class=\"column-6\">Menor Pre\u00e7o Por Item<\/td><td class=\"column-7\">CONTRATA\u00c7\u00c3O DE PESSOA JUR\u00cdDICA PARA AQUISI\u00c7\u00c3O FUTURA E EVENTUAL DE G\u00caNEROS ALIMENT\u00cdCIOA COM O OBJETIVO DE ATENDER AS DEMANDAS DA SECRETARIA MUNICIPAL DE EDUCA\u00c7\u00c3O E CULTURA E AS NECESSIDADES ALIMENTARES DOS ALUNOS DA REDE MUNICIPAL DE ENSINO, GARANTINDO A CONTINUIDADE DAS A\u00c7\u00d5ES DO PROGRAMA NACIONAL DE ALIMENTA\u00c7\u00c3O ESCOLAR (PNAE)<\/td><td class=\"column-8\">R$ 2.387.665,24<\/td><td class=\"column-9\">A. AZEVEDO DA SILVA EIRELI, C J DE ARA\u00daJO PESSOA ME , DISTRIBUIDORA DANTAS FERNANDES LTDA, F D COMERCIO DE ALIMENTOS LTDA, KLINTEX LTDA, L P MENDON\u00c7A SOBRINHO, T. P. S. DO NASCIMENTO - ME<\/td><td class=\"column-10\">KLINTEX LTDA<\/td><td class=\"column-11\">32.627.216\/0001-78<\/td><td class=\"column-12\">R$ 76.750,88<\/td><td class=\"column-13\">Encerrada<\/td><td class=\"column-14\">020061126005\/2021\t<\/td><td class=\"column-15\">26\/11\/2021<\/td><td class=\"column-16\"><\/td><td class=\"column-17\"><\/td>\n<\/tr>\n<tr class=\"row-654\">\n\t<td class=\"column-1\">711\/2021<\/td><td class=\"column-2\">711\/2021<\/td><td class=\"column-3\">07\/09\/2021<\/td><td class=\"column-4\">14\/09\/2021<\/td><td class=\"column-5\">Preg\u00e3o Eletr\u00f4nico<\/td><td class=\"column-6\">Menor Pre\u00e7o Por Item<\/td><td class=\"column-7\">CONTRATA\u00c7\u00c3O DE PESSOA JUR\u00cdDICA PARA AQUISI\u00c7\u00c3O FUTURA E EVENTUAL DE G\u00caNEROS ALIMENT\u00cdCIOA COM O OBJETIVO DE ATENDER AS DEMANDAS DA SECRETARIA MUNICIPAL DE EDUCA\u00c7\u00c3O E CULTURA E AS NECESSIDADES ALIMENTARES DOS ALUNOS DA REDE MUNICIPAL DE ENSINO, GARANTINDO A CONTINUIDADE DAS A\u00c7\u00d5ES DO PROGRAMA NACIONAL DE ALIMENTA\u00c7\u00c3O ESCOLAR (PNAE)<\/td><td class=\"column-8\">R$ 2.387.665,24<\/td><td class=\"column-9\">A. AZEVEDO DA SILVA EIRELI, C J DE ARA\u00daJO PESSOA ME , DISTRIBUIDORA DANTAS FERNANDES LTDA, F D COMERCIO DE ALIMENTOS LTDA, KLINTEX LTDA, L P MENDON\u00c7A SOBRINHO, T. P. S. DO NASCIMENTO - ME<\/td><td class=\"column-10\">KLINTEX LTDA<\/td><td class=\"column-11\">32.627.216\/0001-78<\/td><td class=\"column-12\">R$ 76.750,88<\/td><td class=\"column-13\">Encerrada<\/td><td class=\"column-14\">020081129002\/2021\t<\/td><td class=\"column-15\">29\/11\/2021<\/td><td class=\"column-16\"><\/td><td class=\"column-17\"><\/td>\n<\/tr>\n<tr class=\"row-655\">\n\t<td class=\"column-1\">711\/2021<\/td><td class=\"column-2\">711\/2021<\/td><td class=\"column-3\">07\/09\/2021<\/td><td class=\"column-4\">14\/09\/2021<\/td><td class=\"column-5\">Preg\u00e3o Eletr\u00f4nico<\/td><td class=\"column-6\">Menor Pre\u00e7o Por Item<\/td><td class=\"column-7\">CONTRATA\u00c7\u00c3O DE PESSOA JUR\u00cdDICA PARA AQUISI\u00c7\u00c3O FUTURA E EVENTUAL DE G\u00caNEROS ALIMENT\u00cdCIOA COM O OBJETIVO DE ATENDER AS DEMANDAS DA SECRETARIA MUNICIPAL DE EDUCA\u00c7\u00c3O E CULTURA E AS NECESSIDADES ALIMENTARES DOS ALUNOS DA REDE MUNICIPAL DE ENSINO, GARANTINDO A CONTINUIDADE DAS A\u00c7\u00d5ES DO PROGRAMA NACIONAL DE ALIMENTA\u00c7\u00c3O ESCOLAR (PNAE)<\/td><td class=\"column-8\">R$ 2.387.665,24<\/td><td class=\"column-9\">A. AZEVEDO DA SILVA EIRELI, C J DE ARA\u00daJO PESSOA ME , DISTRIBUIDORA DANTAS FERNANDES LTDA, F D COMERCIO DE ALIMENTOS LTDA, KLINTEX LTDA, L P MENDON\u00c7A SOBRINHO, T. P. S. DO NASCIMENTO - ME<\/td><td class=\"column-10\">KLINTEX LTDA<\/td><td class=\"column-11\">32.627.216\/0001-78<\/td><td class=\"column-12\">R$ 76.750,88<\/td><td class=\"column-13\">Encerrada<\/td><td class=\"column-14\">040011116004\/2021\t<\/td><td class=\"column-15\">16\/11\/2021<\/td><td class=\"column-16\"><\/td><td class=\"column-17\"><\/td>\n<\/tr>\n<tr class=\"row-656\">\n\t<td class=\"column-1\">711\/2021<\/td><td class=\"column-2\">711\/2021<\/td><td class=\"column-3\">07\/09\/2021<\/td><td class=\"column-4\">14\/09\/2021<\/td><td class=\"column-5\">Preg\u00e3o Eletr\u00f4nico<\/td><td class=\"column-6\">Menor Pre\u00e7o Por Item<\/td><td class=\"column-7\">CONTRATA\u00c7\u00c3O DE PESSOA JUR\u00cdDICA PARA AQUISI\u00c7\u00c3O FUTURA E EVENTUAL DE G\u00caNEROS ALIMENT\u00cdCIOA COM O OBJETIVO DE ATENDER AS DEMANDAS DA SECRETARIA MUNICIPAL DE EDUCA\u00c7\u00c3O E CULTURA E AS NECESSIDADES ALIMENTARES DOS ALUNOS DA REDE MUNICIPAL DE ENSINO, GARANTINDO A CONTINUIDADE DAS A\u00c7\u00d5ES DO PROGRAMA NACIONAL DE ALIMENTA\u00c7\u00c3O ESCOLAR (PNAE)<\/td><td class=\"column-8\">R$ 2.387.665,24<\/td><td class=\"column-9\">A. AZEVEDO DA SILVA EIRELI, C J DE ARA\u00daJO PESSOA ME , DISTRIBUIDORA DANTAS FERNANDES LTDA, F D COMERCIO DE ALIMENTOS LTDA, KLINTEX LTDA, L P MENDON\u00c7A SOBRINHO, T. P. S. DO NASCIMENTO - ME<\/td><td class=\"column-10\">KLINTEX LTDA<\/td><td class=\"column-11\">32.627.216\/0001-78<\/td><td class=\"column-12\">R$ 76.750,88<\/td><td class=\"column-13\">Encerrada<\/td><td class=\"column-14\">020061214001\/2021\t<\/td><td class=\"column-15\">14\/12\/2021<\/td><td class=\"column-16\"><\/td><td class=\"column-17\"><\/td>\n<\/tr>\n<tr class=\"row-657\">\n\t<td class=\"column-1\">711\/2021<\/td><td class=\"column-2\">711\/2021<\/td><td class=\"column-3\">07\/09\/2021<\/td><td class=\"column-4\">14\/09\/2021<\/td><td class=\"column-5\">Preg\u00e3o Eletr\u00f4nico<\/td><td class=\"column-6\">Menor Pre\u00e7o Por Item<\/td><td class=\"column-7\">CONTRATA\u00c7\u00c3O DE PESSOA JUR\u00cdDICA PARA AQUISI\u00c7\u00c3O FUTURA E EVENTUAL DE G\u00caNEROS ALIMENT\u00cdCIOA COM O OBJETIVO DE ATENDER AS DEMANDAS DA SECRETARIA MUNICIPAL DE EDUCA\u00c7\u00c3O E CULTURA E AS NECESSIDADES ALIMENTARES DOS ALUNOS DA REDE MUNICIPAL DE ENSINO, GARANTINDO A CONTINUIDADE DAS A\u00c7\u00d5ES DO PROGRAMA NACIONAL DE ALIMENTA\u00c7\u00c3O ESCOLAR (PNAE)<\/td><td class=\"column-8\">R$ 2.387.665,24<\/td><td class=\"column-9\">A. AZEVEDO DA SILVA EIRELI, C J DE ARA\u00daJO PESSOA ME , DISTRIBUIDORA DANTAS FERNANDES LTDA, F D COMERCIO DE ALIMENTOS LTDA, KLINTEX LTDA, L P MENDON\u00c7A SOBRINHO, T. P. S. DO NASCIMENTO - ME<\/td><td class=\"column-10\">L P MENDON\u00c7A SOBRINHO<\/td><td class=\"column-11\">24.913.657\/0001-08<\/td><td class=\"column-12\">R$ 7.191,60<\/td><td class=\"column-13\">Encerrada<\/td><td class=\"column-14\"><\/td><td class=\"column-15\"><\/td><td class=\"column-16\"><\/td><td class=\"column-17\"><\/td>\n<\/tr>\n<tr class=\"row-658\">\n\t<td class=\"column-1\">712\/2021<\/td><td class=\"column-2\">712\/2021<\/td><td class=\"column-3\"><\/td><td class=\"column-4\">29\/08\/2021<\/td><td class=\"column-5\">Dispensa<\/td><td class=\"column-6\">Menor Pre\u00e7o<\/td><td class=\"column-7\">Contrata\u00e7\u00e3o de empresa especializada na presta\u00e7\u00e3o de servi\u00e7os gr\u00e1ficos em camisetas com garantia de qualidade e por demanda.<\/td><td class=\"column-8\">R$ 16.800,00<\/td><td class=\"column-9\">J. D. ALVES MISAEL - ME, JANAINA RODRIGUES DE MACEDO 01208000470, WS SERVI\u00c7OS E LOCA\u00c7OES EIRELI<\/td><td class=\"column-10\">JANAINA RODRIGUES DE MACEDO 01208000470<\/td><td class=\"column-11\">40.251.817\/0001-57<\/td><td class=\"column-12\">R$ 16.800,00<\/td><td class=\"column-13\">Encerrada<\/td><td class=\"column-14\">040011001001\/2021\t<\/td><td class=\"column-15\">01\/10\/2021<\/td><td class=\"column-16\"><\/td><td class=\"column-17\"><\/td>\n<\/tr>\n<tr class=\"row-659\">\n\t<td class=\"column-1\">715\/2021<\/td><td class=\"column-2\">715\/2021<\/td><td class=\"column-3\"><\/td><td class=\"column-4\">29\/09\/2021<\/td><td class=\"column-5\">Dispensa<\/td><td class=\"column-6\">Menor Pre\u00e7o Por Item<\/td><td class=\"column-7\">O Presente termo objetivo estabelecer par\u00e2metros para a CONTRATA\u00c7\u00c3O DO SERVI\u00c7O DE APOIO \u00c0S MICRO E PEQUENAS EMPRESAS DO RIO GRANDE DO NORTE - SEBRAE\/RN, PARA A REALIZA\u00c7\u00c3O DE CURSO DE CAPICITA\u00c7\u00c3O DE SERVIDORES, conforme especifica\u00e7\u00f5es aqui contidas.<\/td><td class=\"column-8\">R$ 2.800,00<\/td><td class=\"column-9\">SERVICO DE APOIO AS MICRO E PEQUENAS EMPRESAS DO RN<\/td><td class=\"column-10\">SERVICO DE APOIO AS MICRO E PEQUENAS EMPRESAS DO RN<\/td><td class=\"column-11\">08.060.774\/0001-10<\/td><td class=\"column-12\">R$ 2.800,00<\/td><td class=\"column-13\">Encerrada<\/td><td class=\"column-14\">020021001002\/2021\t<\/td><td class=\"column-15\">01\/10\/2021<\/td><td class=\"column-16\"><\/td><td class=\"column-17\"><\/td>\n<\/tr>\n<tr class=\"row-660\">\n\t<td class=\"column-1\">720\/2021<\/td><td class=\"column-2\">720\/2021<\/td><td class=\"column-3\"><\/td><td class=\"column-4\">22\/10\/2021<\/td><td class=\"column-5\">Dispensa<\/td><td class=\"column-6\">Menor Pre\u00e7o Por Item<\/td><td class=\"column-7\">CONTRATA\u00c7\u00c3O DE EMPRESA PRESTADORA DE SERVI\u00c7OS DE MAMOGRAFIA BILATERAL, ATRAV\u00c9S DE UNIDADE M\u00d3VEL DE MAMOGRAFIA EM VE\u00cdCULO MOTORIZADO.<\/td><td class=\"column-8\">R$ 11.250,00<\/td><td class=\"column-9\">CLIMED - CLINICA MEDICA, CLINICA CHECK-UP LTDA, FRANCISCO CAIO AUGUSTO COSTA FONSECA <\/td><td class=\"column-10\">CLINICA CHECK-UP LTDA<\/td><td class=\"column-11\">30.712.156\/0002-47<\/td><td class=\"column-12\">R$ 11.250,00<\/td><td class=\"column-13\">Encerrada<\/td><td class=\"column-14\">030011025001\/2021\t<\/td><td class=\"column-15\">25\/10\/2021<\/td><td class=\"column-16\">97\/2021\t<\/td><td class=\"column-17\">25\/10\/2021<\/td>\n<\/tr>\n<tr class=\"row-661\">\n\t<td class=\"column-1\">742\/2021<\/td><td class=\"column-2\">742\/2021<\/td><td class=\"column-3\"><\/td><td class=\"column-4\">13\/12\/2021<\/td><td class=\"column-5\">Dispensa<\/td><td class=\"column-6\">Menor Pre\u00e7o Por Item<\/td><td class=\"column-7\">Contrata\u00e7\u00e3o empresa especializada para a realiza\u00e7\u00e3o de curso de capacita\u00e7\u00e3o, treinamento e aperfei\u00e7oamento pessoal em licita\u00e7\u00f5es e contratos p\u00fablicos, e implementa\u00e7\u00e3o da Lei n\u00ba 14.133\/2021 neste munic\u00edpio, com dura\u00e7\u00e3o de 50 (cinquenta horas)<\/td><td class=\"column-8\">R$ 25.000,00<\/td><td class=\"column-9\">2M ASSESSORIA PLANEJAMENTO E DESENVOLVIMENTO LTDA , BS ASSESSORIA E CURSOS, CEPLAME CAPACITA\u00c7\u00c3O E GEST\u00c3O <\/td><td class=\"column-10\">BS ASSESSORIA E CURSOS<\/td><td class=\"column-11\">40.009.697\/0001-86<\/td><td class=\"column-12\">R$ 25.000,00<\/td><td class=\"column-13\">Encerrada<\/td><td class=\"column-14\">020021214001\/2021\t<\/td><td class=\"column-15\">14\/12\/2021<\/td><td class=\"column-16\"><\/td><td class=\"column-17\"><\/td>\n<\/tr>\n<tr class=\"row-662\">\n\t<td class=\"column-1\">744\/2021<\/td><td class=\"column-2\">744\/2021<\/td><td class=\"column-3\"><\/td><td class=\"column-4\">05\/11\/2021<\/td><td class=\"column-5\">Dispensa<\/td><td class=\"column-6\">Menor Pre\u00e7o Global<\/td><td class=\"column-7\">Contrata\u00e7\u00e3o do INSTITUTO EUVALDO LODI DO ESTADO DO RIO GRANDE DO NORTE (IEL\/RN), para agente de integra\u00e7\u00e3o de est\u00e1gio, visando o desenvolvimento das atividades conjuntas para a operacionaliza\u00e7\u00e3o do programa de est\u00e1gios curriculares remunerados de n\u00edvel m\u00e9dio e superior no \u00e2mbito das Secretarias Municipais de Educa\u00e7\u00e3o e Assist\u00eancia Social de Lajes\/RN.<\/td><td class=\"column-8\">R$ 1.800,00<\/td><td class=\"column-9\">INSTITUTO EUVALDO LODI NUCLEO REGIONAL DO RN <\/td><td class=\"column-10\"><\/td><td class=\"column-11\"><\/td><td class=\"column-12\"><\/td><td class=\"column-13\">Em edi\u00e7\u00e3o<\/td><td class=\"column-14\"><\/td><td class=\"column-15\"><\/td><td class=\"column-16\"><\/td><td class=\"column-17\"><\/td>\n<\/tr>\n<tr class=\"row-663\">\n\t<td class=\"column-1\">759\/2021<\/td><td class=\"column-2\">759\/2021<\/td><td class=\"column-3\"><\/td><td class=\"column-4\">17\/11\/2021<\/td><td class=\"column-5\">Dispensa<\/td><td class=\"column-6\">Menor Pre\u00e7o Por Item<\/td><td class=\"column-7\">CONTRATA\u00c7\u00c3O DE PESSOA JUR\u00cdDICA PARA AQUISI\u00c7\u00c3O DE PULVERIZADOR PARA SUBSIDIAR A\u00c7\u00d5ES E MEDIDAS DE CONTROLE E PREVEN\u00c7\u00c3O AO COVID-19, DESTINADO A ATENDER AS ESCOLAS P\u00daBLICAS MUNICIPAIS.<\/td><td class=\"column-8\">R$ 1.490,00<\/td><td class=\"column-9\">DAYANE RAFAELA DE MELO FRAN\u00c7A DANTAS, NACIONAL COM\u00c9RCIO E REPRESENTA\u00c7\u00c3O EIRELI, TECHPROL SERVI\u00c7OS, COMERCIO E LOCA\u00c7\u00d5ES EIRELI<\/td><td class=\"column-10\">DAYANE RAFAELA DE MELO FRAN\u00c7A DANTAS<\/td><td class=\"column-11\">35.284.764\/0001-30<\/td><td class=\"column-12\">R$ 1.490,00<\/td><td class=\"column-13\">Encerrada<\/td><td class=\"column-14\">020061125002\/2021\t<\/td><td class=\"column-15\">25\/11\/2021<\/td><td class=\"column-16\"><\/td><td class=\"column-17\"><\/td>\n<\/tr>\n<tr class=\"row-664\">\n\t<td class=\"column-1\">769\/2021<\/td><td class=\"column-2\">769\/2021<\/td><td class=\"column-3\"><\/td><td class=\"column-4\">14\/10\/2021<\/td><td class=\"column-5\">Dispensa<\/td><td class=\"column-6\">Menor Pre\u00e7o Por Item<\/td><td class=\"column-7\">O presente Termo de Refer\u00eancia tem por escopo descrever os itens, especifica\u00e7\u00f5es t\u00e9cnicas, e demais condi\u00e7\u00f5es gerais para a aquisi\u00e7\u00e3o de cadeira de rodas destinada a doa\u00e7\u00e3o para paciente portadora de doen\u00e7a de Creutzfeldt-Jakob (DCJ), conforme especifica\u00e7\u00f5es e quantitativos informados a seguir<\/td><td class=\"column-8\">R$ 4.100,00<\/td><td class=\"column-9\">DAYANE RAFAELA DE MELO FRAN\u00c7A DANTAS, E.R.COMERCIO VAREJISTA SERVI\u00c7OS LTDA - ME, TECHPROL SERVI\u00c7OS, COMERCIO E LOCA\u00c7\u00d5ES EIRELI<\/td><td class=\"column-10\">DAYANE RAFAELA DE MELO FRAN\u00c7A DANTAS<\/td><td class=\"column-11\">35.284.764\/0001-30<\/td><td class=\"column-12\">R$ 4.100,00<\/td><td class=\"column-13\">Encerrada<\/td><td class=\"column-14\">030011019001\/2021\t<\/td><td class=\"column-15\">19\/10\/2021<\/td><td class=\"column-16\"><\/td><td class=\"column-17\"><\/td>\n<\/tr>\n<tr class=\"row-665\">\n\t<td class=\"column-1\">805\/2021<\/td><td class=\"column-2\">805\/2021<\/td><td class=\"column-3\"><\/td><td class=\"column-4\">24\/11\/2021<\/td><td class=\"column-5\">Dispensa<\/td><td class=\"column-6\">Menor Pre\u00e7o Global<\/td><td class=\"column-7\">Contrata\u00e7\u00e3o de empresa especializada em presta\u00e7\u00e3o de servi\u00e7os de ultrassonografia de pr\u00f3stata, atrav\u00e9s de unidade m\u00f3vel em ve\u00edculo motorizado.<\/td><td class=\"column-8\">R$ 17.250,00<\/td><td class=\"column-9\">L L SERVICOS EM SAUDE E IMAGEM LTDA, MC SOLU\u00c7\u00d5ES EIRELI, SERV SAUDE SERVI\u00c7OS EM SA\u00daDE<\/td><td class=\"column-10\">MC SOLU\u00c7\u00d5ES EIRELI<\/td><td class=\"column-11\">28.366.950\/0001-53<\/td><td class=\"column-12\">R$ 17.250,00<\/td><td class=\"column-13\">Encerrada<\/td><td class=\"column-14\"><\/td><td class=\"column-15\"><\/td><td class=\"column-16\"><\/td><td class=\"column-17\"><\/td>\n<\/tr>\n<tr class=\"row-666\">\n\t<td class=\"column-1\">818\/2021<\/td><td class=\"column-2\">818\/2021<\/td><td class=\"column-3\"><\/td><td class=\"column-4\">27\/10\/2021<\/td><td class=\"column-5\">Dispensa<\/td><td class=\"column-6\">Menor Pre\u00e7o Por Item<\/td><td class=\"column-7\">Contrata\u00e7\u00e3o pessoa jur\u00eddica para realizar a anima\u00e7\u00e3o musical da confraterniza\u00e7\u00e3o dos servidores que acontecer\u00e1 no dia 29 de outubro de 2021, em comemora\u00e7\u00e3o ao dia do Servidor P\u00fablico, conforme especifica\u00e7\u00f5es no termo de refer\u00eancia.<\/td><td class=\"column-8\">R$ 3.300,00<\/td><td class=\"column-9\">A A DA CUNHA PESSOA, F DOS SANTOS LOBATO, LINDICLECIO DE MACEDO ALVES EIRELI<\/td><td class=\"column-10\">F DOS SANTOS LOBATO<\/td><td class=\"column-11\">27.423.497\/0001-07<\/td><td class=\"column-12\">R$ 3.300,00<\/td><td class=\"column-13\">Encerrada<\/td><td class=\"column-14\">020021028001\/2021\t<\/td><td class=\"column-15\">28\/10\/2021<\/td><td class=\"column-16\">99\/2021\t<\/td><td class=\"column-17\">27\/10\/2021<\/td>\n<\/tr>\n<tr class=\"row-667\">\n\t<td class=\"column-1\">819\/2021<\/td><td class=\"column-2\">819\/2021<\/td><td class=\"column-3\">03\/11\/2021<\/td><td class=\"column-4\">13\/12\/2021<\/td><td class=\"column-5\">Tomada de Pre\u00e7o<\/td><td class=\"column-6\">Menor Pre\u00e7o Global<\/td><td class=\"column-7\">CONTRA\u00c7\u00c3O DE EMPRESA ESPECIALIZADA  PARA OS SERVI\u00c7OS DE PAVIMENTA\u00c7\u00c3O EM PARALELEP\u00cdPEDO E DRENAGEM SUERFCIAL, COM REJUNTAMENTO COM PEDRISCO E EMULS\u00c3O ASF\u00c1LTICA,  DA RUA ARI VICTOR E TRAVESSA PROJETADA 01, CONFORME ESPECIFICA\u00c7\u00d5ES CONTIDAS NO PROJETO B\u00c1SICO.<\/td><td class=\"column-8\">R$ 305.116,69<\/td><td class=\"column-9\">H J DANTAS FILHO EIRELI<\/td><td class=\"column-10\">H J DANTAS FILHO EIRELI<\/td><td class=\"column-11\">24.855.726\/0001-74<\/td><td class=\"column-12\">R$ 299.554,61<\/td><td class=\"column-13\">Encerrada<\/td><td class=\"column-14\"><\/td><td class=\"column-15\"><\/td><td class=\"column-16\">108\/2021\t<\/td><td class=\"column-17\">15\/12\/2021<\/td>\n<\/tr>\n<tr class=\"row-668\">\n\t<td class=\"column-1\">843\/2021<\/td><td class=\"column-2\">843\/2021<\/td><td class=\"column-3\"><\/td><td class=\"column-4\">08\/11\/2021<\/td><td class=\"column-5\">Dispensa<\/td><td class=\"column-6\">Menor Pre\u00e7o Por Item<\/td><td class=\"column-7\">1.1.\tINSCRI\u00c7\u00c3O DE SERVIDOR EM CURSO SOBRE \u201cLICITA\u00c7\u00d5ES E CONTRATOS CONFORME A NOVA LEI N\u00ba 14.133\/21\u201d A SER REALIZADO NO PER\u00cdODO DE 10 A 12 DE NOVEMBRO DE 2021, COM CARGA HOR\u00c1RIA DE 20 (VINTE HORAS), NA CIDADE DE MOSSOR\u00d3.<\/td><td class=\"column-8\">R$ 1.700,00<\/td><td class=\"column-9\">CEPLAME CAPACITA\u00c7\u00c3O E GEST\u00c3O <\/td><td class=\"column-10\">CEPLAME CAPACITA\u00c7\u00c3O E GEST\u00c3O <\/td><td class=\"column-11\">27.073.834\/0001-83<\/td><td class=\"column-12\">R$ 1.700,00<\/td><td class=\"column-13\">Encerrada<\/td><td class=\"column-14\">020021109001\/2021\t<\/td><td class=\"column-15\">09\/11\/2021<\/td><td class=\"column-16\"><\/td><td class=\"column-17\"><\/td>\n<\/tr>\n<tr class=\"row-669\">\n\t<td class=\"column-1\">844\/2021<\/td><td class=\"column-2\">844\/2021<\/td><td class=\"column-3\">22\/11\/2021<\/td><td class=\"column-4\">22\/11\/2021<\/td><td class=\"column-5\">Preg\u00e3o Eletr\u00f4nico<\/td><td class=\"column-6\">Menor Pre\u00e7o Por Item<\/td><td class=\"column-7\">REGISTRO DE PRE\u00c7OS PARA FUTURA E EVENTUAL   CONTRATA\u00c7\u00c3O DE SERVI\u00c7OS DE LOCA\u00c7\u00c3O DE ESTRUTURA, SONORIZA\u00c7\u00c3O, EQUIPAMENTOS E CARRO DE SOM PARA REALIZA\u00c7\u00c3O\/DIVULGA\u00c7\u00c3O DE EVENTOS SOCIOCULTURAIS QUE, POR VENTURA, VENHAM A SER PROMOVIDOS PELO PODER EXECUTIVO MUNICIPAL, BEM COMO PARA ATENDIMENTO DE OUTRAS DEMANDAS DAS DIVERSAS SECRETARIA MUNICIPAIS QUE VENHAM A NECESSITAR.<\/td><td class=\"column-8\">R$ 2.199.442,94<\/td><td class=\"column-9\">CIA PROMO\u00c7\u00d5ES E EVENTOS E SERVI\u00c7OS EIRELI, JAIR RODRIGO EVENTOS - ME , JUSSIER VIEIRA DE MELO - ME<\/td><td class=\"column-10\">JUSSIER VIEIRA DE MELO - ME<\/td><td class=\"column-11\">14.240.361\/0001-10<\/td><td class=\"column-12\">R$ 338.560,00<\/td><td class=\"column-13\">Encerrada<\/td><td class=\"column-14\">020061126002\/2021\t<\/td><td class=\"column-15\">26\/11\/2021<\/td><td class=\"column-16\"><\/td><td class=\"column-17\"><\/td>\n<\/tr>\n<tr class=\"row-670\">\n\t<td class=\"column-1\">844\/2021<\/td><td class=\"column-2\">844\/2021<\/td><td class=\"column-3\">22\/11\/2021<\/td><td class=\"column-4\">22\/11\/2021<\/td><td class=\"column-5\">Preg\u00e3o Eletr\u00f4nico<\/td><td class=\"column-6\">Menor Pre\u00e7o Por Item<\/td><td class=\"column-7\">REGISTRO DE PRE\u00c7OS PARA FUTURA E EVENTUAL   CONTRATA\u00c7\u00c3O DE SERVI\u00c7OS DE LOCA\u00c7\u00c3O DE ESTRUTURA, SONORIZA\u00c7\u00c3O, EQUIPAMENTOS E CARRO DE SOM PARA REALIZA\u00c7\u00c3O\/DIVULGA\u00c7\u00c3O DE EVENTOS SOCIOCULTURAIS QUE, POR VENTURA, VENHAM A SER PROMOVIDOS PELO PODER EXECUTIVO MUNICIPAL, BEM COMO PARA ATENDIMENTO DE OUTRAS DEMANDAS DAS DIVERSAS SECRETARIA MUNICIPAIS QUE VENHAM A NECESSITAR.<\/td><td class=\"column-8\">R$ 2.199.442,94<\/td><td class=\"column-9\">CIA PROMO\u00c7\u00d5ES E EVENTOS E SERVI\u00c7OS EIRELI, JAIR RODRIGO EVENTOS - ME , JUSSIER VIEIRA DE MELO - ME<\/td><td class=\"column-10\">JUSSIER VIEIRA DE MELO - ME<\/td><td class=\"column-11\">14.240.361\/0001-10<\/td><td class=\"column-12\">R$ 338.560,00<\/td><td class=\"column-13\">Encerrada<\/td><td class=\"column-14\">020061202001\/2021\t<\/td><td class=\"column-15\">02\/12\/2021<\/td><td class=\"column-16\"><\/td><td class=\"column-17\"><\/td>\n<\/tr>\n<tr class=\"row-671\">\n\t<td class=\"column-1\">844\/2021<\/td><td class=\"column-2\">844\/2021<\/td><td class=\"column-3\">22\/11\/2021<\/td><td class=\"column-4\">22\/11\/2021<\/td><td class=\"column-5\">Preg\u00e3o Eletr\u00f4nico<\/td><td class=\"column-6\">Menor Pre\u00e7o Por Item<\/td><td class=\"column-7\">REGISTRO DE PRE\u00c7OS PARA FUTURA E EVENTUAL   CONTRATA\u00c7\u00c3O DE SERVI\u00c7OS DE LOCA\u00c7\u00c3O DE ESTRUTURA, SONORIZA\u00c7\u00c3O, EQUIPAMENTOS E CARRO DE SOM PARA REALIZA\u00c7\u00c3O\/DIVULGA\u00c7\u00c3O DE EVENTOS SOCIOCULTURAIS QUE, POR VENTURA, VENHAM A SER PROMOVIDOS PELO PODER EXECUTIVO MUNICIPAL, BEM COMO PARA ATENDIMENTO DE OUTRAS DEMANDAS DAS DIVERSAS SECRETARIA MUNICIPAIS QUE VENHAM A NECESSITAR.<\/td><td class=\"column-8\">R$ 2.199.442,94<\/td><td class=\"column-9\">CIA PROMO\u00c7\u00d5ES E EVENTOS E SERVI\u00c7OS EIRELI, JAIR RODRIGO EVENTOS - ME , JUSSIER VIEIRA DE MELO - ME<\/td><td class=\"column-10\">JUSSIER VIEIRA DE MELO - ME<\/td><td class=\"column-11\">14.240.361\/0001-10<\/td><td class=\"column-12\">R$ 338.560,00<\/td><td class=\"column-13\">Encerrada<\/td><td class=\"column-14\">020061210001\/2021\t<\/td><td class=\"column-15\">10\/12\/2021<\/td><td class=\"column-16\"><\/td><td class=\"column-17\"><\/td>\n<\/tr>\n<tr class=\"row-672\">\n\t<td class=\"column-1\">844\/2021<\/td><td class=\"column-2\">844\/2021<\/td><td class=\"column-3\">22\/11\/2021<\/td><td class=\"column-4\">22\/11\/2021<\/td><td class=\"column-5\">Preg\u00e3o Eletr\u00f4nico<\/td><td class=\"column-6\">Menor Pre\u00e7o Por Item<\/td><td class=\"column-7\">REGISTRO DE PRE\u00c7OS PARA FUTURA E EVENTUAL   CONTRATA\u00c7\u00c3O DE SERVI\u00c7OS DE LOCA\u00c7\u00c3O DE ESTRUTURA, SONORIZA\u00c7\u00c3O, EQUIPAMENTOS E CARRO DE SOM PARA REALIZA\u00c7\u00c3O\/DIVULGA\u00c7\u00c3O DE EVENTOS SOCIOCULTURAIS QUE, POR VENTURA, VENHAM A SER PROMOVIDOS PELO PODER EXECUTIVO MUNICIPAL, BEM COMO PARA ATENDIMENTO DE OUTRAS DEMANDAS DAS DIVERSAS SECRETARIA MUNICIPAIS QUE VENHAM A NECESSITAR.<\/td><td class=\"column-8\">R$ 2.199.442,94<\/td><td class=\"column-9\">CIA PROMO\u00c7\u00d5ES E EVENTOS E SERVI\u00c7OS EIRELI, JAIR RODRIGO EVENTOS - ME , JUSSIER VIEIRA DE MELO - ME<\/td><td class=\"column-10\">JUSSIER VIEIRA DE MELO - ME<\/td><td class=\"column-11\">14.240.361\/0001-10<\/td><td class=\"column-12\">R$ 338.560,00<\/td><td class=\"column-13\">Encerrada<\/td><td class=\"column-14\">020061210003\/2021\t<\/td><td class=\"column-15\">10\/12\/2021<\/td><td class=\"column-16\"><\/td><td class=\"column-17\"><\/td>\n<\/tr>\n<tr class=\"row-673\">\n\t<td class=\"column-1\">844\/2021<\/td><td class=\"column-2\">844\/2021<\/td><td class=\"column-3\">22\/11\/2021<\/td><td class=\"column-4\">22\/11\/2021<\/td><td class=\"column-5\">Preg\u00e3o Eletr\u00f4nico<\/td><td class=\"column-6\">Menor Pre\u00e7o Por Item<\/td><td class=\"column-7\">REGISTRO DE PRE\u00c7OS PARA FUTURA E EVENTUAL   CONTRATA\u00c7\u00c3O DE SERVI\u00c7OS DE LOCA\u00c7\u00c3O DE ESTRUTURA, SONORIZA\u00c7\u00c3O, EQUIPAMENTOS E CARRO DE SOM PARA REALIZA\u00c7\u00c3O\/DIVULGA\u00c7\u00c3O DE EVENTOS SOCIOCULTURAIS QUE, POR VENTURA, VENHAM A SER PROMOVIDOS PELO PODER EXECUTIVO MUNICIPAL, BEM COMO PARA ATENDIMENTO DE OUTRAS DEMANDAS DAS DIVERSAS SECRETARIA MUNICIPAIS QUE VENHAM A NECESSITAR.<\/td><td class=\"column-8\">R$ 2.199.442,94<\/td><td class=\"column-9\">CIA PROMO\u00c7\u00d5ES E EVENTOS E SERVI\u00c7OS EIRELI, JAIR RODRIGO EVENTOS - ME , JUSSIER VIEIRA DE MELO - ME<\/td><td class=\"column-10\">JUSSIER VIEIRA DE MELO - ME<\/td><td class=\"column-11\">14.240.361\/0001-10<\/td><td class=\"column-12\">R$ 338.560,00<\/td><td class=\"column-13\">Encerrada<\/td><td class=\"column-14\">020061217003\/2021\t<\/td><td class=\"column-15\">17\/12\/2021<\/td><td class=\"column-16\"><\/td><td class=\"column-17\"><\/td>\n<\/tr>\n<tr class=\"row-674\">\n\t<td class=\"column-1\">844\/2021<\/td><td class=\"column-2\">844\/2021<\/td><td class=\"column-3\">22\/11\/2021<\/td><td class=\"column-4\">22\/11\/2021<\/td><td class=\"column-5\">Preg\u00e3o Eletr\u00f4nico<\/td><td class=\"column-6\">Menor Pre\u00e7o Por Item<\/td><td class=\"column-7\">REGISTRO DE PRE\u00c7OS PARA FUTURA E EVENTUAL   CONTRATA\u00c7\u00c3O DE SERVI\u00c7OS DE LOCA\u00c7\u00c3O DE ESTRUTURA, SONORIZA\u00c7\u00c3O, EQUIPAMENTOS E CARRO DE SOM PARA REALIZA\u00c7\u00c3O\/DIVULGA\u00c7\u00c3O DE EVENTOS SOCIOCULTURAIS QUE, POR VENTURA, VENHAM A SER PROMOVIDOS PELO PODER EXECUTIVO MUNICIPAL, BEM COMO PARA ATENDIMENTO DE OUTRAS DEMANDAS DAS DIVERSAS SECRETARIA MUNICIPAIS QUE VENHAM A NECESSITAR.<\/td><td class=\"column-8\">R$ 2.199.442,94<\/td><td class=\"column-9\">CIA PROMO\u00c7\u00d5ES E EVENTOS E SERVI\u00c7OS EIRELI, JAIR RODRIGO EVENTOS - ME , JUSSIER VIEIRA DE MELO - ME<\/td><td class=\"column-10\">JUSSIER VIEIRA DE MELO - ME<\/td><td class=\"column-11\">14.240.361\/0001-10<\/td><td class=\"column-12\">R$ 338.560,00<\/td><td class=\"column-13\">Encerrada<\/td><td class=\"column-14\">020061221002\/2021\t<\/td><td class=\"column-15\">21\/12\/2021<\/td><td class=\"column-16\"><\/td><td class=\"column-17\"><\/td>\n<\/tr>\n<tr class=\"row-675\">\n\t<td class=\"column-1\">844\/2021<\/td><td class=\"column-2\">844\/2021<\/td><td class=\"column-3\">22\/11\/2021<\/td><td class=\"column-4\">22\/11\/2021<\/td><td class=\"column-5\">Preg\u00e3o Eletr\u00f4nico<\/td><td class=\"column-6\">Menor Pre\u00e7o Por Item<\/td><td class=\"column-7\">REGISTRO DE PRE\u00c7OS PARA FUTURA E EVENTUAL   CONTRATA\u00c7\u00c3O DE SERVI\u00c7OS DE LOCA\u00c7\u00c3O DE ESTRUTURA, SONORIZA\u00c7\u00c3O, EQUIPAMENTOS E CARRO DE SOM PARA REALIZA\u00c7\u00c3O\/DIVULGA\u00c7\u00c3O DE EVENTOS SOCIOCULTURAIS QUE, POR VENTURA, VENHAM A SER PROMOVIDOS PELO PODER EXECUTIVO MUNICIPAL, BEM COMO PARA ATENDIMENTO DE OUTRAS DEMANDAS DAS DIVERSAS SECRETARIA MUNICIPAIS QUE VENHAM A NECESSITAR.<\/td><td class=\"column-8\">R$ 2.199.442,94<\/td><td class=\"column-9\">CIA PROMO\u00c7\u00d5ES E EVENTOS E SERVI\u00c7OS EIRELI, JAIR RODRIGO EVENTOS - ME , JUSSIER VIEIRA DE MELO - ME<\/td><td class=\"column-10\">JUSSIER VIEIRA DE MELO - ME<\/td><td class=\"column-11\">14.240.361\/0001-10<\/td><td class=\"column-12\">R$ 338.560,00<\/td><td class=\"column-13\">Encerrada<\/td><td class=\"column-14\">020061221008\/2021\t<\/td><td class=\"column-15\">21\/12\/2021<\/td><td class=\"column-16\"><\/td><td class=\"column-17\"><\/td>\n<\/tr>\n<tr class=\"row-676\">\n\t<td class=\"column-1\">844\/2021<\/td><td class=\"column-2\">844\/2021<\/td><td class=\"column-3\">22\/11\/2021<\/td><td class=\"column-4\">22\/11\/2021<\/td><td class=\"column-5\">Preg\u00e3o Eletr\u00f4nico<\/td><td class=\"column-6\">Menor Pre\u00e7o Por Item<\/td><td class=\"column-7\">REGISTRO DE PRE\u00c7OS PARA FUTURA E EVENTUAL   CONTRATA\u00c7\u00c3O DE SERVI\u00c7OS DE LOCA\u00c7\u00c3O DE ESTRUTURA, SONORIZA\u00c7\u00c3O, EQUIPAMENTOS E CARRO DE SOM PARA REALIZA\u00c7\u00c3O\/DIVULGA\u00c7\u00c3O DE EVENTOS SOCIOCULTURAIS QUE, POR VENTURA, VENHAM A SER PROMOVIDOS PELO PODER EXECUTIVO MUNICIPAL, BEM COMO PARA ATENDIMENTO DE OUTRAS DEMANDAS DAS DIVERSAS SECRETARIA MUNICIPAIS QUE VENHAM A NECESSITAR.<\/td><td class=\"column-8\">R$ 2.199.442,94<\/td><td class=\"column-9\">CIA PROMO\u00c7\u00d5ES E EVENTOS E SERVI\u00c7OS EIRELI, JAIR RODRIGO EVENTOS - ME , JUSSIER VIEIRA DE MELO - ME<\/td><td class=\"column-10\">JUSSIER VIEIRA DE MELO - ME<\/td><td class=\"column-11\">14.240.361\/0001-10<\/td><td class=\"column-12\">R$ 338.560,00<\/td><td class=\"column-13\">Encerrada<\/td><td class=\"column-14\">020061221010\/2021\t<\/td><td class=\"column-15\">21\/12\/2021<\/td><td class=\"column-16\"><\/td><td class=\"column-17\"><\/td>\n<\/tr>\n<tr class=\"row-677\">\n\t<td class=\"column-1\">844\/2021<\/td><td class=\"column-2\">844\/2021<\/td><td class=\"column-3\">22\/11\/2021<\/td><td class=\"column-4\">22\/11\/2021<\/td><td class=\"column-5\">Preg\u00e3o Eletr\u00f4nico<\/td><td class=\"column-6\">Menor Pre\u00e7o Por Item<\/td><td class=\"column-7\">REGISTRO DE PRE\u00c7OS PARA FUTURA E EVENTUAL   CONTRATA\u00c7\u00c3O DE SERVI\u00c7OS DE LOCA\u00c7\u00c3O DE ESTRUTURA, SONORIZA\u00c7\u00c3O, EQUIPAMENTOS E CARRO DE SOM PARA REALIZA\u00c7\u00c3O\/DIVULGA\u00c7\u00c3O DE EVENTOS SOCIOCULTURAIS QUE, POR VENTURA, VENHAM A SER PROMOVIDOS PELO PODER EXECUTIVO MUNICIPAL, BEM COMO PARA ATENDIMENTO DE OUTRAS DEMANDAS DAS DIVERSAS SECRETARIA MUNICIPAIS QUE VENHAM A NECESSITAR.<\/td><td class=\"column-8\">R$ 2.199.442,94<\/td><td class=\"column-9\">CIA PROMO\u00c7\u00d5ES E EVENTOS E SERVI\u00c7OS EIRELI, JAIR RODRIGO EVENTOS - ME , JUSSIER VIEIRA DE MELO - ME<\/td><td class=\"column-10\">JUSSIER VIEIRA DE MELO - ME<\/td><td class=\"column-11\">14.240.361\/0001-10<\/td><td class=\"column-12\">R$ 338.560,00<\/td><td class=\"column-13\">Encerrada<\/td><td class=\"column-14\">020061228001\/2021\t<\/td><td class=\"column-15\">28\/12\/2021<\/td><td class=\"column-16\"><\/td><td class=\"column-17\"><\/td>\n<\/tr>\n<tr class=\"row-678\">\n\t<td class=\"column-1\">844\/2021<\/td><td class=\"column-2\">844\/2021<\/td><td class=\"column-3\">22\/11\/2021<\/td><td class=\"column-4\">22\/11\/2021<\/td><td class=\"column-5\">Preg\u00e3o Eletr\u00f4nico<\/td><td class=\"column-6\">Menor Pre\u00e7o Por Item<\/td><td class=\"column-7\">REGISTRO DE PRE\u00c7OS PARA FUTURA E EVENTUAL   CONTRATA\u00c7\u00c3O DE SERVI\u00c7OS DE LOCA\u00c7\u00c3O DE ESTRUTURA, SONORIZA\u00c7\u00c3O, EQUIPAMENTOS E CARRO DE SOM PARA REALIZA\u00c7\u00c3O\/DIVULGA\u00c7\u00c3O DE EVENTOS SOCIOCULTURAIS QUE, POR VENTURA, VENHAM A SER PROMOVIDOS PELO PODER EXECUTIVO MUNICIPAL, BEM COMO PARA ATENDIMENTO DE OUTRAS DEMANDAS DAS DIVERSAS SECRETARIA MUNICIPAIS QUE VENHAM A NECESSITAR.<\/td><td class=\"column-8\">R$ 2.199.442,94<\/td><td class=\"column-9\">CIA PROMO\u00c7\u00d5ES E EVENTOS E SERVI\u00c7OS EIRELI, JAIR RODRIGO EVENTOS - ME , JUSSIER VIEIRA DE MELO - ME<\/td><td class=\"column-10\">CIA PROMO\u00c7\u00d5ES E EVENTOS E SERVI\u00c7OS EIRELI<\/td><td class=\"column-11\">12.972.310\/0001-57<\/td><td class=\"column-12\">R$ 644.714,30<\/td><td class=\"column-13\">Encerrada<\/td><td class=\"column-14\">020061126001\/2021\t<\/td><td class=\"column-15\">26\/11\/2021<\/td><td class=\"column-16\"><\/td><td class=\"column-17\"><\/td>\n<\/tr>\n<tr class=\"row-679\">\n\t<td class=\"column-1\">844\/2021<\/td><td class=\"column-2\">844\/2021<\/td><td class=\"column-3\">22\/11\/2021<\/td><td class=\"column-4\">22\/11\/2021<\/td><td class=\"column-5\">Preg\u00e3o Eletr\u00f4nico<\/td><td class=\"column-6\">Menor Pre\u00e7o Por Item<\/td><td class=\"column-7\">REGISTRO DE PRE\u00c7OS PARA FUTURA E EVENTUAL   CONTRATA\u00c7\u00c3O DE SERVI\u00c7OS DE LOCA\u00c7\u00c3O DE ESTRUTURA, SONORIZA\u00c7\u00c3O, EQUIPAMENTOS E CARRO DE SOM PARA REALIZA\u00c7\u00c3O\/DIVULGA\u00c7\u00c3O DE EVENTOS SOCIOCULTURAIS QUE, POR VENTURA, VENHAM A SER PROMOVIDOS PELO PODER EXECUTIVO MUNICIPAL, BEM COMO PARA ATENDIMENTO DE OUTRAS DEMANDAS DAS DIVERSAS SECRETARIA MUNICIPAIS QUE VENHAM A NECESSITAR.<\/td><td class=\"column-8\">R$ 2.199.442,94<\/td><td class=\"column-9\">CIA PROMO\u00c7\u00d5ES E EVENTOS E SERVI\u00c7OS EIRELI, JAIR RODRIGO EVENTOS - ME , JUSSIER VIEIRA DE MELO - ME<\/td><td class=\"column-10\">CIA PROMO\u00c7\u00d5ES E EVENTOS E SERVI\u00c7OS EIRELI<\/td><td class=\"column-11\">12.972.310\/0001-57<\/td><td class=\"column-12\">R$ 644.714,30<\/td><td class=\"column-13\">Encerrada<\/td><td class=\"column-14\">020091129001\/2021\t<\/td><td class=\"column-15\">29\/11\/2021<\/td><td class=\"column-16\"><\/td><td class=\"column-17\"><\/td>\n<\/tr>\n<tr class=\"row-680\">\n\t<td class=\"column-1\">844\/2021<\/td><td class=\"column-2\">844\/2021<\/td><td class=\"column-3\">22\/11\/2021<\/td><td class=\"column-4\">22\/11\/2021<\/td><td class=\"column-5\">Preg\u00e3o Eletr\u00f4nico<\/td><td class=\"column-6\">Menor Pre\u00e7o Por Item<\/td><td class=\"column-7\">REGISTRO DE PRE\u00c7OS PARA FUTURA E EVENTUAL   CONTRATA\u00c7\u00c3O DE SERVI\u00c7OS DE LOCA\u00c7\u00c3O DE ESTRUTURA, SONORIZA\u00c7\u00c3O, EQUIPAMENTOS E CARRO DE SOM PARA REALIZA\u00c7\u00c3O\/DIVULGA\u00c7\u00c3O DE EVENTOS SOCIOCULTURAIS QUE, POR VENTURA, VENHAM A SER PROMOVIDOS PELO PODER EXECUTIVO MUNICIPAL, BEM COMO PARA ATENDIMENTO DE OUTRAS DEMANDAS DAS DIVERSAS SECRETARIA MUNICIPAIS QUE VENHAM A NECESSITAR.<\/td><td class=\"column-8\">R$ 2.199.442,94<\/td><td class=\"column-9\">CIA PROMO\u00c7\u00d5ES E EVENTOS E SERVI\u00c7OS EIRELI, JAIR RODRIGO EVENTOS - ME , JUSSIER VIEIRA DE MELO - ME<\/td><td class=\"column-10\">CIA PROMO\u00c7\u00d5ES E EVENTOS E SERVI\u00c7OS EIRELI<\/td><td class=\"column-11\">12.972.310\/0001-57<\/td><td class=\"column-12\">R$ 644.714,30<\/td><td class=\"column-13\">Encerrada<\/td><td class=\"column-14\">020061202002\/2021\t<\/td><td class=\"column-15\">02\/12\/2021<\/td><td class=\"column-16\"><\/td><td class=\"column-17\"><\/td>\n<\/tr>\n<tr class=\"row-681\">\n\t<td class=\"column-1\">844\/2021<\/td><td class=\"column-2\">844\/2021<\/td><td class=\"column-3\">22\/11\/2021<\/td><td class=\"column-4\">22\/11\/2021<\/td><td class=\"column-5\">Preg\u00e3o Eletr\u00f4nico<\/td><td class=\"column-6\">Menor Pre\u00e7o Por Item<\/td><td class=\"column-7\">REGISTRO DE PRE\u00c7OS PARA FUTURA E EVENTUAL   CONTRATA\u00c7\u00c3O DE SERVI\u00c7OS DE LOCA\u00c7\u00c3O DE ESTRUTURA, SONORIZA\u00c7\u00c3O, EQUIPAMENTOS E CARRO DE SOM PARA REALIZA\u00c7\u00c3O\/DIVULGA\u00c7\u00c3O DE EVENTOS SOCIOCULTURAIS QUE, POR VENTURA, VENHAM A SER PROMOVIDOS PELO PODER EXECUTIVO MUNICIPAL, BEM COMO PARA ATENDIMENTO DE OUTRAS DEMANDAS DAS DIVERSAS SECRETARIA MUNICIPAIS QUE VENHAM A NECESSITAR.<\/td><td class=\"column-8\">R$ 2.199.442,94<\/td><td class=\"column-9\">CIA PROMO\u00c7\u00d5ES E EVENTOS E SERVI\u00c7OS EIRELI, JAIR RODRIGO EVENTOS - ME , JUSSIER VIEIRA DE MELO - ME<\/td><td class=\"column-10\">CIA PROMO\u00c7\u00d5ES E EVENTOS E SERVI\u00c7OS EIRELI<\/td><td class=\"column-11\">12.972.310\/0001-57<\/td><td class=\"column-12\">R$ 644.714,30<\/td><td class=\"column-13\">Encerrada<\/td><td class=\"column-14\">020061202003\/2021\t<\/td><td class=\"column-15\">02\/12\/2021<\/td><td class=\"column-16\"><\/td><td class=\"column-17\"><\/td>\n<\/tr>\n<tr class=\"row-682\">\n\t<td class=\"column-1\">844\/2021<\/td><td class=\"column-2\">844\/2021<\/td><td class=\"column-3\">22\/11\/2021<\/td><td class=\"column-4\">22\/11\/2021<\/td><td class=\"column-5\">Preg\u00e3o Eletr\u00f4nico<\/td><td class=\"column-6\">Menor Pre\u00e7o Por Item<\/td><td class=\"column-7\">REGISTRO DE PRE\u00c7OS PARA FUTURA E EVENTUAL   CONTRATA\u00c7\u00c3O DE SERVI\u00c7OS DE LOCA\u00c7\u00c3O DE ESTRUTURA, SONORIZA\u00c7\u00c3O, EQUIPAMENTOS E CARRO DE SOM PARA REALIZA\u00c7\u00c3O\/DIVULGA\u00c7\u00c3O DE EVENTOS SOCIOCULTURAIS QUE, POR VENTURA, VENHAM A SER PROMOVIDOS PELO PODER EXECUTIVO MUNICIPAL, BEM COMO PARA ATENDIMENTO DE OUTRAS DEMANDAS DAS DIVERSAS SECRETARIA MUNICIPAIS QUE VENHAM A NECESSITAR.<\/td><td class=\"column-8\">R$ 2.199.442,94<\/td><td class=\"column-9\">CIA PROMO\u00c7\u00d5ES E EVENTOS E SERVI\u00c7OS EIRELI, JAIR RODRIGO EVENTOS - ME , JUSSIER VIEIRA DE MELO - ME<\/td><td class=\"column-10\">CIA PROMO\u00c7\u00d5ES E EVENTOS E SERVI\u00c7OS EIRELI<\/td><td class=\"column-11\">12.972.310\/0001-57<\/td><td class=\"column-12\">R$ 644.714,30<\/td><td class=\"column-13\">Encerrada<\/td><td class=\"column-14\">020061207001\/2021\t<\/td><td class=\"column-15\">07\/12\/2021<\/td><td class=\"column-16\"><\/td><td class=\"column-17\"><\/td>\n<\/tr>\n<tr class=\"row-683\">\n\t<td class=\"column-1\">844\/2021<\/td><td class=\"column-2\">844\/2021<\/td><td class=\"column-3\">22\/11\/2021<\/td><td class=\"column-4\">22\/11\/2021<\/td><td class=\"column-5\">Preg\u00e3o Eletr\u00f4nico<\/td><td class=\"column-6\">Menor Pre\u00e7o Por Item<\/td><td class=\"column-7\">REGISTRO DE PRE\u00c7OS PARA FUTURA E EVENTUAL   CONTRATA\u00c7\u00c3O DE SERVI\u00c7OS DE LOCA\u00c7\u00c3O DE ESTRUTURA, SONORIZA\u00c7\u00c3O, EQUIPAMENTOS E CARRO DE SOM PARA REALIZA\u00c7\u00c3O\/DIVULGA\u00c7\u00c3O DE EVENTOS SOCIOCULTURAIS QUE, POR VENTURA, VENHAM A SER PROMOVIDOS PELO PODER EXECUTIVO MUNICIPAL, BEM COMO PARA ATENDIMENTO DE OUTRAS DEMANDAS DAS DIVERSAS SECRETARIA MUNICIPAIS QUE VENHAM A NECESSITAR.<\/td><td class=\"column-8\">R$ 2.199.442,94<\/td><td class=\"column-9\">CIA PROMO\u00c7\u00d5ES E EVENTOS E SERVI\u00c7OS EIRELI, JAIR RODRIGO EVENTOS - ME , JUSSIER VIEIRA DE MELO - ME<\/td><td class=\"column-10\">CIA PROMO\u00c7\u00d5ES E EVENTOS E SERVI\u00c7OS EIRELI<\/td><td class=\"column-11\">12.972.310\/0001-57<\/td><td class=\"column-12\">R$ 644.714,30<\/td><td class=\"column-13\">Encerrada<\/td><td class=\"column-14\">020061207003\/2021\t<\/td><td class=\"column-15\">07\/12\/2021<\/td><td class=\"column-16\"><\/td><td class=\"column-17\"><\/td>\n<\/tr>\n<tr class=\"row-684\">\n\t<td class=\"column-1\">844\/2021<\/td><td class=\"column-2\">844\/2021<\/td><td class=\"column-3\">22\/11\/2021<\/td><td class=\"column-4\">22\/11\/2021<\/td><td class=\"column-5\">Preg\u00e3o Eletr\u00f4nico<\/td><td class=\"column-6\">Menor Pre\u00e7o Por Item<\/td><td class=\"column-7\">REGISTRO DE PRE\u00c7OS PARA FUTURA E EVENTUAL   CONTRATA\u00c7\u00c3O DE SERVI\u00c7OS DE LOCA\u00c7\u00c3O DE ESTRUTURA, SONORIZA\u00c7\u00c3O, EQUIPAMENTOS E CARRO DE SOM PARA REALIZA\u00c7\u00c3O\/DIVULGA\u00c7\u00c3O DE EVENTOS SOCIOCULTURAIS QUE, POR VENTURA, VENHAM A SER PROMOVIDOS PELO PODER EXECUTIVO MUNICIPAL, BEM COMO PARA ATENDIMENTO DE OUTRAS DEMANDAS DAS DIVERSAS SECRETARIA MUNICIPAIS QUE VENHAM A NECESSITAR.<\/td><td class=\"column-8\">R$ 2.199.442,94<\/td><td class=\"column-9\">CIA PROMO\u00c7\u00d5ES E EVENTOS E SERVI\u00c7OS EIRELI, JAIR RODRIGO EVENTOS - ME , JUSSIER VIEIRA DE MELO - ME<\/td><td class=\"column-10\">CIA PROMO\u00c7\u00d5ES E EVENTOS E SERVI\u00c7OS EIRELI<\/td><td class=\"column-11\">12.972.310\/0001-57<\/td><td class=\"column-12\">R$ 644.714,30<\/td><td class=\"column-13\">Encerrada<\/td><td class=\"column-14\">020061210005\/2021\t<\/td><td class=\"column-15\">10\/12\/2021<\/td><td class=\"column-16\"><\/td><td class=\"column-17\"><\/td>\n<\/tr>\n<tr class=\"row-685\">\n\t<td class=\"column-1\">844\/2021<\/td><td class=\"column-2\">844\/2021<\/td><td class=\"column-3\">22\/11\/2021<\/td><td class=\"column-4\">22\/11\/2021<\/td><td class=\"column-5\">Preg\u00e3o Eletr\u00f4nico<\/td><td class=\"column-6\">Menor Pre\u00e7o Por Item<\/td><td class=\"column-7\">REGISTRO DE PRE\u00c7OS PARA FUTURA E EVENTUAL   CONTRATA\u00c7\u00c3O DE SERVI\u00c7OS DE LOCA\u00c7\u00c3O DE ESTRUTURA, SONORIZA\u00c7\u00c3O, EQUIPAMENTOS E CARRO DE SOM PARA REALIZA\u00c7\u00c3O\/DIVULGA\u00c7\u00c3O DE EVENTOS SOCIOCULTURAIS QUE, POR VENTURA, VENHAM A SER PROMOVIDOS PELO PODER EXECUTIVO MUNICIPAL, BEM COMO PARA ATENDIMENTO DE OUTRAS DEMANDAS DAS DIVERSAS SECRETARIA MUNICIPAIS QUE VENHAM A NECESSITAR.<\/td><td class=\"column-8\">R$ 2.199.442,94<\/td><td class=\"column-9\">CIA PROMO\u00c7\u00d5ES E EVENTOS E SERVI\u00c7OS EIRELI, JAIR RODRIGO EVENTOS - ME , JUSSIER VIEIRA DE MELO - ME<\/td><td class=\"column-10\">CIA PROMO\u00c7\u00d5ES E EVENTOS E SERVI\u00c7OS EIRELI<\/td><td class=\"column-11\">12.972.310\/0001-57<\/td><td class=\"column-12\">R$ 644.714,30<\/td><td class=\"column-13\">Encerrada<\/td><td class=\"column-14\">020061210006\/2021\t<\/td><td class=\"column-15\">10\/12\/2021<\/td><td class=\"column-16\"><\/td><td class=\"column-17\"><\/td>\n<\/tr>\n<tr class=\"row-686\">\n\t<td class=\"column-1\">844\/2021<\/td><td class=\"column-2\">844\/2021<\/td><td class=\"column-3\">22\/11\/2021<\/td><td class=\"column-4\">22\/11\/2021<\/td><td class=\"column-5\">Preg\u00e3o Eletr\u00f4nico<\/td><td class=\"column-6\">Menor Pre\u00e7o Por Item<\/td><td class=\"column-7\">REGISTRO DE PRE\u00c7OS PARA FUTURA E EVENTUAL   CONTRATA\u00c7\u00c3O DE SERVI\u00c7OS DE LOCA\u00c7\u00c3O DE ESTRUTURA, SONORIZA\u00c7\u00c3O, EQUIPAMENTOS E CARRO DE SOM PARA REALIZA\u00c7\u00c3O\/DIVULGA\u00c7\u00c3O DE EVENTOS SOCIOCULTURAIS QUE, POR VENTURA, VENHAM A SER PROMOVIDOS PELO PODER EXECUTIVO MUNICIPAL, BEM COMO PARA ATENDIMENTO DE OUTRAS DEMANDAS DAS DIVERSAS SECRETARIA MUNICIPAIS QUE VENHAM A NECESSITAR.<\/td><td class=\"column-8\">R$ 2.199.442,94<\/td><td class=\"column-9\">CIA PROMO\u00c7\u00d5ES E EVENTOS E SERVI\u00c7OS EIRELI, JAIR RODRIGO EVENTOS - ME , JUSSIER VIEIRA DE MELO - ME<\/td><td class=\"column-10\">CIA PROMO\u00c7\u00d5ES E EVENTOS E SERVI\u00c7OS EIRELI<\/td><td class=\"column-11\">12.972.310\/0001-57<\/td><td class=\"column-12\">R$ 644.714,30<\/td><td class=\"column-13\">Encerrada<\/td><td class=\"column-14\">020061217002\/2021\t<\/td><td class=\"column-15\">10\/12\/2021<\/td><td class=\"column-16\"><\/td><td class=\"column-17\"><\/td>\n<\/tr>\n<tr class=\"row-687\">\n\t<td class=\"column-1\">844\/2021<\/td><td class=\"column-2\">844\/2021<\/td><td class=\"column-3\">22\/11\/2021<\/td><td class=\"column-4\">22\/11\/2021<\/td><td class=\"column-5\">Preg\u00e3o Eletr\u00f4nico<\/td><td class=\"column-6\">Menor Pre\u00e7o Por Item<\/td><td class=\"column-7\">REGISTRO DE PRE\u00c7OS PARA FUTURA E EVENTUAL   CONTRATA\u00c7\u00c3O DE SERVI\u00c7OS DE LOCA\u00c7\u00c3O DE ESTRUTURA, SONORIZA\u00c7\u00c3O, EQUIPAMENTOS E CARRO DE SOM PARA REALIZA\u00c7\u00c3O\/DIVULGA\u00c7\u00c3O DE EVENTOS SOCIOCULTURAIS QUE, POR VENTURA, VENHAM A SER PROMOVIDOS PELO PODER EXECUTIVO MUNICIPAL, BEM COMO PARA ATENDIMENTO DE OUTRAS DEMANDAS DAS DIVERSAS SECRETARIA MUNICIPAIS QUE VENHAM A NECESSITAR.<\/td><td class=\"column-8\">R$ 2.199.442,94<\/td><td class=\"column-9\">CIA PROMO\u00c7\u00d5ES E EVENTOS E SERVI\u00c7OS EIRELI, JAIR RODRIGO EVENTOS - ME , JUSSIER VIEIRA DE MELO - ME<\/td><td class=\"column-10\">CIA PROMO\u00c7\u00d5ES E EVENTOS E SERVI\u00c7OS EIRELI<\/td><td class=\"column-11\">12.972.310\/0001-57<\/td><td class=\"column-12\">R$ 644.714,30<\/td><td class=\"column-13\">Encerrada<\/td><td class=\"column-14\">020061221003\/2021\t<\/td><td class=\"column-15\">21\/12\/2021<\/td><td class=\"column-16\"><\/td><td class=\"column-17\"><\/td>\n<\/tr>\n<tr class=\"row-688\">\n\t<td class=\"column-1\">844\/2021<\/td><td class=\"column-2\">844\/2021<\/td><td class=\"column-3\">22\/11\/2021<\/td><td class=\"column-4\">22\/11\/2021<\/td><td class=\"column-5\">Preg\u00e3o Eletr\u00f4nico<\/td><td class=\"column-6\">Menor Pre\u00e7o Por Item<\/td><td class=\"column-7\">REGISTRO DE PRE\u00c7OS PARA FUTURA E EVENTUAL   CONTRATA\u00c7\u00c3O DE SERVI\u00c7OS DE LOCA\u00c7\u00c3O DE ESTRUTURA, SONORIZA\u00c7\u00c3O, EQUIPAMENTOS E CARRO DE SOM PARA REALIZA\u00c7\u00c3O\/DIVULGA\u00c7\u00c3O DE EVENTOS SOCIOCULTURAIS QUE, POR VENTURA, VENHAM A SER PROMOVIDOS PELO PODER EXECUTIVO MUNICIPAL, BEM COMO PARA ATENDIMENTO DE OUTRAS DEMANDAS DAS DIVERSAS SECRETARIA MUNICIPAIS QUE VENHAM A NECESSITAR.<\/td><td class=\"column-8\">R$ 2.199.442,94<\/td><td class=\"column-9\">CIA PROMO\u00c7\u00d5ES E EVENTOS E SERVI\u00c7OS EIRELI, JAIR RODRIGO EVENTOS - ME , JUSSIER VIEIRA DE MELO - ME<\/td><td class=\"column-10\">CIA PROMO\u00c7\u00d5ES E EVENTOS E SERVI\u00c7OS EIRELI<\/td><td class=\"column-11\">12.972.310\/0001-57<\/td><td class=\"column-12\">R$ 644.714,30<\/td><td class=\"column-13\">Encerrada<\/td><td class=\"column-14\">020061221009\/2021\t<\/td><td class=\"column-15\">21\/12\/2021<\/td><td class=\"column-16\"><\/td><td class=\"column-17\"><\/td>\n<\/tr>\n<tr class=\"row-689\">\n\t<td class=\"column-1\">844\/2021<\/td><td class=\"column-2\">844\/2021<\/td><td class=\"column-3\">22\/11\/2021<\/td><td class=\"column-4\">22\/11\/2021<\/td><td class=\"column-5\">Preg\u00e3o Eletr\u00f4nico<\/td><td class=\"column-6\">Menor Pre\u00e7o Por Item<\/td><td class=\"column-7\">REGISTRO DE PRE\u00c7OS PARA FUTURA E EVENTUAL   CONTRATA\u00c7\u00c3O DE SERVI\u00c7OS DE LOCA\u00c7\u00c3O DE ESTRUTURA, SONORIZA\u00c7\u00c3O, EQUIPAMENTOS E CARRO DE SOM PARA REALIZA\u00c7\u00c3O\/DIVULGA\u00c7\u00c3O DE EVENTOS SOCIOCULTURAIS QUE, POR VENTURA, VENHAM A SER PROMOVIDOS PELO PODER EXECUTIVO MUNICIPAL, BEM COMO PARA ATENDIMENTO DE OUTRAS DEMANDAS DAS DIVERSAS SECRETARIA MUNICIPAIS QUE VENHAM A NECESSITAR.<\/td><td class=\"column-8\">R$ 2.199.442,94<\/td><td class=\"column-9\">CIA PROMO\u00c7\u00d5ES E EVENTOS E SERVI\u00c7OS EIRELI, JAIR RODRIGO EVENTOS - ME , JUSSIER VIEIRA DE MELO - ME<\/td><td class=\"column-10\">JAIR RODRIGO EVENTOS - ME <\/td><td class=\"column-11\">15.214.591\/0001-77<\/td><td class=\"column-12\">R$ 584.102,40<\/td><td class=\"column-13\">Encerrada<\/td><td class=\"column-14\">020021125001\/2021\t<\/td><td class=\"column-15\">25\/11\/2021<\/td><td class=\"column-16\"><\/td><td class=\"column-17\"><\/td>\n<\/tr>\n<tr class=\"row-690\">\n\t<td class=\"column-1\">844\/2021<\/td><td class=\"column-2\">844\/2021<\/td><td class=\"column-3\">22\/11\/2021<\/td><td class=\"column-4\">22\/11\/2021<\/td><td class=\"column-5\">Preg\u00e3o Eletr\u00f4nico<\/td><td class=\"column-6\">Menor Pre\u00e7o Por Item<\/td><td class=\"column-7\">REGISTRO DE PRE\u00c7OS PARA FUTURA E EVENTUAL   CONTRATA\u00c7\u00c3O DE SERVI\u00c7OS DE LOCA\u00c7\u00c3O DE ESTRUTURA, SONORIZA\u00c7\u00c3O, EQUIPAMENTOS E CARRO DE SOM PARA REALIZA\u00c7\u00c3O\/DIVULGA\u00c7\u00c3O DE EVENTOS SOCIOCULTURAIS QUE, POR VENTURA, VENHAM A SER PROMOVIDOS PELO PODER EXECUTIVO MUNICIPAL, BEM COMO PARA ATENDIMENTO DE OUTRAS DEMANDAS DAS DIVERSAS SECRETARIA MUNICIPAIS QUE VENHAM A NECESSITAR.<\/td><td class=\"column-8\">R$ 2.199.442,94<\/td><td class=\"column-9\">CIA PROMO\u00c7\u00d5ES E EVENTOS E SERVI\u00c7OS EIRELI, JAIR RODRIGO EVENTOS - ME , JUSSIER VIEIRA DE MELO - ME<\/td><td class=\"column-10\">JAIR RODRIGO EVENTOS - ME <\/td><td class=\"column-11\">15.214.591\/0001-77<\/td><td class=\"column-12\">R$ 584.102,40<\/td><td class=\"column-13\">Encerrada<\/td><td class=\"column-14\">020021125002\/2021\t<\/td><td class=\"column-15\">25\/11\/2021<\/td><td class=\"column-16\"><\/td><td class=\"column-17\"><\/td>\n<\/tr>\n<tr class=\"row-691\">\n\t<td class=\"column-1\">844\/2021<\/td><td class=\"column-2\">844\/2021<\/td><td class=\"column-3\">22\/11\/2021<\/td><td class=\"column-4\">22\/11\/2021<\/td><td class=\"column-5\">Preg\u00e3o Eletr\u00f4nico<\/td><td class=\"column-6\">Menor Pre\u00e7o Por Item<\/td><td class=\"column-7\">REGISTRO DE PRE\u00c7OS PARA FUTURA E EVENTUAL   CONTRATA\u00c7\u00c3O DE SERVI\u00c7OS DE LOCA\u00c7\u00c3O DE ESTRUTURA, SONORIZA\u00c7\u00c3O, EQUIPAMENTOS E CARRO DE SOM PARA REALIZA\u00c7\u00c3O\/DIVULGA\u00c7\u00c3O DE EVENTOS SOCIOCULTURAIS QUE, POR VENTURA, VENHAM A SER PROMOVIDOS PELO PODER EXECUTIVO MUNICIPAL, BEM COMO PARA ATENDIMENTO DE OUTRAS DEMANDAS DAS DIVERSAS SECRETARIA MUNICIPAIS QUE VENHAM A NECESSITAR.<\/td><td class=\"column-8\">R$ 2.199.442,94<\/td><td class=\"column-9\">CIA PROMO\u00c7\u00d5ES E EVENTOS E SERVI\u00c7OS EIRELI, JAIR RODRIGO EVENTOS - ME , JUSSIER VIEIRA DE MELO - ME<\/td><td class=\"column-10\">JAIR RODRIGO EVENTOS - ME <\/td><td class=\"column-11\">15.214.591\/0001-77<\/td><td class=\"column-12\">R$ 584.102,40<\/td><td class=\"column-13\">Encerrada<\/td><td class=\"column-14\">020061207002\/2021\t<\/td><td class=\"column-15\">07\/12\/2021<\/td><td class=\"column-16\"><\/td><td class=\"column-17\"><\/td>\n<\/tr>\n<tr class=\"row-692\">\n\t<td class=\"column-1\">844\/2021<\/td><td class=\"column-2\">844\/2021<\/td><td class=\"column-3\">22\/11\/2021<\/td><td class=\"column-4\">22\/11\/2021<\/td><td class=\"column-5\">Preg\u00e3o Eletr\u00f4nico<\/td><td class=\"column-6\">Menor Pre\u00e7o Por Item<\/td><td class=\"column-7\">REGISTRO DE PRE\u00c7OS PARA FUTURA E EVENTUAL   CONTRATA\u00c7\u00c3O DE SERVI\u00c7OS DE LOCA\u00c7\u00c3O DE ESTRUTURA, SONORIZA\u00c7\u00c3O, EQUIPAMENTOS E CARRO DE SOM PARA REALIZA\u00c7\u00c3O\/DIVULGA\u00c7\u00c3O DE EVENTOS SOCIOCULTURAIS QUE, POR VENTURA, VENHAM A SER PROMOVIDOS PELO PODER EXECUTIVO MUNICIPAL, BEM COMO PARA ATENDIMENTO DE OUTRAS DEMANDAS DAS DIVERSAS SECRETARIA MUNICIPAIS QUE VENHAM A NECESSITAR.<\/td><td class=\"column-8\">R$ 2.199.442,94<\/td><td class=\"column-9\">CIA PROMO\u00c7\u00d5ES E EVENTOS E SERVI\u00c7OS EIRELI, JAIR RODRIGO EVENTOS - ME , JUSSIER VIEIRA DE MELO - ME<\/td><td class=\"column-10\">JAIR RODRIGO EVENTOS - ME <\/td><td class=\"column-11\">15.214.591\/0001-77<\/td><td class=\"column-12\">R$ 584.102,40<\/td><td class=\"column-13\">Encerrada<\/td><td class=\"column-14\">020061213001\/2021\t<\/td><td class=\"column-15\">13\/12\/2021<\/td><td class=\"column-16\"><\/td><td class=\"column-17\"><\/td>\n<\/tr>\n<tr class=\"row-693\">\n\t<td class=\"column-1\">844\/2021<\/td><td class=\"column-2\">844\/2021<\/td><td class=\"column-3\">22\/11\/2021<\/td><td class=\"column-4\">22\/11\/2021<\/td><td class=\"column-5\">Preg\u00e3o Eletr\u00f4nico<\/td><td class=\"column-6\">Menor Pre\u00e7o Por Item<\/td><td class=\"column-7\">REGISTRO DE PRE\u00c7OS PARA FUTURA E EVENTUAL   CONTRATA\u00c7\u00c3O DE SERVI\u00c7OS DE LOCA\u00c7\u00c3O DE ESTRUTURA, SONORIZA\u00c7\u00c3O, EQUIPAMENTOS E CARRO DE SOM PARA REALIZA\u00c7\u00c3O\/DIVULGA\u00c7\u00c3O DE EVENTOS SOCIOCULTURAIS QUE, POR VENTURA, VENHAM A SER PROMOVIDOS PELO PODER EXECUTIVO MUNICIPAL, BEM COMO PARA ATENDIMENTO DE OUTRAS DEMANDAS DAS DIVERSAS SECRETARIA MUNICIPAIS QUE VENHAM A NECESSITAR.<\/td><td class=\"column-8\">R$ 2.199.442,94<\/td><td class=\"column-9\">CIA PROMO\u00c7\u00d5ES E EVENTOS E SERVI\u00c7OS EIRELI, JAIR RODRIGO EVENTOS - ME , JUSSIER VIEIRA DE MELO - ME<\/td><td class=\"column-10\">JAIR RODRIGO EVENTOS - ME <\/td><td class=\"column-11\">15.214.591\/0001-77<\/td><td class=\"column-12\">R$ 584.102,40<\/td><td class=\"column-13\">Encerrada<\/td><td class=\"column-14\">020061210004\/2021\t<\/td><td class=\"column-15\">10\/12\/2021<\/td><td class=\"column-16\"><\/td><td class=\"column-17\"><\/td>\n<\/tr>\n<tr class=\"row-694\">\n\t<td class=\"column-1\">844\/2021<\/td><td class=\"column-2\">844\/2021<\/td><td class=\"column-3\">22\/11\/2021<\/td><td class=\"column-4\">22\/11\/2021<\/td><td class=\"column-5\">Preg\u00e3o Eletr\u00f4nico<\/td><td class=\"column-6\">Menor Pre\u00e7o Por Item<\/td><td class=\"column-7\">REGISTRO DE PRE\u00c7OS PARA FUTURA E EVENTUAL   CONTRATA\u00c7\u00c3O DE SERVI\u00c7OS DE LOCA\u00c7\u00c3O DE ESTRUTURA, SONORIZA\u00c7\u00c3O, EQUIPAMENTOS E CARRO DE SOM PARA REALIZA\u00c7\u00c3O\/DIVULGA\u00c7\u00c3O DE EVENTOS SOCIOCULTURAIS QUE, POR VENTURA, VENHAM A SER PROMOVIDOS PELO PODER EXECUTIVO MUNICIPAL, BEM COMO PARA ATENDIMENTO DE OUTRAS DEMANDAS DAS DIVERSAS SECRETARIA MUNICIPAIS QUE VENHAM A NECESSITAR.<\/td><td class=\"column-8\">R$ 2.199.442,94<\/td><td class=\"column-9\">CIA PROMO\u00c7\u00d5ES E EVENTOS E SERVI\u00c7OS EIRELI, JAIR RODRIGO EVENTOS - ME , JUSSIER VIEIRA DE MELO - ME<\/td><td class=\"column-10\">JAIR RODRIGO EVENTOS - ME <\/td><td class=\"column-11\">15.214.591\/0001-77<\/td><td class=\"column-12\">R$ 584.102,40<\/td><td class=\"column-13\">Encerrada<\/td><td class=\"column-14\">020061217001\/2021\t<\/td><td class=\"column-15\">17\/12\/2021<\/td><td class=\"column-16\"><\/td><td class=\"column-17\"><\/td>\n<\/tr>\n<tr class=\"row-695\">\n\t<td class=\"column-1\">844\/2021<\/td><td class=\"column-2\">844\/2021<\/td><td class=\"column-3\">22\/11\/2021<\/td><td class=\"column-4\">22\/11\/2021<\/td><td class=\"column-5\">Preg\u00e3o Eletr\u00f4nico<\/td><td class=\"column-6\">Menor Pre\u00e7o Por Item<\/td><td class=\"column-7\">REGISTRO DE PRE\u00c7OS PARA FUTURA E EVENTUAL   CONTRATA\u00c7\u00c3O DE SERVI\u00c7OS DE LOCA\u00c7\u00c3O DE ESTRUTURA, SONORIZA\u00c7\u00c3O, EQUIPAMENTOS E CARRO DE SOM PARA REALIZA\u00c7\u00c3O\/DIVULGA\u00c7\u00c3O DE EVENTOS SOCIOCULTURAIS QUE, POR VENTURA, VENHAM A SER PROMOVIDOS PELO PODER EXECUTIVO MUNICIPAL, BEM COMO PARA ATENDIMENTO DE OUTRAS DEMANDAS DAS DIVERSAS SECRETARIA MUNICIPAIS QUE VENHAM A NECESSITAR.<\/td><td class=\"column-8\">R$ 2.199.442,94<\/td><td class=\"column-9\">CIA PROMO\u00c7\u00d5ES E EVENTOS E SERVI\u00c7OS EIRELI, JAIR RODRIGO EVENTOS - ME , JUSSIER VIEIRA DE MELO - ME<\/td><td class=\"column-10\">JAIR RODRIGO EVENTOS - ME <\/td><td class=\"column-11\">15.214.591\/0001-77<\/td><td class=\"column-12\">R$ 584.102,40<\/td><td class=\"column-13\">Encerrada<\/td><td class=\"column-14\">020061221001\/2021\t<\/td><td class=\"column-15\">21\/12\/2021<\/td><td class=\"column-16\"><\/td><td class=\"column-17\"><\/td>\n<\/tr>\n<tr class=\"row-696\">\n\t<td class=\"column-1\">850\/2021<\/td><td class=\"column-2\">850\/2021<\/td><td class=\"column-3\"><\/td><td class=\"column-4\">12\/11\/2021<\/td><td class=\"column-5\">Inexigibilidade<\/td><td class=\"column-6\">Menor Pre\u00e7o<\/td><td class=\"column-7\">Show Art\u00edstico do Grupo Cat\u00f3lico Mission\u00e1rio Shalon, com dura\u00e7\u00e3o m\u00ednima de 01h30min, a ser realizado em pra\u00e7a p\u00fablica no dia 27 de novembro de 2021, na cidade de Lajes\/RN, em alus\u00e3o aos festejos da Padroeira Nossa Senhora da Concei\u00e7\u00e3o.<\/td><td class=\"column-8\">R$ 10.450,00<\/td><td class=\"column-9\">COMUNIDADE CAT\u00d3LICA SHALOM<\/td><td class=\"column-10\">COMUNIDADE CAT\u00d3LICA SHALOM<\/td><td class=\"column-11\">07.044.456\/0001-00<\/td><td class=\"column-12\">R$ 10.450,00<\/td><td class=\"column-13\">Encerrada<\/td><td class=\"column-14\">020061122001\/2021\t<\/td><td class=\"column-15\">22\/11\/2021<\/td><td class=\"column-16\">101\/2021\t<\/td><td class=\"column-17\">19\/11\/2021<\/td>\n<\/tr>\n<tr class=\"row-697\">\n\t<td class=\"column-1\">860\/2021<\/td><td class=\"column-2\">860\/2021<\/td><td class=\"column-3\"><\/td><td class=\"column-4\">30\/11\/2021<\/td><td class=\"column-5\">Inexigibilidade<\/td><td class=\"column-6\">Menor Pre\u00e7o Global<\/td><td class=\"column-7\">Contrata\u00e7\u00e3o direta de Show Art\u00edstico Gospel do Pastor Samuel Mariano, a ser realizado em pra\u00e7a p\u00fablica no dia 18 de dezembro de 2021\t, na cidade de Lajes\/RN<\/td><td class=\"column-8\">R$ 35.000,00<\/td><td class=\"column-9\">OFICINA DA MUSICA LTDA<\/td><td class=\"column-10\">OFICINA DA MUSICA LTDA<\/td><td class=\"column-11\">05.796.753\/0001-79<\/td><td class=\"column-12\">R$ 35.000,00<\/td><td class=\"column-13\">Encerrada<\/td><td class=\"column-14\">020061202006\/2021\t<\/td><td class=\"column-15\">02\/12\/2021<\/td><td class=\"column-16\">105\/2021\t<\/td><td class=\"column-17\">01\/12\/2021<\/td>\n<\/tr>\n<tr class=\"row-698\">\n\t<td class=\"column-1\">861\/2021<\/td><td class=\"column-2\">861\/2021<\/td><td class=\"column-3\"><\/td><td class=\"column-4\">18\/11\/2021<\/td><td class=\"column-5\">Inexigibilidade<\/td><td class=\"column-6\">Menor Pre\u00e7o Global<\/td><td class=\"column-7\">CONTRATA\u00c7\u00c3O DIRETA DE SHOW ART\u00cdSITICO DO CANTOR DE RENOME NACIONAL DORGIVAL DANTAS, A SER REALIZADO, EM PRA\u00c7A P\u00daBLICA, NO DIA 03 DE DEZEMBRO EM COMEMORA\u00c7\u00c3O AOS 98 ANOS DE EMANCIPA\u00c7\u00c3O POL\u00cdTICA DE LAJES\/RN.<\/td><td class=\"column-8\">R$ 70.000,00<\/td><td class=\"column-9\">TOME XOTE EDITORA DE MUSICA EIRELI<\/td><td class=\"column-10\">TOME XOTE EDITORA DE MUSICA EIRELI<\/td><td class=\"column-11\">13.091.140\/0001-64<\/td><td class=\"column-12\">R$ 70.000,00<\/td><td class=\"column-13\">Encerrada<\/td><td class=\"column-14\">020061202005\/2021\t<\/td><td class=\"column-15\">02\/12\/2021<\/td><td class=\"column-16\">102\/2021\t<\/td><td class=\"column-17\">19\/11\/2021<\/td>\n<\/tr>\n<tr class=\"row-699\">\n\t<td class=\"column-1\">867\/2021<\/td><td class=\"column-2\">867\/2021<\/td><td class=\"column-3\"><\/td><td class=\"column-4\">30\/11\/2021<\/td><td class=\"column-5\">Inexigibilidade<\/td><td class=\"column-6\">Menor Pre\u00e7o Global<\/td><td class=\"column-7\">CONTRATA\u00c7\u00c3O DE PESSOA JUR\u00cdDICA PARA AQUISI\u00c7\u00c3O DE KIT DE MATERIAIS DID\u00c1TICO-PEDAG\u00d3GICOS E ESTRUTURAIS PARA ATENDER A SECRETARIA MUNICIPAL DE EDUCA\u00c7\u00c3O E CULTURA DE LAJES\/RN NA EXECU\u00c7\u00c3O DO PROJETO TENDA CULTURAL ITINERANTE \u2013 PROJETO DE DEMOCRATIZA\u00c7\u00c3O E INCENTIVO \u00c0 LEITURA.<\/td><td class=\"column-8\">R$ 119.980,00<\/td><td class=\"column-9\">R.P. &amp; OLIVEIRA EDITORA LTDA<\/td><td class=\"column-10\">R.P. &amp; OLIVEIRA EDITORA LTDA<\/td><td class=\"column-11\">10.342.431\/0001-90<\/td><td class=\"column-12\">R$ 119.980,00<\/td><td class=\"column-13\">Encerrada<\/td><td class=\"column-14\">020061202004\/2021\t<\/td><td class=\"column-15\">02\/12\/2021<\/td><td class=\"column-16\"><\/td><td class=\"column-17\"><\/td>\n<\/tr>\n<tr class=\"row-700\">\n\t<td class=\"column-1\">879\/2021<\/td><td class=\"column-2\">879\/2021<\/td><td class=\"column-3\"><\/td><td class=\"column-4\">30\/11\/2021<\/td><td class=\"column-5\">Dispensa<\/td><td class=\"column-6\">Menor Pre\u00e7o Global<\/td><td class=\"column-7\">Contrata\u00e7\u00e3o de empresa para realizar a anima\u00e7\u00e3o cultural e musical, por meio de atra\u00e7\u00f5es musicais e poetas, do projeto \u201cLajes em Festa\u201d, englobando a FLILAJES, Semana do Evang\u00e9lico, festas de Natal e Ano Novo, e a Noite de Reis.<\/td><td class=\"column-8\">R$ 24.259,00<\/td><td class=\"column-9\">CIA PROMO\u00c7\u00d5ES E EVENTOS E SERVI\u00c7OS EIRELI, F BATISTA DA SILVA - ME , F. IVO DE MACEDO PRODUCAO DE EVENTOS DE FESTAS LTDA<\/td><td class=\"column-10\">CIA PROMO\u00c7\u00d5ES E EVENTOS E SERVI\u00c7OS EIRELI<\/td><td class=\"column-11\">12.972.310\/0001-57<\/td><td class=\"column-12\">R$ 23.900,00<\/td><td class=\"column-13\">Encerrada<\/td><td class=\"column-14\">020061207004\/2021\t<\/td><td class=\"column-15\">02\/12\/2021<\/td><td class=\"column-16\">106\/2021\t<\/td><td class=\"column-17\">02\/12\/2021<\/td>\n<\/tr>\n<tr class=\"row-701\">\n\t<td class=\"column-1\">902\/2021<\/td><td class=\"column-2\">902\/2021<\/td><td class=\"column-3\">22\/11\/2021<\/td><td class=\"column-4\">22\/11\/2021<\/td><td class=\"column-5\">Preg\u00e3o\/Ades\u00e3o<\/td><td class=\"column-6\">Menor Pre\u00e7o (Maior Desconto)<\/td><td class=\"column-7\">CONTRATA\u00c7\u00d5ES DE AG\u00caNCIA PRESTADORA DE SERVI\u00c7OS PARA FORNECIMENTO DE PASSAGENS A\u00c9REAS NACIONAIS, COMPREENDENDO COTA\u00c7\u00c3O, FORNECIMENTO, EMISS\u00c3O, REMARCA\u00c7\u00c3O E CANCELAMENTO, PARA ATENDIMENTO AO GABINETE DO PREFEITO E AS DIVERSAS SECRETARIAS, \u00d3RG\u00c3OS DA ADMINISTRA\u00c7\u00c3O MUNICIPAL.<\/td><td class=\"column-8\">R$ 45.000,00<\/td><td class=\"column-9\">EMBARQUE J\u00c1 VIAGENS E TURISMO LTDA \u2013 ME<\/td><td class=\"column-10\">EMBARQUE J\u00c1 VIAGENS E TURISMO LTDA \u2013 ME<\/td><td class=\"column-11\">10.477.835\/0001-90<\/td><td class=\"column-12\">R$ 45.000,00<\/td><td class=\"column-13\">Encerrada<\/td><td class=\"column-14\">020091122001\/2021\t<\/td><td class=\"column-15\">22\/11\/2021<\/td><td class=\"column-16\"><\/td><td class=\"column-17\"><\/td>\n<\/tr>\n<tr class=\"row-702\">\n\t<td class=\"column-1\">907\/2021<\/td><td class=\"column-2\">907\/2021<\/td><td class=\"column-3\"><\/td><td class=\"column-4\">10\/12\/2021<\/td><td class=\"column-5\">Inexigibilidade<\/td><td class=\"column-6\">Menor Pre\u00e7o Global<\/td><td class=\"column-7\">Contra\u00e7\u00e3o direta da empresa GR8 SERVI\u00c7OS DE T. I. LTDA, por meio de inexigibilidade de licita\u00e7\u00e3o para implanta\u00e7\u00e3o e cess\u00e3o de licen\u00e7a de uso de plataforma tecnol\u00f3gica de relacionamento e servi\u00e7os entre o cidad\u00e3o e a gest\u00e3o p\u00fablica composta de SOFTWARE WEB, APLICATIVO MOBILE e API\u00b4s para levar informa\u00e7\u00f5es, servi\u00e7os, atendimento, pesquisas e transpar\u00eancia diretamente a m\u00e3o do cidad\u00e3o em tempo real, gerenci\u00e1vel  pelo pr\u00f3prio gestor sem necessidade de interven\u00e7\u00f5es t\u00e9cnicas, permitindo a cria\u00e7\u00e3o de funcionalidades no frontend mobile de forma customizada sem recompila\u00e7\u00e3o do aplicativo, permitindo ainda a publica\u00e7\u00e3o do aplicativo com nome de Lajes Conectada, ou nome similar, envolvendo a instala\u00e7\u00e3o, treinamento e suporte pelo per\u00edodo de licen\u00e7a.<\/td><td class=\"column-8\">R$ 130.502,00<\/td><td class=\"column-9\">GR8 SERVICOS DE T. I. LTDA<\/td><td class=\"column-10\">GR8 SERVICOS DE T. I. LTDA<\/td><td class=\"column-11\">35.143.471\/0001-33<\/td><td class=\"column-12\">R$ 130.502,00<\/td><td class=\"column-13\">Encerrada<\/td><td class=\"column-14\"><\/td><td class=\"column-15\"><\/td><td class=\"column-16\">109\/2021\t<\/td><td class=\"column-17\">16\/12\/2021<\/td>\n<\/tr>\n<tr class=\"row-703\">\n\t<td class=\"column-1\">918\/2021<\/td><td class=\"column-2\">918\/2021<\/td><td class=\"column-3\"><\/td><td class=\"column-4\">25\/11\/2021<\/td><td class=\"column-5\">Inexigibilidade<\/td><td class=\"column-6\">Menor Pre\u00e7o Global<\/td><td class=\"column-7\">CONTRATA\u00c7\u00c3O DE SHOW DO CANTOR DE LITO LINS, A SER REALIZADO EM PRA\u00c7A P\u00daBLICA, NA NOITE DE NATAL \u2013 NO DIA 24 DE DEZEMBRO \u2013, POR MEIO DA EMPRESA LIMA E LIMA ENTRETENIMENTO LTDA-EPP, CNPJ N\u00ba 29.105.165\/0001-00, DETENTORA DE CONTRATO DE EXCLUSIVIDADE DO ARTISTA<\/td><td class=\"column-8\">R$ 10.000,00<\/td><td class=\"column-9\">3L PRODU\u00c7OES LIMA E LIMA ENTRETENIMENTO LTDA - EPP <\/td><td class=\"column-10\">3L PRODU\u00c7OES LIMA E LIMA ENTRETENIMENTO LTDA - EPP <\/td><td class=\"column-11\">29.105.165\/0001-00<\/td><td class=\"column-12\">R$ 10.000,00<\/td><td class=\"column-13\">Encerrada<\/td><td class=\"column-14\">020061224001\/2021\t<\/td><td class=\"column-15\">24\/12\/2021<\/td><td class=\"column-16\">103\/2021\t<\/td><td class=\"column-17\">26\/11\/2021<\/td>\n<\/tr>\n<tr class=\"row-704\">\n\t<td class=\"column-1\">919\/2021<\/td><td class=\"column-2\">919\/2021<\/td><td class=\"column-3\"><\/td><td class=\"column-4\">25\/11\/2021<\/td><td class=\"column-5\">Inexigibilidade<\/td><td class=\"column-6\">Menor Pre\u00e7o Global<\/td><td class=\"column-7\">CONTRATA\u00c7\u00c3O DIRETA DA BANDA \u201cNA PEGADA DO COYOTE\u201d PARA A REALIZA\u00c7\u00c3O DE SHOW MUSICAL EM PRA\u00c7A P\u00daBLICA, NO DIA 31 DE DEZEMBRO DE 2021, PARA ANIMAR AS FESTIVIDADES DE COMEMORA\u00c7\u00c3O DO R\u00c9VEILLON 2022, conforme especifica\u00e7\u00f5es no termo de refer\u00eancia.<\/td><td class=\"column-8\">R$ 15.000,00<\/td><td class=\"column-9\">OSMIRO PINHEIRO CARDOSO JUNIOR EIRELI<\/td><td class=\"column-10\">OSMIRO PINHEIRO CARDOSO JUNIOR EIRELI<\/td><td class=\"column-11\">10.528.307\/0001-13<\/td><td class=\"column-12\">R$ 15.000,00<\/td><td class=\"column-13\">Encerrada<\/td><td class=\"column-14\">020061206003\/2021\t<\/td><td class=\"column-15\">06\/12\/2021<\/td><td class=\"column-16\">104\/2021\t<\/td><td class=\"column-17\">26\/11\/2021<\/td>\n<\/tr>\n<tr class=\"row-705\">\n\t<td class=\"column-1\">934\/2021<\/td><td class=\"column-2\">934\/2021<\/td><td class=\"column-3\"><\/td><td class=\"column-4\">25\/11\/2021<\/td><td class=\"column-5\">Dispensa<\/td><td class=\"column-6\">Menor Pre\u00e7o Por Item<\/td><td class=\"column-7\">CONTRATA\u00c7\u00c3O EMPRESA ESPECIALIZADA PARA AQUISI\u00c7\u00c3O FOGOS DE ARTIF\u00cdCIO PARA AS FESTIVIDADES DE ANIVERS\u00c1RIO DA CIDADE E PARA FESTAS DE FIM DE ANO NO MUNIC\u00cdPIO DE LAJES\/RN.<\/td><td class=\"column-8\">R$ 15.500,00<\/td><td class=\"column-9\">A.C\u00c2NDIDO DE OLIVEIRA-ME, K.C.M.DOS REIS ALMELDA ME, N COMERCIO E SERVI\u00c7OS EIRELI - ME <\/td><td class=\"column-10\">K.C.M.DOS REIS ALMELDA ME<\/td><td class=\"column-11\">14.111.028\/0001-00<\/td><td class=\"column-12\">R$ 15.500,00<\/td><td class=\"column-13\">Encerrada<\/td><td class=\"column-14\">020021125003\/2021\t<\/td><td class=\"column-15\">02\/12\/2021<\/td><td class=\"column-16\"><\/td><td class=\"column-17\"><\/td>\n<\/tr>\n<tr class=\"row-706\">\n\t<td class=\"column-1\">939\/2021<\/td><td class=\"column-2\">939\/2021<\/td><td class=\"column-3\"><\/td><td class=\"column-4\">06\/12\/2021<\/td><td class=\"column-5\">Dispensa<\/td><td class=\"column-6\">Menor Pre\u00e7o Por Item<\/td><td class=\"column-7\">CONTRATA\u00c7\u00c3O DE EMPRESA ESPECIALIZADA NA PRESTA\u00c7\u00c3O DOS SERVI\u00c7OS DE CAPACITA\u00c7\u00c3O E CONSULTORIA PARA OS SERVIDORES DA \u00c1REA DE ATENDIMENTO DO CADASTRO \u00daNICO CONFORME TERMO DE REFER\u00caNCIA.<\/td><td class=\"column-8\">R$ 2.200,00<\/td><td class=\"column-9\">M\u00c1XIMA CONSULTORIA, T&amp;M CONSULTORIA E PESQUISA , WALBA ALVES DE MELO<\/td><td class=\"column-10\">T&amp;M CONSULTORIA E PESQUISA <\/td><td class=\"column-11\">38.030.115\/0001-00<\/td><td class=\"column-12\">R$ 2.200,00<\/td><td class=\"column-13\">Encerrada<\/td><td class=\"column-14\">040011207001\/2021\t<\/td><td class=\"column-15\">07\/12\/2021<\/td><td class=\"column-16\"><\/td><td class=\"column-17\"><\/td>\n<\/tr>\n<tr class=\"row-707\">\n\t<td class=\"column-1\">940\/2021<\/td><td class=\"column-2\">940\/2021<\/td><td class=\"column-3\"><\/td><td class=\"column-4\">06\/12\/2021<\/td><td class=\"column-5\">Inexigibilidade<\/td><td class=\"column-6\">Menor Pre\u00e7o Global<\/td><td class=\"column-7\">Contrata\u00e7\u00e3o pessoa jur\u00eddica para realizar apresenta\u00e7\u00e3o de do show musical do cantor cat\u00f3lico COSME, com dura\u00e7\u00e3o de 2h 20 min.<\/td><td class=\"column-8\">R$ 7.000,00<\/td><td class=\"column-9\">JOSE COSME DE OLIVERIA<\/td><td class=\"column-10\">JOSE COSME DE OLIVERIA<\/td><td class=\"column-11\">741.137.397-49<\/td><td class=\"column-12\">R$ 7.000,00<\/td><td class=\"column-13\">Encerrada<\/td><td class=\"column-14\">020061207005\/2021\t<\/td><td class=\"column-15\">07\/12\/2021<\/td><td class=\"column-16\">107\/2021\t<\/td><td class=\"column-17\">06\/12\/2021<\/td>\n<\/tr>\n<tr class=\"row-708\">\n\t<td class=\"column-1\">940\/2021<\/td><td class=\"column-2\">940\/2021<\/td><td class=\"column-3\"><\/td><td class=\"column-4\">06\/12\/2021<\/td><td class=\"column-5\">Inexigibilidade<\/td><td class=\"column-6\">Menor Pre\u00e7o Global<\/td><td class=\"column-7\">Contrata\u00e7\u00e3o pessoa jur\u00eddica para realizar apresenta\u00e7\u00e3o de do show musical do cantor cat\u00f3lico COSME, com dura\u00e7\u00e3o de 2h 20 min.<\/td><td class=\"column-8\">R$ 7.000,00<\/td><td class=\"column-9\">JOSE COSME DE OLIVERIA<\/td><td class=\"column-10\">JOSE COSME DE OLIVERIA<\/td><td class=\"column-11\">741.137.397-49<\/td><td class=\"column-12\">R$ 7.000,00<\/td><td class=\"column-13\">Encerrada<\/td><td class=\"column-14\">020061207006\/2021\t<\/td><td class=\"column-15\">07\/12\/2021<\/td><td class=\"column-16\">107\/2021\t<\/td><td class=\"column-17\">06\/12\/2021<\/td>\n<\/tr>\n<tr class=\"row-709\">\n\t<td class=\"column-1\">957\/2021<\/td><td class=\"column-2\">957\/2021<\/td><td class=\"column-3\"><\/td><td class=\"column-4\">15\/12\/2021<\/td><td class=\"column-5\">Dispensa<\/td><td class=\"column-6\">Menor Pre\u00e7o Por Item<\/td><td class=\"column-7\">AQUISI\u00c7\u00c3O DE ELETRODOM\u00c9STICOS PARA A REALIZA\u00c7\u00c3O DO TRADICIONAL BINGO DE ANO NOVO QUE \u00c9 REALIZADO PELA PREFEITURA MUNICIPAL DE LAJES\/RN<\/td><td class=\"column-8\">R$ 24.240,34<\/td><td class=\"column-9\">DAYANE RAFAELA DE MELO FRAN\u00c7A DANTAS, MG COMERCIO DE FARDAMENTOS E EQUIPAMENTOS EIRELI<\/td><td class=\"column-10\">MG COMERCIO DE FARDAMENTOS E EQUIPAMENTOS EIRELI<\/td><td class=\"column-11\">37.653.978\/0001-62<\/td><td class=\"column-12\">R$ 24.240,34<\/td><td class=\"column-13\">Encerrada<\/td><td class=\"column-14\">040011227001\/2021\t<\/td><td class=\"column-15\">27\/12\/2021<\/td><td class=\"column-16\"><\/td><td class=\"column-17\"><\/td>\n<\/tr>\n<tr class=\"row-710\">\n\t<td class=\"column-1\">959\/2021<\/td><td class=\"column-2\">959\/2021<\/td><td class=\"column-3\"><\/td><td class=\"column-4\">22\/12\/2021<\/td><td class=\"column-5\">Dispensa<\/td><td class=\"column-6\">Menor Pre\u00e7o Por Item<\/td><td class=\"column-7\">Contrata\u00e7\u00e3o de empresa para a loca\u00e7\u00e3o de brinquedos, carrinho de pipoca e carrinho de algod\u00e3o doce, para a realiza\u00e7\u00e3o de evento natalino destinado as crian\u00e7as lajenses, a ser realizado em pra\u00e7a p\u00fablica no dia 24 de dezembro de 2021.<\/td><td class=\"column-8\">R$ 11.000,00<\/td><td class=\"column-9\">HUGUIMARIA PRISCILA DA SILVA, JF CONSTRU\u00c7\u00d5ES, SUELDO LOCA\u00c7\u00d5ES<\/td><td class=\"column-10\">HUGUIMARIA PRISCILA DA SILVA<\/td><td class=\"column-11\">30.292.050\/0002-31<\/td><td class=\"column-12\">R$ 11.000,00<\/td><td class=\"column-13\">Encerrada<\/td><td class=\"column-14\">040011223001\/2021\t<\/td><td class=\"column-15\">23\/12\/2021<\/td><td class=\"column-16\"><\/td><td class=\"column-17\"><\/td>\n<\/tr>\n<tr class=\"row-711\">\n\t<td class=\"column-1\">964\/2021<\/td><td class=\"column-2\">964\/2021<\/td><td class=\"column-3\"><\/td><td class=\"column-4\">15\/12\/2021<\/td><td class=\"column-5\">Dispensa<\/td><td class=\"column-6\">Menor Pre\u00e7o Por Item<\/td><td class=\"column-7\">AQUISI\u00c7\u00c3O DE BRINQUEDOS DESTINADOS A DOA\u00c7\u00c3O \u00c0S CRIAN\u00c7AS DO NOSSO MUNIC\u00cdPIO DE LAJES\/RN, DURANTE O PER\u00cdODO NATALINO<\/td><td class=\"column-8\">R$ 17.470,34<\/td><td class=\"column-9\">CIRNE IRM\u00c3OS E CIA LTDA, GDS COMERCIAL E SERVI\u00c7OS EIRELI, MG COMERCIO DE FARDAMENTOS E EQUIPAMENTOS EIRELI<\/td><td class=\"column-10\">CIRNE IRM\u00c3OS E CIA LTDA<\/td><td class=\"column-11\">08.326.720\/0001-53<\/td><td class=\"column-12\">R$ 17.470,34<\/td><td class=\"column-13\">Encerrada<\/td><td class=\"column-14\">040011216001\/2021\t<\/td><td class=\"column-15\">16\/12\/2021<\/td><td class=\"column-16\"><\/td><td class=\"column-17\"><\/td>\n<\/tr>\n<tr class=\"row-712\">\n\t<td class=\"column-1\">966\/2021<\/td><td class=\"column-2\">966\/2021<\/td><td class=\"column-3\"><\/td><td class=\"column-4\">14\/12\/2021<\/td><td class=\"column-5\">Dispensa<\/td><td class=\"column-6\">Menor Pre\u00e7o Global<\/td><td class=\"column-7\">Aquisi\u00e7\u00e3o de materiais de decora\u00e7\u00e3o natalina para a decora\u00e7\u00e3o interna do Mercado P\u00fablico Municipal de Lajes (Centro Comercial Marcelo Montoril).<\/td><td class=\"column-8\">R$ 3.369,48<\/td><td class=\"column-9\">CIRNE IRM\u00c3OS E CIA LTDA, GDS COMERCIAL E SERVI\u00c7OS EIRELI, MG COMERCIO DE FARDAMENTOS E EQUIPAMENTOS EIRELI<\/td><td class=\"column-10\">CIRNE IRM\u00c3OS E CIA LTDA<\/td><td class=\"column-11\">08.326.720\/0001-53<\/td><td class=\"column-12\">R$ 3.369,48<\/td><td class=\"column-13\">Encerrada<\/td><td class=\"column-14\">020041215001\/2021\t<\/td><td class=\"column-15\">15\/12\/2021<\/td><td class=\"column-16\"><\/td><td class=\"column-17\"><\/td>\n<\/tr>\n<tr class=\"row-713\">\n\t<td class=\"column-1\">996\/2021<\/td><td class=\"column-2\">996\/2021<\/td><td class=\"column-3\"><\/td><td class=\"column-4\">21\/12\/2021<\/td><td class=\"column-5\">Dispensa<\/td><td class=\"column-6\">Menor Pre\u00e7o Por Item<\/td><td class=\"column-7\">Contrata\u00e7\u00e3o de empresa para a presta\u00e7\u00e3o de servi\u00e7os de anima\u00e7\u00e3o e recrea\u00e7\u00e3o infantil para a realiza\u00e7\u00e3o de evento natalino destinado as crian\u00e7as lajenses, a ser realizado em pra\u00e7a p\u00fablica no dia 24 de dezembro de 2021<\/td><td class=\"column-8\">R$ 5.000,00<\/td><td class=\"column-9\">ANTONIO NUNES LOPES, FRANCILEUDO DOS SANTOS SILVA, LEANDRO MENDES DOS SANTOS<\/td><td class=\"column-10\">FRANCILEUDO DOS SANTOS SILVA<\/td><td class=\"column-11\">21.737.363\/0001-84<\/td><td class=\"column-12\">R$ 5.000,00<\/td><td class=\"column-13\">Encerrada<\/td><td class=\"column-14\">040011222001\/2021\t<\/td><td class=\"column-15\">22\/12\/2021<\/td><td class=\"column-16\"><\/td><td class=\"column-17\"><\/td>\n<\/tr>\n<tr class=\"row-714\">\n\t<td class=\"column-1\">998\/2021<\/td><td class=\"column-2\">998\/2021<\/td><td class=\"column-3\">29\/12\/2021<\/td><td class=\"column-4\">29\/12\/2021<\/td><td class=\"column-5\">Preg\u00e3o\/Ades\u00e3o<\/td><td class=\"column-6\">Menor Pre\u00e7o Por Item<\/td><td class=\"column-7\">REGISTRO DE PRE\u00c7OS PARA CONTRATA\u00c7\u00c3O DE EMPRESA ESPECIALIZADA PARA EXECU\u00c7\u00c3O DE SERVI\u00c7OS COMUNS DE ENGENHARIA NA ESTRUTURA F\u00cdSICA DOS IM\u00d3VEIS DA PREFEITURA MUNICIPAL DE LAJES\/RN, MEDIANTE REGIME EMPREITADA POR VALOR UNIT\u00c1RIO, CONFORME ESPECIFICA\u00c7\u00d5ES CONSTANTES NO PROJETO B\u00c1SICO ACOSTADO AOS AUTOS.<\/td><td class=\"column-8\">R$ 1.221.470,92<\/td><td class=\"column-9\">LRV CONSTRUTORA LTDA<\/td><td class=\"column-10\">LRV CONSTRUTORA LTDA<\/td><td class=\"column-11\">23.150.611\/0001-11<\/td><td class=\"column-12\">R$ 1.221.470,92<\/td><td class=\"column-13\">Encerrada<\/td><td class=\"column-14\"><\/td><td class=\"column-15\"><\/td><td class=\"column-16\">110\/2021\t<\/td><td class=\"column-17\">29\/12\/2021<\/td>\n<\/tr>\n<\/tbody>\n<\/table>\n<\/div><!-- #tablepress-73 from cache -->\n<div class=\"pdfprnt-buttons pdfprnt-buttons-post pdfprnt-bottom-right\"><a href=\"https:\/\/lajes.rn.gov.br\/transparente\/index\/wp-json\/wp\/v2\/posts\/29457?print=pdf\" class=\"pdfprnt-button pdfprnt-button-pdf\" target=\"_blank\" ><img decoding=\"async\" src=\"https:\/\/lajes.rn.gov.br\/transparente\/index\/wp-content\/plugins\/pdf-print\/images\/pdf.png\" alt=\"image_pdf\" title=\"Ver PDF\" \/><\/a><a href=\"https:\/\/lajes.rn.gov.br\/transparente\/index\/wp-json\/wp\/v2\/posts\/29457?print=print\" class=\"pdfprnt-button pdfprnt-button-print\" target=\"_blank\" ><img decoding=\"async\" src=\"https:\/\/lajes.rn.gov.br\/transparente\/index\/wp-content\/plugins\/pdf-print\/images\/print.png\" alt=\"image_print\" title=\"Conte\u00fado de impress\u00e3o\" \/><\/a><\/div>","protected":false},"excerpt":{"rendered":"","protected":false},"author":3,"featured_media":0,"comment_status":"closed","ping_status":"closed","sticky":false,"template":"","format":"standard","meta":{"ocean_post_layout":"","ocean_both_sidebars_style":"","ocean_both_sidebars_content_width":0,"ocean_both_sidebars_sidebars_width":0,"ocean_sidebar":"","ocean_second_sidebar":"","ocean_disable_margins":"enable","ocean_add_body_class":"","ocean_shortcode_before_top_bar":"","ocean_shortcode_after_top_bar":"","ocean_shortcode_before_header":"","ocean_shortcode_after_header":"","ocean_has_shortcode":"","ocean_shortcode_after_title":"","ocean_shortcode_before_footer_widgets":"","ocean_shortcode_after_footer_widgets":"","ocean_shortcode_before_footer_bottom":"","ocean_shortcode_after_footer_bottom":"","ocean_display_top_bar":"default","ocean_display_header":"default","ocean_header_style":"","ocean_center_header_left_menu":"","ocean_custom_header_template":"","ocean_custom_logo":0,"ocean_custom_retina_logo":0,"ocean_custom_logo_max_width":0,"ocean_custom_logo_tablet_max_width":0,"ocean_custom_logo_mobile_max_width":0,"ocean_custom_logo_max_height":0,"ocean_custom_logo_tablet_max_height":0,"ocean_custom_logo_mobile_max_height":0,"ocean_header_custom_menu":"","ocean_menu_typo_font_family":"","ocean_menu_typo_font_subset":"","ocean_menu_typo_font_size":0,"ocean_menu_typo_font_size_tablet":0,"ocean_menu_typo_font_size_mobile":0,"ocean_menu_typo_font_size_unit":"px","ocean_menu_typo_font_weight":"","ocean_menu_typo_font_weight_tablet":"","ocean_menu_typo_font_weight_mobile":"","ocean_menu_typo_transform":"","ocean_menu_typo_transform_tablet":"","ocean_menu_typo_transform_mobile":"","ocean_menu_typo_line_height":0,"ocean_menu_typo_line_height_tablet":0,"ocean_menu_typo_line_height_mobile":0,"ocean_menu_typo_line_height_unit":"","ocean_menu_typo_spacing":0,"ocean_menu_typo_spacing_tablet":0,"ocean_menu_typo_spacing_mobile":0,"ocean_menu_typo_spacing_unit":"","ocean_menu_link_color":"","ocean_menu_link_color_hover":"","ocean_menu_link_color_active":"","ocean_menu_link_background":"","ocean_menu_link_hover_background":"","ocean_menu_link_active_background":"","ocean_menu_social_links_bg":"","ocean_menu_social_hover_links_bg":"","ocean_menu_social_links_color":"","ocean_menu_social_hover_links_color":"","ocean_disable_title":"default","ocean_disable_heading":"default","ocean_post_title":"","ocean_post_subheading":"","ocean_post_title_style":"","ocean_post_title_background_color":"","ocean_post_title_background":0,"ocean_post_title_bg_image_position":"","ocean_post_title_bg_image_attachment":"","ocean_post_title_bg_image_repeat":"","ocean_post_title_bg_image_size":"","ocean_post_title_height":0,"ocean_post_title_bg_overlay":0.5,"ocean_post_title_bg_overlay_color":"","ocean_disable_breadcrumbs":"default","ocean_breadcrumbs_color":"","ocean_breadcrumbs_separator_color":"","ocean_breadcrumbs_links_color":"","ocean_breadcrumbs_links_hover_color":"","ocean_display_footer_widgets":"default","ocean_display_footer_bottom":"default","ocean_custom_footer_template":"","ocean_post_oembed":"","ocean_post_self_hosted_media":"","ocean_post_video_embed":"","ocean_link_format":"","ocean_link_format_target":"self","ocean_quote_format":"","ocean_quote_format_link":"post","ocean_gallery_link_images":"on","ocean_gallery_id":[],"footnotes":""},"categories":[1],"tags":[],"class_list":["post-29457","post","type-post","status-publish","format-standard","hentry","category-sem-categoria","entry"],"_links":{"self":[{"href":"https:\/\/lajes.rn.gov.br\/transparente\/index\/wp-json\/wp\/v2\/posts\/29457","targetHints":{"allow":["GET"]}}],"collection":[{"href":"https:\/\/lajes.rn.gov.br\/transparente\/index\/wp-json\/wp\/v2\/posts"}],"about":[{"href":"https:\/\/lajes.rn.gov.br\/transparente\/index\/wp-json\/wp\/v2\/types\/post"}],"author":[{"embeddable":true,"href":"https:\/\/lajes.rn.gov.br\/transparente\/index\/wp-json\/wp\/v2\/users\/3"}],"replies":[{"embeddable":true,"href":"https:\/\/lajes.rn.gov.br\/transparente\/index\/wp-json\/wp\/v2\/comments?post=29457"}],"version-history":[{"count":1,"href":"https:\/\/lajes.rn.gov.br\/transparente\/index\/wp-json\/wp\/v2\/posts\/29457\/revisions"}],"predecessor-version":[{"id":29460,"href":"https:\/\/lajes.rn.gov.br\/transparente\/index\/wp-json\/wp\/v2\/posts\/29457\/revisions\/29460"}],"wp:attachment":[{"href":"https:\/\/lajes.rn.gov.br\/transparente\/index\/wp-json\/wp\/v2\/media?parent=29457"}],"wp:term":[{"taxonomy":"category","embeddable":true,"href":"https:\/\/lajes.rn.gov.br\/transparente\/index\/wp-json\/wp\/v2\/categories?post=29457"},{"taxonomy":"post_tag","embeddable":true,"href":"https:\/\/lajes.rn.gov.br\/transparente\/index\/wp-json\/wp\/v2\/tags?post=29457"}],"curies":[{"name":"wp","href":"https:\/\/api.w.org\/{rel}","templated":true}]}}