{"id":29453,"date":"2023-07-22T12:26:46","date_gmt":"2023-07-22T15:26:46","guid":{"rendered":"https:\/\/lajes.rn.gov.br\/transparente\/index\/?p=29453"},"modified":"2023-07-22T12:26:46","modified_gmt":"2023-07-22T15:26:46","slug":"anexo-13-comissao-de-licitacao-e-pregoeiro","status":"publish","type":"post","link":"https:\/\/lajes.rn.gov.br\/transparente\/index\/anexo-13-comissao-de-licitacao-e-pregoeiro\/","title":{"rendered":"ANEXO 13 &#8211; COMISS\u00c3O DE LICITA\u00c7\u00c3O E PREGOEIRO"},"content":{"rendered":"<div class=\"indiv_tablepress tablepress_in_div\">\n<table id=\"tablepress-72\" class=\"tablepress tablepress-id-72 tbody-has-connected-cells\">\n<thead>\n<tr class=\"row-1\">\n\t<td class=\"column-1\"><\/td><td class=\"column-2\"><\/td><td class=\"column-3\"><\/td><td class=\"column-4\"><\/td><td class=\"column-5\"><\/td><td class=\"column-6\"><\/td><td class=\"column-7\"><\/td><td class=\"column-8\"><\/td><td class=\"column-9\"><\/td><td class=\"column-10\"><\/td><td class=\"column-11\"><\/td><td class=\"column-12\"><\/td>\n<\/tr>\n<\/thead>\n<tbody class=\"row-striping row-hover\">\n<tr class=\"row-2\">\n\t<td colspan=\"11\" class=\"column-1\"><strong>MODELO 10 - RELA\u00c7\u00c3O DAS COMISS\u00d5ES DE LICITA\u00c7\u00d5ES, PREGOEIRO E EQUIPE DE APOIO<\/strong><\/td><td class=\"column-12\"><\/td>\n<\/tr>\n<tr class=\"row-3\">\n\t<td class=\"column-1\"><\/td><td class=\"column-2\"><\/td><td class=\"column-3\"><\/td><td class=\"column-4\"><\/td><td class=\"column-5\"><\/td><td class=\"column-6\"><\/td><td class=\"column-7\"><\/td><td class=\"column-8\"><\/td><td class=\"column-9\"><\/td><td class=\"column-10\"><\/td><td class=\"column-11\"><\/td><td class=\"column-12\"><\/td>\n<\/tr>\n<tr class=\"row-4\">\n\t<td rowspan=\"2\" class=\"column-1\"><strong>Nome<\/strong><\/td><td rowspan=\"2\" class=\"column-2\"><strong>CPF<\/strong><\/td><td rowspan=\"2\" class=\"column-3\"><strong>Cargo ou fun\u00e7\u00e3o<\/strong><\/td><td rowspan=\"2\" class=\"column-4\"><strong>Matr\u00edcula<\/strong><\/td><td rowspan=\"2\" class=\"column-5\"><strong>Ato de nomea\u00e7\u00e3o<\/strong><\/td><td rowspan=\"2\" class=\"column-6\"><strong>Data do ato<\/strong><\/td><td rowspan=\"2\" class=\"column-7\"><strong>Per\u00edodo de efetivo exerc\u00edcio <\/strong><\/td><td rowspan=\"2\" class=\"column-8\"><strong>Endere\u00e7o eletr\u00f4nico<\/strong><\/td><td rowspan=\"2\" class=\"column-9\"><strong>Telefone funcional<\/strong><\/td><td rowspan=\"2\" class=\"column-10\"><strong>Endere\u00e7o funcional<\/strong><\/td><td rowspan=\"2\" class=\"column-11\"><strong>Endere\u00e7o residencial<\/strong><\/td><td class=\"column-12\"><\/td>\n<\/tr>\n<tr class=\"row-5\">\n\t<td class=\"column-12\"><\/td>\n<\/tr>\n<tr class=\"row-6\">\n\t<td class=\"column-1\"><\/td><td class=\"column-2\"><\/td><td class=\"column-3\"><\/td><td class=\"column-4\"><\/td><td class=\"column-5\"><\/td><td class=\"column-6\"><\/td><td class=\"column-7\"><\/td><td class=\"column-8\"><\/td><td class=\"column-9\"><\/td><td class=\"column-10\"><\/td><td class=\"column-11\"><\/td><td class=\"column-12\"><\/td>\n<\/tr>\n<tr class=\"row-7\">\n\t<td class=\"column-1\"><strong>RUDSON PEREIRA DA SILVA<\/strong><\/td><td class=\"column-2\">079.335.184-78<\/td><td class=\"column-3\">PRESIDENTE DA CPL<\/td><td class=\"column-4\">2267<\/td><td class=\"column-5\">Portaria n\u00ba 019\/2021<\/td><td class=\"column-6\">1\/12\/2021<\/td><td class=\"column-7\">04\/01\/2021-04\/05\/201<\/td><td class=\"column-8\">cpl@lajes.rn.gov.br<\/td><td class=\"column-9\">84 3532 2367<\/td><td class=\"column-10\">Rua Ramiro Pereira da Silva, 17 - Centro -  CEP: 59513-000, LAJES\/RN<\/td><td class=\"column-11\">RUA NUBIA SANTIAGO, 711, CENTRO, Cear\u00e1-Mirim\/RN, CEP: 59570000<\/td><td class=\"column-12\"><\/td>\n<\/tr>\n<tr class=\"row-8\">\n\t<td class=\"column-1\">CRISTIANO DE SOUZA MOURA<\/td><td class=\"column-2\">792.300.674-15<\/td><td class=\"column-3\">MEMBRO<\/td><td class=\"column-4\">271<\/td><td class=\"column-5\">Portaria n\u00ba 019\/2021<\/td><td class=\"column-6\">1\/12\/2021<\/td><td class=\"column-7\">04\/01\/2021-03\/05\/201<\/td><td class=\"column-8\">cpl@lajes.rn.gov.br<\/td><td class=\"column-9\">84 3532 2367<\/td><td class=\"column-10\">Rua Ramiro Pereira da Silva, 17 - Centro -  CEP: 59513-000, LAJES\/RN<\/td><td class=\"column-11\">Rua Ramiro Pereira da Silva, 38 - Centro -  CEP: 59513-000, LAJES\/RN<\/td><td class=\"column-12\"><\/td>\n<\/tr>\n<tr class=\"row-9\">\n\t<td class=\"column-1\">MARCOS LUIS DA SILVA<\/td><td class=\"column-2\">596.828.334-34<\/td><td class=\"column-3\">MEMBRO<\/td><td class=\"column-4\">1483<\/td><td class=\"column-5\">Portaria n\u00ba 019\/2021<\/td><td class=\"column-6\">1\/12\/2021<\/td><td class=\"column-7\">04\/01\/2021-04\/05\/2021<\/td><td class=\"column-8\">cpl@lajes.rn.gov.br<\/td><td class=\"column-9\">84 3532 2367<\/td><td class=\"column-10\">Rua Ramiro Pereira da Silva, 17 - Centro -  CEP: 59513-000, LAJES\/RN<\/td><td class=\"column-11\">RUA LUIZ CID, 38, CENTRO, LAJES\/RN, CEP: 59535000<\/td><td class=\"column-12\"><\/td>\n<\/tr>\n<tr class=\"row-10\">\n\t<td class=\"column-1\">JO\u00c3O MARIA FERNANDES<\/td><td class=\"column-2\">048.383.074-70<\/td><td class=\"column-3\">MEMBRO<\/td><td class=\"column-4\">2429<\/td><td class=\"column-5\">Portaria n\u00ba 019\/2021<\/td><td class=\"column-6\">1\/12\/2021<\/td><td class=\"column-7\">04\/01\/2021-04\/05\/2021<\/td><td class=\"column-8\">cpl@lajes.rn.gov.br<\/td><td class=\"column-9\">84 3532 2367<\/td><td class=\"column-10\">Rua Ramiro Pereira da Silva, 17 - Centro -  CEP: 59513-000, LAJES\/RN<\/td><td class=\"column-11\">RUA JOAO MILITAO MARTINS, 421, CENTRO, LAJES\/RN, CEP: 59535000<\/td><td class=\"column-12\"><\/td>\n<\/tr>\n<tr class=\"row-11\">\n\t<td class=\"column-1\">\u00cdCARO LUCAS MARTINS<\/td><td class=\"column-2\">071.584.544-60<\/td><td class=\"column-3\">Secret\u00e1rio da comiss\u00e3o<\/td><td class=\"column-4\">1988<\/td><td class=\"column-5\">Portaria n\u00ba 019\/2021<\/td><td class=\"column-6\">1\/12\/2021<\/td><td class=\"column-7\">04\/01\/2021-04\/05\/2021<\/td><td class=\"column-8\">cpl@lajes.rn.gov.br<\/td><td class=\"column-9\">84 3532 2367<\/td><td class=\"column-10\">Rua Ramiro Pereira da Silva, 17 - Centro -  CEP: 59513-000, LAJES\/RN<\/td><td class=\"column-11\">RUA POUSO ALTO, 4664, CENTRO, NATAL\/RN, CEP: 59088390<\/td><td class=\"column-12\"><\/td>\n<\/tr>\n<tr class=\"row-12\">\n\t<td class=\"column-1\">GABRIEL DA CUNHA PIMENTA<\/td><td class=\"column-2\">086.165464-13<\/td><td class=\"column-3\">SUPLENTE<\/td><td class=\"column-4\">2275<\/td><td class=\"column-5\">Portaria n\u00ba 019\/2021<\/td><td class=\"column-6\">1\/12\/2021<\/td><td class=\"column-7\">04\/01\/2021-04\/05\/2021<\/td><td class=\"column-8\">cpl@lajes.rn.gov.br<\/td><td class=\"column-9\">84 3532 2367<\/td><td class=\"column-10\">Rua Ramiro Pereira da Silva, 17 - Centro -  CEP: 59513-000, LAJES\/RN<\/td><td class=\"column-11\">RUA CLOVES DE LIMA, SN, CENTRO, LAJES\/RN, CEP: 59535000<\/td><td class=\"column-12\"><\/td>\n<\/tr>\n<tr class=\"row-13\">\n\t<td class=\"column-1\">RUDSON PEREIRA DA SILVA<\/td><td class=\"column-2\">079.335.184-78<\/td><td class=\"column-3\">PREGOEIRO<\/td><td class=\"column-4\">2267<\/td><td class=\"column-5\">Portaria n\u00ba 019\/2021<\/td><td class=\"column-6\">1\/12\/2021<\/td><td class=\"column-7\">04\/01\/2021-04\/05\/2021<\/td><td class=\"column-8\">cpl@lajes.rn.gov.br<\/td><td class=\"column-9\">84 3532 2367<\/td><td class=\"column-10\">Rua Ramiro Pereira da Silva, 17 - Centro -  CEP: 59513-000, LAJES\/RN<\/td><td class=\"column-11\">RUA NUBIA SANTIAGO, 711, CENTRO, Cear\u00e1-Mirim\/RN, CEP: 59570000<\/td><td class=\"column-12\"><\/td>\n<\/tr>\n<tr class=\"row-14\">\n\t<td class=\"column-1\">CRISTIANO DE SOUZA MOURA<\/td><td class=\"column-2\">792.300.674-15<\/td><td class=\"column-3\">Equipe de Apoio<\/td><td class=\"column-4\">271<\/td><td class=\"column-5\">019\/2021<\/td><td class=\"column-6\">1\/12\/2021<\/td><td class=\"column-7\">04\/01\/2021-31\/12\/202<\/td><td class=\"column-8\">cpl@lajes.rn.gov.br<\/td><td class=\"column-9\">84 3532 2367<\/td><td class=\"column-10\">Rua Ramiro Pereira da Silva, 17 - Centro -  CEP: 59513-000, LAJES\/RN<\/td><td class=\"column-11\">Rua Ramiro Pereira da Silva, 38 - Centro -  CEP: 59513-000, LAJES\/RN<\/td><td class=\"column-12\"><\/td>\n<\/tr>\n<tr class=\"row-15\">\n\t<td class=\"column-1\">MARCOS LUIS DA SILVA<\/td><td class=\"column-2\">596.828.334-34<\/td><td class=\"column-3\">MEMBRO<\/td><td class=\"column-4\">1483<\/td><td class=\"column-5\">Portaria n\u00ba 019\/2021<\/td><td class=\"column-6\">1\/12\/2021<\/td><td class=\"column-7\">04\/01\/2021-31\/12\/202<\/td><td class=\"column-8\">cpl@lajes.rn.gov.br<\/td><td class=\"column-9\">84 3532 2367<\/td><td class=\"column-10\">Rua Ramiro Pereira da Silva, 17 - Centro -  CEP: 59513-000, LAJES\/RN<\/td><td class=\"column-11\">RUA LUIZ CID, 38, CENTRO, LAJES\/RN, CEP: 59535000<\/td><td class=\"column-12\"><\/td>\n<\/tr>\n<tr class=\"row-16\">\n\t<td class=\"column-1\">JO\u00c3O MARIA FERNANDES<\/td><td class=\"column-2\">048.383.074-70<\/td><td class=\"column-3\">MEMBRO<\/td><td class=\"column-4\">2429<\/td><td class=\"column-5\">Portaria n\u00ba 019\/2021<\/td><td class=\"column-6\">1\/12\/2021<\/td><td class=\"column-7\">04\/01\/2021-31\/12\/202<\/td><td class=\"column-8\">cpl@lajes.rn.gov.br<\/td><td class=\"column-9\">84 3532 2367<\/td><td class=\"column-10\">Rua Ramiro Pereira da Silva, 17 - Centro -  CEP: 59513-000, LAJES\/RN<\/td><td class=\"column-11\">RUA JOAO MILITAO MARTINS, 421, CENTRO, LAJES\/RN, CEP: 59535000<\/td><td class=\"column-12\"><\/td>\n<\/tr>\n<tr class=\"row-17\">\n\t<td class=\"column-1\">GABRIEL DA CUNHA PIMENTA<\/td><td class=\"column-2\">086.165464-13<\/td><td class=\"column-3\">SUPLENTE<\/td><td class=\"column-4\">2275<\/td><td class=\"column-5\">Portaria n\u00ba 019\/2021<\/td><td class=\"column-6\">1\/12\/2021<\/td><td class=\"column-7\">04\/01\/2021-31\/12\/202<\/td><td class=\"column-8\">cpl@lajes.rn.gov.br<\/td><td class=\"column-9\">84 3532 2367<\/td><td class=\"column-10\">Rua Ramiro Pereira da Silva, 17 - Centro -  CEP: 59513-000, LAJES\/RN<\/td><td class=\"column-11\">RUA CLOVES DE LIMA, SN, CENTRO, LAJES\/RN, CEP: 59535000<\/td><td class=\"column-12\"><\/td>\n<\/tr>\n<tr class=\"row-18\">\n\t<td class=\"column-1\">RUDSON PEREIRA DA SILVA<\/td><td class=\"column-2\">079.335.184-78<\/td><td class=\"column-3\">PREGOEIRO<\/td><td class=\"column-4\">2267<\/td><td class=\"column-5\">Portaria n\u00ba 201\/2021<\/td><td class=\"column-6\">5\/10\/2021<\/td><td class=\"column-7\">04\/05\/2021-31\/12\/2021<\/td><td class=\"column-8\">cpl@lajes.rn.gov.br<\/td><td class=\"column-9\">84 3532 2367<\/td><td class=\"column-10\">Rua Ramiro Pereira da Silva, 17 - Centro -  CEP: 59513-000, LAJES\/RN<\/td><td class=\"column-11\">RUA NUBIA SANTIAGO, 711, CENTRO, Cear\u00e1-Mirim\/RN, CEP: 59570000<\/td><td class=\"column-12\"><\/td>\n<\/tr>\n<tr class=\"row-19\">\n\t<td class=\"column-1\">FRANCISCO LINDEMBERG DA SILVA<\/td><td class=\"column-2\">049.625.684.00<\/td><td class=\"column-3\">PRESIDENTE DA CPL<\/td><td class=\"column-4\">2917<\/td><td class=\"column-5\">Portaria n\u00ba 202\/2021<\/td><td class=\"column-6\">5\/10\/2021<\/td><td class=\"column-7\">04\/05\/2021-31\/12\/2021<\/td><td class=\"column-8\">cpl@lajes.rn.gov.br<\/td><td class=\"column-9\">84 3532 2367<\/td><td class=\"column-10\">Rua Ramiro Pereira da Silva, 17 - Centro -  CEP: 59513-000, LAJES\/RN<\/td><td class=\"column-11\">Rua Manoel Sergio Lopes, 248, Iguaracu, Itaja\/RN, CEP: 59.513-000<\/td><td class=\"column-12\"><\/td>\n<\/tr>\n<tr class=\"row-20\">\n\t<td class=\"column-1\">CRISTIANO DE SOUZA MOURA<\/td><td class=\"column-2\">792.300.674-15<\/td><td class=\"column-3\">MEMBRO<\/td><td class=\"column-4\">271<\/td><td class=\"column-5\">Portaria n\u00ba 202\/2021<\/td><td class=\"column-6\">5\/10\/2021<\/td><td class=\"column-7\">04\/05\/2021-31\/12\/2021<\/td><td class=\"column-8\">cpl@lajes.rn.gov.br<\/td><td class=\"column-9\">84 3532 2367<\/td><td class=\"column-10\">Rua Ramiro Pereira da Silva, 17 - Centro -  CEP: 59513-000, LAJES\/RN<\/td><td class=\"column-11\">Rua Ramiro Pereira da Silva, 38 - Centro -  CEP: 59513-000, LAJES\/RN<\/td><td class=\"column-12\"><\/td>\n<\/tr>\n<tr class=\"row-21\">\n\t<td class=\"column-1\">MARCOS LUIS DA SILVA<\/td><td class=\"column-2\">596.828.334-34<\/td><td class=\"column-3\">MEMBRO<\/td><td class=\"column-4\">1483<\/td><td class=\"column-5\">Portaria n\u00ba 202\/2021<\/td><td class=\"column-6\">5\/10\/2021<\/td><td class=\"column-7\">04\/05\/2021-31\/12\/2021<\/td><td class=\"column-8\">cpl@lajes.rn.gov.br<\/td><td class=\"column-9\">84 3532 2367<\/td><td class=\"column-10\">Rua Ramiro Pereira da Silva, 17 - Centro -  CEP: 59513-000, LAJES\/RN<\/td><td class=\"column-11\">RUA LUIZ CID, 38, CENTRO, LAJES\/RN, CEP: 59535000<\/td><td class=\"column-12\"><\/td>\n<\/tr>\n<tr class=\"row-22\">\n\t<td class=\"column-1\">JO\u00c3O MARIA FERNANDES<\/td><td class=\"column-2\">048.383.074-70<\/td><td class=\"column-3\">MEMBRO<\/td><td class=\"column-4\">2429<\/td><td class=\"column-5\">Portaria n\u00ba 202\/2021<\/td><td class=\"column-6\">5\/10\/2021<\/td><td class=\"column-7\">04\/05\/2021-31\/12\/2021<\/td><td class=\"column-8\">cpl@lajes.rn.gov.br<\/td><td class=\"column-9\">84 3532 2367<\/td><td class=\"column-10\">Rua Ramiro Pereira da Silva, 17 - Centro -  CEP: 59513-000, LAJES\/RN<\/td><td class=\"column-11\">RUA JOAO MILITAO MARTINS, 421, CENTRO, LAJES\/RN, CEP: 59535000<\/td><td class=\"column-12\"><\/td>\n<\/tr>\n<tr class=\"row-23\">\n\t<td class=\"column-1\">\u00cdCARO LUCAS MARTINS<\/td><td class=\"column-2\">071.584.544-60<\/td><td class=\"column-3\">Secret\u00e1rio da comiss\u00e3o<\/td><td class=\"column-4\">1988<\/td><td class=\"column-5\">Portaria n\u00ba 202\/2021<\/td><td class=\"column-6\">5\/10\/2021<\/td><td class=\"column-7\">04\/05\/2021-31\/12\/2021<\/td><td class=\"column-8\">cpl@lajes.rn.gov.br<\/td><td class=\"column-9\">84 3532 2367<\/td><td class=\"column-10\">Rua Ramiro Pereira da Silva, 17 - Centro -  CEP: 59513-000, LAJES\/RN<\/td><td class=\"column-11\">RUA POUSO ALTO, 4664, CENTRO, NATAL\/RN, CEP: 59088390<\/td><td class=\"column-12\"><\/td>\n<\/tr>\n<tr class=\"row-24\">\n\t<td class=\"column-1\">GABRIEL DA CUNHA PIMENTA<\/td><td class=\"column-2\">086.165464-13<\/td><td class=\"column-3\">SUPLENTE<\/td><td class=\"column-4\">2275<\/td><td class=\"column-5\">Portaria n\u00ba 202\/2021<\/td><td class=\"column-6\">5\/10\/2021<\/td><td class=\"column-7\">04\/05\/2021-31\/12\/2021<\/td><td class=\"column-8\">cpl@lajes.rn.gov.br<\/td><td class=\"column-9\">84 3532 2367<\/td><td class=\"column-10\">Rua Ramiro Pereira da Silva, 17 - Centro -  CEP: 59513-000, LAJES\/RN<\/td><td class=\"column-11\">RUA CLOVES DE LIMA, SN, CENTRO, LAJES\/RN, CEP: 59535000<\/td><td class=\"column-12\"><\/td>\n<\/tr>\n<tr class=\"row-25\">\n\t<td class=\"column-1\"><\/td><td class=\"column-2\"><\/td><td class=\"column-3\"><\/td><td class=\"column-4\"><\/td><td class=\"column-5\"><\/td><td class=\"column-6\"><\/td><td class=\"column-7\"><\/td><td class=\"column-8\"><\/td><td class=\"column-9\"><\/td><td class=\"column-10\"><\/td><td class=\"column-11\"><\/td><td class=\"column-12\"><\/td>\n<\/tr>\n<tr class=\"row-26\">\n\t<td class=\"column-1\"><\/td><td class=\"column-2\"><\/td><td class=\"column-3\"><\/td><td class=\"column-4\"><\/td><td class=\"column-5\"><\/td><td class=\"column-6\"><\/td><td class=\"column-7\"><\/td><td class=\"column-8\"><\/td><td class=\"column-9\"><\/td><td class=\"column-10\"><\/td><td class=\"column-11\"><\/td><td class=\"column-12\"><\/td>\n<\/tr>\n<tr class=\"row-27\">\n\t<td class=\"column-1\"><strong>LEGENDA:<\/strong><\/td><td class=\"column-2\"><\/td><td class=\"column-3\"><\/td><td class=\"column-4\"><\/td><td class=\"column-5\"><\/td><td class=\"column-6\"><\/td><td class=\"column-7\"><\/td><td class=\"column-8\"><\/td><td class=\"column-9\"><\/td><td class=\"column-10\"><\/td><td class=\"column-11\"><\/td><td class=\"column-12\"><\/td>\n<\/tr>\n<tr class=\"row-28\">\n\t<td class=\"column-1\"><strong><\/strong><\/td><td class=\"column-2\"><\/td><td class=\"column-3\"><\/td><td class=\"column-4\"><\/td><td class=\"column-5\"><\/td><td class=\"column-6\"><\/td><td class=\"column-7\"><\/td><td class=\"column-8\"><\/td><td class=\"column-9\"><\/td><td class=\"column-10\"><\/td><td class=\"column-11\"><\/td><td class=\"column-12\"><\/td>\n<\/tr>\n<tr class=\"row-29\">\n\t<td class=\"column-1\"><span style=\"color:#000000;\"><strong>Nome:<\/strong><\/span><span style=\"color:#000000;\"> informar a rela\u00e7\u00e3o dos membros da comiss\u00e3o de licita\u00e7\u00e3o, pregoeiro e equipe de apoio.<\/span><\/td><td class=\"column-2\"><\/td><td class=\"column-3\"><\/td><td class=\"column-4\"><\/td><td class=\"column-5\"><\/td><td class=\"column-6\"><\/td><td class=\"column-7\"><\/td><td class=\"column-8\"><\/td><td class=\"column-9\"><\/td><td class=\"column-10\"><\/td><td class=\"column-11\"><\/td><td class=\"column-12\"><\/td>\n<\/tr>\n<tr class=\"row-30\">\n\t<td class=\"column-1\"><span style=\"color:#000000;\"><strong>Cargo ou fun\u00e7\u00e3o:<\/strong><\/span><span style=\"color:#000000;\"> informar se \u00e9 o presidente da comiss\u00e3o, membro, pregoeiro ou equpe de apoio.<\/span><\/td><td class=\"column-2\"><\/td><td class=\"column-3\"><\/td><td class=\"column-4\"><\/td><td class=\"column-5\"><\/td><td class=\"column-6\"><\/td><td class=\"column-7\"><\/td><td class=\"column-8\"><\/td><td class=\"column-9\"><\/td><td class=\"column-10\"><\/td><td class=\"column-11\"><\/td><td class=\"column-12\"><\/td>\n<\/tr>\n<tr class=\"row-31\">\n\t<td class=\"column-1\"><span style=\"color:#000000;\"><strong>Ato de nomea\u00e7\u00e3o:<\/strong><\/span><span style=\"color:#000000;\"> indicar o ato e o n\u00famero (ex. Portaria n\u00ba ___).<\/span><\/td><td class=\"column-2\"><\/td><td class=\"column-3\"><\/td><td class=\"column-4\"><\/td><td class=\"column-5\"><\/td><td class=\"column-6\"><\/td><td class=\"column-7\"><\/td><td class=\"column-8\"><\/td><td class=\"column-9\"><\/td><td class=\"column-10\"><\/td><td class=\"column-11\"><\/td><td class=\"column-12\"><\/td>\n<\/tr>\n<tr class=\"row-32\">\n\t<td class=\"column-1\"><span style=\"color:#000000;\"><strong>Data do ato:<\/strong><\/span><span style=\"color:#000000;\"> data da publica\u00e7\u00e3o do ato de nomea\u00e7\u00e3o.<\/span><\/td><td class=\"column-2\"><\/td><td class=\"column-3\"><\/td><td class=\"column-4\"><\/td><td class=\"column-5\"><\/td><td class=\"column-6\"><\/td><td class=\"column-7\"><\/td><td class=\"column-8\"><\/td><td class=\"column-9\"><\/td><td class=\"column-10\"><\/td><td class=\"column-11\"><\/td><td class=\"column-12\"><\/td>\n<\/tr>\n<tr class=\"row-33\">\n\t<td class=\"column-1\"><span style=\"color:#000000;\"><strong>Per\u00edodo de efetivo exerc\u00edcio:<\/strong><\/span><span style=\"color:#000000;\"> informar o per\u00edodo de exerc\u00edcio de cada respons\u00e1vel no cargo ou fun\u00e7\u00e3o, no decurso do exerc\u00edcio financeiro.<\/span><\/td><td class=\"column-2\"><\/td><td class=\"column-3\"><\/td><td class=\"column-4\"><\/td><td class=\"column-5\"><\/td><td class=\"column-6\"><\/td><td class=\"column-7\"><\/td><td class=\"column-8\"><\/td><td class=\"column-9\"><\/td><td class=\"column-10\"><\/td><td class=\"column-11\"><\/td><td class=\"column-12\"><\/td>\n<\/tr>\n<\/tbody>\n<\/table>\n<\/div><!-- #tablepress-72 from cache -->\n<div class=\"pdfprnt-buttons pdfprnt-buttons-post pdfprnt-bottom-right\"><a href=\"https:\/\/lajes.rn.gov.br\/transparente\/index\/wp-json\/wp\/v2\/posts\/29453?print=pdf\" class=\"pdfprnt-button pdfprnt-button-pdf\" target=\"_blank\" ><img decoding=\"async\" src=\"https:\/\/lajes.rn.gov.br\/transparente\/index\/wp-content\/plugins\/pdf-print\/images\/pdf.png\" alt=\"image_pdf\" title=\"Ver PDF\" \/><\/a><a href=\"https:\/\/lajes.rn.gov.br\/transparente\/index\/wp-json\/wp\/v2\/posts\/29453?print=print\" class=\"pdfprnt-button pdfprnt-button-print\" target=\"_blank\" ><img decoding=\"async\" src=\"https:\/\/lajes.rn.gov.br\/transparente\/index\/wp-content\/plugins\/pdf-print\/images\/print.png\" alt=\"image_print\" title=\"Conte\u00fado de impress\u00e3o\" \/><\/a><\/div>","protected":false},"excerpt":{"rendered":"","protected":false},"author":3,"featured_media":0,"comment_status":"closed","ping_status":"closed","sticky":false,"template":"","format":"standard","meta":{"ocean_post_layout":"","ocean_both_sidebars_style":"","ocean_both_sidebars_content_width":0,"ocean_both_sidebars_sidebars_width":0,"ocean_sidebar":"","ocean_second_sidebar":"","ocean_disable_margins":"enable","ocean_add_body_class":"","ocean_shortcode_before_top_bar":"","ocean_shortcode_after_top_bar":"","ocean_shortcode_before_header":"","ocean_shortcode_after_header":"","ocean_has_shortcode":"","ocean_shortcode_after_title":"","ocean_shortcode_before_footer_widgets":"","ocean_shortcode_after_footer_widgets":"","ocean_shortcode_before_footer_bottom":"","ocean_shortcode_after_footer_bottom":"","ocean_display_top_bar":"default","ocean_display_header":"default","ocean_header_style":"","ocean_center_header_left_menu":"","ocean_custom_header_template":"","ocean_custom_logo":0,"ocean_custom_retina_logo":0,"ocean_custom_logo_max_width":0,"ocean_custom_logo_tablet_max_width":0,"ocean_custom_logo_mobile_max_width":0,"ocean_custom_logo_max_height":0,"ocean_custom_logo_tablet_max_height":0,"ocean_custom_logo_mobile_max_height":0,"ocean_header_custom_menu":"","ocean_menu_typo_font_family":"","ocean_menu_typo_font_subset":"","ocean_menu_typo_font_size":0,"ocean_menu_typo_font_size_tablet":0,"ocean_menu_typo_font_size_mobile":0,"ocean_menu_typo_font_size_unit":"px","ocean_menu_typo_font_weight":"","ocean_menu_typo_font_weight_tablet":"","ocean_menu_typo_font_weight_mobile":"","ocean_menu_typo_transform":"","ocean_menu_typo_transform_tablet":"","ocean_menu_typo_transform_mobile":"","ocean_menu_typo_line_height":0,"ocean_menu_typo_line_height_tablet":0,"ocean_menu_typo_line_height_mobile":0,"ocean_menu_typo_line_height_unit":"","ocean_menu_typo_spacing":0,"ocean_menu_typo_spacing_tablet":0,"ocean_menu_typo_spacing_mobile":0,"ocean_menu_typo_spacing_unit":"","ocean_menu_link_color":"","ocean_menu_link_color_hover":"","ocean_menu_link_color_active":"","ocean_menu_link_background":"","ocean_menu_link_hover_background":"","ocean_menu_link_active_background":"","ocean_menu_social_links_bg":"","ocean_menu_social_hover_links_bg":"","ocean_menu_social_links_color":"","ocean_menu_social_hover_links_color":"","ocean_disable_title":"default","ocean_disable_heading":"default","ocean_post_title":"","ocean_post_subheading":"","ocean_post_title_style":"","ocean_post_title_background_color":"","ocean_post_title_background":0,"ocean_post_title_bg_image_position":"","ocean_post_title_bg_image_attachment":"","ocean_post_title_bg_image_repeat":"","ocean_post_title_bg_image_size":"","ocean_post_title_height":0,"ocean_post_title_bg_overlay":0.5,"ocean_post_title_bg_overlay_color":"","ocean_disable_breadcrumbs":"default","ocean_breadcrumbs_color":"","ocean_breadcrumbs_separator_color":"","ocean_breadcrumbs_links_color":"","ocean_breadcrumbs_links_hover_color":"","ocean_display_footer_widgets":"default","ocean_display_footer_bottom":"default","ocean_custom_footer_template":"","ocean_post_oembed":"","ocean_post_self_hosted_media":"","ocean_post_video_embed":"","ocean_link_format":"","ocean_link_format_target":"self","ocean_quote_format":"","ocean_quote_format_link":"post","ocean_gallery_link_images":"on","ocean_gallery_id":[],"footnotes":""},"categories":[1],"tags":[],"class_list":["post-29453","post","type-post","status-publish","format-standard","hentry","category-sem-categoria","entry"],"_links":{"self":[{"href":"https:\/\/lajes.rn.gov.br\/transparente\/index\/wp-json\/wp\/v2\/posts\/29453","targetHints":{"allow":["GET"]}}],"collection":[{"href":"https:\/\/lajes.rn.gov.br\/transparente\/index\/wp-json\/wp\/v2\/posts"}],"about":[{"href":"https:\/\/lajes.rn.gov.br\/transparente\/index\/wp-json\/wp\/v2\/types\/post"}],"author":[{"embeddable":true,"href":"https:\/\/lajes.rn.gov.br\/transparente\/index\/wp-json\/wp\/v2\/users\/3"}],"replies":[{"embeddable":true,"href":"https:\/\/lajes.rn.gov.br\/transparente\/index\/wp-json\/wp\/v2\/comments?post=29453"}],"version-history":[{"count":1,"href":"https:\/\/lajes.rn.gov.br\/transparente\/index\/wp-json\/wp\/v2\/posts\/29453\/revisions"}],"predecessor-version":[{"id":29456,"href":"https:\/\/lajes.rn.gov.br\/transparente\/index\/wp-json\/wp\/v2\/posts\/29453\/revisions\/29456"}],"wp:attachment":[{"href":"https:\/\/lajes.rn.gov.br\/transparente\/index\/wp-json\/wp\/v2\/media?parent=29453"}],"wp:term":[{"taxonomy":"category","embeddable":true,"href":"https:\/\/lajes.rn.gov.br\/transparente\/index\/wp-json\/wp\/v2\/categories?post=29453"},{"taxonomy":"post_tag","embeddable":true,"href":"https:\/\/lajes.rn.gov.br\/transparente\/index\/wp-json\/wp\/v2\/tags?post=29453"}],"curies":[{"name":"wp","href":"https:\/\/api.w.org\/{rel}","templated":true}]}}