{"id":29333,"date":"2023-07-21T15:59:33","date_gmt":"2023-07-21T18:59:33","guid":{"rendered":"https:\/\/lajes.rn.gov.br\/transparente\/index\/?p=29333"},"modified":"2023-07-21T15:59:33","modified_gmt":"2023-07-21T18:59:33","slug":"anexo-18-convenios-e-congeneres-contas-de-gestao","status":"publish","type":"post","link":"https:\/\/lajes.rn.gov.br\/transparente\/index\/anexo-18-convenios-e-congeneres-contas-de-gestao\/","title":{"rendered":"ANEXO 18- CONV\u00caNIOS E CONG\u00caNERES CONTAS DE GEST\u00c3O"},"content":{"rendered":"<div class=\"indiv_tablepress tablepress_in_div\">\n<table id=\"tablepress-51\" class=\"tablepress tablepress-id-51 tbody-has-connected-cells\">\n<thead>\n<tr class=\"row-1\">\n\t<td class=\"column-1\"><\/td><td class=\"column-2\"><\/td><td class=\"column-3\"><\/td><td class=\"column-4\"><\/td><td class=\"column-5\"><\/td><td class=\"column-6\"><\/td><td class=\"column-7\"><\/td><td class=\"column-8\"><\/td><td class=\"column-9\"><\/td><td class=\"column-10\"><\/td><td class=\"column-11\"><\/td><td class=\"column-12\"><\/td><td class=\"column-13\"><\/td><td class=\"column-14\"><\/td>\n<\/tr>\n<\/thead>\n<tbody class=\"row-striping row-hover\">\n<tr class=\"row-2\">\n\t<td colspan=\"13\" class=\"column-1\"><strong>MODELO 16  - TRANSFER\u00caNCIAS RECEBIDAS MEDIANTE CONV\u00caNIOS<\/strong><\/td><td class=\"column-14\"><\/td>\n<\/tr>\n<tr class=\"row-3\">\n\t<td class=\"column-1\"><\/td><td class=\"column-2\"><\/td><td class=\"column-3\"><\/td><td class=\"column-4\"><\/td><td class=\"column-5\"><\/td><td class=\"column-6\"><\/td><td class=\"column-7\"><\/td><td class=\"column-8\"><\/td><td class=\"column-9\"><\/td><td class=\"column-10\"><\/td><td class=\"column-11\"><\/td><td class=\"column-12\"><\/td><td class=\"column-13\"><\/td><td class=\"column-14\"><\/td>\n<\/tr>\n<tr class=\"row-4\">\n\t<td rowspan=\"2\" class=\"column-1\"><strong>Conv\u00eanio n\u00ba \/ ano<\/strong><\/td><td colspan=\"2\" class=\"column-2\"><strong>Concedente<\/strong><\/td><td rowspan=\"2\" class=\"column-4\"><strong>Data da celebra\u00e7\u00e3o<\/strong><\/td><td colspan=\"2\" class=\"column-5\"><strong>Valor total previsto<\/strong><\/td><td rowspan=\"2\" class=\"column-7\"><strong>Objeto<\/strong><\/td><td colspan=\"6\" class=\"column-8\"><strong>Parcelas recebidas<\/strong><\/td><td class=\"column-14\"><\/td>\n<\/tr>\n<tr class=\"row-5\">\n\t<td class=\"column-2\"><strong>Nome<\/strong><\/td><td class=\"column-3\"><strong>CNPJ<\/strong><\/td><td class=\"column-5\"><strong>Concedente<\/strong><\/td><td class=\"column-6\"><strong>Convenente (contrapartida)<\/strong><\/td><td class=\"column-8\"><strong>N\u00ba<\/strong><\/td><td class=\"column-9\"><strong>Data<\/strong><\/td><td class=\"column-10\"><strong>Valor<\/strong><\/td><td class=\"column-11\"><strong>Data final<\/strong><\/td><td class=\"column-12\"><strong>Data PC<\/strong><\/td><td class=\"column-13\"><strong>Situa\u00e7\u00e3o da presta\u00e7\u00e3o<\/strong><\/td><td class=\"column-14\"><\/td>\n<\/tr>\n<tr class=\"row-6\">\n\t<td class=\"column-1\"><strong><\/strong><\/td><td class=\"column-2\">SUS - SISTEMA \u00daNICO DE SA\u00daDE<\/td><td class=\"column-3\"><\/td><td class=\"column-4\"><\/td><td class=\"column-5\">169,987.00<\/td><td class=\"column-6\"><\/td><td class=\"column-7\">EMENDA PARACONSTRU\u00c7\u00c3O DE UNIDADE B\u00c1SICA DE SA\u00daDE<\/td><td class=\"column-8\">1<\/td><td class=\"column-9\"><\/td><td class=\"column-10\">169,987.00<\/td><td class=\"column-11\"><\/td><td class=\"column-12\"><\/td><td class=\"column-13\">EM SITUA\u00c7\u00c3O NORMAL<\/td><td class=\"column-14\"><\/td>\n<\/tr>\n<tr class=\"row-7\">\n\t<td class=\"column-1\"><strong><\/strong><\/td><td class=\"column-2\">SUS - SISTEMA \u00daNICO DE SA\u00daDE<\/td><td class=\"column-3\"><\/td><td class=\"column-4\"><\/td><td class=\"column-5\">374,999.00<\/td><td class=\"column-6\"><\/td><td class=\"column-7\">EMENDA PARA REFORMA DE UNIDADE B\u00c1SICA DE SA\u00daDE<\/td><td class=\"column-8\">1<\/td><td class=\"column-9\"><\/td><td class=\"column-10\">374,999.00<\/td><td class=\"column-11\"><\/td><td class=\"column-12\"><\/td><td class=\"column-13\">EM SITUA\u00c7\u00c3O NORMAL<\/td><td class=\"column-14\"><\/td>\n<\/tr>\n<tr class=\"row-8\">\n\t<td class=\"column-1\">917597<\/td><td class=\"column-2\">CEF-PROGRAMAS DO MINIST\u00c9RIO DA SA\u00daDE<\/td><td class=\"column-3\"><\/td><td class=\"column-4\">12\/31\/2021<\/td><td class=\"column-5\">  350,000.00 <\/td><td class=\"column-6\"><\/td><td class=\"column-7\">REFORMA DE UNIDADE DE ATEN\u00c7\u00c3O<br \/>\nESPECIALIZADA EM SA\u00daDE<\/td><td class=\"column-8\">1<\/td><td class=\"column-9\"><\/td><td class=\"column-10\">  350,000.00 <\/td><td class=\"column-11\"><\/td><td class=\"column-12\"><\/td><td class=\"column-13\">CONTRATADA COM<br \/>\nCLAUSULA<br \/>\nSUSPENSIVA<\/td><td class=\"column-14\"><\/td>\n<\/tr>\n<tr class=\"row-9\">\n\t<td class=\"column-1\">908747<\/td><td class=\"column-2\">CEF - PROGRAMAS DO MINIST\u00c9RIO DO DESENVOLVIMENTO REGIONAL<\/td><td class=\"column-3\"><\/td><td class=\"column-4\">12\/31\/2020<\/td><td class=\"column-5\">  1,912,356.00 <\/td><td class=\"column-6\">  67,597.59 <\/td><td class=\"column-7\">REALIZA\u00c7\u00c3O DE RECAPEAMENTO NO<br \/>\nMUNIC\u00cdPIO DE ITAJ\u00c1\/RN.<\/td><td class=\"column-8\"><\/td><td class=\"column-9\"><\/td><td class=\"column-10\"><\/td><td class=\"column-11\"><\/td><td class=\"column-12\"><\/td><td class=\"column-13\">EM SITUA\u00c7\u00c3O NORMAL<\/td><td class=\"column-14\"><\/td>\n<\/tr>\n<tr class=\"row-10\">\n\t<td class=\"column-1\">921677<\/td><td class=\"column-2\">CEF - PROGRAMAS DO MINIST\u00c9RIO DO DESENVOLVIMENTO REGIONAL<\/td><td class=\"column-3\"><\/td><td class=\"column-4\">12\/28\/2021<\/td><td class=\"column-5\">  1,912,356.00 <\/td><td class=\"column-6\">  108,179.58 <\/td><td class=\"column-7\">REALIZA\u00c7\u00c3O DE RECAPEAMENTO NO<br \/>\nMUNIC\u00cdPIO DE ITAJ\u00c1\/RN.<\/td><td class=\"column-8\"><\/td><td class=\"column-9\"><\/td><td class=\"column-10\"><\/td><td class=\"column-11\"><\/td><td class=\"column-12\"><\/td><td class=\"column-13\">EM SITUA\u00c7\u00c3O NORMAL<\/td><td class=\"column-14\"><\/td>\n<\/tr>\n<tr class=\"row-11\">\n\t<td class=\"column-1\">922915<\/td><td class=\"column-2\">CEF - PROGRAMAS DO MINIST\u00c9RIO DO DESENVOLVIMENTO REGIONAL<\/td><td class=\"column-3\"><\/td><td class=\"column-4\">12\/31\/2021<\/td><td class=\"column-5\">  578,003.00 <\/td><td class=\"column-6\">  5,746.77 <\/td><td class=\"column-7\">REALIZA\u00c7\u00c3O DE PAVIMENTA\u00c7\u00c3O NO<br \/>\nMUNIC\u00cdPIO DE ITAJ\u00c1\/RN.<\/td><td class=\"column-8\"><\/td><td class=\"column-9\"><\/td><td class=\"column-10\"><\/td><td class=\"column-11\"><\/td><td class=\"column-12\"><\/td><td class=\"column-13\">EM SITUA\u00c7\u00c3O NORMAL<\/td><td class=\"column-14\"><\/td>\n<\/tr>\n<tr class=\"row-12\">\n\t<td class=\"column-1\">932598<\/td><td class=\"column-2\">CEF - PROGRAMAS DO MINIST\u00c9RIO DO DESENVOLVIMENTO REGIONAL<\/td><td class=\"column-3\"><\/td><td class=\"column-4\">10\/13\/2022<\/td><td class=\"column-5\">  2,870,210.00 <\/td><td class=\"column-6\">  4,790.00 <\/td><td class=\"column-7\">REALIZA\u00c7\u00c3O DE PAVIMENTA\u00c7\u00c3O NO<br \/>\nMUNIC\u00cdPIO DE ITAJ\u00c1\/RN.<\/td><td class=\"column-8\"><\/td><td class=\"column-9\"><\/td><td class=\"column-10\"><\/td><td class=\"column-11\"><\/td><td class=\"column-12\"><\/td><td class=\"column-13\">EM SITUA\u00c7\u00c3O NORMAL<\/td><td class=\"column-14\"><\/td>\n<\/tr>\n<tr class=\"row-13\">\n\t<td class=\"column-1\">647436<\/td><td class=\"column-2\">CEF-PROGRAMAS DO MINIST\u00c9RIO DA SA\u00daDE<\/td><td class=\"column-3\"><\/td><td class=\"column-4\">1\/22\/2009<\/td><td class=\"column-5\">  1,050,000.00 <\/td><td class=\"column-6\">  449,512.20 <\/td><td class=\"column-7\">CONSTRUCAO DE UMA UNIDADE DE<br \/>\nPRONTO ATENDIMENTO PORTE I NO<br \/>\nMUNICIPIO DE LAJES<\/td><td class=\"column-8\">1<\/td><td class=\"column-9\">9\/2\/2009<\/td><td class=\"column-10\">  1,050,000.00 <\/td><td class=\"column-11\">5\/30\/2023<\/td><td class=\"column-12\"><\/td><td class=\"column-13\">EM SITUA\u00c7\u00c3O NORMAL<\/td><td class=\"column-14\"><\/td>\n<\/tr>\n<tr class=\"row-14\">\n\t<td class=\"column-1\">869861<\/td><td class=\"column-2\">CEF-PROGRAMAS DO MINIST\u00c9RIO DO TURISMO<\/td><td class=\"column-3\"><\/td><td class=\"column-4\">12\/27\/2018<\/td><td class=\"column-5\">  270,476.19 <\/td><td class=\"column-6\">  275.00 <\/td><td class=\"column-7\">REFORMA DAS PRA\u00c7AS GET\u00daLIO VARGAS<br \/>\nE DA SEBASTI\u00c3O DUDA DA ROCHA NO<br \/>\nMUNIC\u00cdPIO DE LAJES - RN<\/td><td class=\"column-8\"><\/td><td class=\"column-9\"><\/td><td class=\"column-10\"><\/td><td class=\"column-11\">5\/30\/2023<\/td><td class=\"column-12\"><\/td><td class=\"column-13\">EM SITUA\u00c7\u00c3O NORMAL<\/td><td class=\"column-14\"><\/td>\n<\/tr>\n<tr class=\"row-15\">\n\t<td class=\"column-1\">900823<\/td><td class=\"column-2\">CEF - PROGRAMAS DO MINIST\u00c9RIO DO DESENVOLVIMENTO REGIONAL<\/td><td class=\"column-3\"><\/td><td class=\"column-4\">10\/5\/2020<\/td><td class=\"column-5\">  2,968,393.00 <\/td><td class=\"column-6\">  4,607.00 <\/td><td class=\"column-7\">CONSTRU\u00c7\u00c3O DE UM GALP\u00c3O INDUSTRIAL<br \/>\nPARA IMPLEMENTA\u00c7\u00c3O DE UMA UNIDADE<br \/>\nDE CORTE T\u00caXTIL NO MUNIC\u00cdPIO DE<br \/>\nLAJES\/RN.<\/td><td class=\"column-8\"><\/td><td class=\"column-9\"><\/td><td class=\"column-10\"><\/td><td class=\"column-11\">8\/30\/2023<\/td><td class=\"column-12\"><\/td><td class=\"column-13\">EM SITUA\u00c7\u00c3O NORMAL<\/td><td class=\"column-14\"><\/td>\n<\/tr>\n<tr class=\"row-16\">\n\t<td class=\"column-1\">902437<\/td><td class=\"column-2\">CEF - PROGRAMAS DO MINIST\u00c9RIO DO DESENVOLVIMENTO REGIONAL E MINIST\u00c9RIO DAS CIDADES<\/td><td class=\"column-3\"><\/td><td class=\"column-4\">10\/15\/2020<\/td><td class=\"column-5\">  287,306.00 <\/td><td class=\"column-6\">  12,248.64 <\/td><td class=\"column-7\">PAVIMENTA\u00c7\u00c3O E DRENAGEM<br \/>\nSUPERFICIAL DE RUAS NA SEDE DO<br \/>\nMUNIC\u00cdPIO DE LAJES\/RN.<\/td><td class=\"column-8\"><\/td><td class=\"column-9\"><\/td><td class=\"column-10\"><\/td><td class=\"column-11\">8\/30\/2024<\/td><td class=\"column-12\"><\/td><td class=\"column-13\">EM SITUA\u00c7\u00c3O NORMAL<\/td><td class=\"column-14\"><\/td>\n<\/tr>\n<tr class=\"row-17\">\n\t<td class=\"column-1\">913685<\/td><td class=\"column-2\">CEF - PROGRAMAS DO MINIST\u00c9RIO DO DESENVOLVIMENTO REGIONAL E MINIST\u00c9RIO DAS CIDADES<\/td><td class=\"column-3\"><\/td><td class=\"column-4\">12\/31\/2021<\/td><td class=\"column-5\">  287,306.00 <\/td><td class=\"column-6\">  2,694.00 <\/td><td class=\"column-7\">CONFEC\u00c7\u00c3O DE PAVIMENTA\u00c7\u00c3O PELO<br \/>\nM\u00c9TODO CONVENCIONAL EM<br \/>\nPARALELEP\u00cdPEDOS PARA MELHORAMENTO<br \/>\nDA INFRAESTRUTURA VI\u00c1RIA DO<br \/>\nPER\u00cdMETRO URBANO DO MUNIC\u00cdPIO DE<br \/>\nLAJES\/RN.<\/td><td class=\"column-8\"><\/td><td class=\"column-9\"><\/td><td class=\"column-10\"><\/td><td class=\"column-11\">8\/30\/2024<\/td><td class=\"column-12\"><\/td><td class=\"column-13\">EM SITUA\u00c7\u00c3O NORMAL<\/td><td class=\"column-14\"><\/td>\n<\/tr>\n<tr class=\"row-18\">\n\t<td class=\"column-1\">913688<\/td><td class=\"column-2\">CEF - PROGRAMAS DO MINIST\u00c9RIO DO DESENVOLVIMENTO REGIONAL E MINIST\u00c9RIO DAS CIDADES<\/td><td class=\"column-3\"><\/td><td class=\"column-4\">12\/31\/2021<\/td><td class=\"column-5\">  287,306.00 <\/td><td class=\"column-6\">  287.59 <\/td><td class=\"column-7\">CONFEC\u00c7\u00c3O DE PAVIMENTA\u00c7\u00c3O PELO<br \/>\nM\u00c9TODO CONVENCIONAL EM<br \/>\nPARALELEP\u00cdPEDOS PARA MELHORAMENTO<br \/>\nDA INFRAESTRUTURA VI\u00c1RIA NO BAIRRO<br \/>\nCOHAB LOCALIZADO NO PER\u00cdMETRO<br \/>\nURBANO DO MUNIC\u00cdPIO DE LAJES\/RN.<\/td><td class=\"column-8\"><\/td><td class=\"column-9\"><\/td><td class=\"column-10\"><\/td><td class=\"column-11\">8\/30\/2024<\/td><td class=\"column-12\"><\/td><td class=\"column-13\">EM SITUA\u00c7\u00c3O NORMAL<\/td><td class=\"column-14\"><\/td>\n<\/tr>\n<tr class=\"row-19\">\n\t<td class=\"column-1\">925649<\/td><td class=\"column-2\">CEF - PROGRAMAS DO MINIST\u00c9RIO DO DESENVOLVIMENTO REGIONAL<\/td><td class=\"column-3\"><\/td><td class=\"column-4\">12\/31\/2021<\/td><td class=\"column-5\">  266,195.00 <\/td><td class=\"column-6\">  3,805.00 <\/td><td class=\"column-7\">CONSTRU\u00c7\u00c3O DE UM GALP\u00c3O INDUSTRIAL<br \/>\nPARA FOMENTAR A ECONOMIA LOCAL DO<br \/>\nMUNIC\u00cdPIO DE LAJES\/RN<\/td><td class=\"column-8\"><\/td><td class=\"column-9\"><\/td><td class=\"column-10\"><\/td><td class=\"column-11\">8\/30\/2024<\/td><td class=\"column-12\"><\/td><td class=\"column-13\">EM SITUA\u00c7\u00c3O NORMAL<\/td><td class=\"column-14\"><\/td>\n<\/tr>\n<tr class=\"row-20\">\n\t<td class=\"column-1\">890399<\/td><td class=\"column-2\">CEF - PROGRAMAS DO MINIST\u00c9RIO DAS CIDADES<\/td><td class=\"column-3\"><\/td><td class=\"column-4\">12\/20\/2019<\/td><td class=\"column-5\">  525,250.00 <\/td><td class=\"column-6\">  124,383.96 <\/td><td class=\"column-7\">CONSTRU\u00c7\u00c3O DA 1\u00aa ETAPA DE UM<br \/>\nGIN\u00c1SIO POLIESPORTIVO COBERTO, NO<br \/>\nMUNIC\u00cdPIO DE S\u00c3O RAFAEL\/RN.<\/td><td class=\"column-8\"><\/td><td class=\"column-9\"><\/td><td class=\"column-10\"><\/td><td class=\"column-11\"><\/td><td class=\"column-12\"><\/td><td class=\"column-13\">EM SITUA\u00c7\u00c3O NORMAL<\/td><td class=\"column-14\"><\/td>\n<\/tr>\n<tr class=\"row-21\">\n\t<td class=\"column-1\">885656<\/td><td class=\"column-2\">CEF - PROGRAMAS DO MINIST\u00c9RIO DO DESENVOLVIMENTO REGIONAL<\/td><td class=\"column-3\"><\/td><td class=\"column-4\">12\/10\/2019<\/td><td class=\"column-5\">  286,500.00 <\/td><td class=\"column-6\">  26,898.40 <\/td><td class=\"column-7\">PAVIMENTA\u00c7\u00c3O DE VIAS URBANAS<br \/>\nMUNICIPAIS DE S\u00c3O RAFAEL\/RN<\/td><td class=\"column-8\"><\/td><td class=\"column-9\"><\/td><td class=\"column-10\"><\/td><td class=\"column-11\"><\/td><td class=\"column-12\"><\/td><td class=\"column-13\">EM SITUA\u00c7\u00c3O NORMAL<\/td><td class=\"column-14\"><\/td>\n<\/tr>\n<tr class=\"row-22\">\n\t<td class=\"column-1\">915133<\/td><td class=\"column-2\">CEF - PROGRAMAS DO MINIST\u00c9RIO DO DESENVOLVIMENTO REGIONAL<\/td><td class=\"column-3\"><\/td><td class=\"column-4\">12\/31\/2021<\/td><td class=\"column-5\">  287,306.00 <\/td><td class=\"column-6\">  287.59 <\/td><td class=\"column-7\">CONFEC\u00c7\u00c3O DE PAVIMENTA\u00c7\u00c3O<br \/>\nCONVENCIONAL EM PARALELEP\u00cdPEDO<br \/>\nPARA MELHORAMENTO DA<br \/>\nINFRAESTRUTURA VI\u00c1RIA DO BAIRRO<br \/>\nCENTRO DO PER\u00cdMETRO URBANO DO<br \/>\nMUNIC\u00cdPIO DE S\u00c3O RAFAEL\/RN.<\/td><td class=\"column-8\"><\/td><td class=\"column-9\"><\/td><td class=\"column-10\"><\/td><td class=\"column-11\"><\/td><td class=\"column-12\"><\/td><td class=\"column-13\">EM SITUA\u00c7\u00c3O NORMAL<\/td><td class=\"column-14\"><\/td>\n<\/tr>\n<tr class=\"row-23\">\n\t<td class=\"column-1\">925662<\/td><td class=\"column-2\">CEF - PROGRAMAS DO MINIST\u00c9RIO DO DESENVOLVIMENTO REGIONAL<\/td><td class=\"column-3\"><\/td><td class=\"column-4\">12\/31\/2021<\/td><td class=\"column-5\">  287,306.00 <\/td><td class=\"column-6\">  12,694.00 <\/td><td class=\"column-7\">CONSTRU\u00c7\u00c3O DE UM GALP\u00c3O INDUSTRIAL<br \/>\nPARA FOMENTAR A ECONOMIA LOCAL<\/td><td class=\"column-8\"><\/td><td class=\"column-9\"><\/td><td class=\"column-10\"><\/td><td class=\"column-11\"><\/td><td class=\"column-12\"><\/td><td class=\"column-13\">CONTRATADA COM<br \/>\nCLAUSULA<br \/>\nSUSPENSIVA<\/td><td class=\"column-14\"><\/td>\n<\/tr>\n<tr class=\"row-24\">\n\t<td class=\"column-1\">838394<\/td><td class=\"column-2\">MINIST\u00c9RIO DO TURISMO<\/td><td class=\"column-3\"><\/td><td class=\"column-4\">12\/16\/2016<\/td><td class=\"column-5\"><\/td><td class=\"column-6\"><\/td><td class=\"column-7\">Esporte e Grandes Eventos<br \/>\nEsportivos - Implantacao e<br \/>\nModernizacao de Infraestrutura para<br \/>\nEsporte Educacional, Recreativo e<br \/>\nde Lazer - (CONTRATO DE<br \/>\nREPASSE)<\/td><td class=\"column-8\"><\/td><td class=\"column-9\"><\/td><td class=\"column-10\"><\/td><td class=\"column-11\">6\/30\/2022<\/td><td class=\"column-12\"><\/td><td class=\"column-13\"><\/td><td class=\"column-14\"><\/td>\n<\/tr>\n<tr class=\"row-25\">\n\t<td class=\"column-1\">795625<\/td><td class=\"column-2\">MINISTERIO DO ESPORTE<\/td><td class=\"column-3\"><\/td><td class=\"column-4\">12\/13\/2013<\/td><td class=\"column-5\">  500,000.00 <\/td><td class=\"column-6\">  43,891.75 <\/td><td class=\"column-7\">Esporte e Grandes Eventos<br \/>\nEsportivos - Implantacao e<br \/>\nModernizacao de Infraestrutura para<br \/>\nEsporte Educacional, Recreativo e<br \/>\nde Lazer - ( CONTRATO DE<br \/>\nREPASSE )<\/td><td class=\"column-8\">4<\/td><td class=\"column-9\"><\/td><td class=\"column-10\">  500,000.00 <\/td><td class=\"column-11\">11\/30\/2022<\/td><td class=\"column-12\"><\/td><td class=\"column-13\">EM SITUA\u00c7\u00c3O NORMAL<\/td><td class=\"column-14\"><\/td>\n<\/tr>\n<tr class=\"row-26\">\n\t<td class=\"column-1\"><\/td><td class=\"column-2\"><\/td><td class=\"column-3\"><\/td><td class=\"column-4\"><\/td><td class=\"column-5\"><\/td><td class=\"column-6\"><\/td><td class=\"column-7\"><\/td><td class=\"column-8\"><\/td><td class=\"column-9\"><\/td><td class=\"column-10\"><\/td><td class=\"column-11\"><\/td><td class=\"column-12\"><\/td><td class=\"column-13\"><\/td><td class=\"column-14\"><\/td>\n<\/tr>\n<tr class=\"row-27\">\n\t<td class=\"column-1\"><\/td><td class=\"column-2\"><\/td><td class=\"column-3\"><\/td><td class=\"column-4\"><\/td><td class=\"column-5\"><\/td><td class=\"column-6\"><\/td><td class=\"column-7\"><\/td><td class=\"column-8\"><\/td><td class=\"column-9\"><\/td><td class=\"column-10\"><\/td><td class=\"column-11\"><\/td><td class=\"column-12\"><\/td><td class=\"column-13\"><\/td><td class=\"column-14\"><\/td>\n<\/tr>\n<tr class=\"row-28\">\n\t<td class=\"column-1\"><\/td><td class=\"column-2\"><\/td><td class=\"column-3\"><\/td><td class=\"column-4\"><\/td><td class=\"column-5\"><\/td><td class=\"column-6\"><\/td><td class=\"column-7\"><\/td><td class=\"column-8\"><\/td><td class=\"column-9\"><\/td><td class=\"column-10\"><\/td><td class=\"column-11\"><\/td><td class=\"column-12\"><\/td><td class=\"column-13\"><\/td><td class=\"column-14\"><\/td>\n<\/tr>\n<tr class=\"row-29\">\n\t<td class=\"column-1\"><\/td><td class=\"column-2\"><\/td><td class=\"column-3\"><\/td><td class=\"column-4\"><\/td><td class=\"column-5\"><\/td><td class=\"column-6\"><\/td><td class=\"column-7\"><\/td><td class=\"column-8\"><\/td><td class=\"column-9\"><\/td><td class=\"column-10\"><\/td><td class=\"column-11\"><\/td><td class=\"column-12\"><\/td><td class=\"column-13\"><\/td><td class=\"column-14\"><\/td>\n<\/tr>\n<tr class=\"row-30\">\n\t<td class=\"column-1\"><\/td><td class=\"column-2\"><\/td><td class=\"column-3\"><\/td><td class=\"column-4\"><\/td><td class=\"column-5\"><\/td><td class=\"column-6\"><\/td><td class=\"column-7\"><\/td><td class=\"column-8\"><\/td><td class=\"column-9\"><\/td><td class=\"column-10\"><\/td><td class=\"column-11\"><\/td><td class=\"column-12\"><\/td><td class=\"column-13\"><\/td><td class=\"column-14\"><\/td>\n<\/tr>\n<tr class=\"row-31\">\n\t<td class=\"column-1\"><span style=\"color:#000000;\"><strong>N\u00ba da parcela liberada:<\/strong><\/span><span style=\"color:#000000;\"> informar o n\u00ba da parcela liberada do conv\u00eanio original ou do termo aditivo.<\/span><\/td><td class=\"column-2\"><\/td><td class=\"column-3\"><\/td><td class=\"column-4\"><\/td><td class=\"column-5\"><\/td><td class=\"column-6\"><\/td><td class=\"column-7\"><\/td><td class=\"column-8\"><\/td><td class=\"column-9\"><\/td><td class=\"column-10\"><\/td><td class=\"column-11\"><\/td><td class=\"column-12\"><\/td><td class=\"column-13\"><\/td><td class=\"column-14\"><\/td>\n<\/tr>\n<tr class=\"row-32\">\n\t<td class=\"column-1\"><span style=\"color:#000000;\"><strong>Data da parcela liberada:<\/strong><\/span><span style=\"color:#000000;\"> informar a data de libera\u00e7\u00e3o da parcela do conv\u00eanio original ou do termo aditivo.<\/span><\/td><td class=\"column-2\"><\/td><td class=\"column-3\"><\/td><td class=\"column-4\"><\/td><td class=\"column-5\"><\/td><td class=\"column-6\"><\/td><td class=\"column-7\"><\/td><td class=\"column-8\"><\/td><td class=\"column-9\"><\/td><td class=\"column-10\"><\/td><td class=\"column-11\"><\/td><td class=\"column-12\"><\/td><td class=\"column-13\"><\/td><td class=\"column-14\"><\/td>\n<\/tr>\n<tr class=\"row-33\">\n\t<td class=\"column-1\"><span style=\"color:#000000;\"><strong>Valor da parcela liberada:<\/strong><\/span><span style=\"color:#000000;\"> informar o valor liberado da parcela do conv\u00eanio original ou do termo aditivo.<\/span><\/td><td class=\"column-2\"><\/td><td class=\"column-3\"><\/td><td class=\"column-4\"><\/td><td class=\"column-5\"><\/td><td class=\"column-6\"><\/td><td class=\"column-7\"><\/td><td class=\"column-8\"><\/td><td class=\"column-9\"><\/td><td class=\"column-10\"><\/td><td class=\"column-11\"><\/td><td class=\"column-12\"><\/td><td class=\"column-13\"><\/td><td class=\"column-14\"><\/td>\n<\/tr>\n<tr class=\"row-34\">\n\t<td class=\"column-1\"><span style=\"color:#000000;\"><strong>Data final da parcela liberada:<\/strong><\/span><span style=\"color:#000000;\"> informar a data final prevista para aplica\u00e7\u00e3o da parcela do conv\u00eanio original ou do termo aditivo.<\/span><\/td><td class=\"column-2\"><\/td><td class=\"column-3\"><\/td><td class=\"column-4\"><\/td><td class=\"column-5\"><\/td><td class=\"column-6\"><\/td><td class=\"column-7\"><\/td><td class=\"column-8\"><\/td><td class=\"column-9\"><\/td><td class=\"column-10\"><\/td><td class=\"column-11\"><\/td><td class=\"column-12\"><\/td><td class=\"column-13\"><\/td><td class=\"column-14\"><\/td>\n<\/tr>\n<tr class=\"row-35\">\n\t<td class=\"column-1\"><span style=\"color:#000000;\"><strong>Data PC da parcela liberada:<\/strong><\/span><span style=\"color:#000000;\"> informar a data em que houve a presta\u00e7\u00e3o de contas da parcela do conv\u00eanio original ou do termo aditivo.<\/span><\/td><td class=\"column-2\"><\/td><td class=\"column-3\"><\/td><td class=\"column-4\"><\/td><td class=\"column-5\"><\/td><td class=\"column-6\"><\/td><td class=\"column-7\"><\/td><td class=\"column-8\"><\/td><td class=\"column-9\"><\/td><td class=\"column-10\"><\/td><td class=\"column-11\"><\/td><td class=\"column-12\"><\/td><td class=\"column-13\"><\/td><td class=\"column-14\"><\/td>\n<\/tr>\n<tr class=\"row-36\">\n\t<td class=\"column-1\"><span style=\"color:#000000;\"><strong>Situa\u00e7\u00e3o da parcela liberada:<\/strong><\/span><span style=\"color:#000000;\"> informar a situa\u00e7\u00e3o da parcela do conv\u00eanio original ou do termo aditivo, conforme a seguinte classifica\u00e7\u00e3o: em execu\u00e7\u00e3o, n\u00e3o prestado<\/span><\/td><td class=\"column-2\"><\/td><td class=\"column-3\"><\/td><td class=\"column-4\"><\/td><td class=\"column-5\"><\/td><td class=\"column-6\"><\/td><td class=\"column-7\"><\/td><td class=\"column-8\"><\/td><td class=\"column-9\"><\/td><td class=\"column-10\"><\/td><td class=\"column-11\"><\/td><td class=\"column-12\"><\/td><td class=\"column-13\"><\/td><td class=\"column-14\"><\/td>\n<\/tr>\n<tr class=\"row-37\">\n\t<td class=\"column-1\">contas, em an\u00e1lise de presta\u00e7\u00e3o de contas.<\/td><td class=\"column-2\"><\/td><td class=\"column-3\"><\/td><td class=\"column-4\"><\/td><td class=\"column-5\"><\/td><td class=\"column-6\"><\/td><td class=\"column-7\"><\/td><td class=\"column-8\"><\/td><td class=\"column-9\"><\/td><td class=\"column-10\"><\/td><td class=\"column-11\"><\/td><td class=\"column-12\"><\/td><td class=\"column-13\"><\/td><td class=\"column-14\"><\/td>\n<\/tr>\n<\/tbody>\n<\/table>\n<\/div><!-- #tablepress-51 from cache -->\n<div class=\"pdfprnt-buttons pdfprnt-buttons-post pdfprnt-bottom-right\"><a href=\"https:\/\/lajes.rn.gov.br\/transparente\/index\/wp-json\/wp\/v2\/posts\/29333?print=pdf\" class=\"pdfprnt-button pdfprnt-button-pdf\" target=\"_blank\" ><img decoding=\"async\" src=\"https:\/\/lajes.rn.gov.br\/transparente\/index\/wp-content\/plugins\/pdf-print\/images\/pdf.png\" alt=\"image_pdf\" title=\"Ver PDF\" \/><\/a><a href=\"https:\/\/lajes.rn.gov.br\/transparente\/index\/wp-json\/wp\/v2\/posts\/29333?print=print\" class=\"pdfprnt-button pdfprnt-button-print\" target=\"_blank\" ><img decoding=\"async\" src=\"https:\/\/lajes.rn.gov.br\/transparente\/index\/wp-content\/plugins\/pdf-print\/images\/print.png\" alt=\"image_print\" title=\"Conte\u00fado de impress\u00e3o\" \/><\/a><\/div>","protected":false},"excerpt":{"rendered":"","protected":false},"author":3,"featured_media":0,"comment_status":"closed","ping_status":"closed","sticky":false,"template":"","format":"standard","meta":{"ocean_post_layout":"","ocean_both_sidebars_style":"","ocean_both_sidebars_content_width":0,"ocean_both_sidebars_sidebars_width":0,"ocean_sidebar":"","ocean_second_sidebar":"","ocean_disable_margins":"enable","ocean_add_body_class":"","ocean_shortcode_before_top_bar":"","ocean_shortcode_after_top_bar":"","ocean_shortcode_before_header":"","ocean_shortcode_after_header":"","ocean_has_shortcode":"","ocean_shortcode_after_title":"","ocean_shortcode_before_footer_widgets":"","ocean_shortcode_after_footer_widgets":"","ocean_shortcode_before_footer_bottom":"","ocean_shortcode_after_footer_bottom":"","ocean_display_top_bar":"default","ocean_display_header":"default","ocean_header_style":"","ocean_center_header_left_menu":"","ocean_custom_header_template":"","ocean_custom_logo":0,"ocean_custom_retina_logo":0,"ocean_custom_logo_max_width":0,"ocean_custom_logo_tablet_max_width":0,"ocean_custom_logo_mobile_max_width":0,"ocean_custom_logo_max_height":0,"ocean_custom_logo_tablet_max_height":0,"ocean_custom_logo_mobile_max_height":0,"ocean_header_custom_menu":"","ocean_menu_typo_font_family":"","ocean_menu_typo_font_subset":"","ocean_menu_typo_font_size":0,"ocean_menu_typo_font_size_tablet":0,"ocean_menu_typo_font_size_mobile":0,"ocean_menu_typo_font_size_unit":"px","ocean_menu_typo_font_weight":"","ocean_menu_typo_font_weight_tablet":"","ocean_menu_typo_font_weight_mobile":"","ocean_menu_typo_transform":"","ocean_menu_typo_transform_tablet":"","ocean_menu_typo_transform_mobile":"","ocean_menu_typo_line_height":0,"ocean_menu_typo_line_height_tablet":0,"ocean_menu_typo_line_height_mobile":0,"ocean_menu_typo_line_height_unit":"","ocean_menu_typo_spacing":0,"ocean_menu_typo_spacing_tablet":0,"ocean_menu_typo_spacing_mobile":0,"ocean_menu_typo_spacing_unit":"","ocean_menu_link_color":"","ocean_menu_link_color_hover":"","ocean_menu_link_color_active":"","ocean_menu_link_background":"","ocean_menu_link_hover_background":"","ocean_menu_link_active_background":"","ocean_menu_social_links_bg":"","ocean_menu_social_hover_links_bg":"","ocean_menu_social_links_color":"","ocean_menu_social_hover_links_color":"","ocean_disable_title":"default","ocean_disable_heading":"default","ocean_post_title":"","ocean_post_subheading":"","ocean_post_title_style":"","ocean_post_title_background_color":"","ocean_post_title_background":0,"ocean_post_title_bg_image_position":"","ocean_post_title_bg_image_attachment":"","ocean_post_title_bg_image_repeat":"","ocean_post_title_bg_image_size":"","ocean_post_title_height":0,"ocean_post_title_bg_overlay":0.5,"ocean_post_title_bg_overlay_color":"","ocean_disable_breadcrumbs":"default","ocean_breadcrumbs_color":"","ocean_breadcrumbs_separator_color":"","ocean_breadcrumbs_links_color":"","ocean_breadcrumbs_links_hover_color":"","ocean_display_footer_widgets":"default","ocean_display_footer_bottom":"default","ocean_custom_footer_template":"","ocean_post_oembed":"","ocean_post_self_hosted_media":"","ocean_post_video_embed":"","ocean_link_format":"","ocean_link_format_target":"self","ocean_quote_format":"","ocean_quote_format_link":"post","ocean_gallery_link_images":"on","ocean_gallery_id":[],"footnotes":""},"categories":[1],"tags":[],"class_list":["post-29333","post","type-post","status-publish","format-standard","hentry","category-sem-categoria","entry"],"_links":{"self":[{"href":"https:\/\/lajes.rn.gov.br\/transparente\/index\/wp-json\/wp\/v2\/posts\/29333","targetHints":{"allow":["GET"]}}],"collection":[{"href":"https:\/\/lajes.rn.gov.br\/transparente\/index\/wp-json\/wp\/v2\/posts"}],"about":[{"href":"https:\/\/lajes.rn.gov.br\/transparente\/index\/wp-json\/wp\/v2\/types\/post"}],"author":[{"embeddable":true,"href":"https:\/\/lajes.rn.gov.br\/transparente\/index\/wp-json\/wp\/v2\/users\/3"}],"replies":[{"embeddable":true,"href":"https:\/\/lajes.rn.gov.br\/transparente\/index\/wp-json\/wp\/v2\/comments?post=29333"}],"version-history":[{"count":1,"href":"https:\/\/lajes.rn.gov.br\/transparente\/index\/wp-json\/wp\/v2\/posts\/29333\/revisions"}],"predecessor-version":[{"id":29336,"href":"https:\/\/lajes.rn.gov.br\/transparente\/index\/wp-json\/wp\/v2\/posts\/29333\/revisions\/29336"}],"wp:attachment":[{"href":"https:\/\/lajes.rn.gov.br\/transparente\/index\/wp-json\/wp\/v2\/media?parent=29333"}],"wp:term":[{"taxonomy":"category","embeddable":true,"href":"https:\/\/lajes.rn.gov.br\/transparente\/index\/wp-json\/wp\/v2\/categories?post=29333"},{"taxonomy":"post_tag","embeddable":true,"href":"https:\/\/lajes.rn.gov.br\/transparente\/index\/wp-json\/wp\/v2\/tags?post=29333"}],"curies":[{"name":"wp","href":"https:\/\/api.w.org\/{rel}","templated":true}]}}