{"id":29326,"date":"2023-07-21T15:51:48","date_gmt":"2023-07-21T18:51:48","guid":{"rendered":"https:\/\/lajes.rn.gov.br\/transparente\/index\/?p=29326"},"modified":"2023-07-21T15:51:48","modified_gmt":"2023-07-21T18:51:48","slug":"anexo-17-obras-e-servicos","status":"publish","type":"post","link":"https:\/\/lajes.rn.gov.br\/transparente\/index\/anexo-17-obras-e-servicos\/","title":{"rendered":"ANEXO 17- OBRAS E SERVI\u00c7OS"},"content":{"rendered":"<div class=\"indiv_tablepress tablepress_in_div\">\n<table id=\"tablepress-50\" class=\"tablepress tablepress-id-50 tbody-has-connected-cells\">\n<thead>\n<tr class=\"row-1\">\n\t<td class=\"column-1\"><\/td><td class=\"column-2\"><\/td><td class=\"column-3\"><\/td><td class=\"column-4\"><\/td><td class=\"column-5\"><\/td><td class=\"column-6\"><\/td><td class=\"column-7\"><\/td><td class=\"column-8\"><\/td><td class=\"column-9\"><\/td><td class=\"column-10\"><\/td><td class=\"column-11\"><\/td><td class=\"column-12\"><\/td><td class=\"column-13\"><\/td><td class=\"column-14\"><\/td>\n<\/tr>\n<\/thead>\n<tbody class=\"row-striping row-hover\">\n<tr class=\"row-2\">\n\t<td colspan=\"13\" class=\"column-1\"><strong>MODELO 14 - MAPA DEMONSTRATIVO DE OBRAS E SERVI\u00c7OS DE ENGENHARIA* <span style=\"color:#FF0000;\"><strong>DADOS ATUALIZADOS EM 01\/05\/2023<\/strong><\/span><\/strong><\/td><td class=\"column-14\"><\/td>\n<\/tr>\n<tr class=\"row-3\">\n\t<td class=\"column-1\"><\/td><td class=\"column-2\"><\/td><td class=\"column-3\"><\/td><td class=\"column-4\"><\/td><td class=\"column-5\"><\/td><td class=\"column-6\"><\/td><td class=\"column-7\"><\/td><td class=\"column-8\"><\/td><td class=\"column-9\"><\/td><td class=\"column-10\"><\/td><td class=\"column-11\"><\/td><td class=\"column-12\"><\/td><td class=\"column-13\"><\/td><td class=\"column-14\"><\/td>\n<\/tr>\n<tr class=\"row-4\">\n\t<td rowspan=\"2\" class=\"column-1\">Item<\/td><td rowspan=\"2\" class=\"column-2\">Descri\u00e7\u00e3o da obra ou servi\u00e7o de engenharia<\/td><td rowspan=\"2\" class=\"column-3\">Regime de Execu\u00e7\u00e3o<\/td><td rowspan=\"2\" class=\"column-4\">N\u00famero do Contrato<\/td><td rowspan=\"2\" class=\"column-5\">Contratado<\/td><td rowspan=\"2\" class=\"column-6\">CNPJ<\/td><td rowspan=\"2\" class=\"column-7\">N\u00famero do Conv\u00eanio<\/td><td colspan=\"2\" class=\"column-8\">Convenente<\/td><td rowspan=\"2\" class=\"column-10\">Valor Previsto<\/td><td rowspan=\"2\" class=\"column-11\">Valor Realizado<\/td><td colspan=\"2\" rowspan=\"2\" class=\"column-12\">Situa\u00e7\u00e3o da Obra<\/td><td class=\"column-14\"><\/td>\n<\/tr>\n<tr class=\"row-5\">\n\t<td class=\"column-8\">Nome<\/td><td class=\"column-9\">CNPJ<\/td><td class=\"column-14\"><\/td>\n<\/tr>\n<tr class=\"row-6\">\n\t<td class=\"column-1\">1<\/td><td class=\"column-2\">Contrata\u00e7\u00e3o de empresa especializada em engenharia para a reforma da estrutura do<span style=\"color:#000000;\"><strong> Aterro Controlado<\/strong><\/span><span style=\"color:#000000;\"> do Munic\u00edpio de Lajes\/RN.<\/span><\/td><td class=\"column-3\">Empreitada por pre\u00e7o global<\/td><td class=\"column-4\">003\/2023<\/td><td class=\"column-5\">Concretiza Empreendimentos Ltda<\/td><td class=\"column-6\">09.026.534\/0001-61<\/td><td class=\"column-7\">Obra de Recursos Pr\u00f3prios<\/td><td class=\"column-8\">Prefeitura Municipal de Lajes\/RN<\/td><td class=\"column-9\">08.113.466\/0001-05<\/td><td class=\"column-10\">R$ 117,047.37<\/td><td class=\"column-11\">R$\u00a097.750,58<\/td><td colspan=\"2\" class=\"column-12\">Em Andamento. Percentual de execu\u00e7\u00e3o f\u00edsica: 33,64%. Obra em execu\u00e7\u00e3o aguardando a solicita\u00e7\u00e3o da 2\u00aa Medi\u00e7\u00e3o.<\/td><td class=\"column-14\"><\/td>\n<\/tr>\n<tr class=\"row-7\">\n\t<td class=\"column-1\">2<\/td><td class=\"column-2\">Contrata\u00e7\u00e3o de empresa especializada em engenharia para a Reforma na <span style=\"color:#000000;\"><strong>Unidade B\u00e1sica de Sa\u00fade Mariana Gomes<\/strong><\/span><span style=\"color:#000000;\">, na rua In\u00eas Albuquerque, no bairro Ant\u00f4nio de Melo, n\u00b0 80, no munic\u00edpio de Lajes\/RN.<\/span><\/td><td class=\"column-3\">Empreitada por pre\u00e7o global<\/td><td class=\"column-4\">002\/2023<\/td><td class=\"column-5\">Avelino Lacerda Engenharia e Consultoria Ltda<\/td><td class=\"column-6\">35.563.630\/0001-59<\/td><td class=\"column-7\">11955.4930001\/21-011<\/td><td class=\"column-8\">Prefeitura Municipal de Lajes\/RN<\/td><td class=\"column-9\">08.113.466\/0001-05<\/td><td class=\"column-10\">R$ 385,873.99<\/td><td class=\"column-11\">R$ 288,945.50<\/td><td colspan=\"2\" class=\"column-12\">Em Andamento. Percentual de execu\u00e7\u00e3o f\u00edsica: 32,18 %. Obra em execu\u00e7\u00e3o aguardando a solicita\u00e7\u00e3o da 3\u00ba Medi\u00e7\u00e3o.<\/td><td class=\"column-14\"><\/td>\n<\/tr>\n<tr class=\"row-8\">\n\t<td class=\"column-1\">3<\/td><td class=\"column-2\">Contrata\u00e7\u00e3o de empresa especializada em servi\u00e7o de <span style=\"color:#000000;\"><strong>Pavimenta\u00e7\u00e3o<\/strong><\/span><span style=\"color:#000000;\"> de vias municipais no <\/span><span style=\"color:#000000;\"><strong>Assentamento Boa Vista<\/strong><\/span><span style=\"color:#000000;\">, zona rural do munic\u00edpio de Lajes\/RN, conforme especifica\u00e7\u00f5es contidas no projeto de engenharia.<\/span><\/td><td class=\"column-3\">Empreitada por pre\u00e7o global<\/td><td class=\"column-4\">001\/2023<\/td><td class=\"column-5\">Topgeo Topografia e Projetos Eireli<\/td><td class=\"column-6\">27.988.901\/0001-90<\/td><td class=\"column-7\">Emenda Parlamentar 202230540003 - Beto Rosado<\/td><td class=\"column-8\">Prefeitura Municipal de Lajes\/RN<\/td><td class=\"column-9\">08.113.466\/0001-05<\/td><td class=\"column-10\">R$\u00a0774.405,82<\/td><td class=\"column-11\">R$ 754,788.27<\/td><td colspan=\"2\" class=\"column-12\">Em Andamento. Percentual de execu\u00e7\u00e3o f\u00edsica: 41,49%. Obra em execu\u00e7\u00e3o aguardando a solicita\u00e7\u00e3o da 3\u00ba Medi\u00e7\u00e3o.<\/td><td class=\"column-14\"><\/td>\n<\/tr>\n<tr class=\"row-9\">\n\t<td class=\"column-1\">4<\/td><td class=\"column-2\">Contrata\u00e7\u00e3o de empresa para a execu\u00e7\u00e3o dos servi\u00e7os de Recomposi\u00e7\u00e3o de Pavimento em Paralelep\u00edpedos (<span style=\"color:#000000;\"><strong>tapa buraco<\/strong><\/span><span style=\"color:#000000;\">), nas diversas vias p\u00fablicas do mun\u00edcipio de Lajes\/RN.<\/span><\/td><td class=\"column-3\">Empreitada por pre\u00e7o global<\/td><td class=\"column-4\">081\/2022<\/td><td class=\"column-5\">A S P Servicos e Comercio Eireli<\/td><td class=\"column-6\">26.747.505\/0001-08<\/td><td class=\"column-7\">Obra de Recursos Pr\u00f3prios<\/td><td class=\"column-8\">Prefeitura Municipal de Lajes\/RN<\/td><td class=\"column-9\">08.113.466\/0001-05<\/td><td class=\"column-10\">R$ 352,928.39<\/td><td class=\"column-11\">R$ 220,644.46<\/td><td colspan=\"2\" class=\"column-12\">Em Andamento. Percentual de execu\u00e7\u00e3o f\u00edsica: 48,05 %. Obra em execu\u00e7\u00e3o aguardando a solicita\u00e7\u00e3o da 5\u00aa Medi\u00e7\u00e3o.<\/td><td class=\"column-14\"><\/td>\n<\/tr>\n<tr class=\"row-10\">\n\t<td class=\"column-1\">5<\/td><td class=\"column-2\">Contrata\u00e7\u00e3o de empresa de engenharia especializada para execu\u00e7\u00e3o dos servi\u00e7os de <span style=\"color:#000000;\"><strong>Pavimenta\u00e7\u00e3o<\/strong><\/span><span style=\"color:#000000;\"> em Paralelep\u00edpedos pelo M\u00e9todo Convencional e Drenagem Superficial das ruas: <\/span><span style=\"color:#000000;\"><strong>Ab\u00edlio Torquato de brito e Manoel Gabriel Filho, Cohab, Lajes\/RN.<\/strong><\/span><\/td><td class=\"column-3\">Empreitada por pre\u00e7o global<\/td><td class=\"column-4\">079\/2022<\/td><td class=\"column-5\">A S P Servicos e Comercio Eireli<\/td><td class=\"column-6\">26.747.505\/0001-08<\/td><td class=\"column-7\">Contrato: 1076800-41; Ano: 2021; SICONV: 913688.<\/td><td class=\"column-8\">Prefeitura Municipal de Lajes\/RN<\/td><td class=\"column-9\">08.113.466\/0001-05<\/td><td class=\"column-10\">R$\u00a0315.303,19<\/td><td class=\"column-11\">R$\u00a0235.886,13<\/td><td colspan=\"2\" class=\"column-12\">Parada. A obra n\u00e3o foi iniciada. Aguardando a libera\u00e7\u00e3o do recurso financeiro pela Caixa Econ\u00f4mica Federal.<\/td><td class=\"column-14\"><\/td>\n<\/tr>\n<tr class=\"row-11\">\n\t<td class=\"column-1\">6<\/td><td class=\"column-2\">Contrata\u00e7\u00e3o de empresa especializada em servi\u00e7os de engenharia para a Reforma e Amplia\u00e7\u00e3o do Abatedouro P\u00fablico municipal de Lajes.<\/td><td class=\"column-3\">Empreitada por pre\u00e7o global<\/td><td class=\"column-4\">074\/2022<\/td><td class=\"column-5\">H J Dantas Filho Eireli<\/td><td class=\"column-6\">24.855.726\/0001-74<\/td><td class=\"column-7\">Obra de Recursos Pr\u00f3prios<\/td><td class=\"column-8\">Prefeitura Municipal de Lajes\/RN<\/td><td class=\"column-9\">08.113.466\/0001-05<\/td><td class=\"column-10\">R$\u00a0424.394,86<\/td><td class=\"column-11\">R$\u00a0419.482,87<\/td><td colspan=\"2\" class=\"column-12\">Em andamento. Percentual de execu\u00e7\u00e3o f\u00edsica: 17,77 %. Obra em execu\u00e7\u00e3o aguardando a solicita\u00e7\u00e3o da 3\u00aa Medi\u00e7\u00e3o.<\/td><td class=\"column-14\"><\/td>\n<\/tr>\n<tr class=\"row-12\">\n\t<td class=\"column-1\">7<\/td><td class=\"column-2\">Contrata\u00e7\u00e3o de empresa para a Constru\u00e7\u00e3o de um <span style=\"color:#000000;\"><strong>Ponto de Apoio de Atendimento \u2013 PAA<\/strong><\/span><span style=\"color:#000000;\">, no assentamento Tr\u00eas de Agosto, do munic\u00edpio de Lajes\/RN.<\/span><\/td><td class=\"column-3\">Empreitada por pre\u00e7o global<\/td><td class=\"column-4\">058\/2022<\/td><td class=\"column-5\">A S P Servicos e Comercio Eireli<\/td><td class=\"column-6\">26.747.505\/0001-08<\/td><td class=\"column-7\">11955.4930001\/21-007<\/td><td class=\"column-8\">Prefeitura Municipal de Lajes\/RN<\/td><td class=\"column-9\">08.113.466\/0001-05<\/td><td class=\"column-10\">R$\u00a0195.076,16<\/td><td class=\"column-11\">R$\u00a0157.009,18<\/td><td colspan=\"2\" class=\"column-12\">Parada. A obra n\u00e3o foi iniciada. Aguardando a libera\u00e7\u00e3o do recurso financeiro pela Caixa Econ\u00f4mica Federal.<\/td><td class=\"column-14\"><\/td>\n<\/tr>\n<tr class=\"row-13\">\n\t<td class=\"column-1\">8<\/td><td class=\"column-2\">Contrata\u00e7\u00e3o de empresa para a Constru\u00e7\u00e3o de um <span style=\"color:#000000;\"><strong>polo b\u00e1sico da academia da sa\u00fade<\/strong><\/span><span style=\"color:#000000;\">, no assentamento Tr\u00eas de Agosto, zona rural do munic\u00edpio de Lajes\/RN<\/span><\/td><td class=\"column-3\">Empreitada por pre\u00e7o global<\/td><td class=\"column-4\">059\/2022<\/td><td class=\"column-5\">V H S P DE QUEIROZ (LRV CONSTRUTORA)<\/td><td class=\"column-6\">23.150.611\/0001-11<\/td><td class=\"column-7\">Emenda Parlamentar 202139170004 - Benes Leoc\u00e1dio<\/td><td class=\"column-8\">Prefeitura Municipal de Lajes\/RN<\/td><td class=\"column-9\">08.113.466\/0001-05<\/td><td class=\"column-10\">R$\u00a0198.874,77<\/td><td class=\"column-11\">R$\u00a0154.993,56<\/td><td colspan=\"2\" class=\"column-12\">Parada. A obra n\u00e3o foi iniciada. Aguardando a libera\u00e7\u00e3o do recurso financeiro pela Caixa Econ\u00f4mica Federal.<\/td><td class=\"column-14\"><\/td>\n<\/tr>\n<tr class=\"row-14\">\n\t<td class=\"column-1\">9<\/td><td class=\"column-2\">Contrata\u00e7\u00e3o de empresa de engenharia para execu\u00e7\u00e3o dos servi\u00e7os de <span style=\"color:#000000;\"><strong>Pavimenta\u00e7\u00e3o<\/strong><\/span><span style=\"color:#000000;\"> em Paralelep\u00edpedos pelo M\u00e9todo Convencional e Drenagem Superficial das ruas: <\/span><span style=\"color:#000000;\"><strong>\u00c1guas Marinhas, Bosque das Pedras e Ab\u00edlio Torquato de Brito, Cohab, Lajes\/RN.<\/strong><\/span><\/td><td class=\"column-3\">Empreitada por pre\u00e7o global<\/td><td class=\"column-4\">060\/2022<\/td><td class=\"column-5\">V H S P DE QUEIROZ (LRV CONSTRUTORA)<\/td><td class=\"column-6\">23.150.611\/0001-11<\/td><td class=\"column-7\">Emenda Parlamentar 202039170011 - Benes Leoc\u00e1dio<\/td><td class=\"column-8\">Prefeitura Municipal de Lajes\/RN<\/td><td class=\"column-9\">08.113.466\/0001-05<\/td><td class=\"column-10\">R$\u00a0334.991,63<\/td><td class=\"column-11\">R$\u00a0287.306,00<\/td><td colspan=\"2\" class=\"column-12\">Parada. A obra n\u00e3o foi iniciada. Aguardando a libera\u00e7\u00e3o do recurso financeiro pela Caixa Econ\u00f4mica Federal.<\/td><td class=\"column-14\"><\/td>\n<\/tr>\n<tr class=\"row-15\">\n\t<td class=\"column-1\">10<\/td><td class=\"column-2\">Contrata\u00e7\u00e3o de empresa especializada em servi\u00e7os de engenharia para conclus\u00e3o da constru\u00e7\u00e3o de 01 (uma) <span style=\"color:#000000;\"><strong>Unidade de Pronto Atendimento Porte I<\/strong><\/span><span style=\"color:#000000;\"> no munic\u00edpio de Lajes\/RN.<\/span><\/td><td class=\"column-3\">Empreitada por pre\u00e7o global<\/td><td class=\"column-4\">65\/2022<\/td><td class=\"column-5\">H J Dantas Filho Eireli<\/td><td class=\"column-6\">24.855.726\/0001-74<\/td><td class=\"column-7\">Contrato: 0282820-67; Ano: 2008; SICONV: 647436.<\/td><td class=\"column-8\">Prefeitura Municipal de Lajes\/RN<\/td><td class=\"column-9\">08.113.466\/0001-05<\/td><td class=\"column-10\">R$\u00a0893.177,66<\/td><td class=\"column-11\">R$\u00a0884.522,07<\/td><td colspan=\"2\" class=\"column-12\">Em Andamento. Percentual de execu\u00e7\u00e3o f\u00edsica: 18,14%. Obra em execu\u00e7\u00e3o aguardando a solicita\u00e7\u00e3o da 3\u00aa medi\u00e7\u00e3o.<\/td><td class=\"column-14\"><\/td>\n<\/tr>\n<tr class=\"row-16\">\n\t<td class=\"column-1\">11<\/td><td class=\"column-2\">Contra\u00e7\u00e3o de empresa especializada para os servi\u00e7os de <span style=\"color:#000000;\"><strong>Pavimenta\u00e7\u00e3o<\/strong><\/span><span style=\"color:#000000;\"> em Paralelep\u00edpedo e Drenagem Superficial, com Rejuntamento com Pedrisco e Emuls\u00e3o Asf\u00e1ltica, da rua <\/span><span style=\"color:#000000;\"><strong>Ari Victor e Travessa Projetada 01<\/strong><\/span><span style=\"color:#000000;\">, conforme especifica\u00e7\u00f5es contidas no projeto b\u00e1sico.<\/span><\/td><td class=\"column-3\">Empreitada por pre\u00e7o global<\/td><td class=\"column-4\">108\/2021<\/td><td class=\"column-5\">H J Dantas Filho Eireli<\/td><td class=\"column-6\">24.855.726\/0001-74<\/td><td class=\"column-7\">Contrato: 1071762-71; Ano: 2020; SICONV: 902437.<\/td><td class=\"column-8\">Prefeitura Municipal de Lajes\/RN<\/td><td class=\"column-9\">08.113.466\/0001-05<\/td><td class=\"column-10\">R$\u00a0305.116,69<\/td><td class=\"column-11\">R$\u00a0299.554,61<\/td><td colspan=\"2\" class=\"column-12\">Parada. A obra n\u00e3o foi iniciada. Aguardando a libera\u00e7\u00e3o do recurso financeiro pela Caixa Econ\u00f4mica Federal.<\/td><td class=\"column-14\"><\/td>\n<\/tr>\n<tr class=\"row-17\">\n\t<td class=\"column-1\">12<\/td><td class=\"column-2\">Contrata\u00e7\u00e3o de empresa especializada em servi\u00e7os de engenharia para servi\u00e7os de <span style=\"color:#000000;\"><strong>Reparo\/Recomposi\u00e7\u00e3o\/Constru\u00e7\u00e3o de Pavimenta\u00e7\u00e3o em Paralelep\u00edpedos<\/strong><\/span><span style=\"color:#000000;\"> visando atender todas as demandas da Secretaria Municipal de Obras e Servi\u00e7os Urbanos com rela\u00e7\u00e3o a Pavimenta\u00e7\u00e3o.<\/span><\/td><td class=\"column-3\">Empreitada por pre\u00e7o global<\/td><td class=\"column-4\">038\/2022<\/td><td class=\"column-5\">Soc Construtora<\/td><td class=\"column-6\">40.321.829\/0001-00<\/td><td class=\"column-7\">Obra de Recursos Pr\u00f3prios<\/td><td class=\"column-8\">Prefeitura Municipal de Lajes\/RN<\/td><td class=\"column-9\">08.113.466\/0001-05<\/td><td class=\"column-10\">R$\u00a030.127,50<\/td><td class=\"column-11\">R$\u00a030.127,50<\/td><td colspan=\"2\" class=\"column-12\">Conclu\u00edda. Percentual de execu\u00e7\u00e3o f\u00edsica: 100%.<\/td><td class=\"column-14\"><\/td>\n<\/tr>\n<tr class=\"row-18\">\n\t<td class=\"column-1\">13<\/td><td class=\"column-2\"><strong>Reforma do Muro do Centro dos Idosos<\/strong><\/td><td class=\"column-3\">Execu\u00e7\u00e3o Direta<\/td><td class=\"column-4\">-<\/td><td class=\"column-5\">-<\/td><td class=\"column-6\">-<\/td><td class=\"column-7\">Obra de Recursos Pr\u00f3prios<\/td><td class=\"column-8\">Prefeitura Municipal de Lajes\/RN<\/td><td class=\"column-9\">08.113.466\/0001-05<\/td><td class=\"column-10\">R$ 55,006.20<\/td><td class=\"column-11\">R$ 55,006.20<\/td><td colspan=\"2\" class=\"column-12\">Conclu\u00edda. <\/td><td class=\"column-14\"><\/td>\n<\/tr>\n<tr class=\"row-19\">\n\t<td class=\"column-1\">14<\/td><td class=\"column-2\">Contrata\u00e7\u00e3o de empresa especializada em servi\u00e7os de engenharia para <span style=\"color:#000000;\"><strong>Reforma e Moderniza\u00e7\u00e3o das Pra\u00e7as P\u00fablicas Get\u00falio Vargas e Sebasti\u00e3o Duda da Rocha<\/strong><\/span><span style=\"color:#000000;\"> localizadas nas ruas Presidente Get\u00falio Vargas e Avenida Ulisses vale na regi\u00e3o Urbana do Munic\u00edpio de Lajes\/RN.<\/span><\/td><td class=\"column-3\">Empreitada por pre\u00e7o global<\/td><td class=\"column-4\">094\/2021<\/td><td class=\"column-5\">H J Dantas Filho Eireli<\/td><td class=\"column-6\">24.855.726\/0001-74<\/td><td class=\"column-7\">Contrato: 1054938-01; Ano: 2018; SICONV: 869861.<\/td><td class=\"column-8\">Prefeitura Municipal de Lajes\/RN<\/td><td class=\"column-9\">08.113.466\/0001-05<\/td><td class=\"column-10\">R$\u00a0270.222,05<\/td><td class=\"column-11\">R$\u00a0264.209,43<\/td><td colspan=\"2\" class=\"column-12\">Em Andamento. Percentual de Execu\u00e7\u00e3o F\u00edsica: 59,20 %. Aguardando a aprova\u00e7\u00e3o da 4\u00aa solicita\u00e7\u00e3o de medi\u00e7\u00e3o para dar a obra como conclu\u00edda.<\/td><td class=\"column-14\"><\/td>\n<\/tr>\n<tr class=\"row-20\">\n\t<td class=\"column-1\">15<\/td><td class=\"column-2\">Contrata\u00e7\u00e3o de empresa de engenharia para a execu\u00e7\u00e3o dos servi\u00e7os de conclus\u00e3o da obra de <span style=\"color:#000000;\"><strong>Pavimenta\u00e7\u00e3o de vias municipais e cal\u00e7adas de passeio do conjunto habitacional Bosque das Pedras<\/strong><\/span><span style=\"color:#000000;\">, no munic\u00edpio de Lajes\/RN.<\/span><\/td><td class=\"column-3\">Empreitada por pre\u00e7o global<\/td><td class=\"column-4\">023 \/ 2022<\/td><td class=\"column-5\">FL Engenharia, Servicos e Empreendimentos Ltda<\/td><td class=\"column-6\">36.783.315\/0001-08<\/td><td class=\"column-7\">Obra de Recursos Pr\u00f3prios<\/td><td class=\"column-8\">Prefeitura Municipal de Lajes\/RN<\/td><td class=\"column-9\">08.113.466\/0001-05<\/td><td class=\"column-10\">R$\u00a085.420,46<\/td><td class=\"column-11\">R$ 93,880.80<\/td><td colspan=\"2\" class=\"column-12\">Conclu\u00edda. Percentual de execu\u00e7\u00e3o f\u00edsica: 100%.<\/td><td class=\"column-14\"><\/td>\n<\/tr>\n<tr class=\"row-21\">\n\t<td class=\"column-1\">16<\/td><td class=\"column-2\">Contrata\u00e7\u00e3o de empresa especializada para constru\u00e7\u00e3o de <span style=\"color:#000000;\"><strong>Unidades Habitacionais<\/strong><\/span><span style=\"color:#000000;\">. Para atender as fam\u00edlias carentes do munic\u00edpio de Lajes\/RN, conforme especifica\u00e7\u00f5es contidas no projeto b\u00e1sico.<\/span><\/td><td class=\"column-3\">Empreitada por pre\u00e7o global<\/td><td class=\"column-4\">095 \/ 2021<\/td><td class=\"column-5\">H J Dantas Filho Eireli<\/td><td class=\"column-6\">24.855.726\/0001-74<\/td><td class=\"column-7\">Obra de Recursos Pr\u00f3prios<\/td><td class=\"column-8\">Prefeitura Municipal de Lajes\/RN<\/td><td class=\"column-9\">08.113.466\/0001-05<\/td><td class=\"column-10\">R$\u00a0427.958,04<\/td><td class=\"column-11\">R$\u00a0519.449,87<\/td><td colspan=\"2\" class=\"column-12\">Conclu\u00edda. Percentual de execu\u00e7\u00e3o f\u00edsica: 100%.<\/td><td class=\"column-14\"><\/td>\n<\/tr>\n<\/tbody>\n<tfoot>\n<tr class=\"row-22\">\n\t<th class=\"column-1\">17<\/th><th class=\"column-2\">Servi\u00e7o de engenharia para executar S<span style=\"color:#000000;\"><strong>ervi\u00e7os de Urbaniza\u00e7\u00e3o do Largo da Igreja Matriz <\/strong><\/span><span style=\"color:#000000;\">no Munic\u00edpio de Lajes.<\/span><\/th><th class=\"column-3\">Execu\u00e7\u00e3o Direta<\/th><th class=\"column-4\">-<\/th><th class=\"column-5\">-<\/th><th class=\"column-6\">-<\/th><th class=\"column-7\">Obra de Recursos Pr\u00f3prios<\/th><th class=\"column-8\">Prefeitura Municipal de Lajes\/RN<\/th><th class=\"column-9\">08.113.466\/0001-05<\/th><th class=\"column-10\">-<\/th><th class=\"column-11\">-<\/th><th colspan=\"2\" class=\"column-12\">Conclu\u00edda.<\/th><td class=\"column-14\"><\/td>\n<\/tr>\n<\/tfoot>\n<\/table>\n<\/div><!-- #tablepress-50 from cache -->\n<div class=\"pdfprnt-buttons pdfprnt-buttons-post pdfprnt-bottom-right\"><a href=\"https:\/\/lajes.rn.gov.br\/transparente\/index\/wp-json\/wp\/v2\/posts\/29326?print=pdf\" class=\"pdfprnt-button pdfprnt-button-pdf\" target=\"_blank\" ><img decoding=\"async\" src=\"https:\/\/lajes.rn.gov.br\/transparente\/index\/wp-content\/plugins\/pdf-print\/images\/pdf.png\" alt=\"image_pdf\" title=\"Ver PDF\" \/><\/a><a href=\"https:\/\/lajes.rn.gov.br\/transparente\/index\/wp-json\/wp\/v2\/posts\/29326?print=print\" class=\"pdfprnt-button pdfprnt-button-print\" target=\"_blank\" ><img decoding=\"async\" src=\"https:\/\/lajes.rn.gov.br\/transparente\/index\/wp-content\/plugins\/pdf-print\/images\/print.png\" alt=\"image_print\" title=\"Conte\u00fado de impress\u00e3o\" \/><\/a><\/div>","protected":false},"excerpt":{"rendered":"","protected":false},"author":3,"featured_media":0,"comment_status":"closed","ping_status":"closed","sticky":false,"template":"","format":"standard","meta":{"ocean_post_layout":"","ocean_both_sidebars_style":"","ocean_both_sidebars_content_width":0,"ocean_both_sidebars_sidebars_width":0,"ocean_sidebar":"","ocean_second_sidebar":"","ocean_disable_margins":"enable","ocean_add_body_class":"","ocean_shortcode_before_top_bar":"","ocean_shortcode_after_top_bar":"","ocean_shortcode_before_header":"","ocean_shortcode_after_header":"","ocean_has_shortcode":"","ocean_shortcode_after_title":"","ocean_shortcode_before_footer_widgets":"","ocean_shortcode_after_footer_widgets":"","ocean_shortcode_before_footer_bottom":"","ocean_shortcode_after_footer_bottom":"","ocean_display_top_bar":"default","ocean_display_header":"default","ocean_header_style":"","ocean_center_header_left_menu":"","ocean_custom_header_template":"","ocean_custom_logo":0,"ocean_custom_retina_logo":0,"ocean_custom_logo_max_width":0,"ocean_custom_logo_tablet_max_width":0,"ocean_custom_logo_mobile_max_width":0,"ocean_custom_logo_max_height":0,"ocean_custom_logo_tablet_max_height":0,"ocean_custom_logo_mobile_max_height":0,"ocean_header_custom_menu":"","ocean_menu_typo_font_family":"","ocean_menu_typo_font_subset":"","ocean_menu_typo_font_size":0,"ocean_menu_typo_font_size_tablet":0,"ocean_menu_typo_font_size_mobile":0,"ocean_menu_typo_font_size_unit":"px","ocean_menu_typo_font_weight":"","ocean_menu_typo_font_weight_tablet":"","ocean_menu_typo_font_weight_mobile":"","ocean_menu_typo_transform":"","ocean_menu_typo_transform_tablet":"","ocean_menu_typo_transform_mobile":"","ocean_menu_typo_line_height":0,"ocean_menu_typo_line_height_tablet":0,"ocean_menu_typo_line_height_mobile":0,"ocean_menu_typo_line_height_unit":"","ocean_menu_typo_spacing":0,"ocean_menu_typo_spacing_tablet":0,"ocean_menu_typo_spacing_mobile":0,"ocean_menu_typo_spacing_unit":"","ocean_menu_link_color":"","ocean_menu_link_color_hover":"","ocean_menu_link_color_active":"","ocean_menu_link_background":"","ocean_menu_link_hover_background":"","ocean_menu_link_active_background":"","ocean_menu_social_links_bg":"","ocean_menu_social_hover_links_bg":"","ocean_menu_social_links_color":"","ocean_menu_social_hover_links_color":"","ocean_disable_title":"default","ocean_disable_heading":"default","ocean_post_title":"","ocean_post_subheading":"","ocean_post_title_style":"","ocean_post_title_background_color":"","ocean_post_title_background":0,"ocean_post_title_bg_image_position":"","ocean_post_title_bg_image_attachment":"","ocean_post_title_bg_image_repeat":"","ocean_post_title_bg_image_size":"","ocean_post_title_height":0,"ocean_post_title_bg_overlay":0.5,"ocean_post_title_bg_overlay_color":"","ocean_disable_breadcrumbs":"default","ocean_breadcrumbs_color":"","ocean_breadcrumbs_separator_color":"","ocean_breadcrumbs_links_color":"","ocean_breadcrumbs_links_hover_color":"","ocean_display_footer_widgets":"default","ocean_display_footer_bottom":"default","ocean_custom_footer_template":"","ocean_post_oembed":"","ocean_post_self_hosted_media":"","ocean_post_video_embed":"","ocean_link_format":"","ocean_link_format_target":"self","ocean_quote_format":"","ocean_quote_format_link":"post","ocean_gallery_link_images":"on","ocean_gallery_id":[],"footnotes":""},"categories":[1],"tags":[],"class_list":["post-29326","post","type-post","status-publish","format-standard","hentry","category-sem-categoria","entry"],"_links":{"self":[{"href":"https:\/\/lajes.rn.gov.br\/transparente\/index\/wp-json\/wp\/v2\/posts\/29326","targetHints":{"allow":["GET"]}}],"collection":[{"href":"https:\/\/lajes.rn.gov.br\/transparente\/index\/wp-json\/wp\/v2\/posts"}],"about":[{"href":"https:\/\/lajes.rn.gov.br\/transparente\/index\/wp-json\/wp\/v2\/types\/post"}],"author":[{"embeddable":true,"href":"https:\/\/lajes.rn.gov.br\/transparente\/index\/wp-json\/wp\/v2\/users\/3"}],"replies":[{"embeddable":true,"href":"https:\/\/lajes.rn.gov.br\/transparente\/index\/wp-json\/wp\/v2\/comments?post=29326"}],"version-history":[{"count":1,"href":"https:\/\/lajes.rn.gov.br\/transparente\/index\/wp-json\/wp\/v2\/posts\/29326\/revisions"}],"predecessor-version":[{"id":29329,"href":"https:\/\/lajes.rn.gov.br\/transparente\/index\/wp-json\/wp\/v2\/posts\/29326\/revisions\/29329"}],"wp:attachment":[{"href":"https:\/\/lajes.rn.gov.br\/transparente\/index\/wp-json\/wp\/v2\/media?parent=29326"}],"wp:term":[{"taxonomy":"category","embeddable":true,"href":"https:\/\/lajes.rn.gov.br\/transparente\/index\/wp-json\/wp\/v2\/categories?post=29326"},{"taxonomy":"post_tag","embeddable":true,"href":"https:\/\/lajes.rn.gov.br\/transparente\/index\/wp-json\/wp\/v2\/tags?post=29326"}],"curies":[{"name":"wp","href":"https:\/\/api.w.org\/{rel}","templated":true}]}}