{"id":28874,"date":"2023-07-07T08:37:33","date_gmt":"2023-07-07T11:37:33","guid":{"rendered":"https:\/\/lajes.rn.gov.br\/transparente\/index\/?p=28874"},"modified":"2023-07-11T08:39:21","modified_gmt":"2023-07-11T11:39:21","slug":"resposta-de-pedido-de-impugnacao-tomada-de-precos-no-004-2023","status":"publish","type":"post","link":"https:\/\/lajes.rn.gov.br\/transparente\/index\/resposta-de-pedido-de-impugnacao-tomada-de-precos-no-004-2023\/","title":{"rendered":"RESPOSTA DE PEDIDO DE IMPUGNA\u00c7\u00c3O &#8211; TOMADA DE PRE\u00c7OS N\u00ba 004\/2023"},"content":{"rendered":"<div id=\"separador\" class=\"cabecalhoEstadoSeparador cabecalhoEstadoSeparador1\">\n<p style=\"text-align: center;\"><strong>ESTADO DO RIO GRANDE DO NORTE<\/strong><br \/>\n<strong>PREFEITURA MUNICIPAL DE LAJES<\/strong><\/p>\n<\/div>\n<p class=\"cabecaorgao\" style=\"text-align: center;\"><strong>COMISS\u00c3O PERMANENTE DE LICITA\u00c7\u00c3O &#8211; CPL<\/strong><\/p>\n<hr \/>\n<div id=\"materia\" class=\"materia materia20091123 materia1\">\n<p>RESPOSTA DE PEDIDO DE IMPUGNA\u00c7\u00c3O<\/p>\n<div class=\"mat\"><b>TOMADA DE PRE\u00c7OS N\u00ba 004\/2023<\/b><\/div>\n<p><b>Processo Administrativo n\u00ba 217\/2023<\/b><\/p>\n<p><b>Licita\u00e7\u00e3o n\u00ba 94\/2023<\/b><\/p>\n<p>&nbsp;<\/p>\n<p>Cuida-se de resposta ao pedido de Impugna\u00e7\u00e3o ao Edital do processo epigrafado, interposto pela empresa\u00a0<b>ETC &#8211; EMPRESA TECNICA DE CONSTRUCAO LTDA, CNPJ N\u00ba 35.258.069\/0001-02<\/b>, ora impugnante, referente \u00e0 CONCORR\u00caNCIA P\u00daBLICA N\u00ba\u00a0<b>004\/2023<\/b>, cujo objeto \u00e9 a \u201c<b>CONTRATA\u00c7\u00c3O DE EMPRESA ESPECIALIZADA EM ENGENHARIA PARA A REFORMA, AMPLIA\u00c7\u00c3O, E MODERNIZA\u00c7\u00c3O DO MERCADO P\u00daBLICO DE LAJES\/RN<\/b>\u201d, de acordo com Anexo I (PROJETO B\u00c1SICO DE ENGENHARIA), o qual cont\u00e9m as Especifica\u00e7\u00e3o de Servi\u00e7os, deste Edital.<\/p>\n<p>&nbsp;<\/p>\n<p>DA TEMPESTIVIDADE<\/p>\n<p>Conforme disposto no item 20.1, e \u00a72\u00ba, do art. 41, da Lei Federal o prazo para impugna\u00e7\u00e3o \u00e9 de at\u00e9 o segundo dia \u00fatil que anteceder a abertura dos envelopes de habilita\u00e7\u00e3o em concorr\u00eancia. Desse modo, observa-se que o Impugnante enviou a presente impugna\u00e7\u00e3o, por e-mail no dia 05\/07\/2023; e considerando que a abertura dos envelopes estava agendada para o dia 10\/07\/2023, verifica-se que a presente solicita\u00e7\u00e3o \u00e9\u00a0<b>TEMPESTIVA<\/b>.<\/p>\n<p>DAS RAZ\u00d5ES E FUDAMENTA\u00c7\u00d5ES DA IMPUGNA\u00c7\u00c3O<\/p>\n<p>Em s\u00edntese, a Impugnante requer \u201cque seja retificado o ato convocat\u00f3rio\u201d, sob a seguinte alega\u00e7\u00e3o:<\/p>\n<p>\u201cpelo motivo desta empresa ter detectado na planilha or\u00e7ament\u00e1ria anexa ao Edital, discrep\u00e2ncia dos pregos unit\u00e1rios os quais encontram-se conforme a planilha licitada, que consta como utilizada a Tabela SINAP\/RN FEVEREIRO\/2022, portanto com 15 meses de defasagem para a data corrente, portanto bem abaixo dos pre\u00e7os praticados na data de hoje em outras licita\u00e7\u00f5es de \u00f3rg\u00e3os p\u00fablicos.<\/p>\n<p>[&#8230;]<\/p>\n<p>Outra inconsist\u00eancia encontrada no Cronograma F\u00edsico Financeira referente a Administra\u00e7\u00e3o Local, o percentual ultrapassa os 100% (17% X 6 meses = 102%).<\/p>\n<p>[&#8230;]<\/p>\n<p>Finalmente, vimos atrav\u00e9s desta solicitar a impugna\u00e7\u00e3o do Edital e posterior corre\u00e7\u00e3o da planilha licitada como tamb\u00e9m a corre\u00e7\u00e3o do cronograma f\u00edsico financeiro.\u201d<\/p>\n<p>DA AN\u00c1LISE DE M\u00c9RITO E FUNDAMENTA\u00c7\u00c3O<\/p>\n<p>Insta constar que o processo licitat\u00f3rio visa buscar a proposta mais vantajosa para a administra\u00e7\u00e3o p\u00fablica. Assim a Lei Federal 8.666\/93, que, ainda, disciplina as aquisi\u00e7\u00f5es p\u00fablicas estabelecem normas para que devem ser seguidas pela administra\u00e7\u00e3o p\u00fablica, bem como pelo particular que se interesse em fornecer para qualquer ente p\u00fablico.<\/p>\n<p>Isso posto, passamos a analisar os argumentos da impugnante, primeiro, no que tange a \u201cdefasagem\u201d da palhinha, alegada pela impugnante, insta constar que os processos administrativos da administra\u00e7\u00e3o p\u00fablica seguem ritos processuais, os quais emanam tempo, bem como seus valores est\u00e3o vinculados ao or\u00e7amento municipal. Nesse caso, a revis\u00e3o destas planilhas ap\u00f3s a emiss\u00e3o da reserva or\u00e7ament\u00e1ria, acarretaria \u00e0 administra\u00e7\u00e3o p\u00fablica atrasos que afetariam o cronograma de obras da municipalidade.<\/p>\n<p>Quanto a alega\u00e7\u00e3o de que a inconsist\u00eancia encontrada no Cronograma F\u00edsico Financeira referente a Administra\u00e7\u00e3o Local, o percentual ultrapassa os 100% (17% X 6 meses = 102%), trata-se de arredondamento nas somas dos percentuais, da linha \u201cADM LOCAL\u201d, vejamos; O valor total da linha ADM LOCAL \u00e9 de R$ 58.743,97, divido em seis parcelas de R$ 9.790,66, o que representa um percentual truncado de 17%, sem casas decimais.<\/p>\n<p>Assim, conforme restou supra demonstrado, a irresigna\u00e7\u00e3o do impugnante n\u00e3o merece prosperar, uma vez que n\u00e3o h\u00e1 qualquer ilegalidade que possa ser questionada.<\/p>\n<p>DA AN\u00c1LISE DE M\u00c9RITO E FUNDAMENTA\u00c7\u00c3O<\/p>\n<p>Isto posto, conhe\u00e7o a impugna\u00e7\u00e3o apresentada pelo\u00a0<b>ETC &#8211; EMPRESA TECNICA DE CONSTRUCAO LTDA, CNPJ N\u00ba 35.258.069\/0001-02<\/b>, para no m\u00e9rito,\u00a0<b>NEGAR PROVIMENTO<\/b>.<\/p>\n<p>&nbsp;<\/p>\n<p><b>Lajes\/RN, em 07\/07\/2023<\/b><\/p>\n<p>&nbsp;<\/p>\n<p>&nbsp;<\/p>\n<p><b><i>RAFAEL ANDERSON DE ARA\u00daJO SILVA<\/i><\/b><\/p>\n<p><b><i><\/i><\/b>&nbsp;<\/p>\n<p>Presidente da CPL<\/p>\n<\/div>\n<div class=\"pdfprnt-buttons pdfprnt-buttons-post pdfprnt-bottom-right\"><a href=\"https:\/\/lajes.rn.gov.br\/transparente\/index\/wp-json\/wp\/v2\/posts\/28874?print=pdf\" class=\"pdfprnt-button pdfprnt-button-pdf\" target=\"_blank\" ><img decoding=\"async\" src=\"https:\/\/lajes.rn.gov.br\/transparente\/index\/wp-content\/plugins\/pdf-print\/images\/pdf.png\" alt=\"image_pdf\" title=\"Ver PDF\" \/><\/a><a href=\"https:\/\/lajes.rn.gov.br\/transparente\/index\/wp-json\/wp\/v2\/posts\/28874?print=print\" class=\"pdfprnt-button pdfprnt-button-print\" target=\"_blank\" ><img decoding=\"async\" src=\"https:\/\/lajes.rn.gov.br\/transparente\/index\/wp-content\/plugins\/pdf-print\/images\/print.png\" alt=\"image_print\" title=\"Conte\u00fado de impress\u00e3o\" \/><\/a><\/div>","protected":false},"excerpt":{"rendered":"<p>ESTADO DO RIO GRANDE DO NORTE PREFEITURA MUNICIPAL DE LAJES COMISS\u00c3O PERMANENTE DE LICITA\u00c7\u00c3O &#8211; CPL RESPOSTA DE PEDIDO DE IMPUGNA\u00c7\u00c3O TOMADA DE PRE\u00c7OS N\u00ba 004\/2023 Processo Administrativo n\u00ba 217\/2023 Licita\u00e7\u00e3o n\u00ba 94\/2023 &nbsp; Cuida-se de resposta ao pedido de Impugna\u00e7\u00e3o ao Edital do processo epigrafado, interposto pela empresa\u00a0ETC &#8211; EMPRESA TECNICA DE CONSTRUCAO LTDA, [&hellip;]<\/p>\n","protected":false},"author":3,"featured_media":0,"comment_status":"closed","ping_status":"closed","sticky":false,"template":"","format":"standard","meta":{"ocean_post_layout":"","ocean_both_sidebars_style":"","ocean_both_sidebars_content_width":0,"ocean_both_sidebars_sidebars_width":0,"ocean_sidebar":"","ocean_second_sidebar":"","ocean_disable_margins":"enable","ocean_add_body_class":"","ocean_shortcode_before_top_bar":"","ocean_shortcode_after_top_bar":"","ocean_shortcode_before_header":"","ocean_shortcode_after_header":"","ocean_has_shortcode":"","ocean_shortcode_after_title":"","ocean_shortcode_before_footer_widgets":"","ocean_shortcode_after_footer_widgets":"","ocean_shortcode_before_footer_bottom":"","ocean_shortcode_after_footer_bottom":"","ocean_display_top_bar":"default","ocean_display_header":"default","ocean_header_style":"","ocean_center_header_left_menu":"","ocean_custom_header_template":"","ocean_custom_logo":0,"ocean_custom_retina_logo":0,"ocean_custom_logo_max_width":0,"ocean_custom_logo_tablet_max_width":0,"ocean_custom_logo_mobile_max_width":0,"ocean_custom_logo_max_height":0,"ocean_custom_logo_tablet_max_height":0,"ocean_custom_logo_mobile_max_height":0,"ocean_header_custom_menu":"","ocean_menu_typo_font_family":"","ocean_menu_typo_font_subset":"","ocean_menu_typo_font_size":0,"ocean_menu_typo_font_size_tablet":0,"ocean_menu_typo_font_size_mobile":0,"ocean_menu_typo_font_size_unit":"px","ocean_menu_typo_font_weight":"","ocean_menu_typo_font_weight_tablet":"","ocean_menu_typo_font_weight_mobile":"","ocean_menu_typo_transform":"","ocean_menu_typo_transform_tablet":"","ocean_menu_typo_transform_mobile":"","ocean_menu_typo_line_height":0,"ocean_menu_typo_line_height_tablet":0,"ocean_menu_typo_line_height_mobile":0,"ocean_menu_typo_line_height_unit":"","ocean_menu_typo_spacing":0,"ocean_menu_typo_spacing_tablet":0,"ocean_menu_typo_spacing_mobile":0,"ocean_menu_typo_spacing_unit":"","ocean_menu_link_color":"","ocean_menu_link_color_hover":"","ocean_menu_link_color_active":"","ocean_menu_link_background":"","ocean_menu_link_hover_background":"","ocean_menu_link_active_background":"","ocean_menu_social_links_bg":"","ocean_menu_social_hover_links_bg":"","ocean_menu_social_links_color":"","ocean_menu_social_hover_links_color":"","ocean_disable_title":"default","ocean_disable_heading":"default","ocean_post_title":"","ocean_post_subheading":"","ocean_post_title_style":"","ocean_post_title_background_color":"","ocean_post_title_background":0,"ocean_post_title_bg_image_position":"","ocean_post_title_bg_image_attachment":"","ocean_post_title_bg_image_repeat":"","ocean_post_title_bg_image_size":"","ocean_post_title_height":0,"ocean_post_title_bg_overlay":0.5,"ocean_post_title_bg_overlay_color":"","ocean_disable_breadcrumbs":"default","ocean_breadcrumbs_color":"","ocean_breadcrumbs_separator_color":"","ocean_breadcrumbs_links_color":"","ocean_breadcrumbs_links_hover_color":"","ocean_display_footer_widgets":"default","ocean_display_footer_bottom":"default","ocean_custom_footer_template":"","ocean_post_oembed":"","ocean_post_self_hosted_media":"","ocean_post_video_embed":"","ocean_link_format":"","ocean_link_format_target":"self","ocean_quote_format":"","ocean_quote_format_link":"post","ocean_gallery_link_images":"on","ocean_gallery_id":[],"footnotes":""},"categories":[3,107],"tags":[],"class_list":["post-28874","post","type-post","status-publish","format-standard","hentry","category-licitacao","category-tomada-de-preco","entry"],"_links":{"self":[{"href":"https:\/\/lajes.rn.gov.br\/transparente\/index\/wp-json\/wp\/v2\/posts\/28874","targetHints":{"allow":["GET"]}}],"collection":[{"href":"https:\/\/lajes.rn.gov.br\/transparente\/index\/wp-json\/wp\/v2\/posts"}],"about":[{"href":"https:\/\/lajes.rn.gov.br\/transparente\/index\/wp-json\/wp\/v2\/types\/post"}],"author":[{"embeddable":true,"href":"https:\/\/lajes.rn.gov.br\/transparente\/index\/wp-json\/wp\/v2\/users\/3"}],"replies":[{"embeddable":true,"href":"https:\/\/lajes.rn.gov.br\/transparente\/index\/wp-json\/wp\/v2\/comments?post=28874"}],"version-history":[{"count":1,"href":"https:\/\/lajes.rn.gov.br\/transparente\/index\/wp-json\/wp\/v2\/posts\/28874\/revisions"}],"predecessor-version":[{"id":28875,"href":"https:\/\/lajes.rn.gov.br\/transparente\/index\/wp-json\/wp\/v2\/posts\/28874\/revisions\/28875"}],"wp:attachment":[{"href":"https:\/\/lajes.rn.gov.br\/transparente\/index\/wp-json\/wp\/v2\/media?parent=28874"}],"wp:term":[{"taxonomy":"category","embeddable":true,"href":"https:\/\/lajes.rn.gov.br\/transparente\/index\/wp-json\/wp\/v2\/categories?post=28874"},{"taxonomy":"post_tag","embeddable":true,"href":"https:\/\/lajes.rn.gov.br\/transparente\/index\/wp-json\/wp\/v2\/tags?post=28874"}],"curies":[{"name":"wp","href":"https:\/\/api.w.org\/{rel}","templated":true}]}}