{"id":28664,"date":"2023-06-20T12:55:17","date_gmt":"2023-06-20T15:55:17","guid":{"rendered":"https:\/\/lajes.rn.gov.br\/transparente\/index\/?p=28664"},"modified":"2023-06-21T13:27:12","modified_gmt":"2023-06-21T16:27:12","slug":"aviso-de-retificacao-e-republicacao-de-edital-tomada-de-precos-no-004-2023","status":"publish","type":"post","link":"https:\/\/lajes.rn.gov.br\/transparente\/index\/aviso-de-retificacao-e-republicacao-de-edital-tomada-de-precos-no-004-2023\/","title":{"rendered":"AVISO DE RETIFICA\u00c7\u00c3O E REPUBLICA\u00c7\u00c3O DE EDITAL &#8211; TOMADA DE PRE\u00c7OS N\u00ba 004\/2023"},"content":{"rendered":"<div id=\"separador\" class=\"cabecalhoEstadoSeparador cabecalhoEstadoSeparador1\">\n<p style=\"text-align: center;\"><strong>ESTADO DO RIO GRANDE DO NORTE<\/strong><br \/>\n<strong>PREFEITURA MUNICIPAL DE LAJES<\/strong><\/p>\n<\/div>\n<p class=\"cabecaorgao\" style=\"text-align: center;\"><strong>COMISS\u00c3O PERMANENTE DE LICITA\u00c7\u00c3O &#8211; CPL<\/strong><\/p>\n<hr \/>\n<div id=\"materia\" class=\"materia materia20091123 materia1\">\n<p>AVISO DE RETIFICA\u00c7\u00c3O E REPUBLICA\u00c7\u00c3O DE EDITAL<\/p>\n<div class=\"mat\"><b>TOMADA DE PRE\u00c7OS N\u00ba 004\/2023<\/b><\/div>\n<p><b>Processo Administrativo n\u00ba 217\/2023<\/b><\/p>\n<p><b>Licita\u00e7\u00e3o n\u00ba 94\/2023<\/b><\/p>\n<p>&nbsp;<\/p>\n<p>O PRESIDENTE DA COMISS\u00c3O PERMANENTE DE LICITA\u00c7\u00c3O DO MUNICIPIO DE LAJES\/RN, torna p\u00fablico para conhecimento dos interessados a retifica\u00e7\u00e3o do da TP 04\/2023, que objetiva a\u00a0<b>CONTRATA\u00c7\u00c3O DE EMPRESA ESPECIALIZADA EM ENGENHARIA PARA A REFORMA, AMPLIA\u00c7\u00c3O, E MODERNIZA\u00c7\u00c3O DO MERCADO P\u00daBLICO DE LAJES\/RN<\/b>, com a inclus\u00e3o do item 4.4. no Projeto B\u00e1sico. Em virtude da altera\u00e7\u00e3o a presente licita\u00e7\u00e3o fica reaprazada para o dia\u00a0<b>10\/07\/2023<\/b>, \u00e0s 09h (nove horas). Maiores informa\u00e7\u00f5es, inclusive a c\u00f3pia do edital, poder\u00e3o ser solicitadas pelo e-mail:\u00a0cpl@lajes.rn.gov.br\u00a0. O edital retificado est\u00e1 dispon\u00edvel no endere\u00e7o eletr\u00f4nico https:\/\/lajes.rn.gov.br\/licitacoes\/, ou ainda na Sala da CPL, localizada na sede do poder executivo Lajense, no hor\u00e1rio de 08h00min \u00e0s 12h00min.<\/p>\n<p>&nbsp;<\/p>\n<p>Lajes\/RN, 20 de junho de 2023.<\/p>\n<p>&nbsp;<\/p>\n<p>&nbsp;<\/p>\n<p><b><i>RAFAEL ANDERSON DE ARA\u00daJO SILVA<\/i><\/b><\/p>\n<p><b><i><\/i><\/b>&nbsp;<\/p>\n<p>Presidente da CPL<\/p>\n<\/div>\n<div class=\"pdfprnt-buttons pdfprnt-buttons-post pdfprnt-bottom-right\"><a href=\"https:\/\/lajes.rn.gov.br\/transparente\/index\/wp-json\/wp\/v2\/posts\/28664?print=pdf\" class=\"pdfprnt-button pdfprnt-button-pdf\" target=\"_blank\" ><img decoding=\"async\" src=\"https:\/\/lajes.rn.gov.br\/transparente\/index\/wp-content\/plugins\/pdf-print\/images\/pdf.png\" alt=\"image_pdf\" title=\"Ver PDF\" \/><\/a><a href=\"https:\/\/lajes.rn.gov.br\/transparente\/index\/wp-json\/wp\/v2\/posts\/28664?print=print\" class=\"pdfprnt-button pdfprnt-button-print\" target=\"_blank\" ><img decoding=\"async\" src=\"https:\/\/lajes.rn.gov.br\/transparente\/index\/wp-content\/plugins\/pdf-print\/images\/print.png\" alt=\"image_print\" title=\"Conte\u00fado de impress\u00e3o\" \/><\/a><\/div>","protected":false},"excerpt":{"rendered":"<p>ESTADO DO RIO GRANDE DO NORTE PREFEITURA MUNICIPAL DE LAJES COMISS\u00c3O PERMANENTE DE LICITA\u00c7\u00c3O &#8211; CPL AVISO DE RETIFICA\u00c7\u00c3O E REPUBLICA\u00c7\u00c3O DE EDITAL TOMADA DE PRE\u00c7OS N\u00ba 004\/2023 Processo Administrativo n\u00ba 217\/2023 Licita\u00e7\u00e3o n\u00ba 94\/2023 &nbsp; O PRESIDENTE DA COMISS\u00c3O PERMANENTE DE LICITA\u00c7\u00c3O DO MUNICIPIO DE LAJES\/RN, torna p\u00fablico para conhecimento dos interessados a retifica\u00e7\u00e3o [&hellip;]<\/p>\n","protected":false},"author":3,"featured_media":0,"comment_status":"closed","ping_status":"closed","sticky":false,"template":"","format":"standard","meta":{"ocean_post_layout":"","ocean_both_sidebars_style":"","ocean_both_sidebars_content_width":0,"ocean_both_sidebars_sidebars_width":0,"ocean_sidebar":"","ocean_second_sidebar":"","ocean_disable_margins":"enable","ocean_add_body_class":"","ocean_shortcode_before_top_bar":"","ocean_shortcode_after_top_bar":"","ocean_shortcode_before_header":"","ocean_shortcode_after_header":"","ocean_has_shortcode":"","ocean_shortcode_after_title":"","ocean_shortcode_before_footer_widgets":"","ocean_shortcode_after_footer_widgets":"","ocean_shortcode_before_footer_bottom":"","ocean_shortcode_after_footer_bottom":"","ocean_display_top_bar":"default","ocean_display_header":"default","ocean_header_style":"","ocean_center_header_left_menu":"","ocean_custom_header_template":"","ocean_custom_logo":0,"ocean_custom_retina_logo":0,"ocean_custom_logo_max_width":0,"ocean_custom_logo_tablet_max_width":0,"ocean_custom_logo_mobile_max_width":0,"ocean_custom_logo_max_height":0,"ocean_custom_logo_tablet_max_height":0,"ocean_custom_logo_mobile_max_height":0,"ocean_header_custom_menu":"","ocean_menu_typo_font_family":"","ocean_menu_typo_font_subset":"","ocean_menu_typo_font_size":0,"ocean_menu_typo_font_size_tablet":0,"ocean_menu_typo_font_size_mobile":0,"ocean_menu_typo_font_size_unit":"px","ocean_menu_typo_font_weight":"","ocean_menu_typo_font_weight_tablet":"","ocean_menu_typo_font_weight_mobile":"","ocean_menu_typo_transform":"","ocean_menu_typo_transform_tablet":"","ocean_menu_typo_transform_mobile":"","ocean_menu_typo_line_height":0,"ocean_menu_typo_line_height_tablet":0,"ocean_menu_typo_line_height_mobile":0,"ocean_menu_typo_line_height_unit":"","ocean_menu_typo_spacing":0,"ocean_menu_typo_spacing_tablet":0,"ocean_menu_typo_spacing_mobile":0,"ocean_menu_typo_spacing_unit":"","ocean_menu_link_color":"","ocean_menu_link_color_hover":"","ocean_menu_link_color_active":"","ocean_menu_link_background":"","ocean_menu_link_hover_background":"","ocean_menu_link_active_background":"","ocean_menu_social_links_bg":"","ocean_menu_social_hover_links_bg":"","ocean_menu_social_links_color":"","ocean_menu_social_hover_links_color":"","ocean_disable_title":"default","ocean_disable_heading":"default","ocean_post_title":"","ocean_post_subheading":"","ocean_post_title_style":"","ocean_post_title_background_color":"","ocean_post_title_background":0,"ocean_post_title_bg_image_position":"","ocean_post_title_bg_image_attachment":"","ocean_post_title_bg_image_repeat":"","ocean_post_title_bg_image_size":"","ocean_post_title_height":0,"ocean_post_title_bg_overlay":0.5,"ocean_post_title_bg_overlay_color":"","ocean_disable_breadcrumbs":"default","ocean_breadcrumbs_color":"","ocean_breadcrumbs_separator_color":"","ocean_breadcrumbs_links_color":"","ocean_breadcrumbs_links_hover_color":"","ocean_display_footer_widgets":"default","ocean_display_footer_bottom":"default","ocean_custom_footer_template":"","ocean_post_oembed":"","ocean_post_self_hosted_media":"","ocean_post_video_embed":"","ocean_link_format":"","ocean_link_format_target":"self","ocean_quote_format":"","ocean_quote_format_link":"post","ocean_gallery_link_images":"on","ocean_gallery_id":[],"footnotes":""},"categories":[74,3,107],"tags":[],"class_list":["post-28664","post","type-post","status-publish","format-standard","hentry","category-aviso-de-licitacao","category-licitacao","category-tomada-de-preco","entry"],"_links":{"self":[{"href":"https:\/\/lajes.rn.gov.br\/transparente\/index\/wp-json\/wp\/v2\/posts\/28664","targetHints":{"allow":["GET"]}}],"collection":[{"href":"https:\/\/lajes.rn.gov.br\/transparente\/index\/wp-json\/wp\/v2\/posts"}],"about":[{"href":"https:\/\/lajes.rn.gov.br\/transparente\/index\/wp-json\/wp\/v2\/types\/post"}],"author":[{"embeddable":true,"href":"https:\/\/lajes.rn.gov.br\/transparente\/index\/wp-json\/wp\/v2\/users\/3"}],"replies":[{"embeddable":true,"href":"https:\/\/lajes.rn.gov.br\/transparente\/index\/wp-json\/wp\/v2\/comments?post=28664"}],"version-history":[{"count":1,"href":"https:\/\/lajes.rn.gov.br\/transparente\/index\/wp-json\/wp\/v2\/posts\/28664\/revisions"}],"predecessor-version":[{"id":28665,"href":"https:\/\/lajes.rn.gov.br\/transparente\/index\/wp-json\/wp\/v2\/posts\/28664\/revisions\/28665"}],"wp:attachment":[{"href":"https:\/\/lajes.rn.gov.br\/transparente\/index\/wp-json\/wp\/v2\/media?parent=28664"}],"wp:term":[{"taxonomy":"category","embeddable":true,"href":"https:\/\/lajes.rn.gov.br\/transparente\/index\/wp-json\/wp\/v2\/categories?post=28664"},{"taxonomy":"post_tag","embeddable":true,"href":"https:\/\/lajes.rn.gov.br\/transparente\/index\/wp-json\/wp\/v2\/tags?post=28664"}],"curies":[{"name":"wp","href":"https:\/\/api.w.org\/{rel}","templated":true}]}}