{"id":27499,"date":"2021-12-16T11:52:58","date_gmt":"2021-12-16T14:52:58","guid":{"rendered":"https:\/\/lajes.rn.gov.br\/transparente\/index\/?p=27499"},"modified":"2023-04-27T11:53:56","modified_gmt":"2023-04-27T14:53:56","slug":"decreto-municipal-no-050-2021-gp-dispoe-sobre-a-abertura-de-credito-adicional-suplementar-alteracao-de-qdd-para-reforco-da-dotacao-orcamentaria-para-os-fins-que-especifica-e-das-outras-pr","status":"publish","type":"post","link":"https:\/\/lajes.rn.gov.br\/transparente\/index\/decreto-municipal-no-050-2021-gp-dispoe-sobre-a-abertura-de-credito-adicional-suplementar-alteracao-de-qdd-para-reforco-da-dotacao-orcamentaria-para-os-fins-que-especifica-e-das-outras-pr\/","title":{"rendered":"DECRETO MUNICIPAL N\u00ba 050\/2021 \u2013 GP &#8211; Disp\u00f5e sobre a abertura de Cr\u00e9dito Adicional Suplementar\/Altera\u00e7\u00e3o de QDD, para refor\u00e7o da dota\u00e7\u00e3o or\u00e7ament\u00e1ria para os fins que especifica e das outras provid\u00eancias."},"content":{"rendered":"<div id=\"separador\" class=\"cabecalhoEstadoSeparador cabecalhoEstadoSeparador1\">\n<p style=\"text-align: center;\"><strong>ESTADO DO RIO GRANDE DO NORTE<\/strong><br \/>\n<strong>PREFEITURA MUNICIPAL DE LAJES<\/strong><\/p>\n<\/div>\n<p class=\"cabecaorgao\" style=\"text-align: center;\"><strong>GABINETE DO PREFEITO<\/strong><\/p>\n<hr \/>\n<div id=\"materia\" class=\"materia materia20091123 materia1\">\n<p>DECRETO MUNICIPAL N\u00ba 050\/2021 \u2013 GP<\/p>\n<div class=\"mat\"><\/div>\n<p><i>Disp\u00f5e sobre a abertura de Cr\u00e9dito Adicional Suplementar\/Altera\u00e7\u00e3o de QDD, para refor\u00e7o da dota\u00e7\u00e3o or\u00e7ament\u00e1ria para os fins que especifica e das outras provid\u00eancias.<\/i><\/p>\n<p>&nbsp;<\/p>\n<p><b>O PREFEITO CONSTITUCIONAL DO MUNIC\u00cdPIO DE LAJES\/RN<\/b>, no uso de suas atribui\u00e7\u00f5es legais.<\/p>\n<p>&nbsp;<\/p>\n<p><b><u>DECRETA<\/u><\/b><b>:<\/b><\/p>\n<p>&nbsp;<\/p>\n<p><b>Art. 1\u00ba<\/b>. Fica aberto, no corrente exerc\u00edcio, abertura de Cr\u00e9dito Adicional Suplementar\/Altera\u00e7\u00e3o de QDD, para refor\u00e7o da dota\u00e7\u00e3o or\u00e7ament\u00e1ria por meio de ato pr\u00f3prio, no valor de R$ 19.518,81 (dezenove mil, quinhentos e dezoitos reais e oitenta e um centavos) as dota\u00e7\u00f5es espec\u00edficas para serem anuladas que constituem fonte para abertura do cr\u00e9dito est\u00e3o no Anexo I, desde Decreto.<\/p>\n<p>&nbsp;<\/p>\n<p><b>Art. 2\u00ba.\u00a0<\/b>Constitui Fonte de Recurso para fazer face ao cr\u00e9dito de que trata o artigo anterior, as anula\u00e7\u00f5es em igual valor das Dota\u00e7\u00f5es Or\u00e7ament\u00e1rias discriminadas no Anexo II, deste Decreto, conforme disp\u00f5es a Lei Federal n\u00ba 4.320, de 17 de mar\u00e7o de 1964, no seu Artigo 43 \u00a7 1\u00ba inciso III.<\/p>\n<p>&nbsp;<\/p>\n<p><b>Art. 3\u00ba.<\/b>\u00a0Este Decreto entra e vigor na data de sua publica\u00e7\u00e3o.<\/p>\n<p>&nbsp;<\/p>\n<p><b>ANEXO I<\/b><\/p>\n<table class=\"mat\" border=\"0\" cellspacing=\"0\" cellpadding=\"0\" align=\"left\">\n<tbody>\n<tr>\n<td width=\"463\">01.001.2001 Manuten\u00e7\u00e3o das Atividades da C\u00e2mara Municipal<\/p>\n<p>3.1.90.13 \u2013 Obriga\u00e7\u00f5es Patronais;<\/p>\n<p>&nbsp;<\/td>\n<td width=\"104\"><b>R$ 19.518,81<\/b><\/p>\n<p>19.518,81<\/td>\n<\/tr>\n<\/tbody>\n<\/table>\n<p>&nbsp;<\/p>\n<p><b>ANEXO II<\/b><\/p>\n<table class=\"mat\" border=\"0\" cellspacing=\"0\" cellpadding=\"0\" align=\"left\">\n<tbody>\n<tr>\n<td width=\"453\">01.001.2001 Manuten\u00e7\u00e3o das Atividades da C\u00e2mara Municipal<\/p>\n<p>3.3.90.14 \u2013 Di\u00e1rias \u2013 Civil;<\/p>\n<p>3.3.90.30 \u2013 Material de Consumo;<\/p>\n<p>3.3.90.39 \u2013 Outros servi\u00e7os de Terceiros \u2013 Pessoa Jur\u00eddica;<\/p>\n<p>&nbsp;<\/td>\n<td width=\"113\"><b>R$ 19.518,81<\/b><\/p>\n<p>371,25<\/p>\n<p>10.037,81<\/p>\n<p>9.109,81<\/td>\n<\/tr>\n<\/tbody>\n<\/table>\n<p>&nbsp;<\/p>\n<p><b>Gabinete do Prefeito Municipal de Lajes\/RN, em 16 de dezembro de 2021.<\/b><\/p>\n<p>&nbsp;<\/p>\n<p><b><i>FELIPE FERREIRA DE MENEZES ARA\u00daJO<\/i><\/b><\/p>\n<p>Prefeito Municipal<\/p>\n<\/div>\n<div class=\"pdfprnt-buttons pdfprnt-buttons-post pdfprnt-bottom-right\"><a href=\"https:\/\/lajes.rn.gov.br\/transparente\/index\/wp-json\/wp\/v2\/posts\/27499?print=pdf\" class=\"pdfprnt-button pdfprnt-button-pdf\" target=\"_blank\" ><img decoding=\"async\" src=\"https:\/\/lajes.rn.gov.br\/transparente\/index\/wp-content\/plugins\/pdf-print\/images\/pdf.png\" alt=\"image_pdf\" title=\"Ver PDF\" \/><\/a><a href=\"https:\/\/lajes.rn.gov.br\/transparente\/index\/wp-json\/wp\/v2\/posts\/27499?print=print\" class=\"pdfprnt-button pdfprnt-button-print\" target=\"_blank\" ><img decoding=\"async\" src=\"https:\/\/lajes.rn.gov.br\/transparente\/index\/wp-content\/plugins\/pdf-print\/images\/print.png\" alt=\"image_print\" title=\"Conte\u00fado de impress\u00e3o\" \/><\/a><\/div>","protected":false},"excerpt":{"rendered":"<p>ESTADO DO RIO GRANDE DO NORTE PREFEITURA MUNICIPAL DE LAJES GABINETE DO PREFEITO DECRETO MUNICIPAL N\u00ba 050\/2021 \u2013 GP Disp\u00f5e sobre a abertura de Cr\u00e9dito Adicional Suplementar\/Altera\u00e7\u00e3o de QDD, para refor\u00e7o da dota\u00e7\u00e3o or\u00e7ament\u00e1ria para os fins que especifica e das outras provid\u00eancias. &nbsp; O PREFEITO CONSTITUCIONAL DO MUNIC\u00cdPIO DE LAJES\/RN, no uso de suas [&hellip;]<\/p>\n","protected":false},"author":3,"featured_media":0,"comment_status":"closed","ping_status":"closed","sticky":false,"template":"","format":"standard","meta":{"ocean_post_layout":"","ocean_both_sidebars_style":"","ocean_both_sidebars_content_width":0,"ocean_both_sidebars_sidebars_width":0,"ocean_sidebar":"","ocean_second_sidebar":"","ocean_disable_margins":"enable","ocean_add_body_class":"","ocean_shortcode_before_top_bar":"","ocean_shortcode_after_top_bar":"","ocean_shortcode_before_header":"","ocean_shortcode_after_header":"","ocean_has_shortcode":"","ocean_shortcode_after_title":"","ocean_shortcode_before_footer_widgets":"","ocean_shortcode_after_footer_widgets":"","ocean_shortcode_before_footer_bottom":"","ocean_shortcode_after_footer_bottom":"","ocean_display_top_bar":"default","ocean_display_header":"default","ocean_header_style":"","ocean_center_header_left_menu":"","ocean_custom_header_template":"","ocean_custom_logo":0,"ocean_custom_retina_logo":0,"ocean_custom_logo_max_width":0,"ocean_custom_logo_tablet_max_width":0,"ocean_custom_logo_mobile_max_width":0,"ocean_custom_logo_max_height":0,"ocean_custom_logo_tablet_max_height":0,"ocean_custom_logo_mobile_max_height":0,"ocean_header_custom_menu":"","ocean_menu_typo_font_family":"","ocean_menu_typo_font_subset":"","ocean_menu_typo_font_size":0,"ocean_menu_typo_font_size_tablet":0,"ocean_menu_typo_font_size_mobile":0,"ocean_menu_typo_font_size_unit":"px","ocean_menu_typo_font_weight":"","ocean_menu_typo_font_weight_tablet":"","ocean_menu_typo_font_weight_mobile":"","ocean_menu_typo_transform":"","ocean_menu_typo_transform_tablet":"","ocean_menu_typo_transform_mobile":"","ocean_menu_typo_line_height":0,"ocean_menu_typo_line_height_tablet":0,"ocean_menu_typo_line_height_mobile":0,"ocean_menu_typo_line_height_unit":"","ocean_menu_typo_spacing":0,"ocean_menu_typo_spacing_tablet":0,"ocean_menu_typo_spacing_mobile":0,"ocean_menu_typo_spacing_unit":"","ocean_menu_link_color":"","ocean_menu_link_color_hover":"","ocean_menu_link_color_active":"","ocean_menu_link_background":"","ocean_menu_link_hover_background":"","ocean_menu_link_active_background":"","ocean_menu_social_links_bg":"","ocean_menu_social_hover_links_bg":"","ocean_menu_social_links_color":"","ocean_menu_social_hover_links_color":"","ocean_disable_title":"default","ocean_disable_heading":"default","ocean_post_title":"","ocean_post_subheading":"","ocean_post_title_style":"","ocean_post_title_background_color":"","ocean_post_title_background":0,"ocean_post_title_bg_image_position":"","ocean_post_title_bg_image_attachment":"","ocean_post_title_bg_image_repeat":"","ocean_post_title_bg_image_size":"","ocean_post_title_height":0,"ocean_post_title_bg_overlay":0.5,"ocean_post_title_bg_overlay_color":"","ocean_disable_breadcrumbs":"default","ocean_breadcrumbs_color":"","ocean_breadcrumbs_separator_color":"","ocean_breadcrumbs_links_color":"","ocean_breadcrumbs_links_hover_color":"","ocean_display_footer_widgets":"default","ocean_display_footer_bottom":"default","ocean_custom_footer_template":"","ocean_post_oembed":"","ocean_post_self_hosted_media":"","ocean_post_video_embed":"","ocean_link_format":"","ocean_link_format_target":"self","ocean_quote_format":"","ocean_quote_format_link":"post","ocean_gallery_link_images":"on","ocean_gallery_id":[],"footnotes":""},"categories":[38,42,2],"tags":[],"class_list":["post-27499","post","type-post","status-publish","format-standard","hentry","category-decretos","category-decretos-2021","category-legislacao","entry"],"_links":{"self":[{"href":"https:\/\/lajes.rn.gov.br\/transparente\/index\/wp-json\/wp\/v2\/posts\/27499","targetHints":{"allow":["GET"]}}],"collection":[{"href":"https:\/\/lajes.rn.gov.br\/transparente\/index\/wp-json\/wp\/v2\/posts"}],"about":[{"href":"https:\/\/lajes.rn.gov.br\/transparente\/index\/wp-json\/wp\/v2\/types\/post"}],"author":[{"embeddable":true,"href":"https:\/\/lajes.rn.gov.br\/transparente\/index\/wp-json\/wp\/v2\/users\/3"}],"replies":[{"embeddable":true,"href":"https:\/\/lajes.rn.gov.br\/transparente\/index\/wp-json\/wp\/v2\/comments?post=27499"}],"version-history":[{"count":1,"href":"https:\/\/lajes.rn.gov.br\/transparente\/index\/wp-json\/wp\/v2\/posts\/27499\/revisions"}],"predecessor-version":[{"id":27500,"href":"https:\/\/lajes.rn.gov.br\/transparente\/index\/wp-json\/wp\/v2\/posts\/27499\/revisions\/27500"}],"wp:attachment":[{"href":"https:\/\/lajes.rn.gov.br\/transparente\/index\/wp-json\/wp\/v2\/media?parent=27499"}],"wp:term":[{"taxonomy":"category","embeddable":true,"href":"https:\/\/lajes.rn.gov.br\/transparente\/index\/wp-json\/wp\/v2\/categories?post=27499"},{"taxonomy":"post_tag","embeddable":true,"href":"https:\/\/lajes.rn.gov.br\/transparente\/index\/wp-json\/wp\/v2\/tags?post=27499"}],"curies":[{"name":"wp","href":"https:\/\/api.w.org\/{rel}","templated":true}]}}