{"id":27493,"date":"2021-11-25T11:48:28","date_gmt":"2021-11-25T14:48:28","guid":{"rendered":"https:\/\/lajes.rn.gov.br\/transparente\/index\/?p=27493"},"modified":"2023-04-27T11:49:29","modified_gmt":"2023-04-27T14:49:29","slug":"decreto-municipal-n-046-2021-gp-dispoe-sobre-a-criacao-e-nomeacao-dos-membros-do-comite-de-investimentos-do-fundo-de-previdencia-social-do-municipio-de-lajes-prevlajes-e-da-outras-provide","status":"publish","type":"post","link":"https:\/\/lajes.rn.gov.br\/transparente\/index\/decreto-municipal-n-046-2021-gp-dispoe-sobre-a-criacao-e-nomeacao-dos-membros-do-comite-de-investimentos-do-fundo-de-previdencia-social-do-municipio-de-lajes-prevlajes-e-da-outras-provide\/","title":{"rendered":"DECRETO MUNICIPAL N\u00b0 046\/2021 &#8211; GP &#8211; Disp\u00f5e sobre a cria\u00e7\u00e3o e nomea\u00e7\u00e3o dos membros do Comit\u00ea de Investimentos do Fundo de Previd\u00eancia Social do Munic\u00edpio de Lajes &#8211; PrevLajes, e d\u00e1 outras provid\u00eancias."},"content":{"rendered":"<div id=\"separador\" class=\"cabecalhoEstadoSeparador cabecalhoEstadoSeparador1\">\n<p style=\"text-align: center;\"><strong>ESTADO DO RIO GRANDE DO NORTE<\/strong><br \/>\n<strong>PREFEITURA MUNICIPAL DE LAJES<\/strong><\/p>\n<\/div>\n<p class=\"cabecaorgao\" style=\"text-align: center;\"><strong>GABINETE DO PREFEITO<\/strong><\/p>\n<hr \/>\n<div id=\"materia\" class=\"materia materia20091123 materia1\">\n<p>DECRETO MUNICIPAL N\u00b0 046\/2021 &#8211; GP<\/p>\n<div class=\"mat\">Disp\u00f5e sobre a cria\u00e7\u00e3o e nomea\u00e7\u00e3o dos membros do Comit\u00ea de Investimentos do Fundo de Previd\u00eancia Social do Munic\u00edpio de Lajes &#8211; PrevLajes, e d\u00e1 outras provid\u00eancias.<\/div>\n<p>&nbsp;<\/p>\n<p><b>O PREFEITO MUNICIPAL DE LAJES\/RN<\/b>, no uso de suas atribui\u00e7\u00f5es que lhes s\u00e3o conferidas pela Lei Org\u00e2nica Municipal.<\/p>\n<p>&nbsp;<\/p>\n<p><b>CONSIDERANDO\u00a0<\/b>o disposto na Resolu\u00e7\u00e3o BACEN n\u00ba 3922\/2010, e nas Portarias do Minist\u00e9rio da Previd\u00eancia Social n\u00ba 170 de 25 de abril de 2012 e n\u00ba 440 de 09 de outubro de 2013;<\/p>\n<p>&nbsp;<\/p>\n<p><b>CONSIDERANDO\u00a0<\/b>a necessidade de institui\u00e7\u00e3o do Comit\u00ea de Investimentos que visa auxiliar na gest\u00e3o dos recursos previdenci\u00e1rios do Fundo de Previd\u00eancia Social do Munic\u00edpio de Lajes \u2013 PREVLAJES;<\/p>\n<p>&nbsp;<\/p>\n<p><b>CONSIDERANDO\u00a0<\/b>a necessidade de nomea\u00e7\u00e3o dos membros para a composi\u00e7\u00e3o do Comit\u00ea de Investimentos;<\/p>\n<p>&nbsp;<\/p>\n<p><b><u>DECRETA<\/u>:<\/b><\/p>\n<p>&nbsp;<\/p>\n<p><b>Art. 1\u00ba\u00a0<\/b>&#8211; Passa a compor a organiza\u00e7\u00e3o administrativa do Fundo de Previd\u00eancia Social do Munic\u00edpio de Lajes &#8211; PREVLAJES, o Comit\u00ea de Investimentos com fun\u00e7\u00e3o de auxiliar o processo decis\u00f3rio quanto \u00e0 execu\u00e7\u00e3o da pol\u00edtica de investimentos dos recursos previdenci\u00e1rios.<\/p>\n<p>&nbsp;<\/p>\n<p><b>Art. 2\u00ba<\/b>\u00a0&#8211; Comp\u00f5em o Comit\u00ea de Investimento do Fundo de Previd\u00eancia Social do Munic\u00edpio de Lajes &#8211; PREVLAJES: o Sr. Jos\u00e9 Anchieta dos Santos &#8211; CPF n.\u00ba 359.397.104-68; O Sr. Raimundo Manoel da Silva &#8211; CPF n.\u00ba 807.567.434-00; e, o Sr. Claugean Rafael Marques &#8211; CPF n.\u00ba 045.855.014-01.<\/p>\n<p>&nbsp;<\/p>\n<p>\u00a7 1\u00ba &#8211; Os membros do Comit\u00ea de Investimentos ter\u00e3o mandato de 03 (tr\u00eas) anos, podendo ser renovados por igual per\u00edodo.<\/p>\n<p>\u00a7 2\u00ba &#8211; Fica designado o Sr. Jos\u00e9 Anchieta dos Santos para exercer a fun\u00e7\u00e3o de Presidente do Comit\u00ea de Investimentos do Fundo de Previd\u00eancia Social do Munic\u00edpio de Lajes \u2013 PREVLAJES, durante todo o per\u00edodo de validade do Comit\u00ea.<\/p>\n<p>\u00a7 3\u00ba &#8211; A maioria do Comit\u00ea de Investimentos, pelo menos 02 (dois), depois de terem sido eleitos, necessariamente, dever\u00e3o estar aprovados em exame de certifica\u00e7\u00e3o organizado por entidade aut\u00f4noma de reconhecida capacidade t\u00e9cnica e difus\u00e3o no mercado brasileiro de capitais, conforme artigo 2\u00ba da portaria MPS n\u00ba 170\/2012, com reda\u00e7\u00e3o dada pela Portaria n.\u00ba 440 de 09 de outubro de 2013.<\/p>\n<p>&nbsp;<\/p>\n<p><b>Art. 3\u00ba\u00a0<\/b>&#8211; O Comit\u00ea de Investimentos se reunir\u00e1, pelo menos, tr\u00eas vezes ao ano, cabendo-lhe especificamente realizar estudos quanto \u00e0 destina\u00e7\u00e3o da aplica\u00e7\u00e3o dos recursos previdenci\u00e1rios, de forma a auxiliar os Conselhos Deliberativos na execu\u00e7\u00e3o da pol\u00edtica de investimentos.<\/p>\n<p>&nbsp;<\/p>\n<p>\u00a71\u00ba &#8211; As decis\u00f5es referentes \u00e0 destina\u00e7\u00e3o da aplica\u00e7\u00e3o dos recursos previdenci\u00e1rio dever\u00e3o ser registradas em atas e arquivadas junto \u00e0s demais decis\u00f5es emitidas pelo Conselho Deliberativo.<\/p>\n<p>\u00a72\u00ba &#8211; Os membros do Comit\u00ea de Investimentos, nada perceber\u00e3o pelo desempenho do mandato.<\/p>\n<p>&nbsp;<\/p>\n<p><b>Art. 4\u00ba<\/b>\u00a0&#8211; Este decreto entra em vigor na data de sua publica\u00e7\u00e3o revogando-se as disposi\u00e7\u00f5es em contr\u00e1rio.<\/p>\n<p>&nbsp;<\/p>\n<p>Registre-se, publique-se e cumpra-se;<\/p>\n<p>&nbsp;<\/p>\n<p><b>Lajes\/RN, Pal\u00e1cio Alzira Soriano, aos 25 dias do m\u00eas de novembro de 2021.<\/b><\/p>\n<p>&nbsp;<\/p>\n<p><b><i>FELIPE FERREIRA DE MENEZES ARA\u00daJO<\/i><\/b><\/p>\n<p>Prefeito Municipal<\/p>\n<\/div>\n<div class=\"pdfprnt-buttons pdfprnt-buttons-post pdfprnt-bottom-right\"><a href=\"https:\/\/lajes.rn.gov.br\/transparente\/index\/wp-json\/wp\/v2\/posts\/27493?print=pdf\" class=\"pdfprnt-button pdfprnt-button-pdf\" target=\"_blank\" ><img decoding=\"async\" src=\"https:\/\/lajes.rn.gov.br\/transparente\/index\/wp-content\/plugins\/pdf-print\/images\/pdf.png\" alt=\"image_pdf\" title=\"Ver PDF\" \/><\/a><a href=\"https:\/\/lajes.rn.gov.br\/transparente\/index\/wp-json\/wp\/v2\/posts\/27493?print=print\" class=\"pdfprnt-button pdfprnt-button-print\" target=\"_blank\" ><img decoding=\"async\" src=\"https:\/\/lajes.rn.gov.br\/transparente\/index\/wp-content\/plugins\/pdf-print\/images\/print.png\" alt=\"image_print\" title=\"Conte\u00fado de impress\u00e3o\" \/><\/a><\/div>","protected":false},"excerpt":{"rendered":"<p>ESTADO DO RIO GRANDE DO NORTE PREFEITURA MUNICIPAL DE LAJES GABINETE DO PREFEITO DECRETO MUNICIPAL N\u00b0 046\/2021 &#8211; GP Disp\u00f5e sobre a cria\u00e7\u00e3o e nomea\u00e7\u00e3o dos membros do Comit\u00ea de Investimentos do Fundo de Previd\u00eancia Social do Munic\u00edpio de Lajes &#8211; PrevLajes, e d\u00e1 outras provid\u00eancias. &nbsp; O PREFEITO MUNICIPAL DE LAJES\/RN, no uso de [&hellip;]<\/p>\n","protected":false},"author":3,"featured_media":0,"comment_status":"closed","ping_status":"closed","sticky":false,"template":"","format":"standard","meta":{"ocean_post_layout":"","ocean_both_sidebars_style":"","ocean_both_sidebars_content_width":0,"ocean_both_sidebars_sidebars_width":0,"ocean_sidebar":"","ocean_second_sidebar":"","ocean_disable_margins":"enable","ocean_add_body_class":"","ocean_shortcode_before_top_bar":"","ocean_shortcode_after_top_bar":"","ocean_shortcode_before_header":"","ocean_shortcode_after_header":"","ocean_has_shortcode":"","ocean_shortcode_after_title":"","ocean_shortcode_before_footer_widgets":"","ocean_shortcode_after_footer_widgets":"","ocean_shortcode_before_footer_bottom":"","ocean_shortcode_after_footer_bottom":"","ocean_display_top_bar":"default","ocean_display_header":"default","ocean_header_style":"","ocean_center_header_left_menu":"","ocean_custom_header_template":"","ocean_custom_logo":0,"ocean_custom_retina_logo":0,"ocean_custom_logo_max_width":0,"ocean_custom_logo_tablet_max_width":0,"ocean_custom_logo_mobile_max_width":0,"ocean_custom_logo_max_height":0,"ocean_custom_logo_tablet_max_height":0,"ocean_custom_logo_mobile_max_height":0,"ocean_header_custom_menu":"","ocean_menu_typo_font_family":"","ocean_menu_typo_font_subset":"","ocean_menu_typo_font_size":0,"ocean_menu_typo_font_size_tablet":0,"ocean_menu_typo_font_size_mobile":0,"ocean_menu_typo_font_size_unit":"px","ocean_menu_typo_font_weight":"","ocean_menu_typo_font_weight_tablet":"","ocean_menu_typo_font_weight_mobile":"","ocean_menu_typo_transform":"","ocean_menu_typo_transform_tablet":"","ocean_menu_typo_transform_mobile":"","ocean_menu_typo_line_height":0,"ocean_menu_typo_line_height_tablet":0,"ocean_menu_typo_line_height_mobile":0,"ocean_menu_typo_line_height_unit":"","ocean_menu_typo_spacing":0,"ocean_menu_typo_spacing_tablet":0,"ocean_menu_typo_spacing_mobile":0,"ocean_menu_typo_spacing_unit":"","ocean_menu_link_color":"","ocean_menu_link_color_hover":"","ocean_menu_link_color_active":"","ocean_menu_link_background":"","ocean_menu_link_hover_background":"","ocean_menu_link_active_background":"","ocean_menu_social_links_bg":"","ocean_menu_social_hover_links_bg":"","ocean_menu_social_links_color":"","ocean_menu_social_hover_links_color":"","ocean_disable_title":"default","ocean_disable_heading":"default","ocean_post_title":"","ocean_post_subheading":"","ocean_post_title_style":"","ocean_post_title_background_color":"","ocean_post_title_background":0,"ocean_post_title_bg_image_position":"","ocean_post_title_bg_image_attachment":"","ocean_post_title_bg_image_repeat":"","ocean_post_title_bg_image_size":"","ocean_post_title_height":0,"ocean_post_title_bg_overlay":0.5,"ocean_post_title_bg_overlay_color":"","ocean_disable_breadcrumbs":"default","ocean_breadcrumbs_color":"","ocean_breadcrumbs_separator_color":"","ocean_breadcrumbs_links_color":"","ocean_breadcrumbs_links_hover_color":"","ocean_display_footer_widgets":"default","ocean_display_footer_bottom":"default","ocean_custom_footer_template":"","ocean_post_oembed":"","ocean_post_self_hosted_media":"","ocean_post_video_embed":"","ocean_link_format":"","ocean_link_format_target":"self","ocean_quote_format":"","ocean_quote_format_link":"post","ocean_gallery_link_images":"on","ocean_gallery_id":[],"footnotes":""},"categories":[38,42,2],"tags":[],"class_list":["post-27493","post","type-post","status-publish","format-standard","hentry","category-decretos","category-decretos-2021","category-legislacao","entry"],"_links":{"self":[{"href":"https:\/\/lajes.rn.gov.br\/transparente\/index\/wp-json\/wp\/v2\/posts\/27493","targetHints":{"allow":["GET"]}}],"collection":[{"href":"https:\/\/lajes.rn.gov.br\/transparente\/index\/wp-json\/wp\/v2\/posts"}],"about":[{"href":"https:\/\/lajes.rn.gov.br\/transparente\/index\/wp-json\/wp\/v2\/types\/post"}],"author":[{"embeddable":true,"href":"https:\/\/lajes.rn.gov.br\/transparente\/index\/wp-json\/wp\/v2\/users\/3"}],"replies":[{"embeddable":true,"href":"https:\/\/lajes.rn.gov.br\/transparente\/index\/wp-json\/wp\/v2\/comments?post=27493"}],"version-history":[{"count":1,"href":"https:\/\/lajes.rn.gov.br\/transparente\/index\/wp-json\/wp\/v2\/posts\/27493\/revisions"}],"predecessor-version":[{"id":27494,"href":"https:\/\/lajes.rn.gov.br\/transparente\/index\/wp-json\/wp\/v2\/posts\/27493\/revisions\/27494"}],"wp:attachment":[{"href":"https:\/\/lajes.rn.gov.br\/transparente\/index\/wp-json\/wp\/v2\/media?parent=27493"}],"wp:term":[{"taxonomy":"category","embeddable":true,"href":"https:\/\/lajes.rn.gov.br\/transparente\/index\/wp-json\/wp\/v2\/categories?post=27493"},{"taxonomy":"post_tag","embeddable":true,"href":"https:\/\/lajes.rn.gov.br\/transparente\/index\/wp-json\/wp\/v2\/tags?post=27493"}],"curies":[{"name":"wp","href":"https:\/\/api.w.org\/{rel}","templated":true}]}}