{"id":27483,"date":"2021-10-08T11:36:56","date_gmt":"2021-10-08T14:36:56","guid":{"rendered":"https:\/\/lajes.rn.gov.br\/transparente\/index\/?p=27483"},"modified":"2023-04-27T11:38:12","modified_gmt":"2023-04-27T14:38:12","slug":"decreto-municipal-n-041-2021-gp-cria-e-regulamenta-o-nucleo-municipal-de-regularizacao-fundiaria-no-municipio-de-lajes-outras-providencias","status":"publish","type":"post","link":"https:\/\/lajes.rn.gov.br\/transparente\/index\/decreto-municipal-n-041-2021-gp-cria-e-regulamenta-o-nucleo-municipal-de-regularizacao-fundiaria-no-municipio-de-lajes-outras-providencias\/","title":{"rendered":"DECRETO MUNICIPAL N\u00b0 041\/2021 \u2013 GP &#8211; Cria e regulamenta o n\u00facleo municipal de regulariza\u00e7\u00e3o fundi\u00e1ria no munic\u00edpio de lajes outras provid\u00eancias."},"content":{"rendered":"<div id=\"separador\" class=\"cabecalhoEstadoSeparador cabecalhoEstadoSeparador1\">\n<p style=\"text-align: center;\"><strong>ESTADO DO RIO GRANDE DO NORTE<\/strong><br \/>\n<strong>PREFEITURA MUNICIPAL DE LAJES<\/strong><\/p>\n<\/div>\n<p class=\"cabecaorgao\" style=\"text-align: center;\"><strong>GABINETE DO PREFEITO<\/strong><\/p>\n<hr \/>\n<div id=\"materia\" class=\"materia materia20091123 materia1\">\n<p>DECRETO MUNICIPAL N\u00b0 041\/2021 \u2013 GP<\/p>\n<div class=\"mat\"><i>Cria e regulamenta o n\u00facleo municipal de regulariza\u00e7\u00e3o fundi\u00e1ria no munic\u00edpio de lajes outras provid\u00eancias.<\/i><\/div>\n<p>&nbsp;<\/p>\n<p><b>O PREFEITO MUNICIPAL DE LAJES\/RN<\/b>, no uso de suas atribui\u00e7\u00f5es que lhes s\u00e3o conferidas pela Lei Org\u00e2nica Municipal;<\/p>\n<p>&nbsp;<\/p>\n<p><b>CONSIDERANDO<\/b>\u00a0o Acordo de Coopera\u00e7\u00e3o T\u00e9cnica n\u00ba 1860\/2021 processo n\u00b0 54000.040624\/2021-21, celebrado entre o Instituto Nacional de Coloniza\u00e7\u00e3o e Reforma Agr\u00e1ria &#8211; INCRA e o Munic\u00edpio de Lajes\/RN,<\/p>\n<p>&nbsp;<\/p>\n<p><u><b>DECRETA<\/b><\/u><b>:<\/b><\/p>\n<p>&nbsp;<\/p>\n<p><b>Art. 1\u00b0\u00a0<\/b>Fica criado o N\u00facleo Municipal de Regulariza\u00e7\u00e3o Fundi\u00e1ria &#8211; NMRF no Munic\u00edpio de Lajes o qual tem por objetivo:<\/p>\n<p>&nbsp;<\/p>\n<p>I &#8211; Ampliar a regulariza\u00e7\u00e3o e a titula\u00e7\u00e3o nos projetos de reforma agr\u00e1ria do Incra ou terras p\u00fablicas federais sob dom\u00ednio da Uni\u00e3o ou do Incra pass\u00edveis de regulariza\u00e7\u00e3o fundi\u00e1ria;<\/p>\n<p>II &#8211; Expandir a capacidade operacional da pol\u00edtica p\u00fablica de regulariza\u00e7\u00e3o fundi\u00e1ria e de titula\u00e7\u00e3o;<\/p>\n<p>III &#8211; Agilizar processos, garantir seguran\u00e7a jur\u00eddica, reduzir custos operacionais e, ainda, gerar maior efici\u00eancia e celeridade aos procedimentos de regulariza\u00e7\u00e3o fundi\u00e1ria e titula\u00e7\u00e3o;<\/p>\n<p>IV &#8211; Reduzir o acervo de processos de regulariza\u00e7\u00e3o fundi\u00e1ria e titula\u00e7\u00e3o pendentes de an\u00e1lise;<\/p>\n<p>V &#8211; Auxiliar na supervis\u00e3o dos ocupantes em projetos cooperativos de assentamento; e.<\/p>\n<p>VI &#8211; Fomentar boas pr\u00e1ticas no federalismo cooperativo.<\/p>\n<p>&nbsp;<\/p>\n<p><b>Art. 2\u00b0\u00a0<\/b>O N\u00facleo Municipal de Regulariza\u00e7\u00e3o Fundi\u00e1ria &#8211; NMRF ser\u00e1 administrado por uma Comiss\u00e3o Municipal, composta por servidores efetivos, como tamb\u00e9m por funcion\u00e1rios de cargo comissionados.<\/p>\n<p>&nbsp;<\/p>\n<p><b>\u00a7 1\u00ba &#8211;\u00a0<\/b>Os membros da Comiss\u00e3o do N\u00facleo Municipal de Regulariza\u00e7\u00e3o Fundi\u00e1ria ser\u00e3o nomeados pelo Chefe do Poder Executivo atrav\u00e9s de Portaria.<\/p>\n<p>&nbsp;<\/p>\n<p><b>\u00a7 2\u00ba &#8211;\u00a0<\/b>A Comiss\u00e3o do N\u00facleo Municipal de Regulariza\u00e7\u00e3o Fundi\u00e1ria &#8211; NMRF desempenhar\u00e1 suas fun\u00e7\u00f5es junto a Secretaria Municipal de Agricultura e Meio Ambiente.<\/p>\n<p>&nbsp;<\/p>\n<p><b>Art. 3\u00b0\u00a0<\/b>Competem \u00e0 Comiss\u00e3o do N\u00facleo Municipal de Regulariza\u00e7\u00e3o Fundi\u00e1ria as seguintes atribui\u00e7\u00f5es:<\/p>\n<p>&nbsp;<\/p>\n<p>I &#8211; Atender os benefici\u00e1rios da reforma agr\u00e1ria e da regulariza\u00e7\u00e3o fundi\u00e1ria, em rela\u00e7\u00e3o aos objetivos desta Instru\u00e7\u00e3o;<\/p>\n<p>II &#8211; Apoiar o lNCRA na organiza\u00e7\u00e3o de a\u00e7\u00f5es de regulariza\u00e7\u00e3o e titula\u00e7\u00e3o no munic\u00edpio;<\/p>\n<p>III &#8211; coletar requerimentos, declara\u00e7\u00f5es e documentos afetos aos procedimentos de regulariza\u00e7\u00e3o e de titula\u00e7\u00e3o, e inseridos nas solu\u00e7\u00f5es de Tecnologias da Informa\u00e7\u00e3o e Comunica\u00e7\u00e3o \u2013 TIC do INCRA;<\/p>\n<p>IV &#8211; Instruir processos de regulariza\u00e7\u00e3o fundi\u00e1ria e titula\u00e7\u00e3o de projetos de reforma agr\u00e1ria do INCRA ou terras p\u00fablicas federais sob dom\u00ednio da Uni\u00e3o ou do INCRA pass\u00edveis de regulariza\u00e7\u00e3o fundi\u00e1ria, at\u00e9 a etapa antecedente \u00e0 fase decis\u00f3ria pelo INCRA;<\/p>\n<p>V &#8211; Realizar vistorias indicadas pelo INCRA nas \u00e1reas pass\u00edveis de regulariza\u00e7\u00e3o, por meio de profissionais habilitados, conforme especificado no Manual de Planejamento e Fiscaliza\u00e7\u00e3o e no Regulamento Operacional; e<\/p>\n<p>VI &#8211; Coletar as assinaturas dos benefici\u00e1rios nos contratos e nos t\u00edtulos de dom\u00ednio e inserir nos processos do INCRA.<\/p>\n<p>&nbsp;<\/p>\n<p><b>Par\u00e1grafo \u00fanico.<\/b>\u00a0O NMRF poder\u00e1 realizar georreferenciamento de glebas federais de ocupa\u00e7\u00f5es incidentes em \u00e1reas rurais de propriedade da Uni\u00e3o e do INCRA e de projetos de assentamento criados pela autarquia agr\u00e1ria, nos termos da norma vigente.<\/p>\n<p>&nbsp;<\/p>\n<p><b>Art. 4\u00b0\u00a0<\/b>A presta\u00e7\u00e3o de servi\u00e7o da comiss\u00e3o institu\u00edda por este Decreto ser\u00e1 priorit\u00e1ria, de relevante interesse p\u00fablico e n\u00e3o remunerada.<\/p>\n<p>&nbsp;<\/p>\n<p><b>Art. 5\u00b0\u00a0<\/b>Compete ao INCRA, nos termos do Acordo de Coopera\u00e7\u00e3o T\u00e9cnica n\u00b0 1860\/2021 anexo a este Decreto, para a execu\u00e7\u00e3o de atividades previstas no Programa Titula Brasil, as seguintes obriga\u00e7\u00f5es<\/p>\n<p>&nbsp;<\/p>\n<p>I &#8211; Coordenar, orientar, supervisionar e avaliar os resultados dos servi\u00e7os do NMRF;<\/p>\n<p>II &#8211; Capacitar e habilitar os integrantes do NMRF;<\/p>\n<p>III &#8211; fornecer aos integrantes capacitados do NMRF perfis adequados de acesso \u00e0s solu\u00e7\u00f5es de Tecnologias da Informa\u00e7\u00e3o e Comunica\u00e7\u00e3o &#8211; TIC do INCRA, mediante a assinatura de termos de responsabilidade;<\/p>\n<p>IV &#8211; Disponibilizar ao munic\u00edpio, sem \u00f4nus, o material padronizado relativo \u00e0s atividades executadas pelo NMRF no \u00e2mbito do Programa Titula Brasil;<\/p>\n<p>V &#8211; Indicar as \u00e1reas pass\u00edveis de regulariza\u00e7\u00e3o fundi\u00e1ria e titula\u00e7\u00e3o em projetos de reforma agr\u00e1ria ou terras p\u00fablicas federais sob dom\u00ednio da Uni\u00e3o ou do INCRA;<\/p>\n<p>VI &#8211; Disponibilizar e manter sistemas informatizados para a execu\u00e7\u00e3o do Programa Titula Brasil; e<\/p>\n<p>VII &#8211; emitir e expedir, com exclusividade, os documentos de titula\u00e7\u00e3o.<\/p>\n<p>&nbsp;<\/p>\n<p><b>Art. 6\u00b0<\/b>\u00a0Os trabalhos do NMRF ser\u00e3o regidos pela Lei n\u00b0 11.952, de 25 de junho de 2009, Decreto n\u00b0 10.592, de 24 de dezembro de 2020, Lei n\u00b0 8.629, de 25 de fevereiro de 1993, Decreto n\u00b0 9.311, de 15 de mar\u00e7o de 2018, e demais normativos regulamentadores.<\/p>\n<p>&nbsp;<\/p>\n<p><b>Art. 7\u00ba &#8211;\u00a0<\/b>Este Decreto entra em vigor na data de sua publica\u00e7\u00e3o, revogada as disposi\u00e7\u00f5es em contr\u00e1rio.<\/p>\n<p>&nbsp;<\/p>\n<p><b>Gabinete do Prefeito Municipal de Lajes\/RN, em 08 de outubro de 2021.<\/b><\/p>\n<p>&nbsp;<\/p>\n<p><b><i>FELIPE FERREIRA DE MENEZES ARA\u00daJO<\/i><\/b><\/p>\n<p>Prefeito Municipal<\/p>\n<\/div>\n<div class=\"pdfprnt-buttons pdfprnt-buttons-post pdfprnt-bottom-right\"><a href=\"https:\/\/lajes.rn.gov.br\/transparente\/index\/wp-json\/wp\/v2\/posts\/27483?print=pdf\" class=\"pdfprnt-button pdfprnt-button-pdf\" target=\"_blank\" ><img decoding=\"async\" src=\"https:\/\/lajes.rn.gov.br\/transparente\/index\/wp-content\/plugins\/pdf-print\/images\/pdf.png\" alt=\"image_pdf\" title=\"Ver PDF\" \/><\/a><a href=\"https:\/\/lajes.rn.gov.br\/transparente\/index\/wp-json\/wp\/v2\/posts\/27483?print=print\" class=\"pdfprnt-button pdfprnt-button-print\" target=\"_blank\" ><img decoding=\"async\" src=\"https:\/\/lajes.rn.gov.br\/transparente\/index\/wp-content\/plugins\/pdf-print\/images\/print.png\" alt=\"image_print\" title=\"Conte\u00fado de impress\u00e3o\" \/><\/a><\/div>","protected":false},"excerpt":{"rendered":"<p>ESTADO DO RIO GRANDE DO NORTE PREFEITURA MUNICIPAL DE LAJES GABINETE DO PREFEITO DECRETO MUNICIPAL N\u00b0 041\/2021 \u2013 GP Cria e regulamenta o n\u00facleo municipal de regulariza\u00e7\u00e3o fundi\u00e1ria no munic\u00edpio de lajes outras provid\u00eancias. &nbsp; O PREFEITO MUNICIPAL DE LAJES\/RN, no uso de suas atribui\u00e7\u00f5es que lhes s\u00e3o conferidas pela Lei Org\u00e2nica Municipal; &nbsp; CONSIDERANDO\u00a0o [&hellip;]<\/p>\n","protected":false},"author":3,"featured_media":0,"comment_status":"closed","ping_status":"closed","sticky":false,"template":"","format":"standard","meta":{"ocean_post_layout":"","ocean_both_sidebars_style":"","ocean_both_sidebars_content_width":0,"ocean_both_sidebars_sidebars_width":0,"ocean_sidebar":"","ocean_second_sidebar":"","ocean_disable_margins":"enable","ocean_add_body_class":"","ocean_shortcode_before_top_bar":"","ocean_shortcode_after_top_bar":"","ocean_shortcode_before_header":"","ocean_shortcode_after_header":"","ocean_has_shortcode":"","ocean_shortcode_after_title":"","ocean_shortcode_before_footer_widgets":"","ocean_shortcode_after_footer_widgets":"","ocean_shortcode_before_footer_bottom":"","ocean_shortcode_after_footer_bottom":"","ocean_display_top_bar":"default","ocean_display_header":"default","ocean_header_style":"","ocean_center_header_left_menu":"","ocean_custom_header_template":"","ocean_custom_logo":0,"ocean_custom_retina_logo":0,"ocean_custom_logo_max_width":0,"ocean_custom_logo_tablet_max_width":0,"ocean_custom_logo_mobile_max_width":0,"ocean_custom_logo_max_height":0,"ocean_custom_logo_tablet_max_height":0,"ocean_custom_logo_mobile_max_height":0,"ocean_header_custom_menu":"","ocean_menu_typo_font_family":"","ocean_menu_typo_font_subset":"","ocean_menu_typo_font_size":0,"ocean_menu_typo_font_size_tablet":0,"ocean_menu_typo_font_size_mobile":0,"ocean_menu_typo_font_size_unit":"px","ocean_menu_typo_font_weight":"","ocean_menu_typo_font_weight_tablet":"","ocean_menu_typo_font_weight_mobile":"","ocean_menu_typo_transform":"","ocean_menu_typo_transform_tablet":"","ocean_menu_typo_transform_mobile":"","ocean_menu_typo_line_height":0,"ocean_menu_typo_line_height_tablet":0,"ocean_menu_typo_line_height_mobile":0,"ocean_menu_typo_line_height_unit":"","ocean_menu_typo_spacing":0,"ocean_menu_typo_spacing_tablet":0,"ocean_menu_typo_spacing_mobile":0,"ocean_menu_typo_spacing_unit":"","ocean_menu_link_color":"","ocean_menu_link_color_hover":"","ocean_menu_link_color_active":"","ocean_menu_link_background":"","ocean_menu_link_hover_background":"","ocean_menu_link_active_background":"","ocean_menu_social_links_bg":"","ocean_menu_social_hover_links_bg":"","ocean_menu_social_links_color":"","ocean_menu_social_hover_links_color":"","ocean_disable_title":"default","ocean_disable_heading":"default","ocean_post_title":"","ocean_post_subheading":"","ocean_post_title_style":"","ocean_post_title_background_color":"","ocean_post_title_background":0,"ocean_post_title_bg_image_position":"","ocean_post_title_bg_image_attachment":"","ocean_post_title_bg_image_repeat":"","ocean_post_title_bg_image_size":"","ocean_post_title_height":0,"ocean_post_title_bg_overlay":0.5,"ocean_post_title_bg_overlay_color":"","ocean_disable_breadcrumbs":"default","ocean_breadcrumbs_color":"","ocean_breadcrumbs_separator_color":"","ocean_breadcrumbs_links_color":"","ocean_breadcrumbs_links_hover_color":"","ocean_display_footer_widgets":"default","ocean_display_footer_bottom":"default","ocean_custom_footer_template":"","ocean_post_oembed":"","ocean_post_self_hosted_media":"","ocean_post_video_embed":"","ocean_link_format":"","ocean_link_format_target":"self","ocean_quote_format":"","ocean_quote_format_link":"post","ocean_gallery_link_images":"on","ocean_gallery_id":[],"footnotes":""},"categories":[38,42,2],"tags":[],"class_list":["post-27483","post","type-post","status-publish","format-standard","hentry","category-decretos","category-decretos-2021","category-legislacao","entry"],"_links":{"self":[{"href":"https:\/\/lajes.rn.gov.br\/transparente\/index\/wp-json\/wp\/v2\/posts\/27483","targetHints":{"allow":["GET"]}}],"collection":[{"href":"https:\/\/lajes.rn.gov.br\/transparente\/index\/wp-json\/wp\/v2\/posts"}],"about":[{"href":"https:\/\/lajes.rn.gov.br\/transparente\/index\/wp-json\/wp\/v2\/types\/post"}],"author":[{"embeddable":true,"href":"https:\/\/lajes.rn.gov.br\/transparente\/index\/wp-json\/wp\/v2\/users\/3"}],"replies":[{"embeddable":true,"href":"https:\/\/lajes.rn.gov.br\/transparente\/index\/wp-json\/wp\/v2\/comments?post=27483"}],"version-history":[{"count":1,"href":"https:\/\/lajes.rn.gov.br\/transparente\/index\/wp-json\/wp\/v2\/posts\/27483\/revisions"}],"predecessor-version":[{"id":27484,"href":"https:\/\/lajes.rn.gov.br\/transparente\/index\/wp-json\/wp\/v2\/posts\/27483\/revisions\/27484"}],"wp:attachment":[{"href":"https:\/\/lajes.rn.gov.br\/transparente\/index\/wp-json\/wp\/v2\/media?parent=27483"}],"wp:term":[{"taxonomy":"category","embeddable":true,"href":"https:\/\/lajes.rn.gov.br\/transparente\/index\/wp-json\/wp\/v2\/categories?post=27483"},{"taxonomy":"post_tag","embeddable":true,"href":"https:\/\/lajes.rn.gov.br\/transparente\/index\/wp-json\/wp\/v2\/tags?post=27483"}],"curies":[{"name":"wp","href":"https:\/\/api.w.org\/{rel}","templated":true}]}}