{"id":27452,"date":"2021-06-07T11:09:51","date_gmt":"2021-06-07T14:09:51","guid":{"rendered":"https:\/\/lajes.rn.gov.br\/transparente\/index\/?p=27452"},"modified":"2023-04-27T11:11:14","modified_gmt":"2023-04-27T14:11:14","slug":"decreto-municipal-n-024-2021-gp-dispoe-sobre-normas-para-o-enfretamento-da-pandemia-do-covid-19-no-ambito-municipal-e-da-outras-providencias","status":"publish","type":"post","link":"https:\/\/lajes.rn.gov.br\/transparente\/index\/decreto-municipal-n-024-2021-gp-dispoe-sobre-normas-para-o-enfretamento-da-pandemia-do-covid-19-no-ambito-municipal-e-da-outras-providencias\/","title":{"rendered":"DECRETO MUNICIPAL N\u00b0 024\/2021 &#8211; GP &#8211; Disp\u00f5e sobre normas para o enfretamento da Pandemia do COVID-19 no \u00e2mbito municipal, e da outras provid\u00eancias."},"content":{"rendered":"<div id=\"separador\" class=\"cabecalhoEstadoSeparador cabecalhoEstadoSeparador1\">\n<p style=\"text-align: center;\"><strong>ESTADO DO RIO GRANDE DO NORTE<\/strong><br \/>\n<strong>PREFEITURA MUNICIPAL DE LAJES<\/strong><\/p>\n<\/div>\n<p class=\"cabecaorgao\" style=\"text-align: center;\"><strong>GABINETE DO PREFEITO<\/strong><\/p>\n<hr \/>\n<div id=\"materia\" class=\"materia materia20091123 materia1\">\n<p>DECRETO MUNICIPAL N\u00b0 024\/2021 &#8211; GP<\/p>\n<div class=\"mat\"><em>Disp\u00f5e sobre normas para o enfretamento da Pandemia do COVID-19 no \u00e2mbito municipal, e da outras provid\u00eancias.<\/em><\/div>\n<p>&nbsp;<\/p>\n<p><b>O PREFEITO CONSTITUCIONAL DO MUNIC\u00cdPIO DE LAJES\/RN<\/b>, no uso das atribui\u00e7\u00f5es que lhes s\u00e3o conferidas pela Lei Org\u00e2nica Municipal resolve decretar;<\/p>\n<p>&nbsp;<\/p>\n<p><b>CONSIDERANDO\u00a0<\/b>a vig\u00eancia do Decreto Municipal N\u00ba 021\/2021;<\/p>\n<p>&nbsp;<\/p>\n<p><b>CONSIDERANDO\u00a0<\/b>a vig\u00eancia do Decreto Estadual N\u00ba 30.606\/2021 que estabeleceu regras de enfrentamento a Pandemia do COVID-19 nas Regi\u00f5es Central e Vale do A\u00e7u;<\/p>\n<p>&nbsp;<\/p>\n<p><b>Art. 1\u00ba.\u00a0<\/b>Em conformidade com as regras previstas no Decreto Municipal N\u00ba 021\/2021 o c\u00e1lculo dos \u00faltimos 14 dias resultou na m\u00e9dia maior que 80 por essa raz\u00e3o fica restabelecida a\u00a0<b>FASE VERMELHA &#8211;\u00a0<\/b><b>LOCKDOWN<\/b><b>\u00a0<\/b>no Munic\u00edpio de Lajes\/RN entre os dias 07\/06\/2021 e 20\/06\/2021;<\/p>\n<p>&nbsp;<\/p>\n<p><b>Art. 2\u00ba.\u00a0<\/b>Fica adicionado o inciso XI ao Par\u00e1grafo \u00a72\u00ba do Artigo 8\u00ba do Decreto Municipal N\u00ba 021\/2021, com a seguinte reda\u00e7\u00e3o:<\/p>\n<p>&nbsp;<\/p>\n<p><em>&#8220;XI \u2013 Supermercados, mercadinhos e similares;&#8221;<\/em><\/p>\n<p>&nbsp;<\/p>\n<p><b>Art. 3\u00ba.\u00a0<\/b>O Artigo 17\u00ba passa a constar com a seguinte reda\u00e7\u00e3o:<\/p>\n<p>&nbsp;<\/p>\n<p><em>&#8220;Art. 17\u00ba. A Feira Livre poder\u00e1 funcionar de forma restrita aos feirantes do Munic\u00edpio, sobre r\u00edgido controle; fica proibida a abertura do Centro Comercial Marcelo Montoril \u2013 Mercado P\u00fablico, exceto o a\u00e7ougue e os restaurantes, sendo permitido aos restaurantes o funcionamento apenas por delivery, respeitando-se todas regras previstas neste Decreto;&#8221;<\/em><\/p>\n<p>&nbsp;<\/p>\n<p><b>Art. 4\u00ba.\u00a0<\/b>Fica proibido o acendimento de fogueiras no Munic\u00edpio de Lajes\/RN;<\/p>\n<p>&nbsp;<\/p>\n<p><b>Art. 5\u00ba.\u00a0<\/b>Este Decreto entra em vigor na data de sua publica\u00e7\u00e3o, revogada as disposi\u00e7\u00f5es em contr\u00e1rio;<\/p>\n<p>&nbsp;<\/p>\n<p>Registre-se, publique-se e cumpra-se;<\/p>\n<p>&nbsp;<\/p>\n<p><b>Gabinete do Prefeito Municipal de Lajes\/RN, em 07 de junho de 2021.<\/b><\/p>\n<p>&nbsp;<\/p>\n<p><b><i>FELIPE FERREIRA DE MENEZES ARA\u00daJO<\/i><\/b><\/p>\n<p>Prefeito Municipal<\/p>\n<\/div>\n<div class=\"pdfprnt-buttons pdfprnt-buttons-post pdfprnt-bottom-right\"><a href=\"https:\/\/lajes.rn.gov.br\/transparente\/index\/wp-json\/wp\/v2\/posts\/27452?print=pdf\" class=\"pdfprnt-button pdfprnt-button-pdf\" target=\"_blank\" ><img decoding=\"async\" src=\"https:\/\/lajes.rn.gov.br\/transparente\/index\/wp-content\/plugins\/pdf-print\/images\/pdf.png\" alt=\"image_pdf\" title=\"Ver PDF\" \/><\/a><a href=\"https:\/\/lajes.rn.gov.br\/transparente\/index\/wp-json\/wp\/v2\/posts\/27452?print=print\" class=\"pdfprnt-button pdfprnt-button-print\" target=\"_blank\" ><img decoding=\"async\" src=\"https:\/\/lajes.rn.gov.br\/transparente\/index\/wp-content\/plugins\/pdf-print\/images\/print.png\" alt=\"image_print\" title=\"Conte\u00fado de impress\u00e3o\" \/><\/a><\/div>","protected":false},"excerpt":{"rendered":"<p>ESTADO DO RIO GRANDE DO NORTE PREFEITURA MUNICIPAL DE LAJES GABINETE DO PREFEITO DECRETO MUNICIPAL N\u00b0 024\/2021 &#8211; GP Disp\u00f5e sobre normas para o enfretamento da Pandemia do COVID-19 no \u00e2mbito municipal, e da outras provid\u00eancias. &nbsp; O PREFEITO CONSTITUCIONAL DO MUNIC\u00cdPIO DE LAJES\/RN, no uso das atribui\u00e7\u00f5es que lhes s\u00e3o conferidas pela Lei Org\u00e2nica [&hellip;]<\/p>\n","protected":false},"author":3,"featured_media":0,"comment_status":"closed","ping_status":"closed","sticky":false,"template":"","format":"standard","meta":{"ocean_post_layout":"","ocean_both_sidebars_style":"","ocean_both_sidebars_content_width":0,"ocean_both_sidebars_sidebars_width":0,"ocean_sidebar":"","ocean_second_sidebar":"","ocean_disable_margins":"enable","ocean_add_body_class":"","ocean_shortcode_before_top_bar":"","ocean_shortcode_after_top_bar":"","ocean_shortcode_before_header":"","ocean_shortcode_after_header":"","ocean_has_shortcode":"","ocean_shortcode_after_title":"","ocean_shortcode_before_footer_widgets":"","ocean_shortcode_after_footer_widgets":"","ocean_shortcode_before_footer_bottom":"","ocean_shortcode_after_footer_bottom":"","ocean_display_top_bar":"default","ocean_display_header":"default","ocean_header_style":"","ocean_center_header_left_menu":"","ocean_custom_header_template":"","ocean_custom_logo":0,"ocean_custom_retina_logo":0,"ocean_custom_logo_max_width":0,"ocean_custom_logo_tablet_max_width":0,"ocean_custom_logo_mobile_max_width":0,"ocean_custom_logo_max_height":0,"ocean_custom_logo_tablet_max_height":0,"ocean_custom_logo_mobile_max_height":0,"ocean_header_custom_menu":"","ocean_menu_typo_font_family":"","ocean_menu_typo_font_subset":"","ocean_menu_typo_font_size":0,"ocean_menu_typo_font_size_tablet":0,"ocean_menu_typo_font_size_mobile":0,"ocean_menu_typo_font_size_unit":"px","ocean_menu_typo_font_weight":"","ocean_menu_typo_font_weight_tablet":"","ocean_menu_typo_font_weight_mobile":"","ocean_menu_typo_transform":"","ocean_menu_typo_transform_tablet":"","ocean_menu_typo_transform_mobile":"","ocean_menu_typo_line_height":0,"ocean_menu_typo_line_height_tablet":0,"ocean_menu_typo_line_height_mobile":0,"ocean_menu_typo_line_height_unit":"","ocean_menu_typo_spacing":0,"ocean_menu_typo_spacing_tablet":0,"ocean_menu_typo_spacing_mobile":0,"ocean_menu_typo_spacing_unit":"","ocean_menu_link_color":"","ocean_menu_link_color_hover":"","ocean_menu_link_color_active":"","ocean_menu_link_background":"","ocean_menu_link_hover_background":"","ocean_menu_link_active_background":"","ocean_menu_social_links_bg":"","ocean_menu_social_hover_links_bg":"","ocean_menu_social_links_color":"","ocean_menu_social_hover_links_color":"","ocean_disable_title":"default","ocean_disable_heading":"default","ocean_post_title":"","ocean_post_subheading":"","ocean_post_title_style":"","ocean_post_title_background_color":"","ocean_post_title_background":0,"ocean_post_title_bg_image_position":"","ocean_post_title_bg_image_attachment":"","ocean_post_title_bg_image_repeat":"","ocean_post_title_bg_image_size":"","ocean_post_title_height":0,"ocean_post_title_bg_overlay":0.5,"ocean_post_title_bg_overlay_color":"","ocean_disable_breadcrumbs":"default","ocean_breadcrumbs_color":"","ocean_breadcrumbs_separator_color":"","ocean_breadcrumbs_links_color":"","ocean_breadcrumbs_links_hover_color":"","ocean_display_footer_widgets":"default","ocean_display_footer_bottom":"default","ocean_custom_footer_template":"","ocean_post_oembed":"","ocean_post_self_hosted_media":"","ocean_post_video_embed":"","ocean_link_format":"","ocean_link_format_target":"self","ocean_quote_format":"","ocean_quote_format_link":"post","ocean_gallery_link_images":"on","ocean_gallery_id":[],"footnotes":""},"categories":[12,38,42,2,73],"tags":[],"class_list":["post-27452","post","type-post","status-publish","format-standard","hentry","category-covid-19","category-decretos","category-decretos-2021","category-legislacao","category-legislacao-covid-19","entry"],"_links":{"self":[{"href":"https:\/\/lajes.rn.gov.br\/transparente\/index\/wp-json\/wp\/v2\/posts\/27452","targetHints":{"allow":["GET"]}}],"collection":[{"href":"https:\/\/lajes.rn.gov.br\/transparente\/index\/wp-json\/wp\/v2\/posts"}],"about":[{"href":"https:\/\/lajes.rn.gov.br\/transparente\/index\/wp-json\/wp\/v2\/types\/post"}],"author":[{"embeddable":true,"href":"https:\/\/lajes.rn.gov.br\/transparente\/index\/wp-json\/wp\/v2\/users\/3"}],"replies":[{"embeddable":true,"href":"https:\/\/lajes.rn.gov.br\/transparente\/index\/wp-json\/wp\/v2\/comments?post=27452"}],"version-history":[{"count":2,"href":"https:\/\/lajes.rn.gov.br\/transparente\/index\/wp-json\/wp\/v2\/posts\/27452\/revisions"}],"predecessor-version":[{"id":27454,"href":"https:\/\/lajes.rn.gov.br\/transparente\/index\/wp-json\/wp\/v2\/posts\/27452\/revisions\/27454"}],"wp:attachment":[{"href":"https:\/\/lajes.rn.gov.br\/transparente\/index\/wp-json\/wp\/v2\/media?parent=27452"}],"wp:term":[{"taxonomy":"category","embeddable":true,"href":"https:\/\/lajes.rn.gov.br\/transparente\/index\/wp-json\/wp\/v2\/categories?post=27452"},{"taxonomy":"post_tag","embeddable":true,"href":"https:\/\/lajes.rn.gov.br\/transparente\/index\/wp-json\/wp\/v2\/tags?post=27452"}],"curies":[{"name":"wp","href":"https:\/\/api.w.org\/{rel}","templated":true}]}}