{"id":27444,"date":"2021-05-20T11:02:24","date_gmt":"2021-05-20T14:02:24","guid":{"rendered":"https:\/\/lajes.rn.gov.br\/transparente\/index\/?p=27444"},"modified":"2023-04-27T11:04:03","modified_gmt":"2023-04-27T14:04:03","slug":"decreto-municipal-n-021-2021-gp-republicado-por-incorrecao","status":"publish","type":"post","link":"https:\/\/lajes.rn.gov.br\/transparente\/index\/decreto-municipal-n-021-2021-gp-republicado-por-incorrecao\/","title":{"rendered":"DECRETO MUNICIPAL N\u00b0 021\/2021 \u2013 GP \u2013 REPUBLICADO POR INCORRE\u00c7\u00c3O"},"content":{"rendered":"<div id=\"separador\" class=\"cabecalhoEstadoSeparador cabecalhoEstadoSeparador1\">\n<p style=\"text-align: center;\"><strong>ESTADO DO RIO GRANDE DO NORTE<\/strong><br \/>\n<strong>PREFEITURA MUNICIPAL DE LAJES<\/strong><\/p>\n<\/div>\n<p class=\"cabecaorgao\" style=\"text-align: center;\"><strong>GABINETE DO PREFEITO<\/strong><\/p>\n<hr \/>\n<div id=\"materia\" class=\"materia materia20091123 materia1\">\n<p>DECRETO MUNICIPAL N\u00b0 021\/2021 \u2013 GP \u2013 REPUBLICADO POR INCORRE\u00c7\u00c3O<\/p>\n<div class=\"mat\"><\/div>\n<p><i>Disp\u00f5e sobre normas para o enfretamento da Pandemia do Covid19 no \u00e2mbito municipal, e da outras provid\u00eancias.<\/i><\/p>\n<p>&nbsp;<\/p>\n<p><b>O PREFEITO CONSTITUCIONAL DO MUNIC\u00cdPIO DE LAJES\/RN<\/b>, no uso das atribui\u00e7\u00f5es que lhes s\u00e3o conferidas pela Lei Org\u00e2nica Municipal resolve decretar;<\/p>\n<p>&nbsp;<\/p>\n<p><b>CONSIDERANDO\u00a0<\/b>a crise de sa\u00fade p\u00fablica gerada pela Pandemia do COVID-19, declarada pela Organiza\u00e7\u00e3o Mundial da Sa\u00fade (OMS), que afeta todo o sistema Inter federativo de promo\u00e7\u00e3o e defesa da sa\u00fade p\u00fablica;<\/p>\n<p>&nbsp;<\/p>\n<p><b>CONSIDERANDO<\/b>\u00a0a necessidade do aumento dos gastos p\u00fablicos em consequ\u00eancia da Pandemia do Covid19;<\/p>\n<p>&nbsp;<\/p>\n<p><b>CONSIDERANDO<\/b>\u00a0o estado de calamidade p\u00fablica financeira no \u00e2mbito da administra\u00e7\u00e3o p\u00fablica direta e indireta do Munic\u00edpio de Lajes\/RN, na conformidade do Decreto N\u00ba 001\/2021 &#8211; GP;<\/p>\n<p>&nbsp;<\/p>\n<p><b>CONSIDERANDO<\/b>\u00a0a necessidade de ado\u00e7\u00e3o de medidas emergenciais visando \u00e0 redu\u00e7\u00e3o da circula\u00e7\u00e3o de pessoas no munic\u00edpio de LAJES, de forma a evitar contamina\u00e7\u00f5es em grande escala e preservar a sa\u00fade;<\/p>\n<p>&nbsp;<\/p>\n<p><b>CONSIDERANDO<\/b>\u00a0o aumento nos n\u00fameros dos casos de COVID-19 no Brasil, no Estado do Rio Grande do Norte e em Lajes\/RN;<\/p>\n<p>&nbsp;<\/p>\n<p><b>CONSIDERANDO<\/b>\u00a0as informa\u00e7\u00f5es divulgadas por meio do indicador composto para monitoramento da pandemia pela COVID-19 no Estado do Rio Grande do Norte;<\/p>\n<p>&nbsp;<\/p>\n<p><b>CONSIDERANDO<\/b>\u00a0a necessidade de manuten\u00e7\u00e3o e estabiliza\u00e7\u00e3o dos dados epidemiol\u00f3gico no Estado e no Munic\u00edpio de Lajes;<\/p>\n<p>&nbsp;<\/p>\n<p><b>CONSIDERANDO<\/b>\u00a0que o cen\u00e1rio demanda a conjuga\u00e7\u00e3o de esfor\u00e7os do Poder P\u00fablico e dos particulares para o emprego de medidas de preven\u00e7\u00e3o, controle e conten\u00e7\u00e3o da propaga\u00e7\u00e3o da COVID-19;<\/p>\n<p>&nbsp;<\/p>\n<p><b>CONSIDERANDO<\/b>\u00a0a quantidade m\u00ednima de vacinas recebida pelo Munic\u00edpio, de acordo com os protocolos estabelecidos, visando a imuniza\u00e7\u00e3o do grupo priorit\u00e1rio;<\/p>\n<p>&nbsp;<\/p>\n<p><b>CONSIDERANDO<\/b>\u00a0o alto \u00edndice de ocupa\u00e7\u00e3o dos leitos cr\u00edticos no RN, inclusive por lajenses;<\/p>\n<p>&nbsp;<\/p>\n<p><b>CONSIDERANDO<\/b>\u00a0o percentual de ocupa\u00e7\u00e3o dos leitos destinados ao Covid19 no Hospital Maternidade Alu\u00edzio Alves, inclusive por pacientes graves, que esperam vagas em outras unidades;<\/p>\n<p>&nbsp;<\/p>\n<p><b>CONSIDERANDO\u00a0<\/b>a comprova\u00e7\u00e3o de \u00f3bitos recentes de pacientes diagnosticados com o Covid19 em nosso Munic\u00edpio;<\/p>\n<p><b>CONSIDERANDO<\/b>\u00a0as muta\u00e7\u00f5es cada vez mais agressivas do Covid19;<\/p>\n<p>&nbsp;<\/p>\n<p><b>CONSIDERANDO<\/b>\u00a0as recomenda\u00e7\u00f5es do Minist\u00e9rio P\u00fablico do Rio Grande do Norte;<\/p>\n<p>&nbsp;<\/p>\n<p><b>CONSIDERANDO\u00a0<\/b>os decretos do Governo do Estado do Rio Grande do Norte, com recomenda\u00e7\u00f5es aos Munic\u00edpios;<\/p>\n<p>&nbsp;<\/p>\n<p><b>CONSIDERANDO\u00a0<\/b>decis\u00f5es recentes do Supremo Tribunal Federal;<\/p>\n<p>&nbsp;<\/p>\n<p><b>CONSIDERANDO\u00a0<\/b>decis\u00f5es tomadas pela Comiss\u00e3o Pr\u00f3-Lajes, na qual consta ampla representatividade do poder p\u00fablico e da sociedade civil, inclusive do Parlamento Municipal;<\/p>\n<p>&nbsp;<\/p>\n<p><b><u>DECRETA<\/u><\/b><b>:<\/b><\/p>\n<p><b>T\u00cdTULO I \u2013 DEFINI\u00c7\u00c3O DAS FASES E C\u00c1LCULO<\/b><\/p>\n<p><b>Art. 1\u00ba.<\/b>Fica institu\u00eddo o Plano Lajes sem COVID, que tratar\u00e1 das restri\u00e7\u00f5es e normatiza\u00e7\u00f5es de acordo com as fases definidas por esse decreto.<\/p>\n<p><b>Art. 2\u00ba.\u00a0<\/b>A defini\u00e7\u00e3o das regras de enfrentamento a Pandemia do Covid19 ser\u00e1 dada de acordo com a\u00a0<b><i>m\u00e9dia obtida nos \u00faltimos 14<\/i><\/b>\u00a0dias por meio do seguinte c\u00e1lculo: (n\u00famero de suspeitos + n\u00fameros de confirmados + n\u00famero de \u00f3bitos)\/14;<\/p>\n<p>&nbsp;<\/p>\n<p>I &#8211; Resultado maior que 80: faixa vermelha<\/p>\n<p>II &#8211; Resultado entre 50 e 80: faixa laranja<\/p>\n<p>III &#8211; Resultado entre 30 e 49: faixa amarela<\/p>\n<p>IV &#8211; Resultado menor que 30: faixa verde<\/p>\n<p>&nbsp;<\/p>\n<p><b>T\u00cdTULO II \u2013 DAS RESTRI\u00c7\u00d5ES PERMANENTES<\/b><\/p>\n<p><b>Art. 3\u00ba.\u00a0<\/b>\u00c9 obrigat\u00f3rio o uso de m\u00e1scaras em espa\u00e7os p\u00fablicos, como ruas, pra\u00e7as, cal\u00e7adas, espa\u00e7os privados acess\u00edveis ao p\u00fablico e reparti\u00e7\u00f5es p\u00fablicas no \u00e2mbito do Munic\u00edpio de Lajes\/RN;<\/p>\n<p><b>Art. 4\u00ba.\u00a0<\/b>Fica determinada a disponibilidade de \u00e1lcool 70% em gel ou l\u00edquido a todos os frequentadores de estabelecimentos p\u00fablicos e privados neste munic\u00edpio;<\/p>\n<p><b>Art. 5\u00ba.\u00a0<\/b>Recomenda-se aos estabelecimentos p\u00fablicos e privados aferir a temperatura corporal das pessoas, orientando aqueles que se encontrarem igual ou superior a 37,8\u00baC buscar atendimento m\u00e9dico;<\/p>\n<p><b>Art. 6\u00ba.\u00a0<\/b>Fica proibido, em todo o munic\u00edpio de Lajes\/RN, quaisquer festas ou eventos promovidos por entes p\u00fablicos ou iniciativa privada;<\/p>\n<p><b>Art. 7\u00ba.\u00a0<\/b>Fica determinado a Vigil\u00e2ncia Sanit\u00e1ria promover a\u00e7\u00f5es que visem dispersar aglomera\u00e7\u00f5es nas vias p\u00fablicas, pra\u00e7as, cal\u00e7adas, ambientes p\u00fablicos e privados, e se preciso for, deve acionar a Pol\u00edcia Militar no intuito de garantir o cumprimento das medidas de enfrentamento a Pandemia do COVID-19 no territ\u00f3rio lajense;<\/p>\n<p>&nbsp;<\/p>\n<p><b>T\u00cdTULO III \u2013 DAS RESTRI\u00c7\u00d5ES: FASE VERMELHA<\/b><\/p>\n<p>&nbsp;<\/p>\n<p><b>Art. 8\u00ba.\u00a0<\/b>Fica estabelecida a medida\u00a0<b>\u201cLOCKDOWN\u201d<\/b>, com a proibi\u00e7\u00e3o de circula\u00e7\u00e3o de pessoas em todo o munic\u00edpio de LAJES\/RN, para diminui\u00e7\u00e3o do fluxo de pessoas em ruas, espa\u00e7os p\u00fablicos e privado e mitiga\u00e7\u00e3o de aglomera\u00e7\u00f5es.<\/p>\n<p>&nbsp;<\/p>\n<p><b>\u00a7 1\u00ba.<\/b>\u00a0Conforme Decreto Estadual, as for\u00e7as de seguran\u00e7a do Estado do Rio Grande do Norte promover\u00e3o opera\u00e7\u00f5es constantes com o objetivo de garantir a aplica\u00e7\u00e3o das medidas dispostas neste Decreto, com a finalidade de assegurar o distanciamento social e coibir aglomera\u00e7\u00f5es.<\/p>\n<p>&nbsp;<\/p>\n<p><b>\u00a7 2\u00ba.<\/b>N\u00e3o se aplica as medidas previstas no<i>caput<\/i>deste artigo \u00e0s seguintes atividades:<\/p>\n<p>I &#8211; servi\u00e7os p\u00fablicos essenciais;<\/p>\n<p>II &#8211; servi\u00e7os relacionados \u00e0 sa\u00fade, inclu\u00eddos os servi\u00e7os m\u00e9dicos, hospitalares, entre outros;<\/p>\n<p>III &#8211; farm\u00e1cias, drogarias e similares, bem como lojas de artigos m\u00e9dicos e ortop\u00e9dicos;<\/p>\n<p>IV &#8211; Atividades de seguran\u00e7a privada;<\/p>\n<p>V &#8211; Servi\u00e7os funer\u00e1rios;<\/p>\n<p>VI &#8211; petshops, hospitais e cl\u00ednicas veterin\u00e1ria;<\/p>\n<p>VII &#8211; postos de combust\u00edveis e distribui\u00e7\u00e3o de g\u00e1s;<\/p>\n<p>VIII &#8211; atividades financeiras e de seguros;<\/p>\n<p>IX &#8211; servi\u00e7os de transporte de passageiros;<\/p>\n<p>X \u2013 Constru\u00e7\u00e3o civil;<\/p>\n<p>&nbsp;<\/p>\n<p><b>Art. 9\u00ba.\u00a0<\/b>Os restaurantes, lanchonetes e similares podem funcionar apenas por meio de delivery;<\/p>\n<p><b>\u00a71\u00ba.\u00a0<\/b>As normas previstas no caput desta artigo n\u00e3o se aplicam aos restaurantes, lanchonetes e similares localizados as margens da BR 304, para atendimento excepcionalmente da demanda oriunda da BR, especialmente dos transportes coletivos de passageiros;<\/p>\n<p>&nbsp;<\/p>\n<p><b>Art. 10\u00ba.\u00a0<\/b>Todos os estabelecimentos que n\u00e3o estejam descritos no \u00a72\u00ba do artigo 1\u00ba deste Decreto, est\u00e3o proibidos de funcionar;<\/p>\n<p>&nbsp;<\/p>\n<p><b>Art. 11\u00ba.\u00a0<\/b>Fica determinada a<b>\u00a0<\/b>proibi\u00e7\u00e3o da venda de bebidas alco\u00f3licas na zona urbana e rural do munic\u00edpio de Lajes\/RN;<\/p>\n<p><b>\u00a71\u00ba.\u00a0<\/b>Torna-se proibida a exposi\u00e7\u00e3o de bebidas alco\u00f3licas em todos os estabelecimentos comerciais do munic\u00edpio;<\/p>\n<p><b>\u00a72\u00ba.\u00a0<\/b>A exposi\u00e7\u00e3o de bebidas alco\u00f3licas acarreta multa:<\/p>\n<p>Primeira abordagem ser\u00e1 realizada a notifica\u00e7\u00e3o do estabelecimento;<\/p>\n<p>Na primeira reincid\u00eancia ser\u00e1 aplicado multa de R$ 300,00;<\/p>\n<p>Na segunda reincid\u00eancia ser\u00e1 aplicado multa de R$ 600,00;<\/p>\n<p>Na terceira reincid\u00eancia ser\u00e1 aplicado multa de R$ 900,00 e o alvar\u00e1 de funcionamento ser\u00e1 provisoriamente suspenso;<\/p>\n<p><b>\u00a73\u00ba.\u00a0<\/b>\u00c9 terminantemente proibido o consumo de bebidas alc\u00f3olicas em locais p\u00fablicos, como pra\u00e7as, ruas, cal\u00e7adas, entre outros;<\/p>\n<p><b>Art. 12\u00ba.\u00a0<\/b>Fica determinado o fechamento das academias;<\/p>\n<p><b>Art. 13\u00ba.\u00a0<\/b>A pr\u00e1tica de esportes coletivos fica suspensa nos espa\u00e7os p\u00fablicos e privados;<\/p>\n<p><b>Art. 14\u00ba.\u00a0<\/b>Fica proibido a realiza\u00e7\u00e3o de vel\u00f3rio, sendo permitido a entrada no Cemit\u00e9rio P\u00fablico Municipal at\u00e9 10 pessoas para o momento do sepultamento, desde que seja respeitado o distanciamento de 1,5 metros, uso de m\u00e1scara e higieniza\u00e7\u00e3o das m\u00e3os;<\/p>\n<p><b>Art. 15\u00ba.\u00a0<\/b>Os templos religiosos est\u00e3o autorizados a funcionar entre as 8h da manh\u00e3 e 17h, com a permanecia de at\u00e9 5 pessoas ao mesmo tempo;<\/p>\n<p><b>Par\u00e1grafo \u00fanico:\u00a0<\/b>fica determinado que o intervalo entre uma programa\u00e7\u00e3o e outra ser\u00e1 de no m\u00ednimo 1 hora para higieniza\u00e7\u00e3o do espa\u00e7o e dos utens\u00edlios;<\/p>\n<p>&nbsp;<\/p>\n<p><b>Art. 16\u00ba.\u00a0<\/b>Em todos os estabelecimentos comerciais o distanciamento de 1,5 metros entre as pessoas deve ser respeitado;<\/p>\n<p><b>Par\u00e1grafo \u00fanico:\u00a0<\/b>A Vigil\u00e2ncia Sanit\u00e1ria realizar\u00e1 a medi\u00e7\u00e3o e comprova\u00e7\u00e3o da quantidade de pessoas que cada estabelecimento pode receber ao mesmo tempo;<\/p>\n<p>&nbsp;<\/p>\n<p><b>Art. 17\u00ba.\u00a0<\/b>Fica estabelecida suspens\u00e3o da Feira Livre e da abertura ao p\u00fablico do Centro Comercial Marcelo Montoril, exceto o a\u00e7ougue;<\/p>\n<p>&nbsp;<\/p>\n<p><b>Art. 18\u00ba.\u00a0<\/b>Fica determinado o fechamento de todos os pr\u00e9dios p\u00fablicos para atendimento ao p\u00fablico, tendo o seu funcionamento apenas para expediente interno, exceto aqueles relacionados a assist\u00eancia em sa\u00fade;<\/p>\n<p><b>\u00a71\u00ba.\u00a0<\/b>O expediente interno deve ocorrer com at\u00e9 50% de seus funcion\u00e1rios, dividido por turno;<\/p>\n<p><b>\u00a72\u00ba.\u00a0<\/b>Todos os funcion\u00e1rio devem preencher o checklist apresentado pela Secretaria Municipal de Sa\u00fade, caso seja registrado alguma anormalidade, o mesmo deve ser encaminhado para atendimento m\u00e9dico;<\/p>\n<p><b>\u00a73\u00ba.\u00a0<\/b>Todos os atendimentos a popula\u00e7\u00e3o devem ser realizados de forma virtual, atrav\u00e9s de canais amplamente divulgados, caso observe-se a extrema necessidade do atendimento de forma presencial, o mesmo dever\u00e1 ser agendado seguindo-se todos os protocolos;<\/p>\n<p>&nbsp;<\/p>\n<p><b>T\u00cdTULO IV &#8211; DAS RESTRI\u00c7\u00d5ES: FASE LARANJA<\/b><\/p>\n<p>&nbsp;<\/p>\n<p><b>Art. 19\u00ba.\u00a0<\/b>Fica estabelecida medida de<b>\u201ctoque de recolher\u201d<\/b>, com a proibi\u00e7\u00e3o de circula\u00e7\u00e3o de pessoas em todo o munic\u00edpio de LAJES\/RN, entre as 19h e as 05h do dia seguinte, como medida de diminui\u00e7\u00e3o do fluxo de pessoas em ruas e espa\u00e7os p\u00fablicos e mitiga\u00e7\u00e3o de aglomera\u00e7\u00f5es.<\/p>\n<p>&nbsp;<\/p>\n<p><b>\u00a7 1\u00ba.<\/b>\u00a0Conforme Decreto Estadual, as for\u00e7as de seguran\u00e7a do Estado do Rio Grande do Norte promover\u00e3o opera\u00e7\u00f5es constantes com o objetivo de garantir a aplica\u00e7\u00e3o das medidas dispostas neste Decreto, com a finalidade de assegurar o distanciamento social e coibir aglomera\u00e7\u00f5es.<\/p>\n<p>&nbsp;<\/p>\n<p><b>\u00a7 2\u00ba.<\/b>N\u00e3o se aplica as medidas previstas no<i>caput<\/i>deste artigo \u00e0s seguintes atividades:<\/p>\n<p>I &#8211; servi\u00e7os p\u00fablicos essenciais;<\/p>\n<p>II &#8211; servi\u00e7os relacionados \u00e0 sa\u00fade, inclu\u00eddos os servi\u00e7os m\u00e9dicos, hospitalares, atividades de podologia, entre outros;<\/p>\n<p>III &#8211; farm\u00e1cias, drogarias e similares, bem como lojas de artigos m\u00e9dicos e ortop\u00e9dicos;<\/p>\n<p>IV &#8211; Supermercados, mercados, padarias, feiras livres e demais estabelecimentos voltados ao abastecimento alimentar, vedada a consuma\u00e7\u00e3o no local no per\u00edodo do toque de recolher;<\/p>\n<p>V &#8211; Atividades de seguran\u00e7a privada;<\/p>\n<p>VI &#8211; Servi\u00e7os funer\u00e1rios;<\/p>\n<p>VII &#8211; petshops, hospitais e cl\u00ednicas veterin\u00e1ria;<\/p>\n<p>VIII &#8211; servi\u00e7os de imprensa e veicula\u00e7\u00e3o de informa\u00e7\u00e3o jornal\u00edstica;<\/p>\n<p>IX &#8211; Atividades de representa\u00e7\u00e3o judicial e extrajudicial, bem como assessoria e consultoria jur\u00eddicas e cont\u00e1beis e demais servi\u00e7os de representa\u00e7\u00e3o de classe;<\/p>\n<p>X &#8211; Correios, servi\u00e7os de entregas e transportadoras;<\/p>\n<p>XI &#8211; oficinas, servi\u00e7os de loca\u00e7\u00e3o e lojas de autope\u00e7as referentes a ve\u00edculos automotores e m\u00e1quinas;<\/p>\n<p>XII &#8211; oficinas, servi\u00e7os de loca\u00e7\u00e3o e lojas de suprimentos agr\u00edcolas;<\/p>\n<p>XIII &#8211; oficinas e servi\u00e7os de manuten\u00e7\u00e3o de bens pessoais e dom\u00e9sticos, incluindo eletr\u00f4nicos;<\/p>\n<p>XIV &#8211; servi\u00e7os de loca\u00e7\u00e3o de m\u00e1quinas, equipamentos e bens eletr\u00f4nicos e eletrodom\u00e9sticos;<\/p>\n<p>XV &#8211; Lojas de material de constru\u00e7\u00e3o, bem como servi\u00e7os de loca\u00e7\u00e3o de m\u00e1quinas e equipamentos para constru\u00e7\u00e3o;<\/p>\n<p>XVI &#8211; postos de combust\u00edveis e distribui\u00e7\u00e3o de g\u00e1s;<\/p>\n<p>XVII &#8211; hot\u00e9is, flats, pousadas e acomoda\u00e7\u00f5es similares;<\/p>\n<p>XVIII &#8211; atividades de ag\u00eancias de emprego e de trabalho tempor\u00e1rio;<\/p>\n<p>XIX &#8211; lavanderias; XX &#8211; atividades financeiras e de seguros;<\/p>\n<p>XX &#8211; imobili\u00e1rias com servi\u00e7os de vendas e\/ou loca\u00e7\u00e3o de im\u00f3veis;<\/p>\n<p>XXI &#8211; atividades de constru\u00e7\u00e3o civil;<\/p>\n<p>XXII &#8211; servi\u00e7os de telecomunica\u00e7\u00f5es e de internet, tecnologia da informa\u00e7\u00e3o e de processamento de dados;<\/p>\n<p>XXIII &#8211; preven\u00e7\u00e3o, controle e erradica\u00e7\u00e3o de pragas dos vegetais e de doen\u00e7as dos animais;<\/p>\n<p>XXIV &#8211; atividades industriais;<\/p>\n<p>XXV &#8211; servi\u00e7os de manuten\u00e7\u00e3o em pr\u00e9dios comerciais, residenciais ou industriais, incluindo elevadores, refrigera\u00e7\u00e3o e demais equipamentos;<\/p>\n<p>XXVI &#8211; servi\u00e7os de transporte de passageiros;<\/p>\n<p>XXVII &#8211; servi\u00e7os de suporte portu\u00e1rio, aeroportu\u00e1rio e rodovi\u00e1rio;<\/p>\n<p>XXVIII &#8211; cadeia de abastecimento e log\u00edstica.<\/p>\n<p>&nbsp;<\/p>\n<p><b>Art. 20\u00ba.\u00a0<\/b>O funcionamento de restaurantes, lanchonetes e similares pode ocorrer entre 5h e 19h, ap\u00f3s esse hor\u00e1rio apenas por meio de delivery;<\/p>\n<p><b>\u00a71\u00ba.\u00a0<\/b>\u00c9 permitindo no m\u00e1ximo 10 mesas, com at\u00e9 2 cadeiras por mesa, separadas pelo distanciamento de 1,5 metros entre si;<\/p>\n<p><b>\u00a72\u00ba.\u00a0<\/b>Em todas as mesas deve ser ofertado o \u00e1lcool 70% em gel ou l\u00edquido;<\/p>\n<p><b>\u00a73\u00ba.\u00a0<\/b>Esta regra se aplica aos restaurantes, lanchonetes e similares voltados para atendimento ao p\u00fablico das empresas e\u00f3licas;<\/p>\n<p><b>\u00a74\u00ba.\u00a0<\/b>As normas previstas no caput deste artigo se aplicam aos restaurantes, lanchonetes e similares localizados as margens da BR 304, com exce\u00e7\u00e3o do hor\u00e1rio, para atendimento excepcionalmente da demanda oriunda da BR, especialmente dos transportes coletivos de passageiros;<\/p>\n<p>&nbsp;<\/p>\n<p><b>Art. 21\u00ba.\u00a0<\/b>Todos os estabelecimentos que n\u00e3o estejam descritos no \u00a72\u00ba do artigo 19\u00ba deste Decreto, est\u00e3o proibidos de funcionar entre 17h e 5h da manh\u00e3;<\/p>\n<p>&nbsp;<\/p>\n<p><b>Art. 22\u00ba.\u00a0<\/b>Fica determinado o fechamento dos bares com a<b>\u00a0<\/b>proibi\u00e7\u00e3o da venda de bebidas alco\u00f3licas na zona urbana e rural do munic\u00edpio de Lajes\/RN;<\/p>\n<p><b>\u00a71\u00ba.\u00a0<\/b>Torna-se proibida a exposi\u00e7\u00e3o de bebidas alco\u00f3licas em todos os estabelecimentos comerciais do munic\u00edpio;<\/p>\n<p><b>\u00a72\u00ba.\u00a0<\/b>A exposi\u00e7\u00e3o de bebidas alco\u00f3licas acarreta multa:<\/p>\n<p>Primeira abordagem ser\u00e1 realizada a notifica\u00e7\u00e3o do estabelecimento;<\/p>\n<p>Na primeira reincid\u00eancia ser\u00e1 aplicado multa de R$ 300,00;<\/p>\n<p>Na segunda reincid\u00eancia ser\u00e1 aplicado multa de R$ 600,00;<\/p>\n<p>Na terceira reincid\u00eancia ser\u00e1 aplicado multa de R$ 900,00 e o alvar\u00e1 de funcionamento ser\u00e1 provisoriamente suspenso;<\/p>\n<p><b>\u00a73\u00ba.\u00a0<\/b>\u00c9 terminantemente proibido o consumo de bebidas alc\u00f3olicas em locais p\u00fablicos, como pra\u00e7as, ruas, cal\u00e7adas, entre outros;<\/p>\n<p>&nbsp;<\/p>\n<p><b>Art. 23\u00ba.\u00a0<\/b>Fica determinado o fechamento das academias;<\/p>\n<p>&nbsp;<\/p>\n<p><b>Art. 24\u00ba.\u00a0<\/b>A pr\u00e1tica de esportes coletivos fica suspensa nos espa\u00e7os p\u00fablicos e privados;<\/p>\n<p><b>Par\u00e1grafo \u00fanico:\u00a0<\/b>\u00e9 admitido a pr\u00e1tica de atividades f\u00edsicas individuais, a exemplo da caminhada, respeitando-se o distanciamento de 1,5 metros, uso de m\u00e1scara e higieniza\u00e7\u00e3o das m\u00e3os;<\/p>\n<p>&nbsp;<\/p>\n<p><b>Art. 25\u00ba.\u00a0<\/b>Fica proibida a realiza\u00e7\u00e3o de atividades coletivas com n\u00famero superior a 5 pessoas;<\/p>\n<p><b>\u00a71\u00ba.\u00a0<\/b>A realiza\u00e7\u00e3o de atividades coletivas pode ocorrer de acordo com o hor\u00e1rio do toque de recolher, estando condicionada ao quantitativo supracitado, distanciamento de 1,5 metros entre as pessoas, uso de m\u00e1scara e disponibiliza\u00e7\u00e3o de \u00e1lcool 70%;<\/p>\n<p><b>\u00a72\u00ba.\u00a0<\/b>O ajuntamento de mais de 5 pessoas em locais p\u00fablicos, como pra\u00e7as, ruas, cal\u00e7adas, entre outros, ser\u00e1 considerado atividade coletiva irregular e dever\u00e1 ser dispersada;<\/p>\n<p><b>\u00a73\u00ba.\u00a0<\/b>A proibi\u00e7\u00e3o prevista no caput deste artigo contempla atividades realizadas no interior dos im\u00f3veis com pessoas que n\u00e3o residam no local;<\/p>\n<p><b>\u00a74\u00ba.\u00a0<\/b>A Vigil\u00e2ncia Sanit\u00e1ria dever\u00e1 acionar a Policia Militar para impedir o funcionamento de locais que por sua pr\u00f3pria natureza n\u00e3o deveriam est\u00e1 em funcionamento, como casas de jogos, prostibulo, entres outros;<\/p>\n<p>&nbsp;<\/p>\n<p><b>Art. 26\u00ba.\u00a0<\/b>A realiza\u00e7\u00e3o de vel\u00f3rio est\u00e1 condicionada ao n\u00famero m\u00e1ximo de 10 pessoas, desde que seja respeitado o distanciamento de 1,5 metros, uso de m\u00e1scara e higieniza\u00e7\u00e3o das m\u00e3os, sendo autorizado apenas familiares entre \u00e0s 19h e 5h da manh\u00e3;<\/p>\n<p>&nbsp;<\/p>\n<p><b>Art. 27\u00ba.\u00a0<\/b>O funcionamento dos templos religiosos est\u00e1 condicionado ao n\u00famero m\u00e1ximo de 15 pessoas com o distanciamento de 1,5m entre si, uso de m\u00e1scara, oferta de \u00e1lcool 70% e aferi\u00e7\u00e3o da temperatura;<\/p>\n<p><b>\u00a71\u00ba.\u00a0<\/b>Os templos poder\u00e3o funcionar entre \u00e0s 5h da manh\u00e3 e 19h;<\/p>\n<p><b>\u00a72\u00ba.\u00a0<\/b>O intervalo entre uma programa\u00e7\u00e3o e outra ser\u00e1 de no m\u00ednimo 1 hora para higieniza\u00e7\u00e3o do espa\u00e7o e dos utens\u00edlios;<\/p>\n<p><b>\u00a73\u00ba.\u00a0<\/b>Todos os utens\u00edlios utilizados durante as celebra\u00e7\u00f5es devem ser higienizados, inclusive locais de assento;<\/p>\n<p><b>\u00a74\u00ba.\u00a0<\/b>A Vigil\u00e2ncia Sanit\u00e1ria far\u00e1 a medi\u00e7\u00e3o e comprova\u00e7\u00e3o da quantidade de pessoas que cada templo comporta;<\/p>\n<p>&nbsp;<\/p>\n<p><b>Art. 28\u00ba.\u00a0<\/b>Em todos os estabelecimentos comerciais o distanciamento de 1,5 metros entre as pessoas deve ser respeitado;<\/p>\n<p><b>Paragrafo \u00fanico:\u00a0<\/b>A Vigil\u00e2ncia Sanit\u00e1ria realizar\u00e1 a medi\u00e7\u00e3o e comprova\u00e7\u00e3o da quantidade de pessoas que cada estabelecimento pode receber ao mesmo tempo;<\/p>\n<p>&nbsp;<\/p>\n<p><b>Art. 29\u00ba.\u00a0<\/b>A Feira Livre acontecer\u00e1 de forma restrita aos comerciantes do munic\u00edpio;<\/p>\n<p><b>Par\u00e1grafo \u00fanico:\u00a0<\/b>ser\u00e1 estabelecido um fluxo de pessoas, com defini\u00e7\u00e3o de entrada e sa\u00edda, possibilitando a higieniza\u00e7\u00e3o das m\u00e3os, verifica\u00e7\u00e3o de temperatura, exig\u00eancia da obrigatoriedade do uso da m\u00e1scara, entre outras iniciativas;<\/p>\n<p>&nbsp;<\/p>\n<p><b>Art. 30\u00ba.\u00a0<\/b>O Centro Comercial Marcelo Montoril &#8211; Mercado P\u00fablico funcionar\u00e1 com uma entrada e uma sa\u00edda, sendo permitido adentrar no mesmo apenas aqueles que estiverem de m\u00e1scara, ap\u00f3s verificar a temperatura e higienizar as m\u00e3os;<\/p>\n<p>&nbsp;<\/p>\n<p><b>Art. 31\u00ba.\u00a0<\/b>Fica determinado o fechamento de todos os pr\u00e9dios p\u00fablicos para atendimento ao p\u00fablico, tendo o seu funcionamento apenas para expediente interno, exceto aqueles relacionados a assist\u00eancia em sa\u00fade;<\/p>\n<p><b>\u00a71\u00ba.\u00a0<\/b>O expediente interno deve ocorrer com at\u00e9 50% de seus funcion\u00e1rios, dividido por turno;<\/p>\n<p><b>\u00a72\u00ba.\u00a0<\/b>Todos os funcion\u00e1rio devem preencher o checklist apresentado pela Secretaria Municipal de Sa\u00fade, caso seja registrado alguma anormalidade, o mesmo deve ser encaminhado para atendimento m\u00e9dico;<\/p>\n<p><b>\u00a73\u00ba.\u00a0<\/b>Todos os atendimentos a popula\u00e7\u00e3o devem ser iniciados de forma virtual, atrav\u00e9s de canais amplamente divulgados, caso observe-se a urg\u00eancia no atendimento presencial, o mesmo dever\u00e1 ser agendado seguindo os protocolos de seguran\u00e7a;<\/p>\n<p>&nbsp;<\/p>\n<p><b>T\u00cdTULO V &#8211; DAS RESTRI\u00c7\u00d5ES: FASE AMARELA<\/b><\/p>\n<p>&nbsp;<\/p>\n<p><b>Art. 32\u00ba.\u00a0<\/b>Fica estabelecida medida de<b>\u201ctoque de recolher\u201d<\/b>, com a proibi\u00e7\u00e3o de circula\u00e7\u00e3o de pessoas em todo o munic\u00edpio de LAJES\/RN, entre as 21h e as 05h do dia seguinte, como medida de diminui\u00e7\u00e3o do fluxo de pessoas em ruas e espa\u00e7os p\u00fablicos e mitiga\u00e7\u00e3o de aglomera\u00e7\u00f5es.<\/p>\n<p>&nbsp;<\/p>\n<p><b>\u00a7 1\u00ba.<\/b>\u00a0Conforme Decreto Estadual, as for\u00e7as de seguran\u00e7a do Estado do Rio Grande do Norte promover\u00e3o opera\u00e7\u00f5es constantes com o objetivo de garantir a aplica\u00e7\u00e3o das medidas dispostas neste Decreto, com a finalidade de assegurar o distanciamento social e coibir aglomera\u00e7\u00f5es.<\/p>\n<p>&nbsp;<\/p>\n<p><b>\u00a7 2\u00ba.<\/b>N\u00e3o se aplica as medidas previstas no<i>caput<\/i>deste artigo \u00e0s seguintes atividades:<\/p>\n<p>I &#8211; servi\u00e7os p\u00fablicos essenciais;<\/p>\n<p>II &#8211; servi\u00e7os relacionados \u00e0 sa\u00fade, inclu\u00eddos os servi\u00e7os m\u00e9dicos, hospitalares, atividades de podologia, entre outros;<\/p>\n<p>III &#8211; farm\u00e1cias, drogarias e similares, bem como lojas de artigos m\u00e9dicos e ortop\u00e9dicos;<\/p>\n<p>IV &#8211; Supermercados, mercados, padarias, feiras livres e demais estabelecimentos voltados ao abastecimento alimentar, vedada a consuma\u00e7\u00e3o no local no per\u00edodo do toque de recolher;<\/p>\n<p>V &#8211; Atividades de seguran\u00e7a privada;<\/p>\n<p>VI &#8211; Servi\u00e7os funer\u00e1rios;<\/p>\n<p>VII &#8211; petshops, hospitais e cl\u00ednicas veterin\u00e1ria;<\/p>\n<p>VIII &#8211; servi\u00e7os de imprensa e veicula\u00e7\u00e3o de informa\u00e7\u00e3o jornal\u00edstica;<\/p>\n<p>IX &#8211; Atividades de representa\u00e7\u00e3o judicial e extrajudicial, bem como assessoria e consultoria jur\u00eddicas e cont\u00e1beis e demais servi\u00e7os de representa\u00e7\u00e3o de classe;<\/p>\n<p>X &#8211; Correios, servi\u00e7os de entregas e transportadoras;<\/p>\n<p>XI &#8211; oficinas, servi\u00e7os de loca\u00e7\u00e3o e lojas de autope\u00e7as referentes a ve\u00edculos automotores e m\u00e1quinas;<\/p>\n<p>XII &#8211; oficinas, servi\u00e7os de loca\u00e7\u00e3o e lojas de suprimentos agr\u00edcolas;<\/p>\n<p>XIII &#8211; oficinas e servi\u00e7os de manuten\u00e7\u00e3o de bens pessoais e dom\u00e9sticos, incluindo eletr\u00f4nicos;<\/p>\n<p>XIV &#8211; servi\u00e7os de loca\u00e7\u00e3o de m\u00e1quinas, equipamentos e bens eletr\u00f4nicos e eletrodom\u00e9sticos;<\/p>\n<p>XV &#8211; Lojas de material de constru\u00e7\u00e3o, bem como servi\u00e7os de loca\u00e7\u00e3o de m\u00e1quinas e equipamentos para constru\u00e7\u00e3o;<\/p>\n<p>XVI &#8211; postos de combust\u00edveis e distribui\u00e7\u00e3o de g\u00e1s;<\/p>\n<p>XVII &#8211; hot\u00e9is, flats, pousadas e acomoda\u00e7\u00f5es similares;<\/p>\n<p>XVIII &#8211; atividades de ag\u00eancias de emprego e de trabalho tempor\u00e1rio;<\/p>\n<p>XIX &#8211; lavanderias; XX &#8211; atividades financeiras e de seguros;<\/p>\n<p>XX &#8211; imobili\u00e1rias com servi\u00e7os de vendas e\/ou loca\u00e7\u00e3o de im\u00f3veis;<\/p>\n<p>XXI &#8211; atividades de constru\u00e7\u00e3o civil;<\/p>\n<p>XXII &#8211; servi\u00e7os de telecomunica\u00e7\u00f5es e de internet, tecnologia da informa\u00e7\u00e3o e de processamento de dados;<\/p>\n<p>XXIII &#8211; preven\u00e7\u00e3o, controle e erradica\u00e7\u00e3o de pragas dos vegetais e de doen\u00e7as dos animais;<\/p>\n<p>XXIV &#8211; atividades industriais;<\/p>\n<p>XXV &#8211; servi\u00e7os de manuten\u00e7\u00e3o em pr\u00e9dios comerciais, residenciais ou industriais, incluindo elevadores, refrigera\u00e7\u00e3o e demais equipamentos;<\/p>\n<p>XXVI &#8211; servi\u00e7os de transporte de passageiros;<\/p>\n<p>XXVII &#8211; servi\u00e7os de suporte portu\u00e1rio, aeroportu\u00e1rio e rodovi\u00e1rio;<\/p>\n<p>XXVIII &#8211; cadeia de abastecimento e log\u00edstica.<\/p>\n<p>&nbsp;<\/p>\n<p><b>Art. 33\u00ba.\u00a0<\/b>O funcionamento de restaurantes, lanchonetes e similares pode ocorrer entre 5h e 21h, ap\u00f3s esse hor\u00e1rio apenas por meio de delivery;<\/p>\n<p><b>\u00a71\u00ba.\u00a0<\/b>\u00c9 permitindo no m\u00e1ximo 10 mesas, com at\u00e9 2 cadeiras por mesa, separadas pelo distanciamento de 1,5 metros entre si, sendo permitido juntar 2 mesas;<\/p>\n<p><b>\u00a72\u00ba.\u00a0<\/b>Em todas as mesas deve ser ofertado o \u00e1lcool 70% em gel ou l\u00edquido;<\/p>\n<p><b>\u00a73\u00ba.\u00a0<\/b>Esta regra se aplica aos restaurantes, lanchonetes e similares voltados para atendimento ao p\u00fablico das empresas e\u00f3licas;<\/p>\n<p><b>\u00a74\u00ba.\u00a0<\/b>As normas previstas no caput deste artigo se aplicam aos restaurantes, lanchonetes e similares localizados as margens da BR 304, com exce\u00e7\u00e3o do hor\u00e1rio, para atendimento excepcionalmente da demanda oriunda da BR, especialmente dos transportes coletivos de passageiros;<\/p>\n<p>&nbsp;<\/p>\n<p><b>Art. 33\u00ba.\u00a0<\/b>Todos os estabelecimentos que n\u00e3o estejam descritos no \u00a72\u00ba do artigo 32\u00ba deste Decreto, est\u00e3o proibidos de funcionar entre 21h e 5h da manh\u00e3;<\/p>\n<p>&nbsp;<\/p>\n<p><b>Art. 34\u00ba.\u00a0<\/b>O consumo de bebidas alco\u00f3licas \u00e9 terminantemente proibido em locais p\u00fablicos, pra\u00e7as, ruas, cal\u00e7adas, entre outros na zona urbana e rural do munic\u00edpio de Lajes\/RN;<\/p>\n<p>&nbsp;<\/p>\n<p><b>Art. 35\u00ba.\u00a0<\/b>Fica permitido o funcionamento das academias, com os hor\u00e1rios organizados por turmas com no m\u00e1ximo de 10 alunos em hor\u00e1rios agendados;<\/p>\n<p><b>\u00a71\u00ba.\u00a0<\/b>As academias poder\u00e3o funcionar entre \u00e0s 5h da manh\u00e3 e 21h;<\/p>\n<p><b>\u00a72\u00ba.\u00a0<\/b>A perman\u00eancia de cada turma ser\u00e1 de no m\u00e1ximo 1 hora, com intervalo de no m\u00ednimo 30 minutos entre uma turma e outra, para higieniza\u00e7\u00e3o do espa\u00e7o;<\/p>\n<p><b>\u00a73\u00ba.\u00a0<\/b>Todos os utens\u00edlios utilizados durante os treinos devem ser higienizados;<\/p>\n<p>&nbsp;<\/p>\n<p><b>Art. 36\u00ba.\u00a0<\/b>A pr\u00e1tica de esportes coletivos fica suspensa nos espa\u00e7os p\u00fablicos e privados;<\/p>\n<p><b>Par\u00e1grafo \u00fanico:\u00a0<\/b>\u00e9 admitido a pr\u00e1tica de atividades f\u00edsicas individuais, a exemplo da caminhada, respeitando-se o distanciamento de 1,5 metros, uso de m\u00e1scara e higieniza\u00e7\u00e3o das m\u00e3os;<\/p>\n<p>&nbsp;<\/p>\n<p><b>Art. 37\u00ba.\u00a0<\/b>Fica proibida a realiza\u00e7\u00e3o de atividades coletivas com n\u00famero superior a 10 pessoas;<\/p>\n<p><b>\u00a71\u00ba.\u00a0<\/b>A realiza\u00e7\u00e3o de atividades coletivas pode ocorrer de acordo com o hor\u00e1rio do toque de recolher, estando condicionada ao quantitativo supracitado, distanciamento de 1,5 metros entre as pessoas, uso de m\u00e1scara e disponibiliza\u00e7\u00e3o de \u00e1lcool 70%;<\/p>\n<p><b>\u00a72\u00ba.\u00a0<\/b>O ajuntamento de mais de 10 pessoas em locais p\u00fablicos, como pra\u00e7as, ruas, cal\u00e7adas, entre outros, ser\u00e1 considerado atividade coletiva irregular e dever\u00e1 ser dispersada;<\/p>\n<p><b>\u00a73\u00ba.\u00a0<\/b>A proibi\u00e7\u00e3o prevista no caput deste artigo contempla atividades realizadas no interior dos im\u00f3veis com pessoas que n\u00e3o residam no local;<\/p>\n<p><b>\u00a74\u00ba.\u00a0<\/b>A Vigil\u00e2ncia Sanit\u00e1ria dever\u00e1 acionar a Policia Militar para impedir o funcionamento de locais que por sua pr\u00f3pria natureza n\u00e3o deveriam est\u00e1 em funcionamento, como casas de jogos, prostibulo, entres outros;<\/p>\n<p>&nbsp;<\/p>\n<p><b>Art. 38\u00ba.\u00a0<\/b>A realiza\u00e7\u00e3o de vel\u00f3rio est\u00e1 condicionada ao n\u00famero m\u00e1ximo de 15 pessoas, desde que seja respeitado o distanciamento de 1,5 metros, uso de m\u00e1scara e higieniza\u00e7\u00e3o das m\u00e3os, sendo autorizado apenas familiares entre \u00e0s 21h e 5h da manh\u00e3;<\/p>\n<p>&nbsp;<\/p>\n<p><b>Art. 39\u00ba.\u00a0<\/b>O funcionamento dos templos religiosos est\u00e1 condicionado ao n\u00famero m\u00e1ximo de 25 pessoas com o distanciamento de 1,5m entre si, uso de m\u00e1scara, oferta de \u00e1lcool 70% e aferi\u00e7\u00e3o da temperatura;<\/p>\n<p><b>\u00a71\u00ba.\u00a0<\/b>Os templos poder\u00e3o funcionar entre \u00e0s 5h da manh\u00e3 e 21h;<\/p>\n<p><b>\u00a72\u00ba.\u00a0<\/b>O intervalo entre uma programa\u00e7\u00e3o e outra ser\u00e1 de no m\u00ednimo 1 hora para higieniza\u00e7\u00e3o do espa\u00e7o;<\/p>\n<p><b>\u00a73\u00ba.\u00a0<\/b>Todos os utens\u00edlios utilizados durante as celebra\u00e7\u00f5es devem ser higienizados, inclusive locais de assento;<\/p>\n<p><b>\u00a74\u00ba.\u00a0<\/b>A Vigil\u00e2ncia Sanit\u00e1ria far\u00e1 a medi\u00e7\u00e3o e comprova\u00e7\u00e3o da quantidade de pessoas que cada templo comporta;<\/p>\n<p>&nbsp;<\/p>\n<p><b>Art. 40\u00ba.\u00a0<\/b>Em todos os estabelecimentos comerciais o distanciamento de 1,5 metros entre as pessoas deve ser respeitado;<\/p>\n<p>&nbsp;<\/p>\n<p><b>Art. 41\u00ba.\u00a0<\/b>A Feira Livre acontecer\u00e1 de forma restrita aos comerciantes do munic\u00edpio;<\/p>\n<p><b>Par\u00e1grafo \u00fanico:\u00a0<\/b>ser\u00e1 estabelecido um fluxo de pessoas, com defini\u00e7\u00e3o de entrada e sa\u00edda, possibilitando a higieniza\u00e7\u00e3o das m\u00e3os, verifica\u00e7\u00e3o de temperatura, exig\u00eancia da obrigatoriedade do uso da m\u00e1scara, entre outras iniciativas;<\/p>\n<p>&nbsp;<\/p>\n<p><b>Art. 40\u00ba.\u00a0<\/b>O Centro Comercial Marcelo Montoril &#8211; Mercado P\u00fablico funcionar\u00e1 com uma entrada e uma sa\u00edda, sendo permitido adentrar no mesmo apenas aqueles que estiverem de m\u00e1scara, ap\u00f3s verificar a temperatura e higienizar as m\u00e3os;<\/p>\n<p>&nbsp;<\/p>\n<p><b>Art. 41\u00ba.\u00a0<\/b>Fica determinado o funcionamento de todos os pr\u00e9dios p\u00fablicos para atendimento ao p\u00fablico de 8h \u00e0s 12h, e entre as13h e 17h para expediente interno,<\/p>\n<p><b>\u00a71\u00ba.\u00a0<\/b>O previsto no caput deste artigo n\u00e3o abrange os estabelecimentos relacionados a assist\u00eancia em sa\u00fade;<\/p>\n<p><b>\u00a72\u00ba.\u00a0<\/b>O expediente deve ocorrer com at\u00e9 50% de seus funcion\u00e1rios, dividido por turno;<\/p>\n<p><b>\u00a73\u00ba.\u00a0<\/b>Todos os funcion\u00e1rio devem preencher o checklist apresentado pela Secretaria Municipal de Sa\u00fade, caso seja registrado alguma anormalidade, o mesmo deve ser encaminhado para atendimento m\u00e9dico;<\/p>\n<p>&nbsp;<\/p>\n<p><b>T\u00cdTULO VI &#8211; DAS RESTRI\u00c7\u00d5ES: FASE VERDE<\/b><\/p>\n<p>&nbsp;<\/p>\n<p><b>Art. 42\u00ba.\u00a0<\/b>Fica permitido o funcionamento de restaurantes, lanchonetes e similares sem restri\u00e7\u00e3o de hor\u00e1rios;<\/p>\n<p><b>\u00a71\u00ba.\u00a0<\/b>\u00c9 permitindo no m\u00e1ximo 10 mesas, com at\u00e9 4 cadeiras, separadas pelo distanciamento de 1,5 metros entre si;<\/p>\n<p><b>\u00a72\u00ba.\u00a0<\/b>Em todas as mesas deve ser ofertado o \u00e1lcool 70% em gel ou l\u00edquido;<\/p>\n<p><b>\u00a73\u00ba.\u00a0<\/b>Esta regra se aplica aos restaurantes, lanchonetes e similares voltados para atendimento ao p\u00fablico das empresas e\u00f3licas;<\/p>\n<p>&nbsp;<\/p>\n<p><b>Art. 43\u00ba.\u00a0<\/b>Fica permitido o funcionamento das academias, com os hor\u00e1rios organizados por turmas, cada turma com no m\u00e1ximo 70% da capacidade da academia, respeitando o distanciamento social de 1,5m<\/p>\n<p><b>\u00a71\u00ba.\u00a0<\/b>Todos os utens\u00edlios utilizados durante os treinos devem ser higienizados;<\/p>\n<p><b>\u00a72\u00ba.\u00a0<\/b>A Vigil\u00e2ncia Sanit\u00e1ria far\u00e1 a medi\u00e7\u00e3o e comprova\u00e7\u00e3o da quantidade de pessoas que cada templo comporta;<\/p>\n<p>&nbsp;<\/p>\n<p><b>Art. 44\u00ba.\u00a0<\/b>Fica permitida a pr\u00e1tica de esportes coletivos em espa\u00e7os p\u00fablicos e privados restrito aos atletas, sem a presen\u00e7a do p\u00fablico;<\/p>\n<p>&nbsp;<\/p>\n<p><b>Art. 45\u00ba.\u00a0<\/b>O funcionamento dos templos religiosos est\u00e1 condicionado ao n\u00famero m\u00e1ximo de 70% de sua capacidade com o distanciamento de 1,5m entre si, uso de m\u00e1scara, oferta de \u00e1lcool 70% e aferi\u00e7\u00e3o da temperatura;<\/p>\n<p><b>\u00a71\u00ba.\u00a0<\/b>O intervalo entre uma programa\u00e7\u00e3o e outra ser\u00e1 de no m\u00ednimo 30 minutos para higieniza\u00e7\u00e3o do espa\u00e7o;<\/p>\n<p><b>\u00a72\u00ba.\u00a0<\/b>Todos os utens\u00edlios utilizados durante as celebra\u00e7\u00f5es devem ser higienizados, inclusive locais de assento;<\/p>\n<p><b>\u00a73\u00ba.\u00a0<\/b>A Vigil\u00e2ncia Sanit\u00e1ria far\u00e1 a medi\u00e7\u00e3o e comprova\u00e7\u00e3o da quantidade de pessoas que cada templo comporta;<\/p>\n<p>&nbsp;<\/p>\n<p><b>Art. 46\u00ba.\u00a0<\/b>Em todos os estabelecimentos comerciais o distanciamento de 1,5 metros entre as pessoas deve ser respeitado;<\/p>\n<p>&nbsp;<\/p>\n<p><b>T\u00cdTULO VII &#8211; DAS PENALIDADES<\/b><\/p>\n<p>&nbsp;<\/p>\n<p><b>Art. 47\u00ba.<\/b>\u00a0O descumprimento ao disposto neste decreto, bem como \u00e0s demais determina\u00e7\u00f5es vigentes sobre as medidas de enfrentamento \u00e0 pandemia de COVID-19, sujeitar\u00e1 o infrator as seguintes penalidades:<\/p>\n<p>I \u2013 Primeira infra\u00e7\u00e3o: Notifica\u00e7\u00e3o;<\/p>\n<p>II \u2013 Primeira reincid\u00eancia: Aplica\u00e7\u00e3o de multa para pessoa f\u00edsica no valor de R$150,00 e para pessoa jur\u00eddica R$ 300,00;<\/p>\n<p>III- Segunda reincid\u00eancia: Aplica\u00e7\u00e3o de multa para pessoa f\u00edsica no valor de R$300,00 para pessoa jur\u00eddica R$ 600,00 e suspens\u00e3o do alvar\u00e1 de funcionamento do estabelecimento por 30 dias;<\/p>\n<p>IV- A partir da terceira reincid\u00eancia: Aplica\u00e7\u00e3o de multa com o valor da \u00faltima multa multiplicado pelo quantitativo de reincid\u00eancias, acrescendo 30 dias na suspens\u00e3o do alvar\u00e1 de forma cumulativa;<\/p>\n<p>&nbsp;<\/p>\n<p><b>Art. 48\u00ba.<\/b>\u00a0O Munic\u00edpio poder\u00e1 convocar os servidores para atividades diversas necess\u00e1rias ao enfrentamento da pandemia;<\/p>\n<p><b>Par\u00e1grafo \u00fanico:<\/b>\u00a0Caso convocado, os servidores p\u00fablicos que re\u00fanam uma ou mais das condi\u00e7\u00f5es abaixo dever\u00e3o apresentar comprova\u00e7\u00e3o junto ao departamento de recursos humanos da Prefeitura Municipal de Lajes, para n\u00e3o realizarem as atividades para quais foram designados.<\/p>\n<p>I &#8211; Possuir idade maior ou igual a 60 (sessenta) anos;<\/p>\n<p>II &#8211; Gestantes;<\/p>\n<p>III &#8211; Cardiopatas;<\/p>\n<p>IV &#8211; Portadores de Diabetes;<\/p>\n<p>V &#8211; Hipertensos;<\/p>\n<p>VI &#8211; Portadores de doen\u00e7as imunodepressoras;<\/p>\n<p>&nbsp;<\/p>\n<p><b>Art. 49\u00ba.\u00a0<\/b>Fica estabelecido a\u00a0<b>FASE LARANJA<\/b>\u00a0no munic\u00edpio de Lajes\/RN entre os dias 21\/05\/2021 e 03\/06\/2021 conforme as regras previstas no presente Decreto;<\/p>\n<p>&nbsp;<\/p>\n<p><b>Art. 50\u00ba.\u00a0<\/b>Este Decreto entra em vigor na data de sua publica\u00e7\u00e3o, revogada as disposi\u00e7\u00f5es em contr\u00e1rio;<\/p>\n<p>&nbsp;<\/p>\n<p>Registre-se, publique-se e cumpra-se;<\/p>\n<p>&nbsp;<\/p>\n<p><b>Lajes\/RN, Pal\u00e1cio Alzira Soriano, aos 20 dias do m\u00eas de maio de 2021.<\/b><\/p>\n<p>&nbsp;<\/p>\n<p><b><i>FELIPE FERREIRA DE MENEZES ARA\u00daJO<\/i><\/b><\/p>\n<p>Prefeito Municipal<\/p>\n<\/div>\n<div class=\"pdfprnt-buttons pdfprnt-buttons-post pdfprnt-bottom-right\"><a href=\"https:\/\/lajes.rn.gov.br\/transparente\/index\/wp-json\/wp\/v2\/posts\/27444?print=pdf\" class=\"pdfprnt-button pdfprnt-button-pdf\" target=\"_blank\" ><img decoding=\"async\" src=\"https:\/\/lajes.rn.gov.br\/transparente\/index\/wp-content\/plugins\/pdf-print\/images\/pdf.png\" alt=\"image_pdf\" title=\"Ver PDF\" \/><\/a><a href=\"https:\/\/lajes.rn.gov.br\/transparente\/index\/wp-json\/wp\/v2\/posts\/27444?print=print\" class=\"pdfprnt-button pdfprnt-button-print\" target=\"_blank\" ><img decoding=\"async\" src=\"https:\/\/lajes.rn.gov.br\/transparente\/index\/wp-content\/plugins\/pdf-print\/images\/print.png\" alt=\"image_print\" title=\"Conte\u00fado de impress\u00e3o\" \/><\/a><\/div>","protected":false},"excerpt":{"rendered":"<p>ESTADO DO RIO GRANDE DO NORTE PREFEITURA MUNICIPAL DE LAJES GABINETE DO PREFEITO DECRETO MUNICIPAL N\u00b0 021\/2021 \u2013 GP \u2013 REPUBLICADO POR INCORRE\u00c7\u00c3O Disp\u00f5e sobre normas para o enfretamento da Pandemia do Covid19 no \u00e2mbito municipal, e da outras provid\u00eancias. &nbsp; O PREFEITO CONSTITUCIONAL DO MUNIC\u00cdPIO DE LAJES\/RN, no uso das atribui\u00e7\u00f5es que lhes s\u00e3o [&hellip;]<\/p>\n","protected":false},"author":3,"featured_media":0,"comment_status":"closed","ping_status":"closed","sticky":false,"template":"","format":"standard","meta":{"ocean_post_layout":"","ocean_both_sidebars_style":"","ocean_both_sidebars_content_width":0,"ocean_both_sidebars_sidebars_width":0,"ocean_sidebar":"","ocean_second_sidebar":"","ocean_disable_margins":"enable","ocean_add_body_class":"","ocean_shortcode_before_top_bar":"","ocean_shortcode_after_top_bar":"","ocean_shortcode_before_header":"","ocean_shortcode_after_header":"","ocean_has_shortcode":"","ocean_shortcode_after_title":"","ocean_shortcode_before_footer_widgets":"","ocean_shortcode_after_footer_widgets":"","ocean_shortcode_before_footer_bottom":"","ocean_shortcode_after_footer_bottom":"","ocean_display_top_bar":"default","ocean_display_header":"default","ocean_header_style":"","ocean_center_header_left_menu":"","ocean_custom_header_template":"","ocean_custom_logo":0,"ocean_custom_retina_logo":0,"ocean_custom_logo_max_width":0,"ocean_custom_logo_tablet_max_width":0,"ocean_custom_logo_mobile_max_width":0,"ocean_custom_logo_max_height":0,"ocean_custom_logo_tablet_max_height":0,"ocean_custom_logo_mobile_max_height":0,"ocean_header_custom_menu":"","ocean_menu_typo_font_family":"","ocean_menu_typo_font_subset":"","ocean_menu_typo_font_size":0,"ocean_menu_typo_font_size_tablet":0,"ocean_menu_typo_font_size_mobile":0,"ocean_menu_typo_font_size_unit":"px","ocean_menu_typo_font_weight":"","ocean_menu_typo_font_weight_tablet":"","ocean_menu_typo_font_weight_mobile":"","ocean_menu_typo_transform":"","ocean_menu_typo_transform_tablet":"","ocean_menu_typo_transform_mobile":"","ocean_menu_typo_line_height":0,"ocean_menu_typo_line_height_tablet":0,"ocean_menu_typo_line_height_mobile":0,"ocean_menu_typo_line_height_unit":"","ocean_menu_typo_spacing":0,"ocean_menu_typo_spacing_tablet":0,"ocean_menu_typo_spacing_mobile":0,"ocean_menu_typo_spacing_unit":"","ocean_menu_link_color":"","ocean_menu_link_color_hover":"","ocean_menu_link_color_active":"","ocean_menu_link_background":"","ocean_menu_link_hover_background":"","ocean_menu_link_active_background":"","ocean_menu_social_links_bg":"","ocean_menu_social_hover_links_bg":"","ocean_menu_social_links_color":"","ocean_menu_social_hover_links_color":"","ocean_disable_title":"default","ocean_disable_heading":"default","ocean_post_title":"","ocean_post_subheading":"","ocean_post_title_style":"","ocean_post_title_background_color":"","ocean_post_title_background":0,"ocean_post_title_bg_image_position":"","ocean_post_title_bg_image_attachment":"","ocean_post_title_bg_image_repeat":"","ocean_post_title_bg_image_size":"","ocean_post_title_height":0,"ocean_post_title_bg_overlay":0.5,"ocean_post_title_bg_overlay_color":"","ocean_disable_breadcrumbs":"default","ocean_breadcrumbs_color":"","ocean_breadcrumbs_separator_color":"","ocean_breadcrumbs_links_color":"","ocean_breadcrumbs_links_hover_color":"","ocean_display_footer_widgets":"default","ocean_display_footer_bottom":"default","ocean_custom_footer_template":"","ocean_post_oembed":"","ocean_post_self_hosted_media":"","ocean_post_video_embed":"","ocean_link_format":"","ocean_link_format_target":"self","ocean_quote_format":"","ocean_quote_format_link":"post","ocean_gallery_link_images":"on","ocean_gallery_id":[],"footnotes":""},"categories":[12,38,42,2,73],"tags":[],"class_list":["post-27444","post","type-post","status-publish","format-standard","hentry","category-covid-19","category-decretos","category-decretos-2021","category-legislacao","category-legislacao-covid-19","entry"],"_links":{"self":[{"href":"https:\/\/lajes.rn.gov.br\/transparente\/index\/wp-json\/wp\/v2\/posts\/27444","targetHints":{"allow":["GET"]}}],"collection":[{"href":"https:\/\/lajes.rn.gov.br\/transparente\/index\/wp-json\/wp\/v2\/posts"}],"about":[{"href":"https:\/\/lajes.rn.gov.br\/transparente\/index\/wp-json\/wp\/v2\/types\/post"}],"author":[{"embeddable":true,"href":"https:\/\/lajes.rn.gov.br\/transparente\/index\/wp-json\/wp\/v2\/users\/3"}],"replies":[{"embeddable":true,"href":"https:\/\/lajes.rn.gov.br\/transparente\/index\/wp-json\/wp\/v2\/comments?post=27444"}],"version-history":[{"count":1,"href":"https:\/\/lajes.rn.gov.br\/transparente\/index\/wp-json\/wp\/v2\/posts\/27444\/revisions"}],"predecessor-version":[{"id":27445,"href":"https:\/\/lajes.rn.gov.br\/transparente\/index\/wp-json\/wp\/v2\/posts\/27444\/revisions\/27445"}],"wp:attachment":[{"href":"https:\/\/lajes.rn.gov.br\/transparente\/index\/wp-json\/wp\/v2\/media?parent=27444"}],"wp:term":[{"taxonomy":"category","embeddable":true,"href":"https:\/\/lajes.rn.gov.br\/transparente\/index\/wp-json\/wp\/v2\/categories?post=27444"},{"taxonomy":"post_tag","embeddable":true,"href":"https:\/\/lajes.rn.gov.br\/transparente\/index\/wp-json\/wp\/v2\/tags?post=27444"}],"curies":[{"name":"wp","href":"https:\/\/api.w.org\/{rel}","templated":true}]}}