{"id":27436,"date":"2021-04-16T10:56:10","date_gmt":"2021-04-16T13:56:10","guid":{"rendered":"https:\/\/lajes.rn.gov.br\/transparente\/index\/?p=27436"},"modified":"2023-04-27T10:57:43","modified_gmt":"2023-04-27T13:57:43","slug":"decreto-municipal-n-015-2021-gp-dispoe-sobre-normas-para-o-enfretamento-da-pandemia-do-covid-19-no-ambito-municipal-e-da-outras-providencias","status":"publish","type":"post","link":"https:\/\/lajes.rn.gov.br\/transparente\/index\/decreto-municipal-n-015-2021-gp-dispoe-sobre-normas-para-o-enfretamento-da-pandemia-do-covid-19-no-ambito-municipal-e-da-outras-providencias\/","title":{"rendered":"DECRETO MUNICIPAL N\u00b0 015\/2021 &#8211; GP &#8211; Disp\u00f5e sobre normas para o enfretamento da Pandemia do COVID-19 no \u00e2mbito municipal, e da outras provid\u00eancias."},"content":{"rendered":"<div id=\"separador\" class=\"cabecalhoEstadoSeparador cabecalhoEstadoSeparador1\">\n<p style=\"text-align: center;\"><strong>ESTADO DO RIO GRANDE DO NORTE<\/strong><br \/>\n<strong>PREFEITURA MUNICIPAL DE LAJES<\/strong><\/p>\n<\/div>\n<p class=\"cabecaorgao\" style=\"text-align: center;\"><strong>GABINETE DO PREFEITO<\/strong><\/p>\n<hr \/>\n<div id=\"materia\" class=\"materia materia20091123 materia1\">\n<p>DECRETO MUNICIPAL N\u00b0 015\/2021 &#8211; GP<\/p>\n<div class=\"mat\"><i>Disp\u00f5e sobre normas para o enfretamento da Pandemia do COVID-19 no \u00e2mbito municipal, e da outras provid\u00eancias.<\/i><\/div>\n<p>&nbsp;<\/p>\n<p><b>O PREFEITO CONSTITUCIONAL DO MUNIC\u00cdPIO DE LAJES\/RN<\/b>, no uso das atribui\u00e7\u00f5es que lhes s\u00e3o conferidas pela Lei Org\u00e2nica Municipal resolve decretar;<\/p>\n<p>&nbsp;<\/p>\n<p><b>CONSIDERANDO\u00a0<\/b>a crise de sa\u00fade p\u00fablica gerada pela Pandemia do COVID-19, declarada pela Organiza\u00e7\u00e3o Mundial da Sa\u00fade (OMS), que afeta todo o sistema Inter federativo de promo\u00e7\u00e3o e defesa da sa\u00fade p\u00fablica;<\/p>\n<p>&nbsp;<\/p>\n<p><b>CONSIDERANDO<\/b>\u00a0a necessidade do aumento dos gastos p\u00fablicos em consequ\u00eancia da Pandemia do COVID-19;<\/p>\n<p>&nbsp;<\/p>\n<p><b>CONSIDERANDO<\/b>\u00a0o estado de calamidade p\u00fablica financeira no \u00e2mbito da administra\u00e7\u00e3o p\u00fablica direta e indireta do Munic\u00edpio de Lajes\/RN, na conformidade do Decreto N\u00ba 001\/2021 &#8211; GP;<\/p>\n<p>&nbsp;<\/p>\n<p><b>CONSIDERANDO<\/b>\u00a0a necessidade de ado\u00e7\u00e3o de medidas emergenciais visando \u00e0 redu\u00e7\u00e3o da circula\u00e7\u00e3o de pessoas no munic\u00edpio de LAJES, de forma a evitar contamina\u00e7\u00f5es em grande escala e preservar a sa\u00fade;<\/p>\n<p>&nbsp;<\/p>\n<p><b>CONSIDERANDO<\/b>\u00a0o pedido da Organiza\u00e7\u00e3o Mundial de Sa\u00fade para que os pa\u00edses redobrem o comprometimento contra a pandemia do novo coronav\u00edrus;<\/p>\n<p>&nbsp;<\/p>\n<p><b>CONSIDERANDO<\/b>\u00a0o aumento nos n\u00fameros dos casos de infec\u00e7\u00e3o e reinfec\u00e7\u00e3o pela COVID-19 no Brasil e no Estado do Rio Grande do Norte;<\/p>\n<p>&nbsp;<\/p>\n<p><b>CONSIDERANDO<\/b>\u00a0as informa\u00e7\u00f5es divulgadas por meio do indicador composto para monitoramento da pandemia pela COVID-19 no Estado do Rio Grande do Norte;<\/p>\n<p>&nbsp;<\/p>\n<p><b>CONSIDERANDO<\/b>\u00a0a necessidade de manuten\u00e7\u00e3o e estabiliza\u00e7\u00e3o dos dados epidemiol\u00f3gico no Estado e no Munic\u00edpio de Lajes;<\/p>\n<p>&nbsp;<\/p>\n<p><b>CONSIDERANDO<\/b>\u00a0que o cen\u00e1rio demanda a conjuga\u00e7\u00e3o de esfor\u00e7os do Poder P\u00fablico e dos particulares para o emprego de medidas de preven\u00e7\u00e3o, controle e conten\u00e7\u00e3o da propaga\u00e7\u00e3o da COVID-19;<\/p>\n<p>&nbsp;<\/p>\n<p><b>CONSIDERANDO<\/b>\u00a0o aumento do surgimento de casos confirmados de COVID-19 no Munic\u00edpio de Lajes\/RN;<\/p>\n<p>&nbsp;<\/p>\n<p><b>CONSIDERANDO<\/b>\u00a0a quantidade m\u00ednima de vacinas recebida pelo Munic\u00edpio, de acordo com os protocolos estabelecidos, visando a imuniza\u00e7\u00e3o do grupo priorit\u00e1rio;<\/p>\n<p>&nbsp;<\/p>\n<p><b>CONSIDERANDO<\/b>\u00a0o alto \u00edndice de ocupa\u00e7\u00e3o dos leitos cr\u00edticos no RN, inclusive por lajenses.<\/p>\n<p>&nbsp;<\/p>\n<p><b>CONSIDERANDO\u00a0<\/b>a comprova\u00e7\u00e3o de \u00f3bitos recentes de pacientes diagnosticados com o COVID-19 em nosso Munic\u00edpio;<\/p>\n<p>&nbsp;<\/p>\n<p><b>CONSIDERANDO<\/b>\u00a0as muta\u00e7\u00f5es cada vez mais agressivas do COVID-19;<\/p>\n<p>&nbsp;<\/p>\n<p><b>CONSIDERANDO<\/b>\u00a0as recomenda\u00e7\u00f5es do Minist\u00e9rio P\u00fablico do Rio Grande do Norte;<\/p>\n<p>&nbsp;<\/p>\n<p><b>CONSIDERANDO\u00a0<\/b>os decretos do Governo do Estado do Rio Grande do Norte, com recomenda\u00e7\u00f5es aos Munic\u00edpios;<\/p>\n<p>&nbsp;<\/p>\n<p><b>CONSIDERANDO\u00a0<\/b>decis\u00f5es recentes do Supremo Tribunal Federal;<\/p>\n<p>&nbsp;<\/p>\n<p><b>CONSIDERANDO\u00a0<\/b>decis\u00f5es tomadas pela Comiss\u00e3o Pr\u00f3-Lajes;<\/p>\n<p>&nbsp;<\/p>\n<p><b><u>DECRETA<\/u><\/b><b>:<\/b><\/p>\n<p>&nbsp;<\/p>\n<p><b>Art. 1\u00ba.<\/b>Fica estabelecida medida de<b>\u201ctoque de recolher\u201d<\/b>, com a proibi\u00e7\u00e3o de circula\u00e7\u00e3o de pessoas em todo o munic\u00edpio de LAJES\/RN, entre as 22h e as 05h do dia seguinte, como medida de diminui\u00e7\u00e3o do fluxo de pessoas em ruas e espa\u00e7os p\u00fablicos e mitiga\u00e7\u00e3o de aglomera\u00e7\u00f5es.<\/p>\n<p>&nbsp;<\/p>\n<p>\u00a7 1\u00ba. Conforme decreto estadual, as for\u00e7as de seguran\u00e7a do Estado do Rio Grande do Norte promover\u00e3o opera\u00e7\u00f5es constantes com o objetivo de garantir a aplica\u00e7\u00e3o das medidas dispostas neste Decreto, com a finalidade de assegurar o distanciamento social e coibir aglomera\u00e7\u00f5es.<\/p>\n<p>&nbsp;<\/p>\n<p>\u00a7 2\u00ba.N\u00e3o se aplica as medidas previstas no<i>caput<\/i>deste artigo \u00e0s seguintes atividades:<\/p>\n<p>&nbsp;<\/p>\n<p>I &#8211; Servi\u00e7os p\u00fablicos essenciais;<\/p>\n<p>II &#8211; Servi\u00e7os relacionados \u00e0 sa\u00fade, inclu\u00eddos os servi\u00e7os m\u00e9dicos, hospitalares, atividades de podologia, entre outros;<\/p>\n<p>III &#8211; Farm\u00e1cias, drogarias e similares, bem como lojas de artigos m\u00e9dicos e ortop\u00e9dicos;<\/p>\n<p>IV &#8211; Supermercados, mercados, padarias, feiras livres e demais estabelecimentos voltados ao abastecimento alimentar, vedada a consuma\u00e7\u00e3o no local no per\u00edodo do toque de recolher;<\/p>\n<p>V &#8211; Atividades de seguran\u00e7a privada;<\/p>\n<p>VI &#8211; Servi\u00e7os funer\u00e1rios;<\/p>\n<p>VII &#8211; Netshops, hospitais e cl\u00ednicas veterin\u00e1ria;<\/p>\n<p>VIII &#8211; Servi\u00e7os de imprensa e veicula\u00e7\u00e3o de informa\u00e7\u00e3o jornal\u00edstica;<\/p>\n<p>IX &#8211; Atividades de representa\u00e7\u00e3o judicial e extrajudicial, bem como assessoria e consultoria jur\u00eddicas e cont\u00e1beis e demais servi\u00e7os de representa\u00e7\u00e3o de classe;<\/p>\n<p>X &#8211; Correios, servi\u00e7os de entregas e transportadoras;<\/p>\n<p>XI &#8211; Oficinas, servi\u00e7os de loca\u00e7\u00e3o e lojas de autope\u00e7as referentes a ve\u00edculos automotores e m\u00e1quinas;<\/p>\n<p>XII &#8211; Oficinas, servi\u00e7os de loca\u00e7\u00e3o e lojas de suprimentos agr\u00edcolas;<\/p>\n<p>XIII &#8211; Oficinas e servi\u00e7os de manuten\u00e7\u00e3o de bens pessoais e dom\u00e9sticos, incluindo eletr\u00f4nicos;<\/p>\n<p>XIV &#8211; Servi\u00e7os de loca\u00e7\u00e3o de m\u00e1quinas, equipamentos e bens eletr\u00f4nicos e eletrodom\u00e9sticos;<\/p>\n<p>XV &#8211; Lojas de material de constru\u00e7\u00e3o, bem como servi\u00e7os de loca\u00e7\u00e3o de m\u00e1quinas e equipamentos para constru\u00e7\u00e3o;<\/p>\n<p>XVI &#8211; Postos de combust\u00edveis e distribui\u00e7\u00e3o de g\u00e1s;<\/p>\n<p>XVII &#8211; Hot\u00e9is, flats, pousadas e acomoda\u00e7\u00f5es similares;<\/p>\n<p>XVIII &#8211; Atividades de ag\u00eancias de emprego e de trabalho tempor\u00e1rio;<\/p>\n<p>XIX &#8211; Lavanderias; XX &#8211; atividades financeiras e de seguros;<\/p>\n<p>XXI &#8211; Imobili\u00e1rias com servi\u00e7os de vendas e\/ou loca\u00e7\u00e3o de im\u00f3veis;<\/p>\n<p>XXII &#8211; Atividades de constru\u00e7\u00e3o civil;<\/p>\n<p>XXIII &#8211; Servi\u00e7os de telecomunica\u00e7\u00f5es e de internet, tecnologia da informa\u00e7\u00e3o e de processamento de dados;<\/p>\n<p>XXIV &#8211; Preven\u00e7\u00e3o, controle e erradica\u00e7\u00e3o de pragas dos vegetais e de doen\u00e7as dos animais;<\/p>\n<p>XXV &#8211; Atividades industriais;<\/p>\n<p>XXVI &#8211; Servi\u00e7os de manuten\u00e7\u00e3o em pr\u00e9dios comerciais, residenciais ou industriais, incluindo elevadores, refrigera\u00e7\u00e3o e demais equipamentos;<\/p>\n<p>XXVII &#8211; Servi\u00e7os de transporte de passageiros;<\/p>\n<p>XXVIII &#8211; Servi\u00e7os de suporte portu\u00e1rio, aeroportu\u00e1rio e rodovi\u00e1rio;<\/p>\n<p>XXIX &#8211; Cadeia de abastecimento e log\u00edstica.<\/p>\n<p>&nbsp;<\/p>\n<p>\u00a7 3\u00ba. Fica facultado ao munic\u00edpio instalar barreiras sanit\u00e1rias e blitz sanit\u00e1rias em locais estrat\u00e9gicos, providenciando ainda a interrup\u00e7\u00e3o de trafego nos hor\u00e1rios e locais que julgar necess\u00e1rio;<\/p>\n<p>&nbsp;<\/p>\n<p>\u00a7 4\u00ba. Fica proibida a realiza\u00e7\u00e3o de atividades coletivas ap\u00f3s \u00e0s 21h, a exemplo de missas, cultos, funcionamento de academias e outros espa\u00e7os de uso coletivo;<\/p>\n<p>&nbsp;<\/p>\n<p><b>Art. 2\u00ba.\u00a0<\/b>\u00c9 obrigat\u00f3rio o uso de m\u00e1scaras em espa\u00e7os p\u00fablicos, como ruas e pra\u00e7as, espa\u00e7os privados acess\u00edveis ao p\u00fablico e reparti\u00e7\u00f5es p\u00fablicas no \u00e2mbito do Munic\u00edpio de Lajes\/RN;<\/p>\n<p>&nbsp;<\/p>\n<p><b>Art. 3\u00ba.\u00a0<\/b>Fica determinada a disponibilidade de \u00e1lcool 70% em gel ou l\u00edquido a todos os frequentadores de estabelecimentos p\u00fablicos e privados neste munic\u00edpio;<\/p>\n<p><b>Art. 4\u00ba.\u00a0<\/b>Recomenda-se aos estabelecimentos p\u00fablicos e privados aferir a temperatura corporal das pessoas, orientando aqueles que se encontrarem igual ou superior a 37,8\u00baC buscar atendimento m\u00e9dico;<\/p>\n<p>&nbsp;<\/p>\n<p><b>Art. 5\u00ba.\u00a0<\/b>Os bares, lanchonetes, restaurantes e similares est\u00e3o autorizados a funcionar at\u00e9 \u00e0s 21 horas, com no m\u00e1ximo 10 conjuntos de mesas, com at\u00e9 2 cadeiras por mesas, podendo juntar no m\u00e1ximo duas mesas, separadas pelo distanciamento de 1 metro e meio entre si;<\/p>\n<p>\u00a71\u00ba. Ap\u00f3s as 21 horas ser\u00e1 permitido aos bares, lanchonetes, restaurantes e similares o funcionamento apenas por meio de delivery;<\/p>\n<p>\u00a72\u00ba. \u00c9 garantido aos estabelecimentos a toler\u00e2ncia de 15 minutos, ap\u00f3s as 21 horas, para esvaziamento das mesas, cadeiras e, consequentemente, o seu recolhimento;<\/p>\n<p>\u00a73\u00ba. Em todas as mesas deve ser ofertado o \u00e1lcool 70% em gel ou l\u00edquido;<\/p>\n<p>\u00a74\u00ba. Fica proibida a venda e o consumo de bebidas alc\u00f3olicas em locais p\u00fablicos, como pra\u00e7as e ruas, ap\u00f3s \u00e0s 21h;<\/p>\n<p>&nbsp;<\/p>\n<p><b>Art. 6\u00ba.\u00a0<\/b>Fica proibido, em todo o munic\u00edpio de LAJES\/RN, quaisquer festas ou eventos promovidos por entes p\u00fablicos ou iniciativa privada;<\/p>\n<p>&nbsp;<\/p>\n<p><b>Art. 7\u00ba.\u00a0<\/b>Fica autorizado o funcionamento de academias com limite de uma pessoa para cada 6,25m\u00b2;<\/p>\n<p>\u00a71\u00ba. A Vigil\u00e2ncia Sanit\u00e1ria do Munic\u00edpio far\u00e1 a medi\u00e7\u00e3o e comprova\u00e7\u00e3o do quantitativo que cada academia comporta;<\/p>\n<p>\u00a72\u00ba. O treinamento deve acontecer com agendamento pr\u00e9vio e higieniza\u00e7\u00e3o dos equipamentos ap\u00f3s o uso, entre outras medias que visem a seguran\u00e7a dos frequentadores do ambiente;<\/p>\n<p>&nbsp;<\/p>\n<p><b>Art. 8\u00ba.\u00a0<\/b>As celebra\u00e7\u00f5es religiosas ficam limitadas a lota\u00e7\u00e3o m\u00e1xima de 25% da capacidade do templo, respeitando o distanciamento de no m\u00ednimo um metro e meio entre as pessoas;<\/p>\n<p>\u00a71\u00ba. A Vigil\u00e2ncia Sanit\u00e1ria do Munic\u00edpio far\u00e1 a medi\u00e7\u00e3o e comprova\u00e7\u00e3o do quantitativo que cada templo comporta;<\/p>\n<p>\u00a72\u00ba. Todos os utens\u00edlios utilizados durante as celebra\u00e7\u00f5es devem ser higienizados, inclusive locais de assento;<\/p>\n<p>&nbsp;<\/p>\n<p><b>Art. 9\u00ba.\u00a0<\/b>Fica suspenso a pr\u00e1tica de esportes coletivos nos espa\u00e7os p\u00fablicos e privados no \u00e2mbito do munic\u00edpio de Lajes\/RN;<\/p>\n<p>&nbsp;<\/p>\n<p><b>Art. 10\u00ba.\u00a0<\/b>Fica determinado a abertura de todos os pr\u00e9dios p\u00fablicos para atendimento ao p\u00fablico, sendo permitido seu funcionamento pelo per\u00edodo da manh\u00e3 de 8:00 \u00e0s 12:00, e no per\u00edodo da tarde apenas para expediente interno.<\/p>\n<p>&nbsp;<\/p>\n<p><b>Art. 11\u00ba.\u00a0<\/b>Fica determinado a Vigil\u00e2ncia Sanit\u00e1ria promover a\u00e7\u00f5es que visem dispersar aglomera\u00e7\u00f5es nas vias p\u00fablicas, pra\u00e7as, pr\u00e9dios p\u00fablicos e similares, e se preciso for, deve acionar a Pol\u00edcia Militar no intuito de garantir o cumprimento das medidas de enfrentamento a Pandemia do COVID-19;<\/p>\n<p>&nbsp;<\/p>\n<p><b>Art. 12\u00ba.<\/b>\u00a0O descumprimento ao disposto neste decreto, bem como \u00e0s demais determina\u00e7\u00f5es vigentes sobre as medidas de enfrentamento \u00e0 pandemia de COVID-19, sujeitar\u00e1 o infrator as seguintes penalidades:<\/p>\n<p>&nbsp;<\/p>\n<p>I \u2013 Primeira infra\u00e7\u00e3o: Notifica\u00e7\u00e3o;<\/p>\n<p>II &#8211; Primeira Reincid\u00eancia: Aplica\u00e7\u00e3o de multa para pessoa f\u00edsica no valor de R$100,00 e para pessoa jur\u00eddica R$ 300,00;<\/p>\n<p>III- Segunda Reincid\u00eancia: Aplica\u00e7\u00e3o de multa para pessoa f\u00edsica no valor de R$200,00 e para pessoa jur\u00eddica R$ 500,00;<\/p>\n<p>IV- Terceira Reincid\u00eancia: Aplica\u00e7\u00e3o de multa em 5 vezes o valor da multa anterior para pessoa f\u00edsica e jur\u00eddica. No caso de pessoa jur\u00eddica, al\u00e9m da aplica\u00e7\u00e3o da multa o estabelecimento ter\u00e1 seu alvar\u00e1 de funcionamento suspenso.<\/p>\n<p>&nbsp;<\/p>\n<p><b>Art. 13\u00ba.<\/b>\u00a0O Munic\u00edpio poder\u00e1 convocar os servidores para atividades diversas necess\u00e1rias ao enfrentamento da pandemia.<\/p>\n<p><b>Par\u00e1grafo \u00fanico.<\/b>\u00a0Caso convocado, os servidores p\u00fablicos que re\u00fanam uma ou mais das condi\u00e7\u00f5es abaixo dever\u00e3o apresentar comprova\u00e7\u00e3o junto ao departamento de recursos humanos da Prefeitura Municipal de Lajes, para n\u00e3o realizarem as atividades para quais foram designados.<\/p>\n<p>&nbsp;<\/p>\n<p>I &#8211; Possuir idade maior ou igual a 60 (sessenta) anos;<\/p>\n<p>II &#8211; Gestantes;<\/p>\n<p>III &#8211; Cardiopatas;<\/p>\n<p>IV &#8211; Portadores de Diabetes;<\/p>\n<p>V &#8211; Hipertensos;<\/p>\n<p>VI &#8211; Portadores de doen\u00e7as imunodepressoras;<\/p>\n<p>&nbsp;<\/p>\n<p><b>Art. 14\u00ba.\u00a0<\/b>Este Decreto entra em vigor na data de sua publica\u00e7\u00e3o, revogada as disposi\u00e7\u00f5es em contr\u00e1rio;<\/p>\n<p>&nbsp;<\/p>\n<p>Registre-se, publique-se e cumpra-se;<\/p>\n<p>&nbsp;<\/p>\n<p><b>Gabinete do Prefeito Municipal de Lajes\/RN, em 16 de abril de 2021.<\/b><\/p>\n<p>&nbsp;<\/p>\n<p><b><i>FELIPE FERREIRA DE MENEZES ARA\u00daJO<\/i><\/b><\/p>\n<p>Prefeito Municipal<\/p>\n<\/div>\n<div class=\"pdfprnt-buttons pdfprnt-buttons-post pdfprnt-bottom-right\"><a href=\"https:\/\/lajes.rn.gov.br\/transparente\/index\/wp-json\/wp\/v2\/posts\/27436?print=pdf\" class=\"pdfprnt-button pdfprnt-button-pdf\" target=\"_blank\" ><img decoding=\"async\" src=\"https:\/\/lajes.rn.gov.br\/transparente\/index\/wp-content\/plugins\/pdf-print\/images\/pdf.png\" alt=\"image_pdf\" title=\"Ver PDF\" \/><\/a><a href=\"https:\/\/lajes.rn.gov.br\/transparente\/index\/wp-json\/wp\/v2\/posts\/27436?print=print\" class=\"pdfprnt-button pdfprnt-button-print\" target=\"_blank\" ><img decoding=\"async\" src=\"https:\/\/lajes.rn.gov.br\/transparente\/index\/wp-content\/plugins\/pdf-print\/images\/print.png\" alt=\"image_print\" title=\"Conte\u00fado de impress\u00e3o\" \/><\/a><\/div>","protected":false},"excerpt":{"rendered":"<p>ESTADO DO RIO GRANDE DO NORTE PREFEITURA MUNICIPAL DE LAJES GABINETE DO PREFEITO DECRETO MUNICIPAL N\u00b0 015\/2021 &#8211; GP Disp\u00f5e sobre normas para o enfretamento da Pandemia do COVID-19 no \u00e2mbito municipal, e da outras provid\u00eancias. &nbsp; O PREFEITO CONSTITUCIONAL DO MUNIC\u00cdPIO DE LAJES\/RN, no uso das atribui\u00e7\u00f5es que lhes s\u00e3o conferidas pela Lei Org\u00e2nica [&hellip;]<\/p>\n","protected":false},"author":3,"featured_media":0,"comment_status":"closed","ping_status":"closed","sticky":false,"template":"","format":"standard","meta":{"ocean_post_layout":"","ocean_both_sidebars_style":"","ocean_both_sidebars_content_width":0,"ocean_both_sidebars_sidebars_width":0,"ocean_sidebar":"","ocean_second_sidebar":"","ocean_disable_margins":"enable","ocean_add_body_class":"","ocean_shortcode_before_top_bar":"","ocean_shortcode_after_top_bar":"","ocean_shortcode_before_header":"","ocean_shortcode_after_header":"","ocean_has_shortcode":"","ocean_shortcode_after_title":"","ocean_shortcode_before_footer_widgets":"","ocean_shortcode_after_footer_widgets":"","ocean_shortcode_before_footer_bottom":"","ocean_shortcode_after_footer_bottom":"","ocean_display_top_bar":"default","ocean_display_header":"default","ocean_header_style":"","ocean_center_header_left_menu":"","ocean_custom_header_template":"","ocean_custom_logo":0,"ocean_custom_retina_logo":0,"ocean_custom_logo_max_width":0,"ocean_custom_logo_tablet_max_width":0,"ocean_custom_logo_mobile_max_width":0,"ocean_custom_logo_max_height":0,"ocean_custom_logo_tablet_max_height":0,"ocean_custom_logo_mobile_max_height":0,"ocean_header_custom_menu":"","ocean_menu_typo_font_family":"","ocean_menu_typo_font_subset":"","ocean_menu_typo_font_size":0,"ocean_menu_typo_font_size_tablet":0,"ocean_menu_typo_font_size_mobile":0,"ocean_menu_typo_font_size_unit":"px","ocean_menu_typo_font_weight":"","ocean_menu_typo_font_weight_tablet":"","ocean_menu_typo_font_weight_mobile":"","ocean_menu_typo_transform":"","ocean_menu_typo_transform_tablet":"","ocean_menu_typo_transform_mobile":"","ocean_menu_typo_line_height":0,"ocean_menu_typo_line_height_tablet":0,"ocean_menu_typo_line_height_mobile":0,"ocean_menu_typo_line_height_unit":"","ocean_menu_typo_spacing":0,"ocean_menu_typo_spacing_tablet":0,"ocean_menu_typo_spacing_mobile":0,"ocean_menu_typo_spacing_unit":"","ocean_menu_link_color":"","ocean_menu_link_color_hover":"","ocean_menu_link_color_active":"","ocean_menu_link_background":"","ocean_menu_link_hover_background":"","ocean_menu_link_active_background":"","ocean_menu_social_links_bg":"","ocean_menu_social_hover_links_bg":"","ocean_menu_social_links_color":"","ocean_menu_social_hover_links_color":"","ocean_disable_title":"default","ocean_disable_heading":"default","ocean_post_title":"","ocean_post_subheading":"","ocean_post_title_style":"","ocean_post_title_background_color":"","ocean_post_title_background":0,"ocean_post_title_bg_image_position":"","ocean_post_title_bg_image_attachment":"","ocean_post_title_bg_image_repeat":"","ocean_post_title_bg_image_size":"","ocean_post_title_height":0,"ocean_post_title_bg_overlay":0.5,"ocean_post_title_bg_overlay_color":"","ocean_disable_breadcrumbs":"default","ocean_breadcrumbs_color":"","ocean_breadcrumbs_separator_color":"","ocean_breadcrumbs_links_color":"","ocean_breadcrumbs_links_hover_color":"","ocean_display_footer_widgets":"default","ocean_display_footer_bottom":"default","ocean_custom_footer_template":"","ocean_post_oembed":"","ocean_post_self_hosted_media":"","ocean_post_video_embed":"","ocean_link_format":"","ocean_link_format_target":"self","ocean_quote_format":"","ocean_quote_format_link":"post","ocean_gallery_link_images":"on","ocean_gallery_id":[],"footnotes":""},"categories":[12,38,42,2,73],"tags":[],"class_list":["post-27436","post","type-post","status-publish","format-standard","hentry","category-covid-19","category-decretos","category-decretos-2021","category-legislacao","category-legislacao-covid-19","entry"],"_links":{"self":[{"href":"https:\/\/lajes.rn.gov.br\/transparente\/index\/wp-json\/wp\/v2\/posts\/27436","targetHints":{"allow":["GET"]}}],"collection":[{"href":"https:\/\/lajes.rn.gov.br\/transparente\/index\/wp-json\/wp\/v2\/posts"}],"about":[{"href":"https:\/\/lajes.rn.gov.br\/transparente\/index\/wp-json\/wp\/v2\/types\/post"}],"author":[{"embeddable":true,"href":"https:\/\/lajes.rn.gov.br\/transparente\/index\/wp-json\/wp\/v2\/users\/3"}],"replies":[{"embeddable":true,"href":"https:\/\/lajes.rn.gov.br\/transparente\/index\/wp-json\/wp\/v2\/comments?post=27436"}],"version-history":[{"count":1,"href":"https:\/\/lajes.rn.gov.br\/transparente\/index\/wp-json\/wp\/v2\/posts\/27436\/revisions"}],"predecessor-version":[{"id":27437,"href":"https:\/\/lajes.rn.gov.br\/transparente\/index\/wp-json\/wp\/v2\/posts\/27436\/revisions\/27437"}],"wp:attachment":[{"href":"https:\/\/lajes.rn.gov.br\/transparente\/index\/wp-json\/wp\/v2\/media?parent=27436"}],"wp:term":[{"taxonomy":"category","embeddable":true,"href":"https:\/\/lajes.rn.gov.br\/transparente\/index\/wp-json\/wp\/v2\/categories?post=27436"},{"taxonomy":"post_tag","embeddable":true,"href":"https:\/\/lajes.rn.gov.br\/transparente\/index\/wp-json\/wp\/v2\/tags?post=27436"}],"curies":[{"name":"wp","href":"https:\/\/api.w.org\/{rel}","templated":true}]}}