{"id":27430,"date":"2021-03-22T10:50:18","date_gmt":"2021-03-22T13:50:18","guid":{"rendered":"https:\/\/lajes.rn.gov.br\/transparente\/index\/?p=27430"},"modified":"2023-04-27T10:51:22","modified_gmt":"2023-04-27T13:51:22","slug":"decreto-municipal-n-012-2021-gp-dispoe-sobre-medidas-de-isolamento-social-em-carater-excepcional-e-temporario-destinadas-ao-enfrentamento-da-pandemia-do-novo-coronavirus-no-ambito","status":"publish","type":"post","link":"https:\/\/lajes.rn.gov.br\/transparente\/index\/decreto-municipal-n-012-2021-gp-dispoe-sobre-medidas-de-isolamento-social-em-carater-excepcional-e-temporario-destinadas-ao-enfrentamento-da-pandemia-do-novo-coronavirus-no-ambito\/","title":{"rendered":"DECRETO MUNICIPAL N\u00b0 012\/2021 \u2013 GP &#8211; Disp\u00f5e sobre medidas de isolamento social, em car\u00e1ter excepcional e tempor\u00e1rio, destinadas ao enfrentamento da pandemia do novo coronav\u00edrus, no \u00e2mbito do Munic\u00edpio de Lajes\/RN."},"content":{"rendered":"<div id=\"separador\" class=\"cabecalhoEstadoSeparador cabecalhoEstadoSeparador1\">\n<p style=\"text-align: center;\"><strong>ESTADO DO RIO GRANDE DO NORTE<\/strong><br \/>\n<strong>PREFEITURA MUNICIPAL DE LAJES<\/strong><\/p>\n<\/div>\n<p class=\"cabecaorgao\" style=\"text-align: center;\"><strong>GABINETE DO PREFEITO<\/strong><\/p>\n<hr \/>\n<div id=\"materia\" class=\"materia materia20091123 materia1\">\n<p>DECRETO MUNICIPAL N\u00b0 012\/2021 \u2013 GP<\/p>\n<div class=\"mat\"><i>Disp<\/i><i>\u00f5e sobre medidas de isolamento social, em car\u00e1ter excepcional e tempor\u00e1rio, destinadas ao enfrentamento da pandemia do novo coronav\u00edrus, no \u00e2mbito do Munic\u00edpio de Lajes\/RN.<\/i><\/div>\n<p>&nbsp;<\/p>\n<p><b>O PREFEITO CONSTITUCIONAL DO MUNIC\u00cdPIO DE LAJES\/RN<\/b>, no uso das atribui\u00e7\u00f5es que lhes s\u00e3o conferidas pela Lei Org\u00e2nica Municipal resolve decretar;<\/p>\n<p>&nbsp;<\/p>\n<p><b>CONSIDERANDO<\/b>\u00a0a satura\u00e7\u00e3o do sistema de sa\u00fade para os leitos cr\u00edticos de UTI Covid no Estado;<\/p>\n<p>&nbsp;<\/p>\n<p><b>CONSIDERANDO<\/b>\u00a0a necessidade de estabelecer novas medidas restritivas, em face do aumento dos n\u00famero de \u00f3bitos e taxa de ocupa\u00e7\u00e3o de leitos de UTI;<\/p>\n<p>&nbsp;<\/p>\n<p><b>CONSIDERANDO<\/b>\u00a0o aumento exponencial da contamina\u00e7\u00e3o da popula\u00e7\u00e3o do Estado do Rio Grande do Norte;<\/p>\n<p>&nbsp;<\/p>\n<p><b>CONSIDERANDO<\/b>\u00a0o compromisso do Munic\u00edpio em evitar e na\u0303o contribuir com qualquer forma para propagac\u0327a\u0303o da infecc\u0327a\u0303o e transmissa\u0303o local da doenc\u0327a;<\/p>\n<p>&nbsp;<\/p>\n<p><b>CONSIDERANDO<\/b>\u00a0a incapacidade do Governo do Estado de abrir novos leitos cr\u00edticos para amenizar a dram\u00e1tica situa\u00e7\u00e3o vivenciada pela popula\u00e7\u00e3o do Rio Grande do Norte;<\/p>\n<p>&nbsp;<\/p>\n<p><b>CONSIDERANDO<\/b>\u00a0a necessidade de uma atua\u00e7\u00e3o uniforme entre todos os Munic\u00edpios do Estado do Rio Grande do Norte para que as medidas restritivas tenham mais efic\u00e1cia;<\/p>\n<p>&nbsp;<\/p>\n<p><b>CONSIDERANDO<\/b>\u00a0o termo de ades\u00e3o assinado pelo presidente da Federa\u00e7\u00e3o dos Munic\u00edpios do Rio Grande do Norte, recomendando a ades\u00e3o ao Decreto 30.419\/2021;<\/p>\n<p>&nbsp;<\/p>\n<p><b>CONSIDERANDO\u00a0<\/b>a recomenda\u00e7\u00e3o da Minist\u00e9rio P\u00fablico do Rio Grande do Norte;<\/p>\n<p>&nbsp;<\/p>\n<p><b>CONSIDERANDO\u00a0<\/b>a inviabilidade jur\u00eddica de edi\u00e7\u00e3o de um decreto municipal com texto diferente do decreto estadfual n\u00b0 30.419\/2021, na conformidade da realidade local;<\/p>\n<p>&nbsp;<\/p>\n<p><b><u>D E C R E T A:<\/u><\/b><\/p>\n<p>&nbsp;<\/p>\n<p><b>Art. 1\u00ba<\/b>. Ficam determinadas no \u00e2mbito do Munic\u00edpio Lajes\/RN , todas as medidas restritivas observadas no decreto Estadual 30.419\/21, inclusive quanto ao funcionamento das atividades consideras essenciais, \u00e0 fiscaliza\u00e7\u00e3o e \u00e0s penalidades ali previstas.<\/p>\n<p><b>Art. 2\u00ba.<\/b>\u00a0Este Decreto entra em vigor na data de sua publica\u00e7\u00e3o, revogada as disposi\u00e7\u00f5es em contr\u00e1rio;<\/p>\n<p>&nbsp;<\/p>\n<p>Registre-se, publique-se e cumpra-se;<\/p>\n<p>&nbsp;<\/p>\n<p><b>Lajes\/RN, Pal\u00e1cio Alzira Soriano, em 22 de mar\u00e7o de 2021.<\/b><\/p>\n<p>&nbsp;<\/p>\n<p><b><i>FELIPE FERREIRA DE MENEZES ARA\u00daJO<\/i><\/b><\/p>\n<p>Prefeito Municipal<\/p>\n<\/div>\n<div class=\"pdfprnt-buttons pdfprnt-buttons-post pdfprnt-bottom-right\"><a href=\"https:\/\/lajes.rn.gov.br\/transparente\/index\/wp-json\/wp\/v2\/posts\/27430?print=pdf\" class=\"pdfprnt-button pdfprnt-button-pdf\" target=\"_blank\" ><img decoding=\"async\" src=\"https:\/\/lajes.rn.gov.br\/transparente\/index\/wp-content\/plugins\/pdf-print\/images\/pdf.png\" alt=\"image_pdf\" title=\"Ver PDF\" \/><\/a><a href=\"https:\/\/lajes.rn.gov.br\/transparente\/index\/wp-json\/wp\/v2\/posts\/27430?print=print\" class=\"pdfprnt-button pdfprnt-button-print\" target=\"_blank\" ><img decoding=\"async\" src=\"https:\/\/lajes.rn.gov.br\/transparente\/index\/wp-content\/plugins\/pdf-print\/images\/print.png\" alt=\"image_print\" title=\"Conte\u00fado de impress\u00e3o\" \/><\/a><\/div>","protected":false},"excerpt":{"rendered":"<p>ESTADO DO RIO GRANDE DO NORTE PREFEITURA MUNICIPAL DE LAJES GABINETE DO PREFEITO DECRETO MUNICIPAL N\u00b0 012\/2021 \u2013 GP Disp\u00f5e sobre medidas de isolamento social, em car\u00e1ter excepcional e tempor\u00e1rio, destinadas ao enfrentamento da pandemia do novo coronav\u00edrus, no \u00e2mbito do Munic\u00edpio de Lajes\/RN. &nbsp; O PREFEITO CONSTITUCIONAL DO MUNIC\u00cdPIO DE LAJES\/RN, no uso das [&hellip;]<\/p>\n","protected":false},"author":3,"featured_media":0,"comment_status":"closed","ping_status":"closed","sticky":false,"template":"","format":"standard","meta":{"ocean_post_layout":"","ocean_both_sidebars_style":"","ocean_both_sidebars_content_width":0,"ocean_both_sidebars_sidebars_width":0,"ocean_sidebar":"","ocean_second_sidebar":"","ocean_disable_margins":"enable","ocean_add_body_class":"","ocean_shortcode_before_top_bar":"","ocean_shortcode_after_top_bar":"","ocean_shortcode_before_header":"","ocean_shortcode_after_header":"","ocean_has_shortcode":"","ocean_shortcode_after_title":"","ocean_shortcode_before_footer_widgets":"","ocean_shortcode_after_footer_widgets":"","ocean_shortcode_before_footer_bottom":"","ocean_shortcode_after_footer_bottom":"","ocean_display_top_bar":"default","ocean_display_header":"default","ocean_header_style":"","ocean_center_header_left_menu":"","ocean_custom_header_template":"","ocean_custom_logo":0,"ocean_custom_retina_logo":0,"ocean_custom_logo_max_width":0,"ocean_custom_logo_tablet_max_width":0,"ocean_custom_logo_mobile_max_width":0,"ocean_custom_logo_max_height":0,"ocean_custom_logo_tablet_max_height":0,"ocean_custom_logo_mobile_max_height":0,"ocean_header_custom_menu":"","ocean_menu_typo_font_family":"","ocean_menu_typo_font_subset":"","ocean_menu_typo_font_size":0,"ocean_menu_typo_font_size_tablet":0,"ocean_menu_typo_font_size_mobile":0,"ocean_menu_typo_font_size_unit":"px","ocean_menu_typo_font_weight":"","ocean_menu_typo_font_weight_tablet":"","ocean_menu_typo_font_weight_mobile":"","ocean_menu_typo_transform":"","ocean_menu_typo_transform_tablet":"","ocean_menu_typo_transform_mobile":"","ocean_menu_typo_line_height":0,"ocean_menu_typo_line_height_tablet":0,"ocean_menu_typo_line_height_mobile":0,"ocean_menu_typo_line_height_unit":"","ocean_menu_typo_spacing":0,"ocean_menu_typo_spacing_tablet":0,"ocean_menu_typo_spacing_mobile":0,"ocean_menu_typo_spacing_unit":"","ocean_menu_link_color":"","ocean_menu_link_color_hover":"","ocean_menu_link_color_active":"","ocean_menu_link_background":"","ocean_menu_link_hover_background":"","ocean_menu_link_active_background":"","ocean_menu_social_links_bg":"","ocean_menu_social_hover_links_bg":"","ocean_menu_social_links_color":"","ocean_menu_social_hover_links_color":"","ocean_disable_title":"default","ocean_disable_heading":"default","ocean_post_title":"","ocean_post_subheading":"","ocean_post_title_style":"","ocean_post_title_background_color":"","ocean_post_title_background":0,"ocean_post_title_bg_image_position":"","ocean_post_title_bg_image_attachment":"","ocean_post_title_bg_image_repeat":"","ocean_post_title_bg_image_size":"","ocean_post_title_height":0,"ocean_post_title_bg_overlay":0.5,"ocean_post_title_bg_overlay_color":"","ocean_disable_breadcrumbs":"default","ocean_breadcrumbs_color":"","ocean_breadcrumbs_separator_color":"","ocean_breadcrumbs_links_color":"","ocean_breadcrumbs_links_hover_color":"","ocean_display_footer_widgets":"default","ocean_display_footer_bottom":"default","ocean_custom_footer_template":"","ocean_post_oembed":"","ocean_post_self_hosted_media":"","ocean_post_video_embed":"","ocean_link_format":"","ocean_link_format_target":"self","ocean_quote_format":"","ocean_quote_format_link":"post","ocean_gallery_link_images":"on","ocean_gallery_id":[],"footnotes":""},"categories":[12,38,42,2,73],"tags":[],"class_list":["post-27430","post","type-post","status-publish","format-standard","hentry","category-covid-19","category-decretos","category-decretos-2021","category-legislacao","category-legislacao-covid-19","entry"],"_links":{"self":[{"href":"https:\/\/lajes.rn.gov.br\/transparente\/index\/wp-json\/wp\/v2\/posts\/27430","targetHints":{"allow":["GET"]}}],"collection":[{"href":"https:\/\/lajes.rn.gov.br\/transparente\/index\/wp-json\/wp\/v2\/posts"}],"about":[{"href":"https:\/\/lajes.rn.gov.br\/transparente\/index\/wp-json\/wp\/v2\/types\/post"}],"author":[{"embeddable":true,"href":"https:\/\/lajes.rn.gov.br\/transparente\/index\/wp-json\/wp\/v2\/users\/3"}],"replies":[{"embeddable":true,"href":"https:\/\/lajes.rn.gov.br\/transparente\/index\/wp-json\/wp\/v2\/comments?post=27430"}],"version-history":[{"count":1,"href":"https:\/\/lajes.rn.gov.br\/transparente\/index\/wp-json\/wp\/v2\/posts\/27430\/revisions"}],"predecessor-version":[{"id":27431,"href":"https:\/\/lajes.rn.gov.br\/transparente\/index\/wp-json\/wp\/v2\/posts\/27430\/revisions\/27431"}],"wp:attachment":[{"href":"https:\/\/lajes.rn.gov.br\/transparente\/index\/wp-json\/wp\/v2\/media?parent=27430"}],"wp:term":[{"taxonomy":"category","embeddable":true,"href":"https:\/\/lajes.rn.gov.br\/transparente\/index\/wp-json\/wp\/v2\/categories?post=27430"},{"taxonomy":"post_tag","embeddable":true,"href":"https:\/\/lajes.rn.gov.br\/transparente\/index\/wp-json\/wp\/v2\/tags?post=27430"}],"curies":[{"name":"wp","href":"https:\/\/api.w.org\/{rel}","templated":true}]}}