{"id":27416,"date":"2013-12-02T10:33:35","date_gmt":"2013-12-02T12:33:35","guid":{"rendered":"https:\/\/lajes.rn.gov.br\/transparente\/index\/?p=27416"},"modified":"2023-04-27T10:34:42","modified_gmt":"2023-04-27T13:34:42","slug":"lei-no-590-2013-dispoe-sobre-o-plano-plurianual-do-municipio-para-o-quadrienio-2014-2017-e-da-outras-providencias","status":"publish","type":"post","link":"https:\/\/lajes.rn.gov.br\/transparente\/index\/lei-no-590-2013-dispoe-sobre-o-plano-plurianual-do-municipio-para-o-quadrienio-2014-2017-e-da-outras-providencias\/","title":{"rendered":"LEI N\u00ba 590\/2013 &#8211; Disp\u00f5e sobre o Plano Plurianual do Munic\u00edpio para o quadri\u00eanio 2014-2017 e d\u00e1 outras provid\u00eancias."},"content":{"rendered":"<div id=\"separador\" class=\"cabecalhoEstadoSeparador cabecalhoEstadoSeparador1\">\n<p style=\"text-align: center;\"><strong>ESTADO DO RIO GRANDE DO NORTE<\/strong><br \/>\n<strong>PREFEITURA MUNICIPAL DE LAJES<\/strong><\/p>\n<\/div>\n<p class=\"cabecaorgao\" style=\"text-align: center;\"><strong>GABINETE DO PREFEITO<\/strong><\/p>\n<hr \/>\n<div id=\"materia\" class=\"materia materia20091123 materia1\">\n<p>LEI N\u00ba 590\/2013<\/p>\n<div class=\"mat\"><\/div>\n<p>Disp\u00f5e sobre o Plano Plurianual do Munic\u00edpio para o quadri\u00eanio 2014-2017 e d\u00e1 outras provid\u00eancias.<\/p>\n<p>&nbsp;<\/p>\n<p><b>O PREFEITO MUNICIPAL DE LAJES,\u00a0<\/b>Estado do Rio Grande do Norte, Faz saber que a C\u00e2mara Municipal aprovou e eu sanciono a seguinte Lei<b>;<\/b><\/p>\n<p>&nbsp;<\/p>\n<p><b>CAPITULO I<\/b><\/p>\n<p><b>DA ESTRUTURA E ORGANIZA\u00c7\u00c3O DO PLANO<\/b><\/p>\n<p>&nbsp;<\/p>\n<p><b>Art. 1\u00ba &#8211;<\/b>\u00a0Esta Lei institui o Plano Plurianual para o quadri\u00eanio 2014\/2017, em cumprimento ao disposto no artigo 165, par\u00e1grafo 1\u00ba, da Constitui\u00e7\u00e3o Federal e a Lei Org\u00e2nica do Munic\u00edpio.<\/p>\n<p><b>Paragrafo \u00danico \u2013<\/b>\u00a0Integram o Plano Plurianual os seguintes anexos:<\/p>\n<p>&nbsp;<\/p>\n<p>I \u2013 Anexo I \u2013 Estrat\u00e9gias, Diretrizes e S\u00edntese do Plano Plurianual;<\/p>\n<p>II \u2013 Anexo II \u2013 Listagem dos programas por \u00f3rg\u00e3o, indicando o objetivo, o publico alvo, o valor e as metas das a\u00e7\u00f5es para o per\u00edodo.<\/p>\n<p>&nbsp;<\/p>\n<p><b>Art. 2\u00ba &#8211;<\/b>\u00a0O Plano Plurianual 2014-2017 organiza a atua\u00e7\u00e3o do governo municipal em Eixos e programas orientados para o alcance dos objetivos estrat\u00e9gicos definidos para o per\u00edodo.<\/p>\n<p><b>Art. 3\u00b0 &#8211;<\/b>\u00a0Os programas e A\u00e7\u00f5es deste Plano ser\u00e3o observados nas leis de diretrizes or\u00e7amentarias, nas leis or\u00e7amentarias anuais e nas leis que as modifiquem.<\/p>\n<p><b>Art. 4\u00ba &#8211;<\/b>\u00a0Para efeito desta lei, entende-se por:<\/p>\n<p>&nbsp;<\/p>\n<p>I \u2013 Eixo: macro desafio tornado elemento de organiza\u00e7\u00e3o que aglutina programas que se relacionam, integram-se ou complementam-se para sua resolu\u00e7\u00e3o.<\/p>\n<p>II \u2013 Programa: instrumento de organiza\u00e7\u00e3o da a\u00e7\u00e3o governamental que articula um conjunto de a\u00e7\u00f5es visando concretizar o objetivo nele estabelecido, sendo classificado como:<\/p>\n<p>&nbsp;<\/p>\n<p>a) Final\u00edstico: aquele em que s\u00e3o ofertados bens e servi\u00e7os diretamente \u00e0 sociedade, gerando resultados passiveis de aferi\u00e7\u00e3o por meio de indicadores.<\/p>\n<p>b) Gest\u00e3o de politicas publicas: aqueles voltados para a oferta de bens e servi\u00e7os \u00e0 administra\u00e7\u00e3o municipal, para a gest\u00e3o de politicas e para apoio administrativo.<\/p>\n<p>&nbsp;<\/p>\n<p>III \u2013 A\u00e7\u00e3o: instrumento de programa\u00e7\u00e3o que contribui para atender ao objetivo de um programa, podendo ser projeto, quando concorre para expans\u00e3o ou aperfei\u00e7oamento da a\u00e7\u00e3o do governo, mas limitado no tempo, atividade, quando se realiza de modo cont\u00ednuo e permanente.<\/p>\n<p>&nbsp;<\/p>\n<p><b>Art. 5\u00ba &#8211;<\/b>\u00a0Os valores financeiros estabelecidos para as a\u00e7\u00f5es constantes do Plano Plurianual s\u00e3o estimativos, n\u00e3o se constituindo em limites \u00e0 programa\u00e7\u00e3o das despesas expressas nas leis or\u00e7amentarias e seus respectivos cr\u00e9ditos adicionais.<\/p>\n<p>&nbsp;<\/p>\n<p><b>CAPITULO II<\/b><\/p>\n<p><b>DA GEST\u00c3O DO PLANO<\/b><\/p>\n<p>&nbsp;<\/p>\n<p><b>Art. 6\u00ba &#8211;<\/b>\u00a0A gest\u00e3o do Plano Plurianual observar\u00e1 os princ\u00edpios de efici\u00eancia, efic\u00e1cia e efetividade, compreendendo a implementa\u00e7\u00e3o. Monitoramento, avalia\u00e7\u00e3o e revis\u00e3o de programas.<\/p>\n<p><b>Art. 7\u00ba &#8211;<\/b>\u00a0O poder Executivo manter\u00e1 sistema de informa\u00e7\u00f5es gerenciais e de planejamento para apoio a gest\u00e3o do Plano, com caracter\u00edstica de sistema estruturador de governo.<\/p>\n<p><b>Art. 8\u00ba &#8211;<\/b>\u00a0Caber\u00e1 ao poder Executivo estabelecer normas complementares para a gest\u00e3o do Plano Plurianual 2014-2017.<\/p>\n<p><b>Art. 9\u00ba &#8211;<\/b>\u00a0A gest\u00e3o fiscal e or\u00e7ament\u00e1ria e a legisla\u00e7\u00e3o correlata dever\u00e3o considerar as diretrizes de eleva\u00e7\u00e3o dos investimentos p\u00fablicos e de conten\u00e7\u00e3o do crescimento das despesas correntes prim\u00e1rias.<\/p>\n<p><b>Art. 10\u00ba &#8211;<\/b>\u00a0A exclus\u00e3o ou altera\u00e7\u00e3o de programas constantes desta lei ou a inclus\u00e3o de novo programa ser\u00e3o propostos pelo poder Executivo por meio de projeto de lei de revis\u00e3o anual ou especifico de altera\u00e7\u00e3o da Lei do Plano Plurianual.<\/p>\n<p>&nbsp;<\/p>\n<p>\u00a7 1\u00b0. Os projetos de lei de revis\u00e3o anual ser\u00e3o encaminhados a C\u00e2mara Municipal at\u00e9 31 de agosto de 2014, 2015 e 2016.<\/p>\n<p>\u00a7 2\u00b0. Os projetos de lei de revis\u00e3o do Plano Plurianual conter\u00e3o, no m\u00ednimo, na hip\u00f3tese de:<\/p>\n<p>&nbsp;<\/p>\n<p>I \u2013 Inclus\u00e3o de programas ou a\u00e7\u00e3o:<\/p>\n<p>&nbsp;<\/p>\n<p>a) Diagnostico sobre a atual situa\u00e7\u00e3o do problema ou demanda da sociedade que queira atender com o programa proposto;<\/p>\n<p>b) Indica\u00e7\u00e3o dos recursos financiar\u00e3o o programa ou a a\u00e7\u00e3o proposta.<\/p>\n<p>&nbsp;<\/p>\n<p>II \u2013 altera\u00e7\u00e3o ou exclus\u00e3o de programas ou a\u00e7\u00f5es:<\/p>\n<p>&nbsp;<\/p>\n<p>a) Exposi\u00e7\u00e3o dos motivos que ensejam a proposta.<\/p>\n<p>&nbsp;<\/p>\n<p>\u00a7 3\u00b0. Considere-se altera\u00e7\u00e3o de programa:<\/p>\n<p>&nbsp;<\/p>\n<p>I \u2013 modifica\u00e7\u00e3o da denomina\u00e7\u00e3o, do objetivo ou do p\u00fablico-alvo;<\/p>\n<p>II \u2013 inclus\u00e3o ou exclus\u00e3o de a\u00e7\u00f5es;<\/p>\n<p>III \u2013 altera\u00e7\u00e3o do titulo, do produto e da unidade de medida das a\u00e7\u00f5es.<\/p>\n<p>&nbsp;<\/p>\n<p>\u00a7 4\u00b0. As altera\u00e7\u00f5es previstas no inciso II do \u00a7 3\u00ba poder\u00e3o ocorrer por interm\u00e9dio da Lei Or\u00e7amentaria ou de seus cr\u00e9ditos adicionais, desde que mantenha a mesma codifica\u00e7\u00e3o e n\u00e3o modifique a finalidade ou a sua abrang\u00eancia geogr\u00e1fica.<\/p>\n<p><b>Art. 11\u00ba &#8211;<\/b>\u00a0O Poder Executivo fica autorizado a:<\/p>\n<p>&nbsp;<\/p>\n<p>I \u2013 alterar o \u00f3rg\u00e3o respons\u00e1vel pelas a\u00e7\u00f5es;<\/p>\n<p>II \u2013 adequar a meta f\u00edsica da a\u00e7\u00e3o para compatibiliza-la com altera\u00e7\u00e3o no seu valor, produto, ou unidade de medida, efetivadas pelas leis or\u00e7amentarias anuais e seus cr\u00e9ditos adicionais ou por leis que alteram o Plano Plurianual.<\/p>\n<p>&nbsp;<\/p>\n<p><b>CAPITULO III<\/b><\/p>\n<p><b>DO MONITORAMENTO E AVALIA\u00c7\u00c3O<\/b><\/p>\n<p>&nbsp;<\/p>\n<p><b>Art. 12\u00ba &#8211;<\/b>\u00a0O poder Executivo, atrav\u00e9s da Secretaria Municipal de Planejamento e Finan\u00e7as, instituir\u00e1 o sistema de informa\u00e7\u00e3o, acompanhamento, controle e avalia\u00e7\u00e3o do Plano Plurianual 2014-2017.<\/p>\n<p><b>Art. 13\u00ba &#8211;<\/b>\u00a0Os \u00f3rg\u00e3os do Poder Executivo respons\u00e1veis pelas a\u00e7\u00f5es dever\u00e3o manter atualizados, durante cada exerc\u00edcio financeiro, de forma estabelecida pelo \u00f3rg\u00e3o central do sistema de planejamento, or\u00e7amento e finan\u00e7as, as informa\u00e7\u00f5es referentes \u00e0 execu\u00e7\u00e3o f\u00edsica e financeira das a\u00e7\u00f5es sob sua responsabilidade.<\/p>\n<p><b>Art. 14\u00ba &#8211;<\/b>\u00a0O Poder Executivo promover\u00e1 a participa\u00e7\u00e3o da sociedade no acompanhamento e avalia\u00e7\u00e3o do Plano de que trata esta lei.<\/p>\n<p><b>Art. 15\u00ba &#8211;<\/b>\u00a0A Secretaria Municipal de Planejamento e Finan\u00e7as garantir\u00e1 o acesso, pela internet, as informa\u00e7\u00f5es constantes do sistema de acompanhamento, controle e avalia\u00e7\u00e3o.<\/p>\n<p>&nbsp;<\/p>\n<p><b>CAPITULO IV<\/b><\/p>\n<p><b>DISPOSI\u00c7\u00d5ES GERAIS<\/b><\/p>\n<p>&nbsp;<\/p>\n<p><b>Art. 16\u00ba &#8211;<\/b>\u00a0O Poder Executivo divulgar\u00e1, pela internet, pelo menos uma vez em cada um dos anos subsequentes \u00e0 aprova\u00e7\u00e3o do Plano, em fun\u00e7\u00e3o de altera\u00e7\u00f5es ocorridas.<\/p>\n<p><b>Art. 17\u00ba &#8211;<\/b>\u00a0Esta Lei entra em vigor na data de sua publica\u00e7\u00e3o, tendo os seus efeitos a partir de 1\u00ba de janeiro de 2014, revogadas as disposi\u00e7\u00f5es em contr\u00e1rio.<\/p>\n<p>&nbsp;<\/p>\n<p>Lajes\/RN, em 02 de Dezembro de 2013.<\/p>\n<p>&nbsp;<\/p>\n<p><b><i>LUIZ BENES LEOC\u00c1DIO DE ARA\u00daJO<\/i><\/b><\/p>\n<p>Prefeito Municipal<\/p>\n<p>&nbsp;<\/p>\n<p><b><i>ORLANDO PALHARES DA SILVA<\/i><\/b><\/p>\n<p>Secret\u00e1rio Municipal de Planejamento e Finan\u00e7as<\/p>\n<\/div>\n<div class=\"pdfprnt-buttons pdfprnt-buttons-post pdfprnt-bottom-right\"><a href=\"https:\/\/lajes.rn.gov.br\/transparente\/index\/wp-json\/wp\/v2\/posts\/27416?print=pdf\" class=\"pdfprnt-button pdfprnt-button-pdf\" target=\"_blank\" ><img decoding=\"async\" src=\"https:\/\/lajes.rn.gov.br\/transparente\/index\/wp-content\/plugins\/pdf-print\/images\/pdf.png\" alt=\"image_pdf\" title=\"Ver PDF\" \/><\/a><a href=\"https:\/\/lajes.rn.gov.br\/transparente\/index\/wp-json\/wp\/v2\/posts\/27416?print=print\" class=\"pdfprnt-button pdfprnt-button-print\" target=\"_blank\" ><img decoding=\"async\" src=\"https:\/\/lajes.rn.gov.br\/transparente\/index\/wp-content\/plugins\/pdf-print\/images\/print.png\" alt=\"image_print\" title=\"Conte\u00fado de impress\u00e3o\" \/><\/a><\/div>","protected":false},"excerpt":{"rendered":"<p>ESTADO DO RIO GRANDE DO NORTE PREFEITURA MUNICIPAL DE LAJES GABINETE DO PREFEITO LEI N\u00ba 590\/2013 Disp\u00f5e sobre o Plano Plurianual do Munic\u00edpio para o quadri\u00eanio 2014-2017 e d\u00e1 outras provid\u00eancias. &nbsp; O PREFEITO MUNICIPAL DE LAJES,\u00a0Estado do Rio Grande do Norte, Faz saber que a C\u00e2mara Municipal aprovou e eu sanciono a seguinte Lei; [&hellip;]<\/p>\n","protected":false},"author":3,"featured_media":0,"comment_status":"closed","ping_status":"closed","sticky":false,"template":"","format":"standard","meta":{"ocean_post_layout":"","ocean_both_sidebars_style":"","ocean_both_sidebars_content_width":0,"ocean_both_sidebars_sidebars_width":0,"ocean_sidebar":"","ocean_second_sidebar":"","ocean_disable_margins":"enable","ocean_add_body_class":"","ocean_shortcode_before_top_bar":"","ocean_shortcode_after_top_bar":"","ocean_shortcode_before_header":"","ocean_shortcode_after_header":"","ocean_has_shortcode":"","ocean_shortcode_after_title":"","ocean_shortcode_before_footer_widgets":"","ocean_shortcode_after_footer_widgets":"","ocean_shortcode_before_footer_bottom":"","ocean_shortcode_after_footer_bottom":"","ocean_display_top_bar":"default","ocean_display_header":"default","ocean_header_style":"","ocean_center_header_left_menu":"","ocean_custom_header_template":"","ocean_custom_logo":0,"ocean_custom_retina_logo":0,"ocean_custom_logo_max_width":0,"ocean_custom_logo_tablet_max_width":0,"ocean_custom_logo_mobile_max_width":0,"ocean_custom_logo_max_height":0,"ocean_custom_logo_tablet_max_height":0,"ocean_custom_logo_mobile_max_height":0,"ocean_header_custom_menu":"","ocean_menu_typo_font_family":"","ocean_menu_typo_font_subset":"","ocean_menu_typo_font_size":0,"ocean_menu_typo_font_size_tablet":0,"ocean_menu_typo_font_size_mobile":0,"ocean_menu_typo_font_size_unit":"px","ocean_menu_typo_font_weight":"","ocean_menu_typo_font_weight_tablet":"","ocean_menu_typo_font_weight_mobile":"","ocean_menu_typo_transform":"","ocean_menu_typo_transform_tablet":"","ocean_menu_typo_transform_mobile":"","ocean_menu_typo_line_height":0,"ocean_menu_typo_line_height_tablet":0,"ocean_menu_typo_line_height_mobile":0,"ocean_menu_typo_line_height_unit":"","ocean_menu_typo_spacing":0,"ocean_menu_typo_spacing_tablet":0,"ocean_menu_typo_spacing_mobile":0,"ocean_menu_typo_spacing_unit":"","ocean_menu_link_color":"","ocean_menu_link_color_hover":"","ocean_menu_link_color_active":"","ocean_menu_link_background":"","ocean_menu_link_hover_background":"","ocean_menu_link_active_background":"","ocean_menu_social_links_bg":"","ocean_menu_social_hover_links_bg":"","ocean_menu_social_links_color":"","ocean_menu_social_hover_links_color":"","ocean_disable_title":"default","ocean_disable_heading":"default","ocean_post_title":"","ocean_post_subheading":"","ocean_post_title_style":"","ocean_post_title_background_color":"","ocean_post_title_background":0,"ocean_post_title_bg_image_position":"","ocean_post_title_bg_image_attachment":"","ocean_post_title_bg_image_repeat":"","ocean_post_title_bg_image_size":"","ocean_post_title_height":0,"ocean_post_title_bg_overlay":0.5,"ocean_post_title_bg_overlay_color":"","ocean_disable_breadcrumbs":"default","ocean_breadcrumbs_color":"","ocean_breadcrumbs_separator_color":"","ocean_breadcrumbs_links_color":"","ocean_breadcrumbs_links_hover_color":"","ocean_display_footer_widgets":"default","ocean_display_footer_bottom":"default","ocean_custom_footer_template":"","ocean_post_oembed":"","ocean_post_self_hosted_media":"","ocean_post_video_embed":"","ocean_link_format":"","ocean_link_format_target":"self","ocean_quote_format":"","ocean_quote_format_link":"post","ocean_gallery_link_images":"on","ocean_gallery_id":[],"footnotes":""},"categories":[2,49,50],"tags":[],"class_list":["post-27416","post","type-post","status-publish","format-standard","hentry","category-legislacao","category-leis-municipais","category-leis-municipais-2013","entry"],"_links":{"self":[{"href":"https:\/\/lajes.rn.gov.br\/transparente\/index\/wp-json\/wp\/v2\/posts\/27416","targetHints":{"allow":["GET"]}}],"collection":[{"href":"https:\/\/lajes.rn.gov.br\/transparente\/index\/wp-json\/wp\/v2\/posts"}],"about":[{"href":"https:\/\/lajes.rn.gov.br\/transparente\/index\/wp-json\/wp\/v2\/types\/post"}],"author":[{"embeddable":true,"href":"https:\/\/lajes.rn.gov.br\/transparente\/index\/wp-json\/wp\/v2\/users\/3"}],"replies":[{"embeddable":true,"href":"https:\/\/lajes.rn.gov.br\/transparente\/index\/wp-json\/wp\/v2\/comments?post=27416"}],"version-history":[{"count":1,"href":"https:\/\/lajes.rn.gov.br\/transparente\/index\/wp-json\/wp\/v2\/posts\/27416\/revisions"}],"predecessor-version":[{"id":27417,"href":"https:\/\/lajes.rn.gov.br\/transparente\/index\/wp-json\/wp\/v2\/posts\/27416\/revisions\/27417"}],"wp:attachment":[{"href":"https:\/\/lajes.rn.gov.br\/transparente\/index\/wp-json\/wp\/v2\/media?parent=27416"}],"wp:term":[{"taxonomy":"category","embeddable":true,"href":"https:\/\/lajes.rn.gov.br\/transparente\/index\/wp-json\/wp\/v2\/categories?post=27416"},{"taxonomy":"post_tag","embeddable":true,"href":"https:\/\/lajes.rn.gov.br\/transparente\/index\/wp-json\/wp\/v2\/tags?post=27416"}],"curies":[{"name":"wp","href":"https:\/\/api.w.org\/{rel}","templated":true}]}}