{"id":27404,"date":"2013-10-25T10:20:06","date_gmt":"2013-10-25T12:20:06","guid":{"rendered":"https:\/\/lajes.rn.gov.br\/transparente\/index\/?p=27404"},"modified":"2023-04-27T10:21:10","modified_gmt":"2023-04-27T13:21:10","slug":"lei-no-585-2013-dispoe-sobre-a-criacao-do-conselho-municipal-de-juventude-no-ambito-do-municipio-de-lajes-rn-e-da-outras-providencias","status":"publish","type":"post","link":"https:\/\/lajes.rn.gov.br\/transparente\/index\/lei-no-585-2013-dispoe-sobre-a-criacao-do-conselho-municipal-de-juventude-no-ambito-do-municipio-de-lajes-rn-e-da-outras-providencias\/","title":{"rendered":"LEI N\u00ba 585\/2013 &#8211; Disp\u00f5e sobre a cria\u00e7\u00e3o do Conselho Municipal de Juventude no \u00e2mbito do munic\u00edpio de Lajes\/RN e da outras provid\u00eancias"},"content":{"rendered":"<div id=\"separador\" class=\"cabecalhoEstadoSeparador cabecalhoEstadoSeparador1\">\n<p style=\"text-align: center;\"><strong>ESTADO DO RIO GRANDE DO NORTE<\/strong><br \/>\n<strong>PREFEITURA MUNICIPAL DE LAJES<\/strong><\/p>\n<\/div>\n<p class=\"cabecaorgao\" style=\"text-align: center;\"><strong>GABINETE DO PREFEITO<\/strong><\/p>\n<hr \/>\n<div id=\"materia\" class=\"materia materia20091123 materia1\">\n<p>LEI N\u00ba 585\/2013<\/p>\n<div class=\"mat\"><\/div>\n<p>Disp\u00f5e sobre a cria\u00e7\u00e3o do Conselho Municipal de Juventude no \u00e2mbito do munic\u00edpio de Lajes\/RN e da outras provid\u00eancias<\/p>\n<p>&nbsp;<\/p>\n<p><b>O PREFEITO MUNICIPAL DE LAJES,\u00a0<\/b>Estado do Rio Grande do Norte, Faz saber que a C\u00e2mara Municipal aprovou e eu sanciono a seguinte Lei<b>:<\/b><\/p>\n<p>&nbsp;<\/p>\n<p><b>Art. 1\u00ba &#8211;\u00a0<\/b>Fica criado no Munic\u00edpio de Lajes\/RN o Conselho Municipal de Juventude \u2013 CMJ.<\/p>\n<p><b>Art. 2\u00ba &#8211;\u00a0<\/b>O Conselho Municipal de Juventude \u2013 CMJ \u00e9 uma inst\u00e2ncia de participa\u00e7\u00e3o e interlocu\u00e7\u00e3o da sociedade em especial a Juventude, com o Poder Executivo Municipal na formula\u00e7\u00e3o, planejamento e acompanhamento da execu\u00e7\u00e3o das Pol\u00edticas P\u00fablicas de Juventude.<\/p>\n<p><b>Art. 3\u00ba &#8211;\u00a0<\/b>O Conselho Municipal de Juventude \u2013 CMJ \u00e9 um \u00d3rg\u00e3o permanente e aut\u00f4nomo, encarregado de tratar das pol\u00edticas p\u00fablicas de juventude e da garantia do exerc\u00edcio dos direitos do jovem, com os seguintes objetivos:<\/p>\n<p>&nbsp;<\/p>\n<p>I \u2013 Auxiliar na elabora\u00e7\u00e3o de pol\u00edticas p\u00fablicas de juventude que promovam o amplo exerc\u00edcio dos direitos dos jovens.<\/p>\n<p>II \u2013 Colaborar com os \u00f3rg\u00e3os governamentais e Poder Legislativo no planejamento e na implementa\u00e7\u00e3o das pol\u00edticas de juventude.<\/p>\n<p>III \u2013 Estudar, analisar, elaborar, discutir e propor a celebra\u00e7\u00e3o de instrumentos de coopera\u00e7\u00e3o, visando a elabora\u00e7\u00e3o de programas, projetos e a\u00e7\u00f5es voltadas para a juventude, com os \u00f3rg\u00e3os governamentais, institui\u00e7\u00f5es privadas, religiosas, filantr\u00f3picas, associa\u00e7\u00f5es e entidades sem fins lucrativos.<\/p>\n<p>IV \u2013 Estudar, analisar, elaborar, discutir e propor pol\u00edticas p\u00fablicas que permitam e garantam a integra\u00e7\u00e3o e a participa\u00e7\u00e3o do jovem nos processos sociais, econ\u00f4micos, pol\u00edticos e culturais.<\/p>\n<p>V &#8211; Promover a realiza\u00e7\u00e3o de estudos relativos a juventude, objetivando subsidiar o planejamento das pol\u00edticas p\u00fablicas de juventude.<\/p>\n<p>VI \u2013 Propor a cria\u00e7\u00e3o de formas de participa\u00e7\u00e3o da juventude nos \u00f3rg\u00e3os da Administra\u00e7\u00e3o P\u00fablica Municipal.<\/p>\n<p>VII \u2013 Promover e participar de semin\u00e1rios, cursos, congressos e eventos correlatos para o debate de temas relativos a juventude.<\/p>\n<p>VIII \u2013 Desenvolver outras atividades relacionadas \u00e0s pol\u00edticas p\u00fablicas de juventude.<\/p>\n<p>&nbsp;<\/p>\n<p><b>Art. 4\u00ba &#8211;\u00a0<\/b>S\u00e3o atribui\u00e7\u00f5es do Conselho Municipal de Juventude \u2013 CMJ:<\/p>\n<p>&nbsp;<\/p>\n<p>I \u2013 Receber sugest\u00f5es oriundas da sociedade e opinar sobre den\u00fancias que lhe sejam encaminhadas, no \u00e2mbito de suas atribui\u00e7\u00f5es, dando ci\u00eancia das mesmas aos \u00f3rg\u00e3os competentes.<\/p>\n<p>II \u2013 Encaminhar ao Minist\u00e9rio P\u00fablico not\u00edcia de fato que constitua infra\u00e7\u00e3o administrativa ou penal contra os direitos do jovem garantidos na legisla\u00e7\u00e3o.<\/p>\n<p>III \u2013 Solicitar informa\u00e7\u00f5es das autoridades p\u00fablicas.<\/p>\n<p>IV &#8211; Assessorar o Poder Executivo na elabora\u00e7\u00e3o dos planos, programas, projetos, a\u00e7\u00f5es e proposta or\u00e7ament\u00e1ria das pol\u00edticas de juventude.<\/p>\n<p>V &#8211; Apoiar, acompanhar e assessorar projetos de interesse da juventude.<\/p>\n<p>&nbsp;<\/p>\n<p><b>Art. 5\u00ba &#8211;\u00a0<\/b>A composi\u00e7\u00e3o do Conselho Municipal de Juventude \u2013 CMJ, se dar\u00e1 obedecendo a paridade entre a representa\u00e7\u00e3o do Poder P\u00fablico e Sociedade Civil, constando membro titular e suplente, com a seguinte representatividade:<\/p>\n<p>&nbsp;<\/p>\n<p>I \u2013 1 representante e seu respectivo suplente, da Juventude Cat\u00f3lica.<\/p>\n<p>II \u2013 1 representante e seu respectivo suplente, da Juventude das Igrejas Evang\u00e9licas.<\/p>\n<p>III \u2013 1 representante e seu respectivo suplente, das Associa\u00e7\u00f5es Rurais do Munic\u00edpio.<\/p>\n<p>IV \u2013 1 representante e seu respectivo suplente, das Organiza\u00e7\u00f5es Culturais do Munic\u00edpio.<\/p>\n<p>V \u2013 1 representante e seu respectivo suplente, das Organiza\u00e7\u00f5es esportivas do Munic\u00edpio.<\/p>\n<p>VI &#8211; 1 representante e seu respectivo suplente da classe estudantil do Munic\u00edpio.<\/p>\n<p>VII \u2013 1 representante e seu respectivo suplente da Secretaria Municipal de Juventude Esporte e Lazer.<\/p>\n<p>VIII \u2013 1 representante e seu respectivo suplente da Secretaria Municipal do Trabalho Habita\u00e7\u00e3o e Assist\u00eancia Social.<\/p>\n<p>IX &#8211; 1 representante e seu respectivo suplente da Secretaria Municipal de Turismo, Desenvolvimento Econ\u00f4mico e Recursos Minerais.<\/p>\n<p>X &#8211; 1 representante e seu respectivo suplente da Secretaria Municipal de Sa\u00fade.<\/p>\n<p>XI &#8211; 1 representante e seu respectivo suplente da Secretaria Municipal de Educa\u00e7\u00e3o e Cultura.<\/p>\n<p>XII &#8211; 1 representante e seu respectivo suplente do Poder Legislativo Municipal.<\/p>\n<p>O representante do Poder Legislativo Municipal ser\u00e1 obrigatoriamente o Vereador mais jovem da Legislatura seguindo-se o mesmo crit\u00e9rio para o seu respectivo suplente.<\/p>\n<p>&nbsp;<\/p>\n<p><b>\u00a7 1\u00ba &#8211;\u00a0<\/b>A representa\u00e7\u00e3o da Sociedade Civil no Conselho Municipal de Juventude \u2013 CMJ ser\u00e1 obrigatoriamente de jovens que tenham entre 18 e 29 anos de idade, sendo vedada a indica\u00e7\u00e3o por parte dos seguimentos com assento no Conselho de pessoas que sejam menor de 18 anos ou maior de 29 anos de idade.<\/p>\n<p><b>\u00a7 2\u00ba &#8211;\u00a0<\/b>Os membros suplentes dever\u00e3o ser convocados para todas as reuni\u00f5es, sendo assegurado aos mesmos o direito a voz.<\/p>\n<p>&nbsp;<\/p>\n<p><b>Art. 6\u00ba &#8211;\u00a0<\/b>O Poder Executivo dever\u00e1 consultar e informar o Conselho Municipal de Juventude \u2013 CMJ, sobre programas, projetos ou qualquer outro tipo a\u00e7\u00e3o voltada para a juventude realizada no \u00e2mbito deste Munic\u00edpio.<\/p>\n<p>&nbsp;<\/p>\n<p><b>Art. 7\u00ba &#8211;\u00a0<\/b>O Poder Executivo Municipal atrav\u00e9s de ato inerente a este Poder, ter\u00e1 um prazo de trinta dias, contados a partir da data que esta Lei for sancionada, para nomear os membros do Conselho Municipal de Juventude \u2013 CMJ (diante das indica\u00e7\u00f5es feitas pelas entidades representadas no mesmo), e demais provid\u00eancias necess\u00e1rias para efetiva\u00e7\u00e3o do referido Conselho.<\/p>\n<p><b>Art. 8\u00ba &#8211;\u00a0<\/b>Os membros do Conselho Municipal de Juventude \u2013 CMJ ter\u00e3o um prazo de 15 dias, contados a partir da data das nomea\u00e7\u00f5es para se reunirem sobre a Presid\u00eancia do conselheiro mais idoso para escolha da diretoria, cronograma de reuni\u00f5es, e deliberarem sobre o Regimento Interno.<\/p>\n<p><b>Art. 9\u00ba &#8211;\u00a0<\/b>A diretoria do Conselho Municipal de Juventude \u2013 CMJ ser\u00e1 composta de no m\u00ednimo 5 pessoas:<\/p>\n<p>&nbsp;<\/p>\n<p>I \u2013 Presidente.<\/p>\n<p>II \u2013 Vice-presidente.<\/p>\n<p>III \u2013 1\u00ba Secret\u00e1rio.<\/p>\n<p>IV \u2013 2\u00ba Secret\u00e1rio.<\/p>\n<p>V \u2013 Tesoureiro.<\/p>\n<p>&nbsp;<\/p>\n<p><b>Art. 10\u00ba &#8211;\u00a0<\/b>Esta Lei entrar\u00e1 em vigor na data da sua publica\u00e7\u00e3o, revogadas as disposi\u00e7\u00f5es em contr\u00e1rio.<\/p>\n<p>&nbsp;<\/p>\n<p>Lajes\/RN, em 25 de Outubro de 2013.<\/p>\n<p>&nbsp;<\/p>\n<p><b><i>LUIZ BENES LEOC\u00c1DIO DE ARA\u00daJO<\/i><\/b><\/p>\n<p>Prefeito Municipal<\/p>\n<p>&nbsp;<\/p>\n<p><b><i>JOS\u00c9 LAUREANO ALVES<\/i><\/b><\/p>\n<p>Secret\u00e1rio Municipal da Juventude, Esporte e Lazer<\/p>\n<\/div>\n<div class=\"pdfprnt-buttons pdfprnt-buttons-post pdfprnt-bottom-right\"><a href=\"https:\/\/lajes.rn.gov.br\/transparente\/index\/wp-json\/wp\/v2\/posts\/27404?print=pdf\" class=\"pdfprnt-button pdfprnt-button-pdf\" target=\"_blank\" ><img decoding=\"async\" src=\"https:\/\/lajes.rn.gov.br\/transparente\/index\/wp-content\/plugins\/pdf-print\/images\/pdf.png\" alt=\"image_pdf\" title=\"Ver PDF\" \/><\/a><a href=\"https:\/\/lajes.rn.gov.br\/transparente\/index\/wp-json\/wp\/v2\/posts\/27404?print=print\" class=\"pdfprnt-button pdfprnt-button-print\" target=\"_blank\" ><img decoding=\"async\" src=\"https:\/\/lajes.rn.gov.br\/transparente\/index\/wp-content\/plugins\/pdf-print\/images\/print.png\" alt=\"image_print\" title=\"Conte\u00fado de impress\u00e3o\" \/><\/a><\/div>","protected":false},"excerpt":{"rendered":"<p>ESTADO DO RIO GRANDE DO NORTE PREFEITURA MUNICIPAL DE LAJES GABINETE DO PREFEITO LEI N\u00ba 585\/2013 Disp\u00f5e sobre a cria\u00e7\u00e3o do Conselho Municipal de Juventude no \u00e2mbito do munic\u00edpio de Lajes\/RN e da outras provid\u00eancias &nbsp; O PREFEITO MUNICIPAL DE LAJES,\u00a0Estado do Rio Grande do Norte, Faz saber que a C\u00e2mara Municipal aprovou e eu [&hellip;]<\/p>\n","protected":false},"author":3,"featured_media":0,"comment_status":"closed","ping_status":"closed","sticky":false,"template":"","format":"standard","meta":{"ocean_post_layout":"","ocean_both_sidebars_style":"","ocean_both_sidebars_content_width":0,"ocean_both_sidebars_sidebars_width":0,"ocean_sidebar":"","ocean_second_sidebar":"","ocean_disable_margins":"enable","ocean_add_body_class":"","ocean_shortcode_before_top_bar":"","ocean_shortcode_after_top_bar":"","ocean_shortcode_before_header":"","ocean_shortcode_after_header":"","ocean_has_shortcode":"","ocean_shortcode_after_title":"","ocean_shortcode_before_footer_widgets":"","ocean_shortcode_after_footer_widgets":"","ocean_shortcode_before_footer_bottom":"","ocean_shortcode_after_footer_bottom":"","ocean_display_top_bar":"default","ocean_display_header":"default","ocean_header_style":"","ocean_center_header_left_menu":"","ocean_custom_header_template":"","ocean_custom_logo":0,"ocean_custom_retina_logo":0,"ocean_custom_logo_max_width":0,"ocean_custom_logo_tablet_max_width":0,"ocean_custom_logo_mobile_max_width":0,"ocean_custom_logo_max_height":0,"ocean_custom_logo_tablet_max_height":0,"ocean_custom_logo_mobile_max_height":0,"ocean_header_custom_menu":"","ocean_menu_typo_font_family":"","ocean_menu_typo_font_subset":"","ocean_menu_typo_font_size":0,"ocean_menu_typo_font_size_tablet":0,"ocean_menu_typo_font_size_mobile":0,"ocean_menu_typo_font_size_unit":"px","ocean_menu_typo_font_weight":"","ocean_menu_typo_font_weight_tablet":"","ocean_menu_typo_font_weight_mobile":"","ocean_menu_typo_transform":"","ocean_menu_typo_transform_tablet":"","ocean_menu_typo_transform_mobile":"","ocean_menu_typo_line_height":0,"ocean_menu_typo_line_height_tablet":0,"ocean_menu_typo_line_height_mobile":0,"ocean_menu_typo_line_height_unit":"","ocean_menu_typo_spacing":0,"ocean_menu_typo_spacing_tablet":0,"ocean_menu_typo_spacing_mobile":0,"ocean_menu_typo_spacing_unit":"","ocean_menu_link_color":"","ocean_menu_link_color_hover":"","ocean_menu_link_color_active":"","ocean_menu_link_background":"","ocean_menu_link_hover_background":"","ocean_menu_link_active_background":"","ocean_menu_social_links_bg":"","ocean_menu_social_hover_links_bg":"","ocean_menu_social_links_color":"","ocean_menu_social_hover_links_color":"","ocean_disable_title":"default","ocean_disable_heading":"default","ocean_post_title":"","ocean_post_subheading":"","ocean_post_title_style":"","ocean_post_title_background_color":"","ocean_post_title_background":0,"ocean_post_title_bg_image_position":"","ocean_post_title_bg_image_attachment":"","ocean_post_title_bg_image_repeat":"","ocean_post_title_bg_image_size":"","ocean_post_title_height":0,"ocean_post_title_bg_overlay":0.5,"ocean_post_title_bg_overlay_color":"","ocean_disable_breadcrumbs":"default","ocean_breadcrumbs_color":"","ocean_breadcrumbs_separator_color":"","ocean_breadcrumbs_links_color":"","ocean_breadcrumbs_links_hover_color":"","ocean_display_footer_widgets":"default","ocean_display_footer_bottom":"default","ocean_custom_footer_template":"","ocean_post_oembed":"","ocean_post_self_hosted_media":"","ocean_post_video_embed":"","ocean_link_format":"","ocean_link_format_target":"self","ocean_quote_format":"","ocean_quote_format_link":"post","ocean_gallery_link_images":"on","ocean_gallery_id":[],"footnotes":""},"categories":[2,49,50],"tags":[],"class_list":["post-27404","post","type-post","status-publish","format-standard","hentry","category-legislacao","category-leis-municipais","category-leis-municipais-2013","entry"],"_links":{"self":[{"href":"https:\/\/lajes.rn.gov.br\/transparente\/index\/wp-json\/wp\/v2\/posts\/27404","targetHints":{"allow":["GET"]}}],"collection":[{"href":"https:\/\/lajes.rn.gov.br\/transparente\/index\/wp-json\/wp\/v2\/posts"}],"about":[{"href":"https:\/\/lajes.rn.gov.br\/transparente\/index\/wp-json\/wp\/v2\/types\/post"}],"author":[{"embeddable":true,"href":"https:\/\/lajes.rn.gov.br\/transparente\/index\/wp-json\/wp\/v2\/users\/3"}],"replies":[{"embeddable":true,"href":"https:\/\/lajes.rn.gov.br\/transparente\/index\/wp-json\/wp\/v2\/comments?post=27404"}],"version-history":[{"count":1,"href":"https:\/\/lajes.rn.gov.br\/transparente\/index\/wp-json\/wp\/v2\/posts\/27404\/revisions"}],"predecessor-version":[{"id":27405,"href":"https:\/\/lajes.rn.gov.br\/transparente\/index\/wp-json\/wp\/v2\/posts\/27404\/revisions\/27405"}],"wp:attachment":[{"href":"https:\/\/lajes.rn.gov.br\/transparente\/index\/wp-json\/wp\/v2\/media?parent=27404"}],"wp:term":[{"taxonomy":"category","embeddable":true,"href":"https:\/\/lajes.rn.gov.br\/transparente\/index\/wp-json\/wp\/v2\/categories?post=27404"},{"taxonomy":"post_tag","embeddable":true,"href":"https:\/\/lajes.rn.gov.br\/transparente\/index\/wp-json\/wp\/v2\/tags?post=27404"}],"curies":[{"name":"wp","href":"https:\/\/api.w.org\/{rel}","templated":true}]}}