{"id":27400,"date":"2013-09-30T10:16:21","date_gmt":"2013-09-30T13:16:21","guid":{"rendered":"https:\/\/lajes.rn.gov.br\/transparente\/index\/?p=27400"},"modified":"2023-04-27T10:17:28","modified_gmt":"2023-04-27T13:17:28","slug":"lei-no-584-2013-abre-ao-orcamento-geral-do-municipio-credito-especial-suplementar-no-valor-global-de-r-935-00000-novecentos-e-trinta-e-cinco-mil-reais-para-reforco-de-dotacoes-constantes-da-le","status":"publish","type":"post","link":"https:\/\/lajes.rn.gov.br\/transparente\/index\/lei-no-584-2013-abre-ao-orcamento-geral-do-municipio-credito-especial-suplementar-no-valor-global-de-r-935-00000-novecentos-e-trinta-e-cinco-mil-reais-para-reforco-de-dotacoes-constantes-da-le\/","title":{"rendered":"LEI N\u00ba 584\/2013 &#8211; Abre ao Or\u00e7amento Geral do Munic\u00edpio, cr\u00e9dito especial suplementar no valor global de R$ 935.000,00 (novecentos e trinta e cinco mil reais), para refor\u00e7o de dota\u00e7\u00f5es constantes da Lei Or\u00e7ament\u00e1ria vigente."},"content":{"rendered":"<div id=\"separador\" class=\"cabecalhoEstadoSeparador cabecalhoEstadoSeparador1\">\n<p style=\"text-align: center;\"><strong>ESTADO DO RIO GRANDE DO NORTE<\/strong><br \/>\n<strong>PREFEITURA MUNICIPAL DE LAJES<\/strong><\/p>\n<\/div>\n<p class=\"cabecaorgao\" style=\"text-align: center;\"><strong>GABINETE DO PREFEITO<\/strong><\/p>\n<hr \/>\n<div id=\"materia\" class=\"materia materia20091123 materia1\">\n<p>LEI N\u00ba 584\/2013<\/p>\n<div class=\"mat\"><\/div>\n<p>Abre ao Or\u00e7amento Geral do Munic\u00edpio, cr\u00e9dito especial suplementar no valor global de R$ 935.000,00 (novecentos e trinta e cinco mil reais), para refor\u00e7o de dota\u00e7\u00f5es constantes da Lei Or\u00e7ament\u00e1ria vigente.<\/p>\n<p>&nbsp;<\/p>\n<p><b>O PREFEITO MUNICIPAL DE LAJES,\u00a0<\/b>Estado do Rio Grande do Norte, Faz saber que a C\u00e2mara Municipal aprovou e eu sanciono a seguinte Lei<b>:<\/b><\/p>\n<p>&nbsp;<\/p>\n<p><b>Art. 1\u00ba<\/b>\u00a0Fica aberto ao Or\u00e7amento Geral do Munic\u00edpio (LEI N\u00b0 556, de 21 de dezembro de 2012), cr\u00e9dito especial suplementar no valor global de R$ 935.000,00 (novecentos e trinta e cinco mil reais), para atender \u00e0s programa\u00e7\u00f5es constantes do Anexo I desta Lei.<\/p>\n<p><b>Art. 2\u00ba<\/b>\u00a0Os recursos necess\u00e1rios \u00e0 abertura do cr\u00e9dito de que trata o art. 1\u00ba decorrem de:<\/p>\n<p>&nbsp;<\/p>\n<table class=\"mat\" border=\"1\" cellspacing=\"0\" cellpadding=\"0\" align=\"left\">\n<tbody>\n<tr>\n<td width=\"385\"><b>I<\/b>\u00a0\u2013 Receitas de Contribui\u00e7\u00f5es dos Segurados<\/p>\n<p><b>II\u00a0<\/b>\u2013 Outras Receitas de Contribui\u00e7\u00f5es<\/p>\n<p><b>III\u00a0<\/b>\u2013 Outras Receitas Patrimoniais<\/p>\n<p><b>IV\u00a0<\/b>\u2013 Compensa\u00e7\u00e3o Previdenci\u00e1ria do RGPS para o RPPS<\/p>\n<p><b>V\u00a0<\/b>\u2013 Demais Receitas Correntes<\/td>\n<td width=\"229\">R$ 700.000,00<\/p>\n<p>R$ 80.000,00<\/p>\n<p>R$ 50.000,00<\/p>\n<p><b>R$ 80.000,00<\/b><\/p>\n<p><b>R$ 25.000,00<\/b><\/td>\n<\/tr>\n<\/tbody>\n<\/table>\n<p>&nbsp;<\/p>\n<p><b>Art. 3\u00ba &#8211;\u00a0<\/b>Esta Lei entrar\u00e1 em vigor na data de sua publica\u00e7\u00e3o, revogando-se as disposi\u00e7\u00f5es em contr\u00e1rio.<\/p>\n<p align=\"center\">\n<p><b>ANEXO I<\/b><\/p>\n<p>&nbsp;<\/p>\n<p>ORG\u00c3O:\u00a0<b>05 \u2013 FUNDO DE PREVIDENCIA SOCIAL DO MUNICIPIO DE LAJES<\/b><\/p>\n<p>UNIDADE OR\u00c7AMENTARIA:\u00a0<b>001 \u2013 FUNDO DE PREVIDENCIA SOCIAL DO MUNICIPIO DE LAJES\/RN<\/b><\/p>\n<p>FUN\u00c7\u00c3O:\u00a0<b>09 \u2013 PREVIDENCIA SOCIAL<\/b><\/p>\n<p>SUBFUN\u00c7\u00c3O:\u00a0<b>272 \u2013 PREVIDENCIA DO REGIME ESTATUTARIO<\/b><\/p>\n<p>PROGRAMA:\u00a0<b>0028 \u2013 REGIME PROPRIO DE PREVIDENCIA DOS SERVIDORES ESTATUTARIOS<\/b><\/p>\n<p>PROJETO\/ATIVIDADE:\u00a0<b>2087<\/b>\u00a0<b>\u2013 ADMINISTRA\u00c7\u00c3O DO REGIME PROPRIO DE PREVIDENCIA SOCIAL<\/b><\/p>\n<p>&nbsp;<\/p>\n<table class=\"mat\" border=\"1\" cellspacing=\"0\" cellpadding=\"0\" align=\"left\">\n<tbody>\n<tr>\n<td width=\"127\">\n<p align=\"center\"><b>CODIGO<\/b><\/p>\n<\/td>\n<td width=\"336\">\n<p align=\"center\"><b>ELEMENTO DE DESPESA<\/b><\/p>\n<\/td>\n<td width=\"156\">\n<p align=\"center\"><b>VALOR<\/b><\/p>\n<\/td>\n<\/tr>\n<tr>\n<td width=\"127\">\n<p align=\"center\">31.90.04.00.00<\/p>\n<\/td>\n<td width=\"336\">Contrata\u00e7\u00e3o por Tempo Determinado<\/td>\n<td width=\"156\">\n<p align=\"right\">10.000,00<\/p>\n<\/td>\n<\/tr>\n<tr>\n<td width=\"127\">\n<p align=\"center\">31.90.11.00.00<\/p>\n<\/td>\n<td width=\"336\">Vencimentos e Vantagens Fixas<\/td>\n<td width=\"156\">\n<p align=\"right\">60.000,00<\/p>\n<\/td>\n<\/tr>\n<tr>\n<td width=\"127\">\n<p align=\"center\">31.90.13.00.00<\/p>\n<\/td>\n<td width=\"336\">Obriga\u00e7\u00f5es Patronais \u2013 INSS<\/td>\n<td width=\"156\">\n<p align=\"right\">10.000,00<\/p>\n<\/td>\n<\/tr>\n<tr>\n<td width=\"127\">\n<p align=\"center\">31.91.13.00.00<\/p>\n<\/td>\n<td width=\"336\">Contribui\u00e7\u00f5es Patronais \u2013 PREVLAJES<\/td>\n<td width=\"156\">\n<p align=\"right\">20.000,00<\/p>\n<\/td>\n<\/tr>\n<tr>\n<td width=\"127\">\n<p align=\"center\">33.90.14.00.00<\/p>\n<\/td>\n<td width=\"336\">Di\u00e1rias \u2013 Civil<\/td>\n<td width=\"156\">\n<p align=\"right\">10.000,00<\/p>\n<\/td>\n<\/tr>\n<tr>\n<td width=\"127\">\n<p align=\"center\">33.90.30.00.00<\/p>\n<\/td>\n<td width=\"336\">Material de Consumo<\/td>\n<td width=\"156\">\n<p align=\"right\">20.000,00<\/p>\n<\/td>\n<\/tr>\n<tr>\n<td width=\"127\">\n<p align=\"center\">33.90.33.00.00<\/p>\n<\/td>\n<td width=\"336\">Passagens de Despesas com Locomo\u00e7\u00e3o<\/td>\n<td width=\"156\">\n<p align=\"right\">15.000,00<\/p>\n<\/td>\n<\/tr>\n<tr>\n<td width=\"127\">\n<p align=\"center\">33.90.35.00.00<\/p>\n<\/td>\n<td width=\"336\">Servi\u00e7os de Consultoria<\/td>\n<td width=\"156\">\n<p align=\"right\">40.000,00<\/p>\n<\/td>\n<\/tr>\n<tr>\n<td width=\"127\">\n<p align=\"center\">33.90.36.00.00<\/p>\n<\/td>\n<td width=\"336\">Outros Servi\u00e7os de Terceiros \u2013 Pessoa F\u00edsica<\/td>\n<td width=\"156\">\n<p align=\"right\">20.000,00<\/p>\n<\/td>\n<\/tr>\n<tr>\n<td width=\"127\">\n<p align=\"center\">33.90.39.00.00<\/p>\n<\/td>\n<td width=\"336\">Outros Servi\u00e7os de Terceiros \u2013 Pessoa Jur\u00eddica<\/td>\n<td width=\"156\">\n<p align=\"right\">50.000,00<\/p>\n<\/td>\n<\/tr>\n<tr>\n<td width=\"127\">\n<p align=\"center\">44.90.52.00.00<\/p>\n<\/td>\n<td width=\"336\">Equipamentos e Material Permanente<\/td>\n<td width=\"156\">\n<p align=\"right\">10.000,00<\/p>\n<\/td>\n<\/tr>\n<tr>\n<td colspan=\"2\" width=\"463\">\n<p align=\"center\"><b>TOTAL<\/b><\/p>\n<\/td>\n<td width=\"156\">\n<p align=\"right\"><b>265.000,00<\/b><\/p>\n<\/td>\n<\/tr>\n<\/tbody>\n<\/table>\n<p>&nbsp;<\/p>\n<p>ORG\u00c3O:\u00a0<b>05 \u2013 FUNDO DE PREVIDENCIA SOCIAL DO MUNICIPIO DE LAJES<\/b><\/p>\n<p>UNIDADE OR\u00c7AMENTARIA:\u00a0<b>001 \u2013 FUNDO DE PREVIDENCIA SOCIAL DO MUNICIPIO DE LAJES\/RN<\/b><\/p>\n<p>FUN\u00c7\u00c3O:\u00a0<b>09 \u2013 PREVIDENCIA SOCIAL<\/b><\/p>\n<p>SUBFUN\u00c7\u00c3O:\u00a0<b>272 \u2013 PREVIDENCIA DO REGIME ESTATUTARIO<\/b><\/p>\n<p>PROGRAMA:\u00a0<b>0028 \u2013 REGIME PROPRIO DE PREVIDENCIA DOS SERVIDORES ESTATUTARIOS<\/b><\/p>\n<p>PROJETO\/ATIVIDADE:\u00a0<b>2088<\/b>\u00a0<b>\u2013 BENEFICIOS ASSISTENCIAS AOS SEGURADOS<\/b><\/p>\n<p>&nbsp;<\/p>\n<table class=\"mat\" border=\"1\" cellspacing=\"0\" cellpadding=\"0\" align=\"left\">\n<tbody>\n<tr>\n<td width=\"127\">\n<p align=\"center\"><b>CODIGO<\/b><\/p>\n<\/td>\n<td width=\"336\">\n<p align=\"center\"><b>ELEMENTO DE DESPESA<\/b><\/p>\n<\/td>\n<td width=\"156\">\n<p align=\"center\"><b>VALOR<\/b><\/p>\n<\/td>\n<\/tr>\n<tr>\n<td width=\"127\">\n<p align=\"center\">31.90.01.00.00<\/p>\n<\/td>\n<td width=\"336\">Aposentadorias e Reformas<\/td>\n<td width=\"156\">\n<p align=\"right\">200.000,00<\/p>\n<\/td>\n<\/tr>\n<tr>\n<td width=\"127\">\n<p align=\"center\">31.90.03.00.00<\/p>\n<\/td>\n<td width=\"336\">Pens\u00f5es<\/td>\n<td width=\"156\">\n<p align=\"right\">100.000,00<\/p>\n<\/td>\n<\/tr>\n<tr>\n<td width=\"127\">\n<p align=\"center\">31.90.05.00.00<\/p>\n<\/td>\n<td width=\"336\">Outros Benef\u00edcios Previdenci\u00e1rios<\/td>\n<td width=\"156\">\n<p align=\"right\">250.000,00<\/p>\n<\/td>\n<\/tr>\n<tr>\n<td width=\"127\">\n<p align=\"center\">31.91.13.00.00<\/p>\n<\/td>\n<td width=\"336\">Contribui\u00e7\u00f5es Patronais \u2013 PREVLAJES<\/td>\n<td width=\"156\">\n<p align=\"right\">100.000,00<\/p>\n<\/td>\n<\/tr>\n<tr>\n<td width=\"127\">\n<p align=\"center\">33.90.47.00.00<\/p>\n<\/td>\n<td width=\"336\">Obriga\u00e7\u00f5es Tributarias e Contributivas<\/td>\n<td width=\"156\">\n<p align=\"right\">20.000,00<\/p>\n<\/td>\n<\/tr>\n<tr>\n<td colspan=\"2\" width=\"463\">\n<p align=\"center\"><b>TOTAL<\/b><\/p>\n<\/td>\n<td width=\"156\">\n<p align=\"right\"><b>670.000,00<\/b><\/p>\n<\/td>\n<\/tr>\n<\/tbody>\n<\/table>\n<p>&nbsp;<\/p>\n<p>Lajes\/RN, em 30 de Setembro de 2013.<\/p>\n<p align=\"center\">\n<p><b><i>LUIZ BENES LEOC\u00c1DIO DE ARA\u00daJO<\/i><\/b><\/p>\n<p>Prefeito Municipal<\/p>\n<p>&nbsp;<\/p>\n<p><b><i>ORLANDO PALHARES DA SILVA<\/i><\/b><\/p>\n<p>Secret\u00e1rio Municipal de Planejamento e Finan\u00e7as<\/p>\n<\/div>\n<div class=\"pdfprnt-buttons pdfprnt-buttons-post pdfprnt-bottom-right\"><a href=\"https:\/\/lajes.rn.gov.br\/transparente\/index\/wp-json\/wp\/v2\/posts\/27400?print=pdf\" class=\"pdfprnt-button pdfprnt-button-pdf\" target=\"_blank\" ><img decoding=\"async\" src=\"https:\/\/lajes.rn.gov.br\/transparente\/index\/wp-content\/plugins\/pdf-print\/images\/pdf.png\" alt=\"image_pdf\" title=\"Ver PDF\" \/><\/a><a href=\"https:\/\/lajes.rn.gov.br\/transparente\/index\/wp-json\/wp\/v2\/posts\/27400?print=print\" class=\"pdfprnt-button pdfprnt-button-print\" target=\"_blank\" ><img decoding=\"async\" src=\"https:\/\/lajes.rn.gov.br\/transparente\/index\/wp-content\/plugins\/pdf-print\/images\/print.png\" alt=\"image_print\" title=\"Conte\u00fado de impress\u00e3o\" \/><\/a><\/div>","protected":false},"excerpt":{"rendered":"<p>ESTADO DO RIO GRANDE DO NORTE PREFEITURA MUNICIPAL DE LAJES GABINETE DO PREFEITO LEI N\u00ba 584\/2013 Abre ao Or\u00e7amento Geral do Munic\u00edpio, cr\u00e9dito especial suplementar no valor global de R$ 935.000,00 (novecentos e trinta e cinco mil reais), para refor\u00e7o de dota\u00e7\u00f5es constantes da Lei Or\u00e7ament\u00e1ria vigente. &nbsp; O PREFEITO MUNICIPAL DE LAJES,\u00a0Estado do Rio [&hellip;]<\/p>\n","protected":false},"author":3,"featured_media":0,"comment_status":"closed","ping_status":"closed","sticky":false,"template":"","format":"standard","meta":{"ocean_post_layout":"","ocean_both_sidebars_style":"","ocean_both_sidebars_content_width":0,"ocean_both_sidebars_sidebars_width":0,"ocean_sidebar":"","ocean_second_sidebar":"","ocean_disable_margins":"enable","ocean_add_body_class":"","ocean_shortcode_before_top_bar":"","ocean_shortcode_after_top_bar":"","ocean_shortcode_before_header":"","ocean_shortcode_after_header":"","ocean_has_shortcode":"","ocean_shortcode_after_title":"","ocean_shortcode_before_footer_widgets":"","ocean_shortcode_after_footer_widgets":"","ocean_shortcode_before_footer_bottom":"","ocean_shortcode_after_footer_bottom":"","ocean_display_top_bar":"default","ocean_display_header":"default","ocean_header_style":"","ocean_center_header_left_menu":"","ocean_custom_header_template":"","ocean_custom_logo":0,"ocean_custom_retina_logo":0,"ocean_custom_logo_max_width":0,"ocean_custom_logo_tablet_max_width":0,"ocean_custom_logo_mobile_max_width":0,"ocean_custom_logo_max_height":0,"ocean_custom_logo_tablet_max_height":0,"ocean_custom_logo_mobile_max_height":0,"ocean_header_custom_menu":"","ocean_menu_typo_font_family":"","ocean_menu_typo_font_subset":"","ocean_menu_typo_font_size":0,"ocean_menu_typo_font_size_tablet":0,"ocean_menu_typo_font_size_mobile":0,"ocean_menu_typo_font_size_unit":"px","ocean_menu_typo_font_weight":"","ocean_menu_typo_font_weight_tablet":"","ocean_menu_typo_font_weight_mobile":"","ocean_menu_typo_transform":"","ocean_menu_typo_transform_tablet":"","ocean_menu_typo_transform_mobile":"","ocean_menu_typo_line_height":0,"ocean_menu_typo_line_height_tablet":0,"ocean_menu_typo_line_height_mobile":0,"ocean_menu_typo_line_height_unit":"","ocean_menu_typo_spacing":0,"ocean_menu_typo_spacing_tablet":0,"ocean_menu_typo_spacing_mobile":0,"ocean_menu_typo_spacing_unit":"","ocean_menu_link_color":"","ocean_menu_link_color_hover":"","ocean_menu_link_color_active":"","ocean_menu_link_background":"","ocean_menu_link_hover_background":"","ocean_menu_link_active_background":"","ocean_menu_social_links_bg":"","ocean_menu_social_hover_links_bg":"","ocean_menu_social_links_color":"","ocean_menu_social_hover_links_color":"","ocean_disable_title":"default","ocean_disable_heading":"default","ocean_post_title":"","ocean_post_subheading":"","ocean_post_title_style":"","ocean_post_title_background_color":"","ocean_post_title_background":0,"ocean_post_title_bg_image_position":"","ocean_post_title_bg_image_attachment":"","ocean_post_title_bg_image_repeat":"","ocean_post_title_bg_image_size":"","ocean_post_title_height":0,"ocean_post_title_bg_overlay":0.5,"ocean_post_title_bg_overlay_color":"","ocean_disable_breadcrumbs":"default","ocean_breadcrumbs_color":"","ocean_breadcrumbs_separator_color":"","ocean_breadcrumbs_links_color":"","ocean_breadcrumbs_links_hover_color":"","ocean_display_footer_widgets":"default","ocean_display_footer_bottom":"default","ocean_custom_footer_template":"","ocean_post_oembed":"","ocean_post_self_hosted_media":"","ocean_post_video_embed":"","ocean_link_format":"","ocean_link_format_target":"self","ocean_quote_format":"","ocean_quote_format_link":"post","ocean_gallery_link_images":"on","ocean_gallery_id":[],"footnotes":""},"categories":[2,49,50],"tags":[],"class_list":["post-27400","post","type-post","status-publish","format-standard","hentry","category-legislacao","category-leis-municipais","category-leis-municipais-2013","entry"],"_links":{"self":[{"href":"https:\/\/lajes.rn.gov.br\/transparente\/index\/wp-json\/wp\/v2\/posts\/27400","targetHints":{"allow":["GET"]}}],"collection":[{"href":"https:\/\/lajes.rn.gov.br\/transparente\/index\/wp-json\/wp\/v2\/posts"}],"about":[{"href":"https:\/\/lajes.rn.gov.br\/transparente\/index\/wp-json\/wp\/v2\/types\/post"}],"author":[{"embeddable":true,"href":"https:\/\/lajes.rn.gov.br\/transparente\/index\/wp-json\/wp\/v2\/users\/3"}],"replies":[{"embeddable":true,"href":"https:\/\/lajes.rn.gov.br\/transparente\/index\/wp-json\/wp\/v2\/comments?post=27400"}],"version-history":[{"count":1,"href":"https:\/\/lajes.rn.gov.br\/transparente\/index\/wp-json\/wp\/v2\/posts\/27400\/revisions"}],"predecessor-version":[{"id":27401,"href":"https:\/\/lajes.rn.gov.br\/transparente\/index\/wp-json\/wp\/v2\/posts\/27400\/revisions\/27401"}],"wp:attachment":[{"href":"https:\/\/lajes.rn.gov.br\/transparente\/index\/wp-json\/wp\/v2\/media?parent=27400"}],"wp:term":[{"taxonomy":"category","embeddable":true,"href":"https:\/\/lajes.rn.gov.br\/transparente\/index\/wp-json\/wp\/v2\/categories?post=27400"},{"taxonomy":"post_tag","embeddable":true,"href":"https:\/\/lajes.rn.gov.br\/transparente\/index\/wp-json\/wp\/v2\/tags?post=27400"}],"curies":[{"name":"wp","href":"https:\/\/api.w.org\/{rel}","templated":true}]}}