{"id":27394,"date":"2013-09-09T09:59:30","date_gmt":"2013-09-09T12:59:30","guid":{"rendered":"https:\/\/lajes.rn.gov.br\/transparente\/index\/?p=27394"},"modified":"2023-04-27T10:00:38","modified_gmt":"2023-04-27T13:00:38","slug":"lei-no-581-2013-dispoe-sobre-a-utilizacao-do-uso-do-maquinario-publico-do-municipio-de-lajes-rn-para-fins-de-prestacao-de-servico-a-particular-e-da-outras-providencias","status":"publish","type":"post","link":"https:\/\/lajes.rn.gov.br\/transparente\/index\/lei-no-581-2013-dispoe-sobre-a-utilizacao-do-uso-do-maquinario-publico-do-municipio-de-lajes-rn-para-fins-de-prestacao-de-servico-a-particular-e-da-outras-providencias\/","title":{"rendered":"LEI N\u00ba 581\/2013 &#8211; Disp\u00f5e sobre a utiliza\u00e7\u00e3o do uso do Maquin\u00e1rio P\u00fablico do munic\u00edpio de Lajes\/RN para fins de presta\u00e7\u00e3o de servi\u00e7o \u00e0 particular e da outras provid\u00eancias."},"content":{"rendered":"<div id=\"separador\" class=\"cabecalhoEstadoSeparador cabecalhoEstadoSeparador1\">\n<p style=\"text-align: center;\"><strong>ESTADO DO RIO GRANDE DO NORTE<\/strong><br \/>\n<strong>PREFEITURA MUNICIPAL DE LAJES<\/strong><\/p>\n<\/div>\n<p class=\"cabecaorgao\" style=\"text-align: center;\"><strong>GABINETE DO PREFEITO<\/strong><\/p>\n<hr \/>\n<div id=\"materia\" class=\"materia materia20091123 materia1\">\n<p>LEI N\u00ba 581\/2013<\/p>\n<div class=\"mat\"><\/div>\n<p>Disp\u00f5e sobre a utiliza\u00e7\u00e3o do uso do Maquin\u00e1rio P\u00fablico do munic\u00edpio de Lajes\/RN para fins de presta\u00e7\u00e3o de servi\u00e7o \u00e0 particular e da outras provid\u00eancias.<\/p>\n<p>&nbsp;<\/p>\n<p><b>O PREFEITO MUNICIPAL DE LAJES,\u00a0<\/b>Estado do Rio Grande do Norte, Faz saber que a C\u00e2mara Municipal aprovou e eu sanciono a seguinte Lei<b>:<\/b><\/p>\n<p>&nbsp;<\/p>\n<p><b>Art. 1\u00ba<\/b>\u00a0&#8211; Fica determinado, a partir desta data, que operadores e maquin\u00e1rios tipo Trator de pneus, Motoniveladora (Patrol), P\u00e1 Carregadeira, Retro Escavadeira e Caminh\u00f5es (truck e toco), poder\u00e3o ser cedidos pela Administra\u00e7\u00e3o da Prefeitura Municipal para servi\u00e7os transit\u00f3rios a particulares, principalmente aos pequenos produtores rurais e agricultores na conveni\u00eancia e condi\u00e7\u00e3o de disponibilidade da Administra\u00e7\u00e3o P\u00fablica Municipal, e sem que haja preju\u00edzo aos trabalhos do Munic\u00edpio.<\/p>\n<p><b>Par\u00e1grafo \u00danico \u2013\u00a0<\/b>Os servi\u00e7os considerados particulares compreendem: limpeza de terrenos, transporte de cascalho, areia\/aterro, regulariza\u00e7\u00e3o de solo de acesso \u00e0s propriedades, terraplanagem, retirada e transporte de entulhos, escava\u00e7\u00e3o de cacimbas, pequenos barreiros, pequenos a\u00e7udes, barragens, corte de terra e afins.<\/p>\n<p><b>Art. 2\u00ba<\/b>\u00a0&#8211; Para que seja oferecido o servi\u00e7o o interessado dever\u00e1 apresentar requerimento de solicita\u00e7\u00e3o dos servi\u00e7os particulares junto a Prefeitura, que encaminhar\u00e1 ao \u00f3rg\u00e3o competente para desempenhar o servi\u00e7o solicitado pelo interessado, que ter\u00e1 um prazo m\u00e1ximo de 15 m(quinze) dias, a contar do protocolo, para a resposta.<\/p>\n<p><b>Par\u00e1grafo \u00danico \u2013\u00a0<\/b>Os atendimentos dos servi\u00e7os estar\u00e3o sujeitos ao deferimento pelo Secret\u00e1rio Municipal ou do Prefeito Municipal, que obedecer\u00e1 a ordem cronol\u00f3gica de inscri\u00e7\u00e3o.<\/p>\n<p><b>Art. 3\u00ba &#8211;\u00a0<\/b>Os servi\u00e7os particulares n\u00e3o poder\u00e3o ultrapassar 10 (dez) horas-m\u00e1quina di\u00e1rias, por benefici\u00e1rio, podendo ser renovado o pedido, respeitando-se o prazo m\u00ednimo de 30 (trinta) dias entre uma presta\u00e7\u00e3o de servi\u00e7o e a outra.<\/p>\n<p><b>Art. 4\u00ba<\/b>\u00a0&#8211; Ser\u00e3o benefici\u00e1rios pelo uso dos maquin\u00e1rios p\u00fablicos qualquer cidad\u00e3o interessado na presta\u00e7\u00e3o do servi\u00e7o, dando-se prefer\u00eancia aos pequenos produtores e agricultores rurais do Munic\u00edpio, bem como aqueles com menor poder aquisitivo, condicionadores a inexist\u00eancia de d\u00e9bitos de qualquer natureza para com a Fazenda Municipal.<\/p>\n<p><b>Art. 5\u00ba<\/b>\u00a0&#8211; O \u00f3rg\u00e3o competente adotar\u00e1 as medidas que se fizerem necess\u00e1rias para impedir o desvio de uso e finalidade de acervo das m\u00e1quinas do munic\u00edpio.<\/p>\n<p><b>Par\u00e1grafo \u00danico \u2013\u00a0<\/b>Fica proibido o pernoite das m\u00e1quinas em local ermo, \u00e0 margem de estradas ou lavouras, sem a necess\u00e1ria cautela por sua preserva\u00e7\u00e3o e integridade, bem como o empr\u00e9stimo, cess\u00e3o de uso privado e opera\u00e7\u00e3o por pessoas estranhas ao servi\u00e7o p\u00fablico.<\/p>\n<p>&nbsp;<\/p>\n<p><b>Art. 6\u00ba<\/b>\u00a0&#8211; O funcion\u00e1rio p\u00fablico que prestar servi\u00e7o sem aten\u00e7\u00e3o ao disposto nesta Lei, ficar\u00e1 respons\u00e1vel pelo pagamento do devido valor, independente de outras san\u00e7\u00f5es de ordem administrativa e demais preju\u00edzos que eventualmente causar ao er\u00e1rio p\u00fablico.<\/p>\n<p><b>Art. 7\u00ba<\/b>\u00a0&#8211; Atendidos os requisitos legais para a realiza\u00e7\u00e3o dos servi\u00e7os, a Prefeitura Municipal ainda reserva-se o prazo de at\u00e9 30 (trinta) dias para a sua execu\u00e7\u00e3o, dentro das disponibilidades de m\u00e1quinas, caminh\u00f5es e funcion\u00e1rios, discricionariedade administrativa e do interesse p\u00fablico.<\/p>\n<p><b>Art. 8\u00ba<\/b>\u00a0&#8211; O poder P\u00fablico Municipal regulamentar\u00e1 a aplica\u00e7\u00e3o da presente Lei atrav\u00e9s de decreto, principalmente em rela\u00e7\u00e3o aos valores cobrados pela execu\u00e7\u00e3o de cada servi\u00e7o a ser realizado.<\/p>\n<p><b>Art. 9\u00ba<\/b>\u00a0&#8211; A permiss\u00e3o de que trata esta Lei somente poder\u00e1 ser feita para trabalhos a serem desenvolvidos dentro do Munic\u00edpio de Lajes\/RN, sendo vedada sua autoriza\u00e7\u00e3o para trabalhos fora do munic\u00edpio, mesmo que o benefici\u00e1rio resida neste, sob pena de incorrer o agente autorizador em crime de responsabilidade.<\/p>\n<p><b>Par\u00e1grafo \u00danico &#8211;<\/b>\u00a0Se a maioria simples que for conseguida no primeiro escrut\u00ednio, os dois membros mais votados neste, far\u00e3o nova disputa, em segundo escrut\u00ednio.<\/p>\n<p><b>Art. 10 &#8211;<\/b>\u00a0Esta Lei entrar\u00e1 em vigor na data da sua publica\u00e7\u00e3o, revogadas as disposi\u00e7\u00f5es em contr\u00e1rio.<\/p>\n<p>&nbsp;<\/p>\n<p>Lajes\/RN, em 09 de Setembro de 2013.<\/p>\n<p>&nbsp;<\/p>\n<p><b><i>LUIZ BENES LEOC\u00c1DIO DE ARA\u00daJO<\/i><\/b><\/p>\n<p>Prefeito Municipal<\/p>\n<p>&nbsp;<\/p>\n<p><b><i>JANE CARLA FELIPE PEGADO<\/i><\/b><\/p>\n<p>Secret\u00e1ria Municipal de Agricultura e Meio Ambiente<\/p>\n<\/div>\n<div class=\"pdfprnt-buttons pdfprnt-buttons-post pdfprnt-bottom-right\"><a href=\"https:\/\/lajes.rn.gov.br\/transparente\/index\/wp-json\/wp\/v2\/posts\/27394?print=pdf\" class=\"pdfprnt-button pdfprnt-button-pdf\" target=\"_blank\" ><img decoding=\"async\" src=\"https:\/\/lajes.rn.gov.br\/transparente\/index\/wp-content\/plugins\/pdf-print\/images\/pdf.png\" alt=\"image_pdf\" title=\"Ver PDF\" \/><\/a><a href=\"https:\/\/lajes.rn.gov.br\/transparente\/index\/wp-json\/wp\/v2\/posts\/27394?print=print\" class=\"pdfprnt-button pdfprnt-button-print\" target=\"_blank\" ><img decoding=\"async\" src=\"https:\/\/lajes.rn.gov.br\/transparente\/index\/wp-content\/plugins\/pdf-print\/images\/print.png\" alt=\"image_print\" title=\"Conte\u00fado de impress\u00e3o\" \/><\/a><\/div>","protected":false},"excerpt":{"rendered":"<p>ESTADO DO RIO GRANDE DO NORTE PREFEITURA MUNICIPAL DE LAJES GABINETE DO PREFEITO LEI N\u00ba 581\/2013 Disp\u00f5e sobre a utiliza\u00e7\u00e3o do uso do Maquin\u00e1rio P\u00fablico do munic\u00edpio de Lajes\/RN para fins de presta\u00e7\u00e3o de servi\u00e7o \u00e0 particular e da outras provid\u00eancias. &nbsp; O PREFEITO MUNICIPAL DE LAJES,\u00a0Estado do Rio Grande do Norte, Faz saber que [&hellip;]<\/p>\n","protected":false},"author":3,"featured_media":0,"comment_status":"closed","ping_status":"closed","sticky":false,"template":"","format":"standard","meta":{"ocean_post_layout":"","ocean_both_sidebars_style":"","ocean_both_sidebars_content_width":0,"ocean_both_sidebars_sidebars_width":0,"ocean_sidebar":"","ocean_second_sidebar":"","ocean_disable_margins":"enable","ocean_add_body_class":"","ocean_shortcode_before_top_bar":"","ocean_shortcode_after_top_bar":"","ocean_shortcode_before_header":"","ocean_shortcode_after_header":"","ocean_has_shortcode":"","ocean_shortcode_after_title":"","ocean_shortcode_before_footer_widgets":"","ocean_shortcode_after_footer_widgets":"","ocean_shortcode_before_footer_bottom":"","ocean_shortcode_after_footer_bottom":"","ocean_display_top_bar":"default","ocean_display_header":"default","ocean_header_style":"","ocean_center_header_left_menu":"","ocean_custom_header_template":"","ocean_custom_logo":0,"ocean_custom_retina_logo":0,"ocean_custom_logo_max_width":0,"ocean_custom_logo_tablet_max_width":0,"ocean_custom_logo_mobile_max_width":0,"ocean_custom_logo_max_height":0,"ocean_custom_logo_tablet_max_height":0,"ocean_custom_logo_mobile_max_height":0,"ocean_header_custom_menu":"","ocean_menu_typo_font_family":"","ocean_menu_typo_font_subset":"","ocean_menu_typo_font_size":0,"ocean_menu_typo_font_size_tablet":0,"ocean_menu_typo_font_size_mobile":0,"ocean_menu_typo_font_size_unit":"px","ocean_menu_typo_font_weight":"","ocean_menu_typo_font_weight_tablet":"","ocean_menu_typo_font_weight_mobile":"","ocean_menu_typo_transform":"","ocean_menu_typo_transform_tablet":"","ocean_menu_typo_transform_mobile":"","ocean_menu_typo_line_height":0,"ocean_menu_typo_line_height_tablet":0,"ocean_menu_typo_line_height_mobile":0,"ocean_menu_typo_line_height_unit":"","ocean_menu_typo_spacing":0,"ocean_menu_typo_spacing_tablet":0,"ocean_menu_typo_spacing_mobile":0,"ocean_menu_typo_spacing_unit":"","ocean_menu_link_color":"","ocean_menu_link_color_hover":"","ocean_menu_link_color_active":"","ocean_menu_link_background":"","ocean_menu_link_hover_background":"","ocean_menu_link_active_background":"","ocean_menu_social_links_bg":"","ocean_menu_social_hover_links_bg":"","ocean_menu_social_links_color":"","ocean_menu_social_hover_links_color":"","ocean_disable_title":"default","ocean_disable_heading":"default","ocean_post_title":"","ocean_post_subheading":"","ocean_post_title_style":"","ocean_post_title_background_color":"","ocean_post_title_background":0,"ocean_post_title_bg_image_position":"","ocean_post_title_bg_image_attachment":"","ocean_post_title_bg_image_repeat":"","ocean_post_title_bg_image_size":"","ocean_post_title_height":0,"ocean_post_title_bg_overlay":0.5,"ocean_post_title_bg_overlay_color":"","ocean_disable_breadcrumbs":"default","ocean_breadcrumbs_color":"","ocean_breadcrumbs_separator_color":"","ocean_breadcrumbs_links_color":"","ocean_breadcrumbs_links_hover_color":"","ocean_display_footer_widgets":"default","ocean_display_footer_bottom":"default","ocean_custom_footer_template":"","ocean_post_oembed":"","ocean_post_self_hosted_media":"","ocean_post_video_embed":"","ocean_link_format":"","ocean_link_format_target":"self","ocean_quote_format":"","ocean_quote_format_link":"post","ocean_gallery_link_images":"on","ocean_gallery_id":[],"footnotes":""},"categories":[2,49,50],"tags":[],"class_list":["post-27394","post","type-post","status-publish","format-standard","hentry","category-legislacao","category-leis-municipais","category-leis-municipais-2013","entry"],"_links":{"self":[{"href":"https:\/\/lajes.rn.gov.br\/transparente\/index\/wp-json\/wp\/v2\/posts\/27394","targetHints":{"allow":["GET"]}}],"collection":[{"href":"https:\/\/lajes.rn.gov.br\/transparente\/index\/wp-json\/wp\/v2\/posts"}],"about":[{"href":"https:\/\/lajes.rn.gov.br\/transparente\/index\/wp-json\/wp\/v2\/types\/post"}],"author":[{"embeddable":true,"href":"https:\/\/lajes.rn.gov.br\/transparente\/index\/wp-json\/wp\/v2\/users\/3"}],"replies":[{"embeddable":true,"href":"https:\/\/lajes.rn.gov.br\/transparente\/index\/wp-json\/wp\/v2\/comments?post=27394"}],"version-history":[{"count":1,"href":"https:\/\/lajes.rn.gov.br\/transparente\/index\/wp-json\/wp\/v2\/posts\/27394\/revisions"}],"predecessor-version":[{"id":27395,"href":"https:\/\/lajes.rn.gov.br\/transparente\/index\/wp-json\/wp\/v2\/posts\/27394\/revisions\/27395"}],"wp:attachment":[{"href":"https:\/\/lajes.rn.gov.br\/transparente\/index\/wp-json\/wp\/v2\/media?parent=27394"}],"wp:term":[{"taxonomy":"category","embeddable":true,"href":"https:\/\/lajes.rn.gov.br\/transparente\/index\/wp-json\/wp\/v2\/categories?post=27394"},{"taxonomy":"post_tag","embeddable":true,"href":"https:\/\/lajes.rn.gov.br\/transparente\/index\/wp-json\/wp\/v2\/tags?post=27394"}],"curies":[{"name":"wp","href":"https:\/\/api.w.org\/{rel}","templated":true}]}}