{"id":27392,"date":"2013-08-26T09:57:17","date_gmt":"2013-08-26T12:57:17","guid":{"rendered":"https:\/\/lajes.rn.gov.br\/transparente\/index\/?p=27392"},"modified":"2023-04-27T09:58:55","modified_gmt":"2023-04-27T12:58:55","slug":"lei-no-580-2013-dispoe-sobre-a-criacao-do-conselho-municipal-de-seguranca-publica-e-da-outras-providencias","status":"publish","type":"post","link":"https:\/\/lajes.rn.gov.br\/transparente\/index\/lei-no-580-2013-dispoe-sobre-a-criacao-do-conselho-municipal-de-seguranca-publica-e-da-outras-providencias\/","title":{"rendered":"LEI N\u00ba 580\/2013 &#8211; Disp\u00f5e sobre a cria\u00e7\u00e3o do Conselho Municipal de Seguran\u00e7a Publica e da outras provid\u00eancias."},"content":{"rendered":"<div id=\"separador\" class=\"cabecalhoEstadoSeparador cabecalhoEstadoSeparador1\">\n<p style=\"text-align: center;\"><strong>ESTADO DO RIO GRANDE DO NORTE<\/strong><br \/>\n<strong>PREFEITURA MUNICIPAL DE LAJES<\/strong><\/p>\n<\/div>\n<p class=\"cabecaorgao\" style=\"text-align: center;\"><strong>GABINETE DO PREFEITO<\/strong><\/p>\n<hr \/>\n<div id=\"materia\" class=\"materia materia20091123 materia1\">\n<p>LEI N\u00ba 580\/2013<\/p>\n<div class=\"mat\"><\/div>\n<p>Disp\u00f5e sobre a cria\u00e7\u00e3o do Conselho Municipal de Seguran\u00e7a Publica e da outras provid\u00eancias.<\/p>\n<p>&nbsp;<\/p>\n<p><b>O PREFEITO MUNICIPAL DE LAJES,\u00a0<\/b>Estado do Rio Grande do Norte, Faz saber que a C\u00e2mara Municipal aprovou e eu sanciono a seguinte Lei<b>:<\/b><\/p>\n<p>&nbsp;<\/p>\n<p><b>Art. 1\u00ba<\/b>\u00a0&#8211; Fica criado o Conselho Municipal de Seguran\u00e7a de lajes, regido por esta Lei e subordinado diretamente ao Prefeito Municipal.<\/p>\n<p>&nbsp;<\/p>\n<p><b>CAP\u00cdTULO I &#8211; DAS FINALIDADES<\/b><\/p>\n<p>&nbsp;<\/p>\n<p><b>Art. 2\u00ba<\/b>\u00a0&#8211; O Conselho Municipal de Seguran\u00e7a tem por finalidade:<\/p>\n<p>&nbsp;<\/p>\n<p><b>I &#8211;<\/b>\u00a0Propor medidas e atividades que visem promover a seguran\u00e7a da popula\u00e7\u00e3o de Lajes;<\/p>\n<p><b>II &#8211;<\/b>\u00a0Desenvolver estudos, debates e pesquisas relativos \u00e0 seguran\u00e7a p\u00fablica;<\/p>\n<p><b>III &#8211;<\/b>\u00a0Promover campanhas que promovam a participa\u00e7\u00e3o da sociedade em projetos que visem \u00e0 melhoria da seguran\u00e7a do Munic\u00edpio;<\/p>\n<p><b>IV &#8211;<\/b>\u00a0Receber sugest\u00f5es manifestadas pela sociedade a opinar sobre den\u00fancias que lhe sejam encaminhadas;<\/p>\n<p><b>V &#8211;<\/b>\u00a0Apoiar realiza\u00e7\u00f5es desenvolvidas por \u00f3rg\u00e3os governamentais ou n\u00e3o, concernentes \u00e0 seguran\u00e7a e promover entendimentos com organiza\u00e7\u00f5es e institui\u00e7\u00f5es afins.<\/p>\n<p>&nbsp;<\/p>\n<p><b>CAP\u00cdTULO II &#8211; DA COMPOSI\u00c7\u00c3O<\/b><\/p>\n<p>&nbsp;<\/p>\n<p><b>Art. 3\u00ba<\/b>\u00a0&#8211; O Conselho Municipal de Seguran\u00e7a de Lajes ser\u00e1 composto por:<\/p>\n<p>&nbsp;<\/p>\n<p><b>I &#8211;<\/b>\u00a0Dois representantes da Secretaria Assist\u00eancia social, sendo um titular e um suplente;<\/p>\n<p><b>II &#8211;<\/b>\u00a0dois representantes da Secretaria de Desenvolvimento Econ\u00f4mico, sendo um titular e Um suplente;<\/p>\n<p><b>III &#8211;<\/b>\u00a0Dois representantes da Pol\u00edcia Militar lotados no munic\u00edpio de Lajes, sendo um<\/p>\n<p>titular e um suplente;<\/p>\n<p><b>IV &#8211;<\/b>\u00a0dois representantes da Pol\u00edcia Civil lotados no Munic\u00edpio de Lajes, sendo um titular e um suplente;<\/p>\n<p><b>V &#8211;<\/b>\u00a0dois representantes da defesa Civil Municipal, sendo um titular e um suplente;<\/p>\n<p><b>VI &#8211;\u00a0<\/b>dois representantes da Secretaria de Educa\u00e7\u00e3o do Munic\u00edpio, sendo um titular e um suplente;<\/p>\n<p><b>VII &#8211;<\/b>\u00a0dois representantes do departamento Jur\u00eddico da Prefeitura Municipal, sendo um titular e um suplente;<\/p>\n<p><b>VII &#8211;<\/b>\u00a0dois representantes das Associa\u00e7\u00f5es Rurais, sendo um titular e um suplente;<\/p>\n<p><b>IX &#8211;<\/b>\u00a0dois representantes da Igreja Cat\u00f3lica sendo um titular e um suplente;<\/p>\n<p><b>X &#8211;<\/b>\u00a0dois representantes do Conselho Tutelar, sendo um titular e um suplente;<\/p>\n<p><b>XI &#8211;<\/b>\u00a0Dois representantes da C\u00e2mara Municipal, sendo um titulares e um suplentes;<\/p>\n<p><b>XII &#8211;<\/b>\u00a0um representante titular e um suplente da Secretaria de Obras.<\/p>\n<p>&nbsp;<\/p>\n<p><b>Par\u00e1grafo \u00danico &#8211;<\/b>\u00a0O representante suplente somente participar\u00e1 das reuni\u00f5es e delibera\u00e7\u00f5es do Conselho Municipal de Seguran\u00e7a e ter\u00e1 direito a voto nas aus\u00eancias e impedimentos do representante titular da categoria que representa os representantes indicados titular ou suplente n\u00e3o podem ter tido qualquer condena\u00e7\u00e3o na justi\u00e7a.<\/p>\n<p>&nbsp;<\/p>\n<p><b>CAP\u00cdTULO III &#8211; DAS ATRIBUI\u00c7\u00d5ES<\/b><\/p>\n<p>&nbsp;<\/p>\n<p><b>Art. 4\u00ba<\/b>\u00a0&#8211; S\u00e3o atribui\u00e7\u00f5es do Conselho Municipal de Seguran\u00e7a de Lajes:<\/p>\n<p>&nbsp;<\/p>\n<p><b>I &#8211;<\/b>\u00a0Elei\u00e7\u00e3o da Comiss\u00e3o Executiva;<\/p>\n<p><b>II &#8211;<\/b>\u00a0Forma\u00e7\u00e3o de Grupos de Trabalhos;<\/p>\n<p><b>III &#8211;<\/b>\u00a0Forma\u00e7\u00e3o de Conselho Consultivo Popular;<\/p>\n<p><b>IV &#8211;<\/b>\u00a0Aprovar o plano anual de atividades a fim de dar execu\u00e7\u00e3o \u00e0 pol\u00edtica elaborada pelo Conselho;<\/p>\n<p><b>V &#8211;<\/b>\u00a0Sugerir crit\u00e9rios para o emprego de recursos destinados pelo Munic\u00edpio a projetos relacionados com a promo\u00e7\u00e3o da Seguran\u00e7a P\u00fablica;<\/p>\n<p><b>VI &#8211;<\/b>\u00a0Aprovar o calend\u00e1rio das reuni\u00f5es ordin\u00e1rias;<\/p>\n<p><b>VII &#8211;<\/b>\u00a0Pronunciar-se sobre pedidos de licen\u00e7a dos Conselheiros;<\/p>\n<p><b>VIII &#8211;<\/b>\u00a0Apreciar as substitui\u00e7\u00f5es dos Conselheiros;<\/p>\n<p><b>IX &#8211;<\/b>\u00a0Pronunciar-se sobre quest\u00f5es que lhe sejam encaminhadas que digam respeito \u00e0 seguran\u00e7a;<\/p>\n<p><b>X &#8211;<\/b>\u00a0Comunicar formalmente ao Prefeito Municipal os nomes eleitos para a Comiss\u00e3o Executiva; e,<\/p>\n<p><b>XI &#8211;<\/b>\u00a0Apresentar, trimestralmente, ao Prefeito o Relat\u00f3rio de Atividades do Conselho.<\/p>\n<p>&nbsp;<\/p>\n<p><b>Art. 5\u00ba<\/b>\u00a0&#8211; As delibera\u00e7\u00f5es do Conselho Municipal de Seguran\u00e7a assumir\u00e3o, dentre outras, a forma de indica\u00e7\u00e3o, parecer, recomenda\u00e7\u00e3o, colabora\u00e7\u00e3o, projeto e relat\u00f3rio \u00e0s autoridades competentes.<\/p>\n<p>&nbsp;<\/p>\n<p><b>CAP\u00cdTULO IV &#8211; DA REPRESENTA\u00c7\u00c3O DA PREFEITURA<\/b><\/p>\n<p>&nbsp;<\/p>\n<p><b>Art. 6\u00ba<\/b>\u00a0&#8211; Os representantes das Secretarias e das Assessorias da Prefeitura Municipal ter\u00e3o, al\u00e9m de suas fun\u00e7\u00f5es de Conselheiros, as seguintes atribui\u00e7\u00f5es:<\/p>\n<p>&nbsp;<\/p>\n<p><b>I &#8211;<\/b>\u00a0Informar ao Conselho sobre as \u00e1reas e os mecanismos de interven\u00e7\u00e3o espec\u00edficos de seus \u00f3rg\u00e3os;<\/p>\n<p><b>II &#8211;<\/b>\u00a0Verificar, no \u00f3rg\u00e3o que representam os planos que possam ser desenvolvidos com a colabora\u00e7\u00e3o do Conselho;<\/p>\n<p><b>III &#8211;<\/b>\u00a0Promover entendimentos com os organismos que representam, objetivando a viabiliza\u00e7\u00e3o de planos propostos pelo Conselho.<\/p>\n<p>&nbsp;<\/p>\n<p><b>Art. 7\u00ba<\/b>\u00a0&#8211; A Comiss\u00e3o Executiva ser\u00e1 composta da seguinte forma:<\/p>\n<p>&nbsp;<\/p>\n<p><b>I &#8211;<\/b>\u00a0Presidente do C.M.S.L.;<\/p>\n<p><b>II &#8211;<\/b>\u00a0Vice-Presidente;<\/p>\n<p><b>III &#8211;<\/b>\u00a01\u00ba Secret\u00e1rio; e,<\/p>\n<p><b>IV &#8211;<\/b>\u00a02\u00ba Secret\u00e1rio.<\/p>\n<p>&nbsp;<\/p>\n<p><b>Art. 8\u00ba<\/b>\u00a0&#8211; Compete \u00e0 Comiss\u00e3o Executiva:<\/p>\n<p>&nbsp;<\/p>\n<p><b>I &#8211;<\/b>\u00a0Convocar as reuni\u00f5es ordin\u00e1rias;<\/p>\n<p><b>II &#8211;<\/b>\u00a0Elaborar o calend\u00e1rio e a pauta das reuni\u00f5es ordin\u00e1rias do C.M.S.L.;<\/p>\n<p><b>III &#8211;<\/b>\u00a0Coordenar a execu\u00e7\u00e3o das delibera\u00e7\u00f5es do C.M.S. L;<\/p>\n<p><b>IV &#8211;<\/b>\u00a0Propor ao Conselho os grupos de trabalho que forem necess\u00e1rios, bem como pessoal a ser indicado para comp\u00f4-los;<\/p>\n<p><b>V &#8211;<\/b>\u00a0Coordenar as atividades dos grupos de trabalho, o corpo t\u00e9cnico e toda a administra\u00e7\u00e3o do Conselho;<\/p>\n<p><b>VI &#8211;<\/b>\u00a0Informar constantemente aos meios de comunica\u00e7\u00e3o, sobre as atividades do Conselho; e,<\/p>\n<p><b>VII &#8211;<\/b>\u00a0Manter contato permanente com todos os Conselheiros para informa\u00e7\u00f5es, execu\u00e7\u00e3o de trabalho e coleta de sugest\u00f5es.<\/p>\n<p>&nbsp;<\/p>\n<p><b>Art. 9\u00ba<\/b>\u00a0&#8211; Os membros da Comiss\u00e3o Executiva ser\u00e3o eleitos pelo Conselho em vota\u00e7\u00e3o secreta e por maioria simples de votos.<\/p>\n<p><b>Par\u00e1grafo \u00danico &#8211;<\/b>\u00a0Se a maioria simples que for conseguida no primeiro escrut\u00ednio, os dois membros mais votados neste, far\u00e3o nova disputa, em segundo escrut\u00ednio.<\/p>\n<p><b>Art. 10 &#8211;<\/b>\u00a0Compete ao Presidente:<\/p>\n<p>&nbsp;<\/p>\n<p><b>I &#8211;<\/b>\u00a0Presidir as reuni\u00f5es do Conselho e da Comiss\u00e3o Executiva;<\/p>\n<p><b>II &#8211;<\/b>\u00a0Convocar reuni\u00f5es extraordin\u00e1rias sempre que a urg\u00eancia dos assuntos assim o recomende;<\/p>\n<p><b>III &#8211;<\/b>\u00a0Representar o Conselho perante as autoridades municipais, estaduais, federais e internacionais;<\/p>\n<p><b>IV &#8211;<\/b>\u00a0Representar o Conselho em todos os eventos nacionais e internacionais;<\/p>\n<p><b>V &#8211;<\/b>\u00a0Zelar pelo bom funcionamento do Conselho e pela plena execu\u00e7\u00e3o de suas delibera\u00e7\u00f5es;<\/p>\n<p><b>VI &#8211;<\/b>\u00a0Exercer, no Conselho, o direito de voto inclusive o de qualidade em casos de empate;<\/p>\n<p><b>VII &#8211;<\/b>\u00a0Comunicar ao Prefeito Municipal as recomenda\u00e7\u00f5es do Conselho e as provid\u00eancias necess\u00e1rias; e,<\/p>\n<p><b>VIII &#8211;<\/b>\u00a0Solicitar recursos humanos e materiais para execu\u00e7\u00e3o dos trabalhos do Conselho.<\/p>\n<p>&nbsp;<\/p>\n<p><b>Art. 11 &#8211;<\/b>\u00a0Compete ao Vice-Presidente:<\/p>\n<p>&nbsp;<\/p>\n<p><b>I &#8211;<\/b>\u00a0Trabalhar de comum acordo com o Presidente, compartilhando com ele de suas atribui\u00e7\u00f5es;<\/p>\n<p><b>II &#8211;<\/b>\u00a0Substituir o Presidente em suas faltas, licen\u00e7as ou impedimentos.<\/p>\n<p>&nbsp;<\/p>\n<p><b>Par\u00e1grafo \u00fanico &#8211;<\/b>\u00a0Na falta do Vice-Presidente, o Conselho eleger\u00e1 um Conselho para presidir suas reuni\u00f5es.<\/p>\n<p><b>Art. 12 &#8211;<\/b>\u00a0Vagando a Presid\u00eancia e a Vice-Presid\u00eancia do Conselho, far-se-\u00e1 elei\u00e7\u00e3o dos respectivos substitutos para completar o mandato.<\/p>\n<p><b>Art. 13 &#8211;<\/b>\u00a0Compete ao 1\u00ba Secret\u00e1rio:<\/p>\n<p>&nbsp;<\/p>\n<p><b>I &#8211;<\/b>\u00a0Dirigir a Secretaria Administrativa do Conselho, com a colabora\u00e7\u00e3o do 2\u00ba Secret\u00e1rio;<\/p>\n<p><b>II &#8211;<\/b>\u00a0Lavrar as atas das reuni\u00f5es do Conselho e da Comiss\u00e3o Executiva; e,<\/p>\n<p><b>III &#8211;<\/b>\u00a0Manter os Conselheiros informados das decis\u00f5es adotadas nas reuni\u00f5es da Comiss\u00e3o Executiva.<\/p>\n<p>&nbsp;<\/p>\n<p><b>Art. 14 &#8211;<\/b>\u00a0Compete ao 2\u00ba Secret\u00e1rio:<\/p>\n<p>&nbsp;<\/p>\n<p><b>I &#8211;<\/b>\u00a0Integrar a Secretaria Administrativa do Conselho;<\/p>\n<p><b>II &#8211;<\/b>\u00a0Auxiliar o 1\u00ba Secret\u00e1rio na execu\u00e7\u00e3o das tarefas que lhe s\u00e3o afetadas;<\/p>\n<p><b>III &#8211;<\/b>\u00a0Substituir o 1\u00ba Secret\u00e1rio em suas faltas, licen\u00e7as ou impedimentos.<\/p>\n<p>&nbsp;<\/p>\n<p><b>CAP\u00cdTULO V &#8211; DOS GRUPOS DE TRABALHO<\/b><\/p>\n<p>&nbsp;<\/p>\n<p><b>Art. 15 &#8211;<\/b>\u00a0A fim de viabilizar o funcionamento do Conselho, criar-se-\u00e3o grupos de trabalhos tempor\u00e1rios e permanentes.<\/p>\n<p><b>Art. 16 &#8211;<\/b>\u00a0A Comiss\u00e3o Executiva apreciar\u00e1 os nomes das pessoas que devam integrar os grupos de trabalho.<\/p>\n<p><b>Art. 17 &#8211;<\/b>\u00a0Caber\u00e1 aos grupos de trabalho subsidiar, em suas \u00e1reas espec\u00edficas, a delibera\u00e7\u00e3o pol\u00edtica do Conselho.<\/p>\n<p><b>Art. 18 &#8211;<\/b>\u00a0Incumbe aos grupos de trabalho dar cumprimento \u00e0s delibera\u00e7\u00f5es do C.M.S. L para as diferen\u00e7as \u00e1reas de atua\u00e7\u00f5es.<\/p>\n<p><b>Art. 19 &#8211;<\/b>\u00a0Os grupos de trabalho eleger\u00e3o, dentre os seus membros, um coordenador.<\/p>\n<p><b>Par\u00e1grafo \u00danico &#8211;<\/b>\u00a0Em cada grupo de trabalho dever\u00e1 haver, necessariamente, um conselheiro e profissional especializado na \u00e1rea em discuss\u00e3o.<\/p>\n<p><b>Art. 20 &#8211;<\/b>\u00a0Os coordenadores dos grupos de trabalho constituir\u00e3o o Corpo T\u00e9cnico do Conselho.<\/p>\n<p><b>Art. 21 &#8211;<\/b>\u00a0O resultado dos trabalhos dos grupos permanentes ou tempor\u00e1rios poder\u00e1 ter a forma de relat\u00f3rio, parecer ou projeto.<\/p>\n<p><b>Art. 22 &#8211;<\/b>\u00a0Qualquer conselheiro poder\u00e1 participar, com direito \u00e0 voz, das reuni\u00f5es de grupos de trabalho ao qual n\u00e3o esteja integrado.<\/p>\n<p>&nbsp;<\/p>\n<p><b>CAP\u00cdTULO VI &#8211; DO CONSELHO CONSULTIVO POPULAR<\/b><\/p>\n<p>&nbsp;<\/p>\n<p><b>Art. 23 &#8211;<\/b>\u00a0Ao Conselho Consultivo Popular caber\u00e1 a fun\u00e7\u00e3o de recolher as den\u00fancias e sugest\u00f5es da popula\u00e7\u00e3o em geral no que se relaciona \u00e0 seguran\u00e7a p\u00fablica e encaminh\u00e1-las para delibera\u00e7\u00e3o do C.M.S.L.<\/p>\n<p><b>Art. 24 &#8211;<\/b>\u00a0A Comiss\u00e3o Executiva deliberar\u00e1 sobre os nomes das pessoas que dever\u00e3o compor o Conselho Consultivo Popular bem como a respeito do n\u00famero e dos locais de onde elas se originar\u00e3o.<\/p>\n<p>&nbsp;<\/p>\n<p><b>CAP\u00cdTULO VII &#8211; DAS REUNI\u00d5ES DO CONSELHO MUNICIPAL DE SEGURAN\u00c7A DE LAJES<\/b><\/p>\n<p>&nbsp;<\/p>\n<p><b>Art. 25 &#8211;<\/b>\u00a0As reuni\u00f5es ordin\u00e1rias do Conselho Municipal de Seguran\u00e7a ser\u00e3o mensais e coordenadas pelo Presidente.<\/p>\n<p><b>Par\u00e1grafo \u00danico &#8211;<\/b>\u00a0Sempre que mat\u00e9rias urgentes assim o exigirem, o Conselho dever\u00e1 ser convocado extraordinariamente pelo Presidente ou por 1\/3 (um ter\u00e7o) dos seus membros.<\/p>\n<p>&nbsp;<\/p>\n<p><b>CAP\u00cdTULO VIII &#8211; DA INSTALA\u00c7\u00c3O DO CONSELHO MUNICIPAL DE SEGURAN\u00c7A DE LAJES<\/b><\/p>\n<p>&nbsp;<\/p>\n<p><b>Art. 26 &#8211;<\/b>\u00a0O Conselho se instala, em primeira convoca\u00e7\u00e3o, com presen\u00e7a da maioria absoluta dos Conselheiros, ou em segunda convoca\u00e7\u00e3o, 30 (trinta) minutos ap\u00f3s, com a presen\u00e7a de 1\/3 (um ter\u00e7o) deles.<\/p>\n<p><b>Art. 27 &#8211;<\/b>\u00a0As delibera\u00e7\u00f5es ser\u00e3o tomadas por maioria simples e votos.<\/p>\n<p><b>Art. 28 &#8211;<\/b>\u00a0Cada sess\u00e3o ser\u00e1 registrada em ata e ser\u00e1 aberta pela leitura da ata anterior.<\/p>\n<p>&nbsp;<\/p>\n<p><b>DISPOSI\u00c7\u00d5ES FINAIS CAP\u00cdTULO IX<\/b><\/p>\n<p>&nbsp;<\/p>\n<p><b>Art. 29 &#8211;<\/b>\u00a0Todas e quaisquer fun\u00e7\u00f5es exercidas no Conselho Municipal de Seguran\u00e7a de Lajes\/RN n\u00e3o ser\u00e3o remuneradas, a t\u00edtulo nenhum, mas consideradas como de servi\u00e7o p\u00fablico relevante.<\/p>\n<p><b>Art. 30 &#8211;<\/b>\u00a0O mandato dos membros do C.M.S. ser\u00e1 de 02 (dois) anos, permitida a recondu\u00e7\u00e3o.<\/p>\n<p><b>Art. 31 &#8211;<\/b>\u00a0A designa\u00e7\u00e3o dos membros do C.M.S. dar-se-\u00e1 por ato baixado pelo Prefeito Municipal.<\/p>\n<p><b>Art. 32 &#8211;<\/b>\u00a0Esta Lei entrar\u00e1 em vigor na data da sua publica\u00e7\u00e3o, revogadas as disposi\u00e7\u00f5es em contr\u00e1rio.<\/p>\n<p>&nbsp;<\/p>\n<p>Lajes\/RN, em 26 de Agosto de 2013.<\/p>\n<p>&nbsp;<\/p>\n<p>&nbsp;<\/p>\n<p><b><i>LUIZ BENES LEOC\u00c1DIO DE ARA\u00daJO<\/i><\/b><\/p>\n<p><b><i><\/i><\/b>&nbsp;<\/p>\n<p>Prefeito Municipal<\/p>\n<p>&nbsp;<\/p>\n<p>&nbsp;<\/p>\n<p><b><i>EUG\u00caNIO RODRIGUES DA SILVA<\/i><\/b><\/p>\n<p><b><i><\/i><\/b>&nbsp;<\/p>\n<p>Secret\u00e1rio Municipal de Administra\u00e7\u00e3o<\/p>\n<\/div>\n<div class=\"pdfprnt-buttons pdfprnt-buttons-post pdfprnt-bottom-right\"><a href=\"https:\/\/lajes.rn.gov.br\/transparente\/index\/wp-json\/wp\/v2\/posts\/27392?print=pdf\" class=\"pdfprnt-button pdfprnt-button-pdf\" target=\"_blank\" ><img decoding=\"async\" src=\"https:\/\/lajes.rn.gov.br\/transparente\/index\/wp-content\/plugins\/pdf-print\/images\/pdf.png\" alt=\"image_pdf\" title=\"Ver PDF\" \/><\/a><a href=\"https:\/\/lajes.rn.gov.br\/transparente\/index\/wp-json\/wp\/v2\/posts\/27392?print=print\" class=\"pdfprnt-button pdfprnt-button-print\" target=\"_blank\" ><img decoding=\"async\" src=\"https:\/\/lajes.rn.gov.br\/transparente\/index\/wp-content\/plugins\/pdf-print\/images\/print.png\" alt=\"image_print\" title=\"Conte\u00fado de impress\u00e3o\" \/><\/a><\/div>","protected":false},"excerpt":{"rendered":"<p>ESTADO DO RIO GRANDE DO NORTE PREFEITURA MUNICIPAL DE LAJES GABINETE DO PREFEITO LEI N\u00ba 580\/2013 Disp\u00f5e sobre a cria\u00e7\u00e3o do Conselho Municipal de Seguran\u00e7a Publica e da outras provid\u00eancias. &nbsp; O PREFEITO MUNICIPAL DE LAJES,\u00a0Estado do Rio Grande do Norte, Faz saber que a C\u00e2mara Municipal aprovou e eu sanciono a seguinte Lei: &nbsp; [&hellip;]<\/p>\n","protected":false},"author":3,"featured_media":0,"comment_status":"closed","ping_status":"closed","sticky":false,"template":"","format":"standard","meta":{"ocean_post_layout":"","ocean_both_sidebars_style":"","ocean_both_sidebars_content_width":0,"ocean_both_sidebars_sidebars_width":0,"ocean_sidebar":"","ocean_second_sidebar":"","ocean_disable_margins":"enable","ocean_add_body_class":"","ocean_shortcode_before_top_bar":"","ocean_shortcode_after_top_bar":"","ocean_shortcode_before_header":"","ocean_shortcode_after_header":"","ocean_has_shortcode":"","ocean_shortcode_after_title":"","ocean_shortcode_before_footer_widgets":"","ocean_shortcode_after_footer_widgets":"","ocean_shortcode_before_footer_bottom":"","ocean_shortcode_after_footer_bottom":"","ocean_display_top_bar":"default","ocean_display_header":"default","ocean_header_style":"","ocean_center_header_left_menu":"","ocean_custom_header_template":"","ocean_custom_logo":0,"ocean_custom_retina_logo":0,"ocean_custom_logo_max_width":0,"ocean_custom_logo_tablet_max_width":0,"ocean_custom_logo_mobile_max_width":0,"ocean_custom_logo_max_height":0,"ocean_custom_logo_tablet_max_height":0,"ocean_custom_logo_mobile_max_height":0,"ocean_header_custom_menu":"","ocean_menu_typo_font_family":"","ocean_menu_typo_font_subset":"","ocean_menu_typo_font_size":0,"ocean_menu_typo_font_size_tablet":0,"ocean_menu_typo_font_size_mobile":0,"ocean_menu_typo_font_size_unit":"px","ocean_menu_typo_font_weight":"","ocean_menu_typo_font_weight_tablet":"","ocean_menu_typo_font_weight_mobile":"","ocean_menu_typo_transform":"","ocean_menu_typo_transform_tablet":"","ocean_menu_typo_transform_mobile":"","ocean_menu_typo_line_height":0,"ocean_menu_typo_line_height_tablet":0,"ocean_menu_typo_line_height_mobile":0,"ocean_menu_typo_line_height_unit":"","ocean_menu_typo_spacing":0,"ocean_menu_typo_spacing_tablet":0,"ocean_menu_typo_spacing_mobile":0,"ocean_menu_typo_spacing_unit":"","ocean_menu_link_color":"","ocean_menu_link_color_hover":"","ocean_menu_link_color_active":"","ocean_menu_link_background":"","ocean_menu_link_hover_background":"","ocean_menu_link_active_background":"","ocean_menu_social_links_bg":"","ocean_menu_social_hover_links_bg":"","ocean_menu_social_links_color":"","ocean_menu_social_hover_links_color":"","ocean_disable_title":"default","ocean_disable_heading":"default","ocean_post_title":"","ocean_post_subheading":"","ocean_post_title_style":"","ocean_post_title_background_color":"","ocean_post_title_background":0,"ocean_post_title_bg_image_position":"","ocean_post_title_bg_image_attachment":"","ocean_post_title_bg_image_repeat":"","ocean_post_title_bg_image_size":"","ocean_post_title_height":0,"ocean_post_title_bg_overlay":0.5,"ocean_post_title_bg_overlay_color":"","ocean_disable_breadcrumbs":"default","ocean_breadcrumbs_color":"","ocean_breadcrumbs_separator_color":"","ocean_breadcrumbs_links_color":"","ocean_breadcrumbs_links_hover_color":"","ocean_display_footer_widgets":"default","ocean_display_footer_bottom":"default","ocean_custom_footer_template":"","ocean_post_oembed":"","ocean_post_self_hosted_media":"","ocean_post_video_embed":"","ocean_link_format":"","ocean_link_format_target":"self","ocean_quote_format":"","ocean_quote_format_link":"post","ocean_gallery_link_images":"on","ocean_gallery_id":[],"footnotes":""},"categories":[2,49,50],"tags":[],"class_list":["post-27392","post","type-post","status-publish","format-standard","hentry","category-legislacao","category-leis-municipais","category-leis-municipais-2013","entry"],"_links":{"self":[{"href":"https:\/\/lajes.rn.gov.br\/transparente\/index\/wp-json\/wp\/v2\/posts\/27392","targetHints":{"allow":["GET"]}}],"collection":[{"href":"https:\/\/lajes.rn.gov.br\/transparente\/index\/wp-json\/wp\/v2\/posts"}],"about":[{"href":"https:\/\/lajes.rn.gov.br\/transparente\/index\/wp-json\/wp\/v2\/types\/post"}],"author":[{"embeddable":true,"href":"https:\/\/lajes.rn.gov.br\/transparente\/index\/wp-json\/wp\/v2\/users\/3"}],"replies":[{"embeddable":true,"href":"https:\/\/lajes.rn.gov.br\/transparente\/index\/wp-json\/wp\/v2\/comments?post=27392"}],"version-history":[{"count":1,"href":"https:\/\/lajes.rn.gov.br\/transparente\/index\/wp-json\/wp\/v2\/posts\/27392\/revisions"}],"predecessor-version":[{"id":27393,"href":"https:\/\/lajes.rn.gov.br\/transparente\/index\/wp-json\/wp\/v2\/posts\/27392\/revisions\/27393"}],"wp:attachment":[{"href":"https:\/\/lajes.rn.gov.br\/transparente\/index\/wp-json\/wp\/v2\/media?parent=27392"}],"wp:term":[{"taxonomy":"category","embeddable":true,"href":"https:\/\/lajes.rn.gov.br\/transparente\/index\/wp-json\/wp\/v2\/categories?post=27392"},{"taxonomy":"post_tag","embeddable":true,"href":"https:\/\/lajes.rn.gov.br\/transparente\/index\/wp-json\/wp\/v2\/tags?post=27392"}],"curies":[{"name":"wp","href":"https:\/\/api.w.org\/{rel}","templated":true}]}}