{"id":27362,"date":"2023-04-17T09:18:53","date_gmt":"2023-04-17T12:18:53","guid":{"rendered":"https:\/\/lajes.rn.gov.br\/transparente\/index\/?p=27362"},"modified":"2023-04-27T09:19:54","modified_gmt":"2023-04-27T12:19:54","slug":"lei-no-565-2013-dispoe-sobre-a-concessao-de-folga-ao-servidor-publico-municipal-do-municipio-de-lajes-rn-no-dia-do-seu-aniversario","status":"publish","type":"post","link":"https:\/\/lajes.rn.gov.br\/transparente\/index\/lei-no-565-2013-dispoe-sobre-a-concessao-de-folga-ao-servidor-publico-municipal-do-municipio-de-lajes-rn-no-dia-do-seu-aniversario\/","title":{"rendered":"LEI N\u00ba 565\/2013 &#8211; Disp\u00f5e sobre a Concess\u00e3o de Folga ao Servidor P\u00fablico Municipal do Munic\u00edpio de Lajes\/RN, no Dia do seu Anivers\u00e1rio."},"content":{"rendered":"<p id=\"separador\" class=\"cabecalhoEstadoSeparador cabecalhoEstadoSeparador1\" style=\"text-align: center;\"><strong>ESTADO DO RIO GRANDE DO NORTE<\/strong><br \/>\n<strong>PREFEITURA MUNICIPAL DE LAJES<\/strong><\/p>\n<p class=\"cabecaorgao\" style=\"text-align: center;\"><strong>GABINETE DO PREFEITO<\/strong><\/p>\n<hr \/>\n<div id=\"materia\" class=\"materia materia20091123 materia1\">\n<p>LEI N\u00ba 565\/2013<\/p>\n<div class=\"mat\"><\/div>\n<p>Disp\u00f5e sobre a Concess\u00e3o de Folga ao Servidor P\u00fablico Municipal do Munic\u00edpio de Lajes\/RN, no Dia do seu Anivers\u00e1rio.<\/p>\n<p>&nbsp;<\/p>\n<p><b>O PREFEITO MUNICIPAL DE LAJES<\/b>, Estado do Rio Grande do Norte, no uso de suas atribui\u00e7\u00f5es legais, faz saber que a C\u00e2mara Municipal aprovou e eu sanciono a seguinte Lei;<\/p>\n<p>&nbsp;<\/p>\n<p><b>Art. 1\u00ba &#8211;<\/b>\u00a0O Servidor P\u00fablico Municipal da esfera do Poder Executivo e Legislativo de Lajes\/RN, efetivo e comissionado ter\u00e1 folga no dia de seu anivers\u00e1rio.<\/p>\n<p><b>Art. 2\u00ba &#8211;<\/b>\u00a0Caso o anivers\u00e1rio do servidor recair em dias de s\u00e1bado, domingo ou feriado, o mesmo poder\u00e1 ser usufru\u00eddo no primeiro dia \u00fatil que anteceder ou no primeiro dia \u00fatil que suceder o seu anivers\u00e1rio.<\/p>\n<p><b>Art. 3\u00ba &#8211;<\/b>\u00a0O Servidor para ter direito a folga, comunicar\u00e1 seu chefe imediato da data de seu anivers\u00e1rio, que efetuar\u00e1 a libera\u00e7\u00e3o do mesmo.<\/p>\n<p><b>Par\u00e1grafo \u00danico \u2013\u00a0<\/b>A comunica\u00e7\u00e3o a que se refere ao\u00a0<i>caput\u00a0<\/i>deste artigo dever\u00e1 ser feita atrav\u00e9s de Of\u00edcio dirigido ao Departamento de Pessoal da Prefeitura e da C\u00e2mara Municipal com intervalo m\u00ednimo de 05 (cinco) dias da data do anivers\u00e1rio.<\/p>\n<p><b>Art. 4\u00ba &#8211;<\/b>\u00a0Em caso de necessidade justificada pela Administra\u00e7\u00e3o ou pelo Funcion\u00e1rio, a folga de anivers\u00e1rio do servidor poder\u00e1 ser percebida extraordinariamente em outro dia \u00fatil do ano.<\/p>\n<p><b>Art. 5\u00ba &#8211;<\/b>\u00a0Esta Lei entra em vigor na data de sua publica\u00e7\u00e3o, revogando-se as disposi\u00e7\u00f5es contr\u00e1rias.<\/p>\n<p>&nbsp;<\/p>\n<p>Lajes\/RN, em 17 de Abril de 2013.<\/p>\n<p>&nbsp;<\/p>\n<p><b><i>LUIZ BENES LEOC\u00c1DIO DE ARA\u00daJO<\/i><\/b><\/p>\n<p>Prefeito Municipal<\/p>\n<p>&nbsp;<\/p>\n<p><b><i>FRANCISCO ALTIVO CAVALCANTI<\/i><\/b><\/p>\n<p>Secret\u00e1rio Municipal Adjunto de Administra\u00e7\u00e3o<\/p>\n<\/div>\n<div class=\"pdfprnt-buttons pdfprnt-buttons-post pdfprnt-bottom-right\"><a href=\"https:\/\/lajes.rn.gov.br\/transparente\/index\/wp-json\/wp\/v2\/posts\/27362?print=pdf\" class=\"pdfprnt-button pdfprnt-button-pdf\" target=\"_blank\" ><img decoding=\"async\" src=\"https:\/\/lajes.rn.gov.br\/transparente\/index\/wp-content\/plugins\/pdf-print\/images\/pdf.png\" alt=\"image_pdf\" title=\"Ver PDF\" \/><\/a><a href=\"https:\/\/lajes.rn.gov.br\/transparente\/index\/wp-json\/wp\/v2\/posts\/27362?print=print\" class=\"pdfprnt-button pdfprnt-button-print\" target=\"_blank\" ><img decoding=\"async\" src=\"https:\/\/lajes.rn.gov.br\/transparente\/index\/wp-content\/plugins\/pdf-print\/images\/print.png\" alt=\"image_print\" title=\"Conte\u00fado de impress\u00e3o\" \/><\/a><\/div>","protected":false},"excerpt":{"rendered":"<p>ESTADO DO RIO GRANDE DO NORTE PREFEITURA MUNICIPAL DE LAJES GABINETE DO PREFEITO LEI N\u00ba 565\/2013 Disp\u00f5e sobre a Concess\u00e3o de Folga ao Servidor P\u00fablico Municipal do Munic\u00edpio de Lajes\/RN, no Dia do seu Anivers\u00e1rio. &nbsp; O PREFEITO MUNICIPAL DE LAJES, Estado do Rio Grande do Norte, no uso de suas atribui\u00e7\u00f5es legais, faz saber [&hellip;]<\/p>\n","protected":false},"author":3,"featured_media":0,"comment_status":"closed","ping_status":"closed","sticky":false,"template":"","format":"standard","meta":{"ocean_post_layout":"","ocean_both_sidebars_style":"","ocean_both_sidebars_content_width":0,"ocean_both_sidebars_sidebars_width":0,"ocean_sidebar":"","ocean_second_sidebar":"","ocean_disable_margins":"enable","ocean_add_body_class":"","ocean_shortcode_before_top_bar":"","ocean_shortcode_after_top_bar":"","ocean_shortcode_before_header":"","ocean_shortcode_after_header":"","ocean_has_shortcode":"","ocean_shortcode_after_title":"","ocean_shortcode_before_footer_widgets":"","ocean_shortcode_after_footer_widgets":"","ocean_shortcode_before_footer_bottom":"","ocean_shortcode_after_footer_bottom":"","ocean_display_top_bar":"default","ocean_display_header":"default","ocean_header_style":"","ocean_center_header_left_menu":"","ocean_custom_header_template":"","ocean_custom_logo":0,"ocean_custom_retina_logo":0,"ocean_custom_logo_max_width":0,"ocean_custom_logo_tablet_max_width":0,"ocean_custom_logo_mobile_max_width":0,"ocean_custom_logo_max_height":0,"ocean_custom_logo_tablet_max_height":0,"ocean_custom_logo_mobile_max_height":0,"ocean_header_custom_menu":"","ocean_menu_typo_font_family":"","ocean_menu_typo_font_subset":"","ocean_menu_typo_font_size":0,"ocean_menu_typo_font_size_tablet":0,"ocean_menu_typo_font_size_mobile":0,"ocean_menu_typo_font_size_unit":"px","ocean_menu_typo_font_weight":"","ocean_menu_typo_font_weight_tablet":"","ocean_menu_typo_font_weight_mobile":"","ocean_menu_typo_transform":"","ocean_menu_typo_transform_tablet":"","ocean_menu_typo_transform_mobile":"","ocean_menu_typo_line_height":0,"ocean_menu_typo_line_height_tablet":0,"ocean_menu_typo_line_height_mobile":0,"ocean_menu_typo_line_height_unit":"","ocean_menu_typo_spacing":0,"ocean_menu_typo_spacing_tablet":0,"ocean_menu_typo_spacing_mobile":0,"ocean_menu_typo_spacing_unit":"","ocean_menu_link_color":"","ocean_menu_link_color_hover":"","ocean_menu_link_color_active":"","ocean_menu_link_background":"","ocean_menu_link_hover_background":"","ocean_menu_link_active_background":"","ocean_menu_social_links_bg":"","ocean_menu_social_hover_links_bg":"","ocean_menu_social_links_color":"","ocean_menu_social_hover_links_color":"","ocean_disable_title":"default","ocean_disable_heading":"default","ocean_post_title":"","ocean_post_subheading":"","ocean_post_title_style":"","ocean_post_title_background_color":"","ocean_post_title_background":0,"ocean_post_title_bg_image_position":"","ocean_post_title_bg_image_attachment":"","ocean_post_title_bg_image_repeat":"","ocean_post_title_bg_image_size":"","ocean_post_title_height":0,"ocean_post_title_bg_overlay":0.5,"ocean_post_title_bg_overlay_color":"","ocean_disable_breadcrumbs":"default","ocean_breadcrumbs_color":"","ocean_breadcrumbs_separator_color":"","ocean_breadcrumbs_links_color":"","ocean_breadcrumbs_links_hover_color":"","ocean_display_footer_widgets":"default","ocean_display_footer_bottom":"default","ocean_custom_footer_template":"","ocean_post_oembed":"","ocean_post_self_hosted_media":"","ocean_post_video_embed":"","ocean_link_format":"","ocean_link_format_target":"self","ocean_quote_format":"","ocean_quote_format_link":"post","ocean_gallery_link_images":"on","ocean_gallery_id":[],"footnotes":""},"categories":[2,49,50],"tags":[],"class_list":["post-27362","post","type-post","status-publish","format-standard","hentry","category-legislacao","category-leis-municipais","category-leis-municipais-2013","entry"],"_links":{"self":[{"href":"https:\/\/lajes.rn.gov.br\/transparente\/index\/wp-json\/wp\/v2\/posts\/27362","targetHints":{"allow":["GET"]}}],"collection":[{"href":"https:\/\/lajes.rn.gov.br\/transparente\/index\/wp-json\/wp\/v2\/posts"}],"about":[{"href":"https:\/\/lajes.rn.gov.br\/transparente\/index\/wp-json\/wp\/v2\/types\/post"}],"author":[{"embeddable":true,"href":"https:\/\/lajes.rn.gov.br\/transparente\/index\/wp-json\/wp\/v2\/users\/3"}],"replies":[{"embeddable":true,"href":"https:\/\/lajes.rn.gov.br\/transparente\/index\/wp-json\/wp\/v2\/comments?post=27362"}],"version-history":[{"count":1,"href":"https:\/\/lajes.rn.gov.br\/transparente\/index\/wp-json\/wp\/v2\/posts\/27362\/revisions"}],"predecessor-version":[{"id":27363,"href":"https:\/\/lajes.rn.gov.br\/transparente\/index\/wp-json\/wp\/v2\/posts\/27362\/revisions\/27363"}],"wp:attachment":[{"href":"https:\/\/lajes.rn.gov.br\/transparente\/index\/wp-json\/wp\/v2\/media?parent=27362"}],"wp:term":[{"taxonomy":"category","embeddable":true,"href":"https:\/\/lajes.rn.gov.br\/transparente\/index\/wp-json\/wp\/v2\/categories?post=27362"},{"taxonomy":"post_tag","embeddable":true,"href":"https:\/\/lajes.rn.gov.br\/transparente\/index\/wp-json\/wp\/v2\/tags?post=27362"}],"curies":[{"name":"wp","href":"https:\/\/api.w.org\/{rel}","templated":true}]}}