{"id":26442,"date":"2014-11-10T15:15:49","date_gmt":"2014-11-10T17:15:49","guid":{"rendered":"https:\/\/lajes.rn.gov.br\/transparente\/index\/?p=26442"},"modified":"2023-04-03T15:21:42","modified_gmt":"2023-04-03T18:21:42","slug":"lei-no-642-2014-autoriza-a-concessao-de-uso-de-bem-publico-e-da-outras-providencias","status":"publish","type":"post","link":"https:\/\/lajes.rn.gov.br\/transparente\/index\/lei-no-642-2014-autoriza-a-concessao-de-uso-de-bem-publico-e-da-outras-providencias\/","title":{"rendered":"LEI N\u00ba 642\/2014 &#8211; Autoriza a Concess\u00e3o de Uso de Bem P\u00fablico e d\u00e1 outras provid\u00eancias."},"content":{"rendered":"<div id=\"separador\" class=\"cabecalhoEstadoSeparador cabecalhoEstadoSeparador1\">\n<p style=\"text-align: center;\"><strong>ESTADO DO RIO GRANDE DO NORTE<\/strong><br \/>\n<strong>PREFEITURA MUNICIPAL DE LAJES<\/strong><\/p>\n<\/div>\n<p class=\"cabecaorgao\" style=\"text-align: center;\"><strong>GABINETE DO PREFEITO<\/strong><\/p>\n<hr \/>\n<div id=\"materia\" class=\"materia materia20091123 materia1\">\n<p>LEI N\u00ba 642\/2014<\/p>\n<div class=\"mat\"><\/div>\n<p>Autoriza a Concess\u00e3o de Uso de Bem P\u00fablico e d\u00e1 outras provid\u00eancias.<\/p>\n<p>&nbsp;<\/p>\n<p><b>O Prefeito Municipal de Lajes, Estado do Rio Grande do Norte,<\/b>\u00a0no uso de suas atribui\u00e7\u00f5es legais, faz saber que a C\u00e2mara Municipal aprovou e ele sanciona a seguinte Lei:<\/p>\n<p>&nbsp;<\/p>\n<p><b>A<\/b><b>r<\/b><b>t<\/b><b>. 1\u00ba &#8211;<\/b>\u00a0Fica o Chefe do Poder Executivo Municipal autorizado a conceder, de forma gratuita ou onerosa, por tempo certo ou indeterminado, o uso a particulares, na forma prevista na Lei Org\u00e2nica do Munic\u00edpio e no respectivo contrato administrativo, 01 (um) im\u00f3vel p\u00fablico faticamente desafetado, de propriedade do Munic\u00edpio, localizado na Rua Ver. Juvenal Laureano, 00121 \u2013 Ant\u00f4nio de Melo, Lajes\/RN, \u00e1rea urbana do Munic\u00edpio de Lajes\/RN.<\/p>\n<p><b>Par\u00e1grafo \u00danico &#8211;<\/b>\u00a0As descri\u00e7\u00f5es do bem referido no\u00a0<i>caput\u00a0<\/i>deste artigo, constam no Anexo I, Ficha do Im\u00f3vel &#8211; Cadastro Multifinalit\u00e1rio &#8211; Certid\u00e3o de Caracter\u00edsticas n\u00ba 105\/2014, que \u00e9 parte integrante da presente Lei.<\/p>\n<p><b>Art. 2\u00ba &#8211;<\/b>\u00a0A concess\u00e3o de que trata o artigo 1\u00ba tem por finalidade estrita proporcionar a concess\u00e3o do im\u00f3vel \u00e0 iniciativa privada com a finalidade de gerar empregos e renda para a popula\u00e7\u00e3o do Munic\u00edpio, uma vez que o bem se encontra inutilizado, sendo, portanto, uma forma de torn\u00e1-lo produtivo e rent\u00e1vel para a municipalidade.<\/p>\n<p><b>Art. 3\u00ba &#8211;<\/b>\u00a0A transfer\u00eancia do uso do bem p\u00fablico descrito se dar\u00e1 mediante instrumento firmado entre os representantes das pessoas cedentes e cession\u00e1ria, denominado de contrato de concess\u00e3o de uso de bem im\u00f3vel o qual dever\u00e1 ser precedido de licita\u00e7\u00e3o, conforme versa o artigo 2\u00b0 da Lei 8.666\/93.<\/p>\n<p><b>Art. 4\u00ba &#8211;<\/b>\u00a0Fica vedada a cess\u00e3o, venda, empr\u00e9stimo, aluguel, ou qualquer outra forma de aliena\u00e7\u00e3o do bem objeto da concess\u00e3o de uso, salvo quando houver pr\u00e9via e expressa autoriza\u00e7\u00e3o do Poder Concedente.<\/p>\n<p><b>Art. 5\u00ba &#8211;<\/b>\u00a0O concession\u00e1rio responder\u00e1 pelos encargos civis, administrativos e tribut\u00e1rios que incidam sobre o bem objeto da concess\u00e3o a qual se refere esta Lei, enquanto perdurar o seu termo de concess\u00e3o.<\/p>\n<p><b>Art. 6\u00ba &#8211;<\/b>\u00a0Na ocorr\u00eancia de desvio da finalidade de que trata o artigo 2\u00ba desta Lei, ou sendo o bem indevidamente alienado, opera-se imediata resolu\u00e7\u00e3o da concess\u00e3o, retornando o bem \u00e0 posse do Munic\u00edpio, com suas acess\u00f5es e benfeitoriais, sem ensejar o pagamento de qualquer indeniza\u00e7\u00e3o ao concession\u00e1rio.<\/p>\n<p><b>Art. 7\u00ba &#8211;<\/b>\u00a0Esta Lei entra em vigor na data de sua publica\u00e7\u00e3o, revogando-se as disposi\u00e7\u00f5es em contr\u00e1rio.<\/p>\n<p>&nbsp;<\/p>\n<p>Gabinete do Prefeito Municipal de Lajes\/RN, em 10 de Novembro de 2014.<\/p>\n<p>&nbsp;<\/p>\n<p>&nbsp;<\/p>\n<p><b><i>LUIZ BENES LEOC\u00c1DIO DE ARA\u00daJO<\/i><\/b><\/p>\n<p><b><i><\/i><\/b>&nbsp;<\/p>\n<p>Prefeito<\/p>\n<\/div>\n<div class=\"pdfprnt-buttons pdfprnt-buttons-post pdfprnt-bottom-right\"><a href=\"https:\/\/lajes.rn.gov.br\/transparente\/index\/wp-json\/wp\/v2\/posts\/26442?print=pdf\" class=\"pdfprnt-button pdfprnt-button-pdf\" target=\"_blank\" ><img decoding=\"async\" src=\"https:\/\/lajes.rn.gov.br\/transparente\/index\/wp-content\/plugins\/pdf-print\/images\/pdf.png\" alt=\"image_pdf\" title=\"Ver PDF\" \/><\/a><a href=\"https:\/\/lajes.rn.gov.br\/transparente\/index\/wp-json\/wp\/v2\/posts\/26442?print=print\" class=\"pdfprnt-button pdfprnt-button-print\" target=\"_blank\" ><img decoding=\"async\" src=\"https:\/\/lajes.rn.gov.br\/transparente\/index\/wp-content\/plugins\/pdf-print\/images\/print.png\" alt=\"image_print\" title=\"Conte\u00fado de impress\u00e3o\" \/><\/a><\/div>","protected":false},"excerpt":{"rendered":"<p>ESTADO DO RIO GRANDE DO NORTE PREFEITURA MUNICIPAL DE LAJES GABINETE DO PREFEITO LEI N\u00ba 642\/2014 Autoriza a Concess\u00e3o de Uso de Bem P\u00fablico e d\u00e1 outras provid\u00eancias. &nbsp; O Prefeito Municipal de Lajes, Estado do Rio Grande do Norte,\u00a0no uso de suas atribui\u00e7\u00f5es legais, faz saber que a C\u00e2mara Municipal aprovou e ele sanciona [&hellip;]<\/p>\n","protected":false},"author":3,"featured_media":0,"comment_status":"closed","ping_status":"closed","sticky":false,"template":"","format":"standard","meta":{"ocean_post_layout":"","ocean_both_sidebars_style":"","ocean_both_sidebars_content_width":0,"ocean_both_sidebars_sidebars_width":0,"ocean_sidebar":"","ocean_second_sidebar":"","ocean_disable_margins":"enable","ocean_add_body_class":"","ocean_shortcode_before_top_bar":"","ocean_shortcode_after_top_bar":"","ocean_shortcode_before_header":"","ocean_shortcode_after_header":"","ocean_has_shortcode":"","ocean_shortcode_after_title":"","ocean_shortcode_before_footer_widgets":"","ocean_shortcode_after_footer_widgets":"","ocean_shortcode_before_footer_bottom":"","ocean_shortcode_after_footer_bottom":"","ocean_display_top_bar":"default","ocean_display_header":"default","ocean_header_style":"","ocean_center_header_left_menu":"","ocean_custom_header_template":"","ocean_custom_logo":0,"ocean_custom_retina_logo":0,"ocean_custom_logo_max_width":0,"ocean_custom_logo_tablet_max_width":0,"ocean_custom_logo_mobile_max_width":0,"ocean_custom_logo_max_height":0,"ocean_custom_logo_tablet_max_height":0,"ocean_custom_logo_mobile_max_height":0,"ocean_header_custom_menu":"","ocean_menu_typo_font_family":"","ocean_menu_typo_font_subset":"","ocean_menu_typo_font_size":0,"ocean_menu_typo_font_size_tablet":0,"ocean_menu_typo_font_size_mobile":0,"ocean_menu_typo_font_size_unit":"px","ocean_menu_typo_font_weight":"","ocean_menu_typo_font_weight_tablet":"","ocean_menu_typo_font_weight_mobile":"","ocean_menu_typo_transform":"","ocean_menu_typo_transform_tablet":"","ocean_menu_typo_transform_mobile":"","ocean_menu_typo_line_height":0,"ocean_menu_typo_line_height_tablet":0,"ocean_menu_typo_line_height_mobile":0,"ocean_menu_typo_line_height_unit":"","ocean_menu_typo_spacing":0,"ocean_menu_typo_spacing_tablet":0,"ocean_menu_typo_spacing_mobile":0,"ocean_menu_typo_spacing_unit":"","ocean_menu_link_color":"","ocean_menu_link_color_hover":"","ocean_menu_link_color_active":"","ocean_menu_link_background":"","ocean_menu_link_hover_background":"","ocean_menu_link_active_background":"","ocean_menu_social_links_bg":"","ocean_menu_social_hover_links_bg":"","ocean_menu_social_links_color":"","ocean_menu_social_hover_links_color":"","ocean_disable_title":"default","ocean_disable_heading":"default","ocean_post_title":"","ocean_post_subheading":"","ocean_post_title_style":"","ocean_post_title_background_color":"","ocean_post_title_background":0,"ocean_post_title_bg_image_position":"","ocean_post_title_bg_image_attachment":"","ocean_post_title_bg_image_repeat":"","ocean_post_title_bg_image_size":"","ocean_post_title_height":0,"ocean_post_title_bg_overlay":0.5,"ocean_post_title_bg_overlay_color":"","ocean_disable_breadcrumbs":"default","ocean_breadcrumbs_color":"","ocean_breadcrumbs_separator_color":"","ocean_breadcrumbs_links_color":"","ocean_breadcrumbs_links_hover_color":"","ocean_display_footer_widgets":"default","ocean_display_footer_bottom":"default","ocean_custom_footer_template":"","ocean_post_oembed":"","ocean_post_self_hosted_media":"","ocean_post_video_embed":"","ocean_link_format":"","ocean_link_format_target":"self","ocean_quote_format":"","ocean_quote_format_link":"post","ocean_gallery_link_images":"on","ocean_gallery_id":[],"footnotes":""},"categories":[2,49,51],"tags":[],"class_list":["post-26442","post","type-post","status-publish","format-standard","hentry","category-legislacao","category-leis-municipais","category-leis-municipais-2014","entry"],"_links":{"self":[{"href":"https:\/\/lajes.rn.gov.br\/transparente\/index\/wp-json\/wp\/v2\/posts\/26442","targetHints":{"allow":["GET"]}}],"collection":[{"href":"https:\/\/lajes.rn.gov.br\/transparente\/index\/wp-json\/wp\/v2\/posts"}],"about":[{"href":"https:\/\/lajes.rn.gov.br\/transparente\/index\/wp-json\/wp\/v2\/types\/post"}],"author":[{"embeddable":true,"href":"https:\/\/lajes.rn.gov.br\/transparente\/index\/wp-json\/wp\/v2\/users\/3"}],"replies":[{"embeddable":true,"href":"https:\/\/lajes.rn.gov.br\/transparente\/index\/wp-json\/wp\/v2\/comments?post=26442"}],"version-history":[{"count":1,"href":"https:\/\/lajes.rn.gov.br\/transparente\/index\/wp-json\/wp\/v2\/posts\/26442\/revisions"}],"predecessor-version":[{"id":26443,"href":"https:\/\/lajes.rn.gov.br\/transparente\/index\/wp-json\/wp\/v2\/posts\/26442\/revisions\/26443"}],"wp:attachment":[{"href":"https:\/\/lajes.rn.gov.br\/transparente\/index\/wp-json\/wp\/v2\/media?parent=26442"}],"wp:term":[{"taxonomy":"category","embeddable":true,"href":"https:\/\/lajes.rn.gov.br\/transparente\/index\/wp-json\/wp\/v2\/categories?post=26442"},{"taxonomy":"post_tag","embeddable":true,"href":"https:\/\/lajes.rn.gov.br\/transparente\/index\/wp-json\/wp\/v2\/tags?post=26442"}],"curies":[{"name":"wp","href":"https:\/\/api.w.org\/{rel}","templated":true}]}}