{"id":26430,"date":"2014-10-10T14:59:13","date_gmt":"2014-10-10T17:59:13","guid":{"rendered":"https:\/\/lajes.rn.gov.br\/transparente\/index\/?p=26430"},"modified":"2023-04-03T15:00:13","modified_gmt":"2023-04-03T18:00:13","slug":"lei-municipal-no-633-2014-dispoe-sobre-aquisicao-dos-dispositivos-de-retencao-de-criancas-para-veiculos-automotores-e-da-outras-providencias","status":"publish","type":"post","link":"https:\/\/lajes.rn.gov.br\/transparente\/index\/lei-municipal-no-633-2014-dispoe-sobre-aquisicao-dos-dispositivos-de-retencao-de-criancas-para-veiculos-automotores-e-da-outras-providencias\/","title":{"rendered":"LEI MUNICIPAL N\u00ba 633\/2014 &#8211; DISP\u00d5E SOBRE AQUISI\u00c7\u00c3O DOS DISPOSITIVOS DE RETEN\u00c7\u00c3O DE CRIAN\u00c7AS PARA VE\u00cdCULOS AUTOMOTORES, E DA OUTRAS PROVID\u00caNCIAS"},"content":{"rendered":"<div id=\"separador\" class=\"cabecalhoEstadoSeparador cabecalhoEstadoSeparador1\">\n<p style=\"text-align: center;\"><strong>ESTADO DO RIO GRANDE DO NORTE<\/strong><br \/>\n<strong>PREFEITURA MUNICIPAL DE LAJES<\/strong><\/p>\n<\/div>\n<p class=\"cabecaorgao\" style=\"text-align: center;\"><strong>GABINETE DO PREFEITO<\/strong><\/p>\n<hr \/>\n<div id=\"materia\" class=\"materia materia20091123 materia1\">\n<p>LEI MUNICIPAL N\u00ba 633\/2014<\/p>\n<div class=\"mat\"><\/div>\n<p>EMENTA: \u201cDISP\u00d5E SOBRE AQUISI\u00c7\u00c3O DOS DISPOSITIVOS DE RETEN\u00c7\u00c3O DE CRIAN\u00c7AS PARA VE\u00cdCULOS AUTOMOTORES, E DA OUTRAS PROVID\u00caNCIAS\u201d.<\/p>\n<p>&nbsp;<\/p>\n<p><b>A C\u00c2MARA MUNICIPAL DE LAJES APROVOU, E A MESA DIRETORA PROMULGA A SEGUINTE LEI:<\/b><\/p>\n<p><b>Art. 1\u00ba &#8211;\u00a0<\/b>Fica determinado a Prefeitura Municipal de Lajes\/RN a aquisi\u00e7\u00e3o dos dispositivos de reten\u00e7\u00e3o de crian\u00e7as para ve\u00edculos automotores pertencentes a frota do Munic\u00edpio adquiridos a partir da data de publica\u00e7\u00e3o desta Lei.<\/p>\n<p><b>Art. 2\u00b0 &#8211;\u00a0<\/b>Entende-se por dispositivo de reten\u00e7\u00e3o de crian\u00e7as o conjunto de elementos que cont\u00e9m uma combina\u00e7\u00e3o de tiras com fechos de travamento, dispositivo de ajustes, parte de fixa\u00e7\u00e3o e, em certos casos: um ber\u00e7o port\u00e1til porta-beb\u00ea, uma cadeirinha auxiliar ou uma prote\u00e7\u00e3o anti-choque que devem ser fixados ao ve\u00edculo mediante a utiliza\u00e7\u00e3o dos cintos de seguran\u00e7a ou outro equipamento apropriado instalado pelo fabricante do ve\u00edculo com tal finalidade.<\/p>\n<p><b>Art. 3\u00ba &#8211;\u00a0<\/b>Para os ve\u00edculos adquiridos via conv\u00eanio o Munic\u00edpio disp\u00f5e de um prazo de 90 (noventa) dias para aquisi\u00e7\u00e3o dos dispositivos de reten\u00e7\u00e3o de crian\u00e7as, contados a partir da data de recebimento do ve\u00edculo.<\/p>\n<p><b>Art. 4\u00ba &#8211;\u00a0<\/b>A aquisi\u00e7\u00e3o objeto desta Lei refere-se aos tr\u00eas tipos de dispositivos de reten\u00e7\u00e3o de crian\u00e7as:<\/p>\n<p><b>I \u2013\u00a0<\/b>Beb\u00ea conforto: Para uso de crian\u00e7as com at\u00e9 um ano de idade.<\/p>\n<p><b>II \u2013\u00a0<\/b>Cadeirinha: Para uso de crian\u00e7as com idade superior a um ano de idade e inferior ou igual a quatro anos.<\/p>\n<p><b>III \u2013\u00a0<\/b>Assento de eleva\u00e7\u00e3o: Para uso de crian\u00e7as com idade superior a quatro anos e inferior ou igual a sete anos e meio.<\/p>\n<p><b>Par\u00e1grafo \u00fanico:\u00a0<\/b>As crian\u00e7as menores de 10 (dez) anos de idade dever\u00e3o ser transportadas nos bancos traseiros usando individualmente cinto de seguran\u00e7a ou sistema de reten\u00e7\u00e3o equivalente na forma prevista neste artigo.<\/p>\n<p><b>Art. 5\u00b0 &#8211;\u00a0<\/b>Esta Lei n\u00e3o se aplica na aquisi\u00e7\u00e3o de ve\u00edculos com capacidade de passageiros acima de 7 (sete) lugares, que tenham finalidade de transporte de cargas, m\u00e1quinas, entre outros que n\u00e3o sejam destinadas ao transporte de pessoas.<\/p>\n<p><b>Art. 6\u00ba &#8211;\u00a0<\/b>As despesas decorrentes da execu\u00e7\u00e3o desta Lei ocorrer\u00e3o por conta das dota\u00e7\u00f5es or\u00e7ament\u00e1rias pr\u00f3prias, suplementadas se necess\u00e1rio pelo Executivo.<\/p>\n<p><b>Art. 7\u00ba &#8211;\u00a0<\/b>Esta lei entrar\u00e1 em vigor na data de sua publica\u00e7\u00e3o revogada as disposi\u00e7\u00f5es em contrario.<\/p>\n<p>&nbsp;<\/p>\n<p><b>Lajes-RN, 10 de Outubro de 2014<\/b><\/p>\n<p>&nbsp;<\/p>\n<p>Mesa Diretora<\/p>\n<p>&nbsp;<\/p>\n<p>&nbsp;<\/p>\n<p><b><i>CLOVIS SECUNDO VALE<\/i><\/b><\/p>\n<p><b><i><\/i><\/b>&nbsp;<\/p>\n<p>Presidente<\/p>\n<p>&nbsp;<\/p>\n<p>&nbsp;<\/p>\n<p><b><i>JIMMY CLEYSON TE\u00d3FILO DA SILVA<\/i><\/b><\/p>\n<p><b><i><\/i><\/b>&nbsp;<\/p>\n<p>Vice-Presidente<\/p>\n<p>&nbsp;<\/p>\n<p>&nbsp;<\/p>\n<p><b><i>FRANCISCO GILMAR GOMES<\/i><\/b><\/p>\n<p><b><i><\/i><\/b>&nbsp;<\/p>\n<p>1\u00ba Secret\u00e1rio<\/p>\n<p>&nbsp;<\/p>\n<p>&nbsp;<\/p>\n<p><b><i>FELIPE FERREIRA DE MENEZES ARA\u00daJO<\/i><\/b><\/p>\n<p><b><i><\/i><\/b>&nbsp;<\/p>\n<p>2\u00ba Secret\u00e1rio<\/p>\n<\/div>\n<div class=\"pdfprnt-buttons pdfprnt-buttons-post pdfprnt-bottom-right\"><a href=\"https:\/\/lajes.rn.gov.br\/transparente\/index\/wp-json\/wp\/v2\/posts\/26430?print=pdf\" class=\"pdfprnt-button pdfprnt-button-pdf\" target=\"_blank\" ><img decoding=\"async\" src=\"https:\/\/lajes.rn.gov.br\/transparente\/index\/wp-content\/plugins\/pdf-print\/images\/pdf.png\" alt=\"image_pdf\" title=\"Ver PDF\" \/><\/a><a href=\"https:\/\/lajes.rn.gov.br\/transparente\/index\/wp-json\/wp\/v2\/posts\/26430?print=print\" class=\"pdfprnt-button pdfprnt-button-print\" target=\"_blank\" ><img decoding=\"async\" src=\"https:\/\/lajes.rn.gov.br\/transparente\/index\/wp-content\/plugins\/pdf-print\/images\/print.png\" alt=\"image_print\" title=\"Conte\u00fado de impress\u00e3o\" \/><\/a><\/div>","protected":false},"excerpt":{"rendered":"<p>ESTADO DO RIO GRANDE DO NORTE PREFEITURA MUNICIPAL DE LAJES GABINETE DO PREFEITO LEI MUNICIPAL N\u00ba 633\/2014 EMENTA: \u201cDISP\u00d5E SOBRE AQUISI\u00c7\u00c3O DOS DISPOSITIVOS DE RETEN\u00c7\u00c3O DE CRIAN\u00c7AS PARA VE\u00cdCULOS AUTOMOTORES, E DA OUTRAS PROVID\u00caNCIAS\u201d. &nbsp; A C\u00c2MARA MUNICIPAL DE LAJES APROVOU, E A MESA DIRETORA PROMULGA A SEGUINTE LEI: Art. 1\u00ba &#8211;\u00a0Fica determinado a Prefeitura [&hellip;]<\/p>\n","protected":false},"author":3,"featured_media":0,"comment_status":"closed","ping_status":"closed","sticky":false,"template":"","format":"standard","meta":{"ocean_post_layout":"","ocean_both_sidebars_style":"","ocean_both_sidebars_content_width":0,"ocean_both_sidebars_sidebars_width":0,"ocean_sidebar":"","ocean_second_sidebar":"","ocean_disable_margins":"enable","ocean_add_body_class":"","ocean_shortcode_before_top_bar":"","ocean_shortcode_after_top_bar":"","ocean_shortcode_before_header":"","ocean_shortcode_after_header":"","ocean_has_shortcode":"","ocean_shortcode_after_title":"","ocean_shortcode_before_footer_widgets":"","ocean_shortcode_after_footer_widgets":"","ocean_shortcode_before_footer_bottom":"","ocean_shortcode_after_footer_bottom":"","ocean_display_top_bar":"default","ocean_display_header":"default","ocean_header_style":"","ocean_center_header_left_menu":"","ocean_custom_header_template":"","ocean_custom_logo":0,"ocean_custom_retina_logo":0,"ocean_custom_logo_max_width":0,"ocean_custom_logo_tablet_max_width":0,"ocean_custom_logo_mobile_max_width":0,"ocean_custom_logo_max_height":0,"ocean_custom_logo_tablet_max_height":0,"ocean_custom_logo_mobile_max_height":0,"ocean_header_custom_menu":"","ocean_menu_typo_font_family":"","ocean_menu_typo_font_subset":"","ocean_menu_typo_font_size":0,"ocean_menu_typo_font_size_tablet":0,"ocean_menu_typo_font_size_mobile":0,"ocean_menu_typo_font_size_unit":"px","ocean_menu_typo_font_weight":"","ocean_menu_typo_font_weight_tablet":"","ocean_menu_typo_font_weight_mobile":"","ocean_menu_typo_transform":"","ocean_menu_typo_transform_tablet":"","ocean_menu_typo_transform_mobile":"","ocean_menu_typo_line_height":0,"ocean_menu_typo_line_height_tablet":0,"ocean_menu_typo_line_height_mobile":0,"ocean_menu_typo_line_height_unit":"","ocean_menu_typo_spacing":0,"ocean_menu_typo_spacing_tablet":0,"ocean_menu_typo_spacing_mobile":0,"ocean_menu_typo_spacing_unit":"","ocean_menu_link_color":"","ocean_menu_link_color_hover":"","ocean_menu_link_color_active":"","ocean_menu_link_background":"","ocean_menu_link_hover_background":"","ocean_menu_link_active_background":"","ocean_menu_social_links_bg":"","ocean_menu_social_hover_links_bg":"","ocean_menu_social_links_color":"","ocean_menu_social_hover_links_color":"","ocean_disable_title":"default","ocean_disable_heading":"default","ocean_post_title":"","ocean_post_subheading":"","ocean_post_title_style":"","ocean_post_title_background_color":"","ocean_post_title_background":0,"ocean_post_title_bg_image_position":"","ocean_post_title_bg_image_attachment":"","ocean_post_title_bg_image_repeat":"","ocean_post_title_bg_image_size":"","ocean_post_title_height":0,"ocean_post_title_bg_overlay":0.5,"ocean_post_title_bg_overlay_color":"","ocean_disable_breadcrumbs":"default","ocean_breadcrumbs_color":"","ocean_breadcrumbs_separator_color":"","ocean_breadcrumbs_links_color":"","ocean_breadcrumbs_links_hover_color":"","ocean_display_footer_widgets":"default","ocean_display_footer_bottom":"default","ocean_custom_footer_template":"","ocean_post_oembed":"","ocean_post_self_hosted_media":"","ocean_post_video_embed":"","ocean_link_format":"","ocean_link_format_target":"self","ocean_quote_format":"","ocean_quote_format_link":"post","ocean_gallery_link_images":"on","ocean_gallery_id":[],"footnotes":""},"categories":[2,49,51],"tags":[],"class_list":["post-26430","post","type-post","status-publish","format-standard","hentry","category-legislacao","category-leis-municipais","category-leis-municipais-2014","entry"],"_links":{"self":[{"href":"https:\/\/lajes.rn.gov.br\/transparente\/index\/wp-json\/wp\/v2\/posts\/26430","targetHints":{"allow":["GET"]}}],"collection":[{"href":"https:\/\/lajes.rn.gov.br\/transparente\/index\/wp-json\/wp\/v2\/posts"}],"about":[{"href":"https:\/\/lajes.rn.gov.br\/transparente\/index\/wp-json\/wp\/v2\/types\/post"}],"author":[{"embeddable":true,"href":"https:\/\/lajes.rn.gov.br\/transparente\/index\/wp-json\/wp\/v2\/users\/3"}],"replies":[{"embeddable":true,"href":"https:\/\/lajes.rn.gov.br\/transparente\/index\/wp-json\/wp\/v2\/comments?post=26430"}],"version-history":[{"count":1,"href":"https:\/\/lajes.rn.gov.br\/transparente\/index\/wp-json\/wp\/v2\/posts\/26430\/revisions"}],"predecessor-version":[{"id":26431,"href":"https:\/\/lajes.rn.gov.br\/transparente\/index\/wp-json\/wp\/v2\/posts\/26430\/revisions\/26431"}],"wp:attachment":[{"href":"https:\/\/lajes.rn.gov.br\/transparente\/index\/wp-json\/wp\/v2\/media?parent=26430"}],"wp:term":[{"taxonomy":"category","embeddable":true,"href":"https:\/\/lajes.rn.gov.br\/transparente\/index\/wp-json\/wp\/v2\/categories?post=26430"},{"taxonomy":"post_tag","embeddable":true,"href":"https:\/\/lajes.rn.gov.br\/transparente\/index\/wp-json\/wp\/v2\/tags?post=26430"}],"curies":[{"name":"wp","href":"https:\/\/api.w.org\/{rel}","templated":true}]}}