{"id":26426,"date":"2014-10-13T14:56:11","date_gmt":"2014-10-13T17:56:11","guid":{"rendered":"https:\/\/lajes.rn.gov.br\/transparente\/index\/?p=26426"},"modified":"2023-04-03T14:57:07","modified_gmt":"2023-04-03T17:57:07","slug":"lei-no-638-2014-autoriza-o-poder-executivo-a-contratar-operacao-de-credito-interno-no-valor-de-r-765-00000-setecentos-e-sessenta-e-cinco-mil-reais-e-da-outras-providencias","status":"publish","type":"post","link":"https:\/\/lajes.rn.gov.br\/transparente\/index\/lei-no-638-2014-autoriza-o-poder-executivo-a-contratar-operacao-de-credito-interno-no-valor-de-r-765-00000-setecentos-e-sessenta-e-cinco-mil-reais-e-da-outras-providencias\/","title":{"rendered":"LEI N\u00ba 638\/2014 &#8211; Autoriza o Poder Executivo a contratar opera\u00e7\u00e3o de Cr\u00e9dito Interno no valor de R$ 765.000,00 (setecentos e sessenta e cinco mil reais) e d\u00e1 outras providencias."},"content":{"rendered":"<div id=\"separador\" class=\"cabecalhoEstadoSeparador cabecalhoEstadoSeparador1\">\n<p style=\"text-align: center;\"><strong>ESTADO DO RIO GRANDE DO NORTE<\/strong><br \/>\n<strong>PREFEITURA MUNICIPAL DE LAJES<\/strong><\/p>\n<\/div>\n<p class=\"cabecaorgao\" style=\"text-align: center;\"><strong>GABINETE DO PREFEITO<\/strong><\/p>\n<hr \/>\n<div id=\"materia\" class=\"materia materia20091123 materia1\">\n<p>LEI N\u00ba 638\/2014<\/p>\n<div class=\"mat\"><\/div>\n<p>Autoriza o Poder Executivo a contratar opera\u00e7\u00e3o de Cr\u00e9dito Interno no valor de R$ 765.000,00 (setecentos e sessenta e cinco mil reais) e d\u00e1 outras providencias.<\/p>\n<p>&nbsp;<\/p>\n<p><b>O PREFEITO MUNICIPAL DE LAJES\/RN<\/b>, no uso de suas atribui\u00e7\u00f5es legais, nos termos da Lei Federal n.\u00ba 4320\/64, Lei Complementar 101\/2000, e Lei Municipal 591, de 02\/12\/2013, faz saber que a C\u00e2mara Municipal aprovou e eu sanciono a seguinte Lei.<\/p>\n<p>&nbsp;<\/p>\n<p><b>Art. 1\u00ba<\/b>\u00a0&#8211; O Munic\u00edpio de Lajes\/RN, por interm\u00e9dio do Poder Executivo, fica aprovado a Contratar Opera\u00e7\u00e3o de Cr\u00e9dito Interno, com o Banco Nacional de Desenvolvimento Econ\u00f4mico e Social \u2013 BNDES, at\u00e9 o valor de R$ 765.000,00 (setecentos e sessenta e cinco mil reais).<\/p>\n<p><b>Art. 2\u00ba<\/b>\u00a0&#8211; Os recursos provenientes da Opera\u00e7\u00e3o de Cr\u00e9dito autorizada no capit deste artigo ser\u00e3o aplicados, exclusivamente, na aquisi\u00e7\u00e3o de 03 (tr\u00eas) \u00f4nibus escolares, destinados ao transporte escolar do munic\u00edpio, no \u00e2mbito do Programa Caminho da Escola, executado em parceria com o FNDE e o munic\u00edpio de Lajes\/RN.<\/p>\n<p><b>Art. 3\u00ba &#8211;\u00a0<\/b>O munic\u00edpio de Lajes\/RN, por interm\u00e9dio do Poder Executivo, fica autorizado a oferecer, como contrapartida as receitas provenientes do artigo 156 e inciso I, al\u00ednea \u201cb\u201d do art. 159 todos da Constitui\u00e7\u00e3o Federal.<\/p>\n<p><b>Art. 4\u00ba &#8211;\u00a0<\/b>O Poder Executivo dever\u00e1 incluir nos Projetos Atividades, da PPA, LDO e LOA da Secretaria Municipal de Educa\u00e7\u00e3o e Cultura conforme anexo I a esta Lei.<\/p>\n<p><b>Art. 5\u00ba &#8211;\u00a0<\/b>Fica ainda o Poder Executivo autorizado a incluir no PPA, LDO e LOA os recursos necess\u00e1rios para cobertura de despesas com os encargos financeiros e as amortiza\u00e7\u00f5es durante a vig\u00eancia do contrato da Opera\u00e7\u00e3o de Cr\u00e9dito.<\/p>\n<p><b>Art. 6\u00ba &#8211;\u00a0<\/b>Esta Lei entrar\u00e1 em vigor na data da sua publica\u00e7\u00e3o, revogadas \u00e0s disposi\u00e7\u00f5es em contr\u00e1rio.<\/p>\n<p align=\"center\">\n<p><b><u>ANEXO I<\/u><\/b><\/p>\n<p><b><u>CR\u00c9DITO<\/u><\/b><\/p>\n<p>&nbsp;<\/p>\n<p>ORG\u00c3O:\u00a0<b>02 \u2013 PODER EXECUTIVO<\/b><\/p>\n<p>UNIDADE OR\u00c7AMENTARIA:\u00a0<b>006 \u2013 SECRETARIA MUNICIPAL DE EDUCA\u00c7\u00c3O E CULTURA<\/b><\/p>\n<p>FUN\u00c7\u00c3O:\u00a0<b>12 \u2013 EDUCA\u00c7\u00c3O<\/b><\/p>\n<p>SUBFUN\u00c7\u00c3O:\u00a0<b>361 \u2013 ENSINO FUNDAMENTAL<\/b><\/p>\n<p>PROGRAMA:\u00a0<b>0012 \u2013 EXPANS\u00c3O E MELHORIA DA INFRAESTRUTURA<\/b><\/p>\n<p>PROJETO\/ATIVIDADE:\u00a0<b>1011<\/b>\u00a0<b>\u2013 AQUISI\u00c7\u00c3O DE TRANSPORTE ESCOLAR<\/b><\/p>\n<p>FONTE:\u00a0<b>146 \u2013 OPERA\u00c7\u00c3O DE CR\u00c9DITO INTERNO<\/b><\/p>\n<p>&nbsp;<\/p>\n<table class=\"mat\" border=\"1\" cellspacing=\"0\" cellpadding=\"0\" align=\"left\">\n<tbody>\n<tr>\n<td width=\"127\">\n<p align=\"center\"><b>CODIGO<\/b><\/p>\n<\/td>\n<td width=\"336\">\n<p align=\"center\"><b>ELEMENTO DE DESPESA<\/b><\/p>\n<\/td>\n<td width=\"156\">\n<p align=\"center\"><b>VALOR<\/b><\/p>\n<\/td>\n<\/tr>\n<tr>\n<td width=\"127\">\n<p align=\"center\">44.90.52.00.00<\/p>\n<\/td>\n<td width=\"336\">Equipamento e Material Permanente.<\/td>\n<td width=\"156\">\n<p align=\"right\">765.000,00<\/p>\n<\/td>\n<\/tr>\n<tr>\n<td colspan=\"2\" width=\"463\">\n<p align=\"center\"><b>TOTAL<\/b><\/p>\n<\/td>\n<td width=\"156\">\n<p align=\"right\"><b>765.000,00<\/b><\/p>\n<\/td>\n<\/tr>\n<\/tbody>\n<\/table>\n<p>&nbsp;<\/p>\n<p>Gabinete do Prefeito Municipal de Lajes\/RN, em 13 de Outubro de 2014.<\/p>\n<p>&nbsp;<\/p>\n<p>&nbsp;<\/p>\n<p><b><i>JOS\u00c9 MARQUES FERNANDES<\/i><\/b><\/p>\n<p><b><i><\/i><\/b>&nbsp;<\/p>\n<p>Prefeito em Exerc\u00edcio<\/p>\n<\/div>\n<div class=\"pdfprnt-buttons pdfprnt-buttons-post pdfprnt-bottom-right\"><a href=\"https:\/\/lajes.rn.gov.br\/transparente\/index\/wp-json\/wp\/v2\/posts\/26426?print=pdf\" class=\"pdfprnt-button pdfprnt-button-pdf\" target=\"_blank\" ><img decoding=\"async\" src=\"https:\/\/lajes.rn.gov.br\/transparente\/index\/wp-content\/plugins\/pdf-print\/images\/pdf.png\" alt=\"image_pdf\" title=\"Ver PDF\" \/><\/a><a href=\"https:\/\/lajes.rn.gov.br\/transparente\/index\/wp-json\/wp\/v2\/posts\/26426?print=print\" class=\"pdfprnt-button pdfprnt-button-print\" target=\"_blank\" ><img decoding=\"async\" src=\"https:\/\/lajes.rn.gov.br\/transparente\/index\/wp-content\/plugins\/pdf-print\/images\/print.png\" alt=\"image_print\" title=\"Conte\u00fado de impress\u00e3o\" \/><\/a><\/div>","protected":false},"excerpt":{"rendered":"<p>ESTADO DO RIO GRANDE DO NORTE PREFEITURA MUNICIPAL DE LAJES GABINETE DO PREFEITO LEI N\u00ba 638\/2014 Autoriza o Poder Executivo a contratar opera\u00e7\u00e3o de Cr\u00e9dito Interno no valor de R$ 765.000,00 (setecentos e sessenta e cinco mil reais) e d\u00e1 outras providencias. &nbsp; O PREFEITO MUNICIPAL DE LAJES\/RN, no uso de suas atribui\u00e7\u00f5es legais, nos [&hellip;]<\/p>\n","protected":false},"author":3,"featured_media":0,"comment_status":"closed","ping_status":"closed","sticky":false,"template":"","format":"standard","meta":{"ocean_post_layout":"","ocean_both_sidebars_style":"","ocean_both_sidebars_content_width":0,"ocean_both_sidebars_sidebars_width":0,"ocean_sidebar":"","ocean_second_sidebar":"","ocean_disable_margins":"enable","ocean_add_body_class":"","ocean_shortcode_before_top_bar":"","ocean_shortcode_after_top_bar":"","ocean_shortcode_before_header":"","ocean_shortcode_after_header":"","ocean_has_shortcode":"","ocean_shortcode_after_title":"","ocean_shortcode_before_footer_widgets":"","ocean_shortcode_after_footer_widgets":"","ocean_shortcode_before_footer_bottom":"","ocean_shortcode_after_footer_bottom":"","ocean_display_top_bar":"default","ocean_display_header":"default","ocean_header_style":"","ocean_center_header_left_menu":"","ocean_custom_header_template":"","ocean_custom_logo":0,"ocean_custom_retina_logo":0,"ocean_custom_logo_max_width":0,"ocean_custom_logo_tablet_max_width":0,"ocean_custom_logo_mobile_max_width":0,"ocean_custom_logo_max_height":0,"ocean_custom_logo_tablet_max_height":0,"ocean_custom_logo_mobile_max_height":0,"ocean_header_custom_menu":"","ocean_menu_typo_font_family":"","ocean_menu_typo_font_subset":"","ocean_menu_typo_font_size":0,"ocean_menu_typo_font_size_tablet":0,"ocean_menu_typo_font_size_mobile":0,"ocean_menu_typo_font_size_unit":"px","ocean_menu_typo_font_weight":"","ocean_menu_typo_font_weight_tablet":"","ocean_menu_typo_font_weight_mobile":"","ocean_menu_typo_transform":"","ocean_menu_typo_transform_tablet":"","ocean_menu_typo_transform_mobile":"","ocean_menu_typo_line_height":0,"ocean_menu_typo_line_height_tablet":0,"ocean_menu_typo_line_height_mobile":0,"ocean_menu_typo_line_height_unit":"","ocean_menu_typo_spacing":0,"ocean_menu_typo_spacing_tablet":0,"ocean_menu_typo_spacing_mobile":0,"ocean_menu_typo_spacing_unit":"","ocean_menu_link_color":"","ocean_menu_link_color_hover":"","ocean_menu_link_color_active":"","ocean_menu_link_background":"","ocean_menu_link_hover_background":"","ocean_menu_link_active_background":"","ocean_menu_social_links_bg":"","ocean_menu_social_hover_links_bg":"","ocean_menu_social_links_color":"","ocean_menu_social_hover_links_color":"","ocean_disable_title":"default","ocean_disable_heading":"default","ocean_post_title":"","ocean_post_subheading":"","ocean_post_title_style":"","ocean_post_title_background_color":"","ocean_post_title_background":0,"ocean_post_title_bg_image_position":"","ocean_post_title_bg_image_attachment":"","ocean_post_title_bg_image_repeat":"","ocean_post_title_bg_image_size":"","ocean_post_title_height":0,"ocean_post_title_bg_overlay":0.5,"ocean_post_title_bg_overlay_color":"","ocean_disable_breadcrumbs":"default","ocean_breadcrumbs_color":"","ocean_breadcrumbs_separator_color":"","ocean_breadcrumbs_links_color":"","ocean_breadcrumbs_links_hover_color":"","ocean_display_footer_widgets":"default","ocean_display_footer_bottom":"default","ocean_custom_footer_template":"","ocean_post_oembed":"","ocean_post_self_hosted_media":"","ocean_post_video_embed":"","ocean_link_format":"","ocean_link_format_target":"self","ocean_quote_format":"","ocean_quote_format_link":"post","ocean_gallery_link_images":"on","ocean_gallery_id":[],"footnotes":""},"categories":[2,49,51],"tags":[],"class_list":["post-26426","post","type-post","status-publish","format-standard","hentry","category-legislacao","category-leis-municipais","category-leis-municipais-2014","entry"],"_links":{"self":[{"href":"https:\/\/lajes.rn.gov.br\/transparente\/index\/wp-json\/wp\/v2\/posts\/26426","targetHints":{"allow":["GET"]}}],"collection":[{"href":"https:\/\/lajes.rn.gov.br\/transparente\/index\/wp-json\/wp\/v2\/posts"}],"about":[{"href":"https:\/\/lajes.rn.gov.br\/transparente\/index\/wp-json\/wp\/v2\/types\/post"}],"author":[{"embeddable":true,"href":"https:\/\/lajes.rn.gov.br\/transparente\/index\/wp-json\/wp\/v2\/users\/3"}],"replies":[{"embeddable":true,"href":"https:\/\/lajes.rn.gov.br\/transparente\/index\/wp-json\/wp\/v2\/comments?post=26426"}],"version-history":[{"count":1,"href":"https:\/\/lajes.rn.gov.br\/transparente\/index\/wp-json\/wp\/v2\/posts\/26426\/revisions"}],"predecessor-version":[{"id":26427,"href":"https:\/\/lajes.rn.gov.br\/transparente\/index\/wp-json\/wp\/v2\/posts\/26426\/revisions\/26427"}],"wp:attachment":[{"href":"https:\/\/lajes.rn.gov.br\/transparente\/index\/wp-json\/wp\/v2\/media?parent=26426"}],"wp:term":[{"taxonomy":"category","embeddable":true,"href":"https:\/\/lajes.rn.gov.br\/transparente\/index\/wp-json\/wp\/v2\/categories?post=26426"},{"taxonomy":"post_tag","embeddable":true,"href":"https:\/\/lajes.rn.gov.br\/transparente\/index\/wp-json\/wp\/v2\/tags?post=26426"}],"curies":[{"name":"wp","href":"https:\/\/api.w.org\/{rel}","templated":true}]}}