{"id":26424,"date":"2014-10-10T14:54:58","date_gmt":"2014-10-10T17:54:58","guid":{"rendered":"https:\/\/lajes.rn.gov.br\/transparente\/index\/?p=26424"},"modified":"2023-04-03T14:56:00","modified_gmt":"2023-04-03T17:56:00","slug":"lei-municipal-no-634-2014-dispoe-sobre-a-utilizacao-de-predios-publicos-por-tempo-determinado-para-realizacao-de-eventos-educativos-esportivos-culturais-religiosos-ou-de-outra-natureza-que-vise-o","status":"publish","type":"post","link":"https:\/\/lajes.rn.gov.br\/transparente\/index\/lei-municipal-no-634-2014-dispoe-sobre-a-utilizacao-de-predios-publicos-por-tempo-determinado-para-realizacao-de-eventos-educativos-esportivos-culturais-religiosos-ou-de-outra-natureza-que-vise-o\/","title":{"rendered":"LEI MUNICIPAL N\u00ba 634\/2014 &#8211; DISP\u00d5E SOBRE A UTILIZA\u00c7\u00c3O DE PR\u00c9DIOS P\u00daBLICOS POR TEMPO DETERMINADO PARA REALIZA\u00c7\u00c3O DE EVENTOS EDUCATIVOS, ESPORTIVOS, CULTURAIS, RELIGIOSOS OU DE OUTRA NATUREZA QUE VISE O INTERESSE P\u00daBLICO NO \u00c2MBITO DO MUNIC\u00cdPIO DE LAJES\/RN, E DA OUTRAS PROVID\u00caNCIAS"},"content":{"rendered":"<div id=\"separador\" class=\"cabecalhoEstadoSeparador cabecalhoEstadoSeparador1\">\n<p style=\"text-align: center;\"><strong>ESTADO DO RIO GRANDE DO NORTE<\/strong><br \/>\n<strong>PREFEITURA MUNICIPAL DE LAJES<\/strong><\/p>\n<\/div>\n<p class=\"cabecaorgao\" style=\"text-align: center;\"><strong>GABINETE DO PREFEITO<\/strong><\/p>\n<hr \/>\n<div id=\"materia\" class=\"materia materia20091123 materia1\">\n<p>LEI MUNICIPAL N\u00ba 634\/2014<\/p>\n<p>EMENTA: \u201cDISP\u00d5E SOBRE A UTILIZA\u00c7\u00c3O DE PR\u00c9DIOS P\u00daBLICOS POR TEMPO DETERMINADO PARA REALIZA\u00c7\u00c3O DE EVENTOS EDUCATIVOS, ESPORTIVOS, CULTURAIS, RELIGIOSOS OU DE OUTRA NATUREZA QUE VISE O INTERESSE P\u00daBLICO NO \u00c2MBITO DO MUNIC\u00cdPIO DE LAJES\/RN, E DA OUTRAS PROVID\u00caNCIAS\u201d.<\/p>\n<p>&nbsp;<\/p>\n<p><b>A C\u00c2MARA MUNICIPAL DE LAJES APROVOU, E A MESA DIRETORA PROMULGA A SEGUINTE LEI:<\/b><\/p>\n<p><b>Art. 1\u00ba &#8211;\u00a0<\/b>Fica autorizada a utiliza\u00e7\u00e3o dos pr\u00e9dios p\u00fablicos no \u00e2mbito do Munic\u00edpio de Lajes\/RN por tempo determinado para realiza\u00e7\u00e3o de eventos educativos, esportivos, culturais, religiosos ou de outra natureza que vise o interesse p\u00fablico.<\/p>\n<p><b>Art. 2\u00ba &#8211;\u00a0<\/b>A utiliza\u00e7\u00e3o dos pr\u00e9dios p\u00fablicos ser\u00e1 concedida aos interessados que apresentarem requerimento escrito com exposi\u00e7\u00e3o de justificativa ao \u00f3rg\u00e3o respons\u00e1vel pelo pr\u00e9dio requerido.<\/p>\n<p><b>\u00a7 1\u00ba &#8211;\u00a0<\/b>O requerimento de solicita\u00e7\u00e3o dever\u00e1 ser apresentado com anteced\u00eancia m\u00ednima de 10 (dez) dias a data solicitada.<\/p>\n<p><b>\u00a7 2\u00ba &#8211;\u00a0<\/b>Atividades lucrativas s\u00f3 ser\u00e3o autorizadas se forem realizadas por entidades p\u00fablicas de car\u00e1ter social ou filantr\u00f3pico com destina\u00e7\u00e3o social comprovada.<\/p>\n<p><b>\u00a7 3\u00ba &#8211;\u00a0<\/b>O uso de pr\u00e9dio escolar \u00e9 permitido desde que n\u00e3o prejudique o funcionamento normal da Escola no per\u00edodo de aula ou de atividades extracurriculares.<\/p>\n<p><b>Art. 3\u00ba &#8211;\u00a0<\/b>Ser\u00e1 devolvido e solicitada a corre\u00e7\u00e3o aos requerimentos que:<\/p>\n<p><b>I \u2013\u00a0<\/b>N\u00e3o conste a assinatura do respons\u00e1vel.<\/p>\n<p><b>II \u2013\u00a0<\/b>N\u00e3o conste a justificativa pela qual est\u00e1 sendo requerido o pr\u00e9dio.<\/p>\n<p><b>III \u2013\u00a0<\/b>N\u00e3o conste o per\u00edodo no qual o pr\u00e9dio ser\u00e1 utilizado.<\/p>\n<p><b>Art. 4\u00ba &#8211;\u00a0<\/b>No ato do recebimento do pr\u00e9dio o requerente assinar\u00e1 um termo de responsabilidade pelo estabelecimento durante o per\u00edodo no qual o mesmo estiver sob seu dom\u00ednio.<\/p>\n<p><b>\u00a7 1\u00ba &#8211;\u00a0<\/b>Durante o tempo de utiliza\u00e7\u00e3o do pr\u00e9dio o respons\u00e1vel dever\u00e1 estabelecer mecanismos que incentive a conserva\u00e7\u00e3o do mesmo.<\/p>\n<p><b>\u00a7 2\u00ba &#8211;\u00a0<\/b>Quando da comprova\u00e7\u00e3o de danos ao pr\u00e9dio ou aos utens\u00edlios presentes no mesmo, o respons\u00e1vel que constou sua assinatura no termo de responsabilidade ter\u00e1 um prazo de 15 (quinze) dias \u00fateis para reparar os danos causados ao patrim\u00f4nio p\u00fablico.<\/p>\n<p><b>Art. 5\u00ba &#8211;\u00a0<\/b>As despesas decorrentes da execu\u00e7\u00e3o desta Lei ocorrer\u00e3o por conta das dota\u00e7\u00f5es or\u00e7ament\u00e1rias pr\u00f3prias, suplementadas se necess\u00e1rio pelo Executivo.<\/p>\n<p><b>Art. 6\u00ba &#8211;\u00a0<\/b>Esta lei entrar\u00e1 em vigor na data de sua publica\u00e7\u00e3o revogada as disposi\u00e7\u00f5es em contrario.<\/p>\n<p>&nbsp;<\/p>\n<p>Lajes\/RN, 10 de Outubro de 2014<\/p>\n<p>&nbsp;<\/p>\n<p>Mesa Diretora<\/p>\n<p>&nbsp;<\/p>\n<p>&nbsp;<\/p>\n<p><b><i>CLOVIS SECUNDO VALE<\/i><\/b><\/p>\n<p><b><i><\/i><\/b>&nbsp;<\/p>\n<p>Presidente<\/p>\n<p>&nbsp;<\/p>\n<p>&nbsp;<\/p>\n<p><b><i>JIMMY CLEYSON TE\u00d3FILO DA SILVA<\/i><\/b><\/p>\n<p><b><i><\/i><\/b>&nbsp;<\/p>\n<p>Vice-Presidente<\/p>\n<p>&nbsp;<\/p>\n<p>&nbsp;<\/p>\n<p><b><i>FRANCISCO GILMAR GOMES<\/i><\/b><\/p>\n<p><b><i><\/i><\/b>&nbsp;<\/p>\n<p>1\u00ba Secret\u00e1rio<\/p>\n<p>&nbsp;<\/p>\n<p>&nbsp;<\/p>\n<p><b><i>FELIPE FERREIRA DE MENEZES ARA\u00daJO<\/i><\/b><\/p>\n<p><b><i><\/i><\/b>&nbsp;<\/p>\n<p>2\u00ba Secret\u00e1rio<\/p>\n<\/div>\n<div class=\"pdfprnt-buttons pdfprnt-buttons-post pdfprnt-bottom-right\"><a href=\"https:\/\/lajes.rn.gov.br\/transparente\/index\/wp-json\/wp\/v2\/posts\/26424?print=pdf\" class=\"pdfprnt-button pdfprnt-button-pdf\" target=\"_blank\" ><img decoding=\"async\" src=\"https:\/\/lajes.rn.gov.br\/transparente\/index\/wp-content\/plugins\/pdf-print\/images\/pdf.png\" alt=\"image_pdf\" title=\"Ver PDF\" \/><\/a><a href=\"https:\/\/lajes.rn.gov.br\/transparente\/index\/wp-json\/wp\/v2\/posts\/26424?print=print\" class=\"pdfprnt-button pdfprnt-button-print\" target=\"_blank\" ><img decoding=\"async\" src=\"https:\/\/lajes.rn.gov.br\/transparente\/index\/wp-content\/plugins\/pdf-print\/images\/print.png\" alt=\"image_print\" title=\"Conte\u00fado de impress\u00e3o\" \/><\/a><\/div>","protected":false},"excerpt":{"rendered":"<p>ESTADO DO RIO GRANDE DO NORTE PREFEITURA MUNICIPAL DE LAJES GABINETE DO PREFEITO LEI MUNICIPAL N\u00ba 634\/2014 EMENTA: \u201cDISP\u00d5E SOBRE A UTILIZA\u00c7\u00c3O DE PR\u00c9DIOS P\u00daBLICOS POR TEMPO DETERMINADO PARA REALIZA\u00c7\u00c3O DE EVENTOS EDUCATIVOS, ESPORTIVOS, CULTURAIS, RELIGIOSOS OU DE OUTRA NATUREZA QUE VISE O INTERESSE P\u00daBLICO NO \u00c2MBITO DO MUNIC\u00cdPIO DE LAJES\/RN, E DA OUTRAS PROVID\u00caNCIAS\u201d. [&hellip;]<\/p>\n","protected":false},"author":3,"featured_media":0,"comment_status":"closed","ping_status":"closed","sticky":false,"template":"","format":"standard","meta":{"ocean_post_layout":"","ocean_both_sidebars_style":"","ocean_both_sidebars_content_width":0,"ocean_both_sidebars_sidebars_width":0,"ocean_sidebar":"","ocean_second_sidebar":"","ocean_disable_margins":"enable","ocean_add_body_class":"","ocean_shortcode_before_top_bar":"","ocean_shortcode_after_top_bar":"","ocean_shortcode_before_header":"","ocean_shortcode_after_header":"","ocean_has_shortcode":"","ocean_shortcode_after_title":"","ocean_shortcode_before_footer_widgets":"","ocean_shortcode_after_footer_widgets":"","ocean_shortcode_before_footer_bottom":"","ocean_shortcode_after_footer_bottom":"","ocean_display_top_bar":"default","ocean_display_header":"default","ocean_header_style":"","ocean_center_header_left_menu":"","ocean_custom_header_template":"","ocean_custom_logo":0,"ocean_custom_retina_logo":0,"ocean_custom_logo_max_width":0,"ocean_custom_logo_tablet_max_width":0,"ocean_custom_logo_mobile_max_width":0,"ocean_custom_logo_max_height":0,"ocean_custom_logo_tablet_max_height":0,"ocean_custom_logo_mobile_max_height":0,"ocean_header_custom_menu":"","ocean_menu_typo_font_family":"","ocean_menu_typo_font_subset":"","ocean_menu_typo_font_size":0,"ocean_menu_typo_font_size_tablet":0,"ocean_menu_typo_font_size_mobile":0,"ocean_menu_typo_font_size_unit":"px","ocean_menu_typo_font_weight":"","ocean_menu_typo_font_weight_tablet":"","ocean_menu_typo_font_weight_mobile":"","ocean_menu_typo_transform":"","ocean_menu_typo_transform_tablet":"","ocean_menu_typo_transform_mobile":"","ocean_menu_typo_line_height":0,"ocean_menu_typo_line_height_tablet":0,"ocean_menu_typo_line_height_mobile":0,"ocean_menu_typo_line_height_unit":"","ocean_menu_typo_spacing":0,"ocean_menu_typo_spacing_tablet":0,"ocean_menu_typo_spacing_mobile":0,"ocean_menu_typo_spacing_unit":"","ocean_menu_link_color":"","ocean_menu_link_color_hover":"","ocean_menu_link_color_active":"","ocean_menu_link_background":"","ocean_menu_link_hover_background":"","ocean_menu_link_active_background":"","ocean_menu_social_links_bg":"","ocean_menu_social_hover_links_bg":"","ocean_menu_social_links_color":"","ocean_menu_social_hover_links_color":"","ocean_disable_title":"default","ocean_disable_heading":"default","ocean_post_title":"","ocean_post_subheading":"","ocean_post_title_style":"","ocean_post_title_background_color":"","ocean_post_title_background":0,"ocean_post_title_bg_image_position":"","ocean_post_title_bg_image_attachment":"","ocean_post_title_bg_image_repeat":"","ocean_post_title_bg_image_size":"","ocean_post_title_height":0,"ocean_post_title_bg_overlay":0.5,"ocean_post_title_bg_overlay_color":"","ocean_disable_breadcrumbs":"default","ocean_breadcrumbs_color":"","ocean_breadcrumbs_separator_color":"","ocean_breadcrumbs_links_color":"","ocean_breadcrumbs_links_hover_color":"","ocean_display_footer_widgets":"default","ocean_display_footer_bottom":"default","ocean_custom_footer_template":"","ocean_post_oembed":"","ocean_post_self_hosted_media":"","ocean_post_video_embed":"","ocean_link_format":"","ocean_link_format_target":"self","ocean_quote_format":"","ocean_quote_format_link":"post","ocean_gallery_link_images":"on","ocean_gallery_id":[],"footnotes":""},"categories":[2,49,51],"tags":[],"class_list":["post-26424","post","type-post","status-publish","format-standard","hentry","category-legislacao","category-leis-municipais","category-leis-municipais-2014","entry"],"_links":{"self":[{"href":"https:\/\/lajes.rn.gov.br\/transparente\/index\/wp-json\/wp\/v2\/posts\/26424","targetHints":{"allow":["GET"]}}],"collection":[{"href":"https:\/\/lajes.rn.gov.br\/transparente\/index\/wp-json\/wp\/v2\/posts"}],"about":[{"href":"https:\/\/lajes.rn.gov.br\/transparente\/index\/wp-json\/wp\/v2\/types\/post"}],"author":[{"embeddable":true,"href":"https:\/\/lajes.rn.gov.br\/transparente\/index\/wp-json\/wp\/v2\/users\/3"}],"replies":[{"embeddable":true,"href":"https:\/\/lajes.rn.gov.br\/transparente\/index\/wp-json\/wp\/v2\/comments?post=26424"}],"version-history":[{"count":1,"href":"https:\/\/lajes.rn.gov.br\/transparente\/index\/wp-json\/wp\/v2\/posts\/26424\/revisions"}],"predecessor-version":[{"id":26425,"href":"https:\/\/lajes.rn.gov.br\/transparente\/index\/wp-json\/wp\/v2\/posts\/26424\/revisions\/26425"}],"wp:attachment":[{"href":"https:\/\/lajes.rn.gov.br\/transparente\/index\/wp-json\/wp\/v2\/media?parent=26424"}],"wp:term":[{"taxonomy":"category","embeddable":true,"href":"https:\/\/lajes.rn.gov.br\/transparente\/index\/wp-json\/wp\/v2\/categories?post=26424"},{"taxonomy":"post_tag","embeddable":true,"href":"https:\/\/lajes.rn.gov.br\/transparente\/index\/wp-json\/wp\/v2\/tags?post=26424"}],"curies":[{"name":"wp","href":"https:\/\/api.w.org\/{rel}","templated":true}]}}