{"id":25876,"date":"2023-03-10T11:23:37","date_gmt":"2023-03-10T14:23:37","guid":{"rendered":"https:\/\/lajes.rn.gov.br\/transparente\/index\/?p=25876"},"modified":"2023-07-18T13:56:39","modified_gmt":"2023-07-18T16:56:39","slug":"portaria-no-221-2023-gp-homologa-o-resultado-final-do-processo-seletivo-simplificado-no-001-2023-do-municipio-de-lajes-rn","status":"publish","type":"post","link":"https:\/\/lajes.rn.gov.br\/transparente\/index\/portaria-no-221-2023-gp-homologa-o-resultado-final-do-processo-seletivo-simplificado-no-001-2023-do-municipio-de-lajes-rn\/","title":{"rendered":"PORTARIA N\u00ba 221\/2023 \u2013 GP &#8211; Homologa o resultado final do processo seletivo simplificado n\u00ba 001\/2023, do Munic\u00edpio de Lajes\/RN."},"content":{"rendered":"<div id=\"separador\" class=\"cabecalhoEstadoSeparador cabecalhoEstadoSeparador2\">\n<p style=\"text-align: center;\"><strong>ESTADO DO RIO GRANDE DO NORTE<\/strong><br \/>\n<strong>PREFEITURA MUNICIPAL DE LAJES<\/strong><\/p>\n<\/div>\n<p class=\"cabecaorgao\" style=\"text-align: center;\"><strong>GABINETE DO PREFEITO<\/strong><\/p>\n<hr \/>\n<div id=\"materia\" class=\"materia materia20091123 materia2\">\n<p>PORTARIA N\u00ba 221\/2023 \u2013 GP<\/p>\n<div class=\"mat\"><\/div>\n<p><i>Homologa o resultado final do processo seletivo simplificado n\u00ba 001\/2023, do Munic\u00edpio de Lajes\/RN.<\/i><\/p>\n<p>&nbsp;<\/p>\n<p><b>O PREFEITO CONSTITUCIONAL DO MUNIC\u00cdPIO DE LAJES\/RN e O SECRET\u00c1RIO MUNICIPAL DE EDUCA\u00c7\u00c3O<\/b>, no uso de suas atribui\u00e7\u00f5es legais, em conformidade com a lei org\u00e2nica municipal;<\/p>\n<p>&nbsp;<\/p>\n<p><b>CONSIDERANDO<\/b>\u00a0a necessidade de contrata\u00e7\u00e3o de pessoal para atender \u00e0s necessidades tempor\u00e1rias de excepcional interesse p\u00fablico, mediante contrato de car\u00e1ter p\u00fablico, sob o regime especial de direito administrativo, nos termos do que disp\u00f5e o Artigo 37, inciso IX da Constitui\u00e7\u00e3o da Rep\u00fablica;<\/p>\n<p><b>CONSIDERANDO\u00a0<\/b>a necessidade de promover as contrata\u00e7\u00f5es necess\u00e1rias \u00e0 regular presta\u00e7\u00e3o dos servi\u00e7os p\u00fablicos municipais no \u00e2mbito da Secretaria Municipal de Educa\u00e7\u00e3o;<\/p>\n<p><b>CONSIDERANDO<\/b>\u00a0as disposi\u00e7\u00f5es do edital n\u00ba 003, de 17 de fevereiro de 2023;<\/p>\n<p><b>COSIDERANDO<\/b>\u00a0o resultado final, emitido pela comiss\u00e3o especial de avalia\u00e7\u00e3o do processo seletivo simplificado n\u00ba 001\/2023;<\/p>\n<p>&nbsp;<\/p>\n<p><b>RESOLVEM:<\/b><\/p>\n<p>&nbsp;<\/p>\n<p><b>Art. 1\u00ba.<\/b>\u00a0\u2013 Fica homologado o\u00a0<b>RESULTADO FINAL<\/b>\u00a0do processo seletivo simplificado 001\/2023, conforme o anexo I desta portaria;<\/p>\n<p><b>\u00a71\u00ba. \u2013\u00a0<\/b>Os (as) candidatos (as) aprovados (as) devem comparecer a sede da Prefeitura Municipal de Lajes\/RN, no departamento de pessoal e recursos humanos, no prazo de dois dias \u00fateis ap\u00f3s a convoca\u00e7\u00e3o para contrata\u00e7\u00e3o, com a documenta\u00e7\u00e3o prevista no\u00a0<b>item 17<\/b>\u00a0do edital 003\/2023.<\/p>\n<p><b>\u00a72\u00ba.<\/b>\u00a0\u2013 A Prefeitura Municipal de Lajes\/RN, convocar\u00e1 se caso fizer necess\u00e1rio candidatos (as) que comp\u00f5em o cadastro de reserva.<\/p>\n<p><b>\u00a73\u00ba.<\/b>\u00a0\u2013 Os (as) candidatos (as) considerados (as) reprovados (as) obtiveram pontua\u00e7\u00e3o inferior a 60, conforme consta no\u00a0<b>item 8<\/b>\u00a0do Edital n\u00ba 003\/2023.<\/p>\n<p><b>\u00a74\u00ba.<\/b>\u00a0\u2013 Ser\u00e1 divulgado nos meios oficiais da Prefeitura Municipal de Lajes\/RN, cronograma para a entrevista dos (as) candidatos(as) aprovados (as).<\/p>\n<p><b>Art. 2\u00ba &#8211;<\/b>\u00a0Esta portaria entra em vigor na data de sua publica\u00e7\u00e3o, revogando disposi\u00e7\u00f5es em sentido contr\u00e1rio.<\/p>\n<p>&nbsp;<\/p>\n<p>Registre. Publique-se e cumpra-se.<\/p>\n<p>&nbsp;<\/p>\n<p><b>Gabinete do Prefeito Municipal de Lajes\/RN, 10 de mar\u00e7o de 2023.<\/b><\/p>\n<p>&nbsp;<\/p>\n<p><b><i>FELIPE FERREIRA DE MENEZES ARA\u00daJO<\/i><\/b><\/p>\n<p>Prefeito Municipal<\/p>\n<p>&nbsp;<\/p>\n<p><b><i>RAIMUNDO MANOEL DA SILVA<\/i><\/b><\/p>\n<p>Secret\u00e1rio Municipal de Educa\u00e7\u00e3o<\/p>\n<p>&nbsp;<\/p>\n<p><b>ANEXO I<\/b><\/p>\n<p>&nbsp;<\/p>\n<p><b>1. RESULTADO FINAL DO PROCESSO SELETIVO SIMPLIFICADO N\u00ba 001\/2023:<\/b><\/p>\n<p>&nbsp;<\/p>\n<table class=\"mat\" border=\"1\" cellspacing=\"0\" cellpadding=\"0\" align=\"left\">\n<tbody>\n<tr>\n<td width=\"262\">Santiago cavalcante da Silva<\/td>\n<td width=\"226\">Professor de Hist\u00f3ria<\/td>\n<td width=\"93\">6<\/td>\n<td width=\"92\">94,3<\/td>\n<td width=\"102\">Aprovado<\/td>\n<\/tr>\n<tr>\n<td width=\"262\">Ana carla mateus do Nascimento<\/td>\n<td width=\"226\">Professor de Hist\u00f3ria<\/td>\n<td width=\"93\">161<\/td>\n<td width=\"92\">92,3<\/td>\n<td width=\"102\">Cr<\/td>\n<\/tr>\n<tr>\n<td width=\"262\">Renata vaniele dos santos Gomes<\/td>\n<td width=\"226\">Professor de Hist\u00f3ria<\/td>\n<td width=\"93\">86<\/td>\n<td width=\"92\">79,7<\/td>\n<td width=\"102\">Cr<\/td>\n<\/tr>\n<tr>\n<td width=\"262\">Rana dayana da silva Viana<\/td>\n<td width=\"226\">Professor de Hist\u00f3ria<\/td>\n<td width=\"93\">38<\/td>\n<td width=\"92\">72,3<\/td>\n<td width=\"102\">Cr<\/td>\n<\/tr>\n<tr>\n<td width=\"262\">Edinaldo barbosa da silva<\/td>\n<td width=\"226\">Professor de Hist\u00f3ria<\/td>\n<td width=\"93\">172<\/td>\n<td width=\"92\">71,0<\/td>\n<td width=\"102\">Cr<\/td>\n<\/tr>\n<\/tbody>\n<\/table>\n<p>&nbsp;<\/p>\n<table class=\"mat\" border=\"1\" cellspacing=\"0\" cellpadding=\"0\" align=\"left\">\n<tbody>\n<tr>\n<td width=\"281\">Nome<\/td>\n<td width=\"206\">Cargo<\/td>\n<td width=\"94\">Ins\u00e7ri\u00e7\u00e3o<\/td>\n<td width=\"105\">Soma Total<\/td>\n<td width=\"102\">Resultado<\/td>\n<\/tr>\n<tr>\n<td width=\"281\">Samily gurgel<\/td>\n<td width=\"206\">Auxiliar de sala- zona urbana<\/td>\n<td width=\"94\">151<\/td>\n<td width=\"105\">85,7<\/td>\n<td width=\"102\">Aprovada<\/td>\n<\/tr>\n<tr>\n<td width=\"281\">M\u00e1rcia fernanda gomes<\/td>\n<td width=\"206\">Auxiliar de sala \u2013 zona urbana<\/td>\n<td width=\"94\">101<\/td>\n<td width=\"105\">83,0<\/td>\n<td width=\"102\">Aprovada<\/td>\n<\/tr>\n<\/tbody>\n<\/table>\n<p>&nbsp;<\/p>\n<table class=\"mat\" border=\"1\" cellspacing=\"0\" cellpadding=\"0\" align=\"left\">\n<tbody>\n<tr>\n<td width=\"391\">Nome<\/td>\n<td width=\"115\">Cargo<\/td>\n<td width=\"93\">Ins\u00e7ri\u00e7\u00e3o<\/td>\n<td width=\"94\">Soma Total<\/td>\n<td width=\"102\">Resultado<\/td>\n<\/tr>\n<tr>\n<td width=\"391\">Fernanda raquel nunes da costa ara\u00fajo<\/td>\n<td width=\"115\">Psic\u00f3logo<\/td>\n<td width=\"93\">110<\/td>\n<td width=\"94\">90,7<\/td>\n<td width=\"102\">Aprovada<\/td>\n<\/tr>\n<tr>\n<td width=\"391\">Joseanne leila da silva lopes oliveira<\/td>\n<td width=\"115\">Psic\u00f3logo<\/td>\n<td width=\"93\">150<\/td>\n<td width=\"94\">78,7<\/td>\n<td width=\"102\">Cr<\/td>\n<\/tr>\n<tr>\n<td width=\"391\">Luiza celeste palhares bezerra<\/td>\n<td width=\"115\">Psic\u00f3logo<\/td>\n<td width=\"93\">88<\/td>\n<td width=\"94\">76,3<\/td>\n<td width=\"102\">Cr<\/td>\n<\/tr>\n<\/tbody>\n<\/table>\n<p>&nbsp;<\/p>\n<table class=\"mat\" border=\"1\" cellspacing=\"0\" cellpadding=\"0\" align=\"left\">\n<tbody>\n<tr>\n<td width=\"351\">Nome<\/td>\n<td width=\"131\">Cargo<\/td>\n<td width=\"110\">Ins\u00e7ri\u00e7\u00e3o<\/td>\n<td width=\"102\">Soma Total<\/td>\n<td width=\"101\">Resultado<\/td>\n<\/tr>\n<tr>\n<td width=\"351\">Julia gabrielly de souza<\/td>\n<td width=\"131\">Nutricionista<\/td>\n<td width=\"110\">142<\/td>\n<td width=\"102\">92,7<\/td>\n<td width=\"101\">Aprovada<\/td>\n<\/tr>\n<tr>\n<td width=\"351\">Ana m\u00e1rcia soares fernandes xavier<\/td>\n<td width=\"131\">Nutricionista<\/td>\n<td width=\"110\">69<\/td>\n<td width=\"102\">90,7<\/td>\n<td width=\"101\">Cr<\/td>\n<\/tr>\n<tr>\n<td width=\"351\">Shyrlley de lima pegado<\/td>\n<td width=\"131\">Nutricionista<\/td>\n<td width=\"110\">66<\/td>\n<td width=\"102\">85,7<\/td>\n<td width=\"101\">Cr<\/td>\n<\/tr>\n<tr>\n<td width=\"351\">Claudia gabriela da silva braga<\/td>\n<td width=\"131\">Nutricionista<\/td>\n<td width=\"110\">102<\/td>\n<td width=\"102\">82,3<\/td>\n<td width=\"101\">Cr<\/td>\n<\/tr>\n<tr>\n<td width=\"351\">Rosane maria diogenes de Abreu<\/td>\n<td width=\"131\">Nutricionista<\/td>\n<td width=\"110\">89<\/td>\n<td width=\"102\">72,3<\/td>\n<td width=\"101\">Cr<\/td>\n<\/tr>\n<\/tbody>\n<\/table>\n<p>&nbsp;<\/p>\n<table class=\"mat\" border=\"1\" cellspacing=\"0\" cellpadding=\"0\" align=\"left\">\n<tbody>\n<tr>\n<td width=\"334\">Nome<\/td>\n<td width=\"176\">Cargo<\/td>\n<td width=\"93\">Ins\u00e7ri\u00e7\u00e3o<\/td>\n<td width=\"101\">Soma Total<\/td>\n<td width=\"102\">Resultado<\/td>\n<\/tr>\n<tr>\n<td width=\"334\">Alessandra romano de amorim gomes<\/td>\n<td width=\"176\">Professor de matem\u00e1tica<\/td>\n<td width=\"93\">103<\/td>\n<td width=\"101\">98,0<\/td>\n<td width=\"102\">Aprovada<\/td>\n<\/tr>\n<tr>\n<td width=\"334\">Eufr\u00e1sio lino da silva<\/td>\n<td width=\"176\">Professor de matem\u00e1tica<\/td>\n<td width=\"93\">17<\/td>\n<td width=\"101\">93,0<\/td>\n<td width=\"102\">Aprovado<\/td>\n<\/tr>\n<tr>\n<td width=\"334\">Juliete kaline de melo imperial<\/td>\n<td width=\"176\">Professor de matem\u00e1tica<\/td>\n<td width=\"93\">149<\/td>\n<td width=\"101\">82,7<\/td>\n<td width=\"102\">Cr<\/td>\n<\/tr>\n<\/tbody>\n<\/table>\n<p>&nbsp;<\/p>\n<table class=\"mat\" border=\"1\" cellspacing=\"0\" cellpadding=\"0\" align=\"left\">\n<tbody>\n<tr>\n<td width=\"394\">Nome<\/td>\n<td width=\"140\">Cargo<\/td>\n<td width=\"94\">Ins\u00e7ri\u00e7\u00e3o<\/td>\n<td width=\"77\">Soma Total<\/td>\n<td width=\"107\">Resultado<\/td>\n<\/tr>\n<tr>\n<td width=\"394\">Gabriel thales da silva estevam<\/td>\n<td width=\"140\">Monitor de transporte<\/td>\n<td width=\"94\">6<\/td>\n<td width=\"77\">95,0<\/td>\n<td width=\"107\">Aprovado<\/td>\n<\/tr>\n<tr>\n<td width=\"394\">Ariane da silva lima<\/td>\n<td width=\"140\">Monitor de Transporte<\/td>\n<td width=\"94\">97<\/td>\n<td width=\"77\">93,7<\/td>\n<td width=\"107\">Aprovada<\/td>\n<\/tr>\n<tr>\n<td width=\"394\">Jos\u00e9 nazareno dos santos j\u00fanior<\/td>\n<td width=\"140\">Monitor de transporte<\/td>\n<td width=\"94\">18<\/td>\n<td width=\"77\">90,3<\/td>\n<td width=\"107\">Aprovado<\/td>\n<\/tr>\n<tr>\n<td width=\"394\">Edjean da silva fernandes<\/td>\n<td width=\"140\">Monitor de transporte<\/td>\n<td width=\"94\">71<\/td>\n<td width=\"77\">85,0<\/td>\n<td width=\"107\">Aprovado<\/td>\n<\/tr>\n<tr>\n<td width=\"394\">Rayonara priscila da silva soares dos santos<\/td>\n<td width=\"140\">Monitor de transporte<\/td>\n<td width=\"94\">75<\/td>\n<td width=\"77\">82,0<\/td>\n<td width=\"107\">Aprovada<\/td>\n<\/tr>\n<tr>\n<td width=\"394\">Jo\u00e3o luiz de souza xavier<\/td>\n<td width=\"140\">Monitor de Transporte<\/td>\n<td width=\"94\">134<\/td>\n<td width=\"77\">77,7<\/td>\n<td width=\"107\">Aprovado<\/td>\n<\/tr>\n<tr>\n<td width=\"394\">Jefferson cau\u00ea da silva gomes<\/td>\n<td width=\"140\">Monitor de transporte<\/td>\n<td width=\"94\">13<\/td>\n<td width=\"77\">77,0<\/td>\n<td width=\"107\">Aprovado<\/td>\n<\/tr>\n<tr>\n<td width=\"394\">Maria da concei\u00e7\u00e3o alves dos santos<\/td>\n<td width=\"140\">Monitor de transporte<\/td>\n<td width=\"94\">222<\/td>\n<td width=\"77\">75,3<\/td>\n<td width=\"107\">Aprovada<\/td>\n<\/tr>\n<tr>\n<td width=\"394\">Josimara cesaria da silva<\/td>\n<td width=\"140\">Monitor de transporte<\/td>\n<td width=\"94\">30<\/td>\n<td width=\"77\">69,3<\/td>\n<td width=\"107\">Cr<\/td>\n<\/tr>\n<tr>\n<td width=\"394\">Francineide oliveira teixeira<\/td>\n<td width=\"140\">Monitor de transporte<\/td>\n<td width=\"94\">139<\/td>\n<td width=\"77\">69,0<\/td>\n<td width=\"107\">Cr<\/td>\n<\/tr>\n<tr>\n<td width=\"394\">Thiago de lima da silva<\/td>\n<td width=\"140\">Monitor de transporte<\/td>\n<td width=\"94\">4<\/td>\n<td width=\"77\">68,7<\/td>\n<td width=\"107\">Cr<\/td>\n<\/tr>\n<tr>\n<td width=\"394\">Adna stelman martins dos santos<\/td>\n<td width=\"140\">Monitor de transporte<\/td>\n<td width=\"94\">105<\/td>\n<td width=\"77\">68,0<\/td>\n<td width=\"107\">Cr<\/td>\n<\/tr>\n<tr>\n<td width=\"394\">Rubson daniel barbosa do nascimento<\/td>\n<td width=\"140\">Monitor de transporte<\/td>\n<td width=\"94\">36<\/td>\n<td width=\"77\">67,3<\/td>\n<td width=\"107\">Cr<\/td>\n<\/tr>\n<tr>\n<td width=\"394\">Daniel adeckson dos santos Rocha<\/td>\n<td width=\"140\">Monitor de Transporte<\/td>\n<td width=\"94\">56<\/td>\n<td width=\"77\">66,3<\/td>\n<td width=\"107\">Cr<\/td>\n<\/tr>\n<tr>\n<td width=\"394\">J\u00falia nayuri fernandes da silva<\/td>\n<td width=\"140\">Monitor de transporte<\/td>\n<td width=\"94\">158<\/td>\n<td width=\"77\">66,0<\/td>\n<td width=\"107\">Cr<\/td>\n<\/tr>\n<tr>\n<td width=\"394\">Francimeire pereira andr\u00e9<\/td>\n<td width=\"140\">Monitor de transporte<\/td>\n<td width=\"94\">131<\/td>\n<td width=\"77\">65,7<\/td>\n<td width=\"107\">Cr<\/td>\n<\/tr>\n<tr>\n<td width=\"394\">Francisca poliana da silva lima<\/td>\n<td width=\"140\">Monitor de transporte<\/td>\n<td width=\"94\">10<\/td>\n<td width=\"77\">65,3<\/td>\n<td width=\"107\">Cr<\/td>\n<\/tr>\n<tr>\n<td width=\"394\">Francisca vanessa dos santos souza<\/td>\n<td width=\"140\">Monitor de transporte<\/td>\n<td width=\"94\">104<\/td>\n<td width=\"77\">65,0<\/td>\n<td width=\"107\">Cr<\/td>\n<\/tr>\n<tr>\n<td width=\"394\">Jos\u00e9 luiz ven\u00e2ncio dos santos<\/td>\n<td width=\"140\">Monitor de Transporte<\/td>\n<td width=\"94\">130<\/td>\n<td width=\"77\">64,7<\/td>\n<td width=\"107\">Cr<\/td>\n<\/tr>\n<tr>\n<td width=\"394\">Jisl\u00e2ny thais fernandes segundo<\/td>\n<td width=\"140\">Monitor de transporte<\/td>\n<td width=\"94\">90<\/td>\n<td width=\"77\">64,3<\/td>\n<td width=\"107\">Cr<\/td>\n<\/tr>\n<tr>\n<td width=\"394\">Solange francilene bezerra<\/td>\n<td width=\"140\">Monitor de transporte<\/td>\n<td width=\"94\">12<\/td>\n<td width=\"77\">64,0<\/td>\n<td width=\"107\">Cr<\/td>\n<\/tr>\n<tr>\n<td width=\"394\">Ana c\u00e9lia martins dos santos<\/td>\n<td width=\"140\">Monitor de transporte<\/td>\n<td width=\"94\">1<\/td>\n<td width=\"77\">63,7<\/td>\n<td width=\"107\">Cr<\/td>\n<\/tr>\n<tr>\n<td width=\"394\">Nathaly cosme marques<\/td>\n<td width=\"140\">Monitor de transporte<\/td>\n<td width=\"94\">68<\/td>\n<td width=\"77\">63,3<\/td>\n<td width=\"107\">Cr<\/td>\n<\/tr>\n<tr>\n<td width=\"394\">Maria francisca ven\u00e2ncio Leoc\u00e1dio<\/td>\n<td width=\"140\">Monitor de Transporte<\/td>\n<td width=\"94\">160<\/td>\n<td width=\"77\">63,0<\/td>\n<td width=\"107\">Cr<\/td>\n<\/tr>\n<tr>\n<td width=\"394\">Maria da guia ferreira lira<\/td>\n<td width=\"140\">Monitor de transporte<\/td>\n<td width=\"94\">135<\/td>\n<td width=\"77\">62,7<\/td>\n<td width=\"107\">Cr<\/td>\n<\/tr>\n<tr>\n<td width=\"394\">Melyssa thaina de paiva costa bandeira<\/td>\n<td width=\"140\">Monitor de transporte<\/td>\n<td width=\"94\">111<\/td>\n<td width=\"77\">62,3<\/td>\n<td width=\"107\">Cr<\/td>\n<\/tr>\n<tr>\n<td width=\"394\">Luiz felipe da silva lima<\/td>\n<td width=\"140\">Monitor de transporte<\/td>\n<td width=\"94\">72<\/td>\n<td width=\"77\">62,0<\/td>\n<td width=\"107\">Cr<\/td>\n<\/tr>\n<\/tbody>\n<\/table>\n<p>&nbsp;<\/p>\n<table class=\"mat\" border=\"1\" cellspacing=\"0\" cellpadding=\"0\" align=\"left\">\n<tbody>\n<tr>\n<td width=\"394\">Elis regina silva sabino<\/td>\n<td width=\"140\">Monitor de transporte<\/td>\n<td width=\"94\">21<\/td>\n<td width=\"77\">61,7<\/td>\n<td width=\"107\">Cr<\/td>\n<\/tr>\n<tr>\n<td width=\"394\">Francycleuma costa de lima<\/td>\n<td width=\"140\">Monitor de transporte<\/td>\n<td width=\"94\">179<\/td>\n<td width=\"77\">61,3<\/td>\n<td width=\"107\">Cr<\/td>\n<\/tr>\n<tr>\n<td width=\"394\">Paula hiolanda valentim Bezerra<\/td>\n<td width=\"140\">Monitor de Transporte<\/td>\n<td width=\"94\">94<\/td>\n<td width=\"77\">61,0<\/td>\n<td width=\"107\">Cr<\/td>\n<\/tr>\n<tr>\n<td width=\"394\">Jullyana karolyne de oliveira souza<\/td>\n<td width=\"140\">Monitor de transporte<\/td>\n<td width=\"94\">146<\/td>\n<td width=\"77\">60,7<\/td>\n<td width=\"107\">Cr<\/td>\n<\/tr>\n<tr>\n<td width=\"394\">Juberl\u00e2ndia francinata teixeira laurentino<\/td>\n<td width=\"140\">Monitor de transporte<\/td>\n<td width=\"94\">159<\/td>\n<td width=\"77\">60,3<\/td>\n<td width=\"107\">Cr<\/td>\n<\/tr>\n<tr>\n<td width=\"394\">Bruno richel de ara\u00fajo<\/td>\n<td width=\"140\">Monitor de Transporte<\/td>\n<td width=\"94\">70<\/td>\n<td width=\"77\">60,0<\/td>\n<td width=\"107\">Cr<\/td>\n<\/tr>\n<tr>\n<td width=\"394\">Claudio luiz dos santos silva<\/td>\n<td width=\"140\">Monitor de transporte<\/td>\n<td width=\"94\">132<\/td>\n<td width=\"77\">59,7<\/td>\n<td width=\"107\">Reprovado<\/td>\n<\/tr>\n<tr>\n<td width=\"394\">Izabel cristina da silva<\/td>\n<td width=\"140\">Monitor de transporte<\/td>\n<td width=\"94\">96<\/td>\n<td width=\"77\">59,3<\/td>\n<td width=\"107\">Reprovado<\/td>\n<\/tr>\n<tr>\n<td width=\"394\">Jo\u00e3o igor da cruz luiz<\/td>\n<td width=\"140\">Monitor de transporte<\/td>\n<td width=\"94\">141<\/td>\n<td width=\"77\">59,0<\/td>\n<td width=\"107\">Reprovado<\/td>\n<\/tr>\n<tr>\n<td width=\"394\">Rejane figueredo otaviano<\/td>\n<td width=\"140\">Monitor de transporte<\/td>\n<td width=\"94\">127<\/td>\n<td width=\"77\">58,7<\/td>\n<td width=\"107\">Reprovado<\/td>\n<\/tr>\n<tr>\n<td width=\"394\">Ariza amara da silva<\/td>\n<td width=\"140\">Monitor de Transporte<\/td>\n<td width=\"94\">34<\/td>\n<td width=\"77\">58,3<\/td>\n<td width=\"107\">Reprovado<\/td>\n<\/tr>\n<tr>\n<td width=\"394\">Jo\u00e3o felipe da silva rocha<\/td>\n<td width=\"140\">Monitor de transporte<\/td>\n<td width=\"94\">93<\/td>\n<td width=\"77\">57,7<\/td>\n<td width=\"107\">Reprovado<\/td>\n<\/tr>\n<tr>\n<td width=\"394\">Zu\u00ealda sales de figueiredo<\/td>\n<td width=\"140\">Monitor de transporte<\/td>\n<td width=\"94\">153<\/td>\n<td width=\"77\">56,7<\/td>\n<td width=\"107\">Reprovado<\/td>\n<\/tr>\n<tr>\n<td width=\"394\">Ana beatriz oliveira da silva<\/td>\n<td width=\"140\">Monitor de Transporte<\/td>\n<td width=\"94\">119<\/td>\n<td width=\"77\">56,0<\/td>\n<td width=\"107\">Reprovado<\/td>\n<\/tr>\n<tr>\n<td width=\"394\">Maria da guia silva<\/td>\n<td width=\"140\">Monitor de transporte<\/td>\n<td width=\"94\">100<\/td>\n<td width=\"77\">55,7<\/td>\n<td width=\"107\">Reprovado<\/td>\n<\/tr>\n<tr>\n<td width=\"394\">Heloisa maria da silva xavier<\/td>\n<td width=\"140\">Monitor de transporte<\/td>\n<td width=\"94\">140<\/td>\n<td width=\"77\">55,3<\/td>\n<td width=\"107\">Reprovado<\/td>\n<\/tr>\n<tr>\n<td width=\"394\">Maria jusifina da silva<\/td>\n<td width=\"140\">Monitor de transporte<\/td>\n<td width=\"94\">115<\/td>\n<td width=\"77\">55,0<\/td>\n<td width=\"107\">Reprovado<\/td>\n<\/tr>\n<tr>\n<td width=\"394\">Francisca rafaela fernandes soares<\/td>\n<td width=\"140\">Monitor de transporte<\/td>\n<td width=\"94\">53<\/td>\n<td width=\"77\">54,7<\/td>\n<td width=\"107\">Reprovado<\/td>\n<\/tr>\n<tr>\n<td width=\"394\">Laura christina de oliveira Paulo<\/td>\n<td width=\"140\">Monitor de Transporte<\/td>\n<td width=\"94\">177<\/td>\n<td width=\"77\">54,3<\/td>\n<td width=\"107\">Reprovado<\/td>\n<\/tr>\n<tr>\n<td width=\"394\">Juliana fernandes cavalcante<\/td>\n<td width=\"140\">Monitor de transporte<\/td>\n<td width=\"94\">85<\/td>\n<td width=\"77\">54,0<\/td>\n<td width=\"107\">Reprovado<\/td>\n<\/tr>\n<tr>\n<td width=\"394\">Mikaely concei\u00e7\u00e3o gomes de oliveira<\/td>\n<td width=\"140\">Monitor de transporte<\/td>\n<td width=\"94\">223<\/td>\n<td width=\"77\">50,0<\/td>\n<td width=\"107\">Reprovado<\/td>\n<\/tr>\n<\/tbody>\n<\/table>\n<p>&nbsp;<\/p>\n<table class=\"mat\" border=\"1\" cellspacing=\"0\" cellpadding=\"0\" align=\"left\">\n<tbody>\n<tr>\n<td width=\"357\">Nome<\/td>\n<td width=\"162\">Cargo<\/td>\n<td width=\"93\">Ins\u00e7ri\u00e7\u00e3o<\/td>\n<td width=\"95\">Soma Total<\/td>\n<td width=\"102\">Resultado<\/td>\n<\/tr>\n<tr>\n<td width=\"357\">Alison duarte martins<\/td>\n<td width=\"162\">Professor \u2013 zona rural<\/td>\n<td width=\"93\">60<\/td>\n<td width=\"95\">98,7<\/td>\n<td width=\"102\">Aprovado<\/td>\n<\/tr>\n<tr>\n<td width=\"357\">Ligiane maria fernandes da silva<\/td>\n<td width=\"162\">Professor \u2013 zona rural<\/td>\n<td width=\"93\">49<\/td>\n<td width=\"95\">80,0<\/td>\n<td width=\"102\">Aprovada<\/td>\n<\/tr>\n<tr>\n<td width=\"357\">Lidiane dos santos cosme<\/td>\n<td width=\"162\">Professor \u2013 zona Rural<\/td>\n<td width=\"93\">57<\/td>\n<td width=\"95\">76,3<\/td>\n<td width=\"102\">Aprovada<\/td>\n<\/tr>\n<tr>\n<td width=\"357\">M\u00e1rio s\u00e9rgio da silva<\/td>\n<td width=\"162\">Professor \u2013 zona rural<\/td>\n<td width=\"93\">26<\/td>\n<td width=\"95\">76,0<\/td>\n<td width=\"102\">Cr<\/td>\n<\/tr>\n<tr>\n<td width=\"357\">Adrielly barbosa bezerra da silva cordeiro<\/td>\n<td width=\"162\">Professor \u2013 zona rural<\/td>\n<td width=\"93\">65<\/td>\n<td width=\"95\">75,0<\/td>\n<td width=\"102\">Cr<\/td>\n<\/tr>\n<tr>\n<td width=\"357\">Francisca rosilene lopes da silva<\/td>\n<td width=\"162\">Professor \u2013 zona rural<\/td>\n<td width=\"93\">155<\/td>\n<td width=\"95\">72,3<\/td>\n<td width=\"102\">Cr<\/td>\n<\/tr>\n<\/tbody>\n<\/table>\n<p>&nbsp;<\/p>\n<table class=\"mat\" border=\"1\" cellspacing=\"0\" cellpadding=\"0\" align=\"left\">\n<tbody>\n<tr>\n<td width=\"357\">Julia beatriz salviano<\/td>\n<td width=\"162\">Professor \u2013 zona rural<\/td>\n<td width=\"93\">164<\/td>\n<td width=\"95\">70,3<\/td>\n<td width=\"102\">Cr<\/td>\n<\/tr>\n<tr>\n<td width=\"357\">W\u00e9kydja neyk paiva de freitas<\/td>\n<td width=\"162\">Professor \u2013 zona rural<\/td>\n<td width=\"93\">20<\/td>\n<td width=\"95\">69,7<\/td>\n<td width=\"102\">Cr<\/td>\n<\/tr>\n<tr>\n<td width=\"357\">Maria luiza abreu miranda<\/td>\n<td width=\"162\">Professor \u2013 zona Rural<\/td>\n<td width=\"93\">64<\/td>\n<td width=\"95\">69,3<\/td>\n<td width=\"102\">Cr<\/td>\n<\/tr>\n<tr>\n<td width=\"357\">Flaviana micaely da silva teixeira<\/td>\n<td width=\"162\">Professor \u2013 zona rural<\/td>\n<td width=\"93\">225<\/td>\n<td width=\"95\">67,3<\/td>\n<td width=\"102\">Cr<\/td>\n<\/tr>\n<tr>\n<td width=\"357\">Elizana dos santos silva alves<\/td>\n<td width=\"162\">Professor \u2013 zona rural<\/td>\n<td width=\"93\">143<\/td>\n<td width=\"95\">65,0<\/td>\n<td width=\"102\">Cr<\/td>\n<\/tr>\n<\/tbody>\n<\/table>\n<p>&nbsp;<\/p>\n<table class=\"mat\" border=\"1\" cellspacing=\"0\" cellpadding=\"0\" align=\"left\">\n<tbody>\n<tr>\n<td width=\"376\">Nome<\/td>\n<td width=\"170\">Cargo<\/td>\n<td width=\"94\">Ins\u00e7ri\u00e7\u00e3o<\/td>\n<td width=\"81\">Soma Total<\/td>\n<td width=\"107\">Resultado<\/td>\n<\/tr>\n<tr>\n<td width=\"376\">Yara camila macedo lopes<\/td>\n<td width=\"170\">Pedagogo -zona urbana<\/td>\n<td width=\"94\">231<\/td>\n<td width=\"81\">95,0<\/td>\n<td width=\"107\">Aprovado<\/td>\n<\/tr>\n<tr>\n<td width=\"376\">Karla jakceline da silva nascimento<\/td>\n<td width=\"170\">Pedagogo -zona urbana<\/td>\n<td width=\"94\">136<\/td>\n<td width=\"81\">94,7<\/td>\n<td width=\"107\">Aprovado<\/td>\n<\/tr>\n<tr>\n<td width=\"376\">Maria rosileide de melo Rodrigues santos lima<\/td>\n<td width=\"170\">Professor \u2013 zona Urbana<\/td>\n<td width=\"94\">29<\/td>\n<td width=\"81\">94,3<\/td>\n<td width=\"107\">Aprovado<\/td>\n<\/tr>\n<tr>\n<td width=\"376\">Cinara amorim martins<\/td>\n<td width=\"170\">Professor- zona urbana<\/td>\n<td width=\"94\">224<\/td>\n<td width=\"81\">93,3<\/td>\n<td width=\"107\">Aprovado<\/td>\n<\/tr>\n<tr>\n<td width=\"376\">Jos\u00e9 ailton oliveira da silva<\/td>\n<td width=\"170\">Professor- zona urbana<\/td>\n<td width=\"94\">157<\/td>\n<td width=\"81\">92,7<\/td>\n<td width=\"107\">Aprovado<\/td>\n<\/tr>\n<tr>\n<td width=\"376\">Wanessa claudia nunes avelino<\/td>\n<td width=\"170\">Pedagogo- zona urbana<\/td>\n<td width=\"94\">106<\/td>\n<td width=\"81\">90,7<\/td>\n<td width=\"107\">Aprovado<\/td>\n<\/tr>\n<tr>\n<td width=\"376\">Regina maria viana de lira<\/td>\n<td width=\"170\">Professor \u2013 zona urbana<\/td>\n<td width=\"94\">52<\/td>\n<td width=\"81\">90,0<\/td>\n<td width=\"107\">Aprovado<\/td>\n<\/tr>\n<tr>\n<td width=\"376\">Jos\u00e9 maria de fran\u00e7a<\/td>\n<td width=\"170\">Pedagogo- zona urbana<\/td>\n<td width=\"94\">121<\/td>\n<td width=\"81\">89,3<\/td>\n<td width=\"107\">Aprovado<\/td>\n<\/tr>\n<tr>\n<td width=\"376\">Silvia lya nunes do nascimento<\/td>\n<td width=\"170\">Pedagogo-zona Urbana<\/td>\n<td width=\"94\">165<\/td>\n<td width=\"81\">89,0<\/td>\n<td width=\"107\">Aprovado<\/td>\n<\/tr>\n<tr>\n<td width=\"376\">Maria de lourdes silva targino<\/td>\n<td width=\"170\">Professor \u2013 zona urbana<\/td>\n<td width=\"94\">41<\/td>\n<td width=\"81\">88,7<\/td>\n<td width=\"107\">Cr<\/td>\n<\/tr>\n<tr>\n<td width=\"376\">Dandara yasmim da silva ferreira<\/td>\n<td width=\"170\">Pedagogo \u2013 zona urbana<\/td>\n<td width=\"94\">178<\/td>\n<td width=\"81\">88,0<\/td>\n<td width=\"107\">Cr<\/td>\n<\/tr>\n<tr>\n<td width=\"376\">Julia maria da silva<\/td>\n<td width=\"170\">Pedagogo-zona urbana<\/td>\n<td width=\"94\">77<\/td>\n<td width=\"81\">87,7<\/td>\n<td width=\"107\">Cr<\/td>\n<\/tr>\n<tr>\n<td width=\"376\">Daniely cristina mac\u00eado de paiva<\/td>\n<td width=\"170\">Professor \u2013 zona urbana<\/td>\n<td width=\"94\">81<\/td>\n<td width=\"81\">87,3<\/td>\n<td width=\"107\">Cr<\/td>\n<\/tr>\n<tr>\n<td width=\"376\">Monalliza wanderley de Mac\u00eado<\/td>\n<td width=\"170\">Pedagogo- zona Urbana<\/td>\n<td width=\"94\">148<\/td>\n<td width=\"81\">86,7<\/td>\n<td width=\"107\">Cr<\/td>\n<\/tr>\n<tr>\n<td width=\"376\">Paula roseane santos de lima<\/td>\n<td width=\"170\">Pedagogo-zona urbana<\/td>\n<td width=\"94\">168<\/td>\n<td width=\"81\">86,3<\/td>\n<td width=\"107\">Cr<\/td>\n<\/tr>\n<tr>\n<td width=\"376\">Natana kisley fernandes de lima<\/td>\n<td width=\"170\">Pedagogo -zona urbana<\/td>\n<td width=\"94\">129<\/td>\n<td width=\"81\">85,7<\/td>\n<td width=\"107\">Cr<\/td>\n<\/tr>\n<tr>\n<td width=\"376\">Jane b\u00e1rbara da silva vieira<\/td>\n<td width=\"170\">Pedagogo -zona urbana<\/td>\n<td width=\"94\">107<\/td>\n<td width=\"81\">85,3<\/td>\n<td width=\"107\">Cr<\/td>\n<\/tr>\n<tr>\n<td width=\"376\">Mayara larissa porf\u00edrio<\/td>\n<td width=\"170\">Pedagogo- zona urbana<\/td>\n<td width=\"94\">63<\/td>\n<td width=\"81\">85,0<\/td>\n<td width=\"107\">Cr<\/td>\n<\/tr>\n<tr>\n<td width=\"376\">Manuela de lima cunha<\/td>\n<td width=\"170\">Professor \u2013 zona Urbana<\/td>\n<td width=\"94\">39<\/td>\n<td width=\"81\">84,7<\/td>\n<td width=\"107\">Cr<\/td>\n<\/tr>\n<tr>\n<td width=\"376\">Irani de abreu silva<\/td>\n<td width=\"170\">Professor \u2013 zona urbana<\/td>\n<td width=\"94\">54<\/td>\n<td width=\"81\">84,3<\/td>\n<td width=\"107\">Cr<\/td>\n<\/tr>\n<tr>\n<td width=\"376\">Samara janiere de oliveira alves<\/td>\n<td width=\"170\">Pedagogo- zona urbana<\/td>\n<td width=\"94\">98<\/td>\n<td width=\"81\">83,7<\/td>\n<td width=\"107\">Cr<\/td>\n<\/tr>\n<tr>\n<td width=\"376\">Oscar texeira de melo neto<\/td>\n<td width=\"170\">Professor- zona urbana<\/td>\n<td width=\"94\">40<\/td>\n<td width=\"81\">82,7<\/td>\n<td width=\"107\">Cr<\/td>\n<\/tr>\n<\/tbody>\n<\/table>\n<p>&nbsp;<\/p>\n<table class=\"mat\" border=\"1\" cellspacing=\"0\" cellpadding=\"0\" align=\"left\">\n<tbody>\n<tr>\n<td width=\"376\">Francisca andiara de oliveira<\/td>\n<td width=\"170\">Pedagogo- zona urbana<\/td>\n<td width=\"94\">114<\/td>\n<td width=\"81\">82,3<\/td>\n<td width=\"107\">Cr<\/td>\n<\/tr>\n<tr>\n<td width=\"376\">J\u00e9ssica murienny souza medeiros<\/td>\n<td width=\"170\">Pedagogo- zona urbana<\/td>\n<td width=\"94\">76<\/td>\n<td width=\"81\">82,0<\/td>\n<td width=\"107\">Cr<\/td>\n<\/tr>\n<tr>\n<td width=\"376\">Francisca francieide leocadio<\/td>\n<td width=\"170\">Pedagogo- zona Urbana<\/td>\n<td width=\"94\">232<\/td>\n<td width=\"81\">81,7<\/td>\n<td width=\"107\">Cr<\/td>\n<\/tr>\n<tr>\n<td width=\"376\">Maria elizabeth da silva<\/td>\n<td width=\"170\">Pedagogo- zona urbana<\/td>\n<td width=\"94\">44<\/td>\n<td width=\"81\">81,3<\/td>\n<td width=\"107\">Cr<\/td>\n<\/tr>\n<tr>\n<td width=\"376\">Ramon proc\u00f3pio de lima<\/td>\n<td width=\"170\">Pedagogo -zona urbana<\/td>\n<td width=\"94\">170<\/td>\n<td width=\"81\">81,0<\/td>\n<td width=\"107\">Cr<\/td>\n<\/tr>\n<tr>\n<td width=\"376\">Olavo jos\u00e9 gomes de lima<\/td>\n<td width=\"170\">Pedagogo -zona Urbana<\/td>\n<td width=\"94\">108<\/td>\n<td width=\"81\">80,3<\/td>\n<td width=\"107\">Cr<\/td>\n<\/tr>\n<tr>\n<td width=\"376\">Uyara luana rodrigues da silva<\/td>\n<td width=\"170\">Pedagogo- zona urbana<\/td>\n<td width=\"94\">138<\/td>\n<td width=\"81\">80,0<\/td>\n<td width=\"107\">Cr<\/td>\n<\/tr>\n<tr>\n<td width=\"376\">Maris\u00f4nia felix nunes da silva<\/td>\n<td width=\"170\">Pedagogo- zona urbana<\/td>\n<td width=\"94\">109<\/td>\n<td width=\"81\">79,7<\/td>\n<td width=\"107\">Cr<\/td>\n<\/tr>\n<tr>\n<td width=\"376\">Joselia serra da silva de lima<\/td>\n<td width=\"170\">Pedagogo- zona urbana<\/td>\n<td width=\"94\">80<\/td>\n<td width=\"81\">79,3<\/td>\n<td width=\"107\">Cr<\/td>\n<\/tr>\n<tr>\n<td width=\"376\">R\u00e9gia l\u00facia marques<\/td>\n<td width=\"170\">Pedagogo-zona urbana<\/td>\n<td width=\"94\">37<\/td>\n<td width=\"81\">79,0<\/td>\n<td width=\"107\">Cr<\/td>\n<\/tr>\n<tr>\n<td width=\"376\">Cleilma roberta aires de Almeida da silva<\/td>\n<td width=\"170\">Pedagogo-zona Urbana<\/td>\n<td width=\"94\">229<\/td>\n<td width=\"81\">78,7<\/td>\n<td width=\"107\">Cr<\/td>\n<\/tr>\n<tr>\n<td width=\"376\">Juliana de abreu bezerra<\/td>\n<td width=\"170\">Pedagogo -zona urbana<\/td>\n<td width=\"94\">228<\/td>\n<td width=\"81\">78,3<\/td>\n<td width=\"107\">Cr<\/td>\n<\/tr>\n<tr>\n<td width=\"376\">Rita de c\u00e1ssia lima de souza<\/td>\n<td width=\"170\">Pedagogo- zona urbana<\/td>\n<td width=\"94\">123<\/td>\n<td width=\"81\">78,0<\/td>\n<td width=\"107\">Cr<\/td>\n<\/tr>\n<tr>\n<td width=\"376\">Maria s\u00e2mala de lima de paiva<\/td>\n<td width=\"170\">Pedagogo- zona Urbana<\/td>\n<td width=\"94\">87<\/td>\n<td width=\"81\">77,0<\/td>\n<td width=\"107\">Cr<\/td>\n<\/tr>\n<tr>\n<td width=\"376\">Maria darliane de lima macedo<\/td>\n<td width=\"170\">Pedagogo- zona urbana<\/td>\n<td width=\"94\">176<\/td>\n<td width=\"81\">76,7<\/td>\n<td width=\"107\">Cr<\/td>\n<\/tr>\n<tr>\n<td width=\"376\">Maria edeneide de oliveira silva<\/td>\n<td width=\"170\">Pedagogo- zona urbana<\/td>\n<td width=\"94\">124<\/td>\n<td width=\"81\">76,3<\/td>\n<td width=\"107\">Cr<\/td>\n<\/tr>\n<tr>\n<td width=\"376\">Liliane lins miranda<\/td>\n<td width=\"170\">Pedagogo -zona urbana<\/td>\n<td width=\"94\">166<\/td>\n<td width=\"81\">75,3<\/td>\n<td width=\"107\">Cr<\/td>\n<\/tr>\n<tr>\n<td width=\"376\">Alana priscila alves<\/td>\n<td width=\"170\">Professor \u2013 zona urbana<\/td>\n<td width=\"94\">31<\/td>\n<td width=\"81\">75,0<\/td>\n<td width=\"107\">Cr<\/td>\n<\/tr>\n<tr>\n<td width=\"376\">Maria joselia rosa gabriel<\/td>\n<td width=\"170\">Pedagogo- zona Urbana<\/td>\n<td width=\"94\">128<\/td>\n<td width=\"81\">74,7<\/td>\n<td width=\"107\">Cr<\/td>\n<\/tr>\n<tr>\n<td width=\"376\">Damiana charlimara de lima<\/td>\n<td width=\"170\">Professor \u2013 zona urbana<\/td>\n<td width=\"94\">19<\/td>\n<td width=\"81\">74,3<\/td>\n<td width=\"107\">Cr<\/td>\n<\/tr>\n<tr>\n<td width=\"376\">S\u00f4nia maria barbosa<\/td>\n<td width=\"170\">Professor- zona urbana<\/td>\n<td width=\"94\">154<\/td>\n<td width=\"81\">74,0<\/td>\n<td width=\"107\">Cr<\/td>\n<\/tr>\n<tr>\n<td width=\"376\">Maria cecilia fernandes paulo<\/td>\n<td width=\"170\">Pedagogo- zona urbana<\/td>\n<td width=\"94\">233<\/td>\n<td width=\"81\">73,3<\/td>\n<td width=\"107\">Cr<\/td>\n<\/tr>\n<tr>\n<td width=\"376\">Marinalva pinheiro costa fernandes<\/td>\n<td width=\"170\">Professor- zona urbana<\/td>\n<td width=\"94\">226<\/td>\n<td width=\"81\">72,7<\/td>\n<td width=\"107\">Cr<\/td>\n<\/tr>\n<tr>\n<td width=\"376\">Sidkleia salvador mendes<\/td>\n<td width=\"170\">Pedagogo -zona Urbana<\/td>\n<td width=\"94\">163<\/td>\n<td width=\"81\">72,3<\/td>\n<td width=\"107\">Cr<\/td>\n<\/tr>\n<tr>\n<td width=\"376\">Ana carla silva de lisboa<\/td>\n<td width=\"170\">Pedagogo -zona urbana<\/td>\n<td width=\"94\">156<\/td>\n<td width=\"81\">72,0<\/td>\n<td width=\"107\">Cr<\/td>\n<\/tr>\n<tr>\n<td width=\"376\">Thomas \u00e9rik salvador de souza mendes<\/td>\n<td width=\"170\">Pedagogo -zona urbana<\/td>\n<td width=\"94\">99<\/td>\n<td width=\"81\">71,7<\/td>\n<td width=\"107\">Cr<\/td>\n<\/tr>\n<tr>\n<td width=\"376\">Teresa de jesus salvador<\/td>\n<td width=\"170\">Pedagogo-zona urbana<\/td>\n<td width=\"94\">84<\/td>\n<td width=\"81\">71,3<\/td>\n<td width=\"107\">Cr<\/td>\n<\/tr>\n<tr>\n<td width=\"376\">Valqu\u00edria rocha grig\u00f3rio<\/td>\n<td width=\"170\">Pedagogo- zona urbana<\/td>\n<td width=\"94\">173<\/td>\n<td width=\"81\">71,0<\/td>\n<td width=\"107\">Cr<\/td>\n<\/tr>\n<\/tbody>\n<\/table>\n<p>&nbsp;<\/p>\n<table class=\"mat\" border=\"1\" cellspacing=\"0\" cellpadding=\"0\" align=\"left\">\n<tbody>\n<tr>\n<td width=\"323\">M\u00e1rcia ven\u00e2ncio dos santos<\/td>\n<td width=\"151\">Pedagogo- zona urbana<\/td>\n<td width=\"82\">59<\/td>\n<td width=\"72\">68,3<\/td>\n<td width=\"98\">Cr<\/td>\n<\/tr>\n<tr>\n<td width=\"323\">L\u00facia maria de lima silva<\/td>\n<td width=\"151\">Pedagogo- zona urbana<\/td>\n<td width=\"82\">152<\/td>\n<td width=\"72\">67,7<\/td>\n<td width=\"98\">Cr<\/td>\n<\/tr>\n<tr>\n<td width=\"323\">Josineide de oliveira da silva<\/td>\n<td width=\"151\">Pedagogo- zona Urbana<\/td>\n<td width=\"82\">145<\/td>\n<td width=\"72\">67,0<\/td>\n<td width=\"98\">Cr<\/td>\n<\/tr>\n<tr>\n<td width=\"323\">Rozilene maria dos santos<\/td>\n<td width=\"151\">Pedagogo -zona urbana<\/td>\n<td width=\"82\">169<\/td>\n<td width=\"72\">66,3<\/td>\n<td width=\"98\">Cr<\/td>\n<\/tr>\n<tr>\n<td width=\"323\">Eliscarla cavalcante de souza<\/td>\n<td width=\"151\">Pedagogo- zona urbana<\/td>\n<td width=\"82\">92<\/td>\n<td width=\"72\">60,3<\/td>\n<td width=\"98\">Cr<\/td>\n<\/tr>\n<tr>\n<td width=\"323\">Andrea bilino<\/td>\n<td width=\"151\">Pedagogo- zona Urbana<\/td>\n<td width=\"82\">122<\/td>\n<td width=\"72\">55,7<\/td>\n<td width=\"98\">Reprovado<\/td>\n<\/tr>\n<tr>\n<td width=\"323\">Maria da concei\u00e7\u00e3o da silva<\/td>\n<td width=\"151\">Pedagogo- zona urbana<\/td>\n<td width=\"82\">230<\/td>\n<td width=\"72\">54,3<\/td>\n<td width=\"98\">Reprovado<\/td>\n<\/tr>\n<\/tbody>\n<\/table>\n<p>&nbsp;<\/p>\n<p>Registra-se, Publique-se e Cumpra-se.<\/p>\n<p>&nbsp;<\/p>\n<p><b>Gabinete do Prefeito Municipal de Lajes\/RN, 10 de mar\u00e7o de 2023.<\/b><\/p>\n<p>&nbsp;<\/p>\n<p><b><i>FELIPE FERREIRA DE MENEZES ARA\u00daJO<\/i><\/b><\/p>\n<p>Prefeito Municipal<\/p>\n<p>&nbsp;<\/p>\n<p><b><i>RAIMUNDO MANOEL DA SILVA<\/i><\/b><\/p>\n<p>Secret\u00e1rio Municipal de Educa\u00e7\u00e3o<\/p>\n<\/div>\n<div class=\"pdfprnt-buttons pdfprnt-buttons-post pdfprnt-bottom-right\"><a href=\"https:\/\/lajes.rn.gov.br\/transparente\/index\/wp-json\/wp\/v2\/posts\/25876?print=pdf\" class=\"pdfprnt-button pdfprnt-button-pdf\" target=\"_blank\" ><img decoding=\"async\" src=\"https:\/\/lajes.rn.gov.br\/transparente\/index\/wp-content\/plugins\/pdf-print\/images\/pdf.png\" alt=\"image_pdf\" title=\"Ver PDF\" \/><\/a><a href=\"https:\/\/lajes.rn.gov.br\/transparente\/index\/wp-json\/wp\/v2\/posts\/25876?print=print\" class=\"pdfprnt-button pdfprnt-button-print\" target=\"_blank\" ><img decoding=\"async\" src=\"https:\/\/lajes.rn.gov.br\/transparente\/index\/wp-content\/plugins\/pdf-print\/images\/print.png\" alt=\"image_print\" title=\"Conte\u00fado de impress\u00e3o\" \/><\/a><\/div>","protected":false},"excerpt":{"rendered":"<p>ESTADO DO RIO GRANDE DO NORTE PREFEITURA MUNICIPAL DE LAJES GABINETE DO PREFEITO PORTARIA N\u00ba 221\/2023 \u2013 GP Homologa o resultado final do processo seletivo simplificado n\u00ba 001\/2023, do Munic\u00edpio de Lajes\/RN. &nbsp; O PREFEITO CONSTITUCIONAL DO MUNIC\u00cdPIO DE LAJES\/RN e O SECRET\u00c1RIO MUNICIPAL DE EDUCA\u00c7\u00c3O, no uso de suas atribui\u00e7\u00f5es legais, em conformidade com [&hellip;]<\/p>\n","protected":false},"author":3,"featured_media":0,"comment_status":"closed","ping_status":"closed","sticky":false,"template":"","format":"standard","meta":{"ocean_post_layout":"","ocean_both_sidebars_style":"","ocean_both_sidebars_content_width":0,"ocean_both_sidebars_sidebars_width":0,"ocean_sidebar":"","ocean_second_sidebar":"","ocean_disable_margins":"enable","ocean_add_body_class":"","ocean_shortcode_before_top_bar":"","ocean_shortcode_after_top_bar":"","ocean_shortcode_before_header":"","ocean_shortcode_after_header":"","ocean_has_shortcode":"","ocean_shortcode_after_title":"","ocean_shortcode_before_footer_widgets":"","ocean_shortcode_after_footer_widgets":"","ocean_shortcode_before_footer_bottom":"","ocean_shortcode_after_footer_bottom":"","ocean_display_top_bar":"default","ocean_display_header":"default","ocean_header_style":"","ocean_center_header_left_menu":"","ocean_custom_header_template":"","ocean_custom_logo":0,"ocean_custom_retina_logo":0,"ocean_custom_logo_max_width":0,"ocean_custom_logo_tablet_max_width":0,"ocean_custom_logo_mobile_max_width":0,"ocean_custom_logo_max_height":0,"ocean_custom_logo_tablet_max_height":0,"ocean_custom_logo_mobile_max_height":0,"ocean_header_custom_menu":"","ocean_menu_typo_font_family":"","ocean_menu_typo_font_subset":"","ocean_menu_typo_font_size":0,"ocean_menu_typo_font_size_tablet":0,"ocean_menu_typo_font_size_mobile":0,"ocean_menu_typo_font_size_unit":"px","ocean_menu_typo_font_weight":"","ocean_menu_typo_font_weight_tablet":"","ocean_menu_typo_font_weight_mobile":"","ocean_menu_typo_transform":"","ocean_menu_typo_transform_tablet":"","ocean_menu_typo_transform_mobile":"","ocean_menu_typo_line_height":0,"ocean_menu_typo_line_height_tablet":0,"ocean_menu_typo_line_height_mobile":0,"ocean_menu_typo_line_height_unit":"","ocean_menu_typo_spacing":0,"ocean_menu_typo_spacing_tablet":0,"ocean_menu_typo_spacing_mobile":0,"ocean_menu_typo_spacing_unit":"","ocean_menu_link_color":"","ocean_menu_link_color_hover":"","ocean_menu_link_color_active":"","ocean_menu_link_background":"","ocean_menu_link_hover_background":"","ocean_menu_link_active_background":"","ocean_menu_social_links_bg":"","ocean_menu_social_hover_links_bg":"","ocean_menu_social_links_color":"","ocean_menu_social_hover_links_color":"","ocean_disable_title":"default","ocean_disable_heading":"default","ocean_post_title":"","ocean_post_subheading":"","ocean_post_title_style":"","ocean_post_title_background_color":"","ocean_post_title_background":0,"ocean_post_title_bg_image_position":"","ocean_post_title_bg_image_attachment":"","ocean_post_title_bg_image_repeat":"","ocean_post_title_bg_image_size":"","ocean_post_title_height":0,"ocean_post_title_bg_overlay":0.5,"ocean_post_title_bg_overlay_color":"","ocean_disable_breadcrumbs":"default","ocean_breadcrumbs_color":"","ocean_breadcrumbs_separator_color":"","ocean_breadcrumbs_links_color":"","ocean_breadcrumbs_links_hover_color":"","ocean_display_footer_widgets":"default","ocean_display_footer_bottom":"default","ocean_custom_footer_template":"","ocean_post_oembed":"","ocean_post_self_hosted_media":"","ocean_post_video_embed":"","ocean_link_format":"","ocean_link_format_target":"self","ocean_quote_format":"","ocean_quote_format_link":"post","ocean_gallery_link_images":"on","ocean_gallery_id":[],"footnotes":""},"categories":[2,61,71,185],"tags":[],"class_list":["post-25876","post","type-post","status-publish","format-standard","hentry","category-legislacao","category-portarias","category-portarias-2023","category-processo-seletivo-simplificado-no-001-2023","entry"],"_links":{"self":[{"href":"https:\/\/lajes.rn.gov.br\/transparente\/index\/wp-json\/wp\/v2\/posts\/25876","targetHints":{"allow":["GET"]}}],"collection":[{"href":"https:\/\/lajes.rn.gov.br\/transparente\/index\/wp-json\/wp\/v2\/posts"}],"about":[{"href":"https:\/\/lajes.rn.gov.br\/transparente\/index\/wp-json\/wp\/v2\/types\/post"}],"author":[{"embeddable":true,"href":"https:\/\/lajes.rn.gov.br\/transparente\/index\/wp-json\/wp\/v2\/users\/3"}],"replies":[{"embeddable":true,"href":"https:\/\/lajes.rn.gov.br\/transparente\/index\/wp-json\/wp\/v2\/comments?post=25876"}],"version-history":[{"count":1,"href":"https:\/\/lajes.rn.gov.br\/transparente\/index\/wp-json\/wp\/v2\/posts\/25876\/revisions"}],"predecessor-version":[{"id":25877,"href":"https:\/\/lajes.rn.gov.br\/transparente\/index\/wp-json\/wp\/v2\/posts\/25876\/revisions\/25877"}],"wp:attachment":[{"href":"https:\/\/lajes.rn.gov.br\/transparente\/index\/wp-json\/wp\/v2\/media?parent=25876"}],"wp:term":[{"taxonomy":"category","embeddable":true,"href":"https:\/\/lajes.rn.gov.br\/transparente\/index\/wp-json\/wp\/v2\/categories?post=25876"},{"taxonomy":"post_tag","embeddable":true,"href":"https:\/\/lajes.rn.gov.br\/transparente\/index\/wp-json\/wp\/v2\/tags?post=25876"}],"curies":[{"name":"wp","href":"https:\/\/api.w.org\/{rel}","templated":true}]}}