{"id":25539,"date":"2023-02-17T14:13:59","date_gmt":"2023-02-17T17:13:59","guid":{"rendered":"https:\/\/lajes.rn.gov.br\/transparente\/index\/?p=25539"},"modified":"2023-07-18T14:15:21","modified_gmt":"2023-07-18T17:15:21","slug":"edital-no-003-2023-gp-retificacao-01","status":"publish","type":"post","link":"https:\/\/lajes.rn.gov.br\/transparente\/index\/edital-no-003-2023-gp-retificacao-01\/","title":{"rendered":"EDITAL N\u00ba 003\/2023 \u2013 GP &#8211; RETIFICA\u00c7\u00c3O 01"},"content":{"rendered":"<div id=\"separador\" class=\"cabecalhoEstadoSeparador cabecalhoEstadoSeparador2\">\n<p style=\"text-align: center;\"><strong>ESTADO DO RIO GRANDE DO NORTE<\/strong><br \/>\n<strong>PREFEITURA MUNICIPAL DE LAJES<\/strong><\/p>\n<\/div>\n<p class=\"cabecaorgao\" style=\"text-align: center;\"><strong>GABINETE DO PREFEITO<\/strong><\/p>\n<hr \/>\n<div id=\"materia\" class=\"materia materia20091123 materia2\">\n<p>EDITAL N\u00ba 003\/2023 \u2013 GP &#8211; RETIFICA\u00c7\u00c3O 01<\/p>\n<div class=\"mat\"><\/div>\n<p><i>Processo seletivo simplificado para cadastro de reserva para eventual contrata\u00e7\u00e3o de pessoal por tempo determinado \u2013 prefeitura municipal de lajes.<\/i><\/p>\n<p>&nbsp;<\/p>\n<p><b>O PREFEITO CONSTITUCIONAL DO MUNIC\u00cdPIO DE LAJES\/RN<\/b>, no uso de suas atribui\u00e7\u00f5es legais, torna p\u00fablica a realiza\u00e7\u00e3o do processo seletivo simplificado para cadastro de reserva, para a contrata\u00e7\u00e3o por tempo determinado de profissionais para atender \u00e0 necessidade tempor\u00e1ria de excepcional interesse p\u00fablico do munic\u00edpio, nos temos do artigo 37, inciso ix, da constitui\u00e7\u00e3o federal e da lei municipal n\u00ba 850\/2019:<\/p>\n<p>&nbsp;<\/p>\n<p><b><u>1. DA JUSTIFICATIVA<\/u><\/b><\/p>\n<p>&nbsp;<\/p>\n<p>O presente Processo Seletivo foi pensado para suprir\u00a0<b>necessidades tempor\u00e1rias\u00a0<\/b>do munic\u00edpio de Lajes, no tocante ao afastamento de alguns servidores, para tratamento de sa\u00fade, gozo de licen\u00e7a pr\u00eamio e outros afastamentos de interesse particular, que implica em imediata substitui\u00e7\u00e3o, para n\u00e3o comprometer a qualidade da oferta do servi\u00e7o p\u00fablico. Por se tratar de um cadastro de reservas, as vagas oferecidas ser\u00e3o contempladas de acordo com a necessidade do munic\u00edpio, que pode, inclusive, chamar al\u00e9m das vagas previamente informadas neste edital.<\/p>\n<p>Al\u00e9m do exposto, estamos com um concurso p\u00fablico cujo edital de chamada est\u00e1 vigente e tem sido de nosso interesse chamar os profissionais, uma vez que fizemos prorroga\u00e7\u00e3o do mesmo e estamos pedindo os profissionais mediante a necessidade de\u00a0<b>vagas efetivas<\/b>. Entretanto, entre o processo de pedido de exonera\u00e7\u00e3o, a solicita\u00e7\u00e3o de outro profissional e o limite temporal do profissional convocado vir a tomar posse, onde algumas vezes percebemos que profissionais convocados n\u00e3o assumem, permanece a necessidade de convocar outro profissional com o mesmo limite temporal, o que implica na urg\u00eancia do processo seletivo, para que os educandos lajenses n\u00e3o sejam prejudicados, al\u00e9m dessa e da outra situa\u00e7\u00e3o acima exemplificada, temos outras situa\u00e7\u00f5es espec\u00edficas, como cargos que n\u00e3o foram contemplados pelo concurso p\u00fablico em vig\u00eancia.<\/p>\n<p>No tocante aos demais cargos, a necessidade se apresenta para o bom andamento do servi\u00e7o p\u00fablico em nossas institui\u00e7\u00f5es. Dessa forma, entendemos ser necess\u00e1rio a condu\u00e7\u00e3o do processo seletivo para cadastro de reservas.<\/p>\n<p>&nbsp;<\/p>\n<p><b><u>2. DAS DISPOSI\u00c7\u00d5ES PRELIMINARES<\/u><\/b><\/p>\n<p>&nbsp;<\/p>\n<p>O Processo Seletivo Simplificado ser\u00e1 regido por este Edital e seus anexos, organizado e executado pela Prefeitura Municipal de Lajes\/RN.<\/p>\n<p>O processo seletivo simplificado que se trata este Edital tem por finalidade selecionar profissionais de diversas \u00e1reas, atrav\u00e9s da An\u00e1lise de documentos, nas quais conste a\u00a0<b>comprova\u00e7\u00e3o da titula\u00e7\u00e3o\u00a0<\/b>exigida<b>\u00a0<\/b>e\u00a0<b>Entrevista<\/b>, para a contrata\u00e7\u00e3o quando houver a necessidade e por tempo determinado.<\/p>\n<p>O Processo Seletivo Simplificado referente a este Edital ter\u00e1 prazo de validade de 02 anos, podendo ser prorrogado por igual per\u00edodo, caso seja do interesse da administra\u00e7\u00e3o.<\/p>\n<p>O Cronograma deste Processo Seletivo Simplificado \u00e9 o constante no\u00a0<b>Anexo I\u00a0<\/b>deste Edital, cujas datas dever\u00e3o ser rigorosamente respeitadas, salvo por motivo de for\u00e7a maior.<\/p>\n<p>Para a comprova\u00e7\u00e3o dos pr\u00e9-requisitos, com refer\u00eancia \u00e0 capacita\u00e7\u00e3o profissional, os candidatos dever\u00e3o apresentar c\u00f3pias leg\u00edveis, e quando exigido, e coloridas dos documentos requisitados no ato da inscri\u00e7\u00e3o e, se selecionados dentro das vagas, dever\u00e3o apresentar os documentos originais durante a etapa da entrevista.<\/p>\n<p>Os pr\u00e9-requisitos para contrata\u00e7\u00e3o, carga hor\u00e1ria e descri\u00e7\u00e3o sum\u00e1ria das atividades encontram-se descritos no quadro abaixo e nas notas de rodap\u00e9, quando aparecerem no documento.:<\/p>\n<p>&nbsp;<\/p>\n<p><b><u>QUADRO I &#8211; CARGOS PARA A SECRETARIA MUNICIPAL DE EDUCA\u00c7\u00c3O<\/u><\/b><b><\/b><\/p>\n<p>&nbsp;<\/p>\n<table class=\"mat\" border=\"1\" cellspacing=\"0\" cellpadding=\"0\" align=\"left\">\n<tbody>\n<tr>\n<td width=\"140\"><b>PROFISSIONAIS<\/b><\/td>\n<td width=\"70\"><b>VAGAS<\/b><\/td>\n<td width=\"134\"><b>REQUISITOS<\/b><\/td>\n<td width=\"93\"><b>CARGA HOR\u00c1RIA<\/b><\/td>\n<td width=\"122\"><b>REMUNERA\u00c7\u00c3O<\/b><\/td>\n<\/tr>\n<tr>\n<td width=\"140\">Nutricionista<\/td>\n<td width=\"70\">01<\/td>\n<td width=\"134\">Diploma, devidamente registrado, de curso gradua\u00e7\u00e3o em Nutri\u00e7\u00e3o, reconhecido pelo Minist\u00e9rio da<\/p>\n<p>Educa\u00e7\u00e3o e Cultura (MEC) e regimento no<\/p>\n<p>Conselho de Classe.<\/td>\n<td width=\"93\">30 hs<\/td>\n<td width=\"122\">R$ 1.800,00<\/td>\n<\/tr>\n<tr>\n<td width=\"140\">Professor de Hist\u00f3ria<\/td>\n<td width=\"70\">01<\/td>\n<td width=\"134\">Diploma, devidamente registrado, de curso gradua\u00e7\u00e3o em n\u00edvel superior em Licenciatura em Hist\u00f3ria, reconhecido pelo Minist\u00e9rio da<\/p>\n<p>Educa\u00e7\u00e3o e Cultura (MEC) e regimento no<\/p>\n<p>Conselho de Classe.<\/td>\n<td width=\"93\">30 hs<\/td>\n<td width=\"122\">R$ 3.315,41<\/td>\n<\/tr>\n<tr>\n<td width=\"140\">Professor de Matem\u00e1tica<\/td>\n<td width=\"70\">02<\/td>\n<td width=\"134\">Diploma, devidamente registrado, de curso gradua\u00e7\u00e3o em n\u00edvel superior em Licenciatura em Matem\u00e1tica, reconhecido pelo Minist\u00e9rio da<\/p>\n<p>Educa\u00e7\u00e3o e Cultura (MEC) e regimento no<\/p>\n<p>Conselho de Classe.<\/td>\n<td width=\"93\">30 hs<\/td>\n<td width=\"122\">R$ 3.315,41<\/td>\n<\/tr>\n<tr>\n<td width=\"140\">Psicol\u00f3go<\/td>\n<td width=\"70\">01<\/td>\n<td width=\"134\">Diploma, devidamente registrado, de curso gradua\u00e7\u00e3o em n\u00edvel superior<\/p>\n<p>em Psicologia, reconhecido pelo<\/p>\n<p>Minist\u00e9rio da<\/p>\n<p>Educa\u00e7\u00e3o e Cultura (MEC) e regimento no<\/p>\n<p>Conselho de Classe.<\/td>\n<td width=\"93\">30 hs<\/td>\n<td width=\"122\">R$ 1.800,00<\/td>\n<\/tr>\n<tr>\n<td width=\"140\">Fonoaudi\u00f3logo<\/td>\n<td width=\"70\">01<\/td>\n<td width=\"134\">Diploma, devidamente registrado, de curso gradua\u00e7\u00e3o em n\u00edvel superior em Fonoaudiologia, reconhecido pelo Minist\u00e9rio da<\/p>\n<p>Educa\u00e7\u00e3o e Cultura (MEC) e regimento no<\/p>\n<p>Conselho de Classe.<\/td>\n<td width=\"93\">30 hs<\/td>\n<td width=\"122\">R$ 1.800,00<\/td>\n<\/tr>\n<tr>\n<td width=\"140\">Professor Pedagogo (Zona Urbana)1<\/td>\n<td width=\"70\">09<\/td>\n<td width=\"134\">Diploma, devidamente registrado, de curso gradua\u00e7\u00e3o em n\u00edvel superior em Pedagogia &#8211; reconhecido pelo Minist\u00e9rio da<\/p>\n<p>Educa\u00e7\u00e3o e Cultura (MEC).<\/td>\n<td width=\"93\">30h<\/td>\n<td width=\"122\">R$ 3.315,41<\/td>\n<\/tr>\n<tr>\n<td width=\"140\">Professor Pedagogo (Zona Rural)1<\/td>\n<td width=\"70\">03<\/td>\n<td width=\"134\">Diploma, devidamente registrado, de curso gradua\u00e7\u00e3o em n\u00edvel superior em Pedagogia &#8211; reconhecido pelo Minist\u00e9rio da<\/p>\n<p>Educa\u00e7\u00e3o e Cultura (MEC).<\/td>\n<td width=\"93\">30h<\/td>\n<td width=\"122\">R$ 3.315,41<\/td>\n<\/tr>\n<tr>\n<td width=\"140\">Monitor de Transporte Escolar<\/td>\n<td width=\"70\">08<\/td>\n<td width=\"134\">Declara\u00e7\u00e3o ou Hist\u00f3rico Escolar de conclus\u00e3o do Ensino M\u00e9dio.<\/td>\n<td width=\"93\">30h<\/td>\n<td width=\"122\">R$ 1.302,00<\/td>\n<\/tr>\n<tr>\n<td width=\"140\">Auxiliar de Sala (Zona Urbana)<\/td>\n<td width=\"70\">12<\/td>\n<td width=\"134\">Declara\u00e7\u00e3o ou Certid\u00e3o de V\u00ednculo de Licenciatura em Pedagogia do 3\u00ba Per\u00edodo ao 9\u00ba Per\u00edodo.<\/td>\n<td width=\"93\">30h<\/td>\n<td width=\"122\">R$ 1.000,00<\/td>\n<\/tr>\n<tr>\n<td width=\"140\">Auxiliar de Sala (Zona Rural)<\/td>\n<td width=\"70\">02<\/td>\n<td width=\"134\">Declara\u00e7\u00e3o ou Certid\u00e3o de V\u00ednculo de Licenciatura em Pedagogia do 3\u00ba Per\u00edodo ao 9\u00ba Per\u00edodo.<\/td>\n<td width=\"93\">30h<\/td>\n<td width=\"122\">R$ 1.000,00<\/td>\n<\/tr>\n<\/tbody>\n<\/table>\n<p>&nbsp;<\/p>\n<p>1 Os professores pedagogos selecionados ser\u00e3o para suprir a aus\u00eancia de professores efetivos que se acham em processo de permuta, comiss\u00e3o ou licen\u00e7a.<\/p>\n<p>&nbsp;<\/p>\n<p><b><u>3. DAS CONDI\u00c7\u00d5ES PARA PARTICIPA\u00c7\u00c3O<\/u><\/b><\/p>\n<p>&nbsp;<\/p>\n<p>Habilita\u00e7\u00e3o requerida para a \u00e1rea a qual est\u00e1 concorrendo:<\/p>\n<p>Gradua\u00e7\u00e3o na \u00e1rea a qual est\u00e1 concorrendo, quando concorrer a cargo do Ensino Superior;<\/p>\n<p>Forma\u00e7\u00e3o na \u00e1rea a qual est\u00e1 concorrendo, quando concorrer a cargo do Ensino M\u00e9dio, Ensino T\u00e9cnico ou Ensino Fundamental;<\/p>\n<p>Ter nacionalidade brasileira;<\/p>\n<p>Estar em dia com as obriga\u00e7\u00f5es eleitorais;<\/p>\n<p>Estar em dia com as obriga\u00e7\u00f5es militares, para os candidatos do sexo masculino;<\/p>\n<p>N\u00e3o ser funcion\u00e1rio p\u00fablico efetivo em exerc\u00edcio das fun\u00e7\u00f5es.<\/p>\n<p>Se for funcion\u00e1rio p\u00fablico por meio de contrato, cargo eletivo, comiss\u00e3o ou funcion\u00e1rio de empresa privada, se selecionado dentro das vagas, dever\u00e1 fazer op\u00e7\u00e3o por um dos empregos.<\/p>\n<p>Cumprir as determina\u00e7\u00f5es deste Edital.<\/p>\n<p>&nbsp;<\/p>\n<p><b>4. OBSERVA\u00c7\u00d5ES:<\/b><\/p>\n<p>&nbsp;<\/p>\n<p>1. Aos candidatos de outras cidades e aos candidatos para as vagas da Zona Rural, informamos que n\u00e3o ser\u00e1 responsabilidade do munic\u00edpio fornecer transporte para a condu\u00e7\u00e3o desses funcion\u00e1rios\/estagi\u00e1rios ao seu local de trabalho, caso aprovados no processo seletivo.<\/p>\n<p>2. No ato da entrega da documenta\u00e7\u00e3o\u00a0<b><u>ser\u00e1 realizado um checklist na presen\u00e7a do<\/u>\u00a0<u>candidato, para verifica\u00e7\u00e3o dos documentos contidos no envelope<\/u>\u00a0<\/b>por dois funcion\u00e1rios da Secretaria Municipal de Educa\u00e7\u00e3o. No entanto, essa verifica\u00e7\u00e3o n\u00e3o \u00e9 avaliativa, \u00e9 meramente para fins de checagem.<\/p>\n<p>&nbsp;<\/p>\n<p><b><u>5. DAS PESSOAS COM NECESSIDADES ESPECIAIS<\/u><\/b><\/p>\n<p>&nbsp;<\/p>\n<p>No presente Processo Seletivo Simplificado ser\u00e3o destinados 1 vaga para pessoas portadoras de Necessidades Especiais, para cada cargo em que forem oferecidas a partir de 05 vagas,\u00a0<b>desde que as atribui\u00e7\u00f5es da fun\u00e7\u00e3o sejam compat\u00edveis com as Necessidades Especiais alegadas.\u00a0<\/b>Dessa forma, um cargo que ofere\u00e7a cinco vagas, ter\u00e1 quatro vagas para a ampla concorr\u00eancia e 1 vaga para PNE (4+1<b>\u00a0<\/b>= 5);<\/p>\n<p>O candidato com Necessidades Especiais participar\u00e1 do Processo Seletivo Simplificado em igualdade de condi\u00e7\u00e3o com os demais candidatos no que concerne \u00e0s exig\u00eancias estabelecidas neste Edital.2<\/p>\n<p>N\u00e3o ser\u00e3o considerados como Necessidade Especial as disfun\u00e7\u00f5es visuais e auditivas pass\u00edveis de corre\u00e7\u00e3o mediante o uso de lentes ou aparelhos espec\u00edficos.<\/p>\n<p>O tipo de Necessidade Especial, caracterizada ou n\u00e3o dentro da legisla\u00e7\u00e3o vigente e\u00a0<b>incompat\u00edvel com a natureza das atribui\u00e7\u00f5es e exig\u00eancias para o desempenho da fun\u00e7\u00e3o,\u00a0<\/b>eliminar\u00e1 o candidato do Processo Seletivo Simplificado.<\/p>\n<p>O candidato com Necessidades Especiais dever\u00e1 anexar c\u00f3pia autenticada de laudo m\u00e9dico na sua Ficha de Inscri\u00e7\u00e3o.<\/p>\n<p>O candidato com Necessidades Especiais que obtiver classifica\u00e7\u00e3o dentro dos crit\u00e9rios estabelecidos neste Edital figurar\u00e1 na lista de ampla concorr\u00eancia, com a observa\u00e7\u00e3o da sigla PNE (portador de Necessidade Especial) colocada \u00e0 frente de seu nome.<\/p>\n<p>&nbsp;<\/p>\n<p><b><u>6. DA INSCRI\u00c7\u00c3O<\/u><\/b><\/p>\n<p>&nbsp;<\/p>\n<p>Antes de efetuar a inscri\u00e7\u00e3o, o candidato dever\u00e1 conhecer e estar de acordo com as normas deste Edital certificando-se de que preenche todas as exig\u00eancias e os requisitos aqui contidos.<\/p>\n<p>S\u00e3o condi\u00e7\u00f5es para inscri\u00e7\u00e3o:<\/p>\n<p>Ser brasileiro nato, naturalizado ou gozar das prerrogativas previstas no artigo 12,<\/p>\n<p>\u00a7 1\u00ba, da Constitui\u00e7\u00e3o Federal e do Decreto Federal n\u00ba 72.436\/1972.<\/p>\n<p>\u00c9 imprescind\u00edvel que o candidato possua n\u00famero de CPF- Cadastro de Pessoa F\u00edsica \u2013 regularizado.<\/p>\n<p>As inscri\u00e7\u00f5es dever\u00e3o ser feitas PESSOALMENTE, pelo pr\u00f3prio candidato ou por procura\u00e7\u00e3o legalmente constitu\u00edda, com firma reconhecida em cart\u00f3rio.<\/p>\n<p>O Procurador dever\u00e1 se identificar por meio de c\u00e9dula de identidade, entregando uma fotoc\u00f3pia juntamente com a procura\u00e7\u00e3o com firma reconhecida em Cart\u00f3rio.<\/p>\n<p>Ser\u00e1 cobrada uma taxa de inscri\u00e7\u00e3o de acordo com o n\u00edvel\/requisito para admiss\u00e3o no cargo, sendo no valor de R$ 50,00 (cinquenta reais) para os cargos de\u00a0<b>n\u00edvel M\u00e9dio\u00a0<\/b>e R$ 100,00 (cem reais) para os cargos de\u00a0<b>n\u00edvel Superior<\/b>. O recolhimento da taxa de inscri\u00e7\u00e3o ocorrer\u00e1 na Secretaria Municipal de Tribita\u00e7\u00e3o, Rua Jo\u00e3o Milit\u00e3o Martins, 33, Centro, Lajes\/RN.<\/p>\n<p>&nbsp;<\/p>\n<p>hb v 5.3.1 Na conformidade da Lei Municipal n\u00ba 841\/2019, os candidatos ter\u00e3o direito \u00e0 isen\u00e7\u00e3o de taxa de inscri\u00e7\u00e3o caso sejam declarados financeiramente hiposssuficientes, apresentando para comprova\u00e7\u00e3o um dos seguintes documentos:<\/p>\n<p>2 Se o candidato portador de necessidade especial precisar de tratamento diferenciado para alguma etapa do Processo, deve, no ato da inscri\u00e7\u00e3o, apresentar requerimento pessoal embasado por laudo m\u00e9dico anexado, solicitando o tratamento diferencial necess\u00e1rio para concorrer em igualdade de condi\u00e7\u00f5es com os demais concorrentes.<\/p>\n<p>&nbsp;<\/p>\n<p>I \u2013 Ficha de Cadastro \u00danico atualizada cuja renda familiar mensal per capita seja, comprovadamente, inferior ou igual a meio sal\u00e1rio m\u00ednimo nacional (Art. 4\u00ba, inciso I);<\/p>\n<p>II \u2013 Dodadores de medula \u00f3ssea em entidades reconhecidas pelo Minist\u00e9rio da Sa\u00fade (Art. 4\u00ba, inciso I).<\/p>\n<p>No ato da inscri\u00e7\u00e3o, cada candidato s\u00f3 poder\u00e1 realizar UMA \u00daNICA INSCRI\u00c7\u00c3O e dever\u00e1\u00a0<b>apresentar a ficha de inscri\u00e7\u00e3o impressa<\/b>, juntamente com os documentos exigidos para a vaga que disputa.<\/p>\n<p>A inscri\u00e7\u00e3o do candidato implicar\u00e1 no conhecimento e na aceita\u00e7\u00e3o das normas e condi\u00e7\u00f5es estabelecidas neste Edital, n\u00e3o cabendo, portanto, alega\u00e7\u00e3o de desconhecimento.<\/p>\n<p>Para efeito de inscri\u00e7\u00e3o, ser\u00e3o considerados os seguintes documentos de identifica\u00e7\u00e3o que contenham foto:<\/p>\n<p>C\u00e9dula de Identidade;<\/p>\n<p>Carteira Nacional de Habilita\u00e7\u00e3o contendo foto;<\/p>\n<p>Dever\u00e1 ser acondicionado, al\u00e9m dos documentos exigidos no Item 5.4,\u00a0<b>C\u00f3pias leg\u00edveis\u00a0<\/b>dos respectivos documentos:<\/p>\n<p>C\u00e9dula de Identidade;<\/p>\n<p>Cadastro de Pessoa F\u00edsica \u2013 CPF;<\/p>\n<p>Certid\u00e3o que comprove a inexist\u00eancia de antecedentes criminais;<\/p>\n<p>C\u00f3pia do comprovante de quita\u00e7\u00e3o com as obriga\u00e7\u00f5es eleitorais. Ex: T\u00edtulo de eleitor e comprovante de vota\u00e7\u00e3o da \u00faltima elei\u00e7\u00e3o ou certid\u00e3o de quita\u00e7\u00e3o eleitoral emitida pelo TRE;<\/p>\n<p>C\u00f3pia colorida de Comprova\u00e7\u00e3o de forma\u00e7\u00e3o acad\u00eamica, quando exigido pelo cargo. (Ex: documentos comprobat\u00f3rios da conclus\u00e3o dos cursos superiores)<\/p>\n<p>Declara\u00e7\u00e3o ou C\u00f3pia de documento de comprova\u00e7\u00e3o de conclus\u00e3o do Ensino M\u00e9dio (hist\u00f3rico ou certificado de conclus\u00e3o)<\/p>\n<p>Declara\u00e7\u00e3o ou C\u00f3pia de documento de comprova\u00e7\u00e3o de conclus\u00e3o do Ensino Fundamental (hist\u00f3rico ou certificado de conclus\u00e3o)<\/p>\n<p>C\u00f3pia de Comprova\u00e7\u00e3o de v\u00ednculo com Institui\u00e7\u00e3o de Ensino, quando exigido pelo cargo. (Ex: documentos comprobat\u00f3rios de matr\u00edcula e perman\u00eancia na Institui\u00e7\u00e3o, para os estagi\u00e1rios)<\/p>\n<p>C\u00f3pia do comprovante de quita\u00e7\u00e3o com as obriga\u00e7\u00f5es militares. Ex: Certificado de Reservista (para candidatos do sexo masculino)<\/p>\n<p>&nbsp;<\/p>\n<p><b><u>7. DA SELE\u00c7\u00c3O<\/u><\/b><\/p>\n<p>&nbsp;<\/p>\n<p>O Processo Seletivo Simplificado constar\u00e1 de 02 (duas) etapas, de car\u00e1ter eliminat\u00f3rio e classificat\u00f3rio, a qual se realizar\u00e1 atrav\u00e9s de An\u00e1lise Documental e Entrevista, sendo:<\/p>\n<p>An\u00e1lise Documental, de car\u00e1ter eliminat\u00f3rio e classificat\u00f3rio, valendo at\u00e9 40 pontos;<\/p>\n<p>Entrevista, de car\u00e1ter eliminat\u00f3rio e classificat\u00f3rio, valendo at\u00e9 60 pontos.<\/p>\n<p>&nbsp;<\/p>\n<p><b><u>8. DA AN\u00c1LISE DOCUMENTAL<\/u><\/b><\/p>\n<p>&nbsp;<\/p>\n<p>Para a An\u00e1lise Documental, o candidato ter\u00e1 obrigatoriamente que apresentar c\u00f3pias leg\u00edveis e, quando exigido, coloridas dos documentos exigidos para a vaga que concorre neste Processo Seletivo, armazenadas em envelope de papel<\/p>\n<p>com o nome completo, telefone de contato e vaga pretendida pelo candidato, escritos com letra leg\u00edvel ou digitado, por fora do envelope.<\/p>\n<p>A An\u00e1lise Documental inicia e conclui o processo seletivo, pois inclui a sua devida confirma\u00e7\u00e3o, mediante apresenta\u00e7\u00e3o dos documentos originais, na etapa da entrevista, contendo as informa\u00e7\u00f5es constantes nos documentos apresentados pelo candidato, no ato da inscri\u00e7\u00e3o;<\/p>\n<p>Ser\u00e3o considerados classificados para a fase seguinte os candidatos que cumprirem todas as exig\u00eancias relacionadas \u00e0 inscri\u00e7\u00e3o deste edital e apresentarem os documentos que estejam de acordo com os requisitos de sua vaga profissional, nas condi\u00e7\u00f5es exigidas.<\/p>\n<p>&nbsp;<\/p>\n<p>OBSERVA\u00c7\u00c3O: No ato da entrega da documenta\u00e7\u00e3o\u00a0<b><u>ser\u00e1 realizado um checklist na<\/u>\u00a0<u>presen\u00e7a do candidato, para verifica\u00e7\u00e3o dos documentos contidos no envelope<\/u>\u00a0<\/b>por dois funcion\u00e1rios da Secretaria Municipal de Educa\u00e7\u00e3o. No entanto, essa verifica\u00e7\u00e3o n\u00e3o \u00e9 avaliativa, \u00e9 meramente para fins de checagem.<\/p>\n<p>&nbsp;<\/p>\n<p><b><u>9. DA ENTREVISTA<\/u><\/b><\/p>\n<p>&nbsp;<\/p>\n<p>A Entrevista ser\u00e1 a \u00faltima etapa do Processo Seletivo. Por ocasi\u00e3o da entrevista a que se refere o presente Edital, a Comiss\u00e3o Avaliadora do Processo Seletivo Simplificado no Munic\u00edpio de Lajes dever\u00e1 avaliar os candidatos classificados quanto aos seguintes crit\u00e9rios:<\/p>\n<p>Conhecimento das exig\u00eancias da fun\u00e7\u00e3o a qual se candidatou.<\/p>\n<p>Requisitos\/Atribui\u00e7\u00f5es necess\u00e1rios para o cargo;<\/p>\n<p>Caracter\u00edsticas pessoais necess\u00e1rias para o cargo;<\/p>\n<p>Comportamento n\u00e3o verbal;<\/p>\n<p>Conhecimento da cultura organizacional do local de trabalho para o qual se candidatou.<\/p>\n<p>Pontualidade<\/p>\n<p>A Comiss\u00e3o Avaliadora deste Processo Seletivo avaliar\u00e1 cada candidato no limite de tempo m\u00e1ximo de 40 minutos por candidato, para realizar a entrevista e abordar os itens constantes no item 9.1 deste Edital, reservando-se deste tempo, 10 ou 15 minutos para an\u00e1lise das respostas obtidas, antes de convocar o pr\u00f3ximo candidato.<\/p>\n<p>Ser\u00e3o considerados classificados nesta etapa os candidatos que apresentarem pontua\u00e7\u00e3o geral igual ou superior a 60 pontos.<\/p>\n<p>O candidato que n\u00e3o entrar para o local da entrevista no hor\u00e1rio marcado, ap\u00f3s transcorridos os 15 minutos de toler\u00e2ncia, ser\u00e1 considerado desistente do processo seletivo.<\/p>\n<p>&nbsp;<\/p>\n<p><b><u>10. DA COMISS\u00c3O AVALIADORA<\/u><\/b><\/p>\n<p>&nbsp;<\/p>\n<p>A Comiss\u00e3o Avaliadora deste Processo Seletivo ser\u00e1 composta por tr\u00eas membros, sendo 01 (um) representante do Poder Executivo e 02 (dois) professores (as) da rede municipal.<\/p>\n<p>9.2 A Comiss\u00e3o Avaliadora proceder\u00e1 com a avalia\u00e7\u00e3o das etapas do processo seletivo, sendo que na segunda etapa, a Entrevista de emprego. Ap\u00f3s entrevistados os candidatos, a Comiss\u00e3o Avaliadora ir\u00e1 analisar as respostas obtidas na entrevista.<\/p>\n<p>&nbsp;<\/p>\n<p><b><u>11. DOS CRIT\u00c9RIOS PARA O DESEMPATE<\/u><\/b><\/p>\n<p>&nbsp;<\/p>\n<p>Havendo empate entre os classificados, o desempate obedecer\u00e1 \u00e0 seguinte ordem:<\/p>\n<p>O candidato que obtiver maior pontua\u00e7\u00e3o na Entrevista.<\/p>\n<p>Permanecendo o empate, ser\u00e1 considerado o candidato que obtiver maior pontua\u00e7\u00e3o na an\u00e1lise documental.<\/p>\n<p>&nbsp;<\/p>\n<p><b><u>12. DO RESULTADO PRELIMINAR<\/u><\/b><\/p>\n<p>&nbsp;<\/p>\n<p>O resultado preliminar do Processo Seletivo Simplificado para cadastro de reserva ser\u00e1 divulgado no Di\u00e1rio Oficial e nas Redes Sociais oficiais da Prefeitura de Lajes, RN.<\/p>\n<p>&nbsp;<\/p>\n<p><b><u>13. DOS RECURSOS<\/u><\/b><\/p>\n<p>&nbsp;<\/p>\n<p>Ser\u00e3o admiss\u00edveis recursos contra as decis\u00f5es da Comiss\u00e3o Avaliadora deste Processo Seletivo, quanto ao resultado preliminar do Processo Seletivo Simplificado no prazo de 01 (um) dia util, a contar da data da divulga\u00e7\u00e3o do resultado preliminar.<\/p>\n<p>O recurso dever\u00e1 ser dirigido \u00e0 Presid\u00eancia da Comiss\u00e3o Avaliadora e protocolado na Recep\u00e7\u00e3o da Secretaria Municipal de Educa\u00e7\u00e3o observando os seguintes procedimentos:<\/p>\n<p>Preencher integralmente o Instrumento de Recurso no\u00a0<b>Anexo V\u00a0<\/b>deste Edital com as instru\u00e7\u00f5es nele constantes;<\/p>\n<p>Entregar pessoalmente o Recurso na Recep\u00e7\u00e3o da Secretaria de Educa\u00e7\u00e3o;<\/p>\n<p>O Resultado Final do Processo Seletivo j\u00e1 implicar\u00e1 resposta definitiva aos recursos interpostos;<\/p>\n<p>Em hip\u00f3tese alguma ser\u00e1 aceita revis\u00e3o de recurso ou recurso contra as decis\u00f5es do Resultado Final.<\/p>\n<p>Os recursos ser\u00e3o julgados concomitantemente com o prazo estabelecido para serem interpostos, e o Resultado Final ser\u00e1 divulgado no dia seguinte a este prazo, nasredes sociais oficiais da Prefeitura Municipal de Lajes e no site do Di\u00e1rio Oficial dos Munic\u00edpios do RN.<\/p>\n<p>&nbsp;<\/p>\n<p><b><u>14. DA CLASSIFICA\u00c7\u00c3O<\/u><\/b><\/p>\n<p>&nbsp;<\/p>\n<p>Ser\u00e3o classificados dentro das vagas os candidatos que atingirem o maior n\u00famero de pontos, considerando 40 (quarenta) pontos para a An\u00e1lise de Documentos, 60 (sessenta) pontos para a Entrevista.<\/p>\n<p>Ocorrendo empate na classifica\u00e7\u00e3o, o crit\u00e9rio de desempate ser\u00e1 o constante do item 11.1.<\/p>\n<p>&nbsp;<\/p>\n<p><b><u>15. DO RESULTADO FINAL<\/u><\/b><\/p>\n<p>&nbsp;<\/p>\n<p>O Resultado Final do Processo Seletivo Simplificado ser\u00e1 divulgado nas redes sociais oficiais da Prefeitura Municipal de Lajes e no site do Di\u00e1rio Oficial dos Munic\u00edpios do RN nos dias e hor\u00e1rios previstos pelo Cronograma deste Edital (Anexo I).<\/p>\n<p>&nbsp;<\/p>\n<p><b><u>16. DA CONVOCA\u00c7\u00c3O E CONTRATA\u00c7\u00c3O<\/u><\/b><\/p>\n<p>&nbsp;<\/p>\n<p>A convoca\u00e7\u00e3o para contrata\u00e7\u00e3o respeitar\u00e1 a ordem de classifica\u00e7\u00e3o dos candidatos, e ser\u00e1 efetuada de acordo com a necessidade da Secretaria Municipal de Educa\u00e7\u00e3o do munic\u00edpio de Lajes, RN.<\/p>\n<p>A convoca\u00e7\u00e3o para contrata\u00e7\u00e3o dar-se-\u00e1 por meio de publica\u00e7\u00e3o nas redes sociais oficiais da Prefeitura Municipal de Lajes e no Di\u00e1rio Oficial dos Munic\u00edpios do RN (http:\/\/www.diariomunicipal.com.br\/femurn).<\/p>\n<p>O candidato que no prazo de 02 (dois) dias n\u00e3o atender \u00e0 convoca\u00e7\u00e3o de que trata o item anterior, ser\u00e1 considerado como desistente e ser\u00e1 eliminado da lista de chamada do Processo Seletivo Simplificado para Cadastro de Reserva.<\/p>\n<p>S\u00e3o condi\u00e7\u00f5es para a contrata\u00e7\u00e3o:<\/p>\n<p>Ter sido aprovado no processo seletivo simplificado para cadastro de reserva;<\/p>\n<p>Apresentar documenta\u00e7\u00e3o completa, conforme rela\u00e7\u00e3o a ser divulgada por ocasi\u00e3o da convoca\u00e7\u00e3o. (item 17)<\/p>\n<p>Respeitar todas as condi\u00e7\u00f5es de participa\u00e7\u00e3o elencadas nos itens do presente Edital.<\/p>\n<p>&nbsp;<\/p>\n<p><b><u>17. DA DOCUMENTA\u00c7\u00c3O PARA A CONTRATA\u00c7\u00c3O<\/u><\/b><\/p>\n<p>&nbsp;<\/p>\n<p>Apresentar os seguintes documentos originais e c\u00f3pias leg\u00edveis:<\/p>\n<p>Certificado de conclus\u00e3o de gradua\u00e7\u00e3o (para os cargos de Ensino Superior OBS: c\u00f3pia colorida)<\/p>\n<p>Declara\u00e7\u00e3o de v\u00ednculo emitida pela Institui\u00e7\u00e3o de Ensino ao qual se encontra vinculado, de estar cursando o Ensino M\u00e9dio ou o Ensino Superior, desde que seja Institui\u00e7\u00e3o reconhecida pelo Minist\u00e9rio da Educa\u00e7\u00e3o.<\/p>\n<p>Certid\u00e3o de nascimento ou casamento (conforme o respectivo estado civil);<\/p>\n<p>Certificado de nascimento dos filhos menores de 14 anos;<\/p>\n<p>Comprovante de resid\u00eancia com bairro e CEP;<\/p>\n<p>C\u00f3pia do comprovante de quita\u00e7\u00e3o com as obriga\u00e7\u00f5es eleitorais. Ex: T\u00edtulo de eleitor e comprovante de vota\u00e7\u00e3o da \u00faltima elei\u00e7\u00e3o ou certid\u00e3o de quita\u00e7\u00e3o eleitoral emitida pelo TRE;<\/p>\n<p>C\u00f3pia do comprovante de quita\u00e7\u00e3o com as obriga\u00e7\u00f5es militares. Ex: Certificado de reservista, para candidatos de sexo masculino;<\/p>\n<p>C\u00e9dula de Identidade;<\/p>\n<p>Carteira de Trabalho \u2013 CTPS;<\/p>\n<p>Cadastro de Pessoas F\u00edsica \u2013 CPF;<\/p>\n<p>Documento de inscri\u00e7\u00e3o de PIS ou PASEP se houver;<\/p>\n<p>Uma foto 3&#215;4 recente com fundo branco;<\/p>\n<p>Certificado negativo criminal e estadual da comarca onde for ou esteve domiciliado o candidato nos \u00faltimos 05 (cinco) anos;<\/p>\n<p>Declara\u00e7\u00e3o que n\u00e3o exerce cargo ou fun\u00e7\u00e3o p\u00fablica n\u00e3o acumul\u00e1vel na administra\u00e7\u00e3o p\u00fablica federal, estadual ou municipal conforme veda\u00e7\u00e3o constante das normas do artigo 37 XVI e XVII, e s 10 da constitui\u00e7\u00e3o Federal;<\/p>\n<p>&nbsp;<\/p>\n<p><b><u>18. DAS DISPOSI\u00c7\u00d5ES FINAIS<\/u><\/b><\/p>\n<p>&nbsp;<\/p>\n<p>\u00c9 de inteira responsabilidade do candidato acompanhar a publica\u00e7\u00e3o de todos os atos, editais e comunicados referentes a este processo seletivo simplificado nos sites oficiais da Prefeitura Municipal de Lajes e no Di\u00e1rio Oficial dos Munic\u00edpios do RN.<\/p>\n<p>A contrata\u00e7\u00e3o fica submetida \u00e0s condi\u00e7\u00f5es estabelecidas no Regime Jur\u00eddico \u00danico do Munic\u00edpio de Lajes\/RN, e \u00e0 Constitui\u00e7\u00e3o Federal, nas demais comina\u00e7\u00f5es legais n\u00e3o contempladas pelo Regime Jur\u00eddico.<\/p>\n<p>Quaisquer altera\u00e7\u00f5es nas regras fixadas neste Edital somente poder\u00e3o ser feitas por meio de outro Edital.<\/p>\n<p>&nbsp;<\/p>\n<p>Registre. Publique-se e cumpra-se.<\/p>\n<p>&nbsp;<\/p>\n<p>Gabinete do Prefeito Municipal de Lajes\/RN, em 17 de fevereiro de 2023<\/p>\n<p>&nbsp;<\/p>\n<p><b><i>FELIPE FERREIRA DE MENEZES ARA\u00daJO<\/i><\/b><\/p>\n<p>Prefeito Municipal<\/p>\n<p>&nbsp;<\/p>\n<p><b><i>RAIMUNDO MANOEL DA SILVA<\/i><\/b><\/p>\n<p>Secret\u00e1rio Municipal fe Educa\u00e7\u00e3o<\/p>\n<p>&nbsp;<\/p>\n<p><b><u>ANEXO I \u2013 CRONOGRAMA<\/u><\/b><\/p>\n<p>&nbsp;<\/p>\n<table class=\"mat\" border=\"1\" cellspacing=\"0\" cellpadding=\"0\" align=\"left\">\n<tbody>\n<tr>\n<td width=\"89\"><b>PER\u00cdODO<\/b><\/td>\n<td width=\"212\"><b>ATIVIDADE<\/b><\/td>\n<td width=\"162\"><b>LOCAL<\/b><\/td>\n<td width=\"118\"><b>HOR\u00c1RIO<\/b><\/td>\n<\/tr>\n<tr>\n<td width=\"89\">17\/02<\/td>\n<td width=\"212\">Publica\u00e7\u00e3o e divulga\u00e7\u00e3o do Edital<\/td>\n<td width=\"162\">Di\u00e1rio Oficial dos Munic\u00edpios do RN e Redes Sociais oficiais da Prefeitura de Lajes, RN.<\/td>\n<td width=\"118\">Livre<\/td>\n<\/tr>\n<tr>\n<td width=\"89\">23 a 24\/02<\/td>\n<td width=\"212\">Per\u00edodo de Inscri\u00e7\u00e3o<\/td>\n<td width=\"162\">Secretaria Municipal de Educa\u00e7\u00e3o<\/td>\n<td width=\"118\">Das 8h \u00e0s11h<\/p>\n<p>Das 14h \u00e0s 17h<\/td>\n<\/tr>\n<tr>\n<td width=\"89\">27 a 28\/02<\/td>\n<td width=\"212\">An\u00e1lise Documental<\/td>\n<td width=\"162\">Secretaria Municipal de Educa\u00e7\u00e3o<\/td>\n<td width=\"118\">Das 8h \u00e0s12h<\/p>\n<p>Das 14h \u00e0s 18h<\/td>\n<\/tr>\n<tr>\n<td width=\"89\">01\/03<\/td>\n<td width=\"212\">Divulga\u00e7\u00e3o do resultado da an\u00e1lise Documental e Convoca\u00e7\u00e3o para Entrevista<\/td>\n<td width=\"162\">Redes Sociais oficiais da Prefeitura de Lajes, RN e Di\u00e1rio Oficial<\/td>\n<td width=\"118\">Livre<\/td>\n<\/tr>\n<tr>\n<td width=\"89\">02\/03 a 03\/03<\/td>\n<td width=\"212\">Entrevista<\/td>\n<td width=\"162\">Secretaria Municipal de Educa\u00e7\u00e3o<\/td>\n<td width=\"118\">Das 8h \u00e0s12h<\/p>\n<p>&nbsp;<\/td>\n<\/tr>\n<tr>\n<td width=\"89\">06\/03<\/td>\n<td width=\"212\">Divulga\u00e7\u00e3o do resultado preliminar<\/td>\n<td width=\"162\">Redes Sociais oficiais da Prefeitura de Lajes, RN e Di\u00e1rio Oficial..<\/td>\n<td width=\"118\">Livre<\/td>\n<\/tr>\n<tr>\n<td width=\"89\">07\/03<\/td>\n<td width=\"212\">Prazo para Recebimento e an\u00e1lise dos Recursos contra a divulga\u00e7\u00e3o do resultado preliminar<\/td>\n<td width=\"162\">Secretaria Municipal de Educa\u00e7\u00e3o<\/td>\n<td width=\"118\">Das 8h \u00e0s12h e das 14h \u00e0s 18h<\/td>\n<\/tr>\n<tr>\n<td width=\"89\">08\/03<\/td>\n<td width=\"212\">Divulga\u00e7\u00e3o do Resultado Final e convoca\u00e7\u00e3o dos aprovados<\/td>\n<td width=\"162\">Di\u00e1rio Oficial dos Munic\u00edpios do RN e Redes Sociais oficiais da Prefeitura de Lajes, RN.<\/td>\n<td width=\"118\">Livre<\/td>\n<\/tr>\n<\/tbody>\n<\/table>\n<p>&nbsp;<\/p>\n<p><b>(A ser impressa e preenchida com letra de FORMA pelos candidatos)<\/b><\/p>\n<p>&nbsp;<\/p>\n<table class=\"mat\" border=\"1\" cellspacing=\"0\" cellpadding=\"0\" align=\"left\">\n<tbody>\n<tr>\n<td colspan=\"4\" width=\"569\"><b>FICHA DE INSCRI\u00c7\u00c3O<\/b><\/td>\n<\/tr>\n<tr>\n<td width=\"143\">NOME COMPLETO:<\/td>\n<td colspan=\"3\" width=\"426\"><\/td>\n<\/tr>\n<tr>\n<td width=\"143\">DATA DE<\/p>\n<p>NASCIMENTO<\/td>\n<td width=\"93\">\/<u>\u00a0<\/u>\/<u><\/u><\/td>\n<td width=\"94\">SEXO:<\/td>\n<td width=\"238\">( )Masculino ( )Feminino<\/td>\n<\/tr>\n<tr>\n<td colspan=\"4\" width=\"569\">FUN\u00c7\u00c3O PRETENDIDA:<\/td>\n<\/tr>\n<tr>\n<td width=\"143\">ESTADO CIVIL:<\/td>\n<td colspan=\"3\" width=\"426\"><\/td>\n<\/tr>\n<tr>\n<td width=\"143\">RG:<\/td>\n<td colspan=\"3\" width=\"426\"><\/td>\n<\/tr>\n<tr>\n<td width=\"143\">CPF:<\/td>\n<td colspan=\"3\" width=\"426\"><\/td>\n<\/tr>\n<tr>\n<td colspan=\"4\" width=\"569\">ENDERE\u00c7O (RUA, BAIRRO, CEP, ETC.)<\/td>\n<\/tr>\n<tr>\n<td colspan=\"4\" width=\"569\"><\/td>\n<\/tr>\n<tr>\n<td width=\"143\">CONTATO TELEF\u00d4NICO:<\/td>\n<td colspan=\"3\" width=\"426\">(84)<\/td>\n<\/tr>\n<tr>\n<td width=\"143\">E-MAIL:<\/td>\n<td colspan=\"3\" width=\"426\"><\/td>\n<\/tr>\n<tr>\n<td colspan=\"2\" width=\"236\">PORTADOR DE<\/p>\n<p>NECESSIDADE ESPECIAL: (se<\/p>\n<p>SIM, apresentar laudo m\u00e9dico)<\/td>\n<td colspan=\"2\" width=\"333\">( ) N\u00c3O<\/p>\n<p>( ) SIM. QUAL?<\/td>\n<\/tr>\n<tr>\n<td colspan=\"4\" width=\"569\">Declaro ter lido o Edital deste Processo Seletivo simplificado e assim, ciente das condi\u00e7\u00f5es do presente edital, aceito-as. Declaro ainda, sob as penas da Lei, serem verdadeiras as informa\u00e7\u00f5es por mim prestadas.<\/p>\n<p>Assinatura do candidato:<u><\/u><\/td>\n<\/tr>\n<\/tbody>\n<\/table>\n<p>&nbsp;<\/p>\n<p><b><u>PARTE A SER PREENCHIDA NA SECRETARIA DE EDUCA\u00c7\u00c3O<\/u><\/b><\/p>\n<p>&nbsp;<\/p>\n<p>Inscri\u00e7\u00e3o de N\u00famero:<u>\u00a0<\/u>_<\/p>\n<p>Funcion\u00e1rio(a ) respons\u00e1vel pelo recebimento da Inscri\u00e7\u00e3o:<\/p>\n<p>&nbsp;<\/p>\n<p>Checklist da Inscri\u00e7\u00e3o \u2013 O(a) candidato(a) Apresentou\/ entregou, no ato da Inscri\u00e7\u00e3o:<\/p>\n<p>Documento de identifica\u00e7\u00e3o com Foto ( )SIM ( ) N\u00c3O<\/p>\n<p>Pagamento da taxa no valor de: Envelope com os documentos para An\u00e1lise Documental ( )SIM ( ) N\u00c3O<\/p>\n<p>Assinatura do(a) Funcion\u00e1rio(a):<u>\u00a0<\/u>Data:<u>\u00a0<\/u>\/<u>\u00a0<\/u>\/<u><\/u><\/p>\n<p>&nbsp;<\/p>\n<p><b><u>ANEXO III: COMPROVANTE DE INSCRI\u00c7\u00c3O<\/u><\/b><\/p>\n<p>&nbsp;<\/p>\n<p>COMPROVANTE DE INSCRI\u00c7\u00c3O<\/p>\n<p>PROCESSO SELETIVO SIMPLIFICADO DE LAJES, RN<\/p>\n<p>N\u00b0 DA INSCRI\u00c7\u00c3O:<\/p>\n<p>DATA DA INSCRI\u00c7\u00c3O:<u>\u00a0<\/u>\/<u>\u00a0<\/u>\/<u><\/u><\/p>\n<p>NOME DO CANDIDATO:<\/p>\n<p>FUN\u00c7\u00c3O PRETENDIDA:<\/p>\n<p>Assinatura do(a) Funcion\u00e1rio(a) da Secretaria:<u>\u00a0<\/u>_<\/p>\n<p>COMPROVANTE DE INSCRI\u00c7\u00c3O<\/p>\n<p>PROCESSO SELETIVO SIMPLIFICADO DE LAJES, RN<\/p>\n<p>N\u00b0 DA INSCRI\u00c7\u00c3O:<\/p>\n<p>DATA DA INSCRI\u00c7\u00c3O:<u>\u00a0<\/u>\/<u>\u00a0<\/u>\/<u><\/u><\/p>\n<p>NOME DO CANDIDATO:<\/p>\n<p>FUN\u00c7\u00c3O PRETENDIDA:<\/p>\n<p>Assinatura do(a) Funcion\u00e1rio(a) da Secretaria:<u>\u00a0<\/u>_<\/p>\n<p>COMPROVANTE DE INSCRI\u00c7\u00c3O<\/p>\n<p>PROCESSO SELETIVO SIMPLIFICADO DE LAJES, RN<\/p>\n<p>N\u00b0 DA INSCRI\u00c7\u00c3O:<\/p>\n<p>DATA DA INSCRI\u00c7\u00c3O:<u>\u00a0<\/u>\/<u>\u00a0<\/u>\/<u><\/u><\/p>\n<p>NOME DO CANDIDATO:<\/p>\n<p>FUN\u00c7\u00c3O PRETENDIDA:<\/p>\n<p>Assinatura do(a) Funcion\u00e1rio(a) da Secretaria:<u>\u00a0<\/u>_<\/p>\n<p>COMPROVANTE DE INSCRI\u00c7\u00c3O<\/p>\n<p>PROCESSO SELETIVO SIMPLIFICADO DE LAJES, RN<\/p>\n<p>N\u00b0 DA INSCRI\u00c7\u00c3O:<\/p>\n<p>DATA DA INSCRI\u00c7\u00c3O: _<u>\u00a0<\/u>\/<u>\u00a0<\/u>\/<u><\/u><\/p>\n<p>NOME DO CANDIDATO:<\/p>\n<p>FUN\u00c7\u00c3O PRETENDIDA:<\/p>\n<p>Assinatura do(a) Funcion\u00e1rio(a) da Secretaria:<u>\u00a0<\/u>_<\/p>\n<p>&nbsp;<\/p>\n<p><b><u>ANEXO IV \u2013 MODELO PARA INTERPOR RECURSO<\/u><\/b><\/p>\n<p><b>FORMUL\u00c1RIO DE RECURSOS \u2013 (parte a ser preenchida pelo candidato(a))\u00a0<\/b>NOME COMPLETO:<u>\u00a0<\/u>N\u00b0 DA INSCRI\u00c7\u00c3O:<u><\/u><\/p>\n<p>DATA DE NASCIMENTO:<u>\u00a0<\/u>\/<u>\u00a0<\/u>\/<u>\u00a0<\/u>FUN\u00c7\u00c3O PLEITEADA:<u><\/u><\/p>\n<p>&nbsp;<\/p>\n<p>RG:<u>\u00a0<\/u>JUSTIFICATIVA PARA A REVIS\u00c3O:<\/p>\n<p>&nbsp;<\/p>\n<p>CPF:<u><\/u><\/p>\n<p>&nbsp;<\/p>\n<p>ASSINATURA DO CANDIDATO:<\/p>\n<p>&nbsp;<\/p>\n<p><b>PARTE A SER PREENCHIDA PELO(A) FUNCION\u00c1RIO(A) DA SECRETARIA<\/b><\/p>\n<p>N\u00b0 DO PROTOCOLO<\/p>\n<p>DATA DO PROTOCOLO:<u>\u00a0<\/u>\/<u>\u00a0<\/u>\/_<u>\u00a0<\/u>HORA:<u>\u00a0<\/u>_ ASSINATURA DO(A) FUNCION\u00c1RIO(A) :<u><\/u><\/p>\n<p>&nbsp;<\/p>\n<p><b><u>ANEXO V \u2013 COMPROVANTE DE ENTREGA DE PROTOCOLO DE<\/u><\/b><b>\u00a0<u>RECURSOS<\/u><\/b><\/p>\n<p>&nbsp;<\/p>\n<p>COMPROVANTE DE ENTREGA DE PROTOCOLO DE RECURSOS<\/p>\n<p>PROCESSO SELETIVO SIMPLIFICADO DE LAJES, RN<\/p>\n<p>N\u00b0 DA INSCRI\u00c7\u00c3O:<\/p>\n<p>DATA DO PROTOCOLO: \/<u>\u00a0<\/u>\/<u>\u00a0<\/u>HORA:<\/p>\n<p>NOME DO CANDIDATO:<\/p>\n<p>FUN\u00c7\u00c3O PLEITEADA:<\/p>\n<p>Assinatura do(a) Funcion\u00e1rio(a) da Secretaria:<u>\u00a0<\/u>_<\/p>\n<p>COMPROVANTE DE ENTREGA DE PROTOCOLO DE RECURSOS<\/p>\n<p>PROCESSO SELETIVO SIMPLIFICADO DE LAJES, RN<\/p>\n<p>N\u00b0 DA INSCRI\u00c7\u00c3O:<\/p>\n<p>DATA DO PROTOCOLO: \/<u>\u00a0<\/u>\/<u>\u00a0<\/u>HORA:<\/p>\n<p>NOME DO CANDIDATO:<\/p>\n<p>FUN\u00c7\u00c3O PLEITEADA:<\/p>\n<p>Assinatura do(a) Funcion\u00e1rio(a) da Secretaria:<u>\u00a0<\/u>_<\/p>\n<p>COMPROVANTE DE ENTREGA DE PROTOCOLO DE RECURSOS<\/p>\n<p>PROCESSO SELETIVO SIMPLIFICADO DE LAJES, RN<\/p>\n<p>N\u00b0 DA INSCRI\u00c7\u00c3O:<\/p>\n<p>DATA DO PROTOCOLO: \/<u>\u00a0<\/u>\/<u>\u00a0<\/u>HORA:<\/p>\n<p>NOME DO CANDIDATO:<\/p>\n<p>FUN\u00c7\u00c3O PLEITEADA:<\/p>\n<p>Assinatura do(a) Funcion\u00e1rio(a) da Secretaria:<u>\u00a0<\/u>_<\/p>\n<p>&nbsp;<\/p>\n<p>Registre. Publique-se e cumpra-se.<\/p>\n<p>&nbsp;<\/p>\n<p>Gabinete do Prefeito Municipal de Lajes\/RN, em 17 de fevereiro de 2023<\/p>\n<p>&nbsp;<\/p>\n<p>&nbsp;<\/p>\n<p><b><i>FELIPE FERREIRA DE MENEZES ARA\u00daJO<\/i><\/b><i><\/i><\/p>\n<p>&nbsp;<\/p>\n<p>Prefeito Municipal<\/p>\n<p>&nbsp;<\/p>\n<p>&nbsp;<\/p>\n<p><b><i>RAIMUNDO MANOEL DA SILVA<\/i><\/b><i><\/i><\/p>\n<p>Secret\u00e1rio Municipal fe Educa\u00e7\u00e3o<\/p>\n<\/div>\n<div class=\"pdfprnt-buttons pdfprnt-buttons-post pdfprnt-bottom-right\"><a href=\"https:\/\/lajes.rn.gov.br\/transparente\/index\/wp-json\/wp\/v2\/posts\/25539?print=pdf\" class=\"pdfprnt-button pdfprnt-button-pdf\" target=\"_blank\" ><img decoding=\"async\" src=\"https:\/\/lajes.rn.gov.br\/transparente\/index\/wp-content\/plugins\/pdf-print\/images\/pdf.png\" alt=\"image_pdf\" title=\"Ver PDF\" \/><\/a><a href=\"https:\/\/lajes.rn.gov.br\/transparente\/index\/wp-json\/wp\/v2\/posts\/25539?print=print\" class=\"pdfprnt-button pdfprnt-button-print\" target=\"_blank\" ><img decoding=\"async\" src=\"https:\/\/lajes.rn.gov.br\/transparente\/index\/wp-content\/plugins\/pdf-print\/images\/print.png\" alt=\"image_print\" title=\"Conte\u00fado de impress\u00e3o\" \/><\/a><\/div>","protected":false},"excerpt":{"rendered":"<p>ESTADO DO RIO GRANDE DO NORTE PREFEITURA MUNICIPAL DE LAJES GABINETE DO PREFEITO EDITAL N\u00ba 003\/2023 \u2013 GP &#8211; RETIFICA\u00c7\u00c3O 01 Processo seletivo simplificado para cadastro de reserva para eventual contrata\u00e7\u00e3o de pessoal por tempo determinado \u2013 prefeitura municipal de lajes. &nbsp; O PREFEITO CONSTITUCIONAL DO MUNIC\u00cdPIO DE LAJES\/RN, no uso de suas atribui\u00e7\u00f5es legais, [&hellip;]<\/p>\n","protected":false},"author":3,"featured_media":0,"comment_status":"closed","ping_status":"closed","sticky":false,"template":"","format":"standard","meta":{"ocean_post_layout":"","ocean_both_sidebars_style":"","ocean_both_sidebars_content_width":0,"ocean_both_sidebars_sidebars_width":0,"ocean_sidebar":"","ocean_second_sidebar":"","ocean_disable_margins":"enable","ocean_add_body_class":"","ocean_shortcode_before_top_bar":"","ocean_shortcode_after_top_bar":"","ocean_shortcode_before_header":"","ocean_shortcode_after_header":"","ocean_has_shortcode":"","ocean_shortcode_after_title":"","ocean_shortcode_before_footer_widgets":"","ocean_shortcode_after_footer_widgets":"","ocean_shortcode_before_footer_bottom":"","ocean_shortcode_after_footer_bottom":"","ocean_display_top_bar":"default","ocean_display_header":"default","ocean_header_style":"","ocean_center_header_left_menu":"","ocean_custom_header_template":"","ocean_custom_logo":0,"ocean_custom_retina_logo":0,"ocean_custom_logo_max_width":0,"ocean_custom_logo_tablet_max_width":0,"ocean_custom_logo_mobile_max_width":0,"ocean_custom_logo_max_height":0,"ocean_custom_logo_tablet_max_height":0,"ocean_custom_logo_mobile_max_height":0,"ocean_header_custom_menu":"","ocean_menu_typo_font_family":"","ocean_menu_typo_font_subset":"","ocean_menu_typo_font_size":0,"ocean_menu_typo_font_size_tablet":0,"ocean_menu_typo_font_size_mobile":0,"ocean_menu_typo_font_size_unit":"px","ocean_menu_typo_font_weight":"","ocean_menu_typo_font_weight_tablet":"","ocean_menu_typo_font_weight_mobile":"","ocean_menu_typo_transform":"","ocean_menu_typo_transform_tablet":"","ocean_menu_typo_transform_mobile":"","ocean_menu_typo_line_height":0,"ocean_menu_typo_line_height_tablet":0,"ocean_menu_typo_line_height_mobile":0,"ocean_menu_typo_line_height_unit":"","ocean_menu_typo_spacing":0,"ocean_menu_typo_spacing_tablet":0,"ocean_menu_typo_spacing_mobile":0,"ocean_menu_typo_spacing_unit":"","ocean_menu_link_color":"","ocean_menu_link_color_hover":"","ocean_menu_link_color_active":"","ocean_menu_link_background":"","ocean_menu_link_hover_background":"","ocean_menu_link_active_background":"","ocean_menu_social_links_bg":"","ocean_menu_social_hover_links_bg":"","ocean_menu_social_links_color":"","ocean_menu_social_hover_links_color":"","ocean_disable_title":"default","ocean_disable_heading":"default","ocean_post_title":"","ocean_post_subheading":"","ocean_post_title_style":"","ocean_post_title_background_color":"","ocean_post_title_background":0,"ocean_post_title_bg_image_position":"","ocean_post_title_bg_image_attachment":"","ocean_post_title_bg_image_repeat":"","ocean_post_title_bg_image_size":"","ocean_post_title_height":0,"ocean_post_title_bg_overlay":0.5,"ocean_post_title_bg_overlay_color":"","ocean_disable_breadcrumbs":"default","ocean_breadcrumbs_color":"","ocean_breadcrumbs_separator_color":"","ocean_breadcrumbs_links_color":"","ocean_breadcrumbs_links_hover_color":"","ocean_display_footer_widgets":"default","ocean_display_footer_bottom":"default","ocean_custom_footer_template":"","ocean_post_oembed":"","ocean_post_self_hosted_media":"","ocean_post_video_embed":"","ocean_link_format":"","ocean_link_format_target":"self","ocean_quote_format":"","ocean_quote_format_link":"post","ocean_gallery_link_images":"on","ocean_gallery_id":[],"footnotes":""},"categories":[45,48,2,187],"tags":[],"class_list":["post-25539","post","type-post","status-publish","format-standard","hentry","category-editais-diversos","category-editais-diversos-2023","category-legislacao","category-processo-seletivo-simplificado-para-cadastro-de-reserva-para-eventual-contratacao-de-pessoal-por-tempo-determinado","entry"],"_links":{"self":[{"href":"https:\/\/lajes.rn.gov.br\/transparente\/index\/wp-json\/wp\/v2\/posts\/25539","targetHints":{"allow":["GET"]}}],"collection":[{"href":"https:\/\/lajes.rn.gov.br\/transparente\/index\/wp-json\/wp\/v2\/posts"}],"about":[{"href":"https:\/\/lajes.rn.gov.br\/transparente\/index\/wp-json\/wp\/v2\/types\/post"}],"author":[{"embeddable":true,"href":"https:\/\/lajes.rn.gov.br\/transparente\/index\/wp-json\/wp\/v2\/users\/3"}],"replies":[{"embeddable":true,"href":"https:\/\/lajes.rn.gov.br\/transparente\/index\/wp-json\/wp\/v2\/comments?post=25539"}],"version-history":[{"count":2,"href":"https:\/\/lajes.rn.gov.br\/transparente\/index\/wp-json\/wp\/v2\/posts\/25539\/revisions"}],"predecessor-version":[{"id":29016,"href":"https:\/\/lajes.rn.gov.br\/transparente\/index\/wp-json\/wp\/v2\/posts\/25539\/revisions\/29016"}],"wp:attachment":[{"href":"https:\/\/lajes.rn.gov.br\/transparente\/index\/wp-json\/wp\/v2\/media?parent=25539"}],"wp:term":[{"taxonomy":"category","embeddable":true,"href":"https:\/\/lajes.rn.gov.br\/transparente\/index\/wp-json\/wp\/v2\/categories?post=25539"},{"taxonomy":"post_tag","embeddable":true,"href":"https:\/\/lajes.rn.gov.br\/transparente\/index\/wp-json\/wp\/v2\/tags?post=25539"}],"curies":[{"name":"wp","href":"https:\/\/api.w.org\/{rel}","templated":true}]}}