{"id":25135,"date":"2017-09-25T15:39:15","date_gmt":"2017-09-25T18:39:15","guid":{"rendered":"https:\/\/lajes.rn.gov.br\/transparente\/index\/?p=25135"},"modified":"2023-02-13T15:40:16","modified_gmt":"2023-02-13T18:40:16","slug":"lei-complementar-no-006-2017-dispoe-sobre-a-efetivacao-dos-agentes-de-combate-as-endemias-por-forca-da-emenda-constitucional-n-51-2006-e-lei-federal-n-11-350-2006-e-da-outras-providenci","status":"publish","type":"post","link":"https:\/\/lajes.rn.gov.br\/transparente\/index\/lei-complementar-no-006-2017-dispoe-sobre-a-efetivacao-dos-agentes-de-combate-as-endemias-por-forca-da-emenda-constitucional-n-51-2006-e-lei-federal-n-11-350-2006-e-da-outras-providenci\/","title":{"rendered":"LEI COMPLEMENTAR N\u00ba 006\/2017 &#8211; Disp\u00f5e sobre a efetiva\u00e7\u00e3o dos Agentes de Combate \u00e0s Endemias, por for\u00e7a da Emenda Constitucional n\u00b0 51\/2006 e Lei Federal n\u00b0 11.350\/2006 e d\u00e1 outras provid\u00eancias."},"content":{"rendered":"<div id=\"separador\" class=\"cabecalhoEstadoSeparador cabecalhoEstadoSeparador1\">\n<p style=\"text-align: center;\"><strong>ESTADO DO RIO GRANDE DO NORTE<\/strong><br \/>\n<strong>PREFEITURA MUNICIPAL DE LAJES<\/strong><\/p>\n<\/div>\n<p class=\"cabecaorgao\" style=\"text-align: center;\"><strong>GABINETE DO PREFEITO<\/strong><\/p>\n<hr \/>\n<div id=\"materia\" class=\"materia materia20091123 materia1\">\n<p>LEI COMPLEMENTAR N\u00ba 006\/2017<\/p>\n<div class=\"mat\"><\/div>\n<p>Disp\u00f5e sobre a efetiva\u00e7\u00e3o dos Agentes de Combate \u00e0s Endemias, por for\u00e7a da Emenda Constitucional n\u00b0 51\/2006 e Lei Federal n\u00b0 11.350\/2006 e d\u00e1 outras provid\u00eancias.<\/p>\n<p>&nbsp;<\/p>\n<p><b>O PREFEITO DO MUNIC\u00cdPIO DE LAJES, ESTADO DO RIO GRANDE DO NORTE<\/b>, no uso de suas atribui\u00e7\u00f5es que lhes s\u00e3o conferidas pela Lei Org\u00e2nica do Munic\u00edpio de Lajes, faz saber que a C\u00e2mara Municipal de Lajes a seguinte Lei:<\/p>\n<p>&nbsp;<\/p>\n<p><b>Art. 1\u00ba &#8211;<\/b>\u00a0Ficam criados 04 cargos de provimento efetivo de Agente de Combate \u00e0s Endemias, em cumprimento ao TAC firmado no dia 24 de agosto de 2017 na Promotoria de Justi\u00e7a de Lajes\/RN, conforme anexo I.<\/p>\n<p><b>Art. 2\u00ba &#8211;<\/b>\u00a0Os cargos criados pela presente Lei ser\u00e3o ocupados pelos Agentes de combate \u00e0s Endemias contratados temporariamente e que passaram por processo seletivo em 2005, com fundamento no Art. 198, \u00a7\u00a74\u00b0 a 6\u00b0 da Constitui\u00e7\u00e3o Federal, de dispositivos da Lei Federal n\u00b0 11.350, de 05 de outubro de 2006.<\/p>\n<p><b>Art. 3\u00ba &#8211;<\/b>\u00a0Os Agentes de Combate \u00e0s Endemias passam a integrar o quadro permanente de Servidores P\u00fablicos Municipais.<\/p>\n<p><b>Art. 4\u00ba &#8211;<\/b>\u00a0Os Agentes Comunit\u00e1rios de Sa\u00fade e os Agentes de Combate \u00e0s Endemias somente ter\u00e3o seus v\u00ednculos extintos nas hip\u00f3teses previstas na Lei Federal n\u00b0 11.350\/2006, Art. 10, II, III, IV, bem como, nas hip\u00f3teses previstas no Regime Jur\u00eddico \u00danico dos Servidores do Munic\u00edpio de Lajes (LC n\u00b0 001\/1997).<\/p>\n<p><b>Art. 5\u00ba &#8211;<\/b>\u00a0Os efeitos da altera\u00e7\u00e3o do regime jur\u00eddico aplicado aos Agentes de Combate \u00e0s Endemias que por acaso tenham sido contratados sob o Regime da Consolida\u00e7\u00e3o das Leis do Trabalho \u2013 CLT retroagem a julho de 2005.<\/p>\n<p><b>Art. 6\u00ba &#8211;<\/b>\u00a0Ficam garantidas aos Agentes de Combate \u00e0s Endemias efetivos, todas as vantagens previstas na Lei complementar n\u00b0 001\/1997 e demais legisla\u00e7\u00f5es em vigor no \u00e2mbito do Munic\u00edpio de Lajes\/RN.<\/p>\n<p><b>Art. 7\u00ba &#8211;<\/b>\u00a0Esta Lei entra em vigor na data da sua publica\u00e7\u00e3o, revogadas as disposi\u00e7\u00f5es em contr\u00e1rio.<\/p>\n<p>&nbsp;<\/p>\n<p><b><u>ANEXO \u2013 I<\/u><\/b><\/p>\n<p>&nbsp;<\/p>\n<table class=\"mat\" border=\"1\" cellspacing=\"0\" cellpadding=\"0\" align=\"left\">\n<tbody>\n<tr>\n<td width=\"92\"><b>N\u00ba ORDEM<\/b><\/td>\n<td width=\"110\"><b>MATRICULA<\/b><\/td>\n<td width=\"152\"><b>CARGO<\/b><\/td>\n<td width=\"274\"><b>NOME<\/b><\/td>\n<\/tr>\n<tr>\n<td width=\"92\"><b>01<\/b><\/td>\n<td width=\"110\"><b>550<\/b><\/td>\n<td width=\"152\"><b>Agente de Endemias<\/b><\/td>\n<td width=\"274\"><b>GERANDRO PEREIRA DA COSTA<\/b><\/td>\n<\/tr>\n<tr>\n<td width=\"92\"><b>02<\/b><\/td>\n<td width=\"110\"><b>430<\/b><\/td>\n<td width=\"152\"><b>Agente de Endemias<\/b><\/td>\n<td width=\"274\"><b>JOS\u00c9 BENEDITO MARTINS FILHO<\/b><\/td>\n<\/tr>\n<tr>\n<td width=\"92\"><b>03<\/b><\/td>\n<td width=\"110\"><b>560<\/b><\/td>\n<td width=\"152\"><b>Agente de Endemias<\/b><\/td>\n<td width=\"274\"><b>JOSELI HONORATO<\/b><\/td>\n<\/tr>\n<tr>\n<td width=\"92\"><b>04<\/b><\/td>\n<td width=\"110\"><b>547<\/b><\/td>\n<td width=\"152\"><b>Agente de Endemias<\/b><\/td>\n<td width=\"274\"><b>SIDINEY SALVADOR MENDES<\/b><\/td>\n<\/tr>\n<\/tbody>\n<\/table>\n<p>&nbsp;<\/p>\n<p><b>Gabinete do Prefeito Municipal de Lajes\/RN, em 25 de Setembro de 2017.<\/b><\/p>\n<p>&nbsp;<\/p>\n<p><b><i>JOS\u00c9 MARQUES FERNANDES<\/i><\/b><\/p>\n<p>Prefeito Municipal<\/p>\n<\/div>\n<div class=\"pdfprnt-buttons pdfprnt-buttons-post pdfprnt-bottom-right\"><a href=\"https:\/\/lajes.rn.gov.br\/transparente\/index\/wp-json\/wp\/v2\/posts\/25135?print=pdf\" class=\"pdfprnt-button pdfprnt-button-pdf\" target=\"_blank\" ><img decoding=\"async\" src=\"https:\/\/lajes.rn.gov.br\/transparente\/index\/wp-content\/plugins\/pdf-print\/images\/pdf.png\" alt=\"image_pdf\" title=\"Ver PDF\" \/><\/a><a href=\"https:\/\/lajes.rn.gov.br\/transparente\/index\/wp-json\/wp\/v2\/posts\/25135?print=print\" class=\"pdfprnt-button pdfprnt-button-print\" target=\"_blank\" ><img decoding=\"async\" src=\"https:\/\/lajes.rn.gov.br\/transparente\/index\/wp-content\/plugins\/pdf-print\/images\/print.png\" alt=\"image_print\" title=\"Conte\u00fado de impress\u00e3o\" \/><\/a><\/div>","protected":false},"excerpt":{"rendered":"<p>ESTADO DO RIO GRANDE DO NORTE PREFEITURA MUNICIPAL DE LAJES GABINETE DO PREFEITO LEI COMPLEMENTAR N\u00ba 006\/2017 Disp\u00f5e sobre a efetiva\u00e7\u00e3o dos Agentes de Combate \u00e0s Endemias, por for\u00e7a da Emenda Constitucional n\u00b0 51\/2006 e Lei Federal n\u00b0 11.350\/2006 e d\u00e1 outras provid\u00eancias. &nbsp; O PREFEITO DO MUNIC\u00cdPIO DE LAJES, ESTADO DO RIO GRANDE DO [&hellip;]<\/p>\n","protected":false},"author":3,"featured_media":0,"comment_status":"closed","ping_status":"closed","sticky":false,"template":"","format":"standard","meta":{"ocean_post_layout":"","ocean_both_sidebars_style":"","ocean_both_sidebars_content_width":0,"ocean_both_sidebars_sidebars_width":0,"ocean_sidebar":"","ocean_second_sidebar":"","ocean_disable_margins":"enable","ocean_add_body_class":"","ocean_shortcode_before_top_bar":"","ocean_shortcode_after_top_bar":"","ocean_shortcode_before_header":"","ocean_shortcode_after_header":"","ocean_has_shortcode":"","ocean_shortcode_after_title":"","ocean_shortcode_before_footer_widgets":"","ocean_shortcode_after_footer_widgets":"","ocean_shortcode_before_footer_bottom":"","ocean_shortcode_after_footer_bottom":"","ocean_display_top_bar":"default","ocean_display_header":"default","ocean_header_style":"","ocean_center_header_left_menu":"","ocean_custom_header_template":"","ocean_custom_logo":0,"ocean_custom_retina_logo":0,"ocean_custom_logo_max_width":0,"ocean_custom_logo_tablet_max_width":0,"ocean_custom_logo_mobile_max_width":0,"ocean_custom_logo_max_height":0,"ocean_custom_logo_tablet_max_height":0,"ocean_custom_logo_mobile_max_height":0,"ocean_header_custom_menu":"","ocean_menu_typo_font_family":"","ocean_menu_typo_font_subset":"","ocean_menu_typo_font_size":0,"ocean_menu_typo_font_size_tablet":0,"ocean_menu_typo_font_size_mobile":0,"ocean_menu_typo_font_size_unit":"px","ocean_menu_typo_font_weight":"","ocean_menu_typo_font_weight_tablet":"","ocean_menu_typo_font_weight_mobile":"","ocean_menu_typo_transform":"","ocean_menu_typo_transform_tablet":"","ocean_menu_typo_transform_mobile":"","ocean_menu_typo_line_height":0,"ocean_menu_typo_line_height_tablet":0,"ocean_menu_typo_line_height_mobile":0,"ocean_menu_typo_line_height_unit":"","ocean_menu_typo_spacing":0,"ocean_menu_typo_spacing_tablet":0,"ocean_menu_typo_spacing_mobile":0,"ocean_menu_typo_spacing_unit":"","ocean_menu_link_color":"","ocean_menu_link_color_hover":"","ocean_menu_link_color_active":"","ocean_menu_link_background":"","ocean_menu_link_hover_background":"","ocean_menu_link_active_background":"","ocean_menu_social_links_bg":"","ocean_menu_social_hover_links_bg":"","ocean_menu_social_links_color":"","ocean_menu_social_hover_links_color":"","ocean_disable_title":"default","ocean_disable_heading":"default","ocean_post_title":"","ocean_post_subheading":"","ocean_post_title_style":"","ocean_post_title_background_color":"","ocean_post_title_background":0,"ocean_post_title_bg_image_position":"","ocean_post_title_bg_image_attachment":"","ocean_post_title_bg_image_repeat":"","ocean_post_title_bg_image_size":"","ocean_post_title_height":0,"ocean_post_title_bg_overlay":0.5,"ocean_post_title_bg_overlay_color":"","ocean_disable_breadcrumbs":"default","ocean_breadcrumbs_color":"","ocean_breadcrumbs_separator_color":"","ocean_breadcrumbs_links_color":"","ocean_breadcrumbs_links_hover_color":"","ocean_display_footer_widgets":"default","ocean_display_footer_bottom":"default","ocean_custom_footer_template":"","ocean_post_oembed":"","ocean_post_self_hosted_media":"","ocean_post_video_embed":"","ocean_link_format":"","ocean_link_format_target":"self","ocean_quote_format":"","ocean_quote_format_link":"post","ocean_gallery_link_images":"on","ocean_gallery_id":[],"footnotes":""},"categories":[2,49,54],"tags":[],"class_list":["post-25135","post","type-post","status-publish","format-standard","hentry","category-legislacao","category-leis-municipais","category-leis-municipais-2017","entry"],"_links":{"self":[{"href":"https:\/\/lajes.rn.gov.br\/transparente\/index\/wp-json\/wp\/v2\/posts\/25135","targetHints":{"allow":["GET"]}}],"collection":[{"href":"https:\/\/lajes.rn.gov.br\/transparente\/index\/wp-json\/wp\/v2\/posts"}],"about":[{"href":"https:\/\/lajes.rn.gov.br\/transparente\/index\/wp-json\/wp\/v2\/types\/post"}],"author":[{"embeddable":true,"href":"https:\/\/lajes.rn.gov.br\/transparente\/index\/wp-json\/wp\/v2\/users\/3"}],"replies":[{"embeddable":true,"href":"https:\/\/lajes.rn.gov.br\/transparente\/index\/wp-json\/wp\/v2\/comments?post=25135"}],"version-history":[{"count":1,"href":"https:\/\/lajes.rn.gov.br\/transparente\/index\/wp-json\/wp\/v2\/posts\/25135\/revisions"}],"predecessor-version":[{"id":25136,"href":"https:\/\/lajes.rn.gov.br\/transparente\/index\/wp-json\/wp\/v2\/posts\/25135\/revisions\/25136"}],"wp:attachment":[{"href":"https:\/\/lajes.rn.gov.br\/transparente\/index\/wp-json\/wp\/v2\/media?parent=25135"}],"wp:term":[{"taxonomy":"category","embeddable":true,"href":"https:\/\/lajes.rn.gov.br\/transparente\/index\/wp-json\/wp\/v2\/categories?post=25135"},{"taxonomy":"post_tag","embeddable":true,"href":"https:\/\/lajes.rn.gov.br\/transparente\/index\/wp-json\/wp\/v2\/tags?post=25135"}],"curies":[{"name":"wp","href":"https:\/\/api.w.org\/{rel}","templated":true}]}}