{"id":25121,"date":"2017-08-25T15:31:08","date_gmt":"2017-08-25T18:31:08","guid":{"rendered":"https:\/\/lajes.rn.gov.br\/transparente\/index\/?p=25121"},"modified":"2023-02-13T15:31:56","modified_gmt":"2023-02-13T18:31:56","slug":"lei-no-774-2017-autoriza-o-poder-executivo-municipal-a-celebrar-convenio-de-cooperacao-com-o-estado-do-rio-grande-do-norte-para-o-fim-de-estabelecer-uma-cooperacao-federativa-da-organizacao-regula","status":"publish","type":"post","link":"https:\/\/lajes.rn.gov.br\/transparente\/index\/lei-no-774-2017-autoriza-o-poder-executivo-municipal-a-celebrar-convenio-de-cooperacao-com-o-estado-do-rio-grande-do-norte-para-o-fim-de-estabelecer-uma-cooperacao-federativa-da-organizacao-regula\/","title":{"rendered":"LEI N\u00ba 774\/2017 &#8211; Autoriza o Poder Executivo Municipal a celebrar Conv\u00eanio de Coopera\u00e7\u00e3o com o Estado do Rio Grande do Norte, para o fim de estabelecer uma coopera\u00e7\u00e3o federativa da organiza\u00e7\u00e3o, regula\u00e7\u00e3o, fiscaliza\u00e7\u00e3o e presta\u00e7\u00e3o dos servi\u00e7os p\u00fablicos municipais de abastecimento de \u00e1gua e de esgotamento sanit\u00e1rio, e d\u00e1 outras provid\u00eancias."},"content":{"rendered":"<div id=\"separador\" class=\"cabecalhoEstadoSeparador cabecalhoEstadoSeparador1\">\n<p style=\"text-align: center;\"><strong>ESTADO DO RIO GRANDE DO NORTE<\/strong><br \/>\n<strong>PREFEITURA MUNICIPAL DE LAJES<\/strong><\/p>\n<\/div>\n<p class=\"cabecaorgao\" style=\"text-align: center;\"><strong>GABINETE DO PREFEITO<\/strong><\/p>\n<hr \/>\n<div id=\"materia\" class=\"materia materia20091123 materia1\">\n<p>LEI N\u00ba 774\/2017.<\/p>\n<div class=\"mat\">Autoriza o Poder Executivo Municipal a celebrar Conv\u00eanio de Coopera\u00e7\u00e3o com o Estado do Rio Grande do Norte, para o fim de estabelecer uma coopera\u00e7\u00e3o federativa da organiza\u00e7\u00e3o, regula\u00e7\u00e3o, fiscaliza\u00e7\u00e3o e presta\u00e7\u00e3o dos servi\u00e7os p\u00fablicos municipais de abastecimento de \u00e1gua e de esgotamento sanit\u00e1rio, e d\u00e1 outras provid\u00eancias.<\/div>\n<p>&nbsp;<\/p>\n<p><b>O Prefeito do Munic\u00edpio de Lajes, Estado do Rio Grande do Norte<\/b>\u00a0no uso de suas atribui\u00e7\u00f5es conferidas pela Lei Org\u00e2nica Municipal, faz saber que a C\u00e2mara Municipal aprovou e sanciono a seguinte Lei.<\/p>\n<p>&nbsp;<\/p>\n<p><b>Art. 1\u00ba &#8211;<\/b>\u00a0Fica o Poder Executivo autorizado a celebrar Conv\u00eanio de Coopera\u00e7\u00e3o com o Estado do Rio Grande do Norte, com fundamento no art. 241 da Constitui\u00e7\u00e3o da Rep\u00fablica e na Lei Federal n\u00ba 11.445\/2007, para o fim de estabelecer coopera\u00e7\u00e3o federativa na organiza\u00e7\u00e3o, regula\u00e7\u00e3o, fiscaliza\u00e7\u00e3o e presta\u00e7\u00e3o dos servi\u00e7os p\u00fablicos municipais de abastecimento de \u00e1gua e de esgotamento sanit\u00e1rio, objetivando o seguinte:<\/p>\n<p>&nbsp;<\/p>\n<p><b>I \u2013<\/b>\u00a0\u00c0 transfer\u00eancia, por delega\u00e7\u00e3o, para o Estado do Rio Grande do Norte, das compet\u00eancias de organiza\u00e7\u00e3o, regula\u00e7\u00e3o e fiscaliza\u00e7\u00e3o dos servi\u00e7os p\u00fablicos municipais de abastecimento de \u00e1gua e de esgotamento sanit\u00e1rio, sendo a regula\u00e7\u00e3o e fiscaliza\u00e7\u00e3o atrav\u00e9s da Ag\u00eancia Reguladora de Servi\u00e7os P\u00fablicos do Estado do Rio Grande do Norte \u2013 ARSEP;<\/p>\n<p><b>II \u2013<\/b>\u00a0\u00c0 transfer\u00eancia, por delega\u00e7\u00e3o, da organiza\u00e7\u00e3o e presta\u00e7\u00e3o dos servi\u00e7os p\u00fablicos municipais de abastecimento de \u00e1gua e de esgotamento sanit\u00e1rio \u00e0 Companhia de \u00c1guas e Esgotos do Rio Grande do Norte \u2013 CAERN, por interm\u00e9dio do Contrato de Programa.<\/p>\n<p>&nbsp;<\/p>\n<p><b>\u00a7 1\u00ba<\/b>\u00a0O Conv\u00eanio de Coopera\u00e7\u00e3o, a que se refere o\u00a0<i>caput,\u00a0<\/i>ser\u00e1 celebrado pelo prazo de 30 (trinta) anos, prorrog\u00e1vel por igual per\u00edodo, acordado entre as partes.<\/p>\n<p><b>\u00a7 2\u00ba<\/b>\u00a0No ato da celebra\u00e7\u00e3o do Conv\u00eanio dever\u00e1 ser definido o seu respectivo plano de trabalho para regulariza\u00e7\u00e3o da presta\u00e7\u00e3o dos servi\u00e7os.<\/p>\n<p>&nbsp;<\/p>\n<p><b>Art. 2\u00ba &#8211;<\/b>\u00a0Fica o Poder Executivo autorizado a celebrar Contrato de Programa com pessoa jur\u00eddica integrante da Administra\u00e7\u00e3o Indireta do Estado do Rio Grande do Norte com o objetivo de conceder, com regime de exclusividade, a presta\u00e7\u00e3o dos servi\u00e7os p\u00fablicos municipais de abastecimento de \u00e1gua e de esgotamento sanit\u00e1rio, atrav\u00e9s de dispensa de licita\u00e7\u00e3o, nos termos do inciso XXVI, do art. 24, da Lei Federal n\u00ba 8.666\/1993.<\/p>\n<p>&nbsp;<\/p>\n<p><b>\u00a7 1\u00ba<\/b>\u00a0O Contrato de Programa, a que se refere o\u00a0<i>caput\u00a0<\/i>dever\u00e1 ter prazo compat\u00edvel com Plano Municipal de Saneamento B\u00e1sico, n\u00e3o sendo inferior ao prazo de 20 anos, contados a partir da publica\u00e7\u00e3o de seu extrato no Di\u00e1rio Oficial do Estado.<\/p>\n<p><b>\u00a7 2\u00ba<\/b>\u00a0Extinto o Contrato de Programa, a assun\u00e7\u00e3o dos servi\u00e7os e a revers\u00e3o dos bens dar-se-\u00e1 ap\u00f3s o pr\u00e9vio pagamento de indeniza\u00e7\u00e3o eventualmente devida.<\/p>\n<p>&nbsp;<\/p>\n<p><b>Art. 3\u00ba &#8211;<\/b>\u00a0O Contrato de Programa referido nesta Lei continuar\u00e1 vigente mesmo quando extinto o Conv\u00eanio de Coopera\u00e7\u00e3o a que se refere o art. 1\u00ba, nos termos do art. 13, \u00a7 4\u00ba da Lei Federal n\u00ba 11.107\/2005.<\/p>\n<p><b>Art. 4\u00ba &#8211;<\/b>\u00a0As autoriza\u00e7\u00f5es de que tratam os art. 1\u00ba, 2\u00ba e 3\u00ba desta Lei abranger\u00e3o, no todo ou em parte, as seguintes atividades e suas respectivas infraestruturas e instala\u00e7\u00f5es operacionais, referentes aos sistemas de abastecimento de \u00e1gua e de esgotamento sanit\u00e1rio:<\/p>\n<p>&nbsp;<\/p>\n<p><b>I \u2013<\/b>\u00a0Capta\u00e7\u00e3o, adu\u00e7\u00e3o e tratamento de \u00e1gua bruta;<\/p>\n<p><b>II \u2013<\/b>\u00a0Mensura\u00e7\u00e3o e precifica\u00e7\u00e3o do insumo \u00e1gua importada, caso o Munic\u00edpio integre sistema intermunicipal;<\/p>\n<p><b>III \u2013<\/b>\u00a0Adu\u00e7\u00e3o de \u00e1gua tratada;<\/p>\n<p><b>IV \u2013<\/b>\u00a0Reserva\u00e7\u00e3o e distribui\u00e7\u00e3o de \u00e1gua tratada;<\/p>\n<p><b>V \u2013<\/b>\u00a0Coleta, transporte, tratamento e disposi\u00e7\u00e3o de esgotos sanit\u00e1rios.<\/p>\n<p>&nbsp;<\/p>\n<p><b>Art. 5\u00ba &#8211;<\/b>\u00a0O conv\u00eanio de Coopera\u00e7\u00e3o, a que se refere o art. 1\u00ba desta Lei, dever\u00e1 estabelecer:<\/p>\n<p>&nbsp;<\/p>\n<p><b>I &#8211;<\/b>\u00a0Os meios e instrumentos para o exerc\u00edcio das compet\u00eancias de organiza\u00e7\u00e3o, regula\u00e7\u00e3o, fiscaliza\u00e7\u00e3o e presta\u00e7\u00e3o delegada;<\/p>\n<p><b>II &#8211;<\/b>\u00a0Os direitos e obriga\u00e7\u00f5es do Munic\u00edpio;<\/p>\n<p><b>III &#8211;<\/b>\u00a0Os direitos e obriga\u00e7\u00f5es do Estado, e;<\/p>\n<p><b>IV &#8211;<\/b>\u00a0As obriga\u00e7\u00f5es comuns ao Munic\u00edpio e ao Estado.<\/p>\n<p>&nbsp;<\/p>\n<p><b>Art. 6\u00ba &#8211;<\/b>\u00a0Esta Lei entra em vigor na data de sua publica\u00e7\u00e3o, revogadas as disposi\u00e7\u00f5es em contr\u00e1ria.<\/p>\n<p>&nbsp;<\/p>\n<p><b>Gabinete do Prefeito Municipal de Lajes\/RN, em 25 de Agosto de 2017.<\/b><\/p>\n<p>&nbsp;<\/p>\n<p>&nbsp;<\/p>\n<p><b><i>JOS\u00c9 MARQUES FERNANDES<\/i><\/b><\/p>\n<p><b><i><\/i><\/b>&nbsp;<\/p>\n<p>Prefeito Municipal<\/p>\n<\/div>\n<div class=\"pdfprnt-buttons pdfprnt-buttons-post pdfprnt-bottom-right\"><a href=\"https:\/\/lajes.rn.gov.br\/transparente\/index\/wp-json\/wp\/v2\/posts\/25121?print=pdf\" class=\"pdfprnt-button pdfprnt-button-pdf\" target=\"_blank\" ><img decoding=\"async\" src=\"https:\/\/lajes.rn.gov.br\/transparente\/index\/wp-content\/plugins\/pdf-print\/images\/pdf.png\" alt=\"image_pdf\" title=\"Ver PDF\" \/><\/a><a href=\"https:\/\/lajes.rn.gov.br\/transparente\/index\/wp-json\/wp\/v2\/posts\/25121?print=print\" class=\"pdfprnt-button pdfprnt-button-print\" target=\"_blank\" ><img decoding=\"async\" src=\"https:\/\/lajes.rn.gov.br\/transparente\/index\/wp-content\/plugins\/pdf-print\/images\/print.png\" alt=\"image_print\" title=\"Conte\u00fado de impress\u00e3o\" \/><\/a><\/div>","protected":false},"excerpt":{"rendered":"<p>ESTADO DO RIO GRANDE DO NORTE PREFEITURA MUNICIPAL DE LAJES GABINETE DO PREFEITO LEI N\u00ba 774\/2017. Autoriza o Poder Executivo Municipal a celebrar Conv\u00eanio de Coopera\u00e7\u00e3o com o Estado do Rio Grande do Norte, para o fim de estabelecer uma coopera\u00e7\u00e3o federativa da organiza\u00e7\u00e3o, regula\u00e7\u00e3o, fiscaliza\u00e7\u00e3o e presta\u00e7\u00e3o dos servi\u00e7os p\u00fablicos municipais de abastecimento de [&hellip;]<\/p>\n","protected":false},"author":3,"featured_media":0,"comment_status":"closed","ping_status":"closed","sticky":false,"template":"","format":"standard","meta":{"ocean_post_layout":"","ocean_both_sidebars_style":"","ocean_both_sidebars_content_width":0,"ocean_both_sidebars_sidebars_width":0,"ocean_sidebar":"","ocean_second_sidebar":"","ocean_disable_margins":"enable","ocean_add_body_class":"","ocean_shortcode_before_top_bar":"","ocean_shortcode_after_top_bar":"","ocean_shortcode_before_header":"","ocean_shortcode_after_header":"","ocean_has_shortcode":"","ocean_shortcode_after_title":"","ocean_shortcode_before_footer_widgets":"","ocean_shortcode_after_footer_widgets":"","ocean_shortcode_before_footer_bottom":"","ocean_shortcode_after_footer_bottom":"","ocean_display_top_bar":"default","ocean_display_header":"default","ocean_header_style":"","ocean_center_header_left_menu":"","ocean_custom_header_template":"","ocean_custom_logo":0,"ocean_custom_retina_logo":0,"ocean_custom_logo_max_width":0,"ocean_custom_logo_tablet_max_width":0,"ocean_custom_logo_mobile_max_width":0,"ocean_custom_logo_max_height":0,"ocean_custom_logo_tablet_max_height":0,"ocean_custom_logo_mobile_max_height":0,"ocean_header_custom_menu":"","ocean_menu_typo_font_family":"","ocean_menu_typo_font_subset":"","ocean_menu_typo_font_size":0,"ocean_menu_typo_font_size_tablet":0,"ocean_menu_typo_font_size_mobile":0,"ocean_menu_typo_font_size_unit":"px","ocean_menu_typo_font_weight":"","ocean_menu_typo_font_weight_tablet":"","ocean_menu_typo_font_weight_mobile":"","ocean_menu_typo_transform":"","ocean_menu_typo_transform_tablet":"","ocean_menu_typo_transform_mobile":"","ocean_menu_typo_line_height":0,"ocean_menu_typo_line_height_tablet":0,"ocean_menu_typo_line_height_mobile":0,"ocean_menu_typo_line_height_unit":"","ocean_menu_typo_spacing":0,"ocean_menu_typo_spacing_tablet":0,"ocean_menu_typo_spacing_mobile":0,"ocean_menu_typo_spacing_unit":"","ocean_menu_link_color":"","ocean_menu_link_color_hover":"","ocean_menu_link_color_active":"","ocean_menu_link_background":"","ocean_menu_link_hover_background":"","ocean_menu_link_active_background":"","ocean_menu_social_links_bg":"","ocean_menu_social_hover_links_bg":"","ocean_menu_social_links_color":"","ocean_menu_social_hover_links_color":"","ocean_disable_title":"default","ocean_disable_heading":"default","ocean_post_title":"","ocean_post_subheading":"","ocean_post_title_style":"","ocean_post_title_background_color":"","ocean_post_title_background":0,"ocean_post_title_bg_image_position":"","ocean_post_title_bg_image_attachment":"","ocean_post_title_bg_image_repeat":"","ocean_post_title_bg_image_size":"","ocean_post_title_height":0,"ocean_post_title_bg_overlay":0.5,"ocean_post_title_bg_overlay_color":"","ocean_disable_breadcrumbs":"default","ocean_breadcrumbs_color":"","ocean_breadcrumbs_separator_color":"","ocean_breadcrumbs_links_color":"","ocean_breadcrumbs_links_hover_color":"","ocean_display_footer_widgets":"default","ocean_display_footer_bottom":"default","ocean_custom_footer_template":"","ocean_post_oembed":"","ocean_post_self_hosted_media":"","ocean_post_video_embed":"","ocean_link_format":"","ocean_link_format_target":"self","ocean_quote_format":"","ocean_quote_format_link":"post","ocean_gallery_link_images":"on","ocean_gallery_id":[],"footnotes":""},"categories":[2,49,54],"tags":[],"class_list":["post-25121","post","type-post","status-publish","format-standard","hentry","category-legislacao","category-leis-municipais","category-leis-municipais-2017","entry"],"_links":{"self":[{"href":"https:\/\/lajes.rn.gov.br\/transparente\/index\/wp-json\/wp\/v2\/posts\/25121","targetHints":{"allow":["GET"]}}],"collection":[{"href":"https:\/\/lajes.rn.gov.br\/transparente\/index\/wp-json\/wp\/v2\/posts"}],"about":[{"href":"https:\/\/lajes.rn.gov.br\/transparente\/index\/wp-json\/wp\/v2\/types\/post"}],"author":[{"embeddable":true,"href":"https:\/\/lajes.rn.gov.br\/transparente\/index\/wp-json\/wp\/v2\/users\/3"}],"replies":[{"embeddable":true,"href":"https:\/\/lajes.rn.gov.br\/transparente\/index\/wp-json\/wp\/v2\/comments?post=25121"}],"version-history":[{"count":1,"href":"https:\/\/lajes.rn.gov.br\/transparente\/index\/wp-json\/wp\/v2\/posts\/25121\/revisions"}],"predecessor-version":[{"id":25122,"href":"https:\/\/lajes.rn.gov.br\/transparente\/index\/wp-json\/wp\/v2\/posts\/25121\/revisions\/25122"}],"wp:attachment":[{"href":"https:\/\/lajes.rn.gov.br\/transparente\/index\/wp-json\/wp\/v2\/media?parent=25121"}],"wp:term":[{"taxonomy":"category","embeddable":true,"href":"https:\/\/lajes.rn.gov.br\/transparente\/index\/wp-json\/wp\/v2\/categories?post=25121"},{"taxonomy":"post_tag","embeddable":true,"href":"https:\/\/lajes.rn.gov.br\/transparente\/index\/wp-json\/wp\/v2\/tags?post=25121"}],"curies":[{"name":"wp","href":"https:\/\/api.w.org\/{rel}","templated":true}]}}