{"id":25052,"date":"2018-12-20T14:37:00","date_gmt":"2018-12-20T16:37:00","guid":{"rendered":"https:\/\/lajes.rn.gov.br\/transparente\/index\/?p=25052"},"modified":"2023-02-13T14:37:49","modified_gmt":"2023-02-13T17:37:49","slug":"lei-municipal-n-o-806-2018-autoriza-o-poder-executivo-municipal-a-doacao-para-regulamentacao-fundiaria-de-terreno-na-zona-urbana-e-da-outras-providencias","status":"publish","type":"post","link":"https:\/\/lajes.rn.gov.br\/transparente\/index\/lei-municipal-n-o-806-2018-autoriza-o-poder-executivo-municipal-a-doacao-para-regulamentacao-fundiaria-de-terreno-na-zona-urbana-e-da-outras-providencias\/","title":{"rendered":"LEI MUNICIPAL N.\u00ba 806\/2018 &#8211; Autoriza o Poder Executivo Municipal a Doa\u00e7\u00e3o para Regulamenta\u00e7\u00e3o Fundi\u00e1ria de terreno na Zona Urbana, e d\u00e1 outras provid\u00eancias."},"content":{"rendered":"<div id=\"separador\" class=\"cabecalhoEstadoSeparador cabecalhoEstadoSeparador1\">\n<p style=\"text-align: center;\"><strong>ESTADO DO RIO GRANDE DO NORTE<\/strong><br \/>\n<strong>PREFEITURA MUNICIPAL DE LAJES<\/strong><\/p>\n<\/div>\n<p class=\"cabecaorgao\" style=\"text-align: center;\"><strong>GABINETE DO PREFEITO<\/strong><\/p>\n<hr \/>\n<div id=\"materia\" class=\"materia materia20091123 materia1\">\n<p>LEI MUNICIPAL N.\u00ba 806\/2018<\/p>\n<div class=\"mat\">Autoriza o Poder Executivo Municipal a Doa\u00e7\u00e3o para Regulamenta\u00e7\u00e3o Fundi\u00e1ria de terreno na Zona Urbana, e d\u00e1 outras provid\u00eancias.<\/div>\n<p>&nbsp;<\/p>\n<p><b>O PREFEITO MUNICIPAL DE LAJES\/RN,\u00a0<\/b>no uso de suas atribui\u00e7\u00f5es legais, conferida pela Constitui\u00e7\u00e3o Federal, pela Lei Org\u00e2nica Municipal, pela Lei Municipal N\u00b0 489\/2009, &#8211; C\u00f3digo de Postura e pela Lei N\u00b0 11.977\/2009 &#8211; Regulariza\u00e7\u00e3o Fundi\u00e1ria, faz saber que a C\u00e2mara Municipal aprovou e eu sanciono a seguinte Lei.<\/p>\n<p>&nbsp;<\/p>\n<p><b>Art. 1\u00ba<\/b>\u00a0&#8211; Fica o Chefe do Poder Executivo autorizado a doar um terreno na Zona Urbana, para Regulamenta\u00e7\u00e3o Fundi\u00e1ria pertencente ao patrim\u00f4nio municipal \u2013 como terreno com translado no Cart\u00f3rio Notarial de Lajes\/RN, a Senhora\u00a0<b>MARIA DA CONCEI\u00c7\u00c3O VARELA<\/b>, inscrito no CPF sob o n\u00ba 038.270.164-01, RG sob o n\u00ba 1.480.696 \u2013 SSP\/RN, em conformidade com o Cap\u00edtulo III, Se\u00e7\u00e3o I, Art. 47, Inciso III, IV, da Lei N\u00b0 11.977\/2009.<\/p>\n<p><b>Par\u00e1grafo \u00danico<\/b>\u00a0&#8211; O terreno objeto de doa\u00e7\u00e3o a que se refere o \u201ccaput\u201d deste artigo, tem uma \u00e1rea total de 180,00 m\u00b2 (cento e oitenta metros quadrados), localizado na Rua das Turquesas, S\/N, Alto da Maternidade, CEP 59.535-000 \u2013 Lajes\/RN, tendo os seguintes limites:<\/p>\n<p>&nbsp;<\/p>\n<p><b>Ao Norte:<\/b>\u00a0medindo 20,00m com o Lote 38 de Ana Cristina de Lima;<\/p>\n<p><b>Ao Sul:<\/b>\u00a0medindo 20,00m com o Lote 47 de Daiana Bernardo dos Santos<b>\u00a0Ao Leste:<\/b>\u00a0medindo 9,00m com a Via P\u00fablica \u2013 Rua das Turquesas;<\/p>\n<p><b>Ao Oeste:<\/b>\u00a0medindo 9,00m com Fundos das Resid\u00eancias da Pra\u00e7a dos Min\u00e9rios.<\/p>\n<p>&nbsp;<\/p>\n<p><b>Art. 2\u00ba<\/b>\u00a0&#8211; O terreno visualizado pela Planta Baixa e suas coordenadas, com Memorial Descritivo, ser\u00e1 destinado \u00e0 constru\u00e7\u00e3o de pr\u00e9dio residencial sob a responsabilidade da Senhora\u00a0<b>MARIA DA CONCEI\u00c7\u00c3O VARELA,\u00a0<\/b>qualificada acima.<\/p>\n<p><b>Par\u00e1grafo \u00danico<\/b>\u00a0&#8211; N\u00e3o havendo a constru\u00e7\u00e3o no prazo de 02 (dois) anos, o terreno retornar\u00e1 ao Patrim\u00f4nio P\u00fablico Municipal, com ci\u00eancia por escrito ao donat\u00e1rio no prazo de 30 (trinta) dias antes do prazo previsto para devolu\u00e7\u00e3o<b>.<\/b><\/p>\n<p>&nbsp;<\/p>\n<p><b>Art. 3\u00ba &#8211;\u00a0<\/b>Esta Lei entrar\u00e1 em vigor na data da sua publica\u00e7\u00e3o, revogadas as disposi\u00e7\u00f5es em contr\u00e1rio.<\/p>\n<p>&nbsp;<\/p>\n<p><b>Gabinete do Prefeito Municipal de Lajes\/RN, em 20 de Dezembro de 2018.<\/b><\/p>\n<p>&nbsp;<\/p>\n<p>&nbsp;<\/p>\n<p><b><i>JOS\u00c9 MARQUES FERNANDES<\/i><\/b><\/p>\n<p><b><i><\/i><\/b>&nbsp;<\/p>\n<p>Prefeito Municipal<\/p>\n<\/div>\n<div class=\"pdfprnt-buttons pdfprnt-buttons-post pdfprnt-bottom-right\"><a href=\"https:\/\/lajes.rn.gov.br\/transparente\/index\/wp-json\/wp\/v2\/posts\/25052?print=pdf\" class=\"pdfprnt-button pdfprnt-button-pdf\" target=\"_blank\" ><img decoding=\"async\" src=\"https:\/\/lajes.rn.gov.br\/transparente\/index\/wp-content\/plugins\/pdf-print\/images\/pdf.png\" alt=\"image_pdf\" title=\"Ver PDF\" \/><\/a><a href=\"https:\/\/lajes.rn.gov.br\/transparente\/index\/wp-json\/wp\/v2\/posts\/25052?print=print\" class=\"pdfprnt-button pdfprnt-button-print\" target=\"_blank\" ><img decoding=\"async\" src=\"https:\/\/lajes.rn.gov.br\/transparente\/index\/wp-content\/plugins\/pdf-print\/images\/print.png\" alt=\"image_print\" title=\"Conte\u00fado de impress\u00e3o\" \/><\/a><\/div>","protected":false},"excerpt":{"rendered":"<p>ESTADO DO RIO GRANDE DO NORTE PREFEITURA MUNICIPAL DE LAJES GABINETE DO PREFEITO LEI MUNICIPAL N.\u00ba 806\/2018 Autoriza o Poder Executivo Municipal a Doa\u00e7\u00e3o para Regulamenta\u00e7\u00e3o Fundi\u00e1ria de terreno na Zona Urbana, e d\u00e1 outras provid\u00eancias. &nbsp; O PREFEITO MUNICIPAL DE LAJES\/RN,\u00a0no uso de suas atribui\u00e7\u00f5es legais, conferida pela Constitui\u00e7\u00e3o Federal, pela Lei Org\u00e2nica Municipal, [&hellip;]<\/p>\n","protected":false},"author":3,"featured_media":0,"comment_status":"closed","ping_status":"closed","sticky":false,"template":"","format":"standard","meta":{"ocean_post_layout":"","ocean_both_sidebars_style":"","ocean_both_sidebars_content_width":0,"ocean_both_sidebars_sidebars_width":0,"ocean_sidebar":"","ocean_second_sidebar":"","ocean_disable_margins":"enable","ocean_add_body_class":"","ocean_shortcode_before_top_bar":"","ocean_shortcode_after_top_bar":"","ocean_shortcode_before_header":"","ocean_shortcode_after_header":"","ocean_has_shortcode":"","ocean_shortcode_after_title":"","ocean_shortcode_before_footer_widgets":"","ocean_shortcode_after_footer_widgets":"","ocean_shortcode_before_footer_bottom":"","ocean_shortcode_after_footer_bottom":"","ocean_display_top_bar":"default","ocean_display_header":"default","ocean_header_style":"","ocean_center_header_left_menu":"","ocean_custom_header_template":"","ocean_custom_logo":0,"ocean_custom_retina_logo":0,"ocean_custom_logo_max_width":0,"ocean_custom_logo_tablet_max_width":0,"ocean_custom_logo_mobile_max_width":0,"ocean_custom_logo_max_height":0,"ocean_custom_logo_tablet_max_height":0,"ocean_custom_logo_mobile_max_height":0,"ocean_header_custom_menu":"","ocean_menu_typo_font_family":"","ocean_menu_typo_font_subset":"","ocean_menu_typo_font_size":0,"ocean_menu_typo_font_size_tablet":0,"ocean_menu_typo_font_size_mobile":0,"ocean_menu_typo_font_size_unit":"px","ocean_menu_typo_font_weight":"","ocean_menu_typo_font_weight_tablet":"","ocean_menu_typo_font_weight_mobile":"","ocean_menu_typo_transform":"","ocean_menu_typo_transform_tablet":"","ocean_menu_typo_transform_mobile":"","ocean_menu_typo_line_height":0,"ocean_menu_typo_line_height_tablet":0,"ocean_menu_typo_line_height_mobile":0,"ocean_menu_typo_line_height_unit":"","ocean_menu_typo_spacing":0,"ocean_menu_typo_spacing_tablet":0,"ocean_menu_typo_spacing_mobile":0,"ocean_menu_typo_spacing_unit":"","ocean_menu_link_color":"","ocean_menu_link_color_hover":"","ocean_menu_link_color_active":"","ocean_menu_link_background":"","ocean_menu_link_hover_background":"","ocean_menu_link_active_background":"","ocean_menu_social_links_bg":"","ocean_menu_social_hover_links_bg":"","ocean_menu_social_links_color":"","ocean_menu_social_hover_links_color":"","ocean_disable_title":"default","ocean_disable_heading":"default","ocean_post_title":"","ocean_post_subheading":"","ocean_post_title_style":"","ocean_post_title_background_color":"","ocean_post_title_background":0,"ocean_post_title_bg_image_position":"","ocean_post_title_bg_image_attachment":"","ocean_post_title_bg_image_repeat":"","ocean_post_title_bg_image_size":"","ocean_post_title_height":0,"ocean_post_title_bg_overlay":0.5,"ocean_post_title_bg_overlay_color":"","ocean_disable_breadcrumbs":"default","ocean_breadcrumbs_color":"","ocean_breadcrumbs_separator_color":"","ocean_breadcrumbs_links_color":"","ocean_breadcrumbs_links_hover_color":"","ocean_display_footer_widgets":"default","ocean_display_footer_bottom":"default","ocean_custom_footer_template":"","ocean_post_oembed":"","ocean_post_self_hosted_media":"","ocean_post_video_embed":"","ocean_link_format":"","ocean_link_format_target":"self","ocean_quote_format":"","ocean_quote_format_link":"post","ocean_gallery_link_images":"on","ocean_gallery_id":[],"footnotes":""},"categories":[2,49,55],"tags":[],"class_list":["post-25052","post","type-post","status-publish","format-standard","hentry","category-legislacao","category-leis-municipais","category-leis-municipais-2018","entry"],"_links":{"self":[{"href":"https:\/\/lajes.rn.gov.br\/transparente\/index\/wp-json\/wp\/v2\/posts\/25052","targetHints":{"allow":["GET"]}}],"collection":[{"href":"https:\/\/lajes.rn.gov.br\/transparente\/index\/wp-json\/wp\/v2\/posts"}],"about":[{"href":"https:\/\/lajes.rn.gov.br\/transparente\/index\/wp-json\/wp\/v2\/types\/post"}],"author":[{"embeddable":true,"href":"https:\/\/lajes.rn.gov.br\/transparente\/index\/wp-json\/wp\/v2\/users\/3"}],"replies":[{"embeddable":true,"href":"https:\/\/lajes.rn.gov.br\/transparente\/index\/wp-json\/wp\/v2\/comments?post=25052"}],"version-history":[{"count":1,"href":"https:\/\/lajes.rn.gov.br\/transparente\/index\/wp-json\/wp\/v2\/posts\/25052\/revisions"}],"predecessor-version":[{"id":25053,"href":"https:\/\/lajes.rn.gov.br\/transparente\/index\/wp-json\/wp\/v2\/posts\/25052\/revisions\/25053"}],"wp:attachment":[{"href":"https:\/\/lajes.rn.gov.br\/transparente\/index\/wp-json\/wp\/v2\/media?parent=25052"}],"wp:term":[{"taxonomy":"category","embeddable":true,"href":"https:\/\/lajes.rn.gov.br\/transparente\/index\/wp-json\/wp\/v2\/categories?post=25052"},{"taxonomy":"post_tag","embeddable":true,"href":"https:\/\/lajes.rn.gov.br\/transparente\/index\/wp-json\/wp\/v2\/tags?post=25052"}],"curies":[{"name":"wp","href":"https:\/\/api.w.org\/{rel}","templated":true}]}}