{"id":25009,"date":"2019-12-23T12:46:24","date_gmt":"2019-12-23T15:46:24","guid":{"rendered":"https:\/\/lajes.rn.gov.br\/transparente\/index\/?p=25009"},"modified":"2023-02-13T12:47:33","modified_gmt":"2023-02-13T15:47:33","slug":"lei-municipal-no-851-2019-dispoe-sobre-alteracao-do-capitulo-iv-da-lei-no-500-2009-e-da-outras-providencias","status":"publish","type":"post","link":"https:\/\/lajes.rn.gov.br\/transparente\/index\/lei-municipal-no-851-2019-dispoe-sobre-alteracao-do-capitulo-iv-da-lei-no-500-2009-e-da-outras-providencias\/","title":{"rendered":"LEI MUNICIPAL N\u00ba 851\/2019 &#8211; Disp\u00f5e sobre altera\u00e7\u00e3o do Cap\u00edtulo IV da Lei n\u00ba 500\/2009 e d\u00e1 outras provid\u00eancias."},"content":{"rendered":"<p id=\"separador\" class=\"cabecalhoEstadoSeparador cabecalhoEstadoSeparador2\" style=\"text-align: center;\">ESTADO DO RIO GRANDE DO NORTE<br \/>\nPREFEITURA MUNICIPAL DE LAJES<\/p>\n<p class=\"cabecaorgao\" style=\"text-align: center;\">GABINETE DO PREFEITO<\/p>\n<hr \/>\n<div id=\"materia\" class=\"materia materia20091123 materia2\">\n<p>LEI MUNICIPAL N\u00ba 851\/2019<\/p>\n<div class=\"mat\"><\/div>\n<p>Disp\u00f5e sobre altera\u00e7\u00e3o do Cap\u00edtulo IV da Lei n\u00ba 500\/2009 e d\u00e1 outras provid\u00eancias.<\/p>\n<p>&nbsp;<\/p>\n<p><b>O PREFEITO MUNICIPAL DE LAJES,\u00a0<\/b>Estado do Rio Grande do Norte, Faz saber que a C\u00e2mara Municipal aprovou e eu sanciono a seguinte Lei<b>:<\/b><\/p>\n<p>&nbsp;<\/p>\n<p><b>Art. 1\u00ba<\/b>\u00a0&#8211; Fica alterado o Cap\u00edtulo IV da Lei 500\/2009, passando a vigorar a com a seguinte reda\u00e7\u00e3o:<\/p>\n<p>&nbsp;<\/p>\n<p><b>CAP\u00cdTULO IV<\/b><\/p>\n<p><b>SECRETARIA MUNICIPAL DO TRABALHO, HABITA\u00c7\u00c3O E ASSIST\u00caNCIA SOCIAL &#8211; SEMTHAS<\/b><\/p>\n<p>&nbsp;<\/p>\n<p><b>Art. 30 &#8211;<\/b>\u00a0A Secretaria Municipal do Trabalho, Habita\u00e7\u00e3o e Assist\u00eancia Social \u00e9 o \u00f3rg\u00e3o respons\u00e1vel pelas atividades de assist\u00eancia social aos habitantes do munic\u00edpio, bem como pela promo\u00e7\u00e3o do bem-estar e da melhoria das condi\u00e7\u00f5es de vida da sociedade, com \u00eanfase na habita\u00e7\u00e3o e na gera\u00e7\u00e3o de emprego e renda.<\/p>\n<p>&nbsp;<\/p>\n<p><b>Art. 31 &#8211;<\/b>\u00a0Ao Secret\u00e1rio Municipal do Trabalho, Habita\u00e7\u00e3o e Assist\u00eancia Social compete:<\/p>\n<p>&nbsp;<\/p>\n<p>I &#8211; Promover o levantamento dos principais problemas sociais, analisar e implementar as poss\u00edveis solu\u00e7\u00f5es;<\/p>\n<p>II &#8211; Elaborar programas de assist\u00eancia social e submet\u00ea-los \u00e0 aprecia\u00e7\u00e3o do Chefe do Executivo Municipal;<\/p>\n<p>III &#8211; Fiscalizar a aplica\u00e7\u00e3o de subven\u00e7\u00f5es concedidas a entidades de assist\u00eancia social, como tamb\u00e9m promover a coopera\u00e7\u00e3o do munic\u00edpio com \u00f3rg\u00e3os e entidades estaduais e federais, encarregadas do servi\u00e7o de assist\u00eancia social;<\/p>\n<p>IV &#8211; Promover a execu\u00e7\u00e3o de programas de educa\u00e7\u00e3o social e de assist\u00eancia aos menores, estudando e propondo crit\u00e9rios a serem adotados para a concess\u00e3o de aux\u00edlios e subven\u00e7\u00f5es \u00e0s entidades sociais e fiscalizar as suas aplica\u00e7\u00f5es;<\/p>\n<p>V &#8211; Promover o encaminhamento aos \u00f3rg\u00e3os de sa\u00fade, de pessoas necessitadas, como tamb\u00e9m contatar com a Secretaria Municipal de Educa\u00e7\u00e3o e Cultura, para em um trabalho conjunto prestar assist\u00eancia social aos estudantes carentes;<\/p>\n<p>VI &#8211; Elaborar e executar visitas de assistentes sociais \u00e0s fam\u00edlias carentes, estudando-lhes os casos e dando-lhes a orienta\u00e7\u00e3o ou solu\u00e7\u00e3o cab\u00edvel e poss\u00edvel;<\/p>\n<p>VII &#8211; Planejar e executar programas que visem a melhoria das condi\u00e7\u00f5es habitacionais da popula\u00e7\u00e3o;<\/p>\n<p>VIII &#8211; Planejar e executar a constru\u00e7\u00e3o de conjuntos habitacionais;<\/p>\n<p>IX &#8211; Planejar e viabilizar loteamentos urbanos;<\/p>\n<p>X &#8211; Elaborar contratos de aquisi\u00e7\u00e3o das casas populares e lotes urbanos;<\/p>\n<p>XI &#8211; Coordenar a distribui\u00e7\u00e3o das casas populares e lotes urbanos;<\/p>\n<p>XII &#8211; Exercer outras atividades correlatas, especialmente as que lhe forem atribu\u00eddas pelo Chefe do Executivo Municipal.<\/p>\n<p>XIII &#8211; Promover e capacitar agentes para sua inser\u00e7\u00e3o no mercado de trabalho;<\/p>\n<p>XIV &#8211; Buscar parcerias que visem introduzir novas formas de trabalho e gera\u00e7\u00e3o de emprego e renda;<\/p>\n<p>&nbsp;<\/p>\n<p><b>Par\u00e1grafo \u00danico &#8211;<\/b>\u00a0A Secretaria Municipal do Trabalho, Habita\u00e7\u00e3o e Assist\u00eancia Social e Habita\u00e7\u00e3o ter\u00e1 a seguinte estrutura:<\/p>\n<p>&nbsp;<\/p>\n<p>a) Secret\u00e1rio\/a Municipal;<\/p>\n<p>b) Secretaria\/o Adjunta;<\/p>\n<p>c) Chefe de Gabinete;<\/p>\n<p>d) Mestre de Obras.\u00a0<b>(Reda\u00e7\u00e3o dada pela Lei n\u00ba 535\/2011 de 27\/10\/11).<\/b><\/p>\n<p>&nbsp;<\/p>\n<p>Departamento de Assist\u00eancia Social:<\/p>\n<p>&nbsp;<\/p>\n<p>a) Coordenador de Prote\u00e7\u00e3o Social B\u00e1sica;<\/p>\n<p>b) Coordenador de Prote\u00e7\u00e3o Social Especial;<\/p>\n<p>c) Gestor Financeiro;<\/p>\n<p>d) Coordenador de Programas, Projetos, Servi\u00e7os e Benef\u00edcios;<\/p>\n<p>e) Coordenador de Gest\u00e3o do SUAS;<\/p>\n<p>f) Coordenadoria Administrativo do CRAS;<\/p>\n<p>g) Subcoordenadoria de Projetos Sociais;<\/p>\n<p>h) Coordenadoria de Programas Especiais;\u00a0<b>(Reda\u00e7\u00e3o dada pela Lei n\u00ba 607\/2014 de 12\/05\/14).<\/b><\/p>\n<p>&nbsp;<\/p>\n<p>Departamento de Habita\u00e7\u00e3o:<\/p>\n<p>a) Coordenadoria de Habita\u00e7\u00e3o;<\/p>\n<p>b) Subcoordenadoria de Projetos Habitacionais;<\/p>\n<p>&nbsp;<\/p>\n<p>Departamento de Trabalho e Emprego:<\/p>\n<p>a) Coordenadoria de Trabalho e Emprego;<\/p>\n<p>b) Subcoordenadoria de Gera\u00e7\u00e3o de Emprego e Renda;<\/p>\n<p>&nbsp;<\/p>\n<p><b>Art. 2\u00ba &#8211;\u00a0<\/b>Esta Lei entrar\u00e1 em vigor na data da sua publica\u00e7\u00e3o, revogadas as disposi\u00e7\u00f5es em contr\u00e1rio.<\/p>\n<p>&nbsp;<\/p>\n<p><b>Gabinete do Prefeito Municipal de Lajes\/RN, em 23 de Dezembro de 2019<\/b><\/p>\n<p>&nbsp;<\/p>\n<p><b><i>JOS\u00c9 MARQUES FERNANDES<\/i><\/b><\/p>\n<p>Prefeito Municipal<\/p>\n<p>&nbsp;<\/p>\n<p>ANEXO I<\/p>\n<p><b>COMPET\u00caNCIAS DE CADA \u00c1REA DA GEST\u00c3O DO SUAS<\/b><\/p>\n<p>&nbsp;<\/p>\n<table class=\"mat\" border=\"1\" cellspacing=\"0\" cellpadding=\"0\" align=\"left\">\n<tbody>\n<tr>\n<td width=\"142\"><b>FUN\u00c7\u00c3O<\/b><\/td>\n<td width=\"189\"><b>\u00c1REA<\/b><\/td>\n<td width=\"340\"><b>COMPET\u00caNCIAS<\/b><\/td>\n<\/tr>\n<tr>\n<td width=\"142\">Coordena\u00e7\u00e3o de Prote\u00e7\u00e3o Social B\u00e1sica<\/td>\n<td width=\"189\">Prote\u00e7\u00e3o Social B\u00e1sica<\/td>\n<td width=\"340\">Refere \u00e0 coordena\u00e7\u00e3o dos servi\u00e7os de Prote\u00e7\u00e3o Social B\u00e1sica no Munic\u00edpio: CRAS e SCFV.<\/p>\n<p>Sua finalidade \u00e9 promover o desenvolvimento de servi\u00e7os, programas, projetos e benef\u00edcios de prote\u00e7\u00e3o social b\u00e1sica tendo as seguintes atribui\u00e7\u00f5es: coordenar, planejar, implementar, acompanhar, monitorar e avaliar as a\u00e7\u00f5es de PSB; consolidar as a\u00e7\u00f5es da PSB nos territ\u00f3rios de abrang\u00eancia dos CRAS nas \u00e1rea priorizadas nesses territ\u00f3rios.<\/td>\n<\/tr>\n<tr>\n<td width=\"142\">Coordena\u00e7\u00e3o da Prote\u00e7\u00e3o Especial<\/td>\n<td width=\"189\">Prote\u00e7\u00e3o Social Especial \u2013 PSE<\/td>\n<td width=\"340\">Refere \u00e0 coordena\u00e7\u00e3o dos servi\u00e7os de m\u00e9dia complexidade.<\/p>\n<p>Suas atribui\u00e7\u00f5es s\u00e3o: coordenar, planejar, implementar, acompanhar, monitorar avaliar as a\u00e7\u00f5es de PSE no n\u00edvel de m\u00e9dia complexidade.<\/td>\n<\/tr>\n<tr>\n<td width=\"142\">Gestor Financeiro<\/td>\n<td width=\"189\">Gest\u00e3o Financeira e Or\u00e7amentaria<\/td>\n<td width=\"340\">A Gest\u00e3o Financeira e Or\u00e7amentaria, por meio da Gest\u00e3o Financeira, tem a compet\u00eancia de administrar e gerenciar o FMAS e recursos financeiros pr\u00f3prios, visando \u00e0 sustentabilidade t\u00e9cnica e operacional da assist\u00eancia social; elaborar estudos, an\u00e1lises e demonstrativos cont\u00e1beis, em conjunto com a Secretaria de Planejamento e Finan\u00e7as; elaborar a presta\u00e7\u00f5es de contas mensais e anuais disponibilizando aos \u00f3rg\u00e3os de controle externo.<\/td>\n<\/tr>\n<tr>\n<td width=\"142\">Gestor de Benef\u00edcios e Programas<\/td>\n<td width=\"189\">Gest\u00e3o de Programas, Servi\u00e7os, Benef\u00edcios e Transfer\u00eancia de Renda<\/td>\n<td width=\"340\">Sua Finalidade \u00e9 favorecer a gest\u00e3o dos benef\u00edcios assistenciais e dos programas de transfer\u00eancia de renda em \u00e2mbito municipal, bem como do Cadastro \u00danico para Programas Sociais, potencializando seus acesso pelas fam\u00edlias de baixa renda, conforme crit\u00e9rios legais vigentes.<\/td>\n<\/tr>\n<tr>\n<td width=\"142\">Gestor do SUAS<\/td>\n<td width=\"189\">Gest\u00e3o do SUAS com Compet\u00eancia de:<\/p>\n<p>Gest\u00e3o do Trabalho, Regula\u00e7\u00e3o do SUAS e Vigil\u00e2ncia Socioassistencial<\/td>\n<td width=\"340\">\u00c9 respons\u00e1vel pela coordena\u00e7\u00e3o, planejamento e execu\u00e7\u00e3o da Vigil\u00e2ncia Socioassistencial, da Gest\u00e3o do Trabalho e da Regula\u00e7\u00e3o do SUAS.<\/p>\n<p>Na Gest\u00e3o do Trabalho, tem como responsabilidade o processo gerencial dos trabalhadores do suas, a defini\u00e7\u00e3o de requisitos, compet\u00eancias e perfis profissionais para as responsabilidades de gest\u00e3o e de atendimento direto a popula\u00e7\u00e3o.<\/p>\n<p>Na Educa\u00e7\u00e3o Permanente sua fun\u00e7\u00e3o \u00e9 coordenar e executar as a\u00e7\u00f5es de capacita\u00e7\u00e3o profissional, na implementa\u00e7\u00e3o da educa\u00e7\u00e3o permanente de toda a rede socioassistencial do SUAS.<\/p>\n<p>Na Regula\u00e7\u00e3o do SUAS a responsabilidade pelo tratamento pol\u00edtico e regulat\u00f3rio \u00e0 gest\u00e3o das condi\u00e7\u00f5es t\u00e9cnicas, pol\u00edticas e institucionais em que s\u00e3o realizados o trabalho, a gest\u00e3o e o controle social, na formula\u00e7\u00e3o de instrumentos normativos relacionados \u00e0 Politica Municipal de Assist\u00eancia Social.<\/p>\n<p>A Vigil\u00e2ncia Socioassistencial \u00e9 respons\u00e1vel: pela produ\u00e7\u00e3o, sistematiza\u00e7\u00e3o e disponibiliza\u00e7\u00e3o de informa\u00e7\u00f5es territorialidades sobre as situa\u00e7\u00f5es de vulnerabilidades e risco que incidem sobre as fam\u00edlias e indiv\u00edduos.<\/td>\n<\/tr>\n<tr>\n<td width=\"142\">Coordenador de Habita\u00e7\u00e3o<\/td>\n<td width=\"189\">Departamento de Habita\u00e7\u00e3o<\/td>\n<td width=\"340\">A coordena\u00e7\u00e3o de Habita\u00e7\u00e3o compete gerir e executar a Pol\u00edtica Municipal da Habita\u00e7\u00e3o Social; promover a regulariza\u00e7\u00e3o Urban\u00edstica e Fundi\u00e1ria de Assentamentos Prec\u00e1rios, Loteamentos e Parcelamentos Irregulares; estabelecer conv\u00eanios e parcerias, com entidades p\u00fablicas ou privadas, nacionais e internacionais, necess\u00e1rios \u00e0 execu\u00e7\u00e3o de projetos, no \u00e2mbito da Secretaria.<\/td>\n<\/tr>\n<tr>\n<td width=\"142\">Coordenador de Trabalho e Emprego<\/td>\n<td width=\"189\">Departamento de Trabalho e Emprego<\/td>\n<td width=\"340\">Esta coordena\u00e7\u00e3o \u00e9 respons\u00e1vel pelo desenvolvimento das pol\u00edticas p\u00fablicas de trabalho, emprego e qualifica\u00e7\u00e3o profissional, no \u00e2mbito municipal, e garantir \u00e0 popula\u00e7\u00e3o os direitos e as condi\u00e7\u00f5es para exercer a cidadania com dignidade.<\/td>\n<\/tr>\n<tr>\n<td width=\"142\">Coordenador Administrativo do CRAS<\/td>\n<td width=\"189\">Prote\u00e7\u00e3o Social B\u00e1sica<\/td>\n<td width=\"340\">Perfil: Escolaridade m\u00ednima de n\u00edvel superior, com experi\u00eancia em gest\u00e3o p\u00fablica; dom\u00ednio da legisla\u00e7\u00e3o referente \u00e0 pol\u00edtica nacional de assist\u00eancia social e direitos sociais; conhecimento dos servi\u00e7os, programas, projetos e\/ou benef\u00edcios socioassistenciais; experi\u00eancia de coordena\u00e7\u00e3o de equipes, com habilidade de comunica\u00e7\u00e3o, de estabelecer rela\u00e7\u00f5es e negociar conflitos; com boa capacidade de gest\u00e3o, em especial para lidar com informa\u00e7\u00f5es, planejar, monitorar e acompanhar os servi\u00e7os socioassistenciais, bem como de gerenciar a rede socioassistencial local.<\/p>\n<p>Atribui\u00e7\u00f5es:<\/p>\n<p>\u2022 Articular, acompanhar e avaliar o processo de implanta\u00e7\u00e3o do CRAS e implementa\u00e7\u00e3o dos programas, servi\u00e7os, projetos de prote\u00e7\u00e3o social b\u00e1sica operacionalizadas nessa unidade; \u2022 Coordenar a execu\u00e7\u00e3o e o monitoramento dos, o registro de informa\u00e7\u00f5es e a avalia\u00e7\u00e3o das a\u00e7\u00f5es, programas, projetos, servi\u00e7os e benef\u00edcios;<\/p>\n<p>\u2022 Participar da elabora\u00e7\u00e3o, acompanhar e avaliar os fluxos e procedimentos para garantir a efetiva\u00e7\u00e3o da refer\u00eancia e contrarrefer\u00eancia;<\/p>\n<p>\u2022 Coordenar a execu\u00e7\u00e3o das a\u00e7\u00f5es, de forma a manter o di\u00e1logo e garantir a participa\u00e7\u00e3o dos profissionais, bem como das fam\u00edlias inseridas nos servi\u00e7os ofertados pelo CRAS e pela rede prestadora de servi\u00e7os no territ\u00f3rio;<\/p>\n<p>\u2022 Definir, com participa\u00e7\u00e3o da equipe de profissionais, os crit\u00e9rios de inclus\u00e3o, acompanhamento e desligamento das fam\u00edlias, dos servi\u00e7os ofertados no CRAS;<\/p>\n<p>\u2022 Coordenar a defini\u00e7\u00e3o, junto com a equipe de profissionais e representantes da rede socioassistencial do territ\u00f3rio, o fluxo de entrada, acompanhamento, monitoramento, avalia\u00e7\u00e3o e desligamento das fam\u00edlias e indiv\u00edduos nos servi\u00e7os de prote\u00e7\u00e3o social b\u00e1sica da rede socioassistencial referenciada ao CRAS;<\/p>\n<p>\u2022 Promover a articula\u00e7\u00e3o entre servi\u00e7os, transfer\u00eancia de renda e benef\u00edcios socioassistenciais na \u00e1rea de abrang\u00eancia do CRAS;<\/p>\n<p>\u2022 Definir, junto com a equipe t\u00e9cnica, os meios e as ferramentas te\u00f3rico-metodol\u00f3gicos de trabalho social com fam\u00edlias e dos servi\u00e7os de conviv\u00eancia;<\/p>\n<p>\u2022 Contribuir para avalia\u00e7\u00e3o, a ser feita pelo gestor, da efic\u00e1cia, efici\u00eancia e impactos dos programas, servi\u00e7os e projetos na qualidade de vida dos usu\u00e1rios;<\/p>\n<p>\u2022 Efetuar a\u00e7\u00f5es de mapeamento, articula\u00e7\u00e3o e potencializa\u00e7\u00e3o da rede socioassistencial no territ\u00f3rio de abrang\u00eancia do CRAS e fazer a gest\u00e3o local desta rede;<\/p>\n<p>\u2022 Efetuar a\u00e7\u00f5es de mapeamento e articula\u00e7\u00e3o das redes de apoio informais existentes no territ\u00f3rio (lideran\u00e7as comunit\u00e1rias, associa\u00e7\u00f5es de bairro);<\/p>\n<p>\u2022 Coordenar a alimenta\u00e7\u00e3o de sistemas de informa\u00e7\u00e3o de \u00e2mbito local e monitorar o envio regular e nos prazos, de informa\u00e7\u00f5es sobre os servi\u00e7os socioassistenciais referenciados, encaminhando-os \u00e0 Secretaria Municipal (ou do DF) de Assist\u00eancia Social;<\/p>\n<p>\u2022 Participar dos processos de articula\u00e7\u00e3o intersetorial no territ\u00f3rio do CRAS;<\/p>\n<p>\u2022 Averiguar as necessidades de capacita\u00e7\u00e3o da equipe de refer\u00eancia e informar a Secretaria de Assist\u00eancia Social (do munic\u00edpio ou do DF);<\/p>\n<p>\u2022 Planejar e coordenar o processo de busca ativa no territ\u00f3rio de abrang\u00eancia do CRAS, em conson\u00e2ncia com diretrizes da Secretaria de Assist\u00eancia Social (do munic\u00edpio ou do DF);<\/p>\n<p>\u2022 Participar das reuni\u00f5es de planejamento promovidas pela Secretaria de Assist\u00eancia Social (do munic\u00edpio ou do DF), contribuindo com sugest\u00f5es estrat\u00e9gicas para a melhoria dos servi\u00e7os a serem prestados;<\/p>\n<p>\u2022 Participar de reuni\u00f5es sistem\u00e1ticas na Secretaria Municipal, com presen\u00e7a de coordenadores de outro(s) CRAS (quando for o caso) e de coordenador(es) do CREAS (ou, na aus\u00eancia deste, de representante da prote\u00e7\u00e3o especial).<\/td>\n<\/tr>\n<\/tbody>\n<\/table>\n<p>&nbsp;<\/p>\n<p>ANEXO II<\/p>\n<p>&nbsp;<\/p>\n<p><b><u>Anexo da Lei Municipal n\u00ba 500\/2009<\/u><\/b><\/p>\n<p>Alterado pela Lei Municipal n\u00ba 569\/2013<\/p>\n<p>&nbsp;<\/p>\n<p><b>SECRETARIA MUN. DO TRABALHO, HABITA\u00c7\u00c3O E ASSISTENCIA SOCIAL<\/b><\/p>\n<p>&nbsp;<\/p>\n<table class=\"mat\" border=\"1\" cellspacing=\"0\" cellpadding=\"0\" align=\"left\">\n<tbody>\n<tr>\n<td width=\"51\"><b>N.\u00ba<\/b><\/td>\n<td width=\"387\"><b>NOME<\/b><\/td>\n<td width=\"66\"><b>CARGO<\/b><\/td>\n<td width=\"132\"><b>Venc. B\u00e1sico<\/b><\/td>\n<td width=\"57\"><b>QTDE<\/b><\/td>\n<\/tr>\n<tr>\n<td width=\"51\">1<\/td>\n<td width=\"387\">SECRET\u00c1RIO MUNICIPAL<\/td>\n<td width=\"66\">CC-1<\/td>\n<td width=\"132\">R$ 4.100,00<\/td>\n<td width=\"57\">1<\/td>\n<\/tr>\n<tr>\n<td width=\"51\">2<\/td>\n<td width=\"387\">SECRET\u00c1RIO ADJUNTO<\/td>\n<td width=\"66\">CC-2<\/td>\n<td width=\"132\">R$ 1.500,00<\/td>\n<td width=\"57\">1<\/td>\n<\/tr>\n<tr>\n<td width=\"51\">3<\/td>\n<td width=\"387\">CHEFE DE GABINETE<\/td>\n<td width=\"66\">CC-3<\/td>\n<td width=\"132\">R$ 1.250,00<\/td>\n<td width=\"57\">1<\/td>\n<\/tr>\n<tr>\n<td width=\"51\">4<\/td>\n<td width=\"387\">MESTRE DE OBRAS<\/td>\n<td width=\"66\">CC-3<\/td>\n<td width=\"132\">R$ 1.250,00<\/td>\n<td width=\"57\">1<\/td>\n<\/tr>\n<tr>\n<td width=\"51\">5<\/td>\n<td width=\"387\">COORD. DE PROTE\u00c7\u00c3O SOCIAL B\u00c1SICA<\/td>\n<td width=\"66\">CC-4<\/td>\n<td width=\"132\">R$ 1.000,00<\/td>\n<td width=\"57\">1<\/td>\n<\/tr>\n<tr>\n<td width=\"51\">6<\/td>\n<td width=\"387\">COORD. DE PROTE\u00c7\u00c3O SOCIAL ESPECIAL<\/td>\n<td width=\"66\">CC-4<\/td>\n<td width=\"132\">R$ 1.000,00<\/td>\n<td width=\"57\">1<\/td>\n<\/tr>\n<tr>\n<td width=\"51\">7<\/td>\n<td width=\"387\">GESTOR FINANCEIRO<\/td>\n<td width=\"66\">CC-4<\/td>\n<td width=\"132\">R$ 1.000,00<\/td>\n<td width=\"57\">1<\/td>\n<\/tr>\n<tr>\n<td width=\"51\">8<\/td>\n<td width=\"387\">COORD. DE PROGRAMAS, PROJETOS, SERVI\u00c7OS E BENEFICIOS<\/td>\n<td width=\"66\">CC-4<\/td>\n<td width=\"132\">R$ 1.000,00<\/td>\n<td width=\"57\">1<\/td>\n<\/tr>\n<tr>\n<td width=\"51\">9<\/td>\n<td width=\"387\">COORD. DE GEST\u00c3O DO SUAS<\/td>\n<td width=\"66\">CC-4<\/td>\n<td width=\"132\">R$ 1.000,00<\/td>\n<td width=\"57\">1<\/td>\n<\/tr>\n<tr>\n<td width=\"51\">10<\/td>\n<td width=\"387\">COORD. ADMINISTRATIVO DO CRAS<\/td>\n<td width=\"66\">CC-4<\/td>\n<td width=\"132\">R$ 1.000,00<\/td>\n<td width=\"57\">2<\/td>\n<\/tr>\n<tr>\n<td width=\"51\">11<\/td>\n<td width=\"387\">SUBCOORD. DE PROJETOS SOCIAIS<\/td>\n<td width=\"66\">CC-5<\/td>\n<td width=\"132\">R$ 800,00<\/td>\n<td width=\"57\">1<\/td>\n<\/tr>\n<tr>\n<td width=\"51\">12<\/td>\n<td width=\"387\">COORD. DE PROGRAMAS ESPECIAIS<\/td>\n<td width=\"66\">CC-4<\/td>\n<td width=\"132\">R$ 1.000,00<\/td>\n<td width=\"57\">1<\/td>\n<\/tr>\n<tr>\n<td width=\"51\">13<\/td>\n<td width=\"387\">COORD. DE HABITA\u00c7\u00c3O<\/td>\n<td width=\"66\">CC-4<\/td>\n<td width=\"132\">R$ 1.000,00<\/td>\n<td width=\"57\">1<\/td>\n<\/tr>\n<tr>\n<td width=\"51\">14<\/td>\n<td width=\"387\">SUBCOORD. DE PROJETOS HABITACIONAIS<\/td>\n<td width=\"66\">CC-5<\/td>\n<td width=\"132\">R$ 800,00<\/td>\n<td width=\"57\">1<\/td>\n<\/tr>\n<tr>\n<td width=\"51\">15<\/td>\n<td width=\"387\">COORD. DE TRABALHO E EMPREGO<\/td>\n<td width=\"66\">CC-4<\/td>\n<td width=\"132\">R$ 1.000,00<\/td>\n<td width=\"57\">1<\/td>\n<\/tr>\n<tr>\n<td width=\"51\">16<\/td>\n<td width=\"387\">SUBCOORD. GERA\u00c7\u00c3O DE EMPREGO E RENDA<\/td>\n<td width=\"66\">CC-5<\/td>\n<td width=\"132\">R$ 800,00<\/td>\n<td width=\"57\">1<\/td>\n<\/tr>\n<\/tbody>\n<\/table>\n<div align=\"right\"><\/div>\n<\/div>\n<div class=\"pdfprnt-buttons pdfprnt-buttons-post pdfprnt-bottom-right\"><a href=\"https:\/\/lajes.rn.gov.br\/transparente\/index\/wp-json\/wp\/v2\/posts\/25009?print=pdf\" class=\"pdfprnt-button pdfprnt-button-pdf\" target=\"_blank\" ><img decoding=\"async\" src=\"https:\/\/lajes.rn.gov.br\/transparente\/index\/wp-content\/plugins\/pdf-print\/images\/pdf.png\" alt=\"image_pdf\" title=\"Ver PDF\" \/><\/a><a href=\"https:\/\/lajes.rn.gov.br\/transparente\/index\/wp-json\/wp\/v2\/posts\/25009?print=print\" class=\"pdfprnt-button pdfprnt-button-print\" target=\"_blank\" ><img decoding=\"async\" src=\"https:\/\/lajes.rn.gov.br\/transparente\/index\/wp-content\/plugins\/pdf-print\/images\/print.png\" alt=\"image_print\" title=\"Conte\u00fado de impress\u00e3o\" \/><\/a><\/div>","protected":false},"excerpt":{"rendered":"<p>ESTADO DO RIO GRANDE DO NORTE PREFEITURA MUNICIPAL DE LAJES GABINETE DO PREFEITO LEI MUNICIPAL N\u00ba 851\/2019 Disp\u00f5e sobre altera\u00e7\u00e3o do Cap\u00edtulo IV da Lei n\u00ba 500\/2009 e d\u00e1 outras provid\u00eancias. &nbsp; O PREFEITO MUNICIPAL DE LAJES,\u00a0Estado do Rio Grande do Norte, Faz saber que a C\u00e2mara Municipal aprovou e eu sanciono a seguinte Lei: [&hellip;]<\/p>\n","protected":false},"author":3,"featured_media":0,"comment_status":"closed","ping_status":"closed","sticky":false,"template":"","format":"standard","meta":{"ocean_post_layout":"","ocean_both_sidebars_style":"","ocean_both_sidebars_content_width":0,"ocean_both_sidebars_sidebars_width":0,"ocean_sidebar":"","ocean_second_sidebar":"","ocean_disable_margins":"enable","ocean_add_body_class":"","ocean_shortcode_before_top_bar":"","ocean_shortcode_after_top_bar":"","ocean_shortcode_before_header":"","ocean_shortcode_after_header":"","ocean_has_shortcode":"","ocean_shortcode_after_title":"","ocean_shortcode_before_footer_widgets":"","ocean_shortcode_after_footer_widgets":"","ocean_shortcode_before_footer_bottom":"","ocean_shortcode_after_footer_bottom":"","ocean_display_top_bar":"default","ocean_display_header":"default","ocean_header_style":"","ocean_center_header_left_menu":"","ocean_custom_header_template":"","ocean_custom_logo":0,"ocean_custom_retina_logo":0,"ocean_custom_logo_max_width":0,"ocean_custom_logo_tablet_max_width":0,"ocean_custom_logo_mobile_max_width":0,"ocean_custom_logo_max_height":0,"ocean_custom_logo_tablet_max_height":0,"ocean_custom_logo_mobile_max_height":0,"ocean_header_custom_menu":"","ocean_menu_typo_font_family":"","ocean_menu_typo_font_subset":"","ocean_menu_typo_font_size":0,"ocean_menu_typo_font_size_tablet":0,"ocean_menu_typo_font_size_mobile":0,"ocean_menu_typo_font_size_unit":"px","ocean_menu_typo_font_weight":"","ocean_menu_typo_font_weight_tablet":"","ocean_menu_typo_font_weight_mobile":"","ocean_menu_typo_transform":"","ocean_menu_typo_transform_tablet":"","ocean_menu_typo_transform_mobile":"","ocean_menu_typo_line_height":0,"ocean_menu_typo_line_height_tablet":0,"ocean_menu_typo_line_height_mobile":0,"ocean_menu_typo_line_height_unit":"","ocean_menu_typo_spacing":0,"ocean_menu_typo_spacing_tablet":0,"ocean_menu_typo_spacing_mobile":0,"ocean_menu_typo_spacing_unit":"","ocean_menu_link_color":"","ocean_menu_link_color_hover":"","ocean_menu_link_color_active":"","ocean_menu_link_background":"","ocean_menu_link_hover_background":"","ocean_menu_link_active_background":"","ocean_menu_social_links_bg":"","ocean_menu_social_hover_links_bg":"","ocean_menu_social_links_color":"","ocean_menu_social_hover_links_color":"","ocean_disable_title":"default","ocean_disable_heading":"default","ocean_post_title":"","ocean_post_subheading":"","ocean_post_title_style":"","ocean_post_title_background_color":"","ocean_post_title_background":0,"ocean_post_title_bg_image_position":"","ocean_post_title_bg_image_attachment":"","ocean_post_title_bg_image_repeat":"","ocean_post_title_bg_image_size":"","ocean_post_title_height":0,"ocean_post_title_bg_overlay":0.5,"ocean_post_title_bg_overlay_color":"","ocean_disable_breadcrumbs":"default","ocean_breadcrumbs_color":"","ocean_breadcrumbs_separator_color":"","ocean_breadcrumbs_links_color":"","ocean_breadcrumbs_links_hover_color":"","ocean_display_footer_widgets":"default","ocean_display_footer_bottom":"default","ocean_custom_footer_template":"","ocean_post_oembed":"","ocean_post_self_hosted_media":"","ocean_post_video_embed":"","ocean_link_format":"","ocean_link_format_target":"self","ocean_quote_format":"","ocean_quote_format_link":"post","ocean_gallery_link_images":"on","ocean_gallery_id":[],"footnotes":""},"categories":[2,49,56],"tags":[],"class_list":["post-25009","post","type-post","status-publish","format-standard","hentry","category-legislacao","category-leis-municipais","category-leis-municipais-2019","entry"],"_links":{"self":[{"href":"https:\/\/lajes.rn.gov.br\/transparente\/index\/wp-json\/wp\/v2\/posts\/25009","targetHints":{"allow":["GET"]}}],"collection":[{"href":"https:\/\/lajes.rn.gov.br\/transparente\/index\/wp-json\/wp\/v2\/posts"}],"about":[{"href":"https:\/\/lajes.rn.gov.br\/transparente\/index\/wp-json\/wp\/v2\/types\/post"}],"author":[{"embeddable":true,"href":"https:\/\/lajes.rn.gov.br\/transparente\/index\/wp-json\/wp\/v2\/users\/3"}],"replies":[{"embeddable":true,"href":"https:\/\/lajes.rn.gov.br\/transparente\/index\/wp-json\/wp\/v2\/comments?post=25009"}],"version-history":[{"count":1,"href":"https:\/\/lajes.rn.gov.br\/transparente\/index\/wp-json\/wp\/v2\/posts\/25009\/revisions"}],"predecessor-version":[{"id":25010,"href":"https:\/\/lajes.rn.gov.br\/transparente\/index\/wp-json\/wp\/v2\/posts\/25009\/revisions\/25010"}],"wp:attachment":[{"href":"https:\/\/lajes.rn.gov.br\/transparente\/index\/wp-json\/wp\/v2\/media?parent=25009"}],"wp:term":[{"taxonomy":"category","embeddable":true,"href":"https:\/\/lajes.rn.gov.br\/transparente\/index\/wp-json\/wp\/v2\/categories?post=25009"},{"taxonomy":"post_tag","embeddable":true,"href":"https:\/\/lajes.rn.gov.br\/transparente\/index\/wp-json\/wp\/v2\/tags?post=25009"}],"curies":[{"name":"wp","href":"https:\/\/api.w.org\/{rel}","templated":true}]}}