{"id":24999,"date":"2019-11-21T12:39:43","date_gmt":"2019-11-21T15:39:43","guid":{"rendered":"https:\/\/lajes.rn.gov.br\/transparente\/index\/?p=24999"},"modified":"2023-02-13T12:40:59","modified_gmt":"2023-02-13T15:40:59","slug":"lei-municipal-no-846-2019-autoriza-o-poder-executivo-municipal-a-implantar-em-lajes-o-programa-municipal-de-incentivo-a-avicultura-de-lajes-promial","status":"publish","type":"post","link":"https:\/\/lajes.rn.gov.br\/transparente\/index\/lei-municipal-no-846-2019-autoriza-o-poder-executivo-municipal-a-implantar-em-lajes-o-programa-municipal-de-incentivo-a-avicultura-de-lajes-promial\/","title":{"rendered":"LEI MUNICIPAL N\u00ba 846\/2019 &#8211; Autoriza o Poder Executivo Municipal a implantar em lajes, o Programa Municipal de Incentivo \u00e0 Avicultura de Lajes \u2013 PROMIAL."},"content":{"rendered":"<div id=\"separador\" class=\"cabecalhoEstadoSeparador cabecalhoEstadoSeparador1\">\n<p style=\"text-align: center;\"><strong>ESTADO DO RIO GRANDE DO NORTE<\/strong><br \/>\n<strong>PREFEITURA MUNICIPAL DE LAJES<\/strong><\/p>\n<\/div>\n<p class=\"cabecaorgao\" style=\"text-align: center;\"><strong>GABINETE DO PREFEITO<\/strong><\/p>\n<hr \/>\n<div id=\"materia\" class=\"materia materia20091123 materia1\">\n<p>LEI MUNICIPAL N\u00ba 846\/2019<\/p>\n<div class=\"mat\">Autoriza o Poder Executivo Municipal a implantar em lajes, o Programa Municipal de Incentivo \u00e0 Avicultura de Lajes \u2013 PROMIAL.<\/div>\n<p>&nbsp;<\/p>\n<p>O\u00a0<b>PREFEITO MUNICIPAL DE LAJES-RN<\/b>\u00a0faz saber, no uso das atribui\u00e7\u00f5es legais que lhe s\u00e3o conferidas pela Lei Org\u00e2nica, eu sanciono a seguinte Lei:<\/p>\n<p>&nbsp;<\/p>\n<p><b>Art. 1\u00ba<\/b>\u00a0&#8211; Fica o Poder Executivo Municipal autorizado a implantar no Munic\u00edpio de Lajes, o Programa Municipal de Incentivo \u00e0 Avicultura de Lajes \u2013 PROMIAL, nas condi\u00e7\u00f5es fixadas na presente Lei.<\/p>\n<p>&nbsp;<\/p>\n<p><b>Art. 2\u00ba<\/b>\u00a0&#8211; O Programa Municipal de Incentivo \u00e0 Avicultura, sob a coordena\u00e7\u00e3o da Secretaria Municipal de Agricultura e Meio Ambiente, tem como objetivos principais:<\/p>\n<p>&nbsp;<\/p>\n<p>I &#8211; Estimular a organiza\u00e7\u00e3o e o desenvolvimento da cadeia produtiva da avicultura extensiva de corte e postura nas comunidades rurais e Assentamentos do nosso munic\u00edpio, visando contribuir para melhoria da qualidade de vida e a perman\u00eancia das fam\u00edlias no campo;<\/p>\n<p>II &#8211; Fornecer aos produtores, atrav\u00e9s de parcerias, pintos destinados a corte ou postura a pre\u00e7os subsidiados;<\/p>\n<p>III &#8211; Garantir pintos com um dia de vida devidamente vacinados e em bom estado de sanidade;<\/p>\n<p>IV &#8211; Capacitar os produtores atrav\u00e9s de parcerias com entidades p\u00fablicas e privadas, entre elas SENAR e SEBRAE, no intuito de viabilizar as adequa\u00e7\u00f5es necess\u00e1rias na propriedade para novas atividades, aliado a visitas t\u00e9cnicas para implanta\u00e7\u00e3o e acompanhamento do Projeto;<\/p>\n<p>V &#8211; Apoiar o desenvolvimento de parceiros para garantir a comercializa\u00e7\u00e3o dos produtos;<\/p>\n<p>VI &#8211; Garantir uma melhoria na alimenta\u00e7\u00e3o familiar;<\/p>\n<p>VII Desenvolver mecanismos para diminui\u00e7\u00e3o nos custos dos insumos, tais como: Capacita\u00e7\u00e3o para produ\u00e7\u00e3o de ra\u00e7\u00f5es, compras coletivas, dentre outras a\u00e7\u00f5es.<\/p>\n<p>&nbsp;<\/p>\n<p>Par\u00e1grafo \u00danico: O subs\u00eddio a que se refere o inciso II deste artigo, que compreende o valor que ficar\u00e1 a cargo do Munic\u00edpio para a aquisi\u00e7\u00e3o das aves ser\u00e1 de at\u00e9 50% (cinquenta por cento) do valor de compra destas.<\/p>\n<p>&nbsp;<\/p>\n<p><b>Art. 3\u00ba<\/b>\u00a0&#8211; O Poder Executivo Municipal dever\u00e1 para o cumprimento dos objetivos do programa:<\/p>\n<p>&nbsp;<\/p>\n<p>I. Elaborar materiais t\u00e9cnicos (cartilhas) visando orientar os avicultores;<\/p>\n<p>II. Realizar o cadastro dos avicultores com a finalidade de selecion\u00e1-los para ades\u00e3o ao programa;<\/p>\n<p>III. Definir um Coordenador respons\u00e1vel pelo programa e um respons\u00e1vel t\u00e9cnico pelo projeto nas unidades familiares.<\/p>\n<p>IV. Visitar as propriedades selecionadas para presta\u00e7\u00e3o de orienta\u00e7\u00f5es t\u00e9cnicas sobre a avicultura.<\/p>\n<p>&nbsp;<\/p>\n<p><b>Par\u00e1grafo \u00danico<\/b>: Os Quantitativos dos insumos e materiais a serem empregados na execu\u00e7\u00e3o do Programa Municipal de Incentivo \u00e0 Avicultura de LAJES \u2013 PROMIAL ser\u00e3o determinados em cada exerc\u00edcio.<\/p>\n<p>&nbsp;<\/p>\n<p><b>Art. 4\u00ba<\/b>\u00a0&#8211; Ser\u00e3o beneficiados por este programa os produtores rurais domiciliados no munic\u00edpio de Lajes, enquadrados como agricultores, filiados e n\u00e3o filiados em Associa\u00e7\u00f5es, Cooperativas e Sindicatos, respeitando-se os seguintes crit\u00e9rios:<\/p>\n<p>&nbsp;<\/p>\n<p>I. O benefici\u00e1rio ser um agricultor familiar;<\/p>\n<p>II. Atender prioritariamente uma pessoa por unidade familiar;<\/p>\n<p>III. Possuir cadastro junto a Secretaria Municipal de Agricultura de Lajes;<\/p>\n<p>IV. O produtor beneficiado s\u00f3 poder\u00e1 realizar uma nova compra a cada dois meses, ap\u00f3s a visita e o parecer do respons\u00e1vel t\u00e9cnico pelo projeto.<\/p>\n<p>V Apresentar a documenta\u00e7\u00e3o exigida para cadastramento nos seguintes termos:<\/p>\n<p>&nbsp;<\/p>\n<p>a) Para a compra de pessoa f\u00edsica (individual): Apresenta\u00e7\u00e3o do RG, CPF;<\/p>\n<p>b) Para a compra de pessoa jur\u00eddica (coletiva): CNPJ, Lista de Filiados atualizada, Ata da \u00faltima Elei\u00e7\u00e3o;<\/p>\n<p>&nbsp;<\/p>\n<p><b>Art. 5\u00ba<\/b>\u00a0&#8211; A aquisi\u00e7\u00e3o de aves por meio do PROMIAL respeitar\u00e1 os seguintes limites:<\/p>\n<p>&nbsp;<\/p>\n<p>I Compra individual por produtor n\u00e3o associado: Cota \u00fanica de 100 (Cem) pintos.<\/p>\n<p>II Compra coletiva atrav\u00e9s de Associa\u00e7\u00e3o\/Cooperativa: M\u00ednimo 100 (cem) pintos, M\u00e1ximo 500 (quinhentos) pintos.<\/p>\n<p>&nbsp;<\/p>\n<p><b>Art. 6\u00ba<\/b>\u00a0\u2013 Fica o Poder Executivo autorizado, atrav\u00e9s da Secretaria Municipal de Agricultura e Meio Ambiente a criar dota\u00e7\u00e3o or\u00e7ament\u00e1ria, no valor de 13.000,00 (treze mil reais), destinado a custear despesas do Programa de incentivo \u00e0 Avicultura \u2013 PROMIAL.<\/p>\n<p>&nbsp;<\/p>\n<p><b>Art. 7\u00ba<\/b>\u00a0\u2013 Esta Lei entra em vigor na data de sua publica\u00e7\u00e3o.<\/p>\n<p>&nbsp;<\/p>\n<p><b><em>Lajes\/RN, 21 de Novembro de 2019.<\/em><\/b><\/p>\n<p><b><em>\u00a0<\/em><\/b><\/p>\n<p>&nbsp;<\/p>\n<p><b><i>JOS\u00c9 MARQUES FERNANDES<\/i><\/b><\/p>\n<p><b><i><\/i><\/b>&nbsp;<\/p>\n<p>Prefeito Municipal<b><em>\u00a0<\/em><\/b><\/p>\n<\/div>\n<div class=\"pdfprnt-buttons pdfprnt-buttons-post pdfprnt-bottom-right\"><a href=\"https:\/\/lajes.rn.gov.br\/transparente\/index\/wp-json\/wp\/v2\/posts\/24999?print=pdf\" class=\"pdfprnt-button pdfprnt-button-pdf\" target=\"_blank\" ><img decoding=\"async\" src=\"https:\/\/lajes.rn.gov.br\/transparente\/index\/wp-content\/plugins\/pdf-print\/images\/pdf.png\" alt=\"image_pdf\" title=\"Ver PDF\" \/><\/a><a href=\"https:\/\/lajes.rn.gov.br\/transparente\/index\/wp-json\/wp\/v2\/posts\/24999?print=print\" class=\"pdfprnt-button pdfprnt-button-print\" target=\"_blank\" ><img decoding=\"async\" src=\"https:\/\/lajes.rn.gov.br\/transparente\/index\/wp-content\/plugins\/pdf-print\/images\/print.png\" alt=\"image_print\" title=\"Conte\u00fado de impress\u00e3o\" \/><\/a><\/div>","protected":false},"excerpt":{"rendered":"<p>ESTADO DO RIO GRANDE DO NORTE PREFEITURA MUNICIPAL DE LAJES GABINETE DO PREFEITO LEI MUNICIPAL N\u00ba 846\/2019 Autoriza o Poder Executivo Municipal a implantar em lajes, o Programa Municipal de Incentivo \u00e0 Avicultura de Lajes \u2013 PROMIAL. &nbsp; O\u00a0PREFEITO MUNICIPAL DE LAJES-RN\u00a0faz saber, no uso das atribui\u00e7\u00f5es legais que lhe s\u00e3o conferidas pela Lei Org\u00e2nica, [&hellip;]<\/p>\n","protected":false},"author":3,"featured_media":0,"comment_status":"closed","ping_status":"closed","sticky":false,"template":"","format":"standard","meta":{"ocean_post_layout":"","ocean_both_sidebars_style":"","ocean_both_sidebars_content_width":0,"ocean_both_sidebars_sidebars_width":0,"ocean_sidebar":"","ocean_second_sidebar":"","ocean_disable_margins":"enable","ocean_add_body_class":"","ocean_shortcode_before_top_bar":"","ocean_shortcode_after_top_bar":"","ocean_shortcode_before_header":"","ocean_shortcode_after_header":"","ocean_has_shortcode":"","ocean_shortcode_after_title":"","ocean_shortcode_before_footer_widgets":"","ocean_shortcode_after_footer_widgets":"","ocean_shortcode_before_footer_bottom":"","ocean_shortcode_after_footer_bottom":"","ocean_display_top_bar":"default","ocean_display_header":"default","ocean_header_style":"","ocean_center_header_left_menu":"","ocean_custom_header_template":"","ocean_custom_logo":0,"ocean_custom_retina_logo":0,"ocean_custom_logo_max_width":0,"ocean_custom_logo_tablet_max_width":0,"ocean_custom_logo_mobile_max_width":0,"ocean_custom_logo_max_height":0,"ocean_custom_logo_tablet_max_height":0,"ocean_custom_logo_mobile_max_height":0,"ocean_header_custom_menu":"","ocean_menu_typo_font_family":"","ocean_menu_typo_font_subset":"","ocean_menu_typo_font_size":0,"ocean_menu_typo_font_size_tablet":0,"ocean_menu_typo_font_size_mobile":0,"ocean_menu_typo_font_size_unit":"px","ocean_menu_typo_font_weight":"","ocean_menu_typo_font_weight_tablet":"","ocean_menu_typo_font_weight_mobile":"","ocean_menu_typo_transform":"","ocean_menu_typo_transform_tablet":"","ocean_menu_typo_transform_mobile":"","ocean_menu_typo_line_height":0,"ocean_menu_typo_line_height_tablet":0,"ocean_menu_typo_line_height_mobile":0,"ocean_menu_typo_line_height_unit":"","ocean_menu_typo_spacing":0,"ocean_menu_typo_spacing_tablet":0,"ocean_menu_typo_spacing_mobile":0,"ocean_menu_typo_spacing_unit":"","ocean_menu_link_color":"","ocean_menu_link_color_hover":"","ocean_menu_link_color_active":"","ocean_menu_link_background":"","ocean_menu_link_hover_background":"","ocean_menu_link_active_background":"","ocean_menu_social_links_bg":"","ocean_menu_social_hover_links_bg":"","ocean_menu_social_links_color":"","ocean_menu_social_hover_links_color":"","ocean_disable_title":"default","ocean_disable_heading":"default","ocean_post_title":"","ocean_post_subheading":"","ocean_post_title_style":"","ocean_post_title_background_color":"","ocean_post_title_background":0,"ocean_post_title_bg_image_position":"","ocean_post_title_bg_image_attachment":"","ocean_post_title_bg_image_repeat":"","ocean_post_title_bg_image_size":"","ocean_post_title_height":0,"ocean_post_title_bg_overlay":0.5,"ocean_post_title_bg_overlay_color":"","ocean_disable_breadcrumbs":"default","ocean_breadcrumbs_color":"","ocean_breadcrumbs_separator_color":"","ocean_breadcrumbs_links_color":"","ocean_breadcrumbs_links_hover_color":"","ocean_display_footer_widgets":"default","ocean_display_footer_bottom":"default","ocean_custom_footer_template":"","ocean_post_oembed":"","ocean_post_self_hosted_media":"","ocean_post_video_embed":"","ocean_link_format":"","ocean_link_format_target":"self","ocean_quote_format":"","ocean_quote_format_link":"post","ocean_gallery_link_images":"on","ocean_gallery_id":[],"footnotes":""},"categories":[2,49,56],"tags":[],"class_list":["post-24999","post","type-post","status-publish","format-standard","hentry","category-legislacao","category-leis-municipais","category-leis-municipais-2019","entry"],"_links":{"self":[{"href":"https:\/\/lajes.rn.gov.br\/transparente\/index\/wp-json\/wp\/v2\/posts\/24999","targetHints":{"allow":["GET"]}}],"collection":[{"href":"https:\/\/lajes.rn.gov.br\/transparente\/index\/wp-json\/wp\/v2\/posts"}],"about":[{"href":"https:\/\/lajes.rn.gov.br\/transparente\/index\/wp-json\/wp\/v2\/types\/post"}],"author":[{"embeddable":true,"href":"https:\/\/lajes.rn.gov.br\/transparente\/index\/wp-json\/wp\/v2\/users\/3"}],"replies":[{"embeddable":true,"href":"https:\/\/lajes.rn.gov.br\/transparente\/index\/wp-json\/wp\/v2\/comments?post=24999"}],"version-history":[{"count":1,"href":"https:\/\/lajes.rn.gov.br\/transparente\/index\/wp-json\/wp\/v2\/posts\/24999\/revisions"}],"predecessor-version":[{"id":25000,"href":"https:\/\/lajes.rn.gov.br\/transparente\/index\/wp-json\/wp\/v2\/posts\/24999\/revisions\/25000"}],"wp:attachment":[{"href":"https:\/\/lajes.rn.gov.br\/transparente\/index\/wp-json\/wp\/v2\/media?parent=24999"}],"wp:term":[{"taxonomy":"category","embeddable":true,"href":"https:\/\/lajes.rn.gov.br\/transparente\/index\/wp-json\/wp\/v2\/categories?post=24999"},{"taxonomy":"post_tag","embeddable":true,"href":"https:\/\/lajes.rn.gov.br\/transparente\/index\/wp-json\/wp\/v2\/tags?post=24999"}],"curies":[{"name":"wp","href":"https:\/\/api.w.org\/{rel}","templated":true}]}}