{"id":24997,"date":"2019-11-21T12:37:41","date_gmt":"2019-11-21T15:37:41","guid":{"rendered":"https:\/\/lajes.rn.gov.br\/transparente\/index\/?p=24997"},"modified":"2023-02-13T12:39:25","modified_gmt":"2023-02-13T15:39:25","slug":"lei-municipal-no-844-2019-dispoe-sobre-a-obrigatoriedade-da-apresentacao-da-carteira-de-vacinacao-para-matricula-de-criancas-na-rede-de-ensino-no-municipio-e-da-outras-providencias","status":"publish","type":"post","link":"https:\/\/lajes.rn.gov.br\/transparente\/index\/lei-municipal-no-844-2019-dispoe-sobre-a-obrigatoriedade-da-apresentacao-da-carteira-de-vacinacao-para-matricula-de-criancas-na-rede-de-ensino-no-municipio-e-da-outras-providencias\/","title":{"rendered":"LEI MUNICIPAL N\u00ba 844\/2019 &#8211; Disp\u00f5e sobre a obrigatoriedade da apresenta\u00e7\u00e3o da carteira de vacina\u00e7\u00e3o para matr\u00edcula de crian\u00e7as na rede de ensino no munic\u00edpio e d\u00e1 outras provid\u00eancias."},"content":{"rendered":"<div id=\"separador\" class=\"cabecalhoEstadoSeparador cabecalhoEstadoSeparador1\">\n<p style=\"text-align: center;\"><strong>ESTADO DO RIO GRANDE DO NORTE<\/strong><br \/>\n<strong>PREFEITURA MUNICIPAL DE LAJES<\/strong><\/p>\n<\/div>\n<p class=\"cabecaorgao\" style=\"text-align: center;\"><strong>GABINETE DO PREFEITO<\/strong><\/p>\n<hr \/>\n<div id=\"materia\" class=\"materia materia20091123 materia1\">\n<p>LEI MUNICIPAL N\u00ba 844\/2019<\/p>\n<div class=\"mat\">Disp\u00f5e sobre a obrigatoriedade da apresenta\u00e7\u00e3o da carteira de vacina\u00e7\u00e3o para matr\u00edcula de crian\u00e7as na rede de ensino no munic\u00edpio e d\u00e1 outras provid\u00eancias.<\/div>\n<p>&nbsp;<\/p>\n<p><b>A C\u00c2MARA MUNICIPAL DE LAJES APROVOU, E EU PREFEITO MUNICIPAL SANCIONO A SEGUINTE LEI<\/b>:<\/p>\n<p>&nbsp;<\/p>\n<p><b>Art. 1\u00b0<\/b>\u00a0&#8211; As escolas da Rede P\u00fablica e Particular de ensino do Munic\u00edpio dever\u00e3o exigir dos pais ou respons\u00e1veis pelos alunos com idade at\u00e9 9 anos de idade, no ato da matr\u00edcula ou rematr\u00edcula escolar, a apresenta\u00e7\u00e3o da Carteira de Vacina\u00e7\u00e3o dos alunos, devidamente atualizada.<\/p>\n<p>&nbsp;<\/p>\n<p><b>Art. 2\u00b0<\/b>\u00a0&#8211; Os pais ou respons\u00e1veis pelos alunos que n\u00e3o estiverem com a Carteira de Vacina\u00e7\u00e3o em ordem ser\u00e3o notificados no ato da matr\u00edcula para procederem a devida regulariza\u00e7\u00e3o da mesma.<\/p>\n<p>\u00a7 1\u00b0 &#8211; Caso o aluno n\u00e3o esteja em dia com as vacinas, os pais dever\u00e3o providenciar a atualiza\u00e7\u00e3o num per\u00edodo de 30 dias.<\/p>\n<p>\u00a7 2\u00b0 &#8211; Se a vacina\u00e7\u00e3o n\u00e3o for observada no prazo estipulado no par\u00e1grafo anterior, n\u00e3o impossibilitar\u00e1 a matr\u00edcula, salvo se a rede p\u00fablica de sa\u00fade n\u00e3o oferecer condi\u00e7\u00f5es de atendimento nesse per\u00edodo. Ficando automaticamente prorrogado o prazo at\u00e9 que se efetive a vacina\u00e7\u00e3o.<\/p>\n<p>\u00a7 3\u00b0 &#8211; O cart\u00e3o de Vacina\u00e7\u00e3o dever\u00e1 estar atualizado, em todos os itens de acompanhamento, no ato da apresenta\u00e7\u00e3o para matr\u00edcula, sendo que quanto \u00e0 situa\u00e7\u00e3o vacinal, as crian\u00e7as dever\u00e3o estar imunizadas com todas as vacinas contidas no calend\u00e1rio b\u00e1sico de imuniza\u00e7\u00e3o.<\/p>\n<p>&nbsp;<\/p>\n<p><b>Art. 3\u00b0<\/b>\u00a0&#8211; Os casos de descumprimento da presente lei por parte dos pais ou respons\u00e1veis pelos alunos, ser\u00e3o encaminhados ao Conselho Tutelar e a Secretaria de Sa\u00fade para as provid\u00eancias cab\u00edveis.<\/p>\n<p>&nbsp;<\/p>\n<p><b>Art. 4\u00ba<\/b>\u00a0&#8211; Esta lei entra em vigor na data de sua publica\u00e7\u00e3o.<\/p>\n<p>&nbsp;<\/p>\n<p><b>Art. 5\u00b0<\/b>\u00a0&#8211; Revogam-se as disposi\u00e7\u00f5es em contr\u00e1rio.<\/p>\n<p>&nbsp;<\/p>\n<p>Lajes\/RN, 21 de Novembro de 2019.<\/p>\n<p>&nbsp;<\/p>\n<p>&nbsp;<\/p>\n<p><b><i>JOS\u00c9 MARQUES FERNANDES<\/i><\/b><\/p>\n<p><b><i><\/i><\/b>&nbsp;<\/p>\n<p>Prefeito Municipal<\/p>\n<\/div>\n<div class=\"pdfprnt-buttons pdfprnt-buttons-post pdfprnt-bottom-right\"><a href=\"https:\/\/lajes.rn.gov.br\/transparente\/index\/wp-json\/wp\/v2\/posts\/24997?print=pdf\" class=\"pdfprnt-button pdfprnt-button-pdf\" target=\"_blank\" ><img decoding=\"async\" src=\"https:\/\/lajes.rn.gov.br\/transparente\/index\/wp-content\/plugins\/pdf-print\/images\/pdf.png\" alt=\"image_pdf\" title=\"Ver PDF\" \/><\/a><a href=\"https:\/\/lajes.rn.gov.br\/transparente\/index\/wp-json\/wp\/v2\/posts\/24997?print=print\" class=\"pdfprnt-button pdfprnt-button-print\" target=\"_blank\" ><img decoding=\"async\" src=\"https:\/\/lajes.rn.gov.br\/transparente\/index\/wp-content\/plugins\/pdf-print\/images\/print.png\" alt=\"image_print\" title=\"Conte\u00fado de impress\u00e3o\" \/><\/a><\/div>","protected":false},"excerpt":{"rendered":"<p>ESTADO DO RIO GRANDE DO NORTE PREFEITURA MUNICIPAL DE LAJES GABINETE DO PREFEITO LEI MUNICIPAL N\u00ba 844\/2019 Disp\u00f5e sobre a obrigatoriedade da apresenta\u00e7\u00e3o da carteira de vacina\u00e7\u00e3o para matr\u00edcula de crian\u00e7as na rede de ensino no munic\u00edpio e d\u00e1 outras provid\u00eancias. &nbsp; A C\u00c2MARA MUNICIPAL DE LAJES APROVOU, E EU PREFEITO MUNICIPAL SANCIONO A SEGUINTE [&hellip;]<\/p>\n","protected":false},"author":3,"featured_media":0,"comment_status":"closed","ping_status":"closed","sticky":false,"template":"","format":"standard","meta":{"ocean_post_layout":"","ocean_both_sidebars_style":"","ocean_both_sidebars_content_width":0,"ocean_both_sidebars_sidebars_width":0,"ocean_sidebar":"","ocean_second_sidebar":"","ocean_disable_margins":"enable","ocean_add_body_class":"","ocean_shortcode_before_top_bar":"","ocean_shortcode_after_top_bar":"","ocean_shortcode_before_header":"","ocean_shortcode_after_header":"","ocean_has_shortcode":"","ocean_shortcode_after_title":"","ocean_shortcode_before_footer_widgets":"","ocean_shortcode_after_footer_widgets":"","ocean_shortcode_before_footer_bottom":"","ocean_shortcode_after_footer_bottom":"","ocean_display_top_bar":"default","ocean_display_header":"default","ocean_header_style":"","ocean_center_header_left_menu":"","ocean_custom_header_template":"","ocean_custom_logo":0,"ocean_custom_retina_logo":0,"ocean_custom_logo_max_width":0,"ocean_custom_logo_tablet_max_width":0,"ocean_custom_logo_mobile_max_width":0,"ocean_custom_logo_max_height":0,"ocean_custom_logo_tablet_max_height":0,"ocean_custom_logo_mobile_max_height":0,"ocean_header_custom_menu":"","ocean_menu_typo_font_family":"","ocean_menu_typo_font_subset":"","ocean_menu_typo_font_size":0,"ocean_menu_typo_font_size_tablet":0,"ocean_menu_typo_font_size_mobile":0,"ocean_menu_typo_font_size_unit":"px","ocean_menu_typo_font_weight":"","ocean_menu_typo_font_weight_tablet":"","ocean_menu_typo_font_weight_mobile":"","ocean_menu_typo_transform":"","ocean_menu_typo_transform_tablet":"","ocean_menu_typo_transform_mobile":"","ocean_menu_typo_line_height":0,"ocean_menu_typo_line_height_tablet":0,"ocean_menu_typo_line_height_mobile":0,"ocean_menu_typo_line_height_unit":"","ocean_menu_typo_spacing":0,"ocean_menu_typo_spacing_tablet":0,"ocean_menu_typo_spacing_mobile":0,"ocean_menu_typo_spacing_unit":"","ocean_menu_link_color":"","ocean_menu_link_color_hover":"","ocean_menu_link_color_active":"","ocean_menu_link_background":"","ocean_menu_link_hover_background":"","ocean_menu_link_active_background":"","ocean_menu_social_links_bg":"","ocean_menu_social_hover_links_bg":"","ocean_menu_social_links_color":"","ocean_menu_social_hover_links_color":"","ocean_disable_title":"default","ocean_disable_heading":"default","ocean_post_title":"","ocean_post_subheading":"","ocean_post_title_style":"","ocean_post_title_background_color":"","ocean_post_title_background":0,"ocean_post_title_bg_image_position":"","ocean_post_title_bg_image_attachment":"","ocean_post_title_bg_image_repeat":"","ocean_post_title_bg_image_size":"","ocean_post_title_height":0,"ocean_post_title_bg_overlay":0.5,"ocean_post_title_bg_overlay_color":"","ocean_disable_breadcrumbs":"default","ocean_breadcrumbs_color":"","ocean_breadcrumbs_separator_color":"","ocean_breadcrumbs_links_color":"","ocean_breadcrumbs_links_hover_color":"","ocean_display_footer_widgets":"default","ocean_display_footer_bottom":"default","ocean_custom_footer_template":"","ocean_post_oembed":"","ocean_post_self_hosted_media":"","ocean_post_video_embed":"","ocean_link_format":"","ocean_link_format_target":"self","ocean_quote_format":"","ocean_quote_format_link":"post","ocean_gallery_link_images":"on","ocean_gallery_id":[],"footnotes":""},"categories":[2,49,56],"tags":[],"class_list":["post-24997","post","type-post","status-publish","format-standard","hentry","category-legislacao","category-leis-municipais","category-leis-municipais-2019","entry"],"_links":{"self":[{"href":"https:\/\/lajes.rn.gov.br\/transparente\/index\/wp-json\/wp\/v2\/posts\/24997","targetHints":{"allow":["GET"]}}],"collection":[{"href":"https:\/\/lajes.rn.gov.br\/transparente\/index\/wp-json\/wp\/v2\/posts"}],"about":[{"href":"https:\/\/lajes.rn.gov.br\/transparente\/index\/wp-json\/wp\/v2\/types\/post"}],"author":[{"embeddable":true,"href":"https:\/\/lajes.rn.gov.br\/transparente\/index\/wp-json\/wp\/v2\/users\/3"}],"replies":[{"embeddable":true,"href":"https:\/\/lajes.rn.gov.br\/transparente\/index\/wp-json\/wp\/v2\/comments?post=24997"}],"version-history":[{"count":1,"href":"https:\/\/lajes.rn.gov.br\/transparente\/index\/wp-json\/wp\/v2\/posts\/24997\/revisions"}],"predecessor-version":[{"id":24998,"href":"https:\/\/lajes.rn.gov.br\/transparente\/index\/wp-json\/wp\/v2\/posts\/24997\/revisions\/24998"}],"wp:attachment":[{"href":"https:\/\/lajes.rn.gov.br\/transparente\/index\/wp-json\/wp\/v2\/media?parent=24997"}],"wp:term":[{"taxonomy":"category","embeddable":true,"href":"https:\/\/lajes.rn.gov.br\/transparente\/index\/wp-json\/wp\/v2\/categories?post=24997"},{"taxonomy":"post_tag","embeddable":true,"href":"https:\/\/lajes.rn.gov.br\/transparente\/index\/wp-json\/wp\/v2\/tags?post=24997"}],"curies":[{"name":"wp","href":"https:\/\/api.w.org\/{rel}","templated":true}]}}