{"id":24985,"date":"2019-09-02T12:21:26","date_gmt":"2019-09-02T15:21:26","guid":{"rendered":"https:\/\/lajes.rn.gov.br\/transparente\/index\/?p=24985"},"modified":"2023-02-13T12:22:24","modified_gmt":"2023-02-13T15:22:24","slug":"lei-municipal-no-833-2019-abre-ao-orcamento-geral-do-municipio-lei-n-797-de-20-de-novembro-de-2018-credito-especial-no-valor-global-de-r-100-00000-cem-mil-reais","status":"publish","type":"post","link":"https:\/\/lajes.rn.gov.br\/transparente\/index\/lei-municipal-no-833-2019-abre-ao-orcamento-geral-do-municipio-lei-n-797-de-20-de-novembro-de-2018-credito-especial-no-valor-global-de-r-100-00000-cem-mil-reais\/","title":{"rendered":"LEI MUNICIPAL N\u00ba 833\/2019 &#8211; Abre ao Or\u00e7amento Geral do Munic\u00edpio, Lei N\u00b0 797 de 20 de novembro de 2018, cr\u00e9dito especial no valor global de R$ 100.000,00 (cem mil reais)."},"content":{"rendered":"<div id=\"separador\" class=\"cabecalhoEstadoSeparador cabecalhoEstadoSeparador1\">\n<p style=\"text-align: center;\"><strong>ESTADO DO RIO GRANDE DO NORTE<\/strong><br \/>\n<strong>PREFEITURA MUNICIPAL DE LAJES<\/strong><\/p>\n<\/div>\n<p class=\"cabecaorgao\" style=\"text-align: center;\"><strong>GABINETE DO PREFEITO<\/strong><\/p>\n<hr \/>\n<div id=\"materia\" class=\"materia materia20091123 materia1\">\n<p>LEI MUNICIPAL N\u00ba 833\/2019<\/p>\n<div class=\"mat\"><\/div>\n<p>Abre ao Or\u00e7amento Geral do Munic\u00edpio, Lei N\u00b0 797 de 20 de novembro de 2018, cr\u00e9dito especial no valor global de R$ 100.000,00 (cem mil reais).<\/p>\n<p>&nbsp;<\/p>\n<p>O Prefeito Municipal de Lajes, no uso de suas atribui\u00e7\u00f5es legais, nos termos da Lei N\u00b0 797 de 20 de novembro de 2018, e artigos 42 e 43 da Lei 4320\/64, faz saber que a C\u00e2mara Municipal aprovou e ele sanciona e promulga a seguinte Lei.<\/p>\n<p>&nbsp;<\/p>\n<p><b>Art. 1\u00ba<\/b>\u00a0&#8211; Fica aberto ao Or\u00e7amento Geral do Munic\u00edpio Lei N\u00b0 797 de 20 de novembro de 2018, cr\u00e9dito especial no valor global de R$ 100.000,00 (cem mil reais), para atender \u00e0s programa\u00e7\u00f5es constantes do Anexo I desta Lei.<\/p>\n<p>&nbsp;<\/p>\n<p><b>Art. 2\u00ba<\/b>\u00a0&#8211; Fica autorizada a inclus\u00e3o no PPA, LEI N\u00ba 789\/2017, de 27 de dezembro de 2017, previsto para o quadri\u00eanio 2018\/2021, e no Programa: 0106 \u2013 Esporte e Lazer na Cidade, Projeto\/Atividade: 1.016 \u2013 Constru\u00e7\u00e3o e Reforma do Est\u00e1dio Municipal, por ocasi\u00e3o da abertura do cr\u00e9dito especial.<\/p>\n<p>&nbsp;<\/p>\n<p><b>Art. 3\u00ba<\/b>\u00a0&#8211; Os recursos necess\u00e1rios \u00e0 abertura do cr\u00e9dito de que trata o art. 1\u00ba decorrem de remanejamento or\u00e7ament\u00e1rio, conforme Anexo II desta Lei.<\/p>\n<p>&nbsp;<\/p>\n<p><b>Art. 4\u00aa<\/b>\u00a0&#8211; Esta lei entra em vigor na data de sua publica\u00e7\u00e3o, revogando-se as disposi\u00e7\u00f5es em contr\u00e1rio.<\/p>\n<p>&nbsp;<\/p>\n<p><b>Gabinete do Prefeito Municipal de Lajes\/RN, em 02 de Setembro de 2019.<\/b><\/p>\n<p>&nbsp;<\/p>\n<p>&nbsp;<\/p>\n<p><b><i>JOSE MARQUES FERNANDES<\/i><\/b><\/p>\n<p><b><i><\/i><\/b>&nbsp;<\/p>\n<p>Prefeito Municipal<\/p>\n<p>&nbsp;<\/p>\n<p><b>ANEXO I<\/b><\/p>\n<p>&nbsp;<\/p>\n<p>ORG\u00c3O:\u00a0<b>02 \u2013 PODER EXECUTIVO<\/b><\/p>\n<p>UNIDADE OR\u00c7AMENTARIA:\u00a0<b>009\u2013 SECRETARIA MUNICIPAL DE ESPORTE E LAZER<\/b><\/p>\n<p>FUN\u00c7\u00c3O:\u00a0<b>27 \u2013 DESPORTO E LAZER<\/b><\/p>\n<p>SUBFUN\u00c7\u00c3O:\u00a0<b>812 \u2013 DESPORTO COMUNIT\u00c1RIO<\/b><\/p>\n<p>PROGRAMA:\u00a0<b>0106 \u2013 ESPORTE E LAZER NA CIDADE<\/b><\/p>\n<p>PROJETO\/ATIVIDADE:\u00a0<b>1.016 \u2013 CONSTRU\u00c7\u00c3O E REFORMA DO EST\u00c1DIO MUNICIPAL<\/b><\/p>\n<p>&nbsp;<\/p>\n<table class=\"mat\" border=\"1\" cellspacing=\"0\" cellpadding=\"0\" align=\"left\">\n<tbody>\n<tr>\n<td width=\"127\"><b>CODIGO<\/b><\/td>\n<td width=\"354\"><b>ELEMENTO DE DESPESA<\/b><\/td>\n<td width=\"132\"><b>VALOR<\/b><\/td>\n<\/tr>\n<tr>\n<td width=\"127\">4.4.90.51.00.00<\/td>\n<td width=\"354\">Obras e Instala\u00e7\u00f5es<\/td>\n<td width=\"132\">100.000,00<\/td>\n<\/tr>\n<tr>\n<td colspan=\"2\" width=\"482\"><b>TOTAL<\/b><\/td>\n<td width=\"132\"><b>100.000,00<\/b><\/td>\n<\/tr>\n<\/tbody>\n<\/table>\n<p>&nbsp;<\/p>\n<p><b>ANEXO II<\/b><\/p>\n<p>&nbsp;<\/p>\n<p>ORG\u00c3O:\u00a0<b>02 \u2013 PODER EXECUTIVO<\/b><\/p>\n<p>UNIDADE OR\u00c7AMENTARIA:\u00a0<b>009\u2013 SECRETARIA MUNICIPAL DE ESPORTE E LAZER<\/b><\/p>\n<p>FUN\u00c7\u00c3O:\u00a0<b>27 \u2013 DESPORTO E LAZER<\/b><\/p>\n<p>SUBFUN\u00c7\u00c3O:\u00a0<b>812 \u2013 DESPORTO COMUNIT\u00c1RIO<\/b><\/p>\n<p>PROGRAMA:\u00a0<b>0106 \u2013 ESPORTE E LAZER NA CIDADE<\/b><\/p>\n<p>PROJETO\/ATIVIDADE:\u00a0<b>1.084 \u2013 CONSTRU\u00c7\u00c3O DE QUADRA ESPORTIVA COBERTA<\/b><\/p>\n<p>&nbsp;<\/p>\n<table class=\"mat\" border=\"1\" cellspacing=\"0\" cellpadding=\"0\" align=\"left\">\n<tbody>\n<tr>\n<td width=\"127\"><b>CODIGO<\/b><\/td>\n<td width=\"354\"><b>ELEMENTO DE DESPESA<\/b><\/td>\n<td width=\"132\"><b>VALOR<\/b><\/td>\n<\/tr>\n<tr>\n<td width=\"127\">4.4.90.51.00.00<\/td>\n<td width=\"354\">Obras e Instala\u00e7\u00f5es<\/td>\n<td width=\"132\">100.000,00<\/td>\n<\/tr>\n<tr>\n<td colspan=\"2\" width=\"482\"><b>TOTAL<\/b><\/td>\n<td width=\"132\"><b>100.000,00<\/b><\/td>\n<\/tr>\n<\/tbody>\n<\/table>\n<p>&nbsp;<\/p>\n<p>&nbsp;<\/p>\n<p><b><i>JOSE MARQUES FERNANDES<\/i><\/b><\/p>\n<p><b><i><\/i><\/b>&nbsp;<\/p>\n<p>Prefeito Municipal<\/p>\n<\/div>\n<div class=\"pdfprnt-buttons pdfprnt-buttons-post pdfprnt-bottom-right\"><a href=\"https:\/\/lajes.rn.gov.br\/transparente\/index\/wp-json\/wp\/v2\/posts\/24985?print=pdf\" class=\"pdfprnt-button pdfprnt-button-pdf\" target=\"_blank\" ><img decoding=\"async\" src=\"https:\/\/lajes.rn.gov.br\/transparente\/index\/wp-content\/plugins\/pdf-print\/images\/pdf.png\" alt=\"image_pdf\" title=\"Ver PDF\" \/><\/a><a href=\"https:\/\/lajes.rn.gov.br\/transparente\/index\/wp-json\/wp\/v2\/posts\/24985?print=print\" class=\"pdfprnt-button pdfprnt-button-print\" target=\"_blank\" ><img decoding=\"async\" src=\"https:\/\/lajes.rn.gov.br\/transparente\/index\/wp-content\/plugins\/pdf-print\/images\/print.png\" alt=\"image_print\" title=\"Conte\u00fado de impress\u00e3o\" \/><\/a><\/div>","protected":false},"excerpt":{"rendered":"<p>ESTADO DO RIO GRANDE DO NORTE PREFEITURA MUNICIPAL DE LAJES GABINETE DO PREFEITO LEI MUNICIPAL N\u00ba 833\/2019 Abre ao Or\u00e7amento Geral do Munic\u00edpio, Lei N\u00b0 797 de 20 de novembro de 2018, cr\u00e9dito especial no valor global de R$ 100.000,00 (cem mil reais). &nbsp; O Prefeito Municipal de Lajes, no uso de suas atribui\u00e7\u00f5es legais, [&hellip;]<\/p>\n","protected":false},"author":3,"featured_media":0,"comment_status":"closed","ping_status":"closed","sticky":false,"template":"","format":"standard","meta":{"ocean_post_layout":"","ocean_both_sidebars_style":"","ocean_both_sidebars_content_width":0,"ocean_both_sidebars_sidebars_width":0,"ocean_sidebar":"","ocean_second_sidebar":"","ocean_disable_margins":"enable","ocean_add_body_class":"","ocean_shortcode_before_top_bar":"","ocean_shortcode_after_top_bar":"","ocean_shortcode_before_header":"","ocean_shortcode_after_header":"","ocean_has_shortcode":"","ocean_shortcode_after_title":"","ocean_shortcode_before_footer_widgets":"","ocean_shortcode_after_footer_widgets":"","ocean_shortcode_before_footer_bottom":"","ocean_shortcode_after_footer_bottom":"","ocean_display_top_bar":"default","ocean_display_header":"default","ocean_header_style":"","ocean_center_header_left_menu":"","ocean_custom_header_template":"","ocean_custom_logo":0,"ocean_custom_retina_logo":0,"ocean_custom_logo_max_width":0,"ocean_custom_logo_tablet_max_width":0,"ocean_custom_logo_mobile_max_width":0,"ocean_custom_logo_max_height":0,"ocean_custom_logo_tablet_max_height":0,"ocean_custom_logo_mobile_max_height":0,"ocean_header_custom_menu":"","ocean_menu_typo_font_family":"","ocean_menu_typo_font_subset":"","ocean_menu_typo_font_size":0,"ocean_menu_typo_font_size_tablet":0,"ocean_menu_typo_font_size_mobile":0,"ocean_menu_typo_font_size_unit":"px","ocean_menu_typo_font_weight":"","ocean_menu_typo_font_weight_tablet":"","ocean_menu_typo_font_weight_mobile":"","ocean_menu_typo_transform":"","ocean_menu_typo_transform_tablet":"","ocean_menu_typo_transform_mobile":"","ocean_menu_typo_line_height":0,"ocean_menu_typo_line_height_tablet":0,"ocean_menu_typo_line_height_mobile":0,"ocean_menu_typo_line_height_unit":"","ocean_menu_typo_spacing":0,"ocean_menu_typo_spacing_tablet":0,"ocean_menu_typo_spacing_mobile":0,"ocean_menu_typo_spacing_unit":"","ocean_menu_link_color":"","ocean_menu_link_color_hover":"","ocean_menu_link_color_active":"","ocean_menu_link_background":"","ocean_menu_link_hover_background":"","ocean_menu_link_active_background":"","ocean_menu_social_links_bg":"","ocean_menu_social_hover_links_bg":"","ocean_menu_social_links_color":"","ocean_menu_social_hover_links_color":"","ocean_disable_title":"default","ocean_disable_heading":"default","ocean_post_title":"","ocean_post_subheading":"","ocean_post_title_style":"","ocean_post_title_background_color":"","ocean_post_title_background":0,"ocean_post_title_bg_image_position":"","ocean_post_title_bg_image_attachment":"","ocean_post_title_bg_image_repeat":"","ocean_post_title_bg_image_size":"","ocean_post_title_height":0,"ocean_post_title_bg_overlay":0.5,"ocean_post_title_bg_overlay_color":"","ocean_disable_breadcrumbs":"default","ocean_breadcrumbs_color":"","ocean_breadcrumbs_separator_color":"","ocean_breadcrumbs_links_color":"","ocean_breadcrumbs_links_hover_color":"","ocean_display_footer_widgets":"default","ocean_display_footer_bottom":"default","ocean_custom_footer_template":"","ocean_post_oembed":"","ocean_post_self_hosted_media":"","ocean_post_video_embed":"","ocean_link_format":"","ocean_link_format_target":"self","ocean_quote_format":"","ocean_quote_format_link":"post","ocean_gallery_link_images":"on","ocean_gallery_id":[],"footnotes":""},"categories":[2,49,56],"tags":[],"class_list":["post-24985","post","type-post","status-publish","format-standard","hentry","category-legislacao","category-leis-municipais","category-leis-municipais-2019","entry"],"_links":{"self":[{"href":"https:\/\/lajes.rn.gov.br\/transparente\/index\/wp-json\/wp\/v2\/posts\/24985","targetHints":{"allow":["GET"]}}],"collection":[{"href":"https:\/\/lajes.rn.gov.br\/transparente\/index\/wp-json\/wp\/v2\/posts"}],"about":[{"href":"https:\/\/lajes.rn.gov.br\/transparente\/index\/wp-json\/wp\/v2\/types\/post"}],"author":[{"embeddable":true,"href":"https:\/\/lajes.rn.gov.br\/transparente\/index\/wp-json\/wp\/v2\/users\/3"}],"replies":[{"embeddable":true,"href":"https:\/\/lajes.rn.gov.br\/transparente\/index\/wp-json\/wp\/v2\/comments?post=24985"}],"version-history":[{"count":1,"href":"https:\/\/lajes.rn.gov.br\/transparente\/index\/wp-json\/wp\/v2\/posts\/24985\/revisions"}],"predecessor-version":[{"id":24986,"href":"https:\/\/lajes.rn.gov.br\/transparente\/index\/wp-json\/wp\/v2\/posts\/24985\/revisions\/24986"}],"wp:attachment":[{"href":"https:\/\/lajes.rn.gov.br\/transparente\/index\/wp-json\/wp\/v2\/media?parent=24985"}],"wp:term":[{"taxonomy":"category","embeddable":true,"href":"https:\/\/lajes.rn.gov.br\/transparente\/index\/wp-json\/wp\/v2\/categories?post=24985"},{"taxonomy":"post_tag","embeddable":true,"href":"https:\/\/lajes.rn.gov.br\/transparente\/index\/wp-json\/wp\/v2\/tags?post=24985"}],"curies":[{"name":"wp","href":"https:\/\/api.w.org\/{rel}","templated":true}]}}