{"id":24983,"date":"2019-07-11T12:20:23","date_gmt":"2019-07-11T15:20:23","guid":{"rendered":"https:\/\/lajes.rn.gov.br\/transparente\/index\/?p=24983"},"modified":"2023-02-13T12:21:16","modified_gmt":"2023-02-13T15:21:16","slug":"lei-municipal-no-830-2019-institui-a-politica-de-mobilidade-sustentavel-e-incentivo-ao-uso-de-bicicletas-e-da-outras-providencias","status":"publish","type":"post","link":"https:\/\/lajes.rn.gov.br\/transparente\/index\/lei-municipal-no-830-2019-institui-a-politica-de-mobilidade-sustentavel-e-incentivo-ao-uso-de-bicicletas-e-da-outras-providencias\/","title":{"rendered":"LEI MUNICIPAL N\u00ba 830\/2019 &#8211; Institui a Pol\u00edtica de Mobilidade Sustent\u00e1vel e Incentivo ao Uso de Bicicletas e d\u00e1 Outras Providencias."},"content":{"rendered":"<div id=\"separador\" class=\"cabecalhoEstadoSeparador cabecalhoEstadoSeparador1\">\n<p style=\"text-align: center;\"><strong>ESTADO DO RIO GRANDE DO NORTE<\/strong><br \/>\n<strong>PREFEITURA MUNICIPAL DE LAJES<\/strong><\/p>\n<\/div>\n<p class=\"cabecaorgao\" style=\"text-align: center;\"><strong>GABINETE DO PREFEITO<\/strong><\/p>\n<hr \/>\n<div id=\"materia\" class=\"materia materia20091123 materia1\">\n<p>LEI MUNICIPAL N\u00ba 830\/2019<\/p>\n<div class=\"mat\">Institui a Pol\u00edtica de Mobilidade Sustent\u00e1vel e Incentivo ao Uso de Bicicletas e d\u00e1 Outras Providencias.<\/div>\n<p>&nbsp;<\/p>\n<p><b>O PREFEITO MUNICIPAL DE LAJES\/RN,\u00a0<\/b>no uso de suas atribui\u00e7\u00f5es que lhe s\u00e3o conferidas pela Lei Org\u00e2nica Municipal, faz saber que a C\u00e2mara Municipal aprovou e eu sanciono a seguinte Lei.<\/p>\n<p>&nbsp;<\/p>\n<p><b>Art. 1\u00ba<\/b>\u00a0&#8211; Fica institu\u00edda a Pol\u00edtica de Mobilidade Sustent\u00e1vel e de incentivos ao uso da bicicleta no \u00e2mbito do munic\u00edpio de Lajes.<\/p>\n<p><b>Par\u00e1grafo \u00fanico<\/b>: O incentivo ao uso da bicicleta como forma de mobilidade urbana visa prioriza-la como meio de transporte n\u00e3o motorizado e promover a melhoria do transito.<\/p>\n<p><b>Art. 2\u00ba<\/b>\u00a0&#8211; A execu\u00e7\u00e3o da Pol\u00edtica de que trata esta lei se dar\u00e1:<\/p>\n<p>I \u2013 Promo\u00e7\u00e3o de a\u00e7\u00f5es e projetos em favor de ciclistas, a fim de melhorar as condi\u00e7\u00f5es para o seu deslocamento e seguran\u00e7a;<\/p>\n<p>II \u2013 Integra\u00e7\u00e3o da bicicleta ao sistema de transporte existente no munic\u00edpio;<\/p>\n<p>III \u2013 Promo\u00e7\u00e3o de a\u00e7\u00f5es e projetos em favor de ciclistas, a fim de melhorar as condi\u00e7\u00f5es para o seu deslocamento e seguran\u00e7a;<\/p>\n<p><b>Art. 3\u00ba<\/b>\u00a0&#8211; S\u00e3o objetivos desta Lei, entre outros:<\/p>\n<p>I \u2013 Possibilitar a redu\u00e7\u00e3o do uso de autom\u00f3vel nos trajetos de curta dist\u00e2ncia;<\/p>\n<p>II \u2013 Estimular o uso de bicicleta como meio de transporte alternativo e sustent\u00e1vel;<\/p>\n<p>III \u2013 Criar atitude favor\u00e1vel aos deslocamentos ciclo vi\u00e1rios;<\/p>\n<p>IV \u2013 Promover a bicicleta como modalidade de deslocamento urbano eficiente saud\u00e1vel e ecologicamente correto;<\/p>\n<p>VI \u2013 Estimular a conex\u00e3o entre cidades, por meio de rotas seguras para o deslocamento ciclo vi\u00e1rio, voltadas para o treinamento dos atletas, turismo e o lazer.<\/p>\n<p><b>Par\u00e1grafo \u00danico<\/b>: Para fins de promo\u00e7\u00e3o das pol\u00edticas de mobilidade urbana, ficam institu\u00eddas, no calend\u00e1rio oficial do munic\u00edpio, as seguintes datas comemorativas:<\/p>\n<p>I \u2013 No 1\u00aa domingo do m\u00eas de maio de cada ano<\/p>\n<p>\u201cDIA MUNICIPAL DO CICLISTA\u201d<\/p>\n<p><b>Art. 4\u00ba<\/b>\u00a0&#8211; As a\u00e7\u00f5es de implanta\u00e7\u00e3o da pol\u00edtica de uso das bicicletas ser\u00e3o coordenadas pelo Poder P\u00fablico Municipal garantida a participa\u00e7\u00e3o de usu\u00e1rios, representantes da sociedade civil organizada e profissionais com atua\u00e7\u00e3o nessa \u00e1rea.<\/p>\n<p><b>Art. 5\u00ba<\/b>\u00a0&#8211; O Poder P\u00fablico poder\u00e1 fomentar campanhas publicit\u00e1rias de educa\u00e7\u00e3o e conscientiza\u00e7\u00e3o da Pol\u00edtica de Mobilidade Sustent\u00e1vel, dando \u00eanfase \u00e0 aplica\u00e7\u00e3o de normas de uso de bicicleta.<\/p>\n<p><b>Art. 6\u00ba\u00a0<\/b>&#8211; As despesas decorrentes desta Lei correr\u00e3o por conta de dota\u00e7\u00f5es or\u00e7ament\u00e1rias pr\u00f3prias, suplementares se necess\u00e1rias.<\/p>\n<p><b>Art. 7\u00ba\u00a0<\/b>&#8211; Esta lei entra em vigor na data de sua publica\u00e7\u00e3o.<\/p>\n<p>&nbsp;<\/p>\n<p><b>Gabinete do Prefeito Municipal de Lajes\/RN, em 11 de Julho de 2019<\/b>.<\/p>\n<p>&nbsp;<\/p>\n<p>&nbsp;<\/p>\n<p><b><i>JOS\u00c9 MARQUES FERNANDES<\/i><\/b><\/p>\n<p><b><i><\/i><\/b>&nbsp;<\/p>\n<p>Prefeito Municipal<\/p>\n<\/div>\n<div class=\"pdfprnt-buttons pdfprnt-buttons-post pdfprnt-bottom-right\"><a href=\"https:\/\/lajes.rn.gov.br\/transparente\/index\/wp-json\/wp\/v2\/posts\/24983?print=pdf\" class=\"pdfprnt-button pdfprnt-button-pdf\" target=\"_blank\" ><img decoding=\"async\" src=\"https:\/\/lajes.rn.gov.br\/transparente\/index\/wp-content\/plugins\/pdf-print\/images\/pdf.png\" alt=\"image_pdf\" title=\"Ver PDF\" \/><\/a><a href=\"https:\/\/lajes.rn.gov.br\/transparente\/index\/wp-json\/wp\/v2\/posts\/24983?print=print\" class=\"pdfprnt-button pdfprnt-button-print\" target=\"_blank\" ><img decoding=\"async\" src=\"https:\/\/lajes.rn.gov.br\/transparente\/index\/wp-content\/plugins\/pdf-print\/images\/print.png\" alt=\"image_print\" title=\"Conte\u00fado de impress\u00e3o\" \/><\/a><\/div>","protected":false},"excerpt":{"rendered":"<p>ESTADO DO RIO GRANDE DO NORTE PREFEITURA MUNICIPAL DE LAJES GABINETE DO PREFEITO LEI MUNICIPAL N\u00ba 830\/2019 Institui a Pol\u00edtica de Mobilidade Sustent\u00e1vel e Incentivo ao Uso de Bicicletas e d\u00e1 Outras Providencias. &nbsp; O PREFEITO MUNICIPAL DE LAJES\/RN,\u00a0no uso de suas atribui\u00e7\u00f5es que lhe s\u00e3o conferidas pela Lei Org\u00e2nica Municipal, faz saber que a [&hellip;]<\/p>\n","protected":false},"author":3,"featured_media":0,"comment_status":"closed","ping_status":"closed","sticky":false,"template":"","format":"standard","meta":{"ocean_post_layout":"","ocean_both_sidebars_style":"","ocean_both_sidebars_content_width":0,"ocean_both_sidebars_sidebars_width":0,"ocean_sidebar":"","ocean_second_sidebar":"","ocean_disable_margins":"enable","ocean_add_body_class":"","ocean_shortcode_before_top_bar":"","ocean_shortcode_after_top_bar":"","ocean_shortcode_before_header":"","ocean_shortcode_after_header":"","ocean_has_shortcode":"","ocean_shortcode_after_title":"","ocean_shortcode_before_footer_widgets":"","ocean_shortcode_after_footer_widgets":"","ocean_shortcode_before_footer_bottom":"","ocean_shortcode_after_footer_bottom":"","ocean_display_top_bar":"default","ocean_display_header":"default","ocean_header_style":"","ocean_center_header_left_menu":"","ocean_custom_header_template":"","ocean_custom_logo":0,"ocean_custom_retina_logo":0,"ocean_custom_logo_max_width":0,"ocean_custom_logo_tablet_max_width":0,"ocean_custom_logo_mobile_max_width":0,"ocean_custom_logo_max_height":0,"ocean_custom_logo_tablet_max_height":0,"ocean_custom_logo_mobile_max_height":0,"ocean_header_custom_menu":"","ocean_menu_typo_font_family":"","ocean_menu_typo_font_subset":"","ocean_menu_typo_font_size":0,"ocean_menu_typo_font_size_tablet":0,"ocean_menu_typo_font_size_mobile":0,"ocean_menu_typo_font_size_unit":"px","ocean_menu_typo_font_weight":"","ocean_menu_typo_font_weight_tablet":"","ocean_menu_typo_font_weight_mobile":"","ocean_menu_typo_transform":"","ocean_menu_typo_transform_tablet":"","ocean_menu_typo_transform_mobile":"","ocean_menu_typo_line_height":0,"ocean_menu_typo_line_height_tablet":0,"ocean_menu_typo_line_height_mobile":0,"ocean_menu_typo_line_height_unit":"","ocean_menu_typo_spacing":0,"ocean_menu_typo_spacing_tablet":0,"ocean_menu_typo_spacing_mobile":0,"ocean_menu_typo_spacing_unit":"","ocean_menu_link_color":"","ocean_menu_link_color_hover":"","ocean_menu_link_color_active":"","ocean_menu_link_background":"","ocean_menu_link_hover_background":"","ocean_menu_link_active_background":"","ocean_menu_social_links_bg":"","ocean_menu_social_hover_links_bg":"","ocean_menu_social_links_color":"","ocean_menu_social_hover_links_color":"","ocean_disable_title":"default","ocean_disable_heading":"default","ocean_post_title":"","ocean_post_subheading":"","ocean_post_title_style":"","ocean_post_title_background_color":"","ocean_post_title_background":0,"ocean_post_title_bg_image_position":"","ocean_post_title_bg_image_attachment":"","ocean_post_title_bg_image_repeat":"","ocean_post_title_bg_image_size":"","ocean_post_title_height":0,"ocean_post_title_bg_overlay":0.5,"ocean_post_title_bg_overlay_color":"","ocean_disable_breadcrumbs":"default","ocean_breadcrumbs_color":"","ocean_breadcrumbs_separator_color":"","ocean_breadcrumbs_links_color":"","ocean_breadcrumbs_links_hover_color":"","ocean_display_footer_widgets":"default","ocean_display_footer_bottom":"default","ocean_custom_footer_template":"","ocean_post_oembed":"","ocean_post_self_hosted_media":"","ocean_post_video_embed":"","ocean_link_format":"","ocean_link_format_target":"self","ocean_quote_format":"","ocean_quote_format_link":"post","ocean_gallery_link_images":"on","ocean_gallery_id":[],"footnotes":""},"categories":[2,49,56],"tags":[],"class_list":["post-24983","post","type-post","status-publish","format-standard","hentry","category-legislacao","category-leis-municipais","category-leis-municipais-2019","entry"],"_links":{"self":[{"href":"https:\/\/lajes.rn.gov.br\/transparente\/index\/wp-json\/wp\/v2\/posts\/24983","targetHints":{"allow":["GET"]}}],"collection":[{"href":"https:\/\/lajes.rn.gov.br\/transparente\/index\/wp-json\/wp\/v2\/posts"}],"about":[{"href":"https:\/\/lajes.rn.gov.br\/transparente\/index\/wp-json\/wp\/v2\/types\/post"}],"author":[{"embeddable":true,"href":"https:\/\/lajes.rn.gov.br\/transparente\/index\/wp-json\/wp\/v2\/users\/3"}],"replies":[{"embeddable":true,"href":"https:\/\/lajes.rn.gov.br\/transparente\/index\/wp-json\/wp\/v2\/comments?post=24983"}],"version-history":[{"count":1,"href":"https:\/\/lajes.rn.gov.br\/transparente\/index\/wp-json\/wp\/v2\/posts\/24983\/revisions"}],"predecessor-version":[{"id":24984,"href":"https:\/\/lajes.rn.gov.br\/transparente\/index\/wp-json\/wp\/v2\/posts\/24983\/revisions\/24984"}],"wp:attachment":[{"href":"https:\/\/lajes.rn.gov.br\/transparente\/index\/wp-json\/wp\/v2\/media?parent=24983"}],"wp:term":[{"taxonomy":"category","embeddable":true,"href":"https:\/\/lajes.rn.gov.br\/transparente\/index\/wp-json\/wp\/v2\/categories?post=24983"},{"taxonomy":"post_tag","embeddable":true,"href":"https:\/\/lajes.rn.gov.br\/transparente\/index\/wp-json\/wp\/v2\/tags?post=24983"}],"curies":[{"name":"wp","href":"https:\/\/api.w.org\/{rel}","templated":true}]}}