{"id":24975,"date":"2019-05-20T12:12:25","date_gmt":"2019-05-20T15:12:25","guid":{"rendered":"https:\/\/lajes.rn.gov.br\/transparente\/index\/?p=24975"},"modified":"2023-02-13T12:13:21","modified_gmt":"2023-02-13T15:13:21","slug":"lei-municipal-no-827-2019-proibe-no-municipio-de-lajes-o-uso-de-capacete-toca-capuz-gorro-mascara-ou-qualquer-outro-tipo-de-equipamento-ou-artificio-que-impossibilite-ou-dificulte-a-identifica","status":"publish","type":"post","link":"https:\/\/lajes.rn.gov.br\/transparente\/index\/lei-municipal-no-827-2019-proibe-no-municipio-de-lajes-o-uso-de-capacete-toca-capuz-gorro-mascara-ou-qualquer-outro-tipo-de-equipamento-ou-artificio-que-impossibilite-ou-dificulte-a-identifica\/","title":{"rendered":"LEI MUNICIPAL N\u00ba 827\/2019 &#8211; Pro\u00edbe, no munic\u00edpio de Lajes, o uso de capacete, toca, capuz, gorro, m\u00e1scara ou qualquer outro tipo de equipamento ou artif\u00edcio que impossibilite ou dificulte a identifica\u00e7\u00e3o e o reconhecimento do usu\u00e1rio quando do ingresso ou perman\u00eancia no interior dos estabelecimentos comerciais, industriais e \u00f3rg\u00e3os p\u00fablicos, e d\u00e1 outras provid\u00eancias."},"content":{"rendered":"<div id=\"separador\" class=\"cabecalhoEstadoSeparador cabecalhoEstadoSeparador1\">\n<p style=\"text-align: center;\"><strong>ESTADO DO RIO GRANDE DO NORTE<\/strong><br \/>\n<strong>PREFEITURA MUNICIPAL DE LAJES<\/strong><\/p>\n<\/div>\n<p class=\"cabecaorgao\" style=\"text-align: center;\"><strong>GABINETE DO PREFEITO<\/strong><\/p>\n<hr \/>\n<div id=\"materia\" class=\"materia materia20091123 materia1\">\n<p>LEI MUNICIPAL N\u00ba 827\/2019<\/p>\n<div class=\"mat\"><i>Pro\u00edbe, no munic\u00edpio de Lajes, o uso de capacete, toca, capuz, gorro, m\u00e1scara ou qualquer outro tipo de equipamento ou artif\u00edcio que impossibilite ou dificulte a identifica\u00e7\u00e3o e o reconhecimento do usu\u00e1rio quando do ingresso ou perman\u00eancia no interior dos estabelecimentos comerciais, industriais e \u00f3rg\u00e3os p\u00fablicos, e d\u00e1 outras provid\u00eancias.<\/i><\/div>\n<p>&nbsp;<\/p>\n<p><b>O PREFEITO MUNICIPAL DE LAJES\/RN,\u00a0<\/b>no uso de suas atribui\u00e7\u00f5es que lhe s\u00e3o conferidas pela Lei Org\u00e2nica Municipal, faz saber que a C\u00e2mara Municipal aprovou e eu sanciono a seguinte Lei.<\/p>\n<p>&nbsp;<\/p>\n<p><b>Art. 1\u00ba<\/b>\u00a0Fica proibido, no \u00e2mbito do Munic\u00edpio de Lajes, o uso de capacete, toca, capuz, gorro, m\u00e1scara ou qualquer outro tipo de equipamento ou artif\u00edcio que oculte a face, impossibilitando ou dificultando a identifica\u00e7\u00e3o e o reconhecimento do usu\u00e1rio quando do ingresso ou perman\u00eancia no interior dos estabelecimentos comerciais, industriais e \u00f3rg\u00e3os p\u00fablicos.<\/p>\n<p>&nbsp;<\/p>\n<p>\u00a7 1\u00ba O descumprimento do disposto neste artigo implicar\u00e1 na imposi\u00e7\u00e3o da pena de multa no valor de 01 UFM (Unidade Fiscal do Munic\u00edpio), duplicando em caso de reincid\u00eancia.<\/p>\n<p>\u00a7 2\u00ba A incapacidade do infrator, decorrente de menoridade ou doen\u00e7a mental, para fins de lavratura do auto de infra\u00e7\u00e3o e posterior pagamento da san\u00e7\u00e3o pecuni\u00e1ria, implicar\u00e1 no imediato acionamento do seu representante legal.<\/p>\n<p>&nbsp;<\/p>\n<p><b>Art. 2\u00ba<\/b>\u00a0Os estabelecimentos referidos no artigo anterior ficam obrigados a, no prazo m\u00e1ximo de 90 (noventa) dias, contados da publica\u00e7\u00e3o desta Lei, afixar em local de f\u00e1cil visualiza\u00e7\u00e3o, adesivo, cartaz, placa, painel ou similar informando os usu\u00e1rios acerca da proibi\u00e7\u00e3o imposta pela presente Lei, contendo inclusive o n\u00famero desta.<\/p>\n<p>Par\u00e1grafo \u00fanico. A inobserv\u00e2ncia deste artigo implicar\u00e1 na imposi\u00e7\u00e3o da pena de multa no valor 1\/2 (meia) Unidade Fiscal do Munic\u00edpio.<\/p>\n<p>&nbsp;<\/p>\n<p><b>Art. 3\u00ba<\/b>\u00a0Aos infratores desta Lei fica facultado o direito de interposi\u00e7\u00e3o de recurso endere\u00e7ado \u00e0 Coordenadoria de Tributos do Munic\u00edpio, que, ap\u00f3s examinar as formalidades do auto de infra\u00e7\u00e3o e as raz\u00f5es invocadas, julg\u00e1-lo-\u00e1 procedente ou improcedente, confirmando ou invalidando a penalidade imposta, em decis\u00e3o irrecorr\u00edvel.<\/p>\n<p>\u00a7 1\u00ba O recurso de que trata este artigo dever\u00e1 ser protocolado no prazo de 10 (dez) dias, contados da data de lavratura do auto de infra\u00e7\u00e3o.<\/p>\n<p>\u00a7 2\u00ba N\u00e3o sendo poss\u00edvel a identifica\u00e7\u00e3o do infrator no ato da lavratura do auto de infra\u00e7\u00e3o, o prazo recursal contar-se-\u00e1 a partir da sua efetiva notifica\u00e7\u00e3o, a ser concretizada pessoalmente ou pelo correio.<\/p>\n<p>&nbsp;<\/p>\n<p><b>Art. 4\u00ba<\/b>\u00a0Esgotado o prazo previsto para interposi\u00e7\u00e3o do recurso referido no artigo anterior, ou julgado improcedente aquele aviado, o infrator ter\u00e1 o prazo de 30 (trinta) dias para pagamento do valor correspondente \u00e0 multa imposta.<\/p>\n<p>Par\u00e1grafo \u00fanico. Em caso de inadimplemento das multas previstas nesta Lei, os valores correspondentes ser\u00e3o lan\u00e7ados no cr\u00e9dito tribut\u00e1rio do Munic\u00edpio, com a consequente inscri\u00e7\u00e3o do nome do devedor na d\u00edvida ativa.<\/p>\n<p>&nbsp;<\/p>\n<p><b>Art. 5\u00ba<\/b>\u00a0O Munic\u00edpio de Lajes, por seus \u00f3rg\u00e3os competentes, fica respons\u00e1vel pela fiscaliza\u00e7\u00e3o do cumprimento do disposto no art. 2\u00ba desta Lei, podendo, inclusive, contar com o apoio das for\u00e7as policiais.<\/p>\n<p>&nbsp;<\/p>\n<p><b>Art. 6\u00ba<\/b>\u00a0O Poder P\u00fablico Municipal far\u00e1 ampla divulga\u00e7\u00e3o e conscientiza\u00e7\u00e3o do disposto desta Lei pelo per\u00edodo m\u00ednimo de 90 (noventa) dias a contar da publica\u00e7\u00e3o desta Lei.<\/p>\n<p>&nbsp;<\/p>\n<p><b>Art. 7\u00ba<\/b>\u00a0Esta Lei entra em vigor na data de sua publica\u00e7\u00e3o.<\/p>\n<p>&nbsp;<\/p>\n<p><b>Gabinete do Prefeito Municipal de Lajes\/RN, em 20 de Maio de 2019.<\/b><\/p>\n<p>&nbsp;<\/p>\n<p>&nbsp;<\/p>\n<p><b><i>JOS\u00c9 MARQUES FERNANDES<\/i><\/b><\/p>\n<p><b><i><\/i><\/b>&nbsp;<\/p>\n<p>Prefeito Municipal<\/p>\n<\/div>\n<div class=\"pdfprnt-buttons pdfprnt-buttons-post pdfprnt-bottom-right\"><a href=\"https:\/\/lajes.rn.gov.br\/transparente\/index\/wp-json\/wp\/v2\/posts\/24975?print=pdf\" class=\"pdfprnt-button pdfprnt-button-pdf\" target=\"_blank\" ><img decoding=\"async\" src=\"https:\/\/lajes.rn.gov.br\/transparente\/index\/wp-content\/plugins\/pdf-print\/images\/pdf.png\" alt=\"image_pdf\" title=\"Ver PDF\" \/><\/a><a href=\"https:\/\/lajes.rn.gov.br\/transparente\/index\/wp-json\/wp\/v2\/posts\/24975?print=print\" class=\"pdfprnt-button pdfprnt-button-print\" target=\"_blank\" ><img decoding=\"async\" src=\"https:\/\/lajes.rn.gov.br\/transparente\/index\/wp-content\/plugins\/pdf-print\/images\/print.png\" alt=\"image_print\" title=\"Conte\u00fado de impress\u00e3o\" \/><\/a><\/div>","protected":false},"excerpt":{"rendered":"<p>ESTADO DO RIO GRANDE DO NORTE PREFEITURA MUNICIPAL DE LAJES GABINETE DO PREFEITO LEI MUNICIPAL N\u00ba 827\/2019 Pro\u00edbe, no munic\u00edpio de Lajes, o uso de capacete, toca, capuz, gorro, m\u00e1scara ou qualquer outro tipo de equipamento ou artif\u00edcio que impossibilite ou dificulte a identifica\u00e7\u00e3o e o reconhecimento do usu\u00e1rio quando do ingresso ou perman\u00eancia no [&hellip;]<\/p>\n","protected":false},"author":3,"featured_media":0,"comment_status":"closed","ping_status":"closed","sticky":false,"template":"","format":"standard","meta":{"ocean_post_layout":"","ocean_both_sidebars_style":"","ocean_both_sidebars_content_width":0,"ocean_both_sidebars_sidebars_width":0,"ocean_sidebar":"","ocean_second_sidebar":"","ocean_disable_margins":"enable","ocean_add_body_class":"","ocean_shortcode_before_top_bar":"","ocean_shortcode_after_top_bar":"","ocean_shortcode_before_header":"","ocean_shortcode_after_header":"","ocean_has_shortcode":"","ocean_shortcode_after_title":"","ocean_shortcode_before_footer_widgets":"","ocean_shortcode_after_footer_widgets":"","ocean_shortcode_before_footer_bottom":"","ocean_shortcode_after_footer_bottom":"","ocean_display_top_bar":"default","ocean_display_header":"default","ocean_header_style":"","ocean_center_header_left_menu":"","ocean_custom_header_template":"","ocean_custom_logo":0,"ocean_custom_retina_logo":0,"ocean_custom_logo_max_width":0,"ocean_custom_logo_tablet_max_width":0,"ocean_custom_logo_mobile_max_width":0,"ocean_custom_logo_max_height":0,"ocean_custom_logo_tablet_max_height":0,"ocean_custom_logo_mobile_max_height":0,"ocean_header_custom_menu":"","ocean_menu_typo_font_family":"","ocean_menu_typo_font_subset":"","ocean_menu_typo_font_size":0,"ocean_menu_typo_font_size_tablet":0,"ocean_menu_typo_font_size_mobile":0,"ocean_menu_typo_font_size_unit":"px","ocean_menu_typo_font_weight":"","ocean_menu_typo_font_weight_tablet":"","ocean_menu_typo_font_weight_mobile":"","ocean_menu_typo_transform":"","ocean_menu_typo_transform_tablet":"","ocean_menu_typo_transform_mobile":"","ocean_menu_typo_line_height":0,"ocean_menu_typo_line_height_tablet":0,"ocean_menu_typo_line_height_mobile":0,"ocean_menu_typo_line_height_unit":"","ocean_menu_typo_spacing":0,"ocean_menu_typo_spacing_tablet":0,"ocean_menu_typo_spacing_mobile":0,"ocean_menu_typo_spacing_unit":"","ocean_menu_link_color":"","ocean_menu_link_color_hover":"","ocean_menu_link_color_active":"","ocean_menu_link_background":"","ocean_menu_link_hover_background":"","ocean_menu_link_active_background":"","ocean_menu_social_links_bg":"","ocean_menu_social_hover_links_bg":"","ocean_menu_social_links_color":"","ocean_menu_social_hover_links_color":"","ocean_disable_title":"default","ocean_disable_heading":"default","ocean_post_title":"","ocean_post_subheading":"","ocean_post_title_style":"","ocean_post_title_background_color":"","ocean_post_title_background":0,"ocean_post_title_bg_image_position":"","ocean_post_title_bg_image_attachment":"","ocean_post_title_bg_image_repeat":"","ocean_post_title_bg_image_size":"","ocean_post_title_height":0,"ocean_post_title_bg_overlay":0.5,"ocean_post_title_bg_overlay_color":"","ocean_disable_breadcrumbs":"default","ocean_breadcrumbs_color":"","ocean_breadcrumbs_separator_color":"","ocean_breadcrumbs_links_color":"","ocean_breadcrumbs_links_hover_color":"","ocean_display_footer_widgets":"default","ocean_display_footer_bottom":"default","ocean_custom_footer_template":"","ocean_post_oembed":"","ocean_post_self_hosted_media":"","ocean_post_video_embed":"","ocean_link_format":"","ocean_link_format_target":"self","ocean_quote_format":"","ocean_quote_format_link":"post","ocean_gallery_link_images":"on","ocean_gallery_id":[],"footnotes":""},"categories":[2,49,56],"tags":[],"class_list":["post-24975","post","type-post","status-publish","format-standard","hentry","category-legislacao","category-leis-municipais","category-leis-municipais-2019","entry"],"_links":{"self":[{"href":"https:\/\/lajes.rn.gov.br\/transparente\/index\/wp-json\/wp\/v2\/posts\/24975","targetHints":{"allow":["GET"]}}],"collection":[{"href":"https:\/\/lajes.rn.gov.br\/transparente\/index\/wp-json\/wp\/v2\/posts"}],"about":[{"href":"https:\/\/lajes.rn.gov.br\/transparente\/index\/wp-json\/wp\/v2\/types\/post"}],"author":[{"embeddable":true,"href":"https:\/\/lajes.rn.gov.br\/transparente\/index\/wp-json\/wp\/v2\/users\/3"}],"replies":[{"embeddable":true,"href":"https:\/\/lajes.rn.gov.br\/transparente\/index\/wp-json\/wp\/v2\/comments?post=24975"}],"version-history":[{"count":1,"href":"https:\/\/lajes.rn.gov.br\/transparente\/index\/wp-json\/wp\/v2\/posts\/24975\/revisions"}],"predecessor-version":[{"id":24976,"href":"https:\/\/lajes.rn.gov.br\/transparente\/index\/wp-json\/wp\/v2\/posts\/24975\/revisions\/24976"}],"wp:attachment":[{"href":"https:\/\/lajes.rn.gov.br\/transparente\/index\/wp-json\/wp\/v2\/media?parent=24975"}],"wp:term":[{"taxonomy":"category","embeddable":true,"href":"https:\/\/lajes.rn.gov.br\/transparente\/index\/wp-json\/wp\/v2\/categories?post=24975"},{"taxonomy":"post_tag","embeddable":true,"href":"https:\/\/lajes.rn.gov.br\/transparente\/index\/wp-json\/wp\/v2\/tags?post=24975"}],"curies":[{"name":"wp","href":"https:\/\/api.w.org\/{rel}","templated":true}]}}