{"id":24923,"date":"2020-06-30T11:05:33","date_gmt":"2020-06-30T14:05:33","guid":{"rendered":"https:\/\/lajes.rn.gov.br\/transparente\/index\/?p=24923"},"modified":"2023-02-13T11:07:20","modified_gmt":"2023-02-13T14:07:20","slug":"lei-municipal-no-855-2020-ementa-fixa-os-subsidios-do-prefeito-vice-prefeito-vereadores-e-secretarios-do-municipio-de-lajes-rn-para-a-legislatura-01-01-2021-a-31-12-2024-e-da-outras-pro","status":"publish","type":"post","link":"https:\/\/lajes.rn.gov.br\/transparente\/index\/lei-municipal-no-855-2020-ementa-fixa-os-subsidios-do-prefeito-vice-prefeito-vereadores-e-secretarios-do-municipio-de-lajes-rn-para-a-legislatura-01-01-2021-a-31-12-2024-e-da-outras-pro\/","title":{"rendered":"LEI MUNICIPAL N\u00ba 855\/2020 &#8211; EMENTA: \u201cFixa os Subs\u00eddios do Prefeito, Vice-Prefeito, Vereadores e Secret\u00e1rios do Munic\u00edpio de Lajes\/RN, para a Legislatura 01\/01\/2021 a 31\/12\/2024 e d\u00e1 outras Provid\u00eancias\u201d."},"content":{"rendered":"<div id=\"separador\" class=\"cabecalhoEstadoSeparador cabecalhoEstadoSeparador1\">\n<p style=\"text-align: center;\"><strong>ESTADO DO RIO GRANDE DO NORTE<\/strong><br \/>\n<strong>PREFEITURA MUNICIPAL DE LAJES<\/strong><\/p>\n<\/div>\n<p class=\"cabecaorgao\" style=\"text-align: center;\"><strong>GABINETE DO PREFEITO<\/strong><\/p>\n<hr \/>\n<div id=\"materia\" class=\"materia materia20091123 materia1\">\n<p>LEI MUNICIPAL N\u00ba 855\/2020<\/p>\n<div class=\"mat\">EMENTA: \u201cFixa os Subs\u00eddios do Prefeito, Vice-Prefeito, Vereadores e Secret\u00e1rios do Munic\u00edpio de Lajes\/RN, para a Legislatura 01\/01\/2021 a 31\/12\/2024 e d\u00e1 outras Provid\u00eancias\u201d.<\/div>\n<p>&nbsp;<\/p>\n<p><b>O PREFEITO MUNICIPAL DE LAJES,\u00a0<\/b>no uso de suas atribui\u00e7\u00f5es legais, nos termos da Lei, faz saber que a C\u00e2mara Municipal aprovou e ele sanciona e promulga a seguinte Lei.<\/p>\n<p>&nbsp;<\/p>\n<p><b>Art. 1\u00ba<\/b>\u00a0&#8211; O Subs\u00eddio mensal do Prefeito do Munic\u00edpio de Lajes, para o mandato correspondente ao per\u00edodo da Legislatura de 01 de Janeiro de 2021 a 31 de Dezembro de 2024, fica fixado em parcela \u00fanica no valor de R$ 16.900,00 (dezesseis mil e novecentos reais).<\/p>\n<p>&nbsp;<\/p>\n<p><b>Art. 2\u00ba<\/b>\u00a0&#8211; O Subs\u00eddio mensal do Vice-Prefeito do Munic\u00edpio de Lajes, para o mandato correspondente ao per\u00edodo da Legislatura de 01 de Janeiro de 2021 a 31 de Dezembro de 2024, fica fixado em parcela \u00fanica no valor de R$ 8.450,00 (oito mil quatrocentos e cinquenta reais).<\/p>\n<p>&nbsp;<\/p>\n<p><b>Art. 3\u00ba<\/b>\u00a0&#8211; Fica fixado em parcela \u00fanica, o subs\u00eddio mensal dos Vereadores, para o per\u00edodo Legislativo de 01 de Janeiro de 2021 a 31 de Dezembro de 2024, no valor de R$ 4.500,00 (quatro mil e quinhentos reais).<\/p>\n<p>&nbsp;<\/p>\n<p><b>\u00a7 1\u00ba<\/b>\u00a0O total da remunera\u00e7\u00e3o dos vereadores n\u00e3o poder\u00e1 ultrapassar o montante de 5% (cinco por cento) da receita do Munic\u00edpio (Art. 29, VII, da Constitui\u00e7\u00e3o Federal).<\/p>\n<p><b>\u00a7 2\u00ba<\/b>\u00a0O subs\u00eddio individual do vereador ficar\u00e1 limitado ao percentual estabelecido no art. 29, VI, da Constitui\u00e7\u00e3o Federal em rela\u00e7\u00e3o ao subs\u00eddio de Deputado Estadual, de acordo com a popula\u00e7\u00e3o do Munic\u00edpio.<\/p>\n<p><b>\u00a7 3\u00ba<\/b>\u00a0Ocorrendo qualquer dos casos previsto nos \u00a7\u00a7 1\u00ba e 2\u00ba deste artigo, o subs\u00eddio dos vereadores sofrer\u00e1 proporcional redu\u00e7\u00e3o de valor, com a finalidade de enquadramento em tais regras limitadoras.<\/p>\n<p>&nbsp;<\/p>\n<p><b>Art. 4\u00ba<\/b>\u00a0&#8211; O subs\u00eddio mensal do vereador Presidente da C\u00e2mara para legislatura mensal no per\u00edodo de 01 de Janeiro de 2021 a 31 de Dezembro de 2024 fica estabelecido em parcela \u00fanica no valor de R$ 7.500,00 (sete mil e quinhentos reais).<\/p>\n<p>&nbsp;<\/p>\n<p><b>\u00a7 1\u00ba<\/b>\u00a0O vereador que por qualquer motivo substituir o Presidente da C\u00e2mara ter\u00e1 direito em perceber a verba representa\u00e7\u00e3o de car\u00e1ter indenizat\u00f3rio, de forma proporcional.<\/p>\n<p><b>\u00a7 2\u00ba<\/b>\u00a0O presidente da C\u00e2mara, enquanto afastado das suas fun\u00e7\u00f5es, sofrer\u00e1 proporcional redu\u00e7\u00e3o da verba prevista no caput deste artigo.<\/p>\n<p>&nbsp;<\/p>\n<p><b>Art. 5\u00ba<\/b>\u00a0&#8211; O subs\u00eddio mensal dos Secret\u00e1rios Municipais, para o mandato correspondente ao per\u00edodo da Legislatura de 01 de Janeiro de 2021 a 31 de Dezembro de 2024, em parcela \u00fanica no valor de R$ 4.100,00 (quatro mil e cem reais).<\/p>\n<p>&nbsp;<\/p>\n<p><b>Art. 6\u00ba<\/b>\u00a0&#8211; O subs\u00eddio recebido pelos Vereadores, equivale aos n\u00fameros de sess\u00f5es ordin\u00e1rias mensais fixadas no Regimento Interno, proporcionalmente a cada sess\u00e3o, sendo devido ao Vereador que efetivamente comparecer a todas \u00e0s sess\u00f5es do m\u00eas, na forma do Regimento Interno.<\/p>\n<p>&nbsp;<\/p>\n<p><b>Par\u00e1grafo \u00danico\u00a0<\/b>\u2013 A falta n\u00e3o justificada \u00e0s sess\u00f5es, na forma regimental, ocasionar\u00e1 a redu\u00e7\u00e3o proporcional do subs\u00eddio.<\/p>\n<p>&nbsp;<\/p>\n<p><b>Art. 7\u00ba<\/b>\u00a0&#8211; \u00c9 vedado ao Vereador o recebimento de qualquer acr\u00e9scimo aos seus subs\u00eddios ou parcela de qualquer natureza, como verba de representa\u00e7\u00e3o, gratifica\u00e7\u00e3o, adicional, abono, pr\u00eamio, ou outra esp\u00e9cie remunerat\u00f3ria (Art. 39 \u00a7 4\u00ba da Constitui\u00e7\u00e3o Federal).<\/p>\n<p>&nbsp;<\/p>\n<p><b>Art. 8\u00b0<\/b>\u00a0&#8211; Fica vedada a altera\u00e7\u00e3o do valor do subs\u00eddio dos vereadores no curso da Legislatura.<\/p>\n<p>&nbsp;<\/p>\n<p><b>Art. 9\u00ba<\/b>\u00a0&#8211; Poder\u00e3o ser realizadas tantas sess\u00f5es extraordin\u00e1rias quanto necess\u00e1rias, desde que convocadas na forma do Regimento Interno, sendo vedado qualquer pagamento pela participa\u00e7\u00e3o em tais sess\u00f5es, ainda que durante o recesso parlamentar, conforme preceitua o Art. 57, \u00a7 7\u00ba da Constitui\u00e7\u00e3o Federal.<\/p>\n<p>&nbsp;<\/p>\n<p><b>Par\u00e1grafo \u00danico\u00a0<\/b>\u2013 A convoca\u00e7\u00e3o ou a desconvoca\u00e7\u00e3o de sess\u00e3o legislativa da C\u00e2mara Municipal para o per\u00edodo anual de seu funcionamento n\u00e3o propicia direito \u00e0 percep\u00e7\u00e3o de qualquer verba de natureza indenizat\u00f3ria.<\/p>\n<p>&nbsp;<\/p>\n<p><b>Art. 10\u00ba<\/b>\u00a0&#8211; As despesas decorrentes desta lei correr\u00e3o \u00e0 conta da dota\u00e7\u00e3o or\u00e7ament\u00e1ria pr\u00f3pria.<\/p>\n<p>&nbsp;<\/p>\n<p><b>Art. 11<\/b>\u00a0&#8211; Esta Lei entrar\u00e1 em vigor na data de sua publica\u00e7\u00e3o, com efeitos a partir do dia 01 de Janeiro de 2021.<\/p>\n<p>&nbsp;<\/p>\n<p><b>Gabinete do Prefeito Municipal de Lajes\/RN, em 30 de Junho de 2020<\/b><\/p>\n<p>&nbsp;<\/p>\n<p>&nbsp;<\/p>\n<p><b><i>JOS\u00c9 MARQUES FERNANDES<\/i><\/b><\/p>\n<p><b><i><\/i><\/b>&nbsp;<\/p>\n<p>Prefeito Municipal<b><em>\u00a0<\/em><\/b><\/p>\n<\/div>\n<div class=\"pdfprnt-buttons pdfprnt-buttons-post pdfprnt-bottom-right\"><a href=\"https:\/\/lajes.rn.gov.br\/transparente\/index\/wp-json\/wp\/v2\/posts\/24923?print=pdf\" class=\"pdfprnt-button pdfprnt-button-pdf\" target=\"_blank\" ><img decoding=\"async\" src=\"https:\/\/lajes.rn.gov.br\/transparente\/index\/wp-content\/plugins\/pdf-print\/images\/pdf.png\" alt=\"image_pdf\" title=\"Ver PDF\" \/><\/a><a href=\"https:\/\/lajes.rn.gov.br\/transparente\/index\/wp-json\/wp\/v2\/posts\/24923?print=print\" class=\"pdfprnt-button pdfprnt-button-print\" target=\"_blank\" ><img decoding=\"async\" src=\"https:\/\/lajes.rn.gov.br\/transparente\/index\/wp-content\/plugins\/pdf-print\/images\/print.png\" alt=\"image_print\" title=\"Conte\u00fado de impress\u00e3o\" \/><\/a><\/div>","protected":false},"excerpt":{"rendered":"<p>ESTADO DO RIO GRANDE DO NORTE PREFEITURA MUNICIPAL DE LAJES GABINETE DO PREFEITO LEI MUNICIPAL N\u00ba 855\/2020 EMENTA: \u201cFixa os Subs\u00eddios do Prefeito, Vice-Prefeito, Vereadores e Secret\u00e1rios do Munic\u00edpio de Lajes\/RN, para a Legislatura 01\/01\/2021 a 31\/12\/2024 e d\u00e1 outras Provid\u00eancias\u201d. &nbsp; O PREFEITO MUNICIPAL DE LAJES,\u00a0no uso de suas atribui\u00e7\u00f5es legais, nos termos da [&hellip;]<\/p>\n","protected":false},"author":3,"featured_media":0,"comment_status":"closed","ping_status":"closed","sticky":false,"template":"","format":"standard","meta":{"ocean_post_layout":"","ocean_both_sidebars_style":"","ocean_both_sidebars_content_width":0,"ocean_both_sidebars_sidebars_width":0,"ocean_sidebar":"","ocean_second_sidebar":"","ocean_disable_margins":"enable","ocean_add_body_class":"","ocean_shortcode_before_top_bar":"","ocean_shortcode_after_top_bar":"","ocean_shortcode_before_header":"","ocean_shortcode_after_header":"","ocean_has_shortcode":"","ocean_shortcode_after_title":"","ocean_shortcode_before_footer_widgets":"","ocean_shortcode_after_footer_widgets":"","ocean_shortcode_before_footer_bottom":"","ocean_shortcode_after_footer_bottom":"","ocean_display_top_bar":"default","ocean_display_header":"default","ocean_header_style":"","ocean_center_header_left_menu":"","ocean_custom_header_template":"","ocean_custom_logo":0,"ocean_custom_retina_logo":0,"ocean_custom_logo_max_width":0,"ocean_custom_logo_tablet_max_width":0,"ocean_custom_logo_mobile_max_width":0,"ocean_custom_logo_max_height":0,"ocean_custom_logo_tablet_max_height":0,"ocean_custom_logo_mobile_max_height":0,"ocean_header_custom_menu":"","ocean_menu_typo_font_family":"","ocean_menu_typo_font_subset":"","ocean_menu_typo_font_size":0,"ocean_menu_typo_font_size_tablet":0,"ocean_menu_typo_font_size_mobile":0,"ocean_menu_typo_font_size_unit":"px","ocean_menu_typo_font_weight":"","ocean_menu_typo_font_weight_tablet":"","ocean_menu_typo_font_weight_mobile":"","ocean_menu_typo_transform":"","ocean_menu_typo_transform_tablet":"","ocean_menu_typo_transform_mobile":"","ocean_menu_typo_line_height":0,"ocean_menu_typo_line_height_tablet":0,"ocean_menu_typo_line_height_mobile":0,"ocean_menu_typo_line_height_unit":"","ocean_menu_typo_spacing":0,"ocean_menu_typo_spacing_tablet":0,"ocean_menu_typo_spacing_mobile":0,"ocean_menu_typo_spacing_unit":"","ocean_menu_link_color":"","ocean_menu_link_color_hover":"","ocean_menu_link_color_active":"","ocean_menu_link_background":"","ocean_menu_link_hover_background":"","ocean_menu_link_active_background":"","ocean_menu_social_links_bg":"","ocean_menu_social_hover_links_bg":"","ocean_menu_social_links_color":"","ocean_menu_social_hover_links_color":"","ocean_disable_title":"default","ocean_disable_heading":"default","ocean_post_title":"","ocean_post_subheading":"","ocean_post_title_style":"","ocean_post_title_background_color":"","ocean_post_title_background":0,"ocean_post_title_bg_image_position":"","ocean_post_title_bg_image_attachment":"","ocean_post_title_bg_image_repeat":"","ocean_post_title_bg_image_size":"","ocean_post_title_height":0,"ocean_post_title_bg_overlay":0.5,"ocean_post_title_bg_overlay_color":"","ocean_disable_breadcrumbs":"default","ocean_breadcrumbs_color":"","ocean_breadcrumbs_separator_color":"","ocean_breadcrumbs_links_color":"","ocean_breadcrumbs_links_hover_color":"","ocean_display_footer_widgets":"default","ocean_display_footer_bottom":"default","ocean_custom_footer_template":"","ocean_post_oembed":"","ocean_post_self_hosted_media":"","ocean_post_video_embed":"","ocean_link_format":"","ocean_link_format_target":"self","ocean_quote_format":"","ocean_quote_format_link":"post","ocean_gallery_link_images":"on","ocean_gallery_id":[],"footnotes":""},"categories":[2,49,57],"tags":[],"class_list":["post-24923","post","type-post","status-publish","format-standard","hentry","category-legislacao","category-leis-municipais","category-leis-municipais-2020","entry"],"_links":{"self":[{"href":"https:\/\/lajes.rn.gov.br\/transparente\/index\/wp-json\/wp\/v2\/posts\/24923","targetHints":{"allow":["GET"]}}],"collection":[{"href":"https:\/\/lajes.rn.gov.br\/transparente\/index\/wp-json\/wp\/v2\/posts"}],"about":[{"href":"https:\/\/lajes.rn.gov.br\/transparente\/index\/wp-json\/wp\/v2\/types\/post"}],"author":[{"embeddable":true,"href":"https:\/\/lajes.rn.gov.br\/transparente\/index\/wp-json\/wp\/v2\/users\/3"}],"replies":[{"embeddable":true,"href":"https:\/\/lajes.rn.gov.br\/transparente\/index\/wp-json\/wp\/v2\/comments?post=24923"}],"version-history":[{"count":1,"href":"https:\/\/lajes.rn.gov.br\/transparente\/index\/wp-json\/wp\/v2\/posts\/24923\/revisions"}],"predecessor-version":[{"id":24924,"href":"https:\/\/lajes.rn.gov.br\/transparente\/index\/wp-json\/wp\/v2\/posts\/24923\/revisions\/24924"}],"wp:attachment":[{"href":"https:\/\/lajes.rn.gov.br\/transparente\/index\/wp-json\/wp\/v2\/media?parent=24923"}],"wp:term":[{"taxonomy":"category","embeddable":true,"href":"https:\/\/lajes.rn.gov.br\/transparente\/index\/wp-json\/wp\/v2\/categories?post=24923"},{"taxonomy":"post_tag","embeddable":true,"href":"https:\/\/lajes.rn.gov.br\/transparente\/index\/wp-json\/wp\/v2\/tags?post=24923"}],"curies":[{"name":"wp","href":"https:\/\/api.w.org\/{rel}","templated":true}]}}