{"id":24921,"date":"2020-03-13T11:04:19","date_gmt":"2020-03-13T14:04:19","guid":{"rendered":"https:\/\/lajes.rn.gov.br\/transparente\/index\/?p=24921"},"modified":"2023-02-13T11:05:03","modified_gmt":"2023-02-13T14:05:03","slug":"lei-municipal-no-852-2020-republicado-por-incorrecao","status":"publish","type":"post","link":"https:\/\/lajes.rn.gov.br\/transparente\/index\/lei-municipal-no-852-2020-republicado-por-incorrecao\/","title":{"rendered":"LEI MUNICIPAL N\u00ba 852\/2020 &#8211; REPUBLICADO POR INCORRE\u00c7\u00c3O"},"content":{"rendered":"<div id=\"separador\" class=\"cabecalhoEstadoSeparador cabecalhoEstadoSeparador2\">\n<p style=\"text-align: center;\"><strong>ESTADO DO RIO GRANDE DO NORTE<\/strong><br \/>\n<strong>PREFEITURA MUNICIPAL DE LAJES<\/strong><\/p>\n<\/div>\n<p class=\"cabecaorgao\" style=\"text-align: center;\"><strong>GABINETE DO PREFEITO<\/strong><\/p>\n<hr \/>\n<div id=\"materia\" class=\"materia materia20091123 materia2\">\n<p>LEI MUNICIPAL N\u00ba 852\/2020 &#8211; REPUBLICADO POR INCORRE\u00c7\u00c3O<\/p>\n<div class=\"mat\"><\/div>\n<p><i>Altera o artigo 33 da Lei 500 de 16 de novembro de 2009 \u2013 que disp\u00f5e sobre a nova Estrutura Organizacional da Administra\u00e7\u00e3o Municipal de Lajes, atrav\u00e9s da extin\u00e7\u00e3o e cria\u00e7\u00e3o de cargos, \u00f3rg\u00e3os e secretarias, altera o quadro de cargos em comiss\u00e3o, fun\u00e7\u00f5es gratificadas e d\u00e1 outras provid\u00eancias.<\/i><\/p>\n<p>&nbsp;<\/p>\n<p>O Prefeito Municipal de Lajes, no uso de suas atribui\u00e7\u00f5es legais, nos termos da Lei, faz saber que a C\u00e2mara Municipal aprovou e ele sanciona e promulga a seguinte Lei.<\/p>\n<p><b>Art. 1\u00ba\u00a0<\/b>&#8211; O art. 33 da Lei Municipal n\u00ba 500\/2009, de 16 de novembro de 2009, passa vigorar com a seguinte reda\u00e7\u00e3o:<\/p>\n<p>&nbsp;<\/p>\n<p><i>\u201cArt. 33 &#8211; Ao Secret\u00e1rio Municipal de Educa\u00e7\u00e3o e Cultura compete:<\/i><\/p>\n<p><i>I &#8211; Programar, coordenar e executar a pol\u00edtica educacional na rede p\u00fablica municipal de ensino;<\/i><\/p>\n<p><i>II &#8211; Administrar o sistema de ensino;<\/i><\/p>\n<p><i>III &#8211; Instalar e manter estabelecimentos p\u00fablicos municipais de ensino, controlando e fiscalizando o seu funcionamento;<\/i><\/p>\n<p><i>IV &#8211; Gerenciar a documenta\u00e7\u00e3o escolar e estat\u00edstica, a estrutura e funcionamento do programa federal vinculado \u00e0 frequ\u00eancia do aluno \u00e0 escola, bem como o registro escolar;<\/i><\/p>\n<p><i>V &#8211; Ampliar gradativamente a jornada de tempo escolar;<\/i><\/p>\n<p><i>VI &#8211; Prover o atendimento educacional especializado com recursos tecnol\u00f3gicos, equipamentos adaptados, acessibilidade arquitet\u00f4nica, entre outros, conforme a necessidade do aluno com defici\u00eancia;<\/i><\/p>\n<p><i>VII &#8211; Articular a\u00e7\u00f5es com outros \u00f3rg\u00e3os p\u00fablicos municipais, estaduais e federal, entidades n\u00e3o-governamentais e de iniciativa privada sem fins lucrativos para complementar o atendimento especializado nas \u00e1reas de educa\u00e7\u00e3o e cultura;<\/i><\/p>\n<p><i>VIII &#8211; Incentivar a pesquisa did\u00e1tico-pedag\u00f3gica no intuito de implementar uma pr\u00e1tica cont\u00ednua de divulga\u00e7\u00e3o e publica\u00e7\u00e3o por meio de eventos na \u00e1rea da educa\u00e7\u00e3o;<\/i><\/p>\n<p><i>IX &#8211; Criar e implementar o Sistema Municipal de Ensino e o Conselho Municipal de Educa\u00e7\u00e3o;<\/i><\/p>\n<p><i>X &#8211; Instituir e orientar os conselhos escolares;<\/i><\/p>\n<p><i>XI &#8211; Proporcionar acesso qualitativo aos recursos tecnol\u00f3gicos para alunos, professores e funcion\u00e1rios;<\/i><\/p>\n<p><i>XII &#8211; Implementar programas de alimenta\u00e7\u00e3o e nutri\u00e7\u00e3o nos estabelecimentos p\u00fablicos municipais de ensino;<\/i><\/p>\n<p><i>XIII &#8211; Participar efetivamente nos conselhos municipais;<\/i><\/p>\n<p><i>XIV &#8211; Prover de transporte escolar, sempre que necess\u00e1rio, de forma a garantir o acesso dos alunos \u00e0 escola;<\/i><\/p>\n<p><i>XV &#8211; Realizar as avalia\u00e7\u00f5es de desempenho dos servidores lotados na Secretaria Municipal de Educa\u00e7\u00e3o e Cultura e participar do processo de reorganiza\u00e7\u00e3o e readequa\u00e7\u00e3o do Sistema de Avalia\u00e7\u00e3o de Desempenho dos professores e demais profissionais que atuam na Secretaria;<\/i><\/p>\n<p><i>XVI &#8211; Intermediar conv\u00eanios, acordos, ajustes, termos de coopera\u00e7\u00e3o t\u00e9cnica e\/ou financeira ou instrumentos cong\u00eaneres, com entidades privadas sem fins lucrativos e \u00f3rg\u00e3os da administra\u00e7\u00e3o direta e indireta da Uni\u00e3o, Estados e outros Munic\u00edpios;<\/i><\/p>\n<p><i>XVII &#8211; Desenvolver a\u00e7\u00f5es integradas com outras Secretarias Municipais;<\/i><\/p>\n<p><i>XVIII &#8211; Estabelecer plano de a\u00e7\u00e3o or\u00e7ament\u00e1rio anual que contemple: a cria\u00e7\u00e3o de mecanismos de controle e avalia\u00e7\u00e3o do sistema de ensino, forma\u00e7\u00e3o continuada, adequa\u00e7\u00e3o do espa\u00e7o f\u00edsico, aquisi\u00e7\u00e3o de materiais e equipamentos, entre outros;<\/i><\/p>\n<p><i>XIX &#8211; Exercer o controle or\u00e7ament\u00e1rio no \u00e2mbito da Secretaria;<\/i><\/p>\n<p><i>XX &#8211; Executar atividades administrativas no \u00e2mbito da Secretaria;<\/i><\/p>\n<p><i>XXI &#8211; Efetuar o planejamento das atividades anuais e plurianuais, no \u00e2mbito da Secretaria;<\/i><\/p>\n<p><i>XXII &#8211; Organizar, administrar, supervisionar, executar, controlar e avaliar a a\u00e7\u00e3o municipal no campo da educa\u00e7\u00e3o, do ensino, inclusive da pr\u00e9-escola e da alfabetiza\u00e7\u00e3o de adultos e da \u00e1rea cultural;<\/i><\/p>\n<p><i>XXIII &#8211; Apoiar e orientar a iniciativa privada nos campos da educa\u00e7\u00e3o, do ensino e da cultura;<\/i><\/p>\n<p><i>XXIX &#8211; Zelar pelo patrim\u00f4nio alocado na unidade, comunicando o \u00f3rg\u00e3o respons\u00e1vel sobre eventuais altera\u00e7\u00f5es\u201d.<\/i><\/p>\n<p>&nbsp;<\/p>\n<p><b><i>Par\u00e1grafo \u00danico\u00a0<\/i><\/b><i>&#8211; A Secretaria Municipal de Educa\u00e7\u00e3o e Cultura ter\u00e1, em sua estrutura:<\/i><\/p>\n<p>&nbsp;<\/p>\n<p><i>a) Secret\u00e1rio Municipal;<\/i><\/p>\n<p><i>b) Secretaria Adjunta;<\/i><\/p>\n<p><i>c) Chefia de Gabinete;<\/i><\/p>\n<p><i>d) Diretorias de Unidades Escolares;<\/i><\/p>\n<p><i>e) Vice-Diretorias de Unidades Escolares;<\/i><\/p>\n<p><i>f) Coordenadoria Pedag\u00f3gica<\/i><\/p>\n<p><i>g) Coordenadoria Administrativa de Educa\u00e7\u00e3o Especial;<\/i><\/p>\n<p><i>h) Coordenadoria Administrativa da Merenda Escolar;<\/i><\/p>\n<p><i>i) Coordenadoria Administrativa do Centro Rural;<\/i><\/p>\n<p><i>j) Coordenadoria Administrativa de Atividades Culturais;<\/i><\/p>\n<p><i>k) Coordenadoria Administrativa do Censo Escolar e Frequ\u00eancia Escolar;<\/i><\/p>\n<p><i>l) Coordenadoria Administrativa de Supervis\u00e3o Escolar;<\/i><\/p>\n<p><i>m) Coordenadoria Administrativa de Transportes;<\/i><\/p>\n<p><i>n) Administra\u00e7\u00e3o da Biblioteca P\u00fablica;<\/i><\/p>\n<p><i>o) Maestro da Banda Marcial (Lei 563\/2013)<\/i><\/p>\n<p><i>p) Coordenador de Inform\u00e1tica (Lei complementar 004\/2015).<\/i><\/p>\n<p>&nbsp;<\/p>\n<p><b>Art. 2\u00ba\u00a0<\/b>&#8211; Ficam criados os cargos comissionados especificados no Anexo I, os quais passam a fazer parte integrante do quadro de Cargos Comissionados deste Munic\u00edpio.<\/p>\n<p><b>Art. 3<\/b>. Ficam estabelecidos os vencimentos dos cargos comissionados a partir de 1\u00ba de Mar\u00e7o de 2020, constantes na tabela no Anexo II, o qual faz parte integrante da presente lei.<\/p>\n<p><b>Art. 4<\/b>. As despesas decorrentes da execu\u00e7\u00e3o desta lei correr\u00e3o \u00e0 conta das dota\u00e7\u00f5es do or\u00e7amento vigente do Munic\u00edpio.<\/p>\n<p><b>Art. 5<\/b>. Esta Lei entra em vigor na data de sua publica\u00e7\u00e3o, revogadas as disposi\u00e7\u00f5es em contr\u00e1rio.<\/p>\n<p>&nbsp;<\/p>\n<p><b>Gabinete do Prefeito Municipal de Lajes\/RN, em 09 de Mar\u00e7o de 2020<\/b><\/p>\n<p>&nbsp;<\/p>\n<p><b><i>JOSE MARQUES FERNANDES<\/i><\/b><\/p>\n<p>Prefeito Municipal<\/p>\n<p>&nbsp;<\/p>\n<p><b>ANEXO I<\/b><\/p>\n<p>Lei Municipal n\u00ba 852\/2020 QUADRO DE CARGOS COMISSIONADOS<\/p>\n<p>&nbsp;<\/p>\n<table class=\"mat\" border=\"1\" cellspacing=\"0\" cellpadding=\"0\" align=\"left\">\n<tbody>\n<tr>\n<td width=\"102\">Cargo:<\/td>\n<td width=\"495\"><b>COORDENADORIA ADMINISTRATIVO<\/b><\/td>\n<\/tr>\n<tr>\n<td width=\"102\">Vagas:<\/td>\n<td width=\"495\">07<\/td>\n<\/tr>\n<tr>\n<td width=\"102\">Carga hor\u00e1ria:<\/td>\n<td width=\"495\">40 horas semanais<\/td>\n<\/tr>\n<tr>\n<td width=\"102\">&nbsp;<\/p>\n<p>Atribui\u00e7\u00f5es:<\/td>\n<td width=\"495\">&#8211; Programar, organizar, orientar, chefiar, controlar e coordenar as atividades da respectiva Coordenadoria, de acordo com o regimento interno da Secretaria de Munic\u00edpio ou \u00f3rg\u00e3o equiparado, com as diretrizes estrat\u00e9gicas tra\u00e7adas pelo governo municipal e sob as orienta\u00e7\u00f5es e determina\u00e7\u00f5es da autoridade hier\u00e1rquica superior;<\/p>\n<p>&#8211; Exercer a coordena\u00e7\u00e3o da gest\u00e3o das pol\u00edticas p\u00fablicas, dos sistemas e programas relativos \u00e0 respectiva Coordenadoria;<\/p>\n<p>&#8211; Promover contatos com os diversos setores envolvidos com os sistemas e programas de responsabilidade da respectiva Coordenadoria, necess\u00e1rios ao desenvolvimento pleno das atividades;<\/p>\n<p>&#8211; Dirigir e coordenar o trabalho dos agentes p\u00fablicos vinculados diretamente \u00e0 Coordenadoria de que \u00e9 respons\u00e1vel;<\/p>\n<p>&#8211; Promover reuni\u00f5es com os servidores para distribui\u00e7\u00e3o das atividades operacionais da respectiva Coordenadoria;<\/p>\n<p>&#8211; Submeter \u00e0 considera\u00e7\u00e3o superior os assuntos que excedam \u00e0 sua compet\u00eancia;<\/p>\n<p>&#8211; Desempenhar outras tarefas compat\u00edveis com a posi\u00e7\u00e3o de chefia e coordena\u00e7\u00e3o.<\/td>\n<\/tr>\n<tr>\n<td width=\"102\">Vencimento:<\/td>\n<td width=\"495\">R$ 1.200,00 mensais<\/td>\n<\/tr>\n<tr>\n<td width=\"102\">Exig\u00eancias \/ Habilita\u00e7\u00e3o:<\/td>\n<td width=\"495\">Ensino M\u00e9dio Completo<\/td>\n<\/tr>\n<\/tbody>\n<\/table>\n<p>&nbsp;<\/p>\n<table class=\"mat\" border=\"1\" cellspacing=\"0\" cellpadding=\"0\" align=\"left\">\n<tbody>\n<tr>\n<td width=\"102\">Cargo:<\/td>\n<td width=\"495\"><b>COORDENADOR PEDAG\u00d3GICO<\/b><\/td>\n<\/tr>\n<tr>\n<td width=\"102\">Vagas:<\/td>\n<td width=\"495\">10<\/td>\n<\/tr>\n<tr>\n<td width=\"102\">Carga hor\u00e1ria:<\/td>\n<td width=\"495\">40 horas semanais<\/td>\n<\/tr>\n<tr>\n<td width=\"102\">&nbsp;<\/td>\n<td width=\"495\">&#8211; Coordenar o planejamento e a avalia\u00e7\u00e3o t\u00e9cnico pedag\u00f3gica do ensino municipal;<\/p>\n<p>&#8211; Auxiliar na elabora\u00e7\u00e3o da proposta pol\u00edtico pedag\u00f3gica propor normas, procedimentos e formular diretrizes para o servi\u00e7o escolar e orienta\u00e7\u00e3o pedag\u00f3gica;<\/p>\n<p>&#8211; Coordenar as atividades t\u00e9cnico-pedag\u00f3gicas a serem implantadas e desenvolvidas nas unidades educacionais, bem como a difus\u00e3o e utiliza\u00e7\u00e3o de<\/td>\n<\/tr>\n<\/tbody>\n<\/table>\n<p>&nbsp;<\/p>\n<table class=\"mat\" border=\"1\" cellspacing=\"0\" cellpadding=\"0\" align=\"left\">\n<tbody>\n<tr>\n<td width=\"102\">Atribui\u00e7\u00f5es:<\/td>\n<td width=\"495\">t\u00e9cnicas e orienta\u00e7\u00e3o e coordena\u00e7\u00e3o pedag\u00f3gica junto aos profissionais da rede municipal;<\/p>\n<p>IV &#8211; Assessorar, assistir e orientar os especialistas em educa\u00e7\u00e3o na compreens\u00e3o e implanta\u00e7\u00e3o das propostas para educa\u00e7\u00e3o do munic\u00edpio;<\/td>\n<\/tr>\n<tr>\n<td width=\"102\">Vencimento:<\/td>\n<td width=\"495\">R$ 2.500,00 mensais<\/td>\n<\/tr>\n<tr>\n<td width=\"102\">Exig\u00eancias \/ Habilita\u00e7\u00e3o:<\/td>\n<td width=\"495\">Gradua\u00e7\u00e3o em Pedagogia ou em n\u00edvel de P\u00f3s Gradua\u00e7\u00e3o na \u00e1rea de Gest\u00e3o Escolar, garantida nesta forma\u00e7\u00e3o a Base Comum Nacional.<\/td>\n<\/tr>\n<\/tbody>\n<\/table>\n<p>&nbsp;<\/p>\n<p><b>Gabinete do Prefeito Municipal de Lajes\/RN, em 09 de Mar\u00e7o de 2020<\/b><\/p>\n<p>&nbsp;<\/p>\n<p>&nbsp;<\/p>\n<p><b><i>JOSE MARQUES FERNANDES<\/i><\/b><\/p>\n<p><b><i><\/i><\/b>&nbsp;<\/p>\n<p>Prefeito Municipal<\/p>\n<p>&nbsp;<\/p>\n<p>ANEXO II<\/p>\n<p>(Lei Municipal n\u00ba 852\/2020) VENCIMENTO BASE DOS CARGOS COMISSIONADOS<\/p>\n<p>&nbsp;<\/p>\n<table class=\"mat\" border=\"1\" cellspacing=\"0\" cellpadding=\"0\" align=\"left\">\n<tbody>\n<tr>\n<td width=\"205\">Coordenador Pedag\u00f3gico<\/td>\n<td width=\"114\">CC-7<\/td>\n<td width=\"142\">10<\/td>\n<td width=\"151\">2.500,00<\/td>\n<\/tr>\n<tr>\n<td width=\"205\">Coordenador Administrativo<\/td>\n<td width=\"114\">CC-8<\/td>\n<td width=\"142\">07<\/td>\n<td width=\"151\">1.200,00<\/td>\n<\/tr>\n<\/tbody>\n<\/table>\n<p>&nbsp;<\/p>\n<p><b>Gabinete do Prefeito Municipal de Lajes\/RN, em 09 de Mar\u00e7o de 2020<\/b><\/p>\n<p>&nbsp;<\/p>\n<p>&nbsp;<\/p>\n<p><b><i>JOSE MARQUES FERNANDES<\/i><\/b><\/p>\n<p><b><i><\/i><\/b>&nbsp;<\/p>\n<p>Prefeito Municipal<\/p>\n<\/div>\n<div class=\"pdfprnt-buttons pdfprnt-buttons-post pdfprnt-bottom-right\"><a href=\"https:\/\/lajes.rn.gov.br\/transparente\/index\/wp-json\/wp\/v2\/posts\/24921?print=pdf\" class=\"pdfprnt-button pdfprnt-button-pdf\" target=\"_blank\" ><img decoding=\"async\" src=\"https:\/\/lajes.rn.gov.br\/transparente\/index\/wp-content\/plugins\/pdf-print\/images\/pdf.png\" alt=\"image_pdf\" title=\"Ver PDF\" \/><\/a><a href=\"https:\/\/lajes.rn.gov.br\/transparente\/index\/wp-json\/wp\/v2\/posts\/24921?print=print\" class=\"pdfprnt-button pdfprnt-button-print\" target=\"_blank\" ><img decoding=\"async\" src=\"https:\/\/lajes.rn.gov.br\/transparente\/index\/wp-content\/plugins\/pdf-print\/images\/print.png\" alt=\"image_print\" title=\"Conte\u00fado de impress\u00e3o\" \/><\/a><\/div>","protected":false},"excerpt":{"rendered":"<p>ESTADO DO RIO GRANDE DO NORTE PREFEITURA MUNICIPAL DE LAJES GABINETE DO PREFEITO LEI MUNICIPAL N\u00ba 852\/2020 &#8211; REPUBLICADO POR INCORRE\u00c7\u00c3O Altera o artigo 33 da Lei 500 de 16 de novembro de 2009 \u2013 que disp\u00f5e sobre a nova Estrutura Organizacional da Administra\u00e7\u00e3o Municipal de Lajes, atrav\u00e9s da extin\u00e7\u00e3o e cria\u00e7\u00e3o de cargos, \u00f3rg\u00e3os [&hellip;]<\/p>\n","protected":false},"author":3,"featured_media":0,"comment_status":"closed","ping_status":"closed","sticky":false,"template":"","format":"standard","meta":{"ocean_post_layout":"","ocean_both_sidebars_style":"","ocean_both_sidebars_content_width":0,"ocean_both_sidebars_sidebars_width":0,"ocean_sidebar":"","ocean_second_sidebar":"","ocean_disable_margins":"enable","ocean_add_body_class":"","ocean_shortcode_before_top_bar":"","ocean_shortcode_after_top_bar":"","ocean_shortcode_before_header":"","ocean_shortcode_after_header":"","ocean_has_shortcode":"","ocean_shortcode_after_title":"","ocean_shortcode_before_footer_widgets":"","ocean_shortcode_after_footer_widgets":"","ocean_shortcode_before_footer_bottom":"","ocean_shortcode_after_footer_bottom":"","ocean_display_top_bar":"default","ocean_display_header":"default","ocean_header_style":"","ocean_center_header_left_menu":"","ocean_custom_header_template":"","ocean_custom_logo":0,"ocean_custom_retina_logo":0,"ocean_custom_logo_max_width":0,"ocean_custom_logo_tablet_max_width":0,"ocean_custom_logo_mobile_max_width":0,"ocean_custom_logo_max_height":0,"ocean_custom_logo_tablet_max_height":0,"ocean_custom_logo_mobile_max_height":0,"ocean_header_custom_menu":"","ocean_menu_typo_font_family":"","ocean_menu_typo_font_subset":"","ocean_menu_typo_font_size":0,"ocean_menu_typo_font_size_tablet":0,"ocean_menu_typo_font_size_mobile":0,"ocean_menu_typo_font_size_unit":"px","ocean_menu_typo_font_weight":"","ocean_menu_typo_font_weight_tablet":"","ocean_menu_typo_font_weight_mobile":"","ocean_menu_typo_transform":"","ocean_menu_typo_transform_tablet":"","ocean_menu_typo_transform_mobile":"","ocean_menu_typo_line_height":0,"ocean_menu_typo_line_height_tablet":0,"ocean_menu_typo_line_height_mobile":0,"ocean_menu_typo_line_height_unit":"","ocean_menu_typo_spacing":0,"ocean_menu_typo_spacing_tablet":0,"ocean_menu_typo_spacing_mobile":0,"ocean_menu_typo_spacing_unit":"","ocean_menu_link_color":"","ocean_menu_link_color_hover":"","ocean_menu_link_color_active":"","ocean_menu_link_background":"","ocean_menu_link_hover_background":"","ocean_menu_link_active_background":"","ocean_menu_social_links_bg":"","ocean_menu_social_hover_links_bg":"","ocean_menu_social_links_color":"","ocean_menu_social_hover_links_color":"","ocean_disable_title":"default","ocean_disable_heading":"default","ocean_post_title":"","ocean_post_subheading":"","ocean_post_title_style":"","ocean_post_title_background_color":"","ocean_post_title_background":0,"ocean_post_title_bg_image_position":"","ocean_post_title_bg_image_attachment":"","ocean_post_title_bg_image_repeat":"","ocean_post_title_bg_image_size":"","ocean_post_title_height":0,"ocean_post_title_bg_overlay":0.5,"ocean_post_title_bg_overlay_color":"","ocean_disable_breadcrumbs":"default","ocean_breadcrumbs_color":"","ocean_breadcrumbs_separator_color":"","ocean_breadcrumbs_links_color":"","ocean_breadcrumbs_links_hover_color":"","ocean_display_footer_widgets":"default","ocean_display_footer_bottom":"default","ocean_custom_footer_template":"","ocean_post_oembed":"","ocean_post_self_hosted_media":"","ocean_post_video_embed":"","ocean_link_format":"","ocean_link_format_target":"self","ocean_quote_format":"","ocean_quote_format_link":"post","ocean_gallery_link_images":"on","ocean_gallery_id":[],"footnotes":""},"categories":[2,49,57],"tags":[],"class_list":["post-24921","post","type-post","status-publish","format-standard","hentry","category-legislacao","category-leis-municipais","category-leis-municipais-2020","entry"],"_links":{"self":[{"href":"https:\/\/lajes.rn.gov.br\/transparente\/index\/wp-json\/wp\/v2\/posts\/24921","targetHints":{"allow":["GET"]}}],"collection":[{"href":"https:\/\/lajes.rn.gov.br\/transparente\/index\/wp-json\/wp\/v2\/posts"}],"about":[{"href":"https:\/\/lajes.rn.gov.br\/transparente\/index\/wp-json\/wp\/v2\/types\/post"}],"author":[{"embeddable":true,"href":"https:\/\/lajes.rn.gov.br\/transparente\/index\/wp-json\/wp\/v2\/users\/3"}],"replies":[{"embeddable":true,"href":"https:\/\/lajes.rn.gov.br\/transparente\/index\/wp-json\/wp\/v2\/comments?post=24921"}],"version-history":[{"count":1,"href":"https:\/\/lajes.rn.gov.br\/transparente\/index\/wp-json\/wp\/v2\/posts\/24921\/revisions"}],"predecessor-version":[{"id":24922,"href":"https:\/\/lajes.rn.gov.br\/transparente\/index\/wp-json\/wp\/v2\/posts\/24921\/revisions\/24922"}],"wp:attachment":[{"href":"https:\/\/lajes.rn.gov.br\/transparente\/index\/wp-json\/wp\/v2\/media?parent=24921"}],"wp:term":[{"taxonomy":"category","embeddable":true,"href":"https:\/\/lajes.rn.gov.br\/transparente\/index\/wp-json\/wp\/v2\/categories?post=24921"},{"taxonomy":"post_tag","embeddable":true,"href":"https:\/\/lajes.rn.gov.br\/transparente\/index\/wp-json\/wp\/v2\/tags?post=24921"}],"curies":[{"name":"wp","href":"https:\/\/api.w.org\/{rel}","templated":true}]}}