{"id":24867,"date":"2021-04-13T17:00:45","date_gmt":"2021-04-13T20:00:45","guid":{"rendered":"https:\/\/lajes.rn.gov.br\/transparente\/index\/?p=24867"},"modified":"2023-02-10T17:01:57","modified_gmt":"2023-02-10T20:01:57","slug":"lei-municipal-n-870-2021-dispoe-sobre-a-obrigatoriedade-de-divulgacao-diaria-de-boletim-exclusivo-sobre-dados-de-vacinacao-no-combate-a-doenca-covid-19-no-ambito-do-municipio-de-lajes-e-da-out","status":"publish","type":"post","link":"https:\/\/lajes.rn.gov.br\/transparente\/index\/lei-municipal-n-870-2021-dispoe-sobre-a-obrigatoriedade-de-divulgacao-diaria-de-boletim-exclusivo-sobre-dados-de-vacinacao-no-combate-a-doenca-covid-19-no-ambito-do-municipio-de-lajes-e-da-out\/","title":{"rendered":"LEI MUNICIPAL N\u00b0 870\/2021 &#8211; Disp\u00f5e sobre a obrigatoriedade de divulga\u00e7\u00e3o di\u00e1ria de boletim exclusivo sobre dados de vacina\u00e7\u00e3o no combate \u00e0 doen\u00e7a COVID-19 no \u00e2mbito do Munic\u00edpio de Lajes e d\u00e1 outras provid\u00eancias"},"content":{"rendered":"<div id=\"separador\" class=\"cabecalhoEstadoSeparador cabecalhoEstadoSeparador1\">\n<p style=\"text-align: center;\"><strong>ESTADO DO RIO GRANDE DO NORTE<\/strong><br \/>\n<strong>PREFEITURA MUNICIPAL DE LAJES<\/strong><\/p>\n<\/div>\n<p class=\"cabecaorgao\" style=\"text-align: center;\"><strong>GABINETE DO PREFEITO<\/strong><\/p>\n<hr \/>\n<div id=\"materia\" class=\"materia materia20091123 materia1\">\n<p>LEI MUNICIPAL N\u00b0 870\/2021<\/p>\n<div class=\"mat\"><\/div>\n<p><i>Disp\u00f5e sobre a obrigatoriedade de divulga\u00e7\u00e3o di\u00e1ria de boletim exclusivo sobre dados de vacina\u00e7\u00e3o no combate \u00e0 doen\u00e7a COVID-19 no \u00e2mbito do Munic\u00edpio de Lajes e d\u00e1 outras provid\u00eancias<\/i><\/p>\n<p>&nbsp;<\/p>\n<p><b>FELIPE FERREIRA DE MENEZES ARA\u00daJO<\/b>, Prefeito Constitucional do Munic\u00edpio de Lajes\/RN, usando de suas atribui\u00e7\u00f5es legais, faz saber a todos os habitantes do Munic\u00edpio, que a C\u00e2mara Municipal aprovou e eu sanciono a seguinte LEI:<\/p>\n<p>&nbsp;<\/p>\n<p><b>Art. 1\u00b0.\u00a0<\/b>A Prefeitura Municipal de Lajes, por seu Gestor, e Secretaria Municipal de Sa\u00fade de Lajes, por seu Gestor, ficam obrigados a divulgar diariamente o boletim de vacina\u00e7\u00e3o de combate a COVID-19 no \u00e2mbito do Munic\u00edpio de Lajes.<\/p>\n<p>&nbsp;<\/p>\n<p><b>Art. 2\u00b0.\u00a0<\/b>A divulga\u00e7\u00e3o do boletim de divulga\u00e7\u00e3o ser\u00e1 denominada de &#8220;Vacin\u00f3metro da COVID-19&#8221; e ser\u00e1 divulgado em todos os dias da semana, de forma ininterrupta, at\u00e9 \u00e0s 18 (dezoito) horas informando sobre a situa\u00e7\u00e3o atualizada das vacinas de combate \u00e0 doen\u00e7a COVID-19 em Lajes, com os dados registrados nas \u00faltimas 24 (vinte e quatro) horas, bem como com os dados acumulados, compreendendo, no m\u00ednimo, as seguintes informa\u00e7\u00f5es:<\/p>\n<p>I. Total de vacinas recebidas pelo Munic\u00edpio de Lajes, indicando qual o fabricante;<\/p>\n<p>II. Total de vacinas aplicadas por cada dia, especificando a dose aplicada, a faixa et\u00e1ria das pessoas que receberam e esclarecendo o crit\u00e9rio de aplica\u00e7\u00e3o;<\/p>\n<p>III. Total de doses desperdi\u00e7adas.<\/p>\n<p>&nbsp;<\/p>\n<p><b>Par\u00e1grafo \u00fanico.\u00a0<\/b>O boletim de que trata o caput ser\u00e1 publicado nas redes sociais mantidas na rede mundial de computadores, e ainda na p\u00e1gina principal do s\u00edtio eletr\u00f4nico da Prefeitura de Lajes.<\/p>\n<p>&nbsp;<\/p>\n<p><b>Art. 3\u00b0.\u00a0<\/b>N\u00e3o havendo possibilidade de divulga\u00e7\u00e3o por raz\u00f5es t\u00e9cnicas, a Prefeitura Municipal de Lajes dever\u00e1 publicar documento na forma do par\u00e1grafo \u00fanico do art. 2\u00b0 explicando as raz\u00f5es, e ainda se obrigando a publicar o boletim t\u00e3o logo o fato impeditivo seja solucionado.<\/p>\n<p>&nbsp;<\/p>\n<p><b>Art. 4\u00b0.\u00a0<\/b>O n\u00e3o cumprimento desta Lei ensejar\u00e1 em crime de responsabilidade na forma do art. 1\u00b0, inciso XIV do Decreto-Lei n. 201\/1967.<\/p>\n<p>&nbsp;<\/p>\n<p><b>Art. 5\u00b0.\u00a0<\/b>Esta Lei entra em vigor na data de sua publica\u00e7\u00e3o, revogando-se \u00e0s disposi\u00e7\u00f5es contr\u00e1rias.<\/p>\n<p>&nbsp;<\/p>\n<p><b>Gabinete do Prefeito Municipal de Lajes\/RN, em 13 de abril de 2021.<\/b><\/p>\n<p>&nbsp;<\/p>\n<p><b><i>FELIPE FERREIRA DE MENEZES ARA\u00daJO<\/i><\/b><\/p>\n<p>Prefeito Municipal<\/p>\n<\/div>\n<div class=\"pdfprnt-buttons pdfprnt-buttons-post pdfprnt-bottom-right\"><a href=\"https:\/\/lajes.rn.gov.br\/transparente\/index\/wp-json\/wp\/v2\/posts\/24867?print=pdf\" class=\"pdfprnt-button pdfprnt-button-pdf\" target=\"_blank\" ><img decoding=\"async\" src=\"https:\/\/lajes.rn.gov.br\/transparente\/index\/wp-content\/plugins\/pdf-print\/images\/pdf.png\" alt=\"image_pdf\" title=\"Ver PDF\" \/><\/a><a href=\"https:\/\/lajes.rn.gov.br\/transparente\/index\/wp-json\/wp\/v2\/posts\/24867?print=print\" class=\"pdfprnt-button pdfprnt-button-print\" target=\"_blank\" ><img decoding=\"async\" src=\"https:\/\/lajes.rn.gov.br\/transparente\/index\/wp-content\/plugins\/pdf-print\/images\/print.png\" alt=\"image_print\" title=\"Conte\u00fado de impress\u00e3o\" \/><\/a><\/div>","protected":false},"excerpt":{"rendered":"<p>ESTADO DO RIO GRANDE DO NORTE PREFEITURA MUNICIPAL DE LAJES GABINETE DO PREFEITO LEI MUNICIPAL N\u00b0 870\/2021 Disp\u00f5e sobre a obrigatoriedade de divulga\u00e7\u00e3o di\u00e1ria de boletim exclusivo sobre dados de vacina\u00e7\u00e3o no combate \u00e0 doen\u00e7a COVID-19 no \u00e2mbito do Munic\u00edpio de Lajes e d\u00e1 outras provid\u00eancias &nbsp; FELIPE FERREIRA DE MENEZES ARA\u00daJO, Prefeito Constitucional do [&hellip;]<\/p>\n","protected":false},"author":3,"featured_media":0,"comment_status":"closed","ping_status":"closed","sticky":false,"template":"","format":"standard","meta":{"ocean_post_layout":"","ocean_both_sidebars_style":"","ocean_both_sidebars_content_width":0,"ocean_both_sidebars_sidebars_width":0,"ocean_sidebar":"","ocean_second_sidebar":"","ocean_disable_margins":"enable","ocean_add_body_class":"","ocean_shortcode_before_top_bar":"","ocean_shortcode_after_top_bar":"","ocean_shortcode_before_header":"","ocean_shortcode_after_header":"","ocean_has_shortcode":"","ocean_shortcode_after_title":"","ocean_shortcode_before_footer_widgets":"","ocean_shortcode_after_footer_widgets":"","ocean_shortcode_before_footer_bottom":"","ocean_shortcode_after_footer_bottom":"","ocean_display_top_bar":"default","ocean_display_header":"default","ocean_header_style":"","ocean_center_header_left_menu":"","ocean_custom_header_template":"","ocean_custom_logo":0,"ocean_custom_retina_logo":0,"ocean_custom_logo_max_width":0,"ocean_custom_logo_tablet_max_width":0,"ocean_custom_logo_mobile_max_width":0,"ocean_custom_logo_max_height":0,"ocean_custom_logo_tablet_max_height":0,"ocean_custom_logo_mobile_max_height":0,"ocean_header_custom_menu":"","ocean_menu_typo_font_family":"","ocean_menu_typo_font_subset":"","ocean_menu_typo_font_size":0,"ocean_menu_typo_font_size_tablet":0,"ocean_menu_typo_font_size_mobile":0,"ocean_menu_typo_font_size_unit":"px","ocean_menu_typo_font_weight":"","ocean_menu_typo_font_weight_tablet":"","ocean_menu_typo_font_weight_mobile":"","ocean_menu_typo_transform":"","ocean_menu_typo_transform_tablet":"","ocean_menu_typo_transform_mobile":"","ocean_menu_typo_line_height":0,"ocean_menu_typo_line_height_tablet":0,"ocean_menu_typo_line_height_mobile":0,"ocean_menu_typo_line_height_unit":"","ocean_menu_typo_spacing":0,"ocean_menu_typo_spacing_tablet":0,"ocean_menu_typo_spacing_mobile":0,"ocean_menu_typo_spacing_unit":"","ocean_menu_link_color":"","ocean_menu_link_color_hover":"","ocean_menu_link_color_active":"","ocean_menu_link_background":"","ocean_menu_link_hover_background":"","ocean_menu_link_active_background":"","ocean_menu_social_links_bg":"","ocean_menu_social_hover_links_bg":"","ocean_menu_social_links_color":"","ocean_menu_social_hover_links_color":"","ocean_disable_title":"default","ocean_disable_heading":"default","ocean_post_title":"","ocean_post_subheading":"","ocean_post_title_style":"","ocean_post_title_background_color":"","ocean_post_title_background":0,"ocean_post_title_bg_image_position":"","ocean_post_title_bg_image_attachment":"","ocean_post_title_bg_image_repeat":"","ocean_post_title_bg_image_size":"","ocean_post_title_height":0,"ocean_post_title_bg_overlay":0.5,"ocean_post_title_bg_overlay_color":"","ocean_disable_breadcrumbs":"default","ocean_breadcrumbs_color":"","ocean_breadcrumbs_separator_color":"","ocean_breadcrumbs_links_color":"","ocean_breadcrumbs_links_hover_color":"","ocean_display_footer_widgets":"default","ocean_display_footer_bottom":"default","ocean_custom_footer_template":"","ocean_post_oembed":"","ocean_post_self_hosted_media":"","ocean_post_video_embed":"","ocean_link_format":"","ocean_link_format_target":"self","ocean_quote_format":"","ocean_quote_format_link":"post","ocean_gallery_link_images":"on","ocean_gallery_id":[],"footnotes":""},"categories":[12,2,73,49,58],"tags":[],"class_list":["post-24867","post","type-post","status-publish","format-standard","hentry","category-covid-19","category-legislacao","category-legislacao-covid-19","category-leis-municipais","category-leis-municipais-2021","entry"],"_links":{"self":[{"href":"https:\/\/lajes.rn.gov.br\/transparente\/index\/wp-json\/wp\/v2\/posts\/24867","targetHints":{"allow":["GET"]}}],"collection":[{"href":"https:\/\/lajes.rn.gov.br\/transparente\/index\/wp-json\/wp\/v2\/posts"}],"about":[{"href":"https:\/\/lajes.rn.gov.br\/transparente\/index\/wp-json\/wp\/v2\/types\/post"}],"author":[{"embeddable":true,"href":"https:\/\/lajes.rn.gov.br\/transparente\/index\/wp-json\/wp\/v2\/users\/3"}],"replies":[{"embeddable":true,"href":"https:\/\/lajes.rn.gov.br\/transparente\/index\/wp-json\/wp\/v2\/comments?post=24867"}],"version-history":[{"count":1,"href":"https:\/\/lajes.rn.gov.br\/transparente\/index\/wp-json\/wp\/v2\/posts\/24867\/revisions"}],"predecessor-version":[{"id":24868,"href":"https:\/\/lajes.rn.gov.br\/transparente\/index\/wp-json\/wp\/v2\/posts\/24867\/revisions\/24868"}],"wp:attachment":[{"href":"https:\/\/lajes.rn.gov.br\/transparente\/index\/wp-json\/wp\/v2\/media?parent=24867"}],"wp:term":[{"taxonomy":"category","embeddable":true,"href":"https:\/\/lajes.rn.gov.br\/transparente\/index\/wp-json\/wp\/v2\/categories?post=24867"},{"taxonomy":"post_tag","embeddable":true,"href":"https:\/\/lajes.rn.gov.br\/transparente\/index\/wp-json\/wp\/v2\/tags?post=24867"}],"curies":[{"name":"wp","href":"https:\/\/api.w.org\/{rel}","templated":true}]}}