{"id":24835,"date":"2022-10-26T16:29:44","date_gmt":"2022-10-26T19:29:44","guid":{"rendered":"https:\/\/lajes.rn.gov.br\/transparente\/index\/?p=24835"},"modified":"2023-02-10T16:30:53","modified_gmt":"2023-02-10T19:30:53","slug":"edital-no-012-2022-selecao-simplificada-de-artistas-e-escritores-que-participarao-do-flilajes-2022","status":"publish","type":"post","link":"https:\/\/lajes.rn.gov.br\/transparente\/index\/edital-no-012-2022-selecao-simplificada-de-artistas-e-escritores-que-participarao-do-flilajes-2022\/","title":{"rendered":"EDITAL N\u00ba 012\/2022 &#8211; \u201cSele\u00e7\u00e3o simplificada de artistas e escritores que participar\u00e3o do FLILAJES 2022. \u201c"},"content":{"rendered":"<div id=\"separador\" class=\"cabecalhoEstadoSeparador cabecalhoEstadoSeparador1\">\n<p style=\"text-align: center;\"><strong>ESTADO DO RIO GRANDE DO NORTE<\/strong><br \/>\n<strong>PREFEITURA MUNICIPAL DE LAJES<\/strong><\/p>\n<\/div>\n<p class=\"cabecaorgao\" style=\"text-align: center;\"><strong>GABINETE DO PREFEITO<\/strong><\/p>\n<hr \/>\n<div id=\"materia\" class=\"materia materia20091123 materia1\">\n<p>EDITAL N\u00ba 012\/2022<\/p>\n<div class=\"mat\"><\/div>\n<p><i>\u201cSele\u00e7\u00e3o simplificada de artistas e escritores que participar\u00e3o do FLILAJES 2022. \u201c<\/i><\/p>\n<p>&nbsp;<\/p>\n<p>A Prefeitura Municipal de Lajes\/RN, via Secretaria Municipal de Educa\u00e7\u00e3o e Cultura, torna p\u00fablico o Edital de SELE\u00c7\u00c3O SIMPLIFICADA DE ARTISTAS E ESCRITORES QUE PARTICIPAR\u00c3O DO FLILAJES 2022.<\/p>\n<p>O presente EDITAL visa contribuir com a classe de artistas e escritores que participam do FLILAJES de forma a incentivar a produ\u00e7\u00e3o de livros e as formas de artes populares, como produ\u00e7\u00e3o e declama\u00e7\u00e3o de cordel, moda de viola e teatro de bonecos.<\/p>\n<p>&nbsp;<\/p>\n<p><b>1. DO OBJETO<\/b><\/p>\n<p>1. O objeto deste Edital \u00e9 o convite e sele\u00e7\u00e3o de escritores(as) e artistas de arte popular para a realiza\u00e7\u00e3o de lan\u00e7amentos de suas obras e demonstra\u00e7\u00f5es de suas artes no per\u00edodo que compreender\u00e1 a programa\u00e7\u00e3o oficial do 7\u00ba Festival Liter\u00e1rio de Lajes &#8211; FLILAJES, que ser\u00e1 realizado nos dias 01; 03; 04 e 05 de Novembro de 2022.<\/p>\n<p>1.2.1 No quesito Escritores, podem participar do chamamento escritores(as) residentes em Lajes\/RN ou pertencentes a Associa\u00e7\u00f5es Liter\u00e1rias que contenham escritores lajenses.<\/p>\n<p>1.2.2 No quesito artistas de arte popular, podem participar do Edital artistas residentes no Rio Grande do Norte, seguindo as especifica\u00e7\u00f5es descritas nos itens 2 e 3 deste Edital.<\/p>\n<p>1.3 \u00c9 assegurado o direito ao pleito das vagas a qualquer interessado(a) que preencha as exig\u00eancias estabelecidas no presente Edital.<\/p>\n<p>1.4 O processo deste Edital se desenvolver\u00e1 da seguinte forma: a) Inscri\u00e7\u00e3o; b) Sele\u00e7\u00e3o; c) Execu\u00e7\u00e3o. d) Publica\u00e7\u00e3o do resultado;<\/p>\n<p>1.5 Este Edital n\u00e3o prev\u00ea o custeio de cach\u00eas para deslocamento, estadia e alimenta\u00e7\u00e3o dos participantes(as).<\/p>\n<p>&nbsp;<\/p>\n<p><b>2. DAS VAGAS E VALORES<\/b><\/p>\n<p>&nbsp;<\/p>\n<p>2.1 Ser\u00e3o disponibilizadas 05 vagas para a categoria de Escritores lajenses ou participantes de Associa\u00e7\u00e3o Liter\u00e1ria que contenham escritores lajenses. Cada Escritor selecionado ter\u00e1 a premia\u00e7\u00e3o de R$ 1.000,00<\/p>\n<p>2.2 Ser\u00e1 disponibilizada 1 vaga para cordelista declamador com presen\u00e7a de palco com premia\u00e7\u00e3o de R$ 700,00<\/p>\n<p>2.3 Ser\u00e1 disponibilizada 1 vaga para dupla de violeiros (cantadores de viola) com premia\u00e7\u00e3o no valor de R$ 1.000,00 para a dupla<\/p>\n<p>2.4 Ser\u00e1 disponibilizada 1 vaga para artista que trabalhe com bonecos (bonequeiro) com premia\u00e7\u00e3o no valor de R$ 500,00.<\/p>\n<p>&nbsp;<\/p>\n<p><b>3. DAS INCRI\u00c7\u00d5ES E CRIT\u00c9RIOS DE PARTICIPA\u00c7\u00c3O<\/b><\/p>\n<p>&nbsp;<\/p>\n<p>3.1 As inscri\u00e7\u00f5es ficar\u00e3o abertas no per\u00edodo de 28 de outubro a 01 de novembro de 2022, pelo link disponibilizado nos anexos deste Edital, com o envio de comprova\u00e7\u00f5es exigidas no e-mail disponibilizado nos anexos deste Edital.<\/p>\n<p>3.2. Os(as) interessados(as) poder\u00e3o participar nas categorias de escritores(as) lajenses ou artistas norte-rio-grandenses.<\/p>\n<p>3.3 Somente ser\u00e3o admitidos(as) neste chamamento os interessados que atenderem a todas as exig\u00eancias contidas neste Edital e seus anexos.<\/p>\n<p>3.4 Os interessados nas vagas dever\u00e3o ser brasileiros natos e residirem no Rio Grande do Norte.<\/p>\n<p>3.5 Os interessados nas vagas dever\u00e3o provar, mediante envio de documentos para o e-mail disponibilizado no link, que exercitam suas fun\u00e7\u00f5es nas vagas que est\u00e3o sendo concorridas. Todos os candidatos devem enviar para o e-mail disponibilizado: Um resumo de sua Biografia; Documento original com foto escaneado, para fins de identifica\u00e7\u00e3o.<\/p>\n<p>3.6 Os interessados nas vagas deste Edital s\u00f3 poder\u00e3o concorrer a apenas uma vaga.<\/p>\n<p>Todos devem enviar documento original com foto escaneado, para fins de identifica\u00e7\u00e3o.<\/p>\n<p>3.5.1. Para os candidatos a escritores, al\u00e9m da inscri\u00e7\u00e3o realizada, \u00e9 necess\u00e1rio que se compare\u00e7a na Secretaria Municipal de Educa\u00e7\u00e3o e Cultura de Lajes, localizada na rua Tabeli\u00e3o Jos\u00e9 Edson Martins n. 08, no dia 01\/10\/2022, das 8h \u00e0s 12h para deixar na recep\u00e7\u00e3o um exemplar de sua obra liter\u00e1ria que ser\u00e1 trabalhada no FLILAJES 2022.\u00a0<b>OBS:<\/b>\u00a0Os candidatos pertencentes a Associa\u00e7\u00f5es Liter\u00e1rias que contenham escritores lajenses devem trazer obra liter\u00e1ria que contenha ao menos uma participa\u00e7\u00e3o de escritores lajenses, como colet\u00e2nea ou afins.<\/p>\n<p>3.5.2 Para os demais artistas, devem ser enviados para o e-mail disponibilizado, al\u00e9m do resumo de sua Biografia e do documento original com foto escaneado: Fotografias comprovando o exerc\u00edcio da arte e os links de suas redes sociais (quando houver), bem como comprova\u00e7\u00f5es de que j\u00e1 se apresentou em outros eventos, como convites, cartazes e afins que contenham os nomes dos artistas candidatos.<\/p>\n<p>3.6 Os interessados nas vagas deste Edital s\u00f3 poder\u00e3o concorrer a apenas uma vaga;<\/p>\n<p>&nbsp;<\/p>\n<p><b>4. DA SELE\u00c7\u00c3O<\/b><\/p>\n<p>&nbsp;<\/p>\n<p>4.1 Os candidatos ter\u00e3o suas inscri\u00e7\u00f5es avaliadas pela Comiss\u00e3o Avaliadora do FLILAJES 2022 designada para este fim. A comiss\u00e3o Avaliadora julgar\u00e1 entre o material recebido, quais candidatos mais aptos a colaborarem com as apresenta\u00e7\u00f5es requeridas para o FLILAJES 2022, entre os candidatos concorrentes.<\/p>\n<p>4.2 Ap\u00f3s selecionados, os candidatos que desejem fazer jus ao pr\u00eamio de sua vaga, dever\u00e3o se disponibilizar \u00e0 Equipe Organizadora do 7\u00ba FLILAJES para fazerem parte das apresenta\u00e7\u00f5es p\u00fablicas do Festival, pensadas para acontecer entre os dias 03 a 05 de novembro de 2022.<\/p>\n<p>4.2.1 Os escritores selecionados dever\u00e3o comparecer na noite do dia 03\/11\/2022, \u00e0s 18h30min no Largo da Esta\u00e7\u00e3o das Artes Poeta Ant\u00f4nio Cruz, para lan\u00e7amento de sua obra liter\u00e1ria e na ocasi\u00e3o, dever\u00e3o deixar 13 obras liter\u00e1rias suas para serem doadas para as escolas e bibliotecas p\u00fablicas de Lajes, RN.<\/p>\n<p>4.2.2 Os artistas selecionados dever\u00e3o comparecer na manh\u00e3 do dia 05\/11\/2022, \u00e0s 9h no Espa\u00e7o Geraldo da Silva, no Mercado P\u00fablico de Lajes, RN, para fazerem suas apresenta\u00e7\u00f5es no S\u00e1bado Cultural do 7\u00ba FLILAJES.<\/p>\n<p>4.3 Os escritores e artistas que n\u00e3o forem selecionados tamb\u00e9m poder\u00e3o expor sua obra e apresentar sua arte durante a realiza\u00e7\u00e3o do FLILAJES 2022, de forma volunt\u00e1ria.<\/p>\n<p>4.4 Aos escritores selecionados ou n\u00e3o, ser\u00e1 disponibilizado nas imedia\u00e7\u00f5es da Esta\u00e7\u00e3o das Artes Poeta Ant\u00f4nio Cruz, ap\u00f3s os lan\u00e7amentos das obras liter\u00e1rias, o Espa\u00e7o do Escritor, onde os escritores poder\u00e3o expor suas obras e organizar momentos de aut\u00f3grafos, em hor\u00e1rios organizados pela Equipe Organizadora do FLILAJES 2022. Sugerimos aos escritores que levem um colaborador para o Espa\u00e7o do escritor que possa se responsabilizar pelo transporte e venda do livro que ser\u00e1 lan\u00e7ado\/autografado durante o seu hor\u00e1rio.<\/p>\n<p>&nbsp;<\/p>\n<p><b>5. DAS VEDA\u00c7\u00d5ES, JULGAMENTO E PREMIA\u00c7\u00d5ES<\/b><\/p>\n<p>&nbsp;<\/p>\n<p>5.1 N\u00e3o ser\u00e3o aceitas inscri\u00e7\u00f5es que contenham quaisquer conte\u00fados que infrinjam as leis vigentes no pa\u00eds.<\/p>\n<p>5.2. N\u00e3o ser\u00e1 habilitado(a) para receber o pr\u00eamio o(a) candidato(a) quer deixar de entregar os itens exigidos na inscri\u00e7\u00e3o e\/ou na sele\u00e7\u00e3o e\/ou apresenta\u00e7\u00e3o art\u00edstica ou que se omitam de prestar informa\u00e7\u00f5es complementares, solicitadas durante o processo de chamamento.<\/p>\n<p>5.3. As inscri\u00e7\u00f5es e participa\u00e7\u00f5es ser\u00e3o avaliadas pela Comiss\u00e3o Avaliadora do FLILAJES 2022.<\/p>\n<p>5.4 N\u00e3o cabe nenhum recurso contra qualquer julgamento da Comiss\u00e3o Avaliadora, haja vista que a finalidade do Edital \u00e9 t\u00e3o somente contribuir com a difus\u00e3o da leitura pior meio da realiza\u00e7\u00e3o do 7\u00ba FLILAJES.<\/p>\n<p>5.5. Todas as propostas de obras liter\u00e1rias e seus autores ser\u00e3o avaliadas seguindo os seguintes crit\u00e9rios e recebendo a nota m\u00e1xima de\u00a0<b>100 pontos<\/b>, sendo assim dividida:\u00a0<b>1 \u2013 Identifica\u00e7\u00e3o do Candidato (2,0); 2 &#8211; Qualidade art\u00edstica e t\u00e9cnica das obras (3,0); 3 &#8211; Tem\u00e1tica dos livros (3,0): 4- Biografia (2,0).<\/b><\/p>\n<p>5.6 Todos os demais artistas ser\u00e3o avaliados seguindo os seguintes crit\u00e9rios e recebendo a nota m\u00e1xima de\u00a0<b>100 pontos<\/b>, sendo assim dividida:\u00a0<b>1 \u2013 Identifica\u00e7\u00e3o do Candidato (2,0); 2 \u2013 Comprova\u00e7\u00e3o do Exerc\u00edcio da arte (3,0); 3 \u2013 Participa\u00e7\u00e3o em outros eventos liter\u00e1rios ou culturais (3,0); 4- Biografia (2,0).<\/b><\/p>\n<p>5.7 O envio da inscri\u00e7\u00e3o pelos candidatos implica concord\u00e2ncia total com todos os termos deste Edital.<\/p>\n<p>&nbsp;<\/p>\n<p><b>6. DA DIVULGA\u00c7\u00c3O DO RESULTADO<\/b><\/p>\n<p>&nbsp;<\/p>\n<p>6. 1 O resultado da sele\u00e7\u00e3o ser\u00e1 publicado e divulgado pelo envio de comunica\u00e7\u00e3o direta aos escritores\/as selecionados\/as, via e-mail e\/ou WhatsApp.<\/p>\n<p>18.2 A divulga\u00e7\u00e3o geral ser\u00e1 feita nas redes sociais da Prefeitura Municipal de Lajes\/RN.<\/p>\n<p>&nbsp;<\/p>\n<p><b>7. DO CRONOGRAMA<\/b><\/p>\n<p>&nbsp;<\/p>\n<table class=\"mat\" border=\"1\" cellspacing=\"0\" cellpadding=\"0\" align=\"left\">\n<tbody>\n<tr>\n<td width=\"221\"><b>DATA<\/b><\/td>\n<td width=\"221\"><b>HORA<\/b><\/td>\n<td width=\"221\"><b>LOCAL<\/b><\/td>\n<td width=\"221\"><b>A\u00c7\u00d5ES<\/b><\/td>\n<\/tr>\n<tr>\n<td width=\"221\">28\/10 a 01\/11<\/td>\n<td width=\"221\">Livre<\/td>\n<td width=\"221\">Internet<\/td>\n<td width=\"221\">Inscri\u00e7\u00f5es<\/td>\n<\/tr>\n<tr>\n<td width=\"221\">01\/11\/2022<\/td>\n<td width=\"221\">8h \u00e0s 12h<\/td>\n<td width=\"221\">Secretaria Municipal de Educa\u00e7\u00e3o de Lajes, RN<\/td>\n<td width=\"221\">Entrega da obra liter\u00e1ria<\/td>\n<\/tr>\n<tr>\n<td width=\"221\">02\/11\/2022<\/td>\n<td width=\"221\">Livre<\/td>\n<td width=\"221\">Redes sociais pessoais (WhatsApp e e-mail)<\/td>\n<td width=\"221\">Comunica\u00e7\u00e3o da sele\u00e7\u00e3o aos candidatos<\/td>\n<\/tr>\n<tr>\n<td width=\"221\">03\/11\/2022<\/td>\n<td width=\"221\">18h30min<\/td>\n<td width=\"221\">Esta\u00e7\u00e3o das Artes Poeta Ant\u00f4nio Cruz<\/td>\n<td width=\"221\">Lan\u00e7amento das obras liter\u00e1rias<\/td>\n<\/tr>\n<tr>\n<td width=\"221\">05\/11\/2022<\/td>\n<td width=\"221\">9h<\/td>\n<td width=\"221\">Espa\u00e7o Geraldo da Silva \u2013 Mercado P\u00fablico Municipal<\/td>\n<td width=\"221\">Apresenta\u00e7\u00f5es dos artistas selecionados<\/td>\n<\/tr>\n<tr>\n<td width=\"221\">05\/11\/2022<\/td>\n<td width=\"221\">Livre<\/td>\n<td width=\"221\">Redes Sociais da Prefeitura e D.O.<\/td>\n<td width=\"221\">Resultado Final<\/td>\n<\/tr>\n<\/tbody>\n<\/table>\n<p>&nbsp;<\/p>\n<p><b>8. DAS DISPOSI\u00c7\u00d5ES FINAIS<\/b><\/p>\n<p>&nbsp;<\/p>\n<p>8.1. Caber\u00e1 a Comiss\u00e3o Organizador a escolha das propostas e n\u00e3o haver\u00e1 recursos quanto \u00e0s suas decis\u00f5es.<\/p>\n<p>8.2 A realiza\u00e7\u00e3o da inscri\u00e7\u00e3o implica na total aceita\u00e7\u00e3o deste Edital.<\/p>\n<p>8.3 Ao serem selecionados, os candidatos autorizam a equipe de divulga\u00e7\u00e3o do 7\u00ba Festival Liter\u00e1rio de Lajes a utilizar nas pe\u00e7as de divulga\u00e7\u00e3o do projeto: fichas t\u00e9cnicas, fotografia, imagens, informa\u00e7\u00f5es e materiais entregues na inscri\u00e7\u00e3o.<\/p>\n<p>8.4 Consideram-se pe\u00e7as de divulga\u00e7\u00e3o: v\u00eddeos, relat\u00f3rios, cat\u00e1logos e demais produtos resultantes do projeto.<\/p>\n<p>8.5 O material de divulga\u00e7\u00e3o produzido ou disponibilizado para o 7\u00ba Festival Liter\u00e1rio de Lajes, e os registros das apresenta\u00e7\u00f5es (em foto, v\u00eddeo e \u00e1udio) ficar\u00e3o \u00e0 disposi\u00e7\u00e3o da Prefeitura Municipal de Lajes e suas secretarias como material institucional, sem qualquer custo adicional, por prazo indeterminado.<\/p>\n<p>8.6 Todos os participantes escolhidos por este Edital receber\u00e3o CERTIFICADO DE PARTICIPA\u00c7\u00c3O no 7\u00ba Festival Liter\u00e1rio de Lajes, se assim o requererem.<\/p>\n<p>8.7 Outras informa\u00e7\u00f5es poder\u00e3o ser solicitadas pelo n\u00famero da SEMEC: (84) 9 9676-4915.<\/p>\n<p>&nbsp;<\/p>\n<p><b>Registra-se, Publica-se e Cumpra-se.<\/b><\/p>\n<p>&nbsp;<\/p>\n<p><b>Prefeitura Municipal de Lajes\/RN, aos 26 do m\u00eas de outubro do ano de 2022.<\/b><\/p>\n<p>&nbsp;<\/p>\n<p><b><i>FELIPE FERREIRA DE MENEZES ARA\u00daJO<\/i><\/b><\/p>\n<p>Prefeito Municipal<\/p>\n<p>&nbsp;<\/p>\n<p><b><i>VITORIA MARIA AVELINO DE PAIVA<\/i><\/b><\/p>\n<p>Secret\u00e1ria Municipal de Educa\u00e7\u00e3o e Cultura<\/p>\n<p>&nbsp;<\/p>\n<p><b>ANEXO \u00daNICO<\/b><\/p>\n<p>&nbsp;<\/p>\n<p>1. LINK PARA ACESSAR O FORMUL\u00c1RIO DE INSCRI\u00c7\u00c3O<\/p>\n<p>&nbsp;<\/p>\n<p>1.1 https:\/\/forms.gle\/wcuswXi4ceqx8Cch9<\/p>\n<p>&nbsp;<\/p>\n<p>2. E-MAIL PARA ENVIAR OS DEMAIS DOCUMENTOS EXIGIDOS PELO EDITAL (VIDE ITEM 03 DO EDITAL<\/p>\n<p>&nbsp;<\/p>\n<p>2.1\u00a0smelajes@gmail.com<\/p>\n<\/div>\n<div class=\"pdfprnt-buttons pdfprnt-buttons-post pdfprnt-bottom-right\"><a href=\"https:\/\/lajes.rn.gov.br\/transparente\/index\/wp-json\/wp\/v2\/posts\/24835?print=pdf\" class=\"pdfprnt-button pdfprnt-button-pdf\" target=\"_blank\" ><img decoding=\"async\" src=\"https:\/\/lajes.rn.gov.br\/transparente\/index\/wp-content\/plugins\/pdf-print\/images\/pdf.png\" alt=\"image_pdf\" title=\"Ver PDF\" \/><\/a><a href=\"https:\/\/lajes.rn.gov.br\/transparente\/index\/wp-json\/wp\/v2\/posts\/24835?print=print\" class=\"pdfprnt-button pdfprnt-button-print\" target=\"_blank\" ><img decoding=\"async\" src=\"https:\/\/lajes.rn.gov.br\/transparente\/index\/wp-content\/plugins\/pdf-print\/images\/print.png\" alt=\"image_print\" title=\"Conte\u00fado de impress\u00e3o\" \/><\/a><\/div>","protected":false},"excerpt":{"rendered":"<p>ESTADO DO RIO GRANDE DO NORTE PREFEITURA MUNICIPAL DE LAJES GABINETE DO PREFEITO EDITAL N\u00ba 012\/2022 \u201cSele\u00e7\u00e3o simplificada de artistas e escritores que participar\u00e3o do FLILAJES 2022. \u201c &nbsp; A Prefeitura Municipal de Lajes\/RN, via Secretaria Municipal de Educa\u00e7\u00e3o e Cultura, torna p\u00fablico o Edital de SELE\u00c7\u00c3O SIMPLIFICADA DE ARTISTAS E ESCRITORES QUE PARTICIPAR\u00c3O DO [&hellip;]<\/p>\n","protected":false},"author":3,"featured_media":0,"comment_status":"closed","ping_status":"closed","sticky":false,"template":"","format":"standard","meta":{"ocean_post_layout":"","ocean_both_sidebars_style":"","ocean_both_sidebars_content_width":0,"ocean_both_sidebars_sidebars_width":0,"ocean_sidebar":"","ocean_second_sidebar":"","ocean_disable_margins":"enable","ocean_add_body_class":"","ocean_shortcode_before_top_bar":"","ocean_shortcode_after_top_bar":"","ocean_shortcode_before_header":"","ocean_shortcode_after_header":"","ocean_has_shortcode":"","ocean_shortcode_after_title":"","ocean_shortcode_before_footer_widgets":"","ocean_shortcode_after_footer_widgets":"","ocean_shortcode_before_footer_bottom":"","ocean_shortcode_after_footer_bottom":"","ocean_display_top_bar":"default","ocean_display_header":"default","ocean_header_style":"","ocean_center_header_left_menu":"","ocean_custom_header_template":"","ocean_custom_logo":0,"ocean_custom_retina_logo":0,"ocean_custom_logo_max_width":0,"ocean_custom_logo_tablet_max_width":0,"ocean_custom_logo_mobile_max_width":0,"ocean_custom_logo_max_height":0,"ocean_custom_logo_tablet_max_height":0,"ocean_custom_logo_mobile_max_height":0,"ocean_header_custom_menu":"","ocean_menu_typo_font_family":"","ocean_menu_typo_font_subset":"","ocean_menu_typo_font_size":0,"ocean_menu_typo_font_size_tablet":0,"ocean_menu_typo_font_size_mobile":0,"ocean_menu_typo_font_size_unit":"px","ocean_menu_typo_font_weight":"","ocean_menu_typo_font_weight_tablet":"","ocean_menu_typo_font_weight_mobile":"","ocean_menu_typo_transform":"","ocean_menu_typo_transform_tablet":"","ocean_menu_typo_transform_mobile":"","ocean_menu_typo_line_height":0,"ocean_menu_typo_line_height_tablet":0,"ocean_menu_typo_line_height_mobile":0,"ocean_menu_typo_line_height_unit":"","ocean_menu_typo_spacing":0,"ocean_menu_typo_spacing_tablet":0,"ocean_menu_typo_spacing_mobile":0,"ocean_menu_typo_spacing_unit":"","ocean_menu_link_color":"","ocean_menu_link_color_hover":"","ocean_menu_link_color_active":"","ocean_menu_link_background":"","ocean_menu_link_hover_background":"","ocean_menu_link_active_background":"","ocean_menu_social_links_bg":"","ocean_menu_social_hover_links_bg":"","ocean_menu_social_links_color":"","ocean_menu_social_hover_links_color":"","ocean_disable_title":"default","ocean_disable_heading":"default","ocean_post_title":"","ocean_post_subheading":"","ocean_post_title_style":"","ocean_post_title_background_color":"","ocean_post_title_background":0,"ocean_post_title_bg_image_position":"","ocean_post_title_bg_image_attachment":"","ocean_post_title_bg_image_repeat":"","ocean_post_title_bg_image_size":"","ocean_post_title_height":0,"ocean_post_title_bg_overlay":0.5,"ocean_post_title_bg_overlay_color":"","ocean_disable_breadcrumbs":"default","ocean_breadcrumbs_color":"","ocean_breadcrumbs_separator_color":"","ocean_breadcrumbs_links_color":"","ocean_breadcrumbs_links_hover_color":"","ocean_display_footer_widgets":"default","ocean_display_footer_bottom":"default","ocean_custom_footer_template":"","ocean_post_oembed":"","ocean_post_self_hosted_media":"","ocean_post_video_embed":"","ocean_link_format":"","ocean_link_format_target":"self","ocean_quote_format":"","ocean_quote_format_link":"post","ocean_gallery_link_images":"on","ocean_gallery_id":[],"footnotes":""},"categories":[45,47,2],"tags":[],"class_list":["post-24835","post","type-post","status-publish","format-standard","hentry","category-editais-diversos","category-editais-diversos-2022","category-legislacao","entry"],"_links":{"self":[{"href":"https:\/\/lajes.rn.gov.br\/transparente\/index\/wp-json\/wp\/v2\/posts\/24835","targetHints":{"allow":["GET"]}}],"collection":[{"href":"https:\/\/lajes.rn.gov.br\/transparente\/index\/wp-json\/wp\/v2\/posts"}],"about":[{"href":"https:\/\/lajes.rn.gov.br\/transparente\/index\/wp-json\/wp\/v2\/types\/post"}],"author":[{"embeddable":true,"href":"https:\/\/lajes.rn.gov.br\/transparente\/index\/wp-json\/wp\/v2\/users\/3"}],"replies":[{"embeddable":true,"href":"https:\/\/lajes.rn.gov.br\/transparente\/index\/wp-json\/wp\/v2\/comments?post=24835"}],"version-history":[{"count":1,"href":"https:\/\/lajes.rn.gov.br\/transparente\/index\/wp-json\/wp\/v2\/posts\/24835\/revisions"}],"predecessor-version":[{"id":24836,"href":"https:\/\/lajes.rn.gov.br\/transparente\/index\/wp-json\/wp\/v2\/posts\/24835\/revisions\/24836"}],"wp:attachment":[{"href":"https:\/\/lajes.rn.gov.br\/transparente\/index\/wp-json\/wp\/v2\/media?parent=24835"}],"wp:term":[{"taxonomy":"category","embeddable":true,"href":"https:\/\/lajes.rn.gov.br\/transparente\/index\/wp-json\/wp\/v2\/categories?post=24835"},{"taxonomy":"post_tag","embeddable":true,"href":"https:\/\/lajes.rn.gov.br\/transparente\/index\/wp-json\/wp\/v2\/tags?post=24835"}],"curies":[{"name":"wp","href":"https:\/\/api.w.org\/{rel}","templated":true}]}}