{"id":24833,"date":"2022-10-26T16:27:22","date_gmt":"2022-10-26T19:27:22","guid":{"rendered":"https:\/\/lajes.rn.gov.br\/transparente\/index\/?p=24833"},"modified":"2023-02-10T16:29:32","modified_gmt":"2023-02-10T19:29:32","slug":"edital-no-011-2022-concurso-literario-lajenses-leitores-lajenses-escritores","status":"publish","type":"post","link":"https:\/\/lajes.rn.gov.br\/transparente\/index\/edital-no-011-2022-concurso-literario-lajenses-leitores-lajenses-escritores\/","title":{"rendered":"EDITAL N\u00ba 011\/2022 &#8211; &#8220;Concurso Liter\u00e1rio &#8216;Lajenses leitores, lajenses escritores&#8217;.&#8221;"},"content":{"rendered":"<div id=\"separador\" class=\"cabecalhoEstadoSeparador cabecalhoEstadoSeparador2\">\n<p style=\"text-align: center;\"><strong>ESTADO DO RIO GRANDE DO NORTE<\/strong><br \/>\n<strong>PREFEITURA MUNICIPAL DE LAJES<\/strong><\/p>\n<\/div>\n<p class=\"cabecaorgao\" style=\"text-align: center;\"><strong>GABINETE DO PREFEITO<\/strong><\/p>\n<hr \/>\n<div id=\"materia\" class=\"materia materia20091123 materia2\">\n<p>EDITAL N\u00ba 011\/2022<\/p>\n<div class=\"mat\"><\/div>\n<p><i>&#8220;Concurso Liter\u00e1rio &#8216;Lajenses leitores, lajenses escritores&#8217;.&#8221;<\/i><\/p>\n<p>&nbsp;<\/p>\n<p>O Concurso Liter\u00e1rio\u00a0<b>\u201cLajenses leitores, lajenses escritores<\/b>\u201d do Projeto Lajes, cidade leitora vem em sua 1\u00aa edi\u00e7\u00e3o, com a finalidade de fomentar a leitura e a escrita dos lajenses e premiar os melhores textos produzidos. Para isso, a Prefeitura Municipal de Lajes, atrav\u00e9s da Secretaria Municipal de Educa\u00e7\u00e3o e Cultura torna p\u00fablica a abertura do Concurso Liter\u00e1rio \u201cLajenses leitores, lajenses escritores\u201d no munic\u00edpio de Lajes \u2013 RN.<\/p>\n<p>&nbsp;<\/p>\n<p><b>I \u2013 Produ\u00e7\u00e3o de textos pelos estudantes de Lajes\/RN<\/b><\/p>\n<p>&nbsp;<\/p>\n<p><b>1. OBJETIVO<\/b><\/p>\n<p>&nbsp;<\/p>\n<p>Na parte 1 deste edital o objetivo do concurso liter\u00e1rio \u00e9 colaborar com o trabalho docente incentivando a leitura e a escrita dos estudantes lajenses como importantes ferramentas no processo de ensino aprendizagem.<\/p>\n<p>&nbsp;<\/p>\n<p><b>2. P\u00daBLICO-ALVO<\/b><\/p>\n<p>&nbsp;<\/p>\n<p>Este concurso liter\u00e1rio destina-se aos alunos das escolas da Rede P\u00fablica do Munic\u00edpio de Lajes\/RN. As escolas participar\u00e3o divididas nas seguintes categorias textuais conforme o n\u00edvel de ensino:<\/p>\n<p>&nbsp;<\/p>\n<table class=\"mat\" border=\"1\" cellspacing=\"0\" cellpadding=\"0\" align=\"left\">\n<tbody>\n<tr>\n<td width=\"411\"><b>N\u00cdVEL DE ENSINO<\/b><\/td>\n<td colspan=\"2\" width=\"385\"><b>G\u00caNERO TEXTUAL<\/b><\/td>\n<\/tr>\n<tr>\n<td width=\"411\">Ensino fundamental 1 e EJA do 1\u00ba e 2\u00ba per\u00edodo;<\/p>\n<p>Alunos alfabetizandos matriculados nas turmas de alfabetiza\u00e7\u00e3o do\u00a0<i>Programa da Pol\u00edtica Estadual de Erradica\u00e7\u00e3o do Analfabetismo<\/i>\u00a0do Governo do Estado do RN<\/td>\n<td rowspan=\"3\" width=\"64\"><b>S<\/b><\/p>\n<p><b>L<\/b><\/p>\n<p><b>A<\/b><\/p>\n<p><b>M<\/b><\/td>\n<td width=\"322\">POEMA<\/td>\n<\/tr>\n<tr>\n<td width=\"411\">Ensino fundamental 2 e EJA do 3\u00ba e 4\u00ba per\u00edodo<\/td>\n<td width=\"322\">CARTA ABERTA AOS JOVENS<\/td>\n<\/tr>\n<tr>\n<td width=\"411\">Ensino M\u00e9dio\/T\u00e9cnico\/Estadual\/Federal<\/td>\n<td width=\"322\">RESENHA DE M\u00daSICA<\/td>\n<\/tr>\n<\/tbody>\n<\/table>\n<p>&nbsp;<\/p>\n<p><b>3. CATEGORIAS TEXTUAIS<\/b><\/p>\n<p>&nbsp;<\/p>\n<p>3.1 As produ\u00e7\u00f5es textuais na parte 1 ser\u00e3o divididas em 4 categorias textuais conforme o g\u00eanero solicitado neste edital:\u00a0<b>1. Poema; 2. Slam; 3. Carta aberta e 4. Resenha de m\u00fasica.<\/b><\/p>\n<p>&nbsp;<\/p>\n<p><b>4. DA PARTICIPA\u00c7\u00c3O<\/b><\/p>\n<p>&nbsp;<\/p>\n<p>4.1 Para participar na parte 1 deste concurso liter\u00e1rio, o (a) concorrente dever\u00e1 ser aluno (a) devidamente matriculado e com frequ\u00eancia ativa nas escolas da Rede P\u00fablica do Munic\u00edpio de Lajes\/RN ou em programa oficial de ensino municipal ou estadual.<b><\/b><\/p>\n<p>&nbsp;<\/p>\n<p><b>5. DO PROCESSO DE INSCRI\u00c7\u00c3O<\/b><\/p>\n<p>&nbsp;<\/p>\n<p>5.1 N\u00e3o ser\u00e1 cobrada taxa de inscri\u00e7\u00e3o para o concurso liter\u00e1rio. A inscri\u00e7\u00e3o est\u00e1 condicionada \u00e0 matr\u00edcula escolar do aluno no corrente ano letivo de 2022;<\/p>\n<p>5.2 A inscri\u00e7\u00e3o dos discentes ser\u00e1 confirmada mediante o comparecimento deste estudante no dia da Oficina de produ\u00e7\u00e3o Textual dentro da Programa\u00e7\u00e3o do s\u00e9timo FLILAJES. Cada escola dever\u00e1 articular a divulga\u00e7\u00e3o junto aos discentes que desejem participar, para que eles participem da Oficina e l\u00e1 possam produzir os textos conforme a orienta\u00e7\u00e3o dos oficineiros.Os estudantes participar\u00e3o da Oficina de Produ\u00e7\u00e3o Textual e l\u00e1 elaborar\u00e3o os textos que ser\u00e3o selecionado pela Equipe da SEMEC.<\/p>\n<p>5.4 No ato de entrega do texto, o estudante assinar\u00e1 o termo de participa\u00e7\u00e3o junto da ficha de inscri\u00e7\u00e3o, que implicar\u00e1 na aceita\u00e7\u00e3o plena das condi\u00e7\u00f5es estabelecidas neste Regulamento, assim como a sess\u00e3o dos direitos autorais das produ\u00e7\u00f5es textuais para a SEMEC-Lajes\/RN.<\/p>\n<p>&nbsp;<\/p>\n<p><b>DA COMISS\u00c3O JULGADORA<\/b><\/p>\n<p>&nbsp;<\/p>\n<p>A Comiss\u00e3o Julgadora ser\u00e1 composta por tr\u00eas pessoas representantes da SEMEC, com not\u00f3rio conhecimento docente sobre produ\u00e7\u00e3o textual, que selecionar\u00e1 os textos concorrentes e ap\u00f3s avalia\u00e7\u00e3o premiar\u00e1 o ganhador de cada g\u00eanero textual.<\/p>\n<p>&nbsp;<\/p>\n<p><b>DO TEMA E DOS CRIT\u00c9RIOS DE AVALIA\u00c7\u00c3O NA PARTE 1<\/b><\/p>\n<p>&nbsp;<\/p>\n<p>O tema \u00e9 geral para todos os 3 g\u00eaneros:\u00a0<b><i>A M\u00daSICA INFLUENCIA O COMPORTAMENTO DE TODAS AS PESSOAS, PRINCIPALMENTE DOS JOVENS<\/i><\/b><\/p>\n<p>&nbsp;<\/p>\n<p>Os textos ser\u00e3o avaliados de acordo com os seguintes crit\u00e9rios:<\/p>\n<p>&nbsp;<\/p>\n<table class=\"mat\" border=\"1\" cellspacing=\"0\" cellpadding=\"0\" align=\"left\">\n<tbody>\n<tr>\n<td width=\"211\">G\u00eanero textual<\/td>\n<td width=\"215\"><b>POEMA<\/b><\/td>\n<td width=\"189\"><b>CARTA ABERTA<\/b><\/td>\n<td width=\"233\"><b>RESENHA de M\u00daSICA<\/b><\/td>\n<\/tr>\n<tr>\n<td rowspan=\"4\" width=\"211\">&nbsp;<\/p>\n<p>CRIT\u00c9RIOS<\/p>\n<p>GERAIS DE AVALIA\u00c7\u00c3O<\/td>\n<td colspan=\"2\" width=\"404\">Adequa\u00e7\u00e3o ao tema<\/td>\n<td width=\"233\">Vale 2,5<\/td>\n<\/tr>\n<tr>\n<td colspan=\"2\" width=\"404\">Adequa\u00e7\u00e3o ao g\u00eanero<\/td>\n<td width=\"233\">Vale 2,5<\/td>\n<\/tr>\n<tr>\n<td colspan=\"2\" width=\"404\">Adequa\u00e7\u00e3o ortogr\u00e1fica<\/td>\n<td width=\"233\">Vale 2,5<\/td>\n<\/tr>\n<tr>\n<td colspan=\"2\" width=\"404\">Originalidade e exclusividade<\/td>\n<td width=\"233\">Vale 2,5<\/td>\n<\/tr>\n<\/tbody>\n<\/table>\n<p>&nbsp;<\/p>\n<p>7.1 As produ\u00e7\u00f5es dos estudantes devem ser entregues em folha de papel branco, no tamanho A-4, podendo ser utilizada at\u00e9 no m\u00e1ximo 30 linhas para a produ\u00e7\u00e3o final e ser\u00e1 disponibilizada 1 folha de rascunho.<\/p>\n<p>7.2 Em caso de haver empate durante a avalia\u00e7\u00e3o das produ\u00e7\u00f5es na soma das notas, adotar-se-a como crit\u00e9rio de desempate a maior nota conforme a sequ\u00eancia dos crit\u00e9rios, maior nota no crit\u00e9rio 1; se continuar empate, maior nota no crit\u00e9rio 2, e assim sucessivamente. Caso ainda assim continue empate, a produ\u00e7\u00e3o textual ser\u00e1 reavaliada por um avaliador externo a comiss\u00e3o, que se enquadre no item 6.1 deste edital;<\/p>\n<p>&nbsp;<\/p>\n<p><b>COM RELA\u00c7\u00c3O AO SLAM, se seguir\u00e3o as regras a seguir:<\/b><\/p>\n<p>&nbsp;<\/p>\n<p>7.3 Tendo em vista que slam \u00e9 uma competi\u00e7\u00e3o em que poetas leem ou recitam um trabalho original na qual as performances posteriormentes\u00e3o julgadas pela plateia por uma comiss\u00e3o de jurados. Faz-se presente a import\u00e2ncia de tamb\u00e9m executar e incentivar os jovens de nosso munic\u00edpio a praticar a leitura e interpreta\u00e7\u00e3o textual, possibilitando a liberdade de express\u00e3o art\u00edstica.<\/p>\n<p>7.4 Est\u00e3o aptos a participar, estudantes e jovens do munic\u00edpio sem limite de idade.<\/p>\n<p>7.5 As inscri\u00e7\u00f5es ser\u00e3o gratuitas e feitas no dia, local e hor\u00e1rio do SLAM.<\/p>\n<p>7.6 Os candidatos poder\u00e3o participar de forma solo (individual) ou grupal (coletiva).<\/p>\n<p>7.7 Os candidatos ter\u00e3o que encenar, declamar ou interpretar uma poesia original de autoria deles se remetendo a uma letra musical, sendo de livre escolha. Obs: Ser\u00e3o vetadas letras de cunho sexual, violento, contra a mulher, contra a crian\u00e7a ou de conota\u00e7\u00e3o que viole os direitos e integridades do ser humano.<\/p>\n<p>7.8 O SLAM ser\u00e1 realizado nas imedia\u00e7\u00f5es da Esta\u00e7\u00e3o das Artes Poeta Ant\u00f4nio Cruz.<\/p>\n<p>7.9 Os crit\u00e9rios avaliativos seguem os seguintes itens:<\/p>\n<p>&nbsp;<\/p>\n<table class=\"mat\" border=\"1\" cellspacing=\"0\" cellpadding=\"0\" align=\"left\">\n<tbody>\n<tr>\n<td width=\"454\">Atua\u00e7\u00e3o e presen\u00e7a c\u00eanica<\/td>\n<td width=\"151\">(2,5)<\/td>\n<\/tr>\n<tr>\n<td width=\"454\">Interpreta\u00e7\u00e3o textual<\/td>\n<td width=\"151\">(2,5)<\/td>\n<\/tr>\n<tr>\n<td width=\"454\">Criatividade na execu\u00e7\u00e3o da pe\u00e7a<\/td>\n<td width=\"151\">(2,5)<\/td>\n<\/tr>\n<tr>\n<td width=\"454\">Fideliza\u00e7\u00e3o tem\u00e1tica<\/td>\n<td width=\"151\">(2,5)<\/td>\n<\/tr>\n<tr>\n<td width=\"454\"><b>TOTAL<\/b><\/td>\n<td width=\"151\"><b>(10,0)<\/b><\/td>\n<\/tr>\n<\/tbody>\n<\/table>\n<p>&nbsp;<\/p>\n<p><b>8. CRONOGRAMA<\/b><\/p>\n<p>&nbsp;<\/p>\n<table class=\"mat\" border=\"1\" cellspacing=\"0\" cellpadding=\"0\" align=\"left\">\n<tbody>\n<tr>\n<td><b>DATAS<\/b><\/td>\n<td><b>HOR\u00c1RIO<\/b><\/td>\n<td><b>LOCAL<\/b><\/td>\n<td><b>A\u00c7\u00d5ES<\/b><\/td>\n<\/tr>\n<tr>\n<td>28\/10\/2022<\/td>\n<td>Livre<\/td>\n<td>Di\u00e1rio Oficial e Redes Sociais da Prefeitura<\/td>\n<td>Abertura e divulga\u00e7\u00e3o do Edital<\/td>\n<\/tr>\n<tr>\n<td>01\/11\/2022<\/td>\n<td>9h<\/td>\n<td>Esta\u00e7\u00e3o das Artes<\/td>\n<td>SLAM<\/td>\n<\/tr>\n<tr>\n<td>03\/11\/2022<\/td>\n<td>14h<\/td>\n<td>Escola Monsenhor Vicente<\/td>\n<td>Oficina de Produ\u00e7\u00e3o Textual e produ\u00e7\u00e3o dos demais G\u00eaneros<\/td>\n<\/tr>\n<tr>\n<td>04\/11\/2022<\/td>\n<td>Livre<\/td>\n<td>SEMEC<\/td>\n<td>An\u00e1lise e escolha das produ\u00e7\u00f5es liter\u00e1rias pela Equipe avaliadora<\/td>\n<\/tr>\n<tr>\n<td>05\/11\/2022<\/td>\n<td>Livre<\/td>\n<td>Redes Sociais da Prefeitura e D.O.<\/td>\n<td>Divulga\u00e7\u00e3o do Resultado Final<\/td>\n<\/tr>\n<\/tbody>\n<\/table>\n<p>&nbsp;<\/p>\n<p><b>9. PREMIA\u00c7\u00c3O<\/b><\/p>\n<p>&nbsp;<\/p>\n<p>9.1 Ser\u00e3o classificados os 03 (tr\u00eas) textos\/candidatos com maior nota de cada categoria, sendo 1\u00ba, 2\u00ba e 3\u00ba lugar das categorias: POEMA, SLAM*, CARTA ABERTA e RESENHA DE M\u00daSICA, por ordem de maior nota.<\/p>\n<p>9.2 As premia\u00e7\u00f5es ser\u00e3o feitas em dinheiro, sendo os seguintes valores, para cada categoria:<\/p>\n<p>&nbsp;<\/p>\n<table class=\"mat\" border=\"1\" cellspacing=\"0\" cellpadding=\"0\" align=\"left\">\n<tbody>\n<tr>\n<td>1\u00ba LUGAR<\/td>\n<td>R$ 150,00<\/td>\n<\/tr>\n<tr>\n<td>2\u00ba LUGAR<\/td>\n<td>R$ 100,00<\/td>\n<\/tr>\n<tr>\n<td>3\u00ba LUGAR<\/td>\n<td>R$ 50,00<\/td>\n<\/tr>\n<\/tbody>\n<\/table>\n<p>&nbsp;<\/p>\n<p><b>10. DIVULGA\u00c7\u00c3O DO RESULTADO<\/b><\/p>\n<p>&nbsp;<\/p>\n<p>10.1 O resultado final e a premia\u00e7\u00e3o do concurso liter\u00e1rio acontecer\u00e1 no dia 05\/11\/2022 durante o FLILAJES &#8211; Festival Liter\u00e1rio de Lajes, presencialmente e nas redes sociais da Prefeitura Municipal de Lajes, RN e no Di\u00e1rio Oficial.<\/p>\n<p>10.2 A verifica\u00e7\u00e3o, em qualquer etapa do concurso, de irregularidade, inexatid\u00e3o de dados ou falsidade de declara\u00e7\u00e3o (comprovante de matr\u00edcula) implicar\u00e1 a elimina\u00e7\u00e3o do candidato e a anula\u00e7\u00e3o de todos os atos decorrentes da inscri\u00e7\u00e3o, sem preju\u00edzo das san\u00e7\u00f5es civis e penais cab\u00edveis;<\/p>\n<p>10.3 N\u00e3o cabe nenhum recurso contra qualquer julgamento da Comiss\u00e3o Avaliadora, haja vista que a finalidade do Edital \u00e9 t\u00e3o somente contribuir com a difus\u00e3o da leitura pir meio da realiza\u00e7\u00e3o do 7\u00ba FLILAJES.<\/p>\n<p>10.4 O ato da inscri\u00e7\u00e3o pelos candidatos implica concord\u00e2ncia total com todos os termos deste Edital.<\/p>\n<p>&nbsp;<\/p>\n<p><b>11. DAS DISPOSI\u00c7\u00d5ES FINAIS<\/b><\/p>\n<p>&nbsp;<\/p>\n<p>11.1. Caber\u00e1 a Comiss\u00e3o Organizador a escolha das produ\u00e7\u00f5es e n\u00e3o haver\u00e1 recursos quanto \u00e0s suas decis\u00f5es.<\/p>\n<p>11.2 A realiza\u00e7\u00e3o da inscri\u00e7\u00e3o implica na total aceita\u00e7\u00e3o deste Edital.<\/p>\n<p>11.3 Ao serem selecionados, os candidatos autorizam a equipe de divulga\u00e7\u00e3o do 7\u00ba Festival Liter\u00e1rio de Lajes a utilizar nas pe\u00e7as de divulga\u00e7\u00e3o do projeto: fichas t\u00e9cnicas, fotografia, imagens, informa\u00e7\u00f5es e materiais entregues na inscri\u00e7\u00e3o.<\/p>\n<p>11.4 Consideram-se pe\u00e7as de divulga\u00e7\u00e3o: v\u00eddeos, relat\u00f3rios, cat\u00e1logos e demais produtos resultantes do projeto.<\/p>\n<p>11.5 O material de divulga\u00e7\u00e3o produzido ou disponibilizado para o 7\u00ba Festival Liter\u00e1rio de Lajes, e os registros das apresenta\u00e7\u00f5es (em foto, v\u00eddeo e \u00e1udio) ficar\u00e3o \u00e0 disposi\u00e7\u00e3o da Prefeitura Municipal de Lajes e suas secretarias como material institucional, sem qualquer custo adicional, por prazo indeterminado.<\/p>\n<p>11.6 Todos os participantes escolhidos por este Edital receber\u00e3o CERTIFICADO DE PARTICIPA\u00c7\u00c3O no 7\u00ba Festival Liter\u00e1rio de Lajes, se assim o requererem.<\/p>\n<p>11.7 Outras informa\u00e7\u00f5es poder\u00e3o ser solicitadas pelo n\u00famero da SEMEC: (84) 9 9676-4915.<\/p>\n<p>&nbsp;<\/p>\n<p><b>Registra-se, Publica-se e Cumpra-se.<\/b><\/p>\n<p>&nbsp;<\/p>\n<p><b>Prefeitura Municipal de Lajes\/RN, aos 26 do m\u00eas de outubro do ano de 2022.<\/b><\/p>\n<p>&nbsp;<\/p>\n<p><b><i>FELIPE FERREIRA DE MENEZES ARA\u00daJO<\/i><\/b><\/p>\n<p>Prefeito Municipal<\/p>\n<p>&nbsp;<\/p>\n<p><b><i>VITORIA MARIA AVELINO DE PAIVA<\/i><\/b><\/p>\n<p>Secret\u00e1ria Municipal de Educa\u00e7\u00e3o e Cultura<\/p>\n<p>&nbsp;<\/p>\n<p><b>ANEXO \u00daNICO<\/b><\/p>\n<p>&nbsp;<\/p>\n<p><b>PREFEITURA MUNICIPAL DE LAJES\/RN<\/b><\/p>\n<p><b>SECRETARIA MUNICIPAL DE EDUCA\u00c7\u00c3O E CULTURA<\/b><\/p>\n<p>&nbsp;<\/p>\n<p><b>ANEXO &#8211; FICHA DE INSCRI\u00c7\u00c3O PARA SLAM, OFICINA E CONCURSO DE PRODU\u00c7\u00c3O DE TEXTOS<\/b><\/p>\n<p>&nbsp;<\/p>\n<p>Inscri\u00e7\u00e3o n\u00ba ()<\/p>\n<p>&nbsp;<\/p>\n<table class=\"mat\" border=\"1\" cellspacing=\"0\" cellpadding=\"0\" align=\"left\">\n<tbody>\n<tr>\n<td width=\"186\">Nome do estudante<\/td>\n<td colspan=\"3\" width=\"581\">&nbsp;<\/td>\n<\/tr>\n<tr>\n<td width=\"186\">Escola<\/td>\n<td colspan=\"3\" width=\"581\">S\u00e9rie:<\/td>\n<\/tr>\n<tr>\n<td width=\"186\">Nascimento<\/td>\n<td colspan=\"2\" width=\"402\">\/ \/ RG \/CPF<\/td>\n<td width=\"180\">&nbsp;<\/td>\n<\/tr>\n<tr>\n<td width=\"186\">Endere\u00e7o<\/td>\n<td colspan=\"3\" width=\"581\">&nbsp;<\/td>\n<\/tr>\n<tr>\n<td width=\"186\">Telefone<\/td>\n<td colspan=\"3\" width=\"581\">&nbsp;<\/td>\n<\/tr>\n<tr>\n<td width=\"186\">G\u00eanero textual<\/td>\n<td colspan=\"3\" width=\"581\">( ) poema ( ) slam ( ) carta aberta ( ) resenha musical<\/td>\n<\/tr>\n<tr>\n<td width=\"186\">N\u00ba de p\u00e1ginas<\/td>\n<td colspan=\"3\" width=\"581\">&nbsp;<\/td>\n<\/tr>\n<tr>\n<td colspan=\"2\" width=\"319\">Assinatura do Inscrito<\/td>\n<td colspan=\"2\" width=\"449\"><\/td>\n<\/tr>\n<tr>\n<td width=\"182\"><\/td>\n<td width=\"129\"><\/td>\n<td width=\"261\"><\/td>\n<td width=\"175\"><\/td>\n<\/tr>\n<\/tbody>\n<\/table>\n<div align=\"right\"><\/div>\n<\/div>\n<div class=\"pdfprnt-buttons pdfprnt-buttons-post pdfprnt-bottom-right\"><a href=\"https:\/\/lajes.rn.gov.br\/transparente\/index\/wp-json\/wp\/v2\/posts\/24833?print=pdf\" class=\"pdfprnt-button pdfprnt-button-pdf\" target=\"_blank\" ><img decoding=\"async\" src=\"https:\/\/lajes.rn.gov.br\/transparente\/index\/wp-content\/plugins\/pdf-print\/images\/pdf.png\" alt=\"image_pdf\" title=\"Ver PDF\" \/><\/a><a href=\"https:\/\/lajes.rn.gov.br\/transparente\/index\/wp-json\/wp\/v2\/posts\/24833?print=print\" class=\"pdfprnt-button pdfprnt-button-print\" target=\"_blank\" ><img decoding=\"async\" src=\"https:\/\/lajes.rn.gov.br\/transparente\/index\/wp-content\/plugins\/pdf-print\/images\/print.png\" alt=\"image_print\" title=\"Conte\u00fado de impress\u00e3o\" \/><\/a><\/div>","protected":false},"excerpt":{"rendered":"<p>ESTADO DO RIO GRANDE DO NORTE PREFEITURA MUNICIPAL DE LAJES GABINETE DO PREFEITO EDITAL N\u00ba 011\/2022 &#8220;Concurso Liter\u00e1rio &#8216;Lajenses leitores, lajenses escritores&#8217;.&#8221; &nbsp; O Concurso Liter\u00e1rio\u00a0\u201cLajenses leitores, lajenses escritores\u201d do Projeto Lajes, cidade leitora vem em sua 1\u00aa edi\u00e7\u00e3o, com a finalidade de fomentar a leitura e a escrita dos lajenses e premiar os melhores [&hellip;]<\/p>\n","protected":false},"author":3,"featured_media":0,"comment_status":"closed","ping_status":"closed","sticky":false,"template":"","format":"standard","meta":{"ocean_post_layout":"","ocean_both_sidebars_style":"","ocean_both_sidebars_content_width":0,"ocean_both_sidebars_sidebars_width":0,"ocean_sidebar":"","ocean_second_sidebar":"","ocean_disable_margins":"enable","ocean_add_body_class":"","ocean_shortcode_before_top_bar":"","ocean_shortcode_after_top_bar":"","ocean_shortcode_before_header":"","ocean_shortcode_after_header":"","ocean_has_shortcode":"","ocean_shortcode_after_title":"","ocean_shortcode_before_footer_widgets":"","ocean_shortcode_after_footer_widgets":"","ocean_shortcode_before_footer_bottom":"","ocean_shortcode_after_footer_bottom":"","ocean_display_top_bar":"default","ocean_display_header":"default","ocean_header_style":"","ocean_center_header_left_menu":"","ocean_custom_header_template":"","ocean_custom_logo":0,"ocean_custom_retina_logo":0,"ocean_custom_logo_max_width":0,"ocean_custom_logo_tablet_max_width":0,"ocean_custom_logo_mobile_max_width":0,"ocean_custom_logo_max_height":0,"ocean_custom_logo_tablet_max_height":0,"ocean_custom_logo_mobile_max_height":0,"ocean_header_custom_menu":"","ocean_menu_typo_font_family":"","ocean_menu_typo_font_subset":"","ocean_menu_typo_font_size":0,"ocean_menu_typo_font_size_tablet":0,"ocean_menu_typo_font_size_mobile":0,"ocean_menu_typo_font_size_unit":"px","ocean_menu_typo_font_weight":"","ocean_menu_typo_font_weight_tablet":"","ocean_menu_typo_font_weight_mobile":"","ocean_menu_typo_transform":"","ocean_menu_typo_transform_tablet":"","ocean_menu_typo_transform_mobile":"","ocean_menu_typo_line_height":0,"ocean_menu_typo_line_height_tablet":0,"ocean_menu_typo_line_height_mobile":0,"ocean_menu_typo_line_height_unit":"","ocean_menu_typo_spacing":0,"ocean_menu_typo_spacing_tablet":0,"ocean_menu_typo_spacing_mobile":0,"ocean_menu_typo_spacing_unit":"","ocean_menu_link_color":"","ocean_menu_link_color_hover":"","ocean_menu_link_color_active":"","ocean_menu_link_background":"","ocean_menu_link_hover_background":"","ocean_menu_link_active_background":"","ocean_menu_social_links_bg":"","ocean_menu_social_hover_links_bg":"","ocean_menu_social_links_color":"","ocean_menu_social_hover_links_color":"","ocean_disable_title":"default","ocean_disable_heading":"default","ocean_post_title":"","ocean_post_subheading":"","ocean_post_title_style":"","ocean_post_title_background_color":"","ocean_post_title_background":0,"ocean_post_title_bg_image_position":"","ocean_post_title_bg_image_attachment":"","ocean_post_title_bg_image_repeat":"","ocean_post_title_bg_image_size":"","ocean_post_title_height":0,"ocean_post_title_bg_overlay":0.5,"ocean_post_title_bg_overlay_color":"","ocean_disable_breadcrumbs":"default","ocean_breadcrumbs_color":"","ocean_breadcrumbs_separator_color":"","ocean_breadcrumbs_links_color":"","ocean_breadcrumbs_links_hover_color":"","ocean_display_footer_widgets":"default","ocean_display_footer_bottom":"default","ocean_custom_footer_template":"","ocean_post_oembed":"","ocean_post_self_hosted_media":"","ocean_post_video_embed":"","ocean_link_format":"","ocean_link_format_target":"self","ocean_quote_format":"","ocean_quote_format_link":"post","ocean_gallery_link_images":"on","ocean_gallery_id":[],"footnotes":""},"categories":[45,47,2],"tags":[],"class_list":["post-24833","post","type-post","status-publish","format-standard","hentry","category-editais-diversos","category-editais-diversos-2022","category-legislacao","entry"],"_links":{"self":[{"href":"https:\/\/lajes.rn.gov.br\/transparente\/index\/wp-json\/wp\/v2\/posts\/24833","targetHints":{"allow":["GET"]}}],"collection":[{"href":"https:\/\/lajes.rn.gov.br\/transparente\/index\/wp-json\/wp\/v2\/posts"}],"about":[{"href":"https:\/\/lajes.rn.gov.br\/transparente\/index\/wp-json\/wp\/v2\/types\/post"}],"author":[{"embeddable":true,"href":"https:\/\/lajes.rn.gov.br\/transparente\/index\/wp-json\/wp\/v2\/users\/3"}],"replies":[{"embeddable":true,"href":"https:\/\/lajes.rn.gov.br\/transparente\/index\/wp-json\/wp\/v2\/comments?post=24833"}],"version-history":[{"count":1,"href":"https:\/\/lajes.rn.gov.br\/transparente\/index\/wp-json\/wp\/v2\/posts\/24833\/revisions"}],"predecessor-version":[{"id":24834,"href":"https:\/\/lajes.rn.gov.br\/transparente\/index\/wp-json\/wp\/v2\/posts\/24833\/revisions\/24834"}],"wp:attachment":[{"href":"https:\/\/lajes.rn.gov.br\/transparente\/index\/wp-json\/wp\/v2\/media?parent=24833"}],"wp:term":[{"taxonomy":"category","embeddable":true,"href":"https:\/\/lajes.rn.gov.br\/transparente\/index\/wp-json\/wp\/v2\/categories?post=24833"},{"taxonomy":"post_tag","embeddable":true,"href":"https:\/\/lajes.rn.gov.br\/transparente\/index\/wp-json\/wp\/v2\/tags?post=24833"}],"curies":[{"name":"wp","href":"https:\/\/api.w.org\/{rel}","templated":true}]}}