{"id":24701,"date":"2022-01-20T15:32:21","date_gmt":"2022-01-20T18:32:21","guid":{"rendered":"https:\/\/lajes.rn.gov.br\/transparente\/index\/?p=24701"},"modified":"2023-02-08T15:33:22","modified_gmt":"2023-02-08T18:33:22","slug":"decreto-municipal-no-032-2021-gp-dispoe-sobre-a-concessao-de-diarias-na-administracao-publica-municipal-e-da-outras-providencias","status":"publish","type":"post","link":"https:\/\/lajes.rn.gov.br\/transparente\/index\/decreto-municipal-no-032-2021-gp-dispoe-sobre-a-concessao-de-diarias-na-administracao-publica-municipal-e-da-outras-providencias\/","title":{"rendered":"DECRETO MUNICIPAL N\u00ba 032\/2021 \u2013 GP &#8211; Disp\u00f5e sobre a concess\u00e3o de di\u00e1rias na administra\u00e7\u00e3o p\u00fablica municipal, e d\u00e1 outras provid\u00eancias."},"content":{"rendered":"<div id=\"separador\" class=\"cabecalhoEstadoSeparador cabecalhoEstadoSeparador2\">\n<p style=\"text-align: center;\"><strong>ESTADO DO RIO GRANDE DO NORTE<\/strong><br \/>\n<strong>PREFEITURA MUNICIPAL DE LAJES<\/strong><\/p>\n<\/div>\n<p class=\"cabecaorgao\" style=\"text-align: center;\"><strong>GABINETE DO PREFEITO<\/strong><\/p>\n<hr \/>\n<div id=\"materia\" class=\"materia materia20091123 materia2\">\n<p>DECRETO MUNICIPAL N\u00ba 032\/2021 \u2013 GP<\/p>\n<div class=\"mat\"><\/div>\n<p><i>Disp\u00f5e sobre a concess\u00e3o de di\u00e1rias na administra\u00e7\u00e3o p\u00fablica municipal, e d\u00e1 outras provid\u00eancias.<\/i><\/p>\n<p>&nbsp;<\/p>\n<p><b>O PREFEITO MUNICIPAL DE LAJES, ESTADO DO RIO GRANDE DO NORTE,\u00a0<\/b>usando de suas atribui\u00e7\u00f5es que lhe confere a Lei Org\u00e2nica Municipal,<\/p>\n<p>&nbsp;<\/p>\n<p><b>DECRETA:<\/b><\/p>\n<p>&nbsp;<\/p>\n<p><b>CAP\u00cdTULO I<\/b><\/p>\n<p><b>DAS DISPOSI\u00c7\u00d5ES PRELIMINARES<\/b><\/p>\n<p>&nbsp;<\/p>\n<p><b>Art. 1\u00ba. &#8211;<\/b>\u00a0A concess\u00e3o de di\u00e1rias aos servidores da administra\u00e7\u00e3o p\u00fablica municipal, regula-se pelo disposto no presente Decreto.<\/p>\n<p>&nbsp;<\/p>\n<p><b>Art. 2\u00ba. &#8211;<\/b>\u00a0Para efeito deste Decreto, considera-se benefici\u00e1rio: aquele que realiza determinado servi\u00e7o p\u00fablico, viagem a servi\u00e7o e no interesse da administra\u00e7\u00e3o p\u00fablica municipal ou aquele que recebe ajuda de custo e que pode ser:<\/p>\n<p>&nbsp;<\/p>\n<p>a) servidor: pessoa legalmente investida em cargo p\u00fablico de provimento efetivo ou em comiss\u00e3o com v\u00ednculo estatut\u00e1rio;<\/p>\n<p>&nbsp;<\/p>\n<p>b) empregado p\u00fablico: pessoa investida em emprego p\u00fablico com v\u00ednculo celetista;<\/p>\n<p>&nbsp;<\/p>\n<p>c) tempor\u00e1rio: pessoa contratada por tempo determinado para atendimento \u00e0 necessidade tempor\u00e1ria de excepcional interesse p\u00fablico;<\/p>\n<p>&nbsp;<\/p>\n<p>d) colaborador eventual: pessoa sem v\u00ednculo com a administra\u00e7\u00e3o p\u00fablica municipal, mas formalmente designada por autoridade competente para prestar colabora\u00e7\u00e3o de natureza t\u00e9cnica especializada ou participar de atividade em car\u00e1ter eventual no interesse do Poder Executivo.<\/p>\n<p>&nbsp;<\/p>\n<p><b>CAP\u00cdTULO II<\/b><\/p>\n<p><b>DAS DI\u00c1RIAS<\/b><\/p>\n<p>&nbsp;<\/p>\n<p><b>Art. 3\u00ba. &#8211;<\/b>\u00a0As di\u00e1rias s\u00e3o devidas aos servidores que se afastarem, em servi\u00e7o, da sede onde exercem as suas atividades para outro ponto do territ\u00f3rio estadual, nacional e para o exterior.<\/p>\n<p>&nbsp;<\/p>\n<p><b>Art. 4\u00ba. &#8211;<\/b>\u00a0A concess\u00e3o de di\u00e1rias, indeniza\u00e7\u00e3o de transporte e ajuda de custo atender\u00e1 ao seguinte:<\/p>\n<p>&nbsp;<\/p>\n<p><b>I \u2013<\/b>\u00a0Compatibilidade entre os motivos do deslocamento e o interesse p\u00fablico, em observ\u00e2ncia aos princ\u00edpios da Administra\u00e7\u00e3o P\u00fablica: Finalidade, motiva\u00e7\u00e3o e economicidade;<\/p>\n<p>&nbsp;<\/p>\n<p><b>II \u2013<\/b>\u00a0Exist\u00eancia pr\u00e9via de limite or\u00e7ament\u00e1rio e saldo de empenho \u00e0 sua realiza\u00e7\u00e3o; e<\/p>\n<p>&nbsp;<\/p>\n<p><b>III \u2013<\/b>\u00a0cumprimento antecipado dos tr\u00e2mites necess\u00e1rios.<\/p>\n<p>&nbsp;<\/p>\n<p><b>Par\u00e1grafo \u00fanico &#8211;<\/b>\u00a0O disposto no inciso III do caput n\u00e3o ser\u00e1 exigido em situa\u00e7\u00e3o emergencial ou excepcionais, devidamente justificadas pela autoridade competente, hip\u00f3tese em que essa provid\u00eancia poder\u00e1 ser realizada durante o deslocamento ou posteriormente.<\/p>\n<p>&nbsp;<\/p>\n<p><b>Art. 5\u00ba. &#8211;<\/b>\u00a0Excepcionalmente, no interesse da administra\u00e7\u00e3o p\u00fablica e por motivo de relev\u00e2ncia, peculiaridade e abrang\u00eancia territorial do trabalho a ser desenvolvido, poder\u00e3o ser concedidas di\u00e1rias de forma cont\u00ednua, se forem devidamente justificadas e autorizadas pelo titular do \u00f3rg\u00e3o ou da entidade de lota\u00e7\u00e3o do servidor que se deslocar de sua sede para o exerc\u00edcio das seguintes atividades de:<\/p>\n<p>&nbsp;<\/p>\n<p>I \u2013 Campanhas de combate e controle de endemia, epidemia ou pandemia;<\/p>\n<p>&nbsp;<\/p>\n<p>II \u2013 Inspe\u00e7\u00e3o, auditoria ou fiscaliza\u00e7\u00e3o:<\/p>\n<p>&nbsp;<\/p>\n<p>a) de natureza tribut\u00e1ria, cont\u00e1bil, administrativa, financeira ou operacional; ou<\/p>\n<p>&nbsp;<\/p>\n<p>b) de obras e servi\u00e7os executados ou financiados pelo poder p\u00fablico que exijam acompanhamento e controle de setores t\u00e9cnicos especializados;<\/p>\n<p>&nbsp;<\/p>\n<p>III \u2013 levantamento e coleta de informa\u00e7\u00f5es de interesse estat\u00edstico, especialmente os voltados para a economia e a agropecu\u00e1ria;<\/p>\n<p>&nbsp;<\/p>\n<p>IV \u2013 Extens\u00e3o e assist\u00eancia t\u00e9cnica rural;<\/p>\n<p>&nbsp;<\/p>\n<p>V \u2013 topografia, pesquisa e saneamento;<\/p>\n<p>&nbsp;<\/p>\n<p>VI \u2013 Acompanhamento t\u00e9cnico-pedag\u00f3gico;<\/p>\n<p>&nbsp;<\/p>\n<p>VII \u2013 pesquisa, investiga\u00e7\u00e3o, dilig\u00eancia e a\u00e7\u00e3o policial ou correcional;<\/p>\n<p>&nbsp;<\/p>\n<p>VIII \u2013 prote\u00e7\u00e3o e defesa do consumidor;<\/p>\n<p>&nbsp;<\/p>\n<p>IX \u2013 Avalia\u00e7\u00e3o de bens de interesse da administra\u00e7\u00e3o p\u00fablica;<\/p>\n<p>&nbsp;<\/p>\n<p>X &#8211; Assist\u00eancia social e conselho tutelar;<\/p>\n<p>&nbsp;<\/p>\n<p>XI &#8211; instala\u00e7\u00e3o e manuten\u00e7\u00e3o de sistemas, redes, equipamentos, especialmente el\u00e9tricos, eletr\u00f4nicos, de telefonia e de inform\u00e1tica, bem como os relacionados com a comunica\u00e7\u00e3o de dados, sons, imagens e outras atividades vinculadas \u00e0 tecnologia da informa\u00e7\u00e3o;<\/p>\n<p>&nbsp;<\/p>\n<p>XII \u2013 programas de governo que ofertem a\u00e7\u00f5es e servi\u00e7os p\u00fablicos;<\/p>\n<p>&nbsp;<\/p>\n<p>XIII \u2013 treinamento e capacita\u00e7\u00e3o de pessoal;<\/p>\n<p>&nbsp;<\/p>\n<p>XIV \u2013 representa\u00e7\u00e3o judicial e extrajudicial; ou<\/p>\n<p>&nbsp;<\/p>\n<p>XV \u2013 Apoio administrativo \u00e0s unidades descentralizadas localizadas fora da sede do \u00f3rg\u00e3o ou da entidade.<\/p>\n<p>&nbsp;<\/p>\n<p><b>Par\u00e1grafo \u00fanico.<\/b>\u00a0O disposto neste artigo aplica-se ao benefici\u00e1rio que atuar diretamente na execu\u00e7\u00e3o das atividades listadas nele.<\/p>\n<p>&nbsp;<\/p>\n<p><b>Art. 6\u00ba. &#8211;<\/b>\u00a0As Di\u00e1rias s\u00e3o atribu\u00eddas nos valores constantes da \u201cTabela de Di\u00e1rias\u201d (Anexo I), para cobrir as despesas com hospedagem, alimenta\u00e7\u00e3o e locomo\u00e7\u00e3o no local do destino, sendo concedido em raz\u00e3o do:<\/p>\n<p>&nbsp;<\/p>\n<p><b>I \u2013 Do cargo, emprego ou fun\u00e7\u00e3o de:<\/b><\/p>\n<p>&nbsp;<\/p>\n<p>a) Execu\u00e7\u00e3o Superior:<\/p>\n<p>1 \u2013 Prefeito;<\/p>\n<p>\u2013 Vice-Prefeito.<\/p>\n<p>&nbsp;<\/p>\n<p>b) Execu\u00e7\u00e3o Program\u00e1tica:<\/p>\n<p>1 \u2013 Secret\u00e1rios;<\/p>\n<p>2 \u2013 Secret\u00e1rios Adjuntos;<\/p>\n<p>3 \u2013 Subsecret\u00e1rios;<\/p>\n<p>4 \u2013 Controlador (a) Geral;<\/p>\n<p>5 \u2013 Procurador (a) Geral.<\/p>\n<p>\u2013 Assessor T\u00e9cnico.<\/p>\n<p>&nbsp;<\/p>\n<p>c) Execu\u00e7\u00e3o Funcional:<\/p>\n<p>1 \u2013 Chefe de Gabinete;<\/p>\n<p>2 \u2013 Assessor Especial;<\/p>\n<p>3 \u2013 Assessor Jur\u00eddico;<\/p>\n<p>4 \u2013 Contador;<\/p>\n<p>5 \u2013 Diretor:<\/p>\n<p>\u2013 Vice Diretor.<\/p>\n<p>&nbsp;<\/p>\n<p>d) Execu\u00e7\u00e3o de Base:<\/p>\n<p>1 \u2013 Administrador:<\/p>\n<p>2 \u2013 Coordenador;<\/p>\n<p>3 \u2013 Subcoordenador;<\/p>\n<p>4 \u2013 Professor;<\/p>\n<p>\u2013 Cargos e Empregos de n\u00edvel Superior.<\/p>\n<p>&nbsp;<\/p>\n<p>e) Cargos\/Empregos de Apoio e Fun\u00e7\u00f5es Gratificadas:<\/p>\n<p>1 \u2013 Cargos e Empregos de n\u00edvel m\u00e9dio;<\/p>\n<p>2 \u2013 Cargos e Empregos de n\u00edvel elementar;<\/p>\n<p>3 \u2013 Fun\u00e7\u00f5es Gratificadas;<\/p>\n<p>4 \u2013 Demais servidores n\u00e3o especificados anteriormente.<\/p>\n<p>&nbsp;<\/p>\n<p><b>II \u2013 Da localidade do destino:<\/b><\/p>\n<p>&nbsp;<\/p>\n<p>a) Natal<\/p>\n<p>b) Mossor\u00f3, Caic\u00f3 e Pau dos Ferros;<\/p>\n<p>c) Demais cidades do Rio Grande do Norte;<\/p>\n<p>d) Bras\u00edlia;<\/p>\n<p>e) Outros Estados da Federa\u00e7\u00e3o;<\/p>\n<p>f) Exterior.<\/p>\n<p>&nbsp;<\/p>\n<p>\u00a7 1\u00ba A concess\u00e3o ser\u00e1 por dia de afastamento, sendo devida pela metade quando o deslocamento n\u00e3o exigir pernoite fora da sede.<\/p>\n<p>&nbsp;<\/p>\n<p>\u00a7 2\u00ba Ao colaborador eventual \u00e9 cab\u00edvel o recebimento de di\u00e1rias e de passagens na forma deste Decreto.<\/p>\n<p>&nbsp;<\/p>\n<p>\u00a7 3\u00ba Entre o pagamento de di\u00e1ria e a utiliza\u00e7\u00e3o de contrato com agenciador, caber\u00e1 ao \u00f3rg\u00e3o ou \u00e0 entidade optar pela solu\u00e7\u00e3o mais econ\u00f4mica e vi\u00e1vel, limitados os gastos com alimenta\u00e7\u00e3o e pousada, em qualquer caso, aos valores previstos no Anexo I deste Decreto.<\/p>\n<p>&nbsp;<\/p>\n<p>\u00a7 4\u00ba Conceder-se-\u00e1 metade das di\u00e1rias nos casos de afastamento do servidor de sua sede, em decorr\u00eancia de designa\u00e7\u00e3o formal para execu\u00e7\u00e3o de servi\u00e7os especiais fora da zona considerada urbana, tais como:<\/p>\n<p>&nbsp;<\/p>\n<p>I \u2013 Trabalho de campo;<\/p>\n<p>&nbsp;<\/p>\n<p>II \u2013 Campanhas de combate e controle de endemias;<\/p>\n<p>&nbsp;<\/p>\n<p>III \u2013 Servi\u00e7os de topografia;<\/p>\n<p>&nbsp;<\/p>\n<p>IV \u2013 Pesquisas;<\/p>\n<p>&nbsp;<\/p>\n<p>V \u2013 Vistorias.<\/p>\n<p>&nbsp;<\/p>\n<p>\u00a7 5\u00ba Nos casos em que o deslocamento da sede constituir exig\u00eancia permanente do cargo, o servidor n\u00e3o far\u00e1 jus \u00e0 di\u00e1ria.<\/p>\n<p>&nbsp;<\/p>\n<p><b>Art. 7\u00ba. &#8211;<\/b>\u00a0O valor das di\u00e1rias poder\u00e1 ser reajustado periodicamente, por ato do Prefeito Municipal.<\/p>\n<p>&nbsp;<\/p>\n<p>\u00a7 1\u00ba O contrato contemplar\u00e1, em conjunto ou separadamente:<\/p>\n<p>&nbsp;<\/p>\n<p>I \u2013 Hospedagem, incluindo ou n\u00e3o alimenta\u00e7\u00e3o; e<\/p>\n<p>&nbsp;<\/p>\n<p>II \u2013 Aquisi\u00e7\u00e3o de passagens, com ou sem traslado.<\/p>\n<p>&nbsp;<\/p>\n<p>\u00a7 2\u00ba N\u00e3o ser\u00e3o reembolsadas outras despesas n\u00e3o inclu\u00eddas no servi\u00e7o de hospedagem fornecido ao servidor.<\/p>\n<p>&nbsp;<\/p>\n<p>\u00a7 3\u00ba A contrata\u00e7\u00e3o do estabelecimento agenciador obedecer\u00e1 \u00e0 legisla\u00e7\u00e3o sobre licita\u00e7\u00f5es da administra\u00e7\u00e3o p\u00fablica municipal.<\/p>\n<p>&nbsp;<\/p>\n<p>\u00a7 4\u00ba Entre o pagamento de di\u00e1ria e a utiliza\u00e7\u00e3o de contrato com agenciador, caber\u00e1 ao \u00f3rg\u00e3o ou \u00e0 entidade optar pela solu\u00e7\u00e3o mais econ\u00f4mica e vi\u00e1vel, limitados os gastos com alimenta\u00e7\u00e3o e pousada, em qualquer caso, aos valores previstos no Anexo I deste Decreto.<\/p>\n<p>&nbsp;<\/p>\n<p><b>Art. 8\u00ba. &#8211;<\/b>\u00a0As di\u00e1rias, a indeniza\u00e7\u00e3o de transporte e a ajuda de custo n\u00e3o ser\u00e3o incorporadas ao vencimento, \u00e0 remunera\u00e7\u00e3o, aos proventos ou \u00e0 pens\u00e3o, tampouco ser\u00e3o consideradas no c\u00e1lculo de qualquer outra vantagem pecuni\u00e1ria.<\/p>\n<p>&nbsp;<\/p>\n<p><b>Art. 9\u00ba. &#8211;<\/b>\u00a0\u00c9 vedada a concess\u00e3o de di\u00e1ria:<\/p>\n<p>&nbsp;<\/p>\n<p>I \u2013 Durante o per\u00edodo de tr\u00e2nsito motivado por mudan\u00e7a e instala\u00e7\u00e3o em nova sede, na qual o servidor passe a ter exerc\u00edcio;<\/p>\n<p>&nbsp;<\/p>\n<p>II \u2013 Quando o servidor for removido de of\u00edcio ou nomeado para exercer cargo em comiss\u00e3o, no interesse da administra\u00e7\u00e3o, e passar a ter exerc\u00edcio em nova sede;<\/p>\n<p>&nbsp;<\/p>\n<p>III \u2013 quando as despesas com hospedagem, alimenta\u00e7\u00e3o e locomo\u00e7\u00e3o forem custeadas integralmente por outro ente da federa\u00e7\u00e3o, poder, entidades paraestatais ou demais entidades;<\/p>\n<p>&nbsp;<\/p>\n<p>IV \u2013 Quando o governo estrangeiro ou organismo internacional de que o Brasil participe ou com o qual coopere custear as despesas com pousada, alimenta\u00e7\u00e3o e locomo\u00e7\u00e3o urbana, em territ\u00f3rio nacional;<\/p>\n<p>&nbsp;<\/p>\n<p>V \u2013 Nos casos de afastamento legal do servidor;<\/p>\n<p>&nbsp;<\/p>\n<p>VI \u2013 Quando o deslocamento constituir exig\u00eancia permanente do cargo ou da fun\u00e7\u00e3o desenvolvida, ressalvadas as situa\u00e7\u00f5es especificadas no \u00a7 4\u00ba do art. 6\u00ba;<\/p>\n<p>&nbsp;<\/p>\n<p>VII \u2013 quando o benefici\u00e1rio se encontrar em gozo de f\u00e9rias ou licen\u00e7a;<\/p>\n<p>VIII \u2013 com o objetivo de remunerar outros servi\u00e7os ou encargos, sob pena de responsabilidade;<\/p>\n<p>&nbsp;<\/p>\n<p>IX \u2013 Quando n\u00e3o ocorrer pernoite e o afastamento da sede totalizar menos de quatro horas consecutivas;<\/p>\n<p>&nbsp;<\/p>\n<p>X \u2013 Concomitante com o recebimento de di\u00e1rias decorrentes de conv\u00eanio com outros entes federativos;<\/p>\n<p>&nbsp;<\/p>\n<p>XI \u2013 no deslocamento dentro da mesma regi\u00e3o metropolitana, aglomera\u00e7\u00e3o urbana ou microrregi\u00e3o, constitu\u00eddas por munic\u00edpios lim\u00edtrofes e regularmente institu\u00eddas, salvo se houver pernoite fora da sede.<\/p>\n<p>&nbsp;<\/p>\n<p><b>Par\u00e1grafo \u00fanico.<\/b>\u00a0As despesas com gastos n\u00e3o relacionados ao servi\u00e7o p\u00fablico n\u00e3o s\u00e3o reembols\u00e1veis.<\/p>\n<p>&nbsp;<\/p>\n<p><b>Art. 10\u00ba. &#8211;<\/b>\u00a0Em se tratando de viagem ao exterior em objeto de servi\u00e7o, as di\u00e1rias ser\u00e3o fixadas em d\u00f3lares americanos, em valores correspondentes \u00e0queles estabelecidos no Anexo I.<\/p>\n<p>&nbsp;<\/p>\n<p><b>Par\u00e1grafo \u00danico.<\/b>\u00a0As di\u00e1rias no exterior s\u00e3o calculadas de acordo com o n\u00famero de dias correspondentes ao evento para o qual foi designado o servidor, computando-se os dias de partida e chegada.<\/p>\n<p>&nbsp;<\/p>\n<p><b>Art. 11\u00ba. &#8211;<\/b>\u00a0As di\u00e1rias s\u00e3o pagas, antecipadamente, de uma s\u00f3 vez, exceto nas seguintes hip\u00f3teses:<\/p>\n<p>&nbsp;<\/p>\n<p>I \u2013 Em casos de emerg\u00eancia, quando poder\u00e3o ser processadas no decorrer do deslocamento;<\/p>\n<p>&nbsp;<\/p>\n<p>II \u2013 Quando o deslocamento compreender per\u00edodo superior a 15 (quinze) dias, ocasi\u00e3o em que poder\u00e3o ser pagas parceladamente.<\/p>\n<p>&nbsp;<\/p>\n<p>Art. 12. A concess\u00e3o de di\u00e1rias restringe-se ao per\u00edodo do exerc\u00edcio financeiro vigente, na data em que ocorrer a causa justificadora do deslocamento, n\u00e3o podendo exceder os limites dos recursos or\u00e7ament\u00e1rios dispon\u00edveis no elemento de despesa espec\u00edfico.<\/p>\n<p>&nbsp;<\/p>\n<p>\u00a7 1\u00ba As di\u00e1rias s\u00e3o concedidas pelo titular do \u00f3rg\u00e3o ou ente p\u00fablico ou ainda, por autoridade competente designada, observando-se, para esse fim, o formul\u00e1rio \u201cProposta e Concess\u00e3o de Di\u00e1rias \u2013 PCD\u201d (Anexo II) encaminhado pelo superior hier\u00e1rquico do servidor, com anteced\u00eancia m\u00ednima de 48 (quarenta e oito horas) da data prevista para o seu deslocamento, a fim de possibilitar a tramita\u00e7\u00e3o da ordem de pagamento em tempo h\u00e1bil.<\/p>\n<p>&nbsp;<\/p>\n<p>\u00a7 2\u00ba As propostas de concess\u00e3o de di\u00e1rias em s\u00e1bados, domingos e feriados devem ser fundamentadas, configurando a autoriza\u00e7\u00e3o de pagamento pelo ordenador de despesa a aceita\u00e7\u00e3o da justificativa do proponente.<\/p>\n<p>&nbsp;<\/p>\n<p>\u00a7 3\u00ba A concess\u00e3o de di\u00e1rias efetivar-se-\u00e1 mediante portaria expedida pela autoridade competente, contendo os seguintes elementos essenciais:<\/p>\n<p>&nbsp;<\/p>\n<p>I \u2013 N\u00famero de identifica\u00e7\u00e3o do formul\u00e1rio \u201cProposta e Concess\u00e3o de Di\u00e1ria PCD\u201d;<\/p>\n<p>&nbsp;<\/p>\n<p>II \u2013 nome, cargo, emprego, fun\u00e7\u00e3o e matr\u00edcula do servidor benefici\u00e1rio;<\/p>\n<p>&nbsp;<\/p>\n<p>III \u2013 descri\u00e7\u00e3o objetiva do servi\u00e7o a ser executado;<\/p>\n<p>&nbsp;<\/p>\n<p>IV \u2013 Indica\u00e7\u00e3o dos locais onde o servi\u00e7o ser\u00e1 realizado;<\/p>\n<p>&nbsp;<\/p>\n<p>V \u2013 O per\u00edodo prov\u00e1vel do afastamento;<\/p>\n<p>&nbsp;<\/p>\n<p>VI \u2013 Valor unit\u00e1rio, quantidades de di\u00e1rias e import\u00e2ncia total a ser paga.<\/p>\n<p>&nbsp;<\/p>\n<p>\u00a7 4\u00ba Na hip\u00f3tese de ser autorizada a prorroga\u00e7\u00e3o do prazo de afastamento, o servidor far\u00e1 jus \u00e0s di\u00e1rias correspondentes ao per\u00edodo adicional.<\/p>\n<p>&nbsp;<\/p>\n<p>\u00a7 5\u00ba Eventual impossibilidade de preenchimento de qualquer dos elementos essenciais previstos no \u00a73\u00ba do presente artigo dever\u00e1 ser devidamente justificada.<\/p>\n<p>&nbsp;<\/p>\n<p><b>CAP\u00cdTULO III<\/b><\/p>\n<p><b>DA PRESTA\u00c7\u00c3O DE CONTAS<\/b><\/p>\n<p>&nbsp;<\/p>\n<p><b>Art. 13\u00ba. &#8211;<\/b>\u00a0O servidor deve apresentar ao seu superior imediato no prazo de 05 (cinco) dias, contado do seu retorno, \u201cRelat\u00f3rio de Viagem &#8211; RV\u201d (Anexo III), o qual ser\u00e1 encaminhado ao \u00f3rg\u00e3o competente pelas finan\u00e7as do Munic\u00edpio, para efeito de controle da concess\u00e3o, da presta\u00e7\u00e3o de contas das despesas havidas e da disponibilidade or\u00e7ament\u00e1ria e financeira.<\/p>\n<p>&nbsp;<\/p>\n<p><b>Par\u00e1grafo \u00danico.<\/b>\u00a0O servidor que n\u00e3o apresentar o relat\u00f3rio de viagem na forma e no prazo estabelecido no\u00a0<i>caput<\/i>\u00a0deste artigo ficar\u00e1 impedido de receber novas di\u00e1rias, enquanto perdurar a irregularidade e passados 30 (trinta) dias ap\u00f3s o retorno, ser\u00e1 obrigado a restitu\u00ed-las, cabendo ao \u00f3rg\u00e3o competente pelas finan\u00e7as do Munic\u00edpio fiscalizar e controlar a observ\u00e2ncia do disposto neste par\u00e1grafo.<\/p>\n<p>&nbsp;<\/p>\n<p><b>Art. 14\u00ba.<\/b>\u00a0&#8211; O servidor que receber di\u00e1rias e n\u00e3o se afastar da sede ser\u00e1 obrigado a devolv\u00ea-las integralmente no primeiro dia \u00fatil ap\u00f3s 48 (quarenta e oito) horas contadas do seu recebimento.<\/p>\n<p>&nbsp;<\/p>\n<p>\u00a7 1\u00ba Na hip\u00f3tese de o servidor retornar \u00e0 sede em per\u00edodo menor do que o fixado ser\u00e1 obrigado a restituir as di\u00e1rias recebidas em excesso, no prazo previsto no\u00a0<i>caput\u00a0<\/i>deste artigo, contado do dia de retorno.<\/p>\n<p>&nbsp;<\/p>\n<p>\u00a7 2\u00ba As import\u00e2ncias restitu\u00eddas ou pagas \u00e0 maior, a t\u00edtulo de di\u00e1rias, ser\u00e3o recolhidas \u00e0 mesma conta a qual foi paga as di\u00e1rias, mediante Guia de Recolhimento que deve ser anexada ao \u201cRelat\u00f3rio de Viagem \u2013 RV\u201d.<\/p>\n<p>&nbsp;<\/p>\n<p>\u00a7 3\u00ba O servidor para cumprimento do par\u00e1grafo anterior dever\u00e1 procurar o \u00f3rg\u00e3o competente pelas finan\u00e7as do Munic\u00edpio, para obter informa\u00e7\u00f5es acerca da conta espec\u00edfica para devolver os valores recebidos a maior.<\/p>\n<p>&nbsp;<\/p>\n<p><b>Art. 15\u00ba. &#8211;<\/b>\u00a0O servidor anexar\u00e1 os documentos comprobat\u00f3rios das despesas realizadas, tais como:<\/p>\n<p>&nbsp;<\/p>\n<p>I \u2013 Notas fiscais, faturas ou cupons fiscais emitidos em seu nome e CPF por empresa localizada no(s) destino(s) ou no(s) trajeto(s) que comprovem a hospedagem, a alimenta\u00e7\u00e3o ou a locomo\u00e7\u00e3o;<\/p>\n<p>&nbsp;<\/p>\n<p>II \u2013 Ordem de tr\u00e1fego, se aplic\u00e1vel, devidamente validada pela \u00e1rea respons\u00e1vel do \u00f3rg\u00e3o ou da entidade, ou relat\u00f3rio de monitoramento eletr\u00f4nico de ve\u00edculos;<\/p>\n<p>&nbsp;<\/p>\n<p>III \u2013 registro de presen\u00e7a ou certificado de participa\u00e7\u00e3o em eventos;<\/p>\n<p>&nbsp;<\/p>\n<p>IV \u2013 Bilhete de passagem, cart\u00e3o de embarque, entre outros; ou<\/p>\n<p>&nbsp;<\/p>\n<p>V \u2013 Outros documentos julgados pertinentes pela chefia imediata.<\/p>\n<p>&nbsp;<\/p>\n<p><b>Art. 16\u00ba. &#8211;<\/b>\u00a0Os servidores ocupantes de cargo em comiss\u00e3o e efetivos, quando designados para acompanhar Secret\u00e1rios Municipais far\u00e3o jus \u00e0 percep\u00e7\u00e3o de di\u00e1rias quantificadas no mesmo valor fixado para os titulares, conforme Anexo I deste Decreto.<\/p>\n<p>&nbsp;<\/p>\n<p><b>Art. 17\u00ba. &#8211;<\/b>\u00a0Os Secret\u00e1rios Municipais, quando designados formalmente para acompanhar o Prefeito em viagens para fora do Munic\u00edpio de Lajes receber\u00e3o di\u00e1rias acrescidas de 1\/3 (um ter\u00e7o) dessas indeniza\u00e7\u00f5es.<\/p>\n<p>&nbsp;<\/p>\n<p><b>CAP\u00cdTULO VI<\/b><\/p>\n<p><b>DAS DISPOSI\u00c7\u00d5ES FINAIS E TRANSIT\u00d3RIAS<\/b><\/p>\n<p>&nbsp;<\/p>\n<p><b>Art. 18\u00ba. &#8211;<\/b>\u00a0Fica o \u00f3rg\u00e3o competente pela Administra\u00e7\u00e3o do Munic\u00edpio, autorizado a elaborar instru\u00e7\u00f5es normativas que se fizerem necess\u00e1rias \u00e0 execu\u00e7\u00e3o deste Decreto.<\/p>\n<p>&nbsp;<\/p>\n<p><b>Art. 19\u00ba. &#8211;<\/b>\u00a0O ato de concess\u00e3o praticado em desacordo com o disposto neste Decreto ser\u00e1 declarado nulo e a autoridade que tiver ci\u00eancia da irregularidade dever\u00e1 apurar, de imediato, as responsabilidades, para a aplica\u00e7\u00e3o da penalidade administrativa correspondente e a reposi\u00e7\u00e3o ao er\u00e1rio dos valores percebidos indevidamente, sem preju\u00edzo das san\u00e7\u00f5es penais cab\u00edveis.<\/p>\n<p>&nbsp;<\/p>\n<p><b>Art. 20\u00ba. &#8211;<\/b>\u00a0Respondem pelos atos praticados em desacordo com o disposto neste Decreto, nos limites de sua compet\u00eancia, o ordenador de despesa, o chefe imediato e o benefici\u00e1rio da di\u00e1ria.<\/p>\n<p>&nbsp;<\/p>\n<p><b>Art. 21\u00ba. &#8211;<\/b>\u00a0Este Decreto entra em vigor na data de sua publica\u00e7\u00e3o, revogadas todas as disposi\u00e7\u00f5es em contr\u00e1rio.<\/p>\n<p>&nbsp;<\/p>\n<p><b>Gabinete do Prefeito Municipal de Lajes\/RN, em 10 de agosto de 2021<\/b><\/p>\n<p>&nbsp;<\/p>\n<p><b><i>FELIPE FERREIRA DE MENEZES ARA\u00daJO<\/i><\/b><\/p>\n<p>Prefeito Municipal<\/p>\n<p>&nbsp;<\/p>\n<p><b>ANEXO I<\/b><\/p>\n<p><b>TABELA DE DI\u00c1RIAS<\/b><\/p>\n<p>&nbsp;<\/p>\n<table class=\"mat\" border=\"1\" cellspacing=\"0\" cellpadding=\"0\" align=\"left\">\n<tbody>\n<tr>\n<td width=\"300\"><b>LOCALIDADE<\/b><\/p>\n<p><b>(Inciso II do art. 3\u00ba)<\/b><\/td>\n<td colspan=\"5\" width=\"429\"><b>CARGO, EMPREGO E FUN\u00c7\u00c3O<\/b><\/p>\n<p><b>(al\u00edneas do Inciso I do art. 3\u00ba)<\/b><\/p>\n<p>&nbsp;<\/td>\n<\/tr>\n<tr>\n<td width=\"300\">&nbsp;<\/td>\n<td width=\"87\"><b>A<\/b><\/td>\n<td width=\"83\"><b>b<\/b><\/td>\n<td width=\"83\"><b>c<\/b><\/td>\n<td width=\"95\"><b>d<\/b><\/td>\n<td width=\"83\"><b>e<\/b><\/td>\n<\/tr>\n<tr>\n<td width=\"300\">Natal<\/td>\n<td width=\"87\">400,00<\/td>\n<td width=\"83\">270,00<\/td>\n<td width=\"83\">200,00<\/td>\n<td width=\"95\">160,00<\/td>\n<td width=\"83\">140,00<\/td>\n<\/tr>\n<tr>\n<td width=\"300\">Mossor\u00f3, Caic\u00f3 e Pau dos Ferros.<\/td>\n<td width=\"87\">300,00<\/td>\n<td width=\"83\">220,00<\/td>\n<td width=\"83\">170,00<\/td>\n<td width=\"95\">150,00<\/td>\n<td width=\"83\">120,00<\/td>\n<\/tr>\n<tr>\n<td width=\"300\">Demais Cidades do RN<\/td>\n<td width=\"87\">200,00<\/td>\n<td width=\"83\">140,00<\/td>\n<td width=\"83\">120,00<\/td>\n<td width=\"95\">90,00<\/td>\n<td width=\"83\">80,00<\/td>\n<\/tr>\n<tr>\n<td width=\"300\">Bras\u00edlia<\/td>\n<td width=\"87\">700,00<\/td>\n<td width=\"83\">560,00<\/td>\n<td width=\"83\">420,00<\/td>\n<td width=\"95\">340,00<\/td>\n<td width=\"83\">260,00<\/td>\n<\/tr>\n<tr>\n<td width=\"300\">Demais Estados do pa\u00eds<\/td>\n<td width=\"87\">600,00<\/td>\n<td width=\"83\">450,00<\/td>\n<td width=\"83\">380,00<\/td>\n<td width=\"95\">300,00<\/td>\n<td width=\"83\">230,00<\/td>\n<\/tr>\n<tr>\n<td width=\"300\">Exterior (US$)<\/td>\n<td width=\"87\">600,00<\/td>\n<td width=\"83\">600,00<\/td>\n<td width=\"83\">315,00<\/td>\n<td width=\"95\">260,00<\/td>\n<td width=\"83\">200,00<\/td>\n<\/tr>\n<\/tbody>\n<\/table>\n<p>&nbsp;<\/p>\n<p><b>ANEXO II<\/b><\/p>\n<p><b>PROPOSTA DE CONCESS\u00c3O DE DI\u00c1RIAS (PCD)<\/b><\/p>\n<p>&nbsp;<\/p>\n<p><b>PCD N\u00ba _______\/2021.<\/b><\/p>\n<p>&nbsp;<\/p>\n<table class=\"mat\" border=\"1\" cellspacing=\"0\" cellpadding=\"0\" align=\"left\">\n<tbody>\n<tr>\n<td colspan=\"8\" width=\"727\"><b>1 \u2013 BASE LEGAL: Decreto N\u00ba xxxxxxx<\/b><\/td>\n<\/tr>\n<tr>\n<td colspan=\"8\" width=\"727\"><b>2 \u2013 IDENTIFICA\u00c7\u00c3O DO PROPONENTE: (Chefe Imediato)<\/b><\/p>\n<p><b>Matr\u00edcula:<\/b><\/p>\n<p><b>Nome:<\/b><\/p>\n<p><b>Cargo:<\/b><\/td>\n<\/tr>\n<tr>\n<td colspan=\"8\" width=\"727\">&nbsp;<\/p>\n<p><b>3 \u2013 INFORMA\u00c7\u00d5ES GERAIS DA PROPOSTA E CONCESS\u00c3O DE DI\u00c1RIAS:<\/b><\/p>\n<p><b>3.1 \u2013 Tipo do PCD: () INDIVIDUAL<\/b><\/p>\n<p><b>() COLETIVA<\/b><\/p>\n<p><b>3.2 \u2013 Transporte: () A\u00c9REO<\/b><\/p>\n<p><b>Empresa:<\/b><\/p>\n<p><b>N\u00ba do Voo:<\/b><\/p>\n<p><b>() RODOVI\u00c1RIO<\/b><\/p>\n<p><b>Tipo do Ve\u00edculo: () P\u00daBLICO () PRIVADO<\/b><\/p>\n<p><b>Modelo do Ve\u00edculo:<\/b><\/p>\n<p><b>Placa do Ve\u00edculo:<\/b><\/p>\n<p><b>3.3 \u2013 Motivo:<\/b><\/td>\n<\/tr>\n<tr>\n<td colspan=\"8\" width=\"727\"><b>4 \u2013 QUANTIDADE DE DI\u00c1RIAS:<\/b><\/p>\n<p><b>() \u00bd, () 1, () 1\u00b9\/\u00b2, () 2, () 2\u00b9\/\u00b2, () 3, () 3\u00b9\/\u00b2, () 4, () 4\u00b9\/\u00b9, () Outros: _______<\/b><\/p>\n<p>&nbsp;<\/td>\n<\/tr>\n<tr>\n<td colspan=\"8\" width=\"727\"><b>5 \u2013 VALOR DA DI\u00c1RIA: R$________________<\/b><\/p>\n<p>&nbsp;<\/td>\n<\/tr>\n<tr>\n<td colspan=\"8\" width=\"727\"><b>6 \u2013 BENEFICI\u00c1RIO (Equipe de Viagem)<\/b><\/p>\n<p>&nbsp;<\/td>\n<\/tr>\n<tr>\n<td width=\"45\"><b>Mat.<\/b><\/td>\n<td width=\"164\"><b>Nome<\/b><\/td>\n<td width=\"160\"><b>Cargo\/Emprego\/Fun\u00e7\u00e3o<\/b><\/td>\n<td width=\"54\"><b>Banco<\/b><\/td>\n<td width=\"64\"><b>Ag\u00eancia<\/b><\/td>\n<td width=\"54\"><b>Conta<\/b><\/td>\n<td width=\"117\"><b>CPF<\/b><\/td>\n<td width=\"69\"><b>Valor<\/b><\/td>\n<\/tr>\n<tr>\n<td width=\"45\">&nbsp;<\/td>\n<td width=\"164\">&nbsp;<\/td>\n<td width=\"160\">&nbsp;<\/td>\n<td width=\"54\">&nbsp;<\/td>\n<td width=\"64\">&nbsp;<\/td>\n<td width=\"54\">&nbsp;<\/td>\n<td width=\"117\">&nbsp;<\/td>\n<td width=\"69\">&nbsp;<\/td>\n<\/tr>\n<tr>\n<td width=\"45\">&nbsp;<\/td>\n<td width=\"164\">&nbsp;<\/td>\n<td width=\"160\">&nbsp;<\/td>\n<td width=\"54\">&nbsp;<\/td>\n<td width=\"64\">&nbsp;<\/td>\n<td width=\"54\">&nbsp;<\/td>\n<td width=\"117\">&nbsp;<\/td>\n<td width=\"69\">&nbsp;<\/td>\n<\/tr>\n<tr>\n<td width=\"45\">&nbsp;<\/td>\n<td width=\"164\">&nbsp;<\/td>\n<td width=\"160\">&nbsp;<\/td>\n<td width=\"54\">&nbsp;<\/td>\n<td width=\"64\">&nbsp;<\/td>\n<td width=\"54\">&nbsp;<\/td>\n<td width=\"117\">&nbsp;<\/td>\n<td width=\"69\">&nbsp;<\/td>\n<\/tr>\n<tr>\n<td width=\"45\">&nbsp;<\/td>\n<td width=\"164\">&nbsp;<\/td>\n<td width=\"160\">&nbsp;<\/td>\n<td width=\"54\">&nbsp;<\/td>\n<td width=\"64\">&nbsp;<\/td>\n<td width=\"54\">&nbsp;<\/td>\n<td width=\"117\">&nbsp;<\/td>\n<td width=\"69\">&nbsp;<\/td>\n<\/tr>\n<tr>\n<td colspan=\"8\" width=\"727\"><b>7 \u2013 DESCRI\u00c7\u00c3O CLARA E SUCINTA DO SERVI\u00c7O A SER EXECUTADO: (Objetivo da Viagem): _________________________________________________________________<\/b><\/p>\n<p><b>____________________________________________________________________________<\/b><\/p>\n<p><b>___________________________________________________________________________.<\/b><\/td>\n<\/tr>\n<tr>\n<td colspan=\"8\" width=\"727\"><b>8 \u2013 DESTINO: (Local onde o servi\u00e7o ser\u00e1 executado\/prestado\/realizado)<\/b><\/p>\n<p><b>Cidade:<\/b><\/p>\n<p><b>Estado:<\/b><\/td>\n<\/tr>\n<tr>\n<td colspan=\"8\" width=\"727\"><b>9 \u2013 PER\u00cdODO DO AFASTAMENTO:<\/b><\/p>\n<p><b>Data da sa\u00edda:<\/b><\/p>\n<p><b>Hora da sa\u00edda:<\/b><\/p>\n<p><b>Data da Chegada:<\/b><\/p>\n<p><b>Hora da chegada:<\/b><\/td>\n<\/tr>\n<tr>\n<td colspan=\"8\" width=\"727\"><b>10 \u2013 OUTRAS INFORMA\u00c7\u00d5ES: (Inclusive justificativa para viagens em feriados e fins de semana)<\/b><\/td>\n<\/tr>\n<tr>\n<td colspan=\"8\" width=\"727\"><b>11 \u2013 FONTE DE RECURSOS:<\/b><\/p>\n<p><b>() FPM<\/b><\/p>\n<p><b>() ICMS<\/b><\/p>\n<p><b>() ISS<\/b><\/p>\n<p><b>() OUTROS<\/b><\/p>\n<p><b>12 \u2013 VALOR TOTAL DO (PCD):<\/b><\/p>\n<p><b>R$_______________<\/b><\/td>\n<\/tr>\n<\/tbody>\n<\/table>\n<p>&nbsp;<\/p>\n<p><b>ANEXO III<\/b><\/p>\n<p><b>RELAT\u00d3RIO DE VIAGEM (RV)<\/b><\/p>\n<p><b>RV N\u00ba ___\/2021<\/b><\/p>\n<p>&nbsp;<\/p>\n<table class=\"mat\" border=\"1\" cellspacing=\"0\" cellpadding=\"0\" align=\"left\">\n<tbody>\n<tr>\n<td colspan=\"4\" width=\"727\"><b>PROCESSO N\u00b0 000\/2021 \u2013 PCD N\u00ba 00\/2021.<\/b><\/td>\n<\/tr>\n<tr>\n<td width=\"281\"><b>Unidade Solicitante:<\/b><\/td>\n<td colspan=\"3\" width=\"446\">&nbsp;<\/td>\n<\/tr>\n<tr>\n<td width=\"281\"><b>Munic\u00edpio:<\/b><\/td>\n<td colspan=\"3\" width=\"446\">&nbsp;<\/td>\n<\/tr>\n<tr>\n<td width=\"281\"><b>NOME<\/b><\/td>\n<td width=\"112\"><b>MATR\u00cdCULA<\/b><\/td>\n<td width=\"202\"><b>CARGO\/FUN\u00c7\u00c3O<\/b><\/td>\n<td width=\"132\"><b>ASSINATURA<\/b><\/td>\n<\/tr>\n<tr>\n<td width=\"281\">&nbsp;<\/td>\n<td width=\"112\">&nbsp;<\/td>\n<td width=\"202\">&nbsp;<\/td>\n<td width=\"132\">&nbsp;<\/td>\n<\/tr>\n<tr>\n<td width=\"281\">&nbsp;<\/td>\n<td width=\"112\">&nbsp;<\/td>\n<td width=\"202\">&nbsp;<\/td>\n<td width=\"132\">&nbsp;<\/td>\n<\/tr>\n<tr>\n<td width=\"281\">&nbsp;<\/td>\n<td width=\"112\">&nbsp;<\/td>\n<td width=\"202\">&nbsp;<\/td>\n<td width=\"132\">&nbsp;<\/td>\n<\/tr>\n<tr>\n<td width=\"281\">&nbsp;<\/td>\n<td width=\"112\">&nbsp;<\/td>\n<td width=\"202\">&nbsp;<\/td>\n<td width=\"132\">&nbsp;<\/td>\n<\/tr>\n<tr>\n<td width=\"281\">&nbsp;<\/td>\n<td width=\"112\">&nbsp;<\/td>\n<td width=\"202\">&nbsp;<\/td>\n<td width=\"132\">&nbsp;<\/td>\n<\/tr>\n<tr>\n<td colspan=\"4\" width=\"727\"><b>Per\u00edodo:<\/b><\/td>\n<\/tr>\n<tr>\n<td colspan=\"4\" width=\"727\"><b>SERVI\u00c7O EXECUTADO:<\/b><\/td>\n<\/tr>\n<tr>\n<td colspan=\"4\" width=\"727\">&nbsp;<\/td>\n<\/tr>\n<tr>\n<td colspan=\"4\" width=\"727\">&nbsp;<\/td>\n<\/tr>\n<tr>\n<td colspan=\"4\" width=\"727\">&nbsp;<\/td>\n<\/tr>\n<tr>\n<td colspan=\"4\" width=\"727\">&nbsp;<\/td>\n<\/tr>\n<tr>\n<td colspan=\"4\" width=\"727\">&nbsp;<\/td>\n<\/tr>\n<tr>\n<td colspan=\"4\" width=\"727\"><b>DECLARA\u00c7\u00c3O<\/b><\/p>\n<p><b>Declaro (amos) sob pena, da lei para os fins de comprova\u00e7\u00e3o e presta\u00e7\u00e3o de contas relativa \u00e0 concess\u00e3o de PCD N\u00ba 00\/2021, que cumpri o objetivo especificado na concess\u00e3o da (as) di\u00e1rias.<\/b><\/p>\n<p><b>Lajes\/RN, XX de XXXX de XXXX.<\/b><\/p>\n<p><b>Assinatura e Carimbo\/Servidor<\/b><\/td>\n<\/tr>\n<tr>\n<td colspan=\"4\" width=\"727\"><b>DESPACHO DO PROPONENTE<\/b><\/p>\n<p><b>Tendo em vista que o servidor cumpriu o objetivo preposto na concess\u00e3o da Di\u00e1ria (as), aprovo o relat\u00f3rio de viagem e encaminho a Secretaria de Planejamento e Finan\u00e7as, para dar baixa na responsabilidade do servidor e arquivo do processo.\u00a0<\/b><\/p>\n<p><b>Lajes RN, XX de XXXX de XXXX.<\/b><\/p>\n<p><b>Nome\/Assinatura\/Carimbo do Proponente<\/b><\/td>\n<\/tr>\n<\/tbody>\n<\/table>\n<p>&nbsp;<\/p>\n<p><b>Gabinete do Prefeito Municipal de Lajes\/RN, em 20 de janeiro de 2022.<\/b><\/p>\n<p>&nbsp;<\/p>\n<p><b><i>FELIPE FERREIRA DE MENEZES ARA\u00daJO<\/i><\/b><\/p>\n<p>Prefeito Municipal<\/p>\n<\/div>\n<div class=\"pdfprnt-buttons pdfprnt-buttons-post pdfprnt-bottom-right\"><a href=\"https:\/\/lajes.rn.gov.br\/transparente\/index\/wp-json\/wp\/v2\/posts\/24701?print=pdf\" class=\"pdfprnt-button pdfprnt-button-pdf\" target=\"_blank\" ><img decoding=\"async\" src=\"https:\/\/lajes.rn.gov.br\/transparente\/index\/wp-content\/plugins\/pdf-print\/images\/pdf.png\" alt=\"image_pdf\" title=\"Ver PDF\" \/><\/a><a href=\"https:\/\/lajes.rn.gov.br\/transparente\/index\/wp-json\/wp\/v2\/posts\/24701?print=print\" class=\"pdfprnt-button pdfprnt-button-print\" target=\"_blank\" ><img decoding=\"async\" src=\"https:\/\/lajes.rn.gov.br\/transparente\/index\/wp-content\/plugins\/pdf-print\/images\/print.png\" alt=\"image_print\" title=\"Conte\u00fado de impress\u00e3o\" \/><\/a><\/div>","protected":false},"excerpt":{"rendered":"<p>ESTADO DO RIO GRANDE DO NORTE PREFEITURA MUNICIPAL DE LAJES GABINETE DO PREFEITO DECRETO MUNICIPAL N\u00ba 032\/2021 \u2013 GP Disp\u00f5e sobre a concess\u00e3o de di\u00e1rias na administra\u00e7\u00e3o p\u00fablica municipal, e d\u00e1 outras provid\u00eancias. &nbsp; O PREFEITO MUNICIPAL DE LAJES, ESTADO DO RIO GRANDE DO NORTE,\u00a0usando de suas atribui\u00e7\u00f5es que lhe confere a Lei Org\u00e2nica Municipal, [&hellip;]<\/p>\n","protected":false},"author":3,"featured_media":0,"comment_status":"closed","ping_status":"closed","sticky":false,"template":"","format":"standard","meta":{"ocean_post_layout":"","ocean_both_sidebars_style":"","ocean_both_sidebars_content_width":0,"ocean_both_sidebars_sidebars_width":0,"ocean_sidebar":"","ocean_second_sidebar":"","ocean_disable_margins":"enable","ocean_add_body_class":"","ocean_shortcode_before_top_bar":"","ocean_shortcode_after_top_bar":"","ocean_shortcode_before_header":"","ocean_shortcode_after_header":"","ocean_has_shortcode":"","ocean_shortcode_after_title":"","ocean_shortcode_before_footer_widgets":"","ocean_shortcode_after_footer_widgets":"","ocean_shortcode_before_footer_bottom":"","ocean_shortcode_after_footer_bottom":"","ocean_display_top_bar":"default","ocean_display_header":"default","ocean_header_style":"","ocean_center_header_left_menu":"","ocean_custom_header_template":"","ocean_custom_logo":0,"ocean_custom_retina_logo":0,"ocean_custom_logo_max_width":0,"ocean_custom_logo_tablet_max_width":0,"ocean_custom_logo_mobile_max_width":0,"ocean_custom_logo_max_height":0,"ocean_custom_logo_tablet_max_height":0,"ocean_custom_logo_mobile_max_height":0,"ocean_header_custom_menu":"","ocean_menu_typo_font_family":"","ocean_menu_typo_font_subset":"","ocean_menu_typo_font_size":0,"ocean_menu_typo_font_size_tablet":0,"ocean_menu_typo_font_size_mobile":0,"ocean_menu_typo_font_size_unit":"px","ocean_menu_typo_font_weight":"","ocean_menu_typo_font_weight_tablet":"","ocean_menu_typo_font_weight_mobile":"","ocean_menu_typo_transform":"","ocean_menu_typo_transform_tablet":"","ocean_menu_typo_transform_mobile":"","ocean_menu_typo_line_height":0,"ocean_menu_typo_line_height_tablet":0,"ocean_menu_typo_line_height_mobile":0,"ocean_menu_typo_line_height_unit":"","ocean_menu_typo_spacing":0,"ocean_menu_typo_spacing_tablet":0,"ocean_menu_typo_spacing_mobile":0,"ocean_menu_typo_spacing_unit":"","ocean_menu_link_color":"","ocean_menu_link_color_hover":"","ocean_menu_link_color_active":"","ocean_menu_link_background":"","ocean_menu_link_hover_background":"","ocean_menu_link_active_background":"","ocean_menu_social_links_bg":"","ocean_menu_social_hover_links_bg":"","ocean_menu_social_links_color":"","ocean_menu_social_hover_links_color":"","ocean_disable_title":"default","ocean_disable_heading":"default","ocean_post_title":"","ocean_post_subheading":"","ocean_post_title_style":"","ocean_post_title_background_color":"","ocean_post_title_background":0,"ocean_post_title_bg_image_position":"","ocean_post_title_bg_image_attachment":"","ocean_post_title_bg_image_repeat":"","ocean_post_title_bg_image_size":"","ocean_post_title_height":0,"ocean_post_title_bg_overlay":0.5,"ocean_post_title_bg_overlay_color":"","ocean_disable_breadcrumbs":"default","ocean_breadcrumbs_color":"","ocean_breadcrumbs_separator_color":"","ocean_breadcrumbs_links_color":"","ocean_breadcrumbs_links_hover_color":"","ocean_display_footer_widgets":"default","ocean_display_footer_bottom":"default","ocean_custom_footer_template":"","ocean_post_oembed":"","ocean_post_self_hosted_media":"","ocean_post_video_embed":"","ocean_link_format":"","ocean_link_format_target":"self","ocean_quote_format":"","ocean_quote_format_link":"post","ocean_gallery_link_images":"on","ocean_gallery_id":[],"footnotes":""},"categories":[38,42,2],"tags":[],"class_list":["post-24701","post","type-post","status-publish","format-standard","hentry","category-decretos","category-decretos-2021","category-legislacao","entry"],"_links":{"self":[{"href":"https:\/\/lajes.rn.gov.br\/transparente\/index\/wp-json\/wp\/v2\/posts\/24701","targetHints":{"allow":["GET"]}}],"collection":[{"href":"https:\/\/lajes.rn.gov.br\/transparente\/index\/wp-json\/wp\/v2\/posts"}],"about":[{"href":"https:\/\/lajes.rn.gov.br\/transparente\/index\/wp-json\/wp\/v2\/types\/post"}],"author":[{"embeddable":true,"href":"https:\/\/lajes.rn.gov.br\/transparente\/index\/wp-json\/wp\/v2\/users\/3"}],"replies":[{"embeddable":true,"href":"https:\/\/lajes.rn.gov.br\/transparente\/index\/wp-json\/wp\/v2\/comments?post=24701"}],"version-history":[{"count":1,"href":"https:\/\/lajes.rn.gov.br\/transparente\/index\/wp-json\/wp\/v2\/posts\/24701\/revisions"}],"predecessor-version":[{"id":24702,"href":"https:\/\/lajes.rn.gov.br\/transparente\/index\/wp-json\/wp\/v2\/posts\/24701\/revisions\/24702"}],"wp:attachment":[{"href":"https:\/\/lajes.rn.gov.br\/transparente\/index\/wp-json\/wp\/v2\/media?parent=24701"}],"wp:term":[{"taxonomy":"category","embeddable":true,"href":"https:\/\/lajes.rn.gov.br\/transparente\/index\/wp-json\/wp\/v2\/categories?post=24701"},{"taxonomy":"post_tag","embeddable":true,"href":"https:\/\/lajes.rn.gov.br\/transparente\/index\/wp-json\/wp\/v2\/tags?post=24701"}],"curies":[{"name":"wp","href":"https:\/\/api.w.org\/{rel}","templated":true}]}}